{"id":11854,"date":"2016-07-21T20:05:52","date_gmt":"2016-07-21T20:05:52","guid":{"rendered":"https:\/\/atravesdelasescrituras.com\/?p=11854"},"modified":"2016-07-21T20:05:55","modified_gmt":"2016-07-21T20:05:55","slug":"senales-del-fin-2-luces-amarillas-y-alertas-rojas","status":"publish","type":"post","link":"https:\/\/atravesdelasescrituras.com\/es_es\/2016\/07\/21\/senales-del-fin-2-luces-amarillas-y-alertas-rojas\/","title":{"rendered":"Se\u00f1ales del fin 2 &#8211; Luces amarillas y alertas rojas"},"content":{"rendered":"<p>&nbsp;<\/p>\n<p><span class=\"embed-youtube\" style=\"text-align:center; display: block;\"><iframe class=\"youtube-player\" width=\"1870\" height=\"1052\" src=\"https:\/\/www.youtube.com\/embed\/fZFvWXxGT2s?version=3&#038;rel=1&#038;showsearch=0&#038;showinfo=1&#038;iv_load_policy=1&#038;fs=1&#038;hl=es-ES&#038;autohide=2&#038;wmode=transparent\" allowfullscreen=\"true\" style=\"border:0;\" sandbox=\"allow-scripts allow-same-origin allow-popups allow-presentation allow-popups-to-escape-sandbox\"><\/iframe><\/span><\/p>\n","protected":false},"excerpt":{"rendered":"<p>&nbsp;<\/p>\n","protected":false},"author":80235555,"featured_media":0,"comment_status":"open","ping_status":"open","sticky":false,"template":"","format":"standard","meta":{"_coblocks_attr":"","_coblocks_dimensions":"","_coblocks_responsive_height":"","_coblocks_accordion_ie_support":"","_gspb_post_css":"","advanced_seo_description":"","jetpack_seo_html_title":"","jetpack_seo_noindex":false,"jetpack_seo_schema_type":"","_jetpack_newsletter_access":"","_jetpack_dont_email_post_to_subs":false,"_jetpack_newsletter_tier_id":0,"_jetpack_memberships_contains_paywalled_content":false,"_wpcom_ai_launchpad_first_post":false,"_jetpack_feature_clip_id":0,"_jetpack_memberships_contains_paid_content":false,"footnotes":"","jetpack_publicize_message":"","jetpack_publicize_feature_enabled":true,"jetpack_social_post_already_shared":false,"jetpack_social_options":{"image_generator_settings":{"template":"highway","default_image_id":0,"font":"","enabled":false},"version":2},"jetpack_post_was_ever_published":false},"categories":[1790,1149],"tags":[1968524,11048403],"class_list":["post-11854","post","type-post","status-publish","format-standard","hentry","category-otros","category-videos","tag-senales-del-fin","tag-tiempos-del-fin"],"blocksy_meta":{"styles_descriptor":{"styles":{"desktop":"","tablet":"","mobile":""},"google_fonts":[],"version":7}},"jetpack_publicize_connections":[],"jetpack_likes_enabled":true,"jetpack_sharing_enabled":true,"jetpack_shortlink":"https:\/\/wp.me\/p5HWJ5-35c","jetpack-related-posts":[{"id":39926,"url":"https:\/\/atravesdelasescrituras.com\/es_es\/2018\/10\/24\/6-restauracion-de-israel-fin\/","url_meta":{"origin":11854,"position":0},"title":"6. Restauraci\u00f3n de Israel &#8211; Fin","author":"Daniel L\u00f3pez","date":"24 Oct 2018","format":false,"excerpt":"En este ultimo video veremos diferentes pasajes en los que hace alusi\u00f3n a la restauraci\u00f3n de todas las cosas y la restauraci\u00f3n como naci\u00f3n a Israel (las 12 tribus) y como es parte de las ultimas profec\u00edas de la Escritura antes del fin de los tiempos. Mas info en: www.atravesdelasescrituras.com\u2026","rel":"","context":"En \u00abEstudios B\u00edblicos\u00bb","block_context":{"text":"Estudios B\u00edblicos","link":"https:\/\/atravesdelasescrituras.com\/es_es\/category\/estudios-biblicos\/"},"img":{"alt_text":"","src":"https:\/\/i0.wp.com\/img.youtube.com\/vi\/bP30HtfP7d0\/0.jpg?resize=350%2C200","width":350,"height":200},"classes":[]},{"id":40696,"url":"https:\/\/atravesdelasescrituras.com\/es_es\/2019\/06\/29\/estudios-sobre-la-carta-a-los-galatas-eric-de-jesus-rodriguez-mendoza\/","url_meta":{"origin":11854,"position":1},"title":"Estudios sobre la carta a los G\u00e1latas &#8211; Eric de Jes\u00fas Rodriguez Mendoza","author":"Daniel L\u00f3pez","date":"29 Jun 2019","format":"gallery","excerpt":"Entendiendo a profundidad la carta a los G\u00e1latas con el maestro Eric de Jes\u00fas, una carta muy malentendida por el mundo creyente y vital en la comprensi\u00f3n de los escritos apostolicos en los que nos adentraremos a profundidad en la historia, gramatica, cultura y escrituras analizando uno a uno los\u2026","rel":"","context":"En \u00abEstudios\u00bb","block_context":{"text":"Estudios","link":"https:\/\/atravesdelasescrituras.com\/es_es\/category\/videos\/estudios\/"},"img":{"alt_text":"","src":"https:\/\/i0.wp.com\/atravesdelasescrituras.com\/wp-content\/uploads\/2019\/06\/carta-a-los-gc3a1latas-estudio.jpg?fit=1200%2C514&ssl=1&resize=350%2C200","width":350,"height":200,"srcset":"https:\/\/i0.wp.com\/atravesdelasescrituras.com\/wp-content\/uploads\/2019\/06\/carta-a-los-gc3a1latas-estudio.jpg?fit=1200%2C514&ssl=1&resize=350%2C200 1x, https:\/\/i0.wp.com\/atravesdelasescrituras.com\/wp-content\/uploads\/2019\/06\/carta-a-los-gc3a1latas-estudio.jpg?fit=1200%2C514&ssl=1&resize=525%2C300 1.5x, https:\/\/i0.wp.com\/atravesdelasescrituras.com\/wp-content\/uploads\/2019\/06\/carta-a-los-gc3a1latas-estudio.jpg?fit=1200%2C514&ssl=1&resize=700%2C400 2x, https:\/\/i0.wp.com\/atravesdelasescrituras.com\/wp-content\/uploads\/2019\/06\/carta-a-los-gc3a1latas-estudio.jpg?fit=1200%2C514&ssl=1&resize=1050%2C600 3x"},"classes":[]},{"id":40318,"url":"https:\/\/atravesdelasescrituras.com\/es_es\/2019\/04\/12\/pesaj-la-cita-de-nuestra-liberacion\/","url_meta":{"origin":11854,"position":2},"title":"Pesaj &#8211; La cita de nuestra liberaci\u00f3n","author":"Daniel L\u00f3pez","date":"12 Abr 2019","format":false,"excerpt":"Lev 23:1 Habl\u00f3 el SE\u00d1OR a Mois\u00e9s, diciendo: Lev 23:2 Habla a los hijos de Israel y diles: \"Las fiestas se\u00f1aladas del SE\u00d1OR, que vosotros habr\u00e9is de proclamar como santas convocaciones Mas info en: www.beneytzion.wordpress.com y en el correo: Kehilabeneytzion@gmail.com https:\/\/www.youtube.com\/watch?v=3NtP6PQAAso","rel":"","context":"En \u00abMis videos\u00bb","block_context":{"text":"Mis videos","link":"https:\/\/atravesdelasescrituras.com\/es_es\/category\/videos\/mis-videos\/"},"img":{"alt_text":"","src":"https:\/\/i0.wp.com\/img.youtube.com\/vi\/3NtP6PQAAso\/0.jpg?resize=350%2C200","width":350,"height":200},"classes":[]},{"id":23185,"url":"https:\/\/atravesdelasescrituras.com\/es_es\/2016\/10\/02\/evidencias-arqueologicas\/","url_meta":{"origin":11854,"position":3},"title":"5. Evidencias arqueologicas","author":"Daniel L\u00f3pez","date":"2 Oct 2016","format":"gallery","excerpt":"No cabe duda que ningu\u0301n otro libro de los que se consideran como sagrados ha sido ma\u0301s atacado y controvertido que la Biblia. Muchos de sus cri\u0301ticos argumentan que hubo un gran intervalo de tiempo entre los eventos ocurridos en el Nuevo Testamento y cuando fueron escritos sus originales. Tambie\u0301n\u2026","rel":"","context":"En \u00abEstudios Varios\u00bb","block_context":{"text":"Estudios Varios","link":"https:\/\/atravesdelasescrituras.com\/es_es\/category\/estudios-varios\/"},"img":{"alt_text":"","src":"https:\/\/i0.wp.com\/atravesdelasescrituras.com\/wp-content\/uploads\/2016\/10\/pilato-inscripcion.jpg?resize=350%2C200&ssl=1","width":350,"height":200},"classes":[]},{"id":40594,"url":"https:\/\/atravesdelasescrituras.com\/es_es\/2019\/05\/27\/el-doloroso-divorcio-entre-el-judaismo-y-el-cristianismo\/","url_meta":{"origin":11854,"position":4},"title":"El doloroso divorcio entre el juda\u00edsmo y el cristianismo","author":"Daniel L\u00f3pez","date":"27 May 2019","format":"gallery","excerpt":"En asuntos de fe somos hijos de dos mundos: el mundo del pueblo jud\u00edo y el mundo del cuerpo del Mes\u00edas formado por creyentes de origen gentil. Estos dos mundos, a trav\u00e9s del tiempo y por circunstancias hist\u00f3ricas importantes se terminaron divorciando. \u00bfC\u00f3mo llegamos de la fe jud\u00eda, de la\u2026","rel":"","context":"En \u00abEstudios B\u00edblicos\u00bb","block_context":{"text":"Estudios B\u00edblicos","link":"https:\/\/atravesdelasescrituras.com\/es_es\/category\/estudios-biblicos\/"},"img":{"alt_text":"","src":"https:\/\/i0.wp.com\/atravesdelasescrituras.com\/wp-content\/uploads\/2019\/05\/divorcio-entre-el-judac3adsmo-y-el-cristianismo.jpg?fit=1200%2C675&ssl=1&resize=350%2C200","width":350,"height":200,"srcset":"https:\/\/i0.wp.com\/atravesdelasescrituras.com\/wp-content\/uploads\/2019\/05\/divorcio-entre-el-judac3adsmo-y-el-cristianismo.jpg?fit=1200%2C675&ssl=1&resize=350%2C200 1x, https:\/\/i0.wp.com\/atravesdelasescrituras.com\/wp-content\/uploads\/2019\/05\/divorcio-entre-el-judac3adsmo-y-el-cristianismo.jpg?fit=1200%2C675&ssl=1&resize=525%2C300 1.5x, https:\/\/i0.wp.com\/atravesdelasescrituras.com\/wp-content\/uploads\/2019\/05\/divorcio-entre-el-judac3adsmo-y-el-cristianismo.jpg?fit=1200%2C675&ssl=1&resize=700%2C400 2x, https:\/\/i0.wp.com\/atravesdelasescrituras.com\/wp-content\/uploads\/2019\/05\/divorcio-entre-el-judac3adsmo-y-el-cristianismo.jpg?fit=1200%2C675&ssl=1&resize=1050%2C600 3x"},"classes":[]},{"id":43500,"url":"https:\/\/atravesdelasescrituras.com\/es_es\/2022\/01\/23\/charlando-sobre-la-resurreccion-de-cristo\/","url_meta":{"origin":11854,"position":5},"title":"Charlando sobre: La Resurrecci\u00f3n de Cristo","author":"Daniel L\u00f3pez","date":"23 Ene 2022","format":"gallery","excerpt":"Refutando argumentos en contra y respondiendo a preguntas como: \u00bfResucit\u00f3 Jesucristo tal como lo cuentan los evangelios? \u00bfApoyan las evidencias hist\u00f3ricas la resurrecci\u00f3n de Cristo? Entre otras\u2026 1 Pedro 3:15: \"...sino santificad a Cristo como Se\u00f1or en vuestros corazones, estando siempre preparados para presentar defensa ante todo el que os\u2026","rel":"","context":"En \u00abEstudios Varios\u00bb","block_context":{"text":"Estudios Varios","link":"https:\/\/atravesdelasescrituras.com\/es_es\/category\/estudios-varios\/"},"img":{"alt_text":"","src":"https:\/\/i0.wp.com\/atravesdelasescrituras.com\/wp-content\/uploads\/2022\/01\/la-resurrecion-de-cristo.jpg?fit=1200%2C675&ssl=1&resize=350%2C200","width":350,"height":200,"srcset":"https:\/\/i0.wp.com\/atravesdelasescrituras.com\/wp-content\/uploads\/2022\/01\/la-resurrecion-de-cristo.jpg?fit=1200%2C675&ssl=1&resize=350%2C200 1x, https:\/\/i0.wp.com\/atravesdelasescrituras.com\/wp-content\/uploads\/2022\/01\/la-resurrecion-de-cristo.jpg?fit=1200%2C675&ssl=1&resize=525%2C300 1.5x, https:\/\/i0.wp.com\/atravesdelasescrituras.com\/wp-content\/uploads\/2022\/01\/la-resurrecion-de-cristo.jpg?fit=1200%2C675&ssl=1&resize=700%2C400 2x, https:\/\/i0.wp.com\/atravesdelasescrituras.com\/wp-content\/uploads\/2022\/01\/la-resurrecion-de-cristo.jpg?fit=1200%2C675&ssl=1&resize=1050%2C600 3x"},"classes":[]}],"brizy_media":[],"jetpack_featured_media_url":"","_links":{"self":[{"href":"https:\/\/atravesdelasescrituras.com\/es_es\/wp-json\/wp\/v2\/posts\/11854","targetHints":{"allow":["GET"]}}],"collection":[{"href":"https:\/\/atravesdelasescrituras.com\/es_es\/wp-json\/wp\/v2\/posts"}],"about":[{"href":"https:\/\/atravesdelasescrituras.com\/es_es\/wp-json\/wp\/v2\/types\/post"}],"author":[{"embeddable":true,"href":"https:\/\/atravesdelasescrituras.com\/es_es\/wp-json\/wp\/v2\/users\/80235555"}],"replies":[{"embeddable":true,"href":"https:\/\/atravesdelasescrituras.com\/es_es\/wp-json\/wp\/v2\/comments?post=11854"}],"version-history":[{"count":1,"href":"https:\/\/atravesdelasescrituras.com\/es_es\/wp-json\/wp\/v2\/posts\/11854\/revisions"}],"predecessor-version":[{"id":11855,"href":"https:\/\/atravesdelasescrituras.com\/es_es\/wp-json\/wp\/v2\/posts\/11854\/revisions\/11855"}],"wp:attachment":[{"href":"https:\/\/atravesdelasescrituras.com\/es_es\/wp-json\/wp\/v2\/media?parent=11854"}],"wp:term":[{"taxonomy":"category","embeddable":true,"href":"https:\/\/atravesdelasescrituras.com\/es_es\/wp-json\/wp\/v2\/categories?post=11854"},{"taxonomy":"post_tag","embeddable":true,"href":"https:\/\/atravesdelasescrituras.com\/es_es\/wp-json\/wp\/v2\/tags?post=11854"}],"curies":[{"name":"wp","href":"https:\/\/api.w.org\/{rel}","templated":true}]}}