{"id":12098,"date":"2016-07-27T18:57:06","date_gmt":"2016-07-27T18:57:06","guid":{"rendered":"https:\/\/atravesdelasescrituras.com\/?p=12098"},"modified":"2016-07-27T18:57:06","modified_gmt":"2016-07-27T18:57:06","slug":"camino-de-la-modestia","status":"publish","type":"post","link":"https:\/\/atravesdelasescrituras.com\/es_es\/2016\/07\/27\/camino-de-la-modestia\/","title":{"rendered":"Camino de la modestia"},"content":{"rendered":"<p>Est\u00e1 escrito: \u201cHe aqu\u00ed que los cielos no Te pueden abarcar&#8230;\u201d (Cr\u00f3nicas II, 2:5), \u201c&#8230;menos aun el coraz\u00f3n de los hombres.\u201d (Proverbios 15:11). Leemos tambi\u00e9n: \u201cYo lleno los cielos y la tierra, dijo el Eterno\u201d (Jerem\u00edas 23:24). Cuando pienses en todo esto temer\u00e1s a tu Creador, te cuidar\u00e1s del pecado y con esas virtudes vivir\u00e1s feliz con lo que tienes.<\/p>\n<p>Cuando seas modesto, hasta sentirte inferior a cualquier persona y temas al Creador y al pecado, reinar\u00e1 sobre ti el esp\u00edri<span class=\"text_exposed_show\">tu de la Shejin\u00e1 y el brillo de Su Gloria en la vida eterna. Y ahora hijo m\u00edo, ten presente, que el que se enorgullece de s\u00ed mismo y es soberbio, se rebela al Reino celestial, porque pretende vestirse con sus atuendos, pues est\u00e1 escrito: \u201cDios rein\u00f3; de orgullo se visti\u00f3\u201d (Salmos 93:1). \u00bfY con qu\u00e9 puede enorgullecerse el hombre? Si es por su riqueza, esta escrito: \u201cDios es el que empobrece y enriquece\u201d (1 Samuel, 2:7). Si es por el honor que puede merecerse, \u00bfacaso no es tambi\u00e9n de Dios? Como leemos: \u201cLa riqueza y el honor de Ti proceden (Cr\u00f3nicas 1. 29:12).<\/span><\/p>\n<div class=\"text_exposed_show\">\n<p>Y, \u00bfc\u00f3mo puede el hombre cubrirse con el honor que no es suyo, que es el que el Creador le pone delante; y si pretende ser alabado por su inteligencia?: \u201cDios quita el habla a los que dicen ser alabados por su inteligencia\u201d (Job 12:20). Vemos que todo es igual a los ojos del Eterno, porque Su palabra derriba a los erguidos y por Su voluntad levanta a los ca\u00eddos. Por eso debes caer por ti solo y te levantar\u00e1 el Todopoderoso.<\/p>\n<p>Ahora te explicar\u00e9 c\u00f3mo habr\u00e1s de conducirte en el camino de la modestia, para que transites por \u00e9l todos los d\u00edas de tu vida: Que tus palabras salgan de tu boca con tranquilidad, que tu cabeza est\u00e9 gacha y tus ojos miren hacia abajo, hacia la tierra, pero que tu coraz\u00f3n permanezca hacia arriba (pensando en las maravillas del Eterno). Nunca mires a nadie con desprecio, que cualquier hombre a tus ojos sea m\u00e1s grande que t\u00fa. Si es inteligente o si es rico, debes respetarlo. Y si \u00e9l es pobre y tu rico, o m\u00e1s sabio que \u00e9l, con respecto a ti, debes respetarlo, pues si \u00e9l peca, lo hace sin quererlo, pero si t\u00fa pecas, lo haces intencionalmente.<\/p>\n<p>En tus palabras, tus actos, tus pensamientos, y en todo momento, considera que te hallas frente al Todopoderoso y que su Shejin\u00e1 est\u00e1 sobre ti, porque Su Gloria llena todo el mundo, entonces tus palabras ser\u00e1n dichas con el temor de un esclavo ante su amo.<\/p>\n<p style=\"text-align:center;\">&#8211; Ramb\u00e1n a su hijo&#8230; &#8211;<\/p>\n<p style=\"text-align:center;\"><img data-recalc-dims=\"1\" fetchpriority=\"high\" decoding=\"async\" data-attachment-id=\"12100\" data-permalink=\"https:\/\/atravesdelasescrituras.com\/es_es\/2016\/07\/27\/camino-de-la-modestia\/padre-e-hijo1\/\" data-orig-file=\"https:\/\/atravesdelasescrituras.com\/wp-content\/uploads\/2016\/07\/padre-e-hijo1.jpg\" data-orig-size=\"320,225\" data-comments-opened=\"1\" data-image-meta=\"{&quot;aperture&quot;:&quot;0&quot;,&quot;credit&quot;:&quot;&quot;,&quot;camera&quot;:&quot;&quot;,&quot;caption&quot;:&quot;&quot;,&quot;created_timestamp&quot;:&quot;0&quot;,&quot;copyright&quot;:&quot;&quot;,&quot;focal_length&quot;:&quot;0&quot;,&quot;iso&quot;:&quot;0&quot;,&quot;shutter_speed&quot;:&quot;0&quot;,&quot;title&quot;:&quot;&quot;,&quot;orientation&quot;:&quot;0&quot;}\" data-image-title=\"padre-e-hijo1\" data-image-description=\"\" data-image-caption=\"\" data-large-file=\"https:\/\/atravesdelasescrituras.com\/wp-content\/uploads\/2016\/07\/padre-e-hijo1.jpg\" class=\"alignnone  wp-image-12100\" src=\"https:\/\/i0.wp.com\/atravesdelasescrituras.com\/wp-content\/uploads\/2016\/07\/padre-e-hijo1.jpg?resize=486%2C342&#038;ssl=1\" alt=\"padre-e-hijo1\" width=\"486\" height=\"342\" \/><\/p>\n<\/div>\n","protected":false},"excerpt":{"rendered":"<p>Est\u00e1 escrito: \u201cHe aqu\u00ed que los cielos no Te pueden abarcar&#8230;\u201d (Cr\u00f3nicas II, 2:5), \u201c&#8230;menos aun el coraz\u00f3n de los hombres.\u201d (Proverbios 15:11). Leemos tambi\u00e9n: \u201cYo lleno los cielos y la tierra, dijo el Eterno\u201d (Jerem\u00edas 23:24). Cuando pienses en todo esto temer\u00e1s a tu Creador, te cuidar\u00e1s del pecado y con esas virtudes vivir\u00e1s [&hellip;]<\/p>\n","protected":false},"author":80235555,"featured_media":12100,"comment_status":"open","ping_status":"open","sticky":false,"template":"","format":"gallery","meta":{"_coblocks_attr":"","_coblocks_dimensions":"","_coblocks_responsive_height":"","_coblocks_accordion_ie_support":"","_gspb_post_css":"","advanced_seo_description":"","jetpack_seo_html_title":"","jetpack_seo_noindex":false,"jetpack_seo_schema_type":"","_jetpack_newsletter_access":"","_jetpack_dont_email_post_to_subs":false,"_jetpack_newsletter_tier_id":0,"_jetpack_memberships_contains_paywalled_content":false,"_wpcom_ai_launchpad_first_post":false,"_jetpack_feature_clip_id":0,"_jetpack_memberships_contains_paid_content":false,"footnotes":"","jetpack_publicize_message":"","jetpack_publicize_feature_enabled":true,"jetpack_social_post_already_shared":false,"jetpack_social_options":{"image_generator_settings":{"template":"highway","default_image_id":0,"font":"","enabled":false},"version":2},"jetpack_post_was_ever_published":false},"categories":[4172],"tags":[1894677,13645,59337],"class_list":["post-12098","post","type-post","status-publish","format-gallery","has-post-thumbnail","hentry","category-reflexiones","tag-ramban","tag-reflexion","tag-sabiduria","post_format-post-format-gallery"],"blocksy_meta":{"styles_descriptor":{"styles":{"desktop":"","tablet":"","mobile":""},"google_fonts":[],"version":7}},"jetpack_publicize_connections":[],"jetpack_likes_enabled":true,"jetpack_sharing_enabled":true,"jetpack_shortlink":"https:\/\/wp.me\/p5HWJ5-398","jetpack-related-posts":[{"id":42864,"url":"https:\/\/atravesdelasescrituras.com\/es_es\/2020\/10\/12\/sobre-la-parashat-bereshit\/","url_meta":{"origin":12098,"position":0},"title":"Sobre la Parashat Bereshit (El Reshit \u00abEl Principio\u00bb &#8211; G\u00e9nesis 1:1)","author":"Daniel L\u00f3pez","date":"12 Oct 2020","format":"gallery","excerpt":"En esta semana estamos estudiando la parashat Parashat 01 Bereshit \u05e4\u05e8\u05e9\u05ea \u05d1\u05b0\u05bc\u05e8\u05b5\u05d0\u05e9\u05b4\u05c1\u05d9\u05ea se encuentran en: G\u00e9nesis 1:1 \u2013 6:8 \u2014 (Bereshit) significa: \u201cEn el principio o por causa del Reshit\u201d. Leemos en la Parasha: G\u00e9nesis 1:1 - \"....En el principio cre\u00f3 Dios los cielos y la tierra...\" La Torah comienza\u2026","rel":"","context":"En \u00abSobre la Parash\u00e1\u00bb","block_context":{"text":"Sobre la Parash\u00e1","link":"https:\/\/atravesdelasescrituras.com\/es_es\/category\/sobre-la-parasha\/"},"img":{"alt_text":"","src":"https:\/\/i0.wp.com\/atravesdelasescrituras.com\/wp-content\/uploads\/2020\/10\/parashat-bereshit.jpg?fit=1200%2C545&ssl=1&resize=350%2C200","width":350,"height":200,"srcset":"https:\/\/i0.wp.com\/atravesdelasescrituras.com\/wp-content\/uploads\/2020\/10\/parashat-bereshit.jpg?fit=1200%2C545&ssl=1&resize=350%2C200 1x, https:\/\/i0.wp.com\/atravesdelasescrituras.com\/wp-content\/uploads\/2020\/10\/parashat-bereshit.jpg?fit=1200%2C545&ssl=1&resize=525%2C300 1.5x, https:\/\/i0.wp.com\/atravesdelasescrituras.com\/wp-content\/uploads\/2020\/10\/parashat-bereshit.jpg?fit=1200%2C545&ssl=1&resize=700%2C400 2x, https:\/\/i0.wp.com\/atravesdelasescrituras.com\/wp-content\/uploads\/2020\/10\/parashat-bereshit.jpg?fit=1200%2C545&ssl=1&resize=1050%2C600 3x"},"classes":[]},{"id":45021,"url":"https:\/\/atravesdelasescrituras.com\/es_es\/2023\/10\/07\/sobre-la-parashat-bereshit-la-mano-de-obra-del-creador\/","url_meta":{"origin":12098,"position":1},"title":"Sobre la parashat Bereshit (La mano de obra del Creador Gen 2:1-3)","author":"Daniel L\u00f3pez","date":"7 Oct 2023","format":false,"excerpt":"Dios es arquitecto y obrador de la creaci\u00f3n y a la vez sustentador gui\u00e1ndola a sus prop\u00f3sitos salvificos...","rel":"","context":"En \u00abReflexiones\u00bb","block_context":{"text":"Reflexiones","link":"https:\/\/atravesdelasescrituras.com\/es_es\/category\/reflexiones\/"},"img":{"alt_text":"","src":"https:\/\/i0.wp.com\/atravesdelasescrituras.com\/wp-content\/uploads\/2023\/10\/sobre-la-parasha-bereshit.jpg?fit=1200%2C675&ssl=1&resize=350%2C200","width":350,"height":200,"srcset":"https:\/\/i0.wp.com\/atravesdelasescrituras.com\/wp-content\/uploads\/2023\/10\/sobre-la-parasha-bereshit.jpg?fit=1200%2C675&ssl=1&resize=350%2C200 1x, https:\/\/i0.wp.com\/atravesdelasescrituras.com\/wp-content\/uploads\/2023\/10\/sobre-la-parasha-bereshit.jpg?fit=1200%2C675&ssl=1&resize=525%2C300 1.5x, https:\/\/i0.wp.com\/atravesdelasescrituras.com\/wp-content\/uploads\/2023\/10\/sobre-la-parasha-bereshit.jpg?fit=1200%2C675&ssl=1&resize=700%2C400 2x, https:\/\/i0.wp.com\/atravesdelasescrituras.com\/wp-content\/uploads\/2023\/10\/sobre-la-parasha-bereshit.jpg?fit=1200%2C675&ssl=1&resize=1050%2C600 3x"},"classes":[]},{"id":208,"url":"https:\/\/atravesdelasescrituras.com\/es_es\/2016\/03\/19\/genesis-1-la-creacion\/","url_meta":{"origin":12098,"position":2},"title":"G\u00e9nesis 1:1-25 &#8211; La Creaci\u00f3n","author":"Daniel L\u00f3pez","date":"19 Mar 2016","format":"gallery","excerpt":"G\u00e9nesis 1:1-5 - \"(1)\u00a0En el principio cre\u00f3 Dios los cielos y la tierra.\u00a0(2)\u00a0Y la tierra estaba desordenada y vac\u00eda, y las tinieblas estaban sobre la faz del abismo, y el Esp\u00edritu de Dios se mov\u00eda sobre la faz de las aguas.\u00a0(3)\u00a0Y dijo Dios: Sea la luz;(A) y fue la luz.\u00a0(4)\u00a0Y\u2026","rel":"","context":"En \u00abG\u00e9nesis\u00bb","block_context":{"text":"G\u00e9nesis","link":"https:\/\/atravesdelasescrituras.com\/es_es\/category\/estudios-biblicos\/genesis\/"},"img":{"alt_text":"","src":"https:\/\/i0.wp.com\/atravesdelasescrituras.com\/wp-content\/uploads\/2016\/03\/genesis-1.jpg?resize=350%2C200&ssl=1","width":350,"height":200,"srcset":"https:\/\/i0.wp.com\/atravesdelasescrituras.com\/wp-content\/uploads\/2016\/03\/genesis-1.jpg?resize=350%2C200&ssl=1 1x, https:\/\/i0.wp.com\/atravesdelasescrituras.com\/wp-content\/uploads\/2016\/03\/genesis-1.jpg?resize=525%2C300&ssl=1 1.5x, https:\/\/i0.wp.com\/atravesdelasescrituras.com\/wp-content\/uploads\/2016\/03\/genesis-1.jpg?resize=700%2C400&ssl=1 2x, https:\/\/i0.wp.com\/atravesdelasescrituras.com\/wp-content\/uploads\/2016\/03\/genesis-1.jpg?resize=1050%2C600&ssl=1 3x"},"classes":[]},{"id":8613,"url":"https:\/\/atravesdelasescrituras.com\/es_es\/2016\/06\/25\/despues-de-la-muerte\/","url_meta":{"origin":12098,"position":3},"title":"Despu\u00e9s de la muerte","author":"Daniel L\u00f3pez","date":"25 Jun 2016","format":"gallery","excerpt":"\u00a1USTED\u00a0NO\u00a0IR\u00c1 AL\u00a0CIELO SINO AL REINO DE LOS CIELOS! \u00a0 \u00bfQu\u00e9 somos? \u00bfDe qu\u00e9 estamos compuestos? En primer lugar, debemos saber de que estamos compuestos, hay mucha controversia con este tema en la cristiandad. \u00bfSomos alma?, \u00bfSomos esp\u00edritu?, \u00bftienes alma?, \u00bftienes cuerpo? Y, \u00bfC\u00f3mo trabaja eso en el juicio final? \u00bfTienes\u2026","rel":"","context":"En \u00abEstudios Varios\u00bb","block_context":{"text":"Estudios Varios","link":"https:\/\/atravesdelasescrituras.com\/es_es\/category\/estudios-varios\/"},"img":{"alt_text":"","src":"https:\/\/i0.wp.com\/atravesdelasescrituras.com\/wp-content\/uploads\/2016\/06\/safasfa.jpg?resize=350%2C200&ssl=1","width":350,"height":200,"srcset":"https:\/\/i0.wp.com\/atravesdelasescrituras.com\/wp-content\/uploads\/2016\/06\/safasfa.jpg?resize=350%2C200&ssl=1 1x, https:\/\/i0.wp.com\/atravesdelasescrituras.com\/wp-content\/uploads\/2016\/06\/safasfa.jpg?resize=525%2C300&ssl=1 1.5x, https:\/\/i0.wp.com\/atravesdelasescrituras.com\/wp-content\/uploads\/2016\/06\/safasfa.jpg?resize=700%2C400&ssl=1 2x, https:\/\/i0.wp.com\/atravesdelasescrituras.com\/wp-content\/uploads\/2016\/06\/safasfa.jpg?resize=1050%2C600&ssl=1 3x"},"classes":[]},{"id":54571,"url":"https:\/\/atravesdelasescrituras.com\/es_es\/2025\/08\/12\/glorioso-intercambio\/","url_meta":{"origin":12098,"position":4},"title":"\u00a1Glorioso intercambio!","author":"Daniel L\u00f3pez","date":"12 Ago 2025","format":false,"excerpt":"Mart\u00edn Lutero hablaba del \"glorioso intercambio\" (der fr\u00f6hliche Wechsel \/ wundersamer Tausch) como una de las expresiones m\u00e1s bellas del Evangelio. La idea central es que, en Cristo, ocurre un trueque asombroso: Cristo toma lo nuestro: nuestro pecado, culpa, condena, muerte. Nos da lo suyo: su justicia, santidad, vida eterna,\u2026","rel":"","context":"En \u00abArt\u00edculos varios\u00bb","block_context":{"text":"Art\u00edculos varios","link":"https:\/\/atravesdelasescrituras.com\/es_es\/category\/articulos-varios\/"},"img":{"alt_text":"","src":"https:\/\/i0.wp.com\/atravesdelasescrituras.com\/wp-content\/uploads\/2025\/08\/glorioso-intercambio.jpg?fit=1200%2C675&ssl=1&resize=350%2C200","width":350,"height":200,"srcset":"https:\/\/i0.wp.com\/atravesdelasescrituras.com\/wp-content\/uploads\/2025\/08\/glorioso-intercambio.jpg?fit=1200%2C675&ssl=1&resize=350%2C200 1x, https:\/\/i0.wp.com\/atravesdelasescrituras.com\/wp-content\/uploads\/2025\/08\/glorioso-intercambio.jpg?fit=1200%2C675&ssl=1&resize=525%2C300 1.5x, https:\/\/i0.wp.com\/atravesdelasescrituras.com\/wp-content\/uploads\/2025\/08\/glorioso-intercambio.jpg?fit=1200%2C675&ssl=1&resize=700%2C400 2x, https:\/\/i0.wp.com\/atravesdelasescrituras.com\/wp-content\/uploads\/2025\/08\/glorioso-intercambio.jpg?fit=1200%2C675&ssl=1&resize=1050%2C600 3x"},"classes":[]},{"id":40091,"url":"https:\/\/atravesdelasescrituras.com\/es_es\/2019\/01\/17\/que-es-la-tefila\/","url_meta":{"origin":12098,"position":5},"title":"\u00bfQu\u00e9 es la Tefil\u00e1?","author":"Daniel L\u00f3pez","date":"17 Ene 2019","format":"gallery","excerpt":"El t\u00e9rmino tefil\u00e1, com\u00fanmente traducido al espa\u00f1ol como oraci\u00f3n, define uno de los actos que realiza la persona consciente de la existencia del Creador. Su amplio significado puede notarse tan solo con leer el contenido de la tefil\u00e1 de Moshe registrada en el cap\u00edtulo 90 de Tehilim, o las tefilot\u2026","rel":"","context":"En \u00abEstudios Varios\u00bb","block_context":{"text":"Estudios Varios","link":"https:\/\/atravesdelasescrituras.com\/es_es\/category\/estudios-varios\/"},"img":{"alt_text":"","src":"https:\/\/i0.wp.com\/atravesdelasescrituras.com\/wp-content\/uploads\/2019\/01\/tefil%C3%A1.jpeg?resize=350%2C200&ssl=1","width":350,"height":200,"srcset":"https:\/\/i0.wp.com\/atravesdelasescrituras.com\/wp-content\/uploads\/2019\/01\/tefil%C3%A1.jpeg?resize=350%2C200&ssl=1 1x, https:\/\/i0.wp.com\/atravesdelasescrituras.com\/wp-content\/uploads\/2019\/01\/tefil%C3%A1.jpeg?resize=525%2C300&ssl=1 1.5x, https:\/\/i0.wp.com\/atravesdelasescrituras.com\/wp-content\/uploads\/2019\/01\/tefil%C3%A1.jpeg?resize=700%2C400&ssl=1 2x"},"classes":[]}],"brizy_media":[],"jetpack_featured_media_url":"https:\/\/atravesdelasescrituras.com\/wp-content\/uploads\/2016\/07\/padre-e-hijo1.jpg","_links":{"self":[{"href":"https:\/\/atravesdelasescrituras.com\/es_es\/wp-json\/wp\/v2\/posts\/12098","targetHints":{"allow":["GET"]}}],"collection":[{"href":"https:\/\/atravesdelasescrituras.com\/es_es\/wp-json\/wp\/v2\/posts"}],"about":[{"href":"https:\/\/atravesdelasescrituras.com\/es_es\/wp-json\/wp\/v2\/types\/post"}],"author":[{"embeddable":true,"href":"https:\/\/atravesdelasescrituras.com\/es_es\/wp-json\/wp\/v2\/users\/80235555"}],"replies":[{"embeddable":true,"href":"https:\/\/atravesdelasescrituras.com\/es_es\/wp-json\/wp\/v2\/comments?post=12098"}],"version-history":[{"count":3,"href":"https:\/\/atravesdelasescrituras.com\/es_es\/wp-json\/wp\/v2\/posts\/12098\/revisions"}],"predecessor-version":[{"id":12102,"href":"https:\/\/atravesdelasescrituras.com\/es_es\/wp-json\/wp\/v2\/posts\/12098\/revisions\/12102"}],"wp:featuredmedia":[{"embeddable":true,"href":"https:\/\/atravesdelasescrituras.com\/es_es\/wp-json\/wp\/v2\/media\/12100"}],"wp:attachment":[{"href":"https:\/\/atravesdelasescrituras.com\/es_es\/wp-json\/wp\/v2\/media?parent=12098"}],"wp:term":[{"taxonomy":"category","embeddable":true,"href":"https:\/\/atravesdelasescrituras.com\/es_es\/wp-json\/wp\/v2\/categories?post=12098"},{"taxonomy":"post_tag","embeddable":true,"href":"https:\/\/atravesdelasescrituras.com\/es_es\/wp-json\/wp\/v2\/tags?post=12098"}],"curies":[{"name":"wp","href":"https:\/\/api.w.org\/{rel}","templated":true}]}}