{"id":13071,"date":"2016-08-02T20:04:52","date_gmt":"2016-08-02T20:04:52","guid":{"rendered":"https:\/\/atravesdelasescrituras.com\/?p=13071"},"modified":"2016-08-02T20:31:33","modified_gmt":"2016-08-02T20:31:33","slug":"el-tabernaculo-lugar-santisimo","status":"publish","type":"post","link":"https:\/\/atravesdelasescrituras.com\/es_es\/2016\/08\/02\/el-tabernaculo-lugar-santisimo\/","title":{"rendered":"El Tabern\u00e1culo &#8211; Lugar Sant\u00edsimo"},"content":{"rendered":"<div class=\"page\" title=\"Page 98\">\n<div class=\"layoutArea\">\n<p class=\"column\">\n<p style=\"text-align:center;\"><span style=\"text-decoration:underline;\"><strong>EL LUGAR SANT\u00cdSIMO &#8211; (<em>\u00c9xodo 26:31-33; 36:35-36; Hebreos 9:1-5)<\/em><\/strong><\/span><\/p>\n<ul>\n<li><span style=\"text-decoration:underline;\"><strong>Introducci\u00f3n:<\/strong><\/span><\/li>\n<\/ul>\n<p>Separado del Lugar Santo por una hermosa cortina, llamada velo; este era el trabajo mas delicado de toda la estructura oro, bordados primorosos, es el punto principal del taberna\u0301culo, era la ca\u0301mara de la presencia de Dios, visitada solamente una vez al an\u0303o, en el di\u0301a de la expiacio\u0301n, en representacio\u0301n del pueblo para reconciliacio\u0301n de sus pecados. Es la profunda comunio\u0301n del alma con Dios.<\/p>\n<p><img data-recalc-dims=\"1\" fetchpriority=\"high\" decoding=\"async\" data-attachment-id=\"13490\" data-permalink=\"https:\/\/atravesdelasescrituras.com\/es_es\/2016\/08\/02\/el-tabernaculo-lugar-santisimo\/slide_20\/\" data-orig-file=\"https:\/\/atravesdelasescrituras.com\/wp-content\/uploads\/2016\/08\/slide_201.jpg\" data-orig-size=\"960,720\" data-comments-opened=\"1\" data-image-meta=\"{&quot;aperture&quot;:&quot;0&quot;,&quot;credit&quot;:&quot;&quot;,&quot;camera&quot;:&quot;&quot;,&quot;caption&quot;:&quot;&quot;,&quot;created_timestamp&quot;:&quot;0&quot;,&quot;copyright&quot;:&quot;&quot;,&quot;focal_length&quot;:&quot;0&quot;,&quot;iso&quot;:&quot;0&quot;,&quot;shutter_speed&quot;:&quot;0&quot;,&quot;title&quot;:&quot;&quot;,&quot;orientation&quot;:&quot;0&quot;}\" data-image-title=\"slide_20\" data-image-description=\"\" data-image-caption=\"\" data-large-file=\"https:\/\/atravesdelasescrituras.com\/wp-content\/uploads\/2016\/08\/slide_201.jpg\" class=\"  wp-image-13490 aligncenter\" src=\"https:\/\/i0.wp.com\/atravesdelasescrituras.com\/wp-content\/uploads\/2016\/08\/slide_201.jpg?resize=365%2C274&#038;ssl=1\" alt=\"slide_20\" width=\"365\" height=\"274\" \/><\/p>\n<p>El lugar sant\u00edsimo era la c\u00e1mara m\u00e1s interior de la morada y verdadero coraz\u00f3n de la misma. En un sentido todo lo dem\u00e1s, <a href=\"https:\/\/atravesdelasescrituras.com\/2016\/07\/04\/el-tabernaculo-atrio\/\">atrio<\/a> y <a href=\"https:\/\/atravesdelasescrituras.com\/2016\/07\/19\/el-tabernaculo-lugar-santo\/\">lugar santo<\/a>, converg\u00eda en este punto, de manera que sin el lugar sant\u00edsimo el resto del tabern\u00e1culo carecer\u00eda de sentido. Estaba separado del lugar santo por un velo, teniendo unas dimensiones de 6 x 6 metros.<\/p>\n<p>Dentro del lugar sant\u00edsimo estaba el arca y el propiciatorio formando un conjunto, aunque el autor de la carta a los Hebreos a\u00f1ade que en ese recinto tambi\u00e9n hab\u00eda un incensario de oro (<em>Hebreos 9:4<\/em>), que era el usado por el sumo sacerdote el d\u00eda de la expiaci\u00f3n\/Yom Kippur (<em>Lev\u00edtico 16:12<\/em>).<\/p>\n<p>Todo lo dicho sobre la idea de santidad en la secci\u00f3n del lugar santo es aplicable aqu\u00ed, pero con mayor motivo, pues no en vano estamos en el \u00ab<em>santo de los santos<\/em>\u00ab, seg\u00fan la hip\u00e9rbole hebrea que designa lo m\u00e1s santo.<img data-recalc-dims=\"1\" decoding=\"async\" data-attachment-id=\"13412\" data-permalink=\"https:\/\/atravesdelasescrituras.com\/es_es\/2016\/08\/02\/el-tabernaculo-lugar-santisimo\/incienso-en-santisimo\/\" data-orig-file=\"https:\/\/atravesdelasescrituras.com\/wp-content\/uploads\/2016\/08\/incienso-en-santisimo.png\" data-orig-size=\"504,339\" data-comments-opened=\"1\" data-image-meta=\"{&quot;aperture&quot;:&quot;0&quot;,&quot;credit&quot;:&quot;&quot;,&quot;camera&quot;:&quot;&quot;,&quot;caption&quot;:&quot;&quot;,&quot;created_timestamp&quot;:&quot;0&quot;,&quot;copyright&quot;:&quot;&quot;,&quot;focal_length&quot;:&quot;0&quot;,&quot;iso&quot;:&quot;0&quot;,&quot;shutter_speed&quot;:&quot;0&quot;,&quot;title&quot;:&quot;&quot;,&quot;orientation&quot;:&quot;0&quot;}\" data-image-title=\"incienso en santisimo\" data-image-description=\"\" data-image-caption=\"\" data-large-file=\"https:\/\/atravesdelasescrituras.com\/wp-content\/uploads\/2016\/08\/incienso-en-santisimo.png\" class=\"  wp-image-13412 alignright\" src=\"https:\/\/i0.wp.com\/atravesdelasescrituras.com\/wp-content\/uploads\/2016\/08\/incienso-en-santisimo.png?resize=335%2C226&#038;ssl=1\" alt=\"incienso en santisimo\" width=\"335\" height=\"226\" \/><\/p>\n<p>Solamente una vez al a\u00f1o, el d\u00eda de la expiaci\u00f3n, el sumo sacerdote penetraba en este recinto para efectuar la ceremonia m\u00e1s importante de todas. Por lo tanto, en este reducido recinto estaban concentradas, por as\u00ed decirlo, las grandes cuestiones que daban raz\u00f3n de ser a todo el tabern\u00e1culo.<\/p>\n<p>All\u00ed estaba la noci\u00f3n de santidad en su grado m\u00e1s excelso, reflejada en el arca del pacto y la noci\u00f3n de gloria, reflejada en los querubines que en el velo, en el techo y en el propiciatorio se hac\u00edan presentes.<\/p>\n<p>Una santidad y una gloria inefables. No parece que el lugar sant\u00edsimo fuera el sitio m\u00e1s apropiado para la comuni\u00f3n con el ser humano, porque gloria y santidad est\u00e1n re\u00f1idas irreconciliablemente con lo mortal y pecaminoso. Y sin embargo, si ha de haber comuni\u00f3n verdadera, \u00e9se es el lugar donde ha de producirse, ya que es el lugar de la presencia de Dios en toda su plenitud. Santidad, gloria, comuni\u00f3n, pecado&#8230; \u00bfc\u00f3mo reconciliarlo? La expiaci\u00f3n, en su doble vertiente, es la respuesta a esa penetrante pregunta.<\/p>\n<p>&nbsp;<\/p>\n<\/div>\n<\/div>\n<p><img data-recalc-dims=\"1\" decoding=\"async\" data-attachment-id=\"13440\" data-permalink=\"https:\/\/atravesdelasescrituras.com\/es_es\/2016\/08\/02\/el-tabernaculo-lugar-santisimo\/arca-alianza\/\" data-orig-file=\"https:\/\/atravesdelasescrituras.com\/wp-content\/uploads\/2016\/08\/arca-alianza.jpg\" data-orig-size=\"375,200\" data-comments-opened=\"1\" data-image-meta=\"{&quot;aperture&quot;:&quot;0&quot;,&quot;credit&quot;:&quot;&quot;,&quot;camera&quot;:&quot;&quot;,&quot;caption&quot;:&quot;&quot;,&quot;created_timestamp&quot;:&quot;0&quot;,&quot;copyright&quot;:&quot;&quot;,&quot;focal_length&quot;:&quot;0&quot;,&quot;iso&quot;:&quot;0&quot;,&quot;shutter_speed&quot;:&quot;0&quot;,&quot;title&quot;:&quot;&quot;,&quot;orientation&quot;:&quot;1&quot;}\" data-image-title=\"arca-alianza\" data-image-description=\"\" data-image-caption=\"\" data-large-file=\"https:\/\/atravesdelasescrituras.com\/wp-content\/uploads\/2016\/08\/arca-alianza.jpg\" class=\"  wp-image-13440 aligncenter\" src=\"https:\/\/i0.wp.com\/atravesdelasescrituras.com\/wp-content\/uploads\/2016\/08\/arca-alianza.jpg?resize=493%2C263&#038;ssl=1\" alt=\"arca-alianza\" width=\"493\" height=\"263\" \/><\/p>\n<p class=\"page\" title=\"Page 98\">\n<div class=\"layoutArea\">\n<div class=\"column\">\n<p>La ceremonia descrita en Lev\u00edtico 16, donde la palabra expiar es la clave de ese cap\u00edtulo, es lo que hace posible lo que de otra manera ser\u00eda imposible.<\/p>\n<p>John Owen en su libro \u00ab<i>Exposici\u00f3n a la ep\u00edstola a los Hebreos\u00bb<\/i>\u00a0se\u00f1ala cuatro grandes nociones que est\u00e1n presentes en la misma:<\/p>\n<p>&#8211; Una ofensa, crimen, culpa o deuda que ha de ser quitada.<\/p>\n<p>&#8211; Una persona ofendida, que ha de ser pacificada, propiciada.<\/p>\n<p>&#8211; Una persona ofensora, que ha de ser perdonada, aceptada.<\/p>\n<p>&#8211; Un sacrificio, que efect\u00fae la expiaci\u00f3n.<\/p>\n<p>Seguramente, el aspecto m\u00e1s problem\u00e1tico y dif\u00edcil de aceptar por muchos actualmente ser\u00eda el segundo punto, es decir, que Dios necesite ser propiciado, ya que si \u00e9l es amor no puede demandar ning\u00fan tipo de compensaci\u00f3n.<\/p>\n<p>En la ra\u00edz de esta dificultad est\u00e1 el hecho de negar que en Dios exista ira. Sin embargo, la Escritura una y otra vez, tanto en el Antiguo como en el Nuevo Testamento, se\u00f1ala tal cualidad y atributo en Dios.<\/p>\n<p>Por lo tanto, Dios ha de ser propiciado y para ello hace falta que su perfecta justicia quede plenamente satisfecha, algo que es realizado mediante la introducci\u00f3n de la sangre en el lugar sant\u00edsimo y su esparcimiento sobre el propiciatorio, que de ser un trono de juicio y condenaci\u00f3n se convierte en trono de gracia.<\/p>\n<p>As\u00ed pues, lejos de ser antag\u00f3nicos, propiciaci\u00f3n y amor son complementarios, ya que la propiciaci\u00f3n no es hecha por una tercera parte, sino por la misma parte que ha sido ofendida, esto es Dios, quien es propiciado por la ofrenda de Su Hijo.<img data-recalc-dims=\"1\" loading=\"lazy\" decoding=\"async\" data-attachment-id=\"13417\" data-permalink=\"https:\/\/atravesdelasescrituras.com\/es_es\/2016\/08\/02\/el-tabernaculo-lugar-santisimo\/makethumbnail\/\" data-orig-file=\"https:\/\/atravesdelasescrituras.com\/wp-content\/uploads\/2016\/08\/makethumbnail.jpeg\" data-orig-size=\"300,233\" data-comments-opened=\"1\" data-image-meta=\"{&quot;aperture&quot;:&quot;0&quot;,&quot;credit&quot;:&quot;&quot;,&quot;camera&quot;:&quot;&quot;,&quot;caption&quot;:&quot;&quot;,&quot;created_timestamp&quot;:&quot;0&quot;,&quot;copyright&quot;:&quot;&quot;,&quot;focal_length&quot;:&quot;0&quot;,&quot;iso&quot;:&quot;0&quot;,&quot;shutter_speed&quot;:&quot;0&quot;,&quot;title&quot;:&quot;&quot;,&quot;orientation&quot;:&quot;0&quot;}\" data-image-title=\"MakeThumbnail\" data-image-description=\"\" data-image-caption=\"\" data-large-file=\"https:\/\/atravesdelasescrituras.com\/wp-content\/uploads\/2016\/08\/makethumbnail.jpeg\" class=\"  wp-image-13417 alignright\" src=\"https:\/\/i0.wp.com\/atravesdelasescrituras.com\/wp-content\/uploads\/2016\/08\/makethumbnail.jpeg?resize=258%2C200&#038;ssl=1\" alt=\"MakeThumbnail\" width=\"258\" height=\"200\" \/><\/p>\n<p>Este cambio ha sido posible gracias a la sustituci\u00f3n que Dios mismo ha provisto, al disponer y aceptar que una v\u00edctima inocente cargue con la culpa y el castigo del pecador. La idea de sustituci\u00f3n est\u00e1 presente en Isa\u00edas 53, donde el Siervo lleva sobre s\u00ed los sufrimientos del pueblo, sus rebeliones, pecados y castigo. La expresi\u00f3n \u00ab<em>llevar\u00bb<\/em>\u00a0aparece dos veces en conexi\u00f3n con las iniquidades y el pecado. La inocencia de este Siervo que le capacita para ser sustituto queda expresada tambi\u00e9n.<\/p>\n<p>En el libro de Apocalipsis aparece el verdadero lugar sant\u00edsimo, cuando en el cap\u00edtulo 4 Juan es arrebatado hasta un lugar en el cielo donde hay un trono establecido. Ese trono y el que en el mismo se sienta va a ser una de las l\u00edneas motrices del libro, quedando especificado que hay un altar de oro, donde se quema el incienso, que est\u00e1 delante del trono (<em>Apocalipsis 8:3<\/em>). Es un lugar de adoraci\u00f3n y reverencia.<\/p>\n<p>Para entender el concepto de lo santo en el Antiguo Testamento es preciso captar el significado de su ant\u00f3nimo. Contrariamente a lo que a primera vista pareciera, lo opuesto a lo santo no es lo impuro primordialmente, sino lo profano. Pero antes de nada hay que aclarar lo que la Escritura entiende por profano.<\/p>\n<p>Hay una expresi\u00f3n muy com\u00fan en nuestros d\u00edas que dice m\u00e1s o menos as\u00ed:<\/p>\n<p style=\"text-align:center;\">\u00ab<em>Soy un profano en la materia<\/em>\u00ab<\/p>\n<p>Mediante la cual se da a entender que alguien no es un entendido o experto en tal o cual actividad, todo lo m\u00e1s un aficionado. Pero el significado de lo profano en la Biblia va por otro lado, siendo la escena de 1 Samuel 21:1-6 la que describe bien las dos esferas en oposici\u00f3n: santo-profano.\u00a0<img data-recalc-dims=\"1\" loading=\"lazy\" decoding=\"async\" data-attachment-id=\"13420\" data-permalink=\"https:\/\/atravesdelasescrituras.com\/es_es\/2016\/08\/02\/el-tabernaculo-lugar-santisimo\/0262_1-sam_210109\/\" data-orig-file=\"https:\/\/atravesdelasescrituras.com\/wp-content\/uploads\/2016\/08\/0262_1-sam_210109.jpg\" data-orig-size=\"663,442\" data-comments-opened=\"1\" data-image-meta=\"{&quot;aperture&quot;:&quot;0&quot;,&quot;credit&quot;:&quot;Picasa&quot;,&quot;camera&quot;:&quot;&quot;,&quot;caption&quot;:&quot;&quot;,&quot;created_timestamp&quot;:&quot;1314303968&quot;,&quot;copyright&quot;:&quot;&quot;,&quot;focal_length&quot;:&quot;0&quot;,&quot;iso&quot;:&quot;0&quot;,&quot;shutter_speed&quot;:&quot;0&quot;,&quot;title&quot;:&quot;&quot;,&quot;orientation&quot;:&quot;0&quot;}\" data-image-title=\"0262_1 Sam_210109\" data-image-description=\"\" data-image-caption=\"\" data-large-file=\"https:\/\/atravesdelasescrituras.com\/wp-content\/uploads\/2016\/08\/0262_1-sam_210109.jpg\" class=\"  wp-image-13420 alignright\" src=\"https:\/\/i0.wp.com\/atravesdelasescrituras.com\/wp-content\/uploads\/2016\/08\/0262_1-sam_210109.jpg?resize=263%2C175&#038;ssl=1\" alt=\"0262_1 Sam_210109\" width=\"263\" height=\"175\" \/><\/p>\n<p>All\u00ed vemos c\u00f3mo ante la petici\u00f3n de David al sacerdote por alimento, \u00e9ste le contesta que no tiene a la mano \u00ab<em>pan com\u00fan<\/em>\u00bb sino solamente \u00ab<em>pan sagrado<\/em>\u00ab. La palabra \u00ab<em>com\u00fan &#8211;\u00a0<\/em><strong><span class=\"s1\">\u05d7\u05d9\u05dc<\/span><\/strong>\u00bb es exactamente la palabra profano, es decir, corriente.<\/p>\n<p>Es lo que pertenece a la esfera de lo normal, no teniendo en principio una acepci\u00f3n negativa ese t\u00e9rmino. Sin embargo, el sacerdote le dice a David que tiene a mano \u00ab<em>pan sagrado<\/em>\u00bb\u00a0o santo, refiri\u00e9ndose al pan de la proposici\u00f3n, que estaba reservado para el servicio de Dios.<\/p>\n<p>Por lo tanto ya tenemos aqu\u00ed una comparaci\u00f3n que nos sirve para delimitar ambas esferas:<\/p>\n<blockquote>\n<p style=\"text-align:center;\"><em>Lo profano pertenece al \u00e1mbito de lo corriente, de lo normal; lo santo pertenece al \u00e1mbito de lo apartado para Dios. Por lo tanto, se trata de otro nivel, cualitativamente hablando. No es extra\u00f1o que a Esa\u00fa se le califique como profano (Hebreos 12:16), porque tom\u00f3 algo sagrado, como era la primogenitura, como si fuera una cosa corriente, hasta el punto de intercambiarla por un plato de comida.<\/em><\/p>\n<\/blockquote>\n<p>El lugar sant\u00edsimo es pues todo lo opuesto a un lugar com\u00fan, por eso no se puede entrar all\u00ed cualquiera de cualquier forma. Si el que habita ese recinto es Santo por excelencia, quiere decirse que nada profano puede tener comuni\u00f3n con \u00e9l. Solamente lo que est\u00e1 en consonancia con esa naturaleza de santidad puede.<\/p>\n<p>Ahora bien, alguien profano no puede elevarse a s\u00ed mismo a la esfera de lo santo. Ese intento est\u00e1 condenado al fracaso, porque nadie puede por s\u00ed cambiar su naturaleza. Si a esa imposibilidad que lo profano contiene le a\u00f1adimos adem\u00e1s el formidable obst\u00e1culo adicional que lo pecaminoso le ha a\u00f1adido, entonces nos damos cuenta de que estamos ante algo que supera todas nuestras capacidades. Pero aqu\u00ed es donde viene Dios mismo en nuestro auxilio para procurarnos lo que nosotros no podemos hacer. Y eso lo hace mediante el d\u00eda de la expiaci\u00f3n, cuando lo profano, que adem\u00e1s est\u00e1 contaminado por el pecado, es santificado.<\/p>\n<p>Para darnos cabal cuenta de la diferencia entre el estado pecaminoso adquirido, con el que nosotros nos acercamos al tabern\u00e1culo, y el estado de santidad exigido por Dios, nada mejor que ver la naturaleza del pecado. Al comprarlo con la santidad, captaremos la grandeza de la obra que Dios ha hecho en el tabern\u00e1culo. Para ello vamos a detenernos a estudiar ese concepto que se denomina pecado, y al hacerlo, veremos la extraordinaria multiformidad y profundidad de su naturaleza.<\/p>\n<p>&#8211; \u00a0T\u00e9rminos hebreos en el Antiguo Testamento:<\/p>\n<ul>\n<li>Jata &#8211; heb.<b>\u00a0\u05d7\u05b2\u05d8\u05b8\u05d0\u05b8\u05d4<\/b><span class=\"s1\">&#8211;<\/span><strong><span class=\"s1\">\u00a0<\/span><\/strong>Este t\u00e9rmino y sus derivados aparecen casi mil veces en el Antiguo Testamento. Su traducci\u00f3n al espa\u00f1ol m\u00e1s com\u00fan es pecado, pero el significado esencial de la ra\u00edz gramatical es errar la norma. Eso se puede aplicar a las relaciones humanas, pero tambi\u00e9n se puede aplicar a la relaci\u00f3n con Dios, como cuando se cataloga de esa manera el pecado de Jeroboam y el de los reyes que siguieron sus pisadas (<em>1 Reyes 14:26<\/em>). En la catarata de improperios que Isa\u00edas lanza contra Israel, nada m\u00e1s comenzar su libro, el primero que aparece es precisamente el que estamos considerando (<em>Isa\u00edas 1:4<\/em>).\u00a0 Aunque no s\u00f3lo Israel, la humanidad en su conjunto desde Ad\u00e1n en adelante, se ha quedado corta de la norma que Dios ha mandado.<\/li>\n<li>Avon &#8211; heb.<strong>\u05e2\u05b8\u05d5\u05d5\u05b9\u05df<\/strong> &#8211; La ra\u00edz gramatical de esta palabra procede de torcer, de ah\u00ed que este t\u00e9rmino signifique torcer o retorcer la norma, es decir, pervertir lo que es recto. Es un aspecto del pecado muy corriente, en el que para auto-justificarme manipulo la ley para que \u00e9sta diga lo que yo quiero que diga. Es el pecado del que Dios acusa a los amorreos en G\u00e9nesis 15:6, quienes cuatro generaciones despu\u00e9s de Abraham llevar\u00e1n su maldad al colmo, cuando Israel entre en Cana\u00e1n y se encuentre con todo tipo de abominaciones en las que las normas morales m\u00e1s elementales de equidad y justicia han sido pervertidas por los cananeos.<\/li>\n<li>Pesha &#8211; heb.<strong>\u05e4\u05b6\u05bc\u05ab\u05e9\u05b7\u05c1\u05e2<\/strong> &#8211; Si jata&#8217; significa errar o quedarse corta de la norma y avon significa torcer la norma, pesha&#8217; significa rebeli\u00f3n contra la norma. La idea fundamental de esta palabra es rechazo de la autoridad. En las acusaciones de los dos primeros cap\u00edtulos de Am\u00f3s, esta faceta aparece entre los pecados cometidos por las naciones no israelitas contra otros pueblos, pero, sorprendentemente, el pueblo de Israel es el \u00fanico al que se le acusa de este pecado no en t\u00e9rminos horizontales sino verticales, es decir contra Dios. Cuando David expresa su dolor en el Salmo 51 por su pecado, usa al inicio del mismo, los tres conceptos vistos hasta ahora: jata&#8217;, avon y pesha en los vers\u00edculos 2 y 3. As\u00ed que David ve su pecado como una rebeli\u00f3n abierta contra Dios y su ley, como una maldad en la que ha intentado retorcer lo justo para aparentar inocencia y como un pecado que se ha quedado corto de esa ley.<\/li>\n<li>Ra &#8211; heb.<strong>\u05e8\u05b8\u05e2<\/strong> &#8211; \u00a0Mal es el significado de este t\u00e9rmino y su opuesto ser\u00eda bien o bueno, como en Proverbios 15:3. Tiene un alcance amplio, refiri\u00e9ndose en ocasiones al mal o calamidad que puede golpearnos en la vida (<em>Salmo 34:19<\/em>), pero tambi\u00e9n al mal que tiene una componente moral (<em>Salmo 140:2<\/em>) y que nosotros mismos ejecutamos deliberadamente. La expresi\u00f3n &#8216;hizo lo malo ante los ojos del Se\u00f1or&#8217; se repite una y otra vez en los libros hist\u00f3ricos, como resumen evaluador del reinado de bastantes reyes de Israel y la base de su condenaci\u00f3n. Aquel cuya vida se caracteriza por la maldad tiene un futuro siniestro si no cambia, pues Dios mismo est\u00e1 contra \u00e9l (<em>Isa\u00edas 31:2)<\/em>.<\/li>\n<li>Rasha &#8211; heb.<strong>\u05e8\u05b8\u05e9\u05b8\u05c1\u05e2<\/strong> &#8211; Este vocablo, que significa maldad, se usa en ciertas ocasiones como el ant\u00f3nimo de tsedeq (<em>justicia<\/em>), especialmente en el libro de Proverbios donde ese paralelismo antit\u00e9tico, justo-malvado, aparece unas 40 veces. Tambi\u00e9n existe un contraste similar en las palabras arameas equivalentes. El Salmo 1 compara al justo con el malvado y los distintos fines que aguardan a uno y a otro. En la Biblia se describe al malvado como violador de los derechos del pr\u00f3jimo, avaricioso, opresor, maquinador y dispuesto a todo, con tal de conseguir sus fines. En resumen, el malvado es una amenaza para la comunidad.<\/li>\n<li>Asham &#8211; heb.<strong>\u05d0\u05b8\u05e9\u05b8\u05c1\u05dd &#8211;\u00a0<\/strong>El significado b\u00e1sico es culpabilidad, el cual est\u00e1 \u00edntimamente ligado a castigo, de ah\u00ed que ambas ideas est\u00e9n presentes en muchos ejemplos en los que esta palabra aparece en el Antiguo Testamento. En G\u00e9nesis 26:10 se encuentra en el pasaje donde Abimelec reprende a Abraham por no decirle que Sara es su esposa, lo cual podr\u00eda haber tra\u00eddo culpa sobre cualquiera que se hubiera unido a ella. Esta es la palabra que se usa en Isa\u00edas 53:10, cuando se afirma que Jes\u00fas pondr\u00e1 su vida en expiaci\u00f3n (ofrenda por la culpa) del pecado. De manera que asham describe tanto la culpa como la ofrenda por la culpa. Algo similar a lo que sucede con jata&#8217;, que significa tanto pecado como ofrenda por el pecado.<\/li>\n<li>Avl\u00e1 &#8211; heb.<span class=\"s1\"><strong>\u05e2\u05b7\u05d5\u05b0\u05dc\u05b8\u05d4<\/strong> &#8211;<\/span><a href=\"https:\/\/es.wikipedia.org\/wiki\/Maim%C3%B3nides\">Maim\u00f3nides<\/a> comentando esta palabra la traduce acertadamente como tortuosidad. Y ciertamente su significado b\u00e1sico es desviarse de lo recto. Lo tortuoso se usa para describir la parcialidad en el juicio (<em>Lev\u00edtico 19.15<\/em>), el comercio deshonesto (<em>Deuteronomio 25,16)<\/em>, el asesinato (<em>2 Samuel 3:34<\/em>), la opresi\u00f3n (<em>2 Samuel 7:10<\/em>) o las palabras viciadas (<em>Job 27:4<\/em>). En una ocasi\u00f3n se contrasta este t\u00e9rmino con la rectitud de Dios (<em>Salmo 92:15<\/em>).<\/li>\n<li>Ta&#8217;ah &#8211; heb.<strong>\u05ea\u05b8\u05bc\u05e2\u05b8\u05d4<\/strong> &#8211; Probablemente el pasaje m\u00e1s famoso donde esta palabra aparece sea Isa\u00edas 53:6, en el que se nos describe como ovejas descarriadas. Y efectivamente \u00e9se ser\u00eda el significado de la palabra, si bien con la agravante de que no se trata de un descarr\u00edo inconsciente sino consciente.<\/li>\n<li>Shagag &#8211; heb.<strong>\u05e9\u05b8\u05c1\u05d2\u05b7\u05d2<\/strong> &#8211; El t\u00e9rmino significa vagar, andar perdido, de ah\u00ed que en algunas ocasiones se traduzca como yerro, en el sentido de pecado de ignorancia o inadvertencia, como en Lev\u00edtico 4:2,22,27. Esto significar\u00eda que shagag no es una acepci\u00f3n de pecado que contenga las componentes de perversidad que otras acepciones tienen. Sin embargo, hay que tener cuidado para no interpretar todos los textos por ese mismo bajo perfil, porque en otras ocasiones se deja claro que se trata de algo malo deliberadamente escogido, no simplemente por debilidad o error, como es el caso de Sa\u00fal en 1 Samuel 26:21.<\/li>\n<li>Sherirut &#8211; heb.<strong>\u05e9\u05b0\u05c1\u05e8\u05b4\u05d9\u05e8\u05d5\u05bc\u05ea<\/strong> &#8211; De las 10 veces que aparece este t\u00e9rmino 8 est\u00e1n en Jerem\u00edas. Significa terquedad u obstinaci\u00f3n y est\u00e1 asociado con un estado de la mente y del coraz\u00f3n, como en Jerem\u00edas 7:24 donde el pueblo rechaza responder a las amonestaciones de Dios.<\/li>\n<li>Tam\u00e9 &#8211; heb.<strong>\u05d8\u05b8\u05de\u05b5\u05d0<\/strong> &#8211; La idea que preside este vocablo y sus derivados es la de suciedad o impureza y se puede referir tanto a la impureza ceremonial como a la moral. En Lev\u00edtico 11 al 15 encontramos la mayor parte de las ordenanzas que tienen que ver con el primer tipo. Los profetas usar\u00e1n la ilustraci\u00f3n de la impureza legal o ceremonial como s\u00edmbolo de la moral, acusando una y otra vez a Israel de estar contaminado por ella (<em>Ezequiel 36:17<\/em>). No solamente Israel, cada uno de nosotros estamos tambi\u00e9n ensuciados por la misma (<em>Isa\u00edas 6:5<\/em>), siendo nuestros mejores m\u00e9ritos comparados a trapos sucios (<em>Isa\u00edas 64:6<\/em>).<\/li>\n<li>Peti. Kesil. Evil. Nabal. Hay una serie de t\u00e9rminos que aparecen especialmente en el libro de Proverbios y que son lo opuesto a la sensatez, sabidur\u00eda, prudencia, etc. Significan insensatez, necedad, locura, etc. Denotan esa cualidad del pecado por la que \u00e9ste mismo se pone en evidencia, al quedar patente la estupidez que le es cong\u00e9nita.<\/li>\n<\/ul>\n<p>Despu\u00e9s de esta larga, aunque resumida, colecci\u00f3n de vocablos hebreos que tienen que ver con la palabra pecado, resulta f\u00e1cil entender la grandeza de la expiaci\u00f3n que Cristo ha efectuado en el santuario celestial (<em>Hebreos 9:24<\/em>) al llevar nuestros pecados, con todas sus taras, ramificaciones, monstruosidades y consecuencias terribles, sobre s\u00ed. No es extra\u00f1o que a esa salvaci\u00f3n se la califique de grande (<em>Hebreos 2:3<\/em>) y se nos amoneste a tom\u00e1rnosla en serio.<\/p>\n<p>Ahora comencemos a este estudio sobre el lugar Sant\u00edsimo&#8230;<\/p>\n<p>Antes de entrar al lugar santo hay que\u00a0 pasar por el velo que <span id=\"gtbmisp_0\">divid\u00eda<\/span> al lugar santo del lugar <span id=\"gtbmisp_1\">sant\u00edsimo<\/span>. <em>(<span id=\"gtbmisp_2\">\u00c9xodo<\/span> 26:31-33; 36:35-36; <span id=\"gtbmisp_3\">Heb<\/span>. 9:1-5)<\/em><\/p>\n<hr \/>\n<p style=\"text-align:center;\">\n<p style=\"text-align:center;\"><span style=\"text-decoration:underline;\"><strong>EL VELO<\/strong><\/span><\/p>\n<p>Velo : Era de azul , purpura, carmes\u00ed, lino torcido y tenia querubines.<\/p>\n<\/div>\n<\/div>\n<p style=\"text-align:center;\">\n<div class=\"post-body entry-content\">\n<div style=\"text-align:left;\">\n<div><img data-recalc-dims=\"1\" loading=\"lazy\" decoding=\"async\" data-attachment-id=\"13425\" data-permalink=\"https:\/\/atravesdelasescrituras.com\/es_es\/2016\/08\/02\/el-tabernaculo-lugar-santisimo\/attachment\/43\/\" data-orig-file=\"https:\/\/atravesdelasescrituras.com\/wp-content\/uploads\/2016\/08\/43.jpg\" data-orig-size=\"277,258\" data-comments-opened=\"1\" data-image-meta=\"{&quot;aperture&quot;:&quot;0&quot;,&quot;credit&quot;:&quot;&quot;,&quot;camera&quot;:&quot;&quot;,&quot;caption&quot;:&quot;&quot;,&quot;created_timestamp&quot;:&quot;0&quot;,&quot;copyright&quot;:&quot;&quot;,&quot;focal_length&quot;:&quot;0&quot;,&quot;iso&quot;:&quot;0&quot;,&quot;shutter_speed&quot;:&quot;0&quot;,&quot;title&quot;:&quot;&quot;,&quot;orientation&quot;:&quot;1&quot;}\" data-image-title=\"43\" data-image-description=\"\" data-image-caption=\"\" data-large-file=\"https:\/\/atravesdelasescrituras.com\/wp-content\/uploads\/2016\/08\/43.jpg\" class=\"  wp-image-13425 aligncenter\" src=\"https:\/\/i0.wp.com\/atravesdelasescrituras.com\/wp-content\/uploads\/2016\/08\/43.jpg?resize=381%2C355&#038;ssl=1\" alt=\"43\" width=\"381\" height=\"355\" \/><\/div>\n<\/div>\n<div><\/div>\n<div style=\"text-align:left;\">\nEste velo estaba:<\/p>\n<ul>\n<li>Sobre 4 columnas : madera de acacia, cubiertas con oro, capiteles de oro y basas de \u00a0 \u00a0 \u00a0 plata.<\/li>\n<li>Se\u00a0pondr\u00e1\u00a0debajo de los corchetes.<\/li>\n<li>Sera\u00a0separaci\u00f3n\u00a0entre el lugar santo y el lugar\u00a0sant\u00edsimo<\/li>\n<li>Era un\u00a0s\u00edmbolo\u00a0de\u00a0separaci\u00f3n\u00a0entre Dios y los hombres, por el pecado<\/li>\n<\/ul>\n<p style=\"text-align:center;\"><em>\u00a0(Marcos 15:38; Mateo 27:50-51; Hebreos 10:19-21)<\/em><\/p>\n<\/div>\n<\/div>\n<p>&nbsp;<\/p>\n<p><span class=\"embed-youtube\" style=\"text-align:center; display: block;\"><iframe class=\"youtube-player\" width=\"1870\" height=\"1052\" src=\"https:\/\/www.youtube.com\/embed\/NgDEzrL4uy4?version=3&#038;rel=1&#038;showsearch=0&#038;showinfo=1&#038;iv_load_policy=1&#038;fs=1&#038;hl=es-ES&#038;autohide=2&#038;wmode=transparent\" allowfullscreen=\"true\" style=\"border:0;\" sandbox=\"allow-scripts allow-same-origin allow-popups allow-presentation allow-popups-to-escape-sandbox\"><\/iframe><\/span><\/p>\n<p class=\"post-body entry-content\">\n<div>\n<div style=\"text-align:center;\"><\/div>\n<p style=\"text-align:center;\"><span style=\"text-decoration:underline;\"><strong>Confecci\u00f3n\u00a0del velo:<\/strong><\/span><\/p>\n<p>Su\u00a0tejido\u00a0(<em>lino torcido<\/em>): Vida abundante en Cristo (<em>1 Juan 3:5<\/em>),\u00a0perfecci\u00f3n\u00a0de la humanidad de Cristo, es\u00a0s\u00edmbolo\u00a0de santidad\u00a0<em>(1 Pedro 2:22)<\/em><\/p>\n<p>Su colores :\u00a0 Nos hablan de la\u00a0posici\u00f3n\u00a0de Cristo.<\/p>\n<ul>\n<li>Azul : origen celestial.<\/li>\n<li>Purpura: realeza de cristo.<\/li>\n<li>Carmes\u00ed:\u00a0pasi\u00f3n\u00a0y muerte.<\/li>\n<\/ul>\n<p>&#8211; Con respecto a sus materiales y colores\u00a0 podemos ver una\u00a0representaci\u00f3n\u00a0en los cuatro\u00a0evangelios:<\/p>\n<p style=\"padding-left:60px;\">\u201c<em>He aqu\u00ed tu rey<\/em>\u201d (<em>Zacar\u00edas\u00a09:9<\/em>). Mateo presenta al se\u00f1or como el Mes\u00edas\u00a0profetizado, el rey prometido a los\u00a0jud\u00edos. Presentando el\u00a0cumplimiento\u00a0de la\u00a0profec\u00eda\u00a0en\u00a0Jes\u00fas\u00a0deNazaret. Por eso la\u00a0genealog\u00eda\u00a0que presenta mateo es una\u00a0relaci\u00f3n\u00a0directa y legal de la casa real de David y\u00a0tambi\u00e9n\u00a0con\u00a0Abraham\u00a0el padre del pueblo hebreo.<\/p>\n<p style=\"padding-left:60px;\">\u201c<em>He aqu\u00ed mi siervo<\/em>\u201d (<em>Isa\u00edas\u00a042:1<\/em>).\u00a0 Marcos presenta\u00a0a Jes\u00fas\u00a0como el siervo perfecto de YHVH. No presenta su nacimiento e infancia ni se\u00f1ala su\u00a0genealog\u00eda.<\/p>\n<p style=\"padding-left:60px;\"><em>\u201cHe aqu\u00ed\u00a0 el\u00a0var\u00f3n<\/em>\u201d (<em>Zacar\u00edas\u00a06:12<\/em>).Lucas\u00a0presenta al Se\u00f1or no solamente en\u00a0relaci\u00f3n\u00a0con el pueblo de Israel\u00a0sino con todo el genero humano. Por eso su\u00a0genealog\u00eda\u00a0comienza con Ad\u00e1n\u00a0el padre de la raza humana. Se hace mucho\u00a0\u00e9nfasis\u00a0en la humanidad del Mes\u00edas. Cristo como el hijo del hombre.<\/p>\n<p style=\"padding-left:60px;\">\u201c<em>Ved aqu\u00ed al Dios vuestro<\/em>\u201d (<em>Isa\u00edas\u00a040:9<\/em>). Los tres\u00a0evangelios\u00a0anteriores son llamados,evangelios\u00a0sin\u00f3pticos\u00a0porque presentan a Cristo desde el punto de vista humano e\u00a0hist\u00f3rico. Juan nos lo presenta como el celestial y divino. El\u00a0evangelio\u00a0de\u00a0Juan\u00a0pone de relieve la deidad del Mes\u00edas, el Hijo\u00a0eterno de Dios.<\/p>\n<p>&nbsp;<\/p>\n<\/div>\n<div>\n<p style=\"text-align:center;\"><span style=\"text-decoration:underline;\"><strong>Prop\u00f3sito\u00a0del velo:<\/strong><\/span><\/p>\n<ul>\n<li>S\u00edmbolo\u00a0de la presencia de Dios, la cual ocultaba.\u00a0Ning\u00fan\u00a0hombre\u00a0pod\u00eda\u00a0ver a Dios y vivir. (<em>Ex. 33:20<\/em>) los hombres\u00a0pod\u00edan\u00a0ver el velo que los separaba. Cristo en su cuerpo humano\u00a0encubr\u00eda\u00a0a Dios con el velo de su carne pero al mismo tiempo lo revelaba.\u00a0<em>(1\u00a0Tim\u00a06:16l;\u00a0Jn\u00a01:18; 14:9; Col 1:15,16)<img data-recalc-dims=\"1\" loading=\"lazy\" decoding=\"async\" data-attachment-id=\"4325\" data-permalink=\"https:\/\/atravesdelasescrituras.com\/es_es\/2016\/04\/23\/el-misterio-de-la-vaca-roja\/attachment\/14\/\" data-orig-file=\"https:\/\/atravesdelasescrituras.com\/wp-content\/uploads\/2016\/04\/142.jpg\" data-orig-size=\"250,337\" data-comments-opened=\"1\" data-image-meta=\"{&quot;aperture&quot;:&quot;0&quot;,&quot;credit&quot;:&quot;&quot;,&quot;camera&quot;:&quot;&quot;,&quot;caption&quot;:&quot;&quot;,&quot;created_timestamp&quot;:&quot;0&quot;,&quot;copyright&quot;:&quot;&quot;,&quot;focal_length&quot;:&quot;0&quot;,&quot;iso&quot;:&quot;0&quot;,&quot;shutter_speed&quot;:&quot;0&quot;,&quot;title&quot;:&quot;&quot;,&quot;orientation&quot;:&quot;0&quot;}\" data-image-title=\"14\" data-image-description=\"\" data-image-caption=\"\" data-large-file=\"https:\/\/atravesdelasescrituras.com\/wp-content\/uploads\/2016\/04\/142.jpg\" class=\" size-full wp-image-4325 alignright\" src=\"https:\/\/i0.wp.com\/atravesdelasescrituras.com\/wp-content\/uploads\/2016\/04\/142.jpg?resize=250%2C337&#038;ssl=1\" alt=\"14\" width=\"250\" height=\"337\" \/><\/em><\/li>\n<li>Cerraba e\u00a0imped\u00eda\u00a0el acceso a la presencia de Dios (<em>Lv. 16:2;\u00a0Heb, 9:8)\u00a0<\/em>simbolizaba\u00a0la\u00a0separaci\u00f3n\u00a0entre Dios y los hombres por el pecado.<\/li>\n<li>Camino a la presencia de Dios. Recordemos que el sacerdote <span id=\"gtbmisp_66\">pod\u00eda<\/span> entrar por medio de la sangre de la <span id=\"gtbmisp_67\">expiaci\u00f3n<\/span>\u00a0(<em><span id=\"gtbmisp_68\">Lv<\/span>. 16:15<\/em>) . <span id=\"gtbmisp_69\">As\u00ed<\/span> la sangre de Cristo es el medio que nos permite la entrada a la presencia de Dios, no nuestras obras.<\/li>\n<\/ul>\n<\/div>\n<div>\n<p>La rasgadura del velo no fue hecha por recursos humanos (<em>Mt. 27:51<\/em>). Cristo rasgo el velo\u00a0completamente (<em>Jn\u00a014:6;\u00a0Hech\u00a04:12;\u00a0Ef\u00a02:18)<\/em>, recordemos el momento cuando el Se\u00f1or en la cruz dijo : \u201c<em>consumado es<\/em>\u201d.<\/p>\n<p>El velo partido simboliza la posibilidad que tiene cada creyente, y no solo el sumo sacerdote, de acercarse a Dios por medio del sacrificio de Jes\u00fas nuestro gran sumo sacerdote una vez y para siempre.<\/p>\n<\/div>\n<p>&nbsp;<\/p>\n<p class=\"post-body entry-content\">\n<div><\/div>\n<p style=\"text-align:center;\"><span style=\"text-decoration:underline;\"><strong>MEDIDAS DEL LUGAR SANT\u00cdSIMO:<\/strong><\/span><\/p>\n<ul>\n<li>10 codos de largo\u00a0<em>(15 pies o 4,60 metros)<\/em><\/li>\n<li>10 codos de ancho<em>\u00a0(15 pies o 4,60 metros)<\/em><\/li>\n<li>10 codos de alto\u00a0<em>(15 pies o 4,60 metros)<\/em><\/li>\n<\/ul>\n<p>&nbsp;<\/p>\n<p style=\"text-align:center;\"><span style=\"text-decoration:underline;\"><strong>Muebles dentro del lugar\u00a0sant\u00edsimo<\/strong><\/span><\/p>\n<p>El lugar\u00a0sant\u00edsimo\u00a0era una estancia que se\u00a0caracterizaba\u00a0por la\u00a0perfecci\u00f3n, era donde se manifestaba la presencia de Dios.<\/p>\n<p>Dentro del lugar\u00a0sant\u00edsimo\u00a0no\u00a0hab\u00eda\u00a0luz. Leamos 1 Reyes 8:12:<\/p>\n<p><em>\u00abEntonces dijo Salom\u00f3n: YHVH\u00a0ha dicho que \u00e9l habitar\u00eda en la oscuridad\u00bb<\/em><\/p>\n<p>Esto estaba expresando que en ese tiempo aun no\u00a0hab\u00eda\u00a0una\u00a0revelaci\u00f3n\u00a0plena que solo tuvo lugar en Cristo. Dios manifestado en carne. (<em>Jn:14; 1\u00a0Timoteo\u00a03:16<\/em>)<\/p>\n<p><img data-recalc-dims=\"1\" loading=\"lazy\" decoding=\"async\" data-attachment-id=\"13431\" data-permalink=\"https:\/\/atravesdelasescrituras.com\/es_es\/2016\/08\/02\/el-tabernaculo-lugar-santisimo\/imagen-11212\/\" data-orig-file=\"https:\/\/atravesdelasescrituras.com\/wp-content\/uploads\/2016\/08\/imagen-11212.png\" data-orig-size=\"816,672\" data-comments-opened=\"1\" data-image-meta=\"{&quot;aperture&quot;:&quot;0&quot;,&quot;credit&quot;:&quot;&quot;,&quot;camera&quot;:&quot;&quot;,&quot;caption&quot;:&quot;&quot;,&quot;created_timestamp&quot;:&quot;0&quot;,&quot;copyright&quot;:&quot;&quot;,&quot;focal_length&quot;:&quot;0&quot;,&quot;iso&quot;:&quot;0&quot;,&quot;shutter_speed&quot;:&quot;0&quot;,&quot;title&quot;:&quot;&quot;,&quot;orientation&quot;:&quot;0&quot;}\" data-image-title=\"Imagen 11212\" data-image-description=\"\" data-image-caption=\"\" data-large-file=\"https:\/\/atravesdelasescrituras.com\/wp-content\/uploads\/2016\/08\/imagen-11212.png\" class=\"  wp-image-13431 aligncenter\" src=\"https:\/\/i0.wp.com\/atravesdelasescrituras.com\/wp-content\/uploads\/2016\/08\/imagen-11212.png?resize=294%2C240&#038;ssl=1\" alt=\"Imagen 11212\" width=\"294\" height=\"240\" \/><\/p>\n<hr \/>\n<p>&nbsp;<\/p>\n<p class=\"post-body entry-content\">\n<div style=\"text-align:center;\">\n<p><span style=\"text-decoration:underline;\"><strong>ARCA DEL PACTO:<\/strong><\/span><\/p>\n<p>El arca es una figura de Jesucristo\u00a0como el Hijo perfecto de Dios y al mismo tiempo hombre perfecto. La madera representa Su humanidad y el oro, tanto en el interior como en el exterior del arca representa Su deidad.<\/p>\n<p style=\"text-align:left;\">En El habita la ley de Dios que es perfecta (<em>las tablas de piedra<\/em>), totalmente el sacerdocio de Dios (<em>la vara de Aar\u00f3n<\/em>) y el abundante pan de Dios (<em>Man\u00e1<\/em>).<\/p>\n<p style=\"text-align:left;\">El suyo es el \u00ab<em>propiciatorio<\/em>\u00bb de Dios, el lugar de la expiaci\u00f3n y Dios se encuentra con el pecador en Jesucristo. A Jes\u00fas\u00a0se le llama la \u00ab<em>propiciaci\u00f3n<\/em>\u00bb en Romanos 3:25 entendi\u00e9ndose que es el mismo que el propiciatorio. La expresi\u00f3n (<em>en ingl\u00e9s<\/em>) \u00ab<em>asiento de misericordia<\/em>\u00bb significa \u00ab<em>propiciatorio<\/em>\u00bb (<em>expiaci\u00f3n<\/em>).<\/p>\n<p style=\"text-align:left;\">Nosotros acudimos a Jes\u00fas, tanto por ser nuestro Sumo Sacerdote como por ser nuestro \u00ab<em>propiciatorio<\/em>\u00ab, para poder confesar nuestras faltas y recibir de nuevo la limpieza gracias a Su preciosa sangre. La misericordia abunda all\u00ed y cumple con todos los requisitos de la justicia.<\/p>\n<p style=\"text-align:left;\">\n<\/div>\n<p><img data-recalc-dims=\"1\" loading=\"lazy\" decoding=\"async\" data-attachment-id=\"13434\" data-permalink=\"https:\/\/atravesdelasescrituras.com\/es_es\/2016\/08\/02\/el-tabernaculo-lugar-santisimo\/el-arca-del-pacto-origen-proposito-y-destino\/\" data-orig-file=\"https:\/\/atravesdelasescrituras.com\/wp-content\/uploads\/2016\/08\/el-arca-del-pacto-origen-proposito-y-destino.jpg\" data-orig-size=\"1920,1080\" data-comments-opened=\"1\" data-image-meta=\"{&quot;aperture&quot;:&quot;0&quot;,&quot;credit&quot;:&quot;&quot;,&quot;camera&quot;:&quot;&quot;,&quot;caption&quot;:&quot;&quot;,&quot;created_timestamp&quot;:&quot;0&quot;,&quot;copyright&quot;:&quot;(c) 2009 James Group Studios Inc.&quot;,&quot;focal_length&quot;:&quot;0&quot;,&quot;iso&quot;:&quot;0&quot;,&quot;shutter_speed&quot;:&quot;0&quot;,&quot;title&quot;:&quot;&quot;,&quot;orientation&quot;:&quot;0&quot;}\" data-image-title=\"el-arca-del-pacto-origen-proposito-y-destino\" data-image-description=\"\" data-image-caption=\"\" data-large-file=\"https:\/\/atravesdelasescrituras.com\/wp-content\/uploads\/2016\/08\/el-arca-del-pacto-origen-proposito-y-destino.jpg\" class=\"  wp-image-13434 aligncenter\" src=\"https:\/\/i0.wp.com\/atravesdelasescrituras.com\/wp-content\/uploads\/2016\/08\/el-arca-del-pacto-origen-proposito-y-destino.jpg?resize=579%2C326&#038;ssl=1\" alt=\"el-arca-del-pacto-origen-proposito-y-destino\" width=\"579\" height=\"326\" \/><\/p>\n<p>La gloria de Dios (<em>Shekin\u00e1<\/em>) se apoyaba en la tapa del arca (<em>el propiciatorio<\/em>).<\/p>\n<p>El contenido del arca se detalla en Hebreos 9:4 y muestra el deseo de Dios de proteger, proveer y dar vida a Su pueblo. Se incluye:<\/p>\n<ul>\n<li>Las tablas de piedra con los Diez Mandamientos <em>(Dios protege).<\/em><\/li>\n<li>Una urna con el man\u00e1 <em>(Dios provee).<\/em><\/li>\n<li>La vara de Aar\u00f3n <em>(que brot\u00f3 y dio fruto como prueba del poder de Dios para dar vida a lo que esta muerto).<\/em><\/li>\n<\/ul>\n<p><img data-recalc-dims=\"1\" loading=\"lazy\" decoding=\"async\" data-attachment-id=\"13458\" data-permalink=\"https:\/\/atravesdelasescrituras.com\/es_es\/2016\/08\/02\/el-tabernaculo-lugar-santisimo\/sin-titulo-3-4\/\" data-orig-file=\"https:\/\/atravesdelasescrituras.com\/wp-content\/uploads\/2016\/08\/sin-ticc81tulo-3.jpg\" data-orig-size=\"998,430\" data-comments-opened=\"1\" data-image-meta=\"{&quot;aperture&quot;:&quot;0&quot;,&quot;credit&quot;:&quot;&quot;,&quot;camera&quot;:&quot;&quot;,&quot;caption&quot;:&quot;&quot;,&quot;created_timestamp&quot;:&quot;0&quot;,&quot;copyright&quot;:&quot;&quot;,&quot;focal_length&quot;:&quot;0&quot;,&quot;iso&quot;:&quot;0&quot;,&quot;shutter_speed&quot;:&quot;0&quot;,&quot;title&quot;:&quot;&quot;,&quot;orientation&quot;:&quot;1&quot;}\" data-image-title=\"Sin ti\u0301tulo-3\" data-image-description=\"\" data-image-caption=\"\" data-large-file=\"https:\/\/atravesdelasescrituras.com\/wp-content\/uploads\/2016\/08\/sin-ticc81tulo-3.jpg\" class=\" size-full wp-image-13458 aligncenter\" src=\"https:\/\/i0.wp.com\/atravesdelasescrituras.com\/wp-content\/uploads\/2016\/08\/sin-ticc81tulo-3.jpg?resize=998%2C430&#038;ssl=1\" alt=\"Sin ti\u0301tulo-3\" width=\"998\" height=\"430\" \/><\/p>\n<p>El arca estaba hecha de madera de acacia recubierta en oro por dentro y por fuera, con una cornisa o moldura en el borde.<\/p>\n<p>Tenia cuatro anillas de oro (<em>uno en cada pata<\/em>), para que pasaran las varas para poder transportarla.<\/p>\n<p>Las varas eran de madera de acacia ba\u00f1ada en oro.<\/p>\n<p>El propiciatorio estaba en la parte superior del arca.<\/p>\n<ul>\n<li>Con su cubierta de oro solido llamado <span id=\"gtbmisp_85\">propiciatorio<\/span> o asiento de <span id=\"gtbmisp_86\">misericordia, tipifica<\/span>\u00a0a Jesucristo en <span id=\"gtbmisp_88\">relaci\u00f3n<\/span> con su obra redentora. (<em><span id=\"gtbmisp_89\">Ex<\/span>. 25:17; <span id=\"gtbmisp_90\">rom<\/span> 3:25<\/em>)<\/li>\n<li>Dos querubines de oro puro, labrados a cada lado de la tapa (<em><span id=\"gtbmisp_91\">propiciatorio<\/span><\/em>) y formaban una pieza con ella.<\/li>\n<\/ul>\n<p>Es el objeto de mayor importancia en todo el T<span id=\"gtbmisp_92\">abern\u00e1culo<\/span>. Existen diferentes nombres para mencionar esta arca:<\/p>\n<p style=\"text-align:center;\">El arca de <span id=\"gtbmisp_93\">YHVH<\/span>, el arca del Pacto, el arca del Testimonio.<\/p>\n<p><span class=\"embed-youtube\" style=\"text-align:center; display: block;\"><iframe class=\"youtube-player\" width=\"1870\" height=\"1052\" src=\"https:\/\/www.youtube.com\/embed\/xdwMDWm4gQw?version=3&#038;rel=1&#038;showsearch=0&#038;showinfo=1&#038;iv_load_policy=1&#038;fs=1&#038;hl=es-ES&#038;autohide=2&#038;wmode=transparent\" allowfullscreen=\"true\" style=\"border:0;\" sandbox=\"allow-scripts allow-same-origin allow-popups allow-presentation allow-popups-to-escape-sandbox\"><\/iframe><\/span><\/p>\n<p>&nbsp;<\/p>\n<ul>\n<li><strong>Las medidas del arca eran:<\/strong><\/li>\n<\/ul>\n<p>2,5 codos de largo<em>\u00a0<\/em><em>(45 pulgadas o 115 cent\u00edmetros)<\/em><\/p>\n<p>1,5 codos de ancho\u00a0<em>(27 pulgadas o 69 cent\u00edmetros)<\/em><\/p>\n<p>1,5 codos de alto\u00a0<em>(27 pulgadas o 69 cent\u00edmetros)<\/em><\/p>\n<p><img data-recalc-dims=\"1\" loading=\"lazy\" decoding=\"async\" data-attachment-id=\"13452\" data-permalink=\"https:\/\/atravesdelasescrituras.com\/es_es\/2016\/08\/02\/el-tabernaculo-lugar-santisimo\/arca_de_la_alianza1\/\" data-orig-file=\"https:\/\/atravesdelasescrituras.com\/wp-content\/uploads\/2016\/08\/arca_de_la_alianza1.gif\" data-orig-size=\"400,247\" data-comments-opened=\"1\" data-image-meta=\"{&quot;aperture&quot;:&quot;0&quot;,&quot;credit&quot;:&quot;&quot;,&quot;camera&quot;:&quot;&quot;,&quot;caption&quot;:&quot;&quot;,&quot;created_timestamp&quot;:&quot;0&quot;,&quot;copyright&quot;:&quot;&quot;,&quot;focal_length&quot;:&quot;0&quot;,&quot;iso&quot;:&quot;0&quot;,&quot;shutter_speed&quot;:&quot;0&quot;,&quot;title&quot;:&quot;&quot;,&quot;orientation&quot;:&quot;0&quot;}\" data-image-title=\"arca_de_la_alianza1\" data-image-description=\"\" data-image-caption=\"\" data-large-file=\"https:\/\/atravesdelasescrituras.com\/wp-content\/uploads\/2016\/08\/arca_de_la_alianza1.gif\" class=\" size-full wp-image-13452 aligncenter\" src=\"https:\/\/i0.wp.com\/atravesdelasescrituras.com\/wp-content\/uploads\/2016\/08\/arca_de_la_alianza1.gif?resize=400%2C247&#038;ssl=1\" alt=\"arca_de_la_alianza1\" width=\"400\" height=\"247\" \/><\/p>\n<hr \/>\n<p class=\"post-body entry-content\">\n<div style=\"text-align:center;\"><\/div>\n<div style=\"text-align:center;\"><strong style=\"text-decoration:underline;\">El\u00a0<\/strong><strong><u>propiciatorio- <\/u><em style=\"text-decoration:underline;\">(Exodo 25:17-22; 37:6-9)<\/em><\/strong><\/div>\n<p style=\"text-align:center;\">\n<p style=\"text-align:center;\"><img data-recalc-dims=\"1\" loading=\"lazy\" decoding=\"async\" data-attachment-id=\"13437\" data-permalink=\"https:\/\/atravesdelasescrituras.com\/es_es\/2016\/08\/02\/el-tabernaculo-lugar-santisimo\/propiciatorio\/\" data-orig-file=\"https:\/\/atravesdelasescrituras.com\/wp-content\/uploads\/2016\/08\/propiciatorio.jpg\" data-orig-size=\"729,779\" data-comments-opened=\"1\" data-image-meta=\"{&quot;aperture&quot;:&quot;0&quot;,&quot;credit&quot;:&quot;&quot;,&quot;camera&quot;:&quot;&quot;,&quot;caption&quot;:&quot;&quot;,&quot;created_timestamp&quot;:&quot;0&quot;,&quot;copyright&quot;:&quot;&quot;,&quot;focal_length&quot;:&quot;0&quot;,&quot;iso&quot;:&quot;0&quot;,&quot;shutter_speed&quot;:&quot;0&quot;,&quot;title&quot;:&quot;&quot;,&quot;orientation&quot;:&quot;0&quot;}\" data-image-title=\"propiciatorio\" data-image-description=\"\" data-image-caption=\"\" data-large-file=\"https:\/\/atravesdelasescrituras.com\/wp-content\/uploads\/2016\/08\/propiciatorio.jpg\" class=\"  wp-image-13437 aligncenter\" src=\"https:\/\/i0.wp.com\/atravesdelasescrituras.com\/wp-content\/uploads\/2016\/08\/propiciatorio.jpg?resize=435%2C465&#038;ssl=1\" alt=\"propiciatorio\" width=\"435\" height=\"465\" \/><\/p>\n<p style=\"text-align:center;\">\n<p style=\"text-align:left;\">&#8211; Medidas del propiciatorio:<\/p>\n<p style=\"text-align:left;\">\u00a02,5 codos de largo <em>(45 pulgadas o 115 cent\u00edmetros)<\/em><\/p>\n<p style=\"text-align:left;\">1,5 codos de ancho <em>(27 pulgadas o 69 cent\u00edmetros)<\/em><\/p>\n<p style=\"text-align:left;\">Una vez al a\u00f1o (<em>D\u00eda de expiaci\u00f3n\/Yom Kippur<\/em>) el Sumo sacerdote rociaba sangre en el propiciatorio para expiar los pecados de todo el pueblo.<\/p>\n<p style=\"text-align:left;\"><img data-recalc-dims=\"1\" loading=\"lazy\" decoding=\"async\" data-attachment-id=\"13443\" data-permalink=\"https:\/\/atravesdelasescrituras.com\/es_es\/2016\/08\/02\/el-tabernaculo-lugar-santisimo\/asperja-sangre\/\" data-orig-file=\"https:\/\/atravesdelasescrituras.com\/wp-content\/uploads\/2016\/08\/asperja-sangre.png\" data-orig-size=\"526,397\" data-comments-opened=\"1\" data-image-meta=\"{&quot;aperture&quot;:&quot;0&quot;,&quot;credit&quot;:&quot;&quot;,&quot;camera&quot;:&quot;&quot;,&quot;caption&quot;:&quot;&quot;,&quot;created_timestamp&quot;:&quot;0&quot;,&quot;copyright&quot;:&quot;&quot;,&quot;focal_length&quot;:&quot;0&quot;,&quot;iso&quot;:&quot;0&quot;,&quot;shutter_speed&quot;:&quot;0&quot;,&quot;title&quot;:&quot;&quot;,&quot;orientation&quot;:&quot;0&quot;}\" data-image-title=\"asperja sangre\" data-image-description=\"\" data-image-caption=\"\" data-large-file=\"https:\/\/atravesdelasescrituras.com\/wp-content\/uploads\/2016\/08\/asperja-sangre.png\" class=\"  wp-image-13443 aligncenter\" src=\"https:\/\/i0.wp.com\/atravesdelasescrituras.com\/wp-content\/uploads\/2016\/08\/asperja-sangre.png?resize=338%2C254&#038;ssl=1\" alt=\"asperja sangre\" width=\"338\" height=\"254\" \/><\/p>\n<p>\u00a0Dios ofrec\u00eda misericordia a los pecadores para que pudieran acercarse a \u00c9l para asombro de los Angeles.<\/p>\n<ul>\n<li>Era de oro fino.<\/li>\n<li>Dos querubines de oro, labrados a martillo estaban a ambos lados extremos del propiciatorio. De una sola pieza con el propiciatorio.<\/li>\n<li>Los querubines se extender\u00e1n por encima sus alas, cubriendo el propiciatorio.<\/li>\n<li>Sus rostros, el uno frente al otro, mirando al propiciatorio<\/li>\n<\/ul>\n<p>Algo a meditar es que el propiciatorio deb\u00eda ser colocado sobre el Arca del Pacto, es precisamente sobre el propiciatorio que el sumo sacerdote realizar\u00eda la aspersi\u00f3n de la sangre del cordero inmolado en el altar del holocausto.<\/p>\n<p>Era un bloque macizo de oro a golpes de martillo. Los querubines estaban puestos frente a frente con las alas extendidas hacia delante que se un\u00edan al centro. Las caras inclinadas hacia abajo mir\u00e1ndose el uno al otro en direcci\u00f3n al arca, contemplando la sangre.<\/p>\n<p>Ellos eran la expansi\u00f3n del propiciatorio (<em>En Cristo todas las cosas se conservan unidas. Col 1:17, Col 3:11, Heb 12:2; 1 Jn 2:2<\/em>).<\/p>\n<p>En el Antiguo Pacto la propiciaci\u00f3n por los pecados significaba que estos serian cubiertos o pasados por alto (<em>Sal 32:1<\/em>).<\/p>\n<p>En el Nuevo Pacto son quitados: (<em>Jn 1:29;Rom. 3:25; He. 10:4,11-12<\/em>)<\/p>\n<p>Era el lugar de encuentro de Dios con el hombre, pero en un doble sentido:<\/p>\n<ol>\n<li>Aaron, el sacerdote, representando al pueblo ante dios, acud\u00eda con la sangre del sacrificio.<\/li>\n<li>Moises, el enviado de Dios, como ap\u00f3stol, recib\u00eda all\u00ed los mensajes de Dios para el pueblo.<\/li>\n<\/ol>\n<p>Nuestro se\u00f1or Jesucristo en He 3:1, re\u00fane el doble car\u00e1cter de Moises y Aaron.<\/p>\n<p><img data-recalc-dims=\"1\" loading=\"lazy\" decoding=\"async\" data-attachment-id=\"13491\" data-permalink=\"https:\/\/atravesdelasescrituras.com\/es_es\/2016\/08\/02\/el-tabernaculo-lugar-santisimo\/santuario-celestial\/\" data-orig-file=\"https:\/\/atravesdelasescrituras.com\/wp-content\/uploads\/2016\/08\/santuario-celestial.jpg\" data-orig-size=\"611,481\" data-comments-opened=\"1\" data-image-meta=\"{&quot;aperture&quot;:&quot;0&quot;,&quot;credit&quot;:&quot;&quot;,&quot;camera&quot;:&quot;&quot;,&quot;caption&quot;:&quot;&quot;,&quot;created_timestamp&quot;:&quot;0&quot;,&quot;copyright&quot;:&quot;&quot;,&quot;focal_length&quot;:&quot;0&quot;,&quot;iso&quot;:&quot;0&quot;,&quot;shutter_speed&quot;:&quot;0&quot;,&quot;title&quot;:&quot;&quot;,&quot;orientation&quot;:&quot;0&quot;}\" data-image-title=\"santuario-celestial\" data-image-description=\"\" data-image-caption=\"\" data-large-file=\"https:\/\/atravesdelasescrituras.com\/wp-content\/uploads\/2016\/08\/santuario-celestial.jpg\" class=\"  wp-image-13491 aligncenter\" src=\"https:\/\/i0.wp.com\/atravesdelasescrituras.com\/wp-content\/uploads\/2016\/08\/santuario-celestial.jpg?resize=447%2C351&#038;ssl=1\" alt=\"santuario-celestial\" width=\"447\" height=\"351\" \/><\/p>\n<p>&nbsp;<\/p>\n<p><img data-recalc-dims=\"1\" loading=\"lazy\" decoding=\"async\" data-attachment-id=\"13492\" data-permalink=\"https:\/\/atravesdelasescrituras.com\/es_es\/2016\/08\/02\/el-tabernaculo-lugar-santisimo\/propiciacion\/\" data-orig-file=\"https:\/\/atravesdelasescrituras.com\/wp-content\/uploads\/2016\/08\/propiciacion.jpg\" data-orig-size=\"500,300\" data-comments-opened=\"1\" data-image-meta=\"{&quot;aperture&quot;:&quot;0&quot;,&quot;credit&quot;:&quot;&quot;,&quot;camera&quot;:&quot;&quot;,&quot;caption&quot;:&quot;&quot;,&quot;created_timestamp&quot;:&quot;0&quot;,&quot;copyright&quot;:&quot;&quot;,&quot;focal_length&quot;:&quot;0&quot;,&quot;iso&quot;:&quot;0&quot;,&quot;shutter_speed&quot;:&quot;0&quot;,&quot;title&quot;:&quot;&quot;,&quot;orientation&quot;:&quot;0&quot;}\" data-image-title=\"propiciacion\" data-image-description=\"\" data-image-caption=\"\" data-large-file=\"https:\/\/atravesdelasescrituras.com\/wp-content\/uploads\/2016\/08\/propiciacion.jpg\" class=\" size-full wp-image-13492 aligncenter\" src=\"https:\/\/i0.wp.com\/atravesdelasescrituras.com\/wp-content\/uploads\/2016\/08\/propiciacion.jpg?resize=500%2C300&#038;ssl=1\" alt=\"propiciacion\" width=\"500\" height=\"300\" \/><\/p>\n<p>&nbsp;<\/p>\n<p style=\"text-align:center;\"><strong><span style=\"text-decoration:underline;\">La nube y la columna de fuego (Ex 25:8-22, 29:43, 40:34-3)<\/span>:<\/strong><\/p>\n<p>YHVH manifestaba su presencia con una nube de d\u00eda y\u00a0una columna de fuego de noche.<\/p>\n<p><img data-recalc-dims=\"1\" loading=\"lazy\" decoding=\"async\" data-attachment-id=\"13446\" data-permalink=\"https:\/\/atravesdelasescrituras.com\/es_es\/2016\/08\/02\/el-tabernaculo-lugar-santisimo\/tabernaculo-2-2\/\" data-orig-file=\"https:\/\/atravesdelasescrituras.com\/wp-content\/uploads\/2016\/08\/tabernaculo-2.jpg\" data-orig-size=\"614,478\" data-comments-opened=\"1\" data-image-meta=\"{&quot;aperture&quot;:&quot;0&quot;,&quot;credit&quot;:&quot;Manriquito2&quot;,&quot;camera&quot;:&quot;&quot;,&quot;caption&quot;:&quot;&quot;,&quot;created_timestamp&quot;:&quot;0&quot;,&quot;copyright&quot;:&quot;&quot;,&quot;focal_length&quot;:&quot;0&quot;,&quot;iso&quot;:&quot;0&quot;,&quot;shutter_speed&quot;:&quot;0&quot;,&quot;title&quot;:&quot;&quot;,&quot;orientation&quot;:&quot;0&quot;}\" data-image-title=\"Tabernaculo-2\" data-image-description=\"\" data-image-caption=\"\" data-large-file=\"https:\/\/atravesdelasescrituras.com\/wp-content\/uploads\/2016\/08\/tabernaculo-2.jpg\" class=\"  wp-image-13446 aligncenter\" src=\"https:\/\/i0.wp.com\/atravesdelasescrituras.com\/wp-content\/uploads\/2016\/08\/tabernaculo-2.jpg?resize=419%2C325&#038;ssl=1\" alt=\"Tabernaculo-2\" width=\"419\" height=\"325\" \/><\/p>\n<p><img data-recalc-dims=\"1\" loading=\"lazy\" decoding=\"async\" data-attachment-id=\"13448\" data-permalink=\"https:\/\/atravesdelasescrituras.com\/es_es\/2016\/08\/02\/el-tabernaculo-lugar-santisimo\/2503123039_98715fcdb7\/\" data-orig-file=\"https:\/\/atravesdelasescrituras.com\/wp-content\/uploads\/2016\/08\/2503123039_98715fcdb7.jpg\" data-orig-size=\"500,377\" data-comments-opened=\"1\" data-image-meta=\"{&quot;aperture&quot;:&quot;0&quot;,&quot;credit&quot;:&quot;&quot;,&quot;camera&quot;:&quot;&quot;,&quot;caption&quot;:&quot;&quot;,&quot;created_timestamp&quot;:&quot;0&quot;,&quot;copyright&quot;:&quot;&quot;,&quot;focal_length&quot;:&quot;0&quot;,&quot;iso&quot;:&quot;0&quot;,&quot;shutter_speed&quot;:&quot;0&quot;,&quot;title&quot;:&quot;&quot;,&quot;orientation&quot;:&quot;0&quot;}\" data-image-title=\"2503123039_98715fcdb7\" data-image-description=\"\" data-image-caption=\"\" data-large-file=\"https:\/\/atravesdelasescrituras.com\/wp-content\/uploads\/2016\/08\/2503123039_98715fcdb7.jpg\" class=\"  wp-image-13448 aligncenter\" src=\"https:\/\/i0.wp.com\/atravesdelasescrituras.com\/wp-content\/uploads\/2016\/08\/2503123039_98715fcdb7.jpg?resize=451%2C340&#038;ssl=1\" alt=\"2503123039_98715fcdb7\" width=\"451\" height=\"340\" \/><\/p>\n<p>Se deten\u00eda sobre el Tabern\u00e1culo, justo encima del propiciatorio. Cuando la nube 0 la columna de fuego se mov\u00eda, los Hijos de Israel la segu\u00edan. Donde se deten\u00eda ellos acampaban hasta que se volviera a mover.<\/p>\n<p>Durante la <a href=\"http:\/\/Sukkot \u2013 Tabern\u00e1culos\">fiesta de los Tabern\u00e1culos<\/a>, que conmemoraba los d\u00edas que Israel pas\u00f3 en el desierto siguiendo la nube y la columna de fuego, Jesus le dijo a la gente que El era la luz del mundo y que si lo segu\u00edan no vivir\u00edan mas en tinieblas (<em>Juan 8:12<\/em>).<\/p>\n<p class=\"post-body entry-content\">\n<div style=\"text-align:left;\"><\/div>\n<div>\n<p style=\"text-align:center;\"><span style=\"text-decoration:underline;\"><strong>Las cornisas:<\/strong><\/span><\/p>\n<p style=\"text-align:left;\">Nos habla de la gloria excelsa de Cristo, \u201c<em>coronado de gloria y de honra<\/em>\u201d. (<em>Sal. 8:4-6;He. 2:5-10<\/em>) y de que su reino es de origen celestial (<em>era de oro\u00a0 puro<\/em>).<\/p>\n<p style=\"text-align:center;\"><span style=\"text-decoration:underline;\"><strong>Anillos de oro:<\/strong><\/span><\/p>\n<p style=\"text-align:left;\">El Arca ten\u00eda argollas en los laterales, dos en cada uno, para poder transportarla, que simbolizan las manos y los pies de Jes\u00fas\u00a0con los cuatro agujeros que le hicieron en su cuerpo para clavarle al madero.<\/p>\n<p style=\"text-align:left;\">La apertura del Arca representaba la herida en Su costado, pero adem\u00e1s el Arca era donde resid\u00eda el juicio sobre Israel y los Sacerdotes ten\u00edan que hacer expiaci\u00f3n por el pecado por medio del derramamiento de sangre. En el mismo sentido, El es nuestro juez y juzgar\u00e1 a todos.<\/p>\n<p style=\"text-align:left;\">Por ellos se pasaban las barras de madera de acacia chapeadas en oro. Esas varas nunca\u00a0deb\u00edan\u00a0retirarse de los anillos (<em>Ex. 25:15<\/em>).<\/p>\n<p style=\"text-align:left;\">El arca\u00a0deb\u00eda\u00a0estar siempre preparada para su traslado. Esto nos muestra que el se\u00f1or siempre esta con sus escogidos y dispuestos para andar en\u00a0comuni\u00f3n\u00a0con nosotros. (<em>Mat. 28:20; Jn. 10:4; Heb. 3:7-8<\/em>)<\/p>\n<\/div>\n<div><\/div>\n<div><b><b>&#8211;\u00a0<\/b><\/b>Muestran tipol\u00f3gicamente a Cristo<\/p>\n<ul>\n<li>Doble naturaleza, celestial (<em>oro<\/em>) y la humana (<em>madera<\/em>).<\/li>\n<li>El arca era una sola, no existir\u00e1 una segunda. Jer. 3:16-17. En la ciudad celestial, la mansi\u00f3n de los bienaventurados (<em>Heb. 1:10,16; 12:22-23<\/em>) no habr\u00e1 templo. Apc. 21:22<\/li>\n<li>El arca fue el primer objeto que describi\u00f3 Dios a Moises, era el mueble de primera importancia. Col. 1:15-19. As\u00ed Cristo deber ser el todo en nuestras vidas (<em>2 Cor. 13:5; col 1:27<\/em>)<\/li>\n<li>El arca era el \u00fanico utensilio dentro del lugar sant\u00edsimo (<em>Ex. 40:3<\/em>) solo Cristo es digno por si mismo de estar eternamente en la presencia de Dios. (<em>Pr. 8:30; Jn 1:18; He, 1:3<\/em>)<\/li>\n<li>El arca era el centro del campamento de Israel. Dios hablaba en medio de su pueblo y su presencia se manifestaba en ella (<em>Ex. 25:8; 29:45<\/em>).\u00a0 Es Jesucristo el centro de nuestras vidas, el no es un Dios lejano, el esta bien cerca\u00a0 de nosotros y habita en nosotros. (<em>Jn 14:23; 2 Cor. 6:16; Ef 3:16-19<\/em>).<\/li>\n<li>En el arca estaban los tesoros de Israel, es en Cristo donde tenemos nuestro tesoros. (<em>Col. 2:2-3<\/em>).<\/li>\n<\/ul>\n<\/div>\n<div style=\"text-align:center;\">\n<p><span style=\"text-decoration:underline;\"><strong>Las tablas de la ley:<\/strong><\/span><\/p>\n<p>Las tablas de la ley fueron entregadas por Dios a Mois\u00e9s, escritas por Su dedo. Estas fueron entregadas a Mois\u00e9s para que rigiera al pueblo y lo ense\u00f1ara bajos las instrucciones (<em>Torah<\/em>) que Dios le hab\u00eda dado.<\/p>\n<\/div>\n<p><img data-recalc-dims=\"1\" loading=\"lazy\" decoding=\"async\" data-attachment-id=\"13464\" data-permalink=\"https:\/\/atravesdelasescrituras.com\/es_es\/2016\/08\/02\/el-tabernaculo-lugar-santisimo\/slide_3\/\" data-orig-file=\"https:\/\/atravesdelasescrituras.com\/wp-content\/uploads\/2016\/08\/slide_3.jpg\" data-orig-size=\"960,720\" data-comments-opened=\"1\" data-image-meta=\"{&quot;aperture&quot;:&quot;0&quot;,&quot;credit&quot;:&quot;&quot;,&quot;camera&quot;:&quot;&quot;,&quot;caption&quot;:&quot;&quot;,&quot;created_timestamp&quot;:&quot;0&quot;,&quot;copyright&quot;:&quot;&quot;,&quot;focal_length&quot;:&quot;0&quot;,&quot;iso&quot;:&quot;0&quot;,&quot;shutter_speed&quot;:&quot;0&quot;,&quot;title&quot;:&quot;&quot;,&quot;orientation&quot;:&quot;0&quot;}\" data-image-title=\"slide_3\" data-image-description=\"\" data-image-caption=\"\" data-large-file=\"https:\/\/atravesdelasescrituras.com\/wp-content\/uploads\/2016\/08\/slide_3.jpg\" class=\"  wp-image-13464 aligncenter\" src=\"https:\/\/i0.wp.com\/atravesdelasescrituras.com\/wp-content\/uploads\/2016\/08\/slide_3.jpg?resize=471%2C354&#038;ssl=1\" alt=\"slide_3\" width=\"471\" height=\"354\" \/><\/p>\n<p style=\"text-align:left;\">Al Mois\u00e9s descender del monte Sina\u00ed se encuentra con que el pueblo estaba adorando un becerro de oro \u00a0y bajo el dominio de la ira lanz\u00f3 las mismas a los \u00a0pies del monte y tom\u00f3 el becerro y lo quem\u00f3 y moli\u00f3 hasta hacerlo polvo y se enoj\u00f3 con Aar\u00f3n por haberlo <img data-recalc-dims=\"1\" loading=\"lazy\" decoding=\"async\" data-attachment-id=\"13467\" data-permalink=\"https:\/\/atravesdelasescrituras.com\/es_es\/2016\/08\/02\/el-tabernaculo-lugar-santisimo\/moisesompetablas\/\" data-orig-file=\"https:\/\/atravesdelasescrituras.com\/wp-content\/uploads\/2016\/08\/moisesompetablas.jpg\" data-orig-size=\"260,262\" data-comments-opened=\"1\" data-image-meta=\"{&quot;aperture&quot;:&quot;0&quot;,&quot;credit&quot;:&quot;&quot;,&quot;camera&quot;:&quot;&quot;,&quot;caption&quot;:&quot;&quot;,&quot;created_timestamp&quot;:&quot;0&quot;,&quot;copyright&quot;:&quot;&quot;,&quot;focal_length&quot;:&quot;0&quot;,&quot;iso&quot;:&quot;0&quot;,&quot;shutter_speed&quot;:&quot;0&quot;,&quot;title&quot;:&quot;&quot;,&quot;orientation&quot;:&quot;0&quot;}\" data-image-title=\"moisesompetablas\" data-image-description=\"\" data-image-caption=\"\" data-large-file=\"https:\/\/atravesdelasescrituras.com\/wp-content\/uploads\/2016\/08\/moisesompetablas.jpg\" class=\"  wp-image-13467 alignright\" src=\"https:\/\/i0.wp.com\/atravesdelasescrituras.com\/wp-content\/uploads\/2016\/08\/moisesompetablas.jpg?resize=246%2C248&#038;ssl=1\" alt=\"moisesompetablas\" width=\"246\" height=\"248\" \/>permitido (<em>\u00c9xodo 32:19-21<\/em>).<\/p>\n<p style=\"text-align:left;\">Las segundas tablas nos son presentadas en Deutoronomio 10:3-5 como no hechas hasta despu\u00e9s de la construcci\u00f3n del Arca y colocadas all\u00ed en cuanto a Mois\u00e9s descendi\u00f3 del monte.<\/p>\n<p style=\"text-align:left;padding-left:60px;\">Seg\u00fan la tradici\u00f3n jud\u00eda: <em>\u00abCuando Moises\u00a0descendi\u00f3 del Monte Sina\u00ed con las dos Tablas de la Ley en sus manos y vio a los pecadores del becerro-quebr\u00f3 las Tablas. Moises\u00a0hizo esto por propia iniciativa, pero nuestros Sabios Z\u00bbL dicen\u00a0que \u00abel Alt\u00edsimo consinti\u00f3 con \u00e9l\u00bb, como est\u00e1 escrito \u00abAsher Shibarta-\u00a0que has quebrado\u00bb, interpretado por Rashi\u00a0como aprobaci\u00f3n (Asher en el sentido de Ishur-aprobaci\u00f3n)- \u00ablo aprob\u00f3 y lo elogi\u00f3 por haberlas quebrado\u00bb.<\/em><\/p>\n<p class=\"post-body entry-content\" style=\"padding-left:60px;\"><img data-recalc-dims=\"1\" loading=\"lazy\" decoding=\"async\" data-attachment-id=\"13460\" data-permalink=\"https:\/\/atravesdelasescrituras.com\/es_es\/2016\/08\/02\/el-tabernaculo-lugar-santisimo\/220px-vitrail_de_synagogue-musee_alsacien_de_strasbourg\/\" data-orig-file=\"https:\/\/atravesdelasescrituras.com\/wp-content\/uploads\/2016\/08\/220px-vitrail_de_synagogue-musecc81e_alsacien_de_strasbourg.jpg\" data-orig-size=\"220,221\" data-comments-opened=\"1\" data-image-meta=\"{&quot;aperture&quot;:&quot;0&quot;,&quot;credit&quot;:&quot;&quot;,&quot;camera&quot;:&quot;&quot;,&quot;caption&quot;:&quot;&quot;,&quot;created_timestamp&quot;:&quot;0&quot;,&quot;copyright&quot;:&quot;&quot;,&quot;focal_length&quot;:&quot;0&quot;,&quot;iso&quot;:&quot;0&quot;,&quot;shutter_speed&quot;:&quot;0&quot;,&quot;title&quot;:&quot;&quot;,&quot;orientation&quot;:&quot;0&quot;}\" data-image-title=\"220px-Vitrail_de_synagogue-Muse\u0301e_alsacien_de_Strasbourg\" data-image-description=\"\" data-image-caption=\"\" data-large-file=\"https:\/\/atravesdelasescrituras.com\/wp-content\/uploads\/2016\/08\/220px-vitrail_de_synagogue-musecc81e_alsacien_de_strasbourg.jpg\" class=\"  wp-image-13460 alignright\" src=\"https:\/\/i0.wp.com\/atravesdelasescrituras.com\/wp-content\/uploads\/2016\/08\/220px-vitrail_de_synagogue-musecc81e_alsacien_de_strasbourg.jpg?resize=235%2C235&#038;ssl=1\" alt=\"220px-Vitrail_de_synagogue-Muse\u0301e_alsacien_de_Strasbourg\" width=\"235\" height=\"235\" \/><\/p>\n<p class=\"post-body entry-content\" style=\"padding-left:60px;\"><em>Tiempo despu\u00e9s, Dios\u00a0entreg\u00f3 a Moises\u00a0las segundas Tablas, que eran \u00abdobles en sabidur\u00eda\u00a0, puesto que con ellas se entreg\u00f3 tambi\u00e9n \u00ablas leyes, el Midrash, y la Hagad\u00e1\u00bb- es decir la totalidad de la ley Oral (Tor\u00e1 Shebealp\u00e9). Estas Tablas fueron introducidas en el Arca de la Alianza que estaba en el Santuario, y a su lado fueron colocados en el Arca tambi\u00e9n los trozos quebrados de los primeras Tablas. Como dice el Talmud: \u00ablas Tablas y los trozos de las Tablas est\u00e1n colocados en el Arca\u00bb\u00bb<\/em><\/p>\n<p class=\"post-body entry-content\">El arca conteni\u0301a las tablas de la ley. La perfecta justicia de Dios, Jesu\u0301s el u\u0301nico que la guardo. La primera tabla conteni\u0301a las primeras cuatro leyes verticales de parte del hombre hacia Dios. La segunda tabla conteni\u0301a las otras seis leyes horizontales el trato del hombre con el hombre.<\/p>\n<p class=\"post-body entry-content\">En Jesu\u0301s se cumplieron las leyes y los profetas, el cumpliendo toda la ley, entra en nosotros los redimidos, y escribe Su ley en nuestros corazones y en nuestras mentes y nos ha dado su Espi\u0301ritu para poder caminar en ellas.<\/p>\n<p style=\"text-align:center;\">Hebreos 8:10 &#8211;\u00a0<em>\u201cPor lo cual, este es el pacto que hare\u0301 con la casa de Israel.\u00a0Despue\u0301s de aquellos di\u0301as, dice el Sen\u0303or:\u00a0Pondre\u0301 mis leyes en la mente de ellos, y sobre su corazo\u0301n las escribire\u0301; y sere\u0301 a ellos por Dios, y ellos me sera\u0301n a mi por pueblo\u00bb<\/em><\/p>\n<div class=\"page\" title=\"Page 100\">\n<div class=\"layoutArea\">\n<div class=\"column\">\n<p>Las tablas de la ley (<em>Ex. 25:16-21)<\/em>: Hablan de Jes\u00fas como la fuente de la Ley, la palabra de Dios hecha carne, El director de nuestra vida. (<em>Hech. 3:22; Heb. 1:1-2<\/em>).<\/p>\n<p>Las tablas de la ley nos hablan de la Naturaleza de Dios, tambi\u00e9n nos habla de su amor, su misericordia es para aquellos que se arrepienten y obedecen \u2013 no para aquellos que pecan y que caminan por la otra senda. Pues, no queda ma\u0301s sacrificio de pecado para aquellos que voluntariamente violan la ley\u00a0despue\u0301s de haber recibido el Conocimiento de la Verdad; (<em>Hebreos 10:26<\/em>).<\/p>\n<p style=\"text-align:center;\">Salmo 40:8 &#8211; <em>\u00abEl hacer tu voluntad, Dios m\u00edo, me ha agradado, Y tu ley est\u00e1 en medio de mi coraz\u00f3n\u00bb<\/em><\/p>\n<p>En el Nuevo Pacto, Dios pone Su ley dentro de nuestro corazo\u0301n y nos deleitamos al hacer Su voluntad.<\/p>\n<p>&nbsp;<\/p>\n<\/div>\n<\/div>\n<\/div>\n<div class=\"page\" title=\"Page 119\">\n<div class=\"layoutArea\">\n<div class=\"column\">\n<p><img data-recalc-dims=\"1\" loading=\"lazy\" decoding=\"async\" data-attachment-id=\"13473\" data-permalink=\"https:\/\/atravesdelasescrituras.com\/es_es\/2016\/08\/02\/el-tabernaculo-lugar-santisimo\/sin-titulo-4-2\/\" data-orig-file=\"https:\/\/atravesdelasescrituras.com\/wp-content\/uploads\/2016\/08\/sin-ticc81tulo-4.jpg\" data-orig-size=\"1024,740\" data-comments-opened=\"1\" data-image-meta=\"{&quot;aperture&quot;:&quot;0&quot;,&quot;credit&quot;:&quot;&quot;,&quot;camera&quot;:&quot;&quot;,&quot;caption&quot;:&quot;&quot;,&quot;created_timestamp&quot;:&quot;0&quot;,&quot;copyright&quot;:&quot;&quot;,&quot;focal_length&quot;:&quot;0&quot;,&quot;iso&quot;:&quot;0&quot;,&quot;shutter_speed&quot;:&quot;0&quot;,&quot;title&quot;:&quot;&quot;,&quot;orientation&quot;:&quot;1&quot;}\" data-image-title=\"Sin ti\u0301tulo-4\" data-image-description=\"\" data-image-caption=\"\" data-large-file=\"https:\/\/atravesdelasescrituras.com\/wp-content\/uploads\/2016\/08\/sin-ticc81tulo-4.jpg\" class=\" size-full wp-image-13473 aligncenter\" src=\"https:\/\/i0.wp.com\/atravesdelasescrituras.com\/wp-content\/uploads\/2016\/08\/sin-ticc81tulo-4.jpg?resize=1024%2C740&#038;ssl=1\" alt=\"Sin ti\u0301tulo-4\" width=\"1024\" height=\"740\" \/><\/p>\n<p>&nbsp;<\/p>\n<\/div>\n<\/div>\n<\/div>\n<div style=\"text-align:left;\">\n<p style=\"text-align:center;\"><span style=\"text-decoration:underline;\"><strong>La urna de oro:<\/strong><\/span><\/p>\n<p>Dentro de la urna estaba el man\u00e1, Esto traducido significa \u00ab<em>\u00bfQue es<\/em>?\u00bb, ya que cuando Dios \u00a0supli\u00f3 al pueblo con este alimento ellos se hicieron esa misma pregunta. Fue lo que comi\u00f3\u00a0el pueblo durante el <img data-recalc-dims=\"1\" loading=\"lazy\" decoding=\"async\" data-attachment-id=\"13476\" data-permalink=\"https:\/\/atravesdelasescrituras.com\/es_es\/2016\/08\/02\/el-tabernaculo-lugar-santisimo\/golden-pot-on-white\/\" data-orig-file=\"https:\/\/atravesdelasescrituras.com\/wp-content\/uploads\/2016\/08\/24116915-3d-render-de-una-urna-de-oro-foto-de-archivo.jpg\" data-orig-size=\"1299,1300\" data-comments-opened=\"1\" data-image-meta=\"{&quot;aperture&quot;:&quot;0&quot;,&quot;credit&quot;:&quot;&quot;,&quot;camera&quot;:&quot;&quot;,&quot;caption&quot;:&quot;3D render of golden pot isolated with clipping path&quot;,&quot;created_timestamp&quot;:&quot;0&quot;,&quot;copyright&quot;:&quot;&quot;,&quot;focal_length&quot;:&quot;0&quot;,&quot;iso&quot;:&quot;0&quot;,&quot;shutter_speed&quot;:&quot;0&quot;,&quot;title&quot;:&quot;Golden pot on white&quot;,&quot;orientation&quot;:&quot;1&quot;}\" data-image-title=\"Golden pot on white\" data-image-description=\"\" data-image-caption=\"&lt;p&gt;3D render of golden pot isolated with clipping path&lt;\/p&gt;\n\" data-large-file=\"https:\/\/atravesdelasescrituras.com\/wp-content\/uploads\/2016\/08\/24116915-3d-render-de-una-urna-de-oro-foto-de-archivo.jpg\" class=\"  wp-image-13476 alignright\" src=\"https:\/\/i0.wp.com\/atravesdelasescrituras.com\/wp-content\/uploads\/2016\/08\/24116915-3d-render-de-una-urna-de-oro-foto-de-archivo.jpg?resize=227%2C225&#038;ssl=1\" alt=\"Golden pot on white\" width=\"227\" height=\"225\" \/>tiempo que anduvieron por el desierto. Dios les orden\u00f3 no guardar y solo recoger lo que iban a ingerir y solo hab\u00eda una excepci\u00f3n y lo era el d\u00eda antes del d\u00eda de reposo (<em>\u00c9xodo 16:14<\/em>).<\/p>\n<p>Conten\u00eda una porci\u00f3n de mana (<em>Ex. 16:32-34; Heb 9:4<\/em>) Cristo no solo agrado a Dios, sino que tambi\u00e9n suple las necesidades del hombre, como el hizo el mana el ahora es nuestro pan de vida. (<em>Ex. 16:35; Mt. 3:17; 12:18; Jn 6:32-35, 47-51,57)<\/em><\/div>\n<div style=\"text-align:left;\"><\/div>\n<div style=\"text-align:left;\">\n<p>El mana\u0301 es una sustancia en forma de grano. E\u0301xodo 16:31 describe el sabor del mana\u0301 como \u201c<em>semillas de culantro blanco y hojuelas hechas con miel<\/em>\u201d. Nu\u0301meros 11:7-8 da una descripcio\u0301n ma\u0301s detallada de este \u201c<em>pan del cielo<\/em>\u201d, \u201c<em>Y era el mana\u0301 como semilla de culantro, y su color como color de bedelio<\/em>\u201d. Y Nu\u0301meros 11:8 dice, \u201c<em>&#8230;su sabor era como sabor de aceite nuevo<\/em>\u201d. Sabi\u0301a como aceite nuevo, habla\u0301ndonos de la uncio\u0301n del Espi\u0301ritu Santo.<\/p>\n<p>El bautismo que Jesucristo recibi\u00f3 para tomar nuestros pecados sobre Su cuerpo y Su crucifixi\u00f3n y derramamiento de sangre son nuestro verdadero pan de vida (<em>man\u00e1<\/em>). Al darnos Su carne y Su sangre, Jesucristo se ha convertido en el pan de vida eterna. Como nos dice Juan 6:48-58.<\/p>\n<p>Nuestro Se\u00f1or dijo,\u00a0<em>\u201cEste es el pan que descendi\u00f3 del cielo; no como vuestros padres comieron el man\u00e1, y murieron; el que come de este pan, vivir\u00e1 eternamente.\u201d<\/em><\/p>\n<p style=\"text-align:center;\">\u00bfCu\u00e1l era\u00a0<em>\u201cel pan que descendi\u00f3 del cielo?\u201d<\/em><\/p>\n<p>Quer\u00eda decir la carne y la sangre de Jes\u00fas. En la Biblia, la carne de Jes\u00fas nos habla que Jesucristo tom\u00f3 los pecados del mundo al ser bautizado por Juan el bautista en el R\u00edo Jord\u00e1n. Y la sangre de Jes\u00fas nos dice que debido a que Jes\u00fas fue bautizado, \u00c9l carg\u00f3 los pecados del mundo y llev\u00f3 la condenaci\u00f3n del pecado al ser crucificado.<\/p>\n<p>El man\u00e1 en la vasija era colocado en el Arca del Testimonio y era el pan de vida para los Israelitas cuando estaban en el desierto, y en el tiempo del Nuevo Testamento, su significado espiritual se refiere a la carne de Jes\u00fas. Esta verdad nos muestra el bautismo a trav\u00e9s del cual Jesucristo tom\u00f3 las iniquidades de todos los pecadores y en la sangre que \u00c9l derram\u00f3 sobre la Cruz.<\/p>\n<p>Debido a que Jesucristo tom\u00f3 todos los pecados del mundo sobre Su cuerpo a trav\u00e9s de Su bautismo y el derramamiento de Su sangre, y muriendo sobre la Cruz, Su bautismo y la sangre han llegado a ser la fuente eterna de vida nueva que permite a los creyentes nacer de nuevo.<\/p>\n<p>La carne que Jes\u00fas rindi\u00f3 para tomar las iniquidades de los pecadores a trav\u00e9s de Su bautismo y la sangre que \u00c9l derram\u00f3 sobre la Cruz son el pan de vida que permite a los pecadores recibir la remisi\u00f3n del pecado. Por lo tanto debemos darnos cuenta porque Jes\u00fas dijo,<\/p>\n<p style=\"text-align:center;\">Juan 6:53 &#8211; \u201cSi<em>\u00a0no com\u00e9is la carne del Hijo del Hombre, y beb\u00e9is su sangre, no ten\u00e9is vida en vosotros\u201d\u00a0<\/em><\/p>\n<\/div>\n<div style=\"text-align:center;\"><\/div>\n<p class=\"body\" style=\"text-align:center;\"><img data-recalc-dims=\"1\" loading=\"lazy\" decoding=\"async\" data-attachment-id=\"13480\" data-permalink=\"https:\/\/atravesdelasescrituras.com\/es_es\/2016\/08\/02\/el-tabernaculo-lugar-santisimo\/pan-de-vida\/\" data-orig-file=\"https:\/\/atravesdelasescrituras.com\/wp-content\/uploads\/2016\/08\/pan-de-vida.png\" data-orig-size=\"419,260\" data-comments-opened=\"1\" data-image-meta=\"{&quot;aperture&quot;:&quot;0&quot;,&quot;credit&quot;:&quot;&quot;,&quot;camera&quot;:&quot;&quot;,&quot;caption&quot;:&quot;&quot;,&quot;created_timestamp&quot;:&quot;0&quot;,&quot;copyright&quot;:&quot;&quot;,&quot;focal_length&quot;:&quot;0&quot;,&quot;iso&quot;:&quot;0&quot;,&quot;shutter_speed&quot;:&quot;0&quot;,&quot;title&quot;:&quot;&quot;,&quot;orientation&quot;:&quot;0&quot;}\" data-image-title=\"pan de vida\" data-image-description=\"\" data-image-caption=\"\" data-large-file=\"https:\/\/atravesdelasescrituras.com\/wp-content\/uploads\/2016\/08\/pan-de-vida.png\" class=\"alignnone size-full wp-image-13480\" src=\"https:\/\/i0.wp.com\/atravesdelasescrituras.com\/wp-content\/uploads\/2016\/08\/pan-de-vida.png?resize=419%2C260&#038;ssl=1\" alt=\"pan de vida\" width=\"419\" height=\"260\" \/><\/p>\n<div class=\"page\" title=\"Page 121\">\n<div class=\"layoutArea\">\n<div class=\"column\">\n<p>Hay una promesa dada a los vencedores en Apocalipsis 2:17:<\/p>\n<p style=\"text-align:center;\">\u201c<em>Al que venciere, dare\u0301 a comer del mana\u0301 escondido<\/em>\u201d<\/p>\n<div class=\"page\" title=\"Page 122\">\n<div class=\"layoutArea\">\n<div class=\"column\">\n<p>Por lo tanto, esta urna de oro con mana\u0301, en el Lugar Santi\u0301simo, dentro del arca del pacto (<em>oro hablando de deidad<\/em>), tambi\u00e9n representa las verdades ocultas de la Palabra de Dios que solamente pueden ser reveladas a aquellos que pasan detra\u0301s del velo.<\/p>\n<p>Hay muchas verdades elementales en la Palabra de Dios que son abiertas a todos, pero hay otras muy especiales, verdades preciosas que Dios oculta en Su Palabra. Proverbios 25:2 ilustra este pensamiento de Dios ocultando o encubriendo ciertas verdades:<\/p>\n<p style=\"text-align:center;\">\u201c<em>Gloria de Dios es encubrir un asunto; Pero honra del rey es escudrin\u0303arlo<\/em>\u201d<\/p>\n<p>El deber de un rey y sacerdote es estudiar la Palabra de Dios diligentemente y buscar las verdades que son encubiertas para el lector casual. El Sen\u0303or a propo\u0301sito oculta muchas cosas que son preciosas y santas para E\u0301l, para que solamente aquellos que realmente tienen un amor profundo por la verdad la encuentren. Dios no tira Sus \u201cperlas\u201d delante de los cerdos (<em>Mt. 7:6<\/em>). Tal como para los cerdos las perlas no tienen ningu\u0301n valor o precio, asi\u0301 hay muchas personas que no tienen amor ni aprecio por las cosas espirituales, y para ellos son ocultas.<\/p>\n<p><img data-recalc-dims=\"1\" loading=\"lazy\" decoding=\"async\" data-attachment-id=\"13483\" data-permalink=\"https:\/\/atravesdelasescrituras.com\/es_es\/2016\/08\/02\/el-tabernaculo-lugar-santisimo\/14197745272_4\/\" data-orig-file=\"https:\/\/atravesdelasescrituras.com\/wp-content\/uploads\/2016\/08\/14197745272_4.jpg\" data-orig-size=\"1600,1200\" data-comments-opened=\"1\" data-image-meta=\"{&quot;aperture&quot;:&quot;0&quot;,&quot;credit&quot;:&quot;&quot;,&quot;camera&quot;:&quot;&quot;,&quot;caption&quot;:&quot;&quot;,&quot;created_timestamp&quot;:&quot;0&quot;,&quot;copyright&quot;:&quot;&quot;,&quot;focal_length&quot;:&quot;0&quot;,&quot;iso&quot;:&quot;0&quot;,&quot;shutter_speed&quot;:&quot;0&quot;,&quot;title&quot;:&quot;&quot;,&quot;orientation&quot;:&quot;0&quot;}\" data-image-title=\"14197745272_4\" data-image-description=\"\" data-image-caption=\"\" data-large-file=\"https:\/\/atravesdelasescrituras.com\/wp-content\/uploads\/2016\/08\/14197745272_4.jpg\" class=\"  wp-image-13483 aligncenter\" src=\"https:\/\/i0.wp.com\/atravesdelasescrituras.com\/wp-content\/uploads\/2016\/08\/14197745272_4.jpg?resize=538%2C404&#038;ssl=1\" alt=\"14197745272_4\" width=\"538\" height=\"404\" \/><\/p>\n<div class=\"page\" title=\"Page 122\">\n<div class=\"layoutArea\">\n<div class=\"column\">\n<p style=\"text-align:center;\">Cristo dijo en Mateo 13:44: \u201c<em>Adema\u0301s, el reino de los cielos es semejante a un tesoro escondido en un campo, el cual un hombre halla, y lo esconde de nuevo; y gozoso por ello va y vende todo lo que tiene, y compra aquel campo<\/em>\u201d.<\/p>\n<p>Hay muchos tesoros escondidos en la Palabra de Dios. Es nuestro deber y honor escudrin\u0303ar y encontrarlas.<\/p>\n<div class=\"page\" title=\"Page 123\">\n<div class=\"layoutArea\">\n<div class=\"column\">\n<p>La promesa para los vencedores y para aquellos que van detra\u0301s del velo es que participara\u0301n de las preciosas verdades de la Palabra de Dios que son encubiertas para otros. Por lo tanto, si desea conocer los secretos de la Palabra de Dios, hay un precio que pagar, debe estar dispuesto a morir a sus deseos y voluntad, para que pueda ir detra\u0301s del velo y participar del mana\u0301 de la urna de oro. Amado, hay muchas verdades, preciosas verdades, que nos aguardan detra\u0301s del velo.<\/p>\n<\/div>\n<\/div>\n<\/div>\n<\/div>\n<\/div>\n<\/div>\n<\/div>\n<\/div>\n<\/div>\n<\/div>\n<\/div>\n<\/div>\n<p class=\"post-body entry-content\">\n<div style=\"text-align:center;\"><\/div>\n<div style=\"text-align:left;\">\n<p style=\"text-align:center;\"><span style=\"text-decoration:underline;\"><strong>La vara de Aaron\u00a0(Nm 17:1-10; Heb. 9:4):<\/strong><\/span><\/p>\n<p>La palabra \u00ab<em>Vara<\/em>\u00bb proviene del hebreo (<em>matteh-\u00a0<\/em>\u05de\u05b7\u05d8\u05bc\u05b6\u05d4) que tambi\u00e9n puede significa tribu.<\/p>\n<p>Por tanto tambi\u00e9n podemos ver que la familia de Aaron estaba simbolizada en esa vara, <img data-recalc-dims=\"1\" loading=\"lazy\" decoding=\"async\" data-attachment-id=\"13485\" data-permalink=\"https:\/\/atravesdelasescrituras.com\/es_es\/2016\/08\/02\/el-tabernaculo-lugar-santisimo\/leccion-06-2\/\" data-orig-file=\"https:\/\/atravesdelasescrituras.com\/wp-content\/uploads\/2016\/08\/lecciocc81n-06.jpg\" data-orig-size=\"454,400\" data-comments-opened=\"1\" data-image-meta=\"{&quot;aperture&quot;:&quot;0&quot;,&quot;credit&quot;:&quot;&quot;,&quot;camera&quot;:&quot;&quot;,&quot;caption&quot;:&quot;&quot;,&quot;created_timestamp&quot;:&quot;0&quot;,&quot;copyright&quot;:&quot;&quot;,&quot;focal_length&quot;:&quot;0&quot;,&quot;iso&quot;:&quot;0&quot;,&quot;shutter_speed&quot;:&quot;0&quot;,&quot;title&quot;:&quot;&quot;,&quot;orientation&quot;:&quot;1&quot;}\" data-image-title=\"Leccio\u0301n 06\" data-image-description=\"\" data-image-caption=\"\" data-large-file=\"https:\/\/atravesdelasescrituras.com\/wp-content\/uploads\/2016\/08\/lecciocc81n-06.jpg\" class=\"  wp-image-13485 alignright\" src=\"https:\/\/i0.wp.com\/atravesdelasescrituras.com\/wp-content\/uploads\/2016\/08\/lecciocc81n-06.jpg?resize=277%2C243&#038;ssl=1\" alt=\"Leccio\u0301n 06\" width=\"277\" height=\"243\" \/>el\u00a0reverdecimiento nos ense\u00f1a la preeminencia de la casa de Aaron y de la tribu de Levi sobre el resto de los israelitas. As\u00ed como aquella vara brot\u00f3 y reverdeci\u00f3; Cristo al resucitar obstenta la preeminencia como gran sumo sacerdote y nosotros somos sus reto\u00f1os. (<em>Rom. 1:3-4; 8:11; 1 Cor. 15:3-22; Heb. 4:14-16; 7:14-17<\/em>) s\u00edmbolo de autoridad divina y sacerdocio. Estudie Numeros 16.<\/p>\n<p>La historia detra\u0301s de la vara de Aaro\u0301n es la rebelio\u0301n de Core\u0301, Data\u0301n y Abiram en contra del liderazgo de Moise\u0301s y Aaro\u0301n. Estos tres hombres acusaron a Moise\u0301s y Aaro\u0301n de exaltarse a ellos mismos sobre el resto de los li\u0301deres de Israel. La respuesta de Dios a este reto fue que cada tribu escribiera su nombre sobre una vara, que seri\u0301a puesta delante del Sen\u0303or. La vara del hombre a quien Dios habi\u0301a elegido, reton\u0303ari\u0301a como sen\u0303al del favor de Dios (<em>Nu\u0301meros 17:7-10<\/em>).<\/p>\n<p>Al di\u0301a siguiente en el que habi\u0301an colocado las doce varas delante del Sen\u0303or, la vara que llevaba el nombre de Aaro\u0301n reverdecio\u0301, echo\u0301 flores, arrojo\u0301 renuevos y produjo almendras.<\/p>\n<p>Esta vara fue un tremendo milagro. Dios hizo que surgiera vida de una vara muerta, y esta\u0301 florecio\u0301. Esta era la sen\u0303al de Dios que E\u0301l habi\u0301a elegido a Aaro\u0301n para ser sumo sacerdote.<\/p>\n<p>Luego, la vara de Aaro\u0301n que habi\u0301a reverdecido fue colocada dentro del Arca del pacto para servir como testimonio. Esta vara muerta que produjo vida, habla del poder de la resurreccio\u0301n de Cristo.<\/p>\n<p>Nos habla de la resurreccio\u0301n de Cristo y asimismo del ministerio aprobado que produce flores y frutos. Jesu\u0301s a la diestra de Dios rogando por nosotros, Cristo la vara que reverdecio\u0301, se levanto de entre los muertos.<\/p>\n<ul>\n<li>Flores = Fragancia grata de un Cristo resucitado.<\/li>\n<li>Almendro Primer fruto de la primavera &#8211;\u00a0A\u0301rbol de Almendro = Apresurarse.<\/li>\n<\/ul>\n<p>El Sen\u0303or Jesucristo fue levantado de los muertos por el poder del Espi\u0301ritu Santo. Pablo ora para que los creyentes de E\u0301feso sepan, \u201c<em>y cua\u0301l la supereminente grandeza de su poder para con nosotros los que creemos, segu\u0301n la operacio\u0301n del poder de su fuerza, la cual opero\u0301 en Cristo, resucita\u0301ndole de los muertos y senta\u0301ndole a su diestra en los lugares celestiales<\/em>\u201d. (<em>Ef. 1:19-20<\/em>).<\/p>\n<p>Queremos experimentar el poder de la resurreccio\u0301n de Cristo, que es ma\u0301s poderoso que el poder de la muerte y del infierno.<\/p>\n<p>El deseo y anhelo del corazo\u0301n de Pablo era conocer \u201c<em>el poder de Su resurreccio\u0301n<\/em>\u201d. E\u0301l ora en Filipenses 3:10: \u201c<em>a fin de conocerle, y el poder de su resurreccio\u0301n\u201d. La palabra griega que Pablo usa para conocer significa \u201cun conocimiento personal obtenido a trave\u0301s de la experiencia<\/em>\u201d.<\/p>\n<p>Pablo no deseaba una apreciacio\u0301n y conocimiento mental del poder de la resurreccio\u0301n de Cristo; e\u0301l queri\u0301a experimentar ese poder y conocerlo de primera mano.<\/p>\n<p>Pablo exclama en Romanos 8:11: \u201c<em>Y si el Espi\u0301ritu de aquel que levanto\u0301 de los muertos a Jesu\u0301s mora en vosotros, el que levanto\u0301 de los muertos a Cristo Jesu\u0301s vivificara\u0301 tambie\u0301n vuestros cuerpos mortales por su Espi\u0301ritu que mora en vosotros<\/em>\u201d.<\/p>\n<p>Queremos que el Espi\u0301ritu Santo vivifique nuestro cuerpo mortal y haga que experimentemos el poder de Su resurreccio\u0301n. Esta experiencia esta\u0301 simbolizada en el taberna\u0301culo, por medio de la vara de Aaro\u0301n que reverdecio\u0301.<\/p>\n<p>&nbsp;<\/p>\n<p>&nbsp;<\/p>\n<p>&nbsp;<\/p>\n<\/div>\n<p class=\"post-body entry-content\">\n","protected":false},"excerpt":{"rendered":"<p>EL LUGAR SANT\u00cdSIMO &#8211; (\u00c9xodo 26:31-33; 36:35-36; Hebreos 9:1-5) Introducci\u00f3n: Separado del Lugar Santo por una hermosa cortina, llamada velo; este era el trabajo mas delicado de toda la estructura oro, bordados primorosos, es el punto principal del taberna\u0301culo, era la ca\u0301mara de la presencia de Dios, visitada solamente una vez al an\u0303o, en el [&hellip;]<\/p>\n","protected":false},"author":80235555,"featured_media":13168,"comment_status":"open","ping_status":"open","sticky":false,"template":"","format":"gallery","meta":{"_coblocks_attr":"","_coblocks_dimensions":"","_coblocks_responsive_height":"","_coblocks_accordion_ie_support":"","_gspb_post_css":"","advanced_seo_description":"","jetpack_seo_html_title":"","jetpack_seo_noindex":false,"jetpack_seo_schema_type":"","_jetpack_newsletter_access":"","_jetpack_dont_email_post_to_subs":false,"_jetpack_newsletter_tier_id":0,"_jetpack_memberships_contains_paywalled_content":false,"_wpcom_ai_launchpad_first_post":false,"_jetpack_feature_clip_id":0,"_jetpack_memberships_contains_paid_content":false,"footnotes":"","jetpack_publicize_message":"","jetpack_publicize_feature_enabled":true,"jetpack_social_post_already_shared":false,"jetpack_social_options":{"image_generator_settings":{"template":"highway","default_image_id":0,"font":"","enabled":false},"version":2},"jetpack_post_was_ever_published":false},"categories":[3908365],"tags":[6800525,1934664,251095,1934662,19165568,22271146],"class_list":["post-13071","post","type-post","status-publish","format-gallery","has-post-thumbnail","hentry","category-estudios-varios","tag-arca-del-pacto","tag-lugar-santisimo","tag-mana","tag-tabernaculo","tag-tablas-de-la-ley","tag-vara-de-aaron","post_format-post-format-gallery"],"blocksy_meta":{"styles_descriptor":{"styles":{"desktop":"","tablet":"","mobile":""},"google_fonts":[],"version":7}},"jetpack_publicize_connections":[],"jetpack_likes_enabled":true,"jetpack_sharing_enabled":true,"jetpack_shortlink":"https:\/\/wp.me\/p5HWJ5-3oP","jetpack-related-posts":[],"brizy_media":[],"jetpack_featured_media_url":"https:\/\/atravesdelasescrituras.com\/wp-content\/uploads\/2016\/08\/tabernaculo3.jpg","_links":{"self":[{"href":"https:\/\/atravesdelasescrituras.com\/es_es\/wp-json\/wp\/v2\/posts\/13071","targetHints":{"allow":["GET"]}}],"collection":[{"href":"https:\/\/atravesdelasescrituras.com\/es_es\/wp-json\/wp\/v2\/posts"}],"about":[{"href":"https:\/\/atravesdelasescrituras.com\/es_es\/wp-json\/wp\/v2\/types\/post"}],"author":[{"embeddable":true,"href":"https:\/\/atravesdelasescrituras.com\/es_es\/wp-json\/wp\/v2\/users\/80235555"}],"replies":[{"embeddable":true,"href":"https:\/\/atravesdelasescrituras.com\/es_es\/wp-json\/wp\/v2\/comments?post=13071"}],"version-history":[{"count":24,"href":"https:\/\/atravesdelasescrituras.com\/es_es\/wp-json\/wp\/v2\/posts\/13071\/revisions"}],"predecessor-version":[{"id":13499,"href":"https:\/\/atravesdelasescrituras.com\/es_es\/wp-json\/wp\/v2\/posts\/13071\/revisions\/13499"}],"wp:featuredmedia":[{"embeddable":true,"href":"https:\/\/atravesdelasescrituras.com\/es_es\/wp-json\/wp\/v2\/media\/13168"}],"wp:attachment":[{"href":"https:\/\/atravesdelasescrituras.com\/es_es\/wp-json\/wp\/v2\/media?parent=13071"}],"wp:term":[{"taxonomy":"category","embeddable":true,"href":"https:\/\/atravesdelasescrituras.com\/es_es\/wp-json\/wp\/v2\/categories?post=13071"},{"taxonomy":"post_tag","embeddable":true,"href":"https:\/\/atravesdelasescrituras.com\/es_es\/wp-json\/wp\/v2\/tags?post=13071"}],"curies":[{"name":"wp","href":"https:\/\/api.w.org\/{rel}","templated":true}]}}