{"id":17004,"date":"2016-08-30T21:16:10","date_gmt":"2016-08-30T21:16:10","guid":{"rendered":"https:\/\/atravesdelasescrituras.com\/?p=17004"},"modified":"2016-08-30T21:17:40","modified_gmt":"2016-08-30T21:17:40","slug":"sanctus","status":"publish","type":"post","link":"https:\/\/atravesdelasescrituras.com\/es_es\/2016\/08\/30\/sanctus\/","title":{"rendered":"Sanctus &#8211; \u00abSoy cristiano\u00bb"},"content":{"rendered":"<div class=\"page\" title=\"Page 19\">\n<div class=\"layoutArea\">\n<div class=\"column\">\n<p style=\"text-align:center;\"><strong>\u00abSoy cristiano\u00bb<\/strong><\/p>\n<hr \/>\n<p>El joven no dijo nada m\u00e1s mientras se manten\u00eda de pie ante el gobernador romano. Su vida pend\u00eda de un hilo. Sus acusadores lo apresaron nuevamente con la esperanza de hacerlo errar o forzarlo a retractarse. Sin embargo, una vez m\u00e1s respondi\u00f3 con la misma frase de apenas dos palabras: \u00abSoy cristiano\u00bb.<\/p>\n<p>Esto ocurri\u00f3 a mediados del segundo siglo, durante el reinado del emperador Marco Aurelio. El cristianismo era ilegal y los creyentes por todo el Imperio Romano<span class=\"text_exposed_show\">\u00a0enfrentaban la amenaza de la prisi\u00f3n, la tortura o la muerte. La persecuci\u00f3n era especialmente intensa en el sur de Europa, donde se hab\u00eda arrestado y llevado a juicio a Sanctus, un di\u00e1cono de Viena. Al joven se le dec\u00eda repetidamente que renunciara a la fe que profesaba. No obstante, su resoluci\u00f3n era impert\u00e9rrita: \u00abSoy cristiano\u00bb.<\/span><\/p>\n<div class=\"text_exposed_show\">\n<p>Sin importar qu\u00e9 le preguntaran, siempre dio la misma respuesta.<\/p>\n<p>De acuerdo con Eusebio, el historiador de la iglesia, Sanctus \u00abse ci\u00f1\u00f3 a s\u00ed mismo [contra sus acusadores] con tal firmeza que ni siquiera habr\u00eda dicho su nombre, la naci\u00f3n o ciudad a la que pertenec\u00eda, si ten\u00eda v\u00ednculos o era libre, sino que en lengua romana respondi\u00f3 a todas sus preguntas: \u201cSoy cristiano\u201d\u00bb.<\/p>\n<p>Cuando finalmente lleg\u00f3 a ser obvio que no dir\u00eda nada m\u00e1s, fue condenado a tortura y a la muerte p\u00fablica en el anfiteatro. El d\u00eda de su ejecuci\u00f3n, se le oblig\u00f3 a sufrir el acoso, a ser sometido a las bestias salvajes y a sujetarse a una silla de hierro ardiente.<\/p>\n<p>Durante todo esto, sus acusadores continuaron tratando de quebrantarlo convencidos de que su resistencia se fracturar\u00eda bajo el dolor del tormento pero, como narra Eusebio: \u00abSin embargo, ellos no escucharon una palabra de Sanctus excepto la confesi\u00f3n que hab\u00eda pronunciado desde el principio\u00bb. Sus palabras mortales hablaron de un compromiso inmortal. Su grito concentrado fue constante durante todo su sufrimiento. \u00abSoy cristiano\u00bb.<\/p>\n<p>Para Sanctus, toda su identidad, incluido su nombre, ciudadan\u00eda y status social, se encontraba en Jesucristo. Por ello, no pudo dar mejor respuesta a la pregunta que se le hizo. Era cristiano y esa designaci\u00f3n de n\u00eda todo sobre \u00e9l.<\/p>\n<p><img data-recalc-dims=\"1\" fetchpriority=\"high\" decoding=\"async\" data-attachment-id=\"17009\" data-permalink=\"https:\/\/atravesdelasescrituras.com\/es_es\/2016\/08\/30\/sanctus\/pls-martyrs-of-lyon-and-vienne\/\" data-orig-file=\"https:\/\/atravesdelasescrituras.com\/wp-content\/uploads\/2016\/08\/pls-martyrs-of-lyon-and-vienne.jpg\" data-orig-size=\"400,281\" data-comments-opened=\"1\" data-image-meta=\"{&quot;aperture&quot;:&quot;0&quot;,&quot;credit&quot;:&quot;&quot;,&quot;camera&quot;:&quot;&quot;,&quot;caption&quot;:&quot;&quot;,&quot;created_timestamp&quot;:&quot;0&quot;,&quot;copyright&quot;:&quot;&quot;,&quot;focal_length&quot;:&quot;0&quot;,&quot;iso&quot;:&quot;0&quot;,&quot;shutter_speed&quot;:&quot;0&quot;,&quot;title&quot;:&quot;&quot;,&quot;orientation&quot;:&quot;1&quot;}\" data-image-title=\"pls-Martyrs-of-Lyon-and-Vienne\" data-image-description=\"\" data-image-caption=\"\" data-large-file=\"https:\/\/atravesdelasescrituras.com\/wp-content\/uploads\/2016\/08\/pls-martyrs-of-lyon-and-vienne.jpg\" class=\"  wp-image-17009 aligncenter\" src=\"https:\/\/i0.wp.com\/atravesdelasescrituras.com\/wp-content\/uploads\/2016\/08\/pls-martyrs-of-lyon-and-vienne.jpg?resize=559%2C393&#038;ssl=1\" alt=\"pls-Martyrs-of-Lyon-and-Vienne\" width=\"559\" height=\"393\" \/><\/p>\n<p style=\"text-align:center;\"><em>(Extra\u00eddo del libro: Esclavo &#8211; John MacArthur)<\/em><\/p>\n<\/div>\n<\/div>\n<\/div>\n<\/div>\n","protected":false},"excerpt":{"rendered":"<p>\u00abSoy cristiano\u00bb El joven no dijo nada m\u00e1s mientras se manten\u00eda de pie ante el gobernador romano. Su vida pend\u00eda de un hilo. Sus acusadores lo apresaron nuevamente con la esperanza de hacerlo errar o forzarlo a retractarse. Sin embargo, una vez m\u00e1s respondi\u00f3 con la misma frase de apenas dos palabras: \u00abSoy cristiano\u00bb. Esto [&hellip;]<\/p>\n","protected":false},"author":80235555,"featured_media":0,"comment_status":"open","ping_status":"open","sticky":false,"template":"","format":"gallery","meta":{"_coblocks_attr":"","_coblocks_dimensions":"","_coblocks_responsive_height":"","_coblocks_accordion_ie_support":"","_gspb_post_css":"","advanced_seo_description":"","jetpack_seo_html_title":"","jetpack_seo_noindex":false,"jetpack_seo_schema_type":"","_jetpack_newsletter_access":"","_jetpack_dont_email_post_to_subs":false,"_jetpack_newsletter_tier_id":0,"_jetpack_memberships_contains_paywalled_content":false,"_wpcom_ai_launchpad_first_post":false,"_jetpack_feature_clip_id":0,"_jetpack_memberships_contains_paid_content":false,"footnotes":"","jetpack_publicize_message":"","jetpack_publicize_feature_enabled":true,"jetpack_social_post_already_shared":false,"jetpack_social_options":{"image_generator_settings":{"template":"highway","default_image_id":0,"font":"","enabled":false},"version":2},"jetpack_post_was_ever_published":false},"categories":[196760602],"tags":[1733351,1384793,14847891],"class_list":["post-17004","post","type-post","status-publish","format-gallery","hentry","category-martires-por-la-fe","tag-martir","tag-sanctus","tag-soy-cristiano","post_format-post-format-gallery"],"blocksy_meta":{"styles_descriptor":{"styles":{"desktop":"","tablet":"","mobile":""},"google_fonts":[],"version":7}},"jetpack_publicize_connections":[],"jetpack_likes_enabled":true,"jetpack_sharing_enabled":true,"jetpack_shortlink":"https:\/\/wp.me\/s5HWJ5-sanctus","jetpack-related-posts":[],"brizy_media":[],"jetpack_featured_media_url":"","_links":{"self":[{"href":"https:\/\/atravesdelasescrituras.com\/es_es\/wp-json\/wp\/v2\/posts\/17004","targetHints":{"allow":["GET"]}}],"collection":[{"href":"https:\/\/atravesdelasescrituras.com\/es_es\/wp-json\/wp\/v2\/posts"}],"about":[{"href":"https:\/\/atravesdelasescrituras.com\/es_es\/wp-json\/wp\/v2\/types\/post"}],"author":[{"embeddable":true,"href":"https:\/\/atravesdelasescrituras.com\/es_es\/wp-json\/wp\/v2\/users\/80235555"}],"replies":[{"embeddable":true,"href":"https:\/\/atravesdelasescrituras.com\/es_es\/wp-json\/wp\/v2\/comments?post=17004"}],"version-history":[{"count":8,"href":"https:\/\/atravesdelasescrituras.com\/es_es\/wp-json\/wp\/v2\/posts\/17004\/revisions"}],"predecessor-version":[{"id":17014,"href":"https:\/\/atravesdelasescrituras.com\/es_es\/wp-json\/wp\/v2\/posts\/17004\/revisions\/17014"}],"wp:attachment":[{"href":"https:\/\/atravesdelasescrituras.com\/es_es\/wp-json\/wp\/v2\/media?parent=17004"}],"wp:term":[{"taxonomy":"category","embeddable":true,"href":"https:\/\/atravesdelasescrituras.com\/es_es\/wp-json\/wp\/v2\/categories?post=17004"},{"taxonomy":"post_tag","embeddable":true,"href":"https:\/\/atravesdelasescrituras.com\/es_es\/wp-json\/wp\/v2\/tags?post=17004"}],"curies":[{"name":"wp","href":"https:\/\/api.w.org\/{rel}","templated":true}]}}