{"id":17452,"date":"2016-09-03T13:55:28","date_gmt":"2016-09-03T13:55:28","guid":{"rendered":"https:\/\/atravesdelasescrituras.com\/?p=17452"},"modified":"2020-03-06T20:16:07","modified_gmt":"2020-03-06T20:16:07","slug":"el-sacerdocio-sus-vestiduras-y-consagracion","status":"publish","type":"post","link":"https:\/\/atravesdelasescrituras.com\/es_es\/2016\/09\/03\/el-sacerdocio-sus-vestiduras-y-consagracion\/","title":{"rendered":"El sacerdocio, sus vestiduras y consagraci\u00f3n"},"content":{"rendered":"<p style=\"text-align:center;\"><span style=\"text-decoration:underline;\"><strong>El\u00a0sacerdocio<\/strong><\/span><\/p>\n<hr \/>\n<p>El oficio del sacerdocio fue puesto por Dios &#8211; (<em>\u00c9xodo 28:1<\/em>). Los sacerdotes de Israel ten\u00edan que ser de la tribu de Lev\u00ed, y estaban a cargo del servicio a Dios. Los levitas que no fueran sacerdotes estaban al servicio de ellos &#8211; (<em>N\u00fameros 3:5-9<\/em>).<\/p>\n<p>Aar\u00f3n fue elegido como el primer sumo sacerdote, y sus hijos Nadab, Abi\u00fa, Eleazar e Itamar fueron nombrados sacerdotes. Antes de ellos ser considerados sacerdotes siquiera, ten\u00edan que ser lavados con agua &#8211; (<em>\u00c9xodo 29:4<\/em>), demostrando as\u00ed la necesidad e importancia de una pureza moral o santidad. Todo esto es figura, tipo y sombra del bautismo b\u00edblico.<\/p>\n<p>La iglesia est\u00e1 compuesta por gente santa; es una congregaci\u00f3n de sacerdotes &#8211; (<em>1 Pedro 2:5 y 9<\/em>). Por eso, para ser miembro de la familia de Dios, hay que primero ser lavados en agua, o sea, ser bautizados &#8211; (<em>Hechos 22:16; Tito 3:5; Romanos 6:3-6<\/em>). No se pod\u00eda ser sacerdote sin antes ser lavado en agua.<\/p>\n<p><span class=\"embed-youtube\" style=\"text-align:center; display: block;\"><iframe class=\"youtube-player\" width=\"1870\" height=\"1052\" src=\"https:\/\/www.youtube.com\/embed\/0D9WORkjYsY?version=3&#038;rel=1&#038;showsearch=0&#038;showinfo=1&#038;iv_load_policy=1&#038;fs=1&#038;hl=es-ES&#038;autohide=2&#038;wmode=transparent\" allowfullscreen=\"true\" style=\"border:0;\" sandbox=\"allow-scripts allow-same-origin allow-popups allow-presentation allow-popups-to-escape-sandbox\"><\/iframe><\/span><\/p>\n<div>\n<div style=\"text-align:center;\"><b>Exodo\u00a028; 31:10; 35:19<\/b><\/div>\n<\/div>\n<div><\/div>\n<p>Cuando\u00a0 las tribus de Israel acampaban:<\/p>\n<ol>\n<li>Se levantaba el tabern\u00e1culo.<\/li>\n<li>Los levitas constru\u00edan sus tiendas alrededor del tabern\u00e1culo.<\/li>\n<li>Las restantes tribus formaban sus tiendas &#8211; (<em>Nm 1:51-54;\u00a09:15-23<\/em>).<\/li>\n<\/ol>\n<p style=\"text-align:center;\"><b>El objeto sobresaliente era el Arca del Pacto.\u00a0<\/b><\/p>\n<div>\n<p>Una vez\u00a0 levantado todo el tabern\u00e1culo la atenci\u00f3n se centraba en las vestimentas santas de Aar\u00f3n y sus hijos &#8211; (<em>Ex 28:2<\/em>).<\/p>\n<p style=\"padding-left:60px;\">\u203a \u00a0 El sacerdote era parte integrante del tabern\u00e1culo.<\/p>\n<p style=\"padding-left:60px;\">\u203a \u00a0 El sacerdote era establecido por una necesidad de pueblo.<\/p>\n<p style=\"padding-left:60px;\">\u203a \u00a0 Pertenec\u00edan a una sola familia, la de Aar\u00f3n y eran de la tribu de Levi &#8211; (<em>Nm 3:12;\u00a018:1-4<\/em>).<\/p>\n<p style=\"padding-left:60px;\">\u203a \u00a0 Este privilegio era obtenido solamente por nacimiento natural.<\/p>\n<p style=\"text-align:center;\"><strong>\u00bfQue pasa con nosotros hoy?<\/strong><\/p>\n<p style=\"padding-left:60px;\">\u203a \u00a0 Por nacimiento natural todos estamos excluidos de Dios.<\/p>\n<p style=\"padding-left:60px;\">\u203a \u00a0 Por nacimiento espiritual todos somos sacerdotes de Dios &#8211; (<em>Jn 3:3,7;\u00a01\u00a0P 2:9-10<\/em>).<\/p>\n<\/div>\n<figure id=\"attachment_17484\" aria-describedby=\"caption-attachment-17484\" style=\"width: 1093px\" class=\"wp-caption alignnone\"><img data-recalc-dims=\"1\" fetchpriority=\"high\" decoding=\"async\" data-attachment-id=\"17484\" data-permalink=\"https:\/\/atravesdelasescrituras.com\/es_es\/2016\/09\/03\/el-sacerdocio-sus-vestiduras-y-consagracion\/aaron\/\" data-orig-file=\"https:\/\/atravesdelasescrituras.com\/wp-content\/uploads\/2016\/09\/aaron.png\" data-orig-size=\"1093,719\" data-comments-opened=\"1\" data-image-meta=\"{&quot;aperture&quot;:&quot;0&quot;,&quot;credit&quot;:&quot;&quot;,&quot;camera&quot;:&quot;&quot;,&quot;caption&quot;:&quot;&quot;,&quot;created_timestamp&quot;:&quot;0&quot;,&quot;copyright&quot;:&quot;&quot;,&quot;focal_length&quot;:&quot;0&quot;,&quot;iso&quot;:&quot;0&quot;,&quot;shutter_speed&quot;:&quot;0&quot;,&quot;title&quot;:&quot;&quot;,&quot;orientation&quot;:&quot;0&quot;}\" data-image-title=\"aaron\" data-image-description=\"\" data-image-caption=\"\" data-large-file=\"https:\/\/atravesdelasescrituras.com\/wp-content\/uploads\/2016\/09\/aaron.png\" class=\"alignnone size-full wp-image-17484\" src=\"https:\/\/i0.wp.com\/atravesdelasescrituras.com\/wp-content\/uploads\/2016\/09\/aaron.png?resize=1093%2C719&#038;ssl=1\" alt=\"aaron\" width=\"1093\" height=\"719\" \/><figcaption id=\"caption-attachment-17484\" class=\"wp-caption-text\">Aar\u00f3n fue lavado en agua antes de ser ungido con aceite en la ceremonia de su nombramiento como el primer sumo sacerdote de Israel. Tambi\u00e9n en estos procedimientos y eventos se encuentran correlaciones con atitipos en el Nuevo Testamento<\/figcaption><\/figure>\n<p>Aar\u00f3n como sumo sacerdote primero fue lavado y luego ungido con aceite &#8211; (<em>\u00c9xodo 29:7. El aceite es s\u00edmbolo del Esp\u00edritu Santo<\/em>). Lo cual es un tipo de Cristo, qui\u00e9n siguiendo el orden de consagraci\u00f3n de los sacerdotes fue primeramente bautizado en agua y despu\u00e9s \u00ab<em>ungido<\/em>\u00bb con el Esp\u00edritu Santo de Dios &#8211; (<em>Mateo 3:16-17<\/em>).<\/p>\n<p>No solo Aar\u00f3n sino tambi\u00e9n los dem\u00e1s sacerdotes fueron primero \u00ab<em>lavados<\/em>\u00bb y luego \u00ab<em>ungidos<\/em>\u00bb (<em>Lev\u00edtico 8:24, 30<\/em>), con aceite y rociados con la sangre del sacrificio que estaba sobre el altar. Esto es figura de la conversi\u00f3n que ocurre en los seres humanos que se arrepienten de sus pecados, se lavan sus pecados por medio del bautismo para el perd\u00f3n de pecados y reciben el don del Esp\u00edritu Santo &#8211; (<em>Hechos 2:38<\/em>).<\/p>\n<p>La sangre de Cristo, el Cordero de Dios inmolado en la cruz, les reviste, les santifica. Esto es lo que el ap\u00f3stol Pablo escribe a los Romanos: \u00ab<em>\u2026el poder de Dios para salvaci\u00f3n<\/em>\u00bb &#8211; (<em>Romanos 1:16<\/em>).<\/p>\n<p>Por toda esta tipolog\u00eda tan hermosa podemos deducir que el oficio sacerdotal anticipa y a la vez proclama tres ideas referentes al plan de salvaci\u00f3n:<\/p>\n<ul>\n<li><span style=\"text-decoration:underline;\">La reconciliaci\u00f3n<\/span>: Viene producto de la fe en el sacrificio de Cristo en la cruz. Su derramamiento de sangre nos justifica &#8211; (<em>Romanos 5:6-9<\/em>).<\/li>\n<li><span style=\"text-decoration:underline;\">La mediaci\u00f3<\/span>n: Una de las labores del sumo sacerdote era mediar por los pecados del pueblo ante el propiciatorio. Seg\u00fan Hebreos 5:1-2, el sumo sacerdote era constituido a servir a favor de los hombres al presentar sacrificios y ofrendas por el pecado y para mostrar paciencia con los ignorantes y extraviados. Merece notarse el hecho de que la palabra hebrea para sacerdote (<em>Kohen<\/em>), anuncia la idea de mediaci\u00f3n, y significa:\u00bb<em>uno que ocupa el lugar de otro y media a su favor\u00bb<\/em>.<\/li>\n<li><span style=\"text-decoration:underline;\">La santificaci\u00f3n<\/span>: El objeto mismo de la reconciliaci\u00f3n y la mediaci\u00f3n es buscar la santidad de vida. Israel como una naci\u00f3n escogida deb\u00eda ser un pueblo santo (<em>Deuteronomio 26:19<\/em>); y cada individuo incorporado a esa comunidad santa deb\u00eda realizar en su vida privada y en todas sus empresas, el ideal \u00e9tico-religioso anticipado en la l\u00e1mina de oro que el sumo sacerdote llevaba sobre su mitra &#8211; (<em>\u00c9xodo 28:36<\/em>). La frase acu\u00f1ada dec\u00eda: \u00ab<em>SANTIDAD A YHVH<\/em>\u201d.<\/li>\n<\/ul>\n<p>En este punto del estudio es bueno mencionar que la vocaci\u00f3n sacerdotal de Aar\u00f3n tuvo su origen en Dios mismo; porque \u00ab<em>\u2026nadie toma para s\u00ed esta honra, sino el que es llamado por Dios como lo fue Aar\u00f3n<\/em>\u00bb &#8211; (<em>Hebreos 5:4<\/em>).<\/p>\n<blockquote>\n<p style=\"text-align:center;\"><em>Las calificaciones morales, espirituales y hasta f\u00edsicas que deb\u00edan reunir los sacerdotes, la forma de ordenaci\u00f3n y el atuendo o vestimenta que les caracterizaba, particularmente al sumo sacerdote, fueron establecidas por Dios mismo con el prop\u00f3sito de proyectar de una forma inequ\u00edvoca, el ideal de que sin santidad nadie \u00abver\u00e1 al Se\u00f1or\u00bb &#8211; (Hebreos 12:14)<\/em><\/p>\n<\/blockquote>\n<p>Es muy significativo que, al entrar al <a href=\"https:\/\/atravesdelasescrituras.com\/2016\/07\/04\/el-tabernaculo-atrio\/\">atrio o patio interior del tabern\u00e1culo<\/a>, el primer objeto con que se ten\u00eda contacto era: \u00ab<em>El altar del sacrificio<\/em>\u00bb (<em>holocausto<\/em>).<\/p>\n<p>All\u00ed era derramada la sangre del animal que se sacrificaba. Luego caminando en direcci\u00f3n al tabern\u00e1culo estaba \u00abL<em>a fuente<\/em>\u00bb para colectar agua. All\u00ed los sacerdotes y el sumo sacerdote, se lavaban todas las impurezas. Todo esto lo encontr\u00e1bamos en el patio del tabern\u00e1culo, antes de poder entrar al tabern\u00e1culo de reuni\u00f3n.<\/p>\n<p>1. Atrio 2. Altar del sacrificio 3. Fuente (<em>con agua<\/em>) 4. Tabern\u00e1culo de Reuni\u00f3n Toda esta hermosa tipolog\u00eda, figura, sombra e imagen misma de las cosas celestiales se\u00f1ala que es necesaria tanto la sangre de Cristo, derramada por nuestros pecados en la cruz del Calvario, como el agua bautismal para el perd\u00f3n de los pecados, para poder ser aceptados como \u00ab<em>casa de Dios<\/em>\u00ab.<\/p>\n<p>Estos dos elementos son parte del testimonio de Dios dado por el mismo Esp\u00edritu Santo\u00a0a la iglesia (<em>1 Juan 5:6-8),<\/em> en el mismo primer siglo. Como sacerdotes, estamos a cargo de ministrar todo el consejo de Dios (<em>Hechos 20:27<\/em>): \u00ab<em>El Nuevo Testamento<\/em>\u00ab.<\/p>\n<figure id=\"attachment_17485\" aria-describedby=\"caption-attachment-17485\" style=\"width: 543px\" class=\"wp-caption aligncenter\"><img data-recalc-dims=\"1\" decoding=\"async\" data-attachment-id=\"17485\" data-permalink=\"https:\/\/atravesdelasescrituras.com\/es_es\/2016\/09\/03\/el-sacerdocio-sus-vestiduras-y-consagracion\/imagen-1-5\/\" data-orig-file=\"https:\/\/atravesdelasescrituras.com\/wp-content\/uploads\/2016\/09\/imagen-1.png\" data-orig-size=\"999,750\" data-comments-opened=\"1\" data-image-meta=\"{&quot;aperture&quot;:&quot;0&quot;,&quot;credit&quot;:&quot;&quot;,&quot;camera&quot;:&quot;&quot;,&quot;caption&quot;:&quot;&quot;,&quot;created_timestamp&quot;:&quot;0&quot;,&quot;copyright&quot;:&quot;&quot;,&quot;focal_length&quot;:&quot;0&quot;,&quot;iso&quot;:&quot;0&quot;,&quot;shutter_speed&quot;:&quot;0&quot;,&quot;title&quot;:&quot;&quot;,&quot;orientation&quot;:&quot;0&quot;}\" data-image-title=\"Imagen 1\" data-image-description=\"\" data-image-caption=\"\" data-large-file=\"https:\/\/atravesdelasescrituras.com\/wp-content\/uploads\/2016\/09\/imagen-1.png\" class=\"alignnone  wp-image-17485\" src=\"https:\/\/i0.wp.com\/atravesdelasescrituras.com\/wp-content\/uploads\/2016\/09\/imagen-1.png?resize=543%2C407&#038;ssl=1\" alt=\"Imagen 1\" width=\"543\" height=\"407\" \/><figcaption id=\"caption-attachment-17485\" class=\"wp-caption-text\">Las \u00ab<em>vestimentas para honra y hermosura<\/em>\u00bb de los sacerdotes lev\u00edticos de Israel se pueden apreciar en esta imagen. A la derecha, aparece el sumo sacerdote ataviado con sus \u00ab<em>vestiduras sagradas<\/em>\u00ab<\/figcaption><\/figure>\n<p>La ropa de los sacerdotes Mois\u00e9s recibi\u00f3 la orden de hacer \u00ab<em>vestiduras sagradas<\/em>\u00bb para el sumo sacerdote, \u00ab<em>vestimentas para honra y hermosura<\/em>\u00bb &#8211; (<em>\u00c9xodo 28:2<\/em>).<\/p>\n<p>A la verdad que desde que Ad\u00e1n y Eva se hicieron \u00ab<em>hojas de higuera<\/em>\u00bb para cubrir su desnudez (<em>G\u00e9nesis 3:7<\/em>), el ser humano en su gran mayor\u00eda jam\u00e1s ha renunciado a la costumbre de confeccionar ropa para cubrirse. La ropa puede satisfacer diversos fines: para protegerse de las inclemencias del tiempo (<em>abrigo<\/em>); cumplir con las exigencias del usuario (<em>est\u00e9tica<\/em>); identificar a la persona que le lleva puesta <em>(secular o religioso<\/em>); etc\u00e9tera. En el caso del sumo sacerdote, la ropa que \u00e9l usar\u00eda en funci\u00f3n de su investidura sacerdotal respond\u00eda a expresar simb\u00f3licamente el valor del sacerdocio y le ayudaba a proyectar una imagen o un mensaje.<\/p>\n<p>Debido a las condiciones que son establecidas bajo el Nuevo Pacto, por el cual cada creyente se constituye \u00ab<em>un sacerdote real<\/em>\u201d (<em>1 Pedro 2:9<\/em>), la ropa de los seguidores de Cristo debe servir para ayudar a comunicar la verdad del Evangelio. La ropa del sumo sacerdote se convierte no solo en la vestimenta sagrada y celestial que tiene el Cristo glorificado, como descrito por el ap\u00f3stol Juan en Apocalipsis 1:13-16, sino que esta vestimenta tambi\u00e9n es tipo y sombra de la ropa con que somos ataviados los que obedecemos al verdadero Evangelio de Cristo &#8211; (<em>Romanos 13:13-14; Efesios 4:22-32; 5:1- 31; 6:1-18<\/em>).<\/p>\n<p>El pasaje de Efesios 6:10-17 nos da claramente la verdadera armadura que como hijos de Dios\u00a0tenemos que poseer para que el maligno no cause que nosotros deshonremos las vestimentas de la nueva creaci\u00f3n, creada seg\u00fan Dios. Esta nueva vestimenta la debemos usar en todo tiempo pues se nos asegura y garantiza que si la tenemos puesta y conservamos de una forma intachable, esto es, \u00ab<em>sin manchas<\/em>\u00ab, sin \u00ab<em>arrugas<\/em>\u00bb y sin remiendos, en el cielo\u00a0se nos otorgar\u00e1 las ropas del vencedor: Las vestiduras blancas\u00a0con que se visten aquellos que logran ser fieles hasta la muerte y perseveran hasta el fin &#8211; (<em>Apocalipsis 6:11)<\/em>.<\/p>\n<figure id=\"attachment_17486\" aria-describedby=\"caption-attachment-17486\" style=\"width: 278px\" class=\"wp-caption alignright\"><img data-recalc-dims=\"1\" decoding=\"async\" data-attachment-id=\"17486\" data-permalink=\"https:\/\/atravesdelasescrituras.com\/es_es\/2016\/09\/03\/el-sacerdocio-sus-vestiduras-y-consagracion\/sacerdocio12\/\" data-orig-file=\"https:\/\/atravesdelasescrituras.com\/wp-content\/uploads\/2016\/09\/sacerdocio12.png\" data-orig-size=\"824,1210\" data-comments-opened=\"1\" data-image-meta=\"{&quot;aperture&quot;:&quot;0&quot;,&quot;credit&quot;:&quot;&quot;,&quot;camera&quot;:&quot;&quot;,&quot;caption&quot;:&quot;&quot;,&quot;created_timestamp&quot;:&quot;0&quot;,&quot;copyright&quot;:&quot;&quot;,&quot;focal_length&quot;:&quot;0&quot;,&quot;iso&quot;:&quot;0&quot;,&quot;shutter_speed&quot;:&quot;0&quot;,&quot;title&quot;:&quot;&quot;,&quot;orientation&quot;:&quot;0&quot;}\" data-image-title=\"sacerdocio12\" data-image-description=\"\" data-image-caption=\"\" data-large-file=\"https:\/\/atravesdelasescrituras.com\/wp-content\/uploads\/2016\/09\/sacerdocio12.png\" class=\"  wp-image-17486 alignright\" src=\"https:\/\/i0.wp.com\/atravesdelasescrituras.com\/wp-content\/uploads\/2016\/09\/sacerdocio12.png?resize=278%2C407&#038;ssl=1\" alt=\"sacerdocio12\" width=\"278\" height=\"407\" \/><figcaption id=\"caption-attachment-17486\" class=\"wp-caption-text\">El propio Dios era el dise\u00f1ador de estas \u00abvestiduras sagradas\u00bb que el sumo sacerdote deber\u00eda usar en sus ejecutorias, atuendo compuesto de varias piezas, cada cual con sus significado particular para aquel tiempo del sacerdocio lev\u00edtico y simbolismo intrigante para la era cristiana.<\/figcaption><\/figure>\n<p>Existen dos par\u00e1bolas que quisiera mencionar tocante a este punto.<\/p>\n<ol>\n<li>La par\u00e1bola de las bodas &#8211; (<em>Mateo 22:1-14<\/em>). Se habla concerniente al d\u00eda del juicio final. Quiero resaltar solo los vers\u00edculos 11 al 14 (<em>leer<\/em>); claramente la ense\u00f1anza es que debemos estar vestidos propiamente de acuerdo a la mente de Dios.<\/li>\n<li>La par\u00e1bola del hijo pr\u00f3digo &#8211; (<em>Lucas 15:11-32<\/em>). De aqu\u00ed solo quiero resaltar los versos 21 y 22. Cuando el Padre vio el arrepentimiento del hijo, le perdona\u2026 y le restaura. Prueba de esto es que manda a sacar el mejor vestido y hace que le vistan. La esperanza es que no se puede ser hijo de Dios sin estar revestido de vestiduras sagradas, en este caso: vestidos de la nueva creaci\u00f3n seg\u00fan Dios.<\/li>\n<\/ol>\n<p style=\"text-align:center;\"><b><span style=\"text-decoration:underline;\">Caracter\u00edsticas del sacerdocio\u00a0Aaronico<\/span>:\u00a0<\/b><\/p>\n<ul>\n<li>Sin el sumo sacerdote no hab\u00eda acceso al Tabern\u00e1culo. El era aqu\u00ed en la tierra, el mediador entre Dios y los hombres.<\/li>\n<li>En la Biblia se mencionan dos \u00f3rdenes sacerdotales: el de Aar\u00f3n y el de Melquisedec<\/li>\n<li>(<em>Ex. 28:1-2;\u00a0Gn. 14:18-20<\/em>).<\/li>\n<li>Aar\u00f3n es tipo y contraste en relaci\u00f3n con Cristo. El era sacerdote en esta tierra, y Cristo no lo\u00a0 fue (<em>He. 8:4<\/em>). Aar\u00f3n ces\u00f3 el sacerdocio cuando muri\u00f3 (<em>He. 7:23<\/em>). Pero Cristo es Sacerdote eternamente en el Cielo &#8211; (<em>He. 7: 3,\u00a015-17; Ap. 1: 13<\/em>).<\/li>\n<li>El trabajo del sumo sacerdote no comenzaba sino hasta que daba muerte a la v\u00edctima del sacrificio.<\/li>\n<li>El sacerdocio de Aar\u00f3n ten\u00eda que ver con Israel, el pueblo\u00a0 de Dios en la tierra. Pero ahora los creyentes estamos \u00aben los lugares celestiales\u00bb con Cristo (Ef. 2:6). El, como nuestro mediador, est\u00e1 en el Cielo<em>\u00a0&#8211; (1\u00aa Ti. 2:5;\u00a0He. 12:24<\/em>).<\/li>\n<\/ul>\n<table border=\"1\">\n<tbody>\n<tr>\n<td style=\"text-align:center;\"><b>\u00a0\u00a0\u00a0\u00a0Bajo el orden Lev\u00edtico<\/b><b>\u00a0 \u00a0 \u00a0 \u00a0 \u00a0 \u00a0 \u00a0 \u00a0 \u00a0 \u00a0 \u00a0 \u00a0 \u00a0 \u00a0\u00a0<\/b><\/td>\n<td style=\"text-align:center;\"><b>Cristo nuestro gran\u00a0Sumo\u00a0Sacerdote<\/b><\/td>\n<\/tr>\n<tr>\n<td style=\"text-align:left;\">Pecaban<\/td>\n<td style=\"text-align:left;\">No peco<\/td>\n<\/tr>\n<tr>\n<td valign=\"top\">Eran falibles<\/td>\n<td valign=\"top\">Era Infalible.<\/td>\n<\/tr>\n<tr>\n<td valign=\"top\">Muchos Sacerdotes.<\/td>\n<td valign=\"top\">Un solo Sacerdote.<\/td>\n<\/tr>\n<tr>\n<td valign=\"top\">Ofrendas Cont\u00ednuas.<\/td>\n<td valign=\"top\">El, la \u00fanica ofrenda.<\/td>\n<\/tr>\n<tr>\n<td valign=\"top\">Todos murieron.<\/td>\n<td valign=\"top\">Vive para siempre.<\/td>\n<\/tr>\n<tr>\n<td valign=\"top\">Antiguo Pacto.<\/td>\n<td valign=\"top\">El Nuevo Pacto perpetuo.<\/td>\n<\/tr>\n<tr>\n<td valign=\"top\">No ten\u00edan poder en s\u00ed mismo.<\/td>\n<td valign=\"top\">El tiene todo el poder y autoridad.<\/td>\n<\/tr>\n<tr>\n<td valign=\"top\">No eran sensibles a las necesidades del pueblo.<\/td>\n<td valign=\"top\">Se compadece de todas nuestras enfermedades y debilidades.<\/td>\n<\/tr>\n<tr>\n<td valign=\"top\">Nunca terminaron su trabajo.<\/td>\n<td valign=\"top\">Jes\u00fas lo termino todo &#8211; \u00ab<em>Consumado es<\/em>\u00ab.<\/td>\n<\/tr>\n<tr>\n<td valign=\"top\">Ofrec\u00edan sacrificios.<\/td>\n<td valign=\"top\">Se ofreci\u00f3 a s\u00ed mismo.<\/td>\n<\/tr>\n<tr>\n<td valign=\"top\">Ministraba solo al pueblo de Dios.<\/td>\n<td valign=\"top\">Ministra al mundo.<\/td>\n<\/tr>\n<tr>\n<td valign=\"top\">Eran solamente Sacerdotes.<\/td>\n<td valign=\"top\">El es Sacerdote y Rey.<\/td>\n<\/tr>\n<tr>\n<td valign=\"top\">Su ministerio era temporal y cambiante.<\/td>\n<td valign=\"top\">Su ministerio es inmutable y para siempre.<\/td>\n<\/tr>\n<tr>\n<td valign=\"top\">Su funci\u00f3n de sacerdote era un tipo de lo que habr\u00eda de venir.<\/td>\n<td valign=\"top\">Es un hecho, una realidad y el cumplimiento.<\/td>\n<\/tr>\n<tr>\n<td valign=\"top\">Entraban con sangre animal al Lugar Sant\u00edsimo.<\/td>\n<td valign=\"top\">Entr\u00f3 al cielo por medio de su propia sangre.<\/td>\n<\/tr>\n<tr>\n<td valign=\"top\">El sacerdocio pasaba de padres a hijos.<\/td>\n<td valign=\"top\">No traspas\u00f3 su sacerdocio a nadie.<\/td>\n<\/tr>\n<tr>\n<td valign=\"top\">Es limitado.<\/td>\n<td valign=\"top\">Es ilimitado.<\/td>\n<\/tr>\n<tr>\n<td valign=\"top\">Sus vestiduras eran externas.<\/td>\n<td valign=\"top\">Sus vestiduras son completamente internas.<\/td>\n<\/tr>\n<tr>\n<td style=\"text-align:left;\" valign=\"top\">Ungidos por Moises.<\/td>\n<td style=\"text-align:left;\" valign=\"top\">Ungido por Dios.<\/td>\n<\/tr>\n<\/tbody>\n<\/table>\n<hr \/>\n<hr \/>\n<hr \/>\n<p style=\"text-align:center;\"><strong><span style=\"text-decoration:underline;\">Las prendas del sumo sacerdote <\/span><\/strong><\/p>\n<p>De las prendas del sumo sacerdote solo estudiaremos algunas que consideramos m\u00e1s relevantes:<\/p>\n<ul>\n<li><strong><u>Los calzones de lino<\/u><\/strong><strong>\u00a0&#8211; (<u>Exodo\u00a028:42-43; 39:28<\/u>):<\/strong><\/li>\n<\/ul>\n<p>Esta era la primera prenda que se pon\u00eda el sacerdote cuando iba a ministrar, era para cubrir su desnudez. Este articulo tan intimo nos muestra la necesidad de pureza\u00a0y\u00a0decencia\u00a0en cada fase de la adoraci\u00f3n a Dios &#8211;\u00a0<em>(1 Cor. 12:23;\u00a014:40<\/em>).<\/p>\n<p>Antes de tener la ministraci\u00f3n, nosotros como sacerdotes de Dios debemos de cubrirnos con el poder, la justicia y la santidad de Dios &#8211; (<em>Zac. 4:6; Hech 1:8;\u00a0Rom 8:1-4;\u00a01\u00a0Ts 5:8<\/em>).<\/p>\n<div style=\"text-align:left;\">\n<div>\n<ul>\n<li><strong><span style=\"text-decoration:underline;\">La t\u00fanica blanca<\/span>\u00a0&#8211; (<span style=\"text-decoration:underline;\">Exodo\u00a0 28:39-40; 39:27-29<\/span>):<\/strong><\/li>\n<\/ul>\n<p>Bordada primorosamente, de inmaculada blancura y de la m\u00e1s fina calidad. Primera pieza del traje sacerdotal &#8211; (<em>Lv. 8:7-9<\/em>).<\/p>\n<\/div>\n<div><img data-recalc-dims=\"1\" loading=\"lazy\" decoding=\"async\" data-attachment-id=\"17513\" data-permalink=\"https:\/\/atravesdelasescrituras.com\/es_es\/2016\/09\/03\/el-sacerdocio-sus-vestiduras-y-consagracion\/alba-2\/\" data-orig-file=\"https:\/\/atravesdelasescrituras.com\/wp-content\/uploads\/2016\/09\/alba.jpg\" data-orig-size=\"500,842\" data-comments-opened=\"1\" data-image-meta=\"{&quot;aperture&quot;:&quot;0&quot;,&quot;credit&quot;:&quot;&quot;,&quot;camera&quot;:&quot;&quot;,&quot;caption&quot;:&quot;&quot;,&quot;created_timestamp&quot;:&quot;0&quot;,&quot;copyright&quot;:&quot;&quot;,&quot;focal_length&quot;:&quot;0&quot;,&quot;iso&quot;:&quot;0&quot;,&quot;shutter_speed&quot;:&quot;0&quot;,&quot;title&quot;:&quot;&quot;,&quot;orientation&quot;:&quot;0&quot;}\" data-image-title=\"alba\" data-image-description=\"\" data-image-caption=\"\" data-large-file=\"https:\/\/atravesdelasescrituras.com\/wp-content\/uploads\/2016\/09\/alba.jpg\" class=\"  wp-image-17513 alignright\" src=\"https:\/\/i0.wp.com\/atravesdelasescrituras.com\/wp-content\/uploads\/2016\/09\/alba.jpg?resize=215%2C361&#038;ssl=1\" alt=\"alba\" width=\"215\" height=\"361\" \/><\/div>\n<div>\n<p>Despu\u00e9s de esta pieza y su cintur\u00f3n se pon\u00edan los dem\u00e1s vestidos que indicaban su oficio como sumo sacerdote. No podr\u00eda ponerse las vestiduras de gloria y hermosura hasta que no se pon\u00eda esta pieza.<\/p>\n<p>Esta pieza sosten\u00eda las dem\u00e1s partes de la vestimenta. Era una sola pieza, con mangas apretadas y descansaba sobre los hombros y ca\u00eda hacia abajo hasta el suelo cubr\u00eda todo su cuerpo hasta los pies.<\/p>\n<p>\u232aSignificado de la t\u00fanica blanca:<\/p>\n<p>\u203a \u00a0 El hecho de que era de una solo pieza nos habla de un solo Se\u00f1or, que no puede ser dividido, que cubre completamente al creyente. Tambi\u00e9n nos habla de un solo evangelio que tampoco puede ser fragmentado.<\/p>\n<p>\u203a \u00a0 Para ver el tejido hab\u00eda que acercarse bien al sumo sacerdote. Para contemplar la hermosura de Cristo tenemos que acercarnos a El. Para apropiarnos de los beneficios de su obra tenemos que acercarnos a El &#8211; (<em>He. 4:6;\u00a07:17-19;\u00a010:21-22; Stg 4:8<\/em>).<\/p>\n<p>\u203a \u00a0 Su blancura inmaculada es tipo del car\u00e1cter justo de nuestro Sumo Pont\u00edfice y nos muestra su pureza desde la cabeza a los pies &#8211; (<em>Mt 27:19,\u00a024; Lc. 23:41,47;\u00a0Jn 8:46;\u00a018:38;\u00a019:4,6<\/em>).<\/p>\n<\/div>\n<ul>\n<li><strong><span style=\"text-decoration:underline;\">El cinto de la t\u00fanica<\/span>\u00a0&#8211; (<span style=\"text-decoration:underline;\">Exodo\u00a028:39; 39:29<\/span>):<img data-recalc-dims=\"1\" loading=\"lazy\" decoding=\"async\" data-attachment-id=\"17514\" data-permalink=\"https:\/\/atravesdelasescrituras.com\/es_es\/2016\/09\/03\/el-sacerdocio-sus-vestiduras-y-consagracion\/cinto\/\" data-orig-file=\"https:\/\/atravesdelasescrituras.com\/wp-content\/uploads\/2016\/09\/cinto.jpg\" data-orig-size=\"247,335\" data-comments-opened=\"1\" data-image-meta=\"{&quot;aperture&quot;:&quot;0&quot;,&quot;credit&quot;:&quot;&quot;,&quot;camera&quot;:&quot;&quot;,&quot;caption&quot;:&quot;&quot;,&quot;created_timestamp&quot;:&quot;0&quot;,&quot;copyright&quot;:&quot;&quot;,&quot;focal_length&quot;:&quot;0&quot;,&quot;iso&quot;:&quot;0&quot;,&quot;shutter_speed&quot;:&quot;0&quot;,&quot;title&quot;:&quot;&quot;,&quot;orientation&quot;:&quot;1&quot;}\" data-image-title=\"cinto\" data-image-description=\"\" data-image-caption=\"\" data-large-file=\"https:\/\/atravesdelasescrituras.com\/wp-content\/uploads\/2016\/09\/cinto.jpg\" class=\"  wp-image-17514 alignright\" src=\"https:\/\/i0.wp.com\/atravesdelasescrituras.com\/wp-content\/uploads\/2016\/09\/cinto.jpg?resize=203%2C276&#038;ssl=1\" alt=\"cinto\" width=\"203\" height=\"276\" \/><\/strong><\/li>\n<\/ul>\n<div>\n<p>Este cinto tambi\u00e9n de lino, ce\u00f1\u00eda la T\u00fanica al cuerpo del sacerdote. Los colores usados fueron:<\/p>\n<ol>\n<li>Azul &#8211; (<em>Gloria Celestial<\/em>)<\/li>\n<li>Carmes\u00ed &#8211; (<em>La sangre que El derramo<\/em>)<\/li>\n<li>P\u00farpura &#8211; (<em>Reinado, Rey de reyes<\/em>)<\/li>\n<\/ol>\n<p>Este cinto le permit\u00eda al sacerdote tener libertad en sus movimientos. Despu\u00e9s que el cinto se ce\u00f1\u00eda a la t\u00fanica el sacerdote estaba preparado para recibir el resto de la vestimenta y realizar sus funciones sacerdotales.<\/p>\n<p>En este cinto est\u00e1 representada el gobierno y la autoridad divina de Cristo &#8211; (<em>Ap. 1:13<\/em>).<\/p>\n<\/div>\n<div style=\"text-align:center;\">\n<ul>\n<li style=\"text-align:left;\"><strong><span style=\"text-decoration:underline;\">El manto azul del Efod<\/span> &#8211; (<span style=\"text-decoration:underline;\">Exodo\u00a028:31-35; 39:22-26<\/span>):<\/strong><\/li>\n<\/ul>\n<ol>\n<li style=\"text-align:left;\">Una prenda formada por una sola pieza, corta como especie de sobretodo, se pon\u00eda por\u00a0encima de la t\u00fanica blanca y colgaba desde los hombros, estaba debajo del Efod. Se usaba para la ministraci\u00f3n en el servicio sacerdotal.<span style=\"text-align:center;font-size:15px;line-height:1.7;\"><img data-recalc-dims=\"1\" loading=\"lazy\" decoding=\"async\" data-attachment-id=\"17508\" data-permalink=\"https:\/\/atravesdelasescrituras.com\/es_es\/2016\/09\/03\/el-sacerdocio-sus-vestiduras-y-consagracion\/attachment\/251\/\" data-orig-file=\"https:\/\/atravesdelasescrituras.com\/wp-content\/uploads\/2016\/09\/251.jpg\" data-orig-size=\"728,971\" data-comments-opened=\"1\" data-image-meta=\"{&quot;aperture&quot;:&quot;0&quot;,&quot;credit&quot;:&quot;&quot;,&quot;camera&quot;:&quot;&quot;,&quot;caption&quot;:&quot;&quot;,&quot;created_timestamp&quot;:&quot;0&quot;,&quot;copyright&quot;:&quot;&quot;,&quot;focal_length&quot;:&quot;0&quot;,&quot;iso&quot;:&quot;0&quot;,&quot;shutter_speed&quot;:&quot;0&quot;,&quot;title&quot;:&quot;&quot;,&quot;orientation&quot;:&quot;0&quot;}\" data-image-title=\"251\" data-image-description=\"\" data-image-caption=\"\" data-large-file=\"https:\/\/atravesdelasescrituras.com\/wp-content\/uploads\/2016\/09\/251.jpg\" class=\"  wp-image-17508 alignright\" src=\"https:\/\/i0.wp.com\/atravesdelasescrituras.com\/wp-content\/uploads\/2016\/09\/251.jpg?resize=260%2C347&#038;ssl=1\" alt=\"251\" width=\"260\" height=\"347\" \/><\/span><\/li>\n<li style=\"text-align:left;\">La parte superior e inferior ten\u00edan un borde para evitar la rotura y el ensanchamiento por el uso. En la parte inferior ten\u00eda borlas en forma de granadas de color azul, p\u00farpura, carmes\u00ed y blanco de lino torcido. Tambi\u00e9n colgaban campanillas de oro intercaladas alternativamente con las granadas, en igual n\u00famero sin mencionar el total de las mismas.<\/li>\n<\/ol>\n<p><strong>\u00bfQue simboliza este manto?<\/strong><\/p>\n<p style=\"text-align:left;\">\u203a \u00a0 Primeramente su color azul nos muestra el car\u00e1cter celestial del Se\u00f1or Jes\u00fas y que El no es nuestro sacerdote en la tierra, sino cumple actualmente su servicio en el Cielo y quien adem\u00e1s nos da su paz &#8211; (<em>Jn 3:13;\u00a01 Co. 15:47;\u00a0He. 8:4;\u00a09:24;\u00a0Jn 14:27;\u00a016:33;\u00a02\u00a0Ts. 3:16<\/em>).<\/p>\n<p style=\"text-align:left;\">\u203a \u00a0 El manto estaba confeccionado de tal manera que no se podia romper. Nadie puede romper la obra la perfecci\u00f3n de la obra de Cristo. En el tiempo del AT se rasgaban los vestidos en tiempo de angustia. La t\u00fanica de Jes\u00fas no fue partida &#8211; (<em>Jn 19:23-24<\/em>).<\/p>\n<p style=\"text-align:left;\">\u203a \u00a0 Al estar el manto formado por una sola pieza surgiere la idea de que no tiene principio ni fin &#8211; (<em>Heb. 5:6;\u00a06:20;\u00a07:3,\u00a017,21<\/em>).<\/p>\n<p style=\"text-align:left;\">\u203a \u00a0 La \u00fanica forma de ponerse el manto era por encima, lo que nos hace pensar en &#8211; (<em>Jn 3:31;\u00a08:23;\u00a019:11;\u00a0Mt. 27:51<\/em>)<\/p>\n<p style=\"text-align:left;\">\u203a \u00a0 La igualdad num\u00e9rica de las granadas y campanillas nos recuerda la vida y el ministerio fruct\u00edfero del Se\u00f1or &#8211; (<em>Hch 1:1;\u00a0Heb. 10:5,9<\/em>). Al desconocerse el n\u00famero exacto nos muestra que solo Dios sabe el infinito valor de Cristo y el alcance de su ministerio celestial. El ministerio terrenal solo fue el comienzo de las cosas que El va hacer. Al El regresar al cielo y venir el Esp\u00edritu Santo a morar en nosotros marco una nueva etapa que aun se contin\u00faa realizando.<\/p>\n<\/div>\n<div style=\"padding-left:30px;\">\n<div><\/div>\n<div>\n<ul>\n<li><strong><span style=\"text-decoration:underline;\">Las granadas y las campanillas<\/span> &#8211; (<span style=\"text-decoration:underline;\">Exodo\u00a028:32-35; 39:24-26<\/span>):<\/strong><\/li>\n<\/ul>\n<div style=\"padding-left:30px;\">\n<p>\u203a \u00a0 Los adornos en forma de granadas eran de los mismos colores del Santuario: azul, p\u00farpura y carmes\u00ed; nos hable de ministerio celestial, realeza y sacrificio.<\/p>\n<p>\u203a \u00a0 Estas granadas eran un s\u00edmbolo de fructificaci\u00f3n abundante en el servicio, porque a la gran cantidad de semillas contenidas en su interior la granada era s\u00edmbolo de fertilidad \u00ab<em>Es un tipo de Cristo<\/em>\u00ab.<\/p>\n<p>\u203a \u00a0 Sus semillas unidas por una membrana que cubre un jugo rojizo sugiere la unidad de la Iglesia, \u201c<em>la cual El adquiri\u00f3 por su propia sangre<\/em>\u201d &#8211; (<em>Hch 20:28;\u00a0Jn 17:21<\/em>). De su sangre brotada sobre la tierra sali\u00f3 una gran cosecha de almas salvadas.<\/p>\n<p>\u203a \u00a0 Nuestro\u00a0 sumo sacerdote es celestial, a este car\u00e1cter celestial se refieren los frutos y el testimonio del Esp\u00edritu Santo, aqu\u00ed\u00a0 en figura las granadas y las campanillas en el manto azul del sumo sacerdote. Es de Cristo de donde desciende los frutos, fijados en el borde de su manto, sujetados a El solo podemos permanecer. Tambi\u00e9n solo sujetados de El podremos ser testimonios de que El vive.<\/p>\n<p>\u203a \u00a0 Salmo 133: La bendici\u00f3n proviene de la cabeza en el cielo y desciende hasta nosotros por medio del Esp\u00edritu Santo, por lo que debemos dar frutos y dar testimonio al mundo de que Cristo vive para siempre &#8211; (<em>Hch 1:8<\/em>).<\/p>\n<p>\u203a \u00a0 Las campanillas emit\u00edan un sonido cuando Aar\u00f3n desempe\u00f1aba su servicio sacerdotal. Estas campanillas entonces nos hablan del testimonio de servicio. Los israelitas conoc\u00edan que el sumo sacerdote estaba realizando su funci\u00f3n cuando se escuchaban las campanillas.<\/p>\n<\/div>\n<div style=\"padding-left:30px;\"><\/div>\n<\/div>\n<\/div>\n<\/div>\n<div style=\"padding-left:30px;\">\n<figure id=\"attachment_17510\" aria-describedby=\"caption-attachment-17510\" style=\"width: 400px\" class=\"wp-caption aligncenter\"><img data-recalc-dims=\"1\" loading=\"lazy\" decoding=\"async\" data-attachment-id=\"17510\" data-permalink=\"https:\/\/atravesdelasescrituras.com\/es_es\/2016\/09\/03\/el-sacerdocio-sus-vestiduras-y-consagracion\/campanita\/\" data-orig-file=\"https:\/\/atravesdelasescrituras.com\/wp-content\/uploads\/2016\/09\/campanita.jpg\" data-orig-size=\"400,324\" data-comments-opened=\"1\" data-image-meta=\"{&quot;aperture&quot;:&quot;0&quot;,&quot;credit&quot;:&quot;&quot;,&quot;camera&quot;:&quot;&quot;,&quot;caption&quot;:&quot;&quot;,&quot;created_timestamp&quot;:&quot;0&quot;,&quot;copyright&quot;:&quot;&quot;,&quot;focal_length&quot;:&quot;0&quot;,&quot;iso&quot;:&quot;0&quot;,&quot;shutter_speed&quot;:&quot;0&quot;,&quot;title&quot;:&quot;&quot;,&quot;orientation&quot;:&quot;1&quot;}\" data-image-title=\"campanita\" data-image-description=\"\" data-image-caption=\"\" data-large-file=\"https:\/\/atravesdelasescrituras.com\/wp-content\/uploads\/2016\/09\/campanita.jpg\" class=\" size-full wp-image-17510 aligncenter\" src=\"https:\/\/i0.wp.com\/atravesdelasescrituras.com\/wp-content\/uploads\/2016\/09\/campanita.jpg?resize=400%2C324&#038;ssl=1\" alt=\"campanita\" width=\"400\" height=\"324\" \/><figcaption id=\"caption-attachment-17510\" class=\"wp-caption-text\"><em>Campanilla encontrada en Jerusal\u00e9n. En la ciudadela de David mas conocido hoy como el \u00abArco de Robinson\u00bb, sobre este se alzaba una escalera con varios tramos por la cual los sacerdotes y el resto del pueblo llegaban al templo, para orar y ofrecer sacrificios<\/em><\/figcaption><\/figure>\n<\/div>\n<div style=\"text-align:left;\">\n<div style=\"padding-left:30px;\">\n<div>\n<div style=\"padding-left:30px;\"><\/div>\n<div style=\"text-align:center;\">\n<p>\u00bfC\u00f3mo el mundo puede conocer que nuestro Sumo Pont\u00edfice celestial todav\u00eda esta oficializando?<\/p>\n<p><strong><em>\u00a0\u00abPorque la Iglesia son sus campanillas\u00bb<\/em><\/strong><\/p>\n<\/div>\n<\/div>\n<div>\n<ul>\n<li>Adem\u00e1s, las campanillas eran testimonio de vida. Es la Iglesia de Jesucristo el \u00fanico testimonio de que nuestro amado Jesucristo vive para siempre.<\/li>\n<li>Nuestro Pont\u00edfice est\u00e1 ahora en el cielo, sentado en el Lugar Sant\u00edsimo, mientras que en la tierra se escuchan el grato sonido de su servicio sacerdotal por el testimonio que dan los redimidos mediante los frutos que brotan de su ministerio en las alturas. Es por medio del Esp\u00edritu Santo que podemos dar testimonio de que nuestro amado Dios, vive para siempre. Cuando por medio del testimonio del Esp\u00edritu proclamamos el Evangelio, est\u00e1n sonando las campanillas los que nos indica que nuestro sumo sacerdote vive para siempre.<\/li>\n<li>No se pueden separar las campanillas de las granadas porque donde hay testimonio debe haber fruto del\u00a0esp\u00edritu.<\/li>\n<\/ul>\n<\/div>\n<\/div>\n<\/div>\n<ul>\n<li><span style=\"text-decoration:underline;\"><strong>El Efod<\/strong><\/span><strong> &#8211; (<\/strong><span style=\"text-decoration:underline;\"><strong><em>Exodo<\/em><b><em>\u00a0 28:4-14; 39:2-7)<\/em><\/b><\/strong><\/span>:<\/li>\n<\/ul>\n<p>Es una vestimenta sagrada por excelencia, consist\u00eda en una t\u00fanica corta como un delantal o chaleco sin mangas que llegaba hasta las caderas.<\/p>\n<p>Esta prenda solo la pod\u00eda usar el sumo sacerdote. Esta prenda formaba parte de la vestimenta que le permit\u00eda comunicarse con Dios directamente y consultar su voluntad.\u00a0Ex.29:5;\u00a0Lv. 8:7\u00a0\u201c<em>Efod<\/em>\u201d viene de la ra\u00edz \u201c<em>aphad<\/em>\u201d que significa amarrar, atar muy cerca, ce\u00f1ir o revestir.\u00a0<img data-recalc-dims=\"1\" loading=\"lazy\" decoding=\"async\" data-attachment-id=\"17512\" data-permalink=\"https:\/\/atravesdelasescrituras.com\/es_es\/2016\/09\/03\/el-sacerdocio-sus-vestiduras-y-consagracion\/efod\/\" data-orig-file=\"https:\/\/atravesdelasescrituras.com\/wp-content\/uploads\/2016\/09\/efod.jpg\" data-orig-size=\"248,499\" data-comments-opened=\"1\" data-image-meta=\"{&quot;aperture&quot;:&quot;0&quot;,&quot;credit&quot;:&quot;&quot;,&quot;camera&quot;:&quot;&quot;,&quot;caption&quot;:&quot;&quot;,&quot;created_timestamp&quot;:&quot;0&quot;,&quot;copyright&quot;:&quot;&quot;,&quot;focal_length&quot;:&quot;0&quot;,&quot;iso&quot;:&quot;0&quot;,&quot;shutter_speed&quot;:&quot;0&quot;,&quot;title&quot;:&quot;&quot;,&quot;orientation&quot;:&quot;1&quot;}\" data-image-title=\"efod\" data-image-description=\"\" data-image-caption=\"\" data-large-file=\"https:\/\/atravesdelasescrituras.com\/wp-content\/uploads\/2016\/09\/efod.jpg\" class=\"  wp-image-17512 alignright\" src=\"https:\/\/i0.wp.com\/atravesdelasescrituras.com\/wp-content\/uploads\/2016\/09\/efod.jpg?resize=225%2C454&#038;ssl=1\" alt=\"efod\" width=\"225\" height=\"454\" \/><\/p>\n<p>Aunque parec\u00edan dos piezas, era una sola pieza unida en los hombros, donde iban los engastes para las dos piedras de \u00f3nice.<\/p>\n<p>En ella estaban mezclado: el azul, la p\u00farpura, el carmes\u00ed o escarlata y el lino torcido pero mas llamativo era ver que el oro machacado y cortado en hebras finas, entrelazado con los dem\u00e1s materiales.<\/p>\n<ul>\n<li style=\"list-style-type:none;\">\n<ul>\n<li>Lino :Humanidad<\/li>\n<li>Oro: Realeza.<\/li>\n<\/ul>\n<\/li>\n<\/ul>\n<p>Prenda exterior o estola hecha de oro, azul, p\u00farpura y carmes\u00ed. Ten\u00eda dos hombreras a sus extremos.<\/p>\n<p>Esta prenda llevaba sobre las hombreras dos piedras de \u00f3nice en donde fueron grabados los nombres de las doce tribus de Israel, seis en una y seis en la otra, montadas sobre un marco de oro.<\/p>\n<p>Podemos decir que son un tipo y sombra de la doctrina de Cristo, cuyo fundamento hemos aprendido nosotros de los ap\u00f3stoles y profetas del primer siglo &#8211; (<em>Efesios 3:5; Juan 17:20<\/em>).<\/p>\n<p>Esa doctrina est\u00e1 ahora sobre nuestros lomos, que como \u00ab<em>sacerdotes<\/em>\u00bb y \u00ab<em>ministros competentes del Nuevo Pacto<\/em>\u00bb tenemos que predicarla y practicarla.<\/p>\n<p>La Biblia no da una descripci\u00f3n muy detallada de la forma del Efod pero nos informa de los usos y abusos a que esta prenda sacerdotal fue sometida a lo largo de la historia hebrea\u00a0&#8211; (<em>1 Samuel 2:28; 23:6,9; 30:7<\/em>).<\/p>\n<p>Tipifica de esta manera los usos y abusos a que ha sido sometida \u00ab<em>la doctrina de Cristo<\/em>\u00bb por parte de impostores, obreros fraudulentos y falsos profetas y maestros.<\/p>\n<div style=\"text-align:center;\"><\/div>\n<p>Si se dividiera el efod es como si se estuviera dividiendo las dos naturalezas de nuestro Se\u00f1or Jesucristo.<\/p>\n<p>El lino tambi\u00e9n es representativo de los sacerdotes y el oro de realeza; Cristo era conforme al orden de Melquisedec :\u00a0<b>Sacerdote y Rey &#8211; <\/b>(<em>He 5:6; Salmos 110:4;\u00a0Heb 7:1-17<\/em>)<\/p>\n<p>El Efod era la obra primorosa y su hechura hermosa. Aunque el hombre vio a Cristo sin atracci\u00f3n, el Padre lo vio en toda su hermosura desde el comienzo del ministerio &#8211; (<em>Is. 53:2<\/em>)<\/p>\n<p><span class=\"embed-youtube\" style=\"text-align:center; display: block;\"><iframe class=\"youtube-player\" width=\"1870\" height=\"1052\" src=\"https:\/\/www.youtube.com\/embed\/5g8_H6sI3rI?version=3&#038;rel=1&#038;showsearch=0&#038;showinfo=1&#038;iv_load_policy=1&#038;fs=1&#038;hl=es-ES&#038;autohide=2&#038;wmode=transparent\" allowfullscreen=\"true\" style=\"border:0;\" sandbox=\"allow-scripts allow-same-origin allow-popups allow-presentation allow-popups-to-escape-sandbox\"><\/iframe><\/span><\/p>\n<p><strong>\u232a<\/strong><span style=\"text-decoration:underline;\">El cinto del Efod<\/span> &#8211; <span style=\"text-decoration:underline;\">(<em>Exodo\u00a0 28:8<\/em>)<\/span>:<\/p>\n<p>Serv\u00eda para unirlo al sacerdote justo con el pectoral, el Urim y el Tumin, las piedras en los engastes, haciendo una unidad con el sacerdote. Esto es precisamente lo que realiza El Esp\u00edritu Santo, trae unidad &#8211; (<em>Ez. 36:27<\/em>)<\/p>\n<p>El cinto un\u00eda:<\/p>\n<ul>\n<li style=\"list-style-type:none;\">\n<ul>\n<li>La deidad (<em>azul<\/em>)<\/li>\n<li>La humanidad (<em>lino<\/em>)<\/li>\n<li>El sacrificio (<em>escarlata<\/em>).<\/li>\n<li>La resurrecci\u00f3n y reinado (<em>oro<\/em>)<\/li>\n<\/ul>\n<\/li>\n<\/ul>\n<p>El sumo Sacerdote presentaba delante de la presencia de Dios a las 12 tribus representadas en el pectoral &#8211; (<em>Isaias. 11:2; Juan 15:24; Juan 16:13<\/em>)<\/p>\n<div>\n<ol>\n<li>Nota:<\/li>\n<\/ol>\n<p>Hab\u00edan varias clases de\u00a0\u201c<em>efod<\/em>\u201d<strong>:<\/strong><\/p>\n<\/div>\n<ol>\n<li>El de lino blanco utilizado por los sacerdotes &#8211;\u00a0<em>(1 S. 22:18<\/em>).\n<p><figure id=\"attachment_17487\" aria-describedby=\"caption-attachment-17487\" style=\"width: 228px\" class=\"wp-caption alignright\"><img data-recalc-dims=\"1\" loading=\"lazy\" decoding=\"async\" data-attachment-id=\"17487\" data-permalink=\"https:\/\/atravesdelasescrituras.com\/es_es\/2016\/09\/03\/el-sacerdocio-sus-vestiduras-y-consagracion\/fafa\/\" data-orig-file=\"https:\/\/atravesdelasescrituras.com\/wp-content\/uploads\/2016\/09\/fafa.png\" data-orig-size=\"711,1071\" data-comments-opened=\"1\" data-image-meta=\"{&quot;aperture&quot;:&quot;0&quot;,&quot;credit&quot;:&quot;&quot;,&quot;camera&quot;:&quot;&quot;,&quot;caption&quot;:&quot;&quot;,&quot;created_timestamp&quot;:&quot;0&quot;,&quot;copyright&quot;:&quot;&quot;,&quot;focal_length&quot;:&quot;0&quot;,&quot;iso&quot;:&quot;0&quot;,&quot;shutter_speed&quot;:&quot;0&quot;,&quot;title&quot;:&quot;&quot;,&quot;orientation&quot;:&quot;0&quot;}\" data-image-title=\"fafa\" data-image-description=\"\" data-image-caption=\"\" data-large-file=\"https:\/\/atravesdelasescrituras.com\/wp-content\/uploads\/2016\/09\/fafa.png\" class=\"  wp-image-17487 alignright\" src=\"https:\/\/i0.wp.com\/atravesdelasescrituras.com\/wp-content\/uploads\/2016\/09\/fafa.png?resize=228%2C343&#038;ssl=1\" alt=\"fafa\" width=\"228\" height=\"343\" \/><figcaption id=\"caption-attachment-17487\" class=\"wp-caption-text\">El sumo sacerdote lleva sobre su peco el \u00abpectoral del juicio\u00bb con sus doce piedras preciosas distintas, grabados en el las los nombres de las doce tribus de Israel. Cordones sujetan el pectoral sobre la prenda llamada \u00ab<em>efod<\/em>\u00ab. Los objetos sagrados llamados \u00ab<em>Urim y Tumim<\/em>\u00bb fueron colocados dentro del pectoral. Encima de las dos hombreras del efod discernimos las dos piedras de \u00f3nice en las que tambi\u00e9n fueron grabados los nombres de las doce tribus, seis nombres en cada piedra. Cubre la cabeza del sumo sacerdote la mitra, con la l\u00e1mina de oro puro cuya letra en grabadora de anillo dice \u00bb <em>Santidad a YHVH<\/em>\u00ab<\/figcaption><\/figure><\/li>\n<li>El de lino simple, como el que utilizo David &#8211; (<em>2 S. 6:14<\/em>)<\/li>\n<li>En algunos textos se habla de un efod como instrumento de adivinaci\u00f3n, del cual se desconoce su forma y se diferencia mucho del que Dios hab\u00eda establecido para Aar\u00f3n &#8211; (<em>Jue. 17:5; 18:14<\/em>)<\/li>\n<li>Hubo un efod construido por Gede\u00f3n con el oro de los despojos de la batalla. Se origino en la ciudad de Ofra y se convirti\u00f3 en el centro de culto idol\u00e1trico &#8211; (<em>Jue 8:27<\/em>).\u00a0<i>Cuidado con los objetos utilizados para la adivinaci\u00f3n:<br \/>\n<\/i><\/li>\n<\/ol>\n<p>Tengamos cuidado, pues, con las imitaciones revelatorias de los falsos profetas y con aquellos maestros que el Se\u00f1or no ha enviado &#8211; (<em>Jer. 14:14;\u00a023:21;\u00a01 Tim 4:1;\u00a02\u00a0P 2:1-2<\/em>).<\/p>\n<p>\u232a<span style=\"text-decoration:underline;\">Las hombreras y sus diademas de Onice<\/span>\u00a0&#8211; (<span style=\"text-decoration:underline;\">Exodo\u00a0 28:6-14; 39:2-7<\/span>):<\/p>\n<p>En perfecto equilibrio sobre ambas hombreras del sumo sacerdote, los nombres grabados en\u00a0las piedras de \u00f3nice prefiguran a todos aquellos que por la misericordia de Dios han sido conducidos a salvaci\u00f3n eterna &#8211; (<em>Lc. 2:14; 10:20; Fil. 4:3<\/em>). Nuestros nombres han sido levantados delante de la presencia de Dios &#8211; (<em>Apocalipsis\u00a0 3:5; 20:15;21:27<\/em>)<\/p>\n<ul>\n<li><strong><span style=\"text-decoration:underline;\">El pectoral del juicio<\/span> &#8211; <span style=\"text-decoration:underline;\">(<em>Exodo 28:15-21<\/em><\/span>):<\/strong><\/li>\n<\/ul>\n<p>Era una pieza hecha de oro, azul, p\u00farpura, carmes\u00ed y lino torcido. Ten\u00eda forma cuadrada e incorporadas doce piedras preciosas, cada una con el nombre de una de las doce tribus de Israel &#8211; (<em>\u00c9xodo 28:15-29; 39:8-21<\/em>).<\/p>\n<p>Era por mucho, la pieza m\u00e1s costosa de todas las que usaba el sacerdote en su vestimenta. El pectoral mostraba la autoridad sacerdotal de Aar\u00f3n como proclamador de la voluntad de Dios al hombre, llevando continuamente al pueblo ante la presencia del Se\u00f1or. Por eso en Exodo 19:5 Dios le llama \u201c<em>especial tesoro<\/em>\u201d.<\/p>\n<p>Estaba unida al Efod por una peque\u00f1a cadena de oro, pero contrario al Efod (<em>que ten\u00eda dos piedras grandes iguales cada una con seis nombres de las doce tribus<\/em>), en el pectoral las piedras son todas diferentes y cada una lleva el nombre de una de las doce tribus de Israel.<\/p>\n<p>Hay que deducir necesariamente que cada piedra representa la totalidad de los miembros de una tribu y el total de doce representa a todo el pueblo de Dios. Entonces podemos decir que se trata de \u00ab<em>todo el pueblo de Dios como un conjunto<\/em>\u00ab.<\/p>\n<p>Los nombres en el pectoral no est\u00e1n escritos de acuerdo al orden cronol\u00f3gico, sino con referencia al servicio (<em>Recordemos que en hebreo se lee de derecha a izquierda y de arriba hacia abajo<\/em>).\u00a0Aar\u00f3n cada vez que entraba al lugar sant\u00edsimo llevaba en su pecho las 12 tribus de Israel (<em>Su pueblo<\/em>). Es la figura prof\u00e9tica de Cristo que nos presenta delante del Padre como sumo sacerdote &#8211; (<em>He. 8:1<\/em>).<\/p>\n<p>Las piedras preciosas brillaban sobre el coraz\u00f3n del sacerdote, as\u00ed tambi\u00e9n nosotros debemos brillar en el mundo. (Ef 5:8; Fil. 2:15)<\/p>\n<p>Pasemos ahora a examinar detalladamente el conjunto de piedras preciosas que adornaba el Pectoral del sacerdote hebreo, comparando la naturaleza de cada Piedra con la inscripci\u00f3n del nombre de la tribu de Israel. Eran 4 hileras de\u00a0 3 piedras.<\/p>\n<p style=\"padding-left:30px;\">\u203a \u00a0 4 Hileras; 3 columnas ; 4 x 3 = 12<img data-recalc-dims=\"1\" loading=\"lazy\" decoding=\"async\" data-attachment-id=\"17507\" data-permalink=\"https:\/\/atravesdelasescrituras.com\/es_es\/2016\/09\/03\/el-sacerdocio-sus-vestiduras-y-consagracion\/attachment\/54\/\" data-orig-file=\"https:\/\/atravesdelasescrituras.com\/wp-content\/uploads\/2016\/09\/54.jpg\" data-orig-size=\"299,257\" data-comments-opened=\"1\" data-image-meta=\"{&quot;aperture&quot;:&quot;0&quot;,&quot;credit&quot;:&quot;&quot;,&quot;camera&quot;:&quot;&quot;,&quot;caption&quot;:&quot;&quot;,&quot;created_timestamp&quot;:&quot;0&quot;,&quot;copyright&quot;:&quot;&quot;,&quot;focal_length&quot;:&quot;0&quot;,&quot;iso&quot;:&quot;0&quot;,&quot;shutter_speed&quot;:&quot;0&quot;,&quot;title&quot;:&quot;&quot;,&quot;orientation&quot;:&quot;1&quot;}\" data-image-title=\"54\" data-image-description=\"\" data-image-caption=\"\" data-large-file=\"https:\/\/atravesdelasescrituras.com\/wp-content\/uploads\/2016\/09\/54.jpg\" class=\"  wp-image-17507 alignright\" src=\"https:\/\/i0.wp.com\/atravesdelasescrituras.com\/wp-content\/uploads\/2016\/09\/54.jpg?resize=275%2C235&#038;ssl=1\" alt=\"54\" width=\"275\" height=\"235\" \/><\/p>\n<p style=\"padding-left:30px;\">\u203a \u00a0 4\u00a0: Numero del mundo &#8211; Plenitud material.<\/p>\n<p style=\"padding-left:30px;\">\u203a \u00a0 3: Denota aquello que es s\u00f3lido, real, sustancial, completo y entero &#8211; Marca la plenitud o perfecci\u00f3n divina.<\/p>\n<p style=\"padding-left:30px;\">\u203a \u00a0 12:\u00a0Denota Plenitud gubernamental<\/p>\n<p>Nuestro sumo sacerdote ejerce por medio de plenitud divina, plenitud\u00a0gubernamental\u00a0sobre toda la creaci\u00f3n &#8211; (<em>Mt.\u00a0 28:18; Fil 2:9-11<\/em>).<\/p>\n<p style=\"padding-left:30px;\">\u203a \u00a0 Todo esto es, sin lugar a dudas, tipo y sombra de la iglesia de Cristo, los llamados aparte, los santificados que Dios conduce hacia la perfecci\u00f3n. Uno por uno Dios les reconoce y les valora como a una piedra preciosa. Es por esa raz\u00f3n que curiosamente est\u00e1n cerca del coraz\u00f3n de Cristo como el antitipo del sumo sacerdote. Lo peculiar de una piedra preciosa consiste en que a m\u00e1s intensidad de luz dando sobre su superficie, tanto mayor el brillo que refleja. La luz nunca puede, de ninguna manera, oscurecer una piedra preciosa; la luz solo aumenta y acrecienta su brillo.<\/p>\n<p style=\"padding-left:30px;\">\u203a \u00a0 El sumo sacerdote presentaba continuamente a las doce tribus tanto sobre el pecho como sobre el hombro. Cristo ahora y por medio de \u00ab<em>su sacrificio<\/em>\u00bb en la cruz del Calvario nos presenta ante el Padre Celestial como un pueblo (<em>iglesia<\/em>) sin arruga y sin mancha. Esa es la raz\u00f3n para resplandecer como luminarias, esto, a pesar de que somos seres imperfectos, llenos de faltas, flaquezas y a pesar de los errores que cometemos, el sacrificio de Cristo en la cruz nos santifica por la sangre derramada por Cristo, qui\u00e9n nos presenta delante de Dios como piedras preciosas de costoso valor.<\/p>\n<p style=\"padding-left:30px;\">\u203a \u00a0 El mundo no concibe este simbolismo espiritual. Al ellos mirar a los hijos de Dios solo juzgan las imperfecciones y defectos; no son capaces de ver m\u00e1s all\u00e1, a las cosas espirituales. De manera que su juicio siempre es falso y parcial. No pueden ver las brillantes joyas con los nombres de todo aqu\u00e9l que ha sido redimido, gravado por la mano del inmutable amor de Dios.<\/p>\n<p style=\"padding-left:30px;\">Cristo es digno de toda alabanza, porque como Hijo de Dios ha sido designado para reinar y ser alabado eternamente por su sacrificio redentor &#8211; (<em>Ef 5:19; Ap. 5:13;\u00a0Mt 10:32; Fil 2:11;\u00a01 Jn 4:2<\/em>).<\/p>\n<p style=\"padding-left:30px;\">Veamos ahora una por una las piedras que estaban incrustadas en el pectoral del sumo sacerdote:<\/p>\n<figure id=\"attachment_17493\" aria-describedby=\"caption-attachment-17493\" style=\"width: 183px\" class=\"wp-caption alignright\"><img data-recalc-dims=\"1\" loading=\"lazy\" decoding=\"async\" data-attachment-id=\"17493\" data-permalink=\"https:\/\/atravesdelasescrituras.com\/es_es\/2016\/09\/03\/el-sacerdocio-sus-vestiduras-y-consagracion\/sardica\/\" data-orig-file=\"https:\/\/atravesdelasescrituras.com\/wp-content\/uploads\/2016\/09\/sardica.jpg\" data-orig-size=\"183,156\" data-comments-opened=\"1\" data-image-meta=\"{&quot;aperture&quot;:&quot;0&quot;,&quot;credit&quot;:&quot;&quot;,&quot;camera&quot;:&quot;&quot;,&quot;caption&quot;:&quot;&quot;,&quot;created_timestamp&quot;:&quot;0&quot;,&quot;copyright&quot;:&quot;&quot;,&quot;focal_length&quot;:&quot;0&quot;,&quot;iso&quot;:&quot;0&quot;,&quot;shutter_speed&quot;:&quot;0&quot;,&quot;title&quot;:&quot;&quot;,&quot;orientation&quot;:&quot;1&quot;}\" data-image-title=\"sardica\" data-image-description=\"\" data-image-caption=\"\" data-large-file=\"https:\/\/atravesdelasescrituras.com\/wp-content\/uploads\/2016\/09\/sardica.jpg\" class=\" size-full wp-image-17493 alignright\" src=\"https:\/\/i0.wp.com\/atravesdelasescrituras.com\/wp-content\/uploads\/2016\/09\/sardica.jpg?resize=183%2C156&#038;ssl=1\" alt=\"sardica\" width=\"183\" height=\"156\" \/><figcaption id=\"caption-attachment-17493\" class=\"wp-caption-text\"><em>1. Sardica<\/em><\/figcaption><\/figure>\n<p style=\"padding-left:30px;\">1. \u00a0 \u00a0 \u00a0 <b><span style=\"text-decoration:underline;\">Sardica<\/span>:<\/b>\u00a0(<em>od\u00e9m, de la ra\u00edz adam = rojizo<\/em>) Color rojo intenso como la sangre (<em>sacrificio<\/em>).<\/p>\n<p style=\"padding-left:30px;\">Esta piedra corresponde a <strong>Juda<\/strong> que significa \u201c<em>alabado<\/em>\u201d o \u201c<em>confesi\u00f3n y alabanza<\/em>\u201d en forma de acci\u00f3n de gracias &#8211; (<em>Gn 29:3)\u00a0<\/em><\/p>\n<p style=\"padding-left:30px;\">Cristo es digno de toda alabanza, porque como Hijo de Dios ha sido designado para reinar y ser alabado eternamente por su<br \/>\nsacrificio redentor &#8211; (<em>Mt 10:32; Fil 2:11;\u00a01 Jn 4:2<\/em>)<em>Ef 5:19; Ap. 5:13;<br \/>\n<\/em><\/p>\n<figure id=\"attachment_17498\" aria-describedby=\"caption-attachment-17498\" style=\"width: 122px\" class=\"wp-caption alignleft\"><img data-recalc-dims=\"1\" loading=\"lazy\" decoding=\"async\" data-attachment-id=\"17498\" data-permalink=\"https:\/\/atravesdelasescrituras.com\/es_es\/2016\/09\/03\/el-sacerdocio-sus-vestiduras-y-consagracion\/topacio_amarillo_oval\/\" data-orig-file=\"https:\/\/atravesdelasescrituras.com\/wp-content\/uploads\/2016\/09\/topacio_amarillo_oval.jpg\" data-orig-size=\"220,219\" data-comments-opened=\"1\" data-image-meta=\"{&quot;aperture&quot;:&quot;0&quot;,&quot;credit&quot;:&quot;&quot;,&quot;camera&quot;:&quot;&quot;,&quot;caption&quot;:&quot;&quot;,&quot;created_timestamp&quot;:&quot;0&quot;,&quot;copyright&quot;:&quot;&quot;,&quot;focal_length&quot;:&quot;0&quot;,&quot;iso&quot;:&quot;0&quot;,&quot;shutter_speed&quot;:&quot;0&quot;,&quot;title&quot;:&quot;&quot;,&quot;orientation&quot;:&quot;0&quot;}\" data-image-title=\"topacio_amarillo_oval\" data-image-description=\"\" data-image-caption=\"\" data-large-file=\"https:\/\/atravesdelasescrituras.com\/wp-content\/uploads\/2016\/09\/topacio_amarillo_oval.jpg\" class=\"  wp-image-17498 alignleft\" src=\"https:\/\/i0.wp.com\/atravesdelasescrituras.com\/wp-content\/uploads\/2016\/09\/topacio_amarillo_oval.jpg?resize=122%2C121&#038;ssl=1\" alt=\"topacio_amarillo_oval\" width=\"122\" height=\"121\" \/><figcaption id=\"caption-attachment-17498\" class=\"wp-caption-text\"><em>2. Topacio<\/em><\/figcaption><\/figure>\n<p>2. \u00a0 \u00a0 <b><span style=\"text-decoration:underline;\">Topacio<\/span>:<\/b>\u00a0(<em>pitdah<\/em>) Color verde claro mezclado con\u00a0amarillo delicado.<\/p>\n<p style=\"text-align:left;\">Esta piedra corresponde a\u00a0<strong>Isacar:<\/strong>\u00a0que significa<em>\u00a0\u201c<em>Recompensa<\/em>\u201d &#8211; (<em>Gn\u00a0<\/em>30:14-18<\/em>).<\/p>\n<p style=\"text-align:left;\">De Cristo recibimos nuestro galard\u00f3n &#8211; (<em>Ef 6:8;\u00a0Col 3:24; Ap. \u00a022:12<\/em>).<\/p>\n<p>3.<b> \u00a0 \u00a0 \u00a0 \u00a0 <span style=\"text-decoration:underline;\">Carbunclo<\/span>:\u00a0<\/b>(<em>ber\u00e9keth = Carbon peque\u00f1o de arak, relucir, que\u00a0<\/em><em>brilla o centellea<\/em>)<\/p>\n<figure id=\"attachment_17495\" aria-describedby=\"caption-attachment-17495\" style=\"width: 180px\" class=\"wp-caption alignright\"><img data-recalc-dims=\"1\" loading=\"lazy\" decoding=\"async\" data-attachment-id=\"17495\" data-permalink=\"https:\/\/atravesdelasescrituras.com\/es_es\/2016\/09\/03\/el-sacerdocio-sus-vestiduras-y-consagracion\/carbunclo-rubi\/\" data-orig-file=\"https:\/\/atravesdelasescrituras.com\/wp-content\/uploads\/2016\/09\/carbunclo-rubi.jpg\" data-orig-size=\"250,221\" data-comments-opened=\"1\" data-image-meta=\"{&quot;aperture&quot;:&quot;0&quot;,&quot;credit&quot;:&quot;&quot;,&quot;camera&quot;:&quot;&quot;,&quot;caption&quot;:&quot;&quot;,&quot;created_timestamp&quot;:&quot;0&quot;,&quot;copyright&quot;:&quot;&quot;,&quot;focal_length&quot;:&quot;0&quot;,&quot;iso&quot;:&quot;0&quot;,&quot;shutter_speed&quot;:&quot;0&quot;,&quot;title&quot;:&quot;&quot;,&quot;orientation&quot;:&quot;0&quot;}\" data-image-title=\"carbunclo-rubi\" data-image-description=\"\" data-image-caption=\"\" data-large-file=\"https:\/\/atravesdelasescrituras.com\/wp-content\/uploads\/2016\/09\/carbunclo-rubi.jpg\" class=\"  wp-image-17495 alignright\" src=\"https:\/\/i0.wp.com\/atravesdelasescrituras.com\/wp-content\/uploads\/2016\/09\/carbunclo-rubi.jpg?resize=180%2C158&#038;ssl=1\" alt=\"carbunclo-rubi.jpg\" width=\"180\" height=\"158\" \/><figcaption id=\"caption-attachment-17495\" class=\"wp-caption-text\"><em>3. Carbunclo<\/em><\/figcaption><\/figure>\n<p>Piedra de color Rub\u00ed como un carb\u00f3n encendido, de rojo oscuro con una matiz de escarlata.<\/p>\n<p>Esta piedra corresponde a Zabul\u00f3n = \u201c<em>habitaci\u00f3n o morada<\/em>\u201d &#8211; (<em>Gn 30:20<\/em>).\u00a0Nuestro Padre celestial es nuestra preciosa morada &#8211; (<em>Jn <\/em><\/p>\n<figure id=\"attachment_17496\" aria-describedby=\"caption-attachment-17496\" style=\"width: 150px\" class=\"wp-caption alignleft\"><img data-recalc-dims=\"1\" loading=\"lazy\" decoding=\"async\" data-attachment-id=\"17496\" data-permalink=\"https:\/\/atravesdelasescrituras.com\/es_es\/2016\/09\/03\/el-sacerdocio-sus-vestiduras-y-consagracion\/esmeralda_talla_redonda_li0374b05-t\/\" data-orig-file=\"https:\/\/atravesdelasescrituras.com\/wp-content\/uploads\/2016\/09\/esmeralda_talla_redonda_li0374b05-t.jpg\" data-orig-size=\"150,150\" data-comments-opened=\"1\" data-image-meta=\"{&quot;aperture&quot;:&quot;0&quot;,&quot;credit&quot;:&quot;&quot;,&quot;camera&quot;:&quot;&quot;,&quot;caption&quot;:&quot;&quot;,&quot;created_timestamp&quot;:&quot;0&quot;,&quot;copyright&quot;:&quot;&quot;,&quot;focal_length&quot;:&quot;0&quot;,&quot;iso&quot;:&quot;0&quot;,&quot;shutter_speed&quot;:&quot;0&quot;,&quot;title&quot;:&quot;&quot;,&quot;orientation&quot;:&quot;0&quot;}\" data-image-title=\"esmeralda_talla_redonda_li0374b05-t\" data-image-description=\"\" data-image-caption=\"\" data-large-file=\"https:\/\/atravesdelasescrituras.com\/wp-content\/uploads\/2016\/09\/esmeralda_talla_redonda_li0374b05-t.jpg\" class=\" size-full wp-image-17496 alignleft\" src=\"https:\/\/i0.wp.com\/atravesdelasescrituras.com\/wp-content\/uploads\/2016\/09\/esmeralda_talla_redonda_li0374b05-t.jpg?resize=150%2C150&#038;ssl=1\" alt=\"esmeralda_talla_redonda_li0374b05-t\" width=\"150\" height=\"150\" \/><figcaption id=\"caption-attachment-17496\" class=\"wp-caption-text\"><em>4. Esmeralda<br \/><\/em><\/figcaption><\/figure>\n<p><em>14:2-3; Ap. 21:3<\/em>).<\/p>\n<p>4. \u00a0 \u00a0<b> \u00a0 \u00a0<span style=\"text-decoration:underline;\">Esmeralda<\/span>:<\/b>\u00a0(<em>nophech<\/em>), Color verde vino sin matiz.<\/p>\n<p>Esta piedra corresponde a <strong>Ruben<\/strong> = \u201c<em>he aqu\u00ed un hijo\u201d &#8211; (Gn 29:32<\/em>).<\/p>\n<p>Cristo es el Hijo prometido (<em>Gn 3:15;\u00a0Mt 1:21-23;\u00a0Jn 6:40;\u00a0Ga. 4:4;\u00a01 Jn 4:14<\/em>).<\/p>\n<figure id=\"attachment_17497\" aria-describedby=\"caption-attachment-17497\" style=\"width: 168px\" class=\"wp-caption alignright\"><img data-recalc-dims=\"1\" loading=\"lazy\" decoding=\"async\" data-attachment-id=\"17497\" data-permalink=\"https:\/\/atravesdelasescrituras.com\/es_es\/2016\/09\/03\/el-sacerdocio-sus-vestiduras-y-consagracion\/150px-yogo2783_close_crop\/\" data-orig-file=\"https:\/\/atravesdelasescrituras.com\/wp-content\/uploads\/2016\/09\/150px-yogo2783_close_crop.jpg\" data-orig-size=\"150,138\" data-comments-opened=\"1\" data-image-meta=\"{&quot;aperture&quot;:&quot;0&quot;,&quot;credit&quot;:&quot;&quot;,&quot;camera&quot;:&quot;&quot;,&quot;caption&quot;:&quot;&quot;,&quot;created_timestamp&quot;:&quot;0&quot;,&quot;copyright&quot;:&quot;&quot;,&quot;focal_length&quot;:&quot;0&quot;,&quot;iso&quot;:&quot;0&quot;,&quot;shutter_speed&quot;:&quot;0&quot;,&quot;title&quot;:&quot;&quot;,&quot;orientation&quot;:&quot;0&quot;}\" data-image-title=\"150px-Yogo2783_Close_crop\" data-image-description=\"\" data-image-caption=\"\" data-large-file=\"https:\/\/atravesdelasescrituras.com\/wp-content\/uploads\/2016\/09\/150px-yogo2783_close_crop.jpg\" class=\"  wp-image-17497 alignright\" src=\"https:\/\/i0.wp.com\/atravesdelasescrituras.com\/wp-content\/uploads\/2016\/09\/150px-yogo2783_close_crop.jpg?resize=168%2C155&#038;ssl=1\" alt=\"150px-Yogo2783_Close_crop\" width=\"168\" height=\"155\" \/><figcaption id=\"caption-attachment-17497\" class=\"wp-caption-text\"><em>5. Zafiro<\/em><\/figcaption><\/figure>\n<p>5. \u00a0 \u00a0 \u00a0 \u00a0<b><span style=\"text-decoration:underline;\">Zafiro<\/span>:\u00a0<\/b>(<em>sapp\u00edr<\/em>), color azul.<\/p>\n<p>Esta piedra corresponde a Simeon = \u201c<em>oir<\/em>\u201d &#8211; (<em>Gn 29:3<\/em>).<\/p>\n<p>Cristo escucha nuestras oraciones y contesta nuestras peticiones &#8211; (<em>Jn 14:13-14;\u00a016:23-24;\u00a017:7;\u00a01 Jn 5:13-15<\/em>) .<\/p>\n<figure id=\"attachment_17499\" aria-describedby=\"caption-attachment-17499\" style=\"width: 199px\" class=\"wp-caption alignleft\"><img data-recalc-dims=\"1\" loading=\"lazy\" decoding=\"async\" data-attachment-id=\"17499\" data-permalink=\"https:\/\/atravesdelasescrituras.com\/es_es\/2016\/09\/03\/el-sacerdocio-sus-vestiduras-y-consagracion\/diamante-1\/\" data-orig-file=\"https:\/\/atravesdelasescrituras.com\/wp-content\/uploads\/2016\/09\/diamante-1.png\" data-orig-size=\"294,224\" data-comments-opened=\"1\" data-image-meta=\"{&quot;aperture&quot;:&quot;0&quot;,&quot;credit&quot;:&quot;&quot;,&quot;camera&quot;:&quot;&quot;,&quot;caption&quot;:&quot;&quot;,&quot;created_timestamp&quot;:&quot;0&quot;,&quot;copyright&quot;:&quot;&quot;,&quot;focal_length&quot;:&quot;0&quot;,&quot;iso&quot;:&quot;0&quot;,&quot;shutter_speed&quot;:&quot;0&quot;,&quot;title&quot;:&quot;&quot;,&quot;orientation&quot;:&quot;0&quot;}\" data-image-title=\"diamante-1\" data-image-description=\"\" data-image-caption=\"\" data-large-file=\"https:\/\/atravesdelasescrituras.com\/wp-content\/uploads\/2016\/09\/diamante-1.png\" class=\"  wp-image-17499 alignleft\" src=\"https:\/\/i0.wp.com\/atravesdelasescrituras.com\/wp-content\/uploads\/2016\/09\/diamante-1.png?resize=199%2C152&#038;ssl=1\" alt=\"diamante-1\" width=\"199\" height=\"152\" \/><figcaption id=\"caption-attachment-17499\" class=\"wp-caption-text\"><em>6. Diamante<\/em><\/figcaption><\/figure>\n<p>6. \u00a0 \u00a0<b>\u00a0 \u00a0\u00a0<span style=\"text-decoration:underline;\">Diamante<\/span>:\u00a0<\/b><em>(yahalom del verbo halam que significa golpear, debido a su dureza<\/em>), color blanco brillante (<em>gloria<\/em>).<\/p>\n<p>Esta piedra corresponde a <strong>Gad<\/strong> = \u201c<em>fortuna<\/em>\u201d o \u201c<em>una multitud<\/em>\u201d; (<em>Gn 30:9-11)<\/em>.<\/p>\n<p>De Cristo proceden nuestras riquezas espirituales, porque en El tenemos todos los tesoros de una sabidur\u00eda que no es terrenal, sino divina, por cuanto nos viene de lo alto y por su gracia tiene reservado un remanente de fieles creyentes que formaran una gran muchedumbre &#8211; (<em>Ef. 1:7-8,18; 2:7; 3:8; Fil 4:19;\u00a0Col 1:27;\u00a02:2; Ap 2:9;\u00a0Mt. 6:20;\u00a013:44;\u00a019:21;\u00a0Col 2:3; Stg 1:5; 3:15,17; Ap 7:9-10<\/em>).<\/p>\n<figure id=\"attachment_17501\" aria-describedby=\"caption-attachment-17501\" style=\"width: 166px\" class=\"wp-caption alignright\"><img data-recalc-dims=\"1\" loading=\"lazy\" decoding=\"async\" data-attachment-id=\"17501\" data-permalink=\"https:\/\/atravesdelasescrituras.com\/es_es\/2016\/09\/03\/el-sacerdocio-sus-vestiduras-y-consagracion\/img_59980\/\" data-orig-file=\"https:\/\/atravesdelasescrituras.com\/wp-content\/uploads\/2016\/09\/img_59980.jpg\" data-orig-size=\"400,320\" data-comments-opened=\"1\" data-image-meta=\"{&quot;aperture&quot;:&quot;0&quot;,&quot;credit&quot;:&quot;&quot;,&quot;camera&quot;:&quot;&quot;,&quot;caption&quot;:&quot;&quot;,&quot;created_timestamp&quot;:&quot;0&quot;,&quot;copyright&quot;:&quot;&quot;,&quot;focal_length&quot;:&quot;0&quot;,&quot;iso&quot;:&quot;0&quot;,&quot;shutter_speed&quot;:&quot;0&quot;,&quot;title&quot;:&quot;&quot;,&quot;orientation&quot;:&quot;0&quot;}\" data-image-title=\"IMG_59980\" data-image-description=\"\" data-image-caption=\"\" data-large-file=\"https:\/\/atravesdelasescrituras.com\/wp-content\/uploads\/2016\/09\/img_59980.jpg\" class=\"  wp-image-17501 alignright\" src=\"https:\/\/i0.wp.com\/atravesdelasescrituras.com\/wp-content\/uploads\/2016\/09\/img_59980.jpg?resize=166%2C132&#038;ssl=1\" alt=\"IMG_59980\" width=\"166\" height=\"132\" \/><figcaption id=\"caption-attachment-17501\" class=\"wp-caption-text\"><em>7. Jacinto<\/em><\/figcaption><\/figure>\n<p>7.<b> \u00a0 \u00a0 \u00a0 \u00a0 <span style=\"text-decoration:underline;\">Jacinto<\/span>:<\/b>\u00a0(<em>lesh\u00e9m<\/em>), color anaranjado oscuro, tirando a caf\u00e9 o tonalidad canela con una leve matiz de amarillo.<\/p>\n<p>Esta piedra corresponde a <strong>Efrain<\/strong> = \u201c<em>doble fruto<\/em>\u201d o \u201c<i>fruct\u00edfero<\/i>\u201d &#8211; (<em>Gn 41:52<\/em>).<\/p>\n<p>Estando permanentemente unidos a Cristo podremos lleva frutos en abundancia. (<em>Jn 15:2,\u00a04-5,\u00a08,\u00a016;\u00a0Rom 7:4;\u00a0Col 1:10;\u00a01\u00a0Tes. 1:3;\u00a02 Pe. 1:8<\/em>)<\/p>\n<figure id=\"attachment_17502\" aria-describedby=\"caption-attachment-17502\" style=\"width: 174px\" class=\"wp-caption alignleft\"><img data-recalc-dims=\"1\" loading=\"lazy\" decoding=\"async\" data-attachment-id=\"17502\" data-permalink=\"https:\/\/atravesdelasescrituras.com\/es_es\/2016\/09\/03\/el-sacerdocio-sus-vestiduras-y-consagracion\/fire_agate_g004-658fe1eef9586c6ca2bf78d8245b41df\/\" data-orig-file=\"https:\/\/atravesdelasescrituras.com\/wp-content\/uploads\/2016\/09\/fire_agate_g004-658fe1eef9586c6ca2bf78d8245b41df.jpg\" data-orig-size=\"230,173\" data-comments-opened=\"1\" data-image-meta=\"{&quot;aperture&quot;:&quot;0&quot;,&quot;credit&quot;:&quot;&quot;,&quot;camera&quot;:&quot;&quot;,&quot;caption&quot;:&quot;&quot;,&quot;created_timestamp&quot;:&quot;0&quot;,&quot;copyright&quot;:&quot;&quot;,&quot;focal_length&quot;:&quot;0&quot;,&quot;iso&quot;:&quot;0&quot;,&quot;shutter_speed&quot;:&quot;0&quot;,&quot;title&quot;:&quot;&quot;,&quot;orientation&quot;:&quot;0&quot;}\" data-image-title=\"FIRE_AGATE_G004-658fe1eef9586c6ca2bf78d8245b41df\" data-image-description=\"\" data-image-caption=\"\" data-large-file=\"https:\/\/atravesdelasescrituras.com\/wp-content\/uploads\/2016\/09\/fire_agate_g004-658fe1eef9586c6ca2bf78d8245b41df.jpg\" class=\"  wp-image-17502 alignleft\" src=\"https:\/\/i0.wp.com\/atravesdelasescrituras.com\/wp-content\/uploads\/2016\/09\/fire_agate_g004-658fe1eef9586c6ca2bf78d8245b41df.jpg?resize=174%2C131&#038;ssl=1\" alt=\"FIRE_AGATE_G004-658fe1eef9586c6ca2bf78d8245b41df\" width=\"174\" height=\"131\" \/><figcaption id=\"caption-attachment-17502\" class=\"wp-caption-text\"><em>8. Agata<\/em><\/figcaption><\/figure>\n<p>8. \u00a0 \u00a0 \u00a0<b> <span style=\"text-decoration:underline;\">Agata<\/span>:\u00a0<\/b>(<em>sheb\u00f3, del verbo shub, cambiar, volverse, giro que produce cambio<\/em>).<\/p>\n<p>Su nombre es debido porque su color tan particular son una mezcla de matices con una base de blanco, rojo, amarillo y verde.<\/p>\n<p>Esta piedra corresponde a <strong>Manases<\/strong> = \u201c<em>el que olvida<\/em>\u201d\u00a0 u \u201c<em>olvidar<\/em>\u201d &#8211; (<em>Gn 41:52<\/em>).<\/p>\n<p>En virtud de la obra propiciatoria de Cristo, nuestros pecados son perdonados y olvidados &#8211; (<em>Is.43:25; Mi 7:19;\u00a0He 8:12;\u00a010:17-18;\u00a01 Jn 1:9<\/em>).<\/p>\n<figure id=\"attachment_17503\" aria-describedby=\"caption-attachment-17503\" style=\"width: 186px\" class=\"wp-caption alignright\"><img data-recalc-dims=\"1\" loading=\"lazy\" decoding=\"async\" data-attachment-id=\"17503\" data-permalink=\"https:\/\/atravesdelasescrituras.com\/es_es\/2016\/09\/03\/el-sacerdocio-sus-vestiduras-y-consagracion\/amatista-africana_jpg\/\" data-orig-file=\"https:\/\/atravesdelasescrituras.com\/wp-content\/uploads\/2016\/09\/amatista-africana_jpg.jpg\" data-orig-size=\"400,320\" data-comments-opened=\"1\" data-image-meta=\"{&quot;aperture&quot;:&quot;0&quot;,&quot;credit&quot;:&quot;&quot;,&quot;camera&quot;:&quot;&quot;,&quot;caption&quot;:&quot;&quot;,&quot;created_timestamp&quot;:&quot;0&quot;,&quot;copyright&quot;:&quot;&quot;,&quot;focal_length&quot;:&quot;0&quot;,&quot;iso&quot;:&quot;0&quot;,&quot;shutter_speed&quot;:&quot;0&quot;,&quot;title&quot;:&quot;&quot;,&quot;orientation&quot;:&quot;0&quot;}\" data-image-title=\"amatista africana_jpg\" data-image-description=\"\" data-image-caption=\"\" data-large-file=\"https:\/\/atravesdelasescrituras.com\/wp-content\/uploads\/2016\/09\/amatista-africana_jpg.jpg\" class=\"  wp-image-17503 alignright\" src=\"https:\/\/i0.wp.com\/atravesdelasescrituras.com\/wp-content\/uploads\/2016\/09\/amatista-africana_jpg.jpg?resize=186%2C149&#038;ssl=1\" alt=\"amatista africana_jpg\" width=\"186\" height=\"149\" \/><figcaption id=\"caption-attachment-17503\" class=\"wp-caption-text\"><em>9. Amatista<\/em><\/figcaption><\/figure>\n<p>9. \u00a0 \u00a0 \u00a0<b><span style=\"text-decoration:underline;\">Amatista<\/span>:\u00a0<\/b>\u00a0(<em>achlamah<\/em>), color de violeta a purpura.<\/p>\n<p>Esta piedra corresponde a <strong>Benjamin<\/strong> = \u201c<em>hijo de mi mano derecha<\/em>\u201d &#8211; (<em>Gn 35:16-20<\/em>).<\/p>\n<p>Cristo ha sido exaltado hasta lo sumo y esta sentado a la diestra del Padre &#8211; (<em>Sal 2:7-8, 12; 110:1;\u00a0Mt 28:18; Hch 5:31; 7:55-56; Fil 2:9;\u00a0He 1:3;\u00a08:1;\u00a01 Pe 3:23<\/em>).<\/p>\n<figure id=\"attachment_17504\" aria-describedby=\"caption-attachment-17504\" style=\"width: 155px\" class=\"wp-caption alignleft\"><img data-recalc-dims=\"1\" loading=\"lazy\" decoding=\"async\" data-attachment-id=\"17504\" data-permalink=\"https:\/\/atravesdelasescrituras.com\/es_es\/2016\/09\/03\/el-sacerdocio-sus-vestiduras-y-consagracion\/berilo-amarillo-verdoso-o-heliodoro\/\" data-orig-file=\"https:\/\/atravesdelasescrituras.com\/wp-content\/uploads\/2016\/09\/berilo-amarillo-verdoso-o-heliodoro.jpg\" data-orig-size=\"350,280\" data-comments-opened=\"1\" data-image-meta=\"{&quot;aperture&quot;:&quot;0&quot;,&quot;credit&quot;:&quot;&quot;,&quot;camera&quot;:&quot;&quot;,&quot;caption&quot;:&quot;&quot;,&quot;created_timestamp&quot;:&quot;0&quot;,&quot;copyright&quot;:&quot;&quot;,&quot;focal_length&quot;:&quot;0&quot;,&quot;iso&quot;:&quot;0&quot;,&quot;shutter_speed&quot;:&quot;0&quot;,&quot;title&quot;:&quot;&quot;,&quot;orientation&quot;:&quot;0&quot;}\" data-image-title=\"Berilo-amarillo-verdoso-o-Heliodoro\" data-image-description=\"\" data-image-caption=\"\" data-large-file=\"https:\/\/atravesdelasescrituras.com\/wp-content\/uploads\/2016\/09\/berilo-amarillo-verdoso-o-heliodoro.jpg\" class=\"  wp-image-17504 alignleft\" src=\"https:\/\/i0.wp.com\/atravesdelasescrituras.com\/wp-content\/uploads\/2016\/09\/berilo-amarillo-verdoso-o-heliodoro.jpg?resize=155%2C123&#038;ssl=1\" alt=\"Berilo-amarillo-verdoso-o-Heliodoro\" width=\"155\" height=\"123\" \/><figcaption id=\"caption-attachment-17504\" class=\"wp-caption-text\"><em>10. Berilo<\/em><\/figcaption><\/figure>\n<p>10. \u00a0 \u00a0 \u00a0<b> <span style=\"text-decoration:underline;\">Berilo<\/span>:\u00a0<\/b>(<em>tarshish, el antiguo nombre para Espa\u00f1a, que deriva de tar; girar y shash; color vivo o brillante<\/em>), color azul verdoso; significa \u201c<em>piedra dorada<\/em>\u201d.<\/p>\n<p>Esta piedra corresponde a <strong>Dan<\/strong> = \u201c<em>juez<\/em>\u201d o \u201c<em>juicio<\/em>\u201d &#8211; (<em>Gn 30:1-6<\/em>).<\/p>\n<p>El Padre ha otorgado al Hijo plena facultad para ejercer todo juicio &#8211; (<em>Jn 5:22-23; Hc 10:42; 17:31;\u00a02 Ti 4:1<\/em>).<\/p>\n<figure id=\"attachment_17505\" aria-describedby=\"caption-attachment-17505\" style=\"width: 188px\" class=\"wp-caption alignright\"><img data-recalc-dims=\"1\" loading=\"lazy\" decoding=\"async\" data-attachment-id=\"17505\" data-permalink=\"https:\/\/atravesdelasescrituras.com\/es_es\/2016\/09\/03\/el-sacerdocio-sus-vestiduras-y-consagracion\/wib50766\/\" data-orig-file=\"https:\/\/atravesdelasescrituras.com\/wp-content\/uploads\/2016\/09\/wib50766.jpg\" data-orig-size=\"400,300\" data-comments-opened=\"1\" data-image-meta=\"{&quot;aperture&quot;:&quot;0&quot;,&quot;credit&quot;:&quot;&quot;,&quot;camera&quot;:&quot;&quot;,&quot;caption&quot;:&quot;&quot;,&quot;created_timestamp&quot;:&quot;0&quot;,&quot;copyright&quot;:&quot;&quot;,&quot;focal_length&quot;:&quot;0&quot;,&quot;iso&quot;:&quot;0&quot;,&quot;shutter_speed&quot;:&quot;0&quot;,&quot;title&quot;:&quot;&quot;,&quot;orientation&quot;:&quot;0&quot;}\" data-image-title=\"WIB50766\" data-image-description=\"\" data-image-caption=\"\" data-large-file=\"https:\/\/atravesdelasescrituras.com\/wp-content\/uploads\/2016\/09\/wib50766.jpg\" class=\"  wp-image-17505 alignright\" src=\"https:\/\/i0.wp.com\/atravesdelasescrituras.com\/wp-content\/uploads\/2016\/09\/wib50766.jpg?resize=188%2C142&#038;ssl=1\" alt=\"WIB50766\" width=\"188\" height=\"142\" \/><figcaption id=\"caption-attachment-17505\" class=\"wp-caption-text\"><em>11. Onice<\/em><\/figcaption><\/figure>\n<p>11. \u00a0 \u00a0 \u00a0 \u00a0<b><span style=\"text-decoration:underline;\">Onice<\/span>:<\/b>\u00a0(<em>sh\u00f3ham<\/em>), color semejante a las pezu\u00f1as del ganado.<\/p>\n<p>Esta piedra corresponde a <strong>Aser<\/strong> = \u201c<em>alegria<\/em>\u201d\u00a0 o \u201c<em>juicio<\/em>\u201d &#8211; (<em>Gn 30:12-13<\/em>).<\/p>\n<p>En Cristo somos bienaventurados, pues El llena nuestra vida de gozo y dicha &#8211; (<em>Jn 15:11;\u00a016:24;\u00a017:13; Hch 14:17; Fil 4:4;\u00a0Jud 24<\/em>).<\/p>\n<figure id=\"attachment_17506\" aria-describedby=\"caption-attachment-17506\" style=\"width: 100px\" class=\"wp-caption alignleft\"><img data-recalc-dims=\"1\" loading=\"lazy\" decoding=\"async\" data-attachment-id=\"17506\" data-permalink=\"https:\/\/atravesdelasescrituras.com\/es_es\/2016\/09\/03\/el-sacerdocio-sus-vestiduras-y-consagracion\/jaspe31\/\" data-orig-file=\"https:\/\/atravesdelasescrituras.com\/wp-content\/uploads\/2016\/09\/jaspe31.jpg\" data-orig-size=\"150,150\" data-comments-opened=\"1\" data-image-meta=\"{&quot;aperture&quot;:&quot;0&quot;,&quot;credit&quot;:&quot;&quot;,&quot;camera&quot;:&quot;&quot;,&quot;caption&quot;:&quot;&quot;,&quot;created_timestamp&quot;:&quot;0&quot;,&quot;copyright&quot;:&quot;&quot;,&quot;focal_length&quot;:&quot;0&quot;,&quot;iso&quot;:&quot;0&quot;,&quot;shutter_speed&quot;:&quot;0&quot;,&quot;title&quot;:&quot;&quot;,&quot;orientation&quot;:&quot;0&quot;}\" data-image-title=\"jaspe31\" data-image-description=\"\" data-image-caption=\"\" data-large-file=\"https:\/\/atravesdelasescrituras.com\/wp-content\/uploads\/2016\/09\/jaspe31.jpg\" class=\"  wp-image-17506 alignleft\" src=\"https:\/\/i0.wp.com\/atravesdelasescrituras.com\/wp-content\/uploads\/2016\/09\/jaspe31.jpg?resize=100%2C100&#038;ssl=1\" alt=\"jaspe31\" width=\"100\" height=\"100\" \/><figcaption id=\"caption-attachment-17506\" class=\"wp-caption-text\"><em>12. Jaspe<\/em><\/figcaption><\/figure>\n<p>12. \u00a0<b> \u00a0 \u00a0 <span style=\"text-decoration:underline;\">Jaspe<\/span>:<\/b>\u00a0(<em>y\u00e1shephe<\/em>), piedra dura multicolor, salpicada de rojo.<\/p>\n<p>Esta piedra corresponde a\u00a0 <strong>Neftal\u00ed<\/strong> = \u201c<em>mi lucha<\/em>\u201d o \u201c<em>luchando con<\/em>\u201d &#8211; (<em>Gn 30:12<\/em>).<\/p>\n<p>Por la victoria de Cristo en la cruz somos vencedores &#8211; (<em>Rom 8:17;\u00a01 Cor 15:57; Ef 6:10-18;\u00a0Col 1:29;\u00a01 Jn 5:4-5<\/em>).<\/p>\n<p><img data-recalc-dims=\"1\" loading=\"lazy\" decoding=\"async\" data-attachment-id=\"17490\" data-permalink=\"https:\/\/atravesdelasescrituras.com\/es_es\/2016\/09\/03\/el-sacerdocio-sus-vestiduras-y-consagracion\/pectoral-aaron\/\" data-orig-file=\"https:\/\/atravesdelasescrituras.com\/wp-content\/uploads\/2016\/09\/pectoral-aarc3b3n.jpg\" data-orig-size=\"1144,858\" data-comments-opened=\"1\" data-image-meta=\"{&quot;aperture&quot;:&quot;0&quot;,&quot;credit&quot;:&quot;&quot;,&quot;camera&quot;:&quot;&quot;,&quot;caption&quot;:&quot;&quot;,&quot;created_timestamp&quot;:&quot;0&quot;,&quot;copyright&quot;:&quot;&quot;,&quot;focal_length&quot;:&quot;0&quot;,&quot;iso&quot;:&quot;0&quot;,&quot;shutter_speed&quot;:&quot;0&quot;,&quot;title&quot;:&quot;&quot;,&quot;orientation&quot;:&quot;0&quot;}\" data-image-title=\"Pectoral-Aar\u00f3n\" data-image-description=\"\" data-image-caption=\"\" data-large-file=\"https:\/\/atravesdelasescrituras.com\/wp-content\/uploads\/2016\/09\/pectoral-aarc3b3n.jpg\" class=\"  wp-image-17490 aligncenter\" src=\"https:\/\/i0.wp.com\/atravesdelasescrituras.com\/wp-content\/uploads\/2016\/09\/pectoral-aarc3b3n.jpg?resize=505%2C381&#038;ssl=1\" alt=\"Pectoral-Aar\u00f3n\" width=\"505\" height=\"381\" \/><\/p>\n<p><span class=\"embed-youtube\" style=\"text-align:center; display: block;\"><iframe class=\"youtube-player\" width=\"1870\" height=\"1052\" src=\"https:\/\/www.youtube.com\/embed\/nqfHEX17OiE?version=3&#038;rel=1&#038;showsearch=0&#038;showinfo=1&#038;iv_load_policy=1&#038;fs=1&#038;hl=es-ES&#038;autohide=2&#038;wmode=transparent\" allowfullscreen=\"true\" style=\"border:0;\" sandbox=\"allow-scripts allow-same-origin allow-popups allow-presentation allow-popups-to-escape-sandbox\"><\/iframe><\/span><\/p>\n<p>\u232aUrim y Tumim:<\/p>\n<p>Dentro del pectoral del juicio hab\u00eda dos piedras preciosas y grandes. En hebreo eran llamadas: Urim\u00a0y Tumim. Literalmente significaban: luces y perfecciones (<em>\u00c9xodo 28:30; Lev\u00edtico 8:8<\/em>) Conforme a interpretaciones de . La posesi\u00f3n de esas piedras era uno de los privilegios m\u00e1s grandes de la familia sacerdotal &#8211; (<em>Deuteronomio 33:8<\/em>).<\/p>\n<p>El sumo sacerdote las usaba para consultar la voluntad de Dios en aquellos asuntos dif\u00edciles que compromet\u00edan el futuro o bienestar de la naci\u00f3n. En otras palabras, esas piedras estaban relacionadas con la comunicaci\u00f3n de la \u00ab<em>mente de Dios<\/em>\u00ab, en cuanto a diferentes asuntos que surg\u00edan en detalles de la historia de Israel. Sin esta pieza, Israel no sab\u00eda qu\u00e9 hacer &#8211; (<em>Esdras 2:63; Nehem\u00edas 7:65<\/em>).<\/p>\n<p><img data-recalc-dims=\"1\" loading=\"lazy\" decoding=\"async\" data-attachment-id=\"17491\" data-permalink=\"https:\/\/atravesdelasescrituras.com\/es_es\/2016\/09\/03\/el-sacerdocio-sus-vestiduras-y-consagracion\/urim-tumin-oraculo-hebreo-01\/\" data-orig-file=\"https:\/\/atravesdelasescrituras.com\/wp-content\/uploads\/2016\/09\/urim-tumin-oraculo-hebreo-01.jpg\" data-orig-size=\"830,470\" data-comments-opened=\"1\" data-image-meta=\"{&quot;aperture&quot;:&quot;0&quot;,&quot;credit&quot;:&quot;Pablus&quot;,&quot;camera&quot;:&quot;&quot;,&quot;caption&quot;:&quot;&quot;,&quot;created_timestamp&quot;:&quot;1430760600&quot;,&quot;copyright&quot;:&quot;&quot;,&quot;focal_length&quot;:&quot;0&quot;,&quot;iso&quot;:&quot;0&quot;,&quot;shutter_speed&quot;:&quot;0&quot;,&quot;title&quot;:&quot;&quot;,&quot;orientation&quot;:&quot;0&quot;}\" data-image-title=\"urim-tumin-oraculo-hebreo-01\" data-image-description=\"\" data-image-caption=\"\" data-large-file=\"https:\/\/atravesdelasescrituras.com\/wp-content\/uploads\/2016\/09\/urim-tumin-oraculo-hebreo-01.jpg\" class=\"  wp-image-17491 aligncenter\" src=\"https:\/\/i0.wp.com\/atravesdelasescrituras.com\/wp-content\/uploads\/2016\/09\/urim-tumin-oraculo-hebreo-01.jpg?resize=519%2C293&#038;ssl=1\" alt=\"urim-tumin-oraculo-hebreo-01\" width=\"519\" height=\"293\" \/><\/p>\n<div class=\"page\" title=\"Page 7\">\n<div class=\"layoutArea\">\n<div class=\"column\">\n<figure id=\"attachment_17488\" aria-describedby=\"caption-attachment-17488\" style=\"width: 300px\" class=\"wp-caption alignright\"><img data-recalc-dims=\"1\" loading=\"lazy\" decoding=\"async\" data-attachment-id=\"17488\" data-permalink=\"https:\/\/atravesdelasescrituras.com\/es_es\/2016\/09\/03\/el-sacerdocio-sus-vestiduras-y-consagracion\/sacer\/\" data-orig-file=\"https:\/\/atravesdelasescrituras.com\/wp-content\/uploads\/2016\/09\/sacer.png\" data-orig-size=\"970,997\" data-comments-opened=\"1\" data-image-meta=\"{&quot;aperture&quot;:&quot;0&quot;,&quot;credit&quot;:&quot;&quot;,&quot;camera&quot;:&quot;&quot;,&quot;caption&quot;:&quot;&quot;,&quot;created_timestamp&quot;:&quot;0&quot;,&quot;copyright&quot;:&quot;&quot;,&quot;focal_length&quot;:&quot;0&quot;,&quot;iso&quot;:&quot;0&quot;,&quot;shutter_speed&quot;:&quot;0&quot;,&quot;title&quot;:&quot;&quot;,&quot;orientation&quot;:&quot;0&quot;}\" data-image-title=\"sacer\" data-image-description=\"\" data-image-caption=\"\" data-large-file=\"https:\/\/atravesdelasescrituras.com\/wp-content\/uploads\/2016\/09\/sacer.png\" class=\"  wp-image-17488 alignright\" src=\"https:\/\/i0.wp.com\/atravesdelasescrituras.com\/wp-content\/uploads\/2016\/09\/sacer.png?resize=300%2C308&#038;ssl=1\" alt=\"sacer\" width=\"300\" height=\"308\" \/><figcaption id=\"caption-attachment-17488\" class=\"wp-caption-text\">El historiador Flavio Josefo dice que la mitra del sumo sacerdote era \u00abun gorro sin pico&#8230; y se lo fabric\u00f3 as\u00ed, como la apariencia de una corona que consist\u00eda en una cinta de lino bien ajustada<\/figcaption><\/figure>\n<p>\u232aLa mitra:<\/p>\n<p>Pieza usada para cubrir la cabeza del sumo sacerdote &#8211; (<em>\u00c9xodo 28:39<\/em>). Representa la sumisi\u00f3n que se le debe tener a Dios. Ning\u00fan sacerdote nunca deb\u00eda perder de vista que hab\u00eda<br \/>\nsido llamado para el sagrado ministerio.<\/p>\n<p>El sumo sacerdote sin la Mitra puesta no pod\u00eda ejercer sus funciones como sacerdote.<\/p>\n<p>El sacerdote de Israel deb\u00eda: Santo, separado para Dios y sujeto a su ley &#8211; (<em>Lv. 21:6<\/em>); Deb\u00eda deleitarse en la ense\u00f1anza a sus hijos &#8211; (<em>Lv. 10:11<\/em>).<\/p>\n<p>El lino es s\u00edmbolo de justicia y santidad (<em>Zac. 3:1-10; Ap. 1:5-6<\/em>); el turbante nos ense\u00f1a obediencia a Dios.\u00a0 As\u00ed vemos que Aar\u00f3n es un tipo del Se\u00f1or Jesucristo, lleno de conocimiento de la voluntad de Dios, ministrando delante de Dios en pureza y santidad &#8211; (<em>Is 50:7, Ez 3:8-9 y Lc 9:51<\/em>).<\/p>\n<p>La Mitra del sumo sacerdote nos habla de Cristo como la cabeza de una nueva creaci\u00f3n, la Iglesia &#8211; (<em>Ef. 1:22;\u00a0Col 1:18<\/em>). La Tiara de los hijos del sumo sacerdote nos\u00a0 sugiere la santidad de nuestros pensamientos &#8211; (<em>Ef 4:23, Lc. 1:74-75;\u00a0Rom 12:1;\u00a01 Cor. 2:16; Ef 6:17, Fil 4:8;\u00a0He 12:14 y\u00a01 Pe. 1:16<\/em>).<\/p>\n<p>No existe informaci\u00f3n certera en cuanto a la forma de la mitra, pero el historiador Flavio Josefo dice que era \u00ab<em>un gorro sin pico\u2026 y se lo fabric\u00f3 as\u00ed, como la apariencia de una corona que consist\u00eda en una cinta de lino bien ajustada<\/em>\u00ab.<\/p>\n<p>La palabra hebrea que se traduce mitra es Mitsnefeth. Se usa casi exclusivamente para el gorro del sumo sacerdote, y se deriva de una ra\u00edz que significa \u00ab<em>enrollar<\/em>\u00bb o \u00ab<em>envolver<\/em>\u00ab, lo cual indica que posiblemente la mitra rodeaba la cabeza del sumo sacerdote como un turbante.<\/p>\n<p>Sobre la mitra se pon\u00eda una banda de oro con las palabras, en grabadura de sello, \u201c<em>Santidad a YHVH<\/em>\u201d &#8211;\u00a0(<em>\u00c9xodo 28:36-38<\/em>).<\/p>\n<figure id=\"attachment_17489\" aria-describedby=\"caption-attachment-17489\" style=\"width: 437px\" class=\"wp-caption aligncenter\"><img data-recalc-dims=\"1\" loading=\"lazy\" decoding=\"async\" data-attachment-id=\"17489\" data-permalink=\"https:\/\/atravesdelasescrituras.com\/es_es\/2016\/09\/03\/el-sacerdocio-sus-vestiduras-y-consagracion\/corona\/\" data-orig-file=\"https:\/\/atravesdelasescrituras.com\/wp-content\/uploads\/2016\/09\/corona.png\" data-orig-size=\"1197,705\" data-comments-opened=\"1\" data-image-meta=\"{&quot;aperture&quot;:&quot;0&quot;,&quot;credit&quot;:&quot;&quot;,&quot;camera&quot;:&quot;&quot;,&quot;caption&quot;:&quot;&quot;,&quot;created_timestamp&quot;:&quot;0&quot;,&quot;copyright&quot;:&quot;&quot;,&quot;focal_length&quot;:&quot;0&quot;,&quot;iso&quot;:&quot;0&quot;,&quot;shutter_speed&quot;:&quot;0&quot;,&quot;title&quot;:&quot;&quot;,&quot;orientation&quot;:&quot;0&quot;}\" data-image-title=\"corona\" data-image-description=\"\" data-image-caption=\"\" data-large-file=\"https:\/\/atravesdelasescrituras.com\/wp-content\/uploads\/2016\/09\/corona.png\" class=\"  wp-image-17489 aligncenter\" src=\"https:\/\/i0.wp.com\/atravesdelasescrituras.com\/wp-content\/uploads\/2016\/09\/corona.png?resize=437%2C257&#038;ssl=1\" alt=\"corona\" width=\"437\" height=\"257\" \/><figcaption id=\"caption-attachment-17489\" class=\"wp-caption-text\"><em>\u00abSANTIDAD A YHVH\u00bb era el sello y la importancia de todo el sacerdocio<\/em><\/figcaption><\/figure>\n<p>El sumo sacerdote ten\u00eda que tener esta placa sobre su frente \u00ab<em>continuamente<\/em>\u00bb al ir delante de Dios. Toda la figura presenta: devoci\u00f3n, sumisi\u00f3n, entrega y santidad a Dios.<\/p>\n<p>Los hijos de Aar\u00f3n tambi\u00e9n ten\u00edan que usar \u00ab<em>mitras<\/em>\u00bb &#8211; (<em>\u00c9xodo 29:9<\/em>), aunque eran diferentes a la del sumo sacerdote.<\/p>\n<p>Todo esto nos lleva a Efesios 6:17, donde por inspiraci\u00f3n del Esp\u00edritu Santo, el ap\u00f3stol Pablo nos dice: \u00ab<em>Y tomad el yelmo de la salvaci\u00f3n&#8230;<\/em>\u00ab. Pero sabemos que seg\u00fan Hebreos 12:14, sin santidad nadie ver\u00e1 a Dios. Nosotros como sacerdotes del \u00ab<em>Dios Alt\u00edsimo<\/em>\u00bb seg\u00fan el Nuevo Pacto, tenemos que tener plena sumisi\u00f3n a Dios, a su palabra, a todo mandamiento y exhortaci\u00f3n all\u00ed presentado. Eso es sin\u00f3nimo de santidad. De ah\u00ed, el s\u00edmbolo de la chapa de oro en la frente.<\/p>\n<p>Hablando en sentido figurado, para lograr plena sumisi\u00f3n a Dios y a Su Palabra, hay que ascender al monte de la oraci\u00f3n y del estudio concienzudo de la Biblia y recibir all\u00ed el modelo para la construcci\u00f3n del tabern\u00e1culo del car\u00e1cter cristiano y el conocimiento de la mente de Dios, para que como Mois\u00e9s podamos o\u00edr Su voz amonest\u00e1ndonos: \u00ab<em>Mira, haz todas las cosas conforme al modelo que se te ha mostrado en el monte<\/em>\u00bb &#8211; (<em>Hebreos 8:5<\/em>).<\/p>\n<p><img data-recalc-dims=\"1\" loading=\"lazy\" decoding=\"async\" data-attachment-id=\"17509\" data-permalink=\"https:\/\/atravesdelasescrituras.com\/es_es\/2016\/09\/03\/el-sacerdocio-sus-vestiduras-y-consagracion\/slide_17\/\" data-orig-file=\"https:\/\/atravesdelasescrituras.com\/wp-content\/uploads\/2016\/09\/slide_17.jpg\" data-orig-size=\"960,720\" data-comments-opened=\"1\" data-image-meta=\"{&quot;aperture&quot;:&quot;0&quot;,&quot;credit&quot;:&quot;&quot;,&quot;camera&quot;:&quot;&quot;,&quot;caption&quot;:&quot;&quot;,&quot;created_timestamp&quot;:&quot;0&quot;,&quot;copyright&quot;:&quot;&quot;,&quot;focal_length&quot;:&quot;0&quot;,&quot;iso&quot;:&quot;0&quot;,&quot;shutter_speed&quot;:&quot;0&quot;,&quot;title&quot;:&quot;&quot;,&quot;orientation&quot;:&quot;0&quot;}\" data-image-title=\"slide_17\" data-image-description=\"\" data-image-caption=\"\" data-large-file=\"https:\/\/atravesdelasescrituras.com\/wp-content\/uploads\/2016\/09\/slide_17.jpg\" class=\"  wp-image-17509 aligncenter\" src=\"https:\/\/i0.wp.com\/atravesdelasescrituras.com\/wp-content\/uploads\/2016\/09\/slide_17.jpg?resize=585%2C439&#038;ssl=1\" alt=\"slide_17\" width=\"585\" height=\"439\" \/><\/p>\n<\/div>\n<\/div>\n<\/div>\n","protected":false},"excerpt":{"rendered":"<p>El\u00a0sacerdocio El oficio del sacerdocio fue puesto por Dios &#8211; (\u00c9xodo 28:1). Los sacerdotes de Israel ten\u00edan que ser de la tribu de Lev\u00ed, y estaban a cargo del servicio a Dios. Los levitas que no fueran sacerdotes estaban al servicio de ellos &#8211; (N\u00fameros 3:5-9). Aar\u00f3n fue elegido como el primer sumo sacerdote, y [&hellip;]<\/p>\n","protected":false},"author":80235555,"featured_media":17483,"comment_status":"open","ping_status":"open","sticky":false,"template":"","format":"gallery","meta":{"_coblocks_attr":"","_coblocks_dimensions":"","_coblocks_responsive_height":"","_coblocks_accordion_ie_support":"","_gspb_post_css":"","advanced_seo_description":"","jetpack_seo_html_title":"","jetpack_seo_noindex":false,"jetpack_seo_schema_type":"","_jetpack_newsletter_access":"","_jetpack_dont_email_post_to_subs":false,"_jetpack_newsletter_tier_id":0,"_jetpack_memberships_contains_paywalled_content":false,"_wpcom_ai_launchpad_first_post":false,"_jetpack_feature_clip_id":0,"_jetpack_memberships_contains_paid_content":false,"footnotes":"","jetpack_publicize_message":"","jetpack_publicize_feature_enabled":true,"jetpack_social_post_already_shared":false,"jetpack_social_options":{"image_generator_settings":{"template":"highway","default_image_id":0,"font":"","enabled":false},"version":2},"jetpack_post_was_ever_published":false},"categories":[3908365],"tags":[989121,3928192,661910,1934662,81294544,3016661,9639088],"class_list":["post-17452","post","type-post","status-publish","format-gallery","has-post-thumbnail","hentry","category-estudios-varios","tag-consagracion","tag-efod","tag-sacerdote","tag-tabernaculo","tag-tummim","tag-urim","tag-vestiduras","post_format-post-format-gallery"],"blocksy_meta":{"styles_descriptor":{"styles":{"desktop":"","tablet":"","mobile":""},"google_fonts":[],"version":7}},"jetpack_publicize_connections":[],"jetpack_likes_enabled":true,"jetpack_sharing_enabled":true,"jetpack_shortlink":"https:\/\/wp.me\/p5HWJ5-4xu","jetpack-related-posts":[],"brizy_media":[],"jetpack_featured_media_url":"https:\/\/atravesdelasescrituras.com\/wp-content\/uploads\/2016\/09\/portada.jpg","_links":{"self":[{"href":"https:\/\/atravesdelasescrituras.com\/es_es\/wp-json\/wp\/v2\/posts\/17452","targetHints":{"allow":["GET"]}}],"collection":[{"href":"https:\/\/atravesdelasescrituras.com\/es_es\/wp-json\/wp\/v2\/posts"}],"about":[{"href":"https:\/\/atravesdelasescrituras.com\/es_es\/wp-json\/wp\/v2\/types\/post"}],"author":[{"embeddable":true,"href":"https:\/\/atravesdelasescrituras.com\/es_es\/wp-json\/wp\/v2\/users\/80235555"}],"replies":[{"embeddable":true,"href":"https:\/\/atravesdelasescrituras.com\/es_es\/wp-json\/wp\/v2\/comments?post=17452"}],"version-history":[{"count":25,"href":"https:\/\/atravesdelasescrituras.com\/es_es\/wp-json\/wp\/v2\/posts\/17452\/revisions"}],"predecessor-version":[{"id":41797,"href":"https:\/\/atravesdelasescrituras.com\/es_es\/wp-json\/wp\/v2\/posts\/17452\/revisions\/41797"}],"wp:featuredmedia":[{"embeddable":true,"href":"https:\/\/atravesdelasescrituras.com\/es_es\/wp-json\/wp\/v2\/media\/17483"}],"wp:attachment":[{"href":"https:\/\/atravesdelasescrituras.com\/es_es\/wp-json\/wp\/v2\/media?parent=17452"}],"wp:term":[{"taxonomy":"category","embeddable":true,"href":"https:\/\/atravesdelasescrituras.com\/es_es\/wp-json\/wp\/v2\/categories?post=17452"},{"taxonomy":"post_tag","embeddable":true,"href":"https:\/\/atravesdelasescrituras.com\/es_es\/wp-json\/wp\/v2\/tags?post=17452"}],"curies":[{"name":"wp","href":"https:\/\/api.w.org\/{rel}","templated":true}]}}