{"id":24555,"date":"2016-10-14T14:20:11","date_gmt":"2016-10-14T14:20:11","guid":{"rendered":"https:\/\/atravesdelasescrituras.com\/?p=24555"},"modified":"2016-10-27T14:32:39","modified_gmt":"2016-10-27T14:32:39","slug":"introduccion-al-pueblo-judio","status":"publish","type":"post","link":"https:\/\/atravesdelasescrituras.com\/es_es\/2016\/10\/14\/introduccion-al-pueblo-judio\/","title":{"rendered":"1. Introducci\u00f3n al pueblo Jud\u00edo"},"content":{"rendered":"<p>Estos estudios ofrecen una visi\u00f3n gen\u00e9rica\u00a0y\u00a0cronol\u00f3gica sobre el pueblo jud\u00edo y su historia, a la luz de la Biblia. Inevitablemente, el an\u00e1lisis de los acontecimientos y sus fundamentos es limitado.<\/p>\n<p>Algunas cifras y a\u00f1os mencionados en esta serie de art\u00edculos son estimaciones, porque estos, al igual que la manera de interpretar lo acontecido, var\u00edan seg\u00fan las distintas fuentes. Los vers\u00edculos citados de la Biblia son de la versi\u00f3n Reina-Valera 1995.<\/p>\n<p>El libro pretende dar a conocer la historia del pueblo jud\u00edo, los inicios del cristianismo y las promesas de la Biblia desde una perspectiva basada en el Plan de Salvaci\u00f3n. La meta de los art\u00edculos, es ofrecer nuevos \u00e1ngulos al lector ampliando el conocimiento y, por lo tanto, el entendimiento sobre las vicisitudes del pueblo jud\u00edo y el mensaje de la Biblia.<\/p>\n<hr \/>\n<ul>\n<li><strong>Introducci\u00f3n:<\/strong><\/li>\n<\/ul>\n<p>La Biblia, cuyos manuscritos m\u00e1s antiguos datan de hace m\u00e1s de 3000 a\u00f1os, relata la historia\u00a0del pueblo jud\u00edo En princip\u00edo los primeros acontecimientos se transmit\u00edan verbalmente como herencia cultural de generaci\u00f3n en generaci\u00f3n. Ya a partir del siglo XII antes de nuestra era se empez\u00f3 a registrar la historia del pueblo.<\/p>\n<p><img data-recalc-dims=\"1\" fetchpriority=\"high\" decoding=\"async\" data-attachment-id=\"24629\" data-permalink=\"https:\/\/atravesdelasescrituras.com\/es_es\/2016\/10\/14\/introduccion-al-pueblo-judio\/judah\/\" data-orig-file=\"https:\/\/atravesdelasescrituras.com\/wp-content\/uploads\/2016\/10\/judah.jpg\" data-orig-size=\"1087,647\" data-comments-opened=\"1\" data-image-meta=\"{&quot;aperture&quot;:&quot;0&quot;,&quot;credit&quot;:&quot;&quot;,&quot;camera&quot;:&quot;&quot;,&quot;caption&quot;:&quot;&quot;,&quot;created_timestamp&quot;:&quot;0&quot;,&quot;copyright&quot;:&quot;&quot;,&quot;focal_length&quot;:&quot;0&quot;,&quot;iso&quot;:&quot;0&quot;,&quot;shutter_speed&quot;:&quot;0&quot;,&quot;title&quot;:&quot;&quot;,&quot;orientation&quot;:&quot;1&quot;}\" data-image-title=\"judah\" data-image-description=\"\" data-image-caption=\"\" data-large-file=\"https:\/\/atravesdelasescrituras.com\/wp-content\/uploads\/2016\/10\/judah.jpg\" class=\"aligncenter  wp-image-24629\" src=\"https:\/\/i0.wp.com\/atravesdelasescrituras.com\/wp-content\/uploads\/2016\/10\/judah.jpg?resize=428%2C255&#038;ssl=1\" alt=\"judah.jpg\" width=\"428\" height=\"255\" \/><\/p>\n<p>Tanto el Antiguo como el Nuevo Testamento han sido escritos por jud\u00edos. siendo las \u00fanicas excepciones el libro de los Hechos de los Ap\u00f3stoles y el Evangelio seg\u00fan San Lucas, ambos en el Nuevo Testamento y escritos por Lucas.<\/p>\n<p>Las sagradas escrituras han nacido por La inspiraci\u00f3n del Esp\u00edritu Santo. La fe en el Antiguo Testamento, o sea, en la Biblia hebrea, une a los cristianos y los jud\u00edos. El\u00a0Antiguo Testamento tiene su valor independientemente, y ademas, es interpretado a trav\u00e9s del Nuevo Testamento\u00a0y La tradici\u00f3n.<\/p>\n<p>Seg\u00fan la Biblia, Israel incluyendo la tribu de Jud\u00e1 es decir los\u00a0jud\u00edos son el pueblo escogido de Dios, escogido para amarle y servirle a Dios, tanto en los tiempos pasados como en los tiempos venideros.<\/p>\n<p style=\"text-align:center;\">Deuteronomio 7:6 &#8211; <em>\u00abPorque t\u00fa eres pueblo santo para YHVH, tu Dios; YHVH, tu Dios, te ha escogido para que le seas un pueblo especial, m\u00e1s que todos los pueblos que est\u00e1n sobre la tierra\u00bb<\/em><\/p>\n<p>Dios estableci\u00f3 leyes y mandamientos\u00a0para que su pueblo los observe, obteniendo por lo tanto prosperidad para s\u00ed y siendo a la vez bendici\u00f3n, para el mundo entero. Seg\u00fan el plan de salvaci\u00f3n de Dios\u00a0el prop\u00f3sito de Israel, y espec\u00edficamente el de Jud\u00e1, era traer al Mes\u00edas, el ungido, al mundo.<\/p>\n<p style=\"text-align:center;\">Isa\u00edas 49:6 &#8211; <em>\u00abTe he dado por luz de las naciones, para que seas mi salvaci\u00f3n hasta lo \u00faltimo de la tierra\u00bb<\/em><\/p>\n<p>Dios hizo un pacto con Abraham prometi\u00e9ndole descendencia, tierra para su familia y una bendici\u00f3n relacionada con toda la creaci\u00f3n. Dios exhort\u00f3 a su pueblo para amarle y observar sus mandamientos.<\/p>\n<p>Los descendientes de Abraham huyeron de la hambruna de su pa\u00eds a Egipto, donde fueron sometidos a esclavitud. Los israelitas llegaron a formar un pueblo durante los a\u00f1os del cautiverio.<\/p>\n<p>Al haber pasado 430 a\u00f1os, bajo el liderazgo de Mois\u00e9s, el pueblo por fin fue librado de la cautividad. Antes de llegar a la tierra prometida los israelitas tuvieron que andar en el desierto de Sina\u00ed durante 40 a\u00f1os. All\u00ed Dios se les apareci\u00f3 y les dio sus mandamientos. Tambi\u00e9n les dio de comer en el desierto con el pan celestial, el man\u00e1.<\/p>\n<p>Los jueces, profetas y reyes actuaron como l\u00edderes del pueblo. El rey David expandi\u00f3 el reino y su hijo Salom\u00f3n edific\u00f3 el Templo de Jerusal\u00e9n. Despu\u00e9s de la muerte de Salom\u00f3n el reino se dividi\u00f3 en dos.<\/p>\n<p>El reino del norte fue destruido y posteriormente \u00ab<i>desapareci\u00f3<\/i>\u00bb como estaba profetizado fue esparcido por las 4 esquinas de la Tierra, tal como hoy lo conocemos como \u00ab<em>Las 10 tribus perdidas<\/em>\u00ab.<\/p>\n<p>Jerusal\u00e9n fue destruida tambi\u00e9n y la tribu de Jud\u00e1 que habitaba en la zona, fue deportada a Babilonia en cautiverio durante 70 a\u00f1os. Despu\u00e9s del tiempo indicado una parte de\u00a0los jud\u00edos volvieron a su tierra para reconstruir el Templo de Jerusal\u00e9n.<\/p>\n<figure id=\"attachment_24685\" aria-describedby=\"caption-attachment-24685\" style=\"width: 513px\" class=\"wp-caption aligncenter\"><img data-recalc-dims=\"1\" decoding=\"async\" data-attachment-id=\"24685\" data-permalink=\"https:\/\/atravesdelasescrituras.com\/es_es\/2016\/10\/14\/introduccion-al-pueblo-judio\/stc_93299_2000x1330\/\" data-orig-file=\"https:\/\/atravesdelasescrituras.com\/wp-content\/uploads\/2016\/10\/stc_93299_2000x1330.jpg\" data-orig-size=\"2000,1330\" data-comments-opened=\"1\" data-image-meta=\"{&quot;aperture&quot;:&quot;0&quot;,&quot;credit&quot;:&quot;&quot;,&quot;camera&quot;:&quot;&quot;,&quot;caption&quot;:&quot;&quot;,&quot;created_timestamp&quot;:&quot;0&quot;,&quot;copyright&quot;:&quot;&quot;,&quot;focal_length&quot;:&quot;0&quot;,&quot;iso&quot;:&quot;0&quot;,&quot;shutter_speed&quot;:&quot;0&quot;,&quot;title&quot;:&quot;&quot;,&quot;orientation&quot;:&quot;0&quot;}\" data-image-title=\"stc_93299_2000x1330\" data-image-description=\"\" data-image-caption=\"\" data-large-file=\"https:\/\/atravesdelasescrituras.com\/wp-content\/uploads\/2016\/10\/stc_93299_2000x1330.jpg\" class=\"aligncenter  wp-image-24685\" src=\"https:\/\/i0.wp.com\/atravesdelasescrituras.com\/wp-content\/uploads\/2016\/10\/stc_93299_2000x1330.jpg?resize=513%2C341&#038;ssl=1\" alt=\"stc_93299_2000x1330.jpg\" width=\"513\" height=\"341\" \/><figcaption id=\"caption-attachment-24685\" class=\"wp-caption-text\">Conquista de Jerusal\u00e9n por las legiones romanas al mando de Tito, hijo del emperador Vespasiano, en el a\u00f1o 70 d.C.<\/figcaption><\/figure>\n<p>Las profec\u00edas del Mes\u00edas, o sea, las promesas del ungido acabaron unos 400 a\u00f1os antes de nuestra era. En el a\u00f1o 70 F.C. los romanos destruyeron Jerusal\u00e9n y su nuevo Templo ampliado, y expulsaron a los jud\u00edos, de nuevo, fuera de su tierra. Paulatinamente, los jud\u00edos se extendieron por todo el mundo, pero a menudo fueron objeto de persecuci\u00f3n y exterminaci\u00f3n, sobre todo en Europa.<\/p>\n<p>Los jud\u00edos, impulsados por el sionismo, empezaron a volver a la tierra de sus padres hacia finales del siglo XIX. El idioma hebreo, muerto como idioma hablado en la \u00e9poca, fue vivificado otra vez.<img data-recalc-dims=\"1\" decoding=\"async\" data-attachment-id=\"24682\" data-permalink=\"https:\/\/atravesdelasescrituras.com\/es_es\/2016\/10\/14\/introduccion-al-pueblo-judio\/21585792-hombre-jud-o-ortodoxo-con-el-shofar-tradicional\/\" data-orig-file=\"https:\/\/atravesdelasescrituras.com\/wp-content\/uploads\/2016\/10\/21585792-hombre-jud-o-ortodoxo-con-el-shofar-tradicional.jpg\" data-orig-size=\"344,450\" data-comments-opened=\"1\" data-image-meta=\"{&quot;aperture&quot;:&quot;0&quot;,&quot;credit&quot;:&quot;&quot;,&quot;camera&quot;:&quot;&quot;,&quot;caption&quot;:&quot;&quot;,&quot;created_timestamp&quot;:&quot;0&quot;,&quot;copyright&quot;:&quot;&quot;,&quot;focal_length&quot;:&quot;0&quot;,&quot;iso&quot;:&quot;0&quot;,&quot;shutter_speed&quot;:&quot;0&quot;,&quot;title&quot;:&quot;&quot;,&quot;orientation&quot;:&quot;0&quot;}\" data-image-title=\"21585792-hombre-jud-o-ortodoxo-con-el-shofar-tradicional\" data-image-description=\"\" data-image-caption=\"\" data-large-file=\"https:\/\/atravesdelasescrituras.com\/wp-content\/uploads\/2016\/10\/21585792-hombre-jud-o-ortodoxo-con-el-shofar-tradicional.jpg\" class=\"alignright  wp-image-24682\" src=\"https:\/\/i0.wp.com\/atravesdelasescrituras.com\/wp-content\/uploads\/2016\/10\/21585792-hombre-jud-o-ortodoxo-con-el-shofar-tradicional.jpg?resize=204%2C267&#038;ssl=1\" alt=\"21585792-hombre-jud-o-ortodoxo-con-el-shofar-tradicional.jpg\" width=\"204\" height=\"267\" \/><\/p>\n<p>Una rama de jud\u00edos ortodoxos no reconocieron el estado israel\u00ed fundado en el a\u00f1o 1948, porque seg\u00fan su interpretaci\u00f3n, uno no debe volver a Si\u00f3n por sus propias fuerzas, sino que la vuelta surgir\u00eda cuando el tiempo hubiese madurado espiritualmente al haber venido el Mes\u00edas. <em>(Sobre esta ultima menci\u00f3n en un futuro pondr\u00e9 varios art\u00edculos sobre el sionismo y lo que seg\u00fan algunos hay detr\u00e1s)<\/em><\/p>\n<p>Por otra parte, en la \u00e9poca mesi\u00e1nica la gente deber\u00eda trabajar activamente promoviendo la liberaci\u00f3n y la salvaci\u00f3n de Israel, en vez de esperar pasivamente. A pesar de las diferencias en la interpretaci\u00f3n, un grupo de los rabinos proclam\u00f3 que la fundaci\u00f3n del Estado de Israel significaba \u00ab<em>el inicio de la salvaci\u00f3n<\/em>\u00ab. Cierto es que Dios en su palabra hab\u00eda prometido traer a su pueblo de nuevo a la tierra de sus padres, y ya sea de una forma u otra esto ocurri\u00f3.<\/p>\n<p>El estudio de las Escrituras, la cultura y las tradiciones propias ayudaron a los jud\u00edos a mantener su identidad incluso durante la di\u00e1spora que dur\u00f3 desde el a\u00f1o 70 hasta el a\u00f1o 1948. Los jud\u00edos han alcanzado grandes \u00e9xitos en las ciencias, el arte y en los negocios a lo largo de su historia.<\/p>\n<figure id=\"attachment_24670\" aria-describedby=\"caption-attachment-24670\" style=\"width: 474px\" class=\"wp-caption aligncenter\"><img data-recalc-dims=\"1\" loading=\"lazy\" decoding=\"async\" data-attachment-id=\"24670\" data-permalink=\"https:\/\/atravesdelasescrituras.com\/es_es\/2016\/10\/14\/introduccion-al-pueblo-judio\/palpost-stateofisraelisborn16may1948\/\" data-orig-file=\"https:\/\/atravesdelasescrituras.com\/wp-content\/uploads\/2016\/10\/palpost-stateofisraelisborn16may1948.jpg\" data-orig-size=\"720,477\" data-comments-opened=\"1\" data-image-meta=\"{&quot;aperture&quot;:&quot;0&quot;,&quot;credit&quot;:&quot;&quot;,&quot;camera&quot;:&quot;&quot;,&quot;caption&quot;:&quot;&quot;,&quot;created_timestamp&quot;:&quot;0&quot;,&quot;copyright&quot;:&quot;&quot;,&quot;focal_length&quot;:&quot;0&quot;,&quot;iso&quot;:&quot;0&quot;,&quot;shutter_speed&quot;:&quot;0&quot;,&quot;title&quot;:&quot;&quot;,&quot;orientation&quot;:&quot;0&quot;}\" data-image-title=\"palpost-stateofisraelisborn16may1948\" data-image-description=\"\" data-image-caption=\"\" data-large-file=\"https:\/\/atravesdelasescrituras.com\/wp-content\/uploads\/2016\/10\/palpost-stateofisraelisborn16may1948.jpg\" class=\"aligncenter  wp-image-24670\" src=\"https:\/\/i0.wp.com\/atravesdelasescrituras.com\/wp-content\/uploads\/2016\/10\/palpost-stateofisraelisborn16may1948.jpg?resize=474%2C314&#038;ssl=1\" alt=\"PalPost-StateofIsraelisBorn16May1948.jpg\" width=\"474\" height=\"314\" \/><figcaption id=\"caption-attachment-24670\" class=\"wp-caption-text\">1948-1948 &#8211; Renace el Estado de Israel &#8211; (<em>14 de may<\/em>)<\/figcaption><\/figure>\n<hr \/>\n<ul>\n<li><strong>La presencia Judia en Espa\u00f1a:<\/strong><\/li>\n<\/ul>\n<p>La presencia jud\u00eda en Espa\u00f1a data de tiempos inmemoriales. Los jud\u00edos de Espa\u00f1a son llamados sefard\u00edes, ya que la palabra sefard\u00ed viene del hebreo \u00ab<em>Sfarad<\/em>\u00bb que significa Espa\u00f1a.<\/p>\n<p><img data-recalc-dims=\"1\" loading=\"lazy\" decoding=\"async\" data-attachment-id=\"24649\" data-permalink=\"https:\/\/atravesdelasescrituras.com\/es_es\/2016\/10\/14\/introduccion-al-pueblo-judio\/attachment\/2012030711532878636\/\" data-orig-file=\"https:\/\/atravesdelasescrituras.com\/wp-content\/uploads\/2016\/10\/2012030711532878636.gif\" data-orig-size=\"480,266\" data-comments-opened=\"1\" data-image-meta=\"{&quot;aperture&quot;:&quot;0&quot;,&quot;credit&quot;:&quot;&quot;,&quot;camera&quot;:&quot;&quot;,&quot;caption&quot;:&quot;&quot;,&quot;created_timestamp&quot;:&quot;0&quot;,&quot;copyright&quot;:&quot;&quot;,&quot;focal_length&quot;:&quot;0&quot;,&quot;iso&quot;:&quot;0&quot;,&quot;shutter_speed&quot;:&quot;0&quot;,&quot;title&quot;:&quot;&quot;,&quot;orientation&quot;:&quot;0&quot;}\" data-image-title=\"2012030711532878636\" data-image-description=\"\" data-image-caption=\"\" data-large-file=\"https:\/\/atravesdelasescrituras.com\/wp-content\/uploads\/2016\/10\/2012030711532878636.gif\" class=\"aligncenter size-full wp-image-24649\" src=\"https:\/\/i0.wp.com\/atravesdelasescrituras.com\/wp-content\/uploads\/2016\/10\/2012030711532878636.gif?resize=480%2C266&#038;ssl=1\" alt=\"2012030711532878636.gif\" width=\"480\" height=\"266\" \/><\/p>\n<p>El profeta Abd\u00edas menciona Sefarad (<em>1:20<\/em>) en su profec\u00eda casi 600 a\u00f1os antes de la<br \/>\nera com\u00fan. Seg\u00fan la tradici\u00f3n, la primera oleada de jud\u00edos llegar\u00eda a Espa\u00f1a despu\u00e9s de la destrucci\u00f3n del primer Templo en el a\u00f1o 586 a.C., no obstante, los primeros testimonios fehacientes de los jud\u00edos en la pen\u00ednsula datan de siglos II y III.<\/p>\n<p>El juda\u00edsmo de di\u00e1spora comenz\u00f3 su momento m\u00e1s glorioso en la Espa\u00f1a del siglo X, territorio que los musulmanes llaman Al \u00c1ndalus y los jud\u00edos Sefarad. Durante el Califato Cordob\u00e9s, se establecieron remarcables centros del juda\u00edsmo, entre otros, en C\u00f3rdoba, Granada, Sevilla, Toledo y Barcelona. Se conoce la \u00e9poca como la Edad de Oro de la cultura jud\u00eda, debido a la gran libertad e involucraci\u00f3n de los jud\u00edos en la vida pol\u00edtica y econ\u00f3mica, y en las ciencias y el arte del pa\u00eds.<\/p>\n<figure id=\"attachment_24651\" aria-describedby=\"caption-attachment-24651\" style=\"width: 258px\" class=\"wp-caption alignright\"><img data-recalc-dims=\"1\" loading=\"lazy\" decoding=\"async\" data-attachment-id=\"24651\" data-permalink=\"https:\/\/atravesdelasescrituras.com\/es_es\/2016\/10\/14\/introduccion-al-pueblo-judio\/sony-dsc\/\" data-orig-file=\"https:\/\/atravesdelasescrituras.com\/wp-content\/uploads\/2016\/10\/7158803_orig.jpg\" data-orig-size=\"300,270\" data-comments-opened=\"1\" data-image-meta=\"{&quot;aperture&quot;:&quot;6.3&quot;,&quot;credit&quot;:&quot;&quot;,&quot;camera&quot;:&quot;DSLR-A230&quot;,&quot;caption&quot;:&quot;SONY DSC&quot;,&quot;created_timestamp&quot;:&quot;1289523780&quot;,&quot;copyright&quot;:&quot;&quot;,&quot;focal_length&quot;:&quot;55&quot;,&quot;iso&quot;:&quot;100&quot;,&quot;shutter_speed&quot;:&quot;0.01&quot;,&quot;title&quot;:&quot;SONY DSC&quot;,&quot;orientation&quot;:&quot;1&quot;}\" data-image-title=\"SONY DSC\" data-image-description=\"\" data-image-caption=\"&lt;p&gt;SONY DSC&lt;\/p&gt;\n\" data-large-file=\"https:\/\/atravesdelasescrituras.com\/wp-content\/uploads\/2016\/10\/7158803_orig.jpg\" class=\"alignright  wp-image-24651\" src=\"https:\/\/i0.wp.com\/atravesdelasescrituras.com\/wp-content\/uploads\/2016\/10\/7158803_orig.jpg?resize=258%2C232&#038;ssl=1\" alt=\"7158803_orig.jpg\" width=\"258\" height=\"232\" \/><figcaption id=\"caption-attachment-24651\" class=\"wp-caption-text\">Este peque\u00f1o s\u00edmbolo est\u00e1 estampado en el suelo en varias calles de Toledo (<em>y otras ciudades espa\u00f1olas<\/em>). Representa a\u00a0las redes de Jud\u00edos en Espa\u00f1a &#8211; Caminos de Sefarad. Sefarad significa Espa\u00f1a (I<em>beria<\/em>)<\/figcaption><\/figure>\n<p>Los sefard\u00edes hablan ladino, judeoespa\u00f1ol, un idioma basado en el espa\u00f1ol medieval con influencias del hebreo, griego, turco, franc\u00e9s e italiano.<\/p>\n<p>En el a\u00f1o 1492 los sefard\u00edes fueron expulsados de Espa\u00f1a. Todo el esplendor centenario de la cultura jud\u00eda fue destruido, as\u00ed como las sinagogas. La resoluci\u00f3n que dio lugar a la expulsi\u00f3n de\u00a0los jud\u00edos no fue revocada hasta el a\u00f1o 1812, cuando, a ra\u00edz de la libertad de religi\u00f3n, los jud\u00edos empezaron a volver a Espa\u00f1a. La primera sinagoga despu\u00e9s de casi 500 a\u00f1os de ausencia jud\u00eda, fue inaugurada en Madrid en el a\u00f1o 1968.<\/p>\n<p>Durante las \u00faltimas d\u00e9cadas se ha visto un nuevo despertar del inter\u00e9s hacia la historia y cultura de los sefard\u00edes y, por ejemplo, hacia el idioma ladino. Actualmente (<em>2014<\/em>), se calcula que hay unos 12 000 jud\u00edos en Espa\u00f1a, y el Ministerio de Justicia de Espa\u00f1a est\u00e1 tramitando un proyecto de ley para conceder la nacionalidad Espa\u00f1ola a los jud\u00edos sefard\u00edes que lo deseen.<\/p>\n<figure id=\"attachment_24666\" aria-describedby=\"caption-attachment-24666\" style=\"width: 418px\" class=\"wp-caption aligncenter\"><img data-recalc-dims=\"1\" loading=\"lazy\" decoding=\"async\" data-attachment-id=\"24666\" data-permalink=\"https:\/\/atravesdelasescrituras.com\/es_es\/2016\/10\/14\/introduccion-al-pueblo-judio\/attachment\/14337479652177\/\" data-orig-file=\"https:\/\/atravesdelasescrituras.com\/wp-content\/uploads\/2016\/10\/14337479652177.jpg\" data-orig-size=\"582,385\" data-comments-opened=\"1\" data-image-meta=\"{&quot;aperture&quot;:&quot;0&quot;,&quot;credit&quot;:&quot;&quot;,&quot;camera&quot;:&quot;&quot;,&quot;caption&quot;:&quot;&quot;,&quot;created_timestamp&quot;:&quot;0&quot;,&quot;copyright&quot;:&quot;&quot;,&quot;focal_length&quot;:&quot;0&quot;,&quot;iso&quot;:&quot;0&quot;,&quot;shutter_speed&quot;:&quot;0&quot;,&quot;title&quot;:&quot;&quot;,&quot;orientation&quot;:&quot;0&quot;}\" data-image-title=\"14337479652177\" data-image-description=\"\" data-image-caption=\"\" data-large-file=\"https:\/\/atravesdelasescrituras.com\/wp-content\/uploads\/2016\/10\/14337479652177.jpg\" class=\"alignnone  wp-image-24666\" src=\"https:\/\/i0.wp.com\/atravesdelasescrituras.com\/wp-content\/uploads\/2016\/10\/14337479652177.jpg?resize=418%2C277&#038;ssl=1\" alt=\"14337479652177.jpg\" width=\"418\" height=\"277\" \/><figcaption id=\"caption-attachment-24666\" class=\"wp-caption-text\">De Granada a Argentina, el largo viaje de una familia sefard\u00ed expulsada por los Reyes Cat\u00f3licos<\/figcaption><\/figure>\n<hr \/>\n<p style=\"text-align:center;\">\n<p style=\"text-align:center;\"><strong><strong><em><em><strong>(<\/strong><\/em><\/em><\/strong><\/strong><strong><strong><em><em><strong>No te pierdas las pr\u00f3ximas partes en:\u00a0<\/strong><\/em><\/em><\/strong><em><a href=\"https:\/\/atravesdelasescrituras.com\/estudios-varios\/los-judios-pueblo-escogido-pueblo-perseguido\/\">Pueblo escogido, Pueblo perseguido<\/a><\/em>)<\/strong><\/p>\n","protected":false},"excerpt":{"rendered":"<p>Estos estudios ofrecen una visi\u00f3n gen\u00e9rica\u00a0y\u00a0cronol\u00f3gica sobre el pueblo jud\u00edo y su historia, a la luz de la Biblia. Inevitablemente, el an\u00e1lisis de los acontecimientos y sus fundamentos es limitado. Algunas cifras y a\u00f1os mencionados en esta serie de art\u00edculos son estimaciones, porque estos, al igual que la manera de interpretar lo acontecido, var\u00edan seg\u00fan [&hellip;]<\/p>\n","protected":false},"author":80235555,"featured_media":0,"comment_status":"open","ping_status":"open","sticky":false,"template":"","format":"gallery","meta":{"_coblocks_attr":"","_coblocks_dimensions":"","_coblocks_responsive_height":"","_coblocks_accordion_ie_support":"","_gspb_post_css":"","advanced_seo_description":"","jetpack_seo_html_title":"","jetpack_seo_noindex":false,"jetpack_seo_schema_type":"","_jetpack_newsletter_access":"","_jetpack_dont_email_post_to_subs":false,"_jetpack_newsletter_tier_id":0,"_jetpack_memberships_contains_paywalled_content":false,"_wpcom_ai_launchpad_first_post":false,"_jetpack_feature_clip_id":0,"_jetpack_memberships_contains_paid_content":false,"footnotes":"","jetpack_publicize_message":"","jetpack_publicize_feature_enabled":true,"jetpack_social_post_already_shared":false,"jetpack_social_options":{"image_generator_settings":{"template":"highway","default_image_id":0,"font":"","enabled":false},"version":2},"jetpack_post_was_ever_published":false},"categories":[3908365],"tags":[72829,82241803,19413,6992924,8871536,71684,9937,704395,5097,1470035,308674,3048298,5506501,34846595,48125503,10168491,10841706,92520],"class_list":["post-24555","post","type-post","status-publish","format-gallery","hentry","category-estudios-varios","tag-72829","tag-destruccion-del-templo","tag-diaspora","tag-estado-de-israel","tag-historia-israel","tag-introduccion","tag-israel","tag-jerusalen","tag-judah","tag-juda","tag-judios","tag-ortodoxos","tag-pueblo-judio","tag-reino-del-norte","tag-reino-del-sur","tag-sefardi","tag-sefardies","tag-tito","post_format-post-format-gallery"],"blocksy_meta":{"styles_descriptor":{"styles":{"desktop":"","tablet":"","mobile":""},"google_fonts":[],"version":7}},"jetpack_publicize_connections":[],"jetpack_likes_enabled":true,"jetpack_sharing_enabled":true,"jetpack_shortlink":"https:\/\/wp.me\/p5HWJ5-6o3","jetpack-related-posts":[],"brizy_media":[],"jetpack_featured_media_url":"","_links":{"self":[{"href":"https:\/\/atravesdelasescrituras.com\/es_es\/wp-json\/wp\/v2\/posts\/24555","targetHints":{"allow":["GET"]}}],"collection":[{"href":"https:\/\/atravesdelasescrituras.com\/es_es\/wp-json\/wp\/v2\/posts"}],"about":[{"href":"https:\/\/atravesdelasescrituras.com\/es_es\/wp-json\/wp\/v2\/types\/post"}],"author":[{"embeddable":true,"href":"https:\/\/atravesdelasescrituras.com\/es_es\/wp-json\/wp\/v2\/users\/80235555"}],"replies":[{"embeddable":true,"href":"https:\/\/atravesdelasescrituras.com\/es_es\/wp-json\/wp\/v2\/comments?post=24555"}],"version-history":[{"count":25,"href":"https:\/\/atravesdelasescrituras.com\/es_es\/wp-json\/wp\/v2\/posts\/24555\/revisions"}],"predecessor-version":[{"id":27515,"href":"https:\/\/atravesdelasescrituras.com\/es_es\/wp-json\/wp\/v2\/posts\/24555\/revisions\/27515"}],"wp:attachment":[{"href":"https:\/\/atravesdelasescrituras.com\/es_es\/wp-json\/wp\/v2\/media?parent=24555"}],"wp:term":[{"taxonomy":"category","embeddable":true,"href":"https:\/\/atravesdelasescrituras.com\/es_es\/wp-json\/wp\/v2\/categories?post=24555"},{"taxonomy":"post_tag","embeddable":true,"href":"https:\/\/atravesdelasescrituras.com\/es_es\/wp-json\/wp\/v2\/tags?post=24555"}],"curies":[{"name":"wp","href":"https:\/\/api.w.org\/{rel}","templated":true}]}}