{"id":31465,"date":"2016-11-27T21:24:37","date_gmt":"2016-11-27T21:24:37","guid":{"rendered":"https:\/\/atravesdelasescrituras.com\/?p=31465"},"modified":"2017-01-07T10:16:17","modified_gmt":"2017-01-07T10:16:17","slug":"se-olvido-dios-de-la-casa-de-israel-y-la-casa-de-juda","status":"publish","type":"post","link":"https:\/\/atravesdelasescrituras.com\/es_es\/2016\/11\/27\/se-olvido-dios-de-la-casa-de-israel-y-la-casa-de-juda\/","title":{"rendered":"4. \u00bfSe olvido Dios de la casa de Israel y la casa de Jud\u00e1?"},"content":{"rendered":"<p class=\"p1\"><span class=\"s1\">Hemos estado viendo que el Reino del Norte de Israel (<em>tambi\u00e9n conocido como la Casa de Efra\u00edn<\/em>), no se arrepinti\u00f3, a pesar de los continuos llamados que les hizo el Se\u00f1or.\u00a0<\/span><\/p>\n<p class=\"p1\"><span class=\"s1\">El resultado de su falta de arrepentimiento fue la dispersi\u00f3n y asimilaci\u00f3n de las 10 Tribus del Norte, primero en Asiria y luego en el resto de las naciones paganas del mundo.\u00a0 <\/span><\/p>\n<p class=\"p1\"><span class=\"s1\">Habi\u00e9ndose separado de sus ra\u00edces hebreas, les fue f\u00e1cil <b>asimilarse<\/b> a las culturas paganas de los pueblos a donde fueron a habitar.\u00a0 Poco tiempo despu\u00e9s, ellos ya no parec\u00edan hebreos; m\u00e1s bien actuaban y viv\u00edan tal como los gentiles.\u00a0 Ellos no murieron ni desaparecieron (<em>por lo menos a los ojos de Dios<\/em>), sino que se mezclaron con todas las naciones de la tierra.<\/span><\/p>\n<p class=\"p1\"><span class=\"s1\"><img data-recalc-dims=\"1\" fetchpriority=\"high\" decoding=\"async\" data-attachment-id=\"31514\" data-permalink=\"https:\/\/atravesdelasescrituras.com\/es_es\/2016\/11\/27\/se-olvido-dios-de-la-casa-de-israel-y-la-casa-de-juda\/pastor\/\" data-orig-file=\"https:\/\/atravesdelasescrituras.com\/wp-content\/uploads\/2016\/11\/pastor.jpg\" data-orig-size=\"1500,857\" data-comments-opened=\"1\" data-image-meta=\"{&quot;aperture&quot;:&quot;7.1&quot;,&quot;credit&quot;:&quot;alvaro.dzero&quot;,&quot;camera&quot;:&quot;NIKON D80&quot;,&quot;caption&quot;:&quot;&quot;,&quot;created_timestamp&quot;:&quot;1214165133&quot;,&quot;copyright&quot;:&quot;&quot;,&quot;focal_length&quot;:&quot;22&quot;,&quot;iso&quot;:&quot;640&quot;,&quot;shutter_speed&quot;:&quot;0.002&quot;,&quot;title&quot;:&quot;&quot;,&quot;orientation&quot;:&quot;1&quot;}\" data-image-title=\"pastor\" data-image-description=\"\" data-image-caption=\"\" data-large-file=\"https:\/\/atravesdelasescrituras.com\/wp-content\/uploads\/2016\/11\/pastor.jpg\" class=\"aligncenter  wp-image-31514\" src=\"https:\/\/i0.wp.com\/atravesdelasescrituras.com\/wp-content\/uploads\/2016\/11\/pastor.jpg?resize=505%2C289&#038;ssl=1\" alt=\"pastor.jpg\" width=\"505\" height=\"289\" \/><\/span><\/p>\n<p class=\"p1\"><span class=\"s1\">Uno debe preguntarse: <\/span><\/p>\n<p class=\"p1\" style=\"text-align:center;\"><span class=\"s1\">\u00bfSe habr\u00e1 olvidado Dios de las ovejas perdidas de Israel para siempre? <\/span><\/p>\n<p class=\"p1\" style=\"text-align:center;\"><span class=\"s1\">\u00bfQu\u00e9 dice Jerem\u00edas acerca de Casa de Israel (<em>es decir, las 10 Tribus del Norte, tambi\u00e9n conocidos como \u201cEfra\u00edn\u201d<\/em>)?\u00a0<\/span><\/p>\n<p class=\"p4\" style=\"text-align:center;\"><span class=\"s2\">Jerem\u00edas 31:6-10 &#8211; <em>\u00ab<\/em><\/span><em><span class=\"s1\">Porque habr\u00e1 d\u00eda en que clamar\u00e1n <b>los guardas en el monte de Efra\u00edn<\/b>: Levantaos, y <b>subamos a Si\u00f3n<\/b>, al Eterno nuestro Dios. Porque as\u00ed ha dicho el Eterno: Regocijaos en Jacob con alegr\u00eda, y dad voces de j\u00fabilo a la cabeza de naciones; haced o\u00edr, alabad, y decid: Oh Eterno, salva a tu pueblo, <b>el remanente de Israel<\/b>.\u00a0 He aqu\u00ed yo los hago volver de la tierra del norte, y los reunir\u00e9 de los fines de la tierra, y entre ellos ciegos y cojos, la mujer que est\u00e1 encinta y la que dio a luz juntamente; en gran compa\u00f1\u00eda volver\u00e1n ac\u00e1. Ir\u00e1n con lloro, mas con misericordia los har\u00e9 volver, y los har\u00e9 andar junto a arroyos de aguas, por camino derecho en el cual no tropezar\u00e1n; porque soy a <b>Israel por padre<\/b>, y <b>Efra\u00edn es mi primog\u00e9nito<\/b>. O\u00edd palabra del Eterno, oh naciones, y hacedlo saber en las costas que est\u00e1n lejos, y decid:\u00a0 <b>El que esparci\u00f3 a Israel lo reunir\u00e1 y guardar\u00e1<\/b>, como el pastor a su reba\u00f1o\u00bb<\/span><\/em><\/p>\n<p class=\"p1\" style=\"text-align:center;\"><span class=\"s1\">\u00bfQu\u00e9 representa Efra\u00edn para el Se\u00f1or?\u00a0 <\/span><\/p>\n<p class=\"p1\"><span class=\"s1\">Es Su primog\u00e9nito, y no se ha olvidado de ellos. El Se\u00f1or los esparci\u00f3, pero ha estado pendientes de cada uno de ellos y los ha guardado a dondequiera que hayan ido. Y en los \u00faltimos tiempos, el Se\u00f1or los reunir\u00e1 y los traer\u00e1 de nuevo a su Tierra.\u00a0<\/span><\/p>\n<p class=\"p1\"><span class=\"s1\">Aunque Efra\u00edn se fue, como el hijo pr\u00f3digo, llegar\u00e1 el d\u00eda en que regresar\u00e1 a Casa. Y el Padre lo recibir\u00e1 con los brazos abiertos &#8211; (<em>Lucas 15:11-32<\/em>).<\/span><\/p>\n<div class=\"page\" title=\"Page 26\"><\/div>\n<hr \/>\n<ul>\n<li class=\"p1\"><span class=\"s1\"><b>Las ovejas perdidas\u00a0ser\u00e1n\u00a0halladas:<\/b><\/span><\/li>\n<\/ul>\n<p class=\"p1\"><span class=\"s1\">Hoy d\u00eda sabemos que la Casa de Jud\u00e1 son los \u201c<em>jud\u00edos<\/em>\u201d, pero d\u00f3nde est\u00e1n \u201c<em>las Ovejas Perdidas<\/em>\u201d de la Casa de Israel.\u00a0<\/span><\/p>\n<p class=\"p1\"><span class=\"s1\">El mensaje de Oseas estaba destinado a la Casa de Israel (<em>Efra\u00edn<\/em>), y esto fue algo que dijo de ellos:<\/span><\/p>\n<p class=\"p4\" style=\"text-align:center;\"><span class=\"s2\">Oseas 1:10 &#8211; <em>\u00ab<\/em><\/span><em><span class=\"s1\">Con todo, ser\u00e1 el n\u00famero de los <b>hijos de Israel<\/b> como la arena del mar, que <b>no se puede medir ni contar<\/b>. Y el lugar en donde les fue dicho: Vosotros no sois pueblo m\u00edo, les ser\u00e1 dicho: Sois <b>hijos del Dios viviente\u00bb<\/b><\/span><\/em><\/p>\n<p class=\"p1\"><span class=\"s1\">Pablo tom\u00f3 esta palabra prof\u00e9tica de Oseas, y la explic\u00f3 en su carta a los Romanos. \u00a0<\/span><\/p>\n<p class=\"p4\" style=\"text-align:center;\"><span class=\"s2\">Romanos 9:24-27 &#8211; <em>\u00ab&#8230;<\/em><\/span><em><span class=\"s1\">a los cuales tambi\u00e9n ha llamado, esto es, a nosotros, no s\u00f3lo de los jud\u00edos, sino tambi\u00e9n de los <b>gentiles<\/b>.\u00a0 Como tambi\u00e9n en \u00d3seas dice:\u00a0 Llamar\u00e9 <b>pueblo m\u00edo<\/b> al que no era mi pueblo, y a la no amada, amada. (<\/span><span class=\"s2\">Os. 2:23)<\/span><span class=\"s3\">\u00a0 <\/span><span class=\"s1\">Y en el lugar donde se les dijo:\u00a0 Vosotros no sois pueblo m\u00edo, all\u00ed ser\u00e1n llamados <b>hijos del Dios viviente<\/b>. <\/span><span class=\"s2\">(Os. 1:10)<\/span> <span class=\"s1\">Tambi\u00e9n Isa\u00edas clama tocante a Israel: Si fuere el n\u00famero de los hijos de Israel como la arena del mar, tan s\u00f3lo el remanente ser\u00e1 salvo.\u00a0 <\/span><span class=\"s2\">(Isa. 10:22-23)\u00bb<\/span><\/em><\/p>\n<p class=\"p1\"><span class=\"s1\">Pablo entend\u00eda perfectamente que la \u201c<em>Casa de Israel<\/em>\u201d se encontraba ahora entre los gentiles, asimilados entre todas las naciones.<\/span><\/p>\n<p class=\"p1\">Santiago en su salutaci\u00f3n dice:<\/p>\n<p class=\"p1\" style=\"text-align:center;\"><span class=\"s1\">Santiago 1:1 &#8211; <em>\u00abSantiago, siervo de Dios y del Se\u00f1or Jesucristo, a las doce tribus que est\u00e1n en la dispersi\u00f3n: Salud\u00bb<\/em><\/span><\/p>\n<p class=\"p1\" style=\"text-align:left;\">Pedro en su salutaci\u00f3n:<\/p>\n<p class=\"p1\" style=\"text-align:center;\"><span class=\"s1\">1\u00aa Pedro 1:1-2 &#8211; <em>\u00ab<\/em><\/span><em><span class=\"s3\">Pedro, ap\u00f3stol de Jesucristo, a los expatriados de la dispersi\u00f3n en el Ponto, Galacia, Capadocia, Asia y Bitinia, (2)\u00a0<\/span><span class=\"s3\">elegidos seg\u00fan la presciencia de Dios Padre en santificaci\u00f3n del Esp\u00edritu, para obedecer y ser rociados con la sangre de Jesucristo: Gracia y paz os sean multiplicadas\u00bb<\/span><\/em><\/p>\n<p class=\"p1\"><span class=\"s1\">Tambi\u00e9n Pedro hizo menci\u00f3n de la profec\u00eda de Oseas que Pablo menciona en Romanos 9:<\/span><\/p>\n<p class=\"p4\" style=\"text-align:center;\"><span class=\"s2\">1\u00a0Pedro 2:10 &#8211; <em>\u00ab&#8230;<\/em><\/span><em><span class=\"s1\">vosotros que en otro tiempo no erais pueblo, pero que ahora sois <b>pueblo de Dios<\/b>; que en otro tiempo no hab\u00edais alcanzado misericordia, pero ahora hab\u00e9is <b>alcanzado misericordia\u00bb<\/b><\/span><\/em><\/p>\n<p class=\"p1\"><span class=\"s1\">&#8230;y luego agrega:<\/span><\/p>\n<p class=\"p4\" style=\"text-align:center;\"><span class=\"s2\">1\u00a0Pedro 2:25 &#8211;<em> \u00ab<\/em><\/span><em><span class=\"s1\">Porque vosotros erais como ovejas descarriadas, pero ahora hab\u00e9is vuelto al Pastor y Obispo de vuestras almas\u00bb<\/span><\/em><\/p>\n<p class=\"p1\"><span class=\"s1\">Jes\u00fas era jud\u00edo y ministr\u00f3 a los jud\u00edos, pero mencion\u00f3 a otras ovejas.\u00a0<\/span><\/p>\n<p class=\"p4\" style=\"text-align:center;\"><span class=\"s2\">Juan 10:6 &#8211; \u00ab<\/span><em><span class=\"s1\">Tambi\u00e9n tengo otras ovejas que no son de este redil; aqu\u00e9llas tambi\u00e9n debo traer, y oir\u00e1n mi voz; y habr\u00e1 <b>un reba\u00f1o, y un pastor\u00bb<\/b><\/span><\/em><\/p>\n<p class=\"p1\" style=\"text-align:center;\"><span class=\"s1\">\u00bfA qui\u00e9n fue enviado el Mes\u00edas en su primera venida?<\/span><\/p>\n<p class=\"p4\" style=\"text-align:center;\"><span class=\"s2\">Mateo 15:24 &#8211; <em>\u00ab<\/em><\/span><em><span class=\"s1\">\u00c9l respondiendo, dijo: No soy enviado sino a las <b>ovejas perdidas de la casa de Israel\u00bb<\/b><\/span><\/em><\/p>\n<p class=\"p1\"><span class=\"s1\">Es interesante que, aunque Jes\u00fas estuvo entre los jud\u00edos, pocos de ellos le recibieron.<\/span><\/p>\n<p class=\"p4\" style=\"text-align:center;\"><span class=\"s2\">Juan 1:11-13 &#8211; <em>\u00ab<\/em><\/span><em><span class=\"s1\">A lo suyo vino, y los suyos no le recibieron. (12) Pero a todos los que le recibieron, les dio el derecho de llegar a ser hijos de Dios, es decir, a los que creen en su nombre, (13) que no nacieron de sangre, ni de la voluntad de la carne, ni de la voluntad del hombre, sino de Dios\u00bb<\/span><\/em><\/p>\n<p class=\"p1\"><span class=\"s1\">Es triste. Pero Pablo nos explica que esta \u201c<em>ceguera<\/em>\u201d (<em>de no reconocer al Mes\u00edas<\/em>) es parte del Plan de Dios. \u00a0El ap\u00f3stol revela el misterio en Romanos 11.<\/span><\/p>\n<p class=\"p4\" style=\"text-align:center;\"><span class=\"s2\">Romanos 11:7-12 &#8211; <em>\u00ab<\/em><\/span><em><span class=\"s1\">Entonces \u00bfqu\u00e9? Aquello que Israel busca no lo ha alcanzado, pero los que fueron escogidos lo alcanzaron y los dem\u00e1s fueron endurecidos; (8) tal como est\u00e1 escrito: Dios les dio un esp\u00edritu de estupor, ojos con que no ven y o\u00eddos con que no oyen, hasta el d\u00eda de hoy. (9) Y David dice: Su banquete se convierta en lazo y en trampa, y en piedra de tropiezo y en retribuci\u00f3n para ellos.\u00a0(10)\u00a0Oscur\u00e9zcanse sus ojos para que ni puedan ver, y dobla sus espaldas para siempre.\u00a0(11) Digo entonces: \u00bfAcaso tropezaron para caer? \u00a1De ning\u00fan modo! Pero por su transgresi\u00f3n ha venido la salvaci\u00f3n a los gentiles, para causarles celos. (12) Y si su transgresi\u00f3n es riqueza para el mundo, y su fracaso es riqueza para los gentiles, \u00a1cu\u00e1nto m\u00e1s ser\u00e1 su plenitud!\u00bb<\/span><\/em><\/p>\n<p class=\"p1\"><span class=\"s1\">Dios permiti\u00f3 la ceguera de Jud\u00e1 para que la salvaci\u00f3n llegara tambi\u00e9n a las ovejas perdidas de Israel y a todos los gentiles. \u00a0<\/span><\/p>\n<p class=\"p1\"><span class=\"s1\">Sabiendo esto, Pablo nos exhorta a que no nos creamos superiores a ellos, ni los menospreciemos por haber reconocido al Mes\u00edas. M\u00e1s bien, debemos estar agradecidos, porque su dureza nos abland\u00f3 el coraz\u00f3n a nosotros. Y llegar\u00e1 el d\u00eda en que las escamas de sus ojos caer\u00e1n y reconocer\u00e1n a Su Mes\u00edas.<\/span><\/p>\n<p class=\"p4\" style=\"text-align:center;\"><span class=\"s2\">Romanos 11:17-26 &#8211; <em>\u00ab<\/em><\/span><em><span class=\"s1\">Pero si algunas de las ramas fueron desgajadas, y t\u00fa, siendo un olivo<img data-recalc-dims=\"1\" decoding=\"async\" data-attachment-id=\"31516\" data-permalink=\"https:\/\/atravesdelasescrituras.com\/es_es\/2016\/11\/27\/se-olvido-dios-de-la-casa-de-israel-y-la-casa-de-juda\/ba48298274e30c573096c1e38969da8d\/\" data-orig-file=\"https:\/\/atravesdelasescrituras.com\/wp-content\/uploads\/2016\/11\/ba48298274e30c573096c1e38969da8d.gif\" data-orig-size=\"214,236\" data-comments-opened=\"1\" data-image-meta=\"{&quot;aperture&quot;:&quot;0&quot;,&quot;credit&quot;:&quot;&quot;,&quot;camera&quot;:&quot;&quot;,&quot;caption&quot;:&quot;&quot;,&quot;created_timestamp&quot;:&quot;0&quot;,&quot;copyright&quot;:&quot;&quot;,&quot;focal_length&quot;:&quot;0&quot;,&quot;iso&quot;:&quot;0&quot;,&quot;shutter_speed&quot;:&quot;0&quot;,&quot;title&quot;:&quot;&quot;,&quot;orientation&quot;:&quot;0&quot;}\" data-image-title=\"ba48298274e30c573096c1e38969da8d\" data-image-description=\"\" data-image-caption=\"\" data-large-file=\"https:\/\/atravesdelasescrituras.com\/wp-content\/uploads\/2016\/11\/ba48298274e30c573096c1e38969da8d.gif\" class=\"alignleft  wp-image-31516\" src=\"https:\/\/i0.wp.com\/atravesdelasescrituras.com\/wp-content\/uploads\/2016\/11\/ba48298274e30c573096c1e38969da8d.gif?resize=182%2C201&#038;ssl=1\" alt=\"ba48298274e30c573096c1e38969da8d.gif\" width=\"182\" height=\"201\" \/> silvestre, fuiste injertado entre ellas y fuiste hecho participante con ellas de la rica savia de la ra\u00edz del olivo,\u00a0 (18)\u00a0 no seas arrogante para con las ramas; pero si eres arrogante, recuerda que t\u00fa no eres el que sustenta la ra\u00edz, sino que la ra\u00edz es la que te sustenta a ti.\u00a0 (19)\u00a0 Dir\u00e1s entonces: Las ramas fueron desgajadas para que yo fuera injertado.\u00a0 (20)\u00a0 Muy cierto; fueron desgajadas por su incredulidad, pero t\u00fa por la fe te mantienes firme. No seas altanero, sino teme;\u00a0 (21)\u00a0 porque si Dios no perdon\u00f3 a las ramas naturales, tampoco a ti te perdonar\u00e1.\u00a0 (22)\u00a0 Mira, pues, la bondad y la severidad de Dios; severidad para con los que cayeron, pero para ti, bondad de Dios si permaneces en su bondad; de lo contrario tambi\u00e9n t\u00fa ser\u00e1s cortado.\u00a0 (23)\u00a0 Y tambi\u00e9n ellos, si no permanecen en su incredulidad, ser\u00e1n injertados, pues poderoso es Dios para injertarlos de nuevo.\u00a0 (24)\u00a0 Porque si t\u00fa fuiste cortado de lo que por naturaleza es un olivo silvestre, y contra lo que es natural fuiste injertado en un olivo cultivado, \u00bfcu\u00e1nto m\u00e1s \u00e9stos, que son las ramas naturales, ser\u00e1n injertados en su propio olivo?\u00a0 (25)\u00a0 Porque no quiero, hermanos, que ignor\u00e9is este misterio, para que no se\u00e1is sabios en vuestra propia opini\u00f3n: que a Israel le ha acontecido un endurecimiento parcial hasta que haya entrado la plenitud de los gentiles;\u00a0 (26)\u00a0 y as\u00ed, todo Israel ser\u00e1 salvo; tal como est\u00e1 escrito: El Libertador vendr\u00e1 de Si\u00f3n; Apartar\u00e1 la impiedad de Jacob\u00bb<\/span><\/em><\/p>\n<p class=\"p1\"><span class=\"s1\">Les sugiero leer todo el cap\u00edtulo 11 de Romanos.<\/span><\/p>\n<p class=\"p1\"><span class=\"s1\">En la pr\u00f3xima ocasi\u00f3n seguiremos viendo lo que los profetas hablan de la Restauraci\u00f3n de las Dos Casas\u2026<\/span><\/p>\n<p class=\"p1\" style=\"text-align:center;\">Miqueas 2:12 &#8211; <em>\u00abDe cierto te juntar\u00e9 todo, oh Jacob; recoger\u00e9 ciertamente el resto de Israel; lo reunir\u00e9 como ovejas de Bosra, como reba\u00f1o en medio de su aprisco; har\u00e1n estruendo por la multitud de hombres\u00bb<\/em><\/p>\n<p class=\"p1\" style=\"text-align:center;\"><img data-recalc-dims=\"1\" decoding=\"async\" data-attachment-id=\"31519\" data-permalink=\"https:\/\/atravesdelasescrituras.com\/es_es\/2016\/11\/27\/se-olvido-dios-de-la-casa-de-israel-y-la-casa-de-juda\/por-que-escogio-dios-a-israell\/\" data-orig-file=\"https:\/\/atravesdelasescrituras.com\/wp-content\/uploads\/2016\/11\/por-que-escogio-dios-a-israell.jpg\" data-orig-size=\"900,597\" data-comments-opened=\"1\" data-image-meta=\"{&quot;aperture&quot;:&quot;0&quot;,&quot;credit&quot;:&quot;&quot;,&quot;camera&quot;:&quot;&quot;,&quot;caption&quot;:&quot;&quot;,&quot;created_timestamp&quot;:&quot;0&quot;,&quot;copyright&quot;:&quot;&quot;,&quot;focal_length&quot;:&quot;0&quot;,&quot;iso&quot;:&quot;0&quot;,&quot;shutter_speed&quot;:&quot;0&quot;,&quot;title&quot;:&quot;&quot;,&quot;orientation&quot;:&quot;1&quot;}\" data-image-title=\"por-que-escogio-dios-a-israell\" data-image-description=\"\" data-image-caption=\"\" data-large-file=\"https:\/\/atravesdelasescrituras.com\/wp-content\/uploads\/2016\/11\/por-que-escogio-dios-a-israell.jpg\" class=\"aligncenter  wp-image-31519\" src=\"https:\/\/i0.wp.com\/atravesdelasescrituras.com\/wp-content\/uploads\/2016\/11\/por-que-escogio-dios-a-israell.jpg?resize=492%2C326&#038;ssl=1\" alt=\"por-que-escogio-dios-a-israell.jpg\" width=\"492\" height=\"326\" \/><\/p>\n<hr \/>\n<p class=\"p1\" style=\"text-align:center;\"><strong><em>(<\/em><\/strong><strong><em>No te pierdas las pr\u00f3ximas partes en: <a href=\"https:\/\/atravesdelasescrituras.com\/estudios-varios\/israel-las-dos-casas\/\">Israel las dos casas<\/a>)\u00a0<\/em><\/strong><\/p>\n","protected":false},"excerpt":{"rendered":"<p>Hemos estado viendo que el Reino del Norte de Israel (tambi\u00e9n conocido como la Casa de Efra\u00edn), no se arrepinti\u00f3, a pesar de los continuos llamados que les hizo el Se\u00f1or.\u00a0 El resultado de su falta de arrepentimiento fue la dispersi\u00f3n y asimilaci\u00f3n de las 10 Tribus del Norte, primero en Asiria y luego en [&hellip;]<\/p>\n","protected":false},"author":80235555,"featured_media":0,"comment_status":"open","ping_status":"open","sticky":false,"template":"","format":"gallery","meta":{"_coblocks_attr":"","_coblocks_dimensions":"","_coblocks_responsive_height":"","_coblocks_accordion_ie_support":"","_gspb_post_css":"","advanced_seo_description":"","jetpack_seo_html_title":"","jetpack_seo_noindex":false,"jetpack_seo_schema_type":"","_jetpack_newsletter_access":"","_jetpack_dont_email_post_to_subs":false,"_jetpack_newsletter_tier_id":0,"_jetpack_memberships_contains_paywalled_content":false,"_wpcom_ai_launchpad_first_post":false,"_jetpack_feature_clip_id":0,"_jetpack_memberships_contains_paid_content":false,"footnotes":"","jetpack_publicize_message":"","jetpack_publicize_feature_enabled":true,"jetpack_social_post_already_shared":false,"jetpack_social_options":{"image_generator_settings":{"template":"highway","default_image_id":0,"font":"","enabled":false},"version":2},"jetpack_post_was_ever_published":false},"categories":[3908365],"tags":[589931,16270610,9937,25326854,37644578,26357041,4900807,8871596,43191968,34846595,48125503,16818367],"class_list":["post-31465","post","type-post","status-publish","format-gallery","hentry","category-estudios-varios","tag-efrain","tag-hijos-de-israel","tag-israel","tag-las-dos-casas","tag-olvio","tag-ovejas-perdidas","tag-rebano","tag-reino-de-israel","tag-reino-de-juda","tag-reino-del-norte","tag-reino-del-sur","tag-romanos-11","post_format-post-format-gallery"],"blocksy_meta":{"styles_descriptor":{"styles":{"desktop":"","tablet":"","mobile":""},"google_fonts":[],"version":7}},"jetpack_publicize_connections":[],"jetpack_likes_enabled":true,"jetpack_sharing_enabled":true,"jetpack_shortlink":"https:\/\/wp.me\/p5HWJ5-8bv","jetpack-related-posts":[],"brizy_media":[],"jetpack_featured_media_url":"","_links":{"self":[{"href":"https:\/\/atravesdelasescrituras.com\/es_es\/wp-json\/wp\/v2\/posts\/31465","targetHints":{"allow":["GET"]}}],"collection":[{"href":"https:\/\/atravesdelasescrituras.com\/es_es\/wp-json\/wp\/v2\/posts"}],"about":[{"href":"https:\/\/atravesdelasescrituras.com\/es_es\/wp-json\/wp\/v2\/types\/post"}],"author":[{"embeddable":true,"href":"https:\/\/atravesdelasescrituras.com\/es_es\/wp-json\/wp\/v2\/users\/80235555"}],"replies":[{"embeddable":true,"href":"https:\/\/atravesdelasescrituras.com\/es_es\/wp-json\/wp\/v2\/comments?post=31465"}],"version-history":[{"count":25,"href":"https:\/\/atravesdelasescrituras.com\/es_es\/wp-json\/wp\/v2\/posts\/31465\/revisions"}],"predecessor-version":[{"id":32817,"href":"https:\/\/atravesdelasescrituras.com\/es_es\/wp-json\/wp\/v2\/posts\/31465\/revisions\/32817"}],"wp:attachment":[{"href":"https:\/\/atravesdelasescrituras.com\/es_es\/wp-json\/wp\/v2\/media?parent=31465"}],"wp:term":[{"taxonomy":"category","embeddable":true,"href":"https:\/\/atravesdelasescrituras.com\/es_es\/wp-json\/wp\/v2\/categories?post=31465"},{"taxonomy":"post_tag","embeddable":true,"href":"https:\/\/atravesdelasescrituras.com\/es_es\/wp-json\/wp\/v2\/tags?post=31465"}],"curies":[{"name":"wp","href":"https:\/\/api.w.org\/{rel}","templated":true}]}}