{"id":31983,"date":"2016-12-15T21:43:23","date_gmt":"2016-12-15T21:43:23","guid":{"rendered":"https:\/\/atravesdelasescrituras.com\/2016\/12\/15\/januka-fiesta-de-la-dedicacion\/"},"modified":"2025-12-18T08:17:15","modified_gmt":"2025-12-18T07:17:15","slug":"januka-fiesta-de-la-dedicacion","status":"publish","type":"post","link":"https:\/\/atravesdelasescrituras.com\/es_es\/2016\/12\/15\/januka-fiesta-de-la-dedicacion\/","title":{"rendered":"Januka &#8211; Fiesta de la dedicaci\u00f3n"},"content":{"rendered":"<ul>\n<li class=\"p1\"><strong>Introducci\u00f3n:<\/strong><\/li>\n<\/ul>\n<p class=\"p1\"><span class=\"s1\"><b><i>Januka<\/i><\/b><\/span><span class=\"s1\"> es una fiesta hist\u00f3rica de Israel. &nbsp;Se celebra durante ocho d\u00edas, entre el 24 de Kislev al 2 de Tevet.&nbsp; En el calendario romano de este a\u00f1o, caer\u00e1 en las fechas del 20 de diciembre (<\/span><span class=\"s1\"><em>por la noche<\/em><\/span><span class=\"s1\">) al 28 de diciembre (<\/span><span class=\"s1\"><em>por la ma\u00f1ana<\/em><\/span><span class=\"s1\">).<\/span><span class=\"s1\"><img data-recalc-dims=\"1\" fetchpriority=\"high\" decoding=\"async\" data-attachment-id=\"31960\" data-permalink=\"https:\/\/atravesdelasescrituras.com\/es_es\/hanuka\/\" data-orig-file=\"https:\/\/atravesdelasescrituras.com\/wp-content\/uploads\/2016\/12\/hanuka.jpg\" data-orig-size=\"320,257\" data-comments-opened=\"1\" data-image-meta=\"{&quot;aperture&quot;:&quot;0&quot;,&quot;credit&quot;:&quot;&quot;,&quot;camera&quot;:&quot;&quot;,&quot;caption&quot;:&quot;&quot;,&quot;created_timestamp&quot;:&quot;0&quot;,&quot;copyright&quot;:&quot;&quot;,&quot;focal_length&quot;:&quot;0&quot;,&quot;iso&quot;:&quot;0&quot;,&quot;shutter_speed&quot;:&quot;0&quot;,&quot;title&quot;:&quot;&quot;,&quot;orientation&quot;:&quot;0&quot;}\" data-image-title=\"hanuka\" data-image-description=\"\" data-image-caption=\"\" data-large-file=\"https:\/\/atravesdelasescrituras.com\/wp-content\/uploads\/2016\/12\/hanuka.jpg\" src=\"https:\/\/i0.wp.com\/atravesdelasescrituras.com\/wp-content\/uploads\/2016\/12\/hanuka.jpg?resize=283%2C227&#038;ssl=1\" class=\"alignright wp-image-31960\" alt=\"hanuka.jpg\" width=\"283\" height=\"227\"><\/span><\/p>\n<p class=\"p3\"><span class=\"s1\">La fiesta de <\/span><span class=\"s1\"><i>Januka<\/i><\/span><span class=\"s1\"> celebra la re-dedicaci\u00f3n del Templo luego de haber sido profanado por los griegos.&nbsp; Por esa raz\u00f3n, esta fiesta se conoce en espa\u00f1ol como \u201c<\/span><span class=\"s1\"><b><em>Fiesta de la Dedicaci\u00f3n<\/em><\/b><\/span><span class=\"s1\">\u201d [<\/span><span class=\"s1\"><em>heb. <\/em><\/span><span class=\"s1\"><em><b>Januka<\/b><\/em><\/span><span class=\"s1\"><em> : consagraci\u00f3n o dedicaci\u00f3n<\/em><\/span><span class=\"s1\">].&nbsp; Tambi\u00e9n se conoce como la \u201c<\/span><span class=\"s1\"><b><em>Fiesta de las Luces<\/em><\/b><\/span><span class=\"s1\">\u201d, por las velas que se encienden cada d\u00eda como parte de la celebraci\u00f3n. <\/span><\/p>\n<p class=\"p3\"><span class=\"s1\"><i>Januka<\/i><\/span><span class=\"s1\"> no es una de las fiestas b\u00edblicas relacionadas con la Redenci\u00f3n, mencionadas en Lev\u00edtico 23. Sin embargo, s\u00ed se menciona en la Biblia y Jes\u00fas la celebr\u00f3.&nbsp;<\/span><\/p>\n<p class=\"p5\" style=\"text-align: center\"><span class=\"s2\">Juan 10:22-23 &#8211; \u00ab<\/span><span class=\"s1\"><i>En esos d\u00edas se celebraba en Jerusal\u00e9n la fiesta de la Dedicaci\u00f3n. Era invierno, y Jes\u00fas andaba por el templo, en el p\u00f3rtico de Salom\u00f3n\u00bb<\/i><\/span><\/p>\n<p class=\"p3\"><span class=\"s1\">Jes\u00fas viv\u00eda en Galilea, primero en Nazaret con su familia, y luego en Capernaum durante su ministerio. Cuando iba a Jerusal\u00e9n, era para celebrar las fiestas, incluyendo \u00e9sta.<\/span><\/p>\n<p class=\"p3\">Cuando aparece Jes\u00fas en Jerusal\u00e9n es porque iba a celebrar una fiesta, y Januka no es la excepci\u00f3n. &nbsp;Si el Se\u00f1or la celebr\u00f3, \u00bfpor qu\u00e9 nosotros no har\u00edamos lo mismo?<\/p>\n<hr>\n<ul>\n<li class=\"p3\"><span class=\"s1\"><b>Fiesta hist\u00f3rica y&nbsp;prof\u00e9tica:<\/b><\/span><\/li>\n<\/ul>\n<p class=\"p3\"><span class=\"s1\">Los eventos relacionados con <\/span><span class=\"s1\"><i>Januka<\/i><\/span><span class=\"s1\"> se dieron en el per\u00edodo hist\u00f3rico conocido como \u201c<\/span><span class=\"s1\"><em>inter-testamentario<\/em><\/span><span class=\"s1\">\u201d (<\/span><span class=\"s1\"><em>es decir, en el per\u00edodo de aproximadamente 400 a\u00f1os entre el Antiguo y el Nuevo Testamento<\/em><\/span><span class=\"s1\">).&nbsp; En ese tiempo, los&nbsp;griegos hab\u00edan conquistado la Tierra Prometida, y ten\u00edan sometida a toda la regi\u00f3n.&nbsp;<\/span><\/p>\n<figure id=\"attachment_31961\" aria-describedby=\"caption-attachment-31961\" style=\"width: 220px\" class=\"wp-caption alignright\"><img data-recalc-dims=\"1\" decoding=\"async\" data-attachment-id=\"31961\" data-permalink=\"https:\/\/atravesdelasescrituras.com\/es_es\/hanukkah1\/\" data-orig-file=\"https:\/\/atravesdelasescrituras.com\/wp-content\/uploads\/2016\/12\/hanukkah11.jpg\" data-orig-size=\"220,281\" data-comments-opened=\"1\" data-image-meta=\"{&quot;aperture&quot;:&quot;0&quot;,&quot;credit&quot;:&quot;&quot;,&quot;camera&quot;:&quot;&quot;,&quot;caption&quot;:&quot;&quot;,&quot;created_timestamp&quot;:&quot;0&quot;,&quot;copyright&quot;:&quot;&quot;,&quot;focal_length&quot;:&quot;0&quot;,&quot;iso&quot;:&quot;0&quot;,&quot;shutter_speed&quot;:&quot;0&quot;,&quot;title&quot;:&quot;&quot;,&quot;orientation&quot;:&quot;0&quot;}\" data-image-title=\"hanukkah1\" data-image-description=\"\" data-image-caption=\"\" data-large-file=\"https:\/\/atravesdelasescrituras.com\/wp-content\/uploads\/2016\/12\/hanukkah11.jpg\" src=\"https:\/\/i0.wp.com\/atravesdelasescrituras.com\/wp-content\/uploads\/2016\/12\/hanukkah11.jpg?resize=220%2C281&#038;ssl=1\" class=\"alignright size-full wp-image-31961\" alt=\"Hanukkah1.jpg\" width=\"220\" height=\"281\"><figcaption id=\"caption-attachment-31961\" class=\"wp-caption-text\"><em>Varias menorot utilizadas para la Januc\u00e1, de entre los siglos XII y XIX.<\/em><\/figcaption><\/figure>\n<p>&nbsp;<\/p>\n<p class=\"p3\"><span class=\"s1\">La historia de Januka se encuentra descrita en los libros de los Macabeos.<\/span><span class=\"s1\">&nbsp;La iglesia cat\u00f3lica incluy\u00f3 estos dos libros en su canon b\u00edblico (<\/span><span class=\"s1\"><em>deuterocan\u00f3nicos<\/em><\/span><span class=\"s1\">).&nbsp;<\/span><span class=\"s1\">Sin embargo, los jud\u00edos s\u00f3lo los reconocen como libros hist\u00f3ricos, al igual que los protestantes.&nbsp;<\/span><\/p>\n<p class=\"p3\"><span class=\"s1\"><i>Januka<\/i><\/span><span class=\"s1\"> no es una fiesta que se celebra por mandato b\u00edblico, pero s\u00ed como una celebraci\u00f3n hist\u00f3rica en la que se reconoce la salvaci\u00f3n milagrosa de Dios en un momento dif\u00edcil de la historia de Israel.<\/span><\/p>\n<p class=\"p3\"><span class=\"s1\">Pero Januka no s\u00f3lo tiene importancia hist\u00f3rica, sino tambi\u00e9n prof\u00e9tica.&nbsp; Lo que sucedi\u00f3 en el pasado volver\u00e1 a suceder en los \u00faltimos tiempos, tal como se profetiza en Daniel y Apocalipsis.&nbsp; Por ello es tan importante entender lo que sucedi\u00f3 en torno a esta fiesta.<\/span><\/p>\n<p class=\"p1\"><span class=\"s1\">Daniel profetiz\u00f3 sobre \u201c<\/span><span class=\"s1\"><em>la abominaci\u00f3n desoladora<\/em><\/span><span class=\"s1\">\u201d, que es la profanaci\u00f3n del Templo en Jerusal\u00e9n a manos de un l\u00edder pagano &#8211; (<\/span><span class=\"s1\"><em>Daniel 8:9-14<\/em><\/span><span class=\"s1\">).&nbsp; Esta profec\u00eda se cumpli\u00f3 en parte en tiempos de los Macabeos y Ant\u00edoco IV, cuando los griegos ten\u00edan control sobre Israel.&nbsp;<\/span><\/p>\n<figure id=\"attachment_31962\" aria-describedby=\"caption-attachment-31962\" style=\"width: 251px\" class=\"wp-caption alignleft\"><img data-recalc-dims=\"1\" decoding=\"async\" data-attachment-id=\"31962\" data-permalink=\"https:\/\/atravesdelasescrituras.com\/es_es\/antiochus-epiphanes\/\" data-orig-file=\"https:\/\/atravesdelasescrituras.com\/wp-content\/uploads\/2016\/12\/antiochus-epiphanes.jpg\" data-orig-size=\"400,296\" data-comments-opened=\"1\" data-image-meta=\"{&quot;aperture&quot;:&quot;0&quot;,&quot;credit&quot;:&quot;&quot;,&quot;camera&quot;:&quot;&quot;,&quot;caption&quot;:&quot;&quot;,&quot;created_timestamp&quot;:&quot;0&quot;,&quot;copyright&quot;:&quot;&quot;,&quot;focal_length&quot;:&quot;0&quot;,&quot;iso&quot;:&quot;0&quot;,&quot;shutter_speed&quot;:&quot;0&quot;,&quot;title&quot;:&quot;&quot;,&quot;orientation&quot;:&quot;0&quot;}\" data-image-title=\"antiochus-epiphanes\" data-image-description=\"\" data-image-caption=\"\" data-large-file=\"https:\/\/atravesdelasescrituras.com\/wp-content\/uploads\/2016\/12\/antiochus-epiphanes.jpg\" src=\"https:\/\/i0.wp.com\/atravesdelasescrituras.com\/wp-content\/uploads\/2016\/12\/antiochus-epiphanes.jpg?resize=251%2C186&#038;ssl=1\" class=\"alignleft wp-image-31962\" alt=\"antiochus-epiphanes.jpg\" width=\"251\" height=\"186\"><figcaption id=\"caption-attachment-31962\" class=\"wp-caption-text\"><em>Profanaci\u00f3n del templo por Ant\u00edoco Ep\u00edfanes<\/em><\/figcaption><\/figure>\n<p class=\"p1\"><span class=\"s1\">Podr\u00edamos pensar que esa profec\u00eda ya se cumpli\u00f3, y qued\u00f3 atr\u00e1s.&nbsp; Sin embargo, Jes\u00fas revel\u00f3 que esta profec\u00eda tendr\u00e1 un doble cumplimiento, pues <\/span>volver\u00eda<span class=\"s1\"> a <\/span>ocurrir tiempo<span class=\"s1\"> <\/span>despu\u00e9s<span class=\"s1\"> <\/span>(c.f <a href=\"https:\/\/atravesdelasescrituras.com\/2025\/08\/05\/sobre-la-abominacion-desoladora-por-charles-l-quarles\/\">Sobre la abominaci\u00f3n desoladora<\/a><span class=\"s1\">).&nbsp;<\/span><\/p>\n<p class=\"p1\"><span class=\"s1\">Este doble cumplimiento no debe extra\u00f1arnos porque se ha dado varias veces en la Biblia.&nbsp; El primero cumplimiento sirve de sombra al segundo. <\/span><\/p>\n<p class=\"p1\"><span class=\"s1\">Por ejemplo, el Cordero de Pascua en Egipto es sombra del Cordero de Dios que muri\u00f3 en la cruz en esa misma fecha y hora. El profeta Isa\u00edas lo explica de la siguiente manera:<\/span><\/p>\n<p class=\"p3\" style=\"text-align: center\"><span class=\"s2\">Isa\u00edas 46:9-10 &#8211; \u00ab<\/span><span class=\"s1\"><i>Acordaos de las cosas pasadas desde los tiempos antiguos; porque yo soy Dios, y no hay otro Dios, y nada hay semejante a m\u00ed, (10) que anuncio lo por venir desde el principio, y desde la antig\u00fcedad lo que a\u00fan no era hecho; que digo: Mi consejo permanecer\u00e1, y har\u00e9 todo lo que quiero\u00bb<\/i><\/span><\/p>\n<p class=\"p3\" style=\"text-align: center\"><span class=\"s2\">Isa\u00edas 41:22 &#8211; \u00ab<\/span><span class=\"s1\"><i>Traigan, an\u00fanciennos lo que ha de venir; d\u00edgannos lo que ha pasado desde el principio, y pondremos nuestro coraz\u00f3n en ello; sepamos tambi\u00e9n su postrimer\u00eda, y hacednos entender lo que ha de venir\u00bb<\/i><\/span><\/p>\n<p class=\"p1\"><span class=\"s1\">La Fiesta de Januka tiene un doble cumplimiento, y esto lo sabemos porque Jes\u00fas lo dijo claramente &#8211; (<\/span><span class=\"s1\"><em>Mateo 24 y Marcos 13<\/em><\/span><span class=\"s1\">):<\/span><\/p>\n<p class=\"p3\" style=\"text-align: center\"><span class=\"s2\">Marcos 13:14 &#8211; \u00ab<\/span><span class=\"s1\"><i>Pero cuando ve\u00e1is la abominaci\u00f3n desoladora de que habl\u00f3 el profeta Daniel, puesta donde no debe estar (el que lee, entienda), entonces los que est\u00e9n en Judea huyan a los montes\u00bb<\/i><\/span><\/p>\n<p class=\"p1\"><span class=\"s1\">Cuando Jes\u00fas dijo esto, ya hab\u00eda sucedido la primera \u201c<\/span><span class=\"s1\"><em>abominaci\u00f3n desoladora<\/em><\/span><span class=\"s1\">\u201d con Ant\u00edoco IV, pero se\u00f1al\u00f3 que se ver\u00eda una vez m\u00e1s como declara en el Serm\u00f3n del <\/span>monte<span class=\"s1\"> <\/span>de los olivos<span class=\"s1\">.<\/span><\/p>\n<p class=\"p3\" style=\"text-align: center\"><span class=\"s2\">Marcos 13:19-20 &#8211; \u00ab<\/span><span class=\"s1\"><i>porque aquellos d\u00edas ser\u00e1n de tribulaci\u00f3n cual nunca ha habido desde el principio de la creaci\u00f3n que Dios cre\u00f3, hasta este tiempo, ni la habr\u00e1.&nbsp; (20) Y si el Se\u00f1or no hubiese acortado aquellos d\u00edas, nadie ser\u00eda salvo; mas por causa de los escogidos que \u00e9l escogi\u00f3, acort\u00f3 aquellos d\u00edas\u00bb<\/i><\/span><\/p>\n<p class=\"p3\" style=\"text-align: center\"><span class=\"s2\">Marcos 13:23-31 &#8211; \u00ab<\/span><span class=\"s1\"><i>Mas vosotros mirad; os lo he dicho todo antes. (24) Pero en aquellos d\u00edas, despu\u00e9s de aquella tribulaci\u00f3n, el sol se oscurecer\u00e1, y la luna no dar\u00e1 su resplandor, (25) y las estrellas caer\u00e1n del cielo,&nbsp; y las potencias que est\u00e1n en los cielos ser\u00e1n conmovidas. (26) Entonces ver\u00e1n al Hijo del Hombre, que vendr\u00e1 en las nubes con gran poder y gloria. (27) Y entonces enviar\u00e1 sus \u00e1ngeles, y juntar\u00e1 a sus escogidos de los cuatro vientos, desde el extremo de la tierra hasta el extremo del cielo. (28) De la higuera aprended la par\u00e1bola: Cuando ya su rama est\u00e1 tierna, y brotan las hojas, sab\u00e9is que el verano est\u00e1 cerca.&nbsp; (29) As\u00ed tambi\u00e9n vosotros, cuando ve\u00e1is que suceden estas cosas, conoced que est\u00e1 cerca, a las puertas.&nbsp; (30) De cierto os digo, que no pasar\u00e1 esta generaci\u00f3n hasta que todo esto acontezca.&nbsp; (31) El cielo y la tierra pasar\u00e1n, pero mis palabras no pasar\u00e1n\u00bb<\/i><\/span><\/p>\n<p class=\"p1\"><span class=\"s1\">Tambi\u00e9n Daniel lleg\u00f3 a entender que la visi\u00f3n era una revelaci\u00f3n para los \u00faltimos tiempos.&nbsp; Luego de ver al \u201c<\/span><span class=\"s1\"><em>cuerno peque\u00f1o y la abominaci\u00f3n desoladora<\/em><\/span><span class=\"s1\">\u201d, \u00e9l se qued\u00f3 intrigado, y su curiosidad lo llev\u00f3 a buscar m\u00e1s revelaci\u00f3n\u2026<\/span><\/p>\n<p class=\"p3\" style=\"text-align: center\"><span class=\"s2\">Daniel 8:15-17 &#8211; \u00ab<\/span><span class=\"s1\"><i>Y aconteci\u00f3 que mientras yo Daniel consideraba la visi\u00f3n y procuraba comprenderla, he aqu\u00ed se puso delante de m\u00ed uno con apariencia de hombre. (16)Y o\u00ed una voz de hombre entre las riberas del Ulai, que grit\u00f3 y dijo:&nbsp; Gabriel, ense\u00f1a a \u00e9ste la visi\u00f3n. (17)Vino luego cerca de donde yo estaba; y con su venida me asombr\u00e9,&nbsp; y me postr\u00e9 sobre mi rostro.&nbsp; Pero \u00e9l me dijo: Entiende, hijo de hombre, porque la visi\u00f3n es para el tiempo del fin\u00bb<\/i><\/span><\/p>\n<p class=\"p1\" style=\"text-align: center\"><span class=\"s1\"><em>[Nota: El \u00e1ngel del Se\u00f1or le explic\u00f3 aun m\u00e1s cosas a Daniel de lo que iba a suceder, pero no lo comentaremos en esta ocasi\u00f3n para no desviarnos del tema actual).<\/em><\/span><\/p>\n<p class=\"p1\">Muchos<span class=\"s1\"> <\/span>interpreta<span class=\"s1\">n en la profec\u00eda b\u00edblica que el anticristo como una figura escatologica que <\/span>har\u00e1<span class=\"s1\"> un pacto de paz, y a Israel se le dar\u00e1 el derecho de construir el Templo. Pero tan pronto como est\u00e9 terminado, el anticristo entrar\u00e1, no solo profan\u00e1ndolo como Ant\u00edoco IV, sino que \u201c<\/span><span class=\"s1\"><em>se sentar\u00e1<\/em><\/span><span class=\"s1\">\u201d all\u00ed como un reto directo a Dios.&nbsp; Ese ser\u00e1 el cumplimiento final para los <\/span>literalistas y la hermen\u00e9utica dispensacionalista<span class=\"s1\"> de la \u201c<\/span><span class=\"s1\"><em>abominaci\u00f3n desoladora<\/em><\/span><span class=\"s1\">\u201d.&nbsp; Esto <\/span>seg\u00fan<span class=\"s1\"> este <\/span>pensamiento<span class=\"s1\"> <\/span>suceder\u00eda<span class=\"s1\"> a la mitad de los 7 a\u00f1os de la Tribulaci\u00f3n, cuando el anticristo est\u00e9 gobernando.<\/span><\/p>\n<p class=\"p3\" style=\"text-align: center\"><span class=\"s2\">Daniel&nbsp;9:25-27 &#8211; \u00ab<\/span><span class=\"s1\"><i>Sabe,&nbsp; pues,&nbsp; y entiende,&nbsp; que desde la salida de la orden para restaurar y edificar a Jerusal\u00e9n hasta el Mes\u00edas Pr\u00edncipe,&nbsp; habr\u00e1 siete semanas,&nbsp; y sesenta y dos semanas;&nbsp; se volver\u00e1 a edificar la plaza y el muro en tiempos angustiosos.&nbsp; (26)&nbsp; Y despu\u00e9s de las sesenta y dos semanas se quitar\u00e1 la vida al Mes\u00edas,&nbsp; mas no por s\u00ed;&nbsp; y el pueblo de un pr\u00edncipe que ha de venir destruir\u00e1 la ciudad y el santuario;&nbsp; y su fin ser\u00e1 con inundaci\u00f3n,&nbsp; y hasta el fin de la guerra durar\u00e1n las devastaciones.&nbsp; (27)&nbsp; Y por otra semana confirmar\u00e1 el pacto con muchos;&nbsp; a la mitad de la semana har\u00e1 cesar el sacrificio y la ofrenda.&nbsp; Despu\u00e9s con la muchedumbre de las abominaciones vendr\u00e1 el desolador,&nbsp; hasta que venga la consumaci\u00f3n,&nbsp; y lo que est\u00e1 determinado se derrame sobre el desolador\u00bb<\/i><\/span><\/p>\n<p class=\"p1\"><span class=\"s1\">Actualmente, los eventos del mundo <\/span>han<span class=\"s1\"> llevado a pensar en el <\/span>sensacionalismo<span class=\"s1\"> <\/span>prof\u00e9tico<span class=\"s1\"> a que se est\u00e1n alineando muchos detalles para que esto se pueda dar, y el Islam parece llenar todas las descripciones que se hacen del anticristo <\/span>seg\u00fan<span class=\"s1\"> muchos.&nbsp; <\/span><\/p>\n<p class=\"p1\"><span class=\"s1\"><em>Seg\u00fan la escatolog\u00eda isl\u00e1mica, su mes\u00edas (Mejedi) va a firmar un pacto de paz, en el que todo el mundo se someter\u00e1 a su gobierno, que durar\u00e1 por siete a\u00f1os.&nbsp; Al final de ese tiempo, se levantar\u00e1 un \u201canti-mejedi\u201d que tratar\u00e1 de destronarlo.\ufffc<\/em><\/span><span class=\"s1\">&nbsp; <\/span><\/p>\n<p class=\"p1\"><span class=\"s1\">No es casualidad que los palestinos y los isl\u00e1micos est\u00e9n obsesionados por ocupar Jerusal\u00e9n, y espec\u00edficamente el Monte del Templo (<\/span><span class=\"s1\"><em>a pesar que los sitios m\u00e1s importantes de adoraci\u00f3n para el Islam son la Meca y Medina<\/em><\/span><span class=\"s1\">).&nbsp; <\/span><\/p>\n<p class=\"p1\"><span class=\"s1\">Este inter\u00e9s por Jerusal\u00e9n es curioso, ya que en el Kor\u00e1n no aparece ni una sola menci\u00f3n de esta ciudad; por el contrario, en la Biblia aparece 811 veces, y se refiere a ella como \u201c<\/span><span class=\"s1\"><em>el lugar que Dios escogi\u00f3 para poner all\u00ed Su Nombre<\/em><\/span><span class=\"s1\">\u201d &#8211; (<\/span><span class=\"s1\"><em>1 Reyes 14:21; Deut. 12:5-7<\/em><\/span><span class=\"s1\">).<\/span><\/p>\n<figure id=\"attachment_31965\" aria-describedby=\"caption-attachment-31965\" style=\"width: 453px\" class=\"wp-caption aligncenter\"><img data-recalc-dims=\"1\" loading=\"lazy\" decoding=\"async\" data-attachment-id=\"31965\" data-permalink=\"https:\/\/atravesdelasescrituras.com\/es_es\/esquema-monte-del-templo\/\" data-orig-file=\"https:\/\/atravesdelasescrituras.com\/wp-content\/uploads\/2016\/12\/esquema-monte-del-templo.jpg\" data-orig-size=\"640,422\" data-comments-opened=\"1\" data-image-meta=\"{&quot;aperture&quot;:&quot;0&quot;,&quot;credit&quot;:&quot;&quot;,&quot;camera&quot;:&quot;&quot;,&quot;caption&quot;:&quot;&quot;,&quot;created_timestamp&quot;:&quot;0&quot;,&quot;copyright&quot;:&quot;&quot;,&quot;focal_length&quot;:&quot;0&quot;,&quot;iso&quot;:&quot;0&quot;,&quot;shutter_speed&quot;:&quot;0&quot;,&quot;title&quot;:&quot;&quot;,&quot;orientation&quot;:&quot;0&quot;}\" data-image-title=\"esquema-monte-del-templo\" data-image-description=\"\" data-image-caption=\"\" data-large-file=\"https:\/\/atravesdelasescrituras.com\/wp-content\/uploads\/2016\/12\/esquema-monte-del-templo.jpg\" src=\"https:\/\/i0.wp.com\/atravesdelasescrituras.com\/wp-content\/uploads\/2016\/12\/esquema-monte-del-templo.jpg?resize=453%2C299&#038;ssl=1\" class=\"aligncenter wp-image-31965\" alt=\"Esquema-Monte-del-Templo.jpg\" width=\"453\" height=\"299\"><figcaption id=\"caption-attachment-31965\" class=\"wp-caption-text\">Esquema Monte del Templo<\/figcaption><\/figure>\n<p class=\"p1\"><span class=\"s1\">Pablo tambi\u00e9n escribi\u00f3 sobre la manifestaci\u00f3n del anticristo:<\/span><\/p>\n<p class=\"p3\" style=\"text-align: center\"><span class=\"s2\">2 Tesalonicenses 2:3-8 &#8211; \u00ab<\/span><span class=\"s1\"><i>Nadie os enga\u00f1e en ninguna manera;&nbsp; porque no vendr\u00e1 sin que antes venga la apostas\u00eda,&nbsp; y se manifieste el hombre de pecado,&nbsp; el hijo de perdici\u00f3n,&nbsp; (4)&nbsp; el cual se opone y se levanta contra todo lo que se llama Dios o es objeto de culto;&nbsp; tanto que se sienta en el templo de Dios como Dios,&nbsp; haci\u00e9ndose pasar por Dios.&nbsp; (5)&nbsp; \u00bfNo os acord\u00e1is que cuando yo estaba todav\u00eda con vosotros,&nbsp; os dec\u00eda esto?&nbsp; (6)&nbsp; Y ahora vosotros sab\u00e9is lo que <\/i><\/span><span class=\"s1\"><i><img data-recalc-dims=\"1\" loading=\"lazy\" decoding=\"async\" data-attachment-id=\"31966\" data-permalink=\"https:\/\/atravesdelasescrituras.com\/es_es\/anticristo_2\/\" data-orig-file=\"https:\/\/atravesdelasescrituras.com\/wp-content\/uploads\/2016\/12\/anticristo_2.jpg\" data-orig-size=\"617,720\" data-comments-opened=\"1\" data-image-meta=\"{&quot;aperture&quot;:&quot;0&quot;,&quot;credit&quot;:&quot;&quot;,&quot;camera&quot;:&quot;&quot;,&quot;caption&quot;:&quot;&quot;,&quot;created_timestamp&quot;:&quot;0&quot;,&quot;copyright&quot;:&quot;&quot;,&quot;focal_length&quot;:&quot;0&quot;,&quot;iso&quot;:&quot;0&quot;,&quot;shutter_speed&quot;:&quot;0&quot;,&quot;title&quot;:&quot;&quot;,&quot;orientation&quot;:&quot;1&quot;}\" data-image-title=\"anticristo_2\" data-image-description=\"\" data-image-caption=\"\" data-large-file=\"https:\/\/atravesdelasescrituras.com\/wp-content\/uploads\/2016\/12\/anticristo_2.jpg\" src=\"https:\/\/i0.wp.com\/atravesdelasescrituras.com\/wp-content\/uploads\/2016\/12\/anticristo_2.jpg?resize=246%2C287&#038;ssl=1\" class=\"alignright wp-image-31966\" alt=\"anticristo_2.jpg\" width=\"246\" height=\"287\"><\/i><\/span><span class=\"s1\"><i>lo detiene,&nbsp; a fin de que a su debido tiempo se manifieste.&nbsp; (7) &nbsp;Porque ya est\u00e1 en acci\u00f3n el misterio de la iniquidad;&nbsp; s\u00f3lo que hay quien al presente lo detiene,&nbsp; hasta que \u00e9l a su vez sea quitado de en medio.&nbsp; (8)&nbsp; Y entonces se manifestar\u00e1 aquel inicuo,&nbsp; a quien el Se\u00f1or matar\u00e1 con el esp\u00edritu de su boca,&nbsp; y destruir\u00e1 con el resplandor de su venida\u00bb<\/i><\/span><\/p>\n<p class=\"p3\" style=\"text-align: center\"><span class=\"s1\">Lejos de especular <\/span>c\u00f3mo ser\u00e1<span class=\"s1\"> el <\/span>cumplimiento<span class=\"s1\"> <\/span>prof\u00e9tico<span class=\"s1\"> si es que la <\/span>abominaci\u00f3n<span class=\"s1\"> desoladora no <\/span>se cumpli\u00f3<span class=\"s1\"> ya alrededor del a\u00f1o 70<\/span><span class=\"s1\"><i> (ver <\/i><\/span><em>art\u00edculo<\/em><span class=\"s1\"><i> citado arriba sobre la <\/i><\/span><em>abominaci\u00f3n<\/em><span class=\"s1\"><i> desoladora) <\/i><\/span><span class=\"s1\">pasaremos<\/span><span class=\"s1\"><i> <\/i><\/span><span class=\"s1\">a describir los detalles <\/span>alrededor<span class=\"s1\"> de esta fiesta <\/span>hist\u00f3rica<span class=\"s1\"> de <\/span>Janukah<span class=\"s1\">.<\/span><\/p>\n<p style=\"padding-left: 30px\"><span class=\"s1\"><b>\u232a<\/b><\/span><span class=\"s1\"><b> &nbsp; &nbsp; Importancia de la Fiesta:<\/b><\/span><\/p>\n<p class=\"p1\"><span class=\"s1\">La fiesta de Januka no s\u00f3lo tiene importancia hist\u00f3rica sino prof\u00e9tica. Es importante estar conectado con la fiesta, porque \u00e9sta nos va a revelar mucho de lo que va a venir. Hay patrones en la historia que es \u00fatil que reconozcamos para estar advertidos y no cometer los mismos errores del pasado.<\/span><\/p>\n<hr>\n<ul>\n<li class=\"p3\"><strong>Trasfondo historico:<\/strong><\/li>\n<\/ul>\n<p class=\"p1\"><span class=\"s1\">La historia de Januka tom\u00f3 lugar en el per\u00edodo inter-testamentario, es decir en el per\u00edodo de 400 a\u00f1os entre el Antiguo y el Nuevo Testamento. En este per\u00edodo de la historia, el poder\u00edo del imperio medo-persa fue desplazado por los griegos, en especial por Alejandro Magno.<\/span><\/p>\n<p class=\"p1\" style=\"padding-left: 30px\"><span class=\"s1\"><b>\u232a<\/b><\/span><span class=\"s1\"><b> &nbsp; &nbsp;Alejandro Magno:<\/b><\/span><\/p>\n<p class=\"p1\"><span class=\"s1\">\u00c9l era el pr\u00edncipe de Macedonia, la norte de Grecia.&nbsp; El iba a heredar el trono de su padre, pero su reino le pareci\u00f3 muy peque\u00f1o. No se conform\u00f3 con Macedonia, ni aun toda Grecia, pues \u00e9l quer\u00eda conquistar el mundo entero. En cierta forma, lo logr\u00f3. Su imperio lleg\u00f3 a abarcar todo el territorio que va desde Grecia y Egipto hasta la India. Su conquista no s\u00f3lo era militar, sino tambi\u00e9n cultural. \u00c9l quer\u00eda helenizar a todo el mundo.<\/span><\/p>\n<figure id=\"attachment_31741\" aria-describedby=\"caption-attachment-31741\" style=\"width: 325px\" class=\"wp-caption aligncenter\"><img data-recalc-dims=\"1\" loading=\"lazy\" decoding=\"async\" data-attachment-id=\"31741\" data-permalink=\"https:\/\/atravesdelasescrituras.com\/es_es\/2016\/11\/28\/10-regreso-del-exilio\/alejandro-magno\/\" data-orig-file=\"https:\/\/atravesdelasescrituras.com\/wp-content\/uploads\/2016\/11\/alejandro-magno.jpg\" data-orig-size=\"640,360\" data-comments-opened=\"1\" data-image-meta=\"{&quot;aperture&quot;:&quot;0&quot;,&quot;credit&quot;:&quot;&quot;,&quot;camera&quot;:&quot;&quot;,&quot;caption&quot;:&quot;&quot;,&quot;created_timestamp&quot;:&quot;0&quot;,&quot;copyright&quot;:&quot;&quot;,&quot;focal_length&quot;:&quot;0&quot;,&quot;iso&quot;:&quot;0&quot;,&quot;shutter_speed&quot;:&quot;0&quot;,&quot;title&quot;:&quot;&quot;,&quot;orientation&quot;:&quot;0&quot;}\" data-image-title=\"alejandro-magno\" data-image-description=\"\" data-image-caption=\"\" data-large-file=\"https:\/\/atravesdelasescrituras.com\/wp-content\/uploads\/2016\/11\/alejandro-magno.jpg\" src=\"https:\/\/i0.wp.com\/atravesdelasescrituras.com\/wp-content\/uploads\/2016\/11\/alejandro-magno.jpg?resize=325%2C183&#038;ssl=1\" class=\"aligncenter wp-image-31741\" alt=\"alejandro-magno\" width=\"325\" height=\"183\"><figcaption id=\"caption-attachment-31741\" class=\"wp-caption-text\"><em>Alejandro Magno<\/em><\/figcaption><\/figure>\n<p class=\"p1\" style=\"padding-left: 30px\"><span class=\"s1\"><em>i. Def &#8211; \u201chelenizar\u201d: &nbsp;<\/em><\/span><span class=\"s1\"><em>Hacer que una persona o cosa adopte rasgos de la cultura de la Grecia cl\u00e1sica.<\/em><\/span><\/p>\n<p class=\"p1\"><span class=\"s1\">Alejandro muri\u00f3 muy joven, a los 32 a\u00f1os.&nbsp; Como no ten\u00eda heredero, su reino fue repartido entre sus cuatro generales:<\/span><\/p>\n<ol>\n<li class=\"p1\"><span class=\"s1\">Casandro se qued\u00f3 con\u2026Grecia.<\/span><\/li>\n<li class=\"p1\">Lis\u00edmaco\u2026con Asia Menor.<\/li>\n<li class=\"p1\">Seleuco\u2026con Siria y Babilonia.<\/li>\n<li class=\"p1\">Ptolomeo\u2026con Egipto.<\/li>\n<\/ol>\n<p class=\"p1\"><span class=\"s1\">Al dividirse el imperio de Alejandro Magno, Israel qued\u00f3 en una posici\u00f3n dif\u00edcil, ya que se encontraba en la frontera de dos de las divisiones. Primero, qued\u00f3 bajo el dominio de los Ptolomeos (<\/span><span class=\"s1\"><em>Egipto<\/em><\/span><span class=\"s1\">), pero luego de un choque militar pas\u00f3 al dominio de los Sel\u00e9ucidas (<\/span><span class=\"s1\"><em>Siria<\/em><\/span><span class=\"s1\">).<\/span><\/p>\n<hr>\n<ul>\n<li class=\"p1\"><span class=\"s1\"><b>Conquista militar y cultural:<\/b><\/span><\/li>\n<\/ul>\n<p class=\"p1\"><span class=\"s1\">Los griegos no s\u00f3lo eran conquistadores militares, sino tambi\u00e9n culturales. A donde quiera que iban, dejaban su influencia cultural. Ellos consideraban que su cultura era superior a los dem\u00e1s pueblos, a quienes consideraban incivilizados. En ese sentido, no se miraban a s\u00ed mismos como conquistadores, sino como precursores y hasta salvadores. Casi todos los<\/span><\/p>\n<figure id=\"attachment_31967\" aria-describedby=\"caption-attachment-31967\" style=\"width: 254px\" class=\"wp-caption alignright\"><img data-recalc-dims=\"1\" loading=\"lazy\" decoding=\"async\" data-attachment-id=\"31967\" data-permalink=\"https:\/\/atravesdelasescrituras.com\/es_es\/dioses-griegos\/\" data-orig-file=\"https:\/\/atravesdelasescrituras.com\/wp-content\/uploads\/2016\/12\/dioses-griegos.jpg\" data-orig-size=\"408,290\" data-comments-opened=\"1\" data-image-meta=\"{&quot;aperture&quot;:&quot;0&quot;,&quot;credit&quot;:&quot;&quot;,&quot;camera&quot;:&quot;&quot;,&quot;caption&quot;:&quot;&quot;,&quot;created_timestamp&quot;:&quot;0&quot;,&quot;copyright&quot;:&quot;&quot;,&quot;focal_length&quot;:&quot;0&quot;,&quot;iso&quot;:&quot;0&quot;,&quot;shutter_speed&quot;:&quot;0&quot;,&quot;title&quot;:&quot;&quot;,&quot;orientation&quot;:&quot;0&quot;}\" data-image-title=\"dioses-griegos\" data-image-description=\"\" data-image-caption=\"\" data-large-file=\"https:\/\/atravesdelasescrituras.com\/wp-content\/uploads\/2016\/12\/dioses-griegos.jpg\" src=\"https:\/\/i0.wp.com\/atravesdelasescrituras.com\/wp-content\/uploads\/2016\/12\/dioses-griegos.jpg?resize=254%2C181&#038;ssl=1\" class=\"alignright wp-image-31967\" alt=\"dioses-griegos.jpg\" width=\"254\" height=\"181\"><figcaption id=\"caption-attachment-31967\" class=\"wp-caption-text\"><em>dioses griegos<\/em><\/figcaption><\/figure>\n<p class=\"p1\"><span class=\"s1\">pueblos que los griegos conquistaban, recib\u00edan como la cultura hel\u00e9nica como un progreso, pero en Israel fue diferente pues all\u00ed no hab\u00eda un vac\u00edo cultural ni intelectual. Al contrario, se toparon con un pueblo que ten\u00eda una cultura avanzada, con una filosof\u00eda de vida bien definida y una educaci\u00f3n superior a los dem\u00e1s pueblos.&nbsp; <\/span><\/p>\n<p class=\"p1\"><span class=\"s1\">Al principio, los jud\u00edos se sintieron aliviados de tratar con un pueblo que estaba cultural e intelectualmente m\u00e1s avanzado que sus otros vecinos.&nbsp; Pero esta alegr\u00eda no les dur\u00f3 mucho tiempo, ya que pronto se dieron cuenta que el pensamiento griego era muy contrario al hebreo. &nbsp;<\/span><\/p>\n<hr>\n<ul>\n<li class=\"p1\"><span class=\"s1\"><b>Mentalidad Griega VS Mentalidad Hebrea:<\/b><\/span><\/li>\n<\/ul>\n<p><span class=\"s1\">A continuaci\u00f3n veremos unos ejemplos de los contrastes de mentalidad entre los jud\u00edos y los griegos. <\/span><\/p>\n<p style=\"padding-left: 30px\"><span class=\"s1\">\u232a<\/span><span class=\"s1\"> &nbsp; Soberan\u00eda:<\/span><\/p>\n<p class=\"p1\"><span class=\"s1\">Pensamiento griego: <\/span><\/p>\n<p class=\"p4\"><span class=\"s1\">El hombre es el centro de todo. Es soberano y controla su vida y su ambiente. Todo lo que hace pensando en su beneficio&nbsp; <\/span><\/p>\n<p class=\"p1\"><span class=\"s1\">Pensamiento hebreo: <\/span><\/p>\n<p class=\"p5\"><span class=\"s1\">Dios est\u00e1 en control de todo. El hombre es socio de Dios, pero est\u00e1 subordinado a \u00c9l y debe someterse al orden divino.<\/span><\/p>\n<p class=\"p3\" style=\"padding-left: 30px\"><span class=\"s1\">\u232a<\/span><span class=\"s1\"> &nbsp; Relaci\u00f3n entre Dios y los hombres:<\/span><\/p>\n<p class=\"p1\"><span class=\"s1\">Pensamiento griego:<\/span><span class=\"s2\">&nbsp;&nbsp;<\/span><\/p>\n<p class=\"p4\"><span class=\"s1\">Ten\u00edan muchos dioses, para cada actividad. Los dioses griegos fueron hechos a la imagen del hombre, y tienen sus mismas pasiones y debilidades<\/span><\/p>\n<p class=\"p1\"><span class=\"s1\">Pensamiento hebreo: <\/span><\/p>\n<p class=\"p5\"><span class=\"s1\">El hombre es hecho a la imagen de Dios, por lo tanto, deben actuar como \u00c9l.<\/span><\/p>\n<p class=\"p3\" style=\"padding-left: 30px\"><span class=\"s1\">\u232a<\/span><span class=\"s1\"> &nbsp; Naturaleza:<\/span><\/p>\n<p class=\"p1\"><span class=\"s1\">Pensamiento griego:<\/span><\/p>\n<p class=\"p4\"><span class=\"s1\">Adoran la naturaleza, pero tratan de dominarla.<\/span><\/p>\n<p class=\"p1\"><span class=\"s1\">Pensamiento hebreo:<\/span><\/p>\n<p class=\"p4\"><span class=\"s1\">Reconocen que todo fue creado por Dios, y \u00c9l estableci\u00f3 el orden en que el universo funciona y lo sustenta.<\/span><\/p>\n<p class=\"p3\" style=\"padding-left: 30px\"><span class=\"s1\">\u232a<\/span><span class=\"s1\"> &nbsp; Apariencia vs. Esencia:<\/span><\/p>\n<p class=\"p1\"><span class=\"s1\">Pensamiento griego: <\/span><\/p>\n<p class=\"p4\"><span class=\"s1\">Su \u00e9nfasis est\u00e1 en lo exterior, y se dejan llevar mucho por la apariencia.&nbsp; Invierten mucho en la belleza exterior. <\/span><\/p>\n<p class=\"p1\"><span class=\"s1\">Pensamiento hebreo: <\/span><\/p>\n<p class=\"p5\"><span class=\"s1\">Ponen \u00e9nfasis en lo interior, en el desarrollo intelectual y espiritual, m\u00e1s que en la apariencia f\u00edsica.<\/span><\/p>\n<p class=\"p3\" style=\"padding-left: 30px\"><span class=\"s1\">\u232a<\/span><span class=\"s1\"> &nbsp; Fe vs. Raz\u00f3n:<\/span><\/p>\n<p class=\"p1\"><span class=\"s1\">Pensamiento griego:<\/span><\/p>\n<p class=\"p4\"><span class=\"s1\">Creen que la raz\u00f3n humana tiene la respuesta a todo. La realidad es solamente lo que uno puede ver y comprobar.&nbsp; Se llevan por el lema: <\/span><\/p>\n<p class=\"p4\" style=\"text-align: center\"><span class=\"s1\">\u201c<\/span><span class=\"s1\"><i>Si no lo veo, no lo creo<\/i><\/span><span class=\"s1\">\u201d<\/span><\/p>\n<p class=\"p1\"><span class=\"s1\">Pensamiento hebreo: <\/span><\/p>\n<p class=\"p5\"><span class=\"s1\">Creen que la respuesta a todo est\u00e1 en Dios. No desechan el intelecto, pero reconocen que la raz\u00f3n humana es limitada. Reconocen que hay una realidad espiritual que est\u00e1 sobre la realidad f\u00edsica. M\u00e1s que la raz\u00f3n, su valor principal est\u00e1 en la fe en Dios.&nbsp; \u201c<\/span><span class=\"s1\"><i>La fe es la certeza de lo que se espera y la convicci\u00f3n de lo que no se ve.<\/i><\/span><span class=\"s1\">\u201d (<\/span><span class=\"s1\"><em>Heb. 11:1<\/em><\/span><span class=\"s1\">)<\/span><\/p>\n<p class=\"p1\"><span class=\"s1\">Este choque de mentalidad se hace evidente aun el d\u00eda de hoy, en especial en el mundo occidental donde el pensamiento griego ha tenido tanta influencia.<\/span><\/p>\n<p class=\"p1\"><span class=\"s1\">No deber\u00eda sorprendernos, ya que Zacar\u00edas profetiz\u00f3 que esto ocurrir\u00eda <\/span><span class=\"s1\"><i>antes<\/i><\/span><span class=\"s1\"> de la Venida del Se\u00f1or.<\/span><\/p>\n<p class=\"p8\" style=\"text-align: center\"><em><span class=\"s3\">Zacar\u00edas 9:13-14 &#8211; \u00ab<\/span><span class=\"s1\">Porque entesar\u00e9 a Jud\u00e1 como mi arco, y cargar\u00e9 el arco con Efra\u00edn. Incitar\u00e9 a tus hijos, oh Sion, contra tus hijos, oh Grecia, y te har\u00e9 como espada de guerrero.&nbsp; (14)&nbsp; Entonces el SE\u00d1OR aparecer\u00e1 sobre ellos, y saldr\u00e1 como un rayo su flecha; el Se\u00f1or DIOS tocar\u00e1 la trompeta, y caminar\u00e1 en los torbellinos del sur\u00bb<\/span><\/em><\/p>\n<hr>\n<ul>\n<li class=\"p8\" style=\"text-align: left\"><strong>Helenizaci\u00f3n:<\/strong><\/li>\n<\/ul>\n<p class=\"p1\"><span class=\"s1\">En la entrada pasada vimos algunas de las diferencias entre el pensamiento griego y el jud\u00edo.&nbsp; Por ello, hubo un choque cultural entre ambos pueblos cuando los griegos dominaron Israel pol\u00edtica y militarmente en el per\u00edodo intertestamentario.<\/span><\/p>\n<p class=\"p1\"><span class=\"s1\">Al principio, los griegos respetaron al pueblo jud\u00edo y sus costumbres, esperando convencerlos con el tiempo de la supuesta \u201csuperioridad\u201d del pensamiento griego.&nbsp; De hecho, convencieron a muchos, los cuales adoptaron la forma de vida griega.&nbsp; Esto se conoce como \u201c<\/span><span class=\"s1\"><em>helenizaci\u00f3n<\/em><\/span><span class=\"s1\">\u201d (<\/span><span class=\"s1\"><em>de la palabra&nbsp;<\/em><\/span><span class=\"s1\"><em><b>Hellas<\/b><\/em><\/span><span class=\"s1\"><em>: Grecia<\/em><\/span><span class=\"s1\">).&nbsp;<\/span><\/p>\n<figure id=\"attachment_31968\" aria-describedby=\"caption-attachment-31968\" style=\"width: 586px\" class=\"wp-caption aligncenter\"><img data-recalc-dims=\"1\" loading=\"lazy\" decoding=\"async\" data-attachment-id=\"31968\" data-permalink=\"https:\/\/atravesdelasescrituras.com\/es_es\/helenizacion\/\" data-orig-file=\"https:\/\/atravesdelasescrituras.com\/wp-content\/uploads\/2016\/12\/helenizacion.jpg\" data-orig-size=\"800,384\" data-comments-opened=\"1\" data-image-meta=\"{&quot;aperture&quot;:&quot;0&quot;,&quot;credit&quot;:&quot;&quot;,&quot;camera&quot;:&quot;&quot;,&quot;caption&quot;:&quot;&quot;,&quot;created_timestamp&quot;:&quot;0&quot;,&quot;copyright&quot;:&quot;&quot;,&quot;focal_length&quot;:&quot;0&quot;,&quot;iso&quot;:&quot;0&quot;,&quot;shutter_speed&quot;:&quot;0&quot;,&quot;title&quot;:&quot;&quot;,&quot;orientation&quot;:&quot;0&quot;}\" data-image-title=\"helenizacion\" data-image-description=\"\" data-image-caption=\"\" data-large-file=\"https:\/\/atravesdelasescrituras.com\/wp-content\/uploads\/2016\/12\/helenizacion.jpg\" src=\"https:\/\/i0.wp.com\/atravesdelasescrituras.com\/wp-content\/uploads\/2016\/12\/helenizacion.jpg?resize=586%2C281&#038;ssl=1\" class=\"aligncenter wp-image-31968\" alt=\"Helenizacion.jpg\" width=\"586\" height=\"281\"><figcaption id=\"caption-attachment-31968\" class=\"wp-caption-text\">Helenizaci\u00f3n<\/figcaption><\/figure>\n<p class=\"p1\"><span class=\"s1\">Pero no todo se helenizaron\u2026<\/span><\/p>\n<hr>\n<ul>\n<li class=\"p3\"><span class=\"s1\"><b>Conflicto interno:<\/b><\/span><\/li>\n<\/ul>\n<p class=\"p3\"><span class=\"s1\">El conflicto entre la mentalidad griega y hebrea no s\u00f3lo proven\u00eda de los conquistadores.&nbsp; Tambi\u00e9n hab\u00eda un conflicto interno, una tensi\u00f3n entre los jud\u00edos helenizados y los que quer\u00edan mantenerse fieles a su fe y a sus tradiciones. <\/span><\/p>\n<p class=\"p1\"><span class=\"s1\">Los jud\u00edos helenizados pidieron ayuda al rey hel\u00e9nico de Siria, Ant\u00edoco IV (<\/span><span class=\"s1\"><em>descendiente de Seleuco<\/em><\/span><span class=\"s1\">). Le solicitaron que interviniera en la naci\u00f3n de Israel para forzar la helenizaci\u00f3n.&nbsp;<\/span><\/p>\n<p class=\"p1\"><span class=\"s1\">Para tal efecto, el rey Ant\u00edoco emiti\u00f3 un decreto en el que prohib\u00edan varios aspectos de la religi\u00f3n jud\u00eda:<\/span><\/p>\n<ul class=\"ul1\">\n<li class=\"li5\"><span class=\"s1\">Prohibieron el estudio de la Tor\u00e1.<\/span><\/li>\n<li class=\"li5\"><span class=\"s1\">Prohibieron el reposo en el Shabat.<\/span><\/li>\n<li class=\"li5\"><span class=\"s1\">Prohibieron celebrar la Luna Nueva y el seguimiento del calendario hebreo.<\/span><\/li>\n<li class=\"li5\"><span class=\"s1\">Prohibieron hacer circuncisiones.<\/span><\/li>\n<li class=\"li5\"><span class=\"s1\">Obligaron a las novias a pasar una noche con un general griego antes de la boda.<\/span><\/li>\n<\/ul>\n<p class=\"p3\"><span class=\"s1\">Los jud\u00edos que rehusaban a helenizarse eran perseguidos, y a\u00fan torturados.<\/span><span class=\"s1\"><img data-recalc-dims=\"1\" loading=\"lazy\" decoding=\"async\" data-attachment-id=\"31969\" data-permalink=\"https:\/\/atravesdelasescrituras.com\/es_es\/el-fin-inquisicion-espanola-l-tttrjl\/\" data-orig-file=\"https:\/\/atravesdelasescrituras.com\/wp-content\/uploads\/2016\/12\/el-fin-inquisicion-espanola-l-tttrjl.jpeg\" data-orig-size=\"300,300\" data-comments-opened=\"1\" data-image-meta=\"{&quot;aperture&quot;:&quot;0&quot;,&quot;credit&quot;:&quot;&quot;,&quot;camera&quot;:&quot;&quot;,&quot;caption&quot;:&quot;&quot;,&quot;created_timestamp&quot;:&quot;0&quot;,&quot;copyright&quot;:&quot;&quot;,&quot;focal_length&quot;:&quot;0&quot;,&quot;iso&quot;:&quot;0&quot;,&quot;shutter_speed&quot;:&quot;0&quot;,&quot;title&quot;:&quot;&quot;,&quot;orientation&quot;:&quot;0&quot;}\" data-image-title=\"el-fin-inquisicion-espanola-l-tttrjl\" data-image-description=\"\" data-image-caption=\"\" data-large-file=\"https:\/\/atravesdelasescrituras.com\/wp-content\/uploads\/2016\/12\/el-fin-inquisicion-espanola-l-tttrjl.jpeg\" src=\"https:\/\/i0.wp.com\/atravesdelasescrituras.com\/wp-content\/uploads\/2016\/12\/el-fin-inquisicion-espanola-l-tttrjl.jpeg?resize=214%2C214&#038;ssl=1\" class=\"alignright wp-image-31969\" alt=\"el-fin-inquisicion-espanola-L-TTtRJL.jpeg\" width=\"214\" height=\"214\"><\/span><\/p>\n<p class=\"p1\"><span class=\"s1\">La intervenci\u00f3n de Ant\u00edoco IV los llev\u00f3 a una guerra militar contra los fieles del pueblo jud\u00edo, y finalmente la profanaci\u00f3n del Templo en Jerusal\u00e9n.&nbsp; Esta fue parte del cumplimiento de la profec\u00eda de Daniel, que describi\u00f3 como la \u201c<\/span><span class=\"s1\"><em>abominaci\u00f3n desoladora<\/em><\/span><span class=\"s1\">\u201d.&nbsp;<\/span><\/p>\n<p class=\"p6\" style=\"text-align: center\"><span class=\"s2\">Daniel 11:31-33 &#8211; <\/span><span class=\"s2\"><em>\u00ab<\/em><\/span><em><span class=\"s1\">Y se levantar\u00e1n brazos de su parte; y contaminar\u00e1n el santuario de fortaleza, y quitar\u00e1n el continuo sacrificio, y pondr\u00e1n la abominaci\u00f3n desoladora. (32) Y con lisonjas har\u00e1 pecar a los violadores del pacto; mas el pueblo que conoce a su Dios, se esforzar\u00e1 y har\u00e1 proezas. (33) Y los sabios del pueblo instruir\u00e1n a muchos; pero caer\u00e1n a espada y a fuego, en cautividad y despojo, por muchos d\u00edas\u00bb<\/span><\/em><\/p>\n<p class=\"p3\"><span class=\"s1\">Jes\u00fas explic\u00f3 que la profanaci\u00f3n del Templo por Ant\u00edoco fue s\u00f3lo la sombra, porque en los \u00faltimos tiempos volver\u00e1 a suceder. <\/span><\/p>\n<p class=\"p6\" style=\"text-align: center\"><span class=\"s2\">Mateo 24:15 &#8211; <\/span><span class=\"s2\"><em>\u00ab<\/em><\/span><em><span class=\"s1\">Por tanto, cuando viereis la abominaci\u00f3n desoladora, que fue dicha por el profeta Daniel, que estar\u00e1 en el lugar santo (el que lee, entienda)\u00bb<\/span><\/em><\/p>\n<p class=\"p3\"><span class=\"s1\">Hoy en d\u00eda vemos en la Iglesia un conflicto similar, entre los que se quieren adaptar al mundo y los que quieren seguir fieles a los principios de la Biblia. &nbsp;Los que sean fieles a la verdad del Reino de Dios ser\u00e1n perseguidos, aun por los otros creyentes que han sido asimilados.&nbsp; Y veremos otra vez la \u201cabominaci\u00f3n desoladora\u201d. <\/span><\/p>\n<p class=\"p6\" style=\"text-align: center\"><span class=\"s2\">Mateo 24:21-22 &#8211; <\/span><span class=\"s2\"><em>\u00ab<\/em><\/span><em><span class=\"s1\">porque habr\u00e1 entonces gran tribulaci\u00f3n, cual no ha habido desde el principio del mundo hasta ahora, ni jam\u00e1s habr\u00e1.&nbsp; (22)&nbsp; Y si aquellos d\u00edas no fuesen acortados, ninguna carne ser\u00eda salva; mas por causa de los escogidos, aquellos d\u00edas ser\u00e1n acortados\u00bb<\/span><\/em><\/p>\n<hr>\n<ul>\n<li class=\"p3\"><span class=\"s1\"><b>Antioco Epifanes:<\/b><\/span><\/li>\n<\/ul>\n<p class=\"p3\"><span class=\"s1\">El rey de Siria se llamaba Ant\u00edoco, pero \u00e9l se autodenomin\u00f3 \u201c<\/span><span class=\"s1\"><em>Ep\u00edfanes<\/em><\/span><span class=\"s1\">\u201d, que significa \u201c<\/span><span class=\"s1\"><em>Dios manifiesto<\/em><\/span><span class=\"s1\">\u201d.&nbsp; \u00c9l se cre\u00eda dios y quer\u00eda que lo adoraran como tal. Pero como los jud\u00edos s\u00f3lo adoran a Dios, \u00e9l estaba determinado a destruir su religi\u00f3n y su cultura.&nbsp; Invadi\u00f3 el Templo en Jerusal\u00e9n y lo convirti\u00f3 en un templo para el dios Zeus.<\/span><\/p>\n<figure id=\"attachment_31970\" aria-describedby=\"caption-attachment-31970\" style=\"width: 382px\" class=\"wp-caption aligncenter\"><img data-recalc-dims=\"1\" loading=\"lazy\" decoding=\"async\" data-attachment-id=\"31970\" data-permalink=\"https:\/\/atravesdelasescrituras.com\/es_es\/antioco-epifanes\/\" data-orig-file=\"https:\/\/atravesdelasescrituras.com\/wp-content\/uploads\/2016\/12\/antioco-epifanes.jpg\" data-orig-size=\"750,365\" data-comments-opened=\"1\" data-image-meta=\"{&quot;aperture&quot;:&quot;0&quot;,&quot;credit&quot;:&quot;&quot;,&quot;camera&quot;:&quot;&quot;,&quot;caption&quot;:&quot;&quot;,&quot;created_timestamp&quot;:&quot;0&quot;,&quot;copyright&quot;:&quot;&quot;,&quot;focal_length&quot;:&quot;0&quot;,&quot;iso&quot;:&quot;0&quot;,&quot;shutter_speed&quot;:&quot;0&quot;,&quot;title&quot;:&quot;&quot;,&quot;orientation&quot;:&quot;1&quot;}\" data-image-title=\"antioco-epifanes\" data-image-description=\"\" data-image-caption=\"\" data-large-file=\"https:\/\/atravesdelasescrituras.com\/wp-content\/uploads\/2016\/12\/antioco-epifanes.jpg\" src=\"https:\/\/i0.wp.com\/atravesdelasescrituras.com\/wp-content\/uploads\/2016\/12\/antioco-epifanes.jpg?resize=382%2C186&#038;ssl=1\" class=\"aligncenter wp-image-31970\" alt=\"antioco epifanes.jpg\" width=\"382\" height=\"186\"><figcaption id=\"caption-attachment-31970\" class=\"wp-caption-text\">Ant\u00edoco Epifanes<\/figcaption><\/figure>\n<p class=\"p6\" style=\"text-align: center\"><span class=\"s2\">II Macabeos 6:1-2 &#8211; <\/span><span class=\"s2\"><em>\u00ab<\/em><\/span><em><span class=\"s1\">Poco tiempo despu\u00e9s, el rey envi\u00f3 a un consejero ateniense para que obligara a los jud\u00edos a abandonar las costumbres de sus padres y a no vivir conforme a las leyes de Dios; a profanar el Templo de Jerusal\u00e9n, dedic\u00e1ndolo a J\u00fapiter Ol\u00edmpico, y a dedicar el del monte Gariz\u00edm a J\u00fapiter Hospitalario, conforme a la idiosincrasia de los habitantes de aquel lugar. Este recrudecimiento del mal se hac\u00eda penoso e insoportable para todos\u00bb<\/span><\/em><\/p>\n<p class=\"p1\"><span class=\"s1\">En los siguientes d\u00edas, publicar\u00e9 trozos de la narrativa de los libros de los Macabeos, para que vayan familiariz\u00e1ndose con la historia. <\/span><span class=\"s1\">Pero les invito a que no s\u00f3lo lo vean como \u201c<\/span><span class=\"s1\"><em>historia<\/em><\/span><span class=\"s1\">\u201d del pasado en un lugar lejano, sino que lo proyecten al futuro, cuando se cumpla por completo la profec\u00eda de Daniel. Tal como Jes\u00fas explic\u00f3, la abominaci\u00f3n desoladora volver\u00e1 a ocurrir &#8211; (<\/span><span class=\"s1\"><em>Mat. 24:9-22<\/em><\/span><span class=\"s1\">). Ant\u00edoco es una sombra del Anticristo, el cual demandar\u00e1 adoraci\u00f3n y perseguir\u00e1 a los creyentes del Dios verdadero.&nbsp; Nosotros haremos bien en aprender de la historia\u2026<\/span><\/p>\n<hr>\n<ul>\n<li class=\"p1\"><strong>El libro de los Macabeos:<\/strong><\/li>\n<\/ul>\n<p class=\"p1\"><span class=\"s1\">La historia de Januka se encuentra en los libros hist\u00f3ricos de los <\/span><span class=\"s1\"><b>Macabeos<\/b><\/span><span class=\"s1\">.<\/span><\/p>\n<p class=\"p1\"><span class=\"s1\">El <\/span><span class=\"s1\"><b>primer libro<\/b><\/span><span class=\"s1\"> de los Macabeos narra la historia de Israel en el siglo 2 a.C.&nbsp; En esa \u00e9poca, el territorio de Israel hab\u00eda ca\u00eddo bajo el dominio de los reyes griegos que sucedieron a Alejandro Magno.&nbsp; Estos reyes, a veces ayudados por algunos jud\u00edos helenizados, quisieron imponer en Israel las costumbres paganas (<\/span><span class=\"s1\"><em>cap. 1<\/em><\/span><span class=\"s1\">). Sin embargo, otros jud\u00edos se rebelaron, bajo la direcci\u00f3n del sacerdote Matat\u00edas y sus hijos (<\/span><span class=\"s1\"><em>cap. 2<\/em><\/span><span class=\"s1\">).&nbsp; Aun despu\u00e9s que Matat\u00edas muriera, la rebeli\u00f3n sigui\u00f3&nbsp; bajo el mando de sus hijos: Judas (<\/span><span class=\"s1\"><em>caps. 3-9<\/em><\/span><span class=\"s1\">), Jonat\u00e1n (<\/span><span class=\"s1\"><em>caps. 9-12<\/em><\/span><span class=\"s1\">) y Sim\u00f3n (<\/span><span class=\"s1\"><em>caps. 13-16<\/em><\/span><span class=\"s1\">).&nbsp; A ellos se les llamaron \u201c<\/span><span class=\"s1\"><em>los Macabeos<\/em><\/span><span class=\"s1\">\u201d.&nbsp;<\/span><\/p>\n<p class=\"p1\"><span class=\"s1\">El <\/span><span class=\"s1\"><b>segundo libro<\/b><\/span><span class=\"s1\"> de los Macabeos no es una continuaci\u00f3n del primero, sino que es la narraci\u00f3n de los mismos sucesos pero desde otra perspectiva. El \u00e9nfasis est\u00e1 puesto en la historia de Judas Macabeo y en lo que sucedi\u00f3 en el Templo de Jerusal\u00e9n.&nbsp;<\/span><\/p>\n<p class=\"p1\"><span class=\"s1\">A continuaci\u00f3n les presento varios segmentos de ambos libros, en forma de resumen:<\/span><\/p>\n<p class=\"p1\" style=\"padding-left: 30px\"><span class=\"s1\"><strong>\u232a<\/strong><\/span><span class=\"s1\"><strong> &nbsp; &nbsp;Alejandro y Ant\u00edoco:<\/strong><\/span><\/p>\n<p class=\"p1\" style=\"padding-left: 30px\"><img data-recalc-dims=\"1\" loading=\"lazy\" decoding=\"async\" data-attachment-id=\"31971\" data-permalink=\"https:\/\/atravesdelasescrituras.com\/es_es\/alejandro-y-antioco\/\" data-orig-file=\"https:\/\/atravesdelasescrituras.com\/wp-content\/uploads\/2016\/12\/alejandro-y-antioco.jpg\" data-orig-size=\"571,322\" data-comments-opened=\"1\" data-image-meta=\"{&quot;aperture&quot;:&quot;0&quot;,&quot;credit&quot;:&quot;&quot;,&quot;camera&quot;:&quot;&quot;,&quot;caption&quot;:&quot;&quot;,&quot;created_timestamp&quot;:&quot;0&quot;,&quot;copyright&quot;:&quot;&quot;,&quot;focal_length&quot;:&quot;0&quot;,&quot;iso&quot;:&quot;0&quot;,&quot;shutter_speed&quot;:&quot;0&quot;,&quot;title&quot;:&quot;&quot;,&quot;orientation&quot;:&quot;1&quot;}\" data-image-title=\"alejandro-y-antioco\" data-image-description=\"\" data-image-caption=\"\" data-large-file=\"https:\/\/atravesdelasescrituras.com\/wp-content\/uploads\/2016\/12\/alejandro-y-antioco.jpg\" src=\"https:\/\/i0.wp.com\/atravesdelasescrituras.com\/wp-content\/uploads\/2016\/12\/alejandro-y-antioco.jpg?resize=420%2C237&#038;ssl=1\" class=\"aligncenter wp-image-31971\" alt=\"Alejandro y Antioco.jpg\" width=\"420\" height=\"237\"><\/p>\n<p class=\"p4\" style=\"text-align: center\"><span class=\"s2\">I Macabeos 1:7-15 &#8211; <\/span><span class=\"s2\"><em>\u00ab<\/em><\/span><em><span class=\"s1\">Alejandro muri\u00f3 despu\u00e9s de reinar doce a\u00f1os,&nbsp;y sus generales se hicieron cargo del gobierno, cada uno en su propia regi\u00f3n.&nbsp;&nbsp; Apenas muri\u00f3, todos se ci\u00f1eron la corona, y sus hijos los sucedieron durante muchos a\u00f1os, llenando la tierra de calamidades\u00bb<\/span><\/em><\/p>\n<p class=\"p4\"><span class=\"s1\">De ellos surgi\u00f3 un v\u00e1stago perverso, Ant\u00edoco Ep\u00edfanes, hijo del rey Ant\u00edoco, que hab\u00eda estado en Roma como reh\u00e9n y subi\u00f3 al trono el a\u00f1o ciento treinta y siete del Imperio griego.&nbsp; Fue entonces cuando apareci\u00f3 en Israel un grupo de renegados que sedujeron a muchos, diciendo: <\/span><\/p>\n<p class=\"p4\" style=\"text-align: center\"><span class=\"s1\">\u00ab<\/span><span class=\"s1\"><em>Hagamos una alianza con las naciones vecinas, porque desde que nos separamos de ellas, nos han sobrevenido muchos males<\/em><\/span><span class=\"s1\">\u00ab<\/span><\/p>\n<p class=\"p4\"><span class=\"s1\">Esta propuesta fue bien recibida, y algunos del pueblo fueron en seguida a ver al rey y este les dio autorizaci\u00f3n para seguir las costumbres de los paganos.&nbsp; Ellos construyeron un gimnasio en Jerusal\u00e9n al estilo de los paganos, disimularon la marca de la circuncisi\u00f3n y, renegando de la santa alianza, se unieron a los paganos y se entregaron a toda clase de maldades.<\/span><\/p>\n<p class=\"p6\"><span class=\"s1\">Aunque la \u201c<\/span><span class=\"s1\"><em>helenizaci\u00f3n<\/em><\/span><span class=\"s1\">\u201d parec\u00eda algo bueno al pueblo, en realidad es opuesto a lo que la Biblia ense\u00f1a.&nbsp; El pueblo de Dios no debe mezclarse con las naciones paganas ni adquirir sus costumbres, ni hacer alianzas con ellas.&nbsp; <\/span><\/p>\n<p class=\"p1\"><span class=\"s1\">Algunos jud\u00edos argumentaban que \u201c<\/span><span class=\"s1\"><em>les hab\u00eda ido mal desde se separaron de las naciones paganas<\/em><\/span><span class=\"s1\">\u201d, pero en realidad era todo lo contrario.&nbsp; Siempre las imitaron, y por eso les iba mal.&nbsp; La obediencia a los preceptos divinos es lo que abre las puertas de la bendici\u00f3n, porque Dios sabe lo que nos conviene.&nbsp;<\/span><\/p>\n<p class=\"p1\" style=\"padding-left: 30px\"><span class=\"s1\"><strong>\u232a<\/strong><\/span><span class=\"s1\"><strong> &nbsp; &nbsp;Conquista y profanaci\u00f3n del Templo:<\/strong><\/span><\/p>\n<p class=\"p4\" style=\"text-align: center\"><span class=\"s2\">I Macabeos 1:20-25 &#8211; <\/span><span class=\"s2\"><em>\u00ab<\/em><\/span><em><span class=\"s1\">Despu\u00e9s de derrotar a Egipto, [Ant\u00edoco]\u2026subi\u00f3 contra Israel, llegando a Jerusal\u00e9n con un poderoso ej\u00e9rcito.&nbsp; Ant\u00edoco penetr\u00f3 arrogantemente en el Santuario y se llev\u00f3 el altar de oro, el candelabro con todas sus l\u00e1mparas, la mesa de los panes de la ofrenda, los vasos para las libaciones, las copas, los incensarios de oro, el cortinado y las coronas, y arranc\u00f3 todo el decorado de oro que recubr\u00eda la fachada del Templo. Tom\u00f3 tambi\u00e9n la plata, el oro, los objetos de valor y todos los tesoros que encontr\u00f3 escondidos\u00bb<\/span><span class=\"s1\"><img data-recalc-dims=\"1\" loading=\"lazy\" decoding=\"async\" data-attachment-id=\"31972\" data-permalink=\"https:\/\/atravesdelasescrituras.com\/es_es\/conquista-antioco\/\" data-orig-file=\"https:\/\/atravesdelasescrituras.com\/wp-content\/uploads\/2016\/12\/conquista-antioco.jpg\" data-orig-size=\"222,187\" data-comments-opened=\"1\" data-image-meta=\"{&quot;aperture&quot;:&quot;0&quot;,&quot;credit&quot;:&quot;&quot;,&quot;camera&quot;:&quot;&quot;,&quot;caption&quot;:&quot;&quot;,&quot;created_timestamp&quot;:&quot;0&quot;,&quot;copyright&quot;:&quot;&quot;,&quot;focal_length&quot;:&quot;0&quot;,&quot;iso&quot;:&quot;0&quot;,&quot;shutter_speed&quot;:&quot;0&quot;,&quot;title&quot;:&quot;&quot;,&quot;orientation&quot;:&quot;0&quot;}\" data-image-title=\"conquista-antioco\" data-image-description=\"\" data-image-caption=\"\" data-large-file=\"https:\/\/atravesdelasescrituras.com\/wp-content\/uploads\/2016\/12\/conquista-antioco.jpg\" src=\"https:\/\/i0.wp.com\/atravesdelasescrituras.com\/wp-content\/uploads\/2016\/12\/conquista-antioco.jpg?resize=285%2C240&#038;ssl=1\" class=\"alignright wp-image-31972\" alt=\"conquista antioco.jpg\" width=\"285\" height=\"240\"><\/span><\/em><\/p>\n<p class=\"p4\"><span class=\"s1\">Carg\u00f3 con todo eso y regres\u00f3 a su pa\u00eds, despu\u00e9s de haber causado una gran masacre y de haberse jactado insolentemente.&nbsp; Una gran consternaci\u00f3n se extendi\u00f3 por todo Israel.<\/span><\/p>\n<p class=\"p1\" style=\"padding-left: 30px\"><span class=\"s1\"><strong>\u232a<\/strong><\/span><span class=\"s1\"><strong> &nbsp; &nbsp;Decreto de Ant\u00edoco IV:<\/strong><\/span><\/p>\n<p class=\"p4\" style=\"text-align: center\"><span class=\"s2\">I Macabeos 1:41-50 &#8211; <\/span><span class=\"s2\"><em>\u00ab<\/em><\/span><em><span class=\"s1\">El rey promulg\u00f3 un decreto en todo su reino, ordenando que todos formaran un solo pueblo y renunciaran a sus propias costumbres. Todas las naciones se sometieron a la orden del rey y muchos israelitas aceptaron el culto oficial, ofrecieron sacrificios a los \u00eddolos y profanaron el s\u00e1bado\u00bb<\/span><\/em><\/p>\n<p class=\"p4\"><span class=\"s1\">Adem\u00e1s, el rey envi\u00f3 mensajeros a Jerusal\u00e9n y a las ciudades de Jud\u00e1, con la orden escrita de que adoptaran las costumbres extra\u00f1as al pa\u00eds: los holocaustos, los sacrificios y las libaciones deb\u00edan suprimirse en el Santuario; los s\u00e1bados y los d\u00edas festivos deb\u00edan ser profanados; el Santuario y las cosas santas deb\u00edan ser mancillados; deb\u00edan erigirse altares, recintos sagrados y templos a los \u00eddolos, sacrificando cerdos y otros animales impuros; los ni\u00f1os no deb\u00edan ser circuncidados y todos deb\u00edan hacerse abominables a s\u00ed mismos con toda clase de impurezas y profanaciones, olvidando as\u00ed la Ley y cambiando todas las pr\u00e1cticas.&nbsp; El que no obrara conforme a la orden del rey, deb\u00eda morir.<\/span><\/p>\n<p class=\"p1\"><span class=\"s1\">Esto es lo que se conoce como \u201c<\/span><span class=\"s1\"><em>la abominaci\u00f3n desoladora<\/em><\/span><span class=\"s1\">\u201d.<\/span><\/p>\n<p class=\"p4\" style=\"text-align: center\"><span class=\"s2\">I Macabeos 1:54-57 &#8211; <\/span><span class=\"s2\"><em>\u00ab<\/em><\/span><em><span class=\"s1\">El d\u00eda quince del mes de Quisleu, en el a\u00f1o ciento cuarenta y cinco, el rey hizo erigir sobre el altar de los holocaustos la Abominaci\u00f3n de la desolaci\u00f3n. Tambi\u00e9n construyeron altares en todos las ciudades de Jud\u00e1. &nbsp;En las puertas de las casas y en las plazas se quemaba incienso.&nbsp; Se destru\u00edan y arrojaban al fuego los libros de la Ley que se encontraban, y al que se lo descubr\u00eda con un libro de la Alianza en su poder, o al que observaba los preceptos de la Ley, se lo condenaba a muerte en virtud del decreto real\u00bb<\/span><\/em><\/p>\n<p class=\"p1\"><span class=\"s1\">Pero aun en medio de la persecuci\u00f3n, siempre queda un remanente fiel.<\/span><\/p>\n<p class=\"p4\" style=\"text-align: center\"><span class=\"s2\">I Macabeos 1:62-63 &#8211; <\/span><span class=\"s2\"><em>\u00ab<\/em><\/span><em><span class=\"s1\">Sin embargo, muchos israelitas se mantuvieron firmes y tuvieron el valor de no comer alimentos impuros; prefirieron la muerte antes que mancharse con esos alimentos y quebrantar la santa alianza, y por eso murieron\u00bb<\/span><\/em><\/p>\n<hr>\n<ul>\n<li class=\"p1\"><strong>Matat\u00edas y sus hijos:<\/strong><\/li>\n<\/ul>\n<p class=\"p1\"><span class=\"s1\">Entre los pocos jud\u00edos que permanecieron fieles a su fe se encontraba el sacerdote Matat\u00edas y sus hijos.&nbsp; \u00c9l se lamentaba lo que estaba viendo entre su pueblo.&nbsp; <\/span><\/p>\n<p class=\"p2\" style=\"text-align: center\"><span class=\"s2\">I Macabeos 2:1-7 &#8211;<\/span><span class=\"s2\"><em> \u00ab<\/em><\/span><em><span class=\"s1\">En esos d\u00edas, Matat\u00edas, hijo de Juan, hijo de Sime\u00f3n, sacerdote del linaje de Joarib, sali\u00f3 de Jerusal\u00e9n y fue a establecerse en Mod\u00edn. Ten\u00eda cinco hijos: Juan, Sim\u00f3n, Judas, llamado Macabeo; Eleazar, y Jonat\u00e1n\u00bb<\/span><\/em><\/p>\n<p class=\"p2\"><span class=\"s1\">Al ver las impiedades que se comet\u00edan en Jud\u00e1 y en Jerusal\u00e9n, Matat\u00edas exclam\u00f3:<\/span><span class=\"s1\"><img data-recalc-dims=\"1\" loading=\"lazy\" decoding=\"async\" data-attachment-id=\"31973\" data-permalink=\"https:\/\/atravesdelasescrituras.com\/es_es\/matatias2\/\" data-orig-file=\"https:\/\/atravesdelasescrituras.com\/wp-content\/uploads\/2016\/12\/matatias2.jpg\" data-orig-size=\"200,200\" data-comments-opened=\"1\" data-image-meta=\"{&quot;aperture&quot;:&quot;0&quot;,&quot;credit&quot;:&quot;&quot;,&quot;camera&quot;:&quot;&quot;,&quot;caption&quot;:&quot;&quot;,&quot;created_timestamp&quot;:&quot;0&quot;,&quot;copyright&quot;:&quot;&quot;,&quot;focal_length&quot;:&quot;0&quot;,&quot;iso&quot;:&quot;0&quot;,&quot;shutter_speed&quot;:&quot;0&quot;,&quot;title&quot;:&quot;&quot;,&quot;orientation&quot;:&quot;0&quot;}\" data-image-title=\"matatias2\" data-image-description=\"\" data-image-caption=\"\" data-large-file=\"https:\/\/atravesdelasescrituras.com\/wp-content\/uploads\/2016\/12\/matatias2.jpg\" src=\"https:\/\/i0.wp.com\/atravesdelasescrituras.com\/wp-content\/uploads\/2016\/12\/matatias2.jpg?resize=252%2C252&#038;ssl=1\" class=\"alignright wp-image-31973\" alt=\"matatias2.jpg\" width=\"252\" height=\"252\"><\/span><\/p>\n<p class=\"p2\" style=\"text-align: center\"><span class=\"s1\"><em>\u00ab\u00a1Ay de m\u00ed! \u00bfPara esto he nacido? \u00bfPara ver la ruina de mi pueblo y la destrucci\u00f3n de la Ciudad santa? \u00bfPara quedarme sentado en ella, mientras es entregada al poder del enemigo y el Santuario est\u00e1 en manos de extranjeros?\u00bb<\/em><\/span><\/p>\n<p class=\"p4\"><span class=\"s1\">Sus creencias fueron puestas a prueba cuando un enviado del rey lleg\u00f3 al pueblo donde ellos viv\u00edan.<\/span><\/p>\n<p class=\"p2\" style=\"text-align: center\"><span class=\"s2\">I Macabeos 2:15-28 &#8211; <\/span><span class=\"s2\"><em>\u00ab<\/em><\/span><em><span class=\"s1\">Entre tanto, los delegados del rey, encargados de imponer la apostas\u00eda, llegaron a la ciudad de Mod\u00edn para exigir que se ofrecieran los sacrificios\u00bb<\/span><\/em><\/p>\n<p class=\"p2\"><span class=\"s1\">Se presentaron muchos israelitas, pero Matat\u00edas y sus hijos se agruparon aparte. <\/span><\/p>\n<p class=\"p2\"><span class=\"s1\">Entonces los enviados del rey fueron a decirle: <\/span><\/p>\n<p class=\"p2\" style=\"text-align: center\"><span class=\"s1\"><em>\u00abT\u00fa eres un jefe ilustre y gozas de autoridad en esta ciudad, respaldado por hijos y hermanos. &nbsp;S\u00e9 el primero en acercarte a ejecutar la orden del rey, como lo han hecho todas las naciones, y tambi\u00e9n los hombres de Jud\u00e1 y los que han quedado en Jerusal\u00e9n. As\u00ed t\u00fa y tus hijos, ser\u00e1n contados entre los Amigos del rey y gratificados con plata, oro y numerosos regalos\u00bb<\/em><\/span><\/p>\n<p class=\"p2\"><span class=\"s1\">Matat\u00edas respondi\u00f3 en alta voz: <\/span><\/p>\n<p class=\"p2\" style=\"text-align: center\"><span class=\"s1\"><em>\u00abAunque todas las naciones que est\u00e1n bajo el dominio del rey obedezcan y abandonen el culto de sus antepasados para someterse a sus \u00f3rdenes, yo, mis hijos y mis hermanos nos mantendremos fieles a la Alianza de nuestros padres. El Cielo nos libre de abandonar la Ley y los preceptos. Nosotros no acataremos las \u00f3rdenes del rey desvi\u00e1ndonos de nuestro culto, ni a la derecha ni a la izquierda\u00bb<\/em><\/span><\/p>\n<p class=\"p2\"><span class=\"s1\">Cuando acab\u00f3 de pronunciar estas palabras, un jud\u00edo se adelant\u00f3 a la vista de todos para ofrecer un sacrificio sobre el altar de Mod\u00edn, conforme al decreto del rey. Al ver esto, Matat\u00edas se enardeci\u00f3 de celo y se estremecieron sus entra\u00f1as; y dej\u00e1ndose llevar por una justa indignaci\u00f3n, se abalanz\u00f3 y lo degoll\u00f3 sobre el altar.&nbsp; Ah\u00ed mismo mat\u00f3 al delegado real que obligaba a ofrecer los sacrificios y destruy\u00f3 el altar. As\u00ed manifest\u00f3 su celo por la Ley, como lo hab\u00eda hecho Pinj\u00e1s con Zimr\u00ed, hijo de Sal\u00fa.&nbsp; Luego comenz\u00f3 a gritar por la ciudad con todas sus fuerzas: <\/span><\/p>\n<p class=\"p2\" style=\"text-align: center\"><span class=\"s1\"><em>\u00abTodo el que sienta celo por la Ley y quiera mantenerse fiel a la Alianza, que me siga\u00bb.<\/em><\/span><\/p>\n<p class=\"p2\"><span class=\"s1\">Y abandonando todo lo que pose\u00edan en la ciudad, \u00e9l y sus hijos huyeron a las monta\u00f1as.<\/span><\/p>\n<p class=\"p4\"><span class=\"s1\">A Mata\u00edas se le unieron otros jud\u00edos que permanec\u00edan fieles a Dios, y todos ellos formaron un ej\u00e9rcito de resistencia.&nbsp;<\/span><\/p>\n<p class=\"p2\" style=\"text-align: center\"><span class=\"s2\">I Macabeos 2:42-44 &#8211;<\/span><span class=\"s2\"><em> \u00ab<\/em><\/span><em><span class=\"s1\">Entonces se les uni\u00f3 el grupo de los asideos, hombres valientes en Israel, todos ellos sinceramente fieles a la Ley.&nbsp; Tambi\u00e9n se les unieron y les prestaron su ayuda todos los que quer\u00edan escapar de la opresi\u00f3n. &nbsp;As\u00ed formaron una fuerza armada que comenz\u00f3 a descargar su ira contra los pecadores y su furor contra los imp\u00edos. Los dem\u00e1s tuvieron que salvarse, huyendo a las naciones extranjeras\u00bb<\/span><span class=\"s1\"><img data-recalc-dims=\"1\" loading=\"lazy\" decoding=\"async\" data-attachment-id=\"31974\" data-permalink=\"https:\/\/atravesdelasescrituras.com\/es_es\/ejercito-macabeo\/\" data-orig-file=\"https:\/\/atravesdelasescrituras.com\/wp-content\/uploads\/2016\/12\/ejercito-macabeo.jpg\" data-orig-size=\"240,164\" data-comments-opened=\"1\" data-image-meta=\"{&quot;aperture&quot;:&quot;0&quot;,&quot;credit&quot;:&quot;&quot;,&quot;camera&quot;:&quot;&quot;,&quot;caption&quot;:&quot;&quot;,&quot;created_timestamp&quot;:&quot;0&quot;,&quot;copyright&quot;:&quot;&quot;,&quot;focal_length&quot;:&quot;0&quot;,&quot;iso&quot;:&quot;0&quot;,&quot;shutter_speed&quot;:&quot;0&quot;,&quot;title&quot;:&quot;&quot;,&quot;orientation&quot;:&quot;0&quot;}\" data-image-title=\"ejercito-macabeo\" data-image-description=\"\" data-image-caption=\"\" data-large-file=\"https:\/\/atravesdelasescrituras.com\/wp-content\/uploads\/2016\/12\/ejercito-macabeo.jpg\" src=\"https:\/\/i0.wp.com\/atravesdelasescrituras.com\/wp-content\/uploads\/2016\/12\/ejercito-macabeo.jpg?resize=259%2C177&#038;ssl=1\" class=\"alignleft wp-image-31974\" alt=\"ejercito macabeo.jpg\" width=\"259\" height=\"177\"><\/span><\/em><\/p>\n<p class=\"p1\"><span class=\"s1\">Aunque eran menos y no tan bien armados ni entrenados como el ej\u00e9rcito griego, los jud\u00edos fieles obtuvieron victoria.&nbsp; <\/span><\/p>\n<p class=\"p2\" style=\"text-align: center\"><span class=\"s2\">I Macabeos 2:47-48 &#8211; \u00ab<\/span><span class=\"s1\"><em>Persiguieron a los arrogantes, y la campa\u00f1a dio buenos resultados.&nbsp; De esa manera defendieron la Ley contra los paganos y sus reyes, y no permitieron que prevalecieran los malvados\u00bb<\/em><\/span><\/p>\n<p class=\"p1\"><span class=\"s1\">Cuando Matat\u00edas muri\u00f3, su hijo Judas se qued\u00f3 como l\u00edder del ej\u00e9rcito rebelde. <\/span><\/p>\n<p class=\"p2\" style=\"text-align: center\"><span class=\"s2\">I Macabeos 3:1-3 &#8211;<\/span><span class=\"s2\"><em> \u00ab<\/em><\/span><em><span class=\"s1\">El sucesor de Matat\u00edas fue su hijo Judas, llamado Macabeo. Todos sus hermanos y los que hab\u00edan seguido a su padre le prestaron apoyo y combatieron con entusiasmo por Israel.&nbsp; \u00c9l extendi\u00f3 la gloria de su pueblo y se revisti\u00f3 de la coraza como un h\u00e9roe; se ci\u00f1\u00f3 sus armas de guerra y libr\u00f3 batallas, protegiendo al ej\u00e9rcito con su espada\u00bb<\/span><span class=\"s1\"><img data-recalc-dims=\"1\" loading=\"lazy\" decoding=\"async\" data-attachment-id=\"31975\" data-permalink=\"https:\/\/atravesdelasescrituras.com\/es_es\/mattathias1_wa\/\" data-orig-file=\"https:\/\/atravesdelasescrituras.com\/wp-content\/uploads\/2016\/12\/mattathias1_wa.jpg\" data-orig-size=\"408,449\" data-comments-opened=\"1\" data-image-meta=\"{&quot;aperture&quot;:&quot;0&quot;,&quot;credit&quot;:&quot;&quot;,&quot;camera&quot;:&quot;&quot;,&quot;caption&quot;:&quot;&quot;,&quot;created_timestamp&quot;:&quot;0&quot;,&quot;copyright&quot;:&quot;&quot;,&quot;focal_length&quot;:&quot;0&quot;,&quot;iso&quot;:&quot;0&quot;,&quot;shutter_speed&quot;:&quot;0&quot;,&quot;title&quot;:&quot;&quot;,&quot;orientation&quot;:&quot;0&quot;}\" data-image-title=\"mattathias1_wa\" data-image-description=\"\" data-image-caption=\"\" data-large-file=\"https:\/\/atravesdelasescrituras.com\/wp-content\/uploads\/2016\/12\/mattathias1_wa.jpg\" src=\"https:\/\/i0.wp.com\/atravesdelasescrituras.com\/wp-content\/uploads\/2016\/12\/mattathias1_wa.jpg?resize=239%2C263&#038;ssl=1\" class=\"alignright wp-image-31975\" alt=\"mattathias1_wa.jpg\" width=\"239\" height=\"263\"><\/span><\/em><\/p>\n<p class=\"p4\"><span class=\"s1\">Judas reconoci\u00f3 que las victorias que obten\u00edan no se deb\u00edan a sus propias habilidades como l\u00edder, sino a la ayuda del Cielo. Por eso pod\u00eda luchar con fe y confianza.<\/span><\/p>\n<p class=\"p4\" style=\"text-align: center\"><span class=\"s2\">I Macabeos 3:17-22 &#8211; <\/span><span class=\"s2\"><em>\u00ab<\/em><\/span><em><span class=\"s1\">Estos, al ver el ej\u00e9rcito que se les ven\u00eda encima, dijeron a Judas: \u00ab\u00bfC\u00f3mo, siendo tan pocos, podremos combatir con una multitud tan poderosa? Adem\u00e1s, estamos extenuados porque hoy no hemos comido nada en todo el d\u00eda\u00bb.&nbsp; Judas les respondi\u00f3: \u00abEs f\u00e1cil que una multitud caiga en manos de unos pocos, y al Cielo le da lo mismo salvar con muchos que con pocos. Porque la victoria en el combate no depende de la cantidad de las tropas, sino de la fuerza que viene del Cielo. Ellos nos atacan, llenos de insolencia y de impiedad, para exterminarnos a nosotros, a nuestras mujeres y a nuestros hijos, y para apoderarse de nuestros despojos. Nosotros, en cambio, luchamos por nuestra vida y por nuestras costumbres.&nbsp; El Cielo los aplastar\u00e1 delante de nosotros: \u00a1no les tengan miedo!\u00bb\u00bb<\/span><\/em><\/p>\n<p class=\"p1\"><span class=\"s1\">Molesto por la rebeli\u00f3n jud\u00eda, Ant\u00edoco mand\u00f3 a reunir todo su ej\u00e9rcito y atacar Jerusal\u00e9n hasta destruirla por completo.&nbsp; Ante la amenaza, Judas y los jud\u00edos fieles no huyeron sino que se armaron de valor para enfrentar al enemigo, aunque les costara la vida. <\/span><\/p>\n<p class=\"p2\" style=\"text-align: center\"><span class=\"s2\">I Macabeos 3:42-60 &#8211;<\/span><span class=\"s2\"><em> \u00ab<\/em><\/span><em><span class=\"s1\">Judas y sus hermanos vieron que se hab\u00edan agravado los males y que el ej\u00e9rcito estaba acampado dentro de su territorio. Tambi\u00e9n se enteraron de la consigna real de destruir al pueblo hasta aniquilarlo. Entonces se dijeron unos a otros: \u00abLibremos a nuestro pueblo de la ruina y luchemos por \u00e9l y por el Santuario\u00bb\u00bb<\/span><\/em><\/p>\n<p class=\"p2\"><span class=\"s1\">Inmediatamente, Judas puso oficiales al frente del ej\u00e9rcito: jefes de mil, de cien, de cincuenta y de diez hombres. A los que estaban construyendo su casa, a los que acababan de casarse o de plantar una vi\u00f1a y a los que ten\u00edan miedo, les orden\u00f3 que volvieran cada uno a su casa, conforme a la Ley. <\/span><\/p>\n<p class=\"p2\"><span class=\"s1\">Luego avanz\u00f3 con el ej\u00e9rcito y acamp\u00f3 al sur de Ema\u00fas. Judas les dijo: <\/span><\/p>\n<p class=\"p2\" style=\"text-align: center\"><span class=\"s1\"><em>\u00abC\u00ed\u00f1anse las armas, comp\u00f3rtense valerosamente y est\u00e9n preparados ma\u00f1ana al amanecer para atacar a esos paganos que se han aliado contra nosotros a fin de destruirnos y destruir nuestro Santuario. Porque es preferible para nosotros morir en el combate que ver las desgracias de nuestra naci\u00f3n y del Santuario<\/em><\/span><\/p>\n<p class=\"p2\" style=\"text-align: center\"><span class=\"s1\"><em>\u00a1Se cumplir\u00e1 lo que el Cielo disponga!\u00bb<\/em><\/span><\/p>\n<p class=\"p1\"><span class=\"s1\">Tambi\u00e9n les dijo: <\/span><\/p>\n<p class=\"p2\" style=\"text-align: center\"><span class=\"s2\">I Macabeos 4:8-10 &#8211;<\/span><span class=\"s2\"><em> \u00ab<\/em><\/span><em><span class=\"s1\">Judas dijo a sus hombres: \u00abNo teman a esa muchedumbre ni se asusten por sus ataques. Recuerden c\u00f3mo se salvaron nuestros padres en el Mar Rojo, cuando el Fara\u00f3n los persegu\u00eda con un ej\u00e9rcito. &nbsp;Invoquemos ahora al Cielo para que tenga piedad de nosotros y se acuerde de la alianza que hizo con nuestros padres, derrotando hoy a este ej\u00e9rcito delante de nosotros. As\u00ed reconocer\u00e1n todas las naciones que hay Alguien que libera y salva a Israel\u00bb\u00bb<\/span><\/em><\/p>\n<p class=\"p4\"><span class=\"s1\">Efectivamente, los jud\u00edos fieles vencieron, porque Dios as\u00ed lo quiso.&nbsp; Este fue el PRIMER MILAGRO de Januka: la victoria del peque\u00f1o sobre el gigante.&nbsp;<\/span><\/p>\n<hr>\n<ul>\n<li class=\"p4\">\n<p class=\"p1\"><span class=\"s1\"><b>El Segundo Milagro:<\/b><\/span><\/p>\n<\/li>\n<\/ul>\n<p class=\"p1\"><span class=\"s1\">Aunque Dios les dio muchas victorias militares al ej\u00e9rcito de Judas el Macabeo, tambi\u00e9n hubo mucha muerte entre el pueblo de Dios, ya que fueron perseguidos y martirizados. Entre ellos estaba una mujer llamada Ana y sus siete hijos.<\/span><\/p>\n<p class=\"p1\" style=\"text-align: center\"><span class=\"s1\">Esta es su historia [<\/span><span class=\"s1\"><em>pero, les advierto que es muy fuerte&#8230;<\/em><\/span><span class=\"s1\">]:<\/span><\/p>\n<p class=\"p3\" style=\"text-align: center\"><span class=\"s2\">II Macabeos 7 &#8211; <\/span><span class=\"s2\"><em>\u00ab<\/em><\/span><em><span class=\"s1\">Tambi\u00e9n fueron detenidos siete hermanos, junto con su madre. El rey, flagel\u00e1ndolos con azotes y tendones de buey, trat\u00f3 de obligarlos a comer carne de cerdo, prohibida por la Ley. &nbsp;Pero uno de ellos, hablando en nombre de todos, le dijo: \u00ab\u00bfQu\u00e9 quieres preguntar y saber de nosotros? Estamos dispuestos a morir, antes que violar las leyes de nuestros padres\u00bb\u00bb<\/span><\/em><\/p>\n<p class=\"p5\"><span class=\"s1\">El rey, fuera de s\u00ed, mand\u00f3 poner al fuego sartenes y ollas, y cuando estuvieron al rojo vivo,<\/span><span class=\"s1\"><img data-recalc-dims=\"1\" loading=\"lazy\" decoding=\"async\" data-attachment-id=\"31976\" data-permalink=\"https:\/\/atravesdelasescrituras.com\/es_es\/ana-7-hijos\/\" data-orig-file=\"https:\/\/atravesdelasescrituras.com\/wp-content\/uploads\/2016\/12\/ana-7-hijos.jpg\" data-orig-size=\"204,179\" data-comments-opened=\"1\" data-image-meta=\"{&quot;aperture&quot;:&quot;0&quot;,&quot;credit&quot;:&quot;&quot;,&quot;camera&quot;:&quot;&quot;,&quot;caption&quot;:&quot;&quot;,&quot;created_timestamp&quot;:&quot;0&quot;,&quot;copyright&quot;:&quot;&quot;,&quot;focal_length&quot;:&quot;0&quot;,&quot;iso&quot;:&quot;0&quot;,&quot;shutter_speed&quot;:&quot;0&quot;,&quot;title&quot;:&quot;&quot;,&quot;orientation&quot;:&quot;0&quot;}\" data-image-title=\"ana-7-hijos\" data-image-description=\"\" data-image-caption=\"\" data-large-file=\"https:\/\/atravesdelasescrituras.com\/wp-content\/uploads\/2016\/12\/ana-7-hijos.jpg\" src=\"https:\/\/i0.wp.com\/atravesdelasescrituras.com\/wp-content\/uploads\/2016\/12\/ana-7-hijos.jpg?resize=255%2C223&#038;ssl=1\" class=\"alignright wp-image-31976\" alt=\"ana 7 hijos.jpg\" width=\"255\" height=\"223\"><\/span><span class=\"s1\"> orden\u00f3 que cortaran la lengua al que hab\u00eda hablado en nombre de los dem\u00e1s, y que le arrancaran el cuello cabelludo y le amputaran las extremidades en presencia de sus hermanos y de su madre. Cuando qued\u00f3 totalmente mutilado, aunque a\u00fan estaba con vida, mand\u00f3 que lo acercaran al fuego y lo arrojaran a la sart\u00e9n.<\/span><\/p>\n<p class=\"p5\"><span class=\"s1\">Mientras el humo de la sart\u00e9n se extend\u00eda por todas partes, los otros hermanos y la madre se animaban mutuamente a morir con generosidad, diciendo: <\/span><\/p>\n<p class=\"p5\" style=\"text-align: center\"><span class=\"s1\">\u00ab<\/span><span class=\"s1\"><em>El Se\u00f1or Dios nos est\u00e1 viendo y tiene compasi\u00f3n de nosotros, como lo declar\u00f3 Mois\u00e9s en el canto que atestigua claramente: &#8216;El Se\u00f1or se apiadar\u00e1 de sus servidores&#8217;<\/em><\/span><span class=\"s1\">\u00ab.<\/span><\/p>\n<p class=\"p5\"><span class=\"s1\">Una vez que el primero muri\u00f3 de esta manera, llevaron al suplicio al segundo. Despu\u00e9s de arrancarle el cuero cabelludo, le preguntaron: <\/span><\/p>\n<p class=\"p5\" style=\"text-align: center\"><span class=\"s1\"><em>\u00ab\u00bfVas a comer carne de cerdo, antes que sean torturados todos los miembros de tu cuerpo?\u00bb<\/em><\/span><\/p>\n<p class=\"p5\"><span class=\"s1\">Pero \u00e9l, respondiendo en su lengua materna, exclam\u00f3:<\/span><\/p>\n<p class=\"p5\" style=\"text-align: center\"><span class=\"s1\"><em>\u00ab\u00a1No!\u00bb Por eso, tambi\u00e9n \u00e9l sufri\u00f3 la misma tortura que el primero.&nbsp; Y cuando estaba por dar el \u00faltimo suspiro, dijo: \u00abT\u00fa, malvado, nos privas de la vida presente, pero el Rey del universo nos resucitar\u00e1 a una vida eterna, ya que nosotros morimos por sus leyes\u00bb<\/em><\/span><\/p>\n<p class=\"p5\"><span class=\"s1\">Despu\u00e9s de \u00e9ste, fue castigado el tercero. Apenas se lo pidieron, present\u00f3 su lengua, extendi\u00f3 decididamente sus manos y dijo con valent\u00eda: <\/span><\/p>\n<p class=\"p5\" style=\"text-align: center\"><span class=\"s1\"><em>\u00abYo he recibido estos miembros como un don del Cielo, pero ahora los desprecio por amor a sus leyes y espero recibirlos nuevamente de \u00e9l\u00bb<\/em><\/span><\/p>\n<p class=\"p5\"><span class=\"s1\">El rey y sus acompa\u00f1antes estaban sorprendidos del valor de aquel joven, que no hac\u00eda ning\u00fan caso de sus sufrimientos.<\/span><\/p>\n<p class=\"p5\"><span class=\"s1\">Una vez que muri\u00f3 este, sometieron al cuarto a la misma tortura y a los mismos suplicios. &nbsp;Y cuando ya estaba pr\u00f3ximo a su fin, habl\u00f3 as\u00ed: <\/span><\/p>\n<p class=\"p5\" style=\"text-align: center\"><span class=\"s1\"><em>\u00abEs preferible morir a manos de los hombres, con la esperanza puesta en Dios de ser resucitados por \u00e9l. T\u00fa, en cambio, no resucitar\u00e1s para la vida\u00bb<\/em><\/span><\/p>\n<p class=\"p5\" style=\"text-align: center\"><span class=\"s1\"><em><img data-recalc-dims=\"1\" loading=\"lazy\" decoding=\"async\" data-attachment-id=\"31977\" data-permalink=\"https:\/\/atravesdelasescrituras.com\/es_es\/martir2\/\" data-orig-file=\"https:\/\/atravesdelasescrituras.com\/wp-content\/uploads\/2016\/12\/martir2.jpg\" data-orig-size=\"320,113\" data-comments-opened=\"1\" data-image-meta=\"{&quot;aperture&quot;:&quot;0&quot;,&quot;credit&quot;:&quot;&quot;,&quot;camera&quot;:&quot;&quot;,&quot;caption&quot;:&quot;&quot;,&quot;created_timestamp&quot;:&quot;0&quot;,&quot;copyright&quot;:&quot;&quot;,&quot;focal_length&quot;:&quot;0&quot;,&quot;iso&quot;:&quot;0&quot;,&quot;shutter_speed&quot;:&quot;0&quot;,&quot;title&quot;:&quot;&quot;,&quot;orientation&quot;:&quot;0&quot;}\" data-image-title=\"martir2\" data-image-description=\"\" data-image-caption=\"\" data-large-file=\"https:\/\/atravesdelasescrituras.com\/wp-content\/uploads\/2016\/12\/martir2.jpg\" src=\"https:\/\/i0.wp.com\/atravesdelasescrituras.com\/wp-content\/uploads\/2016\/12\/martir2.jpg?resize=391%2C138&#038;ssl=1\" class=\"aligncenter wp-image-31977\" alt=\"martir2.jpg\" width=\"391\" height=\"138\"><\/em><\/span><\/p>\n<p class=\"p5\"><span class=\"s1\">En seguida trajeron al quinto y comenzaron a torturarlo. Pero \u00e9l, con los ojos fijos en el rey, dijo: <\/span><\/p>\n<p class=\"p5\" style=\"text-align: center\"><span class=\"s1\"><em>\u00abT\u00fa, aunque eres un simple mortal, tienes poder sobre los hombres y por eso haces lo que quieres. Pero no creas que Dios ha abandonado a nuestro pueblo. Espera y ver\u00e1s c\u00f3mo su poder soberano te atormentar\u00e1 a ti y a tu descendencia\u00bb<\/em><\/span><\/p>\n<p class=\"p5\"><span class=\"s1\">Despu\u00e9s de este trajeron al sexto, el cual, estando a punto de morir, dijo: <\/span><\/p>\n<p class=\"p5\" style=\"text-align: center\"><span class=\"s1\"><em>\u00abNo te hagas vanas ilusiones, porque nosotros padecemos esto por nuestra propia culpa; por haber pecado contra nuestro Dios, nos han sucedido cosas tan sorprendentes. Pero t\u00fa, que te has atrevido a luchar contra Dios, no pienses que vas a quedar impune\u00bb<\/em><\/span><\/p>\n<p class=\"p5\"><span class=\"s1\">Incomparablemente admirable y digna del m\u00e1s glorioso recuerdo fue aquella madre que, viendo morir a sus siete hijos en un solo d\u00eda, soport\u00f3 todo valerosamente, gracias a la esperanza que ten\u00eda puesta en el Se\u00f1or. Llena de nobles sentimientos, exhortaba a cada uno de ellos, habl\u00e1ndoles en su lengua materna. Y animando con un ardor varonil sus reflexiones de mujer, les dec\u00eda: <\/span><\/p>\n<p class=\"p5\" style=\"text-align: center\"><span class=\"s1\"><em>\u00abYo no s\u00e9 c\u00f3mo ustedes aparecieron en mis entra\u00f1as; no fui yo la que les dio el esp\u00edritu y la vida ni la que orden\u00f3 armoniosamente los miembros de su cuerpo.&nbsp; Pero s\u00e9 que el Creador del universo, el que plasm\u00f3 al hombre en su nacimiento y determin\u00f3 el origen de todas las cosas, les devolver\u00e1 misericordiosamente el esp\u00edritu y la vida, ya que ustedes se olvidan ahora de s\u00ed mismos por amor de sus leyes\u00bb<\/em><\/span><\/p>\n<p class=\"p5\"><span class=\"s1\">Ant\u00edoco pens\u00f3 que se estaba burlando de \u00e9l y sospech\u00f3 que esas palabras eran un insulto. Como a\u00fan viv\u00eda el m\u00e1s joven, no s\u00f3lo trataba de convencerlo con palabras, sino que le promet\u00eda con juramentos que lo har\u00eda rico y feliz, si abandonaba las tradiciones de sus antepasados. Le aseguraba asimismo que lo har\u00eda su Amigo y le confiar\u00eda altos cargos.&nbsp; Pero como el joven no le hac\u00eda ning\u00fan caso, el rey hizo llamar a la madre y le pidi\u00f3 que aconsejara a su hijo, a fin de salvarle la vida.<\/span><\/p>\n<p class=\"p5\"><span class=\"s1\">Despu\u00e9s de mucho insistir, ella accedi\u00f3 a persuadir a su hijo. Entonces, acerc\u00e1ndose a \u00e9l y burl\u00e1ndose del cruel tirano, le dijo en su lengua materna:<\/span><\/p>\n<p class=\"p5\"><span class=\"s1\"><img data-recalc-dims=\"1\" loading=\"lazy\" decoding=\"async\" data-attachment-id=\"31978\" data-permalink=\"https:\/\/atravesdelasescrituras.com\/es_es\/rebelion_de_los_macabeos\/\" data-orig-file=\"https:\/\/atravesdelasescrituras.com\/wp-content\/uploads\/2016\/12\/rebelion_de_los_macabeos.jpg\" data-orig-size=\"350,200\" data-comments-opened=\"1\" data-image-meta=\"{&quot;aperture&quot;:&quot;0&quot;,&quot;credit&quot;:&quot;&quot;,&quot;camera&quot;:&quot;&quot;,&quot;caption&quot;:&quot;&quot;,&quot;created_timestamp&quot;:&quot;0&quot;,&quot;copyright&quot;:&quot;&quot;,&quot;focal_length&quot;:&quot;0&quot;,&quot;iso&quot;:&quot;0&quot;,&quot;shutter_speed&quot;:&quot;0&quot;,&quot;title&quot;:&quot;&quot;,&quot;orientation&quot;:&quot;0&quot;}\" data-image-title=\"rebelion_de_los_macabeos\" data-image-description=\"\" data-image-caption=\"\" data-large-file=\"https:\/\/atravesdelasescrituras.com\/wp-content\/uploads\/2016\/12\/rebelion_de_los_macabeos.jpg\" src=\"https:\/\/i0.wp.com\/atravesdelasescrituras.com\/wp-content\/uploads\/2016\/12\/rebelion_de_los_macabeos.jpg?resize=350%2C200&#038;ssl=1\" class=\"aligncenter size-full wp-image-31978\" alt=\"rebelion_de_los_macabeos.jpg\" width=\"350\" height=\"200\"><\/span><\/p>\n<p class=\"p5\" style=\"text-align: center\"><span class=\"s1\"><em>\u00abHijo m\u00edo, ten compasi\u00f3n de m\u00ed, que te llev\u00e9 nueve meses en mis entra\u00f1as, te amamant\u00e9 durante tres a\u00f1os y te cri\u00e9\u201a y eduqu\u00e9\u201a d\u00e1ndote el alimento, hasta la edad que ahora tienes. Yo te suplico, hijo m\u00edo, que mires al cielo y a la tierra, y al ver todo lo que hay en ellos, reconozcas que Dios lo hizo todo de la nada, y que tambi\u00e9n el g\u00e9nero humano fue hecho de la misma manera. No temas a este verdugo: mu\u00e9strate m\u00e1s bien digno de tus hermanos y acepta la muerte, para que yo vuelva a encontrarte con ellos en el tiempo de la misericordia\u00bb<\/em><\/span><\/p>\n<p class=\"p5\"><span class=\"s1\">Apenas ella termin\u00f3 de hablar, el joven dijo: <\/span><\/p>\n<p class=\"p5\" style=\"text-align: center\"><span class=\"s1\"><em>\u00ab\u00bfQu\u00e9 esperan? Yo no obedezco el decreto del rey, sino las prescripciones de la Ley que fue dada a nuestros padres por medio de Mois\u00e9s. Y t\u00fa, que eres el causante de todas las desgracias de los hebreos, no escapar\u00e1s de las manos de Dios. Es verdad que nosotros padecemos a causa de nuestros propios pecados; pero si el Se\u00f1or viviente se ha irritado por un tiempo para castigarnos y corregirnos, \u00e9l volver\u00e1 a reconciliarse con sus servidores. T\u00fa, en cambio, el m\u00e1s imp\u00edo e infame de todos los hombres, no te engr\u00edas vanamente ni alientes falsas esperanzas, levantando tu mano contra los hijos del Cielo, porque todav\u00eda no has escapado al juicio del Dios todopoderoso que ve todas las cosas. &nbsp;Nuestros hermanos, despu\u00e9s de haber soportado un breve tormento, gozan ahora de la vida inagotable, en virtud de la Alianza de Dios. Pero t\u00fa, por el justo juicio de Dios, soportar\u00e1s la pena merecida por tu soberbia. Yo, como mis hermanos, entrego mi cuerpo y mi alma por las leyes de nuestros padres, invocando a Dios para que pronto se muestre propicio con nuestra naci\u00f3n y para que te haga confesar, a fuerza de aflicciones y golpes, que \u00e9l es el \u00fanico Dios. &nbsp;\u00a1Ojal\u00e1 que se detenga en m\u00ed y en mis hermanos la ira del Todopoderoso, justamente desencadenada sobre todo nuestro pueblo!\u00bb<\/em><\/span><\/p>\n<p class=\"p5\"><span class=\"s1\">El rey, fuera de s\u00ed y exasperado por la burla, se ensa\u00f1\u00f3 con este m\u00e1s cruelmente que con los dem\u00e1s.&nbsp; As\u00ed muri\u00f3 el \u00faltimo de los j\u00f3venes, de una manera irreprochable y con entera confianza en el Se\u00f1or. &nbsp;Finalmente muri\u00f3 la madre, despu\u00e9s de todos sus hijos.<\/span><\/p>\n<p class=\"p6\"><span class=\"s1\">Este fue el SEGUNDO MILAGRO de Januka: la FE. Los fieles no perdieron su fe en Dios, a pesar de las circunstancias adversas. <\/span><\/p>\n<p class=\"p1\" style=\"text-align: center\"><span class=\"s1\">\u00bfEstar\u00edamos dispuestos a dar nuestra vida por lo que creemos?&nbsp; <\/span><\/p>\n<p class=\"p1\" style=\"text-align: left\"><span class=\"s1\">Esto es algo que debemos meditar, porque en los \u00faltimos tiempos vendr\u00e1 persecuci\u00f3n contra los creyentes fieles. As\u00ed como lo hizo Ana, debemos superar el miedo de \u201c<\/span><span class=\"s1\"><em>perder la vida<\/em><\/span><span class=\"s1\">\u201d porque la vida que importa no es \u00e9sta sino la eterna.&nbsp;<\/span><\/p>\n<p class=\"p1\" style=\"text-align: center\"><span class=\"s1\">Mateo 5:10 &#8211; \u00ab<\/span><em><span class=\"s2\">Bienaventurados los que padecen persecuci\u00f3n <\/span><span class=\"s3\">por<\/span> <span class=\"s3\">causa<\/span> <span class=\"s3\">de<\/span> <span class=\"s3\">la<\/span> <span class=\"s3\">justicia<\/span><span class=\"s4\">, porque <\/span><span class=\"s3\">de<\/span><span class=\"s4\"> ellos es el reino <\/span><span class=\"s3\">de<\/span><span class=\"s4\"> los cielos\u00bb<\/span><\/em><\/p>\n<hr>\n<ul>\n<li class=\"p1\"><span class=\"s1\"><b>Profanaci\u00f3n del Templo:<\/b><\/span><\/li>\n<\/ul>\n<p class=\"p1\" style=\"padding-left: 30px\"><strong>\u232a &nbsp; &nbsp;Sacerdocio corrupto:<\/strong><\/p>\n<p class=\"p1\"><span class=\"s1\">Lo peor de la \u00e9poca de los Macabeos no fue la persecuci\u00f3n de los enemigos, sino la que proven\u00eda de los mismos hermanos jud\u00edos que se hab\u00edan helenizado y asimilado.<\/span><\/p>\n<p class=\"p1\"><span class=\"s1\"> <\/span><span class=\"s1\"><img data-recalc-dims=\"1\" loading=\"lazy\" decoding=\"async\" data-attachment-id=\"31980\" data-permalink=\"https:\/\/atravesdelasescrituras.com\/es_es\/griego\/\" data-orig-file=\"https:\/\/atravesdelasescrituras.com\/wp-content\/uploads\/2016\/12\/griego.jpg\" data-orig-size=\"320,157\" data-comments-opened=\"1\" data-image-meta=\"{&quot;aperture&quot;:&quot;0&quot;,&quot;credit&quot;:&quot;&quot;,&quot;camera&quot;:&quot;&quot;,&quot;caption&quot;:&quot;&quot;,&quot;created_timestamp&quot;:&quot;0&quot;,&quot;copyright&quot;:&quot;&quot;,&quot;focal_length&quot;:&quot;0&quot;,&quot;iso&quot;:&quot;0&quot;,&quot;shutter_speed&quot;:&quot;0&quot;,&quot;title&quot;:&quot;&quot;,&quot;orientation&quot;:&quot;0&quot;}\" data-image-title=\"griego\" data-image-description=\"\" data-image-caption=\"\" data-large-file=\"https:\/\/atravesdelasescrituras.com\/wp-content\/uploads\/2016\/12\/griego.jpg\" src=\"https:\/\/i0.wp.com\/atravesdelasescrituras.com\/wp-content\/uploads\/2016\/12\/griego.jpg?resize=320%2C157&#038;ssl=1\" class=\"aligncenter size-full wp-image-31980\" alt=\"griego.jpg\" width=\"320\" height=\"157\"><\/span><\/p>\n<p class=\"p1\"><span class=\"s1\">Uno de los casos m\u00e1s notables fue el de Jason, quien compr\u00f3 el derecho al sacerdocio.<\/span><\/p>\n<p class=\"p2\" style=\"text-align: center\"><span class=\"s2\">II Macabeos 4:7-12<\/span><span class=\"s2\">&nbsp;&#8211; <\/span><span class=\"s2\"><em>\u00ab<\/em><\/span><em><span class=\"s1\">Despu\u00e9s que muri\u00f3 Seleuco y le sucedi\u00f3 en el trono Ant\u00edoco, llamado Ep\u00edfanes, Jas\u00f3n, hermano de On\u00edas, usurp\u00f3 fraudulentamente el sumo sacerdocio, prometiendo al rey en una entrevista trescientos sesenta talentos de plata, y ochenta de otras rentas. Se comprometi\u00f3, adem\u00e1s, por escrito a pagar otros ciento cincuenta talentos, si se le conced\u00eda la facultad de instalar por su propia cuenta un gimnasio y un ateneo juvenil y de inscribir en un registro a los antioquenos residentes en Jerusal\u00e9n. Con el asentimiento del rey y teniendo los poderes en su mano, comenz\u00f3 r\u00e1pidamente a introducir entre sus compatriotas el estilo de vida de los griegos\u2026derog\u00f3 las instituciones legales e introdujo nuevas costumbres contrarias a la Ley: as\u00ed se dio el gusto de fundar un gimnasio al pie mismo de la Acr\u00f3polis e indujo a lo mejor de la juventud a los ejercicios atl\u00e9ticos\u00bb<\/span><\/em><\/p>\n<p class=\"p4\"><span class=\"s1\">La corrupci\u00f3n y la contaminaci\u00f3n no se limit\u00f3 al pueblo en general, sino que lleg\u00f3 hasta el sacerdocio.&nbsp;<\/span><\/p>\n<p class=\"p2\" style=\"text-align: center\"><span class=\"s2\">II Macabeos 4:13-16 &#8211; <\/span><span class=\"s2\"><em>\u00ab<\/em><\/span><em><span class=\"s1\">Era tal el auge del helenismo y el avance de la moda extranjera, debido a la enorme perversidad de Jas\u00f3n \u2014el cual ten\u00eda m\u00e1s de imp\u00edo que de Sumo Sacerdote\u2014que ya los sacerdotes no ten\u00edan ning\u00fan celo por el servicio del altar, sino que despreciaban el Templo. Apenas se daba la se\u00f1al de lanzar el disco, dejaban de lado los sacrificios y se apresuraban a participar en los ejercicios de la palestra, que eran contrarios a la Ley. Sin mostrar ning\u00fan aprecio por los valores nacionales, juzgaban las glorias de los griegos como las mejores. Pero esto mismo los puso en grave aprieto, porque despu\u00e9s tuvieron como enemigos y opresores a aquellos mismos cuya conducta emulaban y a los cuales quer\u00edan imitar en todo\u00bb<\/span><\/em><\/p>\n<p style=\"padding-left: 30px\"><span class=\"s1\"><strong>\u232a<\/strong><\/span><span class=\"s1\"><strong> &nbsp; &nbsp;Ocupaci\u00f3n del Templo:<\/strong><\/span><\/p>\n<p class=\"p1\"><span class=\"s1\">El colmo de los males en Jerusal\u00e9n fue cuando Ant\u00edoco ocup\u00f3 el Templo en Jerusal\u00e9n.&nbsp; Y lo peor de todo fue que lo entr\u00f3 Menelao, quien tambi\u00e9n hab\u00eda comprado la posici\u00f3n de sumo sacerdote despu\u00e9s de Jas\u00f3n. Pero Ant\u00edoco no s\u00f3lo entr\u00f3 en el Templo, sino que se llev\u00f3 todos sus tesoros y lo profan\u00f3.&nbsp; <\/span><\/p>\n<p class=\"p2\" style=\"text-align: center\"><span class=\"s2\">II Macabeos 5:15-18 &#8211; <\/span><span class=\"s2\"><em>\u00ab<\/em><\/span><em><span class=\"s1\">Ant\u00edoco tuvo la osad\u00eda de entrar en el Templo m\u00e1s santo de toda la tierra, llevando como gu\u00eda a Menelao, el traidor de las leyes y de la patria. Con sus manos impuras tom\u00f3 los objetos sagrados, y arrebat\u00f3 con manos sacr\u00edlegas los presentes hechos por otros reyes para realzar la gloria y el honor de ese Lugar.&nbsp; \u00c9l se engre\u00eda porque no ten\u00eda en cuenta que el Se\u00f1or se hab\u00eda irritado por poco tiempo a causa de los pecados cometidos por los habitantes de la ciudad, y por eso hab\u00eda apartado su mirada del Lugar. Si ellos no se hubieran dejado dominar por tantos pecados, tambi\u00e9n Ant\u00edoco habr\u00eda sido golpeado y hecho desistir de su atrevimiento apenas ingres\u00f3 en el Santuario, como lo hab\u00eda sido Heliodoro cuando fue enviado por el rey Seleuco para inspeccionar el Tesoro\u00bb<\/span><\/em><\/p>\n<p class=\"p4\"><span class=\"s1\">Esto fue tan s\u00f3lo el principio de la profanaci\u00f3n. Continu\u00f3 a\u00fan despu\u00e9s que se hubiera marchado Ant\u00edoco de Jerusal\u00e9n, por medio de sus delegados.<\/span><\/p>\n<p class=\"p2\" style=\"text-align: center\"><span class=\"s2\">II Macabeos 6:1-7 &#8211; <\/span><span class=\"s2\"><em>\u00ab<\/em><\/span><em><span class=\"s1\">Poco tiempo despu\u00e9s, el rey envi\u00f3 a un consejero ateniense para que obligara a los jud\u00edos a abandonar las costumbres de sus padres y a no vivir conforme a las leyes de Dios; a profanar el Templo de Jerusal\u00e9n, dedic\u00e1ndolo a J\u00fapiter Ol\u00edmpico, y a dedicar el del monte Gariz\u00edm a J\u00fapiter Hospitalario, conforme a la idiosincrasia de los habitantes de aquel lugar. Este recrudecimiento del mal se hac\u00eda penoso e insoportable para todos. &nbsp;El Templo se llen\u00f3 del desenfreno y las org\u00edas de los paganos, que se divert\u00edan con prostitutas y ten\u00edan relaciones con mujeres en los atrios sagrados, e incluso, introduc\u00edan all\u00ed objetos prohibidos. El altar estaba repleto de ofrendas ileg\u00edtimas, proscritas por la Ley. No se pod\u00eda observar el s\u00e1bado, ni celebrar las fiestas de nuestros padres, y ni siquiera declararse jud\u00edo. &nbsp;Por el contrario, todos se ve\u00edan penosamente forzados a participar del banquete ritual con que se conmemoraba cada mes el nacimiento del rey; y cuando llegaban las fiestas dionis\u00edacas, se los obligaba a seguir el cortejo de Dionisos, coronados de guirnaldas\u00bb<\/span><\/em><\/p>\n<p class=\"p1\" style=\"text-align: center\"><span class=\"s1\">\u00bfPOR QU\u00c9?<\/span><\/p>\n<p class=\"p1\"><span class=\"s1\">Uno podr\u00eda preguntarse:<\/span><\/p>\n<p class=\"p1\" style=\"text-align: center\"><span class=\"s1\"> \u00bfPor qu\u00e9 Dios permiti\u00f3 que todo esto ocurriera? <\/span><\/p>\n<p class=\"p1\"><span class=\"s1\">El escritor de Macabeos hace una pausa en la narrativa para comentar al respecto. <\/span><\/p>\n<p class=\"p2\" style=\"text-align: center\"><span class=\"s2\">II Macabeos 6:12 &#8211; <\/span><span class=\"s2\"><em>\u00ab<\/em><\/span><em><span class=\"s1\">Ruego a los lectores de este libro que no se dejen impresionar por estas calamidades. Piensen m\u00e1s bien que estos castigos no han sucedido para la ruina, sino para la educaci\u00f3n de nuestro pueblo. Porque es una se\u00f1al de gran benevolencia no tolerar por mucho tiempo a los imp\u00edos, sino infligirles r\u00e1pidamente un castigo. &nbsp;Antes de castigar a las otras naciones, el Soberano espera pacientemente que colmen la medida de sus pecados; pero con nosotros ha decidido obrar de otra manera, para no tener que castigarnos m\u00e1s tarde, cuando nuestros pecados hayan llegado al colmo. &nbsp;Por eso nunca retira de nosotros su misericordia, y aunque corrige a su pueblo por medio de la adversidad, no lo abandona. &nbsp;Que esto sirva solamente para recordar ciertas verdades. Y despu\u00e9s de estas consideraciones, prosigamos la narraci\u00f3n\u00bb<\/span><\/em><\/p>\n<p class=\"p4\"><span class=\"s1\">Luego de la correcci\u00f3n viene la restauraci\u00f3n\u2026<\/span><\/p>\n<p class=\"p1\"><span class=\"s1\">Referente a la restauraci\u00f3n del Templo, el texto dice:<\/span><\/p>\n<p class=\"p2\" style=\"text-align: center\"><span class=\"s2\">II Macabeos 5:19-20<\/span><span class=\"s1\">&nbsp;&#8211; <\/span><span class=\"s1\"><em>\u00abPero el Se\u00f1or no eligi\u00f3 al pueblo a causa de este Lugar, sino a este Lugar a causa del pueblo. Por eso, el mismo Lugar, despu\u00e9s de haber participado de las desgracias del pueblo, tambi\u00e9n particip\u00f3 de su restauraci\u00f3n y, habiendo sido abandonado en el tiempo de la ira del Todopoderoso, fue de nuevo restaurado con toda su gloria, cuando el gran Soberano se reconcili\u00f3 con \u00e9l\u00bb<\/em><\/span><\/p>\n<p class=\"p4\" style=\"padding-left: 30px\"><span class=\"s1\"><strong>\u232a<\/strong><\/span><span class=\"s1\"><strong> &nbsp; &nbsp;Purificaci\u00f3n del Templo:<\/strong><\/span><\/p>\n<p class=\"p1\"><span class=\"s1\">El Se\u00f1or dio la oportunidad al pueblo arrepentido de vencer al enemigo, en forma milagrosa.&nbsp; De inmediato, ellos se dedicaron a purificar el Templo. <\/span><\/p>\n<p class=\"p2\" style=\"text-align: center\"><span class=\"s2\">II Macabeos 10:1-8 &#8211; <\/span><span class=\"s2\"><em>\u00ab<\/em><\/span><em><span class=\"s1\">Macabeo y sus partidarios, guiados por el Se\u00f1or, recuperaron el Templo y la Ciudad, derribaron los altares erigidos por los extranjeros en la v\u00eda p\u00fablica y tambi\u00e9n los recintos <\/span><span class=\"s1\"><img data-recalc-dims=\"1\" loading=\"lazy\" decoding=\"async\" data-attachment-id=\"31979\" data-permalink=\"https:\/\/atravesdelasescrituras.com\/es_es\/rededicacion-templo\/\" data-orig-file=\"https:\/\/atravesdelasescrituras.com\/wp-content\/uploads\/2016\/12\/rededicacion-templo.jpg\" data-orig-size=\"189,267\" data-comments-opened=\"1\" data-image-meta=\"{&quot;aperture&quot;:&quot;0&quot;,&quot;credit&quot;:&quot;&quot;,&quot;camera&quot;:&quot;&quot;,&quot;caption&quot;:&quot;&quot;,&quot;created_timestamp&quot;:&quot;0&quot;,&quot;copyright&quot;:&quot;&quot;,&quot;focal_length&quot;:&quot;0&quot;,&quot;iso&quot;:&quot;0&quot;,&quot;shutter_speed&quot;:&quot;0&quot;,&quot;title&quot;:&quot;&quot;,&quot;orientation&quot;:&quot;0&quot;}\" data-image-title=\"rededicacion-templo\" data-image-description=\"\" data-image-caption=\"\" data-large-file=\"https:\/\/atravesdelasescrituras.com\/wp-content\/uploads\/2016\/12\/rededicacion-templo.jpg\" src=\"https:\/\/i0.wp.com\/atravesdelasescrituras.com\/wp-content\/uploads\/2016\/12\/rededicacion-templo.jpg?resize=227%2C321&#038;ssl=1\" class=\"alignright wp-image-31979\" alt=\"rededicacion templo.jpg\" width=\"227\" height=\"321\"><\/span><span class=\"s1\">sagrados. &nbsp;Una vez purificado el Templo, construyeron otro altar. Luego, sacando fuego del pedernal, ofrecieron un sacrificio, despu\u00e9s de dos a\u00f1os de interrupci\u00f3n, y renovaron el incienso, las l\u00e1mparas y los panes de la ofrenda. Hecho esto, postrados profundamente, suplicaron al Se\u00f1or que nunca m\u00e1s los dejara caer en semejantes desgracias, y si alguna vez volv\u00edan a pecar, los corrigiera \u00e9l mismo con bondad, en lugar de entregarlos a los paganos blasfemos y crueles\u00bb<\/span><\/em><\/p>\n<p class=\"p2\"><span class=\"s1\">El mismo d\u00eda en que el Templo hab\u00eda sido profanado por los extranjeros \u2014es decir, el veinticinco del mes de Quisleu\u2014 tuvo lugar la purificaci\u00f3n del Templo. Todos la celebraron con alegr\u00eda, durante ocho d\u00edas, como se celebra la fiesta de los Tabern\u00e1culos, recordando que poco tiempo antes hab\u00edan tenido que pasar esa misma fiesta en las monta\u00f1as y las cavernas, igual que las fieras. Por eso, llevando en la mano tirsos, ramas verdes y palmas, elevaban himnos a Aquel que hab\u00eda llevado a t\u00e9rmino la purificaci\u00f3n de su Lugar santo. Y por una resoluci\u00f3n votada p\u00fablicamente, ordenaron que toda la naci\u00f3n de los jud\u00edos celebrara cada a\u00f1o esta misma fiesta.<\/span><\/p>\n<p class=\"p4\"><span class=\"s1\">\u2026y por esta raz\u00f3n, en estos d\u00edas estamos celebrando JANUKA, la Fiesta de la Dedicaci\u00f3n.<\/span><\/p>\n<p class=\"p1\" style=\"text-align: center\"><span class=\"s1\">II Macabeos 2:16-18 &#8211; <\/span><span class=\"s1\"><em>\u00ab<\/em><\/span><em><span class=\"s2\">Les escribimos esto, pr\u00f3ximos a celebrar la purificaci\u00f3n del Templo; tambi\u00e9n ustedes hagan lo posible por celebrar estos d\u00edas.&nbsp; El Dios que salv\u00f3 a todo su pueblo y concedi\u00f3 a todos la herencia, el reino, el sacerdocio y la santificaci\u00f3n,&nbsp;como lo hab\u00eda prometido por medio de la Ley, ese mismo Dios \u2014as\u00ed lo esperamos\u2014 tendr\u00e1 compasi\u00f3n de nosotros y nos reunir\u00e1 en el Santuario, desde todas las partes de la tierra. Porque \u00e9l nos ha librado de graves males y ha purificado el Lugar santo\u00bb<\/span><\/em><\/p>\n<p class=\"p1\"><span class=\"s1\">Tradicionalmente se enciende primero la vela conocida como \u00ab<\/span><span class=\"s1\"><em>SIERVO<\/em><\/span><span class=\"s1\">\u00ab, que es la que sirve para encender las dem\u00e1s. \u00c9sta es una imagen del Mes\u00edas, que nos da su luz, y luego&nbsp;nosotros podemos llevar esa luz a los dem\u00e1s.<\/span><span class=\"s1\"><img data-recalc-dims=\"1\" loading=\"lazy\" decoding=\"async\" data-attachment-id=\"31981\" data-permalink=\"https:\/\/atravesdelasescrituras.com\/es_es\/januka\/\" data-orig-file=\"https:\/\/atravesdelasescrituras.com\/wp-content\/uploads\/2016\/12\/januka.jpg\" data-orig-size=\"640,640\" data-comments-opened=\"1\" data-image-meta=\"{&quot;aperture&quot;:&quot;0&quot;,&quot;credit&quot;:&quot;&quot;,&quot;camera&quot;:&quot;&quot;,&quot;caption&quot;:&quot;&quot;,&quot;created_timestamp&quot;:&quot;0&quot;,&quot;copyright&quot;:&quot;&quot;,&quot;focal_length&quot;:&quot;0&quot;,&quot;iso&quot;:&quot;0&quot;,&quot;shutter_speed&quot;:&quot;0&quot;,&quot;title&quot;:&quot;&quot;,&quot;orientation&quot;:&quot;0&quot;}\" data-image-title=\"januka\" data-image-description=\"\" data-image-caption=\"\" data-large-file=\"https:\/\/atravesdelasescrituras.com\/wp-content\/uploads\/2016\/12\/januka.jpg\" src=\"https:\/\/i0.wp.com\/atravesdelasescrituras.com\/wp-content\/uploads\/2016\/12\/januka.jpg?resize=245%2C245&#038;ssl=1\" class=\"alignright wp-image-31981\" alt=\"januka.jpg\" width=\"245\" height=\"245\"><\/span><\/p>\n<p class=\"p1\"><span class=\"s1\">Jes\u00fas dijo: <\/span><\/p>\n<p class=\"p3\" style=\"text-align: center\"><span class=\"s1\">Juan&nbsp;12:46<\/span><span class=\"s1\"><i> &#8211; \u00abYo, la luz, he venido al mundo, para que todo aquel que cree en m\u00ed no permanezca en tinieblas\u00bb<\/i><\/span><\/p>\n<p class=\"p1\"><span class=\"s1\">Tambi\u00e9n dijo:<\/span><\/p>\n<p class=\"p3\" style=\"text-align: center\"><span class=\"s1\">Juan&nbsp;8:12<\/span><span class=\"s1\"><i> &#8211; \u00abOtra vez Jes\u00fas les habl\u00f3, diciendo: Yo soy la luz del mundo; el que me sigue, no andar\u00e1 en tinieblas, sino que tendr\u00e1 la luz de la vida\u00bb<\/i><\/span><\/p>\n<p class=\"p1\"><span class=\"s1\">De sus seguidores, \u00c9l dijo:<\/span><\/p>\n<p class=\"p3\" style=\"text-align: center\"><span class=\"s1\">Mateo 5:14-16<\/span><span class=\"s1\"><i> &#8211; \u00abVosotros sois la luz del mundo; una ciudad asentada sobre un monte no se puede esconder.&nbsp;&nbsp; Ni se enciende una luz y se pone debajo de un almud, sino sobre el candelero, y alumbra a todos los que est\u00e1n en casa.&nbsp;&nbsp; As\u00ed alumbre vuestra luz delante de los hombres, para que vean vuestras buenas obras, y glorifiquen a vuestro Padre que est\u00e1n los cielos\u00bb<\/i><\/span><\/p>\n<p class=\"p3\" style=\"text-align: center\"><img data-recalc-dims=\"1\" loading=\"lazy\" decoding=\"async\" data-attachment-id=\"31982\" data-permalink=\"https:\/\/atravesdelasescrituras.com\/es_es\/luz_del_mundo2\/\" data-orig-file=\"https:\/\/atravesdelasescrituras.com\/wp-content\/uploads\/2016\/12\/luz_del_mundo2.jpg\" data-orig-size=\"320,226\" data-comments-opened=\"1\" data-image-meta=\"{&quot;aperture&quot;:&quot;0&quot;,&quot;credit&quot;:&quot;&quot;,&quot;camera&quot;:&quot;&quot;,&quot;caption&quot;:&quot;&quot;,&quot;created_timestamp&quot;:&quot;0&quot;,&quot;copyright&quot;:&quot;&quot;,&quot;focal_length&quot;:&quot;0&quot;,&quot;iso&quot;:&quot;0&quot;,&quot;shutter_speed&quot;:&quot;0&quot;,&quot;title&quot;:&quot;&quot;,&quot;orientation&quot;:&quot;0&quot;}\" data-image-title=\"luz_del_mundo2\" data-image-description=\"\" data-image-caption=\"\" data-large-file=\"https:\/\/atravesdelasescrituras.com\/wp-content\/uploads\/2016\/12\/luz_del_mundo2.jpg\" src=\"https:\/\/i0.wp.com\/atravesdelasescrituras.com\/wp-content\/uploads\/2016\/12\/luz_del_mundo2.jpg?resize=320%2C226&#038;ssl=1\" class=\"aligncenter size-full wp-image-31982\" alt=\"luz_del_mundo2.jpg\" width=\"320\" height=\"226\"><\/p>\n<p class=\"p1\" style=\"text-align: center\"><span class=\"s2\">Que tengan todos una feliz fiesta, que en hebreo se dice: <\/span><\/p>\n<p class=\"p1\" style=\"text-align: center\"><span class=\"s3\">\u00a1<\/span><span class=\"s3\"><b>Jag Sam\u00e9aj<\/b><\/span><span class=\"s3\">!<\/span><\/p>\n","protected":false},"excerpt":{"rendered":"<p>Introducci\u00f3n: Januka es una fiesta hist\u00f3rica de Israel. &nbsp;Se celebra durante ocho d\u00edas, entre el 24 de Kislev al 2 de Tevet.&nbsp; En el calendario romano de este a\u00f1o, caer\u00e1 en las fechas del 20 de diciembre (por la noche) al 28 de diciembre (por la ma\u00f1ana). La fiesta de Januka celebra la re-dedicaci\u00f3n del [&hellip;]<\/p>\n","protected":false},"author":80235555,"featured_media":31984,"comment_status":"open","ping_status":"open","sticky":false,"template":"","format":"gallery","meta":{"_coblocks_attr":"","_coblocks_dimensions":"","_coblocks_responsive_height":"","_coblocks_accordion_ie_support":"","_gspb_post_css":"","advanced_seo_description":"","jetpack_seo_html_title":"","jetpack_seo_noindex":false,"jetpack_seo_schema_type":"","_jetpack_newsletter_access":"","_jetpack_dont_email_post_to_subs":false,"_jetpack_newsletter_tier_id":0,"_jetpack_memberships_contains_paywalled_content":false,"_wpcom_ai_launchpad_first_post":false,"_jetpack_feature_clip_id":0,"_jetpack_memberships_contains_paid_content":false,"footnotes":"","jetpack_publicize_message":"","jetpack_publicize_feature_enabled":true,"jetpack_social_post_already_shared":false,"jetpack_social_options":{"image_generator_settings":{"template":"highway","default_image_id":0,"font":"","enabled":false},"version":2},"jetpack_post_was_ever_published":false},"categories":[3908365],"tags":[33291094,930551,551776550,23239403,64805002,333275,23348958,162140,21943,163982277,28658330,188818,81044188,3097179,704395,33918474,78398990,138978,1883263,551776533,859853,26791587,2274105,135113309,947861,45763276,551776555,53745357,8452489,551776560],"class_list":["post-31983","post","type-post","status-publish","format-gallery","has-post-thumbnail","hentry","category-estudios-varios","tag-abominacion-desoladora","tag-alejandro-magno","tag-ana-y-sus-siete-hijos","tag-antioco-epifanes","tag-antioco-iv","tag-anticristo","tag-casandro","tag-coran","tag-daniel","tag-fiesta-de-la-dedicacion","tag-fiesta-de-las-luces","tag-grecia","tag-helenizacion","tag-januka","tag-jerusalen","tag-judas-macabeo","tag-lisimaco","tag-luz","tag-macabeos","tag-majedi","tag-martirio","tag-matatias","tag-monte-del-templo","tag-profanacion-del-templo","tag-ptolomeo","tag-purificacion-del-templo","tag-sacerdocio-corrupto","tag-seleuco","tag-tercer-templo","tag-yeshua-la-luz","post_format-post-format-gallery"],"blocksy_meta":{"styles_descriptor":{"styles":{"desktop":"","tablet":"","mobile":""},"google_fonts":[],"version":7}},"jetpack_publicize_connections":[],"jetpack_likes_enabled":true,"jetpack_sharing_enabled":true,"jetpack_shortlink":"https:\/\/wp.me\/p5HWJ5-8jR","jetpack-related-posts":[],"brizy_media":[],"jetpack_featured_media_url":"https:\/\/atravesdelasescrituras.com\/wp-content\/uploads\/2016\/12\/hanuka1.jpg","_links":{"self":[{"href":"https:\/\/atravesdelasescrituras.com\/es_es\/wp-json\/wp\/v2\/posts\/31983","targetHints":{"allow":["GET"]}}],"collection":[{"href":"https:\/\/atravesdelasescrituras.com\/es_es\/wp-json\/wp\/v2\/posts"}],"about":[{"href":"https:\/\/atravesdelasescrituras.com\/es_es\/wp-json\/wp\/v2\/types\/post"}],"author":[{"embeddable":true,"href":"https:\/\/atravesdelasescrituras.com\/es_es\/wp-json\/wp\/v2\/users\/80235555"}],"replies":[{"embeddable":true,"href":"https:\/\/atravesdelasescrituras.com\/es_es\/wp-json\/wp\/v2\/comments?post=31983"}],"version-history":[{"count":2,"href":"https:\/\/atravesdelasescrituras.com\/es_es\/wp-json\/wp\/v2\/posts\/31983\/revisions"}],"predecessor-version":[{"id":56551,"href":"https:\/\/atravesdelasescrituras.com\/es_es\/wp-json\/wp\/v2\/posts\/31983\/revisions\/56551"}],"wp:featuredmedia":[{"embeddable":true,"href":"https:\/\/atravesdelasescrituras.com\/es_es\/wp-json\/wp\/v2\/media\/31984"}],"wp:attachment":[{"href":"https:\/\/atravesdelasescrituras.com\/es_es\/wp-json\/wp\/v2\/media?parent=31983"}],"wp:term":[{"taxonomy":"category","embeddable":true,"href":"https:\/\/atravesdelasescrituras.com\/es_es\/wp-json\/wp\/v2\/categories?post=31983"},{"taxonomy":"post_tag","embeddable":true,"href":"https:\/\/atravesdelasescrituras.com\/es_es\/wp-json\/wp\/v2\/tags?post=31983"}],"curies":[{"name":"wp","href":"https:\/\/api.w.org\/{rel}","templated":true}]}}