{"id":32014,"date":"2016-12-21T16:10:23","date_gmt":"2016-12-21T16:10:23","guid":{"rendered":"https:\/\/atravesdelasescrituras.com\/?p=32014"},"modified":"2016-12-21T16:11:39","modified_gmt":"2016-12-21T16:11:39","slug":"12-yeshua-ben-yosef","status":"publish","type":"post","link":"https:\/\/atravesdelasescrituras.com\/es_es\/2016\/12\/21\/12-yeshua-ben-yosef\/","title":{"rendered":"12. Yeshua Ben Yosef"},"content":{"rendered":"<p>El nacimiento, la vida y la muerte de Jes\u00fas seg\u00fan el Nuevo Testamento:<\/p>\n<p style=\"text-align:center;\">Mateo 1:18-21 &#8211; <em>\u201c<span class=\"s1\">El nacimiento de Jesucristo fue as\u00ed: Estando desposada Mar\u00eda su madre con Jos\u00e9, antes que se juntasen, se hall\u00f3 que hab\u00eda concebido del Esp\u00edritu Santo. (19)\u00a0<\/span><span class=\"s1\">Jos\u00e9 su marido, como era justo, y no quer\u00eda infamarla, quiso dejarla secretamente. (20)\u00a0<\/span><span class=\"s1\">Y pensando \u00e9l en esto, he aqu\u00ed un \u00e1ngel del Se\u00f1or le apareci\u00f3 en sue\u00f1os y le dijo: Jos\u00e9, hijo de David, no temas recibir a Mar\u00eda tu mujer, porque lo que en ella es engendrado, del Esp\u00edritu Santo es. (21)\u00a0<\/span><span class=\"s1\">Y dar\u00e1 a luz un hijo, y llamar\u00e1s su nombre JES\u00daS, porque \u00e9l salvar\u00e1 a su pueblo de sus pecados\u201d<\/span><\/em><\/p>\n<p>El \u00e1ngel Gabriel se hab\u00eda aparecido a Mar\u00eda diciendo:<\/p>\n<p style=\"text-align:center;\">Lucas 1:30-35 &#8211; <em>\u00ab<span class=\"s1\">Entonces el \u00e1ngel le dijo: Mar\u00eda, no temas, porque has hallado gracia delante de Dios. (31)\u00a0<\/span><span class=\"s1\">Y ahora, concebir\u00e1s en tu vientre, y dar\u00e1s a luz un hijo, y llamar\u00e1s su nombre JES\u00daS. (32)\u00a0<\/span><span class=\"s1\">Este ser\u00e1 grande, y ser\u00e1 llamado Hijo del Alt\u00edsimo; y el Se\u00f1or Dios le dar\u00e1 el trono de David su padre; (33)\u00a0<\/span><span class=\"s1\">y reinar\u00e1 sobre la casa de Jacob para siempre, y su reino no tendr\u00e1 fin. (34)\u00a0<\/span><span class=\"s1\">Entonces Mar\u00eda dijo al \u00e1ngel: \u00bfC\u00f3mo ser\u00e1 esto? pues no conozco var\u00f3n\u00a0<\/span><span class=\"s1\">(35)\u00a0<\/span><span class=\"s1\">Respondiendo el \u00e1ngel, le dijo: El Esp\u00edritu Santo vendr\u00e1 sobre ti, y el poder del Alt\u00edsimo te cubrir\u00e1 con su sombra; por lo cual tambi\u00e9n el Santo Ser que nacer\u00e1, ser\u00e1 llamado Hijo de Dios<\/span>\u00bb\u00a0<\/em><\/p>\n<p style=\"text-align:center;\">Durante su embarazo Mar\u00eda residi\u00f3 unos tres meses, con su pariente Elisabet y su marido, el sacerdote Zacar\u00edas. Elisabet\u00a0tambi\u00e9n estaba encinta, seg\u00fan la proclamaci\u00f3n de un \u00e1ngel.<\/p>\n<p style=\"text-align:center;\">Lucas 1:13-17 &#8211; <em>\u00ab<span class=\"s1\">Pero el \u00e1ngel le dijo: Zacar\u00edas, no temas; porque tu oraci\u00f3n ha sido o\u00edda, y tu mujer Elisabet te dar\u00e1 a luz un hijo, y llamar\u00e1s su nombre Juan. (14)\u00a0<\/span><span class=\"s1\">Y tendr\u00e1s gozo y alegr\u00eda, y muchos se regocijar\u00e1n de su nacimiento; (15)\u00a0<\/span><span class=\"s1\">porque ser\u00e1 grande delante de Dios. No beber\u00e1 vino ni sidra, y ser\u00e1 lleno del Esp\u00edritu Santo, aun desde el vientre de su madre. (16)\u00a0<\/span><span class=\"s1\">Y har\u00e1 que muchos de los hijos de Israel se conviertan al Se\u00f1or Dios de ellos. (17)\u00a0<\/span><span class=\"s1\">E ir\u00e1 delante de \u00e9l con el esp\u00edritu y el poder de El\u00edas, para hacer volver los corazones de los padres a los hijos, y de los rebeldes a la prudencia de los justos, para preparar al Se\u00f1or un pueblo bien dispuesto<\/span>\u00bb\u00a0<\/em><\/p>\n<p>Mar\u00eda, antes de su parto, dej\u00f3 la casa de Elisabet y volvi\u00f3 a su casa.<\/p>\n<p style=\"text-align:center;\"><img data-recalc-dims=\"1\" fetchpriority=\"high\" decoding=\"async\" data-attachment-id=\"32001\" data-permalink=\"https:\/\/atravesdelasescrituras.com\/es_es\/2016\/12\/17\/nacio-jesusyeshua-en-navidad\/nacimiento-de-jesus-2\/\" data-orig-file=\"https:\/\/atravesdelasescrituras.com\/wp-content\/uploads\/2016\/12\/nacimiento-de-jesucc81s1.jpg\" data-orig-size=\"1024,683\" data-comments-opened=\"1\" data-image-meta=\"{&quot;aperture&quot;:&quot;0&quot;,&quot;credit&quot;:&quot;Jaimie Trueblood&quot;,&quot;camera&quot;:&quot;&quot;,&quot;caption&quot;:&quot;DF-09134\\nNativity\\n,  \\nMay 18, 2006\\nPhoto by Jaimie Trueblood\/newline.wireimage.com\\n\\nTo license this image (9139053), contact NewLine:\\nU.S. +1-212-686-8900 \/ U.K. +44-207 659 2815 \/ Australia +61-2-8262-9222 \/ Japan: +81-3-5464-7020\\n+1 212-686-8901 (fax)\\ninfo@wireimage.com (e-mail)\\nNewLine.wireimage.com (web site)&quot;,&quot;created_timestamp&quot;:&quot;1156415594&quot;,&quot;copyright&quot;:&quot;&quot;,&quot;focal_length&quot;:&quot;0&quot;,&quot;iso&quot;:&quot;0&quot;,&quot;shutter_speed&quot;:&quot;0&quot;,&quot;title&quot;:&quot;&quot;,&quot;orientation&quot;:&quot;1&quot;}\" data-image-title=\"nacimiento-de-jesus\" data-image-description=\"\" data-image-caption=\"&lt;p&gt;DF-09134&lt;br \/&gt;\nNativity&lt;br \/&gt;\n,&lt;br \/&gt;\nMay 18, 2006&lt;br \/&gt;\nPhoto by Jaimie Trueblood\/newline.wireimage.com&lt;\/p&gt;\n&lt;p&gt;To license this image (9139053), contact NewLine:&lt;br \/&gt;\nU.S. +1-212-686-8900 \/ U.K. +44-207 659 2815 \/ Australia +61-2-8262-9222 \/ Japan: +81-3-5464-7020&lt;br \/&gt;\n+1 212-686-8901 (fax)&lt;br \/&gt;\ninfo@wireimage.com (e-mail)&lt;br \/&gt;\nNewLine.wireimage.com (web site)&lt;\/p&gt;\n\" data-large-file=\"https:\/\/atravesdelasescrituras.com\/wp-content\/uploads\/2016\/12\/nacimiento-de-jesucc81s1.jpg\" class=\"  wp-image-32001 aligncenter\" src=\"https:\/\/i0.wp.com\/atravesdelasescrituras.com\/wp-content\/uploads\/2016\/12\/nacimiento-de-jesucc81s1.jpg?resize=304%2C203&#038;ssl=1\" alt=\"nacimiento-de-jesus\" width=\"304\" height=\"203\" \/><\/p>\n<p style=\"text-align:center;\">Lucas 2:1, 3-11 &#8211; <em>\u00abAconteci\u00f3 en aquellos d\u00edas que se promulg\u00f3 un edicto de parte de Augusto C\u00e9sar, que todo el mundo fuera empadronado. E iban todos para ser empadronados, cada uno a su ciudad. Tambi\u00e9n Jos\u00e9 subi\u00f3 de Galilea, de la ciudad de Nazaret, a judea, la ciudad deDavid, que se llama Bel\u00e9n, por cuanto era de la casa\u00a0y familia de David, para ser empadronado con Mar\u00eda su mujer, desposada con \u00e9l, la cual estaba encinta. Aconteci\u00f3 que estando ellos all\u00ed se le cumplieron los d\u00edas de su alumbramiento. Y dio a luz a su hijo primog\u00e9nito, y lo envolvi\u00f3 en pa\u00f1ales y lo acost\u00f3 en un pesebre, porque no hab\u00eda lugar para ellos en el mes\u00f3n. Hab\u00eda pastores en la misma regi\u00f3n, que velaban y guardaban las vigilias de la noche sobre su reba\u00f1o. Y se les present\u00f3 un \u00e1ngel del Se\u00f1or y la gloria del Se\u00f1or los rode\u00f3 de resplandor, y tuvieron gran temor. Pero el \u00e1ngel les dijo: \u2014No tem\u00e1is, porque yo os doy nuevas de gran gozo, que ser\u00e1 para todo el pueblo: que os ha nacido hoy, en la ciudad de David, un Salvador, que es Cristo el Se\u00f1or\u00bb\u00a0<\/em><\/p>\n<p>Jes\u00fas (<em>hebr. Yeshua<\/em>) naci\u00f3 en Bel\u00e9n en la familia de Mar\u00eda y Jos\u00e9 entre los a\u00f1os 7-2 antes de nuestra era. Tanto Jos\u00e9 como Mar\u00eda eran de la familia de David. Jes\u00fas fue circuncidado con la edad de ocho d\u00edas en el Templo de Jerusal\u00e9n.<\/p>\n<p style=\"text-align:center;\">Lucas 2:22, 25-34 &#8211; <em>\u00abCuando se cumplieron los d\u00edas de la purificaci\u00f3n de ellos conforme a la Ley de Mois\u00e9s, lo trajeron a Jerusal\u00e9n para presentarlo al Se\u00f1or. Hab\u00eda en Jerusal\u00e9n un hombre llamado Sime\u00f3n. Este hombre, justo y piadoso, esperaba la consolaci\u00f3n de Israel; y el Esp\u00edritu Santo estaba sobre \u00e9l. Y le hab\u00eda sido revelado por el Esp\u00edritu Santo que no ver\u00eda la muerte antes que viera al Ungido del Se\u00f1or. Movido por el Esp\u00edritu, vino al Templo. Cuando los padres del ni\u00f1o Jes\u00fas lo trajeron al Templo para hacer por \u00e9l conforme al rito de la Ley, \u00e9l lo tom\u00f3 en sus brazos y bendijo a Dios, diciendo: <\/em><\/p>\n<p><em>\u00abAhora, Se\u00f1or, despides a tu siervo en paz, conforme a tu palabra porque han visto mis ojos tu salvaci\u00f3n, la cual has preparado en presencia de todos los pueblos; luz para revelaci\u00f3n a los gentiles y gloria de tu pueblo Israel\u00bb. Jos\u00e9 y su madre estaban maravillados de todo lo que se dec\u00eda de \u00e9l. Los bendijo Sime\u00f3n, y dijo a su madre Mar\u00eda: \u2014\u00c9ste est\u00e1 puesto para ca\u00edda y para levantamiento de muchos en Israel\u00bb\u00a0<\/em><\/p>\n<p style=\"text-align:center;\"><img data-recalc-dims=\"1\" decoding=\"async\" data-attachment-id=\"32017\" data-permalink=\"https:\/\/atravesdelasescrituras.com\/es_es\/2016\/12\/21\/12-yeshua-ben-yosef\/anciano-simeon\/\" data-orig-file=\"https:\/\/atravesdelasescrituras.com\/wp-content\/uploads\/2016\/12\/anciano-simeocc81n.jpg\" data-orig-size=\"750,380\" data-comments-opened=\"1\" data-image-meta=\"{&quot;aperture&quot;:&quot;0&quot;,&quot;credit&quot;:&quot;Lionel&quot;,&quot;camera&quot;:&quot;&quot;,&quot;caption&quot;:&quot;&quot;,&quot;created_timestamp&quot;:&quot;1442123616&quot;,&quot;copyright&quot;:&quot;&quot;,&quot;focal_length&quot;:&quot;0&quot;,&quot;iso&quot;:&quot;0&quot;,&quot;shutter_speed&quot;:&quot;0&quot;,&quot;title&quot;:&quot;&quot;,&quot;orientation&quot;:&quot;0&quot;}\" data-image-title=\"anciano-simeon\" data-image-description=\"\" data-image-caption=\"\" data-large-file=\"https:\/\/atravesdelasescrituras.com\/wp-content\/uploads\/2016\/12\/anciano-simeocc81n.jpg\" class=\"alignnone  wp-image-32017\" src=\"https:\/\/i0.wp.com\/atravesdelasescrituras.com\/wp-content\/uploads\/2016\/12\/anciano-simeocc81n.jpg?resize=384%2C195&#038;ssl=1\" alt=\"Anciano-Simeo\u0301n.jpg\" width=\"384\" height=\"195\" \/><\/p>\n<p>Herodes el Grande, al haber o\u00eddo que un nuevo rey de los jud\u00edos hab\u00eda nacido en Bel\u00e9n, mand\u00f3 a matar a todos los infantes varones menores de dos a\u00f1os. Jos\u00e9 huy\u00f3 de Herodes con su familia a Egipto sin volver a su ciudad de origen hasta despu\u00e9s de la muerte de Herodes. Herodes falleci\u00f3 en el palacio de Jeric\u00f3 con 70 a\u00f1os, alrededor de los a\u00f1os 4-2 a.C.<\/p>\n<p style=\"text-align:center;\">Mateo 2:13-15, Oseas 11:1 &#8211; <em>\u00abDespu\u00e9s que partieron ellos, un \u00e1ngel del Se\u00f1or apareci\u00f3 en sue\u00f1os a Jos\u00e9 y le dijo: \u00abLev\u00e1ntate, toma al ni\u00f1o y a su madre, y huye a Egipto. Permanece all\u00e1 hasta que yo te diga, porque acontecer\u00e1 que Herodes buscar\u00e1 al ni\u00f1o para matarlo.\u00bb Entonces \u00e9l, despertando, tom\u00f3 de noche al ni\u00f1o y a su madre, y se fue a Egipto.Estuvo all\u00ed hasta la muerte de Herodes, para que se cumpliera lo que dijo el Se\u00f1or por medio del profeta, cuando dijo: \u00abDe Egipto llam\u00e9 a mi Hijo\u00bb\u00a0<\/em><\/p>\n<p style=\"text-align:center;\"><img data-recalc-dims=\"1\" decoding=\"async\" data-attachment-id=\"32018\" data-permalink=\"https:\/\/atravesdelasescrituras.com\/es_es\/2016\/12\/21\/12-yeshua-ben-yosef\/herodes-el-grande\/\" data-orig-file=\"https:\/\/atravesdelasescrituras.com\/wp-content\/uploads\/2016\/12\/herodes-el-grande.png\" data-orig-size=\"458,242\" data-comments-opened=\"1\" data-image-meta=\"{&quot;aperture&quot;:&quot;0&quot;,&quot;credit&quot;:&quot;&quot;,&quot;camera&quot;:&quot;&quot;,&quot;caption&quot;:&quot;&quot;,&quot;created_timestamp&quot;:&quot;0&quot;,&quot;copyright&quot;:&quot;&quot;,&quot;focal_length&quot;:&quot;0&quot;,&quot;iso&quot;:&quot;0&quot;,&quot;shutter_speed&quot;:&quot;0&quot;,&quot;title&quot;:&quot;&quot;,&quot;orientation&quot;:&quot;0&quot;}\" data-image-title=\"herodes-el-grande\" data-image-description=\"\" data-image-caption=\"\" data-large-file=\"https:\/\/atravesdelasescrituras.com\/wp-content\/uploads\/2016\/12\/herodes-el-grande.png\" class=\"aligncenter  wp-image-32018\" src=\"https:\/\/i0.wp.com\/atravesdelasescrituras.com\/wp-content\/uploads\/2016\/12\/herodes-el-grande.png?resize=371%2C196&#038;ssl=1\" alt=\"Herodes el grande.png\" width=\"371\" height=\"196\" \/><\/p>\n<p>Lucas 2:40 &#8211; <em>\u00abEl ni\u00f1o crec\u00eda y se fortalec\u00eda, se llenaba de sabidur\u00eda y la gracia de Dios era sobre \u00e9l\u00bb\u00a0<\/em><\/p>\n<p>Jes\u00fas viv\u00eda con sus padres, con sus hermanos Jacobo, jud\u00e1, Sim\u00f3n y Jos\u00e9, y con sus hermanas, en Nazaret de Galilea. Mar\u00eda y Jos\u00e9 educaron\u00a0a Jes\u00fas para respetar las costumbres jud\u00edas y conocer la ley.<\/p>\n<p><img data-recalc-dims=\"1\" loading=\"lazy\" decoding=\"async\" data-attachment-id=\"32016\" data-permalink=\"https:\/\/atravesdelasescrituras.com\/es_es\/2016\/12\/21\/12-yeshua-ben-yosef\/1-cover-of-jesus-at-the-temple\/\" data-orig-file=\"https:\/\/atravesdelasescrituras.com\/wp-content\/uploads\/2016\/12\/1-cover-of-jesus-at-the-temple.jpg\" data-orig-size=\"640,422\" data-comments-opened=\"1\" data-image-meta=\"{&quot;aperture&quot;:&quot;0&quot;,&quot;credit&quot;:&quot;&quot;,&quot;camera&quot;:&quot;&quot;,&quot;caption&quot;:&quot;&quot;,&quot;created_timestamp&quot;:&quot;0&quot;,&quot;copyright&quot;:&quot;&quot;,&quot;focal_length&quot;:&quot;0&quot;,&quot;iso&quot;:&quot;0&quot;,&quot;shutter_speed&quot;:&quot;0&quot;,&quot;title&quot;:&quot;&quot;,&quot;orientation&quot;:&quot;0&quot;}\" data-image-title=\"1-cover-of-jesus-at-the-temple\" data-image-description=\"\" data-image-caption=\"\" data-large-file=\"https:\/\/atravesdelasescrituras.com\/wp-content\/uploads\/2016\/12\/1-cover-of-jesus-at-the-temple.jpg\" class=\"aligncenter  wp-image-32016\" src=\"https:\/\/i0.wp.com\/atravesdelasescrituras.com\/wp-content\/uploads\/2016\/12\/1-cover-of-jesus-at-the-temple.jpg?resize=332%2C219&#038;ssl=1\" alt=\"1-cover-of-jesus-at-the-temple.jpg\" width=\"332\" height=\"219\" \/><\/p>\n<p>Jes\u00fas iba a la sinagoga los s\u00e1bados, y durante las grandes fiestas al Templo de Jerusal\u00e9n.<\/p>\n<p>Fue carpintero de profesi\u00f3n y compatibilizaba\u00a0el trabajo con pasar tiempo con la gente, orar y estudiar las escrituras. <img data-recalc-dims=\"1\" loading=\"lazy\" decoding=\"async\" data-attachment-id=\"32019\" data-permalink=\"https:\/\/atravesdelasescrituras.com\/es_es\/2016\/12\/21\/12-yeshua-ben-yosef\/carpintero\/\" data-orig-file=\"https:\/\/atravesdelasescrituras.com\/wp-content\/uploads\/2016\/12\/carpintero.jpg\" data-orig-size=\"373,480\" data-comments-opened=\"1\" data-image-meta=\"{&quot;aperture&quot;:&quot;0&quot;,&quot;credit&quot;:&quot;&quot;,&quot;camera&quot;:&quot;&quot;,&quot;caption&quot;:&quot;&quot;,&quot;created_timestamp&quot;:&quot;0&quot;,&quot;copyright&quot;:&quot;&quot;,&quot;focal_length&quot;:&quot;0&quot;,&quot;iso&quot;:&quot;0&quot;,&quot;shutter_speed&quot;:&quot;0&quot;,&quot;title&quot;:&quot;&quot;,&quot;orientation&quot;:&quot;0&quot;}\" data-image-title=\"carpintero\" data-image-description=\"\" data-image-caption=\"\" data-large-file=\"https:\/\/atravesdelasescrituras.com\/wp-content\/uploads\/2016\/12\/carpintero.jpg\" class=\"alignright  wp-image-32019\" src=\"https:\/\/i0.wp.com\/atravesdelasescrituras.com\/wp-content\/uploads\/2016\/12\/carpintero.jpg?resize=185%2C238&#038;ssl=1\" alt=\"carpintero.jpg\" width=\"185\" height=\"238\" \/><\/p>\n<p>Juan Bautista, hijo de Elisabet y Zacar\u00edas, el sacerdote, exhort\u00f3 el pueblo para que se arrepintiese de sus pecados y preparase el camino para el Se\u00f1or. Los habitantes de Jud\u00e1, Jerusal\u00e9n y de las riberas del Jord\u00e1n caminaban para verle a Juan que bautizaba a los que confesaban sus pecados.<\/p>\n<p style=\"text-align:center;\">Marcos 1:4-5, 7-8 &#8211; <em>\u00ab<span class=\"s1\">Bautizaba Juan en el desierto, y predicaba el bautismo de arrepentimiento para perd\u00f3n de pecados. (5)\u00a0<\/span><span class=\"s1\">Y sal\u00edan a \u00e9l toda la provincia de Judea, y todos los de Jerusal\u00e9n; y eran bautizados por \u00e9l en el r\u00edo Jord\u00e1n, confesando sus pecados&#8230;.<\/span><\/em><\/p>\n<p style=\"text-align:center;\"><em><span class=\"s1\"> (7)\u00a0<\/span><span class=\"s1\">Y predicaba, diciendo: Viene tras m\u00ed el que es m\u00e1s poderoso que yo, a quien no soy digno de desatar encorvado la correa de su calzado. (8)\u00a0<\/span><span class=\"s1\">Yo a la verdad os he bautizado con agua; pero \u00e9l os bautizar\u00e1 con Esp\u00edritu Santo<\/span>\u00ab<\/em><\/p>\n<p>Jes\u00fas tambi\u00e9n fue a Juan para ser bautizado.<\/p>\n<p style=\"text-align:center;\">Marcos 1:9-11 &#8211; <em>\u00ab<span class=\"s1\">Aconteci\u00f3 en aquellos d\u00edas, que Jes\u00fas vino de Nazaret de Galilea, y fue bautizado por Juan en el Jord\u00e1n. (10)\u00a0<\/span><span class=\"s1\">Y luego, cuando sub\u00eda del agua, vio abrirse los cielos, y al Esp\u00edritu como paloma que descend\u00eda sobre \u00e9l. (11)\u00a0<\/span><span class=\"s1\">Y vino una voz de los cielos que dec\u00eda: T\u00fa eres mi Hijo amado; en ti tengo complacencia<\/span>\u00ab<img data-recalc-dims=\"1\" loading=\"lazy\" decoding=\"async\" data-attachment-id=\"32020\" data-permalink=\"https:\/\/atravesdelasescrituras.com\/es_es\/2016\/12\/21\/12-yeshua-ben-yosef\/bautismo-de-jesus1\/\" data-orig-file=\"https:\/\/atravesdelasescrituras.com\/wp-content\/uploads\/2016\/12\/bautismo-de-jesus1.jpg\" data-orig-size=\"800,1024\" data-comments-opened=\"1\" data-image-meta=\"{&quot;aperture&quot;:&quot;0&quot;,&quot;credit&quot;:&quot;&quot;,&quot;camera&quot;:&quot;&quot;,&quot;caption&quot;:&quot;&quot;,&quot;created_timestamp&quot;:&quot;0&quot;,&quot;copyright&quot;:&quot;&quot;,&quot;focal_length&quot;:&quot;0&quot;,&quot;iso&quot;:&quot;0&quot;,&quot;shutter_speed&quot;:&quot;0&quot;,&quot;title&quot;:&quot;&quot;,&quot;orientation&quot;:&quot;0&quot;}\" data-image-title=\"bautismo-de-jesus1\" data-image-description=\"\" data-image-caption=\"\" data-large-file=\"https:\/\/atravesdelasescrituras.com\/wp-content\/uploads\/2016\/12\/bautismo-de-jesus1.jpg\" class=\"alignleft  wp-image-32020\" src=\"https:\/\/i0.wp.com\/atravesdelasescrituras.com\/wp-content\/uploads\/2016\/12\/bautismo-de-jesus1.jpg?resize=199%2C255&#038;ssl=1\" alt=\"bautismo-de-jesus1.jpg\" width=\"199\" height=\"255\" \/><\/em><\/p>\n<p>Despu\u00e9s de su bautismo Jes\u00fas pasaba 40 d\u00edas en el desierto siendo tentado por Satan\u00e1s y prepar\u00e1ndose para su objetivo, Venci\u00f3 las tentaciones referi\u00e9ndose a las escrituras.<\/p>\n<p>Despu\u00e9s de esto dej\u00f3 su ciudad de residencia, Nazaret, y se estableci\u00f3 en Capernaum que est\u00e1 en la regi\u00f3n de la tribus de Zabul\u00f3n y Neftal\u00ed.<\/p>\n<p style=\"text-align:center;\">Isa\u00edas 9:1 &#8211; <em>\u00ab<span class=\"s1\">Mas no habr\u00e1 siempre oscuridad para la que est\u00e1 ahora en angustia, tal como la aflicci\u00f3n que le vino en el tiempo que livianamente tocaron la primera vez a la tierra de Zabul\u00f3n y a la tierra de Neftal\u00ed; pues al fin llenar\u00e1 de gloria el camino del mar, de aquel lado del Jord\u00e1n, en Galilea de los gentiles<\/span>\u00ab<\/em><\/p>\n<p>La actividad p\u00fablica de Jes\u00fas dur\u00f3 unos tres a\u00f1os, desarroll\u00e1ndose\u00a0sobre todo en Galilea y en los alrededores de Jerusal\u00e9n. Galilea, d\u00f3nde la pesca, la agricultura, y el comercio fueron las principales actividades econ\u00f3micas, fue llamada el atrio de los gentiles, en contraste con la erudici\u00f3n jud\u00eda que se centraba en Jerusal\u00e9n.<\/p>\n<p>Jes\u00fas fue manso y humilde de coraz\u00f3n, lleno de amor, misericordia\u00a0y perd\u00f3n. Fue tambi\u00e9n un gran intercesor, maestro y pastor de almas. Se mov\u00eda entre el pueblo compartiendo las alegr\u00edas y penas de la vida cotidiana\u00a0con la gente. Sirvi\u00f3 al pueblo incluso\u00a0haciendo muchos milagros: transform\u00f3 el agua en vino, anduvo sobre las aguas, san\u00f3 a los enfermos y levant\u00f3 a los muertos, evidenciando as\u00ed su gloria.<\/p>\n<p style=\"text-align:center;\">Lucas 6:19 &#8211;<em> \u00abToda la gente procuraba tocarlo, porque poder sal\u00eda de \u00e9l y sanaba a todos\u00bb<\/em><\/p>\n<p style=\"text-align:center;\"><em><img data-recalc-dims=\"1\" loading=\"lazy\" decoding=\"async\" data-attachment-id=\"32021\" data-permalink=\"https:\/\/atravesdelasescrituras.com\/es_es\/2016\/12\/21\/12-yeshua-ben-yosef\/jesus-y-las-multitudes\/\" data-orig-file=\"https:\/\/atravesdelasescrituras.com\/wp-content\/uploads\/2016\/12\/jesus-y-las-multitudes.jpg\" data-orig-size=\"748,430\" data-comments-opened=\"1\" data-image-meta=\"{&quot;aperture&quot;:&quot;0&quot;,&quot;credit&quot;:&quot;&quot;,&quot;camera&quot;:&quot;&quot;,&quot;caption&quot;:&quot;&quot;,&quot;created_timestamp&quot;:&quot;0&quot;,&quot;copyright&quot;:&quot;&quot;,&quot;focal_length&quot;:&quot;0&quot;,&quot;iso&quot;:&quot;0&quot;,&quot;shutter_speed&quot;:&quot;0&quot;,&quot;title&quot;:&quot;&quot;,&quot;orientation&quot;:&quot;0&quot;}\" data-image-title=\"jesus-y-las-multitudes\" data-image-description=\"\" data-image-caption=\"\" data-large-file=\"https:\/\/atravesdelasescrituras.com\/wp-content\/uploads\/2016\/12\/jesus-y-las-multitudes.jpg\" class=\"alignnone  wp-image-32021\" src=\"https:\/\/i0.wp.com\/atravesdelasescrituras.com\/wp-content\/uploads\/2016\/12\/jesus-y-las-multitudes.jpg?resize=348%2C200&#038;ssl=1\" alt=\"Jesus y las multitudes.jpg\" width=\"348\" height=\"200\" \/>\u00a0<\/em><\/p>\n<p>Jes\u00fas eligi\u00f3 doce disc\u00edpulos de entre sus seguidores jud\u00edos conforme a la cantidad de las tribus de Israel: los hermanos pescadores galileos Sim\u00f3n Pedro y Andr\u00e9s, los hijos de Zebedeo, Jacobo y Juan, Mateo el publicano, Sim\u00f3n llamado Zelote, Felipe, Bartolom\u00e9, Tom\u00e1s, Jacobo hijo de Alfeo, Tadeo o Judas y Judas Iscariote, que posteriormente fue reemplazado por Mat\u00edas.<\/p>\n<p><img data-recalc-dims=\"1\" loading=\"lazy\" decoding=\"async\" data-attachment-id=\"32022\" data-permalink=\"https:\/\/atravesdelasescrituras.com\/es_es\/2016\/12\/21\/12-yeshua-ben-yosef\/jesus-christ-apostle\/\" data-orig-file=\"https:\/\/atravesdelasescrituras.com\/wp-content\/uploads\/2016\/12\/jesus-christ-apostle.jpg\" data-orig-size=\"800,365\" data-comments-opened=\"1\" data-image-meta=\"{&quot;aperture&quot;:&quot;0&quot;,&quot;credit&quot;:&quot;&quot;,&quot;camera&quot;:&quot;&quot;,&quot;caption&quot;:&quot;&quot;,&quot;created_timestamp&quot;:&quot;0&quot;,&quot;copyright&quot;:&quot;&quot;,&quot;focal_length&quot;:&quot;0&quot;,&quot;iso&quot;:&quot;0&quot;,&quot;shutter_speed&quot;:&quot;0&quot;,&quot;title&quot;:&quot;&quot;,&quot;orientation&quot;:&quot;1&quot;}\" data-image-title=\"jesus-christ-apostle\" data-image-description=\"\" data-image-caption=\"\" data-large-file=\"https:\/\/atravesdelasescrituras.com\/wp-content\/uploads\/2016\/12\/jesus-christ-apostle.jpg\" class=\"  wp-image-32022 aligncenter\" src=\"https:\/\/i0.wp.com\/atravesdelasescrituras.com\/wp-content\/uploads\/2016\/12\/jesus-christ-apostle.jpg?resize=412%2C188&#038;ssl=1\" alt=\"Jesus-Christ-Apostle.jpg\" width=\"412\" height=\"188\" \/><\/p>\n<p>Jes\u00fas ense\u00f1\u00f3 que el reino de Dios era espiritual y eterno, en el que hab\u00eda lugar para todo tipo de personas y que ese reino exist\u00eda interiormente en los creyentes. Jes\u00fas exhort\u00f3 a toda persona a nacer de nuevo de lo alto, creer en el Padre y en el Hijo, vivir amando a Dios y obedeciendo su voluntad. Jes\u00fas ense\u00f1\u00f3 a amar y bendecir incluso a los enemigos, tener misericordia y perdonar sin venganza y sin juicio. Jes\u00fas d\u00edjo que era el buen pastor que conoc\u00eda a los suyos.<\/p>\n<p>En su Serm\u00f3n del Monte Jes\u00fas ense\u00f1\u00f3 a la gente a andar correctamente delante del Se\u00f1or de la siguiente manera:<\/p>\n<p style=\"text-align:center;\">Mateo 5:3-9 &#8211; <em>\u00ab<span class=\"s1\">Bienaventurados los pobres en esp\u00edritu, porque de ellos es el reino de los cielos. (4)\u00a0<\/span><span class=\"s1\">Bienaventurados los que lloran, porque ellos recibir\u00e1n consolaci\u00f3n. (5)\u00a0<\/span><span class=\"s1\">Bienaventurados los mansos, porque ellos recibir\u00e1n la tierra por heredad. (6)\u00a0<\/span><span class=\"s1\">Bienaventurados los que tienen hambre y sed de justicia, porque ellos ser\u00e1n saciados. (7)\u00a0<\/span><span class=\"s1\">Bienaventurados los misericordiosos, porque ellos alcanzar\u00e1n misericordia. (8)\u00a0<\/span><span class=\"s1\">Bienaventurados los de limpio coraz\u00f3n, porque ellos ver\u00e1n a Dios. (9)\u00a0<\/span><span class=\"s1\">Bienaventurados los pacificadores, porque ellos ser\u00e1n llamados hijos de Dios<\/span>\u00bb\u00a0<\/em><\/p>\n<p style=\"text-align:center;\"><img data-recalc-dims=\"1\" loading=\"lazy\" decoding=\"async\" data-attachment-id=\"32023\" data-permalink=\"https:\/\/atravesdelasescrituras.com\/es_es\/2016\/12\/21\/12-yeshua-ben-yosef\/sermon-monte\/\" data-orig-file=\"https:\/\/atravesdelasescrituras.com\/wp-content\/uploads\/2016\/12\/sermon-monte.png\" data-orig-size=\"600,256\" data-comments-opened=\"1\" data-image-meta=\"{&quot;aperture&quot;:&quot;0&quot;,&quot;credit&quot;:&quot;&quot;,&quot;camera&quot;:&quot;&quot;,&quot;caption&quot;:&quot;&quot;,&quot;created_timestamp&quot;:&quot;0&quot;,&quot;copyright&quot;:&quot;&quot;,&quot;focal_length&quot;:&quot;0&quot;,&quot;iso&quot;:&quot;0&quot;,&quot;shutter_speed&quot;:&quot;0&quot;,&quot;title&quot;:&quot;&quot;,&quot;orientation&quot;:&quot;0&quot;}\" data-image-title=\"sermon-monte\" data-image-description=\"\" data-image-caption=\"\" data-large-file=\"https:\/\/atravesdelasescrituras.com\/wp-content\/uploads\/2016\/12\/sermon-monte.png\" class=\"aligncenter  wp-image-32023\" src=\"https:\/\/i0.wp.com\/atravesdelasescrituras.com\/wp-content\/uploads\/2016\/12\/sermon-monte.png?resize=408%2C174&#038;ssl=1\" alt=\"sermon-monte.png\" width=\"408\" height=\"174\" \/><\/p>\n<p style=\"text-align:center;\">Mateo 5:39, 42, 44 &#8211; <em>\u00ab<span class=\"s1\">Pero yo os digo: No resist\u00e1is al que es malo; antes, a cualquiera que te hiera en la mejilla derecha, vu\u00e9lvele tambi\u00e9n la otra&#8230; (42)\u00a0<\/span><span class=\"s1\">Al que te pida, dale; y al que quiera tomar de ti prestado, no se lo reh\u00fases&#8230; (44)\u00a0<\/span><span class=\"s1\">Pero yo os digo: Amad a vuestros enemigos, bendecid a los que os maldicen, haced bien a los que os aborrecen, y orad por los que os ultrajan y os persiguen<\/span>\u00ab<\/em><\/p>\n<p style=\"text-align:center;\">Mateo 7:1, 12 &#8211; \u00ab<em><span class=\"s1\">No juzgu\u00e9is, para que no se\u00e1is juzgados&#8230; (12)\u00a0<\/span><span class=\"s1\">As\u00ed que, todas las cosas que quer\u00e1is que los hombres hagan con vosotros, as\u00ed tambi\u00e9n haced vosotros con ellos; porque esto es la ley y los profetas\u00bb<\/span><\/em><\/p>\n<p>Jes\u00fas envi\u00f3 a sus disc\u00edpulos en parejas para proclamar sobre el reino de Dios y les dio poder para sanar a los enfermos. Cientos de jud\u00edos, hombres, mujeres y ni\u00f1os, siguieron a Jes\u00fas.<\/p>\n<p style=\"text-align:center;\">Lucas 9:1-2 \u00a0&#8211; <em>\u00ab<span class=\"s1\">Habiendo reunido a sus doce disc\u00edpulos, les dio poder y autoridad sobre todos los demonios, y para sanar enfermedades. (2)\u00a0<\/span><span class=\"s1\">Y los envi\u00f3 a predicar el reino de Dios, y a sanar a los enfermos<\/span>\u00ab<\/em><\/p>\n<p>Las ense\u00f1anzas de Jes\u00fas se basaban en el Tanaj, o sea la Biblia\u00a0hebrea, sin embargo, era cr\u00edtico hacia las tradiciones humanas.<\/p>\n<p>Jes\u00fas convers\u00f3 con los escribas sobre la interpretaci\u00f3n de la ley procurando renovar el juda\u00edsmo. Por ejemplo, el <img data-recalc-dims=\"1\" loading=\"lazy\" decoding=\"async\" data-attachment-id=\"32024\" data-permalink=\"https:\/\/atravesdelasescrituras.com\/es_es\/2016\/12\/21\/12-yeshua-ben-yosef\/jesus-y-fariseos\/\" data-orig-file=\"https:\/\/atravesdelasescrituras.com\/wp-content\/uploads\/2016\/12\/jesus-y-fariseos.jpg\" data-orig-size=\"248,246\" data-comments-opened=\"1\" data-image-meta=\"{&quot;aperture&quot;:&quot;0&quot;,&quot;credit&quot;:&quot;&quot;,&quot;camera&quot;:&quot;&quot;,&quot;caption&quot;:&quot;&quot;,&quot;created_timestamp&quot;:&quot;0&quot;,&quot;copyright&quot;:&quot;&quot;,&quot;focal_length&quot;:&quot;0&quot;,&quot;iso&quot;:&quot;0&quot;,&quot;shutter_speed&quot;:&quot;0&quot;,&quot;title&quot;:&quot;&quot;,&quot;orientation&quot;:&quot;0&quot;}\" data-image-title=\"jesus-y-fariseos\" data-image-description=\"\" data-image-caption=\"\" data-large-file=\"https:\/\/atravesdelasescrituras.com\/wp-content\/uploads\/2016\/12\/jesus-y-fariseos.jpg\" class=\"  wp-image-32024 alignright\" src=\"https:\/\/i0.wp.com\/atravesdelasescrituras.com\/wp-content\/uploads\/2016\/12\/jesus-y-fariseos.jpg?resize=230%2C228&#038;ssl=1\" alt=\"Jesus y fariseos.jpg\" width=\"230\" height=\"228\" \/>Sabbat con sus prohibiciones se hab\u00eda convertido en uno de los d\u00edas m\u00e1s pesados de la semana en vez de ser el d\u00eda del descanso. Jes\u00fas destac\u00f3 que el Sabbat era para el hombre, no el hombre para el Sabbat. Muchos se molestaron con \u00e9l, y tambi\u00e9n con su trato con los \u00ab<em>pecadores<\/em>\u00ab.<\/p>\n<p>Desde el punto de vista de los fariseos Jes\u00fas era desde\u00f1oso ninguneando los mandamientos. Jes\u00fas dijo que no hab\u00eda venido para deshacer la ley ni los profetas sino para cumplirlas. La ley revela al hombre su pecado y como el hombre no es capaz de justificarse con sus propias obras, necesita expiaci\u00f3n.<\/p>\n<p>Jes\u00fas critic\u00f3, igual que los profetas, la auto-justificaci\u00f3n y la hipocres\u00eda de los creyentes; dio mucha importancia a la renovaci\u00f3n interna y la relaci\u00f3n correcta con Dios y con el pr\u00f3jimo. La palabra de Dios debe estar siempre en nuestra mente y en las obras de nuestras manos.<\/p>\n<p style=\"text-align:center;\">Deuteronomio 11:18 &#8211; <em>\u00ab<span class=\"s1\">Por tanto, pondr\u00e9is estas mis palabras en vuestro coraz\u00f3n y en vuestra alma, y las atar\u00e9is como se\u00f1al en vuestra mano, y ser\u00e1n por frontales entre vuestros ojos<\/span>\u00bb\u00a0<\/em><\/p>\n<p style=\"text-align:center;\"><img data-recalc-dims=\"1\" loading=\"lazy\" decoding=\"async\" data-attachment-id=\"32025\" data-permalink=\"https:\/\/atravesdelasescrituras.com\/es_es\/2016\/12\/21\/12-yeshua-ben-yosef\/img_0452\/\" data-orig-file=\"https:\/\/atravesdelasescrituras.com\/wp-content\/uploads\/2016\/12\/img_0452.jpg\" data-orig-size=\"554,317\" data-comments-opened=\"1\" data-image-meta=\"{&quot;aperture&quot;:&quot;0&quot;,&quot;credit&quot;:&quot;&quot;,&quot;camera&quot;:&quot;&quot;,&quot;caption&quot;:&quot;&quot;,&quot;created_timestamp&quot;:&quot;0&quot;,&quot;copyright&quot;:&quot;&quot;,&quot;focal_length&quot;:&quot;0&quot;,&quot;iso&quot;:&quot;0&quot;,&quot;shutter_speed&quot;:&quot;0&quot;,&quot;title&quot;:&quot;&quot;,&quot;orientation&quot;:&quot;1&quot;}\" data-image-title=\"img_0452\" data-image-description=\"\" data-image-caption=\"\" data-large-file=\"https:\/\/atravesdelasescrituras.com\/wp-content\/uploads\/2016\/12\/img_0452.jpg\" class=\"aligncenter  wp-image-32025\" src=\"https:\/\/i0.wp.com\/atravesdelasescrituras.com\/wp-content\/uploads\/2016\/12\/img_0452.jpg?resize=341%2C195&#038;ssl=1\" alt=\"IMG_0452.JPG\" width=\"341\" height=\"195\" \/><\/p>\n<p>Un fariseo llamado Nicodemo, miembro del Concilio, se acerc\u00f3 a Jes\u00fas una noche reconociendo que sus ense\u00f1anzas eran de Dios.<img data-recalc-dims=\"1\" loading=\"lazy\" decoding=\"async\" data-attachment-id=\"32026\" data-permalink=\"https:\/\/atravesdelasescrituras.com\/es_es\/2016\/12\/21\/12-yeshua-ben-yosef\/nicodemo\/\" data-orig-file=\"https:\/\/atravesdelasescrituras.com\/wp-content\/uploads\/2016\/12\/nicodemo.jpg\" data-orig-size=\"400,283\" data-comments-opened=\"1\" data-image-meta=\"{&quot;aperture&quot;:&quot;0&quot;,&quot;credit&quot;:&quot;&quot;,&quot;camera&quot;:&quot;&quot;,&quot;caption&quot;:&quot;&quot;,&quot;created_timestamp&quot;:&quot;0&quot;,&quot;copyright&quot;:&quot;&quot;,&quot;focal_length&quot;:&quot;0&quot;,&quot;iso&quot;:&quot;0&quot;,&quot;shutter_speed&quot;:&quot;0&quot;,&quot;title&quot;:&quot;&quot;,&quot;orientation&quot;:&quot;0&quot;}\" data-image-title=\"nicodemo\" data-image-description=\"\" data-image-caption=\"\" data-large-file=\"https:\/\/atravesdelasescrituras.com\/wp-content\/uploads\/2016\/12\/nicodemo.jpg\" class=\"  wp-image-32026 alignright\" src=\"https:\/\/i0.wp.com\/atravesdelasescrituras.com\/wp-content\/uploads\/2016\/12\/nicodemo.jpg?resize=257%2C182&#038;ssl=1\" alt=\"Nicodemo.jpg\" width=\"257\" height=\"182\" \/><\/p>\n<p style=\"text-align:center;\">Juan 3:2 &#8211; <em>\u00ab<span class=\"s1\">Este vino a Jes\u00fas de noche, y le dijo: Rab\u00ed, sabemos que has venido de Dios como maestro; porque nadie puede hacer estas se\u00f1ales que t\u00fa haces, si no est\u00e1 Dios con \u00e9l<\/span>\u00bb\u00a0<\/em><\/p>\n<p>Jes\u00fas no cumpli\u00f3 las expectativas de todos sobre c\u00f3mo ser\u00eda el Mes\u00edas, incluso sus propios hermanos en principio no cre\u00edan que \u00e9l fuese el Mes\u00edas. Las expectativas mesi\u00e1nicas de los jud\u00edos estaban muy centradas en la realeza del Mes\u00edas, esperando que bajo su liderazgo el pueblo elegido pudiese vencer a los romanos.<\/p>\n<p>La transfiguraci\u00f3n de Jes\u00fas aconteci\u00f3 en un monte.<\/p>\n<p style=\"text-align:center;\">Mateo 17:1-3, 5 &#8211; <em>\u00abJes\u00fas tom\u00f3 a Pedro, a Jacobo y a su hermano Juan, y los llev\u00f3 aparte a un monte alto. All\u00ed se transfigur\u00f3 delante de ellos, y resplandeci\u00f3 su rostro como el sol, y sus vestidos se hicieron blancos como la luz. Y se les aparecieron Mois\u00e9s y El\u00edas, que hablaban con \u00e9l. Mientras \u00e9l a\u00fan hablaba, una nube de luz los cubri\u00f3 y se oy\u00f3 una voz desde la nube, que dec\u00eda: \u00ab\u00c9ste es mi Hijo amado, en quien tengo complacencia; a \u00e9l o\u00edd\u00bb\u00bb\u00a0<\/em><\/p>\n<p style=\"text-align:center;\"><em><img data-recalc-dims=\"1\" loading=\"lazy\" decoding=\"async\" data-attachment-id=\"32027\" data-permalink=\"https:\/\/atravesdelasescrituras.com\/es_es\/2016\/12\/21\/12-yeshua-ben-yosef\/tranfiguracion-de-jesus\/\" data-orig-file=\"https:\/\/atravesdelasescrituras.com\/wp-content\/uploads\/2016\/12\/tranfiguracion-de-jesus.jpg\" data-orig-size=\"534,396\" data-comments-opened=\"1\" data-image-meta=\"{&quot;aperture&quot;:&quot;0&quot;,&quot;credit&quot;:&quot;&quot;,&quot;camera&quot;:&quot;&quot;,&quot;caption&quot;:&quot;&quot;,&quot;created_timestamp&quot;:&quot;0&quot;,&quot;copyright&quot;:&quot;&quot;,&quot;focal_length&quot;:&quot;0&quot;,&quot;iso&quot;:&quot;0&quot;,&quot;shutter_speed&quot;:&quot;0&quot;,&quot;title&quot;:&quot;&quot;,&quot;orientation&quot;:&quot;0&quot;}\" data-image-title=\"tranfiguracion-de-jesus\" data-image-description=\"\" data-image-caption=\"\" data-large-file=\"https:\/\/atravesdelasescrituras.com\/wp-content\/uploads\/2016\/12\/tranfiguracion-de-jesus.jpg\" class=\"  wp-image-32027 aligncenter\" src=\"https:\/\/i0.wp.com\/atravesdelasescrituras.com\/wp-content\/uploads\/2016\/12\/tranfiguracion-de-jesus.jpg?resize=365%2C271&#038;ssl=1\" alt=\"tranfiguracion-de-jesus.jpg\" width=\"365\" height=\"271\" \/><\/em><\/p>\n<p style=\"text-align:center;\">Juan 17:5, 24 &#8211; <em>\u00abAhora pues, Padre, glorif\u00edcame t\u00fa al lado tuyo, con aquella gloria que tuve contigo antes que el mundo existiera. Padre, aquellos que me has dado, quiero que donde yo est\u00e9, tambi\u00e9n ellos est\u00e9n conmigo, para que vean mi gloria que me has dado, pues me has amado desde antes de la fundaci\u00f3n del mundo\u00bb\u00a0<\/em><\/p>\n<p>En el tercer a\u00f1o de su actividad, durante la \u00e9poca preparativa del P\u00e9saj, o la Pascua, Jes\u00fas<em><img data-recalc-dims=\"1\" loading=\"lazy\" decoding=\"async\" data-attachment-id=\"32028\" data-permalink=\"https:\/\/atravesdelasescrituras.com\/es_es\/2016\/12\/21\/12-yeshua-ben-yosef\/entrada-triunfal\/\" data-orig-file=\"https:\/\/atravesdelasescrituras.com\/wp-content\/uploads\/2016\/12\/entrada-triunfal.jpg\" data-orig-size=\"527,494\" data-comments-opened=\"1\" data-image-meta=\"{&quot;aperture&quot;:&quot;0&quot;,&quot;credit&quot;:&quot;AnaBC&quot;,&quot;camera&quot;:&quot;&quot;,&quot;caption&quot;:&quot;&quot;,&quot;created_timestamp&quot;:&quot;0&quot;,&quot;copyright&quot;:&quot;&quot;,&quot;focal_length&quot;:&quot;0&quot;,&quot;iso&quot;:&quot;0&quot;,&quot;shutter_speed&quot;:&quot;0&quot;,&quot;title&quot;:&quot;&quot;,&quot;orientation&quot;:&quot;0&quot;}\" data-image-title=\"entrada-triunfal\" data-image-description=\"\" data-image-caption=\"\" data-large-file=\"https:\/\/atravesdelasescrituras.com\/wp-content\/uploads\/2016\/12\/entrada-triunfal.jpg\" class=\"  wp-image-32028 alignright\" src=\"https:\/\/i0.wp.com\/atravesdelasescrituras.com\/wp-content\/uploads\/2016\/12\/entrada-triunfal.jpg?resize=255%2C239&#038;ssl=1\" alt=\"entrada triunfal.JPG\" width=\"255\" height=\"239\" \/><\/em> cabalg\u00f3 a Jerusal\u00e9n sobre un asno, y las multitudes aclamaban delante de \u00e9l:<\/p>\n<p style=\"text-align:center;\">Mateo 21:9 &#8211; <em>\u201cHosana (esp. Por favor, salva, \u00f3 Ayuda) al Hijo de David! .Bendito el que viene en el nombre del Se\u00f1or! \u00a1Hosana en las alturas!\u00bb\u00a0<\/em><\/p>\n<p>Durante la semana de la Pascua Jerusal\u00e9n estaba llena de los visitantes que hab\u00edan venido a las fiestas. Jes\u00fas ense\u00f1aba a la gente en el Templo pero ech\u00f3 fuera a latigazos todos que vend\u00edan y compraban en el Templo\u00a0dici\u00e9ndoles:<\/p>\n<p><img data-recalc-dims=\"1\" loading=\"lazy\" decoding=\"async\" data-attachment-id=\"32029\" data-permalink=\"https:\/\/atravesdelasescrituras.com\/es_es\/2016\/12\/21\/12-yeshua-ben-yosef\/purificacion-del-tmeplo\/\" data-orig-file=\"https:\/\/atravesdelasescrituras.com\/wp-content\/uploads\/2016\/12\/purificaciocc81n-del-tmeplo.jpg\" data-orig-size=\"400,345\" data-comments-opened=\"1\" data-image-meta=\"{&quot;aperture&quot;:&quot;0&quot;,&quot;credit&quot;:&quot;&quot;,&quot;camera&quot;:&quot;&quot;,&quot;caption&quot;:&quot;&quot;,&quot;created_timestamp&quot;:&quot;0&quot;,&quot;copyright&quot;:&quot;&quot;,&quot;focal_length&quot;:&quot;0&quot;,&quot;iso&quot;:&quot;0&quot;,&quot;shutter_speed&quot;:&quot;0&quot;,&quot;title&quot;:&quot;&quot;,&quot;orientation&quot;:&quot;0&quot;}\" data-image-title=\"purificacion-del-tmeplo\" data-image-description=\"\" data-image-caption=\"\" data-large-file=\"https:\/\/atravesdelasescrituras.com\/wp-content\/uploads\/2016\/12\/purificaciocc81n-del-tmeplo.jpg\" class=\"  wp-image-32029 alignleft\" src=\"https:\/\/i0.wp.com\/atravesdelasescrituras.com\/wp-content\/uploads\/2016\/12\/purificaciocc81n-del-tmeplo.jpg?resize=226%2C195&#038;ssl=1\" alt=\"purificacio\u0301n del tmeplo.jpg\" width=\"226\" height=\"195\" \/><\/p>\n<p style=\"text-align:center;\">Mateo 21:13 &#8211; <em>\u00ab\u00abEscrito est\u00e1: \u00abMi casa, casa de oraci\u00f3n ser\u00e1 llamada\u00bb, pero vosotros la hab\u00e9is hecho cueva de ladrones\u00bb\u00bb<\/em><\/p>\n<p>Jes\u00fas celebr\u00f3 la Pascua con sus disc\u00edpulos tomando pan aleudado y vino en la cena \u00ab<em>Seder<\/em>\u00ab. Antes de su \u00faltima cena Jes\u00fas tambi\u00e9n lav\u00f3 los pies de sus disc\u00edpulos como ejemplo para servir y andar en pureza. Al tomar las copas que forman parte del Seder dijo:<\/p>\n<p><em>Lucas 22:20 &#8211;<\/em> \u00abEsta copa es el nuevo pacto en mi sangre, que por vosotros se derrama\u00bb<\/p>\n<p><img data-recalc-dims=\"1\" loading=\"lazy\" decoding=\"async\" data-attachment-id=\"32030\" data-permalink=\"https:\/\/atravesdelasescrituras.com\/es_es\/2016\/12\/21\/12-yeshua-ben-yosef\/pascua-jesus-y-discipulos\/\" data-orig-file=\"https:\/\/atravesdelasescrituras.com\/wp-content\/uploads\/2016\/12\/pascua-jesus-y-discipulos.jpg\" data-orig-size=\"600,369\" data-comments-opened=\"1\" data-image-meta=\"{&quot;aperture&quot;:&quot;0&quot;,&quot;credit&quot;:&quot;&quot;,&quot;camera&quot;:&quot;&quot;,&quot;caption&quot;:&quot;&quot;,&quot;created_timestamp&quot;:&quot;0&quot;,&quot;copyright&quot;:&quot;&quot;,&quot;focal_length&quot;:&quot;0&quot;,&quot;iso&quot;:&quot;0&quot;,&quot;shutter_speed&quot;:&quot;0&quot;,&quot;title&quot;:&quot;&quot;,&quot;orientation&quot;:&quot;0&quot;}\" data-image-title=\"pascua-jesus-y-discipulos\" data-image-description=\"\" data-image-caption=\"\" data-large-file=\"https:\/\/atravesdelasescrituras.com\/wp-content\/uploads\/2016\/12\/pascua-jesus-y-discipulos.jpg\" class=\"  wp-image-32030 aligncenter\" src=\"https:\/\/i0.wp.com\/atravesdelasescrituras.com\/wp-content\/uploads\/2016\/12\/pascua-jesus-y-discipulos.jpg?resize=331%2C204&#038;ssl=1\" alt=\"pascua jesus y discipulos.jpg\" width=\"331\" height=\"204\" \/><\/p>\n<p>Por la noche, despu\u00e9s de la cena, empezaron los verdaderos sufrimientos de Jes\u00fas en el huerto de Getseman\u00ed.<\/p>\n<p>Judas Iscariote, uno de los disc\u00edpulos, iba, acompa\u00f1ado por un grupo, a Getseman\u00ed para traicionarle a Jes\u00fas. <img data-recalc-dims=\"1\" loading=\"lazy\" decoding=\"async\" data-attachment-id=\"32031\" data-permalink=\"https:\/\/atravesdelasescrituras.com\/es_es\/2016\/12\/21\/12-yeshua-ben-yosef\/judas-le-entrega\/\" data-orig-file=\"https:\/\/atravesdelasescrituras.com\/wp-content\/uploads\/2016\/12\/judas-le-entrega.gif\" data-orig-size=\"320,391\" data-comments-opened=\"1\" data-image-meta=\"{&quot;aperture&quot;:&quot;0&quot;,&quot;credit&quot;:&quot;&quot;,&quot;camera&quot;:&quot;&quot;,&quot;caption&quot;:&quot;&quot;,&quot;created_timestamp&quot;:&quot;0&quot;,&quot;copyright&quot;:&quot;&quot;,&quot;focal_length&quot;:&quot;0&quot;,&quot;iso&quot;:&quot;0&quot;,&quot;shutter_speed&quot;:&quot;0&quot;,&quot;title&quot;:&quot;&quot;,&quot;orientation&quot;:&quot;0&quot;}\" data-image-title=\"judas-le-entrega\" data-image-description=\"\" data-image-caption=\"\" data-large-file=\"https:\/\/atravesdelasescrituras.com\/wp-content\/uploads\/2016\/12\/judas-le-entrega.gif\" class=\"  wp-image-32031 alignright\" src=\"https:\/\/i0.wp.com\/atravesdelasescrituras.com\/wp-content\/uploads\/2016\/12\/judas-le-entrega.gif?resize=204%2C249&#038;ssl=1\" alt=\"Judas le entrega.gif\" width=\"204\" height=\"249\" \/>Posteriormente Judas se arrepinti\u00f3 y se ahorc\u00f3. Siervos de los sacerdotes y ancianos, junto con unos vigilantes, detuvieron a Jes\u00fas. Fue llevado primero ante el sumo sacerdote An\u00e1s para interrogarle y luego al sumo sacerdote Caif\u00e1s ante el Concilio, que le conden\u00f3 por blasfemia.<\/p>\n<p>Nicodemo defendi\u00f3 a Jes\u00fas ante el Concilio y posteriormente, ayud\u00f3 incluso en el sepulto. Jes\u00fas fue todav\u00eda llevado ante Pilatos, despu\u00e9s ante Herodes Antipas, y luego de nuevo ante Pilatos. La multitud reclamaba la crucifixi\u00f3n de Jes\u00fas, y Pilatos termin\u00f3 envi\u00e1ndolo para ser azotado y crucificado por medio de los soldados romanos.<\/p>\n<p style=\"text-align:center;\">Mateo 27:28-29 &#8211; <em>\u00abLo desnudaron y le echaron encima un manto escarlata; pusieron sobre su cabeza una corona tejida de espinas, y una ca\u00f1a en su mano derecha; e hincando la rodilla delante de \u00e9l, se burlaban, diciendo: \u00a1Salve, rey de los jud\u00edos!\u00bb<\/em><\/p>\n<p style=\"text-align:center;\">Juan 19:17-18 &#8211; <em>\u00ab\u00c9l, cargando su cruz, sali\u00f3 al lugar llamado de la Calavera, en hebreo, G\u00f3lgota. All\u00ed lo crucificaron con otros dos, uno a cada lado, y Jes\u00fas en medio\u00bb\u00a0<\/em><\/p>\n<p style=\"text-align:center;\">Mateo 27:34-35 &#8211; <em>\u00bb &#8230;le dieron a beber vinagre mezclado con hiel; pero, despu\u00e9s de haberlo probado, no quiso beberlo. Cuando lo hubieron crucificado, repartieron entre s\u00ed sus vestidos, echando suertes para que se cumpliera lo dicho por el profeta: \u00abRepartieron entre s\u00ed mis vestidos, y sobre mi ropa echaron suertes\u00bb\u00bb\u00a0<\/em><\/p>\n<p style=\"text-align:center;\"><img data-recalc-dims=\"1\" loading=\"lazy\" decoding=\"async\" data-attachment-id=\"14881\" data-permalink=\"https:\/\/atravesdelasescrituras.com\/es_es\/2016\/08\/13\/azazel-chivo-expiatorio\/jesus76\/\" data-orig-file=\"https:\/\/atravesdelasescrituras.com\/wp-content\/uploads\/2016\/08\/jesus76.jpg\" data-orig-size=\"600,450\" data-comments-opened=\"1\" data-image-meta=\"{&quot;aperture&quot;:&quot;0&quot;,&quot;credit&quot;:&quot;&quot;,&quot;camera&quot;:&quot;&quot;,&quot;caption&quot;:&quot;&quot;,&quot;created_timestamp&quot;:&quot;0&quot;,&quot;copyright&quot;:&quot;&quot;,&quot;focal_length&quot;:&quot;0&quot;,&quot;iso&quot;:&quot;0&quot;,&quot;shutter_speed&quot;:&quot;0&quot;,&quot;title&quot;:&quot;&quot;,&quot;orientation&quot;:&quot;0&quot;}\" data-image-title=\"jesus76\" data-image-description=\"\" data-image-caption=\"\" data-large-file=\"https:\/\/atravesdelasescrituras.com\/wp-content\/uploads\/2016\/08\/jesus76.jpg\" class=\"  wp-image-14881 aligncenter\" src=\"https:\/\/i0.wp.com\/atravesdelasescrituras.com\/wp-content\/uploads\/2016\/08\/jesus76.jpg?resize=355%2C266&#038;ssl=1\" alt=\"jesus76\" width=\"355\" height=\"266\" \/><\/p>\n<p>Jes\u00fas fue crucificado por la ma\u00f1ana el d\u00eda del sacrificio de los corderos de la Pascua, entre dos ladrones en el monte Si\u00f3n de Jerusal\u00e9n (<em>aprox. el a\u00f1o 30 d.C<\/em>.). Presentes, adem\u00e1s de los soldados, estaban s\u00f3lo unos familiares entristecidos, como la madre y la t\u00eda de Jes\u00fas, y algunos viandantes. La crucifixi\u00f3n era uno de los castigos m\u00e1s crueles del sistema romano, que miles de jud\u00edos, y posteriormente tambi\u00e9n muchos cristianos, se vieron obligados a experimentar. El crucificado mor\u00eda lentamente, sangrando y sufriendo dolores extremos.<\/p>\n<p>En la agon\u00eda colgado en la cruz Jes\u00fas todav\u00eda suplic\u00f3 perd\u00f3n para la gente:<\/p>\n<p style=\"text-align:center;\">Lucas 23:34 &#8211; <em>\u00abPadre, perd\u00f3nalos, porque no saben lo que hacen\u00bb<\/em><\/p>\n<p style=\"text-align:center;\">Juan 19:30 &#8211; <em>\u00abCuando Jes\u00fas tom\u00f3 el vinagre, dijo: \u2014iConsumado es! E inclinando la cabeza, entreg\u00f3 el esp\u00edritu\u00bb\u00a0<\/em><\/p>\n<p style=\"text-align:center;\">Lucas 23:46 &#8211; <em>\u00abEntonces Jes\u00fas, clamando a gran voz, dijo: \u2014Padre, en tus manos encomiendo mi esp\u00edritu. Habiendo dicho esto, expir\u00f3\u00bb<\/em><\/p>\n<p style=\"text-align:center;\">Mateo 27:46, 50-52 &#8211; <em>\u00abCerca de La hora novena, Jes\u00fas clam\u00f3 a gran voz, diciendo: \u00abEl\u00ed, El\u00ed, ;lama sabactani?\u00bb (que significa: \u00abDios m\u00edo, Dios m\u00edo, \u00bfpor qu\u00e9 me has desamparado?\u00bb). Pero Jes\u00fas, habiendo otra vez clamado a gran voz, entreg\u00f3 el esp\u00edritu. Entonces el velo del Templo se rasg\u00f3 en dos, de arriba abajo; la tierra tembl\u00f3, las rocas se partieron, los sepulcros se abrieron y muchos cuerpos de santos que hab\u00edan dormido, se levantaron\u00bb<\/em><\/p>\n<p style=\"text-align:center;\"><img data-recalc-dims=\"1\" loading=\"lazy\" decoding=\"async\" data-attachment-id=\"32032\" data-permalink=\"https:\/\/atravesdelasescrituras.com\/es_es\/2016\/12\/21\/12-yeshua-ben-yosef\/perdonalos\/\" data-orig-file=\"https:\/\/atravesdelasescrituras.com\/wp-content\/uploads\/2016\/12\/perdonalos.jpg\" data-orig-size=\"720,540\" data-comments-opened=\"1\" data-image-meta=\"{&quot;aperture&quot;:&quot;0&quot;,&quot;credit&quot;:&quot;&quot;,&quot;camera&quot;:&quot;&quot;,&quot;caption&quot;:&quot;&quot;,&quot;created_timestamp&quot;:&quot;0&quot;,&quot;copyright&quot;:&quot;&quot;,&quot;focal_length&quot;:&quot;0&quot;,&quot;iso&quot;:&quot;0&quot;,&quot;shutter_speed&quot;:&quot;0&quot;,&quot;title&quot;:&quot;&quot;,&quot;orientation&quot;:&quot;0&quot;}\" data-image-title=\"perdonalos\" data-image-description=\"\" data-image-caption=\"\" data-large-file=\"https:\/\/atravesdelasescrituras.com\/wp-content\/uploads\/2016\/12\/perdonalos.jpg\" class=\"aligncenter  wp-image-32032\" src=\"https:\/\/i0.wp.com\/atravesdelasescrituras.com\/wp-content\/uploads\/2016\/12\/perdonalos.jpg?resize=387%2C290&#038;ssl=1\" alt=\"perdonalos.jpg\" width=\"387\" height=\"290\" \/><\/p>\n<p>Cuando Jes\u00fas hab\u00eda dado su vida en la cruz un soldado le traspas\u00f3 el costado. Los soldados quebraron las tibias de los dem\u00e1s crucificados, pero no las de Jes\u00fas. As\u00ed cumpli\u00f3 el mandamiento diciendo que no se quebrara ning\u00fan hueso del coca lado de la pascua &#8211; (<em>\u00c9xodo 12:46<\/em>).<\/p>\n<p>Despu\u00e9s de la muerte de Jes\u00fas la tierra empez\u00f3 a temblar y las rocas se partieron, algunos sepulcros se abrieron y muchos cuerpos\u00a0de los que se hab\u00edan dormido, se levantaron. El velo del Templo de Jerusal\u00e9n se parti\u00f3 en dos delante del Santo de los Santos, abriendo as\u00ed, simb\u00f3licamente, la entrada para toda la humanidad, al Santo de los Santos. lncluso el Talmud recoge que las puertas del Templo de Jerusal\u00e9n se abrieron solas y los sacrificios de expiaci\u00f3n perdieron su efecto unos 40 a\u00f1os antes de la destrucci\u00f3n del Templo de Jerusal\u00e9n, en el a\u00f1o 70 d. C.<\/p>\n<p><img data-recalc-dims=\"1\" loading=\"lazy\" decoding=\"async\" data-attachment-id=\"32033\" data-permalink=\"https:\/\/atravesdelasescrituras.com\/es_es\/2016\/12\/21\/12-yeshua-ben-yosef\/jesus-muere-centurion-velo-templo\/\" data-orig-file=\"https:\/\/atravesdelasescrituras.com\/wp-content\/uploads\/2016\/12\/jesus-muere-centurion-velo-templo.jpg\" data-orig-size=\"470,287\" data-comments-opened=\"1\" data-image-meta=\"{&quot;aperture&quot;:&quot;0&quot;,&quot;credit&quot;:&quot;&quot;,&quot;camera&quot;:&quot;&quot;,&quot;caption&quot;:&quot;&quot;,&quot;created_timestamp&quot;:&quot;0&quot;,&quot;copyright&quot;:&quot;&quot;,&quot;focal_length&quot;:&quot;0&quot;,&quot;iso&quot;:&quot;0&quot;,&quot;shutter_speed&quot;:&quot;0&quot;,&quot;title&quot;:&quot;&quot;,&quot;orientation&quot;:&quot;0&quot;}\" data-image-title=\"jesus-muere-centurion-velo-templo\" data-image-description=\"\" data-image-caption=\"\" data-large-file=\"https:\/\/atravesdelasescrituras.com\/wp-content\/uploads\/2016\/12\/jesus-muere-centurion-velo-templo.jpg\" class=\"aligncenter  wp-image-32033\" src=\"https:\/\/i0.wp.com\/atravesdelasescrituras.com\/wp-content\/uploads\/2016\/12\/jesus-muere-centurion-velo-templo.jpg?resize=382%2C233&#038;ssl=1\" alt=\"Jesus-muere-centurion-velo-templo.jpg\" width=\"382\" height=\"233\" \/><\/p>\n<p>El cad\u00e1ver de Jes\u00fas fue trasladado al sepulcro esta de Arimatea, miembro del Concilio.<\/p>\n<p style=\"text-align:center;\">Juan 19:40-42 &#8211; <em>\u00ab<span class=\"s1\">Tomaron, pues, el cuerpo de Jes\u00fas, y lo envolvieron en lienzos con especias arom\u00e1ticas, seg\u00fan es costumbre sepultar entre los jud\u00edos. (41)\u00a0<\/span><span class=\"s1\">Y en el lugar donde hab\u00eda sido crucificado, hab\u00eda un huerto, y en el huerto un sepulcro nuevo, en el cual a\u00fan no hab\u00eda sido puesto ninguno. (42)\u00a0<\/span><span class=\"s1\">All\u00ed, pues, por causa de la preparaci\u00f3n de la pascua de los jud\u00edos, y porque aquel sepulcro estaba cerca, pusieron a Jes\u00fas\u00bb<\/span><\/em><\/p>\n<p><img data-recalc-dims=\"1\" loading=\"lazy\" decoding=\"async\" data-attachment-id=\"32034\" data-permalink=\"https:\/\/atravesdelasescrituras.com\/es_es\/2016\/12\/21\/12-yeshua-ben-yosef\/sepultado\/\" data-orig-file=\"https:\/\/atravesdelasescrituras.com\/wp-content\/uploads\/2016\/12\/sepultado.jpg\" data-orig-size=\"448,565\" data-comments-opened=\"1\" data-image-meta=\"{&quot;aperture&quot;:&quot;0&quot;,&quot;credit&quot;:&quot;&quot;,&quot;camera&quot;:&quot;&quot;,&quot;caption&quot;:&quot;&quot;,&quot;created_timestamp&quot;:&quot;0&quot;,&quot;copyright&quot;:&quot;&quot;,&quot;focal_length&quot;:&quot;0&quot;,&quot;iso&quot;:&quot;0&quot;,&quot;shutter_speed&quot;:&quot;0&quot;,&quot;title&quot;:&quot;&quot;,&quot;orientation&quot;:&quot;0&quot;}\" data-image-title=\"sepultado\" data-image-description=\"\" data-image-caption=\"\" data-large-file=\"https:\/\/atravesdelasescrituras.com\/wp-content\/uploads\/2016\/12\/sepultado.jpg\" class=\"alignright  wp-image-32034\" src=\"https:\/\/i0.wp.com\/atravesdelasescrituras.com\/wp-content\/uploads\/2016\/12\/sepultado.jpg?resize=212%2C267&#038;ssl=1\" alt=\"sepultado.jpg\" width=\"212\" height=\"267\" \/><\/p>\n<p>Tres d\u00edas despu\u00e9s de su muerte en la cruz, en el d\u00eda de la fiesta de los primeros frutos (<em>hebr. Bikurim<\/em>), Jes\u00fas resucit\u00f3 del sepulcro.<\/p>\n<p style=\"text-align:center;\">Lev\u00edtico 23:11-12 &#8211; <em>\u00abEl sacerdote mecer\u00e1 la gavilla delante de YHVH, para que se\u00e1is aceptados. El d\u00eda siguiente al s\u00e1bado la mecer\u00e1. Y el d\u00eda que ofrezc\u00e1is la gavilla, sacrificar\u00e9is un cordero de un a\u00f1o, sin defecto, en holocausto a YHVH\u00bb<\/em><\/p>\n<p style=\"text-align:center;\">Mateo 28:2-3, 5-7 &#8211; <em>\u00abDe pronto hubo un gran terremoto, porque un \u00e1ngel del Se\u00f1or descendi\u00f3 del cielo y, acerc\u00e1ndose, removi\u00f3 la piedra y se sent\u00f3 sobre ella. Su aspecto era como un rel\u00e1mpago, y su vestido blanco como la nieve. Pero el \u00e1ngel dijo a las mujeres: \u00abNo tem\u00e1is vosotras, porque yo s\u00e9 que busc\u00e1is a Jes\u00fas, el que fue crucificado. No est\u00e1 aqu\u00ed, pues ha resucitado, como dijo. Venid, ved el lugar donde fue puesto el Se\u00f1or. E id pronto y decid a sus disc\u00edpulos que ha resucitado de los muertos y va delante de vosotros a Galilea; all\u00ed lo ver\u00e9is. Ya os lo he dicho\u00bb\u00bb\u00a0<\/em><\/p>\n<p>Despu\u00e9s de su resurrecci\u00f3n Jes\u00fas se apareci\u00f3 a sus seguidores varias veces durante el plazo de cuarenta d\u00edas. Jes\u00fas exhort\u00f3 a Pedro para apacentar y cuidar sus ovejas.<\/p>\n<p>Jes\u00fas les dio\u00a0la Gran Comisi\u00f3n mundial a sus disc\u00edpulos y les\u00a0prometi\u00f3 estar con ellos hasta el fin del mundo. Entonces ascendi\u00f3 al cielo, donde seg\u00fan la ep\u00edstola a los Hebreos (<em>Hebr. 7:25<\/em>) vive para interceder por nosotros.<img data-recalc-dims=\"1\" loading=\"lazy\" decoding=\"async\" data-attachment-id=\"32015\" data-permalink=\"https:\/\/atravesdelasescrituras.com\/es_es\/2016\/12\/21\/12-yeshua-ben-yosef\/yeshua-ben-yosef\/\" data-orig-file=\"https:\/\/atravesdelasescrituras.com\/wp-content\/uploads\/2016\/12\/yeshua-ben-yosef.jpg\" data-orig-size=\"642,698\" data-comments-opened=\"1\" data-image-meta=\"{&quot;aperture&quot;:&quot;0&quot;,&quot;credit&quot;:&quot;&quot;,&quot;camera&quot;:&quot;&quot;,&quot;caption&quot;:&quot;&quot;,&quot;created_timestamp&quot;:&quot;0&quot;,&quot;copyright&quot;:&quot;&quot;,&quot;focal_length&quot;:&quot;0&quot;,&quot;iso&quot;:&quot;0&quot;,&quot;shutter_speed&quot;:&quot;0&quot;,&quot;title&quot;:&quot;&quot;,&quot;orientation&quot;:&quot;0&quot;}\" data-image-title=\"yeshua-ben-yosef\" data-image-description=\"\" data-image-caption=\"\" data-large-file=\"https:\/\/atravesdelasescrituras.com\/wp-content\/uploads\/2016\/12\/yeshua-ben-yosef.jpg\" class=\"alignright  wp-image-32015\" src=\"https:\/\/i0.wp.com\/atravesdelasescrituras.com\/wp-content\/uploads\/2016\/12\/yeshua-ben-yosef.jpg?resize=239%2C260&#038;ssl=1\" alt=\"Yeshua Ben Yosef.jpg\" width=\"239\" height=\"260\" \/><\/p>\n<p style=\"text-align:center;\">Marcos 16:15, 19 &#8211;<em> \u00abY les dijo: \u2014Id por todo el mundo y predicad el evangelio a toda criatura. Y el Se\u00f1or, despu\u00e9s que les habl\u00f3, fue recibido arriba en el cielo y se sent\u00f3 a la diestra de Dios\u00bb \u00a0<\/em><\/p>\n<p style=\"text-align:center;\">Hechos 1:10-11 &#8211;<em> \u00abY estando ellos con los ojos puestos en el cielo, entre tanto que \u00e9l se iba, se pusieron junto a ellos dos varones con vestiduras\u00a0blancas, los cuales les dijeron: \u2014Galileos, \u00bfpor qu\u00e9 est\u00e1is mirando\u00a0al cielo? Este mismo Jes\u00fas, que ha sido tomado de vosotros al cielo, as\u00ed vendr\u00e1 como lo hab\u00e9is visto ir al cielo\u00bb\u00a0<\/em><\/p>\n<hr \/>\n<p style=\"text-align:center;\"><strong><em>(<\/em><\/strong><strong><em>No te pierdas las pr\u00f3ximas partes en:\u00a0<\/em><em><a href=\"https:\/\/atravesdelasescrituras.com\/estudios-varios\/los-judios-pueblo-escogido-pueblo-perseguido\/\">Pueblo escogido, Pueblo perseguido<\/a><\/em>)<\/strong><\/p>\n","protected":false},"excerpt":{"rendered":"<p>El nacimiento, la vida y la muerte de Jes\u00fas seg\u00fan el Nuevo Testamento: Mateo 1:18-21 &#8211; \u201cEl nacimiento de Jesucristo fue as\u00ed: Estando desposada Mar\u00eda su madre con Jos\u00e9, antes que se juntasen, se hall\u00f3 que hab\u00eda concebido del Esp\u00edritu Santo. (19)\u00a0Jos\u00e9 su marido, como era justo, y no quer\u00eda infamarla, quiso dejarla secretamente. (20)\u00a0Y [&hellip;]<\/p>\n","protected":false},"author":80235555,"featured_media":0,"comment_status":"open","ping_status":"open","sticky":false,"template":"","format":"gallery","meta":{"_coblocks_attr":"","_coblocks_dimensions":"","_coblocks_responsive_height":"","_coblocks_accordion_ie_support":"","_gspb_post_css":"","advanced_seo_description":"","jetpack_seo_html_title":"","jetpack_seo_noindex":false,"jetpack_seo_schema_type":"","_jetpack_newsletter_access":"","_jetpack_dont_email_post_to_subs":false,"_jetpack_newsletter_tier_id":0,"_jetpack_memberships_contains_paywalled_content":false,"_wpcom_ai_launchpad_first_post":false,"_jetpack_feature_clip_id":0,"_jetpack_memberships_contains_paid_content":false,"footnotes":"","jetpack_publicize_message":"","jetpack_publicize_feature_enabled":true,"jetpack_social_post_already_shared":false,"jetpack_social_options":{"image_generator_settings":{"template":"highway","default_image_id":0,"font":"","enabled":false},"version":2},"jetpack_post_was_ever_published":false},"categories":[3908365],"tags":[1351226,5848367,552411880,552411882,173469,298068,171403,1403177,4255811,4498371,11179552,8329,3049015,552411883,308674,41682,220404,3146371,2840059,6655984,549107384,45763276,450361,4128432,552411868,1976765,27752384,701280],"class_list":["post-32014","post","type-post","status-publish","format-gallery","hentry","category-estudios-varios","tag-angel-gabriel","tag-bautismo-de-jesus","tag-canvistas","tag-cena-de-la-pascua","tag-cristo","tag-cruz","tag-discipulos","tag-elisabet","tag-entrada-triunfal","tag-fariseos","tag-herodes-el-grande","tag-jesus","tag-juan-el-bautista","tag-judas-le-entrega","tag-judios","tag-maria","tag-miriam","tag-nacimiento-de-jesus","tag-nicodemo","tag-pueblo-escogido","tag-pueblo-perseguido","tag-purificacion-del-templo","tag-sepultura","tag-sermon-del-monte","tag-simeon-el-anciano","tag-transfiguracion","tag-yeshua-ben-yosef","tag-zacarias","post_format-post-format-gallery"],"blocksy_meta":{"styles_descriptor":{"styles":{"desktop":"","tablet":"","mobile":""},"google_fonts":[],"version":7}},"jetpack_publicize_connections":[],"jetpack_likes_enabled":true,"jetpack_sharing_enabled":true,"jetpack_shortlink":"https:\/\/wp.me\/p5HWJ5-8km","jetpack-related-posts":[],"brizy_media":[],"jetpack_featured_media_url":"","_links":{"self":[{"href":"https:\/\/atravesdelasescrituras.com\/es_es\/wp-json\/wp\/v2\/posts\/32014","targetHints":{"allow":["GET"]}}],"collection":[{"href":"https:\/\/atravesdelasescrituras.com\/es_es\/wp-json\/wp\/v2\/posts"}],"about":[{"href":"https:\/\/atravesdelasescrituras.com\/es_es\/wp-json\/wp\/v2\/types\/post"}],"author":[{"embeddable":true,"href":"https:\/\/atravesdelasescrituras.com\/es_es\/wp-json\/wp\/v2\/users\/80235555"}],"replies":[{"embeddable":true,"href":"https:\/\/atravesdelasescrituras.com\/es_es\/wp-json\/wp\/v2\/comments?post=32014"}],"version-history":[{"count":1,"href":"https:\/\/atravesdelasescrituras.com\/es_es\/wp-json\/wp\/v2\/posts\/32014\/revisions"}],"predecessor-version":[{"id":32035,"href":"https:\/\/atravesdelasescrituras.com\/es_es\/wp-json\/wp\/v2\/posts\/32014\/revisions\/32035"}],"wp:attachment":[{"href":"https:\/\/atravesdelasescrituras.com\/es_es\/wp-json\/wp\/v2\/media?parent=32014"}],"wp:term":[{"taxonomy":"category","embeddable":true,"href":"https:\/\/atravesdelasescrituras.com\/es_es\/wp-json\/wp\/v2\/categories?post=32014"},{"taxonomy":"post_tag","embeddable":true,"href":"https:\/\/atravesdelasescrituras.com\/es_es\/wp-json\/wp\/v2\/tags?post=32014"}],"curies":[{"name":"wp","href":"https:\/\/api.w.org\/{rel}","templated":true}]}}