{"id":32093,"date":"2016-12-29T19:51:16","date_gmt":"2016-12-29T19:51:16","guid":{"rendered":"https:\/\/atravesdelasescrituras.com\/?p=32093"},"modified":"2016-12-29T19:53:18","modified_gmt":"2016-12-29T19:53:18","slug":"13-desde-jerusalen-hasta-los-confines-de-la-tierra","status":"publish","type":"post","link":"https:\/\/atravesdelasescrituras.com\/es_es\/2016\/12\/29\/13-desde-jerusalen-hasta-los-confines-de-la-tierra\/","title":{"rendered":"13. Desde Jerusal\u00e9n hasta los confines de la Tierra"},"content":{"rendered":"<p>La cantidad de los jud\u00edos que cre\u00edan en Jes\u00fas como su Mes\u00edas, creci\u00f3 de los doce disc\u00edpulos, a quien se les empez\u00f3 a llamar los ap\u00f3stoles, a unos diez mil personas. Los primeros responsables de la iglesia primitiva de Jerusal\u00e9n eran unos familiares de Jes\u00fas y los disc\u00edpulos. Jacobo, el hermano de Jes\u00fas, y escritor de la Ep\u00edstola de Santiago <em>(Santiago es una traducci\u00f3n com\u00fan al espa\u00f1ol del nombre hebreo Jacov<\/em>), fue el l\u00edder de la iglesia primitiva <img data-recalc-dims=\"1\" decoding=\"async\" data-attachment-id=\"32188\" data-permalink=\"https:\/\/atravesdelasescrituras.com\/es_es\/2016\/12\/29\/13-desde-jerusalen-hasta-los-confines-de-la-tierra\/seconddaychederinmukachevo1938-romanvishniac\/\" data-orig-file=\"https:\/\/atravesdelasescrituras.com\/wp-content\/uploads\/2016\/12\/seconddaychederinmukachevo1938-romanvishniac.jpg\" data-orig-size=\"300,240\" data-comments-opened=\"1\" data-image-meta=\"{&quot;aperture&quot;:&quot;0&quot;,&quot;credit&quot;:&quot;&quot;,&quot;camera&quot;:&quot;&quot;,&quot;caption&quot;:&quot;&quot;,&quot;created_timestamp&quot;:&quot;0&quot;,&quot;copyright&quot;:&quot;&quot;,&quot;focal_length&quot;:&quot;0&quot;,&quot;iso&quot;:&quot;0&quot;,&quot;shutter_speed&quot;:&quot;0&quot;,&quot;title&quot;:&quot;&quot;,&quot;orientation&quot;:&quot;1&quot;}\" data-image-title=\"seconddaychederinmukachevo1938-romanvishniac\" data-image-description=\"\" data-image-caption=\"\" data-large-file=\"https:\/\/atravesdelasescrituras.com\/wp-content\/uploads\/2016\/12\/seconddaychederinmukachevo1938-romanvishniac.jpg\" class=\"  wp-image-32188 alignright\" src=\"https:\/\/i0.wp.com\/atravesdelasescrituras.com\/wp-content\/uploads\/2016\/12\/seconddaychederinmukachevo1938-romanvishniac.jpg?resize=234%2C187&#038;ssl=1\" alt=\"seconddaychederinmukachevo1938-romanvishniac.jpg\" width=\"234\" height=\"187\" \/>despu\u00e9s de Pedro. Los primeros cristianos se unieron en casas y en el Templo. Segu\u00edan las costumbres jud\u00edas, escudri\u00f1aban las escrituras, oraban, cuidaban los unos de los otros y se manten\u00edan en unidad.<\/p>\n<p>Los seguidores de Jes\u00fas se llenaron del Esp\u00edritu Santo durante la fiesta Shavuot, o sea, de Pentecost\u00e9s.<\/p>\n<p style=\"text-align:center;\">Hechos 2:1-4 &#8211; \u00ab<em>Cuando lleg\u00f3 el d\u00eda de Pentecost\u00e9s estaban todos un\u00e1nimes juntos. De repente vino del cielo un estruendo como de un viento recio que soplaba, el cual llen\u00f3 toda la casa donde estaban; y se les aparecieron lenguas repartidas, como de fuego, asent\u00e1ndose sobre cada uno de ellos. Todos fueron llenos del Esp\u00edritu Santo y comenzaron a hablar en otras lenguas, seg\u00fan el Esp\u00edritu les daba que hablaran\u00bb<\/em><\/p>\n<p>Cuando Pedro predic\u00f3 a los jud\u00edos que hab\u00edan llegado a la fiesta de Shavuot (<em>gr. Pentecostes<\/em>), unos 3000 personas se arrepintieron y recibieron el bautismo de sumersi\u00f3n.<\/p>\n<p style=\"text-align:center;\">Hechos 2: 41-42, 44, 46-47 &#8211; <em>\u00ab<span class=\"s1\">As\u00ed que, los que recibieron su palabra fueron bautizados; y se a\u00f1adieron aquel d\u00eda como tres mil personas. (42)\u00a0<\/span>Y perseveraban en la doctrina de los ap\u00f3stoles, en la comuni\u00f3n unos con otros, en el partimiento del pan y en las oraciones&#8230; (44)\u00a0<span class=\"s1\">Todos los que <img data-recalc-dims=\"1\" fetchpriority=\"high\" decoding=\"async\" data-attachment-id=\"32190\" data-permalink=\"https:\/\/atravesdelasescrituras.com\/es_es\/2016\/12\/29\/13-desde-jerusalen-hasta-los-confines-de-la-tierra\/hechos_2_1-13_ilustlenguasfuegorealidsta\/\" data-orig-file=\"https:\/\/atravesdelasescrituras.com\/wp-content\/uploads\/2016\/12\/hechos_2_1-13_ilustlenguasfuegorealidsta.jpg\" data-orig-size=\"511,640\" data-comments-opened=\"1\" data-image-meta=\"{&quot;aperture&quot;:&quot;0&quot;,&quot;credit&quot;:&quot;&quot;,&quot;camera&quot;:&quot;&quot;,&quot;caption&quot;:&quot;&quot;,&quot;created_timestamp&quot;:&quot;0&quot;,&quot;copyright&quot;:&quot;&quot;,&quot;focal_length&quot;:&quot;0&quot;,&quot;iso&quot;:&quot;0&quot;,&quot;shutter_speed&quot;:&quot;0&quot;,&quot;title&quot;:&quot;&quot;,&quot;orientation&quot;:&quot;0&quot;}\" data-image-title=\"hechos_2_1-13_ilustlenguasfuegorealidsta\" data-image-description=\"\" data-image-caption=\"\" data-large-file=\"https:\/\/atravesdelasescrituras.com\/wp-content\/uploads\/2016\/12\/hechos_2_1-13_ilustlenguasfuegorealidsta.jpg\" class=\"alignright  wp-image-32190\" src=\"https:\/\/i0.wp.com\/atravesdelasescrituras.com\/wp-content\/uploads\/2016\/12\/hechos_2_1-13_ilustlenguasfuegorealidsta.jpg?resize=230%2C288&#038;ssl=1\" alt=\"hechos_2_1-13_ilustLenguasfuegorealidsta.jpg\" width=\"230\" height=\"288\" \/>hab\u00edan cre\u00eddo estaban juntos, y ten\u00edan en com\u00fan todas las cosas&#8230; (46)\u00a0<\/span><span class=\"s1\">Y perseverando un\u00e1nimes cada d\u00eda en el templo, y partiendo el pan en las casas, com\u00edan juntos con alegr\u00eda y sencillez de coraz\u00f3n, (47)\u00a0<\/span><span class=\"s1\">alabando a Dios, y teniendo favor con todo el pueblo. Y el Se\u00f1or a\u00f1ad\u00eda cada d\u00eda a la iglesia los que hab\u00edan de ser salvos\u00bb<\/span><\/em><\/p>\n<p style=\"text-align:left;\">Hechos 5:12, 14, 16 &#8211; <em>\u00ab<span class=\"s1\">Y por la mano de los ap\u00f3stoles se hac\u00edan muchas se\u00f1ales y prodigios en el pueblo; y estaban todos un\u00e1nimes en el p\u00f3rtico de Salom\u00f3n&#8230;. (14)\u00a0<\/span><span class=\"s1\">Y los que cre\u00edan en el Se\u00f1or aumentaban m\u00e1s, gran n\u00famero as\u00ed de hombres como de mujeres; (15)\u00a0<\/span><span class=\"s1\">tanto que sacaban los enfermos a las calles, y los pon\u00edan en camas y lechos, para que al pasar Pedro, a lo menos su sombra cayese sobre alguno de ellos. (16)\u00a0<\/span><span class=\"s1\">Y aun de las ciudades vecinas muchos ven\u00edan a Jerusal\u00e9n, trayendo enfermos y atormentados de esp\u00edritus inmundos; y todos eran sanados<\/span>\u00ab<\/em><\/p>\n<p style=\"text-align:left;\">Parte de los l\u00edderes del pueblo persegu\u00edan a los ap\u00f3stoles y a los jud\u00edos creyentes en Jes\u00fas. Un fariseo llamado Gamaliel, miembro del Concilio y doctor de la ley, dijo lo siguiente a los dem\u00e1s miembros del Concilio, enfurecidos con los ap\u00f3stoles:<\/p>\n<figure id=\"attachment_31891\" aria-describedby=\"caption-attachment-31891\" style=\"width: 197px\" class=\"wp-caption alignleft\"><img data-recalc-dims=\"1\" decoding=\"async\" data-attachment-id=\"31891\" data-permalink=\"https:\/\/atravesdelasescrituras.com\/es_es\/2016\/12\/08\/1-iglesia-primitiva\/gamaliel-y-palbo\/\" data-orig-file=\"https:\/\/atravesdelasescrituras.com\/wp-content\/uploads\/2016\/12\/gamaliel-y-palbo.jpg\" data-orig-size=\"300,300\" data-comments-opened=\"1\" data-image-meta=\"{&quot;aperture&quot;:&quot;0&quot;,&quot;credit&quot;:&quot;&quot;,&quot;camera&quot;:&quot;&quot;,&quot;caption&quot;:&quot;&quot;,&quot;created_timestamp&quot;:&quot;0&quot;,&quot;copyright&quot;:&quot;&quot;,&quot;focal_length&quot;:&quot;0&quot;,&quot;iso&quot;:&quot;0&quot;,&quot;shutter_speed&quot;:&quot;0&quot;,&quot;title&quot;:&quot;&quot;,&quot;orientation&quot;:&quot;1&quot;}\" data-image-title=\"gamaliel-y-palbo\" data-image-description=\"\" data-image-caption=\"\" data-large-file=\"https:\/\/atravesdelasescrituras.com\/wp-content\/uploads\/2016\/12\/gamaliel-y-palbo.jpg\" class=\"  wp-image-31891 alignleft\" src=\"https:\/\/i0.wp.com\/atravesdelasescrituras.com\/wp-content\/uploads\/2016\/12\/gamaliel-y-palbo.jpg?resize=197%2C197&#038;ssl=1\" alt=\"gamaliel-y-palbo\" width=\"197\" height=\"197\" \/><figcaption id=\"caption-attachment-31891\" class=\"wp-caption-text\">Gamaliel<\/figcaption><\/figure>\n<p style=\"text-align:center;\">Hechos 5:38-39 &#8211; <em>\u00abY ahora os digo: Apartaos de estos hombres y dejadlos, porque si este consejo o esta obra es de los hombres, se desvanecer\u00e1; pero si es de Dios, no la podr\u00e9is destruir; no se\u00e1is tal vez hallados luchando contra Dios\u00bb\u00a0<\/em><\/p>\n<p style=\"text-align:left;\">Los ap\u00f3stoles segu\u00edan predicando y la cantidad de los disc\u00edpulos iba aumentando. Incluso un grupo de rabinos se uni\u00f3 a los seguidores de Jes\u00fas. La meta de los ap\u00f3stoles fue expander el evangelio, fundar iglesias y cuidar de los creyentes.<\/p>\n<p style=\"text-align:left;\">El ap\u00f3stol Esteban fue apedreado (<em>aprox. 33-35 d.C.<\/em>) cuando predicaba poderosamente sobre el Mes\u00edas. Despu\u00e9s del apedreamiento de Esteban se inici\u00f3 una persecuci\u00f3n contra la iglesia primitiva de Jerusal\u00e9n. Al esparcirse los miembros de la iglesia por los alrededores de Jerusal\u00e9n, tambi\u00e9n se extendieron las buenas nuevas por fuera de la ciudad.<\/p>\n<p style=\"text-align:left;\">Un fariseo llamado Saulo de Tarso, disc\u00edpulo de Gamaliel, persegu\u00eda y deten\u00eda a los que cre\u00edan en Jes\u00fas. Saulo, que posteriormente fue llamado Pablo, era de la tribu de Benjam\u00edn y ciudadano romano. Trabajaba haciendo carpas pero hab\u00eda estudiado la ley en Jerusal\u00e9n.<img data-recalc-dims=\"1\" loading=\"lazy\" decoding=\"async\" data-attachment-id=\"32193\" data-permalink=\"https:\/\/atravesdelasescrituras.com\/es_es\/2016\/12\/29\/13-desde-jerusalen-hasta-los-confines-de-la-tierra\/conversion-de-saulo\/\" data-orig-file=\"https:\/\/atravesdelasescrituras.com\/wp-content\/uploads\/2016\/12\/conversion-de-saulo.jpg\" data-orig-size=\"449,603\" data-comments-opened=\"1\" data-image-meta=\"{&quot;aperture&quot;:&quot;0&quot;,&quot;credit&quot;:&quot;&quot;,&quot;camera&quot;:&quot;&quot;,&quot;caption&quot;:&quot;&quot;,&quot;created_timestamp&quot;:&quot;0&quot;,&quot;copyright&quot;:&quot;&quot;,&quot;focal_length&quot;:&quot;0&quot;,&quot;iso&quot;:&quot;0&quot;,&quot;shutter_speed&quot;:&quot;0&quot;,&quot;title&quot;:&quot;&quot;,&quot;orientation&quot;:&quot;0&quot;}\" data-image-title=\"conversion-de-saulo\" data-image-description=\"\" data-image-caption=\"\" data-large-file=\"https:\/\/atravesdelasescrituras.com\/wp-content\/uploads\/2016\/12\/conversion-de-saulo.jpg\" class=\"alignright  wp-image-32193\" src=\"https:\/\/i0.wp.com\/atravesdelasescrituras.com\/wp-content\/uploads\/2016\/12\/conversion-de-saulo.jpg?resize=191%2C256&#038;ssl=1\" alt=\"conversion de saulo.jpg\" width=\"191\" height=\"256\" \/><\/p>\n<p style=\"text-align:left;\">Jes\u00fas resucitado se le apareci\u00f3 a Saulo, quien pronto despu\u00e9s fue llenado por el Esp\u00edritu Santo recibiendo el llamamiento para proclamar el mensaje del Mes\u00edas tanto al pueblo de Israel como a los gentiles.<\/p>\n<p style=\"text-align:center;\">Hechos 9:15 &#8211;<em> \u00abVe, porque instrumento escogido me es \u00e9ste para llevar mi nombre en presencia de los gentiles, de reyes y de los hijos de Israel, porque yo le mostrar\u00e9 cu\u00e1nto le es necesario padecer por mi nombre\u00bb\u00a0<\/em><\/p>\n<p style=\"text-align:left;\">Los miembros de la iglesia primitiva de Jerusal\u00e9n, quienes entendieron la venida del Mes\u00edas como el cumplimiento del juda\u00edsmo, sospecharon primero sobre la autenticidad del cambio en Pablo.<\/p>\n<p style=\"text-align:left;\">Conforme a las ense\u00f1anzas de Pablo, la fe era para todas las naciones y los gentiles ten\u00edan derecho de recibir al Mes\u00edas sin circuncidarse y sin convertirse al juda\u00edsmo. <img data-recalc-dims=\"1\" loading=\"lazy\" decoding=\"async\" data-attachment-id=\"32196\" data-permalink=\"https:\/\/atravesdelasescrituras.com\/es_es\/2016\/12\/29\/13-desde-jerusalen-hasta-los-confines-de-la-tierra\/cornelius__comes_to_peter\/\" data-orig-file=\"https:\/\/atravesdelasescrituras.com\/wp-content\/uploads\/2016\/12\/cornelius__comes_to_peter.jpg\" data-orig-size=\"400,479\" data-comments-opened=\"1\" data-image-meta=\"{&quot;aperture&quot;:&quot;0&quot;,&quot;credit&quot;:&quot;&quot;,&quot;camera&quot;:&quot;&quot;,&quot;caption&quot;:&quot;&quot;,&quot;created_timestamp&quot;:&quot;0&quot;,&quot;copyright&quot;:&quot;&quot;,&quot;focal_length&quot;:&quot;0&quot;,&quot;iso&quot;:&quot;0&quot;,&quot;shutter_speed&quot;:&quot;0&quot;,&quot;title&quot;:&quot;&quot;,&quot;orientation&quot;:&quot;1&quot;}\" data-image-title=\"cornelius__comes_to_peter\" data-image-description=\"\" data-image-caption=\"\" data-large-file=\"https:\/\/atravesdelasescrituras.com\/wp-content\/uploads\/2016\/12\/cornelius__comes_to_peter.jpg\" class=\"  wp-image-32196 alignleft\" src=\"https:\/\/i0.wp.com\/atravesdelasescrituras.com\/wp-content\/uploads\/2016\/12\/cornelius__comes_to_peter.jpg?resize=224%2C268&#038;ssl=1\" alt=\"Cornelius__comes_to_Peter.jpg\" width=\"224\" height=\"268\" \/><\/p>\n<p style=\"text-align:left;\">Se dice que Cornelio, un centuri\u00f3n romano, fue el primer cristiano de origen gentil. Se empez\u00f3 a denominar a los seguidores de Jes\u00fas \u00ab<em>cristianos<\/em>\u00bb por primera vez en Antioqu\u00eda de Siria. Los jud\u00edos greco-parlantes que creyeron en Jes\u00fas usaban la versi\u00f3n griega del Mes\u00edas, \u00ab<em>Cristo<\/em>\u00bb (<em>Kristos<\/em>) de la que se deriva la palabra cristiano.<\/p>\n<p style=\"text-align:left;\">Una gran parte de los jud\u00edos que resid\u00edan en el territorio del Imperio Romano eran greco-parlantes. Los jud\u00edos helenistas eran m\u00e1s libres en su interpretaci\u00f3n de la Tor\u00e1 y m\u00e1s abiertos hacia los no-jud\u00edos que los hebreos.<\/p>\n<p style=\"text-align:left;\">El Se\u00f1or advirti\u00f3 a Pedro que la iglesia no debiera de hacer distinci\u00f3n entre jud\u00edos y<\/p>\n<figure id=\"attachment_32198\" aria-describedby=\"caption-attachment-32198\" style=\"width: 213px\" class=\"wp-caption alignright\"><img data-recalc-dims=\"1\" loading=\"lazy\" decoding=\"async\" data-attachment-id=\"32198\" data-permalink=\"https:\/\/atravesdelasescrituras.com\/es_es\/2016\/12\/29\/13-desde-jerusalen-hasta-los-confines-de-la-tierra\/vision-de-pedro\/\" data-orig-file=\"https:\/\/atravesdelasescrituras.com\/wp-content\/uploads\/2016\/12\/vision-de-pedro.jpg\" data-orig-size=\"704,857\" data-comments-opened=\"1\" data-image-meta=\"{&quot;aperture&quot;:&quot;0&quot;,&quot;credit&quot;:&quot;&quot;,&quot;camera&quot;:&quot;&quot;,&quot;caption&quot;:&quot;&quot;,&quot;created_timestamp&quot;:&quot;0&quot;,&quot;copyright&quot;:&quot;&quot;,&quot;focal_length&quot;:&quot;0&quot;,&quot;iso&quot;:&quot;0&quot;,&quot;shutter_speed&quot;:&quot;0&quot;,&quot;title&quot;:&quot;&quot;,&quot;orientation&quot;:&quot;1&quot;}\" data-image-title=\"vision-de-pedro\" data-image-description=\"\" data-image-caption=\"\" data-large-file=\"https:\/\/atravesdelasescrituras.com\/wp-content\/uploads\/2016\/12\/vision-de-pedro.jpg\" class=\"alignright  wp-image-32198\" src=\"https:\/\/i0.wp.com\/atravesdelasescrituras.com\/wp-content\/uploads\/2016\/12\/vision-de-pedro.jpg?resize=213%2C259&#038;ssl=1\" alt=\"vision de pedro.jpg\" width=\"213\" height=\"259\" \/><figcaption id=\"caption-attachment-32198\" class=\"wp-caption-text\">Visi\u00f3n de Pedro<\/figcaption><\/figure>\n<p style=\"text-align:left;\">gentiles:<\/p>\n<p style=\"text-align:center;\">Hechos 1 0:34-35, 45 &#8211; <em>\u00abEn verdad comprendo que Dios no hace acepci\u00f3n de personas, sino que en toda naci\u00f3n se agrada del que lo teme y hace justicia. Y los fieles de la circuncisi\u00f3n que hab\u00edan venido con Pedro se quedaron at\u00f3nitos de que tambi\u00e9n sobre los gentiles se derramara el don del Esp\u00edritu Santo\u00bb<\/em><\/p>\n<p style=\"text-align:left;\">Pedro empez\u00f3 a trabajar entre los jud\u00edos en di\u00e1spora, Jacobo en la iglesia primitiva y Pablo tanto entre jud\u00edos como gentiles. Pablo sali\u00f3 al primero de sus tres viajes misioneros con Bernab\u00e9 y Marcos, unos diez a\u00f1os despu\u00e9s de su conversi\u00f3n, alrededor de los a\u00f1os 46-48 d.C. Pablo siempre predic\u00f3 el evangelio primero a los jud\u00edos, solo despu\u00e9s tambi\u00e9n a los gentiles. Pablo procuro ser \u00abj<em>ud\u00edo para los jud\u00edos y griego para los griegos<\/em>\u00bb para ganar tantos como fuese posible para el Mes\u00edas.<\/p>\n<p style=\"text-align:left;\">Muchos jud\u00edos y griegos cre\u00edan en Jes\u00fas, fueron llenados por el\u00a0Esp\u00edritu Santo y hablaron en nuevas lenguas.<\/p>\n<p style=\"text-align:center;\">1\u00aa Corintios 2:3-7 &#8211; <em>\u00ab<span class=\"s1\">Y estuve entre vosotros con debilidad, y mucho temor y temblor; (4)\u00a0<\/span><span class=\"s1\">y ni mi palabra ni mi predicaci\u00f3n fue con palabras persuasivas de humana sabidur\u00eda, sino con <img data-recalc-dims=\"1\" loading=\"lazy\" decoding=\"async\" data-attachment-id=\"32201\" data-permalink=\"https:\/\/atravesdelasescrituras.com\/es_es\/2016\/12\/29\/13-desde-jerusalen-hasta-los-confines-de-la-tierra\/pablo-predicando\/\" data-orig-file=\"https:\/\/atravesdelasescrituras.com\/wp-content\/uploads\/2016\/12\/pablo-predicando.jpg\" data-orig-size=\"504,388\" data-comments-opened=\"1\" data-image-meta=\"{&quot;aperture&quot;:&quot;0&quot;,&quot;credit&quot;:&quot;&quot;,&quot;camera&quot;:&quot;&quot;,&quot;caption&quot;:&quot;&quot;,&quot;created_timestamp&quot;:&quot;0&quot;,&quot;copyright&quot;:&quot;&quot;,&quot;focal_length&quot;:&quot;0&quot;,&quot;iso&quot;:&quot;0&quot;,&quot;shutter_speed&quot;:&quot;0&quot;,&quot;title&quot;:&quot;&quot;,&quot;orientation&quot;:&quot;0&quot;}\" data-image-title=\"pablo-predicando\" data-image-description=\"\" data-image-caption=\"\" data-large-file=\"https:\/\/atravesdelasescrituras.com\/wp-content\/uploads\/2016\/12\/pablo-predicando.jpg\" class=\"alignright  wp-image-32201\" src=\"https:\/\/i0.wp.com\/atravesdelasescrituras.com\/wp-content\/uploads\/2016\/12\/pablo-predicando.jpg?resize=268%2C206&#038;ssl=1\" alt=\"pablo-predicando.jpg\" width=\"268\" height=\"206\" \/>demostraci\u00f3n del Esp\u00edritu y de poder, (5)\u00a0<\/span><span class=\"s1\">para que vuestra fe no est\u00e9 fundada en la sabidur\u00eda de los hombres, sino en el poder de Dios. (6)\u00a0<\/span><span class=\"s1\">Sin embargo, hablamos sabidur\u00eda entre los que han alcanzado madurez; y sabidur\u00eda, no de este siglo, ni de los pr\u00edncipes de este siglo, que perecen. (7)\u00a0<\/span><span class=\"s1\">Mas hablamos sabidur\u00eda de Dios en misterio, la sabidur\u00eda oculta, la cual Dios predestin\u00f3 antes de los siglos para nuestra gloria<\/span>\u00ab<\/em><\/p>\n<p style=\"text-align:center;\">Hechos 19: 10-11 &#8211; <em>\u00ab<span class=\"s1\">As\u00ed continu\u00f3 por espacio de dos a\u00f1os, de manera que todos los que habitaban en Asia, jud\u00edos y griegos, oyeron la palabra del Se\u00f1or Jes\u00fas. (11)\u00a0<\/span>Y hac\u00eda Dios milagros extraordinarios por mano de Pablo\u00bb<\/em><\/p>\n<p style=\"text-align:left;\">Bernab\u00e9, Sitas, Timoteo, Lucas, Tito, Marcos, Priscila y \u00c1guila fueron todos compa\u00f1eros de Pablo en distintas \u00e9pocas. Pablo manten\u00eda el contacto con las iglesias visit\u00e1ndolas y envi\u00e1ndolas ep\u00edstolas.<\/p>\n<p>La discusi\u00f3n entre Pablo, Pedro y Jacobo sobre si los gentiles pueden ser salvos sin convertirse al juda\u00edsmo, fue uno de las primeras disputas en la iglesia primitiva. La iglesia abr\u00eda su mente en base a los profec\u00edas que dec\u00edan que todos los pueblos se convertir\u00edan al Se\u00f1or. En la asamblea apost\u00f3lica de Jerusal\u00e9n a finales de los 40 se decidi\u00f3 al final que no hac\u00eda falta que los gentiles se convirtiesen al juda\u00edsmo para seguir a Jes\u00fas. Se exhort\u00f3 a los gentiles que se aparten de las contaminaciones de los \u00eddolos, de fornicaci\u00f3n y que no coman carne de animales estrangulados o ahogados, ni tampoco sangre.<\/p>\n<p>Pablo sufri\u00f3 opresi\u00f3n y persecuci\u00f3n por el evangelio de gracia que predicaba. Pablo sufri\u00f3 <img data-recalc-dims=\"1\" loading=\"lazy\" decoding=\"async\" data-attachment-id=\"32203\" data-permalink=\"https:\/\/atravesdelasescrituras.com\/es_es\/2016\/12\/29\/13-desde-jerusalen-hasta-los-confines-de-la-tierra\/pablo-2\/\" data-orig-file=\"https:\/\/atravesdelasescrituras.com\/wp-content\/uploads\/2016\/12\/pablo.jpg\" data-orig-size=\"240,240\" data-comments-opened=\"1\" data-image-meta=\"{&quot;aperture&quot;:&quot;0&quot;,&quot;credit&quot;:&quot;&quot;,&quot;camera&quot;:&quot;&quot;,&quot;caption&quot;:&quot;&quot;,&quot;created_timestamp&quot;:&quot;0&quot;,&quot;copyright&quot;:&quot;&quot;,&quot;focal_length&quot;:&quot;0&quot;,&quot;iso&quot;:&quot;0&quot;,&quot;shutter_speed&quot;:&quot;0&quot;,&quot;title&quot;:&quot;&quot;,&quot;orientation&quot;:&quot;1&quot;}\" data-image-title=\"pablo\" data-image-description=\"\" data-image-caption=\"\" data-large-file=\"https:\/\/atravesdelasescrituras.com\/wp-content\/uploads\/2016\/12\/pablo.jpg\" class=\"alignright size-full wp-image-32203\" src=\"https:\/\/i0.wp.com\/atravesdelasescrituras.com\/wp-content\/uploads\/2016\/12\/pablo.jpg?resize=240%2C240&#038;ssl=1\" alt=\"Pablo.jpg\" width=\"240\" height=\"240\" \/>de fr\u00edo, hambre y aflicciones, adem\u00e1s, le golpearon, apedrearon y azotaron. Pablo avis\u00f3 tambi\u00e9n a otros creyentes de las persecuciones y decepciones venideras. Estuvo encarcelado m\u00e1s de cuatro a\u00f1os en total en Ces\u00e1rea y Roma, donde vivi\u00f3 dos a\u00f1os en una vivienda alquilada bajo vigilancia, predicando el evangelio mientras tanto. Los barcos en los cuales Pablo navegaba en sus viajes misioneros, naufragaron varias veces.<\/p>\n<p style=\"text-align:center;\">Hechos 26:4-7 &#8211; \u00ab<em>Mi vida, pues, desde mi juventud, la cual desde el principio pas\u00e9 en mi naci\u00f3n, en Jerusal\u00e9n, la conocen todos los jud\u00edos; los cuales tambi\u00e9n saben que yo desde el principio, si quieren testificarlo, conforme a la m\u00e1s rigurosa secta de nuestra religi\u00f3n viv\u00ed como fariseo. Ahora, por la esperanza de la promesa que hizo Dios a nuestros padres, soy llamado a juicio; promesa cuyo cumplimiento esperan que han de alcanzar nuestras doce tribus, sirviendo constantemente a Dios de d\u00eda y de noche. Por esta esperanza, rey \u00a0<\/em><em>Agripa, soy acusado por los jud\u00edos\u00bb<\/em><\/p>\n<p>El mensaje de Jesucristo se expandi\u00f3 por todo el Imperio Romano y por Siria, Asia Menor, Grecia, Macedonia y Egipto. El grupo de los disc\u00edpulos creci\u00f3 y nuevas iglesias abrieron sus puertas en estas zonas. Hab\u00eda circuncisos y no circuncisos entre los creyentes, tanto hebreos, jud\u00edos helenistas como cristianos gentiles. Los primeros manuscritos griegos del Nuevo Testamento se escribieron entre los a\u00f1os 50-150 d.C.<\/p>\n<p>El Emperador de Roma, Ner\u00f3n, persigui\u00f3 a los cristianos a partir de los 60 d.C. porque ellos se negaron a venerar al emperador y a los \u00eddolos. Se acus\u00f3 a los cristianos por el incendio de Roma en el a\u00f1o 64 d.C. Varios cristianos murieron m\u00e1rtires, entre ellos Jacobo, el hermano de Jes\u00fas (<em>aprox. 62 d.C.<\/em>), Pedro (<em>aprox. 63-64 d.C.<\/em>) y Pablo (<em>aprox. 64 d.C.<\/em>). Las persecuciones de los cristianos, muchos huyeron al desierto o a Egipto, fueron m\u00e1s severas en el cambio del tercer al cuarto siglo.<\/p>\n<p>Los jud\u00edos fueron expulsados de Roma por alborotos en el a\u00f1o 49 d.C. Los romanos y griegos atacaron la juder\u00eda de Ces\u00e1rea en el a\u00f1o 66 d.C. matando a miles. Los zelotes se sublevaron contra los romanos. Al mismo tiempo decenas de miles de jud\u00edos murieron en la masacre de Alejandr\u00eda en Egipto.<\/p>\n<p>La verdadera di\u00e1spora (<em>hebr. galut<\/em>), o sea, la dispersi\u00f3n de los jud\u00edos, empez\u00f3 en el a\u00f1o 70 d.C. cuando el hijo del Emperador romano Vespasiano, el general Tito destruy\u00f3 Jerusal\u00e9n y el Templo. No qued\u00f3 m\u00e1s que el muro del oeste, o Muro de las Lamentaciones. La ampliaci\u00f3n del Templo llevaba terminada s\u00f3lo siete a\u00f1os antes de su destrucci\u00f3n.<\/p>\n<p><img data-recalc-dims=\"1\" loading=\"lazy\" decoding=\"async\" data-attachment-id=\"30003\" data-permalink=\"https:\/\/atravesdelasescrituras.com\/es_es\/2016\/11\/11\/que-paso-con-el-reino-de-juda\/destruccion-70-d\/\" data-orig-file=\"https:\/\/atravesdelasescrituras.com\/wp-content\/uploads\/2016\/11\/destruccion-70-d.jpg\" data-orig-size=\"2000,1330\" data-comments-opened=\"1\" data-image-meta=\"{&quot;aperture&quot;:&quot;0&quot;,&quot;credit&quot;:&quot;&quot;,&quot;camera&quot;:&quot;&quot;,&quot;caption&quot;:&quot;&quot;,&quot;created_timestamp&quot;:&quot;0&quot;,&quot;copyright&quot;:&quot;&quot;,&quot;focal_length&quot;:&quot;0&quot;,&quot;iso&quot;:&quot;0&quot;,&quot;shutter_speed&quot;:&quot;0&quot;,&quot;title&quot;:&quot;&quot;,&quot;orientation&quot;:&quot;0&quot;}\" data-image-title=\"destruccion-70-d\" data-image-description=\"\" data-image-caption=\"\" data-large-file=\"https:\/\/atravesdelasescrituras.com\/wp-content\/uploads\/2016\/11\/destruccion-70-d.jpg\" class=\"  wp-image-30003 aligncenter\" src=\"https:\/\/i0.wp.com\/atravesdelasescrituras.com\/wp-content\/uploads\/2016\/11\/destruccion-70-d.jpg?resize=394%2C262&#038;ssl=1\" alt=\"destruccion-70-d\" width=\"394\" height=\"262\" \/><\/p>\n<p>Se estima que cientos de miles de jud\u00edos murieron en la destrucci\u00f3n de Jerusal\u00e9n y en las agitaciones de los pa\u00edses de alrededor. Se desterr\u00f3 a muchos jud\u00edos de la zona llev\u00e1ndoles cautivos a Roma. Las genealog\u00edas jud\u00edas desaparecieron con la destrucci\u00f3n del Templo. El \u00faltimo refugio de los jud\u00edos, defendido por los zelotes en el monte Masada, fue vencido en el a\u00f1o 74 d.C., y la rebeli\u00f3n contra los romanos termin\u00f3 en un suicidio en grupo de los casi mil defensores de la fortaleza del monte. Algunos jud\u00edos se quedaron a vivir sobre todo en las zonas de Galilea y Jud\u00e1.<\/p>\n<figure id=\"attachment_32212\" aria-describedby=\"caption-attachment-32212\" style=\"width: 469px\" class=\"wp-caption aligncenter\"><img data-recalc-dims=\"1\" loading=\"lazy\" decoding=\"async\" data-attachment-id=\"32212\" data-permalink=\"https:\/\/atravesdelasescrituras.com\/es_es\/2016\/12\/29\/13-desde-jerusalen-hasta-los-confines-de-la-tierra\/masada-2\/\" data-orig-file=\"https:\/\/atravesdelasescrituras.com\/wp-content\/uploads\/2016\/12\/masada1.jpg\" data-orig-size=\"600,265\" data-comments-opened=\"1\" data-image-meta=\"{&quot;aperture&quot;:&quot;0&quot;,&quot;credit&quot;:&quot;&quot;,&quot;camera&quot;:&quot;&quot;,&quot;caption&quot;:&quot;&quot;,&quot;created_timestamp&quot;:&quot;0&quot;,&quot;copyright&quot;:&quot;&quot;,&quot;focal_length&quot;:&quot;0&quot;,&quot;iso&quot;:&quot;0&quot;,&quot;shutter_speed&quot;:&quot;0&quot;,&quot;title&quot;:&quot;&quot;,&quot;orientation&quot;:&quot;0&quot;}\" data-image-title=\"masada\" data-image-description=\"\" data-image-caption=\"\" data-large-file=\"https:\/\/atravesdelasescrituras.com\/wp-content\/uploads\/2016\/12\/masada1.jpg\" class=\"aligncenter  wp-image-32212\" src=\"https:\/\/i0.wp.com\/atravesdelasescrituras.com\/wp-content\/uploads\/2016\/12\/masada1.jpg?resize=469%2C207&#038;ssl=1\" alt=\"masada.jpg\" width=\"469\" height=\"207\" \/><figcaption id=\"caption-attachment-32212\" class=\"wp-caption-text\">Monte Masada<\/figcaption><\/figure>\n<p>Los jud\u00edos empezaron a caminar hacia Europa, Babilonia y Norte de \u00c1frica. Se establecieron en aldeas, pueblos y ciudades de distintos pa\u00edses.<\/p>\n<p><img data-recalc-dims=\"1\" loading=\"lazy\" decoding=\"async\" data-attachment-id=\"32215\" data-permalink=\"https:\/\/atravesdelasescrituras.com\/es_es\/2016\/12\/29\/13-desde-jerusalen-hasta-los-confines-de-la-tierra\/dispersion\/\" data-orig-file=\"https:\/\/atravesdelasescrituras.com\/wp-content\/uploads\/2016\/12\/dispersiocc81n.png\" data-orig-size=\"643,325\" data-comments-opened=\"1\" data-image-meta=\"{&quot;aperture&quot;:&quot;0&quot;,&quot;credit&quot;:&quot;&quot;,&quot;camera&quot;:&quot;&quot;,&quot;caption&quot;:&quot;&quot;,&quot;created_timestamp&quot;:&quot;0&quot;,&quot;copyright&quot;:&quot;&quot;,&quot;focal_length&quot;:&quot;0&quot;,&quot;iso&quot;:&quot;0&quot;,&quot;shutter_speed&quot;:&quot;0&quot;,&quot;title&quot;:&quot;&quot;,&quot;orientation&quot;:&quot;0&quot;}\" data-image-title=\"dispersion\" data-image-description=\"\" data-image-caption=\"\" data-large-file=\"https:\/\/atravesdelasescrituras.com\/wp-content\/uploads\/2016\/12\/dispersiocc81n.png\" class=\"aligncenter  wp-image-32215\" src=\"https:\/\/i0.wp.com\/atravesdelasescrituras.com\/wp-content\/uploads\/2016\/12\/dispersiocc81n.png?resize=396%2C200&#038;ssl=1\" alt=\"dispersio\u0301n.png\" width=\"396\" height=\"200\" \/><\/p>\n<p>Despu\u00e9s de la destrucci\u00f3n del Templo la secta de los saduceos degener\u00f3 y el juda\u00edsmo empez\u00f3 a derivar principalmente hacia el farise\u00edsmo. La posici\u00f3n de los fariseos en el pueblo iba fortaleci\u00e9ndose. Se estableci\u00f3 en Javne, en la orilla del Mediterr\u00e1neo, el Tribunal Supremo del derecho jud\u00edo, Beit Din, que reemplaz\u00f3 el Concilio de Jerusal\u00e9n. Los jud\u00edos en di\u00e1spora empezaron a mudarse a Jayne. Decenas de miles de gentiles temerosos de Dios acud\u00edan a las sinagogas y algunos se convirtieron al juda\u00edsmo.\u00a0Las conversiones de los gentiles disminuyeron, sin embargo a partir del primer siglo.<\/p>\n<p>Al principio del segundo siglo los jud\u00edos se sublevaron contra los romanos en Chipre, Egipto y Norte de \u00c1frica, pero los romanos frenaron las sublevaciones y destruyeron la juder\u00eda de Chipre, entre otras, y la biblioteca jud\u00eda y la sinagoga de Alejandr\u00eda, Los jud\u00edos se sublevaron en el a\u00f1o 132 d.C. bajo el liderazgo de\u00a0Sim\u00f3n bar Kochba, que muchos<\/p>\n<figure id=\"attachment_32217\" aria-describedby=\"caption-attachment-32217\" style=\"width: 150px\" class=\"wp-caption alignright\"><img data-recalc-dims=\"1\" loading=\"lazy\" decoding=\"async\" data-attachment-id=\"32217\" data-permalink=\"https:\/\/atravesdelasescrituras.com\/es_es\/2016\/12\/29\/13-desde-jerusalen-hasta-los-confines-de-la-tierra\/simon_bar_kokhba\/\" data-orig-file=\"https:\/\/atravesdelasescrituras.com\/wp-content\/uploads\/2016\/12\/simon_bar_kokhba.jpg\" data-orig-size=\"150,200\" data-comments-opened=\"1\" data-image-meta=\"{&quot;aperture&quot;:&quot;0&quot;,&quot;credit&quot;:&quot;&quot;,&quot;camera&quot;:&quot;&quot;,&quot;caption&quot;:&quot;&quot;,&quot;created_timestamp&quot;:&quot;0&quot;,&quot;copyright&quot;:&quot;&quot;,&quot;focal_length&quot;:&quot;0&quot;,&quot;iso&quot;:&quot;0&quot;,&quot;shutter_speed&quot;:&quot;0&quot;,&quot;title&quot;:&quot;&quot;,&quot;orientation&quot;:&quot;0&quot;}\" data-image-title=\"simon_bar_kokhba\" data-image-description=\"\" data-image-caption=\"\" data-large-file=\"https:\/\/atravesdelasescrituras.com\/wp-content\/uploads\/2016\/12\/simon_bar_kokhba.jpg\" class=\" size-full wp-image-32217 alignright\" src=\"https:\/\/i0.wp.com\/atravesdelasescrituras.com\/wp-content\/uploads\/2016\/12\/simon_bar_kokhba.jpg?resize=150%2C200&#038;ssl=1\" alt=\"simon_bar_kokhba.jpg\" width=\"150\" height=\"200\" \/><figcaption id=\"caption-attachment-32217\" class=\"wp-caption-text\">Simon Bar Kochba<\/figcaption><\/figure>\n<p>consideraron el Mes\u00edas. Sim\u00f3n bar Kochba consigui\u00f3 la independencia para su pueblo durante algunos a\u00f1os, pero los romanos volvieron destruyendo Jerusal\u00e9n y cientos de pueblos. M\u00e1s de medio mill\u00f3n de jud\u00edos murieron en la sublevaci\u00f3n. En el a\u00f1o 135 d.C. se construy\u00f3 una ciudad pagana, Aelia Capitolina, en el lugar de Jerusal\u00e9n. Se vendi\u00f3 a los jud\u00edos como esclavos a Roma y se les neg\u00f3 la entrada a Jerusal\u00e9n. La zona de Judea fue renombrada como Palestina de Siria y se estableci\u00f3 Ces\u00e1rea como su capital.<\/p>\n<p>Como los jud\u00edos no pod\u00edan vivir en la zona de Jerusal\u00e9n despu\u00e9s de la sublevaci\u00f3n, se empezaron a establecer juder\u00edas en\u00a0Tiber\u00edades, Ces\u00e1rea, Safed y los alrededores del Mar Muerto. Poco a poco incluso las sinagogas y las escuelas de rabinos pudieron empezar sus actividades en Palestina. Con el cambio del siglo las condiciones de los jud\u00edos en el Imperio Romano hab\u00edan mejorado y en el a\u00f1o 212 d.C. se les admiti\u00f3 la ciudadan\u00eda\u00a0romana. Durante el tercer siglo Tiber\u00edades se estableci\u00f3 como uno de los centros del juda\u00edsmo. Se traslad\u00f3 el Sanhedrin a Tiber\u00edades en el a\u00f1o 270 d.C.<\/p>\n<p>El cristianismo se iba separando del juda\u00edsmo formando una religi\u00f3n aparte. Cu\u00e1nto m\u00e1s gentiles se convirtieron al cristianismo, tanto m\u00e1s se iban separando de sus ra\u00edces jud\u00edas fundando sus propias iglesias cristianas. Una parte de los cristianos gentiles ten\u00edan preparaci\u00f3n filos\u00f3fica, otra parte era pobre sin ninguna preparaci\u00f3n. Los jud\u00edos que segu\u00edan a Jes\u00fas ten\u00edan que dejar sus tradiciones jud\u00edas y fueron tambi\u00e9n expulsados de la sinagoga. Varios tipos de iglesias y congregaciones nacieron en distintos pa\u00edses. Muchos cristianos adoptaron las promesas de la Biblia para s\u00ed y consideraron la iglesia cristiana como el pueblo de Dios y la \u00ab<em>verdadera Israel<\/em>\u00bb (<em>la susodicha teolog\u00eda de reemplazo<\/em>). En el segundo siglo los cristianos ya deb\u00edan distinguirse con claridad de los jud\u00edos. Los padres de la iglesia emit\u00edan veredictos contrarios a los jud\u00edos y usaban la Palabra de Dios para azotar a los que ten\u00edan creencias diferentes. Los distintos puntos de vista y las doctrinas err\u00f3neas causaron mucha confusi\u00f3n y corromp\u00edan la doctrina sana. Uno de los dilemas teol\u00f3gicos durante los primeros siglos fue la cuesti\u00f3n sobre la persona de Jes\u00fas y qui\u00e9n era realmente.<\/p>\n<p><img data-recalc-dims=\"1\" loading=\"lazy\" decoding=\"async\" data-attachment-id=\"32221\" data-permalink=\"https:\/\/atravesdelasescrituras.com\/es_es\/2016\/12\/29\/13-desde-jerusalen-hasta-los-confines-de-la-tierra\/teologia-de-reemplazo\/\" data-orig-file=\"https:\/\/atravesdelasescrituras.com\/wp-content\/uploads\/2016\/12\/teologia-de-reemplazo.jpg\" data-orig-size=\"1920,1080\" data-comments-opened=\"1\" data-image-meta=\"{&quot;aperture&quot;:&quot;0&quot;,&quot;credit&quot;:&quot;&quot;,&quot;camera&quot;:&quot;&quot;,&quot;caption&quot;:&quot;&quot;,&quot;created_timestamp&quot;:&quot;0&quot;,&quot;copyright&quot;:&quot;&quot;,&quot;focal_length&quot;:&quot;0&quot;,&quot;iso&quot;:&quot;0&quot;,&quot;shutter_speed&quot;:&quot;0&quot;,&quot;title&quot;:&quot;&quot;,&quot;orientation&quot;:&quot;0&quot;}\" data-image-title=\"teologia-de-reemplazo\" data-image-description=\"\" data-image-caption=\"\" data-large-file=\"https:\/\/atravesdelasescrituras.com\/wp-content\/uploads\/2016\/12\/teologia-de-reemplazo.jpg\" class=\"aligncenter  wp-image-32221\" src=\"https:\/\/i0.wp.com\/atravesdelasescrituras.com\/wp-content\/uploads\/2016\/12\/teologia-de-reemplazo.jpg?resize=399%2C225&#038;ssl=1\" alt=\"teologia de reemplazo.jpg\" width=\"399\" height=\"225\" \/><\/p>\n<p>El mensaje de Jes\u00fas se hab\u00eda expandido desde Jerusal\u00e9n primero por el Imperio Romano, y desde all\u00ed poco a poco alrededor del mundo. La religi\u00f3n prohibida se trasform\u00f3 primero en algo permitido y popular, despu\u00e9s obligatorio. Las buenas nuevas del evangelio se convirtieron en muchos casos con el paso del tiempo en mero cristianismo nominal, y en el peor de los casos, retorci\u00e9ndose con actitudes violentos hacia los que practicaban otras religiones. Sin embargo, a lo largo de la historia siempre ha habido entre cristianos tambi\u00e9n aquellos que procuraban buscar la voluntad de Dios en sus vidas y cuya fe se manifiesta amor al pr\u00f3jimo.<\/p>\n<p>Armenia fue el primer pa\u00eds nombrado como estado cristiano en el a\u00f1o 301. En el a\u00f1o 312 Constantino lleg\u00f3 a ser Emperador de Roma favoreciendo y protegiendo a los cristianos y considerando a s\u00ed mismo como el representante del Se\u00f1or de los cristianos. Constantino reemplaz\u00f3 el contenido de las fiestas paganas romanas con el contenido cristiano, transform\u00f3 el domingo en un d\u00eda universal santificado y edific\u00f3 iglesias en Jerusal\u00e9n y Bel\u00e9n, donde los cristianos tambi\u00e9n se trasladaban a vivir.<\/p>\n<figure id=\"attachment_32223\" aria-describedby=\"caption-attachment-32223\" style=\"width: 214px\" class=\"wp-caption alignleft\"><img data-recalc-dims=\"1\" loading=\"lazy\" decoding=\"async\" data-attachment-id=\"32223\" data-permalink=\"https:\/\/atravesdelasescrituras.com\/es_es\/2016\/12\/29\/13-desde-jerusalen-hasta-los-confines-de-la-tierra\/constantino\/\" data-orig-file=\"https:\/\/atravesdelasescrituras.com\/wp-content\/uploads\/2016\/12\/constantino.jpg\" data-orig-size=\"340,408\" data-comments-opened=\"1\" data-image-meta=\"{&quot;aperture&quot;:&quot;0&quot;,&quot;credit&quot;:&quot;&quot;,&quot;camera&quot;:&quot;&quot;,&quot;caption&quot;:&quot;&quot;,&quot;created_timestamp&quot;:&quot;0&quot;,&quot;copyright&quot;:&quot;&quot;,&quot;focal_length&quot;:&quot;0&quot;,&quot;iso&quot;:&quot;0&quot;,&quot;shutter_speed&quot;:&quot;0&quot;,&quot;title&quot;:&quot;&quot;,&quot;orientation&quot;:&quot;0&quot;}\" data-image-title=\"constantino\" data-image-description=\"\" data-image-caption=\"\" data-large-file=\"https:\/\/atravesdelasescrituras.com\/wp-content\/uploads\/2016\/12\/constantino.jpg\" class=\"  wp-image-32223 alignleft\" src=\"https:\/\/i0.wp.com\/atravesdelasescrituras.com\/wp-content\/uploads\/2016\/12\/constantino.jpg?resize=214%2C257&#038;ssl=1\" alt=\"Constantino.jpg\" width=\"214\" height=\"257\" \/><figcaption id=\"caption-attachment-32223\" class=\"wp-caption-text\">Constantino<\/figcaption><\/figure>\n<p>El Emperador convoc\u00f3 el primer Concilio ecl\u00e9ctico en el a\u00f1o 325, en el cual participaron, adem\u00e1s del mismo Emperador, 318 obispos o sea, l\u00edderes de las congregaciones cristianas. Los distritos administrativos de los obispos se denominaron di\u00f3cesis. En el Concilio se estableci\u00f3 la organizaci\u00f3n oficial, se resolvieron disputas doctrinales, se formaliz\u00f3 el credo cristiano, se decidi\u00f3 la \u00e9poca para la celebraci\u00f3n conjunta de la pascua y se definieron los requisitos comunes cristianos para acceder al puesto del obispo. Se acord\u00f3 asimismo, que el clero no cobrase intereses por los pr\u00e9stamos dinerarios.<\/p>\n<p>Con el establecimiento cada vez m\u00e1s pronunciado del cristianismo en el Imperio Romano durante el cuarto siglo, la posici\u00f3n de los jud\u00edos alrededor del imperio iba empeorando, porque la pr\u00e1ctica de alguna otra religi\u00f3n aparte del cristianismo, fue prohibida en el territorio. Se prohibieron los matrimonios mixtos entre cristianos y jud\u00edos, el trato entre ellos en general, as\u00ed como\u00a0la conversi\u00f3n al juda\u00edsmo. Se elimin\u00f3 la sinagoga transform\u00e1ndola en iglesia. Se elimin\u00f3 tambi\u00e9n el Templo de J\u00fapiter en el a\u00f1o\u00a0325 transformando la zona en un vertedero. Se estableci\u00f3 el cristianismo como la religi\u00f3n del estado en el a\u00f1o 380 y se prohibieron las religiones paganas en el 392.<\/p>\n<p>El imperio se dividi\u00f3 en el 395 en Roma Occidental y Roma Oriental (<em>Bizancio<\/em>), quedando Palestina bajo el reinada de Roma Oriental. El cristianismo empez\u00f3 a dividirse tambi\u00e9n en el cristianismo romano (<em>actualmente la Iglesia Cat\u00f3lica<\/em>) y bizantino (<em>actualmente la Iglesia Ortodoxa<\/em>).<\/p>\n<p><img data-recalc-dims=\"1\" loading=\"lazy\" decoding=\"async\" data-attachment-id=\"32226\" data-permalink=\"https:\/\/atravesdelasescrituras.com\/es_es\/2016\/12\/29\/13-desde-jerusalen-hasta-los-confines-de-la-tierra\/imperio-romano-dividido\/\" data-orig-file=\"https:\/\/atravesdelasescrituras.com\/wp-content\/uploads\/2016\/12\/imperio-romano-dividido.png\" data-orig-size=\"555,387\" data-comments-opened=\"1\" data-image-meta=\"{&quot;aperture&quot;:&quot;0&quot;,&quot;credit&quot;:&quot;&quot;,&quot;camera&quot;:&quot;&quot;,&quot;caption&quot;:&quot;&quot;,&quot;created_timestamp&quot;:&quot;0&quot;,&quot;copyright&quot;:&quot;&quot;,&quot;focal_length&quot;:&quot;0&quot;,&quot;iso&quot;:&quot;0&quot;,&quot;shutter_speed&quot;:&quot;0&quot;,&quot;title&quot;:&quot;&quot;,&quot;orientation&quot;:&quot;0&quot;}\" data-image-title=\"imperio-romano-dividido\" data-image-description=\"\" data-image-caption=\"\" data-large-file=\"https:\/\/atravesdelasescrituras.com\/wp-content\/uploads\/2016\/12\/imperio-romano-dividido.png\" class=\"aligncenter  wp-image-32226\" src=\"https:\/\/i0.wp.com\/atravesdelasescrituras.com\/wp-content\/uploads\/2016\/12\/imperio-romano-dividido.png?resize=370%2C258&#038;ssl=1\" alt=\"Imperio romano dividido.png\" width=\"370\" height=\"258\" \/><\/p>\n<p>La\u00a0traducci\u00f3n oficial latina de la Biblia, la Vulgata, sali\u00f3 a principios del quinto siglo populariz\u00e1ndose el lat\u00edn en la Iglesia Cat\u00f3lica. Se dio \u00e9nfasis al proselitismo, doctrina y moral en la Iglesia Cat\u00f3lica. El puesto del obispo de Roma se desarroll\u00f3 a lo largo del quinto siglo hacia el oficio actual del Papa. Con la deca\u00edda de Roma Occidental el Papa asumi\u00f3 la<\/p>\n<figure id=\"attachment_19868\" aria-describedby=\"caption-attachment-19868\" style=\"width: 269px\" class=\"wp-caption alignright\"><img data-recalc-dims=\"1\" loading=\"lazy\" decoding=\"async\" data-attachment-id=\"19868\" data-permalink=\"https:\/\/atravesdelasescrituras.com\/es_es\/2016\/09\/17\/las-evidencias-de-su-singularidad-y-unidad\/vulgata-y-s-jeronimo\/\" data-orig-file=\"https:\/\/atravesdelasescrituras.com\/wp-content\/uploads\/2016\/09\/vulgata-y-s-jeronimo1.jpg\" data-orig-size=\"500,373\" data-comments-opened=\"1\" data-image-meta=\"{&quot;aperture&quot;:&quot;0&quot;,&quot;credit&quot;:&quot;&quot;,&quot;camera&quot;:&quot;&quot;,&quot;caption&quot;:&quot;&quot;,&quot;created_timestamp&quot;:&quot;0&quot;,&quot;copyright&quot;:&quot;&quot;,&quot;focal_length&quot;:&quot;0&quot;,&quot;iso&quot;:&quot;0&quot;,&quot;shutter_speed&quot;:&quot;0&quot;,&quot;title&quot;:&quot;&quot;,&quot;orientation&quot;:&quot;0&quot;}\" data-image-title=\"vulgata-y-s-jeronimo\" data-image-description=\"\" data-image-caption=\"\" data-large-file=\"https:\/\/atravesdelasescrituras.com\/wp-content\/uploads\/2016\/09\/vulgata-y-s-jeronimo1.jpg\" class=\"  wp-image-19868 alignright\" src=\"https:\/\/i0.wp.com\/atravesdelasescrituras.com\/wp-content\/uploads\/2016\/09\/vulgata-y-s-jeronimo1.jpg?resize=269%2C201&#038;ssl=1\" alt=\"vulgata-y-s-jeronimo\" width=\"269\" height=\"201\" \/><figcaption id=\"caption-attachment-19868\" class=\"wp-caption-text\">La Vulgata Latina<\/figcaption><\/figure>\n<p>posici\u00f3n y la ciudad del emperador. Seg\u00fan la ense\u00f1anza cat\u00f3lica, Pedro fue el primer Papa, y los Papas representan la roca sobre la cual, tal y como narra el evangelista Mateo (<em>16:18<\/em>), Jes\u00fas dijo que iba a edificar su iglesia.<\/p>\n<p>El centro del cristianismo bizantino se ubicaba en Constantinopla hasta el a\u00f1o 1453. En la Iglesia Bizantina, o sea, la Iglesia Ortodoxa, el idioma principal es el griego. En los servicios en la Iglesia Ortodoxa se enfatiza lo m\u00edstico, o el secreto divino, la oraci\u00f3n en silencio, los c\u00e1nticos\u00a0en harmon\u00eda sin instrumentos y las decoraciones visuales tanto en los edificios, como en las \u00a0vestiduras de los sacerdotes y los \u00edconos.<\/p>\n<p>Las comunidades en los conventos empezaron a crecer rapidamente durante el cuarto siglo. Cristianos decepcionados con la iglesia as\u00ed como cristianos dedicados a la oraci\u00f3n, trabajo y celibato buscaron los conventos.<\/p>\n<p>Grupos importantes de los soldados germ\u00e1nicos que hab\u00edan luchado contra los romanos, posteriormente se unieron al ej\u00e9rcito romano como mercenarios. En el a\u00f1o 476 los visigodos vencieron a Roma Occidental y ocuparon una parte del territorio romano formando peque\u00f1os estados en la zona. Los visigodos adoptaron adem\u00e1s del cristianismo, las misiones con la espada obligando a la gente a la conversi\u00f3n ofreciendo o el bautismo o la muerte.<\/p>\n<p><img data-recalc-dims=\"1\" loading=\"lazy\" decoding=\"async\" data-attachment-id=\"32230\" data-permalink=\"https:\/\/atravesdelasescrituras.com\/es_es\/2016\/12\/29\/13-desde-jerusalen-hasta-los-confines-de-la-tierra\/persecucion-2\/\" data-orig-file=\"https:\/\/atravesdelasescrituras.com\/wp-content\/uploads\/2016\/12\/persecucion.jpg\" data-orig-size=\"670,400\" data-comments-opened=\"1\" data-image-meta=\"{&quot;aperture&quot;:&quot;0&quot;,&quot;credit&quot;:&quot;&quot;,&quot;camera&quot;:&quot;&quot;,&quot;caption&quot;:&quot;&quot;,&quot;created_timestamp&quot;:&quot;0&quot;,&quot;copyright&quot;:&quot;&quot;,&quot;focal_length&quot;:&quot;0&quot;,&quot;iso&quot;:&quot;0&quot;,&quot;shutter_speed&quot;:&quot;0&quot;,&quot;title&quot;:&quot;&quot;,&quot;orientation&quot;:&quot;0&quot;}\" data-image-title=\"persecucion\" data-image-description=\"\" data-image-caption=\"\" data-large-file=\"https:\/\/atravesdelasescrituras.com\/wp-content\/uploads\/2016\/12\/persecucion.jpg\" class=\"aligncenter size-full wp-image-32230\" src=\"https:\/\/i0.wp.com\/atravesdelasescrituras.com\/wp-content\/uploads\/2016\/12\/persecucion.jpg?resize=348%2C208&#038;ssl=1\" alt=\"persecucion.jpg\" width=\"348\" height=\"208\" \/><\/p>\n<p>Las restricciones en relaci\u00f3n con los jud\u00edos eran cada vez m\u00e1s estrictas y se empez\u00f3 a convertirles al cristianismo por la fuerza. Los Concilios ecl\u00e9cticos dictaban leyes contra los Jud\u00edos y varios\u00a0sacerdotes y frailes sembraron el odio hacia los jud\u00edos. Sin embargo, una parte de los obispos, l\u00edderes de la iglesia y papas procuraron proteger a los jud\u00edos.<\/p>\n<p>Los jud\u00edos en di\u00e1spora buscaron apoyo y supervisi\u00f3n en Babilonia, donde los jud\u00edos ten\u00edan libertad de religi\u00f3n y una autonom\u00eda notable. Los jud\u00edos de Babilonia y Palestina juntos reunieron el Talmud, obra que se termin\u00f3 de hacer durante el siglo sexto. La\u00a0interpretaci\u00f3n de la tradici\u00f3n verbal y de la ley, Mishna, obra que se hab\u00eda llevado a cabo sobre el a\u00f1o 200, y su comentario Gemara, formaron juntas lo que era el Talmud de Bab\u00edlonia.<img data-recalc-dims=\"1\" loading=\"lazy\" decoding=\"async\" data-attachment-id=\"21970\" data-permalink=\"https:\/\/atravesdelasescrituras.com\/es_es\/2016\/09\/26\/yeshua-jesus-en-el-talmud\/220px-talmud\/\" data-orig-file=\"https:\/\/atravesdelasescrituras.com\/wp-content\/uploads\/2016\/09\/220px-talmud.jpg\" data-orig-size=\"220,332\" data-comments-opened=\"1\" data-image-meta=\"{&quot;aperture&quot;:&quot;0&quot;,&quot;credit&quot;:&quot;&quot;,&quot;camera&quot;:&quot;&quot;,&quot;caption&quot;:&quot;&quot;,&quot;created_timestamp&quot;:&quot;0&quot;,&quot;copyright&quot;:&quot;&quot;,&quot;focal_length&quot;:&quot;0&quot;,&quot;iso&quot;:&quot;0&quot;,&quot;shutter_speed&quot;:&quot;0&quot;,&quot;title&quot;:&quot;&quot;,&quot;orientation&quot;:&quot;0&quot;}\" data-image-title=\"220px-talmud\" data-image-description=\"\" data-image-caption=\"\" data-large-file=\"https:\/\/atravesdelasescrituras.com\/wp-content\/uploads\/2016\/09\/220px-talmud.jpg\" class=\" size-full wp-image-21970 alignright\" src=\"https:\/\/i0.wp.com\/atravesdelasescrituras.com\/wp-content\/uploads\/2016\/09\/220px-talmud.jpg?resize=220%2C332&#038;ssl=1\" alt=\"220px-talmud\" width=\"220\" height=\"332\" \/><\/p>\n<p>El\u00a0Talmud de Babilonia es una obra posterior y m\u00e1s amplia que el Talmud de Jerusal\u00e9n (<em>Ense\u00f1anzas de la tierra de Jerusal\u00e9n<\/em>). Persia, en cuyo ej\u00e9rcito hab\u00eda tambi\u00e9n soldados jud\u00edos, conquist\u00f3 Palestina el a\u00f1o 614. Los jud\u00edos residentes en Palestina consiguieron la autonom\u00eda en la zona entre los a\u00f1os 614-617, pero despu\u00e9s los bizantinos conquistaron Palestina.<\/p>\n<p>El islam empez\u00f3 a extenderse en el mundo a principios del s\u00e9ptimo siglo ralentizando a la vez la expansi\u00f3n del cristianismo hacia el sur y el este. El califa Omar conquist\u00f3 Palestina durante la d\u00e9cada de los 30 del siglo VII. Se edific\u00f3 la Mezquita de la Roca de los musulmanes en el lugar del Templo de Jerusal\u00e9n en el 691. La construcci\u00f3n de la mezquita Al Aksa en la misma zona fue llevada a cabo a principios del octavo siglo. Hubo un terremoto destructivo en el Oriente Pr\u00f3ximo en el a\u00f1o 747, despu\u00e9s de lo cual la zona se qued\u00f3 tranquila.<\/p>\n<figure id=\"attachment_32233\" aria-describedby=\"caption-attachment-32233\" style=\"width: 286px\" class=\"wp-caption alignleft\"><img data-recalc-dims=\"1\" loading=\"lazy\" decoding=\"async\" data-attachment-id=\"32233\" data-permalink=\"https:\/\/atravesdelasescrituras.com\/es_es\/2016\/12\/29\/13-desde-jerusalen-hasta-los-confines-de-la-tierra\/origen-del-islam\/\" data-orig-file=\"https:\/\/atravesdelasescrituras.com\/wp-content\/uploads\/2016\/12\/origen-del-islam.jpg\" data-orig-size=\"502,607\" data-comments-opened=\"1\" data-image-meta=\"{&quot;aperture&quot;:&quot;0&quot;,&quot;credit&quot;:&quot;&quot;,&quot;camera&quot;:&quot;&quot;,&quot;caption&quot;:&quot;&quot;,&quot;created_timestamp&quot;:&quot;0&quot;,&quot;copyright&quot;:&quot;&quot;,&quot;focal_length&quot;:&quot;0&quot;,&quot;iso&quot;:&quot;0&quot;,&quot;shutter_speed&quot;:&quot;0&quot;,&quot;title&quot;:&quot;&quot;,&quot;orientation&quot;:&quot;0&quot;}\" data-image-title=\"origen-del-islam\" data-image-description=\"\" data-image-caption=\"\" data-large-file=\"https:\/\/atravesdelasescrituras.com\/wp-content\/uploads\/2016\/12\/origen-del-islam.jpg\" class=\"alignleft  wp-image-32233\" src=\"https:\/\/i0.wp.com\/atravesdelasescrituras.com\/wp-content\/uploads\/2016\/12\/origen-del-islam.jpg?resize=286%2C346&#038;ssl=1\" alt=\"origen del islam.jpg\" width=\"286\" height=\"346\" \/><figcaption id=\"caption-attachment-32233\" class=\"wp-caption-text\">Origen del Islam<\/figcaption><\/figure>\n<p>Los jud\u00edos ten\u00edan mejores condiciones vitales en los pa\u00edses musulmanes que en los pa\u00edses cristianos. El avance del islam alcanz\u00f3 Espa\u00f1a en principios del siglo VIII y un intercambio activo entre jud\u00edos y musulmanes se desarroll\u00f3 en la zona. Los musulmanes consideraban a los jud\u00edos como un Pueblo del Libro y por lo tanto bajo una protecci\u00f3n. Permitieron que los jud\u00edos viviesen respetando sus propias leyes y tradiciones con la condici\u00f3n de mantenerse s\u00fabditos y pagar los impuestos establecidos a musulmanes.<\/p>\n<p>El Cairo, asimismo, se convert\u00eda en el centro del comercio y la artesan\u00eda jud\u00eda, a pesar de que en el cambio del milenio los cristianos y jud\u00edos fueron tambi\u00e9n perseguidos en Egipto.<\/p>\n<p>Los J\u00e1zaros, un pueblo n\u00f3mada de pastores, relacionado con los turcos y residente en la zona de Rusia, se convirtieron al juda\u00edsmo en el cambio del octavo y noveno siglo, pero su reino fue depuesto en el a\u00f1o 967.<\/p>\n<p>En el cambio del milenio la mayor\u00eda de los jud\u00edos del mundo viv\u00edan en Europa. Algunos gobernadores favorec\u00edan a los Jud\u00edos quienes ten\u00edan buenas relaciones con varios pa\u00edses por su dispersi\u00f3n.<\/p>\n<p><img data-recalc-dims=\"1\" loading=\"lazy\" decoding=\"async\" data-attachment-id=\"32237\" data-permalink=\"https:\/\/atravesdelasescrituras.com\/es_es\/2016\/12\/29\/13-desde-jerusalen-hasta-los-confines-de-la-tierra\/judios-2\/\" data-orig-file=\"https:\/\/atravesdelasescrituras.com\/wp-content\/uploads\/2016\/12\/judios.jpg\" data-orig-size=\"900,463\" data-comments-opened=\"1\" data-image-meta=\"{&quot;aperture&quot;:&quot;0&quot;,&quot;credit&quot;:&quot;&quot;,&quot;camera&quot;:&quot;&quot;,&quot;caption&quot;:&quot;&quot;,&quot;created_timestamp&quot;:&quot;0&quot;,&quot;copyright&quot;:&quot;&quot;,&quot;focal_length&quot;:&quot;0&quot;,&quot;iso&quot;:&quot;0&quot;,&quot;shutter_speed&quot;:&quot;0&quot;,&quot;title&quot;:&quot;&quot;,&quot;orientation&quot;:&quot;0&quot;}\" data-image-title=\"judios\" data-image-description=\"\" data-image-caption=\"\" data-large-file=\"https:\/\/atravesdelasescrituras.com\/wp-content\/uploads\/2016\/12\/judios.jpg\" class=\"aligncenter size-full wp-image-32237\" src=\"https:\/\/i0.wp.com\/atravesdelasescrituras.com\/wp-content\/uploads\/2016\/12\/judios.jpg?resize=402%2C207&#038;ssl=1\" alt=\"judios.jpg\" width=\"402\" height=\"207\" \/><\/p>\n<hr \/>\n<p style=\"text-align:center;\"><strong><em>(<\/em><\/strong><strong><em>No te pierdas las pr\u00f3ximas partes en:\u00a0<\/em><em><a href=\"https:\/\/atravesdelasescrituras.com\/estudios-varios\/los-judios-pueblo-escogido-pueblo-perseguido\/\">Pueblo escogido, Pueblo perseguido<\/a><\/em>)<\/strong><\/p>\n","protected":false},"excerpt":{"rendered":"<p>La cantidad de los jud\u00edos que cre\u00edan en Jes\u00fas como su Mes\u00edas, creci\u00f3 de los doce disc\u00edpulos, a quien se les empez\u00f3 a llamar los ap\u00f3stoles, a unos diez mil personas. Los primeros responsables de la iglesia primitiva de Jerusal\u00e9n eran unos familiares de Jes\u00fas y los disc\u00edpulos. Jacobo, el hermano de Jes\u00fas, y escritor [&hellip;]<\/p>\n","protected":false},"author":80235555,"featured_media":0,"comment_status":"open","ping_status":"open","sticky":false,"template":"","format":"gallery","meta":{"_coblocks_attr":"","_coblocks_dimensions":"","_coblocks_responsive_height":"","_coblocks_accordion_ie_support":"","_gspb_post_css":"","advanced_seo_description":"","jetpack_seo_html_title":"","jetpack_seo_noindex":false,"jetpack_seo_schema_type":"","_jetpack_newsletter_access":"","_jetpack_dont_email_post_to_subs":false,"_jetpack_newsletter_tier_id":0,"_jetpack_memberships_contains_paywalled_content":false,"_wpcom_ai_launchpad_first_post":false,"_jetpack_feature_clip_id":0,"_jetpack_memberships_contains_paid_content":false,"footnotes":"","jetpack_publicize_message":"","jetpack_publicize_feature_enabled":true,"jetpack_social_post_already_shared":false,"jetpack_social_options":{"image_generator_settings":{"template":"highway","default_image_id":0,"font":"","enabled":false},"version":2},"jetpack_post_was_ever_published":false},"categories":[3908365],"tags":[1023681,6830730,82241803,58615,553265034,553265035,420,9937,15579319,704395,5583103,505981,661461,1733547,62512,6655984,549107384,6449322,367187,17644299,577131,139659,606129,5485801,9323077],"class_list":["post-32093","post","type-post","status-publish","format-gallery","hentry","category-estudios-varios","tag-constantino","tag-cornelio","tag-destruccion-del-templo","tag-iglesia","tag-imperio-occidente","tag-imperio-oriente","tag-islam","tag-israel","tag-jazaros","tag-jerusalen","tag-los-judios","tag-masada","tag-neron","tag-pentecostes","tag-pedro","tag-pueblo-escogido","tag-pueblo-perseguido","tag-sanedrin","tag-shavuot","tag-simon-bar-kochba","tag-sinagoga","tag-talmud","tag-templo","tag-vulgata-latina","tag-zelotes","post_format-post-format-gallery"],"blocksy_meta":{"styles_descriptor":{"styles":{"desktop":"","tablet":"","mobile":""},"google_fonts":[],"version":7}},"jetpack_publicize_connections":[],"jetpack_likes_enabled":true,"jetpack_sharing_enabled":true,"jetpack_shortlink":"https:\/\/wp.me\/p5HWJ5-8lD","jetpack-related-posts":[{"id":44142,"url":"https:\/\/atravesdelasescrituras.com\/es_es\/2023\/07\/25\/los-12-apostoles-el-termino-apostol-%e1%bc%80%cf%80%cf%8c%cf%83%cf%84%ce%bf%ce%bb%ce%bf%cf%82-el-apostolado-comisionado-y-una-introduccion-al-apostolado-historico\/","url_meta":{"origin":32093,"position":0},"title":"Los 12 ap\u00f3stoles, El termino Ap\u00f3stol \u1f00\u03c0\u03cc\u03c3\u03c4\u03bf\u03bb\u03bf\u03c2, el apostolado comisionado y una introducci\u00f3n al apostolado hist\u00f3rico.","author":"Daniel L\u00f3pez","date":"25 Jul 2023","format":false,"excerpt":"El oficio de ap\u00f3stol ha sido reconocido desde hace mucho tiempo como una funci\u00f3n de liderazgo y evangelizaci\u00f3n de apertura en una frontera que carec\u00eda del mensaje del Evangelio. El oficio tiene como modelo a los doce disc\u00edpulos, que actuaban como l\u00edderes en la iglesia primitiva...","rel":"","context":"En \u00abArt\u00edculos varios\u00bb","block_context":{"text":"Art\u00edculos varios","link":"https:\/\/atravesdelasescrituras.com\/es_es\/category\/articulos-varios\/"},"img":{"alt_text":"","src":"https:\/\/i0.wp.com\/atravesdelasescrituras.com\/wp-content\/uploads\/2023\/07\/12-apostoles.jpeg?resize=350%2C200&ssl=1","width":350,"height":200,"srcset":"https:\/\/i0.wp.com\/atravesdelasescrituras.com\/wp-content\/uploads\/2023\/07\/12-apostoles.jpeg?resize=350%2C200&ssl=1 1x, https:\/\/i0.wp.com\/atravesdelasescrituras.com\/wp-content\/uploads\/2023\/07\/12-apostoles.jpeg?resize=525%2C300&ssl=1 1.5x, https:\/\/i0.wp.com\/atravesdelasescrituras.com\/wp-content\/uploads\/2023\/07\/12-apostoles.jpeg?resize=700%2C400&ssl=1 2x"},"classes":[]},{"id":42299,"url":"https:\/\/atravesdelasescrituras.com\/es_es\/2020\/08\/28\/jacobo-el-mayor-hijo-de-zebedeo\/","url_meta":{"origin":32093,"position":1},"title":"Jacobo el mayor (hijo de Zebedeo)","author":"Daniel L\u00f3pez","date":"28 Ago 2020","format":"gallery","excerpt":"Santiago de Zebedeo\u00a0o\u00a0Jacobo de Zebedeo\u00a0(en\u00a0griego antiguo:\u00a0\u1f38\u03ac\u03ba\u03c9\u03b2\u03bf\u03c2\u00a0Ia'kovos) fue, seg\u00fan diversos textos\u00a0neotestamentarios\u00a0(Evangelios sin\u00f3pticos,\u00a0Hechos de los Ap\u00f3stoles), uno de los\u00a0ap\u00f3stoles\u00a0m\u00e1s destacados de\u00a0Jes\u00fas de Nazaret. El primer encuentro con el Mes\u00edas lo vemos en el evangelio de Mateo: \"...[Jes\u00fas] vio a otros dos hermanos, Santiago y Juan, sentados en una barca\u00a0junto a su padre,\u2026","rel":"","context":"En \u00abArt\u00edculos varios\u00bb","block_context":{"text":"Art\u00edculos varios","link":"https:\/\/atravesdelasescrituras.com\/es_es\/category\/articulos-varios\/"},"img":{"alt_text":"","src":"https:\/\/i0.wp.com\/atravesdelasescrituras.com\/wp-content\/uploads\/2020\/08\/jacobo-el-mayor.png?fit=1200%2C545&ssl=1&resize=350%2C200","width":350,"height":200,"srcset":"https:\/\/i0.wp.com\/atravesdelasescrituras.com\/wp-content\/uploads\/2020\/08\/jacobo-el-mayor.png?fit=1200%2C545&ssl=1&resize=350%2C200 1x, https:\/\/i0.wp.com\/atravesdelasescrituras.com\/wp-content\/uploads\/2020\/08\/jacobo-el-mayor.png?fit=1200%2C545&ssl=1&resize=525%2C300 1.5x, https:\/\/i0.wp.com\/atravesdelasescrituras.com\/wp-content\/uploads\/2020\/08\/jacobo-el-mayor.png?fit=1200%2C545&ssl=1&resize=700%2C400 2x, https:\/\/i0.wp.com\/atravesdelasescrituras.com\/wp-content\/uploads\/2020\/08\/jacobo-el-mayor.png?fit=1200%2C545&ssl=1&resize=1050%2C600 3x"},"classes":[]},{"id":56812,"url":"https:\/\/atravesdelasescrituras.com\/es_es\/2026\/03\/22\/en-busca-de-la-ciudad-que-ha-de-venir\/","url_meta":{"origin":32093,"position":2},"title":"En busca de la ciudad que ha de venir","author":"Daniel L\u00f3pez","date":"22 Mar 2026","format":false,"excerpt":"El prop\u00f3sito de este art\u00edculo se centrar\u00e1 en las diversas formas en que los escritos del Nuevo Testamento describen el desarrollo del plan de Dios para establecer su ciudad-templo en la tierra. El primero de estos se refiere al remplazo del templo de Jerusal\u00e9n por un nuevo templo espiritual: la\u2026","rel":"","context":"En \u00abArt\u00edculos varios\u00bb","block_context":{"text":"Art\u00edculos varios","link":"https:\/\/atravesdelasescrituras.com\/es_es\/category\/articulos-varios\/"},"img":{"alt_text":"","src":"https:\/\/i0.wp.com\/atravesdelasescrituras.com\/wp-content\/uploads\/2026\/03\/la-nueva-jerusalen.jpg?fit=1200%2C675&ssl=1&resize=350%2C200","width":350,"height":200,"srcset":"https:\/\/i0.wp.com\/atravesdelasescrituras.com\/wp-content\/uploads\/2026\/03\/la-nueva-jerusalen.jpg?fit=1200%2C675&ssl=1&resize=350%2C200 1x, https:\/\/i0.wp.com\/atravesdelasescrituras.com\/wp-content\/uploads\/2026\/03\/la-nueva-jerusalen.jpg?fit=1200%2C675&ssl=1&resize=525%2C300 1.5x, https:\/\/i0.wp.com\/atravesdelasescrituras.com\/wp-content\/uploads\/2026\/03\/la-nueva-jerusalen.jpg?fit=1200%2C675&ssl=1&resize=700%2C400 2x, https:\/\/i0.wp.com\/atravesdelasescrituras.com\/wp-content\/uploads\/2026\/03\/la-nueva-jerusalen.jpg?fit=1200%2C675&ssl=1&resize=1050%2C600 3x"},"classes":[]},{"id":31942,"url":"https:\/\/atravesdelasescrituras.com\/es_es\/2016\/12\/12\/2-los-apostoles\/","url_meta":{"origin":32093,"position":3},"title":"2. Los \u00e1postoles","author":"Daniel L\u00f3pez","date":"12 Dic 2016","format":"gallery","excerpt":"\"Una suerte realmente extra\u00f1a \u2014dijo Ren\u00e1n\u2014 ha querido que la desaparici\u00f3n de estos dos hombres (Pedro y Pablo) quedara envuelta en el misterio\" Luego, reconociendo el valor hist\u00f3rico de los libros del Nuevo Testamento, agrega: \"A fines del cautiverio de Pablo, los Hechos de los Ap\u00f3stoles y las Ep\u00edstolas nos\u2026","rel":"","context":"En \u00abEstudios Varios\u00bb","block_context":{"text":"Estudios Varios","link":"https:\/\/atravesdelasescrituras.com\/es_es\/category\/estudios-varios\/"},"img":{"alt_text":"","src":"https:\/\/i0.wp.com\/atravesdelasescrituras.com\/wp-content\/uploads\/2016\/12\/pablo-festo-agripa1.jpg?resize=350%2C200&ssl=1","width":350,"height":200,"srcset":"https:\/\/i0.wp.com\/atravesdelasescrituras.com\/wp-content\/uploads\/2016\/12\/pablo-festo-agripa1.jpg?resize=350%2C200&ssl=1 1x, https:\/\/i0.wp.com\/atravesdelasescrituras.com\/wp-content\/uploads\/2016\/12\/pablo-festo-agripa1.jpg?resize=525%2C300&ssl=1 1.5x, https:\/\/i0.wp.com\/atravesdelasescrituras.com\/wp-content\/uploads\/2016\/12\/pablo-festo-agripa1.jpg?resize=700%2C400&ssl=1 2x"},"classes":[]},{"id":43225,"url":"https:\/\/atravesdelasescrituras.com\/es_es\/2021\/08\/04\/juan-%d7%99%d7%95%d7%97%d7%a0%d7%9f-yohanan-discipulo-amado\/","url_meta":{"origin":32093,"position":4},"title":"Juan \u05d9\u05d5\u05d7\u05e0\u05df Yohanan &#8211; Disc\u00edpulo amado","author":"Daniel L\u00f3pez","date":"4 Ago 2021","format":"gallery","excerpt":"Juan el Ap\u00f3stol (hebreo \u05d9\u05d5\u05d7\u05e0\u05df Yohanan, \u00abel Se\u00f1or es misericordioso\u00bb \u1f38\u03c9\u03ac\u03bd\u03bd\u03b7\u03c2,\u00a0I\u014dann\u0113s) fue, seg\u00fan diversos textos neotestamentarios (Evangelios sin\u00f3pticos, Hechos de los Ap\u00f3stoles, Ep\u00edstola a los G\u00e1latas), uno de los disc\u00edpulos m\u00e1s destacados de Jes\u00fas de Nazaret. Nativo de Galilea, era hermano de Santiago el Mayor e hijo de Zebedeo. Su\u2026","rel":"","context":"En \u00abEstudios B\u00edblicos\u00bb","block_context":{"text":"Estudios B\u00edblicos","link":"https:\/\/atravesdelasescrituras.com\/es_es\/category\/estudios-biblicos\/"},"img":{"alt_text":"","src":"https:\/\/i0.wp.com\/atravesdelasescrituras.com\/wp-content\/uploads\/2021\/08\/juan-el-discipulo-1.jpg?fit=1200%2C516&ssl=1&resize=350%2C200","width":350,"height":200,"srcset":"https:\/\/i0.wp.com\/atravesdelasescrituras.com\/wp-content\/uploads\/2021\/08\/juan-el-discipulo-1.jpg?fit=1200%2C516&ssl=1&resize=350%2C200 1x, https:\/\/i0.wp.com\/atravesdelasescrituras.com\/wp-content\/uploads\/2021\/08\/juan-el-discipulo-1.jpg?fit=1200%2C516&ssl=1&resize=525%2C300 1.5x, https:\/\/i0.wp.com\/atravesdelasescrituras.com\/wp-content\/uploads\/2021\/08\/juan-el-discipulo-1.jpg?fit=1200%2C516&ssl=1&resize=700%2C400 2x, https:\/\/i0.wp.com\/atravesdelasescrituras.com\/wp-content\/uploads\/2021\/08\/juan-el-discipulo-1.jpg?fit=1200%2C516&ssl=1&resize=1050%2C600 3x"},"classes":[]},{"id":31883,"url":"https:\/\/atravesdelasescrituras.com\/es_es\/2016\/12\/08\/1-iglesia-primitiva\/","url_meta":{"origin":32093,"position":5},"title":"1. Iglesia primitiva","author":"Daniel L\u00f3pez","date":"8 Dic 2016","format":"gallery","excerpt":"La tarea asignada por el Mes\u00edas Yeshua: Pasado el asombro que la resurrecci\u00f3n de Yeshua\u00a0hab\u00eda producido en el \u00e1nimo de los primeros disc\u00edpulos, \u00e9stos se pu\u00adsieron de nuevo a pensar en la marcha que seguir\u00eda el reino de Dios en el mundo. Siempre abrigando la idea de que Yeshua\u00a0iba a\u2026","rel":"","context":"En \u00abEstudios Varios\u00bb","block_context":{"text":"Estudios Varios","link":"https:\/\/atravesdelasescrituras.com\/es_es\/category\/estudios-varios\/"},"img":{"alt_text":"","src":"https:\/\/i0.wp.com\/atravesdelasescrituras.com\/wp-content\/uploads\/2016\/12\/neron21.jpg?resize=350%2C200&ssl=1","width":350,"height":200},"classes":[]}],"brizy_media":[],"jetpack_featured_media_url":"","_links":{"self":[{"href":"https:\/\/atravesdelasescrituras.com\/es_es\/wp-json\/wp\/v2\/posts\/32093","targetHints":{"allow":["GET"]}}],"collection":[{"href":"https:\/\/atravesdelasescrituras.com\/es_es\/wp-json\/wp\/v2\/posts"}],"about":[{"href":"https:\/\/atravesdelasescrituras.com\/es_es\/wp-json\/wp\/v2\/types\/post"}],"author":[{"embeddable":true,"href":"https:\/\/atravesdelasescrituras.com\/es_es\/wp-json\/wp\/v2\/users\/80235555"}],"replies":[{"embeddable":true,"href":"https:\/\/atravesdelasescrituras.com\/es_es\/wp-json\/wp\/v2\/comments?post=32093"}],"version-history":[{"count":25,"href":"https:\/\/atravesdelasescrituras.com\/es_es\/wp-json\/wp\/v2\/posts\/32093\/revisions"}],"predecessor-version":[{"id":32240,"href":"https:\/\/atravesdelasescrituras.com\/es_es\/wp-json\/wp\/v2\/posts\/32093\/revisions\/32240"}],"wp:attachment":[{"href":"https:\/\/atravesdelasescrituras.com\/es_es\/wp-json\/wp\/v2\/media?parent=32093"}],"wp:term":[{"taxonomy":"category","embeddable":true,"href":"https:\/\/atravesdelasescrituras.com\/es_es\/wp-json\/wp\/v2\/categories?post=32093"},{"taxonomy":"post_tag","embeddable":true,"href":"https:\/\/atravesdelasescrituras.com\/es_es\/wp-json\/wp\/v2\/tags?post=32093"}],"curies":[{"name":"wp","href":"https:\/\/api.w.org\/{rel}","templated":true}]}}