{"id":38148,"date":"2017-05-30T09:15:03","date_gmt":"2017-05-30T09:15:03","guid":{"rendered":"http:\/\/atravesdelasescrituras.com\/?p=38148"},"modified":"2017-05-30T09:19:47","modified_gmt":"2017-05-30T09:19:47","slug":"ha-reemplazado-la-iglesia-a-israel","status":"publish","type":"post","link":"https:\/\/atravesdelasescrituras.com\/es_es\/2017\/05\/30\/ha-reemplazado-la-iglesia-a-israel\/","title":{"rendered":"\u00bfHa reemplazado la Iglesia a Israel?"},"content":{"rendered":"<h1 class=\"name post-title entry-title\"><\/h1>\n<div class=\"entry\">\n<div class=\"pf-content\">\n<p><em><strong><a href=\"http:\/\/www.lamblion.com\/articles\/articles_jewishlife5.php\">Por el Dr. David R. Reagan de Lion and Lamb Ministries<\/a><\/strong><\/em><\/p>\n<p>Recientemente habl\u00e9 en una conferencia donde me asignaron el tema, \u201c<em>Israel en los Tiempos Finales<\/em>\u201d. Creo que asombr\u00e9 a muchas personas cuando comenc\u00e9 mi presentaci\u00f3n haciendo la pregunta:<\/p>\n<p style=\"text-align:center;\"><em>\u201c\u00bfHay realmente alg\u00fan rol para Israel en el plan de Dios para el final de los tiempos?\u201d <\/em><\/p>\n<p>Estoy seguro que la mayor\u00eda de mi audiencia pens\u00f3 que era una pregunta tonta porque la mayor\u00eda de ellos eran estudiantes de profec\u00eda B\u00edblica y estaban conscientes del hecho que el Pueblo Jud\u00edo es el punto focal de la profec\u00eda B\u00edblica del tiempo final.<\/p>\n<p>Pero proced\u00ed a asegurarles que la pregunta no era tonta. Expliqu\u00e9 que por casi 2,000 a\u00f1os la Iglesia en general, tanto la Cat\u00f3lica y Protestante, ha mantenido que debido al hecho de que los Jud\u00edos rechazaron a Jes\u00fas (<em>\u201cYesh\u00faa\u201d en original hebreo-arameo<\/em>) como su Mes\u00edas, Dios derram\u00f3 Su ira sobre ellos en el a\u00f1o 70 DC, destruyendo su naci\u00f3n y su templo, y que \u00c9l ha lavado Sus manos de ellos, dej\u00e1ndolos sin prop\u00f3sito alguno como naci\u00f3n.<\/p>\n<p>En resumen, debido a su rebeli\u00f3n contra Dios en su rechazo a Jes\u00fas, Dios ha reemplazado a Israel con la Iglesia, transfiriendo las bendiciones prometidas a Israel para la Iglesia.<\/p>\n<p>Esto es llamado \u201c<em>Teolog\u00eda del Reemplazo<\/em>\u201d, y aquellos quienes creen esto constituyen la mayor\u00eda de los Cristianos profesantes de hoy. Por consiguiente, ellos consideran en los d\u00edas modernos a Israel como un accidente de la historia, sin significado espiritual alguno.<\/p>\n<p>Y por lo tanto, ellos niegan que Dios tenga planes especiales para el pueblo Jud\u00edo en el final de los tiempos. Otra vez, para ellos, el regreso de los Jud\u00edos y el restablecimiento de Israel son simplemente accidentes de la historia, sin ning\u00fan significado espiritual.<\/p>\n<p><img data-recalc-dims=\"1\" fetchpriority=\"high\" decoding=\"async\" data-attachment-id=\"38156\" data-permalink=\"https:\/\/atravesdelasescrituras.com\/es_es\/2017\/05\/30\/ha-reemplazado-la-iglesia-a-israel\/teologia-reemplazo-amor-dios-alianzas_2_2114271\/\" data-orig-file=\"https:\/\/atravesdelasescrituras.com\/wp-content\/uploads\/2017\/05\/teologia-reemplazo-amor-dios-alianzas_2_2114271.jpg\" data-orig-size=\"567,302\" data-comments-opened=\"1\" data-image-meta=\"{&quot;aperture&quot;:&quot;0&quot;,&quot;credit&quot;:&quot;&quot;,&quot;camera&quot;:&quot;&quot;,&quot;caption&quot;:&quot;&quot;,&quot;created_timestamp&quot;:&quot;0&quot;,&quot;copyright&quot;:&quot;&quot;,&quot;focal_length&quot;:&quot;0&quot;,&quot;iso&quot;:&quot;0&quot;,&quot;shutter_speed&quot;:&quot;0&quot;,&quot;title&quot;:&quot;&quot;,&quot;orientation&quot;:&quot;0&quot;}\" data-image-title=\"teologia-reemplazo-amor-dios-alianzas_2_2114271\" data-image-description=\"\" data-image-caption=\"\" data-large-file=\"https:\/\/atravesdelasescrituras.com\/wp-content\/uploads\/2017\/05\/teologia-reemplazo-amor-dios-alianzas_2_2114271.jpg\" class=\"aligncenter  wp-image-38156\" src=\"https:\/\/i0.wp.com\/atravesdelasescrituras.com\/wp-content\/uploads\/2017\/05\/teologia-reemplazo-amor-dios-alianzas_2_2114271.jpg?resize=454%2C242&#038;ssl=1\" alt=\"teologia-reemplazo-amor-dios-alianzas_2_2114271.jpg\" width=\"454\" height=\"242\" \/><\/p>\n<hr \/>\n<ul>\n<li><strong>El Origen de la Teolog\u00eda del Reemplazo:<\/strong><\/li>\n<\/ul>\n<p>Las ra\u00edces de la Teolog\u00eda del Reemplazo y sus frutos de antisemitismo se remontan a los or\u00edgenes del cristianismo.<\/p>\n<p>Esto es ir\u00f3nico si tenemos en cuenta el hecho de que la Iglesia comenz\u00f3 como una instituci\u00f3n Jud\u00eda. Fue fundada en Judea por Jud\u00edos que fueron seguidores de un Mes\u00edas Jud\u00edo, y todos sus documentos hallados fueron escritos por Jud\u00edos.<\/p>\n<p>El s\u00edmbolo de la derecha es el s\u00edmbolo Cristiano m\u00e1s antiguo que haya sido encontrado jam\u00e1s. Este claramente enfatiza los or\u00edgenes Jud\u00edos del Cristianismo. El s\u00edmbolo fue <img data-recalc-dims=\"1\" decoding=\"async\" data-attachment-id=\"38157\" data-permalink=\"https:\/\/atravesdelasescrituras.com\/es_es\/2017\/05\/30\/ha-reemplazado-la-iglesia-a-israel\/attachment\/444\/\" data-orig-file=\"https:\/\/atravesdelasescrituras.com\/wp-content\/uploads\/2017\/05\/444.png\" data-orig-size=\"60,158\" data-comments-opened=\"1\" data-image-meta=\"{&quot;aperture&quot;:&quot;0&quot;,&quot;credit&quot;:&quot;&quot;,&quot;camera&quot;:&quot;&quot;,&quot;caption&quot;:&quot;&quot;,&quot;created_timestamp&quot;:&quot;0&quot;,&quot;copyright&quot;:&quot;&quot;,&quot;focal_length&quot;:&quot;0&quot;,&quot;iso&quot;:&quot;0&quot;,&quot;shutter_speed&quot;:&quot;0&quot;,&quot;title&quot;:&quot;&quot;,&quot;orientation&quot;:&quot;0&quot;}\" data-image-title=\"444\" data-image-description=\"\" data-image-caption=\"\" data-large-file=\"https:\/\/atravesdelasescrituras.com\/wp-content\/uploads\/2017\/05\/444.png\" class=\" size-full wp-image-38157 alignright\" src=\"https:\/\/i0.wp.com\/atravesdelasescrituras.com\/wp-content\/uploads\/2017\/05\/444.png?resize=60%2C158&#038;ssl=1\" alt=\"444.png\" width=\"60\" height=\"158\" \/>tallado en artefactos encontrados en Jerusal\u00e9n que datan del Primer Siglo.<\/p>\n<p>Como puede ver, se muestra el pez, el s\u00edmbolo de la Iglesia, emergiendo desde ra\u00edces Jud\u00edas, representado por la Menor\u00e1 y la Estrella de David. El pez se convirti\u00f3 en un s\u00edmbolo para los Cristianos porque la palabra para pez en Griego es <em>icthus<\/em>, y los Cristianos usaron las letras de esta palabra, ICTHUS, como un acr\u00f3nimo para \u201c<em>Iesous, Christos, Theos, Huios, y Soter<\/em>\u201d, significando Jes\u00fas, Cristo, Hijo de Dios y Salvador.<\/p>\n<p><img data-recalc-dims=\"1\" decoding=\"async\" data-attachment-id=\"38224\" data-permalink=\"https:\/\/atravesdelasescrituras.com\/es_es\/2017\/05\/30\/ha-reemplazado-la-iglesia-a-israel\/iesous-christos-theos-huios-y-soter\/\" data-orig-file=\"https:\/\/atravesdelasescrituras.com\/wp-content\/uploads\/2017\/05\/iesous-christos-theos-huios-y-soter.jpg\" data-orig-size=\"960,720\" data-comments-opened=\"1\" data-image-meta=\"{&quot;aperture&quot;:&quot;0&quot;,&quot;credit&quot;:&quot;&quot;,&quot;camera&quot;:&quot;&quot;,&quot;caption&quot;:&quot;&quot;,&quot;created_timestamp&quot;:&quot;0&quot;,&quot;copyright&quot;:&quot;&quot;,&quot;focal_length&quot;:&quot;0&quot;,&quot;iso&quot;:&quot;0&quot;,&quot;shutter_speed&quot;:&quot;0&quot;,&quot;title&quot;:&quot;&quot;,&quot;orientation&quot;:&quot;0&quot;}\" data-image-title=\"Iesous, Christos, Theos, Huios, y Soter\" data-image-description=\"\" data-image-caption=\"\" data-large-file=\"https:\/\/atravesdelasescrituras.com\/wp-content\/uploads\/2017\/05\/iesous-christos-theos-huios-y-soter.jpg\" class=\"aligncenter  wp-image-38224\" src=\"https:\/\/i0.wp.com\/atravesdelasescrituras.com\/wp-content\/uploads\/2017\/05\/iesous-christos-theos-huios-y-soter.jpg?resize=313%2C235&#038;ssl=1\" alt=\"Iesous, Christos, Theos, Huios, y Soter.jpg\" width=\"313\" height=\"235\" \/><\/p>\n<p>Pero el sabor Jud\u00edo distintivo del Cristianismo temprano no iba a durar mucho tiempo. A medida que la Iglesia comenz\u00f3 a extenderse m\u00e1s all\u00e1 de Judea, su mensaje fue abrazado por m\u00e1s y m\u00e1s Gentiles quienes no ten\u00edan inter\u00e9s en mantener contacto con las ra\u00edces de la Iglesia Jud\u00eda. Incluso peor, los nuevos l\u00edderes Gentiles comenzaron a volverse en contra de los Jud\u00edos caracteriz\u00e1ndolos como \u201c<em>asesinos de Cristo<\/em>\u201d.<\/p>\n<p>Considere los siguientes ejemplos:<\/p>\n<ul>\n<li><strong>Ignacio de Antioqu\u00eda (<em>ca 50-117 dC<\/em>)<\/strong>\u00a0\u2013 Ense\u00f1\u00f3 que aquellos que participan de la Pascua son part\u00edcipes con los que mataron a Jes\u00fas.<\/li>\n<li><strong>Justino M\u00e1rtir (<em>100-106 dC<\/em>)<\/strong> \u2013 Reclam\u00f3 que el pacto de Dios con Israel ya no era v\u00e1lido y que los gentiles hab\u00edan sustituido a los Jud\u00edos.<\/li>\n<li><strong>Ireneo (<em>ca 130-202 dC<\/em>)<\/strong>\u00a0\u2013 Declar\u00f3 que los Jud\u00edos fueron desheredados de la gracia de Dios.<\/li>\n<li><strong>Tertuliano (<em>ca 155-230 dC<\/em>)<\/strong>\u00a0\u2013 Culp\u00f3 a los Jud\u00edos de la muerte de Jes\u00fas y argument\u00f3 que hab\u00edan sido rechazados por Dios.<\/li>\n<li><strong>Or\u00edgenes (<em>185-254 dC<\/em>)<\/strong>\u00a0\u2013 Fue el responsable de mucho antisemitismo, todo lo cual se basa en su afirmaci\u00f3n de que \u2018<em>los Jud\u00edos fueron responsables de la muerte de Jes\u00fas<\/em>\u2019.<\/li>\n<li><strong>El Concilio de Elvira (<em>305 dC en Espa\u00f1a<\/em>)<\/strong>\u00a0\u2013 Prohibi\u00f3 a los cristianos compartir una comida con un Jud\u00edo, casarse con un Jud\u00edo, bendecir a un Jud\u00edo y observar el s\u00e1bado (<em>Shabat<\/em>).<\/li>\n<li><strong>El Concilio de Nicea (<em>325 dC en Turqu\u00eda<\/em>)<\/strong>\u00a0\u2013 Se cambi\u00f3 la celebraci\u00f3n de la Resurrecci\u00f3n de la fiesta jud\u00eda de las Primicias de Pascua, en un intento de desvincularla de las fiestas jud\u00edas.\u00a0El Consejo declar\u00f3: \u201c<em>Porque es impropio m\u00e1s all\u00e1 de toda medida que en este m\u00e1s sagrado de los festivales debamos seguir las costumbres de los Jud\u00edos. De ahora en adelante no tendremos nada en com\u00fan con este pueblo odioso\u2026<\/em>\u201d.<\/li>\n<li><strong>Eusebio (<em>ca 275-339 dC<\/em>)<\/strong>\u00a0\u2013 Ense\u00f1\u00f3 que las promesas de las Escrituras eran para los gentiles, y las maldiciones eran para los Jud\u00edos.\u00a0Afirm\u00f3 que la Iglesia era el \u201c<em>verdadero Israel<\/em>\u201d.<\/li>\n<li><strong>Juan Cris\u00f3stomo (<em>349-407 dC<\/em>)<\/strong>\u00a0\u2013 Predic\u00f3 una serie de sermones contra los Jud\u00edos en el que afirm\u00f3: \u201c<em>La sinagoga no s\u00f3lo es un burdel y un teatro, sino que tambi\u00e9n es una cueva de ladrones y lugar de alojamiento para las bestias salvajes\u2026 Los\u00a0Jud\u00edos son asesinos empedernidos pose\u00eddos por el diablo. Su libertinaje y embriaguez entrega los modales de un cerdo<\/em>\u201d.\u00a0Neg\u00f3 que los Jud\u00edos pudieran jam\u00e1s recibir el perd\u00f3n.\u00a0Afirm\u00f3 que era un deber cristiano odiar a los Jud\u00edos.\u00a0Afirm\u00f3 que los Jud\u00edos adoraban a Satan\u00e1s.\u00a0\u00a1Y este hombre fue canonizado como un santo!.<\/li>\n<li><strong>Jerome (<em>ca 347 hasta 420 dC<\/em>)<\/strong>\u00a0\u2013 Describi\u00f3 a los Jud\u00edos como \u201c<em>\u2026 las serpientes que llevan la imagen de Judas. Sus salmos y oraciones son el rebuzno de los burros\u2026 son incapaces de comprender las Escrituras\u2026<\/em>\u201d.<\/li>\n<li><strong>San Agust\u00edn<\/strong><strong>\u00a0<\/strong><strong>(<em>354-430 dC<\/em>)<\/strong> \u2013 Afirm\u00f3 que los Jud\u00edos merec\u00edan la muerte y que estaban destinados a vagar por la tierra para presenciar la victoria de la Iglesia sobre la sinagoga\u201d.<\/li>\n<\/ul>\n<hr \/>\n<ul>\n<li><strong>La edad Media<\/strong><\/li>\n<\/ul>\n<p>En la Edad Media, dos conceptos err\u00f3neos se hab\u00edan convertido en doctrina de la Iglesia establecida:<\/p>\n<ol>\n<li>Los Jud\u00edos deben ser considerados \u201c<em>asesinos de Cristo<\/em>\u201d y deben ser maltratados en consecuencia.<\/li>\n<li>La Iglesia ha reemplazado a Israel, y Dios no tiene ning\u00fan prop\u00f3sito futuro para los Jud\u00edos.<\/li>\n<\/ol>\n<p>Estos conceptos fueron reforzados durante la Edad Media a trav\u00e9s de las Cruzadas, la Inquisici\u00f3n, representaciones de la pasi\u00f3n, la epidemia de la peste negra y libelos de sangre.<\/p>\n<p><img data-recalc-dims=\"1\" loading=\"lazy\" decoding=\"async\" data-attachment-id=\"33270\" data-permalink=\"https:\/\/atravesdelasescrituras.com\/es_es\/2017\/01\/09\/14-pueblo-perseguido\/inquisicion-espan%cc%83ola\/\" data-orig-file=\"https:\/\/atravesdelasescrituras.com\/wp-content\/uploads\/2017\/01\/inquisicion-espancc83ola.jpg\" data-orig-size=\"957,424\" data-comments-opened=\"1\" data-image-meta=\"{&quot;aperture&quot;:&quot;0&quot;,&quot;credit&quot;:&quot;&quot;,&quot;camera&quot;:&quot;&quot;,&quot;caption&quot;:&quot;&quot;,&quot;created_timestamp&quot;:&quot;0&quot;,&quot;copyright&quot;:&quot;&quot;,&quot;focal_length&quot;:&quot;0&quot;,&quot;iso&quot;:&quot;0&quot;,&quot;shutter_speed&quot;:&quot;0&quot;,&quot;title&quot;:&quot;&quot;,&quot;orientation&quot;:&quot;0&quot;}\" data-image-title=\"inquisicion-espan%cc%83ola\" data-image-description=\"\" data-image-caption=\"\" data-large-file=\"https:\/\/atravesdelasescrituras.com\/wp-content\/uploads\/2017\/01\/inquisicion-espancc83ola.jpg\" class=\"  wp-image-33270 aligncenter\" src=\"https:\/\/i0.wp.com\/atravesdelasescrituras.com\/wp-content\/uploads\/2017\/01\/inquisicion-espancc83ola.jpg?resize=411%2C182&#038;ssl=1\" alt=\"inquisicion-espan%cc%83ola\" width=\"411\" height=\"182\" \/><\/p>\n<p>En 1095 el Papa Urbano II llam\u00f3 a una cruzada para liberar la Tierra Santa de los gobernantes musulmanes.\u00a0Aunque el objetivo principal de la cruzada era liberar Jerusal\u00e9n de los musulmanes, los Jud\u00edos fueron un segundo objetivo.<\/p>\n<p>Los odios acumulados y temores resultantes de acusaciones de deicidio (<em>el asesinato de Dios<\/em>) explotaron con este llamado a las armas.\u00a0El abad de Cluny pregunt\u00f3 \u00bfpor qu\u00e9 los cristianos deben viajar a \u201c<em>los confines del mundo para luchar contra los sarracenos, cuando permitimos entre nosotros otros infieles mil veces m\u00e1s culpables hacia Cristo que los mahometanos?<\/em>\u201d\u00a0La pasi\u00f3n religiosa, la codicia y la vulnerabilidad de los Jud\u00edos condujeron al surgimiento de turbas violentas en las que se asesinaron a miles de Jud\u00edos al grito de \u201c<em>\u00a1la conversi\u00f3n o la muerte<\/em>!\u201d\u00a0Este comportamiento continu\u00f3 durante ocho cruzadas adicionales hasta la novena en 1272.<\/p>\n<p>Las obras de teatro de la pasi\u00f3n abundaron durante la Edad Media, y se utilizaban para cultivar el odio hacia el pueblo jud\u00edo.\u00a0Los Jud\u00edos fueron representados como demonios que sab\u00edan muy bien que Cristo era el hijo de Dios.\u00a0En cada obra se mostraba como Cristo llevaba la cruz, era torturado por sanguinarios, maldiciendo a los demonios con narices ganchudas, cuernos y colas.\u00a0Los Jud\u00edos eran representados para parecer el mal, y Cristo lo divino.<\/p>\n<p>A lo largo de la Edad Media, los cristianos profesantes repartieron mitos que ayudaron a aumentar el odio popular y el miedo del pueblo jud\u00edo.\u00a0Como resultado de ello, se convirti\u00f3 en algo trivial entre los grupos cristianos pensar en los Jud\u00edos como agentes de Satan\u00e1s.<\/p>\n<p>Uno de los mitos anti-jud\u00edos m\u00e1s populares que gan\u00f3 una amplia aceptaci\u00f3n fue la noci\u00f3n de que los Jud\u00edos asesinaban cristianos cada a\u00f1o en la \u00e9poca de la Pascua a fin de obtener sangre necesaria para realizar ritos sat\u00e1nicos.\u00a0Esto se conoci\u00f3 como la acusaci\u00f3n de asesinato ritual o \u201c<em>libelo o calumnia de sangre<\/em>\u201d.<\/p>\n<p>Otro mito com\u00fan que circul\u00f3 durante estos a\u00f1os fue que Jud\u00edos robaban las hostias utilizadas en la comuni\u00f3n y los apu\u00f1alaban con cuchillos, \u00a1matando as\u00ed a Cristo una vez m\u00e1s!.<\/p>\n<p>La Peste Negra a mediados del siglo XIV mat\u00f3 a aproximadamente un tercio de la poblaci\u00f3n de Europa.\u00a0Hasta el momento, no se sabe c\u00f3mo la enfermedad se propag\u00f3, pero historias y rumores circularon de que los Jud\u00edos hab\u00edan envenenado los pozos.<\/p>\n<p>Aunque la acusaci\u00f3n era totalmente infundada, muchos cristianos creyeron el mito. Una de las razones para creer esto f\u00e1cil era porque los Jud\u00edos no se vieron afectados por la <img data-recalc-dims=\"1\" loading=\"lazy\" decoding=\"async\" data-attachment-id=\"38177\" data-permalink=\"https:\/\/atravesdelasescrituras.com\/es_es\/2017\/05\/30\/ha-reemplazado-la-iglesia-a-israel\/quemada\/\" data-orig-file=\"https:\/\/atravesdelasescrituras.com\/wp-content\/uploads\/2017\/05\/quemada.jpg\" data-orig-size=\"590,483\" data-comments-opened=\"1\" data-image-meta=\"{&quot;aperture&quot;:&quot;0&quot;,&quot;credit&quot;:&quot;Photo courtesy German Federal Archives&quot;,&quot;camera&quot;:&quot;&quot;,&quot;caption&quot;:&quot;Nazi officers and Lithuanian locals look on as a synagogue burns, Lithuania, June 1941.&quot;,&quot;created_timestamp&quot;:&quot;0&quot;,&quot;copyright&quot;:&quot;&quot;,&quot;focal_length&quot;:&quot;0&quot;,&quot;iso&quot;:&quot;0&quot;,&quot;shutter_speed&quot;:&quot;0&quot;,&quot;title&quot;:&quot;&quot;,&quot;orientation&quot;:&quot;1&quot;}\" data-image-title=\"quemada\" data-image-description=\"\" data-image-caption=\"&lt;p&gt;Nazi officers and Lithuanian locals look on as a synagogue burns, Lithuania, June 1941.&lt;\/p&gt;\n\" data-large-file=\"https:\/\/atravesdelasescrituras.com\/wp-content\/uploads\/2017\/05\/quemada.jpg\" class=\"  wp-image-38177 alignright\" src=\"https:\/\/i0.wp.com\/atravesdelasescrituras.com\/wp-content\/uploads\/2017\/05\/quemada.jpg?resize=250%2C205&#038;ssl=1\" alt=\"quemada.jpg\" width=\"250\" height=\"205\" \/>plaga tanto como los gentiles.\u00a0Pero esto se debi\u00f3 a las leyes sanitarias de la Biblia que los Jud\u00edos segu\u00edan cuidadosamente.\u00a0Esta acusaci\u00f3n provoc\u00f3 graves consecuencias para los Jud\u00edos.\u00a0M\u00e1s de sesenta comunidades jud\u00edas fueron quemadas a tierra con todos sus ocupantes muertos, y en algunos lugares, los Jud\u00edos fueron torturados y quemados vivos en las hogueras.<\/p>\n<p>En 1478, el Papa Sixto IV concedi\u00f3 a los monarcas de Espa\u00f1a, Fernando e Isabel, el derecho a establecer una inquisici\u00f3n especial en Espa\u00f1a para hacer frente a Jud\u00edos bautizados que eran sospechosos de permanecer fieles al juda\u00edsmo.<\/p>\n<p>Miles de personas fueron quemadas en la hoguera por orden de la Inquisici\u00f3n espa\u00f1ola.\u00a0En 1492, el rey Fernando decidi\u00f3 que todos los Jud\u00edos de Espa\u00f1a deb\u00edan ser expulsados de Espa\u00f1a.\u00a0Se tem\u00eda que los Jud\u00edos eran un peligro para el cristianismo.\u00a0Aproximadamente 150.000 Jud\u00edos fueron obligados a abandonar Espa\u00f1a.<\/p>\n<p><img data-recalc-dims=\"1\" loading=\"lazy\" decoding=\"async\" data-attachment-id=\"38226\" data-permalink=\"https:\/\/atravesdelasescrituras.com\/es_es\/2017\/05\/30\/ha-reemplazado-la-iglesia-a-israel\/martinillo\/\" data-orig-file=\"https:\/\/atravesdelasescrituras.com\/wp-content\/uploads\/2017\/05\/martinillo1.jpg\" data-orig-size=\"396,277\" data-comments-opened=\"1\" data-image-meta=\"{&quot;aperture&quot;:&quot;0&quot;,&quot;credit&quot;:&quot;&quot;,&quot;camera&quot;:&quot;&quot;,&quot;caption&quot;:&quot;&quot;,&quot;created_timestamp&quot;:&quot;0&quot;,&quot;copyright&quot;:&quot;&quot;,&quot;focal_length&quot;:&quot;0&quot;,&quot;iso&quot;:&quot;0&quot;,&quot;shutter_speed&quot;:&quot;0&quot;,&quot;title&quot;:&quot;&quot;,&quot;orientation&quot;:&quot;0&quot;}\" data-image-title=\"Martinillo\" data-image-description=\"\" data-image-caption=\"\" data-large-file=\"https:\/\/atravesdelasescrituras.com\/wp-content\/uploads\/2017\/05\/martinillo1.jpg\" class=\"aligncenter  wp-image-38226\" src=\"https:\/\/i0.wp.com\/atravesdelasescrituras.com\/wp-content\/uploads\/2017\/05\/martinillo1.jpg?resize=258%2C181&#038;ssl=1\" alt=\"Martinillo.jpg\" width=\"258\" height=\"181\" \/><\/p>\n<hr \/>\n<ul>\n<li><strong>El Impacto de la Reforma:<\/strong><\/li>\n<\/ul>\n<p>Por desgracia, la Reforma no produjo cambios de\u00a0actitud.\u00a0De hecho, el odio hacia los Jud\u00edos fue reforzado e intensificado por los escritos de Mart\u00edn Lutero, el hombre que puso en marcha la Reforma.<\/p>\n<p>Inicialmente, Lutero fue amable hacia los Jud\u00edos porque cre\u00eda que su rechazo del Evangelio se debi\u00f3 a su reconocimiento de la corrupci\u00f3n de la Iglesia Cat\u00f3lica Romana.<\/p>\n<p>Pero cuando ellos continuaron rechazando el Evangelio, Lutero volvi\u00f3 sobre ellos con una venganza.\u00a0En 1543 escribi\u00f3 un panfleto titulado \u201c<em>En cuanto a los Jud\u00edos y sus mentiras<\/em>\u201d. El documento era una diatriba antisemita.\u00a0En ella, se refiri\u00f3 a los Jud\u00edos como:<\/p>\n<ul>\n<li><em>\u201cUn miserable y maldito pueblo\u201d<img data-recalc-dims=\"1\" loading=\"lazy\" decoding=\"async\" data-attachment-id=\"38185\" data-permalink=\"https:\/\/atravesdelasescrituras.com\/es_es\/2017\/05\/30\/ha-reemplazado-la-iglesia-a-israel\/los-judios-y-sus-mentiras-lutero\/\" data-orig-file=\"https:\/\/atravesdelasescrituras.com\/wp-content\/uploads\/2017\/05\/los-judios-y-sus-mentiras-lutero.gif\" data-orig-size=\"246,332\" data-comments-opened=\"1\" data-image-meta=\"{&quot;aperture&quot;:&quot;0&quot;,&quot;credit&quot;:&quot;&quot;,&quot;camera&quot;:&quot;&quot;,&quot;caption&quot;:&quot;&quot;,&quot;created_timestamp&quot;:&quot;0&quot;,&quot;copyright&quot;:&quot;&quot;,&quot;focal_length&quot;:&quot;0&quot;,&quot;iso&quot;:&quot;0&quot;,&quot;shutter_speed&quot;:&quot;0&quot;,&quot;title&quot;:&quot;&quot;,&quot;orientation&quot;:&quot;0&quot;}\" data-image-title=\"los judios y sus mentiras &amp;#8211; lutero\" data-image-description=\"\" data-image-caption=\"\" data-large-file=\"https:\/\/atravesdelasescrituras.com\/wp-content\/uploads\/2017\/05\/los-judios-y-sus-mentiras-lutero.gif\" class=\"alignright  wp-image-38185\" src=\"https:\/\/i0.wp.com\/atravesdelasescrituras.com\/wp-content\/uploads\/2017\/05\/los-judios-y-sus-mentiras-lutero.gif?resize=181%2C244&#038;ssl=1\" alt=\"los judios y sus mentiras - lutero.gif\" width=\"181\" height=\"244\" \/><\/em><\/li>\n<li><em>\u201cTontos est\u00fapidos\u201d<\/em><\/li>\n<li><em>\u201cMiserables, ciegos e insensatos\u201d<\/em><\/li>\n<li><em>\u201cLadrones y bandidos\u201d<\/em><\/li>\n<li><em>\u201cEl gran sabandijas de la humanidad\u201d<\/em><\/li>\n<li><em>\u201cFlojos perezosos\u201d<\/em><\/li>\n<li><em>\u201cCiegos y venenosos\u201d<\/em><\/li>\n<\/ul>\n<p>Despu\u00e9s de haberlos deshumanizado y demonizado, Lutero procedi\u00f3 a realizar algunas propuestas sorprendentes para tratar con ellos:<\/p>\n<ol>\n<li>Sus sinagogas y escuelas deben ser quemadas.<\/li>\n<li>Sus casas deben ser destruidas.<\/li>\n<li>Sus escritos talm\u00fadicos deben ser confiscados.<\/li>\n<li>Sus rabinos deben ser prohibidos de ense\u00f1ar.<\/li>\n<li>Su dinero se debe tomar de ellos.<\/li>\n<li>Deben ser obligados a realizar trabajos forzados.<\/li>\n<\/ol>\n<p>No hace falta decir, que los nazis alegremente citaron a Lutero, ya que subieron al poder y pusieron en marcha el Holocausto.\u00a0En su libro Mein Kampf, publicado en 1925, Adolf Hitler se refiri\u00f3 a Mart\u00edn Lutero como \u201c<em>un gran guerrero, un verdadero estadista, y un gran reformador<\/em>\u201d.\u00a0Tenga en cuenta que Hitler era cristiano profeso.<\/p>\n<p>En 1924, en una reuni\u00f3n cristiana en Berl\u00edn, Hitler habl\u00f3 a miles y recibi\u00f3 una ovaci\u00f3n de pie cuando hizo la siguiente proclama:<img data-recalc-dims=\"1\" loading=\"lazy\" decoding=\"async\" data-attachment-id=\"38188\" data-permalink=\"https:\/\/atravesdelasescrituras.com\/es_es\/2017\/05\/30\/ha-reemplazado-la-iglesia-a-israel\/cartoon_antisemitism\/\" data-orig-file=\"https:\/\/atravesdelasescrituras.com\/wp-content\/uploads\/2017\/05\/cartoon_antisemitism.jpg\" data-orig-size=\"250,324\" data-comments-opened=\"1\" data-image-meta=\"{&quot;aperture&quot;:&quot;0&quot;,&quot;credit&quot;:&quot;&quot;,&quot;camera&quot;:&quot;&quot;,&quot;caption&quot;:&quot;&quot;,&quot;created_timestamp&quot;:&quot;0&quot;,&quot;copyright&quot;:&quot;&quot;,&quot;focal_length&quot;:&quot;0&quot;,&quot;iso&quot;:&quot;0&quot;,&quot;shutter_speed&quot;:&quot;0&quot;,&quot;title&quot;:&quot;&quot;,&quot;orientation&quot;:&quot;0&quot;}\" data-image-title=\"cartoon_antisemitism\" data-image-description=\"\" data-image-caption=\"\" data-large-file=\"https:\/\/atravesdelasescrituras.com\/wp-content\/uploads\/2017\/05\/cartoon_antisemitism.jpg\" class=\"alignright  wp-image-38188\" src=\"https:\/\/i0.wp.com\/atravesdelasescrituras.com\/wp-content\/uploads\/2017\/05\/cartoon_antisemitism.jpg?resize=222%2C288&#038;ssl=1\" alt=\"cartoon_antisemitism.jpg\" width=\"222\" height=\"288\" \/><\/p>\n<p style=\"text-align:center;\"><em>\u201cCreo que hoy estoy actuando de acuerdo con la voluntad del Dios todopoderoso en cuanto anuncio el trabajo m\u00e1s importante que los cristianos podr\u00edan realizar \u2013 y esto es estar en contra de los Jud\u00edos y deshacerse de ellos de una vez por todas\u201d.<\/em><\/p>\n<p>Hitler entonces procedi\u00f3 a hablar sobre la influencia de Lutero en su vida:<\/p>\n<p>Mart\u00edn Lutero ha sido el mayor aliento de mi vida.\u00a0Lutero fue un gran hombre.\u00a0\u00c9l era un gigante.\u00a0Con un golpe anunci\u00f3 la venida del nuevo amanecer y la nueva era.\u00a0Vio claramente que los Jud\u00edos deben ser destruidos, y s\u00f3lo estamos empezando a ver qu\u00e9 necesitamos para llevar este trabajo adelante.<\/p>\n<p><img data-recalc-dims=\"1\" loading=\"lazy\" decoding=\"async\" data-attachment-id=\"38191\" data-permalink=\"https:\/\/atravesdelasescrituras.com\/es_es\/2017\/05\/30\/ha-reemplazado-la-iglesia-a-israel\/hitleronluther\/\" data-orig-file=\"https:\/\/atravesdelasescrituras.com\/wp-content\/uploads\/2017\/05\/hitleronluther.jpg\" data-orig-size=\"250,209\" data-comments-opened=\"1\" data-image-meta=\"{&quot;aperture&quot;:&quot;0&quot;,&quot;credit&quot;:&quot;&quot;,&quot;camera&quot;:&quot;&quot;,&quot;caption&quot;:&quot;&quot;,&quot;created_timestamp&quot;:&quot;0&quot;,&quot;copyright&quot;:&quot;&quot;,&quot;focal_length&quot;:&quot;0&quot;,&quot;iso&quot;:&quot;0&quot;,&quot;shutter_speed&quot;:&quot;0&quot;,&quot;title&quot;:&quot;&quot;,&quot;orientation&quot;:&quot;0&quot;}\" data-image-title=\"hitleronluther\" data-image-description=\"\" data-image-caption=\"\" data-large-file=\"https:\/\/atravesdelasescrituras.com\/wp-content\/uploads\/2017\/05\/hitleronluther.jpg\" class=\" size-full wp-image-38191 alignleft\" src=\"https:\/\/i0.wp.com\/atravesdelasescrituras.com\/wp-content\/uploads\/2017\/05\/hitleronluther.jpg?resize=250%2C209&#038;ssl=1\" alt=\"hitleronluther.jpg\" width=\"250\" height=\"209\" \/>En los juicios de Nuremberg despu\u00e9s de la Segunda Guerra Mundial, el l\u00edder nazi Julius Streicher, se defendi\u00f3 diciendo:<\/p>\n<p style=\"text-align:center;\"><em>\u201cYo nunca dije\u00a0nada que Mart\u00edn Lutero no dijo\u201d<\/em><\/p>\n<p>La terrible verdad a la que los cristianos no les gusta dar cara, y que muchos desconocen, es que el Holocausto fue el producto de 1.900 a\u00f1os de virulento antisemitismo cristiano.<\/p>\n<hr \/>\n<ul>\n<li><strong>El Nuevo Antisemitismo:<\/strong><\/li>\n<\/ul>\n<p>El horror del Holocausto tendi\u00f3 a silenciar las formas m\u00e1s radicales de antisemitismo entre los l\u00edderes cristianos.\u00a0Pero en realidad, el antisemitismo contin\u00faa\u00a0hoy en una nueva forma sofisticada llamada anti-sionismo.\u00a0Mientras que el antisemitismo trat\u00f3 de expulsar a los Jud\u00edos de las tierras donde viv\u00edan, el antisionismo se niega a aceptar su derecho a vivir en su propia tierra.<img data-recalc-dims=\"1\" loading=\"lazy\" decoding=\"async\" data-attachment-id=\"38220\" data-permalink=\"https:\/\/atravesdelasescrituras.com\/es_es\/2017\/05\/30\/ha-reemplazado-la-iglesia-a-israel\/antisemitismo-cartoon\/\" data-orig-file=\"https:\/\/atravesdelasescrituras.com\/wp-content\/uploads\/2017\/05\/antisemitismo-cartoon.jpg\" data-orig-size=\"335,486\" data-comments-opened=\"1\" data-image-meta=\"{&quot;aperture&quot;:&quot;0&quot;,&quot;credit&quot;:&quot;&quot;,&quot;camera&quot;:&quot;&quot;,&quot;caption&quot;:&quot;&quot;,&quot;created_timestamp&quot;:&quot;0&quot;,&quot;copyright&quot;:&quot;&quot;,&quot;focal_length&quot;:&quot;0&quot;,&quot;iso&quot;:&quot;0&quot;,&quot;shutter_speed&quot;:&quot;0&quot;,&quot;title&quot;:&quot;&quot;,&quot;orientation&quot;:&quot;0&quot;}\" data-image-title=\"antisemitismo-cartoon\" data-image-description=\"\" data-image-caption=\"\" data-large-file=\"https:\/\/atravesdelasescrituras.com\/wp-content\/uploads\/2017\/05\/antisemitismo-cartoon.jpg\" class=\"alignright  wp-image-38220\" src=\"https:\/\/i0.wp.com\/atravesdelasescrituras.com\/wp-content\/uploads\/2017\/05\/antisemitismo-cartoon.jpg?resize=225%2C326&#038;ssl=1\" alt=\"antisemitismo-cartoon.jpg\" width=\"225\" height=\"326\" \/><\/p>\n<p>Un buen ejemplo del nuevo antisemitismo se puede encontrar en un documento emitido por Knox Theological Seminary del Dr. James Kennedy en 2002. Este tom\u00f3 la forma de una carta abierta a los evang\u00e9licos sobre la tierra de Israel.\u00a0Desde entonces, ha sido respaldado por cientos de te\u00f3logos y pastores, incluyendo luminarias como RC Sproul.<\/p>\n<p>El documento comienza denunciando aquellos que ense\u00f1an que las promesas de la Biblia acerca de la tierra de Israel se est\u00e1n cumpliendo hoy \u201c<em>en una regi\u00f3n especial o \u2018Tierra Santa\u2019 perpetuamente apartada por Dios para un solo grupo \u00e9tnico<\/em>\u201d.\u00a0A continuaci\u00f3n, procede a proclamar que las promesas hechas a Abraham \u201c<em>no se aplican a ning\u00fan grupo \u00e9tnico en particular, sino a la iglesia de Jesucristo,\u00a0<strong>el verdadero\u00a0<\/strong><strong>Israel<\/strong>\u201c\u00a0(con \u00e9nfasis a\u00f1adido).<\/em><\/p>\n<p>El documento a continuaci\u00f3n espec\u00edficamente niega la afirmaci\u00f3n del Jud\u00edo en cualquier terreno en el Medio Oriente:<\/p>\n<p style=\"text-align:center;\"><em>\u201cEl derecho de cualquier grupo \u00e9tnico o religioso al territorio en el Medio Oriente llamado \u2018Tierra Santa\u2019 no puede ser apoyado por las Escrituras.\u201d<\/em><\/p>\n<p>Luego, incre\u00edblemente, el documento asevera que \u201c<em>las promesas de tierras espec\u00edficas a Israel en el Antiguo Testamento se cumplieron bajo Josu\u00e9<\/em>\u201d.<\/p>\n<p>Echando sal a la herida, el documento concluye con la siguiente observaci\u00f3n:<\/p>\n<p style=\"text-align:center;\"><em>\u201cEl actual estado secular de Israel\u2026 no es una aut\u00e9ntica\u00a0o prof\u00e9tica realizaci\u00f3n del reino mesi\u00e1nico de Jesucristo.\u00a0Por otra parte, una d\u00eda\u00a0en\u00a0el\u00a0cual el reino de Cristo se manifestar\u00e1 no deber\u00eda ser anticipado\u00a0en distintivos Jud\u00edos, ya sea por su ubicaci\u00f3n en \u2018la tierra\u2019, por su circunscripci\u00f3n, o por sus instituciones y pr\u00e1cticas ceremoniales\u201d<\/em><\/p>\n<p>Y as\u00ed lo tienes \u2013 una visi\u00f3n general de la triste y s\u00f3rdida historia del antisemitismo Cristiano que tiene sus ra\u00edces en la <strong>Teolog\u00eda del Reemplazo<\/strong> y que contin\u00faa hasta nuestros d\u00edas bajo el disfraz de lucha contra el sionismo.<\/p>\n<hr \/>\n<ul>\n<li><strong>La actitud jud\u00eda:<\/strong><\/li>\n<\/ul>\n<p>Espero que ahora pueda entender por qu\u00e9 es tan dif\u00edcil compartir el Evangelio con Jud\u00edos.\u00a0Debido a que los Jud\u00edos han sido perseguidos y asesinados a lo largo de la historia en el nombre de Jes\u00fas, el pueblo jud\u00edo mira al cristianismo como su enemigo mortal.<\/p>\n<p>Cualquier Jud\u00edo que se convierte al Cristianismo es considerado un traidor, porque es visto como alguien que se ha unido al enemigo.\u00a0Esa es la raz\u00f3n por la que Jud\u00edos ortodoxos reaccionan con tanta fuerza ante un ni\u00f1o que se convierte en un cristiano.\u00a0Ellos a veces declaran que el ni\u00f1o ha muerto e incluso llevan a cabo un servicio funeral.<\/p>\n<p>Esta es la raz\u00f3n por la que el Movimiento Jud\u00edo Mesi\u00e1nico de hoy es un milagro.<\/p>\n<hr \/>\n<ul>\n<li><strong>La respuesta de la Escritura:<\/strong><\/li>\n<\/ul>\n<p style=\"text-align:center;\">\u00bfQu\u00e9 tiene que decir sobre todo esto\u00a0la Palabra de Dios?<\/p>\n<p>Para empezar, \u00e9sta repudia en\u00e9rgicamente el antisemitismo.\u00a0El Salmo 129:5-8 dice que <strong>\u201c<em>todos los que aborrecen a Sion\u201d ser\u00e1n \u201cavergonzados\u2026<\/em>\u201d<\/strong> Adem\u00e1s, establece que ning\u00fan creyente debe nunca dar una bendici\u00f3n a una persona as\u00ed.<\/p>\n<p>En cuanto a la alegaci\u00f3n de que los Jud\u00edos son \u201c<em>asesinos de Cristo<\/em>\u201d, la Palabra identifica claramente qui\u00e9n asesin\u00f3 a Yesh\u00faa (<em>Jes\u00fas<\/em>)\u00a0y deja claro que no eran exclusivamente los Jud\u00edos.<\/p>\n<p>En Hechos 4:27 se nos dice que Yesh\u00faa\u00a0fue asesinado por una conspiraci\u00f3n que involucr\u00f3 a \u201c<em>Herodes y Poncio Pilato, junto con los gentiles y el pueblo de Israel<\/em>\u201d\u00a0En realidad, todos tenemos la sangre de Yesh\u00faa\u00a0en nuestras manos, por tanto todos nosotros hemos pecado &#8211; (<em>Romanos 3:23<\/em>), y Yesh\u00faa\u00a0muri\u00f3 por todos los pecadores &#8211; (<em>1 Corintios 15:3<\/em>).<\/p>\n<p>En cuanto a la idea de que Dios ya cumpli\u00f3 las promesas de tierras para los Jud\u00edos durante el tiempo de Josu\u00e9, es interesante notar que mucho tiempo despu\u00e9s de Josu\u00e9, David escribi\u00f3 en los Salmos que la promesa de la tierra es eterna en su naturaleza y a\u00fan no se ha cumplido &#8211; (<em>Salmo 105:8-11<\/em>).\u00a0El hecho del asunto es que los Jud\u00edos nunca han ocupado toda la tierra que se les prometi\u00f3 en el Pacto de Abraham\u00a0&#8211; <em>(G\u00e9nesis 15:18-21).<\/em><\/p>\n<p>En cuanto a la afirmaci\u00f3n de que los Jud\u00edos han sido rechazados por Dios, hay un par de principios b\u00edblicos que deben tenerse en cuenta.<\/p>\n<p>En primer lugar, la Biblia afirma que los Jud\u00edos fueron llamados el pueblo elegido de Dios para ser testigos de lo que significa tener una relaci\u00f3n con \u00c9l &#8211; (<em>Isa\u00edas 43:10-12<\/em>).\u00a0Y la Biblia deja en claro que este llamado es \u201c<em>irrevocable<\/em>\u201d &#8211; (<em>Romanos 11:29<\/em>).<\/p>\n<p>En segundo lugar, en contradicci\u00f3n directa con la Teolog\u00eda del Reemplazo, la Biblia ense\u00f1a que los Jud\u00edos nunca han sido rechazados por Dios a causa de su incredulidad.\u00a0En Romanos 3 Pablo afirma a quemarropa que su rechazo de Yesh\u00faa (<em>Jes\u00fas<\/em>) no ha anulado la fidelidad de Dios sobre las promesas que ha hecho con ellos &#8211; (<em>Romanos 3:1-4<\/em>).<\/p>\n<p>Pablo toma el punto de nuevo en Romanos 11:1 cuando se pregunta:<\/p>\n<p style=\"text-align:center;\"><em>\u201cDigo, pues: \u00bfHa desechado Dios a su pueblo?\u201d\u00a0<\/em><\/p>\n<p>\u00c9l contesta su propia pregunta con una afirmaci\u00f3n contundente:<\/p>\n<p style=\"text-align:center;\"><em>\u201c\u00a1En ninguna manera!\u2026 Dios no ha desechado a su pueblo, al cual desde antes conoci\u00f3\u201d .&#8211; (Romanos 11:2).<\/em><\/p>\n<p>Es cierto que el pueblo jud\u00edo se encuentra actualmente bajo disciplina debido al rechazo de su Mes\u00edas.\u00a0Una y otra vez en sus Escrituras los profetas dijeron que iban a ser disciplinados si eran infieles, pero siempre la promesa que fue hecha los preservar\u00eda.\u00a0Un ejemplo de este tipo de declaraci\u00f3n prof\u00e9tica se puede encontrar en Jerem\u00edas 30:11 \u2014<\/p>\n<p style=\"text-align:center;\"><em>\u201cPorque yo estoy contigo, \u2018declara el Se\u00f1or,\u201d \u2018para salvarte\u2019, porque yo destruir\u00e9 a todas las naciones entre las cuales te esparc\u00ed; solo a ti no te voy a destruir por completo. Pero te castigar\u00e9 con justicia, y de ninguna manera te dejar\u00e9 sin castigo.\u201d<\/em><\/p>\n<p>Dios los ha conservado en su gracia porque los ama.\u00a0En Zacar\u00edas 2:8 Dios proclama que el pueblo jud\u00edo es \u201c<em>la ni\u00f1a de sus ojos<\/em>\u201d, y advierte contra cualquiera que intente hacerles da\u00f1o.<\/p>\n<p>Otra de las razones por las que han sido preservados es porque Dios est\u00e1 decidido a traer un gran remanente a la salvaci\u00f3n &#8211; (<em>Isa\u00edas 10:20-22<\/em>).\u00a0Esta promesa se hizo en varias ocasiones a lo largo de las Escrituras hebreas y es confirmada por Pablo en el Nuevo Testamento en Romanos 9-11.<\/p>\n<p>La salvaci\u00f3n de este remanente se describe en detalle en Zacar\u00edas 12:10\u00a0donde dice que al final de la Tribulaci\u00f3n los restantes Jud\u00edos vendr\u00e1n al final en s\u00ed mismos y volver\u00e1n sus corazones a Dios en arrepentimiento, aceptando a Yesh\u00faa como su Mes\u00edas.<\/p>\n<p>Ese remanente creyente entrar\u00e1 en el Milenio en la carne y comprender\u00e1 la naci\u00f3n de Israel a quien Dios cumplir\u00e1 todas las promesas que ha hecho a los Jud\u00edos &#8211; <em>(Isa\u00edas 60-62)<\/em>.\u00a0Durante el Milenio la naci\u00f3n de Israel ser\u00e1 la naci\u00f3n principal en el mundo a trav\u00e9s de la cual Dios bendecir\u00e1 a todas las dem\u00e1s naciones &#8211; (<em>Zacar\u00edas 8:22-23<\/em>).<\/p>\n<p>En resumen, la Palabra de Dios deja en claro que <strong>Israel definitivamente tiene un papel y un futuro en los tiempos finales.<\/strong><\/p>\n<hr \/>\n<ul>\n<li><strong>Preguntas Cruciales:<\/strong><\/li>\n<\/ul>\n<p>La primera pregunta que la mayor\u00eda de las personas suele pedir en respuesta a estos puntos b\u00edblicos, acerca de Israel en los \u00faltimos tiempos, es la siguiente:<\/p>\n<p style=\"text-align:center;\"><em>\u201c\u00bfPor qu\u00e9 Dios continuar\u00e1 con un pueblo tan terco y rebelde?\u201d<\/em><\/p>\n<p>La respuesta es que <strong>son testigos de Dios, y a trav\u00e9s de ellos Dios est\u00e1 demostrando su gracia insondable<\/strong>.<\/p>\n<p style=\"text-align:center;\">\u00a1S\u00f3lo un Dios de gracia podr\u00eda alzarse en medio de ellos!<\/p>\n<p>Pero eso es verdad de ti y de m\u00ed tambi\u00e9n.\u00a0Dios no est\u00e1 haciendo una cosa por el pueblo jud\u00edo que no est\u00e9 dispuesto a hacer por todos nosotros.\u00a0\u00c9l nos busca en el amor a pesar de nuestro pecado, e independiente de cu\u00e1n duros de cerviz que seamos, \u00c9l nunca lava Sus manos de nosotros.<\/p>\n<p>Esto nos lleva a una segunda pregunta:<\/p>\n<p style=\"text-align:center;\">\u00bfCu\u00e1l es el plan de Dios para los Jud\u00edos en los tiempos finales?\u00a0\u00bfC\u00f3mo va a llevar a cabo la salvaci\u00f3n de un gran remanente?<\/p>\n<p>Perm\u00edtanme esbozar la respuesta para usted brevemente:<\/p>\n<ol>\n<li>El pueblo jud\u00edo ser\u00e1 reunificado en la incredulidad desde los cuatro confines de la tierra &#8211; (<em>Isa\u00edas 11:11-12<\/em>). Esta es la profec\u00eda m\u00e1s prol\u00edfica en el Antiguo Testamento.\u00a0Por cierto, si Dios no tuviera ning\u00fan prop\u00f3sito para ellos, \u00bfpor qu\u00e9 habr\u00eda tomarse la molestia de recogerlos?<\/li>\n<li>Su estado fue restablecido &#8211; (<em>Isa\u00edas 66:7-8<\/em>).<\/li>\n<li>Ellos volver\u00e1n a ocupar la ciudad de Jerusal\u00e9n &#8211; (<em>Zacar\u00edas 8:7-8<\/em>).<\/li>\n<li>Todas las naciones del mundo vendr\u00e1n contra ellos por el tema del control de Jerusal\u00e9n &#8211; (<em>Zacar\u00edas 12:2-3<\/em>).<\/li>\n<li>El Anticristo vendr\u00e1 a su rescate garantiz\u00e1ndoles la paz, lo que les permitir\u00eda reconstruir su templo &#8211; (<em>Daniel 9:27<\/em>).<\/li>\n<li>Pero al final de los 3 1\/2 a\u00f1os, el Anticristo se declarar\u00e1 a s\u00ed mismo como Dios, y los Jud\u00edos lo rechazar\u00e1n &#8211; (<em>2 Tesalonicenses 2:3-4<\/em>)<\/li>\n<li>El Anticristo luego tratar\u00e1 de aniquilar a los Jud\u00edos, y tendr\u00e1 \u00e9xito en matar a dos tercios de ellos &#8211; (<em>Apocalipsis 12:13-17 y Zacar\u00edas 13:8-9<\/em>).<\/li>\n<li>Al final de la tribulaci\u00f3n, cuando los Jud\u00edos hayan llegado al final de s\u00ed mismos, se volver\u00e1n a Dios y recibir\u00e1n a Yesh\u00faa como su Mes\u00edas &#8211; (<em>Zacar\u00edas 12:10<\/em>).<\/li>\n<li>Yesh\u00faa volver\u00e1 en este punto del tiempo, y reunir\u00e1 a todos los Jud\u00edos creyentes hasta Israel donde los establecer\u00e1 como la naci\u00f3n principal del mundo &#8211; (<em>Deuteronomio 30:1-9<\/em>).<\/li>\n<li>Las bendiciones de Dios fluir\u00e1n a las naciones a trav\u00e9s de los Jud\u00edos durante el Milenio &#8211; (<em>Zacar\u00edas 8:22-23<\/em>).<\/li>\n<\/ol>\n<p>Como puede ver, el pueblo jud\u00edo tiene un papel muy central en el tiempo final de la profec\u00eda b\u00edblica.<\/p>\n<hr \/>\n<ul>\n<li><strong>La Perseverancia de antisemitismo:<\/strong><\/li>\n<\/ul>\n<p>Una perversi\u00f3n del cristianismo ha sido la fuente de la mayor parte del antisemitismo en el mundo occidental.\u00a0En todo el norte de \u00c1frica, Oriente Medio y partes de Asia, el antisemitismo ha sido promovido por el Islam.\u00a0El Cor\u00e1n llama Jud\u00edos \u201c<em>Los hijos de monos y cerdos<\/em>\u201d.<\/p>\n<p>Pero hay antisemitas en este mundo que no son ni cristianos o musulmanes, y que ni siquiera han conocido a un Jud\u00edo.\u00a0Por ejemplo, hace varios a\u00f1os, cinco de los diez libros m\u00e1s vendidos en Jap\u00f3n eran virulentamente antisemitas, culpando a todos los problemas de Jap\u00f3n por una \u201c<em>conspiraci\u00f3n Jud\u00eda internacional<\/em>\u201d.<\/p>\n<p style=\"text-align:center;\">\u00bfPor qu\u00e9 el antisemitismo es tan extendido, de modo persistente, tan virulento, y tan irracional?<\/p>\n<p style=\"text-align:center;\"><strong>Es porque es fundamentalmente un fen\u00f3meno sobrenatural<\/strong><\/p>\n<p>Satan\u00e1s (<em>HaSat\u00e1n:<\/em> <em>\u2018El enemigo\u2019<\/em>) odia a los Jud\u00edos con pasi\u00f3n.\u00a0\u00c9l los odia porque Dios provey\u00f3 tanto la Biblia como el Mes\u00edas a trav\u00e9s de ellos.\u00a0\u00c9l los odia porque Dios los llam\u00f3 para ser su pueblo escogido.\u00a0\u00c9l los odia porque Dios ha prometido salvar a un gran remanente de ellos.\u00a0\u00c9l los odia porque Dios los ama.<\/p>\n<p>El resultado es que \u00e9l trabaja horas extras para plantar semillas de odio en los corazones de la gente hacia los Jud\u00edos.\u00a0\u00c9l est\u00e1 decidido a destruir a todo Jud\u00edo en el planeta tierra para que Dios no pueda mantener su promesa de salvar a un gran remanente.\u00a0Trat\u00f3 de aniquilarlos en el Holocausto.\u00a0Fall\u00f3.\u00a0Tratar\u00e1 de destruirlos una vez m\u00e1s durante la \u00faltima mitad de la Tribulaci\u00f3n.\u00a0Pero fallar\u00e1 de nuevo.<\/p>\n<hr \/>\n<ul>\n<li><strong>Conclusi\u00f3n:<\/strong><\/li>\n<\/ul>\n<p>Dios est\u00e1 en el control, no Satan\u00e1s.\u00a0Dios tiene la sabidur\u00eda y el poder para orquestar toda la maldad de Satan\u00e1s y de la humanidad hacia el triunfo de su perfecta voluntad en la historia.<\/p>\n<p>Los Jud\u00edos ser\u00e1n preservados.\u00a0Un gran remanente ser\u00e1 salvado.\u00a0Se cumplir\u00e1n todas las promesas hechas a los Jud\u00edos.<\/p>\n<p style=\"text-align:center;\">\u00bfY cu\u00e1ndo ocurrir\u00e1 esto?<\/p>\n<p>Al final de la Tribulaci\u00f3n cuando Yesh\u00faa retorne para triunfar sobre Satan\u00e1s.\u00a0En ese d\u00eda glorioso, el remanente jud\u00edo clamar\u00e1 <strong>\u201c<em>\u00a1Baruj Hab\u00e1 Besh\u00e9m Adonai!<\/em>\u201d<\/strong>,\u00a0que significa \u201c<em>Bendito el que viene en nombre del Se\u00f1or!<\/em>\u201d &#8211; (<em>Mateo 23:39<\/em>).<\/p>\n<p style=\"text-align:center;\">\u00a1Maranatha!<\/p>\n<hr \/>\n<p style=\"text-align:center;\"><em>(Fuente: <a href=\"http:\/\/www.oneforisrael.org\/blog\/163-replacement-theology\" target=\"_blank\" rel=\"noopener noreferrer\">OneForIsrael<\/a>\u00a0citando\u00a0<a href=\"http:\/\/christinprophecy.org\/articles\/anti-semitism\/\" target=\"_blank\" rel=\"noopener noreferrer\">Lamb&amp;LionMinistries<\/a>, traducido por CMCH)<\/em><\/p>\n<\/div>\n<\/div>\n","protected":false},"excerpt":{"rendered":"<p>Por el Dr. David R. Reagan de Lion and Lamb Ministries Recientemente habl\u00e9 en una conferencia donde me asignaron el tema, \u201cIsrael en los Tiempos Finales\u201d. Creo que asombr\u00e9 a muchas personas cuando comenc\u00e9 mi presentaci\u00f3n haciendo la pregunta: \u201c\u00bfHay realmente alg\u00fan rol para Israel en el plan de Dios para el final de los [&hellip;]<\/p>\n","protected":false},"author":80235555,"featured_media":0,"comment_status":"open","ping_status":"open","sticky":false,"template":"","format":"gallery","meta":{"_coblocks_attr":"","_coblocks_dimensions":"","_coblocks_responsive_height":"","_coblocks_accordion_ie_support":"","_gspb_post_css":"","advanced_seo_description":"","jetpack_seo_html_title":"","jetpack_seo_noindex":false,"jetpack_seo_schema_type":"","_jetpack_newsletter_access":"","_jetpack_dont_email_post_to_subs":false,"_jetpack_newsletter_tier_id":0,"_jetpack_memberships_contains_paywalled_content":false,"_wpcom_ai_launchpad_first_post":false,"_jetpack_feature_clip_id":0,"_jetpack_memberships_contains_paid_content":false,"footnotes":"","jetpack_publicize_message":"","jetpack_publicize_feature_enabled":true,"jetpack_social_post_already_shared":false,"jetpack_social_options":{"image_generator_settings":{"template":"highway","default_image_id":0,"font":"","enabled":false},"version":2},"jetpack_post_was_ever_published":false},"categories":[1460447],"tags":[65988,270376,32960481,1302645,308676,293600,417188,193265,4158080,731823,3082618,9937,402008,5786980,308674,5776170,590826,192009,1014175,2783488,283005,1968754,636574,543091,3116372,375533740,1347934],"class_list":["post-38148","post","type-post","status-publish","format-gallery","hentry","category-articulos-varios","tag-antisemitismo","tag-catolicos","tag-concilio-de-elvira","tag-concilio-de-nicea","tag-cruzadas","tag-edad-media","tag-eusebio","tag-hitler","tag-ignacio-de-antioquia","tag-inquisicion","tag-ireneo","tag-israel","tag-jerome","tag-juan-crisostomo","tag-judios","tag-justino-martir","tag-lutero","tag-origenes","tag-protestantes","tag-reemplazo","tag-reforma","tag-remanente","tag-san-agustin","tag-sion","tag-sinagogas","tag-teologia-de-reemplazo","tag-tertuliano","post_format-post-format-gallery"],"blocksy_meta":{"styles_descriptor":{"styles":{"desktop":"","tablet":"","mobile":""},"google_fonts":[],"version":7}},"jetpack_publicize_connections":[],"jetpack_likes_enabled":true,"jetpack_sharing_enabled":true,"jetpack_shortlink":"https:\/\/wp.me\/p5HWJ5-9Vi","jetpack-related-posts":[],"brizy_media":[],"jetpack_featured_media_url":"","_links":{"self":[{"href":"https:\/\/atravesdelasescrituras.com\/es_es\/wp-json\/wp\/v2\/posts\/38148","targetHints":{"allow":["GET"]}}],"collection":[{"href":"https:\/\/atravesdelasescrituras.com\/es_es\/wp-json\/wp\/v2\/posts"}],"about":[{"href":"https:\/\/atravesdelasescrituras.com\/es_es\/wp-json\/wp\/v2\/types\/post"}],"author":[{"embeddable":true,"href":"https:\/\/atravesdelasescrituras.com\/es_es\/wp-json\/wp\/v2\/users\/80235555"}],"replies":[{"embeddable":true,"href":"https:\/\/atravesdelasescrituras.com\/es_es\/wp-json\/wp\/v2\/comments?post=38148"}],"version-history":[{"count":25,"href":"https:\/\/atravesdelasescrituras.com\/es_es\/wp-json\/wp\/v2\/posts\/38148\/revisions"}],"predecessor-version":[{"id":38228,"href":"https:\/\/atravesdelasescrituras.com\/es_es\/wp-json\/wp\/v2\/posts\/38148\/revisions\/38228"}],"wp:attachment":[{"href":"https:\/\/atravesdelasescrituras.com\/es_es\/wp-json\/wp\/v2\/media?parent=38148"}],"wp:term":[{"taxonomy":"category","embeddable":true,"href":"https:\/\/atravesdelasescrituras.com\/es_es\/wp-json\/wp\/v2\/categories?post=38148"},{"taxonomy":"post_tag","embeddable":true,"href":"https:\/\/atravesdelasescrituras.com\/es_es\/wp-json\/wp\/v2\/tags?post=38148"}],"curies":[{"name":"wp","href":"https:\/\/api.w.org\/{rel}","templated":true}]}}