{"id":41030,"date":"2019-09-06T20:15:50","date_gmt":"2019-09-06T20:15:50","guid":{"rendered":"http:\/\/atravesdelasescrituras.com\/?p=41030"},"modified":"2019-09-06T20:15:51","modified_gmt":"2019-09-06T20:15:51","slug":"los-herodes-mencionados-en-el-nuevo-testamento","status":"publish","type":"post","link":"https:\/\/atravesdelasescrituras.com\/es_es\/2019\/09\/06\/los-herodes-mencionados-en-el-nuevo-testamento\/","title":{"rendered":"Los Herodes &#8211; mencionados en el Nuevo Testamento"},"content":{"rendered":"\n<ul class=\"wp-block-gallery columns-0 is-cropped wp-block-gallery-1 is-layout-flex wp-block-gallery-is-layout-flex\"><\/ul>\n\n\n\n<p style=\"text-align:left;\" class=\"has-drop-cap wp-block-paragraph\"><strong> (Griego: Herodes, de Heros.) <\/strong><br><br>Herodes fue el nombre de muchos gobernantes mencionados en el Nuevo Testamento y  en la historia. Ya era conocido desde antes de los Herodes b\u00edblicos (V\u00e9ase  Sch\u00fcrer \u00abHist. of the Jewish People\u00bb, etc., Div. I, v. I, p. 416, nota). <\/p>\n\n\n\n<p class=\"wp-block-paragraph\">Los Herodes relacionados con la temprana historia del Cristianismo son los siguientes:<br><br><strong> I. HERODES EL GRANDE<br> II. ARQUELAO<br> III. ANTIPAS<br> IV. AGRIPA I<br> V. AGRIPA II <\/strong><\/p>\n\n\n\n<hr class=\"wp-block-separator\" \/>\n\n\n\n<ul class=\"wp-block-list\"><li><strong>Herodes el Grande<\/strong> &#8211; (<em>Ascal\u00f3n 73 a. E.C. \u2013 Jerusal\u00e9n, 4 E.C<\/em>):<\/li><\/ul>\n\n\n\n<p class=\"wp-block-paragraph\">Rey de Judea, Galilea, Samaria e Idumea desde el 40 a. E.C. hasta su muerte, en calidad de vasallo de Roma. <\/p>\n\n\n\n<ul class=\"wp-block-list\"><li>El templo y otras obras de construcci\u00f3n.<\/li><li>Matanza de ni\u00f1os.<\/li><\/ul>\n\n\n\n<p class=\"wp-block-paragraph\">Herodes, apodado el Grande, llamado por Gr\u00e4tz \u00ab<em>el genio malvado de la naci\u00f3n Jud\u00eda<\/em>\u00bb &#8211; (<em>Hist. V. II, p. 77)<\/em>, fue hijo de Ant\u00edpatro, un idumeo &#8211; (<em>Flavio Josefo,  \u00abGuerras\u00bb, I, VI, 2<\/em>). <\/p>\n\n\n\n<p class=\"wp-block-paragraph\">Los idumeos fueron conquistados por Juan Hircano cerca del  fin del siglo II a. C., y obligados a vivir como jud\u00edos, para ser considerados como tales &#8211; (<em>F. Josefo, \u00abAntig\u00fcedades Judaicas\u00bb, XIII, IX, 4). <\/em><\/p>\n\n\n\n<div class=\"wp-block-image\"><figure class=\"alignright size-large is-resized\"><img data-recalc-dims=\"1\" fetchpriority=\"high\" decoding=\"async\" data-attachment-id=\"41037\" data-permalink=\"https:\/\/atravesdelasescrituras.com\/es_es\/los-crimenes-de-herodes__800x800\/\" data-orig-file=\"https:\/\/atravesdelasescrituras.com\/wp-content\/uploads\/2019\/09\/los-crimenes-de-herodes__800x800.jpg\" data-orig-size=\"800,800\" data-comments-opened=\"1\" data-image-meta=\"{&quot;aperture&quot;:&quot;0&quot;,&quot;credit&quot;:&quot;&quot;,&quot;camera&quot;:&quot;&quot;,&quot;caption&quot;:&quot;&quot;,&quot;created_timestamp&quot;:&quot;0&quot;,&quot;copyright&quot;:&quot;&quot;,&quot;focal_length&quot;:&quot;0&quot;,&quot;iso&quot;:&quot;0&quot;,&quot;shutter_speed&quot;:&quot;0&quot;,&quot;title&quot;:&quot;&quot;,&quot;orientation&quot;:&quot;0&quot;}\" data-image-title=\"los-crimenes-de-herodes__800x800\" data-image-description=\"\" data-image-caption=\"\" data-large-file=\"https:\/\/atravesdelasescrituras.com\/wp-content\/uploads\/2019\/09\/los-crimenes-de-herodes__800x800.jpg\" src=\"https:\/\/i0.wp.com\/atravesdelasescrituras.com\/wp-content\/uploads\/2019\/09\/los-crimenes-de-herodes__800x800.jpg?resize=221%2C229&#038;ssl=1\" alt=\"\" class=\"wp-image-41037\" width=\"221\" height=\"229\" \/><\/figure><\/div>\n\n\n\n<p class=\"wp-block-paragraph\">Sin embargo, Ant\u00edgono llama a Herodes \u00ab<em>medio jud\u00edo<\/em>\u00bb <em>(Cfr. Ib\u00edd., XIV, XV,2, y la nota en  Whiston<\/em>), mientras que los jud\u00edos, cuando as\u00ed conven\u00eda a sus intereses, hablaban  de Herodes su rey como de \u00abj<em>ud\u00edo por nacimiento<\/em>\u00bb (<em>Ib\u00edd. XX,VIII,7<\/em>). <\/p>\n\n\n\n<p class=\"wp-block-paragraph\">Ant\u00edpatro, el padre de Herodes, hab\u00eda colaborado con los romanos en el Oriente, y fue el  favor de Roma lo que elev\u00f3 a la familia herodiana al nivel de preeminencia y poder que lleg\u00f3 a alcanzar. <\/p>\n\n\n\n<p class=\"wp-block-paragraph\">Herodes naci\u00f3 el a\u00f1o 73 a. C., y se le menciona por primera vez como gobernador de Galilea &#8211; (<em>Ib\u00edd.. XIV, IX, 2<\/em>).<\/p>\n\n\n\n<div class=\"wp-block-image\"><figure class=\"aligncenter size-large\"><img data-recalc-dims=\"1\" decoding=\"async\" width=\"420\" height=\"375\" data-attachment-id=\"41039\" data-permalink=\"https:\/\/atravesdelasescrituras.com\/es_es\/galileaa\/\" data-orig-file=\"https:\/\/atravesdelasescrituras.com\/wp-content\/uploads\/2019\/09\/galileaa.jpg\" data-orig-size=\"420,375\" data-comments-opened=\"1\" data-image-meta=\"{&quot;aperture&quot;:&quot;0&quot;,&quot;credit&quot;:&quot;&quot;,&quot;camera&quot;:&quot;&quot;,&quot;caption&quot;:&quot;&quot;,&quot;created_timestamp&quot;:&quot;0&quot;,&quot;copyright&quot;:&quot;&quot;,&quot;focal_length&quot;:&quot;0&quot;,&quot;iso&quot;:&quot;0&quot;,&quot;shutter_speed&quot;:&quot;0&quot;,&quot;title&quot;:&quot;&quot;,&quot;orientation&quot;:&quot;0&quot;}\" data-image-title=\"galileaa\" data-image-description=\"\" data-image-caption=\"\" data-large-file=\"https:\/\/atravesdelasescrituras.com\/wp-content\/uploads\/2019\/09\/galileaa.jpg\" src=\"https:\/\/i0.wp.com\/atravesdelasescrituras.com\/wp-content\/uploads\/2019\/09\/galileaa.jpg?resize=420%2C375&#038;ssl=1\" alt=\"\" class=\"wp-image-41039\" \/><\/figure><\/div>\n\n\n\n<p class=\"wp-block-paragraph\">El texto citado dice que ten\u00eda 15 a\u00f1os de edad, lo cual en un error evidente. Quiz\u00e1s quer\u00eda decir 25,  pues muri\u00f3 cerca de cuarenta y cinco a\u00f1os despu\u00e9s <em>\u00aba los setenta a\u00f1os de edad<\/em>\u00bb  (<em>F. Josefo, \u00abLas Guerras de los Jud\u00edos\u00bb I, XXXIII,1<\/em>). <\/p>\n\n\n\n<p class=\"wp-block-paragraph\">Su carrera supera con mucho a la de muchos h\u00e9roes de ficci\u00f3n. Siempre supo congraciarse con los favoritos de la suerte en el cambiante escenario de la historia romana. Los j\u00f3venes Octavio y Antonio lograron, el a\u00f1o 40 a.C., que el Senado romano le  diera la corona de Judea, y subi\u00f3 al templo de J\u00fapiter a dar gracias a los dioses de Roma acompa\u00f1ado de esos dos poderosos amigos. <\/p>\n\n\n\n<p class=\"wp-block-paragraph\">Ant\u00edgono fue degollado el a\u00f1o 37 a.C. y desde ese momento Herodes se convirti\u00f3 en rey de hecho y no s\u00f3lo de nombre. Contrajo matrimonio con Mariamne el a\u00f1o 38 a.C. y al entrar de ese modo en alianza matrimonial con los Asmoneos, populares entre los jud\u00edos,  Herodes reforz\u00f3 su posesi\u00f3n del trono (<em>Ib\u00edd.. I, XII, 3<\/em>). <br><br>El reino de Herodes se divide naturalmente en tres per\u00edodos: <\/p>\n\n\n\n<ol class=\"wp-block-list\"><li>37-25 a.C. son los  a\u00f1os de desarrollo.<\/li><li>25-13 a.C., los de esplendor real.<\/li><li>13-4 a.C., los de  problemas y tragedias dom\u00e9sticas. <\/li><\/ol>\n\n\n\n<p class=\"wp-block-paragraph\">Durante el primer per\u00edodo se afirma en el trono haciendo a un lado a sus rivales de la l\u00ednea asmonea. Asesina a Hircano y a Arist\u00f3bulo,  abuelo y hermano de Mariamne, respectivamente.  <\/p>\n\n\n\n<p class=\"wp-block-paragraph\">A este \u00faltimo lo hab\u00eda nombrado sumo sacerdote, a pesar de tener s\u00f3lo 17 a\u00f1os. Su \u00fanico delito fue haber sido muy populares (<em>F. Josefo, \u00abAntig\u00fcedades\u00bb, XV,VI,1,III,3<\/em>).  Tambi\u00e9n Mariamne fue ejecutada, en 29 a.C. Y la madre de \u00e9sta, Alejandra, en 28  a.C. Debido a su amistad con Antonio, quien hab\u00eda sido vencido por Octaviano en Actium, en 31 a.C., <\/p>\n\n\n\n<p class=\"wp-block-paragraph\">Herodes tem\u00eda por su vida y viaj\u00f3 a Rodas con un dogal al cuello, como un criminal, para dialogar con el conquistador. Finalmente, C\u00e9sar  lo confirm\u00f3 en el trono, ampliando, adem\u00e1s, su territorio (<em>F. Josefo, \u00abGuerras\u00bb,  I, XX<\/em>).<br><br>Herodes y sus hijos eran constructores. Con las riendas del reino en la mano y  habiendo tomado venganza de sus enemigos, adorn\u00f3 su territorio con ciudades y  templos en honor del emperador y de los dioses. <\/p>\n\n\n\n<p class=\"wp-block-paragraph\">Construy\u00f3 Samaria y la llam\u00f3 Sebaste, por el nombre griego de Augusto. Tambi\u00e9n edific\u00f3 Cesarea con su magn\u00edfico puerto. <\/p>\n\n\n\n<div class=\"wp-block-image\"><figure class=\"aligncenter size-large is-resized\"><img data-recalc-dims=\"1\" decoding=\"async\" data-attachment-id=\"41034\" data-permalink=\"https:\/\/atravesdelasescrituras.com\/es_es\/29_645_5_teatro_romano_caesarea_israel\/\" data-orig-file=\"https:\/\/atravesdelasescrituras.com\/wp-content\/uploads\/2019\/09\/29_645_5_teatro_romano_caesarea_israel.jpg\" data-orig-size=\"990,658\" data-comments-opened=\"1\" data-image-meta=\"{&quot;aperture&quot;:&quot;0&quot;,&quot;credit&quot;:&quot;&quot;,&quot;camera&quot;:&quot;&quot;,&quot;caption&quot;:&quot;&quot;,&quot;created_timestamp&quot;:&quot;0&quot;,&quot;copyright&quot;:&quot;&quot;,&quot;focal_length&quot;:&quot;0&quot;,&quot;iso&quot;:&quot;0&quot;,&quot;shutter_speed&quot;:&quot;0&quot;,&quot;title&quot;:&quot;&quot;,&quot;orientation&quot;:&quot;0&quot;}\" data-image-title=\"29_645_5_teatro_romano_caesarea_israel\" data-image-description=\"\" data-image-caption=\"\" data-large-file=\"https:\/\/atravesdelasescrituras.com\/wp-content\/uploads\/2019\/09\/29_645_5_teatro_romano_caesarea_israel.jpg\" src=\"https:\/\/i0.wp.com\/atravesdelasescrituras.com\/wp-content\/uploads\/2019\/09\/29_645_5_teatro_romano_caesarea_israel.jpg?resize=472%2C314&#038;ssl=1\" alt=\"\" class=\"wp-image-41034\" width=\"472\" height=\"314\" \/><figcaption> Teatro Romano junto al Mar Mediterr\u00e1neo. Caesarea. Israel <\/figcaption><\/figure><\/div>\n\n\n\n<p class=\"wp-block-paragraph\">Debido a sus gustos griegos, Herodes erigi\u00f3 teatros, anfiteatros e hip\u00f3dromos para los juegos que se celebraban en tiempos definidos incluso en Jerusal\u00e9n (<em>F. Josefo \u00abAntig\u00fcedades\u00bb, XV, VIII, 1, XVI, V,1;  \u00abGuerras\u00bb, I,XXI, 1, 5)<\/em>. <\/p>\n\n\n\n<p class=\"wp-block-paragraph\">Si tomamos en cuenta los templos que edific\u00f3 en honor de los falsos dioses- el de Apolo, por ejemplo, en Rodas (<em>F. Josefo  \u00abAntig\u00fcedades\u00bb, XVI,V,3<\/em>)- podemos deducir que fue m\u00e1s vanidad que piedad lo que le sugiri\u00f3 la mayor obra de su reino, el Templo de Jerusal\u00e9n. Este fue comenzado en el a\u00f1o dieciocho de su reinado (<em>Josefo, Ib\u00edd., XV, XI, 1<\/em>), o sea, alrededor  del a\u00f1o 22 a.C. (<em>Gr\u00e4tz, \u00abGesch. d. Jud.\u00bb V. III, 187<\/em>). <\/p>\n\n\n\n<div class=\"wp-block-image\"><figure class=\"aligncenter size-large is-resized\"><img data-recalc-dims=\"1\" loading=\"lazy\" decoding=\"async\" data-attachment-id=\"41036\" data-permalink=\"https:\/\/atravesdelasescrituras.com\/es_es\/templo_jerusalen_herodes_1\/\" data-orig-file=\"https:\/\/atravesdelasescrituras.com\/wp-content\/uploads\/2019\/09\/templo_jerusalen_herodes_1.jpg\" data-orig-size=\"929,698\" data-comments-opened=\"1\" data-image-meta=\"{&quot;aperture&quot;:&quot;0&quot;,&quot;credit&quot;:&quot;&quot;,&quot;camera&quot;:&quot;&quot;,&quot;caption&quot;:&quot;&quot;,&quot;created_timestamp&quot;:&quot;0&quot;,&quot;copyright&quot;:&quot;&quot;,&quot;focal_length&quot;:&quot;0&quot;,&quot;iso&quot;:&quot;0&quot;,&quot;shutter_speed&quot;:&quot;0&quot;,&quot;title&quot;:&quot;&quot;,&quot;orientation&quot;:&quot;0&quot;}\" data-image-title=\"templo_jerusalen_herodes_1\" data-image-description=\"\" data-image-caption=\"\" data-large-file=\"https:\/\/atravesdelasescrituras.com\/wp-content\/uploads\/2019\/09\/templo_jerusalen_herodes_1.jpg\" src=\"https:\/\/i0.wp.com\/atravesdelasescrituras.com\/wp-content\/uploads\/2019\/09\/templo_jerusalen_herodes_1.jpg?resize=454%2C342&#038;ssl=1\" alt=\"\" class=\"wp-image-41036\" width=\"454\" height=\"342\" \/><\/figure><\/div>\n\n\n\n<p class=\"wp-block-paragraph\">El texto de Josefo  (<em>\u00abGuerras\u00bb, I, XXI, 1<\/em>) dice que fue en el a\u00f1o quince, pero el historiador cuenta desde la muerte de Ant\u00edgono, 37 a.C., lo que nos da la fecha mencionada arriba.  <\/p>\n\n\n\n<p class=\"wp-block-paragraph\">El discurso que Herodes pronunci\u00f3 para esa ocasi\u00f3n, aunque lleno de piedad, puede ser interpretado a la luz de lo que dijo \u00e9l mismo a los magos de Oriente:  \u00ab<em>para ir tambi\u00e9n yo a adorarle<\/em>\u00bb (<em>Mt 2, 8; \u00abAntig\u00fcedades\u00bb, XV, XI, 1<\/em>). <\/p>\n\n\n\n<p class=\"wp-block-paragraph\">Josefo describe el Templo (<em>Ib\u00edd.., XV, XI; Cfr. Edersheim, \u00abThe Temple, its ministry  and services\u00bb, I y II<\/em>), y el Nuevo Testamento habla de la solidez de su arquitectura (<em>Mt 24, 1; Mc 13,1<\/em>). Juan 2:20 menciona que corrieron 46 a\u00f1os desde el inicio de la construcci\u00f3n, pero se requiere jugar con las cifras para  hacer concordar ese n\u00famero con la historia, tanto del segundo templo como del que fue edificado por Herodes. <br><br>Los horrores del hogar de Herodes contrastaban fuertemente con el esplendor de  su reino. El haberse desposado con diez mujeres (<em>F. Josefo \u00abGuerras\u00bb, I, XXVIII,  4- nota en Whiston<\/em>), de las que tuvo muchos hijos, hizo que el demonio de la discordia provocara frecuentes tragedias familiares. Incluso mand\u00f3 matar a sus hijos Arist\u00f3bulo y Alejandro, 6 a.C., a quienes Ant\u00edpatro, otro hijo, nacido de Doris, hab\u00eda acusado de conspirar contra la vida de su padre (<em>F. Josefo  \u00abAntig\u00fcedades\u00bb, XVI, XI<\/em>). <\/p>\n\n\n\n<p class=\"wp-block-paragraph\">Este mismo Ant\u00edpatro, cuya crueldad lo hac\u00eda verdadero hijo de Herodes, y quien hab\u00eda causado la muerte de tantos, fue \u00e9l mismo acusado  y convicto de haber intentado envenenar, y finalmente, matar a su padre (<em>Flavio  Josefo \u00abGuerras\u00bb, I, XXXIII, 7<\/em>). <\/p>\n\n\n\n<p class=\"wp-block-paragraph\">La \u00faltima alegr\u00eda del rey moribundo se la proporcion\u00f3 la carta de Roma que lo autorizaba a matar a su hijo. Cinco d\u00edas despu\u00e9s muri\u00f3, como otro Ant\u00edoco sujeto a una maldici\u00f3n. <\/p>\n\n\n\n<p class=\"wp-block-paragraph\">La descripci\u00f3n que hace Josefo- siguiendo a Nicol\u00e1s de Damasco, su amigo y bi\u00f3grafo- (<em>\u00abAntig\u00fcedades\u00bb,  XVII, VI, VII, VIII; \u00abGuerras\u00bb, I, XXXIII<\/em>) de su muerte y de las circunstancias que la acompa\u00f1aron es tan gr\u00e1fica que s\u00f3lo puede haber sido hecha por un testigo ocular. <\/p>\n\n\n\n<p class=\"wp-block-paragraph\">En el balneario de Calirroe, al este del Mar Muerto, buscaba el rey reposo de la enfermedad que lo llevar\u00eda a la muerte. Cuando se acercaba su fin, dio \u00f3rdenes de encerrar en el hip\u00f3dromo de Jeric\u00f3 a los principales personajes del pa\u00eds y matarlos en cuanto \u00e9l muriera, para que no faltaran l\u00e1grimas en su sepelio. No fue obedecida orden tan b\u00e1rbara. <\/p>\n\n\n\n<p class=\"wp-block-paragraph\">Por el contrario, los jud\u00edos celebraron el d\u00eda de su muerte como uno de fiesta, para celebrar su liberaci\u00f3n de esa tiran\u00eda. (<em>Gr\u00e4tz, \u00abGesch. D. Jud.\u00bb, III, 195<\/em>)- <em>\u00abHist.\u00bb (en ingl\u00e9s), II,  117<\/em>). <\/p>\n\n\n\n<p class=\"wp-block-paragraph\">Arquelao, a quien Herodes hab\u00eda nombrado heredero al descubrirse la perfidia de Ant\u00edpatro, lo sepult\u00f3 con gran pompa en Herodi\u00f3n, llamado por algunos Monte Franco, al sureste de Bel\u00e9n, en la tumba que el rey hab\u00eda preparado para si mismo (<em>F. Josefo, \u00abAntig\u00fcedades\u00bb, XVII, VIII, 2, 3; \u00abGuerras\u00bb,  I, XXXIII, 8,9<\/em>). La muerte de Herodes reviste importancia por su relaci\u00f3n con el nacimiento de Cristo. <br><br>El eclipse mencionado por Josefo (<em>\u00abAntig\u00fcedades\u00bb, XVII, VI, 4<\/em>), quien tambi\u00e9n describe la duraci\u00f3n de reinado de Herodes- 37 a\u00f1os a partir del d\u00eda en que fue designado rey por los romanos, en el a\u00f1o 40 a.C., o 34 a\u00f1os a partir de la  muerte de Ant\u00edgono, 37 a.C. (<em>\u00abAntig\u00fcedades judaicas\u00bb XVII, VIII, 1<\/em>)- ubica la muerte de Herodes en la primavera de 750 A.U.C., o 4 a. C. <\/p>\n\n\n\n<p class=\"wp-block-paragraph\">Cristo naci\u00f3 antes de la muerte de Herodes (<em>Mt 2, 1<\/em>), pero no se sabe claramente con cu\u00e1ntos a\u00f1os de anterioridad. Las posibles fechas est\u00e1n entre el 746 y el 750 A.U.C. (<em>V\u00e9ase una  relaci\u00f3n de opiniones y argumentos en Gigot, \u00abOutlines of New Testament History\u00bb,  42, 43<\/em>). <\/p>\n\n\n\n<p class=\"wp-block-paragraph\">Los dones f\u00edsicos y mentales de Herodes eran muchos. <em>\u00abEra un guerrero  tal que no se le pod\u00eda vencer&#8230;la fortuna tambi\u00e9n le era favorable<\/em>\u00bb (<em>F. Josefo,  \u00abGuerras\u00bb, I, XXI, 13<\/em>), pero tambi\u00e9n \u00ab<em>era un hombre de gran violencia para todos por igual, y esclavo de sus pasiones, por encima de cualquier consideraci\u00f3n de  lo que era bueno<\/em>\u00bb (<em>F. Josefo \u00abAntig\u00fcedades judaicas\u00bb, XVII, VIII, 1). <\/em><\/p>\n\n\n\n<p class=\"wp-block-paragraph\">Sus defectos predominantes eran los celos y la ambici\u00f3n, que lo llevaban a sacrificar a\u00fan a quienes le eran m\u00e1s cercanos y queridos: el asesinato y la munificencia eran ambos buenos instrumentos para lograr sus fines. <\/p>\n\n\n\n<p class=\"wp-block-paragraph\">La matanza de los Inocentes cuadra perfectamente con lo que la historia nos narra de \u00e9l, y la afirmaci\u00f3n que hace Mateo no se considera refutada por el simple silencio de Flavio Josefo. Este sigue a Nicol\u00e1s de Damasco, para el cual, como personaje de la corte, Herodes era un h\u00e9roe. Es por ello que Armstrong (<em>en Hastings, \u00abDict.  of Christ and the Gospels\u00bb, s. v., \u00abHerod\u00bb<\/em>) con justicia acusa a quienes, como Gr\u00e4tz (<em>Gesch. D. Jud. III, 194- Hist. (ingl\u00e9s), II, 116)<\/em>, por motivos subjetivos consideran que la narraci\u00f3n del Evangelista constituye una leyenda posterior.  <\/p>\n\n\n\n<p class=\"wp-block-paragraph\">Macrobio, quien escribe al inicio del siglo V, narra que Augusto, enterado de que entre los ni\u00f1os a los que Herodes hab\u00eda ordenado matar estaba su propio  hijo, expres\u00f3: \u00ab<em>Es mejor ser un puerco de Herodes que su hijo\u00bb<\/em> (<em>Saturn. II, 4<\/em>).  En el texto griego se encuentra una bon mot y una relaci\u00f3n entre las palabras utilizadas que los etimologistas pueden reconocer incluso en otro idioma. <\/p>\n\n\n\n<p class=\"wp-block-paragraph\">Se hace alusi\u00f3n a la ley jud\u00eda que prohib\u00eda comer carne de puerco y la an\u00e9cdota contiene elementos extra b\u00edblicos. \u00ab<em>cruel como es la matanza, desaparece ante las crueldades de Herodes. Por eso no es de sorprender que la historia no nos hable de ella<\/em>\u00bb <\/p>\n\n\n\n<p class=\"wp-block-paragraph\" style=\"text-align:center;\">[<em>Maas, \u00abLife of Christ\u00bb (1897), 38 (nota); el autor hace notar, como otros lo han hecho, que el n\u00famero de ni\u00f1os no debi\u00f3 haber sido grande]. <\/em> <\/p>\n\n\n\n<hr class=\"wp-block-separator\" \/>\n\n\n\n<ul class=\"wp-block-list\"><li><strong>Herodes Antipas o Herodes el Tetrarca<\/strong> &#8211; (<em>Judea, 20 a. E.C. \u2013 Lyon, 39 E.C<\/em>.):<\/li><\/ul>\n\n\n\n<p class=\"wp-block-paragraph\">&#8211; <span style=\"text-decoration:underline;\">Resumen<\/span>: Herodes Antipas o Herodes el Tetrarca de Perea y Galilea desde 4 a. E.C. hasta su muerte &#8211; (<em>Judea, 20 a. E.C. \u2013 Lyon, 39 E.C<\/em>).<\/p>\n\n\n\n<p class=\"wp-block-paragraph\">Hijo de Herodes I el Grande y de la samaritana Malthace y hermano de Herodes Arquelao. Fue criado en Roma junto con Arquelao y su hermano Herodes Filipo. A la muerte de su padre, Augusto le otorg\u00f3 la tetrarqu\u00eda de Galilea y Perea. Contrajo un escandaloso matrimonio con Herod\u00edas,  esposa de su hermanastro Herodes Filipo. <\/p>\n\n\n\n<ul class=\"wp-block-list\"><li>Responsable de la ejecuci\u00f3n de Juan el Bautista.<\/li><li>Se burla de Jes\u00fas.<\/li><\/ul>\n\n\n\n<p class=\"wp-block-paragraph\">&#8211; <span style=\"text-decoration:underline;\">Mas sobre Herodes Antipas<\/span>&#8230;<\/p>\n\n\n\n<p class=\"wp-block-paragraph\">Antipas fue hijo de Herodes el Grande, a cuya muerte se convirti\u00f3 en gobernante  de Galilea. Contrajo matrimonio con la hija de Aretas, rey de Arabia, pero luego vivi\u00f3 con Herod\u00edas, la esposa de su propio hermanastro, Filipo. Esta uni\u00f3n con Herod\u00edas es mencionada y criticada por Josefo (<em>Ib\u00edd.. XVIII, V)<\/em> y por el Nuevo Testamento, y finalmente llev\u00f3 a Antipas a su ruina. <\/p>\n\n\n\n<div class=\"wp-block-image\"><figure class=\"aligncenter size-large is-resized\"><img data-recalc-dims=\"1\" loading=\"lazy\" decoding=\"async\" data-attachment-id=\"41041\" data-permalink=\"https:\/\/atravesdelasescrituras.com\/es_es\/reino_de_herodes-1\/\" data-orig-file=\"https:\/\/atravesdelasescrituras.com\/wp-content\/uploads\/2019\/09\/reino_de_herodes-1.jpg\" data-orig-size=\"314,438\" data-comments-opened=\"1\" data-image-meta=\"{&quot;aperture&quot;:&quot;0&quot;,&quot;credit&quot;:&quot;&quot;,&quot;camera&quot;:&quot;&quot;,&quot;caption&quot;:&quot;&quot;,&quot;created_timestamp&quot;:&quot;0&quot;,&quot;copyright&quot;:&quot;&quot;,&quot;focal_length&quot;:&quot;0&quot;,&quot;iso&quot;:&quot;0&quot;,&quot;shutter_speed&quot;:&quot;0&quot;,&quot;title&quot;:&quot;&quot;,&quot;orientation&quot;:&quot;1&quot;}\" data-image-title=\"reino_de_herodes-1\" data-image-description=\"\" data-image-caption=\"\" data-large-file=\"https:\/\/atravesdelasescrituras.com\/wp-content\/uploads\/2019\/09\/reino_de_herodes-1.jpg\" src=\"https:\/\/i0.wp.com\/atravesdelasescrituras.com\/wp-content\/uploads\/2019\/09\/reino_de_herodes-1.jpg?resize=417%2C574&#038;ssl=1\" alt=\"\" class=\"wp-image-41041\" width=\"417\" height=\"574\" \/><\/figure><\/div>\n\n\n\n<p class=\"wp-block-paragraph\">Lo lanz\u00f3 a una guerra contra Aretas en la que perdi\u00f3 su ej\u00e9rcito, calamidad que Josefo se\u00f1al\u00f3 como \u00ab<em>castigo por lo que hizo en contra del llamado Bautista, a quien Herodes  asesin\u00f3, a pesar de ser un hombre bueno que amonestaba a los jud\u00edos a ejercitar  la virtud, a ser justos unos con otros y piadosos ante Dios, y a acercarse al  bautismo<\/em>\u00bb <em>(Ib\u00edd.. XVIII, V, 2<\/em>). <\/p>\n\n\n\n<p class=\"wp-block-paragraph\">El Nuevo Testamento nos explica la raz\u00f3n por la que Herod\u00edas quer\u00eda la cabeza de Juan. Ella estaba casada con Herodes Filipo-distinto del tetrarca del mismo nombre- quien viv\u00eda en Roma como ciudadano com\u00fan, y con el que hab\u00eda tenido una hija, Salom\u00e9. <\/p>\n\n\n\n<p class=\"wp-block-paragraph\">Al abandonar a su marido para casarse con Antipas actu\u00f3 en contra de la ley. Juan amonest\u00f3 a Antipas por esa uni\u00f3n ad\u00faltera y Herod\u00edas se veng\u00f3 (<em>Mt 14, 3-12; Mc 6, 17-29<\/em>). <\/p>\n\n\n\n<p class=\"wp-block-paragraph\">Josefo no dice que la muerte de Juan haya de ser atribuida al odio de Herod\u00edas, sino a los  celos que sent\u00eda Herodes por la influencia que ejerc\u00eda Juan sobre el pueblo. <\/p>\n\n\n\n<p class=\"wp-block-paragraph\">El Bautista fue enviado a la torva fortaleza de Maqueronte, en las monta\u00f1as al este del Mar Muerto, y ejecutado all\u00ed (<em>F. Josefo \u00abAntig\u00fcedades\u00bb XVIII, V, 2). Gr\u00e4tz (Gesch.  d. Jud., III, xi, 221 &#8211; Hist. (ingl\u00e9s), II, 147)<\/em>, como en otras ocasiones, cree que la descripci\u00f3n evang\u00e9lica no pasa de ser una leyenda, pero Sch\u00fcrer admite que tanto Josefo como los evangelistas pueden tener raz\u00f3n, ya que no hay contradicci\u00f3n en sus narraciones (<em>Hist. of the Jewish People, etc., Div. I, V,  ii, 25). <\/em><\/p>\n\n\n\n<div class=\"wp-block-image\"><figure class=\"aligncenter size-large\"><img data-recalc-dims=\"1\" loading=\"lazy\" decoding=\"async\" width=\"620\" height=\"349\" data-attachment-id=\"41044\" data-permalink=\"https:\/\/atravesdelasescrituras.com\/es_es\/fortaleza-donde-guardaron-a-el-bautista\/\" data-orig-file=\"https:\/\/atravesdelasescrituras.com\/wp-content\/uploads\/2019\/09\/fortaleza-donde-guardaron-a-el-bautista.jpg\" data-orig-size=\"620,349\" data-comments-opened=\"1\" data-image-meta=\"{&quot;aperture&quot;:&quot;0&quot;,&quot;credit&quot;:&quot;&quot;,&quot;camera&quot;:&quot;&quot;,&quot;caption&quot;:&quot;&quot;,&quot;created_timestamp&quot;:&quot;0&quot;,&quot;copyright&quot;:&quot;&quot;,&quot;focal_length&quot;:&quot;0&quot;,&quot;iso&quot;:&quot;0&quot;,&quot;shutter_speed&quot;:&quot;0&quot;,&quot;title&quot;:&quot;&quot;,&quot;orientation&quot;:&quot;0&quot;}\" data-image-title=\"fortaleza-donde-guardaron-a-el-bautista\" data-image-description=\"\" data-image-caption=\"\" data-large-file=\"https:\/\/atravesdelasescrituras.com\/wp-content\/uploads\/2019\/09\/fortaleza-donde-guardaron-a-el-bautista.jpg\" src=\"https:\/\/i0.wp.com\/atravesdelasescrituras.com\/wp-content\/uploads\/2019\/09\/fortaleza-donde-guardaron-a-el-bautista.jpg?resize=620%2C349&#038;ssl=1\" alt=\"\" class=\"wp-image-41044\" \/><figcaption> Fortaleza de Maqueronte &#8211; <a href=\"https:\/\/www.abc.es\/cultura\/abci-hallan-bano-ritual-fortaleza-herodes-donde-decapitaron-juan-bautista-201706170137_noticia.html\">(ABC &#8211;  Hallan el ba\u00f1o ritual en la fortaleza de Herodes donde decapitaron a Juan el Bautista).<\/a><\/figcaption><\/figure><\/div>\n\n\n\n<div class=\"wp-block-image\"><figure class=\"aligncenter size-large is-resized\"><img data-recalc-dims=\"1\" loading=\"lazy\" decoding=\"async\" data-attachment-id=\"41045\" data-permalink=\"https:\/\/atravesdelasescrituras.com\/es_es\/enclave-de-la-fortaleza-de-maqueronte\/\" data-orig-file=\"https:\/\/atravesdelasescrituras.com\/wp-content\/uploads\/2019\/09\/enclave-de-la-fortaleza-de-maqueronte.jpg\" data-orig-size=\"508,647\" data-comments-opened=\"1\" data-image-meta=\"{&quot;aperture&quot;:&quot;0&quot;,&quot;credit&quot;:&quot;&quot;,&quot;camera&quot;:&quot;&quot;,&quot;caption&quot;:&quot;&quot;,&quot;created_timestamp&quot;:&quot;0&quot;,&quot;copyright&quot;:&quot;&quot;,&quot;focal_length&quot;:&quot;0&quot;,&quot;iso&quot;:&quot;0&quot;,&quot;shutter_speed&quot;:&quot;0&quot;,&quot;title&quot;:&quot;&quot;,&quot;orientation&quot;:&quot;0&quot;}\" data-image-title=\"enclave-de-la-fortaleza-de-maqueronte\" data-image-description=\"\" data-image-caption=\"\" data-large-file=\"https:\/\/atravesdelasescrituras.com\/wp-content\/uploads\/2019\/09\/enclave-de-la-fortaleza-de-maqueronte.jpg\" src=\"https:\/\/i0.wp.com\/atravesdelasescrituras.com\/wp-content\/uploads\/2019\/09\/enclave-de-la-fortaleza-de-maqueronte.jpg?resize=315%2C409&#038;ssl=1\" alt=\"\" class=\"wp-image-41045\" width=\"315\" height=\"409\" \/><\/figure><\/div>\n\n\n\n<p class=\"wp-block-paragraph\">La m\u00e1s famosa de las ciudades construidas por Antipas fue Tiber\u00edades, en la orilla occidental del Mar de Galilea. La llam\u00f3 as\u00ed en honor de su amigo, el emperador Tiberio, y la hizo capital del tetrarcado. La ciudad, a su vez, dio su nombre al mar y as\u00ed ha quedado hasta hoy. Por largo tiempo fue una gran escuela de estudios jud\u00edos. Fue ante este Herodes que Jes\u00fas compareci\u00f3 y fue injuriado (<em>Lc 23, 7-13<\/em>). <\/p>\n\n\n\n<figure class=\"wp-block-image size-large\"><img data-recalc-dims=\"1\" loading=\"lazy\" decoding=\"async\" width=\"1200\" height=\"600\" data-attachment-id=\"41046\" data-permalink=\"https:\/\/atravesdelasescrituras.com\/es_es\/pilato-y-herodes-antipas\/\" data-orig-file=\"https:\/\/atravesdelasescrituras.com\/wp-content\/uploads\/2019\/09\/pilato-y-herodes-antipas.jpg\" data-orig-size=\"1200,600\" data-comments-opened=\"1\" data-image-meta=\"{&quot;aperture&quot;:&quot;0&quot;,&quot;credit&quot;:&quot;&quot;,&quot;camera&quot;:&quot;&quot;,&quot;caption&quot;:&quot;&quot;,&quot;created_timestamp&quot;:&quot;0&quot;,&quot;copyright&quot;:&quot;&quot;,&quot;focal_length&quot;:&quot;0&quot;,&quot;iso&quot;:&quot;0&quot;,&quot;shutter_speed&quot;:&quot;0&quot;,&quot;title&quot;:&quot;&quot;,&quot;orientation&quot;:&quot;0&quot;}\" data-image-title=\"pilato-y-herodes-antipas\" data-image-description=\"\" data-image-caption=\"\" data-large-file=\"https:\/\/atravesdelasescrituras.com\/wp-content\/uploads\/2019\/09\/pilato-y-herodes-antipas.jpg\" src=\"https:\/\/i0.wp.com\/atravesdelasescrituras.com\/wp-content\/uploads\/2019\/09\/pilato-y-herodes-antipas.jpg?resize=1200%2C600&#038;ssl=1\" alt=\"\" class=\"wp-image-41046\" \/><\/figure>\n\n\n\n<p class=\"wp-block-paragraph\">Antipas hab\u00eda ido a Jerusal\u00e9n para la Pascua, y se le nombra junto a Pilatos como enjuiciador de Cristo (<em>Hech 4, 27<\/em>). La enemistad que exist\u00eda entre \u00e9l y Pilatos naci\u00f3 cuando este \u00faltimo hubo de condenar a muerte a algunos galileos que pertenec\u00edan a la jurisdicci\u00f3n de Herodes (<em>Lc 13, 1<\/em>). Lucas (<em>23, 12<\/em>) afirma que luego se dio una cierta reconciliaci\u00f3n entre ellos. <\/p>\n\n\n\n<p class=\"wp-block-paragraph\">Cuando Herod\u00edas se percat\u00f3 de lo bien que le hab\u00eda ido a su hermano Agripa en Roma, de donde volvi\u00f3 convertido en rey, aconsej\u00f3 a Antipas que visitara a C\u00e9sar y obtuviera el t\u00edtulo real, ya que hasta entonces no lo era, sino s\u00f3lo tetrarca de Galilea- aunque a veces el Nuevo Testamento lo llama rey (<em>Mt 14, 9; Mc 6, 14<\/em>), y  lo mismo hace Josefo con Arquelao (<em>\u00abAntig\u00fcedades\u00bb, XVIII, IV, 3<\/em>) sin que fuese nunca rey, sino \u00fanicamente etnarca. <\/p>\n\n\n\n<p class=\"wp-block-paragraph\">Sin estar de acuerdo con el consejo, Antipas acudi\u00f3 a Roma, y pronto supo por sus mensajeros que Agripa lo hab\u00eda acusado ante Cal\u00edgula de conspiraci\u00f3n contra los romanos. El Emperador lo desterr\u00f3 a Ly\u00f3n, en la Galia (<em>Francia<\/em>), en 39 d. C. Herod\u00edas lo acompa\u00f1\u00f3 (<em>F. Josefo \u00abAntig\u00fcedades\u00bb,  XVIII, VII, 2<\/em>). <\/p>\n\n\n\n<div class=\"wp-block-image\"><figure class=\"alignright size-large is-resized\"><img data-recalc-dims=\"1\" loading=\"lazy\" decoding=\"async\" data-attachment-id=\"41047\" data-permalink=\"https:\/\/atravesdelasescrituras.com\/es_es\/herodias\/\" data-orig-file=\"https:\/\/atravesdelasescrituras.com\/wp-content\/uploads\/2019\/09\/herodias.jpg\" data-orig-size=\"3056,4128\" data-comments-opened=\"1\" data-image-meta=\"{&quot;aperture&quot;:&quot;3.5&quot;,&quot;credit&quot;:&quot;&quot;,&quot;camera&quot;:&quot;Canon EOS 7D&quot;,&quot;caption&quot;:&quot;&quot;,&quot;created_timestamp&quot;:&quot;1499785647&quot;,&quot;copyright&quot;:&quot;&quot;,&quot;focal_length&quot;:&quot;28&quot;,&quot;iso&quot;:&quot;400&quot;,&quot;shutter_speed&quot;:&quot;0.1&quot;,&quot;title&quot;:&quot;&quot;,&quot;orientation&quot;:&quot;1&quot;}\" data-image-title=\"herodias\" data-image-description=\"\" data-image-caption=\"\" data-large-file=\"https:\/\/atravesdelasescrituras.com\/wp-content\/uploads\/2019\/09\/herodias.jpg\" src=\"https:\/\/i0.wp.com\/atravesdelasescrituras.com\/wp-content\/uploads\/2019\/09\/herodias.jpg?resize=220%2C310&#038;ssl=1\" alt=\"\" class=\"wp-image-41047\" width=\"220\" height=\"310\" \/><figcaption>Retrato de Herodias<\/figcaption><\/figure><\/div>\n\n\n\n<p class=\"wp-block-paragraph\">Josefo dice (<em>\u00abGuerras\u00bb, II, IX, 6<\/em>); <em>\u00abHerodes muri\u00f3 en Espa\u00f1a a donde le hab\u00eda seguido su esposa<\/em>\u00ab. <\/p>\n\n\n\n<p class=\"wp-block-paragraph\">No se conoce el a\u00f1o de su muerte. Para  reconciliar las dos afirmaciones de Josefo acerca del lugar del exilio y muerte &#8211; v\u00e9ase Smith, \u00abDictionary of the Bible\u00bb, s.v. \u00abHerodias\u00bb (nota). <\/p>\n\n\n\n<hr class=\"wp-block-separator\" \/>\n\n\n\n<ul class=\"wp-block-list\"><li><strong>Herodes Arquelao<\/strong> &#8211; (23 a. E.C. \u2013 c. 18 E.C):<\/li><\/ul>\n\n\n\n<p class=\"wp-block-paragraph\">Fue el etnarca de Judea ,Samaria e Idumea, a partir del 4 a.E.C. al 6\n E.C. era hijo de Herodes el grande y Malthace, hermano de Herodes \nAntipas, y el medio hermano de Herodes elipe I. <\/p>\n\n\n\n<p class=\"wp-block-paragraph\">Cuando Herodes el grande muri\u00f3, Jos\u00e9 fue advertido por un \u00e1ngel en sue\u00f1os a su retorno al pa\u00eds (<em>presumiblemente a Bel\u00e9n<\/em>). <\/p>\n\n\n\n<div class=\"wp-block-image\"><figure class=\"alignleft size-large is-resized\"><img data-recalc-dims=\"1\" loading=\"lazy\" decoding=\"async\" data-attachment-id=\"41048\" data-permalink=\"https:\/\/atravesdelasescrituras.com\/es_es\/herodes-arquelao\/\" data-orig-file=\"https:\/\/atravesdelasescrituras.com\/wp-content\/uploads\/2019\/09\/herodes-arquelao.jpg\" data-orig-size=\"443,436\" data-comments-opened=\"1\" data-image-meta=\"{&quot;aperture&quot;:&quot;0&quot;,&quot;credit&quot;:&quot;&quot;,&quot;camera&quot;:&quot;&quot;,&quot;caption&quot;:&quot;&quot;,&quot;created_timestamp&quot;:&quot;0&quot;,&quot;copyright&quot;:&quot;&quot;,&quot;focal_length&quot;:&quot;0&quot;,&quot;iso&quot;:&quot;0&quot;,&quot;shutter_speed&quot;:&quot;0&quot;,&quot;title&quot;:&quot;&quot;,&quot;orientation&quot;:&quot;0&quot;}\" data-image-title=\"herodes-arquelao\" data-image-description=\"\" data-image-caption=\"\" data-large-file=\"https:\/\/atravesdelasescrituras.com\/wp-content\/uploads\/2019\/09\/herodes-arquelao.jpg\" src=\"https:\/\/i0.wp.com\/atravesdelasescrituras.com\/wp-content\/uploads\/2019\/09\/herodes-arquelao.jpg?resize=188%2C193&#038;ssl=1\" alt=\"\" class=\"wp-image-41048\" width=\"188\" height=\"193\" \/><\/figure><\/div>\n\n\n\n<p class=\"wp-block-paragraph\">Arquelao fue un gobernante cruel y muy impopular entre los jud\u00edos. En una ocasi\u00f3n, al sofocar un mot\u00edn, orden\u00f3 la matanza despiadada de 3.000 jud\u00edos en el recinto del templo. Dos veces depuso al sumo sacerdote. Su  divorcio y segundas nupcias tambi\u00e9n fueron contrarios a la ley jud\u00eda.  <\/p>\n\n\n\n<p class=\"wp-block-paragraph\">Finalmente, las quejas de los jud\u00edos y los samaritanos ante Augusto resultaron en una investigaci\u00f3n que culmin\u00f3 con el destierro de Arquelao en el noveno o d\u00e9cimo a\u00f1o de su reinado. A partir de entonces, Judea lleg\u00f3 a estar bajo gobernadores romanos.<\/p>\n\n\n\n<hr class=\"wp-block-separator\" \/>\n\n\n\n<p class=\"wp-block-paragraph\">Arquelao, hijo de Herodes el Grande, fue educado en Roma con su hermano Antipas  (<em>F. Josefo \u00abAntig\u00fcedades\u00bb, XVII, I, 3<\/em>), y se convirti\u00f3 en el heredero seg\u00fan el \u00faltimo testamento de su padre (<em>Ib\u00edd.. XVII, VIII, 1<\/em>). A la muerte de este \u00faltimo Arquelao fue aclamado por el pueblo ante el que pronunci\u00f3 un discurso en el que  afirm\u00f3 que su t\u00edtulo y autoridad depend\u00edan de la buena voluntad de C\u00e9sar (<em>Ib\u00edd..  XVII, VIII, 4<\/em>). <\/p>\n\n\n\n<p class=\"wp-block-paragraph\">Ya libres de la tiran\u00eda de Herodes por la muerte de \u00e9ste, los jud\u00edos solicitaron a C\u00e9sar que los pusiera bajo la jurisdicci\u00f3n de los presidentes de Siria. No queriendo, sin embargo, comprometer la voluntad de Herodes, C\u00e9sar otorg\u00f3 a Arquelao la mitad del reino de su padre, con el t\u00edtulo de etnarca, y condicionando el t\u00edtulo de rey a \u00ab<em>su comportamiento virtuoso\u00bb. <\/em><\/p>\n\n\n\n<p class=\"wp-block-paragraph\">El Nuevo Testamento dice que rein\u00f3 (<em>Mt 2, 22<\/em>), y Flavio Josefo <em>(Ib\u00edd. VII, VIII, 2,  IX, 2<\/em>) lo llama rey, por cortes\u00eda, pues los romanos jam\u00e1s lo llamaron as\u00ed. Su territorio inclu\u00eda Judea, Samaria e Idumea con las ciudades de Jerusal\u00e9n,  Cesarea, Sebaste y Joppe <em>(Ib\u00edd.. XVII, XI, 2, 4, 5).<\/em> <\/p>\n\n\n\n<p class=\"wp-block-paragraph\">Pronto suscit\u00f3 oposici\u00f3n al contraer matrimonio con la esposa de su hermano- un crimen como el de Antipas, posteriormente. Y acusado de crueldad por sus s\u00fabditos \u00ab<em>incapaces de soportar el uso b\u00e1rbaro y tir\u00e1nico que \u00e9l hac\u00eda de ellos\u00bb<\/em>, fue desterrado a Viena, en la  Galia, 7 d.C., al d\u00e9cimo a\u00f1o de su gobierno <em>(Ib\u00edd. XVII, XI, XIII, 1, 2). <\/em><\/p>\n\n\n\n<p class=\"wp-block-paragraph\">El Nuevo Testamento nos dice que Jos\u00e9, temeroso de Arquelao, fue a vivir a Nazaret (<em>Mt 2, 22-23<\/em>) y algunos int\u00e9rpretes piensan que en la par\u00e1bola (<em>Lc 19, 12-27)<\/em> Nuestro Se\u00f1or se refiere a Arquelao, a quien los jud\u00edos no deseaban como rey, y quien, elevado al poder por C\u00e9sar, tomo venganza de sus enemigos. \u00ab<em>Ya sea que el  Se\u00f1or haya tenido en mente a Arquelao, o que haya hablado en forma general, ciertamente las circunstancias cuadran perfectamente con su caso<\/em>\u00bb (<em>MacEvilly, \u00abExp,  of the Gospel of Saint Luke\u00bb). <\/em><\/p>\n\n\n\n<hr class=\"wp-block-separator\" \/>\n\n\n\n<ul class=\"wp-block-list\"><li><strong>Agripa I<\/strong> &#8211; (<em>10 a.E.C. \u2013 44 E.C<\/em>):<\/li><\/ul>\n\n\n\n<p class=\"wp-block-paragraph\"> &#8211; <span style=\"text-decoration:underline;\">Resumen<\/span>: Rey de los jud\u00edos, fue el nieto de Herodes el Grande, y el hijo de Arist\u00f3bulo IV y de Berenice <\/p>\n\n\n\n<div class=\"wp-block-image\"><figure class=\"alignright size-large is-resized\"><img data-recalc-dims=\"1\" loading=\"lazy\" decoding=\"async\" data-attachment-id=\"41049\" data-permalink=\"https:\/\/atravesdelasescrituras.com\/es_es\/herodes-agripa-i\/\" data-orig-file=\"https:\/\/atravesdelasescrituras.com\/wp-content\/uploads\/2019\/09\/herodes-agripa-i.jpg\" data-orig-size=\"340,332\" data-comments-opened=\"1\" data-image-meta=\"{&quot;aperture&quot;:&quot;0&quot;,&quot;credit&quot;:&quot;&quot;,&quot;camera&quot;:&quot;&quot;,&quot;caption&quot;:&quot;&quot;,&quot;created_timestamp&quot;:&quot;0&quot;,&quot;copyright&quot;:&quot;&quot;,&quot;focal_length&quot;:&quot;0&quot;,&quot;iso&quot;:&quot;0&quot;,&quot;shutter_speed&quot;:&quot;0&quot;,&quot;title&quot;:&quot;&quot;,&quot;orientation&quot;:&quot;0&quot;}\" data-image-title=\"herodes-agripa-i\" data-image-description=\"\" data-image-caption=\"\" data-large-file=\"https:\/\/atravesdelasescrituras.com\/wp-content\/uploads\/2019\/09\/herodes-agripa-i.jpg\" src=\"https:\/\/i0.wp.com\/atravesdelasescrituras.com\/wp-content\/uploads\/2019\/09\/herodes-agripa-i.jpg?resize=202%2C203&#038;ssl=1\" alt=\"\" class=\"wp-image-41049\" width=\"202\" height=\"203\" \/><\/figure><\/div>\n\n\n\n<p class=\"wp-block-paragraph\">Agripa fue el \u00faltimo de los Herodes que lleg\u00f3 a ser rey de toda Palestina, tal como lo hab\u00eda sido su abuelo. <\/p>\n\n\n\n<p class=\"wp-block-paragraph\">Ejecutado por el \u00e1ngel de Dios. La gobernaci\u00f3n de Agripa tuvo un final repentino. <\/p>\n\n\n\n<p class=\"wp-block-paragraph\">En Cesarea, en el transcurso de una fiesta en honor a  C\u00e9sar, Agripa se visti\u00f3 con un magn\u00edfico ropaje real y pronunci\u00f3 un  discurso ante un auditorio de Tiro y Sid\u00f3n que se hab\u00eda congregado para  suplicarle paz. La muchedumbre clam\u00f3: \u201c<em>\u00a1Voz de un dios, y no de un hombre!<\/em>\u201d. <\/p>\n\n\n\n<p class=\"wp-block-paragraph\">La Biblia registra en estos t\u00e9rminos la ejecuci\u00f3n inmediata de  este hip\u00f3crita condenado por Dios: \u201cAl instante el \u00e1ngel de Jehov\u00e1 lo  hiri\u00f3, porque no dio la gloria a Dios; y lleg\u00f3 a estar comido de  gusanos, y expir\u00f3\u201d. (Hechos 12:20-23.) <\/p>\n\n\n\n<p class=\"wp-block-paragraph\">Los cron\u00f3logos sit\u00faan la muerte del rey Herodes Agripa I en 44 E.C., a  la edad de cincuenta y cuatro a\u00f1os, despu\u00e9s de haber reinado durante  tres a\u00f1os sobre toda Judea. Quedaron su hijo Agripa II y sus hijas  Berenice. <\/p>\n\n\n\n<p class=\"wp-block-paragraph\">&#8211;<span style=\"text-decoration:underline;\">Mas sobre Herodes Agripa I<\/span>&#8230; <\/p>\n\n\n\n<p class=\"wp-block-paragraph\">Agripa I, tambi\u00e9n llamado el Grande, era nieto de Herodes el Grande y Mariamne,  hijo de Arist\u00f3bulo y hermano de Herod\u00edas. La historia de su vida y su caprichosa suerte es m\u00e1s fant\u00e1stica que las novelas. <\/p>\n\n\n\n<p class=\"wp-block-paragraph\">Durante el reinado de Tiberio estaba  endeudado y preso en Roma. Pero Cayo, quien lleg\u00f3 al trono en 37 d.C., lo nombr\u00f3  rey de todos los territorios antes gobernados por Filipo y Lisanias, a lo cual se le a\u00f1adi\u00f3 el tetrarcado de Antipas, cuando \u00e9ste fue desterrado en 39 d.C.  (<em>\u00abAntig\u00fcedades\u00bb, XVII, VI, VII<\/em>). <\/p>\n\n\n\n<p class=\"wp-block-paragraph\">Dos a\u00f1os despu\u00e9s el emperador Claudio, a quien hab\u00eda ayudado Agripa a alcanzar el trono, le dio tambi\u00e9n Samaria y Judea (<em>Ib\u00edd..  XIX, IV, 1<\/em>), de modo que el reino que lleg\u00f3 a poseer fue mayor que el de su abuelo Herodes (<em>Ib\u00edd.. XIX, V, 1<\/em>). Como todos los otros Herodes, \u00e9l tambi\u00e9n fue un constructor, y, seg\u00fan Josefo, fortaleci\u00f3 las murallas de Jerusal\u00e9n de tal modo que el Emperador se alarm\u00f3 y le orden\u00f3 \u00ab<em>abandonar la construcci\u00f3n de las  murallas inmediatamente\u00bb<\/em> (<em>Ib\u00edd.. XIX, VII, 2<\/em>). <\/p>\n\n\n\n<div class=\"wp-block-image\"><figure class=\"alignright size-large is-resized\"><img data-recalc-dims=\"1\" loading=\"lazy\" decoding=\"async\" data-attachment-id=\"41050\" data-permalink=\"https:\/\/atravesdelasescrituras.com\/es_es\/herodes-agripa-1-juicio\/\" data-orig-file=\"https:\/\/atravesdelasescrituras.com\/wp-content\/uploads\/2019\/09\/herodes-agripa-1-juicio.jpg\" data-orig-size=\"332,400\" data-comments-opened=\"1\" data-image-meta=\"{&quot;aperture&quot;:&quot;0&quot;,&quot;credit&quot;:&quot;&quot;,&quot;camera&quot;:&quot;&quot;,&quot;caption&quot;:&quot;&quot;,&quot;created_timestamp&quot;:&quot;0&quot;,&quot;copyright&quot;:&quot;&quot;,&quot;focal_length&quot;:&quot;0&quot;,&quot;iso&quot;:&quot;0&quot;,&quot;shutter_speed&quot;:&quot;0&quot;,&quot;title&quot;:&quot;&quot;,&quot;orientation&quot;:&quot;1&quot;}\" data-image-title=\"herodes-agripa-1-juicio\" data-image-description=\"\" data-image-caption=\"\" data-large-file=\"https:\/\/atravesdelasescrituras.com\/wp-content\/uploads\/2019\/09\/herodes-agripa-1-juicio.jpg\" src=\"https:\/\/i0.wp.com\/atravesdelasescrituras.com\/wp-content\/uploads\/2019\/09\/herodes-agripa-1-juicio.jpg?resize=238%2C292&#038;ssl=1\" alt=\"\" class=\"wp-image-41050\" width=\"238\" height=\"292\" \/><figcaption>Juicio de Dios sobre Herodes Agripa I<\/figcaption><\/figure><\/div>\n\n\n\n<p class=\"wp-block-paragraph\">De sus antecesores asmoneos parece haber heredado su amor y celo por la ley <em>(Ib\u00edd.. XIX, VII, 3<\/em>). <\/p>\n\n\n\n<p class=\"wp-block-paragraph\">Esta caracter\u00edstica, aunada a su deseo de complacer al pueblo (<em>Ib\u00edd<\/em>.), explica porqu\u00e9  encarcel\u00f3 a Pedro y mand\u00f3 matar a Santiago (<em>Hech 12, 1-3<\/em>). <\/p>\n\n\n\n<p class=\"wp-block-paragraph\">Su muerte, descrita en Hech 12, 21-23, lo muestra entregando \u00ab<em>su esp\u00edritu, comido por los gusanos<\/em>\u00ab.  Muri\u00f3 en Cesarea durante un gran festival p\u00fablico, en el que la gente, habi\u00e9ndolo o\u00eddo hablar, dec\u00eda: \u00ab<em>es la voz de un dios y no la de un hombre\u00bb.<\/em> <\/p>\n\n\n\n<p class=\"wp-block-paragraph\">Esto lo llen\u00f3 tanto de orgullo que \u00ab<em>un \u00e1ngel del Se\u00f1or lo golpe\u00f3, ya que no hab\u00eda dado el debido honor a Dios<\/em>\u00ab. <\/p>\n\n\n\n<p class=\"wp-block-paragraph\">Josefo hace b\u00e1sicamente la misma descripci\u00f3n, aunque afirma que un b\u00faho se le apareci\u00f3 al rey para anunciarle su muerte, del mismo modo que se hab\u00eda aparecido anteriormente para anunciarle su buena fortuna <em>(Ib\u00edd.. XIX, VIII, 2<\/em>). <\/p>\n\n\n\n<p class=\"wp-block-paragraph\">Su muerte aconteci\u00f3 en 44 d.C., a sus 44 a\u00f1os de edad y  s\u00e9ptimo de su reinado (<em>Ib\u00edd<\/em>..). Gr\u00e4tz lo considera uno de los mejores Herodes (<em>Gesch.  d. Jud., III, xii; Hist. (ingl\u00e9s), II, vii<\/em>), pero los cristianos no est\u00e1n muy dispuestos a afirmar lo mismo. <\/p>\n\n\n\n<div class=\"wp-block-image\"><figure class=\"aligncenter size-large\"><img data-recalc-dims=\"1\" loading=\"lazy\" decoding=\"async\" width=\"300\" height=\"145\" data-attachment-id=\"41051\" data-permalink=\"https:\/\/atravesdelasescrituras.com\/es_es\/agripa-i\/\" data-orig-file=\"https:\/\/atravesdelasescrituras.com\/wp-content\/uploads\/2019\/09\/agripa-i.jpg\" data-orig-size=\"300,145\" data-comments-opened=\"1\" data-image-meta=\"{&quot;aperture&quot;:&quot;0&quot;,&quot;credit&quot;:&quot;&quot;,&quot;camera&quot;:&quot;&quot;,&quot;caption&quot;:&quot;&quot;,&quot;created_timestamp&quot;:&quot;0&quot;,&quot;copyright&quot;:&quot;&quot;,&quot;focal_length&quot;:&quot;0&quot;,&quot;iso&quot;:&quot;0&quot;,&quot;shutter_speed&quot;:&quot;0&quot;,&quot;title&quot;:&quot;&quot;,&quot;orientation&quot;:&quot;0&quot;}\" data-image-title=\"agripa-i\" data-image-description=\"\" data-image-caption=\"\" data-large-file=\"https:\/\/atravesdelasescrituras.com\/wp-content\/uploads\/2019\/09\/agripa-i.jpg\" src=\"https:\/\/i0.wp.com\/atravesdelasescrituras.com\/wp-content\/uploads\/2019\/09\/agripa-i.jpg?resize=300%2C145&#038;ssl=1\" alt=\"\" class=\"wp-image-41051\" \/><figcaption>Monedas de Agripa I<\/figcaption><\/figure><\/div>\n\n\n\n<hr class=\"wp-block-separator\" \/>\n\n\n\n<ul class=\"wp-block-list\"><li><strong>Herodes Agripa II<\/strong> &#8211; (<em>27 e.C.-100 E.C<\/em>): <\/li><\/ul>\n\n\n\n<p class=\"wp-block-paragraph\"> &#8211; <span style=\"text-decoration:underline;\">Resumen<\/span>: Bisnieto de Herodes el Grande. Era hijo de Herodes Agripa I y su esposa Cipros. Seg\u00fan los historiadores, fue el \u00faltimo de los pr\u00edncipes de la l\u00ednea herodiana.<\/p>\n\n\n\n<div class=\"wp-block-image\"><figure class=\"alignright size-large is-resized\"><img data-recalc-dims=\"1\" loading=\"lazy\" decoding=\"async\" data-attachment-id=\"41053\" data-permalink=\"https:\/\/atravesdelasescrituras.com\/es_es\/herodes-agripa-ii\/\" data-orig-file=\"https:\/\/atravesdelasescrituras.com\/wp-content\/uploads\/2019\/09\/herodes-agripa-ii.jpg\" data-orig-size=\"226,223\" data-comments-opened=\"1\" data-image-meta=\"{&quot;aperture&quot;:&quot;0&quot;,&quot;credit&quot;:&quot;&quot;,&quot;camera&quot;:&quot;&quot;,&quot;caption&quot;:&quot;&quot;,&quot;created_timestamp&quot;:&quot;0&quot;,&quot;copyright&quot;:&quot;&quot;,&quot;focal_length&quot;:&quot;0&quot;,&quot;iso&quot;:&quot;0&quot;,&quot;shutter_speed&quot;:&quot;0&quot;,&quot;title&quot;:&quot;&quot;,&quot;orientation&quot;:&quot;0&quot;}\" data-image-title=\"herodes-agripa-ii\" data-image-description=\"\" data-image-caption=\"\" data-large-file=\"https:\/\/atravesdelasescrituras.com\/wp-content\/uploads\/2019\/09\/herodes-agripa-ii.jpg\" src=\"https:\/\/i0.wp.com\/atravesdelasescrituras.com\/wp-content\/uploads\/2019\/09\/herodes-agripa-ii.jpg?resize=196%2C195&#038;ssl=1\" alt=\"\" class=\"wp-image-41053\" width=\"196\" height=\"195\" \/><\/figure><\/div>\n\n\n\n<p class=\"wp-block-paragraph\">Las Escrituras presentan al rey Herodes Agripa II y a su hermana Berenice en el momento de su visita de cortes\u00eda al gobernador Festo, hacia el a\u00f1o 58 E.C. (<em>Hechos 25:13<\/em>.) Defensa de Pablo delante de \u00e9l.<\/p>\n\n\n\n<p class=\"wp-block-paragraph\">\n-Mas sobre Herodes Agripa I&#8230; \n\n<\/p>\n\n\n\n<p class=\"wp-block-paragraph\">Agripa II era hijo de Agripa I. El emperador Claudio quer\u00eda que Agripa II  heredara el reino de su padre el a\u00f1o 44 d.C., a la muerte de este \u00faltimo, pero se le convenci\u00f3 de que un joven de diecisiete a\u00f1os dif\u00edcilmente podr\u00eda asumir tales responsabilidades (<em>F. Josefo, \u00abAntig\u00fcedades\u00bb, XIX, IX). <\/em><\/p>\n\n\n\n<p class=\"wp-block-paragraph\">Alrededor del a\u00f1o 50 d.C. fue coronado rey de Calcis (<em>F. Josefo, \u00abGuerras\u00bb, II, XII,1)<\/em> y,  posteriormente, gobernante de un territorio mucho m\u00e1s extenso, que inclu\u00eda las  tierras antes regidas por Filipo y Lisanias (<em>Ib\u00edd.. II, XII, 8<\/em>). Tambi\u00e9n fue rey titular de Judea, en donde, en 20 a\u00f1os design\u00f3 siete sumos sacerdotes (<em>Gr\u00e4tz, \u00abGesch.  d. Jud.\u00bb, III, xiv &#8212; \u00abHist.\u00bb (Ingl\u00e9s), II, ix). <\/em><\/p>\n\n\n\n<p class=\"wp-block-paragraph\">Cuando los jud\u00edos quisieron liberarse del dominio romano en tiempos de Floro, Agripa les mostr\u00f3 lo insensato de las medidas de violencia, y les dio un recuento detallado de los vastos recursos del Imperio Romano <em>(F. Josefo \u00abGuerras\u00bb, II, XVI, 4)<\/em>. San Pablo apel\u00f3 a  este rey, a quien el gobernador Festo hab\u00eda turnado su caso (<em>Hech 26<\/em>). <\/p>\n\n\n\n<p class=\"wp-block-paragraph\">El Ap\u00f3stol alaba el conocimiento que ten\u00eda el rey de \u00ablas costumbres y asuntos de los jud\u00edos (v. 3). Igualmente, Josefo apela a su juicio y lo considera un hombre muy admirable: thaumasiotatos (<em>Contra Apio, I, ix).<\/em> <\/p>\n\n\n\n<p class=\"wp-block-paragraph\">No fue, consecuentemente, por pura cortes\u00eda que Festo lo invitara a escuchar lo que Pablo ten\u00eda que decir. Su respuesta a la apelaci\u00f3n del Ap\u00f3stol ha sido interpretada de varias maneras. <\/p>\n\n\n\n<p class=\"wp-block-paragraph\">Parece ser que Pablo no lo convenci\u00f3 del todo, y esta explicaci\u00f3n est\u00e1 m\u00e1s en concordancia con el texto que la que afirma que hay cierta iron\u00eda en las palabras del rey. <\/p>\n\n\n\n<p class=\"wp-block-paragraph\">La indiferencia que \u00e9ste manifiesta, sin embargo, es congruente con la \u00ab<em>gran pompa<\/em>\u00bb con la que su hermana Berenice hab\u00eda ingresado en el sal\u00f3n de audiencias (<em>Hech 25, 23<\/em>). Despu\u00e9s de la ca\u00edda de Jerusal\u00e9n, Agripa II vivi\u00f3 en Roma, donde se dice que muri\u00f3 en el tercer a\u00f1o del reinado de Trajano, 100 d.C. Gr\u00e4tz (<em>Gesch. d. Jud., III, xvii, 410<\/em>) da el per\u00edodo 71-72  d.C. como fecha de su muerte, basado en una lectura m\u00e1s correcta de un texto griego.  <\/p>\n\n\n\n<hr class=\"wp-block-separator\" \/>\n\n\n\n<ul class=\"wp-block-list\"><li><strong>Herodes Filipo &#8211; (4 a.C.-34 E.C):<\/strong><\/li><\/ul>\n\n\n\n<p class=\"wp-block-paragraph\">Hijo de Herodes el Grande por medio de Mariamne II (<em>hija del sumo  sacerdote Sim\u00f3n). <\/em>Filipo fue el primer esposo de Herod\u00edas, que se  divorci\u00f3 de \u00e9l para casarse con Herodes Antipas (<em>hermanastro de Filipo<\/em>).<\/p>\n\n\n\n<div class=\"wp-block-image\"><figure class=\"aligncenter size-large is-resized\"><img data-recalc-dims=\"1\" loading=\"lazy\" decoding=\"async\" data-attachment-id=\"41057\" data-permalink=\"https:\/\/atravesdelasescrituras.com\/es_es\/herodes-filipo\/\" data-orig-file=\"https:\/\/atravesdelasescrituras.com\/wp-content\/uploads\/2019\/09\/herodes-filipo.jpg\" data-orig-size=\"638,479\" data-comments-opened=\"1\" data-image-meta=\"{&quot;aperture&quot;:&quot;0&quot;,&quot;credit&quot;:&quot;&quot;,&quot;camera&quot;:&quot;&quot;,&quot;caption&quot;:&quot;&quot;,&quot;created_timestamp&quot;:&quot;0&quot;,&quot;copyright&quot;:&quot;&quot;,&quot;focal_length&quot;:&quot;0&quot;,&quot;iso&quot;:&quot;0&quot;,&quot;shutter_speed&quot;:&quot;0&quot;,&quot;title&quot;:&quot;&quot;,&quot;orientation&quot;:&quot;0&quot;}\" data-image-title=\"herodes-filipo\" data-image-description=\"\" data-image-caption=\"\" data-large-file=\"https:\/\/atravesdelasescrituras.com\/wp-content\/uploads\/2019\/09\/herodes-filipo.jpg\" src=\"https:\/\/i0.wp.com\/atravesdelasescrituras.com\/wp-content\/uploads\/2019\/09\/herodes-filipo.jpg?resize=413%2C312&#038;ssl=1\" alt=\"\" class=\"wp-image-41057\" width=\"413\" height=\"312\" \/><\/figure><\/div>\n\n\n\n<hr class=\"wp-block-separator\" \/>\n\n\n\n<ul class=\"wp-block-list\"><li><strong>Gobernaban en Israel en tiempos de Yeshua (Jes\u00fas): <\/strong><\/li><\/ul>\n\n\n\n<p class=\"wp-block-paragraph\">&#8211; <strong>Los herodianos<\/strong> <\/p>\n\n\n\n<ul class=\"wp-block-list\"><li>Herodes el Grande (<em>37-4 a.C.<\/em>) <\/li><li>Antipas (<em>4 a.C.-39 d.C, Galilea-Perea)   <\/em><\/li><li>Felipe (<em>4 d.C-34 d.C, Gaulan\u00edtide-Tracon\u00edtide-Batanea)  <\/em><\/li><li>Arquelao (<em>4 a.C.-6 d.C, Judea- Samaria-Idumea) <\/em><\/li><\/ul>\n\n\n\n<p class=\"wp-block-paragraph\">&#8211; <strong>Gobernadores en Judea-Samaria-Idumea<\/strong>:<\/p>\n\n\n\n<ul class=\"wp-block-list\"><li>Coponio (<em>6-9) <\/em><\/li><li>Marco Ambirio (<em>hacia 9-12) <\/em><\/li><li>Annio Rufo (<em>hacia 12-15) <\/em><\/li><li>Valerio Grato (<em>15-26) <\/em><\/li><li>Poncio Pilato (<em>26-36) <\/em><\/li><\/ul>\n\n\n\n<p class=\"wp-block-paragraph\">&#8211; <strong>Sumos sacerdotes en Jerusal\u00e9n<\/strong>:<\/p>\n\n\n\n<ul class=\"wp-block-list\"><li>Sim\u00f3n ben Boetos (<em>24-5 a.C.) <\/em><\/li><li>Mat\u00edas ben Te\u00f3filos (<em>5-4 a.C.) <\/em><\/li><li>Jos\u00e9 ben Ellen (<em>desempe\u00f1\u00f3 el cargo s\u00f3lo para una fiesta) <\/em><\/li><li>Joazar ben Boetos (<em>4 a.C.) <\/em><\/li><li>Eleazar ben Boetos (4 a.C.-?) <\/li><li>Jes\u00fas ben Sie <em>(se desconoce cu\u00e1ndo ejerci\u00f3 sus funciones) <\/em><\/li><li>Joazar ben Boetos (<em>por segunda vez en funciones, del\u00a0? al 6 d.C.) <\/em><\/li><li>Anas ben Seti (<em>6-15 d.C.) <\/em><\/li><li>Ismael ben Fiabi (<em>hacia 15-16) <\/em><\/li><li>Eleazar ben Anas (<em>hacia 16-17) <\/em><\/li><li>Sim\u00f3n ben K\u00e1mitos (<em>hacia 17-18) <\/em><\/li><li>Jos\u00e9 Caifas (<em>hacia 18-36) <\/em><\/li><\/ul>\n\n\n\n<hr class=\"wp-block-separator\" \/>\n\n\n\n<p class=\"wp-block-paragraph\" style=\"text-align:center;\"><em>(Muchas historias y estudios especializados arrojan luz sobre la \u00e9poca y  la  familia herodiana, pero casi todo lo que sabemos de ello nos viene a  trav\u00e9s de  Flavio Josefo. Entre otras, pueden ser consultadas las  siguientes obras: SCH\u00dcRER,  Gesch. d. J\u00fcd. Volkes im Zeitalter Jesu  Christi (Leipzig, 1898-1901), con una  bibliograf\u00eda muy amplia;  traducci\u00f3n inglesa A History. of the Jewish People in  the Time of Jesus  Christ (Edinburgo, 1897-1898); GR\u00c4TZ, Gesch. d. Jud. (III, 11  vols.,  Leipzig); traducci\u00f3n inglesa History of the Jews, 6 vols. (Jew. Pub.  Soc.,  Filadelfia, 1891-1902), sin notas ni referencias, II; MILMAN, The  History of the  Jews (3 vols. New York, 1870); e historias por JOST,  EWALD, etc.; HASTINGS, A  Dictionary. of Christ and the Gospels (New  York, 1907); EDERSHEIM, The Life and Times of Jesus the Messiah, I;  FARRAR, The Herods; FLAVIO JOSEFO, Antig\u00fcedades Judaicas, Libros  XIV-XX; IDEM, Las Guerras de los Jud\u00edos, Libros I y II)<\/em><\/p>\n","protected":false},"excerpt":{"rendered":"<p>(Griego: Herodes, de Heros.) Herodes fue el nombre de muchos gobernantes mencionados en el Nuevo Testamento y en la historia. Ya era conocido desde antes de los Herodes b\u00edblicos (V\u00e9ase Sch\u00fcrer \u00abHist. of the Jewish People\u00bb, etc., Div. I, v. I, p. 416, nota). Los Herodes relacionados con la temprana historia del Cristianismo son los [&hellip;]<\/p>\n","protected":false},"author":80235555,"featured_media":41055,"comment_status":"open","ping_status":"open","sticky":false,"template":"","format":"gallery","meta":{"_coblocks_attr":"","_coblocks_dimensions":"","_coblocks_responsive_height":"","_coblocks_accordion_ie_support":"","_gspb_post_css":"","advanced_seo_description":"","jetpack_seo_html_title":"","jetpack_seo_noindex":false,"jetpack_seo_schema_type":"","_jetpack_newsletter_access":"","_jetpack_dont_email_post_to_subs":false,"_jetpack_newsletter_tier_id":0,"_jetpack_memberships_contains_paywalled_content":false,"_wpcom_ai_launchpad_first_post":false,"_jetpack_feature_clip_id":0,"_jetpack_memberships_contains_paid_content":false,"footnotes":"","jetpack_publicize_message":"","jetpack_publicize_feature_enabled":true,"jetpack_social_post_already_shared":false,"jetpack_social_options":{"image_generator_settings":{"template":"highway","default_image_id":0,"font":"","enabled":false},"version":2},"jetpack_post_was_ever_published":false},"categories":[3908365],"tags":[150954086,14358765,28852258,63079256,686138863,18466,6221322,686138860,727004,266212,63962909,530113,3127827,193314429,686138772,10484437,11179552,686138809,390670029,3049015,535307,748171,6829519,686138870],"class_list":["post-41030","post","type-post","status-publish","format-gallery","has-post-thumbnail","hentry","category-estudios-varios","tag-antiguedades-de-los-judios","tag-aretas","tag-arquelao","tag-cesarea-2","tag-decapitacion-juan-el-bautista","tag-eclipse","tag-flavio-josefo","tag-fortaleza-de-maqueronte","tag-galilea","tag-gratz","tag-guerras-de-los-judios","tag-herodias","tag-herodes","tag-herodes-agripa-i","tag-herodes-agripa-ii","tag-herodes-antipas","tag-herodes-el-grande","tag-herodes-el-tetrarca","tag-herodes-filipo","tag-juan-el-bautista","tag-judea","tag-samaria","tag-templo-de-herodes","tag-voz-de-dios-y-no-de-hombre","post_format-post-format-gallery"],"blocksy_meta":{"styles_descriptor":{"styles":{"desktop":"","tablet":"","mobile":""},"google_fonts":[],"version":7}},"jetpack_publicize_connections":[],"jetpack_likes_enabled":true,"jetpack_sharing_enabled":true,"jetpack_shortlink":"https:\/\/wp.me\/p5HWJ5-aFM","jetpack-related-posts":[],"brizy_media":[],"jetpack_featured_media_url":"https:\/\/atravesdelasescrituras.com\/wp-content\/uploads\/2019\/09\/los-herodes.jpg","_links":{"self":[{"href":"https:\/\/atravesdelasescrituras.com\/es_es\/wp-json\/wp\/v2\/posts\/41030","targetHints":{"allow":["GET"]}}],"collection":[{"href":"https:\/\/atravesdelasescrituras.com\/es_es\/wp-json\/wp\/v2\/posts"}],"about":[{"href":"https:\/\/atravesdelasescrituras.com\/es_es\/wp-json\/wp\/v2\/types\/post"}],"author":[{"embeddable":true,"href":"https:\/\/atravesdelasescrituras.com\/es_es\/wp-json\/wp\/v2\/users\/80235555"}],"replies":[{"embeddable":true,"href":"https:\/\/atravesdelasescrituras.com\/es_es\/wp-json\/wp\/v2\/comments?post=41030"}],"version-history":[{"count":10,"href":"https:\/\/atravesdelasescrituras.com\/es_es\/wp-json\/wp\/v2\/posts\/41030\/revisions"}],"predecessor-version":[{"id":41058,"href":"https:\/\/atravesdelasescrituras.com\/es_es\/wp-json\/wp\/v2\/posts\/41030\/revisions\/41058"}],"wp:featuredmedia":[{"embeddable":true,"href":"https:\/\/atravesdelasescrituras.com\/es_es\/wp-json\/wp\/v2\/media\/41055"}],"wp:attachment":[{"href":"https:\/\/atravesdelasescrituras.com\/es_es\/wp-json\/wp\/v2\/media?parent=41030"}],"wp:term":[{"taxonomy":"category","embeddable":true,"href":"https:\/\/atravesdelasescrituras.com\/es_es\/wp-json\/wp\/v2\/categories?post=41030"},{"taxonomy":"post_tag","embeddable":true,"href":"https:\/\/atravesdelasescrituras.com\/es_es\/wp-json\/wp\/v2\/tags?post=41030"}],"curies":[{"name":"wp","href":"https:\/\/api.w.org\/{rel}","templated":true}]}}