{"id":41133,"date":"2019-10-02T14:39:47","date_gmt":"2019-10-02T14:39:47","guid":{"rendered":"http:\/\/atravesdelasescrituras.com\/?p=41133"},"modified":"2019-10-24T17:54:06","modified_gmt":"2019-10-24T17:54:06","slug":"rosh-hashanah-o-yom-truah","status":"publish","type":"post","link":"https:\/\/atravesdelasescrituras.com\/es_es\/2019\/10\/02\/rosh-hashanah-o-yom-truah\/","title":{"rendered":"\u00bfRo\u2019sh Hashan\u00e1h \u00f3 Yom tru\u2019\u00e1h?"},"content":{"rendered":"\n<p class=\"wp-block-paragraph\">Esa es la  gran pregunta que muchos se hacen y que de cuando en cuando genera controversias innecesarias, porque unos de inmediato afirman que el inicio de a\u00f1o seg\u00fan \u00c9xodo 12 es en el mes de Aviv\/Nis\u00e1n no obstante es sano observar los argumentos que existen a favor de la opini\u00f3n de que es en \u2018Etanim\/Tishr\u00e9y para poder ser capaces de desarrollar un sano debate (<em>Qin\u2019at sofrim<\/em>). <\/p>\n\n\n\n<p class=\"wp-block-paragraph\">A continuaci\u00f3n, se recrea lo que ser\u00eda una discusi\u00f3n al respecto entre dos personas:<\/p>\n\n\n\n<p class=\"wp-block-paragraph\">Vayamos a Ex 12:1-2:<\/p>\n\n\n\n<p class=\"has-text-align-center wp-block-paragraph\"><em>\u201c&#8230;Dijo YHWH a Mosh\u00e9h y a \u2018Ahar\u00f3n en tierra de Mitzr\u00e1yim (Egipto) como sigue: \u2018Este mes es para ustedes Cabeza de meses (Ro\u2019sh jodashim); Primero \u00e9l para ustedes, para los meses del a\u00f1o\u2019&#8230;\u00bb<\/em><\/p>\n\n\n\n<p class=\"wp-block-paragraph\">-Precisamente, mira como dice \u201c<em>\u2026en tierra de Mitzr\u00e1yim<\/em>\u201d, significa que antes ya exist\u00eda o se manejaba otro calendario que pod\u00eda provenir desde la creaci\u00f3n (<em>cf. Gen 7:11<\/em>); pero ordena esta fecha como memorial; adem\u00e1s, dice ro\u2019sh jodashim (<em>Cabeza de meses<\/em>) y no Ro\u2019sh Hashanah (<em>cabeza del a\u00f1o<\/em>), esto quiere decir que Aviv\/Nisan ser\u00eda el principal de los meses o de las lunas nuevas (<em>Rosh=principal)<\/em> y no el comienzo del a\u00f1o pues&#8230;<\/p>\n\n\n\n<p class=\"has-text-align-center wp-block-paragraph\">\u00bfNo te parece que se alterar\u00eda el c\u00f3mputo de los tiempos?-<\/p>\n\n\n\n<p class=\"wp-block-paragraph\">-\u00a1Err\u00e1is ignorando la escrituras! \u00bfC\u00f3mo lees?: \u201cPrimero \u00e9l para ustedes, para los meses del a\u00f1o\u201dLa palabra es Ri\u2019shon (<em>primero<\/em>) derivado de Ro\u2019sh (<em>cabeza<\/em>) y adem\u00e1s todas las fiestas est\u00e1n ordenadas con respecto a este mes. <em>(cf Lv 23<\/em>)- <\/p>\n\n\n\n<p class=\"has-text-align-center wp-block-paragraph\">-\u00a1Pero no me dices nada del calendario anterior!-<\/p>\n\n\n\n<p class=\"wp-block-paragraph\">-es que no importa porque ya se instituye uno nuevo- <\/p>\n\n\n\n<p class=\"wp-block-paragraph\">-Bueno, entonces que opinas de esto: El hecho de que diga primero no anula que se entienda como principal; adem\u00e1s, la preposici\u00f3n hebrea Le- \u05dc, (<em>usualmente \u201cpara\u201d<\/em>) se puede traducir \u201c<em>Como<\/em>\u201d o \u201c<em>Con respecto a\u2026<\/em>\u201d de modo que yo entiendo f\u00e1cilmente el verso \u201c<em>Rishon Hu\u2019 lajem lejodsh\u00e9y hashan\u00e1h<\/em>\u201d como: \u201c<em>Principal \u00e9l con respecto a los meses del a\u00f1o\u201d,<\/em> y no me digas que no se puede-. <\/p>\n\n\n\n<p class=\"wp-block-paragraph\">-Bueno, s\u00ed, no te lo puedo negar-.<\/p>\n\n\n\n<p class=\"wp-block-paragraph\">-Pero Entonces \u00bfpor qu\u00e9 no se menciona en la Biblia? \u2013 <br><\/p>\n\n\n\n<p class=\"wp-block-paragraph\"> -\u00a1Claro que s\u00ed! <\/p>\n\n\n\n<p class=\"wp-block-paragraph\">-\u00bfd\u00f3nde?-; <\/p>\n\n\n\n<p class=\"wp-block-paragraph\">\u00bfNo has le\u00eddo Ezequiel 40:1? <br> <\/p>\n\n\n\n<p class=\"has-text-align-center wp-block-paragraph\">Ezequiel 40:1 &#8211; <em>\u201c&#8230;En el vig\u00e9simo quinto (25) a\u00f1o con respecto a \u05dc nuestra cautividad, en Ro\u2019sh Hashan\u00e1h (inicio de a\u00f1o), en el d\u00e9cimo del mes (o sea en Pleno Yom hakipurim), en el d\u00e9cimo cuarto a\u00f1o despu\u00e9s que la ciudad fuera herida\u2026\u201d<\/em><\/p>\n\n\n\n<p class=\"wp-block-paragraph\">-\u00bfY como sabes que este Ro\u2019sh Hashan\u00e1h no es \u2018Aviv\/Nis\u00e1n sino \u2018Etanim Tishr\u00e9y?-<\/p>\n\n\n\n<p class=\"wp-block-paragraph\">\u00bfNo ves que dice \u201cen el mes S\u00e9ptimo? &#8211; Adem\u00e1s, la ciudad fue \u201cherida\u201d (<em>refiri\u00e9ndose a la brecha del muro<\/em>) el 9 de Av (<em>mes cuarto con respecto a las fiestas)<\/em>, as\u00ed que los 25 a\u00f1os se cumplen el 10 de Etanin y no el 10 de Nis\u00e1n  \u00bfves? (<em>2 R 25:3<\/em>) pues si ves la otra cara e la moneda te das cuenta que  \u2018Av es el mes  11\u00b0 con respecto a \u2018Etanim -; <\/p>\n\n\n\n<p class=\"wp-block-paragraph\">-Pero Num.29:1 lo llama Yom tru\u2019ah (<em>D\u00eda del sonido del cuerno<\/em>)-: <\/p>\n\n\n\n<p class=\"has-text-align-center wp-block-paragraph\"><em>\u201c&#8230;En el mes s\u00e9ptimo en uno del mes, llamamiento de santidad ser\u00e1 para ustedes; Ninguna obra de trabajo har\u00e1n d\u00eda de tru\u2019ah ser\u00e1 para ustedes..\u201d- <\/em><\/p>\n\n\n\n<p class=\"wp-block-paragraph\">\u2013T\u00fa lo dijiste hace un momento-, \u201clas fiestas se ordenaron con respecto a \u2018Aviv\/Nisan\u201d mas te digo ahora \u00bfEn qu\u00e9 abroga Yom tru\u2019ah a Ro\u2019sh Hashan\u00e1h? \u00bfNo se celebra Sukot (fiesta de los tabern\u00e1culos) en Shabat (d\u00eda de reposo, que a veces casi equivale a S\u00e1bado)? \u00a1y son dos fiestas!,<\/p>\n\n\n\n<p class=\"wp-block-paragraph\">-pero insisto \u00bfpor qu\u00e9 no lo dice?-<\/p>\n\n\n\n<p class=\"wp-block-paragraph\">-porque ya lo sab\u00edan, es obvio; adem\u00e1s porque en realidad su importancia en el modelo del plan de salvaci\u00f3n no es significativa (<em>recuerda que las fiestas tienen mas bien un trasfondo escatol\u00f3gico, no rutinario<\/em>), y porque exist\u00eda una gran flexibilidad ya en los tiempos del Mes\u00edas con respecto a los calendarios. <\/p>\n\n\n\n<p class=\"wp-block-paragraph\">T\u00fa sabes que La mishn\u00e1h (<em>compilaci\u00f3n de la tradici\u00f3n desde el 200 apvm y el 200dpvm<\/em>) , en el orden jaguim (<em>fiestas<\/em>), tratado Ro\u2019sh hashanah, 1:1 dice claramente que exist\u00edan cuatro inicios de a\u00f1o que son: <\/p>\n\n\n\n<ol class=\"wp-block-list\"><li>El de las fiestas y las estaciones Aviv\/Nisan.<\/li><li>El del ganado Elul.<\/li><li>El de los a\u00f1os Etanim\/Tishrey.<\/li><li>El de los \u00e1rboles Shvat. <\/li><\/ol>\n\n\n\n<p class=\"wp-block-paragraph\">Finalmente encontramos como broche de oro, en Lv 28:9-10, otro fundamento para sostener o demostrar que \u2018Etanim\/Tishrey  (<em>mes s\u00e9ptimo en cuanto a fiestas<\/em>), es inicio de a\u00f1o: <\/p>\n\n\n\n<p class=\"has-text-align-center wp-block-paragraph\"><em>\u201c&#8230;Y har\u00e1n pasar shofar-tru\u2019ah (cuerno de toque) en el mes s\u00e9ptimo, en el diez del mes en yom Hakipurim (d\u00eda de la expiaci\u00f3n); har\u00e1n pasar Shofar en toda su tierra (de ustedes) y SANTIFICARAN EL A\u00d1O 50 y proclamaran libertad en la tierra\u201d. O sea que el a\u00f1o 49 se acababa en Elul y el a\u00f1o 50 comenzaba y se santificaba en Etanim\/Tishrey&#8230;\u201d<\/em><\/p>\n\n\n\n<p class=\"wp-block-paragraph\">En Yisra\u2019el existen clim\u00e1ticamente dos per\u00edodos, uno de lluvia que va de \u2018Etanim a \u2018Aviv y uno de sequ\u00eda que va de \u2018Aviv a \u2018Etanim; En nuestro calendario aproximadamente equivale a  Lluvia -de octubre a abril-,  y sequ\u00eda (<em>No-lluvia<\/em>) de mayo a Septiembre. <\/p>\n\n\n\n<p class=\"wp-block-paragraph\">Sucede que si comparamos esto con la obra de Dios nos damos cuenta que  parti\u00f3 estos per\u00edodos  en dos y dej\u00f3 la lluvia \u201c<em>temprana<\/em>\u201d, Yor\u00e9h (<em>lo que queda de Aviv-abril)<\/em>, un per\u00edodo de sequ\u00eda, y luego la lluvia \u201ctard\u00eda\u201d Malqosh  (<em>lo que es desde octubre a Marzo<\/em>) con much\u00edsima m\u00e1s agua que la primera. As\u00ed la segunda venida del Mes\u00edas ser\u00e1 m\u00e1s gloriosa que la primera. <\/p>\n\n\n\n<p class=\"wp-block-paragraph\">-ya he empezado a entender tus argumentos-<\/p>\n\n\n\n<p class=\"wp-block-paragraph\">-Por todo lo anterior, est\u00e1 claro que no hay problema en ver el comienzo de a\u00f1o tanto en \u2018Aviv como en \u2018Etanim  pues cumplen dos funciones bien determinadas y distintas-. <\/p>\n\n\n\n<p class=\"wp-block-paragraph\">En conclusi\u00f3n ambas expresiones son v\u00e1lidas, s\u00f3lo que Dios no nos orden\u00f3 celebrar \u201ca\u00f1o nuevo\u201d sino m\u00e1s bien, recordar la voz que se oy\u00f3 en el monte Sin\u00e1y.<\/p>\n\n\n\n<hr class=\"wp-block-separator\" \/>\n\n\n\n<p class=\"wp-block-paragraph\">1  Pues en tal caso, \u2018Aviv\/Nis\u00e1n quedan antes de que se cumpla el a\u00f1o del suceso.<\/p>\n\n\n\n<p class=\"wp-block-paragraph\">2  Valga el ejemplo de la diferencia entre la fecha de independencia de un pa\u00eds, que ser\u00e1 su mes principal, y el calendario civil que \u00e9ste maneje. En este caso, \u2018Av queda dentro del per\u00edodo a cumplirse en \u2018Etanim.<\/p>\n\n\n\n<ol class=\"wp-block-list\"><li>APVM (<em>antes de la primera venida de Mash\u00edaj<\/em>) y DPVM (<em>despu\u00e9s de la primera venida de Mash\u00edaj<\/em>) : Estas siglas equivalen al A.C y D.C. respectivamente.<\/li><\/ol>\n\n\n\n<hr class=\"wp-block-separator\" \/>\n\n\n\n<p class=\"wp-block-paragraph\">Ap\u00e9ndice:<\/p>\n\n\n\n<p class=\"wp-block-paragraph\">Calendario Hebreo con sus equivalencias: <\/p>\n\n\n\n<p class=\"wp-block-paragraph\">Algunos de los meses del calendario hebreo tienen dos nombres debido a la influencia de la estad\u00eda en Bavel (<em>Babilonia<\/em>). Curiosamente algunos de ellos tienen los nombres de deidades extranjeras que carecieron de todo culto en medio de Israel. La equivalencia con los meses del calendario occidental es dif\u00edcil de fijar dado que los meses son de 29 y 30 d\u00edas y a veces los a\u00f1os traen 13 meses por el ajuste al calendario solar.; es decir los meses se calculan por las fases de la luna y los a\u00f1os por el sol. A continuaci\u00f3n, los meses ordenados en ambos sentidos: seg\u00fan las citas y seg\u00fan el calendario civil:<\/p>\n\n\n\n<figure class=\"wp-block-image\"><img data-recalc-dims=\"1\" fetchpriority=\"high\" decoding=\"async\" width=\"637\" height=\"452\" data-attachment-id=\"41132\" data-permalink=\"https:\/\/atravesdelasescrituras.com\/es_es\/2019\/10\/02\/rosh-hashanah-o-yom-truah\/img_1845\/\" data-orig-file=\"https:\/\/atravesdelasescrituras.com\/wp-content\/uploads\/2019\/09\/img_1845.jpg\" data-orig-size=\"637,452\" data-comments-opened=\"1\" data-image-meta=\"{&quot;aperture&quot;:&quot;0&quot;,&quot;credit&quot;:&quot;&quot;,&quot;camera&quot;:&quot;&quot;,&quot;caption&quot;:&quot;&quot;,&quot;created_timestamp&quot;:&quot;0&quot;,&quot;copyright&quot;:&quot;&quot;,&quot;focal_length&quot;:&quot;0&quot;,&quot;iso&quot;:&quot;0&quot;,&quot;shutter_speed&quot;:&quot;0&quot;,&quot;title&quot;:&quot;&quot;,&quot;orientation&quot;:&quot;1&quot;}\" data-image-title=\"img_1845\" data-image-description=\"\" data-image-caption=\"\" data-large-file=\"https:\/\/atravesdelasescrituras.com\/wp-content\/uploads\/2019\/09\/img_1845.jpg\" src=\"https:\/\/i0.wp.com\/atravesdelasescrituras.com\/wp-content\/uploads\/2019\/09\/img_1845.jpg?resize=637%2C452&#038;ssl=1\" alt=\"\" class=\"wp-image-41132\" \/><\/figure>\n\n\n\n<p class=\"has-text-align-center wp-block-paragraph\"> (Por: Eric de Jes\u00fas Rodr\u00edguez Mendoza, blog: <a href=\"https:\/\/yehoshuamaranata.blogspot.com\">Yehoshua Maranata<\/a>) <\/p>\n","protected":false},"excerpt":{"rendered":"<p>Esa es la gran pregunta que muchos se hacen y que de cuando en cuando genera controversias innecesarias, porque unos de inmediato afirman que el inicio de a\u00f1o seg\u00fan \u00c9xodo 12 es en el mes de Aviv\/Nis\u00e1n no obstante es sano observar los argumentos que existen a favor de la opini\u00f3n de que es en [&hellip;]<\/p>\n","protected":false},"author":80235555,"featured_media":41174,"comment_status":"open","ping_status":"open","sticky":false,"template":"","format":"gallery","meta":{"_coblocks_attr":"","_coblocks_dimensions":"","_coblocks_responsive_height":"","_coblocks_accordion_ie_support":"","_gspb_post_css":"","advanced_seo_description":"","jetpack_seo_html_title":"","jetpack_seo_noindex":false,"jetpack_seo_schema_type":"","_jetpack_newsletter_access":"","_jetpack_dont_email_post_to_subs":false,"_jetpack_newsletter_tier_id":0,"_jetpack_memberships_contains_paywalled_content":false,"_wpcom_ai_launchpad_first_post":false,"_jetpack_feature_clip_id":0,"_jetpack_memberships_contains_paid_content":false,"footnotes":"","jetpack_publicize_message":"","jetpack_publicize_feature_enabled":true,"jetpack_social_post_already_shared":false,"jetpack_social_options":{"image_generator_settings":{"template":"highway","default_image_id":0,"font":"","enabled":false},"version":2},"jetpack_post_was_ever_published":false},"categories":[1460447],"tags":[687585956,687585941,26731,687585910,687585948,308382096,1244765],"class_list":["post-41133","post","type-post","status-publish","format-gallery","has-post-thumbnail","hentry","category-articulos-varios","tag-4-inicios-de-ano","tag-cabeza-del-ano","tag-calendario","tag-dia-de-la-trua","tag-dia-del-sonido-del-cuerno","tag-ezequiel-40","tag-rosh-hashanah","post_format-post-format-gallery"],"blocksy_meta":{"styles_descriptor":{"styles":{"desktop":"","tablet":"","mobile":""},"google_fonts":[],"version":7}},"jetpack_publicize_connections":[],"jetpack_likes_enabled":true,"jetpack_sharing_enabled":true,"jetpack_shortlink":"https:\/\/wp.me\/p5HWJ5-aHr","jetpack-related-posts":[],"brizy_media":[],"jetpack_featured_media_url":"https:\/\/atravesdelasescrituras.com\/wp-content\/uploads\/2019\/10\/rosh-hashanc3a1h-yom-truah.jpg","_links":{"self":[{"href":"https:\/\/atravesdelasescrituras.com\/es_es\/wp-json\/wp\/v2\/posts\/41133","targetHints":{"allow":["GET"]}}],"collection":[{"href":"https:\/\/atravesdelasescrituras.com\/es_es\/wp-json\/wp\/v2\/posts"}],"about":[{"href":"https:\/\/atravesdelasescrituras.com\/es_es\/wp-json\/wp\/v2\/types\/post"}],"author":[{"embeddable":true,"href":"https:\/\/atravesdelasescrituras.com\/es_es\/wp-json\/wp\/v2\/users\/80235555"}],"replies":[{"embeddable":true,"href":"https:\/\/atravesdelasescrituras.com\/es_es\/wp-json\/wp\/v2\/comments?post=41133"}],"version-history":[{"count":4,"href":"https:\/\/atravesdelasescrituras.com\/es_es\/wp-json\/wp\/v2\/posts\/41133\/revisions"}],"predecessor-version":[{"id":41281,"href":"https:\/\/atravesdelasescrituras.com\/es_es\/wp-json\/wp\/v2\/posts\/41133\/revisions\/41281"}],"wp:featuredmedia":[{"embeddable":true,"href":"https:\/\/atravesdelasescrituras.com\/es_es\/wp-json\/wp\/v2\/media\/41174"}],"wp:attachment":[{"href":"https:\/\/atravesdelasescrituras.com\/es_es\/wp-json\/wp\/v2\/media?parent=41133"}],"wp:term":[{"taxonomy":"category","embeddable":true,"href":"https:\/\/atravesdelasescrituras.com\/es_es\/wp-json\/wp\/v2\/categories?post=41133"},{"taxonomy":"post_tag","embeddable":true,"href":"https:\/\/atravesdelasescrituras.com\/es_es\/wp-json\/wp\/v2\/tags?post=41133"}],"curies":[{"name":"wp","href":"https:\/\/api.w.org\/{rel}","templated":true}]}}