{"id":41342,"date":"2019-11-02T08:20:41","date_gmt":"2019-11-02T08:20:41","guid":{"rendered":"http:\/\/atravesdelasescrituras.com\/?p=41342"},"modified":"2019-11-02T08:20:41","modified_gmt":"2019-11-02T08:20:41","slug":"el-mes-de-jeshvan","status":"publish","type":"post","link":"https:\/\/atravesdelasescrituras.com\/es_es\/2019\/11\/02\/el-mes-de-jeshvan\/","title":{"rendered":"El mes de Jeshv\u00e1n"},"content":{"rendered":"\n<figure class=\"wp-block-gallery columns-0 is-cropped wp-block-gallery-1 is-layout-flex wp-block-gallery-is-layout-flex\"><ul class=\"blocks-gallery-grid\"><\/ul><\/figure>\n\n\n\n<p class=\"has-drop-cap wp-block-paragraph\">El mes de <strong>Jeshv\u00e1n<\/strong>\u00a0en\u00a0hebreo:\u00a0\u05d7\u05b6\u05e9\u05b0\u05c1\u05d5\u05b8\u05df; llamado tambi\u00e9n\u00a0<strong>Marjeshv\u00e1n<\/strong>,\u00a0\u05de\u05b7\u05e8\u05b0\u05d7\u05b6\u05e9\u05b0\u05c1\u05d5\u05b8\u05df; del\u00a0idioma acadio, es el <strong>segundo<\/strong> mes del a\u00f1o seg\u00fan el c\u00f3mputo de los meses a partir de Tishrei, mes en el cual fuera creado el mundo, y el <strong>octavo<\/strong> mes seg\u00fan el c\u00f3mputo de los meses a partir de Nis\u00e1n, el mes en el cual los Hijos de Israel hubieron salido de Egipto.<\/p>\n\n\n\n<div class=\"wp-block-image\"><figure class=\"aligncenter size-large\"><img data-recalc-dims=\"1\" fetchpriority=\"high\" decoding=\"async\" width=\"679\" height=\"570\" data-attachment-id=\"41348\" data-permalink=\"https:\/\/atravesdelasescrituras.com\/es_es\/calendario-hebreo\/\" data-orig-file=\"https:\/\/atravesdelasescrituras.com\/wp-content\/uploads\/2019\/11\/calendario-hebreo.jpg\" data-orig-size=\"679,570\" data-comments-opened=\"1\" data-image-meta=\"{&quot;aperture&quot;:&quot;0&quot;,&quot;credit&quot;:&quot;&quot;,&quot;camera&quot;:&quot;&quot;,&quot;caption&quot;:&quot;&quot;,&quot;created_timestamp&quot;:&quot;0&quot;,&quot;copyright&quot;:&quot;&quot;,&quot;focal_length&quot;:&quot;0&quot;,&quot;iso&quot;:&quot;0&quot;,&quot;shutter_speed&quot;:&quot;0&quot;,&quot;title&quot;:&quot;&quot;,&quot;orientation&quot;:&quot;0&quot;}\" data-image-title=\"calendario-hebreo\" data-image-description=\"\" data-image-caption=\"\" data-large-file=\"https:\/\/atravesdelasescrituras.com\/wp-content\/uploads\/2019\/11\/calendario-hebreo.jpg\" src=\"https:\/\/i0.wp.com\/atravesdelasescrituras.com\/wp-content\/uploads\/2019\/11\/calendario-hebreo.jpg?resize=679%2C570&#038;ssl=1\" alt=\"\" class=\"wp-image-41348\" \/><figcaption>Etanim se escribe: \u05d0\u05ea\u05e0\u05d9\u05dd  &#8211; Otro detalle es que el numero ordinal 11 y 12 no se escriben con \u05db y \u05dc sino con: para el 11 = \u05d9\u05f4\u05d0 &#8211; \u05d9\u05f3\u05d0, y para el 12 = \u05d9\u05f4\u05d1 &#8211; \u05d9\u05f3\u05d1<br><\/figcaption><\/figure><\/div>\n\n\n\n<p class=\"wp-block-paragraph\">El nombre de Jeshv\u00e1n tiene su origen en la lengua babilonia, y significa \u201c<em>la octava luna<\/em>\u201d (<em>el octavo mes<\/em>). En las Escrituras no encontramos este nombre, y el mes es llamado en ellas \u201c<strong>el mes octavo<\/strong>\u201d, que es \u201c<em>el mes de Bul\u201d<\/em> &#8211; (<em>I Reyes 6:38<\/em>). Esto tiene diversos significados: \u201c<em>Que el pasto se agosta en el campo\u201d<\/em> (<em>Rash\u00ed<\/em>), y que \u201c<em>las lluvias empiezan en \u00e9l; v\u00e9ase el episodio del diluvio\u201d<\/em> (<em>Radak<\/em>).<\/p>\n\n\n\n<p class=\"wp-block-paragraph\">El nombre completo del \u201c<em>mes octavo<\/em>\u201d es Mar-Jeshv\u00e1n. La palabra \u201c<em>mar<\/em>\u201d significa \u201c<em>gota<\/em>\u201d y hace referencia a las primeras gotas de lluvia que caen en este mes. Hay quienes dicen que el mes recibe el apodo de mar (<em>se\u00f1or<\/em>) porque en \u00e9l no cae ninguna festividad.<\/p>\n\n\n\n<p class=\"wp-block-paragraph\">La Biblia se refiere primeramente a este mes, en una ocasi\u00f3n, como \u00abel mes de\u00a0<strong>Bul<\/strong>\u00bb (\u05d9\u05e8\u05d7 \u05d1\u05d5\u05dc,\u00a0<em>y\u00e9raj Bul<\/em>):\u00a0<\/p>\n\n\n\n<p class=\"has-text-align-center wp-block-paragraph\">1 Reyes 6:38 &#8211; <em>\u00ab&#8230;Y el a\u00f1o once, en el mes de Bul &#8211; que es el mes octavo &#8211; fue acabada la Casa en todas sus partes, seg\u00fan todo su proyecto.\u00a0Salom\u00f3n\u00a0la levant\u00f3 en siete a\u00f1os&#8230;\u00bb<\/em><\/p>\n\n\n\n<p class=\"wp-block-paragraph\">Este nombre es derivado, seg\u00fan se cree, del\u00a0idioma fenicio, ya que el mes s\u00f3lo es as\u00ed mencionado en el contexto de las relaciones comerciales que mantuvo el rey Salom\u00f3n de\u00a0Israel, con el rey\u00a0Hiram\u00a0de\u00a0Fenicia, para proveerse de materiales de construcci\u00f3n para erigir su\u00a0Templo de Jerusal\u00e9n; y se cree que\u00a0<em>Bul<\/em>\u00a0fue el nombre del noveno mes utilizado por los antiguos habitantes de\u00a0Cana\u00e1n, que llamaban a sus meses con terminolog\u00eda relacionada a la agricultura y al clima.<\/p>\n\n\n\n<p class=\"wp-block-paragraph\">Posteriormente, el nombre otorgado al mes de Jeshv\u00e1n en la Biblia fue simplemente \u00abel mes octavo\u00bb, siguiendo la numeraci\u00f3n ordinal, al igual que el resto de los meses del a\u00f1o hebreo en la\u00a0Tor\u00e1:\u00a0<\/p>\n\n\n\n<p class=\"has-text-align-center wp-block-paragraph\">1 Reyes 12:32 &#8211; <em>\u00ab&#8230;Entonces instituy\u00f3\u00a0Jeroboam\u00a0fiesta solemne en el mes octavo, a los quince d\u00edas del mes, conforme a la fiesta solemne que se celebraba en Jud\u00e1; y sacrific\u00f3 sobre un altar&#8230;\u00bb<\/em><\/p>\n\n\n\n<p class=\"wp-block-paragraph\">Su nombre actual, Jeshv\u00e1n, ap\u00f3cope de Marjeshv\u00e1n (que tambi\u00e9n es utilizado), tiene sus or\u00edgenes en los nombres de los meses de la antigua\u00a0Babilonia, provenientes del\u00a0idioma acadio, y de aqu\u00ed fueron adoptados por los jud\u00edos all\u00ed desterrados entre\u00a0586\u00a0a.\u00a0C.\u00a0y\u00a0536\u00a0a.\u00a0C, luego de haber sido llevados al exilio por el rey\u00a0Nabucodonosor II. <\/p>\n\n\n\n<p class=\"wp-block-paragraph\">El nombre Jeshv\u00e1n no figura en la Biblia; s\u00f3lo siete de los doce meses aparecen en ella con sus nombres babil\u00f3nicos:\u00a0Nis\u00e1n,\u00a0Siv\u00e1n,\u00a0Elul,\u00a0Kislev,\u00a0Tevet,\u00a0Shevat\u00a0y\u00a0Adar-; Jeshv\u00e1n s\u00f3lo lo har\u00e1 por primera vez con este nombre, en el\u00a0Talmud.<\/p>\n\n\n\n<p class=\"wp-block-paragraph\">Jeshv\u00e1n cuenta a veces con 29 d\u00edas, y a veces con 30, seg\u00fan las diversas necesidades astron\u00f3micas y eclesi\u00e1sticas del\u00a0calendario hebreo. Es un mes de oto\u00f1o (<em>boreal<\/em>), y es paralelo a los meses gregorianos de octubre y noviembre, seg\u00fan el a\u00f1o. Su signo del\u00a0Zod\u00edaco\u00a0es\u00a0Escorpio, debido a que en este mes se empieza a orar por la lluvia, luego del extenso y seco verano vivido en la Tierra de Israel, y por lo cual es un mes \u00e1vido de agua, tal como lo representa el escorpi\u00f3n del desierto.<\/p>\n\n\n\n<p class=\"wp-block-paragraph\">En el Tana\u00b4j\u00a0 1\u2013 Reyes, 6 \u2013 a este mes se le denomina , literalmente, Luna de Toro -Yareaj Bul- que Rashi, el gran ex\u00e9geta medieval interpreta como que en este mes , al empezar la \u00e9poca de las lluvias, los campos reverdecen y las reses pastan hierba fresca.<\/p>\n\n\n\n<p class=\"wp-block-paragraph\">Algunos acontecimientos B\u00edblicos dados en este mes:<\/p>\n\n\n\n<ul class=\"wp-block-list\"><li>El d\u00eda 11 es el d\u00eda en que muri\u00f3 Raquel (<em>la matriarca<\/em>) y sepultada en Beit Lejem &#8211; (G\u00e9nesis 35:19).<\/li><li>El d\u00eda 17 empez\u00f3 el diluvio universal.<\/li><li>Con el cese de las lluvias de Jeshv\u00e1n , se termino la construcci\u00f3n del Templo de Salom\u00f3n (<em>1 Reyes 6:38<\/em>).<\/li><li>Jeroboam cambio una festividad por su propia iniciativa en este mes &#8211; (<em>I Reyes 12:32-33).<\/em><\/li><\/ul>\n\n\n\n<p class=\"wp-block-paragraph\">El Radak a\u00f1ade que esas lluvias son\u00a0las del diluvio universal y que quitaron la mem (m) de diluvio, mab\u00fal, quedando s\u00f3lo bul, toro.\u00a0 Otros, como Shimoni, sostienen que es porque el mes anterior est\u00e1 dedicado a los sellos (bul\u00edm) con que se sella nuestro destino en el Libro de La Vida.<\/p>\n\n\n\n<ul class=\"wp-block-list\"><li>Otros acontecimientos hist\u00f3ricos en este mes:<\/li><\/ul>\n\n\n\n<ul class=\"wp-block-list\"><li>2 de Jeshv\u00e1n: Saladino conquist\u00f3 Jerusal\u00e9m y puso fin al Reino Cruzado cristiano. Los jud\u00edos fueron autorizados a regresar a Jerusal\u00e9m (<em>en el a\u00f1o 1187<\/em>).<\/li><li>3 de Jeshv\u00e1n: Rab\u00ed Iehud\u00e1 Hejasid concret\u00f3 su ali\u00e1 a Jerusal\u00e9m (<em>5461-1700<\/em>).<\/li><li>6 de Jeshv\u00e1n: Los babilonios sacaron los ojos a Sedequias (<em>Tzidkiahu<\/em>), rey de Jud\u00e1 (<em>II Reyes 25:7<\/em>).<\/li><li>7 de Jeshv\u00e1n: Se fund\u00f3 en la Tierra de Israel P\u00e9taj Tikv\u00e1, \u201c<em>la madre de las colonias<\/em>\u201d (<em>5639-1878<\/em>).<\/li><li>16 de Jeshv\u00e1n: Fueron incendiadas las sinagogas en Alemania y en Austria, en \u201c<em>La Noche de Cristal<\/em>\u201d (<em>5699-1938<\/em>).<\/li><li>17 de Jeshv\u00e1n: D\u00eda de proclamaci\u00f3n de la \u201c<em>Declaraci\u00f3n de Balfour<\/em>\u201d, que anunciara la creaci\u00f3n de un hogar nacional para el pueblo jud\u00edo en la Tierra de Israel (<em>5678- 2 de noviembre de 1917<\/em>). Los nazis crearon el gueto de Varsovia, el m\u00e1s grande en Polonia (<em>5701-1940)<\/em>.<\/li><li>18 de Jeshv\u00e1n: Se reuni\u00f3 en Katowicz la convenci\u00f3n fundacional de Jovevei Tzi\u00f3n (<em>5645-1887<\/em>).<\/li><li>20 de Jeshv\u00e1n: Fue ejecutada Jan\u00e1 Szenes, la paracaidista de la Tierra de Israel (<em>5705-1944)<\/em>.<\/li><\/ul>\n\n\n\n<p class=\"wp-block-paragraph\">.<\/p>\n","protected":false},"excerpt":{"rendered":"<p>El mes de Jeshv\u00e1n\u00a0en\u00a0hebreo:\u00a0\u05d7\u05b6\u05e9\u05b0\u05c1\u05d5\u05b8\u05df; llamado tambi\u00e9n\u00a0Marjeshv\u00e1n,\u00a0\u05de\u05b7\u05e8\u05b0\u05d7\u05b6\u05e9\u05b0\u05c1\u05d5\u05b8\u05df; del\u00a0idioma acadio, es el segundo mes del a\u00f1o seg\u00fan el c\u00f3mputo de los meses a partir de Tishrei, mes en el cual fuera creado el mundo, y el octavo mes seg\u00fan el c\u00f3mputo de los meses a partir de Nis\u00e1n, el mes en el cual los Hijos de Israel [&hellip;]<\/p>\n","protected":false},"author":80235555,"featured_media":41347,"comment_status":"open","ping_status":"open","sticky":false,"template":"","format":"gallery","meta":{"_coblocks_attr":"","_coblocks_dimensions":"","_coblocks_responsive_height":"","_coblocks_accordion_ie_support":"","_gspb_post_css":"","advanced_seo_description":"","jetpack_seo_html_title":"","jetpack_seo_noindex":false,"jetpack_seo_schema_type":"","_jetpack_newsletter_access":"","_jetpack_dont_email_post_to_subs":false,"_jetpack_newsletter_tier_id":0,"_jetpack_memberships_contains_paywalled_content":false,"_wpcom_ai_launchpad_first_post":false,"_jetpack_feature_clip_id":0,"_jetpack_memberships_contains_paid_content":false,"footnotes":"","jetpack_publicize_message":"","jetpack_publicize_feature_enabled":true,"jetpack_social_post_already_shared":false,"jetpack_social_options":{"image_generator_settings":{"template":"highway","default_image_id":0,"font":"","enabled":false},"version":2},"jetpack_post_was_ever_published":false},"categories":[1460447],"tags":[15691805,15462998,689218698,689218734,689218691,689218730,689218729,741956,689218506,689218705,290926599,689218501,689218688,689218728,689218726,60719656],"class_list":["post-41342","post","type-post","status-publish","format-gallery","has-post-thumbnail","hentry","category-articulos-varios","tag-calendario-2","tag-declaracion-de-balfour","tag-fecha-del-diluvio","tag-jana-szenes","tag-jeroboam-cambia-festividad","tag-katowicz","tag-la-noche-de-cristal","tag-lluvia","tag-marjeshvan","tag-mes-de-bul","tag-mes-de-jeshvan","tag-mes-segundo","tag-muerte-de-raquel","tag-petak-tikva","tag-rabi-iehuda-hejasid","tag-sedequias","post_format-post-format-gallery"],"blocksy_meta":{"styles_descriptor":{"styles":{"desktop":"","tablet":"","mobile":""},"google_fonts":[],"version":7}},"jetpack_publicize_connections":[],"jetpack_likes_enabled":true,"jetpack_sharing_enabled":true,"jetpack_shortlink":"https:\/\/wp.me\/p5HWJ5-aKO","jetpack-related-posts":[],"brizy_media":[],"jetpack_featured_media_url":"https:\/\/atravesdelasescrituras.com\/wp-content\/uploads\/2019\/11\/mes-de-jeshvacc81n.png","_links":{"self":[{"href":"https:\/\/atravesdelasescrituras.com\/es_es\/wp-json\/wp\/v2\/posts\/41342","targetHints":{"allow":["GET"]}}],"collection":[{"href":"https:\/\/atravesdelasescrituras.com\/es_es\/wp-json\/wp\/v2\/posts"}],"about":[{"href":"https:\/\/atravesdelasescrituras.com\/es_es\/wp-json\/wp\/v2\/types\/post"}],"author":[{"embeddable":true,"href":"https:\/\/atravesdelasescrituras.com\/es_es\/wp-json\/wp\/v2\/users\/80235555"}],"replies":[{"embeddable":true,"href":"https:\/\/atravesdelasescrituras.com\/es_es\/wp-json\/wp\/v2\/comments?post=41342"}],"version-history":[{"count":5,"href":"https:\/\/atravesdelasescrituras.com\/es_es\/wp-json\/wp\/v2\/posts\/41342\/revisions"}],"predecessor-version":[{"id":41349,"href":"https:\/\/atravesdelasescrituras.com\/es_es\/wp-json\/wp\/v2\/posts\/41342\/revisions\/41349"}],"wp:featuredmedia":[{"embeddable":true,"href":"https:\/\/atravesdelasescrituras.com\/es_es\/wp-json\/wp\/v2\/media\/41347"}],"wp:attachment":[{"href":"https:\/\/atravesdelasescrituras.com\/es_es\/wp-json\/wp\/v2\/media?parent=41342"}],"wp:term":[{"taxonomy":"category","embeddable":true,"href":"https:\/\/atravesdelasescrituras.com\/es_es\/wp-json\/wp\/v2\/categories?post=41342"},{"taxonomy":"post_tag","embeddable":true,"href":"https:\/\/atravesdelasescrituras.com\/es_es\/wp-json\/wp\/v2\/tags?post=41342"}],"curies":[{"name":"wp","href":"https:\/\/api.w.org\/{rel}","templated":true}]}}