{"id":41875,"date":"2020-04-26T12:56:04","date_gmt":"2020-04-26T12:56:04","guid":{"rendered":"http:\/\/atravesdelasescrituras.com\/?p=41875"},"modified":"2020-04-26T13:00:16","modified_gmt":"2020-04-26T13:00:16","slug":"que-fue-anulado-con-la-muerte-del-mesias-el-acta-de-los-decretos-que-es","status":"publish","type":"post","link":"https:\/\/atravesdelasescrituras.com\/es_es\/2020\/04\/26\/que-fue-anulado-con-la-muerte-del-mesias-el-acta-de-los-decretos-que-es\/","title":{"rendered":"\u00bfQu\u00e9 fue anulado con la muerte del Mes\u00edas? &#8211; El acta de los decretos \u00bfQu\u00e9 es?"},"content":{"rendered":"\n<figure class=\"wp-block-gallery columns-0 is-cropped wp-block-gallery-1 is-layout-flex wp-block-gallery-is-layout-flex\"><ul class=\"blocks-gallery-grid\"><\/ul><\/figure>\n\n\n\n<p class=\"has-drop-cap wp-block-paragraph\">La err\u00f3nea interpretaci\u00f3n de Colosenses 2:14 que ense\u00f1an algunas personas se utiliza con frecuencia para respaldar la creencia equivocada de que la ley de Dios fue \u201c<em>anulada<\/em>\u201d y \u201c<em>quitada de en medio<\/em>\u201d por&nbsp;Jesucristo.<\/p>\n\n\n\n<p class=\"wp-block-paragraph\">El vers\u00edculo dice: <\/p>\n\n\n\n<p class=\"has-text-align-center wp-block-paragraph\">\u201c&#8230;<em>anulando el acta de los decretos que hab\u00eda contra nosotros, que nos era contraria, quit\u00e1ndola de en medio y clav\u00e1ndola en la cruz<\/em>&#8230;\u201d<\/p>\n\n\n\n<p class=\"has-text-align-center wp-block-paragraph\">\u00bfSignifica este vers\u00edculo que la ley de Dios fue anulada o clavada en la cruz, como muchos&nbsp;afirman?<\/p>\n\n\n\n<p class=\"wp-block-paragraph\">Primero debemos aclarar que la ley de Dios no est\u00e1 en contra de nosotros. Por el contrario, es \u201c<em>santa, y el mandamiento santo, justo y bueno<\/em>\u201d &#8211; (<em>Romanos 7:12<\/em>) tal como Pablo afirma en Romanos. <\/p>\n\n\n\n<p class=\"wp-block-paragraph\">El mismo Mes\u00edas Yeshua declaro en Mateo que el no vino a darle fin a la ley (Torah) sino que vino a rebosarla (gr. \u03c0\u03bb\u03b7\u03c1\u03cc\u03c9 &#8211; Pler\u00f3o).<\/p>\n\n\n\n<p class=\"has-text-align-center wp-block-paragraph\">Mateo 5:17 &#8211; <em>\u00ab&#8230;No pens\u00e9is que he venido para abrogar la ley o los profetas; no he venido para abrogar, sino para cumplir&#8230;\u00bb <\/em><\/p>\n\n\n\n<p class=\"wp-block-paragraph\">Por tanto la pregunta ser\u00eda:<\/p>\n\n\n\n<p class=\"has-text-align-center wp-block-paragraph\">\u00bfRealmente Pablo afirmaba que la ley de Dios fue anulada?<\/p>\n\n\n\n<p class=\"wp-block-paragraph\">Las cartas de Pablo tienen su profundidad y minuciosidad, en sus tiempos el mismo Pablo fue acusado falsamente de predicar en contra de Mois\u00e9s (Torah)&#8230;<\/p>\n\n\n\n<p class=\"has-text-align-center wp-block-paragraph\">Hechos 21:21 &#8211; \u00ab&#8230;Ahora bien, <strong>han o\u00eddo decir que t\u00fa ense\u00f1as que se aparten de Mois\u00e9s todos los jud\u00edos que viven entre los gentiles<\/strong>. Les recomiendas que no circunciden a sus hijos ni vivan seg\u00fan nuestras costumbres&#8230;\u00bb<\/p>\n\n\n\n<div class=\"wp-block-image\"><figure class=\"alignright size-large is-resized\"><img data-recalc-dims=\"1\" fetchpriority=\"high\" decoding=\"async\" data-attachment-id=\"41883\" data-permalink=\"https:\/\/atravesdelasescrituras.com\/es_es\/dsxdpo2u8aagcer\/\" data-orig-file=\"https:\/\/atravesdelasescrituras.com\/wp-content\/uploads\/2020\/04\/dsxdpo2u8aagcer.jpg\" data-orig-size=\"450,675\" data-comments-opened=\"1\" data-image-meta=\"{&quot;aperture&quot;:&quot;0&quot;,&quot;credit&quot;:&quot;&quot;,&quot;camera&quot;:&quot;&quot;,&quot;caption&quot;:&quot;&quot;,&quot;created_timestamp&quot;:&quot;0&quot;,&quot;copyright&quot;:&quot;&quot;,&quot;focal_length&quot;:&quot;0&quot;,&quot;iso&quot;:&quot;0&quot;,&quot;shutter_speed&quot;:&quot;0&quot;,&quot;title&quot;:&quot;&quot;,&quot;orientation&quot;:&quot;0&quot;}\" data-image-title=\"dsxdpo2u8aagcer\" data-image-description=\"\" data-image-caption=\"\" data-large-file=\"https:\/\/atravesdelasescrituras.com\/wp-content\/uploads\/2020\/04\/dsxdpo2u8aagcer.jpg\" src=\"https:\/\/i0.wp.com\/atravesdelasescrituras.com\/wp-content\/uploads\/2020\/04\/dsxdpo2u8aagcer.jpg?resize=227%2C354&#038;ssl=1\" alt=\"\" class=\"wp-image-41883\" width=\"227\" height=\"354\" \/><\/figure><\/div>\n\n\n\n<p class=\"wp-block-paragraph\">Esta es una acusaci\u00f3n que muchos a\u00fan despues de 2000 a\u00f1os se sigue mencionando acerca de Pablo el d\u00eda de hoy. Pablo presenta su defensa ante esta falsa acusaci\u00f3n que el mismo Santiago (Jacobo) le trasmitio, seg\u00fan el libro de los Hechos Pablo fue un devoto a la ley de Dios, veamos:<\/p>\n\n\n\n<p class=\"has-text-align-center wp-block-paragraph\">Hechos 21:24 &#8211; \u201c\u2026As\u00ed todos sabr\u00e1n <strong>que no son ciertos esos informes <\/strong>acerca de ti, <strong>sino que t\u00fa tambi\u00e9n vives en obediencia a la ley<\/strong> (<em>Torah<\/em>)\u2026\u201d<\/p>\n\n\n\n<p class=\"wp-block-paragraph\">Vemos como en su defensa Pablo lo afirma en Hechos 24:14:<\/p>\n\n\n\n<p class=\"has-text-align-center wp-block-paragraph\">\u201c&#8230;<strong>pues estoy de acuerdo con todo lo que ense\u00f1a la ley y creo lo que est\u00e1 escrito en los profetas<\/strong>\u2026\u201d<\/p>\n\n\n\n<p class=\"wp-block-paragraph\">Una vez teniendo esto en mente del perfil de Pablo que no era anti-Torah, como algunos suponen, sino que ten\u00eda sin embargo una visi\u00f3n elevada de la Torah<em> (ver Romanos 7:12).<\/em><\/p>\n\n\n\n<p class=\"wp-block-paragraph\">Las Escrituras siempre se refieren a la Torah como una bendici\u00f3n para la humanidad (<em>1 Juan 5:3;Deut 4:40; 5:29; 5:33; 6:17-18; 7:12-14; 10:12-13; Salmo 119; etc..<\/em>)<\/p>\n\n\n\n<p class=\"has-text-align-center wp-block-paragraph\">\u00bfEs una carga o una&nbsp;bendici\u00f3n?<\/p>\n\n\n\n<p class=\"wp-block-paragraph\">Yeshua realmente s\u00ed quit\u00f3 algo que estuvo clavado en la cruz. Pero ese algo era el <strong>registro de nuestros pecados<\/strong><em>,<\/em> <strong>nuestras transgresiones, y no la ley de Dios<\/strong>. Un an\u00e1lisis cuidadoso del enunciado original de Pablo (<em>en griego<\/em>) nos mostrar\u00e1 que esto es&nbsp;verdad.<\/p>\n\n\n\n<p class=\"wp-block-paragraph\">Veamos:<\/p>\n\n\n\n<p class=\"has-text-align-center wp-block-paragraph\">&nbsp;<strong>\u1f10\u03be\u03b1\u03bb\u03b5\u03af\u03c8\u03b1\u03c2<\/strong> \u03c4\u1f78 \u03ba\u03b1\u03b8\u1fbf \u1f21\u03bc\u1ff6\u03bd \u03c7\u03b5\u03b9\u03c1\u03cc\u03b3\u03c1\u03b1\u03c6\u03bf\u03bd \u03c4\u03bf\u1fd6\u03c2 \u03b4\u03cc\u03b3\u03bc\u03b1\u03c3\u03b9\u03bd \u1f43 \u1f26\u03bd \u1f51\u03c0\u03b5\u03bd\u03b1\u03bd\u03c4\u03af\u03bf\u03bd \u1f21\u03bc\u1fd6\u03bd, \u03ba\u03b1\u1f76 \u03b1\u1f50\u03c4\u1f78 \u1f26\u03c1\u03ba\u03b5\u03bd \u1f10\u03ba \u03c4\u03bf\u1fe6 \u03bc\u03ad\u03c3\u03bf\u03c5, \u03c0\u03c1\u03bf\u03c3\u03b7\u03bb\u03ce\u03c3\u03b1\u03c2 \u03b1\u1f50\u03c4\u1f78 \u03c4\u1ff7 \u03c3\u03c4\u03b1\u03c5\u03c1\u1ff7\u00b7<\/p>\n\n\n\n<p class=\"wp-block-paragraph\">La palabra griega traducida como \u201c<em>anular<\/em>\u201d en Colosenses 2:14 es <strong>\u1f10\u03be\u03b1\u03bb\u03b5\u03af\u03c8\u03b1\u03c2<\/strong> (<em>exaleipho<\/em>), que significa \u201c<em>quitar, eliminar, anular<\/em>\u201d (Ver <em>W.E. Vine, Diccionario expositivo de palabras Nuevo Testamento, 1984, 1:113). <\/em><\/p>\n\n\n\n<p class=\"wp-block-paragraph\">Las Escrituras siempre utilizan \u1f10\u03be\u03b1\u03bb\u03b5\u03af\u03c8\u03b1\u03c2 <strong>exaleipho en referencia a borrar el <em>pecado<\/em>, no la ley<\/strong>. <\/p>\n\n\n\n<p class=\"wp-block-paragraph\">En Hechos de los Ap\u00f3stoles 3:19 Pedro utiliza esta palabra cuando exhorta a sus oyentes a que se arrepientan y se conviertan para que sean \u201c<em>borrados<\/em>\u201d sus&nbsp;pecados, veamos:<\/p>\n\n\n\n<p class=\"has-text-align-center wp-block-paragraph\"><strong>Hch 3:19<\/strong>&nbsp;&nbsp;\u03bc\u03b5\u03c4\u03b1\u03bd\u03bf\u03ae\u03c3\u03b1\u03c4\u03b5 \u03bf\u1f56\u03bd \u03ba\u03b1\u1f76 \u1f10\u03c0\u03b9\u03c3\u03c4\u03c1\u03ad\u03c8\u03b1\u03c4\u03b5 \u03b5\u1f30\u03c2 \u03c4\u1f78 <strong>\u1f10\u03be\u03b1\u03bb\u03b5\u03b9\u03c6\u03b8\u1fc6\u03bd\u03b1\u03b9<\/strong> \u1f51\u03bc\u1ff6\u03bd \u03c4\u1f70\u03c2 \u1f01\u03bc\u03b1\u03c1\u03c4\u03af\u03b1\u03c2,<\/p>\n\n\n\n<p class=\"wp-block-paragraph\">En el Antiguo Testamento la palabra hebrea majah \u05de\u05b8\u05db\u05b8\u05d4, traducida por \u201c<em>borrar<\/em>\u201d, \u201c<em>limpiar<\/em>\u201d o \u201c<em>raer<\/em>\u201d, es utilizada (<em>de la misma forma que ocurre con exaleipho<\/em>) para las transgresiones y los pecados, de hecho en la LXX (Septuaginta) se utilizo la misma palabra para ese versiculo veamos:<\/p>\n\n\n\n<p class=\"has-text-align-center wp-block-paragraph\"><strong>Isa 43:25<\/strong>&nbsp;&nbsp;\u1f10\u03b3\u03ce \u03b5\u1f30\u03bc\u03b9 \u1f10\u03b3\u03ce \u03b5\u1f30\u03bc\u03b9 \u1f41 <strong>\u1f10\u03be\u03b1\u03bb\u03b5\u03af\u03c6\u03c9\u03bd<\/strong> \u03c4\u1f70\u03c2 \u1f00\u03bd\u03bf\u03bc\u03af\u03b1\u03c2 \u03c3\u03bf\u03c5 \u03ba\u03b1\u1f76 \u03bf\u1f50 \u03bc\u1f74 \u03bc\u03bd\u03b7\u03c3\u03b8\u03ae\u03c3\u03bf\u03bc\u03b1\u03b9.<\/p>\n\n\n\n<p class=\"has-text-align-center wp-block-paragraph\"><strong>Isa 43:25<\/strong>&nbsp;&nbsp;&nbsp;\u05d0\u05b8\u05e0\u05b9\u05db\u05b4\u05d9 \u05d0\u05b8\u05e0\u05b9\u05db\u05b4\u05d9 \u05d4\u05d5\u05bc\u05d0 <strong>\u05de\u05b9\u05d7\u05b6\u05d4<\/strong> \u05e4\u05b0\u05e9\u05b8\u05c1\u05e2\u05b6\u05d9\u05da\u05b8 \u05dc\u05b0\u05de\u05b7\u05e2\u05b2\u05e0\u05b4\u05d9 \u05d5\u05b0\u05d7\u05b7\u05d8\u05b9\u05bc\u05d0\u05ea\u05b6\u05d9\u05da\u05b8 \u05dc\u05b9\u05d0 \u05d0\u05b6\u05d6\u05b0\u05db\u05b9\u05bc\u05e8\u05c3&nbsp;<\/p>\n\n\n\n<p class=\"wp-block-paragraph\">Isa\u00edas cita a Dios, quien dice: <\/p>\n\n\n\n<blockquote class=\"wp-block-quote has-text-align-center is-layout-flow wp-block-quote-is-layout-flow\"><p>\u201c&#8230;Yo soy, yo soy el que <strong>borro<\/strong> (<strong>\u05de\u05b9\u05d7\u05b6\u05d4<\/strong> = <strong>\u1f10\u03be\u03b1\u03bb\u03b5\u03af\u03c6\u03c9\u03bd<\/strong>) tus rebeliones por amor de m\u00ed mismo, y no me acordar\u00e9 de tus pecados&#8230;\u201d <\/p><p>(Isaias 43:25; comparar con Salmos 51:1, 9; \u00c9xodo 32:31-33). <\/p><\/blockquote>\n\n\n\n<p class=\"wp-block-paragraph\">S\u00f3lo los <em>pecados<\/em>, o las personas que se empe\u00f1an en seguir pecando, ser\u00e1n borrados, pero no la ley de Dios<em>.<\/em> Esto se aclara m\u00e1s cuando examinamos la siguiente frase que Pablo utiliza en Colosenses 2:14.<\/p>\n\n\n\n<hr class=\"wp-block-separator\" \/>\n\n\n\n<ul class=\"wp-block-list\"><li><strong>El acta de los&nbsp;decretos:<\/strong><\/li><\/ul>\n\n\n\n<p class=\"wp-block-paragraph\">Los romanos clavaron dos cosas en la cruz cuando ejecutaron a El Mes\u00edas: <\/p>\n\n\n\n<ol class=\"wp-block-list\"><li> A Yeshua mismo.<\/li><li>La inscripci\u00f3n que dec\u00eda que \u00e9l era \u201c<em>rey de los jud\u00edos\u201d<\/em>, El cargo de traici\u00f3n contra Roma esgrimido para&nbsp;ejecutarlo.<\/li><\/ol>\n\n\n\n<p class=\"wp-block-paragraph\">Pero Pablo agrega algo m\u00e1s que tambi\u00e9n fue crucificado (<em>espiritualmente<\/em>) en la cruz del Mes\u00edas: \u201c<em>el acta de los decretos que hab\u00eda contra&nbsp;nosotros\u201d.<\/em><\/p>\n\n\n\n<p class=\"wp-block-paragraph\">La expresi\u00f3n griega traducida por \u201c<em>el acta de los decretos<\/em>\u201d es <em>cheirographon<\/em> <em>tois dogmasin \u03c7\u03b5\u03b9\u03c1\u03cc\u03b3\u03c1\u03b1\u03c6\u03bf\u03bd \u03c4\u03bf\u1fd6\u03c2 \u03b4\u03cc\u03b3\u03bc\u03b1\u03c3\u03b9\u03bd.<\/em> Es el \u00fanico lugar en que se utiliza en el Nuevo&nbsp;Testamento.<\/p>\n\n\n\n<p class=\"wp-block-paragraph\">El diccionario de Friberg explica <em>cheirographon dogma<\/em> como: <\/p>\n\n\n\n<blockquote class=\"wp-block-quote has-text-align-center is-layout-flow wp-block-quote-is-layout-flow\"><p>\u201c&#8230;<em>un documento escrito a mano; si es de asuntos legales, es un pagar\u00e9, registro de deuda, fianza; en sentido figurado [se usa en Colosenses] 2:14 no para referirse a la ley misma, sino al registro de los cargos .\u202f.\u202f. que estaban contra nosotros y que Dios simb\u00f3licamente quit\u00f3 \u2018clav\u00e1ndolos en la cruz\u2019<\/em>&#8230;\u201d <\/p><p>(programa Bible Works [\u201cObras de la&nbsp;Biblia\u201d]).<\/p><\/blockquote>\n\n\n\n<p class=\"wp-block-paragraph\">En el pr\u00f3logo del diccionario de Vine se explica m\u00e1s al respecto: <\/p>\n\n\n\n<blockquote class=\"wp-block-quote has-text-align-center is-layout-flow wp-block-quote-is-layout-flow\"><p>\u201c&#8230;Esto quiere decir un memor\u00e1ndum de deuda, \u2018un pagar\u00e9\u2019 que se usaba en contratos p\u00fablicos y privados, y es un t\u00e9rmino t\u00e9cnico en los papiros griegos. Se han publicado un gran n\u00famero de <em>antiguos pagar\u00e9s, y de \u00e9stos el Dr. Deissmann dice: \u2018una f\u00f3rmula t\u00edpica en estos documentos es la promesa de pagar el dinero que se ha pedido prestado: \u201cYo pagar\u00e9\u201d; y todas esas notas fueron escritas por el deudor o, si no pod\u00eda escribir, por otro en su representaci\u00f3n, con la observaci\u00f3n expl\u00edcita: <\/em><\/p><p><em>\u201cLo he escrito por&nbsp;\u00e9l&#8230;\u00bb<\/em><\/p><\/blockquote>\n\n\n\n<p class=\"wp-block-paragraph\">\u201d<em>En el famoso papiro florentino del 85 d.C., el gobernador de Egipto da esta orden durante un juicio: \u2018Que lo escrito a mano sea tachado\u2019, lo que corresponde a \u2018anular el acta\u2019 de Colosenses 2:14<\/em>\u201d.<\/p>\n\n\n\n<p class=\"wp-block-paragraph\">El Theological Dictionary of the New Testament<em> <\/em>(<em>\u201cDiccionario teol\u00f3gico del Nuevo Testame<\/em>nto\u201d) agrega:<\/p>\n\n\n\n<blockquote class=\"wp-block-quote is-layout-flow wp-block-quote-is-layout-flow\"><p><em>\u201cLa met\u00e1fora del pagar\u00e9 tiene el objetivo de subrayar la afirmaci\u00f3n anterior .\u202f.\u202f. [de que] Dios ha perdonado los pecados. \u00c9l ha cancelado el pagar\u00e9 al tomarlo y clavarlo en la cruz de Cristo\u201d <\/em><\/p><p><em>(Gerhard Kittel, 1995, 9:436).<\/em><\/p><\/blockquote>\n\n\n\n<p class=\"wp-block-paragraph\">El lenguaje de la \u00e9poca de Pablo asocia esta palabra con la escritura a mano de <strong>una deuda legal<\/strong><em> o <\/em><strong>una pena merecida<\/strong><em>,<\/em> no con la ley de&nbsp;Dios.<\/p>\n\n\n\n<p class=\"wp-block-paragraph\">La \u00faltima palabra que vamos a examinar es decretos tal como se utiliza en \u201c<em>el acta de los de<\/em>cretos\u201d. <\/p>\n\n\n\n<p class=\"wp-block-paragraph\">La palabra griega que se utiliza aqu\u00ed es dogmasin \u03b4\u03cc\u03b3\u03bc\u03b1\u03c3\u03b9\u03bd, que \u201c<em>denotaba primariamente una opini\u00f3n firme o un juicio\u201d<\/em> (<em>W.E. Vine, ob. cit., 1:388<\/em>). <\/p>\n\n\n\n<p class=\"wp-block-paragraph\">Esta expresi\u00f3n se utilizaba para designar una sentencia oficial escrita a mano o una acusaci\u00f3n contra alguien por haber transgredido una&nbsp;ley.<\/p>\n\n\n\n<p class=\"wp-block-paragraph\">La Versi\u00f3n Popular traduce as\u00ed este vers\u00edculo: <\/p>\n\n\n\n<p class=\"has-text-align-center wp-block-paragraph\"><em>\u201c&#8230;Dios cancel\u00f3 la deuda que hab\u00eda contra nosotros y que nos obligaba con sus requisitos legales. Puso fin a esa deuda clav\u00e1ndola en la&nbsp;cruz&#8230;\u201d<\/em><\/p>\n\n\n\n<p class=\"wp-block-paragraph\">Tambien me gusta como el N.T de David Stern traducen el verso:<\/p>\n\n\n\n<p class=\"has-text-align-center wp-block-paragraph\">Col 2:14&nbsp;&nbsp;&#8211; <em>\u00ab&#8230;\u00c9l anul\u00f3 todas las acusaciones en contra de nosotros. Por causa de los reglamentos, aparec\u00eda como un testimonio en contra de nosotros, pero \u00e9l lo elimin\u00f3 clav\u00e1ndolo en la estaca de la ejecuci\u00f3n&#8230;\u00bb<\/em><\/p>\n\n\n\n<p class=\"wp-block-paragraph\">Pero en el contexto hebreo los decretos que nos eran en contra era una de las consecuencias de romper el pacto entre Dios y su pueblo.<\/p>\n\n\n\n<p class=\"wp-block-paragraph\">Decretos por tanto equivaldr\u00eda a la palabra hebrea (<em>\u05d0\u05b8\u05dc\u05b8\u05d4 al\u00e1h<\/em>): La \u05d0\u05b8\u05dc\u05b8\u05d4 al\u00e1h <strong>es el pliego de las consecuencias de no estar dentro del pacto\/testamento.<\/strong><\/p>\n\n\n\n<p class=\"wp-block-paragraph\">Es decir cuando un hombre pecaba transgredia la ley de Dios (<em>1 Juan 3:4<\/em>), cuando se transgrede la ley de Dios como consecuencia venia la Al\u00e1h que eran las consecuencias de no permanecer en lo bueno (osease Dios mismo).<\/p>\n\n\n\n<p class=\"wp-block-paragraph\">El ejemplo mas claro lo tenemos en Deut 29:10-12 cuando el Mosh\u00e9 exhorta al pueblo de Israel el no salirse del marco del Pacto para que no le venga la muerte al pueblo:<\/p>\n\n\n\n<p class=\"has-text-align-center wp-block-paragraph\">Deut 29:10-12&nbsp;&#8211; \u00ab&#8230;<strong>Vosotros todos est\u00e1is hoy en presencia de YHWH vuestro Dios<\/strong>; los cabezas de vuestras tribus, vuestros ancianos y vuestros oficiales, todos los varones de Israel; (119 vuestros ni\u00f1os, vuestras mujeres, y tus extranjeros que habitan en medio de tu campamento, desde el que corta tu le\u00f1a hasta el que saca tu agua; (12) <strong>para que entres en el pacto de YHWH tu Dios, y en su juramento (\u05d0\u05b8\u05dc\u05b8\u05d4 Alah), <\/strong>que YHWH tu Dios concierta hoy contigo&#8230;\u00bb<\/p>\n\n\n\n<figure class=\"wp-block-image size-large\"><img data-recalc-dims=\"1\" decoding=\"async\" width=\"1870\" height=\"730\" data-attachment-id=\"41886\" data-permalink=\"https:\/\/atravesdelasescrituras.com\/es_es\/alah\/\" data-orig-file=\"https:\/\/atravesdelasescrituras.com\/wp-content\/uploads\/2020\/04\/alah.jpg\" data-orig-size=\"2560,1000\" data-comments-opened=\"1\" data-image-meta=\"{&quot;aperture&quot;:&quot;0&quot;,&quot;credit&quot;:&quot;&quot;,&quot;camera&quot;:&quot;&quot;,&quot;caption&quot;:&quot;&quot;,&quot;created_timestamp&quot;:&quot;0&quot;,&quot;copyright&quot;:&quot;&quot;,&quot;focal_length&quot;:&quot;0&quot;,&quot;iso&quot;:&quot;0&quot;,&quot;shutter_speed&quot;:&quot;0&quot;,&quot;title&quot;:&quot;&quot;,&quot;orientation&quot;:&quot;0&quot;}\" data-image-title=\"alah\" data-image-description=\"\" data-image-caption=\"\" data-large-file=\"https:\/\/atravesdelasescrituras.com\/wp-content\/uploads\/2020\/04\/alah.jpg\" src=\"https:\/\/i0.wp.com\/atravesdelasescrituras.com\/wp-content\/uploads\/2020\/04\/alah.jpg?resize=1870%2C730&#038;ssl=1\" alt=\"\" class=\"wp-image-41886\" \/><\/figure>\n\n\n\n<hr class=\"wp-block-separator\" \/>\n\n\n\n<ul class=\"wp-block-list\"><li><strong>Lo que ocurri\u00f3 con la&nbsp;crucifixi\u00f3n:<\/strong><\/li><\/ul>\n\n\n\n<p class=\"wp-block-paragraph\">Una buena forma de visualizar esto es analizar en detalle lo que ocurri\u00f3 cuando Yeshua fue crucificado: <\/p>\n\n\n\n<p class=\"has-text-align-center wp-block-paragraph\"><em>\u201c&#8230;Y por encima de su cabeza pusieron un letrero, donde estaba escrita la causa de su condena. El letrero dec\u00eda: \u2018Este es Jes\u00fas, el Rey de los jud\u00edos&#8230;\u201d <\/em><\/p>\n\n\n\n<p class=\"has-text-align-center wp-block-paragraph\"><em>(Mateo 27:37, Versi\u00f3n&nbsp;Popular).<\/em><\/p>\n\n\n\n<p class=\"wp-block-paragraph\">Los dirigentes religiosos jud\u00edos acusaron a Yeshua de querer tomar el lugar del c\u00e9sar como rey de los jud\u00edos. Su cargo espec\u00edfico ante Pilato fue: \u201c<em>Todo el que se hace rey, a C\u00e9sar se opone\u201d<\/em> (<em>Juan 19:12<\/em>).<\/p>\n\n\n\n<p class=\"wp-block-paragraph\">Esto explica por qu\u00e9 Pilato le pregunt\u00f3 a Yeshua: \u201c\u00bfEres t\u00fa el Rey de los jud\u00edos?\u201d &#8211; (<em>Mateo 27:11<\/em>). Cuando Yeshua no quiso defenderse, Pilato admiti\u00f3 la acusaci\u00f3n de los dirigentes jud\u00edos y la colg\u00f3 en la cruz de&nbsp;Yeshua.<\/p>\n\n\n\n<p class=\"wp-block-paragraph\">El decreto escrito a mano que Pilato colg\u00f3 encima de la cabeza de Yeshua declaraba p\u00fablicamente la acusaci\u00f3n oficial por la que hab\u00eda sido crucificado. Implicaba falsamente que Yeshua era culpable de cometer traici\u00f3n en contra del&nbsp;c\u00e9sar.<\/p>\n\n\n\n<p class=\"wp-block-paragraph\">Por lo tanto, Yeshua fue ejecutado oficialmente como un transgresor. La acusaci\u00f3n era falsa, pero al aceptar la pena de muerte por esa falsa acusaci\u00f3n, \u00e9l nos sustituy\u00f3 llevando sobre s\u00ed mismo la pena merecida por nuestros pecados, los cargos leg\u00edtimos que Dios ten\u00eda contra nosotros. <\/p>\n\n\n\n<p class=\"wp-block-paragraph\">As\u00ed \u00e9l \u201c<em>anul\u00f3<\/em>\u201d los cargos que exigen nuestra muerte por nuestra transgresi\u00f3n, y al hacerlo, hizo posible el perd\u00f3n de los pecados (<em>Colosenses 2:13<\/em>).<\/p>\n","protected":false},"excerpt":{"rendered":"<p>La err\u00f3nea interpretaci\u00f3n de Colosenses 2:14 que ense\u00f1an algunas personas se utiliza con frecuencia para respaldar la creencia equivocada de que la ley de Dios fue \u201canulada\u201d y \u201cquitada de en medio\u201d por&nbsp;Jesucristo. El vers\u00edculo dice: \u201c&#8230;anulando el acta de los decretos que hab\u00eda contra nosotros, que nos era contraria, quit\u00e1ndola de en medio y [&hellip;]<\/p>\n","protected":false},"author":80235555,"featured_media":41885,"comment_status":"open","ping_status":"open","sticky":false,"template":"","format":"gallery","meta":{"_coblocks_attr":"","_coblocks_dimensions":"","_coblocks_responsive_height":"","_coblocks_accordion_ie_support":"","_gspb_post_css":"","advanced_seo_description":"","jetpack_seo_html_title":"","jetpack_seo_noindex":false,"jetpack_seo_schema_type":"","_jetpack_newsletter_access":"","_jetpack_dont_email_post_to_subs":false,"_jetpack_newsletter_tier_id":0,"_jetpack_memberships_contains_paywalled_content":false,"_wpcom_ai_launchpad_first_post":false,"_jetpack_feature_clip_id":0,"_jetpack_memberships_contains_paid_content":false,"footnotes":"","jetpack_publicize_message":"","jetpack_publicize_feature_enabled":true,"jetpack_social_post_already_shared":false,"jetpack_social_options":{"image_generator_settings":{"template":"highway","default_image_id":0,"font":"","enabled":false},"version":2},"jetpack_post_was_ever_published":false},"categories":[1460447],"tags":[153342179,1781217,698818654,698818641,382286690,74161444,107438,698818630,698818625,625790,698818627,1259508,698818623],"class_list":["post-41875","post","type-post","status-publish","format-gallery","has-post-thumbnail","hentry","category-articulos-varios","tag-acta-de-los-decretos","tag-alah","tag-anulacion-de-cargos","tag-698818641","tag-borrar-pecados","tag-colosenses-214","tag-crucifixion","tag-fin-de-la-sentencia","tag-nuestras-deudas","tag-pena-de-muerte","tag-perdon-de-nuestra-multa","tag-transgresiones","tag-698818623","post_format-post-format-gallery"],"blocksy_meta":{"styles_descriptor":{"styles":{"desktop":"","tablet":"","mobile":""},"google_fonts":[],"version":7}},"jetpack_publicize_connections":[],"jetpack_likes_enabled":true,"jetpack_sharing_enabled":true,"jetpack_shortlink":"https:\/\/wp.me\/p5HWJ5-aTp","jetpack-related-posts":[{"id":57812,"url":"https:\/\/atravesdelasescrituras.com\/es_es\/2026\/08\/23\/preguntas-y-respuestas-4-a-que-se-refiere-pablo-en-efesios-215-aboliendo-en-su-carne-las-enemistades-la-ley-de-los-mandamientos-expresados-en-ordenanzas\/","url_meta":{"origin":41875,"position":0},"title":"Preguntas y respuestas #4 \u00bfA que se refiere Pablo en Efesios 2:15, Aboliendo en su carne las enemistades, la ley de los mandamientos expresados en ordenanzas?","author":"Daniel L\u00f3pez","date":"23 Ago 2026","format":false,"excerpt":"Bienvenido a esta secci\u00f3n de preguntas y respuestas de A trav\u00e9s de las Escrituras. Aqu\u00ed examinamos cuestiones b\u00edblicas desde una perspectiva mesi\u00e1nica, reconociendo a Yesh\u00faa de Nazaret como el Mes\u00edas de Israel y leyendo el Nuevo Testamento dentro de su contexto cultural jud\u00edo, hist\u00f3rico y literario. Nuestro prop\u00f3sito no es\u2026","rel":"","context":"En \u00abPreguntas y Respuestas\u00bb","block_context":{"text":"Preguntas y Respuestas","link":"https:\/\/atravesdelasescrituras.com\/es_es\/category\/preguntas-y-respuestas\/"},"img":{"alt_text":"","src":"https:\/\/i0.wp.com\/atravesdelasescrituras.com\/wp-content\/uploads\/2026\/08\/A-que-se-refiere-Pablo-en-Efesios-2.15-.jpg?fit=1200%2C675&ssl=1&resize=350%2C200","width":350,"height":200,"srcset":"https:\/\/i0.wp.com\/atravesdelasescrituras.com\/wp-content\/uploads\/2026\/08\/A-que-se-refiere-Pablo-en-Efesios-2.15-.jpg?fit=1200%2C675&ssl=1&resize=350%2C200 1x, https:\/\/i0.wp.com\/atravesdelasescrituras.com\/wp-content\/uploads\/2026\/08\/A-que-se-refiere-Pablo-en-Efesios-2.15-.jpg?fit=1200%2C675&ssl=1&resize=525%2C300 1.5x, https:\/\/i0.wp.com\/atravesdelasescrituras.com\/wp-content\/uploads\/2026\/08\/A-que-se-refiere-Pablo-en-Efesios-2.15-.jpg?fit=1200%2C675&ssl=1&resize=700%2C400 2x, https:\/\/i0.wp.com\/atravesdelasescrituras.com\/wp-content\/uploads\/2026\/08\/A-que-se-refiere-Pablo-en-Efesios-2.15-.jpg?fit=1200%2C675&ssl=1&resize=1050%2C600 3x"},"classes":[]},{"id":52472,"url":"https:\/\/atravesdelasescrituras.com\/es_es\/2025\/03\/09\/pablo-y-el-shabat\/","url_meta":{"origin":41875,"position":1},"title":"Pablo y el Shabat","author":"Daniel L\u00f3pez","date":"9 Mar 2025","format":false,"excerpt":"\u00bfEnse\u00f1\u00f3 Pablo a sus conversos que no ten\u00edan la obligaci\u00f3n de observar el s\u00e9ptimo d\u00eda como d\u00eda de reposo? Hist\u00f3ricamente, la mayor\u00eda de los cristianos han sostenido y siguen sosteniendo este punto de vista. En general, han cre\u00eddo que Pablo ense\u00f1\u00f3 la terminaci\u00f3n en la Cruz de la ley del\u2026","rel":"","context":"En \u00abArt\u00edculos varios\u00bb","block_context":{"text":"Art\u00edculos varios","link":"https:\/\/atravesdelasescrituras.com\/es_es\/category\/articulos-varios\/"},"img":{"alt_text":"","src":"https:\/\/i0.wp.com\/atravesdelasescrituras.com\/wp-content\/uploads\/2025\/03\/pablo-y-el-shabat.jpg?fit=1200%2C675&ssl=1&resize=350%2C200","width":350,"height":200,"srcset":"https:\/\/i0.wp.com\/atravesdelasescrituras.com\/wp-content\/uploads\/2025\/03\/pablo-y-el-shabat.jpg?fit=1200%2C675&ssl=1&resize=350%2C200 1x, https:\/\/i0.wp.com\/atravesdelasescrituras.com\/wp-content\/uploads\/2025\/03\/pablo-y-el-shabat.jpg?fit=1200%2C675&ssl=1&resize=525%2C300 1.5x, https:\/\/i0.wp.com\/atravesdelasescrituras.com\/wp-content\/uploads\/2025\/03\/pablo-y-el-shabat.jpg?fit=1200%2C675&ssl=1&resize=700%2C400 2x, https:\/\/i0.wp.com\/atravesdelasescrituras.com\/wp-content\/uploads\/2025\/03\/pablo-y-el-shabat.jpg?fit=1200%2C675&ssl=1&resize=1050%2C600 3x"},"classes":[]},{"id":33661,"url":"https:\/\/atravesdelasescrituras.com\/es_es\/2017\/01\/13\/abolio-el-mesias-la-torah-introduccion\/","url_meta":{"origin":41875,"position":2},"title":"\u00bfAboli\u00f3 el Mes\u00edas la Torah? \u2013 Introducci\u00f3n","author":"Daniel L\u00f3pez","date":"13 Ene 2017","format":"gallery","excerpt":"\u201cMuchos que se consideran cristianos sinceros dicen que las leyes de Dios del Antiguo Testamento acerca del s\u00e1bado, los d\u00edas santos, los alimentos limpios o inmundos y el diezmo; fueron abolidas y no tienen ninguna relevancia para los cristianos del Nuevo Testamento\u201d Supuestamente, mediante el sacrificio de Jesucristo, fueron \"clavadas\u2026","rel":"","context":"En \u00abEstudios B\u00edblicos\u00bb","block_context":{"text":"Estudios B\u00edblicos","link":"https:\/\/atravesdelasescrituras.com\/es_es\/category\/estudios-biblicos\/"},"img":{"alt_text":"","src":"https:\/\/i0.wp.com\/atravesdelasescrituras.com\/wp-content\/uploads\/2017\/01\/15591357_706430299525931_8297763443024729870_o.jpg?resize=350%2C200&ssl=1","width":350,"height":200,"srcset":"https:\/\/i0.wp.com\/atravesdelasescrituras.com\/wp-content\/uploads\/2017\/01\/15591357_706430299525931_8297763443024729870_o.jpg?resize=350%2C200&ssl=1 1x, https:\/\/i0.wp.com\/atravesdelasescrituras.com\/wp-content\/uploads\/2017\/01\/15591357_706430299525931_8297763443024729870_o.jpg?resize=525%2C300&ssl=1 1.5x, https:\/\/i0.wp.com\/atravesdelasescrituras.com\/wp-content\/uploads\/2017\/01\/15591357_706430299525931_8297763443024729870_o.jpg?resize=700%2C400&ssl=1 2x"},"classes":[]},{"id":37204,"url":"https:\/\/atravesdelasescrituras.com\/es_es\/2017\/04\/23\/la-alimentacion-la-biblia\/","url_meta":{"origin":41875,"position":3},"title":"La Alimentaci\u00f3n &amp; la Biblia","author":"Daniel L\u00f3pez","date":"23 Abr 2017","format":"gallery","excerpt":"En este estudio analizaremos lo que dice la Biblia sobre la alimentaci\u00f3n y su importancia. Sencillamente la alimentaci\u00f3n es un tema del que las Escrituras dan una gran importancia y a pesar de que no se tiene en la cristiandad muy en cuenta o se tiene una idea subjetiva de\u2026","rel":"","context":"En \u00abEstudios Varios\u00bb","block_context":{"text":"Estudios Varios","link":"https:\/\/atravesdelasescrituras.com\/es_es\/category\/estudios-varios\/"},"img":{"alt_text":"","src":"https:\/\/i0.wp.com\/atravesdelasescrituras.com\/wp-content\/uploads\/2017\/04\/alimentos.jpg?resize=350%2C200&ssl=1","width":350,"height":200,"srcset":"https:\/\/i0.wp.com\/atravesdelasescrituras.com\/wp-content\/uploads\/2017\/04\/alimentos.jpg?resize=350%2C200&ssl=1 1x, https:\/\/i0.wp.com\/atravesdelasescrituras.com\/wp-content\/uploads\/2017\/04\/alimentos.jpg?resize=525%2C300&ssl=1 1.5x"},"classes":[]},{"id":38982,"url":"https:\/\/atravesdelasescrituras.com\/es_es\/2018\/01\/16\/introduccion\/","url_meta":{"origin":41875,"position":4},"title":"Introducci\u00f3n","author":"Daniel L\u00f3pez","date":"16 Ene 2018","format":"gallery","excerpt":"TOR\u00c1 - Heb.\u00a0\u05ea\u05bc\u05d5\u05d9\u05e8\u05b8\u05d4 = Instrucci\u00f3n, ley, direcci\u00f3n, ense\u00f1anza: La palabra que se traduce como \u201cLey\u201d, en hebreo es:\u00a0Tor\u00e1, que literalmente significa \u201cense\u00f1anza, instrucci\u00f3n\u201d. \u00a0La Tor\u00e1 seg\u00fan Proverbios 3:18 es el arbol de vida y todos los que se aferran a ella son bienaventurados, La Tor\u00e1 es toda ense\u00f1anza de Adonai,\u2026","rel":"","context":"En \u00abEstudios Varios\u00bb","block_context":{"text":"Estudios Varios","link":"https:\/\/atravesdelasescrituras.com\/es_es\/category\/estudios-varios\/"},"img":{"alt_text":"","src":"https:\/\/i0.wp.com\/atravesdelasescrituras.com\/wp-content\/uploads\/2018\/01\/torah-imagen-portada.jpg?resize=350%2C200&ssl=1","width":350,"height":200,"srcset":"https:\/\/i0.wp.com\/atravesdelasescrituras.com\/wp-content\/uploads\/2018\/01\/torah-imagen-portada.jpg?resize=350%2C200&ssl=1 1x, https:\/\/i0.wp.com\/atravesdelasescrituras.com\/wp-content\/uploads\/2018\/01\/torah-imagen-portada.jpg?resize=525%2C300&ssl=1 1.5x, https:\/\/i0.wp.com\/atravesdelasescrituras.com\/wp-content\/uploads\/2018\/01\/torah-imagen-portada.jpg?resize=700%2C400&ssl=1 2x, https:\/\/i0.wp.com\/atravesdelasescrituras.com\/wp-content\/uploads\/2018\/01\/torah-imagen-portada.jpg?resize=1050%2C600&ssl=1 3x"},"classes":[]},{"id":54160,"url":"https:\/\/atravesdelasescrituras.com\/es_es\/2025\/07\/13\/sobre-la-parashat-juqat-la-serpiente-en-el-desierto\/","url_meta":{"origin":41875,"position":5},"title":"Sobre la Parashat Juqat \u00abLa serpiente en el desierto\u00bb","author":"Daniel L\u00f3pez","date":"13 Jul 2025","format":false,"excerpt":"En esta semana estamos estudiando la Parashat\u00a040 Juqat se encuentra en: N\u00fameros 19:1-22:1 \u2014 Juqat (\u05d7\u05bb\u05e7\u05b7\u05bc\u05ea) significa: \u00abDecreto de\u00bb","rel":"","context":"En \u00abSobre la Parash\u00e1\u00bb","block_context":{"text":"Sobre la Parash\u00e1","link":"https:\/\/atravesdelasescrituras.com\/es_es\/category\/sobre-la-parasha\/"},"img":{"alt_text":"","src":"https:\/\/i0.wp.com\/atravesdelasescrituras.com\/wp-content\/uploads\/2025\/07\/sobre-la-parasha-juqat.jpg?fit=1200%2C675&ssl=1&resize=350%2C200","width":350,"height":200,"srcset":"https:\/\/i0.wp.com\/atravesdelasescrituras.com\/wp-content\/uploads\/2025\/07\/sobre-la-parasha-juqat.jpg?fit=1200%2C675&ssl=1&resize=350%2C200 1x, https:\/\/i0.wp.com\/atravesdelasescrituras.com\/wp-content\/uploads\/2025\/07\/sobre-la-parasha-juqat.jpg?fit=1200%2C675&ssl=1&resize=525%2C300 1.5x, https:\/\/i0.wp.com\/atravesdelasescrituras.com\/wp-content\/uploads\/2025\/07\/sobre-la-parasha-juqat.jpg?fit=1200%2C675&ssl=1&resize=700%2C400 2x, https:\/\/i0.wp.com\/atravesdelasescrituras.com\/wp-content\/uploads\/2025\/07\/sobre-la-parasha-juqat.jpg?fit=1200%2C675&ssl=1&resize=1050%2C600 3x"},"classes":[]}],"brizy_media":[],"jetpack_featured_media_url":"https:\/\/atravesdelasescrituras.com\/wp-content\/uploads\/2020\/04\/acta-de-los-decretos.jpg","_links":{"self":[{"href":"https:\/\/atravesdelasescrituras.com\/es_es\/wp-json\/wp\/v2\/posts\/41875","targetHints":{"allow":["GET"]}}],"collection":[{"href":"https:\/\/atravesdelasescrituras.com\/es_es\/wp-json\/wp\/v2\/posts"}],"about":[{"href":"https:\/\/atravesdelasescrituras.com\/es_es\/wp-json\/wp\/v2\/types\/post"}],"author":[{"embeddable":true,"href":"https:\/\/atravesdelasescrituras.com\/es_es\/wp-json\/wp\/v2\/users\/80235555"}],"replies":[{"embeddable":true,"href":"https:\/\/atravesdelasescrituras.com\/es_es\/wp-json\/wp\/v2\/comments?post=41875"}],"version-history":[{"count":13,"href":"https:\/\/atravesdelasescrituras.com\/es_es\/wp-json\/wp\/v2\/posts\/41875\/revisions"}],"predecessor-version":[{"id":41938,"href":"https:\/\/atravesdelasescrituras.com\/es_es\/wp-json\/wp\/v2\/posts\/41875\/revisions\/41938"}],"wp:featuredmedia":[{"embeddable":true,"href":"https:\/\/atravesdelasescrituras.com\/es_es\/wp-json\/wp\/v2\/media\/41885"}],"wp:attachment":[{"href":"https:\/\/atravesdelasescrituras.com\/es_es\/wp-json\/wp\/v2\/media?parent=41875"}],"wp:term":[{"taxonomy":"category","embeddable":true,"href":"https:\/\/atravesdelasescrituras.com\/es_es\/wp-json\/wp\/v2\/categories?post=41875"},{"taxonomy":"post_tag","embeddable":true,"href":"https:\/\/atravesdelasescrituras.com\/es_es\/wp-json\/wp\/v2\/tags?post=41875"}],"curies":[{"name":"wp","href":"https:\/\/api.w.org\/{rel}","templated":true}]}}