{"id":42097,"date":"2020-06-22T20:07:29","date_gmt":"2020-06-22T20:07:29","guid":{"rendered":"http:\/\/atravesdelasescrituras.com\/?p=42097"},"modified":"2020-06-22T20:31:31","modified_gmt":"2020-06-22T20:31:31","slug":"decimos-mes-mes-de-tammuz","status":"publish","type":"post","link":"https:\/\/atravesdelasescrituras.com\/es_es\/2020\/06\/22\/decimos-mes-mes-de-tammuz\/","title":{"rendered":"Decimo mes y el Mes (4) de Tamuz"},"content":{"rendered":"\n<figure class=\"wp-block-gallery columns-0 is-cropped wp-block-gallery-1 is-layout-flex wp-block-gallery-is-layout-flex\"><ul class=\"blocks-gallery-grid\"><\/ul><\/figure>\n\n\n\n<p class=\"has-drop-cap wp-block-paragraph\">Es el d\u00e9cimo mes del a\u00f1o seg\u00fan el c\u00f3mputo de los meses desde la creaci\u00f3n del mundo, y el cuarto mes seg\u00fan el c\u00f3mputo desde el \u00c9xodo de Egipto.<\/p>\n\n\n\n<p class=\"wp-block-paragraph\">El nombre Tamuz es de origen asirio, \u05d6\u05bc\u05d5\u05bc\u05de\u05bc\u05b7\u05ea; <em>du-muzu<\/em>, \u201c<em>Damuzi<\/em>\u201d. En un calendario agr\u00edcola hebreo encontrado en las excavaciones arqueol\u00f3gicas de Gu\u00e9zer, este mes es llamado <em>\u201cel mes de Zamor<\/em>\u201d.<\/p>\n\n\n\n<p class=\"wp-block-paragraph\">Tamuz, tiene sus or\u00edgenes en los nombres de los meses de la antigua Babilonia, de aqu\u00ed fueron adoptados por los jud\u00edos all\u00ed desterrados entre 586&nbsp;a.&nbsp;C. y 536&nbsp;a.&nbsp;C., luego de haber sido llevados al exilio por el rey Nabucodonosor II. Tamuz no es recordado en la Biblia como nombre de este mes, sino al nombrar a la deidad hom\u00f3nima, el dios de la primavera y el florecimiento, que seg\u00fan la mitolog\u00eda babil\u00f3nica, reinaba durante los tres meses de primavera -Nis\u00e1n, Iyar y Siv\u00e1n- mientras que en Tamuz, al llegar el verano, Tammuz mor\u00eda: <\/p>\n\n\n\n<p class=\"has-text-align-center wp-block-paragraph\"><em>\u00abMe llev\u00f3 a la entrada del p\u00f3rtico de la Casa de YHWH que mira al norte, y vi que all\u00ed estaban sentadas las mujeres, llorando a Tammuz\u00bb<\/em> (Ezequiel 8:14). <\/p>\n\n\n\n<p class=\"wp-block-paragraph\">La adopci\u00f3n del nombre de este mes por el nombre de un dios pagano sumerio-babil\u00f3nico, es explicado por algunos acad\u00e9micos y estudiantes jud\u00edos, debido a la herencia sumeria proveniente de Abraham, hijo de Tar\u00e9, quien sali\u00f3 de Ur de los caldeos (G\u00e9n. 11:27-31); y m\u00e1s tarde de Raquel, esposa de Jacob, hija de Lab\u00e1n, de Padan-Aram, en la regi\u00f3n de Mesopotamia, m\u00e1s tarde conocida como Babilonia, cerca de Har\u00e1n, de donde parti\u00f3 Abraham junto con Sara y sus siervos. Raquel sali\u00f3 de Padan-Aram con los dioses de su padre y m\u00e1s tarde Dios le dijo a Jacob que le hiciera altar en Bet-El y \u00e9l orden\u00f3 a su familia que abandonaran a todo otro dios ajeno delante de \u00c9l (G\u00e9n. 12:1-5; 28:1-5; 31:26-37; 35:1-10). <\/p>\n\n\n\n<p class=\"wp-block-paragraph\">Siglos despu\u00e9s, Dios juzg\u00f3 a Jud\u00e1 y los expuls\u00f3 de Su tierra y los envi\u00f3 a Babilonia, donde ellos adoptaron mucho del conocimiento del calendario babil\u00f3nico, y de donde adoptaron la mayor\u00eda de los nombres de los meses actuales del calendario hebreo.<\/p>\n\n\n\n<p class=\"wp-block-paragraph\">El mito de Tamuz tiene muchas versiones, incluyendo una que Maimonides incluye en su \u201cGu\u00eda de los Perplejos\u201d(Parte 3 cap\u00edtulo 9): Tamuz era un dios, que muri\u00f3 y cada a\u00f1o en Rosh Jodesh Tamuz se ten\u00eda que ir a su santuario y llorarlo. La versi\u00f3n de Maimonides es que fue asesinado de \u201cmanera extra\u00f1a\u201d por un rey malvado, y de acuerdo a otras versiones, por su propia mujer. Seg\u00fan ciertas versiones fue el dios del abismo, y seg\u00fan otras representa a la naturaleza que \u201cmuere\u201d en el verano y vuelve a la vida en el invierno.<\/p>\n\n\n\n<p class=\"has-text-align-center wp-block-paragraph\">\u00bfC\u00f3mo pudo aceptar el pueblo jud\u00edo, que luchaba contra la idolatr\u00eda, incorporar la palabra \u201c<em>Tamuz<\/em>\u201d como el nombre de uno de sus meses?<\/p>\n\n\n\n<p class=\"wp-block-paragraph\">La elecci\u00f3n del juda\u00edsmo de adoptar la palabra \u201cTamuz\u201d significa que se puede y se debe hacer un tik\u00fan del culto de Tamuz, y por extensi\u00f3n de la idolatr\u00eda en general. En alg\u00fan lugar, de alguna manera, debe existir un elemento verdadero en la atracci\u00f3n humana hacia la idolatr\u00eda y si meditamos en el ritual que se le hac\u00eda a Tamuz, podremos comprenderlo.<\/p>\n\n\n\n<p class=\"wp-block-paragraph\">Rashi nos explica que una de las razones por las cuales este mes adquiere el nombre de Tamuz es porque en arameo literalmente significa \u00abcalor\u00bb.<\/p>\n\n\n\n<p class=\"wp-block-paragraph\">La mayor\u00eda de los rabinos, por otro lado dicen que haberle escogido ese nombre era, precisamente, combatir la idolatr\u00eda\u2026<\/p>\n\n\n\n<p class=\"wp-block-paragraph\">Tambi\u00e9n, seg\u00fan algunos acad\u00e9micos jud\u00edos, la adopci\u00f3n del nombre del dios caldeo se debe a un principio de redenci\u00f3n asumido por los jud\u00edos, quienes explican la adopci\u00f3n del nombre de este dios, para hacerles recordar la gravedad de su pecado de idolatr\u00eda contra Dios, en el pasado; pues en este mes acontecieron varios eventos relacionados con el grave pecado de idolatr\u00eda cometido por la naci\u00f3n de Israel y m\u00e1s tarde por el pueblo de Jud\u00e1:<\/p>\n\n\n\n<ul class=\"wp-block-list\"><li>En este mes, los israelitas fabricaron y adoraron un becerro de oro, delante de la gloriosa presencia de Dios, desplegada en el monte de Sina\u00ed (\u00c9x. 32:1-6).<\/li><li>En este mes, doce esp\u00edas israelitas salieron a explorar la tierra prometida &nbsp;y regresaron en la v\u00edspera del 9 de Av, tras lo cual diez de ellos guiaron al pueblo a la incredulidad, desobediencia y a la rebeli\u00f3n contra la direcci\u00f3n dada por Dios, por medio de Su profeta Mois\u00e9s (N\u00fam. 13:1-14:38).<\/li><li>Un 3 de Tamuz, Josu\u00e9 orden\u00f3 que el sol se detuviera ante la batalla contra los amorreos, en Gaba\u00f3n (Jos. 10:1-15).<\/li><li>Un 9 de&nbsp;Tamuz, los ej\u00e9rcitos de Babilonia, del rey Nabucodonosor, hicieron una brecha o grieta en las murallas de Jerusal\u00e9n en el a\u00f1o hebreo 3338 (423 aC). &nbsp;Y el rey Sedequ\u00edas de Jud\u00e1, fue capturado y llevado a Babilonia. Tres semanas m\u00e1s tarde (el 9 de Av), se termin\u00f3 la total captura de Jerusal\u00e9n, con la destrucci\u00f3n del Templo y el exilio de la mayor\u00eda de los jud\u00edos a Babilonia.<\/li><li>El 17 de Tamuz, fue cuando los israelitas adoraron al becerro de oro, en el desierto del Sina\u00ed.<\/li><li>Un 17 de Tamuz, el servicio del Templo fue interrumpido y las ofrendas de sacrificios diarios suspendidas, tres semanas antes de la destrucci\u00f3n de los babilonios del Primer Templo en el a\u00f1o 586 a.C.<\/li><li>Otro 17 de Tamuz del a\u00f1o 70 d.C., los ej\u00e9rcitos romanos en el a\u00f1o hebreo 3830 (70 d.C.) tambi\u00e9n hicieron una brecha en los muros de Jerusal\u00e9n.<\/li><li>El 17 de Tamuz fue declarado d\u00eda de ayuno solemne, en el que los jud\u00edos recuerdan cuatro tragedias relacionadas con la destrucci\u00f3n del Segundo Templo de Jerusal\u00e9n:<\/li><li>Los romanos establecieron un sitio contra la ciudad de Jerusal\u00e9n.<\/li><li>Los romanos hicieron una grieta (brecha) en los muros de la ciudad de Jerusal\u00e9n.<\/li><li>Los romanos quemaron el Libro de la Ley<\/li><li>Los romanos colocaron un \u00eddolo en el atrio del Templo.<\/li><li>Tres semanas despu\u00e9s, los romanos quemaron totalmente el Templo de Jerusal\u00e9n, tal como el Mes\u00edas lo hab\u00eda profetizado 40 a\u00f1os antes, en su \u00faltima visita al Templo (Lc. 19:41-44).<\/li><\/ul>\n\n\n\n<figure class=\"wp-block-image size-large\"><img data-recalc-dims=\"1\" fetchpriority=\"high\" decoding=\"async\" width=\"1600\" height=\"297\" data-attachment-id=\"42113\" data-permalink=\"https:\/\/atravesdelasescrituras.com\/es_es\/taanit-46-tamuz\/\" data-orig-file=\"https:\/\/atravesdelasescrituras.com\/wp-content\/uploads\/2020\/06\/taanit-46-tamuz.jpeg\" data-orig-size=\"1600,297\" data-comments-opened=\"1\" data-image-meta=\"{&quot;aperture&quot;:&quot;0&quot;,&quot;credit&quot;:&quot;&quot;,&quot;camera&quot;:&quot;&quot;,&quot;caption&quot;:&quot;&quot;,&quot;created_timestamp&quot;:&quot;0&quot;,&quot;copyright&quot;:&quot;&quot;,&quot;focal_length&quot;:&quot;0&quot;,&quot;iso&quot;:&quot;0&quot;,&quot;shutter_speed&quot;:&quot;0&quot;,&quot;title&quot;:&quot;&quot;,&quot;orientation&quot;:&quot;0&quot;}\" data-image-title=\"taanit-46-tamuz\" data-image-description=\"\" data-image-caption=\"\" data-large-file=\"https:\/\/atravesdelasescrituras.com\/wp-content\/uploads\/2020\/06\/taanit-46-tamuz.jpeg\" src=\"https:\/\/i0.wp.com\/atravesdelasescrituras.com\/wp-content\/uploads\/2020\/06\/taanit-46-tamuz.jpeg?resize=1600%2C297&#038;ssl=1\" alt=\"\" class=\"wp-image-42113\" \/><figcaption>Tratado de Taanit 3:6 &#8211; Mishn\u00e1<\/figcaption><\/figure>\n\n\n\n<p class=\"wp-block-paragraph\">El nombre babilonio del mes de Tamuz se conserv\u00f3 no s\u00f3lo en hebreo, sino tambi\u00e9n en otros idiomas de la zona de influencia, como el turco moderno, en el que el mes de julio se llama <em>\u00abTemmuz\u00bb<\/em>.<\/p>\n\n\n\n<p class=\"wp-block-paragraph\">En las Escrituras se lo menciona varias veces como \u201c<em>el mes cuarto<\/em>\u201d. <\/p>\n\n\n\n<p class=\"has-text-align-center wp-block-paragraph\"><em>\u00ab&#8230;El mes cuarto, el nueve del mes, cuando arreci\u00f3 el hambre en la ciudad y no hab\u00eda pan para la gente del pueblo&#8230;\u00bb<\/em> (2Reyes 25:3).<\/p>\n\n\n\n<div class=\"wp-block-image\"><figure class=\"aligncenter size-large is-resized\"><img data-recalc-dims=\"1\" decoding=\"async\" data-attachment-id=\"42109\" data-permalink=\"https:\/\/atravesdelasescrituras.com\/es_es\/105709004_2862470477196407_4748989055976021876_o\/\" data-orig-file=\"https:\/\/atravesdelasescrituras.com\/wp-content\/uploads\/2020\/06\/105709004_2862470477196407_4748989055976021876_o.jpg\" data-orig-size=\"1536,2048\" data-comments-opened=\"1\" data-image-meta=\"{&quot;aperture&quot;:&quot;0&quot;,&quot;credit&quot;:&quot;&quot;,&quot;camera&quot;:&quot;&quot;,&quot;caption&quot;:&quot;&quot;,&quot;created_timestamp&quot;:&quot;0&quot;,&quot;copyright&quot;:&quot;&quot;,&quot;focal_length&quot;:&quot;0&quot;,&quot;iso&quot;:&quot;0&quot;,&quot;shutter_speed&quot;:&quot;0&quot;,&quot;title&quot;:&quot;&quot;,&quot;orientation&quot;:&quot;0&quot;}\" data-image-title=\"105709004_2862470477196407_4748989055976021876_o\" data-image-description=\"\" data-image-caption=\"\" data-large-file=\"https:\/\/atravesdelasescrituras.com\/wp-content\/uploads\/2020\/06\/105709004_2862470477196407_4748989055976021876_o.jpg\" src=\"https:\/\/i0.wp.com\/atravesdelasescrituras.com\/wp-content\/uploads\/2020\/06\/105709004_2862470477196407_4748989055976021876_o.jpg?resize=374%2C507&#038;ssl=1\" alt=\"\" class=\"wp-image-42109\" width=\"374\" height=\"507\" \/><\/figure><\/div>\n\n\n\n<p class=\"wp-block-paragraph\">Los jud\u00edos que retornaron del exilio de Babilonia introdujeron el uso del nombre Tamuz desde entonces suele ser mencionado as\u00ed en la literatura rab\u00ednica.<\/p>\n\n\n\n<p class=\"wp-block-paragraph\">En tiempos de Tamuz crece el calor estival: \u201c<em>El sol pasea para hacer madurar los frutos y conducirlos al est\u00edo\u201d<\/em> (Mas\u00e9jet Pesajim 94).<\/p>\n\n\n\n<p class=\"wp-block-paragraph\">En Midrash Ialkut Shimon\u00ed (<em>Jerem\u00edas 335<\/em>) se dice: \u201c<em>Somos avergonzados porque hemos o\u00eddo el reproche\u201d <\/em>(<em>Jerem\u00edas 51:51<\/em>); se refiere al 17 de Tamuz. \u201c<em>La confusi\u00f3n cubre nuestros rostros\u201d <\/em>(<em>ib\u00edd., ib\u00edd.<\/em>) se refiere a la destrucci\u00f3n del Primero y el Segundo Templos.<\/p>\n\n\n\n<figure class=\"wp-block-image size-large\"><img data-recalc-dims=\"1\" decoding=\"async\" width=\"1200\" height=\"600\" data-attachment-id=\"42107\" data-permalink=\"https:\/\/atravesdelasescrituras.com\/es_es\/templo-destruido\/\" data-orig-file=\"https:\/\/atravesdelasescrituras.com\/wp-content\/uploads\/2020\/06\/templo-destruido.jpg\" data-orig-size=\"1200,600\" data-comments-opened=\"1\" data-image-meta=\"{&quot;aperture&quot;:&quot;0&quot;,&quot;credit&quot;:&quot;&quot;,&quot;camera&quot;:&quot;&quot;,&quot;caption&quot;:&quot;&quot;,&quot;created_timestamp&quot;:&quot;0&quot;,&quot;copyright&quot;:&quot;&quot;,&quot;focal_length&quot;:&quot;0&quot;,&quot;iso&quot;:&quot;0&quot;,&quot;shutter_speed&quot;:&quot;0&quot;,&quot;title&quot;:&quot;&quot;,&quot;orientation&quot;:&quot;0&quot;}\" data-image-title=\"templo-destruido\" data-image-description=\"\" data-image-caption=\"\" data-large-file=\"https:\/\/atravesdelasescrituras.com\/wp-content\/uploads\/2020\/06\/templo-destruido.jpg\" src=\"https:\/\/i0.wp.com\/atravesdelasescrituras.com\/wp-content\/uploads\/2020\/06\/templo-destruido.jpg?resize=1200%2C600&#038;ssl=1\" alt=\"\" class=\"wp-image-42107\" \/><\/figure>\n\n\n\n<p class=\"wp-block-paragraph\">Los d\u00edas que van desde el 17 de Tamuz, llamado \u201c<em>el ayuno del mes cuarto\u201d<\/em>, hasta el 9 de Av, llamado \u201c<em>el ayuno del mes quinto<\/em>\u201d, constituyen un momento dif\u00edcil para el pueblo jud\u00edo y son llamados \u201c<em>los d\u00edas de las angosturas<\/em>\u201d, tal como dice en el Libro de las Lamentaciones 1:3: <\/p>\n\n\n\n<p class=\"has-text-align-center wp-block-paragraph\">\u201c&#8230;<em>la alcanzan todos sus perseguidores entre las angosturas&#8230;\u201d<\/em><\/p>\n\n\n\n<p class=\"wp-block-paragraph\">Tamuz es el mes del pecado del becerro de oro, que provoc\u00f3 el rompimiento de las Tablas del Dec\u00e1logo por parte de Mois\u00e9s.<\/p>\n\n\n\n<p class=\"wp-block-paragraph\">El ayuno del 17 de Tamuz, es uno de los seis ayunos observados por los jud\u00edos durante el a\u00f1o hebreo y es el primero de los ayunos mencionados en la Biblia llamado \u201c<em>el ayuno del cuarto mes<\/em>\u201d. Fue establecido en evocaci\u00f3n de la destrucci\u00f3n de la muralla de Jerusal\u00e9n, por primera vez por Nabucodonosor de Babilonia, el 9 de Tamuz de 586 a. C. y por segunda vez por el comandante de las legiones romanas, Tito, el d\u00eda 17 de Tamuz del a\u00f1o 70.<\/p>\n\n\n\n<p class=\"wp-block-paragraph\">Los d\u00edas de la angostura es el nombre que adopta el lapso de tres semanas que inicia con el ayuno del 17 de Tamuz y culmina el 9 de Av, d\u00eda de duelo nacional por la destrucci\u00f3n de los dos templos y otras calamidades que acaecieron a los jud\u00edos en la misma fecha.<\/p>\n\n\n\n<p class=\"wp-block-paragraph\">Estos d\u00edas, en los que se minimizan las alegr\u00edas, son conocidos tambi\u00e9n como \u201clas tres semanas de duelo\u201d, tal como dice en Daniel 10:2-3: <\/p>\n\n\n\n<p class=\"has-text-align-center wp-block-paragraph\"><em>\u201cEn aquellos d\u00edas yo, Daniel, guardaba duelo durante tres semanas. No com\u00eda pan delicioso, ni carne ni vino entraban en mi boca, ni me pon\u00eda ung\u00fcentos, as\u00ed hasta que se cumplieron tres semanas\u201d.<\/em><\/p>\n\n\n\n<p class=\"wp-block-paragraph\">Seg\u00fan el profeta Zejari\u00e1 (<em>Zacar\u00edas 8:19<\/em>), \u201c<em>el ayuno del mes cuarto<\/em>\u201d habr\u00e1 de convertirse en el futuro en un d\u00eda de alegr\u00eda, junto con otros tres ayunos b\u00edblicos, y as\u00ed fue&#8230; estamos en la era mesi\u00e1nica!<\/p>\n\n\n\n<p class=\"wp-block-paragraph\">Tamuz cuenta siempre con 29 d\u00edas, y es el mes que marca el comienzo del verano (boreal), paralelo a los meses gregorianos de junio y julio, seg\u00fan el a\u00f1o.<\/p>\n\n\n\n<p class=\"wp-block-paragraph\">El mes de Tamuz est\u00e1 relacionado con la tribu de Rub\u00e9n, quien fue el primog\u00e9nito de Jacob y su nombre significa \u00abel que ve, percibe, discierne, o conoce a un hijo\u00bb (G\u00e9n. 29:32). Su nombre fue inscrito en la piedra de esmeralda, que representaba la vida de sanidad, dar a luz, mar turbulento (agua), agitaci\u00f3n (dolor, sufrimiento); y habla de la resurrecci\u00f3n (vida), la renovaci\u00f3n (sanidad), y la restauraci\u00f3n (perd\u00f3n). Aunque es tambi\u00e9n reconocida su relaci\u00f3n con la piedra de rub\u00ed y su color rojo.<\/p>\n\n\n\n<p class=\"wp-block-paragraph\">La representaci\u00f3n del estandarte var\u00eda seg\u00fan la fuente, pues algunos indican que era un racimo de mandr\u00e1goras (G\u00e9n. 30:14-17; el Midr\u00e1sh); otros se\u00f1alan que era una ola del mar (G\u00e9n. 49:3-4); mientras otros dicen que era una jarra o vasija junto con una espada o espadas cruzadas.<\/p>\n\n\n\n<figure class=\"wp-block-embed-youtube wp-block-embed is-type-rich wp-embed-aspect-16-9 wp-has-aspect-ratio\"><div class=\"wp-block-embed__wrapper\">\n<span class=\"embed-youtube\" style=\"text-align:center; display: block;\"><iframe class=\"youtube-player\" width=\"1870\" height=\"1052\" src=\"https:\/\/www.youtube.com\/embed\/x-U2PtLnPqc?version=3&#038;rel=1&#038;showsearch=0&#038;showinfo=1&#038;iv_load_policy=1&#038;fs=1&#038;hl=es-ES&#038;autohide=2&#038;wmode=transparent\" allowfullscreen=\"true\" style=\"border:0;\" sandbox=\"allow-scripts allow-same-origin allow-popups allow-presentation allow-popups-to-escape-sandbox\"><\/iframe><\/span>\n<\/div><\/figure>\n","protected":false},"excerpt":{"rendered":"<p>Es el d\u00e9cimo mes del a\u00f1o seg\u00fan el c\u00f3mputo de los meses desde la creaci\u00f3n del mundo, y el cuarto mes seg\u00fan el c\u00f3mputo desde el \u00c9xodo de Egipto. El nombre Tamuz es de origen asirio, \u05d6\u05bc\u05d5\u05bc\u05de\u05bc\u05b7\u05ea; du-muzu, \u201cDamuzi\u201d. En un calendario agr\u00edcola hebreo encontrado en las excavaciones arqueol\u00f3gicas de Gu\u00e9zer, este mes es llamado [&hellip;]<\/p>\n","protected":false},"author":80235555,"featured_media":42103,"comment_status":"open","ping_status":"open","sticky":false,"template":"","format":"gallery","meta":{"_coblocks_attr":"","_coblocks_dimensions":"","_coblocks_responsive_height":"","_coblocks_accordion_ie_support":"","_gspb_post_css":"","advanced_seo_description":"","jetpack_seo_html_title":"","jetpack_seo_noindex":false,"jetpack_seo_schema_type":"","_jetpack_newsletter_access":"","_jetpack_dont_email_post_to_subs":false,"_jetpack_newsletter_tier_id":0,"_jetpack_memberships_contains_paywalled_content":false,"_wpcom_ai_launchpad_first_post":false,"_jetpack_feature_clip_id":0,"_jetpack_memberships_contains_paid_content":false,"footnotes":"","jetpack_publicize_message":"","jetpack_publicize_feature_enabled":true,"jetpack_social_post_already_shared":false,"jetpack_social_options":{"image_generator_settings":{"template":"highway","default_image_id":0,"font":"","enabled":false},"version":2},"jetpack_post_was_ever_published":false},"categories":[103627],"tags":[100425718,701516234,9805541,701516286,82241803,4454445,701516287,12330948],"class_list":["post-42097","post","type-post","status-publish","format-gallery","has-post-thumbnail","hentry","category-estudios-biblicos","tag-17-de-tamuz","tag-4-mes-biblico","tag-calendario-hebreo","tag-destruccion-de-las-tablas","tag-destruccion-del-templo","tag-mes-de-ayuno","tag-pecado-del-becerro-de-oro","tag-tamuz","post_format-post-format-gallery"],"blocksy_meta":{"styles_descriptor":{"styles":{"desktop":"","tablet":"","mobile":""},"google_fonts":[],"version":7}},"jetpack_publicize_connections":[],"jetpack_likes_enabled":true,"jetpack_sharing_enabled":true,"jetpack_shortlink":"https:\/\/wp.me\/p5HWJ5-aWZ","jetpack-related-posts":[{"id":2672,"url":"https:\/\/atravesdelasescrituras.com\/es_es\/2016\/04\/11\/el-calendario-biblico\/","url_meta":{"origin":42097,"position":0},"title":"El calendario B\u00edblico","author":"Daniel L\u00f3pez","date":"11 Abr 2016","format":"gallery","excerpt":"CALENDARIO B\u00cdBLICO Las fiestas b\u00edblicas no siguen el calendario romano, sino el calendario b\u00edblico. Algo que distingue al calendario b\u00edblico de todos los dem\u00e1s es que est\u00e1 basado en el ciclo lunar. El inicio del mes b\u00edblico se determina por la luna nueva. El primer d\u00eda del mes es cuando\u2026","rel":"","context":"En \u00abEstudios Varios\u00bb","block_context":{"text":"Estudios Varios","link":"https:\/\/atravesdelasescrituras.com\/es_es\/category\/estudios-varios\/"},"img":{"alt_text":"","src":"https:\/\/i0.wp.com\/atravesdelasescrituras.com\/wp-content\/uploads\/2016\/04\/1-calendario-biblico.png?resize=350%2C200&ssl=1","width":350,"height":200,"srcset":"https:\/\/i0.wp.com\/atravesdelasescrituras.com\/wp-content\/uploads\/2016\/04\/1-calendario-biblico.png?resize=350%2C200&ssl=1 1x, https:\/\/i0.wp.com\/atravesdelasescrituras.com\/wp-content\/uploads\/2016\/04\/1-calendario-biblico.png?resize=525%2C300&ssl=1 1.5x, https:\/\/i0.wp.com\/atravesdelasescrituras.com\/wp-content\/uploads\/2016\/04\/1-calendario-biblico.png?resize=700%2C400&ssl=1 2x"},"classes":[]},{"id":39930,"url":"https:\/\/atravesdelasescrituras.com\/es_es\/2018\/10\/22\/idolatria-el-mayor-de-los-pecados\/","url_meta":{"origin":42097,"position":1},"title":"Idolatr\u00eda el mayor de los pecados","author":"Daniel L\u00f3pez","date":"22 Oct 2018","format":"gallery","excerpt":"(Una investigaci\u00f3n que resume parte de lo que exegetas e intelectuales Jud\u00edos\u00a0y no jud\u00edos han dicho sobre este tema ) \u00c9xodo 32:1-4 - \u201cEl pueblo vio que Mosh\u00e9 se hab\u00eda demorado en descender de la monta\u00f1a, el pueblo se congreg\u00f3 alrededor de Aar\u00f3n y le dijeron: \u201cLev\u00e1ntate, haznos dioses que\u2026","rel":"","context":"En \u00abEstudios B\u00edblicos\u00bb","block_context":{"text":"Estudios B\u00edblicos","link":"https:\/\/atravesdelasescrituras.com\/es_es\/category\/estudios-biblicos\/"},"img":{"alt_text":"","src":"https:\/\/i0.wp.com\/atravesdelasescrituras.com\/wp-content\/uploads\/2018\/10\/idolatria-4.jpg?resize=350%2C200&ssl=1","width":350,"height":200,"srcset":"https:\/\/i0.wp.com\/atravesdelasescrituras.com\/wp-content\/uploads\/2018\/10\/idolatria-4.jpg?resize=350%2C200&ssl=1 1x, https:\/\/i0.wp.com\/atravesdelasescrituras.com\/wp-content\/uploads\/2018\/10\/idolatria-4.jpg?resize=525%2C300&ssl=1 1.5x, https:\/\/i0.wp.com\/atravesdelasescrituras.com\/wp-content\/uploads\/2018\/10\/idolatria-4.jpg?resize=700%2C400&ssl=1 2x"},"classes":[]},{"id":41626,"url":"https:\/\/atravesdelasescrituras.com\/es_es\/2019\/12\/30\/el-mes-de-tevet-%d7%98%d6%b5%d7%91%d6%b5%d7%aa\/","url_meta":{"origin":42097,"position":2},"title":"El mes de Tevet \u05d8\u05b5\u05d1\u05b5\u05ea","author":"Daniel L\u00f3pez","date":"30 Dic 2019","format":"gallery","excerpt":"Tevet (hebreo: \u05d8\u05b5\u05d1\u05b5\u05ea; del acadio tabitu \"en que uno se hunde\", por las inundaciones y barrizales causados luego de las lluvias de la \u00e9poca), es el cuarto mes del calendario hebreo moderno, que comienza con la Creaci\u00f3n del mundo, y el d\u00e9cimo mes seg\u00fan el ordenamiento de los meses en\u2026","rel":"","context":"En \u00abArt\u00edculos varios\u00bb","block_context":{"text":"Art\u00edculos varios","link":"https:\/\/atravesdelasescrituras.com\/es_es\/category\/articulos-varios\/"},"img":{"alt_text":"","src":"https:\/\/i0.wp.com\/atravesdelasescrituras.com\/wp-content\/uploads\/2019\/12\/mes-de-tevet.jpg?fit=1200%2C554&ssl=1&resize=350%2C200","width":350,"height":200,"srcset":"https:\/\/i0.wp.com\/atravesdelasescrituras.com\/wp-content\/uploads\/2019\/12\/mes-de-tevet.jpg?fit=1200%2C554&ssl=1&resize=350%2C200 1x, https:\/\/i0.wp.com\/atravesdelasescrituras.com\/wp-content\/uploads\/2019\/12\/mes-de-tevet.jpg?fit=1200%2C554&ssl=1&resize=525%2C300 1.5x, https:\/\/i0.wp.com\/atravesdelasescrituras.com\/wp-content\/uploads\/2019\/12\/mes-de-tevet.jpg?fit=1200%2C554&ssl=1&resize=700%2C400 2x, https:\/\/i0.wp.com\/atravesdelasescrituras.com\/wp-content\/uploads\/2019\/12\/mes-de-tevet.jpg?fit=1200%2C554&ssl=1&resize=1050%2C600 3x"},"classes":[]},{"id":41342,"url":"https:\/\/atravesdelasescrituras.com\/es_es\/2019\/11\/02\/el-mes-de-jeshvan\/","url_meta":{"origin":42097,"position":3},"title":"El mes de Jeshv\u00e1n","author":"Daniel L\u00f3pez","date":"2 Nov 2019","format":"gallery","excerpt":"El mes de Jeshv\u00e1n\u00a0en\u00a0hebreo:\u00a0\u05d7\u05b6\u05e9\u05b0\u05c1\u05d5\u05b8\u05df; llamado tambi\u00e9n\u00a0Marjeshv\u00e1n,\u00a0\u05de\u05b7\u05e8\u05b0\u05d7\u05b6\u05e9\u05b0\u05c1\u05d5\u05b8\u05df; del\u00a0idioma acadio, es el segundo mes del a\u00f1o seg\u00fan el c\u00f3mputo de los meses a partir de Tishrei, mes en el cual fuera creado el mundo, y el octavo mes seg\u00fan el c\u00f3mputo de los meses a partir de Nis\u00e1n, el mes en el\u2026","rel":"","context":"En \u00abArt\u00edculos varios\u00bb","block_context":{"text":"Art\u00edculos varios","link":"https:\/\/atravesdelasescrituras.com\/es_es\/category\/articulos-varios\/"},"img":{"alt_text":"","src":"https:\/\/i0.wp.com\/atravesdelasescrituras.com\/wp-content\/uploads\/2019\/11\/mes-de-jeshvacc81n.png?fit=1200%2C554&ssl=1&resize=350%2C200","width":350,"height":200,"srcset":"https:\/\/i0.wp.com\/atravesdelasescrituras.com\/wp-content\/uploads\/2019\/11\/mes-de-jeshvacc81n.png?fit=1200%2C554&ssl=1&resize=350%2C200 1x, https:\/\/i0.wp.com\/atravesdelasescrituras.com\/wp-content\/uploads\/2019\/11\/mes-de-jeshvacc81n.png?fit=1200%2C554&ssl=1&resize=525%2C300 1.5x, https:\/\/i0.wp.com\/atravesdelasescrituras.com\/wp-content\/uploads\/2019\/11\/mes-de-jeshvacc81n.png?fit=1200%2C554&ssl=1&resize=700%2C400 2x, https:\/\/i0.wp.com\/atravesdelasescrituras.com\/wp-content\/uploads\/2019\/11\/mes-de-jeshvacc81n.png?fit=1200%2C554&ssl=1&resize=1050%2C600 3x"},"classes":[]},{"id":41133,"url":"https:\/\/atravesdelasescrituras.com\/es_es\/2019\/10\/02\/rosh-hashanah-o-yom-truah\/","url_meta":{"origin":42097,"position":4},"title":"\u00bfRo\u2019sh Hashan\u00e1h \u00f3 Yom tru\u2019\u00e1h?","author":"Daniel L\u00f3pez","date":"2 Oct 2019","format":"gallery","excerpt":"Esa es la gran pregunta que muchos se hacen y que de cuando en cuando genera controversias innecesarias, porque unos de inmediato afirman que el inicio de a\u00f1o seg\u00fan \u00c9xodo 12 es en el mes de Aviv\/Nis\u00e1n no obstante es sano observar los argumentos que existen a favor de la\u2026","rel":"","context":"En \u00abArt\u00edculos varios\u00bb","block_context":{"text":"Art\u00edculos varios","link":"https:\/\/atravesdelasescrituras.com\/es_es\/category\/articulos-varios\/"},"img":{"alt_text":"","src":"https:\/\/i0.wp.com\/atravesdelasescrituras.com\/wp-content\/uploads\/2019\/10\/rosh-hashanc3a1h-yom-truah.jpg?fit=1200%2C554&ssl=1&resize=350%2C200","width":350,"height":200,"srcset":"https:\/\/i0.wp.com\/atravesdelasescrituras.com\/wp-content\/uploads\/2019\/10\/rosh-hashanc3a1h-yom-truah.jpg?fit=1200%2C554&ssl=1&resize=350%2C200 1x, https:\/\/i0.wp.com\/atravesdelasescrituras.com\/wp-content\/uploads\/2019\/10\/rosh-hashanc3a1h-yom-truah.jpg?fit=1200%2C554&ssl=1&resize=525%2C300 1.5x, https:\/\/i0.wp.com\/atravesdelasescrituras.com\/wp-content\/uploads\/2019\/10\/rosh-hashanc3a1h-yom-truah.jpg?fit=1200%2C554&ssl=1&resize=700%2C400 2x, https:\/\/i0.wp.com\/atravesdelasescrituras.com\/wp-content\/uploads\/2019\/10\/rosh-hashanc3a1h-yom-truah.jpg?fit=1200%2C554&ssl=1&resize=1050%2C600 3x"},"classes":[]},{"id":39067,"url":"https:\/\/atravesdelasescrituras.com\/es_es\/2018\/01\/17\/shvat\/","url_meta":{"origin":42097,"position":5},"title":"Shvat","author":"Daniel L\u00f3pez","date":"17 Ene 2018","format":"gallery","excerpt":"Hoy es inicio de mes de Shvat 1 de Shvat 5778 seg\u00fan el calendario hebreo. Shevat o Shvat (\u05e9\u05b0\u05c1\u05d1\u05b8\u05d8; del acadio \u0160ab\u0101tu \"la lluvia que golpea\", por la fuerza de las lluvias de este mes, las \u00faltimas del periodo invernal boreal), es el und\u00e9cimo mes seg\u00fan el ordenamiento de los\u2026","rel":"","context":"En \u00abOtros\u00bb","block_context":{"text":"Otros","link":"https:\/\/atravesdelasescrituras.com\/es_es\/category\/otros-2\/"},"img":{"alt_text":"","src":"https:\/\/i0.wp.com\/atravesdelasescrituras.com\/wp-content\/uploads\/2018\/01\/treeswing.jpg?fit=1200%2C929&ssl=1&resize=350%2C200","width":350,"height":200,"srcset":"https:\/\/i0.wp.com\/atravesdelasescrituras.com\/wp-content\/uploads\/2018\/01\/treeswing.jpg?fit=1200%2C929&ssl=1&resize=350%2C200 1x, https:\/\/i0.wp.com\/atravesdelasescrituras.com\/wp-content\/uploads\/2018\/01\/treeswing.jpg?fit=1200%2C929&ssl=1&resize=525%2C300 1.5x, https:\/\/i0.wp.com\/atravesdelasescrituras.com\/wp-content\/uploads\/2018\/01\/treeswing.jpg?fit=1200%2C929&ssl=1&resize=700%2C400 2x, https:\/\/i0.wp.com\/atravesdelasescrituras.com\/wp-content\/uploads\/2018\/01\/treeswing.jpg?fit=1200%2C929&ssl=1&resize=1050%2C600 3x"},"classes":[]}],"brizy_media":[],"jetpack_featured_media_url":"https:\/\/atravesdelasescrituras.com\/wp-content\/uploads\/2020\/06\/mes-de-tamuz.jpg","_links":{"self":[{"href":"https:\/\/atravesdelasescrituras.com\/es_es\/wp-json\/wp\/v2\/posts\/42097","targetHints":{"allow":["GET"]}}],"collection":[{"href":"https:\/\/atravesdelasescrituras.com\/es_es\/wp-json\/wp\/v2\/posts"}],"about":[{"href":"https:\/\/atravesdelasescrituras.com\/es_es\/wp-json\/wp\/v2\/types\/post"}],"author":[{"embeddable":true,"href":"https:\/\/atravesdelasescrituras.com\/es_es\/wp-json\/wp\/v2\/users\/80235555"}],"replies":[{"embeddable":true,"href":"https:\/\/atravesdelasescrituras.com\/es_es\/wp-json\/wp\/v2\/comments?post=42097"}],"version-history":[{"count":13,"href":"https:\/\/atravesdelasescrituras.com\/es_es\/wp-json\/wp\/v2\/posts\/42097\/revisions"}],"predecessor-version":[{"id":42115,"href":"https:\/\/atravesdelasescrituras.com\/es_es\/wp-json\/wp\/v2\/posts\/42097\/revisions\/42115"}],"wp:featuredmedia":[{"embeddable":true,"href":"https:\/\/atravesdelasescrituras.com\/es_es\/wp-json\/wp\/v2\/media\/42103"}],"wp:attachment":[{"href":"https:\/\/atravesdelasescrituras.com\/es_es\/wp-json\/wp\/v2\/media?parent=42097"}],"wp:term":[{"taxonomy":"category","embeddable":true,"href":"https:\/\/atravesdelasescrituras.com\/es_es\/wp-json\/wp\/v2\/categories?post=42097"},{"taxonomy":"post_tag","embeddable":true,"href":"https:\/\/atravesdelasescrituras.com\/es_es\/wp-json\/wp\/v2\/tags?post=42097"}],"curies":[{"name":"wp","href":"https:\/\/api.w.org\/{rel}","templated":true}]}}