{"id":42299,"date":"2020-08-28T19:42:22","date_gmt":"2020-08-28T19:42:22","guid":{"rendered":"http:\/\/atravesdelasescrituras.com\/?p=42299"},"modified":"2020-08-28T19:42:22","modified_gmt":"2020-08-28T19:42:22","slug":"jacobo-el-mayor-hijo-de-zebedeo","status":"publish","type":"post","link":"https:\/\/atravesdelasescrituras.com\/es_es\/2020\/08\/28\/jacobo-el-mayor-hijo-de-zebedeo\/","title":{"rendered":"Jacobo el mayor (hijo de Zebedeo)"},"content":{"rendered":"\n<figure class=\"wp-block-gallery columns-0 is-cropped wp-block-gallery-1 is-layout-flex wp-block-gallery-is-layout-flex\"><ul class=\"blocks-gallery-grid\"><\/ul><\/figure>\n\n\n\n<p class=\"wp-block-paragraph\"><strong>Santiago de Zebedeo<\/strong>&nbsp;o&nbsp;<strong>Jacobo de Zebedeo<\/strong>&nbsp;(en&nbsp;griego antiguo:&nbsp;\u1f38\u03ac\u03ba\u03c9\u03b2\u03bf\u03c2&nbsp;Ia&#8217;kovos) fue, seg\u00fan diversos textos&nbsp;neotestamentarios&nbsp;(<em>Evangelios sin\u00f3pticos,&nbsp;Hechos de los Ap\u00f3stoles<\/em>), uno de los&nbsp;ap\u00f3stoles&nbsp;m\u00e1s destacados de&nbsp;Jes\u00fas de Nazaret. <\/p>\n\n\n\n<p class=\"wp-block-paragraph\">El primer encuentro con el Mes\u00edas lo vemos en el evangelio de Mateo:<\/p>\n\n\n\n<p class=\"has-text-align-center wp-block-paragraph\"><em>\u00ab&#8230;[Jes\u00fas] vio a otros dos hermanos, Santiago y Juan, sentados en una barca&nbsp;junto a su padre, Zebedeo, reparando las redes. Tambi\u00e9n los llam\u00f3 para&nbsp;que lo siguieran. Ellos, dejando atr\u00e1s la barca y a su padre, lo siguieron de&nbsp;inmediato&#8230;\u00bb<\/em><\/p>\n\n\n\n<p class=\"wp-block-paragraph\">De los tres hombres que integraron el c\u00edrculo m\u00e1s \u00edntimo de los disc\u00edpulos,&nbsp;Pedro, Jacobo y Juan, del que menos sabemos es de Jacobo. A pesar del&nbsp;relativo silencio del relato b\u00edblico acerca de Jacobo, fue una figura digna de&nbsp;menci\u00f3n entre los ap\u00f3stoles.<\/p>\n\n\n\n<p class=\"wp-block-paragraph\">Tal vez lo m\u00e1s ins\u00f3lito acerca de su vida fue la&nbsp;forma y el momento de su muerte, ya que fue el primero de los ap\u00f3stoles&nbsp;de Cristo que se convirti\u00f3 en m\u00e1rtir. Judas y Jacobo son los \u00fanicos dos&nbsp;disc\u00edpulos originales de cuya muerte hay registro en las Escrituras.<\/p>\n\n\n\n<div class=\"wp-block-image\"><figure class=\"alignright size-large is-resized\"><img data-recalc-dims=\"1\" decoding=\"async\" data-attachment-id=\"42623\" data-permalink=\"https:\/\/atravesdelasescrituras.com\/es_es\/santiago_apostol\/\" data-orig-file=\"https:\/\/atravesdelasescrituras.com\/wp-content\/uploads\/2020\/08\/santiago_apostol.jpg\" data-orig-size=\"420,505\" data-comments-opened=\"1\" data-image-meta=\"{&quot;aperture&quot;:&quot;0&quot;,&quot;credit&quot;:&quot;&quot;,&quot;camera&quot;:&quot;&quot;,&quot;caption&quot;:&quot;&quot;,&quot;created_timestamp&quot;:&quot;0&quot;,&quot;copyright&quot;:&quot;&quot;,&quot;focal_length&quot;:&quot;0&quot;,&quot;iso&quot;:&quot;0&quot;,&quot;shutter_speed&quot;:&quot;0&quot;,&quot;title&quot;:&quot;&quot;,&quot;orientation&quot;:&quot;0&quot;}\" data-image-title=\"santiago_apostol\" data-image-description=\"\" data-image-caption=\"\" data-large-file=\"https:\/\/atravesdelasescrituras.com\/wp-content\/uploads\/2020\/08\/santiago_apostol.jpg\" src=\"https:\/\/i0.wp.com\/atravesdelasescrituras.com\/wp-content\/uploads\/2020\/08\/santiago_apostol.jpg?resize=185%2C233&#038;ssl=1\" alt=\"\" class=\"wp-image-42623\" width=\"185\" height=\"233\" \/><\/figure><\/div>\n\n\n\n<p class=\"wp-block-paragraph\">Jacobo fue el hermano mayor de Juan, el disc\u00edpulo amado. Nacido probablemente en&nbsp;Betsaida&nbsp;(<em>Galilea<\/em>), hijo de&nbsp;Zebedeo&nbsp;y&nbsp;Salom\u00e9. \u00c9l y Juan&nbsp;eran compa\u00f1eros de Andr\u00e9s y de Pedro en el oficio de la pesca, junto con&nbsp;Zebedeo, su padre. Eran propietarios de varios barcos y contrataban empleados; por lo tanto, esta compa\u00f1\u00eda pesquera debe haber sido bastante&nbsp;pr\u00f3spera.<\/p>\n\n\n\n<p class=\"wp-block-paragraph\">Entre los dos grupos de&nbsp; hermanos, la familia de Jacobo y Juan parece haber tenido mucho m\u00e1s prominencia que la familia de Pedro y Andr\u00e9s. Esto se percibe por el hecho que a me-&nbsp; nudo se hace referencia a Jacobo y Juan simplemente como \u00ablos hijos de Zebedeo&nbsp; \u00bb (<em>Mateo 20.20; 26.37; 27.56; Marcos 10.35; Lucas 5.10; Juan 21.2<\/em>), haciendo suponer que Zebedeo era un hombre de cierta importancia.&nbsp;<\/p>\n\n\n\n<p class=\"wp-block-paragraph\">Es posible que el prestigio de Zebedeo se haya debido a su \u00e9xito financiero, a su&nbsp; linaje familiar o a ambos. Aparentemente era un hombre de recursos. Su compa\u00f1\u00eda de pesca era suficientemente grande como para emplear a un buen n\u00famero de&nbsp; jornaleros (<em>Marcos 1.20<\/em>). <\/p>\n\n\n\n<p class=\"wp-block-paragraph\">Adem\u00e1s, la familia entera de Zebedeo ten\u00eda suficiente status ya que el ap\u00f3stol Juan \u00abera conocido del sumo sacerdote\u00bb y por eso fue que&nbsp; pudo conseguir que permitieran la entrada de Pedro al patio del sumo sacerdote la noche del arresto de Jes\u00fas (<em>Juan 18.15-16<\/em>). Hay alguna evidencia de los escritos&nbsp; sobre la iglesia primitiva de que Zebedeo era levita y estaba estrechamente relacionado con la familia del sumo sacerdote. Cualquiera que haya sido la raz\u00f3n para&nbsp; la prominencia de Zebedeo, la Escritura hace claro que era un hombre de impor-&nbsp; tancia y que la reputaci\u00f3n de su familia iba desde Galilea a la familia del sumo sacerdote en Jerusal\u00e9n.&nbsp;<\/p>\n\n\n\n<p class=\"wp-block-paragraph\">Jacobo es una figura mucho m\u00e1s importante de lo que podr\u00edamos imaginar,&nbsp; basados en lo poco que sabemos de \u00e9l,. En dos de las listas de los ap\u00f3stoles, su nombre aparece inmediatamente despu\u00e9s del de Pedro (<em>Marcos 3.16-19; Hechos&nbsp; 1.13<\/em>). Esa es una buena raz\u00f3n para creer que fue un l\u00edder fuerte, y probablemente el segundo en influencia despu\u00e9s de Pedro.<\/p>\n\n\n\n<p class=\"wp-block-paragraph\">Despu\u00e9s de una etapa de compa\u00f1erismo y de un per\u00edodo de prueba con Jes\u00fas, se lo menciona como uno de los presentes durante la sanidad de la suegra de Pedro en Caperna\u00fam. Despu\u00e9s de esto fue ordenado&nbsp;como uno de los doce disc\u00edpulos de Cristo, y desde ese momento ocup\u00f3&nbsp;un lugar prominente entre los ap\u00f3stoles. Junto con Pedro y Juan, integr\u00f3 el&nbsp;c\u00edrculo m\u00e1s \u00edntimo de los disc\u00edpulos. Estos tres, sin los dem\u00e1s ap\u00f3stoles,&nbsp;estuvieron presentes durante la resurrecci\u00f3n de la hija de Jairo, durante la&nbsp;Transfiguraci\u00f3n y durante la agon\u00eda en el jard\u00edn de Getseman\u00ed.<\/p>\n\n\n\n<p class=\"wp-block-paragraph\">Si hay una palabra clave que se aplica a la vida del ap\u00f3stol Jacobo, esta es <em>pasi\u00f3n<\/em>.&nbsp; De lo poco que sabemos de \u00e9l, es obvio que fue un hombre de un tremendo fervor e intensidad. De hecho, Jes\u00fas dio a Jacobo y Juan un sobrenombre. Los llam\u00f3 <em>Boanerges<\/em>, que quiere decir \u00abhijos del trueno\u00bb. Eso define la personalidad de Jacobo en t\u00e9rminos muy v\u00edvidos. Era celoso, atronador, apasionado y ferviente. <\/p>\n\n\n\n<p class=\"wp-block-paragraph\">Nos&nbsp; recuerda a Jeh\u00fa del Antiguo Testamento, que es conocido por conducir su carro&nbsp; impetuosamente <em>(2 Reyes 9.20<\/em>) y quien dijo: \u00abVen conmigo, y ver\u00e1s mi celo por YHWH\u00bb (v. 16), entonces aniquil\u00f3 la casa de Acab y limpi\u00f3 la tierra de la adoraci\u00f3n a Baal. Pero la pasi\u00f3n de Jeh\u00fa fue una pasi\u00f3n descontrolada y su celo por el Se\u00f1or&nbsp; se vio manchado con ego\u00edsmo, ambici\u00f3n humana, y las mayores crueldades sangrientas. <\/p>\n\n\n\n<p class=\"wp-block-paragraph\">La Escritura dice: \u00abMas Jeh\u00fa no cuid\u00f3 de andar en la ley de YHWH Dios de Israel con todo su coraz\u00f3n, ni se apart\u00f3 de los pecados de Jeroboam, el que hab\u00eda hecho pecar a Israel\u00bb (<em>2 Reyes 10.31<\/em>). El celo del ap\u00f3stol Jacobo estaba&nbsp; mezclado de una ambici\u00f3n similar y tendencias sanguinarias (<em>aunque en dosis&nbsp; mucho m\u00e1s leves<\/em>), y \u00e9l tal vez haya estado cayendo igualmente por un camino de ruina cuando Jes\u00fas se encontr\u00f3 con \u00e9l. Pero por la gracia de Dios, fue transformado en un hombre de Dios y lleg\u00f3 a ser uno de los disc\u00edpulos l\u00edderes.&nbsp;<\/p>\n\n\n\n<p class=\"wp-block-paragraph\">Se lo conoci\u00f3 en la tradici\u00f3n cristiana como\u00a0<strong>Santiago\u00a0<em>el Mayor<\/em><\/strong>\u00a0para distinguirlo de otro miembro del\u00a0grupo de los doce,\u00a0Santiago el Menor. Nacido probablemente en\u00a0Betsaida\u00a0(Galilea), fue hijo de\u00a0Zebedeo\u00a0y\u00a0Salom\u00e9, y hermano de\u00a0Juan. <\/p>\n\n\n\n<p class=\"wp-block-paragraph\">Jacobo de Zebedeo perteneci\u00f3 al llamado \u00abc\u00edrculo de dilectos\u00bb de Jes\u00fas que estuvo con \u00e9l en ocasiones especiales: en la resurrecci\u00f3n de la hija de\u00a0Jairo, en la\u00a0transfiguraci\u00f3n, y en el huerto de\u00a0Getseman\u00ed, donde Jes\u00fas se retir\u00f3 a orar en agon\u00eda ante la perspectiva de su\u00a0pasi\u00f3n y muerte. Tambi\u00e9n fue testigo privilegiado de las apariciones de Jes\u00fas resucitado y de la pesca milagrosa en el\u00a0mar de Tiber\u00edades. <\/p>\n\n\n\n<p class=\"wp-block-paragraph\">Seg\u00fan el libro de los Hechos de los Ap\u00f3stoles, Pentecost\u00e9s\u00a0encontr\u00f3 a Santiago en espera orante, siempre como uno de los m\u00e1ximos referentes de la primera comunidad cristiana, junto con\u00a0Sim\u00f3n Pedro\u00a0y Juan.<\/p>\n\n\n\n<p class=\"wp-block-paragraph\">El final de la historia de Jacobo desde una perspectiva terrenal se registra en Hechos 12.1-3: \u00abEn aquel mismo tiempo el rey Herodes ech\u00f3 mano a algunos de la iglesia para maltratarles. Y mat\u00f3 a espada a Jacobo, hermano de Juan. Y viendo que esto hab\u00eda agradado a los jud\u00edos, procedi\u00f3 a prender tambi\u00e9n a Pedro\u00bb.&nbsp; <\/p>\n\n\n\n<p class=\"wp-block-paragraph\">Recuerde que este es el \u00fanico lugar en la Escritura donde Jacobo aparece mencionado solo, incluso aparte de su hermano. No hay mayores detalles sobre el&nbsp; martirio de Jacobo. La Escritura dice que Herodes fue el que lo mat\u00f3 y que el instrumento de ejecuci\u00f3n fue una espada (<em>lo que hace suponer que fue decapitado<\/em>).&nbsp;<\/p>\n\n\n\n<div class=\"wp-block-image\"><figure class=\"alignright size-large is-resized\"><img data-recalc-dims=\"1\" fetchpriority=\"high\" decoding=\"async\" data-attachment-id=\"42622\" data-permalink=\"https:\/\/atravesdelasescrituras.com\/es_es\/martirio_de_santiago_navarrete_el_mudo\/\" data-orig-file=\"https:\/\/atravesdelasescrituras.com\/wp-content\/uploads\/2020\/08\/martirio_de_santiago_navarrete_el_mudo.jpg\" data-orig-size=\"512,868\" data-comments-opened=\"1\" data-image-meta=\"{&quot;aperture&quot;:&quot;0&quot;,&quot;credit&quot;:&quot;&quot;,&quot;camera&quot;:&quot;&quot;,&quot;caption&quot;:&quot;&quot;,&quot;created_timestamp&quot;:&quot;0&quot;,&quot;copyright&quot;:&quot;&quot;,&quot;focal_length&quot;:&quot;0&quot;,&quot;iso&quot;:&quot;0&quot;,&quot;shutter_speed&quot;:&quot;0&quot;,&quot;title&quot;:&quot;&quot;,&quot;orientation&quot;:&quot;0&quot;}\" data-image-title=\"martirio_de_santiago_navarrete_el_mudo\" data-image-description=\"\" data-image-caption=\"\" data-large-file=\"https:\/\/atravesdelasescrituras.com\/wp-content\/uploads\/2020\/08\/martirio_de_santiago_navarrete_el_mudo.jpg\" src=\"https:\/\/i0.wp.com\/atravesdelasescrituras.com\/wp-content\/uploads\/2020\/08\/martirio_de_santiago_navarrete_el_mudo.jpg?resize=229%2C406&#038;ssl=1\" alt=\"\" class=\"wp-image-42622\" width=\"229\" height=\"406\" \/><\/figure><\/div>\n\n\n\n<p class=\"wp-block-paragraph\"> Este Herodes no es Herodes Antipas, el que mat\u00f3 a Juan el Bautista y enjuici\u00f3 a Jes\u00fas; este era su sobrino y sucesor, Herodes Agripa I. No sabemos por qu\u00e9 este Herodes fue tan hostil hacia la iglesia. Por supuesto, todos sab\u00edan que su t\u00edo hab\u00eda participado en la conspiraci\u00f3n para matar a Cristo, de modo que la predicaci\u00f3n de&nbsp; la cruz tiene que haber sido motivo de verg\u00fcenza para la dinast\u00eda herodiana (<em>cf.&nbsp; Hechos 4.27<\/em>). <\/p>\n\n\n\n<p class=\"wp-block-paragraph\">Adem\u00e1s, es claro que Herodes quer\u00eda aprovecharse de las tensiones&nbsp; entre la iglesia y los l\u00edderes religiosos jud\u00edos para sacar ventaja pol\u00edtica. Comenz\u00f3 con una campa\u00f1a de hostigamiento contra los cristianos hasta llegar al asesinato. Cuando vio cu\u00e1nto complac\u00eda esto a los dirigentes jud\u00edos, puso sus ojos en Pedro. Pedro escap\u00f3 milagrosamente y poco despu\u00e9s Herodes mismo muri\u00f3 bajo el&nbsp; juicio de Dios.<\/p>\n\n\n\n<p class=\"wp-block-paragraph\">La Escritura dice que despu\u00e9s que Pedro hubo escapado, Herodes hizo matar a los guardias de la prisi\u00f3n y fue a Cesarea (<em>Hechos 12.19<\/em>). Estando all\u00ed, acept\u00f3 la clase de adoraci\u00f3n que le corresponde solo a Dios. \u00abY el pueblo aclamaba gritando: \u00a1Voz de Dios, y no de hombre! Al momento un \u00e1ngel del Se\u00f1or le hiri\u00f3, por cuanto no dio la gloria a Dios; y expir\u00f3 comido de gusanos\u00bb (<em>vv. 22-23<\/em>).&nbsp; De esta manera, la amenaza contra la iglesia, auspiciada por Herodes con su cam-&nbsp; pa\u00f1a de hostigamiento y muerte, lleg\u00f3 a su fin. <\/p>\n\n\n\n<p class=\"wp-block-paragraph\">Pero es notable que Jacobo fuera el primero de los ap\u00f3stoles en ser asesinado. (<em>Jacobo es el \u00fanico ap\u00f3stol cuya muerte ha quedado registrada en la Escritura<\/em>). Claramente, Jacobo era todav\u00eda un hombre de pasi\u00f3n. Su pasi\u00f3n, ahora bajo el control del Esp\u00edritu Santo, hab\u00eda sido tan determinante en la propagaci\u00f3n de la verdad que provoc\u00f3 la ira de Herodes. Obviamente, Jacobo estuvo donde siempre esper\u00f3 estar, y donde Cristo lo hab\u00eda entrenado para que estuviera: en la l\u00ednea de vanguardia mientras el evangelio avanzaba y la iglesia crec\u00eda.<\/p>\n\n\n\n<hr class=\"wp-block-separator\" \/>\n\n\n\n<p class=\"has-text-align-center wp-block-paragraph\"><a href=\"https:\/\/atravesdelasescrituras.com\/estudios-varios\/sobre-los-doce-discipulos-de-yeshua-quienes-fueron\/\">(<em>Haz click aqu\u00ed si quieres estudiar sobre los demas disc\u00edpulos del Mes\u00edas en los estudios: Sobre los doce disc\u00edpulos de Yeshua \u00bfQuienes\u00a0fueron?)<\/em><\/a><\/p>\n","protected":false},"excerpt":{"rendered":"<p>Santiago de Zebedeo&nbsp;o&nbsp;Jacobo de Zebedeo&nbsp;(en&nbsp;griego antiguo:&nbsp;\u1f38\u03ac\u03ba\u03c9\u03b2\u03bf\u03c2&nbsp;Ia&#8217;kovos) fue, seg\u00fan diversos textos&nbsp;neotestamentarios&nbsp;(Evangelios sin\u00f3pticos,&nbsp;Hechos de los Ap\u00f3stoles), uno de los&nbsp;ap\u00f3stoles&nbsp;m\u00e1s destacados de&nbsp;Jes\u00fas de Nazaret. El primer encuentro con el Mes\u00edas lo vemos en el evangelio de Mateo: \u00ab&#8230;[Jes\u00fas] vio a otros dos hermanos, Santiago y Juan, sentados en una barca&nbsp;junto a su padre, Zebedeo, reparando las redes. Tambi\u00e9n [&hellip;]<\/p>\n","protected":false},"author":80235555,"featured_media":42621,"comment_status":"open","ping_status":"open","sticky":false,"template":"","format":"gallery","meta":{"_coblocks_attr":"","_coblocks_dimensions":"","_coblocks_responsive_height":"","_coblocks_accordion_ie_support":"","_gspb_post_css":"","advanced_seo_description":"","jetpack_seo_html_title":"","jetpack_seo_noindex":false,"jetpack_seo_schema_type":"","_jetpack_newsletter_access":"","_jetpack_dont_email_post_to_subs":false,"_jetpack_newsletter_tier_id":0,"_jetpack_memberships_contains_paywalled_content":false,"_wpcom_ai_launchpad_first_post":false,"_jetpack_feature_clip_id":0,"_jetpack_memberships_contains_paid_content":false,"footnotes":"","jetpack_publicize_message":"","jetpack_publicize_feature_enabled":true,"jetpack_social_post_already_shared":false,"jetpack_social_options":{"image_generator_settings":{"template":"highway","default_image_id":0,"font":"","enabled":false},"version":2},"jetpack_post_was_ever_published":false},"categories":[1460447,330149787],"tags":[],"class_list":["post-42299","post","type-post","status-publish","format-gallery","has-post-thumbnail","hentry","category-articulos-varios","category-personajes-de-la-escritura","post_format-post-format-gallery"],"blocksy_meta":{"styles_descriptor":{"styles":{"desktop":"","tablet":"","mobile":""},"google_fonts":[],"version":7}},"jetpack_publicize_connections":[],"jetpack_likes_enabled":true,"jetpack_sharing_enabled":true,"jetpack_shortlink":"https:\/\/wp.me\/p5HWJ5-b0f","jetpack-related-posts":[],"brizy_media":[],"jetpack_featured_media_url":"https:\/\/atravesdelasescrituras.com\/wp-content\/uploads\/2020\/08\/jacobo-el-mayor.png","_links":{"self":[{"href":"https:\/\/atravesdelasescrituras.com\/es_es\/wp-json\/wp\/v2\/posts\/42299","targetHints":{"allow":["GET"]}}],"collection":[{"href":"https:\/\/atravesdelasescrituras.com\/es_es\/wp-json\/wp\/v2\/posts"}],"about":[{"href":"https:\/\/atravesdelasescrituras.com\/es_es\/wp-json\/wp\/v2\/types\/post"}],"author":[{"embeddable":true,"href":"https:\/\/atravesdelasescrituras.com\/es_es\/wp-json\/wp\/v2\/users\/80235555"}],"replies":[{"embeddable":true,"href":"https:\/\/atravesdelasescrituras.com\/es_es\/wp-json\/wp\/v2\/comments?post=42299"}],"version-history":[{"count":11,"href":"https:\/\/atravesdelasescrituras.com\/es_es\/wp-json\/wp\/v2\/posts\/42299\/revisions"}],"predecessor-version":[{"id":42625,"href":"https:\/\/atravesdelasescrituras.com\/es_es\/wp-json\/wp\/v2\/posts\/42299\/revisions\/42625"}],"wp:featuredmedia":[{"embeddable":true,"href":"https:\/\/atravesdelasescrituras.com\/es_es\/wp-json\/wp\/v2\/media\/42621"}],"wp:attachment":[{"href":"https:\/\/atravesdelasescrituras.com\/es_es\/wp-json\/wp\/v2\/media?parent=42299"}],"wp:term":[{"taxonomy":"category","embeddable":true,"href":"https:\/\/atravesdelasescrituras.com\/es_es\/wp-json\/wp\/v2\/categories?post=42299"},{"taxonomy":"post_tag","embeddable":true,"href":"https:\/\/atravesdelasescrituras.com\/es_es\/wp-json\/wp\/v2\/tags?post=42299"}],"curies":[{"name":"wp","href":"https:\/\/api.w.org\/{rel}","templated":true}]}}