{"id":44010,"date":"2023-06-15T20:57:28","date_gmt":"2023-06-15T18:57:28","guid":{"rendered":"https:\/\/atravesdelasescrituras.com\/?p=44010"},"modified":"2023-06-15T20:57:28","modified_gmt":"2023-06-15T18:57:28","slug":"el-ayuno-en-los-tiempos-del-n-t","status":"publish","type":"post","link":"https:\/\/atravesdelasescrituras.com\/es_es\/2023\/06\/15\/el-ayuno-en-los-tiempos-del-n-t\/","title":{"rendered":"El Ayuno en los tiempos del N.T"},"content":{"rendered":"\n<p class=\"wp-block-paragraph\">Hasta los d\u00edas del NT el ayuno llega a ocupar un lugar tan elevado en la pr\u00e1ctica y estimaci\u00f3n del juda\u00edsmo24 que para los gentiles es una de las marcas del jud\u00edo, cf. T\u00e1cito Hist, V, 4: longam olim (durante el peregrinaje por el desierto) famem crebris adhuc ieiuniis fatentur; Suet.AugCaes;, 76, 3: ne Judaeus quidem tam diligenter sabbatis ieiunium servat quam ego hodie servavi.25 <\/p>\n\n\n\n<p class=\"wp-block-paragraph\">Como Daniel, <strong>los apocal\u00edpticos posteriores se preparan ayunando para la inspiraci\u00f3n ext\u00e1tica<\/strong>, 4 Esr. 5:13, 19s; 6:31, 35 (cf. 9:23; 12:51); S. Bar. 9:2; 12:5; 20:5; 21:1 ss.; 43:3; 47:2. <strong>Un voto se confirma mediante el ayuno<\/strong>, Tob, 7:12; Hch. 23:12, 14 (\u2192 I, 676). <strong>Tambi\u00e9n lo es en muchos casos la oraci\u00f3n<\/strong>, 1 Mac. 3:47; 2 Mac. 13:12; Bar. 1:5; Jdt. 4:9 ss.; Lc. 2:37; Test. Jos. 4:8; 10:1; Test. B. 1:4; Jos. Ant., 19, 349; 20, 89 (\u2192 925); cf. Tob. 12,8: \u1f00\u03b3\u03b1\u03b8\u1f78\u03bd \u03c0\u03c1\u03bf\u03c3\u03b5\u03c5\u03c7\u1f74 \u03bc\u03b5\u03c4\u1f70 \u03bd\u03b7\u03c3\u03c4\u03b5\u03af\u03b1\u03c2. <\/p>\n\n\n\n<p class=\"wp-block-paragraph\"><strong>El remordimiento y la penitencia encuentran su expresi\u00f3n en el ayuno<\/strong>, Sal. Sol. 3:8; 2 \u0395\u03c3\u03b4\u03c1. 9:3\u03c6\u03c6.; Test. R. 1:10; S. Bar. 5:7; 4 Esr. 10:4; Ass. Mos. 9:5 y ss.; Vit. Ad. 6. El ayuno es un ejercicio de virtud, como se desprende del ejemplo de Jos. en Egipto, Test. Jos. 3:4 s.; 4:8; 10:1. <\/p>\n\n\n\n<p class=\"wp-block-paragraph\">Dios ama al hombre virtuoso que ayuna. 9,2; cf. 3,4: \u03bf\u1f31 \u03bd\u03b7\u03c3\u03c4\u03b5\u03cd\u03bf\u03bd\u03c4\u03b5\u03c2 \u03b4\u03b9\u1f70 \u03c4\u1f78\u03bd \u03b8\u03b5\u1f78\u03bd \u03c4\u03bf\u1fe6 \u03c0\u03c1\u03bf\u03c3\u03ce\u03c0\u03bf\u03c5 \u03c4\u1f74\u03bd \u03c7\u03ac\u03c1\u03b9\u03bd \u03bb\u03b1\u03bc\u03b2\u03ac\u03bd\u03bf\u03c5\u03c3\u03b9\u03bd. Se menciona lo meritorio del ayuno, por ejemplo, Eth. En. 108, 7 ss.; Fil\u00f3n Spec. Leg., II, 197, y Apc. Eliae 22 s. (aqu\u00ed definitivamente jud\u00edo),26 que magnifica el ayuno como algo que Dios cre\u00f3: \u00abPerdona los pecados y cura las enfermedades, expulsa los esp\u00edritus y tiene poder hasta el trono de Dios\u00bb. <\/p>\n\n\n\n<p class=\"wp-block-paragraph\">S\u00f3lo en raras ocasiones o\u00edmos voces que declaran que el ayuno es in\u00fatil sin un verdadero alejamiento del pecado, por ejemplo, Sir. 34:31; Test. A. 2:8; Apc. Eliae 23: \u00abQuien ayuna sin ser puro enfada al Se\u00f1or&#8230; pero yo he creado un ayuno puro con un coraz\u00f3n y unas manos puros\u00bb. Junto al ayuno generalmente obligatorio del D\u00eda de la Expiaci\u00f3n, la \u03bd\u03b7\u03c3\u03c4\u03b5\u03af\u03b1 (\u2192 925; 928),27 y otros d\u00edas de ayuno prescritos (cf. S. Bar. 86, 2; Jos. Ant., 11, 134; Vit., 290; Ap., 2, 282) los celosos entre los justos seleccionan dos d\u00edas en la semana, el segundo y el quinto (Did., 8, 1 \u2192 933) y voluntariamente los convierten en d\u00edas regulares de ayuno que guardan estrictamente, Lc. 18, 12 (Mc. 2, 18 y par.). <\/p>\n\n\n\n<figure class=\"wp-block-image aligncenter size-large is-resized\"><a href=\"https:\/\/i0.wp.com\/atravesdelasescrituras.com\/wp-content\/uploads\/2023\/06\/jesucristo-ayuno-1.jpg?ssl=1\"><img data-recalc-dims=\"1\" fetchpriority=\"high\" decoding=\"async\" data-attachment-id=\"44021\" data-permalink=\"https:\/\/atravesdelasescrituras.com\/es_es\/2023\/06\/15\/el-ayuno-en-los-tiempos-del-n-t\/jesucristo-ayuno-1\/\" data-orig-file=\"https:\/\/atravesdelasescrituras.com\/wp-content\/uploads\/2023\/06\/jesucristo-ayuno-1.jpg\" data-orig-size=\"700,400\" data-comments-opened=\"1\" data-image-meta=\"{&quot;aperture&quot;:&quot;0&quot;,&quot;credit&quot;:&quot;&quot;,&quot;camera&quot;:&quot;&quot;,&quot;caption&quot;:&quot;&quot;,&quot;created_timestamp&quot;:&quot;0&quot;,&quot;copyright&quot;:&quot;&quot;,&quot;focal_length&quot;:&quot;0&quot;,&quot;iso&quot;:&quot;0&quot;,&quot;shutter_speed&quot;:&quot;0&quot;,&quot;title&quot;:&quot;&quot;,&quot;orientation&quot;:&quot;0&quot;}\" data-image-title=\"jesucristo-ayuno-1\" data-image-description=\"\" data-image-caption=\"\" data-large-file=\"https:\/\/atravesdelasescrituras.com\/wp-content\/uploads\/2023\/06\/jesucristo-ayuno-1.jpg\" src=\"https:\/\/i0.wp.com\/atravesdelasescrituras.com\/wp-content\/uploads\/2023\/06\/jesucristo-ayuno-1.jpg?resize=401%2C229&#038;ssl=1\" alt=\"\" class=\"wp-image-44021\" width=\"401\" height=\"229\" \/><\/a><\/figure>\n\n\n\n<p class=\"wp-block-paragraph\">A menudo un ayuno puede durar, no s\u00f3lo un d\u00eda (1 Mac 3,47; S. Bar. 5,7), sino tres (2 Mac 13,12, cf. tambi\u00e9n Hch 9,9.19), o siete (4 Esr 5,13.20 etc.; S. Bar. 9,2; 12,5 etc.) o incluso cuarenta d\u00edas (Vit. Ad. 6). <\/p>\n\n\n\n<p class=\"wp-block-paragraph\">Los d\u00edas que no permiten el ayuno son la preparaci\u00f3n del s\u00e1bado y el sabbat, la preparaci\u00f3n de la luna nueva y las diversas fiestas y festivales (Jdt. 8:6; cf. Jub. 50:10, 12). El ayuno prolongado, a ser posible durante toda la vida, es una marca distintiva de las figuras ideales de la piedad jud\u00eda, Jdt. 8:6; Eth. En. 108:9 s.; Test. S. 3:4: Test. Jud. 15:4; Test. Jos. 3:4; Lc. 2:37 (\u00bfEx. 38:26 LXX?). <\/p>\n\n\n\n<p class=\"wp-block-paragraph\">Se insiste mucho en los gestos de duelo en el ayuno (\u2192 928), cf. 1 Mac 3,47; Jos. Ant., 19, 349; 20, 89 y esp. Mt 6,16 s. Como representantes de la religi\u00f3n jud\u00eda m\u00e1s celosa, los fariseos son particularmente estrictos en sus ayunos,28 Sal. Sol. 3:8. Observan ayunos voluntarios (Mc 2,18 par.)29 y valoran la pr\u00e1ctica como altamente meritoria, Lc 18,12.30 Caracter\u00edstico de la piedad de los disc\u00edpulos de Juan31 era el hecho de que observaban ayunos voluntarios (Mc 2,18 par.). <\/p>\n\n\n\n<p class=\"wp-block-paragraph\">En la severidad de los ejercicios piadosos extraordinarios coincid\u00edan as\u00ed con los justos ejemplares del juda\u00edsmo. No se nos dice si segu\u00edan una regla de su maestro similar a la regla de oraci\u00f3n que dio (Lc. 11:1, cf. 5:33), o si segu\u00edan su ejemplo, que ilustraba la llamada a la conversi\u00f3n (\u2192 \u03bc\u03b5\u03c4\u03ac\u03bd\u03bf\u03b9\u03b1) mediante la pr\u00e1ctica asc\u00e9tica (Mc. 1:6 par.; Mt. 11:18 par.). <\/p>\n\n\n\n<p class=\"wp-block-paragraph\">Entre los Therapeutae una abstenci\u00f3n completa de alimento durante 3 o incluso 6 d\u00edas (Philo Vit. Cont., 35) representa un logro asc\u00e9tico supremo en la vida contemplativa de una hueste de ermita\u00f1os piadosos dedicados al estudio de la Escritura.32 No se nos dice que los Essenes incluyeran ayunos entre sus ejercicios piadosos. De hecho, las fuentes no nos dicen con certeza que no comieran carne o vino en su af\u00e1n por la \u1f10\u03b3\u03ba\u03c1\u03ac\u03c4\u03b5\u03b9\u03b1 (\u2192 II, 341).33 <\/p>\n\n\n\n<p class=\"wp-block-paragraph\">El elogio de Fil\u00f3n de la \u03bd\u03b7\u03c3\u03c4\u03b5\u03af\u03b1 por encima de todas las cosas en Spec. Leg., II, 193-20334 se aplica no tanto al ayuno ritual como a la m\u00e1xima realizaci\u00f3n posible del ideal asc\u00e9tico de moderaci\u00f3n (\u2192 II, 341) con ref. tambi\u00e9n al comer y al beber, ibid., 197. En Migr. Abr., 98 la m\u00e1s adecuada y perfecta de todas las ofrendas es \u03c4\u1f78 \u03b7\u03bd\u03c3\u03c4\u03b5\u03b9\u03b1\u03c2 \u03ba\u03b1\u1f76 \u03ba\u03b1\u03c1\u03c4\u03b5\u03c1\u03af\u03b1\u03c2 \u1f00\u03bd\u03ac\u03b8\u03b7\u03bc\u03b1, cf. ibid., 204.35<\/p>\n\n\n\n<p class=\"wp-block-paragraph\">El juda\u00edsmo lleg\u00f3 a muchas decisiones con respecto al ayuno (\u05e6\u05d5\u05bc\u05dd, \u05d4\u05b4\u05ea\u05b0\u05e2\u05b7\u05e0\u05b8\u05bc\u05d4. \u05d9\u05b8\u05e9\u05b7\u05c1\u05d1 \u05d1\u05b0\u05bc\u05ea\u05b7\u05e2\u05b2\u05e0\u05b4\u05d9\u05ea ),36 tanto el ayuno p\u00fablico de la congregaci\u00f3n obligatorio para todos (\u05ea\u05b7\u05bc\u05e2\u05b2\u05e0\u05b4\u05d9\u05ea \u05e6\u05b4\u05d1\u05bc\u05d5\u05bc\u05e8) como los ayunos voluntarios de los individuos (\u05ea\u05b7\u05bc\u05e2\u05b2\u05e0\u05b4\u05d9\u05ea \u05d9\u05b8\u05d7\u05b4\u05d9\u05d3). <strong>El ayuno principal sigue siendo el D\u00eda de la Expiaci\u00f3n<\/strong>, el 10 de Tishri (Yoma, 8, 1a). <strong>El juda\u00edsmo tambi\u00e9n observa como d\u00eda de luto nacional el 9 de Ab<\/strong>, <strong>el d\u00eda de la primera y segunda destrucci\u00f3n del templo<\/strong> (Ta&#8217;an, 4, 6 ss.).37 <\/p>\n\n\n\n<p class=\"wp-block-paragraph\">Las autoridades tambi\u00e9n pod\u00edan ordenar ayunos generales en tiempos de emergencia (sequ\u00eda, peste, guerra, etc.).38 El lunes y el jueves eran los d\u00edas preferidos para estos ayunos nacionales extraordinarios (b. Ta&#8217;an, 10a, cf. Ta&#8217;an, 1, 4 ss.).39 No debe haber ayunos en s\u00e1bado ni en fiestas.40 Tras el cese del culto sacrificial, el jud\u00edo se vio m\u00e1s fuertemente impulsado hacia el ayuno privado debido al poder y la meritoriedad de esta obra agradable a Dios. <\/p>\n\n\n\n<p class=\"wp-block-paragraph\">El ayuno sustituye al sacrificio, b. Ber., 17a: una declaraci\u00f3n de R. Shesheth.41 Es mayor que la limosna, porque implica al cuerpo y no s\u00f3lo al dinero, b. Ber., 32b: una declaraci\u00f3n de R. Eleazar.42 Provoca y garantiza una respuesta divina: \u00abEl que reza y no recibe respuesta debe ayunar\u00bb, j Ber., 8a; \u00abEl que se viste de cilicio y ayuna, que no se despoje de \u00e9l hasta que ocurra aquello por lo que reza\u00bb, Midr. Abba Gorjon, 6a (ed. Buber, 21a).43 <\/p>\n\n\n\n<p class=\"wp-block-paragraph\">El ayuno hace a un santo, b. Ta&#8217;an, 11a: pronunciamiento de R. Eleazar.44 El objetivo del ayuno no es s\u00f3lo expiar el pecado, evitar una calamidad o alcanzar el cumplimiento de un deseo. El ayuno es por s\u00ed mismo. Su car\u00e1cter autoevidente s\u00f3lo puede entenderse en t\u00e9rminos de la convicci\u00f3n de que Dios reconoce el logro como tal.45 <\/p>\n\n\n\n<p class=\"wp-block-paragraph\">Hay un vivo recuerdo de Is. 58:3 y ss.,46 b. Ta&#8217;an, 16a (cf. Ta&#8217;an, 2, 1), donde en un serm\u00f3n sobre el ayuno se nos dice que el poder reside, no en el cilicio y el ayuno, sino en la penitencia y las buenas obras.47 Pero \u00e9stas son notas subsidiarias que se ven ahogadas por el coro de voces que alaban el ayuno como un fin en s\u00ed mismo. <\/p>\n\n\n\n<p class=\"wp-block-paragraph\">El estudiante de las Escrituras no debe ayunar en privado, porque con ello reduce su trabajo para el cielo, b. Ta&#8217;an, 11b; se debilita a s\u00ed mismo y no puede estudiar.49 R. Shesheth dijo: \u00abSi un joven sigue ayunando, un perro puede comerse su comida\u00bb, b. Ta&#8217;an, 11b. Una forma especial de ayuno privado, junto con los ayunos ocasionales, es la fijaci\u00f3n voluntaria, y m\u00e1s tarde obligatoria, de d\u00edas espec\u00edficos para el ayuno.50 <\/p>\n\n\n\n<p class=\"wp-block-paragraph\">Los dos d\u00edas elegidos eran los que normalmente se designaban para los ayunos nacionales, es decir, lunes y jueves, \u2192 930. Que esta costumbre se remontaba al siglo I no est\u00e1 demostrado de forma concluyente por las fuentes rab\u00ednicas,51 pero se desprende de Did., 8, 1, \u2192 933, cf. 929. La raz\u00f3n de tales ayunos puede ser bastante antigua, cf. b. Git., 56a: \u00abR. \u00c7adoq ayun\u00f3 durante 40 a\u00f1os para que Jerusal\u00e9n no fuera destruida\u00bb.52 <\/p>\n\n\n\n<p class=\"wp-block-paragraph\">El individuo ayuna de forma representativa.53 Su ejercicio de la piedad es para la salvaci\u00f3n de todo el cuerpo. As\u00ed se entiende la preocupaci\u00f3n del fariseo de Lc 18,12: \u00abSe presenta ante Dios como alguien que, en el ayuno y la oraci\u00f3n, lleva en su coraz\u00f3n el bien y el mal del pueblo. As\u00ed piensa que debe ser visto ante Dios\u00bb.54<\/p>\n\n\n\n<figure class=\"wp-block-image aligncenter size-large is-resized\"><a href=\"https:\/\/i0.wp.com\/atravesdelasescrituras.com\/wp-content\/uploads\/2023\/06\/imagen-15.png?ssl=1\"><img data-recalc-dims=\"1\" decoding=\"async\" data-attachment-id=\"44023\" data-permalink=\"https:\/\/atravesdelasescrituras.com\/es_es\/2023\/06\/15\/el-ayuno-en-los-tiempos-del-n-t\/imagen-15\/\" data-orig-file=\"https:\/\/atravesdelasescrituras.com\/wp-content\/uploads\/2023\/06\/imagen-15.png\" data-orig-size=\"400,254\" data-comments-opened=\"1\" data-image-meta=\"{&quot;aperture&quot;:&quot;0&quot;,&quot;credit&quot;:&quot;&quot;,&quot;camera&quot;:&quot;&quot;,&quot;caption&quot;:&quot;&quot;,&quot;created_timestamp&quot;:&quot;0&quot;,&quot;copyright&quot;:&quot;&quot;,&quot;focal_length&quot;:&quot;0&quot;,&quot;iso&quot;:&quot;0&quot;,&quot;shutter_speed&quot;:&quot;0&quot;,&quot;title&quot;:&quot;&quot;,&quot;orientation&quot;:&quot;0&quot;}\" data-image-title=\"imagen-15\" data-image-description=\"\" data-image-caption=\"\" data-large-file=\"https:\/\/atravesdelasescrituras.com\/wp-content\/uploads\/2023\/06\/imagen-15.png\" src=\"https:\/\/i0.wp.com\/atravesdelasescrituras.com\/wp-content\/uploads\/2023\/06\/imagen-15.png?resize=400%2C254&#038;ssl=1\" alt=\"\" class=\"wp-image-44023\" width=\"400\" height=\"254\" \/><\/a><\/figure>\n\n\n\n<p class=\"wp-block-paragraph\"><sup>1<\/sup>\u00a0Johannes Behm, <a href=\"https:\/\/ref.ly\/logosres\/tdnt?ref=GreekStrongs.3523&amp;off=17287&amp;ctx=t+eat+flesh+or+wine+~in+their+striving+fo\">\u00ab\u03bd\u1fc6\u03c3\u03c4\u03b9\u03c2, \u03bd\u03b7\u03c3\u03c4\u03b5\u03cd\u03c9, \u03bd\u03b7\u03c3\u03c4\u03b5\u03af\u03b1\u00bb<\/a>, ed. Gerhard Kittel, Geoffrey W. Bromiley, y Gerhard Friedrich, <em>Theological dictionary of the New Testament<\/em> (Grand Rapids, MI: Eerdmans, 1964\u2013), 930.<\/p>\n\n\n\n<hr class=\"wp-block-coblocks-dynamic-separator\" style=\"height:50px\" \/>\n\n\n\n<pre class=\"wp-block-preformatted has-small-font-size\">\n24 En relaci\u00f3n con esto hay que mencionar tambi\u00e9n la sobriedad en la ma\u00f1ana del s\u00e1bado, v. Jos. Vit.,279: \u1f15\u03ba\u03c4\u03b7 \u1f65\u03c1\u03b1, \u03ba\u03b1\u03b8\u02bc \u1f23\u03bd \u03c4\u03bf\u1fd6\u03c2 \u03c3\u03ac\u03b2\u03b2\u03b1\u03c3\u03b9\u03bd \u1f00\u03c1\u03b9\u03c3\u03c4\u03bf\u03c0\u03bf\u03b9\u03b5\u1fd6\u03c3\u03b8\u03b1\u03b9 \u03bd\u03cc\u03bc\u03b9\u03bc\u03cc\u03bd \u1f10\u03c3\u03c4\u03b9\u03bd \u1f21\u03bc\u1fd6\u03bd y sobre esto Str.-B., II, 615.\n25 Sobre el com\u00fan error romano de que los jud\u00edos ayunaban en s\u00e1bado (\u2192 infra) cf. O. Holtzmann, 350.\n26 TU, NF, 2, 3a (1899), 70 ss.\n27 Cf. tambi\u00e9n Jos. Bell., 5, 236: \u1f10\u03bd \u1f97 \u03bd\u03b7\u03c3\u03c4\u03b5\u03cd\u03b5\u03b9\u03bd \u1f14\u03b8\u03bf\u03c2 \u1f21\u03bc\u03ad\u03c1\u1fb3 \u03c0\u03ac\u03bd\u03c4\u03b1\u03c2 \u03c4\u1ff7 \u03b8\u03b5\u1ff7, Ant., 3, 240: \u03b4\u03b5\u03ba\u03ac\u03c4\u1fc3 \u03b4\u1f72 \u03c4\u03bf\u1fe6 \u03b1\u1f50\u03c4\u03bf\u1fe6 (es decir, el s\u00e9ptimo) \u03bc\u03b7\u03bd\u1f78\u03c2 \u03ba\u03b1\u03c4\u1f70 \u03c3\u03b5\u03bb\u03ae\u03bd\u03b7\u03bd \u03b4\u03b9\u03b1\u03bd\u03b7\u03c3\u03c4\u03b5\u03cd\u03bf\u03bd\u03c4\u03b5\u03c2 \u1f15\u03c9\u03c2 \u1f11\u03c3\u03c0\u03ad\u03c1\u03b1\u03c2. Las oraciones de Rheneia por la venganza tambi\u00e9n aluden a este d\u00eda, Ditt. Syll.3, 1181, cf. l\u00edneas 10 y ss.: \u1fa7 \u03c0\u1fb6\u03c3\u03b1 \u03c8\u03c5\u03c7\u1f74 \u1f10\u03bd \u03c4\u1fc7 \u03c3\u03ae\u03bc\u03b5\u03c1\u03bf\u03bd \u1f21\u03bc\u03ad\u03c1\u1fb3 \u03c4\u03b1\u03c0\u03b5\u03b9\u03bd\u03bf\u1fe6\u03c4\u03b1\u03b9 \u03bc\u03b5\u03b8\u02bc \u1f31\u03ba\u03b5\u03c4\u03b5\u03af\u03b1\u03c2, y sobre esto cf. Deissmann LO, 357 s. La opini\u00f3n de Deissmann de que el ayuno penitencial y la oraci\u00f3n de venganza no se excluyen mutuamente parece confirmada por una nota en Midr. Sal. 41 \u00a7 8, donde la oraci\u00f3n de Sal. 35:12, pronunciada en cilicio como vestidura de ayuno, podr\u00eda haber sido una oraci\u00f3n de venganza, como Dios mismo supone seg\u00fan el Midr. Cf. Str.-B., I, 371 [Bertram].\n28 No se puede decir lo mismo de los sacerdotes (\u00bfpor su sujeci\u00f3n a las leyes de limpieza?) (Loh. Mk., 59).\n29 Lc. 5,33: \u03bd\u03b7\u03c3\u03c4\u03b5\u03cd\u03bf\u03c5\u03c3\u03b9\u03bd \u03c0\u03c5\u03ba\u03bd\u03ac, cf. Mt. 9,14 vl.\n30 El ayuno del lunes y del jueves (Lc. 18,12) no debe considerarse una norma vinculante para todos los fariseos.\n31 La presentaci\u00f3n en E. Lohmeyer, Das Urchristentum, 1: \"Johannes d. T\u00e4ufer\" (1932), 114 ss. es m\u00e1s clara de lo que permiten las fuentes.\n32 Strathmann, 148 y ss.; Bousset-Gressm., 465 y ss.\n33 Strathmann, 87 y ss.; Bousset-Gressm., 465; W. Bauer, Art. \"Essener\", Pauly-W. Suppl. IV, 424.\n34 Cf. I. Heinemann, Philons gr. u. j\u00fcd. Bildung (1932), 132 ss; W. V\u00f6lker, \"Fortschritt u. Vollendung bei Philo v. Alexandrien\", TU 49, 1 (1938), 132 s.\n35 Cuando Fil\u00f3n en Ebr., 148 habla de un incesante ayuno y hambre (\u03bd\u03b7\u03c3\u03c4\u03b5\u03af\u03b1\u03bd \u03c3\u03c5\u03bd\u03b5\u03c7\u1fc6 \u03ba\u03b1\u1f76 \u03bb\u03b9\u03bc\u03cc\u03bd) de \u03c6\u03c1\u03cc\u03bd\u03b7\u03c3\u03b9\u03c2, est\u00e1 siguiendo un uso fig. que se encuentra de vez en cuando de Emped. Fr., 144 (I, 277, 23, Diels5): \u03bd\u03b7\u03c3\u03c4\u03b5\u1fe6\u03c3\u03b1\u03b9 \u03ba\u03b1\u03ba\u03cc\u03c4\u03b7\u03c4\u03bf\u03c2, y recurrente tambi\u00e9n en lit. cr. anteriores, p. ej., Cl. Al. Strom., VII, 75, 3; 76, 1, o Chrys. Ad. Populum Antiochenum Hom., 3 (MPG, 49, 53): \u03bd\u03b7\u03c3\u03c4\u03b5\u03c5\u03ad\u03c4\u03c9 \u03ba\u03b1\u1f76 \u03c3\u03c4\u03cc\u03bc\u03b1 \u1f00\u03c0\u1f78 \u1fe5\u03b7\u03bc\u03ac\u03c4\u03c9\u03bd \u03b1\u1f30\u03c3\u03c7\u03c1\u1ff6\u03bd \u03ba\u03b1\u1f76 \u03bb\u03bf\u03b9\u03b4\u03bf\u03c1\u03af\u03b1\u03c2 (cf. Lidz. Ginza, 18, 25 ss.; 39, 27 ss. etc.); cf. tambi\u00e9n el \u00e1grafo, \u2192 n. 66.\n36 Primero en el rollo de ayunos (Megillat Ta'an) del s. I d.C. Para la forma aramea original, cf. G. Dalman, Aram. Dialektproben2 (1927), 1 ss. La edici\u00f3n de A. Neubauer en Anecdota Oxoniensia, Semitic Ser., I, 6 (1895), 3 ss. contiene tambi\u00e9n a\u00f1adidos hebreos posteriores.\n37 Str.-B., IV, 77 ss.\n38 Ibld., 82 ss.\n39 Sobre su elecci\u00f3n por motivos de conveniencia, ibid., 89; II, 243, n. 2.\n40 El rollo de los ayunos (\u2192 n. 36) proh\u00edbe por primera vez ayunar no s\u00f3lo en las fiestas c\u00falticas (cf. Jdt. 8, 6 \u2192 929), sino tambi\u00e9n en las fiestas nacionales.\n41 Str.-B., IV, 107, n\u00fam. 9c.\n42 Ib\u00eddem, n\u00fam. 9d.\n43 Ibid., 103, n\u00fam. 8a.\n44 Ib\u00eddem, 108, n\u00ba 91.\n45 Ib\u00eddem, 94 y 105.\n46 Ib\u00eddem, 107, n\u00fam. 9a.\n47 Loc. cit.\n48 Ib\u00eddem, II, 95.\n49 II, 100, n\u00fam. 6w.\n50 II, 242 ss.\n51 En su forma original, la Meguilat Ta'an no se ocupa del ayuno voluntario del segundo y quinto d\u00eda. La primera referencia al respecto se encuentra en un comentario hebreo muy posterior. En el c. 12 y en Megillat Ta'an, 13, que es una adici\u00f3n posterior, tenemos la explicaci\u00f3n: \"Nuestros maestros tambi\u00e9n han ordenado que se ayune el segundo y el quinto d\u00eda por tres razones: por la destrucci\u00f3n del templo; por la Tor\u00e1 que ha sido quemada; y por la profanaci\u00f3n del nombre divino\", cf. Str.-B., II, 243.\n52 Str.-B., II, 243 s. se refiere al ayuno de lunes a jueves de los laicos presentes en el sacrificio tamid en el templo (Ta'an, 4, 3), que ten\u00eda ref. a las necesidades especiales del pueblo, cf., p. ej., b. Ta'an, 27b Bar. (Str.-B., II, 65, n\u00fam. 3h).\n53 Moore, II, 261 s.\n54 Str.-B., II, 244; cf. Schl. Lk., ad loc.<\/pre>\n","protected":false},"excerpt":{"rendered":"<p>Hasta los d\u00edas del NT el ayuno llega a ocupar un lugar tan elevado en la pr\u00e1ctica y estimaci\u00f3n del juda\u00edsmo24 que para los gentiles es una de las marcas del jud\u00edo, cf. T\u00e1cito Hist, V, 4: longam olim (durante el peregrinaje por el desierto) famem crebris adhuc ieiuniis fatentur; Suet.AugCaes;, 76, 3: ne Judaeus [&hellip;]<\/p>\n","protected":false},"author":80235555,"featured_media":0,"comment_status":"open","ping_status":"open","sticky":false,"template":"","format":"standard","meta":{"_coblocks_attr":"","_coblocks_dimensions":"","_coblocks_responsive_height":"","_coblocks_accordion_ie_support":"","_gspb_post_css":"","advanced_seo_description":"","jetpack_seo_html_title":"","jetpack_seo_noindex":false,"jetpack_seo_schema_type":"","_jetpack_newsletter_access":"","_jetpack_dont_email_post_to_subs":false,"_jetpack_newsletter_tier_id":0,"_jetpack_memberships_contains_paywalled_content":false,"_wpcom_ai_launchpad_first_post":false,"_jetpack_feature_clip_id":0,"_jetpack_memberships_contains_paid_content":false,"footnotes":"","jetpack_publicize_message":"","jetpack_publicize_feature_enabled":true,"jetpack_social_post_already_shared":false,"jetpack_social_options":{"image_generator_settings":{"template":"highway","default_image_id":0,"font":"","enabled":false},"version":2},"jetpack_post_was_ever_published":false},"categories":[1460447,24476136],"tags":[525050,763189562,763189559,763189556,763189563],"class_list":["post-44010","post","type-post","status-publish","format-standard","hentry","category-articulos-varios","category-otros-2","tag-ayuno","tag-ayuno-del-dia-de-expiacion","tag-ayuno-en-el-judaismo","tag-ayuno-en-tiempos-del-n-t","tag-ayuno-varios"],"blocksy_meta":{"styles_descriptor":{"styles":{"desktop":"","tablet":"","mobile":""},"google_fonts":[],"version":7}},"jetpack_publicize_connections":[],"jetpack_likes_enabled":true,"jetpack_sharing_enabled":true,"jetpack_shortlink":"https:\/\/wp.me\/p5HWJ5-brQ","jetpack-related-posts":[],"brizy_media":[],"jetpack_featured_media_url":"","_links":{"self":[{"href":"https:\/\/atravesdelasescrituras.com\/es_es\/wp-json\/wp\/v2\/posts\/44010","targetHints":{"allow":["GET"]}}],"collection":[{"href":"https:\/\/atravesdelasescrituras.com\/es_es\/wp-json\/wp\/v2\/posts"}],"about":[{"href":"https:\/\/atravesdelasescrituras.com\/es_es\/wp-json\/wp\/v2\/types\/post"}],"author":[{"embeddable":true,"href":"https:\/\/atravesdelasescrituras.com\/es_es\/wp-json\/wp\/v2\/users\/80235555"}],"replies":[{"embeddable":true,"href":"https:\/\/atravesdelasescrituras.com\/es_es\/wp-json\/wp\/v2\/comments?post=44010"}],"version-history":[{"count":11,"href":"https:\/\/atravesdelasescrituras.com\/es_es\/wp-json\/wp\/v2\/posts\/44010\/revisions"}],"predecessor-version":[{"id":44024,"href":"https:\/\/atravesdelasescrituras.com\/es_es\/wp-json\/wp\/v2\/posts\/44010\/revisions\/44024"}],"wp:attachment":[{"href":"https:\/\/atravesdelasescrituras.com\/es_es\/wp-json\/wp\/v2\/media?parent=44010"}],"wp:term":[{"taxonomy":"category","embeddable":true,"href":"https:\/\/atravesdelasescrituras.com\/es_es\/wp-json\/wp\/v2\/categories?post=44010"},{"taxonomy":"post_tag","embeddable":true,"href":"https:\/\/atravesdelasescrituras.com\/es_es\/wp-json\/wp\/v2\/tags?post=44010"}],"curies":[{"name":"wp","href":"https:\/\/api.w.org\/{rel}","templated":true}]}}