{"id":47498,"date":"2024-02-05T19:23:13","date_gmt":"2024-02-05T18:23:13","guid":{"rendered":"https:\/\/atravesdelasescrituras.com\/?p=47498"},"modified":"2024-02-05T19:39:08","modified_gmt":"2024-02-05T18:39:08","slug":"dialogo-entre-judios-y-cristianos","status":"publish","type":"post","link":"https:\/\/atravesdelasescrituras.com\/es_es\/2024\/02\/05\/dialogo-entre-judios-y-cristianos\/","title":{"rendered":"Di\u00e1logo entre jud\u00edos y cristianos"},"content":{"rendered":"\n<p class=\"wp-block-paragraph\">Durante casi 2.000 a\u00f1os, cristianos y jud\u00edos se han asignado mutuamente papeles intrascendentes en las narraciones maestras que cada uno de ellos ha transmitido de generaci\u00f3n en generaci\u00f3n. Desde una perspectiva jud\u00eda tradicional, la relaci\u00f3n de alianza entre Dios e Israel determina el bienestar \u00faltimo del mundo. <strong>El destino de las naciones depende de que Israel cumpla sus obligaciones sagradas<\/strong>. Aunque los no jud\u00edos pueden servir como instrumentos de Dios para recordar a Israel sus deberes, la mayor\u00eda de los jud\u00edos han mantenido hist\u00f3ricamente que tienen poco o nada de sustancia teol\u00f3gica o espiritual que aprender de los no jud\u00edos, incluidos los cristianos. La cuesti\u00f3n de por qu\u00e9 Dios necesitaba, o incluso se molest\u00f3, en crear tantos cristianos puede haber confundido a algunos jud\u00edos, pero no ha provocado una atenci\u00f3n seria y sostenida a lo largo de los siglos.<\/p>\n\n\n\n<p class=\"wp-block-paragraph\">Los cristianos <strong>han tenido mayores dificultades para ignorar el juda\u00edsmo, ya que Jes\u00fas y sus primeros disc\u00edpulos eran jud\u00edos.<\/strong> La pregunta de c\u00f3mo se puede seguir el camino de Jes\u00fas sin permanecer fiel a su tradici\u00f3n jud\u00eda irrit\u00f3 a la Iglesia primitiva y su respuesta requiri\u00f3 un ingenio considerable. Las respuestas que surgieron en el siglo III se basaban en la l\u00f3gica del supersesionismo cristiano. Seg\u00fan este punto de vista, Dios envi\u00f3 a Jes\u00fas al pueblo jud\u00edo, pero su propio pueblo no acept\u00f3 su mensaje; por tanto, Dios rechaz\u00f3 a los jud\u00edos, con lo que la alianza con el pueblo jud\u00edo qued\u00f3 obsoleta. En su lugar se estableci\u00f3 una nueva alianza, dada a conocer en la persona de Jesucristo, a trav\u00e9s de la cual el pueblo pod\u00eda establecer una relaci\u00f3n justa con Dios. <\/p>\n\n\n\n<figure class=\"wp-block-image alignright size-large is-resized\"><a href=\"https:\/\/i0.wp.com\/atravesdelasescrituras.com\/wp-content\/uploads\/2024\/02\/unnamed.jpg?ssl=1\"><img data-recalc-dims=\"1\" fetchpriority=\"high\" decoding=\"async\" width=\"1200\" height=\"1200\" data-attachment-id=\"47511\" data-permalink=\"https:\/\/atravesdelasescrituras.com\/es_es\/2024\/02\/05\/dialogo-entre-judios-y-cristianos\/unnamed\/\" data-orig-file=\"https:\/\/atravesdelasescrituras.com\/wp-content\/uploads\/2024\/02\/unnamed.jpg\" data-orig-size=\"1200,1200\" data-comments-opened=\"1\" data-image-meta=\"{&quot;aperture&quot;:&quot;0&quot;,&quot;credit&quot;:&quot;&quot;,&quot;camera&quot;:&quot;&quot;,&quot;caption&quot;:&quot;&quot;,&quot;created_timestamp&quot;:&quot;0&quot;,&quot;copyright&quot;:&quot;&quot;,&quot;focal_length&quot;:&quot;0&quot;,&quot;iso&quot;:&quot;0&quot;,&quot;shutter_speed&quot;:&quot;0&quot;,&quot;title&quot;:&quot;&quot;,&quot;orientation&quot;:&quot;0&quot;}\" data-image-title=\"unnamed\" data-image-description=\"\" data-image-caption=\"\" data-large-file=\"https:\/\/atravesdelasescrituras.com\/wp-content\/uploads\/2024\/02\/unnamed.jpg\" src=\"https:\/\/i0.wp.com\/atravesdelasescrituras.com\/wp-content\/uploads\/2024\/02\/unnamed.jpg?resize=1200%2C1200&#038;ssl=1\" alt=\"\" class=\"wp-image-47511\" style=\"width:267px;height:auto\" \/><\/a><figcaption class=\"wp-element-caption\"><strong>Arnold Joseph Toynbee<\/strong> (<a href=\"https:\/\/es.wikipedia.org\/wiki\/Londres\">Londres<\/a>, 14 de abril de 1889-<a href=\"https:\/\/es.wikipedia.org\/wiki\/York\">York<\/a>, 22 de octubre de 1975) fue un historiador brit\u00e1nico, fil\u00f3sofo de la historia, autor de numerosos libros y profesor de investigaci\u00f3n de historia internacional en la <a href=\"https:\/\/es.wikipedia.org\/wiki\/London_School_of_Economics\">London School of Economics<\/a> y el <a href=\"https:\/\/es.wikipedia.org\/wiki\/King%27s_College_de_Londres\">King&#8217;s College de Londres<\/a>. De 1918 a 1950, Toynbee fue considerado un destacado especialista en asuntos internacionales.<\/figcaption><\/figure>\n\n\n\n<p class=\"wp-block-paragraph\"><strong>Las cat\u00e1strofes hist\u00f3ricas que se abatieron sobre la naci\u00f3n jud\u00eda, especialmente la destrucci\u00f3n del segundo templo en el a\u00f1o 70 d.C., se interpretaron como un juicio divino sobre el juda\u00edsmo, una lectura de los acontecimientos que sirvi\u00f3 para reforzar la exclusividad de las pretensiones de verdad cristianas.<\/strong> Arnold Toynbee personific\u00f3 un prejuicio generalizado al tachar al juda\u00edsmo de \u00abreligi\u00f3n fosilizada\u00bb. Seg\u00fan algunas interpretaciones tradicionales de la historia antigua, el pueblo jud\u00edo se limitaba a dar un testimonio negativo a todo aquel que negara a Jesucristo como Se\u00f1or y Salvador.<\/p>\n\n\n\n<p class=\"wp-block-paragraph\">La continua y a menudo creativa interacci\u00f3n entre cristianos y jud\u00edos a lo largo de los siglos desmiente las caricaturas grabadas en sus guiones heredados. <strong>Ni cristianos ni jud\u00edos han podido evitar tratar con el otro, pues cada uno ha tenido que negociar inevitables enredos econ\u00f3micos, pol\u00edticos y sociales, que han dejado profundas huellas en ambas tradiciones religiosas<\/strong>. Cada vez m\u00e1s, los estudios hist\u00f3ricos demuestran que las fronteras que separaban a jud\u00edos y cristianos en siglos pasados han estado mucho m\u00e1s abiertas a un profundo intercambio de ideas de lo que ninguna de las dos comunidades ha reconocido p\u00fablicamente.<\/p>\n\n\n\n<p class=\"wp-block-paragraph\">Sin embargo, <strong>desde 1950 aproximadamente, cristianos y jud\u00edos han empezado a reconocer abiertamente el profundo entrelazamiento de sus tradiciones y el hecho de que esta interconexi\u00f3n ya no puede suprimirse sin poner en peligro la credibilidad moral del cristianismo y la supervivencia f\u00edsica del pueblo jud\u00edo.<\/strong> El imperativo de afrontar el legado de las relaciones judeo-cristianas se ha hecho ineludible a la luz de dos acontecimientos que marcaron una \u00e9poca en el siglo XX: el Holocausto, a menudo llamado la Shoah (del hebreo \u0161\u00f4\u02be\u00e2, \u00abcalamidad, cat\u00e1strofe\u00bb), y el renacimiento del Israel. Los desaf\u00edos planteados por estos acontecimientos hist\u00f3ricos han desencadenado una revoluci\u00f3n en la autocomprensi\u00f3n cristiana que afecta a los propios cimientos de la Iglesia. A ra\u00edz de estos acontecimientos, los jud\u00edos tambi\u00e9n se ven obligados a reexaminar algunos de sus supuestos m\u00e1s fundamentales sobre s\u00ed mismos, el mundo y Dios.<\/p>\n\n\n\n<p class=\"wp-block-paragraph\">La din\u00e1mica cambiante del di\u00e1logo judeo-cristiano es dif\u00edcil de trazar en detalle, pero cuatro marcadores centrales servir\u00e1n para organizar este paisaje en evoluci\u00f3n.<\/p>\n\n\n<nav aria-label=\"Tabla de contenidos\" class=\"wp-block-table-of-contents\"><ol><li><a class=\"wp-block-table-of-contents__entry\" href=\"#repensar-los-origenes\">Repensar los or\u00edgenes<\/a><\/li><li><a class=\"wp-block-table-of-contents__entry\" href=\"#historias-superpuestas-y-memorias-divergentes\">Historias superpuestas y memorias divergentes<\/a><\/li><li><a class=\"wp-block-table-of-contents__entry\" href=\"#evolucion-teologica\">Evoluci\u00f3n teol\u00f3gica<\/a><\/li><li><a class=\"wp-block-table-of-contents__entry\" href=\"#el-supersesionismo-cristiano\">El supersesionismo cristiano<\/a><\/li><li><a class=\"wp-block-table-of-contents__entry\" href=\"#concepciones-de-dios\">Concepciones de Dios<\/a><\/li><li><a class=\"wp-block-table-of-contents__entry\" href=\"#interpretacion-de-los-textos-sagrados\">Interpretaci\u00f3n de los textos sagrados<\/a><\/li><li><a class=\"wp-block-table-of-contents__entry\" href=\"#significado-religioso-del-estado-de-israel\">Significado religioso del Estado de Israel<\/a><\/li><li><a class=\"wp-block-table-of-contents__entry\" href=\"#mision-y-testimonio-en-un-mundo-religiosamente-plural\">Misi\u00f3n y testimonio en un mundo religiosamente plural<\/a><\/li><li><a class=\"wp-block-table-of-contents__entry\" href=\"#estrategias-organizativas\">Estrategias organizativas<\/a><\/li><\/ol><\/nav>\n\n\n<h2 class=\"wp-block-heading\" id=\"repensar-los-origenes\">Repensar los or\u00edgenes<\/h2>\n\n\n\n<p class=\"wp-block-paragraph\"><strong>Tanto jud\u00edos como cristianos reivindican una herencia sagrada que fluye en una corriente ininterrumpida desde Abraham hasta sus distintas tradiciones religiosas<\/strong>. Tanto cristianos como jud\u00edos insisten en que son la verdadera extensi\u00f3n de la religi\u00f3n israelita, y evocan esta antigua conexi\u00f3n para establecer su autoridad y justificar su estatus singular como socios de la alianza de Dios.<\/p>\n\n\n\n<p class=\"wp-block-paragraph\">Seg\u00fan la mayor\u00eda de los jud\u00edos del pasado y del presente, los seguidores de Jes\u00fas, muy especialmente el ap\u00f3stol Pablo, se desviaron de la cadena de la tradici\u00f3n. Un movimiento que brot\u00f3 en suelo jud\u00edo se convirti\u00f3 en una religi\u00f3n totalmente distinta con la afluencia de gentiles no observantes. <strong>Los jud\u00edos se ve\u00edan a s\u00ed mismos como los verdaderos y \u00fanicos descendientes leg\u00edtimos del antiguo Israel, y el peculiar giro que los seguidores de Jes\u00fas daban a sus escrituras era obra de intrusos que ni siquiera pod\u00edan enfrentarse al texto en su hebreo original<\/strong>.<\/p>\n\n\n\n<p class=\"wp-block-paragraph\">Por el contrario, <strong>los cristianos sol\u00edan considerar el juda\u00edsmo del segundo templo como una tradici\u00f3n legalista y espiritualmente agotada que Jes\u00fas y sus seguidores eran incapaces de salvar<\/strong>. Mediante una teolog\u00eda supersesionista del desplazamiento, los cristianos sosten\u00edan que la Iglesia estaba org\u00e1nicamente conectada con \u00ablas Escrituras\u00bb (es decir, el Antiguo Testamento) y que pod\u00eda trazar leg\u00edtimamente su linaje a trav\u00e9s de los reyes, sacerdotes y profetas de Israel hasta Abraham.<\/p>\n\n\n\n<p class=\"wp-block-paragraph\">Seg\u00fan este esquema teol\u00f3gico, Dios hab\u00eda reconstituido un nuevo Israel, compuesto por todas las personas que depositaban su fe en Jesucristo. Las antiguas promesas se cumpl\u00edan en Cristo y, por tanto, la Iglesia eclipsaba a la sinagoga como lugar de la vida pactada. Los jud\u00edos fueron condenados como ciegos a la verdad interior y al significado de sus propias escrituras. El juda\u00edsmo rab\u00ednico fue descartado como un movimiento desviado que marchaba obstinadamente por un callej\u00f3n sin salida.<\/p>\n\n\n\n<figure class=\"wp-block-pullquote\"><blockquote><p><strong>Desde al menos la d\u00e9cada de 1970, los eruditos jud\u00edos y cristianos han dado un vuelco a estas construcciones hist\u00f3ricas y han puesto al descubierto los fines pol\u00e9micos a los que serv\u00edan estos retratos.<\/strong> <strong>A Jes\u00fas y a sus seguidores se les sit\u00faa cada vez m\u00e1s dentro de la matriz del juda\u00edsmo palestino, un contexto mucho m\u00e1s variado y complejo de lo que antes se reconoc\u00eda<\/strong>. <\/p><\/blockquote><\/figure>\n\n\n\n<p class=\"wp-block-paragraph\">Los fariseos, rutinariamente descartados por los eruditos cristianos en el siglo XIX y principios del XX como los habitantes empobrecidos de un p\u00e1ramo religioso, han resurgido como los arquitectos de una revoluci\u00f3n espiritual con antecedentes tan lejanos como la contribuci\u00f3n elo\u00edsta a la Tor\u00e1 (ca. 850 a.C.). Cada vez est\u00e1 m\u00e1s claro que tanto jud\u00edos como cristianos est\u00e1n profundamente en deuda con un movimiento religioso que contribuy\u00f3 a desplazar el centro de autoridad del sacerdocio al rabinato, del templo de Jerusal\u00e9n a las sinagogas de las comunidades locales y, lo que es m\u00e1s importante, de la Tor\u00e1 escrita a una tradici\u00f3n de interpretaci\u00f3n m\u00e1s abierta y adaptable, conocida como la Tor\u00e1 oral, un vasto corpus que posteriormente fue redactado en la Mishn\u00e1 y el Talmud.<\/p>\n\n\n\n<p class=\"wp-block-paragraph\">La importancia de este legado est\u00e1 grabada en los cimientos de las tradiciones jud\u00eda y cristiana. Mientras que el sacerdocio s\u00f3lo estaba abierto a los varones nacidos en el seno de una familia sacerdotal, cualquier jud\u00edo pod\u00eda convertirse en rabino sobre la base de su saber. Los nuevos m\u00e9todos de interpretaci\u00f3n permit\u00edan a cualquier jud\u00edo participar en las pr\u00e1cticas rituales y lit\u00fargicas antes confinadas al templo y limitadas al sacerdocio. <\/p>\n\n\n\n<p class=\"wp-block-paragraph\">Cada hogar jud\u00edo pod\u00eda reflejar los ritmos sagrados del templo, pues la mesa del comedor se transpon\u00eda en un altar, y el compa\u00f1erismo de amigos y familiares constitu\u00eda un concepto alternativo de sacerdocio. Se desarroll\u00f3 una forma de vida que sacralizaba las rutinas diarias y permit\u00eda a los jud\u00edos santificar la vida en todas sus maravillas ordinarias. Estas innovaciones democratizaron y universalizaron la observancia de la Tor\u00e1, cultivando al mismo tiempo el terreno intelectual y espiritual en el que pod\u00edan arraigar tanto el cristianismo como el juda\u00edsmo rab\u00ednico.<\/p>\n\n\n\n<p class=\"wp-block-paragraph\">Como resultado de esta reevaluaci\u00f3n del juda\u00edsmo del segundo templo, eruditos como E. P. Sanders han reexaminado las batallas pol\u00e9micas entre Jes\u00fas y sus contempor\u00e1neos jud\u00edos, concluyendo que <strong>casi todos los argumentos de los Evangelios entraban dentro del espectro del debate jud\u00edo<\/strong>. <\/p>\n\n\n\n<figure class=\"wp-block-image alignright size-large is-resized\"><a href=\"https:\/\/i0.wp.com\/atravesdelasescrituras.com\/wp-content\/uploads\/2024\/02\/403.jpg?ssl=1\"><img data-recalc-dims=\"1\" decoding=\"async\" width=\"380\" height=\"586\" data-attachment-id=\"47506\" data-permalink=\"https:\/\/atravesdelasescrituras.com\/es_es\/2024\/02\/05\/dialogo-entre-judios-y-cristianos\/attachment\/403\/\" data-orig-file=\"https:\/\/atravesdelasescrituras.com\/wp-content\/uploads\/2024\/02\/403.jpg\" data-orig-size=\"380,586\" data-comments-opened=\"1\" data-image-meta=\"{&quot;aperture&quot;:&quot;0&quot;,&quot;credit&quot;:&quot;&quot;,&quot;camera&quot;:&quot;&quot;,&quot;caption&quot;:&quot;&quot;,&quot;created_timestamp&quot;:&quot;0&quot;,&quot;copyright&quot;:&quot;This work is licensed under a Creative Commons Attribution-NonCommercial-NoDerivs 3.0 Unported License.&quot;,&quot;focal_length&quot;:&quot;0&quot;,&quot;iso&quot;:&quot;0&quot;,&quot;shutter_speed&quot;:&quot;0&quot;,&quot;title&quot;:&quot;&quot;,&quot;orientation&quot;:&quot;1&quot;}\" data-image-title=\"403\" data-image-description=\"\" data-image-caption=\"\" data-large-file=\"https:\/\/atravesdelasescrituras.com\/wp-content\/uploads\/2024\/02\/403.jpg\" src=\"https:\/\/i0.wp.com\/atravesdelasescrituras.com\/wp-content\/uploads\/2024\/02\/403.jpg?resize=380%2C586&#038;ssl=1\" alt=\"\" class=\"wp-image-47506\" style=\"width:211px;height:auto\" \/><\/a><figcaption class=\"wp-element-caption\">Un jud\u00edo marginal. Nueva visi\u00f3n del Jes\u00fas hist\u00f3rico<\/figcaption><\/figure>\n\n\n\n<p class=\"wp-block-paragraph\"><strong>Los estudios actuales <\/strong>(por ejemplo, Marginal Jew: Rethinking the Historical Jesus, de J. P. Meier) i<strong>ntentan situar a Jes\u00fas en el juda\u00edsmo de su \u00e9poca y arrojar m\u00e1s luz sobre sus acciones, sus ense\u00f1anzas y los diversos relatos evang\u00e9licos que interpretan su vida. Adem\u00e1s, no s\u00f3lo el juda\u00edsmo de Jes\u00fas se ha convertido en una piedra de toque para los estudiosos del NT, sino que los profundos v\u00ednculos que unen a Pablo con el complejo de creencias y pr\u00e1cticas jud\u00edas tambi\u00e9n han surgido como una din\u00e1mica de importancia cr\u00edtica <\/strong>(aunque muy descuidada). <\/p>\n\n\n\n<p class=\"wp-block-paragraph\"><strong>Cada vez se reconoce m\u00e1s que la l\u00f3gica de los argumentos de Pablo y las trayectorias teol\u00f3gicas de su pensamiento est\u00e1n profundamente moldeadas por la imaginaci\u00f3n rab\u00ednica.<\/strong><\/p>\n\n\n\n<figure class=\"wp-block-image alignleft size-large is-resized\"><a href=\"https:\/\/i0.wp.com\/atravesdelasescrituras.com\/wp-content\/uploads\/2024\/02\/31opqittybl.jpg?ssl=1\"><img data-recalc-dims=\"1\" decoding=\"async\" width=\"203\" height=\"315\" data-attachment-id=\"47508\" data-permalink=\"https:\/\/atravesdelasescrituras.com\/es_es\/2024\/02\/05\/dialogo-entre-judios-y-cristianos\/version-1-0-0\/\" data-orig-file=\"https:\/\/atravesdelasescrituras.com\/wp-content\/uploads\/2024\/02\/31opqittybl.jpg\" data-orig-size=\"203,315\" data-comments-opened=\"1\" data-image-meta=\"{&quot;aperture&quot;:&quot;0&quot;,&quot;credit&quot;:&quot;&quot;,&quot;camera&quot;:&quot;&quot;,&quot;caption&quot;:&quot;Version 1.0.0&quot;,&quot;created_timestamp&quot;:&quot;0&quot;,&quot;copyright&quot;:&quot;&quot;,&quot;focal_length&quot;:&quot;0&quot;,&quot;iso&quot;:&quot;0&quot;,&quot;shutter_speed&quot;:&quot;0&quot;,&quot;title&quot;:&quot;Version 1.0.0&quot;,&quot;orientation&quot;:&quot;0&quot;}\" data-image-title=\"Version 1.0.0\" data-image-description=\"\" data-image-caption=\"&lt;p&gt;Version 1.0.0&lt;\/p&gt;\n\" data-large-file=\"https:\/\/atravesdelasescrituras.com\/wp-content\/uploads\/2024\/02\/31opqittybl.jpg\" src=\"https:\/\/i0.wp.com\/atravesdelasescrituras.com\/wp-content\/uploads\/2024\/02\/31opqittybl.jpg?resize=203%2C315&#038;ssl=1\" alt=\"\" class=\"wp-image-47508\" style=\"width:184px;height:auto\" \/><\/a><figcaption class=\"wp-element-caption\">Alan Franklin Segal (2 de agosto de 1945 &#8211; 13 de febrero de 2011) fue un estudioso de las religiones antiguas, especializado en la relaci\u00f3n del juda\u00edsmo con el cristianismo. Segal se autodefini\u00f3 como \u00abjud\u00edo creyente y humanista del siglo XX\u00bb[1]: Segal fue uno de los primeros eruditos modernos en escribir extensamente sobre las influencias del juda\u00edsmo (incluidos los textos rab\u00ednicos del Segundo Templo, el misticismo de Merkabah y el apocalipticismo jud\u00edo) en Pablo de Damasco.<\/figcaption><\/figure>\n\n\n\n<p class=\"wp-block-paragraph\">Si los primeros seguidores de Jes\u00fas y la Iglesia primitiva estaban inmersos en las turbulentas luchas de la comunidad jud\u00eda, entonces los historiadores se ven obligados a reexaminar el desarrollo de las reivindicaciones mesi\u00e1nicas vinculadas a Jes\u00fas (Mesianismo). C\u00f3mo recorrieron los cristianos la distancia de Jes\u00fas a Cristo y de Cristo a Dios? Adem\u00e1s, los enredos sugieren que las separaciones de caminos tuvieron lugar durante un per\u00edodo de tiempo mucho m\u00e1s largo y en una mayor variedad de disputas de lo que se cre\u00eda. Los viejos s\u00edmiles que comparan la relaci\u00f3n de jud\u00edos y cristianos con la de padres e hijos pierden su atractivo explicativo. <\/p>\n\n\n\n<p class=\"wp-block-paragraph\">En su lugar, estudiosos como Alan Segal sugieren que tanto el juda\u00edsmo rab\u00ednico como el\u2002cristianismo primitivo se representan con m\u00e1s precisi\u00f3n como hermanos rivales. Ambas tradiciones se vieron obligadas a dar saltos radicales para adaptarse al trauma generado por la destrucci\u00f3n del segundo templo. <\/p>\n\n\n\n<p class=\"wp-block-paragraph\">Ambas tradiciones se vieron obligadas a replantearse sus identidades y a redefinir las bases de la lealtad pactada al verse catapultadas a nuevos escenarios y atraer a nuevos grupos. El reexamen de los or\u00edgenes jud\u00edos y cristianos proporciona as\u00ed un nuevo \u00e1ngulo de visi\u00f3n sobre el contenido y el car\u00e1cter de la formaci\u00f3n de la identidad religiosa.<\/p>\n\n\n\n<h2 class=\"wp-block-heading\" id=\"historias-superpuestas-y-memorias-divergentes\">Historias superpuestas y memorias divergentes<\/h2>\n\n\n\n<p class=\"wp-block-paragraph\">Mientras que el legado del antijuda\u00edsmo est\u00e1 indeleblemente grabado en la memoria jud\u00eda, los cristianos son en gran medida ajenos a este angustioso pasado. Los recuerdos cristianos del triunfo misionero y de la compasi\u00f3n por el mundo ocultan una sucia cara oculta de la cristiandad.<\/p>\n\n\n\n<p class=\"wp-block-paragraph\">La historia del encuentro judeo-cristiano demuestra que un evangelio de amor puede invertirse y ponerse al servicio del odio. La indiferencia, la ignorancia y el desprecio por el pueblo jud\u00edo y el juda\u00edsmo han encontrado repetidamente santuario en los corazones y las mentes de los cristianos cat\u00f3licos romanos, ortodoxos y protestantes por igual. <strong>Con muy pocas excepciones, los m\u00e1s grandes pensadores cristianos y los santos cristianos m\u00e1s piadosos reflejaron o incluso magnificaron el sesgo antijud\u00edo de la cultura circundante<\/strong>. Las perspectivas de una nueva relaci\u00f3n dependen de la voluntad de jud\u00edos y cristianos de examinar sus historias coincidentes y sus memorias divergentes y de proseguir juntos esta investigaci\u00f3n con rigor.<\/p>\n\n\n\n<p class=\"wp-block-paragraph\">La cuesti\u00f3n de la relaci\u00f3n entre el antijuda\u00edsmo cristiano tradicional y el antisemitismo moderno sigue encendiendo debates explosivos. <strong>Algunos estudiosos sostienen que la tradici\u00f3n cristiana <\/strong><\/p>\n\n\n\n<p class=\"wp-block-paragraph\"><strong>proporcion\u00f3 un arsenal de im\u00e1genes t\u00f3xicas del pueblo jud\u00edo. Los fundamentos mitol\u00f3gicos del antisemitismo moderno son las versiones secularizadas de fantas\u00edas antiguas y medievales en las que se imagina al pueblo jud\u00edo como agentes demon\u00edacos, empe\u00f1ados en apoderarse del mundo.<\/strong> Estas fantas\u00edas se popularizaron y difundieron en el arte, la literatura, la m\u00fasica y el teatro de la \u00e9poca medieval, y sirvieron de base para la visi\u00f3n conspirativa del mundo de la ideolog\u00eda nazi.<\/p>\n\n\n\n<figure class=\"wp-block-image aligncenter size-large is-resized\"><a href=\"https:\/\/i0.wp.com\/atravesdelasescrituras.com\/wp-content\/uploads\/2024\/02\/f.elconfidencial.com_original_ae7_fed_de1_ae7fedde11c3277a7102ee09ccc4bd49.jpg?ssl=1\"><img data-recalc-dims=\"1\" loading=\"lazy\" decoding=\"async\" width=\"1200\" height=\"1200\" data-attachment-id=\"47535\" data-permalink=\"https:\/\/atravesdelasescrituras.com\/es_es\/2024\/02\/05\/dialogo-entre-judios-y-cristianos\/f-elconfidencial-com_original_ae7_fed_de1_ae7fedde11c3277a7102ee09ccc4bd49\/\" data-orig-file=\"https:\/\/atravesdelasescrituras.com\/wp-content\/uploads\/2024\/02\/f.elconfidencial.com_original_ae7_fed_de1_ae7fedde11c3277a7102ee09ccc4bd49.jpg\" data-orig-size=\"1200,1200\" data-comments-opened=\"1\" data-image-meta=\"{&quot;aperture&quot;:&quot;0&quot;,&quot;credit&quot;:&quot;&quot;,&quot;camera&quot;:&quot;&quot;,&quot;caption&quot;:&quot;&quot;,&quot;created_timestamp&quot;:&quot;0&quot;,&quot;copyright&quot;:&quot;&quot;,&quot;focal_length&quot;:&quot;0&quot;,&quot;iso&quot;:&quot;0&quot;,&quot;shutter_speed&quot;:&quot;0&quot;,&quot;title&quot;:&quot;&quot;,&quot;orientation&quot;:&quot;0&quot;}\" data-image-title=\"f.elconfidencial.com_original_ae7_fed_de1_ae7fedde11c3277a7102ee09ccc4bd49\" data-image-description=\"\" data-image-caption=\"\" data-large-file=\"https:\/\/atravesdelasescrituras.com\/wp-content\/uploads\/2024\/02\/f.elconfidencial.com_original_ae7_fed_de1_ae7fedde11c3277a7102ee09ccc4bd49.jpg\" src=\"https:\/\/i0.wp.com\/atravesdelasescrituras.com\/wp-content\/uploads\/2024\/02\/f.elconfidencial.com_original_ae7_fed_de1_ae7fedde11c3277a7102ee09ccc4bd49.jpg?resize=1200%2C1200&#038;ssl=1\" alt=\"\" class=\"wp-image-47535\" style=\"width:344px;height:auto\" \/><\/a><figcaption class=\"wp-element-caption\">Detalle del cartel de un filme antisemita nazi<\/figcaption><\/figure>\n\n\n\n<p class=\"wp-block-paragraph\">Otros estudiosos insisten en que existe una clara distinci\u00f3n entre el antijuda\u00edsmo cristiano y el antisemitismo moderno. Aunque los cristianos con una mentalidad apocal\u00edptica compart\u00edan la expectativa de que el pueblo jud\u00edo perecer\u00eda o se convertir\u00eda durante las pruebas y tribulaciones del juicio final, esta transformaci\u00f3n depend\u00eda de Dios; mientras tanto, la Iglesia ten\u00eda la obligaci\u00f3n de preservar al pueblo jud\u00edo como testimonio negativo. Su degradaci\u00f3n se destacaba como una demostraci\u00f3n irrefutable de las consecuencias que se derivan del rechazo de Jesucristo. De este modo, se entend\u00eda que las pol\u00edticas eclesi\u00e1sticas oficiales ofrec\u00edan importantes protecciones contra las estrategias eliminacionistas que surgieron del antisemitismo de finales del siglo XIX. En contraste con la pseudociencia del nazismo, los cristianos conceb\u00edan la Iglesia como una realidad corporativa que pod\u00eda absorber con \u00e9xito al pueblo jud\u00edo.<\/p>\n\n\n\n<p class=\"wp-block-paragraph\">Sin duda, los estudiosos seguir\u00e1n debatiendo durante mucho tiempo el grado de complicidad cristiana en la Shoah. Sin embargo, <strong>el antisemitismo moderno est\u00e1 indiscutiblemente vinculado a la resistencia y adaptabilidad del antijuda\u00edsmo cristiano. Los historiadores cristianos y jud\u00edos coinciden en gran medida en que las pol\u00edticas nazis contra los jud\u00edos no habr\u00edan podido arraigar sin los siglos anteriores de odio y violencia cristianos. Como resultado, cristianos y jud\u00edos han heredado una historia controvertida que amenaza con asignarles papeles fijos. Al descubrir la profundidad y amplitud del desprecio cristiano hacia los jud\u00edos, muchos cristianos se ven empujados a una narrativa en la que est\u00e1n destinados a desempe\u00f1ar el papel de perseguidores y espectadores. <\/strong>Los jud\u00edos, a su vez, se encuentran en el papel de v\u00edctimas pasivas y privados de cualquier papel significativo en la configuraci\u00f3n de su propio destino. La culpa y la actitud defensiva que se derivan de esta representaci\u00f3n del pasado ofrecen una base psicol\u00f3gica precaria sobre la que construir una nueva relaci\u00f3n.<\/p>\n\n\n\n<p class=\"wp-block-paragraph\">Para avanzar se requiere una lectura mucho m\u00e1s sutil del encuentro judeo-cristiano. Los historiadores cuestionan cada vez m\u00e1s lo que Salo Baron ha caracterizado como la concepci\u00f3n lacrim\u00f3gena de la historia judeo-cristiana (es decir, como una interminable recitaci\u00f3n de cat\u00e1strofes). Las importantes fluctuaciones en el encuentro judeo-cristiano revelan una relaci\u00f3n compleja que no s\u00f3lo incluye masacres y expulsiones, sino interacciones continuas y creativas. La legislaci\u00f3n desarrollada y aplicada por la Iglesia y el Estado a menudo buscaba aislar a los jud\u00edos y empujarlos a los m\u00e1rgenes de la sociedad, aunque la aplicaci\u00f3n de estos c\u00f3digos legales variaba de una regi\u00f3n a otra. Las autoridades civiles revivieron repetidamente estas proscripciones porque la interacci\u00f3n social y econ\u00f3mica de jud\u00edos y cristianos era dif\u00edcil de suprimir.<\/p>\n\n\n\n<p class=\"wp-block-paragraph\">Los historiadores han empezado a observar la polinizaci\u00f3n cruzada entre jud\u00edos y cristianos en los campos de la ex\u00e9gesis e interpretaci\u00f3n b\u00edblicas, el arte, la liturgia, la filosof\u00eda y la teolog\u00eda. Aunque los practicantes se vieron a menudo impulsados a ocultar tales interconexiones, en siglos pasados se produjo una vigorizaci\u00f3n mutua, contra todo pron\u00f3stico. El genio creativo de ambas tradiciones no se encuentra en los h\u00e1bitos reactivos de repliegue y desentendimiento, sino en la ardua lucha con el otro. Las identidades religiosas toman forma en el proceso dial\u00e9ctico de resistencia y acomodaci\u00f3n, y las tensiones creativas dentro de estas comunidades religiosas y entre ellas han dado lugar a algunos grandes logros intelectuales y espirituales. La recuperaci\u00f3n de este legado hist\u00f3rico encierra la promesa de un enriquecimiento mutuo en el futuro.<\/p>\n\n\n\n<p class=\"wp-block-paragraph\">El salto de la disputa al di\u00e1logo es en gran medida un legado de la Ilustraci\u00f3n, una herencia que ha demostrado ser tanto una bendici\u00f3n como una maldici\u00f3n para los jud\u00edos y cristianos modernos. Los di\u00e1logos iniciales que surgieron en Europa y Norteam\u00e9rica a finales de los siglos XIX y XX se basaron en la tambaleante premisa de que las diferencias religiosas no suponen una gran diferencia; lo que importa es lo que se tiene en com\u00fan. Los di\u00e1logos interreligiosos estaban animados por la esperanza de que jud\u00edos y cristianos pudieran superar sus creencias y rituales idiosincr\u00e1sicos. Una vez que renunciaran a sus apegos doctrinales y lealtades tribales, podr\u00edan abrazar principios morales y sentimientos espirituales que ambas partes acabar\u00edan descubriendo como intercambiables.<\/p>\n\n\n\n<p class=\"wp-block-paragraph\">Los di\u00e1logos interreligiosos que se limitan a homogeneizar las distinciones espirituales, \u00e9ticas y teol\u00f3gicas siguen atrayendo a los miembros m\u00e1s seculares de ambas comunidades. Los defensores de esta versi\u00f3n del di\u00e1logo judeo-cristiano comparten la vaga convicci\u00f3n de que en realidad no importa si uno es cristiano o jud\u00edo mientras sea sincero y tolerante. Sin embargo, estos sue\u00f1os de una convergencia armoniosa han naufragado con la Shoah y el establecimiento del moderno Estado de Israel. A la sombra de estos acontecimientos, las distinciones \u00e9tnico-culturales, as\u00ed como espirituales y teol\u00f3gicas, entre jud\u00edos y cristianos resultan ser mucho m\u00e1s resistentes de lo que se imaginaba. Y lo que es m\u00e1s importante, cualquier programa que ponga en peligro la integridad del juda\u00edsmo y del pueblo jud\u00edo debe considerarse sospechoso por motivos \u00e9ticos, espirituales y teol\u00f3gicos. A la sombra de Auschwitz, cualquier conversaci\u00f3n que derrumbe las fronteras entre jud\u00edos y cristianos es un mon\u00f3logo disfrazado de di\u00e1logo.<\/p>\n\n\n\n<p class=\"wp-block-paragraph\">Una serie de documentos hist\u00f3ricos de cat\u00f3licos romanos y protestantes redefinieron los t\u00e9rminos del compromiso teol\u00f3gico cristiano y demostraron una determinaci\u00f3n sin precedentes de enfrentarse al legado cristiano del antijuda\u00edsmo. Un pronunciamiento del Consejo Mundial de Iglesias en su Primera Asamblea, celebrada en \u00c1msterdam en 1948, que calificaba el <\/p>\n\n\n\n<figure class=\"wp-block-image alignright size-large is-resized\"><a href=\"https:\/\/i0.wp.com\/atravesdelasescrituras.com\/wp-content\/uploads\/2024\/02\/5114eab86c302.image_.jpg?ssl=1\"><img data-recalc-dims=\"1\" loading=\"lazy\" decoding=\"async\" width=\"242\" height=\"350\" data-attachment-id=\"47525\" data-permalink=\"https:\/\/atravesdelasescrituras.com\/es_es\/2024\/02\/05\/dialogo-entre-judios-y-cristianos\/5114eab86c302-image_\/\" data-orig-file=\"https:\/\/atravesdelasescrituras.com\/wp-content\/uploads\/2024\/02\/5114eab86c302.image_.jpg\" data-orig-size=\"242,350\" data-comments-opened=\"1\" data-image-meta=\"{&quot;aperture&quot;:&quot;0&quot;,&quot;credit&quot;:&quot;&quot;,&quot;camera&quot;:&quot;&quot;,&quot;caption&quot;:&quot;&quot;,&quot;created_timestamp&quot;:&quot;0&quot;,&quot;copyright&quot;:&quot;&quot;,&quot;focal_length&quot;:&quot;0&quot;,&quot;iso&quot;:&quot;0&quot;,&quot;shutter_speed&quot;:&quot;0&quot;,&quot;title&quot;:&quot;&quot;,&quot;orientation&quot;:&quot;1&quot;}\" data-image-title=\"5114eab86c302.image_\" data-image-description=\"\" data-image-caption=\"\" data-large-file=\"https:\/\/atravesdelasescrituras.com\/wp-content\/uploads\/2024\/02\/5114eab86c302.image_.jpg\" src=\"https:\/\/i0.wp.com\/atravesdelasescrituras.com\/wp-content\/uploads\/2024\/02\/5114eab86c302.image_.jpg?resize=242%2C350&#038;ssl=1\" alt=\"\" class=\"wp-image-47525\" style=\"width:210px;height:auto\" \/><\/a><\/figure>\n\n\n\n<p class=\"wp-block-paragraph\">antisemitismo de pecado contra Dios y la humanidad y, lo que es a\u00fan m\u00e1s significativo, Nostra aetate, la Declaraci\u00f3n sobre las relaciones de la Iglesia con las religiones no cristianas (1967), del Vaticano II, se\u00f1alaron el comienzo de un importante cambio teol\u00f3gico. Al recuperar el pensamiento de Pablo en Rom. 11:29 e insistir en que la alianza de Dios con el pueblo Israel nunca ha sido revocada, la Iglesia cat\u00f3lica romana puso una piedra angular para una comprensi\u00f3n no supersesionista de la relaci\u00f3n cristiana con el juda\u00edsmo. Desde finales de la d\u00e9cada de 1960, los cristianos han comenzado a analizar las implicaciones teol\u00f3gicas de esta afirmaci\u00f3n. El proceso de forjar una asociaci\u00f3n constructiva con el pueblo jud\u00edo ha procedido con grandes estallidos de creatividad y desmoralizantes ataques de frustraci\u00f3n.<\/p>\n\n\n\n<p class=\"wp-block-paragraph\">En pocas palabras, cristianos y jud\u00edos se han sentado a la mesa con frecuencia con agendas diferentes. <strong>Los cristianos han estado habitualmente fascinados con la recuperaci\u00f3n de sus ra\u00edces jud\u00edas. Han querido comprender el juda\u00edsmo de Jes\u00fas y descubrir un terreno teol\u00f3gico com\u00fan para que cristianos y jud\u00edos pudieran permanecer juntos y reconciliarse<\/strong>. Por el contrario, muchos jud\u00edos han apostado por el di\u00e1logo como medio para desmantelar el antisemitismo cristiano, neutralizar el alcance evangel\u00edstico cristiano en la comunidad jud\u00eda (Evangelismo) y construir una base m\u00e1s amplia de apoyo al Estado de Israel frente a los medios de comunicaci\u00f3n cristianos seculares y liberales, en gran medida hostiles.<\/p>\n\n\n\n<p class=\"wp-block-paragraph\"><strong>El futuro de las relaciones judeo-cristianas exige un replanteamiento de esta conversaci\u00f3n sesgada. Las perspectivas de un encuentro constructivo dependen en gran medida de la capacidad de cristianos y jud\u00edos para elaborar una agenda teol\u00f3gica en la que exista una aut\u00e9ntica reciprocidad y una receptividad disciplinada a la sabidur\u00eda del otro<\/strong>. La reciprocidad requiere la participaci\u00f3n activa de ambas comunidades, y aqu\u00ed los desequilibrios demogr\u00e1ficos entre cristianos y jud\u00edos presentan un obst\u00e1culo importante. Sin una comunidad jud\u00eda robusta, confiada en su capacidad para negociar las tensiones de vivir en un mundo religiosamente plural y lo suficientemente observante como para responder a los retos de una sociedad secular, los cristianos se encontrar\u00e1n solos ante recuerdos demoledores o se ver\u00e1n obligados a sustituir la realidad viva del pueblo jud\u00edo por una abstracci\u00f3n inabordable.<\/p>\n\n\n\n<p class=\"wp-block-paragraph\">La asimetr\u00eda demogr\u00e1fica puede limitar seriamente las posibilidades de di\u00e1logo, con Norteam\u00e9rica e Israel como centros primarios, y Europa y Australia como centros secundarios. La escas\u00edsima oportunidad que tienen los cristianos de \u00c1frica, Asia y Am\u00e9rica Latina de comprometerse con los jud\u00edos y participar activamente en un intercambio de b\u00fasqueda es un enorme escollo. La tentaci\u00f3n de caer en patrones supersesionistas y\/o en una versi\u00f3n marcionista del cristianismo puede resultar irresistible sin encuentros correctivos con jud\u00edos conocedores y comprometidos. Si la vitalidad y la coherencia del cristianismo y el juda\u00edsmo est\u00e1n interconectadas, entonces uno de los desaf\u00edos m\u00e1s abrumadores ser\u00e1 la difusi\u00f3n de las ideas teol\u00f3gicas que surgen del encuentro judeo-cristiano a poblaciones con pocos interlocutores jud\u00edos.<\/p>\n\n\n\n<p class=\"wp-block-paragraph\"><strong>La publicaci\u00f3n de Dabru Emet: Una declaraci\u00f3n jud\u00eda sobre los cristianos y el cristianismo, en septiembre de 2000, demostr\u00f3 el compromiso de un gran n\u00famero de eruditos y rabinos de los movimientos reconstruccionista, reformista, conservador y ortodoxo moderno de entablar una nueva relaci\u00f3n con los cristianos<\/strong>. Esta obertura se atrevi\u00f3 a situar la teolog\u00eda en el centro de la conversaci\u00f3n, como consecuencia de lo cual un n\u00famero creciente de acad\u00e9micos y cl\u00e9rigos jud\u00edos est\u00e1n empezando a darse cuenta de que un encuentro con las afirmaciones de verdad, pr\u00e1cticas y creencias m\u00e1s fundacionales de sus vecinos cristianos puede funcionar como catalizador para una mayor comprensi\u00f3n de su propia tradici\u00f3n, as\u00ed como de la del otro.<\/p>\n\n\n\n<figure class=\"wp-block-image aligncenter size-large is-resized\"><img data-recalc-dims=\"1\" loading=\"lazy\" decoding=\"async\" width=\"1053\" height=\"454\" data-attachment-id=\"47514\" data-permalink=\"https:\/\/atravesdelasescrituras.com\/es_es\/2024\/02\/05\/dialogo-entre-judios-y-cristianos\/screen-shot-2015-09-10-at-08-21-32\/\" data-orig-file=\"https:\/\/atravesdelasescrituras.com\/wp-content\/uploads\/2024\/02\/screen-shot-2015-09-10-at-08-21-32.png\" data-orig-size=\"1053,454\" data-comments-opened=\"1\" data-image-meta=\"{&quot;aperture&quot;:&quot;0&quot;,&quot;credit&quot;:&quot;&quot;,&quot;camera&quot;:&quot;&quot;,&quot;caption&quot;:&quot;&quot;,&quot;created_timestamp&quot;:&quot;0&quot;,&quot;copyright&quot;:&quot;&quot;,&quot;focal_length&quot;:&quot;0&quot;,&quot;iso&quot;:&quot;0&quot;,&quot;shutter_speed&quot;:&quot;0&quot;,&quot;title&quot;:&quot;&quot;,&quot;orientation&quot;:&quot;0&quot;}\" data-image-title=\"screen-shot-2015-09-10-at-08-21-32\" data-image-description=\"\" data-image-caption=\"\" data-large-file=\"https:\/\/atravesdelasescrituras.com\/wp-content\/uploads\/2024\/02\/screen-shot-2015-09-10-at-08-21-32.png\" src=\"https:\/\/i0.wp.com\/atravesdelasescrituras.com\/wp-content\/uploads\/2024\/02\/screen-shot-2015-09-10-at-08-21-32.png?resize=1053%2C454&#038;ssl=1\" alt=\"\" class=\"wp-image-47514\" style=\"width:734px;height:auto\" \/><figcaption class=\"wp-element-caption\">En los \u00faltimos a\u00f1os se ha producido un cambio dr\u00e1stico y sin precedentes en las relaciones entre jud\u00edos y cristianos. A lo largo de los casi dos milenios de exilio jud\u00edo, los cristianos han tendido a caracterizar el juda\u00edsmo como una religi\u00f3n fracasada o, en el mejor de los casos, una religi\u00f3n que prepar\u00f3 el camino para el cristianismo y se completa en \u00e9l. Sin embargo, en las d\u00e9cadas transcurridas desde el Holocausto, el cristianismo ha cambiado radicalmente. Un n\u00famero cada vez mayor de organismos oficiales de la Iglesia, tanto cat\u00f3licos romanos como protestantes, han hecho declaraciones p\u00fablicas de su remordimiento por el maltrato cristiano a los jud\u00edos y al juda\u00edsmo. Estas declaraciones han afirmado, adem\u00e1s, que la ense\u00f1anza y la predicaci\u00f3n cristianas pueden y deben reformarse para que reconozcan la alianza duradera de Dios con el pueblo jud\u00edo y celebren la contribuci\u00f3n del juda\u00edsmo a la civilizaci\u00f3n mundial y a la propia fe cristiana.<br><br>Creemos que estos cambios merecen una respuesta jud\u00eda reflexiva. Hablando s\u00f3lo en nuestro nombre -un grupo interconfesional de eruditos jud\u00edos- creemos que es hora de que los jud\u00edos conozcan los esfuerzos de los cristianos por honrar el juda\u00edsmo. Creemos que es hora de que los jud\u00edos reflexionen sobre lo que el juda\u00edsmo puede decir ahora sobre el cristianismo. Como primer paso, ofrecemos ocho breves afirmaciones sobre c\u00f3mo pueden relacionarse jud\u00edos y cristianos.<\/figcaption><\/figure>\n\n\n\n<h2 class=\"wp-block-heading\" id=\"evolucion-teologica\">Evoluci\u00f3n teol\u00f3gica<\/h2>\n\n\n\n<p class=\"wp-block-paragraph\">Aunque el di\u00e1logo judeo-cristiano est\u00e1 abriendo un amplio abanico de cuestiones teol\u00f3gicas, cinco temas en particular seguir\u00e1n recibiendo atenci\u00f3n: El supersesionismo cristiano, el contraste de concepciones de Dios, la interpretaci\u00f3n de los textos sagrados, el significado religioso del Estado de Israel, y la misi\u00f3n y el testimonio en un mundo religiosamente plural.<\/p>\n\n\n\n<h2 class=\"wp-block-heading\" id=\"el-supersesionismo-cristiano\">El supersesionismo cristiano<\/h2>\n\n\n\n<figure class=\"wp-block-image alignleft size-large\"><a href=\"https:\/\/i0.wp.com\/atravesdelasescrituras.com\/wp-content\/uploads\/2024\/02\/estrella1.jpg?ssl=1\"><img data-recalc-dims=\"1\" loading=\"lazy\" decoding=\"async\" width=\"249\" height=\"306\" data-attachment-id=\"47533\" data-permalink=\"https:\/\/atravesdelasescrituras.com\/es_es\/2024\/02\/05\/dialogo-entre-judios-y-cristianos\/estrella1\/\" data-orig-file=\"https:\/\/atravesdelasescrituras.com\/wp-content\/uploads\/2024\/02\/estrella1.jpg\" data-orig-size=\"249,306\" data-comments-opened=\"1\" data-image-meta=\"{&quot;aperture&quot;:&quot;0&quot;,&quot;credit&quot;:&quot;&quot;,&quot;camera&quot;:&quot;&quot;,&quot;caption&quot;:&quot;&quot;,&quot;created_timestamp&quot;:&quot;0&quot;,&quot;copyright&quot;:&quot;&quot;,&quot;focal_length&quot;:&quot;0&quot;,&quot;iso&quot;:&quot;0&quot;,&quot;shutter_speed&quot;:&quot;0&quot;,&quot;title&quot;:&quot;&quot;,&quot;orientation&quot;:&quot;0&quot;}\" data-image-title=\"estrella1\" data-image-description=\"\" data-image-caption=\"\" data-large-file=\"https:\/\/atravesdelasescrituras.com\/wp-content\/uploads\/2024\/02\/estrella1.jpg\" src=\"https:\/\/i0.wp.com\/atravesdelasescrituras.com\/wp-content\/uploads\/2024\/02\/estrella1.jpg?resize=249%2C306&#038;ssl=1\" alt=\"\" class=\"wp-image-47533\" \/><\/a><figcaption class=\"wp-element-caption\">La iglesia cristiana ha fabricado una teolog\u00eda <strong>\u201csupersesionista\u201d<\/strong>, una palabra que sugiere a alguien que toma la silla de otro para desplazarlo. Este tipo de teolog\u00eda ha sido eclesiol\u00f3gico y teol\u00f3gico. <br><br>Se ha reemplazado Israel por la Iglesia, la sinagoga por la iglesia local y la ley por la gracia. Todo esto ha conllevado a una extrema polarizaci\u00f3n entre cristianos y jud\u00edos.<br><br>Gerardo Alfaro, \u00abReview of Israel and the Church: Two Voices for the Same God by JAQUES DOUKHAN\u00bb, Kair\u00f3s 34: Enero-Junio 2004 (2004): 112.<\/figcaption><\/figure>\n\n\n\n<p class=\"wp-block-paragraph\">El legado del secesionismo desfigura el n\u00facleo \u00e9tico y teol\u00f3gico del cristianismo. Cuando las afirmaciones cristianas se construyen sobre la negaci\u00f3n del juda\u00edsmo y del pueblo jud\u00edo, se traiciona el contenido moral del Evangelio. Esta construcci\u00f3n adversaria de la identidad cristiana ha precipitado espirales descendentes. Un pueblo que se opone a la verdad no merece derechos civiles. Se les considera no s\u00f3lo forasteros, sino agentes peligrosos de un poder ajeno y <\/p>\n\n\n\n<p class=\"wp-block-paragraph\">perturbador. La Shoah nos ha demostrado claramente que cuando se ataca la integridad espiritual de un pueblo, tambi\u00e9n se pone en peligro su supervivencia f\u00edsica.<\/p>\n\n\n\n<p class=\"wp-block-paragraph\">El supersesionismo socava las promesas del Evangelio al reducir los l\u00edmites de la compasi\u00f3n para que no se extiendan m\u00e1s all\u00e1 de la propia comunidad de fe del cristiano. Como consecuencia de los fallos \u00e9ticos masivos, los cristianos ya no pueden evaluar el contenido moral de su tradici\u00f3n bas\u00e1ndose en el trato que da a sus correligionarios o a los posibles conversos. El car\u00e1cter \u00e9tico de una tradici\u00f3n religiosa se encarna en la respuesta de la comunidad al extranjero. La virtud de la hospitalidad, tan fundamental en el mundo antiguo, ha resurgido como un indicador vital del car\u00e1cter moral de la Iglesia, y esta generosidad de esp\u00edritu exige una visi\u00f3n del mundo no supersesionista.<\/p>\n\n\n\n<figure class=\"wp-block-pullquote has-small-font-size\"><blockquote><p><strong>El supersesionismo cristiano no s\u00f3lo reduce la base \u00e9tica de la tradici\u00f3n, sino que tambi\u00e9n erosiona los cimientos teol\u00f3gicos de la Iglesia<\/strong>. <strong>Si el Dios de Israel decidi\u00f3 que el pueblo jud\u00edo hab\u00eda fracasado y, como consecuencia, Dios decidi\u00f3 abandonar el compromiso de alianza con el pueblo jud\u00edo, \u00bfsobre qu\u00e9 base pueden los cristianos confiar en que Dios no abandonar\u00e1 a la iglesia? <\/strong><br><br><strong>El supersesionismo genera un retrato teol\u00f3gico de un Dios indigno de confianza que no cumple las promesas, que inspira terror pero no fidelidad confiada y amorosa<\/strong>.<\/p><\/blockquote><\/figure>\n\n\n\n<h2 class=\"wp-block-heading\" id=\"concepciones-de-dios\">Concepciones de Dios<\/h2>\n\n\n\n<p class=\"wp-block-paragraph\">Los esfuerzos por corregir las insuficiencias del supersesionismo generan serias cuestiones teol\u00f3gicas sobre la naturaleza de Dios. La cuesti\u00f3n m\u00e1s controvertida gira en torno a una cristolog\u00eda no supersesionista. Varios estudiosos han se\u00f1alado que el concepto jud\u00edo del Mes\u00edas era mucho m\u00e1s fluido y posiblemente mucho menos central de lo que imaginaban las generaciones anteriores. Tambi\u00e9n han se\u00f1alado que los cristianos dieron a esta categor\u00eda toda una nueva gama de significados cuando aplicaron este t\u00edtulo a Jes\u00fas (T\u00edtulos cristol\u00f3gicos). As\u00ed pues, cristianos y jud\u00edos suelen hablar m\u00e1s de la cuenta cuando utilizan el mismo t\u00e9rmino. Adem\u00e1s, cuando el concepto se transpone a un idioma griego y llega a funcionar como el nombre propio \u00abCristo\u00bb, la palabra se carga con un contenido que tiene poco en com\u00fan con las nociones jud\u00edas pasadas o presentes.<\/p>\n\n\n\n<p class=\"wp-block-paragraph\">Mucho m\u00e1s problem\u00e1ticas son las formulaciones cristol\u00f3gicas que evolucionaron hasta convertirse en doctrinas cristianas centrales como la encarnaci\u00f3n y la Trinidad. La evasi\u00f3n y resistencia jud\u00edas al discurso teol\u00f3gico que parece comprometer la integridad del monote\u00edsmo plantea a los cristianos un importante desaf\u00edo. A lo largo de los siglos se ha acumulado en la Iglesia una amplia gama de nociones cristol\u00f3gicas contrapuestas, y el encuentro con los jud\u00edos est\u00e1 impulsando a los cristianos a examinar cr\u00edticamente c\u00f3mo el discurso cristiano sobre Dios puede tergiversar al Dios de Israel y promover un triunfalismo nocivo. E<strong>n lugar de aplanar la textura particular de estas doctrinas, un n\u00famero creciente de te\u00f3logos cristianos est\u00e1n explorando sus tradiciones y recuperando formas antiguas de hablar del car\u00e1cter din\u00e1mico y relacional de Dios sin caer en el supersesionismo.<\/strong><\/p>\n\n\n\n<p class=\"wp-block-paragraph\">Las doctrinas cristianas sobre Dios suelen resultar ininteligibles o incluso id\u00f3latras en la mente y el coraz\u00f3n de los jud\u00edos. A lo largo de los siglos, la mayor\u00eda de los eruditos jud\u00edos han sostenido que estas formulaciones ofrecen un retrato de Dios que no s\u00f3lo deben rechazar, sino declarar teol\u00f3gicamente falso. <strong>Cada vez son m\u00e1s los te\u00f3logos jud\u00edos que empiezan a reevaluar este rechazo reflexivo del discurso cristiano sobre Dios. Est\u00e1n reexaminando c\u00f3mo este lenguaje moldea la imaginaci\u00f3n de los cristianos y pregunt\u00e1ndose de nuevo qu\u00e9 impacto tienen estas afirmaciones de verdad sobre el pueblo jud\u00edo y el juda\u00edsmo<\/strong>. La revelaci\u00f3n a la que apunta la doctrina cristiana quedar\u00e1 sin duda fuera de la experiencia de los jud\u00edos, especialmente de los que observan la Tor\u00e1. Sin embargo,<strong> algunos estudiosos jud\u00edos est\u00e1n descubriendo que el discurso teol\u00f3gico cristiano no es tan ajeno ni tan irrelevante como se cre\u00eda. En una \u00e9poca secular en la que la pertenencia a una comunidad religiosa es cada vez m\u00e1s un acto de elecci\u00f3n, tanto jud\u00edos como cristianos necesitan adquirir la capacidad de nombrar sus afirmaciones fundamentales y articular sus propias din\u00e1micas de pertenencia.<\/strong><\/p>\n\n\n\n<p class=\"wp-block-paragraph\">Esta interacci\u00f3n creativa se evoca cuando los cristianos dirigen su atenci\u00f3n a las concepciones jud\u00edas de Dios y analizan el \u00e9nfasis jud\u00edo en la trascendencia y la alteridad radical de un Dios m\u00e1s all\u00e1 de la mediaci\u00f3n (Inmanencia y trascendencia). El lenguaje teol\u00f3gico utilizado por muchos jud\u00edos parece hacer a Dios tan remoto que se vuelve irrelevante. C\u00f3mo se puede encontrar a Dios si no hay nada que pueda mediar o dar a conocer la realidad de Dios? Si el lenguaje trinitario y encarnacional corre el riesgo de sobredeterminar nuestras im\u00e1genes de la inminencia de Dios, \u00bfno hay tambi\u00e9n peligros en al menos algunas formulaciones de la unicidad de Dios? \u00bfLa unicidad tiene que ver sobre todo con el n\u00famero, una f\u00f3rmula fija y est\u00e1tica sobre la incognoscibilidad de Dios, o se refiere m\u00e1s bien a la unicidad y la lealtad incondicional de la alianza?<\/p>\n\n\n\n<p class=\"wp-block-paragraph\">A lo largo de los siglos, la cuesti\u00f3n de la unicidad de Dios ha dado lugar a diversas interpretaciones tanto en la comunidad jud\u00eda como en la cristiana. Si el di\u00e1logo implica una aut\u00e9ntica reciprocidad, entonces cristianos y jud\u00edos pueden impulsarse mutuamente a examinar sus propias tradiciones y a recuperar voces olvidadas que profundizar\u00e1n en las reservas espirituales de cada comunidad. El di\u00e1logo florece no mediante el intercambio de vagas afirmaciones, sino en encuentros en los que cristianos y jud\u00edos se desaf\u00edan mutuamente a articular sus convicciones religiosas fundamentales, a descubrir el car\u00e1cter distintivo de cada tradici\u00f3n y a reconocer los dominios inescrutables en los que el lenguaje y la experiencia no logran penetrar en las profundidades de la vida religiosa del otro.<\/p>\n\n\n\n<h2 class=\"wp-block-heading\" id=\"interpretacion-de-los-textos-sagrados\">Interpretaci\u00f3n de los textos sagrados<\/h2>\n\n\n\n<p class=\"wp-block-paragraph\">Las mismas Escrituras que unen a cristianos y jud\u00edos tambi\u00e9n los separan. Sin embargo, en el encuentro de unos con otros y con el texto, se abre una puerta a un \u00e1mbito desconocido en el que se hacen posibles nuevas formas de leer e interpretar las Escrituras. Es dif\u00edcil exagerar la importancia de esta evoluci\u00f3n. Los cristianos de hoy (y en menor medida los jud\u00edos reformistas y conservadores) se ven tentados a suscribir m\u00e9todos de lectura que aplanan sus escritos sagrados. No cabe duda de que la cr\u00edtica hist\u00f3rica ha aportado una visi\u00f3n esencial de las luchas que hay detr\u00e1s y dentro de la Biblia, pero este enfoque tambi\u00e9n ha restringido su significado al insistir en que la verdad del texto viene determinada \u00fanicamente por la intenci\u00f3n original del autor y\/o su recepci\u00f3n por parte de una comunidad original.<\/p>\n\n\n\n<p class=\"wp-block-paragraph\">En el siglo XX, la cr\u00edtica hist\u00f3rica se impuso a todos los dem\u00e1s enfoques literarios (Cr\u00edtica literaria), cediendo en el proceso a una noci\u00f3n vac\u00eda de la \u00abPalabra viva\u00bb. Cada vez m\u00e1s, los profesionales sometieron a la Biblia y, a sabiendas o no, restringieron el acceso a los laicos. Se impuso otro tipo de literalismo, que no result\u00f3 menos restrictivo que las lecturas simples y llanas de los fundamentalistas. Los eruditos asumieron que eran las \u00fanicas autoridades leg\u00edtimas que pod\u00edan exponer la verdad de las Escrituras y fijar su significado. En general, el p\u00fablico aprendi\u00f3 a someterse a los expertos y, como resultado, perdi\u00f3 una alfabetizaci\u00f3n b\u00edblica que antes era com\u00fan.<\/p>\n\n\n\n<p class=\"wp-block-paragraph\">Una serie de presiones culturales, algunas de ellas asociadas al posmodernismo, han roto el dominio del m\u00e9todo hist\u00f3rico-cr\u00edtico y han desencadenado nuevas y fruct\u00edferas formas de leer e interpretar la Biblia. Seg\u00fan la tradici\u00f3n jud\u00eda, el compromiso serio con un texto sagrado conlleva una actuaci\u00f3n comparable a la de golpear un martillo contra una roca: el acto de estudio rompe el texto en 70 pedazos, y los indagadores deben apresurarse a recoger los fragmentos sagrados. Ninguna persona por s\u00ed sola puede recoger todas las astillas, por lo que un compromiso serio con los escritos sagrados requiere una comunidad. En virtud de la experiencia individual, todo el mundo est\u00e1 dotado de una visi\u00f3n especial, ya que cada uno puede notar y recuperar fragmentos que podr\u00edan haber escapado a la atenci\u00f3n de los dem\u00e1s.<\/p>\n\n\n\n<p class=\"wp-block-paragraph\">Bajo esta met\u00e1fora subyace un planteamiento que democratiza el acceso a la Biblia y encuentra en ella tesoros textuales ilimitados. La tradici\u00f3n jud\u00eda sostiene que los textos sagrados albergan m\u00faltiples capas de significado. La Biblia no ofrece una verdad fija que se aplique a todas las personas en todo momento, sino que dice una palabra fresca a cada generaci\u00f3n. El sentido correcto de la Biblia se discierne a medida que la comunidad lucha con la multitud de lecturas que se han acumulado dentro de la tradici\u00f3n. La sabidur\u00eda no surge de las Escrituras sin un encuentro animado con los descubrimientos de generaciones anteriores de lectores. La disciplina de leer la Biblia se desarrolla en el proceso de aprender a unirse a un debate estridente que se extiende desde la antig\u00fcedad hasta un futuro incierto. Para participar en este estudio hay que aprender a escuchar y responder a las voces de toda la comunidad, y el estudio se entiende as\u00ed como un deber sagrado que vincula al individuo con el pueblo de Israel.<\/p>\n\n\n\n<p class=\"wp-block-paragraph\"><strong>El di\u00e1logo con el pueblo jud\u00edo ha inspirado a un n\u00famero creciente de cristianos a desarrollar nuevos h\u00e1bitos de lectura. Al estudiar las pr\u00e1cticas hermen\u00e9uticas de cada comunidad y observar las modulaciones en diferentes \u00e9pocas y lugares, jud\u00edos y cristianos est\u00e1n descubriendo una gama de significados dentro de sus respectivas tradiciones, as\u00ed como entre ellas<\/strong>. Una tendencia protestante es intentar un salto sobre casi 2.000 a\u00f1os de tradici\u00f3n con la esperanza de entrar en contacto directo con la Palabra. Esta proclividad puede apartar a los individuos de la comunidad m\u00e1s amplia de lectores, vivos y muertos, y aprisionarlos en sus propias circunstancias peculiares. Una inmersi\u00f3n en la pluralidad de interpretaciones de la Biblia y de nuestras respectivas tradiciones es mucho m\u00e1s estimulante, precisamente porque el lector se ve invariablemente arrastrado a la espesura de afirmaciones contrapuestas, cuando no contradictorias. Quienes se atreven a estudiar seriamente la Biblia se ven abocados a un tira y afloja textual que exige audacia interpretativa e incluso esp\u00edritu l\u00fadico.<\/p>\n\n\n\n<p class=\"wp-block-paragraph\">Si las Escrituras tiran de las comunidades en distintas direcciones con extravagantes promesas de riquezas por descubrir, se produce una especie de indeterminaci\u00f3n que plantea inquietantes preguntas sobre la verdad de la Biblia. \u00bfC\u00f3mo va a decidir la comunidad cu\u00e1l es la interpretaci\u00f3n autorizada? O, dicho de otro modo, dada la multitud de lecturas posibles, \u00bfc\u00f3mo constituir una comunidad cohesionada que est\u00e9 vinculada y guiada por su tradici\u00f3n b\u00edblica? Este enigma suscita acalorados debates entre jud\u00edos y cristianos. Si una comunidad no puede precisar la verdad de las Escrituras, entonces -seg\u00fan algunos jud\u00edos y cristianos- la cuesti\u00f3n de la justicia debe servir como criterio rector (Rectitud, Justicia). <\/p>\n\n\n\n<p class=\"wp-block-paragraph\">La comunidad est\u00e1 llamada a decidir qu\u00e9 interpretaci\u00f3n de las Escrituras promueve un orden justo de la sociedad y, a la luz de la historia de las comunidades jud\u00edas y cristianas, debe prestarse especial atenci\u00f3n a las implicaciones de cualquier interpretaci\u00f3n en relaci\u00f3n con el vulnerable forastero. Otros privilegian criterios diferentes, optando por lecturas que protegen los l\u00edmites de la comunidad o preservan dep\u00f3sitos doctrinales del pasado. En las subsiguientes batallas sobre la Biblia, cristianos y jud\u00edos observar\u00e1n que las campa\u00f1as m\u00e1s feroces se libran dentro de sus respectivos bandos. Sin embargo, hacen bien en examinar c\u00f3mo se desarrollan las luchas dentro de cada comunidad. Cada comunidad tiene su propio estilo de lucha con sus escritos sagrados, y cada una puede aprender algo de la otra. De hecho, podr\u00eda decirse que, para preservar la integridad de sus legados escriturales, jud\u00edos y cristianos deben abrirse al descubrimiento de nuevos significados.<\/p>\n\n\n\n<h2 class=\"wp-block-heading\" id=\"significado-religioso-del-estado-de-israel\">Significado religioso del Estado de Israel<\/h2>\n\n\n\n<p class=\"wp-block-paragraph\">La creaci\u00f3n del Estado de Israel en 1948 ha planteado nuevas cuestiones en el di\u00e1logo cristiano-jud\u00edo. Hist\u00f3ricamente, los cristianos hab\u00edan considerado tanto la destrucci\u00f3n del templo de Jerusal\u00e9n como el surgimiento de la di\u00e1spora jud\u00eda como una confirmaci\u00f3n del rechazo de Dios al juda\u00edsmo y al pueblo jud\u00edo. Por tanto, no es casualidad que el emperador Juliano el Ap\u00f3stata (361-63) intentara socavar la autocomprensi\u00f3n b\u00e1sica de los cristianos intentando reconstruir el templo de Jerusal\u00e9n.<\/p>\n\n\n\n<figure class=\"wp-block-image alignright size-large is-resized\"><a href=\"https:\/\/i0.wp.com\/atravesdelasescrituras.com\/wp-content\/uploads\/2024\/02\/juliano-el-apostata.webp?ssl=1\"><img data-recalc-dims=\"1\" loading=\"lazy\" decoding=\"async\" width=\"600\" height=\"600\" data-attachment-id=\"47517\" data-permalink=\"https:\/\/atravesdelasescrituras.com\/es_es\/2024\/02\/05\/dialogo-entre-judios-y-cristianos\/juliano-el-apostata\/\" data-orig-file=\"https:\/\/atravesdelasescrituras.com\/wp-content\/uploads\/2024\/02\/juliano-el-apostata.webp\" data-orig-size=\"600,600\" data-comments-opened=\"1\" data-image-meta=\"{&quot;aperture&quot;:&quot;0&quot;,&quot;credit&quot;:&quot;&quot;,&quot;camera&quot;:&quot;&quot;,&quot;caption&quot;:&quot;&quot;,&quot;created_timestamp&quot;:&quot;0&quot;,&quot;copyright&quot;:&quot;&quot;,&quot;focal_length&quot;:&quot;0&quot;,&quot;iso&quot;:&quot;0&quot;,&quot;shutter_speed&quot;:&quot;0&quot;,&quot;title&quot;:&quot;&quot;,&quot;orientation&quot;:&quot;0&quot;}\" data-image-title=\"juliano-el-apostata\" data-image-description=\"\" data-image-caption=\"\" data-large-file=\"https:\/\/atravesdelasescrituras.com\/wp-content\/uploads\/2024\/02\/juliano-el-apostata.webp\" src=\"https:\/\/i0.wp.com\/atravesdelasescrituras.com\/wp-content\/uploads\/2024\/02\/juliano-el-apostata.webp?resize=600%2C600&#038;ssl=1\" alt=\"\" class=\"wp-image-47517\" style=\"width:292px;height:auto\" \/><\/a><\/figure>\n\n\n\n<p class=\"wp-block-paragraph\">El significado de la tierra de Israel sigue siendo objeto de controversia entre los cristianos. Una corriente de pensamiento ha considerado hist\u00f3ricamente que la propia tierra tiene un valor sacramental, tanto porque es el lugar donde Jes\u00fas vivi\u00f3, muri\u00f3 y resucit\u00f3, como porque los cristianos afirman una conexi\u00f3n org\u00e1nica con el pueblo b\u00edblico de Israel. Una presencia cristiana continuada all\u00ed ha proporcionado un testimonio permanente que muchos cristianos consideran indispensable para la proclamaci\u00f3n del Evangelio. Otros cristianos han insistido en que las promesas de Dios no est\u00e1n vinculadas a un terreno concreto; cualquier apego teol\u00f3gico a una tierra espec\u00edfica puede politizarse con demasiada facilidad y conducir as\u00ed a justificaciones idol\u00e1tricas de acciones y pol\u00edticas injustas.<\/p>\n\n\n\n<p class=\"wp-block-paragraph\">Aunque este debate sobre el estatuto de la tierra de Israel est\u00e1 destinado a continuar, no hay escapatoria a la necesidad de que los cristianos se relacionen con las reivindicaciones teol\u00f3gicas, pol\u00edticas y econ\u00f3micas del pueblo jud\u00edo sobre la tierra y el Estado de Israel. La negativa del Vaticano a intercambiar embajadores con el Estado jud\u00edo en el momento de su creaci\u00f3n en 1948 fue un punto delicado en las relaciones entre cat\u00f3licos romanos y jud\u00edos. Por ello, el Acuerdo Fundamental entre Israel y el Vaticano, firmado en 1993, fue un acontecimiento de gran importancia, que elimin\u00f3 un importante obst\u00e1culo para el acercamiento entre cat\u00f3licos romanos y jud\u00edos.<\/p>\n\n\n\n<p class=\"wp-block-paragraph\">El Estado de Israel es a la vez un tema y un lugar para el di\u00e1logo judeo-cristiano. El di\u00e1logo adquiere un aspecto diferente en Israel, donde una mayor\u00eda jud\u00eda soberana gobierna a minor\u00edas cristianas y musulmanas. Las cuestiones morales y \u00e9ticas que plantea un gobierno jud\u00edo que gobierna a gentiles preocupan tanto a los jud\u00edos israel\u00edes como a los de la di\u00e1spora. En Israel y en la di\u00e1spora, las cuestiones pol\u00edticas pueden eclipsar las consideraciones teol\u00f3gicas. Los cristianos se esfuerzan por equilibrar su reconocimiento de las reivindicaciones jud\u00edas con su preocupaci\u00f3n por los derechos de los \u00e1rabes palestinos, muchos de los cuales son cristianos (Israel). Ante las cr\u00edticas cristianas a las pol\u00edticas israel\u00edes, las organizaciones jud\u00edas han asumido con frecuencia una postura defensiva. Sus respuestas, sin embargo, plantean una cuesti\u00f3n fundamental para el di\u00e1logo: \u00bfcu\u00e1ndo la cr\u00edtica leg\u00edtima a las pol\u00edticas israel\u00edes cruza la l\u00ednea hacia el antisionismo, y luego del antisionismo al antisemitismo?<\/p>\n\n\n\n<p class=\"wp-block-paragraph\">El estallido de la segunda intifada en septiembre de 2000 ha provocado nuevas tensiones entre cristianos y jud\u00edos. Los cristianos liberales siguen preocupados por el apego religioso incondicional de los jud\u00edos a la tierra de Israel, y sostienen que las reivindicaciones jud\u00edas sobre la tierra y sus recursos a menudo ocultan las demandas leg\u00edtimas de los palestinos. Varios grupos protestantes han emitido declaraciones sobre Oriente Medio que muchos jud\u00edos han considerado hostiles al bienestar del Estado de Israel. Al mismo tiempo, muchos cristianos conservadores y evang\u00e9licos, que a menudo se han mantenido al margen del di\u00e1logo, han ganado nuevos aliados jud\u00edos gracias a su firme apoyo a Israel.<\/p>\n\n\n\n<p class=\"wp-block-paragraph\">Este cambio de alianzas se agrava dentro del propio Israel, a medida que se profundiza la divisi\u00f3n entre jud\u00edos laicos y ultraortodoxos. E<strong>ste debate interno se intensifica a\u00fan m\u00e1s cuando los jud\u00edos de la di\u00e1spora luchan por determinar qu\u00e9 lugar debe ocupar el Estado de Israel en la formaci\u00f3n de su propia identidad religiosa<\/strong>. Por \u00faltimo, la complejidad e inestabilidad de la situaci\u00f3n se magnifican por el aumento de la militancia religiosa y el reto ineludible de responder al Islam y a la creciente poblaci\u00f3n musulmana. Los destinos de estos grupos dispares est\u00e1n intrincadamente entrelazados, y el impacto de estas enmara\u00f1adas relaciones influir\u00e1 para bien o para mal en el futuro de las relaciones judeo-cristianas.<\/p>\n\n\n\n<h2 class=\"wp-block-heading\" id=\"mision-y-testimonio-en-un-mundo-religiosamente-plural\">Misi\u00f3n y testimonio en un mundo religiosamente plural<\/h2>\n\n\n\n<p class=\"wp-block-paragraph\">El encuentro judeo-cristiano obliga a ambas comunidades a reconsiderar el arco narrativo de sus historias sagradas. En algunas de sus formas, la conocida trama cristiana que va de la creaci\u00f3n a la ca\u00edda, pasando por la muerte redentora y la resurrecci\u00f3n de Jes\u00fas, elimina al pueblo de Israel de su propia historia y socava la esperanza en la futura restauraci\u00f3n y consumaci\u00f3n de todo el orden creado. Cuando los cristianos proclaman que las promesas prof\u00e9ticas se han cumplido en Cristo, el rechazo jud\u00edo de estas afirmaciones sirve como un valioso recordatorio de la condici\u00f3n inacabada de la creaci\u00f3n de Dios. <\/p>\n\n\n\n<p class=\"wp-block-paragraph\">A la luz del di\u00e1logo, muchos cristianos est\u00e1n descubriendo que cualquier interpretaci\u00f3n de la historia cristiana que sostenga que la batalla ha terminado y la victoria se ha hecho sustituye una abstracci\u00f3n espiritual por la lucha colaborativa para transformar el mundo. Algunas formas de pensamiento apocal\u00edptico tienden a cegar a las iglesias ante las responsabilidades inmediatas de un ministerio de sanaci\u00f3n. La desesperaci\u00f3n de un mundo dividido en facciones sociales, econ\u00f3micas, \u00e9tnicas y religiosas beligerantes exige que los cristianos reexaminen los fines de la misi\u00f3n cristiana.<\/p>\n\n\n\n<p class=\"wp-block-paragraph\">Al evaluar la misi\u00f3n de la iglesia, los cristianos afirman que Jesucristo es el Salvador del mundo. Si el pueblo jud\u00edo no experimenta a Jes\u00fas como el verdadero camino hacia la relaci\u00f3n con Dios, \u00bfsignifica eso que los jud\u00edos se autoenga\u00f1an y se aferran a un pacto fallido? Por un lado, una respuesta supersesionista a esta pregunta subraya la necesidad de llevar a Cristo a las almas perdidas del mundo. El fin que define esta expresi\u00f3n de la esperanza cristiana es un reino donde las diferencias religiosas se superan en y por Cristo, una visi\u00f3n de triunfo que de hecho abona semillas de desprecio hacia todos los que habitan en otras tradiciones religiosas.<\/p>\n\n\n\n<figure class=\"wp-block-image alignright size-large is-resized\"><a href=\"https:\/\/i0.wp.com\/atravesdelasescrituras.com\/wp-content\/uploads\/2024\/02\/buren_paul_van.jpeg?ssl=1\"><img data-recalc-dims=\"1\" loading=\"lazy\" decoding=\"async\" width=\"160\" height=\"240\" data-attachment-id=\"47519\" data-permalink=\"https:\/\/atravesdelasescrituras.com\/es_es\/2024\/02\/05\/dialogo-entre-judios-y-cristianos\/buren_paul_van\/\" data-orig-file=\"https:\/\/atravesdelasescrituras.com\/wp-content\/uploads\/2024\/02\/buren_paul_van.jpeg\" data-orig-size=\"160,240\" data-comments-opened=\"1\" data-image-meta=\"{&quot;aperture&quot;:&quot;0&quot;,&quot;credit&quot;:&quot;&quot;,&quot;camera&quot;:&quot;&quot;,&quot;caption&quot;:&quot;&quot;,&quot;created_timestamp&quot;:&quot;0&quot;,&quot;copyright&quot;:&quot;&quot;,&quot;focal_length&quot;:&quot;0&quot;,&quot;iso&quot;:&quot;0&quot;,&quot;shutter_speed&quot;:&quot;0&quot;,&quot;title&quot;:&quot;&quot;,&quot;orientation&quot;:&quot;0&quot;}\" data-image-title=\"buren_paul_van\" data-image-description=\"\" data-image-caption=\"\" data-large-file=\"https:\/\/atravesdelasescrituras.com\/wp-content\/uploads\/2024\/02\/buren_paul_van.jpeg\" src=\"https:\/\/i0.wp.com\/atravesdelasescrituras.com\/wp-content\/uploads\/2024\/02\/buren_paul_van.jpeg?resize=160%2C240&#038;ssl=1\" alt=\"\" class=\"wp-image-47519\" style=\"width:195px;height:auto\" \/><\/a><figcaption class=\"wp-element-caption\"><strong>Paul Matthews van Buren<\/strong> (1924-1998) fue un reverendo de la <a href=\"https:\/\/es.wikipedia.org\/wiki\/Iglesia_episcopal_en_los_Estados_Unidos\">Iglesia episcopal en los Estados Unidos<\/a>, te\u00f3logo cristiano y profesor de religi\u00f3n de la <a href=\"https:\/\/es.wikipedia.org\/wiki\/Universidad_de_Temple\">Universidad de Temple<\/a> en Filadelfia durante 22 a\u00f1os. Tambi\u00e9n fue director del Centro de \u00e9tica y pluralismo religioso en el Instituto Shalom Hartman de Jerusal\u00e9n.<\/figcaption><\/figure>\n\n\n\n<p class=\"wp-block-paragraph\">Por otro lado, una interpretaci\u00f3n no supersesionista de esta reivindicaci\u00f3n universal tendr\u00e1 que moverse en direcciones diferentes. Algunos cristianos argumentar\u00e1n, en la l\u00ednea de Paul van Buren, que esta afirmaci\u00f3n forma parte del lenguaje doxol\u00f3gico de la Iglesia. La afirmaci\u00f3n de que Jesucristo es el Salvador del mundo se corresponde con el lenguaje del amor utilizado por un c\u00f3nyuge (por ejemplo, \u00abella es la mujer m\u00e1s bella del mundo\u00bb o \u00ab\u00e9l es el \u00fanico\u00bb). Otros, como Mark Heim, sostienen que Jesucristo es, en efecto, el \u00fanico camino hacia la salvaci\u00f3n tal y como se define dentro de la tradici\u00f3n cristiana. Las personas de otras tradiciones religiosas, sin embargo, tienen diferentes fines por los que luchan, y su participaci\u00f3n dentro de estas comunidades puede guiarles hacia sus objetivos \u00faltimos. La meta de la salvaci\u00f3n a la que apunta Jesucristo difiere de las salvaciones articuladas dentro de otras comunidades religiosas. El nirvana no es la misma meta que contemplan los jud\u00edos o los cristianos, por lo que la variada topograf\u00eda de las confesiones religiosas subraya la necesidad de hablar de diferentes salvaciones.<\/p>\n\n\n\n<p class=\"wp-block-paragraph\">La llamada al testimonio seguramente seguir\u00e1 dirigiendo a los cristianos hacia el mundo, aunque sigue siendo una cuesti\u00f3n abierta si ese testimonio renuncia a su intento de dominio universal y redefine la naturaleza de su relevancia c\u00f3smica. La afirmaci\u00f3n cristiana de que la Iglesia es la \u00fanica que da acceso a la verdad de Dios ser\u00e1 cada vez m\u00e1s dif\u00edcil de mantener en un mundo religiosamente plural. La respuesta a la desorientadora variedad de alternativas religiosas revelar\u00e1 el car\u00e1cter moral y teol\u00f3gico de las comunidades cristianas. Sostener que Dios quiere que los cristianos disuelvan todas las diferencias religiosas habla con contundencia del Dios que los cristianos adoran. C\u00f3mo pueden los cristianos mantener la exclusividad de sus pretensiones universales sin restringir simult\u00e1neamente la libertad y soberan\u00eda de Dios? En la conversaci\u00f3n con los dem\u00e1s -y especialmente con los jud\u00edos- esta pregunta adquiere urgencia e importancia.<\/p>\n\n\n\n<p class=\"wp-block-paragraph\">El pluralismo religioso tambi\u00e9n plantea a la comunidad jud\u00eda un desaf\u00edo de enormes proporciones. Si el juda\u00edsmo est\u00e1 constituido por una verdad reveladora que desaf\u00eda la traducci\u00f3n, \u00bfqu\u00e9 tienen que decir los jud\u00edos a los no jud\u00edos? Qu\u00e9 significa ser un \u00abpueblo elegido\u00bb que, sin embargo, est\u00e1 llamado a ser \u00abluz de las naciones\u00bb? <\/p>\n\n\n\n<p class=\"wp-block-paragraph\"><strong>La tradici\u00f3n jud\u00eda divide a la humanidad en dos: Jud\u00edos y gentiles<\/strong>. Los gentiles son reconocidos y afirmados como justos en la medida en que se ajustan a los dictados de las leyes no\u00e1jicas. Si se observan de cerca, los requisitos legales que se aplican a los no jud\u00edos aparecen como una versi\u00f3n algo reducida de la Tor\u00e1. Los gentiles justos son considerados dignos en virtud de su aproximaci\u00f3n a una vida observante de la Tor\u00e1. En cierto sentido, su conformidad con estas normas legales los convierte en \u00abjud\u00edos an\u00f3nimos\u00bb. <\/p>\n\n\n\n<p class=\"wp-block-paragraph\">En consecuencia, la insistencia en que los gentiles justos tambi\u00e9n tienen un lugar en el cielo no es una afirmaci\u00f3n tan magn\u00e1nima como parece a primera vista. Adem\u00e1s, meter a todos los no jud\u00edos en un enorme bulto humano no reconoce el car\u00e1cter distintivo de cada comunidad de fe. Sigue siendo una cuesti\u00f3n abierta si los jud\u00edos tienen una historia sagrada que pueda acomodar la realidad del pluralismo religioso. Los jud\u00edos, al igual que los cristianos, deben realizar importantes refinamientos teol\u00f3gicos dentro de sus tradiciones si quieren acoger a los dem\u00e1s en toda su particularidad como fuente de bendici\u00f3n.<\/p>\n\n\n\n<p class=\"wp-block-paragraph\">Un encuentro teol\u00f3gico fruct\u00edfero requiere un nivel de humildad que no ha sido el sello distintivo ni de la tradici\u00f3n cristiana ni de la jud\u00eda. La gram\u00e1tica de cada tradici\u00f3n es confusa y puede resultar m\u00e1s all\u00e1 del dominio del forastero. Sin embargo, los beneficios de esforzarse por ser religiosamente biling\u00fce en una cultura secular son enormes. Al aprender la lengua de la otra tradici\u00f3n, jud\u00edos y cristianos adquieren una comprensi\u00f3n de sus propias tradiciones que de otro modo no podr\u00edan alcanzar. Adem\u00e1s, cuando cristianos y jud\u00edos se esfuerzan por articular sus afirmaciones fundamentales en t\u00e9rminos comprensibles para el otro, adquieren una mayor capacidad para aportar la sabidur\u00eda distintiva de su propia tradici\u00f3n a la sociedad en general.<\/p>\n\n\n\n<p class=\"wp-block-paragraph\">En el futuro, el di\u00e1logo teol\u00f3gico exigir\u00e1 que cristianos y jud\u00edos exploren las pr\u00e1cticas comunitarias que dan forma a sus respectivas comunidades, ya que se est\u00e1n librando importantes luchas dentro de cada tradici\u00f3n, y el resultado de estos conflictos sigue siendo incierto. Las perspectivas m\u00e1s fruct\u00edferas no residen en una b\u00fasqueda rom\u00e1ntica para superar todas las diferencias. El di\u00e1logo teol\u00f3gico en su mejor momento conducir\u00e1 a cristianos y jud\u00edos a una comprensi\u00f3n m\u00e1s profunda de su propia singularidad irreductible y, en el proceso, iluminar\u00e1 el misterio subyacente del otro, un misterio que ninguna tradici\u00f3n puede contener pero que ambas deben honrar.<\/p>\n\n\n\n<h2 class=\"wp-block-heading\" id=\"estrategias-organizativas\">Estrategias organizativas<\/h2>\n\n\n\n<p class=\"wp-block-paragraph\">Desde 1970 han surgido diversos consejos, institutos y coaliciones interconfesionales. Algunos son organismos concebidos para combatir los prejuicios, otros son consejos comunitarios que abogan por una mayor tolerancia y civismo, y algunos son institutos que dise\u00f1an y ponen en pr\u00e1ctica programas educativos para la promoci\u00f3n del entendimiento interreligioso.<\/p>\n\n\n\n<p class=\"wp-block-paragraph\">En Estados Unidos, la Conferencia Nacional de Cristianos y Jud\u00edos (NCCJ) se fund\u00f3 en 1928, en gran parte para combatir los prejuicios anticat\u00f3licos que salieron a la luz durante la campa\u00f1a de 1928 de Al Smith, el primer candidato presidencial cat\u00f3lico romano de un partido pol\u00edtico importante. El enfoque de la NCCJ se ampli\u00f3 gradualmente m\u00e1s all\u00e1 de la esfera judeo-cristiana, y hoy se conoce como Conferencia Nacional para la Comunidad y la Justicia<\/p>\n\n\n\n<figure class=\"wp-block-image aligncenter size-large is-resized\"><a href=\"https:\/\/i0.wp.com\/atravesdelasescrituras.com\/wp-content\/uploads\/2024\/02\/nccj-of-greater-dayton.png?ssl=1\"><img data-recalc-dims=\"1\" loading=\"lazy\" decoding=\"async\" width=\"1000\" height=\"1000\" data-attachment-id=\"47521\" data-permalink=\"https:\/\/atravesdelasescrituras.com\/es_es\/2024\/02\/05\/dialogo-entre-judios-y-cristianos\/nccj-of-greater-dayton\/\" data-orig-file=\"https:\/\/atravesdelasescrituras.com\/wp-content\/uploads\/2024\/02\/nccj-of-greater-dayton.png\" data-orig-size=\"1000,1000\" data-comments-opened=\"1\" data-image-meta=\"{&quot;aperture&quot;:&quot;0&quot;,&quot;credit&quot;:&quot;&quot;,&quot;camera&quot;:&quot;&quot;,&quot;caption&quot;:&quot;&quot;,&quot;created_timestamp&quot;:&quot;0&quot;,&quot;copyright&quot;:&quot;&quot;,&quot;focal_length&quot;:&quot;0&quot;,&quot;iso&quot;:&quot;0&quot;,&quot;shutter_speed&quot;:&quot;0&quot;,&quot;title&quot;:&quot;&quot;,&quot;orientation&quot;:&quot;0&quot;}\" data-image-title=\"nccj-of-greater-dayton\" data-image-description=\"\" data-image-caption=\"\" data-large-file=\"https:\/\/atravesdelasescrituras.com\/wp-content\/uploads\/2024\/02\/nccj-of-greater-dayton.png\" src=\"https:\/\/i0.wp.com\/atravesdelasescrituras.com\/wp-content\/uploads\/2024\/02\/nccj-of-greater-dayton.png?resize=1000%2C1000&#038;ssl=1\" alt=\"\" class=\"wp-image-47521\" style=\"width:270px;height:auto\" \/><\/a><\/figure>\n\n\n\n<p class=\"wp-block-paragraph\">En Europa, la Conferencia Internacional de Cristianos y Jud\u00edos se fund\u00f3 a ra\u00edz de la Segunda Guerra Mundial y la Shoah. Hoy tiene su sede en Alemania (en la antigua casa del fil\u00f3sofo jud\u00edo Martin Buber) y cuenta con 36 organizaciones constituyentes en 32 pa\u00edses. En el Reino Unido, el Consejo de Cristianos y Jud\u00edos se cre\u00f3 en 1947. Su patrona honoraria es la reina, y sus presidentes honorarios son el rabino jefe, el arzobispo anglicano de Canterbury y el arzobispo cat\u00f3lico romano de Westminster.<\/p>\n\n\n\n<figure class=\"wp-block-image alignright size-large is-resized\"><a href=\"https:\/\/i0.wp.com\/atravesdelasescrituras.com\/wp-content\/uploads\/2024\/02\/1543_on_the_jews_and_their_lies_by_martin_luther.jpg?ssl=1\"><img data-recalc-dims=\"1\" loading=\"lazy\" decoding=\"async\" width=\"340\" height=\"501\" data-attachment-id=\"47527\" data-permalink=\"https:\/\/atravesdelasescrituras.com\/es_es\/2024\/02\/05\/dialogo-entre-judios-y-cristianos\/1543_on_the_jews_and_their_lies_by_martin_luther\/\" data-orig-file=\"https:\/\/atravesdelasescrituras.com\/wp-content\/uploads\/2024\/02\/1543_on_the_jews_and_their_lies_by_martin_luther.jpg\" data-orig-size=\"340,501\" data-comments-opened=\"1\" data-image-meta=\"{&quot;aperture&quot;:&quot;0&quot;,&quot;credit&quot;:&quot;&quot;,&quot;camera&quot;:&quot;&quot;,&quot;caption&quot;:&quot;&quot;,&quot;created_timestamp&quot;:&quot;0&quot;,&quot;copyright&quot;:&quot;&quot;,&quot;focal_length&quot;:&quot;0&quot;,&quot;iso&quot;:&quot;0&quot;,&quot;shutter_speed&quot;:&quot;0&quot;,&quot;title&quot;:&quot;&quot;,&quot;orientation&quot;:&quot;0&quot;}\" data-image-title=\"1543_on_the_jews_and_their_lies_by_martin_luther\" data-image-description=\"\" data-image-caption=\"\" data-large-file=\"https:\/\/atravesdelasescrituras.com\/wp-content\/uploads\/2024\/02\/1543_on_the_jews_and_their_lies_by_martin_luther.jpg\" src=\"https:\/\/i0.wp.com\/atravesdelasescrituras.com\/wp-content\/uploads\/2024\/02\/1543_on_the_jews_and_their_lies_by_martin_luther.jpg?resize=340%2C501&#038;ssl=1\" alt=\"\" class=\"wp-image-47527\" style=\"width:190px;height:auto\" \/><\/a><figcaption class=\"wp-element-caption\">P\u00e1gina del t\u00edtulo de <a href=\"https:\/\/es.wikipedia.org\/wiki\/Mart%C3%ADn_Lutero\">Mart\u00edn Lutero<\/a> <em>Sobre los jud\u00edos y sus mentiras.<\/em> <a href=\"https:\/\/es.wikipedia.org\/wiki\/Wittenberg\">Wittenberg<\/a>, 1543<\/figcaption><\/figure>\n\n\n\n<p class=\"wp-block-paragraph\">Especialmente en los \u00faltimos 30 a\u00f1os, las confesiones cristianas, sobre todo la Iglesia Cat\u00f3lica Romana, han tomado medidas de importancia decisiva para formar y difundir entre los cristianos una nueva concepci\u00f3n del juda\u00edsmo y del pueblo jud\u00edo. Adem\u00e1s, la Iglesia Evang\u00e9lica Luterana en Am\u00e9rica ha dado un paso decisivo al repudiar oficialmente los escritos antisemitas de Mart\u00edn Lutero.<\/p>\n\n\n\n<p class=\"wp-block-paragraph\">Tambi\u00e9n se ha producido una alentadora proliferaci\u00f3n de programas de estudios jud\u00edos en colegios y universidades de Norteam\u00e9rica y partes de Europa. Se est\u00e1n desarrollando nuevas iniciativas en y entre seminarios teol\u00f3gicos cristianos y jud\u00edos. Los estudiantes pueden matricularse en distintos centros y encontrarse con profesores de la otra tradici\u00f3n. El impacto combinado de estos recientes avances en las instituciones acad\u00e9micas ha situado el di\u00e1logo judeo-cristiano en el horizonte de ambas comunidades.<\/p>\n\n\n\n<p class=\"wp-block-paragraph\">Los t\u00e9rminos del compromiso est\u00e1n cambiando, y las perspectivas m\u00e1s prometedoras para el di\u00e1logo judeo-cristiano implican esfuerzos educativos que sacan la erudici\u00f3n vital del aislamiento acad\u00e9mico y la trasladan a la comunidad en general. En una cultura encaprichada con una espiritualidad que se libera de los enredos institucionales, existe una creciente necesidad de experiencias educativas que conecten a las personas tanto con los rigores del aprendizaje como con la vida dentro de una tradici\u00f3n religiosa concreta. La suposici\u00f3n predominante suele ser que esa labor exige a cristianos y jud\u00edos un repliegue sobre s\u00ed mismos que evite la dificultad del encuentro interreligioso. Dada la comprensible aprensi\u00f3n a que una sociedad abierta suponga un mayor riesgo para la supervivencia del juda\u00edsmo (por ejemplo, en lo que respecta a los matrimonios mixtos) que el orden social cerrado y restringido del pasado, los jud\u00edos se muestran especialmente nerviosos a la hora de acoger las propuestas de los cristianos para un encuentro serio.<\/p>\n\n\n\n<p class=\"wp-block-paragraph\">Las organizaciones que promueven el di\u00e1logo judeo-cristiano deben dise\u00f1ar iniciativas que profundicen la comprensi\u00f3n y el compromiso de los participantes con sus propias comunidades religiosas. Sin embargo, dado que la mayor\u00eda de los cristianos y jud\u00edos se encuentran en un mundo en el que viven, trabajan y se divierten codo con codo, tanto la iglesia como la sinagoga deben preparar a sus miembros para entablar una conversaci\u00f3n con sus vecinos sobre las cosas que m\u00e1s importan. <\/p>\n\n\n\n<figure class=\"wp-block-image aligncenter size-large is-resized\"><a href=\"https:\/\/i0.wp.com\/atravesdelasescrituras.com\/wp-content\/uploads\/2024\/02\/71h92jvc9yl._ac_uf10001000_ql80_.jpg?ssl=1\"><img data-recalc-dims=\"1\" loading=\"lazy\" decoding=\"async\" width=\"621\" height=\"1000\" data-attachment-id=\"47529\" data-permalink=\"https:\/\/atravesdelasescrituras.com\/es_es\/2024\/02\/05\/dialogo-entre-judios-y-cristianos\/71h92jvc9yl-_ac_uf10001000_ql80_\/\" data-orig-file=\"https:\/\/atravesdelasescrituras.com\/wp-content\/uploads\/2024\/02\/71h92jvc9yl._ac_uf10001000_ql80_.jpg\" data-orig-size=\"621,1000\" data-comments-opened=\"1\" data-image-meta=\"{&quot;aperture&quot;:&quot;0&quot;,&quot;credit&quot;:&quot;&quot;,&quot;camera&quot;:&quot;&quot;,&quot;caption&quot;:&quot;&quot;,&quot;created_timestamp&quot;:&quot;0&quot;,&quot;copyright&quot;:&quot;&quot;,&quot;focal_length&quot;:&quot;0&quot;,&quot;iso&quot;:&quot;0&quot;,&quot;shutter_speed&quot;:&quot;0&quot;,&quot;title&quot;:&quot;&quot;,&quot;orientation&quot;:&quot;0&quot;}\" data-image-title=\"71h92jvc9yl._ac_uf10001000_ql80_\" data-image-description=\"\" data-image-caption=\"\" data-large-file=\"https:\/\/atravesdelasescrituras.com\/wp-content\/uploads\/2024\/02\/71h92jvc9yl._ac_uf10001000_ql80_.jpg\" src=\"https:\/\/i0.wp.com\/atravesdelasescrituras.com\/wp-content\/uploads\/2024\/02\/71h92jvc9yl._ac_uf10001000_ql80_.jpg?resize=621%2C1000&#038;ssl=1\" alt=\"\" class=\"wp-image-47529\" style=\"width:261px;height:auto\" \/><\/a><figcaption class=\"wp-element-caption\">Jacob Neusner erudito jud\u00edo y Benedicto XVI un dialogo o un acercamiento a las dos religiones hermanas&#8230; <br>publicado el 7 de Abril del 2008 &#8211;<br>Este di\u00e1logo se produce con gran sinceridad y deja ver toda la dureza de las diferencias; pero tambi\u00e9n transcurre en un clima de gran amor: el rabino acepta que el mensaje de Jes\u00fas es otro y se despide con una separaci\u00f3n que no conoce el odio y, no obstante todo el rigor de la verdad, tiene siempre presente la fuerza conciliadora del amor\u00bb.<\/figcaption><\/figure>\n\n\n\n<p class=\"wp-block-paragraph\">Si los jud\u00edos y los cristianos no aprenden a discutir y debatir las cuestiones de actualidad, y si no son capaces de aprovechar las fuentes de sus respectivas tradiciones, ninguna de las dos comunidades tendr\u00e1 nada sustancial que ofrecer al mundo en general. Para hacer frente a los retos de vivir en sociedades religiosamente plurales, los institutos judeo-cristianos tendr\u00e1n que mediar en encuentros educativos que tiendan puentes entre la academia y la congregaci\u00f3n, el seminario y el grupo de debate, la escuela y el centro comunitario. <strong>Si los destinos del cristianismo y del juda\u00edsmo est\u00e1n entrelazados, entonces el futuro de ambos puede depender de su voluntad de entablar una nueva conversaci\u00f3n y responder a un nuevo conjunto de circunstancias.<\/strong><\/p>\n\n\n\n<hr class=\"wp-block-separator has-alpha-channel-opacity\" \/>\n\n\n\n<p class=\"wp-block-paragraph\"><strong>\u2726<\/strong> <strong>Fuente principal:<\/strong><\/p>\n\n\n\n<p class=\"has-small-font-size wp-block-paragraph\">Christopher M. Leighton y Charles Arian, \u00abJewish-Christian Dialogue\u00bb, The encyclopedia of Christianity (Grand Rapids, MI; Leiden, Pa\u00edses Bajos: Wm. B. Eerdmans; Brill, 1999-2003), 63-64.<\/p>\n\n\n\n<figure class=\"wp-block-image aligncenter size-large is-resized\"><a href=\"https:\/\/i0.wp.com\/atravesdelasescrituras.com\/wp-content\/uploads\/2024\/02\/encyclopedia-of-christianity-5-volumes-ver-3-e1607474813171.png?ssl=1\"><img data-recalc-dims=\"1\" loading=\"lazy\" decoding=\"async\" width=\"568\" height=\"398\" data-attachment-id=\"47523\" data-permalink=\"https:\/\/atravesdelasescrituras.com\/es_es\/2024\/02\/05\/dialogo-entre-judios-y-cristianos\/encyclopedia-of-christianity-5-volumes-ver-3-e1607474813171\/\" data-orig-file=\"https:\/\/atravesdelasescrituras.com\/wp-content\/uploads\/2024\/02\/encyclopedia-of-christianity-5-volumes-ver-3-e1607474813171.png\" data-orig-size=\"568,398\" data-comments-opened=\"1\" data-image-meta=\"{&quot;aperture&quot;:&quot;0&quot;,&quot;credit&quot;:&quot;&quot;,&quot;camera&quot;:&quot;&quot;,&quot;caption&quot;:&quot;&quot;,&quot;created_timestamp&quot;:&quot;0&quot;,&quot;copyright&quot;:&quot;&quot;,&quot;focal_length&quot;:&quot;0&quot;,&quot;iso&quot;:&quot;0&quot;,&quot;shutter_speed&quot;:&quot;0&quot;,&quot;title&quot;:&quot;&quot;,&quot;orientation&quot;:&quot;0&quot;}\" data-image-title=\"encyclopedia-of-christianity-5-volumes-ver-3-e1607474813171\" data-image-description=\"\" data-image-caption=\"\" data-large-file=\"https:\/\/atravesdelasescrituras.com\/wp-content\/uploads\/2024\/02\/encyclopedia-of-christianity-5-volumes-ver-3-e1607474813171.png\" src=\"https:\/\/i0.wp.com\/atravesdelasescrituras.com\/wp-content\/uploads\/2024\/02\/encyclopedia-of-christianity-5-volumes-ver-3-e1607474813171.png?resize=568%2C398&#038;ssl=1\" alt=\"\" class=\"wp-image-47523\" style=\"width:382px;height:auto\" \/><\/a><\/figure>\n","protected":false},"excerpt":{"rendered":"<p>Durante casi 2.000 a\u00f1os, cristianos y jud\u00edos se han asignado mutuamente papeles intrascendentes en las narraciones maestras que cada uno de ellos ha transmitido de generaci\u00f3n en generaci\u00f3n. Desde una perspectiva jud\u00eda tradicional, la relaci\u00f3n de alianza entre Dios e Israel determina el bienestar \u00faltimo del mundo. El destino de las naciones depende de que Israel cumpla sus obligaciones sagradas. Aunque los no jud\u00edos pueden servir como instrumentos de Dios para recordar a Israel sus deberes, la mayor\u00eda de los jud\u00edos han mantenido hist\u00f3ricamente que tienen poco o nada de sustancia teol\u00f3gica o espiritual que aprender de los no jud\u00edos, incluidos los cristianos. La cuesti\u00f3n de por qu\u00e9 Dios necesitaba, o incluso se molest\u00f3, en crear tantos cristianos puede haber confundido a algunos jud\u00edos, pero no ha provocado una atenci\u00f3n seria y sostenida a lo largo de los siglos.<\/p>\n<p>Los cristianos han tenido mayores dificultades para ignorar el juda\u00edsmo, ya que Jes\u00fas y sus primeros disc\u00edpulos eran jud\u00edos. La pregunta de c\u00f3mo se puede seguir el camino de Jes\u00fas sin permanecer fiel a su tradici\u00f3n jud\u00eda irrit\u00f3 a la Iglesia primitiva y su respuesta requiri\u00f3 un ingenio considerable. Las respuestas que surgieron en el siglo III se basaban en la l\u00f3gica del supersesionismo cristiano. Seg\u00fan este punto de vista, Dios envi\u00f3 a Jes\u00fas al pueblo jud\u00edo, pero su propio pueblo no acept\u00f3 su mensaje; por tanto, Dios rechaz\u00f3 a los jud\u00edos, con lo que la alianza con el pueblo jud\u00edo qued\u00f3 obsoleta. En su lugar se estableci\u00f3 una nueva alianza, dada a conocer en la persona de Jesucristo, a trav\u00e9s de la cual el pueblo pod\u00eda establecer una relaci\u00f3n justa con Dios.<\/p>\n","protected":false},"author":80235555,"featured_media":47532,"comment_status":"open","ping_status":"open","sticky":false,"template":"","format":"standard","meta":{"_coblocks_attr":"","_coblocks_dimensions":"","_coblocks_responsive_height":"","_coblocks_accordion_ie_support":"","_gspb_post_css":"","advanced_seo_description":"","jetpack_seo_html_title":"","jetpack_seo_noindex":false,"jetpack_seo_schema_type":"","_jetpack_newsletter_access":"","_jetpack_dont_email_post_to_subs":false,"_jetpack_newsletter_tier_id":0,"_jetpack_memberships_contains_paywalled_content":false,"_wpcom_ai_launchpad_first_post":false,"_jetpack_feature_clip_id":0,"_jetpack_memberships_contains_paid_content":false,"footnotes":"","jetpack_publicize_message":"","jetpack_publicize_feature_enabled":true,"jetpack_social_post_already_shared":false,"jetpack_social_options":{"image_generator_settings":{"template":"highway","default_image_id":0,"font":"","enabled":false},"version":2},"jetpack_post_was_ever_published":false},"categories":[1460447],"tags":[769177951,2843219,179222221,65988,540527,360013,171398,11017546,53636867,6992924,376849,13164458,21691624,6014649,175987810,3186744,769178048,590826,769178092,377346,6302734,25873246,33177231,486133,769178090,2783488,50192,769178049,139659,48179734],"class_list":["post-47498","post","type-post","status-publish","format-standard","has-post-thumbnail","hentry","category-articulos-varios","tag-alan-franklin-segal","tag-antijudaismo","tag-antiosionismo","tag-antisemitismo","tag-arnold-toynbee","tag-benedicto-xvi","tag-biblia","tag-biblia-hebrea","tag-dabru-emet","tag-estado-de-israel","tag-holocausto","tag-iglesia-luterana","tag-j-p-meier","tag-jacob-neusner","tag-judaismo-y-cristianismo","tag-judios-y-cristianos","tag-los-judios-y-sus-mentiras","tag-lutero","tag-marik-heim","tag-martin-buber","tag-mesianismo","tag-nccj","tag-noajidas","tag-nuevo-testamento","tag-paul-matthews-van-buren","tag-reemplazo","tag-shoah","tag-supersesionismo-cristiano","tag-talmud","tag-teologia-del-reemplazo"],"blocksy_meta":{"styles_descriptor":{"styles":{"desktop":"","tablet":"","mobile":""},"google_fonts":[],"version":7}},"jetpack_publicize_connections":[],"jetpack_likes_enabled":true,"jetpack_sharing_enabled":true,"jetpack_shortlink":"https:\/\/wp.me\/p5HWJ5-cm6","jetpack-related-posts":[],"brizy_media":[],"jetpack_featured_media_url":"https:\/\/atravesdelasescrituras.com\/wp-content\/uploads\/2024\/02\/dialogo-entre-judios-y-cristianos.jpg","_links":{"self":[{"href":"https:\/\/atravesdelasescrituras.com\/es_es\/wp-json\/wp\/v2\/posts\/47498","targetHints":{"allow":["GET"]}}],"collection":[{"href":"https:\/\/atravesdelasescrituras.com\/es_es\/wp-json\/wp\/v2\/posts"}],"about":[{"href":"https:\/\/atravesdelasescrituras.com\/es_es\/wp-json\/wp\/v2\/types\/post"}],"author":[{"embeddable":true,"href":"https:\/\/atravesdelasescrituras.com\/es_es\/wp-json\/wp\/v2\/users\/80235555"}],"replies":[{"embeddable":true,"href":"https:\/\/atravesdelasescrituras.com\/es_es\/wp-json\/wp\/v2\/comments?post=47498"}],"version-history":[{"count":25,"href":"https:\/\/atravesdelasescrituras.com\/es_es\/wp-json\/wp\/v2\/posts\/47498\/revisions"}],"predecessor-version":[{"id":47539,"href":"https:\/\/atravesdelasescrituras.com\/es_es\/wp-json\/wp\/v2\/posts\/47498\/revisions\/47539"}],"wp:featuredmedia":[{"embeddable":true,"href":"https:\/\/atravesdelasescrituras.com\/es_es\/wp-json\/wp\/v2\/media\/47532"}],"wp:attachment":[{"href":"https:\/\/atravesdelasescrituras.com\/es_es\/wp-json\/wp\/v2\/media?parent=47498"}],"wp:term":[{"taxonomy":"category","embeddable":true,"href":"https:\/\/atravesdelasescrituras.com\/es_es\/wp-json\/wp\/v2\/categories?post=47498"},{"taxonomy":"post_tag","embeddable":true,"href":"https:\/\/atravesdelasescrituras.com\/es_es\/wp-json\/wp\/v2\/tags?post=47498"}],"curies":[{"name":"wp","href":"https:\/\/api.w.org\/{rel}","templated":true}]}}