{"id":49837,"date":"2024-06-13T20:11:37","date_gmt":"2024-06-13T18:11:37","guid":{"rendered":"https:\/\/atravesdelasescrituras.com\/?p=49837"},"modified":"2024-06-13T20:11:37","modified_gmt":"2024-06-13T18:11:37","slug":"reflexion-juan-119-28-n-t-para-todos","status":"publish","type":"post","link":"https:\/\/atravesdelasescrituras.com\/es_es\/2024\/06\/13\/reflexion-juan-119-28-n-t-para-todos\/","title":{"rendered":"Reflexi\u00f3n Juan 1:19-28 (N.T para Todos)"},"content":{"rendered":"\n<h2 class=\"wp-block-heading has-text-align-center\">JUAN 1:19-28<br>Las pruebas de Juan<\/h2>\n\n\n\n<blockquote class=\"wp-block-quote is-layout-flow wp-block-quote-is-layout-flow\">\n<p class=\"wp-block-paragraph\">19 Estas son las pruebas que dio Juan cuando los jud\u00edos enviaron sacerdotes y levitas de Jerusal\u00e9n para preguntarle: \u00ab\u00bfQui\u00e9n eres t\u00fa?<br>20 Lo dijo abiertamente; no trat\u00f3 de negarlo. Dijo abiertamente: \u00abYo no soy el Mes\u00edas\u00bb.<br>21 \u00ab\u00bfY qu\u00e9?\u00bb, le preguntaron. \u00bfEres El\u00edas?<br>No, no lo soy\u00bb, respondi\u00f3.<br>\u00bfEres t\u00fa el Profeta?<br>No.<br>22 \u00abBueno, entonces, \u00bfqui\u00e9n eres t\u00fa? Tenemos que dar alg\u00fan tipo de respuesta a la gente que nos envi\u00f3. \u00bfQui\u00e9n dices ser?<br>23 &#8216;Soy \u00abuna voz que clama en el desierto\u00bb, &#8216; dijo, &#8216; \u00ab\u00a1Enderezad el camino al amo!\u00bb &#8216; -tal como dijo el profeta Isa\u00edas.<br>24 Los enviados eran fariseos. 25 Continuaron interrog\u00e1ndole.<br>Le preguntaron: \u00ab\u00bfPor qu\u00e9 bautizas si no eres el Mes\u00edas, ni El\u00edas, ni el Profeta?<br>26 Juan respondi\u00f3: \u00abBautizo con agua. Pero hay entre vosotros alguien que no conoc\u00e9is, 27 alguien que ha de venir despu\u00e9s de m\u00ed. Yo no soy tan bueno como para desatarle la correa de la sandalia.<br>28 Esto sucedi\u00f3 en Betania, al otro lado del Jord\u00e1n, donde Juan estaba bautizando.<\/p>\n<\/blockquote>\n\n\n\n<figure class=\"wp-block-audio\"><audio controls src=\"https:\/\/atravesdelasescrituras.com\/wp-content\/uploads\/2024\/06\/video-sin-titulo-e28090-hecho-con-clipchamp-_4_.mp3\"><\/audio><figcaption class=\"wp-element-caption\">Audio de la Reflexi\u00f3n (Juan 1:19-28 \u2013 N.T para Todos).<\/figcaption><\/figure>\n\n\n\n<p class=\"wp-block-paragraph\">\u00abQuiero dejar bien claro que no soy un candidato\u00bb. Eso se oye decir una y otra vez cuando los pol\u00edticos compiten por un puesto antes de unas elecciones importantes. No, no van a presentarse. No, no tienen intenci\u00f3n de presentarse. No, no van a presentarse. Y entonces -sorpresa, sorpresa- de repente hacen un discurso diciendo que sus amigos les han aconsejado, que les han presionado, que por el bien del pa\u00eds ahora tienen la intenci\u00f3n\u2026 de presentarse despu\u00e9s de todo. Y nos hemos vuelto bastante c\u00ednicos al respecto.<\/p>\n\n\n\n<p class=\"wp-block-paragraph\">Pero aqu\u00ed tenemos la historia de un hombre que se presenta ante la opini\u00f3n p\u00fablica, gana muchos seguidores y luego se niega a reclamar ninguno de los cargos que estaban ansiosos por atribuirle. Juan, el escritor de este evangelio, da por sentado que sabemos algo sobre los \u00abcargos\u00bb o personajes de liderazgo que muchos jud\u00edos esperaban en aquella \u00e9poca. El Mes\u00edas: bueno, por supuesto. El rey de la casa de David. El rey que derrocar\u00eda toda injusticia y gobernar\u00eda sobre Israel, y quiz\u00e1 tambi\u00e9n sobre el mundo. Pero Juan niega rotundamente que \u00e9l sea el Mes\u00edas, y parece decirlo en serio. No est\u00e1 haciendo cosas mesi\u00e1nicas.<\/p>\n\n\n\n<p class=\"has-text-align-center wp-block-paragraph\">Pero, \u00bfqu\u00e9 hay de El\u00edas y \u00abel Profeta\u00bb?<\/p>\n\n\n\n<p class=\"wp-block-paragraph\">Durante siglos, los jud\u00edos hab\u00edan le\u00eddo en la Biblia que el gran profeta El\u00edas volver\u00eda antes del gran y terrible \u00abd\u00eda del Se\u00f1or\u00bb (<a href=\"https:\/\/www.biblegateway.com\/passage\/?search=Malaqu%C3%ADas+4%3A5&amp;version=NVI\">Malaqu\u00edas 4:5<\/a>). Al parecer, El\u00edas no hab\u00eda muerto de la forma ordinaria, sino que hab\u00eda sido llevado directamente al cielo (<a href=\"https:\/\/www.biblegateway.com\/passage\/?search=2+Reyes+2&amp;version=NVI\">2 Reyes 2<\/a>). Muchos cre\u00edan que ahora volver\u00eda para anunciar el nuevo d\u00eda de Dios. De hecho, muchos cristianos, y muy probablemente tambi\u00e9n Jes\u00fas, cre\u00edan que Juan era en realidad El\u00edas, aunque \u00e9l no lo creyera as\u00ed, un enigma para el que el Nuevo Testamento no ofrece soluci\u00f3n (v\u00e9ase, por ejemplo, <a href=\"https:\/\/www.biblegateway.com\/passage\/?search=Marcos+9%3A13&amp;version=NVI\">Marcos 9:13<\/a>). Pero, de todos modos, Juan claramente no quer\u00eda que nadie pensara que \u00e9l era El\u00edas.<\/p>\n\n\n\n<p class=\"wp-block-paragraph\">El\u00edas no fue el \u00fanico gran profeta. En la \u00e9poca de Jes\u00fas, la mayor\u00eda lo habr\u00eda clasificado en segundo lugar despu\u00e9s del propio Mois\u00e9s. En <a href=\"https:\/\/www.biblegateway.com\/passage\/?search=Deuteronomio+18%3A15-18&amp;version=NVI\">Deuteronomio 18:15-18<\/a> Dios promete que levantar\u00e1 un profeta como Mois\u00e9s para guiar al pueblo. Esta figura, un \u00abprofeta como Mois\u00e9s\u00bb a\u00fan por venir, se esperaba en tiempos de Jes\u00fas (v\u00e9ase <a href=\"https:\/\/www.biblegateway.com\/passage\/?search=Juan+6%3A14&amp;version=NVI\">6:14<\/a>), aunque probablemente la mayor\u00eda de la gente no distingu\u00eda claramente entre las distintas \u00abfiguras\u00bb de las que hab\u00edan o\u00eddo hablar o sobre las que hab\u00edan le\u00eddo. Lo suficiente como para saber que alguien vendr\u00eda, y preferiblemente pronto, a arreglar el l\u00edo en el que estaban metidos.<\/p>\n\n\n\n<p class=\"wp-block-paragraph\">Pero Juan rechaz\u00f3 todos esos t\u00edtulos. Un grupo de sacerdotes y levitas -funcionarios del Templo- vino a investigarlo, enviados por los fariseos, uno de los principales grupos de presi\u00f3n de la \u00e9poca. Ten\u00edan sus propias razones para querer vigilar a la gente. Si alguien se comportaba de un modo nuevo y extra\u00f1o, anunciando un mensaje de Dios, quer\u00edan saberlo. Y Juan se comportaba de manera extra\u00f1a. Las escrituras de Israel no hablaban de un profeta que viniera a sumergir a la gente en el agua. \u00bfPor qu\u00e9 lo hac\u00eda?<\/p>\n\n\n\n<p class=\"wp-block-paragraph\">La respuesta de Juan, aqu\u00ed y en lo que sigue, es que est\u00e1 preparando a la gente para otra persona. La \u00fanica afirmaci\u00f3n que hace -aparte de su creencia de que el Dios de Israel le ha ordenado bautizar a la gente en agua- es que \u00e9l es una \u00abvoz\u00bb. O mejor dicho, la voz, la voz de la que habla Isa\u00edas en el mismo pasaje en el que habla de la hierba que se marchita, pero de la Palabra de Dios que permanece para siempre (<a href=\"https:\/\/www.biblegateway.com\/passage\/?search=Is+40%3A1-8&amp;version=NVI\">40:1-8<\/a>). Juan quiere que hagamos la conexi\u00f3n con los vers\u00edculos <a href=\"https:\/\/www.biblegateway.com\/passage\/?search=Juan+1%3A1-18&amp;version=NVI\">1-18<\/a>. Y lo que la voz ordena es enderezar el camino. Viene el amo; hay que preparar el camino.<\/p>\n\n\n\n<p class=\"wp-block-paragraph\">Vivo cerca de una calle muy transitada de la ciudad, y varias veces al d\u00eda oigo sonar las sirenas de un coche de polic\u00eda, o de un cami\u00f3n de bomberos, o de una ambulancia, que intentan abrirse paso a trav\u00e9s del denso tr\u00e1fico hacia otra emergencia. Ese es el tipo de tarea que Juan dice tener: hacer sonar su sirena para despejar el camino al que viene detr\u00e1s. Ya en el Pr\u00f3logo (la gran secci\u00f3n inicial de los vers\u00edculos <a href=\"https:\/\/www.biblegateway.com\/passage\/?search=Juan+1%3A1-18&amp;version=NVI\">1-18<\/a>) hemos visto esta imagen de Juan: \u00e9l no era la luz, sino que ven\u00eda a dar testimonio de ella (<a href=\"https:\/\/www.biblegateway.com\/passage\/?search=Juan+1%3A8&amp;version=NVI\">1:8<\/a>). Es de importancia secundaria para el Mes\u00edas, aunque le precede en la secuencia temporal. La raz\u00f3n por la que viene antes que \u00e9l, por supuesto, es que tiene que hacerlo, para despejar el camino.<\/p>\n\n\n\n<p class=\"wp-block-paragraph\">Juan el Bautista ocupa una posici\u00f3n semejante en todos los evangelios y, de hecho, en el conjunto de la proclamaci\u00f3n cristiana primitiva. El movimiento miraba a Juan como su plataforma de lanzamiento. Al mismo tiempo, hubo algunos grupos de seguidores de Juan que, por la raz\u00f3n que fuera, nunca hicieron la transici\u00f3n al seguimiento de Jes\u00fas. Es posible que el escritor, consciente de la existencia de esos grupos, quiera subrayar que Juan el Bautista insist\u00eda en que la gente deb\u00eda seguir a Jes\u00fas, no a s\u00ed mismo. Y lo dec\u00eda en serio.<\/p>\n\n\n\n<p class=\"wp-block-paragraph\">Uno de los muchos puntos sobre los que reflexionar acerca del extra\u00f1o car\u00e1cter de Juan el Bautista es el modo en que todos los predicadores cristianos est\u00e1n llamados a la misma actitud que ten\u00eda Juan. No nos predicamos a nosotros mismos, como dijo Pablo, sino a Jesucristo como Se\u00f1or, y a nosotros como vuestros siervos por amor de \u00e9l (<a href=\"https:\/\/www.biblegateway.com\/passage\/?search=2+Corintios+4%3A5&amp;version=NVI\">2 Corintios 4:5<\/a>). O, como dijo Juan: &#8216;Yo s\u00f3lo soy una voz&#8217;. Ah\u00ed est\u00e1 su humildad, y su verdadera grandeza.<\/p>\n\n\n\n<figure class=\"wp-block-image aligncenter size-large is-resized\"><a href=\"https:\/\/i0.wp.com\/atravesdelasescrituras.com\/wp-content\/uploads\/2024\/06\/b0990579-8a88-4ae6-b739-ad9918f66b44.webp?ssl=1\"><img data-recalc-dims=\"1\" fetchpriority=\"high\" decoding=\"async\" width=\"1792\" height=\"1024\" data-attachment-id=\"49846\" data-permalink=\"https:\/\/atravesdelasescrituras.com\/es_es\/2024\/06\/13\/reflexion-juan-119-28-n-t-para-todos\/b0990579-8a88-4ae6-b739-ad9918f66b44\/\" data-orig-file=\"https:\/\/atravesdelasescrituras.com\/wp-content\/uploads\/2024\/06\/b0990579-8a88-4ae6-b739-ad9918f66b44.webp\" data-orig-size=\"1792,1024\" data-comments-opened=\"1\" data-image-meta=\"{&quot;aperture&quot;:&quot;0&quot;,&quot;credit&quot;:&quot;&quot;,&quot;camera&quot;:&quot;&quot;,&quot;caption&quot;:&quot;&quot;,&quot;created_timestamp&quot;:&quot;0&quot;,&quot;copyright&quot;:&quot;&quot;,&quot;focal_length&quot;:&quot;0&quot;,&quot;iso&quot;:&quot;0&quot;,&quot;shutter_speed&quot;:&quot;0&quot;,&quot;title&quot;:&quot;&quot;,&quot;orientation&quot;:&quot;0&quot;}\" data-image-title=\"b0990579-8a88-4ae6-b739-ad9918f66b44\" data-image-description=\"\" data-image-caption=\"\" data-large-file=\"https:\/\/atravesdelasescrituras.com\/wp-content\/uploads\/2024\/06\/b0990579-8a88-4ae6-b739-ad9918f66b44.webp\" src=\"https:\/\/i0.wp.com\/atravesdelasescrituras.com\/wp-content\/uploads\/2024\/06\/b0990579-8a88-4ae6-b739-ad9918f66b44.webp?resize=1792%2C1024&#038;ssl=1\" alt=\"\" class=\"wp-image-49846\" style=\"width:548px;height:auto\" \/><\/a><\/figure>\n\n\n\n<p class=\"wp-block-paragraph\">\u2014<strong>Tom Wright, John for Everyone, Part 1: Chapters 1-10 (London: Society for Promoting Christian Knowledge, 2004), 8.<\/strong><\/p>\n\n\n\n<figure class=\"wp-block-image aligncenter size-large is-resized\"><a href=\"https:\/\/i0.wp.com\/atravesdelasescrituras.com\/wp-content\/uploads\/2024\/06\/61qy90rwzs._ac_uf10001000_ql80_-1.jpg?ssl=1\"><img data-recalc-dims=\"1\" decoding=\"async\" width=\"738\" height=\"1000\" data-attachment-id=\"49807\" data-permalink=\"https:\/\/atravesdelasescrituras.com\/es_es\/2024\/06\/11\/reflexion-juan-11-18-n-t-para-todos\/61qy90rwzs-_ac_uf10001000_ql80_-1\/\" data-orig-file=\"https:\/\/atravesdelasescrituras.com\/wp-content\/uploads\/2024\/06\/61qy90rwzs._ac_uf10001000_ql80_-1.jpg\" data-orig-size=\"738,1000\" data-comments-opened=\"1\" data-image-meta=\"{&quot;aperture&quot;:&quot;0&quot;,&quot;credit&quot;:&quot;&quot;,&quot;camera&quot;:&quot;&quot;,&quot;caption&quot;:&quot;&quot;,&quot;created_timestamp&quot;:&quot;0&quot;,&quot;copyright&quot;:&quot;&quot;,&quot;focal_length&quot;:&quot;0&quot;,&quot;iso&quot;:&quot;0&quot;,&quot;shutter_speed&quot;:&quot;0&quot;,&quot;title&quot;:&quot;&quot;,&quot;orientation&quot;:&quot;0&quot;}\" data-image-title=\"61qy90rwzs._ac_uf10001000_ql80_-1\" data-image-description=\"\" data-image-caption=\"\" data-large-file=\"https:\/\/atravesdelasescrituras.com\/wp-content\/uploads\/2024\/06\/61qy90rwzs._ac_uf10001000_ql80_-1.jpg\" src=\"https:\/\/i0.wp.com\/atravesdelasescrituras.com\/wp-content\/uploads\/2024\/06\/61qy90rwzs._ac_uf10001000_ql80_-1.jpg?resize=738%2C1000&#038;ssl=1\" alt=\"\" class=\"wp-image-49807\" style=\"width:335px;height:auto\" \/><\/a><\/figure>\n\n\n\n<hr class=\"wp-block-coblocks-dynamic-separator\" style=\"height:50px\" \/>\n\n\n\n<figure class=\"wp-block-embed aligncenter is-type-wp-embed is-provider-a-traves-de-las-escrituras wp-block-embed-a-traves-de-las-escrituras\"><div class=\"wp-block-embed__wrapper\">\n<a href=\"https:\/\/atravesdelasescrituras.com\/devocionales-nuevo-testamento-para-todos\/juan-n-t-para-todos\/\">https:\/\/atravesdelasescrituras.com\/devocionales-nuevo-testamento-para-todos\/juan-n-t-para-todos\/<\/a>\n<\/div><figcaption class=\"wp-element-caption\">Puedes ver aqu\u00ed las dem\u00e1s reflexiones del libro de Juan<\/figcaption><\/figure>\n\n\n\n<p class=\"wp-block-paragraph\"><\/p>\n","protected":false},"excerpt":{"rendered":"<p>Uno de los muchos puntos sobre los que reflexionar acerca del extra\u00f1o car\u00e1cter de Juan el Bautista es el modo en que todos los predicadores cristianos est\u00e1n llamados a la misma actitud que ten\u00eda Juan. No nos predicamos a nosotros mismos, como dijo Pablo, sino a Jesucristo como Se\u00f1or, y a nosotros como vuestros siervos por amor de \u00e9l (2 Corintios 4:5). O, como dijo Juan: &#8216;Yo s\u00f3lo soy una voz&#8217;. Ah\u00ed est\u00e1 su humildad, y su verdadera grandeza.<\/p>\n","protected":false},"author":80235555,"featured_media":49842,"comment_status":"open","ping_status":"open","sticky":false,"template":"","format":"standard","meta":{"_coblocks_attr":"","_coblocks_dimensions":"","_coblocks_responsive_height":"","_coblocks_accordion_ie_support":"","_gspb_post_css":"","advanced_seo_description":"","jetpack_seo_html_title":"","jetpack_seo_noindex":false,"jetpack_seo_schema_type":"","_jetpack_newsletter_access":"","_jetpack_dont_email_post_to_subs":false,"_jetpack_newsletter_tier_id":0,"_jetpack_memberships_contains_paywalled_content":false,"_wpcom_ai_launchpad_first_post":false,"_jetpack_feature_clip_id":0,"_jetpack_memberships_contains_paid_content":false,"footnotes":"","jetpack_publicize_message":"","jetpack_publicize_feature_enabled":true,"jetpack_social_post_already_shared":false,"jetpack_social_options":{"image_generator_settings":{"template":"highway","default_image_id":0,"font":"","enabled":false},"version":2},"jetpack_post_was_ever_published":false},"categories":[4172,772193798],"tags":[4454483,616628,41646,3049015,29223774,654956,51404253],"class_list":["post-49837","post","type-post","status-publish","format-standard","has-post-thumbnail","hentry","category-reflexiones","category-reflexiones-nuevo-testamento","tag-el-profeta","tag-elias","tag-juan","tag-juan-el-bautista","tag-preparar-el-camino","tag-profeta","tag-voz-que-clama-en-el-desierto"],"blocksy_meta":{"styles_descriptor":{"styles":{"desktop":"","tablet":"","mobile":""},"google_fonts":[],"version":7}},"jetpack_publicize_connections":[],"jetpack_likes_enabled":true,"jetpack_sharing_enabled":true,"jetpack_shortlink":"https:\/\/wp.me\/p5HWJ5-cXP","jetpack-related-posts":[],"brizy_media":[],"jetpack_featured_media_url":"https:\/\/atravesdelasescrituras.com\/wp-content\/uploads\/2024\/06\/las-pruebas-de-juan-el-bautista.jpg","_links":{"self":[{"href":"https:\/\/atravesdelasescrituras.com\/es_es\/wp-json\/wp\/v2\/posts\/49837","targetHints":{"allow":["GET"]}}],"collection":[{"href":"https:\/\/atravesdelasescrituras.com\/es_es\/wp-json\/wp\/v2\/posts"}],"about":[{"href":"https:\/\/atravesdelasescrituras.com\/es_es\/wp-json\/wp\/v2\/types\/post"}],"author":[{"embeddable":true,"href":"https:\/\/atravesdelasescrituras.com\/es_es\/wp-json\/wp\/v2\/users\/80235555"}],"replies":[{"embeddable":true,"href":"https:\/\/atravesdelasescrituras.com\/es_es\/wp-json\/wp\/v2\/comments?post=49837"}],"version-history":[{"count":7,"href":"https:\/\/atravesdelasescrituras.com\/es_es\/wp-json\/wp\/v2\/posts\/49837\/revisions"}],"predecessor-version":[{"id":49847,"href":"https:\/\/atravesdelasescrituras.com\/es_es\/wp-json\/wp\/v2\/posts\/49837\/revisions\/49847"}],"wp:featuredmedia":[{"embeddable":true,"href":"https:\/\/atravesdelasescrituras.com\/es_es\/wp-json\/wp\/v2\/media\/49842"}],"wp:attachment":[{"href":"https:\/\/atravesdelasescrituras.com\/es_es\/wp-json\/wp\/v2\/media?parent=49837"}],"wp:term":[{"taxonomy":"category","embeddable":true,"href":"https:\/\/atravesdelasescrituras.com\/es_es\/wp-json\/wp\/v2\/categories?post=49837"},{"taxonomy":"post_tag","embeddable":true,"href":"https:\/\/atravesdelasescrituras.com\/es_es\/wp-json\/wp\/v2\/tags?post=49837"}],"curies":[{"name":"wp","href":"https:\/\/api.w.org\/{rel}","templated":true}]}}