{"id":53115,"date":"2025-04-06T10:41:27","date_gmt":"2025-04-06T08:41:27","guid":{"rendered":"https:\/\/atravesdelasescrituras.com\/?p=53115"},"modified":"2025-04-06T10:41:27","modified_gmt":"2025-04-06T08:41:27","slug":"sobre-la-parashat-tzav-ningun-sobrante-el-significado-de-las-ofrendas-de-agradecimiento-comunion","status":"publish","type":"post","link":"https:\/\/atravesdelasescrituras.com\/es_es\/2025\/04\/06\/sobre-la-parashat-tzav-ningun-sobrante-el-significado-de-las-ofrendas-de-agradecimiento-comunion\/","title":{"rendered":"Sobre la Parashat Tzav \u2013 \u00ab\u00bbNing\u00fan sobrante\u00bb, el significado de las ofrendas de agradecimiento\/comuni\u00f3n\u00bb"},"content":{"rendered":"\n<p class=\"wp-block-paragraph\"><br>En esta semana estamos estudiando la <strong>Parashat&nbsp;25 <\/strong>Tzav se encuentra en: <a href=\"https:\/\/www.sefaria.org\/Leviticus.6.1-8.36?lang=bi&amp;aliyot=1\">Lev\u00edtico 6:1-8:36<\/a> \u2014 Tzav\u2013 (\u05e6\u05b7\u05d5) significa: \u00abOrdena\u201d<\/p>\n\n\n\n<figure class=\"wp-block-audio\"><audio controls src=\"https:\/\/atravesdelasescrituras.com\/wp-content\/uploads\/2025\/04\/sobre-la-parashat-tzav.mp3\"><\/audio><\/figure>\n\n\n\n<p class=\"wp-block-paragraph\">En la parash\u00e1 Tzav tenemos diversas instrucciones detalladas sobre los tipos de sacrificios que Israel deb\u00eda de ofrecer y como realizarlos, por ejemplo en la ofrenda sacrificial asociada con dar gracias a Dios (Qorban todah \u05e7\u05b8\u05e8\u05b0\u05d1\u05b7\u05bc\u05df \u05ea\u05bc\u05d5\u05b9\u05d3\u05b8\u05d4)<strong> vemos como difiere de manera crucial de otros sacrificios mencionados en Lev\u00edtico.<\/strong> <strong>Si discernimos la raz\u00f3n de ser de esas diferencias, habremos avanzado mucho en la comprensi\u00f3n del significado de la gratitud en la piedad y la espiritualidad.<\/strong><\/p>\n\n\n\n<p class=\"wp-block-paragraph\">El holocausto \u05e2\u05b9\u05dc\u05b8\u05d4 (olah, descrito en <a href=\"https:\/\/biblia.com\/bible\/rvr60\/Le1\">Lev\u00edtico 1<\/a>) se entrega totalmente a Dios y, por lo tanto, es consumido por completo por el fuego del altar. El sacrificio de bienestar (zevaj ha-shelamim, descrito en Lev\u00edtico 3), del cual el Qorban todah es un excelente ejemplo, <strong>es diferente<\/strong>: aunque algunas partes se consumen en el altar, otras son compartidas por los sacerdotes y las personas que traen el sacrificio como una comida sagrada. La mayor parte de la ofrenda de grano (minj\u00e1, descrita en Lev\u00edtico 3) puede ser comida, pero solo por los sacerdotes. El sacrificio de bienestar, en cambio, puede ser consumido tambi\u00e9n por quienes traen los sacrificios.<\/p>\n\n\n\n<p class=\"wp-block-paragraph\">El erudito b\u00edblico Baruch Levine sugiere que este permiso expresa el prop\u00f3sito mismo del sacrificio: <\/p>\n\n\n\n<blockquote class=\"wp-block-quote is-layout-flow wp-block-quote-is-layout-flow\">\n<p class=\"wp-block-paragraph\">\u00abofrecer a los fieles la experiencia de unirse a los sacerdotes en una comida sagrada en la que se percib\u00eda al propio Dios como el invitado de honor\u00bb.<sup data-fn=\"0c49240f-075b-442a-b14c-d6f91801bbe1\" class=\"fn\"><a href=\"#0c49240f-075b-442a-b14c-d6f91801bbe1\" id=\"0c49240f-075b-442a-b14c-d6f91801bbe1-link\">1<\/a><\/sup><\/p>\n<\/blockquote>\n\n\n\n<p class=\"wp-block-paragraph\">Pero la ofrenda de acci\u00f3n de gracias no es como los dem\u00e1s sacrificios de bienestar. Mientras que la mayor\u00eda de los dem\u00e1s sacrificios de bienestar pueden comerse hasta el tercer d\u00eda, la parashat Tzav nos dice que:<\/p>\n\n\n\n<blockquote class=\"wp-block-quote is-layout-flow wp-block-quote-is-layout-flow\">\n<p class=\"wp-block-paragraph\">\u00abla carne del sacrificio de acci\u00f3n de gracias de bienestar se comer\u00e1 el d\u00eda en que se ofrezca; nada de ella se apartar\u00e1 hasta la ma\u00f1ana\u00bb <\/p>\n\n\n\n<p class=\"wp-block-paragraph\">\u2014<a href=\"https:\/\/biblia.com\/bible\/rvr60\/Le7.15\">Lev\u00edtico 7:15<\/a>. <\/p>\n<\/blockquote>\n\n\n\n<p class=\"wp-block-paragraph\">Lo que sobre hasta la ma\u00f1ana siguiente debe ser quemado. La pregunta es por qu\u00e9. <\/p>\n\n\n\n<p class=\"has-text-align-center wp-block-paragraph\">\u00bfPor qu\u00e9 la Tor\u00e1 considera inquietante la perspectiva de las sobras? <\/p>\n\n\n\n<p class=\"has-text-align-center wp-block-paragraph\">\u00bfPor qu\u00e9 la ofrenda de acci\u00f3n de gracias, de todos los sacrificios, debe comerse el mismo d\u00eda en que se ofrece?<\/p>\n\n\n\n<p class=\"wp-block-paragraph\">R. Isaac Abravanel<sup data-fn=\"ac357e7a-a5ea-4bcd-87d0-4d28b8ee9c3c\" class=\"fn\"><a href=\"#ac357e7a-a5ea-4bcd-87d0-4d28b8ee9c3c\" id=\"ac357e7a-a5ea-4bcd-87d0-4d28b8ee9c3c-link\">2<\/a><\/sup> (1437-1508) ofrece una explicaci\u00f3n:<\/p>\n\n\n\n<blockquote class=\"wp-block-quote is-layout-flow wp-block-quote-is-layout-flow\">\n<p class=\"wp-block-paragraph\">El prop\u00f3sito de la Tor\u00e1, es dar a conocer el milagro que la persona est\u00e1 celebrando. El hecho de que se deba consumir una gran cantidad de comida en poco tiempo lleva a la persona agradecida a invitar a \u00abfamiliares, amigos y conocidos a compartir su comida y su alegr\u00eda\u00bb. De este modo, tendr\u00e1 la oportunidad de contarles las maravillas y los milagros que se han hecho por \u00e9l, y el nombre de Dios ser\u00e1 p\u00fablicamente glorificado <\/p>\n\n\n\n<p class=\"wp-block-paragraph\">(comentario a Lev. 7:11 y ss.).<sup data-fn=\"060f0a18-6df2-46e2-974d-185c90279156\" class=\"fn\"><a href=\"#060f0a18-6df2-46e2-974d-185c90279156\" id=\"060f0a18-6df2-46e2-974d-185c90279156-link\">3<\/a><\/sup><\/p>\n<\/blockquote>\n\n\n\n<p class=\"wp-block-paragraph\">Me gustar\u00eda proponer otra forma (quiz\u00e1s complementaria) de pensar en por qu\u00e9 la persona agradecida necesita invitar a otros a compartir su comida: La naturaleza de la gratitud es tal que es inherentemente extrovertida.<sup data-fn=\"23647739-8b72-4f85-b49a-406a1d1acca9\" class=\"fn\"><a href=\"#23647739-8b72-4f85-b49a-406a1d1acca9\" id=\"23647739-8b72-4f85-b49a-406a1d1acca9-link\">4<\/a><\/sup><\/p>\n\n\n\n<p class=\"wp-block-paragraph\">Piensa en un momento de tu vida en el que hayas tenido un abrumador sentimiento de gratitud hacia Dios o hacia otra persona. Imagina especialmente un momento en el que recibiste algo \u2014ya sea una comida muy necesaria, una palabra amable o un gesto de profundo amor\u2014 que no estabas seguro de que fuera a suceder, personalmente recuerdo una experiencia personal cuando viaje a M\u00e9xico en el que estaba pasando un tiempo dif\u00edcil econ\u00f3mico y espiritual, recuerdo que mi pastor Elias Tepper vino a M\u00e9xico y supli\u00f3 esas \u00e1reas que en ese momento estaba atravesando y que Dios conoc\u00eda, me dono varias ofrendas que le hab\u00edan entregado y me dio un abrazo con un te quiero que nunca olvidare ya que sent\u00ed la presencia de Dios muy fuerte, puedo decir que era el mismo Dios por medio de Elias dici\u00e9ndomelo y supliendo. <\/p>\n\n\n\n<figure class=\"wp-block-pullquote\"><blockquote><p>Es posible que notes que cuando vives plenamente el sentimiento de gratitud, sientes la necesidad de compartir con los dem\u00e1s los dones que has recibido. Cuando algo que nos han dado nos conmueve hasta lo m\u00e1s profundo de nuestro ser, buscamos convertirnos nosotros mismos en dadores. Un coraz\u00f3n agradecido se desborda. La gratitud, crucialmente, no es solo un sentimiento. <\/p><\/blockquote><\/figure>\n\n\n\n<p class=\"wp-block-paragraph\">Muchos fil\u00f3sofos morales sostienen que un aspecto fundamental de la gratitud es el deseo de corresponder. El fil\u00f3sofo A. D. M. Walker, por ejemplo, escribe que: <\/p>\n\n\n\n<blockquote class=\"wp-block-quote is-layout-flow wp-block-quote-is-layout-flow\">\n<p class=\"wp-block-paragraph\">\u00abel placer de ser favorecido, por muy puro que sea, no equivale a la gratitud en ausencia de cualquier deseo de corresponder&#8230; Lo que distingue el ser agradecido de estar (simplemente) complacido o contento es el deseo de la persona agradecida de corresponder. M\u00e1s precisamente, quiere favorecer a otro porque \u00e9l mismo ha sido favorecido\u00bb.<sup data-fn=\"97e7d2c6-d5e7-4c2c-8fd5-c2b3c7eb591b\" class=\"fn\"><a href=\"#97e7d2c6-d5e7-4c2c-8fd5-c2b3c7eb591b\" id=\"97e7d2c6-d5e7-4c2c-8fd5-c2b3c7eb591b-link\">5<\/a><\/sup><\/p>\n<\/blockquote>\n\n\n\n<p class=\"wp-block-paragraph\">La gratitud es, insiste el psic\u00f3logo Robert Emmons: <\/p>\n\n\n\n<blockquote class=\"wp-block-quote is-layout-flow wp-block-quote-is-layout-flow\">\n<p class=\"wp-block-paragraph\">\u00abuna emoci\u00f3n moral\u00bb en el sentido de que \u00abconduce a un comportamiento destinado a beneficiar a los dem\u00e1s\u00bb.<sup data-fn=\"7efc4115-423e-4f49-a0ec-3c0abbcd2550\" class=\"fn\"><a href=\"#7efc4115-423e-4f49-a0ec-3c0abbcd2550\" id=\"7efc4115-423e-4f49-a0ec-3c0abbcd2550-link\">6<\/a><\/sup><\/p>\n<\/blockquote>\n\n\n\n<p class=\"wp-block-paragraph\"><strong>Un componente crucial de la gratitud aut\u00e9ntica es el impulso de devolver o pagar por adelantado la amabilidad que se nos ha mostrado. La gratitud es el puente entre la comprensi\u00f3n de cu\u00e1nto se me ha dado y el compromiso de ser yo mismo un dador.<\/strong><\/p>\n\n\n\n<p class=\"wp-block-paragraph\">Lo que sugiero es que las leyes en torno al consumo de la ofrenda de acci\u00f3n de gracias tienen por objeto expresar e inculcar un valor religioso fundamental: <strong>cuando uno ha sido beneficiario de la bondad de Dios, se espera que uno mismo otorgue bondad<\/strong>. Se trata tanto de una afirmaci\u00f3n normativa \u2014<strong>la gratitud debe ser inclusiva y orientada hacia el exterior\u2014 como de una afirmaci\u00f3n descriptiva y psicol\u00f3gica \u2014la verdadera gratitud, por su naturaleza, es inclusiva y orientada hacia el exterior\u2014<\/strong>. De lo contrario, como sostiene Walker, es simplemente placer o alegr\u00eda, pero no gratitud.<\/p>\n\n\n\n<p class=\"wp-block-paragraph\">La Tor\u00e1 trata de ense\u00f1ar algo similar sobre la alegr\u00eda que experimentan los israelitas durante las tres fiestas de peregrinaci\u00f3n: <\/p>\n\n\n\n<blockquote class=\"wp-block-quote is-layout-flow wp-block-quote-is-layout-flow\">\n<p class=\"wp-block-paragraph\">\u00abTe regocijar\u00e1s en tu fiesta\u00bb&#8230; \u00abcon tu hijo e hija, tu esclavo y esclava, el levita, el extranjero, el hu\u00e9rfano y la viuda en tus comunidades\u00bb <\/p>\n\n\n\n<p class=\"wp-block-paragraph\">\u2014<a href=\"https:\/\/biblia.com\/bible\/rvr60\/Dt16.14\">Deuteronomio 16:14<\/a>.<\/p>\n<\/blockquote>\n\n\n\n<p class=\"wp-block-paragraph\">La alegr\u00eda profunda est\u00e1 destinada a ser compartida. En este caso, no solo se debe incluir a la familia o los amigos, sino tambi\u00e9n (y quiz\u00e1s especialmente) a aquellos que son socioecon\u00f3micamente vulnerables.<\/p>\n\n\n\n<figure class=\"wp-block-image aligncenter size-large is-resized\"><a href=\"https:\/\/i0.wp.com\/atravesdelasescrituras.com\/wp-content\/uploads\/2025\/04\/happy-couples-toasting-wineglasses-against-sky-1.jpg?ssl=1\"><img data-recalc-dims=\"1\" fetchpriority=\"high\" decoding=\"async\" width=\"1870\" height=\"1247\" data-attachment-id=\"53136\" data-permalink=\"https:\/\/atravesdelasescrituras.com\/es_es\/2025\/04\/06\/sobre-la-parashat-tzav-ningun-sobrante-el-significado-de-las-ofrendas-de-agradecimiento-comunion\/senior-group-of-people-doing-barbeque-on-the-rooftop-at-home-2\/\" data-orig-file=\"https:\/\/atravesdelasescrituras.com\/wp-content\/uploads\/2025\/04\/happy-couples-toasting-wineglasses-against-sky-1.jpg\" data-orig-size=\"4612,3075\" data-comments-opened=\"1\" data-image-meta=\"{&quot;aperture&quot;:&quot;2&quot;,&quot;credit&quot;:&quot;&quot;,&quot;camera&quot;:&quot;X-T1&quot;,&quot;caption&quot;:&quot;senior adult people group in leisure activity doing barbeque bbq on the rooftop terrace at home with mountain view. meal and wine for two men and two women having fun together under the sunlight in vacation&quot;,&quot;created_timestamp&quot;:&quot;1518379828&quot;,&quot;copyright&quot;:&quot;&quot;,&quot;focal_length&quot;:&quot;56&quot;,&quot;iso&quot;:&quot;1000&quot;,&quot;shutter_speed&quot;:&quot;0.008&quot;,&quot;title&quot;:&quot;Senior group of people doing barbeque on the rooftop at home&quot;,&quot;orientation&quot;:&quot;0&quot;}\" data-image-title=\"Senior group of people doing barbeque on the rooftop at home\" data-image-description=\"\" data-image-caption=\"&lt;p&gt;senior adult people group in leisure activity doing barbeque bbq on the rooftop terrace at home with mountain view. meal and wine for two men and two women having fun together under the sunlight in vacation&lt;\/p&gt;\n\" data-large-file=\"https:\/\/atravesdelasescrituras.com\/wp-content\/uploads\/2025\/04\/happy-couples-toasting-wineglasses-against-sky-1.jpg\" src=\"https:\/\/i0.wp.com\/atravesdelasescrituras.com\/wp-content\/uploads\/2025\/04\/happy-couples-toasting-wineglasses-against-sky-1.jpg?resize=1870%2C1247&#038;ssl=1\" alt=\"\" class=\"wp-image-53136\" style=\"width:416px;height:auto\" \/><\/a><\/figure>\n\n\n\n<p class=\"wp-block-paragraph\">Maim\u00f3nides (Rambam, 1135-1204) amplifica el mensaje b\u00edblico de forma espectacular: <\/p>\n\n\n\n<blockquote class=\"wp-block-quote is-layout-flow wp-block-quote-is-layout-flow\">\n<p class=\"wp-block-paragraph\">\u00abMientras uno come y bebe [durante una fiesta], es su deber alimentar al extranjero, a la viuda y a otras personas pobres y desafortunadas, porque aquel que cierra las puertas de su patio y come y bebe con su esposa y su familia, sin dar de comer y beber a los pobres y a los amargados de alma, su comida no es un regocijo en un mandamiento divino (simhat mitzvah) sino un regocijo en su propio est\u00f3mago (simhat kereiso). [&#8230;] <\/p>\n\n\n\n<p class=\"wp-block-paragraph\">Un regocijo de este tipo es una verg\u00fcenza para quienes se entregan a \u00e9l\u00bb <\/p>\n\n\n\n<p class=\"wp-block-paragraph\">\u2014Mishneh Torah, Leyes de Yom Tov 6:18; v\u00e9ase tambi\u00e9n Leyes de la Meguil\u00e1 2:17.<\/p>\n<\/blockquote>\n\n\n\n<p class=\"wp-block-paragraph\">La alegr\u00eda que no es al menos algo exterior, sugiere Maim\u00f3nides con fuerza, es simplemente autoindulgencia. \u00abLa verdadera alegr\u00eda\u00bb, explica Gerald Blidstein: <\/p>\n\n\n\n<blockquote class=\"wp-block-quote is-layout-flow wp-block-quote-is-layout-flow\">\n<p class=\"wp-block-paragraph\">\u00abdesborda los l\u00edmites del individualismo y se convierte en bondad (hesed)\u00bb.<sup data-fn=\"8d7afc69-586e-422f-a75f-d385bc8345f5\" class=\"fn\"><a href=\"#8d7afc69-586e-422f-a75f-d385bc8345f5\" id=\"8d7afc69-586e-422f-a75f-d385bc8345f5-link\">7<\/a><\/sup><\/p>\n<\/blockquote>\n\n\n\n<p class=\"wp-block-paragraph\">El regocijo ego\u00edsta, seg\u00fan Maim\u00f3nides, es una contradicci\u00f3n en los t\u00e9rminos.<sup data-fn=\"f1cd53c0-603c-4ebb-89b0-491cbd55db0b\" class=\"fn\"><a href=\"#f1cd53c0-603c-4ebb-89b0-491cbd55db0b\" id=\"f1cd53c0-603c-4ebb-89b0-491cbd55db0b-link\">8<\/a><\/sup> Como la gratitud, entonces, la verdadera alegr\u00eda mira hacia afuera. Como alguien agradecido, un coraz\u00f3n alegre se desborda.<\/p>\n\n\n\n<p class=\"wp-block-paragraph\"><strong>El simple requisito de que no queden sobras de la ofrenda de acci\u00f3n de gracias nos ense\u00f1a as\u00ed una lecci\u00f3n teol\u00f3gica y espiritual fundamental. No debemos contentarnos con ser receptores de los dones de Dios, sino que se nos pide que nos convirtamos en dadores. Los dones de Dios est\u00e1n destinados a fluir a trav\u00e9s de nosotros y no simplemente a nosotros.<\/strong><\/p>\n\n\n\n<p class=\"wp-block-paragraph\">Como escribe el te\u00f3logo cristiano Miroslav Volf: <\/p>\n\n\n\n<blockquote class=\"wp-block-quote is-layout-flow wp-block-quote-is-layout-flow\">\n<p class=\"wp-block-paragraph\">\u00abNo somos simplemente el destino final en el flujo de los dones de Dios. M\u00e1s bien, nos encontramos en medio del camino, por as\u00ed decirlo. Los dones fluyen hacia nosotros y fluyen desde nosotros&#8230; No somos solo los destinatarios previstos de los dones de Dios; tambi\u00e9n somos sus canales&#8230; Como canales, existimos no solo para disfrutar de las cosas, sino [tambi\u00e9n] para transmitirlas. Nuestro prop\u00f3sito es doble: prosperar y ayudar a otros a prosperar\u00bb.<sup data-fn=\"d4b1e009-8007-430a-9435-366cee4f6768\" class=\"fn\"><a href=\"#d4b1e009-8007-430a-9435-366cee4f6768\" id=\"d4b1e009-8007-430a-9435-366cee4f6768-link\">9<\/a><\/sup><\/p>\n<\/blockquote>\n\n\n\n<p class=\"wp-block-paragraph\">En su primer encuentro, Dios le promete a Abraham (entonces todav\u00eda llamado Abram) que \u00abte bendecir\u00e9\u00bb, y luego a\u00f1ade que \u00abte har\u00e9 una bendici\u00f3n\u00bb<sup data-fn=\"db9586b4-c3ab-4e41-ae79-cf1827ff0d58\" class=\"fn\"><a href=\"#db9586b4-c3ab-4e41-ae79-cf1827ff0d58\" id=\"db9586b4-c3ab-4e41-ae79-cf1827ff0d58-link\">10<\/a><\/sup> (<a href=\"https:\/\/biblia.com\/bible\/rvr60\/Ge12.2\">G\u00e9nesis 12:2<\/a>). <strong>Dios parece querer que Abram sepa de inmediato que ser bendecido y convertirse en una bendici\u00f3n est\u00e1n completamente entrelazados<\/strong>. <\/p>\n\n\n\n<blockquote class=\"wp-block-quote is-layout-flow wp-block-quote-is-layout-flow\">\n<p class=\"wp-block-paragraph\">\u00abA nosotros se nos da la misma doble bendici\u00f3n: si solo disfrutamos de las cosas buenas sin transmitirlas, si somos bendecidos sin ser una bendici\u00f3n, entonces fracasamos en nuestros prop\u00f3sitos como canales. Somos dadores porque fuimos hechos de esa manera, y si no damos, estamos en desacuerdo con nosotros mismos\u00bb<sup data-fn=\"c340d627-2221-4baa-8543-ce7a5b481590\" class=\"fn\"><a href=\"#c340d627-2221-4baa-8543-ce7a5b481590\" id=\"c340d627-2221-4baa-8543-ce7a5b481590-link\">11<\/a><\/sup>.<\/p>\n<\/blockquote>\n\n\n\n<p class=\"wp-block-paragraph\">La lecci\u00f3n es simple: <strong>La gratitud y el acaparamiento son incompatibles, incluso mutuamente contradictorios. Un coraz\u00f3n genuinamente agradecido no entiende la codicia ni la posesividad<\/strong>.<\/p>\n\n\n\n<p class=\"wp-block-paragraph\">La prohibici\u00f3n de dejar de lado cualquiera de las ofrendas de acci\u00f3n de gracias hasta la ma\u00f1ana siguiente recuerda otra prohibici\u00f3n b\u00edblica paralela. Dado que estamos en fechas de la fiesta de la Pascua se me viene a la memoria hablar de la misma forma del sacrificio pascual (korban pesaj), que tambi\u00e9n es un sacrificio de bienestar (zevah shelamim), el \u00c9xodo anuncia: <\/p>\n\n\n\n<blockquote class=\"wp-block-quote is-layout-flow wp-block-quote-is-layout-flow\">\n<p class=\"wp-block-paragraph\">\u00abNo dejar\u00e9is nada para la ma\u00f1ana; si queda algo para la ma\u00f1ana, lo quemar\u00e9is\u00bb <\/p>\n\n\n\n<p class=\"wp-block-paragraph\">\u2014<a href=\"https:\/\/biblia.com\/bible\/rvr60\/Ex12.10\">\u00c9xodo 12:10<\/a>.<\/p>\n<\/blockquote>\n\n\n\n<p class=\"wp-block-paragraph\">Aqu\u00ed hay algo profundo en juego. Piensa en lo que decimos casi al principio del Seder de Pascua (si actu\u00e1ramos m\u00e1s a menudo en consecuencia): <\/p>\n\n\n\n<blockquote class=\"wp-block-quote is-layout-flow wp-block-quote-is-layout-flow\">\n<p class=\"wp-block-paragraph\">\u00abQue todos los que tengan hambre entren y coman; que todos los necesitados vengan a celebrar la Pascua\u00bb.<\/p>\n<\/blockquote>\n\n\n\n<p class=\"wp-block-paragraph\">Si una de las lecciones fundamentales que Israel debe aprender de su larga estancia en Egipto es que debe cuidar de los vulnerables y oprimidos<sup data-fn=\"7b22c94c-01a9-4f56-b2dd-f06ed2eb8595\" class=\"fn\"><a href=\"#7b22c94c-01a9-4f56-b2dd-f06ed2eb8595\" id=\"7b22c94c-01a9-4f56-b2dd-f06ed2eb8595-link\">12<\/a><\/sup>, entonces permitir que quede alguna parte del sacrificio pascual hasta la ma\u00f1ana siguiente deber\u00eda ser inimaginable: Seguramente hay alguien en la comunidad que tiene hambre o est\u00e1 solo, y que por lo tanto podr\u00eda y deber\u00eda haber sido invitado a participar en nuestra celebraci\u00f3n. <strong>Las sobras del sacrificio pascual sugieren que las lecciones de esclavitud y liberaci\u00f3n a\u00fan no se han aprendido e interiorizado por completo. Las sobras indican una falta de empat\u00eda.<\/strong><\/p>\n\n\n\n<p class=\"wp-block-paragraph\"><strong>La prohibici\u00f3n de dejar parte de la ofrenda de acci\u00f3n de gracias nos recuerda que no podemos estar agradecidos y a la vez encerrados en nosotros mismos. La prohibici\u00f3n de dejar parte del sacrificio pascual tiene por objeto, al menos en parte, recordarnos que los que tienen hambre son nuestra responsabilidad, que debemos abrirles tanto nuestros corazones como nuestros hogares.<\/strong><\/p>\n\n\n\n<figure class=\"wp-block-pullquote\"><blockquote><p>Ambas leyes nos dicen: Abrid vuestros corazones y abrid vuestras puertas.<\/p><\/blockquote><\/figure>\n\n\n\n<hr class=\"wp-block-coblocks-dynamic-separator\" style=\"height:50px\" \/>\n\n\n\n<p class=\"has-text-align-center wp-block-paragraph\"><a href=\"https:\/\/atravesdelasescrituras.com\/parasha-semanal\/\">(Para mas reflexiones de las Parashot semanales haz click aqui)<\/a><\/p>\n\n\n\n<figure class=\"wp-block-embed is-type-wp-embed is-provider-atrav-s-de-las-escrituras wp-block-embed-atrav-s-de-las-escrituras\"><div class=\"wp-block-embed__wrapper\">\n<a href=\"https:\/\/atravesdelasescrituras.com\/parasha-semanal\/\">https:\/\/atravesdelasescrituras.com\/parasha-semanal\/<\/a>\n<\/div><\/figure>\n\n\n\n<hr class=\"wp-block-separator has-alpha-channel-opacity\" \/>\n\n\n<ol class=\"wp-block-footnotes has-small-font-size\"><li id=\"0c49240f-075b-442a-b14c-d6f91801bbe1\">Baruch A. Levine, Leviticus, The JPS Torah Commentary (Filadelfia: Jewish Publication Society, 1989), 13-14. <a href=\"#0c49240f-075b-442a-b14c-d6f91801bbe1-link\" aria-label=\"Saltar a la referencia de la nota 1\">\u21a9\ufe0e<\/a><\/li><li id=\"ac357e7a-a5ea-4bcd-87d0-4d28b8ee9c3c\"><strong>Isaac Abravanel<\/strong> o <strong>Abarbanel<\/strong> (Isaac ben Yehuda de Abravanel \/ \u05d9\u05e6\u05d7\u05e7 \u05d1\u05df \u05d9\u05d4\u05d5\u05d3\u05d4 \u05d0\u05d1\u05e8\u05d1\u05e0\u05d0\u05dc, Lisboa, 1437 &#8211; Venecia, 23 de septiembre de 1508)<sup><a href=\"https:\/\/es.wikipedia.org\/wiki\/Isaac_Abravanel#cite_note-1\">[1]<\/a><\/sup>\u200b fue un te\u00f3logo, comentarista b\u00edblico y empresario jud\u00edo que estuvo al servicio de los reyes de Portugal, Castilla y N\u00e1poles, as\u00ed como de la Rep\u00fablica de Venecia. Fue el padre del conocido fil\u00f3sofo Le\u00f3n Hebreo. <a href=\"#ac357e7a-a5ea-4bcd-87d0-4d28b8ee9c3c-link\" aria-label=\"Saltar a la referencia de la nota 2\">\u21a9\ufe0e<\/a><\/li><li id=\"060f0a18-6df2-46e2-974d-185c90279156\">V\u00e9ase, de manera similar, R. Naftali Zvi Yehuda Berlin (tambi\u00e9n conocido como Netziv, 1816-1893), Ha&#8217;amek Davar to Lev. 7:15 y 22:29. <a href=\"#060f0a18-6df2-46e2-974d-185c90279156-link\" aria-label=\"Saltar a la referencia de la nota 3\">\u21a9\ufe0e<\/a><\/li><li id=\"23647739-8b72-4f85-b49a-406a1d1acca9\">Para m\u00e1s exploraciones del significado de la gratitud desde una perspectiva teol\u00f3gica, v\u00e9ase \u00abGratitud y liberaci\u00f3n\u00bb, Parashat Shemot n.\u00ba 2; y \u00ab\u00bfPodemos estar agradecidos y decepcionados al mismo tiempo?\u00bb, Parashat Va-yetse&#8217; n.\u00ba 1. <a href=\"#23647739-8b72-4f85-b49a-406a1d1acca9-link\" aria-label=\"Saltar a la referencia de la nota 4\">\u21a9\ufe0e<\/a><\/li><li id=\"97e7d2c6-d5e7-4c2c-8fd5-c2b3c7eb591b\">Walker, \u00abGratefulness and Gratitude\u00bb, 49. <a href=\"#97e7d2c6-d5e7-4c2c-8fd5-c2b3c7eb591b-link\" aria-label=\"Saltar a la referencia de la nota 5\">\u21a9\ufe0e<\/a><\/li><li id=\"7efc4115-423e-4f49-a0ec-3c0abbcd2550\">Emmons, \u00abGratitude\u00bb. <a href=\"#7efc4115-423e-4f49-a0ec-3c0abbcd2550-link\" aria-label=\"Saltar a la referencia de la nota 6\">\u21a9\ufe0e<\/a><\/li><li id=\"8d7afc69-586e-422f-a75f-d385bc8345f5\">Gerald (Yaakov) Blidstein, \u00abHaSimhah BeMishnato HaMusarit Shel HaRambam\u00bb, 155. <a href=\"#8d7afc69-586e-422f-a75f-d385bc8345f5-link\" aria-label=\"Saltar a la referencia de la nota 7\">\u21a9\ufe0e<\/a><\/li><li id=\"f1cd53c0-603c-4ebb-89b0-491cbd55db0b\">Twersky, Introducci\u00f3n al C\u00f3digo de Maim\u00f3nides, 424. <a href=\"#f1cd53c0-603c-4ebb-89b0-491cbd55db0b-link\" aria-label=\"Saltar a la referencia de la nota 8\">\u21a9\ufe0e<\/a><\/li><li id=\"d4b1e009-8007-430a-9435-366cee4f6768\">Volf, Free of Charge, 50, 59, 60. Para un poderoso argumento jud\u00edo cl\u00e1sico que utiliza un lenguaje similar, v\u00e9ase R. Judah Loew, Netivot Olam, Netiv HaTzedakah, cap. 2. <a href=\"#d4b1e009-8007-430a-9435-366cee4f6768-link\" aria-label=\"Saltar a la referencia de la nota 9\">\u21a9\ufe0e<\/a><\/li><li id=\"db9586b4-c3ab-4e41-ae79-cf1827ff0d58\">O tal vez: \u00abDebes ser una bendici\u00f3n\u00bb. <a href=\"#db9586b4-c3ab-4e41-ae79-cf1827ff0d58-link\" aria-label=\"Saltar a la referencia de la nota 10\">\u21a9\ufe0e<\/a><\/li><li id=\"c340d627-2221-4baa-8543-ce7a5b481590\">Volf, Free of Charge, 60. <a href=\"#c340d627-2221-4baa-8543-ce7a5b481590-link\" aria-label=\"Saltar a la referencia de la nota 11\">\u21a9\ufe0e<\/a><\/li><li id=\"7b22c94c-01a9-4f56-b2dd-f06ed2eb8595\">Ver art\u00edculo: \u00abConvertir la memoria en empat\u00eda: la carga \u00e9tica de la Tor\u00e1\u00bb, Parashat Mishpatim n.\u00ba 1, Rabino Shai Held, El coraz\u00f3n de la Tor\u00e1: Ensayos sobre la porci\u00f3n semanal de la Tor\u00e1. <a href=\"#7b22c94c-01a9-4f56-b2dd-f06ed2eb8595-link\" aria-label=\"Saltar a la referencia de la nota 12\">\u21a9\ufe0e<\/a><\/li><\/ol>\n\n\n<p class=\"wp-block-paragraph\"><\/p>\n","protected":false},"excerpt":{"rendered":"<p>En la Parashat Tzav vemos diversos sacrificios en el culto israelita, en esta reflexi\u00f3n nos enfocaremos especialmente en la ofrenda de acci\u00f3n de gracias (Qorban Todah), la cual se diferencia de otros sacrificios por tener que ser completamente consumida el mismo d\u00eda, sin dejar sobras para la ma\u00f1ana siguiente (Lev\u00edtico 7:15).<\/p>\n<p>Esta regla tiene un prop\u00f3sito espiritual: la gratitud debe compartirse. Seg\u00fan Abravanel, el requerimiento de consumir toda la ofrenda lleva a la persona agradecida a invitar a otros, contar lo que Dios ha hecho por ella y glorificar p\u00fablicamente Su nombre. La gratitud, m\u00e1s que un sentimiento, es un impulso a corresponder y a dar. Es extrovertida por naturaleza y se convierte en generosidad.<\/p>\n<p>Fil\u00f3sofos y psic\u00f3logos coinciden en que la verdadera gratitud implica acci\u00f3n: devolver el bien recibido, ayudar a otros y convertirse en canal de bendici\u00f3n. La Tor\u00e1 y figuras como Maim\u00f3nides refuerzan este mensaje: tanto la gratitud como la alegr\u00eda deben ser inclusivas, alcanzando a los pobres y vulnerables.<\/p>\n<p>Esto se refleja tambi\u00e9n en la Pascua, donde el sacrificio pascual tampoco deb\u00eda dejar sobras. Ambos casos ense\u00f1an que la abundancia recibida debe compartirse, y que dejar sobras puede reflejar falta de empat\u00eda o de responsabilidad hacia quienes tienen necesidad.<\/p>\n<p>En resumen, la lecci\u00f3n teol\u00f3gica y espiritual es clara:<\/p>\n<p>-La gratitud aut\u00e9ntica transforma al receptor en dador.<br \/>\n-Los dones de Dios no deben terminar en nosotros, sino fluir a trav\u00e9s de nosotros hacia los dem\u00e1s.<\/p>\n","protected":false},"author":80235555,"featured_media":53133,"comment_status":"open","ping_status":"open","sticky":false,"template":"","format":"standard","meta":{"_coblocks_attr":"","_coblocks_dimensions":"","_coblocks_responsive_height":"","_coblocks_accordion_ie_support":"","_gspb_post_css":"","advanced_seo_description":"","jetpack_seo_html_title":"","jetpack_seo_noindex":false,"jetpack_seo_schema_type":"","_jetpack_newsletter_access":"","_jetpack_dont_email_post_to_subs":false,"_jetpack_newsletter_tier_id":0,"_jetpack_memberships_contains_paywalled_content":false,"_wpcom_ai_launchpad_first_post":false,"_jetpack_feature_clip_id":0,"_jetpack_memberships_contains_paid_content":false,"footnotes":"[{\"id\":\"0c49240f-075b-442a-b14c-d6f91801bbe1\",\"content\":\"Baruch A. Levine, Leviticus, The JPS Torah Commentary (Filadelfia: Jewish Publication Society, 1989), 13-14.\"},{\"id\":\"ac357e7a-a5ea-4bcd-87d0-4d28b8ee9c3c\",\"content\":\"<strong>Isaac Abravanel<\\\/strong> o <strong>Abarbanel<\\\/strong> (Isaac ben Yehuda de Abravanel \\\/ \\u05d9\\u05e6\\u05d7\\u05e7 \\u05d1\\u05df \\u05d9\\u05d4\\u05d5\\u05d3\\u05d4 \\u05d0\\u05d1\\u05e8\\u05d1\\u05e0\\u05d0\\u05dc, Lisboa, 1437 - Venecia, 23 de septiembre de 1508)<sup><a href=\\\"https:\\\/\\\/es.wikipedia.org\\\/wiki\\\/Isaac_Abravanel#cite_note-1\\\">[1]<\\\/a><\\\/sup>\\u200b fue un te\\u00f3logo, comentarista b\\u00edblico y empresario jud\\u00edo que estuvo al servicio de los reyes de Portugal, Castilla y N\\u00e1poles, as\\u00ed como de la Rep\\u00fablica de Venecia. Fue el padre del conocido fil\\u00f3sofo Le\\u00f3n Hebreo.\"},{\"id\":\"060f0a18-6df2-46e2-974d-185c90279156\",\"content\":\"V\\u00e9ase, de manera similar, R. Naftali Zvi Yehuda Berlin (tambi\\u00e9n conocido como Netziv, 1816-1893), Ha'amek Davar to Lev. 7:15 y 22:29.\"},{\"id\":\"23647739-8b72-4f85-b49a-406a1d1acca9\",\"content\":\"Para m\\u00e1s exploraciones del significado de la gratitud desde una perspectiva teol\\u00f3gica, v\\u00e9ase \\u00abGratitud y liberaci\\u00f3n\\u00bb, Parashat Shemot n.\\u00ba 2; y \\u00ab\\u00bfPodemos estar agradecidos y decepcionados al mismo tiempo?\\u00bb, Parashat Va-yetse' n.\\u00ba 1.\"},{\"id\":\"97e7d2c6-d5e7-4c2c-8fd5-c2b3c7eb591b\",\"content\":\"Walker, \\u00abGratefulness and Gratitude\\u00bb, 49.\"},{\"id\":\"7efc4115-423e-4f49-a0ec-3c0abbcd2550\",\"content\":\"Emmons, \\u00abGratitude\\u00bb.\"},{\"id\":\"8d7afc69-586e-422f-a75f-d385bc8345f5\",\"content\":\"Gerald (Yaakov) Blidstein, \\u00abHaSimhah BeMishnato HaMusarit Shel HaRambam\\u00bb, 155.\"},{\"id\":\"f1cd53c0-603c-4ebb-89b0-491cbd55db0b\",\"content\":\"Twersky, Introducci\\u00f3n al C\\u00f3digo de Maim\\u00f3nides, 424.\"},{\"id\":\"d4b1e009-8007-430a-9435-366cee4f6768\",\"content\":\"Volf, Free of Charge, 50, 59, 60. Para un poderoso argumento jud\\u00edo cl\\u00e1sico que utiliza un lenguaje similar, v\\u00e9ase R. Judah Loew, Netivot Olam, Netiv HaTzedakah, cap. 2.\"},{\"id\":\"db9586b4-c3ab-4e41-ae79-cf1827ff0d58\",\"content\":\"O tal vez: \\u00abDebes ser una bendici\\u00f3n\\u00bb.\"},{\"id\":\"c340d627-2221-4baa-8543-ce7a5b481590\",\"content\":\"Volf, Free of Charge, 60.\"},{\"id\":\"7b22c94c-01a9-4f56-b2dd-f06ed2eb8595\",\"content\":\"Ver art\\u00edculo: \\u00abConvertir la memoria en empat\\u00eda: la carga \\u00e9tica de la Tor\\u00e1\\u00bb, Parashat Mishpatim n.\\u00ba 1, Rabino Shai Held, El coraz\\u00f3n de la Tor\\u00e1: Ensayos sobre la porci\\u00f3n semanal de la Tor\\u00e1.\"}]","jetpack_publicize_message":"","jetpack_publicize_feature_enabled":true,"jetpack_social_post_already_shared":false,"jetpack_social_options":{"image_generator_settings":{"template":"highway","enabled":false},"version":2},"jetpack_post_was_ever_published":false},"categories":[701131016],"tags":[779518196,37480317,362107,32533171,331687,23000290,790840930,1047604,779518198,779518201,779518204,4146661,26335278,779518194,2137239,17176381,827774,33842109,899864,779518192],"class_list":["post-53115","post","type-post","status-publish","format-standard","has-post-thumbnail","hentry","category-sobre-la-parasha","tag-a-d-m-walker","tag-baruch-levine","tag-comunion","tag-gerald-blidstein","tag-gratitud","tag-isaac-abravanel","tag-levitico","tag-miroslav-volf","tag-ofrenda-de-bienestar","tag-ofrenda-de-pazes","tag-ofrendas-de-comunion","tag-ordena","tag-parasha-tzav","tag-qorban-todah","tag-rambam","tag-robert-emmons","tag-sacrificios","tag-seder-de-pesaj","tag-tzav","tag-zevaj-hashelamim"],"blocksy_meta":{"styles_descriptor":{"styles":{"desktop":"","tablet":"","mobile":""},"google_fonts":[],"version":7}},"jetpack_publicize_connections":[],"jetpack_likes_enabled":true,"jetpack_sharing_enabled":true,"jetpack_shortlink":"https:\/\/wp.me\/p5HWJ5-dOH","jetpack-related-posts":[{"id":40268,"url":"https:\/\/atravesdelasescrituras.com\/es_es\/2019\/05\/12\/levitico-68-30-tzav-ofrendas-de-los-sacerdotes-holocausto-ofrenda-vegetal-por-el-pecado\/","url_meta":{"origin":53115,"position":0},"title":"Lev\u00edtico 6:8-30 &#8211; Tzav \u00abOfrendas de los sacerdotes &#8211; \u00abholocausto, ofrenda vegetal, por el pecado\u00bb","author":"Daniel L\u00f3pez","date":"12 May 2019","format":"gallery","excerpt":"Los primeros dos cap\u00edtulos de Tzav tratan de ofrendas que ya han sido mencionadas en cap\u00edtulos previos: ol\u00e1 [ofrenda de elevaci\u00f3n], minj\u00e1 [ofrenda farin\u00e1cea], shelamim [ofrenda de paz], Jatat [ofrenda por pecado] y asham [ofrenda de culpabilidad]. La diferencia es que anteriormente la Tor\u00e1 se dirig\u00eda sobre todo a la\u2026","rel":"","context":"En \u00abEstudios B\u00edblicos\u00bb","block_context":{"text":"Estudios B\u00edblicos","link":"https:\/\/atravesdelasescrituras.com\/es_es\/category\/estudios-biblicos\/"},"img":{"alt_text":"","src":"https:\/\/i0.wp.com\/atravesdelasescrituras.com\/wp-content\/uploads\/2019\/05\/portada-lev6.jpg?fit=1200%2C563&ssl=1&resize=350%2C200","width":350,"height":200,"srcset":"https:\/\/i0.wp.com\/atravesdelasescrituras.com\/wp-content\/uploads\/2019\/05\/portada-lev6.jpg?fit=1200%2C563&ssl=1&resize=350%2C200 1x, https:\/\/i0.wp.com\/atravesdelasescrituras.com\/wp-content\/uploads\/2019\/05\/portada-lev6.jpg?fit=1200%2C563&ssl=1&resize=525%2C300 1.5x, https:\/\/i0.wp.com\/atravesdelasescrituras.com\/wp-content\/uploads\/2019\/05\/portada-lev6.jpg?fit=1200%2C563&ssl=1&resize=700%2C400 2x, https:\/\/i0.wp.com\/atravesdelasescrituras.com\/wp-content\/uploads\/2019\/05\/portada-lev6.jpg?fit=1200%2C563&ssl=1&resize=1050%2C600 3x"},"classes":[]},{"id":52741,"url":"https:\/\/atravesdelasescrituras.com\/es_es\/2025\/03\/30\/sobre-la-parashat-vayiqra-la-llamada-a-traves-de-la-division\/","url_meta":{"origin":53115,"position":1},"title":"Sobre la Parashat Vayiqr\u00e1 \u2013 \u00abLa llamada a trav\u00e9s de la divisi\u00f3n\u00bb","author":"Daniel L\u00f3pez","date":"30 Mar 2025","format":false,"excerpt":"En esta semana estamos estudiando la Parashat\u00a024 Vayiqr\u00e1 se encuentra en: Lev\u00edtico 1:1-5:26 \u2014 Vayiqr\u00e1\u2013 (\u05d5\u05b7\u05d9\u05b4\u05bc\u05e7\u05b0\u05e8\u05b8\u05d0) significa: \"y llam\u00f3\u201d Vayiqr\u00e1, el Libro del Lev\u00edtico1, comienza con las palabras Vayiqr\u00e1 el Moshe \u05d5\u05b7\u05d9\u05b4\u05bc\u05e7\u05b0\u05e8\u05b8\u0596\u05d0 \u05d0\u05b6\u05dc\u05be\u05de\u05b9\u05e9\u05b6\u05c1\u0591\u05d4, reflexionaremos en como Dios nos llama a pesar de que hay una infinita barrera entre El y\u2026","rel":"","context":"En \u00abSobre la Parash\u00e1\u00bb","block_context":{"text":"Sobre la Parash\u00e1","link":"https:\/\/atravesdelasescrituras.com\/es_es\/category\/sobre-la-parasha\/"},"img":{"alt_text":"","src":"https:\/\/i0.wp.com\/atravesdelasescrituras.com\/wp-content\/uploads\/2025\/03\/parasha-vayikra.jpg?fit=1200%2C675&ssl=1&resize=350%2C200","width":350,"height":200,"srcset":"https:\/\/i0.wp.com\/atravesdelasescrituras.com\/wp-content\/uploads\/2025\/03\/parasha-vayikra.jpg?fit=1200%2C675&ssl=1&resize=350%2C200 1x, https:\/\/i0.wp.com\/atravesdelasescrituras.com\/wp-content\/uploads\/2025\/03\/parasha-vayikra.jpg?fit=1200%2C675&ssl=1&resize=525%2C300 1.5x, https:\/\/i0.wp.com\/atravesdelasescrituras.com\/wp-content\/uploads\/2025\/03\/parasha-vayikra.jpg?fit=1200%2C675&ssl=1&resize=700%2C400 2x, https:\/\/i0.wp.com\/atravesdelasescrituras.com\/wp-content\/uploads\/2025\/03\/parasha-vayikra.jpg?fit=1200%2C675&ssl=1&resize=1050%2C600 3x"},"classes":[]},{"id":40237,"url":"https:\/\/atravesdelasescrituras.com\/es_es\/2019\/03\/20\/levitico-3-leyes-sobre-ofrendas-de-paz-shelamim\/","url_meta":{"origin":53115,"position":2},"title":"Lev\u00edtico 3 &#8211; Leyes sobre ofrendas de Paz (Shelamim)","author":"Daniel L\u00f3pez","date":"20 Mar 2019","format":"gallery","excerpt":"La tercera clase de sacrificio es llamada \u05e9\u05dc\u05de\u05d9\u05dd , \u05d6\u05d1\u05d7 com\u00fanmente interpretada como ofrenda de agradecimiento, pero m\u00e1s correctamente como ofrenda de salvaci\u00f3n. Adem\u00e1s de esta forma m\u00e1s completa, que es la m\u00e1s com\u00fanmente empleada en Lev\u00edtico, nos encontramos con las formas abreviadas de \u05d6\u05d1\u05d7\u05d9\u05dd , \u05e9\u05dc\u05de\u05d9\u05dd, en los caps.\u2026","rel":"","context":"En \u00abEstudios B\u00edblicos\u00bb","block_context":{"text":"Estudios B\u00edblicos","link":"https:\/\/atravesdelasescrituras.com\/es_es\/category\/estudios-biblicos\/"},"img":{"alt_text":"","src":"https:\/\/i0.wp.com\/atravesdelasescrituras.com\/wp-content\/uploads\/2019\/03\/portada-lev3.jpg?fit=1200%2C493&ssl=1&resize=350%2C200","width":350,"height":200,"srcset":"https:\/\/i0.wp.com\/atravesdelasescrituras.com\/wp-content\/uploads\/2019\/03\/portada-lev3.jpg?fit=1200%2C493&ssl=1&resize=350%2C200 1x, https:\/\/i0.wp.com\/atravesdelasescrituras.com\/wp-content\/uploads\/2019\/03\/portada-lev3.jpg?fit=1200%2C493&ssl=1&resize=525%2C300 1.5x, https:\/\/i0.wp.com\/atravesdelasescrituras.com\/wp-content\/uploads\/2019\/03\/portada-lev3.jpg?fit=1200%2C493&ssl=1&resize=700%2C400 2x, https:\/\/i0.wp.com\/atravesdelasescrituras.com\/wp-content\/uploads\/2019\/03\/portada-lev3.jpg?fit=1200%2C493&ssl=1&resize=1050%2C600 3x"},"classes":[]},{"id":40201,"url":"https:\/\/atravesdelasescrituras.com\/es_es\/2019\/03\/16\/levitico-1-leyes-sobre-el-holocausto\/","url_meta":{"origin":53115,"position":3},"title":"Lev\u00edtico 1 &#8211; Leyes sobre el Holocausto","author":"Daniel L\u00f3pez","date":"16 Mar 2019","format":"gallery","excerpt":"Comenzamos con el libro de Vayikr\u00e1 \"Lev\u00edtico\" adentrandonos en el contexto del Tabern\u00e1culo y de los oficios que se llevaban acabo en El... Dios hab\u00eda prometido que cuando se terminase de levantar el tabern\u00e1culo, se comunicar\u00eda con Mois\u00e9s desde el santuario. Hasta entonces le hab\u00eda hablado desde el monte, pero\u2026","rel":"","context":"En \u00abEstudios B\u00edblicos\u00bb","block_context":{"text":"Estudios B\u00edblicos","link":"https:\/\/atravesdelasescrituras.com\/es_es\/category\/estudios-biblicos\/"},"img":{"alt_text":"","src":"https:\/\/i0.wp.com\/atravesdelasescrituras.com\/wp-content\/uploads\/2019\/03\/portada-lev1.jpg?fit=1200%2C675&ssl=1&resize=350%2C200","width":350,"height":200,"srcset":"https:\/\/i0.wp.com\/atravesdelasescrituras.com\/wp-content\/uploads\/2019\/03\/portada-lev1.jpg?fit=1200%2C675&ssl=1&resize=350%2C200 1x, https:\/\/i0.wp.com\/atravesdelasescrituras.com\/wp-content\/uploads\/2019\/03\/portada-lev1.jpg?fit=1200%2C675&ssl=1&resize=525%2C300 1.5x, https:\/\/i0.wp.com\/atravesdelasescrituras.com\/wp-content\/uploads\/2019\/03\/portada-lev1.jpg?fit=1200%2C675&ssl=1&resize=700%2C400 2x, https:\/\/i0.wp.com\/atravesdelasescrituras.com\/wp-content\/uploads\/2019\/03\/portada-lev1.jpg?fit=1200%2C675&ssl=1&resize=1050%2C600 3x"},"classes":[]},{"id":53246,"url":"https:\/\/atravesdelasescrituras.com\/es_es\/2025\/04\/13\/sobre-la-parashat-shmini-fuego-extrano\/","url_meta":{"origin":53115,"position":4},"title":"Sobre la Parashat Shmin\u00ed &#8211; \u00abFuego extra\u00f1o\u00bb","author":"Daniel L\u00f3pez","date":"13 Abr 2025","format":false,"excerpt":"En esta semana estamos estudiando la Parashat\u00a026 Shmin\u00ed se encuentra en: Lev\u00edtico 9:1-11:47 \u2014 Shmin\u00ed \u2013 (\u05e9\u05b0\u05bc\u05c1\u05de\u05b4\u05d9\u05e0\u05b4\u05d9) significa: \u00abOctavo\u201d","rel":"","context":"En \u00abSobre la Parash\u00e1\u00bb","block_context":{"text":"Sobre la Parash\u00e1","link":"https:\/\/atravesdelasescrituras.com\/es_es\/category\/sobre-la-parasha\/"},"img":{"alt_text":"","src":"https:\/\/i0.wp.com\/atravesdelasescrituras.com\/wp-content\/uploads\/2025\/04\/parashat-shmini.jpg?fit=1200%2C675&ssl=1&resize=350%2C200","width":350,"height":200,"srcset":"https:\/\/i0.wp.com\/atravesdelasescrituras.com\/wp-content\/uploads\/2025\/04\/parashat-shmini.jpg?fit=1200%2C675&ssl=1&resize=350%2C200 1x, https:\/\/i0.wp.com\/atravesdelasescrituras.com\/wp-content\/uploads\/2025\/04\/parashat-shmini.jpg?fit=1200%2C675&ssl=1&resize=525%2C300 1.5x, https:\/\/i0.wp.com\/atravesdelasescrituras.com\/wp-content\/uploads\/2025\/04\/parashat-shmini.jpg?fit=1200%2C675&ssl=1&resize=700%2C400 2x, https:\/\/i0.wp.com\/atravesdelasescrituras.com\/wp-content\/uploads\/2025\/04\/parashat-shmini.jpg?fit=1200%2C675&ssl=1&resize=1050%2C600 3x"},"classes":[]},{"id":42628,"url":"https:\/\/atravesdelasescrituras.com\/es_es\/2020\/08\/31\/sobre-la-parashat-ki-tavo\/","url_meta":{"origin":53115,"position":5},"title":"Sobre la Parashat Ki Tavo&#8217;","author":"Daniel L\u00f3pez","date":"31 Ago 2020","format":"gallery","excerpt":"En esta semana estamos estudiando la parashat 50 Ki Tavo' se encuentran en: Deuteronomio 26:1-29:8 \u2014 \u05db\u05b4\u05bc\u05d9-\u05ea\u05b8\u05d1\u05d5\u05b9\u05d0 (Ki Tavo') significa: \u201cCuando Entres\u201c. Leemos en la Parash\u00e1: Deuteronomio 26:1-4 - \"...Cuando hayas entrado en la tierra que YHWH tu Dios te da por herencia, y tomes posesi\u00f3n de ella y la\u2026","rel":"","context":"En \u00abSobre la Parash\u00e1\u00bb","block_context":{"text":"Sobre la Parash\u00e1","link":"https:\/\/atravesdelasescrituras.com\/es_es\/category\/sobre-la-parasha\/"},"img":{"alt_text":"","src":"https:\/\/i0.wp.com\/atravesdelasescrituras.com\/wp-content\/uploads\/2020\/08\/parashat-ki-tavo.png?fit=1200%2C545&ssl=1&resize=350%2C200","width":350,"height":200,"srcset":"https:\/\/i0.wp.com\/atravesdelasescrituras.com\/wp-content\/uploads\/2020\/08\/parashat-ki-tavo.png?fit=1200%2C545&ssl=1&resize=350%2C200 1x, https:\/\/i0.wp.com\/atravesdelasescrituras.com\/wp-content\/uploads\/2020\/08\/parashat-ki-tavo.png?fit=1200%2C545&ssl=1&resize=525%2C300 1.5x, https:\/\/i0.wp.com\/atravesdelasescrituras.com\/wp-content\/uploads\/2020\/08\/parashat-ki-tavo.png?fit=1200%2C545&ssl=1&resize=700%2C400 2x, https:\/\/i0.wp.com\/atravesdelasescrituras.com\/wp-content\/uploads\/2020\/08\/parashat-ki-tavo.png?fit=1200%2C545&ssl=1&resize=1050%2C600 3x"},"classes":[]}],"brizy_media":[],"jetpack_featured_media_url":"https:\/\/atravesdelasescrituras.com\/wp-content\/uploads\/2025\/04\/parasha-tzav.jpg","_links":{"self":[{"href":"https:\/\/atravesdelasescrituras.com\/es_es\/wp-json\/wp\/v2\/posts\/53115","targetHints":{"allow":["GET"]}}],"collection":[{"href":"https:\/\/atravesdelasescrituras.com\/es_es\/wp-json\/wp\/v2\/posts"}],"about":[{"href":"https:\/\/atravesdelasescrituras.com\/es_es\/wp-json\/wp\/v2\/types\/post"}],"author":[{"embeddable":true,"href":"https:\/\/atravesdelasescrituras.com\/es_es\/wp-json\/wp\/v2\/users\/80235555"}],"replies":[{"embeddable":true,"href":"https:\/\/atravesdelasescrituras.com\/es_es\/wp-json\/wp\/v2\/comments?post=53115"}],"version-history":[{"count":20,"href":"https:\/\/atravesdelasescrituras.com\/es_es\/wp-json\/wp\/v2\/posts\/53115\/revisions"}],"predecessor-version":[{"id":53139,"href":"https:\/\/atravesdelasescrituras.com\/es_es\/wp-json\/wp\/v2\/posts\/53115\/revisions\/53139"}],"wp:featuredmedia":[{"embeddable":true,"href":"https:\/\/atravesdelasescrituras.com\/es_es\/wp-json\/wp\/v2\/media\/53133"}],"wp:attachment":[{"href":"https:\/\/atravesdelasescrituras.com\/es_es\/wp-json\/wp\/v2\/media?parent=53115"}],"wp:term":[{"taxonomy":"category","embeddable":true,"href":"https:\/\/atravesdelasescrituras.com\/es_es\/wp-json\/wp\/v2\/categories?post=53115"},{"taxonomy":"post_tag","embeddable":true,"href":"https:\/\/atravesdelasescrituras.com\/es_es\/wp-json\/wp\/v2\/tags?post=53115"}],"curies":[{"name":"wp","href":"https:\/\/api.w.org\/{rel}","templated":true}]}}