{"id":53246,"date":"2025-04-13T12:00:21","date_gmt":"2025-04-13T10:00:21","guid":{"rendered":"https:\/\/atravesdelasescrituras.com\/?p=53246"},"modified":"2025-04-13T12:00:21","modified_gmt":"2025-04-13T10:00:21","slug":"sobre-la-parashat-shmini-fuego-extrano","status":"publish","type":"post","link":"https:\/\/atravesdelasescrituras.com\/es_es\/2025\/04\/13\/sobre-la-parashat-shmini-fuego-extrano\/","title":{"rendered":"Sobre la Parashat Shmin\u00ed &#8211; \u00abFuego extra\u00f1o\u00bb"},"content":{"rendered":"\n<p class=\"wp-block-paragraph\">En esta semana estamos estudiando la <strong>Parashat\u00a026 <\/strong>Shmin\u00ed se encuentra en: <a href=\"https:\/\/www.sefaria.org\/Leviticus.6.1-8.36?lang=bi&amp;aliyot=1\"><a href=\"https:\/\/www.sefaria.org\/Leviticus.9.1-11.47?lang=bi&amp;aliyot=1\">Lev\u00edtico 9:1-11:47<\/a><\/a> \u2014 Shmin\u00ed \u2013 (\u05e9\u05b0\u05bc\u05c1\u05de\u05b4\u05d9\u05e0\u05b4\u05d9) significa: \u00abOctavo\u201d<\/p>\n\n\n\n<figure class=\"wp-block-audio\"><audio controls src=\"https:\/\/atravesdelasescrituras.com\/wp-content\/uploads\/2025\/04\/parashat-shmini.mp3\"><\/audio><\/figure>\n\n\n\n<p class=\"wp-block-paragraph\">Leemos en la Parash\u00e1 el siguiente suceso:<\/p>\n\n\n\n<blockquote class=\"wp-block-quote is-layout-flow wp-block-quote-is-layout-flow\">\n<p class=\"wp-block-paragraph\">\u00abTrajeron ante Adonai un fuego extra\u00f1o que \u00e9l no les hab\u00eda ordenado. Y un fuego sali\u00f3 de delante de Adonai y los consumi\u00f3, y murieron ante Adonai\u00bb <\/p>\n\n\n\n<p class=\"wp-block-paragraph\">\u2014<a href=\"https:\/\/biblia.com\/bible\/rvr60\/Le10.1-2\">Lev\u00edtico 10:1\u20132<\/a>. <\/p>\n<\/blockquote>\n\n\n\n<p class=\"has-text-align-center wp-block-paragraph\"><strong>\u00bfCu\u00e1l es el pecado de Nadav y Avihu? <\/strong><\/p>\n\n\n\n<p class=\"wp-block-paragraph\">La pena de los hermanos es tan severa y la acusaci\u00f3n contra ellos tan sucinta que los comentaristas han debatido esta cuesti\u00f3n durante siglos. <strong>Trajeron fuego extra\u00f1o ante Adonai<\/strong>; pero \u00bfqu\u00e9 lo hac\u00eda extra\u00f1o?<\/p>\n\n\n\n<figure class=\"wp-block-image alignright size-large is-resized is-style-rounded\"><a href=\"https:\/\/i0.wp.com\/atravesdelasescrituras.com\/wp-content\/uploads\/2025\/04\/smoke-background-1.jpg?ssl=1\"><img data-recalc-dims=\"1\" fetchpriority=\"high\" decoding=\"async\" width=\"1870\" height=\"3279\" data-attachment-id=\"53258\" data-permalink=\"https:\/\/atravesdelasescrituras.com\/es_es\/2025\/04\/13\/sobre-la-parashat-shmini-fuego-extrano\/smoke-background-2\/\" data-orig-file=\"https:\/\/atravesdelasescrituras.com\/wp-content\/uploads\/2025\/04\/smoke-background-1.jpg\" data-orig-size=\"4563,8000\" data-comments-opened=\"1\" data-image-meta=\"{&quot;aperture&quot;:&quot;0&quot;,&quot;credit&quot;:&quot;&quot;,&quot;camera&quot;:&quot;&quot;,&quot;caption&quot;:&quot;&quot;,&quot;created_timestamp&quot;:&quot;0&quot;,&quot;copyright&quot;:&quot;&quot;,&quot;focal_length&quot;:&quot;0&quot;,&quot;iso&quot;:&quot;0&quot;,&quot;shutter_speed&quot;:&quot;0&quot;,&quot;title&quot;:&quot;&quot;,&quot;orientation&quot;:&quot;1&quot;}\" data-image-title=\"smoke-background\" data-image-description=\"\" data-image-caption=\"\" data-large-file=\"https:\/\/atravesdelasescrituras.com\/wp-content\/uploads\/2025\/04\/smoke-background-1.jpg\" src=\"https:\/\/i0.wp.com\/atravesdelasescrituras.com\/wp-content\/uploads\/2025\/04\/smoke-background-1.jpg?resize=1870%2C3279&#038;ssl=1\" alt=\"\" class=\"wp-image-53258\" style=\"width:223px;height:auto\" \/><\/a><\/figure>\n\n\n\n<p class=\"wp-block-paragraph\">Una teor\u00eda es que Nadav y Avihu estaban borrachos. Inmediatamente despu\u00e9s del relato de su pecado y castigo, Mois\u00e9s ordena a Aar\u00f3n y a sus hijos supervivientes que se abstengan de vino y bebidas fuertes cuando entren en la Tienda de la Reuni\u00f3n (<a href=\"https:\/\/biblia.com\/bible\/rvr60\/Le10.9\">10:9<\/a>).<\/p>\n\n\n\n<blockquote class=\"wp-block-quote is-layout-flow wp-block-quote-is-layout-flow\">\n<p class=\"wp-block-paragraph\">Esto puede compararse con el caso de un rey que ten\u00eda un asistente fiel. Cuando lo encontr\u00f3 parado en las entradas de las tabernas, le cort\u00f3 la cabeza [sin revelar la raz\u00f3n] y nombr\u00f3 a otro asistente en su lugar. No sabr\u00edamos por qu\u00e9 mat\u00f3 al primero, si no fuera por su orden al segundo de esta manera: \u00abNo debes entrar por la puerta de las tabernas\u00bb; de ah\u00ed que sepamos que por tal raz\u00f3n hab\u00eda matado al primero. As\u00ed\u2026 no sabr\u00edamos por qu\u00e9 Nadav y Avihu murieron, si no fuera por su orden a Aar\u00f3n: \u00abNo beb\u00e1is vino ni bebida fuerte\u00bb. <\/p>\n\n\n\n<p class=\"wp-block-paragraph\">\u2014<a href=\"https:\/\/www.sefaria.org\/Vayikra_Rabbah.12.1?lang=bi\">Lev\u00edtico Rab\u00e1 12:1<\/a><\/p>\n<\/blockquote>\n\n\n\n<p class=\"wp-block-paragraph\">Ramb\u00e1n se opone a esta interpretaci\u00f3n. Se\u00f1ala que habr\u00eda sido injusto por parte de Dios castigar a Nadav y Avihu tan severamente por violar un mandamiento que a\u00fan no hab\u00eda dado. M\u00e1s bien, cree que debemos buscar el significado de su transgresi\u00f3n en el fuego extra\u00f1o en s\u00ed, ya que es por esto que la Tor\u00e1 los condena. Ramb\u00e1n est\u00e1 de acuerdo en que los hermanos hab\u00edan estado bebiendo. Debido a su embriaguez, trajeron fuego extra\u00f1o; esto, no la embriaguez en s\u00ed, era el problema. Mois\u00e9s prohibi\u00f3 la bebida fuerte para evitar el tipo de pecado en el que cayeron Nadav y Avihu.<\/p>\n\n\n\n<p class=\"wp-block-paragraph\">Ramban ve la clave del significado del pecado en la precisa redacci\u00f3n hebrea. <\/p>\n\n\n\n<blockquote class=\"wp-block-quote is-layout-flow wp-block-quote-is-layout-flow\">\n<p class=\"has-text-align-left wp-block-paragraph\">\u00abCada uno tom\u00f3 su incensario, le puso fuego y le puso incienso [literalmente, \u00absobre ella\u00bb].\u00bb <\/p>\n\n\n\n<p class=\"wp-block-paragraph\">\u00bfA qu\u00e9 se refiere el \u00abella\u00bb? Ramban dice que se refiere a la justicia divina, tal vez porque se trata de un sustantivo femenino en hebreo, tzedakah. Los hermanos trajeron fuego \u00aby dirigieron sus pensamientos solo a esto [el atributo de la justicia], y por lo tanto no fue una ofrenda de fuego de olor grato (<a href=\"https:\/\/biblia.com\/bible\/rvr60\/Le1.9\">Lev. 1:9<\/a>). Este es el sentido de la expresi\u00f3n, y pusieron incienso &#8216;aleha&#8217; (sobre ella)\u00bb. <\/p>\n<\/blockquote>\n\n\n\n<p class=\"wp-block-paragraph\">En otras palabras, Nadav y Avihu presentaron su ofrenda no a Adonai en su unidad e integridad, sino a su propio concepto de Adonai. Esto puede parecer un mero tecnicismo, porque \u00bfc\u00f3mo sabemos si estamos presentando una ofrenda a Dios tal como es, o a nuestro propio concepto limitado de Dios? Adem\u00e1s, la pena de muerte parece demasiado dura para aquellos que solo se equivocaron en su teolog\u00eda. <strong>Pero Nadav y Avihu fueron culpables de tergiversar a Aquel a quien, como sacerdotes, estaban encargados de representar ante el pueblo, y esto es una transgresi\u00f3n grave<\/strong>.<\/p>\n\n\n\n<p class=\"wp-block-paragraph\">Hoy en d\u00eda somos m\u00e1s propensos a enfatizar el amor y la misericordia de Dios a expensas de su justicia, un \u00e9nfasis m\u00e1s compasivo, pero que a\u00fan no alcanza la integridad y unidad del Se\u00f1or. La palabra traducida como \u00abextra\u00f1o\u00bb es zarah \u05d6\u05b8\u05e8\u05b8\u05d4, que tambi\u00e9n puede referirse a un extranjero o forastero, o a los dioses extranjeros de los paganos. Es la palabra que se utiliza en Proverbios para describir a la ad\u00faltera o a la prostituta. <\/p>\n\n\n\n<p class=\"wp-block-paragraph\">El fuego es \u00abextra\u00f1o\u00bb porque es algo sagrado que se prostituye a una agenda humana particular. Aparece en el lugar sagrado, pero cumple un prop\u00f3sito profano. <strong>De alguna manera es ajeno a la atm\u00f3sfera de adoraci\u00f3n del Dios verdadero.<\/strong><\/p>\n\n\n\n<p class=\"wp-block-paragraph\">As\u00ed como el fuego es fundamental en el pecado de Nadav y Avihu, el castigo tambi\u00e9n implica fuego: <\/p>\n\n\n\n<blockquote class=\"wp-block-quote is-layout-flow wp-block-quote-is-layout-flow\">\n<p class=\"wp-block-paragraph\">\u00abUn fuego sali\u00f3 de delante de Adonai y los consumi\u00f3\u00bb. <\/p>\n<\/blockquote>\n\n\n\n<p class=\"wp-block-paragraph\">Esta misma frase aparece dos vers\u00edculos antes. All\u00ed, despu\u00e9s de que Aar\u00f3n y sus hijos fueran consagrados como sacerdotes, Mois\u00e9s y Aar\u00f3n salieron de la Tienda de la Reuni\u00f3n y bendijeron al pueblo. Entonces \u00abun fuego sali\u00f3 de delante de Adonai y consumi\u00f3 la ofrenda\u00bb (<a href=\"https:\/\/biblia.com\/bible\/rvr60\/Le9.24\">9:24<\/a>).<\/p>\n\n\n\n<p class=\"wp-block-paragraph\"><strong>El fuego es un signo de la presencia y el poder de Dios.<\/strong> Dios hab\u00eda dicho a los sacerdotes que \u00e9l, o su gloria, se les aparecer\u00eda ese d\u00eda (<a href=\"https:\/\/biblia.com\/bible\/rvr60\/Le9.4\">9:4<\/a>, <a href=\"https:\/\/biblia.com\/bible\/rvr60\/Le9.6\">6<\/a>). Entonces sali\u00f3 fuego de \u00e9l y \u00abtodo el pueblo lo vio\u00bb (<a href=\"https:\/\/biblia.com\/bible\/rvr60\/Le9.24\">9:24<\/a>).<\/p>\n\n\n\n<p class=\"wp-block-paragraph\">El fuego extra\u00f1o puede ser algo que d\u00e9 la impresi\u00f3n de presencia divina, pero es de origen estrictamente humano. Es fuego que \u00ab\u00e9l no les hab\u00eda mandado\u00bb (<a href=\"https:\/\/biblia.com\/bible\/rvr60\/Le10.1\">10:1<\/a>).<\/p>\n\n\n\n<figure class=\"wp-block-pullquote\"><blockquote><p> Los sacerdotes ministran en una cooperaci\u00f3n divino-humana; tienen un papel vital que desempe\u00f1ar en el culto de Israel, pero deben representar a Dios con precisi\u00f3n. No deben sustituir a la deidad inefable con sus propias definiciones limitadas. Aquellos que est\u00e1n m\u00e1s cerca del servicio divino deben ser m\u00e1s conscientes de este l\u00edmite entre lo divino y lo humano.<\/p><\/blockquote><\/figure>\n\n\n\n<p class=\"wp-block-paragraph\">Mois\u00e9s le dice a Aar\u00f3n: <\/p>\n\n\n\n<blockquote class=\"wp-block-quote is-layout-flow wp-block-quote-is-layout-flow\">\n<p class=\"wp-block-paragraph\">\u00abAdonai habl\u00f3 de esto, diciendo: \u00abSer\u00e9 santificado a trav\u00e9s de aquellos que est\u00e1n cerca de m\u00ed, y ser\u00e9 honrado ante todo el pueblo\u00bb <\/p>\n\n\n\n<p class=\"wp-block-paragraph\">\u2014<a href=\"https:\/\/biblia.com\/bible\/rvr60\/Le10.3\">Lev\u00edtico 10:3<\/a>. <\/p>\n<\/blockquote>\n\n\n\n<p class=\"wp-block-paragraph\">Ramb\u00e1n explica lo siguiente sobre esta frase: <\/p>\n\n\n\n<blockquote class=\"wp-block-quote is-layout-flow wp-block-quote-is-layout-flow\">\n<p class=\"wp-block-paragraph\">Este dicho no aparece realmente con tantas palabras en la Tor\u00e1. En cambio, Mois\u00e9s dijo aqu\u00ed: \u00abEste incidente es lo que Dios decret\u00f3, &#8216;diciendo a Su coraz\u00f3n&#8217;: A trav\u00e9s de aquellos que est\u00e1n cerca de M\u00ed ser\u00e9 santificado para que no irrumpan en Mi santuario; y ante todo el pueblo ser\u00e9 glorificado, para que traten con respeto mi morada\u00bb.<\/p>\n<\/blockquote>\n\n\n\n<p class=\"wp-block-paragraph\">\u00abEste incidente\u00bb, la incursi\u00f3n del fuego divino, es la declaraci\u00f3n de Dios de que aquellos que manejan asuntos divinos deben tratarlos con el mayor respeto. El fuego de Dios debe tener preeminencia, no el \u00abfuego extra\u00f1o\u00bb de la presunci\u00f3n religiosa. <strong>Esta es una lecci\u00f3n aleccionadora en un d\u00eda en el que muchos afirman hablar por Dios con tanta ligereza<\/strong>. As\u00ed escribe Santiago en su carta: <\/p>\n\n\n\n<blockquote class=\"wp-block-quote is-layout-flow wp-block-quote-is-layout-flow\">\n<p class=\"wp-block-paragraph\">\u00abHermanos m\u00edos, no os hag\u00e1is maestros muchos de vosotros, sabiendo que recibiremos un juicio m\u00e1s severo\u00bb <\/p>\n\n\n\n<p class=\"wp-block-paragraph\">\u2014<a href=\"https:\/\/biblia.com\/bible\/rvr60\/Jas3.10\">Santiago 3:10<\/a>.<\/p>\n<\/blockquote>\n\n\n\n<p class=\"wp-block-paragraph\">El propio Mois\u00e9s aprende la misma lecci\u00f3n en las aguas de Merib\u00e1 (<a href=\"https:\/\/biblia.com\/bible\/rvr60\/Nu20.9-13\">N\u00fam. 20:9-13<\/a>). Los israelitas se quejan porque no hay agua. El Se\u00f1or le dice a Mois\u00e9s que hable a la roca y esta dar\u00e1 agua. En cambio, Mois\u00e9s castiga al pueblo por sus constantes quejas y golpea la roca. Sale agua, pero el Se\u00f1or le dice a Mois\u00e9s: <\/p>\n\n\n\n<blockquote class=\"wp-block-quote is-layout-flow wp-block-quote-is-layout-flow\">\n<p class=\"wp-block-paragraph\">\u00abPorque no confiaste en m\u00ed lo suficiente como para santificarme a los ojos de los hijos de Israel, por lo tanto, no guiar\u00e1s a esta congregaci\u00f3n a la tierra que les he dado\u00bb. Como Mois\u00e9s le hab\u00eda explicado a Aar\u00f3n despu\u00e9s de la muerte de sus hijos, el Se\u00f1or \u00abser\u00e1 santificado a trav\u00e9s de aquellos que est\u00e1n cerca de \u00e9l, y ser\u00e1 honrado ante todo el pueblo\u00bb.<\/p>\n<\/blockquote>\n\n\n\n<p class=\"wp-block-paragraph\"><strong>Las personas que afirman tener un profundo compromiso con Dios a veces ofenden, no por su gran piedad, sino porque manejan las cosas de Dios con tanta ligereza<\/strong>. Los l\u00edderes religiosos a veces son rechazados, no porque una multitud rebelde se resista a sus palabras prof\u00e9ticas, sino porque tergiversan a Dios.<strong> Los que son elegidos para representar a Dios deben tener mucho cuidado en c\u00f3mo hablan de los asuntos divinos. Los que viven m\u00e1s cerca del fuego deben respetarlo al m\u00e1ximo.<\/strong><\/p>\n\n\n\n<hr class=\"wp-block-coblocks-dynamic-separator\" style=\"height:50px\" \/>\n\n\n\n<p class=\"has-text-align-center wp-block-paragraph\"><a href=\"https:\/\/atravesdelasescrituras.com\/parasha-semanal\/\">(Para mas reflexiones de las Parashot semanales haz click aqu\u00ed)<\/a><\/p>\n\n\n\n<figure class=\"wp-block-embed is-type-wp-embed is-provider-atrav-s-de-las-escrituras wp-block-embed-atrav-s-de-las-escrituras\"><div class=\"wp-block-embed__wrapper\">\n<blockquote class=\"wp-embedded-content\" data-secret=\"Lgd08afDVu\"><a href=\"https:\/\/atravesdelasescrituras.com\/parasha-semanal\/\">Parasha semanal<\/a><\/blockquote><iframe class=\"wp-embedded-content\" sandbox=\"allow-scripts\" security=\"restricted\" style=\"position: absolute; visibility: hidden;\" title=\"\u00abParasha semanal\u00bb \u2014 Atrav\u00e9s de las Escrituras\" src=\"https:\/\/atravesdelasescrituras.com\/parasha-semanal\/embed\/#?secret=KraqV8ofM4#?secret=Lgd08afDVu\" data-secret=\"Lgd08afDVu\" width=\"600\" height=\"338\" frameborder=\"0\" marginwidth=\"0\" marginheight=\"0\" scrolling=\"no\"><\/iframe>\n<\/div><\/figure>\n","protected":false},"excerpt":{"rendered":"<p>En esta semana estamos estudiando la Parashat\u00a026 Shmin\u00ed se encuentra en: Lev\u00edtico 9:1-11:47 \u2014 Shmin\u00ed \u2013 (\u05e9\u05b0\u05bc\u05c1\u05de\u05b4\u05d9\u05e0\u05b4\u05d9) significa: \u00abOctavo\u201d<\/p>\n","protected":false},"author":80235555,"featured_media":53260,"comment_status":"open","ping_status":"open","sticky":false,"template":"","format":"standard","meta":{"_coblocks_attr":"","_coblocks_dimensions":"","_coblocks_responsive_height":"","_coblocks_accordion_ie_support":"","_gspb_post_css":"","advanced_seo_description":"","jetpack_seo_html_title":"","jetpack_seo_noindex":false,"jetpack_seo_schema_type":"","_jetpack_newsletter_access":"","_jetpack_dont_email_post_to_subs":false,"_jetpack_newsletter_tier_id":0,"_jetpack_memberships_contains_paywalled_content":false,"_wpcom_ai_launchpad_first_post":false,"_jetpack_feature_clip_id":0,"_jetpack_memberships_contains_paid_content":false,"footnotes":"","jetpack_publicize_message":"","jetpack_publicize_feature_enabled":true,"jetpack_social_post_already_shared":false,"jetpack_social_options":{"image_generator_settings":{"template":"highway","default_image_id":0,"font":"","enabled":false},"version":2},"jetpack_post_was_ever_published":false},"categories":[701131016],"tags":[522355,44296014,2452816,8731615,3963208,790840930,141588,582968,1187247,1894677,525047,971183,2003397],"class_list":["post-53246","post","type-post","status-publish","format-standard","has-post-thumbnail","hentry","category-sobre-la-parasha","tag-adoracion","tag-avihu","tag-embriaguez","tag-fuego-extrano","tag-incienso","tag-levitico","tag-maestros","tag-nadav","tag-octavo-dia","tag-ramban","tag-sacerdocio","tag-shemini","tag-shmini"],"blocksy_meta":{"styles_descriptor":{"styles":{"desktop":"","tablet":"","mobile":""},"google_fonts":[],"version":7}},"jetpack_publicize_connections":[],"jetpack_likes_enabled":true,"jetpack_sharing_enabled":true,"jetpack_shortlink":"https:\/\/wp.me\/p5HWJ5-dQO","jetpack-related-posts":[],"brizy_media":[],"jetpack_featured_media_url":"https:\/\/atravesdelasescrituras.com\/wp-content\/uploads\/2025\/04\/parashat-shmini.jpg","_links":{"self":[{"href":"https:\/\/atravesdelasescrituras.com\/es_es\/wp-json\/wp\/v2\/posts\/53246","targetHints":{"allow":["GET"]}}],"collection":[{"href":"https:\/\/atravesdelasescrituras.com\/es_es\/wp-json\/wp\/v2\/posts"}],"about":[{"href":"https:\/\/atravesdelasescrituras.com\/es_es\/wp-json\/wp\/v2\/types\/post"}],"author":[{"embeddable":true,"href":"https:\/\/atravesdelasescrituras.com\/es_es\/wp-json\/wp\/v2\/users\/80235555"}],"replies":[{"embeddable":true,"href":"https:\/\/atravesdelasescrituras.com\/es_es\/wp-json\/wp\/v2\/comments?post=53246"}],"version-history":[{"count":12,"href":"https:\/\/atravesdelasescrituras.com\/es_es\/wp-json\/wp\/v2\/posts\/53246\/revisions"}],"predecessor-version":[{"id":53262,"href":"https:\/\/atravesdelasescrituras.com\/es_es\/wp-json\/wp\/v2\/posts\/53246\/revisions\/53262"}],"wp:featuredmedia":[{"embeddable":true,"href":"https:\/\/atravesdelasescrituras.com\/es_es\/wp-json\/wp\/v2\/media\/53260"}],"wp:attachment":[{"href":"https:\/\/atravesdelasescrituras.com\/es_es\/wp-json\/wp\/v2\/media?parent=53246"}],"wp:term":[{"taxonomy":"category","embeddable":true,"href":"https:\/\/atravesdelasescrituras.com\/es_es\/wp-json\/wp\/v2\/categories?post=53246"},{"taxonomy":"post_tag","embeddable":true,"href":"https:\/\/atravesdelasescrituras.com\/es_es\/wp-json\/wp\/v2\/tags?post=53246"}],"curies":[{"name":"wp","href":"https:\/\/api.w.org\/{rel}","templated":true}]}}