{"id":53870,"date":"2025-07-06T11:12:19","date_gmt":"2025-07-06T09:12:19","guid":{"rendered":"https:\/\/atravesdelasescrituras.com\/?p=53870"},"modified":"2025-07-06T11:15:59","modified_gmt":"2025-07-06T09:15:59","slug":"el-jubileo-y-el-milenio","status":"publish","type":"post","link":"https:\/\/atravesdelasescrituras.com\/es_es\/2025\/07\/06\/el-jubileo-y-el-milenio\/","title":{"rendered":"El Jubileo y el milenio"},"content":{"rendered":"\n<p class=\"wp-block-paragraph\">El a\u00f1o del jubileo (del Heb. y\u00f4\u1e07\u0113l<sup data-fn=\"d1cfea86-1b08-4ab9-af3e-f81cb29c7737\" class=\"fn\"><a href=\"#d1cfea86-1b08-4ab9-af3e-f81cb29c7737\" id=\"d1cfea86-1b08-4ab9-af3e-f81cb29c7737-link\">1<\/a><\/sup>, \u00abcuerno de carnero\u00bb) es la \u00faltima capa en la extensi\u00f3n del principio de reposo que comienza con el d\u00eda de descanso cada siete d\u00edas, ampliado en el a\u00f1o sab\u00e1tico en barbecho cada siete a\u00f1os, al Jubileo. Comienza en el medio del s\u00e9ptimo a\u00f1o sab\u00e1tico (cada a\u00f1o 49) en el d\u00e9cimo d\u00eda del s\u00e9ptimo mes (el d\u00eda de la expiaci\u00f3n), y se extiende, presumiblemente, en el s\u00e9ptimo mes del a\u00f1o 50, de este modo superponi\u00e9ndose en algo m\u00e1s de la mitad de a\u00f1o con el a\u00f1o sab\u00e1tico ordinario.<\/p>\n\n\n\n<p class=\"wp-block-paragraph\">El cuerno del carnero iba a ser sonado en toda la tierra y el jubileo era proclamado, durante el cual la tierra deb\u00eda ser restaurada a su l\u00ednea original de la propiedad heredada, y los esclavos israelitas debido a deuda eran libres para regresar a su propia tierra. El a\u00f1o del jubileo, como el a\u00f1o sab\u00e1tico, iba a ser tambi\u00e9n el a\u00f1o de \u00abdescanso\u00bb para la tierra, en la cual la siembra, la cosecha estaban prohibidas. El precio de redenci\u00f3n de la tierra o el esclavo deb\u00eda ser prorrateado seg\u00fan el n\u00famero de a\u00f1os restantes hasta el pr\u00f3ximo jubileo.<\/p>\n\n\n\n<ol><li><a class=\"wp-block-table-of-contents__entry\" href=\"https:\/\/atravesdelasescrituras.com\/2025\/07\/06\/el-jubileo-y-el-milenio\/#el-ano-sabatico\">El A\u00f1o sab\u00e1tico<\/a><ol><li><a class=\"wp-block-table-of-contents__entry\" href=\"https:\/\/atravesdelasescrituras.com\/2025\/07\/06\/el-jubileo-y-el-milenio\/#terminologia\">Terminolog\u00eda<\/a><\/li><li><a class=\"wp-block-table-of-contents__entry\" href=\"https:\/\/atravesdelasescrituras.com\/2025\/07\/06\/el-jubileo-y-el-milenio\/#el-contexto-agrario\">El contexto agrario<\/a><\/li><\/ol><\/li><li><a class=\"wp-block-table-of-contents__entry\" href=\"https:\/\/atravesdelasescrituras.com\/2025\/07\/06\/el-jubileo-y-el-milenio\/#el-contexto-urbano\">El contexto urbano<\/a><\/li><li><a class=\"wp-block-table-of-contents__entry\" href=\"https:\/\/atravesdelasescrituras.com\/2025\/07\/06\/el-jubileo-y-el-milenio\/#observancia\">Observancia<\/a><\/li><li><a class=\"wp-block-table-of-contents__entry\" href=\"https:\/\/atravesdelasescrituras.com\/2025\/07\/06\/el-jubileo-y-el-milenio\/#el-ano-jubilar\">El a\u00f1o jubilar<\/a><ol><li><a class=\"wp-block-table-of-contents__entry\" href=\"https:\/\/atravesdelasescrituras.com\/2025\/07\/06\/el-jubileo-y-el-milenio\/#terminologia-1\">Terminolog\u00eda<\/a><\/li><\/ol><\/li><li><a class=\"wp-block-table-of-contents__entry\" href=\"https:\/\/atravesdelasescrituras.com\/2025\/07\/06\/el-jubileo-y-el-milenio\/#legislacion\">Legislaci\u00f3n<\/a><\/li><li><a class=\"wp-block-table-of-contents__entry\" href=\"https:\/\/atravesdelasescrituras.com\/2025\/07\/06\/el-jubileo-y-el-milenio\/#observancia\">Observancia<\/a><\/li><li><a class=\"wp-block-table-of-contents__entry\" href=\"https:\/\/atravesdelasescrituras.com\/2025\/07\/06\/el-jubileo-y-el-milenio\/#el-ano-de-la-gracia-del-senor\">El a\u00f1o de la gracia del Se\u00f1or<\/a><ol><li><a class=\"wp-block-table-of-contents__entry\" href=\"https:\/\/atravesdelasescrituras.com\/2025\/07\/06\/el-jubileo-y-el-milenio\/#isaias-61\">Isa\u00edas 61<\/a><\/li><li><a class=\"wp-block-table-of-contents__entry\" href=\"https:\/\/atravesdelasescrituras.com\/2025\/07\/06\/el-jubileo-y-el-milenio\/#isaias-58\">Isa\u00edas 58<\/a><\/li><li><a class=\"wp-block-table-of-contents__entry\" href=\"https:\/\/atravesdelasescrituras.com\/2025\/07\/06\/el-jubileo-y-el-milenio\/#lucas-4\">Lucas 4<\/a><ol><li><a class=\"wp-block-table-of-contents__entry\" href=\"https:\/\/atravesdelasescrituras.com\/2025\/07\/06\/el-jubileo-y-el-milenio\/#otras-alusiones\">Otras alusiones<\/a><\/li><\/ol><\/li><\/ol><\/li><li><a class=\"wp-block-table-of-contents__entry\" href=\"https:\/\/atravesdelasescrituras.com\/2025\/07\/06\/el-jubileo-y-el-milenio\/#reflexion-teologica\">Reflexi\u00f3n teol\u00f3gica<\/a><ol><li><a class=\"wp-block-table-of-contents__entry\" href=\"https:\/\/atravesdelasescrituras.com\/2025\/07\/06\/el-jubileo-y-el-milenio\/#descanso\">Descanso<\/a><\/li><li><a class=\"wp-block-table-of-contents__entry\" href=\"https:\/\/atravesdelasescrituras.com\/2025\/07\/06\/el-jubileo-y-el-milenio\/#libertad\">Libertad<\/a><\/li><li><a class=\"wp-block-table-of-contents__entry\" href=\"https:\/\/atravesdelasescrituras.com\/2025\/07\/06\/el-jubileo-y-el-milenio\/#restauracion\">Restauraci\u00f3n<\/a><\/li><\/ol><\/li><li><a class=\"wp-block-table-of-contents__entry\" href=\"https:\/\/atravesdelasescrituras.com\/2025\/07\/06\/el-jubileo-y-el-milenio\/#posdata\">Posdata<\/a><\/li><\/ol>\n\n\n\n<h2 class=\"wp-block-heading\" id=\"el-ano-sabatico\">El A\u00f1o sab\u00e1tico<\/h2>\n\n\n\n<h3 class=\"wp-block-heading\" id=\"terminologia\">Terminolog\u00eda<\/h3>\n\n\n\n<p class=\"wp-block-paragraph\">El hebreo utiliza dos t\u00e9rminos distintivos en relaci\u00f3n con el a\u00f1o sab\u00e1tico, a saber, \u0161abbat (\u00abdescanso\u00bb, cf. <a href=\"https:\/\/biblia.com\/bible\/rvr60\/Ge2.2-3\">Gn 2:2-3<\/a>; <a href=\"https:\/\/biblia.com\/bible\/rvr60\/Ex23.12\">Ex 23:12<\/a>) y \u0161emi\u1e6d\u1e6da (\u0161-m-\u1e6d). <\/p>\n\n\n\n<p class=\"wp-block-paragraph\">El verbo \u0161-m-\u1e6d \u05e9\u05c1\u05de\u05d8 en <a href=\"https:\/\/biblia.com\/bible\/rvr60\/Ex23.11\">\u00c9xodo 23:11 <\/a>significa \u00abdejar descansar (la tierra)\u00bb dej\u00e1ndola en barbecho durante el a\u00f1o sab\u00e1tico; mientras que en <a href=\"https:\/\/biblia.com\/bible\/rvr60\/Dt15.1\">Deuteronomio 15:1<\/a> \u0161emi\u1e6d\u1e6da \u05e9\u05b0\u05c1\u05de\u05b4\u05d8\u05b8\u05bc\u05d4 significa \u00abcancelar\u00bb una deuda. Driver (1902) y Craigie (1976) sugieren que este vers\u00edculo solo legisla el aplazamiento de las deudas durante el a\u00f1o sab\u00e1tico, no su cancelaci\u00f3n, pero de los vers\u00edculos siguientes se desprende que se pretende la cancelaci\u00f3n<sup data-fn=\"c16d173e-a927-41f8-97f6-bb4c393712ad\" class=\"fn\"><a href=\"#c16d173e-a927-41f8-97f6-bb4c393712ad\" id=\"c16d173e-a927-41f8-97f6-bb4c393712ad-link\">2<\/a><\/sup>.<\/p>\n\n\n\n<p class=\"wp-block-paragraph\">La comparaci\u00f3n con la pr\u00e1ctica en Mesopotamia apunta a la cancelaci\u00f3n m\u00e1s que al aplazamiento<sup data-fn=\"925e8f5a-45d9-400c-b630-0b0cb2c2e77c\" class=\"fn\"><a href=\"#925e8f5a-45d9-400c-b630-0b0cb2c2e77c\" id=\"925e8f5a-45d9-400c-b630-0b0cb2c2e77c-link\">3<\/a><\/sup>. Josefo y los int\u00e9rpretes rab\u00ednicos coinciden en que significa cancelaci\u00f3n de las deudas, y ese es el sentido que se le da en la NIV, NJB y NRSV. Es de suponer que el pago de las deudas estar\u00eda programado para completarse antes del a\u00f1o sab\u00e1tico, y la cancelaci\u00f3n solo ser\u00eda necesaria en el caso de una persona pobre que fuera realmente incapaz de pagar.<\/p>\n\n\n\n<h3 class=\"wp-block-heading\" id=\"el-contexto-agrario\">El contexto agrario<\/h3>\n\n\n\n<p class=\"wp-block-paragraph\">En el \u00abLibro de la Alianza\u00bb (\u00c9xodo 21-23) hay dos normas relat ivas al a\u00f1o sab\u00e1tico, una sobre la agricultura y otra sobre la esclavitud.<\/p>\n\n\n\n<p class=\"wp-block-paragraph\">En primer lugar, la norma relativa a la agricultura se encuentra en <a href=\"https:\/\/biblia.com\/bible\/rvr60\/Ex23.10-11\">\u00c9xodo 23:10-11<\/a>: <\/p>\n\n\n\n<blockquote class=\"wp-block-quote is-layout-flow wp-block-quote-is-layout-flow\">\n<p class=\"wp-block-paragraph\">Durante seis a\u00f1os sembrar\u00e1s tu tierra y recoger\u00e1s sus frutos, pero el s\u00e9ptimo a\u00f1o dejar\u00e1s la tierra en barbecho y sin labrar. Entonces los pobres de tu pueblo podr\u00e1n alimentarse de ella, y lo que dejen lo comer\u00e1n los animales salvajes. Har\u00e1s lo mismo con tu vi\u00f1a y tu olivar. (NVI)<\/p>\n<\/blockquote>\n\n\n\n<blockquote class=\"wp-block-quote is-layout-flow wp-block-quote-is-layout-flow\">\n<p class=\"wp-block-paragraph\">Durante seis a\u00f1os sembrar\u00e1s tu tierra y recoger\u00e1s su fruto, pero el s\u00e9ptimo a\u00f1o la dejar\u00e1s descansar y en barbecho, para que coman los pobres de tu pueblo, y lo que ellos dejen lo comer\u00e1n los animales salvajes. Har\u00e1s lo mismo con tu vi\u00f1a y con tu olivar. (NRSV)<\/p>\n<\/blockquote>\n\n\n\n<p class=\"wp-block-paragraph\">La tierra descansar\u00e1 en el a\u00f1o sab\u00e1tico, quedando en barbecho, tal como descansan los seres humanos y los animales en el s\u00e9ptimo d\u00eda (<a href=\"https:\/\/biblia.com\/bible\/rvr60\/Ex20.9-10\">\u00c9xodo 20:9-10<\/a>).<sup data-fn=\"a05f9725-9f1c-4c41-86ee-59a2cb236b9c\" class=\"fn\"><a href=\"#a05f9725-9f1c-4c41-86ee-59a2cb236b9c\" id=\"a05f9725-9f1c-4c41-86ee-59a2cb236b9c-link\">4<\/a><\/sup> Durante ese s\u00e9ptimo a\u00f1o, los productos de la tierra que crecen por s\u00ed solos pasan a ser propiedad de los pobres, y no del propietario de la tierra, y se espera que el propietario de la tierra coma los productos que se han apartado del a\u00f1o anterior (cf. <a href=\"https:\/\/biblia.com\/bible\/rvr60\/Le25.20-22\">Lev. 25:20-22<\/a>).<sup data-fn=\"fe8836f9-dfb6-46e6-81de-d860a2252a8a\" class=\"fn\"><a href=\"#fe8836f9-dfb6-46e6-81de-d860a2252a8a\" id=\"fe8836f9-dfb6-46e6-81de-d860a2252a8a-link\">5<\/a><\/sup><\/p>\n\n\n\n<p class=\"wp-block-paragraph\">Sin duda, un descanso de siete a\u00f1os aumentar\u00eda la fertilidad de la tierra, pero ese no es el objetivo principal, sino un efecto secundario. El objetivo principal es honrar a Dios como propietario \u00faltimo de la tierra (cf. <a href=\"https:\/\/biblia.com\/bible\/rvr60\/Le25.2\">Lev. 25:2<\/a>, <a href=\"https:\/\/biblia.com\/bible\/rvr60\/Le25.23\">23<\/a>) y mostrar preocupaci\u00f3n por las necesidades de los pobres.<\/p>\n\n\n\n<p class=\"wp-block-paragraph\">En segundo lugar, aunque la esclavitud no fue abolida en el antiguo Israel, se dise\u00f1aron una serie de normas para limitar sus efectos. En <a href=\"https:\/\/biblia.com\/bible\/rvr60\/Ex21.2\">\u00c9xodo 21:2<\/a> leemos:<\/p>\n\n\n\n<blockquote class=\"wp-block-quote is-layout-flow wp-block-quote-is-layout-flow\">\n<p class=\"wp-block-paragraph\">Si compras un siervo hebreo, te servir\u00e1 durante seis a\u00f1os. Pero al s\u00e9ptimo a\u00f1o, saldr\u00e1 libre, sin pagar nada. (NVI)<\/p>\n\n\n\n<p class=\"wp-block-paragraph\">Cuando compres un esclavo hebreo, te servir\u00e1 durante seis a\u00f1os, pero al s\u00e9ptimo saldr\u00e1 libre, sin deuda alguna. (NRSV)<\/p>\n<\/blockquote>\n\n\n\n<p class=\"wp-block-paragraph\">Cuando alguien se arruinaba en el mundo antiguo, a menudo se ve\u00eda obligado a venderse a s\u00ed mismo o a sus hijos como esclavos para pagar sus deudas (cf. <a href=\"https:\/\/biblia.com\/bible\/rvr60\/2Ki4.1-7\">2 Reyes 4:1-7<\/a>; <a href=\"https:\/\/biblia.com\/bible\/rvr60\/Ne5.5\">Nehem\u00edas 5:5<\/a>). Por lo tanto, se estipula que un israelita<sup data-fn=\"f42fcfdf-20cf-4fb6-9b05-5730700fb09f\" class=\"fn\"><a href=\"#f42fcfdf-20cf-4fb6-9b05-5730700fb09f\" id=\"f42fcfdf-20cf-4fb6-9b05-5730700fb09f-link\">6<\/a><\/sup> que se empobrece hasta el punto de convertirse en esclavo de otro israelita solo puede ser retenido durante un m\u00e1ximo de seis a\u00f1os antes de ser liberado.<sup data-fn=\"03b03039-b8a8-49db-9d7d-f4feaccbb917\" class=\"fn\"><a href=\"#03b03039-b8a8-49db-9d7d-f4feaccbb917\" id=\"03b03039-b8a8-49db-9d7d-f4feaccbb917-link\">7<\/a><\/sup><\/p>\n\n\n\n<p class=\"wp-block-paragraph\">En otras palabras, no es un esclavo en el sentido estricto de la palabra, sino que entra en un contrato de trabajo como trabajador obligado (\u00abtrabajador contratado\u00bb, NVI) por un per\u00edodo de tiempo limitado (cf. <a href=\"https:\/\/biblia.com\/bible\/rvr60\/Le25.39-43\">Lev. 25:39-43<\/a>). Esta norma es muy diferente de la que se aplicaba a los esclavos extranjeros, que normalmente eran esclavos de por vida (<a href=\"https:\/\/biblia.com\/bible\/rvr60\/Le25.44-46\">Lev. 25:44-46<\/a>).<\/p>\n\n\n\n<p class=\"wp-block-paragraph\">En <a href=\"https:\/\/biblia.com\/bible\/rvr60\/Ex21.3-11\">\u00c9xodo 21:3-11<\/a> se desarrolla m\u00e1s esta norma. Es interesante que el autor contemple la posibilidad de que un esclavo prefiera quedarse con su amo antes que ser libre (<a href=\"https:\/\/biblia.com\/bible\/rvr60\/Ex21.5\">v. 5<\/a>). Esto parece implicar que los propietarios de esclavos israelitas tratan a sus esclavos de forma humana, por lo que un esclavo que no puede vivir de forma independiente (por ejemplo, debido a una discapacidad o a la vejez) podr\u00eda estar mejor qued\u00e1ndose en la familia de su amo.<\/p>\n\n\n\n<h2 class=\"wp-block-heading\" id=\"el-contexto-urbano\">El contexto urbano<\/h2>\n\n\n\n<p class=\"wp-block-paragraph\">En \u00c9xodo y Lev\u00edtico, en el contexto de una econom\u00eda agraria, el a\u00f1o sab\u00e1tico se prescribe como un a\u00f1o de descanso para la tierra y de libertad para los esclavos hebreos. <\/p>\n\n\n\n<p class=\"wp-block-paragraph\">En <a href=\"https:\/\/biblia.com\/bible\/rvr60\/Dt15.1-18\">Deuteronomio 15:1-18<\/a> se formulan de nuevo las normas relativas al a\u00f1o sab\u00e1tico para un nuevo contexto, el de una econom\u00eda comercial de car\u00e1cter m\u00e1s urbano. (Quiz\u00e1s podr\u00edamos ver esto como un ejemplo antiguo de contextualizaci\u00f3n). Hay una nueva estipulaci\u00f3n, luego se repiten algunas de las normas anteriores con m\u00e1s detalle y con algunas variaciones. Parecer\u00eda que <a href=\"https:\/\/biblia.com\/bible\/rvr60\/Dt15\">Deuteronomio 15<\/a> est\u00e1 destinado a una \u00e9poca posterior de la historia de Israel, cuando el pueblo vive en ciudades y la brecha entre ricos y pobres ha comenzado a ampliarse.<sup data-fn=\"97e6bab2-d48b-49aa-8457-321ededfeee4\" class=\"fn\"><a href=\"#97e6bab2-d48b-49aa-8457-321ededfeee4\" id=\"97e6bab2-d48b-49aa-8457-321ededfeee4-link\">8<\/a><\/sup><\/p>\n\n\n\n<p class=\"wp-block-paragraph\">La nueva estipulaci\u00f3n del Deuteronomio es que al final de los siete a\u00f1os se cancelar\u00e1n todas las deudas de los hermanos israelitas (<a href=\"https:\/\/biblia.com\/bible\/rvr60\/Dt15.1-3\">vv. 1-3<\/a>).<sup data-fn=\"bb7127a9-efcd-49ae-91fa-225ed96cf904\" class=\"fn\"><a href=\"#bb7127a9-efcd-49ae-91fa-225ed96cf904\" id=\"bb7127a9-efcd-49ae-91fa-225ed96cf904-link\">9<\/a><\/sup> Esta estipulaci\u00f3n se formula utilizando el t\u00e9rmino \u0161emi\u1e6d\u1e6da \u05e9\u05b0\u05c1\u05de\u05b4\u05d8\u05b8\u05bc\u05d4 (\u00abremisi\u00f3n, cancelaci\u00f3n\u00bb), que se utiliza en <a href=\"https:\/\/biblia.com\/bible\/rvr60\/Ex23.11\">\u00c9xodo 23:11<\/a> en referencia a dejar la tierra sin sembrar durante el a\u00f1o sab\u00e1tico. El objetivo de una disposici\u00f3n tan radical no es, presumiblemente, animar a la gente a ser negligente en el pago de sus deudas, sino ofrecer una salida a los pobres que han intentado pagarlas pero no han podido hacerlo.<\/p>\n\n\n\n<figure class=\"wp-block-image alignright size-large is-resized\"><a href=\"https:\/\/i0.wp.com\/atravesdelasescrituras.com\/wp-content\/uploads\/2025\/07\/imagen.png?ssl=1\"><img data-recalc-dims=\"1\" fetchpriority=\"high\" decoding=\"async\" width=\"1251\" height=\"938\" data-attachment-id=\"54075\" data-permalink=\"https:\/\/atravesdelasescrituras.com\/es_es\/imagen-115\/\" data-orig-file=\"https:\/\/atravesdelasescrituras.com\/wp-content\/uploads\/2025\/07\/imagen-edited.png\" data-orig-size=\"1251,938\" data-comments-opened=\"1\" data-image-meta=\"{&quot;aperture&quot;:&quot;0&quot;,&quot;credit&quot;:&quot;&quot;,&quot;camera&quot;:&quot;&quot;,&quot;caption&quot;:&quot;&quot;,&quot;created_timestamp&quot;:&quot;0&quot;,&quot;copyright&quot;:&quot;&quot;,&quot;focal_length&quot;:&quot;0&quot;,&quot;iso&quot;:&quot;0&quot;,&quot;shutter_speed&quot;:&quot;0&quot;,&quot;title&quot;:&quot;&quot;,&quot;orientation&quot;:&quot;0&quot;}\" data-image-title=\"imagen\" data-image-description=\"\" data-image-caption=\"\" data-large-file=\"https:\/\/atravesdelasescrituras.com\/wp-content\/uploads\/2025\/07\/imagen-edited.png\" src=\"https:\/\/i0.wp.com\/atravesdelasescrituras.com\/wp-content\/uploads\/2025\/07\/imagen-edited.png?resize=1251%2C938&#038;ssl=1\" alt=\"\" class=\"wp-image-54075\" style=\"aspect-ratio:1.3336928777943045;width:312px;height:auto\" \/><\/a><figcaption class=\"wp-element-caption\">\u05e9\u05b0\u05c1\u05de\u05b4\u05d8\u05b8\u05bc\u05d4<\/figcaption><\/figure>\n\n\n\n<p class=\"wp-block-paragraph\">En una situaci\u00f3n ideal, se reconoce que no deber\u00eda haber pobreza entre el pueblo de Dios, si es fiel y obediente a \u00e9l (<a href=\"https:\/\/biblia.com\/bible\/rvr60\/Dt15.4-6\">Dt. 15:4-6<\/a>); pero esta legislaci\u00f3n se dirige a una situaci\u00f3n real \u2014en la que hay pobreza\u2014 m\u00e1s que al ideal, por lo que es esencial proporcionar protecci\u00f3n a los pobres (<a href=\"https:\/\/biblia.com\/bible\/rvr60\/Dt15.11\">v. 11)<\/a>. Es deber de todo israelita ayudar a un pobre con un pr\u00e9stamo, tanto como necesite, aunque se acerque el a\u00f1o sab\u00e1tico y la posibilidad de que se le pague sea relativamente escasa (<a href=\"https:\/\/biblia.com\/bible\/rvr60\/Dt15.7-10\">vv. 7-10<\/a>; cf. <a href=\"https:\/\/biblia.com\/bible\/rvr60\/Le25.35-38\">Lev. 25:35-38<\/a>;<a href=\"https:\/\/biblia.com\/bible\/rvr60\/Lk6.34-35\"> Lc. 6:34-35<\/a>).<\/p>\n\n\n\n<p class=\"wp-block-paragraph\">En los vers\u00edculos <a href=\"https:\/\/biblia.com\/bible\/rvr60\/Dt15.12-18\">12-18<\/a> se repite y ampl\u00eda la norma relativa a la liberaci\u00f3n de un esclavo hebreo (<a href=\"https:\/\/biblia.com\/bible\/rvr60\/Ex21.2-6\">\u00c9xodo 21:2-6<\/a>). En Deuteronomio, la misma norma se aplica tanto a los esclavos varones como a las mujeres (<a href=\"https:\/\/biblia.com\/bible\/rvr60\/Dt15.12\">Deut 15:12<\/a>), mientras que en \u00c9xodo hay una norma diferente para las mujeres (<a href=\"https:\/\/biblia.com\/bible\/rvr60\/Ex21.7-11\">\u00c9xodo 21:7-11<\/a>)<sup data-fn=\"5c910627-3b75-4bd2-8980-385e59bcbc16\" class=\"fn\"><a href=\"#5c910627-3b75-4bd2-8980-385e59bcbc16\" id=\"5c910627-3b75-4bd2-8980-385e59bcbc16-link\">10<\/a><\/sup>. El esclavo se describe aqu\u00ed como aj (\u00abhermano, compa\u00f1ero\u00bb), un t\u00e9rmino que no aparece en la norma anterior, y el esclavo liberado debe recibir parte del producto de su trabajo (vv. <a href=\"https:\/\/biblia.com\/bible\/rvr60\/Dt15.13-14\">13-14<\/a>). Esta norma se basa en la convicci\u00f3n de que Dios ha liberado a su pueblo Israel de la esclavitud en Egipto y, por lo tanto, ellos deben estar dispuestos a liberar a sus esclavos (<a href=\"https:\/\/biblia.com\/bible\/rvr60\/Dt15.15\">Deut 15:15<\/a>)<sup data-fn=\"0bfbb4d7-6e47-4a70-b32c-87046d71bd42\" class=\"fn\"><a href=\"#0bfbb4d7-6e47-4a70-b32c-87046d71bd42\" id=\"0bfbb4d7-6e47-4a70-b32c-87046d71bd42-link\">11<\/a><\/sup>.<\/p>\n\n\n\n<p class=\"wp-block-paragraph\">Esta celebraci\u00f3n del a\u00f1o sab\u00e1tico est\u00e1 relacionada en <a href=\"https:\/\/biblia.com\/bible\/rvr60\/Dt31.9-13\">Deuteronomio 31:9-13<\/a> con la lectura de la Ley cada siete a\u00f1os. Cuando se hac\u00eda un pacto en la antig\u00fcedad, se sol\u00eda guardar un documento oficial en un lugar acordado mutuamente y se le\u00eda p\u00fablicamente de vez en cuando. <strong>As\u00ed tambi\u00e9n la Ley, como documento oficial de la alianza entre Dios e Israel, deb\u00eda leerse regularmente a todo el pueblo de Israel; y el tiempo se\u00f1alado para ello era el a\u00f1o sab\u00e1tico<\/strong><sup data-fn=\"e075a86b-8e82-45a9-854d-dba01eed9a82\" class=\"fn\"><a href=\"#e075a86b-8e82-45a9-854d-dba01eed9a82\" id=\"e075a86b-8e82-45a9-854d-dba01eed9a82-link\">12<\/a><\/sup><strong>.<\/strong><\/p>\n\n\n\n<h2 class=\"wp-block-heading\" id=\"observancia\">Observancia<\/h2>\n\n\n\n<p class=\"wp-block-paragraph\">La observancia del a\u00f1o sab\u00e1tico \u2014que inclu\u00eda el descanso de la tierra, la libertad de los esclavos hebreos y la cancelaci\u00f3n de las deudas de los pobres\u2014 deber\u00eda haber servido para reducir la brecha entre ricos y pobres que se hab\u00eda creado despu\u00e9s de que Israel se estableciera en Palestina.<\/p>\n\n\n\n<p class=\"wp-block-paragraph\">Sin embargo, era obviamente dif\u00edcil poner en pr\u00e1ctica una ley que beneficiaba a los pobres a expensas de los ricos, ya que quienes ten\u00edan poder e influencia en la sociedad se opon\u00edan inevitablemente a ella<sup data-fn=\"13996d7a-f806-44a4-8a32-08dc680aa1b8\" class=\"fn\"><a href=\"#13996d7a-f806-44a4-8a32-08dc680aa1b8\" id=\"13996d7a-f806-44a4-8a32-08dc680aa1b8-link\">13<\/a><\/sup>.<\/p>\n\n\n\n<p class=\"wp-block-paragraph\">Lamentablemente, parece que el a\u00f1o sab\u00e1tico no se observ\u00f3 de manera sistem\u00e1tica en los tiempos del Antiguo Testamento.<sup data-fn=\"2f4c7111-e95b-4506-8794-a51f664839d8\" class=\"fn\"><a href=\"#2f4c7111-e95b-4506-8794-a51f664839d8\" id=\"2f4c7111-e95b-4506-8794-a51f664839d8-link\">14<\/a><\/sup> De hecho, el incumplimiento por parte de Israel de la norma sobre el descanso de la tierra se menciona como uno de los pecados que provocaron su eventual exilio de la tierra prometida (v\u00e9ase <a href=\"https:\/\/biblia.com\/bible\/rvr60\/Le26.34-35\">Lev. 26:34-35<\/a>, <a href=\"https:\/\/biblia.com\/bible\/rvr60\/Le26.43\">43<\/a>; <a href=\"https:\/\/biblia.com\/bible\/rvr60\/2Ch36.21\">2 Cr. 36:21<\/a>).<\/p>\n\n\n\n<p class=\"wp-block-paragraph\">No hay pruebas directas de su observancia antes del exilio, aunque es posible que se observara en algunos per\u00edodos, por ejemplo, durante el reinado de Jos\u00edas<sup data-fn=\"b5f1f65c-4534-452d-a4c4-df1ad174aa45\" class=\"fn\"><a href=\"#b5f1f65c-4534-452d-a4c4-df1ad174aa45\" id=\"b5f1f65c-4534-452d-a4c4-df1ad174aa45-link\">15<\/a><\/sup>. Solo tenemos un caso de liberaci\u00f3n de esclavos, hacia el final de la monarqu\u00eda, cuando Jerem\u00edas record\u00f3 al pueblo de Jud\u00e1 que liberara a sus esclavos hebreos (<a href=\"https:\/\/biblia.com\/bible\/rvr60\/Je34.8-22\">Jer. 34:8-22<\/a>). Al parecer, no era una costumbre, ya que se necesit\u00f3 una profec\u00eda para persuadirles de hacerlo, y poco despu\u00e9s de la liberaci\u00f3n cambiaron de opini\u00f3n y volvieron a tomar a los esclavos.<\/p>\n\n\n\n<p class=\"wp-block-paragraph\">Solo despu\u00e9s del exilio encontramos un registro de la remisi\u00f3n de las deudas en el s\u00e9ptimo a\u00f1o, por parte de Nehem\u00edas, que fue acompa\u00f1ada de un descanso para la tierra (<a href=\"https:\/\/biblia.com\/bible\/rvr60\/Ne10.31\">Ne. 10:31<\/a>). Del mismo modo, la lectura de la Ley a todo el pueblo solo se menciona una vez, hacia el final del per\u00edodo del Antiguo Testamento, por el sacerdote Esdras (<a href=\"https:\/\/biblia.com\/bible\/rvr60\/Ne8\">Ne. 8<\/a>).<\/p>\n\n\n\n<h2 class=\"wp-block-heading\" id=\"el-ano-jubilar\">El a\u00f1o jubilar<\/h2>\n\n\n\n<h3 class=\"wp-block-heading\" id=\"terminologia-1\">Terminolog\u00eda<\/h3>\n\n\n\n<p class=\"wp-block-paragraph\">Se utilizan dos t\u00e9rminos hebreos distintivos en relaci\u00f3n con el a\u00f1o jubilar, a saber, yobel \u05d9\u05d5\u05d1\u05dc y deror \u05d3\u05e8\u05d5\u05e8.<\/p>\n\n\n\n<p class=\"wp-block-paragraph\">La mayor\u00eda de los estudiosos consideran que la palabra yobel \u05d9\u05d5\u05d1\u05dc proviene de la trompeta hecha con un cuerno de oveja que se tocaba al comienzo del a\u00f1o jubilar (<a href=\"https:\/\/biblia.com\/bible\/rvr60\/Le25.9\">Lev. 25:9<\/a>; cf. <a href=\"https:\/\/biblia.com\/bible\/rvr60\/Ex19.13\">\u00c9x. 19:13<\/a>; <a href=\"https:\/\/biblia.com\/bible\/rvr60\/Jos6.4-5\">Jos. 6:4-5<\/a>). North (1990) no est\u00e1 de acuerdo y lo relaciona con el verbo y-b-l (\u00abtraer de vuelta, conducir\u00bb, <a href=\"https:\/\/biblia.com\/bible\/rvr60\/Is55.12\">Is. 55:12<\/a>; <a href=\"https:\/\/biblia.com\/bible\/rvr60\/Jer31.9\">Jer. 31:9<\/a>). Esta sugerencia se ve respaldada por la traducci\u00f3n de yobel en la Septuaginta como aphesis (\u00abliberaci\u00f3n\u00bb), y Josefo le da el significado de \u00ablibertad\u00bb. Pero sea cual sea su etimolog\u00eda, est\u00e1 bastante claro que la referencia principal de la palabra yobel es la observancia israelita del quincuag\u00e9simo a\u00f1o (<a href=\"https:\/\/biblia.com\/bible\/rvr60\/Le25.10\">Lev. 25:10<\/a>).<\/p>\n\n\n\n<p class=\"wp-block-paragraph\">La palabra deror est\u00e1 relacionada con anduraru (\u00abliberaci\u00f3n\u00bb) en acadio, y en el Antiguo Testamento significa \u00abliberaci\u00f3n\u00bb o \u00ablibertad\u00bb, especialmente en el contexto del a\u00f1o jubilar (<a href=\"https:\/\/biblia.com\/bible\/rvr60\/Le25.10\">Lev. 25:10<\/a>; <a href=\"https:\/\/biblia.com\/bible\/rvr60\/Is61.1\">Is. 61:1<\/a>; <a href=\"https:\/\/biblia.com\/bible\/rvr60\/Jer34.8\">Jer. 34:8<\/a>; <a href=\"https:\/\/biblia.com\/bible\/rvr60\/Ez46.17\">Ez. 46:17<\/a>).<sup data-fn=\"fa001005-67b2-41a7-838f-8282adb525fe\" class=\"fn\"><a href=\"#fa001005-67b2-41a7-838f-8282adb525fe\" id=\"fa001005-67b2-41a7-838f-8282adb525fe-link\">16<\/a><\/sup><\/p>\n\n\n\n<figure class=\"wp-block-image aligncenter size-large is-resized\"><a href=\"https:\/\/i0.wp.com\/atravesdelasescrituras.com\/wp-content\/uploads\/2025\/07\/2019681_univ_cnt_1_xl.jpg?ssl=1\"><img data-recalc-dims=\"1\" decoding=\"async\" width=\"900\" height=\"506\" data-attachment-id=\"54129\" data-permalink=\"https:\/\/atravesdelasescrituras.com\/es_es\/2025\/07\/06\/el-jubileo-y-el-milenio\/2019681_univ_cnt_1_xl\/\" data-orig-file=\"https:\/\/atravesdelasescrituras.com\/wp-content\/uploads\/2025\/07\/2019681_univ_cnt_1_xl.jpg\" data-orig-size=\"900,506\" data-comments-opened=\"1\" data-image-meta=\"{&quot;aperture&quot;:&quot;0&quot;,&quot;credit&quot;:&quot;&quot;,&quot;camera&quot;:&quot;&quot;,&quot;caption&quot;:&quot;&quot;,&quot;created_timestamp&quot;:&quot;0&quot;,&quot;copyright&quot;:&quot;&quot;,&quot;focal_length&quot;:&quot;0&quot;,&quot;iso&quot;:&quot;0&quot;,&quot;shutter_speed&quot;:&quot;0&quot;,&quot;title&quot;:&quot;&quot;,&quot;orientation&quot;:&quot;0&quot;}\" data-image-title=\"2019681_univ_cnt_1_xl\" data-image-description=\"\" data-image-caption=\"\" data-large-file=\"https:\/\/atravesdelasescrituras.com\/wp-content\/uploads\/2025\/07\/2019681_univ_cnt_1_xl.jpg\" src=\"https:\/\/i0.wp.com\/atravesdelasescrituras.com\/wp-content\/uploads\/2025\/07\/2019681_univ_cnt_1_xl.jpg?resize=900%2C506&#038;ssl=1\" alt=\"\" class=\"wp-image-54129\" style=\"aspect-ratio:1.7786792865193175;width:426px;height:auto\" \/><\/a><\/figure>\n\n\n\n<h2 class=\"wp-block-heading\" id=\"legislacion\">Legislaci\u00f3n<\/h2>\n\n\n\n<p class=\"wp-block-paragraph\">La legislaci\u00f3n sobre el jubileo se establece en <a href=\"https:\/\/biblia.com\/bible\/rvr60\/Le25\">Lev\u00edtico 25<\/a>, precedida por un resumen de las normas para el a\u00f1o sab\u00e1tico (<a href=\"https:\/\/biblia.com\/bible\/rvr60\/Le25.2-7\">vv. 2-7)<\/a>. Despu\u00e9s de siete ciclos de siete a\u00f1os (<a href=\"https:\/\/biblia.com\/bible\/rvr60\/Le25.8\">v. 8<\/a>), el quincuag\u00e9simo a\u00f1o se designa como un a\u00f1o sab\u00e1tico adicional, una especie de \u00absuper-sab\u00e1tico\u00bb (<a href=\"https:\/\/biblia.com\/bible\/rvr60\/Le25.10\">v. 10<\/a>):<\/p>\n\n\n\n<blockquote class=\"wp-block-quote is-layout-flow wp-block-quote-is-layout-flow\">\n<p class=\"wp-block-paragraph\">Consagra el a\u00f1o cincuenta y proclama libertad en toda la tierra a todos sus habitantes. Ser\u00e1 para vosotros un jubileo: cada uno de vosotros volver\u00e1 a la propiedad de su familia y cada uno a su clan. (NVI)<\/p>\n\n\n\n<p class=\"wp-block-paragraph\">Santificar\u00e9is el a\u00f1o cincuenta y proclamar\u00e9is libertad en toda la tierra a todos sus habitantes. Ser\u00e1 para vos un jubileo: cada uno de vosotros volver\u00e1 a su propiedad y cada uno de vosotros a su familia. (NRSV)<\/p>\n<\/blockquote>\n\n\n\n<p class=\"wp-block-paragraph\">En ese a\u00f1o se proclamar\u00e1 la libertad (deror \u05d3\u05e8\u05d5\u05e8) para (casi<sup data-fn=\"a21672c2-9329-4d75-90aa-9a1ddb3f17ad\" class=\"fn\"><a href=\"#a21672c2-9329-4d75-90aa-9a1ddb3f17ad\" id=\"a21672c2-9329-4d75-90aa-9a1ddb3f17ad-link\">17<\/a><\/sup>) todos los habitantes de la tierra <a href=\"https:\/\/biblia.com\/bible\/rvr60\/Le25.10\">(v. 10a<\/a>).<\/p>\n\n\n\n<p class=\"wp-block-paragraph\">Al igual que en el a\u00f1o sab\u00e1tico, no se sembrar\u00e1 la tierra durante el a\u00f1o del jubileo <a href=\"https:\/\/biblia.com\/bible\/rvr60\/Le25.11-12\">vv. 11-12<\/a>. Adem\u00e1s, la tierra que haya cambiado de manos ser\u00e1 devuelta a su propietario original (<a href=\"https:\/\/biblia.com\/bible\/rvr60\/Le25.10\">vv. 10b<\/a>, <a href=\"https:\/\/biblia.com\/bible\/rvr60\/Le25.13\">13<\/a>), excepto en las ciudades (<a href=\"https:\/\/biblia.com\/bible\/rvr60\/Le25.29-30\">vv. 29-30<\/a>). En la situaci\u00f3n socioecon\u00f3mica de la ciudad, una casa y la tierra en la que se encuentra solo pueden ser rescatadas en el primer a\u00f1o despu\u00e9s de su venta, y si no se rescatan en ese plazo, pasan a ser propiedad permanente del comprador. Esta excepci\u00f3n no se aplica en las ciudades lev\u00edticas (<a href=\"https:\/\/biblia.com\/bible\/rvr60\/Le25.32-34\">vv. 32-34<\/a>), porque esas ciudades son la \u00fanica tierra que poseen (<a href=\"https:\/\/biblia.com\/bible\/rvr60\/Nu35.10\">N\u00fam. 35:10<\/a>).<\/p>\n\n\n\n<p class=\"wp-block-paragraph\">Esta norma significa aparentemente que deben observarse dos a\u00f1os sab\u00e1ticos consecutivos (el 49\u00ba y el 50\u00ba), lo que plantea la cuesti\u00f3n de si ser\u00eda factible que la tierra permaneciera sin sembrar durante dos a\u00f1os consecutivos. Una sugerencia es que el a\u00f1o jubilar es, de hecho, el cuadrag\u00e9simo noveno a\u00f1o, que seg\u00fan el c\u00f3mputo inclusivo se denomina quincuag\u00e9simo a\u00f1o<sup data-fn=\"53bfd256-e6b3-46fd-a4df-52240361e5c8\" class=\"fn\"><a href=\"#53bfd256-e6b3-46fd-a4df-52240361e5c8\" id=\"53bfd256-e6b3-46fd-a4df-52240361e5c8-link\">18<\/a><\/sup>.<\/p>\n\n\n\n<p class=\"wp-block-paragraph\">El c\u00f3mputo inclusivo, que cuenta el primer y el \u00faltimo elemento de un per\u00edodo de tiempo, era sin duda com\u00fan en el antiguo Israel (cf. <a href=\"https:\/\/biblia.com\/bible\/rvr60\/Jn20.26\">Jn 20:26<\/a>, donde \u00abocho d\u00edas\u00bb es el c\u00f3mputo inclusivo de una semana, y la tradici\u00f3n del NT de que Jes\u00fas resucit\u00f3 \u00abal tercer d\u00eda\u00bb, que era dos d\u00edas despu\u00e9s de haber sido crucificado). Otra sugerencia es que el quincuag\u00e9simo a\u00f1o es un \u00aba\u00f1o\u00bb intercalar, insertado en el calendario para armonizar el a\u00f1o lunar con el a\u00f1o solar, y su duraci\u00f3n es de solo 49 d\u00edas (cf. <a href=\"https:\/\/biblia.com\/bible\/rvr60\/Le25.8\">Lev. 25:8<\/a>; v\u00e9ase Hoenig 1969; Wenham 1979).<\/p>\n\n\n\n<p class=\"wp-block-paragraph\">Su funci\u00f3n ser\u00eda comparable a la del d\u00eda adicional que se inserta cada a\u00f1o bisiesto en el calendario juliano. Pero incluso si el c\u00e1lculo correcto es incierto, no hay falta de claridad sobre las medidas sociales que deben tomarse en el a\u00f1o jubilar ni sobre su significado teol\u00f3gico.<\/p>\n\n\n\n<p class=\"wp-block-paragraph\">Uno de los temas m\u00e1s importantes para comprender el a\u00f1o jubilar es la libertad, y Ezequiel se refiere a \u00e9l como el \u00aba\u00f1o de la libertad\u00bb (<a href=\"https:\/\/biblia.com\/bible\/rvr60\/Ez46.17\">Ez. 46:17<\/a>, NVI). El pueblo de Israel ha sido liberado por el Se\u00f1or Dios de la esclavitud en Egipto y, a partir de entonces, no debe ser esclavizado por nadie, porque se ha convertido en esclavo de Dios (<a href=\"https:\/\/biblia.com\/bible\/rvr60\/Le25.39\">Lev. 25:39<\/a>, <a href=\"https:\/\/biblia.com\/bible\/rvr60\/Le25.42\">42<\/a>, <a href=\"https:\/\/biblia.com\/bible\/rvr60\/Le25.55\">55<\/a>).<\/p>\n\n\n\n<p class=\"wp-block-paragraph\"><a href=\"https:\/\/biblia.com\/bible\/rvr60\/Le25\">Lev\u00edtico 25<\/a> estipula que si un israelita se empobrece hasta el punto de convertirse en esclavo de otro israelita (<a href=\"https:\/\/biblia.com\/bible\/rvr60\/Le25.39-40\">vv. 39-40<\/a>), en el a\u00f1o jubilar debe ser liberado de esa servidumbre y volver a su familia y a sus propiedades (<a href=\"https:\/\/biblia.com\/bible\/rvr60\/Le25.41\">v. 41<\/a>). Y si se vendiera a un extranjero o a un residente temporal (<a href=\"https:\/\/biblia.com\/bible\/rvr60\/Le25.47\">v. 47<\/a>), solo se permitir\u00eda con la condici\u00f3n de que \u00e9l y su familia conservaran el derecho de redenci\u00f3n (<a href=\"https:\/\/biblia.com\/bible\/rvr60\/Le25.48-52\">vv. 48-52<\/a>). As\u00ed pues, tambi\u00e9n tiene la condici\u00f3n de siervo, aunque en la pr\u00e1ctica eso puede no ser muy diferente de ser esclavo (<a href=\"https:\/\/biblia.com\/bible\/rvr60\/Le25.53\">v. 53<\/a>). Si no es redimido antes, en el a\u00f1o del jubileo se le debe permitir ir libre sin pago alguno (<a href=\"https:\/\/biblia.com\/bible\/rvr60\/Le25.54\">v. 54<\/a>).<sup data-fn=\"465d1b79-753a-4a02-a180-da08b9645bd7\" class=\"fn\"><a href=\"#465d1b79-753a-4a02-a180-da08b9645bd7\" id=\"465d1b79-753a-4a02-a180-da08b9645bd7-link\">19<\/a><\/sup><\/p>\n\n\n\n<p class=\"wp-block-paragraph\">Todas las normas del a\u00f1o sab\u00e1tico se aplican tambi\u00e9n al a\u00f1o jubilar, pero la caracter\u00edstica distintiva del jubileo es la restituci\u00f3n de la tierra al propietario designado por Dios cuando Israel tom\u00f3 posesi\u00f3n de la tierra prometida<sup data-fn=\"fd5fb1bc-8156-4590-ba60-cf76611e8813\" class=\"fn\"><a href=\"#fd5fb1bc-8156-4590-ba60-cf76611e8813\" id=\"fd5fb1bc-8156-4590-ba60-cf76611e8813-link\">20<\/a><\/sup>.<\/p>\n\n\n\n<p class=\"wp-block-paragraph\">La tierra que se haya vendido debe ser rescatada en la primera oportunidad por el miembro m\u00e1s cercano de la familia (<a href=\"https:\/\/biblia.com\/bible\/rvr60\/Le25.24-25\">Lev. 25:24-25<\/a>; cf. <a href=\"https:\/\/biblia.com\/bible\/rvr60\/Ru4\">Rut 4<\/a>; <a href=\"https:\/\/biblia.com\/bible\/rvr60\/Je32.7-10\">Jer. 32:7-10<\/a>), y si eso no ocurre, la persona que vendi\u00f3 la tierra conserva el derecho de rescatarla m\u00e1s adelante si llega a estar en condiciones de hacerlo (<a href=\"https:\/\/biblia.com\/bible\/rvr60\/Le25.26-27\">vv. 26-27<\/a>). <sup data-fn=\"e77c93d5-5b30-43f4-aec9-9b1998c7c54e\" class=\"fn\"><a href=\"#e77c93d5-5b30-43f4-aec9-9b1998c7c54e\" id=\"e77c93d5-5b30-43f4-aec9-9b1998c7c54e-link\">21<\/a><\/sup> Pero si ninguna de estas disposiciones logra restituir la tierra, en el a\u00f1o del jubileo debe ser devuelta a su propietario original (<a href=\"https:\/\/biblia.com\/bible\/rvr60\/Le25.28\">v. 28<\/a>).<sup data-fn=\"2592b231-3ef6-481d-9177-9282d389992d\" class=\"fn\"><a href=\"#2592b231-3ef6-481d-9177-9282d389992d\" id=\"2592b231-3ef6-481d-9177-9282d389992d-link\">22<\/a><\/sup><\/p>\n\n\n\n<p class=\"wp-block-paragraph\">Esta norma significa efectivamente que en el antiguo Israel la tierra no se vend\u00eda, sino que simplemente se arrendaba hasta el a\u00f1o del jubileo. As\u00ed, cualquiera que se empobreciera y se viera obligado a \u00abvender\u00bb su tierra, la recuperar\u00eda a m\u00e1s tardar en el a\u00f1o cincuenta. Esto ten\u00eda un fundamento teol\u00f3gico: la tierra pertenec\u00eda a Dios (<a href=\"https:\/\/biblia.com\/bible\/rvr60\/Le25.23\">Lev. 25:23<\/a>; cf. <a href=\"https:\/\/biblia.com\/bible\/rvr60\/Ex15.13\">Ex. 15:13<\/a>, <a href=\"https:\/\/biblia.com\/bible\/rvr60\/Ex15.17\">17<\/a>). \u00c9l se la hab\u00eda dado a su pueblo Israel (<a href=\"https:\/\/biblia.com\/bible\/rvr60\/Gn15.7\">Gn. 15:7<\/a>; <a href=\"https:\/\/biblia.com\/bible\/rvr60\/Ex6.3\">Ex. 6:3<\/a>; <a href=\"https:\/\/biblia.com\/bible\/rvr60\/Le20.24\">Lev. 20:24<\/a>; <a href=\"https:\/\/biblia.com\/bible\/rvr60\/Le25.38\">25:38<\/a>; <a href=\"https:\/\/biblia.com\/bible\/rvr60\/Dt5.16\">Dt. 5:16<\/a>), y ellos viv\u00edan all\u00ed como residentes temporales, no como propietarios absolutos (<a href=\"https:\/\/biblia.com\/bible\/rvr60\/1Cr29.15\">1 Cr. 29:15<\/a>; <a href=\"https:\/\/biblia.com\/bible\/rvr60\/Sal39.12\">Sal. 39:12<\/a>; cf. <a href=\"https:\/\/biblia.com\/bible\/rvr60\/Heb11.13\">Heb. 11:13<\/a>).<\/p>\n\n\n\n<p class=\"wp-block-paragraph\">La tierra fue distribuida a cada tribu y clan cuando Israel entr\u00f3 en Palestina (<a href=\"https:\/\/biblia.com\/bible\/rvr60\/Jos14-21\">Josu\u00e9 14-21<\/a>), de acuerdo con el mandato de Dios a Mois\u00e9s (<a href=\"https:\/\/biblia.com\/bible\/rvr60\/Nu26.52-56\">N\u00fam 26:52-56<\/a>; <a href=\"https:\/\/biblia.com\/bible\/rvr60\/Nu34\">N\u00fam 34<\/a>), y por lo tanto la herencia de una persona no pod\u00eda ser tomada por otra (<a href=\"https:\/\/biblia.com\/bible\/rvr60\/1Re21.3\">1 Reyes 21:3<\/a>). Esta actitud es claramente diferente de la de los anteriores habitantes de Palestina con respecto a la tierra. <\/p>\n\n\n\n<p class=\"wp-block-paragraph\">Abraham, por ejemplo, compr\u00f3 un terreno para enterrar a su madre a Efr\u00f3n el hitita (<a href=\"https:\/\/biblia.com\/bible\/rvr60\/Gn23\">G\u00e9nesis 23<\/a>) y David compr\u00f3 un terreno para construir un altar a Ara\u00fana el jebuseo (<a href=\"https:\/\/biblia.com\/bible\/rvr60\/2Sam24.18-25\">2 Samuel 24:18-25<\/a>). Esto no les supuso ning\u00fan problema, ya que se entend\u00eda simplemente como una transacci\u00f3n comercial.<\/p>\n\n\n\n<p class=\"wp-block-paragraph\">Esto tambi\u00e9n ten\u00eda como corolario que una hija que heredaba tierras (cf. <a href=\"https:\/\/biblia.com\/bible\/rvr60\/Nu27.1-8\">N\u00fam. 27:1-8<\/a>) deb\u00eda casarse dentro de su propia tribu (<a href=\"https:\/\/biblia.com\/bible\/rvr60\/Nu36.1-12\">N\u00fam. 36:1-12<\/a>), para que su parte de la tierra no pasara a ser propiedad de otra tribu (v. 7). Si una mujer heredaba tierras y luego se casaba fuera de su propia tribu, esas tierras pasaban a ser propiedad de la tribu de su marido y no se le devolv\u00edan en el a\u00f1o del jubileo (<a href=\"https:\/\/biblia.com\/bible\/rvr60\/Nu36.3-4\">N\u00fameros 36:3-4<\/a>).<\/p>\n\n\n\n<p class=\"wp-block-paragraph\">Seg\u00fan Wenham<sup data-fn=\"2d093afc-7afe-45b4-90cd-79d6aedc499e\" class=\"fn\"><a href=\"#2d093afc-7afe-45b4-90cd-79d6aedc499e\" id=\"2d093afc-7afe-45b4-90cd-79d6aedc499e-link\">23<\/a><\/sup> (1979), el objetivo principal de esta legislaci\u00f3n era evitar la quiebra y reducir la brecha entre ricos y pobres que comenz\u00f3 a aparecer durante la monarqu\u00eda. Esto no se consegu\u00eda simplemente apelando a los ricos para que se convirtieran en benefactores y dieran parte de su excedente a los pobres; el concepto de jubileo inclu\u00eda un mecanismo legal para ordenar los derechos de propiedad de acuerdo con la justicia social (Sider 1978; p. 80).<\/p>\n\n\n\n<p class=\"wp-block-paragraph\">En particular, todo pobre ten\u00eda derecho a recuperar su patrimonio en el a\u00f1o cincuenta; y si se hab\u00eda convertido en trabajador esclavo, deb\u00eda ser liberado sin pago alguno para que pudiera regresar con su familia y a sus tierras.<\/p>\n\n\n\n<p class=\"wp-block-paragraph\">La Tor\u00e1 no propone un ideal seg\u00fan el cual todo el mundo tenga los mismos bienes e ingresos, el mismo grado de riqueza. M\u00e1s bien asume que la riqueza impone obligaciones a las personas. Los agricultores a los que les va bien no deben hacer de eso la base para ampliar sus explotaciones, sino la base para ayudar a los que no les va bien, sin preguntarse por qu\u00e9 fracasaron. Lo que hacen los ricos es hacerse cargo temporalmente de las tierras de los agricultores fracasados. Deben hacerlo de forma justa teniendo en cuenta d\u00f3nde se encuentra la gente en relaci\u00f3n con el jubileo anterior y el siguiente. Mientras tanto, se encargar\u00e1n de que las tierras se cultiven adecuadamente. Sus propietarios nominales trabajar\u00e1n ahora m\u00e1s como empleados que como propietarios de la tierra.<\/p>\n\n\n\n<p class=\"wp-block-paragraph\">Puede parecer que las normas del a\u00f1o santo en Israel eran poco realistas desde el punto de vista econ\u00f3mico. De hecho, los escritores b\u00edblicos anticiparon que algunos se opondr\u00edan a una legislaci\u00f3n tan radical (<a href=\"https:\/\/biblia.com\/bible\/rvr60\/Le25.20\">Lev. 25:20<\/a>; cf. <a href=\"https:\/\/biblia.com\/bible\/rvr60\/Dt15.9\">Dt. 15:9<\/a>).<\/p>\n\n\n\n<p class=\"wp-block-paragraph\">No pueden producirse mejoras radicales en la situaci\u00f3n de los pobres sin que haya p\u00e9rdidas por parte de los ricos, porque es necesario nivelar si se quiere que todos tengan lo suficiente. A pesar de lo que suelen decir los defensores de la teolog\u00eda de la prosperidad, la fidelidad a Dios no conduce necesariamente a la riqueza en el sentido mundano (cf. Jackson 1989; Herlianto 1992; Nicholls 1996). <\/p>\n\n\n\n<p class=\"wp-block-paragraph\">No obstante, las normas para el a\u00f1o santo van acompa\u00f1adas de una promesa aplicable en este mundo, seg\u00fan la cual quienes las cumplan ser\u00e1n bendecidos por Dios con seguridad (<a href=\"https:\/\/biblia.com\/bible\/rvr60\/Le25.18\">v. 18<\/a>) y una cosecha adecuada (<a href=\"https:\/\/biblia.com\/bible\/rvr60\/Le25.19\">v. 19<\/a>). La promesa se desarrolla en <a href=\"https:\/\/biblia.com\/bible\/rvr60\/Le26.3-13\">Lev\u00edtico 26:3-13<\/a> y <a href=\"https:\/\/biblia.com\/bible\/rvr60\/Dt28.1-14\">Deuteronomio 28:1-14<\/a>.<\/p>\n\n\n\n<p class=\"wp-block-paragraph\">Los estudiosos discrepan sobre el origen de la instituci\u00f3n del jubileo y sobre si las normas que lo regulan proceden de los primeros tiempos de Israel o de despu\u00e9s del exilio.<sup data-fn=\"56d8807a-291e-4e9e-a537-c38f392b4a92\" class=\"fn\"><a href=\"#56d8807a-291e-4e9e-a537-c38f392b4a92\" id=\"56d8807a-291e-4e9e-a537-c38f392b4a92-link\">24<\/a><\/sup> Hay claros paralelismos en la antigua Mesopotamia, en particular en los decretos reales para el establecimiento de andurarum (\u00abliberaci\u00f3n, liberaci\u00f3n\u00bb, cf. hebreo deror) y minarum (\u00abjusticia, equidad\u00bb), que eran proclamados de vez en cuando por los reyes que quer\u00edan mostrar su favor a su pueblo (Weinfeld 1995: cap. 4, 8; cf. Lemche 1976: 1979).<\/p>\n\n\n\n<p class=\"wp-block-paragraph\">Estos decretos pod\u00edan incluir medidas tales como la cancelaci\u00f3n de deudas, la liberaci\u00f3n de la esclavitud, la devoluci\u00f3n de propiedades hipotecadas y la amnist\u00eda para los prisioneros. As\u00ed pues, las disposiciones del a\u00f1o jubilar no eran in\u00e9ditas en el antiguo Oriente Pr\u00f3ximo, pero la idea de celebrarlo de forma recurrente cada cincuenta a\u00f1os parece haber sido exclusiva de Israel. <\/p>\n\n\n\n<p class=\"wp-block-paragraph\">Los reyes mesopot\u00e1micos pod\u00edan instituir reformas y mostrar favor a sus s\u00fabditos si les plac\u00eda, pero se esperaba que el pueblo de Israel tomara medidas espec\u00edficas para promover la justicia social y la igualdad en los momentos se\u00f1alados por la ley, independientemente de que les conviniera o no (cf. Hallo 1977: pp. 15-16)<\/p>\n\n\n\n<h2 class=\"wp-block-heading\" id=\"observancia\">Observancia<\/h2>\n\n\n\n<p class=\"wp-block-paragraph\">Al igual que en el caso del a\u00f1o sab\u00e1tico, debemos considerar hasta qu\u00e9 punto se observaba realmente el a\u00f1o jubilar en el antiguo Israel. De Vaux (1961: pp. 175-77) opina que se trata de una norma idealista que nunca se llev\u00f3 a la pr\u00e1ctica, mientras que van Selms (1976) cree que el a\u00f1o jubilar se observaba, pero solo de forma irregular. Westbrook (1991: pp. 38-52) concluye que las normas del jubileo reflejan una instituci\u00f3n que se observaba de vez en cuando, como tambi\u00e9n ocurr\u00eda en la antigua Mesopotamia, pero no regularmente cada cincuenta a\u00f1os.<\/p>\n\n\n\n<p class=\"wp-block-paragraph\">Hay que admitir que hay pocas pruebas en el Antiguo Testamento de la observancia del a\u00f1o jubilar.<sup data-fn=\"00d06cf8-97a1-495c-b2f7-2f637b3d650b\" class=\"fn\"><a href=\"#00d06cf8-97a1-495c-b2f7-2f637b3d650b\" id=\"00d06cf8-97a1-495c-b2f7-2f637b3d650b-link\">25<\/a><\/sup> En los libros hist\u00f3ricos no se menciona, excepto quiz\u00e1s en<a href=\"https:\/\/biblia.com\/bible\/rvr60\/2Ki19.29\"> 2 Reyes 19:29<\/a>. En los escritos prof\u00e9ticos solo hay tres referencias: <a href=\"https:\/\/biblia.com\/bible\/rvr60\/Is37.30\">Isa\u00edas 37:30<\/a> (= <a href=\"https:\/\/biblia.com\/bible\/rvr60\/2Ki19.29\">2 Re. 19:29<\/a>). <a href=\"https:\/\/biblia.com\/bible\/rvr60\/Eze46.17\">Ezekiel 46:17<\/a> (sobre el futuro, no sobre la \u00e9poca de Ezekiel) e <a href=\"https:\/\/biblia.com\/bible\/rvr60\/Is61.1-2\">Isa\u00edas 61:1-2<\/a> <sup data-fn=\"eb9a41d1-856a-497a-a8d6-d6cfbdca3433\" class=\"fn\"><a href=\"#eb9a41d1-856a-497a-a8d6-d6cfbdca3433\" id=\"eb9a41d1-856a-497a-a8d6-d6cfbdca3433-link\">26<\/a><\/sup>. Por otra parte, como se\u00f1ala Hartley (1992: p. 429), el jubileo solo se celebraba cada cincuenta a\u00f1os, por lo que no habr\u00eda ninguna raz\u00f3n para mencionarlo a menos que tuviera lugar un acontecimiento particular durante el a\u00f1o jubilar (y solo entonces si ese hecho se consideraba significativo).<\/p>\n\n\n\n<figure class=\"wp-block-image alignright size-large is-resized\"><a href=\"https:\/\/i0.wp.com\/atravesdelasescrituras.com\/wp-content\/uploads\/2025\/07\/71fhpktag1l._uf10001000_ql80_-2.jpg?ssl=1\"><img data-recalc-dims=\"1\" decoding=\"async\" width=\"667\" height=\"1000\" data-attachment-id=\"54133\" data-permalink=\"https:\/\/atravesdelasescrituras.com\/es_es\/2025\/07\/06\/el-jubileo-y-el-milenio\/71fhpktag1l-_uf10001000_ql80_-3\/\" data-orig-file=\"https:\/\/atravesdelasescrituras.com\/wp-content\/uploads\/2025\/07\/71fhpktag1l._uf10001000_ql80_-2.jpg\" data-orig-size=\"667,1000\" data-comments-opened=\"1\" data-image-meta=\"{&quot;aperture&quot;:&quot;0&quot;,&quot;credit&quot;:&quot;&quot;,&quot;camera&quot;:&quot;&quot;,&quot;caption&quot;:&quot;&quot;,&quot;created_timestamp&quot;:&quot;0&quot;,&quot;copyright&quot;:&quot;&quot;,&quot;focal_length&quot;:&quot;0&quot;,&quot;iso&quot;:&quot;0&quot;,&quot;shutter_speed&quot;:&quot;0&quot;,&quot;title&quot;:&quot;&quot;,&quot;orientation&quot;:&quot;0&quot;}\" data-image-title=\"71FHpkTAG1L._UF1000,1000_QL80_\" data-image-description=\"\" data-image-caption=\"\" data-large-file=\"https:\/\/atravesdelasescrituras.com\/wp-content\/uploads\/2025\/07\/71fhpktag1l._uf10001000_ql80_-2.jpg\" src=\"https:\/\/i0.wp.com\/atravesdelasescrituras.com\/wp-content\/uploads\/2025\/07\/71fhpktag1l._uf10001000_ql80_-2.jpg?resize=667%2C1000&#038;ssl=1\" alt=\"\" class=\"wp-image-54133\" style=\"width:219px;height:auto\" \/><\/a><\/figure>\n\n\n\n<p class=\"wp-block-paragraph\">Los Pseudep\u00edgrafos contienen un libro titulado \u00abJubileos\u00bb, escrito en el siglo II a. C., pero la idea del jubileo solo se utiliza en \u00e9l para dividir la historia del mundo en per\u00edodos de siete veces siete a\u00f1os, y el libro no contiene ninguna prueba de que la observancia del a\u00f1o jubilar fuera una realidad en aquella \u00e9poca.<\/p>\n\n\n\n<p class=\"wp-block-paragraph\">Josefo se refiere al a\u00f1o jubilar, pero no aclara si la instituci\u00f3n se observaba realmente (Fager 1993: p. 35). La tradici\u00f3n jud\u00eda, tal y como se conserva en el Talmud, asum\u00eda que los a\u00f1os sab\u00e1ticos y jubilares se observaban regularmente en Israel hasta el exilio; pero despu\u00e9s de eso, el a\u00f1o jubilar dej\u00f3 de tener relevancia porque los jud\u00edos ya no viv\u00edan en las propiedades familiares que les hab\u00edan sido asignadas cuando entraron por primera vez en la tierra prometida (Safrai 1972: Fager 1993: p. 36). Los padres de la Iglesia, por su parte, tend\u00edan a interpretar el jubileo de forma aleg\u00f3rica o mesi\u00e1nica (ib\u00edd.).<\/p>\n\n\n\n<p class=\"wp-block-paragraph\">Parecer\u00eda que el a\u00f1o jubilar no se observaba regularmente en el antiguo Israel. Sin embargo, los valores consagrados en la instituci\u00f3n eran claramente importantes para el pueblo. Entend\u00edan la tierra como propiedad familiar, bas\u00e1ndose en su convicci\u00f3n de que la tierra hab\u00eda sido dada por el Se\u00f1or Dios a su pueblo. Por lo tanto, eran reacios a comprar y vender tierras, aunque sin duda esto ocurr\u00eda en ocasiones; y hay varios ejemplos de redenci\u00f3n de la propiedad familiar en el Antiguo Testamento. <\/p>\n\n\n\n<p class=\"wp-block-paragraph\">Tambi\u00e9n era importante en el antiguo Israel el principio de la libertad de cada miembro del pueblo, aunque no siempre era una realidad y, en la pr\u00e1ctica, algunos israelitas se convert\u00edan en esclavos y trabajadores servidos. No podemos estar seguros de si eran liberados en momentos espec\u00edficos, como estipulaban las normas para el a\u00f1o santo.<\/p>\n\n\n\n<h2 class=\"wp-block-heading\" id=\"el-ano-de-la-gracia-del-senor\">El a\u00f1o de la gracia del Se\u00f1or<\/h2>\n\n\n\n<h3 class=\"wp-block-heading\" id=\"isaias-61\">Isa\u00edas 61<\/h3>\n\n\n\n<p class=\"wp-block-paragraph\">Aparte de los a\u00f1os sab\u00e1ticos y jubilares, tambi\u00e9n existe lo que se describe en <a href=\"https:\/\/biblia.com\/bible\/rvr60\/Is61.1-2\">Isa\u00edas 61:1-2a<\/a> como \u00abel a\u00f1o de la gracia del Se\u00f1or\u00bb. En este texto, el profeta reinterpreta el a\u00f1o jubilar de forma escatol\u00f3gica:<\/p>\n\n\n\n<blockquote class=\"wp-block-quote is-layout-flow wp-block-quote-is-layout-flow\">\n<p class=\"wp-block-paragraph\">El Esp\u00edritu del Se\u00f1or omnipotente est\u00e1 sobre m\u00ed,<br>porque el Se\u00f1or me ha ungido<br>para anunciar buenas nuevas a los pobres.<br>Me ha enviado a vendar a los quebrantados de coraz\u00f3n,<br>a proclamar libertad a los cautivos<br>y liberaci\u00f3n a los prisioneros,<br>a proclamar el a\u00f1o de la gracia del Se\u00f1or<br>y el d\u00eda de la venganza de nuestro Dios. (NVI)<\/p>\n<\/blockquote>\n\n\n\n<blockquote class=\"wp-block-quote is-layout-flow wp-block-quote-is-layout-flow\">\n<p class=\"wp-block-paragraph\">El esp\u00edritu del Se\u00f1or Dios est\u00e1 sobre m\u00ed,<br>porque el Se\u00f1or me ha ungido:<br>Me ha enviado a llevar buenas noticias a los oprimidos,<br>a vendar a los quebrantados de coraz\u00f3n,<br>a proclamar libertad a los cautivos<br>y liberaci\u00f3n a los prisioneros,<br>a proclamar el a\u00f1o favorable del Se\u00f1or<br>y el d\u00eda de la venganza de nuestro Dios. (NRSV)<\/p>\n<\/blockquote>\n\n\n\n<p class=\"wp-block-paragraph\">La era mesi\u00e1nica<sup data-fn=\"be76bcac-168e-417f-b0ca-ccd780135e36\" class=\"fn\"><a href=\"#be76bcac-168e-417f-b0ca-ccd780135e36\" id=\"be76bcac-168e-417f-b0ca-ccd780135e36-link\">27<\/a><\/sup> se describe como \u00abel a\u00f1o de la bondad del Se\u00f1or\u00bb (<a href=\"https:\/\/biblia.com\/bible\/rvr60\/Is61.2\">v. 2a<\/a>), una idea que se inspira, al menos en parte, en la del jubileo. Una de las tareas del profeta es \u00abproclamar la libertad\u00bb (qara deror, v. lc), una frase distintiva que se encuentra en las normas del jubileo (<a href=\"https:\/\/biblia.com\/bible\/rvr60\/Le25.10\">Lev. 25:10<\/a>).<sup data-fn=\"ce48b74e-d131-4cae-ae56-9bd6b473790c\" class=\"fn\"><a href=\"#ce48b74e-d131-4cae-ae56-9bd6b473790c\" id=\"ce48b74e-d131-4cae-ae56-9bd6b473790c-link\">28<\/a><\/sup> En la era mesi\u00e1nica, seg\u00fan el mensaje del profeta, los pobres y oprimidos ser\u00e1n liberados de su sufrimiento (<a href=\"https:\/\/biblia.com\/bible\/rvr60\/Is61.2-9\">Is. 61:2b-9<\/a>).<\/p>\n\n\n\n<figure class=\"wp-block-image aligncenter size-large is-resized is-style-rounded\"><a href=\"https:\/\/i0.wp.com\/atravesdelasescrituras.com\/wp-content\/uploads\/2025\/07\/0620390bbf6936b7ed7748138007cc4d.jpeg?ssl=1\"><img data-recalc-dims=\"1\" loading=\"lazy\" decoding=\"async\" width=\"637\" height=\"406\" data-attachment-id=\"54135\" data-permalink=\"https:\/\/atravesdelasescrituras.com\/es_es\/2025\/07\/06\/el-jubileo-y-el-milenio\/0620390bbf6936b7ed7748138007cc4d\/\" data-orig-file=\"https:\/\/atravesdelasescrituras.com\/wp-content\/uploads\/2025\/07\/0620390bbf6936b7ed7748138007cc4d.jpeg\" data-orig-size=\"637,406\" data-comments-opened=\"1\" data-image-meta=\"{&quot;aperture&quot;:&quot;0&quot;,&quot;credit&quot;:&quot;&quot;,&quot;camera&quot;:&quot;&quot;,&quot;caption&quot;:&quot;&quot;,&quot;created_timestamp&quot;:&quot;0&quot;,&quot;copyright&quot;:&quot;&quot;,&quot;focal_length&quot;:&quot;0&quot;,&quot;iso&quot;:&quot;0&quot;,&quot;shutter_speed&quot;:&quot;0&quot;,&quot;title&quot;:&quot;&quot;,&quot;orientation&quot;:&quot;0&quot;}\" data-image-title=\"0620390bbf6936b7ed7748138007cc4d\" data-image-description=\"\" data-image-caption=\"\" data-large-file=\"https:\/\/atravesdelasescrituras.com\/wp-content\/uploads\/2025\/07\/0620390bbf6936b7ed7748138007cc4d.jpeg\" src=\"https:\/\/i0.wp.com\/atravesdelasescrituras.com\/wp-content\/uploads\/2025\/07\/0620390bbf6936b7ed7748138007cc4d.jpeg?resize=637%2C406&#038;ssl=1\" alt=\"\" class=\"wp-image-54135\" style=\"aspect-ratio:1.5689787070576604;width:561px;height:auto\" \/><\/a><\/figure>\n\n\n\n<p class=\"wp-block-paragraph\">La expresi\u00f3n \u00abd\u00eda de la venganza de nuestro Dios\u00bb parece indicar que la libertad de los oprimidos ir\u00e1 acompa\u00f1ada del juicio de los opresores (cf. \u00ab<a href=\"https:\/\/atravesdelasescrituras.com\/2023\/09\/10\/el-dia-del-senor\/\">El d\u00eda del Se\u00f1or<\/a>\u00bb en <a href=\"https:\/\/biblia.com\/bible\/rvr60\/Am5.18-20\">Am\u00f3s 5:18-20<\/a> y <a href=\"https:\/\/biblia.com\/bible\/rvr60\/Joe2.28-32\">Joel 2:28-32<\/a>). Es m\u00e1s, de acuerdo con el principio de \u00abrestauraci\u00f3n\u00bb del a\u00f1o jubilar, las ciudades en ruinas y las viviendas abandonadas ser\u00e1n restauradas (<a href=\"https:\/\/biblia.com\/bible\/rvr60\/Is61.4\">v. 4<\/a>).<\/p>\n\n\n\n<h3 class=\"wp-block-heading\" id=\"isaias-58\">Isa\u00edas 58<\/h3>\n\n\n\n<p class=\"wp-block-paragraph\">Una idea similar se encuentra en <a href=\"https:\/\/biblia.com\/bible\/rvr60\/Is58.6\">Isa\u00edas 58:6<\/a>:<\/p>\n\n\n\n<blockquote class=\"wp-block-quote is-layout-flow wp-block-quote-is-layout-flow\">\n<p class=\"wp-block-paragraph\">\u00bfNo es este el ayuno que he escogido:<br>desatar las cadenas de la injusticia y desatar las correas del yugo?<br>\u00bfLiberar a los oprimidos y romper todo yugo? (NVI)<\/p>\n<\/blockquote>\n\n\n\n<blockquote class=\"wp-block-quote is-layout-flow wp-block-quote-is-layout-flow\">\n<p class=\"wp-block-paragraph\">\u00bfNo es este el ayuno que he escogido:<br>desatar las cadenas de la injusticia, deshacer las correas del yugo,<br>liberar a los oprimidos y romper todo yugo? (NRSV)<\/p>\n<\/blockquote>\n\n\n\n<p class=\"wp-block-paragraph\">La expresi\u00f3n \u0161alla\u1e25 \u1e25op\u0161im, traducida aqu\u00ed como \u00abliberar\u00bb, es diferente de qara deror en el texto anterior, pero su significado es casi id\u00e9ntico. Aunque el profeta no menciona espec\u00edficamente el a\u00f1o jubilar, hay muchas similitudes entre <a href=\"https:\/\/biblia.com\/bible\/rvr60\/Is58\">Isa\u00edas 58<\/a> y las normas del jubileo, como muestra Hanks (1983: pp. 99-103; cf. Weinfeld 1995: p. 18).<\/p>\n\n\n\n<p class=\"wp-block-paragraph\">En particular:<br><br>\u25a0 La profec\u00eda de <a href=\"https:\/\/biblia.com\/bible\/rvr60\/Is58\">Isa\u00edas 58<\/a> se abre con la comparaci\u00f3n de una trompeta (<a href=\"https:\/\/biblia.com\/bible\/rvr60\/Is58.1\">v. 1<\/a>). Y el a\u00f1o jubilar se anuncia tocando una trompeta (<a href=\"https:\/\/biblia.com\/bible\/rvr60\/Le25.9\">Lev. 25:9<\/a>)<sup data-fn=\"634b91ec-e848-4b3e-a924-be8e3524cc3e\" class=\"fn\"><a href=\"#634b91ec-e848-4b3e-a924-be8e3524cc3e\" id=\"634b91ec-e848-4b3e-a924-be8e3524cc3e-link\">29<\/a><\/sup>.<br>\u25a0 El tema de <a href=\"https:\/\/biblia.com\/bible\/rvr60\/Is58\">Isa\u00edas 58<\/a> es el verdadero ayuno (<a href=\"https:\/\/biblia.com\/bible\/rvr60\/Is58.3-6\">vv. 3-6<\/a>), el \u00fanico ayuno legislado en la Ley es el D\u00eda de la Expiaci\u00f3n (<a href=\"https:\/\/biblia.com\/bible\/rvr60\/Le16.29-31\">Lev. 16:29-31<\/a>), y el a\u00f1o jubilar comienza precisamente el D\u00eda de la Expiaci\u00f3n (<a href=\"https:\/\/biblia.com\/bible\/rvr60\/Le25.9\">Lev. 25:9<\/a>)<sup data-fn=\"12913c20-f599-4b0d-b51d-4412d4604784\" class=\"fn\"><a href=\"#12913c20-f599-4b0d-b51d-4412d4604784\" id=\"12913c20-f599-4b0d-b51d-4412d4604784-link\">30<\/a><\/sup>.<br>\u25a0 <a href=\"https:\/\/biblia.com\/bible\/rvr60\/Is58.5\">Isa\u00edas 58:5<\/a> se refiere a un d\u00eda de ayuno como \u00abun d\u00eda aceptable para el Se\u00f1or\u00bb (yom raon ladonay), mientras que <a href=\"https:\/\/biblia.com\/bible\/rvr60\/Is61.2\">Isa\u00edas 61:2<\/a> describe \u00abel a\u00f1o de la gracia del Se\u00f1or\u00bb (\u0161enat raon ladonay), es decir, el a\u00f1o de raon (a\u00f1o jubilar, <a href=\"https:\/\/biblia.com\/bible\/rvr60\/Is61\">Isa. 61<\/a>) se inaugurar\u00e1 con un d\u00eda de raon (<a href=\"https:\/\/atravesdelasescrituras.com\/2023\/09\/24\/el-dia-de-la-expiacion-yom-kippurim\/\">El d\u00eda de la expiaci\u00f3n<\/a>. <a href=\"https:\/\/biblia.com\/bible\/rvr60\/Is58\">Isa. 58<\/a>);<br>\u25a0 <a href=\"https:\/\/biblia.com\/bible\/rvr60\/Is58.7\">Isa\u00edas 58:7<\/a> exhorta al pueblo a proporcionar refugio, comida y ropa a los pobres, y a no cerrar los ojos a las necesidades de sus hermanos israelitas, cuestiones que tambi\u00e9n se mencionan en las normas para el a\u00f1o jubilar (<a href=\"https:\/\/biblia.com\/bible\/rvr60\/Le25.35-37\">Lev. 25:35-37<\/a>, <a href=\"https:\/\/biblia.com\/bible\/rvr60\/Le25.47-49\">47-49<\/a>);<br>\u25a0 En <a href=\"https:\/\/biblia.com\/bible\/rvr60\/Is58.13-14\">Isa\u00edas 58:13-14<\/a> hay una directiva sobre el shabat, y el a\u00f1o jubilar es un a\u00f1o sab\u00e1tico;<br>\u25a0 <a href=\"https:\/\/biblia.com\/bible\/rvr60\/Is58.14\">Isa\u00edas 58:14<\/a> promete la restauraci\u00f3n del pueblo de Dios a \u00abla herencia de Jacob, vuestro padre\u00bb despu\u00e9s del exilio, una promesa que encaja muy bien con el tema de la restauraci\u00f3n de la propiedad familiar en el a\u00f1o jubilar.<\/p>\n\n\n\n<p class=\"wp-block-paragraph\">Es evidente que <a href=\"https:\/\/biblia.com\/bible\/rvr60\/Is58\">Isa\u00edas 58<\/a> retoma la idea del jubileo y la desarrolla como un desaf\u00edo para el pueblo de Israel, que quiere liberarse del opresor, pero no se preocupa por la libertad de los miembros desfavorecidos de su propia sociedad.<\/p>\n\n\n\n<p class=\"wp-block-paragraph\">En una sociedad justa y pr\u00f3spera, tal y como se prev\u00e9 en esta profec\u00eda, no habr\u00e1 m\u00e1s esclavitud ni opresi\u00f3n (<a href=\"https:\/\/biblia.com\/bible\/rvr60\/Is58.6\">vv. 6<\/a>, <a href=\"https:\/\/biblia.com\/bible\/rvr60\/Is58.9\">9<\/a>). Por el contrario, se satisfar\u00e1n las necesidades de los hambrientos y los oprimidos <a href=\"https:\/\/biblia.com\/bible\/rvr60\/Is58.7\">(vv. 7<\/a>, <a href=\"https:\/\/biblia.com\/bible\/rvr60\/Is58.10\">10<\/a>). Las \u00abruinas antiguas\u00bb ser\u00e1n restauradas (<a href=\"https:\/\/biblia.com\/bible\/rvr60\/Is58.12\">v. 12<\/a>; cf. <a href=\"https:\/\/biblia.com\/bible\/rvr60\/Is61.4\">61:4<\/a>). Todo esto se basar\u00e1 en la \u1e63edaqa (\u00abrectitud, justicia\u00bb) y en la presencia del buen Se\u00f1or (<a href=\"https:\/\/biblia.com\/bible\/rvr60\/Is58.8\">vv. 8<\/a>, <a href=\"https:\/\/biblia.com\/bible\/rvr60\/Is58.11\">11<\/a>).<\/p>\n\n\n\n<h3 class=\"wp-block-heading\" id=\"lucas-4\">Lucas 4<\/h3>\n\n\n\n<p class=\"wp-block-paragraph\">Seg\u00fan el Nuevo Testamento, la era mesi\u00e1nica ha comenzado con la venida de Jesucristo, como \u00e9l mismo declara en su primer serm\u00f3n registrado por Lucas, en la sinagoga de Nazaret (<a href=\"https:\/\/biblia.com\/bible\/rvr60\/Lk4.16-21\">Lc 4:16-21<\/a>). Jes\u00fas cita <a href=\"https:\/\/biblia.com\/bible\/rvr60\/Isa61.1-2a\">Isa\u00edas 61:1-2a<\/a>, con una inserci\u00f3n de <a href=\"https:\/\/biblia.com\/bible\/rvr60\/Isa58.6\">Isa\u00edas 58:6<\/a>, y <a href=\"https:\/\/biblia.com\/bible\/rvr60\/Isa58.23\">Isa\u00edas 58:23<\/a>, y anuncia que la profec\u00eda sobre \u00abel a\u00f1o favorable del Se\u00f1or\u00bb ha comenzado a cumplirse ese d\u00eda<sup data-fn=\"7fb6d5a0-8215-451b-ae41-2b29d9960f81\" class=\"fn\"><a href=\"#7fb6d5a0-8215-451b-ae41-2b29d9960f81\" id=\"7fb6d5a0-8215-451b-ae41-2b29d9960f81-link\">31<\/a><\/sup>.<\/p>\n\n\n\n<p class=\"wp-block-paragraph\">Troom\u00e9 (1973: cap. 2) sostiene que Jes\u00fas, en su discurso en Nazaret, estaba proclamando un a\u00f1o jubilar (cf. Strobel 1972). Considera que los a\u00f1os 26-27 d. C. fueron un a\u00f1o sab\u00e1tico y sugiere que fue en el D\u00eda de la Expiaci\u00f3n (10 de Tishri) de ese a\u00f1o (es decir, el 26 de septiembre\/octubre) cuando \u00abJes\u00fas anunci\u00f3 la restauraci\u00f3n completa de las pr\u00e1cticas jubilares en Israel\u00bb (p. 39). No est\u00e1 claro hasta qu\u00e9 punto esto puede conciliarse con otros indicios de la dataci\u00f3n del ministerio de Jes\u00fas seg\u00fan los evangelios (cf. Marshall 1978: p. 184). <\/p>\n\n\n\n<p class=\"wp-block-paragraph\">A\u00fan m\u00e1s incierto es si Jes\u00fas propon\u00eda la promulgaci\u00f3n inmediata de las leyes del jubileo, como afirma Trocm\u00e9, lo que implicaba \u00abexpropiar las tierras de los ricos y liquidar el sistema usurario del que viv\u00edan las clases dominantes\u00bb (p. 30). La falta de pruebas en los evangelios sobre la implicaci\u00f3n de Jes\u00fas en la pol\u00edtica y la econom\u00eda, y su negativa a interferir en una disputa sobre la propiedad de unos bienes, incluso cuando una de las partes le pidi\u00f3 ayuda (<a href=\"https:\/\/biblia.com\/bible\/rvr60\/Lk12.13-14\">Lc 12:13-14<\/a>), indican m\u00e1s bien que Jes\u00fas estaba utilizando la idea del jubileo de forma metaf\u00f3rica (cf. Willoughby 1995).<\/p>\n\n\n\n<p class=\"wp-block-paragraph\">Rodgers (1981) interpreta la proclamaci\u00f3n del \u00aba\u00f1o de gracia del Se\u00f1or\u00bb como \u00abun uso escatol\u00f3gico del tema de la legislaci\u00f3n del jubileo, que se basa en los principios de liberaci\u00f3n, restituci\u00f3n y libertad para todos los que conf\u00edan en el Se\u00f1or\u00bb (cf. Seccombe 1982: pp. 54-56). <\/p>\n\n\n\n<p class=\"wp-block-paragraph\">Adem\u00e1s, sostiene que el prop\u00f3sito del ministerio de Jes\u00fas, seg\u00fan Lucas, es la salvaci\u00f3n de los perdidos mediante el perd\u00f3n de los pecados, y que se trata de \u00abun concepto totalmente espiritual\u00bb. En otras palabras, Jes\u00fas no abogaba por reformas pol\u00edticas y econ\u00f3micas, sino que \u00abvino a sufrir y morir y resucitar al tercer d\u00eda para que en su nombre se predicara a todas las naciones el arrepentimiento y el perd\u00f3n de los pecados\u00bb. As\u00ed, \u00abel a\u00f1o de gracia del Se\u00f1or\u00bb vino \u00aben \u00c9l\u00bb.<\/p>\n\n\n\n<p class=\"wp-block-paragraph\">Quiz\u00e1s la verdad se encuentre entre los extremos de entender el discurso de Jes\u00fas como una proclamaci\u00f3n literal del jubileo, que debe llevarse a cabo mediante reformas sociales inmediatas, y de interpretarlo de una manera puramente espiritual que limita su referencia al perd\u00f3n de los pecados. <\/p>\n\n\n\n<p class=\"wp-block-paragraph\">Arias (1984) sugiere que el jubileo debe verse como un \u00abparadigma de la acci\u00f3n del reino en el mundo\u00bb, como una \u00abexpresi\u00f3n de esperanza\u00bb y un \u00abenfoque cr\u00edtico de las cosas tal y como son\u00bb.<sup data-fn=\"05f4df9a-73e4-43d9-ad4a-fa3a66e776c2\" class=\"fn\"><a href=\"#05f4df9a-73e4-43d9-ad4a-fa3a66e776c2\" id=\"05f4df9a-73e4-43d9-ad4a-fa3a66e776c2-link\">32<\/a><\/sup> Nolland (1989: p. 202) lo expresa as\u00ed:<\/p>\n\n\n\n<blockquote class=\"wp-block-quote is-layout-flow wp-block-quote-is-layout-flow\">\n<p class=\"wp-block-paragraph\">\u00abAbarca la restauraci\u00f3n espiritual, la transformaci\u00f3n moral, el rescate de la opresi\u00f3n demon\u00edaca y la liberaci\u00f3n de la enfermedad y la discapacidad\u00bb.<\/p>\n<\/blockquote>\n\n\n\n<h4 class=\"wp-block-heading\" id=\"otras-alusiones\">Otras alusiones<\/h4>\n\n\n\n<p class=\"wp-block-paragraph\">Cuando Jes\u00fas respondi\u00f3 a la pregunta de Juan el Bautista sobre su identidad, aludi\u00f3 al cumplimiento de <a href=\"https:\/\/biblia.com\/bible\/rvr60\/Is61.1-2\">Isa\u00edas 61:1-2a<\/a> y otras profec\u00edas (<a href=\"https:\/\/biblia.com\/bible\/rvr60\/Lc7.22\">Lucas 7:22<\/a>\/\/<a href=\"https:\/\/biblia.com\/bible\/rvr60\/Mt11.5\">Mateo 11:5<\/a>; cf. Ringe 1985: pp. 45-48). Durante su ministerio, Jes\u00fas ense\u00f1\u00f3 una serie de principios de la legislaci\u00f3n sobre los a\u00f1os sab\u00e1ticos y jubilares, entre ellos la cancelaci\u00f3n de las deudas (<a href=\"https:\/\/biblia.com\/bible\/rvr60\/Lc6.35\">Lucas 6:35<\/a>; <a href=\"https:\/\/biblia.com\/bible\/rvr60\/Lc7.41-42\">Lucas 7:41-42<\/a>; <a href=\"https:\/\/biblia.com\/bible\/rvr60\/Mt18.23-34\">Mateo 18:23-34<\/a><sup data-fn=\"c96d56cf-c3d4-4ca5-a82b-0edc0d4ea384\" class=\"fn\"><a href=\"#c96d56cf-c3d4-4ca5-a82b-0edc0d4ea384\" id=\"c96d56cf-c3d4-4ca5-a82b-0edc0d4ea384-link\">33<\/a><\/sup>), el reparto de los bienes materiales (<a href=\"https:\/\/biblia.com\/bible\/rvr60\/Lc12.33\">Lucas 12:33<\/a>; <a href=\"https:\/\/biblia.com\/bible\/rvr60\/Lc18.22\">Lucas 18:22<\/a>; cf. <a href=\"https:\/\/biblia.com\/bible\/rvr60\/Lc19.8\">Lucas 19:8<\/a>; <a href=\"https:\/\/biblia.com\/bible\/rvr60\/Hch2.44-45\">Hechos 2:44-45<\/a>; <a href=\"https:\/\/biblia.com\/bible\/rvr60\/Hch4.34-26\">Hechos 4:34<\/a><sup data-fn=\"66fdad2c-cb8f-44f4-905a-741e936b620c\" class=\"fn\"><a href=\"#66fdad2c-cb8f-44f4-905a-741e936b620c\" id=\"66fdad2c-cb8f-44f4-905a-741e936b620c-link\">34<\/a><\/sup>) y la confianza en Dios para las necesidades cotidianas, en lugar de en la capacidad humana para sembrar y cosechar (<a href=\"https:\/\/biblia.com\/bible\/rvr60\/Mt6.25-34\">Mateo 6:25-34<\/a>\/\/<a href=\"https:\/\/biblia.com\/bible\/rvr60\/Lc12.22-31\">Lucas 12:22-31<\/a>).<\/p>\n\n\n\n<p class=\"wp-block-paragraph\">Sin embargo, el cumplimiento completo de la profec\u00eda del \u00aba\u00f1o de gracia del Se\u00f1or\u00bb debe esperar la segunda venida de Cristo. En ese momento tendr\u00e1 lugar el juicio final, que es el tema del \u00faltimo serm\u00f3n de Jes\u00fas en el Evangelio de Mateo (<a href=\"https:\/\/biblia.com\/bible\/rvr60\/Mt25.31-46\">Mateo 25:31-46<\/a>). Uno de los aspectos m\u00e1s destacados de ese serm\u00f3n es la actitud hacia los pobres, desarrollando algunos de los temas de <a href=\"https:\/\/biblia.com\/bible\/rvr60\/Is58.7\">Isa\u00edas 58:7<\/a>. Al final de los tiempos, se producir\u00e1 una inversi\u00f3n de la fortuna, cuando los ricos se har\u00e1n pobres y los pobres se har\u00e1n ricos (cf. <a href=\"https:\/\/biblia.com\/bible\/rvr60\/Lc6.20-26\">Lucas 6:20-26<\/a>; <a href=\"https:\/\/biblia.com\/bible\/rvr60\/Lc16.25\">Lucas 16:25<\/a>; <a href=\"https:\/\/biblia.com\/bible\/rvr60\/St5.1-8\">Santiago 5:1-8<\/a>).<\/p>\n\n\n\n<p class=\"wp-block-paragraph\">El jubileo en el Antiguo Testamento remite a la liberaci\u00f3n divina del pueblo de Israel de la esclavitud en Egipto (<a href=\"https:\/\/biblia.com\/bible\/rvr60\/Lev25.38\">Lev\u00edtico 25:38<\/a>, <a href=\"https:\/\/biblia.com\/bible\/rvr60\/Lev25.55\">Lev\u00edtico 25:55<\/a>) y al don de la tierra prometida como lugar de descanso y herencia (cf. <a href=\"https:\/\/biblia.com\/bible\/rvr60\/Dt12.9\">Deuteronomio 12:9<\/a>). Sus temas predominantes son la libertad, la restauraci\u00f3n y el descanso (cf. <a href=\"https:\/\/biblia.com\/bible\/rvr60\/Lev25.10-12\">Lev\u00edtico 25:10-12<\/a>). En contraste, la profec\u00eda sobre \u00abel a\u00f1o de la gracia del Se\u00f1or\u00bb, tanto en Isa\u00edas como en Lucas, mira hacia adelante, hacia \u00abel tiempo de la restauraci\u00f3n universal\u00bb (<a href=\"https:\/\/biblia.com\/bible\/rvr60\/He3.21\">Hechos 3:21<\/a>, NRSV), que tendr\u00e1 lugar en \u00abcielos nuevos y una tierra nueva, donde la justicia habitar\u00e1\u00bb (<a href=\"https:\/\/biblia.com\/bible\/rvr60\/2%20Pedro3.13\">2 Pedro 3:13<\/a>, NRSV)<sup data-fn=\"03004418-6050-4814-9afb-a29e76b39c1d\" class=\"fn\"><a href=\"#03004418-6050-4814-9afb-a29e76b39c1d\" id=\"03004418-6050-4814-9afb-a29e76b39c1d-link\">35<\/a><\/sup>.<\/p>\n\n\n\n<h2 class=\"wp-block-heading\" id=\"reflexion-teologica\">Reflexi\u00f3n teol\u00f3gica<\/h2>\n\n\n\n<p class=\"wp-block-paragraph\">De nuestro estudio de los a\u00f1os santos en la Biblia han surgido tres temas principales: <\/p>\n\n\n\n<ol class=\"wp-block-list\">\n<li><strong>El descanso.<\/strong><\/li>\n\n\n\n<li><strong>La libertad.<\/strong><\/li>\n\n\n\n<li><strong>La restauraci\u00f3n.<\/strong><\/li>\n<\/ol>\n\n\n\n<p class=\"wp-block-paragraph\">Analicemos ahora estos temas uno por uno y reflexionemos sobre su relevancia en la actualidad. Algunas de las sugerencias pr\u00e1cticas que menciono pueden basarse en datos m\u00e1s amplios del Antiguo Testamento, incluido el primer cap\u00edtulo del G\u00e9nesis, pero los tres temas que identifico aqu\u00ed surgen de los datos concretos que he examinado. Aunque muchas de mis sugerencias son conocidas, creo que son fieles a los materiales b\u00edblicos.<\/p>\n\n\n\n<h3 class=\"wp-block-heading\" id=\"descanso\">Descanso<\/h3>\n\n\n\n<p class=\"wp-block-paragraph\">Uno de los elementos m\u00e1s b\u00e1sicos del significado del Shabat es el \u00abdescanso\u00bb. Seg\u00fan el relato de la creaci\u00f3n (c.f. <a href=\"https:\/\/atravesdelasescrituras.com\/estudios-varios\/el-dia-de-reposo-shabbat\/\">El d\u00eda de reposo \u2013 Shabat<\/a>), Dios descans\u00f3 el s\u00e9ptimo d\u00eda porque hab\u00eda terminado su obra (<a href=\"https:\/\/biblia.com\/bible\/rvr60\/Ge2.1-3\">Gn 2:1-3<\/a>; cf. <a href=\"https:\/\/biblia.com\/bible\/rvr60\/Ex31.17\">Ex 31:17<\/a>), y se espera que la humanidad tambi\u00e9n descanse regularmente ese d\u00eda (<a href=\"https:\/\/biblia.com\/bible\/rvr60\/Ex16.22-30\">Ex 16, 22-30<\/a>; <a href=\"https:\/\/biblia.com\/bible\/rvr60\/Ex20.8-11\">20, 8-11<\/a>; <a href=\"https:\/\/biblia.com\/bible\/rvr60\/Ex23.12\">23, 12<\/a>). <\/p>\n\n\n\n<p class=\"wp-block-paragraph\">Es un \u00abd\u00eda santo\u00bb (<a href=\"https:\/\/biblia.com\/bible\/rvr60\/Ge2.3\">Gn 2, 3<\/a>), apartado de los d\u00edas laborables ordinarios (cf. la palabra moderna \u00abd\u00eda festivo\u00bb). Las normas sobre el a\u00f1o sab\u00e1tico y el a\u00f1o jubilar tambi\u00e9n incluyen la idea del descanso, en particular para la tierra (<a href=\"https:\/\/biblia.com\/bible\/rvr60\/Ex23.10-11\">\u00c9xodo 23; 10-11<\/a>; <a href=\"https:\/\/biblia.com\/bible\/rvr60\/Lev25.2-5\">Lev\u00edtico 25:2-5<\/a>, <a href=\"https:\/\/biblia.com\/bible\/rvr60\/Lev25.11\">11<\/a>; cf. <a href=\"https:\/\/biblia.com\/bible\/rvr60\/Lev26.34-35\">26:34-35<\/a>).<sup data-fn=\"d110627d-0e7c-431d-a3c1-b43ab4662a3f\" class=\"fn\"><a href=\"#d110627d-0e7c-431d-a3c1-b43ab4662a3f\" id=\"d110627d-0e7c-431d-a3c1-b43ab4662a3f-link\">36<\/a><\/sup> Durante seis a\u00f1os, la tierra sirve a la humanidad, pero en el s\u00e9ptimo a\u00f1o se le permite descansar.<\/p>\n\n\n\n<p class=\"wp-block-paragraph\">De este modo, los hombres y las mujeres reconocen que no tienen ning\u00fan derecho absoluto sobre la tierra (cf. Tsevat 1972: pp. 453, 455). No pueden explotar la tierra indiscriminadamente para su propio beneficio, impulsados por las presiones del consumismo, porque se les ha permitido vivir all\u00ed y disfrutar de sus productos como una bendici\u00f3n del propio due\u00f1o de la tierra, el Se\u00f1or Dios (<a href=\"https:\/\/biblia.com\/bible\/rvr60\/Ex15.17\">\u00c9xodo 15:17<\/a>; <a href=\"https:\/\/biblia.com\/bible\/rvr60\/Le25.23\">Lev\u00edtico 25:23<\/a>; <a href=\"https:\/\/biblia.com\/bible\/rvr60\/Dt8.7-18\">Deuteronomio 8:7-18<\/a>). Como dice el salmista: \u00abDel Se\u00f1or es la tierra y todo lo que hay en ella\u00bb (<a href=\"https:\/\/biblia.com\/bible\/rvr60\/Ps24.1\">Sal. 24:1<\/a>, NVI).<\/p>\n\n\n\n<p class=\"has-text-align-center wp-block-paragraph\">\u00bfCu\u00e1l es nuestra actitud hacia la tierra hoy en d\u00eda? <\/p>\n\n\n\n<p class=\"wp-block-paragraph\">Para muchas personas que han nacido y se han criado en pueblos y ciudades, esta pregunta puede parecer extra\u00f1a. La \u00fanica vez que piensan en la tierra es cuando compran o venden una propiedad, e incluso entonces es posible que su inter\u00e9s se centre m\u00e1s en la casa que en la tierra sobre la que est\u00e1 construida. Pero incluso con la creciente urbanizaci\u00f3n, un gran n\u00famero de personas en el mundo siguen viviendo de la tierra y dependiendo de ella, como agricultores; no son pocos los habitantes de las ciudades que han hecho fortuna explotando la tierra, o que se han quedado sin tierras y han emigrado a la ciudad en busca de una vida mejor; y todos seguimos aliment\u00e1ndonos de los productos que cultiva la tierra. Por lo tanto, por muy urbanizados que estemos, no podemos ignorar la tierra.<\/p>\n\n\n\n<p class=\"wp-block-paragraph\">Si somos propietarios de tierras agr\u00edcolas, podr\u00edamos aplicar directamente las normas del Antiguo Testamento sobre el descanso en el s\u00e9ptimo y el quincuag\u00e9simo a\u00f1o, aunque parece que esto rara vez ocurre hoy en d\u00eda. Por lo general, se utilizan m\u00e9todos alternativos para garantizar la fertilidad continua de la tierra: la rotaci\u00f3n de cultivos y el uso de fertilizantes naturales o artificiales. Si una parcela de tierra se utiliza para viviendas o industria, es obvio que es imposible dejarla \u00aben reposo\u00bb durante determinados a\u00f1os. En cualquier caso, es obvio que a menudo no es pr\u00e1ctico aplicar estas normas al pie de la letra, y debemos buscar una contextualizaci\u00f3n adecuada en el mundo moderno.<\/p>\n\n\n\n<p class=\"wp-block-paragraph\">Podemos empezar sugiriendo que la idea de \u00abdescanso\u00bb apunta a la moderaci\u00f3n en la explotaci\u00f3n de la tierra, de hecho, de todo el medio ambiente. Las instituciones del a\u00f1o sab\u00e1tico y del jubileo nos invitan a aceptar los productos de la tierra como un regalo de Dios, m\u00e1s que como un derecho humano absoluto. El mundo natural fue creado por Dios, al igual que nosotros, y merece respeto como algo de gran valor intr\u00ednseco. Tambi\u00e9n debemos pensar en nuestros hijos y en los hijos de nuestros hijos, que tendr\u00e1n que vivir en el entorno que hoy estamos contaminando.<\/p>\n\n\n\n<p class=\"wp-block-paragraph\">Podemos mostrar respeto por los seres humanos y prohibir la esclavitud, por ejemplo, estableciendo un n\u00famero m\u00e1ximo de horas de trabajo y un salario m\u00ednimo. Del mismo modo, el medio ambiente debe ser tratado de forma responsable, respetando ciertos l\u00edmites, y no explotado sin piedad. No tenemos derecho a agotar los recursos naturales hasta convertir la tierra en un desierto. <\/p>\n\n\n\n<p class=\"wp-block-paragraph\">Por citar solo un ejemplo, las vastas selvas tropicales son una creaci\u00f3n de Dios, no una propiedad privada que pueda ser talada a capricho sin tener en cuenta el impacto que ello tiene en el equilibrio de todo el medio ambiente. La demanda de madera y papel en las zonas m\u00e1s ricas del mundo ha agotado los recursos del Amazonas y de otros lugares. Pero Occidente no tiene el monopolio de la destrucci\u00f3n del medio ambiente.<\/p>\n\n\n\n<p class=\"wp-block-paragraph\">En 1996 se produjeron graves inundaciones en Yakarta y los m\u00e1s afectados fueron los pobres que viv\u00edan en chabolas junto al r\u00edo Ciliwung y en otras zonas propensas a las inundaciones. Se inform\u00f3 de que una de las causas de las inundaciones fue la tala de \u00e1rboles en las colinas de Puncak, al sur de Yakarta, para construir villas de lujo, campos de golf, etc. Suara Pembaruan, uno de los peri\u00f3dicos m\u00e1s respetados de Indonesia, public\u00f3 un informe en julio de 1996 en el que se denunciaba la tala ilegal generalizada, ante la aparente indiferencia de las autoridades. <\/p>\n\n\n\n<p class=\"wp-block-paragraph\">En una reserva natural de Sumatra hab\u00eda cinco aserraderos que procesaban madera ilegal. En 1997, los incendios forestales arrasaron vastas extensiones de Sumatra y Kalimantan, provocando smog en gran parte del sudeste asi\u00e1tico, aparentemente causados por promotores inmobiliarios que quer\u00edan ampliar sus plantaciones de la forma m\u00e1s barata posible, optando por quemar los \u00e1rboles en lugar de aprovecharlos, y que luego fueron incapaces de controlar los incendios al inicio de la estaci\u00f3n seca.<\/p>\n\n\n\n<p class=\"wp-block-paragraph\">Quiz\u00e1s necesitemos<strong> desarrollar una ecolog\u00eda teol\u00f3gica, en la que la conservaci\u00f3n de los recursos naturales se base en la convicci\u00f3n de que Dios los cre\u00f3 y tiene derecho a determinar c\u00f3mo se utilizan<\/strong>. Una consecuencia de esto, basada en el amor a Dios y al pr\u00f3jimo como los dos grandes mandamientos, ser\u00eda que nuestro objetivo fuera dejar el mundo en buenas condiciones para que lo disfruten las generaciones futuras. Esta ecolog\u00eda teol\u00f3gica tiene una base totalmente diferente a la ecolog\u00eda econ\u00f3mica, que solo se interesa por la conservaci\u00f3n como medio para obtener a\u00fan m\u00e1s beneficios del mundo natural. Lumy (1994) expresa esta diferencia en su contraste entre el homo imago dei y el homo economicus.<sup data-fn=\"9bb66b8c-43b1-45f2-9341-596180fb84d9\" class=\"fn\"><a href=\"#9bb66b8c-43b1-45f2-9341-596180fb84d9\" id=\"9bb66b8c-43b1-45f2-9341-596180fb84d9-link\">37<\/a><\/sup><\/p>\n\n\n\n<p class=\"wp-block-paragraph\">Sin embargo, el tema del descanso no solo es relevante para el tema de la ecolog\u00eda. Seg\u00fan <a href=\"https:\/\/biblia.com\/bible\/rvr60\/Dt12.9-10\">Deuteronomio 12:9-10<\/a>, el pueblo de Dios deb\u00eda recibir \u00abdescanso\u00bb cuando entrara en la tierra prometida.<sup data-fn=\"89602799-3202-4412-97e2-dee587c3ca48\" class=\"fn\"><a href=\"#89602799-3202-4412-97e2-dee587c3ca48\" id=\"89602799-3202-4412-97e2-dee587c3ca48-link\">38<\/a><\/sup> El descanso significaba que su vagar por el desierto hab\u00eda llegado a su fin y que Israel pod\u00eda disfrutar de seguridad, aunque estuviera rodeado de enemigos.<\/p>\n\n\n\n<p class=\"wp-block-paragraph\">En el <a href=\"https:\/\/biblia.com\/bible\/rvr60\/Ps95.7-11\">Salmo 95:7b-11<\/a>, este tema aparece de nuevo junto con una advertencia al pueblo para que no endurezca su coraz\u00f3n como lo hicieron sus antepasados en el desierto y, como resultado, no pudieron entrar en el \u00abdescanso\u00bb que Dios les hab\u00eda prometido. <a href=\"https:\/\/biblia.com\/bible\/rvr60\/Heb3.7-4.11\">Hebreos 3:7-4:11<\/a> retoma el mismo tema y lo interpreta escatol\u00f3gicamente. El autor exhorta a los cristianos a que tambi\u00e9n traten de entrar en el lugar de descanso que Dios ha preparado para ellos.<\/p>\n\n\n\n<p class=\"has-text-align-center wp-block-paragraph\">\u00bfQu\u00e9 se entiende por ese descanso y c\u00f3mo podemos entrar en \u00e9l? <\/p>\n\n\n\n<p class=\"wp-block-paragraph\">Jes\u00fas lo explica as\u00ed (<a href=\"https:\/\/biblia.com\/bible\/rvr60\/Mt11.28-29\">Mt 11, 28-29<\/a>):<\/p>\n\n\n\n<blockquote class=\"wp-block-quote is-layout-flow wp-block-quote-is-layout-flow\">\n<p class=\"wp-block-paragraph\">Venid a m\u00ed todos los que est\u00e1is cansados y agobiados, y yo os dar\u00e9 descanso. Llevad mi yugo sobre vosotros y aprended de m\u00ed, que soy manso y humilde de coraz\u00f3n, y hallar\u00e9is descanso para vuestras almas.<sup data-fn=\"ab7999b4-d36f-4d03-8b18-fea054983411\" class=\"fn\"><a href=\"#ab7999b4-d36f-4d03-8b18-fea054983411\" id=\"ab7999b4-d36f-4d03-8b18-fea054983411-link\">39<\/a><\/sup> (NVI)<\/p>\n<\/blockquote>\n\n\n\n<blockquote class=\"wp-block-quote is-layout-flow wp-block-quote-is-layout-flow\">\n<p class=\"wp-block-paragraph\">Venid a m\u00ed todos los que est\u00e1is cansados y llev\u00e1is cargas pesadas, y yo os dar\u00e9 descanso. Llevad mi yugo sobre vosotros y aprended de m\u00ed, que soy manso y humilde de coraz\u00f3n, y hallar\u00e9is descanso para vuestras almas. (NRSV)<\/p>\n<\/blockquote>\n\n\n\n<p class=\"wp-block-paragraph\">Por un lado, el \u00abdescanso\u00bb puede ser experimentado ahora por todos los que se convierten en seguidores de Jes\u00fas y encuentran \u00abdescanso para el alma\u00bb, aunque sigan viviendo en un mundo lleno de incertidumbre y lejos de la seguridad. Sin embargo, la invitaci\u00f3n de Jes\u00fas tambi\u00e9n debe entenderse en el contexto de toda la Biblia, y esa comprensi\u00f3n ser\u00e1 incompleta si no menciona la tierra y la ciudad anheladas por los fieles testigos del Antiguo Testamento (<a href=\"https:\/\/biblia.com\/bible\/rvr60\/Heb11.16\">Heb. 11:16<\/a>), que es nuestro lugar celestial de descanso.<\/p>\n\n\n\n<figure class=\"wp-block-image alignright size-large is-resized is-style-rounded\"><a href=\"https:\/\/i0.wp.com\/atravesdelasescrituras.com\/wp-content\/uploads\/2025\/07\/que-dice-biblia-sobre-pobreza-03-1.jpg?ssl=1\"><img data-recalc-dims=\"1\" loading=\"lazy\" decoding=\"async\" width=\"840\" height=\"560\" data-attachment-id=\"54138\" data-permalink=\"https:\/\/atravesdelasescrituras.com\/es_es\/2025\/07\/06\/el-jubileo-y-el-milenio\/cosa-dice-la-bibbia-sulla-poverta-2\/\" data-orig-file=\"https:\/\/atravesdelasescrituras.com\/wp-content\/uploads\/2025\/07\/que-dice-biblia-sobre-pobreza-03-1.jpg\" data-orig-size=\"840,560\" data-comments-opened=\"1\" data-image-meta=\"{&quot;aperture&quot;:&quot;0&quot;,&quot;credit&quot;:&quot;Compassion Italia Onlus&quot;,&quot;camera&quot;:&quot;&quot;,&quot;caption&quot;:&quot;Cosa dice la Bibbia sulla povert\\u00e0?&quot;,&quot;created_timestamp&quot;:&quot;0&quot;,&quot;copyright&quot;:&quot;&quot;,&quot;focal_length&quot;:&quot;0&quot;,&quot;iso&quot;:&quot;0&quot;,&quot;shutter_speed&quot;:&quot;0&quot;,&quot;title&quot;:&quot;Cosa dice la Bibbia sulla povert\\u00e0?&quot;,&quot;orientation&quot;:&quot;0&quot;}\" data-image-title=\"Cosa dice la Bibbia sulla povert\u00e0?\" data-image-description=\"\" data-image-caption=\"&lt;p&gt;Cosa dice la Bibbia sulla povert\u00e0?&lt;\/p&gt;\n\" data-large-file=\"https:\/\/atravesdelasescrituras.com\/wp-content\/uploads\/2025\/07\/que-dice-biblia-sobre-pobreza-03-1.jpg\" src=\"https:\/\/i0.wp.com\/atravesdelasescrituras.com\/wp-content\/uploads\/2025\/07\/que-dice-biblia-sobre-pobreza-03-1.jpg?resize=840%2C560&#038;ssl=1\" alt=\"\" class=\"wp-image-54138\" style=\"aspect-ratio:1.5000000308466093;width:360px;height:auto\" \/><\/a><\/figure>\n\n\n\n<p class=\"wp-block-paragraph\">Este descanso escatol\u00f3gico solo se har\u00e1 realidad cuando el Cordero \u00abmanso y humilde\u00bb se convierta en \u00abSe\u00f1or de se\u00f1ores y Rey de reyes\u00bb (<a href=\"https:\/\/biblia.com\/bible\/rvr60\/Re17.14\">Ap. 17:14<\/a>) y aquellos que \u00abmueren en el Se\u00f1or\u00bb puedan \u00abdescansar de sus trabajos\u00bb para siempre (<a href=\"https:\/\/biblia.com\/bible\/rvr60\/Re17.14\">14<\/a>, <a href=\"https:\/\/biblia.com\/bible\/rvr60\/Re17.13\">13<\/a>). \u00a1Eso ser\u00e1 verdaderamente el descanso!<sup data-fn=\"6d2a2e07-09c3-400c-b7e7-5e31cd926907\" class=\"fn\"><a href=\"#6d2a2e07-09c3-400c-b7e7-5e31cd926907\" id=\"6d2a2e07-09c3-400c-b7e7-5e31cd926907-link\">40<\/a><\/sup><\/p>\n\n\n\n<h3 class=\"wp-block-heading\" id=\"libertad\">Libertad<\/h3>\n\n\n\n<p class=\"wp-block-paragraph\">Cuando el pueblo de Israel sali\u00f3 de la esclavitud en Egipto, se convirti\u00f3 en una naci\u00f3n libre. Esta libertad fue dada por el Se\u00f1or Dios, como se recuerda en el pr\u00f3logo de la constituci\u00f3n israelita (<a href=\"https:\/\/biblia.com\/bible\/rvr60\/Ex20.2\">\u00c9xodo 20:2<\/a>). Por eso, se les prohibi\u00f3 oprimir a los d\u00e9biles dentro de su propia sociedad (<a href=\"https:\/\/biblia.com\/bible\/rvr60\/Ex22.21-23.9\">\u00c9xodo 22:21-23:9<\/a>) o esclavizar a sus hermanos israelitas (<a href=\"https:\/\/biblia.com\/bible\/rvr60\/Lev25.38-42\">Lev\u00edtico 25:38-42<\/a>). Desgraciadamente, en el mundo antiguo, al igual que en el mundo moderno, siempre hubo quienes intentaron controlar y restringir a los dem\u00e1s, reduciendo as\u00ed su libertad.<\/p>\n\n\n\n<p class=\"wp-block-paragraph\">Uno de los grandes temas de los a\u00f1os sab\u00e1ticos y jubilares en la Biblia es la libertad. El pueblo de Dios debe poder disfrutar de la libertad que \u00c9l le ha dado y, si no es as\u00ed, hay que tomar medidas para restaurarla. Con este objetivo en mente, se asocian al a\u00f1o santo una serie de medidas. Una de las m\u00e1s importantes es la liberaci\u00f3n de los esclavos y la provisi\u00f3n de capital para que puedan empezar de nuevo como hombres y mujeres libres. Paralelamente, si los deudores no pueden pagar sus deudas cuando llega el a\u00f1o santo, estas se cancelan para liberarlos de una carga que es evidente que no pueden soportar.<\/p>\n\n\n\n<p class=\"wp-block-paragraph\">Como se ha mencionado anteriormente, Jes\u00fas inaugur\u00f3 la era mesi\u00e1nica anunciando la llegada del \u00aba\u00f1o de gracia del Se\u00f1or\u00bb, como una reinterpretaci\u00f3n escatol\u00f3gica del a\u00f1o jubilar. Anunci\u00f3 la buena nueva a los que sufr\u00edan, prometi\u00e9ndoles que obtendr\u00edan la libertad (<a href=\"https:\/\/biblia.com\/bible\/rvr60\/Lc4.18\">Lc 4, 18b<\/a>).<\/p>\n\n\n\n<blockquote class=\"wp-block-quote is-layout-flow wp-block-quote-is-layout-flow\">\n<p class=\"wp-block-paragraph\">Me ha enviado a proclamar libertad a los cautivos&#8230; a liberar a los oprimidos. (NVI)<\/p>\n<\/blockquote>\n\n\n\n<blockquote class=\"wp-block-quote is-layout-flow wp-block-quote-is-layout-flow\">\n<p class=\"wp-block-paragraph\">Me ha enviado a proclamar libertad a los cautivos&#8230; a liberar a los oprimidos. (NRSV)<\/p>\n<\/blockquote>\n\n\n\n<p class=\"wp-block-paragraph\">Sin embargo, lamentablemente, hasta hace relativamente poco tiempo, la Iglesia en muchos lugares prestaba muy poca atenci\u00f3n a las necesidades y los derechos de los miembros m\u00e1s d\u00e9biles de la sociedad. El evangelio se entend\u00eda como un mensaje celestial sobre la salvaci\u00f3n espiritual y no se consideraba relevante para la opresi\u00f3n tan extendida en este mundo. A veces, la iglesia se pon\u00eda del lado de los opresores o incluso se convert\u00eda ella misma en opresora. <\/p>\n\n\n\n<p class=\"wp-block-paragraph\">En el siglo XIX, varias figuras del movimiento evang\u00e9lico ingl\u00e9s se involucraron en la lucha por la justicia social, como Wilberforce, pionero en la abolici\u00f3n de la esclavitud, y Shaftesbury, que luch\u00f3 por los derechos de los trabajadores de las f\u00e1bricas, en particular los ni\u00f1os y las mujeres. Luego, hacia finales de ese siglo, los te\u00f3logos liberales de Estados Unidos desarrollaron lo que a menudo se ha denominado \u00abel evangelio social\u00bb, al demostrar la relevancia de la predicaci\u00f3n de Jes\u00fas para la explotaci\u00f3n de los trabajadores y otros problemas sociales.<\/p>\n\n\n\n<p class=\"wp-block-paragraph\">El siglo XX en Am\u00e9rica Latina vio el inicio del movimiento de la \u00abteolog\u00eda de la liberaci\u00f3n\u00bb, que se\u00f1al\u00f3 los aspectos pol\u00edticos del \u00e9xodo de Egipto y el evangelio de Jes\u00fas, as\u00ed como otros tipos de teolog\u00eda pol\u00edtica (teolog\u00eda negra, teolog\u00eda de la revoluci\u00f3n, etc.). La teolog\u00eda de la liberaci\u00f3n fue sin duda un nuevo desarrollo en la historia de la teolog\u00eda cristiana, aunque tal vez haya alguna similitud con la teolog\u00eda mesi\u00e1nica jud\u00eda de la \u00e9poca del Nuevo Testamento, que esperaba la llegada de un salvador que actuar\u00eda en la esfera pol\u00edtica para liberar al pueblo de Dios del poder romano.<\/p>\n\n\n\n<p class=\"wp-block-paragraph\">Nuestro estudio de los a\u00f1os santos debe recordarnos que la Biblia no solo promete cosas mejores en el cielo para los oprimidos (\u00abpan de cielo cuando mueras\u00bb), sino que anima a actuar concretamente para liberarlos del sufrimiento en este mundo. Es de esperar que hoy en d\u00eda los cristianos de diferentes tradiciones teol\u00f3gicas puedan estar de acuerdo en que el evangelio no solo se ocupa de cuestiones espirituales, sino tambi\u00e9n de los asuntos de este mundo.<\/p>\n\n\n\n<p class=\"wp-block-paragraph\">Sin embargo, debemos se\u00f1alar que la palabra griega aphesis \u1f04\u03c6\u03b5\u03c3\u03b9\u03c2, traducida como \u00ablibertad\u00bb (NVI) o \u00abliberaci\u00f3n\u00bb (NRSV) en <a href=\"https:\/\/biblia.com\/bible\/rvr60\/Lk4\">Lucas 4<\/a>, suele referirse en la Biblia al perd\u00f3n de los pecados (es decir, la liberaci\u00f3n del castigo por el pecado, por ejemplo, <a href=\"https:\/\/biblia.com\/bible\/rvr60\/Lc3.3\">Lc 3:3<\/a>; <a href=\"https:\/\/biblia.com\/bible\/rvr60\/Lc24.47\">24:47<\/a>). Jes\u00fas no solo predic\u00f3 un evangelio de liberaci\u00f3n del sufrimiento en este mundo (el aspecto horizontal o socioecon\u00f3mico), sino tambi\u00e9n \u2014lo que es a\u00fan m\u00e1s importante desde el punto de vista escatol\u00f3gico\u2014 la liberaci\u00f3n del pecado en este mundo y en el mundo venidero (el aspecto vertical o espiritual).<\/p>\n\n\n\n<p class=\"wp-block-paragraph\">Por lo tanto, la misi\u00f3n de la Iglesia hoy en d\u00eda tambi\u00e9n debe incluir un testimonio hol\u00edstico del evangelio, sin concentrarse exclusivamente en sus aspectos sociales o espirituales. Nuestro objetivo debe ser que todas las personas puedan experimentar la verdadera libertad, libres de opresi\u00f3n y libres del pecado, ahora y para siempre (<a href=\"https:\/\/biblia.com\/bible\/rvr60\/Jn8.36\">Jn 8:36<\/a>; <a href=\"https:\/\/biblia.com\/bible\/rvr60\/Rom6.18\">Rom. 6:18<\/a>; <a href=\"https:\/\/biblia.com\/bible\/rvr60\/Rom8.21\">8:21<\/a>; <a href=\"https:\/\/biblia.com\/bible\/rvr60\/2Cor3.17\">2 Cor. 3:17<\/a>).<\/p>\n\n\n\n<p class=\"has-text-align-center wp-block-paragraph\">\u00bfC\u00f3mo puede hacerse realidad esto hoy en nuestra \u00abaldea global\u00bb? <\/p>\n\n\n\n<p class=\"wp-block-paragraph\">Se pueden hacer muchas cosas. En Indonesia, por ejemplo, se ha liberado a presos pol\u00edticos y se han mejorado las condiciones de trabajo de los obreros de las f\u00e1bricas. Este tipo de cosas solo pueden suceder como resultado del arduo trabajo entre bastidores de personas que luchan por la justicia y la igualdad. Probablemente haya que hacer m\u00e1s en ambos \u00e1mbitos, pero tambi\u00e9n hay otros grupos de personas oprimidas que han sido relativamente ignorados, como los \u00abtrabajadores\u00bb de los burdeles, que a menudo son pr\u00e1cticamente esclavos, y los mendigos con discapacidades f\u00edsicas que son abandonados en las calles por sus propias familias u otras personas, que luego se quedan con la mayor parte de sus \u00abingresos\u00bb. <\/p>\n\n\n\n<figure class=\"wp-block-image alignright size-large is-resized\"><a href=\"https:\/\/i0.wp.com\/atravesdelasescrituras.com\/wp-content\/uploads\/2025\/07\/william_wilberforce.jpg?ssl=1\"><img data-recalc-dims=\"1\" loading=\"lazy\" decoding=\"async\" width=\"650\" height=\"791\" data-attachment-id=\"54140\" data-permalink=\"https:\/\/atravesdelasescrituras.com\/es_es\/2025\/07\/06\/el-jubileo-y-el-milenio\/william_wilberforce\/\" data-orig-file=\"https:\/\/atravesdelasescrituras.com\/wp-content\/uploads\/2025\/07\/william_wilberforce.jpg\" data-orig-size=\"650,791\" data-comments-opened=\"1\" data-image-meta=\"{&quot;aperture&quot;:&quot;0&quot;,&quot;credit&quot;:&quot;&quot;,&quot;camera&quot;:&quot;&quot;,&quot;caption&quot;:&quot;&quot;,&quot;created_timestamp&quot;:&quot;0&quot;,&quot;copyright&quot;:&quot;&quot;,&quot;focal_length&quot;:&quot;0&quot;,&quot;iso&quot;:&quot;0&quot;,&quot;shutter_speed&quot;:&quot;0&quot;,&quot;title&quot;:&quot;&quot;,&quot;orientation&quot;:&quot;0&quot;}\" data-image-title=\"William_wilberforce\" data-image-description=\"\" data-image-caption=\"\" data-large-file=\"https:\/\/atravesdelasescrituras.com\/wp-content\/uploads\/2025\/07\/william_wilberforce.jpg\" src=\"https:\/\/i0.wp.com\/atravesdelasescrituras.com\/wp-content\/uploads\/2025\/07\/william_wilberforce.jpg?resize=650%2C791&#038;ssl=1\" alt=\"\" class=\"wp-image-54140\" style=\"width:180px;height:auto\" \/><\/a><figcaption class=\"wp-element-caption\"><strong>William Wilberforce<\/strong> (<a href=\"https:\/\/es.wikipedia.org\/wiki\/Kingston_upon_Hull\">Kingston upon Hull<\/a>, <a href=\"https:\/\/es.wikipedia.org\/wiki\/Yorkshire\">Yorkshire<\/a>, 24 de agosto de 1759-<a href=\"https:\/\/es.wikipedia.org\/wiki\/Londres\">Londres<\/a>, 29 de julio de 1833)<\/figcaption><\/figure>\n\n\n\n<p class=\"wp-block-paragraph\">Los cristianos de hoy deber\u00edan tomar la iniciativa en la lucha por mejorar las esferas social y pol\u00edtica, llevando la libertad a los desfavorecidos y oprimidos, siguiendo el ejemplo de Wilberforce<sup data-fn=\"a2f07e79-2838-4a14-b42c-c2055346e02d\" class=\"fn\"><a href=\"#a2f07e79-2838-4a14-b42c-c2055346e02d\" id=\"a2f07e79-2838-4a14-b42c-c2055346e02d-link\">41<\/a><\/sup> y otros como \u00e9l en siglos anteriores. Tenemos que luchar contra la ambici\u00f3n humana de poder sobre otros seres humanos, que se manifiesta de muchas formas y tama\u00f1os, incluyendo el control directo de individuos (la esclavitud en sus diversas formas modernas) y de naciones (la pol\u00edtica del poder), y tambi\u00e9n la explotaci\u00f3n indirecta mediante el comercio (los monopolios), la econom\u00eda (la deuda internacional), la cultura (la moda, los medios de comunicaci\u00f3n), etc.<\/p>\n\n\n\n<p class=\"wp-block-paragraph\">Pero en todo esto no debemos olvidar la necesidad de examinarnos a nosotros mismos.Al condenar las injusticias evidentes en el mundo en general, debemos comprobar cuidadosamente que nosotros mismos no estamos involucrados en la opresi\u00f3n y la explotaci\u00f3n, directa o indirectamente. <\/p>\n\n\n\n<p class=\"wp-block-paragraph\">Si somos empleadores, \u00bfc\u00f3mo tratamos a nuestros empleados? Si dirigimos un negocio, \u00bfc\u00f3mo tratamos a nuestros clientes? Si trabajamos en la administraci\u00f3n p\u00fablica, \u00bfestamos realmente al servicio de las necesidades de la sociedad o principalmente llen\u00e1ndonos los bolsillos? Sea cual sea nuestro trabajo, \u00bfpagamos nuestros impuestos con integridad? \u00bfMenospreciamos a otras personas, ya sea por machismo o feminismo militante, discriminaci\u00f3n racial o intolerancia religiosa?<\/p>\n\n\n\n<p class=\"wp-block-paragraph\">E incluso si no hacemos nada para oprimir o explotar a otros, podr\u00edamos preguntarnos qu\u00e9 hacemos realmente para ayudar a los miembros m\u00e1s desfavorecidos de la sociedad \u2014las personas sin hogar y hambrientas, los ancianos que viven solos y las familias monoparentales, los ni\u00f1os de la calle, los mendigos y los vendedores ambulantes\u2014 para que puedan liberarse de la pobreza y el miedo. Es m\u00e1s f\u00e1cil criticar a los opresores que reconocer que nuestras propias vidas pueden necesitar un cambio, pero \u00bfnos atrevemos a afirmar que no tenemos pecado (<a href=\"https:\/\/biblia.com\/bible\/rvr60\/Mt7.3\">Mt 7:3<\/a>; <a href=\"https:\/\/biblia.com\/bible\/rvr60\/Jn8.7\">Jn 8:7<\/a>)?<\/p>\n\n\n\n<h3 class=\"wp-block-heading\" id=\"restauracion\">Restauraci\u00f3n<\/h3>\n\n\n\n<p class=\"wp-block-paragraph\">El tercer tema clave en la idea b\u00edblica del a\u00f1o santo (concretamente el jubileo) es la \u00abrestauraci\u00f3n\u00bb, en particular la restauraci\u00f3n de la tierra. Dado que la tierra pertenece a Dios, que la dividi\u00f3 equitativamente cuando Israel entr\u00f3 en Palestina, los ricos no deben ampliar sus propiedades comprando tierras a los pobres (cf. <a href=\"https:\/\/biblia.com\/bible\/rvr60\/Is5.8\">Is 5:8<\/a>). <\/p>\n\n\n\n<p class=\"wp-block-paragraph\">Si en circunstancias extremas alguien se ve obligado a vender su tierra, solo puede hacerlo en r\u00e9gimen de arrendamiento, conservando el propietario el derecho de redenci\u00f3n en cualquier momento; y en el a\u00f1o jubilar, toda tierra no redimida debe ser devuelta a su propietario original. As\u00ed pues, <strong>el a\u00f1o jubilar, si se pone en pr\u00e1ctica, deber\u00eda contribuir a eliminar las desigualdades sociales y dar un nuevo comienzo a quienes se han empobrecido y han perdido sus tierras o incluso su libertad<\/strong>.<\/p>\n\n\n\n<p class=\"wp-block-paragraph\">La relevancia de la idea del jubileo para el problema de la acumulaci\u00f3n de tierras en manos de una clase relativamente peque\u00f1a de terratenientes es hoy bastante evidente. Por ejemplo, en ciertas zonas de Indonesia, he o\u00eddo que empresarios de las ciudades llegan y hacen ofertas atractivas a los campesinos, que est\u00e1n dispuestos a vender sus tierras. La gente est\u00e1 contenta, porque tiene dinero en el bolsillo gracias a la venta, pero no se da cuenta de que el pago que ha recibido es muy inferior al valor real de la tierra. Adem\u00e1s, atra\u00eddos por la oportunidad de obtener ganancias r\u00e1pidas, no han considerado las implicaciones de renunciar a una propiedad que podr\u00eda haber proporcionado alimento a sus familias durante muchas generaciones. <\/p>\n\n\n\n<p class=\"wp-block-paragraph\">Otro m\u00e9todo utilizado por quienes se dedican a la b\u00fasqueda de la riqueza a cualquier precio es entrar en una zona y pagar a los habitantes locales para que destruyan su propio entorno, por ejemplo, talando \u00e1rboles en los bosques. Los trabajadores reciben un salario razonable y no se quejan, pero el empresario obtiene muchos m\u00e1s beneficios y la p\u00e9rdida a largo plazo para el medio ambiente es incalculable. Desde el punto de vista legal, en este caso la tierra no cambia de manos, pero su riqueza ha sido saqueada y pasa a tener poco valor para su propietario.<\/p>\n\n\n\n<p class=\"wp-block-paragraph\">Estamos llamados a darnos cuenta de que la tierra y todo lo que hay en ella pertenecen a Dios (<a href=\"https:\/\/biblia.com\/bible\/rvr60\/Ps24.1\">Sal. 24:1<\/a>), y no tenemos derecho a tratar la tierra como si fuera nuestra propiedad privada. Aunque no hay vers\u00edculos de la Escritura que definan los l\u00edmites de la tierra en nuestro mundo actual, el principio de la divisi\u00f3n seg\u00fan las necesidades (<a href=\"https:\/\/biblia.com\/bible\/rvr60\/Nu26.54\">N\u00fam. 26:54<\/a>), en lugar del deseo o el poder, es sin duda un buen principio que debemos esforzarnos por aplicar hoy en d\u00eda.<\/p>\n\n\n\n<figure class=\"wp-block-image aligncenter size-large is-resized\"><a href=\"https:\/\/i0.wp.com\/atravesdelasescrituras.com\/wp-content\/uploads\/2025\/07\/restaurar.jpg?ssl=1\"><img data-recalc-dims=\"1\" loading=\"lazy\" decoding=\"async\" width=\"770\" height=\"480\" data-attachment-id=\"54142\" data-permalink=\"https:\/\/atravesdelasescrituras.com\/es_es\/2025\/07\/06\/el-jubileo-y-el-milenio\/restaurar\/\" data-orig-file=\"https:\/\/atravesdelasescrituras.com\/wp-content\/uploads\/2025\/07\/restaurar.jpg\" data-orig-size=\"770,480\" data-comments-opened=\"1\" data-image-meta=\"{&quot;aperture&quot;:&quot;0&quot;,&quot;credit&quot;:&quot;&quot;,&quot;camera&quot;:&quot;&quot;,&quot;caption&quot;:&quot;&quot;,&quot;created_timestamp&quot;:&quot;0&quot;,&quot;copyright&quot;:&quot;&quot;,&quot;focal_length&quot;:&quot;0&quot;,&quot;iso&quot;:&quot;0&quot;,&quot;shutter_speed&quot;:&quot;0&quot;,&quot;title&quot;:&quot;&quot;,&quot;orientation&quot;:&quot;0&quot;}\" data-image-title=\"restaurar\" data-image-description=\"\" data-image-caption=\"\" data-large-file=\"https:\/\/atravesdelasescrituras.com\/wp-content\/uploads\/2025\/07\/restaurar.jpg\" src=\"https:\/\/i0.wp.com\/atravesdelasescrituras.com\/wp-content\/uploads\/2025\/07\/restaurar.jpg?resize=770%2C480&#038;ssl=1\" alt=\"\" class=\"wp-image-54142\" style=\"aspect-ratio:1.6041652146500351;width:436px;height:auto\" \/><\/a><\/figure>\n\n\n\n<p class=\"wp-block-paragraph\">Los propietarios de tierras comunes podr\u00edan recibir cierta protecci\u00f3n frente al expansionismo de los ricos y poderosos mediante una legislaci\u00f3n adecuada. Se necesitar\u00e1n medidas a\u00fan m\u00e1s radicales para invertir la tendencia y comenzar a avanzar hacia la igualdad, de modo que la tierra se divida de forma m\u00e1s justa entre sus habitantes. No ser\u00e1 f\u00e1cil, \u00a1pero el cambio es posible! <\/p>\n\n\n\n<p class=\"wp-block-paragraph\">Por ejemplo, Milgrom (1997) menciona que el porcentaje de agricultores de Corea del Sur que eran propietarios de sus tierras, en lugar de trabajar como arrendatarios, aument\u00f3 del 50 % al 94 % entre 1952 y 1954.<\/p>\n\n\n\n<p class=\"wp-block-paragraph\">La idea de restauraci\u00f3n en el jubileo b\u00edblico se centra especialmente en la propiedad de la tierra, pero no tiene por qu\u00e9 limitarse a ella. <a href=\"https:\/\/biblia.com\/bible\/rvr60\/Is35\">Isa\u00edas 35<\/a> describe la liberaci\u00f3n de los exiliados israelitas en Babilonia y su restauraci\u00f3n a su propia tierra; tambi\u00e9n prev\u00e9 la restauraci\u00f3n del medio ambiente (<a href=\"https:\/\/biblia.com\/bible\/rvr60\/Is35.1-2\">vv. 1-2<\/a>, <a href=\"https:\/\/biblia.com\/bible\/rvr60\/Is35.6-7\">6b-7<\/a>; cf. m\u00e1s arriba: secci\u00f3n sobre el descanso) y la salud (<a href=\"https:\/\/biblia.com\/bible\/rvr60\/Is35.5-6\">vv. 5-6a<\/a>). En el Nuevo Testamento, <a href=\"https:\/\/biblia.com\/bible\/rvr60\/Lucas\">Lucas<\/a> utiliza el t\u00e9rmino apokatastasis en referencia al fin de los tiempos, cuando Dios restaurar\u00e1 \u00abtodas las cosas\u00bb (<a href=\"https:\/\/biblia.com\/bible\/rvr60\/Hechos%203:21\">Hechos 3:21<\/a>).<\/p>\n\n\n\n<p class=\"wp-block-paragraph\">Quiz\u00e1s nos sentimos impotentes cuando vemos la codicia desenfrenada y la incapacidad de los pobres para oponerse a ella.<\/p>\n\n\n\n<p class=\"wp-block-paragraph\">Parecer\u00eda que el antiguo Israel se enfrentaba al mismo problema en relaci\u00f3n con los a\u00f1os sab\u00e1ticos y jubilares: eran una buena idea, pero los ricos no quer\u00edan reducir sus salarios y beneficios para que otros tuvieran lo suficiente. Sin embargo, no podemos permanecer en silencio. Se necesita la voz prof\u00e9tica de la Iglesia para censurar la codicia de quienes explotan a sus semejantes, empezando por los que se sientan en los bancos los domingos y continuando con todos los que tratan a otras personas como medios para ganar dinero en lugar de como criaturas de Dios que fueron creadas para ser amadas. <\/p>\n\n\n\n<p class=\"wp-block-paragraph\">Pero quiz\u00e1 sea a\u00fan m\u00e1s importante que los cristianos vivan de acuerdo con el evangelio, siguiendo la directriz de Jes\u00fas de no acumular tesoros en la tierra (<a href=\"https:\/\/biblia.com\/bible\/rvr60\/Mateo%206:19\">Mateo 6,19<\/a>; cf. <a href=\"https:\/\/biblia.com\/bible\/rvr60\/Mateo%205:40-42\">Mateo 5,40-42<\/a>; <a href=\"https:\/\/biblia.com\/bible\/rvr60\/Mateo%2019:16-26\">19:16-26<\/a>; <a href=\"https:\/\/biblia.com\/bible\/rvr60\/Lucas%203:11\">Lucas 3:11<\/a>; <a href=\"https:\/\/biblia.com\/bible\/rvr60\/Lucas%2012:13-21\">12:13-21<\/a>; <a href=\"https:\/\/biblia.com\/bible\/rvr60\/Lucas%2019:8-10\">19:8-10<\/a>) y trabajando por la igualdad en los salarios, las oportunidades y los privilegios. Citando el proverbio chino, es mejor encender una vela que maldecir la oscuridad.<\/p>\n\n\n\n<h2 class=\"wp-block-heading\" id=\"posdata\">Posdata<\/h2>\n\n\n\n<p class=\"wp-block-paragraph\">No se sabe con certeza hasta qu\u00e9 punto el antiguo Israel segu\u00eda los ciclos de siete y cincuenta a\u00f1os para los a\u00f1os santos y, en cualquier caso, ser\u00eda bastante irrealista en muchos casos que los revivamos ahora en sentido literal. Sin embargo, celebramos aniversarios (cada a\u00f1o), bodas de plata y de oro (25 y 50 a\u00f1os, respectivamente) y centenarios (100 a\u00f1os), y actualmente todo el mundo espera con ilusi\u00f3n la celebraci\u00f3n del milenio (1000 a\u00f1os). A menudo, estas ocasiones se consideran oportunidades para celebrar fiestas extravagantes: \u00a1cu\u00e1nto mejor ser\u00eda si las convirti\u00e9ramos en momentos de reflexi\u00f3n y renovaci\u00f3n, revisando lo que ha fallado en el pasado y tomando medidas concretas para corregirlo!<\/p>\n\n\n\n<p class=\"wp-block-paragraph\">Como hemos visto, la idea b\u00edblica de los a\u00f1os sab\u00e1ticos y jubilares incluye tres grandes temas: el descanso, la libertad y la restauraci\u00f3n. \u00bfPor qu\u00e9 no hacer de estos temas los del nuestro milenio? \u00bfPodemos desafiar tanto a la iglesia como al mundo a celebrar el a\u00f1o 2000:<\/p>\n\n\n\n<p class=\"wp-block-paragraph\">\u25a0 descansando de la explotaci\u00f3n del medio ambiente:<br>\u25a0 luchando por la liberaci\u00f3n de los oprimidos y los pobres: y<br>\u25a0 tomando medidas para promover la igualdad en la propiedad de la tierra y otras riquezas materiales?<br><br>Una iniciativa en este sentido ha sido tomada por la Campa\u00f1a Jubileo 2000<sup data-fn=\"8eca5eb1-3ff6-4aee-b8ff-b5164682a4e3\" class=\"fn\"><a href=\"#8eca5eb1-3ff6-4aee-b8ff-b5164682a4e3\" id=\"8eca5eb1-3ff6-4aee-b8ff-b5164682a4e3-link\">42<\/a><\/sup>, en su llamamiento a la cancelaci\u00f3n de la deuda internacional. El texto de lo que Jubileo 2000 espera que sea \u00abla petici\u00f3n m\u00e1s grande del mundo\u00bb, que se presentar\u00e1 a los l\u00edderes de los pa\u00edses m\u00e1s ricos en la Cumbre del G7 en 1999, dice lo siguiente:<\/p>\n\n\n\n<blockquote class=\"wp-block-quote is-layout-flow wp-block-quote-is-layout-flow\">\n<p class=\"wp-block-paragraph\">\u25a0 Los abajo firmantes creemos que el comienzo del nuevo milenio debe ser un momento para dar esperanza a los pueblos empobrecidos del mundo.<br>\u25a0 Para empezar de nuevo, creemos que es justo dejar atr\u00e1s los errores cometidos tanto por los prestamistas como por los prestatarios y cancelar las deudas impagables de las naciones m\u00e1s empobrecidas.<br>\u25a0 Hacemos un llamamiento a los l\u00edderes de los pa\u00edses acreedores para que condonen estas deudas antes del a\u00f1o 2000. Les pedimos que tomen medidas efectivas para evitar que se vuelvan a acumular niveles tan elevados de deuda. Esperamos un nuevo comienzo para celebrar el milenio.<\/p>\n<\/blockquote>\n\n\n\n<p class=\"wp-block-paragraph\">Los cristianos podr\u00edan emprender iniciativas similares en relaci\u00f3n con otras cuestiones importantes, como el medio ambiente, el comercio justo, las inversiones \u00e9ticas, las formas modernas de esclavitud, etc. Al mismo tiempo, debemos recordar que es m\u00e1s f\u00e1cil decir a los dem\u00e1s lo que tienen que hacer que hacerlo nosotros mismos. Debemos tener cuidado de \u00abpredicar con el ejemplo\u00bb y asegurarnos de que en nuestra vida personal actuamos con integridad y compasi\u00f3n hacia los necesitados que nos rodean<\/p>\n\n\n\n<p class=\"wp-block-paragraph\">Por \u00faltimo, debemos recordar que el significado de un a\u00f1o santo solo se comprender\u00e1 verdaderamente si nos remite a Dios como Creador del cielo y de la tierra, que nos invita a participar en su gran obra de sostener el mundo, hasta el momento en que haga nuevas todas las cosas (<a href=\"https:\/\/biblia.com\/bible\/rvr60\/Re21\">Ap 21<\/a>&#8211;<a href=\"https:\/\/biblia.com\/bible\/rvr60\/Re22\">22<\/a>). Si mantenemos esta perspectiva prof\u00e9tica y escatol\u00f3gica, y nos comprometemos a traducir estas ideas en acciones, entonces podremos hacer del a\u00f1o 2000 nuestro a\u00f1o santo.<\/p>\n\n\n\n<hr class=\"wp-block-coblocks-dynamic-separator\" style=\"height:50px\" \/>\n\n\n\n<p class=\"has-text-align-center wp-block-paragraph\"><strong>Fuente: Themelios 24, n.o 1 (1998)<\/strong><\/p>\n\n\n\n<ul class=\"wp-block-list\">\n<li><strong>Bibliograf\u00eda:<\/strong><\/li>\n<\/ul>\n\n\n\n<p class=\"has-small-font-size wp-block-paragraph\">Amit, Y., \u2018The Jubilee Law\u2014An Attempt at Instituting Social Justice\u2019, Justice and Righteousness: Biblical Themes and their Influence, H.G. Reventlow &amp; Y. Hoffmann eds (Sheffield; JSOTS 137, 1992), pp. 47\u201359.<br>Andreasen, N.-E., The Old Testament Sabbath: A Tradition-Historical Investigation (SBL Dissertation Series 7), 1972.<br>\u2014\u2014\u2014 \u2018Festival and Freedom: A Study of an Old Testament Theme\u2019 Interpretation 28, (1974) pp. 281\u2013297.<br>Arias, M., \u2018Mission and Liberation: The Jubilee: A Paradigm for Mission Today\u2019 IRM 73, (1984), pp. 33\u201348.<br>Astour, M.C., \u2018Habiru\u2019, IDBS; (1976), pp. 382 85.<br>Bendor, S., The Social Structure of Ancient Israel (Jerusalem: Simor, Jerusalem Biblical Studies 7, 1996).<br>Botterweck, G.J. \u2018ebhy\u014dn\u2019 TDOT 1, (translation from German, original 1970; (1974)), pp. 27\u201341.<br>Childs, B.S., Exodus: A Commentary (London: SCM, 1974).<br>Chirichigno, G.C., Debt-Slavery in Israel and the Ancient Near East (Sheffield: JSOTS 141, 1993).<br>Clines, D.J.A., \u2018Social Responsibility in the Old Testament\u2019 (Shaftesbury Project, unpublished paper, n.d).<br>Cole, R.A., Exodus: An Introduction and Commentary (London: Tyndale, 1973).<br>Craigie, P.C., The Book of Deuteronomy, (Grand Rapids: NICOT, 1976).<br>Driver, S.R., A Critical and Exegetical Commentary on Deuteronomy (Edinburgh: ICC, third edition, 1902).<br>Durham, J.I., Word Biblical Commentary Volume 3: Exodus (Waco: Texas, Word Books, 1987).<br>Epsztein, L., Social Justice in the Ancient Near East and the People of the Bible, (London: (from French translation, original 1983), 1986), pp. 133\u201334.<br>Fager, J.A., \u2018Land Tenure in the Biblical Jubilee: A Moral World View\u2019, Hebrew Annual Review 11 (1987), pp. 59\u201368.<br>\u2014\u2014\u2014 Land Tenure and the Biblical Jubilee: Uncovering Hebrew Ethics through the Sociology of Knowledge (Sheffield: JSOTS 155, 1993).<br>Ginzberg, E., \u2018Studies in the Economics of the Bible\u2019, JQR 22 (1932), pp. 343\u2013408.<br>Gnuse, R., \u2018Jubilee Legislation in Leviticus: Israel\u2019s Vision of Social Reform\u2019, BThB 15 (1985), pp. 43\u201348.<br>Gottwald, N., \u2018Israel, Social and Economic Development of\u2019, IDBS, (1976), pp. 465\u201368.<br>Hallman, D.G., ed., Ecotheology: Voices from South and North (Geneva: WCC, 1994).<br>Hallo, W.W., \u2018New Moons and Sabbaths: A Case-study in the Contrastive Approach\u2019. HUCA 48. (1977), pp. 1\u201318.<br>Hanks, T.D., God So Loved the Third World: The Biblical Vocabulary of Oppression (New York: Orbis. (from Spanish translation, original 1982), 1983).<br>Hartley, J.E., Word Biblical Commentary Volume 4: Leviticus (Dallas: Texas Word Books, 1992).<br>Herlianto, Teologi Sukses: Antara Allah dan Mamon (Jakarta: BPK, 1992).<br>Hoenig, S.B., \u2018Sabbatical Years and the Year of Jubilee\u2019, JQR 59 (1969), pp. 222\u201336.<br>Hollenbach, P., \u2018Liberating Jesus for Social Involvement\u2019, BThB 15, (1985), pp. 151\u201357.<br>Jackson, R., \u2018Prosperity theology and the faith movement\u2019, Themelios 15 (1989), pp. 16\u201324.<br>Kaufman, S.A., \u2018A Reconstruction of the Social Welfare Systems of Ancient Israel\u2019. In the Shelter of Elyon: Essays on Ancient Palestinian Life and Literature in Honor of G.W. Ahlstr\u00f6m. W.B. Barrick &amp; J.R. Spencer, eds (Sheffield: JSOTS 31, 1984), pp. 277\u2013286.<br>Kirk, A., \u2018The Origin of Accumulated Wealth: The Marxist Thesis and a Hermeneutical Reflection\u2019, (Shaftesbury Project, unpublished paper, n.d.).<br>Lemche, N.P., \u2018The Manumission of Slaves\u2014The Fallow Year\u2014The Sabbatical Year\u2014The Jobel Year\u2019. VT 26 (1976), pp. 38\u201359.<br>\u2014\u2014\u2014 \u2018Andur\u0101rum and Mi\u0161arum: Comments on the Problem of Social Edicts and Their Application in the Ancient Near East\u2019, JNES 38 (1979), pp. 11\u201322.<br>\u2014\u2014\u2014 \u2018\u1e2aabiru, \u1e2aapiru\u2019 and \u2018Hebrew\u2019, The Anchor Bible Dictionary volume 3 D.N. Freedman ed. (New York\/London: Doubleday, 1992), pp. 6\u201310, 95.<br>Lincoln, A.T., \u2018Sabbath. Rest, and Eschatology in the New Testament\u2019. From Sabbath to Lord\u2019s Day D.A. Carson. ed. (Grand Rapids: Michigan Zondervan: pp. 197\u2013220). 1982.<br>Lumy, S.S., \u2018Deskripsi Gagasan Desa Pancasila\u2019, (private publication, 1994).<br>Marshall, I.H., The Gospel of Luke: A Commentary on the Greek Text (Exeter: Paternoster, 1978).<br>Milgrom, J., \u2018The Land Redeemer and the Jubilee\u2019, Fortunate the Eyes That See: Essays in Honor of David Noel Freedman, A.B. Beck, ed., et aL (Grand Rapids: Michigan\/Cambridge UK: Eerdmans, 1995), pp. 66\u201369.<br>\u2014\u2014\u2014 \u2018Jubilee: A Rallying Cry for Today\u2019s Oppressed\u2019. Bible Review 13\/2: pp. 16, 48, 1997.<br>Morgenstern, J., \u2018Jubilee, Year of, IDB 2, (1962), pp. 1001\u201302.<br>Nash, J.A. et al. \u2018Theology and Ecology\u2019. Interpretation 50. symposium (1996), pp. 4\u201346.<br>Nicholls, B.J. ed., Symposium on \u2018Prosperity Theology and Theology of Suffering\u2019, Evangelical Review of Theology 20 (1996), pp. 3\u201394.<br>Nolland, J.L., Word Biblical Commentary Volume 35A: Luke 1\u20139:20 (Dallas, Texas: Word, 1989).<br>North, R.G., \u2018der\u00f4r\u2019. TDOT 3, translation from German original 1974\u201375 (1978), pp. 265\u201369.<br>\u2014\u2014\u2014 \u2018y\u00f4\u1e07\u0113l\u2019, TDOT 6, translation from German, original 1980\u201382 (1990), pp. 1\u20136.<br>Osborn, L., Guardians of Creation: Nature in theology and the Christian life (Leicester: Apollos, 1993).<br>Rad, G. Von, \u2018There still remains a rest for the people of God\u2019. The Problem of the Hexateuch and other essays, Edinburgh\/London. (translation from German, original 1933), 1966a.<br>\u2014\u2014\u2014 Deuteronomy: A Commentary. London, OTL, (from German translation, original 1964), 1966b.<br>Raintung, F.W. et al., Tahun Rahmat and Permerdekaan (Jakarta\/Surakarta: PGI\/YBKS, 1995).<br>Ringe, S.H., Jesus, Liberation, and the Biblical Jubilee: Images for Ethics and Christology (Philadelphia: Fortress, 1985).<br>Robinson, T.H., A History of Israel vol I From the Exodus to the Fall of Jerusalem, 586 B.C. (Oxford: Clarendon 1932).<br>Rodgers, M., \u2018Luke 4:16\u201330\u2014A Call for a Jubilee Year?\u2019. Ref TR 40, 1981). pp. 72\u201382.<br>Rothkoff, A., \u2018Sabbatical Year in Post-Biblical Times\u2019. Encyclopaedia Judaica volume 14 (Jerusalem: Keter. 1972) pp. 582\u201385.<br>Safrai, S., \u2018Jubilee in the Second Temple Period\u2019. Encyclopaedia Judaica volume 14. (Jerusalem: Keter, 1972) pp. 572\u201382.<br>Saini, M.K., Debt Crisis and the Future (Delhi: Indian Institute of Research on Transnational Corporations, 1986).<br>Sanders, J.A., \u2018Sins, Debts and Jubilee Release\u2019, Text as Pretext: Essays in Honor of Robert Davidson R.P. Carroll, ed. (Sheffield: JSOTS 138, 1992), pp. 273\u201381.<br>Schaeffer, H., Hebrew Tribal Economy and the Jubilee: as Illustrated in Semitic and Indo-European Village Communities (Leipzig: Hinrichs\u2019sche, 1922).<br>Seccombe, D.P., Possessions and the Poor in Luke-Acts (Linz: Studien zum Neuen Testament und seiner Umwelt, 1982).<br>Selms, A. Van, \u2018Jubilee, Year of, IDBS (1976), pp. 496\u201398.<br>Sider, R.J., Rich Christians in an Age of Hunger: A Biblical Study (London: Hodder, 1978 (USA edition 1977)).<br>Sloan, R.B., The Favorable Year of the Lord: A Study of Jubilary Theology in the Gospel of Luke (Austin, Texas: Schola Press, 1977).<br>Strobel, A., \u2018Die Ausrufung des Jobeljahrs in der Nazarethpredigt Jesu\u2019. Jesus in Nazareth W. Eltester, ed. (Berlin\/New York: de Gruyter, 1972), pp. 38\u201350.<br>Sugden, C., \u2018Is it possible to enforce the standards of socio-economic justice set out in the Old Testament and the New Testament?\u2019 (unpublished paper, n.d.).<br>Tannehill, R.C., \u2018The Mission of Jesus according to Luke IV 16\u201330\u2019. Jesus in Nazareth W. Eltester, ed. (Berlin\/New York: de Gruyter, 1972) pp. 51\u201375.<br>Thompson, J.A., Deuteronomy: An Introduction and Commentary. (London: IVP. 1974).<br>Trocm\u00e9, A., Jesus and the Nonviolent Revolution, (Scottdale, Pennsylvania: Herald, (trans, from French, original 1961) 1973).<br>Tsevat, M., \u2018The Basic Meaning of the Biblical Sabbath\u2019, ZAW 84 (1972), pp. 447\u201359.<br>Vanderkam, J.C., \u2018Calendars: Ancient Israelite and Early Jewish\u2019. The Anchor Bible Dictionary volume 1 D.N. Freedman ed. (New York\/London: Doubleday, 1992), pp. 813\u201320.<br>Vaux, R. De. Ancient Israel: Its Life and Institutions (London: DLT, (trans. from French, original 1958\u201360), 1961).<br>Wacholder, B.Z., \u2018Sabbatical Year\u2019, IDBS (1976), pp. 762\u2013763.<br>Weinfeld, M., Social Justice in Ancient Israel and in the Ancient Near East, (Jerusalem\/Minneapolis: Magnes\/Fortress, 1995).<br>Wenham, G.J., The Book of Leviticus (Grand Rapids: NICOT, 1979).<br>Westbrook, R., Property and the Family in Biblical Law (Sheffield: JSOTS 113, 1991).<br>Widyatmadja &amp; Damanik, J.P. &amp; J. eds No More Yoke on our Neck: Fifty Years Independence of Indonesia (Surakarta: YBKS, 1995).<br>Widyatmadja, J.P., \u2018Hidup sehati dan saling melayani: Makna tahun Yobel dan peringatan lima puluh tahun sinode GKI Jateng\u2019 (unpublished paper, 1995).<br>Willoughby, R., \u2018The Concept of Jubilee and Luke 4:18\u201330\u2019, Mission and Meaning, A. Billington ed., et. al. (Carlisle: Paternoster, 1995), pp. 41\u201355.<br>Wright, C.J.H., Living as the People of God: The Relevance of Old Testament Ethics, (Leicester: IVP, 1983).<br>\u2014\u2014\u2014 \u2018Jubilee, Year of\u2019, The Anchor Bible Dictionary volume 3. D.N. Freedman ed., (New York: Doubleday, 1992): pp. 1025\u201330.<br>Yoder, J.H., The Politics of Jesus (Grand Rapids: Michigan, Eerdmans, 1972).<\/p>\n\n\n\n<hr class=\"wp-block-separator has-alpha-channel-opacity\" \/>\n\n\n<ol class=\"wp-block-footnotes has-small-font-size\"><li id=\"d1cfea86-1b08-4ab9-af3e-f81cb29c7737\">El sustantivo y\u00f4b\u0113l se refiere a un cuerno de carnero que ha sido transformado en trompeta. Tambi\u00e9n es la designaci\u00f3n del A\u00f1o Jubilar descrito en Lev\u00edtico. En ambos significados, el y\u00f4b\u0113l est\u00e1 relacionado con la santidad del Se\u00f1or e implica un acto de consagraci\u00f3n.<br>Como cuerno de carnero, y\u00f4b\u0113l se utiliza en paralelo con el sustantivo \u0161\u00f4p\u0101r (\u00abtrompeta\u00bb). La instrucci\u00f3n relativa al sonido del y\u00f4b\u0113l en un d\u00eda espec\u00edfico est\u00e1 estrechamente relacionada con la presencia del Se\u00f1or y se\u00f1ala que Dios est\u00e1 a punto de actuar. El Se\u00f1or le dice a Mois\u00e9s que consagre al pueblo de Israel en preparaci\u00f3n para el tercer d\u00eda, en el que un largo toque del y\u00f4b\u0113l servir\u00e1 de invitaci\u00f3n para que suban al monte Sina\u00ed en presencia de Dios (\u00c9xodo 19:9-13). El Se\u00f1or ordena a Josu\u00e9 que marche diariamente alrededor de la ciudad de Jeric\u00f3 con su ej\u00e9rcito, encabezado por \u00absiete sacerdotes que llevar\u00e1n siete trompetas de cuerno de carnero delante del arca\u00bb (Josu\u00e9 6:4). El s\u00e9ptimo d\u00eda, la procesi\u00f3n debe rodear la ciudad siete veces, con los sacerdotes tocando las trompetas. Un sonido prolongado del y\u00f4b\u0113l indica a todos los que participan en la procesi\u00f3n que griten, tras lo cual se produce el milagroso derrumbe de la muralla de la ciudad y el avance de las tropas (v. 5).<br>Al igual que el Jubileo, y\u00f4b\u0113l es una designaci\u00f3n para el quincuag\u00e9simo a\u00f1o (despu\u00e9s de siete a\u00f1os sab\u00e1ticos) y sirve como recordatorio de los roles de Dios como creador y redentor. Iniciado con el sonido fuerte de un \u0161\u00f4p\u0101r, el y\u00f4b\u0113l debe ser consagrado por los israelitas mientras proclaman la libertad para todos los habitantes de la tierra (Lev. 25:10). Durante este tiempo, todos deben regresar a sus respectivas propiedades, teniendo en cuenta este evento en las transacciones previas de la tierra (vv. 13-17). De este modo, el y\u00f4b\u0113l sirve como recordatorio de que la tierra pertenece verdaderamente al Se\u00f1or (vv. 23-24). El y\u00f4b\u0113l tambi\u00e9n incluye la redenci\u00f3n de partes de la propiedad y de ciertas casas, as\u00ed como la liberaci\u00f3n de los israelitas que se han vendido para pagar sus deudas (vv. 39-46). De este modo, el y\u00f4b\u0113l sirve como recordatorio de que los israelitas son siervos del Se\u00f1or, que los sac\u00f3 de Egipto (v. 55). <a href=\"#d1cfea86-1b08-4ab9-af3e-f81cb29c7737-link\" aria-label=\"Saltar a la referencia de la nota 1\">\u21a9\ufe0e<\/a><\/li><li id=\"c16d173e-a927-41f8-97f6-bb4c393712ad\">V\u00e9ase von Rad 1966b; Clines s. f. <a href=\"#c16d173e-a927-41f8-97f6-bb4c393712ad-link\" aria-label=\"Saltar a la referencia de la nota 2\">\u21a9\ufe0e<\/a><\/li><li id=\"925e8f5a-45d9-400c-b630-0b0cb2c2e77c\">Weinfeld 1995: pp. 167-68 <a href=\"#925e8f5a-45d9-400c-b630-0b0cb2c2e77c-link\" aria-label=\"Saltar a la referencia de la nota 3\">\u21a9\ufe0e<\/a><\/li><li id=\"a05f9725-9f1c-4c41-86ee-59a2cb236b9c\">No est\u00e1 claro si la intenci\u00f3n era que el a\u00f1o sab\u00e1tico se observara simult\u00e1neamente en todo el pa\u00eds o por separado, seg\u00fan la fecha en que se hubiera tomado posesi\u00f3n de una determinada parcela de tierra, pero la comparaci\u00f3n con el vers\u00edculo siguiente sugiere que se fij\u00f3 a nivel nacional (cf. Dt. 15, 1, 9; 31, 10-11). Ginzberg (1932: pp. 352-354) sugiere que originalmente fue fijado por separado por los diferentes propietarios de la tierra, pero que con el tiempo se fij\u00f3 de manera uniforme. <a href=\"#a05f9725-9f1c-4c41-86ee-59a2cb236b9c-link\" aria-label=\"Saltar a la referencia de la nota 4\">\u21a9\ufe0e<\/a><\/li><li id=\"fe8836f9-dfb6-46e6-81de-d860a2252a8a\">Esta norma se desarrolla con m\u00e1s detalle en Lev. 25:2-7, donde parece que el propietario de la tierra pod\u00eda recoger los productos que crec\u00edan por s\u00ed solos, al igual que los pobres, de modo que, en la pr\u00e1ctica, todo el pueblo de Israel volv\u00eda temporalmente al estilo de vida n\u00f3mada que hab\u00eda sido el suyo antes de entrar en la tierra prometida (Wenham, 1979: p. 318). <a href=\"#fe8836f9-dfb6-46e6-81de-d860a2252a8a-link\" aria-label=\"Saltar a la referencia de la nota 5\">\u21a9\ufe0e<\/a><\/li><li id=\"f42fcfdf-20cf-4fb6-9b05-5730700fb09f\">El significado exacto del t\u00e9rmino \u00abhebreo\u00bb y su relaci\u00f3n con el grupo de personas llamadas habiru en el antiguo Oriente Pr\u00f3ximo ha sido objeto de debate durante mucho tiempo (v\u00e9ase Thompson 1974: pp. 189-190; Astour 1976: Lemche 1992). En el Antiguo Testamento se utiliza generalmente en un sentido algo despectivo, casi siempre por otros al referirse a los israelitas, y no por los propios israelitas al referirse a s\u00ed mismos. En este contexto, parece que la referencia es a un esclavo israelita (Childs 1974: cf. Dt 15:12; Je. 34:9). Quiz\u00e1s se utiliza la palabra \u00abhebreo\u00bb porque la idea de que un \u00abisraelita\u00bb fuera esclavo era abominable. <a href=\"#f42fcfdf-20cf-4fb6-9b05-5730700fb09f-link\" aria-label=\"Saltar a la referencia de la nota 6\">\u21a9\ufe0e<\/a><\/li><li id=\"03b03039-b8a8-49db-9d7d-f4feaccbb917\">Seg\u00fan De Vaux (1961: p. 173), los seis a\u00f1os se contaban desde el momento en que la persona comenzaba a trabajar para su amo, pero tambi\u00e9n puede entenderse que todas las personas de esta categor\u00eda eran liberadas simult\u00e1neamente en el a\u00f1o sab\u00e1tico, es decir, cada s\u00e9ptimo a\u00f1o, seg\u00fan la observancia nacional. <a href=\"#03b03039-b8a8-49db-9d7d-f4feaccbb917-link\" aria-label=\"Saltar a la referencia de la nota 7\">\u21a9\ufe0e<\/a><\/li><li id=\"97e6bab2-d48b-49aa-8457-321ededfeee4\">Existen opiniones muy diferentes sobre el desarrollo de la estructura social y econ\u00f3mica del antiguo Israel (por ejemplo, Robinson 1932: pp. 355-367; de Vaux 1961; pp. 164-167; Gottwald 1976; Bendor 1996), que no pueden discutirse aqu\u00ed. Supongo que hubo una evoluci\u00f3n desde una sociedad relativamente igualitaria basada en la familia durante el primer periodo de asentamiento en Palestina hacia otra con una mayor diferenciaci\u00f3n de la riqueza y unos lazos familiares m\u00e1s d\u00e9biles durante la monarqu\u00eda dividida. <a href=\"#97e6bab2-d48b-49aa-8457-321ededfeee4-link\" aria-label=\"Saltar a la referencia de la nota 8\">\u21a9\ufe0e<\/a><\/li><li id=\"bb7127a9-efcd-49ae-91fa-225ed96cf904\">Hay precedentes en Mesopotamia de este tipo de condonaciones de la deuda (Weinfeld 1995: pp. 162-68). <a href=\"#bb7127a9-efcd-49ae-91fa-225ed96cf904-link\" aria-label=\"Saltar a la referencia de la nota 9\">\u21a9\ufe0e<\/a><\/li><li id=\"5c910627-3b75-4bd2-8980-385e59bcbc16\">Al parecer, la raz\u00f3n era que la esclava era vendida por su padre como concubina, por lo que se convert\u00eda en un miembro (relativamente) permanente de la familia del acreedor (Childs 1974: Durham 1987). Como tal, ten\u00eda ciertos derechos (vv. 9-10) y, en determinadas circunstancias, tambi\u00e9n pod\u00eda ser liberada (vv. 8, 11). <a href=\"#5c910627-3b75-4bd2-8980-385e59bcbc16-link\" aria-label=\"Saltar a la referencia de la nota 10\">\u21a9\ufe0e<\/a><\/li><li id=\"0bfbb4d7-6e47-4a70-b32c-87046d71bd42\">Para un estudio detallado de la esclavitud por deudas en Israel y el antiguo Oriente Pr\u00f3ximo, v\u00e9ase Chirichigno (1993). Lamentablemente, no puedo discutir la interpretaci\u00f3n de las leyes pertinentes dentro de los l\u00edmites de este art\u00edculo.<br> <a href=\"#0bfbb4d7-6e47-4a70-b32c-87046d71bd42-link\" aria-label=\"Saltar a la referencia de la nota 11\">\u21a9\ufe0e<\/a><\/li><li id=\"e075a86b-8e82-45a9-854d-dba01eed9a82\">Es dif\u00edcil saber con certeza si deb\u00eda leerse toda la Ley o solo una parte de ella, as\u00ed como si se preve\u00eda que todo Israel se reuniera en un solo lugar al mismo tiempo o si solo asistir\u00edan representantes. Para un an\u00e1lisis, v\u00e9ase Thompson (1974). <a href=\"#e075a86b-8e82-45a9-854d-dba01eed9a82-link\" aria-label=\"Saltar a la referencia de la nota 12\">\u21a9\ufe0e<\/a><\/li><li id=\"13996d7a-f806-44a4-8a32-08dc680aa1b8\">Amit 1992: pp. 50-53 <a href=\"#13996d7a-f806-44a4-8a32-08dc680aa1b8-link\" aria-label=\"Saltar a la referencia de la nota 13\">\u21a9\ufe0e<\/a><\/li><li id=\"2f4c7111-e95b-4506-8794-a51f664839d8\">Sobre la observancia del a\u00f1o sab\u00e1tico despu\u00e9s de los tiempos del Antiguo Testamento, v\u00e9ase Rothkoff (1972) y Wacholder (1976). En el Israel moderno, la instituci\u00f3n es continuada por los jud\u00edos ortodoxos y el pr\u00f3ximo a\u00f1o sab\u00e1tico ser\u00e1 en el a\u00f1o 2000\/01 (a\u00f1o jud\u00edo 5761). <a href=\"#2f4c7111-e95b-4506-8794-a51f664839d8-link\" aria-label=\"Saltar a la referencia de la nota 14\">\u21a9\ufe0e<\/a><\/li><li id=\"b5f1f65c-4534-452d-a4c4-df1ad174aa45\">cf. Kaufman 1984 <a href=\"#b5f1f65c-4534-452d-a4c4-df1ad174aa45-link\" aria-label=\"Saltar a la referencia de la nota 15\">\u21a9\ufe0e<\/a><\/li><li id=\"fa001005-67b2-41a7-838f-8282adb525fe\">Para un debate exhaustivo, v\u00e9ase North (1978). <a href=\"#fa001005-67b2-41a7-838f-8282adb525fe-link\" aria-label=\"Saltar a la referencia de la nota 16\">\u21a9\ufe0e<\/a><\/li><li id=\"a21672c2-9329-4d75-90aa-9a1ddb3f17ad\">Esto no incluye a los esclavos extranjeros comprados en el mercado de esclavos (vv. 44-46). <a href=\"#a21672c2-9329-4d75-90aa-9a1ddb3f17ad-link\" aria-label=\"Saltar a la referencia de la nota 17\">\u21a9\ufe0e<\/a><\/li><li id=\"53bfd256-e6b3-46fd-a4df-52240361e5c8\">por ejemplo, van Selms 1976: Hartley 1992: pp. 434-36 <a href=\"#53bfd256-e6b3-46fd-a4df-52240361e5c8-link\" aria-label=\"Saltar a la referencia de la nota 18\">\u21a9\ufe0e<\/a><\/li><li id=\"465d1b79-753a-4a02-a180-da08b9645bd7\">Esta norma es bastante dif\u00edcil de armonizar con \u00c9xodo 21:2-6 y Deuteronomio 15:12-18. La liberaci\u00f3n de los esclavos hebreos se prescrib\u00eda para el a\u00f1o sab\u00e1tico en \u00c9xodo 21 y Deuteronomio 15, mientras que en Lev\u00edtico 25 los trabajadores esclavos eran liberados en el a\u00f1o jubilar. Para un an\u00e1lisis de las diversas interpretaciones, v\u00e9ase Hartley (1992: pp. 431-33). Sea como fuere, el principio de libertad para el pueblo de Dios est\u00e1 claramente enunciado en todos estos textos. <a href=\"#465d1b79-753a-4a02-a180-da08b9645bd7-link\" aria-label=\"Saltar a la referencia de la nota 19\">\u21a9\ufe0e<\/a><\/li><li id=\"fd5fb1bc-8156-4590-ba60-cf76611e8813\">V\u00e9ase Schaeffer 1922: pp. 68-98; Ginzberg 1932: pp. 369-74 <a href=\"#fd5fb1bc-8156-4590-ba60-cf76611e8813-link\" aria-label=\"Saltar a la referencia de la nota 20\">\u21a9\ufe0e<\/a><\/li><li id=\"e77c93d5-5b30-43f4-aec9-9b1998c7c54e\">Para un an\u00e1lisis exhaustivo de la redenci\u00f3n de la tierra en el antiguo Israel, v\u00e9ase Westbrook (1991): cap\u00edtulos 3 y 5; cf. Milgrom (1995). <a href=\"#e77c93d5-5b30-43f4-aec9-9b1998c7c54e-link\" aria-label=\"Saltar a la referencia de la nota 21\">\u21a9\ufe0e<\/a><\/li><li id=\"2592b231-3ef6-481d-9177-9282d389992d\">En Lev\u00edtico 27:16-24 hay una norma sobre la tierra que ha sido \u00abconsagrada\u00bb, es decir, entregada a los sacerdotes para que sus productos se utilicen para el mantenimiento del templo. Sin entrar en los detalles de esta norma (v\u00e9ase Wenham 1979), basta con decir que, en general, el principio de restituci\u00f3n de la tierra a su propietario original en el a\u00f1o del jubileo tambi\u00e9n se aplica en este caso. <a href=\"#2592b231-3ef6-481d-9177-9282d389992d-link\" aria-label=\"Saltar a la referencia de la nota 22\">\u21a9\ufe0e<\/a><\/li><li id=\"2d093afc-7afe-45b4-90cd-79d6aedc499e\">Gordon J. Wenham fue un estudioso brit\u00e1nico del Antiguo Testamento conocido por su perspectiva evang\u00e9lica y sus contribuciones a los estudios b\u00edblicos, en particular en las \u00e1reas del Pentateuco y la \u00e9tica narrativa del Antiguo Testamento. Ocup\u00f3 diversos cargos acad\u00e9micos, entre ellos los de profesor en la Universidad de Gloucestershire y en el Trinity College de Bristol, y fue profesor visitante en instituciones de todo el mundo. La obra de Wenham se caracteriza por centrarse en las dimensiones \u00e9ticas y espirituales de los textos b\u00edblicos, haciendo hincapi\u00e9 en la importancia de entenderlos como \u00abTor\u00e1\u00bb (instrucci\u00f3n) <a href=\"#2d093afc-7afe-45b4-90cd-79d6aedc499e-link\" aria-label=\"Saltar a la referencia de la nota 23\">\u21a9\ufe0e<\/a><\/li><li id=\"56d8807a-291e-4e9e-a537-c38f392b4a92\">V\u00e9ase Schaeffer (1922: pp. 93-95); Ginzberg (1932: p. 381); de Vaux (1961: pp. 176-77); van Selms (1976); Wenham (1979: p. 318); Westbrook (1991: pp. 38-52, 55-57); Amit (1992: pp. 55-59); Wright (1992: p. 1028); Hartley (1992: pp. 427-30); Fager (1993: pp. 25-34); Weinfeld (1995: p. 177); cf. Wacholder (1976). <a href=\"#56d8807a-291e-4e9e-a537-c38f392b4a92-link\" aria-label=\"Saltar a la referencia de la nota 24\">\u21a9\ufe0e<\/a><\/li><li id=\"00d06cf8-97a1-495c-b2f7-2f637b3d650b\">Por supuesto, la ausencia de pruebas no es prueba de ausencia. No hay ning\u00fan relato en el Antiguo Testamento de que el pueblo celebrara realmente la Fiesta de las Semanas, y el Nuevo Testamento contiene pocas pruebas de la pr\u00e1ctica de la santa comuni\u00f3n, pero eso no prueba necesariamente que estas fiestas no fueran celebradas por los antiguos israelitas y los primeros cristianos, respectivamente. <a href=\"#00d06cf8-97a1-495c-b2f7-2f637b3d650b-link\" aria-label=\"Saltar a la referencia de la nota 25\">\u21a9\ufe0e<\/a><\/li><li id=\"eb9a41d1-856a-497a-a8d6-d6cfbdca3433\">Este \u00faltimo texto se comentar\u00e1 m\u00e1s adelante. Jerem\u00edas 34 tambi\u00e9n utiliza el t\u00e9rmino deror (vv. 8, 15, 17), pero parece que all\u00ed se refiere al a\u00f1o sab\u00e1tico, o tal vez a una medida extraordinaria fuera del ciclo de los a\u00f1os santos. <a href=\"#eb9a41d1-856a-497a-a8d6-d6cfbdca3433-link\" aria-label=\"Saltar a la referencia de la nota 26\">\u21a9\ufe0e<\/a><\/li><li id=\"be76bcac-168e-417f-b0ca-ccd780135e36\">N\u00f3tese el uso de la palabra masa (\u00abungir\u00bb) en el v. 1. <a href=\"#be76bcac-168e-417f-b0ca-ccd780135e36-link\" aria-label=\"Saltar a la referencia de la nota 27\">\u21a9\ufe0e<\/a><\/li><li id=\"ce48b74e-d131-4cae-ae56-9bd6b473790c\"> Las palabras se traducen igual en la NRSV, pero en la NIV, Lev\u00edtico dice \u00ablibertad\u00bb, mientras que Isa\u00edas dice \u00abliberaci\u00f3n\u00bb. <a href=\"#ce48b74e-d131-4cae-ae56-9bd6b473790c-link\" aria-label=\"Saltar a la referencia de la nota 28\">\u21a9\ufe0e<\/a><\/li><li id=\"634b91ec-e848-4b3e-a924-be8e3524cc3e\">Hartley (1992: p. 447) se\u00f1ala una conexi\u00f3n entre el jubileo y la era mesi\u00e1nica en el simbolismo de la trompeta, que debe sonar cuando los exiliados regresan para adorar a Dios en Jerusal\u00e9n (Is. 27:13) y cuando el Mes\u00edas entra triunfante en la ciudad santa (Zc. 9:9-10, 14-16). Tambi\u00e9n sugiere que el Nuevo Testamento retoma esta imagen en su proclamaci\u00f3n de que el regreso de Jesucristo ser\u00e1 anunciado por una trompeta (Mt 24:31; 1 Cor 15:52). <a href=\"#634b91ec-e848-4b3e-a924-be8e3524cc3e-link\" aria-label=\"Saltar a la referencia de la nota 29\">\u21a9\ufe0e<\/a><\/li><li id=\"12913c20-f599-4b0d-b51d-4412d4604784\">No est\u00e1 del todo claro qu\u00e9 significa que el jubileo comience el d\u00e9cimo d\u00eda del s\u00e9ptimo mes, pero s\u00ed sabemos que hab\u00eda m\u00e1s de una forma de calcular el \u00aba\u00f1o\u00bb en el antiguo Israel: por ejemplo, un a\u00f1o religioso que comenzaba en primavera (1 Abib\/Nisan, cf. \u00c9x. 12:2; Dt. 16:1; Est. 3:7) y un a\u00f1o agr\u00edcola que comenzaba en oto\u00f1o (1 Ethanim\/Tishri, es decir, el \u00abs\u00e9ptimo mes\u00bb del a\u00f1o religioso; cf. \u00c9x. 23:16; 34:22; 1 Re. 8:2; calendario de Gezer). Quiz\u00e1s podamos comparar esto con los a\u00f1os acad\u00e9micos y financieros modernos, el a\u00f1o eclesi\u00e1stico y otros a\u00f1os religiosos, que a menudo no coinciden con el a\u00f1o civil. Cf. Hoenig (1969: p. 231); Vanderkam (1992). <a href=\"#12913c20-f599-4b0d-b51d-4412d4604784-link\" aria-label=\"Saltar a la referencia de la nota 30\">\u21a9\ufe0e<\/a><\/li><li id=\"7fb6d5a0-8215-451b-ae41-2b29d9960f81\">Las palabras \u00abliberar al oprimido\u00bb se encuentran en el v. 18, aparentemente tomadas de Is. 58:6. Algunos int\u00e9rpretes creen que estos t\u00e9rminos fueron a\u00f1adidos posteriormente por int\u00e9rpretes cristianos, pero Hanks (1983: pp. 98-104) sostiene que la conexi\u00f3n entre las dos profec\u00edas tiene su origen en el propio Jes\u00fas. Cf. Lc. 7:22, una adaptaci\u00f3n de Is. 35:5-6 con una inserci\u00f3n de Is. 61:1. <a href=\"#7fb6d5a0-8215-451b-ae41-2b29d9960f81-link\" aria-label=\"Saltar a la referencia de la nota 31\">\u21a9\ufe0e<\/a><\/li><li id=\"05f4df9a-73e4-43d9-ad4a-fa3a66e776c2\">Sloan (1977: p. 166) concluye que la visi\u00f3n del jubileo \u00abserv\u00eda principalmente a Lucas como funci\u00f3n teol\u00f3gica de un Vorbild paradigm\u00e1tico del Antiguo Testamento de la salvaci\u00f3n escatol\u00f3gica presente\/futura de Dios, que ha sido inaugurada por Jes\u00fas el Cristo y ser\u00e1 consumada a trav\u00e9s de \u00e9l\u00bb. <a href=\"#05f4df9a-73e4-43d9-ad4a-fa3a66e776c2-link\" aria-label=\"Saltar a la referencia de la nota 32\">\u21a9\ufe0e<\/a><\/li><li id=\"c96d56cf-c3d4-4ca5-a82b-0edc0d4ea384\">Trocm\u00e9 (1973: pp. 42-43) sostiene que el Padrenuestro se refiere a la remisi\u00f3n de las deudas. En muchas traducciones modernas, Mt 6,12 dice \u00abPerd\u00f3nanos nuestras deudas, como tambi\u00e9n nosotros perdonamos a nuestros deudores\u00bb (NVI; NRSV; cf. NJB), en lugar del tradicional \u00abPerd\u00f3nanos nuestras ofensas\u00bb. Es cierto que el significado principal de la palabra griega opheilema es \u00abdeuda\u00bb, pero utilizada en sentido religioso se refiere al \u00abpecado\u00bb como \u00abdeuda\u00bb (BAGD) y que este es el significado en el Padrenuestro queda claro en el pasaje paralelo de Lc 11:4, que utiliza la palabra hamartia, \u00abpecado\u00bb. Ringe (1985: pp. 77-80) propone una visi\u00f3n diferente, argumentando que en la oraci\u00f3n se hace referencia tanto a las deudas como a los pecados. <a href=\"#c96d56cf-c3d4-4ca5-a82b-0edc0d4ea384-link\" aria-label=\"Saltar a la referencia de la nota 33\">\u21a9\ufe0e<\/a><\/li><li id=\"66fdad2c-cb8f-44f4-905a-741e936b620c\">La primera parte de este vers\u00edculo es similar a Dt. 15:4, que forma parte de la legislaci\u00f3n sobre el a\u00f1o sab\u00e1tico. <a href=\"#66fdad2c-cb8f-44f4-905a-741e936b620c-link\" aria-label=\"Saltar a la referencia de la nota 34\">\u21a9\ufe0e<\/a><\/li><li id=\"03004418-6050-4814-9afb-a29e76b39c1d\">Para un estudio detallado del \u00aba\u00f1o de gracia del Se\u00f1or\u00bb en Lucas, v\u00e9ase Sloan (1977). <a href=\"#03004418-6050-4814-9afb-a29e76b39c1d-link\" aria-label=\"Saltar a la referencia de la nota 35\">\u21a9\ufe0e<\/a><\/li><li id=\"d110627d-0e7c-431d-a3c1-b43ab4662a3f\">V\u00e9ase Andreasen (1972: pp. 104-13. 213-25). <a href=\"#d110627d-0e7c-431d-a3c1-b43ab4662a3f-link\" aria-label=\"Saltar a la referencia de la nota 36\">\u21a9\ufe0e<\/a><\/li><li id=\"9bb66b8c-43b1-45f2-9341-596180fb84d9\">Para un debate teol\u00f3gico sobre los problemas de la ecolog\u00eda, v\u00e9ase Osborn (1993). Hallman (1994) y Nash (1996). <a href=\"#9bb66b8c-43b1-45f2-9341-596180fb84d9-link\" aria-label=\"Saltar a la referencia de la nota 37\">\u21a9\ufe0e<\/a><\/li><li id=\"89602799-3202-4412-97e2-dee587c3ca48\">V\u00e9ase tambi\u00e9n Dt. 25:19; 1 Re. 8:56; cf. 1 Cr. 22:9; 2 Cr. 6:41. Cf. von Rad (1966a). Andreasen (1972: pp. 221-25). <a href=\"#89602799-3202-4412-97e2-dee587c3ca48-link\" aria-label=\"Saltar a la referencia de la nota 38\">\u21a9\ufe0e<\/a><\/li><li id=\"ab7999b4-d36f-4d03-8b18-fea054983411\">Jes\u00fas utiliza la palabra anapausis \u00abdescanso\u00bb en estos vers\u00edculos. El autor de Hebreos utiliza la misma palabra para referirse al lugar de descanso que Dios ha preparado para su pueblo. <a href=\"#ab7999b4-d36f-4d03-8b18-fea054983411-link\" aria-label=\"Saltar a la referencia de la nota 39\">\u21a9\ufe0e<\/a><\/li><li id=\"6d2a2e07-09c3-400c-b7e7-5e31cd926907\">Sobre el concepto de \u00abdescanso\u00bb en el juda\u00edsmo y el Nuevo Testamento, v\u00e9ase tambi\u00e9n Lincoln (1982). <a href=\"#6d2a2e07-09c3-400c-b7e7-5e31cd926907-link\" aria-label=\"Saltar a la referencia de la nota 40\">\u21a9\ufe0e<\/a><\/li><li id=\"a2f07e79-2838-4a14-b42c-c2055346e02d\"><strong>William Wilberforce<\/strong> (Kingston upon Hull, Yorkshire, 24 de agosto de 1759-Londres, 29 de julio de 1833) fue un pol\u00edtico, fil\u00e1ntropo y abolicionista ingl\u00e9s, quien siendo miembro del Parlamento Brit\u00e1nico, lider\u00f3 una campa\u00f1a en contra de la esclavitud. Propuso un proyecto de ley a la C\u00e1mara de los Comunes para eliminar la esclavitud en 1791. Y desde entonces defendi\u00f3 el proyecto abolicionista hasta 1807, a\u00f1o en que su proyecto de ley fue aprobado por el Parlamento Brit\u00e1nico. <a href=\"#a2f07e79-2838-4a14-b42c-c2055346e02d-link\" aria-label=\"Saltar a la referencia de la nota 41\">\u21a9\ufe0e<\/a><\/li><li id=\"8eca5eb1-3ff6-4aee-b8ff-b5164682a4e3\">Jubileo 2000 fue un movimiento de millones de gente corriente decidida a luchar contra la injusticia de la deuda internacional. El principal objetivo de la campa\u00f1a del Reino Unido fue \u00abotorgar poderes a la sociedad civil para que desafiara la forma en que los Gobiernos occidentales se sirven de instituciones financieras internacionales para dominar y subordinar a las naciones m\u00e1s pobres y endeudadas\u00bb. M\u00e1s que hablar \u00aben nombre de\u00bb se trataba de proporcionar plataformas en el Norte para que los representantes del Sur expusieran sus argumentos. Ha surgido un gran movimiento que da nuevas oportunidades para ser aprovechadas a trav\u00e9s de la solidaridad Norte-Sur y de la cooperaci\u00f3n. <a href=\"#8eca5eb1-3ff6-4aee-b8ff-b5164682a4e3-link\" aria-label=\"Saltar a la referencia de la nota 42\">\u21a9\ufe0e<\/a><\/li><\/ol>\n\n\n<p class=\"wp-block-paragraph\"><\/p>\n","protected":false},"excerpt":{"rendered":"<p>Este art\u00edculo explora la importancia de los a\u00f1os sagrados en la Biblia, espec\u00edficamente el a\u00f1o sab\u00e1tico y el a\u00f1o del jubileo, y su relevancia en la actualidad. El a\u00f1o sab\u00e1tico, que se celebra cada siete a\u00f1os, implica dejar descansar la tierra y cancelar deudas, promoviendo la justicia social y el cuidado de los pobres. En el contexto agr\u00edcola de Israel, se establece que la tierra debe descansar y que los propietarios deben permitir que los pobres recojan lo que crezca de manera natural. Adem\u00e1s, se limita la esclavitud, permitiendo la liberaci\u00f3n de los hebreos despu\u00e9s de seis a\u00f1os de servicio.<\/p>\n<p>El a\u00f1o del jubileo, que ocurre cada cincuenta a\u00f1os, se centra en la restauraci\u00f3n de la propiedad y la libertad. Durante este a\u00f1o, se proclama la libertad y se devuelven las tierras a sus propietarios originales, lo que busca reducir la desigualdad social. Aunque estas regulaciones eran ideales, su cumplimiento en la pr\u00e1ctica fue inconsistente en la historia de Israel.<\/p>\n<p>Baker tambi\u00e9n relaciona estos conceptos con el mensaje de Jes\u00fas, quien proclam\u00f3 \u00abel a\u00f1o del favor del Se\u00f1or\u00bb, reinterpretando el jubileo en un contexto mesi\u00e1nico. La reflexi\u00f3n final del texto destaca tres temas clave: descanso, libertad y restauraci\u00f3n, sugiriendo que estos principios son relevantes hoy en d\u00eda para abordar problemas contempor\u00e1neos como la explotaci\u00f3n ambiental y la justicia social. Se propone que el milenio sea una oportunidad para reflexionar sobre estos temas y actuar en consecuencia.<\/p>\n","protected":false},"author":80235555,"featured_media":54146,"comment_status":"open","ping_status":"open","sticky":false,"template":"","format":"standard","meta":{"_coblocks_attr":"","_coblocks_dimensions":"","_coblocks_responsive_height":"","_coblocks_accordion_ie_support":"","_gspb_post_css":"","advanced_seo_description":"","jetpack_seo_html_title":"","jetpack_seo_noindex":false,"jetpack_seo_schema_type":"","_jetpack_newsletter_access":"","_jetpack_dont_email_post_to_subs":false,"_jetpack_newsletter_tier_id":0,"_jetpack_memberships_contains_paywalled_content":false,"_wpcom_ai_launchpad_first_post":false,"_jetpack_feature_clip_id":0,"_jetpack_memberships_contains_paid_content":false,"footnotes":"[{\"id\":\"d1cfea86-1b08-4ab9-af3e-f81cb29c7737\",\"content\":\"El sustantivo y\\u00f4b\\u0113l se refiere a un cuerno de carnero que ha sido transformado en trompeta. Tambi\\u00e9n es la designaci\\u00f3n del A\\u00f1o Jubilar descrito en Lev\\u00edtico. En ambos significados, el y\\u00f4b\\u0113l est\\u00e1 relacionado con la santidad del Se\\u00f1or e implica un acto de consagraci\\u00f3n.<br>Como cuerno de carnero, y\\u00f4b\\u0113l se utiliza en paralelo con el sustantivo \\u0161\\u00f4p\\u0101r (\\u00abtrompeta\\u00bb). La instrucci\\u00f3n relativa al sonido del y\\u00f4b\\u0113l en un d\\u00eda espec\\u00edfico est\\u00e1 estrechamente relacionada con la presencia del Se\\u00f1or y se\\u00f1ala que Dios est\\u00e1 a punto de actuar. El Se\\u00f1or le dice a Mois\\u00e9s que consagre al pueblo de Israel en preparaci\\u00f3n para el tercer d\\u00eda, en el que un largo toque del y\\u00f4b\\u0113l servir\\u00e1 de invitaci\\u00f3n para que suban al monte Sina\\u00ed en presencia de Dios (\\u00c9xodo 19:9-13). El Se\\u00f1or ordena a Josu\\u00e9 que marche diariamente alrededor de la ciudad de Jeric\\u00f3 con su ej\\u00e9rcito, encabezado por \\u00absiete sacerdotes que llevar\\u00e1n siete trompetas de cuerno de carnero delante del arca\\u00bb (Josu\\u00e9 6:4). El s\\u00e9ptimo d\\u00eda, la procesi\\u00f3n debe rodear la ciudad siete veces, con los sacerdotes tocando las trompetas. Un sonido prolongado del y\\u00f4b\\u0113l indica a todos los que participan en la procesi\\u00f3n que griten, tras lo cual se produce el milagroso derrumbe de la muralla de la ciudad y el avance de las tropas (v. 5).<br>Al igual que el Jubileo, y\\u00f4b\\u0113l es una designaci\\u00f3n para el quincuag\\u00e9simo a\\u00f1o (despu\\u00e9s de siete a\\u00f1os sab\\u00e1ticos) y sirve como recordatorio de los roles de Dios como creador y redentor. Iniciado con el sonido fuerte de un \\u0161\\u00f4p\\u0101r, el y\\u00f4b\\u0113l debe ser consagrado por los israelitas mientras proclaman la libertad para todos los habitantes de la tierra (Lev. 25:10). Durante este tiempo, todos deben regresar a sus respectivas propiedades, teniendo en cuenta este evento en las transacciones previas de la tierra (vv. 13-17). De este modo, el y\\u00f4b\\u0113l sirve como recordatorio de que la tierra pertenece verdaderamente al Se\\u00f1or (vv. 23-24). El y\\u00f4b\\u0113l tambi\\u00e9n incluye la redenci\\u00f3n de partes de la propiedad y de ciertas casas, as\\u00ed como la liberaci\\u00f3n de los israelitas que se han vendido para pagar sus deudas (vv. 39-46). De este modo, el y\\u00f4b\\u0113l sirve como recordatorio de que los israelitas son siervos del Se\\u00f1or, que los sac\\u00f3 de Egipto (v. 55).\"},{\"id\":\"c16d173e-a927-41f8-97f6-bb4c393712ad\",\"content\":\"V\\u00e9ase von Rad 1966b; Clines s. f.\"},{\"id\":\"925e8f5a-45d9-400c-b630-0b0cb2c2e77c\",\"content\":\"Weinfeld 1995: pp. 167-68\"},{\"id\":\"a05f9725-9f1c-4c41-86ee-59a2cb236b9c\",\"content\":\"No est\\u00e1 claro si la intenci\\u00f3n era que el a\\u00f1o sab\\u00e1tico se observara simult\\u00e1neamente en todo el pa\\u00eds o por separado, seg\\u00fan la fecha en que se hubiera tomado posesi\\u00f3n de una determinada parcela de tierra, pero la comparaci\\u00f3n con el vers\\u00edculo siguiente sugiere que se fij\\u00f3 a nivel nacional (cf. Dt. 15, 1, 9; 31, 10-11). Ginzberg (1932: pp. 352-354) sugiere que originalmente fue fijado por separado por los diferentes propietarios de la tierra, pero que con el tiempo se fij\\u00f3 de manera uniforme.\"},{\"id\":\"fe8836f9-dfb6-46e6-81de-d860a2252a8a\",\"content\":\"Esta norma se desarrolla con m\\u00e1s detalle en Lev. 25:2-7, donde parece que el propietario de la tierra pod\\u00eda recoger los productos que crec\\u00edan por s\\u00ed solos, al igual que los pobres, de modo que, en la pr\\u00e1ctica, todo el pueblo de Israel volv\\u00eda temporalmente al estilo de vida n\\u00f3mada que hab\\u00eda sido el suyo antes de entrar en la tierra prometida (Wenham, 1979: p. 318).\"},{\"id\":\"f42fcfdf-20cf-4fb6-9b05-5730700fb09f\",\"content\":\"El significado exacto del t\\u00e9rmino \\u00abhebreo\\u00bb y su relaci\\u00f3n con el grupo de personas llamadas habiru en el antiguo Oriente Pr\\u00f3ximo ha sido objeto de debate durante mucho tiempo (v\\u00e9ase Thompson 1974: pp. 189-190; Astour 1976: Lemche 1992). En el Antiguo Testamento se utiliza generalmente en un sentido algo despectivo, casi siempre por otros al referirse a los israelitas, y no por los propios israelitas al referirse a s\\u00ed mismos. En este contexto, parece que la referencia es a un esclavo israelita (Childs 1974: cf. Dt 15:12; Je. 34:9). Quiz\\u00e1s se utiliza la palabra \\u00abhebreo\\u00bb porque la idea de que un \\u00abisraelita\\u00bb fuera esclavo era abominable.\"},{\"id\":\"03b03039-b8a8-49db-9d7d-f4feaccbb917\",\"content\":\"Seg\\u00fan De Vaux (1961: p. 173), los seis a\\u00f1os se contaban desde el momento en que la persona comenzaba a trabajar para su amo, pero tambi\\u00e9n puede entenderse que todas las personas de esta categor\\u00eda eran liberadas simult\\u00e1neamente en el a\\u00f1o sab\\u00e1tico, es decir, cada s\\u00e9ptimo a\\u00f1o, seg\\u00fan la observancia nacional.\"},{\"id\":\"97e6bab2-d48b-49aa-8457-321ededfeee4\",\"content\":\"Existen opiniones muy diferentes sobre el desarrollo de la estructura social y econ\\u00f3mica del antiguo Israel (por ejemplo, Robinson 1932: pp. 355-367; de Vaux 1961; pp. 164-167; Gottwald 1976; Bendor 1996), que no pueden discutirse aqu\\u00ed. Supongo que hubo una evoluci\\u00f3n desde una sociedad relativamente igualitaria basada en la familia durante el primer periodo de asentamiento en Palestina hacia otra con una mayor diferenciaci\\u00f3n de la riqueza y unos lazos familiares m\\u00e1s d\\u00e9biles durante la monarqu\\u00eda dividida.\"},{\"id\":\"bb7127a9-efcd-49ae-91fa-225ed96cf904\",\"content\":\"Hay precedentes en Mesopotamia de este tipo de condonaciones de la deuda (Weinfeld 1995: pp. 162-68).\"},{\"id\":\"5c910627-3b75-4bd2-8980-385e59bcbc16\",\"content\":\"Al parecer, la raz\\u00f3n era que la esclava era vendida por su padre como concubina, por lo que se convert\\u00eda en un miembro (relativamente) permanente de la familia del acreedor (Childs 1974: Durham 1987). Como tal, ten\\u00eda ciertos derechos (vv. 9-10) y, en determinadas circunstancias, tambi\\u00e9n pod\\u00eda ser liberada (vv. 8, 11).\"},{\"id\":\"0bfbb4d7-6e47-4a70-b32c-87046d71bd42\",\"content\":\"Para un estudio detallado de la esclavitud por deudas en Israel y el antiguo Oriente Pr\\u00f3ximo, v\\u00e9ase Chirichigno (1993). Lamentablemente, no puedo discutir la interpretaci\\u00f3n de las leyes pertinentes dentro de los l\\u00edmites de este art\\u00edculo.<br>\"},{\"id\":\"e075a86b-8e82-45a9-854d-dba01eed9a82\",\"content\":\"Es dif\\u00edcil saber con certeza si deb\\u00eda leerse toda la Ley o solo una parte de ella, as\\u00ed como si se preve\\u00eda que todo Israel se reuniera en un solo lugar al mismo tiempo o si solo asistir\\u00edan representantes. Para un an\\u00e1lisis, v\\u00e9ase Thompson (1974).\"},{\"id\":\"13996d7a-f806-44a4-8a32-08dc680aa1b8\",\"content\":\"Amit 1992: pp. 50-53\"},{\"id\":\"2f4c7111-e95b-4506-8794-a51f664839d8\",\"content\":\"Sobre la observancia del a\\u00f1o sab\\u00e1tico despu\\u00e9s de los tiempos del Antiguo Testamento, v\\u00e9ase Rothkoff (1972) y Wacholder (1976). En el Israel moderno, la instituci\\u00f3n es continuada por los jud\\u00edos ortodoxos y el pr\\u00f3ximo a\\u00f1o sab\\u00e1tico ser\\u00e1 en el a\\u00f1o 2000\\\/01 (a\\u00f1o jud\\u00edo 5761).\"},{\"id\":\"b5f1f65c-4534-452d-a4c4-df1ad174aa45\",\"content\":\"cf. Kaufman 1984\"},{\"id\":\"fa001005-67b2-41a7-838f-8282adb525fe\",\"content\":\"Para un debate exhaustivo, v\\u00e9ase North (1978).\"},{\"id\":\"a21672c2-9329-4d75-90aa-9a1ddb3f17ad\",\"content\":\"Esto no incluye a los esclavos extranjeros comprados en el mercado de esclavos (vv. 44-46).\"},{\"id\":\"53bfd256-e6b3-46fd-a4df-52240361e5c8\",\"content\":\"por ejemplo, van Selms 1976: Hartley 1992: pp. 434-36\"},{\"id\":\"465d1b79-753a-4a02-a180-da08b9645bd7\",\"content\":\"Esta norma es bastante dif\\u00edcil de armonizar con \\u00c9xodo 21:2-6 y Deuteronomio 15:12-18. La liberaci\\u00f3n de los esclavos hebreos se prescrib\\u00eda para el a\\u00f1o sab\\u00e1tico en \\u00c9xodo 21 y Deuteronomio 15, mientras que en Lev\\u00edtico 25 los trabajadores esclavos eran liberados en el a\\u00f1o jubilar. Para un an\\u00e1lisis de las diversas interpretaciones, v\\u00e9ase Hartley (1992: pp. 431-33). Sea como fuere, el principio de libertad para el pueblo de Dios est\\u00e1 claramente enunciado en todos estos textos.\"},{\"id\":\"fd5fb1bc-8156-4590-ba60-cf76611e8813\",\"content\":\"V\\u00e9ase Schaeffer 1922: pp. 68-98; Ginzberg 1932: pp. 369-74\"},{\"id\":\"e77c93d5-5b30-43f4-aec9-9b1998c7c54e\",\"content\":\"Para un an\\u00e1lisis exhaustivo de la redenci\\u00f3n de la tierra en el antiguo Israel, v\\u00e9ase Westbrook (1991): cap\\u00edtulos 3 y 5; cf. Milgrom (1995).\"},{\"id\":\"2592b231-3ef6-481d-9177-9282d389992d\",\"content\":\"En Lev\\u00edtico 27:16-24 hay una norma sobre la tierra que ha sido \\u00abconsagrada\\u00bb, es decir, entregada a los sacerdotes para que sus productos se utilicen para el mantenimiento del templo. Sin entrar en los detalles de esta norma (v\\u00e9ase Wenham 1979), basta con decir que, en general, el principio de restituci\\u00f3n de la tierra a su propietario original en el a\\u00f1o del jubileo tambi\\u00e9n se aplica en este caso.\"},{\"id\":\"2d093afc-7afe-45b4-90cd-79d6aedc499e\",\"content\":\"Gordon J. Wenham fue un estudioso brit\\u00e1nico del Antiguo Testamento conocido por su perspectiva evang\\u00e9lica y sus contribuciones a los estudios b\\u00edblicos, en particular en las \\u00e1reas del Pentateuco y la \\u00e9tica narrativa del Antiguo Testamento. Ocup\\u00f3 diversos cargos acad\\u00e9micos, entre ellos los de profesor en la Universidad de Gloucestershire y en el Trinity College de Bristol, y fue profesor visitante en instituciones de todo el mundo. La obra de Wenham se caracteriza por centrarse en las dimensiones \\u00e9ticas y espirituales de los textos b\\u00edblicos, haciendo hincapi\\u00e9 en la importancia de entenderlos como \\\"Tor\\u00e1\\\" (instrucci\\u00f3n)\"},{\"id\":\"56d8807a-291e-4e9e-a537-c38f392b4a92\",\"content\":\"V\\u00e9ase Schaeffer (1922: pp. 93-95); Ginzberg (1932: p. 381); de Vaux (1961: pp. 176-77); van Selms (1976); Wenham (1979: p. 318); Westbrook (1991: pp. 38-52, 55-57); Amit (1992: pp. 55-59); Wright (1992: p. 1028); Hartley (1992: pp. 427-30); Fager (1993: pp. 25-34); Weinfeld (1995: p. 177); cf. Wacholder (1976).\"},{\"id\":\"00d06cf8-97a1-495c-b2f7-2f637b3d650b\",\"content\":\"Por supuesto, la ausencia de pruebas no es prueba de ausencia. No hay ning\\u00fan relato en el Antiguo Testamento de que el pueblo celebrara realmente la Fiesta de las Semanas, y el Nuevo Testamento contiene pocas pruebas de la pr\\u00e1ctica de la santa comuni\\u00f3n, pero eso no prueba necesariamente que estas fiestas no fueran celebradas por los antiguos israelitas y los primeros cristianos, respectivamente.\"},{\"id\":\"eb9a41d1-856a-497a-a8d6-d6cfbdca3433\",\"content\":\"Este \\u00faltimo texto se comentar\\u00e1 m\\u00e1s adelante. Jerem\\u00edas 34 tambi\\u00e9n utiliza el t\\u00e9rmino deror (vv. 8, 15, 17), pero parece que all\\u00ed se refiere al a\\u00f1o sab\\u00e1tico, o tal vez a una medida extraordinaria fuera del ciclo de los a\\u00f1os santos.\"},{\"id\":\"be76bcac-168e-417f-b0ca-ccd780135e36\",\"content\":\"N\\u00f3tese el uso de la palabra masa (\\u00abungir\\u00bb) en el v. 1.\"},{\"id\":\"ce48b74e-d131-4cae-ae56-9bd6b473790c\",\"content\":\" Las palabras se traducen igual en la NRSV, pero en la NIV, Lev\\u00edtico dice \\u00ablibertad\\u00bb, mientras que Isa\\u00edas dice \\u00abliberaci\\u00f3n\\u00bb.\"},{\"id\":\"634b91ec-e848-4b3e-a924-be8e3524cc3e\",\"content\":\"Hartley (1992: p. 447) se\\u00f1ala una conexi\\u00f3n entre el jubileo y la era mesi\\u00e1nica en el simbolismo de la trompeta, que debe sonar cuando los exiliados regresan para adorar a Dios en Jerusal\\u00e9n (Is. 27:13) y cuando el Mes\\u00edas entra triunfante en la ciudad santa (Zc. 9:9-10, 14-16). Tambi\\u00e9n sugiere que el Nuevo Testamento retoma esta imagen en su proclamaci\\u00f3n de que el regreso de Jesucristo ser\\u00e1 anunciado por una trompeta (Mt 24:31; 1 Cor 15:52).\"},{\"id\":\"12913c20-f599-4b0d-b51d-4412d4604784\",\"content\":\"No est\\u00e1 del todo claro qu\\u00e9 significa que el jubileo comience el d\\u00e9cimo d\\u00eda del s\\u00e9ptimo mes, pero s\\u00ed sabemos que hab\\u00eda m\\u00e1s de una forma de calcular el \\u00aba\\u00f1o\\u00bb en el antiguo Israel: por ejemplo, un a\\u00f1o religioso que comenzaba en primavera (1 Abib\\\/Nisan, cf. \\u00c9x. 12:2; Dt. 16:1; Est. 3:7) y un a\\u00f1o agr\\u00edcola que comenzaba en oto\\u00f1o (1 Ethanim\\\/Tishri, es decir, el \\u00abs\\u00e9ptimo mes\\u00bb del a\\u00f1o religioso; cf. \\u00c9x. 23:16; 34:22; 1 Re. 8:2; calendario de Gezer). Quiz\\u00e1s podamos comparar esto con los a\\u00f1os acad\\u00e9micos y financieros modernos, el a\\u00f1o eclesi\\u00e1stico y otros a\\u00f1os religiosos, que a menudo no coinciden con el a\\u00f1o civil. Cf. Hoenig (1969: p. 231); Vanderkam (1992).\"},{\"id\":\"7fb6d5a0-8215-451b-ae41-2b29d9960f81\",\"content\":\"Las palabras \\u00abliberar al oprimido\\u00bb se encuentran en el v. 18, aparentemente tomadas de Is. 58:6. Algunos int\\u00e9rpretes creen que estos t\\u00e9rminos fueron a\\u00f1adidos posteriormente por int\\u00e9rpretes cristianos, pero Hanks (1983: pp. 98-104) sostiene que la conexi\\u00f3n entre las dos profec\\u00edas tiene su origen en el propio Jes\\u00fas. Cf. Lc. 7:22, una adaptaci\\u00f3n de Is. 35:5-6 con una inserci\\u00f3n de Is. 61:1.\"},{\"id\":\"05f4df9a-73e4-43d9-ad4a-fa3a66e776c2\",\"content\":\"Sloan (1977: p. 166) concluye que la visi\\u00f3n del jubileo \\u00abserv\\u00eda principalmente a Lucas como funci\\u00f3n teol\\u00f3gica de un Vorbild paradigm\\u00e1tico del Antiguo Testamento de la salvaci\\u00f3n escatol\\u00f3gica presente\\\/futura de Dios, que ha sido inaugurada por Jes\\u00fas el Cristo y ser\\u00e1 consumada a trav\\u00e9s de \\u00e9l\\u00bb.\"},{\"id\":\"c96d56cf-c3d4-4ca5-a82b-0edc0d4ea384\",\"content\":\"Trocm\\u00e9 (1973: pp. 42-43) sostiene que el Padrenuestro se refiere a la remisi\\u00f3n de las deudas. En muchas traducciones modernas, Mt 6,12 dice \\u00abPerd\\u00f3nanos nuestras deudas, como tambi\\u00e9n nosotros perdonamos a nuestros deudores\\u00bb (NVI; NRSV; cf. NJB), en lugar del tradicional \\u00abPerd\\u00f3nanos nuestras ofensas\\u00bb. Es cierto que el significado principal de la palabra griega opheilema es \\u00abdeuda\\u00bb, pero utilizada en sentido religioso se refiere al \\u00abpecado\\u00bb como \\u00abdeuda\\u00bb (BAGD) y que este es el significado en el Padrenuestro queda claro en el pasaje paralelo de Lc 11:4, que utiliza la palabra hamartia, \\u00abpecado\\u00bb. Ringe (1985: pp. 77-80) propone una visi\\u00f3n diferente, argumentando que en la oraci\\u00f3n se hace referencia tanto a las deudas como a los pecados.\"},{\"id\":\"66fdad2c-cb8f-44f4-905a-741e936b620c\",\"content\":\"La primera parte de este vers\\u00edculo es similar a Dt. 15:4, que forma parte de la legislaci\\u00f3n sobre el a\\u00f1o sab\\u00e1tico.\"},{\"id\":\"03004418-6050-4814-9afb-a29e76b39c1d\",\"content\":\"Para un estudio detallado del \\u00aba\\u00f1o de gracia del Se\\u00f1or\\u00bb en Lucas, v\\u00e9ase Sloan (1977).\"},{\"id\":\"d110627d-0e7c-431d-a3c1-b43ab4662a3f\",\"content\":\"V\\u00e9ase Andreasen (1972: pp. 104-13. 213-25).\"},{\"id\":\"9bb66b8c-43b1-45f2-9341-596180fb84d9\",\"content\":\"Para un debate teol\\u00f3gico sobre los problemas de la ecolog\\u00eda, v\\u00e9ase Osborn (1993). Hallman (1994) y Nash (1996).\"},{\"id\":\"89602799-3202-4412-97e2-dee587c3ca48\",\"content\":\"V\\u00e9ase tambi\\u00e9n Dt. 25:19; 1 Re. 8:56; cf. 1 Cr. 22:9; 2 Cr. 6:41. Cf. von Rad (1966a). Andreasen (1972: pp. 221-25).\"},{\"id\":\"ab7999b4-d36f-4d03-8b18-fea054983411\",\"content\":\"Jes\\u00fas utiliza la palabra anapausis \\u00abdescanso\\u00bb en estos vers\\u00edculos. El autor de Hebreos utiliza la misma palabra para referirse al lugar de descanso que Dios ha preparado para su pueblo.\"},{\"id\":\"6d2a2e07-09c3-400c-b7e7-5e31cd926907\",\"content\":\"Sobre el concepto de \\u00abdescanso\\u00bb en el juda\\u00edsmo y el Nuevo Testamento, v\\u00e9ase tambi\\u00e9n Lincoln (1982).\"},{\"id\":\"a2f07e79-2838-4a14-b42c-c2055346e02d\",\"content\":\"<strong>William Wilberforce<\\\/strong> (Kingston upon Hull, Yorkshire, 24 de agosto de 1759-Londres, 29 de julio de 1833) fue un pol\\u00edtico, fil\\u00e1ntropo y abolicionista ingl\\u00e9s, quien siendo miembro del Parlamento Brit\\u00e1nico, lider\\u00f3 una campa\\u00f1a en contra de la esclavitud. Propuso un proyecto de ley a la C\\u00e1mara de los Comunes para eliminar la esclavitud en 1791. Y desde entonces defendi\\u00f3 el proyecto abolicionista hasta 1807, a\\u00f1o en que su proyecto de ley fue aprobado por el Parlamento Brit\\u00e1nico.\"},{\"id\":\"8eca5eb1-3ff6-4aee-b8ff-b5164682a4e3\",\"content\":\"Jubileo 2000 fue un movimiento de millones de gente corriente decidida a luchar contra la injusticia de la deuda internacional. El principal objetivo de la campa\\u00f1a del Reino Unido fue \\\"otorgar poderes a la sociedad civil para que desafiara la forma en que los Gobiernos occidentales se sirven de instituciones financieras internacionales para dominar y subordinar a las naciones m\\u00e1s pobres y endeudadas\\\". M\\u00e1s que hablar \\\"en nombre de\\\" se trataba de proporcionar plataformas en el Norte para que los representantes del Sur expusieran sus argumentos. Ha surgido un gran movimiento que da nuevas oportunidades para ser aprovechadas a trav\\u00e9s de la solidaridad Norte-Sur y de la cooperaci\\u00f3n.\"}]","jetpack_publicize_message":"","jetpack_publicize_feature_enabled":true,"jetpack_social_post_already_shared":false,"jetpack_social_options":{"image_generator_settings":{"template":"highway","default_image_id":0,"enabled":false},"version":2},"jetpack_post_was_ever_published":false},"categories":[1460447],"tags":[31439204,8250700,2874137,55662786,25441589,782395605,127076109,285940,256191727,782395545,531240,24489242,13282243,9937,975472,782395579,323380,381384316,55198450,503342,337511711,149186,4454203,16729099,10874,782395547,14686492],"class_list":["post-53870","post","type-post","status-publish","format-standard","has-post-thumbnail","hentry","category-articulos-varios","tag-ano-50","tag-ano-jubilar","tag-ano-sabatico","tag-exodo-21","tag-cancelar-deudas","tag-cuerno-de-carnero","tag-deror","tag-descanso","tag-deuteronomio-15","tag-el-libro-de-jubileos","tag-evangelio","tag-isaias-58","tag-isaias-61","tag-israel","tag-jubileo","tag-leviitico-25","tag-liberacion","tag-liberar-esclavos","tag-lucas-4","tag-pentateuco","tag-remision-de-deuda","tag-restauracion","tag-semita","tag-shemita","tag-torah","tag-yeshua-y-el-jubileo","tag-yobel"],"blocksy_meta":{"styles_descriptor":{"styles":{"desktop":"","tablet":"","mobile":""},"google_fonts":[],"version":7}},"jetpack_publicize_connections":[],"jetpack_likes_enabled":true,"jetpack_sharing_enabled":true,"jetpack_shortlink":"https:\/\/wp.me\/p5HWJ5-e0S","jetpack-related-posts":[{"id":6770,"url":"https:\/\/atravesdelasescrituras.com\/es_es\/2016\/06\/09\/el-jubileo\/","url_meta":{"origin":53870,"position":0},"title":"El jubileo","author":"Daniel L\u00f3pez","date":"9 Jun 2016","format":"gallery","excerpt":"El Jubileo su significancia y revelaci\u00f3n \u201cPara TODO hay un tiempo se\u00f1alado\u201d, escribi\u00f3 Salom\u00f3n en el Eclesiast\u00e9s. Desde el mism\u00edsimo comienzo de la Creaci\u00f3n, se observa que todo tiene su tiempo. El d\u00eda, la noche, TODAS las cosas suceden en un momento determinado. Pero, \u00bfqu\u00e9 es el Tiempo? \u00bfC\u00f3mo entenderlo?\u2026","rel":"","context":"En \u00abCuriosidades de la Escritura\u00bb","block_context":{"text":"Curiosidades de la Escritura","link":"https:\/\/atravesdelasescrituras.com\/es_es\/category\/curiosidades-de-la-escritura\/"},"img":{"alt_text":"","src":"https:\/\/i0.wp.com\/atravesdelasescrituras.com\/wp-content\/uploads\/2016\/06\/zaok7977050.jpg?resize=350%2C200&ssl=1","width":350,"height":200,"srcset":"https:\/\/i0.wp.com\/atravesdelasescrituras.com\/wp-content\/uploads\/2016\/06\/zaok7977050.jpg?resize=350%2C200&ssl=1 1x, https:\/\/i0.wp.com\/atravesdelasescrituras.com\/wp-content\/uploads\/2016\/06\/zaok7977050.jpg?resize=525%2C300&ssl=1 1.5x"},"classes":[]},{"id":53930,"url":"https:\/\/atravesdelasescrituras.com\/es_es\/2025\/05\/25\/sobre-la-parashat-behar-el-gran-shofar\/","url_meta":{"origin":53870,"position":1},"title":"Sobre la Parashat Behar \u00abEl gran shofar\u00bb","author":"Daniel L\u00f3pez","date":"25 May 2025","format":false,"excerpt":"En esta semana estamos estudiando la Parashat\u00a033 Behar se encuentra en: Lev\u00edtico 25:1-26:2 \u2014 Behar (\u05d1\u05b0\u05bc\u05d4\u05b7\u05e8) significa: \u00abEn el monte de\u00bb.","rel":"","context":"En \u00abSobre la Parash\u00e1\u00bb","block_context":{"text":"Sobre la Parash\u00e1","link":"https:\/\/atravesdelasescrituras.com\/es_es\/category\/sobre-la-parasha\/"},"img":{"alt_text":"","src":"https:\/\/i0.wp.com\/atravesdelasescrituras.com\/wp-content\/uploads\/2025\/05\/sobre-la-parashar-behar.jpg?fit=1200%2C675&ssl=1&resize=350%2C200","width":350,"height":200,"srcset":"https:\/\/i0.wp.com\/atravesdelasescrituras.com\/wp-content\/uploads\/2025\/05\/sobre-la-parashar-behar.jpg?fit=1200%2C675&ssl=1&resize=350%2C200 1x, https:\/\/i0.wp.com\/atravesdelasescrituras.com\/wp-content\/uploads\/2025\/05\/sobre-la-parashar-behar.jpg?fit=1200%2C675&ssl=1&resize=525%2C300 1.5x, https:\/\/i0.wp.com\/atravesdelasescrituras.com\/wp-content\/uploads\/2025\/05\/sobre-la-parashar-behar.jpg?fit=1200%2C675&ssl=1&resize=700%2C400 2x, https:\/\/i0.wp.com\/atravesdelasescrituras.com\/wp-content\/uploads\/2025\/05\/sobre-la-parashar-behar.jpg?fit=1200%2C675&ssl=1&resize=1050%2C600 3x"},"classes":[]},{"id":52209,"url":"https:\/\/atravesdelasescrituras.com\/es_es\/2025\/01\/08\/el-significado-redentor-del-shabat\/","url_meta":{"origin":53870,"position":2},"title":"El significado redentor del Shabat","author":"Daniel L\u00f3pez","date":"8 Ene 2025","format":false,"excerpt":"En este art\u00edculo se aborda el significado redentor del Sabat, destacando su importancia en la ense\u00f1anza y ministerio de Cristo. Se argumenta que el coraz\u00f3n humano busca la certeza de perd\u00f3n y salvaci\u00f3n divina, y que el Sabbath, junto a otros s\u00edmbolos como el bautismo y la Cena del Se\u00f1or,\u2026","rel":"","context":"En \u00abArt\u00edculos varios\u00bb","block_context":{"text":"Art\u00edculos varios","link":"https:\/\/atravesdelasescrituras.com\/es_es\/category\/articulos-varios\/"},"img":{"alt_text":"","src":"https:\/\/i0.wp.com\/atravesdelasescrituras.com\/wp-content\/uploads\/2025\/01\/el-shabat.jpg?fit=1200%2C675&ssl=1&resize=350%2C200","width":350,"height":200,"srcset":"https:\/\/i0.wp.com\/atravesdelasescrituras.com\/wp-content\/uploads\/2025\/01\/el-shabat.jpg?fit=1200%2C675&ssl=1&resize=350%2C200 1x, https:\/\/i0.wp.com\/atravesdelasescrituras.com\/wp-content\/uploads\/2025\/01\/el-shabat.jpg?fit=1200%2C675&ssl=1&resize=525%2C300 1.5x, https:\/\/i0.wp.com\/atravesdelasescrituras.com\/wp-content\/uploads\/2025\/01\/el-shabat.jpg?fit=1200%2C675&ssl=1&resize=700%2C400 2x, https:\/\/i0.wp.com\/atravesdelasescrituras.com\/wp-content\/uploads\/2025\/01\/el-shabat.jpg?fit=1200%2C675&ssl=1&resize=1050%2C600 3x"},"classes":[]},{"id":41937,"url":"https:\/\/atravesdelasescrituras.com\/es_es\/2020\/04\/28\/que-significa-guardais-los-dias-meses-y-anos-en-galatas\/","url_meta":{"origin":53870,"position":3},"title":"\u00bfQu\u00e9 significa guard\u00e1is los d\u00edas, meses y a\u00f1os en G\u00e1latas?","author":"Daniel L\u00f3pez","date":"28 Abr 2020","format":"gallery","excerpt":"Algunos piensan que en\u00a0G\u00e1latas\u00a04:9-10\u00a0se condenan ciertos mandamientos que Dios mismo instituyo en su sagrada Torah. En estos vers\u00edculos Pablo escribi\u00f3: \u201c...Mas ahora, conociendo a Dios, o m\u00e1s bien, siendo conocidos por Dios, \u00bfc\u00f3mo es que os volv\u00e9is de nuevo a los d\u00e9biles y pobres rudimentos, a los cuales os quer\u00e9is\u2026","rel":"","context":"En \u00abArt\u00edculos varios\u00bb","block_context":{"text":"Art\u00edculos varios","link":"https:\/\/atravesdelasescrituras.com\/es_es\/category\/articulos-varios\/"},"img":{"alt_text":"","src":"https:\/\/i0.wp.com\/atravesdelasescrituras.com\/wp-content\/uploads\/2020\/04\/guardais-los-dias-meses-y-ancc83os-gacc81latas.jpg?fit=1200%2C469&ssl=1&resize=350%2C200","width":350,"height":200,"srcset":"https:\/\/i0.wp.com\/atravesdelasescrituras.com\/wp-content\/uploads\/2020\/04\/guardais-los-dias-meses-y-ancc83os-gacc81latas.jpg?fit=1200%2C469&ssl=1&resize=350%2C200 1x, https:\/\/i0.wp.com\/atravesdelasescrituras.com\/wp-content\/uploads\/2020\/04\/guardais-los-dias-meses-y-ancc83os-gacc81latas.jpg?fit=1200%2C469&ssl=1&resize=525%2C300 1.5x, https:\/\/i0.wp.com\/atravesdelasescrituras.com\/wp-content\/uploads\/2020\/04\/guardais-los-dias-meses-y-ancc83os-gacc81latas.jpg?fit=1200%2C469&ssl=1&resize=700%2C400 2x, https:\/\/i0.wp.com\/atravesdelasescrituras.com\/wp-content\/uploads\/2020\/04\/guardais-los-dias-meses-y-ancc83os-gacc81latas.jpg?fit=1200%2C469&ssl=1&resize=1050%2C600 3x"},"classes":[]},{"id":16844,"url":"https:\/\/atravesdelasescrituras.com\/es_es\/2016\/08\/31\/rosh-hashanahyom-teruah\/","url_meta":{"origin":53870,"position":4},"title":"Rosh Hashanah\/Yom Teruah","author":"Daniel L\u00f3pez","date":"31 Ago 2016","format":"gallery","excerpt":"Rosh Hashanah la epoca de\u00a0Arrepentimiento (Teshuvah) La \u00e9poca conocida como Teshuvah, que en hebreo significa \"regresar o arrepentirse\", da inicio el primer d\u00eda del mes de Elul y dura 40 d\u00edas, terminando con Yom Kippur. Pasados 30 d\u00edas de Teshuvah (Arrepentimiento), el 1 de Tishrei, llega Rosh HaShanah. Esta fiesta\u2026","rel":"","context":"En \u00abEstudios Varios\u00bb","block_context":{"text":"Estudios Varios","link":"https:\/\/atravesdelasescrituras.com\/es_es\/category\/estudios-varios\/"},"img":{"alt_text":"","src":"https:\/\/i0.wp.com\/atravesdelasescrituras.com\/wp-content\/uploads\/2016\/08\/portada2.jpg?resize=350%2C200&ssl=1","width":350,"height":200,"srcset":"https:\/\/i0.wp.com\/atravesdelasescrituras.com\/wp-content\/uploads\/2016\/08\/portada2.jpg?resize=350%2C200&ssl=1 1x, https:\/\/i0.wp.com\/atravesdelasescrituras.com\/wp-content\/uploads\/2016\/08\/portada2.jpg?resize=525%2C300&ssl=1 1.5x, https:\/\/i0.wp.com\/atravesdelasescrituras.com\/wp-content\/uploads\/2016\/08\/portada2.jpg?resize=700%2C400&ssl=1 2x"},"classes":[]},{"id":57498,"url":"https:\/\/atravesdelasescrituras.com\/es_es\/2026\/08\/20\/el-shabat-y-la-continuidad-de-la-semana-de-siete-dias-una-evaluacion-biblica-historica-y-calendarica-de-la-teoria-del-shabat-lunar\/","url_meta":{"origin":53870,"position":5},"title":"El shabat y la continuidad de la semana de siete d\u00edas (Una evaluaci\u00f3n b\u00edblica, hist\u00f3rica y calend\u00e1rica de la teor\u00eda del \u00abshabat lunar\u00bb)","author":"Daniel L\u00f3pez","date":"20 Ago 2026","format":false,"excerpt":"Este estudio examina cr\u00edticamente la teor\u00eda del shabat lunar, seg\u00fan la cual el s\u00e1bado semanal debe calcularse nuevamente desde cada luna nueva. Mediante el an\u00e1lisis de G\u00e9nesis, el Dec\u00e1logo, el relato del man\u00e1, las fiestas de Lev\u00edtico 23, la cuenta de Pentecost\u00e9s y diversas fuentes jud\u00edas antiguas, se defiende que\u2026","rel":"","context":"En \u00abEstudios B\u00edblicos\u00bb","block_context":{"text":"Estudios B\u00edblicos","link":"https:\/\/atravesdelasescrituras.com\/es_es\/category\/estudios-biblicos\/"},"img":{"alt_text":"","src":"https:\/\/i0.wp.com\/atravesdelasescrituras.com\/wp-content\/uploads\/2026\/08\/Shabat-semanal-y-shabat-lunar.jpg?fit=1200%2C675&ssl=1&resize=350%2C200","width":350,"height":200,"srcset":"https:\/\/i0.wp.com\/atravesdelasescrituras.com\/wp-content\/uploads\/2026\/08\/Shabat-semanal-y-shabat-lunar.jpg?fit=1200%2C675&ssl=1&resize=350%2C200 1x, https:\/\/i0.wp.com\/atravesdelasescrituras.com\/wp-content\/uploads\/2026\/08\/Shabat-semanal-y-shabat-lunar.jpg?fit=1200%2C675&ssl=1&resize=525%2C300 1.5x, https:\/\/i0.wp.com\/atravesdelasescrituras.com\/wp-content\/uploads\/2026\/08\/Shabat-semanal-y-shabat-lunar.jpg?fit=1200%2C675&ssl=1&resize=700%2C400 2x, https:\/\/i0.wp.com\/atravesdelasescrituras.com\/wp-content\/uploads\/2026\/08\/Shabat-semanal-y-shabat-lunar.jpg?fit=1200%2C675&ssl=1&resize=1050%2C600 3x"},"classes":[]}],"brizy_media":[],"jetpack_featured_media_url":"https:\/\/atravesdelasescrituras.com\/wp-content\/uploads\/2025\/07\/el-jubileo-y-el-milenio.jpg","_links":{"self":[{"href":"https:\/\/atravesdelasescrituras.com\/es_es\/wp-json\/wp\/v2\/posts\/53870","targetHints":{"allow":["GET"]}}],"collection":[{"href":"https:\/\/atravesdelasescrituras.com\/es_es\/wp-json\/wp\/v2\/posts"}],"about":[{"href":"https:\/\/atravesdelasescrituras.com\/es_es\/wp-json\/wp\/v2\/types\/post"}],"author":[{"embeddable":true,"href":"https:\/\/atravesdelasescrituras.com\/es_es\/wp-json\/wp\/v2\/users\/80235555"}],"replies":[{"embeddable":true,"href":"https:\/\/atravesdelasescrituras.com\/es_es\/wp-json\/wp\/v2\/comments?post=53870"}],"version-history":[{"count":25,"href":"https:\/\/atravesdelasescrituras.com\/es_es\/wp-json\/wp\/v2\/posts\/53870\/revisions"}],"predecessor-version":[{"id":54147,"href":"https:\/\/atravesdelasescrituras.com\/es_es\/wp-json\/wp\/v2\/posts\/53870\/revisions\/54147"}],"wp:featuredmedia":[{"embeddable":true,"href":"https:\/\/atravesdelasescrituras.com\/es_es\/wp-json\/wp\/v2\/media\/54146"}],"wp:attachment":[{"href":"https:\/\/atravesdelasescrituras.com\/es_es\/wp-json\/wp\/v2\/media?parent=53870"}],"wp:term":[{"taxonomy":"category","embeddable":true,"href":"https:\/\/atravesdelasescrituras.com\/es_es\/wp-json\/wp\/v2\/categories?post=53870"},{"taxonomy":"post_tag","embeddable":true,"href":"https:\/\/atravesdelasescrituras.com\/es_es\/wp-json\/wp\/v2\/tags?post=53870"}],"curies":[{"name":"wp","href":"https:\/\/api.w.org\/{rel}","templated":true}]}}