{"id":5511,"date":"2016-05-27T16:03:10","date_gmt":"2016-05-27T16:03:10","guid":{"rendered":"https:\/\/atravesdelasescrituras.com\/?p=5511"},"modified":"2016-05-27T16:03:10","modified_gmt":"2016-05-27T16:03:10","slug":"la-reforma-protestante-una-mirada-critica-a-la-iglesia-de-hoy","status":"publish","type":"post","link":"https:\/\/atravesdelasescrituras.com\/es_es\/2016\/05\/27\/la-reforma-protestante-una-mirada-critica-a-la-iglesia-de-hoy\/","title":{"rendered":"La reforma protestante: Una  mirada cr\u00edtica a la iglesia de hoy"},"content":{"rendered":"<blockquote>\n<p style=\"text-align:center;\"><strong>\u00bfQu\u00e9 relaci\u00f3n tiene la Reforma Protestante del siglo XVI y las iglesias del siglo XXI? Una interesante publicaci\u00f3n la cual les dejamos en este interesante video<\/strong><\/p>\n<\/blockquote>\n<p><span class=\"embed-youtube\" style=\"text-align:center; display: block;\"><iframe class=\"youtube-player\" width=\"1870\" height=\"1052\" src=\"https:\/\/www.youtube.com\/embed\/dv4wK0qPRl0?version=3&#038;rel=1&#038;showsearch=0&#038;showinfo=1&#038;iv_load_policy=1&#038;fs=1&#038;hl=es-ES&#038;autohide=2&#038;wmode=transparent\" allowfullscreen=\"true\" style=\"border:0;\" sandbox=\"allow-scripts allow-same-origin allow-popups allow-presentation allow-popups-to-escape-sandbox\"><\/iframe><\/span><\/p>\n","protected":false},"excerpt":{"rendered":"<p>\u00bfQu\u00e9 relaci\u00f3n tiene la Reforma Protestante del siglo XVI y las iglesias del siglo XXI? Una interesante publicaci\u00f3n la cual les dejamos en este interesante video<\/p>\n","protected":false},"author":80235555,"featured_media":0,"comment_status":"open","ping_status":"open","sticky":false,"template":"","format":"video","meta":{"_coblocks_attr":"","_coblocks_dimensions":"","_coblocks_responsive_height":"","_coblocks_accordion_ie_support":"","_gspb_post_css":"","advanced_seo_description":"","jetpack_seo_html_title":"","jetpack_seo_noindex":false,"jetpack_seo_schema_type":"","_jetpack_newsletter_access":"","_jetpack_dont_email_post_to_subs":false,"_jetpack_newsletter_tier_id":0,"_jetpack_memberships_contains_paywalled_content":false,"_wpcom_ai_launchpad_first_post":false,"_jetpack_feature_clip_id":0,"_jetpack_memberships_contains_paid_content":false,"footnotes":"","jetpack_publicize_message":"","jetpack_publicize_feature_enabled":true,"jetpack_social_post_already_shared":false,"jetpack_social_options":{"image_generator_settings":{"template":"highway","default_image_id":0,"font":"","enabled":false},"version":2},"jetpack_post_was_ever_published":false},"categories":[1790,1149],"tags":[283005],"class_list":["post-5511","post","type-post","status-publish","format-video","hentry","category-otros","category-videos","tag-reforma","post_format-post-format-video"],"blocksy_meta":{"styles_descriptor":{"styles":{"desktop":"","tablet":"","mobile":""},"google_fonts":[],"version":7}},"jetpack_publicize_connections":[],"jetpack_likes_enabled":true,"jetpack_sharing_enabled":true,"jetpack_shortlink":"https:\/\/wp.me\/p5HWJ5-1qT","jetpack-related-posts":[{"id":28603,"url":"https:\/\/atravesdelasescrituras.com\/es_es\/2016\/10\/31\/31-de-octubre-la-reforma\/","url_meta":{"origin":5511,"position":0},"title":"31 de Octubre &#8211; La reforma protestante","author":"Daniel L\u00f3pez","date":"31 Oct 2016","format":"gallery","excerpt":"El\u00a031 de octubre de 1517, v\u00edspera de la fiesta cat\u00f3lica romana de Todos los Santos,\u00a0Mart\u00edn Lutero\u00a0dio a conocer p\u00fablicamente sus tesis, y el impacto fue tal que se se\u00f1ala esa fecha como el comienzo de la\u00a0Reforma\u00a0protestante. Lo que comenz\u00f3 con una simple protesta de parte de\u00a0Mart\u00edn Lutero, en contra de\u2026","rel":"","context":"En \u00abOtros\u00bb","block_context":{"text":"Otros","link":"https:\/\/atravesdelasescrituras.com\/es_es\/category\/otros-2\/"},"img":{"alt_text":"","src":"https:\/\/i0.wp.com\/atravesdelasescrituras.com\/wp-content\/uploads\/2016\/10\/1241burguesia.jpg?resize=350%2C200&ssl=1","width":350,"height":200},"classes":[]},{"id":33214,"url":"https:\/\/atravesdelasescrituras.com\/es_es\/2017\/01\/09\/14-pueblo-perseguido\/","url_meta":{"origin":5511,"position":1},"title":"14. Pueblo perseguido","author":"Daniel L\u00f3pez","date":"9 Ene 2017","format":"gallery","excerpt":"Los jud\u00edos han sufrido antisemitismo, u odio hacia los jud\u00edos, durante m\u00e1s de dos milenios alrededor de todo el mundo. Las actitudes entre diferentes grupos y en distintas \u00e9pocas hist\u00f3ricas han sido muy distintas. Las manifestaciones del antisemitismo han variado desde la marginalizaci\u00f3n y expulsi\u00f3n hasta la violencia f\u00edsica y\u2026","rel":"","context":"En \u00abEstudios Varios\u00bb","block_context":{"text":"Estudios Varios","link":"https:\/\/atravesdelasescrituras.com\/es_es\/category\/estudios-varios\/"},"img":{"alt_text":"","src":"https:\/\/i0.wp.com\/atravesdelasescrituras.com\/wp-content\/uploads\/2017\/01\/expulsionjudios.jpg?resize=350%2C200&ssl=1","width":350,"height":200},"classes":[]},{"id":48960,"url":"https:\/\/atravesdelasescrituras.com\/es_es\/2024\/04\/17\/el-papado-analisis-trasfondo-e-historia\/","url_meta":{"origin":5511,"position":2},"title":"El papado (An\u00e1lisis, trasfondo e historia)","author":"Daniel L\u00f3pez","date":"17 Abr 2024","format":false,"excerpt":"La primac\u00eda o liderazgo de Pedro entre los doce ap\u00f3stoles y en la Iglesia primitiva es hoy generalmente aceptada tanto por los eruditos protestantes como por los cat\u00f3licos. Las diferencias a este respecto surgen m\u00e1s bien entre los biblistas conservadores, que aceptan los textos esencialmente tal como est\u00e1n, y los\u2026","rel":"","context":"En \u00abArt\u00edculos varios\u00bb","block_context":{"text":"Art\u00edculos varios","link":"https:\/\/atravesdelasescrituras.com\/es_es\/category\/articulos-varios\/"},"img":{"alt_text":"","src":"https:\/\/i0.wp.com\/atravesdelasescrituras.com\/wp-content\/uploads\/2024\/04\/el-papado.jpg?fit=1200%2C675&ssl=1&resize=350%2C200","width":350,"height":200,"srcset":"https:\/\/i0.wp.com\/atravesdelasescrituras.com\/wp-content\/uploads\/2024\/04\/el-papado.jpg?fit=1200%2C675&ssl=1&resize=350%2C200 1x, https:\/\/i0.wp.com\/atravesdelasescrituras.com\/wp-content\/uploads\/2024\/04\/el-papado.jpg?fit=1200%2C675&ssl=1&resize=525%2C300 1.5x, https:\/\/i0.wp.com\/atravesdelasescrituras.com\/wp-content\/uploads\/2024\/04\/el-papado.jpg?fit=1200%2C675&ssl=1&resize=700%2C400 2x, https:\/\/i0.wp.com\/atravesdelasescrituras.com\/wp-content\/uploads\/2024\/04\/el-papado.jpg?fit=1200%2C675&ssl=1&resize=1050%2C600 3x"},"classes":[]},{"id":49542,"url":"https:\/\/atravesdelasescrituras.com\/es_es\/2024\/05\/15\/antiguas-tradiciones-interpretativas\/","url_meta":{"origin":5511,"position":3},"title":"Antiguas Tradiciones Interpretativas","author":"Daniel L\u00f3pez","date":"15 May 2024","format":false,"excerpt":"En este video daremos un breve resumen sobre algunos desarrollos hist\u00f3ricos y doctrinales que han influido significativamente en la interpretaci\u00f3n y el entendimiento del Nuevo Testamento a lo largo de los siglos...","rel":"","context":"En \u00abMis videos\u00bb","block_context":{"text":"Mis videos","link":"https:\/\/atravesdelasescrituras.com\/es_es\/category\/videos\/mis-videos\/"},"img":{"alt_text":"","src":"https:\/\/i0.wp.com\/atravesdelasescrituras.com\/wp-content\/uploads\/2024\/05\/antiguas-tradiciones-interpretativas.jpg?fit=1200%2C675&ssl=1&resize=350%2C200","width":350,"height":200,"srcset":"https:\/\/i0.wp.com\/atravesdelasescrituras.com\/wp-content\/uploads\/2024\/05\/antiguas-tradiciones-interpretativas.jpg?fit=1200%2C675&ssl=1&resize=350%2C200 1x, https:\/\/i0.wp.com\/atravesdelasescrituras.com\/wp-content\/uploads\/2024\/05\/antiguas-tradiciones-interpretativas.jpg?fit=1200%2C675&ssl=1&resize=525%2C300 1.5x, https:\/\/i0.wp.com\/atravesdelasescrituras.com\/wp-content\/uploads\/2024\/05\/antiguas-tradiciones-interpretativas.jpg?fit=1200%2C675&ssl=1&resize=700%2C400 2x, https:\/\/i0.wp.com\/atravesdelasescrituras.com\/wp-content\/uploads\/2024\/05\/antiguas-tradiciones-interpretativas.jpg?fit=1200%2C675&ssl=1&resize=1050%2C600 3x"},"classes":[]},{"id":50398,"url":"https:\/\/atravesdelasescrituras.com\/es_es\/2024\/07\/12\/apocrifos-y-pseudoepigrafos\/","url_meta":{"origin":5511,"position":4},"title":"Ap\u00f3crifos y Pseudoep\u00edgrafos","author":"Daniel L\u00f3pez","date":"12 Jul 2024","format":false,"excerpt":"Los t\u00e9rminos \"ap\u00f3crifos\" y \"pseudoep\u00edgrafos\" significan, respectivamente, \"cosas (libros) ocultas\" y \"libros falsamente atribuidos\/inscritos\". Sin embargo, bajo los problem\u00e1ticos encabezamientos de \"ap\u00f3crifos del Antiguo Testamento\" y \"pseudoep\u00edgrafos del Antiguo Testamento\" han llegado a designar colecciones o grupos de antiguos escritos jud\u00edos que fueron compuestos durante el periodo del Segundo Templo\u2026","rel":"","context":"En \u00abArt\u00edculos varios\u00bb","block_context":{"text":"Art\u00edculos varios","link":"https:\/\/atravesdelasescrituras.com\/es_es\/category\/articulos-varios\/"},"img":{"alt_text":"","src":"https:\/\/i0.wp.com\/atravesdelasescrituras.com\/wp-content\/uploads\/2024\/07\/apocrifos-y-pseudoepigrafos.jpg?fit=1200%2C675&ssl=1&resize=350%2C200","width":350,"height":200,"srcset":"https:\/\/i0.wp.com\/atravesdelasescrituras.com\/wp-content\/uploads\/2024\/07\/apocrifos-y-pseudoepigrafos.jpg?fit=1200%2C675&ssl=1&resize=350%2C200 1x, https:\/\/i0.wp.com\/atravesdelasescrituras.com\/wp-content\/uploads\/2024\/07\/apocrifos-y-pseudoepigrafos.jpg?fit=1200%2C675&ssl=1&resize=525%2C300 1.5x, https:\/\/i0.wp.com\/atravesdelasescrituras.com\/wp-content\/uploads\/2024\/07\/apocrifos-y-pseudoepigrafos.jpg?fit=1200%2C675&ssl=1&resize=700%2C400 2x, https:\/\/i0.wp.com\/atravesdelasescrituras.com\/wp-content\/uploads\/2024\/07\/apocrifos-y-pseudoepigrafos.jpg?fit=1200%2C675&ssl=1&resize=1050%2C600 3x"},"classes":[]},{"id":50897,"url":"https:\/\/atravesdelasescrituras.com\/es_es\/2024\/08\/06\/el-canon-de-las-sagradas-escrituras-y-los-libros-apocrifos\/","url_meta":{"origin":5511,"position":5},"title":"El Canon de las Sagradas Escrituras y los Libros Ap\u00f3crifos","author":"Daniel L\u00f3pez","date":"6 Ago 2024","format":false,"excerpt":"El t\u00e9rmino \"canon\", que originalmente significaba vara de medir o regla, y m\u00e1s tarde cat\u00e1logo o conjunto de normas, ha estado presente desde el siglo IV en el uso teol\u00f3gico cristiano general como t\u00e9rmino t\u00e9cnico para designar la lista de escritos sagrados considerados normativos para la creencia y la pr\u00e1ctica\u2026","rel":"","context":"En \u00abArt\u00edculos varios\u00bb","block_context":{"text":"Art\u00edculos varios","link":"https:\/\/atravesdelasescrituras.com\/es_es\/category\/articulos-varios\/"},"img":{"alt_text":"","src":"https:\/\/i0.wp.com\/atravesdelasescrituras.com\/wp-content\/uploads\/2024\/08\/el-canon.jpg?fit=1200%2C675&ssl=1&resize=350%2C200","width":350,"height":200,"srcset":"https:\/\/i0.wp.com\/atravesdelasescrituras.com\/wp-content\/uploads\/2024\/08\/el-canon.jpg?fit=1200%2C675&ssl=1&resize=350%2C200 1x, https:\/\/i0.wp.com\/atravesdelasescrituras.com\/wp-content\/uploads\/2024\/08\/el-canon.jpg?fit=1200%2C675&ssl=1&resize=525%2C300 1.5x, https:\/\/i0.wp.com\/atravesdelasescrituras.com\/wp-content\/uploads\/2024\/08\/el-canon.jpg?fit=1200%2C675&ssl=1&resize=700%2C400 2x, https:\/\/i0.wp.com\/atravesdelasescrituras.com\/wp-content\/uploads\/2024\/08\/el-canon.jpg?fit=1200%2C675&ssl=1&resize=1050%2C600 3x"},"classes":[]}],"brizy_media":[],"jetpack_featured_media_url":"","_links":{"self":[{"href":"https:\/\/atravesdelasescrituras.com\/es_es\/wp-json\/wp\/v2\/posts\/5511","targetHints":{"allow":["GET"]}}],"collection":[{"href":"https:\/\/atravesdelasescrituras.com\/es_es\/wp-json\/wp\/v2\/posts"}],"about":[{"href":"https:\/\/atravesdelasescrituras.com\/es_es\/wp-json\/wp\/v2\/types\/post"}],"author":[{"embeddable":true,"href":"https:\/\/atravesdelasescrituras.com\/es_es\/wp-json\/wp\/v2\/users\/80235555"}],"replies":[{"embeddable":true,"href":"https:\/\/atravesdelasescrituras.com\/es_es\/wp-json\/wp\/v2\/comments?post=5511"}],"version-history":[{"count":3,"href":"https:\/\/atravesdelasescrituras.com\/es_es\/wp-json\/wp\/v2\/posts\/5511\/revisions"}],"predecessor-version":[{"id":5514,"href":"https:\/\/atravesdelasescrituras.com\/es_es\/wp-json\/wp\/v2\/posts\/5511\/revisions\/5514"}],"wp:attachment":[{"href":"https:\/\/atravesdelasescrituras.com\/es_es\/wp-json\/wp\/v2\/media?parent=5511"}],"wp:term":[{"taxonomy":"category","embeddable":true,"href":"https:\/\/atravesdelasescrituras.com\/es_es\/wp-json\/wp\/v2\/categories?post=5511"},{"taxonomy":"post_tag","embeddable":true,"href":"https:\/\/atravesdelasescrituras.com\/es_es\/wp-json\/wp\/v2\/tags?post=5511"}],"curies":[{"name":"wp","href":"https:\/\/api.w.org\/{rel}","templated":true}]}}