{"id":556,"date":"2020-08-18T16:29:12","date_gmt":"2020-08-18T16:29:12","guid":{"rendered":"https:\/\/startersites.io\/blocksy\/business\/?p=552"},"modified":"2020-08-18T16:29:12","modified_gmt":"2020-08-18T16:29:12","slug":"tellus-molestie-nunc-non-blandit-massa","status":"publish","type":"post","link":"https:\/\/atravesdelasescrituras.com\/es_es\/2020\/08\/18\/tellus-molestie-nunc-non-blandit-massa\/","title":{"rendered":"Tellus Molestie Nunc Non Blandit Massa"},"content":{"rendered":"\n<p class=\"wp-block-paragraph\">Lorem ipsum dolor sit amet, consectetur adipiscing elit, sed do eiusmod tempor incididunt ut labore et dolore magna aliqua. Scelerisque purus semper eget duis. Quis blandit turpis cursus in hac habitasse platea. Pellentesque eu tincidunt tortor aliquam nulla facilisi.<\/p>\n\n\n\n<p class=\"wp-block-paragraph\">Sed cras ornare arcu dui vivamus arcu felis. Cursus euismod quis viverra nibh cras pulvinar mattis nunc. Vulputate sapien nec sagittis aliquam malesuada. Tellus molestie nunc non blandit massa. Suspendisse in est ante in nibh mauris cursus. Erat pellentesque adipiscing commodo elit at imperdiet dui accumsan. Duis at tellus at urna. Rutrum quisque non tellus orci ac auctor augue mauris. At tellus at urna condimentum mattis pellentesque id nibh tortor.<\/p>\n\n\n\n<p class=\"wp-block-paragraph\">Sagittis purus sit amet volutpat. Commodo elit at imperdiet dui. Non odio euismod lacinia at quis risus sed vulputate odio. Adipiscing elit pellentesque habitant morbi. Etiam sit amet nisl purus in mollis. Nam at lectus urna duis. Aliquet eget sit amet tellus cras adipiscing enim eu turpis. Facilisis mauris sit amet massa vitae tortor. At consectetur lorem donec massa.<\/p>\n\n\n\n<p class=\"wp-block-paragraph\">Ultricies leo integer malesuada nunc. At lectus urna duis convallis convallis tellus. Pulvinar neque laoreet suspendisse interdum consectetur libero id faucibus. Quis risus sed vulputate odio ut enim. Porta non pulvinar neque laoreet suspendisse interdum consectetur libero id. Egestas tellus rutrum tellus pellentesque eu tincidunt. Diam donec adipiscing tristique risus nec feugiat. Fames ac turpis egestas sed tempus urna. Congue quisque egestas diam in arcu cursus. Integer quis auctor elit sed vulputate mi sit. Sed viverra ipsum nunc aliquet bibendum.<\/p>\n\n\n\n<p class=\"wp-block-paragraph\">Vitae suscipit tellus mauris a diam maecenas sed enim ut. Scelerisque eu ultrices vitae auctor eu augue ut lectus arcu. Nisl nunc mi ipsum faucibus. Habitant morbi tristique senectus et netus. Aliquet porttitor lacus luctus accumsan tortor posuere ac. Elementum curabitur vitae nunc sed velit dignissim sodales. Suspendisse in est ante in nibh.<\/p>\n\n\n\n<p class=\"wp-block-paragraph\">Tristique sollicitudin nibh sit amet commodo nulla facilisi nullam vehicula. Felis eget nunc lobortis mattis. Massa id neque aliquam vestibulum morbi. Justo laoreet sit amet cursus sit amet. Elit sed vulputate mi sit. Viverra mauris in aliquam sem fringilla ut. Proin libero nunc consequat interdum varius sit amet mattis vulputate. Arcu ac tortor dignissim convallis aenean et tortor. Ut sem nulla pharetra diam sit. Tincidunt nunc pulvinar sapien et ligula ullamcorper malesuada proin libero. Id diam vel quam elementum pulvinar.<\/p>\n","protected":false},"excerpt":{"rendered":"<p>Lorem ipsum dolor sit amet, consectetur adipiscing elit, sed do eiusmod tempor incididunt ut labore et dolore magna aliqua. Scelerisque purus semper eget duis. Quis blandit turpis cursus in hac habitasse platea. Pellentesque eu tincidunt tortor aliquam nulla facilisi. Sed cras ornare arcu dui vivamus arcu felis. Cursus euismod quis viverra nibh cras pulvinar mattis [&hellip;]<\/p>\n","protected":false},"author":80235555,"featured_media":557,"comment_status":"open","ping_status":"open","sticky":false,"template":"","format":"standard","meta":{"_coblocks_attr":"","_coblocks_dimensions":"","_coblocks_responsive_height":"","_coblocks_accordion_ie_support":"","_gspb_post_css":"","advanced_seo_description":"","jetpack_seo_html_title":"","jetpack_seo_noindex":false,"jetpack_seo_schema_type":"","_jetpack_newsletter_access":"","_jetpack_dont_email_post_to_subs":false,"_jetpack_newsletter_tier_id":0,"_jetpack_memberships_contains_paywalled_content":false,"_wpcom_ai_launchpad_first_post":false,"_jetpack_feature_clip_id":0,"_jetpack_memberships_contains_paid_content":false,"footnotes":"","jetpack_publicize_message":"","jetpack_publicize_feature_enabled":true,"jetpack_social_post_already_shared":true,"jetpack_social_options":{"image_generator_settings":{"template":"highway","default_image_id":0,"font":"","enabled":false},"version":2},"jetpack_post_was_ever_published":false},"categories":[790841182],"tags":[],"class_list":["post-556","post","type-post","status-publish","format-standard","has-post-thumbnail","hentry","category-news"],"blocksy_meta":{"styles_descriptor":{"styles":{"desktop":"","tablet":"","mobile":""},"google_fonts":[],"version":7}},"jetpack_publicize_connections":[],"jetpack_likes_enabled":true,"jetpack_sharing_enabled":true,"jetpack_shortlink":"https:\/\/wp.me\/p5HWJ5-8Y","jetpack-related-posts":[{"id":32014,"url":"https:\/\/atravesdelasescrituras.com\/es_es\/2016\/12\/21\/12-yeshua-ben-yosef\/","url_meta":{"origin":556,"position":0},"title":"12. Yeshua Ben Yosef","author":"Daniel L\u00f3pez","date":"21 Dic 2016","format":"gallery","excerpt":"El nacimiento, la vida y la muerte de Jes\u00fas seg\u00fan el Nuevo Testamento: Mateo 1:18-21 - \u201cEl nacimiento de Jesucristo fue as\u00ed: Estando desposada Mar\u00eda su madre con Jos\u00e9, antes que se juntasen, se hall\u00f3 que hab\u00eda concebido del Esp\u00edritu Santo. (19)\u00a0Jos\u00e9 su marido, como era justo, y no quer\u00eda\u2026","rel":"","context":"En \u00abEstudios Varios\u00bb","block_context":{"text":"Estudios Varios","link":"https:\/\/atravesdelasescrituras.com\/es_es\/category\/estudios-varios\/"},"img":{"alt_text":"","src":"https:\/\/i0.wp.com\/atravesdelasescrituras.com\/wp-content\/uploads\/2016\/12\/sepultado.jpg?resize=350%2C200&ssl=1","width":350,"height":200},"classes":[]},{"id":44519,"url":"https:\/\/atravesdelasescrituras.com\/es_es\/2023\/09\/06\/homosexualismo-en-la-biblia-en-el-antiguo-cercano-oriente-en-el-judaismo-y-en-el-cristianismo\/","url_meta":{"origin":556,"position":1},"title":"Homosexualismo en la Biblia, en el Antiguo cercano oriente, en el juda\u00edsmo, y en el Cristianismo.","author":"Daniel L\u00f3pez","date":"6 Sep 2023","format":false,"excerpt":"Las relaciones entre personas del mismo sexo se refieren a la actividad sexual entre personas del mismo sexo biol\u00f3gico. Aunque la palabra \"homosexual\" se utiliz\u00f3 por primera vez en el siglo XIX, las relaciones entre personas del mismo sexo han existido a lo largo de la historia. Aunque el concepto\u2026","rel":"","context":"En \u00abArt\u00edculos varios\u00bb","block_context":{"text":"Art\u00edculos varios","link":"https:\/\/atravesdelasescrituras.com\/es_es\/category\/articulos-varios\/"},"img":{"alt_text":"","src":"https:\/\/i0.wp.com\/atravesdelasescrituras.com\/wp-content\/uploads\/2023\/09\/homosexualismo.jpg?fit=1200%2C675&ssl=1&resize=350%2C200","width":350,"height":200,"srcset":"https:\/\/i0.wp.com\/atravesdelasescrituras.com\/wp-content\/uploads\/2023\/09\/homosexualismo.jpg?fit=1200%2C675&ssl=1&resize=350%2C200 1x, https:\/\/i0.wp.com\/atravesdelasescrituras.com\/wp-content\/uploads\/2023\/09\/homosexualismo.jpg?fit=1200%2C675&ssl=1&resize=525%2C300 1.5x, https:\/\/i0.wp.com\/atravesdelasescrituras.com\/wp-content\/uploads\/2023\/09\/homosexualismo.jpg?fit=1200%2C675&ssl=1&resize=700%2C400 2x, https:\/\/i0.wp.com\/atravesdelasescrituras.com\/wp-content\/uploads\/2023\/09\/homosexualismo.jpg?fit=1200%2C675&ssl=1&resize=1050%2C600 3x"},"classes":[]},{"id":44458,"url":"https:\/\/atravesdelasescrituras.com\/es_es\/2023\/09\/05\/midrash-exegesis-explicita\/","url_meta":{"origin":556,"position":2},"title":"Midrash, exegesis expl\u00edcita","author":"Daniel L\u00f3pez","date":"5 Sep 2023","format":false,"excerpt":"El sustantivo hebreo midr\u0101\u0161 \u05de\u05b4\u05d3\u05b0\u05e8\u05b7\u05e9\u05c1 (pl. midr\u0101\u0161\u00eem) deriva de la forma verbal dar\u0101\u0161 \u05d3\u05b8\u05bc\u05e8\u05b7\u05e9\u05c1, que significa \u00abbuscar [una respuesta]\u00bb. Por consiguiente, midr\u0101\u0161 significa \u00abinvestigaci\u00f3n\u00bb, \u00abexamen\u00bb o \u00abcomentario\u00bb. Sin embargo, solo en los escritos rab\u00ednicos se usa \u00abmidr\u0101\u0161\u00bb como un t\u00e9rmino t\u00e9cnico para la interpretaci\u00f3n de la Escritura (un procedimiento interpretativo)\u2026","rel":"","context":"En \u00abArt\u00edculos varios\u00bb","block_context":{"text":"Art\u00edculos varios","link":"https:\/\/atravesdelasescrituras.com\/es_es\/category\/articulos-varios\/"},"img":{"alt_text":"","src":"https:\/\/i0.wp.com\/atravesdelasescrituras.com\/wp-content\/uploads\/2023\/09\/midrash.jpg?fit=1200%2C675&ssl=1&resize=350%2C200","width":350,"height":200,"srcset":"https:\/\/i0.wp.com\/atravesdelasescrituras.com\/wp-content\/uploads\/2023\/09\/midrash.jpg?fit=1200%2C675&ssl=1&resize=350%2C200 1x, https:\/\/i0.wp.com\/atravesdelasescrituras.com\/wp-content\/uploads\/2023\/09\/midrash.jpg?fit=1200%2C675&ssl=1&resize=525%2C300 1.5x, https:\/\/i0.wp.com\/atravesdelasescrituras.com\/wp-content\/uploads\/2023\/09\/midrash.jpg?fit=1200%2C675&ssl=1&resize=700%2C400 2x, https:\/\/i0.wp.com\/atravesdelasescrituras.com\/wp-content\/uploads\/2023\/09\/midrash.jpg?fit=1200%2C675&ssl=1&resize=1050%2C600 3x"},"classes":[]},{"id":44286,"url":"https:\/\/atravesdelasescrituras.com\/es_es\/2023\/09\/03\/el-retorno-de-elias-tanto-en-el-judaismo-temprano-como-en-el-n-t\/","url_meta":{"origin":556,"position":3},"title":"El retorno de El\u00edas (Tanto en el Juda\u00edsmo temprano, como en el N.T)","author":"Daniel L\u00f3pez","date":"3 Sep 2023","format":false,"excerpt":"En el presente Art\u00edculo el erudito luterano Joachim Jerem\u00edas desarrolla en el Diccionario Teol\u00f3gico del Nuevo Testamento (TDNT) la cosmovisi\u00f3n de El\u00edas en el Juda\u00edsmo temprano y en el contexto Neo Testamentario, comencemos... Ninguna figura b\u00edblica ejerci\u00f3 tanto el pensamiento religioso del juda\u00edsmo postb\u00edblico como la del profeta El\u00edas, que\u2026","rel":"","context":"En \u00abArt\u00edculos varios\u00bb","block_context":{"text":"Art\u00edculos varios","link":"https:\/\/atravesdelasescrituras.com\/es_es\/category\/articulos-varios\/"},"img":{"alt_text":"","src":"https:\/\/i0.wp.com\/atravesdelasescrituras.com\/wp-content\/uploads\/2023\/09\/el-retorno-de-elias.jpg?fit=1200%2C675&ssl=1&resize=350%2C200","width":350,"height":200,"srcset":"https:\/\/i0.wp.com\/atravesdelasescrituras.com\/wp-content\/uploads\/2023\/09\/el-retorno-de-elias.jpg?fit=1200%2C675&ssl=1&resize=350%2C200 1x, https:\/\/i0.wp.com\/atravesdelasescrituras.com\/wp-content\/uploads\/2023\/09\/el-retorno-de-elias.jpg?fit=1200%2C675&ssl=1&resize=525%2C300 1.5x, https:\/\/i0.wp.com\/atravesdelasescrituras.com\/wp-content\/uploads\/2023\/09\/el-retorno-de-elias.jpg?fit=1200%2C675&ssl=1&resize=700%2C400 2x, https:\/\/i0.wp.com\/atravesdelasescrituras.com\/wp-content\/uploads\/2023\/09\/el-retorno-de-elias.jpg?fit=1200%2C675&ssl=1&resize=1050%2C600 3x"},"classes":[]},{"id":54177,"url":"https:\/\/atravesdelasescrituras.com\/es_es\/2025\/07\/19\/vision-general-exegetica-de-mateo-24-por-d-a-carson\/","url_meta":{"origin":556,"position":4},"title":"Visi\u00f3n General exeg\u00e9tica de Mateo 24 por D.A. Carson","author":"Daniel L\u00f3pez","date":"19 Jul 2025","format":false,"excerpt":"Mateo 24, junto con sus paralelos en Marcos 13 y Lucas 21, es uno de los pasajes m\u00e1s debatidos del Nuevo Testamento debido a su complejidad literaria, teol\u00f3gica y prof\u00e9tica. El discurso, conocido como el \"Discurso del Monte de los Olivos\", aborda la destrucci\u00f3n del templo de Jerusal\u00e9n y la\u2026","rel":"","context":"En \u00abArt\u00edculos varios\u00bb","block_context":{"text":"Art\u00edculos varios","link":"https:\/\/atravesdelasescrituras.com\/es_es\/category\/articulos-varios\/"},"img":{"alt_text":"","src":"https:\/\/i0.wp.com\/atravesdelasescrituras.com\/wp-content\/uploads\/2025\/07\/vision-general-de-mateo-24.jpg?fit=1200%2C675&ssl=1&resize=350%2C200","width":350,"height":200,"srcset":"https:\/\/i0.wp.com\/atravesdelasescrituras.com\/wp-content\/uploads\/2025\/07\/vision-general-de-mateo-24.jpg?fit=1200%2C675&ssl=1&resize=350%2C200 1x, https:\/\/i0.wp.com\/atravesdelasescrituras.com\/wp-content\/uploads\/2025\/07\/vision-general-de-mateo-24.jpg?fit=1200%2C675&ssl=1&resize=525%2C300 1.5x, https:\/\/i0.wp.com\/atravesdelasescrituras.com\/wp-content\/uploads\/2025\/07\/vision-general-de-mateo-24.jpg?fit=1200%2C675&ssl=1&resize=700%2C400 2x, https:\/\/i0.wp.com\/atravesdelasescrituras.com\/wp-content\/uploads\/2025\/07\/vision-general-de-mateo-24.jpg?fit=1200%2C675&ssl=1&resize=1050%2C600 3x"},"classes":[]},{"id":55714,"url":"https:\/\/atravesdelasescrituras.com\/es_es\/2025\/10\/27\/el-dia-de-la-ultima-cena-analisis-historico-exegetico-y-teologico-de-la-cronologia-pascual-en-los-evangelios\/","url_meta":{"origin":556,"position":5},"title":"\u201cEl D\u00eda de la \u00daltima Cena: An\u00e1lisis hist\u00f3rico, exeg\u00e9tico y teol\u00f3gico de la cronolog\u00eda pascual en los Evangelios\u201d","author":"Daniel L\u00f3pez","date":"27 Oct 2025","format":false,"excerpt":"Entre los episodios m\u00e1s enigm\u00e1ticos de la Pasi\u00f3n de Cristo, ninguno ha suscitado tantas discusiones acad\u00e9micas como la fecha exacta en que Jes\u00fas celebr\u00f3 su \u00daltima Cena. A primera vista, la divergencia entre los Evangelios parece insalvable: mientras los Evangelios sin\u00f3pticos (Mateo, Marcos y Lucas) presentan la cena como una\u2026","rel":"","context":"En \u00abArt\u00edculos varios\u00bb","block_context":{"text":"Art\u00edculos varios","link":"https:\/\/atravesdelasescrituras.com\/es_es\/category\/articulos-varios\/"},"img":{"alt_text":"","src":"https:\/\/i0.wp.com\/atravesdelasescrituras.com\/wp-content\/uploads\/2025\/10\/la-ultima-cena-de-jesus.jpg?fit=1200%2C675&ssl=1&resize=350%2C200","width":350,"height":200,"srcset":"https:\/\/i0.wp.com\/atravesdelasescrituras.com\/wp-content\/uploads\/2025\/10\/la-ultima-cena-de-jesus.jpg?fit=1200%2C675&ssl=1&resize=350%2C200 1x, https:\/\/i0.wp.com\/atravesdelasescrituras.com\/wp-content\/uploads\/2025\/10\/la-ultima-cena-de-jesus.jpg?fit=1200%2C675&ssl=1&resize=525%2C300 1.5x, https:\/\/i0.wp.com\/atravesdelasescrituras.com\/wp-content\/uploads\/2025\/10\/la-ultima-cena-de-jesus.jpg?fit=1200%2C675&ssl=1&resize=700%2C400 2x, https:\/\/i0.wp.com\/atravesdelasescrituras.com\/wp-content\/uploads\/2025\/10\/la-ultima-cena-de-jesus.jpg?fit=1200%2C675&ssl=1&resize=1050%2C600 3x"},"classes":[]}],"brizy_media":[],"jetpack_featured_media_url":"https:\/\/atravesdelasescrituras.com\/wp-content\/uploads\/2020\/08\/kobu-agency-QBBei2RPb7A-unsplash-1.jpg","_links":{"self":[{"href":"https:\/\/atravesdelasescrituras.com\/es_es\/wp-json\/wp\/v2\/posts\/556","targetHints":{"allow":["GET"]}}],"collection":[{"href":"https:\/\/atravesdelasescrituras.com\/es_es\/wp-json\/wp\/v2\/posts"}],"about":[{"href":"https:\/\/atravesdelasescrituras.com\/es_es\/wp-json\/wp\/v2\/types\/post"}],"author":[{"embeddable":true,"href":"https:\/\/atravesdelasescrituras.com\/es_es\/wp-json\/wp\/v2\/users\/80235555"}],"replies":[{"embeddable":true,"href":"https:\/\/atravesdelasescrituras.com\/es_es\/wp-json\/wp\/v2\/comments?post=556"}],"version-history":[{"count":0,"href":"https:\/\/atravesdelasescrituras.com\/es_es\/wp-json\/wp\/v2\/posts\/556\/revisions"}],"wp:featuredmedia":[{"embeddable":true,"href":"https:\/\/atravesdelasescrituras.com\/es_es\/wp-json\/wp\/v2\/media\/557"}],"wp:attachment":[{"href":"https:\/\/atravesdelasescrituras.com\/es_es\/wp-json\/wp\/v2\/media?parent=556"}],"wp:term":[{"taxonomy":"category","embeddable":true,"href":"https:\/\/atravesdelasescrituras.com\/es_es\/wp-json\/wp\/v2\/categories?post=556"},{"taxonomy":"post_tag","embeddable":true,"href":"https:\/\/atravesdelasescrituras.com\/es_es\/wp-json\/wp\/v2\/tags?post=556"}],"curies":[{"name":"wp","href":"https:\/\/api.w.org\/{rel}","templated":true}]}}