{"id":55796,"date":"2025-10-28T20:16:57","date_gmt":"2025-10-28T19:16:57","guid":{"rendered":"https:\/\/atravesdelasescrituras.com\/?p=55796"},"modified":"2025-11-02T09:59:00","modified_gmt":"2025-11-02T08:59:00","slug":"el-dia-de-la-muerte-de-cristo-analisis-de-las-posturas-del-miercoles-jueves-y-viernes","status":"publish","type":"post","link":"https:\/\/atravesdelasescrituras.com\/es_es\/2025\/10\/28\/el-dia-de-la-muerte-de-cristo-analisis-de-las-posturas-del-miercoles-jueves-y-viernes\/","title":{"rendered":"\u201cEl d\u00eda de la muerte de Cristo: an\u00e1lisis de las posturas del mi\u00e9rcoles, jueves y viernes\u201d"},"content":{"rendered":"\n<p class=\"wp-block-paragraph\">El tema de la cronolog\u00eda de la pasi\u00f3n de Cristo no es una mera curiosidad hist\u00f3rica, sino una cuesti\u00f3n profundamente teol\u00f3gica, pues toca la coherencia interna de los Evangelios y el simbolismo central de la redenci\u00f3n cristiana. La identificaci\u00f3n del d\u00eda exacto de la crucifixi\u00f3n de Jes\u00fas tiene implicaciones hermen\u00e9uticas, lit\u00fargicas y doctrinales: afecta la comprensi\u00f3n de la relaci\u00f3n entre la Pascua jud\u00eda y la cristiana, la interpretaci\u00f3n del signo de Jon\u00e1s y la armon\u00eda entre los cuatro Evangelios.<\/p>\n\n\n\n<p class=\"wp-block-paragraph\">Desde el siglo II, la tradici\u00f3n eclesial estableci\u00f3 el <strong>Viernes Santo<\/strong> como d\u00eda conmemorativo de la muerte del Se\u00f1or. Sin embargo, a partir de la Reforma y del surgimiento de la cr\u00edtica b\u00edblica moderna, varios int\u00e9rpretes comenzaron a revisar la cronolog\u00eda de la Semana Santa, buscando una correspondencia m\u00e1s literal con las declaraciones de Jes\u00fas.<\/p>\n\n\n\n<p class=\"wp-block-paragraph\">Las tres posturas principales pueden resumirse as\u00ed:<\/p>\n\n\n\n<ul class=\"wp-block-list\">\n<li><strong>Mi\u00e9rcoles:<\/strong> Jes\u00fas es crucificado el 14 de Nis\u00e1n por la tarde, y resucita al final del s\u00e1bado, cumpliendo literalmente tres d\u00edas y tres noches.<\/li>\n\n\n\n<li><strong>Jueves:<\/strong> Jes\u00fas es crucificado al final del 14 de Nis\u00e1n \u2014cuando se sacrificaban los corderos pascuales\u2014 y sepultado antes de comenzar el 15 de Nis\u00e1n, \u201cd\u00eda grande\u201d de reposo (Jn 19:31); resucita al amanecer del domingo.<\/li>\n\n\n\n<li><strong>Viernes:<\/strong> Jes\u00fas es crucificado el d\u00eda de la paraskeu\u00e9 (preparaci\u00f3n del s\u00e1bado), sepultado antes del reposo y resucita \u201cal tercer d\u00eda\u201d en sentido inclusivo.<\/li>\n<\/ul>\n\n\n\n<p class=\"wp-block-paragraph\">El prop\u00f3sito de este estudio no es meramente cronogr\u00e1fico, sino hermen\u00e9utico. El an\u00e1lisis combinar\u00e1 datos hist\u00f3ricos (Josefo, Talmud, Mishn\u00e1), ling\u00fc\u00edsticos (griego y hebreo), teol\u00f3gicos (patr\u00edstica y ex\u00e9gesis moderna) y simb\u00f3licos (la tipolog\u00eda pascual y la escatolog\u00eda de la resurrecci\u00f3n).<\/p>\n\n\n<nav aria-label=\"Tabla de contenidos\" class=\"wp-block-table-of-contents\"><ol><li><a class=\"wp-block-table-of-contents__entry\" href=\"#contexto-historico-y-cronologico-de-la-pascua-en-tiempos-de-jesus\">Contexto hist\u00f3rico y cronol\u00f3gico de la Pascua en tiempos de Jes\u00fas<\/a><\/li><li><a class=\"wp-block-table-of-contents__entry\" href=\"#la-postura-del-viernes-la-tradicion-eclesial-y-su-fundamento-historico-teologico\">La postura del viernes: la tradici\u00f3n eclesial y su fundamento hist\u00f3rico-teol\u00f3gico<\/a><\/li><li><a class=\"wp-block-table-of-contents__entry\" href=\"#la-postura-del-jueves-la-hipotesis-intermedia-y-su-coherencia-teologico-historica\">La postura del jueves: la hip\u00f3tesis intermedia y su coherencia teol\u00f3gico-hist\u00f3rica<\/a><\/li><li><a class=\"wp-block-table-of-contents__entry\" href=\"#la-postura-del-miercoles-cronologia-literalista-argumentos-y-critica\">La postura del mi\u00e9rcoles: cronolog\u00eda literalista, argumentos y cr\u00edtica<\/a><\/li><li><a class=\"wp-block-table-of-contents__entry\" href=\"#interludio-filologico-al-tercer-dia-te-trite-hemera-vs-despues-de-tres-dias-meta-treis-hemeras-y-mt-12-40\">Interludio filol\u00f3gico: \u201cal tercer d\u00eda\u201d (t\u0113 trit\u0113 h\u0113mera) vs. \u201cdespu\u00e9s de tres d\u00edas\u201d (meta treis h\u0113meras) y Mt 12:40<\/a><\/li><li><a class=\"wp-block-table-of-contents__entry\" href=\"#evaluacion-comparativa-final-historia-exegesis-y-teologia\">Evaluaci\u00f3n comparativa final: historia, ex\u00e9gesis y teolog\u00eda<\/a><\/li><li><a class=\"wp-block-table-of-contents__entry\" href=\"#apendice-a-cronografias-comparadas-atardecer-a-atardecer\">Ap\u00e9ndice A. Cronograf\u00edas comparadas (atardecer-a-atardecer)<\/a><\/li><li><a class=\"wp-block-table-of-contents__entry\" href=\"#apendice-b-tabla-sinoptica-de-textos-clave\">Ap\u00e9ndice B. Tabla sin\u00f3ptica de textos clave<\/a><\/li><li><a class=\"wp-block-table-of-contents__entry\" href=\"#apendice-c-conclusion-reforzada-tesis-final\">Ap\u00e9ndice C. Conclusi\u00f3n reforzada (tesis final)<\/a><\/li><\/ol><\/nav>\n\n\n<h2 class=\"wp-block-heading\" id=\"contexto-historico-y-cronologico-de-la-pascua-en-tiempos-de-jesus\"><strong>Contexto hist\u00f3rico y cronol\u00f3gico de la Pascua en tiempos de Jes\u00fas<\/strong><\/h2>\n\n\n\n<h3 class=\"wp-block-heading\" id=\"el-calendario-judio-y-las-fiestas-de-primavera\">El calendario jud\u00edo y las fiestas de primavera<\/h3>\n\n\n\n<p class=\"wp-block-paragraph\">El calendario lunar-solar y la Pascua<\/p>\n\n\n\n<p class=\"wp-block-paragraph\">El juda\u00edsmo del Segundo Templo utilizaba un <strong>calendario lunar-solar<\/strong>, en el cual cada mes comenzaba con la <strong>luna nueva<\/strong> (<em>Rosh Jodesh<\/em>, cf <a href=\"https:\/\/atravesdelasescrituras.com\/2019\/11\/05\/rosh-jodesh-\u05e8\u05d0\u05e9-\u05d7\u05d5\u05d3\u05e9\/\">Rosh Jodesh<\/a>). Doce meses de 29 o 30 d\u00edas formaban un a\u00f1o, y ocasionalmente se a\u00f1ad\u00eda un mes intercalado para mantener la sincron\u00eda con las estaciones agr\u00edcolas.<\/p>\n\n\n\n<p class=\"wp-block-paragraph\">El mes de <strong>Nis\u00e1n<\/strong> (tambi\u00e9n llamado <em>Abib<\/em> en el Pentateuco) marcaba el inicio del a\u00f1o religioso. Seg\u00fan <a href=\"https:\/\/biblia.com\/bible\/rvr60\/Ex12.1-6\">\u00c9xodo 12:1\u20136,<\/a> el cordero pascual deb\u00eda seleccionarse el d\u00eda <strong>10 de Nis\u00e1n<\/strong> y sacrificarse el <strong>14 de Nis\u00e1n al atardecer<\/strong>, \u201centre las dos tardes\u201d (<em>bein ha\u2019arbayim<\/em>). Ese sacrificio daba comienzo a la <strong>fiesta de los Panes sin Levadura<\/strong>, que duraba siete d\u00edas y comenzaba formalmente el <strong>15 de Nis\u00e1n<\/strong>, el cual era considerado un <strong>d\u00eda santo de descanso<\/strong>, un <em>shabbaton<\/em> (<a href=\"https:\/\/biblia.com\/bible\/rvr60\/Le23.5-7\">Lv 23:5\u20137)<\/a>.<\/p>\n\n\n\n<p class=\"wp-block-paragraph\">Este detalle resulta crucial: durante esa semana pod\u00edan existir <strong>dos d\u00edas de reposo distintos<\/strong> \u2014uno festivo y otro semanal\u2014. De all\u00ed surge una posible explicaci\u00f3n a las aparentes discrepancias entre los Evangelios acerca de los d\u00edas.<\/p>\n\n\n\n<p class=\"wp-block-paragraph\"><strong>Flavio Josefo<\/strong>, testigo del siglo I, confirma esta pr\u00e1ctica:<\/p>\n\n\n\n<blockquote class=\"wp-block-quote is-layout-flow wp-block-quote-is-layout-flow\">\n<p class=\"wp-block-paragraph\">\u201cEl pueblo celebraba la fiesta llamada de los Panes sin Levadura, comenzando el d\u00eda catorce del mes, cuando se ofrec\u00eda el sacrificio llamado Pascua\u201d (<em>Ant.<\/em> 3.10.5).<\/p>\n<\/blockquote>\n\n\n\n<p class=\"wp-block-paragraph\">Este testimonio muestra que la Pascua y los Panes sin Levadura formaban un solo per\u00edodo lit\u00fargico, dentro del cual el t\u00e9rmino \u201cs\u00e1bado\u201d pod\u00eda aplicarse a m\u00e1s de un d\u00eda.<\/p>\n\n\n\n<h3 class=\"wp-block-heading\" id=\"las-diferencias-en-el-computo-del-dia\">Las diferencias en el c\u00f3mputo del d\u00eda<\/h3>\n\n\n\n<p class=\"wp-block-paragraph\">En la cultura jud\u00eda del siglo I coexist\u00edan <strong>dos formas de contar el d\u00eda<\/strong>:<\/p>\n\n\n\n<ul class=\"wp-block-list\">\n<li><strong>El c\u00f3mputo galileo<\/strong>, donde el d\u00eda comenzaba con el amanecer y terminaba al anochecer.<\/li>\n\n\n\n<li><strong>El c\u00f3mputo judeano o oficial<\/strong>, donde el d\u00eda comenzaba al anochecer y conclu\u00eda al siguiente anochecer.<\/li>\n<\/ul>\n\n\n\n<p class=\"wp-block-paragraph\">Esta distinci\u00f3n, documentada por <strong>Annie Jaubert<\/strong> y <strong>Joachim Jeremias<\/strong>, es fundamental para interpretar las diferencias entre los sin\u00f3pticos y Juan. Jeremias se\u00f1ala:<\/p>\n\n\n\n<blockquote class=\"wp-block-quote is-layout-flow wp-block-quote-is-layout-flow\">\n<p class=\"wp-block-paragraph\">\u201cEn Galilea y entre los esenios de Qumr\u00e1n, el d\u00eda comenzaba con la salida del sol, mientras que en Judea comenzaba con la puesta del sol. Esta diferencia pudo originar una duplicidad en la celebraci\u00f3n pascual de aquel a\u00f1o\u201d<sup data-fn=\"8c59fbc2-cf98-4634-8166-c5473cf46079\" class=\"fn\"><a href=\"#8c59fbc2-cf98-4634-8166-c5473cf46079\" id=\"8c59fbc2-cf98-4634-8166-c5473cf46079-link\">1<\/a><\/sup>.<\/p>\n<\/blockquote>\n\n\n\n<p class=\"wp-block-paragraph\">Si Jes\u00fas y sus disc\u00edpulos segu\u00edan el c\u00f3mputo galileo, pudieron celebrar la cena pascual el mi\u00e9rcoles por la noche (seg\u00fan el calendario galileo, el inicio del 14 de Nis\u00e1n), mientras que los judeanos la celebrar\u00edan al d\u00eda siguiente (jueves noche). De este modo, Jes\u00fas habr\u00eda sido crucificado cuando los sacerdotes estaban sacrificando los corderos en el templo (<a href=\"https:\/\/biblia.com\/bible\/rvr60\/Jn19.14\">Jn 19:14<\/a>), cumpliendo as\u00ed la tipolog\u00eda del Cordero Pascual.<\/p>\n\n\n\n<h3 class=\"wp-block-heading\" id=\"la-complejidad-semantica-de-dia-de-preparacion-paraskeue\">La complejidad sem\u00e1ntica de \u201cd\u00eda de preparaci\u00f3n\u201d (<em>paraskeu\u00e9<\/em>)<\/h3>\n\n\n\n<p class=\"wp-block-paragraph\">El t\u00e9rmino griego <em>paraskeu\u00e9<\/em> (\u03c0\u03b1\u03c1\u03b1\u03c3\u03ba\u03b5\u03c5\u03ae) aparece en los cuatro Evangelios (<a href=\"https:\/\/biblia.com\/bible\/rvr60\/Mt27.62\">Mt 27:62<\/a>; <a href=\"https:\/\/biblia.com\/bible\/rvr60\/Mk15.42\">Mc 15:42<\/a>; <a href=\"https:\/\/biblia.com\/bible\/rvr60\/Lk23.54\">Lc 23:54<\/a>; <a href=\"https:\/\/biblia.com\/bible\/rvr60\/Jn19.14\">Jn 19:14<\/a>, <a href=\"https:\/\/biblia.com\/bible\/rvr60\/Jn19.31\">31<\/a>, <a href=\"https:\/\/biblia.com\/bible\/rvr60\/Jn19.42\">42<\/a>). Aunque en su sentido general significa \u201cpreparaci\u00f3n\u201d, en el uso com\u00fan del juda\u00edsmo helen\u00edstico hab\u00eda adquirido el sentido t\u00e9cnico de <strong>viernes<\/strong>.<\/p>\n\n\n\n<p class=\"wp-block-paragraph\">Josefo lo confirma: \u201cSe re\u00fanen antes del d\u00eda que llamamos de la preparaci\u00f3n, que es el sexto\u201d (<em>Ant.<\/em> 16.6.2). Tambi\u00e9n Fil\u00f3n de Alejandr\u00eda menciona la preparaci\u00f3n sab\u00e1tica como una pr\u00e1ctica regular.<\/p>\n\n\n\n<p class=\"wp-block-paragraph\">No obstante, durante las grandes fiestas, cada jornada previa a un d\u00eda sagrado pod\u00eda denominarse <em>paraskeu\u00e9<\/em>, por lo que en la semana de la Pascua podr\u00eda haberse aplicado tanto al jueves (antes del <em>shabbaton<\/em> festivo) como al viernes (antes del s\u00e1bado semanal). <strong>Jack Finegan<\/strong> comenta:<\/p>\n\n\n\n<blockquote class=\"wp-block-quote is-layout-flow wp-block-quote-is-layout-flow\">\n<p class=\"wp-block-paragraph\">\u201cEn la semana pascual pod\u00eda haber dos d\u00edas de preparaci\u00f3n sucesivos: el primero para el gran s\u00e1bado de la fiesta y el segundo para el s\u00e1bado semanal\u201d<sup data-fn=\"9c0a0458-6883-4987-8f94-d7a3f5d53a35\" class=\"fn\"><a href=\"#9c0a0458-6883-4987-8f94-d7a3f5d53a35\" id=\"9c0a0458-6883-4987-8f94-d7a3f5d53a35-link\">2<\/a><\/sup>.<\/p>\n<\/blockquote>\n\n\n\n<p class=\"wp-block-paragraph\">Esto abre la posibilidad de entender<a href=\"https:\/\/biblia.com\/bible\/rvr60\/Jn19.14\"> Juan 19:14<\/a> (\u201cera el d\u00eda de la preparaci\u00f3n de la Pascua\u201d) no como viernes, sino como el d\u00eda anterior al primer d\u00eda de los Panes sin Levadura, apoyando as\u00ed la hip\u00f3tesis del jueves.<\/p>\n\n\n\n<h2 class=\"wp-block-heading\" id=\"la-postura-del-viernes-la-tradicion-eclesial-y-su-fundamento-historico-teologico\"><strong>La postura del viernes: la tradici\u00f3n eclesial y su fundamento hist\u00f3rico-teol\u00f3gico<\/strong><\/h2>\n\n\n\n<h3 class=\"wp-block-heading\" id=\"origen-historico-y-consolidacion-liturgica\"><strong>Origen hist\u00f3rico y consolidaci\u00f3n lit\u00fargica<\/strong><\/h3>\n\n\n\n<p class=\"wp-block-paragraph\">La postura del <strong>viernes<\/strong> \u2014seg\u00fan la cual Jes\u00fas fue crucificado el sexto d\u00eda de la semana jud\u00eda, v\u00edspera del s\u00e1bado\u2014 representa la <strong>posici\u00f3n m\u00e1s antigua y universalmente aceptada<\/strong> en la Iglesia cristiana.<\/p>\n\n\n\n<p class=\"wp-block-paragraph\">El testimonio de los <strong>Padres Apost\u00f3licos y Apologistas<\/strong> del siglo II establece un consenso claro. <strong>Justino M\u00e1rtir<\/strong>, en su <em>Apolog\u00eda Primera<\/em>, declara:<\/p>\n\n\n\n<blockquote class=\"wp-block-quote is-layout-flow wp-block-quote-is-layout-flow\">\n<p class=\"wp-block-paragraph\">\u201cJes\u00fas fue crucificado el d\u00eda antes del de Saturno, y al d\u00eda siguiente, que es el del Sol, se apareci\u00f3 a sus ap\u00f3stoles y disc\u00edpulos.\u201d<sup data-fn=\"123f9a32-6373-4ee9-bcaa-c91c7b4f2f76\" class=\"fn\"><a href=\"#123f9a32-6373-4ee9-bcaa-c91c7b4f2f76\" id=\"123f9a32-6373-4ee9-bcaa-c91c7b4f2f76-link\">3<\/a><\/sup><\/p>\n<\/blockquote>\n\n\n\n<p class=\"wp-block-paragraph\">Esta afirmaci\u00f3n no solo establece la cronolog\u00eda viernes-domingo, sino que conecta la resurrecci\u00f3n con el primer d\u00eda de la semana \u2014el \u201cd\u00eda del Sol\u201d\u2014, fundamento de la posterior observancia cristiana del domingo.<\/p>\n\n\n\n<p class=\"wp-block-paragraph\"><strong>Ireneo de Lyon<\/strong> (ca. 180 d.C.) tambi\u00e9n sostiene esta secuencia al escribir:<\/p>\n\n\n\n<blockquote class=\"wp-block-quote is-layout-flow wp-block-quote-is-layout-flow\">\n<p class=\"wp-block-paragraph\">\u201cNuestro Se\u00f1or sufri\u00f3 verdaderamente bajo Poncio Pilato, fue crucificado y muri\u00f3, en el sexto d\u00eda de la semana, y resucit\u00f3 al tercer d\u00eda, que es el primer d\u00eda despu\u00e9s del s\u00e1bado.\u201d<sup data-fn=\"cc86a0af-d19e-473b-8191-4e45b2812262\" class=\"fn\"><a href=\"#cc86a0af-d19e-473b-8191-4e45b2812262\" id=\"cc86a0af-d19e-473b-8191-4e45b2812262-link\">4<\/a><\/sup><\/p>\n<\/blockquote>\n\n\n\n<p class=\"wp-block-paragraph\">A partir del siglo III, esta cronolog\u00eda se hab\u00eda convertido en el eje de la <strong>Semana Santa<\/strong> lit\u00fargica:<\/p>\n\n\n\n<ul class=\"wp-block-list\">\n<li><em>Paraskeu\u00e9<\/em> (viernes): d\u00eda de la crucifixi\u00f3n.<\/li>\n\n\n\n<li><em>S\u00e1bado Santo<\/em>: d\u00eda de reposo y silencio.<\/li>\n\n\n\n<li><em>Domingo del Se\u00f1or<\/em>: d\u00eda de resurrecci\u00f3n.<\/li>\n<\/ul>\n\n\n\n<p class=\"wp-block-paragraph\">El <strong>Concilio de Nicea (325 d.C.)<\/strong> y las iglesias de oriente y occidente adoptaron oficialmente esta estructura, la cual se mantuvo ininterrumpida hasta la era moderna.<\/p>\n\n\n\n<h3 class=\"wp-block-heading\" id=\"fundamento-exegetico\"><strong>Fundamento exeg\u00e9tico<\/strong><\/h3>\n\n\n\n<p class=\"wp-block-paragraph\">Los cuatro Evangelios coinciden en que la muerte de Jes\u00fas ocurri\u00f3 en el \u201cd\u00eda de la preparaci\u00f3n\u201d (<em>paraskeu\u00e9<\/em>), y que el cuerpo fue colocado en el sepulcro \u201cantes de que comenzara el s\u00e1bado\u201d (<a href=\"https:\/\/biblia.com\/bible\/rvr60\/Mk15.42\">Mc 15:42<\/a>; <a href=\"https:\/\/biblia.com\/bible\/rvr60\/Lk23.54\">Lc 23:54<\/a>; <a href=\"https:\/\/biblia.com\/bible\/rvr60\/Jn19.31\">Jn 19:31<\/a>). En el uso idiom\u00e1tico del siglo I, esto apuntar\u00eda inequ\u00edvocamente al viernes.<\/p>\n\n\n\n<p class=\"wp-block-paragraph\">Asimismo, el c\u00f3mputo de los \u201ctres d\u00edas\u201d era <strong>inclusivo<\/strong> en el pensamiento jud\u00edo. El <strong>Talmud Babil\u00f3nico<\/strong> confirma: <\/p>\n\n\n\n<blockquote class=\"wp-block-quote is-layout-flow wp-block-quote-is-layout-flow\">\n<p class=\"wp-block-paragraph\">\u201cUna parte del d\u00eda es considerada como el d\u00eda entero\u201d (<em>Jer. Talmud, Shabbat<\/em> 9:3).<\/p>\n<\/blockquote>\n\n\n\n<p class=\"wp-block-paragraph\">De acuerdo con esta convenci\u00f3n sem\u00edtica, el intervalo entre la tarde del viernes y la madrugada del domingo podr\u00eda describirse como \u201ctres d\u00edas\u201d:<\/p>\n\n\n\n<ul class=\"wp-block-list\">\n<li>Viernes (d\u00eda 1) \u2014 crucifixi\u00f3n y sepultura.<\/li>\n\n\n\n<li>S\u00e1bado (d\u00eda 2) \u2014 reposo en el sepulcro.<\/li>\n\n\n\n<li>Domingo (d\u00eda 3) \u2014 resurrecci\u00f3n al amanecer.<\/li>\n<\/ul>\n\n\n\n<p class=\"wp-block-paragraph\"><strong>Harold Hoehner<\/strong> sintetiza esta interpretaci\u00f3n:<\/p>\n\n\n\n<blockquote class=\"wp-block-quote is-layout-flow wp-block-quote-is-layout-flow\">\n<p class=\"wp-block-paragraph\">\u201cLa expresi\u00f3n \u2018tres d\u00edas y tres noches\u2019 es una figura hebrea que significa simplemente \u2018tres d\u00edas\u2019 en el sentido inclusivo. Por tanto, la cronolog\u00eda viernes-domingo concuerda perfectamente con las costumbres jud\u00edas de c\u00f3mputo del tiempo.\u201d<sup data-fn=\"07774065-15a6-4f6e-b38f-edf3970bc10d\" class=\"fn\"><a href=\"#07774065-15a6-4f6e-b38f-edf3970bc10d\" id=\"07774065-15a6-4f6e-b38f-edf3970bc10d-link\">5<\/a><\/sup><\/p>\n<\/blockquote>\n\n\n\n<figure class=\"wp-block-image aligncenter size-large is-resized\"><a href=\"https:\/\/www.amazon.es\/Chronological-Aspects-Life-Christ-English-ebook\/dp\/B003TFE8ME\"><img data-recalc-dims=\"1\" fetchpriority=\"high\" decoding=\"async\" width=\"666\" height=\"1000\" data-attachment-id=\"55827\" data-permalink=\"https:\/\/atravesdelasescrituras.com\/es_es\/2025\/10\/28\/el-dia-de-la-muerte-de-cristo-analisis-de-las-posturas-del-miercoles-jueves-y-viernes\/81ilmaglzl-_uf10001000_ql80_\/\" data-orig-file=\"https:\/\/atravesdelasescrituras.com\/wp-content\/uploads\/2025\/10\/81ilmaglzl._uf10001000_ql80_.jpg\" data-orig-size=\"666,1000\" data-comments-opened=\"1\" data-image-meta=\"{&quot;aperture&quot;:&quot;0&quot;,&quot;credit&quot;:&quot;&quot;,&quot;camera&quot;:&quot;&quot;,&quot;caption&quot;:&quot;&quot;,&quot;created_timestamp&quot;:&quot;0&quot;,&quot;copyright&quot;:&quot;&quot;,&quot;focal_length&quot;:&quot;0&quot;,&quot;iso&quot;:&quot;0&quot;,&quot;shutter_speed&quot;:&quot;0&quot;,&quot;title&quot;:&quot;&quot;,&quot;orientation&quot;:&quot;0&quot;}\" data-image-title=\"81i+LmaGLzL._UF1000,1000_QL80_\" data-image-description=\"\" data-image-caption=\"\" data-large-file=\"https:\/\/atravesdelasescrituras.com\/wp-content\/uploads\/2025\/10\/81ilmaglzl._uf10001000_ql80_.jpg\" src=\"https:\/\/i0.wp.com\/atravesdelasescrituras.com\/wp-content\/uploads\/2025\/10\/81ilmaglzl._uf10001000_ql80_.jpg?resize=666%2C1000&#038;ssl=1\" alt=\"\" class=\"wp-image-55827\" style=\"width:316px;height:auto\" \/><\/a><figcaption class=\"wp-element-caption\">El Dr. Hoehner ha reunido una gran cantidad de datos, tanto de las Escrituras como de fuentes extrab\u00edblicas, para apoyar sus conclusiones respecto a fechas clave en la vida de nuestro Se\u00f1or, entre ellas: <br \/>&#8211; La fecha del nacimiento de Cristo <br \/>&#8211; El comienzo del ministerio de Cristo <br \/>&#8211; La duraci\u00f3n del ministerio de Cristo <br \/>&#8211; El a\u00f1o de la crucifixi\u00f3n de Cristo <br \/><br \/>Documenta cuidadosamente su posici\u00f3n y compara las fechas disponibles, incluyendo un estudio de las palabras griegas, la ley romana y las costumbres y profec\u00edas jud\u00edas.<\/figcaption><\/figure>\n\n\n\n<h3 class=\"wp-block-heading\" id=\"la-defensa-teologica-patristica\"><strong>La defensa teol\u00f3gica patr\u00edstica<\/strong><\/h3>\n\n\n\n<p class=\"wp-block-paragraph\">La teolog\u00eda patr\u00edstica encontr\u00f3 en la secuencia viernes-s\u00e1bado-domingo un significado simb\u00f3lico profundo. <strong>Agust\u00edn de Hipona<\/strong>, en su <em>Carta a Januario<\/em>, afirma:<\/p>\n\n\n\n<blockquote class=\"wp-block-quote is-layout-flow wp-block-quote-is-layout-flow\">\n<p class=\"wp-block-paragraph\">\u201cNo debe entenderse que el Se\u00f1or permaneci\u00f3 tres d\u00edas completos y tres noches enteras en el sepulcro, sino que en cada uno de los tres d\u00edas tuvo parte: el viernes por la tarde, el s\u00e1bado completo y el domingo por la madrugada.\u201d<sup data-fn=\"f6df8c33-8268-4149-89c6-7242ac6dc3f4\" class=\"fn\"><a href=\"#f6df8c33-8268-4149-89c6-7242ac6dc3f4\" id=\"f6df8c33-8268-4149-89c6-7242ac6dc3f4-link\">6<\/a><\/sup><\/p>\n<\/blockquote>\n\n\n\n<p class=\"wp-block-paragraph\">Este razonamiento fue decisivo para fijar la comprensi\u00f3n teol\u00f3gica del \u201ctercer d\u00eda\u201d como <strong>d\u00eda del cumplimiento divino<\/strong>, m\u00e1s que como c\u00e1lculo aritm\u00e9tico. Agust\u00edn ve\u00eda en esta cronolog\u00eda el modelo del <em>triduum sacrum<\/em>, el \u201ctriduo santo\u201d que simboliza la plenitud de la redenci\u00f3n: muerte, reposo y resurrecci\u00f3n.<\/p>\n\n\n\n<p class=\"wp-block-paragraph\"><strong>Tertuliano<\/strong> (ca. 200 d.C.) tambi\u00e9n confirma esta interpretaci\u00f3n simb\u00f3lica en <em>Adversus Judaeos<\/em> 10:<\/p>\n\n\n\n<blockquote class=\"wp-block-quote is-layout-flow wp-block-quote-is-layout-flow\">\n<p class=\"wp-block-paragraph\">\u201cCristo muri\u00f3 el sexto d\u00eda, cumpliendo la figura de la creaci\u00f3n, pues el hombre fue formado en ese d\u00eda; y descans\u00f3 el s\u00e9ptimo, para santificar el s\u00e1bado; y resucit\u00f3 el primer d\u00eda, inaugurando la nueva creaci\u00f3n.\u201d<span class=\"uppercase\">Tertuliano, <em>Adversus Judaeos<\/em>, 10, en <em>Patrologia Latina<\/em>, vol. 2 (Par\u00eds: Migne, 1844), 653.<\/span><sup data-fn=\"708fb331-4673-4700-af43-d39dfbe96b57\" class=\"fn\"><a href=\"#708fb331-4673-4700-af43-d39dfbe96b57\" id=\"708fb331-4673-4700-af43-d39dfbe96b57-link\">7<\/a><\/sup><\/p>\n<\/blockquote>\n\n\n\n<p class=\"wp-block-paragraph\">Esta triple secuencia \u2014muerte en el sexto d\u00eda, reposo en el s\u00e9ptimo y vida en el primero\u2014 fue comprendida como una <strong>nueva creaci\u00f3n teol\u00f3gica<\/strong>, la restauraci\u00f3n del cosmos mediante el Cristo resucitado.<\/p>\n\n\n\n<h3 class=\"wp-block-heading\" id=\"problemas-y-tensiones-exegeticas\"><strong>Problemas y tensiones exeg\u00e9ticas<\/strong><\/h3>\n\n\n\n<p class=\"wp-block-paragraph\">A pesar de su peso hist\u00f3rico y teol\u00f3gico, la postura del viernes enfrenta dos tensiones principales:<\/p>\n\n\n\n<h4 class=\"wp-block-heading\" id=\"a-la-profecia-de-mateo-12-40\">a) La profec\u00eda de Mateo 12:40<\/h4>\n\n\n\n<p class=\"wp-block-paragraph\">El texto dice:<\/p>\n\n\n\n<blockquote class=\"wp-block-quote is-layout-flow wp-block-quote-is-layout-flow\">\n<p class=\"wp-block-paragraph\">\u201cPorque como estuvo Jon\u00e1s en el vientre del gran pez tres d\u00edas y tres noches, as\u00ed estar\u00e1 el Hijo del Hombre en el coraz\u00f3n de la tierra tres d\u00edas y tres noches.\u201d<\/p>\n<\/blockquote>\n\n\n\n<p class=\"wp-block-paragraph\">Si se toma literalmente, la cronolog\u00eda viernes-domingo ofrece <strong>solo dos noches completas<\/strong> (viernes y s\u00e1bado), no tres. Los defensores de la postura tradicional argumentan que Mateo no pretende una literalidad de veinticuatro horas, sino una expresi\u00f3n idiom\u00e1tica hebrea. Sin embargo, cr\u00edticos como <strong>Samuele Bacchiocchi<\/strong> replican:<\/p>\n\n\n\n<blockquote class=\"wp-block-quote is-layout-flow wp-block-quote-is-layout-flow\">\n<p class=\"wp-block-paragraph\">\u201cSi Jes\u00fas hubiera querido usar una expresi\u00f3n sem\u00edtica com\u00fan, habr\u00eda dicho simplemente \u2018al tercer d\u00eda\u2019, no \u2018tres d\u00edas y tres noches\u2019; la inclusi\u00f3n expl\u00edcita de las noches sugiere intencionalidad literal.\u201d<sup data-fn=\"95556e0a-3ba7-48c2-9ed3-2ced1b7ea054\" class=\"fn\"><a href=\"#95556e0a-3ba7-48c2-9ed3-2ced1b7ea054\" id=\"95556e0a-3ba7-48c2-9ed3-2ced1b7ea054-link\">8<\/a><\/sup><\/p>\n<\/blockquote>\n\n\n\n<h4 class=\"wp-block-heading\" id=\"b-el-sabado-de-gran-solemnidad-jn-19-31\">b) El \u201cs\u00e1bado de gran solemnidad\u201d (Jn 19:31)<\/h4>\n\n\n\n<p class=\"wp-block-paragraph\"><a href=\"https:\/\/biblia.com\/bible\/rvr60\/Jn19.31\">Juan 19:31<\/a> dice que \u201caquel s\u00e1bado era un d\u00eda grande\u201d (<em>megal\u0113 h\u0113 h\u0113mera ekeinou tou sabbatou<\/em>). Este calificativo sugiere que se trataba de un <em>shabbaton<\/em> festivo \u2014el primer d\u00eda de los Panes sin Levadura\u2014, no necesariamente el s\u00e1bado semanal. Si ese \u201cs\u00e1bado\u201d comenz\u00f3 el jueves por la tarde, la crucifixi\u00f3n habr\u00eda ocurrido el jueves, no el viernes.<\/p>\n\n\n\n<p class=\"wp-block-paragraph\"><strong>Jack Finegan<\/strong> comenta:<\/p>\n\n\n\n<blockquote class=\"wp-block-quote is-layout-flow wp-block-quote-is-layout-flow\">\n<p class=\"wp-block-paragraph\">\u201cLa referencia al \u2018gran s\u00e1bado\u2019 en <a href=\"https:\/\/biblia.com\/bible\/rvr60\/Jn19.31\">Juan 19:31<\/a> indica que el d\u00eda siguiente a la crucifixi\u00f3n era el primer d\u00eda de la fiesta, lo que sugiere una muerte de Jes\u00fas el d\u00eda previo, es decir, jueves.\u201d<sup data-fn=\"7a71044d-52a6-4d08-8768-0ada327b0497\" class=\"fn\"><a href=\"#7a71044d-52a6-4d08-8768-0ada327b0497\" id=\"7a71044d-52a6-4d08-8768-0ada327b0497-link\">9<\/a><\/sup><\/p>\n<\/blockquote>\n\n\n\n<p class=\"wp-block-paragraph\">Esto introduce una tensi\u00f3n interna entre Juan y los sin\u00f3pticos, aunque puede resolverse suponiendo que Juan usa el t\u00e9rmino <em>paraskeu\u00e9<\/em> en su sentido festivo, no necesariamente semanal.<\/p>\n\n\n\n<h3 class=\"wp-block-heading\" id=\"evaluacion-de-la-postura-del-viernes\"><strong>Evaluaci\u00f3n de la postura del viernes<\/strong><\/h3>\n\n\n\n<p class=\"wp-block-paragraph\">La hip\u00f3tesis del viernes conserva su autoridad por tres razones fundamentales:<\/p>\n\n\n\n<ol class=\"wp-block-list\">\n<li><strong>Continuidad hist\u00f3rica:<\/strong> Es la \u00fanica postura sostenida ininterrumpidamente desde el siglo II, avalada por toda la tradici\u00f3n patr\u00edstica.<\/li>\n\n\n\n<li><strong>Consistencia ling\u00fc\u00edstica:<\/strong> El t\u00e9rmino <em>paraskeu\u00e9<\/em> casi siempre designa el viernes.<\/li>\n\n\n\n<li><strong>Simbolog\u00eda teol\u00f3gica:<\/strong> La secuencia viernes-s\u00e1bado-domingo refleja el drama redentor de muerte, reposo y vida.<\/li>\n<\/ol>\n\n\n\n<p class=\"wp-block-paragraph\">Sin embargo, desde el punto de vista <strong>cronol\u00f3gico y literal<\/strong>, presenta debilidades que otras posturas (especialmente la del jueves) logran resolver de modo m\u00e1s coherente.<\/p>\n\n\n\n<p class=\"wp-block-paragraph\">El modelo tradicional es teol\u00f3gicamente s\u00f3lido, pero hist\u00f3ricamente <strong>incompleto<\/strong> en su precisi\u00f3n temporal.<\/p>\n\n\n\n<h2 class=\"wp-block-heading\" id=\"la-postura-del-jueves-la-hipotesis-intermedia-y-su-coherencia-teologico-historica\"><strong>La postura del jueves: la hip\u00f3tesis intermedia y su coherencia teol\u00f3gico-hist\u00f3rica<\/strong><\/h2>\n\n\n\n<h3 class=\"wp-block-heading\" id=\"introduccion-general\"><strong>Introducci\u00f3n general<\/strong><\/h3>\n\n\n\n<p class=\"wp-block-paragraph\">La llamada \u201cpostura del jueves\u201d constituye una propuesta intermedia entre el literalismo de la teor\u00eda del mi\u00e9rcoles y la tradici\u00f3n del viernes. Surgi\u00f3 en la cr\u00edtica moderna como un intento de reconciliar los <strong>\u201ctres d\u00edas y tres noches\u201d<\/strong> de <a href=\"https:\/\/biblia.com\/bible\/rvr60\/Mt12.40\">Mateo 12:40<\/a> con la estructura lit\u00fargica y ling\u00fc\u00edstica del juda\u00edsmo del siglo I.<\/p>\n\n\n\n<p class=\"wp-block-paragraph\">Esta interpretaci\u00f3n sostiene que Jes\u00fas fue crucificado el <strong>jueves por la tarde<\/strong>, sepultado al atardecer (inicio del viernes jud\u00edo), permaneci\u00f3 en el sepulcro todo el viernes (d\u00eda de reposo festivo) y el s\u00e1bado (s\u00e1bado semanal), y resucit\u00f3 al comienzo del domingo.<\/p>\n\n\n\n<p class=\"wp-block-paragraph\">As\u00ed, la cronolog\u00eda ser\u00eda:<\/p>\n\n\n\n<figure class=\"wp-block-table is-style-stripes\"><table class=\"has-fixed-layout\"><thead><tr><th>D\u00eda<\/th><th>Fecha (Nis\u00e1n)<\/th><th>Evento<\/th><th>Observaciones<\/th><\/tr><\/thead><tbody><tr><td>Mi\u00e9rcoles noche \/ Jueves d\u00eda<\/td><td>14\/15<\/td><td>Crucifixi\u00f3n<\/td><td>Antes del \u201cgran s\u00e1bado\u201d (d\u00eda festivo)<\/td><\/tr><tr><td>Viernes<\/td><td>15<\/td><td>Primer d\u00eda de los Panes sin Levadura (<em>shabbaton<\/em>)<\/td><td>D\u00eda de descanso<\/td><\/tr><tr><td>S\u00e1bado<\/td><td>16<\/td><td>S\u00e1bado semanal<\/td><td>D\u00eda de reposo<\/td><\/tr><tr><td>Domingo temprano<\/td><td>17<\/td><td>Resurrecci\u00f3n<\/td><td>\u201cEl primer d\u00eda de la semana\u201d<\/td><\/tr><\/tbody><\/table><\/figure>\n\n\n\n<h3 class=\"wp-block-heading\" id=\"argumentos-exegeticos-y-cronologicos\"><strong>Argumentos exeg\u00e9ticos y cronol\u00f3gicos<\/strong><\/h3>\n\n\n\n<h4 class=\"wp-block-heading\" id=\"a-el-plural-sabatico-en-mateo-28-1\">a) <strong>El plural sab\u00e1tico en Mateo 28:1<\/strong><\/h4>\n\n\n\n<p class=\"wp-block-paragraph\">Uno de los argumentos m\u00e1s fuertes de la postura del jueves es el plural <em>sabbaton<\/em> (\u03c3\u03b1\u03b2\u03b2\u03ac\u03c4\u03c9\u03bd) en <a href=\"https:\/\/biblia.com\/bible\/rvr60\/Mt28.1\">Mateo 28:1:<\/a><\/p>\n\n\n\n<blockquote class=\"wp-block-quote is-layout-flow wp-block-quote-is-layout-flow\">\n<p class=\"wp-block-paragraph\">\u201cPasado los s\u00e1bados (<em>opse de sabbat\u014dn<\/em>), al amanecer del primer d\u00eda de la semana\u2026\u201d<\/p>\n<\/blockquote>\n\n\n\n<p class=\"wp-block-paragraph\"><strong>John Wenham<\/strong> explica:<\/p>\n\n\n\n<blockquote class=\"wp-block-quote is-layout-flow wp-block-quote-is-layout-flow\">\n<p class=\"wp-block-paragraph\">\u201cEl uso del plural aqu\u00ed no puede ser ignorado. Indica la existencia de dos d\u00edas de reposo consecutivos: uno festivo (el primer d\u00eda de los Panes sin Levadura) y otro el s\u00e1bado semanal.\u201d<sup data-fn=\"baac01b1-ace1-45d7-bdbc-83b699a51728\" class=\"fn\"><a href=\"#baac01b1-ace1-45d7-bdbc-83b699a51728\" id=\"baac01b1-ace1-45d7-bdbc-83b699a51728-link\">10<\/a><\/sup><\/p>\n<\/blockquote>\n\n\n\n<p class=\"wp-block-paragraph\">Esta lectura concuerda con los textos paralelos: <a href=\"https:\/\/biblia.com\/bible\/rvr60\/Mk16.1\">Marcos 16:1 <\/a>dice que las mujeres \u201ccompraron especias despu\u00e9s del s\u00e1bado\u201d, mientras que <a href=\"https:\/\/biblia.com\/bible\/rvr60\/Lk23.56\">Lucas 23:56<\/a> dice que \u201cdescansaron el s\u00e1bado conforme al mandamiento\u201d.<\/p>\n\n\n\n<p class=\"wp-block-paragraph\">Esto sugiere la existencia de dos d\u00edas de reposo distintos \u2014uno festivo y otro semanal\u2014 posiblemente contiguos, con un breve intervalo al final del primero, durante el cual las mujeres pudieron adquirir o preparar las especias antes del siguiente reposo.<\/p>\n\n\n\n<p class=\"p1 wp-block-paragraph\">Los que sostienen la postura del jueves no entienden esa expresi\u00f3n (\u201cd\u00eda laboral intermedio\u201d) como un d\u00eda entero, sino como un per\u00edodo breve y permitido, probablemente al anochecer del viernes, cuando el reposo festivo hab\u00eda terminado y antes de que comenzara plenamente el s\u00e1bado semanal.<\/p>\n\n\n\n<p class=\"p1 wp-block-paragraph\">Durante ese margen denominado Bein ha-Shmashot (\u05d1\u05b5\u05bc\u05d9\u05df \u05d4\u05b7\u05e9\u05b0\u05bc\u05c1\u05de\u05b8\u05e9\u05c1\u05d5\u05b9\u05ea), las mujeres pudieron comprar las especias.<\/p>\n\n\n\n<p class=\"p1 wp-block-paragraph\">Por eso Marcos 16:1 dice:<\/p>\n\n\n\n<blockquote class=\"wp-block-quote is-layout-flow wp-block-quote-is-layout-flow\">\n<p class=\"wp-block-paragraph\">\u201cPasado el s\u00e1bado, Mar\u00eda Magdalena, Mar\u00eda madre de Jacobo y Salom\u00e9 compraron especias arom\u00e1ticas\u2026\u201d<\/p>\n<\/blockquote>\n\n\n\n<p class=\"p1 wp-block-paragraph\">Y Lucas 23:56 a\u00f1ade:<\/p>\n\n\n\n<blockquote class=\"wp-block-quote is-layout-flow wp-block-quote-is-layout-flow\">\n<p class=\"wp-block-paragraph\">\u201c\u2026y descansaron el s\u00e1bado conforme al mandamiento.\u201d<\/p>\n<\/blockquote>\n\n\n\n<p class=\"p1 wp-block-paragraph\">En esa lectura:<\/p>\n\n\n\n<p class=\"p4 wp-block-paragraph\">\u201cPasado el s\u00e1bado\u201d (Marcos) = cuando termin\u00f3 el s\u00e1bado festivo (15 de Nis\u00e1n), es decir, al caer el sol del viernes. \u201cDescansaron el s\u00e1bado\u201d (Lucas) = el s\u00e1bado semanal que empezaba inmediatamente despu\u00e9s.<\/p>\n\n\n\n<p class=\"p1 wp-block-paragraph\">As\u00ed, las dos afirmaciones se complementan, no se contradicen.<\/p>\n\n\n\n<p class=\"p1 wp-block-paragraph\">John Wenham y Jack Finegan lo presentan de este modo:<\/p>\n\n\n\n<blockquote class=\"wp-block-quote is-layout-flow wp-block-quote-is-layout-flow\">\n<p class=\"wp-block-paragraph\">\u201cEl plural sabbaton de Mateo 28:1 indica dos d\u00edas de reposo distintos, pero no necesariamente separados por un d\u00eda laboral completo; puede referirse a un per\u00edodo m\u00ednimo entre el fin del shabbaton festivo y el comienzo del s\u00e1bado semanal.\u201d<\/p>\n<\/blockquote>\n\n\n\n<blockquote class=\"wp-block-quote is-layout-flow wp-block-quote-is-layout-flow\">\n<p class=\"wp-block-paragraph\">\u2014 Wenham, Easter Enigma, 98\u201399.<\/p>\n<\/blockquote>\n\n\n\n<blockquote class=\"wp-block-quote is-layout-flow wp-block-quote-is-layout-flow\">\n<p class=\"wp-block-paragraph\">\u201cEl d\u00eda de la preparaci\u00f3n de la Pascua (14 de Nis\u00e1n) fue jueves; el viernes (15 de Nis\u00e1n) fue el gran s\u00e1bado, y al llegar la tarde comenz\u00f3 el s\u00e1bado semanal. El plural sab\u00e1tico puede reflejar estos dos d\u00edas contiguos.\u201d<\/p>\n<\/blockquote>\n\n\n\n<blockquote class=\"wp-block-quote is-layout-flow wp-block-quote-is-layout-flow\">\n<p class=\"wp-block-paragraph\">\u2014 Finegan, Handbook of Biblical Chronology, 345\u201346.<\/p>\n<\/blockquote>\n\n\n\n<h4 class=\"wp-block-heading\" id=\"b-armonizacion-entre-los-sinopticos-y-juan\">b) <strong>Armonizaci\u00f3n entre los sin\u00f3pticos y Juan<\/strong><\/h4>\n\n\n\n<p class=\"wp-block-paragraph\">En los sin\u00f3pticos, la \u00faltima cena es descrita como una <strong>cena pascual<\/strong> (<a href=\"https:\/\/biblia.com\/bible\/rvr60\/Mt26.17\">Mt 26:17<\/a>; <a href=\"https:\/\/biblia.com\/bible\/rvr60\/Mc14.12\">Mc 14:12<\/a>; <a href=\"https:\/\/biblia.com\/bible\/rvr60\/Lc22.7\">Lc 22:7<\/a>). En cambio, en <a href=\"https:\/\/biblia.com\/bible\/rvr60\/Jn18.28\">Juan 18:28<\/a> y <a href=\"https:\/\/biblia.com\/bible\/rvr60\/Jn19.14\">19:14<\/a> se afirma que los jud\u00edos a\u00fan no hab\u00edan comido la Pascua cuando Jes\u00fas fue juzgado, y que su crucifixi\u00f3n ocurri\u00f3 durante la \u201cpreparaci\u00f3n de la Pascua\u201d.<\/p>\n\n\n\n<p class=\"wp-block-paragraph\">Esta aparente discrepancia se resuelve si se reconoce la coexistencia de <strong>dos calendarios<\/strong> (galileo y judeano), como lo propone <strong>Jeremias<\/strong>:<\/p>\n\n\n\n<blockquote class=\"wp-block-quote is-layout-flow wp-block-quote-is-layout-flow\">\n<p class=\"wp-block-paragraph\">\u201cJes\u00fas y sus disc\u00edpulos, siendo galileos, pudieron celebrar la Pascua un d\u00eda antes que las autoridades del templo, lo cual explica la divergencia entre los relatos.\u201d<sup data-fn=\"14fb0cf0-8ff3-4e7c-bfc8-315028f944ae\" class=\"fn\"><a href=\"#14fb0cf0-8ff3-4e7c-bfc8-315028f944ae\" id=\"14fb0cf0-8ff3-4e7c-bfc8-315028f944ae-link\">11<\/a><\/sup><\/p>\n<\/blockquote>\n\n\n\n<p class=\"wp-block-paragraph\">As\u00ed, Jes\u00fas habr\u00eda comido su cena pascual el mi\u00e9rcoles por la noche (14 de Nis\u00e1n, seg\u00fan el c\u00f3mputo galileo) y habr\u00eda sido crucificado el jueves por la tarde, justo cuando los sacerdotes judeanos sacrificaban los corderos (14 de Nis\u00e1n, seg\u00fan su c\u00f3mputo). En ese sentido, Jes\u00fas muere <strong>como el Cordero de Dios<\/strong> en el mismo momento en que se sacrificaban los corderos pascuales en el templo (<a href=\"https:\/\/biblia.com\/bible\/rvr60\/Jn19.14\">Jn 19:14<\/a>), cumpliendo la tipolog\u00eda del \u00c9xodo.<\/p>\n\n\n\n<h4 class=\"wp-block-heading\" id=\"c-la-literalidad-razonable-de-mateo-12-40\">c) <strong>La literalidad razonable de Mateo 12:40<\/strong><\/h4>\n\n\n\n<p class=\"wp-block-paragraph\">El \u201csigno de Jon\u00e1s\u201d es el argumento teol\u00f3gico central. Jes\u00fas dice:<\/p>\n\n\n\n<blockquote class=\"wp-block-quote is-layout-flow wp-block-quote-is-layout-flow\">\n<p class=\"wp-block-paragraph\">\u201cPorque como estuvo Jon\u00e1s en el vientre del gran pez tres d\u00edas y tres noches, as\u00ed estar\u00e1 el Hijo del Hombre en el coraz\u00f3n de la tierra tres d\u00edas y tres noches.\u201d<\/p>\n<\/blockquote>\n\n\n\n<p class=\"wp-block-paragraph\"><strong>Samuele Bacchiocchi<\/strong> sostiene que:<\/p>\n\n\n\n<blockquote class=\"wp-block-quote is-layout-flow wp-block-quote-is-layout-flow\">\n<p class=\"wp-block-paragraph\">\u201cLa f\u00f3rmula de <a href=\"https:\/\/biblia.com\/bible\/rvr60\/Mt12.40\">Mateo 12:40<\/a> es precisa y deliberada. No es una mera expresi\u00f3n hebrea de tres d\u00edas aproximados, sino una afirmaci\u00f3n prof\u00e9tica de la duraci\u00f3n del sepulcro. Una crucifixi\u00f3n en jueves permite un cumplimiento literal, sin alterar la cronolog\u00eda de los Evangelios.\u201d<sup data-fn=\"8d8e735c-4203-4ae6-b577-38df7487e994\" class=\"fn\"><a href=\"#8d8e735c-4203-4ae6-b577-38df7487e994\" id=\"8d8e735c-4203-4ae6-b577-38df7487e994-link\">12<\/a><\/sup><\/p>\n<\/blockquote>\n\n\n\n<p class=\"wp-block-paragraph\">Aun as\u00ed, Bacchiocchi aclara que no se trata de un literalismo r\u00edgido, sino de una <strong>literalidad razonable<\/strong> compatible con los usos sem\u00edticos.<\/p>\n\n\n\n<h3 class=\"wp-block-heading\" id=\"argumentos-historicos-y-teologicos-adicionales\"><strong>Argumentos hist\u00f3ricos y teol\u00f3gicos adicionales<\/strong><\/h3>\n\n\n\n<h4 class=\"wp-block-heading\" id=\"a-el-dia-de-reposo-grande-jn-19-31\">a) <strong>El d\u00eda de reposo \u201cgrande\u201d (Jn 19:31)<\/strong><\/h4>\n\n\n\n<p class=\"wp-block-paragraph\">Juan menciona que el s\u00e1bado siguiente a la crucifixi\u00f3n era \u201cde gran solemnidad\u201d (<em>megal\u0113 h\u0113 h\u0113mera ekeinou tou sabbatou<\/em>). En la semana de la Pascua, ese \u201cgran s\u00e1bado\u201d era el <strong>15 de Nis\u00e1n<\/strong>, d\u00eda festivo de los Panes sin Levadura (<a href=\"https:\/\/biblia.com\/bible\/rvr60\/Le23.7\">Lv 23:7<\/a>).<\/p>\n\n\n\n<p class=\"wp-block-paragraph\">Por tanto, si Jes\u00fas muri\u00f3 el jueves por la tarde, el viernes habr\u00eda sido ese \u201cgran s\u00e1bado\u201d, y el s\u00e1bado siguiente el reposo semanal. Esta explicaci\u00f3n, adem\u00e1s de ajustarse al texto, <strong>evita la necesidad de reducir el plural sab\u00e1tico de <a href=\"https:\/\/biblia.com\/bible\/rvr60\/Mt28.1\">Mateo 28:1<\/a><\/strong>.<\/p>\n\n\n\n<h4 class=\"wp-block-heading\" id=\"b-tiempo-suficiente-para-las-mujeres\">b) <strong>Tiempo suficiente para las mujeres<\/strong><\/h4>\n\n\n\n<p class=\"wp-block-paragraph\">El modelo del jueves resuelve tambi\u00e9n un problema pr\u00e1ctico: en la cronolog\u00eda tradicional del viernes, las mujeres apenas tendr\u00edan unas horas entre la sepultura de Jes\u00fas y la puesta del sol para comprar y preparar las especias. <\/p>\n\n\n\n<p class=\"wp-block-paragraph\">En cambio, si Jes\u00fas fue sepultado el jueves al atardecer, las mujeres habr\u00edan tenido el d\u00eda intermedio (viernes) \u2014tras el s\u00e1bado festivo y antes del s\u00e1bado semanal\u2014 para adquirir y preparar los ung\u00fcentos (<a href=\"https:\/\/biblia.com\/bible\/rvr60\/Mk16.1\">Mc 16:1<\/a>; <a href=\"https:\/\/biblia.com\/bible\/rvr60\/Lk23.56\">Lc 23:56<\/a>).<\/p>\n\n\n\n<p class=\"wp-block-paragraph\"><strong>R. A. Torrey<\/strong>, apologista del siglo XIX, subraya este punto:<\/p>\n\n\n\n<blockquote class=\"wp-block-quote is-layout-flow wp-block-quote-is-layout-flow\">\n<p class=\"wp-block-paragraph\">\u201cSolo una crucifixi\u00f3n en jueves explica adecuadamente las acciones de las mujeres: el tiempo para comprar las especias, prepararlas y luego descansar el s\u00e1bado seg\u00fan el mandamiento.\u201d<sup data-fn=\"db73ba8a-4865-44a8-b972-1aaa42806274\" class=\"fn\"><a href=\"#db73ba8a-4865-44a8-b972-1aaa42806274\" id=\"db73ba8a-4865-44a8-b972-1aaa42806274-link\">13<\/a><\/sup><\/p>\n<\/blockquote>\n\n\n\n<h4 class=\"wp-block-heading\" id=\"c-correspondencia-simbolica-con-la-tipologia-del-exodo\">c) <strong>Correspondencia simb\u00f3lica con la tipolog\u00eda del \u00c9xodo<\/strong><\/h4>\n\n\n\n<p class=\"wp-block-paragraph\">El jueves encaja simb\u00f3licamente con la <strong>tipolog\u00eda del Cordero Pascual<\/strong>. En <a href=\"https:\/\/biblia.com\/bible\/rvr60\/Ex12\">\u00c9xodo 12<\/a>, el cordero deb\u00eda sacrificarse el 14 de Nis\u00e1n \u201centre las dos tardes\u201d. Si Jes\u00fas fue crucificado el jueves por la tarde, coincide con el momento del sacrificio del cordero.<\/p>\n\n\n\n<p class=\"wp-block-paragraph\">Adem\u00e1s, el viernes, primer d\u00eda de los Panes sin Levadura, simboliza el <strong>descanso de la redenci\u00f3n<\/strong>, mientras que el s\u00e1bado representa la <strong>consumaci\u00f3n del reposo mesi\u00e1nico<\/strong>, y el domingo, la <strong>nueva creaci\u00f3n<\/strong>.<\/p>\n\n\n\n<p class=\"wp-block-paragraph\">As\u00ed lo expresa <strong>Jack Finegan<\/strong>:<\/p>\n\n\n\n<blockquote class=\"wp-block-quote is-layout-flow wp-block-quote-is-layout-flow\">\n<p class=\"wp-block-paragraph\">\u201cEl esquema jueves\u2013domingo preserva la conexi\u00f3n teol\u00f3gica con la Pascua jud\u00eda, de modo que la muerte de Cristo acontece simult\u00e1neamente con el sacrificio pascual, y su resurrecci\u00f3n marca el inicio de la nueva era redentora.\u201d<sup data-fn=\"5aec109d-aaf8-4e6b-a88a-93568c912d18\" class=\"fn\"><a href=\"#5aec109d-aaf8-4e6b-a88a-93568c912d18\" id=\"5aec109d-aaf8-4e6b-a88a-93568c912d18-link\">14<\/a><\/sup><\/p>\n<\/blockquote>\n\n\n\n<h3 class=\"wp-block-heading\" id=\"objeciones-a-la-postura-del-jueves\"><strong>Objeciones a la postura del jueves<\/strong><\/h3>\n\n\n\n<ol class=\"wp-block-list\">\n<li><strong>Uso de \u201cparaskeu\u00e9\u201d:<\/strong> Los cr\u00edticos se\u00f1alan que el t\u00e9rmino se aplicaba casi siempre al viernes. Sin embargo, en la semana pascual pod\u00eda haber m\u00e1s de un <em>d\u00eda de preparaci\u00f3n<\/em>, como muestran Josefo y Fil\u00f3n.<\/li>\n\n\n\n<li><strong>Ausencia patr\u00edstica temprana:<\/strong> No existen testimonios expl\u00edcitos de una crucifixi\u00f3n en jueves en la literatura cristiana antigua. No obstante, esto puede deberse a que los Padres se enfocaban m\u00e1s en el significado teol\u00f3gico que en la precisi\u00f3n cronol\u00f3gica.<\/li>\n\n\n\n<li><strong>Complejidad calend\u00e1rica:<\/strong> Requiere admitir la coexistencia de dos c\u00f3mputos del d\u00eda (galileo y judeano), lo cual, aunque documentado, no es universalmente aceptado.<\/li>\n<\/ol>\n\n\n\n<h3 class=\"wp-block-heading\" id=\"evaluacion-teologica-de-la-postura-del-jueves\"><strong>Evaluaci\u00f3n teol\u00f3gica de la postura del jueves<\/strong><\/h3>\n\n\n\n<p class=\"wp-block-paragraph\">La teor\u00eda del jueves logra una s\u00edntesis notable entre literalidad, tradici\u00f3n y teolog\u00eda.<\/p>\n\n\n\n<ul class=\"wp-block-list\">\n<li>Cumple razonablemente la profec\u00eda de <a href=\"https:\/\/biblia.com\/bible\/rvr60\/Mt12.40\">Mateo 12:40<\/a>.<\/li>\n\n\n\n<li>Explica los dos s\u00e1bados de <a href=\"https:\/\/biblia.com\/bible\/rvr60\/Mt28.1\">Mateo 28:1<\/a> y las acciones de las mujeres.<\/li>\n\n\n\n<li>Mantiene la coherencia entre los sin\u00f3pticos y Juan.<\/li>\n\n\n\n<li>Conserva la tipolog\u00eda pascual del Cordero.<\/li>\n<\/ul>\n\n\n\n<p class=\"wp-block-paragraph\">A diferencia de la del mi\u00e9rcoles, no necesita alterar dr\u00e1sticamente la secuencia de eventos; y a diferencia de la del viernes, no depende de una lectura idiom\u00e1tica demasiado flexible.<\/p>\n\n\n\n<p class=\"wp-block-paragraph\">En palabras de <strong>Wenham<\/strong>:<\/p>\n\n\n\n<blockquote class=\"wp-block-quote is-layout-flow wp-block-quote-is-layout-flow\">\n<p class=\"wp-block-paragraph\">\u201cSi bien la cronolog\u00eda del jueves no puede afirmarse con certeza absoluta, proporciona la \u00fanica reconstrucci\u00f3n que armoniza de manera satisfactoria la totalidad del testimonio evang\u00e9lico.\u201d<sup data-fn=\"38f1f2f7-c5d9-4e52-a704-8f6a63a230bf\" class=\"fn\"><a href=\"#38f1f2f7-c5d9-4e52-a704-8f6a63a230bf\" id=\"38f1f2f7-c5d9-4e52-a704-8f6a63a230bf-link\">15<\/a><\/sup><\/p>\n<\/blockquote>\n\n\n\n<h2 class=\"wp-block-heading\" id=\"la-postura-del-miercoles-cronologia-literalista-argumentos-y-critica\"><strong>La postura del mi\u00e9rcoles: cronolog\u00eda literalista, argumentos y cr\u00edtica<\/strong><\/h2>\n\n\n\n<h3 class=\"wp-block-heading\" id=\"planteamiento-general-y-desarrollo-moderno\">Planteamiento general y desarrollo moderno<\/h3>\n\n\n\n<p class=\"wp-block-paragraph\">La teor\u00eda del <strong>mi\u00e9rcoles<\/strong> propone que Jes\u00fas fue crucificado la tarde del <strong>mi\u00e9rcoles<\/strong>, sepultado antes del anochecer (inicio del jueves jud\u00edo), permaneciendo <strong>tres d\u00edas y tres noches completas<\/strong> en el sepulcro, y resucitando al <strong>final del s\u00e1bado<\/strong> (antes del amanecer del domingo). Este esquema busca cumplir literalmente <strong><a href=\"https:\/\/biblia.com\/bible\/rvr60\/Mt12.40\">Mt 12:40<\/a><\/strong> (\u201ctres d\u00edas y tres noches\u201d). <\/p>\n\n\n\n<p class=\"wp-block-paragraph\">En la erudici\u00f3n moderna, la postura se asocia a autores como <strong>E. W. Bullinger<\/strong> y, m\u00e1s ampliamente, a corrientes literalistas y algunos grupos sabatistas y dispensacionalistas de los siglos XIX\u2013XX.<sup data-fn=\"0477e453-e0d2-4fec-aad1-2dcfa94d3b40\" class=\"fn\"><a href=\"#0477e453-e0d2-4fec-aad1-2dcfa94d3b40\" id=\"0477e453-e0d2-4fec-aad1-2dcfa94d3b40-link\">16<\/a><\/sup><\/p>\n\n\n\n<blockquote class=\"wp-block-quote is-layout-flow wp-block-quote-is-layout-flow\">\n<p class=\"wp-block-paragraph\">\u201cLas referencias a \u2018tres d\u00edas y tres noches\u2019 deben tomarse en su exactitud matem\u00e1tica; por tanto, la crucifixi\u00f3n ocurri\u00f3 el cuarto d\u00eda (mi\u00e9rcoles) y la resurrecci\u00f3n al cierre del s\u00e9ptimo (s\u00e1bado).\u201d<sup data-fn=\"f93d5f9f-99e0-41ea-8585-243a2c6aa0f4\" class=\"fn\"><a href=\"#f93d5f9f-99e0-41ea-8585-243a2c6aa0f4\" id=\"f93d5f9f-99e0-41ea-8585-243a2c6aa0f4-link\">17<\/a><\/sup><\/p>\n<\/blockquote>\n\n\n\n<p class=\"wp-block-paragraph\">El atractivo de la postura es doble: (a) <strong>literalidad<\/strong> de <a href=\"https:\/\/biblia.com\/bible\/rvr60\/Mt12.40\">Mt 12:40<\/a> y (b) explicaci\u00f3n del <strong>\u201cgran s\u00e1bado\u201d<\/strong> de <a href=\"https:\/\/biblia.com\/bible\/rvr60\/Jn19.31\">Jn 19:31<\/a> como el primer d\u00eda de Panes sin Levadura, seguido del <strong>s\u00e1bado semanal<\/strong>, lo que proporcionar\u00eda dos s\u00e1bados consecutivos.<\/p>\n\n\n\n<p class=\"wp-block-paragraph\">El segundo argumento a favor de la crucifixi\u00f3n el mi\u00e9rcoles es que, seg\u00fan la teor\u00eda del viernes, hay demasiados acontecimientos (Scroggie enumera veinte)<sup data-fn=\"23d61706-0827-4d22-bb78-6a3ef38a5272\" class=\"fn\"><a href=\"#23d61706-0827-4d22-bb78-6a3ef38a5272\" id=\"23d61706-0827-4d22-bb78-6a3ef38a5272-link\">18<\/a><\/sup> entre la muerte de Cristo a las 3 de la tarde y su entierro a las 6 de la tarde. Scroggie propone que Jes\u00fas fue enterrado el mi\u00e9rcoles por la tarde, que el cuerpo permaneci\u00f3 en la tumba durante el jueves, 15 de Nis\u00e1n, el s\u00e1bado de Pascua, y que luego, el viernes, el d\u00eda entre los s\u00e1bados, el cuerpo fue embalsamado.<\/p>\n\n\n\n<p class=\"wp-block-paragraph\">Adem\u00e1s de estos dos argumentos principales, tambi\u00e9n existe el argumento de la tipolog\u00eda, seg\u00fan el cual el cordero fue elegido el 10 de Nis\u00e1n. En la entrada triunfal, Cristo, el Cordero de Dios, apareci\u00f3 en Jerusal\u00e9n el s\u00e1bado 10 de Nis\u00e1n.<sup data-fn=\"f1db7aa6-78c5-492b-9243-29569829073b\" class=\"fn\"><a href=\"#f1db7aa6-78c5-492b-9243-29569829073b\" id=\"f1db7aa6-78c5-492b-9243-29569829073b-link\">19<\/a><\/sup><\/p>\n\n\n\n<p class=\"wp-block-paragraph\">As\u00ed, con la interpretaci\u00f3n literal de <a href=\"https:\/\/biblia.com\/bible\/rvr60\/Mt12.40\">Mateo 12:40<\/a>, un tiempo adecuado para los muchos acontecimientos entre la muerte y el embalsamamiento de Cristo, y con la tipolog\u00eda corroborativa, se considera que la crucifixi\u00f3n de Cristo el mi\u00e9rcoles es lo que mejor se ajusta a las pruebas.<\/p>\n\n\n\n<h3 class=\"wp-block-heading\" id=\"argumentos-principales-a-favor\">Argumentos principales a favor<\/h3>\n\n\n\n<p class=\"wp-block-paragraph\"><strong>a) Cumplimiento literal de <a href=\"https:\/\/biblia.com\/bible\/rvr60\/Mt12.40\">Mt 12:40<\/a>.<\/strong><br \/>El texto menciona \u201ctres d\u00edas y tres noches\u201d, f\u00f3rmula considerada inequ\u00edvocamente literal por los proponentes. Una cronolog\u00eda mi\u00e9rcoles\u2013s\u00e1bado permitir\u00eda computar <strong>72 horas completas<\/strong> (mi\u00e9rcoles tarde\u2013s\u00e1bado tarde), preservando el paralelismo con Jon\u00e1s. <strong>Bacchiocchi<\/strong>, aunque no adopta el mi\u00e9rcoles, concede que el deseo de literalidad es hermen\u00e9uticamente comprensible.<sup data-fn=\"3911e9a2-a1a5-4b9f-813a-2a8502269c37\" class=\"fn\"><a href=\"#3911e9a2-a1a5-4b9f-813a-2a8502269c37\" id=\"3911e9a2-a1a5-4b9f-813a-2a8502269c37-link\">20<\/a><\/sup><\/p>\n\n\n\n<p class=\"wp-block-paragraph\"><strong>b) Doble s\u00e1bado en la semana de Pascua.<\/strong><br \/><strong><a href=\"https:\/\/biblia.com\/bible\/rvr60\/Jn19.31\">Juan 19:31<\/a><\/strong> llama al s\u00e1bado \u201cgrande\u201d, interpretado como <strong>s\u00e1bado festivo<\/strong> (15 de Nis\u00e1n). Con la crucifixi\u00f3n en mi\u00e9rcoles, se obtendr\u00eda: jueves (festivo), viernes (d\u00eda laboral intermedio) y s\u00e1bado (semanal). Esto facilitar\u00eda, seg\u00fan los proponentes, la secuencia <strong><a href=\"https:\/\/biblia.com\/bible\/rvr60\/Mk16.1\">Mc 16:1 <\/a>\/ <a href=\"https:\/\/biblia.com\/bible\/rvr60\/Lk23.56\">Lc 23:56<\/a><\/strong> (comprar y preparar especias y luego <strong>descansar<\/strong> en el s\u00e1bado semanal).<\/p>\n\n\n\n<p class=\"wp-block-paragraph\"><strong>c) Armonizaci\u00f3n pr\u00e1ctica de las mujeres.<\/strong><br \/>Las mujeres habr\u00edan comprado y preparado especias el <strong>viernes<\/strong>, d\u00eda intermedio entre los dos s\u00e1bados (festivo y semanal), resolviendo el problema de tiempo reducido en el modelo del viernes.<\/p>\n\n\n\n<h3 class=\"wp-block-heading\" id=\"dificultades-historicas-y-exegeticas\">Dificultades hist\u00f3ricas y exeg\u00e9ticas<\/h3>\n\n\n\n<p class=\"wp-block-paragraph\">Si se considera que <a href=\"https:\/\/biblia.com\/bible\/rvr60\/Mt12.40\">Mateo 12:40<\/a> se refiere a un per\u00edodo de setenta y dos horas, Cristo debi\u00f3 resucitar a m\u00e1s tardar a las 6 de la tarde del s\u00e1bado. De lo contrario, habr\u00eda resucitado al cuarto d\u00eda. Pero los cristianos lo celebran el primer d\u00eda de la semana (<a href=\"https:\/\/biblia.com\/bible\/rvr60\/Ac20.7\">Hechos 20:7<\/a>; <a href=\"https:\/\/biblia.com\/bible\/rvr60\/1Co16.2\">1 Corintios 16:2<\/a>) y no el s\u00e1bado.<\/p>\n\n\n\n<p class=\"wp-block-paragraph\">Es cierto que ocurrieron muchos acontecimientos entre la muerte y el entierro de Cristo, pero la lista no es tan larga cuando se examina, ya que varias cosas pudieron haber sido hechas simult\u00e1neamente por diferentes personas. Adem\u00e1s, algunas cosas pudieron haber sido hechas antes de que \u00c9l muriera realmente.<\/p>\n\n\n\n<p class=\"wp-block-paragraph\">La corroboraci\u00f3n de la tipolog\u00eda es muy d\u00e9bil. Esto significa que la entrada triunfal de Jes\u00fas fue el s\u00e1bado, el d\u00eda de reposo. Esto es poco probable por dos razones: <\/p>\n\n\n\n<ol class=\"wp-block-list\">\n<li>Dado que Jes\u00fas iba montado en un animal, habr\u00eda infringido la ley mosaica, que establece que ni siquiera los animales pod\u00edan trabajar en s\u00e1bado (<a href=\"https:\/\/biblia.com\/bible\/rvr60\/Dt5.14\">Deuteronomio 5:14<\/a>).<\/li>\n\n\n\n<li>Dado que la gente cortaba ramas de los \u00e1rboles (<a href=\"https:\/\/biblia.com\/bible\/rvr60\/Mt21.8\">Mateo 21:8<\/a>;<a href=\"https:\/\/biblia.com\/bible\/rvr60\/Mk11.8\"> Marcos 11:8<\/a>), tambi\u00e9n habr\u00edan violado la Ley (cf. <a href=\"https:\/\/biblia.com\/bible\/rvr60\/Dt5.14\">Deuteronomio 5:14<\/a>; <a href=\"https:\/\/biblia.com\/bible\/rvr60\/Nu15.32-36\">N\u00fameros 15:32-36<\/a>).<sup data-fn=\"e6ef878d-2175-4542-a4ac-74d6cbd8e72a\" class=\"fn\"><a href=\"#e6ef878d-2175-4542-a4ac-74d6cbd8e72a\" id=\"e6ef878d-2175-4542-a4ac-74d6cbd8e72a-link\">21<\/a><\/sup><\/li>\n<\/ol>\n\n\n\n<p class=\"wp-block-paragraph\">Y las proximas consideraciones que ahora detallaremos:<\/p>\n\n\n\n<p class=\"wp-block-paragraph\"><strong>(1) Ausencia de testimonio patr\u00edstico y lit\u00fargico temprano.<\/strong><br \/>No hay evidencia en los <strong>Padres de la Iglesia<\/strong> ni en fuentes jud\u00edas\/romanas que apoye una crucifixi\u00f3n en mi\u00e9rcoles. El <strong>consenso antiguo<\/strong> reconoce el <strong>viernes<\/strong> como <em>paraskeu\u00e9<\/em>. <strong>Justino<\/strong>, <strong>Ireneo<\/strong>, <strong>Tertuliano<\/strong> y la praxis universal de la Semana Santa (siglos II\u2013IV) desconocen cualquier alternativa.<sup data-fn=\"bf3c8758-dd03-4f06-9363-9746105665a2\" class=\"fn\"><a href=\"#bf3c8758-dd03-4f06-9363-9746105665a2\" id=\"bf3c8758-dd03-4f06-9363-9746105665a2-link\">22<\/a><\/sup> La carga probatoria de alterar un consenso tan temprano es alta.<\/p>\n\n\n\n<ol class=\"wp-block-list\">\n<li><\/li>\n<\/ol>\n\n\n\n<p class=\"wp-block-paragraph\"><strong>(2) Uso t\u00e9cnico de <em>paraskeu\u00e9<\/em>.<\/strong><br \/>En el siglo I, <em>paraskeu\u00e9<\/em> es pr\u00e1cticamente sin\u00f3nimo de <strong>viernes<\/strong>. <strong>Josefo<\/strong> identifica el \u201cd\u00eda de preparaci\u00f3n\u201d con el \u201csexto d\u00eda\u201d.<sup data-fn=\"17e6abfe-de7d-4297-bf8b-64e97881b87c\" class=\"fn\"><a href=\"#17e6abfe-de7d-4297-bf8b-64e97881b87c\" id=\"17e6abfe-de7d-4297-bf8b-64e97881b87c-link\">23<\/a><\/sup> Aunque en semana festiva puede haber m\u00e1s de una \u201cpreparaci\u00f3n\u201d, desplazar <em>paraskeu\u00e9<\/em> al mi\u00e9rcoles es <strong>no natural<\/strong> ling\u00fc\u00edsticamente. <strong>Finegan<\/strong> admite la posibilidad de preparaciones m\u00faltiples, pero <strong>no<\/strong> que el t\u00e9rmino deje de referir t\u00edpicamente al viernes.<sup data-fn=\"c20288cf-0c9d-4b35-805d-eb1aa3dba7d5\" class=\"fn\"><a href=\"#c20288cf-0c9d-4b35-805d-eb1aa3dba7d5\" id=\"c20288cf-0c9d-4b35-805d-eb1aa3dba7d5-link\">24<\/a><\/sup><\/p>\n\n\n\n<p class=\"wp-block-paragraph\"><strong>(3) La tensi\u00f3n con <a href=\"https:\/\/biblia.com\/bible\/rvr60\/Lk24.21\">Lc 24:21<\/a> (\u201ces ya el tercer d\u00eda desde\u2026\u201d).<\/strong><br \/>En <strong>Ema\u00fas<\/strong>, el <strong>domingo<\/strong>, los disc\u00edpulos dicen: \u201c<strong>Hoy es el tercer d\u00eda desde<\/strong> que estas cosas acontecieron\u201d. Si la crucifixi\u00f3n fue el <strong>mi\u00e9rcoles<\/strong>, el domingo ser\u00eda el <strong>cuarto<\/strong> d\u00eda desde el suceso (contando inclusivamente: jue = 1, vie = 2, s\u00e1b = 3, dom = 4). El griego <strong>\u1f00\u03c0\u1f78 \u03c4\u03bf\u03cd\u03c4\u03c9\u03bd<\/strong> (<em>ap\u00f2 tout\u014dn<\/em>) con referencia temporal (\u201cdesde estas cosas\u201d) favorece la lectura <strong>viernes<\/strong> como d\u00eda de la muerte para que el domingo sea \u201c<strong>el tercer d\u00eda<\/strong>\u201d. <strong>Brown<\/strong> subraya que Lucas y la tradici\u00f3n kerigm\u00e1tica primitiva uniformemente hablan de \u201cal tercer d\u00eda\u201d.<sup data-fn=\"1664e30f-2dfc-4835-b37d-2697f773ef13\" class=\"fn\"><a href=\"#1664e30f-2dfc-4835-b37d-2697f773ef13\" id=\"1664e30f-2dfc-4835-b37d-2697f773ef13-link\">25<\/a><\/sup><\/p>\n\n\n\n<p class=\"wp-block-paragraph\"><strong>(4) F\u00f3rmulas evang\u00e9licas: \u201cal tercer d\u00eda\u201d vs \u201cdespu\u00e9s de tres d\u00edas\u201d.<\/strong><br \/>Los Evangelios alternan f\u00f3rmulas (\u201c<strong>al tercer d\u00eda<\/strong>\u201d <em>t\u0113 trit\u0113 h\u0113mera<\/em> y \u201c<strong>despu\u00e9s de tres d\u00edas<\/strong>\u201d <em>meta treis h\u0113meras<\/em>). La erudici\u00f3n mayoritaria (p. ej., <strong>Hoehner<\/strong>, <strong>Carson<\/strong>) sostiene que ambas son <strong>equivalentes sem\u00edticas<\/strong> y que no indican necesariamente 72 horas exactas.<sup data-fn=\"d47e22e1-5d52-415d-937e-6871c11971c2\" class=\"fn\"><a href=\"#d47e22e1-5d52-415d-937e-6871c11971c2\" id=\"d47e22e1-5d52-415d-937e-6871c11971c2-link\">26<\/a><\/sup> La teor\u00eda del mi\u00e9rcoles reifica una de las f\u00f3rmulas (<a href=\"https:\/\/biblia.com\/bible\/rvr60\/Mt12.40\">Mt 12:40<\/a>) contra el uso com\u00fan del resto de tradiciones de la Pasi\u00f3n.<\/p>\n\n\n\n<p class=\"wp-block-paragraph\"><strong>(5) Secuencia de la \u00daltima Cena y el proceso.<\/strong><br \/>Adelantar la crucifixi\u00f3n al mi\u00e9rcoles comprime o <strong>desarticula<\/strong> la concatenaci\u00f3n de eventos sin\u00f3pticos (preparativos, Sanedr\u00edn, Pilato, Herodes, flagelaci\u00f3n, v\u00eda crucis) y crea <strong>disonancias<\/strong> con la caracterizaci\u00f3n de la <strong>cena<\/strong> (pascual o no) y con la coherencia jo\u00e1nica (Jn 18\u201319). <strong>Finegan<\/strong> y <strong>Brown<\/strong> consideran que el mi\u00e9rcoles introduce <strong>m\u00e1s supuestos<\/strong> calend\u00e1ricos de los que resuelve.<sup data-fn=\"841efd11-e8b5-4330-839b-2f29e48b57ca\" class=\"fn\"><a href=\"#841efd11-e8b5-4330-839b-2f29e48b57ca\" id=\"841efd11-e8b5-4330-839b-2f29e48b57ca-link\">27<\/a><\/sup><\/p>\n\n\n\n<h3 class=\"wp-block-heading\" id=\"evaluacion-critica\">Evaluaci\u00f3n cr\u00edtica<\/h3>\n\n\n\n<ul class=\"wp-block-list\">\n<li><strong>Fortaleza:<\/strong> literalidad estricta de <strong><a href=\"https:\/\/biblia.com\/bible\/rvr60\/Mt12.40\">Mt 12:40<\/a><\/strong> y explicaci\u00f3n \u201climpia\u201d del <strong>doble s\u00e1bado<\/strong>.<\/li>\n\n\n\n<li><strong>Debilidades:<\/strong> carece de <strong>anclaje hist\u00f3rico<\/strong> temprano, fuerza <strong>innecesariamente<\/strong> un uso t\u00e9cnico (paraskeu\u00e9 \u2248 viernes), tropieza con<a href=\"https:\/\/biblia.com\/bible\/rvr60\/Lk24.2\"> <strong>Lc 24:2<\/strong><\/a><strong>1<\/strong>, y <strong>multiplica<\/strong> supuestos calend\u00e1ricos y narrativos.<\/li>\n\n\n\n<li><strong>Juicio:<\/strong> como hip\u00f3tesis did\u00e1ctica ilustra el valor del s\u00edmbolo \u201ctres d\u00edas y tres noches\u201d, pero <strong>no supera<\/strong> la coherencia hist\u00f3rico-ling\u00fc\u00edstica global de la <strong>posici\u00f3n del jueves<\/strong> (ni la masiva atestaci\u00f3n de la del viernes).<\/li>\n<\/ul>\n\n\n\n<blockquote class=\"wp-block-quote is-layout-flow wp-block-quote-is-layout-flow\">\n<p class=\"wp-block-paragraph\">\u201cLa reconstrucci\u00f3n del mi\u00e9rcoles, aunque internamente elegante, requiere reconfigurar demasiadas piezas: lenguaje, patr\u00edstica, secuencia sin\u00f3ptica y f\u00f3rmulas kerigm\u00e1ticas. El remedio resulta m\u00e1s complejo que la dolencia.\u201d<sup data-fn=\"10252b93-2ec5-4283-ac5d-0ff16173b6aa\" class=\"fn\"><a href=\"#10252b93-2ec5-4283-ac5d-0ff16173b6aa\" id=\"10252b93-2ec5-4283-ac5d-0ff16173b6aa-link\">28<\/a><\/sup><\/p>\n<\/blockquote>\n\n\n\n<h2 class=\"wp-block-heading\" id=\"interludio-filologico-al-tercer-dia-te-trite-hemera-vs-despues-de-tres-dias-meta-treis-hemeras-y-mt-12-40\">Interludio filol\u00f3gico: \u201cal tercer d\u00eda\u201d (<em>t\u0113 trit\u0113 h\u0113mera<\/em>) vs. \u201cdespu\u00e9s de tres d\u00edas\u201d (<em>meta treis h\u0113meras<\/em>) y Mt 12:40<\/h2>\n\n\n\n<h3 class=\"wp-block-heading\" id=\"doble-formulacion-semitica\">Doble formulaci\u00f3n sem\u00edtica<\/h3>\n\n\n\n<p class=\"wp-block-paragraph\">Los evangelios usan ambas f\u00f3rmulas (p. ej., <strong><a href=\"https:\/\/biblia.com\/bible\/rvr60\/Mk8.31\">Mc 8:31<\/a><\/strong> \u201cdespu\u00e9s de tres d\u00edas\u201d; <strong><a href=\"https:\/\/biblia.com\/bible\/rvr60\/Mt16.21\">Mt 16:21<\/a><\/strong> \u201cal tercer d\u00eda\u201d). En hebreo\/arameo, expresiones como <em>\u201ctras tres d\u00edas\u201d<\/em> y <em>\u201cen el tercer d\u00eda\u201d<\/em> suelen funcionar <strong>como sin\u00f3nimos inclusivos<\/strong>, fen\u00f3meno bien documentado en la literatura jud\u00eda. <strong>Hoehner<\/strong> y otros muestran ejemplos donde \u201ctres d\u00edas\u201d puede incluir <strong>partes<\/strong> de d\u00edas.<sup data-fn=\"aa325fc3-8dd2-46b8-ad44-19b57d9950e5\" class=\"fn\"><a href=\"#aa325fc3-8dd2-46b8-ad44-19b57d9950e5\" id=\"aa325fc3-8dd2-46b8-ad44-19b57d9950e5-link\">29<\/a><\/sup><\/p>\n\n\n\n<h3 class=\"wp-block-heading\" id=\"el-caso-singular-de-mt-12-40\">El caso singular de Mt 12:40<\/h3>\n\n\n\n<p class=\"wp-block-paragraph\"><strong><a href=\"https:\/\/biblia.com\/bible\/rvr60\/Mt12.40\">Mateo 12:40<\/a><\/strong> a\u00f1ade \u201c<strong>y tres noches<\/strong>\u201d, seguramente por <strong>\u00e9nfasis tipol\u00f3gico<\/strong> (signo de Jon\u00e1s), no para imponer un c\u00f3mputo relojero. <strong>Brown<\/strong> advierte que el kerigma primitivo estandariza \u201c<strong>al tercer d\u00eda<\/strong>\u201d (<a href=\"https:\/\/biblia.com\/bible\/rvr60\/1Co15.4\">1 Co 15:4<\/a>), y que <strong>ninguna<\/strong> tradici\u00f3n temprana computa 72 horas exactas.<sup data-fn=\"ce21965a-e90d-43c6-b88a-5a1e6707848c\" class=\"fn\"><a href=\"#ce21965a-e90d-43c6-b88a-5a1e6707848c\" id=\"ce21965a-e90d-43c6-b88a-5a1e6707848c-link\">30<\/a><\/sup><\/p>\n\n\n\n<h3 class=\"wp-block-heading\" id=\"implicacion-para-las-tres-posturas\">Implicaci\u00f3n para las tres posturas<\/h3>\n\n\n\n<ul class=\"wp-block-list\">\n<li><strong>Viernes:<\/strong> depende del <strong>c\u00f3mputo inclusivo<\/strong>; choca con la literalidad de <a href=\"https:\/\/biblia.com\/bible\/rvr60\/Mt12.40\">Mt 12:40<\/a>, pero concuerda con el uso kerigm\u00e1tico y patr\u00edstico.<\/li>\n\n\n\n<li><strong>Mi\u00e9rcoles:<\/strong> maximiza <strong><a href=\"https:\/\/biblia.com\/bible\/rvr60\/Mt12.40\">Mt 12:40<\/a><\/strong> pero <strong>colisiona<\/strong> con \u201cal tercer d\u00eda\u201d \/ <a href=\"https:\/\/biblia.com\/bible\/rvr60\/Lk24.21\">Lc 24:21<\/a> y con el uso de <em>paraskeu\u00e9<\/em>.<\/li>\n\n\n\n<li><strong>Jueves:<\/strong> ofrece una <strong>literalidad moderada<\/strong>: respeta el signo de Jon\u00e1s sin violentar el resto de f\u00f3rmulas ni el plural sab\u00e1tico de <a href=\"https:\/\/biblia.com\/bible\/rvr60\/Mt28.1\">Mt 28:1<\/a>.<\/li>\n<\/ul>\n\n\n\n<h2 class=\"wp-block-heading\" id=\"evaluacion-comparativa-final-historia-exegesis-y-teologia\"><strong>Evaluaci\u00f3n comparativa final: historia, ex\u00e9gesis y teolog\u00eda<\/strong><\/h2>\n\n\n\n<h3 class=\"wp-block-heading\" id=\"criterios-de-evaluacion\">Criterios de evaluaci\u00f3n<\/h3>\n\n\n\n<p class=\"wp-block-paragraph\">Para una valoraci\u00f3n equilibrada pondero diez criterios, con escala cualitativa (Muy alto\/Alto\/Medio\/Bajo) y breve justificaci\u00f3n:<\/p>\n\n\n\n<figure class=\"wp-block-table is-style-stripes\"><table class=\"has-fixed-layout\"><thead><tr><th>Criterio<\/th><th>Mi\u00e9rcoles<\/th><th>Jueves<\/th><th>Viernes<\/th><th>Nota justificativa<\/th><\/tr><\/thead><tbody><tr><td>(1) Testimonio patr\u00edstico temprano<\/td><td>Bajo<\/td><td>Bajo-Medio<\/td><td><strong>Muy alto<\/strong><\/td><td>Justino, Ireneo, Tertuliano, Eusebio sostienen viernes; no hay padres a favor de mi\u00e9rcoles o jueves.<\/td><\/tr><tr><td>(2) Uso ling\u00fc\u00edstico de <em>paraskeu\u00e9<\/em><\/td><td>Bajo<\/td><td>Medio<\/td><td><strong>Muy alto<\/strong><\/td><td>En el s. I normalmente = viernes (Josefo, <em>Ant.<\/em> 16.6.2).<\/td><\/tr><tr><td>(3) Coherencia con <a href=\"https:\/\/biblia.com\/bible\/rvr60\/Jn19.31\">Jn 19:31<\/a> (\u201cgran s\u00e1bado\u201d)<\/td><td><strong>Alto<\/strong><\/td><td><strong>Alto<\/strong><\/td><td>Medio<\/td><td>Festivo 15 de Nis\u00e1n seguido de s\u00e1bado semanal encaja mejor con jueves\/mi\u00e9rcoles.<\/td><\/tr><tr><td>(4) \u201cDos s\u00e1bados\u201d (<a href=\"https:\/\/biblia.com\/bible\/rvr60\/Mt28.1\">Mt 28:1<\/a>, plural <em>sabbaton<\/em>)<\/td><td>Medio-Alto<\/td><td><strong>Alto<\/strong><\/td><td>Medio<\/td><td>Plural favorece semana con festivo+semanal; jueves se ajusta mejor a <a href=\"https:\/\/biblia.com\/bible\/rvr60\/Mk16.1\">Mc 16:1<\/a>\/<a href=\"https:\/\/biblia.com\/bible\/rvr60\/Lk23.56\">Lc 23:56<\/a>.<\/td><\/tr><tr><td>(5) Literalidad de <a href=\"https:\/\/biblia.com\/bible\/rvr60\/Mt12.40\">Mt 12:40<\/a><\/td><td><strong>Muy alto<\/strong><\/td><td>Alto<\/td><td>Medio-Bajo<\/td><td>Mi\u00e9rcoles da 72 h; jueves mantiene \u201cliteralidad razonable\u201d.<\/td><\/tr><tr><td>(6) \u201cAl tercer d\u00eda\u201d \/ <a href=\"https:\/\/biblia.com\/bible\/rvr60\/Lk24.21\">Lc 24:21<\/a><\/td><td>Bajo<\/td><td><strong>Alto<\/strong><\/td><td><strong>Alto<\/strong><\/td><td>Ema\u00fas el domingo como \u201ctercer d\u00eda\u201d requiere muerte viernes o, con ajustes, jueves; mi\u00e9rcoles tensiona el c\u00f3mputo.<\/td><\/tr><tr><td>(7) Armon\u00eda sin\u00f3pticos-Juan (\u00daltima Cena)<\/td><td>Medio<\/td><td><strong>Alto<\/strong><\/td><td>Medio<\/td><td>Doble c\u00f3mputo galileo\/judeano favorece jueves (Jeremias).<\/td><\/tr><tr><td>(8) Log\u00edstica de las mujeres y especias<\/td><td>Medio-Alto<\/td><td><strong>Muy alto<\/strong><\/td><td>Medio<\/td><td>Jueves da un \u201cd\u00eda intermedio\u201d claro para comprar\/preparar.<\/td><\/tr><tr><td>(9) Simbolismo pascual (Cordero\/\u00c9xodo)<\/td><td>Alto<\/td><td><strong>Muy alto<\/strong><\/td><td>Alto<\/td><td>Jueves permite morir simult\u00e1neo al sacrificio pascual (<a href=\"https:\/\/biblia.com\/bible\/rvr60\/Jn19.14\">Jn 19:14<\/a>) sin forzar sin\u00f3pticos.<\/td><\/tr><tr><td>(10) Simplicidad\/parsimonia hist\u00f3rica<\/td><td>Medio<\/td><td><strong>Alto<\/strong><\/td><td><strong>Alto<\/strong><\/td><td>Jueves y viernes requieren menos reconstrucciones que mi\u00e9rcoles.<\/td><\/tr><\/tbody><\/table><\/figure>\n\n\n\n<p class=\"wp-block-paragraph\"><strong>S\u00edntesis:<\/strong><\/p>\n\n\n\n<ul class=\"wp-block-list\">\n<li><strong>Viernes<\/strong>: Triunfa en <strong>tradici\u00f3n<\/strong> y <strong>lenguaje<\/strong> (<em>paraskeu\u00e9<\/em>), es parsimonioso, pero depende de c\u00f3mputo <strong>inclusivo<\/strong> y explica peor el \u201cgran s\u00e1bado\u201d + plural <em>sabbaton<\/em>.<\/li>\n\n\n\n<li><strong>Mi\u00e9rcoles<\/strong>: Maximiza <a href=\"https:\/\/biblia.com\/bible\/rvr60\/Mt12.40\">Mt 12:40<\/a> y el \u201cdoble s\u00e1bado\u201d, pero <strong>colisiona<\/strong> con <a href=\"https:\/\/biblia.com\/bible\/rvr60\/Lk24.21\">Lc 24:21<\/a>, el uso t\u00e9cnico de <em>paraskeu\u00e9<\/em> y la <strong>tradici\u00f3n un\u00e1nime<\/strong>.<\/li>\n\n\n\n<li><strong>Jueves<\/strong>: Ofrece la <strong>mejor armonizaci\u00f3n total<\/strong>: respeta el signo de Jon\u00e1s en clave <strong>literal moderada<\/strong>, explica los <strong>dos s\u00e1bados<\/strong> y las <strong>especias<\/strong>, y concilia sin\u00f3pticos con Juan mediante la hip\u00f3tesis de <strong>c\u00f3mputos diferentes<\/strong> (galileo\/judeano).<\/li>\n<\/ul>\n\n\n\n<blockquote class=\"wp-block-quote is-layout-flow wp-block-quote-is-layout-flow\">\n<p class=\"wp-block-paragraph\"><strong>Conclusi\u00f3n evaluativa:<\/strong> sin anular el peso hist\u00f3rico del <strong>viernes<\/strong>, la hip\u00f3tesis del <strong>jueves<\/strong> provee la <strong>mejor coherencia exeg\u00e9tico-hist\u00f3rica y teol\u00f3gica<\/strong> global (Wenham 1984; Finegan 1998; Bacchiocchi 1995).<\/p>\n<\/blockquote>\n\n\n\n<h3 class=\"wp-block-heading\" id=\"integracion-teologica-del-tercer-dia\">Integraci\u00f3n teol\u00f3gica del \u201ctercer d\u00eda\u201d<\/h3>\n\n\n\n<p class=\"wp-block-paragraph\">El kerigma primitivo (<a href=\"https:\/\/biblia.com\/bible\/rvr60\/1Co15.4\">1 Co 15:4<\/a>) codifica \u201c<strong>al tercer d\u00eda<\/strong>\u201d como f\u00f3rmula soteriol\u00f3gica. <strong>Brown<\/strong> subraya que esa expresi\u00f3n, y no \u201csetenta y dos horas exactas\u201d, modela la fe de la Iglesia primitiva; el acento recae en el <strong>cumplimiento<\/strong> (<a href=\"https:\/\/biblia.com\/bible\/rvr60\/Ho6.2\">Os 6:2<\/a>) m\u00e1s que en la cronometr\u00eda (Brown 1994, 1336\u201338). La postura del <strong>jueves<\/strong> preserva esa teolog\u00eda y, a la vez, responde mejor a las <strong>tensiones narrativas<\/strong> (dos s\u00e1bados, log\u00edstica de las mujeres, \u00faltima cena).<\/p>\n\n\n\n<h3 class=\"wp-block-heading\" id=\"consideracion-metodologica\">Consideraci\u00f3n metodol\u00f3gica<\/h3>\n\n\n\n<ul class=\"wp-block-list\">\n<li><strong>Hist\u00f3rica:<\/strong> Se privilegia evidencia <strong>temprana y m\u00faltiple<\/strong> (patr\u00edstica, uso ling\u00fc\u00edstico).<\/li>\n\n\n\n<li><strong>Exeg\u00e9tica:<\/strong> Se eval\u00faan <strong>todos<\/strong> los textos relevantes (<a href=\"https:\/\/biblia.com\/bible\/rvr60\/Mt12.40\">Mt 12:40<\/a>; Mc 15\u201316; Lc 23\u201324; Jn 18\u201320).<\/li>\n\n\n\n<li><strong>Cr\u00edtica de fuentes:<\/strong> Se considera la <strong>intencionalidad literaria<\/strong> (teolog\u00eda jo\u00e1nica de la \u201chora\u201d, esquemas lit\u00fargicos sin\u00f3pticos) (Jeremias 1969).<\/li>\n\n\n\n<li><strong>Parcimonia:<\/strong> Evitar hip\u00f3tesis con <strong>excesivos supuestos<\/strong> calend\u00e1ricos o sem\u00e1nticos.<\/li>\n<\/ul>\n\n\n\n<h2 class=\"wp-block-heading\" id=\"apendice-a-cronografias-comparadas-atardecer-a-atardecer\"><strong>Ap\u00e9ndice A. Cronograf\u00edas comparadas (atardecer-a-atardecer)<\/strong><\/h2>\n\n\n\n<blockquote class=\"wp-block-quote is-layout-flow wp-block-quote-is-layout-flow\">\n<p class=\"wp-block-paragraph\">Nota: En calendario jud\u00edo, el d\u00eda comienza <strong>al anochecer<\/strong>.<\/p>\n<\/blockquote>\n\n\n\n<h3 class=\"wp-block-heading\" id=\"a-1-modelo-viernes-tradicional\">A.1. Modelo <strong>Viernes<\/strong> (tradicional)<\/h3>\n\n\n\n<ul class=\"wp-block-list\">\n<li><strong>Jue tarde \u2192 Vie amanecer:<\/strong> \u00daltima Cena, Getseman\u00ed, arresto, Sanedr\u00edn nocturno.<\/li>\n\n\n\n<li><strong>Vie ma\u00f1ana:<\/strong> Pilato\/Herodes\/Pilato; crucifixi\u00f3n (<em>hora tercera\/sexta<\/em>), muerte alrededor de la <strong>hora novena<\/strong>.<\/li>\n\n\n\n<li><strong>Vie tarde (antes de anochecer):<\/strong> Sepultura r\u00e1pida (d\u00eda de preparaci\u00f3n).<\/li>\n\n\n\n<li><strong>S\u00e1b completo:<\/strong> Reposo (sepulcro sellado).<\/li>\n\n\n\n<li><strong>Dom madrugada:<\/strong> Tumba vac\u00eda.<br \/><strong>Pros:<\/strong> tradici\u00f3n, <em>paraskeu\u00e9<\/em>. <strong>Contras:<\/strong> literalidad <a href=\"https:\/\/biblia.com\/bible\/rvr60\/Mt12.40\">Mt 12:40<\/a>; \u201cgran s\u00e1bado\u201d.<\/li>\n<\/ul>\n\n\n\n<h3 class=\"wp-block-heading\" id=\"a-2-modelo-jueves-intermedio\">A.2. Modelo <strong>Jueves<\/strong> (intermedio)<\/h3>\n\n\n\n<ul class=\"wp-block-list\">\n<li><strong>Mi\u00e9 noche (estilo galileo = inicio 14 de Nis\u00e1n):<\/strong> Cena pascual con los disc\u00edpulos (sin\u00f3pticos).<\/li>\n\n\n\n<li><strong>Jue ma\u00f1ana-tarde:<\/strong> Juicios; crucifixi\u00f3n; muerte \u201ccuando se sacrifican los corderos\u201d (<a href=\"https:\/\/biblia.com\/bible\/rvr60\/Jn19.14\">Jn 19:14<\/a>).<\/li>\n\n\n\n<li><strong>Jue tarde:<\/strong> Sepultura antes del <strong>\u201cgran s\u00e1bado\u201d<\/strong> (15 de Nis\u00e1n, viernes festivo).<\/li>\n\n\n\n<li><strong>Vie (festivo 15 de Nis\u00e1n):<\/strong> Reposo lit\u00fargico; al finalizar, margen para <strong>comprar\/preparar<\/strong> especias (<a href=\"https:\/\/biblia.com\/bible\/rvr60\/Mk16.1\">Mc 16:1<\/a>).<\/li>\n\n\n\n<li><strong>S\u00e1b (semanal):<\/strong> Reposo; mujeres <strong>descansan<\/strong> (<a href=\"https:\/\/biblia.com\/bible\/rvr60\/Lk23.56\">Lc 23:56<\/a>).<\/li>\n\n\n\n<li><strong>Dom temprano:<\/strong> Tumba vac\u00eda.<br \/><strong>Pros:<\/strong> dos s\u00e1bados, log\u00edstica especias, conciliaci\u00f3n sin\u00f3pticos-Juan, literalidad moderada. <strong>Contras:<\/strong> menor respaldo patr\u00edstico; exige doble c\u00f3mputo calendario.<\/li>\n<\/ul>\n\n\n\n<h3 class=\"wp-block-heading\" id=\"a-3-modelo-miercoles-literalista\">A.3. Modelo <strong>Mi\u00e9rcoles<\/strong> (literalista)<\/h3>\n\n\n\n<ul class=\"wp-block-list\">\n<li><strong>Mar noche:<\/strong> \u00daltima Cena (no necesariamente pascual).<\/li>\n\n\n\n<li><strong>Mi\u00e9 tarde:<\/strong> Crucifixi\u00f3n; sepultura antes del festivo.<\/li>\n\n\n\n<li><strong>Jue (festivo) \u2013 Vie (intermedio) \u2013 S\u00e1b (semanal):<\/strong> Tres d\u00edas\/ tres noches <strong>completas<\/strong>.<\/li>\n\n\n\n<li><strong>S\u00e1b tarde \/ Dom madrugada:<\/strong> Resurrecci\u00f3n.<br \/><strong>Pros:<\/strong> literalidad <a href=\"https:\/\/biblia.com\/bible\/rvr60\/Mt12.40\">Mt 12:40<\/a>, doble s\u00e1bado claro. <strong>Contras:<\/strong> <a href=\"https:\/\/biblia.com\/bible\/rvr60\/Lk24.21\">Lc 24:21<\/a>; <em>paraskeu\u00e9<\/em>; sin tradici\u00f3n antigua.<\/li>\n<\/ul>\n\n\n\n<h2 class=\"wp-block-heading\" id=\"apendice-b-tabla-sinoptica-de-textos-clave\"><strong>Ap\u00e9ndice B. Tabla sin\u00f3ptica de textos clave<\/strong><\/h2>\n\n\n\n<figure class=\"wp-block-table is-style-stripes\"><table class=\"has-fixed-layout\"><thead><tr><th>Tema<\/th><th>Texto<\/th><th>Observaci\u00f3n breve<\/th><\/tr><\/thead><tbody><tr><td>D\u00eda preparaci\u00f3n<\/td><td><a href=\"https:\/\/biblia.com\/bible\/rvr60\/Mk15.42\">Mc 15:42<\/a>; <a href=\"https:\/\/biblia.com\/bible\/rvr60\/Lk23.54\">Lc 23:54<\/a>; <a href=\"https:\/\/biblia.com\/bible\/rvr60\/Jn19.14\">Jn 19:14,<\/a><a href=\"https:\/\/biblia.com\/bible\/rvr60\/Jn19.31\">31<\/a>,<a href=\"https:\/\/biblia.com\/bible\/rvr60\/Jn19.42\">42<\/a><\/td><td><em>Paraskeu\u00e9<\/em> \u2248 viernes; en Pascua puede designar preparaci\u00f3n del <strong>shabbaton<\/strong> festivo.<\/td><\/tr><tr><td>\u201cGran s\u00e1bado\u201d<\/td><td><a href=\"https:\/\/biblia.com\/bible\/rvr60\/Jn19.31\">Jn 19:31<\/a><\/td><td>Indica <strong>d\u00eda solemne<\/strong> (15 de Nis\u00e1n). Favorece jueves\/mi\u00e9rcoles.<\/td><\/tr><tr><td>\u201cDos s\u00e1bados\u201d<\/td><td><a href=\"https:\/\/biblia.com\/bible\/rvr60\/Mt28.1\">Mt 28:1<\/a> (<em>sabbaton<\/em> en plural)<\/td><td>Lectura natural: <strong>dos reposos<\/strong> consecutivos.<\/td><\/tr><tr><td>Especias<\/td><td><a href=\"https:\/\/biblia.com\/bible\/rvr60\/Mk16.1\">Mc 16:1<\/a>; <a href=\"https:\/\/biblia.com\/bible\/rvr60\/Lk23.56\">Lc 23:56<\/a><\/td><td>Comprar <strong>despu\u00e9s<\/strong> de un s\u00e1bado y <strong>descansar<\/strong> en otro sugiere reposos consecutivos con un d\u00eda intermedio.<\/td><\/tr><tr><td>\u201cTercer d\u00eda\u201d<\/td><td><a href=\"https:\/\/biblia.com\/bible\/rvr60\/Lk24.21\">Lc 24:21<\/a>; <a href=\"https:\/\/biblia.com\/bible\/rvr60\/1Co15.4\">1 Co 15:4<\/a><\/td><td>Kerigma: \u201cal tercer d\u00eda\u201d \u2014 favorece viernes o jueves (no mi\u00e9rcoles).<\/td><\/tr><tr><td>Signo de Jon\u00e1s<\/td><td><a href=\"https:\/\/biblia.com\/bible\/rvr60\/Mt12.40\">Mt 12:40<\/a><\/td><td>F\u00f3rmula enf\u00e1tica; literalidad razonable compatible con jueves.<\/td><\/tr><\/tbody><\/table><\/figure>\n\n\n\n<h2 class=\"wp-block-heading\" id=\"apendice-c-conclusion-reforzada-tesis-final\"><strong>Ap\u00e9ndice C. Conclusi\u00f3n reforzada (tesis final)<\/strong><\/h2>\n\n\n\n<ol class=\"wp-block-list\">\n<li><strong>Viernes<\/strong> es hist\u00f3ricamente la <strong>posici\u00f3n eclesial<\/strong> y ling\u00fc\u00edsticamente fuerte (<em>paraskeu\u00e9<\/em>).<\/li>\n\n\n\n<li><strong>Mi\u00e9rcoles<\/strong> maximiza <a href=\"https:\/\/biblia.com\/bible\/rvr60\/Mt12.40\">Mt 12:40<\/a> pero choca con <strong><a href=\"https:\/\/biblia.com\/bible\/rvr60\/Lk24.21\">Lc 24:21<\/a><\/strong>, uso t\u00e9cnico y tradici\u00f3n.<\/li>\n\n\n\n<li><strong>Jueves<\/strong> es <strong>la s\u00edntesis m\u00e1s coherente<\/strong>: explica el <strong>gran s\u00e1bado<\/strong>, los <strong>dos s\u00e1bados<\/strong> de <a href=\"https:\/\/biblia.com\/bible\/rvr60\/Mt28.1\">Mt 28:1<\/a>, la <strong>log\u00edstica<\/strong> de las mujeres, y la <strong>tipolog\u00eda pascual<\/strong>, manteniendo una literalidad razonable del signo de Jon\u00e1s y armonizando sin\u00f3pticos y Juan (calendario dual).<\/li>\n<\/ol>\n\n\n\n<blockquote class=\"wp-block-quote is-layout-flow wp-block-quote-is-layout-flow\">\n<p class=\"wp-block-paragraph\"><strong>Dictamen evaluativo final:<\/strong> <strong>Jueves<\/strong> es la hip\u00f3tesis preferible para fines exeg\u00e9ticos y teol\u00f3gicos integradores, sin desautorizar el peso hist\u00f3rico-lit\u00fargico del <strong>Viernes<\/strong>.<\/p>\n<\/blockquote>\n\n\n\n<hr class=\"wp-block-coblocks-dynamic-separator\" style=\"height:50px\" \/>\n\n\n\n<h3 class=\"wp-block-heading\" id=\"bibliografia\"><strong>Bibliograf\u00eda<\/strong><\/h3>\n\n\n\n<p class=\"wp-block-paragraph\">Archer, Gleason L. <em>Encyclopedia of Bible Difficulties<\/em>. Grand Rapids: Zondervan, 1982.<br \/>Bacchiocchi, Samuele. <em>God\u2019s Festivals in Scripture and History: The Spring Festivals<\/em>. Berrien Springs, MI: Biblical Perspectives, 1995.<br \/>Brown, Raymond E. <em>The Death of the Messiah<\/em>. 2 vols. New York: Doubleday, 1994.<br \/>Bullinger, Ethelbert W. <em>The Companion Bible<\/em>. London: Oxford University Press, 1909.<br \/>Carson, D. A. <em>Matthew<\/em>. Grand Rapids, MI: Eerdmans, 1984.<br \/>Finegan, Jack. <em>Handbook of Biblical Chronology<\/em>. Revised ed. Peabody, MA: Hendrickson Publishers, 1998.<br \/>Hoehner, Harold W. <em>Chronological Aspects of the Life of Christ<\/em>. Grand Rapids, MI: Zondervan, 1974.<br \/>Jeremias, Joachim. <em>Jerusalem in the Time of Jesus<\/em>. Philadelphia: Fortress Press, 1969.<br \/>Josefo, Flavio. <em>Antiquities of the Jews<\/em>. Translated by William Whiston. Peabody, MA: Hendrickson Publishers, 1987.<br \/>Justino M\u00e1rtir. <em>Apolog\u00eda I<\/em> y <em>Di\u00e1logo con Trif\u00f3n<\/em>. Madrid: Biblioteca de Autores Cristianos, 2000.<br \/>Tertuliano. <em>Adversus Judaeos<\/em>. En <em>Patrologia Latina<\/em>, vol. 2. Par\u00eds: Migne, 1844.<br \/>Agust\u00edn de Hipona. <em>Carta a Januario<\/em>. En <em>Obras Completas de San Agust\u00edn<\/em>, vol. IX. Madrid: Biblioteca de Autores Cristianos, 1986.<br \/>Eusebio de Cesarea. <em>Historia Eclesi\u00e1stica<\/em>. Madrid: Biblioteca de Autores Cristianos, 2001.<br \/>Torrey, R. A. <em>Difficulties in the Bible<\/em>. New York: Revell, 1907.<br \/>Wenham, John. <em>Easter Enigma: Are the Resurrection Accounts in Conflict?<\/em> Grand Rapids, MI: Baker Book House, 1984.<br \/>Bacchiocchi, Samuele. <em>From Sabbath to Sunday<\/em>. Rome: Pontifical Gregorian University Press, 1977.<br \/>Finegan, Jack. <em>The Archaeology of the New Testament: The Life of Jesus and the Beginning of the Early Church<\/em>. Princeton, NJ: Princeton University Press, 1969.<br \/>Jer\u00f3nimo. <em>Comentario al Evangelio de Mateo<\/em>. Madrid: Biblioteca de Autores Cristianos, 1997.<br \/>Or\u00edgenes. <em>Contra Celso<\/em>. Madrid: Biblioteca de Autores Cristianos, 2003.<br \/>Cris\u00f3stomo, Juan. <em>Homil\u00edas sobre Mateo<\/em>. Madrid: Biblioteca de Autores Cristianos, 2002.<br \/>Ireneo de Lyon. <em>Contra las Herej\u00edas<\/em>. Madrid: Biblioteca de Autores Cristianos, 1995.<br \/>Wright, N. T. <em>The Resurrection of the Son of God<\/em>. Minneapolis: Fortress Press, 2003.<br \/>K\u00f6stenberger, Andreas J., and Justin Taylor. <em>The Final Days of Jesus: The Most Important Week of the Most Important Person Who Ever Lived<\/em>. Wheaton, IL: Crossway, 2014.<br \/>Blomberg, Craig L. <em>The Historical Reliability of the Gospels<\/em>. 2nd ed. Downers Grove, IL: IVP Academic, 2007.<\/p>\n\n\n\n<hr class=\"wp-block-separator has-alpha-channel-opacity\" \/>\n\n\n<ol class=\"wp-block-footnotes\"><li id=\"8c59fbc2-cf98-4634-8166-c5473cf46079\">Joachim Jeremias, <em>Jerusalem in the Time of Jesus<\/em> (Philadelphia: Fortress Press, 1969), 82. <a href=\"#8c59fbc2-cf98-4634-8166-c5473cf46079-link\" aria-label=\"Saltar a la referencia de la nota 1\">\u21a9\ufe0e<\/a><\/li><li id=\"9c0a0458-6883-4987-8f94-d7a3f5d53a35\">Jack Finegan, <em>Handbook of Biblical Chronology<\/em>, rev. ed. (Peabody: Hendrickson, 1998), 342. <a href=\"#9c0a0458-6883-4987-8f94-d7a3f5d53a35-link\" aria-label=\"Saltar a la referencia de la nota 2\">\u21a9\ufe0e<\/a><\/li><li id=\"123f9a32-6373-4ee9-bcaa-c91c7b4f2f76\">Justino M\u00e1rtir, <em>Apolog\u00eda I<\/em>, 67, en <em>Obras Completas de los Padres Apost\u00f3licos<\/em>, ed. BAC (Madrid: Biblioteca de Autores Cristianos, 2000), 412. <a href=\"#123f9a32-6373-4ee9-bcaa-c91c7b4f2f76-link\" aria-label=\"Saltar a la referencia de la nota 3\">\u21a9\ufe0e<\/a><\/li><li id=\"cc86a0af-d19e-473b-8191-4e45b2812262\">Ireneo de Lyon, <em>Contra las herej\u00edas<\/em>, V.23.2 (Madrid: BAC, 1995), 698. <a href=\"#cc86a0af-d19e-473b-8191-4e45b2812262-link\" aria-label=\"Saltar a la referencia de la nota 4\">\u21a9\ufe0e<\/a><\/li><li id=\"07774065-15a6-4f6e-b38f-edf3970bc10d\">Harold Hoehner, <em>Chronological Aspects of the Life of Christ<\/em> (Grand Rapids: Zondervan, 1974), 65\u201367. <a href=\"#07774065-15a6-4f6e-b38f-edf3970bc10d-link\" aria-label=\"Saltar a la referencia de la nota 5\">\u21a9\ufe0e<\/a><\/li><li id=\"f6df8c33-8268-4149-89c6-7242ac6dc3f4\">Agust\u00edn de Hipona, <em>Carta a Januario<\/em>, 55.6, en <em>Obras Completas de San Agust\u00edn<\/em>, vol. IX (Madrid: BAC, 1986), 214. <a href=\"#f6df8c33-8268-4149-89c6-7242ac6dc3f4-link\" aria-label=\"Saltar a la referencia de la nota 6\">\u21a9\ufe0e<\/a><\/li><li id=\"708fb331-4673-4700-af43-d39dfbe96b57\">Tertuliano, <em>Adversus Judaeos<\/em>, 10, en <em>Patrologia Latina<\/em>, vol. 2 (Par\u00eds: Migne, 1844), 653. <a href=\"#708fb331-4673-4700-af43-d39dfbe96b57-link\" aria-label=\"Saltar a la referencia de la nota 7\">\u21a9\ufe0e<\/a><\/li><li id=\"95556e0a-3ba7-48c2-9ed3-2ced1b7ea054\">Samuele Bacchiocchi, <em>God\u2019s Festivals in Scripture and History: The Spring Festivals<\/em> (Berrien Springs: Biblical Perspectives, 1995), 122. <a href=\"#95556e0a-3ba7-48c2-9ed3-2ced1b7ea054-link\" aria-label=\"Saltar a la referencia de la nota 8\">\u21a9\ufe0e<\/a><\/li><li id=\"7a71044d-52a6-4d08-8768-0ada327b0497\">Finegan, <em>Handbook of Biblical Chronology<\/em>, 345. <a href=\"#7a71044d-52a6-4d08-8768-0ada327b0497-link\" aria-label=\"Saltar a la referencia de la nota 9\">\u21a9\ufe0e<\/a><\/li><li id=\"baac01b1-ace1-45d7-bdbc-83b699a51728\">John Wenham, <em>Easter Enigma: Are the Resurrection Accounts in Conflict?<\/em> (Grand Rapids: Baker Book House, 1984), 98\u201399. <a href=\"#baac01b1-ace1-45d7-bdbc-83b699a51728-link\" aria-label=\"Saltar a la referencia de la nota 10\">\u21a9\ufe0e<\/a><\/li><li id=\"6dd22214-97b0-4b46-a28d-e2dabe9794f5\"><em>Bein ha-Shmashot<\/em> significa literalmente \u201cEntre las luces\u201d o \u201centre los soles\u201d. Es una expresi\u00f3n rab\u00ednica y b\u00edblico-hebraica que designa el per\u00edodo crepuscular entre la puesta del sol y la aparici\u00f3n de las estrellas, es decir, el l\u00edmite entre un d\u00eda y el siguiente. <em>\u201cBein\u201d<\/em> = \u201centre\u201d<br><em>\u201cHa-Shmashot\u201d<\/em> = plural de \u201csol\u201d (aqu\u00ed: \u201cluces\u201d, refiri\u00e9ndose al sol poniente y a la primera luz nocturna) Este lapso no pertenece con certeza ni al d\u00eda que termina ni al que comienza, de modo que su estatus legal es ambiguo. <a href=\"#6dd22214-97b0-4b46-a28d-e2dabe9794f5-link\" aria-label=\"Saltar a la referencia de la nota 11\">\u21a9\ufe0e<\/a><\/li><li id=\"534ca66f-12d6-4a66-9cbf-b2b54e2456d4\">Jacob Neusner, <em>A History of the Mishnaic Law of Appointed Times<\/em> (Leiden: Brill, 1983), vol. 1, p. 205: \u201cEl <em>Bein ha-Shmashot<\/em> era considerado un estado liminal; ni d\u00eda ni noche, ni profano ni santo. Las decisiones hal\u00e1jicas eran tomadas a favor de la santidad, pero la pr\u00e1ctica mostraba cierta flexibilidad al final del per\u00edodo.\u201d; Encyclopaedia Judaica, vol. 14, s.v. \u201cSabbath\u201d: \u201cEntre la salida y la puesta del sol hab\u00eda un corto espacio, <em>Bein ha-Shmashot<\/em>, en el cual no se sab\u00eda si era d\u00eda o noche; por lo tanto, se extend\u00eda la observancia del Shabat. Sin embargo, este margen era usado tradicionalmente para algunas preparaciones menores permitidas.\u201d <a href=\"#534ca66f-12d6-4a66-9cbf-b2b54e2456d4-link\" aria-label=\"Saltar a la referencia de la nota 12\">\u21a9\ufe0e<\/a><\/li><li id=\"14fb0cf0-8ff3-4e7c-bfc8-315028f944ae\">Joachim Jeremias, <em>Jerusalem in the Time of Jesus<\/em> (Philadelphia: Fortress Press, 1969), 82. <a href=\"#14fb0cf0-8ff3-4e7c-bfc8-315028f944ae-link\" aria-label=\"Saltar a la referencia de la nota 13\">\u21a9\ufe0e<\/a><\/li><li id=\"8d8e735c-4203-4ae6-b577-38df7487e994\">Samuele Bacchiocchi, <em>God\u2019s Festivals in Scripture and History: The Spring Festivals<\/em> (Berrien Springs: Biblical Perspectives, 1995), 118. <a href=\"#8d8e735c-4203-4ae6-b577-38df7487e994-link\" aria-label=\"Saltar a la referencia de la nota 14\">\u21a9\ufe0e<\/a><\/li><li id=\"db73ba8a-4865-44a8-b972-1aaa42806274\">R. A. Torrey, <em>Difficulties in the Bible<\/em> (New York: Revell, 1907), 128. <a href=\"#db73ba8a-4865-44a8-b972-1aaa42806274-link\" aria-label=\"Saltar a la referencia de la nota 15\">\u21a9\ufe0e<\/a><\/li><li id=\"5aec109d-aaf8-4e6b-a88a-93568c912d18\">Jack Finegan, <em>Handbook of Biblical Chronology<\/em> (Peabody: Hendrickson, 1998), 347. <a href=\"#5aec109d-aaf8-4e6b-a88a-93568c912d18-link\" aria-label=\"Saltar a la referencia de la nota 16\">\u21a9\ufe0e<\/a><\/li><li id=\"38f1f2f7-c5d9-4e52-a704-8f6a63a230bf\">Wenham, <em>Easter Enigma<\/em>, 101. <a href=\"#38f1f2f7-c5d9-4e52-a704-8f6a63a230bf-link\" aria-label=\"Saltar a la referencia de la nota 17\">\u21a9\ufe0e<\/a><\/li><li id=\"0477e453-e0d2-4fec-aad1-2dcfa94d3b40\">E. W. Bullinger, <em>The Companion Bible<\/em> (London: Oxford University Press, 1909). <a href=\"#0477e453-e0d2-4fec-aad1-2dcfa94d3b40-link\" aria-label=\"Saltar a la referencia de la nota 18\">\u21a9\ufe0e<\/a><\/li><li id=\"f93d5f9f-99e0-41ea-8585-243a2c6aa0f4\">Parafraseando la l\u00ednea argumental representada en Bullinger, <em>Companion Bible<\/em>, Ap\u00e9ndices cronol\u00f3gicos. <a href=\"#f93d5f9f-99e0-41ea-8585-243a2c6aa0f4-link\" aria-label=\"Saltar a la referencia de la nota 19\">\u21a9\ufe0e<\/a><\/li><li id=\"23d61706-0827-4d22-bb78-6a3ef38a5272\">W. Graham Scroggie, A Guide to the Gospels (Londres, 1948), pp. 572-573. <a href=\"#23d61706-0827-4d22-bb78-6a3ef38a5272-link\" aria-label=\"Saltar a la referencia de la nota 20\">\u21a9\ufe0e<\/a><\/li><li id=\"f1db7aa6-78c5-492b-9243-29569829073b\">Ib\u00edd., pp. 573-574. <a href=\"#f1db7aa6-78c5-492b-9243-29569829073b-link\" aria-label=\"Saltar a la referencia de la nota 21\">\u21a9\ufe0e<\/a><\/li><li id=\"3911e9a2-a1a5-4b9f-813a-2a8502269c37\">Samuele Bacchiocchi, <em>God\u2019s Festivals in Scripture and History: The Spring Festivals<\/em> (Berrien Springs: Biblical Perspectives, 1995), 118\u201323. <a href=\"#3911e9a2-a1a5-4b9f-813a-2a8502269c37-link\" aria-label=\"Saltar a la referencia de la nota 22\">\u21a9\ufe0e<\/a><\/li><li id=\"e6ef878d-2175-4542-a4ac-74d6cbd8e72a\">Cf. Leslie P. Madison, \u00abProblems of Chronology in the Life of Christ\u00bb (tesis doctoral in\u00e9dita, Dallas Theological Seminary, 1963), p. 213. <a href=\"#e6ef878d-2175-4542-a4ac-74d6cbd8e72a-link\" aria-label=\"Saltar a la referencia de la nota 23\">\u21a9\ufe0e<\/a><\/li><li id=\"bf3c8758-dd03-4f06-9363-9746105665a2\">Justino M\u00e1rtir, <em>Apolog\u00eda I<\/em>, 67; Ireneo, <em>Contra las herej\u00edas<\/em> V.23.2; Tertuliano, <em>Adversus Judaeos<\/em> 10; Eusebio, <em>Historia Eclesi\u00e1stica<\/em>. <a href=\"#bf3c8758-dd03-4f06-9363-9746105665a2-link\" aria-label=\"Saltar a la referencia de la nota 24\">\u21a9\ufe0e<\/a><\/li><li id=\"17e6abfe-de7d-4297-bf8b-64e97881b87c\">Flavio Josefo, <em>Ant.<\/em> 16.6.2. <a href=\"#17e6abfe-de7d-4297-bf8b-64e97881b87c-link\" aria-label=\"Saltar a la referencia de la nota 25\">\u21a9\ufe0e<\/a><\/li><li id=\"c20288cf-0c9d-4b35-805d-eb1aa3dba7d5\">Jack Finegan, <em>Handbook of Biblical Chronology<\/em>, rev. ed. (Peabody: Hendrickson, 1998), 341\u201347. <a href=\"#c20288cf-0c9d-4b35-805d-eb1aa3dba7d5-link\" aria-label=\"Saltar a la referencia de la nota 26\">\u21a9\ufe0e<\/a><\/li><li id=\"1664e30f-2dfc-4835-b37d-2697f773ef13\">Raymond E. Brown, <em>The Death of the Messiah<\/em>, 2 vols. (New York: Doubleday, 1994), 1336\u201338. <a href=\"#1664e30f-2dfc-4835-b37d-2697f773ef13-link\" aria-label=\"Saltar a la referencia de la nota 27\">\u21a9\ufe0e<\/a><\/li><li id=\"d47e22e1-5d52-415d-937e-6871c11971c2\">Harold W. Hoehner, <em>Chronological Aspects of the Life of Christ<\/em> (Grand Rapids: Zondervan, 1974), 65\u201371; D. A. Carson, <em>Matthew<\/em> (Grand Rapids: Eerdmans, 1984), ad loc. <a href=\"#d47e22e1-5d52-415d-937e-6871c11971c2-link\" aria-label=\"Saltar a la referencia de la nota 28\">\u21a9\ufe0e<\/a><\/li><li id=\"841efd11-e8b5-4330-839b-2f29e48b57ca\">Finegan, <em>Handbook<\/em>, 345\u201350; Brown, <em>Death of the Messiah<\/em>, 1370\u201375. <a href=\"#841efd11-e8b5-4330-839b-2f29e48b57ca-link\" aria-label=\"Saltar a la referencia de la nota 29\">\u21a9\ufe0e<\/a><\/li><li id=\"10252b93-2ec5-4283-ac5d-0ff16173b6aa\">S\u00edntesis evaluativa a partir de Finegan, Brown y Hoehner (v\u00e9anse referencias supra). <a href=\"#10252b93-2ec5-4283-ac5d-0ff16173b6aa-link\" aria-label=\"Saltar a la referencia de la nota 30\">\u21a9\ufe0e<\/a><\/li><li id=\"aa325fc3-8dd2-46b8-ad44-19b57d9950e5\">Hoehner, <em>Chronological Aspects<\/em>, 65\u201371. <a href=\"#aa325fc3-8dd2-46b8-ad44-19b57d9950e5-link\" aria-label=\"Saltar a la referencia de la nota 31\">\u21a9\ufe0e<\/a><\/li><li id=\"ce21965a-e90d-43c6-b88a-5a1e6707848c\">Brown, <em>Death of the Messiah<\/em>, 1336\u201338, 1370\u201375; cf. 1 Co 15:4. <a href=\"#ce21965a-e90d-43c6-b88a-5a1e6707848c-link\" aria-label=\"Saltar a la referencia de la nota 32\">\u21a9\ufe0e<\/a><\/li><\/ol>\n\n\n<p class=\"wp-block-paragraph\"><\/p>\n","protected":false},"excerpt":{"rendered":"<p>El tema de la cronolog\u00eda de la pasi\u00f3n de Cristo no es una mera curiosidad hist\u00f3rica, sino una cuesti\u00f3n profundamente teol\u00f3gica, pues toca la coherencia interna de los Evangelios y el simbolismo central de la redenci\u00f3n cristiana. La identificaci\u00f3n del d\u00eda exacto de la crucifixi\u00f3n de Jes\u00fas tiene implicaciones hermen\u00e9uticas, lit\u00fargicas y doctrinales: afecta la comprensi\u00f3n de la relaci\u00f3n entre la Pascua jud\u00eda y la cristiana, la interpretaci\u00f3n del signo de Jon\u00e1s y la armon\u00eda entre los cuatro Evangelios.<\/p>\n<p>Desde el siglo II, la tradici\u00f3n eclesial estableci\u00f3 el Viernes Santo como d\u00eda conmemorativo de la muerte del Se\u00f1or. Sin embargo, a partir de la Reforma y del surgimiento de la cr\u00edtica b\u00edblica moderna, varios int\u00e9rpretes comenzaron a revisar la cronolog\u00eda de la Semana Santa, buscando una correspondencia m\u00e1s literal con las declaraciones de Jes\u00fas.<\/p>\n<p>Las tres posturas principales pueden resumirse as\u00ed:<\/p>\n<p>Mi\u00e9rcoles: Jes\u00fas es crucificado el 14 de Nis\u00e1n por la tarde, y resucita al final del s\u00e1bado, cumpliendo literalmente tres d\u00edas y tres noches.<\/p>\n<p>Jueves: Jes\u00fas muere el 15 de Nis\u00e1n; permanece sepultado jueves, viernes y s\u00e1bado, resucitando el domingo temprano.<\/p>\n<p>Viernes: Jes\u00fas muere el 14 o 15 de Nis\u00e1n, siendo sepultado al anochecer; resucita al tercer d\u00eda en un sentido inclusivo.<\/p>\n<p>El prop\u00f3sito de este estudio no es meramente cronogr\u00e1fico, sino hermen\u00e9utico. El an\u00e1lisis combinar\u00e1 datos hist\u00f3ricos (Josefo, Talmud, Mishn\u00e1), ling\u00fc\u00edsticos (griego y hebreo), teol\u00f3gicos (patr\u00edstica y ex\u00e9gesis moderna) y simb\u00f3licos (la tipolog\u00eda pascual y la escatolog\u00eda de la resurrecci\u00f3n).<\/p>\n","protected":false},"author":80235555,"featured_media":55826,"comment_status":"open","ping_status":"open","sticky":false,"template":"","format":"standard","meta":{"_coblocks_attr":"","_coblocks_dimensions":"","_coblocks_responsive_height":"","_coblocks_accordion_ie_support":"","_gspb_post_css":"","advanced_seo_description":"","jetpack_seo_html_title":"","jetpack_seo_noindex":false,"jetpack_seo_schema_type":"","_jetpack_newsletter_access":"","_jetpack_dont_email_post_to_subs":false,"_jetpack_newsletter_tier_id":0,"_jetpack_memberships_contains_paywalled_content":false,"_wpcom_ai_launchpad_first_post":false,"_jetpack_feature_clip_id":0,"_jetpack_memberships_contains_paid_content":false,"footnotes":"[{\"id\":\"8c59fbc2-cf98-4634-8166-c5473cf46079\",\"content\":\"Joachim Jeremias, <em>Jerusalem in the Time of Jesus<\\\/em> (Philadelphia: Fortress Press, 1969), 82.\"},{\"id\":\"9c0a0458-6883-4987-8f94-d7a3f5d53a35\",\"content\":\"Jack Finegan, <em>Handbook of Biblical Chronology<\\\/em>, rev. ed. (Peabody: Hendrickson, 1998), 342.\"},{\"id\":\"123f9a32-6373-4ee9-bcaa-c91c7b4f2f76\",\"content\":\"Justino M\\u00e1rtir, <em>Apolog\\u00eda I<\\\/em>, 67, en <em>Obras Completas de los Padres Apost\\u00f3licos<\\\/em>, ed. BAC (Madrid: Biblioteca de Autores Cristianos, 2000), 412.\"},{\"id\":\"cc86a0af-d19e-473b-8191-4e45b2812262\",\"content\":\"Ireneo de Lyon, <em>Contra las herej\\u00edas<\\\/em>, V.23.2 (Madrid: BAC, 1995), 698.\"},{\"id\":\"07774065-15a6-4f6e-b38f-edf3970bc10d\",\"content\":\"Harold Hoehner, <em>Chronological Aspects of the Life of Christ<\\\/em> (Grand Rapids: Zondervan, 1974), 65\\u201367.\"},{\"id\":\"f6df8c33-8268-4149-89c6-7242ac6dc3f4\",\"content\":\"Agust\\u00edn de Hipona, <em>Carta a Januario<\\\/em>, 55.6, en <em>Obras Completas de San Agust\\u00edn<\\\/em>, vol. IX (Madrid: BAC, 1986), 214.\"},{\"id\":\"708fb331-4673-4700-af43-d39dfbe96b57\",\"content\":\"Tertuliano, <em>Adversus Judaeos<\\\/em>, 10, en <em>Patrologia Latina<\\\/em>, vol. 2 (Par\\u00eds: Migne, 1844), 653.\"},{\"id\":\"95556e0a-3ba7-48c2-9ed3-2ced1b7ea054\",\"content\":\"Samuele Bacchiocchi, <em>God\\u2019s Festivals in Scripture and History: The Spring Festivals<\\\/em> (Berrien Springs: Biblical Perspectives, 1995), 122.\"},{\"id\":\"7a71044d-52a6-4d08-8768-0ada327b0497\",\"content\":\"Finegan, <em>Handbook of Biblical Chronology<\\\/em>, 345.\"},{\"id\":\"baac01b1-ace1-45d7-bdbc-83b699a51728\",\"content\":\"John Wenham, <em>Easter Enigma: Are the Resurrection Accounts in Conflict?<\\\/em> (Grand Rapids: Baker Book House, 1984), 98\\u201399.\"},{\"id\":\"6dd22214-97b0-4b46-a28d-e2dabe9794f5\",\"content\":\"<em>Bein ha-Shmashot<\\\/em> significa literalmente \\u201cEntre las luces\\u201d o \\u201centre los soles\\u201d. Es una expresi\\u00f3n rab\\u00ednica y b\\u00edblico-hebraica que designa el per\\u00edodo crepuscular entre la puesta del sol y la aparici\\u00f3n de las estrellas, es decir, el l\\u00edmite entre un d\\u00eda y el siguiente. <em>\\u201cBein\\u201d<\\\/em> = \\u201centre\\u201d<br><em>\\u201cHa-Shmashot\\u201d<\\\/em> = plural de \\u201csol\\u201d (aqu\\u00ed: \\u201cluces\\u201d, refiri\\u00e9ndose al sol poniente y a la primera luz nocturna) Este lapso no pertenece con certeza ni al d\\u00eda que termina ni al que comienza, de modo que su estatus legal es ambiguo.\"},{\"id\":\"534ca66f-12d6-4a66-9cbf-b2b54e2456d4\",\"content\":\"Jacob Neusner, <em>A History of the Mishnaic Law of Appointed Times<\\\/em> (Leiden: Brill, 1983), vol. 1, p. 205: \\u201cEl <em>Bein ha-Shmashot<\\\/em> era considerado un estado liminal; ni d\\u00eda ni noche, ni profano ni santo. Las decisiones hal\\u00e1jicas eran tomadas a favor de la santidad, pero la pr\\u00e1ctica mostraba cierta flexibilidad al final del per\\u00edodo.\\u201d; Encyclopaedia Judaica, vol. 14, s.v. \\u201cSabbath\\u201d: \\u201cEntre la salida y la puesta del sol hab\\u00eda un corto espacio, <em>Bein ha-Shmashot<\\\/em>, en el cual no se sab\\u00eda si era d\\u00eda o noche; por lo tanto, se extend\\u00eda la observancia del Shabat. Sin embargo, este margen era usado tradicionalmente para algunas preparaciones menores permitidas.\\u201d\"},{\"id\":\"14fb0cf0-8ff3-4e7c-bfc8-315028f944ae\",\"content\":\"Joachim Jeremias, <em>Jerusalem in the Time of Jesus<\\\/em> (Philadelphia: Fortress Press, 1969), 82.\"},{\"id\":\"8d8e735c-4203-4ae6-b577-38df7487e994\",\"content\":\"Samuele Bacchiocchi, <em>God\\u2019s Festivals in Scripture and History: The Spring Festivals<\\\/em> (Berrien Springs: Biblical Perspectives, 1995), 118.\"},{\"id\":\"db73ba8a-4865-44a8-b972-1aaa42806274\",\"content\":\"R. A. Torrey, <em>Difficulties in the Bible<\\\/em> (New York: Revell, 1907), 128.\"},{\"id\":\"5aec109d-aaf8-4e6b-a88a-93568c912d18\",\"content\":\"Jack Finegan, <em>Handbook of Biblical Chronology<\\\/em> (Peabody: Hendrickson, 1998), 347.\"},{\"id\":\"38f1f2f7-c5d9-4e52-a704-8f6a63a230bf\",\"content\":\"Wenham, <em>Easter Enigma<\\\/em>, 101.\"},{\"id\":\"0477e453-e0d2-4fec-aad1-2dcfa94d3b40\",\"content\":\"E. W. Bullinger, <em>The Companion Bible<\\\/em> (London: Oxford University Press, 1909).\"},{\"id\":\"f93d5f9f-99e0-41ea-8585-243a2c6aa0f4\",\"content\":\"Parafraseando la l\\u00ednea argumental representada en Bullinger, <em>Companion Bible<\\\/em>, Ap\\u00e9ndices cronol\\u00f3gicos.\"},{\"id\":\"23d61706-0827-4d22-bb78-6a3ef38a5272\",\"content\":\"W. Graham Scroggie, A Guide to the Gospels (Londres, 1948), pp. 572-573.\"},{\"id\":\"f1db7aa6-78c5-492b-9243-29569829073b\",\"content\":\"Ib\\u00edd., pp. 573-574.\"},{\"id\":\"3911e9a2-a1a5-4b9f-813a-2a8502269c37\",\"content\":\"Samuele Bacchiocchi, <em>God\\u2019s Festivals in Scripture and History: The Spring Festivals<\\\/em> (Berrien Springs: Biblical Perspectives, 1995), 118\\u201323.\"},{\"id\":\"e6ef878d-2175-4542-a4ac-74d6cbd8e72a\",\"content\":\"Cf. Leslie P. Madison, \\u00abProblems of Chronology in the Life of Christ\\u00bb (tesis doctoral in\\u00e9dita, Dallas Theological Seminary, 1963), p. 213.\"},{\"id\":\"bf3c8758-dd03-4f06-9363-9746105665a2\",\"content\":\"Justino M\\u00e1rtir, <em>Apolog\\u00eda I<\\\/em>, 67; Ireneo, <em>Contra las herej\\u00edas<\\\/em> V.23.2; Tertuliano, <em>Adversus Judaeos<\\\/em> 10; Eusebio, <em>Historia Eclesi\\u00e1stica<\\\/em>.\"},{\"id\":\"17e6abfe-de7d-4297-bf8b-64e97881b87c\",\"content\":\"Flavio Josefo, <em>Ant.<\\\/em> 16.6.2.\"},{\"id\":\"c20288cf-0c9d-4b35-805d-eb1aa3dba7d5\",\"content\":\"Jack Finegan, <em>Handbook of Biblical Chronology<\\\/em>, rev. ed. (Peabody: Hendrickson, 1998), 341\\u201347.\"},{\"id\":\"1664e30f-2dfc-4835-b37d-2697f773ef13\",\"content\":\"Raymond E. Brown, <em>The Death of the Messiah<\\\/em>, 2 vols. (New York: Doubleday, 1994), 1336\\u201338.\"},{\"id\":\"d47e22e1-5d52-415d-937e-6871c11971c2\",\"content\":\"Harold W. Hoehner, <em>Chronological Aspects of the Life of Christ<\\\/em> (Grand Rapids: Zondervan, 1974), 65\\u201371; D. A. Carson, <em>Matthew<\\\/em> (Grand Rapids: Eerdmans, 1984), ad loc.\"},{\"id\":\"841efd11-e8b5-4330-839b-2f29e48b57ca\",\"content\":\"Finegan, <em>Handbook<\\\/em>, 345\\u201350; Brown, <em>Death of the Messiah<\\\/em>, 1370\\u201375.\"},{\"id\":\"10252b93-2ec5-4283-ac5d-0ff16173b6aa\",\"content\":\"S\\u00edntesis evaluativa a partir de Finegan, Brown y Hoehner (v\\u00e9anse referencias supra).\"},{\"id\":\"aa325fc3-8dd2-46b8-ad44-19b57d9950e5\",\"content\":\"Hoehner, <em>Chronological Aspects<\\\/em>, 65\\u201371.\"},{\"id\":\"ce21965a-e90d-43c6-b88a-5a1e6707848c\",\"content\":\"Brown, <em>Death of the Messiah<\\\/em>, 1336\\u201338, 1370\\u201375; cf. 1 Co 15:4.\"}]","jetpack_publicize_message":"","jetpack_publicize_feature_enabled":true,"jetpack_social_post_already_shared":false,"jetpack_social_options":{"image_generator_settings":{"template":"highway","default_image_id":0,"font":"","enabled":false},"version":2},"jetpack_post_was_ever_published":false},"categories":[1460447],"tags":[15664315,13601813,717691347,785088346,4438961,4061296,316629,4256794,6449329,12040749,224801437,134887,504998,206064706],"class_list":["post-55796","post","type-post","status-publish","format-standard","has-post-thumbnail","hentry","category-articulos-varios","tag-calendario-judio","tag-crucifixion-de-cristo","tag-dia-de-la-crucifixion","tag-dia-de-la-muerte-de-jesus","tag-evangelio-de-juan","tag-evangelios-sinopticos","tag-exegesis-biblica","tag-historia-del-cristianismo","tag-pascua-judia","tag-resurreccion-de-jesus","tag-senal-de-jonas","tag-semana-santa","tag-teologia-biblica","tag-tres-dias-y-tres-noches"],"blocksy_meta":{"styles_descriptor":{"styles":{"desktop":"","tablet":"","mobile":""},"google_fonts":[],"version":7}},"jetpack_publicize_connections":[],"jetpack_likes_enabled":true,"jetpack_sharing_enabled":true,"jetpack_shortlink":"https:\/\/wp.me\/p5HWJ5-evW","jetpack-related-posts":[{"id":55714,"url":"https:\/\/atravesdelasescrituras.com\/es_es\/2025\/10\/27\/el-dia-de-la-ultima-cena-analisis-historico-exegetico-y-teologico-de-la-cronologia-pascual-en-los-evangelios\/","url_meta":{"origin":55796,"position":0},"title":"\u201cEl D\u00eda de la \u00daltima Cena: An\u00e1lisis hist\u00f3rico, exeg\u00e9tico y teol\u00f3gico de la cronolog\u00eda pascual en los Evangelios\u201d","author":"Daniel L\u00f3pez","date":"27 Oct 2025","format":false,"excerpt":"Entre los episodios m\u00e1s enigm\u00e1ticos de la Pasi\u00f3n de Cristo, ninguno ha suscitado tantas discusiones acad\u00e9micas como la fecha exacta en que Jes\u00fas celebr\u00f3 su \u00daltima Cena. A primera vista, la divergencia entre los Evangelios parece insalvable: mientras los Evangelios sin\u00f3pticos (Mateo, Marcos y Lucas) presentan la cena como una\u2026","rel":"","context":"En \u00abArt\u00edculos varios\u00bb","block_context":{"text":"Art\u00edculos varios","link":"https:\/\/atravesdelasescrituras.com\/es_es\/category\/articulos-varios\/"},"img":{"alt_text":"","src":"https:\/\/i0.wp.com\/atravesdelasescrituras.com\/wp-content\/uploads\/2025\/10\/la-ultima-cena-de-jesus.jpg?fit=1200%2C675&ssl=1&resize=350%2C200","width":350,"height":200,"srcset":"https:\/\/i0.wp.com\/atravesdelasescrituras.com\/wp-content\/uploads\/2025\/10\/la-ultima-cena-de-jesus.jpg?fit=1200%2C675&ssl=1&resize=350%2C200 1x, https:\/\/i0.wp.com\/atravesdelasescrituras.com\/wp-content\/uploads\/2025\/10\/la-ultima-cena-de-jesus.jpg?fit=1200%2C675&ssl=1&resize=525%2C300 1.5x, https:\/\/i0.wp.com\/atravesdelasescrituras.com\/wp-content\/uploads\/2025\/10\/la-ultima-cena-de-jesus.jpg?fit=1200%2C675&ssl=1&resize=700%2C400 2x, https:\/\/i0.wp.com\/atravesdelasescrituras.com\/wp-content\/uploads\/2025\/10\/la-ultima-cena-de-jesus.jpg?fit=1200%2C675&ssl=1&resize=1050%2C600 3x"},"classes":[]},{"id":56361,"url":"https:\/\/atravesdelasescrituras.com\/es_es\/2025\/12\/25\/la-crucifixion-de-jesus-un-estudio-teologico-e-historico\/","url_meta":{"origin":55796,"position":1},"title":"La Crucifixi\u00f3n de Jes\u00fas: Un Estudio Teol\u00f3gico e Hist\u00f3rico","author":"Daniel L\u00f3pez","date":"25 Dic 2025","format":false,"excerpt":"Este art\u00edculo ofrece un an\u00e1lisis exhaustivo del relato de la crucifixi\u00f3n de Jes\u00fas en los cuatro evangelios, con especial atenci\u00f3n a la secci\u00f3n posterior a la sentencia romana. A trav\u00e9s de un enfoque interdisciplinar \u2014hist\u00f3rico, exeg\u00e9tico, teol\u00f3gico y sociocultural\u2014 se muestra que la cruz no es un simple preludio de\u2026","rel":"","context":"En \u00abEstudios B\u00edblicos\u00bb","block_context":{"text":"Estudios B\u00edblicos","link":"https:\/\/atravesdelasescrituras.com\/es_es\/category\/estudios-biblicos\/"},"img":{"alt_text":"","src":"https:\/\/i0.wp.com\/atravesdelasescrituras.com\/wp-content\/uploads\/2025\/12\/la-crucifixion-de-jesus-1.jpg?fit=1200%2C675&ssl=1&resize=350%2C200","width":350,"height":200,"srcset":"https:\/\/i0.wp.com\/atravesdelasescrituras.com\/wp-content\/uploads\/2025\/12\/la-crucifixion-de-jesus-1.jpg?fit=1200%2C675&ssl=1&resize=350%2C200 1x, https:\/\/i0.wp.com\/atravesdelasescrituras.com\/wp-content\/uploads\/2025\/12\/la-crucifixion-de-jesus-1.jpg?fit=1200%2C675&ssl=1&resize=525%2C300 1.5x, https:\/\/i0.wp.com\/atravesdelasescrituras.com\/wp-content\/uploads\/2025\/12\/la-crucifixion-de-jesus-1.jpg?fit=1200%2C675&ssl=1&resize=700%2C400 2x, https:\/\/i0.wp.com\/atravesdelasescrituras.com\/wp-content\/uploads\/2025\/12\/la-crucifixion-de-jesus-1.jpg?fit=1200%2C675&ssl=1&resize=1050%2C600 3x"},"classes":[]},{"id":52949,"url":"https:\/\/atravesdelasescrituras.com\/es_es\/2025\/04\/04\/la-pascua-el-segundo-exodo-y-el-regreso-de-yeshua\/","url_meta":{"origin":55796,"position":2},"title":"La Pascua, el segundo \u00c9xodo y el regreso de Yeshua","author":"Daniel L\u00f3pez","date":"4 Abr 2025","format":false,"excerpt":"Muchos Cristianos y Jud\u00edos mesi\u00e1nicos est\u00e1n familiarizados con los elementos de la historia de la Pascua que Yeshua ya cumpli\u00f3. Y sin duda, la correspondencia entre el ministerio de Yeshua en el siglo I y la Pascua es profunda y hermosa. Yeshua es el cordero pascualYeshua es el pan sin\u2026","rel":"","context":"En \u00abEstudios Varios\u00bb","block_context":{"text":"Estudios Varios","link":"https:\/\/atravesdelasescrituras.com\/es_es\/category\/estudios-varios\/"},"img":{"alt_text":"","src":"https:\/\/i0.wp.com\/atravesdelasescrituras.com\/wp-content\/uploads\/2025\/04\/la-pascua-el-segundo-exodo-y-el-regreso-de-jesus.jpg?fit=1200%2C675&ssl=1&resize=350%2C200","width":350,"height":200,"srcset":"https:\/\/i0.wp.com\/atravesdelasescrituras.com\/wp-content\/uploads\/2025\/04\/la-pascua-el-segundo-exodo-y-el-regreso-de-jesus.jpg?fit=1200%2C675&ssl=1&resize=350%2C200 1x, https:\/\/i0.wp.com\/atravesdelasescrituras.com\/wp-content\/uploads\/2025\/04\/la-pascua-el-segundo-exodo-y-el-regreso-de-jesus.jpg?fit=1200%2C675&ssl=1&resize=525%2C300 1.5x, https:\/\/i0.wp.com\/atravesdelasescrituras.com\/wp-content\/uploads\/2025\/04\/la-pascua-el-segundo-exodo-y-el-regreso-de-jesus.jpg?fit=1200%2C675&ssl=1&resize=700%2C400 2x, https:\/\/i0.wp.com\/atravesdelasescrituras.com\/wp-content\/uploads\/2025\/04\/la-pascua-el-segundo-exodo-y-el-regreso-de-jesus.jpg?fit=1200%2C675&ssl=1&resize=1050%2C600 3x"},"classes":[]},{"id":17668,"url":"https:\/\/atravesdelasescrituras.com\/es_es\/2016\/09\/07\/por-que-jesus-murio-en-la-cruz-a-la-hora-novena\/","url_meta":{"origin":55796,"position":3},"title":"\u00bfPor qu\u00e9 Jes\u00fas muri\u00f3 en la cruz a la hora novena?","author":"Daniel L\u00f3pez","date":"7 Sep 2016","format":"gallery","excerpt":"Cualquier detalle en la Biblia, y en especial en la semana de la crucifixi\u00f3n y resurrecci\u00f3n de Jes\u00fas, son de gran importancia. No est\u00e1n ah\u00ed por casualidad ni por llenar un relato. Uno de esos detalles es la hora en que muri\u00f3 Jes\u00fas en la cruz. El relato b\u00edblico nos\u2026","rel":"","context":"En \u00abCuriosidades de la Escritura\u00bb","block_context":{"text":"Curiosidades de la Escritura","link":"https:\/\/atravesdelasescrituras.com\/es_es\/category\/curiosidades-de-la-escritura\/"},"img":{"alt_text":"","src":"https:\/\/i0.wp.com\/atravesdelasescrituras.com\/wp-content\/uploads\/2016\/09\/578273_922316634521022_2909979035927672556_n.jpg?resize=350%2C200&ssl=1","width":350,"height":200},"classes":[]},{"id":8143,"url":"https:\/\/atravesdelasescrituras.com\/es_es\/2016\/06\/20\/testimonios-no-cristianos-de-la-existencia-de-jesus-de-nazaret\/","url_meta":{"origin":55796,"position":4},"title":"Testimonios no cristianos de la existencia de Jes\u00fas de Nazaret","author":"Daniel L\u00f3pez","date":"20 Jun 2016","format":"gallery","excerpt":"No fue considerado significativo para los historiadores de su tiempo aunque Flavio Josefo y T\u00e1cito se refieren a Cristo en sus escritos \u00bfPadeci\u00f3 bajo el poder de Poncio Pilato? De la existencia de Jes\u00fas de Nazareth no duda ning\u00fan historiador serio. Para el historiador especializado en culturas antiguas\u00a0Michael Grant, ya\u2026","rel":"","context":"En \u00abArt\u00edculos varios\u00bb","block_context":{"text":"Art\u00edculos varios","link":"https:\/\/atravesdelasescrituras.com\/es_es\/category\/articulos-varios\/"},"img":{"alt_text":"","src":"https:\/\/i0.wp.com\/atravesdelasescrituras.com\/wp-content\/uploads\/2016\/06\/evidencias-de-la-existencia-de-jesus-6_0.jpg?resize=350%2C200&ssl=1","width":350,"height":200,"srcset":"https:\/\/i0.wp.com\/atravesdelasescrituras.com\/wp-content\/uploads\/2016\/06\/evidencias-de-la-existencia-de-jesus-6_0.jpg?resize=350%2C200&ssl=1 1x, https:\/\/i0.wp.com\/atravesdelasescrituras.com\/wp-content\/uploads\/2016\/06\/evidencias-de-la-existencia-de-jesus-6_0.jpg?resize=525%2C300&ssl=1 1.5x"},"classes":[]},{"id":43841,"url":"https:\/\/atravesdelasescrituras.com\/es_es\/2023\/04\/16\/criterios-de-historicidad-en-los-evangelios\/","url_meta":{"origin":55796,"position":5},"title":"Criterios de historicidad en los evangelios","author":"Daniel L\u00f3pez","date":"16 Abr 2023","format":false,"excerpt":"Hoy en d\u00eda la llamada \u201cB\u00fasqueda del Jes\u00fas Hist\u00f3rico\u201d se ha convertido en un tema de gran inter\u00e9s tanto para acad\u00e9micos como para el p\u00fablico en general. Sin embargo, pese a la popularidad del tema, la metodolog\u00eda y razonamiento empleado por los expertos en la materia son a menudo poco\u2026","rel":"","context":"En \u00abArt\u00edculos varios\u00bb","block_context":{"text":"Art\u00edculos varios","link":"https:\/\/atravesdelasescrituras.com\/es_es\/category\/articulos-varios\/"},"img":{"alt_text":"","src":"https:\/\/i0.wp.com\/atravesdelasescrituras.com\/wp-content\/uploads\/2023\/04\/criterios-de-historicidad-en-los-evangelios.jpg?fit=1200%2C646&ssl=1&resize=350%2C200","width":350,"height":200,"srcset":"https:\/\/i0.wp.com\/atravesdelasescrituras.com\/wp-content\/uploads\/2023\/04\/criterios-de-historicidad-en-los-evangelios.jpg?fit=1200%2C646&ssl=1&resize=350%2C200 1x, https:\/\/i0.wp.com\/atravesdelasescrituras.com\/wp-content\/uploads\/2023\/04\/criterios-de-historicidad-en-los-evangelios.jpg?fit=1200%2C646&ssl=1&resize=525%2C300 1.5x, https:\/\/i0.wp.com\/atravesdelasescrituras.com\/wp-content\/uploads\/2023\/04\/criterios-de-historicidad-en-los-evangelios.jpg?fit=1200%2C646&ssl=1&resize=700%2C400 2x, https:\/\/i0.wp.com\/atravesdelasescrituras.com\/wp-content\/uploads\/2023\/04\/criterios-de-historicidad-en-los-evangelios.jpg?fit=1200%2C646&ssl=1&resize=1050%2C600 3x"},"classes":[]}],"brizy_media":[],"jetpack_featured_media_url":"https:\/\/atravesdelasescrituras.com\/wp-content\/uploads\/2025\/10\/el-dia-de-la-muerte-de-cristo.jpg","_links":{"self":[{"href":"https:\/\/atravesdelasescrituras.com\/es_es\/wp-json\/wp\/v2\/posts\/55796","targetHints":{"allow":["GET"]}}],"collection":[{"href":"https:\/\/atravesdelasescrituras.com\/es_es\/wp-json\/wp\/v2\/posts"}],"about":[{"href":"https:\/\/atravesdelasescrituras.com\/es_es\/wp-json\/wp\/v2\/types\/post"}],"author":[{"embeddable":true,"href":"https:\/\/atravesdelasescrituras.com\/es_es\/wp-json\/wp\/v2\/users\/80235555"}],"replies":[{"embeddable":true,"href":"https:\/\/atravesdelasescrituras.com\/es_es\/wp-json\/wp\/v2\/comments?post=55796"}],"version-history":[{"count":25,"href":"https:\/\/atravesdelasescrituras.com\/es_es\/wp-json\/wp\/v2\/posts\/55796\/revisions"}],"predecessor-version":[{"id":55849,"href":"https:\/\/atravesdelasescrituras.com\/es_es\/wp-json\/wp\/v2\/posts\/55796\/revisions\/55849"}],"wp:featuredmedia":[{"embeddable":true,"href":"https:\/\/atravesdelasescrituras.com\/es_es\/wp-json\/wp\/v2\/media\/55826"}],"wp:attachment":[{"href":"https:\/\/atravesdelasescrituras.com\/es_es\/wp-json\/wp\/v2\/media?parent=55796"}],"wp:term":[{"taxonomy":"category","embeddable":true,"href":"https:\/\/atravesdelasescrituras.com\/es_es\/wp-json\/wp\/v2\/categories?post=55796"},{"taxonomy":"post_tag","embeddable":true,"href":"https:\/\/atravesdelasescrituras.com\/es_es\/wp-json\/wp\/v2\/tags?post=55796"}],"curies":[{"name":"wp","href":"https:\/\/api.w.org\/{rel}","templated":true}]}}