{"id":57016,"date":"2026-08-10T21:07:09","date_gmt":"2026-08-10T19:07:09","guid":{"rendered":"https:\/\/atravesdelasescrituras.com\/?p=57016"},"modified":"2026-08-10T21:54:29","modified_gmt":"2026-08-10T19:54:29","slug":"el-angel-del-senor-mensajero-divino-teofania-o-cristo-preencarnado","status":"publish","type":"post","link":"https:\/\/atravesdelasescrituras.com\/es_es\/2026\/08\/10\/el-angel-del-senor-mensajero-divino-teofania-o-cristo-preencarnado\/","title":{"rendered":"El \u00e1ngel del Se\u00f1or: \u00bfmensajero divino, teofan\u00eda o Cristo preencarnado?"},"content":{"rendered":"\n<p class=\"wp-block-paragraph\">La figura del <strong>\u00c1ngel del Se\u00f1or<\/strong> (hebreo: <em>mal\u2019akh YHWH<\/em>, \u05de\u05dc\u05d0\u05da \u05d9\u05d4\u05d5\u05d4) constituye uno de los temas m\u00e1s fascinantes y debatidos de la teolog\u00eda b\u00edblica. A lo largo del Antiguo Testamento aparece una misteriosa figura que es llamada \u00ab\u00e1ngel\u00bb, pero que en numerosas ocasiones habla como Dios, recibe adoraci\u00f3n, perdona o retiene pecado, ejerce prerrogativas divinas y es identificada expl\u00edcitamente con Yahv\u00e9 mismo.<\/p>\n\n\n\n<p class=\"wp-block-paragraph\">La pregunta fundamental que ha acompa\u00f1ado a int\u00e9rpretes jud\u00edos y cristianos durante siglos es la siguiente: <strong>\u00bfQui\u00e9n es realmente el \u00c1ngel del Se\u00f1or?<\/strong><\/p>\n\n\n\n<p class=\"wp-block-paragraph\">Las respuestas hist\u00f3ricas han variado:<\/p>\n\n\n\n<ul class=\"wp-block-list\">\n<li>Algunos lo consideran un \u00e1ngel creado que act\u00faa como representante divino.<\/li>\n\n\n\n<li>Otros lo interpretan como una manifestaci\u00f3n visible de Dios mismo.<\/li>\n\n\n\n<li>La tradici\u00f3n cristiana cl\u00e1sica frecuentemente lo identific\u00f3 con el Logos preencarnado, es decir, Cristo antes de su encarnaci\u00f3n.<\/li>\n\n\n\n<li>Investigadores modernos han propuesto explicaciones relacionadas con las concepciones israelitas del \u00abagente divino principal\u00bb (<em>principal agent theory<\/em>), las teofan\u00edas y las complejas formas de monote\u00edsmo del antiguo Israel.<\/li>\n<\/ul>\n\n\n\n<p class=\"wp-block-paragraph\">Esta tensi\u00f3n ha generado, a lo largo de la historia de la interpretaci\u00f3n, un conjunto de modelos explicativos que van desde una lectura estrictamente funcional (\u00e1ngel como agente representativo) hasta interpretaciones teof\u00e1nicas o cristof\u00e1nicas.<\/p>\n\n\n\n<p class=\"wp-block-paragraph\">En la tradici\u00f3n patr\u00edstica, autores como <strong>Justino M\u00e1rtir<\/strong> o <strong>Ireneo de Lyon<\/strong> vieron en estas apariciones una manifestaci\u00f3n del Logos preencarnado. En la teolog\u00eda medieval, esta lectura se mantuvo con matices, mientras que la Reforma protestante la reafirm\u00f3 en numerosos casos. En la ex\u00e9gesis moderna, sin embargo, el debate se ha complejizado mediante el desarrollo de la cr\u00edtica hist\u00f3rico-literaria, la comparaci\u00f3n con religiones del antiguo Cercano Oriente y la recuperaci\u00f3n del monote\u00edsmo \u201ccomplejo\u201d del Israel b\u00edblico.<\/p>\n\n\n\n<p class=\"wp-block-paragraph\">Autores contempor\u00e1neos como <strong>Michael S. Heiser<\/strong>, <strong>Benjamin D. Sommer<\/strong>, o <strong>Maxwell J. Davidson<\/strong> han reabierto el debate desde perspectivas que integran filolog\u00eda sem\u00edtica, estudios del Segundo Templo y teolog\u00eda b\u00edblica. Paralelamente, te\u00f3logos sistem\u00e1ticos como <strong>Millard Erickson<\/strong>, <strong>Wayne Grudem<\/strong> o <strong>Stanley Grenz<\/strong> han intentado articular una s\u00edntesis dentro del marco trinitario cristiano.<\/p>\n\n\n\n<p class=\"wp-block-paragraph\">Este estudio no busca resolver de manera simplista una cuesti\u00f3n milenaria, sino analizar rigurosamente:<\/p>\n\n\n\n<ol class=\"wp-block-list\">\n<li>Los datos textuales del Antiguo Testamento.<\/li>\n\n\n\n<li>El trasfondo hist\u00f3rico-religioso del concepto de mensajer\u00eda divina.<\/li>\n\n\n\n<li>La evoluci\u00f3n interpretativa en el juda\u00edsmo y el cristianismo.<\/li>\n\n\n\n<li>Las principales propuestas acad\u00e9micas contempor\u00e1neas.<\/li>\n<\/ol>\n\n\n\n<h1 id=\"el-concepto-de-angel-en-el-antiguo-oriente-proximo\" class=\"wp-block-heading\">El concepto de \u00ab\u00c1ngel\u00bb en el Antiguo Oriente pr\u00f3ximo<\/h1>\n\n\n\n<p class=\"wp-block-paragraph\">Uno de los errores m\u00e1s comunes en la lectura moderna de la Biblia es proyectar sobre la palabra \u201c\u00e1ngel\u201d un contenido posterior influido por la angelolog\u00eda medieval, la Imaginer\u00eda cristiana popular, Jerarqu\u00edas celestiales sistematizadas (pseudo-Dionisio Areopagita) o Iconograf\u00eda moderna.<\/p>\n\n\n\n<p class=\"wp-block-paragraph\">Sin embargo, en el texto hebreo b\u00edblico el t\u00e9rmino b\u00e1sico es: \u05de\u05dc\u05d0\u05da (<em>mal\u2019akh<\/em>) = \u201cmensajero \/ enviado\u201d. Esto implica que: No es un t\u00e9rmino ontol\u00f3gico (no define \u201cqu\u00e9 es\u201d), sino funcional (define \u201cqu\u00e9 hace\u201d).<\/p>\n\n\n\n<p class=\"wp-block-paragraph\">Este punto es crucial porque, como ha se\u00f1alado <strong>John Walton<\/strong>:<\/p>\n\n\n\n<blockquote class=\"wp-block-quote is-layout-flow wp-block-quote-is-layout-flow\">\n<p class=\"wp-block-paragraph\">\u00abEn el Antiguo Oriente Pr\u00f3ximo, la ontolog\u00eda se define en funci\u00f3n de su uso y no de su composici\u00f3n material\u00bb.<sup data-fn=\"0cab2de2-5a7f-4c7b-a644-809b0205efb8\" class=\"fn\"><a href=\"#0cab2de2-5a7f-4c7b-a644-809b0205efb8\" id=\"0cab2de2-5a7f-4c7b-a644-809b0205efb8-link\">1<\/a><\/sup><\/p>\n<\/blockquote>\n\n\n\n<p class=\"wp-block-paragraph\">En el antiguo Cercano Oriente, el concepto de mensajero divino es ampliamente atestiguado, pero con diferencias importantes respecto al modelo b\u00edblico.<\/p>\n\n\n\n<p class=\"wp-block-paragraph\">Por ejemplo, en la literatura mesopot\u00e1mica (sumeria y acadia), los dioses principales \u2014como <strong>Anu, Enlil, Enki o Ishtar<\/strong><sup data-fn=\"c1366a12-d323-47ce-929f-998422d94084\" class=\"fn\"><a href=\"#c1366a12-d323-47ce-929f-998422d94084\" id=\"c1366a12-d323-47ce-929f-998422d94084-link\">2<\/a><\/sup>\u2014 se comunican mediante emisarios divinos.<\/p>\n\n\n\n<p class=\"wp-block-paragraph\">Estos mensajeros suelen describirse con t\u00e9rminos como:<\/p>\n\n\n\n<ul class=\"wp-block-list\">\n<li><strong>M\u0101r \u0161ipri<\/strong> (\u201chijo del mensaje\u201d \/ emisario).<\/li>\n\n\n\n<li>o designaciones funcionales similares.<\/li>\n<\/ul>\n\n\n\n<p class=\"wp-block-paragraph\">El mensajero mesopot\u00e1mico tiene tres funciones principales: <\/p>\n\n\n\n<ol class=\"wp-block-list\">\n<li><strong>Transmitir decretos divinos<\/strong>: Comunica decisiones ya tomadas en el consejo divino.<\/li>\n\n\n\n<li><strong>Ejecutar \u00f3rdenes<\/strong>: Act\u00faa como agente operativo (castigos, anuncios, advertencias).<\/li>\n\n\n\n<li><strong>Garantizar distancia entre dios y mundo humano<\/strong>: Protege la trascendencia del dios principal.<\/li>\n<\/ol>\n\n\n\n<p class=\"wp-block-paragraph\">En los himnos mesopot\u00e1micos, el mensajero puede ser glorioso, pero nunca se confunde con la deidad.<\/p>\n\n\n\n<figure class=\"wp-block-image aligncenter size-large is-resized\"><a href=\"https:\/\/i0.wp.com\/atravesdelasescrituras.com\/wp-content\/uploads\/2026\/06\/imagen-3.png?ssl=1\"><img data-recalc-dims=\"1\" fetchpriority=\"high\" decoding=\"async\" width=\"850\" height=\"456\" data-attachment-id=\"57037\" data-permalink=\"https:\/\/atravesdelasescrituras.com\/es_es\/2026\/08\/10\/el-angel-del-senor-mensajero-divino-teofania-o-cristo-preencarnado\/imagen-181\/\" data-orig-file=\"https:\/\/atravesdelasescrituras.com\/wp-content\/uploads\/2026\/06\/imagen-3.png\" data-orig-size=\"850,456\" data-comments-opened=\"1\" data-image-meta=\"{&quot;aperture&quot;:&quot;0&quot;,&quot;credit&quot;:&quot;&quot;,&quot;camera&quot;:&quot;&quot;,&quot;caption&quot;:&quot;&quot;,&quot;created_timestamp&quot;:&quot;0&quot;,&quot;copyright&quot;:&quot;&quot;,&quot;focal_length&quot;:&quot;0&quot;,&quot;iso&quot;:&quot;0&quot;,&quot;shutter_speed&quot;:&quot;0&quot;,&quot;title&quot;:&quot;&quot;,&quot;orientation&quot;:&quot;0&quot;,&quot;alt&quot;:&quot;&quot;}\" data-image-title=\"imagen\" data-image-description=\"\" data-image-caption=\"\" data-large-file=\"https:\/\/atravesdelasescrituras.com\/wp-content\/uploads\/2026\/06\/imagen-3.png\" src=\"https:\/\/i0.wp.com\/atravesdelasescrituras.com\/wp-content\/uploads\/2026\/06\/imagen-3.png?resize=850%2C456&#038;ssl=1\" alt=\"\" class=\"wp-image-57037\" style=\"aspect-ratio:1.8640395327565895;width:480px;height:auto\"\/><\/a><\/figure>\n\n\n\n<p class=\"wp-block-paragraph\">Si nos vamos a los textos ugar\u00edticos (Ras Shamra) especialmente en los ciclos de <strong>Baal<\/strong><sup data-fn=\"9dff61b7-25f8-437c-b45a-7343a9a71724\" class=\"fn\"><a href=\"#9dff61b7-25f8-437c-b45a-7343a9a71724\" id=\"9dff61b7-25f8-437c-b45a-7343a9a71724-link\">3<\/a><\/sup> (siglo XIV\u2013XIII a.C.) encontramos una estructura m\u00e1s cercana al mundo b\u00edblico. Por ejemplo:<\/p>\n\n\n\n<figure class=\"wp-block-image alignright size-large is-resized\"><a href=\"https:\/\/i0.wp.com\/atravesdelasescrituras.com\/wp-content\/uploads\/2026\/06\/imagen-1.png?ssl=1\"><img data-recalc-dims=\"1\" decoding=\"async\" width=\"1500\" height=\"1449\" data-attachment-id=\"57033\" data-permalink=\"https:\/\/atravesdelasescrituras.com\/es_es\/2026\/08\/10\/el-angel-del-senor-mensajero-divino-teofania-o-cristo-preencarnado\/imagen-179\/\" data-orig-file=\"https:\/\/atravesdelasescrituras.com\/wp-content\/uploads\/2026\/06\/imagen-1.png\" data-orig-size=\"1500,1449\" data-comments-opened=\"1\" data-image-meta=\"{&quot;aperture&quot;:&quot;0&quot;,&quot;credit&quot;:&quot;&quot;,&quot;camera&quot;:&quot;&quot;,&quot;caption&quot;:&quot;&quot;,&quot;created_timestamp&quot;:&quot;0&quot;,&quot;copyright&quot;:&quot;&quot;,&quot;focal_length&quot;:&quot;0&quot;,&quot;iso&quot;:&quot;0&quot;,&quot;shutter_speed&quot;:&quot;0&quot;,&quot;title&quot;:&quot;&quot;,&quot;orientation&quot;:&quot;0&quot;,&quot;alt&quot;:&quot;&quot;}\" data-image-title=\"imagen\" data-image-description=\"\" data-image-caption=\"\" data-large-file=\"https:\/\/atravesdelasescrituras.com\/wp-content\/uploads\/2026\/06\/imagen-1.png\" src=\"https:\/\/i0.wp.com\/atravesdelasescrituras.com\/wp-content\/uploads\/2026\/06\/imagen-1.png?resize=1500%2C1449&#038;ssl=1\" alt=\"\" class=\"wp-image-57033\" style=\"aspect-ratio:1.035202431283222;width:248px;height:auto\"\/><\/a><figcaption class=\"wp-element-caption\">Tablillas de arcilla grabadas con escritura cuneiforme que conservan el poema ugar\u00edtico conocido como el \u00abCiclo de Baal\u00bb, una historia protagonizada por dioses de la religi\u00f3n cananeo-fenicia. El Ciclo de Baal narra el conflicto entre el dios del mar Yamm y el dios de la fertilidad Baal, la derrota del primero y la supremac\u00eda de Baal sobre el caos y la muerte. Las tablillas que contienen el Ciclo de Baal fueron desenterradas durante las excavaciones de Ugarit (en la actual Siria) tras el descubrimiento de la antigua ciudad en el a\u00f1o 1928 d. C. Estas tablillas datan aproximadamente del a\u00f1o 1500 a. C., pero se cree que constituyen un registro escrito de una historia mucho m\u00e1s antigua transmitida oralmente de generaci\u00f3n en generaci\u00f3n.<\/figcaption><\/figure>\n\n\n\n<p class=\"wp-block-paragraph\">Los dioses env\u00edan mensajeros (<em>ml\u2019ak<\/em> cognado del hebreo), estos mensajeros pueden hablar en nombre del dios sin repetir literalmente el mensaje. Pero incluso aqu\u00ed&#8212; Baal sigue siendo claramente distinto de su mensajero, el mensajero no recibe culto, no hay identificaci\u00f3n ontol\u00f3gica entre ambos.<\/p>\n\n\n\n<p class=\"wp-block-paragraph\">En el contexto egipcio la divinidad no se entiende principalmente como una persona distante que env\u00eda mensajeros, sino como una <strong>presencia que puede manifestarse en m\u00faltiples formas simult\u00e1neas<\/strong>.<\/p>\n\n\n\n<p class=\"wp-block-paragraph\">Esto significa que:<\/p>\n\n\n\n<ul class=\"wp-block-list\">\n<li>Los dioses pueden aparecer en sue\u00f1os, animales, fen\u00f3menos naturales o estatuas rituales.<\/li>\n\n\n\n<li>La frontera entre \u201cdios\u201d y \u201cmanifestaci\u00f3n del dios\u201d es m\u00e1s fluida que en otros sistemas del antiguo Oriente Pr\u00f3ximo.<\/li>\n\n\n\n<li>La comunicaci\u00f3n divina no depende tanto de mensajeros personales como de <strong>modos de presencia sagrada<\/strong>.<\/li>\n<\/ul>\n\n\n\n<p class=\"wp-block-paragraph\">En t\u00e9rminos generales, Egipto opera m\u00e1s con una teolog\u00eda de la <strong>manifestaci\u00f3n<\/strong> que de la <strong>delegaci\u00f3n<\/strong>.<\/p>\n\n\n\n<p class=\"wp-block-paragraph\">Los dioses egipcios pod\u00edan manifestarse de diversas maneras:<\/p>\n\n\n\n<ol class=\"wp-block-list\">\n<li><strong>Forma visible directa<\/strong> (Un dios pod\u00eda aparecer en forma antropom\u00f3rfica o h\u00edbrida (humano-animal). por ejemplo: Ra como sol visible. Horus como halc\u00f3n. Anubis como chacal)<\/li>\n\n\n\n<li><strong>Manifestaci\u00f3n simb\u00f3lica o natural<\/strong> (Los dioses tambi\u00e9n se manifestaban a trav\u00e9s de: el sol (Ra), el Nilo en crecida, tormentas o fen\u00f3menos c\u00f3smicos).<\/li>\n\n\n\n<li><strong>Manifestaci\u00f3n cultual<\/strong> (estatuas y templos) Uno de los aspectos m\u00e1s importantes de la religi\u00f3n egipcia es el concepto de <strong>presencia ritual en la imagen sagrada<\/strong>: las estatuas en los templos no son meros s\u00edmbolos, se consideran \u201ccuerpos habitados\u201d del dios tras rituales de apertura de la boca (<em>wp-r<\/em>).<br>Esto implica que: la mediaci\u00f3n no es un \u201cmensajero\u201d, sino un objeto o espacio donde el dios est\u00e1 presente.<\/li>\n<\/ol>\n\n\n\n<h2 id=\"diferencia-estructural-del-modelo-biblico\" class=\"wp-block-heading\">Diferencia estructural del modelo b\u00edblico<\/h2>\n\n\n\n<p class=\"wp-block-paragraph\">La singularidad del \u201c\u00c1ngel de Yahv\u00e9\u201d no se puede entender correctamente si se lo trata simplemente como una categor\u00eda m\u00e1s dentro del mundo de los seres celestiales del antiguo Oriente Pr\u00f3ximo. El problema no es \u00fanicamente identificar \u201cqu\u00e9 es\u201d, sino comprender <strong>c\u00f3mo funciona dentro de la estructura narrativa del texto b\u00edblico<\/strong>.<\/p>\n\n\n\n<p class=\"wp-block-paragraph\">En los sistemas religiosos del entorno antiguo, la estructura es relativamente estable: los dioses son entidades claramente identificables y los mensajeros funcionan como intermediarios subordinados. Incluso cuando un mensajero habla con autoridad, el sistema mantiene una separaci\u00f3n clara entre el que env\u00eda y el enviado. Este principio es coherente con lo que citamos anteriormente descrito por John H. Walton, una mentalidad del antiguo Oriente Pr\u00f3ximo donde la realidad se expresa m\u00e1s en t\u00e9rminos funcionales que ontol\u00f3gicos, ya que, como citamos anteriormente el afirma, \u201cLa ontolog\u00eda se define por su funci\u00f3n y no por su composici\u00f3n material.\u201d (<em>The Lost World of Genesis One<\/em>, p. 26). Sin embargo, incluso dentro de esa l\u00f3gica funcional, la distinci\u00f3n entre dios y mensajero normalmente no se borra.<\/p>\n\n\n\n<p class=\"wp-block-paragraph\">En el Antiguo Testamento, en cambio, aparecen textos donde esa separaci\u00f3n comienza a volverse inestable. El \u201c\u00c1ngel de Yahv\u00e9\u201d no solo transmite mensajes, sino que en varios relatos habla en primera persona como Yahv\u00e9 mismo, realiza acciones que pertenecen exclusivamente a Dios y recibe respuestas humanas que solo tendr\u00edan sentido si se est\u00e1 ante la presencia divina directa. El narrador, adem\u00e1s, no detiene la escena para explicar la relaci\u00f3n entre ambas identidades.<\/p>\n\n\n\n<p class=\"wp-block-paragraph\">Este fen\u00f3meno ha sido reconocido por varios estudiosos contempor\u00e1neos. Michael S. Heiser lo expresa de forma general al afirmar que el pensamiento israelita no operaba con un monote\u00edsmo filos\u00f3fico posterior, sino con un \u201cmonote\u00edsmo de identidad\u201d donde \u201cSolo Yahv\u00e9 era el Dios de Israel, pero exist\u00edan otros seres divinos bajo su autoridad\u201d (<em>The Unseen Realm<\/em>, 2015). Aunque Heiser no est\u00e1 hablando exclusivamente del \u00c1ngel de Yahv\u00e9 en esa frase, su modelo implica que la identidad divina en el Antiguo Testamento puede manifestarse de formas diferenciadas sin romper la unicidad de Yahv\u00e9.<\/p>\n\n\n\n<p class=\"wp-block-paragraph\">Ahora bien, cuando se observan los relatos del \u00c1ngel de Yahv\u00e9, lo que aparece no es simplemente un mensajero que representa a Dios, sino una figura que oscila narrativamente entre dos niveles. Por un lado, el texto lo introduce como \u201c\u00c1ngel de Yahv\u00e9\u201d, lo que sugiere una figura enviada. Pero por otro lado, ese mismo personaje habla como Dios en primera persona: \u201cyo multiplicar\u00e9 tu descendencia\u201d (<a href=\"https:\/\/biblia.com\/bible\/rvr60\/Ge16.10\">Gn 16:10<\/a>) o \u201cyo soy el Dios de tu padre\u201d (<a href=\"https:\/\/biblia.com\/bible\/rvr60\/Ex3.6\">Ex 3:6<\/a>). Esta alternancia no se explica dentro del relato.<\/p>\n\n\n\n<p class=\"wp-block-paragraph\">Un ejemplo representativo es G\u00e9nesis 16. All\u00ed, el \u00c1ngel de Yahv\u00e9 se aparece a Agar en el desierto, pero su discurso no es el de un simple intermediario. Habla con autoridad divina directa, prometiendo acciones que en el resto del Antiguo Testamento son prerrogativa exclusiva de Yahv\u00e9. Al final del episodio, Agar responde diciendo: \u201cHe visto al que me ve\u201d (<a href=\"https:\/\/biblia.com\/bible\/rvr60\/Ge16.13\">Gn 16:13<\/a>), lo cual, como se\u00f1ala la tradici\u00f3n exeg\u00e9tica, no describe una experiencia con un mensajero ordinario, sino con una presencia divina. <strong>El texto, sin embargo, no aclara si se trata de un \u00e1ngel que habla en nombre de Dios o de una manifestaci\u00f3n directa de Dios mismo.<\/strong><\/p>\n\n\n\n<p class=\"wp-block-paragraph\">Algo similar ocurre en \u00c9xodo 3, donde el relato comienza afirmando que aparece el \u201c\u00c1ngel de Yahv\u00e9 en una llama de fuego\u201d, pero inmediatamente el texto transita a \u201cDios lo llam\u00f3 desde la zarza\u201d. El personaje entonces declara: \u201cYo soy el Dios de tu padre\u201d (<a href=\"https:\/\/biblia.com\/bible\/rvr60\/Ex3.6\">Ex 3:6<\/a>). Aqu\u00ed la alternancia entre \u201c\u00e1ngel\u201d y \u201cDios\u201d ocurre sin transici\u00f3n explicativa. Este tipo de fen\u00f3meno ha llevado a comentaristas como Keil y Delitzsch a sugerir que estas manifestaciones deben entenderse como teofan\u00edas, es decir, apariciones de Dios mismo en forma visible.<\/p>\n\n\n\n<p class=\"wp-block-paragraph\">Wayne Grudem, en una l\u00ednea m\u00e1s sistem\u00e1tica, tambi\u00e9n interpreta estos pasajes dentro de un marco cristol\u00f3gico, afirmando que muchas de estas apariciones del \u00c1ngel de Yahv\u00e9 son probablemente \u00ablas apariciones del Cristo preencarnado\u00bb (<em>Systematic Theology<\/em>, cap. 19), aunque reconoce que el texto por s\u00ed mismo no siempre lo explicita de manera directa.<\/p>\n\n\n\n<p class=\"wp-block-paragraph\">Lo importante aqu\u00ed es que el fen\u00f3meno no se asemeja ni al modelo mesopot\u00e1mico ni al egipcio como hemos se\u00f1alado anteriormente. Pero en el Antiguo Testamento aparece una tercera forma: una figura que es presentada como mensajero, pero que dentro del mismo relato funciona simult\u00e1neamente como presencia divina sin que el texto resuelva la tensi\u00f3n.<\/p>\n\n\n\n<p class=\"wp-block-paragraph\">Benjamin Sommer ha descrito este tipo de fen\u00f3menos en t\u00e9rminos de \u201cfluidez divina\u201d, se\u00f1alando que en el pensamiento b\u00edblico antiguo la presencia de Dios puede \u201chabitar m\u00faltiples formas simult\u00e1neamente sin fragmentarse en entidades separadas\u201d (<em>The Bodies of God and the World of Ancient Israel<\/em>). Esta idea ayuda a comprender por qu\u00e9 el texto puede moverse entre \u201c\u00c1ngel de Yahv\u00e9\u201d y \u201cYahv\u00e9\u201d sin sentir la necesidad de aclarar una contradicci\u00f3n.<\/p>\n\n\n\n<p class=\"wp-block-paragraph\">En conjunto, lo que se observa no es una confusi\u00f3n accidental del texto, sino una forma de narrar la presencia divina que no opera con categor\u00edas filos\u00f3ficas r\u00edgidas de identidad. En lugar de definir de manera abstracta qu\u00e9 es el personaje, el texto describe c\u00f3mo se experimenta la presencia de Yahv\u00e9 en la historia: a veces como voz directa, a veces como mensajero, y a veces como una figura que oscila entre ambas dimensiones sin separaci\u00f3n expl\u00edcita.<\/p>\n\n\n\n<h1 id=\"principales-apariciones-del-angel-del-senor\" class=\"wp-block-heading\">Principales apariciones del \u00c1ngel del Se\u00f1or<\/h1>\n\n\n\n<p class=\"wp-block-paragraph\">Las apariciones del <strong>\u00c1ngel del Se\u00f1or<\/strong> (\u05de\u05b7\u05dc\u05b0\u05d0\u05b7\u05da\u05b0 \u05d9\u05b0\u05d4\u05d5\u05b8\u05d4, <em>mal\u02beakh YHWH<\/em>) constituyen uno de los fen\u00f3menos teol\u00f3gicos m\u00e1s llamativos del Antiguo Testamento. Esta figura aparece en momentos decisivos de la historia b\u00edblica, particularmente en los relatos patriarcales, el \u00e9xodo y el per\u00edodo de los jueces. Desde su encuentro con Agar en el desierto (Gn 16), pasando por la prueba de Abraham (Gn 22), la revelaci\u00f3n a Mois\u00e9s en la zarza ardiente (Ex 3), hasta sus encuentros con Gede\u00f3n (Jue 6) y los padres de Sans\u00f3n (Jue 13), el \u00c1ngel act\u00faa como mediador de la palabra y de la presencia divina.<\/p>\n\n\n\n<p class=\"wp-block-paragraph\">Sin embargo, estos relatos presentan una particularidad que distingue al \u00c1ngel del Se\u00f1or de otros mensajeros celestiales: <strong>la frontera narrativa entre el \u00c1ngel y Yahv\u00e9 frecuentemente resulta dif\u00edcil de establecer<\/strong>. En determinados pasajes, el \u00c1ngel habla de Dios en tercera persona, lo que parece distinguirlo claramente de Yahv\u00e9; en otros, habla en primera persona con autoridad divina, pronuncia promesas que pertenecen a Dios y es identificado por el propio narrador o por quienes lo contemplan con Yahv\u00e9 o con <em>Elohim<\/em>. Esta combinaci\u00f3n de <strong>distinci\u00f3n y, al mismo tiempo, identificaci\u00f3n<\/strong> constituye el n\u00facleo del problema exeg\u00e9tico.<\/p>\n\n\n\n<p class=\"wp-block-paragraph\">El an\u00e1lisis de estas apariciones permitir\u00e1, por tanto, determinar si estamos ante un simple fen\u00f3meno de representaci\u00f3n \u2014un mensajero autorizado que habla en nombre de quien lo env\u00eda\u2014, ante diferentes formas de <strong>teofan\u00eda<\/strong>, o ante una concepci\u00f3n m\u00e1s compleja de la presencia e identidad de Yahv\u00e9. Ser\u00e1 precisamente la comparaci\u00f3n sistem\u00e1tica de los distintos relatos la que permitir\u00e1 evaluar las principales interpretaciones propuestas a lo largo de la historia jud\u00eda y cristiana y, posteriormente, considerar la tradicional identificaci\u00f3n cristol\u00f3gica del \u00c1ngel del Se\u00f1or con el <strong>Logos preencarnado<\/strong>.<\/p>\n\n\n\n<h2 id=\"agar-y-el-angel-del-senor-gn-16\" class=\"wp-block-heading\">Agar y el \u00c1ngel del Se\u00f1or (Gn 16)<\/h2>\n\n\n\n<p class=\"wp-block-paragraph\">El relato de<a href=\"https:\/\/biblia.com\/bible\/rvr60\/Ge16\"> G\u00e9nesis 16<\/a> es uno de los textos m\u00e1s importantes para entender la figura del \u201c\u00c1ngel de Yahv\u00e9\u201d porque no solo introduce a este personaje, sino que muestra desde el inicio un fen\u00f3meno narrativo que se repetir\u00e1 en otros pasajes del Antiguo Testamento: la dificultad de mantener una separaci\u00f3n clara entre el mensajero y la presencia directa de Dios dentro del propio desarrollo de la historia.<\/p>\n\n\n\n<p class=\"wp-block-paragraph\">El pasaje comienza con la aparici\u00f3n del personaje identificado como \u201cel \u00c1ngel de Yahv\u00e9\u201d:<\/p>\n\n\n\n<blockquote class=\"wp-block-quote is-layout-flow wp-block-quote-is-layout-flow\">\n<p class=\"wp-block-paragraph\">\u05d5\u05b7\u05d9\u05b4\u05bc\u05de\u05b0\u05e6\u05b8\u05d0\u05b8\u05d4\u05bc \u05de\u05b7\u05dc\u05b0\u05d0\u05b7\u05da\u05b0 \u05d9\u05b0\u05d4\u05d5\u05b8\u05d4<br><em>vayyimtsa\u2019ah mal\u2019akh YHWH<\/em><br>\u201cY la encontr\u00f3 el \u00c1ngel de Yahv\u00e9\u201d (<a href=\"https:\/\/biblia.com\/bible\/rvr60\/Ge16.7\">vs.7<\/a>)<\/p>\n<\/blockquote>\n\n\n\n<p class=\"wp-block-paragraph\">El verbo <em>m\u0101tz\u0101\u2019<\/em> (\u201cencontrar\u201d) en forma narrativa indica intervenci\u00f3n directa e intencional, no un encuentro casual. Esto ya sugiere que la figura act\u00faa con iniciativa propia dentro del relato. Sin embargo, el punto decisivo no est\u00e1 en la aparici\u00f3n, sino en el discurso que sigue inmediatamente.<\/p>\n\n\n\n<p class=\"wp-block-paragraph\">El episodio se sit\u00faa en el contexto del conflicto entre Sarai y Agar, donde la huida de la sierva hacia el desierto prepara el escenario para una intervenci\u00f3n divina directa. El narrador introduce la figura de forma breve pero significativa:<\/p>\n\n\n\n<blockquote class=\"wp-block-quote is-layout-flow wp-block-quote-is-layout-flow\">\n<p class=\"wp-block-paragraph\">\u05d5\u05b7\u05d9\u05b4\u05bc\u05de\u05b0\u05e6\u05b8\u05d0\u05b8\u05d4\u05bc \u05de\u05b7\u05dc\u05b0\u05d0\u05b7\u05da\u05b0 \u05d9\u05b0\u05d4\u05d5\u05b8\u05d4<br><em>vayyimtsa\u2019ah mal\u2019akh YHWH<\/em><br>\u201cY la encontr\u00f3 el \u00c1ngel de Yahv\u00e9\u201d<\/p>\n<\/blockquote>\n\n\n\n<p class=\"wp-block-paragraph\">Desde un punto de vista sint\u00e1ctico, el verbo <em>\u05de\u05e6\u05d0<\/em> (\u201cencontrar\u201d) en forma narrativa waw-consecutiva no indica un encuentro accidental, sino una acci\u00f3n intencional dentro de una secuencia teol\u00f3gicamente dirigida. Esto ya sugiere que el personaje no es perif\u00e9rico, sino un agente activo dentro del desarrollo del pacto.<\/p>\n\n\n\n<p class=\"wp-block-paragraph\">Sin embargo, el punto decisivo del an\u00e1lisis no es la aparici\u00f3n, sino la estructura del discurso que sigue inmediatamente. En el hebreo b\u00edblico, cuando un mensajero act\u00faa como intermediario, lo habitual es la f\u00f3rmula prof\u00e9tica de mediaci\u00f3n, por ejemplo en la expresi\u00f3n \u201c\u05db\u05d4 \u05d0\u05de\u05e8 \u05d9\u05d4\u05d5\u05d4\u201d (<em>koh amar YHWH<\/em>, \u201cas\u00ed dice Yahv\u00e9\u201d, cf <a href=\"https:\/\/biblia.com\/bible\/rvr60\/Ex4.22\">\u00c9x 4:22<\/a>; <a href=\"https:\/\/biblia.com\/bible\/rvr60\/Is7.7\">Is 7:7<\/a>; <a href=\"https:\/\/biblia.com\/bible\/rvr60\/Je2.2\">Jer 2:2<\/a>).<\/p>\n\n\n\n<p class=\"wp-block-paragraph\">Esta f\u00f3rmula establece una clara distinci\u00f3n entre emisor y portavoz. En G\u00e9nesis 16, sin embargo, esta estructura est\u00e1 completamente ausente. En su lugar, el personaje habla directamente en primera persona divina:<\/p>\n\n\n\n<blockquote class=\"wp-block-quote is-layout-flow wp-block-quote-is-layout-flow\">\n<p class=\"wp-block-paragraph\">\u05d4\u05b7\u05e8\u05b0\u05d1\u05b8\u05bc\u05d4 \u05d0\u05b7\u05e8\u05b0\u05d1\u05b6\u05bc\u05d4 \u05d0\u05b6\u05ea \u05d6\u05b7\u05e8\u05b0\u05e2\u05b5\u05da\u05b0<br><em>harb\u0101h \u2019arbeh et zar\u2018ekh<\/em><br>\u201cMultiplicar\u00e9 en gran manera tu descendencia\u201d<\/p>\n<\/blockquote>\n\n\n\n<p class=\"wp-block-paragraph\">La construcci\u00f3n intensiva (<em>infinitivo absoluto + imperfecto<\/em>) no solo enfatiza la acci\u00f3n, sino que refuerza la autorreferencialidad del hablante. <strong>El sujeto no es introducido como mediador, sino como agente directo de la promesa<\/strong>. En el marco teol\u00f3gico del G\u00e9nesis, la promesa de multiplicaci\u00f3n de descendencia es un acto caracter\u00edstico de Yahv\u00e9 en su relaci\u00f3n con los patriarcas (cf. <a href=\"https:\/\/biblia.com\/bible\/rvr60\/Ge12.2\">Gn 12:2<\/a>; <a href=\"https:\/\/biblia.com\/bible\/rvr60\/Ge15.5\">15:5<\/a>; <a href=\"https:\/\/biblia.com\/bible\/rvr60\/Ge17.2\">17:2)<\/a>. Por tanto, el problema no es formal, sino funcional: el discurso atribuye al personaje una acci\u00f3n exclusiva de la divinidad sin marcador de delegaci\u00f3n.<\/p>\n\n\n\n<p class=\"wp-block-paragraph\">Este fen\u00f3meno ha sido reconocido por la cr\u00edtica exeg\u00e9tica moderna como una de las tensiones internas del relato yahvista. Claus Westermann se\u00f1ala que en estas tradiciones \u201cLa distinci\u00f3n entre Yahv\u00e9 y su mensajero no se mantiene de forma coherente a lo largo del desarrollo de la narraci\u00f3n<sup data-fn=\"c2255d86-130f-45ac-9099-002af9559a39\" class=\"fn\"><a href=\"#c2255d86-130f-45ac-9099-002af9559a39\" id=\"c2255d86-130f-45ac-9099-002af9559a39-link\">4<\/a><\/sup>, lo que indica que la fuente no opera con una separaci\u00f3n sistem\u00e1tica estable entre mediaci\u00f3n y presencia.<\/p>\n\n\n\n<p class=\"wp-block-paragraph\">El desarrollo del relato contin\u00faa sin interrupci\u00f3n de esta ambig\u00fcedad. No existe un cambio de hablante ni una aclaraci\u00f3n narrativa que introduzca distancia entre el \u00e1ngel y Yahv\u00e9. El discurso se mantiene en primera persona hasta el punto de la respuesta humana, donde se produce un desplazamiento interpretativo significativo.<\/p>\n\n\n\n<p class=\"wp-block-paragraph\">El cl\u00edmax narrativo aparece en <a href=\"https:\/\/biblia.com\/bible\/rvr60\/Ge16.13\">G\u00e9nesis 16:13:<\/a><\/p>\n\n\n\n<blockquote class=\"wp-block-quote is-layout-flow wp-block-quote-is-layout-flow\">\n<p class=\"wp-block-paragraph\">\u05d5\u05b7\u05ea\u05b4\u05bc\u05e7\u05b0\u05e8\u05b8\u05d0 \u05e9\u05b5\u05c1\u05dd \u05d9\u05b0\u05d4\u05d5\u05b8\u05d4 \u05d4\u05b7\u05d3\u05b9\u05bc\u05d1\u05b5\u05e8 \u05d0\u05b5\u05dc\u05b6\u05d9\u05d4\u05b8<br><em>vattiqra shem YHWH ha-d\u014dber \u2019eleyha<\/em><br>\u201cY llam\u00f3 el nombre de Yahv\u00e9 al que le hablaba\u201d<\/p>\n<\/blockquote>\n\n\n\n<p class=\"wp-block-paragraph\">Aqu\u00ed se observa un fen\u00f3meno ling\u00fc\u00edstico relevante: el participio <em>\u05d4\u05b7\u05d3\u05b9\u05bc\u05d1\u05b5\u05e8<\/em> (<em>ha-d\u014dber<\/em>, \u201cel que hablaba\u201d) mantiene la continuidad del acto comunicativo, pero el sujeto nominal cambia de \u201c\u00c1ngel de Yahv\u00e9\u201d a \u201cYahv\u00e9\u201d. Este desplazamiento no est\u00e1 acompa\u00f1ado de ninguna explicaci\u00f3n narrativa, lo que implica que el texto permite una equivalencia funcional entre ambas designaciones dentro del mismo episodio.<\/p>\n\n\n\n<p class=\"wp-block-paragraph\">Gerhard von Rad por ejemplo en su <a href=\"https:\/\/www.sigueme.es\/libros\/el-libro-del-genesis.html\">comentario a G\u00e9nesis<\/a>, subraya que estos relatos no buscan definir ontol\u00f3gicamente al mensajero, sino narrar la irrupci\u00f3n de Yahv\u00e9 en la historia.<\/p>\n\n\n\n<blockquote class=\"wp-block-quote is-layout-flow wp-block-quote-is-layout-flow\">\n<p class=\"wp-block-paragraph\">\u00abEl \u00e1ngel de Yahv\u00e9 es una forma en la que el propio Yahv\u00e9 puede estar presente y actuar en el mundo de los hombres\u00bb<sup data-fn=\"3e545ef4-d431-4c48-bd4b-49909360b957\" class=\"fn\"><a href=\"#3e545ef4-d431-4c48-bd4b-49909360b957\" id=\"3e545ef4-d431-4c48-bd4b-49909360b957-link\">5<\/a><\/sup>.<\/p>\n<\/blockquote>\n\n\n\n<p class=\"wp-block-paragraph\">La respuesta de Agar introduce un elemento adicional de interpretaci\u00f3n teol\u00f3gica:<\/p>\n\n\n\n<blockquote class=\"wp-block-quote is-layout-flow wp-block-quote-is-layout-flow\">\n<p class=\"wp-block-paragraph\">\u05d0\u05b7\u05ea\u05b8\u05bc\u05d4 \u05d0\u05b5\u05dc \u05e8\u05b3\u05d0\u05b4\u05d9<br><em>attah El Ro\u2019i<\/em><br>\u201cT\u00fa eres El de la visi\u00f3n\u201d<\/p>\n<\/blockquote>\n\n\n\n<p class=\"wp-block-paragraph\">La expresi\u00f3n <em>El Ro\u2019i<\/em> combina el t\u00e9rmino <em>El<\/em> (divinidad en sentido amplio o espec\u00edfico) con la ra\u00edz \u05e8\u05d0\u05d4 (\u201cver\u201d), creando una formulaci\u00f3n teol\u00f3gica de reciprocidad perceptiva. En el hebreo b\u00edblico, la noci\u00f3n de \u201cver a Dios\u201d rara vez implica una visi\u00f3n f\u00edsica directa sin consecuencias, lo que refuerza la interpretaci\u00f3n de una experiencia teof\u00e1nica. <\/p>\n\n\n\n<p class=\"wp-block-paragraph\">Por ejemplo, en la propia Biblia, la idea de \u201cver a Dios\u201d aparece en un conjunto de textos que, le\u00eddos en conjunto, muestran una tensi\u00f3n constante entre la imposibilidad de una visi\u00f3n directa de la divinidad y la experiencia narrativa de encuentros donde esa presencia parece hacerse accesible. En <a href=\"https:\/\/biblia.com\/bible\/rvr60\/Ex33.20\">\u00c9xodo 33:20<\/a>, por ejemplo, se establece un principio teol\u00f3gico fundamental dentro del Pentateuco: <\/p>\n\n\n\n<blockquote class=\"wp-block-quote is-layout-flow wp-block-quote-is-layout-flow\">\n<p class=\"wp-block-paragraph\">\u201cno podr\u00e1s ver mi rostro; porque no me ver\u00e1 hombre y vivir\u00e1\u201d. <\/p>\n<\/blockquote>\n\n\n\n<p class=\"wp-block-paragraph\">Este pasaje fija un l\u00edmite claro en el marco teol\u00f3gico mosaico, donde la visi\u00f3n directa de Dios en su plenitud queda excluida de la experiencia humana. Sin embargo, el mismo cap\u00edtulo introduce matices cuando se describe que Mois\u00e9s puede ver \u201clas espaldas\u201d de Yahv\u00e9 (<a href=\"https:\/\/biblia.com\/bible\/rvr60\/Ex33.23\">\u00c9x 33:23<\/a>), lo que sugiere que la presencia divina puede ser percibida, pero solo de forma mediada y parcial, nunca en su totalidad inmediata.<\/p>\n\n\n\n<p class=\"wp-block-paragraph\">Este principio de mediaci\u00f3n se complica cuando se analizan relatos narrativos como el de G\u00e9nesis 32, donde Jacob afirma tras su encuentro en Peniel: <\/p>\n\n\n\n<blockquote class=\"wp-block-quote is-layout-flow wp-block-quote-is-layout-flow\">\n<p class=\"wp-block-paragraph\">\u201cvi a Dios cara a cara, y fue librada mi alma\u201d. <\/p>\n<\/blockquote>\n\n\n\n<p class=\"wp-block-paragraph\">Aqu\u00ed el texto no elimina la tensi\u00f3n teol\u00f3gica, sino que la mantiene: por un lado, Jacob afirma una visi\u00f3n directa de lo divino, pero por otro lado sobrevive, lo que ya contradice la expectativa de \u00c9xodo 33. Esta aparente tensi\u00f3n no se resuelve mediante una explicaci\u00f3n sistem\u00e1tica, sino que queda integrada dentro del propio desarrollo narrativo, sugiriendo que la \u201cvisi\u00f3n de Dios\u201d puede referirse a una experiencia teof\u00e1nica no necesariamente equivalente a una visi\u00f3n f\u00edsica plena.<\/p>\n\n\n\n<p class=\"wp-block-paragraph\">Algo similar ocurre en Jueces 13, en el relato del nacimiento de Sans\u00f3n. All\u00ed, Manoa\u1e25 y su esposa, tras la aparici\u00f3n del \u201c\u00c1ngel de Yahv\u00e9\u201d, interpretan la experiencia como una visi\u00f3n directa de Dios y exclaman: <\/p>\n\n\n\n<blockquote class=\"wp-block-quote is-layout-flow wp-block-quote-is-layout-flow\">\n<p class=\"wp-block-paragraph\">\u201cciertamente moriremos, porque hemos visto a Dios\u201d. <\/p>\n<\/blockquote>\n\n\n\n<p class=\"wp-block-paragraph\">El texto no presenta inmediatamente una correcci\u00f3n expl\u00edcita de esta interpretaci\u00f3n, lo que indica que, dentro del marco narrativo, la presencia del \u201c\u00c1ngel de Yahv\u00e9\u201d puede ser percibida como indistinguible de la presencia divina misma. Este tipo de reacci\u00f3n humana es especialmente relevante porque muestra que la categor\u00eda de \u201c\u00c1ngel de Yahv\u00e9\u201d no se percibe simplemente como un intermediario, sino como una manifestaci\u00f3n que provoca respuestas propias del encuentro con Dios.<\/p>\n\n\n\n<p class=\"wp-block-paragraph\">En G\u00e9nesis 16, este mismo fen\u00f3meno adopta una forma particularmente significativa en el encuentro de Agar con el \u201c\u00c1ngel de Yahv\u00e9\u201d, donde la reacci\u00f3n final es la afirmaci\u00f3n de haber visto \u201cal que me ve\u201d. Aqu\u00ed el lenguaje no se centra en la forma del ser visto, sino en la reciprocidad de la mirada, lo que desplaza el problema desde una visi\u00f3n ontol\u00f3gica hacia una experiencia relacional de presencia divina. El texto, al igual que en otros relatos, no detiene la narraci\u00f3n para clarificar si se trata de un mensajero o de Dios mismo en sentido estricto, sino que <strong>permite que la experiencia humana de lo divino se exprese dentro de la ambig\u00fcedad del encuentro.<\/strong><\/p>\n\n\n\n<p class=\"wp-block-paragraph\">En conjunto, estos textos muestran que la Biblia no maneja una \u00fanica noci\u00f3n de \u201cver a Dios\u201d, sino un campo sem\u00e1ntico amplio que va desde la prohibici\u00f3n absoluta de la visi\u00f3n directa, hasta experiencias narrativas donde la presencia divina se percibe a trav\u00e9s de mediaciones, figuras angelicales o visiones teof\u00e1nicas. Este trasfondo es precisamente el que permite comprender por qu\u00e9 la figura del \u201c\u00c1ngel de Yahv\u00e9\u201d puede ser descrita en t\u00e9rminos que oscilan entre mensajero y presencia divina, sin que el texto introduzca siempre una delimitaci\u00f3n conceptual estricta entre ambas dimensiones.<\/p>\n\n\n\n<p class=\"wp-block-paragraph\">Frank Moore Cross ha se\u00f1alado que este tipo de titulaciones reflejan una etapa temprana del pensamiento israelita en la que la identidad divina se articula mediante experiencias narrativas de presencia m\u00e1s que mediante definiciones ontol\u00f3gicas abstractas.<\/p>\n\n\n\n<p class=\"wp-block-paragraph\">Un elemento clave del an\u00e1lisis es que el texto no corrige la interpretaci\u00f3n de Agar. No se introduce ninguna aclaraci\u00f3n del tipo \u201cella pens\u00f3 que era Dios, pero era un \u00e1ngel\u201d, ni se redefine retrospectivamente la identidad del personaje. Desde el punto de vista narrativo, la percepci\u00f3n humana queda integrada en el significado del episodio.<\/p>\n\n\n\n<p class=\"wp-block-paragraph\">Este tipo de ambig\u00fcedad ha sido analizado por Robert Alter como un recurso literario propio del hebreo b\u00edblico, especialmente en escenas de revelaci\u00f3n. Alter observa que el texto b\u00edblico emplea frecuentemente lo que denomina \u201cinestabilidad deliberada en la atribuci\u00f3n\u201d en los discursos divinos, lo que permite que la identidad del hablante se mantenga funcionalmente abierta dentro del relato (The Art of Biblical Narrative).<\/p>\n\n\n\n<p class=\"wp-block-paragraph\">Desde una perspectiva hist\u00f3rico-religiosa, Mark S. Smith ha mostrado que el trasfondo cananeo del pensamiento israelita incluye concepciones donde la presencia divina puede manifestarse en formas m\u00faltiples sin fragmentaci\u00f3n ontol\u00f3gica estricta. Sin embargo, el texto b\u00edblico introduce una especificidad adicional: la figura del mensajero no es solo una forma de manifestaci\u00f3n, sino un personaje narrativo aut\u00f3nomo que oscila entre mediaci\u00f3n y presencia directa.<\/p>\n\n\n\n<p class=\"wp-block-paragraph\">Este punto es crucial para la interpretaci\u00f3n. A diferencia de los sistemas mesopot\u00e1micos, donde la distinci\u00f3n entre dios y mensajero es estable, y a diferencia de los sistemas egipcios, donde la divinidad se manifiesta directamente sin necesidad de mediaci\u00f3n personal, el relato b\u00edblico presenta una estructura intermedia. En ella, el mensajero no solo representa a Yahv\u00e9, sino que participa del discurso divino sin que el texto delimite claramente la frontera entre representaci\u00f3n y presencia.<\/p>\n\n\n\n<p class=\"wp-block-paragraph\">La consecuencia exeg\u00e9tica es que G\u00e9nesis 16 no puede ser reducido ni a un caso de discurso indirecto intensificado ni a una simple teofan\u00eda sin mediaci\u00f3n. Lo que el texto presenta es una estructura narrativa donde la identidad del agente divino se expresa en m\u00e1s de un nivel simult\u00e1neamente, sin que el narrador introduzca una resoluci\u00f3n conceptual.<\/p>\n\n\n\n<p class=\"wp-block-paragraph\">En t\u00e9rminos sistem\u00e1ticos, el episodio puede describirse como una convergencia de tres elementos: la introducci\u00f3n de un mensajero identificado como <em>mal\u2019akh YHWH<\/em>, el uso de discurso directo en primera persona divina sin mediaci\u00f3n expl\u00edcita, y la recepci\u00f3n humana de la experiencia como encuentro con Dios. La interacci\u00f3n de estos tres niveles sin resoluci\u00f3n expl\u00edcita constituye el n\u00facleo del problema exeg\u00e9tico.<\/p>\n\n\n\n<h1 id=\"abraham-isaac-y-el-angel-de-yahve-genesis-22-1-19\" class=\"wp-block-heading\">Abraham, Isaac y el \u00c1ngel de Yahv\u00e9: G\u00e9nesis 22:1\u201319<\/h1>\n\n\n\n<p class=\"wp-block-paragraph\">Despu\u00e9s de la aparici\u00f3n del \u00c1ngel de Yahv\u00e9 a Agar en <a href=\"https:\/\/biblia.com\/bible\/rvr60\/Ge16\">G\u00e9nesis 16<\/a>, uno de los episodios m\u00e1s importantes para determinar la identidad y funci\u00f3n de esta misteriosa figura aparece en <a href=\"https:\/\/biblia.com\/bible\/rvr60\/Ge22\">G\u00e9nesis 22<\/a>, dentro del conocido relato de la <em>\u02bfAqedah<\/em><sup data-fn=\"8cf28022-5579-460d-bd60-2fe01ad7ce97\" class=\"fn\"><a href=\"#8cf28022-5579-460d-bd60-2fe01ad7ce97\" id=\"8cf28022-5579-460d-bd60-2fe01ad7ce97-link\">6<\/a><\/sup>, la \u201catadura\u201d de Isaac. La importancia de este pasaje para nuestro estudio es considerable. Aqu\u00ed el \u00c1ngel de Yahv\u00e9 no solamente interviene como mensajero que detiene la mano de Abraham, sino que pronuncia palabras que parecen situarlo dentro de la propia acci\u00f3n de Dios. Especialmente significativas resultan las afirmaciones \u201cno me rehusaste tu hijo\u201d (<a href=\"https:\/\/biblia.com\/bible\/rvr60\/Ge22.12\">Gn 22:12<\/a>) y \u201cpor m\u00ed mismo he jurado\u201d (<a href=\"https:\/\/biblia.com\/bible\/rvr60\/Ge22.16\">Gn 22:16<\/a>). El problema exeg\u00e9tico consiste precisamente en determinar c\u00f3mo puede un personaje presentado como <em>mensajero de Yahv\u00e9<\/em> hablar simult\u00e1neamente <strong>de Dios<\/strong> y <strong>como Dios<\/strong>.<\/p>\n\n\n\n<p class=\"wp-block-paragraph\">El relato comienza estableciendo inequ\u00edvocamente que es Dios quien inicia la prueba:<\/p>\n\n\n\n<blockquote class=\"wp-block-quote is-layout-flow wp-block-quote-is-layout-flow\">\n<p class=\"wp-block-paragraph\">\u201cAconteci\u00f3 despu\u00e9s de estas cosas, que prob\u00f3 Dios a Abraham\u201d (<a href=\"https:\/\/biblia.com\/bible\/rvr60\/Ge22.1\">Gn 22:1<\/a>).<\/p>\n<\/blockquote>\n\n\n\n<p class=\"wp-block-paragraph\">El hebreo utiliza aqu\u00ed <strong>\u05d4\u05b8\u05d0\u05b1\u05dc\u05b9\u05d4\u05b4\u05d9\u05dd (<em>h\u0101\u02be\u0115l\u014dh\u00eem<\/em>)<\/strong>, \u201cDios\u201d, como sujeto de <em>niss\u00e2<\/em>, \u201cprob\u00f3\u201d. El narrador proporciona esta informaci\u00f3n al lector antes de que Abraham conozca el desenlace de la historia. Lo que sigue, por tanto, debe interpretarse desde esta afirmaci\u00f3n program\u00e1tica: <strong>la prueba procede de Dios<\/strong>.<\/p>\n\n\n\n<p class=\"wp-block-paragraph\">Dios llama a Abraham, quien responde con la conocida expresi\u00f3n:<\/p>\n\n\n\n<blockquote class=\"wp-block-quote is-layout-flow wp-block-quote-is-layout-flow\">\n<p class=\"wp-block-paragraph\">\u05d4\u05b4\u05e0\u05b5\u05bc\u05e0\u05b4\u05d9<br><em>hinn\u0113n\u00ee<\/em><br>\u201cHeme aqu\u00ed\u201d (<a href=\"https:\/\/biblia.com\/bible\/rvr60\/Ge22.1\">Gn 22:1<\/a>).<\/p>\n<\/blockquote>\n\n\n\n<p class=\"wp-block-paragraph\">La misma palabra aparecer\u00e1 nuevamente cuando Isaac llame a su padre (<a href=\"https:\/\/biblia.com\/bible\/rvr60\/Ge22.7\">Gn 22:7<\/a>) y, de manera especialmente significativa, cuando el \u00c1ngel de Yahv\u00e9 llame a Abraham desde el cielo (<a href=\"https:\/\/biblia.com\/bible\/rvr60\/Ge22.11\">Gn 22:11<\/a>). Esta triple repetici\u00f3n contribuye a la cohesi\u00f3n literaria de la narraci\u00f3n.<\/p>\n\n\n\n<p class=\"wp-block-paragraph\">La orden divina que sigue est\u00e1 construida con una extraordinaria intensidad:<\/p>\n\n\n\n<blockquote class=\"wp-block-quote is-layout-flow wp-block-quote-is-layout-flow\">\n<p class=\"wp-block-paragraph\">\u201cToma ahora tu hijo, tu \u00fanico, Isaac, a quien amas [&#8230;] y ofr\u00e9celo all\u00ed en holocausto\u201d (<a href=\"https:\/\/biblia.com\/bible\/rvr60\/Ge22.2\">Gn 22:2<\/a>).<\/p>\n<\/blockquote>\n\n\n\n<p class=\"wp-block-paragraph\">La sucesi\u00f3n \u201ctu hijo \u2014 tu \u00fanico \u2014 a quien amas \u2014 Isaac\u201d ralentiza deliberadamente la orden y obliga al lector a sentir el peso de cada t\u00e9rmino. No se trata simplemente de sacrificar un hijo. Isaac es precisamente aquel mediante quien deb\u00eda continuar la promesa, pues Dios hab\u00eda declarado anteriormente: \u201cen Isaac te ser\u00e1 llamada descendencia\u201d (<a href=\"https:\/\/biblia.com\/bible\/rvr60\/Ge21.12\">Gn 21:12<\/a>). La prueba confronta as\u00ed a Abraham con una tensi\u00f3n aparentemente insoluble entre <strong>la palabra divina previamente prometida y la palabra divina actualmente ordenada<\/strong>.<\/p>\n\n\n\n<p class=\"wp-block-paragraph\">La narraci\u00f3n conduce lentamente al lector hasta el momento decisivo. Abraham construye el altar, coloca la le\u00f1a, ata a Isaac y extiende la mano para tomar el cuchillo (<a href=\"https:\/\/biblia.com\/bible\/rvr60\/Ge22.9-10\">Gn 22:9\u201310<\/a>). Precisamente entonces se produce el cambio que interesa especialmente a nuestro estudio:<\/p>\n\n\n\n<blockquote class=\"wp-block-quote is-layout-flow wp-block-quote-is-layout-flow\">\n<p class=\"wp-block-paragraph\">\u201cEntonces el \u00e1ngel de Jehov\u00e1 le dio voces desde el cielo, y dijo: Abraham, Abraham. Y \u00e9l respondi\u00f3: Heme aqu\u00ed\u201d (<a href=\"https:\/\/biblia.com\/bible\/rvr60\/Ge22.11\">Gn 22:11<\/a>).<\/p>\n<\/blockquote>\n\n\n\n<p class=\"wp-block-paragraph\">El personaje es denominado:<\/p>\n\n\n\n<blockquote class=\"wp-block-quote is-layout-flow wp-block-quote-is-layout-flow\">\n<p class=\"wp-block-paragraph\">\u05de\u05b7\u05dc\u05b0\u05d0\u05b7\u05da\u05b0 \u05d9\u05b0\u05d4\u05d5\u05b8\u05d4<br><em>mal\u02beakh YHWH<\/em><br>\u201cmensajero de Yahv\u00e9\u201d.<\/p>\n<\/blockquote>\n\n\n\n<p class=\"wp-block-paragraph\">El sustantivo <em>mal\u02beakh<\/em> significa fundamentalmente <strong>\u201cmensajero\u201d o \u201cenviado\u201d<\/strong>. Por s\u00ed mismo no establece la naturaleza ontol\u00f3gica del personaje. Puede designar mensajeros humanos o celestiales. Por ello, metodol\u00f3gicamente resulta preferible comenzar preguntando <strong>qu\u00e9 hace y c\u00f3mo habla este mensajero<\/strong>, en lugar de presuponer su naturaleza simplemente a partir de la traducci\u00f3n tradicional \u201c\u00e1ngel\u201d.<\/p>\n\n\n\n<p class=\"wp-block-paragraph\">Existe adem\u00e1s una correspondencia narrativa importante. En <a href=\"https:\/\/biblia.com\/bible\/rvr60\/Ge22.1\">G\u00e9nesis 22:1<\/a>, <strong>Dios<\/strong> llama a Abraham y este responde <em>hinn\u0113n\u00ee<\/em>. En <a href=\"https:\/\/biblia.com\/bible\/rvr60\/Ge22.11\">G\u00e9nesis 22:11<\/a>, <strong>el \u00c1ngel de Yahv\u00e9<\/strong> llama a Abraham y este responde exactamente <em>hinn\u0113n\u00ee<\/em>. La voz que inicia la prueba pertenece a <em>Elohim<\/em>; la voz que determina que la prueba ha alcanzado su finalidad pertenece al <em>mal\u02beakh YHWH<\/em>. La estructura literaria coloca as\u00ed ambas voces en estrecha correspondencia.<\/p>\n\n\n\n<h2 id=\"no-me-rehusaste-tu-hijo-el-problema-de-genesis-22-12\" class=\"wp-block-heading\">\u201cNo me rehusaste tu hijo\u201d: el problema de G\u00e9nesis 22:12<\/h2>\n\n\n\n<p class=\"wp-block-paragraph\">La cuesti\u00f3n se vuelve mucho m\u00e1s profunda cuando examinamos las palabras del \u00c1ngel:<\/p>\n\n\n\n<blockquote class=\"wp-block-quote is-layout-flow wp-block-quote-is-layout-flow\">\n<p class=\"wp-block-paragraph\">\u201cNo extiendas tu mano sobre el muchacho, ni le hagas nada; porque ya conozco que temes a Dios, por cuanto no me rehusaste tu hijo, tu \u00fanico\u201d (<a href=\"https:\/\/biblia.com\/bible\/rvr60\/Ge22.12\">Gn 22:12<\/a>).<\/p>\n<\/blockquote>\n\n\n\n<p class=\"wp-block-paragraph\">La \u00faltima cl\u00e1usula hebrea es fundamental:<\/p>\n\n\n\n<blockquote class=\"wp-block-quote is-layout-flow wp-block-quote-is-layout-flow\">\n<p class=\"wp-block-paragraph\">\u05d5\u05b0\u05dc\u05b9\u05d0 \u05d7\u05b8\u05e9\u05b7\u05c2\u05db\u05b0\u05ea\u05b8\u05bc \u05d0\u05b6\u05ea\u05be\u05d1\u05b4\u05bc\u05e0\u05b0\u05da\u05b8 \u05d0\u05b6\u05ea\u05be\u05d9\u05b0\u05d7\u05b4\u05d9\u05d3\u05b0\u05da\u05b8 \u05de\u05b4\u05de\u05b6\u05bc\u05e0\u05b4\u05bc\u05d9<br><em>wel\u014d\u02be \u1e25\u0101\u015bakt\u0101 \u02beet-bink\u0101 \u02beet-ye\u1e25\u00eedk\u0101 mimmenn\u00ee<\/em><\/p>\n<\/blockquote>\n\n\n\n<p class=\"wp-block-paragraph\">La expresi\u00f3n decisiva es <strong>\u05de\u05b4\u05de\u05b6\u05bc\u05e0\u05b4\u05bc\u05d9 (<em>mimmenn\u00ee<\/em>)<\/strong>, \u201cde m\u00ed\u201d.<\/p>\n\n\n\n<p class=\"wp-block-paragraph\">El \u00c1ngel no declara simplemente que Abraham no ha retenido a Isaac \u201cde Dios\u201d, sino:<\/p>\n\n\n\n<blockquote class=\"wp-block-quote is-layout-flow wp-block-quote-is-layout-flow\">\n<p class=\"wp-block-paragraph\"><strong>\u201cno lo has retenido de m\u00ed\u201d.<\/strong><\/p>\n<\/blockquote>\n\n\n\n<p class=\"wp-block-paragraph\">Esto plantea una dificultad evidente. El sacrificio hab\u00eda sido ordenado por Dios (<a href=\"https:\/\/biblia.com\/bible\/rvr60\/Ge22.1-2\">Gn 22:1\u20132<\/a>). Abraham hab\u00eda subido al monte para obedecer a Dios. Sin embargo, el personaje que interviene ahora como <em>mal\u02beakh YHWH<\/em> se presenta como aquel de quien Abraham no ha retenido a Isaac.<\/p>\n\n\n\n<p class=\"wp-block-paragraph\">M\u00e1s sorprendente todav\u00eda es que dentro de la misma oraci\u00f3n encontramos una diferenciaci\u00f3n entre el \u00c1ngel y Dios:<\/p>\n\n\n\n<blockquote class=\"wp-block-quote is-layout-flow wp-block-quote-is-layout-flow\">\n<p class=\"wp-block-paragraph\">\u201cAhora conozco que <strong>temes a Dios<\/strong>, por cuanto no <strong>me<\/strong> rehusaste tu hijo\u201d (<a href=\"https:\/\/biblia.com\/bible\/rvr60\/Ge22.12\">Gn 22:12<\/a>).<\/p>\n<\/blockquote>\n\n\n\n<p class=\"wp-block-paragraph\">La estructura es extraordinaria:<\/p>\n\n\n\n<p class=\"wp-block-paragraph\"><strong>\u201cDios\u201d \u2192 tercera persona.<\/strong><br><strong>\u201cde m\u00ed\u201d \u2192 primera persona del \u00c1ngel.<\/strong><\/p>\n\n\n\n<p class=\"wp-block-paragraph\">El \u00c1ngel puede hablar acerca de <em>Elohim<\/em> y, simult\u00e1neamente, presentarse como destinatario de la obediencia que Abraham est\u00e1 ofreciendo a <em>Elohim<\/em>.<\/p>\n\n\n\n<p class=\"wp-block-paragraph\"><strong>Este detalle aconseja evitar dos soluciones excesivamente r\u00e1pidas. No basta con afirmar simplemente que \u201cel \u00c1ngel es Dios\u201d, porque el propio \u00c1ngel puede referirse a Dios de manera diferenciada. Pero tampoco basta con afirmar que se trata de un mensajero ordinario, porque el mensajero se apropia verbalmente de la acci\u00f3n que el relato hab\u00eda dirigido hacia Dios.<\/strong><\/p>\n\n\n\n<p class=\"wp-block-paragraph\">La cuesti\u00f3n de la <strong>representaci\u00f3n del enviado<\/strong><sup data-fn=\"16c8bde2-bbfd-4e8d-bb20-5eee6f6f1707\" class=\"fn\"><a href=\"#16c8bde2-bbfd-4e8d-bb20-5eee6f6f1707\" id=\"16c8bde2-bbfd-4e8d-bb20-5eee6f6f1707-link\">7<\/a><\/sup> constituye aqu\u00ed una alternativa exeg\u00e9tica importante. En las culturas antiguas, el mensajero pod\u00eda pronunciar en primera persona las palabras de quien lo enviaba. Desde esta perspectiva, el \u201cyo\u201d del \u00c1ngel podr\u00eda ser el \u201cyo\u201d de Yahv\u00e9 reproducido por su representante. Sin embargo, incluso aceptando este principio, G\u00e9nesis 22 contin\u00faa siendo notable por el grado en que la identidad verbal del enviado y la del remitente se superponen.<\/p>\n\n\n\n<p class=\"wp-block-paragraph\">Adem\u00e1s, este fen\u00f3meno no aparece por primera vez aqu\u00ed. En el encuentro con Agar, el \u00c1ngel hab\u00eda declarado:<\/p>\n\n\n\n<blockquote class=\"wp-block-quote is-layout-flow wp-block-quote-is-layout-flow\">\n<p class=\"wp-block-paragraph\">\u201cMultiplicar\u00e9 tanto tu descendencia, que no podr\u00e1 ser contada a causa de la multitud\u201d (<a href=\"https:\/\/biblia.com\/bible\/rvr60\/Ge16.10\">Gn 16:10<\/a>).<\/p>\n<\/blockquote>\n\n\n\n<p class=\"wp-block-paragraph\">Pero inmediatamente despu\u00e9s pod\u00eda hablar de Yahv\u00e9 en tercera persona:<\/p>\n\n\n\n<blockquote class=\"wp-block-quote is-layout-flow wp-block-quote-is-layout-flow\">\n<p class=\"wp-block-paragraph\">\u201cporque Jehov\u00e1 ha o\u00eddo tu aflicci\u00f3n\u201d (<a href=\"https:\/\/biblia.com\/bible\/rvr60\/Ge16.11\">Gn 16:11<\/a>).<\/p>\n<\/blockquote>\n\n\n\n<p class=\"wp-block-paragraph\">La estructura de G\u00e9nesis 22 resulta sorprendentemente semejante. En ambos relatos encontramos <strong>distinci\u00f3n y convergencia<\/strong>: el \u00c1ngel puede hablar acerca de Yahv\u00e9 o Dios y, al mismo tiempo, pronunciar palabras que lo colocan dentro de la acci\u00f3n divina.<\/p>\n\n\n\n<p class=\"wp-block-paragraph\">Esta caracter\u00edstica fue precisamente uno de los argumentos utilizados por <strong>A. Henry Sawtelle<\/strong> en su estudio cl\u00e1sico sobre el \u00c1ngel de Yahv\u00e9<sup data-fn=\"3a2727a5-0af3-4b3e-a121-33cbfa77133b\" class=\"fn\"><a href=\"#3a2727a5-0af3-4b3e-a121-33cbfa77133b\" id=\"3a2727a5-0af3-4b3e-a121-33cbfa77133b-link\">8<\/a><\/sup>. Sawtelle analiza el conjunto de estas apariciones como un fen\u00f3meno acumulativo: la identificaci\u00f3n no debe establecerse mediante una frase aislada, sino mediante la repetici\u00f3n de relatos donde el mensajero recibe nombres, palabras y prerrogativas asociadas con Yahv\u00e9. Su estudio sigue siendo importante hist\u00f3ricamente porque muestra que la interpretaci\u00f3n cristol\u00f3gica del \u00c1ngel no naci\u00f3 \u00fanicamente de la teolog\u00eda sistem\u00e1tica moderna, sino de una larga discusi\u00f3n exeg\u00e9tica acerca de estos cambios de primera y tercera persona.<\/p>\n\n\n\n<h2 id=\"la-segunda-aparicion-por-mi-mismo-he-jurado\" class=\"wp-block-heading\">La segunda aparici\u00f3n: \u201cPor m\u00ed mismo he jurado\u201d<\/h2>\n\n\n\n<p class=\"wp-block-paragraph\">Despu\u00e9s de que Abraham descubre el carnero y lo ofrece \u201cen lugar de su hijo\u201d (<a href=\"https:\/\/biblia.com\/bible\/rvr60\/Ge22.13\">Gn 22:13<\/a>), el narrador introduce nuevamente al \u00c1ngel:<\/p>\n\n\n\n<blockquote class=\"wp-block-quote is-layout-flow wp-block-quote-is-layout-flow\">\n<p class=\"wp-block-paragraph\">\u201cY llam\u00f3 el \u00e1ngel de Jehov\u00e1 a Abraham por segunda vez desde el cielo\u201d (<a href=\"https:\/\/biblia.com\/bible\/rvr60\/Ge22.15\">Gn 22:15<\/a>).<\/p>\n<\/blockquote>\n\n\n\n<p class=\"wp-block-paragraph\">El hecho de que el narrador vuelva a identificar expresamente al hablante resulta importante. No debemos inferir su identidad: el texto afirma que quien pronuncia el siguiente discurso es <strong>el \u00c1ngel de Yahv\u00e9<\/strong>.<\/p>\n\n\n\n<p class=\"wp-block-paragraph\">Entonces escuchamos:<\/p>\n\n\n\n<blockquote class=\"wp-block-quote is-layout-flow wp-block-quote-is-layout-flow\">\n<p class=\"wp-block-paragraph\">\u201cPor m\u00ed mismo he jurado, dice Jehov\u00e1, que por cuanto has hecho esto, y no me has rehusado tu hijo, tu \u00fanico hijo&#8230;\u201d (<a href=\"https:\/\/biblia.com\/bible\/rvr60\/Ge22.16\">Gn 22:16<\/a>).<\/p>\n<\/blockquote>\n\n\n\n<p class=\"wp-block-paragraph\">El hebreo comienza:<\/p>\n\n\n\n<blockquote class=\"wp-block-quote is-layout-flow wp-block-quote-is-layout-flow\">\n<p class=\"wp-block-paragraph\">\u05d1\u05b4\u05bc\u05d9 \u05e0\u05b4\u05e9\u05b0\u05c1\u05d1\u05b7\u05bc\u05e2\u05b0\u05ea\u05b4\u05bc\u05d9<br><em>b\u00ee ni\u0161ba\u02bft\u00ee<\/em><br>\u201cPor m\u00ed mismo he jurado\u201d.<\/p>\n<\/blockquote>\n\n\n\n<p class=\"wp-block-paragraph\">La fuerza de esta expresi\u00f3n dif\u00edcilmente puede exagerarse. En el mundo b\u00edblico, <strong>el juramento invoca aquello que garantiza la verdad de la declaraci\u00f3n<\/strong>. Cuando Yahv\u00e9 jura por s\u00ed mismo, la garant\u00eda \u00faltima de su promesa es su propia identidad y fidelidad.<\/p>\n\n\n\n<p class=\"wp-block-paragraph\">La interpretaci\u00f3n can\u00f3nica posterior confirma que el juramento es entendido como juramento <strong>de Dios<\/strong>. Hebreos lo expresa expl\u00edcitamente:<\/p>\n\n\n\n<blockquote class=\"wp-block-quote is-layout-flow wp-block-quote-is-layout-flow\">\n<p class=\"wp-block-paragraph\">\u201cPorque cuando Dios hizo la promesa a Abraham, no pudiendo jurar por otro mayor, jur\u00f3 por s\u00ed mismo\u201d (<a href=\"https:\/\/biblia.com\/bible\/rvr60\/Heb6.13\">Heb 6:13<\/a>).<\/p>\n<\/blockquote>\n\n\n\n<p class=\"wp-block-paragraph\">Y contin\u00faa explicando que los seres humanos juran \u201cpor uno mayor que ellos\u201d, mientras que Dios garantiza personalmente la inmutabilidad de su prop\u00f3sito (<a href=\"https:\/\/biblia.com\/bible\/rvr60\/Heb6.16-18\">Heb 6:16\u201318<\/a>).<\/p>\n\n\n\n<p class=\"wp-block-paragraph\">No obstante, hay un elemento del hebreo que exige especial cuidado:<\/p>\n\n\n\n<blockquote class=\"wp-block-quote is-layout-flow wp-block-quote-is-layout-flow\">\n<p class=\"wp-block-paragraph\">\u05e0\u05b0\u05d0\u05bb\u05dd\u05be\u05d9\u05b0\u05d4\u05d5\u05b8\u05d4<br><em>ne\u02beum YHWH<\/em><\/p>\n<\/blockquote>\n\n\n\n<p class=\"wp-block-paragraph\">La RVR60 traduce: <strong>\u201cdice Jehov\u00e1\u201d<\/strong> (<a href=\"https:\/\/biblia.com\/bible\/rvr60\/Ge22.16\">Gn 22:16<\/a>).<\/p>\n\n\n\n<p class=\"wp-block-paragraph\">Esta f\u00f3rmula atribuye formalmente el contenido del juramento a Yahv\u00e9. Por consiguiente, <a href=\"https:\/\/biblia.com\/bible\/rvr60\/Ge22.16\">G\u00e9nesis 22:16<\/a> no debe utilizarse aisladamente como si dijera sencillamente: \u201cel \u00c1ngel jura por s\u00ed mismo porque el \u00c1ngel es Yahv\u00e9\u201d<sup data-fn=\"0ad2de44-0ae7-4ae1-9be8-c72bde5763bd\" class=\"fn\"><a href=\"#0ad2de44-0ae7-4ae1-9be8-c72bde5763bd\" id=\"0ad2de44-0ae7-4ae1-9be8-c72bde5763bd-link\">9<\/a><\/sup>. El texto es m\u00e1s complejo. El \u00c1ngel pronuncia un discurso en primera persona que es identificado expresamente como <strong>or\u00e1culo de Yahv\u00e9<\/strong>.<\/p>\n\n\n\n<p class=\"wp-block-paragraph\">Precisamente esta combinaci\u00f3n es lo teol\u00f3gicamente interesante.<\/p>\n\n\n\n<p class=\"wp-block-paragraph\">El mensajero no desaparece cuando comienza a hablar Yahv\u00e9. El narrador contin\u00faa identific\u00e1ndolo como \u00c1ngel, pero la palabra pronunciada por ese \u00c1ngel es la palabra de Yahv\u00e9 en primera persona.<\/p>\n\n\n\n<p class=\"wp-block-paragraph\">Aqu\u00ed resulta \u00fatil una observaci\u00f3n filol\u00f3gica recogida frecuentemente por los comentaristas de G\u00e9nesis: el juramento de <a href=\"https:\/\/biblia.com\/bible\/rvr60\/Ge22.16\">G\u00e9nesis 22:16<\/a> es excepcional dentro de las narraciones patriarcales por la solemnidad con la que Dios compromete su propia identidad como garant\u00eda de la promesa. La peculiaridad del juramento tambi\u00e9n explica por qu\u00e9 <a href=\"https:\/\/biblia.com\/bible\/rvr60\/Heb6.13-18\">Hebreos 6:13\u201318<\/a> vuelve precisamente a este episodio para fundamentar la irrevocabilidad de la promesa divina.<\/p>\n\n\n\n<h2 id=\"la-bendicion-y-la-multiplicacion-conexion-con-agar\" class=\"wp-block-heading\">La bendici\u00f3n y la multiplicaci\u00f3n: conexi\u00f3n con Agar<\/h2>\n\n\n\n<p class=\"wp-block-paragraph\">El contenido del juramento profundiza todav\u00eda m\u00e1s la relaci\u00f3n con G\u00e9nesis 16:<\/p>\n\n\n\n<blockquote class=\"wp-block-quote is-layout-flow wp-block-quote-is-layout-flow\">\n<p class=\"wp-block-paragraph\">\u201cDe cierto te bendecir\u00e9, y multiplicar\u00e9 tu descendencia como las estrellas del cielo y como la arena que est\u00e1 a la orilla del mar\u201d (<a href=\"https:\/\/biblia.com\/bible\/rvr60\/Ge22.17\">Gn 22:17<\/a>).<\/p>\n<\/blockquote>\n\n\n\n<p class=\"wp-block-paragraph\">El hebreo emplea dos construcciones enf\u00e1ticas:<\/p>\n\n\n\n<blockquote class=\"wp-block-quote is-layout-flow wp-block-quote-is-layout-flow\">\n<p class=\"wp-block-paragraph\">\u05db\u05b4\u05bc\u05d9\u05be\u05d1\u05b8\u05e8\u05b5\u05da\u05b0 \u05d0\u05b2\u05d1\u05b8\u05e8\u05b6\u05db\u05b0\u05da\u05b8<br><em>k\u00ee-b\u0101r\u0113k \u02be\u0103b\u0101rek\u0259k\u0101<\/em><br>\u201cciertamente te bendecir\u00e9\u201d<\/p>\n<\/blockquote>\n\n\n\n<p class=\"wp-block-paragraph\">y<\/p>\n\n\n\n<blockquote class=\"wp-block-quote is-layout-flow wp-block-quote-is-layout-flow\">\n<p class=\"wp-block-paragraph\">\u05d5\u05b0\u05d4\u05b7\u05e8\u05b0\u05d1\u05b8\u05bc\u05d4 \u05d0\u05b7\u05e8\u05b0\u05d1\u05b6\u05bc\u05d4 \u05d0\u05b6\u05ea\u05be\u05d6\u05b7\u05e8\u05b0\u05e2\u05b2\u05da\u05b8<br><em>weh\u0101rb\u0101h \u02bearbeh \u02beet-zar\u02bf\u0103k\u0101<\/em><br>\u201cciertamente multiplicar\u00e9 tu descendencia\u201d.<\/p>\n<\/blockquote>\n\n\n\n<p class=\"wp-block-paragraph\">La segunda construcci\u00f3n resulta especialmente importante porque pr\u00e1cticamente reproduce la promesa pronunciada por el \u00c1ngel a Agar:<\/p>\n\n\n\n<blockquote class=\"wp-block-quote is-layout-flow wp-block-quote-is-layout-flow\">\n<p class=\"wp-block-paragraph\">\u05d4\u05b7\u05e8\u05b0\u05d1\u05b8\u05bc\u05d4 \u05d0\u05b7\u05e8\u05b0\u05d1\u05b6\u05bc\u05d4 \u05d0\u05b6\u05ea\u05be\u05d6\u05b7\u05e8\u05b0\u05e2\u05b5\u05da\u05b0<br><em>harb\u0101h \u02bearbeh \u02beet-zar\u02bf\u0113k<\/em><br>\u201cMultiplicar\u00e9 tanto tu descendencia&#8230;\u201d (<a href=\"https:\/\/biblia.com\/bible\/rvr60\/Ge16.10\">Gn 16:10<\/a>).<\/p>\n<\/blockquote>\n\n\n\n<p class=\"wp-block-paragraph\">La correspondencia no debe pasarse por alto. En G\u00e9nesis 16, el \u00c1ngel promete personalmente multiplicar la descendencia de Agar; en G\u00e9nesis 22, el \u00c1ngel pronuncia la promesa de multiplicar la descendencia de Abraham. <strong>En ambos relatos, la multiplicaci\u00f3n de la descendencia se encuentra directamente vinculada con el <em>mal\u02beakh YHWH<\/em>.<\/strong><\/p>\n\n\n\n<p class=\"wp-block-paragraph\">Esta observaci\u00f3n resulta especialmente significativa porque la multiplicaci\u00f3n de la descendencia constituye una de las prerrogativas recurrentes de Dios dentro del ciclo patriarcal. Yahv\u00e9 hab\u00eda prometido hacer de Abraham \u201cuna naci\u00f3n grande\u201d (<a href=\"https:\/\/biblia.com\/bible\/rvr60\/Ge12.2\">Gn 12:2<\/a>), comparar su descendencia con las estrellas (<a href=\"https:\/\/biblia.com\/bible\/rvr60\/Ge15.5\">Gn 15:5<\/a>) y multiplicarlo \u201cen gran manera\u201d (<a href=\"https:\/\/biblia.com\/bible\/rvr60\/Ge17.2\">Gn 17:2<\/a>). <strong>El \u00c1ngel aparece, por tanto, hablando dentro del mismo campo ling\u00fc\u00edstico de la promesa divina.<\/strong><\/p>\n\n\n\n<p class=\"wp-block-paragraph\">Esto no resuelve autom\u00e1ticamente su ontolog\u00eda, pero s\u00ed establece algo fundamental para nuestra investigaci\u00f3n: <strong>el \u00c1ngel de Yahv\u00e9 no funciona en estos relatos como un mensajero celestial cualquiera<\/strong>. Su discurso se integra en el n\u00facleo mismo de las promesas patriarcales.<\/p>\n\n\n\n<figure class=\"wp-block-image aligncenter size-large is-resized\"><a href=\"https:\/\/i0.wp.com\/atravesdelasescrituras.com\/wp-content\/uploads\/2026\/08\/imagen-1.png?ssl=1\"><img data-recalc-dims=\"1\" decoding=\"async\" width=\"1024\" height=\"692\" data-attachment-id=\"57367\" data-permalink=\"https:\/\/atravesdelasescrituras.com\/es_es\/2026\/08\/10\/el-angel-del-senor-mensajero-divino-teofania-o-cristo-preencarnado\/imagen-183\/\" data-orig-file=\"https:\/\/atravesdelasescrituras.com\/wp-content\/uploads\/2026\/08\/imagen-1.png\" data-orig-size=\"1260,852\" data-comments-opened=\"1\" data-image-meta=\"{&quot;aperture&quot;:&quot;0&quot;,&quot;credit&quot;:&quot;&quot;,&quot;camera&quot;:&quot;&quot;,&quot;caption&quot;:&quot;&quot;,&quot;created_timestamp&quot;:&quot;0&quot;,&quot;copyright&quot;:&quot;&quot;,&quot;focal_length&quot;:&quot;0&quot;,&quot;iso&quot;:&quot;0&quot;,&quot;shutter_speed&quot;:&quot;0&quot;,&quot;title&quot;:&quot;&quot;,&quot;orientation&quot;:&quot;0&quot;,&quot;alt&quot;:&quot;&quot;}\" data-image-title=\"imagen\" data-image-description=\"\" data-image-caption=\"\" data-large-file=\"https:\/\/atravesdelasescrituras.com\/wp-content\/uploads\/2026\/08\/imagen-1-1024x692.png\" src=\"https:\/\/i0.wp.com\/atravesdelasescrituras.com\/wp-content\/uploads\/2026\/08\/imagen-1.png?resize=1024%2C692&#038;ssl=1\" alt=\"\" class=\"wp-image-57367\" style=\"aspect-ratio:1.478311682730196;width:518px;height:auto\" srcset=\"https:\/\/i0.wp.com\/atravesdelasescrituras.com\/wp-content\/uploads\/2026\/08\/imagen-1.png?resize=1024%2C692&amp;ssl=1 1024w, https:\/\/i0.wp.com\/atravesdelasescrituras.com\/wp-content\/uploads\/2026\/08\/imagen-1.png?resize=300%2C203&amp;ssl=1 300w, https:\/\/i0.wp.com\/atravesdelasescrituras.com\/wp-content\/uploads\/2026\/08\/imagen-1.png?resize=768%2C519&amp;ssl=1 768w, https:\/\/i0.wp.com\/atravesdelasescrituras.com\/wp-content\/uploads\/2026\/08\/imagen-1.png?resize=1200%2C811&amp;ssl=1 1200w, https:\/\/i0.wp.com\/atravesdelasescrituras.com\/wp-content\/uploads\/2026\/08\/imagen-1.png?w=1260&amp;ssl=1 1260w\" sizes=\"(max-width: 1024px) 100vw, 1024px\" \/><\/a><\/figure>\n\n\n\n<h2 id=\"porque-obedeciste-a-mi-voz\" class=\"wp-block-heading\">\u201cPorque obedeciste a mi voz\u201d<\/h2>\n\n\n\n<p class=\"wp-block-paragraph\">El \u00faltimo elemento de la declaraci\u00f3n es igualmente significativo:<\/p>\n\n\n\n<blockquote class=\"wp-block-quote is-layout-flow wp-block-quote-is-layout-flow\">\n<p class=\"wp-block-paragraph\">\u201cEn tu simiente ser\u00e1n benditas todas las naciones de la tierra, por cuanto obedeciste a mi voz\u201d (<a href=\"https:\/\/biblia.com\/bible\/rvr60\/Ge22.18\">Gn 22:18<\/a>).<\/p>\n<\/blockquote>\n\n\n\n<p class=\"wp-block-paragraph\">El hebreo concluye:<\/p>\n\n\n\n<blockquote class=\"wp-block-quote is-layout-flow wp-block-quote-is-layout-flow\">\n<p class=\"wp-block-paragraph\">\u05e2\u05b5\u05e7\u05b6\u05d1 \u05d0\u05b2\u05e9\u05b6\u05c1\u05e8 \u05e9\u05b8\u05c1\u05de\u05b7\u05e2\u05b0\u05ea\u05b8\u05bc \u05d1\u05b0\u05bc\u05e7\u05b9\u05dc\u05b4\u05d9<br><em>\u02bf\u0113qeb \u02be\u0103\u0161er \u0161\u0101ma\u02bft\u0101 beq\u014dl\u00ee<\/em><\/p>\n<\/blockquote>\n\n\n\n<p class=\"wp-block-paragraph\">\u201cporque has obedecido <strong>mi voz<\/strong>\u201d.<\/p>\n\n\n\n<p class=\"wp-block-paragraph\">La expresi\u00f3n <strong>\u05d1\u05b0\u05bc\u05e7\u05b9\u05dc\u05b4\u05d9 (<em>beq\u014dl\u00ee<\/em>)<\/strong>, \u201cmi voz\u201d, vuelve a plantear la cuesti\u00f3n de la identidad del hablante. La orden inicial hab\u00eda procedido de Dios (<a href=\"https:\/\/biblia.com\/bible\/rvr60\/Ge22.1-2\">Gn 22:1\u20132<\/a>); ahora el discurso pronunciado por el \u00c1ngel afirma que Abraham ha obedecido <strong>\u201cmi voz\u201d<\/strong>.<\/p>\n\n\n\n<p class=\"wp-block-paragraph\">Esto crea una inclusi\u00f3n narrativa extraordinariamente significativa:<\/p>\n\n\n\n<p class=\"wp-block-paragraph\"><strong>Dios habla \u2192 Abraham obedece \u2192 el \u00c1ngel interviene \u2192 el \u00c1ngel\/Yahv\u00e9 declara: \u201cobedeciste mi voz\u201d.<\/strong><\/p>\n\n\n\n<p class=\"wp-block-paragraph\">No es necesario concluir todav\u00eda que el texto formula una identidad ontol\u00f3gica absoluta entre el \u00c1ngel y Yahv\u00e9. Pero tampoco ser\u00eda adecuado ignorar la forma en que la narraci\u00f3n deliberadamente aproxima sus voces.<\/p>\n\n\n\n<p class=\"wp-block-paragraph\">Aqu\u00ed encontramos un principio metodol\u00f3gico importante para todo nuestro estudio. La identidad del \u00c1ngel de Yahv\u00e9 no debe construirse sobre una sola expresi\u00f3n \u2014\u201cde m\u00ed\u201d, \u201cmi voz\u201d o \u201cyo multiplicar\u00e9\u201d\u2014 sino sobre <strong>la acumulaci\u00f3n del patr\u00f3n<\/strong>.<\/p>\n\n\n\n<ul class=\"wp-block-list\">\n<li>En <a href=\"https:\/\/biblia.com\/bible\/rvr60\/Ge16.10\">G\u00e9nesis 16:10<\/a>, el \u00c1ngel dice: <strong>\u201cMultiplicar\u00e9 [&#8230;] tu descendencia\u201d<\/strong>.<\/li>\n\n\n\n<li>En <a href=\"https:\/\/biblia.com\/bible\/rvr60\/Ge16.11\">G\u00e9nesis 16:11<\/a>, habla de <strong>Yahv\u00e9<\/strong> en tercera persona.<\/li>\n\n\n\n<li>En <a href=\"https:\/\/biblia.com\/bible\/rvr60\/Ge16.13\">G\u00e9nesis 16:13<\/a>, el narrador identifica al interlocutor de Agar como <strong>\u201cYahv\u00e9 que hablaba con ella\u201d<\/strong>.<\/li>\n\n\n\n<li>En <a href=\"https:\/\/biblia.com\/bible\/rvr60\/Ge22.12\">G\u00e9nesis 22:12<\/a>, el \u00c1ngel dice que Abraham <strong>\u201cteme a Dios\u201d<\/strong>, pero a\u00f1ade que no ha retenido a Isaac <strong>\u201cde m\u00ed\u201d<\/strong>.<\/li>\n\n\n\n<li>En <a href=\"https:\/\/biblia.com\/bible\/rvr60\/Ge22.16\">G\u00e9nesis 22:16<\/a>, el mismo \u00c1ngel pronuncia: <strong>\u201cPor m\u00ed mismo he jurado, dice Yahv\u00e9\u201d<\/strong>.<\/li>\n\n\n\n<li>Y en <a href=\"https:\/\/biblia.com\/bible\/rvr60\/Ge22.18\">G\u00e9nesis 22:18<\/a>, concluye: <strong>\u201cobedeciste a mi voz\u201d<\/strong>.<\/li>\n<\/ul>\n\n\n\n<p class=\"wp-block-paragraph\">La evidencia acumulativa muestra, por tanto, una relaci\u00f3n que resulta dif\u00edcil reducir tanto a una identificaci\u00f3n simplista como a una separaci\u00f3n absoluta. <strong>El \u00c1ngel es distinguible de Yahv\u00e9 y, sin embargo, Yahv\u00e9 puede hacerse presente, hablar y actuar mediante \u00e9l de una manera que sobrepasa lo que normalmente esperar\u00edamos de un simple mensajero.<\/strong><\/p>\n\n\n\n<p class=\"wp-block-paragraph\">Esta tensi\u00f3n ser\u00e1 decisiva cuando lleguemos a <a href=\"https:\/\/biblia.com\/bible\/rvr60\/Ex23.20-21\">\u00c9xodo 23:20\u201321<\/a>, donde Yahv\u00e9 promete enviar un \u00c1ngel delante de Israel y ofrece una explicaci\u00f3n extraordinaria de su autoridad:<\/p>\n\n\n\n<blockquote class=\"wp-block-quote is-layout-flow wp-block-quote-is-layout-flow\">\n<p class=\"wp-block-paragraph\">\u201cGu\u00e1rdate delante de \u00e9l, y oye su voz; no le seas rebelde [&#8230;] porque <strong>mi nombre est\u00e1 en \u00e9l<\/strong>\u201d (<a href=\"https:\/\/biblia.com\/bible\/rvr60\/Ex23.21\">Ex 23:21<\/a>).<\/p>\n<\/blockquote>\n\n\n\n<p class=\"wp-block-paragraph\">La expresi\u00f3n \u201cmi nombre est\u00e1 en \u00e9l\u201d proporcionar\u00e1 posteriormente una de las claves m\u00e1s importantes para interpretar la relaci\u00f3n entre Yahv\u00e9 y su \u00c1ngel<sup data-fn=\"aa72c875-7903-499f-b044-7066928c0ecb\" class=\"fn\"><a href=\"#aa72c875-7903-499f-b044-7066928c0ecb\" id=\"aa72c875-7903-499f-b044-7066928c0ecb-link\">10<\/a><\/sup>.<\/p>\n\n\n\n<h2 id=\"valor-de-genesis-22-para-la-identificacion-del-angel\" class=\"wp-block-heading\">Valor de G\u00e9nesis 22 para la identificaci\u00f3n del \u00c1ngel<\/h2>\n\n\n\n<p class=\"wp-block-paragraph\">G\u00e9nesis 22 aporta as\u00ed un segundo testimonio fundamental despu\u00e9s de G\u00e9nesis 16. El \u00c1ngel es enviado y, por tanto, existe una dimensi\u00f3n de <strong>distinci\u00f3n<\/strong>; habla acerca de Dios y utiliza la f\u00f3rmula <em>ne\u02beum YHWH<\/em>, por lo que el texto no elimina esa diferenciaci\u00f3n. Sin embargo, simult\u00e1neamente afirma que Isaac no le ha sido retenido <strong>\u201ca m\u00ed\u201d<\/strong>, pronuncia en primera persona el juramento divino, participa en la reafirmaci\u00f3n de la promesa abrah\u00e1mica y concluye afirmando que Abraham ha obedecido <strong>\u201cmi voz\u201d<\/strong>.<\/p>\n\n\n\n<p class=\"wp-block-paragraph\">La interpretaci\u00f3n cristol\u00f3gica tradicional ver\u00e1 posteriormente en esta combinaci\u00f3n de <strong>distinci\u00f3n y participaci\u00f3n en la identidad divina<\/strong> un antecedente particularmente apropiado para comprender la relaci\u00f3n entre el Padre y el Logos. Sin embargo, esa conclusi\u00f3n pertenece a una etapa posterior de nuestro estudio. Exeg\u00e9ticamente, lo primero que debe afirmarse es algo m\u00e1s limitado pero igualmente importante: <strong>G\u00e9nesis 22 presenta al <em>mal\u02beakh YHWH<\/em> como un representante de Yahv\u00e9 cuya relaci\u00f3n con el Dios que lo env\u00eda es mucho m\u00e1s estrecha de lo que permitir\u00eda una comprensi\u00f3n ordinaria de la categor\u00eda \u201c\u00e1ngel\u201d.<\/strong><\/p>\n\n\n\n<p class=\"wp-block-paragraph\">El pr\u00f3ximo conjunto de textos profundizar\u00e1 todav\u00eda m\u00e1s esta dificultad. En la historia de Jacob encontraremos al <strong>\u201c\u00c1ngel de Dios\u201d declarando \u201cYo soy el Dios de Bet-el\u201d<\/strong> (<a href=\"https:\/\/biblia.com\/bible\/rvr60\/Ge31.11-13\">Gn 31:11\u201313<\/a>); posteriormente Jacob afirmar\u00e1 haber visto a <strong>Dios cara a cara<\/strong> despu\u00e9s de luchar con un misterioso \u201cvar\u00f3n\u201d (<a href=\"https:\/\/biblia.com\/bible\/rvr60\/Ge32.24-30\">Gn 32:24\u201330<\/a>); y, al final de su vida, colocar\u00e1 en sorprendente paralelismo a <strong>\u201cel Dios que me mantiene\u201d<\/strong> y <strong>\u201cel \u00c1ngel que me liberta de todo mal\u201d<\/strong>, pidiendo que este \u00faltimo bendiga a los hijos de Jos\u00e9 (<a href=\"https:\/\/biblia.com\/bible\/rvr60\/Ge48.15-16\">Gn 48:15\u201316<\/a>). Finalmente, <a href=\"https:\/\/biblia.com\/bible\/rvr60\/Ho12.3-5\">Oseas 12:3\u20135<\/a> reinterpretar\u00e1 el encuentro de Jacob utilizando conjuntamente los t\u00e9rminos <strong>Dios<\/strong>, <strong>\u00c1ngel<\/strong> y <strong>Yahv\u00e9 Dios de los ej\u00e9rcitos<\/strong><sup data-fn=\"893c794c-b394-424e-8865-beae5224883f\" class=\"fn\"><a href=\"#893c794c-b394-424e-8865-beae5224883f\" id=\"893c794c-b394-424e-8865-beae5224883f-link\">11<\/a><\/sup>.<\/p>\n\n\n\n<p class=\"wp-block-paragraph\">Es precisamente esta acumulaci\u00f3n de textos, y no un vers\u00edculo aislado, la que permitir\u00e1 evaluar con mayor rigor las distintas propuestas acerca de la identidad del misterioso <strong>\u00c1ngel de Yahv\u00e9<\/strong>.<\/p>\n\n\n\n<h1 id=\"jacob-el-angel-y-el-dios-de-bet-el-genesis-31-10-13-32-24-30-48-15-16-y-oseas-12-3-5\" class=\"wp-block-heading\">Jacob, el \u00c1ngel y el Dios de Bet-el: G\u00e9nesis 31:10\u201313; 32:24\u201330; 48:15\u201316 y Oseas 12:3\u20135<\/h1>\n\n\n\n<p class=\"wp-block-paragraph\">Las experiencias de Jacob constituyen uno de los conjuntos de textos m\u00e1s importantes para comprender la misteriosa relaci\u00f3n entre Dios y su \u00c1ngel en el Antiguo Testamento. A diferencia de las apariciones anteriores a Agar y Abraham, donde encontramos expresamente la designaci\u00f3n \u05de\u05b7\u05dc\u05b0\u05d0\u05b7\u05da\u05b0 \u05d9\u05b0\u05d4\u05d5\u05b8\u05d4 (<em>mal\u02beakh YHWH<\/em>, \u201c\u00c1ngel de Yahv\u00e9\u201d), los relatos relacionados con Jacob utilizan una terminolog\u00eda algo m\u00e1s variada. En <a href=\"https:\/\/biblia.com\/bible\/rvr60\/Ge31.11\">G\u00e9nesis 31:11<\/a> aparece el <strong>\u201c\u00c1ngel de Dios\u201d<\/strong> (<em>mal\u02beakh h\u0101\u02be\u0115l\u014dh\u00eem<\/em>); en <a href=\"https:\/\/biblia.com\/bible\/rvr60\/Ge32.24\">G\u00e9nesis 32:24<\/a> el misterioso adversario es denominado inicialmente <strong>\u201cvar\u00f3n\u201d<\/strong> (<em>\u02be\u00ee\u0161<\/em>); en <a href=\"https:\/\/biblia.com\/bible\/rvr60\/Ge48.16\">G\u00e9nesis 48:16<\/a> Jacob recuerda simplemente a <strong>\u201cel \u00c1ngel\u201d<\/strong> (<em>ham-mal\u02beakh<\/em>); y <a href=\"https:\/\/biblia.com\/bible\/rvr60\/Ho12.3-5\">Oseas 12:3\u20135<\/a>, al interpretar retrospectivamente la experiencia del patriarca, utiliza conjuntamente las categor\u00edas <em>Elohim<\/em>, <em>mal\u02beakh<\/em> y Yahv\u00e9.<\/p>\n\n\n\n<p class=\"wp-block-paragraph\">Esta diversidad terminol\u00f3gica exige cautela. No debemos identificar autom\u00e1ticamente todas estas figuras como si los t\u00e9rminos fueran estrictamente intercambiables. Sin embargo, tampoco podemos ignorar que dentro de la memoria narrativa de Jacob aparecen extraordinariamente entrelazadas. Precisamente esta tensi\u00f3n entre <strong>distinci\u00f3n y representaci\u00f3n divina<\/strong> constituye uno de los aspectos m\u00e1s relevantes del corpus.<\/p>\n\n\n\n<h2 id=\"el-angel-de-dios-que-declara-yo-soy-el-dios-de-bet-el\" class=\"wp-block-heading\">El \u00c1ngel de Dios que declara: \u201cYo soy el Dios de Bet-el\u201d<\/h2>\n\n\n\n<p class=\"wp-block-paragraph\">El primer episodio aparece dentro del conflicto entre Jacob y Lab\u00e1n. Jacob explica a Raquel y Lea c\u00f3mo Dios hab\u00eda intervenido providencialmente durante sus a\u00f1os de servicio. En ese contexto recuerda una revelaci\u00f3n recibida en sue\u00f1os:<\/p>\n\n\n\n<blockquote class=\"wp-block-quote is-layout-flow wp-block-quote-is-layout-flow\">\n<p class=\"wp-block-paragraph\">\u201cY me dijo el \u00e1ngel de Dios en sue\u00f1os: Jacob. Y yo dije: Heme aqu\u00ed\u201d (<a href=\"https:\/\/biblia.com\/bible\/rvr60\/Ge31.11\">Gn 31:11<\/a>).<\/p>\n<\/blockquote>\n\n\n\n<p class=\"wp-block-paragraph\">La identificaci\u00f3n inicial parece clara:<\/p>\n\n\n\n<figure class=\"wp-block-image alignright size-large is-resized\"><a href=\"https:\/\/i0.wp.com\/atravesdelasescrituras.com\/wp-content\/uploads\/2026\/08\/imagen.png?ssl=1\"><img data-recalc-dims=\"1\" loading=\"lazy\" decoding=\"async\" width=\"811\" height=\"1024\" data-attachment-id=\"57365\" data-permalink=\"https:\/\/atravesdelasescrituras.com\/es_es\/2026\/08\/10\/el-angel-del-senor-mensajero-divino-teofania-o-cristo-preencarnado\/imagen-182\/\" data-orig-file=\"https:\/\/atravesdelasescrituras.com\/wp-content\/uploads\/2026\/08\/imagen.png\" data-orig-size=\"998,1260\" data-comments-opened=\"1\" data-image-meta=\"{&quot;aperture&quot;:&quot;0&quot;,&quot;credit&quot;:&quot;&quot;,&quot;camera&quot;:&quot;&quot;,&quot;caption&quot;:&quot;&quot;,&quot;created_timestamp&quot;:&quot;0&quot;,&quot;copyright&quot;:&quot;&quot;,&quot;focal_length&quot;:&quot;0&quot;,&quot;iso&quot;:&quot;0&quot;,&quot;shutter_speed&quot;:&quot;0&quot;,&quot;title&quot;:&quot;&quot;,&quot;orientation&quot;:&quot;0&quot;,&quot;alt&quot;:&quot;&quot;}\" data-image-title=\"imagen\" data-image-description=\"\" data-image-caption=\"\" data-large-file=\"https:\/\/atravesdelasescrituras.com\/wp-content\/uploads\/2026\/08\/imagen-811x1024.png\" src=\"https:\/\/i0.wp.com\/atravesdelasescrituras.com\/wp-content\/uploads\/2026\/08\/imagen.png?resize=811%2C1024&#038;ssl=1\" alt=\"\" class=\"wp-image-57365\" style=\"aspect-ratio:0.7919948697723949;width:300px;height:auto\" srcset=\"https:\/\/i0.wp.com\/atravesdelasescrituras.com\/wp-content\/uploads\/2026\/08\/imagen.png?resize=811%2C1024&amp;ssl=1 811w, https:\/\/i0.wp.com\/atravesdelasescrituras.com\/wp-content\/uploads\/2026\/08\/imagen.png?resize=238%2C300&amp;ssl=1 238w, https:\/\/i0.wp.com\/atravesdelasescrituras.com\/wp-content\/uploads\/2026\/08\/imagen.png?resize=768%2C970&amp;ssl=1 768w, https:\/\/i0.wp.com\/atravesdelasescrituras.com\/wp-content\/uploads\/2026\/08\/imagen.png?w=998&amp;ssl=1 998w\" sizes=\"(max-width: 811px) 100vw, 811px\" \/><\/a><\/figure>\n\n\n\n<blockquote class=\"wp-block-quote is-layout-flow wp-block-quote-is-layout-flow\">\n<p class=\"wp-block-paragraph\">\u05de\u05b7\u05dc\u05b0\u05d0\u05b7\u05da\u05b0 \u05d4\u05b8\u05d0\u05b1\u05dc\u05b9\u05d4\u05b4\u05d9\u05dd<br><em>mal\u02beakh h\u0101\u02be\u0115l\u014dh\u00eem<\/em><br>\u201cel \u00c1ngel de Dios\u201d.<\/p>\n<\/blockquote>\n\n\n\n<p class=\"wp-block-paragraph\">Por s\u00ed misma, esta expresi\u00f3n podr\u00eda designar simplemente a un mensajero celestial enviado por Dios. Sin embargo, dos vers\u00edculos despu\u00e9s ese mismo interlocutor declara:<\/p>\n\n\n\n<blockquote class=\"wp-block-quote is-layout-flow wp-block-quote-is-layout-flow\">\n<p class=\"wp-block-paragraph\">\u05d0\u05b8\u05e0\u05b9\u05db\u05b4\u05d9 \u05d4\u05b8\u05d0\u05b5\u05dc \u05d1\u05b5\u05bc\u05d9\u05ea\u05be\u05d0\u05b5\u05dc<br><em>\u02be\u0101n\u014dk\u00ee h\u0101\u02be\u0113l B\u00eat-\u02be\u0112l<\/em><br>\u201cYo soy el Dios de Bet-el\u201d (<a href=\"https:\/\/biblia.com\/bible\/rvr60\/Ge31.13\">Gn 31:13<\/a>).<\/p>\n<\/blockquote>\n\n\n\n<p class=\"wp-block-paragraph\">El pronombre \u05d0\u05b8\u05e0\u05b9\u05db\u05b4\u05d9 (<em>\u02be\u0101n\u014dk\u00ee<\/em>, \u201cyo\u201d) es enf\u00e1tico. No aparece una nueva introducci\u00f3n narrativa que indique la llegada de otro personaje, ni una f\u00f3rmula expl\u00edcita como \u201cAs\u00ed dice Dios\u201d. El personaje identificado como \u201c\u00c1ngel de Dios\u201d pronuncia directamente: <strong>\u201cYo soy el Dios de Bet-el.\u201d<\/strong><\/p>\n\n\n\n<p class=\"wp-block-paragraph\">La referencia a Bet-el permite comprobar todav\u00eda mejor la fuerza de la declaraci\u00f3n. A\u00f1os antes, cuando Jacob hu\u00eda de Esa\u00fa, hab\u00eda recibido all\u00ed la visi\u00f3n de la escalera. El personaje que se revel\u00f3 entonces hab\u00eda declarado:<\/p>\n\n\n\n<blockquote class=\"wp-block-quote is-layout-flow wp-block-quote-is-layout-flow\">\n<p class=\"wp-block-paragraph\">\u201cYo soy Jehov\u00e1, el Dios de Abraham tu padre, y el Dios de Isaac\u201d (<a href=\"https:\/\/biblia.com\/bible\/rvr60\/Ge28.13\">Gn 28:13<\/a>).<\/p>\n<\/blockquote>\n\n\n\n<p class=\"wp-block-paragraph\">Jacob respondi\u00f3:<\/p>\n\n\n\n<blockquote class=\"wp-block-quote is-layout-flow wp-block-quote-is-layout-flow\">\n<p class=\"wp-block-paragraph\">\u201cCiertamente Jehov\u00e1 est\u00e1 en este lugar, y yo no lo sab\u00eda\u201d (<a href=\"https:\/\/biblia.com\/bible\/rvr60\/Ge28.16\">Gn 28:16<\/a>).<\/p>\n<\/blockquote>\n\n\n\n<p class=\"wp-block-paragraph\">Despu\u00e9s levant\u00f3 la piedra, derram\u00f3 aceite sobre ella y realiz\u00f3 un voto (<a href=\"https:\/\/biblia.com\/bible\/rvr60\/Ge28.18-22\">Gn 28:18\u201322<\/a>). Sin embargo, cuando el \u00c1ngel recuerda posteriormente ese acontecimiento, afirma:<\/p>\n\n\n\n<blockquote class=\"wp-block-quote is-layout-flow wp-block-quote-is-layout-flow\">\n<p class=\"wp-block-paragraph\">\u201cYo soy el Dios de Bet-el, donde t\u00fa ungiste la piedra, y donde <strong>me hiciste un voto<\/strong>\u201d (<a href=\"https:\/\/biblia.com\/bible\/rvr60\/Ge31.13\">Gn 31:13<\/a>).<\/p>\n<\/blockquote>\n\n\n\n<p class=\"wp-block-paragraph\">Esta \u00faltima expresi\u00f3n es particularmente importante. El voto que G\u00e9nesis 28 hab\u00eda situado dentro del encuentro de Jacob con Yahv\u00e9 es recordado ahora por el \u00c1ngel mediante la primera persona: <strong>\u201cme hiciste un voto\u201d<\/strong>.<\/p>\n\n\n\n<p class=\"wp-block-paragraph\">El fen\u00f3meno se parece notablemente al observado en Abraham. En <a href=\"https:\/\/biblia.com\/bible\/rvr60\/Ge22.12\">G\u00e9nesis 22:12<\/a>, el \u00c1ngel hab\u00eda dicho: \u201cno <strong>me<\/strong> rehusaste tu hijo\u201d; en <a href=\"https:\/\/biblia.com\/bible\/rvr60\/Ge31.13\">G\u00e9nesis 31:13<\/a>, el \u00c1ngel de Dios afirma: \u201c<strong>me<\/strong> hiciste un voto\u201d. En ambos casos, una acci\u00f3n cuyo destinatario en el contexto narrativo es Dios aparece posteriormente asumida por el mensajero divino en primera persona.<\/p>\n\n\n\n<p class=\"wp-block-paragraph\">Comentaristas modernos como <strong>Victor P. Hamilton<\/strong> y <strong>Gordon J. Wenham<\/strong>, al tratar este pasaje dentro del ciclo de Jacob, llaman la atenci\u00f3n sobre la estrecha relaci\u00f3n entre la revelaci\u00f3n de G\u00e9nesis 31 y la teofan\u00eda anterior de Bet-el. La declaraci\u00f3n no introduce a un nuevo dios ni una nueva revelaci\u00f3n independiente, sino que remite expresamente al Dios que se hab\u00eda manifestado anteriormente a Jacob.<sup data-fn=\"d31a5f9c-25a4-45db-8721-b4af77c2dc0a\" class=\"fn\"><a href=\"#d31a5f9c-25a4-45db-8721-b4af77c2dc0a\" id=\"d31a5f9c-25a4-45db-8721-b4af77c2dc0a-link\">12<\/a><\/sup> La cuesti\u00f3n exeg\u00e9tica consiste precisamente en explicar por qu\u00e9 el personaje denominado \u201c\u00c1ngel de Dios\u201d puede representar aquella identidad divina mediante un \u201cyo\u201d tan directo.<\/p>\n\n\n\n<p class=\"wp-block-paragraph\">La tradici\u00f3n exeg\u00e9tica jud\u00eda ofrece aqu\u00ed una explicaci\u00f3n particularmente importante. <strong>Rashi<\/strong>, <strong>Ibn Ezra<\/strong> y otros comentaristas medievales no deducen de este lenguaje que exista una segunda persona divina. La explicaci\u00f3n se mueve dentro de la concepci\u00f3n del \u00e1ngel como <strong>mensajero autorizado de Dios<\/strong><sup data-fn=\"453188f5-ba81-486b-914f-3f646795a4d2\" class=\"fn\"><a href=\"#453188f5-ba81-486b-914f-3f646795a4d2\" id=\"453188f5-ba81-486b-914f-3f646795a4d2-link\">13<\/a><\/sup>: aquel que transmite el mensaje puede pronunciar las palabras del remitente en primera persona. El \u201cyo\u201d pertenece \u00faltimamente a Dios, aunque sea el \u00c1ngel quien pronuncie el mensaje.<\/p>\n\n\n\n<p class=\"wp-block-paragraph\">Esta interpretaci\u00f3n debe tomarse seriamente porque <em>mal\u02beakh<\/em> significa precisamente \u201cmensajero\u201d. El concepto de misi\u00f3n est\u00e1 incorporado en la propia denominaci\u00f3n del personaje. La cuesti\u00f3n no es, por tanto, si existe representaci\u00f3n, sino <strong>hasta qu\u00e9 punto debe entenderse esa representaci\u00f3n<\/strong>.<\/p>\n\n\n\n<p class=\"wp-block-paragraph\">La interpretaci\u00f3n representativa explica satisfactoriamente c\u00f3mo el \u00c1ngel puede transmitir palabras de Dios en primera persona. Sin embargo, permanece un dato narrativo significativo: G\u00e9nesis no introduce una f\u00f3rmula de transici\u00f3n entre \u201cel \u00c1ngel de Dios\u201d (<a href=\"https:\/\/biblia.com\/bible\/rvr60\/Ge31.11\">Gn 31:11<\/a>) y \u201cYo soy el Dios de Bet-el\u201d (<a href=\"https:\/\/biblia.com\/bible\/rvr60\/Ge31.13\">Gn 31:13<\/a>). La identificaci\u00f3n representativa es tan estrecha que el discurso puede desplazarse del enviado al remitente sin explicaci\u00f3n adicional.<\/p>\n\n\n\n<p class=\"wp-block-paragraph\">Este fen\u00f3meno ser\u00e1 importante posteriormente, porque la interpretaci\u00f3n cristiana antigua ver\u00e1 precisamente en esta clase de textos algo m\u00e1s que una representaci\u00f3n angelical ordinaria. Sin embargo, metodol\u00f3gicamente debemos permitir primero que el fen\u00f3meno sea explicado dentro de su contexto veterotestamentario antes de proyectar sobre \u00e9l categor\u00edas cristol\u00f3gicas posteriores.<\/p>\n\n\n\n<h2 id=\"jacob-y-el-misterioso-varon-de-peniel\" class=\"wp-block-heading\">Jacob y el misterioso \u201cvar\u00f3n\u201d de Peniel<\/h2>\n\n\n\n<p class=\"wp-block-paragraph\">La cuesti\u00f3n se vuelve todav\u00eda m\u00e1s compleja en <a href=\"https:\/\/biblia.com\/bible\/rvr60\/Ge32.24-30\">G\u00e9nesis 32:24\u201330<\/a>. Jacob est\u00e1 a punto de reencontrarse con Esa\u00fa. Ha enviado a su familia y posesiones al otro lado del Jaboc y permanece completamente solo. Entonces ocurre uno de los episodios m\u00e1s enigm\u00e1ticos de G\u00e9nesis:<\/p>\n\n\n\n<blockquote class=\"wp-block-quote is-layout-flow wp-block-quote-is-layout-flow\">\n<p class=\"wp-block-paragraph\">\u201cAs\u00ed se qued\u00f3 Jacob solo; y luch\u00f3 con \u00e9l un var\u00f3n hasta que rayaba el alba\u201d (<a href=\"https:\/\/biblia.com\/bible\/rvr60\/Ge32.24\">Gn 32:24<\/a>).<\/p>\n<\/blockquote>\n\n\n\n<p class=\"wp-block-paragraph\">El t\u00e9rmino utilizado para describir inicialmente al adversario es:<\/p>\n\n\n\n<blockquote class=\"wp-block-quote is-layout-flow wp-block-quote-is-layout-flow\">\n<p class=\"wp-block-paragraph\">\u05d0\u05b4\u05d9\u05e9\u05c1<br><em>\u02be\u00ee\u0161<\/em><br>\u201chombre \/ var\u00f3n\u201d.<\/p>\n<\/blockquote>\n\n\n\n<p class=\"wp-block-paragraph\">El narrador no proporciona inmediatamente ninguna otra identificaci\u00f3n. Este silencio parece deliberado. El lector descubre progresivamente, junto con Jacob, que aquel <em>\u02be\u00ee\u0161<\/em> no es un ser humano ordinario.<\/p>\n\n\n\n<p class=\"wp-block-paragraph\">Durante la lucha, el misterioso adversario toca la coyuntura del muslo de Jacob y esta queda descoyuntada (<a href=\"https:\/\/biblia.com\/bible\/rvr60\/Ge32.25\">Gn 32:25<\/a>). El detalle resulta significativo. El personaje que aparentemente ha luchado durante horas con Jacob puede incapacitarlo mediante un simple toque. La escena, por tanto, no pretende describir dos adversarios de fuerza equivalente.<\/p>\n\n\n\n<p class=\"wp-block-paragraph\">Jacob comprende que se encuentra ante alguien capaz de otorgarle algo que ning\u00fan adversario humano ordinario podr\u00eda proporcionarle y declara:<\/p>\n\n\n\n<blockquote class=\"wp-block-quote is-layout-flow wp-block-quote-is-layout-flow\">\n<p class=\"wp-block-paragraph\">\u201cNo te dejar\u00e9, si no me bendices\u201d (<a href=\"https:\/\/biblia.com\/bible\/rvr60\/Ge32.26\">Gn 32:26<\/a>).<\/p>\n<\/blockquote>\n\n\n\n<p class=\"wp-block-paragraph\">La petici\u00f3n de bendici\u00f3n constituye un punto de inflexi\u00f3n. El combate deja de ser simplemente f\u00edsico y se transforma en una b\u00fasqueda de favor.<\/p>\n\n\n\n<p class=\"wp-block-paragraph\">Entonces el personaje pregunta el nombre de Jacob y declara:<\/p>\n\n\n\n<blockquote class=\"wp-block-quote is-layout-flow wp-block-quote-is-layout-flow\">\n<p class=\"wp-block-paragraph\">\u201cNo se dir\u00e1 m\u00e1s tu nombre Jacob, sino Israel; porque has luchado con Dios y con los hombres, y has vencido\u201d (<a href=\"https:\/\/biblia.com\/bible\/rvr60\/Ge32.28\">Gn 32:28<\/a>).<\/p>\n<\/blockquote>\n\n\n\n<p class=\"wp-block-paragraph\">El hebreo contiene la expresi\u00f3n:<\/p>\n\n\n\n<blockquote class=\"wp-block-quote is-layout-flow wp-block-quote-is-layout-flow\">\n<p class=\"wp-block-paragraph\">\u05db\u05b4\u05bc\u05d9\u05be\u05e9\u05b8\u05c2\u05e8\u05b4\u05d9\u05ea\u05b8 \u05e2\u05b4\u05dd\u05be\u05d0\u05b1\u05dc\u05b9\u05d4\u05b4\u05d9\u05dd \u05d5\u05b0\u05e2\u05b4\u05dd\u05be\u05d0\u05b2\u05e0\u05b8\u05e9\u05b4\u05c1\u05d9\u05dd<br><em>k\u00ee \u015b\u0101r\u00eet\u0101 \u02bfim-\u02be\u0115l\u014dh\u00eem we\u02bfim-\u02be\u0103n\u0101\u0161\u00eem<\/em><\/p>\n<\/blockquote>\n\n\n\n<p class=\"wp-block-paragraph\">\u201cporque has luchado con <em>Elohim<\/em> y con hombres\u201d.<\/p>\n\n\n\n<p class=\"wp-block-paragraph\">El relato que comenz\u00f3 con un <em>\u02be\u00ee\u0161<\/em> conduce as\u00ed al lector hacia <em>Elohim<\/em>.<\/p>\n\n\n\n<p class=\"wp-block-paragraph\">Jacob intenta entonces conocer el nombre del personaje:<\/p>\n\n\n\n<blockquote class=\"wp-block-quote is-layout-flow wp-block-quote-is-layout-flow\">\n<p class=\"wp-block-paragraph\">\u201cDecl\u00e1rame ahora tu nombre\u201d (<a href=\"https:\/\/biblia.com\/bible\/rvr60\/Ge32.29\">Gn 32:29<\/a>).<\/p>\n<\/blockquote>\n\n\n\n<p class=\"wp-block-paragraph\">La respuesta resulta enigm\u00e1tica:<\/p>\n\n\n\n<blockquote class=\"wp-block-quote is-layout-flow wp-block-quote-is-layout-flow\">\n<p class=\"wp-block-paragraph\">\u201c\u00bfPor qu\u00e9 me preguntas por mi nombre?\u201d (<a href=\"https:\/\/biblia.com\/bible\/rvr60\/Ge32.29\">Gn 32:29<\/a>).<\/p>\n<\/blockquote>\n\n\n\n<p class=\"wp-block-paragraph\">Y acto seguido:<\/p>\n\n\n\n<blockquote class=\"wp-block-quote is-layout-flow wp-block-quote-is-layout-flow\">\n<p class=\"wp-block-paragraph\">\u201cY lo bendijo all\u00ed\u201d (<a href=\"https:\/\/biblia.com\/bible\/rvr60\/Ge32.29\">Gn 32:29<\/a>).<\/p>\n<\/blockquote>\n\n\n\n<p class=\"wp-block-paragraph\">El personaje reh\u00fasa revelar su nombre, pero concede la bendici\u00f3n solicitada. Jacob interpreta entonces lo ocurrido:<\/p>\n\n\n\n<blockquote class=\"wp-block-quote is-layout-flow wp-block-quote-is-layout-flow\">\n<p class=\"wp-block-paragraph\">\u201cVi a Dios cara a cara, y fue librada mi alma\u201d (<a href=\"https:\/\/biblia.com\/bible\/rvr60\/Ge32.30\">Gn 32:30<\/a>).<\/p>\n<\/blockquote>\n\n\n\n<p class=\"wp-block-paragraph\">El hebreo es particularmente fuerte:<\/p>\n\n\n\n<blockquote class=\"wp-block-quote is-layout-flow wp-block-quote-is-layout-flow\">\n<p class=\"wp-block-paragraph\">\u05db\u05b4\u05bc\u05d9\u05be\u05e8\u05b8\u05d0\u05b4\u05d9\u05ea\u05b4\u05d9 \u05d0\u05b1\u05dc\u05b9\u05d4\u05b4\u05d9\u05dd \u05e4\u05b8\u05bc\u05e0\u05b4\u05d9\u05dd \u05d0\u05b6\u05dc\u05be\u05e4\u05b8\u05bc\u05e0\u05b4\u05d9\u05dd<br><em>k\u00ee-r\u0101\u02be\u00eet\u00ee \u02be\u0115l\u014dh\u00eem p\u0101n\u00eem \u02beel-p\u0101n\u00eem<\/em><\/p>\n<\/blockquote>\n\n\n\n<p class=\"wp-block-paragraph\">\u201cporque he visto a <em>Elohim<\/em> rostro a rostro\u201d.<\/p>\n\n\n\n<p class=\"wp-block-paragraph\">Jacob denomina por ello al lugar <strong>Peniel<\/strong>, \u05e4\u05b0\u05bc\u05e0\u05b4\u05d9\u05d0\u05b5\u05dc (<em>Pen\u00ee\u02be\u0113l<\/em>), \u201crostro de Dios\u201d.<\/p>\n\n\n\n<p class=\"wp-block-paragraph\"><strong>Gordon J. Wenham<\/strong>, <strong>Victor P. Hamilton<\/strong> y <strong>Nahum M. Sarna<\/strong>, desde perspectivas distintas, reconocen la deliberada progresi\u00f3n narrativa mediante la cual el adversario inicialmente humano adquiere una identidad sobrenatural.<sup data-fn=\"5a9dce57-b968-4e58-a8ea-4567c8e69846\" class=\"fn\"><a href=\"#5a9dce57-b968-4e58-a8ea-4567c8e69846\" id=\"5a9dce57-b968-4e58-a8ea-4567c8e69846-link\">14<\/a><\/sup> El relato no comienza explicando qui\u00e9n es el personaje; permite que sus acciones, su autoridad para cambiar el nombre del patriarca, su capacidad para bendecir y finalmente la confesi\u00f3n de Jacob revelen progresivamente la trascendencia del encuentro.<\/p>\n\n\n\n<p class=\"wp-block-paragraph\">Pero precisamente aqu\u00ed la tradici\u00f3n jud\u00eda proporciona un importante contrapeso interpretativo. <strong>Rashi<\/strong>, siguiendo una tradici\u00f3n rab\u00ednica anterior, identifica al misterioso adversario con:<\/p>\n\n\n\n<blockquote class=\"wp-block-quote is-layout-flow wp-block-quote-is-layout-flow\">\n<p class=\"wp-block-paragraph\">\u05e9\u05b8\u05c2\u05e8\u05d5\u05b9 \u05e9\u05b6\u05c1\u05dc \u05e2\u05b5\u05e9\u05b8\u05c2\u05d5<br><em>\u015bar\u00f4 \u0161el \u02bfEsav<\/em><br>\u201cel pr\u00edncipe de Esa\u00fa\u201d.<sup data-fn=\"ccea0761-6e98-44c4-b6d9-b2b4bc41455c\" class=\"fn\"><a href=\"#ccea0761-6e98-44c4-b6d9-b2b4bc41455c\" id=\"ccea0761-6e98-44c4-b6d9-b2b4bc41455c-link\">15<\/a><\/sup><\/p>\n<\/blockquote>\n\n\n\n<p class=\"wp-block-paragraph\">Seg\u00fan esta interpretaci\u00f3n, Jacob no est\u00e1 luchando directamente con Dios, sino con el representante celestial de Esa\u00fa<sup data-fn=\"19da2226-c884-46a0-898f-09aae89b23f9\" class=\"fn\"><a href=\"#19da2226-c884-46a0-898f-09aae89b23f9\" id=\"19da2226-c884-46a0-898f-09aae89b23f9-link\">16<\/a><\/sup>. La escena posee entonces una dimensi\u00f3n simb\u00f3lica y prof\u00e9tica: antes de encontrarse f\u00edsicamente con Esa\u00fa, Jacob se enfrenta espiritualmente con el poder que representa a Esa\u00fa.<\/p>\n\n\n\n<p class=\"wp-block-paragraph\">Esta lectura permite explicar por qu\u00e9 Jacob pudo encontrarse con un ser sobrenatural sin que ese ser fuese ontol\u00f3gicamente Yahv\u00e9. Pero inmediatamente surge una pregunta: \u00bfpor qu\u00e9 afirma Jacob entonces \u201cVi a Dios cara a cara\u201d?<\/p>\n\n\n\n<p class=\"wp-block-paragraph\">Desde la perspectiva representativa, la respuesta ser\u00eda que encontrarse con el representante celestial de Dios puede describirse como encontrarse con Dios mismo en cuanto su autoridad y presencia est\u00e1n mediadas por ese enviado. El lenguaje no exige necesariamente identidad ontol\u00f3gica.<\/p>\n\n\n\n<p class=\"wp-block-paragraph\"><strong>Ramban (Najm\u00e1nides)<\/strong> desarrolla todav\u00eda m\u00e1s el car\u00e1cter simb\u00f3lico del acontecimiento. Para \u00e9l, la lucha constituye una especie de se\u00f1al prof\u00e9tica acerca del futuro de Israel. As\u00ed como Jacob puede ser herido pero no vencido definitivamente, Israel sufrir\u00e1 a manos de sus adversarios \u2014especialmente los poderes asociados con Esa\u00fa\/Edom\u2014 pero no ser\u00e1 destruido.<sup data-fn=\"b955c58e-3ebd-4500-812f-0a5d136ee816\" class=\"fn\"><a href=\"#b955c58e-3ebd-4500-812f-0a5d136ee816\" id=\"b955c58e-3ebd-4500-812f-0a5d136ee816-link\">17<\/a><\/sup> La lesi\u00f3n en el muslo se convierte as\u00ed en signo de sufrimiento hist\u00f3rico dentro de una historia cuyo desenlace permanece bajo la providencia divina.<\/p>\n\n\n\n<p class=\"wp-block-paragraph\">Este comentario resulta especialmente \u00fatil porque muestra que la ex\u00e9gesis jud\u00eda no necesita reducir el episodio a una experiencia psicol\u00f3gica o un simple sue\u00f1o. Puede afirmar la realidad del encuentro angelical y su profunda significaci\u00f3n teol\u00f3gica manteniendo simult\u00e1neamente la diferencia ontol\u00f3gica entre el \u00c1ngel y Dios.<\/p>\n\n\n\n<h2 id=\"oseas-12-una-interpretacion-biblica-de-la-identidad-del-adversario\" class=\"wp-block-heading\">Oseas 12: una interpretaci\u00f3n b\u00edblica de la identidad del adversario<\/h2>\n\n\n\n<p class=\"wp-block-paragraph\">Hasta este punto podr\u00edamos preguntarnos si la identificaci\u00f3n angelical depende exclusivamente de interpretaciones posteriores. Sin embargo, <a href=\"https:\/\/biblia.com\/bible\/rvr60\/Ho12.3-5\">Oseas 12:3\u20135<\/a> proporciona un testimonio extraordinariamente importante porque constituye una <strong>reinterpretaci\u00f3n intrab\u00edblica<\/strong> de la historia de Jacob.<\/p>\n\n\n\n<p class=\"wp-block-paragraph\">Oseas recuerda:<\/p>\n\n\n\n<blockquote class=\"wp-block-quote is-layout-flow wp-block-quote-is-layout-flow\">\n<p class=\"wp-block-paragraph\">\u201cEn el seno materno tom\u00f3 por el calca\u00f1ar a su hermano, y con su poder venci\u00f3 al \u00e1ngel. Venci\u00f3 al \u00e1ngel, y prevaleci\u00f3; llor\u00f3, y le rog\u00f3\u201d (<a href=\"https:\/\/biblia.com\/bible\/rvr60\/Ho12.3-4\">Os 12:3\u20134<\/a>).<\/p>\n<\/blockquote>\n\n\n\n<p class=\"wp-block-paragraph\">Existe aqu\u00ed un detalle que la traducci\u00f3n puede ocultar. En <a href=\"https:\/\/biblia.com\/bible\/rvr60\/Ho12.3\">Oseas 12:3<\/a>, el hebreo habla de Jacob luchando con:<\/p>\n\n\n\n<blockquote class=\"wp-block-quote is-layout-flow wp-block-quote-is-layout-flow\">\n<p class=\"wp-block-paragraph\">\u05d0\u05b1\u05dc\u05b9\u05d4\u05b4\u05d9\u05dd<br><em>\u02be\u0115l\u014dh\u00eem<\/em><\/p>\n<\/blockquote>\n\n\n\n<p class=\"wp-block-paragraph\">mientras que el vers\u00edculo siguiente denomina al personaje:<\/p>\n\n\n\n<blockquote class=\"wp-block-quote is-layout-flow wp-block-quote-is-layout-flow\">\n<p class=\"wp-block-paragraph\">\u05de\u05b7\u05dc\u05b0\u05d0\u05b8\u05da\u05b0<br><em>mal\u02beakh<\/em><br>\u201c\u00e1ngel \/ mensajero\u201d.<\/p>\n<\/blockquote>\n\n\n\n<p class=\"wp-block-paragraph\">Por tanto, la relaci\u00f3n entre <em>Elohim<\/em> y <em>mal\u02beakh<\/em> en la interpretaci\u00f3n de la lucha no es producto de Justino M\u00e1rtir, los Padres de la Iglesia o la teolog\u00eda cristiana posterior. <strong>Ya aparece dentro de la interpretaci\u00f3n prof\u00e9tica israelita de la tradici\u00f3n de Jacob.<\/strong><\/p>\n\n\n\n<p class=\"wp-block-paragraph\">No obstante, Oseas contin\u00faa:<\/p>\n\n\n\n<blockquote class=\"wp-block-quote is-layout-flow wp-block-quote-is-layout-flow\">\n<p class=\"wp-block-paragraph\">\u201cMas Jehov\u00e1 es Dios de los ej\u00e9rcitos; Jehov\u00e1 es su nombre\u201d (<a href=\"https:\/\/biblia.com\/bible\/rvr60\/Ho12.5\">Os 12:5<\/a>).<\/p>\n<\/blockquote>\n\n\n\n<p class=\"wp-block-paragraph\">Esto exige nuevamente equilibrio. Una lectura cristol\u00f3gica podr\u00eda sentirse tentada a establecer inmediatamente:<\/p>\n\n\n\n<p class=\"wp-block-paragraph\"><strong>hombre = \u00c1ngel = Elohim = Yahv\u00e9.<\/strong><\/p>\n\n\n\n<p class=\"wp-block-paragraph\">Pero el texto no formula expl\u00edcitamente esa ecuaci\u00f3n ontol\u00f3gica. En su contexto prof\u00e9tico, Oseas est\u00e1 utilizando la historia de Jacob para confrontar al Israel de su propio tiempo y dirigirlo nuevamente hacia Yahv\u00e9.<\/p>\n\n\n\n<p class=\"wp-block-paragraph\">Por esta raz\u00f3n, la interpretaci\u00f3n jud\u00eda puede leer coherentemente la secuencia como una distinci\u00f3n: Jacob se encontr\u00f3 con un mensajero celestial, pero el poder y la bendici\u00f3n experimentados mediante ese mensajero proced\u00edan en \u00faltimo t\u00e9rmino de <strong>Yahv\u00e9, Dios de los ej\u00e9rcitos<\/strong>.<\/p>\n\n\n\n<p class=\"wp-block-paragraph\">Esta lectura merece atenci\u00f3n precisamente porque evita utilizar la palabra <em>Elohim<\/em> como si siempre fuese una definici\u00f3n metaf\u00edsica inequ\u00edvoca. Al mismo tiempo, la lectura cristiana posterior tendr\u00e1 motivos textuales para preguntar por qu\u00e9 la representaci\u00f3n divina mediante el \u00c1ngel alcanza repetidamente un grado tan extraordinario. La tensi\u00f3n permanece abierta.<\/p>\n\n\n\n<h2 id=\"el-angel-que-me-redime-de-todo-mal\" class=\"wp-block-heading\">\u201cEl \u00c1ngel que me redime de todo mal\u201d<\/h2>\n\n\n\n<p class=\"wp-block-paragraph\">El \u00faltimo episodio relacionado con Jacob resulta quiz\u00e1 todav\u00eda m\u00e1s importante. Al final de su vida, cuando bendice a Efra\u00edn y Manas\u00e9s, Jacob mira retrospectivamente toda su historia y declara:<\/p>\n\n\n\n<blockquote class=\"wp-block-quote is-layout-flow wp-block-quote-is-layout-flow\">\n<p class=\"wp-block-paragraph\">\u201cEl Dios en cuya presencia anduvieron mis padres Abraham e Isaac, el Dios que me mantiene desde que yo soy hasta este d\u00eda, el \u00c1ngel que me liberta de todo mal, bendiga a estos j\u00f3venes\u201d (<a href=\"https:\/\/biblia.com\/bible\/rvr60\/Ge48.15-16\">Gn 48:15\u201316<\/a>).<\/p>\n<\/blockquote>\n\n\n\n<p class=\"wp-block-paragraph\">La estructura hebrea merece una atenci\u00f3n especial:<\/p>\n\n\n\n<blockquote class=\"wp-block-quote is-layout-flow wp-block-quote-is-layout-flow\">\n<p class=\"wp-block-paragraph\">\u05d4\u05b8\u05d0\u05b1\u05dc\u05b9\u05d4\u05b4\u05d9\u05dd<br><em>h\u0101\u02be\u0115l\u014dh\u00eem<\/em><br>\u201cel Dios&#8230;\u201d<\/p>\n<\/blockquote>\n\n\n\n<p class=\"wp-block-paragraph\">seguido nuevamente por:<\/p>\n\n\n\n<blockquote class=\"wp-block-quote is-layout-flow wp-block-quote-is-layout-flow\">\n<p class=\"wp-block-paragraph\">\u05d4\u05b8\u05d0\u05b1\u05dc\u05b9\u05d4\u05b4\u05d9\u05dd<br><em>h\u0101\u02be\u0115l\u014dh\u00eem<\/em><br>\u201cel Dios&#8230;\u201d<\/p>\n<\/blockquote>\n\n\n\n<p class=\"wp-block-paragraph\">y finalmente:<\/p>\n\n\n\n<blockquote class=\"wp-block-quote is-layout-flow wp-block-quote-is-layout-flow\">\n<p class=\"wp-block-paragraph\">\u05d4\u05b7\u05de\u05b7\u05bc\u05dc\u05b0\u05d0\u05b8\u05da\u05b0<br><em>ham-mal\u02beakh<\/em><br>\u201cel \u00c1ngel&#8230;\u201d<\/p>\n<\/blockquote>\n\n\n\n<p class=\"wp-block-paragraph\">La estructura puede visualizarse as\u00ed:<\/p>\n\n\n\n<p class=\"wp-block-paragraph\"><strong>el Dios ante quien caminaron Abraham e Isaac,<br>el Dios que me ha pastoreado toda mi vida,<br>el \u00c1ngel que me ha redimido de todo mal&#8230;<br>bendiga a estos j\u00f3venes.<\/strong><\/p>\n\n\n\n<p class=\"wp-block-paragraph\">El t\u00e9rmino utilizado para describir la acci\u00f3n del \u00c1ngel es especialmente significativo:<\/p>\n\n\n\n<blockquote class=\"wp-block-quote is-layout-flow wp-block-quote-is-layout-flow\">\n<p class=\"wp-block-paragraph\">\u05d4\u05b7\u05d2\u05b9\u05bc\u05d0\u05b5\u05dc<br><em>hagg\u014d\u02be\u0113l<\/em><br>\u201cel que redime\u201d.<\/p>\n<\/blockquote>\n\n\n\n<p class=\"wp-block-paragraph\">Procede de la ra\u00edz \u05d2\u05d0\u05dc (<em>g\u02bel<\/em>), relacionada con rescatar, recuperar o actuar como <em>g\u014d\u02be\u0113l<\/em>, \u201credentor\u201d<sup data-fn=\"30b0329f-01bc-4b80-beb3-d340a345f2db\" class=\"fn\"><a href=\"#30b0329f-01bc-4b80-beb3-d340a345f2db\" id=\"30b0329f-01bc-4b80-beb3-d340a345f2db-link\">18<\/a><\/sup>.<\/p>\n\n\n\n<p class=\"wp-block-paragraph\"><strong>Victor P. Hamilton<\/strong> presta particular atenci\u00f3n a la estructura de esta bendici\u00f3n, porque Dios y el \u00c1ngel aparecen dentro de una misma invocaci\u00f3n.<sup data-fn=\"3e3a5896-8926-4475-ab87-397c8751f4d8\" class=\"fn\"><a href=\"#3e3a5896-8926-4475-ab87-397c8751f4d8\" id=\"3e3a5896-8926-4475-ab87-397c8751f4d8-link\">19<\/a><\/sup> <strong>Nahum M. Sarna<\/strong>, desde una perspectiva jud\u00eda acad\u00e9mica moderna, relaciona naturalmente al \u201c\u00c1ngel\u201d con la experiencia acumulada de protecci\u00f3n divina que Jacob hab\u00eda conocido a lo largo de su vida.<sup data-fn=\"f250ef15-b003-4c64-9c04-4ecbaecc88fe\" class=\"fn\"><a href=\"#f250ef15-b003-4c64-9c04-4ecbaecc88fe\" id=\"f250ef15-b003-4c64-9c04-4ecbaecc88fe-link\">20<\/a><\/sup> En este sentido, la frase no necesita significar que Jacob est\u00e9 introduciendo una segunda deidad: el \u00c1ngel representa la acci\u00f3n protectora mediante la cual el \u00fanico Dios ha acompa\u00f1ado al patriarca.<\/p>\n\n\n\n<p class=\"wp-block-paragraph\">La interpretaci\u00f3n jud\u00eda tradicional se mueve generalmente en esta misma direcci\u00f3n. El \u00c1ngel puede ser denominado aquel que ha \u201credimido\u201d a Jacob porque ha sido <strong>instrumento de la providencia divina<\/strong>. Dios salva; el \u00c1ngel ejecuta la misi\u00f3n salvadora.<\/p>\n\n\n\n<p class=\"wp-block-paragraph\">Pero existe un detalle gramatical particularmente interesante. Despu\u00e9s de mencionar \u201cel Dios\u201d, \u201cel Dios\u201d y \u201cel \u00c1ngel\u201d, el texto utiliza:<\/p>\n\n\n\n<blockquote class=\"wp-block-quote is-layout-flow wp-block-quote-is-layout-flow\">\n<p class=\"wp-block-paragraph\">\u05d9\u05b0\u05d1\u05b8\u05e8\u05b5\u05da\u05b0<br><em>y\u0115b\u0101r\u0113k<\/em><br>\u201cbendiga\u201d<\/p>\n<\/blockquote>\n\n\n\n<p class=\"wp-block-paragraph\">en <strong>singular<\/strong>.<\/p>\n\n\n\n<p class=\"wp-block-paragraph\">Jacob no utiliza una forma plural equivalente a \u201cque ellos bendigan a los j\u00f3venes\u201d. La bendici\u00f3n posee un verbo singular.<\/p>\n\n\n\n<p class=\"wp-block-paragraph\">Debe evitarse convertir este detalle en una demostraci\u00f3n trinitaria. La sintaxis hebrea no permite una conclusi\u00f3n tan autom\u00e1tica. Sin embargo, tampoco deber\u00eda ignorarse el efecto ret\u00f3rico: <strong>Dios y el \u00c1ngel aparecen unidos dentro de una \u00fanica petici\u00f3n de bendici\u00f3n<\/strong>.<\/p>\n\n\n\n<p class=\"wp-block-paragraph\">Este dato adquiere todav\u00eda mayor importancia cuando recordamos la trayectoria completa de Jacob. El personaje que en <a href=\"https:\/\/biblia.com\/bible\/rvr60\/Ge31.11-13\">G\u00e9nesis 31:11\u201313<\/a> es llamado \u201c\u00c1ngel de Dios\u201d puede declarar \u201cYo soy el Dios de Bet-el\u201d; el misterioso adversario de <a href=\"https:\/\/biblia.com\/bible\/rvr60\/Ge32.24-30\">G\u00e9nesis 32:24\u201330<\/a> comienza como <em>\u02be\u00ee\u0161<\/em> y termina siendo recordado por Jacob como encuentro con <em>Elohim<\/em>; Oseas interpreta esa lucha mediante el t\u00e9rmino <em>mal\u02beakh<\/em> (<a href=\"https:\/\/biblia.com\/bible\/rvr60\/Ho12.4\">Os 12:4<\/a>); y finalmente Jacob recuerda al \u00c1ngel como aquel que lo ha redimido durante toda su vida (<a href=\"https:\/\/biblia.com\/bible\/rvr60\/Ge48.16\">Gn 48:16<\/a>).<\/p>\n\n\n\n<p class=\"wp-block-paragraph\">Nos encontramos, por tanto, ante algo m\u00e1s complejo que una simple identificaci\u00f3n terminol\u00f3gica.<\/p>\n\n\n\n<p class=\"wp-block-paragraph\">La interpretaci\u00f3n jud\u00eda ofrece una explicaci\u00f3n coherente mediante las categor\u00edas de <strong>misi\u00f3n, agencia y representaci\u00f3n celestial<\/strong>. El \u00c1ngel es distinto de Dios, pero puede representarlo de manera extraordinariamente plena. Buena parte de la interpretaci\u00f3n cristiana antigua tomar\u00e1 precisamente esta misma evidencia y preguntar\u00e1 si la distinci\u00f3n entre quien env\u00eda y quien es enviado, combinada con semejante participaci\u00f3n en la identidad y actividad divinas, apunta hacia una realidad m\u00e1s profunda.<\/p>\n\n\n\n<p class=\"wp-block-paragraph\">En esta etapa del estudio no es necesario resolver todav\u00eda esa cuesti\u00f3n. Exeg\u00e9ticamente, podemos formular una conclusi\u00f3n m\u00e1s limitada: <strong>las tradiciones de Jacob presentan una figura angelical que no puede ser entendida adecuadamente como un mensajero celestial irrelevante o intercambiable<\/strong>. Est\u00e1 relacionada con la revelaci\u00f3n de Bet-el, habla con la voz de Dios, participa en la memoria del encuentro de Jacob con <em>Elohim<\/em>, act\u00faa como redentor del patriarca y aparece dentro de la invocaci\u00f3n mediante la cual la bendici\u00f3n divina debe pasar a la siguiente generaci\u00f3n.<\/p>\n\n\n\n<p class=\"wp-block-paragraph\">Precisamente esta combinaci\u00f3n de <strong>distinci\u00f3n y representaci\u00f3n divina<\/strong> prepara el terreno para las posteriores apariciones del \u00c1ngel dentro de la historia de Israel.<\/p>\n\n\n\n<p class=\"wp-block-paragraph\">Continuamos con <strong>\u00c9xodo 3<\/strong>, manteniendo exactamente el m\u00e9todo de la secci\u00f3n anterior: an\u00e1lisis del hebreo y de la estructura narrativa, interacci\u00f3n con comentaristas acad\u00e9micos y jud\u00edos en el punto donde resultan relevantes, notas explicativas y referencias b\u00edblicas enlazadas a RVR60. Cuando una formulaci\u00f3n sea una s\u00edntesis de un autor, la identificar\u00e9 como tal y reservar\u00e9 las comillas para citas que puedan verificarse literalmente.<\/p>\n\n\n\n<h1 id=\"moises-la-zarza-ardiente-y-el-angel-de-yahve-exodo-3-1-15\" class=\"wp-block-heading\">Mois\u00e9s, la zarza ardiente y el \u00c1ngel de Yahv\u00e9: \u00c9xodo 3:1\u201315<\/h1>\n\n\n\n<p class=\"wp-block-paragraph\">La aparici\u00f3n del \u00c1ngel de Yahv\u00e9 en la zarza ardiente constituye probablemente uno de los pasajes m\u00e1s importantes de todo el Antiguo Testamento para determinar la naturaleza de la relaci\u00f3n entre el mensajero divino y Yahv\u00e9. Mientras que en las narraciones de Agar, Abraham y Jacob fue necesario comparar diferentes momentos del relato para observar la alternancia entre mensajero y Dios, en <a href=\"https:\/\/biblia.com\/bible\/rvr60\/Ex3.1-15\">\u00c9xodo 3:1\u201315<\/a> esa tensi\u00f3n aparece concentrada dentro de una \u00fanica escena. El narrador comienza afirmando que <strong>\u201cel \u00c1ngel de Yahv\u00e9\u201d<\/strong> se aparece a Mois\u00e9s; inmediatamente despu\u00e9s declara que <strong>Yahv\u00e9<\/strong> observa a Mois\u00e9s, que <strong>Elohim<\/strong> lo llama desde la zarza y que la voz que procede de ella se identifica como <strong>\u201cel Dios de Abraham, el Dios de Isaac y el Dios de Jacob\u201d<\/strong>. Mois\u00e9s, finalmente, cubre su rostro porque teme \u201cmirar a Dios\u201d (<a href=\"https:\/\/biblia.com\/bible\/rvr60\/Ex3.2-6\">Ex 3:2\u20136<\/a>).<\/p>\n\n\n\n<p class=\"wp-block-paragraph\">La relevancia del pasaje no reside, por tanto, simplemente en que un \u00e1ngel aparezca antes de la revelaci\u00f3n del nombre divino. El problema exeg\u00e9tico se encuentra en la manera extraordinariamente fluida en que el narrador pasa de <em>mal\u02beakh YHWH<\/em> a YHWH y a <em>Elohim<\/em> sin introducir una ruptura entre ellos. El texto parece mantener simult\u00e1neamente dos afirmaciones: existe un <strong>mensajero de Yahv\u00e9<\/strong>, lo cual implica alg\u00fan grado de distinci\u00f3n, pero la presencia y la palabra experimentadas mediante ese mensajero son descritas inmediatamente como la presencia y la palabra de Dios mismo.<\/p>\n\n\n\n<figure class=\"wp-block-image alignright size-full is-resized\"><a href=\"https:\/\/i0.wp.com\/atravesdelasescrituras.com\/wp-content\/uploads\/2026\/08\/imagen-2.png?ssl=1\"><img data-recalc-dims=\"1\" loading=\"lazy\" decoding=\"async\" width=\"726\" height=\"550\" data-attachment-id=\"57369\" data-permalink=\"https:\/\/atravesdelasescrituras.com\/es_es\/2026\/08\/10\/el-angel-del-senor-mensajero-divino-teofania-o-cristo-preencarnado\/imagen-184\/\" data-orig-file=\"https:\/\/atravesdelasescrituras.com\/wp-content\/uploads\/2026\/08\/imagen-2.png\" data-orig-size=\"726,550\" data-comments-opened=\"1\" data-image-meta=\"{&quot;aperture&quot;:&quot;0&quot;,&quot;credit&quot;:&quot;&quot;,&quot;camera&quot;:&quot;&quot;,&quot;caption&quot;:&quot;&quot;,&quot;created_timestamp&quot;:&quot;0&quot;,&quot;copyright&quot;:&quot;&quot;,&quot;focal_length&quot;:&quot;0&quot;,&quot;iso&quot;:&quot;0&quot;,&quot;shutter_speed&quot;:&quot;0&quot;,&quot;title&quot;:&quot;&quot;,&quot;orientation&quot;:&quot;0&quot;,&quot;alt&quot;:&quot;&quot;}\" data-image-title=\"imagen\" data-image-description=\"\" data-image-caption=\"\" data-large-file=\"https:\/\/atravesdelasescrituras.com\/wp-content\/uploads\/2026\/08\/imagen-2.png\" src=\"https:\/\/i0.wp.com\/atravesdelasescrituras.com\/wp-content\/uploads\/2026\/08\/imagen-2.png?resize=726%2C550&#038;ssl=1\" alt=\"\" class=\"wp-image-57369\" style=\"width:318px;height:auto\" srcset=\"https:\/\/i0.wp.com\/atravesdelasescrituras.com\/wp-content\/uploads\/2026\/08\/imagen-2.png?w=726&amp;ssl=1 726w, https:\/\/i0.wp.com\/atravesdelasescrituras.com\/wp-content\/uploads\/2026\/08\/imagen-2.png?resize=300%2C227&amp;ssl=1 300w\" sizes=\"(max-width: 726px) 100vw, 726px\" \/><\/a><\/figure>\n\n\n\n<p class=\"wp-block-paragraph\">Mois\u00e9s llega a este encuentro despu\u00e9s de una larga etapa de aparente ocultamiento. El antiguo pr\u00edncipe de Egipto vive ahora en Madi\u00e1n y pastorea el reba\u00f1o de Jetro. El narrador declara:<\/p>\n\n\n\n<blockquote class=\"wp-block-quote is-layout-flow wp-block-quote-is-layout-flow\">\n<p class=\"wp-block-paragraph\">\u201cApacentando Mois\u00e9s las ovejas de Jetro su suegro, sacerdote de Madi\u00e1n, llev\u00f3 las ovejas a trav\u00e9s del desierto, y lleg\u00f3 hasta Horeb, monte de Dios\u201d (<a href=\"https:\/\/biblia.com\/bible\/rvr60\/Ex3.1\">Ex 3:1<\/a>).<\/p>\n<\/blockquote>\n\n\n\n<p class=\"wp-block-paragraph\">La denominaci\u00f3n \u201cmonte de Dios\u201d anticipa literariamente acontecimientos que Mois\u00e9s todav\u00eda desconoce. El lugar que posteriormente ser\u00e1 escenario de la alianza sina\u00edtica aparece desde el comienzo cargado de significado teol\u00f3gico.<\/p>\n\n\n\n<p class=\"wp-block-paragraph\">Entonces ocurre la aparici\u00f3n:<\/p>\n\n\n\n<blockquote class=\"wp-block-quote is-layout-flow wp-block-quote-is-layout-flow\">\n<p class=\"wp-block-paragraph\">\u201cY se le apareci\u00f3 el \u00c1ngel de Jehov\u00e1 en una llama de fuego en medio de una zarza\u201d (<a href=\"https:\/\/biblia.com\/bible\/rvr60\/Ex3.2\">Ex 3:2<\/a>).<\/p>\n<\/blockquote>\n\n\n\n<p class=\"wp-block-paragraph\">El hebreo comienza:<\/p>\n\n\n\n<blockquote class=\"wp-block-quote is-layout-flow wp-block-quote-is-layout-flow\">\n<p class=\"wp-block-paragraph\">\u05d5\u05b7\u05d9\u05b5\u05bc\u05e8\u05b8\u05d0 \u05de\u05b7\u05dc\u05b0\u05d0\u05b7\u05da\u05b0 \u05d9\u05b0\u05d4\u05d5\u05b8\u05d4 \u05d0\u05b5\u05dc\u05b8\u05d9\u05d5<br><em>wayy\u0113r\u0101\u02be mal\u02beakh YHWH \u02be\u0113l\u0101yw<\/em><br>\u201cy se le apareci\u00f3 el \u00c1ngel de Yahv\u00e9\u201d.<\/p>\n<\/blockquote>\n\n\n\n<p class=\"wp-block-paragraph\">El verbo \u05d5\u05b7\u05d9\u05b5\u05bc\u05e8\u05b8\u05d0 (<em>wayy\u0113r\u0101\u02be<\/em>) procede de la ra\u00edz \u05e8\u05d0\u05d4 (<em>r\u02beh<\/em>, \u201cver\u201d) en una forma que expresa <strong>hacerse visible o aparecer<\/strong>. El sujeto gramatical no es inicialmente Yahv\u00e9, sino <em>mal\u02beakh YHWH<\/em>. La primera informaci\u00f3n que proporciona el narrador acerca de aquello que Mois\u00e9s contempla es, pues, que se trata de una manifestaci\u00f3n del mensajero de Yahv\u00e9.<\/p>\n\n\n\n<p class=\"wp-block-paragraph\">Sin embargo, resulta importante precisar qu\u00e9 es exactamente lo que aparece. El hebreo contin\u00faa:<\/p>\n\n\n\n<blockquote class=\"wp-block-quote is-layout-flow wp-block-quote-is-layout-flow\">\n<p class=\"wp-block-paragraph\">\u05d1\u05b0\u05bc\u05dc\u05b7\u05d1\u05b7\u05bc\u05ea\u05be\u05d0\u05b5\u05e9\u05c1 \u05de\u05b4\u05ea\u05bc\u05d5\u05b9\u05da\u05b0 \u05d4\u05b7\u05e1\u05b0\u05bc\u05e0\u05b6\u05d4<br><em>belabbat-\u02be\u0113\u0161 mitt\u00f4k hasseneh<\/em><br>\u201cen medio de una llama de fuego, desde el interior de la zarza\u201d.<\/p>\n<\/blockquote>\n\n\n\n<p class=\"wp-block-paragraph\">El t\u00e9rmino \u05e1\u05b0\u05e0\u05b6\u05d4 (<em>seneh<\/em>) designa la zarza o arbusto espinoso. Mois\u00e9s observa que esta arde, pero no es consumida.<\/p>\n\n\n\n<p class=\"wp-block-paragraph\">La tradici\u00f3n jud\u00eda cl\u00e1sica prest\u00f3 considerable atenci\u00f3n no solamente a la identidad del \u00c1ngel, sino tambi\u00e9n al hecho de que Dios escogiera precisamente una <strong>zarza espinosa<\/strong> como lugar de revelaci\u00f3n. <strong>Rashi<\/strong>, siguiendo el <em>Midrash Tanchuma<\/em>, comenta que Dios se manifest\u00f3 \u201cdesde la zarza y no desde otro \u00e1rbol\u201d en correspondencia con la afirmaci\u00f3n del <a href=\"https:\/\/biblia.com\/bible\/rvr60\/Ps91.15\">Salmo 91:15<\/a>: \u201cCon \u00e9l estar\u00e9 yo en la angustia\u201d.<sup data-fn=\"35f5fb47-47c0-482b-9d62-0c30d10e9425\" class=\"fn\"><a href=\"#35f5fb47-47c0-482b-9d62-0c30d10e9425\" id=\"35f5fb47-47c0-482b-9d62-0c30d10e9425-link\">21<\/a><\/sup> La interpretaci\u00f3n es teol\u00f3gica: Dios se revela desde una planta humilde y espinosa porque Israel mismo se encuentra oprimido y afligido en Egipto.<\/p>\n\n\n\n<p class=\"wp-block-paragraph\">La lectura rab\u00ednica no se concentra aqu\u00ed primero en una especulaci\u00f3n ontol\u00f3gica acerca del \u00c1ngel, sino en lo que la manifestaci\u00f3n comunica acerca del car\u00e1cter de Dios. La zarza se convierte en s\u00edmbolo de <strong>solidaridad divina con el sufrimiento de Israel<\/strong><sup data-fn=\"a6f37606-65a1-4396-acbe-6f18585b26cc\" class=\"fn\"><a href=\"#a6f37606-65a1-4396-acbe-6f18585b26cc\" id=\"a6f37606-65a1-4396-acbe-6f18585b26cc-link\">22<\/a><\/sup>.<\/p>\n\n\n\n<p class=\"wp-block-paragraph\">Tambi\u00e9n <strong>Ibn Ezra<\/strong> presta atenci\u00f3n filol\u00f3gica a la expresi\u00f3n <em>belabbat \u02be\u0113\u0161<\/em>. Entiende <em>labbat<\/em> en relaci\u00f3n con \u201cel coraz\u00f3n del fuego\u201d, es decir, el interior o centro de la llama.<sup data-fn=\"39bb4294-7e55-491e-a620-ba18922b1c36\" class=\"fn\"><a href=\"#39bb4294-7e55-491e-a620-ba18922b1c36\" id=\"39bb4294-7e55-491e-a620-ba18922b1c36-link\">23<\/a><\/sup> Su an\u00e1lisis recuerda que antes de formular conclusiones teol\u00f3gicas sobre la aparici\u00f3n es necesario escuchar cuidadosamente la precisi\u00f3n del lenguaje hebreo: el mensajero se manifiesta <strong>desde el coraz\u00f3n mismo de la llama<\/strong>, mientras la zarza permanece sin consumirse.<\/p>\n\n\n\n<h2 id=\"del-angel-de-yahve-a-yahve-el-cambio-de-exodo-3-4\" class=\"wp-block-heading\">Del \u00c1ngel de Yahv\u00e9 a Yahv\u00e9: el cambio de \u00c9xodo 3:4<\/h2>\n\n\n\n<p class=\"wp-block-paragraph\">Mois\u00e9s decide acercarse:<\/p>\n\n\n\n<blockquote class=\"wp-block-quote is-layout-flow wp-block-quote-is-layout-flow\">\n<p class=\"wp-block-paragraph\">\u201cIr\u00e9 yo ahora y ver\u00e9 esta grande visi\u00f3n, por qu\u00e9 causa la zarza no se quema\u201d (<a href=\"https:\/\/biblia.com\/bible\/rvr60\/Ex3.3\">Ex 3:3<\/a>).<\/p>\n<\/blockquote>\n\n\n\n<p class=\"wp-block-paragraph\">Entonces ocurre uno de los desplazamientos narrativos m\u00e1s importantes del pasaje:<\/p>\n\n\n\n<blockquote class=\"wp-block-quote is-layout-flow wp-block-quote-is-layout-flow\">\n<p class=\"wp-block-paragraph\">\u201cViendo Jehov\u00e1 que \u00e9l iba a ver, lo llam\u00f3 Dios de en medio de la zarza, y dijo: \u00a1Mois\u00e9s, Mois\u00e9s! Y \u00e9l respondi\u00f3: Heme aqu\u00ed\u201d (<a href=\"https:\/\/biblia.com\/bible\/rvr60\/Ex3.4\">Ex 3:4<\/a>).<\/p>\n<\/blockquote>\n\n\n\n<p class=\"wp-block-paragraph\">El hebreo permite observar el cambio con especial claridad:<\/p>\n\n\n\n<blockquote class=\"wp-block-quote is-layout-flow wp-block-quote-is-layout-flow\">\n<p class=\"wp-block-paragraph\">\u05d5\u05b7\u05d9\u05b7\u05bc\u05e8\u05b0\u05d0 \u05d9\u05b0\u05d4\u05d5\u05b8\u05d4 \u05db\u05b4\u05bc\u05d9 \u05e1\u05b8\u05e8 \u05dc\u05b4\u05e8\u05b0\u05d0\u05d5\u05b9\u05ea<br><em>wayyar\u02be YHWH k\u00ee s\u0101r lir\u02be\u00f4t<\/em><br>\u201cY vio Yahv\u00e9 que se apartaba para mirar\u201d,<\/p>\n<\/blockquote>\n\n\n\n<p class=\"wp-block-paragraph\">seguido de:<\/p>\n\n\n\n<blockquote class=\"wp-block-quote is-layout-flow wp-block-quote-is-layout-flow\">\n<p class=\"wp-block-paragraph\">\u05d5\u05b7\u05d9\u05b4\u05bc\u05e7\u05b0\u05e8\u05b8\u05d0 \u05d0\u05b5\u05dc\u05b8\u05d9\u05d5 \u05d0\u05b1\u05dc\u05b9\u05d4\u05b4\u05d9\u05dd \u05de\u05b4\u05ea\u05bc\u05d5\u05b9\u05da\u05b0 \u05d4\u05b7\u05e1\u05b0\u05bc\u05e0\u05b6\u05d4<br><em>wayyiqr\u0101\u02be \u02be\u0113l\u0101yw \u02be\u0115l\u014dh\u00eem mitt\u00f4k hasseneh<\/em><br>\u201cy lo llam\u00f3 Elohim desde el interior de la zarza\u201d.<\/p>\n<\/blockquote>\n\n\n\n<p class=\"wp-block-paragraph\">La progresi\u00f3n es, por tanto:<\/p>\n\n\n\n<p class=\"wp-block-paragraph\"><strong>v. 2: el \u00c1ngel de Yahv\u00e9 aparece desde la zarza.<\/strong><br><strong>v. 4a: Yahv\u00e9 ve a Mois\u00e9s.<\/strong><br><strong>v. 4b: Elohim lo llama desde la zarza.<\/strong><\/p>\n\n\n\n<p class=\"wp-block-paragraph\">No se informa que el \u00c1ngel haya desaparecido. Tampoco se dice que Yahv\u00e9 haya descendido posteriormente para sustituir al \u00c1ngel. El lugar desde el que aparece el \u00c1ngel es el mismo lugar desde el que Dios habla.<\/p>\n\n\n\n<p class=\"wp-block-paragraph\">Brevard S. Childs interpreta esta secuencia dentro de la unidad teol\u00f3gica de la teofan\u00eda: el inter\u00e9s del relato no est\u00e1 en desarrollar una angelolog\u00eda independiente, sino en presentar el encuentro mediante el cual el Dios de los padres se revela y comisiona a Mois\u00e9s.\u201d<sup data-fn=\"f0310a7b-3fe3-4e62-99c6-2927b2c2d2c4\" class=\"fn\"><a href=\"#f0310a7b-3fe3-4e62-99c6-2927b2c2d2c4\" id=\"f0310a7b-3fe3-4e62-99c6-2927b2c2d2c4-link\">24<\/a><\/sup><\/p>\n\n\n\n<p class=\"wp-block-paragraph\">Precisamente esta particularidad llev\u00f3 al <em>Cambridge Bible for Schools and Colleges<\/em> a describir al \u00c1ngel de Yahv\u00e9 como una manifestaci\u00f3n en la que el texto puede hablar unas veces del \u00c1ngel y otras de Yahv\u00e9 mismo. El comentario recoge una formulaci\u00f3n de A. B. Davidson especialmente relevante: <\/p>\n\n\n\n<blockquote class=\"wp-block-quote is-layout-flow wp-block-quote-is-layout-flow\">\n<p class=\"wp-block-paragraph\">\u00abLa mera menci\u00f3n establece una distinci\u00f3n entre el \u201c\u00e1ngel de Jehov\u00e1\u201d y \u201cJehov\u00e1\u201d, aunque la identidad siga siendo la misma\u00bb.<sup data-fn=\"1e3fb3d4-ccae-401e-9b47-84b1a2369381\" class=\"fn\"><a href=\"#1e3fb3d4-ccae-401e-9b47-84b1a2369381\" id=\"1e3fb3d4-ccae-401e-9b47-84b1a2369381-link\">25<\/a><\/sup><\/p>\n<\/blockquote>\n\n\n\n<p class=\"wp-block-paragraph\">La observaci\u00f3n expresa con precisi\u00f3n el problema: la manifestaci\u00f3n introduce distinci\u00f3n, pero el relato conserva simult\u00e1neamente identidad.<\/p>\n\n\n\n<p class=\"wp-block-paragraph\">Esta afirmaci\u00f3n debe utilizarse con cuidado. Davidson no est\u00e1 formulando todav\u00eda una doctrina cristol\u00f3gica del \u00c1ngel. Est\u00e1 describiendo un fen\u00f3meno narrativo de la Biblia hebrea: Yahv\u00e9, en cuanto manifestado de forma perceptible, puede ser designado mediante la categor\u00eda del \u201cmensajero de Yahv\u00e9\u201d, aunque el relato posteriormente hable de la misma presencia como Yahv\u00e9.<\/p>\n\n\n\n<p class=\"wp-block-paragraph\">La observaci\u00f3n coincide notablemente con el patr\u00f3n que hemos encontrado anteriormente. Agar escucha al \u00c1ngel y el narrador termina hablando de \u201cYahv\u00e9 que hablaba con ella\u201d (<a href=\"https:\/\/biblia.com\/bible\/rvr60\/Ge16.7-13\">Gn 16:7\u201313<\/a>); el \u00c1ngel habla a Abraham en primera persona divina (<a href=\"https:\/\/biblia.com\/bible\/rvr60\/Ge22.11-18\">Gn 22:11\u201318<\/a>); el \u00c1ngel de Dios declara a Jacob \u201cYo soy el Dios de Bet-el\u201d (<a href=\"https:\/\/biblia.com\/bible\/rvr60\/Ge31.11-13\">Gn 31:11\u201313<\/a>); y ahora la aparici\u00f3n del \u00c1ngel desde la zarza se convierte inmediatamente en Yahv\u00e9 viendo y Elohim hablando.<\/p>\n\n\n\n<p class=\"wp-block-paragraph\">El estudioso jud\u00edo <strong>Nahum M. Sarna<\/strong> reconoci\u00f3 igualmente, en su discusi\u00f3n m\u00e1s amplia de la angelolog\u00eda b\u00edblica, que en varios textos la l\u00ednea de demarcaci\u00f3n entre Dios y su \u00e1ngel aparece deliberadamente borrosa. Entre los textos que considera relevantes se encuentran precisamente G\u00e9nesis 16, G\u00e9nesis 22, \u00c9xodo 3 y Jueces 6.<sup data-fn=\"19c74aa8-ff8b-45e0-9285-425c6276f48e\" class=\"fn\"><a href=\"#19c74aa8-ff8b-45e0-9285-425c6276f48e\" id=\"19c74aa8-ff8b-45e0-9285-425c6276f48e-link\">26<\/a><\/sup> Su explicaci\u00f3n no es trinitaria; dentro de una perspectiva jud\u00eda, el fen\u00f3meno puede entenderse como extensi\u00f3n de la voluntad y presencia de Dios mediante su mensajero. Lo importante para nuestro an\u00e1lisis es que la dificultad textual es reconocida independientemente de una lectura cristol\u00f3gica.<sup data-fn=\"7954aab4-07cd-4da9-bb4d-bc80ef62549f\" class=\"fn\"><a href=\"#7954aab4-07cd-4da9-bb4d-bc80ef62549f\" id=\"7954aab4-07cd-4da9-bb4d-bc80ef62549f-link\">27<\/a><\/sup><\/p>\n\n\n\n<h2 id=\"la-santidad-del-lugar-quien-habla-desde-la-zarza\" class=\"wp-block-heading\">La santidad del lugar: \u00bfqui\u00e9n habla desde la zarza?<\/h2>\n\n\n\n<p class=\"wp-block-paragraph\">La voz contin\u00faa:<\/p>\n\n\n\n<blockquote class=\"wp-block-quote is-layout-flow wp-block-quote-is-layout-flow\">\n<p class=\"wp-block-paragraph\">\u201cNo te acerques; quita tu calzado de tus pies, porque el lugar en que t\u00fa est\u00e1s, tierra santa es\u201d (<a href=\"https:\/\/biblia.com\/bible\/rvr60\/Ex3.5\">Ex 3:5<\/a>).<\/p>\n<\/blockquote>\n\n\n\n<p class=\"wp-block-paragraph\">La santidad no procede de una cualidad inherente del terreno. Horeb es santo porque la presencia divina se encuentra all\u00ed. La orden de retirar el calzado se\u00f1ala que Mois\u00e9s ha cruzado el l\u00edmite entre espacio ordinario y espacio consagrado por la presencia de Dios.<\/p>\n\n\n\n<p class=\"wp-block-paragraph\">Esto resulta relevante para nuestra investigaci\u00f3n porque el relato no afirma simplemente que Mois\u00e9s se encuentre ante un \u00e1ngel santo. El <strong>lugar mismo<\/strong> se convierte en <em>\u02beadmat-q\u014dde\u0161<\/em>, \u201ctierra santa\u201d, debido a la presencia que se manifiesta desde la zarza.<\/p>\n\n\n\n<p class=\"wp-block-paragraph\">El fen\u00f3meno posee un interesante paralelo posterior en la aparici\u00f3n del \u201cPr\u00edncipe del ej\u00e9rcito de Yahv\u00e9\u201d a Josu\u00e9. All\u00ed tambi\u00e9n se ordenar\u00e1:<\/p>\n\n\n\n<blockquote class=\"wp-block-quote is-layout-flow wp-block-quote-is-layout-flow\">\n<p class=\"wp-block-paragraph\">\u201cQuita el calzado de tus pies, porque el lugar donde est\u00e1s es santo\u201d (<a href=\"https:\/\/biblia.com\/bible\/rvr60\/Jos5.15\">Jos 5:15<\/a>).<\/p>\n<\/blockquote>\n\n\n\n<p class=\"wp-block-paragraph\">La repetici\u00f3n sugiere que la orden no es una simple costumbre de respeto oriental, sino una se\u00f1al literaria de encuentro teof\u00e1nico.<\/p>\n\n\n\n<h2 id=\"yo-soy-el-dios-de-tu-padre\" class=\"wp-block-heading\">\u201cYo soy el Dios de tu padre\u201d<\/h2>\n\n\n\n<p class=\"wp-block-paragraph\">La identidad de la voz alcanza su m\u00e1xima claridad en el siguiente vers\u00edculo:<\/p>\n\n\n\n<blockquote class=\"wp-block-quote is-layout-flow wp-block-quote-is-layout-flow\">\n<p class=\"wp-block-paragraph\">\u201cY dijo: Yo soy el Dios de tu padre, Dios de Abraham, Dios de Isaac, y Dios de Jacob\u201d (<a href=\"https:\/\/biblia.com\/bible\/rvr60\/Ex3.6\">Ex 3:6<\/a>).<\/p>\n<\/blockquote>\n\n\n\n<p class=\"wp-block-paragraph\">El hebreo comienza:<\/p>\n\n\n\n<blockquote class=\"wp-block-quote is-layout-flow wp-block-quote-is-layout-flow\">\n<p class=\"wp-block-paragraph\">\u05d0\u05b8\u05e0\u05b9\u05db\u05b4\u05d9 \u05d0\u05b1\u05dc\u05b9\u05d4\u05b5\u05d9 \u05d0\u05b8\u05d1\u05b4\u05d9\u05da\u05b8<br><em>\u02be\u0101n\u014dk\u00ee \u02be\u0115l\u014dh\u00ea \u02be\u0101b\u00eek\u0101<\/em><br>\u201cYo soy el Dios de tu padre\u201d.<\/p>\n<\/blockquote>\n\n\n\n<p class=\"wp-block-paragraph\">La forma \u05d0\u05b8\u05e0\u05b9\u05db\u05b4\u05d9 (<em>\u02be\u0101n\u014dk\u00ee<\/em>) es el pronombre independiente de primera persona, el mismo tipo de formulaci\u00f3n enf\u00e1tica que hab\u00edamos observado cuando el \u00c1ngel de Dios declar\u00f3 a Jacob:<\/p>\n\n\n\n<blockquote class=\"wp-block-quote is-layout-flow wp-block-quote-is-layout-flow\">\n<p class=\"wp-block-paragraph\">\u201cYo soy el Dios de Bet-el\u201d (<a href=\"https:\/\/biblia.com\/bible\/rvr60\/Ge31.13\">Gn 31:13<\/a>).<\/p>\n<\/blockquote>\n\n\n\n<p class=\"wp-block-paragraph\">La correspondencia resulta importante. En G\u00e9nesis 31, el \u00c1ngel se identifica como el Dios relacionado con la revelaci\u00f3n patriarcal. En \u00c9xodo 3, la voz procedente del mismo lugar donde apareci\u00f3 el \u00c1ngel se identifica como <strong>el Dios de Abraham, Isaac y Jacob<\/strong>.<\/p>\n\n\n\n<p class=\"wp-block-paragraph\">La reacci\u00f3n de Mois\u00e9s confirma c\u00f3mo entiende el propio relato la identidad de la presencia:<\/p>\n\n\n\n<blockquote class=\"wp-block-quote is-layout-flow wp-block-quote-is-layout-flow\">\n<p class=\"wp-block-paragraph\">\u201cEntonces Mois\u00e9s cubri\u00f3 su rostro, porque tuvo miedo de mirar a Dios\u201d (<a href=\"https:\/\/biblia.com\/bible\/rvr60\/Ex3.6\">Ex 3:6<\/a>).<\/p>\n<\/blockquote>\n\n\n\n<p class=\"wp-block-paragraph\">El texto no dice que Mois\u00e9s tuvo miedo de mirar \u201cal \u00c1ngel\u201d. Utiliza:<\/p>\n\n\n\n<blockquote class=\"wp-block-quote is-layout-flow wp-block-quote-is-layout-flow\">\n<p class=\"wp-block-paragraph\">\u05d4\u05b8\u05d0\u05b1\u05dc\u05b9\u05d4\u05b4\u05d9\u05dd<br><em>h\u0101\u02be\u0115l\u014dh\u00eem<\/em><br>\u201cDios\u201d.<\/p>\n<\/blockquote>\n\n\n\n<p class=\"wp-block-paragraph\">Esta reacci\u00f3n conecta el episodio con el motivo b\u00edblico del peligro de contemplar directamente la presencia divina. M\u00e1s adelante Yahv\u00e9 declarar\u00e1 a Mois\u00e9s:<\/p>\n\n\n\n<blockquote class=\"wp-block-quote is-layout-flow wp-block-quote-is-layout-flow\">\n<p class=\"wp-block-paragraph\">\u201cNo podr\u00e1s ver mi rostro; porque no me ver\u00e1 hombre, y vivir\u00e1\u201d (<a href=\"https:\/\/biblia.com\/bible\/rvr60\/Ex33.20\">Ex 33:20<\/a>).<\/p>\n<\/blockquote>\n\n\n\n<p class=\"wp-block-paragraph\">Tambi\u00e9n Manoa, despu\u00e9s de encontrarse con el \u00c1ngel de Yahv\u00e9, exclamar\u00e1:<\/p>\n\n\n\n<blockquote class=\"wp-block-quote is-layout-flow wp-block-quote-is-layout-flow\">\n<p class=\"wp-block-paragraph\">\u201cCiertamente moriremos, porque a Dios hemos visto\u201d (<a href=\"https:\/\/biblia.com\/bible\/rvr60\/Jdg13.22\">Jue 13:22<\/a>).<\/p>\n<\/blockquote>\n\n\n\n<p class=\"wp-block-paragraph\">Jacob, en cambio, se maravillaba:<\/p>\n\n\n\n<blockquote class=\"wp-block-quote is-layout-flow wp-block-quote-is-layout-flow\">\n<p class=\"wp-block-paragraph\">\u201cVi a Dios cara a cara, y fue librada mi alma\u201d (<a href=\"https:\/\/biblia.com\/bible\/rvr60\/Ge32.30\">Gn 32:30<\/a>).<\/p>\n<\/blockquote>\n\n\n\n<p class=\"wp-block-paragraph\">La reacci\u00f3n de Mois\u00e9s pertenece, por tanto, a un patr\u00f3n m\u00e1s amplio: <strong>el encuentro con la presencia divina genera temor ante la posibilidad de haber contemplado aquello que el ser humano no puede ver impunemente<\/strong>.<\/p>\n\n\n\n<h2 id=\"como-interpreta-la-tradicion-judia-el-cambio-angel-dios\" class=\"wp-block-heading\">C\u00f3mo interpreta la tradici\u00f3n jud\u00eda el cambio \u00c1ngel\u2013Dios<\/h2>\n\n\n\n<p class=\"wp-block-paragraph\">Este punto resulta particularmente importante porque la interpretaci\u00f3n jud\u00eda demuestra que no es necesario identificar al \u00c1ngel con una segunda persona divina para reconocer la extraordinaria cercan\u00eda entre mensajero y Dios.<\/p>\n\n\n\n<p class=\"wp-block-paragraph\">La edici\u00f3n contempor\u00e1nea de la <strong>Jewish Publication Society<\/strong>, al comentar el cambio de <a href=\"https:\/\/biblia.com\/bible\/rvr60\/Ex3.2\">\u00c9xodo 3:2<\/a> a <a href=\"https:\/\/biblia.com\/bible\/rvr60\/Ex3.4\">\u00c9xodo 3:4<\/a>, se\u00f1ala que la designaci\u00f3n \u201cDios\u201d puede referirse al \u00e1ngel <strong>actuando en nombre de Dios<\/strong>, remitiendo precisamente a la interpretaci\u00f3n de Ibn Ezra.<sup data-fn=\"a0dabbb2-152c-4539-aa59-3d784f681a62\" class=\"fn\"><a href=\"#a0dabbb2-152c-4539-aa59-3d784f681a62\" id=\"a0dabbb2-152c-4539-aa59-3d784f681a62-link\">28<\/a><\/sup> Esta lectura sigue el principio representativo que hemos observado en G\u00e9nesis: el mensajero puede portar de manera tan plena la autoridad de su remitente que sus palabras se describen como palabras de Dios.<\/p>\n\n\n\n<p class=\"wp-block-paragraph\">Desde esta perspectiva, la secuencia no significa:<\/p>\n\n\n\n<p class=\"wp-block-paragraph\"><strong>el \u00c1ngel es ontol\u00f3gicamente Yahv\u00e9<\/strong>,<\/p>\n\n\n\n<p class=\"wp-block-paragraph\">sino:<\/p>\n\n\n\n<p class=\"wp-block-paragraph\"><strong>el \u00c1ngel representa a Yahv\u00e9, y Yahv\u00e9 habla por medio de \u00e9l<\/strong>.<\/p>\n\n\n\n<p class=\"wp-block-paragraph\">Esta explicaci\u00f3n posee coherencia dentro de la teolog\u00eda jud\u00eda cl\u00e1sica, especialmente porque mantiene la absoluta distinci\u00f3n entre el Creador y los seres angelicales.<\/p>\n\n\n\n<p class=\"wp-block-paragraph\">Sin embargo, incluso si aceptamos esta explicaci\u00f3n, el texto contin\u00faa siendo extraordinario. No dice simplemente que el \u00c1ngel \u201ctransmiti\u00f3 un mensaje de Dios\u201d. El narrador afirma que Yahv\u00e9 mismo vio, que Dios mismo llam\u00f3 desde la zarza y que Mois\u00e9s temi\u00f3 mirar a Dios. La agencia angelical no disminuye la realidad de la presencia divina; m\u00e1s bien parece constituir el modo mediante el cual esa presencia se hace perceptible.<\/p>\n\n\n\n<p class=\"wp-block-paragraph\">Esta es precisamente la raz\u00f3n por la que distintos int\u00e9rpretes han llegado a soluciones diferentes partiendo de los mismos datos.<\/p>\n\n\n\n<ul class=\"wp-block-list\">\n<li>La interpretaci\u00f3n jud\u00eda tradicional pone el acento sobre <strong>representaci\u00f3n<\/strong>.<\/li>\n\n\n\n<li>Buena parte de la investigaci\u00f3n hist\u00f3rico-cr\u00edtica habla de <strong>teofan\u00eda o manifestaci\u00f3n divina<\/strong>.<\/li>\n\n\n\n<li>Y la interpretaci\u00f3n cristiana antigua ver\u00e1 aqu\u00ed una manifestaci\u00f3n del <strong>Logos divino<\/strong>.<\/li>\n<\/ul>\n\n\n\n<p class=\"wp-block-paragraph\">Las tres lecturas intentan explicar el mismo fen\u00f3meno textual: <strong>el que aparece es llamado \u00c1ngel, pero el que habla y es temido es llamado Dios<\/strong>.<\/p>\n\n\n\n<h2 id=\"el-dios-que-ha-visto-la-afliccion-de-israel\" class=\"wp-block-heading\">El Dios que \u201cha visto\u201d la aflicci\u00f3n de Israel<\/h2>\n\n\n\n<p class=\"wp-block-paragraph\">A partir del vers\u00edculo 7 desaparece pr\u00e1cticamente cualquier preocupaci\u00f3n narrativa por distinguir entre \u00c1ngel y Yahv\u00e9. El discurso contin\u00faa directamente:<\/p>\n\n\n\n<blockquote class=\"wp-block-quote is-layout-flow wp-block-quote-is-layout-flow\">\n<p class=\"wp-block-paragraph\">\u201cDijo luego Jehov\u00e1: Bien he visto la aflicci\u00f3n de mi pueblo que est\u00e1 en Egipto, y he o\u00eddo su clamor\u201d (<a href=\"https:\/\/biblia.com\/bible\/rvr60\/Ex3.7\">Ex 3:7<\/a>).<\/p>\n<\/blockquote>\n\n\n\n<p class=\"wp-block-paragraph\">La identificaci\u00f3n expl\u00edcita del hablante como Yahv\u00e9 resulta importante. El mismo encuentro que comenz\u00f3 como aparici\u00f3n del \u00c1ngel se desarrolla ahora como discurso directo de Yahv\u00e9.<\/p>\n\n\n\n<p class=\"wp-block-paragraph\">Existe adem\u00e1s una interesante conexi\u00f3n tem\u00e1tica con Agar. All\u00ed el \u00c1ngel hab\u00eda declarado:<\/p>\n\n\n\n<blockquote class=\"wp-block-quote is-layout-flow wp-block-quote-is-layout-flow\">\n<p class=\"wp-block-paragraph\">\u201cJehov\u00e1 ha o\u00eddo tu aflicci\u00f3n\u201d (<a href=\"https:\/\/biblia.com\/bible\/rvr60\/Ge16.11\">Gn 16:11<\/a>),<\/p>\n<\/blockquote>\n\n\n\n<p class=\"wp-block-paragraph\">y Agar hab\u00eda denominado a Dios en relaci\u00f3n con aquel que la <strong>ve<\/strong> (<a href=\"https:\/\/biblia.com\/bible\/rvr60\/Ge16.13\">Gn 16:13<\/a>).<\/p>\n\n\n\n<p class=\"wp-block-paragraph\">Ahora Yahv\u00e9 dice respecto de Israel:<\/p>\n\n\n\n<blockquote class=\"wp-block-quote is-layout-flow wp-block-quote-is-layout-flow\">\n<p class=\"wp-block-paragraph\">\u201cBien he <strong>visto<\/strong> la aflicci\u00f3n de mi pueblo [&#8230;] y he <strong>o\u00eddo<\/strong> su clamor\u201d (<a href=\"https:\/\/biblia.com\/bible\/rvr60\/Ex3.7\">Ex 3:7<\/a>).<\/p>\n<\/blockquote>\n\n\n\n<p class=\"wp-block-paragraph\">Los dos verbos fundamentales de la historia de Agar \u2014<strong>ver<\/strong> y <strong>o\u00edr<\/strong>\u2014 reaparecen aqu\u00ed en la liberaci\u00f3n de Israel. El Dios que vio a la esclava egipcia en el desierto es ahora el Dios que ve a los esclavos israelitas dentro de Egipto.<\/p>\n\n\n\n<p class=\"wp-block-paragraph\">Este paralelismo proporciona una importante continuidad teol\u00f3gica dentro del Pentateuco: el \u00c1ngel de Yahv\u00e9 aparece asociado repetidamente con momentos en los que Dios <strong>ve la aflicci\u00f3n humana, oye el clamor e interviene para rescatar<\/strong>.<\/p>\n\n\n\n<h2 id=\"he-descendido-para-librarlos\" class=\"wp-block-heading\">\u201cHe descendido para librarlos\u201d<\/h2>\n\n\n\n<p class=\"wp-block-paragraph\">Yahv\u00e9 contin\u00faa:<\/p>\n\n\n\n<blockquote class=\"wp-block-quote is-layout-flow wp-block-quote-is-layout-flow\">\n<p class=\"wp-block-paragraph\">\u201cY he descendido para librarlos de mano de los egipcios\u201d (<a href=\"https:\/\/biblia.com\/bible\/rvr60\/Ex3.8\">Ex 3:8<\/a>).<\/p>\n<\/blockquote>\n\n\n\n<p class=\"wp-block-paragraph\">El verbo:<\/p>\n\n\n\n<blockquote class=\"wp-block-quote is-layout-flow wp-block-quote-is-layout-flow\">\n<p class=\"wp-block-paragraph\">\u05d5\u05b8\u05d0\u05b5\u05e8\u05b5\u05d3<br><em>w\u0101\u02be\u0113r\u0113d<\/em><br>\u201che descendido\u201d<\/p>\n<\/blockquote>\n\n\n\n<p class=\"wp-block-paragraph\">pertenece al lenguaje teof\u00e1nico. Dios no est\u00e1 afirmando necesariamente un movimiento espacial en sentido f\u00edsico moderno; la expresi\u00f3n comunica <strong>intervenci\u00f3n hist\u00f3rica directa<\/strong>.<\/p>\n\n\n\n<p class=\"wp-block-paragraph\">Esto a\u00f1ade otro elemento relevante a la figura del \u00c1ngel. El episodio hab\u00eda comenzado con la aparici\u00f3n de <em>mal\u02beakh YHWH<\/em>, pero Yahv\u00e9 describe el acontecimiento como <strong>su propio descenso<\/strong> para liberar a Israel.<\/p>\n\n\n\n<p class=\"wp-block-paragraph\">Es posible interpretar ambas afirmaciones de manera representativa: Yahv\u00e9 \u201cdesciende\u201d mediante el mensajero que porta su presencia. Pero precisamente esta posibilidad demuestra el grado extraordinario de uni\u00f3n funcional entre quien env\u00eda y quien aparece.<\/p>\n\n\n\n<h2 id=\"el-envio-de-moises-y-la-estructura-del-mensajero\" class=\"wp-block-heading\">El env\u00edo de Mois\u00e9s y la estructura del mensajero<\/h2>\n\n\n\n<p class=\"wp-block-paragraph\">Parad\u00f3jicamente, el relato del \u00c1ngel de Yahv\u00e9 culmina haciendo de Mois\u00e9s mismo un <strong>enviado<\/strong>:<\/p>\n\n\n\n<blockquote class=\"wp-block-quote is-layout-flow wp-block-quote-is-layout-flow\">\n<p class=\"wp-block-paragraph\">\u201cVen, por tanto, ahora, y te enviar\u00e9 a Fara\u00f3n\u201d (<a href=\"https:\/\/biblia.com\/bible\/rvr60\/Ex3.10\">Ex 3:10<\/a>).<\/p>\n<\/blockquote>\n\n\n\n<p class=\"wp-block-paragraph\">El verbo \u05e9\u05c1\u05dc\u05d7 (<em>\u0161l\u1e25<\/em>, \u201cenviar\u201d) introduce una interesante estructura de mediaci\u00f3n. El Dios que se revela mediante su <em>mal\u02beakh<\/em>, su mensajero, convierte ahora a Mois\u00e9s en su mensajero humano ante Fara\u00f3n.<\/p>\n\n\n\n<p class=\"wp-block-paragraph\">Sin embargo, la diferencia entre ambos tipos de mediaci\u00f3n es notable. Mois\u00e9s nunca declara:<\/p>\n\n\n\n<blockquote class=\"wp-block-quote is-layout-flow wp-block-quote-is-layout-flow\">\n<p class=\"wp-block-paragraph\">\u201cYo soy el Dios de Abraham\u201d.<\/p>\n<\/blockquote>\n\n\n\n<p class=\"wp-block-paragraph\">Nunca convierte su propia identidad en la identidad del remitente. Puede hablar en nombre de Yahv\u00e9, pero el relato distingue mucho m\u00e1s claramente al profeta de Dios.<\/p>\n\n\n\n<p class=\"wp-block-paragraph\">Esta diferencia ser\u00e1 importante m\u00e1s adelante cuando estudiemos si el denominado \u201cprincipio de agencia\u201d es suficiente para explicar todos los textos del \u00c1ngel de Yahv\u00e9. El hecho de que un representante pueda transmitir palabras en primera persona explica parte del fen\u00f3meno, pero no necesariamente toda la intensidad con que el \u00c1ngel participa de la identidad narrativa de Yahv\u00e9.<\/p>\n\n\n\n<h2 id=\"yo-estare-contigo\" class=\"wp-block-heading\">\u201cYo estar\u00e9 contigo\u201d<\/h2>\n\n\n\n<p class=\"wp-block-paragraph\">Mois\u00e9s pregunta:<\/p>\n\n\n\n<blockquote class=\"wp-block-quote is-layout-flow wp-block-quote-is-layout-flow\">\n<p class=\"wp-block-paragraph\">\u201c\u00bfQui\u00e9n soy yo para que vaya a Fara\u00f3n?\u201d (<a href=\"https:\/\/biblia.com\/bible\/rvr60\/Ex3.11\">Ex 3:11<\/a>).<\/p>\n<\/blockquote>\n\n\n\n<p class=\"wp-block-paragraph\">Dios responde:<\/p>\n\n\n\n<blockquote class=\"wp-block-quote is-layout-flow wp-block-quote-is-layout-flow\">\n<p class=\"wp-block-paragraph\">\u201cVe, porque yo estar\u00e9 contigo\u201d (<a href=\"https:\/\/biblia.com\/bible\/rvr60\/Ex3.12\">Ex 3:12<\/a>).<\/p>\n<\/blockquote>\n\n\n\n<p class=\"wp-block-paragraph\">El hebreo:<\/p>\n\n\n\n<blockquote class=\"wp-block-quote is-layout-flow wp-block-quote-is-layout-flow\">\n<p class=\"wp-block-paragraph\">\u05db\u05b4\u05bc\u05d9\u05be\u05d0\u05b6\u05d4\u05b0\u05d9\u05b6\u05d4 \u05e2\u05b4\u05de\u05b8\u05bc\u05da\u05b0<br><em>k\u00ee-\u02beehyeh \u02bfimm\u0101k<\/em><br>\u201cporque estar\u00e9 contigo\u201d<\/p>\n<\/blockquote>\n\n\n\n<p class=\"wp-block-paragraph\">prepara ling\u00fc\u00edsticamente la revelaci\u00f3n posterior de <a href=\"https:\/\/biblia.com\/bible\/rvr60\/Ex3.14\">\u00c9xodo 3:14<\/a>. El verbo \u05d0\u05b6\u05d4\u05b0\u05d9\u05b6\u05d4 (<em>\u02beehyeh<\/em>) es la primera persona del verbo \u05d4\u05d9\u05d4 (<em>h-y-h<\/em>, \u201cser\/estar\u201d).<\/p>\n\n\n\n<p class=\"wp-block-paragraph\">Por ello, cuando posteriormente Dios afirma:<\/p>\n\n\n\n<blockquote class=\"wp-block-quote is-layout-flow wp-block-quote-is-layout-flow\">\n<p class=\"wp-block-paragraph\">\u05d0\u05b6\u05d4\u05b0\u05d9\u05b6\u05d4 \u05d0\u05b2\u05e9\u05b6\u05c1\u05e8 \u05d0\u05b6\u05d4\u05b0\u05d9\u05b6\u05d4<br><em>\u02beehyeh \u02be\u0103\u0161er \u02beehyeh<\/em><\/p>\n<\/blockquote>\n\n\n\n<p class=\"wp-block-paragraph\">no debemos separar completamente la expresi\u00f3n del contexto inmediato. Antes de ser una proposici\u00f3n metaf\u00edsica abstracta acerca de \u201cexistencia\u201d, <em>\u02beehyeh<\/em> aparece como promesa de <strong>presencia<\/strong>: \u201cestar\u00e9 contigo\u201d.<\/p>\n\n\n\n<p class=\"wp-block-paragraph\">La revelaci\u00f3n del nombre divino responde as\u00ed al temor de Mois\u00e9s no solamente dici\u00e9ndole qui\u00e9n es Dios, sino asegur\u00e1ndole <strong>qui\u00e9n estar\u00e1 con \u00e9l<\/strong>.<\/p>\n\n\n\n<h2 id=\"ehyeh-asher-ehyeh-y-el-nombre-de-yahve\" class=\"wp-block-heading\">\u201cEhyeh asher Ehyeh\u201d y el nombre de Yahv\u00e9<\/h2>\n\n\n\n<p class=\"wp-block-paragraph\">Mois\u00e9s pregunta qu\u00e9 debe responder si Israel le pregunta por el nombre del Dios que lo ha enviado (<a href=\"https:\/\/biblia.com\/bible\/rvr60\/Ex3.13\">Ex 3:13<\/a>). La respuesta es uno de los textos m\u00e1s discutidos de toda la Biblia:<\/p>\n\n\n\n<blockquote class=\"wp-block-quote is-layout-flow wp-block-quote-is-layout-flow\">\n<p class=\"wp-block-paragraph\">\u201cYO SOY EL QUE SOY\u201d (<a href=\"https:\/\/biblia.com\/bible\/rvr60\/Ex3.14\">Ex 3:14<\/a>).<\/p>\n<\/blockquote>\n\n\n\n<p class=\"wp-block-paragraph\">El hebreo dice:<\/p>\n\n\n\n<blockquote class=\"wp-block-quote is-layout-flow wp-block-quote-is-layout-flow\">\n<p class=\"wp-block-paragraph\">\u05d0\u05b6\u05d4\u05b0\u05d9\u05b6\u05d4 \u05d0\u05b2\u05e9\u05b6\u05c1\u05e8 \u05d0\u05b6\u05d4\u05b0\u05d9\u05b6\u05d4<br><em>\u02beehyeh \u02be\u0103\u0161er \u02beehyeh<\/em>.<\/p>\n<\/blockquote>\n\n\n\n<p class=\"wp-block-paragraph\">La traducci\u00f3n tradicional \u201cYo soy el que soy\u201d es posible, pero no agota el rango de la construcci\u00f3n. Debido al car\u00e1cter imperfectivo de <em>\u02beehyeh<\/em>, tambi\u00e9n se han propuesto sentidos pr\u00f3ximos a \u201cYo ser\u00e9 el que ser\u00e9\u201d o \u201cYo estar\u00e9 como estar\u00e9\u201d.<\/p>\n\n\n\n<p class=\"wp-block-paragraph\">En el contexto, la asociaci\u00f3n con <a href=\"https:\/\/biblia.com\/bible\/rvr60\/Ex3.12\">\u00c9xodo 3:12<\/a> \u2014\u201cyo estar\u00e9 contigo\u201d\u2014 sugiere que la expresi\u00f3n posee una fuerte dimensi\u00f3n de <strong>presencia fiel y soberana<\/strong>.<\/p>\n\n\n\n<p class=\"wp-block-paragraph\">El texto contin\u00faa:<\/p>\n\n\n\n<blockquote class=\"wp-block-quote is-layout-flow wp-block-quote-is-layout-flow\">\n<p class=\"wp-block-paragraph\">\u201cAs\u00ed dir\u00e1s a los hijos de Israel: YO SOY me envi\u00f3 a vosotros\u201d (<a href=\"https:\/\/biblia.com\/bible\/rvr60\/Ex3.14\">Ex 3:14<\/a>).<\/p>\n<\/blockquote>\n\n\n\n<p class=\"wp-block-paragraph\">Y despu\u00e9s:<\/p>\n\n\n\n<blockquote class=\"wp-block-quote is-layout-flow wp-block-quote-is-layout-flow\">\n<p class=\"wp-block-paragraph\">\u201cJehov\u00e1, el Dios de vuestros padres, el Dios de Abraham, Dios de Isaac y Dios de Jacob, me ha enviado a vosotros. Este es mi nombre para siempre\u201d (<a href=\"https:\/\/biblia.com\/bible\/rvr60\/Ex3.15\">Ex 3:15<\/a>).<\/p>\n<\/blockquote>\n\n\n\n<p class=\"wp-block-paragraph\">Aqu\u00ed el relato alcanza su culminaci\u00f3n. La escena comenz\u00f3 con <strong>el \u00c1ngel de Yahv\u00e9<\/strong> y termina con la revelaci\u00f3n solemne del <strong>nombre de Yahv\u00e9<\/strong><sup data-fn=\"6ade37e4-a8fc-42a4-b101-efab73c1b962\" class=\"fn\"><a href=\"#6ade37e4-a8fc-42a4-b101-efab73c1b962\" id=\"6ade37e4-a8fc-42a4-b101-efab73c1b962-link\">29<\/a><\/sup>.<\/p>\n\n\n\n<p class=\"wp-block-paragraph\">Esta estructura posee una importancia considerable para nuestro estudio:<\/p>\n\n\n\n<p class=\"wp-block-paragraph\"><strong>\u00c1ngel de Yahv\u00e9 \u2192 Yahv\u00e9 \u2192 Elohim \u2192 Dios de los patriarcas \u2192 revelaci\u00f3n del nombre YHWH.<\/strong><\/p>\n\n\n\n<p class=\"wp-block-paragraph\">La narraci\u00f3n no presenta estas designaciones como figuras rivales ni como deidades diferentes. Forman parte de una \u00fanica experiencia de revelaci\u00f3n.<\/p>\n\n\n\n<h2 id=\"la-importancia-de-exodo-3-para-la-identidad-del-angel\" class=\"wp-block-heading\">La importancia de \u00c9xodo 3 para la identidad del \u00c1ngel<\/h2>\n\n\n\n<p class=\"wp-block-paragraph\">Desde el punto de vista exeg\u00e9tico, \u00c9xodo 3 nos obliga a mantener varias afirmaciones simult\u00e1neamente.<\/p>\n\n\n\n<p class=\"wp-block-paragraph\">El texto denomina expl\u00edcitamente a la figura inicial <strong>\u201c\u00c1ngel de Yahv\u00e9\u201d<\/strong> (<a href=\"https:\/\/biblia.com\/bible\/rvr60\/Ex3.2\">Ex 3:2<\/a>). El t\u00e9rmino <em>mal\u02beakh<\/em> implica misi\u00f3n y, por tanto, permite alg\u00fan grado de distinci\u00f3n entre mensajero y remitente.<\/p>\n\n\n\n<p class=\"wp-block-paragraph\">Sin embargo, el narrador inmediatamente afirma que <strong>Yahv\u00e9<\/strong> observa a Mois\u00e9s y que <strong>Elohim<\/strong> lo llama desde el mismo lugar (<a href=\"https:\/\/biblia.com\/bible\/rvr60\/Ex3.4\">Ex 3:4<\/a>). La voz declara:<\/p>\n\n\n\n<blockquote class=\"wp-block-quote is-layout-flow wp-block-quote-is-layout-flow\">\n<p class=\"wp-block-paragraph\">\u201cYo soy el Dios de tu padre\u201d (<a href=\"https:\/\/biblia.com\/bible\/rvr60\/Ex3.6\">Ex 3:6<\/a>),<\/p>\n<\/blockquote>\n\n\n\n<p class=\"wp-block-paragraph\">y Mois\u00e9s teme mirar a:<\/p>\n\n\n\n<blockquote class=\"wp-block-quote is-layout-flow wp-block-quote-is-layout-flow\">\n<p class=\"wp-block-paragraph\">\u201cDios\u201d (<a href=\"https:\/\/biblia.com\/bible\/rvr60\/Ex3.6\">Ex 3:6<\/a>).<\/p>\n<\/blockquote>\n\n\n\n<p class=\"wp-block-paragraph\">Posteriormente es Yahv\u00e9 mismo quien afirma haber descendido para liberar a Israel (<a href=\"https:\/\/biblia.com\/bible\/rvr60\/Ex3.7-8\">Ex 3:7\u20138<\/a>).<\/p>\n\n\n\n<p class=\"wp-block-paragraph\">Douglas K. Stuart llama la atenci\u00f3n, en su tratamiento de esta teofan\u00eda, sobre la extraordinaria proximidad entre el \u00c1ngel de Yahv\u00e9 y Yahv\u00e9 dentro de la propia narraci\u00f3n.<sup data-fn=\"7cfdf30e-2d8a-4f8b-b351-5bb9aa636327\" class=\"fn\"><a href=\"#7cfdf30e-2d8a-4f8b-b351-5bb9aa636327\" id=\"7cfdf30e-2d8a-4f8b-b351-5bb9aa636327-link\">30<\/a><\/sup> La importancia de su observaci\u00f3n para nuestro estudio reside precisamente en que la identificaci\u00f3n no depende \u00fanicamente de que el \u00c1ngel pronuncie palabras divinas: es el narrador quien pasa del \u00c1ngel a Yahv\u00e9 y a Elohim dentro de una misma escena de revelaci\u00f3n.<\/p>\n\n\n\n<p class=\"wp-block-paragraph\">La interpretaci\u00f3n jud\u00eda puede explicar esta convergencia mediante <strong>agencia y representaci\u00f3n<\/strong>: el mensajero porta la voz y autoridad de Dios. Esta soluci\u00f3n preserva la distinci\u00f3n entre Dios y sus criaturas.<\/p>\n\n\n\n<p class=\"wp-block-paragraph\">La interpretaci\u00f3n teof\u00e1nica entiende al \u00c1ngel como <strong>forma visible de la propia manifestaci\u00f3n de Yahv\u00e9<\/strong>. La antigua observaci\u00f3n recogida por el <em>Cambridge Bible<\/em> lo expresa de manera especialmente precisa: la manifestaci\u00f3n produce una distinci\u00f3n entre \u00c1ngel y Yahv\u00e9, \u201caunque la identidad permanece\u201d.<sup data-fn=\"ed2e409b-e1a8-4a3a-a456-14f2abec0644\" class=\"fn\"><a href=\"#ed2e409b-e1a8-4a3a-a456-14f2abec0644\" id=\"ed2e409b-e1a8-4a3a-a456-14f2abec0644-link\">31<\/a><\/sup><\/p>\n\n\n\n<p class=\"wp-block-paragraph\">La posterior interpretaci\u00f3n cristiana dar\u00e1 un paso adicional, identificando al que se manifiesta con el Logos preencarnado. Esa cuesti\u00f3n deber\u00e1 estudiarse posteriormente dentro de la historia de interpretaci\u00f3n y no imponerse anticipadamente sobre el texto.<\/p>\n\n\n\n<p class=\"wp-block-paragraph\">Pero puede afirmarse ya algo importante: <strong>\u00c9xodo 3 dif\u00edcilmente permite describir al \u00c1ngel de Yahv\u00e9 como un mensajero celestial ordinario<\/strong>. El personaje sirve como punto inicial de una teofan\u00eda en la cual Yahv\u00e9 habla, revela su nombre, declara haber descendido para liberar a Israel y es reconocido por Mois\u00e9s como Dios.<\/p>\n\n\n\n<p class=\"wp-block-paragraph\">Existe, adem\u00e1s, una confirmaci\u00f3n interesante dentro del propio Nuevo Testamento. Esteban, recordando el acontecimiento, declara:<\/p>\n\n\n\n<blockquote class=\"wp-block-quote is-layout-flow wp-block-quote-is-layout-flow\">\n<p class=\"wp-block-paragraph\">\u201cPasados cuarenta a\u00f1os, un \u00e1ngel se le apareci\u00f3 en el desierto del monte Sina\u00ed, en la llama de fuego de una zarza\u201d (<a href=\"https:\/\/biblia.com\/bible\/rvr60\/Ac7.30\">Hch 7:30<\/a>).<\/p>\n<\/blockquote>\n\n\n\n<p class=\"wp-block-paragraph\">Y posteriormente:<\/p>\n\n\n\n<blockquote class=\"wp-block-quote is-layout-flow wp-block-quote-is-layout-flow\">\n<p class=\"wp-block-paragraph\">\u201cEste Mois\u00e9s [&#8230;] Dios lo envi\u00f3 como gobernante y libertador por mano del \u00e1ngel que se le apareci\u00f3 en la zarza\u201d (<a href=\"https:\/\/biblia.com\/bible\/rvr60\/Ac7.35\">Hch 7:35<\/a>).<\/p>\n<\/blockquote>\n\n\n\n<p class=\"wp-block-paragraph\">La tradici\u00f3n cristiana primitiva conserv\u00f3, por tanto, la categor\u00eda <strong>\u00e1ngel<\/strong> al interpretar la zarza. No elimin\u00f3 simplemente la distinci\u00f3n. Esto ser\u00e1 muy importante cuando posteriormente examinemos la interpretaci\u00f3n patr\u00edstica: los Padres que identificaron al \u00c1ngel con el Logos no lo hicieron porque ignoraran que el texto lo llamaba \u201c\u00e1ngel\u201d, sino precisamente porque entend\u00edan <em>angelos<\/em> en su sentido de <strong>\u201cmensajero\u201d<\/strong> y preguntaban qu\u00e9 mensajero pod\u00eda, al mismo tiempo, hablar como el Dios de Abraham, Isaac y Jacob.<\/p>\n\n\n\n<p class=\"wp-block-paragraph\">La tensi\u00f3n fundamental vuelve as\u00ed a aparecer:<\/p>\n\n\n\n<p class=\"wp-block-paragraph\"><strong>es enviado, pero habla como Dios;<br>es denominado \u00c1ngel, pero Mois\u00e9s teme mirar a Dios;<br>aparece desde la zarza, pero Yahv\u00e9 afirma haber descendido;<br>es distinguible en funci\u00f3n, pero participa plenamente en la revelaci\u00f3n de la identidad divina.<\/strong><\/p>\n\n\n\n<p class=\"wp-block-paragraph\">Esta tensi\u00f3n no constituye un detalle secundario de la narraci\u00f3n. Es precisamente lo que hace de la zarza ardiente uno de los textos fundamentales para cualquier estudio serio sobre el <strong>\u00c1ngel de Yahv\u00e9<\/strong>.<\/p>\n\n\n\n<h2 id=\"el-angel-que-guia-a-israel-y-lleva-el-nombre-de-yahve-exodo-23-20-23\" class=\"wp-block-heading\">El \u00c1ngel que gu\u00eda a Israel y lleva el nombre de Yahv\u00e9: \u00c9xodo 23:20\u201323<\/h2>\n\n\n\n<p class=\"wp-block-paragraph\">Despu\u00e9s de la revelaci\u00f3n de la zarza ardiente, la figura del \u00c1ngel vuelve a aparecer dentro de la historia del \u00e9xodo con una funci\u00f3n diferente pero teol\u00f3gicamente relacionada. Ya no encontramos \u00fanicamente al mensajero que se manifiesta a un individuo y comunica una promesa; ahora aparece una figura enviada por Yahv\u00e9 para <strong>acompa\u00f1ar colectivamente a Israel, protegerlo durante el camino y conducirlo hasta la tierra prometida<\/strong>. El pasaje fundamental es <a href=\"https:\/\/biblia.com\/bible\/rvr60\/Ex23.20-23\">\u00c9xodo 23:20\u201323<\/a>, situado hacia el final del llamado Libro del Pacto.<\/p>\n\n\n\n<p class=\"wp-block-paragraph\">El texto comienza con una declaraci\u00f3n divina:<\/p>\n\n\n\n<blockquote class=\"wp-block-quote is-layout-flow wp-block-quote-is-layout-flow\">\n<p class=\"wp-block-paragraph\">\u201cHe aqu\u00ed yo env\u00edo mi \u00c1ngel delante de ti para que te guarde en el camino, y te introduzca en el lugar que yo he preparado\u201d (<a href=\"https:\/\/biblia.com\/bible\/rvr60\/Ex23.20\">Ex 23:20<\/a>).<\/p>\n<\/blockquote>\n\n\n\n<p class=\"wp-block-paragraph\">El hebreo dice:<\/p>\n\n\n\n<blockquote class=\"wp-block-quote is-layout-flow wp-block-quote-is-layout-flow\">\n<p class=\"wp-block-paragraph\">\u05d4\u05b4\u05e0\u05b5\u05bc\u05d4 \u05d0\u05b8\u05e0\u05b9\u05db\u05b4\u05d9 \u05e9\u05b9\u05c1\u05dc\u05b5\u05d7\u05b7 \u05de\u05b7\u05dc\u05b0\u05d0\u05b8\u05da\u05b0 \u05dc\u05b0\u05e4\u05b8\u05e0\u05b6\u05d9\u05da\u05b8<br><em>hinn\u0113h \u02be\u0101n\u014dk\u00ee \u0161\u014dl\u0113a\u1e25 mal\u02be\u0101kh lefan\u00eak\u0101<\/em><br>\u201cHe aqu\u00ed, yo env\u00edo un mensajero delante de ti\u201d.<\/p>\n<\/blockquote>\n\n\n\n<p class=\"wp-block-paragraph\">Desde el comienzo existe una clara <strong>distinci\u00f3n entre Yahv\u00e9 y el \u00c1ngel<\/strong>. Yahv\u00e9 es quien env\u00eda; el \u00c1ngel es quien es enviado. Esta distinci\u00f3n constituye un dato exeg\u00e9tico fundamental y debe conservarse, especialmente porque cualquier identificaci\u00f3n demasiado r\u00e1pida del \u00c1ngel con Yahv\u00e9 podr\u00eda borrar precisamente uno de los elementos que el texto quiere mantener.<\/p>\n\n\n\n<p class=\"wp-block-paragraph\">Sin embargo, lo sorprendente es que los vers\u00edculos siguientes atribuyen al enviado una autoridad que excede considerablemente lo que normalmente esperar\u00edamos de un mensajero celestial ordinario.<\/p>\n\n\n\n<p class=\"wp-block-paragraph\">Yahv\u00e9 declara que el \u00c1ngel ir\u00e1:<\/p>\n\n\n\n<blockquote class=\"wp-block-quote is-layout-flow wp-block-quote-is-layout-flow\">\n<p class=\"wp-block-paragraph\">\u201cdelante de ti\u201d<\/p>\n<\/blockquote>\n\n\n\n<p class=\"wp-block-paragraph\">y que su funci\u00f3n ser\u00e1:<\/p>\n\n\n\n<blockquote class=\"wp-block-quote is-layout-flow wp-block-quote-is-layout-flow\">\n<p class=\"wp-block-paragraph\">\u201cguardarte en el camino\u201d<\/p>\n<\/blockquote>\n\n\n\n<p class=\"wp-block-paragraph\">y:<\/p>\n\n\n\n<blockquote class=\"wp-block-quote is-layout-flow wp-block-quote-is-layout-flow\">\n<p class=\"wp-block-paragraph\">\u201cintroducirte en el lugar que yo he preparado\u201d (<a href=\"https:\/\/biblia.com\/bible\/rvr60\/Ex23.20\">Ex 23:20<\/a>).<\/p>\n<\/blockquote>\n\n\n\n<p class=\"wp-block-paragraph\">El verbo utilizado para \u201cguardar\u201d procede de la ra\u00edz \u05e9\u05c1\u05de\u05e8 (<em>\u0161mr<\/em>), que puede significar guardar, proteger, vigilar u observar. El \u00c1ngel aparece as\u00ed como custodio del pueblo durante la marcha hacia Cana\u00e1n.<\/p>\n\n\n\n<p class=\"wp-block-paragraph\">Pero inmediatamente la exhortaci\u00f3n adquiere una gravedad extraordinaria:<\/p>\n\n\n\n<blockquote class=\"wp-block-quote is-layout-flow wp-block-quote-is-layout-flow\">\n<p class=\"wp-block-paragraph\">\u201cGu\u00e1rdate delante de \u00e9l, y oye su voz; no le seas rebelde\u201d (<a href=\"https:\/\/biblia.com\/bible\/rvr60\/Ex23.21\">Ex 23:21<\/a>).<\/p>\n<\/blockquote>\n\n\n\n<p class=\"wp-block-paragraph\">La expresi\u00f3n:<\/p>\n\n\n\n<blockquote class=\"wp-block-quote is-layout-flow wp-block-quote-is-layout-flow\">\n<p class=\"wp-block-paragraph\">\u05e9\u05b8\u05c1\u05de\u05b7\u05e2 \u05d1\u05b0\u05bc\u05e7\u05b9\u05dc\u05d5\u05b9<br><em>\u0161\u0101ma\u02bf beq\u014dl\u00f4<\/em><br>\u201cescucha\/obedece su voz\u201d<\/p>\n<\/blockquote>\n\n\n\n<p class=\"wp-block-paragraph\">merece especial atenci\u00f3n. En el hebreo b\u00edblico, \u201cescuchar la voz\u201d no significa simplemente percibir auditivamente unas palabras. Con frecuencia implica <strong>obediencia<\/strong>. Escuchar la voz de alguien significa aceptar su autoridad y actuar conforme a su palabra.<\/p>\n\n\n\n<p class=\"wp-block-paragraph\">Por eso la RVR60 traduce adecuadamente el contexto mediante \u201coye su voz\u201d, pero la fuerza pragm\u00e1tica de la expresi\u00f3n se aproxima a: <strong>\u201cobed\u00e9cele\u201d<\/strong>.<\/p>\n\n\n\n<p class=\"wp-block-paragraph\">La exigencia resulta teol\u00f3gicamente significativa porque Israel debe responder a la voz del \u00c1ngel con la obediencia que el pacto exige ante la voz de Yahv\u00e9.<\/p>\n\n\n\n<p class=\"wp-block-paragraph\">Anteriormente, en el Sina\u00ed, Yahv\u00e9 hab\u00eda declarado:<\/p>\n\n\n\n<blockquote class=\"wp-block-quote is-layout-flow wp-block-quote-is-layout-flow\">\n<p class=\"wp-block-paragraph\">\u201cAhora, pues, si diereis o\u00eddo a mi voz, y guardareis mi pacto, vosotros ser\u00e9is mi especial tesoro sobre todos los pueblos\u201d (<a href=\"https:\/\/biblia.com\/bible\/rvr60\/Ex19.5\">Ex 19:5<\/a>).<\/p>\n<\/blockquote>\n\n\n\n<p class=\"wp-block-paragraph\">All\u00ed Israel debe escuchar:<\/p>\n\n\n\n<blockquote class=\"wp-block-quote is-layout-flow wp-block-quote-is-layout-flow\">\n<p class=\"wp-block-paragraph\">\u05d1\u05b0\u05bc\u05e7\u05b9\u05dc\u05b4\u05d9<br><em>beq\u014dl\u00ee<\/em><br>\u201cmi voz\u201d.<\/p>\n<\/blockquote>\n\n\n\n<p class=\"wp-block-paragraph\">Ahora, en relaci\u00f3n con el \u00c1ngel, Yahv\u00e9 ordena escuchar:<\/p>\n\n\n\n<blockquote class=\"wp-block-quote is-layout-flow wp-block-quote-is-layout-flow\">\n<p class=\"wp-block-paragraph\">\u05d1\u05b0\u05bc\u05e7\u05b9\u05dc\u05d5\u05b9<br><em>beq\u014dl\u00f4<\/em><br>\u201csu voz\u201d (<a href=\"https:\/\/biblia.com\/bible\/rvr60\/Ex23.21\">Ex 23:21<\/a>).<\/p>\n<\/blockquote>\n\n\n\n<p class=\"wp-block-paragraph\">La correspondencia no demuestra por s\u00ed misma identidad ontol\u00f3gica entre Yahv\u00e9 y el \u00c1ngel, pero s\u00ed muestra que <strong>la obediencia al mensajero est\u00e1 inseparablemente vinculada a la obediencia a Yahv\u00e9<\/strong><sup data-fn=\"8e699b64-6f89-4e81-a2e4-0bdb6bca63a9\" class=\"fn\"><a href=\"#8e699b64-6f89-4e81-a2e4-0bdb6bca63a9\" id=\"8e699b64-6f89-4e81-a2e4-0bdb6bca63a9-link\">32<\/a><\/sup>.<\/p>\n\n\n\n<h2 id=\"no-le-seas-rebelde\" class=\"wp-block-heading\">\u201cNo le seas rebelde\u201d<\/h2>\n\n\n\n<p class=\"wp-block-paragraph\">La siguiente expresi\u00f3n aumenta todav\u00eda m\u00e1s la intensidad del pasaje:<\/p>\n\n\n\n<blockquote class=\"wp-block-quote is-layout-flow wp-block-quote-is-layout-flow\">\n<p class=\"wp-block-paragraph\">\u201cno le seas rebelde\u201d (<a href=\"https:\/\/biblia.com\/bible\/rvr60\/Ex23.21\">Ex 23:21<\/a>).<\/p>\n<\/blockquote>\n\n\n\n<p class=\"wp-block-paragraph\">El verbo hebreo es:<\/p>\n\n\n\n<blockquote class=\"wp-block-quote is-layout-flow wp-block-quote-is-layout-flow\">\n<p class=\"wp-block-paragraph\">\u05d0\u05b7\u05dc\u05be\u05ea\u05b7\u05bc\u05de\u05b5\u05bc\u05e8 \u05d1\u05bc\u05d5\u05b9<br><em>\u02beal-tamm\u0113r b\u00f4<\/em><\/p>\n<\/blockquote>\n\n\n\n<p class=\"wp-block-paragraph\">procedente de \u05de\u05e8\u05e8 (<em>mrr<\/em>), \u201crebelarse\u201d, \u201cser contumaz\u201d o \u201cmostrar resistencia\u201d.<\/p>\n\n\n\n<p class=\"wp-block-paragraph\">La rebeli\u00f3n contra el \u00c1ngel no se presenta como una falta menor contra un subordinado celestial. El texto contin\u00faa:<\/p>\n\n\n\n<blockquote class=\"wp-block-quote is-layout-flow wp-block-quote-is-layout-flow\">\n<p class=\"wp-block-paragraph\">\u201cporque \u00e9l no perdonar\u00e1 vuestra rebeli\u00f3n\u201d (<a href=\"https:\/\/biblia.com\/bible\/rvr60\/Ex23.21\">Ex 23:21<\/a>).<\/p>\n<\/blockquote>\n\n\n\n<p class=\"wp-block-paragraph\">Esta frase ha provocado una larga discusi\u00f3n exeg\u00e9tica porque parece atribuir al \u00c1ngel una autoridad relacionada con el tratamiento de la transgresi\u00f3n.<\/p>\n\n\n\n<p class=\"wp-block-paragraph\">El sustantivo empleado es:<\/p>\n\n\n\n<blockquote class=\"wp-block-quote is-layout-flow wp-block-quote-is-layout-flow\">\n<p class=\"wp-block-paragraph\">\u05e4\u05b4\u05bc\u05e9\u05b0\u05c1\u05e2\u05b2\u05db\u05b6\u05dd<br><em>pi\u0161\u02bf\u0103kem<\/em><br>\u201cvuestra rebeli\u00f3n \/ vuestras transgresiones\u201d.<\/p>\n<\/blockquote>\n\n\n\n<p class=\"wp-block-paragraph\">\u05e4\u05b6\u05bc\u05e9\u05b7\u05c1\u05e2 (<em>pe\u0161a\u02bf<\/em>) no designa simplemente un error involuntario. Puede expresar rebeli\u00f3n consciente, infracci\u00f3n o transgresi\u00f3n de una relaci\u00f3n de autoridad. Dentro de un contexto de pacto, posee una fuerza considerable.<\/p>\n\n\n\n<p class=\"wp-block-paragraph\">Por ello, la frase \u201cno perdonar\u00e1 vuestra rebeli\u00f3n\u201d no debe trivializarse.<\/p>\n\n\n\n<p class=\"wp-block-paragraph\">Sin embargo, tampoco deber\u00edamos deducir autom\u00e1ticamente que el \u00c1ngel posee aqu\u00ed una facultad aut\u00f3noma para perdonar pecados equivalente a una definici\u00f3n neotestamentaria de prerrogativa divina. El contexto puede entenderse judicialmente: debido a que el \u00c1ngel porta la autoridad de Yahv\u00e9, rebelarse contra \u00e9l implica rebelarse contra el Dios que lo ha enviado.<\/p>\n\n\n\n<p class=\"wp-block-paragraph\">Esta es precisamente una de las explicaciones que permite la tradici\u00f3n jud\u00eda.<\/p>\n\n\n\n<p class=\"wp-block-paragraph\"><strong>Rashi<\/strong>, comentando <a href=\"https:\/\/biblia.com\/bible\/rvr60\/Ex23.21\">\u00c9xodo 23:21<\/a>, entiende la advertencia en relaci\u00f3n con la funci\u00f3n delegada del mensajero y se\u00f1ala que el \u00c1ngel no est\u00e1 autorizado a pasar por alto la desobediencia.<sup data-fn=\"979384c7-2765-4d0f-8bd5-36fac5b34c91\" class=\"fn\"><a href=\"#979384c7-2765-4d0f-8bd5-36fac5b34c91\" id=\"979384c7-2765-4d0f-8bd5-36fac5b34c91-link\">33<\/a><\/sup> La fuerza del pasaje, dentro de esta interpretaci\u00f3n, no reside en que el \u00c1ngel posea una soberan\u00eda independiente de Dios, sino justamente en lo contrario: <strong>ejecuta fielmente la comisi\u00f3n divina y no puede alterar por iniciativa propia el juicio del que lo envi\u00f3<\/strong>.<\/p>\n\n\n\n<p class=\"wp-block-paragraph\">Esta interpretaci\u00f3n introduce un correctivo importante. La frase \u201cno perdonar\u00e1 vuestra rebeli\u00f3n\u201d puede parecer inicialmente una atribuci\u00f3n directa de prerrogativa divina al \u00c1ngel; Rashi la entiende, en cambio, como se\u00f1al de los l\u00edmites de su comisi\u00f3n. El mensajero no puede modificar el mandato de Dios.<\/p>\n\n\n\n<p class=\"wp-block-paragraph\">No obstante, incluso esta interpretaci\u00f3n deja intacta la extraordinaria seriedad de rebelarse contra \u00e9l. El \u00c1ngel no es un intermediario cuya palabra Israel pueda evaluar independientemente. Su autoridad est\u00e1 respaldada directamente por Yahv\u00e9.<\/p>\n\n\n\n<h2 id=\"porque-mi-nombre-esta-en-el\" class=\"wp-block-heading\">\u201cPorque mi nombre est\u00e1 en \u00e9l\u201d<\/h2>\n\n\n\n<p class=\"wp-block-paragraph\">La explicaci\u00f3n que Yahv\u00e9 ofrece inmediatamente despu\u00e9s constituye probablemente la frase m\u00e1s importante del pasaje:<\/p>\n\n\n\n<blockquote class=\"wp-block-quote is-layout-flow wp-block-quote-is-layout-flow\">\n<p class=\"wp-block-paragraph\">\u201cporque mi nombre est\u00e1 en \u00e9l\u201d (<a href=\"https:\/\/biblia.com\/bible\/rvr60\/Ex23.21\">Ex 23:21<\/a>).<\/p>\n<\/blockquote>\n\n\n\n<p class=\"wp-block-paragraph\">El hebreo dice:<\/p>\n\n\n\n<blockquote class=\"wp-block-quote is-layout-flow wp-block-quote-is-layout-flow\">\n<p class=\"wp-block-paragraph\">\u05db\u05b4\u05bc\u05d9 \u05e9\u05b0\u05c1\u05de\u05b4\u05d9 \u05d1\u05b0\u05bc\u05e7\u05b4\u05e8\u05b0\u05d1\u05bc\u05d5\u05b9<br><em>k\u00ee \u0161\u0115m\u00ee beqirb\u00f4<\/em><\/p>\n<\/blockquote>\n\n\n\n<p class=\"wp-block-paragraph\">Literalmente:<\/p>\n\n\n\n<blockquote class=\"wp-block-quote is-layout-flow wp-block-quote-is-layout-flow\">\n<p class=\"wp-block-paragraph\">\u201cporque mi nombre est\u00e1 en su interior \/ en medio de \u00e9l\u201d.<\/p>\n<\/blockquote>\n\n\n\n<p class=\"wp-block-paragraph\">Cada t\u00e9rmino merece atenci\u00f3n.<\/p>\n\n\n\n<p class=\"wp-block-paragraph\">\u05e9\u05b0\u05c1\u05de\u05b4\u05d9 (<em>\u0161\u0115m\u00ee<\/em>) significa <strong>\u201cmi nombre\u201d<\/strong>.<\/p>\n\n\n\n<p class=\"wp-block-paragraph\">\u05d1\u05b0\u05bc\u05e7\u05b4\u05e8\u05b0\u05d1\u05bc\u05d5\u05b9 (<em>beqirb\u00f4<\/em>) procede de \u05e7\u05b6\u05e8\u05b6\u05d1 (<em>qereb<\/em>), \u201cinterior\u201d, \u201cmedio\u201d, \u201centra\u00f1as\u201d, y con el sufijo significa literalmente \u201cen su interior\u201d o \u201cdentro de \u00e9l\u201d.<\/p>\n\n\n\n<p class=\"wp-block-paragraph\">Yahv\u00e9 no dice simplemente que el \u00c1ngel <strong>conoce<\/strong> su nombre ni que <strong>proclama<\/strong> su nombre. Afirma:<\/p>\n\n\n\n<blockquote class=\"wp-block-quote is-layout-flow wp-block-quote-is-layout-flow\">\n<p class=\"wp-block-paragraph\"><strong>\u201cMi nombre est\u00e1 en \u00e9l.\u201d<\/strong><\/p>\n<\/blockquote>\n\n\n\n<p class=\"wp-block-paragraph\">En la cultura b\u00edblica, el \u201cnombre\u201d no debe reducirse a una simple etiqueta fon\u00e9tica. El nombre puede representar <strong>identidad, autoridad, reputaci\u00f3n y presencia<\/strong>. Esto resulta particularmente importante en \u00c9xodo porque la revelaci\u00f3n del nombre divino constituye uno de los grandes temas del libro. Mois\u00e9s hab\u00eda preguntado por el nombre de Dios en <a href=\"https:\/\/biblia.com\/bible\/rvr60\/Ex3.13\">\u00c9xodo 3:13<\/a>, y Dios hab\u00eda revelado su identidad mediante <em>\u02beEhyeh<\/em> y YHWH (<a href=\"https:\/\/biblia.com\/bible\/rvr60\/Ex3.14-15\">Ex 3:14\u201315<\/a>).<\/p>\n\n\n\n<p class=\"wp-block-paragraph\">Ahora Yahv\u00e9 afirma que ese <strong>Nombre est\u00e1 en el \u00c1ngel<\/strong><sup data-fn=\"297470a9-30b4-4c49-80b0-b6ef3aa6a271\" class=\"fn\"><a href=\"#297470a9-30b4-4c49-80b0-b6ef3aa6a271\" id=\"297470a9-30b4-4c49-80b0-b6ef3aa6a271-link\">34<\/a><\/sup>.<\/p>\n\n\n\n<p class=\"wp-block-paragraph\">El comentarista jud\u00edo medieval <strong>Rashbam (Samuel ben Meir)<\/strong> interpreta la expresi\u00f3n de manera representativa: el nombre de Dios est\u00e1 asociado al \u00c1ngel porque este act\u00faa con la autoridad de Dios.<sup data-fn=\"70a804aa-b611-46e9-8e7a-e5c97768b622\" class=\"fn\"><a href=\"#70a804aa-b611-46e9-8e7a-e5c97768b622\" id=\"70a804aa-b611-46e9-8e7a-e5c97768b622-link\">35<\/a><\/sup> Dentro de este marco, poseer el nombre no convierte al mensajero en una segunda deidad; indica que representa plenamente al soberano que lo env\u00eda.<\/p>\n\n\n\n<p class=\"wp-block-paragraph\">Esta explicaci\u00f3n encuentra un paralelo conceptual en pr\u00e1cticas del antiguo Cercano Oriente, donde un enviado real pod\u00eda actuar con la autoridad del rey. Sin embargo, el texto b\u00edblico parece ir m\u00e1s all\u00e1 de una simple credencial diplom\u00e1tica: la presencia del <strong>Nombre<\/strong> en el \u00c1ngel fundamenta la obligaci\u00f3n absoluta de escuchar su voz y la gravedad de rebelarse contra \u00e9l.<\/p>\n\n\n\n<p class=\"wp-block-paragraph\">El acad\u00e9mico jud\u00edo <strong>Nahum M. Sarna<\/strong>, al comentar este pasaje, interpreta igualmente el \u201cnombre\u201d como expresi\u00f3n de la autoridad divina investida en el mensajero.<sup data-fn=\"d6c166c6-fd66-4784-94d6-dc824273e4e1\" class=\"fn\"><a href=\"#d6c166c6-fd66-4784-94d6-dc824273e4e1\" id=\"d6c166c6-fd66-4784-94d6-dc824273e4e1-link\">36<\/a><\/sup> Desde esta perspectiva, la frase significa que el \u00c1ngel act\u00faa con autorizaci\u00f3n plena de Dios. Sarna no deriva de ella una identidad ontol\u00f3gica entre Dios y el \u00c1ngel; su lectura representa una explicaci\u00f3n jud\u00eda moderna del fen\u00f3meno mediante <strong>agencia autorizada<\/strong>.<\/p>\n\n\n\n<p class=\"wp-block-paragraph\">Esta interpretaci\u00f3n resulta especialmente valiosa para nuestro estudio porque muestra que la expresi\u00f3n \u201cmi nombre est\u00e1 en \u00e9l\u201d no obliga por s\u00ed sola a una lectura cristol\u00f3gica. Existe una explicaci\u00f3n coherente dentro de la concepci\u00f3n b\u00edblica y jud\u00eda de representaci\u00f3n.<\/p>\n\n\n\n<p class=\"wp-block-paragraph\">Pero tampoco debe reducirse el texto hasta eliminar su singularidad.<\/p>\n\n\n\n<p class=\"wp-block-paragraph\">Yahv\u00e9 no dice esto de Mois\u00e9s.<\/p>\n\n\n\n<p class=\"wp-block-paragraph\">Mois\u00e9s tambi\u00e9n es enviado (<a href=\"https:\/\/biblia.com\/bible\/rvr60\/Ex3.10\">Ex 3:10<\/a>). Habla las palabras de Dios. Realiza se\u00f1ales mediante el poder de Dios. Representa a Yahv\u00e9 ante Fara\u00f3n. Incluso se dice que ser\u00e1 \u201ccomo Dios\u201d para Aar\u00f3n (<a href=\"https:\/\/biblia.com\/bible\/rvr60\/Ex4.16\">Ex 4:16<\/a>) y \u201ccomo Dios para Fara\u00f3n\u201d (<a href=\"https:\/\/biblia.com\/bible\/rvr60\/Ex7.1\">Ex 7:1<\/a>).<\/p>\n\n\n\n<p class=\"wp-block-paragraph\">Sin embargo, Yahv\u00e9 nunca dice de Mois\u00e9s:<\/p>\n\n\n\n<blockquote class=\"wp-block-quote is-layout-flow wp-block-quote-is-layout-flow\">\n<p class=\"wp-block-paragraph\"><strong>\u201cMi nombre est\u00e1 en \u00e9l.\u201d<\/strong><\/p>\n<\/blockquote>\n\n\n\n<p class=\"wp-block-paragraph\">La afirmaci\u00f3n aplicada al \u00c1ngel posee, por tanto, un peso particular.<\/p>\n\n\n\n<h2 id=\"michael-heiser-y-la-teologia-del-nombre\" class=\"wp-block-heading\">Michael Heiser y la teolog\u00eda del Nombre<\/h2>\n\n\n\n<p class=\"wp-block-paragraph\">Este pasaje ocupa un lugar importante en los estudios de <strong>Michael S. Heiser<\/strong> acerca de la identidad divina en el Antiguo Testamento. Heiser relaciona \u00c9xodo 23 con otros textos en los que una figura distinguible de Yahv\u00e9 participa, sin embargo, de elementos asociados con su identidad. En su interpretaci\u00f3n, la afirmaci\u00f3n de que el Nombre est\u00e1 en el \u00c1ngel debe leerse junto con las escenas donde el \u00c1ngel habla como Dios y es identificado narrativamente con Yahv\u00e9.<sup data-fn=\"df4a5f99-af5a-47f3-ba97-43570d69ae57\" class=\"fn\"><a href=\"#df4a5f99-af5a-47f3-ba97-43570d69ae57\" id=\"df4a5f99-af5a-47f3-ba97-43570d69ae57-link\">37<\/a><\/sup><\/p>\n\n\n\n<p class=\"wp-block-paragraph\">La importancia de la propuesta de Heiser consiste en no tratar cada aparici\u00f3n como un fen\u00f3meno aislado. Si <a href=\"https:\/\/biblia.com\/bible\/rvr60\/Ge31.13\">G\u00e9nesis 31:13<\/a> presenta al \u00c1ngel diciendo \u201cYo soy el Dios de Bet-el\u201d, <a href=\"https:\/\/biblia.com\/bible\/rvr60\/Ex3.2-6\">\u00c9xodo 3:2\u20136<\/a> pasa del \u00c1ngel de Yahv\u00e9 a Yahv\u00e9 y Elohim, y <a href=\"https:\/\/biblia.com\/bible\/rvr60\/Ex23.21\">\u00c9xodo 23:21<\/a> afirma que el Nombre de Yahv\u00e9 est\u00e1 en el \u00c1ngel, entonces comienza a aparecer un patr\u00f3n.<\/p>\n\n\n\n<figure class=\"wp-block-image alignright size-full is-resized\"><a href=\"https:\/\/i0.wp.com\/atravesdelasescrituras.com\/wp-content\/uploads\/2026\/08\/imagen-3.png?ssl=1\"><img data-recalc-dims=\"1\" loading=\"lazy\" decoding=\"async\" width=\"1024\" height=\"768\" data-attachment-id=\"57371\" data-permalink=\"https:\/\/atravesdelasescrituras.com\/es_es\/2026\/08\/10\/el-angel-del-senor-mensajero-divino-teofania-o-cristo-preencarnado\/imagen-185\/\" data-orig-file=\"https:\/\/atravesdelasescrituras.com\/wp-content\/uploads\/2026\/08\/imagen-3.png\" data-orig-size=\"1024,768\" data-comments-opened=\"1\" data-image-meta=\"{&quot;aperture&quot;:&quot;0&quot;,&quot;credit&quot;:&quot;&quot;,&quot;camera&quot;:&quot;&quot;,&quot;caption&quot;:&quot;&quot;,&quot;created_timestamp&quot;:&quot;0&quot;,&quot;copyright&quot;:&quot;&quot;,&quot;focal_length&quot;:&quot;0&quot;,&quot;iso&quot;:&quot;0&quot;,&quot;shutter_speed&quot;:&quot;0&quot;,&quot;title&quot;:&quot;&quot;,&quot;orientation&quot;:&quot;0&quot;,&quot;alt&quot;:&quot;&quot;}\" data-image-title=\"imagen\" data-image-description=\"\" data-image-caption=\"\" data-large-file=\"https:\/\/atravesdelasescrituras.com\/wp-content\/uploads\/2026\/08\/imagen-3.png\" src=\"https:\/\/i0.wp.com\/atravesdelasescrituras.com\/wp-content\/uploads\/2026\/08\/imagen-3.png?resize=1024%2C768&#038;ssl=1\" alt=\"\" class=\"wp-image-57371\" style=\"width:234px;height:auto\" srcset=\"https:\/\/i0.wp.com\/atravesdelasescrituras.com\/wp-content\/uploads\/2026\/08\/imagen-3.png?w=1024&amp;ssl=1 1024w, https:\/\/i0.wp.com\/atravesdelasescrituras.com\/wp-content\/uploads\/2026\/08\/imagen-3.png?resize=300%2C225&amp;ssl=1 300w, https:\/\/i0.wp.com\/atravesdelasescrituras.com\/wp-content\/uploads\/2026\/08\/imagen-3.png?resize=768%2C576&amp;ssl=1 768w, https:\/\/i0.wp.com\/atravesdelasescrituras.com\/wp-content\/uploads\/2026\/08\/imagen-3.png?resize=800%2C600&amp;ssl=1 800w, https:\/\/i0.wp.com\/atravesdelasescrituras.com\/wp-content\/uploads\/2026\/08\/imagen-3.png?resize=600%2C450&amp;ssl=1 600w, https:\/\/i0.wp.com\/atravesdelasescrituras.com\/wp-content\/uploads\/2026\/08\/imagen-3.png?resize=400%2C300&amp;ssl=1 400w, https:\/\/i0.wp.com\/atravesdelasescrituras.com\/wp-content\/uploads\/2026\/08\/imagen-3.png?resize=200%2C150&amp;ssl=1 200w\" sizes=\"(max-width: 1024px) 100vw, 1024px\" \/><\/a><\/figure>\n\n\n\n<p class=\"wp-block-paragraph\">Heiser relaciona este fen\u00f3meno con lo que denomina la concepci\u00f3n de <strong>\u201cdos Yahv\u00e9s\u201d<\/strong> o las dos figuras de Yahv\u00e9 en determinados textos del Antiguo Testamento: una visible y otra invisible, distinguibles en determinadas escenas sin constituir dos dioses independientes.<\/p>\n\n\n\n<p class=\"wp-block-paragraph\">Esta terminolog\u00eda requiere mucha cautela.<\/p>\n\n\n\n<p class=\"wp-block-paragraph\">Decir \u201cdos Yahv\u00e9s\u201d puede resultar enga\u00f1oso si se entiende como afirmaci\u00f3n de polite\u00edsmo. Ese no es el argumento de Heiser. Su propuesta es que algunos textos israelitas permiten una <strong>distinci\u00f3n dentro de la representaci\u00f3n de la identidad de Yahv\u00e9<\/strong> sin abandonar el monote\u00edsmo israelita.<\/p>\n\n\n\n<p class=\"wp-block-paragraph\">Esta interpretaci\u00f3n ser\u00e1 especialmente relevante m\u00e1s adelante cuando estudiemos la recepci\u00f3n jud\u00eda del per\u00edodo del Segundo Templo y la posterior discusi\u00f3n rab\u00ednica sobre los llamados <strong>\u201cdos poderes en el cielo\u201d<\/strong>. No obstante, ser\u00eda anacr\u00f3nico convertir <a href=\"https:\/\/biblia.com\/bible\/rvr60\/Ex23.21\">\u00c9xodo 23:21<\/a>, por s\u00ed solo, en una formulaci\u00f3n de la doctrina trinitaria. El texto proporciona materiales que posteriormente podr\u00e1n ser interpretados de esa manera, pero no formula todav\u00eda las categor\u00edas ontol\u00f3gicas de Nicea o Constantinopla.<\/p>\n\n\n\n<h2 id=\"la-voz-del-angel-y-la-voz-de-yahve\" class=\"wp-block-heading\">La voz del \u00c1ngel y la voz de Yahv\u00e9<\/h2>\n\n\n\n<p class=\"wp-block-paragraph\">El vers\u00edculo siguiente resulta esencial para comprender c\u00f3mo funciona la representaci\u00f3n:<\/p>\n\n\n\n<blockquote class=\"wp-block-quote is-layout-flow wp-block-quote-is-layout-flow\">\n<p class=\"wp-block-paragraph\">\u201cPero si en verdad oyeres su voz e hicieres todo lo que yo te dijere, ser\u00e9 enemigo de tus enemigos, y afligir\u00e9 a los que te afligieren\u201d (<a href=\"https:\/\/biblia.com\/bible\/rvr60\/Ex23.22\">Ex 23:22<\/a>).<\/p>\n<\/blockquote>\n\n\n\n<p class=\"wp-block-paragraph\">Aqu\u00ed aparece una construcci\u00f3n extraordinariamente interesante.<\/p>\n\n\n\n<p class=\"wp-block-paragraph\">Primero:<\/p>\n\n\n\n<blockquote class=\"wp-block-quote is-layout-flow wp-block-quote-is-layout-flow\">\n<p class=\"wp-block-paragraph\">\u201csi [&#8230;] oyeres <strong>su voz<\/strong>\u201d<\/p>\n<\/blockquote>\n\n\n\n<p class=\"wp-block-paragraph\">y despu\u00e9s:<\/p>\n\n\n\n<blockquote class=\"wp-block-quote is-layout-flow wp-block-quote-is-layout-flow\">\n<p class=\"wp-block-paragraph\">\u201ce hicieres todo lo que <strong>yo te dijere<\/strong>\u201d.<\/p>\n<\/blockquote>\n\n\n\n<p class=\"wp-block-paragraph\">El cambio pronominal merece atenci\u00f3n:<\/p>\n\n\n\n<p class=\"wp-block-paragraph\"><strong>su voz \u2192 lo que yo diga.<\/strong><\/p>\n\n\n\n<p class=\"wp-block-paragraph\">La voz pertenece al \u00c1ngel, pero el contenido pertenece a Yahv\u00e9.<\/p>\n\n\n\n<p class=\"wp-block-paragraph\">Esto ofrece probablemente una de las claves m\u00e1s importantes para interpretar todo el fen\u00f3meno. El \u00c1ngel puede ser distinguido de Yahv\u00e9 como mensajero y, al mismo tiempo, su voz puede funcionar como <strong>la voz de Yahv\u00e9<\/strong>.<\/p>\n\n\n\n<p class=\"wp-block-paragraph\">La agencia no es meramente administrativa; es revelacional.<\/p>\n\n\n\n<p class=\"wp-block-paragraph\">El pueblo escucha al \u00c1ngel y, al escucharlo, escucha a Dios.<\/p>\n\n\n\n<p class=\"wp-block-paragraph\">Esto recuerda nuevamente la experiencia de Jacob. El \u00c1ngel de Dios pod\u00eda decir:<\/p>\n\n\n\n<blockquote class=\"wp-block-quote is-layout-flow wp-block-quote-is-layout-flow\">\n<p class=\"wp-block-paragraph\">\u201cYo soy el Dios de Bet-el\u201d (<a href=\"https:\/\/biblia.com\/bible\/rvr60\/Ge31.13\">Gn 31:13<\/a>),<\/p>\n<\/blockquote>\n\n\n\n<p class=\"wp-block-paragraph\">porque la palabra divina llegaba mediante \u00e9l sin que el narrador necesitara insertar constantemente f\u00f3rmulas de mensajero.<\/p>\n\n\n\n<p class=\"wp-block-paragraph\">Pero \u00c9xodo 23 a\u00f1ade algo nuevo: Yahv\u00e9 explica por qu\u00e9 la voz del mensajero posee semejante autoridad:<\/p>\n\n\n\n<blockquote class=\"wp-block-quote is-layout-flow wp-block-quote-is-layout-flow\">\n<p class=\"wp-block-paragraph\"><strong>\u201cmi nombre est\u00e1 en \u00e9l\u201d<\/strong> (<a href=\"https:\/\/biblia.com\/bible\/rvr60\/Ex23.21\">Ex 23:21<\/a>).<\/p>\n<\/blockquote>\n\n\n\n<h2 id=\"el-angel-como-conductor-de-la-conquista\" class=\"wp-block-heading\">El \u00c1ngel como conductor de la conquista<\/h2>\n\n\n\n<p class=\"wp-block-paragraph\">Yahv\u00e9 contin\u00faa:<\/p>\n\n\n\n<blockquote class=\"wp-block-quote is-layout-flow wp-block-quote-is-layout-flow\">\n<p class=\"wp-block-paragraph\">\u201cPorque mi \u00c1ngel ir\u00e1 delante de ti, y te llevar\u00e1 a la tierra del amorreo, del heteo, del ferezeo, del cananeo, del heveo y del jebuseo, a los cuales yo har\u00e9 destruir\u201d (<a href=\"https:\/\/biblia.com\/bible\/rvr60\/Ex23.23\">Ex 23:23<\/a>).<\/p>\n<\/blockquote>\n\n\n\n<p class=\"wp-block-paragraph\">Nuevamente encontramos una interacci\u00f3n entre la actividad del \u00c1ngel y la actividad de Yahv\u00e9:<\/p>\n\n\n\n<blockquote class=\"wp-block-quote is-layout-flow wp-block-quote-is-layout-flow\">\n<p class=\"wp-block-paragraph\"><strong>\u201cmi \u00c1ngel ir\u00e1 delante de ti\u201d<\/strong><\/p>\n<\/blockquote>\n\n\n\n<p class=\"wp-block-paragraph\">pero:<\/p>\n\n\n\n<blockquote class=\"wp-block-quote is-layout-flow wp-block-quote-is-layout-flow\">\n<p class=\"wp-block-paragraph\"><strong>\u201cyo har\u00e9 destruir\u201d<\/strong>.<\/p>\n<\/blockquote>\n\n\n\n<p class=\"wp-block-paragraph\">El \u00c1ngel gu\u00eda; Yahv\u00e9 ejecuta el prop\u00f3sito.<\/p>\n\n\n\n<p class=\"wp-block-paragraph\">No son presentados como dos poderes rivales o independientes. La actividad del \u00c1ngel est\u00e1 completamente integrada dentro de la acci\u00f3n salvadora y judicial de Yahv\u00e9.<\/p>\n\n\n\n<p class=\"wp-block-paragraph\">Esta estructura ayuda a evitar dos extremos interpretativos.<\/p>\n\n\n\n<p class=\"wp-block-paragraph\">Por una parte, no debemos borrar la distinci\u00f3n: Yahv\u00e9 dice expl\u00edcitamente <strong>\u201cmi \u00c1ngel\u201d<\/strong>.<\/p>\n\n\n\n<p class=\"wp-block-paragraph\">Por otra, tampoco debemos convertir al \u00c1ngel en un ser perif\u00e9rico: porta el Nombre, su voz debe ser obedecida y conduce al pueblo en cumplimiento de la promesa divina.<\/p>\n\n\n\n<h2 id=\"es-este-el-mismo-angel-de-la-zarza\" class=\"wp-block-heading\">\u00bfEs este el mismo \u00c1ngel de la zarza?<\/h2>\n\n\n\n<p class=\"wp-block-paragraph\">La pregunta resulta inevitable.<\/p>\n\n\n\n<p class=\"wp-block-paragraph\"><a href=\"https:\/\/biblia.com\/bible\/rvr60\/Ex3.2\">\u00c9xodo 3:2<\/a> hab\u00eda presentado al:<\/p>\n\n\n\n<blockquote class=\"wp-block-quote is-layout-flow wp-block-quote-is-layout-flow\">\n<p class=\"wp-block-paragraph\">\u05de\u05b7\u05dc\u05b0\u05d0\u05b7\u05da\u05b0 \u05d9\u05b0\u05d4\u05d5\u05b8\u05d4<br><em>mal\u02beakh YHWH<\/em><br>\u201c\u00c1ngel de Yahv\u00e9\u201d.<\/p>\n<\/blockquote>\n\n\n\n<p class=\"wp-block-paragraph\"><a href=\"https:\/\/biblia.com\/bible\/rvr60\/Ex23.20\">\u00c9xodo 23:20<\/a> habla simplemente de:<\/p>\n\n\n\n<blockquote class=\"wp-block-quote is-layout-flow wp-block-quote-is-layout-flow\">\n<p class=\"wp-block-paragraph\">\u05de\u05b7\u05dc\u05b0\u05d0\u05b8\u05da\u05b0<br><em>mal\u02be\u0101kh<\/em><br>\u201cun \u00c1ngel\/mensajero\u201d,<\/p>\n<\/blockquote>\n\n\n\n<p class=\"wp-block-paragraph\">seguido inmediatamente de la expresi\u00f3n posesiva:<\/p>\n\n\n\n<blockquote class=\"wp-block-quote is-layout-flow wp-block-quote-is-layout-flow\">\n<p class=\"wp-block-paragraph\">\u201cmi \u00c1ngel\u201d (<a href=\"https:\/\/biblia.com\/bible\/rvr60\/Ex23.23\">Ex 23:23<\/a>).<\/p>\n<\/blockquote>\n\n\n\n<p class=\"wp-block-paragraph\">No podemos demostrar \u00fanicamente por la terminolog\u00eda que se trate necesariamente de la misma figura. Sin embargo, dentro de la continuidad narrativa de \u00c9xodo existen razones importantes para relacionarlas: ambas figuras est\u00e1n vinculadas con la presencia salvadora de Yahv\u00e9, ambas participan en el proceso de liberaci\u00f3n y conducci\u00f3n de Israel y ambas mantienen una relaci\u00f3n extraordinariamente estrecha con la identidad y autoridad divinas.<\/p>\n\n\n\n<p class=\"wp-block-paragraph\"><strong>Brevard S. Childs<\/strong>, al tratar esta secci\u00f3n dentro de la estructura del Libro del Pacto, considera al \u00c1ngel en relaci\u00f3n con la presencia divina que acompa\u00f1ar\u00e1 a Israel en su camino.<sup data-fn=\"baf1bbd2-01c4-477e-8504-6129476020f4\" class=\"fn\"><a href=\"#baf1bbd2-01c4-477e-8504-6129476020f4\" id=\"baf1bbd2-01c4-477e-8504-6129476020f4-link\">38<\/a><\/sup> Su an\u00e1lisis resulta especialmente \u00fatil porque evita separar artificialmente la angelolog\u00eda de la teolog\u00eda de la presencia de Yahv\u00e9. El problema fundamental del texto no es satisfacer nuestra curiosidad acerca de la clasificaci\u00f3n celestial del mensajero, sino asegurar que <strong>Dios acompa\u00f1ar\u00e1 efectivamente a Israel y llevar\u00e1 a cumplimiento su promesa<\/strong>.<\/p>\n\n\n\n<p class=\"wp-block-paragraph\">Esta observaci\u00f3n prepara un problema que aparecer\u00e1 dram\u00e1ticamente despu\u00e9s del pecado del becerro de oro.<\/p>\n\n\n\n<p class=\"wp-block-paragraph\">En <a href=\"https:\/\/biblia.com\/bible\/rvr60\/Ex33.2-3\">\u00c9xodo 33:2\u20133<\/a>, Yahv\u00e9 afirma que enviar\u00e1 un \u00e1ngel delante de Israel, pero a\u00f1ade:<\/p>\n\n\n\n<blockquote class=\"wp-block-quote is-layout-flow wp-block-quote-is-layout-flow\">\n<p class=\"wp-block-paragraph\">\u201cyo no subir\u00e9 en medio de ti\u201d.<\/p>\n<\/blockquote>\n\n\n\n<p class=\"wp-block-paragraph\">Mois\u00e9s considera esta posibilidad insuficiente y responde:<\/p>\n\n\n\n<blockquote class=\"wp-block-quote is-layout-flow wp-block-quote-is-layout-flow\">\n<p class=\"wp-block-paragraph\">\u201cSi tu presencia no ha de ir conmigo, no nos saques de aqu\u00ed\u201d (<a href=\"https:\/\/biblia.com\/bible\/rvr60\/Ex33.15\">Ex 33:15<\/a>).<\/p>\n<\/blockquote>\n\n\n\n<p class=\"wp-block-paragraph\">Esto plantea una cuesti\u00f3n exeg\u00e9tica importante: <strong>\u00bfes el \u00e1ngel de \u00c9xodo 33 id\u00e9ntico al \u00c1ngel de \u00c9xodo 23?<\/strong> Si el \u00c1ngel de \u00c9xodo 23 porta el Nombre divino, mientras que en \u00c9xodo 33 un \u00e1ngel puede aparentemente ser enviado sin que la presencia personal de Yahv\u00e9 acompa\u00f1e al pueblo, quiz\u00e1 el libro mismo distinga entre diferentes formas de mediaci\u00f3n angelical.<\/p>\n\n\n\n<p class=\"wp-block-paragraph\">Esta cuesti\u00f3n no debe resolverse anticipadamente, pero ser\u00e1 importante cuando lleguemos a ese pasaje.<\/p>\n\n\n\n<h2 id=\"una-comparacion-con-deuteronomio\" class=\"wp-block-heading\">Una comparaci\u00f3n con Deuteronomio<\/h2>\n\n\n\n<p class=\"wp-block-paragraph\">Existe adem\u00e1s un elemento interesante cuando se compara \u00c9xodo con Deuteronomio. Deuteronomio describe repetidamente a <strong>Yahv\u00e9 mismo<\/strong> como aquel que va delante de Israel.<\/p>\n\n\n\n<p class=\"wp-block-paragraph\">Mois\u00e9s declara:<\/p>\n\n\n\n<blockquote class=\"wp-block-quote is-layout-flow wp-block-quote-is-layout-flow\">\n<p class=\"wp-block-paragraph\">\u201cJehov\u00e1 vuestro Dios, el cual va delante de vosotros, \u00e9l pelear\u00e1 por vosotros\u201d (<a href=\"https:\/\/biblia.com\/bible\/rvr60\/Dt1.30\">Dt 1:30<\/a>).<\/p>\n<\/blockquote>\n\n\n\n<p class=\"wp-block-paragraph\">M\u00e1s adelante:<\/p>\n\n\n\n<blockquote class=\"wp-block-quote is-layout-flow wp-block-quote-is-layout-flow\">\n<p class=\"wp-block-paragraph\">\u201cJehov\u00e1 tu Dios es el que pasa delante de ti\u201d (<a href=\"https:\/\/biblia.com\/bible\/rvr60\/Dt31.3\">Dt 31:3<\/a>).<\/p>\n<\/blockquote>\n\n\n\n<p class=\"wp-block-paragraph\">Y nuevamente:<\/p>\n\n\n\n<blockquote class=\"wp-block-quote is-layout-flow wp-block-quote-is-layout-flow\">\n<p class=\"wp-block-paragraph\">\u201cY Jehov\u00e1 va delante de ti\u201d (<a href=\"https:\/\/biblia.com\/bible\/rvr60\/Dt31.8\">Dt 31:8<\/a>).<\/p>\n<\/blockquote>\n\n\n\n<p class=\"wp-block-paragraph\">\u00c9xodo 23, en cambio, afirma:<\/p>\n\n\n\n<blockquote class=\"wp-block-quote is-layout-flow wp-block-quote-is-layout-flow\">\n<p class=\"wp-block-paragraph\">\u201cmi \u00c1ngel ir\u00e1 delante de ti\u201d (<a href=\"https:\/\/biblia.com\/bible\/rvr60\/Ex23.23\">Ex 23:23<\/a>).<\/p>\n<\/blockquote>\n\n\n\n<p class=\"wp-block-paragraph\">La comparaci\u00f3n resulta significativa:<\/p>\n\n\n\n<p class=\"wp-block-paragraph\"><strong>\u00c9xodo 23:<\/strong> el \u00c1ngel va delante de Israel.<br><strong>Deuteronomio:<\/strong> Yahv\u00e9 va delante de Israel.<\/p>\n\n\n\n<p class=\"wp-block-paragraph\">Una vez m\u00e1s, esto no constituye una demostraci\u00f3n matem\u00e1tica de identidad. Diferentes textos pueden describir una misma acci\u00f3n divina desde perspectivas distintas: Dios act\u00faa mediante su mensajero y, por ello, puede decirse simult\u00e1neamente que Dios y su mensajero realizan la acci\u00f3n.<\/p>\n\n\n\n<p class=\"wp-block-paragraph\">Pero precisamente eso es lo que debemos explicar.<\/p>\n\n\n\n<p class=\"wp-block-paragraph\">La categor\u00eda de <strong>agencia<\/strong> vuelve a proporcionar una soluci\u00f3n plausible: lo que el representante hace en nombre del soberano puede atribuirse al soberano.<\/p>\n\n\n\n<p class=\"wp-block-paragraph\">Sin embargo, el conjunto de caracter\u00edsticas contin\u00faa acumul\u00e1ndose. Este representante no solamente realiza una tarea de Dios; porta el Nombre de Dios, exige obediencia pactal y su voz comunica directamente la voz divina.<\/p>\n\n\n\n<h2 id=\"la-interpretacion-judia-y-los-limites-de-la-identificacion\" class=\"wp-block-heading\">La interpretaci\u00f3n jud\u00eda y los l\u00edmites de la identificaci\u00f3n<\/h2>\n\n\n\n<p class=\"wp-block-paragraph\">La tradici\u00f3n jud\u00eda resulta particularmente \u00fatil aqu\u00ed porque obliga a mantener una distinci\u00f3n que algunas interpretaciones cristianas posteriores han tendido a borrar demasiado r\u00e1pidamente.<\/p>\n\n\n\n<p class=\"wp-block-paragraph\"><strong>Rashi<\/strong> identifica tradicionalmente al \u00e1ngel prometido con <strong>Metatr\u00f3n<\/strong><sup data-fn=\"07a2b0c0-0595-4c9b-94ff-ea5d940849a4\" class=\"fn\"><a href=\"#07a2b0c0-0595-4c9b-94ff-ea5d940849a4\" id=\"07a2b0c0-0595-4c9b-94ff-ea5d940849a4-link\">39<\/a><\/sup>, bas\u00e1ndose precisamente en la declaraci\u00f3n \u201cmi nombre est\u00e1 en \u00e9l\u201d. La tradici\u00f3n rab\u00ednica relacion\u00f3 el nombre de Metatr\u00f3n con el valor num\u00e9rico de \u05e9\u05b7\u05c1\u05d3\u05b7\u05bc\u05d9 (<em>Shaddai<\/em>), uno de los nombres divinos. Sin embargo, esta asociaci\u00f3n no significa que Rashi convierta a Metatr\u00f3n en Dios. Al contrario, la tradici\u00f3n rab\u00ednica insiste en que incluso el m\u00e1s exaltado de los \u00e1ngeles permanece subordinado al \u00fanico Dios.<\/p>\n\n\n\n<p class=\"wp-block-paragraph\">Este punto resulta esencial.<\/p>\n\n\n\n<p class=\"wp-block-paragraph\">La existencia de un ser que porta o refleja el Nombre divino no equivale autom\u00e1ticamente, dentro del pensamiento jud\u00edo, a una identificaci\u00f3n ontol\u00f3gica con Yahv\u00e9.<\/p>\n\n\n\n<p class=\"wp-block-paragraph\">Precisamente esta cuesti\u00f3n aparecer\u00e1 de manera dram\u00e1tica en el Talmud, donde determinadas especulaciones acerca de Metatr\u00f3n fueron consideradas peligrosas cuando parec\u00edan conducir hacia la idea de <strong>\u201cdos poderes en el cielo\u201d<\/strong>.<\/p>\n\n\n\n<p class=\"wp-block-paragraph\">La interpretaci\u00f3n de Rashi es valiosa precisamente como testimonio de recepci\u00f3n: demuestra que la frase \u201cmi nombre est\u00e1 en \u00e9l\u201d fue considerada suficientemente extraordinaria como para relacionarla con una figura angelical de alt\u00edsimo rango.<\/p>\n\n\n\n<p class=\"wp-block-paragraph\">Pero exeg\u00e9ticamente debemos permanecer en el texto antes de adoptar esa identificaci\u00f3n.<\/p>\n\n\n\n<p class=\"wp-block-paragraph\">\u00c9xodo no llama al personaje Metatr\u00f3n.<\/p>\n\n\n\n<p class=\"wp-block-paragraph\">Lo llama:<\/p>\n\n\n\n<blockquote class=\"wp-block-quote is-layout-flow wp-block-quote-is-layout-flow\">\n<p class=\"wp-block-paragraph\"><strong>\u201cmi \u00c1ngel\u201d.<\/strong><\/p>\n<\/blockquote>\n\n\n\n<p class=\"wp-block-paragraph\">Y explica su autoridad diciendo:<\/p>\n\n\n\n<blockquote class=\"wp-block-quote is-layout-flow wp-block-quote-is-layout-flow\">\n<p class=\"wp-block-paragraph\"><strong>\u201cmi nombre est\u00e1 en \u00e9l\u201d<\/strong><sup data-fn=\"41fab0b2-0559-418e-8c87-9b023d1b54d3\" class=\"fn\"><a href=\"#41fab0b2-0559-418e-8c87-9b023d1b54d3\" id=\"41fab0b2-0559-418e-8c87-9b023d1b54d3-link\">40<\/a><\/sup><strong>.<\/strong><\/p>\n<\/blockquote>\n\n\n\n<h2 id=\"sintesis-exegetica\" class=\"wp-block-heading\">S\u00edntesis exeg\u00e9tica<\/h2>\n\n\n\n<p class=\"wp-block-paragraph\">\u00c9xodo 23:20\u201323 representa un avance importante respecto de las apariciones anteriores del \u00c1ngel.<\/p>\n\n\n\n<p class=\"wp-block-paragraph\">Con Agar hab\u00edamos observado que el \u00c1ngel habla en primera persona divina y que ella identifica al que le habla con Yahv\u00e9 (<a href=\"https:\/\/biblia.com\/bible\/rvr60\/Ge16.7-13\">Gn 16:7\u201313<\/a>).<\/p>\n\n\n\n<p class=\"wp-block-paragraph\">Con Abraham vimos que el \u00c1ngel puede declarar:<\/p>\n\n\n\n<blockquote class=\"wp-block-quote is-layout-flow wp-block-quote-is-layout-flow\">\n<p class=\"wp-block-paragraph\">\u201cno me rehusaste tu hijo\u201d (<a href=\"https:\/\/biblia.com\/bible\/rvr60\/Ge22.12\">Gn 22:12<\/a>).<\/p>\n<\/blockquote>\n\n\n\n<p class=\"wp-block-paragraph\">Con Jacob encontramos al \u00c1ngel de Dios diciendo:<\/p>\n\n\n\n<blockquote class=\"wp-block-quote is-layout-flow wp-block-quote-is-layout-flow\">\n<p class=\"wp-block-paragraph\">\u201cYo soy el Dios de Bet-el\u201d (<a href=\"https:\/\/biblia.com\/bible\/rvr60\/Ge31.13\">Gn 31:13<\/a>),<\/p>\n<\/blockquote>\n\n\n\n<p class=\"wp-block-paragraph\">y posteriormente al \u201c\u00c1ngel que me redime de todo mal\u201d (<a href=\"https:\/\/biblia.com\/bible\/rvr60\/Ge48.16\">Gn 48:16<\/a>).<\/p>\n\n\n\n<p class=\"wp-block-paragraph\">En la zarza, el relato comienza con el \u00c1ngel de Yahv\u00e9 y contin\u00faa inmediatamente con Yahv\u00e9 y Elohim hablando desde la misma manifestaci\u00f3n (<a href=\"https:\/\/biblia.com\/bible\/rvr60\/Ex3.2-6\">Ex 3:2\u20136<\/a>).<\/p>\n\n\n\n<p class=\"wp-block-paragraph\">Ahora \u00c9xodo 23 proporciona una explicaci\u00f3n adicional de la extraordinaria autoridad de esta figura:<\/p>\n\n\n\n<blockquote class=\"wp-block-quote is-layout-flow wp-block-quote-is-layout-flow\">\n<p class=\"wp-block-paragraph\"><strong>\u201cmi nombre est\u00e1 en \u00e9l\u201d.<\/strong><\/p>\n<\/blockquote>\n\n\n\n<p class=\"wp-block-paragraph\">El \u00c1ngel es distinguido de Yahv\u00e9 porque es <strong>enviado por Yahv\u00e9<\/strong>.<\/p>\n\n\n\n<p class=\"wp-block-paragraph\">Pero simult\u00e1neamente participa de la autoridad de Yahv\u00e9 porque <strong>porta su Nombre<\/strong>.<\/p>\n\n\n\n<p class=\"wp-block-paragraph\">Israel debe <strong>obedecer su voz<\/strong>.<\/p>\n\n\n\n<p class=\"wp-block-paragraph\">Rebelarse contra \u00e9l constituye una transgresi\u00f3n de enorme gravedad.<\/p>\n\n\n\n<p class=\"wp-block-paragraph\">Su voz comunica aquello que <strong>Yahv\u00e9 dice<\/strong>.<\/p>\n\n\n\n<p class=\"wp-block-paragraph\">Y su presencia delante de Israel cumple una funci\u00f3n que otros textos atribuyen directamente a <strong>Yahv\u00e9 mismo<\/strong>.<\/p>\n\n\n\n<p class=\"wp-block-paragraph\">Por ello, la categor\u00eda que mejor describe provisionalmente el fen\u00f3meno no es simplemente <strong>identidad<\/strong> ni simplemente <strong>separaci\u00f3n<\/strong>, sino una peculiar combinaci\u00f3n de <strong>distinci\u00f3n y participaci\u00f3n en la presencia y autoridad divinas<\/strong>.<\/p>\n\n\n\n<p class=\"wp-block-paragraph\">La interpretaci\u00f3n jud\u00eda explicar\u00e1 esta relaci\u00f3n principalmente mediante <strong>agencia, representaci\u00f3n y delegaci\u00f3n del Nombre<\/strong>. Algunos acad\u00e9micos modernos hablar\u00e1n de una forma especial de teofan\u00eda o de presencia divina mediada. Heiser ver\u00e1 aqu\u00ed parte de un patr\u00f3n m\u00e1s amplio de complejidad dentro de la representaci\u00f3n veterotestamentaria de Yahv\u00e9. La tradici\u00f3n cristiana antigua, finalmente, encontrar\u00e1 en este tipo de textos un terreno particularmente f\u00e9rtil para identificar al \u00c1ngel con el Logos preencarnado.<\/p>\n\n\n\n<p class=\"wp-block-paragraph\">Pero antes de llegar a esa historia de interpretaci\u00f3n todav\u00eda debemos permitir que el propio Antiguo Testamento siga desarrollando la figura.<\/p>\n\n\n\n<p class=\"wp-block-paragraph\">Y el siguiente problema ser\u00e1 especialmente revelador: despu\u00e9s del pecado del becerro de oro, Yahv\u00e9 prometer\u00e1 enviar <strong>\u201cun \u00e1ngel\u201d<\/strong>, pero Mois\u00e9s insistir\u00e1 en que solamente la <strong>presencia de Yahv\u00e9<\/strong> puede distinguir a Israel de las dem\u00e1s naciones (<a href=\"https:\/\/biblia.com\/bible\/rvr60\/Ex33.1-17\">Ex 33:1\u201317<\/a>). La comparaci\u00f3n entre ese pasaje y \u00c9xodo 23 permitir\u00e1 preguntarnos si la Biblia distingue entre <strong>un \u00e1ngel creado ordinario<\/strong> y esta figura singular que porta el Nombre de Yahv\u00e9.<\/p>\n\n\n\n<h1 id=\"el-angel-y-la-presencia-de-yahve-despues-del-becerro-de-oro-exodo-32-30-33-17\" class=\"wp-block-heading\">El \u00c1ngel y la Presencia de Yahv\u00e9 despu\u00e9s del becerro de oro: \u00c9xodo 32:30\u201333:17<\/h1>\n\n\n\n<p class=\"wp-block-paragraph\">La promesa del \u00c1ngel que porta el nombre de Yahv\u00e9 en <a href=\"https:\/\/biblia.com\/bible\/rvr60\/Ex23.20-23\">\u00c9xodo 23:20\u201323<\/a> adquiere una nueva complejidad despu\u00e9s del pecado del becerro de oro. Hasta ese momento, Israel hab\u00eda recibido la seguridad de que un \u00c1ngel enviado por Yahv\u00e9 marchar\u00eda delante del pueblo, guardar\u00eda su camino y lo introducir\u00eda en la tierra prometida. Pero despu\u00e9s de la ruptura del pacto, el tema de la <strong>presencia divina<\/strong> se convierte en el centro de una crisis teol\u00f3gica: \u00bfpuede Israel continuar hacia Cana\u00e1n con un \u00e1ngel, pero sin que Yahv\u00e9 mismo habite en medio del pueblo?<\/p>\n\n\n\n<p class=\"wp-block-paragraph\">La cuesti\u00f3n resulta especialmente importante para nuestro estudio porque permite comprobar si toda menci\u00f3n de un \u201c\u00e1ngel\u201d en \u00c9xodo debe identificarse autom\u00e1ticamente con la figura extraordinaria de <a href=\"https:\/\/biblia.com\/bible\/rvr60\/Ex23.20-23\">\u00c9xodo 23:20\u201323<\/a>, o si el propio libro distingue entre diferentes formas de mediaci\u00f3n celestial.<\/p>\n\n\n\n<p class=\"wp-block-paragraph\">El contexto inmediato es el pecado de Israel en <a href=\"https:\/\/biblia.com\/bible\/rvr60\/Ex32\">\u00c9xodo 32<\/a>. Mientras Mois\u00e9s permanece en el monte, el pueblo fabrica el becerro de oro y declara:<\/p>\n\n\n\n<blockquote class=\"wp-block-quote is-layout-flow wp-block-quote-is-layout-flow\">\n<p class=\"wp-block-paragraph\">\u201cIsrael, estos son tus dioses, que te sacaron de la tierra de Egipto\u201d (<a href=\"https:\/\/biblia.com\/bible\/rvr60\/Ex32.4\">Ex 32:4<\/a>).<\/p>\n<\/blockquote>\n\n\n\n<p class=\"wp-block-paragraph\">La gravedad de la acci\u00f3n consiste no solamente en la fabricaci\u00f3n de una imagen, sino en la atribuci\u00f3n a esa imagen de la obra salv\u00edfica que el libro hab\u00eda atribuido repetidamente a Yahv\u00e9. La liberaci\u00f3n de Egipto constitu\u00eda la gran demostraci\u00f3n de la identidad del Dios de Israel; ahora esa misma obra es atribuida a una representaci\u00f3n idol\u00e1trica.<\/p>\n\n\n\n<p class=\"wp-block-paragraph\">Despu\u00e9s de interceder por el pueblo, Mois\u00e9s vuelve ante Yahv\u00e9 y declara:<\/p>\n\n\n\n<blockquote class=\"wp-block-quote is-layout-flow wp-block-quote-is-layout-flow\">\n<p class=\"wp-block-paragraph\">\u201cTe ruego, pues este pueblo ha cometido un gran pecado, porque se hicieron dioses de oro\u201d (<a href=\"https:\/\/biblia.com\/bible\/rvr60\/Ex32.31\">Ex 32:31<\/a>).<\/p>\n<\/blockquote>\n\n\n\n<p class=\"wp-block-paragraph\">La respuesta divina prepara inmediatamente el problema de la presencia:<\/p>\n\n\n\n<blockquote class=\"wp-block-quote is-layout-flow wp-block-quote-is-layout-flow\">\n<p class=\"wp-block-paragraph\">\u201cVe, pues, ahora, lleva a este pueblo a donde te he dicho; he aqu\u00ed mi \u00e1ngel ir\u00e1 delante de ti\u201d (<a href=\"https:\/\/biblia.com\/bible\/rvr60\/Ex32.34\">Ex 32:34<\/a>).<\/p>\n<\/blockquote>\n\n\n\n<p class=\"wp-block-paragraph\">El hebreo utiliza:<\/p>\n\n\n\n<blockquote class=\"wp-block-quote is-layout-flow wp-block-quote-is-layout-flow\">\n<p class=\"wp-block-paragraph\">\u05d4\u05b4\u05e0\u05b5\u05bc\u05d4 \u05de\u05b7\u05dc\u05b0\u05d0\u05b8\u05db\u05b4\u05d9 \u05d9\u05b5\u05dc\u05b5\u05da\u05b0 \u05dc\u05b0\u05e4\u05b8\u05e0\u05b6\u05d9\u05da\u05b8<br><em>hinn\u0113h mal\u02be\u0101k\u00ee y\u0113l\u0113k lefan\u00eak\u0101<\/em><br>\u201che aqu\u00ed, mi \u00c1ngel ir\u00e1 delante de ti\u201d.<\/p>\n<\/blockquote>\n\n\n\n<p class=\"wp-block-paragraph\">La expresi\u00f3n resulta inmediatamente familiar, pues recuerda la promesa anterior:<\/p>\n\n\n\n<blockquote class=\"wp-block-quote is-layout-flow wp-block-quote-is-layout-flow\">\n<p class=\"wp-block-paragraph\">\u201cHe aqu\u00ed yo env\u00edo mi \u00c1ngel delante de ti\u201d (<a href=\"https:\/\/biblia.com\/bible\/rvr60\/Ex23.20\">Ex 23:20<\/a>).<\/p>\n<\/blockquote>\n\n\n\n<p class=\"wp-block-paragraph\">En ambos pasajes aparecen <strong>\u201cmi \u00c1ngel\u201d<\/strong> y el motivo de ir <strong>\u201cdelante\u201d<\/strong> de Israel. La semejanza ling\u00fc\u00edstica hace comprensible que algunos int\u00e9rpretes relacionen ambas figuras.<\/p>\n\n\n\n<p class=\"wp-block-paragraph\">Sin embargo, el desarrollo de \u00c9xodo 33 introduce una diferencia decisiva.<\/p>\n\n\n\n<h2 id=\"enviare-delante-de-ti-el-angel-pero-yo-no-subire\" class=\"wp-block-heading\">\u201cEnviar\u00e9 delante de ti el \u00c1ngel&#8230; pero yo no subir\u00e9\u201d<\/h2>\n\n\n\n<p class=\"wp-block-paragraph\">Yahv\u00e9 ordena a Mois\u00e9s:<\/p>\n\n\n\n<blockquote class=\"wp-block-quote is-layout-flow wp-block-quote-is-layout-flow\">\n<p class=\"wp-block-paragraph\">\u201cAnda, sube de aqu\u00ed, t\u00fa y el pueblo que sacaste de la tierra de Egipto, a la tierra de la cual jur\u00e9 a Abraham, Isaac y Jacob\u201d (<a href=\"https:\/\/biblia.com\/bible\/rvr60\/Ex33.1\">Ex 33:1<\/a>).<\/p>\n<\/blockquote>\n\n\n\n<p class=\"wp-block-paragraph\">Despu\u00e9s declara:<\/p>\n\n\n\n<blockquote class=\"wp-block-quote is-layout-flow wp-block-quote-is-layout-flow\">\n<p class=\"wp-block-paragraph\">\u201cy enviar\u00e9 delante de ti el \u00e1ngel\u201d (<a href=\"https:\/\/biblia.com\/bible\/rvr60\/Ex33.2\">Ex 33:2<\/a>).<\/p>\n<\/blockquote>\n\n\n\n<p class=\"wp-block-paragraph\">Hasta aqu\u00ed, la promesa parece reproducir \u00c9xodo 23. Pero el siguiente vers\u00edculo introduce una declaraci\u00f3n profundamente perturbadora:<\/p>\n\n\n\n<blockquote class=\"wp-block-quote is-layout-flow wp-block-quote-is-layout-flow\">\n<p class=\"wp-block-paragraph\">\u201cporque yo no subir\u00e9 en medio de ti, porque eres pueblo de dura cerviz\u201d (<a href=\"https:\/\/biblia.com\/bible\/rvr60\/Ex33.3\">Ex 33:3<\/a>).<\/p>\n<\/blockquote>\n\n\n\n<p class=\"wp-block-paragraph\">El contraste es expl\u00edcito:<\/p>\n\n\n\n<p class=\"wp-block-paragraph\"><strong>el \u00c1ngel ir\u00e1 \u2192 Yahv\u00e9 no subir\u00e1 en medio del pueblo.<\/strong><\/p>\n\n\n\n<p class=\"wp-block-paragraph\">Esta diferencia resulta crucial.<\/p>\n\n\n\n<p class=\"wp-block-paragraph\">Si el \u201c\u00c1ngel\u201d de <a href=\"https:\/\/biblia.com\/bible\/rvr60\/Ex33.2\">\u00c9xodo 33:2<\/a> fuese entendido simplemente como equivalente absoluto e indistinguible de la presencia personal de Yahv\u00e9, la afirmaci\u00f3n \u201cyo no subir\u00e9 en medio de ti\u201d perder\u00eda gran parte de su fuerza narrativa. Precisamente lo que aterroriza al pueblo es que la conquista podr\u00eda continuar, pero <strong>sin la presencia inmediata de Yahv\u00e9 en medio de Israel<\/strong>.<\/p>\n\n\n\n<p class=\"wp-block-paragraph\">El texto contin\u00faa:<\/p>\n\n\n\n<blockquote class=\"wp-block-quote is-layout-flow wp-block-quote-is-layout-flow\">\n<p class=\"wp-block-paragraph\">\u201cY oyendo el pueblo esta mala noticia, vistieron luto\u201d (<a href=\"https:\/\/biblia.com\/bible\/rvr60\/Ex33.4\">Ex 33:4<\/a>).<\/p>\n<\/blockquote>\n\n\n\n<p class=\"wp-block-paragraph\">La expresi\u00f3n \u201cmala noticia\u201d resulta reveladora. Yahv\u00e9 todav\u00eda promete cumplir el juramento patriarcal. Israel todav\u00eda llegar\u00e1 a una tierra que fluye leche y miel. Un \u00e1ngel todav\u00eda podr\u00e1 guiarlos. Sin embargo, el pueblo entiende la retirada de la presencia divina como una cat\u00e1strofe.<\/p>\n\n\n\n<p class=\"wp-block-paragraph\">Esto introduce una distinci\u00f3n teol\u00f3gica importante:<\/p>\n\n\n\n<p class=\"wp-block-paragraph\"><strong>recibir las bendiciones de Yahv\u00e9 no equivale a tener a Yahv\u00e9 en medio del pueblo.<\/strong><\/p>\n\n\n\n<p class=\"wp-block-paragraph\">Incluso la conducci\u00f3n angelical no sustituye autom\u00e1ticamente la presencia divina.<\/p>\n\n\n\n<p class=\"wp-block-paragraph\"><strong>Brevard S. Childs<\/strong> considera que la crisis de \u00c9xodo 33 debe entenderse precisamente dentro del problema de la presencia divina despu\u00e9s de la ruptura del pacto.<sup data-fn=\"5646bfdc-534c-445e-9097-09fbb3cadf78\" class=\"fn\"><a href=\"#5646bfdc-534c-445e-9097-09fbb3cadf78\" id=\"5646bfdc-534c-445e-9097-09fbb3cadf78-link\">41<\/a><\/sup> La cuesti\u00f3n fundamental ya no es simplemente si Israel llegar\u00e1 a Cana\u00e1n, sino si Yahv\u00e9 continuar\u00e1 acompa\u00f1ando a un pueblo cuya rebeli\u00f3n amenaza constantemente la relaci\u00f3n pactal. En esta lectura, el \u00c1ngel aparece como parte del drama mayor de la presencia de Dios y no como una digresi\u00f3n angelol\u00f3gica.<\/p>\n\n\n\n<p class=\"wp-block-paragraph\">La interpretaci\u00f3n de <strong>Nahum M. Sarna<\/strong> se mueve en una direcci\u00f3n semejante. Para Sarna, el anuncio de que un \u00e1ngel acompa\u00f1ar\u00e1 a Israel mientras Dios mismo no ir\u00e1 \u201cen medio\u201d del pueblo expresa una disminuci\u00f3n grave de la intimidad previamente prometida.<sup data-fn=\"d0ceb7a5-28e7-4c1a-a143-bd8f80b9d96f\" class=\"fn\"><a href=\"#d0ceb7a5-28e7-4c1a-a143-bd8f80b9d96f\" id=\"d0ceb7a5-28e7-4c1a-a143-bd8f80b9d96f-link\">42<\/a><\/sup> La mediaci\u00f3n angelical constituye protecci\u00f3n y conducci\u00f3n, pero no equivale necesariamente a la presencia inmediata que define la singular relaci\u00f3n de Israel con Yahv\u00e9.<\/p>\n\n\n\n<p class=\"wp-block-paragraph\">Aqu\u00ed surge una cuesti\u00f3n fundamental para nuestro estudio: <strong>\u00bfc\u00f3mo debe relacionarse este \u00e1ngel con el \u00c1ngel portador del Nombre de \u00c9xodo 23?<\/strong><\/p>\n\n\n\n<p class=\"wp-block-paragraph\">Existen varias posibilidades.<\/p>\n\n\n\n<p class=\"wp-block-paragraph\">Una <strong>primera interpretaci\u00f3n<\/strong> considera que se trata esencialmente de la misma figura, pero que el \u00e9nfasis narrativo ha cambiado. El \u00c1ngel puede representar la presencia de Dios, pero Yahv\u00e9 anuncia que retirar\u00e1 una forma m\u00e1s \u00edntima de su presencia del campamento.<\/p>\n\n\n\n<p class=\"wp-block-paragraph\">Una <strong>segunda posibilidad<\/strong> entiende que despu\u00e9s del pecado Yahv\u00e9 sustituye la presencia extraordinaria prometida en \u00c9xodo 23 por una forma inferior de mediaci\u00f3n angelical. Bajo esta lectura, el \u201c\u00e1ngel\u201d de \u00c9xodo 33 no tendr\u00eda necesariamente que identificarse con el \u00c1ngel que porta el Nombre.<\/p>\n\n\n\n<p class=\"wp-block-paragraph\">El texto no resuelve expl\u00edcitamente la cuesti\u00f3n, y precisamente por eso resulta metodol\u00f3gicamente peligroso asumir que todas las referencias a \u201cun \u00e1ngel\u201d o \u201cmi \u00e1ngel\u201d dentro de \u00c9xodo designan necesariamente a un mismo ser<sup data-fn=\"82e1ea7f-9e1d-4faf-b47a-7b380da1ef55\" class=\"fn\"><a href=\"#82e1ea7f-9e1d-4faf-b47a-7b380da1ef55\" id=\"82e1ea7f-9e1d-4faf-b47a-7b380da1ef55-link\">43<\/a><\/sup>.<\/p>\n\n\n\n<h2 id=\"la-interpretacion-de-rashi-el-angel-como-consecuencia-del-pecado\" class=\"wp-block-heading\">La interpretaci\u00f3n de Rashi: el \u00e1ngel como consecuencia del pecado<\/h2>\n\n\n\n<p class=\"wp-block-paragraph\">La ex\u00e9gesis jud\u00eda medieval percibi\u00f3 claramente esta diferencia. <strong>Rashi<\/strong>, comentando el anuncio de <a href=\"https:\/\/biblia.com\/bible\/rvr60\/Ex33.3\">\u00c9xodo 33:3<\/a>, interpreta la retirada de la presencia directa de Dios como una consecuencia de la rebeli\u00f3n de Israel.<sup data-fn=\"4694edd9-406e-4bf2-bd3f-94353df8dbdd\" class=\"fn\"><a href=\"#4694edd9-406e-4bf2-bd3f-94353df8dbdd\" id=\"4694edd9-406e-4bf2-bd3f-94353df8dbdd-link\">44<\/a><\/sup> La conducci\u00f3n mediante un \u00e1ngel representa, desde esta perspectiva, un descenso respecto de la situaci\u00f3n ideal.<\/p>\n\n\n\n<p class=\"wp-block-paragraph\">Esta lectura resulta especialmente interesante al compararla con la interpretaci\u00f3n de Rashi de <a href=\"https:\/\/biblia.com\/bible\/rvr60\/Ex23.21\">\u00c9xodo 23:21<\/a>, donde hab\u00eda relacionado el \u00c1ngel portador del Nombre con Metatr\u00f3n. En la tradici\u00f3n interpretativa rab\u00ednica, por tanto, puede existir una figura angelical de alt\u00edsimo rango que porta el Nombre divino y, al mismo tiempo, mantenerse una distinci\u00f3n absoluta entre esa figura y la presencia del propio Dios.<\/p>\n\n\n\n<p class=\"wp-block-paragraph\">Esto muestra por qu\u00e9 no debemos suponer que la extraordinaria exaltaci\u00f3n de un \u00e1ngel conduce necesariamente a su divinizaci\u00f3n dentro del juda\u00edsmo.<\/p>\n\n\n\n<p class=\"wp-block-paragraph\">Incluso Metatr\u00f3n, en las posteriores tradiciones rab\u00ednicas, permanece <strong>servidor<\/strong><sup data-fn=\"b7967225-b4f9-4988-aeed-137976e1048e\" class=\"fn\"><a href=\"#b7967225-b4f9-4988-aeed-137976e1048e\" id=\"b7967225-b4f9-4988-aeed-137976e1048e-link\">45<\/a><\/sup>.<\/p>\n\n\n\n<h2 id=\"la-tienda-fuera-del-campamento\" class=\"wp-block-heading\">La tienda fuera del campamento<\/h2>\n\n\n\n<p class=\"wp-block-paragraph\">La gravedad de la crisis aparece tambi\u00e9n en el siguiente episodio:<\/p>\n\n\n\n<blockquote class=\"wp-block-quote is-layout-flow wp-block-quote-is-layout-flow\">\n<p class=\"wp-block-paragraph\">\u201cY Mois\u00e9s tom\u00f3 el tabern\u00e1culo, y lo levant\u00f3 lejos, fuera del campamento, y lo llam\u00f3 el Tabern\u00e1culo de Reuni\u00f3n\u201d (<a href=\"https:\/\/biblia.com\/bible\/rvr60\/Ex33.7\">Ex 33:7<\/a>).<\/p>\n<\/blockquote>\n\n\n\n<p class=\"wp-block-paragraph\">El detalle espacial posee importancia teol\u00f3gica. El pecado ha provocado una ruptura: la presencia relacionada con Yahv\u00e9 se encuentra ahora <strong>fuera del campamento<\/strong>.<\/p>\n\n\n\n<p class=\"wp-block-paragraph\">Cuando Mois\u00e9s entra en la tienda:<\/p>\n\n\n\n<blockquote class=\"wp-block-quote is-layout-flow wp-block-quote-is-layout-flow\">\n<p class=\"wp-block-paragraph\">\u201cla columna de nube descend\u00eda y se pon\u00eda a la puerta del tabern\u00e1culo, y Jehov\u00e1 hablaba con Mois\u00e9s\u201d (<a href=\"https:\/\/biblia.com\/bible\/rvr60\/Ex33.9\">Ex 33:9<\/a>).<\/p>\n<\/blockquote>\n\n\n\n<p class=\"wp-block-paragraph\">La columna de nube, que hab\u00eda guiado a Israel durante el \u00e9xodo, vuelve a aparecer como se\u00f1al visible de presencia divina.<\/p>\n\n\n\n<p class=\"wp-block-paragraph\">El pueblo observa:<\/p>\n\n\n\n<blockquote class=\"wp-block-quote is-layout-flow wp-block-quote-is-layout-flow\">\n<p class=\"wp-block-paragraph\">\u201cy se levantaba cada uno a la puerta de su tienda y adoraba\u201d (<a href=\"https:\/\/biblia.com\/bible\/rvr60\/Ex33.10\">Ex 33:10<\/a>).<\/p>\n<\/blockquote>\n\n\n\n<p class=\"wp-block-paragraph\">El relato ya no menciona aqu\u00ed al \u00c1ngel. El sujeto es directamente <strong>Yahv\u00e9<\/strong>.<\/p>\n\n\n\n<p class=\"wp-block-paragraph\">Esto refuerza la diferencia entre una mediaci\u00f3n angelical prometida para conducir al pueblo y la presencia inmediata que Mois\u00e9s experimenta en la tienda.<\/p>\n\n\n\n<h2 id=\"cara-a-cara-el-encuentro-de-yahve-con-moises\" class=\"wp-block-heading\">\u201cCara a cara\u201d: el encuentro de Yahv\u00e9 con Mois\u00e9s<\/h2>\n\n\n\n<p class=\"wp-block-paragraph\">El narrador a\u00f1ade una de las afirmaciones m\u00e1s conocidas de todo el Pentateuco:<\/p>\n\n\n\n<blockquote class=\"wp-block-quote is-layout-flow wp-block-quote-is-layout-flow\">\n<p class=\"wp-block-paragraph\">\u201cY hablaba Jehov\u00e1 a Mois\u00e9s cara a cara, como habla cualquiera a su compa\u00f1ero\u201d (<a href=\"https:\/\/biblia.com\/bible\/rvr60\/Ex33.11\">Ex 33:11<\/a>).<\/p>\n<\/blockquote>\n\n\n\n<p class=\"wp-block-paragraph\">El hebreo utiliza:<\/p>\n\n\n\n<blockquote class=\"wp-block-quote is-layout-flow wp-block-quote-is-layout-flow\">\n<p class=\"wp-block-paragraph\">\u05e4\u05b8\u05bc\u05e0\u05b4\u05d9\u05dd \u05d0\u05b6\u05dc\u05be\u05e4\u05b8\u05bc\u05e0\u05b4\u05d9\u05dd<br><em>p\u0101n\u00eem \u02beel-p\u0101n\u00eem<\/em><br>\u201crostro a rostro\u201d.<\/p>\n<\/blockquote>\n\n\n\n<p class=\"wp-block-paragraph\">La expresi\u00f3n recuerda directamente la experiencia de Jacob:<\/p>\n\n\n\n<blockquote class=\"wp-block-quote is-layout-flow wp-block-quote-is-layout-flow\">\n<p class=\"wp-block-paragraph\">\u201cVi a Dios cara a cara\u201d (<a href=\"https:\/\/biblia.com\/bible\/rvr60\/Ge32.30\">Gn 32:30<\/a>).<\/p>\n<\/blockquote>\n\n\n\n<p class=\"wp-block-paragraph\">Sin embargo, algunos vers\u00edculos despu\u00e9s Yahv\u00e9 dir\u00e1 a Mois\u00e9s:<\/p>\n\n\n\n<blockquote class=\"wp-block-quote is-layout-flow wp-block-quote-is-layout-flow\">\n<p class=\"wp-block-paragraph\">\u201cNo podr\u00e1s ver mi rostro; porque no me ver\u00e1 hombre, y vivir\u00e1\u201d (<a href=\"https:\/\/biblia.com\/bible\/rvr60\/Ex33.20\">Ex 33:20<\/a>).<\/p>\n<\/blockquote>\n\n\n\n<p class=\"wp-block-paragraph\">Esto demuestra que \u201ccara a cara\u201d en <a href=\"https:\/\/biblia.com\/bible\/rvr60\/Ex33.11\">\u00c9xodo 33:11<\/a> no puede significar una contemplaci\u00f3n f\u00edsica completa de la esencia divina. La expresi\u00f3n describe m\u00e1s probablemente la <strong>inmediatez y claridad de la comunicaci\u00f3n<\/strong> entre Yahv\u00e9 y Mois\u00e9s.<\/p>\n\n\n\n<p class=\"wp-block-paragraph\">Esta observaci\u00f3n resulta relevante para nuestro estudio porque aconseja cautela cuando encontramos expresiones semejantes en textos del \u00c1ngel. Cuando Jacob dice que vio a Dios \u201ccara a cara\u201d, la frase afirma la realidad extraordinaria del encuentro, pero no necesariamente proporciona una descripci\u00f3n metaf\u00edsica de lo que fue visto<sup data-fn=\"10ff6c0b-8310-49c7-a22a-10275398be65\" class=\"fn\"><a href=\"#10ff6c0b-8310-49c7-a22a-10275398be65\" id=\"10ff6c0b-8310-49c7-a22a-10275398be65-link\">46<\/a><\/sup>.<\/p>\n\n\n\n<h2 id=\"a-quien-enviaras-conmigo\" class=\"wp-block-heading\">\u201c\u00bfA qui\u00e9n enviar\u00e1s conmigo?\u201d<\/h2>\n\n\n\n<p class=\"wp-block-paragraph\">Mois\u00e9s vuelve entonces al problema fundamental:<\/p>\n\n\n\n<blockquote class=\"wp-block-quote is-layout-flow wp-block-quote-is-layout-flow\">\n<p class=\"wp-block-paragraph\">\u201cMira, t\u00fa me dices a m\u00ed: Saca este pueblo; y t\u00fa no me has declarado a qui\u00e9n enviar\u00e1s conmigo\u201d (<a href=\"https:\/\/biblia.com\/bible\/rvr60\/Ex33.12\">Ex 33:12<\/a>).<\/p>\n<\/blockquote>\n\n\n\n<p class=\"wp-block-paragraph\">La pregunta resulta extraordinariamente relevante.<\/p>\n\n\n\n<p class=\"wp-block-paragraph\">Yahv\u00e9 ya hab\u00eda dicho que enviar\u00eda un \u00e1ngel. Sin embargo, Mois\u00e9s afirma:<\/p>\n\n\n\n<blockquote class=\"wp-block-quote is-layout-flow wp-block-quote-is-layout-flow\">\n<p class=\"wp-block-paragraph\">\u201cno me has declarado <strong>a qui\u00e9n enviar\u00e1s conmigo<\/strong>\u201d.<\/p>\n<\/blockquote>\n\n\n\n<p class=\"wp-block-paragraph\">Esto podr\u00eda sugerir que la promesa de un \u00e1ngel gen\u00e9rico no proporciona a Mois\u00e9s suficiente seguridad sobre la forma concreta de acompa\u00f1amiento divino.<\/p>\n\n\n\n<p class=\"wp-block-paragraph\">Mois\u00e9s contin\u00faa:<\/p>\n\n\n\n<blockquote class=\"wp-block-quote is-layout-flow wp-block-quote-is-layout-flow\">\n<p class=\"wp-block-paragraph\">\u201cAhora, pues, si he hallado gracia en tus ojos, te ruego que me muestres ahora tu camino\u201d (<a href=\"https:\/\/biblia.com\/bible\/rvr60\/Ex33.13\">Ex 33:13<\/a>).<\/p>\n<\/blockquote>\n\n\n\n<p class=\"wp-block-paragraph\">Entonces Yahv\u00e9 responde:<\/p>\n\n\n\n<blockquote class=\"wp-block-quote is-layout-flow wp-block-quote-is-layout-flow\">\n<p class=\"wp-block-paragraph\">\u201cMi presencia ir\u00e1 contigo, y te dar\u00e9 descanso\u201d (<a href=\"https:\/\/biblia.com\/bible\/rvr60\/Ex33.14\">Ex 33:14<\/a>).<\/p>\n<\/blockquote>\n\n\n\n<p class=\"wp-block-paragraph\">El hebreo presenta una expresi\u00f3n especialmente importante:<\/p>\n\n\n\n<blockquote class=\"wp-block-quote is-layout-flow wp-block-quote-is-layout-flow\">\n<p class=\"wp-block-paragraph\">\u05e4\u05b8\u05bc\u05e0\u05b7\u05d9 \u05d9\u05b5\u05dc\u05b5\u05db\u05d5\u05bc<br><em>p\u0101nay y\u0113l\u0113k\u00fb<\/em><\/p>\n<\/blockquote>\n\n\n\n<p class=\"wp-block-paragraph\">Literalmente:<\/p>\n\n\n\n<blockquote class=\"wp-block-quote is-layout-flow wp-block-quote-is-layout-flow\">\n<p class=\"wp-block-paragraph\">\u201cmi rostro ir\u00e1\u201d.<\/p>\n<\/blockquote>\n\n\n\n<p class=\"wp-block-paragraph\">La RVR60 traduce adecuadamente:<\/p>\n\n\n\n<blockquote class=\"wp-block-quote is-layout-flow wp-block-quote-is-layout-flow\">\n<p class=\"wp-block-paragraph\">\u201cMi presencia ir\u00e1 contigo\u201d.<\/p>\n<\/blockquote>\n\n\n\n<p class=\"wp-block-paragraph\">Aqu\u00ed \u05e4\u05b8\u05bc\u05e0\u05b4\u05d9\u05dd (<em>p\u0101n\u00eem<\/em>, \u201crostro\u201d) funciona como expresi\u00f3n de la <strong>presencia personal de Yahv\u00e9<\/strong>.<\/p>\n\n\n\n<p class=\"wp-block-paragraph\">La diferencia con el anuncio del \u00c1ngel resulta, por tanto, todav\u00eda m\u00e1s clara.<\/p>\n\n\n\n<p class=\"wp-block-paragraph\">Mois\u00e9s no se conforma simplemente con que un ser celestial vaya delante del pueblo. Lo que necesita es:<\/p>\n\n\n\n<blockquote class=\"wp-block-quote is-layout-flow wp-block-quote-is-layout-flow\">\n<p class=\"wp-block-paragraph\"><strong>el rostro\/presencia de Yahv\u00e9 mismo.<\/strong><\/p>\n<\/blockquote>\n\n\n\n<p class=\"wp-block-paragraph\"><strong>William H. C. Propp<\/strong>, en su comentario sobre \u00c9xodo, presta considerable atenci\u00f3n a este juego entre el \u00c1ngel, la presencia y las diferentes formas mediante las que Yahv\u00e9 acompa\u00f1a a Israel.<sup data-fn=\"1740a99b-a11d-4d4c-a74e-62c89ae06c92\" class=\"fn\"><a href=\"#1740a99b-a11d-4d4c-a74e-62c89ae06c92\" id=\"1740a99b-a11d-4d4c-a74e-62c89ae06c92-link\">47<\/a><\/sup> La complejidad del pasaje aconseja no reducir todos estos t\u00e9rminos a sin\u00f3nimos estrictos. La narrativa parece explorar distintos grados o modos de presencia divina.<\/p>\n\n\n\n<p class=\"wp-block-paragraph\">La cuesti\u00f3n central ya no es solamente \u201c\u00bfir\u00e1 alguien con nosotros?\u201d, sino:<\/p>\n\n\n\n<blockquote class=\"wp-block-quote is-layout-flow wp-block-quote-is-layout-flow\">\n<p class=\"wp-block-paragraph\"><strong>\u201c\u00bfEstar\u00e1 Yahv\u00e9 verdaderamente en medio de nosotros?\u201d<\/strong><\/p>\n<\/blockquote>\n\n\n\n<h2 id=\"la-respuesta-decisiva-de-moises\" class=\"wp-block-heading\">La respuesta decisiva de Mois\u00e9s<\/h2>\n\n\n\n<p class=\"wp-block-paragraph\">Mois\u00e9s responde:<\/p>\n\n\n\n<blockquote class=\"wp-block-quote is-layout-flow wp-block-quote-is-layout-flow\">\n<p class=\"wp-block-paragraph\">\u201cSi tu presencia no ha de ir conmigo, no nos saques de aqu\u00ed\u201d (<a href=\"https:\/\/biblia.com\/bible\/rvr60\/Ex33.15\">Ex 33:15<\/a>).<\/p>\n<\/blockquote>\n\n\n\n<p class=\"wp-block-paragraph\">Esta declaraci\u00f3n constituye uno de los textos m\u00e1s importantes para evaluar la relaci\u00f3n entre el \u00c1ngel y Yahv\u00e9.<\/p>\n\n\n\n<p class=\"wp-block-paragraph\">Mois\u00e9s no considera la mera consecuci\u00f3n de Cana\u00e1n como suficiente.<\/p>\n\n\n\n<p class=\"wp-block-paragraph\">No dice:<\/p>\n\n\n\n<blockquote class=\"wp-block-quote is-layout-flow wp-block-quote-is-layout-flow\">\n<p class=\"wp-block-paragraph\">\u201cMientras recibamos la tierra, podemos continuar.\u201d<\/p>\n<\/blockquote>\n\n\n\n<p class=\"wp-block-paragraph\">Dice exactamente lo contrario.<\/p>\n\n\n\n<p class=\"wp-block-paragraph\">Sin la presencia de Yahv\u00e9, <strong>la tierra prometida pierde su significado<\/strong>.<\/p>\n\n\n\n<p class=\"wp-block-paragraph\">La identidad de Israel depende fundamentalmente de esa presencia:<\/p>\n\n\n\n<blockquote class=\"wp-block-quote is-layout-flow wp-block-quote-is-layout-flow\">\n<p class=\"wp-block-paragraph\">\u201c\u00bfY en qu\u00e9 se conocer\u00e1 aqu\u00ed que he hallado gracia en tus ojos, yo y tu pueblo, sino en que t\u00fa andes con nosotros, y que yo y tu pueblo seamos apartados de todos los pueblos que est\u00e1n sobre la faz de la tierra?\u201d (<a href=\"https:\/\/biblia.com\/bible\/rvr60\/Ex33.16\">Ex 33:16<\/a>).<\/p>\n<\/blockquote>\n\n\n\n<p class=\"wp-block-paragraph\">Esta afirmaci\u00f3n tiene una enorme importancia teol\u00f3gica.<\/p>\n\n\n\n<p class=\"wp-block-paragraph\">Lo que distingue a Israel de las naciones no es:<\/p>\n\n\n\n<ul class=\"wp-block-list\">\n<li>simplemente la Ley,<\/li>\n\n\n\n<li>simplemente la tierra,<\/li>\n\n\n\n<li>simplemente un protector celestial,<\/li>\n<\/ul>\n\n\n\n<p class=\"wp-block-paragraph\">sino:<\/p>\n\n\n\n<blockquote class=\"wp-block-quote is-layout-flow wp-block-quote-is-layout-flow\">\n<p class=\"wp-block-paragraph\"><strong>Yahv\u00e9 andando en medio de su pueblo.<\/strong><\/p>\n<\/blockquote>\n\n\n\n<p class=\"wp-block-paragraph\">Por ello, cualquier interpretaci\u00f3n del \u00c1ngel debe relacionarse con la teolog\u00eda de la presencia.<\/p>\n\n\n\n<p class=\"wp-block-paragraph\">Si el \u00c1ngel de \u00c9xodo 23 posee el Nombre de Yahv\u00e9 y constituye una manifestaci\u00f3n especial de su presencia, entonces la promesa all\u00ed expresada puede ser cualitativamente diferente del env\u00edo de un \u00e1ngel subordinado sin que Yahv\u00e9 \u201csuba en medio\u201d de Israel.<\/p>\n\n\n\n<p class=\"wp-block-paragraph\">Por el contrario, si ambos \u00e1ngeles fueran exactamente id\u00e9nticos, entonces debemos explicar c\u00f3mo puede Yahv\u00e9 afirmar simult\u00e1neamente:<\/p>\n\n\n\n<blockquote class=\"wp-block-quote is-layout-flow wp-block-quote-is-layout-flow\">\n<p class=\"wp-block-paragraph\">\u201cmi \u00c1ngel ir\u00e1\u201d<\/p>\n<\/blockquote>\n\n\n\n<p class=\"wp-block-paragraph\">y:<\/p>\n\n\n\n<blockquote class=\"wp-block-quote is-layout-flow wp-block-quote-is-layout-flow\">\n<p class=\"wp-block-paragraph\">\u201cyo no subir\u00e9\u201d.<\/p>\n<\/blockquote>\n\n\n\n<p class=\"wp-block-paragraph\">Este es uno de los argumentos m\u00e1s importantes para evitar simplificaciones.<\/p>\n\n\n\n<h2 id=\"el-rostro-de-yahve-y-el-angel-del-nombre\" class=\"wp-block-heading\">El \u201crostro\u201d de Yahv\u00e9 y el \u00c1ngel del Nombre<\/h2>\n\n\n\n<p class=\"wp-block-paragraph\">La comparaci\u00f3n entre <a href=\"https:\/\/biblia.com\/bible\/rvr60\/Ex23\">\u00c9xodo 23<\/a> y <a href=\"https:\/\/biblia.com\/bible\/rvr60\/Ex33\">\u00c9xodo 33<\/a> permite formular una posibilidad especialmente interesante.<\/p>\n\n\n\n<p class=\"wp-block-paragraph\">En \u00c9xodo 23:<\/p>\n\n\n\n<blockquote class=\"wp-block-quote is-layout-flow wp-block-quote-is-layout-flow\">\n<p class=\"wp-block-paragraph\">el <strong>Nombre<\/strong> de Yahv\u00e9 est\u00e1 en el \u00c1ngel (<a href=\"https:\/\/biblia.com\/bible\/rvr60\/Ex23.21\">Ex 23:21<\/a>).<\/p>\n<\/blockquote>\n\n\n\n<p class=\"wp-block-paragraph\">En \u00c9xodo 33:<\/p>\n\n\n\n<blockquote class=\"wp-block-quote is-layout-flow wp-block-quote-is-layout-flow\">\n<p class=\"wp-block-paragraph\">el <strong>Rostro\/Presencia<\/strong> de Yahv\u00e9 debe acompa\u00f1ar a Israel (<a href=\"https:\/\/biblia.com\/bible\/rvr60\/Ex33.14-16\">Ex 33:14\u201316<\/a>).<\/p>\n<\/blockquote>\n\n\n\n<p class=\"wp-block-paragraph\">Nombre y Rostro son dos importantes modos veterotestamentarios de hablar de la presencia divina.<\/p>\n\n\n\n<p class=\"wp-block-paragraph\">Esto ha llevado a algunos investigadores modernos a preguntarse si el \u00c1ngel del Nombre debe entenderse como una forma personal de la presencia de Yahv\u00e9.<\/p>\n\n\n\n<p class=\"wp-block-paragraph\">No obstante, debemos proceder con cautela. El hebreo no dice expresamente:<\/p>\n\n\n\n<blockquote class=\"wp-block-quote is-layout-flow wp-block-quote-is-layout-flow\">\n<p class=\"wp-block-paragraph\">\u201cel \u00c1ngel es el Rostro de Yahv\u00e9\u201d.<\/p>\n<\/blockquote>\n\n\n\n<p class=\"wp-block-paragraph\">Tal conclusi\u00f3n pertenece al nivel de s\u00edntesis teol\u00f3gica, no al significado gramatical inmediato.<\/p>\n\n\n\n<p class=\"wp-block-paragraph\">Aun as\u00ed, la proximidad conceptual resulta significativa.<\/p>\n\n\n\n<p class=\"wp-block-paragraph\"><strong>Michael S. Heiser<\/strong> incorpora este tipo de relaciones dentro de su interpretaci\u00f3n m\u00e1s amplia de una manifestaci\u00f3n visible de Yahv\u00e9 que puede distinguirse del Yahv\u00e9 trascendente y, al mismo tiempo, portar su identidad.<sup data-fn=\"92aca5bf-0f00-4470-aa4a-5b7a7ac6d7cc\" class=\"fn\"><a href=\"#92aca5bf-0f00-4470-aa4a-5b7a7ac6d7cc\" id=\"92aca5bf-0f00-4470-aa4a-5b7a7ac6d7cc-link\">48<\/a><\/sup> Su propuesta resulta especialmente sugestiva al combinar <a href=\"https:\/\/biblia.com\/bible\/rvr60\/Ex3\">\u00c9xodo 3<\/a>, <a href=\"https:\/\/biblia.com\/bible\/rvr60\/Ex23\">\u00c9xodo 23<\/a> y otros pasajes del Pentateuco. Pero nuevamente debemos presentar su lectura como <strong>modelo interpretativo<\/strong>, no como significado indiscutible del texto<\/p>\n\n\n\n<p class=\"wp-block-paragraph\">La interpretaci\u00f3n jud\u00eda tradicional adopta una soluci\u00f3n diferente. El \u00c1ngel puede portar la autoridad de Dios y representarlo, pero la <strong>Shekhinah<\/strong><sup data-fn=\"0ebef10a-0015-4212-bf46-5d89648e77ed\" class=\"fn\"><a href=\"#0ebef10a-0015-4212-bf46-5d89648e77ed\" id=\"0ebef10a-0015-4212-bf46-5d89648e77ed-link\">49<\/a><\/sup>, la presencia divina, permanece conceptualmente distinguida del \u00e1ngel creado.<\/p>\n\n\n\n<h2 id=\"la-paradoja-dios-presente-y-dios-invisible\" class=\"wp-block-heading\">La paradoja: Dios presente y Dios invisible<\/h2>\n\n\n\n<p class=\"wp-block-paragraph\">La petici\u00f3n de Mois\u00e9s contin\u00faa m\u00e1s all\u00e1 del vers\u00edculo 17 y desemboca en otra tensi\u00f3n importante:<\/p>\n\n\n\n<blockquote class=\"wp-block-quote is-layout-flow wp-block-quote-is-layout-flow\">\n<p class=\"wp-block-paragraph\">\u201cTe ruego que me muestres tu gloria\u201d (<a href=\"https:\/\/biblia.com\/bible\/rvr60\/Ex33.18\">Ex 33:18<\/a>).<\/p>\n<\/blockquote>\n\n\n\n<p class=\"wp-block-paragraph\">Yahv\u00e9 responde finalmente:<\/p>\n\n\n\n<blockquote class=\"wp-block-quote is-layout-flow wp-block-quote-is-layout-flow\">\n<p class=\"wp-block-paragraph\">\u201cNo podr\u00e1s ver mi rostro; porque no me ver\u00e1 hombre, y vivir\u00e1\u201d (<a href=\"https:\/\/biblia.com\/bible\/rvr60\/Ex33.20\">Ex 33:20<\/a>).<\/p>\n<\/blockquote>\n\n\n\n<p class=\"wp-block-paragraph\">Tenemos as\u00ed una paradoja fundamental de la teolog\u00eda del \u00c9xodo:<\/p>\n\n\n\n<p class=\"wp-block-paragraph\"><strong>Yahv\u00e9 debe estar presente en medio de Israel, pero Yahv\u00e9 no puede ser visto en la plenitud de su rostro.<\/strong><\/p>\n\n\n\n<p class=\"wp-block-paragraph\">Precisamente esta tensi\u00f3n crea el espacio conceptual para diversas formas de mediaci\u00f3n:<\/p>\n\n\n\n<ul class=\"wp-block-list\">\n<li>nube,<\/li>\n\n\n\n<li>fuego,<\/li>\n\n\n\n<li>gloria,<\/li>\n\n\n\n<li>Nombre,<\/li>\n\n\n\n<li>\u00c1ngel,<\/li>\n\n\n\n<li>tienda,<\/li>\n\n\n\n<li>posteriormente el tabern\u00e1culo.<\/li>\n<\/ul>\n\n\n\n<p class=\"wp-block-paragraph\">La figura del \u00c1ngel debe entenderse dentro de esta teolog\u00eda m\u00e1s amplia de <strong>presencia mediada<\/strong>.<\/p>\n\n\n\n<p class=\"wp-block-paragraph\">No se trata \u00fanicamente de preguntar:<\/p>\n\n\n\n<blockquote class=\"wp-block-quote is-layout-flow wp-block-quote-is-layout-flow\">\n<p class=\"wp-block-paragraph\">\u201c\u00bfEs el \u00c1ngel Dios?\u201d<\/p>\n<\/blockquote>\n\n\n\n<p class=\"wp-block-paragraph\">Sino tambi\u00e9n:<\/p>\n\n\n\n<blockquote class=\"wp-block-quote is-layout-flow wp-block-quote-is-layout-flow\">\n<p class=\"wp-block-paragraph\"><strong>\u201c\u00bfC\u00f3mo puede el Dios invisible estar verdaderamente presente entre seres humanos sin dejar de ser trascendente?\u201d<\/strong><\/p>\n<\/blockquote>\n\n\n\n<p class=\"wp-block-paragraph\">La narrativa de \u00c9xodo responde a esta pregunta mediante m\u00faltiples formas de presencia sin convertirlas autom\u00e1ticamente en seres divinos independientes.<\/p>\n\n\n\n<h2 id=\"el-testimonio-de-isaias-63-9-el-angel-de-su-faz\" class=\"wp-block-heading\">El testimonio de Isa\u00edas 63:9: \u201cel \u00c1ngel de su faz\u201d<\/h2>\n\n\n\n<p class=\"wp-block-paragraph\">Existe un texto prof\u00e9tico posterior que resulta particularmente relevante para esta discusi\u00f3n. Al recordar el \u00e9xodo, Isa\u00edas declara:<\/p>\n\n\n\n<blockquote class=\"wp-block-quote is-layout-flow wp-block-quote-is-layout-flow\">\n<p class=\"wp-block-paragraph\">\u201cEn toda angustia de ellos \u00e9l fue angustiado, y el \u00e1ngel de su faz los salv\u00f3\u201d (<a href=\"https:\/\/biblia.com\/bible\/rvr60\/Is63.9\">Is 63:9<\/a>).<\/p>\n<\/blockquote>\n\n\n\n<p class=\"wp-block-paragraph\">La expresi\u00f3n hebrea es:<\/p>\n\n\n\n<blockquote class=\"wp-block-quote is-layout-flow wp-block-quote-is-layout-flow\">\n<p class=\"wp-block-paragraph\">\u05de\u05b7\u05dc\u05b0\u05d0\u05b7\u05da\u05b0 \u05e4\u05b8\u05bc\u05e0\u05b8\u05d9\u05d5<br><em>mal\u02beakh p\u0101n\u0101yw<\/em><\/p>\n<\/blockquote>\n\n\n\n<p class=\"wp-block-paragraph\">Literalmente:<\/p>\n\n\n\n<blockquote class=\"wp-block-quote is-layout-flow wp-block-quote-is-layout-flow\">\n<p class=\"wp-block-paragraph\"><strong>\u201cel \u00c1ngel de su rostro\/presencia\u201d.<\/strong><\/p>\n<\/blockquote>\n\n\n\n<p class=\"wp-block-paragraph\">Este texto merece enorme atenci\u00f3n porque relaciona expl\u00edcitamente las dos categor\u00edas que aparecen separadamente en \u00c9xodo:<\/p>\n\n\n\n<p class=\"wp-block-paragraph\"><strong>\u00c1ngel + Rostro\/Presencia.<\/strong><\/p>\n\n\n\n<p class=\"wp-block-paragraph\">El \u00c1ngel de <a href=\"https:\/\/biblia.com\/bible\/rvr60\/Is63.9\">Isa\u00edas 63:9<\/a> es presentado como aquel que <strong>salv\u00f3<\/strong> a Israel durante sus aflicciones<sup data-fn=\"b6b7c7e7-b010-45e0-bcbf-71184f5a4efb\" class=\"fn\"><a href=\"#b6b7c7e7-b010-45e0-bcbf-71184f5a4efb\" id=\"b6b7c7e7-b010-45e0-bcbf-71184f5a4efb-link\">50<\/a><\/sup>.<\/p>\n\n\n\n<p class=\"wp-block-paragraph\">El pasaje contin\u00faa:<\/p>\n\n\n\n<blockquote class=\"wp-block-quote is-layout-flow wp-block-quote-is-layout-flow\">\n<p class=\"wp-block-paragraph\">\u201cen su amor y en su clemencia los redimi\u00f3, y los trajo, y los levant\u00f3 todos los d\u00edas de la antig\u00fcedad\u201d (<a href=\"https:\/\/biblia.com\/bible\/rvr60\/Is63.9\">Is 63:9<\/a>).<\/p>\n<\/blockquote>\n\n\n\n<p class=\"wp-block-paragraph\">La conexi\u00f3n con el \u00e9xodo resulta evidente.<\/p>\n\n\n\n<p class=\"wp-block-paragraph\">Esta expresi\u00f3n ha desempe\u00f1ado un papel importante en la interpretaci\u00f3n del \u00c1ngel del Se\u00f1or porque parece vincular la figura angelical con el <strong>rostro o presencia de Yahv\u00e9<\/strong>.<\/p>\n\n\n\n<p class=\"wp-block-paragraph\">Sin embargo, tambi\u00e9n aqu\u00ed existen problemas textuales que deben reconocerse<sup data-fn=\"38285a70-cb6f-4d18-9bf2-a2b7849d9caa\" class=\"fn\"><a href=\"#38285a70-cb6f-4d18-9bf2-a2b7849d9caa\" id=\"38285a70-cb6f-4d18-9bf2-a2b7849d9caa-link\">51<\/a><\/sup>.<\/p>\n\n\n\n<p class=\"wp-block-paragraph\">Isa\u00edas ofrece as\u00ed una importante reinterpretaci\u00f3n de la historia de Israel: la salvaci\u00f3n del \u00e9xodo puede atribuirse al:<\/p>\n\n\n\n<blockquote class=\"wp-block-quote is-layout-flow wp-block-quote-is-layout-flow\">\n<p class=\"wp-block-paragraph\"><strong>\u201c\u00c1ngel de su presencia\u201d.<\/strong><\/p>\n<\/blockquote>\n\n\n\n<p class=\"wp-block-paragraph\">Cuando este texto se coloca junto a \u00c9xodo 23 y \u00c9xodo 33 surge una relaci\u00f3n extraordinariamente sugestiva:<\/p>\n\n\n\n<p class=\"wp-block-paragraph\"><a href=\"https:\/\/biblia.com\/bible\/rvr60\/Ex23.21\">\u00c9xodo 23:21<\/a>:<\/p>\n\n\n\n<blockquote class=\"wp-block-quote is-layout-flow wp-block-quote-is-layout-flow\">\n<p class=\"wp-block-paragraph\">\u201cmi <strong>Nombre<\/strong> est\u00e1 en \u00e9l\u201d.<\/p>\n<\/blockquote>\n\n\n\n<p class=\"wp-block-paragraph\"><a href=\"https:\/\/biblia.com\/bible\/rvr60\/Ex33.14\">\u00c9xodo 33:14<\/a>:<\/p>\n\n\n\n<blockquote class=\"wp-block-quote is-layout-flow wp-block-quote-is-layout-flow\">\n<p class=\"wp-block-paragraph\">\u201cmi <strong>Presencia\/Rostro<\/strong> ir\u00e1 contigo\u201d.<\/p>\n<\/blockquote>\n\n\n\n<p class=\"wp-block-paragraph\"><a href=\"https:\/\/biblia.com\/bible\/rvr60\/Is63.9\">Isa\u00edas 63:9<\/a>:<\/p>\n\n\n\n<blockquote class=\"wp-block-quote is-layout-flow wp-block-quote-is-layout-flow\">\n<p class=\"wp-block-paragraph\">\u201cel <strong>\u00c1ngel de su Rostro<\/strong> los salv\u00f3\u201d.<\/p>\n<\/blockquote>\n\n\n\n<p class=\"wp-block-paragraph\">No debemos convertir inmediatamente estas expresiones en una doctrina sistem\u00e1tica. Pero tampoco parece metodol\u00f3gicamente correcto estudiarlas aisladamente.<\/p>\n\n\n\n<p class=\"wp-block-paragraph\">Conjuntamente muestran que la tradici\u00f3n b\u00edblica relaciona de manera extraordinaria al \u00c1ngel con <strong>el Nombre, la presencia, el rostro y la salvaci\u00f3n de Yahv\u00e9<\/strong>.<\/p>\n\n\n\n<h2 id=\"sintesis-exegetica-1\" class=\"wp-block-heading\">S\u00edntesis exeg\u00e9tica<\/h2>\n\n\n\n<p class=\"wp-block-paragraph\">\u00c9xodo 33 proporciona un correctivo indispensable para nuestra investigaci\u00f3n.<\/p>\n\n\n\n<p class=\"wp-block-paragraph\">Despu\u00e9s de estudiar textos en los que el \u00c1ngel parece aproximarse extraordinariamente a la identidad divina, este cap\u00edtulo recuerda que <strong>la categor\u00eda \u201c\u00e1ngel\u201d no equivale autom\u00e1ticamente a Yahv\u00e9<\/strong>.<\/p>\n\n\n\n<p class=\"wp-block-paragraph\">Yahv\u00e9 puede afirmar:<\/p>\n\n\n\n<blockquote class=\"wp-block-quote is-layout-flow wp-block-quote-is-layout-flow\">\n<p class=\"wp-block-paragraph\">\u201cenviar\u00e9 delante de ti el \u00e1ngel\u201d (<a href=\"https:\/\/biblia.com\/bible\/rvr60\/Ex33.2\">Ex 33:2<\/a>),<\/p>\n<\/blockquote>\n\n\n\n<p class=\"wp-block-paragraph\">y simult\u00e1neamente:<\/p>\n\n\n\n<blockquote class=\"wp-block-quote is-layout-flow wp-block-quote-is-layout-flow\">\n<p class=\"wp-block-paragraph\">\u201cyo no subir\u00e9 en medio de ti\u201d (<a href=\"https:\/\/biblia.com\/bible\/rvr60\/Ex33.3\">Ex 33:3<\/a>).<\/p>\n<\/blockquote>\n\n\n\n<p class=\"wp-block-paragraph\">Por ello, resulta necesario distinguir entre:<\/p>\n\n\n\n<p class=\"wp-block-paragraph\"><strong>la existencia de mediaci\u00f3n angelical<\/strong><\/p>\n\n\n\n<p class=\"wp-block-paragraph\">y<\/p>\n\n\n\n<p class=\"wp-block-paragraph\"><strong>la presencia personal de Yahv\u00e9.<\/strong><\/p>\n\n\n\n<p class=\"wp-block-paragraph\">Mois\u00e9s insiste en que solo esta \u00faltima puede hacer de Israel un pueblo verdaderamente distinto:<\/p>\n\n\n\n<blockquote class=\"wp-block-quote is-layout-flow wp-block-quote-is-layout-flow\">\n<p class=\"wp-block-paragraph\">\u201cSi tu presencia no ha de ir conmigo, no nos saques de aqu\u00ed\u201d (<a href=\"https:\/\/biblia.com\/bible\/rvr60\/Ex33.15\">Ex 33:15<\/a>).<\/p>\n<\/blockquote>\n\n\n\n<p class=\"wp-block-paragraph\">Sin embargo, la cuesti\u00f3n queda abierta debido a \u00c9xodo 23. All\u00ed existe un \u00c1ngel cuya relaci\u00f3n con Yahv\u00e9 parece excepcional: porta su Nombre, comunica su voz y exige obediencia pactal.<\/p>\n\n\n\n<p class=\"wp-block-paragraph\">Por tanto, una conclusi\u00f3n provisional razonable es que <strong>el Antiguo Testamento conoce m\u00e1s de un modo de hablar de mediaci\u00f3n angelical<\/strong>, y no todos los \u00e1ngeles deben clasificarse autom\u00e1ticamente del mismo modo.<\/p>\n\n\n\n<p class=\"wp-block-paragraph\">El \u00c1ngel portador del Nombre constituye una figura singular.<\/p>\n\n\n\n<p class=\"wp-block-paragraph\">El \u00e1ngel enviado despu\u00e9s del pecado puede funcionar como mensajero protector sin sustituir la presencia personal que Mois\u00e9s reclama.<\/p>\n\n\n\n<p class=\"wp-block-paragraph\">La investigaci\u00f3n posterior deber\u00e1 determinar si estos textos representan distintas tradiciones sobre un mismo ser, diferentes clases de mensajeros, o una teolog\u00eda m\u00e1s compleja de los modos de presencia de Yahv\u00e9.<\/p>\n\n\n\n<p class=\"wp-block-paragraph\">Isa\u00edas 63:9 a\u00f1ade un elemento especialmente importante al describir retrospectivamente la salvaci\u00f3n del \u00e9xodo mediante:<\/p>\n\n\n\n<blockquote class=\"wp-block-quote is-layout-flow wp-block-quote-is-layout-flow\">\n<p class=\"wp-block-paragraph\"><strong>\u201cel \u00c1ngel de su presencia\u201d.<\/strong><\/p>\n<\/blockquote>\n\n\n\n<p class=\"wp-block-paragraph\">La cuesti\u00f3n que comenzaba con el <em>mal\u02beakh YHWH<\/em> se transforma as\u00ed gradualmente en una pregunta m\u00e1s amplia sobre <strong>la presencia visible del Dios invisible<\/strong>.<\/p>\n\n\n\n<h1 id=\"gedeon-y-el-angel-de-yahve-jueces-6-11-24\" class=\"wp-block-heading\">Gede\u00f3n y el \u00c1ngel de Yahv\u00e9: Jueces 6:11\u201324<\/h1>\n\n\n\n<p class=\"wp-block-paragraph\">Despu\u00e9s de las apariciones del \u00c1ngel en las tradiciones patriarcales y en la historia del \u00e9xodo, el libro de Jueces presenta uno de los relatos m\u00e1s significativos para nuestro estudio. El llamamiento de Gede\u00f3n en <a href=\"https:\/\/biblia.com\/bible\/rvr60\/Jdg6.11-24\">Jueces 6:11\u201324<\/a> reproduce varios de los elementos que ya hemos encontrado anteriormente: el personaje es introducido expresamente como <strong>\u00c1ngel de Yahv\u00e9<\/strong>, habla con autoridad divina, el narrador comienza posteriormente a denominarlo <strong>Yahv\u00e9<\/strong>, realiza una se\u00f1al sobrenatural asociada con una ofrenda sacrificial y, finalmente, Gede\u00f3n teme morir porque comprende que ha visto al \u00c1ngel de Yahv\u00e9 \u201ccara a cara\u201d.<\/p>\n\n\n\n<figure class=\"wp-block-image alignright size-full is-resized\"><a href=\"https:\/\/i0.wp.com\/atravesdelasescrituras.com\/wp-content\/uploads\/2026\/08\/imagen-4.png?ssl=1\"><img data-recalc-dims=\"1\" loading=\"lazy\" decoding=\"async\" width=\"570\" height=\"855\" data-attachment-id=\"57373\" data-permalink=\"https:\/\/atravesdelasescrituras.com\/es_es\/2026\/08\/10\/el-angel-del-senor-mensajero-divino-teofania-o-cristo-preencarnado\/imagen-186\/\" data-orig-file=\"https:\/\/atravesdelasescrituras.com\/wp-content\/uploads\/2026\/08\/imagen-4.png\" data-orig-size=\"570,855\" data-comments-opened=\"1\" data-image-meta=\"{&quot;aperture&quot;:&quot;0&quot;,&quot;credit&quot;:&quot;&quot;,&quot;camera&quot;:&quot;&quot;,&quot;caption&quot;:&quot;&quot;,&quot;created_timestamp&quot;:&quot;0&quot;,&quot;copyright&quot;:&quot;&quot;,&quot;focal_length&quot;:&quot;0&quot;,&quot;iso&quot;:&quot;0&quot;,&quot;shutter_speed&quot;:&quot;0&quot;,&quot;title&quot;:&quot;&quot;,&quot;orientation&quot;:&quot;0&quot;,&quot;alt&quot;:&quot;&quot;}\" data-image-title=\"imagen\" data-image-description=\"\" data-image-caption=\"\" data-large-file=\"https:\/\/atravesdelasescrituras.com\/wp-content\/uploads\/2026\/08\/imagen-4.png\" src=\"https:\/\/i0.wp.com\/atravesdelasescrituras.com\/wp-content\/uploads\/2026\/08\/imagen-4.png?resize=570%2C855&#038;ssl=1\" alt=\"\" class=\"wp-image-57373\" style=\"width:176px;height:auto\" srcset=\"https:\/\/i0.wp.com\/atravesdelasescrituras.com\/wp-content\/uploads\/2026\/08\/imagen-4.png?w=570&amp;ssl=1 570w, https:\/\/i0.wp.com\/atravesdelasescrituras.com\/wp-content\/uploads\/2026\/08\/imagen-4.png?resize=200%2C300&amp;ssl=1 200w\" sizes=\"(max-width: 570px) 100vw, 570px\" \/><\/a><\/figure>\n\n\n\n<p class=\"wp-block-paragraph\">La importancia del episodio aumenta cuando se observa su contexto. Israel se encuentra nuevamente bajo opresi\u00f3n extranjera como consecuencia de su infidelidad:<\/p>\n\n\n\n<blockquote class=\"wp-block-quote is-layout-flow wp-block-quote-is-layout-flow\">\n<p class=\"wp-block-paragraph\">\u201cLos hijos de Israel hicieron lo malo ante los ojos de Jehov\u00e1; y Jehov\u00e1 los entreg\u00f3 en mano de Madi\u00e1n por siete a\u00f1os\u201d (<a href=\"https:\/\/biblia.com\/bible\/rvr60\/Jdg6.1\">Jue 6:1<\/a>).<\/p>\n<\/blockquote>\n\n\n\n<p class=\"wp-block-paragraph\">Los madianitas devastan sistem\u00e1ticamente las cosechas de Israel, obligando al pueblo a esconderse en cuevas y lugares fortificados (<a href=\"https:\/\/biblia.com\/bible\/rvr60\/Jdg6.2-6\">Jue 6:2\u20136<\/a>). Finalmente:<\/p>\n\n\n\n<blockquote class=\"wp-block-quote is-layout-flow wp-block-quote-is-layout-flow\">\n<p class=\"wp-block-paragraph\">\u201clos hijos de Israel clamaron a Jehov\u00e1\u201d (<a href=\"https:\/\/biblia.com\/bible\/rvr60\/Jdg6.6\">Jue 6:6<\/a>).<\/p>\n<\/blockquote>\n\n\n\n<p class=\"wp-block-paragraph\">El relato sigue as\u00ed un patr\u00f3n recurrente del libro de Jueces: pecado, opresi\u00f3n, clamor y liberaci\u00f3n. Pero antes de levantar a Gede\u00f3n como libertador, Yahv\u00e9 env\u00eda primero un profeta an\u00f3nimo que interpreta teol\u00f3gicamente la situaci\u00f3n (<a href=\"https:\/\/biblia.com\/bible\/rvr60\/Jdg6.7-10\">Jue 6:7\u201310<\/a>). Solo despu\u00e9s aparece el \u00c1ngel de Yahv\u00e9.<\/p>\n\n\n\n<p class=\"wp-block-paragraph\">Esta secuencia resulta importante. El profeta y el \u00c1ngel son ambos agentes enviados por Dios, pero el relato los trata de manera muy diferente. El profeta introduce expl\u00edcitamente su mensaje mediante:<\/p>\n\n\n\n<blockquote class=\"wp-block-quote is-layout-flow wp-block-quote-is-layout-flow\">\n<p class=\"wp-block-paragraph\">\u201cAs\u00ed ha dicho Jehov\u00e1 Dios de Israel\u201d (<a href=\"https:\/\/biblia.com\/bible\/rvr60\/Jdg6.8\">Jue 6:8<\/a>).<\/p>\n<\/blockquote>\n\n\n\n<p class=\"wp-block-paragraph\">La f\u00f3rmula establece una separaci\u00f3n clara entre mensajero y remitente. El profeta habla <strong>acerca de<\/strong> lo que Yahv\u00e9 ha dicho.<\/p>\n\n\n\n<p class=\"wp-block-paragraph\">Cuando aparece el \u00c1ngel, en cambio, esa separaci\u00f3n discursiva comienza a desaparecer<sup data-fn=\"a1cdb156-d65e-491c-bb7d-90e40bdd5ce2\" class=\"fn\"><a href=\"#a1cdb156-d65e-491c-bb7d-90e40bdd5ce2\" id=\"a1cdb156-d65e-491c-bb7d-90e40bdd5ce2-link\">52<\/a><\/sup>.<\/p>\n\n\n\n<h2 id=\"el-angel-se-sienta-bajo-la-encina\" class=\"wp-block-heading\">El \u00c1ngel se sienta bajo la encina<\/h2>\n\n\n\n<p class=\"wp-block-paragraph\">El narrador introduce la aparici\u00f3n diciendo:<\/p>\n\n\n\n<blockquote class=\"wp-block-quote is-layout-flow wp-block-quote-is-layout-flow\">\n<p class=\"wp-block-paragraph\">\u201cY vino el \u00e1ngel de Jehov\u00e1, y se sent\u00f3 debajo de la encina que est\u00e1 en Ofra\u201d (<a href=\"https:\/\/biblia.com\/bible\/rvr60\/Jdg6.11\">Jue 6:11<\/a>).<\/p>\n<\/blockquote>\n\n\n\n<p class=\"wp-block-paragraph\">El hebreo utiliza la conocida expresi\u00f3n:<\/p>\n\n\n\n<blockquote class=\"wp-block-quote is-layout-flow wp-block-quote-is-layout-flow\">\n<p class=\"wp-block-paragraph\">\u05de\u05b7\u05dc\u05b0\u05d0\u05b7\u05da\u05b0 \u05d9\u05b0\u05d4\u05d5\u05b8\u05d4<br><em>mal\u02beakh YHWH<\/em><\/p>\n<\/blockquote>\n\n\n\n<p class=\"wp-block-paragraph\">La escena presenta al \u00c1ngel de una manera sorprendentemente concreta: <strong>llega y se sienta<\/strong> bajo un \u00e1rbol. No se trata inicialmente de una visi\u00f3n celestial abstracta. El personaje ocupa un espacio dentro del mundo narrativo y conversa directamente con Gede\u00f3n.<\/p>\n\n\n\n<p class=\"wp-block-paragraph\">Gede\u00f3n se encuentra trillando trigo en un lagar para esconderlo de los madianitas (<a href=\"https:\/\/biblia.com\/bible\/rvr60\/Jdg6.11\">Jue 6:11<\/a>). La iron\u00eda narrativa es evidente. Un lagar normalmente est\u00e1 destinado a prensar uvas, no a trillar cereal. Gede\u00f3n trabaja all\u00ed precisamente para evitar ser visto. En ese contexto de temor, el \u00c1ngel aparece y declara:<\/p>\n\n\n\n<blockquote class=\"wp-block-quote is-layout-flow wp-block-quote-is-layout-flow\">\n<p class=\"wp-block-paragraph\">\u201cJehov\u00e1 est\u00e1 contigo, var\u00f3n esforzado y valiente\u201d (<a href=\"https:\/\/biblia.com\/bible\/rvr60\/Jdg6.12\">Jue 6:12<\/a>).<\/p>\n<\/blockquote>\n\n\n\n<p class=\"wp-block-paragraph\">La expresi\u00f3n:<\/p>\n\n\n\n<blockquote class=\"wp-block-quote is-layout-flow wp-block-quote-is-layout-flow\">\n<p class=\"wp-block-paragraph\">\u05d9\u05b0\u05d4\u05d5\u05b8\u05d4 \u05e2\u05b4\u05de\u05b0\u05bc\u05da\u05b8<br><em>YHWH \u02bfimm\u0115k\u0101<\/em><br>\u201cYahv\u00e9 est\u00e1 contigo\u201d<\/p>\n<\/blockquote>\n\n\n\n<p class=\"wp-block-paragraph\">establece inicialmente cierta distinci\u00f3n entre el \u00c1ngel y Yahv\u00e9. El \u00c1ngel habla <strong>de Yahv\u00e9 en tercera persona<\/strong>.<\/p>\n\n\n\n<p class=\"wp-block-paragraph\">Este detalle es importante porque vuelve a mostrar que los relatos del \u00c1ngel contienen simult\u00e1neamente distinci\u00f3n e identificaci\u00f3n. No encontramos simplemente un personaje que sea denominado Yahv\u00e9 desde principio a fin. El texto puede distinguir al enviado de quien lo env\u00eda.<\/p>\n\n\n\n<p class=\"wp-block-paragraph\">Gede\u00f3n responde:<\/p>\n\n\n\n<blockquote class=\"wp-block-quote is-layout-flow wp-block-quote-is-layout-flow\">\n<p class=\"wp-block-paragraph\">\u201cAh, se\u00f1or m\u00edo, si Jehov\u00e1 est\u00e1 con nosotros, \u00bfpor qu\u00e9 nos ha sobrevenido todo esto?\u201d (<a href=\"https:\/\/biblia.com\/bible\/rvr60\/Jdg6.13\">Jue 6:13<\/a>).<\/p>\n<\/blockquote>\n\n\n\n<p class=\"wp-block-paragraph\">Su objeci\u00f3n es esencialmente teol\u00f3gica. Si Yahv\u00e9 verdaderamente acompa\u00f1a a Israel, \u00bfc\u00f3mo se explica la opresi\u00f3n madianita? Gede\u00f3n recuerda incluso las tradiciones del \u00e9xodo:<\/p>\n\n\n\n<blockquote class=\"wp-block-quote is-layout-flow wp-block-quote-is-layout-flow\">\n<p class=\"wp-block-paragraph\">\u201c\u00bfY d\u00f3nde est\u00e1n todas sus maravillas, que nuestros padres nos han contado, diciendo: \u00bfNo nos sac\u00f3 Jehov\u00e1 de Egipto?\u201d (<a href=\"https:\/\/biblia.com\/bible\/rvr60\/Jdg6.13\">Jue 6:13<\/a>).<\/p>\n<\/blockquote>\n\n\n\n<p class=\"wp-block-paragraph\">El encuentro con el \u00c1ngel queda as\u00ed directamente relacionado con los acontecimientos que hemos estudiado en \u00c9xodo. Gede\u00f3n cuestiona precisamente la <strong>presencia de Yahv\u00e9<\/strong>: \u201csi Yahv\u00e9 est\u00e1 con nosotros&#8230;\u201d.<\/p>\n\n\n\n<p class=\"wp-block-paragraph\">La respuesta narrativa resulta entonces extraordinaria.<\/p>\n\n\n\n<h2 id=\"del-angel-de-yahve-a-yahve\" class=\"wp-block-heading\">Del \u201c\u00c1ngel de Yahv\u00e9\u201d a \u201cYahv\u00e9\u201d<\/h2>\n\n\n\n<p class=\"wp-block-paragraph\">Despu\u00e9s de que Gede\u00f3n dirige estas palabras al \u00c1ngel, el narrador declara:<\/p>\n\n\n\n<blockquote class=\"wp-block-quote is-layout-flow wp-block-quote-is-layout-flow\">\n<p class=\"wp-block-paragraph\">\u201cY mir\u00e1ndole Jehov\u00e1, le dijo: Ve con esta tu fuerza, y salvar\u00e1s a Israel de la mano de los madianitas. \u00bfNo te env\u00edo yo?\u201d (<a href=\"https:\/\/biblia.com\/bible\/rvr60\/Jdg6.14\">Jue 6:14<\/a>).<\/p>\n<\/blockquote>\n\n\n\n<p class=\"wp-block-paragraph\">El cambio resulta evidente.<\/p>\n\n\n\n<p class=\"wp-block-paragraph\">En <a href=\"https:\/\/biblia.com\/bible\/rvr60\/Jdg6.12\">Jueces 6:12<\/a>, quien se aparece es:<\/p>\n\n\n\n<blockquote class=\"wp-block-quote is-layout-flow wp-block-quote-is-layout-flow\">\n<p class=\"wp-block-paragraph\"><strong>el \u00c1ngel de Yahv\u00e9<\/strong>.<\/p>\n<\/blockquote>\n\n\n\n<p class=\"wp-block-paragraph\">En <a href=\"https:\/\/biblia.com\/bible\/rvr60\/Jdg6.14\">Jueces 6:14<\/a>, el mismo di\u00e1logo contin\u00faa, pero el sujeto pasa a ser:<\/p>\n\n\n\n<blockquote class=\"wp-block-quote is-layout-flow wp-block-quote-is-layout-flow\">\n<p class=\"wp-block-paragraph\"><strong>Yahv\u00e9<\/strong>.<\/p>\n<\/blockquote>\n\n\n\n<p class=\"wp-block-paragraph\">El hebreo comienza:<\/p>\n\n\n\n<blockquote class=\"wp-block-quote is-layout-flow wp-block-quote-is-layout-flow\">\n<p class=\"wp-block-paragraph\">\u05d5\u05b7\u05d9\u05b4\u05bc\u05e4\u05b6\u05df \u05d0\u05b5\u05dc\u05b8\u05d9\u05d5 \u05d9\u05b0\u05d4\u05d5\u05b8\u05d4<br><em>wayyifen \u02be\u0113l\u0101yw YHWH<\/em><br>\u201cY Yahv\u00e9 se volvi\u00f3 hacia \u00e9l\u201d.<\/p>\n<\/blockquote>\n\n\n\n<p class=\"wp-block-paragraph\">No encontramos ninguna indicaci\u00f3n de que el \u00c1ngel se haya marchado ni de que otro personaje haya entrado en escena. El narrador simplemente cambia la designaci\u00f3n del interlocutor.<\/p>\n\n\n\n<p class=\"wp-block-paragraph\">Este es precisamente el tipo de fen\u00f3meno que hab\u00edamos encontrado en la zarza ardiente. All\u00ed:<\/p>\n\n\n\n<blockquote class=\"wp-block-quote is-layout-flow wp-block-quote-is-layout-flow\">\n<p class=\"wp-block-paragraph\">\u201cse le apareci\u00f3 el \u00c1ngel de Yahv\u00e9\u201d (<a href=\"https:\/\/biblia.com\/bible\/rvr60\/Ex3.2\">Ex 3:2<\/a>),<\/p>\n<\/blockquote>\n\n\n\n<p class=\"wp-block-paragraph\">pero inmediatamente:<\/p>\n\n\n\n<blockquote class=\"wp-block-quote is-layout-flow wp-block-quote-is-layout-flow\">\n<p class=\"wp-block-paragraph\">\u201cYahv\u00e9 vio\u201d y \u201cElohim llam\u00f3\u201d (<a href=\"https:\/\/biblia.com\/bible\/rvr60\/Ex3.4\">Ex 3:4<\/a>).<\/p>\n<\/blockquote>\n\n\n\n<p class=\"wp-block-paragraph\">Ahora Jueces reproduce una estructura muy semejante:<\/p>\n\n\n\n<p class=\"wp-block-paragraph\"><strong>\u00c1ngel de Yahv\u00e9 aparece \u2192 \u00c1ngel habla \u2192 Yahv\u00e9 se vuelve hacia Gede\u00f3n \u2192 Yahv\u00e9 habla.<\/strong><\/p>\n\n\n\n<p class=\"wp-block-paragraph\">El cambio no parece producir sorpresa alguna en el narrador.<\/p>\n\n\n\n<p class=\"wp-block-paragraph\"><strong>Daniel I. Block<\/strong>, en su importante comentario sobre Jueces, presta atenci\u00f3n a esta alternancia entre el \u00c1ngel de Yahv\u00e9 y Yahv\u00e9 dentro de la escena.<sup data-fn=\"e41485d6-b5fe-4e2c-9f83-db07e92ed0ee\" class=\"fn\"><a href=\"#e41485d6-b5fe-4e2c-9f83-db07e92ed0ee\" id=\"e41485d6-b5fe-4e2c-9f83-db07e92ed0ee-link\">53<\/a><\/sup> Su an\u00e1lisis resulta especialmente \u00fatil porque sit\u00faa el fen\u00f3meno dentro de la estrategia narrativa del libro y no simplemente dentro de una discusi\u00f3n sistem\u00e1tica posterior acerca de cristofan\u00edas. La identidad del interlocutor se revela progresivamente a Gede\u00f3n mientras la narraci\u00f3n transita libremente entre ambas designaciones.<\/p>\n\n\n\n<p class=\"wp-block-paragraph\"><strong>Barry G. Webb<\/strong> observa igualmente que el relato desarrolla progresivamente la comprensi\u00f3n de Gede\u00f3n acerca de aquel con quien est\u00e1 hablando.<sup data-fn=\"cf263c1c-b041-49c3-9b07-5fd71decee3e\" class=\"fn\"><a href=\"#cf263c1c-b041-49c3-9b07-5fd71decee3e\" id=\"cf263c1c-b041-49c3-9b07-5fd71decee3e-link\">54<\/a><\/sup> La cuesti\u00f3n no es solamente qui\u00e9n sabe el lector que es el personaje, sino <strong>cu\u00e1ndo comprende Gede\u00f3n la verdadera gravedad de su encuentro<\/strong>.<\/p>\n\n\n\n<p class=\"wp-block-paragraph\">Esta progresi\u00f3n alcanzar\u00e1 su culminaci\u00f3n en <a href=\"https:\/\/biblia.com\/bible\/rvr60\/Jdg6.22\">Jueces 6:22<\/a>.<\/p>\n\n\n\n<h2 id=\"no-te-envio-yo\" class=\"wp-block-heading\">\u201c\u00bfNo te env\u00edo yo?\u201d<\/h2>\n\n\n\n<p class=\"wp-block-paragraph\">La \u00faltima cl\u00e1usula de <a href=\"https:\/\/biblia.com\/bible\/rvr60\/Jdg6.14\">Jueces 6:14<\/a> merece atenci\u00f3n especial:<\/p>\n\n\n\n<blockquote class=\"wp-block-quote is-layout-flow wp-block-quote-is-layout-flow\">\n<p class=\"wp-block-paragraph\">\u201c\u00bfNo te env\u00edo yo?\u201d<\/p>\n<\/blockquote>\n\n\n\n<p class=\"wp-block-paragraph\">El hebreo:<\/p>\n\n\n\n<blockquote class=\"wp-block-quote is-layout-flow wp-block-quote-is-layout-flow\">\n<p class=\"wp-block-paragraph\">\u05d4\u05b2\u05dc\u05b9\u05d0 \u05e9\u05b0\u05c1\u05dc\u05b7\u05d7\u05b0\u05ea\u05b4\u05bc\u05d9\u05da\u05b8<br><em>h\u0103l\u014d\u02be \u0161\u0115la\u1e25t\u00eek\u0101<\/em><\/p>\n<\/blockquote>\n\n\n\n<p class=\"wp-block-paragraph\">sit\u00faa a Yahv\u00e9 como sujeto del env\u00edo de Gede\u00f3n.<\/p>\n\n\n\n<p class=\"wp-block-paragraph\">Esta declaraci\u00f3n crea una interesante estructura de comisi\u00f3n:<\/p>\n\n\n\n<p class=\"wp-block-paragraph\"><strong>Yahv\u00e9\/\u00c1ngel \u2192 env\u00eda a Gede\u00f3n \u2192 Gede\u00f3n libera Israel.<\/strong><\/p>\n\n\n\n<p class=\"wp-block-paragraph\">Gede\u00f3n, como Mois\u00e9s anteriormente, se convierte en mensajero humano de Dios. Pero nuevamente existe una diferencia significativa. Gede\u00f3n es claramente enviado por Yahv\u00e9 y nunca es narrativamente denominado Yahv\u00e9. La distinci\u00f3n entre el juez humano y Dios permanece estable.<\/p>\n\n\n\n<p class=\"wp-block-paragraph\">Con el \u00c1ngel ocurre otra cosa: es enviado y, sin embargo, el narrador puede pasar a llamarlo Yahv\u00e9 dentro del mismo di\u00e1logo.<\/p>\n\n\n\n<p class=\"wp-block-paragraph\">Este contraste sigue siendo uno de los argumentos m\u00e1s importantes contra una utilizaci\u00f3n demasiado amplia del principio de agencia. La agencia explica correctamente que un enviado act\u00fae con autoridad delegada. Pero no todos los enviados reciben en la narraci\u00f3n el mismo grado de identificaci\u00f3n con el remitente.<\/p>\n\n\n\n<h2 id=\"yo-estare-contigo-1\" class=\"wp-block-heading\">\u201cYo estar\u00e9 contigo\u201d<\/h2>\n\n\n\n<p class=\"wp-block-paragraph\">Gede\u00f3n responde insistiendo en su propia insignificancia:<\/p>\n\n\n\n<blockquote class=\"wp-block-quote is-layout-flow wp-block-quote-is-layout-flow\">\n<p class=\"wp-block-paragraph\">\u201cAh, se\u00f1or m\u00edo, \u00bfcon qu\u00e9 salvar\u00e9 yo a Israel? He aqu\u00ed que mi familia es pobre en Manas\u00e9s, y yo el menor en la casa de mi padre\u201d (<a href=\"https:\/\/biblia.com\/bible\/rvr60\/Jdg6.15\">Jue 6:15<\/a>).<\/p>\n<\/blockquote>\n\n\n\n<p class=\"wp-block-paragraph\">Entonces:<\/p>\n\n\n\n<blockquote class=\"wp-block-quote is-layout-flow wp-block-quote-is-layout-flow\">\n<p class=\"wp-block-paragraph\">\u201cJehov\u00e1 le dijo: Ciertamente yo estar\u00e9 contigo\u201d (<a href=\"https:\/\/biblia.com\/bible\/rvr60\/Jdg6.16\">Jue 6:16<\/a>).<\/p>\n<\/blockquote>\n\n\n\n<p class=\"wp-block-paragraph\">El texto utiliza nuevamente expl\u00edcitamente <strong>Yahv\u00e9<\/strong> como hablante.<\/p>\n\n\n\n<p class=\"wp-block-paragraph\">La expresi\u00f3n:<\/p>\n\n\n\n<blockquote class=\"wp-block-quote is-layout-flow wp-block-quote-is-layout-flow\">\n<p class=\"wp-block-paragraph\">\u05db\u05b4\u05bc\u05d9 \u05d0\u05b6\u05d4\u05b0\u05d9\u05b6\u05d4 \u05e2\u05b4\u05de\u05b8\u05bc\u05da\u05b0<br><em>k\u00ee \u02beehyeh \u02bfimm\u0101k<\/em><br>\u201cporque yo estar\u00e9 contigo\u201d<\/p>\n<\/blockquote>\n\n\n\n<p class=\"wp-block-paragraph\">resulta extraordinariamente significativa cuando se compara con el llamado de Mois\u00e9s.<\/p>\n\n\n\n<p class=\"wp-block-paragraph\">Ante las objeciones de Mois\u00e9s, Dios hab\u00eda respondido:<\/p>\n\n\n\n<blockquote class=\"wp-block-quote is-layout-flow wp-block-quote-is-layout-flow\">\n<p class=\"wp-block-paragraph\">\u201cVe, porque yo estar\u00e9 contigo\u201d (<a href=\"https:\/\/biblia.com\/bible\/rvr60\/Ex3.12\">Ex 3:12<\/a>).<\/p>\n<\/blockquote>\n\n\n\n<p class=\"wp-block-paragraph\">Ahora Gede\u00f3n recibe pr\u00e1cticamente la misma garant\u00eda:<\/p>\n\n\n\n<blockquote class=\"wp-block-quote is-layout-flow wp-block-quote-is-layout-flow\">\n<p class=\"wp-block-paragraph\">\u201cyo estar\u00e9 contigo\u201d (<a href=\"https:\/\/biblia.com\/bible\/rvr60\/Jdg6.16\">Jue 6:16<\/a>).<\/p>\n<\/blockquote>\n\n\n\n<p class=\"wp-block-paragraph\">La correspondencia literaria vincula deliberadamente a Gede\u00f3n con Mois\u00e9s. Ambos se consideran insuficientes para su tarea; ambos reciben una comisi\u00f3n divina; ambos son asegurados de que la presencia de Yahv\u00e9<sup data-fn=\"acbe8880-59a6-488d-8714-bfbe9cc1f5b7\" class=\"fn\"><a href=\"#acbe8880-59a6-488d-8714-bfbe9cc1f5b7\" id=\"acbe8880-59a6-488d-8714-bfbe9cc1f5b7-link\">55<\/a><\/sup> compensar\u00e1 su debilidad.<\/p>\n\n\n\n<p class=\"wp-block-paragraph\">Y, notablemente, <strong>ambos encuentros est\u00e1n asociados con el \u00c1ngel de Yahv\u00e9<\/strong>.<\/p>\n\n\n\n<p class=\"wp-block-paragraph\">La ex\u00e9gesis jud\u00eda tradicional tambi\u00e9n percibi\u00f3 la conexi\u00f3n entre el llamamiento de Gede\u00f3n y las obras pasadas de Dios. <strong>Rashi<\/strong>, comentando el contexto del encuentro, interpreta las palabras y m\u00e9ritos asociados con Gede\u00f3n dentro del recuerdo de la liberaci\u00f3n de Israel y la fidelidad de los antepasados.<sup data-fn=\"bae36290-c5cd-45f8-a9f9-cd48cbe35809\" class=\"fn\"><a href=\"#bae36290-c5cd-45f8-a9f9-cd48cbe35809\" id=\"bae36290-c5cd-45f8-a9f9-cd48cbe35809-link\">56<\/a><\/sup> Su lectura se interesa particularmente por qu\u00e9 m\u00e9rito posee Gede\u00f3n para ser escogido, m\u00e1s que por desarrollar una teor\u00eda ontol\u00f3gica del \u00c1ngel.<\/p>\n\n\n\n<p class=\"wp-block-paragraph\">Este \u00e9nfasis resulta \u00fatil porque recuerda que el objetivo primario de Jueces 6 es <strong>comisionar al libertador<\/strong>, no proporcionar un tratado sobre la naturaleza de los seres celestiales. La pregunta acerca de la identidad del \u00c1ngel surge leg\u00edtimamente del lenguaje de la narraci\u00f3n, pero no debe eclipsar la funci\u00f3n hist\u00f3rica y teol\u00f3gica del episodio.<\/p>\n\n\n\n<h2 id=\"gedeon-pide-una-senal\" class=\"wp-block-heading\">Gede\u00f3n pide una se\u00f1al<\/h2>\n\n\n\n<p class=\"wp-block-paragraph\">Gede\u00f3n solicita entonces una confirmaci\u00f3n:<\/p>\n\n\n\n<blockquote class=\"wp-block-quote is-layout-flow wp-block-quote-is-layout-flow\">\n<p class=\"wp-block-paragraph\">\u201cYo te ruego que si he hallado gracia delante de ti, me des se\u00f1al de que t\u00fa has hablado conmigo\u201d (<a href=\"https:\/\/biblia.com\/bible\/rvr60\/Jdg6.17\">Jue 6:17<\/a>).<\/p>\n<\/blockquote>\n\n\n\n<p class=\"wp-block-paragraph\">La expresi\u00f3n \u201cque t\u00fa has hablado conmigo\u201d prepara el posterior descubrimiento de la identidad del interlocutor. Gede\u00f3n todav\u00eda no parece comprender plenamente la naturaleza de la aparici\u00f3n.<\/p>\n\n\n\n<p class=\"wp-block-paragraph\">Pide:<\/p>\n\n\n\n<blockquote class=\"wp-block-quote is-layout-flow wp-block-quote-is-layout-flow\">\n<p class=\"wp-block-paragraph\">\u201cTe ruego que no te vayas de aqu\u00ed hasta que vuelva a ti, y saque mi ofrenda y la ponga delante de ti\u201d (<a href=\"https:\/\/biblia.com\/bible\/rvr60\/Jdg6.18\">Jue 6:18<\/a>).<\/p>\n<\/blockquote>\n\n\n\n<p class=\"wp-block-paragraph\">La palabra traducida \u201cofrenda\u201d es:<\/p>\n\n\n\n<blockquote class=\"wp-block-quote is-layout-flow wp-block-quote-is-layout-flow\">\n<p class=\"wp-block-paragraph\">\u05de\u05b4\u05e0\u05b0\u05d7\u05b8\u05d4<br><em>min\u1e25\u0101h<\/em>.<\/p>\n<\/blockquote>\n\n\n\n<p class=\"wp-block-paragraph\">Este t\u00e9rmino puede designar un <strong>regalo<\/strong>, tributo u ofrenda cultual, dependiendo del contexto. Por ello, no conviene afirmar demasiado r\u00e1pidamente que Gede\u00f3n est\u00e1 ofreciendo sacrificio al \u00c1ngel desde el primer momento. La escena ir\u00e1 adquiriendo progresivamente car\u00e1cter sacrificial<sup data-fn=\"80722564-bcb4-4c61-9d0d-26021d64b915\" class=\"fn\"><a href=\"#80722564-bcb4-4c61-9d0d-26021d64b915\" id=\"80722564-bcb4-4c61-9d0d-26021d64b915-link\">57<\/a><\/sup>.<\/p>\n\n\n\n<p class=\"wp-block-paragraph\">El interlocutor responde:<\/p>\n\n\n\n<blockquote class=\"wp-block-quote is-layout-flow wp-block-quote-is-layout-flow\">\n<p class=\"wp-block-paragraph\">\u201cYo esperar\u00e9 hasta que vuelvas\u201d (<a href=\"https:\/\/biblia.com\/bible\/rvr60\/Jdg6.18\">Jue 6:18<\/a>).<\/p>\n<\/blockquote>\n\n\n\n<p class=\"wp-block-paragraph\">Gede\u00f3n prepara un cabrito y panes sin levadura, colocando la carne y el caldo seg\u00fan las instrucciones del relato (<a href=\"https:\/\/biblia.com\/bible\/rvr60\/Jdg6.19\">Jue 6:19<\/a>).<\/p>\n\n\n\n<p class=\"wp-block-paragraph\">Entonces reaparece expresamente la designaci\u00f3n:<\/p>\n\n\n\n<blockquote class=\"wp-block-quote is-layout-flow wp-block-quote-is-layout-flow\">\n<p class=\"wp-block-paragraph\">\u201cEntonces el \u00e1ngel de Dios le dijo: Toma la carne y los panes sin levadura, y ponlos sobre esta pe\u00f1a, y vierte el caldo\u201d (<a href=\"https:\/\/biblia.com\/bible\/rvr60\/Jdg6.20\">Jue 6:20<\/a>).<\/p>\n<\/blockquote>\n\n\n\n<p class=\"wp-block-paragraph\">Aqu\u00ed encontramos:<\/p>\n\n\n\n<blockquote class=\"wp-block-quote is-layout-flow wp-block-quote-is-layout-flow\">\n<p class=\"wp-block-paragraph\">\u05de\u05b7\u05dc\u05b0\u05d0\u05b7\u05da\u05b0 \u05d4\u05b8\u05d0\u05b1\u05dc\u05b9\u05d4\u05b4\u05d9\u05dd<br><em>mal\u02beakh h\u0101\u02be\u0115l\u014dh\u00eem<\/em><br>\u201c\u00c1ngel de Dios\u201d.<\/p>\n<\/blockquote>\n\n\n\n<p class=\"wp-block-paragraph\">La variaci\u00f3n entre \u201c\u00c1ngel de Yahv\u00e9\u201d y \u201c\u00c1ngel de Dios\u201d dentro del mismo episodio resulta interesante, pero no parece indicar un cambio de personaje.<\/p>\n\n\n\n<p class=\"wp-block-paragraph\">El \u00c1ngel toca entonces la comida con la punta de su b\u00e1culo:<\/p>\n\n\n\n<blockquote class=\"wp-block-quote is-layout-flow wp-block-quote-is-layout-flow\">\n<p class=\"wp-block-paragraph\">\u201cy subi\u00f3 fuego de la pe\u00f1a, el cual consumi\u00f3 la carne y los panes sin levadura\u201d (<a href=\"https:\/\/biblia.com\/bible\/rvr60\/Jdg6.21\">Jue 6:21<\/a>).<\/p>\n<\/blockquote>\n\n\n\n<p class=\"wp-block-paragraph\">Despu\u00e9s:<\/p>\n\n\n\n<blockquote class=\"wp-block-quote is-layout-flow wp-block-quote-is-layout-flow\">\n<p class=\"wp-block-paragraph\">\u201cel \u00e1ngel de Jehov\u00e1 desapareci\u00f3 de su vista\u201d (<a href=\"https:\/\/biblia.com\/bible\/rvr60\/Jdg6.21\">Jue 6:21<\/a>).<\/p>\n<\/blockquote>\n\n\n\n<p class=\"wp-block-paragraph\">La se\u00f1al mediante fuego posee un car\u00e1cter inequ\u00edvocamente teof\u00e1nico y cultual. En otros lugares del Antiguo Testamento, fuego procedente de Dios consume sacrificios para indicar aceptaci\u00f3n divina. V\u00e9anse, por ejemplo, <a href=\"https:\/\/biblia.com\/bible\/rvr60\/Le9.24\">Lev\u00edtico 9:24<\/a> y posteriormente <a href=\"https:\/\/biblia.com\/bible\/rvr60\/1Ki18.38\">1 Reyes 18:38<\/a>.<\/p>\n\n\n\n<p class=\"wp-block-paragraph\">El relato, por tanto, ha pasado de una posible hospitalidad a una escena que posee caracter\u00edsticas de <strong>ofrenda aceptada sobrenaturalmente<\/strong>.<\/p>\n\n\n\n<h2 id=\"he-visto-al-angel-de-yahve-cara-a-cara\" class=\"wp-block-heading\">\u201cHe visto al \u00c1ngel de Yahv\u00e9 cara a cara\u201d<\/h2>\n\n\n\n<p class=\"wp-block-paragraph\">Solamente despu\u00e9s de la desaparici\u00f3n del \u00c1ngel Gede\u00f3n comprende plenamente lo sucedido:<\/p>\n\n\n\n<blockquote class=\"wp-block-quote is-layout-flow wp-block-quote-is-layout-flow\">\n<p class=\"wp-block-paragraph\">\u201cViendo entonces Gede\u00f3n que era el \u00e1ngel de Jehov\u00e1, dijo: Ah, Se\u00f1or Jehov\u00e1, que he visto al \u00e1ngel de Jehov\u00e1 cara a cara\u201d (<a href=\"https:\/\/biblia.com\/bible\/rvr60\/Jdg6.22\">Jue 6:22<\/a>).<\/p>\n<\/blockquote>\n\n\n\n<p class=\"wp-block-paragraph\">El hebreo utiliza nuevamente la expresi\u00f3n:<\/p>\n\n\n\n<blockquote class=\"wp-block-quote is-layout-flow wp-block-quote-is-layout-flow\">\n<p class=\"wp-block-paragraph\">\u05e4\u05b8\u05bc\u05e0\u05b4\u05d9\u05dd \u05d0\u05b6\u05dc\u05be\u05e4\u05b8\u05bc\u05e0\u05b4\u05d9\u05dd<br><em>p\u0101n\u00eem \u02beel-p\u0101n\u00eem<\/em><br>\u201ccara a cara\u201d.<\/p>\n<\/blockquote>\n\n\n\n<p class=\"wp-block-paragraph\">La misma construcci\u00f3n hab\u00eda aparecido en la confesi\u00f3n de Jacob:<\/p>\n\n\n\n<blockquote class=\"wp-block-quote is-layout-flow wp-block-quote-is-layout-flow\">\n<p class=\"wp-block-paragraph\">\u201cVi a Dios cara a cara\u201d (<a href=\"https:\/\/biblia.com\/bible\/rvr60\/Ge32.30\">Gn 32:30<\/a>).<\/p>\n<\/blockquote>\n\n\n\n<p class=\"wp-block-paragraph\">Aqu\u00ed Gede\u00f3n dice que ha visto <strong>al \u00c1ngel de Yahv\u00e9 cara a cara<\/strong>.<\/p>\n\n\n\n<p class=\"wp-block-paragraph\">Su reacci\u00f3n demuestra que no considera el encuentro inocuo. La exclamaci\u00f3n:<\/p>\n\n\n\n<blockquote class=\"wp-block-quote is-layout-flow wp-block-quote-is-layout-flow\">\n<p class=\"wp-block-paragraph\">\u05d0\u05b2\u05d4\u05b8\u05d4\u05bc \u05d0\u05b2\u05d3\u05b9\u05e0\u05b8\u05d9 \u05d9\u05b0\u05d4\u05d5\u05b4\u05d4<br><em>\u02be\u0103h\u0101h \u02be\u0102d\u014dn\u0101y YHWH<\/em><br>\u201c\u00a1Ah, Se\u00f1or Yahv\u00e9!\u201d<\/p>\n<\/blockquote>\n\n\n\n<p class=\"wp-block-paragraph\">expresa alarma ante la posibilidad de morir.<\/p>\n\n\n\n<p class=\"wp-block-paragraph\">La raz\u00f3n de su temor aparece impl\u00edcitamente en otros textos del Antiguo Testamento: contemplar la presencia divina puede ser mortal. Yahv\u00e9 hab\u00eda dicho a Mois\u00e9s:<\/p>\n\n\n\n<blockquote class=\"wp-block-quote is-layout-flow wp-block-quote-is-layout-flow\">\n<p class=\"wp-block-paragraph\">\u201cno me ver\u00e1 hombre, y vivir\u00e1\u201d (<a href=\"https:\/\/biblia.com\/bible\/rvr60\/Ex33.20\">Ex 33:20<\/a>).<\/p>\n<\/blockquote>\n\n\n\n<p class=\"wp-block-paragraph\">Manoa reaccionar\u00e1 todav\u00eda m\u00e1s expl\u00edcitamente despu\u00e9s de encontrar al \u00c1ngel:<\/p>\n\n\n\n<blockquote class=\"wp-block-quote is-layout-flow wp-block-quote-is-layout-flow\">\n<p class=\"wp-block-paragraph\">\u201cCiertamente moriremos, porque a Dios hemos visto\u201d (<a href=\"https:\/\/biblia.com\/bible\/rvr60\/Jdg13.22\">Jue 13:22<\/a>).<\/p>\n<\/blockquote>\n\n\n\n<p class=\"wp-block-paragraph\">La reacci\u00f3n de Gede\u00f3n, por tanto, sit\u00faa la experiencia del \u00c1ngel dentro del campo de las <strong>teofan\u00edas peligrosas<\/strong>.<\/p>\n\n\n\n<h2 id=\"el-angel-desaparece-pero-yahve-continua-hablando\" class=\"wp-block-heading\">El \u00c1ngel desaparece, pero Yahv\u00e9 contin\u00faa hablando<\/h2>\n\n\n\n<p class=\"wp-block-paragraph\">Aqu\u00ed ocurre posiblemente el detalle narrativo m\u00e1s extraordinario de todo el pasaje.<\/p>\n\n\n\n<p class=\"wp-block-paragraph\"><a href=\"https:\/\/biblia.com\/bible\/rvr60\/Jdg6.21\">Jueces 6:21<\/a> afirma expl\u00edcitamente:<\/p>\n\n\n\n<blockquote class=\"wp-block-quote is-layout-flow wp-block-quote-is-layout-flow\">\n<p class=\"wp-block-paragraph\">\u201cel \u00e1ngel de Jehov\u00e1 desapareci\u00f3 de su vista\u201d.<\/p>\n<\/blockquote>\n\n\n\n<p class=\"wp-block-paragraph\">Sin embargo, despu\u00e9s de la exclamaci\u00f3n de Gede\u00f3n:<\/p>\n\n\n\n<blockquote class=\"wp-block-quote is-layout-flow wp-block-quote-is-layout-flow\">\n<p class=\"wp-block-paragraph\">\u201cPero Jehov\u00e1 le dijo: Paz a ti; no tengas temor, no morir\u00e1s\u201d (<a href=\"https:\/\/biblia.com\/bible\/rvr60\/Jdg6.23\">Jue 6:23<\/a>).<\/p>\n<\/blockquote>\n\n\n\n<p class=\"wp-block-paragraph\">El \u00c1ngel ha desaparecido.<\/p>\n\n\n\n<p class=\"wp-block-paragraph\">Pero <strong>Yahv\u00e9 contin\u00faa hablando<\/strong>.<\/p>\n\n\n\n<p class=\"wp-block-paragraph\">Esto puede interpretarse de varias maneras. Una posibilidad es que Yahv\u00e9 hable ahora desde el cielo, separado del \u00c1ngel que hab\u00eda desaparecido. Otra es que el relato haya utilizado al \u00c1ngel como manifestaci\u00f3n visible de una presencia divina que permanece aunque la forma visible ya no est\u00e9 presente.<\/p>\n\n\n\n<p class=\"wp-block-paragraph\">En cualquier caso, la secuencia resulta importante:<\/p>\n\n\n\n<p class=\"wp-block-paragraph\"><strong>\u00c1ngel aparece \u2192 Yahv\u00e9 habla dentro del di\u00e1logo \u2192 \u00c1ngel consume la ofrenda y desaparece \u2192 Yahv\u00e9 sigue hablando.<\/strong><\/p>\n\n\n\n<p class=\"wp-block-paragraph\">Esta estructura simult\u00e1neamente <strong>relaciona y distingue<\/strong> al \u00c1ngel de Yahv\u00e9.<\/p>\n\n\n\n<p class=\"wp-block-paragraph\">No existe una identificaci\u00f3n simplista.<\/p>\n\n\n\n<p class=\"wp-block-paragraph\">Tampoco existe una separaci\u00f3n absoluta.<\/p>\n\n\n\n<p class=\"wp-block-paragraph\">Precisamente esta complejidad explica la diversidad hist\u00f3rica de interpretaciones.<\/p>\n\n\n\n<p class=\"wp-block-paragraph\"><strong>Daniel I. Block<\/strong> considera que la reacci\u00f3n de Gede\u00f3n debe entenderse dentro de la teolog\u00eda de las apariciones divinas del Antiguo Testamento: el temor de muerte refleja que ha comprendido que su encuentro angelical lo ha colocado en contacto inmediato con la santidad divina.<sup data-fn=\"5221bf66-2593-49e4-803f-a8088e021b14\" class=\"fn\"><a href=\"#5221bf66-2593-49e4-803f-a8088e021b14\" id=\"5221bf66-2593-49e4-803f-a8088e021b14-link\">58<\/a><\/sup> La formulaci\u00f3n utilizada aqu\u00ed es una <strong>s\u00edntesis de su an\u00e1lisis<\/strong>, no una cita textual.<\/p>\n\n\n\n<p class=\"wp-block-paragraph\">Por su parte, <strong>Robert G. Boling<\/strong>, en su comentario de la serie Anchor Bible, presta especial atenci\u00f3n a las transiciones literarias entre el \u00c1ngel y Yahv\u00e9 y a los posibles estratos tradicionales detr\u00e1s del relato.<sup data-fn=\"1bd4221a-8d4f-46a4-a1b4-df9a642f2347\" class=\"fn\"><a href=\"#1bd4221a-8d4f-46a4-a1b4-df9a642f2347\" id=\"1bd4221a-8d4f-46a4-a1b4-df9a642f2347-link\">59<\/a><\/sup> Su aproximaci\u00f3n hist\u00f3rico-cr\u00edtica difiere de las lecturas teof\u00e1nicas tradicionales, pero reconoce precisamente el fen\u00f3meno que requiere explicaci\u00f3n: el texto final entrelaza las dos designaciones.<\/p>\n\n\n\n<h2 id=\"la-respuesta-de-yahve-no-moriras\" class=\"wp-block-heading\">La respuesta de Yahv\u00e9: \u201cNo morir\u00e1s\u201d<\/h2>\n\n\n\n<p class=\"wp-block-paragraph\">Yahv\u00e9 responde:<\/p>\n\n\n\n<blockquote class=\"wp-block-quote is-layout-flow wp-block-quote-is-layout-flow\">\n<p class=\"wp-block-paragraph\">\u201cPaz a ti; no tengas temor, no morir\u00e1s\u201d (<a href=\"https:\/\/biblia.com\/bible\/rvr60\/Jdg6.23\">Jue 6:23<\/a>).<\/p>\n<\/blockquote>\n\n\n\n<p class=\"wp-block-paragraph\">La expresi\u00f3n:<\/p>\n\n\n\n<blockquote class=\"wp-block-quote is-layout-flow wp-block-quote-is-layout-flow\">\n<p class=\"wp-block-paragraph\">\u05e9\u05b8\u05c1\u05dc\u05d5\u05b9\u05dd \u05dc\u05b0\u05da\u05b8<br><em>\u0161\u0101l\u00f4m lek\u0101<\/em><br>\u201cpaz a ti\u201d<\/p>\n<\/blockquote>\n\n\n\n<p class=\"wp-block-paragraph\">responde directamente al terror de Gede\u00f3n.<\/p>\n\n\n\n<p class=\"wp-block-paragraph\">Lo importante es que Yahv\u00e9 no corrige su percepci\u00f3n diciendo:<\/p>\n\n\n\n<blockquote class=\"wp-block-quote is-layout-flow wp-block-quote-is-layout-flow\">\n<p class=\"wp-block-paragraph\">\u201cNo tengas miedo; solo viste a un \u00e1ngel creado\u201d.<\/p>\n<\/blockquote>\n\n\n\n<p class=\"wp-block-paragraph\">En lugar de eso, responde al temor de muerte asegur\u00e1ndole:<\/p>\n\n\n\n<blockquote class=\"wp-block-quote is-layout-flow wp-block-quote-is-layout-flow\">\n<p class=\"wp-block-paragraph\"><strong>\u201cno morir\u00e1s\u201d.<\/strong><\/p>\n<\/blockquote>\n\n\n\n<p class=\"wp-block-paragraph\">Este silencio no demuestra necesariamente que el \u00c1ngel sea ontol\u00f3gicamente Yahv\u00e9. Sin embargo, s\u00ed muestra que el temor de Gede\u00f3n ante la sacralidad del encuentro es considerado leg\u00edtimo dentro del relato.<\/p>\n\n\n\n<p class=\"wp-block-paragraph\">La escena concluye:<\/p>\n\n\n\n<blockquote class=\"wp-block-quote is-layout-flow wp-block-quote-is-layout-flow\">\n<p class=\"wp-block-paragraph\">\u201cY edific\u00f3 all\u00ed Gede\u00f3n altar a Jehov\u00e1, y lo llam\u00f3 Jehov\u00e1-salom\u201d (<a href=\"https:\/\/biblia.com\/bible\/rvr60\/Jdg6.24\">Jue 6:24<\/a>).<\/p>\n<\/blockquote>\n\n\n\n<p class=\"wp-block-paragraph\">El altar no es construido \u201cal \u00c1ngel\u201d.<\/p>\n\n\n\n<p class=\"wp-block-paragraph\">Es construido:<\/p>\n\n\n\n<blockquote class=\"wp-block-quote is-layout-flow wp-block-quote-is-layout-flow\">\n<p class=\"wp-block-paragraph\">\u05dc\u05b7\u05d9\u05d4\u05d5\u05b8\u05d4<br><em>laYHWH<\/em><br>\u201ca Yahv\u00e9\u201d.<\/p>\n<\/blockquote>\n\n\n\n<p class=\"wp-block-paragraph\">Esto constituye otro elemento importante.<\/p>\n\n\n\n<p class=\"wp-block-paragraph\">El encuentro ha sido mediado por el \u00c1ngel, pero la adoraci\u00f3n y memorializaci\u00f3n final se dirigen a Yahv\u00e9.<\/p>\n\n\n\n<p class=\"wp-block-paragraph\">La expresi\u00f3n:<\/p>\n\n\n\n<blockquote class=\"wp-block-quote is-layout-flow wp-block-quote-is-layout-flow\">\n<p class=\"wp-block-paragraph\">\u05d9\u05b0\u05d4\u05d5\u05b8\u05d4 \u05e9\u05b8\u05c1\u05dc\u05d5\u05b9\u05dd<br><em>YHWH \u0161\u0101l\u00f4m<\/em><br>\u201cYahv\u00e9 es paz\u201d<\/p>\n<\/blockquote>\n\n\n\n<p class=\"wp-block-paragraph\">recuerda la palabra que Yahv\u00e9 acaba de pronunciar.<\/p>\n\n\n\n<p class=\"wp-block-paragraph\">El episodio termina as\u00ed no con una doctrina acerca del \u00c1ngel, sino con <strong>adoraci\u00f3n de Yahv\u00e9<\/strong>.<\/p>\n\n\n\n<h2 id=\"una-perspectiva-desde-la-exegesis-judia\" class=\"wp-block-heading\">Una perspectiva desde la ex\u00e9gesis jud\u00eda<\/h2>\n\n\n\n<p class=\"wp-block-paragraph\">La interpretaci\u00f3n jud\u00eda tradicional tiende a preservar precisamente esta direcci\u00f3n teol\u00f3gica. El \u00c1ngel act\u00faa como mensajero autorizado, pero el objeto final de culto permanece Yahv\u00e9.<\/p>\n\n\n\n<p class=\"wp-block-paragraph\"><strong>Rashi<\/strong>, al comentar diversos elementos de la escena, no desarrolla una identificaci\u00f3n entre el \u00c1ngel y una segunda figura divina. Su marco interpretativo presupone la distinci\u00f3n entre Dios y sus mensajeros, aun cuando estos puedan hablar y actuar con plena autoridad delegada.\u00b3<\/p>\n\n\n\n<p class=\"wp-block-paragraph\">Esta perspectiva permite explicar la alternancia \u201c\u00c1ngel\/Yahv\u00e9\u201d mediante el principio de representaci\u00f3n: cuando el \u00c1ngel habla, Yahv\u00e9 habla mediante \u00e9l; cuando el \u00c1ngel act\u00faa, Yahv\u00e9 est\u00e1 actuando mediante su enviado.<\/p>\n\n\n\n<p class=\"wp-block-paragraph\">Sin embargo, nuevamente debe observarse que el texto utiliza esta representaci\u00f3n con una intensidad muy superior a la encontrada en el profeta inmediatamente anterior. El profeta dice:<\/p>\n\n\n\n<blockquote class=\"wp-block-quote is-layout-flow wp-block-quote-is-layout-flow\">\n<p class=\"wp-block-paragraph\">\u201cAs\u00ed ha dicho Yahv\u00e9\u201d (<a href=\"https:\/\/biblia.com\/bible\/rvr60\/Jdg6.8\">Jue 6:8<\/a>).<\/p>\n<\/blockquote>\n\n\n\n<p class=\"wp-block-paragraph\">El \u00c1ngel, en cambio, participa en una escena donde el narrador simplemente cambia a:<\/p>\n\n\n\n<blockquote class=\"wp-block-quote is-layout-flow wp-block-quote-is-layout-flow\">\n<p class=\"wp-block-paragraph\">\u201cYahv\u00e9 le dijo\u201d (<a href=\"https:\/\/biblia.com\/bible\/rvr60\/Jdg6.14\">Jue 6:14<\/a>).<\/p>\n<\/blockquote>\n\n\n\n<p class=\"wp-block-paragraph\">Por tanto, incluso si la <strong>agencia<\/strong> constituye la explicaci\u00f3n correcta, no estamos ante una agencia narrativa ordinaria.<\/p>\n\n\n\n<p class=\"wp-block-paragraph\">El texto quiere que el lector experimente mediante el \u00c1ngel una <strong>proximidad excepcional de Yahv\u00e9<\/strong>.<\/p>\n\n\n\n<h2 id=\"comparacion-con-genesis-y-exodo\" class=\"wp-block-heading\">Comparaci\u00f3n con G\u00e9nesis y \u00c9xodo<\/h2>\n\n\n\n<p class=\"wp-block-paragraph\">El relato de Gede\u00f3n confirma que el fen\u00f3meno observado anteriormente no pertenece exclusivamente al Pentateuco.<\/p>\n\n\n\n<p class=\"wp-block-paragraph\">Con Agar:<\/p>\n\n\n\n<blockquote class=\"wp-block-quote is-layout-flow wp-block-quote-is-layout-flow\">\n<p class=\"wp-block-paragraph\">el \u00c1ngel habla y posteriormente el narrador identifica al interlocutor con Yahv\u00e9 (<a href=\"https:\/\/biblia.com\/bible\/rvr60\/Ge16.7-13\">Gn 16:7\u201313<\/a>).<\/p>\n<\/blockquote>\n\n\n\n<p class=\"wp-block-paragraph\">Con Abraham:<\/p>\n\n\n\n<blockquote class=\"wp-block-quote is-layout-flow wp-block-quote-is-layout-flow\">\n<p class=\"wp-block-paragraph\">el \u00c1ngel afirma \u201cno me rehusaste tu hijo\u201d (<a href=\"https:\/\/biblia.com\/bible\/rvr60\/Ge22.12\">Gn 22:12<\/a>).<\/p>\n<\/blockquote>\n\n\n\n<p class=\"wp-block-paragraph\">Con Jacob:<\/p>\n\n\n\n<blockquote class=\"wp-block-quote is-layout-flow wp-block-quote-is-layout-flow\">\n<p class=\"wp-block-paragraph\">el \u00c1ngel de Dios declara \u201cYo soy el Dios de Bet-el\u201d (<a href=\"https:\/\/biblia.com\/bible\/rvr60\/Ge31.13\">Gn 31:13<\/a>).<\/p>\n<\/blockquote>\n\n\n\n<p class=\"wp-block-paragraph\">Con Mois\u00e9s:<\/p>\n\n\n\n<blockquote class=\"wp-block-quote is-layout-flow wp-block-quote-is-layout-flow\">\n<p class=\"wp-block-paragraph\">el \u00c1ngel aparece en la zarza y Yahv\u00e9\/Elohim habla desde ella (<a href=\"https:\/\/biblia.com\/bible\/rvr60\/Ex3.2-6\">Ex 3:2\u20136<\/a>).<\/p>\n<\/blockquote>\n\n\n\n<p class=\"wp-block-paragraph\">En \u00c9xodo 23:<\/p>\n\n\n\n<blockquote class=\"wp-block-quote is-layout-flow wp-block-quote-is-layout-flow\">\n<p class=\"wp-block-paragraph\">Yahv\u00e9 afirma \u201cmi nombre est\u00e1 en \u00e9l\u201d (<a href=\"https:\/\/biblia.com\/bible\/rvr60\/Ex23.21\">Ex 23:21<\/a>).<\/p>\n<\/blockquote>\n\n\n\n<p class=\"wp-block-paragraph\">Y ahora, con Gede\u00f3n:<\/p>\n\n\n\n<blockquote class=\"wp-block-quote is-layout-flow wp-block-quote-is-layout-flow\">\n<p class=\"wp-block-paragraph\">el \u00c1ngel aparece, pero el narrador pasa directamente a \u201cYahv\u00e9\u201d (<a href=\"https:\/\/biblia.com\/bible\/rvr60\/Jdg6.11-16\">Jue 6:11\u201316<\/a>).<\/p>\n<\/blockquote>\n\n\n\n<p class=\"wp-block-paragraph\">La repetici\u00f3n a trav\u00e9s de diferentes corpus b\u00edblicos hace cada vez m\u00e1s dif\u00edcil tratar estos fen\u00f3menos como simples accidentes literarios aislados.<\/p>\n\n\n\n<p class=\"wp-block-paragraph\">Sin embargo, el relato contin\u00faa preservando distinci\u00f3n.<\/p>\n\n\n\n<p class=\"wp-block-paragraph\">El \u00c1ngel puede desaparecer mientras Yahv\u00e9 contin\u00faa comunic\u00e1ndose.<\/p>\n\n\n\n<p class=\"wp-block-paragraph\">Gede\u00f3n construye su altar a Yahv\u00e9, no al \u00c1ngel como entidad independiente.<\/p>\n\n\n\n<p class=\"wp-block-paragraph\">La categor\u00eda provisional sigue siendo, por tanto, la que venimos observando:<\/p>\n\n\n\n<blockquote class=\"wp-block-quote is-layout-flow wp-block-quote-is-layout-flow\">\n<p class=\"wp-block-paragraph\"><strong>distinci\u00f3n del mensajero respecto de Yahv\u00e9, acompa\u00f1ada por una extraordinaria participaci\u00f3n del mensajero en la presencia y autoridad de Yahv\u00e9.<\/strong><\/p>\n<\/blockquote>\n\n\n\n<h2 id=\"sintesis-exegetica-1\" class=\"wp-block-heading\">S\u00edntesis exeg\u00e9tica<\/h2>\n\n\n\n<p class=\"wp-block-paragraph\">Jueces 6 ofrece una de las demostraciones narrativas m\u00e1s claras de la complejidad del <em>mal\u02beakh YHWH<\/em>.<\/p>\n\n\n\n<p class=\"wp-block-paragraph\">Al principio, el \u00c1ngel habla de Yahv\u00e9 en tercera persona:<\/p>\n\n\n\n<blockquote class=\"wp-block-quote is-layout-flow wp-block-quote-is-layout-flow\">\n<p class=\"wp-block-paragraph\">\u201cYahv\u00e9 est\u00e1 contigo\u201d (<a href=\"https:\/\/biblia.com\/bible\/rvr60\/Jdg6.12\">Jue 6:12<\/a>).<\/p>\n<\/blockquote>\n\n\n\n<p class=\"wp-block-paragraph\">Dos vers\u00edculos despu\u00e9s:<\/p>\n\n\n\n<blockquote class=\"wp-block-quote is-layout-flow wp-block-quote-is-layout-flow\">\n<p class=\"wp-block-paragraph\">\u201cYahv\u00e9\u201d mismo se vuelve hacia Gede\u00f3n y habla (<a href=\"https:\/\/biblia.com\/bible\/rvr60\/Jdg6.14\">Jue 6:14<\/a>).<\/p>\n<\/blockquote>\n\n\n\n<p class=\"wp-block-paragraph\">La voz promete:<\/p>\n\n\n\n<blockquote class=\"wp-block-quote is-layout-flow wp-block-quote-is-layout-flow\">\n<p class=\"wp-block-paragraph\">\u201cyo estar\u00e9 contigo\u201d (<a href=\"https:\/\/biblia.com\/bible\/rvr60\/Jdg6.16\">Jue 6:16<\/a>),<\/p>\n<\/blockquote>\n\n\n\n<p class=\"wp-block-paragraph\">reproduciendo el lenguaje de la comisi\u00f3n mosaica.<\/p>\n\n\n\n<p class=\"wp-block-paragraph\">Posteriormente reaparece la designaci\u00f3n \u201c\u00c1ngel de Dios\u201d (<a href=\"https:\/\/biblia.com\/bible\/rvr60\/Jdg6.20\">Jue 6:20<\/a>).<\/p>\n\n\n\n<p class=\"wp-block-paragraph\">El \u00c1ngel produce fuego sobrenatural que consume la ofrenda y desaparece (<a href=\"https:\/\/biblia.com\/bible\/rvr60\/Jdg6.21\">Jue 6:21<\/a>).<\/p>\n\n\n\n<p class=\"wp-block-paragraph\">Gede\u00f3n comprende entonces que ha contemplado al \u00c1ngel \u201ccara a cara\u201d y teme morir (<a href=\"https:\/\/biblia.com\/bible\/rvr60\/Jdg6.22\">Jue 6:22<\/a>).<\/p>\n\n\n\n<p class=\"wp-block-paragraph\">Y Yahv\u00e9 responde:<\/p>\n\n\n\n<blockquote class=\"wp-block-quote is-layout-flow wp-block-quote-is-layout-flow\">\n<p class=\"wp-block-paragraph\">\u201cNo temas; no morir\u00e1s\u201d (<a href=\"https:\/\/biblia.com\/bible\/rvr60\/Jdg6.23\">Jue 6:23<\/a>).<\/p>\n<\/blockquote>\n\n\n\n<p class=\"wp-block-paragraph\">El relato mantiene, por tanto, la misma tensi\u00f3n que hemos observado reiteradamente: <strong>el \u00c1ngel puede ser distinguido de Yahv\u00e9 y, sin embargo, la experiencia de encontrarse con \u00e9l constituye una experiencia de la presencia divina misma<\/strong>.<\/p>\n\n\n\n<p class=\"wp-block-paragraph\">Pero el episodio siguiente ser\u00e1 todav\u00eda m\u00e1s expl\u00edcito.<\/p>\n\n\n\n<p class=\"wp-block-paragraph\">En <a href=\"https:\/\/biblia.com\/bible\/rvr60\/Jdg13\">Jueces 13<\/a>, el \u00c1ngel de Yahv\u00e9 aparecer\u00e1 a los padres de Sans\u00f3n. Manoa preguntar\u00e1 por su nombre; el \u00c1ngel responder\u00e1 que su nombre es <strong>\u201cadmirable\u201d<\/strong>; rechazar\u00e1 que la comida le sea ofrecida a \u00e9l y ordenar\u00e1 que el holocausto sea ofrecido a Yahv\u00e9; ascender\u00e1 dentro de la llama del altar; y Manoa concluir\u00e1:<\/p>\n\n\n\n<blockquote class=\"wp-block-quote is-layout-flow wp-block-quote-is-layout-flow\">\n<p class=\"wp-block-paragraph\">\u201cCiertamente moriremos, porque a Dios hemos visto\u201d (<a href=\"https:\/\/biblia.com\/bible\/rvr60\/Jdg13.22\">Jue 13:22<\/a>).<\/p>\n<\/blockquote>\n\n\n\n<p class=\"wp-block-paragraph\">Este relato ser\u00e1 especialmente importante porque re\u00fane en una sola escena <strong>distinci\u00f3n cultual, misterio del nombre, aceptaci\u00f3n indirecta de sacrificio, ascenso sobrenatural y reconocimiento de una experiencia divina<\/strong>.<\/p>\n\n\n\n<h1 id=\"manoa-su-esposa-y-el-angel-de-yahve-jueces-13-2-23\" class=\"wp-block-heading\">Manoa, su esposa y el \u00c1ngel de Yahv\u00e9: Jueces 13:2\u201323<\/h1>\n\n\n\n<p class=\"wp-block-paragraph\">El relato del anuncio del nacimiento de Sans\u00f3n en <a href=\"https:\/\/biblia.com\/bible\/rvr60\/Jdg13.2-23\">Jueces 13:2\u201323<\/a> constituye uno de los textos m\u00e1s ricos y complejos para el estudio del <em>mal\u02beakh YHWH<\/em>. Si en Jueces 6 hab\u00edamos observado una alternancia narrativa entre \u201c\u00c1ngel de Yahv\u00e9\u201d y \u201cYahv\u00e9\u201d, aqu\u00ed encontramos una estructura diferente pero igualmente significativa. El \u00c1ngel aparece repetidas veces distinguido de Yahv\u00e9, ordena expresamente que el sacrificio sea ofrecido a Yahv\u00e9 y no a \u00e9l, pero al mismo tiempo su identidad permanece misteriosa, su nombre es caracterizado mediante el t\u00e9rmino \u05e4\u05b6\u05bc\u05dc\u05b4\u05d0\u05d9 (<em>pel\u00ee\u02be<\/em>), \u201cmaravilloso\/incomprensible\u201d, asciende en la llama del altar y provoca en Manoa la certeza de que \u00e9l y su esposa han <strong>\u201cvisto a Dios\u201d<\/strong>.<\/p>\n\n\n\n<figure class=\"wp-block-image alignright size-full is-resized\"><a href=\"https:\/\/i0.wp.com\/atravesdelasescrituras.com\/wp-content\/uploads\/2026\/08\/imagen-5.png?ssl=1\"><img data-recalc-dims=\"1\" loading=\"lazy\" decoding=\"async\" width=\"334\" height=\"500\" data-attachment-id=\"57375\" data-permalink=\"https:\/\/atravesdelasescrituras.com\/es_es\/2026\/08\/10\/el-angel-del-senor-mensajero-divino-teofania-o-cristo-preencarnado\/imagen-187\/\" data-orig-file=\"https:\/\/atravesdelasescrituras.com\/wp-content\/uploads\/2026\/08\/imagen-5.png\" data-orig-size=\"334,500\" data-comments-opened=\"1\" data-image-meta=\"{&quot;aperture&quot;:&quot;0&quot;,&quot;credit&quot;:&quot;&quot;,&quot;camera&quot;:&quot;&quot;,&quot;caption&quot;:&quot;&quot;,&quot;created_timestamp&quot;:&quot;0&quot;,&quot;copyright&quot;:&quot;&quot;,&quot;focal_length&quot;:&quot;0&quot;,&quot;iso&quot;:&quot;0&quot;,&quot;shutter_speed&quot;:&quot;0&quot;,&quot;title&quot;:&quot;&quot;,&quot;orientation&quot;:&quot;0&quot;,&quot;alt&quot;:&quot;&quot;}\" data-image-title=\"imagen\" data-image-description=\"\" data-image-caption=\"\" data-large-file=\"https:\/\/atravesdelasescrituras.com\/wp-content\/uploads\/2026\/08\/imagen-5.png\" src=\"https:\/\/i0.wp.com\/atravesdelasescrituras.com\/wp-content\/uploads\/2026\/08\/imagen-5.png?resize=334%2C500&#038;ssl=1\" alt=\"\" class=\"wp-image-57375\" style=\"width:270px;height:auto\" srcset=\"https:\/\/i0.wp.com\/atravesdelasescrituras.com\/wp-content\/uploads\/2026\/08\/imagen-5.png?w=334&amp;ssl=1 334w, https:\/\/i0.wp.com\/atravesdelasescrituras.com\/wp-content\/uploads\/2026\/08\/imagen-5.png?resize=200%2C300&amp;ssl=1 200w\" sizes=\"(max-width: 334px) 100vw, 334px\" \/><\/a><\/figure>\n\n\n\n<p class=\"wp-block-paragraph\">Precisamente por ello, Jueces 13 es indispensable para mantener el equilibrio exeg\u00e9tico que ha venido emergiendo a lo largo del estudio. El texto no permite borrar la distinci\u00f3n entre Yahv\u00e9 y su \u00c1ngel; de hecho, en determinados momentos la enfatiza. Pero tampoco presenta al \u00c1ngel como un mensajero celestial ordinario. Su aparici\u00f3n pertenece al \u00e1mbito de la teofan\u00eda y produce en quienes lo contemplan una reacci\u00f3n asociada directamente con el encuentro con Dios.<\/p>\n\n\n\n<p class=\"wp-block-paragraph\">El contexto hist\u00f3rico es nuevamente el ciclo de apostas\u00eda y opresi\u00f3n caracter\u00edstico de Jueces:<\/p>\n\n\n\n<blockquote class=\"wp-block-quote is-layout-flow wp-block-quote-is-layout-flow\">\n<p class=\"wp-block-paragraph\">\u201cLos hijos de Israel volvieron a hacer lo malo ante los ojos de Jehov\u00e1; y Jehov\u00e1 los entreg\u00f3 en mano de los filisteos por cuarenta a\u00f1os\u201d (<a href=\"https:\/\/biblia.com\/bible\/rvr60\/Jdg13.1\">Jue 13:1<\/a>).<\/p>\n<\/blockquote>\n\n\n\n<p class=\"wp-block-paragraph\">La liberaci\u00f3n comienza, sin embargo, de una manera distinta de otros ciclos. El texto no registra inicialmente un clamor de Israel. En lugar de responder a una petici\u00f3n humana, Yahv\u00e9 toma soberanamente la iniciativa preparando el nacimiento de Sans\u00f3n.<\/p>\n\n\n\n<p class=\"wp-block-paragraph\">El destinatario inicial de la revelaci\u00f3n tampoco es Manoa, sino su esposa, cuyo nombre nunca es proporcionado:<\/p>\n\n\n\n<blockquote class=\"wp-block-quote is-layout-flow wp-block-quote-is-layout-flow\">\n<p class=\"wp-block-paragraph\">\u201cY hab\u00eda un hombre de Zora, de la tribu de Dan, el cual se llamaba Manoa; y su mujer era est\u00e9ril, y nunca hab\u00eda tenido hijos\u201d (<a href=\"https:\/\/biblia.com\/bible\/rvr60\/Jdg13.2\">Jue 13:2<\/a>).<\/p>\n<\/blockquote>\n\n\n\n<p class=\"wp-block-paragraph\">La esterilidad coloca el episodio dentro de un conocido patr\u00f3n b\u00edblico de nacimiento extraordinario. Sara (<a href=\"https:\/\/biblia.com\/bible\/rvr60\/Ge11.30\">Gn 11:30<\/a>), Rebeca (<a href=\"https:\/\/biblia.com\/bible\/rvr60\/Ge25.21\">Gn 25:21<\/a>), Raquel (<a href=\"https:\/\/biblia.com\/bible\/rvr60\/Ge30.1-2\">Gn 30:1\u20132<\/a>) y posteriormente Ana (<a href=\"https:\/\/biblia.com\/bible\/rvr60\/1Sa1.2\">1 S 1:2<\/a>) participan de una estructura semejante: la incapacidad humana prepara una intervenci\u00f3n divina mediante la cual el nacimiento del futuro hijo aparece claramente como don de Dios.<\/p>\n\n\n\n<p class=\"wp-block-paragraph\">En ese contexto:<\/p>\n\n\n\n<blockquote class=\"wp-block-quote is-layout-flow wp-block-quote-is-layout-flow\">\n<p class=\"wp-block-paragraph\">\u201cA esta mujer apareci\u00f3 el \u00e1ngel de Jehov\u00e1, y le dijo: He aqu\u00ed que t\u00fa eres est\u00e9ril, y nunca has tenido hijos; pero concebir\u00e1s y dar\u00e1s a luz un hijo\u201d (<a href=\"https:\/\/biblia.com\/bible\/rvr60\/Jdg13.3\">Jue 13:3<\/a>).<\/p>\n<\/blockquote>\n\n\n\n<p class=\"wp-block-paragraph\">La designaci\u00f3n es nuevamente:<\/p>\n\n\n\n<blockquote class=\"wp-block-quote is-layout-flow wp-block-quote-is-layout-flow\">\n<p class=\"wp-block-paragraph\">\u05de\u05b7\u05dc\u05b0\u05d0\u05b7\u05da\u05b0 \u05d9\u05b0\u05d4\u05d5\u05b8\u05d4<br><em>mal\u02beakh YHWH<\/em><br>\u201c\u00c1ngel de Yahv\u00e9\u201d.<\/p>\n<\/blockquote>\n\n\n\n<p class=\"wp-block-paragraph\">A diferencia de Jueces 6, donde la aparici\u00f3n conduce r\u00e1pidamente a una alternancia expl\u00edcita entre el \u00c1ngel y Yahv\u00e9, Jueces 13 mantiene durante gran parte del episodio la designaci\u00f3n angelical. Eso hace todav\u00eda m\u00e1s interesante la conclusi\u00f3n de Manoa.<\/p>\n\n\n\n<h2 id=\"el-angel-como-anunciador-de-un-nacimiento-extraordinario\" class=\"wp-block-heading\">El \u00c1ngel como anunciador de un nacimiento extraordinario<\/h2>\n\n\n\n<p class=\"wp-block-paragraph\">El mensaje comienza con una promesa:<\/p>\n\n\n\n<blockquote class=\"wp-block-quote is-layout-flow wp-block-quote-is-layout-flow\">\n<p class=\"wp-block-paragraph\">\u201cconcebir\u00e1s y dar\u00e1s a luz un hijo\u201d (<a href=\"https:\/\/biblia.com\/bible\/rvr60\/Jdg13.3\">Jue 13:3<\/a>).<\/p>\n<\/blockquote>\n\n\n\n<p class=\"wp-block-paragraph\">La mujer debe abstenerse de vino, sidra y alimentos impuros porque el ni\u00f1o ser\u00e1:<\/p>\n\n\n\n<blockquote class=\"wp-block-quote is-layout-flow wp-block-quote-is-layout-flow\">\n<p class=\"wp-block-paragraph\">\u201cnazareo a Dios desde su nacimiento\u201d (<a href=\"https:\/\/biblia.com\/bible\/rvr60\/Jdg13.5\">Jue 13:5<\/a>).<\/p>\n<\/blockquote>\n\n\n\n<p class=\"wp-block-paragraph\">Y el \u00c1ngel a\u00f1ade:<\/p>\n\n\n\n<blockquote class=\"wp-block-quote is-layout-flow wp-block-quote-is-layout-flow\">\n<p class=\"wp-block-paragraph\">\u201c\u00e9l comenzar\u00e1 a salvar a Israel de mano de los filisteos\u201d (<a href=\"https:\/\/biblia.com\/bible\/rvr60\/Jdg13.5\">Jue 13:5<\/a>).<\/p>\n<\/blockquote>\n\n\n\n<p class=\"wp-block-paragraph\">La formulaci\u00f3n \u201ccomenzar\u00e1 a salvar\u201d resulta teol\u00f3gicamente importante. Sans\u00f3n no completar\u00e1 la liberaci\u00f3n filistea; su vida inaugura un proceso que continuar\u00e1 posteriormente. Incluso su extraordinaria concepci\u00f3n no lo convierte en salvador definitivo.<\/p>\n\n\n\n<p class=\"wp-block-paragraph\">La estructura del anuncio ha sido comparada frecuentemente con otras narraciones b\u00edblicas de anunciaci\u00f3n. <strong>Daniel I. Block<\/strong> observa que el relato enfatiza desde el comienzo la iniciativa divina y el car\u00e1cter consagrado del hijo antes incluso de su concepci\u00f3n.<sup data-fn=\"67aeb94b-bf25-4d7c-a63a-183c972030d4\" class=\"fn\"><a href=\"#67aeb94b-bf25-4d7c-a63a-183c972030d4\" id=\"67aeb94b-bf25-4d7c-a63a-183c972030d4-link\">60<\/a><\/sup> La misi\u00f3n de Sans\u00f3n no nace de su propia elecci\u00f3n; precede a su existencia consciente.<\/p>\n\n\n\n<p class=\"wp-block-paragraph\">Pero para nuestro estudio resulta igualmente importante observar c\u00f3mo la mujer describe posteriormente al visitante.<\/p>\n\n\n\n<h2 id=\"un-varon-de-dios-vino-a-mi\" class=\"wp-block-heading\">\u201cUn var\u00f3n de Dios vino a m\u00ed\u201d<\/h2>\n\n\n\n<p class=\"wp-block-paragraph\">La esposa de Manoa relata:<\/p>\n\n\n\n<blockquote class=\"wp-block-quote is-layout-flow wp-block-quote-is-layout-flow\">\n<p class=\"wp-block-paragraph\">\u201cUn var\u00f3n de Dios vino a m\u00ed, cuyo aspecto era como el aspecto de un \u00e1ngel de Dios, temible en gran manera\u201d (<a href=\"https:\/\/biblia.com\/bible\/rvr60\/Jdg13.6\">Jue 13:6<\/a>).<\/p>\n<\/blockquote>\n\n\n\n<p class=\"wp-block-paragraph\">Aqu\u00ed encontramos varias denominaciones superpuestas.<\/p>\n\n\n\n<p class=\"wp-block-paragraph\">Primero:<\/p>\n\n\n\n<blockquote class=\"wp-block-quote is-layout-flow wp-block-quote-is-layout-flow\">\n<p class=\"wp-block-paragraph\">\u05d0\u05b4\u05d9\u05e9\u05c1 \u05d4\u05b8\u05d0\u05b1\u05dc\u05b9\u05d4\u05b4\u05d9\u05dd<br><em>\u02be\u00ee\u0161 h\u0101\u02be\u0115l\u014dh\u00eem<\/em><br>\u201cvar\u00f3n de Dios\u201d.<\/p>\n<\/blockquote>\n\n\n\n<p class=\"wp-block-paragraph\">Despu\u00e9s:<\/p>\n\n\n\n<blockquote class=\"wp-block-quote is-layout-flow wp-block-quote-is-layout-flow\">\n<p class=\"wp-block-paragraph\">\u05db\u05b0\u05bc\u05de\u05b7\u05e8\u05b0\u05d0\u05b5\u05d4 \u05de\u05b7\u05dc\u05b0\u05d0\u05b7\u05da\u05b0 \u05d4\u05b8\u05d0\u05b1\u05dc\u05b9\u05d4\u05b4\u05d9\u05dd<br><em>kemar\u02be\u0113h mal\u02beakh h\u0101\u02be\u0115l\u014dh\u00eem<\/em><br>\u201ccomo la apariencia de un \u00c1ngel de Dios\u201d.<\/p>\n<\/blockquote>\n\n\n\n<p class=\"wp-block-paragraph\">Y finalmente:<\/p>\n\n\n\n<blockquote class=\"wp-block-quote is-layout-flow wp-block-quote-is-layout-flow\">\n<p class=\"wp-block-paragraph\">\u05e0\u05d5\u05b9\u05e8\u05b8\u05d0 \u05de\u05b0\u05d0\u05b9\u05d3<br><em>n\u00f4r\u0101\u02be me\u02be\u014dd<\/em><br>\u201cmuy temible \/ impresionante\u201d.<\/p>\n<\/blockquote>\n\n\n\n<p class=\"wp-block-paragraph\">La mujer no parece comprender todav\u00eda plenamente qui\u00e9n es el visitante. Lo describe mediante categor\u00edas disponibles: parece un \u201cvar\u00f3n de Dios\u201d, pero su apariencia posee una cualidad angelical y aterradora.<\/p>\n\n\n\n<p class=\"wp-block-paragraph\">Esto recuerda el relato de Jacob, donde el adversario comienza siendo llamado <em>\u02be\u00ee\u0161<\/em>, \u201cvar\u00f3n\u201d (<a href=\"https:\/\/biblia.com\/bible\/rvr60\/Ge32.24\">Gn 32:24<\/a>), antes de que la narraci\u00f3n revele su dimensi\u00f3n sobrenatural.<sup data-fn=\"f4512b61-c524-4bd5-a0c2-36c45d017f8e\" class=\"fn\"><a href=\"#f4512b61-c524-4bd5-a0c2-36c45d017f8e\" id=\"f4512b61-c524-4bd5-a0c2-36c45d017f8e-link\">61<\/a><\/sup><\/p>\n\n\n\n<p class=\"wp-block-paragraph\">La mujer a\u00f1ade:<\/p>\n\n\n\n<blockquote class=\"wp-block-quote is-layout-flow wp-block-quote-is-layout-flow\">\n<p class=\"wp-block-paragraph\">\u201cY no le pregunt\u00e9 de d\u00f3nde era, ni tampoco \u00e9l me dijo su nombre\u201d (<a href=\"https:\/\/biblia.com\/bible\/rvr60\/Jdg13.6\">Jue 13:6<\/a>).<\/p>\n<\/blockquote>\n\n\n\n<p class=\"wp-block-paragraph\">El detalle del <strong>nombre desconocido<\/strong> prepara uno de los momentos centrales del episodio.<\/p>\n\n\n\n<p class=\"wp-block-paragraph\">Esta diferencia entre <strong>lo que sabe el lector<\/strong> y <strong>lo que comprenden los personajes<\/strong> es fundamental para la estrategia narrativa.<\/p>\n\n\n\n<h2 id=\"la-oracion-de-manoa-y-la-segunda-aparicion\" class=\"wp-block-heading\">La oraci\u00f3n de Manoa y la segunda aparici\u00f3n<\/h2>\n\n\n\n<p class=\"wp-block-paragraph\">Manoa pide entonces:<\/p>\n\n\n\n<blockquote class=\"wp-block-quote is-layout-flow wp-block-quote-is-layout-flow\">\n<p class=\"wp-block-paragraph\">\u201cAh, Se\u00f1or m\u00edo, yo te ruego que aquel var\u00f3n de Dios que enviaste vuelva ahora a venir a nosotros, y nos ense\u00f1e lo que hayamos de hacer con el ni\u00f1o que ha de nacer\u201d (<a href=\"https:\/\/biblia.com\/bible\/rvr60\/Jdg13.8\">Jue 13:8<\/a>).<\/p>\n<\/blockquote>\n\n\n\n<p class=\"wp-block-paragraph\">La oraci\u00f3n se dirige claramente a <strong>Dios<\/strong>, no al \u00c1ngel.<\/p>\n\n\n\n<p class=\"wp-block-paragraph\">El siguiente vers\u00edculo declara:<\/p>\n\n\n\n<blockquote class=\"wp-block-quote is-layout-flow wp-block-quote-is-layout-flow\">\n<p class=\"wp-block-paragraph\">\u201cY Dios oy\u00f3 la voz de Manoa; y el \u00e1ngel de Dios volvi\u00f3 otra vez a la mujer\u201d (<a href=\"https:\/\/biblia.com\/bible\/rvr60\/Jdg13.9\">Jue 13:9<\/a>).<\/p>\n<\/blockquote>\n\n\n\n<p class=\"wp-block-paragraph\">Aqu\u00ed la distinci\u00f3n es expl\u00edcita:<\/p>\n\n\n\n<p class=\"wp-block-paragraph\"><strong>Dios escucha \u2192 el \u00c1ngel vuelve.<\/strong><\/p>\n\n\n\n<p class=\"wp-block-paragraph\">Esto constituye un dato importante contra cualquier identificaci\u00f3n demasiado simplista.<\/p>\n\n\n\n<p class=\"wp-block-paragraph\">El texto no trata constantemente a Dios y al \u00c1ngel como t\u00e9rminos intercambiables. Dios puede actuar como quien escucha la oraci\u00f3n mientras el \u00c1ngel funciona como enviado que responde a esa petici\u00f3n.<\/p>\n\n\n\n<p class=\"wp-block-paragraph\">Sin embargo, la relaci\u00f3n permanece estrecha. El \u00c1ngel cumple exactamente la respuesta divina.<\/p>\n\n\n\n<p class=\"wp-block-paragraph\">Este patr\u00f3n encaja bien con la interpretaci\u00f3n jud\u00eda de <strong>agencia<\/strong>: Dios escucha y env\u00eda a su mensajero para ejecutar su voluntad. Pero el desarrollo del relato mostrar\u00e1 nuevamente que la figura excede el comportamiento habitual de un emisario.<\/p>\n\n\n\n<h2 id=\"eres-tu-aquel-varon\" class=\"wp-block-heading\">\u201c\u00bfEres t\u00fa aquel var\u00f3n?\u201d<\/h2>\n\n\n\n<p class=\"wp-block-paragraph\">Manoa llega y pregunta:<\/p>\n\n\n\n<blockquote class=\"wp-block-quote is-layout-flow wp-block-quote-is-layout-flow\">\n<p class=\"wp-block-paragraph\">\u201c\u00bfEres t\u00fa aquel var\u00f3n que habl\u00f3 a la mujer? Y \u00e9l dijo: Yo soy\u201d (<a href=\"https:\/\/biblia.com\/bible\/rvr60\/Jdg13.11\">Jue 13:11<\/a>).<\/p>\n<\/blockquote>\n\n\n\n<p class=\"wp-block-paragraph\">La respuesta hebrea es simplemente:<\/p>\n\n\n\n<blockquote class=\"wp-block-quote is-layout-flow wp-block-quote-is-layout-flow\">\n<p class=\"wp-block-paragraph\">\u05d0\u05b8\u05e0\u05b4\u05d9<br><em>\u02be\u0101n\u00ee<\/em><br>\u201cyo [soy]\u201d.<\/p>\n<\/blockquote>\n\n\n\n<p class=\"wp-block-paragraph\">No debe atribuirse a esta frase un significado teol\u00f3gico semejante al <em>\u02beEhyeh<\/em> de <a href=\"https:\/\/biblia.com\/bible\/rvr60\/Ex3.14\">\u00c9xodo 3:14<\/a>. Es una respuesta ordinaria afirmativa: \u201cs\u00ed, soy yo\u201d.<\/p>\n\n\n\n<p class=\"wp-block-paragraph\">Este punto es metodol\u00f3gicamente importante porque muestra la necesidad de evitar asociaciones superficiales basadas \u00fanicamente en traducciones castellanas.<\/p>\n\n\n\n<p class=\"wp-block-paragraph\">Manoa pregunta entonces:<\/p>\n\n\n\n<blockquote class=\"wp-block-quote is-layout-flow wp-block-quote-is-layout-flow\">\n<p class=\"wp-block-paragraph\">\u201cCuando tus palabras se cumplan, \u00bfc\u00f3mo debe ser la manera de vivir del ni\u00f1o, y qu\u00e9 debemos hacer con \u00e9l?\u201d (<a href=\"https:\/\/biblia.com\/bible\/rvr60\/Jdg13.12\">Jue 13:12<\/a>).<\/p>\n<\/blockquote>\n\n\n\n<p class=\"wp-block-paragraph\">El \u00c1ngel responde repitiendo esencialmente las instrucciones proporcionadas anteriormente a la mujer (<a href=\"https:\/\/biblia.com\/bible\/rvr60\/Jdg13.13-14\">Jue 13:13\u201314<\/a>).<\/p>\n\n\n\n<p class=\"wp-block-paragraph\">El hecho de que no ampl\u00ede sustancialmente la revelaci\u00f3n resulta interesante. Manoa parece querer mayor control sobre el futuro del ni\u00f1o, pero el \u00c1ngel simplemente reafirma la obediencia requerida a la madre.<\/p>\n\n\n\n<h2 id=\"puede-recibir-alimento-el-angel\" class=\"wp-block-heading\">\u00bfPuede recibir alimento el \u00c1ngel?<\/h2>\n\n\n\n<p class=\"wp-block-paragraph\">Manoa propone:<\/p>\n\n\n\n<blockquote class=\"wp-block-quote is-layout-flow wp-block-quote-is-layout-flow\">\n<p class=\"wp-block-paragraph\">\u201cTe ruego nos permitas detenerte, y te prepararemos un cabrito\u201d (<a href=\"https:\/\/biblia.com\/bible\/rvr60\/Jdg13.15\">Jue 13:15<\/a>).<\/p>\n<\/blockquote>\n\n\n\n<p class=\"wp-block-paragraph\">El \u00c1ngel responde:<\/p>\n\n\n\n<blockquote class=\"wp-block-quote is-layout-flow wp-block-quote-is-layout-flow\">\n<p class=\"wp-block-paragraph\">\u201cAunque me detengas, no comer\u00e9 de tu pan; mas si quieres hacer holocausto, ofr\u00e9celo a Jehov\u00e1\u201d (<a href=\"https:\/\/biblia.com\/bible\/rvr60\/Jdg13.16\">Jue 13:16<\/a>).<\/p>\n<\/blockquote>\n\n\n\n<p class=\"wp-block-paragraph\">Este vers\u00edculo es uno de los textos m\u00e1s importantes para mantener la <strong>distinci\u00f3n cultual<\/strong> entre el \u00c1ngel y Yahv\u00e9.<\/p>\n\n\n\n<p class=\"wp-block-paragraph\">El \u00c1ngel no acepta el alimento como banquete y, cuando surge la posibilidad de un holocausto, dirige expresamente el sacrificio:<\/p>\n\n\n\n<blockquote class=\"wp-block-quote is-layout-flow wp-block-quote-is-layout-flow\">\n<p class=\"wp-block-paragraph\">\u05dc\u05b7\u05d9\u05d4\u05d5\u05b8\u05d4<br><em>laYHWH<\/em><br>\u201ca Yahv\u00e9\u201d.<\/p>\n<\/blockquote>\n\n\n\n<p class=\"wp-block-paragraph\">Esto parece contrastar con interpretaciones demasiado r\u00e1pidas seg\u00fan las cuales el \u00c1ngel simplemente recibe adoraci\u00f3n como Yahv\u00e9.<\/p>\n\n\n\n<p class=\"wp-block-paragraph\">El texto dice exactamente lo contrario en este punto:<\/p>\n\n\n\n<blockquote class=\"wp-block-quote is-layout-flow wp-block-quote-is-layout-flow\">\n<p class=\"wp-block-paragraph\"><strong>\u201csi quieres hacer holocausto, ofr\u00e9celo a Yahv\u00e9.\u201d<\/strong><\/p>\n<\/blockquote>\n\n\n\n<p class=\"wp-block-paragraph\">La ex\u00e9gesis jud\u00eda ha utilizado naturalmente este elemento para mantener una clara separaci\u00f3n entre el mensajero y Dios. El \u00c1ngel no se presenta como destinatario independiente del culto; dirige la ofrenda hacia Yahv\u00e9. <sup data-fn=\"c5015ec4-51cd-4284-a58b-ea66d928e719\" class=\"fn\"><a href=\"#c5015ec4-51cd-4284-a58b-ea66d928e719\" id=\"c5015ec4-51cd-4284-a58b-ea66d928e719-link\">62<\/a><\/sup><\/p>\n\n\n\n<p class=\"wp-block-paragraph\">Esta observaci\u00f3n debe incorporarse seriamente a cualquier argumento cristol\u00f3gico posterior. Una identificaci\u00f3n teof\u00e1nica del \u00c1ngel no puede construirse ignorando aquellos textos donde el propio mensajero distingue expl\u00edcitamente entre s\u00ed mismo y Yahv\u00e9.<\/p>\n\n\n\n<p class=\"wp-block-paragraph\">Al mismo tiempo, tampoco conviene detener el an\u00e1lisis aqu\u00ed, porque el episodio todav\u00eda no ha alcanzado su cl\u00edmax.<\/p>\n\n\n\n<p class=\"wp-block-paragraph\"><strong>Daniel I. Block<\/strong> subraya que el relato preserva cuidadosamente la distinci\u00f3n entre el mensajero y Yahv\u00e9 en el contexto de la ofrenda.<sup data-fn=\"1b7bc0a7-c960-4ecb-b190-4caf83a25e89\" class=\"fn\"><a href=\"#1b7bc0a7-c960-4ecb-b190-4caf83a25e89\" id=\"1b7bc0a7-c960-4ecb-b190-4caf83a25e89-link\">63<\/a><\/sup> Esto constituye un importante contrapeso a la posterior reacci\u00f3n de Manoa. La narraci\u00f3n mantiene una tensi\u00f3n: el \u00c1ngel no recibe el sacrificio como destinatario independiente, pero el encuentro terminar\u00e1 siendo comprendido como haber visto a Dios.<\/p>\n\n\n\n<h2 id=\"cual-es-tu-nombre\" class=\"wp-block-heading\">\u201c\u00bfCu\u00e1l es tu nombre?\u201d<\/h2>\n\n\n\n<p class=\"wp-block-paragraph\">Manoa formula entonces la pregunta que la narraci\u00f3n hab\u00eda preparado desde <a href=\"https:\/\/biblia.com\/bible\/rvr60\/Jdg13.6\">Jueces 13:6<\/a>:<\/p>\n\n\n\n<blockquote class=\"wp-block-quote is-layout-flow wp-block-quote-is-layout-flow\">\n<p class=\"wp-block-paragraph\">\u201c\u00bfCu\u00e1l es tu nombre, para que cuando se cumpla tu palabra te honremos?\u201d (<a href=\"https:\/\/biblia.com\/bible\/rvr60\/Jdg13.17\">Jue 13:17<\/a>).<\/p>\n<\/blockquote>\n\n\n\n<p class=\"wp-block-paragraph\">La solicitud de conocer el nombre posee importantes paralelos b\u00edblicos.<\/p>\n\n\n\n<p class=\"wp-block-paragraph\">Jacob hab\u00eda preguntado al misterioso adversario:<\/p>\n\n\n\n<blockquote class=\"wp-block-quote is-layout-flow wp-block-quote-is-layout-flow\">\n<p class=\"wp-block-paragraph\">\u201cDecl\u00e1rame ahora tu nombre\u201d (<a href=\"https:\/\/biblia.com\/bible\/rvr60\/Ge32.29\">Gn 32:29<\/a>).<\/p>\n<\/blockquote>\n\n\n\n<p class=\"wp-block-paragraph\">Y este hab\u00eda respondido:<\/p>\n\n\n\n<blockquote class=\"wp-block-quote is-layout-flow wp-block-quote-is-layout-flow\">\n<p class=\"wp-block-paragraph\">\u201c\u00bfPor qu\u00e9 me preguntas por mi nombre?\u201d<\/p>\n<\/blockquote>\n\n\n\n<p class=\"wp-block-paragraph\">Manoa recibe una respuesta sorprendentemente semejante:<\/p>\n\n\n\n<blockquote class=\"wp-block-quote is-layout-flow wp-block-quote-is-layout-flow\">\n<p class=\"wp-block-paragraph\">\u201c\u00bfPor qu\u00e9 preguntas por mi nombre, que es admirable?\u201d (<a href=\"https:\/\/biblia.com\/bible\/rvr60\/Jdg13.18\">Jue 13:18<\/a>).<\/p>\n<\/blockquote>\n\n\n\n<p class=\"wp-block-paragraph\">El hebreo dice:<\/p>\n\n\n\n<blockquote class=\"wp-block-quote is-layout-flow wp-block-quote-is-layout-flow\">\n<p class=\"wp-block-paragraph\">\u05dc\u05b8\u05de\u05b8\u05bc\u05d4 \u05d6\u05b6\u05bc\u05d4 \u05ea\u05b4\u05bc\u05e9\u05b0\u05c1\u05d0\u05b7\u05dc \u05dc\u05b4\u05e9\u05b0\u05c1\u05de\u05b4\u05d9 \u05d5\u05b0\u05d4\u05d5\u05bc\u05d0\u05be\u05e4\u05b6\u05dc\u05b4\u05d0\u05d9<br><em>l\u0101mm\u0101h zeh ti\u0161\u02beal li\u0161m\u00ee weh\u00fb\u02be-pel\u00ee\u02be<\/em><\/p>\n<\/blockquote>\n\n\n\n<p class=\"wp-block-paragraph\">La \u00faltima palabra:<\/p>\n\n\n\n<blockquote class=\"wp-block-quote is-layout-flow wp-block-quote-is-layout-flow\">\n<p class=\"wp-block-paragraph\">\u05e4\u05b6\u05bc\u05dc\u05b4\u05d0\u05d9<br><em>pel\u00ee\u02be<\/em><\/p>\n<\/blockquote>\n\n\n\n<p class=\"wp-block-paragraph\">es especialmente importante.<\/p>\n\n\n\n<p class=\"wp-block-paragraph\">Puede traducirse \u201cmaravilloso\u201d, \u201cextraordinario\u201d o \u201cincomprensible\u201d.<\/p>\n\n\n\n<p class=\"wp-block-paragraph\">La ra\u00edz \u05e4\u05dc\u05d0 (<em>pl\u02be<\/em>) est\u00e1 asociada en el Antiguo Testamento con aquello que <strong>excede la capacidad humana ordinaria<\/strong>, frecuentemente relacionado con las maravillas divinas. <sup data-fn=\"9eaf5b47-7d92-46eb-9fe1-bdf04673f425\" class=\"fn\"><a href=\"#9eaf5b47-7d92-46eb-9fe1-bdf04673f425\" id=\"9eaf5b47-7d92-46eb-9fe1-bdf04673f425-link\">64<\/a><\/sup><\/p>\n\n\n\n<p class=\"wp-block-paragraph\">Por ejemplo:<\/p>\n\n\n\n<blockquote class=\"wp-block-quote is-layout-flow wp-block-quote-is-layout-flow\">\n<p class=\"wp-block-paragraph\">\u201c\u00bfHay para Dios alguna cosa dif\u00edcil?\u201d (<a href=\"https:\/\/biblia.com\/bible\/rvr60\/Ge18.14\">Gn 18:14<\/a>),<\/p>\n<\/blockquote>\n\n\n\n<p class=\"wp-block-paragraph\">utiliza la misma familia l\u00e9xica.<\/p>\n\n\n\n<p class=\"wp-block-paragraph\">Tambi\u00e9n:<\/p>\n\n\n\n<blockquote class=\"wp-block-quote is-layout-flow wp-block-quote-is-layout-flow\">\n<p class=\"wp-block-paragraph\">\u201cMaravilloso es para m\u00ed tal conocimiento; alto es, no lo puedo comprender\u201d (<a href=\"https:\/\/biblia.com\/bible\/rvr60\/Ps139.6\">Sal 139:6<\/a>).<\/p>\n<\/blockquote>\n\n\n\n<p class=\"wp-block-paragraph\">Por ello, la respuesta del \u00c1ngel no significa simplemente que posea un nombre \u201cbonito\u201d. El t\u00e9rmino comunica <strong>misterio e incomprensibilidad<\/strong>.<\/p>\n\n\n\n<p class=\"wp-block-paragraph\">Aqu\u00ed surge inevitablemente la comparaci\u00f3n con:<\/p>\n\n\n\n<blockquote class=\"wp-block-quote is-layout-flow wp-block-quote-is-layout-flow\">\n<p class=\"wp-block-paragraph\">\u201cAdmirable, Consejero, Dios fuerte&#8230;\u201d (<a href=\"https:\/\/biblia.com\/bible\/rvr60\/Is9.6\">Is 9:6<\/a>).<\/p>\n<\/blockquote>\n\n\n\n<p class=\"wp-block-paragraph\">La palabra utilizada en Isa\u00edas es:<\/p>\n\n\n\n<blockquote class=\"wp-block-quote is-layout-flow wp-block-quote-is-layout-flow\">\n<p class=\"wp-block-paragraph\">\u05e4\u05b6\u05bc\u05dc\u05b6\u05d0<br><em>pele\u02be<\/em><br>\u201cmaravilla \/ admirable\u201d,<\/p>\n<\/blockquote>\n\n\n\n<p class=\"wp-block-paragraph\">de la misma ra\u00edz \u05e4\u05dc\u05d0.<\/p>\n\n\n\n<p class=\"wp-block-paragraph\">La tradici\u00f3n cristiana ha relacionado frecuentemente ambos textos y ha visto en el \u201cnombre admirable\u201d del \u00c1ngel una anticipaci\u00f3n del t\u00edtulo mesi\u00e1nico de Isa\u00edas.<\/p>\n\n\n\n<p class=\"wp-block-paragraph\">Sin embargo, desde una perspectiva exeg\u00e9tica rigurosa, debe establecerse una distinci\u00f3n.<\/p>\n\n\n\n<p class=\"wp-block-paragraph\"><a href=\"https:\/\/biblia.com\/bible\/rvr60\/Jdg13.18\">Jueces 13:18<\/a> utiliza <em>pel\u00ee\u02be<\/em>.<\/p>\n\n\n\n<p class=\"wp-block-paragraph\"><a href=\"https:\/\/biblia.com\/bible\/rvr60\/Is9.6\">Isa\u00edas 9:6<\/a> utiliza <em>pele\u02be<\/em>.<\/p>\n\n\n\n<p class=\"wp-block-paragraph\">Ambos pertenecen a la misma ra\u00edz y comparten un campo sem\u00e1ntico, pero esto <strong>no demuestra autom\u00e1ticamente que ambos textos hablen del mismo personaje<\/strong>.<\/p>\n\n\n\n<p class=\"wp-block-paragraph\">La conexi\u00f3n es leg\u00edtima como comparaci\u00f3n intertextual y posteriormente como interpretaci\u00f3n cristol\u00f3gica, pero no debe presentarse como una equivalencia l\u00e9xica suficiente para resolver la identidad del \u00c1ngel.<\/p>\n\n\n\n<p class=\"wp-block-paragraph\"><strong>Barry G. Webb<\/strong> presta atenci\u00f3n al misterio que rodea la identidad del visitante y al modo en que la negativa a revelar su nombre intensifica el car\u00e1cter sobrenatural de la escena.<sup data-fn=\"0bd9d3c7-6772-4f96-bf56-e329be0a7631\" class=\"fn\"><a href=\"#0bd9d3c7-6772-4f96-bf56-e329be0a7631\" id=\"0bd9d3c7-6772-4f96-bf56-e329be0a7631-link\">65<\/a><\/sup> El relato permite al lector conocer que es el \u00c1ngel de Yahv\u00e9, pero niega a Manoa la posibilidad de dominar o clasificar al visitante mediante la posesi\u00f3n de su nombre.<\/p>\n\n\n\n<p class=\"wp-block-paragraph\">Esta observaci\u00f3n resulta especialmente importante dentro del antiguo mundo sem\u00edtico, donde conocer el nombre de alguien pod\u00eda implicar acceso a su identidad y, en determinados contextos m\u00e1gicos o religiosos, una forma de control simb\u00f3lico.<\/p>\n\n\n\n<p class=\"wp-block-paragraph\">El \u00c1ngel permanece fuera del dominio de Manoa.<\/p>\n\n\n\n<h2 id=\"la-interpretacion-judia-del-nombre-admirable\" class=\"wp-block-heading\">La interpretaci\u00f3n jud\u00eda del \u201cnombre admirable\u201d<\/h2>\n\n\n\n<p class=\"wp-block-paragraph\">La tradici\u00f3n jud\u00eda no interpreta necesariamente <em>pel\u00ee\u02be<\/em> como indicaci\u00f3n de divinidad. <strong>Rashi<\/strong>, comentando <a href=\"https:\/\/biblia.com\/bible\/rvr60\/Jdg13.18\">Jueces 13:18<\/a>, entiende el car\u00e1cter \u201cmaravilloso\u201d del nombre en relaci\u00f3n con la naturaleza cambiante o misteriosa de los nombres angelicales.<sup data-fn=\"479053f9-74f7-414e-9a25-fe4847390b8e\" class=\"fn\"><a href=\"#479053f9-74f7-414e-9a25-fe4847390b8e\" id=\"479053f9-74f7-414e-9a25-fe4847390b8e-link\">66<\/a><\/sup> La ex\u00e9gesis rab\u00ednica puede explicar la respuesta como caracter\u00edstica propia de los mensajeros celestiales sin convertir al \u00c1ngel en Yahv\u00e9.<\/p>\n\n\n\n<p class=\"wp-block-paragraph\">Esta lectura resulta nuevamente importante como alternativa hist\u00f3rica.<\/p>\n\n\n\n<p class=\"wp-block-paragraph\">El hecho de que un nombre sea \u201cmaravilloso\u201d no obliga a concluir que su poseedor sea Dios. Los seres angelicales pertenecen al mundo celestial y pueden poseer identidades que exceden la comprensi\u00f3n humana.<\/p>\n\n\n\n<p class=\"wp-block-paragraph\">No obstante, la acumulaci\u00f3n narrativa contin\u00faa siendo significativa. Este no es simplemente un \u00e1ngel cuyo nombre se desconoce. Es el <em>mal\u02beakh YHWH<\/em> que anuncia un nacimiento milagroso, reh\u00fasa revelar un nombre comprensible y cuya siguiente acci\u00f3n provoca una reacci\u00f3n inequ\u00edvocamente teof\u00e1nica.<\/p>\n\n\n\n<h2 id=\"el-sacrificio-y-la-obra-maravillosa\" class=\"wp-block-heading\">El sacrificio y la obra \u201cmaravillosa\u201d<\/h2>\n\n\n\n<p class=\"wp-block-paragraph\">Manoa ofrece:<\/p>\n\n\n\n<blockquote class=\"wp-block-quote is-layout-flow wp-block-quote-is-layout-flow\">\n<p class=\"wp-block-paragraph\">\u201cun cabrito y una ofrenda a Jehov\u00e1\u201d (<a href=\"https:\/\/biblia.com\/bible\/rvr60\/Jdg13.19\">Jue 13:19<\/a>).<\/p>\n<\/blockquote>\n\n\n\n<p class=\"wp-block-paragraph\">El texto confirma as\u00ed la instrucci\u00f3n anterior: el destinatario del sacrificio es <strong>Yahv\u00e9<\/strong>.<\/p>\n\n\n\n<p class=\"wp-block-paragraph\">Pero el vers\u00edculo a\u00f1ade:<\/p>\n\n\n\n<blockquote class=\"wp-block-quote is-layout-flow wp-block-quote-is-layout-flow\">\n<p class=\"wp-block-paragraph\">\u201cy el \u00e1ngel hizo milagro ante los ojos de Manoa y de su mujer\u201d (<a href=\"https:\/\/biblia.com\/bible\/rvr60\/Jdg13.19\">Jue 13:19<\/a>).<\/p>\n<\/blockquote>\n\n\n\n<p class=\"wp-block-paragraph\">La RVR60 traduce \u201chizo milagro\u201d. El hebreo utiliza nuevamente la ra\u00edz \u05e4\u05dc\u05d0:<\/p>\n\n\n\n<blockquote class=\"wp-block-quote is-layout-flow wp-block-quote-is-layout-flow\">\n<p class=\"wp-block-paragraph\">\u05d5\u05bc\u05de\u05b7\u05e4\u05b0\u05dc\u05b4\u05d0 \u05dc\u05b7\u05e2\u05b2\u05e9\u05c2\u05d5\u05b9\u05ea<br><em>\u00fbmapli\u02be la\u02bf\u0103\u015b\u00f4t<\/em><br>\u201chaciendo maravillosamente \/ haciendo algo maravilloso\u201d.<\/p>\n<\/blockquote>\n\n\n\n<p class=\"wp-block-paragraph\">Existe as\u00ed un juego ling\u00fc\u00edstico deliberado:<\/p>\n\n\n\n<p class=\"wp-block-paragraph\">En <a href=\"https:\/\/biblia.com\/bible\/rvr60\/Jdg13.18\">Jueces 13:18<\/a>:<\/p>\n\n\n\n<blockquote class=\"wp-block-quote is-layout-flow wp-block-quote-is-layout-flow\">\n<p class=\"wp-block-paragraph\">su nombre es <em>pel\u00ee\u02be<\/em> \u2014 \u201cmaravilloso\u201d.<\/p>\n<\/blockquote>\n\n\n\n<p class=\"wp-block-paragraph\">En <a href=\"https:\/\/biblia.com\/bible\/rvr60\/Jdg13.19\">Jueces 13:19<\/a>:<\/p>\n\n\n\n<blockquote class=\"wp-block-quote is-layout-flow wp-block-quote-is-layout-flow\">\n<p class=\"wp-block-paragraph\">\u00e9l act\u00faa <em>mapli\u02be<\/em> \u2014 \u201cmaravillosamente\u201d.<\/p>\n<\/blockquote>\n\n\n\n<p class=\"wp-block-paragraph\">Nombre y acci\u00f3n quedan unidos mediante la misma ra\u00edz. Esto constituye un detalle literario de gran importancia. <sup data-fn=\"13bac881-50bc-412b-b094-47e310447dfc\" class=\"fn\"><a href=\"#13bac881-50bc-412b-b094-47e310447dfc\" id=\"13bac881-50bc-412b-b094-47e310447dfc-link\">67<\/a><\/sup><\/p>\n\n\n\n<p class=\"wp-block-paragraph\">El \u00c1ngel no explica su nombre.<\/p>\n\n\n\n<p class=\"wp-block-paragraph\"><strong>Lo manifiesta mediante su acci\u00f3n.<\/strong><\/p>\n\n\n\n<p class=\"wp-block-paragraph\">El misterio de qui\u00e9n es queda expresado en aquello que hace.<\/p>\n\n\n\n<h2 id=\"el-angel-asciende-en-la-llama\" class=\"wp-block-heading\">El \u00c1ngel asciende en la llama<\/h2>\n\n\n\n<p class=\"wp-block-paragraph\">El momento culminante llega inmediatamente:<\/p>\n\n\n\n<blockquote class=\"wp-block-quote is-layout-flow wp-block-quote-is-layout-flow\">\n<p class=\"wp-block-paragraph\">\u201cPorque aconteci\u00f3 que cuando la llama sub\u00eda del altar hacia el cielo, el \u00e1ngel de Jehov\u00e1 subi\u00f3 en la llama del altar ante los ojos de Manoa y de su mujer, los cuales se postraron en tierra\u201d (<a href=\"https:\/\/biblia.com\/bible\/rvr60\/Jdg13.20\">Jue 13:20<\/a>).<\/p>\n<\/blockquote>\n\n\n\n<p class=\"wp-block-paragraph\">La escena es extraordinaria.<\/p>\n\n\n\n<p class=\"wp-block-paragraph\">El sacrificio est\u00e1 siendo ofrecido <strong>a Yahv\u00e9<\/strong>.<\/p>\n\n\n\n<p class=\"wp-block-paragraph\">La llama asciende hacia el cielo.<\/p>\n\n\n\n<p class=\"wp-block-paragraph\">Y dentro de esa misma llama:<\/p>\n\n\n\n<blockquote class=\"wp-block-quote is-layout-flow wp-block-quote-is-layout-flow\">\n<p class=\"wp-block-paragraph\"><strong>el \u00c1ngel de Yahv\u00e9 asciende.<\/strong><\/p>\n<\/blockquote>\n\n\n\n<p class=\"wp-block-paragraph\">El movimiento proporciona a la aparici\u00f3n un car\u00e1cter claramente sobrenatural. El visitante no simplemente se marcha caminando. Su partida ocurre dentro del fuego sacrificial.<\/p>\n\n\n\n<p class=\"wp-block-paragraph\">El paralelo con la zarza ardiente resulta evidente: all\u00ed el \u00c1ngel se hab\u00eda manifestado:<\/p>\n\n\n\n<blockquote class=\"wp-block-quote is-layout-flow wp-block-quote-is-layout-flow\">\n<p class=\"wp-block-paragraph\">\u201cen una llama de fuego\u201d (<a href=\"https:\/\/biblia.com\/bible\/rvr60\/Ex3.2\">Ex 3:2<\/a>).<\/p>\n<\/blockquote>\n\n\n\n<p class=\"wp-block-paragraph\">Aqu\u00ed desaparece:<\/p>\n\n\n\n<blockquote class=\"wp-block-quote is-layout-flow wp-block-quote-is-layout-flow\">\n<p class=\"wp-block-paragraph\">\u201cen la llama del altar\u201d (<a href=\"https:\/\/biblia.com\/bible\/rvr60\/Jdg13.20\">Jue 13:20<\/a>).<\/p>\n<\/blockquote>\n\n\n\n<p class=\"wp-block-paragraph\">El fuego vuelve a servir como medio de manifestaci\u00f3n celestial.<\/p>\n\n\n\n<p class=\"wp-block-paragraph\">Manoa y su esposa:<\/p>\n\n\n\n<blockquote class=\"wp-block-quote is-layout-flow wp-block-quote-is-layout-flow\">\n<p class=\"wp-block-paragraph\">\u201cse postraron en tierra\u201d (<a href=\"https:\/\/biblia.com\/bible\/rvr60\/Jdg13.20\">Jue 13:20<\/a>).<\/p>\n<\/blockquote>\n\n\n\n<p class=\"wp-block-paragraph\">El verbo describe una reacci\u00f3n corporal de profunda reverencia. El texto no especifica con absoluta claridad si esta postraci\u00f3n debe clasificarse t\u00e9cnicamente como adoraci\u00f3n dirigida al \u00c1ngel, respuesta ante la teofan\u00eda o reacci\u00f3n de temor frente al prodigio. Por ello, ser\u00eda inadecuado utilizar el vers\u00edculo aislado como demostraci\u00f3n de que el \u00c1ngel \u201cacepta adoraci\u00f3n\u201d.<\/p>\n\n\n\n<p class=\"wp-block-paragraph\">El contexto anterior hab\u00eda especificado precisamente que el holocausto deb\u00eda dirigirse a Yahv\u00e9.<\/p>\n\n\n\n<p class=\"wp-block-paragraph\">La interpretaci\u00f3n m\u00e1s cauta es que la postraci\u00f3n responde a la <strong>manifestaci\u00f3n divina que acaba de producirse<\/strong>.<\/p>\n\n\n\n<h2 id=\"entonces-conocio-manoa-que-era-el-angel-de-yahve\" class=\"wp-block-heading\">\u201cEntonces conoci\u00f3 Manoa que era el \u00c1ngel de Yahv\u00e9\u201d<\/h2>\n\n\n\n<p class=\"wp-block-paragraph\">El narrador explica:<\/p>\n\n\n\n<blockquote class=\"wp-block-quote is-layout-flow wp-block-quote-is-layout-flow\">\n<p class=\"wp-block-paragraph\">\u201cY el \u00e1ngel de Jehov\u00e1 no volvi\u00f3 a aparecer a Manoa ni a su mujer. Entonces conoci\u00f3 Manoa que era el \u00e1ngel de Jehov\u00e1\u201d (<a href=\"https:\/\/biblia.com\/bible\/rvr60\/Jdg13.21\">Jue 13:21<\/a>).<\/p>\n<\/blockquote>\n\n\n\n<p class=\"wp-block-paragraph\">Hasta ese momento Manoa hab\u00eda pensado principalmente en \u201cel var\u00f3n\u201d.<\/p>\n\n\n\n<p class=\"wp-block-paragraph\">Ahora comprende que ha estado hablando con:<\/p>\n\n\n\n<blockquote class=\"wp-block-quote is-layout-flow wp-block-quote-is-layout-flow\">\n<p class=\"wp-block-paragraph\"><strong>el \u00c1ngel de Yahv\u00e9.<\/strong><\/p>\n<\/blockquote>\n\n\n\n<p class=\"wp-block-paragraph\">Esta estructura recuerda directamente a Gede\u00f3n:<\/p>\n\n\n\n<blockquote class=\"wp-block-quote is-layout-flow wp-block-quote-is-layout-flow\">\n<p class=\"wp-block-paragraph\">\u201cViendo entonces Gede\u00f3n que era el \u00e1ngel de Jehov\u00e1&#8230;\u201d (<a href=\"https:\/\/biblia.com\/bible\/rvr60\/Jdg6.22\">Jue 6:22<\/a>).<\/p>\n<\/blockquote>\n\n\n\n<p class=\"wp-block-paragraph\">En ambos relatos, la verdadera identidad del visitante solo es comprendida plenamente <strong>despu\u00e9s de la se\u00f1al sobrenatural<\/strong>.<\/p>\n\n\n\n<p class=\"wp-block-paragraph\">El lector sab\u00eda desde el principio qui\u00e9n era.<\/p>\n\n\n\n<p class=\"wp-block-paragraph\">Los personajes lo descubren progresivamente.<\/p>\n\n\n\n<p class=\"wp-block-paragraph\">Esta t\u00e9cnica narrativa permite que el lector observe la reacci\u00f3n humana ante el reconocimiento de lo celestial.<\/p>\n\n\n\n<h2 id=\"ciertamente-moriremos-porque-a-dios-hemos-visto\" class=\"wp-block-heading\">\u201cCiertamente moriremos, porque a Dios hemos visto\u201d<\/h2>\n\n\n\n<p class=\"wp-block-paragraph\">Entonces Manoa declara:<\/p>\n\n\n\n<blockquote class=\"wp-block-quote is-layout-flow wp-block-quote-is-layout-flow\">\n<p class=\"wp-block-paragraph\">\u201cCiertamente moriremos, porque a Dios hemos visto\u201d (<a href=\"https:\/\/biblia.com\/bible\/rvr60\/Jdg13.22\">Jue 13:22<\/a>).<\/p>\n<\/blockquote>\n\n\n\n<p class=\"wp-block-paragraph\">El hebreo dice:<\/p>\n\n\n\n<blockquote class=\"wp-block-quote is-layout-flow wp-block-quote-is-layout-flow\">\n<p class=\"wp-block-paragraph\">\u05de\u05d5\u05b9\u05ea \u05e0\u05b8\u05de\u05d5\u05bc\u05ea \u05db\u05b4\u05bc\u05d9 \u05d0\u05b1\u05dc\u05b9\u05d4\u05b4\u05d9\u05dd \u05e8\u05b8\u05d0\u05b4\u05d9\u05e0\u05d5\u05bc<br><em>m\u00f4t n\u0101m\u00fbt k\u00ee \u02be\u0115l\u014dh\u00eem r\u0101\u02be\u00een\u00fb<\/em><\/p>\n<\/blockquote>\n\n\n\n<p class=\"wp-block-paragraph\">La primera construcci\u00f3n:<\/p>\n\n\n\n<blockquote class=\"wp-block-quote is-layout-flow wp-block-quote-is-layout-flow\">\n<p class=\"wp-block-paragraph\">\u05de\u05d5\u05b9\u05ea \u05e0\u05b8\u05de\u05d5\u05bc\u05ea<br><em>m\u00f4t n\u0101m\u00fbt<\/em><\/p>\n<\/blockquote>\n\n\n\n<p class=\"wp-block-paragraph\">es un infinitivo absoluto seguido del verbo correspondiente y expresa m\u00e1xima intensidad:<\/p>\n\n\n\n<blockquote class=\"wp-block-quote is-layout-flow wp-block-quote-is-layout-flow\">\n<p class=\"wp-block-paragraph\">\u201cciertamente moriremos\u201d.<\/p>\n<\/blockquote>\n\n\n\n<p class=\"wp-block-paragraph\">La raz\u00f3n es:<\/p>\n\n\n\n<blockquote class=\"wp-block-quote is-layout-flow wp-block-quote-is-layout-flow\">\n<p class=\"wp-block-paragraph\">\u05db\u05b4\u05bc\u05d9 \u05d0\u05b1\u05dc\u05b9\u05d4\u05b4\u05d9\u05dd \u05e8\u05b8\u05d0\u05b4\u05d9\u05e0\u05d5\u05bc<br><em>k\u00ee \u02be\u0115l\u014dh\u00eem r\u0101\u02be\u00een\u00fb<\/em><br>\u201cporque hemos visto a Dios\u201d.<\/p>\n<\/blockquote>\n\n\n\n<p class=\"wp-block-paragraph\">Esta declaraci\u00f3n constituye uno de los textos m\u00e1s importantes de todo nuestro estudio.<\/p>\n\n\n\n<p class=\"wp-block-paragraph\">El narrador acaba de decir:<\/p>\n\n\n\n<blockquote class=\"wp-block-quote is-layout-flow wp-block-quote-is-layout-flow\">\n<p class=\"wp-block-paragraph\">\u201cconoci\u00f3 Manoa que era el \u00c1ngel de Yahv\u00e9\u201d (<a href=\"https:\/\/biblia.com\/bible\/rvr60\/Jdg13.21\">Jue 13:21<\/a>).<\/p>\n<\/blockquote>\n\n\n\n<p class=\"wp-block-paragraph\">Manoa concluye:<\/p>\n\n\n\n<blockquote class=\"wp-block-quote is-layout-flow wp-block-quote-is-layout-flow\">\n<p class=\"wp-block-paragraph\">\u201chemos visto a Dios\u201d (<a href=\"https:\/\/biblia.com\/bible\/rvr60\/Jdg13.22\">Jue 13:22<\/a>).<\/p>\n<\/blockquote>\n\n\n\n<p class=\"wp-block-paragraph\">La secuencia es extremadamente directa.<\/p>\n\n\n\n<p class=\"wp-block-paragraph\">Sin embargo, debemos distinguir nuevamente entre <strong>percepci\u00f3n del personaje<\/strong> y <strong>afirmaci\u00f3n ontol\u00f3gica del narrador<\/strong>. El narrador afirma que era el \u00c1ngel de Yahv\u00e9; Manoa interpreta la experiencia como haber visto a <em>Elohim<\/em>.<\/p>\n\n\n\n<p class=\"wp-block-paragraph\">\u00bfEst\u00e1 Manoa teol\u00f3gicamente en lo correcto?<\/p>\n\n\n\n<p class=\"wp-block-paragraph\">La reacci\u00f3n de su esposa proporciona un dato interesante.<\/p>\n\n\n\n<p class=\"wp-block-paragraph\">Ella no responde:<\/p>\n\n\n\n<blockquote class=\"wp-block-quote is-layout-flow wp-block-quote-is-layout-flow\">\n<p class=\"wp-block-paragraph\">\u201cNo vimos a Dios; solamente vimos a un \u00e1ngel\u201d.<\/p>\n<\/blockquote>\n\n\n\n<p class=\"wp-block-paragraph\">En lugar de eso, responde:<\/p>\n\n\n\n<blockquote class=\"wp-block-quote is-layout-flow wp-block-quote-is-layout-flow\">\n<p class=\"wp-block-paragraph\">\u201cSi Jehov\u00e1 nos quisiera matar, no aceptar\u00eda de nuestras manos el holocausto y la ofrenda, ni nos hubiera mostrado todas estas cosas\u201d (<a href=\"https:\/\/biblia.com\/bible\/rvr60\/Jdg13.23\">Jue 13:23<\/a>).<\/p>\n<\/blockquote>\n\n\n\n<p class=\"wp-block-paragraph\">Su argumento no corrige la identificaci\u00f3n.<\/p>\n\n\n\n<p class=\"wp-block-paragraph\">Corrige la <strong>conclusi\u00f3n acerca de la muerte<\/strong>.<\/p>\n\n\n\n<p class=\"wp-block-paragraph\">En esencia:<\/p>\n\n\n\n<blockquote class=\"wp-block-quote is-layout-flow wp-block-quote-is-layout-flow\">\n<p class=\"wp-block-paragraph\">Manoa: \u201cVimos a Dios, por tanto moriremos.\u201d<br>Esposa: \u201cSi Yahv\u00e9 quisiera matarnos, no habr\u00eda aceptado nuestra ofrenda ni anunciado el nacimiento.\u201d<\/p>\n<\/blockquote>\n\n\n\n<p class=\"wp-block-paragraph\">La l\u00f3gica del relato parece asumir la gravedad teof\u00e1nica del encuentro y discutir \u00fanicamente sus consecuencias.<\/p>\n\n\n\n<p class=\"wp-block-paragraph\">Este detalle resulta enormemente significativo.<\/p>\n\n\n\n<p class=\"wp-block-paragraph\"><strong>Daniel I. Block<\/strong> se\u00f1ala que la esposa de Manoa demuestra aqu\u00ed mayor discernimiento teol\u00f3gico que su marido: interpreta correctamente los actos anteriores de Yahv\u00e9 como se\u00f1ales de gracia y prop\u00f3sito, no como preparaci\u00f3n para su destrucci\u00f3n.<sup data-fn=\"ab5e948c-2f8b-4222-b594-a33cbe69544f\" class=\"fn\"><a href=\"#ab5e948c-2f8b-4222-b594-a33cbe69544f\" id=\"ab5e948c-2f8b-4222-b594-a33cbe69544f-link\">68<\/a><\/sup> La observaci\u00f3n resulta importante porque el episodio concluye no con terror, sino con reconocimiento de la benevolencia divina.<\/p>\n\n\n\n<h2 id=\"el-paralelo-con-gedeon-y-jacob\" class=\"wp-block-heading\">El paralelo con Gede\u00f3n y Jacob<\/h2>\n\n\n\n<p class=\"wp-block-paragraph\">La reacci\u00f3n de Manoa debe colocarse junto a dos textos anteriores.<\/p>\n\n\n\n<p class=\"wp-block-paragraph\">Jacob hab\u00eda declarado:<\/p>\n\n\n\n<blockquote class=\"wp-block-quote is-layout-flow wp-block-quote-is-layout-flow\">\n<p class=\"wp-block-paragraph\">\u201cVi a Dios cara a cara, y fue librada mi alma\u201d (<a href=\"https:\/\/biblia.com\/bible\/rvr60\/Ge32.30\">Gn 32:30<\/a>).<\/p>\n<\/blockquote>\n\n\n\n<p class=\"wp-block-paragraph\">Gede\u00f3n hab\u00eda exclamado:<\/p>\n\n\n\n<blockquote class=\"wp-block-quote is-layout-flow wp-block-quote-is-layout-flow\">\n<p class=\"wp-block-paragraph\">\u201cAh, Se\u00f1or Jehov\u00e1, que he visto al \u00e1ngel de Jehov\u00e1 cara a cara\u201d (<a href=\"https:\/\/biblia.com\/bible\/rvr60\/Jdg6.22\">Jue 6:22<\/a>),<\/p>\n<\/blockquote>\n\n\n\n<p class=\"wp-block-paragraph\">y Yahv\u00e9 respondi\u00f3:<\/p>\n\n\n\n<blockquote class=\"wp-block-quote is-layout-flow wp-block-quote-is-layout-flow\">\n<p class=\"wp-block-paragraph\">\u201cNo tengas temor, no morir\u00e1s\u201d (<a href=\"https:\/\/biblia.com\/bible\/rvr60\/Jdg6.23\">Jue 6:23<\/a>).<\/p>\n<\/blockquote>\n\n\n\n<p class=\"wp-block-paragraph\">Manoa afirma:<\/p>\n\n\n\n<blockquote class=\"wp-block-quote is-layout-flow wp-block-quote-is-layout-flow\">\n<p class=\"wp-block-paragraph\">\u201cCiertamente moriremos, porque a Dios hemos visto\u201d (<a href=\"https:\/\/biblia.com\/bible\/rvr60\/Jdg13.22\">Jue 13:22<\/a>).<\/p>\n<\/blockquote>\n\n\n\n<p class=\"wp-block-paragraph\">Los tres relatos comparten el mismo trasfondo conceptual:<\/p>\n\n\n\n<p class=\"wp-block-paragraph\"><strong>el encuentro visible con la esfera divina representa peligro mortal para el ser humano.<\/strong><\/p>\n\n\n\n<p class=\"wp-block-paragraph\">Este motivo alcanza su formulaci\u00f3n expl\u00edcita en:<\/p>\n\n\n\n<blockquote class=\"wp-block-quote is-layout-flow wp-block-quote-is-layout-flow\">\n<p class=\"wp-block-paragraph\">\u201cNo podr\u00e1s ver mi rostro; porque no me ver\u00e1 hombre, y vivir\u00e1\u201d (<a href=\"https:\/\/biblia.com\/bible\/rvr60\/Ex33.20\">Ex 33:20<\/a>).<\/p>\n<\/blockquote>\n\n\n\n<p class=\"wp-block-paragraph\">Por tanto, cuando Gede\u00f3n y Manoa reaccionan con temor ante el \u00c1ngel, la narraci\u00f3n lo sit\u00faa dentro del mismo campo teol\u00f3gico de las experiencias teof\u00e1nicas.<\/p>\n\n\n\n<h2 id=\"adoro-manoa-al-angel\" class=\"wp-block-heading\">\u00bfAdor\u00f3 Manoa al \u00c1ngel?<\/h2>\n\n\n\n<p class=\"wp-block-paragraph\">Este episodio requiere especial cuidado porque ha sido utilizado frecuentemente en apolog\u00e9tica cristiana para afirmar que el \u00c1ngel \u201crecibe sacrificio y adoraci\u00f3n\u201d. El texto es m\u00e1s matizado.<\/p>\n\n\n\n<p class=\"wp-block-paragraph\">Primero, el \u00c1ngel dice expresamente:<\/p>\n\n\n\n<blockquote class=\"wp-block-quote is-layout-flow wp-block-quote-is-layout-flow\">\n<p class=\"wp-block-paragraph\">\u201csi quieres hacer holocausto, ofr\u00e9celo a Jehov\u00e1\u201d (<a href=\"https:\/\/biblia.com\/bible\/rvr60\/Jdg13.16\">Jue 13:16<\/a>).<\/p>\n<\/blockquote>\n\n\n\n<p class=\"wp-block-paragraph\">Segundo, el narrador afirma:<\/p>\n\n\n\n<blockquote class=\"wp-block-quote is-layout-flow wp-block-quote-is-layout-flow\">\n<p class=\"wp-block-paragraph\">\u201cManoa tom\u00f3 un cabrito y una ofrenda, y los ofreci\u00f3 sobre una pe\u00f1a a Jehov\u00e1\u201d (<a href=\"https:\/\/biblia.com\/bible\/rvr60\/Jdg13.19\">Jue 13:19<\/a>).<\/p>\n<\/blockquote>\n\n\n\n<p class=\"wp-block-paragraph\">Por tanto, <strong>el destinatario expl\u00edcito del sacrificio es Yahv\u00e9<\/strong>.<\/p>\n\n\n\n<p class=\"wp-block-paragraph\">Sin embargo, el \u00c1ngel asciende en la llama del sacrificio (<a href=\"https:\/\/biblia.com\/bible\/rvr60\/Jdg13.20\">Jue 13:20<\/a>), convirti\u00e9ndose de alguna manera en parte de la manifestaci\u00f3n mediante la cual la ofrenda llega hacia el cielo.<\/p>\n\n\n\n<p class=\"wp-block-paragraph\">Esto crea una relaci\u00f3n teol\u00f3gica mucho m\u00e1s sutil que \u201cel \u00c1ngel acepta sacrificio\u201d.<\/p>\n\n\n\n<p class=\"wp-block-paragraph\">La formulaci\u00f3n m\u00e1s precisa ser\u00eda:<\/p>\n\n\n\n<blockquote class=\"wp-block-quote is-layout-flow wp-block-quote-is-layout-flow\">\n<p class=\"wp-block-paragraph\"><strong>el \u00c1ngel no se presenta como destinatario independiente del sacrificio, pero participa extraordinariamente en la manifestaci\u00f3n divina asociada con la aceptaci\u00f3n del sacrificio ofrecido a Yahv\u00e9.<\/strong><\/p>\n<\/blockquote>\n\n\n\n<p class=\"wp-block-paragraph\">Esta distinci\u00f3n fortalece, en realidad, nuestro an\u00e1lisis porque evita fundamentar conclusiones importantes sobre afirmaciones que el texto no hace.<\/p>\n\n\n\n<h2 id=\"la-interpretacion-judia-un-angel-exaltado-pero-no-dios\" class=\"wp-block-heading\">La interpretaci\u00f3n jud\u00eda: un \u00c1ngel exaltado, pero no Dios<\/h2>\n\n\n\n<p class=\"wp-block-paragraph\">La tradici\u00f3n jud\u00eda ha utilizado naturalmente las distinciones presentes en el relato para mantener al \u00c1ngel dentro de la categor\u00eda de mensajero celestial.<\/p>\n\n\n\n<p class=\"wp-block-paragraph\">El hecho de que diga:<\/p>\n\n\n\n<blockquote class=\"wp-block-quote is-layout-flow wp-block-quote-is-layout-flow\">\n<p class=\"wp-block-paragraph\">\u201cofr\u00e9celo a Yahv\u00e9\u201d<\/p>\n<\/blockquote>\n\n\n\n<p class=\"wp-block-paragraph\">constituye una clara evidencia de subordinaci\u00f3n funcional.<\/p>\n\n\n\n<p class=\"wp-block-paragraph\">Desde esta perspectiva, cuando Manoa afirma haber visto a Dios, puede entenderse que est\u00e1 describiendo una experiencia de <strong>representaci\u00f3n divina mediante un mensajero celestial<\/strong>.<\/p>\n\n\n\n<p class=\"wp-block-paragraph\">La aparici\u00f3n del \u00c1ngel es encuentro con la presencia y autoridad del Dios que lo env\u00eda, pero esto no convierte al mensajero en el Creador.<\/p>\n\n\n\n<p class=\"wp-block-paragraph\"><strong>Rashi<\/strong>, en su comentario al pasaje, permanece dentro de esta concepci\u00f3n angelol\u00f3gica. Su interpretaci\u00f3n de la respuesta \u201cmi nombre es maravilloso\u201d no deriva una segunda identidad divina, sino que mantiene el misterio dentro del mundo angelical.<\/p>\n\n\n\n<p class=\"wp-block-paragraph\">Esta lectura posee una ventaja exeg\u00e9tica evidente: toma seriamente la distinci\u00f3n cultual establecida por el propio \u00c1ngel.<\/p>\n\n\n\n<p class=\"wp-block-paragraph\">Sin embargo, tambi\u00e9n debe explicar por qu\u00e9 la narraci\u00f3n permite que Manoa pase de:<\/p>\n\n\n\n<blockquote class=\"wp-block-quote is-layout-flow wp-block-quote-is-layout-flow\">\n<p class=\"wp-block-paragraph\">\u201cera el \u00c1ngel de Yahv\u00e9\u201d<\/p>\n<\/blockquote>\n\n\n\n<p class=\"wp-block-paragraph\">a:<\/p>\n\n\n\n<blockquote class=\"wp-block-quote is-layout-flow wp-block-quote-is-layout-flow\">\n<p class=\"wp-block-paragraph\">\u201ca Dios hemos visto\u201d<\/p>\n<\/blockquote>\n\n\n\n<p class=\"wp-block-paragraph\">sin introducir una correcci\u00f3n expl\u00edcita.<\/p>\n\n\n\n<p class=\"wp-block-paragraph\">La categor\u00eda de <strong>agencia representativa<\/strong> vuelve a ser la principal respuesta jud\u00eda.<\/p>\n\n\n\n<h2 id=\"la-recepcion-cristiana-y-el-nombre-admirable\" class=\"wp-block-heading\">La recepci\u00f3n cristiana y el \u201cnombre admirable\u201d<\/h2>\n\n\n\n<p class=\"wp-block-paragraph\">La tradici\u00f3n cristiana antigua ley\u00f3 la misma escena desde un marco diferente. La combinaci\u00f3n de:<\/p>\n\n\n\n<ul class=\"wp-block-list\">\n<li>un \u00c1ngel distinguido de Yahv\u00e9,<\/li>\n\n\n\n<li>un nombre \u201cmaravilloso\u201d,<\/li>\n\n\n\n<li>manifestaci\u00f3n en fuego,<\/li>\n\n\n\n<li>participaci\u00f3n en el sacrificio,<\/li>\n\n\n\n<li>y reconocimiento como experiencia de Dios,<\/li>\n<\/ul>\n\n\n\n<p class=\"wp-block-paragraph\">fue considerada compatible con la identificaci\u00f3n del \u00c1ngel con el Logos preencarnado.<\/p>\n\n\n\n<p class=\"wp-block-paragraph\">La comparaci\u00f3n con <a href=\"https:\/\/biblia.com\/bible\/rvr60\/Is9.6\">Isa\u00edas 9:6<\/a>, donde el personaje mesi\u00e1nico recibe el t\u00edtulo \u05e4\u05b6\u05bc\u05dc\u05b6\u05d0 \u05d9\u05d5\u05b9\u05e2\u05b5\u05e5 (<em>pele\u02be y\u00f4\u02bf\u0113\u1e63<\/em>, \u201cAdmirable Consejero\u201d), desempe\u00f1\u00f3 un papel especialmente importante en algunas lecturas cristianas.<\/p>\n\n\n\n<p class=\"wp-block-paragraph\">Sin embargo, metodol\u00f3gicamente debemos mantener dos niveles separados.<\/p>\n\n\n\n<p class=\"wp-block-paragraph\">El primer nivel es exeg\u00e9tico:<\/p>\n\n\n\n<blockquote class=\"wp-block-quote is-layout-flow wp-block-quote-is-layout-flow\">\n<p class=\"wp-block-paragraph\">Jueces 13 utiliza la ra\u00edz \u05e4\u05dc\u05d0 para caracterizar el nombre y la acci\u00f3n del \u00c1ngel.<\/p>\n<\/blockquote>\n\n\n\n<p class=\"wp-block-paragraph\">El segundo es can\u00f3nico y cristol\u00f3gico:<\/p>\n\n\n\n<blockquote class=\"wp-block-quote is-layout-flow wp-block-quote-is-layout-flow\">\n<p class=\"wp-block-paragraph\">un lector cristiano puede relacionar este campo sem\u00e1ntico con Isa\u00edas 9 y preguntar si existe una convergencia teol\u00f3gica m\u00e1s amplia.<\/p>\n<\/blockquote>\n\n\n\n<p class=\"wp-block-paragraph\">La segunda lectura puede ser leg\u00edtima dentro de una hermen\u00e9utica cristiana, pero no debe presentarse como si la gram\u00e1tica de Jueces 13 exigiera por s\u00ed misma la identificaci\u00f3n con Cristo.<\/p>\n\n\n\n<p class=\"wp-block-paragraph\">Esta distinci\u00f3n ser\u00e1 fundamental cuando m\u00e1s adelante estudiemos a <strong>Justino M\u00e1rtir, Ireneo, Tertuliano y otros Padres<\/strong>.<\/p>\n\n\n\n<h2 id=\"un-elemento-que-no-debe-ignorarse-la-ausencia-de-yahve-dijo\" class=\"wp-block-heading\">Un elemento que no debe ignorarse: la ausencia de \u201cYahv\u00e9 dijo\u201d<\/h2>\n\n\n\n<p class=\"wp-block-paragraph\">Jueces 13 ofrece adem\u00e1s un contraste interesante con Jueces 6.<\/p>\n\n\n\n<p class=\"wp-block-paragraph\">En el relato de Gede\u00f3n, el narrador puede pasar directamente:<\/p>\n\n\n\n<blockquote class=\"wp-block-quote is-layout-flow wp-block-quote-is-layout-flow\">\n<p class=\"wp-block-paragraph\">\u201cel \u00c1ngel de Yahv\u00e9\u201d \u2192 \u201cYahv\u00e9\u201d (<a href=\"https:\/\/biblia.com\/bible\/rvr60\/Jdg6.11-14\">Jue 6:11\u201314<\/a>).<\/p>\n<\/blockquote>\n\n\n\n<p class=\"wp-block-paragraph\">En Jueces 13 esa alternancia expl\u00edcita ocurre mucho menos.<\/p>\n\n\n\n<p class=\"wp-block-paragraph\">El \u00c1ngel permanece claramente denominado \u201c\u00c1ngel\u201d.<\/p>\n\n\n\n<p class=\"wp-block-paragraph\">Dios escucha la oraci\u00f3n de Manoa y el \u00c1ngel vuelve (<a href=\"https:\/\/biblia.com\/bible\/rvr60\/Jdg13.9\">Jue 13:9<\/a>).<\/p>\n\n\n\n<p class=\"wp-block-paragraph\">El \u00c1ngel dirige el sacrificio a Yahv\u00e9 (<a href=\"https:\/\/biblia.com\/bible\/rvr60\/Jdg13.16\">Jue 13:16<\/a>).<\/p>\n\n\n\n<p class=\"wp-block-paragraph\">Robert G. Boling, desde una aproximaci\u00f3n hist\u00f3rico-cr\u00edtica, subraya precisamente la complejidad literaria de este tipo de relatos y la necesidad de distinguir entre las diferentes funciones narrativas atribuidas al \u00c1ngel y a Yahv\u00e9.<sup data-fn=\"1f67eee0-0983-4386-82e7-4f1ec3909e43\" class=\"fn\"><a href=\"#1f67eee0-0983-4386-82e7-4f1ec3909e43\" id=\"1f67eee0-0983-4386-82e7-4f1ec3909e43-link\">69<\/a><\/sup><\/p>\n\n\n\n<p class=\"wp-block-paragraph\">La distinci\u00f3n parece, por tanto, m\u00e1s fuerte que en Jueces 6.<\/p>\n\n\n\n<p class=\"wp-block-paragraph\">Y precisamente por eso resulta significativo que el episodio concluya con:<\/p>\n\n\n\n<blockquote class=\"wp-block-quote is-layout-flow wp-block-quote-is-layout-flow\">\n<p class=\"wp-block-paragraph\">\u201ca Dios hemos visto\u201d.<\/p>\n<\/blockquote>\n\n\n\n<p class=\"wp-block-paragraph\">Esto demuestra que los diferentes relatos del \u00c1ngel no utilizan siempre exactamente el mismo mecanismo narrativo.<\/p>\n\n\n\n<p class=\"wp-block-paragraph\">En algunos, el <strong>narrador<\/strong> identifica directamente al \u00c1ngel y a Yahv\u00e9.<\/p>\n\n\n\n<p class=\"wp-block-paragraph\">En otros, el \u00c1ngel habla como Yahv\u00e9.<\/p>\n\n\n\n<p class=\"wp-block-paragraph\">En otros, la <strong>reacci\u00f3n humana<\/strong> interpreta el encuentro angelical como experiencia de Dios.<\/p>\n\n\n\n<p class=\"wp-block-paragraph\">El argumento acumulativo debe respetar estas diferencias.<\/p>\n\n\n\n<p class=\"wp-block-paragraph\">No estamos ante una f\u00f3rmula repetida mec\u00e1nicamente.<\/p>\n\n\n\n<p class=\"wp-block-paragraph\">Estamos ante distintas maneras de expresar una relaci\u00f3n excepcional entre Yahv\u00e9 y una figura mensajera.<\/p>\n\n\n\n<h2 id=\"sintesis-exegetica-1\" class=\"wp-block-heading\">S\u00edntesis exeg\u00e9tica<\/h2>\n\n\n\n<p class=\"wp-block-paragraph\">Jueces 13 representa posiblemente uno de los mejores textos para mostrar simult\u00e1neamente los dos lados del problema.<\/p>\n\n\n\n<p class=\"wp-block-paragraph\">Por una parte, existe <strong>distinci\u00f3n clara<\/strong>:<\/p>\n\n\n\n<p class=\"wp-block-paragraph\">Dios escucha la oraci\u00f3n (<a href=\"https:\/\/biblia.com\/bible\/rvr60\/Jdg13.9\">Jue 13:9<\/a>).<\/p>\n\n\n\n<p class=\"wp-block-paragraph\">El \u00c1ngel es enviado.<\/p>\n\n\n\n<p class=\"wp-block-paragraph\">El sacrificio debe ser ofrecido:<\/p>\n\n\n\n<blockquote class=\"wp-block-quote is-layout-flow wp-block-quote-is-layout-flow\">\n<p class=\"wp-block-paragraph\">\u201ca Yahv\u00e9\u201d (<a href=\"https:\/\/biblia.com\/bible\/rvr60\/Jdg13.16\">Jue 13:16<\/a>).<\/p>\n<\/blockquote>\n\n\n\n<p class=\"wp-block-paragraph\">El \u00c1ngel nunca pide culto independiente.<\/p>\n\n\n\n<p class=\"wp-block-paragraph\">Desde este \u00e1ngulo, la interpretaci\u00f3n jud\u00eda de agencia angelical posee una base textual s\u00f3lida.<\/p>\n\n\n\n<p class=\"wp-block-paragraph\">Pero por otra parte existe una extraordinaria <strong>proximidad con lo divino<\/strong>:<\/p>\n\n\n\n<p class=\"wp-block-paragraph\">su apariencia es aterradora (<a href=\"https:\/\/biblia.com\/bible\/rvr60\/Jdg13.6\">Jue 13:6<\/a>);<\/p>\n\n\n\n<p class=\"wp-block-paragraph\">su nombre es <em>pel\u00ee\u02be<\/em>, \u201cmaravilloso\/incomprensible\u201d (<a href=\"https:\/\/biblia.com\/bible\/rvr60\/Jdg13.18\">Jue 13:18<\/a>);<\/p>\n\n\n\n<p class=\"wp-block-paragraph\">realiza una acci\u00f3n <em>mapli\u02be<\/em>, \u201cmaravillosa\u201d (<a href=\"https:\/\/biblia.com\/bible\/rvr60\/Jdg13.19\">Jue 13:19<\/a>);<\/p>\n\n\n\n<p class=\"wp-block-paragraph\">asciende dentro de la llama sacrificial (<a href=\"https:\/\/biblia.com\/bible\/rvr60\/Jdg13.20\">Jue 13:20<\/a>);<\/p>\n\n\n\n<p class=\"wp-block-paragraph\">y Manoa concluye:<\/p>\n\n\n\n<blockquote class=\"wp-block-quote is-layout-flow wp-block-quote-is-layout-flow\">\n<p class=\"wp-block-paragraph\">\u201ca Dios hemos visto\u201d (<a href=\"https:\/\/biblia.com\/bible\/rvr60\/Jdg13.22\">Jue 13:22<\/a>).<\/p>\n<\/blockquote>\n\n\n\n<p class=\"wp-block-paragraph\">Su esposa no corrige esa afirmaci\u00f3n, sino \u00fanicamente la conclusi\u00f3n de que morir\u00e1n.<\/p>\n\n\n\n<p class=\"wp-block-paragraph\">Jueces 13, por tanto, no permite simplemente decir:<\/p>\n\n\n\n<blockquote class=\"wp-block-quote is-layout-flow wp-block-quote-is-layout-flow\">\n<p class=\"wp-block-paragraph\"><strong>\u201cel \u00c1ngel es Yahv\u00e9\u201d<\/strong>,<\/p>\n<\/blockquote>\n\n\n\n<p class=\"wp-block-paragraph\">porque el propio \u00c1ngel se distingue cultualmente de Yahv\u00e9.<\/p>\n\n\n\n<p class=\"wp-block-paragraph\">Pero tampoco permite decir sin m\u00e1s:<\/p>\n\n\n\n<blockquote class=\"wp-block-quote is-layout-flow wp-block-quote-is-layout-flow\">\n<p class=\"wp-block-paragraph\"><strong>\u201ces simplemente un \u00e1ngel como cualquier otro\u201d<\/strong>,<\/p>\n<\/blockquote>\n\n\n\n<p class=\"wp-block-paragraph\">porque la narraci\u00f3n reviste su aparici\u00f3n de caracter\u00edsticas teof\u00e1nicas extraordinarias y permite que el encuentro sea comprendido como haber visto a Dios.<\/p>\n\n\n\n<p class=\"wp-block-paragraph\">La formulaci\u00f3n provisional que ha venido emergiendo contin\u00faa siendo \u00fatil:<\/p>\n\n\n\n<blockquote class=\"wp-block-quote is-layout-flow wp-block-quote-is-layout-flow\">\n<p class=\"wp-block-paragraph\"><strong>El \u00c1ngel de Yahv\u00e9 es distinguible de Yahv\u00e9 en cuanto enviado y, sin embargo, representa o media la presencia divina con una plenitud excepcional que en determinados relatos permite que encontrarse con \u00e9l sea descrito como encontrarse con Dios.<\/strong><\/p>\n<\/blockquote>\n\n\n\n<p class=\"wp-block-paragraph\">Determinar si esa representaci\u00f3n debe explicarse exclusivamente mediante el principio de agencia, mediante una teofan\u00eda de Yahv\u00e9 o mediante alguna forma de distinci\u00f3n personal dentro de la identidad divina ser\u00e1 una cuesti\u00f3n para la s\u00edntesis posterior.<\/p>\n\n\n\n<h1 id=\"el-angel-de-yahve-en-zacarias-intercesion-juicio-y-restauracion\" class=\"wp-block-heading\">El \u00c1ngel de Yahv\u00e9 en Zacar\u00edas: intercesi\u00f3n, juicio y restauraci\u00f3n<\/h1>\n\n\n\n<p class=\"wp-block-paragraph\">El libro de Zacar\u00edas aporta una etapa especialmente importante en el desarrollo b\u00edblico de la figura del \u00c1ngel de Yahv\u00e9. Las narraciones patriarcales y los relatos de \u00c9xodo y Jueces lo hab\u00edan presentado principalmente en encuentros personales y momentos de comisi\u00f3n o liberaci\u00f3n. Zacar\u00edas, en cambio, lo sit\u00faa dentro de <strong>visiones celestiales estructuradas<\/strong>, donde aparecen otros \u00e1ngeles, seres simb\u00f3licos, acusadores y escenas de juicio. Esta diferencia literaria es importante porque permite observar al \u00c1ngel de Yahv\u00e9 no solamente como figura de aparici\u00f3n, sino como participante en el gobierno celestial de Dios.<\/p>\n\n\n\n<p class=\"wp-block-paragraph\">El contexto es postex\u00edlico. Jud\u00e1 ha regresado de Babilonia, el templo est\u00e1 siendo reconstruido y la comunidad lucha con la frustraci\u00f3n de una restauraci\u00f3n incompleta. Jerusal\u00e9n ha vuelto a ser habitada, pero todav\u00eda no posee la gloria ni la estabilidad asociadas con las promesas prof\u00e9ticas. En ese contexto Zacar\u00edas recibe una serie de visiones nocturnas (<a href=\"https:\/\/biblia.com\/bible\/rvr60\/Zec1.7\">Zac 1:7<\/a>), y dentro de ellas el \u00c1ngel de Yahv\u00e9 adquiere un papel particularmente destacado.<\/p>\n\n\n\n<h2 id=\"el-angel-entre-los-mirtos-zacarias-1-7-17\" class=\"wp-block-heading\">El \u00c1ngel entre los mirtos: Zacar\u00edas 1:7\u201317<\/h2>\n\n\n\n<p class=\"wp-block-paragraph\">La primera visi\u00f3n presenta:<\/p>\n\n\n\n<blockquote class=\"wp-block-quote is-layout-flow wp-block-quote-is-layout-flow\">\n<p class=\"wp-block-paragraph\">\u201cun var\u00f3n que cabalgaba sobre un caballo alaz\u00e1n, el cual estaba entre los mirtos que hab\u00eda en la hondura\u201d (<a href=\"https:\/\/biblia.com\/bible\/rvr60\/Zec1.8\">Zac 1:8<\/a>).<\/p>\n<\/blockquote>\n\n\n\n<p class=\"wp-block-paragraph\">Detr\u00e1s de \u00e9l aparecen caballos de diferentes colores. Zacar\u00edas pregunta:<\/p>\n\n\n\n<blockquote class=\"wp-block-quote is-layout-flow wp-block-quote-is-layout-flow\">\n<p class=\"wp-block-paragraph\">\u201c\u00bfQu\u00e9 son estos, se\u00f1or m\u00edo?\u201d (<a href=\"https:\/\/biblia.com\/bible\/rvr60\/Zec1.9\">Zac 1:9<\/a>).<\/p>\n<\/blockquote>\n\n\n\n<p class=\"wp-block-paragraph\">Entonces aparece una figura identificada como:<\/p>\n\n\n\n<blockquote class=\"wp-block-quote is-layout-flow wp-block-quote-is-layout-flow\">\n<p class=\"wp-block-paragraph\">\u201cel \u00e1ngel que hablaba conmigo\u201d.<\/p>\n<\/blockquote>\n\n\n\n<p class=\"wp-block-paragraph\">Este personaje funciona como <strong>\u00e1ngel int\u00e9rprete<\/strong>, una figura frecuente en literatura visionaria posterior. Su funci\u00f3n consiste en explicar al profeta el significado de aquello que contempla.<\/p>\n\n\n\n<p class=\"wp-block-paragraph\">Sin embargo, el \u201cvar\u00f3n\u201d situado entre los mirtos adquiere inmediatamente otra designaci\u00f3n:<\/p>\n\n\n\n<blockquote class=\"wp-block-quote is-layout-flow wp-block-quote-is-layout-flow\">\n<p class=\"wp-block-paragraph\">\u201cY aquel var\u00f3n que estaba entre los mirtos respondi\u00f3 y dijo: Estos son los que Jehov\u00e1 ha enviado a recorrer la tierra\u201d (<a href=\"https:\/\/biblia.com\/bible\/rvr60\/Zec1.10\">Zac 1:10<\/a>).<\/p>\n<\/blockquote>\n\n\n\n<p class=\"wp-block-paragraph\">Acto seguido:<\/p>\n\n\n\n<blockquote class=\"wp-block-quote is-layout-flow wp-block-quote-is-layout-flow\">\n<p class=\"wp-block-paragraph\">\u201cY ellos hablaron a aquel \u00e1ngel de Jehov\u00e1 que estaba entre los mirtos\u201d (<a href=\"https:\/\/biblia.com\/bible\/rvr60\/Zec1.11\">Zac 1:11<\/a>).<\/p>\n<\/blockquote>\n\n\n\n<p class=\"wp-block-paragraph\">El \u201cvar\u00f3n\u201d de <a href=\"https:\/\/biblia.com\/bible\/rvr60\/Zec1.8\">Zacar\u00edas 1:8<\/a> resulta as\u00ed identificado como:<\/p>\n\n\n\n<blockquote class=\"wp-block-quote is-layout-flow wp-block-quote-is-layout-flow\">\n<p class=\"wp-block-paragraph\">\u05de\u05b7\u05dc\u05b0\u05d0\u05b7\u05da\u05b0 \u05d9\u05b0\u05d4\u05d5\u05b8\u05d4<br><em>mal\u02beakh YHWH<\/em><br>\u201c\u00c1ngel de Yahv\u00e9\u201d.<\/p>\n<\/blockquote>\n\n\n\n<p class=\"wp-block-paragraph\">Esto recuerda significativamente otros relatos donde una figura inicialmente descrita en t\u00e9rminos humanos termina revel\u00e1ndose como personaje celestial, especialmente el <em>\u02be\u00ee\u0161<\/em> de <a href=\"https:\/\/biblia.com\/bible\/rvr60\/Ge32.24\">G\u00e9nesis 32:24<\/a>.<\/p>\n\n\n\n<p class=\"wp-block-paragraph\">Sin embargo, Zacar\u00edas introduce inmediatamente una diferencia decisiva respecto de algunos relatos anteriores.<\/p>\n\n\n\n<p class=\"wp-block-paragraph\">Los enviados celestiales informan al \u00c1ngel:<\/p>\n\n\n\n<blockquote class=\"wp-block-quote is-layout-flow wp-block-quote-is-layout-flow\">\n<p class=\"wp-block-paragraph\">\u201cHemos recorrido la tierra, y he aqu\u00ed toda la tierra est\u00e1 reposada y quieta\u201d (<a href=\"https:\/\/biblia.com\/bible\/rvr60\/Zec1.11\">Zac 1:11<\/a>).<\/p>\n<\/blockquote>\n\n\n\n<p class=\"wp-block-paragraph\">Lo que parece una noticia positiva es, dentro del contexto del libro, profundamente problem\u00e1tico. Las naciones que hab\u00edan oprimido a Israel disfrutan de tranquilidad mientras Jerusal\u00e9n sigue devastada.<\/p>\n\n\n\n<p class=\"wp-block-paragraph\">Entonces:<\/p>\n\n\n\n<blockquote class=\"wp-block-quote is-layout-flow wp-block-quote-is-layout-flow\">\n<p class=\"wp-block-paragraph\">\u201cRespondi\u00f3 el \u00e1ngel de Jehov\u00e1 y dijo: Oh Jehov\u00e1 de los ej\u00e9rcitos, \u00bfhasta cu\u00e1ndo no tendr\u00e1s piedad de Jerusal\u00e9n, y de las ciudades de Jud\u00e1, con las cuales has estado airado por espacio de setenta a\u00f1os?\u201d (<a href=\"https:\/\/biblia.com\/bible\/rvr60\/Zec1.12\">Zac 1:12<\/a>).<\/p>\n<\/blockquote>\n\n\n\n<p class=\"wp-block-paragraph\">Aqu\u00ed la <strong>distinci\u00f3n entre el \u00c1ngel y Yahv\u00e9 es inequ\u00edvoca<\/strong>.<\/p>\n\n\n\n<p class=\"wp-block-paragraph\">El \u00c1ngel se dirige a:<\/p>\n\n\n\n<blockquote class=\"wp-block-quote is-layout-flow wp-block-quote-is-layout-flow\">\n<p class=\"wp-block-paragraph\">\u05d9\u05b0\u05d4\u05d5\u05b8\u05d4 \u05e6\u05b0\u05d1\u05b8\u05d0\u05d5\u05b9\u05ea<br><em>YHWH \u1e63\u0115b\u0101\u02be\u00f4t<\/em><br>\u201cYahv\u00e9 de los ej\u00e9rcitos\u201d.<\/p>\n<\/blockquote>\n\n\n\n<p class=\"wp-block-paragraph\">No habla como Yahv\u00e9.<\/p>\n\n\n\n<p class=\"wp-block-paragraph\"><strong>Habla a Yahv\u00e9.<\/strong><\/p>\n\n\n\n<p class=\"wp-block-paragraph\">M\u00e1s a\u00fan, intercede ante \u00e9l.<\/p>\n\n\n\n<p class=\"wp-block-paragraph\">Este vers\u00edculo constituye uno de los correctivos m\u00e1s importantes para cualquier teor\u00eda que simplemente identifique sin matices al \u00c1ngel de Yahv\u00e9 con Yahv\u00e9 en todos los textos<sup data-fn=\"790a4842-2bc2-4b28-bfb2-94dcbac6c473\" class=\"fn\"><a href=\"#790a4842-2bc2-4b28-bfb2-94dcbac6c473\" id=\"790a4842-2bc2-4b28-bfb2-94dcbac6c473-link\">70<\/a><\/sup>.<\/p>\n\n\n\n<p class=\"wp-block-paragraph\">El <em>mal\u02beakh YHWH<\/em> puede distinguirse claramente de Yahv\u00e9 y dirigirse a \u00e9l en oraci\u00f3n\/intercesi\u00f3n.<\/p>\n\n\n\n<p class=\"wp-block-paragraph\">Esta escena hace que la categor\u00eda provisional de \u201cdistinci\u00f3n y representaci\u00f3n\u201d siga siendo particularmente \u00fatil. El \u00c1ngel no aparece como deidad independiente. Est\u00e1 subordinado al Dios a quien dirige su petici\u00f3n.<\/p>\n\n\n\n<p class=\"wp-block-paragraph\">Sin embargo, su funci\u00f3n tampoco es ordinaria: <strong>intercede por Jerusal\u00e9n ante Yahv\u00e9 de los ej\u00e9rcitos<\/strong>.<\/p>\n\n\n\n<p class=\"wp-block-paragraph\">El comentarista <strong>Mark J. Boda<\/strong> destaca el papel mediador e intercesor del \u00c1ngel dentro de la estructura visionaria de Zacar\u00edas.<sup data-fn=\"8e208a2e-4240-496d-84b0-2a6c53106cd8\" class=\"fn\"><a href=\"#8e208a2e-4240-496d-84b0-2a6c53106cd8\" id=\"8e208a2e-4240-496d-84b0-2a6c53106cd8-link\">71<\/a><\/sup> El \u00c1ngel participa de la preocupaci\u00f3n divina por Jerusal\u00e9n y expresa la tensi\u00f3n entre la aparente tranquilidad del mundo y el retraso de la restauraci\u00f3n de Sion. La observaci\u00f3n se utiliza aqu\u00ed como <strong>s\u00edntesis de su an\u00e1lisis<\/strong>, no como cita textual.<\/p>\n\n\n\n<p class=\"wp-block-paragraph\"><strong>Carol L. Meyers y Eric M. Meyers<\/strong> interpretan asimismo la escena dentro del contexto pol\u00edtico y religioso de la restauraci\u00f3n persa.<sup data-fn=\"aa4e5e50-75d8-4930-9a9b-55e5d29b2072\" class=\"fn\"><a href=\"#aa4e5e50-75d8-4930-9a9b-55e5d29b2072\" id=\"aa4e5e50-75d8-4930-9a9b-55e5d29b2072-link\">72<\/a><\/sup> La tranquilidad de las naciones no representa todav\u00eda el cumplimiento ideal de las promesas de Yahv\u00e9, porque Jerusal\u00e9n contin\u00faa esperando restauraci\u00f3n plena.<\/p>\n\n\n\n<h2 id=\"yahve-responde-al-angel\" class=\"wp-block-heading\">Yahv\u00e9 responde al \u00c1ngel<\/h2>\n\n\n\n<p class=\"wp-block-paragraph\">El siguiente vers\u00edculo resulta extraordinariamente interesante:<\/p>\n\n\n\n<blockquote class=\"wp-block-quote is-layout-flow wp-block-quote-is-layout-flow\">\n<p class=\"wp-block-paragraph\">\u201cY Jehov\u00e1 respondi\u00f3 buenas palabras, palabras consoladoras, al \u00e1ngel que hablaba conmigo\u201d (<a href=\"https:\/\/biblia.com\/bible\/rvr60\/Zec1.13\">Zac 1:13<\/a>).<\/p>\n<\/blockquote>\n\n\n\n<p class=\"wp-block-paragraph\">Existe aqu\u00ed una dificultad de identificaci\u00f3n. El vers\u00edculo habla del \u201c\u00e1ngel que hablaba conmigo\u201d, figura que en el desarrollo de las visiones puede funcionar como \u00e1ngel int\u00e9rprete. La relaci\u00f3n exacta entre este personaje y el \u00c1ngel de Yahv\u00e9 entre los mirtos ha sido discutida.<\/p>\n\n\n\n<p class=\"wp-block-paragraph\">Esto nos obliga a reconocer que la angelolog\u00eda de Zacar\u00edas es m\u00e1s compleja que la de G\u00e9nesis o Jueces. No aparece solamente <strong>un \u00c1ngel<\/strong>, sino varios agentes celestiales con diferentes funciones <sup data-fn=\"b3e4382e-a544-486a-a57b-98cd4a8774d0\" class=\"fn\"><a href=\"#b3e4382e-a544-486a-a57b-98cd4a8774d0\" id=\"b3e4382e-a544-486a-a57b-98cd4a8774d0-link\">73<\/a><\/sup>.<\/p>\n\n\n\n<p class=\"wp-block-paragraph\">La respuesta divina proclama:<\/p>\n\n\n\n<blockquote class=\"wp-block-quote is-layout-flow wp-block-quote-is-layout-flow\">\n<p class=\"wp-block-paragraph\">\u201cAs\u00ed ha dicho Jehov\u00e1 de los ej\u00e9rcitos: Cel\u00e9 con gran celo a Jerusal\u00e9n y a Sion\u201d (<a href=\"https:\/\/biblia.com\/bible\/rvr60\/Zec1.14\">Zac 1:14<\/a>).<\/p>\n<\/blockquote>\n\n\n\n<p class=\"wp-block-paragraph\">Y posteriormente:<\/p>\n\n\n\n<blockquote class=\"wp-block-quote is-layout-flow wp-block-quote-is-layout-flow\">\n<p class=\"wp-block-paragraph\">\u201cPor tanto, as\u00ed ha dicho Jehov\u00e1: Yo me he vuelto a Jerusal\u00e9n con misericordia; en ella ser\u00e1 edificada mi casa\u201d (<a href=\"https:\/\/biblia.com\/bible\/rvr60\/Zec1.16\">Zac 1:16<\/a>).<\/p>\n<\/blockquote>\n\n\n\n<p class=\"wp-block-paragraph\">La intercesi\u00f3n del \u00c1ngel aparece as\u00ed vinculada con la proclamaci\u00f3n de restauraci\u00f3n.<\/p>\n\n\n\n<p class=\"wp-block-paragraph\">No debemos entender necesariamente que la oraci\u00f3n angelical haya provocado un cambio en una divinidad indecisa. Dentro de la estructura visionaria, la intercesi\u00f3n sirve para dramatizar la preocupaci\u00f3n celestial por Jerusal\u00e9n y revelar al profeta que el per\u00edodo de juicio no ser\u00e1 permanente.<\/p>\n\n\n\n<h2 id=\"la-interpretacion-judia-de-la-intercesion-angelical\" class=\"wp-block-heading\">La interpretaci\u00f3n jud\u00eda de la intercesi\u00f3n angelical<\/h2>\n\n\n\n<p class=\"wp-block-paragraph\">La ex\u00e9gesis jud\u00eda encuentra en este pasaje un marco mucho m\u00e1s sencillo para preservar la distinci\u00f3n entre Dios y el \u00c1ngel que en textos como G\u00e9nesis 16 o \u00c9xodo 3. Aqu\u00ed el \u00c1ngel <strong>claramente ruega a Yahv\u00e9<\/strong>.<\/p>\n\n\n\n<p class=\"wp-block-paragraph\"><strong>Rashi<\/strong>, comentando <a href=\"https:\/\/biblia.com\/bible\/rvr60\/Zec1.12\">Zacar\u00edas 1:12<\/a>, entiende la escena como una s\u00faplica angelical por la restauraci\u00f3n de Jerusal\u00e9n despu\u00e9s de los setenta a\u00f1os de ira.<sup data-fn=\"ec3014c5-955c-4f17-ab8a-3e0a041a0e92\" class=\"fn\"><a href=\"#ec3014c5-955c-4f17-ab8a-3e0a041a0e92\" id=\"ec3014c5-955c-4f17-ab8a-3e0a041a0e92-link\">74<\/a><\/sup> No existe necesidad de identificar al \u00c1ngel con Dios: su funci\u00f3n es la de <strong>intercesor celestial<\/strong>.<\/p>\n\n\n\n<p class=\"wp-block-paragraph\">Esta interpretaci\u00f3n encaja bien con el desarrollo posterior de la angelolog\u00eda jud\u00eda, donde seres celestiales pueden defender o interceder por Israel sin convertirse en objetos de culto.<\/p>\n\n\n\n<p class=\"wp-block-paragraph\">La escena introduce, por tanto, una dimensi\u00f3n nueva en nuestro estudio.<\/p>\n\n\n\n<p class=\"wp-block-paragraph\">En G\u00e9nesis y Jueces, la pregunta era frecuentemente:<\/p>\n\n\n\n<blockquote class=\"wp-block-quote is-layout-flow wp-block-quote-is-layout-flow\">\n<p class=\"wp-block-paragraph\">\u00bfpor qu\u00e9 el \u00c1ngel habla como Yahv\u00e9?<\/p>\n<\/blockquote>\n\n\n\n<p class=\"wp-block-paragraph\">En Zacar\u00edas tambi\u00e9n debemos preguntar:<\/p>\n\n\n\n<blockquote class=\"wp-block-quote is-layout-flow wp-block-quote-is-layout-flow\">\n<p class=\"wp-block-paragraph\"><strong>\u00bfc\u00f3mo puede una figura tan estrechamente relacionada con Yahv\u00e9 aparecer simult\u00e1neamente como intercesor ante \u00e9l?<\/strong><\/p>\n<\/blockquote>\n\n\n\n<p class=\"wp-block-paragraph\">Una respuesta posible es que diferentes textos utilicen la expresi\u00f3n <em>mal\u02beakh YHWH<\/em> para diferentes figuras o funciones.<\/p>\n\n\n\n<p class=\"wp-block-paragraph\">Otra posibilidad es que la propia concepci\u00f3n del mensajero admita una distinci\u00f3n real entre quien env\u00eda y quien representa, incluso cuando la representaci\u00f3n es extraordinariamente intensa.<\/p>\n\n\n\n<p class=\"wp-block-paragraph\">Una posterior interpretaci\u00f3n cristiana podr\u00e1 ver aqu\u00ed una distinci\u00f3n personal compatible con la intercesi\u00f3n del Hijo ante el Padre. Pero esa lectura pertenece a un horizonte can\u00f3nico y teol\u00f3gico posterior. El texto de Zacar\u00edas, por s\u00ed mismo, presenta simplemente una <strong>figura celestial distinguida de Yahv\u00e9 que intercede por Jerusal\u00e9n<\/strong>.<\/p>\n\n\n\n<h2 id=\"josue-el-sumo-sacerdote-ante-el-angel-zacarias-3\" class=\"wp-block-heading\">Josu\u00e9 el sumo sacerdote ante el \u00c1ngel: Zacar\u00edas 3<\/h2>\n\n\n\n<p class=\"wp-block-paragraph\">La figura reaparece en una escena todav\u00eda m\u00e1s significativa:<\/p>\n\n\n\n<blockquote class=\"wp-block-quote is-layout-flow wp-block-quote-is-layout-flow\">\n<p class=\"wp-block-paragraph\">\u201cMe mostr\u00f3 al sumo sacerdote Josu\u00e9, el cual estaba delante del \u00e1ngel de Jehov\u00e1, y Satan\u00e1s estaba a su mano derecha para acusarle\u201d (<a href=\"https:\/\/biblia.com\/bible\/rvr60\/Zec3.1\">Zac 3:1<\/a>).<\/p>\n<\/blockquote>\n\n\n\n<p class=\"wp-block-paragraph\">La visi\u00f3n posee car\u00e1cter claramente judicial.<\/p>\n\n\n\n<p class=\"wp-block-paragraph\">Aparecen tres figuras principales:<\/p>\n\n\n\n<p class=\"wp-block-paragraph\"><strong>Josu\u00e9<\/strong>, sumo sacerdote;<\/p>\n\n\n\n<p class=\"wp-block-paragraph\"><strong>el \u00c1ngel de Yahv\u00e9<\/strong>;<\/p>\n\n\n\n<p class=\"wp-block-paragraph\">y:<\/p>\n\n\n\n<blockquote class=\"wp-block-quote is-layout-flow wp-block-quote-is-layout-flow\">\n<p class=\"wp-block-paragraph\">\u05d4\u05b7\u05e9\u05b8\u05bc\u05c2\u05d8\u05b8\u05df<br><em>ha\u015b\u015b\u0101\u1e6d\u0101n<\/em><br>\u201cel acusador\u201d.<\/p>\n<\/blockquote>\n\n\n\n<p class=\"wp-block-paragraph\">En este contexto, <em>\u015b\u0101\u1e6d\u0101n<\/em> lleva art\u00edculo y funciona primordialmente como designaci\u00f3n funcional: <strong>\u201cel acusador\/adversario\u201d<\/strong>. No conviene importar autom\u00e1ticamente todas las concepciones posteriores de Satan\u00e1s dentro del pasaje. <sup data-fn=\"0c0cd90b-0026-4fe0-9045-a1a8bb84a077\" class=\"fn\"><a href=\"#0c0cd90b-0026-4fe0-9045-a1a8bb84a077\" id=\"0c0cd90b-0026-4fe0-9045-a1a8bb84a077-link\">75<\/a><\/sup><\/p>\n\n\n\n<p class=\"wp-block-paragraph\">Josu\u00e9 aparece delante:<\/p>\n\n\n\n<blockquote class=\"wp-block-quote is-layout-flow wp-block-quote-is-layout-flow\">\n<p class=\"wp-block-paragraph\">\u201cdel \u00c1ngel de Yahv\u00e9\u201d.<\/p>\n<\/blockquote>\n\n\n\n<p class=\"wp-block-paragraph\">Esta postura puede poseer connotaci\u00f3n judicial y cultual: el sumo sacerdote comparece ante una autoridad celestial mientras el acusador presenta su caso.<\/p>\n\n\n\n<p class=\"wp-block-paragraph\">Entonces ocurre uno de los cambios m\u00e1s problem\u00e1ticos del texto:<\/p>\n\n\n\n<blockquote class=\"wp-block-quote is-layout-flow wp-block-quote-is-layout-flow\">\n<p class=\"wp-block-paragraph\">\u201cY dijo Jehov\u00e1 a Satan\u00e1s: Jehov\u00e1 te reprenda, oh Satan\u00e1s; Jehov\u00e1 que ha escogido a Jerusal\u00e9n te reprenda\u201d (<a href=\"https:\/\/biblia.com\/bible\/rvr60\/Zec3.2\">Zac 3:2<\/a>).<\/p>\n<\/blockquote>\n\n\n\n<p class=\"wp-block-paragraph\">El Texto Masor\u00e9tico utiliza:<\/p>\n\n\n\n<blockquote class=\"wp-block-quote is-layout-flow wp-block-quote-is-layout-flow\">\n<p class=\"wp-block-paragraph\">\u05d5\u05b7\u05d9\u05b9\u05bc\u05d0\u05de\u05b6\u05e8 \u05d9\u05b0\u05d4\u05d5\u05b8\u05d4 \u05d0\u05b6\u05dc\u05be\u05d4\u05b7\u05e9\u05b8\u05bc\u05c2\u05d8\u05b8\u05df<br><em>wayy\u014d\u02bemer YHWH \u02beel-ha\u015b\u015b\u0101\u1e6d\u0101n<\/em><br>\u201cY Yahv\u00e9 dijo al acusador\u201d.<\/p>\n<\/blockquote>\n\n\n\n<p class=\"wp-block-paragraph\">Pero el vers\u00edculo anterior hab\u00eda colocado a Josu\u00e9:<\/p>\n\n\n\n<blockquote class=\"wp-block-quote is-layout-flow wp-block-quote-is-layout-flow\">\n<p class=\"wp-block-paragraph\">\u201cdelante del \u00c1ngel de Yahv\u00e9\u201d.<\/p>\n<\/blockquote>\n\n\n\n<p class=\"wp-block-paragraph\">Por ello surge la pregunta:<\/p>\n\n\n\n<p class=\"wp-block-paragraph\"><strong>\u00bfqui\u00e9n pronuncia la reprensi\u00f3n: Yahv\u00e9 o el \u00c1ngel de Yahv\u00e9?<\/strong><\/p>\n\n\n\n<p class=\"wp-block-paragraph\">La forma final del texto hebreo atribuye expl\u00edcitamente las palabras a Yahv\u00e9.<\/p>\n\n\n\n<p class=\"wp-block-paragraph\">Sin embargo, dentro de la estructura de la visi\u00f3n, el \u00c1ngel hab\u00eda sido la figura judicial delante de la cual comparec\u00eda Josu\u00e9. Esto vuelve a producir una proximidad narrativa semejante a la observada en otros textos.<\/p>\n\n\n\n<p class=\"wp-block-paragraph\">Algunos int\u00e9rpretes han considerado que la transici\u00f3n refleja una identificaci\u00f3n funcional entre el \u00c1ngel y Yahv\u00e9.<\/p>\n\n\n\n<p class=\"wp-block-paragraph\">Otros explican la alternancia mediante historia redaccional o diferentes capas de tradici\u00f3n.<\/p>\n\n\n\n<p class=\"wp-block-paragraph\">Y otros mantienen que Yahv\u00e9 habla desde la corte mientras el \u00c1ngel permanece como figura mediadora.<\/p>\n\n\n\n<p class=\"wp-block-paragraph\"><strong>David L. Petersen<\/strong> analiza cuidadosamente esta estructura dentro de la composici\u00f3n visionaria de Zacar\u00edas y llama la atenci\u00f3n sobre la complejidad de los agentes celestiales del relato.<sup data-fn=\"e53fc24c-4cfc-4b6b-b4a2-fd51507c40d5\" class=\"fn\"><a href=\"#e53fc24c-4cfc-4b6b-b4a2-fd51507c40d5\" id=\"e53fc24c-4cfc-4b6b-b4a2-fd51507c40d5-link\">76<\/a><\/sup> Su comentario resulta \u00fatil precisamente porque evita reducir la escena inmediatamente a categor\u00edas sistem\u00e1ticas posteriores.<\/p>\n\n\n\n<h2 id=\"yahve-te-reprenda-una-formula-extraordinaria\" class=\"wp-block-heading\">\u201cYahv\u00e9 te reprenda\u201d: una f\u00f3rmula extraordinaria<\/h2>\n\n\n\n<p class=\"wp-block-paragraph\">La frase misma posee un detalle llamativo:<\/p>\n\n\n\n<blockquote class=\"wp-block-quote is-layout-flow wp-block-quote-is-layout-flow\">\n<p class=\"wp-block-paragraph\">\u201cJehov\u00e1 te reprenda, oh Satan\u00e1s; Jehov\u00e1 que ha escogido a Jerusal\u00e9n te reprenda\u201d (<a href=\"https:\/\/biblia.com\/bible\/rvr60\/Zec3.2\">Zac 3:2<\/a>).<\/p>\n<\/blockquote>\n\n\n\n<p class=\"wp-block-paragraph\">El hablante es introducido como Yahv\u00e9, pero dice:<\/p>\n\n\n\n<blockquote class=\"wp-block-quote is-layout-flow wp-block-quote-is-layout-flow\">\n<p class=\"wp-block-paragraph\"><strong>\u201cYahv\u00e9 te reprenda\u201d.<\/strong><\/p>\n<\/blockquote>\n\n\n\n<p class=\"wp-block-paragraph\">En lugar de:<\/p>\n\n\n\n<blockquote class=\"wp-block-quote is-layout-flow wp-block-quote-is-layout-flow\">\n<p class=\"wp-block-paragraph\">\u201cYo te reprendo\u201d.<\/p>\n<\/blockquote>\n\n\n\n<p class=\"wp-block-paragraph\">Esta construcci\u00f3n ha generado considerable discusi\u00f3n.<\/p>\n\n\n\n<p class=\"wp-block-paragraph\">Puede tratarse de una f\u00f3rmula judicial o solemne donde Yahv\u00e9 invoca su propia autoridad nominal. Tambi\u00e9n puede reflejar complejidades de transmisi\u00f3n textual o composici\u00f3n.<\/p>\n\n\n\n<p class=\"wp-block-paragraph\">Siglos despu\u00e9s, <a href=\"https:\/\/biblia.com\/bible\/rvr60\/Jud1.9\">Judas 9<\/a> utilizar\u00e1 una f\u00f3rmula semejante:<\/p>\n\n\n\n<blockquote class=\"wp-block-quote is-layout-flow wp-block-quote-is-layout-flow\">\n<p class=\"wp-block-paragraph\">\u201cEl Se\u00f1or te reprenda\u201d.<\/p>\n<\/blockquote>\n\n\n\n<p class=\"wp-block-paragraph\">Sin embargo, Judas la coloca en boca de Miguel, no de Yahv\u00e9.<\/p>\n\n\n\n<p class=\"wp-block-paragraph\">En Zacar\u00edas, la situaci\u00f3n es m\u00e1s compleja porque el Texto Masor\u00e9tico introduce a Yahv\u00e9 mismo como hablante.<\/p>\n\n\n\n<p class=\"wp-block-paragraph\">Este tipo de construcci\u00f3n fue posteriormente importante para interpretaciones que percibieron una diferenciaci\u00f3n dentro de la identidad divina. No obstante, debemos ser cautelosos: <strong>una f\u00f3rmula de tercera persona no basta por s\u00ed sola para demostrar una distinci\u00f3n de personas divinas<\/strong>.<\/p>\n\n\n\n<h2 id=\"las-vestiduras-sucias-de-josue\" class=\"wp-block-heading\">Las vestiduras sucias de Josu\u00e9<\/h2>\n\n\n\n<p class=\"wp-block-paragraph\">La visi\u00f3n contin\u00faa:<\/p>\n\n\n\n<blockquote class=\"wp-block-quote is-layout-flow wp-block-quote-is-layout-flow\">\n<p class=\"wp-block-paragraph\">\u201cY Josu\u00e9 estaba vestido de vestiduras viles, y estaba delante del \u00e1ngel\u201d (<a href=\"https:\/\/biblia.com\/bible\/rvr60\/Zec3.3\">Zac 3:3<\/a>).<\/p>\n<\/blockquote>\n\n\n\n<p class=\"wp-block-paragraph\">El hebreo describe:<\/p>\n\n\n\n<blockquote class=\"wp-block-quote is-layout-flow wp-block-quote-is-layout-flow\">\n<p class=\"wp-block-paragraph\">\u05d1\u05b0\u05bc\u05d2\u05b8\u05d3\u05b4\u05d9\u05dd \u05e6\u05d5\u05b9\u05d0\u05b4\u05d9\u05dd<br><em>beg\u0101d\u00eem \u1e63\u00f4\u02be\u00eem<\/em><br>\u201cvestiduras sucias\/inmundas\u201d.<\/p>\n<\/blockquote>\n\n\n\n<p class=\"wp-block-paragraph\">El simbolismo est\u00e1 relacionado con impureza y culpa. Josu\u00e9 representa no \u00fanicamente una persona privada, sino tambi\u00e9n el sacerdocio y, en cierta medida, la comunidad restaurada.<\/p>\n\n\n\n<p class=\"wp-block-paragraph\">Entonces:<\/p>\n\n\n\n<blockquote class=\"wp-block-quote is-layout-flow wp-block-quote-is-layout-flow\">\n<p class=\"wp-block-paragraph\">\u201cY habl\u00f3 el \u00e1ngel, y mand\u00f3 a los que estaban delante de \u00e9l, diciendo: Quitadle esas vestiduras viles\u201d (<a href=\"https:\/\/biblia.com\/bible\/rvr60\/Zec3.4\">Zac 3:4<\/a>).<\/p>\n<\/blockquote>\n\n\n\n<p class=\"wp-block-paragraph\">La RVR60 introduce \u201cel \u00e1ngel\u201d, aunque el hebreo dice literalmente:<\/p>\n\n\n\n<blockquote class=\"wp-block-quote is-layout-flow wp-block-quote-is-layout-flow\">\n<p class=\"wp-block-paragraph\">\u201c\u00e9l respondi\u00f3 y habl\u00f3 a los que estaban delante de \u00e9l\u201d.<\/p>\n<\/blockquote>\n\n\n\n<p class=\"wp-block-paragraph\">El antecedente se comprende dentro de la escena.<\/p>\n\n\n\n<p class=\"wp-block-paragraph\">Y el hablante declara a Josu\u00e9:<\/p>\n\n\n\n<blockquote class=\"wp-block-quote is-layout-flow wp-block-quote-is-layout-flow\">\n<p class=\"wp-block-paragraph\">\u201cMira que he quitado de ti tu pecado, y te he hecho vestir de ropas de gala\u201d (<a href=\"https:\/\/biblia.com\/bible\/rvr60\/Zec3.4\">Zac 3:4<\/a>).<\/p>\n<\/blockquote>\n\n\n\n<p class=\"wp-block-paragraph\">El hebreo dice:<\/p>\n\n\n\n<blockquote class=\"wp-block-quote is-layout-flow wp-block-quote-is-layout-flow\">\n<p class=\"wp-block-paragraph\">\u05d4\u05b6\u05e2\u05b1\u05d1\u05b7\u05e8\u05b0\u05ea\u05b4\u05bc\u05d9 \u05de\u05b5\u05e2\u05b8\u05dc\u05b6\u05d9\u05da\u05b8 \u05e2\u05b2\u05d5\u05b9\u05e0\u05b6\u05da\u05b8<br><em>he\u02bf\u0115bart\u00ee m\u0113\u02bf\u0101leyk\u0101 \u02bf\u0103w\u014dnek\u0101<\/em><\/p>\n<\/blockquote>\n\n\n\n<blockquote class=\"wp-block-quote is-layout-flow wp-block-quote-is-layout-flow\">\n<p class=\"wp-block-paragraph\">\u201che hecho pasar\/quitar de sobre ti tu iniquidad\u201d.<\/p>\n<\/blockquote>\n\n\n\n<p class=\"wp-block-paragraph\">La primera persona resulta teol\u00f3gicamente muy significativa:<\/p>\n\n\n\n<blockquote class=\"wp-block-quote is-layout-flow wp-block-quote-is-layout-flow\">\n<p class=\"wp-block-paragraph\"><strong>\u201che quitado tu iniquidad\u201d.<\/strong><\/p>\n<\/blockquote>\n\n\n\n<p class=\"wp-block-paragraph\">\u00bfQui\u00e9n posee aqu\u00ed autoridad para retirar la culpa del sumo sacerdote?<\/p>\n\n\n\n<p class=\"wp-block-paragraph\">Dentro de la visi\u00f3n, el acto proviene de la autoridad celestial de Yahv\u00e9, pero el \u00c1ngel aparece profundamente implicado en su ejecuci\u00f3n.<\/p>\n\n\n\n<p class=\"wp-block-paragraph\">Este detalle recuerda <a href=\"https:\/\/biblia.com\/bible\/rvr60\/Ex23.21\">\u00c9xodo 23:21<\/a>, donde la rebeli\u00f3n contra el \u00c1ngel estaba relacionada con el perd\u00f3n o no perd\u00f3n de la transgresi\u00f3n.<\/p>\n\n\n\n<p class=\"wp-block-paragraph\">Aqu\u00ed, nuevamente, el \u00c1ngel aparece en una escena relacionada directamente con <strong>culpa y purificaci\u00f3n<\/strong>.<\/p>\n\n\n\n<p class=\"wp-block-paragraph\"><strong>Mark J. Boda<\/strong> interpreta la transformaci\u00f3n de Josu\u00e9 como una restauraci\u00f3n tanto sacerdotal como comunitaria: la eliminaci\u00f3n de las vestiduras contaminadas simboliza la remoci\u00f3n de la culpa que imped\u00eda ejercer plenamente su funci\u00f3n.<sup data-fn=\"04a985ad-c22a-4007-9e40-2db63ab9e118\" class=\"fn\"><a href=\"#04a985ad-c22a-4007-9e40-2db63ab9e118\" id=\"04a985ad-c22a-4007-9e40-2db63ab9e118-link\">77<\/a><\/sup> Esta lectura resulta especialmente importante porque evita reducir la escena a una discusi\u00f3n abstracta sobre \u201csi un \u00e1ngel puede perdonar pecados\u201d; la purificaci\u00f3n cumple una funci\u00f3n hist\u00f3rica dentro de la restauraci\u00f3n postex\u00edlica.<\/p>\n\n\n\n<h2 id=\"el-turbante-limpio-y-la-restauracion-sacerdotal\" class=\"wp-block-heading\">El turbante limpio y la restauraci\u00f3n sacerdotal<\/h2>\n\n\n\n<p class=\"wp-block-paragraph\">Zacar\u00edas interviene:<\/p>\n\n\n\n<blockquote class=\"wp-block-quote is-layout-flow wp-block-quote-is-layout-flow\">\n<p class=\"wp-block-paragraph\">\u201cPongan mitra limpia sobre su cabeza\u201d (<a href=\"https:\/\/biblia.com\/bible\/rvr60\/Zec3.5\">Zac 3:5<\/a>).<\/p>\n<\/blockquote>\n\n\n\n<p class=\"wp-block-paragraph\">La \u201cmitra\u201d o turbante posee evidente importancia sacerdotal. Comp\u00e1rese <a href=\"https:\/\/biblia.com\/bible\/rvr60\/Ex28.36-38\">\u00c9xodo 28:36\u201338<\/a>, donde el sumo sacerdote porta sobre el turbante la l\u00e1mina con la inscripci\u00f3n:<\/p>\n\n\n\n<blockquote class=\"wp-block-quote is-layout-flow wp-block-quote-is-layout-flow\">\n<p class=\"wp-block-paragraph\">\u201cSANTIDAD A JEHOV\u00c1\u201d.<\/p>\n<\/blockquote>\n\n\n\n<p class=\"wp-block-paragraph\">La restauraci\u00f3n de Josu\u00e9 no es simplemente moral.<\/p>\n\n\n\n<p class=\"wp-block-paragraph\">Es tambi\u00e9n <strong>cultual y vocacional<\/strong>.<\/p>\n\n\n\n<p class=\"wp-block-paragraph\">El sacerdote vuelve a quedar capacitado para representar a Israel delante de Dios.<\/p>\n\n\n\n<p class=\"wp-block-paragraph\">El vers\u00edculo concluye:<\/p>\n\n\n\n<blockquote class=\"wp-block-quote is-layout-flow wp-block-quote-is-layout-flow\">\n<p class=\"wp-block-paragraph\">\u201cY el \u00e1ngel de Jehov\u00e1 estaba en pie\u201d (<a href=\"https:\/\/biblia.com\/bible\/rvr60\/Zec3.5\">Zac 3:5<\/a>).<\/p>\n<\/blockquote>\n\n\n\n<p class=\"wp-block-paragraph\">La presencia del \u00c1ngel domina as\u00ed toda la ceremonia.<\/p>\n\n\n\n<h2 id=\"el-angel-habla-en-nombre-de-yahve\" class=\"wp-block-heading\">El \u00c1ngel habla en nombre de Yahv\u00e9<\/h2>\n\n\n\n<p class=\"wp-block-paragraph\">Entonces:<\/p>\n\n\n\n<blockquote class=\"wp-block-quote is-layout-flow wp-block-quote-is-layout-flow\">\n<p class=\"wp-block-paragraph\">\u201cY el \u00e1ngel de Jehov\u00e1 amonest\u00f3 a Josu\u00e9, diciendo: As\u00ed dice Jehov\u00e1 de los ej\u00e9rcitos&#8230;\u201d (<a href=\"https:\/\/biblia.com\/bible\/rvr60\/Zec3.6-7\">Zac 3:6\u20137<\/a>).<\/p>\n<\/blockquote>\n\n\n\n<p class=\"wp-block-paragraph\">Este vers\u00edculo es extremadamente importante porque, a diferencia de otros relatos, aqu\u00ed encontramos una <strong>f\u00f3rmula expl\u00edcita de mediaci\u00f3n<\/strong>:<\/p>\n\n\n\n<blockquote class=\"wp-block-quote is-layout-flow wp-block-quote-is-layout-flow\">\n<p class=\"wp-block-paragraph\">\u05db\u05b9\u05bc\u05d4 \u05d0\u05b8\u05de\u05b7\u05e8 \u05d9\u05b0\u05d4\u05d5\u05b8\u05d4 \u05e6\u05b0\u05d1\u05b8\u05d0\u05d5\u05b9\u05ea<br><em>k\u014dh \u02be\u0101mar YHWH \u1e63\u0115b\u0101\u02be\u00f4t<\/em><br>\u201cAs\u00ed dice Yahv\u00e9 de los ej\u00e9rcitos\u201d.<\/p>\n<\/blockquote>\n\n\n\n<p class=\"wp-block-paragraph\">Esto demuestra que el \u00c1ngel de Yahv\u00e9 puede funcionar perfectamente como un mensajero que distingue su propia voz de la voz divina.<\/p>\n\n\n\n<p class=\"wp-block-paragraph\">El contraste con G\u00e9nesis 16, G\u00e9nesis 31 o Jueces 6 resulta notable.<\/p>\n\n\n\n<p class=\"wp-block-paragraph\">All\u00ed el discurso pod\u00eda desplazarse sin f\u00f3rmula intermediaria.<\/p>\n\n\n\n<p class=\"wp-block-paragraph\">Aqu\u00ed el \u00c1ngel dice expl\u00edcitamente:<\/p>\n\n\n\n<blockquote class=\"wp-block-quote is-layout-flow wp-block-quote-is-layout-flow\">\n<p class=\"wp-block-paragraph\"><strong>\u201cAs\u00ed dice Yahv\u00e9.\u201d<\/strong><\/p>\n<\/blockquote>\n\n\n\n<p class=\"wp-block-paragraph\">Este dato constituye un importante argumento contra cualquier intento de imponer una \u00fanica estructura literaria a todas las apariciones del \u00c1ngel.<\/p>\n\n\n\n<p class=\"wp-block-paragraph\">La figura presenta <strong>variaci\u00f3n contextual<\/strong>.<\/p>\n\n\n\n<p class=\"wp-block-paragraph\">En ocasiones habla como Yahv\u00e9.<\/p>\n\n\n\n<p class=\"wp-block-paragraph\">En otras habla a Yahv\u00e9.<\/p>\n\n\n\n<p class=\"wp-block-paragraph\">En otras transmite:<\/p>\n\n\n\n<blockquote class=\"wp-block-quote is-layout-flow wp-block-quote-is-layout-flow\">\n<p class=\"wp-block-paragraph\">\u201cAs\u00ed dice Yahv\u00e9\u201d. <sup data-fn=\"6c31207c-1089-4ef1-b944-e79d29a1d05a\" class=\"fn\"><a href=\"#6c31207c-1089-4ef1-b944-e79d29a1d05a\" id=\"6c31207c-1089-4ef1-b944-e79d29a1d05a-link\">78<\/a><\/sup><\/p>\n<\/blockquote>\n\n\n\n<p class=\"wp-block-paragraph\">La investigaci\u00f3n debe explicar esta diversidad, no borrarla.<\/p>\n\n\n\n<h2 id=\"la-interpretacion-judia-mediador-dentro-de-la-corte-celestial\" class=\"wp-block-heading\">La interpretaci\u00f3n jud\u00eda: mediador dentro de la corte celestial<\/h2>\n\n\n\n<p class=\"wp-block-paragraph\">La ex\u00e9gesis jud\u00eda encuentra en Zacar\u00edas 3 un contexto especialmente natural para comprender al \u00c1ngel como miembro exaltado de la corte celestial pero distinto de Dios.<\/p>\n\n\n\n<p class=\"wp-block-paragraph\"><strong>Rashi<\/strong> interpreta la escena principalmente en t\u00e9rminos de acusaci\u00f3n contra Josu\u00e9 y sus descendientes, as\u00ed como de restauraci\u00f3n del sacerdocio.<sup data-fn=\"dbccc9a2-3640-4154-a1b3-482ebf54e532\" class=\"fn\"><a href=\"#dbccc9a2-3640-4154-a1b3-482ebf54e532\" id=\"dbccc9a2-3640-4154-a1b3-482ebf54e532-link\">79<\/a><\/sup> Su inter\u00e9s no est\u00e1 en convertir al \u00c1ngel en una figura divina, sino en entender el juicio celestial y la purificaci\u00f3n del sumo sacerdote dentro de la restauraci\u00f3n de Israel.<\/p>\n\n\n\n<p class=\"wp-block-paragraph\">Esta lectura encaja bien con la estructura visible del cap\u00edtulo:<\/p>\n\n\n\n<p class=\"wp-block-paragraph\">Yahv\u00e9 es el Dios soberano.<\/p>\n\n\n\n<p class=\"wp-block-paragraph\">El \u00c1ngel participa en la corte.<\/p>\n\n\n\n<p class=\"wp-block-paragraph\">El acusador presenta su caso<sup data-fn=\"f5776e3b-b096-46bd-b11f-e32c5b3689d3\" class=\"fn\"><a href=\"#f5776e3b-b096-46bd-b11f-e32c5b3689d3\" id=\"f5776e3b-b096-46bd-b11f-e32c5b3689d3-link\">80<\/a><\/sup>.<\/p>\n\n\n\n<p class=\"wp-block-paragraph\">Josu\u00e9 es purificado.<\/p>\n\n\n\n<p class=\"wp-block-paragraph\">Y la palabra final procede de:<\/p>\n\n\n\n<blockquote class=\"wp-block-quote is-layout-flow wp-block-quote-is-layout-flow\">\n<p class=\"wp-block-paragraph\">\u201cYahv\u00e9 de los ej\u00e9rcitos\u201d.<\/p>\n<\/blockquote>\n\n\n\n<p class=\"wp-block-paragraph\">No obstante, la extraordinaria autoridad del \u00c1ngel permanece.<\/p>\n\n\n\n<p class=\"wp-block-paragraph\">Preside la escena.<\/p>\n\n\n\n<p class=\"wp-block-paragraph\">Participa en la eliminaci\u00f3n simb\u00f3lica de la culpa.<\/p>\n\n\n\n<p class=\"wp-block-paragraph\">Pronuncia la comisi\u00f3n divina.<\/p>\n\n\n\n<p class=\"wp-block-paragraph\">Y constituye el punto de encuentro visible entre el sacerdote humano y la autoridad celestial.<\/p>\n\n\n\n<h2 id=\"mi-siervo-el-renuevo\" class=\"wp-block-heading\">\u201cMi siervo el Renuevo\u201d<\/h2>\n\n\n\n<p class=\"wp-block-paragraph\">La visi\u00f3n conduce finalmente hacia una promesa mesi\u00e1nica:<\/p>\n\n\n\n<blockquote class=\"wp-block-quote is-layout-flow wp-block-quote-is-layout-flow\">\n<p class=\"wp-block-paragraph\">\u201cHe aqu\u00ed, yo traigo a mi siervo el Renuevo\u201d (<a href=\"https:\/\/biblia.com\/bible\/rvr60\/Zec3.8\">Zac 3:8<\/a>).<\/p>\n<\/blockquote>\n\n\n\n<p class=\"wp-block-paragraph\">El t\u00e9rmino:<\/p>\n\n\n\n<blockquote class=\"wp-block-quote is-layout-flow wp-block-quote-is-layout-flow\">\n<p class=\"wp-block-paragraph\">\u05e6\u05b6\u05de\u05b7\u05d7<br><em>\u1e63ema\u1e25<\/em><br>\u201cRenuevo \/ brote\u201d<\/p>\n<\/blockquote>\n\n\n\n<p class=\"wp-block-paragraph\">posee antecedentes prof\u00e9ticos importantes, especialmente <a href=\"https:\/\/biblia.com\/bible\/rvr60\/Je23.5\">Jerem\u00edas 23:5<\/a> y <a href=\"https:\/\/biblia.com\/bible\/rvr60\/Je33.15\">Jerem\u00edas 33:15<\/a>.<\/p>\n\n\n\n<p class=\"wp-block-paragraph\">Esto es importante porque el cap\u00edtulo que contiene al \u00c1ngel de Yahv\u00e9 termina desplazando la mirada hacia <strong>otra figura futura<\/strong>, el Renuevo. <sup data-fn=\"f6eb46aa-166a-4beb-80b1-4b8913c71e6c\" class=\"fn\"><a href=\"#f6eb46aa-166a-4beb-80b1-4b8913c71e6c\" id=\"f6eb46aa-166a-4beb-80b1-4b8913c71e6c-link\">81<\/a><\/sup><\/p>\n\n\n\n<p class=\"wp-block-paragraph\">No debe identificarse autom\u00e1ticamente al \u00c1ngel con el Renuevo. El texto no lo hace.<\/p>\n\n\n\n<p class=\"wp-block-paragraph\">De hecho, la promesa:<\/p>\n\n\n\n<blockquote class=\"wp-block-quote is-layout-flow wp-block-quote-is-layout-flow\">\n<p class=\"wp-block-paragraph\">\u201cyo traigo a mi siervo el Renuevo\u201d<\/p>\n<\/blockquote>\n\n\n\n<p class=\"wp-block-paragraph\">sugiere que el Renuevo es una figura que todav\u00eda debe venir.<\/p>\n\n\n\n<p class=\"wp-block-paragraph\">Este dato resultar\u00e1 importante frente a algunas lecturas cristianas que tienden a fusionar demasiado r\u00e1pidamente todas las figuras celestiales o mesi\u00e1nicas.<\/p>\n\n\n\n<p class=\"wp-block-paragraph\">La ex\u00e9gesis rigurosa debe mantenerlas distinguidas hasta que exista evidencia textual suficiente para relacionarlas.<\/p>\n\n\n\n<h2 id=\"quitare-el-pecado-de-la-tierra-en-un-dia\" class=\"wp-block-heading\">\u201cQuitar\u00e9 el pecado de la tierra en un d\u00eda\u201d<\/h2>\n\n\n\n<p class=\"wp-block-paragraph\">La promesa culmina:<\/p>\n\n\n\n<blockquote class=\"wp-block-quote is-layout-flow wp-block-quote-is-layout-flow\">\n<p class=\"wp-block-paragraph\">\u201cy quitar\u00e9 el pecado de la tierra en un d\u00eda\u201d (<a href=\"https:\/\/biblia.com\/bible\/rvr60\/Zec3.9\">Zac 3:9<\/a>).<\/p>\n<\/blockquote>\n\n\n\n<p class=\"wp-block-paragraph\">La purificaci\u00f3n individual de Josu\u00e9 se convierte as\u00ed en anticipaci\u00f3n de una purificaci\u00f3n mucho mayor.<\/p>\n\n\n\n<p class=\"wp-block-paragraph\">El cap\u00edtulo comienza con un sacerdote acusado y termina con una promesa de remoci\u00f3n del pecado de la tierra.<\/p>\n\n\n\n<p class=\"wp-block-paragraph\">El \u00c1ngel participa en la primera escena.<\/p>\n\n\n\n<p class=\"wp-block-paragraph\">Yahv\u00e9 promete la segunda.<\/p>\n\n\n\n<p class=\"wp-block-paragraph\">Esta estructura refuerza nuevamente la funci\u00f3n mediadora del \u00c1ngel dentro de la obra restauradora de Dios.<\/p>\n\n\n\n<h2 id=\"distincion-mas-desarrollada-que-en-los-relatos-patriarcales\" class=\"wp-block-heading\">Distinci\u00f3n m\u00e1s desarrollada que en los relatos patriarcales<\/h2>\n\n\n\n<p class=\"wp-block-paragraph\">Zacar\u00edas introduce, por tanto, un cambio importante respecto de G\u00e9nesis y Jueces.<\/p>\n\n\n\n<p class=\"wp-block-paragraph\">En G\u00e9nesis 16:<\/p>\n\n\n\n<blockquote class=\"wp-block-quote is-layout-flow wp-block-quote-is-layout-flow\">\n<p class=\"wp-block-paragraph\">\u00c1ngel y Yahv\u00e9 pueden aparecer pr\u00e1cticamente superpuestos.<\/p>\n<\/blockquote>\n\n\n\n<p class=\"wp-block-paragraph\">En \u00c9xodo 3:<\/p>\n\n\n\n<blockquote class=\"wp-block-quote is-layout-flow wp-block-quote-is-layout-flow\">\n<p class=\"wp-block-paragraph\">\u00c1ngel, Yahv\u00e9 y Elohim aparecen dentro de una misma manifestaci\u00f3n.<\/p>\n<\/blockquote>\n\n\n\n<p class=\"wp-block-paragraph\">En Jueces 6:<\/p>\n\n\n\n<blockquote class=\"wp-block-quote is-layout-flow wp-block-quote-is-layout-flow\">\n<p class=\"wp-block-paragraph\">el narrador pasa de \u201c\u00c1ngel de Yahv\u00e9\u201d a \u201cYahv\u00e9\u201d.<\/p>\n<\/blockquote>\n\n\n\n<p class=\"wp-block-paragraph\">Pero en Zacar\u00edas:<\/p>\n\n\n\n<blockquote class=\"wp-block-quote is-layout-flow wp-block-quote-is-layout-flow\">\n<p class=\"wp-block-paragraph\">el \u00c1ngel <strong>intercede ante Yahv\u00e9<\/strong> (<a href=\"https:\/\/biblia.com\/bible\/rvr60\/Zec1.12\">Zac 1:12<\/a>);<\/p>\n<\/blockquote>\n\n\n\n<p class=\"wp-block-paragraph\">Yahv\u00e9 <strong>responde<\/strong> (<a href=\"https:\/\/biblia.com\/bible\/rvr60\/Zec1.13\">Zac 1:13<\/a>);<\/p>\n\n\n\n<p class=\"wp-block-paragraph\">y el \u00c1ngel puede declarar:<\/p>\n\n\n\n<blockquote class=\"wp-block-quote is-layout-flow wp-block-quote-is-layout-flow\">\n<p class=\"wp-block-paragraph\">\u201cAs\u00ed dice Yahv\u00e9 de los ej\u00e9rcitos\u201d (<a href=\"https:\/\/biblia.com\/bible\/rvr60\/Zec3.6-7\">Zac 3:6\u20137<\/a>).<\/p>\n<\/blockquote>\n\n\n\n<p class=\"wp-block-paragraph\">La distinci\u00f3n funcional aparece mucho m\u00e1s desarrollada.<\/p>\n\n\n\n<p class=\"wp-block-paragraph\">Esto podr\u00eda reflejar una evoluci\u00f3n de la angelolog\u00eda israelita, una diferencia de g\u00e9nero literario o simplemente distintas funciones del \u00c1ngel en diferentes contextos.<\/p>\n\n\n\n<p class=\"wp-block-paragraph\">Los estudios hist\u00f3rico-cr\u00edticos han explorado precisamente estas posibilidades.<\/p>\n\n\n\n<p class=\"wp-block-paragraph\"><strong>Carol y Eric Meyers<\/strong> y <strong>David Petersen<\/strong>, desde distintas aproximaciones, sit\u00faan las visiones dentro del desarrollo postex\u00edlico de una estructura celestial m\u00e1s elaborada.\u00b2 \u2074 La presencia de m\u00faltiples agentes angelicales e int\u00e9rpretes refleja un escenario visionario m\u00e1s complejo que el de los relatos patriarcales.<\/p>\n\n\n\n<p class=\"wp-block-paragraph\">Esto no significa autom\u00e1ticamente que exista una evoluci\u00f3n lineal desde \u201c\u00c1ngel = Dios\u201d hacia \u201c\u00c1ngel \u2260 Dios\u201d.<\/p>\n\n\n\n<p class=\"wp-block-paragraph\">La evidencia b\u00edblica es demasiado variada para una f\u00f3rmula tan simple.<\/p>\n\n\n\n<p class=\"wp-block-paragraph\">Pero s\u00ed parece existir un <strong>desarrollo en la explicitud con la que se distinguen los agentes celestiales<\/strong>.<\/p>\n\n\n\n<h2 id=\"una-tension-que-permanece\" class=\"wp-block-heading\">Una tensi\u00f3n que permanece<\/h2>\n\n\n\n<p class=\"wp-block-paragraph\">A pesar de esa distinci\u00f3n, Zacar\u00edas no convierte al \u00c1ngel de Yahv\u00e9 en un mensajero trivial.<\/p>\n\n\n\n<p class=\"wp-block-paragraph\">Su posici\u00f3n sigue siendo singular.<\/p>\n\n\n\n<p class=\"wp-block-paragraph\">En Zacar\u00edas 1:<\/p>\n\n\n\n<ul class=\"wp-block-list\">\n<li>recibe informes de los enviados celestiales;<\/li>\n\n\n\n<li>intercede por Jerusal\u00e9n;<\/li>\n\n\n\n<li>participa de la respuesta restauradora de Yahv\u00e9.<\/li>\n<\/ul>\n\n\n\n<p class=\"wp-block-paragraph\">En Zacar\u00edas 3:<\/p>\n\n\n\n<ul class=\"wp-block-list\">\n<li>Josu\u00e9 comparece delante de \u00e9l;<\/li>\n\n\n\n<li>est\u00e1 situado dentro de una corte celestial;<\/li>\n\n\n\n<li>participa en la remoci\u00f3n de la culpa sacerdotal;<\/li>\n\n\n\n<li>comunica directamente el decreto de Yahv\u00e9.<\/li>\n<\/ul>\n\n\n\n<p class=\"wp-block-paragraph\">El patr\u00f3n general comienza as\u00ed a adquirir una forma m\u00e1s precisa:<\/p>\n\n\n\n<blockquote class=\"wp-block-quote is-layout-flow wp-block-quote-is-layout-flow\">\n<p class=\"wp-block-paragraph\"><strong>El \u00c1ngel de Yahv\u00e9 puede estar claramente distinguido de Yahv\u00e9 y, al mismo tiempo, ocupar una posici\u00f3n excepcional dentro de la administraci\u00f3n de la presencia, la palabra, el juicio y la misericordia divinas.<\/strong><\/p>\n<\/blockquote>\n\n\n\n<p class=\"wp-block-paragraph\">Esta observaci\u00f3n ser\u00e1 importante cuando posteriormente evaluemos la interpretaci\u00f3n cristol\u00f3gica.<\/p>\n\n\n\n<p class=\"wp-block-paragraph\">La cristolog\u00eda antigua no podr\u00e1 basarse simplemente en decir:<\/p>\n\n\n\n<blockquote class=\"wp-block-quote is-layout-flow wp-block-quote-is-layout-flow\">\n<p class=\"wp-block-paragraph\">\u201cel \u00c1ngel siempre es llamado Yahv\u00e9\u201d.<\/p>\n<\/blockquote>\n\n\n\n<p class=\"wp-block-paragraph\">Zacar\u00edas demuestra que eso no es cierto.<\/p>\n\n\n\n<p class=\"wp-block-paragraph\">La cuesti\u00f3n real ser\u00e1 mucho m\u00e1s sofisticada:<\/p>\n\n\n\n<blockquote class=\"wp-block-quote is-layout-flow wp-block-quote-is-layout-flow\">\n<p class=\"wp-block-paragraph\"><strong>\u00bfc\u00f3mo debe entenderse una figura que en algunos textos es identificada narrativamente con Yahv\u00e9, mientras en otros aparece distingui\u00e9ndose de \u00e9l, intercediendo ante \u00e9l y comunicando sus decretos?<\/strong><\/p>\n<\/blockquote>\n\n\n\n<p class=\"wp-block-paragraph\">Precisamente esa combinaci\u00f3n de <strong>distinci\u00f3n y extraordinaria proximidad<\/strong> ser\u00e1 uno de los principales argumentos utilizados posteriormente por determinados int\u00e9rpretes cristianos para comprender al \u00c1ngel dentro de una teolog\u00eda del Logos.<\/p>\n\n\n\n<p class=\"wp-block-paragraph\">Pero tambi\u00e9n ser\u00e1 perfectamente compatible, dentro de la interpretaci\u00f3n jud\u00eda, con la categor\u00eda de un agente celestial supremo que permanece criatura y servidor de Dios.<\/p>\n\n\n\n<h2 id=\"sintesis-exegetica-de-zacarias\" class=\"wp-block-heading\">S\u00edntesis exeg\u00e9tica de Zacar\u00edas<\/h2>\n\n\n\n<p class=\"wp-block-paragraph\">Las visiones de Zacar\u00edas enriquecen de manera decisiva nuestra comprensi\u00f3n del \u00c1ngel de Yahv\u00e9.<\/p>\n\n\n\n<p class=\"wp-block-paragraph\">Primero, demuestran que la expresi\u00f3n <em>mal\u02beakh YHWH<\/em> no implica autom\u00e1ticamente una identificaci\u00f3n indistinguible con Yahv\u00e9.<\/p>\n\n\n\n<p class=\"wp-block-paragraph\">El \u00c1ngel puede decir:<\/p>\n\n\n\n<blockquote class=\"wp-block-quote is-layout-flow wp-block-quote-is-layout-flow\">\n<p class=\"wp-block-paragraph\">\u201cOh Yahv\u00e9 de los ej\u00e9rcitos, \u00bfhasta cu\u00e1ndo&#8230;?\u201d (<a href=\"https:\/\/biblia.com\/bible\/rvr60\/Zec1.12\">Zac 1:12<\/a>).<\/p>\n<\/blockquote>\n\n\n\n<p class=\"wp-block-paragraph\">Puede recibir una respuesta de Yahv\u00e9.<\/p>\n\n\n\n<p class=\"wp-block-paragraph\">Puede proclamar:<\/p>\n\n\n\n<blockquote class=\"wp-block-quote is-layout-flow wp-block-quote-is-layout-flow\">\n<p class=\"wp-block-paragraph\">\u201cAs\u00ed dice Yahv\u00e9 de los ej\u00e9rcitos\u201d (<a href=\"https:\/\/biblia.com\/bible\/rvr60\/Zec3.7\">Zac 3:7<\/a>).<\/p>\n<\/blockquote>\n\n\n\n<p class=\"wp-block-paragraph\">Por tanto, existe <strong>distinci\u00f3n real<\/strong>.<\/p>\n\n\n\n<p class=\"wp-block-paragraph\">Segundo, sin embargo, el \u00c1ngel ocupa una posici\u00f3n excepcional dentro de la corte celestial.<\/p>\n\n\n\n<p class=\"wp-block-paragraph\">No es simplemente uno m\u00e1s entre los mensajeros.<\/p>\n\n\n\n<p class=\"wp-block-paragraph\">Los exploradores celestiales le informan.<\/p>\n\n\n\n<p class=\"wp-block-paragraph\">Intercede por Jerusal\u00e9n.<\/p>\n\n\n\n<p class=\"wp-block-paragraph\">Josu\u00e9 comparece ante \u00e9l.<\/p>\n\n\n\n<p class=\"wp-block-paragraph\">Participa en su purificaci\u00f3n.<\/p>\n\n\n\n<p class=\"wp-block-paragraph\">Y comunica la voluntad restauradora de Yahv\u00e9.<\/p>\n\n\n\n<p class=\"wp-block-paragraph\">Tercero, Zacar\u00edas muestra que la figura debe estudiarse dentro de una angelolog\u00eda b\u00edblica m\u00e1s amplia. Existen otros \u00e1ngeles, un \u00e1ngel int\u00e9rprete y diversos agentes celestiales. Ya no podemos hablar del \u201c\u00c1ngel\u201d como si fuera la \u00fanica figura sobrenatural presente en la narraci\u00f3n.<\/p>\n\n\n\n<p class=\"wp-block-paragraph\">Finalmente, la presencia simult\u00e1nea del \u00c1ngel, la purificaci\u00f3n sacerdotal y la promesa del <strong>Renuevo<\/strong> prepara el terreno para desarrollos posteriores en la interpretaci\u00f3n jud\u00eda y cristiana, aunque el texto mismo mantenga distinguidas esas figuras.<\/p>\n\n\n\n<p class=\"wp-block-paragraph\">La evidencia acumulada hasta este punto conduce as\u00ed hacia una conclusi\u00f3n provisional cada vez m\u00e1s precisa:<\/p>\n\n\n\n<blockquote class=\"wp-block-quote is-layout-flow wp-block-quote-is-layout-flow\">\n<p class=\"wp-block-paragraph\"><strong>El \u00c1ngel de Yahv\u00e9 no posee en todos los textos exactamente la misma funci\u00f3n narrativa, pero reiteradamente aparece como un agente celestial excepcionalmente relacionado con la presencia, autoridad, palabra, salvaci\u00f3n y juicio de Yahv\u00e9. En algunos pasajes la identificaci\u00f3n narrativa con Dios es extraordinariamente intensa; en otros, especialmente Zacar\u00edas, la distinci\u00f3n entre ambos se hace expl\u00edcita. Cualquier teor\u00eda adecuada deber\u00e1 explicar los dos grupos de textos simult\u00e1neamente.<\/strong><\/p>\n<\/blockquote>\n\n\n\n<h1 id=\"sintesis-exegetica-de-las-principales-apariciones-del-angel-de-yahve\" class=\"wp-block-heading\">S\u00edntesis exeg\u00e9tica de las principales apariciones del \u00c1ngel de Yahv\u00e9<\/h1>\n\n\n\n<p class=\"wp-block-paragraph\">Despu\u00e9s de recorrer las principales apariciones del \u00c1ngel de Yahv\u00e9 desde las narraciones patriarcales hasta las visiones postex\u00edlicas de Zacar\u00edas, es posible observar que no estamos ante un fen\u00f3meno uniforme ni ante una figura cuya identidad pueda establecerse mediante un solo vers\u00edculo. El corpus presenta una combinaci\u00f3n compleja de <strong>distinci\u00f3n, representaci\u00f3n, presencia divina y autoridad delegada<\/strong>, expresada de distintas maneras seg\u00fan el g\u00e9nero literario, la \u00e9poca y la funci\u00f3n que el \u00c1ngel desempe\u00f1a dentro de cada relato.<\/p>\n\n\n\n<p class=\"wp-block-paragraph\">La importancia metodol\u00f3gica de este resultado es considerable. Una investigaci\u00f3n que partiera \u00fanicamente de <a href=\"https:\/\/biblia.com\/bible\/rvr60\/Ge16\">G\u00e9nesis 16<\/a> o <a href=\"https:\/\/biblia.com\/bible\/rvr60\/Ex3\">\u00c9xodo 3<\/a> podr\u00eda sentirse inclinada a identificar inmediatamente al \u00c1ngel con Yahv\u00e9. Por el contrario, una lectura basada exclusivamente en <a href=\"https:\/\/biblia.com\/bible\/rvr60\/Zec1.12\">Zacar\u00edas 1:12<\/a>, donde el \u00c1ngel intercede ante Yahv\u00e9, podr\u00eda concluir que se trata simplemente de un ser celestial claramente distinto de Dios. El conjunto de la evidencia impide ambas simplificaciones.<\/p>\n\n\n\n<p class=\"wp-block-paragraph\">Lo que debemos explicar no es un solo tipo de texto, sino <strong>todos los textos simult\u00e1neamente<\/strong>.<\/p>\n\n\n\n<p class=\"wp-block-paragraph\">En determinados relatos, el \u00c1ngel parece casi indistinguible de Yahv\u00e9 dentro de la narraci\u00f3n. En otros, se distingue claramente de \u00e9l. En algunos habla como Dios; en otros habla acerca de Dios. En ocasiones recibe o comunica acciones vinculadas con prerrogativas divinas; en otras dirige expl\u00edcitamente el culto hacia Yahv\u00e9. Y en Zacar\u00edas incluso intercede ante Yahv\u00e9 y utiliza la f\u00f3rmula prof\u00e9tica \u201cAs\u00ed dice Yahv\u00e9\u201d.<\/p>\n\n\n\n<p class=\"wp-block-paragraph\">La pregunta exeg\u00e9tica fundamental ya no puede formularse simplemente como:<\/p>\n\n\n\n<blockquote class=\"wp-block-quote is-layout-flow wp-block-quote-is-layout-flow\">\n<p class=\"wp-block-paragraph\"><strong>\u201c\u00bfEs el \u00c1ngel Yahv\u00e9 o no?\u201d<\/strong><\/p>\n<\/blockquote>\n\n\n\n<p class=\"wp-block-paragraph\">Debe reformularse:<\/p>\n\n\n\n<blockquote class=\"wp-block-quote is-layout-flow wp-block-quote-is-layout-flow\">\n<p class=\"wp-block-paragraph\"><strong>\u201c\u00bfQu\u00e9 tipo de relaci\u00f3n entre Yahv\u00e9 y su mensajero permite que la Biblia mantenga simult\u00e1neamente distinci\u00f3n e identificaci\u00f3n representativa en grados tan diferentes?\u201d<\/strong><\/p>\n<\/blockquote>\n\n\n\n<p class=\"wp-block-paragraph\">Esta pregunta nos permitir\u00e1 evaluar posteriormente las principales soluciones propuestas por la ex\u00e9gesis jud\u00eda, la patr\u00edstica cristiana y la investigaci\u00f3n moderna.<\/p>\n\n\n\n<h2 id=\"el-primer-patron-el-angel-habla-en-primera-persona-divina\" class=\"wp-block-heading\">El primer patr\u00f3n: el \u00c1ngel habla en primera persona divina<\/h2>\n\n\n\n<p class=\"wp-block-paragraph\">Uno de los elementos m\u00e1s persistentes del corpus es el uso de <strong>primera persona divina<\/strong> por parte del \u00c1ngel.<\/p>\n\n\n\n<p class=\"wp-block-paragraph\">En el relato de Agar, el \u00c1ngel declara:<\/p>\n\n\n\n<blockquote class=\"wp-block-quote is-layout-flow wp-block-quote-is-layout-flow\">\n<p class=\"wp-block-paragraph\">\u201cMultiplicar\u00e9 tanto tu descendencia, que no podr\u00e1 ser contada a causa de la multitud\u201d (<a href=\"https:\/\/biblia.com\/bible\/rvr60\/Ge16.10\">Gn 16:10<\/a>).<\/p>\n<\/blockquote>\n\n\n\n<p class=\"wp-block-paragraph\">La promesa de multiplicaci\u00f3n de descendencia pertenece precisamente al lenguaje de las promesas divinas del ciclo patriarcal; comp\u00e1rense <a href=\"https:\/\/biblia.com\/bible\/rvr60\/Ge12.2\">G\u00e9nesis 12:2<\/a>, <a href=\"https:\/\/biblia.com\/bible\/rvr60\/Ge15.5\">G\u00e9nesis 15:5<\/a> y <a href=\"https:\/\/biblia.com\/bible\/rvr60\/Ge17.2\">G\u00e9nesis 17:2<\/a>.<\/p>\n\n\n\n<p class=\"wp-block-paragraph\">En la <em>\u02bfAqedah<\/em>, el \u00c1ngel dice a Abraham:<\/p>\n\n\n\n<blockquote class=\"wp-block-quote is-layout-flow wp-block-quote-is-layout-flow\">\n<p class=\"wp-block-paragraph\">\u201cno me rehusaste tu hijo, tu \u00fanico\u201d (<a href=\"https:\/\/biblia.com\/bible\/rvr60\/Ge22.12\">Gn 22:12<\/a>).<\/p>\n<\/blockquote>\n\n\n\n<p class=\"wp-block-paragraph\">Posteriormente pronuncia el juramento:<\/p>\n\n\n\n<blockquote class=\"wp-block-quote is-layout-flow wp-block-quote-is-layout-flow\">\n<p class=\"wp-block-paragraph\">\u201cPor m\u00ed mismo he jurado, dice Jehov\u00e1\u201d (<a href=\"https:\/\/biblia.com\/bible\/rvr60\/Ge22.16\">Gn 22:16<\/a>),<\/p>\n<\/blockquote>\n\n\n\n<p class=\"wp-block-paragraph\">y termina afirmando:<\/p>\n\n\n\n<blockquote class=\"wp-block-quote is-layout-flow wp-block-quote-is-layout-flow\">\n<p class=\"wp-block-paragraph\">\u201cobedeciste a mi voz\u201d (<a href=\"https:\/\/biblia.com\/bible\/rvr60\/Ge22.18\">Gn 22:18<\/a>).<\/p>\n<\/blockquote>\n\n\n\n<p class=\"wp-block-paragraph\">En la historia de Jacob, el \u00c1ngel de Dios declara:<\/p>\n\n\n\n<blockquote class=\"wp-block-quote is-layout-flow wp-block-quote-is-layout-flow\">\n<p class=\"wp-block-paragraph\">\u201cYo soy el Dios de Bet-el, donde t\u00fa ungiste la piedra, y donde me hiciste un voto\u201d (<a href=\"https:\/\/biblia.com\/bible\/rvr60\/Ge31.13\">Gn 31:13<\/a>).<\/p>\n<\/blockquote>\n\n\n\n<p class=\"wp-block-paragraph\">Estos pasajes constituyen el fundamento principal de la interpretaci\u00f3n que entiende al \u00c1ngel como algo m\u00e1s que un mensajero celestial ordinario.<\/p>\n\n\n\n<p class=\"wp-block-paragraph\">Sin embargo, la explicaci\u00f3n mediante <strong>agencia representativa<\/strong> contin\u00faa siendo posible. Un enviado autorizado pod\u00eda transmitir en primera persona las palabras del remitente. La ex\u00e9gesis jud\u00eda tradicional ha utilizado precisamente este principio para preservar la distinci\u00f3n ontol\u00f3gica entre Yahv\u00e9 y los seres angelicales.<\/p>\n\n\n\n<p class=\"wp-block-paragraph\">El problema es que la primera persona no aparece aislada. Forma parte de una acumulaci\u00f3n de otros fen\u00f3menos.<\/p>\n\n\n\n<p class=\"wp-block-paragraph\"><strong>A. Henry Sawtelle<\/strong>, en su cl\u00e1sico estudio \u201cThe Angel of Jehovah\u201d, construy\u00f3 buena parte de su argumento precisamente de manera acumulativa: no sobre una sola expresi\u00f3n, sino sobre la convergencia entre nombres, acciones, recepci\u00f3n humana y autoridad atribuida al \u00c1ngel.<sup data-fn=\"57e94140-ea97-48e8-a6d8-a95fb242a510\" class=\"fn\"><a href=\"#57e94140-ea97-48e8-a6d8-a95fb242a510\" id=\"57e94140-ea97-48e8-a6d8-a95fb242a510-link\">82<\/a><\/sup> Aunque su interpretaci\u00f3n pertenece a una tradici\u00f3n confesional cristiana del siglo XIX y debe dialogar con la investigaci\u00f3n posterior, su intuici\u00f3n metodol\u00f3gica contin\u00faa siendo importante: <strong>la identidad de la figura debe evaluarse mediante el conjunto del corpus<\/strong>.<sup data-fn=\"a6dce9dd-de3c-4d82-8565-c502fdcf6999\" class=\"fn\"><a href=\"#a6dce9dd-de3c-4d82-8565-c502fdcf6999\" id=\"a6dce9dd-de3c-4d82-8565-c502fdcf6999-link\">83<\/a><\/sup><\/p>\n\n\n\n<h2 id=\"el-segundo-patron-el-narrador-alterna-entre-angel-y-yahve\" class=\"wp-block-heading\">El segundo patr\u00f3n: el narrador alterna entre \u00c1ngel y Yahv\u00e9<\/h2>\n\n\n\n<p class=\"wp-block-paragraph\">Un fen\u00f3meno todav\u00eda m\u00e1s significativo aparece cuando no es simplemente el \u00c1ngel quien habla con autoridad divina, sino el <strong>propio narrador<\/strong> quien cambia de designaci\u00f3n.<\/p>\n\n\n\n<p class=\"wp-block-paragraph\">En el encuentro con Agar se introduce:<\/p>\n\n\n\n<blockquote class=\"wp-block-quote is-layout-flow wp-block-quote-is-layout-flow\">\n<p class=\"wp-block-paragraph\">\u201cel \u00c1ngel de Jehov\u00e1\u201d (<a href=\"https:\/\/biblia.com\/bible\/rvr60\/Ge16.7\">Gn 16:7<\/a>),<\/p>\n<\/blockquote>\n\n\n\n<p class=\"wp-block-paragraph\">pero al final del encuentro el narrador habla de:<\/p>\n\n\n\n<blockquote class=\"wp-block-quote is-layout-flow wp-block-quote-is-layout-flow\">\n<p class=\"wp-block-paragraph\">\u201cJehov\u00e1 que con ella hablaba\u201d (<a href=\"https:\/\/biblia.com\/bible\/rvr60\/Ge16.13\">Gn 16:13<\/a>).<\/p>\n<\/blockquote>\n\n\n\n<p class=\"wp-block-paragraph\">En la zarza ardiente:<\/p>\n\n\n\n<blockquote class=\"wp-block-quote is-layout-flow wp-block-quote-is-layout-flow\">\n<p class=\"wp-block-paragraph\">\u201cse le apareci\u00f3 el \u00c1ngel de Jehov\u00e1\u201d (<a href=\"https:\/\/biblia.com\/bible\/rvr60\/Ex3.2\">Ex 3:2<\/a>),<\/p>\n<\/blockquote>\n\n\n\n<p class=\"wp-block-paragraph\">pero inmediatamente:<\/p>\n\n\n\n<blockquote class=\"wp-block-quote is-layout-flow wp-block-quote-is-layout-flow\">\n<p class=\"wp-block-paragraph\">\u201cViendo Jehov\u00e1 que \u00e9l iba a ver, lo llam\u00f3 Dios de en medio de la zarza\u201d (<a href=\"https:\/\/biblia.com\/bible\/rvr60\/Ex3.4\">Ex 3:4<\/a>).<\/p>\n<\/blockquote>\n\n\n\n<p class=\"wp-block-paragraph\">En el llamamiento de Gede\u00f3n:<\/p>\n\n\n\n<blockquote class=\"wp-block-quote is-layout-flow wp-block-quote-is-layout-flow\">\n<p class=\"wp-block-paragraph\">\u201cvino el \u00e1ngel de Jehov\u00e1\u201d (<a href=\"https:\/\/biblia.com\/bible\/rvr60\/Jdg6.11\">Jue 6:11<\/a>),<\/p>\n<\/blockquote>\n\n\n\n<p class=\"wp-block-paragraph\">pero pocos vers\u00edculos despu\u00e9s:<\/p>\n\n\n\n<blockquote class=\"wp-block-quote is-layout-flow wp-block-quote-is-layout-flow\">\n<p class=\"wp-block-paragraph\">\u201cmir\u00e1ndole Jehov\u00e1, le dijo&#8230;\u201d (<a href=\"https:\/\/biblia.com\/bible\/rvr60\/Jdg6.14\">Jue 6:14<\/a>).<\/p>\n<\/blockquote>\n\n\n\n<p class=\"wp-block-paragraph\">En ninguno de estos casos existe una explicaci\u00f3n del tipo:<\/p>\n\n\n\n<blockquote class=\"wp-block-quote is-layout-flow wp-block-quote-is-layout-flow\">\n<p class=\"wp-block-paragraph\">\u201centonces el \u00c1ngel dej\u00f3 de hablar y Yahv\u00e9 comenz\u00f3 a hablar\u201d.<\/p>\n<\/blockquote>\n\n\n\n<p class=\"wp-block-paragraph\">La transici\u00f3n ocurre naturalmente dentro del relato.<\/p>\n\n\n\n<p class=\"wp-block-paragraph\">Este fen\u00f3meno es m\u00e1s dif\u00edcil de explicar exclusivamente mediante una teor\u00eda del discurso directo del mensajero, porque aqu\u00ed no estamos solamente ante palabras pronunciadas por el enviado. Estamos ante <strong>la identificaci\u00f3n realizada por la voz narrativa<\/strong>.<\/p>\n\n\n\n<p class=\"wp-block-paragraph\">Comentaristas como <strong>Brevard S. Childs<\/strong>, <strong>Gordon J. Wenham<\/strong>, <strong>Daniel I. Block<\/strong> y otros, aunque interpretan estos textos desde marcos distintos, reconocen la extraordinaria proximidad narrativa existente entre Yahv\u00e9 y su mensajero.<sup data-fn=\"45fc6528-a65f-4982-91bd-ad7b22951139\" class=\"fn\"><a href=\"#45fc6528-a65f-4982-91bd-ad7b22951139\" id=\"45fc6528-a65f-4982-91bd-ad7b22951139-link\">84<\/a><\/sup> Sus an\u00e1lisis no deben uniformarse como si sostuvieran una misma teor\u00eda ontol\u00f3gica; lo que comparten es el reconocimiento de un fen\u00f3meno textual que requiere explicaci\u00f3n.<\/p>\n\n\n\n<p class=\"wp-block-paragraph\">La ex\u00e9gesis jud\u00eda puede seguir recurriendo aqu\u00ed a la representaci\u00f3n: la presencia del enviado es la presencia efectiva de quien lo env\u00eda. Sin embargo, debe reconocerse que el relato b\u00edblico utiliza esa identificaci\u00f3n de una manera especialmente intensa.<\/p>\n\n\n\n<h2 id=\"el-tercer-patron-el-angel-tambien-se-distingue-de-yahve\" class=\"wp-block-heading\">El tercer patr\u00f3n: el \u00c1ngel tambi\u00e9n se distingue de Yahv\u00e9<\/h2>\n\n\n\n<p class=\"wp-block-paragraph\">El argumento contrario resulta igualmente fuerte y debe recibir el mismo peso.<\/p>\n\n\n\n<p class=\"wp-block-paragraph\">El \u00c1ngel puede hablar <strong>acerca de Yahv\u00e9<\/strong>.<\/p>\n\n\n\n<p class=\"wp-block-paragraph\">A Agar le anuncia:<\/p>\n\n\n\n<blockquote class=\"wp-block-quote is-layout-flow wp-block-quote-is-layout-flow\">\n<p class=\"wp-block-paragraph\">\u201cJehov\u00e1 ha o\u00eddo tu aflicci\u00f3n\u201d (<a href=\"https:\/\/biblia.com\/bible\/rvr60\/Ge16.11\">Gn 16:11<\/a>).<\/p>\n<\/blockquote>\n\n\n\n<p class=\"wp-block-paragraph\">En Jueces 6 declara:<\/p>\n\n\n\n<blockquote class=\"wp-block-quote is-layout-flow wp-block-quote-is-layout-flow\">\n<p class=\"wp-block-paragraph\">\u201cJehov\u00e1 est\u00e1 contigo\u201d (<a href=\"https:\/\/biblia.com\/bible\/rvr60\/Jdg6.12\">Jue 6:12<\/a>).<\/p>\n<\/blockquote>\n\n\n\n<p class=\"wp-block-paragraph\">En Jueces 13 ordena a Manoa:<\/p>\n\n\n\n<blockquote class=\"wp-block-quote is-layout-flow wp-block-quote-is-layout-flow\">\n<p class=\"wp-block-paragraph\">\u201csi quieres hacer holocausto, ofr\u00e9celo a Jehov\u00e1\u201d (<a href=\"https:\/\/biblia.com\/bible\/rvr60\/Jdg13.16\">Jue 13:16<\/a>).<\/p>\n<\/blockquote>\n\n\n\n<p class=\"wp-block-paragraph\">Y en Zacar\u00edas la distinci\u00f3n alcanza su forma m\u00e1s expl\u00edcita cuando:<\/p>\n\n\n\n<blockquote class=\"wp-block-quote is-layout-flow wp-block-quote-is-layout-flow\">\n<p class=\"wp-block-paragraph\">\u201cRespondi\u00f3 el \u00e1ngel de Jehov\u00e1 y dijo: Oh Jehov\u00e1 de los ej\u00e9rcitos, \u00bfhasta cu\u00e1ndo no tendr\u00e1s piedad de Jerusal\u00e9n&#8230;?\u201d (<a href=\"https:\/\/biblia.com\/bible\/rvr60\/Zec1.12\">Zac 1:12<\/a>).<\/p>\n<\/blockquote>\n\n\n\n<p class=\"wp-block-paragraph\">Aqu\u00ed el \u00c1ngel no puede reducirse gramaticalmente a Yahv\u00e9 como si no existiera ninguna distinci\u00f3n. <strong>Intercede ante \u00e9l.<\/strong><\/p>\n\n\n\n<p class=\"wp-block-paragraph\">En <a href=\"https:\/\/biblia.com\/bible\/rvr60\/Zec3.6-7\">Zacar\u00edas 3:6\u20137<\/a>, adem\u00e1s, el \u00c1ngel utiliza la f\u00f3rmula:<\/p>\n\n\n\n<blockquote class=\"wp-block-quote is-layout-flow wp-block-quote-is-layout-flow\">\n<p class=\"wp-block-paragraph\">\u201cAs\u00ed dice Jehov\u00e1 de los ej\u00e9rcitos\u201d.<\/p>\n<\/blockquote>\n\n\n\n<p class=\"wp-block-paragraph\">Por tanto, una conclusi\u00f3n exeg\u00e9tica equilibrada debe rechazar la afirmaci\u00f3n:<\/p>\n\n\n\n<blockquote class=\"wp-block-quote is-layout-flow wp-block-quote-is-layout-flow\">\n<p class=\"wp-block-paragraph\">\u201cEn el Antiguo Testamento el \u00c1ngel de Yahv\u00e9 siempre habla exactamente como si fuera Yahv\u00e9\u201d.<\/p>\n<\/blockquote>\n\n\n\n<p class=\"wp-block-paragraph\">Eso sencillamente no es cierto.<\/p>\n\n\n\n<p class=\"wp-block-paragraph\">La evidencia presenta ambos polos. <sup data-fn=\"9f1e5f9e-2100-4fcb-ba53-83a9236731f6\" class=\"fn\"><a href=\"#9f1e5f9e-2100-4fcb-ba53-83a9236731f6\" id=\"9f1e5f9e-2100-4fcb-ba53-83a9236731f6-link\">85<\/a><\/sup><\/p>\n\n\n\n<p class=\"wp-block-paragraph\">Precisamente aqu\u00ed se encuentran las principales diferencias entre las tradiciones.<\/p>\n\n\n\n<p class=\"wp-block-paragraph\">La interpretaci\u00f3n jud\u00eda cl\u00e1sica afirma generalmente:<\/p>\n\n\n\n<blockquote class=\"wp-block-quote is-layout-flow wp-block-quote-is-layout-flow\">\n<p class=\"wp-block-paragraph\"><strong>distinci\u00f3n de ser + representaci\u00f3n de autoridad.<\/strong><\/p>\n<\/blockquote>\n\n\n\n<p class=\"wp-block-paragraph\">La interpretaci\u00f3n cristol\u00f3gica patr\u00edstica llegar\u00e1 a formular:<\/p>\n\n\n\n<blockquote class=\"wp-block-quote is-layout-flow wp-block-quote-is-layout-flow\">\n<p class=\"wp-block-paragraph\"><strong>distinci\u00f3n personal + participaci\u00f3n en la identidad divina.<\/strong><\/p>\n<\/blockquote>\n\n\n\n<p class=\"wp-block-paragraph\">La investigaci\u00f3n hist\u00f3rico-cr\u00edtica ha propuesto diferentes explicaciones: tradiciones teof\u00e1nicas, formas antiguas de representaci\u00f3n divina, evoluci\u00f3n de la angelolog\u00eda o integraci\u00f3n redaccional de tradiciones originalmente diferentes.<\/p>\n\n\n\n<h2 id=\"el-cuarto-patron-encontrarse-con-el-angel-puede-ser-descrito-como-encontrarse-con-dios\" class=\"wp-block-heading\">El cuarto patr\u00f3n: encontrarse con el \u00c1ngel puede ser descrito como encontrarse con Dios<\/h2>\n\n\n\n<p class=\"wp-block-paragraph\">La reacci\u00f3n humana constituye otra pieza fundamental.<\/p>\n\n\n\n<p class=\"wp-block-paragraph\">Jacob declara:<\/p>\n\n\n\n<blockquote class=\"wp-block-quote is-layout-flow wp-block-quote-is-layout-flow\">\n<p class=\"wp-block-paragraph\">\u201cVi a Dios cara a cara, y fue librada mi alma\u201d (<a href=\"https:\/\/biblia.com\/bible\/rvr60\/Ge32.30\">Gn 32:30<\/a>),<\/p>\n<\/blockquote>\n\n\n\n<p class=\"wp-block-paragraph\">mientras <a href=\"https:\/\/biblia.com\/bible\/rvr60\/Ho12.3-4\">Oseas 12:3\u20134<\/a> interpreta posteriormente aquel adversario mediante la categor\u00eda de <em>mal\u02beakh<\/em>.<\/p>\n\n\n\n<p class=\"wp-block-paragraph\">Gede\u00f3n, despu\u00e9s de comprender qui\u00e9n era su visitante, exclama:<\/p>\n\n\n\n<blockquote class=\"wp-block-quote is-layout-flow wp-block-quote-is-layout-flow\">\n<p class=\"wp-block-paragraph\">\u201che visto al \u00e1ngel de Jehov\u00e1 cara a cara\u201d (<a href=\"https:\/\/biblia.com\/bible\/rvr60\/Jdg6.22\">Jue 6:22<\/a>),<\/p>\n<\/blockquote>\n\n\n\n<p class=\"wp-block-paragraph\">y teme morir.<\/p>\n\n\n\n<p class=\"wp-block-paragraph\">Manoa lleva la conexi\u00f3n todav\u00eda m\u00e1s lejos:<\/p>\n\n\n\n<blockquote class=\"wp-block-quote is-layout-flow wp-block-quote-is-layout-flow\">\n<p class=\"wp-block-paragraph\">\u201cCiertamente moriremos, porque a Dios hemos visto\u201d (<a href=\"https:\/\/biblia.com\/bible\/rvr60\/Jdg13.22\">Jue 13:22<\/a>).<\/p>\n<\/blockquote>\n\n\n\n<p class=\"wp-block-paragraph\">La narraci\u00f3n acababa de afirmar:<\/p>\n\n\n\n<blockquote class=\"wp-block-quote is-layout-flow wp-block-quote-is-layout-flow\">\n<p class=\"wp-block-paragraph\">\u201cconoci\u00f3 Manoa que era el \u00e1ngel de Jehov\u00e1\u201d (<a href=\"https:\/\/biblia.com\/bible\/rvr60\/Jdg13.21\">Jue 13:21<\/a>).<\/p>\n<\/blockquote>\n\n\n\n<p class=\"wp-block-paragraph\">La transici\u00f3n es directa:<\/p>\n\n\n\n<p class=\"wp-block-paragraph\"><strong>\u00c1ngel de Yahv\u00e9 \u2192 \u201chemos visto a Dios\u201d.<\/strong><\/p>\n\n\n\n<p class=\"wp-block-paragraph\">Pero nuevamente debemos mantener precisi\u00f3n. La declaraci\u00f3n \u201chemos visto a Dios\u201d pertenece a <strong>Manoa<\/strong>, no a una definici\u00f3n metaf\u00edsica formulada por el narrador. Sin embargo, su esposa no corrige la identificaci\u00f3n; corrige \u00fanicamente la conclusi\u00f3n de que deben morir (<a href=\"https:\/\/biblia.com\/bible\/rvr60\/Jdg13.23\">Jue 13:23<\/a>).<\/p>\n\n\n\n<p class=\"wp-block-paragraph\">Estos textos pertenecen a una teolog\u00eda m\u00e1s amplia del peligro de contemplar lo divino:<\/p>\n\n\n\n<blockquote class=\"wp-block-quote is-layout-flow wp-block-quote-is-layout-flow\">\n<p class=\"wp-block-paragraph\">\u201cNo podr\u00e1s ver mi rostro; porque no me ver\u00e1 hombre, y vivir\u00e1\u201d (<a href=\"https:\/\/biblia.com\/bible\/rvr60\/Ex33.20\">Ex 33:20<\/a>).<\/p>\n<\/blockquote>\n\n\n\n<p class=\"wp-block-paragraph\">Por ello, la reacci\u00f3n de Gede\u00f3n y Manoa indica que experimentan la aparici\u00f3n angelical como <strong>contacto inmediato con la presencia divina<\/strong>.<\/p>\n\n\n\n<p class=\"wp-block-paragraph\">La explicaci\u00f3n jud\u00eda puede formularlo mediante representaci\u00f3n: contemplar al representante celestial de Dios equivale fenomenol\u00f3gicamente a encontrarse con la presencia de su remitente.<\/p>\n\n\n\n<p class=\"wp-block-paragraph\">La posterior interpretaci\u00f3n teof\u00e1nica considerar\u00e1 que la reacci\u00f3n humana confirma una manifestaci\u00f3n visible de Yahv\u00e9.<\/p>\n\n\n\n<p class=\"wp-block-paragraph\">Nuevamente, el dato textual permite m\u00e1s de una explicaci\u00f3n, pero exige explicar por qu\u00e9 un mensajero provoca precisamente esta clase de respuesta.<\/p>\n\n\n\n<h2 id=\"el-quinto-patron-el-angel-esta-vinculado-con-prerrogativas-y-funciones-divinas\" class=\"wp-block-heading\">El quinto patr\u00f3n: el \u00c1ngel est\u00e1 vinculado con prerrogativas y funciones divinas<\/h2>\n\n\n\n<p class=\"wp-block-paragraph\">La figura aparece tambi\u00e9n vinculada con acciones que, en otros textos, corresponden directamente a Yahv\u00e9.<\/p>\n\n\n\n<p class=\"wp-block-paragraph\">Promete multiplicar descendencia (<a href=\"https:\/\/biblia.com\/bible\/rvr60\/Ge16.10\">Gn 16:10<\/a>).<\/p>\n\n\n\n<p class=\"wp-block-paragraph\">Participa en la reafirmaci\u00f3n del pacto abrah\u00e1mico (<a href=\"https:\/\/biblia.com\/bible\/rvr60\/Ge22.15-18\">Gn 22:15\u201318<\/a>).<\/p>\n\n\n\n<p class=\"wp-block-paragraph\">Se presenta como redentor de Jacob:<\/p>\n\n\n\n<blockquote class=\"wp-block-quote is-layout-flow wp-block-quote-is-layout-flow\">\n<p class=\"wp-block-paragraph\">\u201cel \u00c1ngel que me liberta de todo mal\u201d (<a href=\"https:\/\/biblia.com\/bible\/rvr60\/Ge48.16\">Gn 48:16<\/a>).<\/p>\n<\/blockquote>\n\n\n\n<p class=\"wp-block-paragraph\">Conduce a Israel hacia Cana\u00e1n y posee el Nombre divino (<a href=\"https:\/\/biblia.com\/bible\/rvr60\/Ex23.20-23\">Ex 23:20\u201323<\/a>).<\/p>\n\n\n\n<p class=\"wp-block-paragraph\">Interviene en la purificaci\u00f3n de Josu\u00e9 (<a href=\"https:\/\/biblia.com\/bible\/rvr60\/Zec3.1-5\">Zac 3:1\u20135<\/a>).<\/p>\n\n\n\n<p class=\"wp-block-paragraph\">La acumulaci\u00f3n no significa que cada una de esas acciones sea absolutamente exclusiva de Dios. Un enviado puede liberar, proteger, juzgar o proclamar perd\u00f3n en representaci\u00f3n de una autoridad superior.<\/p>\n\n\n\n<p class=\"wp-block-paragraph\">La pregunta es m\u00e1s espec\u00edfica:<\/p>\n\n\n\n<blockquote class=\"wp-block-quote is-layout-flow wp-block-quote-is-layout-flow\">\n<p class=\"wp-block-paragraph\"><strong>\u00bfpor qu\u00e9 estas funciones aparecen concentradas repetidamente en esta figura particular?<\/strong><\/p>\n<\/blockquote>\n\n\n\n<p class=\"wp-block-paragraph\">Es aqu\u00ed donde la categor\u00eda de <strong>\u00c1ngel del Nombre<\/strong> se vuelve especialmente importante.<\/p>\n\n\n\n<h2 id=\"mi-nombre-esta-en-el-como-posible-clave-interpretativa\" class=\"wp-block-heading\">\u201cMi nombre est\u00e1 en \u00e9l\u201d como posible clave interpretativa<\/h2>\n\n\n\n<p class=\"wp-block-paragraph\"><a href=\"https:\/\/biblia.com\/bible\/rvr60\/Ex23.21\">\u00c9xodo 23:21<\/a> ofrece quiz\u00e1 la explicaci\u00f3n veterotestamentaria m\u00e1s expl\u00edcita de la autoridad extraordinaria del \u00c1ngel:<\/p>\n\n\n\n<blockquote class=\"wp-block-quote is-layout-flow wp-block-quote-is-layout-flow\">\n<p class=\"wp-block-paragraph\">\u201cporque mi nombre est\u00e1 en \u00e9l\u201d.<\/p>\n<\/blockquote>\n\n\n\n<p class=\"wp-block-paragraph\">El hebreo:<\/p>\n\n\n\n<blockquote class=\"wp-block-quote is-layout-flow wp-block-quote-is-layout-flow\">\n<p class=\"wp-block-paragraph\">\u05db\u05b4\u05bc\u05d9 \u05e9\u05b0\u05c1\u05de\u05b4\u05d9 \u05d1\u05b0\u05bc\u05e7\u05b4\u05e8\u05b0\u05d1\u05bc\u05d5\u05b9<br><em>k\u00ee \u0161\u0115m\u00ee beqirb\u00f4<\/em><\/p>\n<\/blockquote>\n\n\n\n<p class=\"wp-block-paragraph\">literalmente afirma que el Nombre de Yahv\u00e9 est\u00e1 <strong>\u201cen su interior\u201d<\/strong>.<\/p>\n\n\n\n<p class=\"wp-block-paragraph\">Esta declaraci\u00f3n puede funcionar como puente entre las dos grandes categor\u00edas de textos.<\/p>\n\n\n\n<p class=\"wp-block-paragraph\">El \u00c1ngel puede distinguirse de Yahv\u00e9 porque es un <strong>enviado<\/strong>.<\/p>\n\n\n\n<p class=\"wp-block-paragraph\">Pero puede representar a Yahv\u00e9 con una plenitud extraordinaria porque <strong>porta su Nombre<\/strong>.<\/p>\n\n\n\n<p class=\"wp-block-paragraph\">Desde una perspectiva jud\u00eda, esto puede comprenderse como investidura de autoridad.<\/p>\n\n\n\n<p class=\"wp-block-paragraph\">Desde una interpretaci\u00f3n teof\u00e1nica, puede entenderse como expresi\u00f3n de presencia divina personal.<\/p>\n\n\n\n<p class=\"wp-block-paragraph\">Desde la propuesta de <strong>Michael S. Heiser<\/strong>, forma parte de un conjunto de textos donde una manifestaci\u00f3n visible distinguible de Yahv\u00e9 participa simult\u00e1neamente de la identidad de Yahv\u00e9.<sup data-fn=\"a8c5e07e-fd81-40fe-9f7b-461040c96998\" class=\"fn\"><a href=\"#a8c5e07e-fd81-40fe-9f7b-461040c96998\" id=\"a8c5e07e-fd81-40fe-9f7b-461040c96998-link\">86<\/a><\/sup> Heiser incorpora esta evidencia dentro de una concepci\u00f3n de identidad divina m\u00e1s compleja de lo que permitir\u00eda un monote\u00edsmo entendido exclusivamente mediante categor\u00edas filos\u00f3ficas modernas.<\/p>\n\n\n\n<p class=\"wp-block-paragraph\">La propuesta posee considerable capacidad explicativa, pero tambi\u00e9n requiere cautela. Hablar de \u201cdos Yahv\u00e9s\u201d puede sugerir err\u00f3neamente dos deidades independientes, algo que no corresponde ni al argumento de Heiser ni a la teolog\u00eda del texto. M\u00e1s precisamente, su tesis intenta explicar c\u00f3mo el Antiguo Testamento puede presentar <strong>distinci\u00f3n de figuras sin divisi\u00f3n de la identidad divina suprema<\/strong>.<\/p>\n\n\n\n<p class=\"wp-block-paragraph\">La interpretaci\u00f3n jud\u00eda ofrece una explicaci\u00f3n alternativa mediante agencia sin necesidad de introducir complejidad intradivina.<\/p>\n\n\n\n<p class=\"wp-block-paragraph\">Ambos modelos deber\u00e1n evaluarse posteriormente.<\/p>\n\n\n\n<h2 id=\"el-sexto-patron-el-angel-no-recibe-culto-como-una-deidad-independiente\" class=\"wp-block-heading\">El sexto patr\u00f3n: el \u00c1ngel no recibe culto como una deidad independiente<\/h2>\n\n\n\n<p class=\"wp-block-paragraph\">Un dato igualmente importante es que el corpus nunca presenta al \u00c1ngel como un dios independiente que compite con Yahv\u00e9.<\/p>\n\n\n\n<p class=\"wp-block-paragraph\">En Jueces 13 dice expresamente:<\/p>\n\n\n\n<blockquote class=\"wp-block-quote is-layout-flow wp-block-quote-is-layout-flow\">\n<p class=\"wp-block-paragraph\">\u201csi quieres hacer holocausto, ofr\u00e9celo a Jehov\u00e1\u201d (<a href=\"https:\/\/biblia.com\/bible\/rvr60\/Jdg13.16\">Jue 13:16<\/a>).<\/p>\n<\/blockquote>\n\n\n\n<p class=\"wp-block-paragraph\">Gede\u00f3n construye finalmente:<\/p>\n\n\n\n<blockquote class=\"wp-block-quote is-layout-flow wp-block-quote-is-layout-flow\">\n<p class=\"wp-block-paragraph\">\u201caltar a Jehov\u00e1\u201d (<a href=\"https:\/\/biblia.com\/bible\/rvr60\/Jdg6.24\">Jue 6:24<\/a>).<\/p>\n<\/blockquote>\n\n\n\n<p class=\"wp-block-paragraph\">En Zacar\u00edas, el \u00c1ngel intercede ante Yahv\u00e9 (<a href=\"https:\/\/biblia.com\/bible\/rvr60\/Zec1.12\">Zac 1:12<\/a>).<\/p>\n\n\n\n<p class=\"wp-block-paragraph\">No existe, por tanto, una angelolatr\u00eda veterotestamentaria centrada en esta figura.<\/p>\n\n\n\n<p class=\"wp-block-paragraph\">Esto resulta fundamental.<\/p>\n\n\n\n<p class=\"wp-block-paragraph\">Si el \u00c1ngel participa de la identidad divina en determinados textos, lo hace <strong>dentro de la exclusividad cultual de Yahv\u00e9<\/strong>, no como una segunda deidad rival.<\/p>\n\n\n\n<p class=\"wp-block-paragraph\">Si, por el contrario, es un ser creado de rango excepcional, contin\u00faa siendo un servidor cuya autoridad procede completamente de Yahv\u00e9.<\/p>\n\n\n\n<p class=\"wp-block-paragraph\">Ambas interpretaciones convergen en un punto:<\/p>\n\n\n\n<blockquote class=\"wp-block-quote is-layout-flow wp-block-quote-is-layout-flow\">\n<p class=\"wp-block-paragraph\"><strong>el \u00c1ngel nunca constituye un centro de culto independiente del Dios de Israel.<\/strong><\/p>\n<\/blockquote>\n\n\n\n<p class=\"wp-block-paragraph\">Esta observaci\u00f3n ser\u00e1 muy importante cuando estudiemos el juda\u00edsmo del Segundo Templo y las especulaciones sobre figuras como Sabidur\u00eda, Logos, Yahoel o Metatr\u00f3n. La cuesti\u00f3n que preocup\u00f3 posteriormente a determinadas corrientes jud\u00edas no fue simplemente la existencia de seres celestiales exaltados, sino <strong>hasta d\u00f3nde pod\u00eda llegar su participaci\u00f3n en atributos y prerrogativas divinos sin comprometer la unicidad de Dios<\/strong>.<\/p>\n\n\n\n<h2 id=\"se-trata-siempre-del-mismo-angel\" class=\"wp-block-heading\">\u00bfSe trata siempre del mismo \u00c1ngel?<\/h2>\n\n\n\n<p class=\"wp-block-paragraph\">Otra cuesti\u00f3n que debe plantearse antes de avanzar es si todas las apariciones estudiadas se refieren necesariamente al mismo ser.<\/p>\n\n\n\n<p class=\"wp-block-paragraph\">La expresi\u00f3n <em>mal\u02beakh YHWH<\/em> puede funcionar gramaticalmente como \u201cmensajero de Yahv\u00e9\u201d y no necesariamente como un nombre propio permanente.<\/p>\n\n\n\n<p class=\"wp-block-paragraph\">Por ello, no podemos asumir simplemente:<\/p>\n\n\n\n<blockquote class=\"wp-block-quote is-layout-flow wp-block-quote-is-layout-flow\">\n<p class=\"wp-block-paragraph\"><em>mal\u02beakh YHWH<\/em> = un \u00fanico individuo celestial que aparece siempre.<\/p>\n<\/blockquote>\n\n\n\n<p class=\"wp-block-paragraph\">El contexto debe decidirlo.<\/p>\n\n\n\n<p class=\"wp-block-paragraph\">\u00c9xodo 33 resulta particularmente importante porque Yahv\u00e9 puede prometer:<\/p>\n\n\n\n<blockquote class=\"wp-block-quote is-layout-flow wp-block-quote-is-layout-flow\">\n<p class=\"wp-block-paragraph\">\u201cenviar\u00e9 delante de ti el \u00e1ngel\u201d (<a href=\"https:\/\/biblia.com\/bible\/rvr60\/Ex33.2\">Ex 33:2<\/a>),<\/p>\n<\/blockquote>\n\n\n\n<p class=\"wp-block-paragraph\">y simult\u00e1neamente declarar:<\/p>\n\n\n\n<blockquote class=\"wp-block-quote is-layout-flow wp-block-quote-is-layout-flow\">\n<p class=\"wp-block-paragraph\">\u201cyo no subir\u00e9 en medio de ti\u201d (<a href=\"https:\/\/biblia.com\/bible\/rvr60\/Ex33.3\">Ex 33:3<\/a>).<\/p>\n<\/blockquote>\n\n\n\n<p class=\"wp-block-paragraph\">Esto muestra que <strong>la mera presencia de un \u00e1ngel no equivale necesariamente a la presencia personal de Yahv\u00e9<\/strong>.<\/p>\n\n\n\n<p class=\"wp-block-paragraph\">La figura de <a href=\"https:\/\/biblia.com\/bible\/rvr60\/Ex23.20-21\">\u00c9xodo 23:20\u201321<\/a>, en cambio, posee una caracter\u00edstica excepcional:<\/p>\n\n\n\n<blockquote class=\"wp-block-quote is-layout-flow wp-block-quote-is-layout-flow\">\n<p class=\"wp-block-paragraph\">\u201cmi nombre est\u00e1 en \u00e9l\u201d.<\/p>\n<\/blockquote>\n\n\n\n<p class=\"wp-block-paragraph\">Por ello, debemos considerar seriamente la posibilidad de que el Antiguo Testamento conozca <strong>diferentes grados o formas de mediaci\u00f3n angelical<\/strong>.<\/p>\n\n\n\n<p class=\"wp-block-paragraph\">El <em>mal\u02beakh YHWH<\/em> teof\u00e1nico de determinadas narraciones podr\u00eda ser una figura espec\u00edfica.<\/p>\n\n\n\n<p class=\"wp-block-paragraph\">O la expresi\u00f3n podr\u00eda funcionar de manera m\u00e1s flexible, adquiriendo diferente fuerza seg\u00fan el relato.<\/p>\n\n\n\n<p class=\"wp-block-paragraph\">O las diferencias podr\u00edan reflejar distintos estratos y tradiciones literarias posteriormente integrados en el canon.<\/p>\n\n\n\n<p class=\"wp-block-paragraph\">No existe todav\u00eda suficiente evidencia para seleccionar dogm\u00e1ticamente una \u00fanica soluci\u00f3n.<\/p>\n\n\n\n<h2 id=\"la-hipotesis-historico-critica\" class=\"wp-block-heading\">La hip\u00f3tesis hist\u00f3rico-cr\u00edtica<\/h2>\n\n\n\n<p class=\"wp-block-paragraph\">La investigaci\u00f3n hist\u00f3rico-cr\u00edtica ha propuesto frecuentemente que parte de la alternancia \u00c1ngel\/Yahv\u00e9 puede explicarse mediante el desarrollo de las tradiciones.<\/p>\n\n\n\n<p class=\"wp-block-paragraph\">Una hip\u00f3tesis cl\u00e1sica sostiene que antiguas narraciones hablaban directamente de apariciones de Yahv\u00e9 y que, en determinados momentos del proceso de transmisi\u00f3n, la figura del \u201c\u00c1ngel de Yahv\u00e9\u201d fue introducida para proteger la trascendencia divina.<\/p>\n\n\n\n<p class=\"wp-block-paragraph\">Esta propuesta podr\u00eda explicar por qu\u00e9 algunos relatos pasan tan f\u00e1cilmente del \u00c1ngel a Yahv\u00e9: la forma angelical ser\u00eda una especie de <strong>intermediaci\u00f3n secundaria<\/strong> colocada sobre una tradici\u00f3n teof\u00e1nica anterior.<\/p>\n\n\n\n<p class=\"wp-block-paragraph\">Sin embargo, esta explicaci\u00f3n enfrenta dificultades.<\/p>\n\n\n\n<p class=\"wp-block-paragraph\">Primero, no puede demostrarse autom\u00e1ticamente para todos los pasajes.<\/p>\n\n\n\n<p class=\"wp-block-paragraph\">Segundo, incluso si explica la historia composicional de una determinada narraci\u00f3n, todav\u00eda debemos interpretar <strong>la forma final del texto<\/strong>, donde ambas categor\u00edas aparecen deliberadamente juntas.<\/p>\n\n\n\n<p class=\"wp-block-paragraph\">Tercero, textos como <a href=\"https:\/\/biblia.com\/bible\/rvr60\/Ex23.20-21\">\u00c9xodo 23:20\u201321<\/a> desarrollan una teolog\u00eda positiva del \u00c1ngel que dif\u00edcilmente puede explicarse simplemente como sustituci\u00f3n reverencial del nombre divino.<\/p>\n\n\n\n<p class=\"wp-block-paragraph\"><strong>Claus Westermann<\/strong>, <strong>Gerhard von Rad<\/strong> y otros representantes de la ex\u00e9gesis cr\u00edtica cl\u00e1sica prestaron considerable atenci\u00f3n a la historia de las tradiciones detr\u00e1s de estos relatos.<sup data-fn=\"44d23e85-8b1c-4efb-8c74-3848132537f4\" class=\"fn\"><a href=\"#44d23e85-8b1c-4efb-8c74-3848132537f4\" id=\"44d23e85-8b1c-4efb-8c74-3848132537f4-link\">87<\/a><\/sup> Sus an\u00e1lisis siguen siendo indispensables, pero no deben utilizarse para convertir una hip\u00f3tesis diacr\u00f3nica en sustituto del an\u00e1lisis sincr\u00f3nico del texto final.<sup data-fn=\"c6f229c2-379d-44b3-97df-469b417dbbfb\" class=\"fn\"><a href=\"#c6f229c2-379d-44b3-97df-469b417dbbfb\" id=\"c6f229c2-379d-44b3-97df-469b417dbbfb-link\">88<\/a><\/sup><\/p>\n\n\n\n<h2 id=\"la-hipotesis-de-agencia-o-representacion\" class=\"wp-block-heading\">La hip\u00f3tesis de agencia o representaci\u00f3n<\/h2>\n\n\n\n<p class=\"wp-block-paragraph\">La explicaci\u00f3n jud\u00eda tradicional y numerosos estudios modernos recurren al concepto de <strong>agencia<\/strong>.<\/p>\n\n\n\n<p class=\"wp-block-paragraph\">Aunque los comentaristas medievales jud\u00edos no formulan necesariamente una teor\u00eda uniforme bajo ese nombre t\u00e9cnico, Rashi, Ibn Ezra, Rashbam y Ramban recurren repetidamente, en los pasajes estudiados, a la distinci\u00f3n entre Dios y su mensajero y a la capacidad del enviado para comunicar la palabra y autoridad de Dios sin convertirse por ello en el Creador.<sup data-fn=\"5476ba78-6fdf-4462-9176-1295dca0eb4f\" class=\"fn\"><a href=\"#5476ba78-6fdf-4462-9176-1295dca0eb4f\" id=\"5476ba78-6fdf-4462-9176-1295dca0eb4f-link\">89<\/a><\/sup><\/p>\n\n\n\n<p class=\"wp-block-paragraph\">El principio puede formularse sencillamente:<\/p>\n\n\n\n<blockquote class=\"wp-block-quote is-layout-flow wp-block-quote-is-layout-flow\">\n<p class=\"wp-block-paragraph\">el enviado representa a quien lo env\u00eda de tal manera que su palabra puede ser considerada palabra del remitente.<\/p>\n<\/blockquote>\n\n\n\n<p class=\"wp-block-paragraph\">Este modelo explica muchos datos.<\/p>\n\n\n\n<p class=\"wp-block-paragraph\">Explica por qu\u00e9 el \u00c1ngel puede decir:<\/p>\n\n\n\n<blockquote class=\"wp-block-quote is-layout-flow wp-block-quote-is-layout-flow\">\n<p class=\"wp-block-paragraph\">\u201cYo soy el Dios de Bet-el\u201d (<a href=\"https:\/\/biblia.com\/bible\/rvr60\/Ge31.13\">Gn 31:13<\/a>),<\/p>\n<\/blockquote>\n\n\n\n<p class=\"wp-block-paragraph\">sin necesidad de ser ontol\u00f3gicamente Dios.<\/p>\n\n\n\n<p class=\"wp-block-paragraph\">Explica por qu\u00e9 obedecer la voz del \u00c1ngel equivale a obedecer a Yahv\u00e9 (<a href=\"https:\/\/biblia.com\/bible\/rvr60\/Ex23.21-22\">Ex 23:21\u201322<\/a>).<\/p>\n\n\n\n<p class=\"wp-block-paragraph\">Explica c\u00f3mo encontrarse con el representante de Dios puede ser descrito fenomenol\u00f3gicamente como encuentro con Dios.<\/p>\n\n\n\n<p class=\"wp-block-paragraph\">Adem\u00e1s, preserva naturalmente los textos de clara distinci\u00f3n, especialmente Zacar\u00edas.<\/p>\n\n\n\n<p class=\"wp-block-paragraph\">Por ello, la hip\u00f3tesis de agencia posee considerable fuerza.<\/p>\n\n\n\n<p class=\"wp-block-paragraph\">Sin embargo, debe evitarse utilizarla como f\u00f3rmula autom\u00e1tica que cierre la investigaci\u00f3n antes de examinar los detalles.<\/p>\n\n\n\n<p class=\"wp-block-paragraph\">Mois\u00e9s es agente de Yahv\u00e9.<\/p>\n\n\n\n<p class=\"wp-block-paragraph\">Los profetas son agentes de Yahv\u00e9.<\/p>\n\n\n\n<p class=\"wp-block-paragraph\">Otros \u00e1ngeles son agentes de Yahv\u00e9.<\/p>\n\n\n\n<p class=\"wp-block-paragraph\">Pero el texto no dice normalmente de ellos:<\/p>\n\n\n\n<blockquote class=\"wp-block-quote is-layout-flow wp-block-quote-is-layout-flow\">\n<p class=\"wp-block-paragraph\">\u201cmi Nombre est\u00e1 en \u00e9l\u201d,<\/p>\n<\/blockquote>\n\n\n\n<p class=\"wp-block-paragraph\">ni los introduce para luego comenzar a denominarlos directamente Yahv\u00e9.<\/p>\n\n\n\n<p class=\"wp-block-paragraph\">Por ello, la pregunta no es solamente:<\/p>\n\n\n\n<blockquote class=\"wp-block-quote is-layout-flow wp-block-quote-is-layout-flow\">\n<p class=\"wp-block-paragraph\">\u201c\u00bfExiste agencia?\u201d<\/p>\n<\/blockquote>\n\n\n\n<p class=\"wp-block-paragraph\">La respuesta evidentemente es s\u00ed.<\/p>\n\n\n\n<p class=\"wp-block-paragraph\">La pregunta es:<\/p>\n\n\n\n<blockquote class=\"wp-block-quote is-layout-flow wp-block-quote-is-layout-flow\">\n<p class=\"wp-block-paragraph\"><strong>\u201c\u00bfEs la agencia ordinaria suficiente para explicar la extraordinaria intensidad de representaci\u00f3n atribuida al \u00c1ngel en determinados textos?\u201d<\/strong><\/p>\n<\/blockquote>\n\n\n\n<p class=\"wp-block-paragraph\">Ese ser\u00e1 uno de los puntos centrales de nuestra evaluaci\u00f3n posterior.<\/p>\n\n\n\n<h2 id=\"la-hipotesis-teofanica\" class=\"wp-block-heading\">La hip\u00f3tesis teof\u00e1nica<\/h2>\n\n\n\n<p class=\"wp-block-paragraph\">Una segunda interpretaci\u00f3n entiende al \u00c1ngel como una forma de <strong>teofan\u00eda<\/strong>, es decir, una manifestaci\u00f3n perceptible de Yahv\u00e9.<\/p>\n\n\n\n<p class=\"wp-block-paragraph\">Este modelo explica especialmente bien las transiciones:<\/p>\n\n\n\n<blockquote class=\"wp-block-quote is-layout-flow wp-block-quote-is-layout-flow\">\n<p class=\"wp-block-paragraph\">\u00c1ngel \u2192 Yahv\u00e9<\/p>\n<\/blockquote>\n\n\n\n<p class=\"wp-block-paragraph\">de G\u00e9nesis 16, \u00c9xodo 3 y Jueces 6.<\/p>\n\n\n\n<p class=\"wp-block-paragraph\">Tambi\u00e9n explica el temor de Gede\u00f3n y Manoa y la convicci\u00f3n de haber tenido contacto con Dios.<\/p>\n\n\n\n<p class=\"wp-block-paragraph\">Bajo este enfoque, \u201c\u00c1ngel de Yahv\u00e9\u201d no designar\u00eda necesariamente una criatura ang\u00e9lica independiente, sino <strong>Yahv\u00e9 en cuanto se manifiesta como mensajero de su propia presencia<\/strong>.<\/p>\n\n\n\n<p class=\"wp-block-paragraph\">Esta perspectiva aparece de diferentes maneras en la historia de la interpretaci\u00f3n y no debe identificarse autom\u00e1ticamente con la cristofan\u00eda. Es posible sostener una interpretaci\u00f3n teof\u00e1nica sin concluir que la manifestaci\u00f3n sea espec\u00edficamente el Hijo preencarnado.<\/p>\n\n\n\n<p class=\"wp-block-paragraph\">Esta distinci\u00f3n resulta crucial.<\/p>\n\n\n\n<p class=\"wp-block-paragraph\">Podemos tener:<\/p>\n\n\n\n<p class=\"wp-block-paragraph\"><strong>teofan\u00eda:<\/strong> manifestaci\u00f3n visible de Dios.<\/p>\n\n\n\n<p class=\"wp-block-paragraph\">y posteriormente:<\/p>\n\n\n\n<p class=\"wp-block-paragraph\"><strong>cristofan\u00eda:<\/strong> identificaci\u00f3n espec\u00edficamente cristiana de esa manifestaci\u00f3n con el Logos\/Hijo antes de la encarnaci\u00f3n.<\/p>\n\n\n\n<p class=\"wp-block-paragraph\">La segunda incluye una afirmaci\u00f3n que la primera no exige necesariamente.<\/p>\n\n\n\n<h2 id=\"la-hipotesis-cristofanica\" class=\"wp-block-heading\">La hip\u00f3tesis cristof\u00e1nica<\/h2>\n\n\n\n<p class=\"wp-block-paragraph\">La interpretaci\u00f3n cristiana tradicional ir\u00e1 todav\u00eda m\u00e1s lejos y sostendr\u00e1 que el \u00c1ngel de Yahv\u00e9 es, al menos en determinadas apariciones, <strong>el Logos o Hijo de Dios antes de su encarnaci\u00f3n<\/strong>.<\/p>\n\n\n\n<p class=\"wp-block-paragraph\">Esta interpretaci\u00f3n encuentra su principal fundamento en la combinaci\u00f3n de:<\/p>\n\n\n\n<ul class=\"wp-block-list\">\n<li>distinci\u00f3n respecto de Yahv\u00e9,<\/li>\n\n\n\n<li>lenguaje divino en primera persona,<\/li>\n\n\n\n<li>reconocimiento como Dios,<\/li>\n\n\n\n<li>participaci\u00f3n en prerrogativas divinas,<\/li>\n\n\n\n<li>y visibilidad.<\/li>\n<\/ul>\n\n\n\n<p class=\"wp-block-paragraph\">La l\u00f3gica patr\u00edstica ser\u00e1 aproximadamente la siguiente:<\/p>\n\n\n\n<p class=\"wp-block-paragraph\">el Padre es trascendente e invisible;<\/p>\n\n\n\n<p class=\"wp-block-paragraph\">sin embargo, Dios aparece visiblemente en el Antiguo Testamento;<\/p>\n\n\n\n<p class=\"wp-block-paragraph\">la Escritura distingue en determinadas escenas entre quien env\u00eda y quien es enviado;<\/p>\n\n\n\n<p class=\"wp-block-paragraph\">por tanto, aquel que se manifiesta puede ser comprendido como el Logos divino.<\/p>\n\n\n\n<p class=\"wp-block-paragraph\">Esta interpretaci\u00f3n aparece muy tempranamente en autores como <strong>Justino M\u00e1rtir<\/strong>, quien utiliza precisamente las teofan\u00edas patriarcales y mosaicas dentro de su argumentaci\u00f3n cristol\u00f3gica.<\/p>\n\n\n\n<p class=\"wp-block-paragraph\">Sin embargo, todav\u00eda no corresponde evaluarla plenamente.<\/p>\n\n\n\n<p class=\"wp-block-paragraph\">Antes debemos estudiar <strong>c\u00f3mo lleg\u00f3 el juda\u00edsmo anterior y contempor\u00e1neo al cristianismo a conceptualizar agentes divinos exaltados<\/strong>, porque el debate patr\u00edstico no surgi\u00f3 en un vac\u00edo intelectual.<\/p>\n\n\n\n<h2 id=\"hacia-la-historia-de-la-interpretacion\" class=\"wp-block-heading\">Hacia la historia de la interpretaci\u00f3n<\/h2>\n\n\n\n<p class=\"wp-block-paragraph\">La evidencia veterotestamentaria nos deja, por tanto, con una tensi\u00f3n que debe conservarse.<\/p>\n\n\n\n<p class=\"wp-block-paragraph\">El \u00c1ngel es:<\/p>\n\n\n\n<p class=\"wp-block-paragraph\"><strong>enviado<\/strong>, pero puede hablar como quien env\u00eda;<\/p>\n\n\n\n<p class=\"wp-block-paragraph\"><strong>distinguido de Yahv\u00e9<\/strong>, pero puede ser llamado o experimentado como Dios;<\/p>\n\n\n\n<p class=\"wp-block-paragraph\"><strong>intercesor ante Yahv\u00e9<\/strong>, pero tambi\u00e9n portador de su Nombre;<\/p>\n\n\n\n<p class=\"wp-block-paragraph\"><strong>mensajero<\/strong>, pero relacionado con promesa, redenci\u00f3n, juicio y purificaci\u00f3n;<\/p>\n\n\n\n<p class=\"wp-block-paragraph\"><strong>no recibe culto independiente<\/strong>, pero aparece dentro de experiencias teof\u00e1nicas;<\/p>\n\n\n\n<p class=\"wp-block-paragraph\"><strong>visible<\/strong>, mientras Yahv\u00e9 mismo es presentado en otros textos como aquel cuyo rostro el ser humano no puede contemplar plenamente.<\/p>\n\n\n\n<p class=\"wp-block-paragraph\">Ninguna explicaci\u00f3n adecuada puede escoger \u00fanicamente una mitad de esta evidencia.<\/p>\n\n\n\n<p class=\"wp-block-paragraph\">Por ello, antes de concluir definitivamente acerca de la identidad del \u00c1ngel, debemos estudiar c\u00f3mo estos textos fueron recibidos.<\/p>\n\n\n\n<p class=\"wp-block-paragraph\">El siguiente gran bloque de nuestra investigaci\u00f3n debe abandonar temporalmente la ex\u00e9gesis de pasajes individuales y preguntar:<\/p>\n\n\n\n<blockquote class=\"wp-block-quote is-layout-flow wp-block-quote-is-layout-flow\">\n<p class=\"wp-block-paragraph\"><strong>\u00bfC\u00f3mo entendieron esta figura los int\u00e9rpretes jud\u00edos y cristianos?<\/strong><\/p>\n<\/blockquote>\n\n\n\n<p class=\"wp-block-paragraph\">La respuesta requiere comenzar antes del cristianismo.<\/p>\n\n\n\n<p class=\"wp-block-paragraph\">Entre el Antiguo Testamento y los Padres de la Iglesia encontramos un per\u00edodo decisivo: el <strong>juda\u00edsmo del Segundo Templo<\/strong>. Durante esos siglos se desarrollaron reflexiones sobre la Sabidur\u00eda divina, el Nombre, el Logos, exaltados mediadores celestiales, el \u201cHijo del Hombre\u201d, figuras como Yahoel y otros agentes que ocupan posiciones extraordinariamente cercanas al trono divino.<\/p>\n\n\n\n<p class=\"wp-block-paragraph\">No todas estas figuras son equivalentes al \u00c1ngel de Yahv\u00e9, y ser\u00eda metodol\u00f3gicamente incorrecto identificarlas sin m\u00e1s. Pero proporcionan el ambiente conceptual en el que jud\u00edos del per\u00edodo pudieron hablar de <strong>agentes celestiales que participaban extraordinariamente de la autoridad divina sin abandonar necesariamente la confesi\u00f3n de un \u00fanico Dios<\/strong>.<\/p>\n\n\n\n<p class=\"wp-block-paragraph\">Ese ser\u00e1 el contexto indispensable para comprender posteriormente por qu\u00e9 los primeros cristianos pudieron identificar determinadas teofan\u00edas veterotestamentarias con Cristo y por qu\u00e9 la tradici\u00f3n rab\u00ednica posterior reaccion\u00f3 con tanta fuerza contra ciertas concepciones de poderes celestiales exaltados. En este punto ser\u00e1 especialmente importante el estudio de <strong>Alan F. Segal<\/strong> sobre la tradici\u00f3n rab\u00ednica de los llamados <strong>\u201cdos poderes en el cielo\u201d<\/strong>, aunque su reconstrucci\u00f3n hist\u00f3rica deber\u00e1 manejarse con cautela y en di\u00e1logo con investigaciones posteriores. <sup data-fn=\"43f1ec4c-526f-406a-b2f3-54773368b6c7\" class=\"fn\"><a href=\"#43f1ec4c-526f-406a-b2f3-54773368b6c7\" id=\"43f1ec4c-526f-406a-b2f3-54773368b6c7-link\">90<\/a><\/sup><\/p>\n\n\n\n<h2 id=\"el-angel-de-yahve-y-los-mediadores-celestiales-en-el-judaismo-del-segundo-templo\" class=\"wp-block-heading\">El \u00c1ngel de Yahv\u00e9 y los mediadores celestiales en el juda\u00edsmo del Segundo Templo<\/h2>\n\n\n\n<p class=\"wp-block-paragraph\">El estudio de las apariciones veterotestamentarias del \u00c1ngel de Yahv\u00e9 nos ha llevado a una conclusi\u00f3n provisional: los textos presentan una figura que puede ser distinguida de Yahv\u00e9 y, sin embargo, participar de manera extraordinaria de su presencia, autoridad, Nombre y actividad. Para comprender c\u00f3mo pudieron ser recibidas semejantes tradiciones en los siglos anteriores y posteriores al surgimiento del cristianismo, es necesario situarlas dentro del desarrollo m\u00e1s amplio de la reflexi\u00f3n jud\u00eda acerca del mundo celestial.<\/p>\n\n\n\n<p class=\"wp-block-paragraph\">Este paso resulta metodol\u00f3gicamente indispensable. Existe el peligro de saltar directamente desde <a href=\"https:\/\/biblia.com\/bible\/rvr60\/Ex3\">\u00c9xodo 3<\/a> o <a href=\"https:\/\/biblia.com\/bible\/rvr60\/Jdg13\">Jueces 13<\/a> hasta la doctrina cristiana posterior de la Trinidad y concluir que el significado de estos textos era evidente desde el principio. Pero tambi\u00e9n existe el peligro contrario: asumir que cualquier distinci\u00f3n entre Yahv\u00e9 y una figura celestial exaltada habr\u00eda resultado incompatible con el monote\u00edsmo jud\u00edo.<\/p>\n\n\n\n<p class=\"wp-block-paragraph\">La literatura jud\u00eda del per\u00edodo del Segundo Templo demuestra que la situaci\u00f3n hist\u00f3rica era bastante m\u00e1s compleja.<\/p>\n\n\n\n<p class=\"wp-block-paragraph\">Durante los siglos que precedieron y acompa\u00f1aron el nacimiento del cristianismo, encontramos una considerable reflexi\u00f3n acerca de <strong>Sabidur\u00eda, Palabra, Nombre, Gloria, figuras ang\u00e9licas exaltadas, agentes celestiales, patriarcas glorificados y personajes escatol\u00f3gicos<\/strong>. Estas figuras no constituyen una categor\u00eda homog\u00e9nea y no deben identificarse unas con otras. Tampoco deben considerarse autom\u00e1ticamente equivalentes al \u00c1ngel de Yahv\u00e9.<\/p>\n\n\n\n<p class=\"wp-block-paragraph\">Pero muestran algo fundamental para nuestra investigaci\u00f3n: dentro de diferentes formas del juda\u00edsmo antiguo pod\u00eda desarrollarse un lenguaje extraordinariamente elevado acerca de determinados mediadores sin que sus autores considerasen necesariamente que hab\u00edan abandonado la confesi\u00f3n del \u00fanico Dios de Israel.<\/p>\n\n\n\n<p class=\"wp-block-paragraph\">Esto modifica considerablemente la pregunta hist\u00f3rica.<\/p>\n\n\n\n<p class=\"wp-block-paragraph\">Ya no debemos preguntar simplemente:<\/p>\n\n\n\n<blockquote class=\"wp-block-quote is-layout-flow wp-block-quote-is-layout-flow\">\n<p class=\"wp-block-paragraph\">\u201c\u00bfPod\u00eda un jud\u00edo creer en un ser celestial exaltado?\u201d<\/p>\n<\/blockquote>\n\n\n\n<p class=\"wp-block-paragraph\">La evidencia demuestra que s\u00ed.<\/p>\n\n\n\n<p class=\"wp-block-paragraph\">La pregunta m\u00e1s dif\u00edcil es:<\/p>\n\n\n\n<blockquote class=\"wp-block-quote is-layout-flow wp-block-quote-is-layout-flow\">\n<p class=\"wp-block-paragraph\"><strong>\u00bfhasta qu\u00e9 punto pod\u00eda exaltarse a un mediador celestial antes de que su relaci\u00f3n con Dios comenzara a percibirse como problem\u00e1tica para la exclusividad divina?<\/strong><\/p>\n<\/blockquote>\n\n\n\n<p class=\"wp-block-paragraph\">Precisamente alrededor de esta frontera se desarrollar\u00e1 posteriormente la controversia rab\u00ednica de los llamados <strong>\u201cdos poderes en el cielo\u201d<\/strong>.<\/p>\n\n\n\n<h2 id=\"el-monoteismo-judio-y-el-problema-de-los-intermediarios\" class=\"wp-block-heading\">El monote\u00edsmo jud\u00edo y el problema de los intermediarios<\/h2>\n\n\n\n<p class=\"wp-block-paragraph\">El punto de partida contin\u00faa siendo la confesi\u00f3n fundamental de Israel:<\/p>\n\n\n\n<blockquote class=\"wp-block-quote is-layout-flow wp-block-quote-is-layout-flow\">\n<p class=\"wp-block-paragraph\">\u201cOye, Israel: Jehov\u00e1 nuestro Dios, Jehov\u00e1 uno es\u201d (<a href=\"https:\/\/biblia.com\/bible\/rvr60\/Dt6.4\">Dt 6:4<\/a>).<\/p>\n<\/blockquote>\n\n\n\n<p class=\"wp-block-paragraph\">Igualmente:<\/p>\n\n\n\n<blockquote class=\"wp-block-quote is-layout-flow wp-block-quote-is-layout-flow\">\n<p class=\"wp-block-paragraph\">\u201cA ti te fue mostrado, para que supieses que Jehov\u00e1 es Dios, y no hay otro fuera de \u00e9l\u201d (<a href=\"https:\/\/biblia.com\/bible\/rvr60\/Dt4.35\">Dt 4:35<\/a>).<\/p>\n<\/blockquote>\n\n\n\n<p class=\"wp-block-paragraph\">El juda\u00edsmo del Segundo Templo no abandona esta confesi\u00f3n. Sin embargo, la afirmaci\u00f3n de la unicidad de Dios no impidi\u00f3 el desarrollo de una rica concepci\u00f3n del mundo celestial.<\/p>\n\n\n\n<p class=\"wp-block-paragraph\">El Antiguo Testamento mismo hab\u00eda proporcionado los fundamentos.<\/p>\n\n\n\n<p class=\"wp-block-paragraph\">Yahv\u00e9 aparece rodeado por una asamblea celestial:<\/p>\n\n\n\n<blockquote class=\"wp-block-quote is-layout-flow wp-block-quote-is-layout-flow\">\n<p class=\"wp-block-paragraph\">\u201cYo vi a Jehov\u00e1 sentado en su trono, y todo el ej\u00e9rcito de los cielos estaba junto a \u00e9l, a su derecha y a su izquierda\u201d (<a href=\"https:\/\/biblia.com\/bible\/rvr60\/1Ki22.19\">1 R 22:19<\/a>).<\/p>\n<\/blockquote>\n\n\n\n<p class=\"wp-block-paragraph\">Los \u201chijos de Dios\u201d comparecen ante Yahv\u00e9 (<a href=\"https:\/\/biblia.com\/bible\/rvr60\/Job1.6\">Job 1:6<\/a>).<\/p>\n\n\n\n<p class=\"wp-block-paragraph\">Los <em>serafim<\/em> rodean el trono divino (<a href=\"https:\/\/biblia.com\/bible\/rvr60\/Is6.1-7\">Is 6:1\u20137<\/a>).<\/p>\n\n\n\n<p class=\"wp-block-paragraph\">Daniel contempla:<\/p>\n\n\n\n<blockquote class=\"wp-block-quote is-layout-flow wp-block-quote-is-layout-flow\">\n<p class=\"wp-block-paragraph\">\u201cmillares de millares\u201d que sirven al Anciano de d\u00edas (<a href=\"https:\/\/biblia.com\/bible\/rvr60\/Da7.9-10\">Dn 7:9\u201310<\/a>).<\/p>\n<\/blockquote>\n\n\n\n<p class=\"wp-block-paragraph\">Por tanto, el monote\u00edsmo b\u00edblico nunca signific\u00f3 la negaci\u00f3n de la existencia de seres celestiales.<\/p>\n\n\n\n<p class=\"wp-block-paragraph\">La cuesti\u00f3n era <strong>qu\u00e9 relaci\u00f3n manten\u00edan esos seres con el Dios incomparable de Israel<\/strong>.<\/p>\n\n\n\n<p class=\"wp-block-paragraph\"><strong>Larry W. Hurtado<\/strong> ha insistido en la importancia de distinguir entre la existencia de figuras celestiales exaltadas y la pr\u00e1ctica cultual reservada al Dios de Israel.<sup data-fn=\"40a76b28-3df6-4cf2-ba12-54d46811e8bb\" class=\"fn\"><a href=\"#40a76b28-3df6-4cf2-ba12-54d46811e8bb\" id=\"40a76b28-3df6-4cf2-ba12-54d46811e8bb-link\">91<\/a><\/sup> En el juda\u00edsmo antiguo pod\u00edan existir \u00e1ngeles de enorme autoridad sin que ello significara necesariamente que recibieran el mismo culto debido a Dios.<\/p>\n\n\n\n<p class=\"wp-block-paragraph\"><sup data-fn=\"4a604be7-12a5-40f6-8d55-755b0b5fd793\" class=\"fn\"><a href=\"#4a604be7-12a5-40f6-8d55-755b0b5fd793\" id=\"4a604be7-12a5-40f6-8d55-755b0b5fd793-link\">92<\/a><\/sup>Esta distinci\u00f3n ser\u00e1 fundamental cuando lleguemos al cristianismo primitivo, porque el problema hist\u00f3rico no consiste simplemente en que Jes\u00fas fuese considerado un agente celestial exaltado, sino en que fue incorporado muy tempranamente a pr\u00e1cticas devocionales que los primeros cristianos continuaban entendiendo dentro de su compromiso con el \u00fanico Dios.<\/p>\n\n\n\n<h2 id=\"la-sabiduria-personificada\" class=\"wp-block-heading\">La Sabidur\u00eda personificada<\/h2>\n\n\n\n<p class=\"wp-block-paragraph\">Uno de los antecedentes m\u00e1s importantes aparece ya dentro del propio Antiguo Testamento.<\/p>\n\n\n\n<p class=\"wp-block-paragraph\">Proverbios 8 presenta a la Sabidur\u00eda hablando como personaje:<\/p>\n\n\n\n<blockquote class=\"wp-block-quote is-layout-flow wp-block-quote-is-layout-flow\">\n<p class=\"wp-block-paragraph\">\u201cJehov\u00e1 me pose\u00eda en el principio, ya de antiguo, antes de sus obras\u201d (<a href=\"https:\/\/biblia.com\/bible\/rvr60\/Pr8.22\">Pr 8:22<\/a>).<\/p>\n<\/blockquote>\n\n\n\n<p class=\"wp-block-paragraph\">La Sabidur\u00eda afirma haber estado presente antes de la formaci\u00f3n del mundo:<\/p>\n\n\n\n<blockquote class=\"wp-block-quote is-layout-flow wp-block-quote-is-layout-flow\">\n<p class=\"wp-block-paragraph\">\u201cAntes de los abismos fui engendrada\u201d (<a href=\"https:\/\/biblia.com\/bible\/rvr60\/Pr8.24\">Pr 8:24<\/a>),<\/p>\n<\/blockquote>\n\n\n\n<p class=\"wp-block-paragraph\">y:<\/p>\n\n\n\n<blockquote class=\"wp-block-quote is-layout-flow wp-block-quote-is-layout-flow\">\n<p class=\"wp-block-paragraph\">\u201cCuando formaba los cielos, all\u00ed estaba yo\u201d (<a href=\"https:\/\/biblia.com\/bible\/rvr60\/Pr8.27\">Pr 8:27<\/a>).<\/p>\n<\/blockquote>\n\n\n\n<p class=\"wp-block-paragraph\">Finalmente:<\/p>\n\n\n\n<blockquote class=\"wp-block-quote is-layout-flow wp-block-quote-is-layout-flow\">\n<p class=\"wp-block-paragraph\">\u201cCon \u00e9l estaba yo orden\u00e1ndolo todo\u201d (<a href=\"https:\/\/biblia.com\/bible\/rvr60\/Pr8.30\">Pr 8:30<\/a>).<\/p>\n<\/blockquote>\n\n\n\n<p class=\"wp-block-paragraph\">La interpretaci\u00f3n de estas expresiones es discutida. Dentro del g\u00e9nero sapiencial, la personificaci\u00f3n literaria desempe\u00f1a un papel evidente. No debemos convertir autom\u00e1ticamente a la Sabidur\u00eda po\u00e9tica de Proverbios en una hip\u00f3stasis divina independiente.<\/p>\n\n\n\n<p class=\"wp-block-paragraph\">Sin embargo, la importancia hist\u00f3rica del texto reside en que proporciona un <strong>lenguaje conceptual<\/strong> mediante el cual una realidad estrechamente relacionada con Dios puede ser descrita como estando \u201ccon\u201d \u00e9l antes y durante la creaci\u00f3n.<\/p>\n\n\n\n<p class=\"wp-block-paragraph\">La literatura sapiencial jud\u00eda posterior desarrollar\u00e1 todav\u00eda m\u00e1s esta concepci\u00f3n.<\/p>\n\n\n\n<p class=\"wp-block-paragraph\">La <strong>Sabidur\u00eda de Salom\u00f3n<\/strong>, probablemente compuesta en el ambiente del juda\u00edsmo helen\u00edstico, describe la Sabidur\u00eda mediante un lenguaje extraordinariamente elevado. Es presentada como procedente de Dios, relacionada con su gloria y participando de su actividad.<\/p>\n\n\n\n<p class=\"wp-block-paragraph\">Esto no significa que la Sabidur\u00eda sea simplemente \u201cotra diosa\u201d. La funci\u00f3n del lenguaje sapiencial parece precisamente permitir hablar de la acci\u00f3n de Dios en el mundo sin abandonar la unicidad del Dios de Israel.<\/p>\n\n\n\n<p class=\"wp-block-paragraph\"><strong>James D. G. Dunn<\/strong> prest\u00f3 considerable atenci\u00f3n a este fen\u00f3meno al estudiar los antecedentes de la cristolog\u00eda del Logos y la Sabidur\u00eda.<sup data-fn=\"4a26d727-5a23-475d-acb5-d0ad042b1597\" class=\"fn\"><a href=\"#4a26d727-5a23-475d-acb5-d0ad042b1597\" id=\"4a26d727-5a23-475d-acb5-d0ad042b1597-link\">93<\/a><\/sup> Su enfoque insiste en que debemos distinguir cuidadosamente entre <strong>personificaci\u00f3n po\u00e9tica<\/strong>, especulaci\u00f3n sapiencial e identificaci\u00f3n posterior de Cristo con la Sabidur\u00eda divina. La relaci\u00f3n hist\u00f3rica existe, pero no debe convertirse en identidad autom\u00e1tica.<\/p>\n\n\n\n<p class=\"wp-block-paragraph\">Este mismo principio metodol\u00f3gico ser\u00e1 necesario para nuestro estudio del \u00c1ngel.<\/p>\n\n\n\n<h2 id=\"la-palabra-de-dios-como-agente\" class=\"wp-block-heading\">La Palabra de Dios como agente<\/h2>\n\n\n\n<p class=\"wp-block-paragraph\">Un fen\u00f3meno relacionado aparece en la concepci\u00f3n b\u00edblica de la <strong>Palabra de Yahv\u00e9<\/strong>.<\/p>\n\n\n\n<p class=\"wp-block-paragraph\">El relato de la creaci\u00f3n declara repetidamente:<\/p>\n\n\n\n<blockquote class=\"wp-block-quote is-layout-flow wp-block-quote-is-layout-flow\">\n<p class=\"wp-block-paragraph\">\u201cY dijo Dios&#8230;\u201d (<a href=\"https:\/\/biblia.com\/bible\/rvr60\/Ge1.3\">Gn 1:3<\/a>).<\/p>\n<\/blockquote>\n\n\n\n<p class=\"wp-block-paragraph\">La palabra divina no es meramente informaci\u00f3n. Es eficaz:<\/p>\n\n\n\n<blockquote class=\"wp-block-quote is-layout-flow wp-block-quote-is-layout-flow\">\n<p class=\"wp-block-paragraph\">\u201cPorque \u00e9l dijo, y fue hecho; \u00e9l mand\u00f3, y existi\u00f3\u201d (<a href=\"https:\/\/biblia.com\/bible\/rvr60\/Ps33.9\">Sal 33:9<\/a>).<\/p>\n<\/blockquote>\n\n\n\n<p class=\"wp-block-paragraph\">El salmista afirma:<\/p>\n\n\n\n<blockquote class=\"wp-block-quote is-layout-flow wp-block-quote-is-layout-flow\">\n<p class=\"wp-block-paragraph\">\u201cPor la palabra de Jehov\u00e1 fueron hechos los cielos\u201d (<a href=\"https:\/\/biblia.com\/bible\/rvr60\/Ps33.6\">Sal 33:6<\/a>).<\/p>\n<\/blockquote>\n\n\n\n<p class=\"wp-block-paragraph\">Y en otro lugar:<\/p>\n\n\n\n<blockquote class=\"wp-block-quote is-layout-flow wp-block-quote-is-layout-flow\">\n<p class=\"wp-block-paragraph\">\u201cEnvi\u00f3 su palabra, y los san\u00f3\u201d (<a href=\"https:\/\/biblia.com\/bible\/rvr60\/Ps107.20\">Sal 107:20<\/a>).<\/p>\n<\/blockquote>\n\n\n\n<p class=\"wp-block-paragraph\">Este lenguaje permitir\u00e1 posteriormente desarrollar concepciones m\u00e1s elaboradas de la Palabra como mediaci\u00f3n de la acci\u00f3n divina.<\/p>\n\n\n\n<p class=\"wp-block-paragraph\">En la tradici\u00f3n aramea de los <strong>Targumim<\/strong> aparecer\u00e1 frecuentemente el t\u00e9rmino \u05de\u05b5\u05d9\u05de\u05b0\u05e8\u05b8\u05d0 (<em>Memra<\/em>, \u201cPalabra\u201d) en contextos donde el texto hebreo habla directamente de Dios.<\/p>\n\n\n\n<p class=\"wp-block-paragraph\">Aqu\u00ed debemos ser especialmente cautelosos con la cronolog\u00eda. Los Targumim que poseemos alcanzaron sus formas escritas en per\u00edodos posteriores, aunque contienen tradiciones de considerable antig\u00fcedad. Por ello, no es metodol\u00f3gicamente seguro utilizar cada aparici\u00f3n de <em>Memra<\/em> como evidencia directa de lo que \u201clos jud\u00edos del siglo I\u201d pensaban. <sup data-fn=\"b3ef7195-eb82-4217-9498-9520c6de407d\" class=\"fn\"><a href=\"#b3ef7195-eb82-4217-9498-9520c6de407d\" id=\"b3ef7195-eb82-4217-9498-9520c6de407d-link\">94<\/a><\/sup><\/p>\n\n\n\n<p class=\"wp-block-paragraph\">Esta cautela resulta particularmente importante porque cierta apolog\u00e9tica cristiana ha presentado a veces la <em>Memra<\/em> como si los rabinos hubieran ense\u00f1ado expl\u00edcitamente una \u201csegunda persona divina\u201d equivalente al Logos de <a href=\"https:\/\/biblia.com\/bible\/rvr60\/Jn1.1\">Juan 1:1<\/a>.<\/p>\n\n\n\n<p class=\"wp-block-paragraph\">La evidencia no permite una conclusi\u00f3n tan sencilla.<\/p>\n\n\n\n<p class=\"wp-block-paragraph\">Sin embargo, la tradici\u00f3n s\u00ed demuestra que el lenguaje de la <strong>Palabra<\/strong> pod\u00eda funcionar como forma de hablar de la presencia activa de Dios.<\/p>\n\n\n\n<h2 id=\"filon-de-alejandria-y-el-logos\" class=\"wp-block-heading\">Fil\u00f3n de Alejandr\u00eda y el Logos<\/h2>\n\n\n\n<p class=\"wp-block-paragraph\">Mucho m\u00e1s importante para establecer el contexto del siglo I es <strong>Fil\u00f3n de Alejandr\u00eda<\/strong>, fil\u00f3sofo jud\u00edo aproximadamente contempor\u00e1neo de Jes\u00fas y del cristianismo naciente.<\/p>\n\n\n\n<p class=\"wp-block-paragraph\">Fil\u00f3n intent\u00f3 interpretar las Escrituras de Israel utilizando tambi\u00e9n categor\u00edas procedentes de la filosof\u00eda griega. Dentro de su pensamiento, el <strong>Logos<\/strong> desempe\u00f1a una funci\u00f3n extraordinariamente importante.<\/p>\n\n\n\n<p class=\"wp-block-paragraph\">El Logos aparece relacionado con la creaci\u00f3n, la revelaci\u00f3n y la mediaci\u00f3n entre el Dios trascendente y el cosmos.<\/p>\n\n\n\n<p class=\"wp-block-paragraph\">Sin embargo, debemos resistir nuevamente la tentaci\u00f3n de convertir el pensamiento de Fil\u00f3n en una versi\u00f3n anticipada de la doctrina cristiana de la Trinidad.<\/p>\n\n\n\n<p class=\"wp-block-paragraph\">El Logos fil\u00f3nico no es simplemente id\u00e9ntico al Logos del pr\u00f3logo de Juan.<\/p>\n\n\n\n<p class=\"wp-block-paragraph\">Sus categor\u00edas filos\u00f3ficas, exeg\u00e9ticas y teol\u00f3gicas poseen su propia l\u00f3gica.<\/p>\n\n\n\n<p class=\"wp-block-paragraph\">No obstante, Fil\u00f3n demuestra hist\u00f3ricamente algo de enorme importancia: <strong>un intelectual jud\u00edo del siglo I pod\u00eda utilizar un lenguaje extremadamente elevado para una figura mediadora relacionada con Dios sin considerar que hab\u00eda abandonado el monote\u00edsmo jud\u00edo<\/strong>.<\/p>\n\n\n\n<p class=\"wp-block-paragraph\">En determinados pasajes Fil\u00f3n llega a aplicar al Logos expresiones que han generado considerable discusi\u00f3n acad\u00e9mica acerca de su estatuto.<\/p>\n\n\n\n<p class=\"wp-block-paragraph\">Es aqu\u00ed donde nuestra investigaci\u00f3n toca directamente el tema del \u00c1ngel.<\/p>\n\n\n\n<p class=\"wp-block-paragraph\">Fil\u00f3n interpreta algunas apariciones angelicales y teof\u00e1nicas mediante su doctrina del Logos. Para \u00e9l, el Logos puede funcionar como mediador de la revelaci\u00f3n divina, especialmente all\u00ed donde la trascendencia de Dios plantea la cuesti\u00f3n de c\u00f3mo puede Dios manifestarse al mundo.<\/p>\n\n\n\n<p class=\"wp-block-paragraph\"><strong>David T. Runia<\/strong> y otros especialistas en Fil\u00f3n han mostrado que la relaci\u00f3n entre Dios y el Logos debe entenderse dentro del complejo sistema exeg\u00e9tico y filos\u00f3fico del alejandrino y no mediante una simple importaci\u00f3n de categor\u00edas nicenas posteriores.<sup data-fn=\"f692ef31-e278-433b-bbb5-75a4397c8d56\" class=\"fn\"><a href=\"#f692ef31-e278-433b-bbb5-75a4397c8d56\" id=\"f692ef31-e278-433b-bbb5-75a4397c8d56-link\">95<\/a><\/sup><\/p>\n\n\n\n<p class=\"wp-block-paragraph\">Esto nos proporciona un importante paralelo conceptual con el problema del \u00c1ngel de Yahv\u00e9:<\/p>\n\n\n\n<blockquote class=\"wp-block-quote is-layout-flow wp-block-quote-is-layout-flow\">\n<p class=\"wp-block-paragraph\"><strong>trascendencia divina \u2192 mediaci\u00f3n \u2192 manifestaci\u00f3n de Dios mediante un agente estrechamente relacionado con \u00e9l.<\/strong><\/p>\n<\/blockquote>\n\n\n\n<p class=\"wp-block-paragraph\">Pero todav\u00eda no podemos afirmar:<\/p>\n\n\n\n<blockquote class=\"wp-block-quote is-layout-flow wp-block-quote-is-layout-flow\">\n<p class=\"wp-block-paragraph\">\u201cEl Logos de Fil\u00f3n es el \u00c1ngel de Yahv\u00e9\u201d.<\/p>\n<\/blockquote>\n\n\n\n<p class=\"wp-block-paragraph\">Eso ser\u00eda ir mucho m\u00e1s all\u00e1 de la evidencia.<\/p>\n\n\n\n<p class=\"wp-block-paragraph\">Lo importante es el <strong>ambiente conceptual<\/strong> que demuestra.<\/p>\n\n\n\n<h2 id=\"el-nombre-divino-como-realidad-de-presencia-y-autoridad\" class=\"wp-block-heading\">El Nombre divino como realidad de presencia y autoridad<\/h2>\n\n\n\n<p class=\"wp-block-paragraph\">Otra l\u00ednea de desarrollo particularmente importante para nuestro estudio es la teolog\u00eda del <strong>Nombre<\/strong>.<\/p>\n\n\n\n<p class=\"wp-block-paragraph\">Ya hab\u00edamos encontrado en <a href=\"https:\/\/biblia.com\/bible\/rvr60\/Ex23.21\">\u00c9xodo 23:21<\/a>:<\/p>\n\n\n\n<blockquote class=\"wp-block-quote is-layout-flow wp-block-quote-is-layout-flow\">\n<p class=\"wp-block-paragraph\">\u201cmi nombre est\u00e1 en \u00e9l\u201d.<\/p>\n<\/blockquote>\n\n\n\n<p class=\"wp-block-paragraph\">En el pensamiento b\u00edblico, el Nombre de Yahv\u00e9 no funciona simplemente como etiqueta ling\u00fc\u00edstica.<\/p>\n\n\n\n<p class=\"wp-block-paragraph\">Representa su autoridad, reputaci\u00f3n y presencia.<\/p>\n\n\n\n<p class=\"wp-block-paragraph\">El templo es el lugar donde Dios hace habitar su Nombre:<\/p>\n\n\n\n<blockquote class=\"wp-block-quote is-layout-flow wp-block-quote-is-layout-flow\">\n<p class=\"wp-block-paragraph\">\u201cel lugar que Jehov\u00e1 vuestro Dios escogiere&#8230; para poner all\u00ed su nombre\u201d (<a href=\"https:\/\/biblia.com\/bible\/rvr60\/Dt12.5\">Dt 12:5<\/a>).<\/p>\n<\/blockquote>\n\n\n\n<p class=\"wp-block-paragraph\">Esta teolog\u00eda permite mantener simult\u00e1neamente la trascendencia de Dios y su presencia concreta entre Israel.<\/p>\n\n\n\n<p class=\"wp-block-paragraph\">Y precisamente por ello <a href=\"https:\/\/biblia.com\/bible\/rvr60\/Ex23.21\">\u00c9xodo 23:21<\/a> resulta tan extraordinario.<\/p>\n\n\n\n<p class=\"wp-block-paragraph\">El Nombre no est\u00e1 \u00fanicamente en un <strong>lugar<\/strong>.<\/p>\n\n\n\n<p class=\"wp-block-paragraph\">Est\u00e1 en un <strong>mensajero<\/strong>.<\/p>\n\n\n\n<p class=\"wp-block-paragraph\">La afirmaci\u00f3n:<\/p>\n\n\n\n<blockquote class=\"wp-block-quote is-layout-flow wp-block-quote-is-layout-flow\">\n<p class=\"wp-block-paragraph\">\u201cmi Nombre est\u00e1 en \u00e9l\u201d<\/p>\n<\/blockquote>\n\n\n\n<p class=\"wp-block-paragraph\">significa que el \u00c1ngel aparece investido de una forma excepcional de autoridad representativa.<\/p>\n\n\n\n<p class=\"wp-block-paragraph\">La tradici\u00f3n jud\u00eda posterior desarrollar\u00e1 diferentes especulaciones acerca de \u00e1ngeles asociados con el Nombre divino. Estas tradiciones alcanzar\u00e1n formas especialmente elaboradas en textos m\u00edsticos y apocal\u00edpticos posteriores.<\/p>\n\n\n\n<p class=\"wp-block-paragraph\">Pero debemos mantener nuevamente la cronolog\u00eda.<\/p>\n\n\n\n<p class=\"wp-block-paragraph\">No podemos tomar una tradici\u00f3n del siglo V o VI d.C. y utilizarla directamente para explicar \u00c9xodo o el juda\u00edsmo del siglo I.<\/p>\n\n\n\n<h2 id=\"yahoel-el-angel-del-nombre-en-el-apocalipsis-de-abraham\" class=\"wp-block-heading\">Yahoel: el \u00c1ngel del Nombre en el Apocalipsis de Abraham<\/h2>\n\n\n\n<p class=\"wp-block-paragraph\">Una figura particularmente relevante aparece en el <strong>Apocalipsis de Abraham<\/strong>, obra jud\u00eda generalmente situada despu\u00e9s de la destrucci\u00f3n del templo en el a\u00f1o 70 d.C., aunque su dataci\u00f3n exacta contin\u00faa siendo discutida.<\/p>\n\n\n\n<p class=\"wp-block-paragraph\">En ella aparece un \u00e1ngel llamado <strong>Yahoel<\/strong>.<\/p>\n\n\n\n<p class=\"wp-block-paragraph\">El nombre mismo contiene una forma del Nombre divino y la figura desempe\u00f1a un papel excepcional como mediador celestial.<\/p>\n\n\n\n<p class=\"wp-block-paragraph\">Yahoel gu\u00eda a Abraham, participa en la revelaci\u00f3n de misterios celestiales y posee funciones vinculadas con el culto y la protecci\u00f3n contra poderes malignos.<\/p>\n\n\n\n<p class=\"wp-block-paragraph\">La importancia de Yahoel para nuestra investigaci\u00f3n no consiste en afirmar que sea id\u00e9ntico al \u00c1ngel de Yahv\u00e9 del Pentateuco.<\/p>\n\n\n\n<p class=\"wp-block-paragraph\">El texto no permite establecer una continuidad hist\u00f3rica tan directa.<\/p>\n\n\n\n<p class=\"wp-block-paragraph\">Lo importante es que encontramos en una tradici\u00f3n jud\u00eda antigua una figura ang\u00e9lica cuyo <strong>nombre y autoridad est\u00e1n extraordinariamente relacionados con el Nombre de Dios<\/strong>.<\/p>\n\n\n\n<p class=\"wp-block-paragraph\">Esto proporciona un paralelo significativo con:<\/p>\n\n\n\n<blockquote class=\"wp-block-quote is-layout-flow wp-block-quote-is-layout-flow\">\n<p class=\"wp-block-paragraph\">\u201cmi Nombre est\u00e1 en \u00e9l\u201d (<a href=\"https:\/\/biblia.com\/bible\/rvr60\/Ex23.21\">Ex 23:21<\/a>).<\/p>\n<\/blockquote>\n\n\n\n<p class=\"wp-block-paragraph\"><strong>Andrei A. Orlov<\/strong> ha estudiado ampliamente las tradiciones acerca de Yahoel y otras figuras mediadoras dentro de la apocal\u00edptica y m\u00edstica jud\u00edas.<sup data-fn=\"661c296c-e5a7-4de9-ae47-d92b9bdaf4f4\" class=\"fn\"><a href=\"#661c296c-e5a7-4de9-ae47-d92b9bdaf4f4\" id=\"661c296c-e5a7-4de9-ae47-d92b9bdaf4f4-link\">96<\/a><\/sup> Sus investigaciones muestran c\u00f3mo el lenguaje del Nombre divino pod\u00eda desempe\u00f1ar un papel decisivo en la exaltaci\u00f3n de determinados agentes celestiales.<\/p>\n\n\n\n<p class=\"wp-block-paragraph\">Sin embargo, debemos evitar una conclusi\u00f3n anacr\u00f3nica.<\/p>\n\n\n\n<p class=\"wp-block-paragraph\">Yahoel demuestra que la <strong>angelolog\u00eda del Nombre<\/strong> pod\u00eda desarrollarse dentro del juda\u00edsmo.<\/p>\n\n\n\n<p class=\"wp-block-paragraph\">No demuestra que el \u00c1ngel de \u00c9xodo 23 fuese hist\u00f3ricamente conocido como Yahoel.<sup data-fn=\"41d40411-0d3c-4c30-882c-6126ec25580d\" class=\"fn\"><a href=\"#41d40411-0d3c-4c30-882c-6126ec25580d\" id=\"41d40411-0d3c-4c30-882c-6126ec25580d-link\">97<\/a><\/sup><\/p>\n\n\n\n<h2 id=\"daniel-7-y-la-figura-como-un-hijo-de-hombre\" class=\"wp-block-heading\">Daniel 7 y la figura \u201ccomo un hijo de hombre\u201d<\/h2>\n\n\n\n<p class=\"wp-block-paragraph\">Existe todav\u00eda otra tradici\u00f3n que tendr\u00e1 enorme importancia para el desarrollo de la cristolog\u00eda primitiva.<\/p>\n\n\n\n<p class=\"wp-block-paragraph\">Daniel contempla:<\/p>\n\n\n\n<blockquote class=\"wp-block-quote is-layout-flow wp-block-quote-is-layout-flow\">\n<p class=\"wp-block-paragraph\">\u201cuno como un hijo de hombre, que ven\u00eda con las nubes del cielo\u201d (<a href=\"https:\/\/biblia.com\/bible\/rvr60\/Da7.13\">Dn 7:13<\/a>).<\/p>\n<\/blockquote>\n\n\n\n<p class=\"wp-block-paragraph\">La figura se aproxima al:<\/p>\n\n\n\n<blockquote class=\"wp-block-quote is-layout-flow wp-block-quote-is-layout-flow\">\n<p class=\"wp-block-paragraph\">\u201cAnciano de d\u00edas\u201d<\/p>\n<\/blockquote>\n\n\n\n<p class=\"wp-block-paragraph\">y recibe:<\/p>\n\n\n\n<blockquote class=\"wp-block-quote is-layout-flow wp-block-quote-is-layout-flow\">\n<p class=\"wp-block-paragraph\">\u201cdominio, gloria y reino\u201d (<a href=\"https:\/\/biblia.com\/bible\/rvr60\/Da7.14\">Dn 7:14<\/a>).<\/p>\n<\/blockquote>\n\n\n\n<p class=\"wp-block-paragraph\">La escena presenta nuevamente <strong>distinci\u00f3n<\/strong>.<\/p>\n\n\n\n<p class=\"wp-block-paragraph\">El \u201ccomo hijo de hombre\u201d no es simplemente el Anciano de d\u00edas, porque se acerca a \u00e9l.<\/p>\n\n\n\n<p class=\"wp-block-paragraph\">Sin embargo, recibe una autoridad universal extraordinaria:<\/p>\n\n\n\n<blockquote class=\"wp-block-quote is-layout-flow wp-block-quote-is-layout-flow\">\n<p class=\"wp-block-paragraph\">\u201ctodos los pueblos, naciones y lenguas le sirvieron\u201d (<a href=\"https:\/\/biblia.com\/bible\/rvr60\/Da7.14\">Dn 7:14<\/a>).<\/p>\n<\/blockquote>\n\n\n\n<p class=\"wp-block-paragraph\">Adem\u00e1s, viene:<\/p>\n\n\n\n<blockquote class=\"wp-block-quote is-layout-flow wp-block-quote-is-layout-flow\">\n<p class=\"wp-block-paragraph\">\u201ccon las nubes del cielo\u201d.<\/p>\n<\/blockquote>\n\n\n\n<p class=\"wp-block-paragraph\">Este detalle posee gran importancia porque en numerosos textos veterotestamentarios las nubes constituyen veh\u00edculo o atributo de la aparici\u00f3n divina; v\u00e9anse <a href=\"https:\/\/biblia.com\/bible\/rvr60\/Ps68.4\">Salmo 68:4<\/a> e <a href=\"https:\/\/biblia.com\/bible\/rvr60\/Is19.1\">Isa\u00edas 19:1<\/a>.<\/p>\n\n\n\n<p class=\"wp-block-paragraph\">No debemos identificar autom\u00e1ticamente al \u201chijo de hombre\u201d de Daniel 7 con el \u00c1ngel de Yahv\u00e9.<\/p>\n\n\n\n<p class=\"wp-block-paragraph\">Son tradiciones diferentes.<\/p>\n\n\n\n<p class=\"wp-block-paragraph\">Pero la estructura conceptual resulta relevante:<\/p>\n\n\n\n<blockquote class=\"wp-block-quote is-layout-flow wp-block-quote-is-layout-flow\">\n<p class=\"wp-block-paragraph\"><strong>una figura distinguida de Dios recibe extraordinaria autoridad celestial y participa de imaginer\u00eda asociada con el dominio divino.<\/strong><\/p>\n<\/blockquote>\n\n\n\n<p class=\"wp-block-paragraph\">La interpretaci\u00f3n de esta figura fue diversa dentro del juda\u00edsmo antiguo. El propio cap\u00edtulo ofrece una interpretaci\u00f3n corporativa relacionada con:<\/p>\n\n\n\n<blockquote class=\"wp-block-quote is-layout-flow wp-block-quote-is-layout-flow\">\n<p class=\"wp-block-paragraph\">\u201clos santos del Alt\u00edsimo\u201d (<a href=\"https:\/\/biblia.com\/bible\/rvr60\/Da7.18\">Dn 7:18<\/a>).<\/p>\n<\/blockquote>\n\n\n\n<p class=\"wp-block-paragraph\">Pero la recepci\u00f3n posterior pudo desarrollar interpretaciones m\u00e1s individualizadas y mesi\u00e1nicas.<\/p>\n\n\n\n<p class=\"wp-block-paragraph\"><strong>John J. Collins<\/strong> ha mostrado la importancia de Daniel 7 para el desarrollo de las expectativas acerca de una figura escatol\u00f3gica celestial.<sup data-fn=\"63639a2d-2ea8-4413-96de-7c1d5a2f9fe6\" class=\"fn\"><a href=\"#63639a2d-2ea8-4413-96de-7c1d5a2f9fe6\" id=\"63639a2d-2ea8-4413-96de-7c1d5a2f9fe6-link\">98<\/a><\/sup> Su trabajo resulta fundamental porque permite situar el posterior uso cristiano de \u201cHijo del Hombre\u201d dentro de un contexto jud\u00edo real y no como una categor\u00eda creada enteramente por el cristianismo.<\/p>\n\n\n\n<h2 id=\"el-problema-de-los-dos-poderes-en-el-cielo\" class=\"wp-block-heading\">El problema de los \u201cdos poderes en el cielo\u201d<\/h2>\n\n\n\n<p class=\"wp-block-paragraph\">Llegamos as\u00ed a uno de los debates m\u00e1s importantes para nuestro art\u00edculo.<\/p>\n\n\n\n<p class=\"wp-block-paragraph\">La literatura rab\u00ednica posterior conserva pol\u00e9micas contra una ense\u00f1anza denominada:<\/p>\n\n\n\n<blockquote class=\"wp-block-quote is-layout-flow wp-block-quote-is-layout-flow\">\n<p class=\"wp-block-paragraph\">\u05e9\u05b0\u05c1\u05ea\u05b5\u05bc\u05d9 \u05e8\u05b8\u05e9\u05bb\u05c1\u05d9\u05bc\u05d5\u05b9\u05ea \u05d1\u05b7\u05bc\u05e9\u05b8\u05bc\u05c1\u05de\u05b7\u05d9\u05b4\u05dd<br><em>\u0161\u0115t\u00ea r\u0101\u0161uyy\u00f4t ba\u0161\u0161\u0101mayim<\/em><\/p>\n<\/blockquote>\n\n\n\n<p class=\"wp-block-paragraph\">aproximadamente:<\/p>\n\n\n\n<blockquote class=\"wp-block-quote is-layout-flow wp-block-quote-is-layout-flow\">\n<p class=\"wp-block-paragraph\"><strong>\u201cdos poderes\/autoridades en el cielo\u201d.<\/strong><\/p>\n<\/blockquote>\n\n\n\n<p class=\"wp-block-paragraph\">El estudio cl\u00e1sico moderno de esta tradici\u00f3n fue realizado por <strong>Alan F. Segal<\/strong>.<sup data-fn=\"5adccf5b-d679-450c-a9e3-41454103e0d4\" class=\"fn\"><a href=\"#5adccf5b-d679-450c-a9e3-41454103e0d4\" id=\"5adccf5b-d679-450c-a9e3-41454103e0d4-link\">99<\/a><\/sup><\/p>\n\n\n\n<p class=\"wp-block-paragraph\">Segal argument\u00f3 que las pol\u00e9micas rab\u00ednicas preservan memoria de debates jud\u00edos tempranos acerca de interpretaciones que parec\u00edan introducir una segunda autoridad celestial junto a Dios.<\/p>\n\n\n\n<p class=\"wp-block-paragraph\">La importancia para nuestra investigaci\u00f3n es evidente.<\/p>\n\n\n\n<p class=\"wp-block-paragraph\">Los textos que hemos estudiado contienen precisamente situaciones capaces de generar preguntas de este tipo:<\/p>\n\n\n\n<ul class=\"wp-block-list\">\n<li>Yahv\u00e9 y su \u00c1ngel.<\/li>\n\n\n\n<li>El Anciano de d\u00edas y el Hijo del Hombre.<\/li>\n\n\n\n<li>Dios y su Sabidur\u00eda.<\/li>\n\n\n\n<li>Dios y su Logos.<\/li>\n\n\n\n<li>Dios y determinados agentes celestiales extraordinariamente exaltados.<\/li>\n<\/ul>\n\n\n\n<p class=\"wp-block-paragraph\">Sin embargo, debemos evitar convertir todo este material en una sola doctrina.<\/p>\n\n\n\n<p class=\"wp-block-paragraph\">La expresi\u00f3n \u201cdos poderes\u201d pertenece a pol\u00e9micas rab\u00ednicas espec\u00edficas y su aplicaci\u00f3n hist\u00f3rica al juda\u00edsmo anterior al a\u00f1o 70 contin\u00faa siendo objeto de discusi\u00f3n.<\/p>\n\n\n\n<p class=\"wp-block-paragraph\">Segal sostuvo que determinadas concepciones posteriormente consideradas her\u00e9ticas hab\u00edan circulado dentro del juda\u00edsmo antes de que las fronteras entre juda\u00edsmo rab\u00ednico y cristianismo quedaran plenamente establecidas.<\/p>\n\n\n\n<p class=\"wp-block-paragraph\">Este punto resulta particularmente importante.<\/p>\n\n\n\n<p class=\"wp-block-paragraph\">Si la reconstrucci\u00f3n es b\u00e1sicamente correcta, el cristianismo primitivo no habr\u00eda introducido desde fuera la idea absolutamente inconcebible de una figura celestial asociada estrechamente con Dios. Habr\u00eda surgido dentro de un <strong>campo de posibilidades interpretativas jud\u00edas ya existente<\/strong>, aunque posteriormente desarrollase ese campo en una direcci\u00f3n cristol\u00f3gica espec\u00edfica.<\/p>\n\n\n\n<p class=\"wp-block-paragraph\">Esto no demuestra que el cristianismo sea simplemente una forma de la doctrina de \u201cdos poderes\u201d.<\/p>\n\n\n\n<p class=\"wp-block-paragraph\">Tampoco demuestra que el \u00c1ngel de Yahv\u00e9 fuera considerado universalmente una segunda figura divina.<\/p>\n\n\n\n<p class=\"wp-block-paragraph\">Pero ayuda a comprender hist\u00f3ricamente c\u00f3mo determinadas lecturas pudieron surgir.<\/p>\n\n\n\n<h2 id=\"metatron-una-comparacion-importante-pero-cronologicamente-posterior\" class=\"wp-block-heading\">Metatr\u00f3n: una comparaci\u00f3n importante, pero cronol\u00f3gicamente posterior<\/h2>\n\n\n\n<p class=\"wp-block-paragraph\">En este punto debemos mencionar a <strong>Metatr\u00f3n<\/strong>, precisamente porque suele aparecer en discusiones populares acerca del \u00c1ngel de Yahv\u00e9.<\/p>\n\n\n\n<p class=\"wp-block-paragraph\">Metatr\u00f3n es una de las figuras m\u00e1s exaltadas de la literatura m\u00edstica jud\u00eda posterior. En algunas tradiciones aparece asociado con Enoc glorificado y recibe t\u00edtulos y prerrogativas extraordinarias.<\/p>\n\n\n\n<p class=\"wp-block-paragraph\">Sin embargo, debemos establecer inmediatamente una advertencia cronol\u00f3gica:<\/p>\n\n\n\n<blockquote class=\"wp-block-quote is-layout-flow wp-block-quote-is-layout-flow\">\n<p class=\"wp-block-paragraph\"><strong>las formas desarrolladas de la tradici\u00f3n de Metatr\u00f3n son posteriores al per\u00edodo del Nuevo Testamento.<\/strong><\/p>\n<\/blockquote>\n\n\n\n<p class=\"wp-block-paragraph\">Por ello, ser\u00eda metodol\u00f3gicamente incorrecto afirmar:<\/p>\n\n\n\n<blockquote class=\"wp-block-quote is-layout-flow wp-block-quote-is-layout-flow\">\n<p class=\"wp-block-paragraph\">\u201cLos jud\u00edos del tiempo de Jes\u00fas cre\u00edan en Metatr\u00f3n\u201d.<\/p>\n<\/blockquote>\n\n\n\n<p class=\"wp-block-paragraph\">La evidencia no permite semejante generalizaci\u00f3n.<\/p>\n\n\n\n<p class=\"wp-block-paragraph\">La importancia de Metatr\u00f3n reside en mostrar hasta d\u00f3nde pudo desarrollarse posteriormente la reflexi\u00f3n jud\u00eda acerca de un agente celestial exaltado.<sup data-fn=\"b10ada72-d65f-473e-9f04-7f9eb238200b\" class=\"fn\"><a href=\"#b10ada72-d65f-473e-9f04-7f9eb238200b\" id=\"b10ada72-d65f-473e-9f04-7f9eb238200b-link\">100<\/a><\/sup><\/p>\n\n\n\n<p class=\"wp-block-paragraph\">Una tradici\u00f3n rab\u00ednica especialmente significativa aparece en el Talmud babil\u00f3nico, donde la exaltaci\u00f3n de Metatr\u00f3n genera precisamente el peligro de pensar que existen:<\/p>\n\n\n\n<blockquote class=\"wp-block-quote is-layout-flow wp-block-quote-is-layout-flow\">\n<p class=\"wp-block-paragraph\">\u201cdos poderes en el cielo\u201d.<\/p>\n<\/blockquote>\n\n\n\n<p class=\"wp-block-paragraph\">La narraci\u00f3n muestra que la tradici\u00f3n rab\u00ednica pod\u00eda tolerar una extraordinaria exaltaci\u00f3n angelical, pero deb\u00eda proteger cuidadosamente la frontera entre el mensajero y Dios.<\/p>\n\n\n\n<p class=\"wp-block-paragraph\">Esta advertencia cronol\u00f3gica es esencial para nuestro art\u00edculo.<\/p>\n\n\n\n<p class=\"wp-block-paragraph\">Metatr\u00f3n ser\u00e1 \u00fatil como <strong>historia de la recepci\u00f3n<\/strong>, no como evidencia directa de lo que significaba <em>mal\u02beakh YHWH<\/em> en G\u00e9nesis o \u00c9xodo.<\/p>\n\n\n\n<h2 id=\"un-judaismo-binitario\" class=\"wp-block-heading\">\u00bfUn juda\u00edsmo \u201cbinitario\u201d?<\/h2>\n\n\n\n<p class=\"wp-block-paragraph\">Algunos investigadores modernos han utilizado expresiones como <strong>\u201cbinitarianismo jud\u00edo\u201d<\/strong>, \u201cdos poderes\u201d o \u201cidentidad divina compleja\u201d para describir determinados fen\u00f3menos.<\/p>\n\n\n\n<p class=\"wp-block-paragraph\">Estas expresiones pueden ser \u00fatiles, pero requieren mucha precisi\u00f3n.<\/p>\n\n\n\n<p class=\"wp-block-paragraph\">\u201cBinitario\u201d puede sugerir una doctrina sistem\u00e1tica de dos personas divinas semejante a una forma incompleta de la Trinidad cristiana.<\/p>\n\n\n\n<p class=\"wp-block-paragraph\">La evidencia jud\u00eda antigua no permite semejante simplificaci\u00f3n.<\/p>\n\n\n\n<p class=\"wp-block-paragraph\">Lo que encontramos son <strong>configuraciones diferentes de mediaci\u00f3n y exaltaci\u00f3n<\/strong>.<\/p>\n\n\n\n<p class=\"wp-block-paragraph\">En unos textos aparece Sabidur\u00eda.<\/p>\n\n\n\n<p class=\"wp-block-paragraph\">En otros, Logos.<\/p>\n\n\n\n<p class=\"wp-block-paragraph\">En otros, un Hijo del Hombre celestial.<\/p>\n\n\n\n<p class=\"wp-block-paragraph\">En otros, \u00e1ngeles del Nombre.<\/p>\n\n\n\n<p class=\"wp-block-paragraph\">En otros, patriarcas glorificados.<\/p>\n\n\n\n<p class=\"wp-block-paragraph\">No existe una \u00fanica doctrina jud\u00eda universal que re\u00fana todas estas figuras.<\/p>\n\n\n\n<p class=\"wp-block-paragraph\">Por ello, probablemente sea m\u00e1s seguro hablar de:<\/p>\n\n\n\n<blockquote class=\"wp-block-quote is-layout-flow wp-block-quote-is-layout-flow\">\n<p class=\"wp-block-paragraph\"><strong>tradiciones jud\u00edas de mediaci\u00f3n celestial y de figuras exaltadas asociadas con prerrogativas divinas.<\/strong><\/p>\n<\/blockquote>\n\n\n\n<p class=\"wp-block-paragraph\">Dentro de ese marco, el \u00c1ngel de Yahv\u00e9 adquiere nueva importancia.<\/p>\n\n\n\n<p class=\"wp-block-paragraph\">Los textos veterotestamentarios que parec\u00edan extra\u00f1os cuando se examinaban aisladamente pueden situarse dentro de una historia mucho m\u00e1s amplia de reflexi\u00f3n acerca de <strong>c\u00f3mo el Dios trascendente se hace presente, habla, gobierna y se revela mediante agentes<\/strong>.<sup data-fn=\"84eb0496-a830-4e10-af6f-400ae3d06faf\" class=\"fn\"><a href=\"#84eb0496-a830-4e10-af6f-400ae3d06faf\" id=\"84eb0496-a830-4e10-af6f-400ae3d06faf-link\">101<\/a><\/sup><\/p>\n\n\n\n<h2 id=\"el-angel-de-yahve-dentro-de-este-horizonte\" class=\"wp-block-heading\">El \u00c1ngel de Yahv\u00e9 dentro de este horizonte<\/h2>\n\n\n\n<p class=\"wp-block-paragraph\">Llegados a este punto podemos formular una comparaci\u00f3n m\u00e1s precisa.<\/p>\n\n\n\n<p class=\"wp-block-paragraph\">El \u00c1ngel de Yahv\u00e9 comparte con algunas de estas figuras posteriores determinados rasgos:<\/p>\n\n\n\n<p class=\"wp-block-paragraph\"><strong>con la Sabidur\u00eda<\/strong>, una relaci\u00f3n extraordinariamente estrecha con la actividad divina;<\/p>\n\n\n\n<p class=\"wp-block-paragraph\"><strong>con el Logos<\/strong>, funci\u00f3n de mediaci\u00f3n entre el Dios trascendente y el mundo;<\/p>\n\n\n\n<p class=\"wp-block-paragraph\"><strong>con el \u00c1ngel del Nombre<\/strong>, participaci\u00f3n en el Nombre y autoridad de Dios;<\/p>\n\n\n\n<p class=\"wp-block-paragraph\"><strong>con la figura de Daniel 7<\/strong>, distinci\u00f3n respecto de Dios acompa\u00f1ada por extraordinaria exaltaci\u00f3n;<\/p>\n\n\n\n<p class=\"wp-block-paragraph\"><strong>con Yahoel<\/strong>, una relaci\u00f3n especial entre identidad angelical y Nombre divino;<\/p>\n\n\n\n<p class=\"wp-block-paragraph\"><strong>con posteriores tradiciones de Metatr\u00f3n<\/strong>, el problema de cu\u00e1nto puede exaltarse a un mediador sin convertirlo en una segunda deidad.<\/p>\n\n\n\n<p class=\"wp-block-paragraph\">Pero las diferencias son igualmente importantes.<\/p>\n\n\n\n<p class=\"wp-block-paragraph\">El \u00c1ngel de Yahv\u00e9 pertenece a textos mucho m\u00e1s antiguos.<\/p>\n\n\n\n<p class=\"wp-block-paragraph\">No posee un nombre personal estable conocido.<\/p>\n\n\n\n<p class=\"wp-block-paragraph\">No aparece acompa\u00f1ado por una doctrina sistem\u00e1tica acerca de su origen.<\/p>\n\n\n\n<p class=\"wp-block-paragraph\">No es expl\u00edcitamente identificado con Sabidur\u00eda, Logos, Hijo del Hombre, Yahoel o Metatr\u00f3n.<\/p>\n\n\n\n<p class=\"wp-block-paragraph\">Por ello, estas figuras deben utilizarse como <strong>paralelos hist\u00f3ricos y conceptuales<\/strong>, no como identidades.<\/p>\n\n\n\n<h2 id=\"una-nueva-comprension-del-problema\" class=\"wp-block-heading\">Una nueva comprensi\u00f3n del problema<\/h2>\n\n\n\n<p class=\"wp-block-paragraph\">Este recorrido permite comprender mejor por qu\u00e9 la cuesti\u00f3n del \u00c1ngel de Yahv\u00e9 no puede resolverse \u00fanicamente mediante la oposici\u00f3n:<\/p>\n\n\n\n<blockquote class=\"wp-block-quote is-layout-flow wp-block-quote-is-layout-flow\">\n<p class=\"wp-block-paragraph\">\u201cDios\u201d frente a \u201c\u00e1ngel\u201d.<\/p>\n<\/blockquote>\n\n\n\n<p class=\"wp-block-paragraph\">En el pensamiento b\u00edblico y jud\u00edo antiguo exist\u00eda una categor\u00eda mucho m\u00e1s rica de <strong>agencia celestial<\/strong>.<\/p>\n\n\n\n<p class=\"wp-block-paragraph\">Un mensajero pod\u00eda portar el Nombre.<\/p>\n\n\n\n<p class=\"wp-block-paragraph\">Una figura pod\u00eda participar del trono o del gobierno celestial.<\/p>\n\n\n\n<p class=\"wp-block-paragraph\">La Sabidur\u00eda pod\u00eda describirse junto a Dios en la creaci\u00f3n.<\/p>\n\n\n\n<p class=\"wp-block-paragraph\">El Logos pod\u00eda funcionar como mediador.<\/p>\n\n\n\n<p class=\"wp-block-paragraph\">Una figura humana celestial pod\u00eda venir con las nubes.<\/p>\n\n\n\n<p class=\"wp-block-paragraph\">Un \u00e1ngel pod\u00eda poseer una relaci\u00f3n extraordinaria con el Nombre divino.<\/p>\n\n\n\n<p class=\"wp-block-paragraph\">Nada de esto elimina la frontera entre Dios y criatura.<\/p>\n\n\n\n<p class=\"wp-block-paragraph\">Pero demuestra que esa frontera pod\u00eda expresarse mediante categor\u00edas m\u00e1s complejas de lo que una lectura moderna superficial podr\u00eda suponer.<\/p>\n\n\n\n<p class=\"wp-block-paragraph\">Esta conclusi\u00f3n resulta decisiva para la siguiente etapa de nuestro estudio.<\/p>\n\n\n\n<p class=\"wp-block-paragraph\">Porque cuando los primeros cristianos comenzaron a afirmar que Jes\u00fas hab\u00eda sido exaltado, que estaba a la diestra de Dios, que participaba de su Nombre, que hab\u00eda actuado en la creaci\u00f3n y que pod\u00eda ser invocado dentro de la vida cultual de las comunidades, no estaban utilizando categor\u00edas surgidas de un vac\u00edo religioso.<\/p>\n\n\n\n<p class=\"wp-block-paragraph\">Estaban reinterpretando, alrededor de la persona de Jes\u00fas, <strong>tradiciones jud\u00edas acerca de la identidad, presencia y mediaci\u00f3n divina<\/strong>.<\/p>\n\n\n\n<p class=\"wp-block-paragraph\">Y cuando determinados cristianos comenzaron a releer las antiguas apariciones del \u00c1ngel de Yahv\u00e9 como manifestaciones preencarnadas de Cristo, tampoco estaban formulando una asociaci\u00f3n completamente arbitraria.<\/p>\n\n\n\n<p class=\"wp-block-paragraph\">Estaban intentando responder a una pregunta que los propios textos veterotestamentarios hab\u00edan dejado abierta:<\/p>\n\n\n\n<blockquote class=\"wp-block-quote is-layout-flow wp-block-quote-is-layout-flow\">\n<p class=\"wp-block-paragraph\"><strong>\u00bfqui\u00e9n es este mensajero que puede distinguirse de Yahv\u00e9 y, sin embargo, hablar como Yahv\u00e9, portar su Nombre y hacer presente su autoridad?<\/strong><\/p>\n<\/blockquote>\n\n\n\n<p class=\"wp-block-paragraph\">La respuesta cristiana ser\u00e1:<\/p>\n\n\n\n<blockquote class=\"wp-block-quote is-layout-flow wp-block-quote-is-layout-flow\">\n<p class=\"wp-block-paragraph\"><strong>el Logos.<\/strong><\/p>\n<\/blockquote>\n\n\n\n<p class=\"wp-block-paragraph\">Pero esa respuesta no aparecer\u00e1 plenamente desarrollada de una vez.<\/p>\n\n\n\n<p class=\"wp-block-paragraph\">Deberemos seguir su historia.<\/p>\n\n\n\n<p class=\"wp-block-paragraph\">Primero en el <strong>Nuevo Testamento<\/strong>, donde curiosamente nunca encontramos una afirmaci\u00f3n expl\u00edcita formulada como:<\/p>\n\n\n\n<blockquote class=\"wp-block-quote is-layout-flow wp-block-quote-is-layout-flow\">\n<p class=\"wp-block-paragraph\">\u201cJes\u00fas es el \u00c1ngel de Yahv\u00e9\u201d.<\/p>\n<\/blockquote>\n\n\n\n<p class=\"wp-block-paragraph\">Despu\u00e9s en los apologistas del siglo II, especialmente <strong>Justino M\u00e1rtir<\/strong>, donde esa identificaci\u00f3n se vuelve expl\u00edcita y ocupa un lugar central en la argumentaci\u00f3n cristol\u00f3gica.<\/p>\n\n\n\n<p class=\"wp-block-paragraph\">Posteriormente en <strong>Ireneo, Tertuliano, Or\u00edgenes y otros Padres<\/strong>, donde las teofan\u00edas veterotestamentarias ser\u00e1n incorporadas a reflexiones cada vez m\u00e1s desarrolladas acerca de la relaci\u00f3n entre Padre, Hijo y Esp\u00edritu.<\/p>\n\n\n\n<p class=\"wp-block-paragraph\">Solo despu\u00e9s podremos preguntar si la interpretaci\u00f3n patr\u00edstica constituye una lectura leg\u00edtimamente can\u00f3nica de los textos o una relectura cristol\u00f3gica posterior que excede su significado hist\u00f3rico original.<\/p>\n\n\n\n<h1 id=\"el-angel-de-yahve-y-cristo-en-el-nuevo-testamento\" class=\"wp-block-heading\">El \u00c1ngel de Yahv\u00e9 y Cristo en el Nuevo Testamento<\/h1>\n\n\n\n<p class=\"wp-block-paragraph\">La transici\u00f3n desde el Antiguo Testamento y el juda\u00edsmo del Segundo Templo hacia el Nuevo Testamento exige especial cautela. La tradici\u00f3n cristiana posterior identificar\u00e1 frecuentemente al \u00c1ngel de Yahv\u00e9 con el Logos preencarnado, pero el Nuevo Testamento no presenta una afirmaci\u00f3n directa equivalente a:<\/p>\n\n\n\n<blockquote class=\"wp-block-quote is-layout-flow wp-block-quote-is-layout-flow\">\n<p class=\"wp-block-paragraph\">\u201cEl \u00c1ngel de Yahv\u00e9 era Cristo\u201d.<\/p>\n<\/blockquote>\n\n\n\n<p class=\"wp-block-paragraph\">Esto significa que la identificaci\u00f3n cristol\u00f3gica debe evaluarse mediante <strong>conexiones indirectas<\/strong>, especialmente aquellos textos donde Cristo aparece relacionado con acontecimientos del \u00e9xodo, con la actividad divina anterior a su encarnaci\u00f3n o con la presencia de Dios en la historia de Israel.<\/p>\n\n\n\n<p class=\"wp-block-paragraph\">Esta distinci\u00f3n resulta metodol\u00f3gicamente importante. Una cosa es afirmar que el Nuevo Testamento presenta a Cristo como <strong>preexistente y activo en la historia de salvaci\u00f3n<\/strong>. Otra, m\u00e1s espec\u00edfica, es afirmar que cada aparici\u00f3n del <em>mal\u02beakh YHWH<\/em> debe identificarse necesariamente con \u00e9l.<\/p>\n\n\n\n<p class=\"wp-block-paragraph\">La primera afirmaci\u00f3n posee apoyo textual considerable.<\/p>\n\n\n\n<p class=\"wp-block-paragraph\">La segunda requiere argumentaci\u00f3n adicional.<\/p>\n\n\n\n<h2 id=\"la-roca-era-cristo-1-corintios-10-1-4\" class=\"wp-block-heading\">\u201cLa roca era Cristo\u201d: 1 Corintios 10:1\u20134<\/h2>\n\n\n\n<p class=\"wp-block-paragraph\">Uno de los textos m\u00e1s importantes aparece en la primera carta de Pablo a los Corintios. Al advertir a la comunidad contra la idolatr\u00eda, Pablo recuerda la generaci\u00f3n del \u00e9xodo:<\/p>\n\n\n\n<blockquote class=\"wp-block-quote is-layout-flow wp-block-quote-is-layout-flow\">\n<p class=\"wp-block-paragraph\">\u201cNuestros padres todos estuvieron bajo la nube, y todos pasaron el mar\u201d (<a href=\"https:\/\/biblia.com\/bible\/rvr60\/1Co10.1\">1 Co 10:1<\/a>).<\/p>\n<\/blockquote>\n\n\n\n<p class=\"wp-block-paragraph\">Despu\u00e9s declara que todos:<\/p>\n\n\n\n<blockquote class=\"wp-block-quote is-layout-flow wp-block-quote-is-layout-flow\">\n<p class=\"wp-block-paragraph\">\u201ccomieron el mismo alimento espiritual, y todos bebieron la misma bebida espiritual\u201d (<a href=\"https:\/\/biblia.com\/bible\/rvr60\/1Co10.3-4\">1 Co 10:3\u20134<\/a>).<\/p>\n<\/blockquote>\n\n\n\n<p class=\"wp-block-paragraph\">Entonces a\u00f1ade:<\/p>\n\n\n\n<blockquote class=\"wp-block-quote is-layout-flow wp-block-quote-is-layout-flow\">\n<p class=\"wp-block-paragraph\">\u201cporque beb\u00edan de la roca espiritual que los segu\u00eda, y la roca era Cristo\u201d (<a href=\"https:\/\/biblia.com\/bible\/rvr60\/1Co10.4\">1 Co 10:4<\/a>).<\/p>\n<\/blockquote>\n\n\n\n<p class=\"wp-block-paragraph\">La afirmaci\u00f3n resulta extraordinaria:<\/p>\n\n\n\n<blockquote class=\"wp-block-quote is-layout-flow wp-block-quote-is-layout-flow\">\n<p class=\"wp-block-paragraph\">\u1f21 \u03b4\u1f72 \u03c0\u03ad\u03c4\u03c1\u03b1 \u1f26\u03bd \u1f41 \u03a7\u03c1\u03b9\u03c3\u03c4\u03cc\u03c2<br><em>h\u0113 de petra \u0113n ho Christos<\/em><br>\u201cy la roca era Cristo\u201d.<\/p>\n<\/blockquote>\n\n\n\n<p class=\"wp-block-paragraph\">Pablo introduce de este modo a Cristo dentro de la experiencia de Israel en el desierto.<\/p>\n\n\n\n<p class=\"wp-block-paragraph\">La cuesti\u00f3n es qu\u00e9 quiere decir exactamente.<\/p>\n\n\n\n<p class=\"wp-block-paragraph\">No resulta necesario imaginar que Pablo pensara en una piedra f\u00edsica que literalmente caminaba detr\u00e1s de los israelitas. El lenguaje probablemente pertenece a una interpretaci\u00f3n teol\u00f3gica del motivo b\u00edblico de Dios como <strong>Roca<\/strong> de Israel y del agua proporcionada milagrosamente durante el peregrinaje.<\/p>\n\n\n\n<p class=\"wp-block-paragraph\">El Antiguo Testamento denomina repetidamente a Yahv\u00e9 \u201cRoca\u201d. Por ejemplo:<\/p>\n\n\n\n<blockquote class=\"wp-block-quote is-layout-flow wp-block-quote-is-layout-flow\">\n<p class=\"wp-block-paragraph\">\u201c\u00c9l es la Roca, cuya obra es perfecta\u201d (<a href=\"https:\/\/biblia.com\/bible\/rvr60\/Dt32.4\">Dt 32:4<\/a>).<\/p>\n<\/blockquote>\n\n\n\n<p class=\"wp-block-paragraph\">Y posteriormente:<\/p>\n\n\n\n<blockquote class=\"wp-block-quote is-layout-flow wp-block-quote-is-layout-flow\">\n<p class=\"wp-block-paragraph\">\u201cY se olvid\u00f3 de la Roca que lo hab\u00eda creado\u201d (<a href=\"https:\/\/biblia.com\/bible\/rvr60\/Dt32.18\">Dt 32:18<\/a>).<\/p>\n<\/blockquote>\n\n\n\n<p class=\"wp-block-paragraph\">El <a href=\"https:\/\/biblia.com\/bible\/rvr60\/Ps78\">Salmo 78<\/a> recuerda adem\u00e1s el episodio del agua en el desierto y la roca golpeada (<a href=\"https:\/\/biblia.com\/bible\/rvr60\/Ps78.15-20\">Sal 78:15\u201320<\/a>).<\/p>\n\n\n\n<p class=\"wp-block-paragraph\">Cuando Pablo afirma que:<\/p>\n\n\n\n<blockquote class=\"wp-block-quote is-layout-flow wp-block-quote-is-layout-flow\">\n<p class=\"wp-block-paragraph\">\u201cla Roca era Cristo\u201d,<\/p>\n<\/blockquote>\n\n\n\n<p class=\"wp-block-paragraph\">est\u00e1, por tanto, relacionando a Cristo con una tradici\u00f3n donde la <strong>presencia y provisi\u00f3n de Yahv\u00e9<\/strong> acompa\u00f1aban a Israel.<\/p>\n\n\n\n<p class=\"wp-block-paragraph\">La importancia para nuestro estudio resulta evidente.<\/p>\n\n\n\n<p class=\"wp-block-paragraph\">Anteriormente hab\u00edamos observado que durante el \u00e9xodo el \u00c1ngel desempe\u00f1a una funci\u00f3n de acompa\u00f1amiento y protecci\u00f3n:<\/p>\n\n\n\n<blockquote class=\"wp-block-quote is-layout-flow wp-block-quote-is-layout-flow\">\n<p class=\"wp-block-paragraph\">\u201cel \u00e1ngel de Dios que iba delante del campamento de Israel\u201d (<a href=\"https:\/\/biblia.com\/bible\/rvr60\/Ex14.19\">Ex 14:19<\/a>).<\/p>\n<\/blockquote>\n\n\n\n<p class=\"wp-block-paragraph\">Y posteriormente Yahv\u00e9 declara:<\/p>\n\n\n\n<blockquote class=\"wp-block-quote is-layout-flow wp-block-quote-is-layout-flow\">\n<p class=\"wp-block-paragraph\">\u201cHe aqu\u00ed yo env\u00edo mi \u00c1ngel delante de ti\u201d (<a href=\"https:\/\/biblia.com\/bible\/rvr60\/Ex23.20\">Ex 23:20<\/a>).<\/p>\n<\/blockquote>\n\n\n\n<p class=\"wp-block-paragraph\">Pablo no afirma expl\u00edcitamente:<\/p>\n\n\n\n<blockquote class=\"wp-block-quote is-layout-flow wp-block-quote-is-layout-flow\">\n<p class=\"wp-block-paragraph\">\u201cese \u00c1ngel era Cristo\u201d.<\/p>\n<\/blockquote>\n\n\n\n<p class=\"wp-block-paragraph\">Sin embargo, s\u00ed coloca a <strong>Cristo dentro de la historia del acompa\u00f1amiento divino de Israel<\/strong>.<\/p>\n\n\n\n<p class=\"wp-block-paragraph\">Esto constituye una conexi\u00f3n mucho m\u00e1s segura.<\/p>\n\n\n\n<p class=\"wp-block-paragraph\"><strong>Carla Works<\/strong>, comentando <a href=\"https:\/\/biblia.com\/bible\/rvr60\/1Co10\">1 Corintios 10<\/a>, observa que Pablo describe las experiencias de Israel mediante categor\u00edas que corresponden a la experiencia cristiana y llega a presentar a los israelitas como sostenidos por Cristo en el desierto.<sup data-fn=\"47eb69c1-0d83-46ae-885b-99ca443d6bfd\" class=\"fn\"><a href=\"#47eb69c1-0d83-46ae-885b-99ca443d6bfd\" id=\"47eb69c1-0d83-46ae-885b-99ca443d6bfd-link\">102<\/a><\/sup> La observaci\u00f3n resulta importante porque muestra que la cristolog\u00eda paulina no limita la actividad de Cristo al per\u00edodo posterior a su nacimiento humano.<\/p>\n\n\n\n<p class=\"wp-block-paragraph\">Otro comentario reciente se\u00f1ala que Pablo realiza aqu\u00ed una lectura tipol\u00f3gica o <em>midr\u00e1shica<\/em> de la tradici\u00f3n del \u00e9xodo, conectando la roca con Cristo.<sup data-fn=\"75893afd-9ac6-4655-a6f7-fe50b07a0b66\" class=\"fn\"><a href=\"#75893afd-9ac6-4655-a6f7-fe50b07a0b66\" id=\"75893afd-9ac6-4655-a6f7-fe50b07a0b66-link\">103<\/a><\/sup> La formulaci\u00f3n \u201cla roca era Cristo\u201d debe, por tanto, entenderse dentro de la hermen\u00e9utica jud\u00eda de Pablo y de su convicci\u00f3n acerca de la identidad y actividad preexistente de Cristo.<sup data-fn=\"1f12ec64-98c9-4b9c-8f88-8ab1d13068b2\" class=\"fn\"><a href=\"#1f12ec64-98c9-4b9c-8f88-8ab1d13068b2\" id=\"1f12ec64-98c9-4b9c-8f88-8ab1d13068b2-link\">104<\/a><\/sup><\/p>\n\n\n\n<p class=\"wp-block-paragraph\">Se ha relacionado <a href=\"https:\/\/biblia.com\/bible\/rvr60\/1Co10.4\">1 Co 10:4<\/a> con tradiciones jud\u00edas posteriores acerca de una fuente o pozo que acompa\u00f1aba a Israel por el desierto. Sin embargo, la antig\u00fcedad y forma exacta de esa tradici\u00f3n son discutidas. Tambi\u00e9n es posible que Pablo construya su afirmaci\u00f3n directamente a partir de la interpretaci\u00f3n b\u00edblica de Dios como Roca y de textos como Salmo 78.<\/p>\n\n\n\n<h2 id=\"cristo-estuvo-realmente-presente-con-israel\" class=\"wp-block-heading\">\u00bfCristo estuvo realmente presente con Israel?<\/h2>\n\n\n\n<p class=\"wp-block-paragraph\">El lenguaje de Pablo resulta todav\u00eda m\u00e1s fuerte cuando avanzamos algunos vers\u00edculos.<\/p>\n\n\n\n<p class=\"wp-block-paragraph\">La RVR60 de <a href=\"https:\/\/biblia.com\/bible\/rvr60\/1Co10.9\">1 Corintios 10:9<\/a> dice:<\/p>\n\n\n\n<blockquote class=\"wp-block-quote is-layout-flow wp-block-quote-is-layout-flow\">\n<p class=\"wp-block-paragraph\">\u201cNi tentemos al Se\u00f1or, como tambi\u00e9n algunos de ellos le tentaron, y perecieron por las serpientes\u201d.<\/p>\n<\/blockquote>\n\n\n\n<p class=\"wp-block-paragraph\">Sin embargo, existe aqu\u00ed una conocida variante textual. Algunos manuscritos leen <strong>\u201cCristo\u201d<\/strong>, mientras otros leen \u201cSe\u00f1or\u201d o incluso \u201cDios\u201d.<\/p>\n\n\n\n<p class=\"wp-block-paragraph\">La lectura \u201cCristo\u201d resulta teol\u00f3gicamente notable porque implicar\u00eda que los israelitas del desierto <strong>tentaron a Cristo<\/strong>.<\/p>\n\n\n\n<p class=\"wp-block-paragraph\">No debemos construir un argumento decisivo sobre esta variante porque la evidencia textual requiere evaluaci\u00f3n. Pero muestra que, en una etapa temprana de la transmisi\u00f3n cristiana, la idea de relacionar a Cristo directamente con la experiencia de Israel en el desierto no resultaba extra\u00f1a.<\/p>\n\n\n\n<p class=\"wp-block-paragraph\">Independientemente de la variante del vers\u00edculo 9, <a href=\"https:\/\/biblia.com\/bible\/rvr60\/1Co10.4\">1 Corintios 10:4<\/a> es inequ\u00edvoco:<\/p>\n\n\n\n<blockquote class=\"wp-block-quote is-layout-flow wp-block-quote-is-layout-flow\">\n<p class=\"wp-block-paragraph\"><strong>\u201cla roca era Cristo\u201d.<\/strong><\/p>\n<\/blockquote>\n\n\n\n<p class=\"wp-block-paragraph\">Por tanto, Pablo considera leg\u00edtimo releer la presencia salvadora de Dios durante el \u00e9xodo en t\u00e9rminos cristol\u00f3gicos.<\/p>\n\n\n\n<p class=\"wp-block-paragraph\">Esto no demuestra todav\u00eda:<\/p>\n\n\n\n<blockquote class=\"wp-block-quote is-layout-flow wp-block-quote-is-layout-flow\">\n<p class=\"wp-block-paragraph\">Cristo = \u00c1ngel de Yahv\u00e9.<\/p>\n<\/blockquote>\n\n\n\n<p class=\"wp-block-paragraph\">Pero proporciona un elemento esencial para comprender por qu\u00e9 los cristianos posteriores pudieron realizar esa identificaci\u00f3n.<\/p>\n\n\n\n<h2 id=\"judas-5-y-la-salida-de-egipto\" class=\"wp-block-heading\">Judas 5 y la salida de Egipto<\/h2>\n\n\n\n<p class=\"wp-block-paragraph\">Otro texto todav\u00eda m\u00e1s sorprendente aparece en la carta de Judas.<\/p>\n\n\n\n<p class=\"wp-block-paragraph\">La RVR60 traduce:<\/p>\n\n\n\n<blockquote class=\"wp-block-quote is-layout-flow wp-block-quote-is-layout-flow\">\n<p class=\"wp-block-paragraph\">\u201cMas quiero recordaros, ya que una vez lo hab\u00e9is sabido, que el Se\u00f1or, habiendo salvado al pueblo sac\u00e1ndolo de Egipto, despu\u00e9s destruy\u00f3 a los que no creyeron\u201d (<a href=\"https:\/\/biblia.com\/bible\/rvr60\/Jud1.5\">Jud 5<\/a>).<\/p>\n<\/blockquote>\n\n\n\n<p class=\"wp-block-paragraph\">Sin embargo, existe una importante cuesti\u00f3n textual.<\/p>\n\n\n\n<p class=\"wp-block-paragraph\">Algunos manuscritos antiguos leen:<\/p>\n\n\n\n<blockquote class=\"wp-block-quote is-layout-flow wp-block-quote-is-layout-flow\">\n<p class=\"wp-block-paragraph\"><strong>\u201cJes\u00fas\u201d<\/strong><\/p>\n<\/blockquote>\n\n\n\n<p class=\"wp-block-paragraph\">en lugar de:<\/p>\n\n\n\n<blockquote class=\"wp-block-quote is-layout-flow wp-block-quote-is-layout-flow\">\n<p class=\"wp-block-paragraph\">\u201cel Se\u00f1or\u201d.<\/p>\n<\/blockquote>\n\n\n\n<p class=\"wp-block-paragraph\">Si la lectura \u1f38\u03b7\u03c3\u03bf\u1fe6\u03c2 (<em>I\u0113sous<\/em>, \u201cJes\u00fas\u201d) es original, la afirmaci\u00f3n ser\u00eda extraordinaria:<\/p>\n\n\n\n<blockquote class=\"wp-block-quote is-layout-flow wp-block-quote-is-layout-flow\">\n<p class=\"wp-block-paragraph\"><strong>Jes\u00fas salv\u00f3 al pueblo de Egipto.<\/strong><\/p>\n<\/blockquote>\n\n\n\n<p class=\"wp-block-paragraph\">Esta variante ha recibido considerable atenci\u00f3n en la cr\u00edtica textual moderna y aparece adoptada en varias ediciones cr\u00edticas contempor\u00e1neas del Nuevo Testamento. Richard Bauckham analiza precisamente esta dificultad textual y sus implicaciones para la identificaci\u00f3n del agente de la liberaci\u00f3n de Egipto.<sup data-fn=\"a71798b4-1bf3-4bfa-9f77-638331d20761\" class=\"fn\"><a href=\"#a71798b4-1bf3-4bfa-9f77-638331d20761\" id=\"a71798b4-1bf3-4bfa-9f77-638331d20761-link\">105<\/a><\/sup><\/p>\n\n\n\n<p class=\"wp-block-paragraph\">La importancia para nuestro estudio es evidente.<\/p>\n\n\n\n<p class=\"wp-block-paragraph\">Si Judas escribi\u00f3 \u201cJes\u00fas\u201d, entonces tenemos un autor neotestamentario atribuyendo expl\u00edcitamente a Jes\u00fas una acci\u00f3n salv\u00edfica ocurrida siglos antes de la encarnaci\u00f3n.<\/p>\n\n\n\n<p class=\"wp-block-paragraph\">Esto demostrar\u00eda una concepci\u00f3n fuertemente preexistente de Cristo.<\/p>\n\n\n\n<p class=\"wp-block-paragraph\">Sin embargo, incluso en este caso debemos evitar una inferencia excesiva.<\/p>\n\n\n\n<p class=\"wp-block-paragraph\">Judas no dice:<\/p>\n\n\n\n<blockquote class=\"wp-block-quote is-layout-flow wp-block-quote-is-layout-flow\">\n<p class=\"wp-block-paragraph\">\u201cJes\u00fas era el \u00c1ngel de Yahv\u00e9\u201d.<\/p>\n<\/blockquote>\n\n\n\n<p class=\"wp-block-paragraph\">Dice, en la lectura \u201cJes\u00fas\u201d:<\/p>\n\n\n\n<blockquote class=\"wp-block-quote is-layout-flow wp-block-quote-is-layout-flow\">\n<p class=\"wp-block-paragraph\"><strong>Jes\u00fas salv\u00f3 a Israel de Egipto.<\/strong><\/p>\n<\/blockquote>\n\n\n\n<p class=\"wp-block-paragraph\">La conexi\u00f3n con el \u00c1ngel debe establecerse posteriormente al comparar ese dato con los relatos donde el \u00c1ngel participa en la liberaci\u00f3n y conducci\u00f3n de Israel.<sup data-fn=\"7b25ee21-83d2-491e-a2eb-e7c990550eb6\" class=\"fn\"><a href=\"#7b25ee21-83d2-491e-a2eb-e7c990550eb6\" id=\"7b25ee21-83d2-491e-a2eb-e7c990550eb6-link\">106<\/a><\/sup><\/p>\n\n\n\n<h2 id=\"cristo-y-la-gloria-anterior-a-abraham\" class=\"wp-block-heading\">Cristo y la gloria anterior a Abraham<\/h2>\n\n\n\n<p class=\"wp-block-paragraph\">El Evangelio de Juan proporciona otro grupo importante de textos.<\/p>\n\n\n\n<p class=\"wp-block-paragraph\">Jes\u00fas declara:<\/p>\n\n\n\n<blockquote class=\"wp-block-quote is-layout-flow wp-block-quote-is-layout-flow\">\n<p class=\"wp-block-paragraph\">\u201cAbraham vuestro padre se goz\u00f3 de que hab\u00eda de ver mi d\u00eda; y lo vio, y se goz\u00f3\u201d (<a href=\"https:\/\/biblia.com\/bible\/rvr60\/Jn8.56\">Jn 8:56<\/a>).<\/p>\n<\/blockquote>\n\n\n\n<p class=\"wp-block-paragraph\">Sus interlocutores preguntan:<\/p>\n\n\n\n<blockquote class=\"wp-block-quote is-layout-flow wp-block-quote-is-layout-flow\">\n<p class=\"wp-block-paragraph\">\u201cA\u00fan no tienes cincuenta a\u00f1os, \u00bfy has visto a Abraham?\u201d (<a href=\"https:\/\/biblia.com\/bible\/rvr60\/Jn8.57\">Jn 8:57<\/a>).<\/p>\n<\/blockquote>\n\n\n\n<p class=\"wp-block-paragraph\">Entonces Jes\u00fas responde:<\/p>\n\n\n\n<blockquote class=\"wp-block-quote is-layout-flow wp-block-quote-is-layout-flow\">\n<p class=\"wp-block-paragraph\">\u201cDe cierto, de cierto os digo: Antes que Abraham fuese, yo soy\u201d (<a href=\"https:\/\/biblia.com\/bible\/rvr60\/Jn8.58\">Jn 8:58<\/a>).<\/p>\n<\/blockquote>\n\n\n\n<p class=\"wp-block-paragraph\">La expresi\u00f3n griega es:<\/p>\n\n\n\n<blockquote class=\"wp-block-quote is-layout-flow wp-block-quote-is-layout-flow\">\n<p class=\"wp-block-paragraph\">\u03c0\u03c1\u1f76\u03bd \u1f08\u03b2\u03c1\u03b1\u1f70\u03bc \u03b3\u03b5\u03bd\u03ad\u03c3\u03b8\u03b1\u03b9 \u1f10\u03b3\u03ce \u03b5\u1f30\u03bc\u03b9<br><em>prin Abraam genesthai eg\u014d eimi<\/em>.<\/p>\n<\/blockquote>\n\n\n\n<p class=\"wp-block-paragraph\">El contraste verbal es llamativo:<\/p>\n\n\n\n<p class=\"wp-block-paragraph\">Abraham <strong>lleg\u00f3 a existir<\/strong> (<em>genesthai<\/em>).<\/p>\n\n\n\n<p class=\"wp-block-paragraph\">Jes\u00fas dice:<\/p>\n\n\n\n<blockquote class=\"wp-block-quote is-layout-flow wp-block-quote-is-layout-flow\">\n<p class=\"wp-block-paragraph\"><strong>\u1f10\u03b3\u03ce \u03b5\u1f30\u03bc\u03b9 \u2014 \u201cyo soy\u201d.<\/strong><\/p>\n<\/blockquote>\n\n\n\n<p class=\"wp-block-paragraph\">La tradici\u00f3n cristiana ha relacionado naturalmente esta expresi\u00f3n con la revelaci\u00f3n del nombre divino en <a href=\"https:\/\/biblia.com\/bible\/rvr60\/Ex3.14\">\u00c9xodo 3:14<\/a>, especialmente a trav\u00e9s de la formulaci\u00f3n de la Septuaginta.<\/p>\n\n\n\n<p class=\"wp-block-paragraph\">Sin embargo, la relaci\u00f3n exacta entre <a href=\"https:\/\/biblia.com\/bible\/rvr60\/Jn8.58\">Juan 8:58<\/a> y <a href=\"https:\/\/biblia.com\/bible\/rvr60\/Ex3.14\">\u00c9xodo 3:14<\/a> debe estudiarse cuidadosamente. No debemos asumir que dos expresiones traducidas \u201cyo soy\u201d sean autom\u00e1ticamente id\u00e9nticas en forma gramatical.<\/p>\n\n\n\n<p class=\"wp-block-paragraph\">Lo que resulta indiscutible es que Juan presenta a Jes\u00fas afirmando una existencia anterior a Abraham.<\/p>\n\n\n\n<p class=\"wp-block-paragraph\">Esto abre la posibilidad cristol\u00f3gica de releer las teofan\u00edas patriarcales como apariciones de aquel que posteriormente se encarnar\u00eda.<\/p>\n\n\n\n<p class=\"wp-block-paragraph\">Pero nuevamente:<\/p>\n\n\n\n<blockquote class=\"wp-block-quote is-layout-flow wp-block-quote-is-layout-flow\">\n<p class=\"wp-block-paragraph\"><strong>posibilidad no equivale todav\u00eda a identificaci\u00f3n textual expl\u00edcita.<\/strong><\/p>\n<\/blockquote>\n\n\n\n<h2 id=\"nadie-vio-jamas-a-dios-juan-1-18\" class=\"wp-block-heading\">\u201cNadie vio jam\u00e1s a Dios\u201d: Juan 1:18<\/h2>\n\n\n\n<p class=\"wp-block-paragraph\">El pr\u00f3logo de Juan introduce una cuesti\u00f3n todav\u00eda m\u00e1s relacionada con nuestras teofan\u00edas.<\/p>\n\n\n\n<p class=\"wp-block-paragraph\">Despu\u00e9s de declarar:<\/p>\n\n\n\n<blockquote class=\"wp-block-quote is-layout-flow wp-block-quote-is-layout-flow\">\n<p class=\"wp-block-paragraph\">\u201cEn el principio era el Verbo, y el Verbo era con Dios, y el Verbo era Dios\u201d (<a href=\"https:\/\/biblia.com\/bible\/rvr60\/Jn1.1\">Jn 1:1<\/a>),<\/p>\n<\/blockquote>\n\n\n\n<p class=\"wp-block-paragraph\">y:<\/p>\n\n\n\n<blockquote class=\"wp-block-quote is-layout-flow wp-block-quote-is-layout-flow\">\n<p class=\"wp-block-paragraph\">\u201cY aquel Verbo fue hecho carne\u201d (<a href=\"https:\/\/biblia.com\/bible\/rvr60\/Jn1.14\">Jn 1:14<\/a>),<\/p>\n<\/blockquote>\n\n\n\n<p class=\"wp-block-paragraph\">concluye:<\/p>\n\n\n\n<blockquote class=\"wp-block-quote is-layout-flow wp-block-quote-is-layout-flow\">\n<p class=\"wp-block-paragraph\">\u201cA Dios nadie le vio jam\u00e1s; el unig\u00e9nito Hijo [&#8230;] \u00e9l le ha dado a conocer\u201d (<a href=\"https:\/\/biblia.com\/bible\/rvr60\/Jn1.18\">Jn 1:18<\/a>).<\/p>\n<\/blockquote>\n\n\n\n<p class=\"wp-block-paragraph\">Existe nuevamente una conocida variante textual entre:<\/p>\n\n\n\n<blockquote class=\"wp-block-quote is-layout-flow wp-block-quote-is-layout-flow\">\n<p class=\"wp-block-paragraph\">\u201cDios unig\u00e9nito\u201d<\/p>\n<\/blockquote>\n\n\n\n<p class=\"wp-block-paragraph\">y:<\/p>\n\n\n\n<blockquote class=\"wp-block-quote is-layout-flow wp-block-quote-is-layout-flow\">\n<p class=\"wp-block-paragraph\">\u201cHijo unig\u00e9nito\u201d.<\/p>\n<\/blockquote>\n\n\n\n<p class=\"wp-block-paragraph\">Pero para nuestra cuesti\u00f3n el punto principal permanece:<\/p>\n\n\n\n<blockquote class=\"wp-block-quote is-layout-flow wp-block-quote-is-layout-flow\">\n<p class=\"wp-block-paragraph\"><strong>\u201cA Dios nadie le vio jam\u00e1s.\u201d<\/strong><\/p>\n<\/blockquote>\n\n\n\n<p class=\"wp-block-paragraph\">\u00bfC\u00f3mo debe relacionarse esta afirmaci\u00f3n con los numerosos textos veterotestamentarios donde personajes afirman haber visto a Dios?<\/p>\n\n\n\n<p class=\"wp-block-paragraph\">Jacob:<\/p>\n\n\n\n<blockquote class=\"wp-block-quote is-layout-flow wp-block-quote-is-layout-flow\">\n<p class=\"wp-block-paragraph\">\u201cVi a Dios cara a cara\u201d (<a href=\"https:\/\/biblia.com\/bible\/rvr60\/Ge32.30\">Gn 32:30<\/a>).<\/p>\n<\/blockquote>\n\n\n\n<p class=\"wp-block-paragraph\">Isa\u00edas:<\/p>\n\n\n\n<blockquote class=\"wp-block-quote is-layout-flow wp-block-quote-is-layout-flow\">\n<p class=\"wp-block-paragraph\">\u201cHan visto mis ojos al Rey, Jehov\u00e1 de los ej\u00e9rcitos\u201d (<a href=\"https:\/\/biblia.com\/bible\/rvr60\/Is6.5\">Is 6:5<\/a>).<\/p>\n<\/blockquote>\n\n\n\n<p class=\"wp-block-paragraph\">Mois\u00e9s entra en una relaci\u00f3n \u201ccara a cara\u201d con Yahv\u00e9 (<a href=\"https:\/\/biblia.com\/bible\/rvr60\/Ex33.11\">Ex 33:11<\/a>).<\/p>\n\n\n\n<p class=\"wp-block-paragraph\">Manoa afirma:<\/p>\n\n\n\n<blockquote class=\"wp-block-quote is-layout-flow wp-block-quote-is-layout-flow\">\n<p class=\"wp-block-paragraph\">\u201ca Dios hemos visto\u201d (<a href=\"https:\/\/biblia.com\/bible\/rvr60\/Jdg13.22\">Jue 13:22<\/a>).<\/p>\n<\/blockquote>\n\n\n\n<p class=\"wp-block-paragraph\">Juan no parece desconocer la tradici\u00f3n veterotestamentaria. M\u00e1s bien distingue entre el Dios invisible en su trascendencia y la revelaci\u00f3n divina mediada por el Logos.<\/p>\n\n\n\n<p class=\"wp-block-paragraph\">Esto proporcionar\u00e1 posteriormente uno de los principales argumentos de la interpretaci\u00f3n patr\u00edstica:<\/p>\n\n\n\n<blockquote class=\"wp-block-quote is-layout-flow wp-block-quote-is-layout-flow\">\n<p class=\"wp-block-paragraph\">si el Padre nunca ha sido visto, pero Dios fue visto en las teofan\u00edas, entonces aquel que apareci\u00f3 podr\u00eda haber sido el Logos\/Hijo.<\/p>\n<\/blockquote>\n\n\n\n<p class=\"wp-block-paragraph\">Esta l\u00f3gica aparece expl\u00edcitamente en algunos Padres del siglo II.<\/p>\n\n\n\n<p class=\"wp-block-paragraph\">No obstante, debemos reconocer que <strong>Juan 1:18 no dice directamente que cada teofan\u00eda veterotestamentaria fuese Cristo<\/strong>.<\/p>\n\n\n\n<p class=\"wp-block-paragraph\">Afirma que el Logos es el revelador definitivo del Dios invisible.<\/p>\n\n\n\n<p class=\"wp-block-paragraph\">La posterior identificaci\u00f3n de las teofan\u00edas con \u00e9l constituye una inferencia can\u00f3nica.<sup data-fn=\"02fc85d8-f329-413c-b2bb-0f7def77883c\" class=\"fn\"><a href=\"#02fc85d8-f329-413c-b2bb-0f7def77883c\" id=\"02fc85d8-f329-413c-b2bb-0f7def77883c-link\">107<\/a><\/sup><\/p>\n\n\n\n<h2 id=\"isaias-vio-su-gloria-juan-12-37-41\" class=\"wp-block-heading\">Isa\u00edas vio \u201csu gloria\u201d: Juan 12:37\u201341<\/h2>\n\n\n\n<p class=\"wp-block-paragraph\">Existe otro texto jo\u00e1nico todav\u00eda m\u00e1s significativo.<\/p>\n\n\n\n<p class=\"wp-block-paragraph\">Juan cita <a href=\"https:\/\/biblia.com\/bible\/rvr60\/Is6\">Isa\u00edas 6<\/a>, el famoso relato en el que Isa\u00edas ve:<\/p>\n\n\n\n<blockquote class=\"wp-block-quote is-layout-flow wp-block-quote-is-layout-flow\">\n<p class=\"wp-block-paragraph\">\u201cal Se\u00f1or sentado sobre un trono alto y sublime\u201d (<a href=\"https:\/\/biblia.com\/bible\/rvr60\/Is6.1\">Is 6:1<\/a>).<\/p>\n<\/blockquote>\n\n\n\n<p class=\"wp-block-paragraph\">Despu\u00e9s de citar palabras de esa visi\u00f3n, Juan declara:<\/p>\n\n\n\n<blockquote class=\"wp-block-quote is-layout-flow wp-block-quote-is-layout-flow\">\n<p class=\"wp-block-paragraph\">\u201cIsa\u00edas dijo esto cuando vio su gloria, y habl\u00f3 acerca de \u00e9l\u201d (<a href=\"https:\/\/biblia.com\/bible\/rvr60\/Jn12.41\">Jn 12:41<\/a>).<\/p>\n<\/blockquote>\n\n\n\n<p class=\"wp-block-paragraph\">El antecedente cristol\u00f3gico dentro del contexto ha llevado a numerosos int\u00e9rpretes a concluir que Juan est\u00e1 identificando la gloria contemplada por Isa\u00edas con <strong>la gloria de Cristo<\/strong>.<\/p>\n\n\n\n<p class=\"wp-block-paragraph\">Este texto resulta muy importante porque, a diferencia de algunas conexiones m\u00e1s indirectas, Juan parece releer expl\u00edcitamente una teofan\u00eda veterotestamentaria en relaci\u00f3n con Jes\u00fas.<\/p>\n\n\n\n<p class=\"wp-block-paragraph\">Pero aun aqu\u00ed debemos distinguir:<\/p>\n\n\n\n<p class=\"wp-block-paragraph\">Isa\u00edas 6 no menciona al \u201c\u00c1ngel de Yahv\u00e9\u201d.<\/p>\n\n\n\n<p class=\"wp-block-paragraph\">Por tanto, <a href=\"https:\/\/biblia.com\/bible\/rvr60\/Jn12.41\">Juan 12:41<\/a> apoya fuertemente la idea de que el NT puede interpretar <strong>teofan\u00edas de Yahv\u00e9 cristol\u00f3gicamente<\/strong>, pero no identifica directamente al <em>mal\u02beakh YHWH<\/em> con Cristo.<\/p>\n\n\n\n<p class=\"wp-block-paragraph\">Ese matiz ser\u00e1 fundamental en nuestra conclusi\u00f3n.<\/p>\n\n\n\n<h2 id=\"hebreos-1-el-hijo-y-los-angeles\" class=\"wp-block-heading\">Hebreos 1: el Hijo y los \u00e1ngeles<\/h2>\n\n\n\n<p class=\"wp-block-paragraph\">La carta a los Hebreos introduce adem\u00e1s un importante correctivo terminol\u00f3gico.<\/p>\n\n\n\n<p class=\"wp-block-paragraph\">Despu\u00e9s de presentar al Hijo como aquel por quien Dios hizo el universo y como:<\/p>\n\n\n\n<blockquote class=\"wp-block-quote is-layout-flow wp-block-quote-is-layout-flow\">\n<p class=\"wp-block-paragraph\">\u201cel resplandor de su gloria, y la imagen misma de su sustancia\u201d (<a href=\"https:\/\/biblia.com\/bible\/rvr60\/Heb1.2-3\">Heb 1:2\u20133<\/a>),<\/p>\n<\/blockquote>\n\n\n\n<p class=\"wp-block-paragraph\">el autor dedica buena parte del primer cap\u00edtulo a demostrar su superioridad sobre los \u00e1ngeles.<\/p>\n\n\n\n<p class=\"wp-block-paragraph\">Pregunta:<\/p>\n\n\n\n<blockquote class=\"wp-block-quote is-layout-flow wp-block-quote-is-layout-flow\">\n<p class=\"wp-block-paragraph\">\u201cPorque \u00bfa cu\u00e1l de los \u00e1ngeles dijo Dios jam\u00e1s: Mi Hijo eres t\u00fa?\u201d (<a href=\"https:\/\/biblia.com\/bible\/rvr60\/Heb1.5\">Heb 1:5<\/a>).<\/p>\n<\/blockquote>\n\n\n\n<p class=\"wp-block-paragraph\">Y:<\/p>\n\n\n\n<blockquote class=\"wp-block-quote is-layout-flow wp-block-quote-is-layout-flow\">\n<p class=\"wp-block-paragraph\">\u201c\u00bfA cu\u00e1l de los \u00e1ngeles dijo Dios jam\u00e1s: Si\u00e9ntate a mi diestra&#8230;?\u201d (<a href=\"https:\/\/biblia.com\/bible\/rvr60\/Heb1.13\">Heb 1:13<\/a>).<\/p>\n<\/blockquote>\n\n\n\n<p class=\"wp-block-paragraph\">Esto crea una distinci\u00f3n fundamental:<\/p>\n\n\n\n<blockquote class=\"wp-block-quote is-layout-flow wp-block-quote-is-layout-flow\">\n<p class=\"wp-block-paragraph\"><strong>el Hijo no debe clasificarse simplemente como uno de los \u00e1ngeles.<\/strong><\/p>\n<\/blockquote>\n\n\n\n<p class=\"wp-block-paragraph\">Harold W. Attridge, en su comentario a Hebreos, analiza esta serie de citas veterotestamentarias como parte del argumento mediante el cual el autor establece la superioridad y singularidad del Hijo respecto de los seres angelicales.<sup data-fn=\"e4b546fb-b7b7-47b0-aebc-0b7ca6342940\" class=\"fn\"><a href=\"#e4b546fb-b7b7-47b0-aebc-0b7ca6342940\" id=\"e4b546fb-b7b7-47b0-aebc-0b7ca6342940-link\">108<\/a><\/sup><\/p>\n\n\n\n<p class=\"wp-block-paragraph\">Este dato resulta indispensable para cualquier interpretaci\u00f3n cristol\u00f3gica del \u00c1ngel de Yahv\u00e9.<\/p>\n\n\n\n<p class=\"wp-block-paragraph\">Si se afirma:<\/p>\n\n\n\n<blockquote class=\"wp-block-quote is-layout-flow wp-block-quote-is-layout-flow\">\n<p class=\"wp-block-paragraph\">\u201cCristo era el \u00c1ngel de Yahv\u00e9\u201d,<\/p>\n<\/blockquote>\n\n\n\n<p class=\"wp-block-paragraph\">no deber\u00eda entenderse:<\/p>\n\n\n\n<blockquote class=\"wp-block-quote is-layout-flow wp-block-quote-is-layout-flow\">\n<p class=\"wp-block-paragraph\">\u201cCristo era una criatura perteneciente a la categor\u00eda ontol\u00f3gica de los \u00e1ngeles\u201d.<\/p>\n<\/blockquote>\n\n\n\n<p class=\"wp-block-paragraph\">La palabra hebrea <em>mal\u02beakh<\/em> y la griega \u1f04\u03b3\u03b3\u03b5\u03bb\u03bf\u03c2 (<em>angelos<\/em>) significan fundamentalmente:<\/p>\n\n\n\n<blockquote class=\"wp-block-quote is-layout-flow wp-block-quote-is-layout-flow\">\n<p class=\"wp-block-paragraph\"><strong>mensajero<\/strong>.<\/p>\n<\/blockquote>\n\n\n\n<p class=\"wp-block-paragraph\">Por tanto, los Padres que identificaron al Hijo con el \u201c\u00c1ngel\u201d frecuentemente entendieron la designaci\u00f3n <strong>funcionalmente<\/strong>, no ontol\u00f3gicamente.<\/p>\n\n\n\n<p class=\"wp-block-paragraph\">Cristo ser\u00eda \u201c\u00c1ngel\u201d en cuanto:<\/p>\n\n\n\n<blockquote class=\"wp-block-quote is-layout-flow wp-block-quote-is-layout-flow\">\n<p class=\"wp-block-paragraph\"><strong>enviado\/mensajero del Padre<\/strong>,<\/p>\n<\/blockquote>\n\n\n\n<p class=\"wp-block-paragraph\">no en cuanto perteneciente a la naturaleza creada de los \u00e1ngeles.<sup data-fn=\"d66c47f6-513d-4003-a344-7699cb2dc966\" class=\"fn\"><a href=\"#d66c47f6-513d-4003-a344-7699cb2dc966\" id=\"d66c47f6-513d-4003-a344-7699cb2dc966-link\">109<\/a><\/sup><\/p>\n\n\n\n<h2 id=\"el-angel-del-senor-en-el-nuevo-testamento\" class=\"wp-block-heading\">El \u201c\u00c1ngel del Se\u00f1or\u201d en el Nuevo Testamento<\/h2>\n\n\n\n<p class=\"wp-block-paragraph\">Existe adem\u00e1s un punto que suele causar confusi\u00f3n.<\/p>\n\n\n\n<p class=\"wp-block-paragraph\">El Nuevo Testamento sigue utilizando la expresi\u00f3n:<\/p>\n\n\n\n<blockquote class=\"wp-block-quote is-layout-flow wp-block-quote-is-layout-flow\">\n<p class=\"wp-block-paragraph\">\u1f04\u03b3\u03b3\u03b5\u03bb\u03bf\u03c2 \u03ba\u03c5\u03c1\u03af\u03bf\u03c5<br><em>angelos kyriou<\/em><br>\u201c\u00e1ngel del Se\u00f1or\u201d.<\/p>\n<\/blockquote>\n\n\n\n<p class=\"wp-block-paragraph\">Por ejemplo, un \u00e1ngel aparece a Jos\u00e9 en sue\u00f1os (<a href=\"https:\/\/biblia.com\/bible\/rvr60\/Mt1.20\">Mt 1:20<\/a>).<\/p>\n\n\n\n<p class=\"wp-block-paragraph\">Otro anuncia el nacimiento de Jes\u00fas a los pastores (<a href=\"https:\/\/biblia.com\/bible\/rvr60\/Lk2.9\">Lc 2:9<\/a>).<\/p>\n\n\n\n<p class=\"wp-block-paragraph\">Un \u00e1ngel del Se\u00f1or libera a los ap\u00f3stoles de la c\u00e1rcel (<a href=\"https:\/\/biblia.com\/bible\/rvr60\/Ac5.19\">Hch 5:19<\/a>).<\/p>\n\n\n\n<p class=\"wp-block-paragraph\">Y otro libera a Pedro (<a href=\"https:\/\/biblia.com\/bible\/rvr60\/Ac12.7\">Hch 12:7<\/a>).<\/p>\n\n\n\n<p class=\"wp-block-paragraph\">En estos contextos, la expresi\u00f3n <strong>no identifica al \u00e1ngel con Cristo ni con Dios<\/strong>.<\/p>\n\n\n\n<p class=\"wp-block-paragraph\">Esto constituye un importante argumento contra una falacia ling\u00fc\u00edstica frecuente:<\/p>\n\n\n\n<blockquote class=\"wp-block-quote is-layout-flow wp-block-quote-is-layout-flow\">\n<p class=\"wp-block-paragraph\">\u201c\u00c1ngel del Se\u00f1or\u201d no es autom\u00e1ticamente un t\u00edtulo divino.<\/p>\n<\/blockquote>\n\n\n\n<p class=\"wp-block-paragraph\">La identidad especial del <em>mal\u02beakh YHWH<\/em> en determinados textos veterotestamentarios debe establecerse a partir del <strong>comportamiento narrativo espec\u00edfico<\/strong>, no simplemente de la construcci\u00f3n gramatical.<\/p>\n\n\n\n<p class=\"wp-block-paragraph\">Este dato refuerza la metodolog\u00eda que hemos seguido desde el principio.<\/p>\n\n\n\n<h2 id=\"entonces-identifica-el-nuevo-testamento-a-cristo-con-el-angel-de-yahve\" class=\"wp-block-heading\">Entonces, \u00bfidentifica el Nuevo Testamento a Cristo con el \u00c1ngel de Yahv\u00e9?<\/h2>\n\n\n\n<p class=\"wp-block-paragraph\">La respuesta m\u00e1s precisa es:<\/p>\n\n\n\n<blockquote class=\"wp-block-quote is-layout-flow wp-block-quote-is-layout-flow\">\n<p class=\"wp-block-paragraph\"><strong>no de manera expl\u00edcita.<\/strong><\/p>\n<\/blockquote>\n\n\n\n<p class=\"wp-block-paragraph\">No existe un vers\u00edculo del Nuevo Testamento que declare:<\/p>\n\n\n\n<blockquote class=\"wp-block-quote is-layout-flow wp-block-quote-is-layout-flow\">\n<p class=\"wp-block-paragraph\">\u201cJes\u00fas es el \u00c1ngel de Yahv\u00e9 que apareci\u00f3 a Mois\u00e9s\u201d.<\/p>\n<\/blockquote>\n\n\n\n<p class=\"wp-block-paragraph\">Sin embargo, existe una serie de afirmaciones que hicieron posible y posteriormente plausible esa lectura.<\/p>\n\n\n\n<p class=\"wp-block-paragraph\">Pablo afirma:<\/p>\n\n\n\n<blockquote class=\"wp-block-quote is-layout-flow wp-block-quote-is-layout-flow\">\n<p class=\"wp-block-paragraph\">\u201cla roca era Cristo\u201d (<a href=\"https:\/\/biblia.com\/bible\/rvr60\/1Co10.4\">1 Co 10:4<\/a>).<\/p>\n<\/blockquote>\n\n\n\n<p class=\"wp-block-paragraph\">Una antigua lectura de Judas afirma que:<\/p>\n\n\n\n<blockquote class=\"wp-block-quote is-layout-flow wp-block-quote-is-layout-flow\">\n<p class=\"wp-block-paragraph\">Jes\u00fas salv\u00f3 a Israel de Egipto (<a href=\"https:\/\/biblia.com\/bible\/rvr60\/Jud1.5\">Jud 5<\/a>).<\/p>\n<\/blockquote>\n\n\n\n<p class=\"wp-block-paragraph\">Juan presenta a Cristo como anterior a Abraham (<a href=\"https:\/\/biblia.com\/bible\/rvr60\/Jn8.58\">Jn 8:58<\/a>).<\/p>\n\n\n\n<p class=\"wp-block-paragraph\">El Logos es presentado como revelador del Dios que nadie ha visto (<a href=\"https:\/\/biblia.com\/bible\/rvr60\/Jn1.18\">Jn 1:18<\/a>).<\/p>\n\n\n\n<p class=\"wp-block-paragraph\">Juan interpreta la gloria contemplada por Isa\u00edas en t\u00e9rminos relacionados con Cristo (<a href=\"https:\/\/biblia.com\/bible\/rvr60\/Jn12.41\">Jn 12:41<\/a>).<\/p>\n\n\n\n<p class=\"wp-block-paragraph\">Hebreos presenta al Hijo como preexistente, agente de creaci\u00f3n y superior a los \u00e1ngeles (<a href=\"https:\/\/biblia.com\/bible\/rvr60\/Heb1.1-14\">Heb 1:1\u201314<\/a>).<\/p>\n\n\n\n<p class=\"wp-block-paragraph\">Por tanto, el Nuevo Testamento proporciona los <strong>componentes cristol\u00f3gicos<\/strong> necesarios para que los int\u00e9rpretes posteriores relean las antiguas teofan\u00edas como manifestaciones del Hijo.<\/p>\n\n\n\n<p class=\"wp-block-paragraph\">Pero la identificaci\u00f3n concreta:<\/p>\n\n\n\n<blockquote class=\"wp-block-quote is-layout-flow wp-block-quote-is-layout-flow\">\n<p class=\"wp-block-paragraph\"><em>mal\u02beakh YHWH<\/em> = Logos preencarnado<\/p>\n<\/blockquote>\n\n\n\n<p class=\"wp-block-paragraph\">pertenece principalmente a la <strong>recepci\u00f3n cristiana posterior<\/strong>.<\/p>\n\n\n\n<p class=\"wp-block-paragraph\">Esta distinci\u00f3n hist\u00f3rica resulta fundamental para un art\u00edculo acad\u00e9mico.<\/p>\n\n\n\n<h2 id=\"de-la-cristologia-neotestamentaria-a-la-interpretacion-patristica\" class=\"wp-block-heading\">De la cristolog\u00eda neotestamentaria a la interpretaci\u00f3n patr\u00edstica<\/h2>\n\n\n\n<p class=\"wp-block-paragraph\">Podemos formular, por tanto, una secuencia hist\u00f3rica mucho m\u00e1s precisa.<\/p>\n\n\n\n<p class=\"wp-block-paragraph\">El Antiguo Testamento presenta una figura que puede distinguirse de Yahv\u00e9 y, sin embargo, participar excepcionalmente de su Nombre, voz, presencia y autoridad.<\/p>\n\n\n\n<p class=\"wp-block-paragraph\">El juda\u00edsmo del Segundo Templo desarrolla diversas categor\u00edas de mediaci\u00f3n celestial sin abandonar necesariamente el monote\u00edsmo.<\/p>\n\n\n\n<p class=\"wp-block-paragraph\">El Nuevo Testamento afirma la preexistencia de Cristo y lo introduce retrospectivamente dentro de la historia de Israel.<\/p>\n\n\n\n<p class=\"wp-block-paragraph\">Pero no establece expl\u00edcitamente una doctrina del:<\/p>\n\n\n\n<blockquote class=\"wp-block-quote is-layout-flow wp-block-quote-is-layout-flow\">\n<p class=\"wp-block-paragraph\"><strong>\u201c\u00c1ngel de Yahv\u00e9 = Cristo preencarnado\u201d.<\/strong><\/p>\n<\/blockquote>\n\n\n\n<p class=\"wp-block-paragraph\">Ser\u00e1 durante el siglo II cuando esta identificaci\u00f3n se haga absolutamente expl\u00edcita.<\/p>\n\n\n\n<p class=\"wp-block-paragraph\">Y aqu\u00ed aparece una figura decisiva:<\/p>\n\n\n\n<blockquote class=\"wp-block-quote is-layout-flow wp-block-quote-is-layout-flow\">\n<p class=\"wp-block-paragraph\"><strong>Justino M\u00e1rtir.<\/strong><\/p>\n<\/blockquote>\n\n\n\n<p class=\"wp-block-paragraph\">En su <em>Di\u00e1logo con Trif\u00f3n<\/em>, Justino argumentar\u00e1 extensamente que aquel que apareci\u00f3 a Abraham, Jacob y Mois\u00e9s era distinto del Padre y, sin embargo, pod\u00eda ser llamado Dios y Se\u00f1or.<\/p>\n\n\n\n<p class=\"wp-block-paragraph\">Utilizar\u00e1 precisamente textos como:<\/p>\n\n\n\n<p class=\"wp-block-paragraph\"><a href=\"https:\/\/biblia.com\/bible\/rvr60\/Ge18\">Gn 18\u201319<\/a>,<br><a href=\"https:\/\/biblia.com\/bible\/rvr60\/Ge32\">Gn 32<\/a>,<br><a href=\"https:\/\/biblia.com\/bible\/rvr60\/Ex3\">Ex 3<\/a>,<\/p>\n\n\n\n<p class=\"wp-block-paragraph\">para sostener que el personaje visible era el <strong>Logos<\/strong>, posteriormente encarnado como Jesucristo.<\/p>\n\n\n\n<p class=\"wp-block-paragraph\">Con Justino entraremos, por tanto, en una nueva fase de la investigaci\u00f3n.<\/p>\n\n\n\n<p class=\"wp-block-paragraph\">Ya no estaremos preguntando \u00fanicamente:<\/p>\n\n\n\n<blockquote class=\"wp-block-quote is-layout-flow wp-block-quote-is-layout-flow\">\n<p class=\"wp-block-paragraph\">\u201c\u00bfqu\u00e9 permite el texto?\u201d<\/p>\n<\/blockquote>\n\n\n\n<p class=\"wp-block-paragraph\">Sino:<\/p>\n\n\n\n<blockquote class=\"wp-block-quote is-layout-flow wp-block-quote-is-layout-flow\">\n<p class=\"wp-block-paragraph\"><strong>\u201c\u00bfc\u00f3mo comenzaron los primeros intelectuales cristianos a releer expl\u00edcitamente estas teofan\u00edas como apariciones del Hijo?\u201d<\/strong><\/p>\n<\/blockquote>\n\n\n\n<h1 id=\"el-angel-de-yahve-en-el-cristianismo-antiguo-justino-martir-y-la-identificacion-con-el-logos-preencarnado\" class=\"wp-block-heading\">El \u00c1ngel de Yahv\u00e9 en el cristianismo antiguo: Justino M\u00e1rtir y la identificaci\u00f3n con el Logos preencarnado<\/h1>\n\n\n\n<p class=\"wp-block-paragraph\">El paso desde el Nuevo Testamento hacia los escritores cristianos del siglo II representa un momento decisivo en la historia de la interpretaci\u00f3n del \u00c1ngel de Yahv\u00e9. Como hemos visto, el Nuevo Testamento proporciona numerosos elementos que har\u00e1n posible una lectura cristol\u00f3gica de las teofan\u00edas veterotestamentarias: Cristo es presentado como preexistente (<a href=\"https:\/\/biblia.com\/bible\/rvr60\/Jn1.1-3\">Jn 1:1\u20133<\/a>), anterior a Abraham (<a href=\"https:\/\/biblia.com\/bible\/rvr60\/Jn8.58\">Jn 8:58<\/a>), relacionado con la experiencia de Israel en el desierto (<a href=\"https:\/\/biblia.com\/bible\/rvr60\/1Co10.4\">1 Co 10:4<\/a>) y asociado con la gloria contemplada por Isa\u00edas (<a href=\"https:\/\/biblia.com\/bible\/rvr60\/Jn12.41\">Jn 12:41<\/a>). Sin embargo, el Nuevo Testamento no formula expl\u00edcitamente la ecuaci\u00f3n:<\/p>\n\n\n\n<blockquote class=\"wp-block-quote is-layout-flow wp-block-quote-is-layout-flow\">\n<p class=\"wp-block-paragraph\"><strong>\u00c1ngel de Yahv\u00e9 = Cristo preencarnado.<\/strong><\/p>\n<\/blockquote>\n\n\n\n<p class=\"wp-block-paragraph\">Durante el siglo II esta situaci\u00f3n cambia.<\/p>\n\n\n\n<p class=\"wp-block-paragraph\">En el contexto de la apolog\u00e9tica cristiana y particularmente del debate con interlocutores jud\u00edos, determinados autores cristianos comienzan a interpretar expl\u00edcitamente las antiguas apariciones de Dios como manifestaciones del Logos que posteriormente se encarn\u00f3 en Jesucristo.<\/p>\n\n\n\n<p class=\"wp-block-paragraph\">Entre ellos, <strong>Justino M\u00e1rtir<\/strong> ocupa una posici\u00f3n especialmente importante.<\/p>\n\n\n\n<h2 id=\"justino-martir-y-el-contexto-de-su-interpretacion\" class=\"wp-block-heading\">Justino M\u00e1rtir y el contexto de su interpretaci\u00f3n<\/h2>\n\n\n\n<p class=\"wp-block-paragraph\">Justino naci\u00f3 aproximadamente a comienzos del siglo II y muri\u00f3 como m\u00e1rtir en Roma hacia mediados de ese siglo. Su pensamiento representa uno de los primeros intentos extensos de articular la fe cristiana mediante un di\u00e1logo entre las Escrituras de Israel, la proclamaci\u00f3n cristiana y determinadas categor\u00edas filos\u00f3ficas de su ambiente.<\/p>\n\n\n\n<p class=\"wp-block-paragraph\">Para nuestro estudio, su obra m\u00e1s importante es el <em><strong>Di\u00e1logo con Trif\u00f3n<\/strong><\/em>.<\/p>\n\n\n\n<p class=\"wp-block-paragraph\">La obra presenta una conversaci\u00f3n literaria entre Justino y un jud\u00edo llamado Trif\u00f3n. Independientemente de cu\u00e1nto del di\u00e1logo reproduzca una conversaci\u00f3n hist\u00f3rica concreta, el texto constituye un testimonio fundamental de la manera en que los cristianos del siglo II argumentaban a partir de las Escrituras de Israel.<\/p>\n\n\n\n<p class=\"wp-block-paragraph\">Uno de los objetivos centrales de Justino consiste en demostrar que aquel a quien los cristianos confiesan como Cristo <strong>exist\u00eda antes de su nacimiento humano<\/strong>.<\/p>\n\n\n\n<p class=\"wp-block-paragraph\">Para demostrarlo, recurre repetidamente a las teofan\u00edas del Antiguo Testamento.<\/p>\n\n\n\n<p class=\"wp-block-paragraph\">Su razonamiento parte de una distinci\u00f3n fundamental:<\/p>\n\n\n\n<blockquote class=\"wp-block-quote is-layout-flow wp-block-quote-is-layout-flow\">\n<p class=\"wp-block-paragraph\">el Dios supremo y Padre no es el personaje visible que aparece corporalmente en determinadas narraciones veterotestamentarias.<\/p>\n<\/blockquote>\n\n\n\n<p class=\"wp-block-paragraph\">La figura visible es otro que puede ser llamado:<\/p>\n\n\n\n<blockquote class=\"wp-block-quote is-layout-flow wp-block-quote-is-layout-flow\">\n<p class=\"wp-block-paragraph\"><strong>\u00c1ngel, Se\u00f1or, Dios, Logos y Cristo.<\/strong><\/p>\n<\/blockquote>\n\n\n\n<p class=\"wp-block-paragraph\">Este argumento convierte al \u00c1ngel de Yahv\u00e9 en una pieza central de la cristolog\u00eda de Justino.<\/p>\n\n\n\n<h2 id=\"la-zarza-ardiente-angel-y-dios\" class=\"wp-block-heading\">La zarza ardiente: \u00c1ngel y Dios<\/h2>\n\n\n\n<p class=\"wp-block-paragraph\">Uno de los textos m\u00e1s importantes para Justino es precisamente <a href=\"https:\/\/biblia.com\/bible\/rvr60\/Ex3.2-6\">\u00c9xodo 3:2\u20136<\/a>.<\/p>\n\n\n\n<p class=\"wp-block-paragraph\">Como vimos anteriormente, el relato comienza diciendo:<\/p>\n\n\n\n<blockquote class=\"wp-block-quote is-layout-flow wp-block-quote-is-layout-flow\">\n<p class=\"wp-block-paragraph\">\u201cY se le apareci\u00f3 el \u00c1ngel de Jehov\u00e1 en una llama de fuego en medio de una zarza\u201d (<a href=\"https:\/\/biblia.com\/bible\/rvr60\/Ex3.2\">Ex 3:2<\/a>).<\/p>\n<\/blockquote>\n\n\n\n<p class=\"wp-block-paragraph\">Pero poco despu\u00e9s:<\/p>\n\n\n\n<blockquote class=\"wp-block-quote is-layout-flow wp-block-quote-is-layout-flow\">\n<p class=\"wp-block-paragraph\">\u201cViendo Jehov\u00e1 que \u00e9l iba a ver, lo llam\u00f3 Dios de en medio de la zarza\u201d (<a href=\"https:\/\/biblia.com\/bible\/rvr60\/Ex3.4\">Ex 3:4<\/a>).<\/p>\n<\/blockquote>\n\n\n\n<p class=\"wp-block-paragraph\">La alternancia:<\/p>\n\n\n\n<blockquote class=\"wp-block-quote is-layout-flow wp-block-quote-is-layout-flow\">\n<p class=\"wp-block-paragraph\"><strong>\u00c1ngel \u2192 Yahv\u00e9 \u2192 Dios<\/strong><\/p>\n<\/blockquote>\n\n\n\n<p class=\"wp-block-paragraph\">constituye para Justino evidencia de que la figura que aparece posee una identidad extraordinaria.<\/p>\n\n\n\n<p class=\"wp-block-paragraph\">En el <em>Di\u00e1logo con Trif\u00f3n<\/em> 59\u201360 desarrolla extensamente esta escena. Despu\u00e9s de citar el relato mosaico, sostiene que aquel que apareci\u00f3 a Mois\u00e9s fue denominado simult\u00e1neamente \u00c1ngel y Dios.<sup data-fn=\"a629ed0e-8fb1-419b-b8bb-d634aaefd8bd\" class=\"fn\"><a href=\"#a629ed0e-8fb1-419b-b8bb-d634aaefd8bd\" id=\"a629ed0e-8fb1-419b-b8bb-d634aaefd8bd-link\">110<\/a><\/sup><\/p>\n\n\n\n<p class=\"wp-block-paragraph\">Justino afirma, en una formulaci\u00f3n particularmente importante:<\/p>\n\n\n\n<blockquote class=\"wp-block-quote is-layout-flow wp-block-quote-is-layout-flow\">\n<p class=\"wp-block-paragraph\">\u00abAquel a quien se llama Dios y que se apareci\u00f3 a los patriarcas es llamado tanto \u00c1ngel como Se\u00f1or\u00bb.<\/p>\n<\/blockquote>\n\n\n\n<p class=\"wp-block-paragraph\">La importancia de la afirmaci\u00f3n reside en que Justino no considera \u201c\u00c1ngel\u201d y \u201cDios\u201d categor\u00edas mutuamente excluyentes en este contexto.<\/p>\n\n\n\n<p class=\"wp-block-paragraph\">El personaje puede ser llamado <strong>\u00c1ngel<\/strong> porque es enviado.<\/p>\n\n\n\n<p class=\"wp-block-paragraph\">Puede ser llamado <strong>Dios<\/strong> por la identidad y autoridad que posee.<sup data-fn=\"a2a9f68d-a116-40a1-8026-ca4e97944dbf\" class=\"fn\"><a href=\"#a2a9f68d-a116-40a1-8026-ca4e97944dbf\" id=\"a2a9f68d-a116-40a1-8026-ca4e97944dbf-link\">111<\/a><\/sup><\/p>\n\n\n\n<p class=\"wp-block-paragraph\">Esto encaja precisamente con la distinci\u00f3n que encontramos anteriormente en <a href=\"https:\/\/biblia.com\/bible\/rvr60\/Heb1\">Hebreos 1<\/a>: el Hijo es superior a los \u00e1ngeles como clase celestial, pero puede desempe\u00f1ar una funci\u00f3n de enviado o mensajero.<\/p>\n\n\n\n<h2 id=\"por-que-puede-ser-llamado-angel\" class=\"wp-block-heading\">\u00bfPor qu\u00e9 puede ser llamado \u00c1ngel?<\/h2>\n\n\n\n<p class=\"wp-block-paragraph\">Justino explica la denominaci\u00f3n a partir de la funci\u00f3n reveladora del Logos.<\/p>\n\n\n\n<p class=\"wp-block-paragraph\">El Hijo comunica la voluntad del Padre.<\/p>\n\n\n\n<p class=\"wp-block-paragraph\">Por tanto, es:<\/p>\n\n\n\n<blockquote class=\"wp-block-quote is-layout-flow wp-block-quote-is-layout-flow\">\n<p class=\"wp-block-paragraph\"><em>angelos<\/em> \u2014 mensajero.<\/p>\n<\/blockquote>\n\n\n\n<p class=\"wp-block-paragraph\">Esta interpretaci\u00f3n conecta naturalmente con el concepto de <em>mal\u02beakh<\/em> que analizamos al comienzo del art\u00edculo.<\/p>\n\n\n\n<p class=\"wp-block-paragraph\">El hebreo:<\/p>\n\n\n\n<blockquote class=\"wp-block-quote is-layout-flow wp-block-quote-is-layout-flow\">\n<p class=\"wp-block-paragraph\">\u05de\u05b7\u05dc\u05b0\u05d0\u05b8\u05da\u05b0<br><em>mal\u02beakh<\/em><\/p>\n<\/blockquote>\n\n\n\n<p class=\"wp-block-paragraph\">no define primariamente la naturaleza del ser, sino su funci\u00f3n:<\/p>\n\n\n\n<blockquote class=\"wp-block-quote is-layout-flow wp-block-quote-is-layout-flow\">\n<p class=\"wp-block-paragraph\"><strong>enviado \/ mensajero.<\/strong><\/p>\n<\/blockquote>\n\n\n\n<p class=\"wp-block-paragraph\">Por ello, desde la l\u00f3gica de Justino, llamar al Logos \u201c\u00c1ngel\u201d no significa afirmar:<\/p>\n\n\n\n<blockquote class=\"wp-block-quote is-layout-flow wp-block-quote-is-layout-flow\">\n<p class=\"wp-block-paragraph\">\u201cel Hijo pertenece a la especie de los \u00e1ngeles\u201d.<\/p>\n<\/blockquote>\n\n\n\n<p class=\"wp-block-paragraph\">Significa:<\/p>\n\n\n\n<blockquote class=\"wp-block-quote is-layout-flow wp-block-quote-is-layout-flow\">\n<p class=\"wp-block-paragraph\"><strong>\u201cel Hijo es el mensajero del Padre\u201d.<\/strong><\/p>\n<\/blockquote>\n\n\n\n<p class=\"wp-block-paragraph\">Esta distinci\u00f3n permitir\u00e1 a la tradici\u00f3n cristiana identificar al \u00c1ngel de Yahv\u00e9 con Cristo sin contradecir necesariamente la superioridad del Hijo sobre los \u00e1ngeles expresada en <a href=\"https:\/\/biblia.com\/bible\/rvr60\/Heb1.5-14\">Hebreos 1:5\u201314<\/a>.<\/p>\n\n\n\n<h2 id=\"el-argumento-de-la-invisibilidad-del-padre\" class=\"wp-block-heading\">El argumento de la invisibilidad del Padre<\/h2>\n\n\n\n<p class=\"wp-block-paragraph\">Existe adem\u00e1s un segundo elemento fundamental en la argumentaci\u00f3n de Justino.<\/p>\n\n\n\n<p class=\"wp-block-paragraph\">El Padre es trascendente.<\/p>\n\n\n\n<p class=\"wp-block-paragraph\">Sin embargo, el Antiguo Testamento describe apariciones visibles de Dios.<\/p>\n\n\n\n<p class=\"wp-block-paragraph\">\u00bfC\u00f3mo pueden mantenerse ambas afirmaciones?<\/p>\n\n\n\n<p class=\"wp-block-paragraph\">Justino responde distinguiendo entre el Padre invisible y el Logos que lo manifiesta.<\/p>\n\n\n\n<p class=\"wp-block-paragraph\">Esta l\u00f3gica posee un antecedente neotestamentario evidente en:<\/p>\n\n\n\n<blockquote class=\"wp-block-quote is-layout-flow wp-block-quote-is-layout-flow\">\n<p class=\"wp-block-paragraph\">\u201cA Dios nadie le vio jam\u00e1s\u201d (<a href=\"https:\/\/biblia.com\/bible\/rvr60\/Jn1.18\">Jn 1:18<\/a>),<\/p>\n<\/blockquote>\n\n\n\n<p class=\"wp-block-paragraph\">y:<\/p>\n\n\n\n<blockquote class=\"wp-block-quote is-layout-flow wp-block-quote-is-layout-flow\">\n<p class=\"wp-block-paragraph\">\u201cNo que alguno haya visto al Padre\u201d (<a href=\"https:\/\/biblia.com\/bible\/rvr60\/Jn6.46\">Jn 6:46<\/a>).<\/p>\n<\/blockquote>\n\n\n\n<p class=\"wp-block-paragraph\">Por tanto, si Abraham, Jacob o Mois\u00e9s vieron una figura identificada como Dios, Justino concluye que no contemplaron al Padre en su trascendencia.<\/p>\n\n\n\n<p class=\"wp-block-paragraph\">Contemplaron al <strong>Logos<\/strong>.<\/p>\n\n\n\n<p class=\"wp-block-paragraph\">Este principio se convierte en una aut\u00e9ntica hermen\u00e9utica de las teofan\u00edas.<\/p>\n\n\n\n<h2 id=\"abraham-y-los-tres-visitantes\" class=\"wp-block-heading\">Abraham y los tres visitantes<\/h2>\n\n\n\n<p class=\"wp-block-paragraph\">Justino presta considerable atenci\u00f3n a <a href=\"https:\/\/biblia.com\/bible\/rvr60\/Ge18\">G\u00e9nesis 18<\/a>.<\/p>\n\n\n\n<p class=\"wp-block-paragraph\">El cap\u00edtulo comienza:<\/p>\n\n\n\n<blockquote class=\"wp-block-quote is-layout-flow wp-block-quote-is-layout-flow\">\n<p class=\"wp-block-paragraph\">\u201cDespu\u00e9s le apareci\u00f3 Jehov\u00e1 en el encinar de Mamre\u201d (<a href=\"https:\/\/biblia.com\/bible\/rvr60\/Ge18.1\">Gn 18:1<\/a>).<\/p>\n<\/blockquote>\n\n\n\n<p class=\"wp-block-paragraph\">Pero Abraham contempla:<\/p>\n\n\n\n<blockquote class=\"wp-block-quote is-layout-flow wp-block-quote-is-layout-flow\">\n<p class=\"wp-block-paragraph\">\u201ctres varones que estaban junto a \u00e9l\u201d (<a href=\"https:\/\/biblia.com\/bible\/rvr60\/Ge18.2\">Gn 18:2<\/a>).<\/p>\n<\/blockquote>\n\n\n\n<p class=\"wp-block-paragraph\">Posteriormente dos de ellos son denominados \u201c\u00e1ngeles\u201d (<a href=\"https:\/\/biblia.com\/bible\/rvr60\/Ge19.1\">Gn 19:1<\/a>), mientras la figura que permanece con Abraham habla como Yahv\u00e9.<\/p>\n\n\n\n<p class=\"wp-block-paragraph\">Justino utiliza esta distinci\u00f3n para sostener que uno de los tres posee una posici\u00f3n diferente de los otros dos.<\/p>\n\n\n\n<p class=\"wp-block-paragraph\">Para \u00e9l, esta figura es el Logos.<\/p>\n\n\n\n<p class=\"wp-block-paragraph\">No se trata simplemente de uno de tres \u00e1ngeles iguales.<\/p>\n\n\n\n<p class=\"wp-block-paragraph\">Es aquel que puede ser llamado <strong>Se\u00f1or y Dios<\/strong> y que representa personalmente la presencia divina.<\/p>\n\n\n\n<p class=\"wp-block-paragraph\">Aqu\u00ed encontramos nuevamente el patr\u00f3n que observamos durante nuestra ex\u00e9gesis veterotestamentaria:<\/p>\n\n\n\n<blockquote class=\"wp-block-quote is-layout-flow wp-block-quote-is-layout-flow\">\n<p class=\"wp-block-paragraph\"><strong>distinci\u00f3n + identificaci\u00f3n divina.<\/strong><\/p>\n<\/blockquote>\n\n\n\n<p class=\"wp-block-paragraph\">Justino interpreta precisamente esa tensi\u00f3n cristol\u00f3gicamente.<\/p>\n\n\n\n<h2 id=\"yahve-hizo-llover-de-parte-de-yahve\" class=\"wp-block-heading\">\u201cYahv\u00e9 hizo llover&#8230; de parte de Yahv\u00e9\u201d<\/h2>\n\n\n\n<p class=\"wp-block-paragraph\">Un texto especialmente importante aparece inmediatamente despu\u00e9s.<\/p>\n\n\n\n<p class=\"wp-block-paragraph\"><a href=\"https:\/\/biblia.com\/bible\/rvr60\/Ge19.24\">G\u00e9nesis 19:24<\/a> declara:<\/p>\n\n\n\n<blockquote class=\"wp-block-quote is-layout-flow wp-block-quote-is-layout-flow\">\n<p class=\"wp-block-paragraph\">\u201cEntonces Jehov\u00e1 hizo llover sobre Sodoma y sobre Gomorra azufre y fuego de parte de Jehov\u00e1 desde los cielos\u201d.<\/p>\n<\/blockquote>\n\n\n\n<p class=\"wp-block-paragraph\">La construcci\u00f3n resulta llamativa:<\/p>\n\n\n\n<blockquote class=\"wp-block-quote is-layout-flow wp-block-quote-is-layout-flow\">\n<p class=\"wp-block-paragraph\">Yahv\u00e9<br>hace llover<br>de parte de Yahv\u00e9 desde los cielos.<\/p>\n<\/blockquote>\n\n\n\n<p class=\"wp-block-paragraph\">Justino considera esta formulaci\u00f3n una evidencia particularmente importante de distinci\u00f3n.<\/p>\n\n\n\n<p class=\"wp-block-paragraph\">En el <em>Di\u00e1logo<\/em> utiliza textos de este tipo para sostener que las Escrituras pueden hablar de uno que es llamado Dios o Se\u00f1or y que, sin embargo, est\u00e1 distinguido del Dios supremo.<sup data-fn=\"efcc7085-8b9e-4106-a445-6d81cce4ec7e\" class=\"fn\"><a href=\"#efcc7085-8b9e-4106-a445-6d81cce4ec7e\" id=\"efcc7085-8b9e-4106-a445-6d81cce4ec7e-link\">112<\/a><\/sup><\/p>\n\n\n\n<p class=\"wp-block-paragraph\">No debemos afirmar que G\u00e9nesis 19:24, le\u00eddo exclusivamente dentro de su contexto hebreo original, ense\u00f1e ya una doctrina de dos personas divinas. Existen explicaciones gramaticales alternativas para la repetici\u00f3n del nombre divino.<\/p>\n\n\n\n<p class=\"wp-block-paragraph\">Pero hist\u00f3ricamente el texto se convirti\u00f3 en una pieza importante de la argumentaci\u00f3n cristiana antigua.<\/p>\n\n\n\n<p class=\"wp-block-paragraph\">Justino lo lee dentro de un conjunto:<\/p>\n\n\n\n<ul class=\"wp-block-list\">\n<li><a href=\"https:\/\/biblia.com\/bible\/rvr60\/Ge18\">Gn 18<\/a>,<\/li>\n\n\n\n<li><a href=\"https:\/\/biblia.com\/bible\/rvr60\/Ge19.24\">Gn 19:24<\/a>,<\/li>\n\n\n\n<li><a href=\"https:\/\/biblia.com\/bible\/rvr60\/Ge32\">Gn 32<\/a>,<\/li>\n\n\n\n<li><a href=\"https:\/\/biblia.com\/bible\/rvr60\/Ex3\">Ex 3<\/a>.<\/li>\n<\/ul>\n\n\n\n<p class=\"wp-block-paragraph\">En todos ellos encuentra una figura que puede distinguirse del Padre y simult\u00e1neamente recibir denominaciones divinas.<\/p>\n\n\n\n<h2 id=\"jacob-y-el-dios-que-aparece\" class=\"wp-block-heading\">Jacob y el Dios que aparece<\/h2>\n\n\n\n<p class=\"wp-block-paragraph\">Las tradiciones de Jacob proporcionan otro elemento central.<\/p>\n\n\n\n<p class=\"wp-block-paragraph\">Como vimos anteriormente, <a href=\"https:\/\/biblia.com\/bible\/rvr60\/Ge31.11\">G\u00e9nesis 31:11<\/a> introduce:<\/p>\n\n\n\n<blockquote class=\"wp-block-quote is-layout-flow wp-block-quote-is-layout-flow\">\n<p class=\"wp-block-paragraph\">\u201cel \u00e1ngel de Dios\u201d.<\/p>\n<\/blockquote>\n\n\n\n<p class=\"wp-block-paragraph\">Pero en <a href=\"https:\/\/biblia.com\/bible\/rvr60\/Ge31.13\">G\u00e9nesis 31:13<\/a> este declara:<\/p>\n\n\n\n<blockquote class=\"wp-block-quote is-layout-flow wp-block-quote-is-layout-flow\">\n<p class=\"wp-block-paragraph\">\u201cYo soy el Dios de Bet-el\u201d.<\/p>\n<\/blockquote>\n\n\n\n<p class=\"wp-block-paragraph\">La fuerza de este pasaje para la interpretaci\u00f3n cristol\u00f3gica resulta evidente.<\/p>\n\n\n\n<p class=\"wp-block-paragraph\">El personaje no dice simplemente:<\/p>\n\n\n\n<blockquote class=\"wp-block-quote is-layout-flow wp-block-quote-is-layout-flow\">\n<p class=\"wp-block-paragraph\">\u201cDios me ha enviado desde Bet-el\u201d.<\/p>\n<\/blockquote>\n\n\n\n<p class=\"wp-block-paragraph\">Dice:<\/p>\n\n\n\n<blockquote class=\"wp-block-quote is-layout-flow wp-block-quote-is-layout-flow\">\n<p class=\"wp-block-paragraph\"><strong>\u201cYo soy el Dios de Bet-el.\u201d<\/strong><\/p>\n<\/blockquote>\n\n\n\n<p class=\"wp-block-paragraph\">La ex\u00e9gesis jud\u00eda puede explicar esta forma mediante representaci\u00f3n prof\u00e9tica o angelical.<\/p>\n\n\n\n<p class=\"wp-block-paragraph\">Justino adopta otra soluci\u00f3n.<\/p>\n\n\n\n<p class=\"wp-block-paragraph\">Para \u00e9l, el personaje es verdaderamente distinto del Padre, pero puede ser llamado Dios porque es el Logos divino.<\/p>\n\n\n\n<p class=\"wp-block-paragraph\">Este es precisamente el punto donde las dos grandes interpretaciones comienzan a separarse con claridad.<\/p>\n\n\n\n<p class=\"wp-block-paragraph\">La interpretaci\u00f3n jud\u00eda afirma:<\/p>\n\n\n\n<blockquote class=\"wp-block-quote is-layout-flow wp-block-quote-is-layout-flow\">\n<p class=\"wp-block-paragraph\"><strong>mensajero creado + autoridad representativa.<\/strong><\/p>\n<\/blockquote>\n\n\n\n<p class=\"wp-block-paragraph\">Justino afirma:<\/p>\n\n\n\n<blockquote class=\"wp-block-quote is-layout-flow wp-block-quote-is-layout-flow\">\n<p class=\"wp-block-paragraph\"><strong>Logos divino + misi\u00f3n del Padre.<\/strong><\/p>\n<\/blockquote>\n\n\n\n<p class=\"wp-block-paragraph\">Ambas explicaciones reconocen el fen\u00f3meno textual.<\/p>\n\n\n\n<p class=\"wp-block-paragraph\">Difieren en la ontolog\u00eda del mensajero.<\/p>\n\n\n\n<h2 id=\"el-episodio-de-la-lucha-de-jacob\" class=\"wp-block-heading\">El episodio de la lucha de Jacob<\/h2>\n\n\n\n<p class=\"wp-block-paragraph\">La historia de <a href=\"https:\/\/biblia.com\/bible\/rvr60\/Ge32.24-30\">G\u00e9nesis 32:24\u201330<\/a> tambi\u00e9n adquiri\u00f3 importancia.<\/p>\n\n\n\n<p class=\"wp-block-paragraph\">Jacob lucha con un:<\/p>\n\n\n\n<blockquote class=\"wp-block-quote is-layout-flow wp-block-quote-is-layout-flow\">\n<p class=\"wp-block-paragraph\">\u05d0\u05b4\u05d9\u05e9\u05c1<br><em>\u02be\u00ee\u0161<\/em><br>\u201cvar\u00f3n\u201d.<\/p>\n<\/blockquote>\n\n\n\n<p class=\"wp-block-paragraph\">Pero despu\u00e9s declara:<\/p>\n\n\n\n<blockquote class=\"wp-block-quote is-layout-flow wp-block-quote-is-layout-flow\">\n<p class=\"wp-block-paragraph\">\u201cVi a Dios cara a cara\u201d (<a href=\"https:\/\/biblia.com\/bible\/rvr60\/Ge32.30\">Gn 32:30<\/a>).<\/p>\n<\/blockquote>\n\n\n\n<p class=\"wp-block-paragraph\">Adem\u00e1s, <a href=\"https:\/\/biblia.com\/bible\/rvr60\/Ho12.3-4\">Oseas 12:3\u20134<\/a> describe retrospectivamente el encuentro utilizando lenguaje de lucha con Dios y con un \u00e1ngel.<\/p>\n\n\n\n<p class=\"wp-block-paragraph\">Para Justino, semejante convergencia no constituye una contradicci\u00f3n.<\/p>\n\n\n\n<p class=\"wp-block-paragraph\">La figura puede ser:<\/p>\n\n\n\n<blockquote class=\"wp-block-quote is-layout-flow wp-block-quote-is-layout-flow\">\n<p class=\"wp-block-paragraph\">var\u00f3n,<br>\u00c1ngel,<br>Dios,<\/p>\n<\/blockquote>\n\n\n\n<p class=\"wp-block-paragraph\">porque se trata del Logos apareciendo bajo una forma perceptible.<\/p>\n\n\n\n<p class=\"wp-block-paragraph\">Este modelo le permite integrar varios de los fen\u00f3menos que nuestra ex\u00e9gesis hab\u00eda dejado abiertos.<\/p>\n\n\n\n<h2 id=\"el-logos-como-dios-distinto-del-padre\" class=\"wp-block-heading\">El Logos como Dios distinto del Padre<\/h2>\n\n\n\n<p class=\"wp-block-paragraph\">Aqu\u00ed llegamos a uno de los aspectos m\u00e1s importantes y tambi\u00e9n m\u00e1s delicados de la teolog\u00eda de Justino.<\/p>\n\n\n\n<p class=\"wp-block-paragraph\">Su argumento no consiste simplemente en afirmar:<\/p>\n\n\n\n<blockquote class=\"wp-block-quote is-layout-flow wp-block-quote-is-layout-flow\">\n<p class=\"wp-block-paragraph\">\u201cCristo es Dios\u201d.<\/p>\n<\/blockquote>\n\n\n\n<p class=\"wp-block-paragraph\">Tambi\u00e9n sostiene que el personaje que aparece en las teofan\u00edas es <strong>num\u00e9ricamente distinto<\/strong> del Padre.<\/p>\n\n\n\n<p class=\"wp-block-paragraph\">Justino intenta demostrar que las Escrituras hablan de alguien que es llamado Dios y Se\u00f1or pero que se encuentra \u201cbajo\u201d o \u201cdespu\u00e9s\u201d del Creador en determinado sentido de orden.<\/p>\n\n\n\n<p class=\"wp-block-paragraph\">Este lenguaje pertenece a una etapa anterior a las formulaciones t\u00e9cnicas de Nicea y Constantinopla.<\/p>\n\n\n\n<p class=\"wp-block-paragraph\">Por ello, debemos evitar leer a Justino como si utilizara ya categor\u00edas como:<\/p>\n\n\n\n<blockquote class=\"wp-block-quote is-layout-flow wp-block-quote-is-layout-flow\">\n<p class=\"wp-block-paragraph\">\u03bc\u03af\u03b1 \u03bf\u1f50\u03c3\u03af\u03b1, \u03c4\u03c1\u03b5\u1fd6\u03c2 \u1f51\u03c0\u03bf\u03c3\u03c4\u03ac\u03c3\u03b5\u03b9\u03c2<br>\u201cuna esencia, tres hip\u00f3stasis\u201d<\/p>\n<\/blockquote>\n\n\n\n<p class=\"wp-block-paragraph\">en el sentido desarrollado posteriormente.<\/p>\n\n\n\n<p class=\"wp-block-paragraph\">Su vocabulario es anterior y menos sistem\u00e1tico.<\/p>\n\n\n\n<p class=\"wp-block-paragraph\">Sin embargo, existe claramente una <strong>distinci\u00f3n entre Padre y Logos<\/strong>.<\/p>\n\n\n\n<p class=\"wp-block-paragraph\">Y esa distinci\u00f3n permite explicar por qu\u00e9:<\/p>\n\n\n\n<blockquote class=\"wp-block-quote is-layout-flow wp-block-quote-is-layout-flow\">\n<p class=\"wp-block-paragraph\">Dios puede enviar a Dios,<\/p>\n<\/blockquote>\n\n\n\n<blockquote class=\"wp-block-quote is-layout-flow wp-block-quote-is-layout-flow\">\n<p class=\"wp-block-paragraph\">Se\u00f1or puede hablar con Se\u00f1or,<\/p>\n<\/blockquote>\n\n\n\n<blockquote class=\"wp-block-quote is-layout-flow wp-block-quote-is-layout-flow\">\n<p class=\"wp-block-paragraph\">el \u00c1ngel puede ser llamado Dios,<\/p>\n<\/blockquote>\n\n\n\n<p class=\"wp-block-paragraph\">sin que Justino crea estar defendiendo dos dioses independientes.<\/p>\n\n\n\n<p class=\"wp-block-paragraph\"><strong>Bogdan G. Bucur<\/strong> ha llamado la atenci\u00f3n sobre la importancia de las tradiciones teof\u00e1nicas para la formaci\u00f3n de la cristolog\u00eda cristiana antigua y sobre el hecho de que la lectura de las manifestaciones veterotestamentarias como apariciones del Logos no constituye un detalle marginal de la patr\u00edstica, sino una parte importante de su ex\u00e9gesis.<sup data-fn=\"0b672c11-49bd-4415-8660-22a2f91b1cf5\" class=\"fn\"><a href=\"#0b672c11-49bd-4415-8660-22a2f91b1cf5\" id=\"0b672c11-49bd-4415-8660-22a2f91b1cf5-link\">113<\/a><\/sup><\/p>\n\n\n\n<h2 id=\"justino-frente-a-una-objecion-judia\" class=\"wp-block-heading\">Justino frente a una objeci\u00f3n jud\u00eda<\/h2>\n\n\n\n<p class=\"wp-block-paragraph\">El <em>Di\u00e1logo con Trif\u00f3n<\/em> resulta especialmente valioso porque permite observar que Justino sabe que su interpretaci\u00f3n necesita defensa.<\/p>\n\n\n\n<p class=\"wp-block-paragraph\">Su interlocutor no acepta simplemente:<\/p>\n\n\n\n<blockquote class=\"wp-block-quote is-layout-flow wp-block-quote-is-layout-flow\">\n<p class=\"wp-block-paragraph\">\u201c\u00c1ngel = Dios = Cristo\u201d.<\/p>\n<\/blockquote>\n\n\n\n<p class=\"wp-block-paragraph\">Justino debe argumentar mediante las Escrituras.<\/p>\n\n\n\n<p class=\"wp-block-paragraph\">Esto significa que ya en el siglo II la interpretaci\u00f3n cristol\u00f3gica de las teofan\u00edas se encuentra dentro de una controversia hermen\u00e9utica entre cristianos y jud\u00edos.<\/p>\n\n\n\n<p class=\"wp-block-paragraph\">Los dos grupos leen los mismos textos.<\/p>\n\n\n\n<p class=\"wp-block-paragraph\">Pero utilizan diferentes modelos para explicar la tensi\u00f3n.<\/p>\n\n\n\n<p class=\"wp-block-paragraph\">Por ejemplo:<\/p>\n\n\n\n<blockquote class=\"wp-block-quote is-layout-flow wp-block-quote-is-layout-flow\">\n<p class=\"wp-block-paragraph\">\u201cel \u00c1ngel de Dios&#8230; Yo soy el Dios de Bet-el\u201d (<a href=\"https:\/\/biblia.com\/bible\/rvr60\/Ge31.11-13\">Gn 31:11\u201313<\/a>).<\/p>\n<\/blockquote>\n\n\n\n<p class=\"wp-block-paragraph\">Una interpretaci\u00f3n puede decir:<\/p>\n\n\n\n<blockquote class=\"wp-block-quote is-layout-flow wp-block-quote-is-layout-flow\">\n<p class=\"wp-block-paragraph\"><strong>el \u00c1ngel habla en representaci\u00f3n de Dios.<\/strong><\/p>\n<\/blockquote>\n\n\n\n<p class=\"wp-block-paragraph\">Justino responde:<\/p>\n\n\n\n<blockquote class=\"wp-block-quote is-layout-flow wp-block-quote-is-layout-flow\">\n<p class=\"wp-block-paragraph\"><strong>el que habla es el Logos divino enviado por el Padre.<\/strong><\/p>\n<\/blockquote>\n\n\n\n<p class=\"wp-block-paragraph\">Esta diferencia ser\u00e1 fundamental para toda la historia posterior de la interpretaci\u00f3n.<\/p>\n\n\n\n<h2 id=\"es-justino-el-primero-en-identificar-al-angel-con-cristo\" class=\"wp-block-heading\">\u00bfEs Justino el primero en identificar al \u00c1ngel con Cristo?<\/h2>\n\n\n\n<p class=\"wp-block-paragraph\">Debemos formular aqu\u00ed una precisi\u00f3n hist\u00f3rica.<\/p>\n\n\n\n<p class=\"wp-block-paragraph\">No ser\u00eda seguro afirmar simplemente:<\/p>\n\n\n\n<blockquote class=\"wp-block-quote is-layout-flow wp-block-quote-is-layout-flow\">\n<p class=\"wp-block-paragraph\">\u201cJustino invent\u00f3 la identificaci\u00f3n\u201d.<\/p>\n<\/blockquote>\n\n\n\n<p class=\"wp-block-paragraph\">Existen antecedentes cristol\u00f3gicos anteriores y, como vimos, el Nuevo Testamento ya interpreta determinados acontecimientos veterotestamentarios mediante Cristo.<\/p>\n\n\n\n<p class=\"wp-block-paragraph\">Adem\u00e1s, otros autores cristianos tempranos utilizan categor\u00edas de Logos y teofan\u00eda.<\/p>\n\n\n\n<p class=\"wp-block-paragraph\">Pero Justino constituye uno de nuestros <strong>testimonios conservados m\u00e1s claros y extensos<\/strong> de una argumentaci\u00f3n sistem\u00e1tica que identifica expl\u00edcitamente las apariciones veterotestamentarias con el Logos preencarnado.<\/p>\n\n\n\n<p class=\"wp-block-paragraph\">Esto lo convierte en una figura fundamental para nuestra investigaci\u00f3n.<\/p>\n\n\n\n<h2 id=\"justino-y-el-angel-del-gran-consejo\" class=\"wp-block-heading\">Justino y el \u00c1ngel del gran consejo<\/h2>\n\n\n\n<p class=\"wp-block-paragraph\">Existe adem\u00e1s una tradici\u00f3n textual que ayuda a comprender por qu\u00e9 los cristianos pod\u00edan llamar \u201c\u00c1ngel\u201d a Cristo sin considerarlo criatura.<\/p>\n\n\n\n<p class=\"wp-block-paragraph\">La Septuaginta de <a href=\"https:\/\/biblia.com\/bible\/rvr60\/Is9.6\">Isa\u00edas 9:6<\/a>, en una forma textual conocida por la tradici\u00f3n cristiana, utiliza la expresi\u00f3n:<\/p>\n\n\n\n<blockquote class=\"wp-block-quote is-layout-flow wp-block-quote-is-layout-flow\">\n<p class=\"wp-block-paragraph\">\u03bc\u03b5\u03b3\u03ac\u03bb\u03b7\u03c2 \u03b2\u03bf\u03c5\u03bb\u1fc6\u03c2 \u1f04\u03b3\u03b3\u03b5\u03bb\u03bf\u03c2<br><em>megal\u0113s boul\u0113s angelos<\/em><\/p>\n<\/blockquote>\n\n\n\n<p class=\"wp-block-paragraph\">es decir:<\/p>\n\n\n\n<blockquote class=\"wp-block-quote is-layout-flow wp-block-quote-is-layout-flow\">\n<p class=\"wp-block-paragraph\"><strong>\u201c\u00c1ngel\/Mensajero del gran consejo\u201d.<\/strong><\/p>\n<\/blockquote>\n\n\n\n<p class=\"wp-block-paragraph\">La expresi\u00f3n no corresponde literalmente a la forma del Texto Masor\u00e9tico que subyace a traducciones como RVR60, donde encontramos:<\/p>\n\n\n\n<blockquote class=\"wp-block-quote is-layout-flow wp-block-quote-is-layout-flow\">\n<p class=\"wp-block-paragraph\">\u201cAdmirable, Consejero, Dios Fuerte, Padre Eterno, Pr\u00edncipe de Paz\u201d (<a href=\"https:\/\/biblia.com\/bible\/rvr60\/Is9.6\">Is 9:6<\/a>).<\/p>\n<\/blockquote>\n\n\n\n<p class=\"wp-block-paragraph\">Pero la versi\u00f3n griega proporcion\u00f3 a los cristianos antiguos un lenguaje b\u00edblico mediante el cual el Mes\u00edas pod\u00eda ser denominado:<\/p>\n\n\n\n<blockquote class=\"wp-block-quote is-layout-flow wp-block-quote-is-layout-flow\">\n<p class=\"wp-block-paragraph\"><strong>\u00c1ngel<\/strong><\/p>\n<\/blockquote>\n\n\n\n<p class=\"wp-block-paragraph\">sin implicar inferioridad ontol\u00f3gica respecto de los \u00e1ngeles creados.<sup data-fn=\"c50c6edb-1f0d-4b72-88b2-53b75e953ba2\" class=\"fn\"><a href=\"#c50c6edb-1f0d-4b72-88b2-53b75e953ba2\" id=\"c50c6edb-1f0d-4b72-88b2-53b75e953ba2-link\">114<\/a><\/sup><\/p>\n\n\n\n<p class=\"wp-block-paragraph\">Esta tradici\u00f3n refuerza la l\u00f3gica interpretativa de Justino.<\/p>\n\n\n\n<p class=\"wp-block-paragraph\">Cristo es:<\/p>\n\n\n\n<blockquote class=\"wp-block-quote is-layout-flow wp-block-quote-is-layout-flow\">\n<p class=\"wp-block-paragraph\"><strong>\u00c1ngel porque anuncia;<\/strong><\/p>\n<\/blockquote>\n\n\n\n<blockquote class=\"wp-block-quote is-layout-flow wp-block-quote-is-layout-flow\">\n<p class=\"wp-block-paragraph\"><strong>Logos porque expresa;<\/strong><\/p>\n<\/blockquote>\n\n\n\n<blockquote class=\"wp-block-quote is-layout-flow wp-block-quote-is-layout-flow\">\n<p class=\"wp-block-paragraph\"><strong>Hijo porque procede del Padre y se relaciona con \u00e9l;<\/strong><\/p>\n<\/blockquote>\n\n\n\n<blockquote class=\"wp-block-quote is-layout-flow wp-block-quote-is-layout-flow\">\n<p class=\"wp-block-paragraph\"><strong>Dios porque participa de la identidad y autoridad divinas.<\/strong><\/p>\n<\/blockquote>\n\n\n\n<p class=\"wp-block-paragraph\">La terminolog\u00eda no es todav\u00eda la de Nicea, pero el esquema fundamental est\u00e1 claramente presente.<\/p>\n\n\n\n<h2 id=\"que-aporta-justino-a-nuestra-investigacion\" class=\"wp-block-heading\">\u00bfQu\u00e9 aporta Justino a nuestra investigaci\u00f3n?<\/h2>\n\n\n\n<p class=\"wp-block-paragraph\">Despu\u00e9s del an\u00e1lisis exeg\u00e9tico realizado anteriormente, podemos evaluar mejor por qu\u00e9 su interpretaci\u00f3n result\u00f3 posible.<\/p>\n\n\n\n<p class=\"wp-block-paragraph\">Justino no parte de un solo vers\u00edculo.<\/p>\n\n\n\n<p class=\"wp-block-paragraph\">Su argumento es acumulativo.<sup data-fn=\"73a7fc4f-3ce1-456b-9874-7ef0da1f9d69\" class=\"fn\"><a href=\"#73a7fc4f-3ce1-456b-9874-7ef0da1f9d69\" id=\"73a7fc4f-3ce1-456b-9874-7ef0da1f9d69-link\">115<\/a><\/sup><\/p>\n\n\n\n<p class=\"wp-block-paragraph\">Observa que:<\/p>\n\n\n\n<p class=\"wp-block-paragraph\">el \u00c1ngel puede hablar como Dios;<\/p>\n\n\n\n<p class=\"wp-block-paragraph\">el narrador puede alternar \u00c1ngel y Yahv\u00e9;<\/p>\n\n\n\n<p class=\"wp-block-paragraph\">la figura visible puede distinguirse de otro denominado Dios;<\/p>\n\n\n\n<p class=\"wp-block-paragraph\">el personaje puede recibir t\u00edtulos divinos;<\/p>\n\n\n\n<p class=\"wp-block-paragraph\">las teofan\u00edas implican visibilidad mientras el Padre es considerado invisible;<\/p>\n\n\n\n<p class=\"wp-block-paragraph\">y el Nuevo Testamento presenta a Cristo como preexistente.<\/p>\n\n\n\n<p class=\"wp-block-paragraph\">Entonces propone una soluci\u00f3n unificadora:<\/p>\n\n\n\n<blockquote class=\"wp-block-quote is-layout-flow wp-block-quote-is-layout-flow\">\n<p class=\"wp-block-paragraph\"><strong>el personaje visible es el Logos preencarnado.<\/strong><\/p>\n<\/blockquote>\n\n\n\n<p class=\"wp-block-paragraph\">Desde el punto de vista de coherencia sistem\u00e1tica, esta explicaci\u00f3n posee una fuerza considerable.<\/p>\n\n\n\n<p class=\"wp-block-paragraph\">Permite mantener simult\u00e1neamente:<\/p>\n\n\n\n<blockquote class=\"wp-block-quote is-layout-flow wp-block-quote-is-layout-flow\">\n<p class=\"wp-block-paragraph\"><strong>distinci\u00f3n<\/strong> \u2014 el \u00c1ngel es enviado por Dios;<\/p>\n<\/blockquote>\n\n\n\n<p class=\"wp-block-paragraph\">y:<\/p>\n\n\n\n<blockquote class=\"wp-block-quote is-layout-flow wp-block-quote-is-layout-flow\">\n<p class=\"wp-block-paragraph\"><strong>divinidad<\/strong> \u2014 el \u00c1ngel puede hablar y ser identificado como Dios.<\/p>\n<\/blockquote>\n\n\n\n<p class=\"wp-block-paragraph\">Precisamente por ello la interpretaci\u00f3n tendr\u00e1 enorme influencia posterior.<\/p>\n\n\n\n<p class=\"wp-block-paragraph\">Pero desde el punto de vista hist\u00f3rico-cr\u00edtico debemos formular una pregunta adicional:<\/p>\n\n\n\n<blockquote class=\"wp-block-quote is-layout-flow wp-block-quote-is-layout-flow\">\n<p class=\"wp-block-paragraph\"><strong>\u00bfestaba esta cristolog\u00eda realmente contenida en la intenci\u00f3n original de los autores veterotestamentarios, o constituye una relectura can\u00f3nica posterior?<\/strong><\/p>\n<\/blockquote>\n\n\n\n<p class=\"wp-block-paragraph\">La respuesta depender\u00e1 en parte del m\u00e9todo hermen\u00e9utico utilizado.<\/p>\n\n\n\n<p class=\"wp-block-paragraph\">Un an\u00e1lisis hist\u00f3rico del texto puede concluir que los autores de G\u00e9nesis o \u00c9xodo no pose\u00edan todav\u00eda una doctrina expl\u00edcita del Logos preencarnado.<\/p>\n\n\n\n<p class=\"wp-block-paragraph\">Una lectura cristiana can\u00f3nica puede sostener, sin embargo, que la identidad de la figura se vuelve m\u00e1s clara retrospectivamente a la luz de Cristo.<\/p>\n\n\n\n<p class=\"wp-block-paragraph\">Estas dos afirmaciones no son necesariamente id\u00e9nticas ni necesariamente incompatibles.<\/p>\n\n\n\n<h2 id=\"justino-como-comienzo-no-como-conclusion\" class=\"wp-block-heading\">Justino como comienzo, no como conclusi\u00f3n<\/h2>\n\n\n\n<p class=\"wp-block-paragraph\">La importancia de Justino no reside en que cierre el debate.<\/p>\n\n\n\n<p class=\"wp-block-paragraph\">Lo abre en una nueva direcci\u00f3n.<\/p>\n\n\n\n<p class=\"wp-block-paragraph\">Antes de \u00e9l hab\u00edamos encontrado:<\/p>\n\n\n\n<blockquote class=\"wp-block-quote is-layout-flow wp-block-quote-is-layout-flow\">\n<p class=\"wp-block-paragraph\"><strong>el problema textual del \u00c1ngel.<\/strong><\/p>\n<\/blockquote>\n\n\n\n<p class=\"wp-block-paragraph\">Con Justino encontramos:<\/p>\n\n\n\n<blockquote class=\"wp-block-quote is-layout-flow wp-block-quote-is-layout-flow\">\n<p class=\"wp-block-paragraph\"><strong>una soluci\u00f3n cristol\u00f3gica expl\u00edcita al problema.<\/strong><\/p>\n<\/blockquote>\n\n\n\n<p class=\"wp-block-paragraph\">Pero la tradici\u00f3n patr\u00edstica continuar\u00e1 desarroll\u00e1ndose.<\/p>\n\n\n\n<p class=\"wp-block-paragraph\"><strong>Ireneo de Lyon<\/strong> relacionar\u00e1 las manifestaciones de Dios con la econom\u00eda del Hijo y del Esp\u00edritu.<\/p>\n\n\n\n<p class=\"wp-block-paragraph\"><strong>Tertuliano<\/strong> utilizar\u00e1 las teofan\u00edas dentro de su argumentaci\u00f3n acerca de la distinci\u00f3n entre Padre e Hijo.<\/p>\n\n\n\n<p class=\"wp-block-paragraph\"><strong>Or\u00edgenes<\/strong> desarrollar\u00e1 una teolog\u00eda mucho m\u00e1s elaborada del Logos y de los sentidos espirituales de la Escritura.<\/p>\n\n\n\n<p class=\"wp-block-paragraph\">Posteriormente, las controversias trinitarias obligar\u00e1n a precisar qu\u00e9 significa llamar \u201cDios\u201d al Hijo y c\u00f3mo puede distinguirse del Padre sin introducir dos dioses.<\/p>\n\n\n\n<p class=\"wp-block-paragraph\">Por ello, la identificaci\u00f3n:<\/p>\n\n\n\n<blockquote class=\"wp-block-quote is-layout-flow wp-block-quote-is-layout-flow\">\n<p class=\"wp-block-paragraph\"><strong>\u00c1ngel de Yahv\u00e9 = Logos preencarnado<\/strong><\/p>\n<\/blockquote>\n\n\n\n<p class=\"wp-block-paragraph\">no permanecer\u00e1 como una simple observaci\u00f3n exeg\u00e9tica.<\/p>\n\n\n\n<p class=\"wp-block-paragraph\">Se convertir\u00e1 en parte de una cuesti\u00f3n mucho mayor:<\/p>\n\n\n\n<blockquote class=\"wp-block-quote is-layout-flow wp-block-quote-is-layout-flow\">\n<p class=\"wp-block-paragraph\"><strong>\u00bfc\u00f3mo puede el Dios \u00fanico revelarse mediante aquel que es distinto del Padre y, sin embargo, participa plenamente de la divinidad?<\/strong><\/p>\n<\/blockquote>\n\n\n\n<p class=\"wp-block-paragraph\">En ese sentido, la misteriosa figura del \u00c1ngel de Yahv\u00e9 terminar\u00e1 desempe\u00f1ando un papel inesperadamente importante dentro de la historia de la reflexi\u00f3n cristiana acerca de la identidad de Cristo.<\/p>\n\n\n\n<h3 id=\"conclusion-provisional\" class=\"wp-block-heading\">Conclusi\u00f3n provisional<\/h3>\n\n\n\n<p class=\"wp-block-paragraph\">Con Justino M\u00e1rtir encontramos por primera vez en nuestro recorrido una formulaci\u00f3n extensa y expl\u00edcita de la interpretaci\u00f3n que posteriormente dominar\u00e1 amplios sectores de la tradici\u00f3n cristiana:<\/p>\n\n\n\n<blockquote class=\"wp-block-quote is-layout-flow wp-block-quote-is-layout-flow\">\n<p class=\"wp-block-paragraph\"><strong>el \u00c1ngel que habla como Dios en las antiguas teofan\u00edas no ser\u00eda un \u00e1ngel creado ordinario, sino el Logos divino actuando como mensajero y revelador del Padre antes de la encarnaci\u00f3n.<\/strong><\/p>\n<\/blockquote>\n\n\n\n<p class=\"wp-block-paragraph\">La interpretaci\u00f3n posee una notable capacidad para explicar simult\u00e1neamente la <strong>distinci\u00f3n<\/strong> y la <strong>identificaci\u00f3n<\/strong> que hab\u00edamos encontrado en G\u00e9nesis, \u00c9xodo y Jueces. Sin embargo, constituye ya una lectura expl\u00edcitamente cristol\u00f3gica de las Escrituras de Israel y debe distinguirse metodol\u00f3gicamente del significado hist\u00f3rico que pueda reconstruirse para cada relato veterotestamentario.<\/p>\n\n\n\n<p class=\"wp-block-paragraph\">Ser\u00e1 precisamente <strong>Ireneo de Lyon<\/strong> quien permitir\u00e1 observar el siguiente desarrollo: las teofan\u00edas dejar\u00e1n de funcionar solamente como pruebas de la preexistencia de Cristo y comenzar\u00e1n a integrarse dentro de una teolog\u00eda m\u00e1s amplia de la <strong>econom\u00eda divina<\/strong>, donde Padre, Hijo y Esp\u00edritu participan de manera diferenciada en creaci\u00f3n, revelaci\u00f3n y redenci\u00f3n.<\/p>\n\n\n\n<h1 id=\"ireneo-de-lyon-el-hijo-como-revelador-visible-del-padre-invisible\" class=\"wp-block-heading\">Ireneo de Lyon: el Hijo como revelador visible del Padre invisible<\/h1>\n\n\n\n<p class=\"wp-block-paragraph\">Con <strong>Ireneo de Lyon<\/strong>, a finales del siglo II, la interpretaci\u00f3n cristol\u00f3gica de las teofan\u00edas veterotestamentarias adquiere una forma m\u00e1s sistem\u00e1tica. Mientras Justino M\u00e1rtir hab\u00eda utilizado las apariciones del \u00c1ngel principalmente para demostrar la preexistencia de Cristo y su distinci\u00f3n respecto del Padre, Ireneo incorpora esas mismas tradiciones dentro de una teolog\u00eda m\u00e1s amplia de la <strong>econom\u00eda de la revelaci\u00f3n<\/strong>.<\/p>\n\n\n\n<p class=\"wp-block-paragraph\">Para Ireneo, Dios no es una realidad desconocida que comienza a revelarse \u00fanicamente con la encarnaci\u00f3n. El mismo Dios que se manifiesta en Jesucristo es aquel que ha estado actuando a lo largo de toda la historia de Israel. Sin embargo, la manera en que se da a conocer posee una estructura concreta: el <strong>Padre<\/strong>, invisible e incomprensible en s\u00ed mismo, se manifiesta mediante el <strong>Hijo<\/strong>, que hace posible que Dios sea conocido por las criaturas.<\/p>\n\n\n\n<p class=\"wp-block-paragraph\">Esta estructura resulta particularmente importante para interpretar textos como:<\/p>\n\n\n\n<blockquote class=\"wp-block-quote is-layout-flow wp-block-quote-is-layout-flow\">\n<p class=\"wp-block-paragraph\">\u201cA Dios nadie le vio jam\u00e1s\u201d (<a href=\"https:\/\/biblia.com\/bible\/rvr60\/Jn1.18\">Jn 1:18<\/a>),<\/p>\n<\/blockquote>\n\n\n\n<p class=\"wp-block-paragraph\">junto con relatos veterotestamentarios donde personajes afirman haber visto a Dios.<\/p>\n\n\n\n<p class=\"wp-block-paragraph\">La pregunta que ya hab\u00eda preocupado a Justino contin\u00faa presente:<\/p>\n\n\n\n<blockquote class=\"wp-block-quote is-layout-flow wp-block-quote-is-layout-flow\">\n<p class=\"wp-block-paragraph\"><strong>Si nadie puede contemplar al Padre, \u00bfqui\u00e9n es el Dios que aparece a Abraham, Jacob y Mois\u00e9s?<\/strong><\/p>\n<\/blockquote>\n\n\n\n<p class=\"wp-block-paragraph\">Ireneo responde desarrollando una cristolog\u00eda de la manifestaci\u00f3n.<\/p>\n\n\n\n<h2 id=\"el-padre-invisible-y-el-hijo-visible\" class=\"wp-block-heading\">El Padre invisible y el Hijo visible<\/h2>\n\n\n\n<p class=\"wp-block-paragraph\">Uno de los principios fundamentales de Ireneo es que el Padre, en su trascendencia, no es directamente comprensible por las criaturas. El conocimiento de Dios se produce porque Dios mismo se comunica.<\/p>\n\n\n\n<p class=\"wp-block-paragraph\">El Hijo desempe\u00f1a precisamente esa funci\u00f3n.<\/p>\n\n\n\n<p class=\"wp-block-paragraph\">La importancia de esta idea para nuestro estudio es evidente. Las teofan\u00edas dejan de ser episodios aislados y comienzan a entenderse como parte de una continuidad revelacional:<\/p>\n\n\n\n<p class=\"wp-block-paragraph\"><strong>el Hijo revela al Padre antes de la encarnaci\u00f3n,<br>el Hijo revela al Padre en la encarnaci\u00f3n,<br>y el Hijo conduce finalmente a la humanidad hacia el conocimiento de Dios.<\/strong><\/p>\n\n\n\n<p class=\"wp-block-paragraph\">Esto permite a Ireneo interpretar las apariciones veterotestamentarias sin afirmar que la esencia invisible del Padre haya sido contemplada directamente.<\/p>\n\n\n\n<p class=\"wp-block-paragraph\">La estructura responde de manera particularmente adecuada a la tensi\u00f3n entre:<\/p>\n\n\n\n<blockquote class=\"wp-block-quote is-layout-flow wp-block-quote-is-layout-flow\">\n<p class=\"wp-block-paragraph\">\u201cVi a Dios cara a cara\u201d (<a href=\"https:\/\/biblia.com\/bible\/rvr60\/Ge32.30\">Gn 32:30<\/a>)<\/p>\n<\/blockquote>\n\n\n\n<p class=\"wp-block-paragraph\">y:<\/p>\n\n\n\n<blockquote class=\"wp-block-quote is-layout-flow wp-block-quote-is-layout-flow\">\n<p class=\"wp-block-paragraph\">\u201cNo podr\u00e1s ver mi rostro; porque no me ver\u00e1 hombre, y vivir\u00e1\u201d (<a href=\"https:\/\/biblia.com\/bible\/rvr60\/Ex33.20\">Ex 33:20<\/a>).<\/p>\n<\/blockquote>\n\n\n\n<p class=\"wp-block-paragraph\">Desde la perspectiva ireneana, la soluci\u00f3n no consiste en negar la realidad de las teofan\u00edas, sino en distinguir <strong>qui\u00e9n se manifiesta y de qu\u00e9 manera se manifiesta Dios<\/strong>.<\/p>\n\n\n\n<h2 id=\"el-hijo-estaba-presente-con-los-patriarcas\" class=\"wp-block-heading\">El Hijo estaba presente con los patriarcas<\/h2>\n\n\n\n<p class=\"wp-block-paragraph\">Ireneo sostiene repetidamente que el Verbo de Dios estaba activo antes de la encarnaci\u00f3n. Para \u00e9l, Cristo no comienza a existir en Bel\u00e9n.<\/p>\n\n\n\n<p class=\"wp-block-paragraph\">El Logos participa de la obra creadora y acompa\u00f1a la historia de salvaci\u00f3n.<\/p>\n\n\n\n<p class=\"wp-block-paragraph\">Esta convicci\u00f3n permite interpretar las apariciones patriarcales como acciones del Hijo preexistente.<\/p>\n\n\n\n<p class=\"wp-block-paragraph\">En textos como <a href=\"https:\/\/biblia.com\/bible\/rvr60\/Ge18\">G\u00e9nesis 18<\/a>, donde Yahv\u00e9 se aparece a Abraham, la tradici\u00f3n cristiana pod\u00eda comprender la figura visible como manifestaci\u00f3n del Logos.<\/p>\n\n\n\n<p class=\"wp-block-paragraph\">Lo mismo sucede con la zarza ardiente de <a href=\"https:\/\/biblia.com\/bible\/rvr60\/Ex3\">\u00c9xodo 3<\/a>.<\/p>\n\n\n\n<p class=\"wp-block-paragraph\">El principio subyacente es:<\/p>\n\n\n\n<blockquote class=\"wp-block-quote is-layout-flow wp-block-quote-is-layout-flow\">\n<p class=\"wp-block-paragraph\"><strong>el Padre es revelado mediante el Hijo.<\/strong><\/p>\n<\/blockquote>\n\n\n\n<p class=\"wp-block-paragraph\">No estamos ya simplemente ante la categor\u00eda funcional de \u201cmensajero\u201d, sino ante una teolog\u00eda de la revelaci\u00f3n personal.<\/p>\n\n\n\n<p class=\"wp-block-paragraph\"><strong>Antonio Orbe<\/strong>, uno de los grandes estudiosos modernos de la teolog\u00eda de Ireneo, ha mostrado la importancia central de la econom\u00eda del Verbo en su pensamiento.<sup data-fn=\"5fd151ff-3465-4c56-958f-4e19f0d00924\" class=\"fn\"><a href=\"#5fd151ff-3465-4c56-958f-4e19f0d00924\" id=\"5fd151ff-3465-4c56-958f-4e19f0d00924-link\">116<\/a><\/sup> La presencia del Hijo a lo largo de la historia b\u00edblica no constituye una especulaci\u00f3n secundaria, sino parte de la coherencia de su teolog\u00eda de creaci\u00f3n, revelaci\u00f3n y recapitulaci\u00f3n.<\/p>\n\n\n\n<h2 id=\"el-concepto-de-economia\" class=\"wp-block-heading\">El concepto de \u201ceconom\u00eda\u201d<\/h2>\n\n\n\n<p class=\"wp-block-paragraph\">Aqu\u00ed conviene detenernos en una palabra fundamental de la teolog\u00eda patr\u00edstica:<\/p>\n\n\n\n<blockquote class=\"wp-block-quote is-layout-flow wp-block-quote-is-layout-flow\">\n<p class=\"wp-block-paragraph\">\u03bf\u1f30\u03ba\u03bf\u03bd\u03bf\u03bc\u03af\u03b1<br><em>oikonom\u00eda<\/em>.<\/p>\n<\/blockquote>\n\n\n\n<p class=\"wp-block-paragraph\">Literalmente puede significar administraci\u00f3n, disposici\u00f3n o gesti\u00f3n de una casa.<\/p>\n\n\n\n<p class=\"wp-block-paragraph\">En la teolog\u00eda cristiana antigua termin\u00f3 utiliz\u00e1ndose para describir el <strong>orden hist\u00f3rico mediante el cual Dios lleva a cabo su plan de salvaci\u00f3n<\/strong>.<\/p>\n\n\n\n<p class=\"wp-block-paragraph\">Cuando hablamos de \u201ceconom\u00eda divina\u201d en Ireneo, no nos referimos a la esencia eterna de Dios de manera abstracta, sino a c\u00f3mo Dios:<\/p>\n\n\n\n<p class=\"wp-block-paragraph\">crea,<br>se revela,<br>act\u00faa en la historia,<br>se encarna,<br>redime<br>y conduce la creaci\u00f3n a su consumaci\u00f3n.<sup data-fn=\"b6214f7a-0af3-4ebb-813c-26d0f084cd7f\" class=\"fn\"><a href=\"#b6214f7a-0af3-4ebb-813c-26d0f084cd7f\" id=\"b6214f7a-0af3-4ebb-813c-26d0f084cd7f-link\">117<\/a><\/sup><\/p>\n\n\n\n<p class=\"wp-block-paragraph\">Este marco resulta especialmente \u00fatil para el problema del \u00c1ngel.<\/p>\n\n\n\n<p class=\"wp-block-paragraph\">En lugar de preguntar \u00fanicamente:<\/p>\n\n\n\n<blockquote class=\"wp-block-quote is-layout-flow wp-block-quote-is-layout-flow\">\n<p class=\"wp-block-paragraph\">\u201c\u00bfQu\u00e9 ser era exactamente el \u00c1ngel?\u201d<\/p>\n<\/blockquote>\n\n\n\n<p class=\"wp-block-paragraph\">Ireneo preguntar\u00eda m\u00e1s ampliamente:<\/p>\n\n\n\n<blockquote class=\"wp-block-quote is-layout-flow wp-block-quote-is-layout-flow\">\n<p class=\"wp-block-paragraph\"><strong>\u201c\u00bfC\u00f3mo ha estado Dios revel\u00e1ndose a la humanidad a trav\u00e9s de su Verbo?\u201d<\/strong><\/p>\n<\/blockquote>\n\n\n\n<p class=\"wp-block-paragraph\">El \u00c1ngel puede entonces comprenderse dentro de la misi\u00f3n reveladora del Hijo.<\/p>\n\n\n\n<h2 id=\"las-dos-manos-de-dios\" class=\"wp-block-heading\">Las \u201cdos manos\u201d de Dios<\/h2>\n\n\n\n<p class=\"wp-block-paragraph\">Uno de los elementos m\u00e1s famosos de la teolog\u00eda de Ireneo es su lenguaje acerca del Hijo y el Esp\u00edritu como las <strong>\u201cdos manos de Dios\u201d<\/strong>.<sup data-fn=\"d6f6fa67-597f-4680-805f-dd95fe93fd16\" class=\"fn\"><a href=\"#d6f6fa67-597f-4680-805f-dd95fe93fd16\" id=\"d6f6fa67-597f-4680-805f-dd95fe93fd16-link\">118<\/a><\/sup><\/p>\n\n\n\n<p class=\"wp-block-paragraph\">La met\u00e1fora aparece en el contexto de la creaci\u00f3n y de la actividad divina.<\/p>\n\n\n\n<p class=\"wp-block-paragraph\">El Padre act\u00faa mediante:<\/p>\n\n\n\n<blockquote class=\"wp-block-quote is-layout-flow wp-block-quote-is-layout-flow\">\n<p class=\"wp-block-paragraph\"><strong>el Verbo y la Sabidur\u00eda<\/strong>,<br>es decir,<br><strong>el Hijo y el Esp\u00edritu.<\/strong><\/p>\n<\/blockquote>\n\n\n\n<p class=\"wp-block-paragraph\">No debemos interpretar la met\u00e1fora f\u00edsicamente.<\/p>\n\n\n\n<p class=\"wp-block-paragraph\">Su objetivo es expresar que Dios no necesita intermediarios externos porque su propia Palabra y su Esp\u00edritu participan de su acci\u00f3n.<\/p>\n\n\n\n<p class=\"wp-block-paragraph\">Esto posee consecuencias importantes para la interpretaci\u00f3n del \u00c1ngel de Yahv\u00e9.<\/p>\n\n\n\n<p class=\"wp-block-paragraph\">Si el Hijo es uno de los agentes personales mediante los cuales el Padre crea y se revela, entonces las apariciones del Logos no deben entenderse como las de una criatura situada entre Dios y el mundo.<\/p>\n\n\n\n<p class=\"wp-block-paragraph\">El Hijo pertenece a la propia econom\u00eda de la acci\u00f3n divina.<\/p>\n\n\n\n<h2 id=\"el-problema-de-la-agencia-ireneo-va-mas-alla\" class=\"wp-block-heading\">El problema de la agencia: Ireneo va m\u00e1s all\u00e1<\/h2>\n\n\n\n<p class=\"wp-block-paragraph\">Aqu\u00ed aparece una diferencia fundamental respecto de buena parte de la interpretaci\u00f3n jud\u00eda.<\/p>\n\n\n\n<p class=\"wp-block-paragraph\">La teor\u00eda de agencia puede explicar que:<\/p>\n\n\n\n<blockquote class=\"wp-block-quote is-layout-flow wp-block-quote-is-layout-flow\">\n<p class=\"wp-block-paragraph\">el \u00c1ngel habla como Dios porque representa a Dios.<\/p>\n<\/blockquote>\n\n\n\n<p class=\"wp-block-paragraph\">Ireneo propone algo m\u00e1s profundo:<\/p>\n\n\n\n<blockquote class=\"wp-block-quote is-layout-flow wp-block-quote-is-layout-flow\">\n<p class=\"wp-block-paragraph\"><strong>el Hijo no es simplemente representante externo; participa personalmente de la obra divina y revela al Padre desde dentro de la econom\u00eda de Dios.<\/strong><\/p>\n<\/blockquote>\n\n\n\n<p class=\"wp-block-paragraph\">Esto significa que la categor\u00eda \u201cmensajero\u201d sigue siendo v\u00e1lida funcionalmente, pero ya no agota la identidad del que es enviado.<\/p>\n\n\n\n<p class=\"wp-block-paragraph\">La estructura es:<\/p>\n\n\n\n<blockquote class=\"wp-block-quote is-layout-flow wp-block-quote-is-layout-flow\">\n<p class=\"wp-block-paragraph\"><strong>el Padre env\u00eda,<br>el Hijo es enviado,<br>pero el Hijo pertenece a la realidad divina y no a la categor\u00eda de criaturas angelicales.<\/strong><\/p>\n<\/blockquote>\n\n\n\n<p class=\"wp-block-paragraph\">Este tipo de distinci\u00f3n preparar\u00e1 posteriormente el desarrollo trinitario m\u00e1s t\u00e9cnico.<\/p>\n\n\n\n<h2 id=\"el-angel-y-la-encarnacion\" class=\"wp-block-heading\">El \u00c1ngel y la encarnaci\u00f3n<\/h2>\n\n\n\n<p class=\"wp-block-paragraph\">Para Ireneo, existe adem\u00e1s continuidad entre las manifestaciones anteriores y la encarnaci\u00f3n.<\/p>\n\n\n\n<p class=\"wp-block-paragraph\">El Logos que se revela en las antiguas teofan\u00edas es el mismo que:<\/p>\n\n\n\n<blockquote class=\"wp-block-quote is-layout-flow wp-block-quote-is-layout-flow\">\n<p class=\"wp-block-paragraph\">\u201cfue hecho carne\u201d (<a href=\"https:\/\/biblia.com\/bible\/rvr60\/Jn1.14\">Jn 1:14<\/a>).<\/p>\n<\/blockquote>\n\n\n\n<p class=\"wp-block-paragraph\">Sin embargo, la encarnaci\u00f3n no es simplemente otra teofan\u00eda.<\/p>\n\n\n\n<p class=\"wp-block-paragraph\">Existe una diferencia fundamental.<\/p>\n\n\n\n<p class=\"wp-block-paragraph\">En las apariciones antiguas, el Logos se manifiesta bajo formas temporales o visibles.<\/p>\n\n\n\n<p class=\"wp-block-paragraph\">En la encarnaci\u00f3n:<\/p>\n\n\n\n<blockquote class=\"wp-block-quote is-layout-flow wp-block-quote-is-layout-flow\">\n<p class=\"wp-block-paragraph\"><strong>asume verdaderamente naturaleza humana.<\/strong><\/p>\n<\/blockquote>\n\n\n\n<p class=\"wp-block-paragraph\">Esto resulta esencial para evitar una lectura doceta.<\/p>\n\n\n\n<p class=\"wp-block-paragraph\">Cristo no solamente \u201cparece\u201d humano.<\/p>\n\n\n\n<p class=\"wp-block-paragraph\">Nace, vive, sufre y muere realmente.<\/p>\n\n\n\n<p class=\"wp-block-paragraph\">Por ello, las teofan\u00edas son <strong>anticipaciones de revelaci\u00f3n<\/strong>, mientras la encarnaci\u00f3n constituye una uni\u00f3n hist\u00f3rica real con la humanidad.<\/p>\n\n\n\n<h2 id=\"ireneo-frente-al-gnosticismo\" class=\"wp-block-heading\">Ireneo frente al gnosticismo<\/h2>\n\n\n\n<p class=\"wp-block-paragraph\">Este punto debe situarse dentro del contexto pol\u00e9mico de Ireneo.<\/p>\n\n\n\n<p class=\"wp-block-paragraph\">Su gran obra <em>Adversus haereses<\/em> combate diversas corrientes gn\u00f3sticas que separaban radicalmente al Dios supremo del creador del mundo o multiplicaban intermediarios divinos.<\/p>\n\n\n\n<p class=\"wp-block-paragraph\">Por ello, para Ireneo es fundamental afirmar:<\/p>\n\n\n\n<blockquote class=\"wp-block-quote is-layout-flow wp-block-quote-is-layout-flow\">\n<p class=\"wp-block-paragraph\"><strong>el Dios de la creaci\u00f3n es el mismo Dios de la redenci\u00f3n.<\/strong><\/p>\n<\/blockquote>\n\n\n\n<p class=\"wp-block-paragraph\">El Cristo revelado en el evangelio no viene a rescatar a la humanidad de un dios inferior creador.<\/p>\n\n\n\n<p class=\"wp-block-paragraph\">Es el Verbo del mismo Dios que:<\/p>\n\n\n\n<p class=\"wp-block-paragraph\">cre\u00f3 a Ad\u00e1n,<br>habl\u00f3 con Abraham,<br>gui\u00f3 a Israel<br>y habl\u00f3 por los profetas.<\/p>\n\n\n\n<p class=\"wp-block-paragraph\">Esta continuidad explica por qu\u00e9 las teofan\u00edas veterotestamentarias poseen tanta importancia para \u00e9l.<\/p>\n\n\n\n<p class=\"wp-block-paragraph\">Si el Logos ya estaba presente en la historia de Israel, entonces no existe ruptura entre Antiguo y Nuevo Testamento.<\/p>\n\n\n\n<p class=\"wp-block-paragraph\">Existe una \u00fanica econom\u00eda.<\/p>\n\n\n\n<p class=\"wp-block-paragraph\"><strong>Denis Minns<\/strong> ha se\u00f1alado que la unidad de creaci\u00f3n y redenci\u00f3n constituye una de las preocupaciones fundamentales de Ireneo.<sup data-fn=\"1895fb90-d035-4b92-b596-87170e9bcac4\" class=\"fn\"><a href=\"#1895fb90-d035-4b92-b596-87170e9bcac4\" id=\"1895fb90-d035-4b92-b596-87170e9bcac4-link\">119<\/a><\/sup> Su cristolog\u00eda debe entenderse dentro de esta lucha contra sistemas que fragmentaban la identidad del Dios b\u00edblico.<\/p>\n\n\n\n<h2 id=\"el-verbo-como-revelador-desde-el-principio\" class=\"wp-block-heading\">El Verbo como revelador desde el principio<\/h2>\n\n\n\n<p class=\"wp-block-paragraph\">Ireneo puede, por tanto, leer textos como:<\/p>\n\n\n\n<blockquote class=\"wp-block-quote is-layout-flow wp-block-quote-is-layout-flow\">\n<p class=\"wp-block-paragraph\">\u201cY dijo Dios\u201d (<a href=\"https:\/\/biblia.com\/bible\/rvr60\/Ge1.3\">Gn 1:3<\/a>)<\/p>\n<\/blockquote>\n\n\n\n<p class=\"wp-block-paragraph\">desde una teolog\u00eda del Logos.<\/p>\n\n\n\n<p class=\"wp-block-paragraph\">Igualmente, las apariciones de Dios en forma perceptible pueden vincularse con aquel mediante quien Dios se comunica.<\/p>\n\n\n\n<p class=\"wp-block-paragraph\">Esta estructura presenta un notable paralelo con el pr\u00f3logo de Juan:<\/p>\n\n\n\n<blockquote class=\"wp-block-quote is-layout-flow wp-block-quote-is-layout-flow\">\n<p class=\"wp-block-paragraph\">\u201cTodas las cosas por \u00e9l fueron hechas\u201d (<a href=\"https:\/\/biblia.com\/bible\/rvr60\/Jn1.3\">Jn 1:3<\/a>),<\/p>\n<\/blockquote>\n\n\n\n<p class=\"wp-block-paragraph\">y:<\/p>\n\n\n\n<blockquote class=\"wp-block-quote is-layout-flow wp-block-quote-is-layout-flow\">\n<p class=\"wp-block-paragraph\">\u201cA Dios nadie le vio jam\u00e1s [&#8230;] \u00e9l le ha dado a conocer\u201d (<a href=\"https:\/\/biblia.com\/bible\/rvr60\/Jn1.18\">Jn 1:18<\/a>).<\/p>\n<\/blockquote>\n\n\n\n<p class=\"wp-block-paragraph\">El mismo Logos es:<\/p>\n\n\n\n<blockquote class=\"wp-block-quote is-layout-flow wp-block-quote-is-layout-flow\">\n<p class=\"wp-block-paragraph\"><strong>agente de creaci\u00f3n<\/strong><\/p>\n<\/blockquote>\n\n\n\n<p class=\"wp-block-paragraph\">y:<\/p>\n\n\n\n<blockquote class=\"wp-block-quote is-layout-flow wp-block-quote-is-layout-flow\">\n<p class=\"wp-block-paragraph\"><strong>agente de revelaci\u00f3n.<\/strong><\/p>\n<\/blockquote>\n\n\n\n<p class=\"wp-block-paragraph\">La identificaci\u00f3n del \u00c1ngel con el Logos encaja as\u00ed dentro de una teolog\u00eda mucho m\u00e1s amplia que una simple equivalencia entre dos t\u00edtulos.<\/p>\n\n\n\n<h2 id=\"la-visibilidad-del-hijo\" class=\"wp-block-heading\">La visibilidad del Hijo<\/h2>\n\n\n\n<p class=\"wp-block-paragraph\">Una cuesti\u00f3n particularmente importante es que Ireneo entiende al Hijo como aquel mediante quien el Dios invisible se hace accesible.<\/p>\n\n\n\n<p class=\"wp-block-paragraph\">Esto permite integrar las diferentes afirmaciones b\u00edblicas sobre ver a Dios.<\/p>\n\n\n\n<p class=\"wp-block-paragraph\">Mois\u00e9s puede tener una verdadera experiencia de Dios sin contemplar exhaustivamente la esencia invisible del Padre.<\/p>\n\n\n\n<p class=\"wp-block-paragraph\">Jacob puede afirmar haber visto a Dios (<a href=\"https:\/\/biblia.com\/bible\/rvr60\/Ge32.30\">Gn 32:30<\/a>).<\/p>\n\n\n\n<p class=\"wp-block-paragraph\">Manoa puede temer porque:<\/p>\n\n\n\n<blockquote class=\"wp-block-quote is-layout-flow wp-block-quote-is-layout-flow\">\n<p class=\"wp-block-paragraph\">\u201ca Dios hemos visto\u201d (<a href=\"https:\/\/biblia.com\/bible\/rvr60\/Jdg13.22\">Jue 13:22<\/a>).<\/p>\n<\/blockquote>\n\n\n\n<p class=\"wp-block-paragraph\">Y, al mismo tiempo:<\/p>\n\n\n\n<blockquote class=\"wp-block-quote is-layout-flow wp-block-quote-is-layout-flow\">\n<p class=\"wp-block-paragraph\">\u201cA Dios nadie le vio jam\u00e1s\u201d (<a href=\"https:\/\/biblia.com\/bible\/rvr60\/Jn1.18\">Jn 1:18<\/a>).<\/p>\n<\/blockquote>\n\n\n\n<p class=\"wp-block-paragraph\">La distinci\u00f3n patr\u00edstica entre <strong>Padre invisible<\/strong> y <strong>Hijo manifestador<\/strong> proporciona una soluci\u00f3n sistem\u00e1tica a esta aparente tensi\u00f3n.<\/p>\n\n\n\n<p class=\"wp-block-paragraph\">Pero debemos mantener la distinci\u00f3n metodol\u00f3gica:<\/p>\n\n\n\n<p class=\"wp-block-paragraph\">esta es una <strong>s\u00edntesis teol\u00f3gica cristiana posterior<\/strong>.<\/p>\n\n\n\n<p class=\"wp-block-paragraph\">No debemos afirmar autom\u00e1ticamente que G\u00e9nesis o Jueces formularon conscientemente esta doctrina.<\/p>\n\n\n\n<p class=\"wp-block-paragraph\">La importancia hist\u00f3rica reside en que Ireneo considera que la revelaci\u00f3n posterior permite comprender retrospectivamente la identidad de las manifestaciones anteriores.<\/p>\n\n\n\n<h2 id=\"habla-ireneo-exactamente-del-angel-de-yahve\" class=\"wp-block-heading\">\u00bfHabla Ireneo exactamente del \u201c\u00c1ngel de Yahv\u00e9\u201d?<\/h2>\n\n\n\n<p class=\"wp-block-paragraph\">Aqu\u00ed conviene introducir una precauci\u00f3n importante.<\/p>\n\n\n\n<p class=\"wp-block-paragraph\">Ireneo no construye toda su teolog\u00eda mediante un tratado independiente titulado \u201cel \u00c1ngel de Yahv\u00e9\u201d.<\/p>\n\n\n\n<p class=\"wp-block-paragraph\">Su inter\u00e9s principal es el <strong>Verbo como revelador<\/strong>.<\/p>\n\n\n\n<p class=\"wp-block-paragraph\">Las tradiciones angelom\u00f3rficas y teof\u00e1nicas aparecen dentro de esta teolog\u00eda m\u00e1s amplia.<\/p>\n\n\n\n<p class=\"wp-block-paragraph\">Esto significa que no debemos atribuirle artificialmente una sistematizaci\u00f3n que pertenece a estudios modernos.<\/p>\n\n\n\n<p class=\"wp-block-paragraph\">Sin embargo, las apariciones veterotestamentarias forman claramente parte de su cristolog\u00eda de la preexistencia.<\/p>\n\n\n\n<p class=\"wp-block-paragraph\"><strong>Jean Dani\u00e9lou<\/strong>, en sus estudios cl\u00e1sicos sobre la teolog\u00eda judeocristiana, destac\u00f3 la importancia de la llamada <strong>\u201ccristolog\u00eda del \u00c1ngel\u201d<\/strong> en determinados sectores del cristianismo antiguo.<sup data-fn=\"c6c6e98c-874a-4e14-8bce-6931cca49020\" class=\"fn\"><a href=\"#c6c6e98c-874a-4e14-8bce-6931cca49020\" id=\"c6c6e98c-874a-4e14-8bce-6931cca49020-link\">120<\/a><\/sup> Aunque algunas categor\u00edas de Dani\u00e9lou han sido revisadas posteriormente, su trabajo llam\u00f3 acertadamente la atenci\u00f3n sobre el uso cristol\u00f3gico de tradiciones angelol\u00f3gicas y teof\u00e1nicas.<\/p>\n\n\n\n<h2 id=\"una-diferencia-respecto-de-justino\" class=\"wp-block-heading\">Una diferencia respecto de Justino<\/h2>\n\n\n\n<p class=\"wp-block-paragraph\">Justino utiliza las teofan\u00edas con una fuerte dimensi\u00f3n apolog\u00e9tica:<\/p>\n\n\n\n<blockquote class=\"wp-block-quote is-layout-flow wp-block-quote-is-layout-flow\">\n<p class=\"wp-block-paragraph\">demostrar a Trif\u00f3n que existe alguien distinto del Padre que puede ser llamado Dios.<\/p>\n<\/blockquote>\n\n\n\n<p class=\"wp-block-paragraph\">Ireneo se mueve m\u00e1s claramente hacia una teolog\u00eda de la <strong>econom\u00eda unificada<\/strong>.<\/p>\n\n\n\n<p class=\"wp-block-paragraph\">Para Justino, la pregunta dominante es:<\/p>\n\n\n\n<blockquote class=\"wp-block-quote is-layout-flow wp-block-quote-is-layout-flow\">\n<p class=\"wp-block-paragraph\">\u201c\u00bfQui\u00e9n apareci\u00f3?\u201d<\/p>\n<\/blockquote>\n\n\n\n<p class=\"wp-block-paragraph\">Para Ireneo, podr\u00edamos formularla:<\/p>\n\n\n\n<blockquote class=\"wp-block-quote is-layout-flow wp-block-quote-is-layout-flow\">\n<p class=\"wp-block-paragraph\"><strong>\u201c\u00bfC\u00f3mo ha estado el Verbo de Dios revelando al Padre a lo largo de toda la historia?\u201d<\/strong><\/p>\n<\/blockquote>\n\n\n\n<p class=\"wp-block-paragraph\">Esta diferencia no elimina la continuidad entre ambos.<\/p>\n\n\n\n<p class=\"wp-block-paragraph\">La profundiza.<\/p>\n\n\n\n<p class=\"wp-block-paragraph\">El \u00c1ngel\/Logos deja de ser \u00fanicamente una prueba de preexistencia y se convierte en parte de la arquitectura completa de la historia de salvaci\u00f3n.<\/p>\n\n\n\n<h2 id=\"la-recapitulacion-y-el-logos\" class=\"wp-block-heading\">La recapitulaci\u00f3n y el Logos<\/h2>\n\n\n\n<p class=\"wp-block-paragraph\">Esta arquitectura alcanza su punto culminante en el concepto ireneano de:<\/p>\n\n\n\n<blockquote class=\"wp-block-quote is-layout-flow wp-block-quote-is-layout-flow\">\n<p class=\"wp-block-paragraph\">\u1f00\u03bd\u03b1\u03ba\u03b5\u03c6\u03b1\u03bb\u03b1\u03af\u03c9\u03c3\u03b9\u03c2<br><em>anakephalai\u014dsis<\/em><br>\u201crecapitulaci\u00f3n\u201d.<\/p>\n<\/blockquote>\n\n\n\n<p class=\"wp-block-paragraph\">Inspir\u00e1ndose especialmente en <a href=\"https:\/\/biblia.com\/bible\/rvr60\/Eph1.10\">Efesios 1:10<\/a>, Ireneo entiende que Cristo recapitula en s\u00ed mismo la historia humana.<\/p>\n\n\n\n<p class=\"wp-block-paragraph\">El mismo Verbo que estaba presente al comienzo entra finalmente dentro de la historia humana para rehacerla desde dentro.<\/p>\n\n\n\n<p class=\"wp-block-paragraph\">Cristo recapitula:<\/p>\n\n\n\n<p class=\"wp-block-paragraph\">Ad\u00e1n,<br>la humanidad,<br>la obediencia<br>y la historia de salvaci\u00f3n.<\/p>\n\n\n\n<p class=\"wp-block-paragraph\">Esto significa que las teofan\u00edas anteriores no son episodios desconectados.<\/p>\n\n\n\n<p class=\"wp-block-paragraph\">Forman parte de la preparaci\u00f3n para la encarnaci\u00f3n.<\/p>\n\n\n\n<p class=\"wp-block-paragraph\">El Logos que anteriormente hablaba y guiaba ahora <strong>entra verdaderamente en la condici\u00f3n humana<\/strong>.<\/p>\n\n\n\n<h2 id=\"la-relevancia-para-la-interpretacion-del-angel\" class=\"wp-block-heading\">La relevancia para la interpretaci\u00f3n del \u00c1ngel<\/h2>\n\n\n\n<p class=\"wp-block-paragraph\">La contribuci\u00f3n de Ireneo a nuestro estudio puede resumirse en varios puntos.<\/p>\n\n\n\n<p class=\"wp-block-paragraph\">Primero, preserva la <strong>distinci\u00f3n<\/strong> entre Padre e Hijo.<\/p>\n\n\n\n<p class=\"wp-block-paragraph\">Segundo, mantiene la <strong>divinidad y preexistencia<\/strong> del Hijo.<\/p>\n\n\n\n<p class=\"wp-block-paragraph\">Tercero, interpreta las manifestaciones antiguas dentro de una continuidad hist\u00f3rica.<\/p>\n\n\n\n<p class=\"wp-block-paragraph\">Cuarto, evita reducir al Hijo a una criatura ang\u00e9lica.<\/p>\n\n\n\n<p class=\"wp-block-paragraph\">Quinto, integra las teofan\u00edas dentro de una teolog\u00eda de la revelaci\u00f3n.<\/p>\n\n\n\n<p class=\"wp-block-paragraph\">As\u00ed, la antigua tensi\u00f3n:<\/p>\n\n\n\n<blockquote class=\"wp-block-quote is-layout-flow wp-block-quote-is-layout-flow\">\n<p class=\"wp-block-paragraph\"><strong>\u00c1ngel distinguido de Yahv\u00e9 \/ \u00c1ngel identificado con Yahv\u00e9<\/strong><\/p>\n<\/blockquote>\n\n\n\n<p class=\"wp-block-paragraph\">puede ser reinterpretada cristianamente como:<\/p>\n\n\n\n<blockquote class=\"wp-block-quote is-layout-flow wp-block-quote-is-layout-flow\">\n<p class=\"wp-block-paragraph\"><strong>Hijo distinguido del Padre \/ Hijo participante de la identidad y obra divinas.<\/strong><\/p>\n<\/blockquote>\n\n\n\n<p class=\"wp-block-paragraph\">La capacidad explicativa del modelo resulta evidente.<\/p>\n\n\n\n<p class=\"wp-block-paragraph\">Sin embargo, la misma cuesti\u00f3n metodol\u00f3gica permanece abierta:<\/p>\n\n\n\n<blockquote class=\"wp-block-quote is-layout-flow wp-block-quote-is-layout-flow\">\n<p class=\"wp-block-paragraph\"><strong>\u00bfconstituye esta interpretaci\u00f3n la explicitaci\u00f3n de una realidad ya presente impl\u00edcitamente en los textos, o una relectura cristol\u00f3gica leg\u00edtima pero hist\u00f3ricamente posterior?<\/strong><\/p>\n<\/blockquote>\n\n\n\n<p class=\"wp-block-paragraph\">Responder esa pregunta requerir\u00e1 comparar todav\u00eda otras voces patr\u00edsticas.<\/p>\n\n\n\n<h2 id=\"hacia-tertuliano\" class=\"wp-block-heading\">Hacia Tertuliano<\/h2>\n\n\n\n<p class=\"wp-block-paragraph\">El siguiente paso resulta especialmente importante porque <strong>Tertuliano<\/strong>, a comienzos del siglo III, escribe en un contexto donde la relaci\u00f3n entre Padre e Hijo comienza a formularse mediante un vocabulario mucho m\u00e1s t\u00e9cnico.<\/p>\n\n\n\n<p class=\"wp-block-paragraph\">Frente al modalismo, Tertuliano necesitar\u00e1 demostrar que:<\/p>\n\n\n\n<blockquote class=\"wp-block-quote is-layout-flow wp-block-quote-is-layout-flow\">\n<p class=\"wp-block-paragraph\">el Padre y el Hijo son <strong>distintos<\/strong>,<\/p>\n<\/blockquote>\n\n\n\n<p class=\"wp-block-paragraph\">pero:<\/p>\n\n\n\n<blockquote class=\"wp-block-quote is-layout-flow wp-block-quote-is-layout-flow\">\n<p class=\"wp-block-paragraph\">no constituyen <strong>dos dioses independientes<\/strong>.<\/p>\n<\/blockquote>\n\n\n\n<p class=\"wp-block-paragraph\">Las antiguas teofan\u00edas se convertir\u00e1n nuevamente en una poderosa herramienta exeg\u00e9tica.<\/p>\n\n\n\n<p class=\"wp-block-paragraph\">Textos donde uno denominado Dios habla con otro denominado Dios, o donde Yahv\u00e9 env\u00eda a una figura que habla con autoridad divina, ser\u00e1n utilizados para demostrar una distinci\u00f3n real dentro de la divinidad.<\/p>\n\n\n\n<p class=\"wp-block-paragraph\">La cuesti\u00f3n del \u00c1ngel de Yahv\u00e9 entrar\u00e1 as\u00ed directamente en el desarrollo de la <strong>terminolog\u00eda trinitaria latina<\/strong>.<\/p>\n\n\n\n<h1 id=\"tertuliano-el-angel-de-yahve-las-teofanias-y-la-distincion-entre-padre-e-hijo\" class=\"wp-block-heading\">Tertuliano: el \u00c1ngel de Yahv\u00e9, las teofan\u00edas y la distinci\u00f3n entre Padre e Hijo<\/h1>\n\n\n\n<p class=\"wp-block-paragraph\">Con <strong>Tertuliano de Cartago<\/strong>, a comienzos del siglo III, la interpretaci\u00f3n de las teofan\u00edas veterotestamentarias entra en una etapa nueva. Mientras Justino M\u00e1rtir hab\u00eda utilizado las apariciones del \u00c1ngel principalmente para demostrar la preexistencia de Cristo, e Ireneo las hab\u00eda integrado dentro de una econom\u00eda m\u00e1s amplia de revelaci\u00f3n y recapitulaci\u00f3n, Tertuliano las incorpora al desarrollo de un <strong>vocabulario trinitario m\u00e1s t\u00e9cnico<\/strong>.<\/p>\n\n\n\n<p class=\"wp-block-paragraph\">Su preocupaci\u00f3n principal aparece con especial claridad en la obra <em>Adversus Praxean<\/em> (<em>Contra Praxeas<\/em>), escrita contra una forma de teolog\u00eda que Tertuliano percibe como modalista. Seg\u00fan su cr\u00edtica, Praxeas habr\u00eda confundido de tal modo al Padre y al Hijo que terminaba eliminando la distinci\u00f3n real entre ambos.<\/p>\n\n\n\n<p class=\"wp-block-paragraph\">La cuesti\u00f3n posee relaci\u00f3n directa con nuestro estudio.<\/p>\n\n\n\n<p class=\"wp-block-paragraph\">A lo largo de los textos veterotestamentarios hab\u00edamos encontrado precisamente una tensi\u00f3n entre:<\/p>\n\n\n\n<p class=\"wp-block-paragraph\"><strong>unidad e identificaci\u00f3n divina<\/strong><\/p>\n\n\n\n<p class=\"wp-block-paragraph\">y:<\/p>\n\n\n\n<p class=\"wp-block-paragraph\"><strong>distinci\u00f3n entre quien env\u00eda y quien es enviado.<\/strong><\/p>\n\n\n\n<p class=\"wp-block-paragraph\">La ex\u00e9gesis jud\u00eda pod\u00eda explicar esta estructura mediante agencia.<\/p>\n\n\n\n<p class=\"wp-block-paragraph\">Justino la hab\u00eda interpretado mediante Padre y Logos.<\/p>\n\n\n\n<p class=\"wp-block-paragraph\">Tertuliano utilizar\u00e1 ahora esta misma clase de textos para argumentar que el \u00fanico Dios no debe concebirse como una \u00fanica persona que simplemente adopta diferentes nombres o modos de aparici\u00f3n.<\/p>\n\n\n\n<h2 id=\"contra-praxeas-y-el-problema-modalista\" class=\"wp-block-heading\">Contra Praxeas y el problema modalista<\/h2>\n\n\n\n<p class=\"wp-block-paragraph\">La famosa cr\u00edtica de Tertuliano contra Praxeas se relaciona con la idea de que el Padre mismo habr\u00eda nacido, sufrido y muerto.<\/p>\n\n\n\n<p class=\"wp-block-paragraph\">Tertuliano considera que semejante concepci\u00f3n destruye la realidad de la relaci\u00f3n entre Padre e Hijo descrita en las Escrituras.<\/p>\n\n\n\n<p class=\"wp-block-paragraph\">Para \u00e9l, cuando Jes\u00fas ora al Padre, es enviado por el Padre o vuelve al Padre, esas expresiones deben poseer contenido real.<\/p>\n\n\n\n<p class=\"wp-block-paragraph\">El mismo principio se aplica retrospectivamente a las Escrituras de Israel.<\/p>\n\n\n\n<p class=\"wp-block-paragraph\">Si un personaje denominado Dios es enviado por otro, habla con otro o aparece distinguido de otro, la distinci\u00f3n no puede reducirse simplemente a diferentes nombres de un \u00fanico sujeto personal.<\/p>\n\n\n\n<p class=\"wp-block-paragraph\">Por ello, las teofan\u00edas se convierten en evidencia para la <strong>pluralidad personal dentro de la unidad divina<\/strong>.<sup data-fn=\"981fe6ab-add7-4d5f-a932-0cdd9bc059b8\" class=\"fn\"><a href=\"#981fe6ab-add7-4d5f-a932-0cdd9bc059b8\" id=\"981fe6ab-add7-4d5f-a932-0cdd9bc059b8-link\">121<\/a><\/sup><\/p>\n\n\n\n<p class=\"wp-block-paragraph\">Tertuliano formular\u00e1 esta relaci\u00f3n mediante vocabulario latino que posteriormente tendr\u00e1 enorme importancia:<\/p>\n\n\n\n<blockquote class=\"wp-block-quote is-layout-flow wp-block-quote-is-layout-flow\">\n<p class=\"wp-block-paragraph\"><em>una substantia<\/em><br>y<br><em>tres personae<\/em>.<\/p>\n<\/blockquote>\n\n\n\n<p class=\"wp-block-paragraph\">Debemos evitar, sin embargo, asumir que estas expresiones poseen ya exactamente el mismo significado t\u00e9cnico que adquirir\u00e1n despu\u00e9s de Nicea y los debates del siglo IV. El vocabulario se encuentra todav\u00eda en proceso de desarrollo.<sup data-fn=\"ac4e5683-8515-403e-b5d4-59b4ff3121e6\" class=\"fn\"><a href=\"#ac4e5683-8515-403e-b5d4-59b4ff3121e6\" id=\"ac4e5683-8515-403e-b5d4-59b4ff3121e6-link\">122<\/a><\/sup><\/p>\n\n\n\n<h2 id=\"el-que-aparece-no-es-el-padre-invisible\" class=\"wp-block-heading\">El que aparece no es el Padre invisible<\/h2>\n\n\n\n<p class=\"wp-block-paragraph\">Tertuliano comparte con Justino e Ireneo una convicci\u00f3n fundamental: <strong>el Padre no es quien aparece visiblemente en las teofan\u00edas<\/strong>.<\/p>\n\n\n\n<p class=\"wp-block-paragraph\">Esta afirmaci\u00f3n se apoya en textos del Nuevo Testamento como:<\/p>\n\n\n\n<blockquote class=\"wp-block-quote is-layout-flow wp-block-quote-is-layout-flow\">\n<p class=\"wp-block-paragraph\">\u201cA Dios nadie le vio jam\u00e1s\u201d (<a href=\"https:\/\/biblia.com\/bible\/rvr60\/Jn1.18\">Jn 1:18<\/a>),<\/p>\n<\/blockquote>\n\n\n\n<p class=\"wp-block-paragraph\">y:<\/p>\n\n\n\n<blockquote class=\"wp-block-quote is-layout-flow wp-block-quote-is-layout-flow\">\n<p class=\"wp-block-paragraph\">\u201cNo que alguno haya visto al Padre\u201d (<a href=\"https:\/\/biblia.com\/bible\/rvr60\/Jn6.46\">Jn 6:46<\/a>).<\/p>\n<\/blockquote>\n\n\n\n<p class=\"wp-block-paragraph\">Sin embargo, el Antiguo Testamento afirma que Abraham, Jacob, Mois\u00e9s y otros experimentaron apariciones de Dios.<\/p>\n\n\n\n<p class=\"wp-block-paragraph\">Tertuliano resuelve la aparente tensi\u00f3n identificando al personaje visible con el <strong>Hijo\/Logos<\/strong>.<\/p>\n\n\n\n<p class=\"wp-block-paragraph\">As\u00ed, cuando Mois\u00e9s contempla la zarza:<\/p>\n\n\n\n<blockquote class=\"wp-block-quote is-layout-flow wp-block-quote-is-layout-flow\">\n<p class=\"wp-block-paragraph\">\u201cse le apareci\u00f3 el \u00c1ngel de Jehov\u00e1\u201d (<a href=\"https:\/\/biblia.com\/bible\/rvr60\/Ex3.2\">Ex 3:2<\/a>),<\/p>\n<\/blockquote>\n\n\n\n<p class=\"wp-block-paragraph\">y posteriormente Dios habla desde ella (<a href=\"https:\/\/biblia.com\/bible\/rvr60\/Ex3.4-6\">Ex 3:4\u20136<\/a>), Tertuliano puede interpretar la figura visible como el Hijo que revela al Padre.<\/p>\n\n\n\n<p class=\"wp-block-paragraph\">La invisibilidad del Padre deja as\u00ed de ser un obst\u00e1culo para la realidad de las teofan\u00edas.<\/p>\n\n\n\n<p class=\"wp-block-paragraph\">El Dios invisible se manifiesta mediante aquel que es su <strong>Palabra e Imagen<\/strong>.<\/p>\n\n\n\n<p class=\"wp-block-paragraph\">Este razonamiento pertenece a una l\u00ednea cristol\u00f3gica que ya encontramos en Justino, pero Tertuliano la utilizar\u00e1 con mayor precisi\u00f3n dentro del debate sobre la distinci\u00f3n personal.<\/p>\n\n\n\n<h2 id=\"dios-de-dios-genesis-19-24\" class=\"wp-block-heading\">\u201cDios de Dios\u201d: G\u00e9nesis 19:24<\/h2>\n\n\n\n<p class=\"wp-block-paragraph\">Uno de los textos favoritos de la antigua argumentaci\u00f3n cristiana era <a href=\"https:\/\/biblia.com\/bible\/rvr60\/Ge19.24\">G\u00e9nesis 19:24<\/a>:<\/p>\n\n\n\n<blockquote class=\"wp-block-quote is-layout-flow wp-block-quote-is-layout-flow\">\n<p class=\"wp-block-paragraph\">\u201cEntonces Jehov\u00e1 hizo llover sobre Sodoma y sobre Gomorra azufre y fuego de parte de Jehov\u00e1 desde los cielos\u201d.<\/p>\n<\/blockquote>\n\n\n\n<p class=\"wp-block-paragraph\">La repetici\u00f3n:<\/p>\n\n\n\n<blockquote class=\"wp-block-quote is-layout-flow wp-block-quote-is-layout-flow\">\n<p class=\"wp-block-paragraph\"><strong>Yahv\u00e9 &#8230; de parte de Yahv\u00e9<\/strong><\/p>\n<\/blockquote>\n\n\n\n<p class=\"wp-block-paragraph\">fue interpretada por varios autores cristianos como evidencia de que las Escrituras pod\u00edan hablar de dos sujetos relacionados con el nombre divino sin proclamar dos dioses independientes.<\/p>\n\n\n\n<p class=\"wp-block-paragraph\">Tertuliano utiliza esta clase de textos dentro de su argumentaci\u00f3n contra una concepci\u00f3n estrictamente unipersonal de Dios.<sup data-fn=\"9c51331e-e3b2-41aa-913a-72877db7830e\" class=\"fn\"><a href=\"#9c51331e-e3b2-41aa-913a-72877db7830e\" id=\"9c51331e-e3b2-41aa-913a-72877db7830e-link\">123<\/a><\/sup><\/p>\n\n\n\n<p class=\"wp-block-paragraph\">Su razonamiento debe entenderse cuidadosamente.<\/p>\n\n\n\n<p class=\"wp-block-paragraph\">No sostiene:<\/p>\n\n\n\n<blockquote class=\"wp-block-quote is-layout-flow wp-block-quote-is-layout-flow\">\n<p class=\"wp-block-paragraph\">\u201chay dos Yahv\u00e9s independientes\u201d.<\/p>\n<\/blockquote>\n\n\n\n<p class=\"wp-block-paragraph\">Sostiene que existe una <strong>distinci\u00f3n entre Padre e Hijo<\/strong> dentro de la \u00fanica realidad divina.<\/p>\n\n\n\n<p class=\"wp-block-paragraph\">Desde una perspectiva hist\u00f3rico-gramatical moderna, <a href=\"https:\/\/biblia.com\/bible\/rvr60\/Ge19.24\">G\u00e9nesis 19:24<\/a> admite otras explicaciones sint\u00e1cticas; la repetici\u00f3n nominal no obliga por s\u00ed misma a una lectura trinitaria.<\/p>\n\n\n\n<p class=\"wp-block-paragraph\">Pero para la historia de la interpretaci\u00f3n el texto resulta fundamental porque muestra c\u00f3mo la ex\u00e9gesis cristiana antigua relacion\u00f3 determinadas construcciones veterotestamentarias con su comprensi\u00f3n de Padre e Hijo.<\/p>\n\n\n\n<h2 id=\"el-angel-como-hijo-enviado\" class=\"wp-block-heading\">El \u00c1ngel como Hijo enviado<\/h2>\n\n\n\n<p class=\"wp-block-paragraph\">La categor\u00eda de \u201c\u00c1ngel\u201d encaja particularmente bien con la teolog\u00eda de Tertuliano porque permite expresar <strong>misi\u00f3n sin negar divinidad<\/strong>.<\/p>\n\n\n\n<p class=\"wp-block-paragraph\">El Hijo es enviado por el Padre.<\/p>\n\n\n\n<p class=\"wp-block-paragraph\">Por ello puede ser denominado \u201cmensajero\u201d.<\/p>\n\n\n\n<p class=\"wp-block-paragraph\">Pero su env\u00edo no implica que sea una criatura ang\u00e9lica.<\/p>\n\n\n\n<p class=\"wp-block-paragraph\">Esta distinci\u00f3n es id\u00e9ntica al principio que observamos en Justino:<\/p>\n\n\n\n<blockquote class=\"wp-block-quote is-layout-flow wp-block-quote-is-layout-flow\">\n<p class=\"wp-block-paragraph\"><strong>\u201c\u00c1ngel\u201d describe funci\u00f3n, no necesariamente naturaleza.<\/strong><\/p>\n<\/blockquote>\n\n\n\n<p class=\"wp-block-paragraph\">As\u00ed puede interpretarse <a href=\"https:\/\/biblia.com\/bible\/rvr60\/Ex23.20-21\">\u00c9xodo 23:20\u201321<\/a>:<\/p>\n\n\n\n<blockquote class=\"wp-block-quote is-layout-flow wp-block-quote-is-layout-flow\">\n<p class=\"wp-block-paragraph\">\u201cHe aqu\u00ed yo env\u00edo mi \u00c1ngel delante de ti&#8230; porque mi nombre est\u00e1 en \u00e9l\u201d.<\/p>\n<\/blockquote>\n\n\n\n<p class=\"wp-block-paragraph\">Para una lectura tertulianea, el hecho de que uno <strong>env\u00ede<\/strong> y otro sea <strong>enviado<\/strong> demuestra distinci\u00f3n.<\/p>\n\n\n\n<p class=\"wp-block-paragraph\">El hecho de que el enviado porte el <strong>Nombre de Dios<\/strong> permite afirmar una relaci\u00f3n mucho m\u00e1s profunda que la de un mensajero creado ordinario.<\/p>\n\n\n\n<p class=\"wp-block-paragraph\">De nuevo aparece el patr\u00f3n:<\/p>\n\n\n\n<blockquote class=\"wp-block-quote is-layout-flow wp-block-quote-is-layout-flow\">\n<p class=\"wp-block-paragraph\"><strong>misi\u00f3n \u2192 distinci\u00f3n;<br>Nombre \u2192 participaci\u00f3n en autoridad divina.<\/strong><\/p>\n<\/blockquote>\n\n\n\n<p class=\"wp-block-paragraph\">La ex\u00e9gesis cristiana encuentra aqu\u00ed una estructura sorprendentemente compatible con Padre e Hijo.<\/p>\n\n\n\n<h2 id=\"el-nombre-y-la-identidad-del-enviado\" class=\"wp-block-heading\">El \u201cNombre\u201d y la identidad del enviado<\/h2>\n\n\n\n<p class=\"wp-block-paragraph\">La expresi\u00f3n:<\/p>\n\n\n\n<blockquote class=\"wp-block-quote is-layout-flow wp-block-quote-is-layout-flow\">\n<p class=\"wp-block-paragraph\">\u201cmi nombre est\u00e1 en \u00e9l\u201d (<a href=\"https:\/\/biblia.com\/bible\/rvr60\/Ex23.21\">Ex 23:21<\/a>)<\/p>\n<\/blockquote>\n\n\n\n<p class=\"wp-block-paragraph\">posee especial relevancia para la teolog\u00eda cristiana antigua porque el <strong>Nombre<\/strong> pod\u00eda entenderse como algo m\u00e1s que autoridad delegada.<\/p>\n\n\n\n<p class=\"wp-block-paragraph\">Desde una lectura cristol\u00f3gica, el Hijo porta el Nombre porque participa de aquello que el Padre es.<\/p>\n\n\n\n<p class=\"wp-block-paragraph\">Sin embargo, aqu\u00ed debemos mantener la distinci\u00f3n entre la lectura patr\u00edstica y la ex\u00e9gesis jud\u00eda.<\/p>\n\n\n\n<p class=\"wp-block-paragraph\">La interpretaci\u00f3n jud\u00eda pod\u00eda afirmar:<\/p>\n\n\n\n<blockquote class=\"wp-block-quote is-layout-flow wp-block-quote-is-layout-flow\">\n<p class=\"wp-block-paragraph\">el \u00c1ngel porta el Nombre porque representa a Dios.<\/p>\n<\/blockquote>\n\n\n\n<p class=\"wp-block-paragraph\">La interpretaci\u00f3n cristiana dir\u00e1:<\/p>\n\n\n\n<blockquote class=\"wp-block-quote is-layout-flow wp-block-quote-is-layout-flow\">\n<p class=\"wp-block-paragraph\">el Hijo porta el Nombre porque comparte la dignidad divina y es enviado por el Padre.<\/p>\n<\/blockquote>\n\n\n\n<p class=\"wp-block-paragraph\">Ambas leen el mismo dato.<\/p>\n\n\n\n<p class=\"wp-block-paragraph\">Pero lo sit\u00faan dentro de ontolog\u00edas diferentes.<\/p>\n\n\n\n<p class=\"wp-block-paragraph\">Este punto constituye uno de los centros reales del debate hist\u00f3rico.<\/p>\n\n\n\n<h2 id=\"tertuliano-y-la-monarquia-de-dios\" class=\"wp-block-heading\">Tertuliano y la \u201cmonarqu\u00eda\u201d de Dios<\/h2>\n\n\n\n<p class=\"wp-block-paragraph\">Praxeas y otros te\u00f3logos de tendencia modalista apelaban precisamente a la <strong>monarqu\u00eda<\/strong>, es decir, al gobierno \u00fanico de Dios.<\/p>\n\n\n\n<p class=\"wp-block-paragraph\">Tertuliano no rechaza este principio.<\/p>\n\n\n\n<p class=\"wp-block-paragraph\">Lo redefine.<\/p>\n\n\n\n<p class=\"wp-block-paragraph\">Para \u00e9l, la existencia del Hijo no destruye la monarqu\u00eda del Padre.<\/p>\n\n\n\n<p class=\"wp-block-paragraph\">Un rey puede ejercer su gobierno mediante un hijo o administrador sin perder su soberan\u00eda.<\/p>\n\n\n\n<p class=\"wp-block-paragraph\">Esta analog\u00eda posee l\u00edmites, pero le permite defender simult\u00e1neamente:<\/p>\n\n\n\n<blockquote class=\"wp-block-quote is-layout-flow wp-block-quote-is-layout-flow\">\n<p class=\"wp-block-paragraph\"><strong>unidad de poder y fuente<\/strong><\/p>\n<\/blockquote>\n\n\n\n<p class=\"wp-block-paragraph\">y:<\/p>\n\n\n\n<blockquote class=\"wp-block-quote is-layout-flow wp-block-quote-is-layout-flow\">\n<p class=\"wp-block-paragraph\"><strong>distinci\u00f3n de personas.<\/strong><\/p>\n<\/blockquote>\n\n\n\n<p class=\"wp-block-paragraph\">El Padre permanece la fuente.<\/p>\n\n\n\n<p class=\"wp-block-paragraph\">El Hijo procede de \u00e9l y cumple su voluntad.<\/p>\n\n\n\n<p class=\"wp-block-paragraph\">Sin embargo, esa procedencia no convierte al Hijo en una criatura ordinaria.<\/p>\n\n\n\n<p class=\"wp-block-paragraph\"><strong>Eric Osborn<\/strong>, al estudiar la teolog\u00eda de Tertuliano, ha mostrado c\u00f3mo su pensamiento intenta articular simult\u00e1neamente la unidad divina y la diferenciaci\u00f3n real del Logos mediante categor\u00edas de <em>substantia<\/em>, <em>persona<\/em> y <em>oikonomia<\/em>.<sup data-fn=\"d2e9b53f-0599-441a-8773-320d8c3326ea\" class=\"fn\"><a href=\"#d2e9b53f-0599-441a-8773-320d8c3326ea\" id=\"d2e9b53f-0599-441a-8773-320d8c3326ea-link\">124<\/a><\/sup> La formulaci\u00f3n utilizada aqu\u00ed es <strong>s\u00edntesis interpretativa<\/strong>, no cita textual.<\/p>\n\n\n\n<h2 id=\"la-economia-en-tertuliano\" class=\"wp-block-heading\">La econom\u00eda en Tertuliano<\/h2>\n\n\n\n<p class=\"wp-block-paragraph\">La palabra <em>oikonomia<\/em>, que hab\u00edamos encontrado en Ireneo, adquiere tambi\u00e9n gran importancia en Tertuliano.<\/p>\n\n\n\n<p class=\"wp-block-paragraph\">La \u201ceconom\u00eda\u201d permite hablar de una <strong>disposici\u00f3n ordenada dentro de la unidad divina<\/strong>.<\/p>\n\n\n\n<p class=\"wp-block-paragraph\">Padre, Hijo y Esp\u00edritu no son tres dioses.<\/p>\n\n\n\n<p class=\"wp-block-paragraph\">Pero tampoco son simplemente tres nombres temporales del mismo sujeto.<\/p>\n\n\n\n<p class=\"wp-block-paragraph\">La econom\u00eda supone orden y relaci\u00f3n.<\/p>\n\n\n\n<p class=\"wp-block-paragraph\">Por ello, los textos veterotestamentarios en los que uno env\u00eda y otro es enviado funcionan como antecedentes adecuados para este modelo.<\/p>\n\n\n\n<p class=\"wp-block-paragraph\">Cuando Yahv\u00e9 dice:<\/p>\n\n\n\n<blockquote class=\"wp-block-quote is-layout-flow wp-block-quote-is-layout-flow\">\n<p class=\"wp-block-paragraph\">\u201cHe aqu\u00ed yo env\u00edo mi \u00c1ngel\u201d (<a href=\"https:\/\/biblia.com\/bible\/rvr60\/Ex23.20\">Ex 23:20<\/a>),<\/p>\n<\/blockquote>\n\n\n\n<p class=\"wp-block-paragraph\">la estructura de env\u00edo puede interpretarse como anticipaci\u00f3n de una relaci\u00f3n que el Nuevo Testamento expresar\u00e1 con mayor claridad:<\/p>\n\n\n\n<blockquote class=\"wp-block-quote is-layout-flow wp-block-quote-is-layout-flow\">\n<p class=\"wp-block-paragraph\">\u201cenvi\u00f3 Dios a su Hijo\u201d (<a href=\"https:\/\/biblia.com\/bible\/rvr60\/Ga4.4\">G\u00e1 4:4<\/a>).<\/p>\n<\/blockquote>\n\n\n\n<p class=\"wp-block-paragraph\">La conexi\u00f3n no significa que \u00c9xodo 23 contenga expl\u00edcitamente G\u00e1latas 4.<\/p>\n\n\n\n<p class=\"wp-block-paragraph\">Se trata de una lectura can\u00f3nica retrospectiva.<\/p>\n\n\n\n<p class=\"wp-block-paragraph\">Pero muestra c\u00f3mo funcionaba la hermen\u00e9utica patr\u00edstica: las relaciones reveladas plenamente en Cristo permit\u00edan releer las relaciones misteriosas de textos anteriores.<\/p>\n\n\n\n<h2 id=\"la-palabra-estaba-con-dios\" class=\"wp-block-heading\">La Palabra estaba con Dios<\/h2>\n\n\n\n<p class=\"wp-block-paragraph\">La teolog\u00eda tertulianea se apoya tambi\u00e9n en el pr\u00f3logo de Juan:<\/p>\n\n\n\n<blockquote class=\"wp-block-quote is-layout-flow wp-block-quote-is-layout-flow\">\n<p class=\"wp-block-paragraph\">\u201cEn el principio era el Verbo, y el Verbo era con Dios, y el Verbo era Dios\u201d (<a href=\"https:\/\/biblia.com\/bible\/rvr60\/Jn1.1\">Jn 1:1<\/a>).<\/p>\n<\/blockquote>\n\n\n\n<p class=\"wp-block-paragraph\">La formulaci\u00f3n:<\/p>\n\n\n\n<blockquote class=\"wp-block-quote is-layout-flow wp-block-quote-is-layout-flow\">\n<p class=\"wp-block-paragraph\">\u201ccon Dios\u201d<\/p>\n<\/blockquote>\n\n\n\n<p class=\"wp-block-paragraph\">permite distinci\u00f3n.<\/p>\n\n\n\n<p class=\"wp-block-paragraph\">La formulaci\u00f3n:<\/p>\n\n\n\n<blockquote class=\"wp-block-quote is-layout-flow wp-block-quote-is-layout-flow\">\n<p class=\"wp-block-paragraph\">\u201cera Dios\u201d<\/p>\n<\/blockquote>\n\n\n\n<p class=\"wp-block-paragraph\">permite divinidad.<\/p>\n\n\n\n<p class=\"wp-block-paragraph\">El patr\u00f3n resulta sorprendentemente semejante al que la interpretaci\u00f3n cristiana encuentra en el \u00c1ngel de Yahv\u00e9:<\/p>\n\n\n\n<blockquote class=\"wp-block-quote is-layout-flow wp-block-quote-is-layout-flow\">\n<p class=\"wp-block-paragraph\"><strong>distinguido de Yahv\u00e9<\/strong><\/p>\n<\/blockquote>\n\n\n\n<p class=\"wp-block-paragraph\">pero:<\/p>\n\n\n\n<blockquote class=\"wp-block-quote is-layout-flow wp-block-quote-is-layout-flow\">\n<p class=\"wp-block-paragraph\"><strong>identificado con Dios.<\/strong><\/p>\n<\/blockquote>\n\n\n\n<p class=\"wp-block-paragraph\">Tertuliano considera que ambas clases de textos participan de una misma l\u00f3gica revelacional.<\/p>\n\n\n\n<p class=\"wp-block-paragraph\">Lo que en el Antiguo Testamento aparec\u00eda mediante narraciones y teofan\u00edas se expresa en el Nuevo mediante una cristolog\u00eda m\u00e1s expl\u00edcita.<\/p>\n\n\n\n<h2 id=\"subordinacionismo\" class=\"wp-block-heading\">\u00bfSubordinacionismo?<\/h2>\n\n\n\n<p class=\"wp-block-paragraph\">Aqu\u00ed debemos introducir una importante cuesti\u00f3n hist\u00f3rica.<\/p>\n\n\n\n<p class=\"wp-block-paragraph\">Tertuliano utiliza ocasionalmente un lenguaje de orden seg\u00fan el cual el Padre ocupa la posici\u00f3n de fuente y el Hijo procede de \u00e9l.<\/p>\n\n\n\n<p class=\"wp-block-paragraph\">Lectores posteriores pueden considerar algunas de sus expresiones \u201csubordinacionistas\u201d.<\/p>\n\n\n\n<p class=\"wp-block-paragraph\">Pero debemos manejar esta categor\u00eda con cuidado.<\/p>\n\n\n\n<p class=\"wp-block-paragraph\">El subordinacionismo del per\u00edodo preniceno no equivale necesariamente al arrianismo posterior.<\/p>\n\n\n\n<p class=\"wp-block-paragraph\">Afirmar un <strong>orden de origen o misi\u00f3n<\/strong> no significa necesariamente afirmar que el Hijo sea una criatura o posea naturaleza diferente de Dios.<\/p>\n\n\n\n<p class=\"wp-block-paragraph\">Tertuliano intenta, precisamente, mantener al Hijo dentro de la \u00fanica <em>substantia<\/em> divina.<\/p>\n\n\n\n<p class=\"wp-block-paragraph\">El vocabulario todav\u00eda no est\u00e1 completamente estabilizado.<\/p>\n\n\n\n<p class=\"wp-block-paragraph\"><strong>Geoffrey D. Dunn<\/strong> ha destacado la necesidad de interpretar <em>Adversus Praxean<\/em> dentro de su contexto pol\u00e9mico espec\u00edfico y no simplemente medir cada expresi\u00f3n con terminolog\u00eda nicena posterior.<sup data-fn=\"1009c250-dee7-4570-8b9d-f4e0650ca1ac\" class=\"fn\"><a href=\"#1009c250-dee7-4570-8b9d-f4e0650ca1ac\" id=\"1009c250-dee7-4570-8b9d-f4e0650ca1ac-link\">125<\/a><\/sup><\/p>\n\n\n\n<p class=\"wp-block-paragraph\">Este principio metodol\u00f3gico es indispensable.<\/p>\n\n\n\n<h2 id=\"una-posible-dificultad-si-el-hijo-es-visible-es-inferior\" class=\"wp-block-heading\">Una posible dificultad: \u00bfsi el Hijo es visible, es inferior?<\/h2>\n\n\n\n<p class=\"wp-block-paragraph\">La cristolog\u00eda de las teofan\u00edas presenta un problema potencial.<\/p>\n\n\n\n<p class=\"wp-block-paragraph\">Si el Padre permanece invisible y el Hijo aparece, podr\u00eda parecer que el Hijo es por naturaleza m\u00e1s limitado o inferior.<\/p>\n\n\n\n<p class=\"wp-block-paragraph\">Algunos desarrollos teol\u00f3gicos posteriores precisamente cuestionar\u00e1n esta asociaci\u00f3n demasiado r\u00edgida:<\/p>\n\n\n\n<blockquote class=\"wp-block-quote is-layout-flow wp-block-quote-is-layout-flow\">\n<p class=\"wp-block-paragraph\">Padre = siempre invisible<br>Hijo = siempre visible.<\/p>\n<\/blockquote>\n\n\n\n<p class=\"wp-block-paragraph\">La teolog\u00eda nicena y postnicena tender\u00e1 a insistir con mayor fuerza en que Padre, Hijo y Esp\u00edritu comparten la misma naturaleza divina invisible.<\/p>\n\n\n\n<p class=\"wp-block-paragraph\">Las teofan\u00edas podr\u00e1n entonces ser interpretadas como manifestaciones econ\u00f3micas sin suponer que el Hijo sea ontol\u00f3gicamente \u201cm\u00e1s visible\u201d que el Padre.<\/p>\n\n\n\n<p class=\"wp-block-paragraph\">Este cambio ser\u00e1 importante cuando posteriormente lleguemos a <strong>Agust\u00edn<\/strong>.<\/p>\n\n\n\n<p class=\"wp-block-paragraph\">Por ahora, Tertuliano todav\u00eda se encuentra en una tradici\u00f3n donde las apariciones veterotestamentarias son frecuentemente asignadas espec\u00edficamente al Hijo.<\/p>\n\n\n\n<h2 id=\"el-angel-y-la-distincion-personal\" class=\"wp-block-heading\">El \u00c1ngel y la distinci\u00f3n personal<\/h2>\n\n\n\n<p class=\"wp-block-paragraph\">Desde la perspectiva de nuestro estudio, el valor principal de Tertuliano reside en que convierte una observaci\u00f3n exeg\u00e9tica en argumento trinitario.<\/p>\n\n\n\n<p class=\"wp-block-paragraph\">Hab\u00edamos observado:<\/p>\n\n\n\n<blockquote class=\"wp-block-quote is-layout-flow wp-block-quote-is-layout-flow\">\n<p class=\"wp-block-paragraph\">Yahv\u00e9 env\u00eda al \u00c1ngel.<\/p>\n<\/blockquote>\n\n\n\n<p class=\"wp-block-paragraph\">Tertuliano ve:<\/p>\n\n\n\n<blockquote class=\"wp-block-quote is-layout-flow wp-block-quote-is-layout-flow\">\n<p class=\"wp-block-paragraph\"><strong>el Padre env\u00eda al Hijo.<\/strong><\/p>\n<\/blockquote>\n\n\n\n<p class=\"wp-block-paragraph\">Hab\u00edamos observado:<\/p>\n\n\n\n<blockquote class=\"wp-block-quote is-layout-flow wp-block-quote-is-layout-flow\">\n<p class=\"wp-block-paragraph\">el \u00c1ngel puede hablar como Dios.<\/p>\n<\/blockquote>\n\n\n\n<p class=\"wp-block-paragraph\">Tertuliano interpreta:<\/p>\n\n\n\n<blockquote class=\"wp-block-quote is-layout-flow wp-block-quote-is-layout-flow\">\n<p class=\"wp-block-paragraph\"><strong>el Hijo posee divinidad.<\/strong><\/p>\n<\/blockquote>\n\n\n\n<p class=\"wp-block-paragraph\">Hab\u00edamos observado:<\/p>\n\n\n\n<blockquote class=\"wp-block-quote is-layout-flow wp-block-quote-is-layout-flow\">\n<p class=\"wp-block-paragraph\">el \u00c1ngel puede distinguirse de Yahv\u00e9.<\/p>\n<\/blockquote>\n\n\n\n<p class=\"wp-block-paragraph\">Tertuliano concluye:<\/p>\n\n\n\n<blockquote class=\"wp-block-quote is-layout-flow wp-block-quote-is-layout-flow\">\n<p class=\"wp-block-paragraph\"><strong>el Hijo es personalmente distinto del Padre.<\/strong><\/p>\n<\/blockquote>\n\n\n\n<p class=\"wp-block-paragraph\">Hab\u00edamos observado:<\/p>\n\n\n\n<blockquote class=\"wp-block-quote is-layout-flow wp-block-quote-is-layout-flow\">\n<p class=\"wp-block-paragraph\">no existe culto independiente al \u00c1ngel.<\/p>\n<\/blockquote>\n\n\n\n<p class=\"wp-block-paragraph\">Tertuliano mantiene:<\/p>\n\n\n\n<blockquote class=\"wp-block-quote is-layout-flow wp-block-quote-is-layout-flow\">\n<p class=\"wp-block-paragraph\"><strong>no existen dos dioses<\/strong>, sino una \u00fanica realidad divina ordenada seg\u00fan la econom\u00eda.<\/p>\n<\/blockquote>\n\n\n\n<p class=\"wp-block-paragraph\">La correspondencia explica por qu\u00e9 las apariciones del \u00c1ngel resultaron tan \u00fatiles dentro de la pol\u00e9mica antimodalista.<\/p>\n\n\n\n<h2 id=\"una-diferencia-respecto-de-la-exegesis-judia\" class=\"wp-block-heading\">Una diferencia respecto de la ex\u00e9gesis jud\u00eda<\/h2>\n\n\n\n<p class=\"wp-block-paragraph\">Aqu\u00ed podemos formular con mayor precisi\u00f3n la divergencia.<\/p>\n\n\n\n<p class=\"wp-block-paragraph\">La ex\u00e9gesis jud\u00eda pod\u00eda leer:<\/p>\n\n\n\n<blockquote class=\"wp-block-quote is-layout-flow wp-block-quote-is-layout-flow\">\n<p class=\"wp-block-paragraph\">\u201cmi nombre est\u00e1 en \u00e9l\u201d (<a href=\"https:\/\/biblia.com\/bible\/rvr60\/Ex23.21\">Ex 23:21<\/a>)<\/p>\n<\/blockquote>\n\n\n\n<p class=\"wp-block-paragraph\">como:<\/p>\n\n\n\n<blockquote class=\"wp-block-quote is-layout-flow wp-block-quote-is-layout-flow\">\n<p class=\"wp-block-paragraph\"><strong>delegaci\u00f3n de autoridad.<\/strong><\/p>\n<\/blockquote>\n\n\n\n<p class=\"wp-block-paragraph\">Tertuliano pod\u00eda leer la misma expresi\u00f3n como coherente con:<\/p>\n\n\n\n<blockquote class=\"wp-block-quote is-layout-flow wp-block-quote-is-layout-flow\">\n<p class=\"wp-block-paragraph\"><strong>participaci\u00f3n del Hijo en la realidad divina.<\/strong><\/p>\n<\/blockquote>\n\n\n\n<p class=\"wp-block-paragraph\">La diferencia no est\u00e1 en reconocer o no que el personaje es enviado.<\/p>\n\n\n\n<p class=\"wp-block-paragraph\">Ambas tradiciones lo reconocen.<\/p>\n\n\n\n<p class=\"wp-block-paragraph\">La diferencia est\u00e1 en determinar <strong>qui\u00e9n puede ser el enviado<\/strong>.<\/p>\n\n\n\n<p class=\"wp-block-paragraph\">Para el juda\u00edsmo rab\u00ednico:<\/p>\n\n\n\n<blockquote class=\"wp-block-quote is-layout-flow wp-block-quote-is-layout-flow\">\n<p class=\"wp-block-paragraph\">un ser creado extraordinariamente exaltado.<\/p>\n<\/blockquote>\n\n\n\n<p class=\"wp-block-paragraph\">Para Tertuliano:<\/p>\n\n\n\n<blockquote class=\"wp-block-quote is-layout-flow wp-block-quote-is-layout-flow\">\n<p class=\"wp-block-paragraph\">el Logos divino.<\/p>\n<\/blockquote>\n\n\n\n<p class=\"wp-block-paragraph\">La cuesti\u00f3n hermen\u00e9utica consiste entonces en preguntar cu\u00e1l de los dos modelos explica mejor la totalidad de los datos.<\/p>\n\n\n\n<h2 id=\"las-teofanias-y-la-regla-de-fe\" class=\"wp-block-heading\">Las teofan\u00edas y la regla de fe<\/h2>\n\n\n\n<p class=\"wp-block-paragraph\">Tertuliano no interpreta estos textos en aislamiento.<\/p>\n\n\n\n<p class=\"wp-block-paragraph\">Los lee dentro de la <strong>regula fidei<\/strong>, la \u201cregla de fe\u201d cristiana.<\/p>\n\n\n\n<p class=\"wp-block-paragraph\">Esto significa que su ex\u00e9gesis est\u00e1 ya informada por convicciones acerca de:<\/p>\n\n\n\n<p class=\"wp-block-paragraph\">el Padre,<br>Jesucristo,<br>el Esp\u00edritu Santo,<br>la encarnaci\u00f3n,<br>la pasi\u00f3n<br>y la resurrecci\u00f3n.<\/p>\n\n\n\n<p class=\"wp-block-paragraph\">Desde una perspectiva hist\u00f3rica moderna, esto significa que su lectura no puede presentarse simplemente como \u201cel sentido original obvio\u201d de G\u00e9nesis o \u00c9xodo.<\/p>\n\n\n\n<p class=\"wp-block-paragraph\">Es una <strong>lectura eclesial y can\u00f3nica<\/strong>.<\/p>\n\n\n\n<p class=\"wp-block-paragraph\">Pero precisamente por eso resulta hist\u00f3ricamente importante.<\/p>\n\n\n\n<p class=\"wp-block-paragraph\">Muestra c\u00f3mo las primeras comunidades intelectuales cristianas integraron las Escrituras de Israel dentro de una confesi\u00f3n trinitaria emergente.<\/p>\n\n\n\n<h2 id=\"de-tertuliano-a-origenes\" class=\"wp-block-heading\">De Tertuliano a Or\u00edgenes<\/h2>\n\n\n\n<p class=\"wp-block-paragraph\">La interpretaci\u00f3n de Tertuliano representa una etapa importante, pero el pensamiento cristiano del siglo III continuar\u00e1 desarroll\u00e1ndose.<\/p>\n\n\n\n<p class=\"wp-block-paragraph\">Con <strong>Or\u00edgenes de Alejandr\u00eda<\/strong>, la discusi\u00f3n adquirir\u00e1 un car\u00e1cter diferente.<\/p>\n\n\n\n<p class=\"wp-block-paragraph\">Or\u00edgenes compartir\u00e1 la convicci\u00f3n de que el Logos exist\u00eda antes de la encarnaci\u00f3n y participaba en la revelaci\u00f3n veterotestamentaria.<\/p>\n\n\n\n<p class=\"wp-block-paragraph\">Pero su hermen\u00e9utica ser\u00e1 mucho m\u00e1s compleja.<\/p>\n\n\n\n<p class=\"wp-block-paragraph\">Distinguir\u00e1 diferentes niveles de sentido:<\/p>\n\n\n\n<blockquote class=\"wp-block-quote is-layout-flow wp-block-quote-is-layout-flow\">\n<p class=\"wp-block-paragraph\">literal,<br>moral,<br>espiritual.<\/p>\n<\/blockquote>\n\n\n\n<p class=\"wp-block-paragraph\">Adem\u00e1s, desarrollar\u00e1 una doctrina de la generaci\u00f3n eterna del Hijo que tendr\u00e1 enorme influencia posterior.<\/p>\n\n\n\n<p class=\"wp-block-paragraph\">La cuesti\u00f3n de las teofan\u00edas dejar\u00e1 entonces de ser \u00fanicamente:<\/p>\n\n\n\n<blockquote class=\"wp-block-quote is-layout-flow wp-block-quote-is-layout-flow\">\n<p class=\"wp-block-paragraph\">\u201c\u00bfQui\u00e9n apareci\u00f3?\u201d<\/p>\n<\/blockquote>\n\n\n\n<p class=\"wp-block-paragraph\">y se integrar\u00e1 dentro de una reflexi\u00f3n m\u00e1s amplia acerca de:<\/p>\n\n\n\n<blockquote class=\"wp-block-quote is-layout-flow wp-block-quote-is-layout-flow\">\n<p class=\"wp-block-paragraph\"><strong>c\u00f3mo el Logos eterno educa progresivamente a las almas y revela al Padre a lo largo de toda la Escritura.<\/strong><\/p>\n<\/blockquote>\n\n\n\n<h2 id=\"sintesis-la-contribucion-de-tertuliano\" class=\"wp-block-heading\">S\u00edntesis: la contribuci\u00f3n de Tertuliano<\/h2>\n\n\n\n<p class=\"wp-block-paragraph\">Tertuliano aporta as\u00ed un nuevo nivel a la historia de interpretaci\u00f3n del \u00c1ngel de Yahv\u00e9.<\/p>\n\n\n\n<p class=\"wp-block-paragraph\">Justino hab\u00eda afirmado:<\/p>\n\n\n\n<blockquote class=\"wp-block-quote is-layout-flow wp-block-quote-is-layout-flow\">\n<p class=\"wp-block-paragraph\"><strong>el \u00c1ngel es el Logos preencarnado.<\/strong><\/p>\n<\/blockquote>\n\n\n\n<p class=\"wp-block-paragraph\">Ireneo hab\u00eda integrado esa presencia dentro de:<\/p>\n\n\n\n<blockquote class=\"wp-block-quote is-layout-flow wp-block-quote-is-layout-flow\">\n<p class=\"wp-block-paragraph\"><strong>la econom\u00eda hist\u00f3rica del Verbo.<\/strong><\/p>\n<\/blockquote>\n\n\n\n<p class=\"wp-block-paragraph\">Tertuliano utiliza ahora la misma tradici\u00f3n para sostener:<\/p>\n\n\n\n<blockquote class=\"wp-block-quote is-layout-flow wp-block-quote-is-layout-flow\">\n<p class=\"wp-block-paragraph\"><strong>la distinci\u00f3n real entre Padre e Hijo dentro de la unidad divina.<\/strong><\/p>\n<\/blockquote>\n\n\n\n<p class=\"wp-block-paragraph\">La figura del \u00c1ngel se convierte as\u00ed en un elemento de la controversia trinitaria.<\/p>\n\n\n\n<p class=\"wp-block-paragraph\">Su car\u00e1cter de <strong>enviado<\/strong> sirve para demostrar distinci\u00f3n.<\/p>\n\n\n\n<p class=\"wp-block-paragraph\">Su capacidad para ser llamado <strong>Dios<\/strong> sirve para defender divinidad.<\/p>\n\n\n\n<p class=\"wp-block-paragraph\">Su integraci\u00f3n dentro de la \u00fanica obra de Yahv\u00e9 permite preservar unidad.<\/p>\n\n\n\n<p class=\"wp-block-paragraph\">Este modelo explicaba para Tertuliano precisamente la paradoja que hab\u00edamos observado desde G\u00e9nesis:<\/p>\n\n\n\n<blockquote class=\"wp-block-quote is-layout-flow wp-block-quote-is-layout-flow\">\n<p class=\"wp-block-paragraph\"><strong>distinto, pero no separado;<br>enviado, pero divino;<br>relacionado con Yahv\u00e9, pero no otro dios independiente.<\/strong><\/p>\n<\/blockquote>\n\n\n\n<p class=\"wp-block-paragraph\">Desde el punto de vista hist\u00f3rico, estamos ya muy lejos de una simple cuesti\u00f3n de angelolog\u00eda.<\/p>\n\n\n\n<p class=\"wp-block-paragraph\">El misterioso <em>mal\u02beakh YHWH<\/em> ha entrado en el coraz\u00f3n mismo de la reflexi\u00f3n cristiana acerca de <strong>qui\u00e9n es Dios y c\u00f3mo Padre e Hijo pueden ser distintos sin dejar de ser uno<\/strong>.<\/p>\n\n\n\n<h1 id=\"origenes-de-alejandria-el-logos-eterno-las-teofanias-y-la-revelacion-progresiva-de-dios\" class=\"wp-block-heading\">Or\u00edgenes de Alejandr\u00eda: el Logos eterno, las teofan\u00edas y la revelaci\u00f3n progresiva de Dios<\/h1>\n\n\n\n<p class=\"wp-block-paragraph\">Con <strong>Or\u00edgenes de Alejandr\u00eda<\/strong> (ca. 185\u2013253\/254) entramos en una nueva etapa de la interpretaci\u00f3n cristiana del \u00c1ngel de Yahv\u00e9. La tradici\u00f3n que hemos seguido desde Justino M\u00e1rtir contin\u00faa presente: el Logos existe antes de la encarnaci\u00f3n, participa activamente en la historia de Israel y hace posible el conocimiento del Dios invisible. Sin embargo, Or\u00edgenes introduce estas convicciones dentro de un sistema teol\u00f3gico y hermen\u00e9utico considerablemente m\u00e1s elaborado.<\/p>\n\n\n\n<p class=\"wp-block-paragraph\">La pregunta ya no consiste solamente en identificar qui\u00e9n apareci\u00f3 a Abraham, Jacob o Mois\u00e9s. Or\u00edgenes se interesa por una cuesti\u00f3n m\u00e1s amplia:<\/p>\n\n\n\n<blockquote class=\"wp-block-quote is-layout-flow wp-block-quote-is-layout-flow\">\n<p class=\"wp-block-paragraph\"><strong>\u00bfc\u00f3mo puede el Dios trascendente e incorp\u00f3reo darse a conocer a criaturas limitadas?<\/strong><\/p>\n<\/blockquote>\n\n\n\n<p class=\"wp-block-paragraph\">La respuesta vuelve a situar al <strong>Logos<\/strong> en el centro.<\/p>\n\n\n\n<p class=\"wp-block-paragraph\">El Hijo es mediador de creaci\u00f3n, conocimiento y revelaci\u00f3n. Por ello, las manifestaciones veterotestamentarias deben entenderse dentro de la actividad reveladora del mismo Logos que posteriormente:<\/p>\n\n\n\n<blockquote class=\"wp-block-quote is-layout-flow wp-block-quote-is-layout-flow\">\n<p class=\"wp-block-paragraph\">\u201cfue hecho carne, y habit\u00f3 entre nosotros\u201d (<a href=\"https:\/\/biblia.com\/bible\/rvr60\/Jn1.14\">Jn 1:14<\/a>).<\/p>\n<\/blockquote>\n\n\n\n<p class=\"wp-block-paragraph\">Pero Or\u00edgenes introduce una precisi\u00f3n fundamental: Dios no debe imaginarse como un ser corporal que literalmente cambia de lugar, adopta temporalmente un cuerpo humano o queda contenido f\u00edsicamente en una zarza.<\/p>\n\n\n\n<p class=\"wp-block-paragraph\">La teofan\u00eda debe interpretarse de acuerdo con la <strong>incorporeidad y trascendencia de Dios<\/strong>.<\/p>\n\n\n\n<p class=\"wp-block-paragraph\">Esta preocupaci\u00f3n modificar\u00e1 profundamente la manera de comprender las apariciones divinas.<\/p>\n\n\n\n<h2 id=\"el-dios-invisible-y-el-problema-de-las-teofanias\" class=\"wp-block-heading\">El Dios invisible y el problema de las teofan\u00edas<\/h2>\n\n\n\n<p class=\"wp-block-paragraph\">El punto de partida de Or\u00edgenes puede expresarse mediante una tensi\u00f3n b\u00edblica que ya conocemos.<\/p>\n\n\n\n<p class=\"wp-block-paragraph\">Por un lado:<\/p>\n\n\n\n<blockquote class=\"wp-block-quote is-layout-flow wp-block-quote-is-layout-flow\">\n<p class=\"wp-block-paragraph\">\u201cA Dios nadie le vio jam\u00e1s\u201d (<a href=\"https:\/\/biblia.com\/bible\/rvr60\/Jn1.18\">Jn 1:18<\/a>).<\/p>\n<\/blockquote>\n\n\n\n<p class=\"wp-block-paragraph\">Jes\u00fas declara adem\u00e1s:<\/p>\n\n\n\n<blockquote class=\"wp-block-quote is-layout-flow wp-block-quote-is-layout-flow\">\n<p class=\"wp-block-paragraph\">\u201cNo que alguno haya visto al Padre\u201d (<a href=\"https:\/\/biblia.com\/bible\/rvr60\/Jn6.46\">Jn 6:46<\/a>).<\/p>\n<\/blockquote>\n\n\n\n<p class=\"wp-block-paragraph\">Pablo describe a Dios como:<\/p>\n\n\n\n<blockquote class=\"wp-block-quote is-layout-flow wp-block-quote-is-layout-flow\">\n<p class=\"wp-block-paragraph\">\u201cel Dios invisible\u201d (<a href=\"https:\/\/biblia.com\/bible\/rvr60\/Col1.15\">Col 1:15<\/a>),<\/p>\n<\/blockquote>\n\n\n\n<p class=\"wp-block-paragraph\">y como aquel:<\/p>\n\n\n\n<blockquote class=\"wp-block-quote is-layout-flow wp-block-quote-is-layout-flow\">\n<p class=\"wp-block-paragraph\">\u201ca quien ninguno de los hombres ha visto ni puede ver\u201d (<a href=\"https:\/\/biblia.com\/bible\/rvr60\/1Ti6.16\">1 Ti 6:16<\/a>).<\/p>\n<\/blockquote>\n\n\n\n<p class=\"wp-block-paragraph\">Pero, por otro lado, el Antiguo Testamento contiene afirmaciones extraordinariamente concretas.<\/p>\n\n\n\n<p class=\"wp-block-paragraph\">Jacob dice:<\/p>\n\n\n\n<blockquote class=\"wp-block-quote is-layout-flow wp-block-quote-is-layout-flow\">\n<p class=\"wp-block-paragraph\">\u201cVi a Dios cara a cara\u201d (<a href=\"https:\/\/biblia.com\/bible\/rvr60\/Ge32.30\">Gn 32:30<\/a>).<\/p>\n<\/blockquote>\n\n\n\n<p class=\"wp-block-paragraph\">Isa\u00edas declara:<\/p>\n\n\n\n<blockquote class=\"wp-block-quote is-layout-flow wp-block-quote-is-layout-flow\">\n<p class=\"wp-block-paragraph\">\u201chan visto mis ojos al Rey, Jehov\u00e1 de los ej\u00e9rcitos\u201d (<a href=\"https:\/\/biblia.com\/bible\/rvr60\/Is6.5\">Is 6:5<\/a>).<\/p>\n<\/blockquote>\n\n\n\n<p class=\"wp-block-paragraph\">Mois\u00e9s contempla una manifestaci\u00f3n divina en la zarza (<a href=\"https:\/\/biblia.com\/bible\/rvr60\/Ex3.2-6\">Ex 3:2\u20136<\/a>).<\/p>\n\n\n\n<p class=\"wp-block-paragraph\">Y Manoa exclama:<\/p>\n\n\n\n<blockquote class=\"wp-block-quote is-layout-flow wp-block-quote-is-layout-flow\">\n<p class=\"wp-block-paragraph\">\u201cCiertamente moriremos, porque a Dios hemos visto\u201d (<a href=\"https:\/\/biblia.com\/bible\/rvr60\/Jdg13.22\">Jue 13:22<\/a>).<\/p>\n<\/blockquote>\n\n\n\n<p class=\"wp-block-paragraph\">\u00bfC\u00f3mo pueden mantenerse ambas clases de afirmaciones?<\/p>\n\n\n\n<p class=\"wp-block-paragraph\">La tradici\u00f3n anterior hab\u00eda respondido frecuentemente:<\/p>\n\n\n\n<blockquote class=\"wp-block-quote is-layout-flow wp-block-quote-is-layout-flow\">\n<p class=\"wp-block-paragraph\"><strong>el Padre es invisible; quien aparece es el Hijo.<\/strong><\/p>\n<\/blockquote>\n\n\n\n<p class=\"wp-block-paragraph\">Or\u00edgenes acepta el papel mediador del Logos, pero desarrolla todav\u00eda m\u00e1s la cuesti\u00f3n.<\/p>\n\n\n\n<p class=\"wp-block-paragraph\">El problema no consiste solamente en determinar <strong>qu\u00e9 persona divina<\/strong> aparece.<\/p>\n\n\n\n<p class=\"wp-block-paragraph\">Tambi\u00e9n hay que preguntarse:<\/p>\n\n\n\n<blockquote class=\"wp-block-quote is-layout-flow wp-block-quote-is-layout-flow\">\n<p class=\"wp-block-paragraph\"><strong>\u00bfqu\u00e9 significa realmente \u201cver a Dios\u201d?<\/strong><\/p>\n<\/blockquote>\n\n\n\n<h2 id=\"ver-a-dios-no-significa-necesariamente-vision-corporal\" class=\"wp-block-heading\">Ver a Dios no significa necesariamente visi\u00f3n corporal<\/h2>\n\n\n\n<p class=\"wp-block-paragraph\">Para Or\u00edgenes, las Escrituras utilizan frecuentemente lenguaje corporal para expresar realidades espirituales.<\/p>\n\n\n\n<p class=\"wp-block-paragraph\">Dios posee:<\/p>\n\n\n\n<p class=\"wp-block-paragraph\">\u201crostro\u201d,<br>\u201cmanos\u201d,<br>\u201cojos\u201d,<br>\u201cboca\u201d,<br>\u201cbrazos\u201d.<\/p>\n\n\n\n<p class=\"wp-block-paragraph\">Pero Or\u00edgenes rechaza que tales expresiones deban entenderse como descripciones anat\u00f3micas de Dios.<\/p>\n\n\n\n<p class=\"wp-block-paragraph\">Cuando <a href=\"https:\/\/biblia.com\/bible\/rvr60\/Ex33.23\">\u00c9xodo 33:23<\/a> habla de las \u201cespaldas\u201d de Dios, por ejemplo, no debemos imaginar un cuerpo divino gigantesco.<\/p>\n\n\n\n<p class=\"wp-block-paragraph\">La Escritura adapta su lenguaje a la capacidad humana.<\/p>\n\n\n\n<p class=\"wp-block-paragraph\">Este principio resulta fundamental para interpretar las teofan\u00edas.<\/p>\n\n\n\n<p class=\"wp-block-paragraph\">Cuando un personaje b\u00edblico \u201cve\u201d a Dios, la experiencia puede implicar una <strong>manifestaci\u00f3n acomodada<\/strong> a la capacidad del receptor.<\/p>\n\n\n\n<p class=\"wp-block-paragraph\">Esto introduce una categor\u00eda que tendr\u00e1 enorme importancia en la teolog\u00eda posterior:<\/p>\n\n\n\n<blockquote class=\"wp-block-quote is-layout-flow wp-block-quote-is-layout-flow\">\n<p class=\"wp-block-paragraph\"><strong>acomodaci\u00f3n divina.<\/strong><\/p>\n<\/blockquote>\n\n\n\n<p class=\"wp-block-paragraph\">Dios se hace perceptible sin dejar de ser trascendente.<sup data-fn=\"77401adb-a3fe-467d-b713-b56b1bc0dd94\" class=\"fn\"><a href=\"#77401adb-a3fe-467d-b713-b56b1bc0dd94\" id=\"77401adb-a3fe-467d-b713-b56b1bc0dd94-link\">126<\/a><\/sup><\/p>\n\n\n\n<h2 id=\"el-logos-como-mediador-del-conocimiento-de-dios\" class=\"wp-block-heading\">El Logos como mediador del conocimiento de Dios<\/h2>\n\n\n\n<p class=\"wp-block-paragraph\">Aqu\u00ed reaparece el Logos.<\/p>\n\n\n\n<p class=\"wp-block-paragraph\">Seg\u00fan Or\u00edgenes, el Padre es conocido mediante el Hijo.<\/p>\n\n\n\n<p class=\"wp-block-paragraph\">Esta convicci\u00f3n se apoya especialmente en:<\/p>\n\n\n\n<blockquote class=\"wp-block-quote is-layout-flow wp-block-quote-is-layout-flow\">\n<p class=\"wp-block-paragraph\">\u201cNadie conoce al Hijo, sino el Padre, ni al Padre conoce alguno, sino el Hijo, y aquel a quien el Hijo lo quiera revelar\u201d (<a href=\"https:\/\/biblia.com\/bible\/rvr60\/Mt11.27\">Mt 11:27<\/a>).<\/p>\n<\/blockquote>\n\n\n\n<p class=\"wp-block-paragraph\">Y en:<\/p>\n\n\n\n<blockquote class=\"wp-block-quote is-layout-flow wp-block-quote-is-layout-flow\">\n<p class=\"wp-block-paragraph\">\u201cel unig\u00e9nito Hijo [&#8230;] \u00e9l le ha dado a conocer\u201d (<a href=\"https:\/\/biblia.com\/bible\/rvr60\/Jn1.18\">Jn 1:18<\/a>).<\/p>\n<\/blockquote>\n\n\n\n<p class=\"wp-block-paragraph\">Por tanto, la funci\u00f3n reveladora de Cristo no comienza en la encarnaci\u00f3n.<\/p>\n\n\n\n<p class=\"wp-block-paragraph\">El Logos ha estado revelando al Padre desde el principio.<\/p>\n\n\n\n<p class=\"wp-block-paragraph\">Esto significa que cuando los patriarcas reciben verdadero conocimiento de Dios, ese conocimiento puede ser interpretado cristol\u00f3gicamente como mediado por el Logos.<\/p>\n\n\n\n<p class=\"wp-block-paragraph\"><strong>Henri Crouzel<\/strong>, uno de los estudiosos modernos m\u00e1s importantes de Or\u00edgenes, subray\u00f3 precisamente la centralidad de Cristo\/Logos en la estructura de su pensamiento y la necesidad de comprender su cristolog\u00eda dentro de una teolog\u00eda de conocimiento, mediaci\u00f3n y contemplaci\u00f3n.<sup data-fn=\"07531522-b50e-4d33-aadb-12eb016a4c6b\" class=\"fn\"><a href=\"#07531522-b50e-4d33-aadb-12eb016a4c6b\" id=\"07531522-b50e-4d33-aadb-12eb016a4c6b-link\">127<\/a><\/sup><\/p>\n\n\n\n<h2 id=\"la-generacion-eterna-del-hijo\" class=\"wp-block-heading\">La generaci\u00f3n eterna del Hijo<\/h2>\n\n\n\n<p class=\"wp-block-paragraph\">Aqu\u00ed encontramos una de las contribuciones m\u00e1s importantes de Or\u00edgenes al desarrollo de la cristolog\u00eda.<\/p>\n\n\n\n<p class=\"wp-block-paragraph\">El Logos no comienza a existir en alg\u00fan momento anterior a la creaci\u00f3n.<\/p>\n\n\n\n<p class=\"wp-block-paragraph\">El Padre nunca estuvo sin su Sabidur\u00eda.<\/p>\n\n\n\n<p class=\"wp-block-paragraph\">Nunca estuvo sin su Palabra.<\/p>\n\n\n\n<p class=\"wp-block-paragraph\">Por tanto, la relaci\u00f3n Padre-Hijo no debe concebirse como un acontecimiento temporal.<\/p>\n\n\n\n<p class=\"wp-block-paragraph\">Or\u00edgenes desarrolla as\u00ed una doctrina que posteriormente ser\u00e1 conocida como:<\/p>\n\n\n\n<blockquote class=\"wp-block-quote is-layout-flow wp-block-quote-is-layout-flow\">\n<p class=\"wp-block-paragraph\"><strong>generaci\u00f3n eterna del Hijo.<\/strong><\/p>\n<\/blockquote>\n\n\n\n<p class=\"wp-block-paragraph\">Esta idea posee enorme importancia para nuestro estudio.<\/p>\n\n\n\n<p class=\"wp-block-paragraph\">Si el Logos que aparece o act\u00faa en el Antiguo Testamento es el Hijo, no estamos hablando de un ser celestial creado antes del mundo y posteriormente enviado.<\/p>\n\n\n\n<p class=\"wp-block-paragraph\">Estamos hablando de aquel cuya relaci\u00f3n con el Padre precede a todo tiempo creado.<sup data-fn=\"f1777319-1480-4cbb-ad6c-262083fab827\" class=\"fn\"><a href=\"#f1777319-1480-4cbb-ad6c-262083fab827\" id=\"f1777319-1480-4cbb-ad6c-262083fab827-link\">128<\/a><\/sup><\/p>\n\n\n\n<p class=\"wp-block-paragraph\">En <em>De principiis<\/em> (<em>Sobre los principios<\/em>), Or\u00edgenes desarrolla precisamente esta relaci\u00f3n eterna entre Padre y Sabidur\u00eda\/Logos.<sup data-fn=\"9362370f-155f-4761-a366-53524fee2517\" class=\"fn\"><a href=\"#9362370f-155f-4761-a366-53524fee2517\" id=\"9362370f-155f-4761-a366-53524fee2517-link\">129<\/a><\/sup><\/p>\n\n\n\n<p class=\"wp-block-paragraph\">Esto representa un avance conceptual considerable respecto de una interpretaci\u00f3n meramente angelol\u00f3gica.<\/p>\n\n\n\n<p class=\"wp-block-paragraph\">El \u00c1ngel de Yahv\u00e9, si es identificado con el Logos, ya no puede entenderse simplemente como:<\/p>\n\n\n\n<blockquote class=\"wp-block-quote is-layout-flow wp-block-quote-is-layout-flow\">\n<p class=\"wp-block-paragraph\"><strong>un poderoso ser celestial preexistente.<\/strong><\/p>\n<\/blockquote>\n\n\n\n<p class=\"wp-block-paragraph\">Debe ser comprendido dentro de la relaci\u00f3n eterna entre Padre e Hijo.<\/p>\n\n\n\n<h2 id=\"angel-y-logos-en-origenes\" class=\"wp-block-heading\">\u201c\u00c1ngel\u201d y Logos en Or\u00edgenes<\/h2>\n\n\n\n<p class=\"wp-block-paragraph\">Sin embargo, Or\u00edgenes conserva la flexibilidad del t\u00e9rmino \u201c\u00e1ngel\u201d.<\/p>\n\n\n\n<p class=\"wp-block-paragraph\">Como vimos anteriormente:<\/p>\n\n\n\n<blockquote class=\"wp-block-quote is-layout-flow wp-block-quote-is-layout-flow\">\n<p class=\"wp-block-paragraph\">\u1f04\u03b3\u03b3\u03b5\u03bb\u03bf\u03c2<br><em>angelos<\/em><\/p>\n<\/blockquote>\n\n\n\n<p class=\"wp-block-paragraph\">significa fundamentalmente:<\/p>\n\n\n\n<blockquote class=\"wp-block-quote is-layout-flow wp-block-quote-is-layout-flow\">\n<p class=\"wp-block-paragraph\"><strong>mensajero.<\/strong><\/p>\n<\/blockquote>\n\n\n\n<p class=\"wp-block-paragraph\">Por tanto, un ser puede ser denominado \u201c\u00e1ngel\u201d por la funci\u00f3n que desempe\u00f1a.<\/p>\n\n\n\n<p class=\"wp-block-paragraph\">Esta distinci\u00f3n permite utilizar lenguaje angelol\u00f3gico para Cristo sin afirmar que el Logos pertenezca a la misma categor\u00eda ontol\u00f3gica que los \u00e1ngeles creados.<\/p>\n\n\n\n<p class=\"wp-block-paragraph\">La l\u00f3gica ser\u00eda:<\/p>\n\n\n\n<blockquote class=\"wp-block-quote is-layout-flow wp-block-quote-is-layout-flow\">\n<p class=\"wp-block-paragraph\">Cristo puede ser llamado <strong>mensajero<\/strong> porque revela la voluntad del Padre;<\/p>\n<\/blockquote>\n\n\n\n<p class=\"wp-block-paragraph\">pero:<\/p>\n\n\n\n<blockquote class=\"wp-block-quote is-layout-flow wp-block-quote-is-layout-flow\">\n<p class=\"wp-block-paragraph\">Cristo no es simplemente <strong>uno de los \u00e1ngeles<\/strong>.<\/p>\n<\/blockquote>\n\n\n\n<p class=\"wp-block-paragraph\">La diferencia resulta todav\u00eda m\u00e1s clara a la luz de:<\/p>\n\n\n\n<blockquote class=\"wp-block-quote is-layout-flow wp-block-quote-is-layout-flow\">\n<p class=\"wp-block-paragraph\">\u201c\u00bfA cu\u00e1l de los \u00e1ngeles dijo Dios jam\u00e1s: Mi Hijo eres t\u00fa?\u201d (<a href=\"https:\/\/biblia.com\/bible\/rvr60\/Heb1.5\">Heb 1:5<\/a>).<\/p>\n<\/blockquote>\n\n\n\n<p class=\"wp-block-paragraph\">Y:<\/p>\n\n\n\n<blockquote class=\"wp-block-quote is-layout-flow wp-block-quote-is-layout-flow\">\n<p class=\"wp-block-paragraph\">\u201c\u00bfA cu\u00e1l de los \u00e1ngeles dijo Dios jam\u00e1s: Si\u00e9ntate a mi diestra&#8230;?\u201d (<a href=\"https:\/\/biblia.com\/bible\/rvr60\/Heb1.13\">Heb 1:13<\/a>).<\/p>\n<\/blockquote>\n\n\n\n<p class=\"wp-block-paragraph\">Por ello, la identificaci\u00f3n patr\u00edstica entre Cristo y el \u00c1ngel de Yahv\u00e9 nunca deber\u00eda formularse simplemente como:<\/p>\n\n\n\n<blockquote class=\"wp-block-quote is-layout-flow wp-block-quote-is-layout-flow\">\n<p class=\"wp-block-paragraph\"><strong>\u201cJes\u00fas era un \u00e1ngel\u201d.<\/strong><\/p>\n<\/blockquote>\n\n\n\n<p class=\"wp-block-paragraph\">Eso ser\u00eda teol\u00f3gicamente impreciso.<\/p>\n\n\n\n<p class=\"wp-block-paragraph\">La afirmaci\u00f3n hist\u00f3rica es mucho m\u00e1s espec\u00edfica:<\/p>\n\n\n\n<blockquote class=\"wp-block-quote is-layout-flow wp-block-quote-is-layout-flow\">\n<p class=\"wp-block-paragraph\"><strong>determinados Padres interpretaron al \u201cmensajero de Yahv\u00e9\u201d como una manifestaci\u00f3n preencarnada del Logos divino.<\/strong><\/p>\n<\/blockquote>\n\n\n\n<h2 id=\"el-angel-de-la-zarza\" class=\"wp-block-heading\">El \u00c1ngel de la zarza<\/h2>\n\n\n\n<p class=\"wp-block-paragraph\">La escena de <a href=\"https:\/\/biblia.com\/bible\/rvr60\/Ex3\">\u00c9xodo 3<\/a> contin\u00faa siendo particularmente importante.<\/p>\n\n\n\n<p class=\"wp-block-paragraph\">El relato afirma:<\/p>\n\n\n\n<blockquote class=\"wp-block-quote is-layout-flow wp-block-quote-is-layout-flow\">\n<p class=\"wp-block-paragraph\">\u201cse le apareci\u00f3 el \u00c1ngel de Jehov\u00e1 en una llama de fuego en medio de una zarza\u201d (<a href=\"https:\/\/biblia.com\/bible\/rvr60\/Ex3.2\">Ex 3:2<\/a>).<\/p>\n<\/blockquote>\n\n\n\n<p class=\"wp-block-paragraph\">Despu\u00e9s:<\/p>\n\n\n\n<blockquote class=\"wp-block-quote is-layout-flow wp-block-quote-is-layout-flow\">\n<p class=\"wp-block-paragraph\">\u201clo llam\u00f3 Dios de en medio de la zarza\u201d (<a href=\"https:\/\/biblia.com\/bible\/rvr60\/Ex3.4\">Ex 3:4<\/a>).<\/p>\n<\/blockquote>\n\n\n\n<p class=\"wp-block-paragraph\">Y finalmente:<\/p>\n\n\n\n<blockquote class=\"wp-block-quote is-layout-flow wp-block-quote-is-layout-flow\">\n<p class=\"wp-block-paragraph\">\u201cYo soy el Dios de tu padre, Dios de Abraham, Dios de Isaac, y Dios de Jacob\u201d (<a href=\"https:\/\/biblia.com\/bible\/rvr60\/Ex3.6\">Ex 3:6<\/a>).<\/p>\n<\/blockquote>\n\n\n\n<p class=\"wp-block-paragraph\">Desde la perspectiva origeniana, el episodio no deber\u00eda llevarnos a imaginar que la esencia divina estaba f\u00edsicamente contenida dentro de una planta.<\/p>\n\n\n\n<p class=\"wp-block-paragraph\">La zarza pertenece a la <strong>forma de manifestaci\u00f3n<\/strong>.<\/p>\n\n\n\n<p class=\"wp-block-paragraph\">El contenido revelacional procede de Dios mediante su Logos.<\/p>\n\n\n\n<p class=\"wp-block-paragraph\">Esto permite conservar simult\u00e1neamente:<\/p>\n\n\n\n<p class=\"wp-block-paragraph\">la trascendencia divina,<br>la realidad de la revelaci\u00f3n,<br>y la mediaci\u00f3n del Hijo.<\/p>\n\n\n\n<h2 id=\"el-fuego-como-simbolo-de-presencia-divina\" class=\"wp-block-heading\">El fuego como s\u00edmbolo de presencia divina<\/h2>\n\n\n\n<p class=\"wp-block-paragraph\">El elemento del fuego merece atenci\u00f3n.<\/p>\n\n\n\n<p class=\"wp-block-paragraph\">Dios aparece frecuentemente asociado con fuego:<\/p>\n\n\n\n<p class=\"wp-block-paragraph\">la zarza (<a href=\"https:\/\/biblia.com\/bible\/rvr60\/Ex3.2\">Ex 3:2<\/a>);<\/p>\n\n\n\n<p class=\"wp-block-paragraph\">Sina\u00ed (<a href=\"https:\/\/biblia.com\/bible\/rvr60\/Ex19.18\">Ex 19:18<\/a>);<\/p>\n\n\n\n<p class=\"wp-block-paragraph\">la columna de fuego (<a href=\"https:\/\/biblia.com\/bible\/rvr60\/Ex13.21\">Ex 13:21<\/a>);<\/p>\n\n\n\n<p class=\"wp-block-paragraph\">la gloria divina (<a href=\"https:\/\/biblia.com\/bible\/rvr60\/Eze1.26-28\">Ez 1:26\u201328<\/a>).<\/p>\n\n\n\n<p class=\"wp-block-paragraph\">Pero el fuego no debe confundirse con la esencia de Dios.<\/p>\n\n\n\n<p class=\"wp-block-paragraph\">Es signo de presencia.<\/p>\n\n\n\n<p class=\"wp-block-paragraph\">Esto resulta comparable al problema del \u00c1ngel.<\/p>\n\n\n\n<p class=\"wp-block-paragraph\">El signo puede hacer presente a Dios sin agotar qui\u00e9n es Dios.<\/p>\n\n\n\n<p class=\"wp-block-paragraph\">La teofan\u00eda es verdadera revelaci\u00f3n, pero no comprensi\u00f3n exhaustiva.<\/p>\n\n\n\n<h2 id=\"la-escalera-de-jacob-y-el-logos\" class=\"wp-block-heading\">La escalera de Jacob y el Logos<\/h2>\n\n\n\n<p class=\"wp-block-paragraph\">La historia de Jacob ofrece otro punto especialmente interesante.<\/p>\n\n\n\n<p class=\"wp-block-paragraph\">Jacob contempla:<\/p>\n\n\n\n<blockquote class=\"wp-block-quote is-layout-flow wp-block-quote-is-layout-flow\">\n<p class=\"wp-block-paragraph\">\u201cuna escalera que estaba apoyada en tierra, y su extremo tocaba en el cielo; y he aqu\u00ed \u00e1ngeles de Dios que sub\u00edan y descend\u00edan por ella\u201d (<a href=\"https:\/\/biblia.com\/bible\/rvr60\/Ge28.12\">Gn 28:12<\/a>).<\/p>\n<\/blockquote>\n\n\n\n<p class=\"wp-block-paragraph\">El Evangelio de Juan reelabora esta imagen cuando Jes\u00fas dice a Natanael:<\/p>\n\n\n\n<blockquote class=\"wp-block-quote is-layout-flow wp-block-quote-is-layout-flow\">\n<p class=\"wp-block-paragraph\">\u201cver\u00e9is el cielo abierto, y a los \u00e1ngeles de Dios que suben y descienden sobre el Hijo del Hombre\u201d (<a href=\"https:\/\/biblia.com\/bible\/rvr60\/Jn1.51\">Jn 1:51<\/a>).<\/p>\n<\/blockquote>\n\n\n\n<p class=\"wp-block-paragraph\">Desde una hermen\u00e9utica cristol\u00f3gica como la de Or\u00edgenes, Cristo se convierte en el verdadero punto de comunicaci\u00f3n entre cielo y tierra.<\/p>\n\n\n\n<p class=\"wp-block-paragraph\">La imagen posee una profunda relaci\u00f3n conceptual con nuestro estudio del \u00c1ngel.<\/p>\n\n\n\n<p class=\"wp-block-paragraph\">El problema fundamental de las teofan\u00edas es precisamente:<\/p>\n\n\n\n<blockquote class=\"wp-block-quote is-layout-flow wp-block-quote-is-layout-flow\">\n<p class=\"wp-block-paragraph\"><strong>\u00bfc\u00f3mo entra en relaci\u00f3n el Dios trascendente con el mundo creado?<\/strong><\/p>\n<\/blockquote>\n\n\n\n<p class=\"wp-block-paragraph\">La respuesta cristiana de Or\u00edgenes es:<\/p>\n\n\n\n<blockquote class=\"wp-block-quote is-layout-flow wp-block-quote-is-layout-flow\">\n<p class=\"wp-block-paragraph\"><strong>mediante el Logos.<\/strong><\/p>\n<\/blockquote>\n\n\n\n<p class=\"wp-block-paragraph\">Cristo no es simplemente otro ser situado a mitad de camino entre Dios y la humanidad.<\/p>\n\n\n\n<p class=\"wp-block-paragraph\">Es el mediador mediante quien el conocimiento de Dios llega a las criaturas.<\/p>\n\n\n\n<h2 id=\"el-sentido-espiritual-de-las-teofanias\" class=\"wp-block-heading\">El sentido espiritual de las teofan\u00edas<\/h2>\n\n\n\n<p class=\"wp-block-paragraph\">Aqu\u00ed aparece una diferencia importante respecto de Tertuliano.<\/p>\n\n\n\n<p class=\"wp-block-paragraph\">Tertuliano utiliza frecuentemente las teofan\u00edas como <strong>argumentos doctrinales<\/strong> para demostrar la distinci\u00f3n entre Padre e Hijo.<\/p>\n\n\n\n<p class=\"wp-block-paragraph\">Or\u00edgenes pregunta adem\u00e1s qu\u00e9 significan espiritualmente para el lector.<\/p>\n\n\n\n<p class=\"wp-block-paragraph\">La zarza no es solamente un acontecimiento pasado.<\/p>\n\n\n\n<p class=\"wp-block-paragraph\">Jacob no es solamente un personaje hist\u00f3rico.<\/p>\n\n\n\n<p class=\"wp-block-paragraph\">El \u00e9xodo no es solamente la salida de Egipto.<\/p>\n\n\n\n<p class=\"wp-block-paragraph\">Todos estos acontecimientos forman parte de una pedagog\u00eda espiritual mediante la cual Dios conduce al alma hacia el conocimiento.<\/p>\n\n\n\n<p class=\"wp-block-paragraph\">Esto no significa necesariamente que Or\u00edgenes niegue todo fundamento hist\u00f3rico.<\/p>\n\n\n\n<p class=\"wp-block-paragraph\">Significa que considera insuficiente detenerse exclusivamente en \u00e9l.<\/p>\n\n\n\n<p class=\"wp-block-paragraph\">La Escritura posee una profundidad que conduce al lector hacia Cristo.<\/p>\n\n\n\n<p class=\"wp-block-paragraph\"><strong>Joseph W. Trigg<\/strong> ha mostrado c\u00f3mo ex\u00e9gesis, vida espiritual y teolog\u00eda permanecen profundamente vinculadas en Or\u00edgenes.<sup data-fn=\"7e5c991e-af53-471d-a801-c4f44d605ce2\" class=\"fn\"><a href=\"#7e5c991e-af53-471d-a801-c4f44d605ce2\" id=\"7e5c991e-af53-471d-a801-c4f44d605ce2-link\">130<\/a><\/sup> No puede comprenderse su interpretaci\u00f3n b\u00edblica separ\u00e1ndola de su concepci\u00f3n de la transformaci\u00f3n espiritual del lector.<\/p>\n\n\n\n<h2 id=\"el-angel-como-pedagogia-divina\" class=\"wp-block-heading\">El \u00c1ngel como pedagog\u00eda divina<\/h2>\n\n\n\n<p class=\"wp-block-paragraph\">Desde esta perspectiva podemos comprender mejor la funci\u00f3n de las apariciones angelom\u00f3rficas.<\/p>\n\n\n\n<p class=\"wp-block-paragraph\">Dios se revela de acuerdo con la capacidad humana.<\/p>\n\n\n\n<p class=\"wp-block-paragraph\">La humanidad no recibe inmediatamente la visi\u00f3n plena.<\/p>\n\n\n\n<p class=\"wp-block-paragraph\">Recibe: \u00e1ngeles, visiones, s\u00edmbolos, profec\u00edas, teofan\u00edas.<\/p>\n\n\n\n<p class=\"wp-block-paragraph\">Todas ellas forman parte de una pedagog\u00eda.<\/p>\n\n\n\n<p class=\"wp-block-paragraph\">Pero el objetivo \u00faltimo es el conocimiento del Padre mediante el Logos.<\/p>\n\n\n\n<p class=\"wp-block-paragraph\">As\u00ed, las apariciones del \u00c1ngel pueden entenderse dentro de un movimiento que conduce desde:<\/p>\n\n\n\n<blockquote class=\"wp-block-quote is-layout-flow wp-block-quote-is-layout-flow\">\n<p class=\"wp-block-paragraph\"><strong>manifestaciones parciales<\/strong><\/p>\n<\/blockquote>\n\n\n\n<p class=\"wp-block-paragraph\">hacia:<\/p>\n\n\n\n<blockquote class=\"wp-block-quote is-layout-flow wp-block-quote-is-layout-flow\">\n<p class=\"wp-block-paragraph\"><strong>la revelaci\u00f3n del Logos encarnado<\/strong><\/p>\n<\/blockquote>\n\n\n\n<p class=\"wp-block-paragraph\">y finalmente hacia:<\/p>\n\n\n\n<blockquote class=\"wp-block-quote is-layout-flow wp-block-quote-is-layout-flow\">\n<p class=\"wp-block-paragraph\"><strong>la contemplaci\u00f3n de Dios.<\/strong><\/p>\n<\/blockquote>\n\n\n\n<p class=\"wp-block-paragraph\">Este esquema convierte las teofan\u00edas en etapas dentro de una historia espiritual de revelaci\u00f3n.<\/p>\n\n\n\n<h2 id=\"es-el-angel-siempre-cristo\" class=\"wp-block-heading\">\u00bfEs el \u00c1ngel siempre Cristo?<\/h2>\n\n\n\n<p class=\"wp-block-paragraph\">Aqu\u00ed debemos introducir una distinci\u00f3n muy importante.<\/p>\n\n\n\n<p class=\"wp-block-paragraph\">No ser\u00eda correcto afirmar que Or\u00edgenes identifica <strong>todo \u00e1ngel b\u00edblico<\/strong> con Cristo.<\/p>\n\n\n\n<p class=\"wp-block-paragraph\">La Escritura contiene innumerables \u00e1ngeles creados.<\/p>\n\n\n\n<p class=\"wp-block-paragraph\">Gabriel, por ejemplo, aparece como mensajero celestial (<a href=\"https:\/\/biblia.com\/bible\/rvr60\/Lk1.19\">Lc 1:19<\/a>).<\/p>\n\n\n\n<p class=\"wp-block-paragraph\">Los \u00e1ngeles sirven a Dios y poseen funciones diversas.<\/p>\n\n\n\n<p class=\"wp-block-paragraph\">Por tanto:<\/p>\n\n\n\n<blockquote class=\"wp-block-quote is-layout-flow wp-block-quote-is-layout-flow\">\n<p class=\"wp-block-paragraph\"><strong>\u201c\u00e1ngel\u201d \u2260 autom\u00e1ticamente \u201cCristo\u201d.<\/strong><\/p>\n<\/blockquote>\n\n\n\n<p class=\"wp-block-paragraph\">La identificaci\u00f3n cristol\u00f3gica debe justificarse por las caracter\u00edsticas particulares de determinados textos.<\/p>\n\n\n\n<p class=\"wp-block-paragraph\">Precisamente este principio coincide con nuestra metodolog\u00eda inicial.<\/p>\n\n\n\n<p class=\"wp-block-paragraph\">No es la palabra <em>mal\u02beakh<\/em> por s\u00ed sola la que convierte al personaje en misterioso.<\/p>\n\n\n\n<p class=\"wp-block-paragraph\">Es el comportamiento narrativo:<\/p>\n\n\n\n<ul class=\"wp-block-list\">\n<li>habla como Dios,<\/li>\n\n\n\n<li>porta autoridad divina,<\/li>\n\n\n\n<li>puede ser identificado como Dios,<\/li>\n\n\n\n<li>recibe respuestas propias de una teofan\u00eda<\/li>\n\n\n\n<li>y, sin embargo, aparece como enviado.<\/li>\n<\/ul>\n\n\n\n<h2 id=\"origenes-y-la-subordinacion-del-hijo\" class=\"wp-block-heading\">Or\u00edgenes y la subordinaci\u00f3n del Hijo<\/h2>\n\n\n\n<p class=\"wp-block-paragraph\">Llegamos aqu\u00ed a una de las cuestiones m\u00e1s discutidas de su teolog\u00eda.<\/p>\n\n\n\n<p class=\"wp-block-paragraph\">Or\u00edgenes puede hablar del Padre como superior o fuente del Hijo.<\/p>\n\n\n\n<p class=\"wp-block-paragraph\">Algunas de estas expresiones ser\u00e1n utilizadas posteriormente dentro de controversias subordinacionistas.<\/p>\n\n\n\n<p class=\"wp-block-paragraph\">Sin embargo, tambi\u00e9n afirma la eternidad del Logos y rechaza que haya habido un momento en que Dios estuviera sin su Sabidur\u00eda.<\/p>\n\n\n\n<p class=\"wp-block-paragraph\">Por ello, clasificar simplemente a Or\u00edgenes como \u201carriano antes de Arrio\u201d ser\u00eda hist\u00f3ricamente incorrecto.<\/p>\n\n\n\n<p class=\"wp-block-paragraph\">Su pensamiento pertenece a una etapa anterior.<\/p>\n\n\n\n<p class=\"wp-block-paragraph\">Contiene elementos que diferentes corrientes posteriores podr\u00e1n desarrollar en direcciones distintas.<\/p>\n\n\n\n<p class=\"wp-block-paragraph\"><strong>John Behr<\/strong> ha insistido en la necesidad de interpretar la cristolog\u00eda prenicena seg\u00fan sus propios problemas y categor\u00edas antes de evaluarla mediante las formulaciones dogm\u00e1ticas posteriores.<sup data-fn=\"15cd7cf7-788b-4afa-9929-01fb187ab455\" class=\"fn\"><a href=\"#15cd7cf7-788b-4afa-9929-01fb187ab455\" id=\"15cd7cf7-788b-4afa-9929-01fb187ab455-link\">131<\/a><\/sup> Este principio resulta particularmente necesario con Or\u00edgenes.<sup data-fn=\"763ae898-b213-47d3-941e-085de716a3b9\" class=\"fn\"><a href=\"#763ae898-b213-47d3-941e-085de716a3b9\" id=\"763ae898-b213-47d3-941e-085de716a3b9-link\">132<\/a><\/sup><\/p>\n\n\n\n<h2 id=\"el-peligro-de-proyectar-nicea-hacia-atras\" class=\"wp-block-heading\">El peligro de proyectar Nicea hacia atr\u00e1s<\/h2>\n\n\n\n<p class=\"wp-block-paragraph\">Nuestro estudio debe evitar dos extremos.<\/p>\n\n\n\n<p class=\"wp-block-paragraph\">El primero ser\u00eda decir:<\/p>\n\n\n\n<blockquote class=\"wp-block-quote is-layout-flow wp-block-quote-is-layout-flow\">\n<p class=\"wp-block-paragraph\">\u201cOr\u00edgenes ense\u00f1aba exactamente la doctrina nicena\u201d.<\/p>\n<\/blockquote>\n\n\n\n<p class=\"wp-block-paragraph\">Eso ser\u00eda anacr\u00f3nico.<\/p>\n\n\n\n<p class=\"wp-block-paragraph\">El segundo:<\/p>\n\n\n\n<blockquote class=\"wp-block-quote is-layout-flow wp-block-quote-is-layout-flow\">\n<p class=\"wp-block-paragraph\">\u201cOr\u00edgenes consideraba al Hijo simplemente una criatura\u201d.<\/p>\n<\/blockquote>\n\n\n\n<p class=\"wp-block-paragraph\">Eso tampoco representa adecuadamente la complejidad de su pensamiento.<sup data-fn=\"dd2f00c1-a48b-46c0-bff2-8c4a71e25b16\" class=\"fn\"><a href=\"#dd2f00c1-a48b-46c0-bff2-8c4a71e25b16\" id=\"dd2f00c1-a48b-46c0-bff2-8c4a71e25b16-link\">133<\/a><\/sup><\/p>\n\n\n\n<p class=\"wp-block-paragraph\">Or\u00edgenes se encuentra dentro de un proceso hist\u00f3rico de reflexi\u00f3n.<sup data-fn=\"7626c847-2cd2-4930-b307-cae1f3ea2fdd\" class=\"fn\"><a href=\"#7626c847-2cd2-4930-b307-cae1f3ea2fdd\" id=\"7626c847-2cd2-4930-b307-cae1f3ea2fdd-link\">134<\/a><\/sup><\/p>\n\n\n\n<p class=\"wp-block-paragraph\">Afirma:<\/p>\n\n\n\n<p class=\"wp-block-paragraph\">la eternidad del Logos,<br>su funci\u00f3n creadora,<br>su mediaci\u00f3n reveladora,<br>su relaci\u00f3n \u00fanica con el Padre.<\/p>\n\n\n\n<p class=\"wp-block-paragraph\">Pero utiliza tambi\u00e9n estructuras jer\u00e1rquicas que posteriormente necesitar\u00e1n clarificaci\u00f3n.<\/p>\n\n\n\n<p class=\"wp-block-paragraph\">Esta tensi\u00f3n ser\u00e1 decisiva durante el siglo IV.<\/p>\n\n\n\n<h2 id=\"del-angel-de-yahve-a-la-generacion-eterna\" class=\"wp-block-heading\">Del \u00c1ngel de Yahv\u00e9 a la generaci\u00f3n eterna<\/h2>\n\n\n\n<p class=\"wp-block-paragraph\">Aqu\u00ed podemos observar hasta qu\u00e9 punto ha evolucionado nuestra investigaci\u00f3n.<\/p>\n\n\n\n<p class=\"wp-block-paragraph\">Comenzamos con un problema narrativo:<\/p>\n\n\n\n<blockquote class=\"wp-block-quote is-layout-flow wp-block-quote-is-layout-flow\">\n<p class=\"wp-block-paragraph\">\u00bfpor qu\u00e9 el \u00c1ngel habla como Dios?<\/p>\n<\/blockquote>\n\n\n\n<p class=\"wp-block-paragraph\">Despu\u00e9s encontramos una interpretaci\u00f3n de agencia:<\/p>\n\n\n\n<blockquote class=\"wp-block-quote is-layout-flow wp-block-quote-is-layout-flow\">\n<p class=\"wp-block-paragraph\">porque representa a Dios.<\/p>\n<\/blockquote>\n\n\n\n<p class=\"wp-block-paragraph\">Con Justino apareci\u00f3 otra respuesta:<\/p>\n\n\n\n<blockquote class=\"wp-block-quote is-layout-flow wp-block-quote-is-layout-flow\">\n<p class=\"wp-block-paragraph\">porque es el Logos preencarnado.<\/p>\n<\/blockquote>\n\n\n\n<p class=\"wp-block-paragraph\">Ireneo a\u00f1adi\u00f3:<\/p>\n\n\n\n<blockquote class=\"wp-block-quote is-layout-flow wp-block-quote-is-layout-flow\">\n<p class=\"wp-block-paragraph\">el Logos revela al Padre a lo largo de una \u00fanica econom\u00eda.<\/p>\n<\/blockquote>\n\n\n\n<p class=\"wp-block-paragraph\">Tertuliano desarroll\u00f3:<\/p>\n\n\n\n<blockquote class=\"wp-block-quote is-layout-flow wp-block-quote-is-layout-flow\">\n<p class=\"wp-block-paragraph\">la distinci\u00f3n entre enviado y enviador refleja la distinci\u00f3n entre Hijo y Padre.<\/p>\n<\/blockquote>\n\n\n\n<p class=\"wp-block-paragraph\">Or\u00edgenes introduce ahora una dimensi\u00f3n ontol\u00f3gica m\u00e1s profunda:<\/p>\n\n\n\n<blockquote class=\"wp-block-quote is-layout-flow wp-block-quote-is-layout-flow\">\n<p class=\"wp-block-paragraph\"><strong>el Logos que revela al Padre no comenz\u00f3 a existir antes de una teofan\u00eda; su relaci\u00f3n filial con el Padre es eterna.<\/strong><\/p>\n<\/blockquote>\n\n\n\n<p class=\"wp-block-paragraph\">Esto transforma radicalmente el problema.<\/p>\n\n\n\n<p class=\"wp-block-paragraph\">La cuesti\u00f3n ya no es simplemente:<\/p>\n\n\n\n<blockquote class=\"wp-block-quote is-layout-flow wp-block-quote-is-layout-flow\">\n<p class=\"wp-block-paragraph\">\u201c\u00bfqu\u00e9 clase de \u00e1ngel es este?\u201d<\/p>\n<\/blockquote>\n\n\n\n<p class=\"wp-block-paragraph\">Sino:<\/p>\n\n\n\n<blockquote class=\"wp-block-quote is-layout-flow wp-block-quote-is-layout-flow\">\n<p class=\"wp-block-paragraph\"><strong>\u201c\u00bfpuede el misterioso mensajero de Yahv\u00e9 ser comprendido como manifestaci\u00f3n hist\u00f3rica del Hijo eternamente relacionado con el Padre?\u201d<\/strong><\/p>\n<\/blockquote>\n\n\n\n<p class=\"wp-block-paragraph\">La cristolog\u00eda patr\u00edstica responde progresivamente de manera afirmativa.<\/p>\n\n\n\n<h2 id=\"el-camino-hacia-nicea\" class=\"wp-block-heading\">El camino hacia Nicea<\/h2>\n\n\n\n<p class=\"wp-block-paragraph\">Sin embargo, esta respuesta generar\u00e1 nuevas preguntas.<\/p>\n\n\n\n<p class=\"wp-block-paragraph\">Si el Hijo procede del Padre:<\/p>\n\n\n\n<p class=\"wp-block-paragraph\">\u00bfes eterno?<\/p>\n\n\n\n<p class=\"wp-block-paragraph\">\u00bfes creado?<\/p>\n\n\n\n<p class=\"wp-block-paragraph\">\u00bfposee la misma naturaleza que el Padre?<\/p>\n\n\n\n<p class=\"wp-block-paragraph\">\u00bfes verdaderamente Dios?<\/p>\n\n\n\n<p class=\"wp-block-paragraph\">\u00bfqu\u00e9 significa llamarlo \u201cengendrado\u201d?<\/p>\n\n\n\n<p class=\"wp-block-paragraph\">Estas cuestiones explotar\u00e1n durante la controversia arriana del siglo IV.<\/p>\n\n\n\n<p class=\"wp-block-paragraph\">Entonces textos que hemos estudiado adquirir\u00e1n una nueva importancia.<\/p>\n\n\n\n<p class=\"wp-block-paragraph\"><a href=\"https:\/\/biblia.com\/bible\/rvr60\/Pr8.22\">Proverbios 8:22<\/a>,<br><a href=\"https:\/\/biblia.com\/bible\/rvr60\/Jn1.1\">Juan 1:1<\/a>,<br><a href=\"https:\/\/biblia.com\/bible\/rvr60\/Jn14.28\">Juan 14:28<\/a>,<br><a href=\"https:\/\/biblia.com\/bible\/rvr60\/Col1.15\">Colosenses 1:15<\/a><br>y <a href=\"https:\/\/biblia.com\/bible\/rvr60\/Heb1\">Hebreos 1<\/a><\/p>\n\n\n\n<p class=\"wp-block-paragraph\">ser\u00e1n discutidos intensamente.<\/p>\n\n\n\n<p class=\"wp-block-paragraph\">Curiosamente, la figura del \u00c1ngel de Yahv\u00e9 empezar\u00e1 a perder parte del protagonismo que pose\u00eda en Justino y Tertuliano.<\/p>\n\n\n\n<p class=\"wp-block-paragraph\">La pregunta fundamental ya no ser\u00e1 solamente qui\u00e9n apareci\u00f3 en las teofan\u00edas.<\/p>\n\n\n\n<p class=\"wp-block-paragraph\">Ser\u00e1:<\/p>\n\n\n\n<blockquote class=\"wp-block-quote is-layout-flow wp-block-quote-is-layout-flow\">\n<p class=\"wp-block-paragraph\"><strong>\u00bfcu\u00e1l es la relaci\u00f3n ontol\u00f3gica eterna entre Padre e Hijo?<\/strong><\/p>\n<\/blockquote>\n\n\n\n<p class=\"wp-block-paragraph\">Nicea responder\u00e1 mediante una palabra que marcar\u00e1 profundamente la historia de la teolog\u00eda cristiana:<\/p>\n\n\n\n<blockquote class=\"wp-block-quote is-layout-flow wp-block-quote-is-layout-flow\">\n<p class=\"wp-block-paragraph\">\u1f41\u03bc\u03bf\u03bf\u03cd\u03c3\u03b9\u03bf\u03c2<br><em>homoousios<\/em><br><strong>\u201cde la misma esencia\/sustancia\u201d.<\/strong><\/p>\n<\/blockquote>\n\n\n\n<p class=\"wp-block-paragraph\">Y esta definici\u00f3n tendr\u00e1 consecuencias importantes para la interpretaci\u00f3n posterior del \u00c1ngel.<\/p>\n\n\n\n<p class=\"wp-block-paragraph\">Porque si el Hijo es plenamente Dios como el Padre, ya no resultar\u00e1 suficiente explicar las teofan\u00edas mediante una simple oposici\u00f3n:<\/p>\n\n\n\n<blockquote class=\"wp-block-quote is-layout-flow wp-block-quote-is-layout-flow\">\n<p class=\"wp-block-paragraph\">Padre invisible \/ Hijo visible.<\/p>\n<\/blockquote>\n\n\n\n<p class=\"wp-block-paragraph\">Habr\u00e1 que explicar c\u00f3mo el Dios trino, cuya naturaleza es invisible, puede manifestarse mediante formas creadas.<\/p>\n\n\n\n<p class=\"wp-block-paragraph\">Esta cuesti\u00f3n llegar\u00e1 a uno de sus desarrollos m\u00e1s sofisticados con <strong>Agust\u00edn de Hipona<\/strong>.<\/p>\n\n\n\n<h3 id=\"conclusion-provisional\" class=\"wp-block-heading\">Conclusi\u00f3n provisional<\/h3>\n\n\n\n<p class=\"wp-block-paragraph\">Con Or\u00edgenes, la interpretaci\u00f3n cristiana del \u00c1ngel de Yahv\u00e9 alcanza una nueva profundidad. La cuesti\u00f3n deja de limitarse a identificar una figura misteriosa de determinadas narraciones veterotestamentarias. Las teofan\u00edas pasan a formar parte de una doctrina general acerca de <strong>c\u00f3mo el Dios invisible se hace cognoscible mediante su Logos eterno<\/strong>.<\/p>\n\n\n\n<p class=\"wp-block-paragraph\">La trayectoria patr\u00edstica puede expresarse hasta este momento as\u00ed:<\/p>\n\n\n\n<p class=\"wp-block-paragraph\"><strong>Justino:<\/strong> el \u00c1ngel que aparece como Dios es identificado expl\u00edcitamente con el Logos preencarnado.<\/p>\n\n\n\n<p class=\"wp-block-paragraph\"><strong>Ireneo:<\/strong> las manifestaciones del Logos pertenecen a una \u00fanica econom\u00eda de creaci\u00f3n, revelaci\u00f3n y redenci\u00f3n.<\/p>\n\n\n\n<p class=\"wp-block-paragraph\"><strong>Tertuliano:<\/strong> la distinci\u00f3n entre quien env\u00eda y quien es enviado sirve para articular la distinci\u00f3n entre Padre e Hijo sin abandonar la unidad divina.<\/p>\n\n\n\n<p class=\"wp-block-paragraph\"><strong>Or\u00edgenes:<\/strong> el Logos revelador no es simplemente anterior a la encarnaci\u00f3n, sino que su relaci\u00f3n con el Padre debe comprenderse en t\u00e9rminos de una filiaci\u00f3n que trasciende el tiempo.<\/p>\n\n\n\n<p class=\"wp-block-paragraph\">La interpretaci\u00f3n cristol\u00f3gica del \u00c1ngel ha recorrido as\u00ed un camino notable. Lo que inicialmente aparec\u00eda como una ambig\u00fcedad narrativa \u2014un mensajero que habla como Dios y, sin embargo, es enviado por Dios\u2014 termin\u00f3 convirti\u00e9ndose en uno de los materiales utilizados por los primeros cristianos para pensar la relaci\u00f3n entre <strong>trascendencia y revelaci\u00f3n, unidad y distinci\u00f3n, Padre e Hijo<\/strong>.<\/p>\n\n\n\n<p class=\"wp-block-paragraph\">El siguiente paso hist\u00f3rico ser\u00e1 decisivo: <strong>Nicea, Atanasio y los Padres Capadocios<\/strong>. All\u00ed tendremos que examinar c\u00f3mo la afirmaci\u00f3n de que el Hijo es <em>homoousios<\/em> con el Padre modifica la antigua \u201ccristolog\u00eda del \u00c1ngel\u201d y prepara el importante cambio hermen\u00e9utico que posteriormente encontraremos en <strong>Agust\u00edn de Hipona<\/strong>.<\/p>\n\n\n\n<h1 id=\"nicea-atanasio-y-los-capadocios-de-la-cristologia-del-angel-a-la-consustancialidad-del-hijo\" class=\"wp-block-heading\">Nicea, Atanasio y los Capadocios: de la cristolog\u00eda del \u00c1ngel a la consustancialidad del Hijo<\/h1>\n\n\n\n<p class=\"wp-block-paragraph\">El siglo IV representa un punto de inflexi\u00f3n decisivo en la historia de la interpretaci\u00f3n cristiana del \u00c1ngel de Yahv\u00e9. Durante los siglos II y III, autores como Justino, Ireneo, Tertuliano y Or\u00edgenes hab\u00edan podido identificar con relativa naturalidad determinadas teofan\u00edas veterotestamentarias con el Logos preencarnado. La f\u00f3rmula general era clara: el Padre permanece invisible, mientras el Hijo, en cuanto Logos y mensajero, se manifiesta a los patriarcas, a Mois\u00e9s y a otros personajes de la historia de Israel.<\/p>\n\n\n\n<p class=\"wp-block-paragraph\">Sin embargo, la controversia arriana oblig\u00f3 a plantear una cuesti\u00f3n m\u00e1s radical:<\/p>\n\n\n\n<blockquote class=\"wp-block-quote is-layout-flow wp-block-quote-is-layout-flow\">\n<p class=\"wp-block-paragraph\"><strong>\u00bfqu\u00e9 significa realmente afirmar que el Hijo es Dios?<\/strong><\/p>\n<\/blockquote>\n\n\n\n<p class=\"wp-block-paragraph\">Si el Logos es distinto del Padre, \u00bfes una criatura celestial de rango supremo? \u00bfFue producido antes del resto de la creaci\u00f3n? \u00bfO participa plenamente de la misma realidad divina que el Padre?<\/p>\n\n\n\n<p class=\"wp-block-paragraph\">La respuesta a estas preguntas transformar\u00e1 indirectamente la interpretaci\u00f3n del \u00c1ngel de Yahv\u00e9.<\/p>\n\n\n\n<h2 id=\"la-controversia-arriana-y-el-problema-de-la-preexistencia\" class=\"wp-block-heading\">La controversia arriana y el problema de la preexistencia<\/h2>\n\n\n\n<p class=\"wp-block-paragraph\">Arrio no negaba que el Hijo existiera antes de su nacimiento humano. Tampoco negaba que hubiese participado de una manera extraordinaria en la creaci\u00f3n y revelaci\u00f3n.<\/p>\n\n\n\n<p class=\"wp-block-paragraph\">Por ello, una simple doctrina de <strong>preexistencia<\/strong> ya no resultaba suficiente para distinguir la cristolog\u00eda nicena de la arriana.<\/p>\n\n\n\n<p class=\"wp-block-paragraph\">Este dato posee enorme importancia para nuestro estudio.<\/p>\n\n\n\n<p class=\"wp-block-paragraph\">Durante el siglo II pod\u00eda bastar, en determinados contextos apolog\u00e9ticos, afirmar:<\/p>\n\n\n\n<blockquote class=\"wp-block-quote is-layout-flow wp-block-quote-is-layout-flow\">\n<p class=\"wp-block-paragraph\">\u201cCristo es el ser divino que apareci\u00f3 antes de la encarnaci\u00f3n\u201d.<\/p>\n<\/blockquote>\n\n\n\n<p class=\"wp-block-paragraph\">En el siglo IV la pregunta se vuelve m\u00e1s precisa:<\/p>\n\n\n\n<blockquote class=\"wp-block-quote is-layout-flow wp-block-quote-is-layout-flow\">\n<p class=\"wp-block-paragraph\"><strong>\u201c\u00bfqu\u00e9 clase de ser es ese Cristo preexistente?\u201d<\/strong><\/p>\n<\/blockquote>\n\n\n\n<p class=\"wp-block-paragraph\">\u00bfPertenece al orden de lo creado?<\/p>\n\n\n\n<p class=\"wp-block-paragraph\">\u00bfO pertenece a la identidad del Dios increado?<\/p>\n\n\n\n<p class=\"wp-block-paragraph\">La diferencia es fundamental.<\/p>\n\n\n\n<p class=\"wp-block-paragraph\">Un \u00e1ngel creado podr\u00eda existir antes de Abraham.<\/p>\n\n\n\n<p class=\"wp-block-paragraph\">Un arc\u00e1ngel podr\u00eda acompa\u00f1ar a Israel.<\/p>\n\n\n\n<p class=\"wp-block-paragraph\">Un mediador celestial podr\u00eda comunicar la palabra de Dios.<\/p>\n\n\n\n<p class=\"wp-block-paragraph\">Por tanto, textos como:<\/p>\n\n\n\n<blockquote class=\"wp-block-quote is-layout-flow wp-block-quote-is-layout-flow\">\n<p class=\"wp-block-paragraph\">\u201cAntes que Abraham fuese, yo soy\u201d (<a href=\"https:\/\/biblia.com\/bible\/rvr60\/Jn8.58\">Jn 8:58<\/a>)<\/p>\n<\/blockquote>\n\n\n\n<p class=\"wp-block-paragraph\">o:<\/p>\n\n\n\n<blockquote class=\"wp-block-quote is-layout-flow wp-block-quote-is-layout-flow\">\n<p class=\"wp-block-paragraph\">\u201cla roca era Cristo\u201d (<a href=\"https:\/\/biblia.com\/bible\/rvr60\/1Co10.4\">1 Co 10:4<\/a>)<\/p>\n<\/blockquote>\n\n\n\n<p class=\"wp-block-paragraph\">demuestran preexistencia, pero por s\u00ed solos no resuelven completamente la pregunta acerca de la <strong>naturaleza<\/strong> del Hijo.<\/p>\n\n\n\n<p class=\"wp-block-paragraph\">La controversia nicena obligar\u00e1 a responder exactamente a esa cuesti\u00f3n.<\/p>\n\n\n\n<h2 id=\"nicea-y-el-termino-homoousios\" class=\"wp-block-heading\">Nicea y el t\u00e9rmino <em>homoousios<\/em><\/h2>\n\n\n\n<p class=\"wp-block-paragraph\">El Concilio de Nicea del a\u00f1o 325 confes\u00f3 al Hijo como:<\/p>\n\n\n\n<blockquote class=\"wp-block-quote is-layout-flow wp-block-quote-is-layout-flow\">\n<p class=\"wp-block-paragraph\">\u1f41\u03bc\u03bf\u03bf\u03cd\u03c3\u03b9\u03bf\u03bd \u03c4\u1ff7 \u03a0\u03b1\u03c4\u03c1\u03af<br><em>homoousion t\u014d Patri<\/em><\/p>\n<\/blockquote>\n\n\n\n<p class=\"wp-block-paragraph\">es decir:<\/p>\n\n\n\n<blockquote class=\"wp-block-quote is-layout-flow wp-block-quote-is-layout-flow\">\n<p class=\"wp-block-paragraph\"><strong>\u201cconsustancial con el Padre\u201d<\/strong><br>o<br><strong>\u201cde la misma esencia\/sustancia que el Padre\u201d.<\/strong><\/p>\n<\/blockquote>\n\n\n\n<p class=\"wp-block-paragraph\">El t\u00e9rmino <em>homoousios<\/em> pretende excluir la idea de que el Hijo pertenezca a una clase de seres inferiores o creados.<\/p>\n\n\n\n<p class=\"wp-block-paragraph\">El Hijo no es simplemente:<\/p>\n\n\n\n<p class=\"wp-block-paragraph\">un \u00e1ngel supremo,<br>un demiurgo,<br>un segundo dios subordinado<br>o la primera criatura.<\/p>\n\n\n\n<p class=\"wp-block-paragraph\">Pertenece verdaderamente a la realidad divina.<sup data-fn=\"f6b2dbc9-4a14-4694-af4b-bcc1fffd29ec\" class=\"fn\"><a href=\"#f6b2dbc9-4a14-4694-af4b-bcc1fffd29ec\" id=\"f6b2dbc9-4a14-4694-af4b-bcc1fffd29ec-link\">135<\/a><\/sup><\/p>\n\n\n\n<p class=\"wp-block-paragraph\">Esta definici\u00f3n afecta directamente cualquier interpretaci\u00f3n cristol\u00f3gica del \u00c1ngel de Yahv\u00e9.<\/p>\n\n\n\n<p class=\"wp-block-paragraph\">Si el \u00c1ngel de determinadas teofan\u00edas es identificado con el Hijo, no puede ser considerado <strong>\u00e1ngel por naturaleza<\/strong> en el sentido de criatura celestial.<\/p>\n\n\n\n<p class=\"wp-block-paragraph\">Puede ser \u201c\u00c1ngel\u201d \u00fanicamente en el sentido funcional de:<\/p>\n\n\n\n<blockquote class=\"wp-block-quote is-layout-flow wp-block-quote-is-layout-flow\">\n<p class=\"wp-block-paragraph\"><strong>mensajero \/ enviado.<\/strong><\/p>\n<\/blockquote>\n\n\n\n<p class=\"wp-block-paragraph\">La distinci\u00f3n que hab\u00edamos venido haciendo desde Justino adquiere ahora una importancia doctrinal absoluta.<\/p>\n\n\n\n<h2 id=\"hebreos-1-adquiere-una-nueva-fuerza\" class=\"wp-block-heading\">Hebreos 1 adquiere una nueva fuerza<\/h2>\n\n\n\n<p class=\"wp-block-paragraph\">En este contexto, <a href=\"https:\/\/biblia.com\/bible\/rvr60\/Heb1\">Hebreos 1<\/a> se convierte en un texto especialmente importante.<\/p>\n\n\n\n<p class=\"wp-block-paragraph\">El autor pregunta:<\/p>\n\n\n\n<blockquote class=\"wp-block-quote is-layout-flow wp-block-quote-is-layout-flow\">\n<p class=\"wp-block-paragraph\">\u201c\u00bfA cu\u00e1l de los \u00e1ngeles dijo Dios jam\u00e1s: Mi Hijo eres t\u00fa?\u201d (<a href=\"https:\/\/biblia.com\/bible\/rvr60\/Heb1.5\">Heb 1:5<\/a>).<\/p>\n<\/blockquote>\n\n\n\n<p class=\"wp-block-paragraph\">Y nuevamente:<\/p>\n\n\n\n<blockquote class=\"wp-block-quote is-layout-flow wp-block-quote-is-layout-flow\">\n<p class=\"wp-block-paragraph\">\u201c\u00bfA cu\u00e1l de los \u00e1ngeles dijo Dios jam\u00e1s: Si\u00e9ntate a mi diestra&#8230;?\u201d (<a href=\"https:\/\/biblia.com\/bible\/rvr60\/Heb1.13\">Heb 1:13<\/a>).<\/p>\n<\/blockquote>\n\n\n\n<p class=\"wp-block-paragraph\">La conclusi\u00f3n resulta evidente:<\/p>\n\n\n\n<blockquote class=\"wp-block-quote is-layout-flow wp-block-quote-is-layout-flow\">\n<p class=\"wp-block-paragraph\"><strong>el Hijo no pertenece ontol\u00f3gicamente a la categor\u00eda de los \u00e1ngeles.<\/strong><\/p>\n<\/blockquote>\n\n\n\n<p class=\"wp-block-paragraph\">Por tanto, cuando la antigua tradici\u00f3n cristiana llama \u201c\u00c1ngel\u201d al Logos, debe hacerlo en funci\u00f3n de la etimolog\u00eda:<\/p>\n\n\n\n<blockquote class=\"wp-block-quote is-layout-flow wp-block-quote-is-layout-flow\">\n<p class=\"wp-block-paragraph\">\u1f04\u03b3\u03b3\u03b5\u03bb\u03bf\u03c2 = mensajero.<\/p>\n<\/blockquote>\n\n\n\n<p class=\"wp-block-paragraph\">No:<\/p>\n\n\n\n<blockquote class=\"wp-block-quote is-layout-flow wp-block-quote-is-layout-flow\">\n<p class=\"wp-block-paragraph\">\u00e1ngel = naturaleza creada.<\/p>\n<\/blockquote>\n\n\n\n<p class=\"wp-block-paragraph\">Este punto permite preservar la antigua interpretaci\u00f3n de las teofan\u00edas sin convertir a Cristo en criatura.<\/p>\n\n\n\n<h2 id=\"atanasio-y-la-diferencia-entre-hijo-y-criatura\" class=\"wp-block-heading\">Atanasio y la diferencia entre Hijo y criatura<\/h2>\n\n\n\n<p class=\"wp-block-paragraph\"><strong>Atanasio de Alejandr\u00eda<\/strong> se convertir\u00e1 en uno de los principales defensores de la interpretaci\u00f3n nicena durante el siglo IV.<\/p>\n\n\n\n<p class=\"wp-block-paragraph\">Su argumento fundamental contra el arrianismo puede resumirse as\u00ed:<\/p>\n\n\n\n<p class=\"wp-block-paragraph\">si el Hijo fuese criatura, no podr\u00eda proporcionar verdadero conocimiento salvador de Dios ni verdadera participaci\u00f3n en la vida divina.<\/p>\n\n\n\n<p class=\"wp-block-paragraph\">La salvaci\u00f3n exige que aquel que une a la humanidad con Dios pertenezca realmente a Dios.<\/p>\n\n\n\n<p class=\"wp-block-paragraph\">Esta l\u00f3gica posee importantes consecuencias para nuestra investigaci\u00f3n.<\/p>\n\n\n\n<p class=\"wp-block-paragraph\">El \u00c1ngel de Yahv\u00e9 hab\u00eda aparecido en textos relacionados con:<\/p>\n\n\n\n<p class=\"wp-block-paragraph\">revelaci\u00f3n,<br>protecci\u00f3n,<br>redenci\u00f3n,<br>Nombre divino,<br>perd\u00f3n,<br>presencia<br>y salvaci\u00f3n.<\/p>\n\n\n\n<p class=\"wp-block-paragraph\">Si la tradici\u00f3n cristiana identifica esta figura con el Hijo, entonces esas funciones dejan de comprenderse como acciones de una criatura extraordinaria que media externamente entre Dios y el mundo.<\/p>\n\n\n\n<p class=\"wp-block-paragraph\">Pasan a interpretarse como actividad del propio Dios mediante el Hijo.<\/p>\n\n\n\n<p class=\"wp-block-paragraph\"><strong>Khaled Anatolios<\/strong>, en sus estudios sobre Atanasio, ha insistido en que su teolog\u00eda debe entenderse en t\u00e9rminos de la relaci\u00f3n entre unidad divina, salvaci\u00f3n y participaci\u00f3n, no simplemente como una disputa abstracta acerca de vocabulario metaf\u00edsico.<sup data-fn=\"eae22e87-ef70-4154-bcbd-4d3e873836a4\" class=\"fn\"><a href=\"#eae22e87-ef70-4154-bcbd-4d3e873836a4\" id=\"eae22e87-ef70-4154-bcbd-4d3e873836a4-link\">136<\/a><\/sup> La afirmaci\u00f3n anterior constituye <strong>s\u00edntesis interpretativa<\/strong>, no cita literal.<\/p>\n\n\n\n<h2 id=\"si-el-hijo-crea-no-puede-ser-criatura\" class=\"wp-block-heading\">\u201cSi el Hijo crea, no puede ser criatura\u201d<\/h2>\n\n\n\n<p class=\"wp-block-paragraph\">Uno de los argumentos fundamentales de la tradici\u00f3n nicena procede de textos que presentan al Hijo como agente de creaci\u00f3n.<\/p>\n\n\n\n<p class=\"wp-block-paragraph\">Juan declara:<\/p>\n\n\n\n<blockquote class=\"wp-block-quote is-layout-flow wp-block-quote-is-layout-flow\">\n<p class=\"wp-block-paragraph\">\u201cTodas las cosas por \u00e9l fueron hechas, y sin \u00e9l nada de lo que ha sido hecho, fue hecho\u201d (<a href=\"https:\/\/biblia.com\/bible\/rvr60\/Jn1.3\">Jn 1:3<\/a>).<\/p>\n<\/blockquote>\n\n\n\n<p class=\"wp-block-paragraph\">Pablo afirma:<\/p>\n\n\n\n<blockquote class=\"wp-block-quote is-layout-flow wp-block-quote-is-layout-flow\">\n<p class=\"wp-block-paragraph\">\u201ctodo fue creado por medio de \u00e9l y para \u00e9l\u201d (<a href=\"https:\/\/biblia.com\/bible\/rvr60\/Col1.16\">Col 1:16<\/a>).<\/p>\n<\/blockquote>\n\n\n\n<p class=\"wp-block-paragraph\">Hebreos declara que Dios hizo el universo mediante el Hijo (<a href=\"https:\/\/biblia.com\/bible\/rvr60\/Heb1.2\">Heb 1:2<\/a>).<\/p>\n\n\n\n<p class=\"wp-block-paragraph\">La l\u00f3gica nicena es:<\/p>\n\n\n\n<p class=\"wp-block-paragraph\">si <strong>todo lo creado<\/strong> fue hecho por medio del Hijo,<\/p>\n\n\n\n<p class=\"wp-block-paragraph\">entonces el Hijo no puede pertenecer simplemente a la totalidad de las cosas creadas.<\/p>\n\n\n\n<p class=\"wp-block-paragraph\">Esta distinci\u00f3n tambi\u00e9n ayuda a comprender por qu\u00e9 el lenguaje de \u201c\u00c1ngel\u201d deb\u00eda reinterpretarse cuidadosamente.<\/p>\n\n\n\n<p class=\"wp-block-paragraph\">Cristo puede ser:<\/p>\n\n\n\n<blockquote class=\"wp-block-quote is-layout-flow wp-block-quote-is-layout-flow\">\n<p class=\"wp-block-paragraph\"><strong>mensajero del Padre<\/strong>,<\/p>\n<\/blockquote>\n\n\n\n<p class=\"wp-block-paragraph\">pero no:<\/p>\n\n\n\n<blockquote class=\"wp-block-quote is-layout-flow wp-block-quote-is-layout-flow\">\n<p class=\"wp-block-paragraph\"><strong>criatura angelical.<\/strong><\/p>\n<\/blockquote>\n\n\n\n<h2 id=\"el-angel-de-yahve-despues-de-nicea\" class=\"wp-block-heading\">El \u00c1ngel de Yahv\u00e9 despu\u00e9s de Nicea<\/h2>\n\n\n\n<p class=\"wp-block-paragraph\">Curiosamente, la consolidaci\u00f3n de la plena divinidad del Hijo no aumenta necesariamente la importancia de la identificaci\u00f3n espec\u00edfica:<\/p>\n\n\n\n<blockquote class=\"wp-block-quote is-layout-flow wp-block-quote-is-layout-flow\">\n<p class=\"wp-block-paragraph\">\u00c1ngel de Yahv\u00e9 = Cristo.<\/p>\n<\/blockquote>\n\n\n\n<p class=\"wp-block-paragraph\">En cierto sentido ocurre lo contrario.<\/p>\n\n\n\n<p class=\"wp-block-paragraph\">Una vez que la cristolog\u00eda dispone de argumentos m\u00e1s directos acerca de la divinidad del Hijo \u2014Juan 1, Hebreos 1, Colosenses 1, Filipenses 2\u2014, las teofan\u00edas dejan de ser una de las principales bases de la doctrina.<\/p>\n\n\n\n<p class=\"wp-block-paragraph\">Esto no significa que desaparezcan.<\/p>\n\n\n\n<p class=\"wp-block-paragraph\">Siguen siendo interpretadas cristol\u00f3gicamente por muchos autores.<\/p>\n\n\n\n<p class=\"wp-block-paragraph\">Pero ya no llevan todo el peso del argumento.<\/p>\n\n\n\n<p class=\"wp-block-paragraph\">Este cambio es hist\u00f3ricamente muy importante.<\/p>\n\n\n\n<p class=\"wp-block-paragraph\">Durante el siglo II, las apariciones veterotestamentarias pod\u00edan funcionar como evidencia principal de que exist\u00eda:<\/p>\n\n\n\n<blockquote class=\"wp-block-quote is-layout-flow wp-block-quote-is-layout-flow\">\n<p class=\"wp-block-paragraph\">\u201cotro que es llamado Dios y Se\u00f1or\u201d.<\/p>\n<\/blockquote>\n\n\n\n<p class=\"wp-block-paragraph\">Despu\u00e9s de Nicea, la cuesti\u00f3n doctrinal se formula directamente mediante la relaci\u00f3n eterna Padre-Hijo.<\/p>\n\n\n\n<p class=\"wp-block-paragraph\">La teofan\u00eda pasa a ser <strong>confirmaci\u00f3n o ilustraci\u00f3n<\/strong>, no fundamento principal.<\/p>\n\n\n\n<h2 id=\"atanasio-y-la-invisibilidad-divina\" class=\"wp-block-heading\">Atanasio y la invisibilidad divina<\/h2>\n\n\n\n<p class=\"wp-block-paragraph\">Aqu\u00ed aparece adem\u00e1s una cuesti\u00f3n que gradualmente modificar\u00e1 la antigua f\u00f3rmula:<\/p>\n\n\n\n<blockquote class=\"wp-block-quote is-layout-flow wp-block-quote-is-layout-flow\">\n<p class=\"wp-block-paragraph\">Padre invisible \/ Hijo visible.<\/p>\n<\/blockquote>\n\n\n\n<p class=\"wp-block-paragraph\">Si Padre e Hijo poseen verdaderamente la misma naturaleza divina, entonces no puede afirmarse sencillamente que el Padre sea invisible <strong>por naturaleza<\/strong> mientras el Hijo sea visible <strong>por naturaleza<\/strong>.<\/p>\n\n\n\n<p class=\"wp-block-paragraph\">La naturaleza divina es incorp\u00f3rea.<\/p>\n\n\n\n<p class=\"wp-block-paragraph\">El Hijo eterno, en cuanto Dios, tambi\u00e9n es invisible.<\/p>\n\n\n\n<p class=\"wp-block-paragraph\">Esto obliga a distinguir entre:<\/p>\n\n\n\n<blockquote class=\"wp-block-quote is-layout-flow wp-block-quote-is-layout-flow\">\n<p class=\"wp-block-paragraph\"><strong>naturaleza divina<\/strong><\/p>\n<\/blockquote>\n\n\n\n<p class=\"wp-block-paragraph\">y:<\/p>\n\n\n\n<blockquote class=\"wp-block-quote is-layout-flow wp-block-quote-is-layout-flow\">\n<p class=\"wp-block-paragraph\"><strong>forma de manifestaci\u00f3n.<\/strong><\/p>\n<\/blockquote>\n\n\n\n<p class=\"wp-block-paragraph\">El Hijo puede aparecer en una teofan\u00eda no porque su esencia sea naturalmente visible, sino porque se manifiesta mediante una forma acomodada al receptor.<\/p>\n\n\n\n<p class=\"wp-block-paragraph\">Este cambio conceptual ser\u00e1 fundamental para la interpretaci\u00f3n posterior de las apariciones del \u00c1ngel.<sup data-fn=\"9bf7adc2-c54c-4214-b572-dcb4acb9d951\" class=\"fn\"><a href=\"#9bf7adc2-c54c-4214-b572-dcb4acb9d951\" id=\"9bf7adc2-c54c-4214-b572-dcb4acb9d951-link\">137<\/a><\/sup><\/p>\n\n\n\n<p class=\"wp-block-paragraph\">Este desarrollo prepara directamente la reinterpretaci\u00f3n agustiniana posterior.<\/p>\n\n\n\n<h2 id=\"los-capadocios-y-la-precision-del-lenguaje-trinitario\" class=\"wp-block-heading\">Los Capadocios y la precisi\u00f3n del lenguaje trinitario<\/h2>\n\n\n\n<p class=\"wp-block-paragraph\">La siguiente gran etapa aparece con <strong>Basilio de Cesarea, Gregorio de Nacianzo y Gregorio de Nisa<\/strong>, conocidos colectivamente como los Padres Capadocios.<\/p>\n\n\n\n<p class=\"wp-block-paragraph\">Su contribuci\u00f3n ser\u00e1 decisiva para clarificar la relaci\u00f3n entre:<\/p>\n\n\n\n<blockquote class=\"wp-block-quote is-layout-flow wp-block-quote-is-layout-flow\">\n<p class=\"wp-block-paragraph\">\u03bf\u1f50\u03c3\u03af\u03b1<br><em>ousia<\/em><br>\u201cesencia\/naturaleza\u201d<\/p>\n<\/blockquote>\n\n\n\n<p class=\"wp-block-paragraph\">y:<\/p>\n\n\n\n<blockquote class=\"wp-block-quote is-layout-flow wp-block-quote-is-layout-flow\">\n<p class=\"wp-block-paragraph\">\u1f51\u03c0\u03cc\u03c3\u03c4\u03b1\u03c3\u03b9\u03c2<br><em>hypostasis<\/em><br>\u201chip\u00f3stasis\/persona\u201d.<\/p>\n<\/blockquote>\n\n\n\n<p class=\"wp-block-paragraph\">La f\u00f3rmula que acabar\u00e1 imponi\u00e9ndose puede resumirse como:<\/p>\n\n\n\n<blockquote class=\"wp-block-quote is-layout-flow wp-block-quote-is-layout-flow\">\n<p class=\"wp-block-paragraph\"><strong>una ousia, tres hypostaseis.<\/strong><\/p>\n<\/blockquote>\n\n\n\n<p class=\"wp-block-paragraph\">Un \u00fanico ser divino.<\/p>\n\n\n\n<p class=\"wp-block-paragraph\">Tres personas realmente distinguibles.<\/p>\n\n\n\n<p class=\"wp-block-paragraph\">Este lenguaje ofrece una estructura teol\u00f3gica especialmente adecuada para interpretar la antigua tensi\u00f3n del \u00c1ngel de Yahv\u00e9.<\/p>\n\n\n\n<p class=\"wp-block-paragraph\">Hab\u00edamos encontrado:<\/p>\n\n\n\n<blockquote class=\"wp-block-quote is-layout-flow wp-block-quote-is-layout-flow\">\n<p class=\"wp-block-paragraph\">distinci\u00f3n sin separaci\u00f3n completa,<\/p>\n<\/blockquote>\n\n\n\n<p class=\"wp-block-paragraph\">y:<\/p>\n\n\n\n<blockquote class=\"wp-block-quote is-layout-flow wp-block-quote-is-layout-flow\">\n<p class=\"wp-block-paragraph\">identificaci\u00f3n sin confusi\u00f3n absoluta.<\/p>\n<\/blockquote>\n\n\n\n<p class=\"wp-block-paragraph\">La teolog\u00eda trinitaria postnicena puede ahora expresar:<\/p>\n\n\n\n<blockquote class=\"wp-block-quote is-layout-flow wp-block-quote-is-layout-flow\">\n<p class=\"wp-block-paragraph\"><strong>misma naturaleza divina, distinci\u00f3n personal.<\/strong><\/p>\n<\/blockquote>\n\n\n\n<p class=\"wp-block-paragraph\">Desde una lectura cristol\u00f3gica, por tanto, que el \u00c1ngel sea enviado por Yahv\u00e9 no significa que sea criatura.<\/p>\n\n\n\n<p class=\"wp-block-paragraph\">Puede expresar una relaci\u00f3n personal entre Padre e Hijo.<\/p>\n\n\n\n<p class=\"wp-block-paragraph\">Y que sea llamado Yahv\u00e9 no significa que sea el Padre.<\/p>\n\n\n\n<p class=\"wp-block-paragraph\">Puede compartir la \u00fanica naturaleza divina.<\/p>\n\n\n\n<p class=\"wp-block-paragraph\">Aqu\u00ed encontramos una enorme diferencia respecto de la interpretaci\u00f3n jud\u00eda de agencia.<\/p>\n\n\n\n<p class=\"wp-block-paragraph\">La explicaci\u00f3n jud\u00eda afirma:<\/p>\n\n\n\n<blockquote class=\"wp-block-quote is-layout-flow wp-block-quote-is-layout-flow\">\n<p class=\"wp-block-paragraph\"><strong>distinci\u00f3n ontol\u00f3gica + representaci\u00f3n funcional.<\/strong><\/p>\n<\/blockquote>\n\n\n\n<p class=\"wp-block-paragraph\">La explicaci\u00f3n nicena afirma:<\/p>\n\n\n\n<blockquote class=\"wp-block-quote is-layout-flow wp-block-quote-is-layout-flow\">\n<p class=\"wp-block-paragraph\"><strong>unidad ontol\u00f3gica + distinci\u00f3n personal.<\/strong><\/p>\n<\/blockquote>\n\n\n\n<p class=\"wp-block-paragraph\">Ambas pueden explicar algunos elementos del texto.<\/p>\n\n\n\n<p class=\"wp-block-paragraph\">Pero lo hacen mediante modelos fundamentalmente diferentes.<\/p>\n\n\n\n<h2 id=\"basilio-y-la-unidad-de-operacion-divina\" class=\"wp-block-heading\">Basilio y la unidad de operaci\u00f3n divina<\/h2>\n\n\n\n<p class=\"wp-block-paragraph\">Una idea particularmente importante en los Capadocios es que la acci\u00f3n de Padre, Hijo y Esp\u00edritu no debe imaginarse como actividad de tres dioses independientes.<\/p>\n\n\n\n<p class=\"wp-block-paragraph\">La obra divina es una.<\/p>\n\n\n\n<p class=\"wp-block-paragraph\">Esto tendr\u00e1 consecuencias importantes para interpretar textos donde diferentes figuras parecen participar de una misma acci\u00f3n.<\/p>\n\n\n\n<p class=\"wp-block-paragraph\">Por ejemplo:<\/p>\n\n\n\n<p class=\"wp-block-paragraph\">en <a href=\"https:\/\/biblia.com\/bible\/rvr60\/Ex23.23\">\u00c9xodo 23:23<\/a>, el \u00c1ngel gu\u00eda a Israel mientras Yahv\u00e9 declara que \u00e9l destruir\u00e1 a los enemigos.<\/p>\n\n\n\n<p class=\"wp-block-paragraph\">En <a href=\"https:\/\/biblia.com\/bible\/rvr60\/Jdg6\">Jueces 6<\/a>, el \u00c1ngel aparece mientras Yahv\u00e9 habla y comisiona.<\/p>\n\n\n\n<p class=\"wp-block-paragraph\">En <a href=\"https:\/\/biblia.com\/bible\/rvr60\/Zec3\">Zacar\u00edas 3<\/a>, el \u00c1ngel participa dentro de una escena de purificaci\u00f3n cuya autoridad \u00faltima pertenece a Yahv\u00e9.<\/p>\n\n\n\n<p class=\"wp-block-paragraph\">Una lectura trinitaria podr\u00e1 entender este tipo de fen\u00f3menos no como cooperaci\u00f3n entre dos dioses, sino como <strong>unidad de acci\u00f3n divina con distinci\u00f3n de personas<\/strong>.<\/p>\n\n\n\n<p class=\"wp-block-paragraph\"><strong>Lewis Ayres<\/strong>, en su estudio de la teolog\u00eda nicena, ha subrayado la importancia de no reducir la ortodoxia del siglo IV a la sola palabra <em>homoousios<\/em>.<sup data-fn=\"bb225098-5ba3-4876-8495-c54b9b9d218c\" class=\"fn\"><a href=\"#bb225098-5ba3-4876-8495-c54b9b9d218c\" id=\"bb225098-5ba3-4876-8495-c54b9b9d218c-link\">138<\/a><\/sup> El desarrollo niceno incluye una concepci\u00f3n mucho m\u00e1s amplia de la unidad divina, la inseparabilidad de la acci\u00f3n y la distinci\u00f3n de las personas.<\/p>\n\n\n\n<h2 id=\"gregorio-de-nacianzo-y-la-progresividad-de-la-revelacion\" class=\"wp-block-heading\">Gregorio de Nacianzo y la progresividad de la revelaci\u00f3n<\/h2>\n\n\n\n<p class=\"wp-block-paragraph\">Otro elemento relevante aparece en <strong>Gregorio de Nacianzo<\/strong>, especialmente en su manera de describir el desarrollo progresivo de la revelaci\u00f3n trinitaria.<\/p>\n\n\n\n<p class=\"wp-block-paragraph\">Gregorio reconoce que el Antiguo Testamento no presenta la doctrina trinitaria con la claridad expl\u00edcita del Nuevo.<sup data-fn=\"b3d1a005-0ef5-4168-9fe5-90dbb5d027b0\" class=\"fn\"><a href=\"#b3d1a005-0ef5-4168-9fe5-90dbb5d027b0\" id=\"b3d1a005-0ef5-4168-9fe5-90dbb5d027b0-link\">139<\/a><\/sup><\/p>\n\n\n\n<p class=\"wp-block-paragraph\">Esta observaci\u00f3n resulta extremadamente importante para nuestro art\u00edculo.<\/p>\n\n\n\n<p class=\"wp-block-paragraph\">Permite evitar una lectura anacr\u00f3nica del \u00c1ngel de Yahv\u00e9.<\/p>\n\n\n\n<p class=\"wp-block-paragraph\">Una teolog\u00eda cristiana puede afirmar que las teofan\u00edas poseen un significado trinitario retrospectivo sin sostener que los autores veterotestamentarios formularan conscientemente la doctrina nicena.<\/p>\n\n\n\n<p class=\"wp-block-paragraph\">La revelaci\u00f3n puede comprenderse como progresiva.<\/p>\n\n\n\n<p class=\"wp-block-paragraph\">Primero se establece claramente la unidad de Dios.<\/p>\n\n\n\n<p class=\"wp-block-paragraph\">Posteriormente se revela con mayor claridad la identidad del Hijo.<\/p>\n\n\n\n<p class=\"wp-block-paragraph\">Finalmente se articula m\u00e1s plenamente la identidad del Esp\u00edritu.<sup data-fn=\"afe8e3a3-0c3c-45de-930a-d4e4be4cd484\" class=\"fn\"><a href=\"#afe8e3a3-0c3c-45de-930a-d4e4be4cd484\" id=\"afe8e3a3-0c3c-45de-930a-d4e4be4cd484-link\">140<\/a><\/sup><\/p>\n\n\n\n<p class=\"wp-block-paragraph\">Esta aproximaci\u00f3n resulta metodol\u00f3gicamente mucho m\u00e1s cuidadosa que afirmar:<\/p>\n\n\n\n<blockquote class=\"wp-block-quote is-layout-flow wp-block-quote-is-layout-flow\">\n<p class=\"wp-block-paragraph\">\u201cMois\u00e9s ya conoc\u00eda la doctrina de Nicea porque vio al \u00c1ngel\u201d.<\/p>\n<\/blockquote>\n\n\n\n<h2 id=\"gregorio-de-nisa-y-la-trascendencia-divina\" class=\"wp-block-heading\">Gregorio de Nisa y la trascendencia divina<\/h2>\n\n\n\n<p class=\"wp-block-paragraph\">Con <strong>Gregorio de Nisa<\/strong> encontramos tambi\u00e9n una fuerte insistencia en la trascendencia e incomprensibilidad de la esencia divina.<\/p>\n\n\n\n<p class=\"wp-block-paragraph\">Esto contribuye a desplazar la interpretaci\u00f3n de las teofan\u00edas.<\/p>\n\n\n\n<p class=\"wp-block-paragraph\">\u201cVer a Dios\u201d no significa captar exhaustivamente su esencia.<\/p>\n\n\n\n<p class=\"wp-block-paragraph\">Mois\u00e9s puede acercarse constantemente a Dios sin agotar nunca el misterio divino.<\/p>\n\n\n\n<p class=\"wp-block-paragraph\">El famoso movimiento hacia la \u201ctiniebla\u201d de <a href=\"https:\/\/biblia.com\/bible\/rvr60\/Ex20.21\">\u00c9xodo 20:21<\/a> adquiere, en Gregorio, una profunda significaci\u00f3n espiritual.<\/p>\n\n\n\n<p class=\"wp-block-paragraph\">Esto conecta con una cuesti\u00f3n que hab\u00edamos encontrado desde el comienzo:<\/p>\n\n\n\n<blockquote class=\"wp-block-quote is-layout-flow wp-block-quote-is-layout-flow\">\n<p class=\"wp-block-paragraph\">\u00bfc\u00f3mo puede Jacob decir que vio a Dios (<a href=\"https:\/\/biblia.com\/bible\/rvr60\/Ge32.30\">Gn 32:30<\/a>) si Dios no puede ser visto plenamente (<a href=\"https:\/\/biblia.com\/bible\/rvr60\/Ex33.20\">Ex 33:20<\/a>)?<\/p>\n<\/blockquote>\n\n\n\n<p class=\"wp-block-paragraph\">La respuesta postnicena tender\u00e1 a distinguir:<\/p>\n\n\n\n<blockquote class=\"wp-block-quote is-layout-flow wp-block-quote-is-layout-flow\">\n<p class=\"wp-block-paragraph\"><strong>manifestaci\u00f3n real<\/strong><\/p>\n<\/blockquote>\n\n\n\n<p class=\"wp-block-paragraph\">de:<\/p>\n\n\n\n<blockquote class=\"wp-block-quote is-layout-flow wp-block-quote-is-layout-flow\">\n<p class=\"wp-block-paragraph\"><strong>visi\u00f3n exhaustiva de la esencia.<\/strong><\/p>\n<\/blockquote>\n\n\n\n<p class=\"wp-block-paragraph\">Una teofan\u00eda comunica verdaderamente a Dios sin agotar qui\u00e9n es Dios.<\/p>\n\n\n\n<h2 id=\"una-consecuencia-decisiva-para-el-angel-de-yahve\" class=\"wp-block-heading\">Una consecuencia decisiva para el \u00c1ngel de Yahv\u00e9<\/h2>\n\n\n\n<p class=\"wp-block-paragraph\">Llegados a este punto, la antigua identificaci\u00f3n cristol\u00f3gica puede reformularse con mayor precisi\u00f3n.<\/p>\n\n\n\n<p class=\"wp-block-paragraph\">En el siglo II pod\u00eda expresarse:<\/p>\n\n\n\n<blockquote class=\"wp-block-quote is-layout-flow wp-block-quote-is-layout-flow\">\n<p class=\"wp-block-paragraph\">\u201cEl \u00c1ngel es Cristo porque el Padre es invisible y el Hijo aparece\u201d.<\/p>\n<\/blockquote>\n\n\n\n<p class=\"wp-block-paragraph\">Despu\u00e9s del desarrollo niceno, una formulaci\u00f3n m\u00e1s cuidadosa ser\u00eda:<\/p>\n\n\n\n<blockquote class=\"wp-block-quote is-layout-flow wp-block-quote-is-layout-flow\">\n<p class=\"wp-block-paragraph\"><strong>\u201cSi determinadas teofan\u00edas son manifestaciones del Hijo, no lo son porque el Hijo posea una naturaleza visible diferente de la del Padre, sino porque el Dios trino puede hacer presente al Hijo mediante una forma creada o acomodada.\u201d<\/strong><\/p>\n<\/blockquote>\n\n\n\n<p class=\"wp-block-paragraph\">Esta distinci\u00f3n prepara el gran cambio que encontraremos en Agust\u00edn.<\/p>\n\n\n\n<p class=\"wp-block-paragraph\">Porque Agust\u00edn preguntar\u00e1:<\/p>\n\n\n\n<blockquote class=\"wp-block-quote is-layout-flow wp-block-quote-is-layout-flow\">\n<p class=\"wp-block-paragraph\"><strong>\u00bfc\u00f3mo sabemos que la persona que se manifest\u00f3 en cada teofan\u00eda fue espec\u00edficamente el Hijo?<\/strong><\/p>\n<\/blockquote>\n\n\n\n<p class=\"wp-block-paragraph\">Y su respuesta ser\u00e1 mucho m\u00e1s cautelosa que la de Justino.<\/p>\n\n\n\n<h2 id=\"se-debilita-entonces-la-interpretacion-cristofanica\" class=\"wp-block-heading\">\u00bfSe debilita entonces la interpretaci\u00f3n cristof\u00e1nica?<\/h2>\n\n\n\n<p class=\"wp-block-paragraph\">No necesariamente.<\/p>\n\n\n\n<p class=\"wp-block-paragraph\">Pero cambia de estatuto.<\/p>\n\n\n\n<p class=\"wp-block-paragraph\">Antes pod\u00eda afirmarse:<\/p>\n\n\n\n<blockquote class=\"wp-block-quote is-layout-flow wp-block-quote-is-layout-flow\">\n<p class=\"wp-block-paragraph\">el Padre nunca aparece; por tanto, quien aparece debe ser el Hijo.<\/p>\n<\/blockquote>\n\n\n\n<p class=\"wp-block-paragraph\">Despu\u00e9s de Nicea, esa inferencia resulta menos autom\u00e1tica.<\/p>\n\n\n\n<p class=\"wp-block-paragraph\">Padre, Hijo y Esp\u00edritu comparten la misma naturaleza invisible.<\/p>\n\n\n\n<p class=\"wp-block-paragraph\">Una aparici\u00f3n visible puede producirse mediante una criatura asumida temporalmente para la manifestaci\u00f3n.<\/p>\n\n\n\n<p class=\"wp-block-paragraph\">Por tanto, el hecho de que una figura sea visible no identifica por s\u00ed solo qu\u00e9 persona divina est\u00e1 siendo representada.<\/p>\n\n\n\n<p class=\"wp-block-paragraph\">Esto constituye uno de los cambios hermen\u00e9uticos m\u00e1s importantes de toda la historia de interpretaci\u00f3n del \u00c1ngel.<\/p>\n\n\n\n<p class=\"wp-block-paragraph\">La pregunta se vuelve:<\/p>\n\n\n\n<blockquote class=\"wp-block-quote is-layout-flow wp-block-quote-is-layout-flow\">\n<p class=\"wp-block-paragraph\"><strong>\u00bfqu\u00e9 elementos textuales permiten atribuir una teofan\u00eda espec\u00edficamente al Hijo?<\/strong><\/p>\n<\/blockquote>\n\n\n\n<p class=\"wp-block-paragraph\">No basta con:<\/p>\n\n\n\n<blockquote class=\"wp-block-quote is-layout-flow wp-block-quote-is-layout-flow\">\n<p class=\"wp-block-paragraph\">\u201cse vio una figura\u201d.<\/p>\n<\/blockquote>\n\n\n\n<p class=\"wp-block-paragraph\">Ser\u00e1 necesario considerar:<\/p>\n\n\n\n<p class=\"wp-block-paragraph\">el env\u00edo,<br>el lenguaje del Logos,<br>la interpretaci\u00f3n neotestamentaria,<br>la estructura narrativa,<br>y la recepci\u00f3n can\u00f3nica.<\/p>\n\n\n\n<h2 id=\"la-diferencia-con-la-posicion-de-heiser\" class=\"wp-block-heading\">La diferencia con la posici\u00f3n de Heiser<\/h2>\n\n\n\n<p class=\"wp-block-paragraph\">Este desarrollo hist\u00f3rico tambi\u00e9n resulta interesante cuando lo comparamos con propuestas modernas como la de <strong>Michael Heiser<\/strong>.<\/p>\n\n\n\n<p class=\"wp-block-paragraph\">Heiser encuentra en los textos veterotestamentarios una complejidad interna en la presentaci\u00f3n de Yahv\u00e9 anterior a la formulaci\u00f3n cristiana de la Trinidad.<\/p>\n\n\n\n<p class=\"wp-block-paragraph\">La patr\u00edstica nicena, en cambio, interpreta retrospectivamente esa complejidad mediante las categor\u00edas Padre-Hijo.<\/p>\n\n\n\n<p class=\"wp-block-paragraph\">Ambas aproximaciones pueden coincidir en afirmar que los textos no presentan simplemente:<\/p>\n\n\n\n<blockquote class=\"wp-block-quote is-layout-flow wp-block-quote-is-layout-flow\">\n<p class=\"wp-block-paragraph\">\u201cDios aqu\u00ed y un \u00e1ngel ordinario all\u00e1\u201d.<\/p>\n<\/blockquote>\n\n\n\n<p class=\"wp-block-paragraph\">Pero difieren metodol\u00f3gicamente.<\/p>\n\n\n\n<p class=\"wp-block-paragraph\">Heiser intenta reconstruir la cosmovisi\u00f3n israelita antigua.<\/p>\n\n\n\n<p class=\"wp-block-paragraph\">Los Capadocios articulan una lectura cristiana sistem\u00e1tica a la luz de Cristo y la doctrina trinitaria.<\/p>\n\n\n\n<p class=\"wp-block-paragraph\">Estas dos preguntas deben mantenerse diferenciadas:<\/p>\n\n\n\n<blockquote class=\"wp-block-quote is-layout-flow wp-block-quote-is-layout-flow\">\n<p class=\"wp-block-paragraph\"><strong>\u00bfqu\u00e9 significaba el texto en su contexto antiguo?<\/strong><\/p>\n<\/blockquote>\n\n\n\n<p class=\"wp-block-paragraph\">y:<\/p>\n\n\n\n<blockquote class=\"wp-block-quote is-layout-flow wp-block-quote-is-layout-flow\">\n<p class=\"wp-block-paragraph\"><strong>\u00bfc\u00f3mo puede ser integrado dentro de una teolog\u00eda cristiana can\u00f3nica?<\/strong><\/p>\n<\/blockquote>\n\n\n\n<p class=\"wp-block-paragraph\">Confundirlas conduce tanto a anacronismos hist\u00f3ricos como a simplificaciones teol\u00f3gicas.<\/p>\n\n\n\n<h2 id=\"nicea-no-elimina-la-historia-anterior\" class=\"wp-block-heading\">Nicea no elimina la historia anterior<\/h2>\n\n\n\n<p class=\"wp-block-paragraph\">Resulta tambi\u00e9n importante no imaginar que el concilio de Nicea simplemente sustituy\u00f3 todas las interpretaciones anteriores.<\/p>\n\n\n\n<p class=\"wp-block-paragraph\">Las antiguas teofan\u00edas continuaron siendo le\u00eddas cristol\u00f3gicamente.<\/p>\n\n\n\n<p class=\"wp-block-paragraph\">La expresi\u00f3n \u201c\u00c1ngel del gran consejo\u201d, procedente de la tradici\u00f3n griega de <a href=\"https:\/\/biblia.com\/bible\/rvr60\/Is9.6\">Isa\u00edas 9:6<\/a>, continu\u00f3 utiliz\u00e1ndose.<\/p>\n\n\n\n<p class=\"wp-block-paragraph\">La zarza ardiente sigui\u00f3 siendo interpretada tipol\u00f3gica y cristol\u00f3gicamente.<\/p>\n\n\n\n<p class=\"wp-block-paragraph\">Las apariciones a Abraham siguieron formando parte de la iconograf\u00eda y predicaci\u00f3n cristianas.<\/p>\n\n\n\n<p class=\"wp-block-paragraph\">Lo que cambia es el <strong>marco doctrinal<\/strong>.<\/p>\n\n\n\n<p class=\"wp-block-paragraph\">Cristo ya no puede ser pensado ambiguamente como una figura divina de rango secundario.<\/p>\n\n\n\n<p class=\"wp-block-paragraph\">La confesi\u00f3n nicena exige afirmar:<\/p>\n\n\n\n<blockquote class=\"wp-block-quote is-layout-flow wp-block-quote-is-layout-flow\">\n<p class=\"wp-block-paragraph\"><strong>verdadero Dios de verdadero Dios.<\/strong><\/p>\n<\/blockquote>\n\n\n\n<p class=\"wp-block-paragraph\">Esta precisi\u00f3n tendr\u00e1 una consecuencia importante:<\/p>\n\n\n\n<p class=\"wp-block-paragraph\">si el \u00c1ngel de Yahv\u00e9 es Cristo,<\/p>\n\n\n\n<p class=\"wp-block-paragraph\">entonces:<\/p>\n\n\n\n<blockquote class=\"wp-block-quote is-layout-flow wp-block-quote-is-layout-flow\">\n<p class=\"wp-block-paragraph\"><strong>el \u00c1ngel no es una criatura que representa a Dios desde fuera, sino el Hijo divino que act\u00faa dentro de la \u00fanica econom\u00eda de Dios.<\/strong><\/p>\n<\/blockquote>\n\n\n\n<h2 id=\"una-cuestion-que-permanece-abierta\" class=\"wp-block-heading\">Una cuesti\u00f3n que permanece abierta<\/h2>\n\n\n\n<p class=\"wp-block-paragraph\">Sin embargo, incluso dentro de una teolog\u00eda nicena, todav\u00eda debe demostrarse exeg\u00e9ticamente que un determinado pasaje habla espec\u00edficamente del Hijo.<\/p>\n\n\n\n<p class=\"wp-block-paragraph\">La doctrina de la Trinidad no permite simplemente identificar cualquier \u00e1ngel misterioso con Cristo.<\/p>\n\n\n\n<p class=\"wp-block-paragraph\">Por ejemplo, en <a href=\"https:\/\/biblia.com\/bible\/rvr60\/Zec1.12\">Zacar\u00edas 1:12<\/a>, el \u00c1ngel de Yahv\u00e9 intercede ante Yahv\u00e9.<\/p>\n\n\n\n<p class=\"wp-block-paragraph\">Una lectura trinitaria puede interpretar esto como Hijo intercediendo ante Padre.<\/p>\n\n\n\n<p class=\"wp-block-paragraph\">Pero tambi\u00e9n puede entenderlo como un \u00e1ngel creado.<\/p>\n\n\n\n<p class=\"wp-block-paragraph\">La doctrina trinitaria hace posible la primera interpretaci\u00f3n.<\/p>\n\n\n\n<p class=\"wp-block-paragraph\">No la demuestra autom\u00e1ticamente.<\/p>\n\n\n\n<p class=\"wp-block-paragraph\">Este principio debe conservarse.<\/p>\n\n\n\n<p class=\"wp-block-paragraph\">La teolog\u00eda sistem\u00e1tica puede ofrecer un marco de posibilidad.<\/p>\n\n\n\n<p class=\"wp-block-paragraph\">La ex\u00e9gesis debe evaluar el referente concreto.<\/p>\n\n\n\n<h2 id=\"de-los-capadocios-a-agustin\" class=\"wp-block-heading\">De los Capadocios a Agust\u00edn<\/h2>\n\n\n\n<p class=\"wp-block-paragraph\">Ser\u00e1 <strong>Agust\u00edn de Hipona<\/strong> quien lleve este problema a una nueva etapa.<\/p>\n\n\n\n<p class=\"wp-block-paragraph\">Agust\u00edn acepta plenamente la consustancialidad del Padre, Hijo y Esp\u00edritu.<\/p>\n\n\n\n<p class=\"wp-block-paragraph\">Pero precisamente por ello cuestiona la antigua inferencia:<\/p>\n\n\n\n<blockquote class=\"wp-block-quote is-layout-flow wp-block-quote-is-layout-flow\">\n<p class=\"wp-block-paragraph\">\u201csi fue visible, tuvo que ser el Hijo\u201d.<\/p>\n<\/blockquote>\n\n\n\n<p class=\"wp-block-paragraph\">Para \u00e9l, la naturaleza divina de las tres personas es invisible.<\/p>\n\n\n\n<p class=\"wp-block-paragraph\">Las apariciones veterotestamentarias pueden haber ocurrido mediante <strong>criaturas visibles temporalmente utilizadas por Dios<\/strong>.<\/p>\n\n\n\n<p class=\"wp-block-paragraph\">Esto significa que una figura llamada \u201c\u00c1ngel de Yahv\u00e9\u201d podr\u00eda representar a Dios sin que debamos identificar necesariamente su forma visible con la naturaleza del Hijo.<\/p>\n\n\n\n<p class=\"wp-block-paragraph\">El cambio es enorme.<\/p>\n\n\n\n<p class=\"wp-block-paragraph\">Con Justino:<\/p>\n\n\n\n<blockquote class=\"wp-block-quote is-layout-flow wp-block-quote-is-layout-flow\">\n<p class=\"wp-block-paragraph\"><strong>teofan\u00eda visible \u2192 Logos.<\/strong><\/p>\n<\/blockquote>\n\n\n\n<p class=\"wp-block-paragraph\">Con Agust\u00edn:<\/p>\n\n\n\n<blockquote class=\"wp-block-quote is-layout-flow wp-block-quote-is-layout-flow\">\n<p class=\"wp-block-paragraph\"><strong>teofan\u00eda visible \u2192 signo creado mediante el cual el Dios trino se revela; la persona representada debe determinarse por otros criterios.<\/strong><\/p>\n<\/blockquote>\n\n\n\n<p class=\"wp-block-paragraph\">Este ser\u00e1 uno de los momentos m\u00e1s importantes de toda nuestra historia de interpretaci\u00f3n.<sup data-fn=\"776f17ff-ece4-4713-ab9b-0b7b427bbe67\" class=\"fn\"><a href=\"#776f17ff-ece4-4713-ab9b-0b7b427bbe67\" id=\"776f17ff-ece4-4713-ab9b-0b7b427bbe67-link\">141<\/a><\/sup><\/p>\n\n\n\n<h3 id=\"sintesis\" class=\"wp-block-heading\">S\u00edntesis<\/h3>\n\n\n\n<p class=\"wp-block-paragraph\">El siglo IV transforma profundamente la cuesti\u00f3n del \u00c1ngel de Yahv\u00e9.<\/p>\n\n\n\n<p class=\"wp-block-paragraph\">Antes de Nicea, el problema principal era:<\/p>\n\n\n\n<blockquote class=\"wp-block-quote is-layout-flow wp-block-quote-is-layout-flow\">\n<p class=\"wp-block-paragraph\"><strong>\u00bfc\u00f3mo puede el \u00c1ngel ser distinguido de Dios y, sin embargo, ser llamado Dios?<\/strong><\/p>\n<\/blockquote>\n\n\n\n<p class=\"wp-block-paragraph\">Despu\u00e9s de Nicea, la teolog\u00eda dispone de una respuesta cristol\u00f3gica posible:<\/p>\n\n\n\n<blockquote class=\"wp-block-quote is-layout-flow wp-block-quote-is-layout-flow\">\n<p class=\"wp-block-paragraph\"><strong>porque el Hijo puede ser personalmente distinto del Padre y, sin embargo, poseer plenamente la misma naturaleza divina.<\/strong><\/p>\n<\/blockquote>\n\n\n\n<p class=\"wp-block-paragraph\">Pero esa misma respuesta crea una nueva dificultad.<\/p>\n\n\n\n<p class=\"wp-block-paragraph\">Si Padre e Hijo comparten la misma naturaleza invisible, entonces la simple <strong>visibilidad<\/strong> de una teofan\u00eda ya no basta para identificar al personaje como Hijo.<\/p>\n\n\n\n<p class=\"wp-block-paragraph\">As\u00ed, la teolog\u00eda nicena simult\u00e1neamente <strong>fortalece y limita<\/strong> la antigua cristolog\u00eda del \u00c1ngel.<\/p>\n\n\n\n<p class=\"wp-block-paragraph\">La fortalece porque excluye que el Hijo sea un \u00e1ngel creado.<\/p>\n\n\n\n<p class=\"wp-block-paragraph\">La limita porque obliga a justificar exeg\u00e9ticamente por qu\u00e9 una manifestaci\u00f3n determinada debe atribuirse espec\u00edficamente al Hijo.<\/p>\n\n\n\n<p class=\"wp-block-paragraph\">El pr\u00f3ximo cap\u00edtulo, dedicado a <strong>Agust\u00edn de Hipona<\/strong>, mostrar\u00e1 precisamente las consecuencias de este cambio y marcar\u00e1 una de las grandes divisiones hist\u00f3ricas en la interpretaci\u00f3n cristiana de las teofan\u00edas veterotestamentarias.<\/p>\n\n\n\n<h1 id=\"agustin-de-hipona-y-la-reinterpretacion-de-las-teofanias-del-logos-visible-al-signo-creado\" class=\"wp-block-heading\">Agust\u00edn de Hipona y la reinterpretaci\u00f3n de las teofan\u00edas: del Logos visible al signo creado<\/h1>\n\n\n\n<p class=\"wp-block-paragraph\">Con <strong>Agust\u00edn de Hipona<\/strong> (354\u2013430) llegamos a uno de los momentos m\u00e1s importantes de la historia cristiana de la interpretaci\u00f3n del \u00c1ngel de Yahv\u00e9. La tradici\u00f3n anterior, especialmente en Justino M\u00e1rtir y Tertuliano, hab\u00eda tendido a identificar las manifestaciones visibles de Dios en el Antiguo Testamento con el Logos preencarnado. El razonamiento era relativamente sencillo: el Padre es invisible; sin embargo, Dios aparece visiblemente a Abraham, Jacob y Mois\u00e9s; por tanto, aquel que aparece debe ser el Hijo.<\/p>\n\n\n\n<p class=\"wp-block-paragraph\">Agust\u00edn considera insuficiente esa inferencia.<\/p>\n\n\n\n<p class=\"wp-block-paragraph\">La raz\u00f3n es profundamente trinitaria. Si Padre, Hijo y Esp\u00edritu poseen la misma naturaleza divina, entonces la <strong>invisibilidad y espiritualidad de Dios pertenecen a la naturaleza divina com\u00fan<\/strong>, no exclusivamente al Padre. El Hijo eterno, antes de asumir carne en la encarnaci\u00f3n, tampoco es corporal o visible por naturaleza.<\/p>\n\n\n\n<p class=\"wp-block-paragraph\">Esto obliga a formular nuevamente la pregunta:<\/p>\n\n\n\n<blockquote class=\"wp-block-quote is-layout-flow wp-block-quote-is-layout-flow\">\n<p class=\"wp-block-paragraph\"><strong>Cuando una figura visible aparece como Dios en el Antiguo Testamento, \u00bfestamos contemplando directamente a una persona divina o una forma creada mediante la cual Dios se manifiesta?<\/strong><\/p>\n<\/blockquote>\n\n\n\n<p class=\"wp-block-paragraph\">Agust\u00edn se inclina decididamente hacia la segunda posibilidad.<\/p>\n\n\n\n<p class=\"wp-block-paragraph\">Este cambio constituye una importante ruptura \u2014aunque no absoluta\u2014 respecto de la antigua \u201ccristolog\u00eda del \u00c1ngel\u201d.<\/p>\n\n\n\n<h2 id=\"la-igualdad-de-las-personas-divinas\" class=\"wp-block-heading\">La igualdad de las personas divinas<\/h2>\n\n\n\n<p class=\"wp-block-paragraph\">El punto de partida de Agust\u00edn es la plena igualdad de Padre, Hijo y Esp\u00edritu.<\/p>\n\n\n\n<p class=\"wp-block-paragraph\">Su gran obra <em>De Trinitate<\/em> intenta comprender c\u00f3mo la Escritura puede hablar de tres personas sin dividir la \u00fanica naturaleza divina.<\/p>\n\n\n\n<p class=\"wp-block-paragraph\">Para nuestro estudio resulta fundamental que Agust\u00edn rechace cualquier concepci\u00f3n seg\u00fan la cual:<\/p>\n\n\n\n<blockquote class=\"wp-block-quote is-layout-flow wp-block-quote-is-layout-flow\">\n<p class=\"wp-block-paragraph\">el Padre sea esencialmente invisible,<\/p>\n<\/blockquote>\n\n\n\n<p class=\"wp-block-paragraph\">mientras:<\/p>\n\n\n\n<blockquote class=\"wp-block-quote is-layout-flow wp-block-quote-is-layout-flow\">\n<p class=\"wp-block-paragraph\">el Hijo sea esencialmente visible.<\/p>\n<\/blockquote>\n\n\n\n<p class=\"wp-block-paragraph\">Ambos comparten una misma naturaleza espiritual e incorp\u00f3rea.<\/p>\n\n\n\n<p class=\"wp-block-paragraph\">Por ello, cuando <a href=\"https:\/\/biblia.com\/bible\/rvr60\/Jn1.18\">Juan 1:18<\/a> afirma:<\/p>\n\n\n\n<blockquote class=\"wp-block-quote is-layout-flow wp-block-quote-is-layout-flow\">\n<p class=\"wp-block-paragraph\">\u201cA Dios nadie le vio jam\u00e1s\u201d,<\/p>\n<\/blockquote>\n\n\n\n<p class=\"wp-block-paragraph\">Agust\u00edn no considera que la frase se aplique simplemente al Padre mientras el Hijo divino permanece naturalmente visible.<\/p>\n\n\n\n<p class=\"wp-block-paragraph\">La invisibilidad pertenece a <strong>Dios como Dios<\/strong>.<\/p>\n\n\n\n<p class=\"wp-block-paragraph\">Esto modifica radicalmente la antigua argumentaci\u00f3n teof\u00e1nica.<sup data-fn=\"a3cf8213-743b-4afe-829c-6dca25901ea3\" class=\"fn\"><a href=\"#a3cf8213-743b-4afe-829c-6dca25901ea3\" id=\"a3cf8213-743b-4afe-829c-6dca25901ea3-link\">142<\/a><\/sup><\/p>\n\n\n\n<h2 id=\"que-vieron-entonces-los-patriarcas\" class=\"wp-block-heading\">\u00bfQu\u00e9 vieron entonces los patriarcas?<\/h2>\n\n\n\n<p class=\"wp-block-paragraph\">La dificultad permanece.<\/p>\n\n\n\n<p class=\"wp-block-paragraph\">Abraham experimenta una aparici\u00f3n de Yahv\u00e9 (<a href=\"https:\/\/biblia.com\/bible\/rvr60\/Ge18.1\">Gn 18:1<\/a>).<\/p>\n\n\n\n<p class=\"wp-block-paragraph\">Jacob afirma:<\/p>\n\n\n\n<blockquote class=\"wp-block-quote is-layout-flow wp-block-quote-is-layout-flow\">\n<p class=\"wp-block-paragraph\">\u201cVi a Dios cara a cara\u201d (<a href=\"https:\/\/biblia.com\/bible\/rvr60\/Ge32.30\">Gn 32:30<\/a>).<\/p>\n<\/blockquote>\n\n\n\n<p class=\"wp-block-paragraph\">Mois\u00e9s encuentra al \u00c1ngel de Yahv\u00e9 y escucha la voz de Dios desde la zarza (<a href=\"https:\/\/biblia.com\/bible\/rvr60\/Ex3.2-6\">Ex 3:2\u20136<\/a>).<\/p>\n\n\n\n<p class=\"wp-block-paragraph\">Gede\u00f3n teme despu\u00e9s de contemplar al \u00c1ngel de Yahv\u00e9 (<a href=\"https:\/\/biblia.com\/bible\/rvr60\/Jdg6.22-23\">Jue 6:22\u201323<\/a>).<\/p>\n\n\n\n<p class=\"wp-block-paragraph\">Manoa declara:<\/p>\n\n\n\n<blockquote class=\"wp-block-quote is-layout-flow wp-block-quote-is-layout-flow\">\n<p class=\"wp-block-paragraph\">\u201ca Dios hemos visto\u201d (<a href=\"https:\/\/biblia.com\/bible\/rvr60\/Jdg13.22\">Jue 13:22<\/a>).<\/p>\n<\/blockquote>\n\n\n\n<p class=\"wp-block-paragraph\">Agust\u00edn no niega que estas experiencias sean aut\u00e9nticas revelaciones de Dios.<\/p>\n\n\n\n<p class=\"wp-block-paragraph\">Lo que cuestiona es que los seres humanos hayan contemplado directamente la <strong>sustancia divina<\/strong>.<\/p>\n\n\n\n<p class=\"wp-block-paragraph\">La soluci\u00f3n consiste en distinguir entre:<\/p>\n\n\n\n<blockquote class=\"wp-block-quote is-layout-flow wp-block-quote-is-layout-flow\">\n<p class=\"wp-block-paragraph\"><strong>Dios que se revela<\/strong><\/p>\n<\/blockquote>\n\n\n\n<p class=\"wp-block-paragraph\">y:<\/p>\n\n\n\n<blockquote class=\"wp-block-quote is-layout-flow wp-block-quote-is-layout-flow\">\n<p class=\"wp-block-paragraph\"><strong>la forma visible utilizada en la revelaci\u00f3n.<\/strong><\/p>\n<\/blockquote>\n\n\n\n<p class=\"wp-block-paragraph\">La forma puede ser creada temporalmente para comunicar la presencia divina.<\/p>\n\n\n\n<h2 id=\"la-teofania-mediante-criaturas\" class=\"wp-block-heading\">La teofan\u00eda mediante criaturas<\/h2>\n\n\n\n<p class=\"wp-block-paragraph\">Agust\u00edn compara las antiguas apariciones con fen\u00f3menos posteriores de revelaci\u00f3n divina.<\/p>\n\n\n\n<p class=\"wp-block-paragraph\">Por ejemplo, en el bautismo de Jes\u00fas el Esp\u00edritu Santo aparece:<\/p>\n\n\n\n<blockquote class=\"wp-block-quote is-layout-flow wp-block-quote-is-layout-flow\">\n<p class=\"wp-block-paragraph\">\u201ccomo paloma\u201d (<a href=\"https:\/\/biblia.com\/bible\/rvr60\/Mt3.16\">Mt 3:16<\/a>).<\/p>\n<\/blockquote>\n\n\n\n<p class=\"wp-block-paragraph\">Esto no significa que el Esp\u00edritu Santo sea ontol\u00f3gicamente un p\u00e1jaro.<\/p>\n\n\n\n<p class=\"wp-block-paragraph\">La paloma es <strong>signo visible<\/strong> mediante el cual el Esp\u00edritu es manifestado.<\/p>\n\n\n\n<p class=\"wp-block-paragraph\">De manera semejante, en Pentecost\u00e9s aparecen:<\/p>\n\n\n\n<blockquote class=\"wp-block-quote is-layout-flow wp-block-quote-is-layout-flow\">\n<p class=\"wp-block-paragraph\">\u201clenguas repartidas, como de fuego\u201d (<a href=\"https:\/\/biblia.com\/bible\/rvr60\/Ac2.3\">Hch 2:3<\/a>).<\/p>\n<\/blockquote>\n\n\n\n<p class=\"wp-block-paragraph\">Nadie concluye que la esencia del Esp\u00edritu sea fuego material.<\/p>\n\n\n\n<p class=\"wp-block-paragraph\">La forma visible sirve a la revelaci\u00f3n.<\/p>\n\n\n\n<p class=\"wp-block-paragraph\">Agust\u00edn aplica una l\u00f3gica semejante a numerosas teofan\u00edas veterotestamentarias.<\/p>\n\n\n\n<p class=\"wp-block-paragraph\">Una figura humana, una llama, una nube o un \u00e1ngel pueden constituir <strong>formas creadas de manifestaci\u00f3n<\/strong> sin que la naturaleza divina quede encerrada en ellas.<sup data-fn=\"4898ab95-3842-411c-a13e-180c0314e510\" class=\"fn\"><a href=\"#4898ab95-3842-411c-a13e-180c0314e510\" id=\"4898ab95-3842-411c-a13e-180c0314e510-link\">143<\/a><\/sup><\/p>\n\n\n\n<p class=\"wp-block-paragraph\">Este cambio permite mantener con mayor coherencia la consustancialidad nicena.<\/p>\n\n\n\n<p class=\"wp-block-paragraph\">Padre, Hijo y Esp\u00edritu permanecen invisibles en su naturaleza divina.<\/p>\n\n\n\n<p class=\"wp-block-paragraph\">Lo visible pertenece a la econom\u00eda de la manifestaci\u00f3n.<\/p>\n\n\n\n<h2 id=\"significa-esto-que-el-angel-de-yahve-ya-no-puede-ser-cristo\" class=\"wp-block-heading\">\u00bfSignifica esto que el \u00c1ngel de Yahv\u00e9 ya no puede ser Cristo?<\/h2>\n\n\n\n<p class=\"wp-block-paragraph\">No exactamente.<\/p>\n\n\n\n<p class=\"wp-block-paragraph\">Agust\u00edn es m\u00e1s cauteloso, no necesariamente absolutamente negativo.<\/p>\n\n\n\n<p class=\"wp-block-paragraph\">Su punto es que <strong>la visibilidad por s\u00ed sola no demuestra que el personaje sea el Hijo<\/strong>.<\/p>\n\n\n\n<p class=\"wp-block-paragraph\">La tradici\u00f3n anterior pod\u00eda razonar:<\/p>\n\n\n\n<blockquote class=\"wp-block-quote is-layout-flow wp-block-quote-is-layout-flow\">\n<p class=\"wp-block-paragraph\">Padre invisible + aparici\u00f3n visible = Hijo.<\/p>\n<\/blockquote>\n\n\n\n<p class=\"wp-block-paragraph\">Agust\u00edn responde:<\/p>\n\n\n\n<blockquote class=\"wp-block-quote is-layout-flow wp-block-quote-is-layout-flow\">\n<p class=\"wp-block-paragraph\">las tres personas son invisibles seg\u00fan la naturaleza divina; por tanto, una aparici\u00f3n visible debe ser mediada mediante una forma creada.<\/p>\n<\/blockquote>\n\n\n\n<p class=\"wp-block-paragraph\">Entonces hay que preguntar:<\/p>\n\n\n\n<blockquote class=\"wp-block-quote is-layout-flow wp-block-quote-is-layout-flow\">\n<p class=\"wp-block-paragraph\"><strong>\u00bfa qu\u00e9 persona \u2014o a la Trinidad\u2014 representa esa forma?<\/strong><\/p>\n<\/blockquote>\n\n\n\n<p class=\"wp-block-paragraph\">Esta pregunta debe resolverse a partir del contexto y no simplemente mediante la visibilidad.<\/p>\n\n\n\n<p class=\"wp-block-paragraph\">Esto constituye un importante avance metodol\u00f3gico.<\/p>\n\n\n\n<h2 id=\"la-aparicion-a-abraham-el-hijo-o-la-trinidad\" class=\"wp-block-heading\">La aparici\u00f3n a Abraham: \u00bfel Hijo o la Trinidad?<\/h2>\n\n\n\n<p class=\"wp-block-paragraph\"><a href=\"https:\/\/biblia.com\/bible\/rvr60\/Ge18\">G\u00e9nesis 18<\/a> se convierte en un caso particularmente interesante.<\/p>\n\n\n\n<p class=\"wp-block-paragraph\">El relato declara:<\/p>\n\n\n\n<blockquote class=\"wp-block-quote is-layout-flow wp-block-quote-is-layout-flow\">\n<p class=\"wp-block-paragraph\">\u201cDespu\u00e9s le apareci\u00f3 Jehov\u00e1 en el encinar de Mamre\u201d (<a href=\"https:\/\/biblia.com\/bible\/rvr60\/Ge18.1\">Gn 18:1<\/a>).<\/p>\n<\/blockquote>\n\n\n\n<p class=\"wp-block-paragraph\">Abraham contempla:<\/p>\n\n\n\n<blockquote class=\"wp-block-quote is-layout-flow wp-block-quote-is-layout-flow\">\n<p class=\"wp-block-paragraph\">\u201ctres varones\u201d (<a href=\"https:\/\/biblia.com\/bible\/rvr60\/Ge18.2\">Gn 18:2<\/a>).<\/p>\n<\/blockquote>\n\n\n\n<p class=\"wp-block-paragraph\">Justino hab\u00eda identificado especialmente a uno de ellos con el Logos, mientras los otros dos eran \u00e1ngeles.<\/p>\n\n\n\n<p class=\"wp-block-paragraph\">Agust\u00edn considera otras posibilidades.<\/p>\n\n\n\n<p class=\"wp-block-paragraph\">El n\u00famero <strong>tres<\/strong> permite una lectura trinitaria, aunque Agust\u00edn tambi\u00e9n reconoce dificultades y no pretende resolver mec\u00e1nicamente la escena mediante numerolog\u00eda.<\/p>\n\n\n\n<p class=\"wp-block-paragraph\">La famosa recepci\u00f3n cristiana del episodio terminar\u00e1 expres\u00e1ndose en la f\u00f3rmula:<\/p>\n\n\n\n<blockquote class=\"wp-block-quote is-layout-flow wp-block-quote-is-layout-flow\">\n<p class=\"wp-block-paragraph\"><strong>\u201cvio a tres y ador\u00f3 a uno\u201d.<\/strong><\/p>\n<\/blockquote>\n\n\n\n<p class=\"wp-block-paragraph\">Sin embargo, exeg\u00e9ticamente el texto de G\u00e9nesis distingue posteriormente a los dos \u00e1ngeles que marchan hacia Sodoma (<a href=\"https:\/\/biblia.com\/bible\/rvr60\/Ge19.1\">Gn 19:1<\/a>) de Yahv\u00e9 que permanece hablando con Abraham (<a href=\"https:\/\/biblia.com\/bible\/rvr60\/Ge18.22\">Gn 18:22<\/a>).<\/p>\n\n\n\n<p class=\"wp-block-paragraph\">Por ello, una interpretaci\u00f3n trinitaria directa de los tres visitantes no es la \u00fanica lectura posible.<\/p>\n\n\n\n<p class=\"wp-block-paragraph\">Agust\u00edn utiliza precisamente este tipo de dificultad para mostrar que las teofan\u00edas deben interpretarse con cautela.<sup data-fn=\"18000c9b-46f3-4519-8a85-2b3742d1ef3f\" class=\"fn\"><a href=\"#18000c9b-46f3-4519-8a85-2b3742d1ef3f\" id=\"18000c9b-46f3-4519-8a85-2b3742d1ef3f-link\">144<\/a><\/sup><\/p>\n\n\n\n<h2 id=\"la-zarza-ardiente-revisitada\" class=\"wp-block-heading\">La zarza ardiente revisitada<\/h2>\n\n\n\n<p class=\"wp-block-paragraph\">La aparici\u00f3n de la zarza ofrece otro caso fundamental.<\/p>\n\n\n\n<p class=\"wp-block-paragraph\">El relato declara:<\/p>\n\n\n\n<blockquote class=\"wp-block-quote is-layout-flow wp-block-quote-is-layout-flow\">\n<p class=\"wp-block-paragraph\">\u201cse le apareci\u00f3 el \u00c1ngel de Jehov\u00e1\u201d (<a href=\"https:\/\/biblia.com\/bible\/rvr60\/Ex3.2\">Ex 3:2<\/a>),<\/p>\n<\/blockquote>\n\n\n\n<p class=\"wp-block-paragraph\">pero despu\u00e9s:<\/p>\n\n\n\n<blockquote class=\"wp-block-quote is-layout-flow wp-block-quote-is-layout-flow\">\n<p class=\"wp-block-paragraph\">\u201clo llam\u00f3 Dios de en medio de la zarza\u201d (<a href=\"https:\/\/biblia.com\/bible\/rvr60\/Ex3.4\">Ex 3:4<\/a>).<\/p>\n<\/blockquote>\n\n\n\n<p class=\"wp-block-paragraph\">La antigua tradici\u00f3n cristol\u00f3gica encontraba aqu\u00ed una prueba natural del Logos.<\/p>\n\n\n\n<p class=\"wp-block-paragraph\">Agust\u00edn puede admitir que el signo angelical representa a Dios, pero la relaci\u00f3n no exige que la <strong>forma visible<\/strong> sea literalmente la persona del Hijo.<\/p>\n\n\n\n<p class=\"wp-block-paragraph\">El \u00c1ngel puede funcionar como forma creada de manifestaci\u00f3n o como mensajero mediante el cual la divinidad se hace presente.<\/p>\n\n\n\n<p class=\"wp-block-paragraph\">Aqu\u00ed vemos un resultado sorprendente.<\/p>\n\n\n\n<p class=\"wp-block-paragraph\">En cierto sentido, Agust\u00edn se aproxima m\u00e1s que Justino a algunos aspectos de la explicaci\u00f3n jud\u00eda de <strong>mediaci\u00f3n<\/strong>, aunque su marco teol\u00f3gico sigue siendo plenamente trinitario.<\/p>\n\n\n\n<p class=\"wp-block-paragraph\">La diferencia permanece, por supuesto, porque para Agust\u00edn el Hijo es eternamente consustancial con el Padre.<\/p>\n\n\n\n<p class=\"wp-block-paragraph\">Pero respecto del fen\u00f3meno visible concreto, su ex\u00e9gesis es mucho menos r\u00e1pida en identificarlo con el Logos.<\/p>\n\n\n\n<h2 id=\"angel-como-criatura-y-como-signo\" class=\"wp-block-heading\">\u201c\u00c1ngel\u201d como criatura y como signo<\/h2>\n\n\n\n<p class=\"wp-block-paragraph\">Esta posici\u00f3n permite a Agust\u00edn tomar m\u00e1s seriamente la categor\u00eda normal de \u00e1ngel como ser creado.<\/p>\n\n\n\n<p class=\"wp-block-paragraph\">En algunos relatos, un verdadero \u00e1ngel creado puede transmitir la voz de Dios.<\/p>\n\n\n\n<p class=\"wp-block-paragraph\">En otros, una forma creada puede representar directamente una persona divina.<\/p>\n\n\n\n<p class=\"wp-block-paragraph\">La dificultad consiste en saber cu\u00e1l de estas posibilidades opera en cada texto.<\/p>\n\n\n\n<p class=\"wp-block-paragraph\">Esto significa que la expresi\u00f3n:<\/p>\n\n\n\n<blockquote class=\"wp-block-quote is-layout-flow wp-block-quote-is-layout-flow\">\n<p class=\"wp-block-paragraph\">\u05de\u05b7\u05dc\u05b0\u05d0\u05b7\u05da\u05b0 \u05d9\u05b0\u05d4\u05d5\u05b8\u05d4<br><em>mal\u02beakh YHWH<\/em><\/p>\n<\/blockquote>\n\n\n\n<p class=\"wp-block-paragraph\">ya no debe ser convertida autom\u00e1ticamente en un t\u00edtulo cristol\u00f3gico.<\/p>\n\n\n\n<p class=\"wp-block-paragraph\">Esto supone un cambio muy importante respecto de Justino.<\/p>\n\n\n\n<p class=\"wp-block-paragraph\"><strong>Michel Ren\u00e9 Barnes<\/strong> ha se\u00f1alado la importancia de comprender la teolog\u00eda trinitaria agustiniana desde la unidad de la acci\u00f3n divina y la igualdad de las personas, evitando la caricatura seg\u00fan la cual Agust\u00edn simplemente habr\u00eda abandonado la tradici\u00f3n anterior.<sup data-fn=\"bdce03cb-232f-450d-8915-28c777eb4de8\" class=\"fn\"><a href=\"#bdce03cb-232f-450d-8915-28c777eb4de8\" id=\"bdce03cb-232f-450d-8915-28c777eb4de8-link\">145<\/a><\/sup> La reformulaci\u00f3n de las teofan\u00edas est\u00e1 precisamente relacionada con esa profundizaci\u00f3n trinitaria.<\/p>\n\n\n\n<h2 id=\"las-operaciones-inseparables-de-la-trinidad\" class=\"wp-block-heading\">Las operaciones inseparables de la Trinidad<\/h2>\n\n\n\n<p class=\"wp-block-paragraph\">Una de las claves de la teolog\u00eda agustiniana es el principio de que las obras externas de la Trinidad son inseparables:<\/p>\n\n\n\n<blockquote class=\"wp-block-quote is-layout-flow wp-block-quote-is-layout-flow\">\n<p class=\"wp-block-paragraph\"><em>opera Trinitatis ad extra indivisa sunt<\/em>,<\/p>\n<\/blockquote>\n\n\n\n<p class=\"wp-block-paragraph\">formulaci\u00f3n que resume un principio desarrollado en la tradici\u00f3n occidental.<\/p>\n\n\n\n<p class=\"wp-block-paragraph\">Esto significa que cuando Dios act\u00faa en la creaci\u00f3n, no debemos imaginar al Padre, al Hijo y al Esp\u00edritu trabajando como tres agentes independientes.<\/p>\n\n\n\n<p class=\"wp-block-paragraph\">La acci\u00f3n divina es una.<\/p>\n\n\n\n<p class=\"wp-block-paragraph\">Sin embargo, una acci\u00f3n puede <strong>manifestar o representar especialmente a una persona<\/strong>.<\/p>\n\n\n\n<p class=\"wp-block-paragraph\">Por ejemplo, la encarnaci\u00f3n pertenece espec\u00edficamente al Hijo en cuanto es el Hijo quien asume naturaleza humana.<\/p>\n\n\n\n<p class=\"wp-block-paragraph\">Pero la obra salvadora no ocurre independientemente del Padre y del Esp\u00edritu.<\/p>\n\n\n\n<p class=\"wp-block-paragraph\">Aplicado a las teofan\u00edas, este principio introduce una gran cautela.<\/p>\n\n\n\n<p class=\"wp-block-paragraph\">Una aparici\u00f3n puede ser obra del Dios trino aunque el signo represente a una persona concreta.<sup data-fn=\"db7bc26b-c0b5-46d9-8334-f7178277d401\" class=\"fn\"><a href=\"#db7bc26b-c0b5-46d9-8334-f7178277d401\" id=\"db7bc26b-c0b5-46d9-8334-f7178277d401-link\">146<\/a><\/sup><\/p>\n\n\n\n<p class=\"wp-block-paragraph\">Esta concepci\u00f3n resulta muy diferente del modelo m\u00e1s simple:<\/p>\n\n\n\n<blockquote class=\"wp-block-quote is-layout-flow wp-block-quote-is-layout-flow\">\n<p class=\"wp-block-paragraph\">\u201cEl Padre se queda en el cielo y el Hijo baja f\u00edsicamente para aparecer\u201d.<\/p>\n<\/blockquote>\n\n\n\n<p class=\"wp-block-paragraph\">Agust\u00edn considera semejante esquema insuficiente para la igualdad divina.<\/p>\n\n\n\n<h2 id=\"mision-visible-y-procesion-eterna\" class=\"wp-block-heading\">Misi\u00f3n visible y procesi\u00f3n eterna<\/h2>\n\n\n\n<p class=\"wp-block-paragraph\">Aqu\u00ed aparece otra distinci\u00f3n importante.<\/p>\n\n\n\n<p class=\"wp-block-paragraph\">El Hijo es <strong>enviado<\/strong> en la historia.<\/p>\n\n\n\n<p class=\"wp-block-paragraph\">Pero su misi\u00f3n temporal refleja una relaci\u00f3n eterna:<\/p>\n\n\n\n<blockquote class=\"wp-block-quote is-layout-flow wp-block-quote-is-layout-flow\">\n<p class=\"wp-block-paragraph\">procede del Padre como Hijo.<\/p>\n<\/blockquote>\n\n\n\n<p class=\"wp-block-paragraph\">El Esp\u00edritu es enviado.<\/p>\n\n\n\n<p class=\"wp-block-paragraph\">Su misi\u00f3n hist\u00f3rica refleja su procesi\u00f3n eterna.<\/p>\n\n\n\n<p class=\"wp-block-paragraph\">Esta estructura permite interpretar el lenguaje b\u00edblico de env\u00edo sin convertir al enviado en inferior por naturaleza.<\/p>\n\n\n\n<p class=\"wp-block-paragraph\">Esto es especialmente relevante para <a href=\"https:\/\/biblia.com\/bible\/rvr60\/Ex23.20\">\u00c9xodo 23:20<\/a>:<\/p>\n\n\n\n<blockquote class=\"wp-block-quote is-layout-flow wp-block-quote-is-layout-flow\">\n<p class=\"wp-block-paragraph\">\u201cHe aqu\u00ed yo env\u00edo mi \u00c1ngel delante de ti\u201d.<\/p>\n<\/blockquote>\n\n\n\n<p class=\"wp-block-paragraph\">La lectura cristol\u00f3gica antigua ve\u00eda en \u201cenv\u00edo\u201d una evidencia de distinci\u00f3n Padre-Hijo.<\/p>\n\n\n\n<p class=\"wp-block-paragraph\">Agust\u00edn puede aceptar que las misiones divinas revelan relaciones personales.<\/p>\n\n\n\n<p class=\"wp-block-paragraph\">Pero todav\u00eda debe demostrarse que <strong>ese \u00c1ngel concreto<\/strong> representa espec\u00edficamente la misi\u00f3n del Hijo y no simplemente un mensajero creado.<\/p>\n\n\n\n<p class=\"wp-block-paragraph\">La teolog\u00eda trinitaria hace posible la interpretaci\u00f3n.<\/p>\n\n\n\n<p class=\"wp-block-paragraph\">La ex\u00e9gesis debe decidir si el pasaje la exige.<\/p>\n\n\n\n<h2 id=\"el-nombre-en-el-angel\" class=\"wp-block-heading\">El Nombre en el \u00c1ngel<\/h2>\n\n\n\n<p class=\"wp-block-paragraph\">\u00bfQu\u00e9 ocurre entonces con:<\/p>\n\n\n\n<blockquote class=\"wp-block-quote is-layout-flow wp-block-quote-is-layout-flow\">\n<p class=\"wp-block-paragraph\">\u201cmi nombre est\u00e1 en \u00e9l\u201d (<a href=\"https:\/\/biblia.com\/bible\/rvr60\/Ex23.21\">Ex 23:21<\/a>)?<\/p>\n<\/blockquote>\n\n\n\n<p class=\"wp-block-paragraph\">Desde la perspectiva agustiniana, poseer el Nombre de Dios no requiere autom\u00e1ticamente identidad esencial del mensajero con el Hijo.<\/p>\n\n\n\n<p class=\"wp-block-paragraph\">La Escritura conoce formas de representaci\u00f3n mediante las cuales el signo porta la autoridad de aquello que significa.<\/p>\n\n\n\n<p class=\"wp-block-paragraph\">Pero el texto contin\u00faa siendo extraordinario.<\/p>\n\n\n\n<p class=\"wp-block-paragraph\">Por ello, incluso despu\u00e9s de Agust\u00edn, <a href=\"https:\/\/biblia.com\/bible\/rvr60\/Ex23\">\u00c9xodo 23<\/a> seguir\u00e1 funcionando como argumento para interpretaciones cristol\u00f3gicas.<\/p>\n\n\n\n<p class=\"wp-block-paragraph\">El cambio es de <strong>grado de certeza<\/strong>, no necesariamente de posibilidad.<\/p>\n\n\n\n<h2 id=\"agustin-y-el-principio-de-acomodacion\" class=\"wp-block-heading\">Agust\u00edn y el principio de acomodaci\u00f3n<\/h2>\n\n\n\n<p class=\"wp-block-paragraph\">La concepci\u00f3n de formas creadas permite tambi\u00e9n explicar la adaptaci\u00f3n divina al receptor.<\/p>\n\n\n\n<p class=\"wp-block-paragraph\">Dios se revela de manera que la criatura pueda recibir la revelaci\u00f3n.<\/p>\n\n\n\n<p class=\"wp-block-paragraph\">Mois\u00e9s contempla fuego.<\/p>\n\n\n\n<p class=\"wp-block-paragraph\">Abraham contempla figuras humanas.<\/p>\n\n\n\n<p class=\"wp-block-paragraph\">Isa\u00edas contempla una visi\u00f3n de trono (<a href=\"https:\/\/biblia.com\/bible\/rvr60\/Is6.1-5\">Is 6:1\u20135<\/a>).<\/p>\n\n\n\n<p class=\"wp-block-paragraph\">Ezequiel contempla una semejanza gloriosa (<a href=\"https:\/\/biblia.com\/bible\/rvr60\/Eze1.26-28\">Ez 1:26\u201328<\/a>).<\/p>\n\n\n\n<p class=\"wp-block-paragraph\">Estas formas no deben confundirse con la esencia divina.<\/p>\n\n\n\n<p class=\"wp-block-paragraph\">Son <strong>acomodaciones revelacionales<\/strong>.<\/p>\n\n\n\n<p class=\"wp-block-paragraph\">Esta idea posee una afinidad interesante con las preocupaciones anteriores de Or\u00edgenes, aunque Agust\u00edn la integra dentro de una trinitaria latina madura.<\/p>\n\n\n\n<h2 id=\"una-consecuencia-para-genesis-32-y-jueces-13\" class=\"wp-block-heading\">Una consecuencia para G\u00e9nesis 32 y Jueces 13<\/h2>\n\n\n\n<p class=\"wp-block-paragraph\">La reinterpretaci\u00f3n agustiniana afecta tambi\u00e9n textos donde personajes dicen haber \u201cvisto a Dios\u201d.<\/p>\n\n\n\n<p class=\"wp-block-paragraph\">Jacob:<\/p>\n\n\n\n<blockquote class=\"wp-block-quote is-layout-flow wp-block-quote-is-layout-flow\">\n<p class=\"wp-block-paragraph\">\u201cVi a Dios cara a cara\u201d (<a href=\"https:\/\/biblia.com\/bible\/rvr60\/Ge32.30\">Gn 32:30<\/a>).<\/p>\n<\/blockquote>\n\n\n\n<p class=\"wp-block-paragraph\">Manoa:<\/p>\n\n\n\n<blockquote class=\"wp-block-quote is-layout-flow wp-block-quote-is-layout-flow\">\n<p class=\"wp-block-paragraph\">\u201ca Dios hemos visto\u201d (<a href=\"https:\/\/biblia.com\/bible\/rvr60\/Jdg13.22\">Jue 13:22<\/a>).<\/p>\n<\/blockquote>\n\n\n\n<p class=\"wp-block-paragraph\">Estas afirmaciones no necesitan significar:<\/p>\n\n\n\n<blockquote class=\"wp-block-quote is-layout-flow wp-block-quote-is-layout-flow\">\n<p class=\"wp-block-paragraph\"><strong>\u201cvimos directamente la sustancia divina\u201d.<\/strong><\/p>\n<\/blockquote>\n\n\n\n<p class=\"wp-block-paragraph\">Pueden significar:<\/p>\n\n\n\n<blockquote class=\"wp-block-quote is-layout-flow wp-block-quote-is-layout-flow\">\n<p class=\"wp-block-paragraph\"><strong>\u201cDios se hizo realmente presente ante nosotros mediante una manifestaci\u00f3n creada\u201d.<\/strong><\/p>\n<\/blockquote>\n\n\n\n<p class=\"wp-block-paragraph\">Esta distinci\u00f3n resulta exeg\u00e9ticamente valiosa incluso fuera del sistema de Agust\u00edn.<\/p>\n\n\n\n<p class=\"wp-block-paragraph\">Permite tomar seriamente tanto la afirmaci\u00f3n:<\/p>\n\n\n\n<blockquote class=\"wp-block-quote is-layout-flow wp-block-quote-is-layout-flow\">\n<p class=\"wp-block-paragraph\">\u201cvieron a Dios\u201d<\/p>\n<\/blockquote>\n\n\n\n<p class=\"wp-block-paragraph\">como:<\/p>\n\n\n\n<blockquote class=\"wp-block-quote is-layout-flow wp-block-quote-is-layout-flow\">\n<p class=\"wp-block-paragraph\">\u201cno me ver\u00e1 hombre, y vivir\u00e1\u201d (<a href=\"https:\/\/biblia.com\/bible\/rvr60\/Ex33.20\">Ex 33:20<\/a>).<\/p>\n<\/blockquote>\n\n\n\n<p class=\"wp-block-paragraph\">La experiencia es verdaderamente de Dios.<\/p>\n\n\n\n<p class=\"wp-block-paragraph\">La visi\u00f3n no agota la esencia de Dios.<\/p>\n\n\n\n<h2 id=\"un-acercamiento-inesperado-entre-agustin-y-la-exegesis-moderna\" class=\"wp-block-heading\">Un acercamiento inesperado entre Agust\u00edn y la ex\u00e9gesis moderna<\/h2>\n\n\n\n<p class=\"wp-block-paragraph\">En este punto surge algo hist\u00f3ricamente interesante.<\/p>\n\n\n\n<p class=\"wp-block-paragraph\">Muchos estudios modernos que rechazan la identificaci\u00f3n cristof\u00e1nica directa sostienen que las apariciones del \u00c1ngel deben comprenderse en t\u00e9rminos de:<\/p>\n\n\n\n<p class=\"wp-block-paragraph\">agencia,<br>representaci\u00f3n,<br>forma teof\u00e1nica<br>o mediaci\u00f3n narrativa.<\/p>\n\n\n\n<p class=\"wp-block-paragraph\">Agust\u00edn, aunque trabaja desde una teolog\u00eda trinitaria completamente diferente, comparte cierta cautela metodol\u00f3gica:<\/p>\n\n\n\n<blockquote class=\"wp-block-quote is-layout-flow wp-block-quote-is-layout-flow\">\n<p class=\"wp-block-paragraph\"><strong>la forma visible no debe identificarse autom\u00e1ticamente con la naturaleza de la persona divina representada.<\/strong><\/p>\n<\/blockquote>\n\n\n\n<p class=\"wp-block-paragraph\">Esta observaci\u00f3n no significa que Agust\u00edn anticipe la cr\u00edtica hist\u00f3rica moderna.<\/p>\n\n\n\n<p class=\"wp-block-paragraph\">Sus presupuestos son muy diferentes.<\/p>\n\n\n\n<p class=\"wp-block-paragraph\">Pero muestra que la tradici\u00f3n cristiana antigua era bastante m\u00e1s diversa de lo que suele suponerse en presentaciones populares del \u201c\u00c1ngel del Se\u00f1or\u201d.<\/p>\n\n\n\n<h2 id=\"rechaza-agustin-a-justino\" class=\"wp-block-heading\">\u00bfRechaza Agust\u00edn a Justino?<\/h2>\n\n\n\n<p class=\"wp-block-paragraph\">Ser\u00eda demasiado fuerte formularlo as\u00ed.<\/p>\n\n\n\n<p class=\"wp-block-paragraph\">Agust\u00edn comparte con Justino convicciones fundamentales:<\/p>\n\n\n\n<p class=\"wp-block-paragraph\">Cristo es preexistente.<\/p>\n\n\n\n<p class=\"wp-block-paragraph\">Cristo es verdaderamente Dios.<\/p>\n\n\n\n<p class=\"wp-block-paragraph\">El Antiguo Testamento revela al mismo Dios del Nuevo.<\/p>\n\n\n\n<p class=\"wp-block-paragraph\">Las teofan\u00edas forman parte de la econom\u00eda divina.<\/p>\n\n\n\n<p class=\"wp-block-paragraph\">La diferencia se encuentra en el <strong>mecanismo de manifestaci\u00f3n<\/strong>.<\/p>\n\n\n\n<p class=\"wp-block-paragraph\">Justino tiende a decir:<\/p>\n\n\n\n<blockquote class=\"wp-block-quote is-layout-flow wp-block-quote-is-layout-flow\">\n<p class=\"wp-block-paragraph\">el personaje visible es el Logos.<\/p>\n<\/blockquote>\n\n\n\n<p class=\"wp-block-paragraph\">Agust\u00edn prefiere:<\/p>\n\n\n\n<blockquote class=\"wp-block-quote is-layout-flow wp-block-quote-is-layout-flow\">\n<p class=\"wp-block-paragraph\">la forma visible puede ser una criatura que representa la presencia divina; no siempre podemos identificar directamente esa forma con una persona divina determinada.<\/p>\n<\/blockquote>\n\n\n\n<p class=\"wp-block-paragraph\">Esta diferencia es fundamental para la historia de nuestro tema.<\/p>\n\n\n\n<h2 id=\"la-encarnacion-es-distinta-de-las-teofanias\" class=\"wp-block-heading\">La encarnaci\u00f3n es distinta de las teofan\u00edas<\/h2>\n\n\n\n<p class=\"wp-block-paragraph\">Agust\u00edn tambi\u00e9n permite establecer con enorme claridad una distinci\u00f3n teol\u00f3gica crucial:<\/p>\n\n\n\n<blockquote class=\"wp-block-quote is-layout-flow wp-block-quote-is-layout-flow\">\n<p class=\"wp-block-paragraph\"><strong>las teofan\u00edas no son encarnaciones.<\/strong><\/p>\n<\/blockquote>\n\n\n\n<p class=\"wp-block-paragraph\">En una teofan\u00eda, Dios utiliza temporalmente una forma creada.<\/p>\n\n\n\n<p class=\"wp-block-paragraph\">En la encarnaci\u00f3n:<\/p>\n\n\n\n<blockquote class=\"wp-block-quote is-layout-flow wp-block-quote-is-layout-flow\">\n<p class=\"wp-block-paragraph\">\u201cel Verbo fue hecho carne\u201d (<a href=\"https:\/\/biblia.com\/bible\/rvr60\/Jn1.14\">Jn 1:14<\/a>).<\/p>\n<\/blockquote>\n\n\n\n<p class=\"wp-block-paragraph\">El Hijo asume permanentemente una naturaleza humana real.<\/p>\n\n\n\n<p class=\"wp-block-paragraph\">No simplemente utiliza una apariencia.<\/p>\n\n\n\n<p class=\"wp-block-paragraph\">Esta diferencia protege la singularidad de Cristo.<\/p>\n\n\n\n<p class=\"wp-block-paragraph\">Si el Logos apareci\u00f3 anteriormente como un hombre, eso no significa que ya se hubiera encarnado varias veces.<\/p>\n\n\n\n<p class=\"wp-block-paragraph\">Las formas antiguas son signos temporales.<\/p>\n\n\n\n<p class=\"wp-block-paragraph\">La encarnaci\u00f3n constituye una uni\u00f3n personal verdadera con la naturaleza humana.<\/p>\n\n\n\n<p class=\"wp-block-paragraph\"><strong>Lewis Ayres<\/strong> ha mostrado que este tipo de distinciones solo pueden comprenderse adecuadamente dentro de la gram\u00e1tica trinitaria postnicena en la que Agust\u00edn trabaja.<sup data-fn=\"ec9f124c-1d2c-4e5a-a026-1da32e54b75c\" class=\"fn\"><a href=\"#ec9f124c-1d2c-4e5a-a026-1da32e54b75c\" id=\"ec9f124c-1d2c-4e5a-a026-1da32e54b75c-link\">147<\/a><\/sup> Su interpretaci\u00f3n de las teofan\u00edas no debe aislarse de su doctrina de la unidad divina y de las misiones.<\/p>\n\n\n\n<h2 id=\"la-influencia-de-agustin-en-occidente\" class=\"wp-block-heading\">La influencia de Agust\u00edn en Occidente<\/h2>\n\n\n\n<p class=\"wp-block-paragraph\">La importancia hist\u00f3rica de esta posici\u00f3n resulta dif\u00edcil de exagerar.<\/p>\n\n\n\n<p class=\"wp-block-paragraph\">Agust\u00edn ejercer\u00e1 una enorme influencia sobre la teolog\u00eda latina medieval.<\/p>\n\n\n\n<p class=\"wp-block-paragraph\">Por ello, en buena parte del cristianismo occidental disminuir\u00e1 la tendencia patr\u00edstica temprana a afirmar con absoluta seguridad:<\/p>\n\n\n\n<blockquote class=\"wp-block-quote is-layout-flow wp-block-quote-is-layout-flow\">\n<p class=\"wp-block-paragraph\">\u201ccada aparici\u00f3n del \u00c1ngel de Yahv\u00e9 fue Cristo\u201d.<\/p>\n<\/blockquote>\n\n\n\n<p class=\"wp-block-paragraph\">La interpretaci\u00f3n cristof\u00e1nica no desaparece.<\/p>\n\n\n\n<p class=\"wp-block-paragraph\">Pero convivir\u00e1 con una explicaci\u00f3n m\u00e1s cauta seg\u00fan la cual Dios utiliz\u00f3 \u00e1ngeles o formas creadas para manifestarse.<\/p>\n\n\n\n<p class=\"wp-block-paragraph\">Esta pluralidad llegar\u00e1 hasta la ex\u00e9gesis medieval y moderna.<sup data-fn=\"1a4487ad-c0a2-49b7-b55d-7952d96cb595\" class=\"fn\"><a href=\"#1a4487ad-c0a2-49b7-b55d-7952d96cb595\" id=\"1a4487ad-c0a2-49b7-b55d-7952d96cb595-link\">148<\/a><\/sup><\/p>\n\n\n\n<h2 id=\"tomas-de-aquino-y-la-linea-agustiniana\" class=\"wp-block-heading\">Tom\u00e1s de Aquino y la l\u00ednea agustiniana<\/h2>\n\n\n\n<p class=\"wp-block-paragraph\">Siglos despu\u00e9s, <strong>Tom\u00e1s de Aquino<\/strong> desarrollar\u00e1 una posici\u00f3n ampliamente compatible con esta tradici\u00f3n.<\/p>\n\n\n\n<p class=\"wp-block-paragraph\">Las apariciones divinas del Antiguo Testamento no implican visi\u00f3n de la esencia de Dios.<\/p>\n\n\n\n<p class=\"wp-block-paragraph\">Los \u00e1ngeles pueden actuar como mensajeros y asumir formas visibles.<\/p>\n\n\n\n<p class=\"wp-block-paragraph\">Dios puede hacerse presente mediante signos sensibles.<\/p>\n\n\n\n<p class=\"wp-block-paragraph\">La distinci\u00f3n entre teofan\u00eda e encarnaci\u00f3n permanece absoluta.<sup data-fn=\"c432484b-17da-4a5b-b4fb-f93e646ab3cf\" class=\"fn\"><a href=\"#c432484b-17da-4a5b-b4fb-f93e646ab3cf\" id=\"c432484b-17da-4a5b-b4fb-f93e646ab3cf-link\">149<\/a><\/sup><\/p>\n\n\n\n<p class=\"wp-block-paragraph\">Esto demuestra que la tradici\u00f3n cristiana occidental no mantuvo una \u00fanica l\u00ednea uniforme desde Justino hasta la Reforma.<\/p>\n\n\n\n<p class=\"wp-block-paragraph\">Hubo un cambio hermen\u00e9utico significativo.<\/p>\n\n\n\n<h2 id=\"la-importancia-de-este-cambio-para-nuestro-articulo\" class=\"wp-block-heading\">La importancia de este cambio para nuestro art\u00edculo<\/h2>\n\n\n\n<p class=\"wp-block-paragraph\">Este resultado obliga a corregir una afirmaci\u00f3n frecuente en literatura popular:<\/p>\n\n\n\n<blockquote class=\"wp-block-quote is-layout-flow wp-block-quote-is-layout-flow\">\n<p class=\"wp-block-paragraph\"><strong>\u201cLos Padres de la Iglesia ense\u00f1aban que el \u00c1ngel de Yahv\u00e9 era siempre Cristo.\u201d<\/strong><\/p>\n<\/blockquote>\n\n\n\n<p class=\"wp-block-paragraph\">Eso es demasiado general.<\/p>\n\n\n\n<p class=\"wp-block-paragraph\">Una formulaci\u00f3n hist\u00f3ricamente m\u00e1s precisa ser\u00eda:<\/p>\n\n\n\n<blockquote class=\"wp-block-quote is-layout-flow wp-block-quote-is-layout-flow\">\n<p class=\"wp-block-paragraph\"><strong>Varios importantes autores cristianos prenicenos \u2014especialmente Justino y Tertuliano\u2014 interpretaron diversas teofan\u00edas veterotestamentarias como apariciones del Logos preencarnado. Sin embargo, la tradici\u00f3n postnicena, especialmente Agust\u00edn, desarroll\u00f3 una interpretaci\u00f3n m\u00e1s cautelosa en la que las formas visibles pod\u00edan entenderse como criaturas utilizadas para manifestar al Dios trino, sin identificar necesariamente cada aparici\u00f3n con el Hijo.<\/strong><\/p>\n<\/blockquote>\n\n\n\n<p class=\"wp-block-paragraph\">Esta diferencia es fundamental.<\/p>\n\n\n\n<p class=\"wp-block-paragraph\">Demuestra que la pregunta acerca del \u00c1ngel permaneci\u00f3 abierta incluso dentro de la ortodoxia cristiana.<\/p>\n\n\n\n<h2 id=\"sintesis-comparativa-justino-y-agustin\" class=\"wp-block-heading\">S\u00edntesis comparativa: Justino y Agust\u00edn<\/h2>\n\n\n\n<p class=\"wp-block-paragraph\">La evoluci\u00f3n puede formularse claramente.<\/p>\n\n\n\n<p class=\"wp-block-paragraph\"><strong>Justino:<\/strong><\/p>\n\n\n\n<p class=\"wp-block-paragraph\">Padre invisible \u2192 Logos visible \u2192 teofan\u00edas = apariciones del Logos.<\/p>\n\n\n\n<p class=\"wp-block-paragraph\"><strong>Agust\u00edn:<\/strong><\/p>\n\n\n\n<p class=\"wp-block-paragraph\">Trinidad invisible en naturaleza \u2192 formas creadas visibles \u2192 teofan\u00edas = manifestaciones del Dios trino, cuya referencia personal debe determinarse seg\u00fan el contexto.<\/p>\n\n\n\n<p class=\"wp-block-paragraph\">Esta diferencia no es peque\u00f1a.<\/p>\n\n\n\n<p class=\"wp-block-paragraph\">Representa dos modelos diferentes de entender la presencia divina.<\/p>\n\n\n\n<p class=\"wp-block-paragraph\">El primero es <strong>cristof\u00e1nico directo<\/strong>.<\/p>\n\n\n\n<p class=\"wp-block-paragraph\">El segundo es <strong>sacramental\/significativo<\/strong>, en el sentido amplio de que una realidad creada representa la presencia de Dios.<\/p>\n\n\n\n<p class=\"wp-block-paragraph\">Ambos modelos continuar\u00e1n influyendo en la interpretaci\u00f3n cristiana.<\/p>\n\n\n\n<h2 id=\"el-problema-permanece-abierto\" class=\"wp-block-heading\">El problema permanece abierto<\/h2>\n\n\n\n<p class=\"wp-block-paragraph\">Despu\u00e9s de Agust\u00edn, por tanto, ya no podemos afirmar que la historia cristiana conduzca de manera lineal hacia una \u00fanica respuesta.<\/p>\n\n\n\n<p class=\"wp-block-paragraph\">Existen al menos dos grandes tradiciones.<\/p>\n\n\n\n<p class=\"wp-block-paragraph\">La primera afirma:<\/p>\n\n\n\n<blockquote class=\"wp-block-quote is-layout-flow wp-block-quote-is-layout-flow\">\n<p class=\"wp-block-paragraph\"><strong>el \u00c1ngel de Yahv\u00e9 es el Hijo preencarnado.<\/strong><\/p>\n<\/blockquote>\n\n\n\n<p class=\"wp-block-paragraph\">La segunda responde:<\/p>\n\n\n\n<blockquote class=\"wp-block-quote is-layout-flow wp-block-quote-is-layout-flow\">\n<p class=\"wp-block-paragraph\"><strong>algunas apariciones pueden relacionarse cristol\u00f3gicamente, pero la forma angelical o humana es una manifestaci\u00f3n creada y no puede identificarse autom\u00e1ticamente con el Logos.<\/strong><\/p>\n<\/blockquote>\n\n\n\n<p class=\"wp-block-paragraph\">M\u00e1s tarde aparecer\u00e1n tambi\u00e9n explicaciones hist\u00f3rico-cr\u00edticas que interpretar\u00e1n el fen\u00f3meno mediante:<\/p>\n\n\n\n<p class=\"wp-block-paragraph\">tradiciones antiguas de teofan\u00eda,<br>agencia angelical,<br>desarrollo redaccional<br>o evoluci\u00f3n de la angelolog\u00eda.<\/p>\n\n\n\n<p class=\"wp-block-paragraph\">La investigaci\u00f3n moderna heredar\u00e1, por tanto, una discusi\u00f3n mucho m\u00e1s rica de lo que podr\u00eda parecer inicialmente.<\/p>\n\n\n\n<h3 id=\"conclusion\" class=\"wp-block-heading\">Conclusi\u00f3n<\/h3>\n\n\n\n<p class=\"wp-block-paragraph\">Agust\u00edn representa una aut\u00e9ntica bisagra en la historia de la interpretaci\u00f3n del \u00c1ngel de Yahv\u00e9.<\/p>\n\n\n\n<p class=\"wp-block-paragraph\">No niega que Dios se revelara realmente en las antiguas apariciones.<\/p>\n\n\n\n<p class=\"wp-block-paragraph\">No niega la preexistencia del Hijo.<\/p>\n\n\n\n<p class=\"wp-block-paragraph\">No abandona la lectura trinitaria del Antiguo Testamento.<\/p>\n\n\n\n<p class=\"wp-block-paragraph\">Pero introduce una distinci\u00f3n que transformar\u00e1 profundamente el debate:<\/p>\n\n\n\n<blockquote class=\"wp-block-quote is-layout-flow wp-block-quote-is-layout-flow\">\n<p class=\"wp-block-paragraph\"><strong>la forma visible de una teofan\u00eda no debe confundirse con la esencia invisible de Dios ni identificarse autom\u00e1ticamente con una persona divina concreta.<\/strong><\/p>\n<\/blockquote>\n\n\n\n<p class=\"wp-block-paragraph\">El \u00c1ngel puede ser signo.<\/p>\n\n\n\n<p class=\"wp-block-paragraph\">Puede ser mensajero.<\/p>\n\n\n\n<p class=\"wp-block-paragraph\">Puede representar la presencia divina.<\/p>\n\n\n\n<p class=\"wp-block-paragraph\">Y, en determinados casos, una teofan\u00eda puede ser interpretada cristol\u00f3gicamente.<\/p>\n\n\n\n<p class=\"wp-block-paragraph\">Pero ya no resulta leg\u00edtimo concluir simplemente:<\/p>\n\n\n\n<blockquote class=\"wp-block-quote is-layout-flow wp-block-quote-is-layout-flow\">\n<p class=\"wp-block-paragraph\"><strong>\u201cera visible, por tanto era el Hijo\u201d.<\/strong><\/p>\n<\/blockquote>\n\n\n\n<p class=\"wp-block-paragraph\">Con esta transformaci\u00f3n llegamos al final de la etapa patr\u00edstica principal de nuestro estudio. El siguiente paso hist\u00f3rico ser\u00e1 examinar c\u00f3mo la cuesti\u00f3n contin\u00faa durante la <strong>Edad Media, la Reforma y la ortodoxia protestante<\/strong>, antes de llegar a la ex\u00e9gesis cr\u00edtica moderna y a autores contempor\u00e1neos como <strong>Sawtelle, Davidson, Heiser, Erickson, Grudem, Grenz y otros<\/strong>.<\/p>\n\n\n\n<h1 id=\"de-la-edad-media-a-la-reforma-el-angel-de-yahve-entre-mediacion-angelica-y-cristofania\" class=\"wp-block-heading\">De la Edad Media a la Reforma: el \u00c1ngel de Yahv\u00e9 entre mediaci\u00f3n ang\u00e9lica y cristofan\u00eda<\/h1>\n\n\n\n<p class=\"wp-block-paragraph\">El desarrollo patr\u00edstico que hemos recorrido dej\u00f3 a la tradici\u00f3n cristiana una herencia interpretativa compleja. Por una parte, autores como <strong>Justino M\u00e1rtir, Ireneo y Tertuliano<\/strong> hab\u00edan establecido una fuerte tradici\u00f3n cristol\u00f3gica seg\u00fan la cual determinadas apariciones de Dios en el Antiguo Testamento pod\u00edan entenderse como manifestaciones del Logos antes de la encarnaci\u00f3n. Por otra, <strong>Agust\u00edn de Hipona<\/strong> hab\u00eda introducido una cautela decisiva: puesto que Padre, Hijo y Esp\u00edritu comparten la misma naturaleza divina invisible, la mera visibilidad de una aparici\u00f3n no permite identificar autom\u00e1ticamente al personaje con el Hijo.<\/p>\n\n\n\n<p class=\"wp-block-paragraph\">Durante la Edad Media occidental, la enorme influencia de Agust\u00edn favorecer\u00e1 esta segunda l\u00ednea. Sin embargo, la interpretaci\u00f3n cristol\u00f3gica de las teofan\u00edas no desaparecer\u00e1. Continuar\u00e1 presente en la predicaci\u00f3n, la liturgia, la ex\u00e9gesis y determinadas lecturas tipol\u00f3gicas de las Escrituras.<\/p>\n\n\n\n<p class=\"wp-block-paragraph\">Por ello, la historia posterior del \u00c1ngel de Yahv\u00e9 no puede describirse como una sucesi\u00f3n sencilla:<\/p>\n\n\n\n<blockquote class=\"wp-block-quote is-layout-flow wp-block-quote-is-layout-flow\">\n<p class=\"wp-block-paragraph\">patr\u00edstica \u2192 Edad Media \u2192 Reforma \u2192 interpretaci\u00f3n cristol\u00f3gica.<\/p>\n<\/blockquote>\n\n\n\n<p class=\"wp-block-paragraph\">La realidad es m\u00e1s compleja. Diferentes modelos convivieron durante siglos.<\/p>\n\n\n\n<h2 id=\"tomas-de-aquino-dios-se-manifiesta-sin-que-su-esencia-sea-vista\" class=\"wp-block-heading\">Tom\u00e1s de Aquino: Dios se manifiesta sin que su esencia sea vista<\/h2>\n\n\n\n<p class=\"wp-block-paragraph\"><strong>Tom\u00e1s de Aquino<\/strong> (1224\/25\u20131274) representa una de las formulaciones medievales m\u00e1s sofisticadas de la tradici\u00f3n teol\u00f3gica occidental. Su tratamiento de las apariciones divinas debe entenderse dentro de una distinci\u00f3n fundamental:<\/p>\n\n\n\n<blockquote class=\"wp-block-quote is-layout-flow wp-block-quote-is-layout-flow\">\n<p class=\"wp-block-paragraph\"><strong>ver una manifestaci\u00f3n de Dios no equivale a ver la esencia de Dios.<\/strong><\/p>\n<\/blockquote>\n\n\n\n<p class=\"wp-block-paragraph\">Esta distinci\u00f3n resulta particularmente \u00fatil para nuestro problema.<\/p>\n\n\n\n<p class=\"wp-block-paragraph\">Jacob puede declarar:<\/p>\n\n\n\n<blockquote class=\"wp-block-quote is-layout-flow wp-block-quote-is-layout-flow\">\n<p class=\"wp-block-paragraph\">\u201cVi a Dios cara a cara\u201d (<a href=\"https:\/\/biblia.com\/bible\/rvr60\/Ge32.30\">Gn 32:30<\/a>),<\/p>\n<\/blockquote>\n\n\n\n<p class=\"wp-block-paragraph\">sin que ello implique necesariamente que contemplara directamente la esencia divina.<\/p>\n\n\n\n<p class=\"wp-block-paragraph\">Mois\u00e9s puede encontrarse con Dios en la zarza (<a href=\"https:\/\/biblia.com\/bible\/rvr60\/Ex3.2-6\">Ex 3:2\u20136<\/a>) sin que la naturaleza divina quede localizada f\u00edsicamente en el fuego.<\/p>\n\n\n\n<p class=\"wp-block-paragraph\">Isa\u00edas puede afirmar:<\/p>\n\n\n\n<blockquote class=\"wp-block-quote is-layout-flow wp-block-quote-is-layout-flow\">\n<p class=\"wp-block-paragraph\">\u201chan visto mis ojos al Rey, Jehov\u00e1 de los ej\u00e9rcitos\u201d (<a href=\"https:\/\/biblia.com\/bible\/rvr60\/Is6.5\">Is 6:5<\/a>),<\/p>\n<\/blockquote>\n\n\n\n<p class=\"wp-block-paragraph\">sin que la visi\u00f3n prof\u00e9tica constituya una comprensi\u00f3n exhaustiva de Dios.<\/p>\n\n\n\n<p class=\"wp-block-paragraph\">La tradici\u00f3n escol\u00e1stica desarrolla as\u00ed una distinci\u00f3n entre <strong>Dios en s\u00ed mismo<\/strong> y los <strong>efectos creados mediante los cuales Dios puede hacerse perceptible<\/strong>.<sup data-fn=\"725b9da1-cf1f-4b54-a8cc-6f5384b49663\" class=\"fn\"><a href=\"#725b9da1-cf1f-4b54-a8cc-6f5384b49663\" id=\"725b9da1-cf1f-4b54-a8cc-6f5384b49663-link\">150<\/a><\/sup><\/p>\n\n\n\n<p class=\"wp-block-paragraph\">Este principio contin\u00faa en gran medida la l\u00ednea agustiniana.<\/p>\n\n\n\n<h2 id=\"los-angeles-y-los-cuerpos-asumidos\" class=\"wp-block-heading\">Los \u00e1ngeles y los cuerpos asumidos<\/h2>\n\n\n\n<p class=\"wp-block-paragraph\">Tom\u00e1s tambi\u00e9n desarrolla extensamente la cuesti\u00f3n de c\u00f3mo los \u00e1ngeles pueden aparecer corporalmente.<\/p>\n\n\n\n<p class=\"wp-block-paragraph\">Los \u00e1ngeles, en la antropolog\u00eda y metaf\u00edsica tomistas, no son seres corporales por naturaleza.<\/p>\n\n\n\n<p class=\"wp-block-paragraph\">Sin embargo, pueden manifestarse mediante formas sensibles.<\/p>\n\n\n\n<p class=\"wp-block-paragraph\">Esto proporciona una explicaci\u00f3n posible para numerosas apariciones b\u00edblicas.<\/p>\n\n\n\n<p class=\"wp-block-paragraph\">Los visitantes de Abraham pueden parecer hombres (<a href=\"https:\/\/biblia.com\/bible\/rvr60\/Ge18.2\">Gn 18:2<\/a>).<\/p>\n\n\n\n<p class=\"wp-block-paragraph\">Los \u00e1ngeles que llegan a Sodoma aparecen igualmente como varones (<a href=\"https:\/\/biblia.com\/bible\/rvr60\/Ge19.1-5\">Gn 19:1\u20135<\/a>).<\/p>\n\n\n\n<p class=\"wp-block-paragraph\">El \u00e1ngel que se aparece a Manoa y su esposa posee una apariencia humana tan convincente que inicialmente es denominado:<\/p>\n\n\n\n<blockquote class=\"wp-block-quote is-layout-flow wp-block-quote-is-layout-flow\">\n<p class=\"wp-block-paragraph\">\u201cun var\u00f3n de Dios\u201d (<a href=\"https:\/\/biblia.com\/bible\/rvr60\/Jdg13.6\">Jue 13:6<\/a>).<\/p>\n<\/blockquote>\n\n\n\n<p class=\"wp-block-paragraph\">Desde esta perspectiva, la forma humana visible no determina por s\u00ed misma la naturaleza ontol\u00f3gica del personaje.<\/p>\n\n\n\n<p class=\"wp-block-paragraph\">Este principio resulta importante porque introduce una alternativa a la identificaci\u00f3n cristol\u00f3gica directa.<\/p>\n\n\n\n<p class=\"wp-block-paragraph\">Un personaje puede:<\/p>\n\n\n\n<p class=\"wp-block-paragraph\">parecer humano,<br>hablar con autoridad divina<br>y representar a Dios,<\/p>\n\n\n\n<p class=\"wp-block-paragraph\">sin ser necesariamente el Logos.<sup data-fn=\"33402158-bcff-46e9-b9c6-d4c01e97e68f\" class=\"fn\"><a href=\"#33402158-bcff-46e9-b9c6-d4c01e97e68f\" id=\"33402158-bcff-46e9-b9c6-d4c01e97e68f-link\">151<\/a><\/sup><\/p>\n\n\n\n<p class=\"wp-block-paragraph\">La distinci\u00f3n protege nuevamente la singularidad de <a href=\"https:\/\/biblia.com\/bible\/rvr60\/Jn1.14\">Juan 1:14<\/a>:<\/p>\n\n\n\n<blockquote class=\"wp-block-quote is-layout-flow wp-block-quote-is-layout-flow\">\n<p class=\"wp-block-paragraph\">\u201cY aquel Verbo fue hecho carne\u201d.<\/p>\n<\/blockquote>\n\n\n\n<h2 id=\"la-encarnacion-sigue-siendo-unica\" class=\"wp-block-heading\">La encarnaci\u00f3n sigue siendo \u00fanica<\/h2>\n\n\n\n<p class=\"wp-block-paragraph\">Este punto merece especial \u00e9nfasis.<\/p>\n\n\n\n<p class=\"wp-block-paragraph\">Si se afirma que Cristo apareci\u00f3 antes de Bel\u00e9n, debe evitarse decir que Cristo \u201cse encarn\u00f3\u201d repetidamente en el Antiguo Testamento.<\/p>\n\n\n\n<p class=\"wp-block-paragraph\">La terminolog\u00eda adecuada es:<\/p>\n\n\n\n<blockquote class=\"wp-block-quote is-layout-flow wp-block-quote-is-layout-flow\">\n<p class=\"wp-block-paragraph\"><strong>teofan\u00eda<\/strong><\/p>\n<\/blockquote>\n\n\n\n<p class=\"wp-block-paragraph\">o, cuando se interpreta espec\u00edficamente como manifestaci\u00f3n del Hijo:<\/p>\n\n\n\n<blockquote class=\"wp-block-quote is-layout-flow wp-block-quote-is-layout-flow\">\n<p class=\"wp-block-paragraph\"><strong>cristofan\u00eda.<\/strong><\/p>\n<\/blockquote>\n\n\n\n<p class=\"wp-block-paragraph\">La encarnaci\u00f3n es otra cosa.<\/p>\n\n\n\n<p class=\"wp-block-paragraph\">En ella, el Hijo no utiliza simplemente una apariencia humana temporal.<\/p>\n\n\n\n<p class=\"wp-block-paragraph\">Asume verdaderamente naturaleza humana:<\/p>\n\n\n\n<blockquote class=\"wp-block-quote is-layout-flow wp-block-quote-is-layout-flow\">\n<p class=\"wp-block-paragraph\">\u201cnacido de mujer\u201d (<a href=\"https:\/\/biblia.com\/bible\/rvr60\/Ga4.4\">G\u00e1 4:4<\/a>),<\/p>\n<\/blockquote>\n\n\n\n<p class=\"wp-block-paragraph\">participando:<\/p>\n\n\n\n<blockquote class=\"wp-block-quote is-layout-flow wp-block-quote-is-layout-flow\">\n<p class=\"wp-block-paragraph\">\u201cde carne y sangre\u201d (<a href=\"https:\/\/biblia.com\/bible\/rvr60\/Heb2.14\">Heb 2:14<\/a>).<\/p>\n<\/blockquote>\n\n\n\n<p class=\"wp-block-paragraph\">Por ello, incluso dentro de una interpretaci\u00f3n que identifica al \u00c1ngel de Yahv\u00e9 con Cristo, debe mantenerse:<\/p>\n\n\n\n<blockquote class=\"wp-block-quote is-layout-flow wp-block-quote-is-layout-flow\">\n<p class=\"wp-block-paragraph\"><strong>cristofan\u00eda \u2260 encarnaci\u00f3n.<\/strong><\/p>\n<\/blockquote>\n\n\n\n<p class=\"wp-block-paragraph\">Esta distinci\u00f3n ser\u00e1 importante tambi\u00e9n en la teolog\u00eda protestante posterior.<\/p>\n\n\n\n<h2 id=\"la-reforma-y-el-retorno-al-texto-biblico\" class=\"wp-block-heading\">La Reforma y el retorno al texto b\u00edblico<\/h2>\n\n\n\n<p class=\"wp-block-paragraph\">Con la Reforma del siglo XVI cambia nuevamente el contexto hermen\u00e9utico.<\/p>\n\n\n\n<p class=\"wp-block-paragraph\">Autores como <strong>Mart\u00edn Lutero<\/strong> y <strong>Juan Calvino<\/strong> conceden una enorme importancia a la lectura directa del texto b\u00edblico, aunque evidentemente no interpretan las Escrituras al margen de toda tradici\u00f3n anterior.<\/p>\n\n\n\n<p class=\"wp-block-paragraph\">Para nuestro estudio, Calvino resulta particularmente interesante porque sus comentarios muestran una considerable sensibilidad hacia el problema de las teofan\u00edas.<\/p>\n\n\n\n<p class=\"wp-block-paragraph\">No debemos reducir su posici\u00f3n a una f\u00f3rmula universal:<\/p>\n\n\n\n<blockquote class=\"wp-block-quote is-layout-flow wp-block-quote-is-layout-flow\">\n<p class=\"wp-block-paragraph\">\u201ccada \u00c1ngel de Yahv\u00e9 es Cristo\u201d.<\/p>\n<\/blockquote>\n\n\n\n<p class=\"wp-block-paragraph\">Su ex\u00e9gesis debe evaluarse pasaje por pasaje.<\/p>\n\n\n\n<p class=\"wp-block-paragraph\">Sin embargo, Calvino reconoce que algunas apariciones poseen caracter\u00edsticas que exceden claramente las de un \u00e1ngel ordinario.<\/p>\n\n\n\n<h2 id=\"calvino-y-el-angel-de-la-zarza\" class=\"wp-block-heading\">Calvino y el \u00c1ngel de la zarza<\/h2>\n\n\n\n<p class=\"wp-block-paragraph\">La escena de <a href=\"https:\/\/biblia.com\/bible\/rvr60\/Ex3\">\u00c9xodo 3<\/a> contin\u00faa siendo uno de los textos decisivos.<\/p>\n\n\n\n<p class=\"wp-block-paragraph\">El relato comienza:<\/p>\n\n\n\n<blockquote class=\"wp-block-quote is-layout-flow wp-block-quote-is-layout-flow\">\n<p class=\"wp-block-paragraph\">\u201cY se le apareci\u00f3 el \u00c1ngel de Jehov\u00e1 en una llama de fuego en medio de una zarza\u201d (<a href=\"https:\/\/biblia.com\/bible\/rvr60\/Ex3.2\">Ex 3:2<\/a>).<\/p>\n<\/blockquote>\n\n\n\n<p class=\"wp-block-paragraph\">Pero inmediatamente el narrador habla de Yahv\u00e9:<\/p>\n\n\n\n<blockquote class=\"wp-block-quote is-layout-flow wp-block-quote-is-layout-flow\">\n<p class=\"wp-block-paragraph\">\u201cViendo Jehov\u00e1 que \u00e9l iba a ver&#8230;\u201d (<a href=\"https:\/\/biblia.com\/bible\/rvr60\/Ex3.4\">Ex 3:4<\/a>).<\/p>\n<\/blockquote>\n\n\n\n<p class=\"wp-block-paragraph\">Y la voz declara:<\/p>\n\n\n\n<blockquote class=\"wp-block-quote is-layout-flow wp-block-quote-is-layout-flow\">\n<p class=\"wp-block-paragraph\">\u201cYo soy el Dios de tu padre, Dios de Abraham, Dios de Isaac, y Dios de Jacob\u201d (<a href=\"https:\/\/biblia.com\/bible\/rvr60\/Ex3.6\">Ex 3:6<\/a>).<\/p>\n<\/blockquote>\n\n\n\n<p class=\"wp-block-paragraph\">Calvino considera importante que el personaje sea llamado \u00c1ngel y, sin embargo, se manifieste con autoridad divina.<sup data-fn=\"76a9f30f-678f-467b-b7c6-a36db3e0c6cc\" class=\"fn\"><a href=\"#76a9f30f-678f-467b-b7c6-a36db3e0c6cc\" id=\"76a9f30f-678f-467b-b7c6-a36db3e0c6cc-link\">152<\/a><\/sup><\/p>\n\n\n\n<p class=\"wp-block-paragraph\">Dentro de una lectura cristol\u00f3gica, la categor\u00eda \u201c\u00c1ngel\u201d puede aplicarse al Hijo en cuanto enviado y mediador de la revelaci\u00f3n.<\/p>\n\n\n\n<p class=\"wp-block-paragraph\">Aqu\u00ed reaparece, muchos siglos despu\u00e9s, la antigua distinci\u00f3n:<\/p>\n\n\n\n<blockquote class=\"wp-block-quote is-layout-flow wp-block-quote-is-layout-flow\">\n<p class=\"wp-block-paragraph\"><strong>\u00c1ngel por oficio;<br>Dios por naturaleza.<\/strong><\/p>\n<\/blockquote>\n\n\n\n<p class=\"wp-block-paragraph\">Esta f\u00f3rmula sintetiza buena parte de la interpretaci\u00f3n cristol\u00f3gica cl\u00e1sica.<\/p>\n\n\n\n<h2 id=\"el-problema-de-la-mediacion\" class=\"wp-block-heading\">El problema de la mediaci\u00f3n<\/h2>\n\n\n\n<p class=\"wp-block-paragraph\">Sin embargo, Calvino introduce un elemento que merece especial atenci\u00f3n.<\/p>\n\n\n\n<p class=\"wp-block-paragraph\">Cristo no comienza a ser Mediador solamente despu\u00e9s de la encarnaci\u00f3n.<\/p>\n\n\n\n<p class=\"wp-block-paragraph\">Desde una perspectiva de historia de salvaci\u00f3n, el Hijo desempe\u00f1a una funci\u00f3n mediadora en la revelaci\u00f3n divina anterior.<\/p>\n\n\n\n<p class=\"wp-block-paragraph\">Esto proporciona un marco para interpretar determinadas apariciones veterotestamentarias.<\/p>\n\n\n\n<p class=\"wp-block-paragraph\">La l\u00f3gica ser\u00eda:<\/p>\n\n\n\n<p class=\"wp-block-paragraph\">el Padre se revela;<\/p>\n\n\n\n<p class=\"wp-block-paragraph\">el Hijo media esa revelaci\u00f3n;<\/p>\n\n\n\n<p class=\"wp-block-paragraph\">por tanto, determinadas manifestaciones pueden atribuirse al Hijo.<\/p>\n\n\n\n<p class=\"wp-block-paragraph\">Esta estructura guarda una clara continuidad con la tradici\u00f3n patr\u00edstica, aunque se desarrolla dentro de categor\u00edas propias de la teolog\u00eda reformada.<\/p>\n\n\n\n<h2 id=\"el-angel-que-porta-el-nombre\" class=\"wp-block-heading\">El \u00c1ngel que porta el Nombre<\/h2>\n\n\n\n<p class=\"wp-block-paragraph\"><a href=\"https:\/\/biblia.com\/bible\/rvr60\/Ex23.20-21\">\u00c9xodo 23:20\u201321<\/a> seguir\u00e1 siendo uno de los textos m\u00e1s dif\u00edciles para una interpretaci\u00f3n puramente angelol\u00f3gica:<\/p>\n\n\n\n<blockquote class=\"wp-block-quote is-layout-flow wp-block-quote-is-layout-flow\">\n<p class=\"wp-block-paragraph\">\u201cHe aqu\u00ed yo env\u00edo mi \u00c1ngel delante de ti\u201d.<\/p>\n<\/blockquote>\n\n\n\n<p class=\"wp-block-paragraph\">Hasta aqu\u00ed, el lenguaje puede describir perfectamente un mensajero creado.<\/p>\n\n\n\n<p class=\"wp-block-paragraph\">Pero Yahv\u00e9 a\u00f1ade:<\/p>\n\n\n\n<blockquote class=\"wp-block-quote is-layout-flow wp-block-quote-is-layout-flow\">\n<p class=\"wp-block-paragraph\">\u201cGu\u00e1rdate delante de \u00e9l, y oye su voz; no le seas rebelde; porque \u00e9l no perdonar\u00e1 vuestra rebeli\u00f3n, porque mi nombre est\u00e1 en \u00e9l\u201d (<a href=\"https:\/\/biblia.com\/bible\/rvr60\/Ex23.21\">Ex 23:21<\/a>).<\/p>\n<\/blockquote>\n\n\n\n<p class=\"wp-block-paragraph\">Tres elementos llaman particularmente la atenci\u00f3n:<\/p>\n\n\n\n<p class=\"wp-block-paragraph\">el \u00c1ngel exige obediencia;<\/p>\n\n\n\n<p class=\"wp-block-paragraph\">posee una relaci\u00f3n extraordinaria con el perd\u00f3n o no perd\u00f3n de la rebeli\u00f3n;<\/p>\n\n\n\n<p class=\"wp-block-paragraph\">y lleva el Nombre divino.<\/p>\n\n\n\n<p class=\"wp-block-paragraph\">La interpretaci\u00f3n cristol\u00f3gica protestante ver\u00e1 frecuentemente en esta combinaci\u00f3n una indicaci\u00f3n de que el personaje supera la categor\u00eda de un \u00e1ngel ordinario.<\/p>\n\n\n\n<p class=\"wp-block-paragraph\">Pero nuevamente debemos mantener abierta la alternativa jud\u00eda:<\/p>\n\n\n\n<blockquote class=\"wp-block-quote is-layout-flow wp-block-quote-is-layout-flow\">\n<p class=\"wp-block-paragraph\"><strong>el Nombre representa autoridad delegada.<\/strong><\/p>\n<\/blockquote>\n\n\n\n<p class=\"wp-block-paragraph\">La cuesti\u00f3n exeg\u00e9tica permanece exactamente donde hab\u00eda estado desde el principio:<\/p>\n\n\n\n<blockquote class=\"wp-block-quote is-layout-flow wp-block-quote-is-layout-flow\">\n<p class=\"wp-block-paragraph\"><strong>\u00bfestamos ante identidad divina o representaci\u00f3n divina?<\/strong><\/p>\n<\/blockquote>\n\n\n\n<p class=\"wp-block-paragraph\">La Reforma no elimina la pregunta.<\/p>\n\n\n\n<p class=\"wp-block-paragraph\">La recibe.<\/p>\n\n\n\n<h2 id=\"calvino-y-el-angel-de-su-faz\" class=\"wp-block-heading\">Calvino y el \u201c\u00c1ngel de su faz\u201d<\/h2>\n\n\n\n<p class=\"wp-block-paragraph\">Otro texto relevante es <a href=\"https:\/\/biblia.com\/bible\/rvr60\/Is63.9\">Isa\u00edas 63:9<\/a>:<\/p>\n\n\n\n<blockquote class=\"wp-block-quote is-layout-flow wp-block-quote-is-layout-flow\">\n<p class=\"wp-block-paragraph\">\u201cel \u00e1ngel de su faz los salv\u00f3\u201d.<\/p>\n<\/blockquote>\n\n\n\n<p class=\"wp-block-paragraph\">El hebreo contiene la expresi\u00f3n:<\/p>\n\n\n\n<blockquote class=\"wp-block-quote is-layout-flow wp-block-quote-is-layout-flow\">\n<p class=\"wp-block-paragraph\">\u05de\u05b7\u05dc\u05b0\u05d0\u05b7\u05da\u05b0 \u05e4\u05b8\u05bc\u05e0\u05b8\u05d9\u05d5<br><em>mal\u02beakh p\u0101n\u0101w<\/em><\/p>\n<\/blockquote>\n\n\n\n<p class=\"wp-block-paragraph\">que puede traducirse:<\/p>\n\n\n\n<blockquote class=\"wp-block-quote is-layout-flow wp-block-quote-is-layout-flow\">\n<p class=\"wp-block-paragraph\">\u201cel \u00e1ngel de su presencia\u201d<br>o<br>\u201cel mensajero de su rostro\/presencia\u201d.<\/p>\n<\/blockquote>\n\n\n\n<p class=\"wp-block-paragraph\">El contexto es extraordinario porque el texto afirma:<\/p>\n\n\n\n<blockquote class=\"wp-block-quote is-layout-flow wp-block-quote-is-layout-flow\">\n<p class=\"wp-block-paragraph\">\u201cEn toda angustia de ellos \u00e9l fue angustiado, y el \u00e1ngel de su faz los salv\u00f3\u201d.<\/p>\n<\/blockquote>\n\n\n\n<p class=\"wp-block-paragraph\">Y contin\u00faa:<\/p>\n\n\n\n<blockquote class=\"wp-block-quote is-layout-flow wp-block-quote-is-layout-flow\">\n<p class=\"wp-block-paragraph\">\u201cen su amor y en su clemencia los redimi\u00f3\u201d (<a href=\"https:\/\/biblia.com\/bible\/rvr60\/Is63.9\">Is 63:9<\/a>).<\/p>\n<\/blockquote>\n\n\n\n<p class=\"wp-block-paragraph\">La proximidad entre:<\/p>\n\n\n\n<p class=\"wp-block-paragraph\">Yahv\u00e9,<br>su presencia,<br>su \u00c1ngel,<br>salvaci\u00f3n<br>y redenci\u00f3n<\/p>\n\n\n\n<p class=\"wp-block-paragraph\">hizo de este pasaje otro candidato natural para una lectura cristol\u00f3gica<sup data-fn=\"3717ce2c-f2ae-41e6-908a-330486915b46\" class=\"fn\"><a href=\"#3717ce2c-f2ae-41e6-908a-330486915b46\" id=\"3717ce2c-f2ae-41e6-908a-330486915b46-link\">153<\/a><\/sup>.<\/p>\n\n\n\n<p class=\"wp-block-paragraph\">Sin embargo, el texto no identifica expl\u00edcitamente al \u00c1ngel con el Mes\u00edas.<\/p>\n\n\n\n<p class=\"wp-block-paragraph\">La identificaci\u00f3n requiere una lectura can\u00f3nica m\u00e1s amplia.<\/p>\n\n\n\n<h2 id=\"el-angel-y-la-presencia-de-dios\" class=\"wp-block-heading\">El \u00c1ngel y la presencia de Dios<\/h2>\n\n\n\n<p class=\"wp-block-paragraph\">Aqu\u00ed podemos comenzar a percibir un patr\u00f3n acumulativo.<\/p>\n\n\n\n<p class=\"wp-block-paragraph\"><a href=\"https:\/\/biblia.com\/bible\/rvr60\/Ex23.21\">\u00c9xodo 23:21<\/a>:<\/p>\n\n\n\n<blockquote class=\"wp-block-quote is-layout-flow wp-block-quote-is-layout-flow\">\n<p class=\"wp-block-paragraph\">\u201cmi nombre est\u00e1 en \u00e9l\u201d.<\/p>\n<\/blockquote>\n\n\n\n<p class=\"wp-block-paragraph\"><a href=\"https:\/\/biblia.com\/bible\/rvr60\/Is63.9\">Isa\u00edas 63:9<\/a>:<\/p>\n\n\n\n<blockquote class=\"wp-block-quote is-layout-flow wp-block-quote-is-layout-flow\">\n<p class=\"wp-block-paragraph\">\u201cel \u00e1ngel de su faz\u201d.<\/p>\n<\/blockquote>\n\n\n\n<p class=\"wp-block-paragraph\"><a href=\"https:\/\/biblia.com\/bible\/rvr60\/Ex33.14\">\u00c9xodo 33:14<\/a>:<\/p>\n\n\n\n<blockquote class=\"wp-block-quote is-layout-flow wp-block-quote-is-layout-flow\">\n<p class=\"wp-block-paragraph\">\u201cMi presencia ir\u00e1 contigo\u201d.<\/p>\n<\/blockquote>\n\n\n\n<p class=\"wp-block-paragraph\">Estas expresiones han llevado a algunos int\u00e9rpretes a preguntarse si:<\/p>\n\n\n\n<p class=\"wp-block-paragraph\">\u00c1ngel,<br>Nombre<br>y Presencia<\/p>\n\n\n\n<p class=\"wp-block-paragraph\">representan diferentes formas veterotestamentarias de hablar de la <strong>presencia personal de Yahv\u00e9 con Israel<\/strong>.<\/p>\n\n\n\n<p class=\"wp-block-paragraph\">Esta cuesti\u00f3n ser\u00e1 extraordinariamente importante cuando lleguemos a la investigaci\u00f3n moderna y especialmente a discusiones acerca de:<\/p>\n\n\n\n<blockquote class=\"wp-block-quote is-layout-flow wp-block-quote-is-layout-flow\">\n<p class=\"wp-block-paragraph\"><strong>Teolog\u00eda del nombre<\/strong>,<br>agencia divina,<br>mediadores celestiales<br>y las llamadas tradiciones de las \u201cdos potencias\u201d.<\/p>\n<\/blockquote>\n\n\n\n<h2 id=\"la-reforma-no-produce-una-interpretacion-uniforme\" class=\"wp-block-heading\">La Reforma no produce una interpretaci\u00f3n uniforme<\/h2>\n\n\n\n<p class=\"wp-block-paragraph\">Tambi\u00e9n aqu\u00ed debemos evitar generalizaciones.<\/p>\n\n\n\n<p class=\"wp-block-paragraph\">No existe una \u00fanica \u201cinterpretaci\u00f3n protestante\u201d del \u00c1ngel del Se\u00f1or.<\/p>\n\n\n\n<p class=\"wp-block-paragraph\">Dentro del protestantismo posterior encontraremos:<\/p>\n\n\n\n<ol class=\"wp-block-list\">\n<li>Int\u00e9rpretes que identifican directamente al \u00c1ngel con Cristo;<\/li>\n\n\n\n<li>Int\u00e9rpretes que consideran posible esa identificaci\u00f3n pero no demostrable;<\/li>\n\n\n\n<li>Int\u00e9rpretes que prefieren entenderlo como un \u00e1ngel creado que representa plenamente a Dios;<\/li>\n\n\n\n<li>Int\u00e9rpretes hist\u00f3rico-cr\u00edticos que explican la alternancia entre \u00c1ngel y Yahv\u00e9 mediante historia de tradiciones o redacci\u00f3n.<\/li>\n<\/ol>\n\n\n\n<p class=\"wp-block-paragraph\">Esta diversidad contin\u00faa hasta nuestros d\u00edas.<\/p>\n\n\n\n<h2 id=\"la-tradicion-reformada-posterior\" class=\"wp-block-heading\">La tradici\u00f3n reformada posterior<\/h2>\n\n\n\n<p class=\"wp-block-paragraph\">En los siglos posteriores a la Reforma, la interpretaci\u00f3n cristol\u00f3gica adquirir\u00e1 nuevamente una presencia considerable en comentarios y teolog\u00edas protestantes.<\/p>\n\n\n\n<p class=\"wp-block-paragraph\">Una de las razones es la lectura conjunta de textos como:<\/p>\n\n\n\n<ul class=\"wp-block-list\">\n<li><a href=\"https:\/\/biblia.com\/bible\/rvr60\/Ge16.7-13\">Gn 16:7\u201313<\/a>,<\/li>\n\n\n\n<li><a href=\"https:\/\/biblia.com\/bible\/rvr60\/Ge22.11-18\">Gn 22:11\u201318<\/a>,<\/li>\n\n\n\n<li><a href=\"https:\/\/biblia.com\/bible\/rvr60\/Ge31.11-13\">Gn 31:11\u201313<\/a>,<\/li>\n\n\n\n<li><a href=\"https:\/\/biblia.com\/bible\/rvr60\/Ge32.24-30\">Gn 32:24\u201330<\/a>,<\/li>\n\n\n\n<li><a href=\"https:\/\/biblia.com\/bible\/rvr60\/Ex3.2-6\">Ex 3:2\u20136<\/a>,<\/li>\n\n\n\n<li><a href=\"https:\/\/biblia.com\/bible\/rvr60\/Ex23.20-23\">Ex 23:20\u201323<\/a>,<\/li>\n\n\n\n<li><a href=\"https:\/\/biblia.com\/bible\/rvr60\/Jdg6.11-24\">Jue 6:11\u201324<\/a>,<\/li>\n\n\n\n<li><a href=\"https:\/\/biblia.com\/bible\/rvr60\/Jdg13.3-22\">Jue 13:3\u201322<\/a>.<\/li>\n<\/ul>\n\n\n\n<p class=\"wp-block-paragraph\">Cuando estos textos son le\u00eddos conjuntamente, aparece una acumulaci\u00f3n impresionante de caracter\u00edsticas.<\/p>\n\n\n\n<p class=\"wp-block-paragraph\">El \u00c1ngel:<\/p>\n\n\n\n<p class=\"wp-block-paragraph\">es enviado por Yahv\u00e9;<\/p>\n\n\n\n<p class=\"wp-block-paragraph\">habla en primera persona como Yahv\u00e9;<\/p>\n\n\n\n<p class=\"wp-block-paragraph\">hace promesas que normalmente pertenecen a Dios;<\/p>\n\n\n\n<p class=\"wp-block-paragraph\">porta el Nombre;<\/p>\n\n\n\n<p class=\"wp-block-paragraph\">puede ser llamado Dios;<\/p>\n\n\n\n<p class=\"wp-block-paragraph\">provoca temor de haber visto a Dios;<\/p>\n\n\n\n<p class=\"wp-block-paragraph\">y, en determinados relatos, recibe una respuesta cultual extraordinaria.<\/p>\n\n\n\n<p class=\"wp-block-paragraph\">La interpretaci\u00f3n cristol\u00f3gica intenta explicar <strong>todo el conjunto mediante una \u00fanica identidad<\/strong>.<\/p>\n\n\n\n<h2 id=\"el-argumento-acumulativo\" class=\"wp-block-heading\">El argumento acumulativo<\/h2>\n\n\n\n<p class=\"wp-block-paragraph\">Este punto es metodol\u00f3gicamente importante.<\/p>\n\n\n\n<p class=\"wp-block-paragraph\">La defensa tradicional de la cristofan\u00eda no depende necesariamente de un \u00fanico vers\u00edculo.<\/p>\n\n\n\n<p class=\"wp-block-paragraph\">Su fuerza se encuentra en el <strong>patr\u00f3n acumulativo<\/strong>.<\/p>\n\n\n\n<p class=\"wp-block-paragraph\">Por ejemplo, <a href=\"https:\/\/biblia.com\/bible\/rvr60\/Ge16\">G\u00e9nesis 16<\/a> por s\u00ed solo podr\u00eda explicarse mediante agencia.<\/p>\n\n\n\n<p class=\"wp-block-paragraph\">Pero despu\u00e9s encontramos:<\/p>\n\n\n\n<blockquote class=\"wp-block-quote is-layout-flow wp-block-quote-is-layout-flow\">\n<p class=\"wp-block-paragraph\">\u201cYo soy el Dios de Bet-el\u201d (<a href=\"https:\/\/biblia.com\/bible\/rvr60\/Ge31.13\">Gn 31:13<\/a>).<\/p>\n<\/blockquote>\n\n\n\n<p class=\"wp-block-paragraph\">Despu\u00e9s:<\/p>\n\n\n\n<blockquote class=\"wp-block-quote is-layout-flow wp-block-quote-is-layout-flow\">\n<p class=\"wp-block-paragraph\">\u201cmi nombre est\u00e1 en \u00e9l\u201d (<a href=\"https:\/\/biblia.com\/bible\/rvr60\/Ex23.21\">Ex 23:21<\/a>).<\/p>\n<\/blockquote>\n\n\n\n<p class=\"wp-block-paragraph\">Despu\u00e9s Gede\u00f3n teme haber visto al \u00c1ngel y Yahv\u00e9 le responde directamente (<a href=\"https:\/\/biblia.com\/bible\/rvr60\/Jdg6.22-23\">Jue 6:22\u201323<\/a>).<\/p>\n\n\n\n<p class=\"wp-block-paragraph\">Despu\u00e9s Manoa declara:<\/p>\n\n\n\n<blockquote class=\"wp-block-quote is-layout-flow wp-block-quote-is-layout-flow\">\n<p class=\"wp-block-paragraph\">\u201ca Dios hemos visto\u201d (<a href=\"https:\/\/biblia.com\/bible\/rvr60\/Jdg13.22\">Jue 13:22<\/a>).<\/p>\n<\/blockquote>\n\n\n\n<p class=\"wp-block-paragraph\">El argumento cristol\u00f3gico pregunta:<\/p>\n\n\n\n<blockquote class=\"wp-block-quote is-layout-flow wp-block-quote-is-layout-flow\">\n<p class=\"wp-block-paragraph\"><strong>\u00bfcu\u00e1ntas veces puede atribuirse este lenguaje simplemente a representaci\u00f3n antes de que debamos considerar una identidad divina m\u00e1s profunda?<\/strong><\/p>\n<\/blockquote>\n\n\n\n<p class=\"wp-block-paragraph\">La interpretaci\u00f3n de agencia responde:<\/p>\n\n\n\n<blockquote class=\"wp-block-quote is-layout-flow wp-block-quote-is-layout-flow\">\n<p class=\"wp-block-paragraph\"><strong>tantas como permita la convenci\u00f3n del enviado autorizado.<\/strong><\/p>\n<\/blockquote>\n\n\n\n<p class=\"wp-block-paragraph\">Y aqu\u00ed se encuentra el verdadero desacuerdo.<\/p>\n\n\n\n<p class=\"wp-block-paragraph\">No se discuten principalmente los datos.<\/p>\n\n\n\n<p class=\"wp-block-paragraph\">Se discute qu\u00e9 modelo explica mejor esos datos.<\/p>\n\n\n\n<h2 id=\"a-henry-sawtelle-y-el-siglo-xix\" class=\"wp-block-heading\">A. Henry Sawtelle y el siglo XIX<\/h2>\n\n\n\n<p class=\"wp-block-paragraph\">Esta tradici\u00f3n nos conduce finalmente a uno de los autores fundamentales para nuestro art\u00edculo: <strong>A. Henry Sawtelle<\/strong>, cuyo estudio \u201cThe Angel of Jehovah\u201d, publicado en <em>Bibliotheca Sacra<\/em> 16, n.\u00ba 64 (1859), pp. 805\u2013835, constituye un ejemplo particularmente claro de la defensa protestante decimon\u00f3nica de la interpretaci\u00f3n cristol\u00f3gica.<sup data-fn=\"5837a1b1-5174-4da1-9a58-028a3d4bfe04\" class=\"fn\"><a href=\"#5837a1b1-5174-4da1-9a58-028a3d4bfe04\" id=\"5837a1b1-5174-4da1-9a58-028a3d4bfe04-link\">154<\/a><\/sup><\/p>\n\n\n\n<p class=\"wp-block-paragraph\">Sawtelle intenta estudiar el conjunto de las apariciones del \u00c1ngel y no simplemente un pasaje aislado.<\/p>\n\n\n\n<p class=\"wp-block-paragraph\">Su pregunta fundamental es la misma que ha recorrido nuestro estudio:<\/p>\n\n\n\n<blockquote class=\"wp-block-quote is-layout-flow wp-block-quote-is-layout-flow\">\n<p class=\"wp-block-paragraph\"><strong>\u00bfqui\u00e9n es este personaje que es enviado por Yahv\u00e9 y, sin embargo, habla y act\u00faa como Yahv\u00e9?<\/strong><\/p>\n<\/blockquote>\n\n\n\n<p class=\"wp-block-paragraph\">Sawtelle representa una etapa anterior al predominio de muchos m\u00e9todos hist\u00f3rico-cr\u00edticos posteriores y trabaja desde una fuerte concepci\u00f3n de la unidad can\u00f3nica de las Escrituras.<sup data-fn=\"9d76f418-100d-40c0-b367-cbc67f711d6d\" class=\"fn\"><a href=\"#9d76f418-100d-40c0-b367-cbc67f711d6d\" id=\"9d76f418-100d-40c0-b367-cbc67f711d6d-link\">155<\/a><\/sup><\/p>\n\n\n\n<p class=\"wp-block-paragraph\">Por ello, su conclusi\u00f3n debe entenderse dentro de esa metodolog\u00eda.<\/p>\n\n\n\n<p class=\"wp-block-paragraph\">Para \u00e9l, los fen\u00f3menos acumulativos del texto apuntan hacia una manifestaci\u00f3n de la segunda persona divina antes de la encarnaci\u00f3n.<\/p>\n\n\n\n<h2 id=\"lo-importante-de-sawtelle\" class=\"wp-block-heading\">Lo importante de Sawtelle<\/h2>\n\n\n\n<p class=\"wp-block-paragraph\">Sawtelle resulta especialmente relevante porque articula sistem\u00e1ticamente varios argumentos que todav\u00eda aparecen en defensas modernas de la interpretaci\u00f3n cristof\u00e1nica:<\/p>\n\n\n\n<p class=\"wp-block-paragraph\">el \u00c1ngel es distinguido de Yahv\u00e9;<\/p>\n\n\n\n<p class=\"wp-block-paragraph\">el \u00c1ngel es identificado con Yahv\u00e9;<\/p>\n\n\n\n<p class=\"wp-block-paragraph\">habla con autoridad divina;<\/p>\n\n\n\n<p class=\"wp-block-paragraph\">recibe atribuciones que exceden a un mensajero ordinario;<\/p>\n\n\n\n<p class=\"wp-block-paragraph\">y mantiene una funci\u00f3n reveladora coherente con la posterior doctrina cristiana del Logos.<\/p>\n\n\n\n<p class=\"wp-block-paragraph\">Su importancia para nuestro art\u00edculo no consiste solamente en que apoye una determinada conclusi\u00f3n.<\/p>\n\n\n\n<p class=\"wp-block-paragraph\">Es hist\u00f3ricamente valioso porque muestra <strong>c\u00f3mo se construy\u00f3 el argumento protestante cl\u00e1sico antes de muchas discusiones contempor\u00e1neas<\/strong>.<\/p>\n\n\n\n<p class=\"wp-block-paragraph\">Esto permitir\u00e1 posteriormente comparar su modelo con autores modernos como Michael Heiser y con comentaristas hist\u00f3rico-cr\u00edticos que llegan a conclusiones diferentes.<sup data-fn=\"357250f0-41f7-4ac5-8a08-b6fdfd481216\" class=\"fn\"><a href=\"#357250f0-41f7-4ac5-8a08-b6fdfd481216\" id=\"357250f0-41f7-4ac5-8a08-b6fdfd481216-link\">156<\/a><\/sup><\/p>\n\n\n\n<h2 id=\"la-llegada-de-la-critica-historica\" class=\"wp-block-heading\">La llegada de la cr\u00edtica hist\u00f3rica<\/h2>\n\n\n\n<p class=\"wp-block-paragraph\">Entre los siglos XVIII y XIX, sin embargo, la interpretaci\u00f3n b\u00edblica europea experimentar\u00e1 una transformaci\u00f3n profunda.<\/p>\n\n\n\n<p class=\"wp-block-paragraph\">Cada vez m\u00e1s estudiosos comenzar\u00e1n a preguntar no solamente:<\/p>\n\n\n\n<blockquote class=\"wp-block-quote is-layout-flow wp-block-quote-is-layout-flow\">\n<p class=\"wp-block-paragraph\">\u201c\u00bfc\u00f3mo encaja este texto dentro de toda la Biblia?\u201d<\/p>\n<\/blockquote>\n\n\n\n<p class=\"wp-block-paragraph\">sino:<\/p>\n\n\n\n<blockquote class=\"wp-block-quote is-layout-flow wp-block-quote-is-layout-flow\">\n<p class=\"wp-block-paragraph\"><strong>\u201c\u00bfc\u00f3mo surgi\u00f3 hist\u00f3ricamente este texto?\u201d<\/strong><\/p>\n<\/blockquote>\n\n\n\n<p class=\"wp-block-paragraph\">Esta nueva pregunta producir\u00e1 explicaciones alternativas del fen\u00f3meno del \u00c1ngel de Yahv\u00e9.<\/p>\n\n\n\n<p class=\"wp-block-paragraph\">Algunos propondr\u00e1n que determinados relatos originalmente describ\u00edan apariciones directas de Yahv\u00e9 y que posteriormente fueron modificados mediante la introducci\u00f3n de un \u00e1ngel para proteger la trascendencia divina.<\/p>\n\n\n\n<p class=\"wp-block-paragraph\">Otros distinguir\u00e1n diferentes fuentes o estratos literarios.<\/p>\n\n\n\n<p class=\"wp-block-paragraph\">Otros explicar\u00e1n el fen\u00f3meno mediante la evoluci\u00f3n de la angelolog\u00eda israelita.<\/p>\n\n\n\n<p class=\"wp-block-paragraph\">La cuesti\u00f3n cambiar\u00e1 entonces radicalmente.<\/p>\n\n\n\n<p class=\"wp-block-paragraph\">En lugar de preguntar:<\/p>\n\n\n\n<blockquote class=\"wp-block-quote is-layout-flow wp-block-quote-is-layout-flow\">\n<p class=\"wp-block-paragraph\">\u201c\u00bfes el \u00c1ngel Cristo?\u201d,<\/p>\n<\/blockquote>\n\n\n\n<p class=\"wp-block-paragraph\">la cr\u00edtica hist\u00f3rica preguntar\u00e1 primero:<\/p>\n\n\n\n<blockquote class=\"wp-block-quote is-layout-flow wp-block-quote-is-layout-flow\">\n<p class=\"wp-block-paragraph\"><strong>\u201c\u00bfqu\u00e9 funci\u00f3n literaria e hist\u00f3rica desempe\u00f1a el <em>mal\u02beakh YHWH<\/em> dentro de las tradiciones de Israel?\u201d<\/strong><\/p>\n<\/blockquote>\n\n\n\n<p class=\"wp-block-paragraph\">Este cambio metodol\u00f3gico dominar\u00e1 gran parte de la investigaci\u00f3n moderna.<\/p>\n\n\n\n<h2 id=\"una-hipotesis-historico-critica-clasica\" class=\"wp-block-heading\">Una hip\u00f3tesis hist\u00f3rico-cr\u00edtica cl\u00e1sica<\/h2>\n\n\n\n<p class=\"wp-block-paragraph\">Una explicaci\u00f3n que adquiri\u00f3 influencia puede resumirse as\u00ed.<\/p>\n\n\n\n<p class=\"wp-block-paragraph\">En tradiciones antiguas, Yahv\u00e9 pod\u00eda aparecer directamente.<sup data-fn=\"ba9fbbdf-c07b-4ee4-9c96-dc30540b4573\" class=\"fn\"><a href=\"#ba9fbbdf-c07b-4ee4-9c96-dc30540b4573\" id=\"ba9fbbdf-c07b-4ee4-9c96-dc30540b4573-link\">157<\/a><\/sup><\/p>\n\n\n\n<p class=\"wp-block-paragraph\">Posteriormente, al desarrollarse una concepci\u00f3n m\u00e1s fuerte de la trascendencia divina, escribas o tradiciones posteriores habr\u00edan introducido la figura del \u00c1ngel para mediar la aparici\u00f3n.<\/p>\n\n\n\n<p class=\"wp-block-paragraph\">Esto explicar\u00eda por qu\u00e9 algunos relatos parecen alternar tan abruptamente:<\/p>\n\n\n\n<blockquote class=\"wp-block-quote is-layout-flow wp-block-quote-is-layout-flow\">\n<p class=\"wp-block-paragraph\">\u00c1ngel \u2192 Yahv\u00e9 \u2192 \u00c1ngel \u2192 Dios.<\/p>\n<\/blockquote>\n\n\n\n<p class=\"wp-block-paragraph\">Desde esta perspectiva, la alternancia no reflejar\u00eda necesariamente una misteriosa identidad divina.<\/p>\n\n\n\n<p class=\"wp-block-paragraph\">Ser\u00eda el resultado de <strong>historia literaria o redaccional<\/strong>.<\/p>\n\n\n\n<p class=\"wp-block-paragraph\">Esta hip\u00f3tesis tuvo considerable influencia.<\/p>\n\n\n\n<p class=\"wp-block-paragraph\">Pero tambi\u00e9n presenta dificultades.<\/p>\n\n\n\n<p class=\"wp-block-paragraph\">En algunos relatos, la alternancia entre \u00c1ngel y Yahv\u00e9 parece estar demasiado integrada en la estructura narrativa para explicarse simplemente como una correcci\u00f3n editorial torpe.<\/p>\n\n\n\n<p class=\"wp-block-paragraph\">Adem\u00e1s, la teor\u00eda necesita demostrarse independientemente para cada texto.<\/p>\n\n\n\n<p class=\"wp-block-paragraph\">No puede suponerse autom\u00e1ticamente.<\/p>\n\n\n\n<h2 id=\"tres-grandes-modelos-comienzan-a-distinguirse\" class=\"wp-block-heading\">Tres grandes modelos comienzan a distinguirse<\/h2>\n\n\n\n<p class=\"wp-block-paragraph\">Llegados al siglo XIX, podemos identificar tres modelos interpretativos principales que continuar\u00e1n hasta la actualidad.<\/p>\n\n\n\n<p class=\"wp-block-paragraph\">El primero es el <strong>modelo cristof\u00e1nico<\/strong>:<\/p>\n\n\n\n<blockquote class=\"wp-block-quote is-layout-flow wp-block-quote-is-layout-flow\">\n<p class=\"wp-block-paragraph\">el \u00c1ngel de Yahv\u00e9 es el Logos\/Hijo preencarnado.<\/p>\n<\/blockquote>\n\n\n\n<p class=\"wp-block-paragraph\">El segundo es el <strong>modelo de agencia<\/strong>:<\/p>\n\n\n\n<blockquote class=\"wp-block-quote is-layout-flow wp-block-quote-is-layout-flow\">\n<p class=\"wp-block-paragraph\">el \u00c1ngel es un mensajero celestial creado que representa plenamente a Yahv\u00e9.<\/p>\n<\/blockquote>\n\n\n\n<p class=\"wp-block-paragraph\">El tercero es el <strong>modelo hist\u00f3rico-literario<\/strong>:<\/p>\n\n\n\n<blockquote class=\"wp-block-quote is-layout-flow wp-block-quote-is-layout-flow\">\n<p class=\"wp-block-paragraph\">la alternancia entre \u00c1ngel y Yahv\u00e9 refleja procesos de tradici\u00f3n, composici\u00f3n o redacci\u00f3n dentro de la religi\u00f3n israelita.<\/p>\n<\/blockquote>\n\n\n\n<p class=\"wp-block-paragraph\">En la investigaci\u00f3n contempor\u00e1nea aparecer\u00e1 adem\u00e1s un cuarto modelo particularmente interesante:<\/p>\n\n\n\n<blockquote class=\"wp-block-quote is-layout-flow wp-block-quote-is-layout-flow\">\n<p class=\"wp-block-paragraph\"><strong>el \u00c1ngel pertenece a una concepci\u00f3n antigua de la presencia divina en la que Yahv\u00e9 puede manifestarse de manera diferenciada sin que esa diferenciaci\u00f3n equivalga todav\u00eda a la doctrina cristiana de la Trinidad.<\/strong><\/p>\n<\/blockquote>\n\n\n\n<p class=\"wp-block-paragraph\">Ser\u00e1 precisamente aqu\u00ed donde autores como <strong>Michael S. Heiser<\/strong> intentar\u00e1n recuperar la complejidad de los textos dentro de su contexto antiguo.<sup data-fn=\"4e6237a5-ab25-4f0a-9d83-7c43720e551c\" class=\"fn\"><a href=\"#4e6237a5-ab25-4f0a-9d83-7c43720e551c\" id=\"4e6237a5-ab25-4f0a-9d83-7c43720e551c-link\">158<\/a><\/sup><\/p>\n\n\n\n<h2 id=\"el-verdadero-problema-hermeneutico\" class=\"wp-block-heading\">El verdadero problema hermen\u00e9utico<\/h2>\n\n\n\n<p class=\"wp-block-paragraph\">La historia que hemos recorrido muestra que el debate no puede resolverse simplemente citando:<\/p>\n\n\n\n<blockquote class=\"wp-block-quote is-layout-flow wp-block-quote-is-layout-flow\">\n<p class=\"wp-block-paragraph\">\u201cel \u00c1ngel de Jehov\u00e1 dijo&#8230;\u201d<\/p>\n<\/blockquote>\n\n\n\n<p class=\"wp-block-paragraph\">La cuesti\u00f3n es mucho m\u00e1s profunda.<\/p>\n\n\n\n<p class=\"wp-block-paragraph\">Hay que determinar:<\/p>\n\n\n\n<p class=\"wp-block-paragraph\">qu\u00e9 significa <em>mal\u02beakh<\/em>;<\/p>\n\n\n\n<p class=\"wp-block-paragraph\">c\u00f3mo funciona la representaci\u00f3n en el antiguo Cercano Oriente;<\/p>\n\n\n\n<p class=\"wp-block-paragraph\">qu\u00e9 significa portar el Nombre divino;<\/p>\n\n\n\n<p class=\"wp-block-paragraph\">c\u00f3mo funcionan las teofan\u00edas;<\/p>\n\n\n\n<p class=\"wp-block-paragraph\">qu\u00e9 relaci\u00f3n existe entre Yahv\u00e9 y su mensajero;<\/p>\n\n\n\n<p class=\"wp-block-paragraph\">c\u00f3mo interpreta el Nuevo Testamento las tradiciones de Israel;<\/p>\n\n\n\n<p class=\"wp-block-paragraph\">y hasta qu\u00e9 punto una lectura cristol\u00f3gica posterior puede considerarse desarrollo leg\u00edtimo del sentido can\u00f3nico.<\/p>\n\n\n\n<p class=\"wp-block-paragraph\">Por ello, el estudio moderno del \u00c1ngel de Yahv\u00e9 se encuentra exactamente en la intersecci\u00f3n entre:<\/p>\n\n\n\n<blockquote class=\"wp-block-quote is-layout-flow wp-block-quote-is-layout-flow\">\n<p class=\"wp-block-paragraph\"><strong>filolog\u00eda hebrea,<br>cr\u00edtica literaria,<br>historia de las religiones,<br>angelolog\u00eda jud\u00eda,<br>cristolog\u00eda<br>y teolog\u00eda trinitaria.<\/strong><\/p>\n<\/blockquote>\n\n\n\n<p class=\"wp-block-paragraph\">Y esta combinaci\u00f3n explica por qu\u00e9 el personaje contin\u00faa siendo una de las figuras m\u00e1s fascinantes y discutidas de toda la Biblia.<\/p>\n\n\n\n<h3 id=\"conclusion-y-transicion\" class=\"wp-block-heading\">Conclusi\u00f3n y transici\u00f3n<\/h3>\n\n\n\n<p class=\"wp-block-paragraph\">La Edad Media y la Reforma muestran que la interpretaci\u00f3n cristiana del \u00c1ngel de Yahv\u00e9 nunca fue completamente monol\u00edtica. La l\u00ednea agustiniana insisti\u00f3 en la mediaci\u00f3n de formas creadas; la tradici\u00f3n cristol\u00f3gica continu\u00f3 identificando determinadas apariciones con el Hijo; y la Reforma volvi\u00f3 a prestar una atenci\u00f3n intensa a la forma concreta de los textos b\u00edblicos.<\/p>\n\n\n\n<p class=\"wp-block-paragraph\">Pero el siglo XIX abre una etapa diferente.<\/p>\n\n\n\n<p class=\"wp-block-paragraph\">Con <strong>A. Henry Sawtelle<\/strong> encontramos una defensa protestante sistem\u00e1tica de la cristofan\u00eda. Paralelamente, el crecimiento de la cr\u00edtica hist\u00f3rica comienza a ofrecer explicaciones radicalmente diferentes del mismo fen\u00f3meno.<\/p>\n\n\n\n<p class=\"wp-block-paragraph\">Por ello, la siguiente etapa de nuestro estudio deber\u00e1 abandonar moment\u00e1neamente la simple narraci\u00f3n cronol\u00f3gica y entrar en el <strong>debate exeg\u00e9tico moderno<\/strong>.<\/p>\n\n\n\n<p class=\"wp-block-paragraph\">All\u00ed podremos comparar directamente las grandes explicaciones contempor\u00e1neas:<\/p>\n\n\n\n<blockquote class=\"wp-block-quote is-layout-flow wp-block-quote-is-layout-flow\">\n<p class=\"wp-block-paragraph\"><strong>Cristofan\u00eda:<\/strong> el \u00c1ngel es el Hijo preencarnado.<\/p>\n<\/blockquote>\n\n\n\n<blockquote class=\"wp-block-quote is-layout-flow wp-block-quote-is-layout-flow\">\n<p class=\"wp-block-paragraph\"><strong>Agencia:<\/strong> el \u00c1ngel es un mensajero creado que habla plenamente en nombre de Yahv\u00e9.<\/p>\n<\/blockquote>\n\n\n\n<blockquote class=\"wp-block-quote is-layout-flow wp-block-quote-is-layout-flow\">\n<p class=\"wp-block-paragraph\"><strong>Historia literaria:<\/strong> la identificaci\u00f3n refleja desarrollo o composici\u00f3n de las tradiciones.<\/p>\n<\/blockquote>\n\n\n\n<blockquote class=\"wp-block-quote is-layout-flow wp-block-quote-is-layout-flow\">\n<p class=\"wp-block-paragraph\"><strong>Manifestaci\u00f3n diferenciada de Yahv\u00e9:<\/strong> los textos presentan una complejidad interna en la presencia divina que pertenece al mundo conceptual de Israel y que no debe identificarse inmediatamente ni con un \u00e1ngel ordinario ni con la doctrina trinitaria posterior.<\/p>\n<\/blockquote>\n\n\n\n<p class=\"wp-block-paragraph\">Esta comparaci\u00f3n ser\u00e1 indispensable antes de formular una conclusi\u00f3n propia acerca de la identidad del misterioso <strong>\u00c1ngel de Yahv\u00e9<\/strong>.<\/p>\n\n\n\n<h1 id=\"el-debate-exegetico-moderno-agencia-teofania-composicion-literaria-e-identidad-divina\" class=\"wp-block-heading\">El debate exeg\u00e9tico moderno: agencia, teofan\u00eda, composici\u00f3n literaria e identidad divina<\/h1>\n\n\n\n<p class=\"wp-block-paragraph\">La investigaci\u00f3n moderna sobre el \u00c1ngel de Yahv\u00e9 se caracteriza precisamente por la ausencia de una soluci\u00f3n universalmente aceptada. El problema que hab\u00eda generado diferentes respuestas en la tradici\u00f3n jud\u00eda y cristiana contin\u00faa abierto: el personaje es descrito como <strong>mensajero de Yahv\u00e9<\/strong>, pero en determinados textos habla como Yahv\u00e9, es identificado narrativamente con Dios o participa de su autoridad de una manera extraordinariamente intensa.<\/p>\n\n\n\n<p class=\"wp-block-paragraph\">Un estudio contempor\u00e1neo de <strong>Paul D. Wegner<\/strong>, por ejemplo, reconoce expresamente la diversidad hist\u00f3rica de posiciones: algunos int\u00e9rpretes consideran al \u00c1ngel una cristofan\u00eda, otros una teofan\u00eda y otros simplemente un \u00e1ngel. Esa diversidad no pertenece \u00fanicamente a \u00e9pocas antiguas; sigue representando las principales l\u00edneas del debate contempor\u00e1neo.<sup data-fn=\"52fb9a1a-307f-42b8-a5b2-d7c3a0e0f6f8\" class=\"fn\"><a href=\"#52fb9a1a-307f-42b8-a5b2-d7c3a0e0f6f8\" id=\"52fb9a1a-307f-42b8-a5b2-d7c3a0e0f6f8-link\">159<\/a><\/sup><\/p>\n\n\n\n<p class=\"wp-block-paragraph\">Por ello, ser\u00eda metodol\u00f3gicamente inadecuado comenzar esta secci\u00f3n afirmando que \u201clos acad\u00e9micos han demostrado\u201d una \u00fanica identidad. La situaci\u00f3n real es m\u00e1s compleja.<\/p>\n\n\n\n<p class=\"wp-block-paragraph\">Podemos organizar las principales explicaciones modernas alrededor de cuatro modelos:<\/p>\n\n\n\n<p class=\"wp-block-paragraph\"><strong>representaci\u00f3n o agencia<\/strong>,<br><strong>identidad o teofan\u00eda<\/strong>,<br><strong>explicaci\u00f3n hist\u00f3rico-redaccional<\/strong>,<br>y <strong>manifestaci\u00f3n localizada o diferenciada de Yahv\u00e9<\/strong>.<\/p>\n\n\n\n<p class=\"wp-block-paragraph\">Estos modelos no siempre son completamente incompatibles. Algunos investigadores combinan elementos de varios. Sin embargo, distinguirlos permite comprender d\u00f3nde se encuentra realmente el desacuerdo.<\/p>\n\n\n\n<h2 id=\"1-el-modelo-de-agencia-el-mensajero-habla-con-la-autoridad-del-remitente\" class=\"wp-block-heading\">1. El modelo de agencia: el mensajero habla con la autoridad del remitente<\/h2>\n\n\n\n<p class=\"wp-block-paragraph\">Una de las explicaciones modernas m\u00e1s importantes sostiene que el \u00c1ngel de Yahv\u00e9 debe entenderse como un <strong>enviado plenamente autorizado<\/strong>.<\/p>\n\n\n\n<p class=\"wp-block-paragraph\">Bajo este modelo, la sorprendente primera persona divina no demuestra necesariamente identidad ontol\u00f3gica.<\/p>\n\n\n\n<p class=\"wp-block-paragraph\">Cuando el \u00c1ngel declara:<\/p>\n\n\n\n<blockquote class=\"wp-block-quote is-layout-flow wp-block-quote-is-layout-flow\">\n<p class=\"wp-block-paragraph\">\u201cMultiplicar\u00e9 tanto tu descendencia&#8230;\u201d (<a href=\"https:\/\/biblia.com\/bible\/rvr60\/Ge16.10\">Gn 16:10<\/a>),<\/p>\n<\/blockquote>\n\n\n\n<p class=\"wp-block-paragraph\">o:<\/p>\n\n\n\n<blockquote class=\"wp-block-quote is-layout-flow wp-block-quote-is-layout-flow\">\n<p class=\"wp-block-paragraph\">\u201cYo soy el Dios de Bet-el\u201d (<a href=\"https:\/\/biblia.com\/bible\/rvr60\/Ge31.13\">Gn 31:13<\/a>),<\/p>\n<\/blockquote>\n\n\n\n<p class=\"wp-block-paragraph\">la explicaci\u00f3n ser\u00eda que el mensajero reproduce directamente el discurso de Yahv\u00e9.<\/p>\n\n\n\n<p class=\"wp-block-paragraph\">El principio posee antecedentes claros en la propia idea b\u00edblica de <em>mal\u02beakh<\/em>:<\/p>\n\n\n\n<blockquote class=\"wp-block-quote is-layout-flow wp-block-quote-is-layout-flow\">\n<p class=\"wp-block-paragraph\"><strong>mensajero \/ enviado.<\/strong><\/p>\n<\/blockquote>\n\n\n\n<p class=\"wp-block-paragraph\">El enviado no habla simplemente acerca de su se\u00f1or.<\/p>\n\n\n\n<p class=\"wp-block-paragraph\">Puede portar su palabra.<\/p>\n\n\n\n<p class=\"wp-block-paragraph\">Puede comunicar su decisi\u00f3n.<\/p>\n\n\n\n<p class=\"wp-block-paragraph\">Puede actuar jur\u00eddicamente en su nombre.<\/p>\n\n\n\n<p class=\"wp-block-paragraph\">Por ello, el paso de tercera a primera persona no tendr\u00eda que significar que el mensajero sea literalmente el remitente.<\/p>\n\n\n\n<p class=\"wp-block-paragraph\">Esta explicaci\u00f3n ha recibido una defensa moderna especialmente detallada en el trabajo de <strong>Ren\u00e9 A. L\u00f3pez<\/strong>, \u201cIdentifying the \u2018Angel of the Lord\u2019 in the Book of Judges\u201d. L\u00f3pez examina precisamente los argumentos tradicionalmente utilizados para identificar al \u00c1ngel como teofan\u00eda o cristofan\u00eda: la gram\u00e1tica, el discurso en primera persona, el temor de haber visto a Dios, atributos compartidos y otros elementos. Su conclusi\u00f3n propone entenderlo fundamentalmente dentro de las convenciones del enviado autorizado.<sup data-fn=\"ff4fd459-57f0-4c34-ba8e-ec635267beaf\" class=\"fn\"><a href=\"#ff4fd459-57f0-4c34-ba8e-ec635267beaf\" id=\"ff4fd459-57f0-4c34-ba8e-ec635267beaf-link\">160<\/a><\/sup><\/p>\n\n\n\n<p class=\"wp-block-paragraph\">La fuerza principal de esta interpretaci\u00f3n es que explica f\u00e1cilmente los textos de <strong>distinci\u00f3n expl\u00edcita<\/strong>.<\/p>\n\n\n\n<p class=\"wp-block-paragraph\">Por ejemplo, en <a href=\"https:\/\/biblia.com\/bible\/rvr60\/Zec1.12\">Zacar\u00edas 1:12<\/a>:<\/p>\n\n\n\n<blockquote class=\"wp-block-quote is-layout-flow wp-block-quote-is-layout-flow\">\n<p class=\"wp-block-paragraph\">\u201cRespondi\u00f3 el \u00e1ngel de Jehov\u00e1 y dijo: Oh Jehov\u00e1 de los ej\u00e9rcitos, \u00bfhasta cu\u00e1ndo no tendr\u00e1s piedad de Jerusal\u00e9n&#8230;?\u201d<\/p>\n<\/blockquote>\n\n\n\n<p class=\"wp-block-paragraph\">Aqu\u00ed el \u00c1ngel habla <strong>a Yahv\u00e9<\/strong>.<\/p>\n\n\n\n<p class=\"wp-block-paragraph\">En <a href=\"https:\/\/biblia.com\/bible\/rvr60\/Jdg13.16\">Jueces 13:16<\/a> declara:<\/p>\n\n\n\n<blockquote class=\"wp-block-quote is-layout-flow wp-block-quote-is-layout-flow\">\n<p class=\"wp-block-paragraph\">\u201csi quieres hacer holocausto, ofr\u00e9celo a Jehov\u00e1\u201d.<\/p>\n<\/blockquote>\n\n\n\n<p class=\"wp-block-paragraph\">Y en <a href=\"https:\/\/biblia.com\/bible\/rvr60\/Zec3.6-7\">Zacar\u00edas 3:6\u20137<\/a> proclama:<\/p>\n\n\n\n<blockquote class=\"wp-block-quote is-layout-flow wp-block-quote-is-layout-flow\">\n<p class=\"wp-block-paragraph\">\u201cAs\u00ed dice Jehov\u00e1 de los ej\u00e9rcitos\u201d.<\/p>\n<\/blockquote>\n\n\n\n<p class=\"wp-block-paragraph\">Estos textos resultan perfectamente naturales si el \u00c1ngel es un mensajero creado que representa a Dios.<sup data-fn=\"075c004f-3f1d-46e0-a4e2-531544e010f4\" class=\"fn\"><a href=\"#075c004f-3f1d-46e0-a4e2-531544e010f4\" id=\"075c004f-3f1d-46e0-a4e2-531544e010f4-link\">161<\/a><\/sup><\/p>\n\n\n\n<h2 id=\"el-problema-del-modelo-de-agencia\" class=\"wp-block-heading\">El problema del modelo de agencia<\/h2>\n\n\n\n<p class=\"wp-block-paragraph\">Precisamente aqu\u00ed comienza la dificultad.<\/p>\n\n\n\n<p class=\"wp-block-paragraph\"><strong>Andrew S. Malone<\/strong>, respondiendo directamente al estudio de L\u00f3pez en \u201cDistinguishing the Angel of the Lord\u201d, acepta que un agente puede hablar con la voz de su se\u00f1or y recibir deferencia en su nombre. Pero se\u00f1ala que esos mismos datos tambi\u00e9n ser\u00edan compatibles con una figura que participara realmente de la identidad divina. El problema, seg\u00fan Malone, consiste en demostrar que el \u00c1ngel puede ser <strong>claramente distinguido de Yahv\u00e9 en aquellos textos donde la narraci\u00f3n parece identificarlos<\/strong>.<sup data-fn=\"2b410729-2af6-45a7-9d45-a2623318552b\" class=\"fn\"><a href=\"#2b410729-2af6-45a7-9d45-a2623318552b\" id=\"2b410729-2af6-45a7-9d45-a2623318552b-link\">162<\/a><\/sup><\/p>\n\n\n\n<p class=\"wp-block-paragraph\">Este punto resulta extremadamente importante para nuestro estudio.<\/p>\n\n\n\n<p class=\"wp-block-paragraph\">La representaci\u00f3n explica bien:<\/p>\n\n\n\n<blockquote class=\"wp-block-quote is-layout-flow wp-block-quote-is-layout-flow\">\n<p class=\"wp-block-paragraph\"><strong>por qu\u00e9 el \u00c1ngel habla como Yahv\u00e9.<\/strong><\/p>\n<\/blockquote>\n\n\n\n<p class=\"wp-block-paragraph\">Pero debe explicar tambi\u00e9n:<\/p>\n\n\n\n<blockquote class=\"wp-block-quote is-layout-flow wp-block-quote-is-layout-flow\">\n<p class=\"wp-block-paragraph\"><strong>por qu\u00e9 el narrador puede llamarlo Yahv\u00e9.<\/strong><\/p>\n<\/blockquote>\n\n\n\n<p class=\"wp-block-paragraph\">La distinci\u00f3n no es menor.<\/p>\n\n\n\n<p class=\"wp-block-paragraph\">En <a href=\"https:\/\/biblia.com\/bible\/rvr60\/Ex3.2\">\u00c9xodo 3:2<\/a>:<\/p>\n\n\n\n<blockquote class=\"wp-block-quote is-layout-flow wp-block-quote-is-layout-flow\">\n<p class=\"wp-block-paragraph\">\u201cse le apareci\u00f3 el \u00c1ngel de Jehov\u00e1\u201d.<\/p>\n<\/blockquote>\n\n\n\n<p class=\"wp-block-paragraph\">Dos vers\u00edculos despu\u00e9s:<\/p>\n\n\n\n<blockquote class=\"wp-block-quote is-layout-flow wp-block-quote-is-layout-flow\">\n<p class=\"wp-block-paragraph\">\u201cViendo Jehov\u00e1 que \u00e9l iba a ver, lo llam\u00f3 Dios de en medio de la zarza\u201d (<a href=\"https:\/\/biblia.com\/bible\/rvr60\/Ex3.4\">Ex 3:4<\/a>).<\/p>\n<\/blockquote>\n\n\n\n<p class=\"wp-block-paragraph\">No es \u00fanicamente el \u00c1ngel quien utiliza la primera persona.<\/p>\n\n\n\n<p class=\"wp-block-paragraph\">Es la <strong>voz narrativa<\/strong> la que pasa de \u00c1ngel a Yahv\u00e9 y a Elohim.<\/p>\n\n\n\n<p class=\"wp-block-paragraph\">El mismo fen\u00f3meno aparece en <a href=\"https:\/\/biblia.com\/bible\/rvr60\/Jdg6.11-14\">Jueces 6:11\u201314<\/a>:<\/p>\n\n\n\n<blockquote class=\"wp-block-quote is-layout-flow wp-block-quote-is-layout-flow\">\n<p class=\"wp-block-paragraph\">\u201cvino el \u00e1ngel de Jehov\u00e1&#8230;\u201d<\/p>\n<\/blockquote>\n\n\n\n<p class=\"wp-block-paragraph\">seguido por:<\/p>\n\n\n\n<blockquote class=\"wp-block-quote is-layout-flow wp-block-quote-is-layout-flow\">\n<p class=\"wp-block-paragraph\">\u201cmir\u00e1ndole Jehov\u00e1&#8230;\u201d<\/p>\n<\/blockquote>\n\n\n\n<p class=\"wp-block-paragraph\">La cr\u00edtica de Malone puede formularse as\u00ed:<\/p>\n\n\n\n<blockquote class=\"wp-block-quote is-layout-flow wp-block-quote-is-layout-flow\">\n<p class=\"wp-block-paragraph\"><strong>si afirmamos que el \u00c1ngel y Yahv\u00e9 son solamente remitente y representante, necesitamos explicar por qu\u00e9 determinados relatos dificultan tanto mantener esa separaci\u00f3n narrativa.<\/strong><\/p>\n<\/blockquote>\n\n\n\n<p class=\"wp-block-paragraph\">Ese es uno de los puntos m\u00e1s fuertes contra una utilizaci\u00f3n demasiado r\u00e1pida de la agencia como explicaci\u00f3n total.<\/p>\n\n\n\n<h2 id=\"2-el-modelo-de-identidad-o-teofania\" class=\"wp-block-heading\">2. El modelo de identidad o teofan\u00eda<\/h2>\n\n\n\n<p class=\"wp-block-paragraph\">Un segundo modelo considera que determinados textos presentan al \u00c1ngel como <strong>manifestaci\u00f3n del propio Yahv\u00e9<\/strong>.<\/p>\n\n\n\n<p class=\"wp-block-paragraph\">Esta propuesta no necesita ser espec\u00edficamente cristol\u00f3gica.<\/p>\n\n\n\n<p class=\"wp-block-paragraph\">Aqu\u00ed debemos distinguir cuidadosamente:<\/p>\n\n\n\n<blockquote class=\"wp-block-quote is-layout-flow wp-block-quote-is-layout-flow\">\n<p class=\"wp-block-paragraph\"><strong>teofan\u00eda<\/strong><\/p>\n<\/blockquote>\n\n\n\n<p class=\"wp-block-paragraph\">de:<\/p>\n\n\n\n<blockquote class=\"wp-block-quote is-layout-flow wp-block-quote-is-layout-flow\">\n<p class=\"wp-block-paragraph\"><strong>cristofan\u00eda.<\/strong><\/p>\n<\/blockquote>\n\n\n\n<p class=\"wp-block-paragraph\">Una teofan\u00eda afirma que la figura constituye una manifestaci\u00f3n de Dios.<\/p>\n\n\n\n<p class=\"wp-block-paragraph\">Una cristofan\u00eda a\u00f1ade:<\/p>\n\n\n\n<blockquote class=\"wp-block-quote is-layout-flow wp-block-quote-is-layout-flow\">\n<p class=\"wp-block-paragraph\">esa manifestaci\u00f3n es espec\u00edficamente el Hijo preencarnado.<\/p>\n<\/blockquote>\n\n\n\n<p class=\"wp-block-paragraph\">La primera afirmaci\u00f3n puede estudiarse enteramente dentro de la Biblia hebrea.<\/p>\n\n\n\n<p class=\"wp-block-paragraph\">La segunda depende de una lectura cristiana can\u00f3nica posterior.<\/p>\n\n\n\n<p class=\"wp-block-paragraph\">El argumento teof\u00e1nico encuentra su mayor fuerza en las transiciones narrativas ya estudiadas.<\/p>\n\n\n\n<p class=\"wp-block-paragraph\">Agar encuentra al \u00c1ngel, pero despu\u00e9s denomina al que le habl\u00f3 Yahv\u00e9 (<a href=\"https:\/\/biblia.com\/bible\/rvr60\/Ge16.7-13\">Gn 16:7\u201313<\/a>).<\/p>\n\n\n\n<p class=\"wp-block-paragraph\">El \u00c1ngel de Dios dice a Jacob:<\/p>\n\n\n\n<blockquote class=\"wp-block-quote is-layout-flow wp-block-quote-is-layout-flow\">\n<p class=\"wp-block-paragraph\">\u201cYo soy el Dios de Bet-el\u201d (<a href=\"https:\/\/biblia.com\/bible\/rvr60\/Ge31.13\">Gn 31:13<\/a>).<\/p>\n<\/blockquote>\n\n\n\n<p class=\"wp-block-paragraph\">La zarza comienza con el \u00c1ngel de Yahv\u00e9 y contin\u00faa con Dios hablando desde el mismo lugar (<a href=\"https:\/\/biblia.com\/bible\/rvr60\/Ex3.2-6\">Ex 3:2\u20136<\/a>).<\/p>\n\n\n\n<p class=\"wp-block-paragraph\">Gede\u00f3n encuentra al \u00c1ngel, pero:<\/p>\n\n\n\n<blockquote class=\"wp-block-quote is-layout-flow wp-block-quote-is-layout-flow\">\n<p class=\"wp-block-paragraph\">\u201cYahv\u00e9\u201d se vuelve hacia \u00e9l (<a href=\"https:\/\/biblia.com\/bible\/rvr60\/Jdg6.14\">Jue 6:14<\/a>).<\/p>\n<\/blockquote>\n\n\n\n<p class=\"wp-block-paragraph\">Manoa comprende que ha visto al \u00c1ngel y concluye:<\/p>\n\n\n\n<blockquote class=\"wp-block-quote is-layout-flow wp-block-quote-is-layout-flow\">\n<p class=\"wp-block-paragraph\">\u201ca Dios hemos visto\u201d (<a href=\"https:\/\/biblia.com\/bible\/rvr60\/Jdg13.21-22\">Jue 13:21\u201322<\/a>).<\/p>\n<\/blockquote>\n\n\n\n<p class=\"wp-block-paragraph\">Para esta interpretaci\u00f3n, la continuidad no debe resolverse convirtiendo todas las expresiones divinas en simple representaci\u00f3n.<\/p>\n\n\n\n<p class=\"wp-block-paragraph\">El \u00c1ngel constituye, de alguna manera, <strong>la manifestaci\u00f3n perceptible de Yahv\u00e9<\/strong>.<\/p>\n\n\n\n<h2 id=\"la-antigua-idea-de-manifestacion-frente-a-la-identidad-moderna\" class=\"wp-block-heading\">La antigua idea de \u201cmanifestaci\u00f3n\u201d frente a la identidad moderna<\/h2>\n\n\n\n<p class=\"wp-block-paragraph\">Aqu\u00ed debemos evitar una dificultad conceptual.<\/p>\n\n\n\n<p class=\"wp-block-paragraph\">Un lector moderno suele pensar:<\/p>\n\n\n\n<blockquote class=\"wp-block-quote is-layout-flow wp-block-quote-is-layout-flow\">\n<p class=\"wp-block-paragraph\">si A es distinto de B, entonces A no puede ser B.<\/p>\n<\/blockquote>\n\n\n\n<p class=\"wp-block-paragraph\">Pero las concepciones antiguas de presencia divina pod\u00edan ser considerablemente m\u00e1s flexibles.<\/p>\n\n\n\n<p class=\"wp-block-paragraph\">Una de las preguntas centrales de la investigaci\u00f3n reciente ha sido precisamente si el mundo conceptual del antiguo Cercano Oriente permit\u00eda que una divinidad se manifestara de manera localizada o m\u00faltiple sin dejar de ser una.<\/p>\n\n\n\n<p class=\"wp-block-paragraph\">Esta cuesti\u00f3n conduce hacia la propuesta de <strong>Benjamin D. Sommer<\/strong>.<\/p>\n\n\n\n<h2 id=\"3-benjamin-sommer-y-los-cuerpos-de-dios\" class=\"wp-block-heading\">3. Benjamin Sommer y los \u201ccuerpos\u201d de Dios<\/h2>\n\n\n\n<p class=\"wp-block-paragraph\">En <em>The Bodies of God and the World of Ancient Israel<\/em>, <strong>Benjamin D. Sommer<\/strong>, acad\u00e9mico jud\u00edo, plantea una de las propuestas modernas m\u00e1s importantes para comprender fen\u00f3menos como el \u00c1ngel de Yahv\u00e9.<\/p>\n\n\n\n<p class=\"wp-block-paragraph\">Su tesis general es que determinadas concepciones antiguas de la divinidad permit\u00edan una forma de <strong>fluidez de identidad<\/strong> mediante la cual una deidad pod\u00eda hacerse presente en manifestaciones localizadas sin que esas manifestaciones constituyeran necesariamente dioses completamente independientes.<\/p>\n\n\n\n<p class=\"wp-block-paragraph\">La relevancia para nuestro tema es inmediata.<\/p>\n\n\n\n<p class=\"wp-block-paragraph\">El problema del \u00c1ngel podr\u00eda entonces formularse no como:<\/p>\n\n\n\n<blockquote class=\"wp-block-quote is-layout-flow wp-block-quote-is-layout-flow\">\n<p class=\"wp-block-paragraph\">\u201c\u00bfes Yahv\u00e9 o es otro ser?\u201d<\/p>\n<\/blockquote>\n\n\n\n<p class=\"wp-block-paragraph\">sino:<\/p>\n\n\n\n<blockquote class=\"wp-block-quote is-layout-flow wp-block-quote-is-layout-flow\">\n<p class=\"wp-block-paragraph\"><strong>\u201c\u00bfconstituye el \u00c1ngel una manifestaci\u00f3n localizada de Yahv\u00e9 que puede distinguirse de otras manifestaciones de Yahv\u00e9 sin convertirse en una segunda deidad independiente?\u201d<\/strong><\/p>\n<\/blockquote>\n\n\n\n<p class=\"wp-block-paragraph\">El trabajo de Sommer ha sido citado espec\u00edficamente en la discusi\u00f3n acad\u00e9mica contempor\u00e1nea del \u00c1ngel de Yahv\u00e9 junto con estudios sobre las manifestaciones divinas y las ambig\u00fcedades de presencia en el texto hebreo.<sup data-fn=\"2c070c76-85d2-41f4-aae5-f8d9c1d7e997\" class=\"fn\"><a href=\"#2c070c76-85d2-41f4-aae5-f8d9c1d7e997\" id=\"2c070c76-85d2-41f4-aae5-f8d9c1d7e997-link\">163<\/a><\/sup><\/p>\n\n\n\n<p class=\"wp-block-paragraph\">Este modelo permite explicar varias peculiaridades.<\/p>\n\n\n\n<p class=\"wp-block-paragraph\">El \u00c1ngel puede ser:<\/p>\n\n\n\n<blockquote class=\"wp-block-quote is-layout-flow wp-block-quote-is-layout-flow\">\n<p class=\"wp-block-paragraph\">distinto de Yahv\u00e9 en una determinada escena,<\/p>\n<\/blockquote>\n\n\n\n<p class=\"wp-block-paragraph\">y:<\/p>\n\n\n\n<blockquote class=\"wp-block-quote is-layout-flow wp-block-quote-is-layout-flow\">\n<p class=\"wp-block-paragraph\">manifestaci\u00f3n real de Yahv\u00e9 en otra dimensi\u00f3n de esa misma escena.<\/p>\n<\/blockquote>\n\n\n\n<p class=\"wp-block-paragraph\">La identidad divina no tendr\u00eda que concebirse necesariamente seg\u00fan nuestras categor\u00edas modernas de individualidad corporal exclusiva.<sup data-fn=\"e12d2958-7f72-42de-a338-1d2276d77fde\" class=\"fn\"><a href=\"#e12d2958-7f72-42de-a338-1d2276d77fde\" id=\"e12d2958-7f72-42de-a338-1d2276d77fde-link\">164<\/a><\/sup><\/p>\n\n\n\n<h2 id=\"una-ventaja-del-modelo-de-sommer\" class=\"wp-block-heading\">Una ventaja del modelo de Sommer<\/h2>\n\n\n\n<p class=\"wp-block-paragraph\">Esta propuesta resulta particularmente interesante porque puede explicar por qu\u00e9 el texto no parece preocupado por resolver ciertas contradicciones aparentes.<\/p>\n\n\n\n<p class=\"wp-block-paragraph\">En <a href=\"https:\/\/biblia.com\/bible\/rvr60\/Ex3\">\u00c9xodo 3<\/a>, el narrador no se detiene a explicar:<\/p>\n\n\n\n<blockquote class=\"wp-block-quote is-layout-flow wp-block-quote-is-layout-flow\">\n<p class=\"wp-block-paragraph\">\u201cEl \u00c1ngel no es Yahv\u00e9, pero lo representa\u201d.<\/p>\n<\/blockquote>\n\n\n\n<p class=\"wp-block-paragraph\">Tampoco explica:<\/p>\n\n\n\n<blockquote class=\"wp-block-quote is-layout-flow wp-block-quote-is-layout-flow\">\n<p class=\"wp-block-paragraph\">\u201cEl \u00c1ngel es otra persona dentro de una Trinidad\u201d.<\/p>\n<\/blockquote>\n\n\n\n<p class=\"wp-block-paragraph\">Simplemente pasa:<\/p>\n\n\n\n<blockquote class=\"wp-block-quote is-layout-flow wp-block-quote-is-layout-flow\">\n<p class=\"wp-block-paragraph\">\u00c1ngel \u2192 Yahv\u00e9 \u2192 Dios.<\/p>\n<\/blockquote>\n\n\n\n<p class=\"wp-block-paragraph\">Una concepci\u00f3n antigua de manifestaci\u00f3n divina flexible podr\u00eda hacer que esta transici\u00f3n resultase menos problem\u00e1tica para el autor de lo que resulta para lectores modernos.<\/p>\n\n\n\n<p class=\"wp-block-paragraph\">El mismo principio podr\u00eda aplicarse a <a href=\"https:\/\/biblia.com\/bible\/rvr60\/Ge16\">G\u00e9nesis 16<\/a> y <a href=\"https:\/\/biblia.com\/bible\/rvr60\/Jdg6\">Jueces 6<\/a>.<\/p>\n\n\n\n<p class=\"wp-block-paragraph\">Esta propuesta posee, por tanto, una ventaja metodol\u00f3gica importante:<\/p>\n\n\n\n<blockquote class=\"wp-block-quote is-layout-flow wp-block-quote-is-layout-flow\">\n<p class=\"wp-block-paragraph\">intenta explicar los textos <strong>desde categor\u00edas antiguas antes de introducir categor\u00edas dogm\u00e1ticas posteriores<\/strong>.<\/p>\n<\/blockquote>\n\n\n\n<p class=\"wp-block-paragraph\">Pero presenta tambi\u00e9n preguntas.<\/p>\n\n\n\n<p class=\"has-text-align-center wp-block-paragraph\">\u00bfTodos los textos del \u00c1ngel pertenecen realmente a la misma concepci\u00f3n?<\/p>\n\n\n\n<p class=\"has-text-align-center wp-block-paragraph\">\u00bfQu\u00e9 ocurre con Zacar\u00edas, donde el \u00c1ngel intercede expl\u00edcitamente ante Yahv\u00e9?<\/p>\n\n\n\n<p class=\"has-text-align-center wp-block-paragraph\">\u00bfDebe hablarse de una manifestaci\u00f3n de Yahv\u00e9 all\u00ed tambi\u00e9n, o simplemente de un miembro exaltado de la corte celestial?<\/p>\n\n\n\n<p class=\"wp-block-paragraph\">La diversidad del corpus vuelve a exigir cautela.<\/p>\n\n\n\n<h2 id=\"4-la-explicacion-historico-redaccional\" class=\"wp-block-heading\">4. La explicaci\u00f3n hist\u00f3rico-redaccional<\/h2>\n\n\n\n<p class=\"wp-block-paragraph\">Un modelo diferente intenta explicar la alternancia entre Yahv\u00e9 y su \u00c1ngel mediante la <strong>historia literaria de los textos<\/strong>.<\/p>\n\n\n\n<p class=\"wp-block-paragraph\">Seg\u00fan una conocida propuesta, determinadas narraciones antiguas habr\u00edan presentado originalmente a Yahv\u00e9 apareciendo directamente a seres humanos.<\/p>\n\n\n\n<p class=\"wp-block-paragraph\">En etapas posteriores, debido a una creciente preocupaci\u00f3n por la trascendencia divina, escribas o redactores habr\u00edan introducido el t\u00e9rmino <em>mal\u02beakh<\/em> para transformar una aparici\u00f3n directa de Yahv\u00e9 en una aparici\u00f3n mediada.<\/p>\n\n\n\n<p class=\"wp-block-paragraph\">Esto explicar\u00eda secuencias como:<\/p>\n\n\n\n<blockquote class=\"wp-block-quote is-layout-flow wp-block-quote-is-layout-flow\">\n<p class=\"wp-block-paragraph\">\u00c1ngel \u2192 Yahv\u00e9,<\/p>\n<\/blockquote>\n\n\n\n<p class=\"wp-block-paragraph\">porque la palabra \u201c\u00c1ngel\u201d habr\u00eda sido introducida en determinados puntos sin modificar completamente el resto de la narraci\u00f3n.<\/p>\n\n\n\n<p class=\"wp-block-paragraph\">Esta propuesta ha sido discutida en relaci\u00f3n con estudios como el de <strong>Samuel A. Meier<\/strong>, \u201cAngel of Yahweh\u201d, en el <em>Dictionary of Deities and Demons in the Bible<\/em>. La literatura acad\u00e9mica que resume esta l\u00ednea se\u00f1ala que algunos relatos pudieron experimentar modificaciones destinadas a suavizar apariciones demasiado antropom\u00f3rficas de Yahv\u00e9.<sup data-fn=\"c95a4643-6b82-4dc0-a312-2b568eafdcfe\" class=\"fn\"><a href=\"#c95a4643-6b82-4dc0-a312-2b568eafdcfe\" id=\"c95a4643-6b82-4dc0-a312-2b568eafdcfe-link\">165<\/a><\/sup><\/p>\n\n\n\n<p class=\"wp-block-paragraph\">La teor\u00eda posee una cierta capacidad explicativa.<\/p>\n\n\n\n<p class=\"wp-block-paragraph\">Si un relato dec\u00eda originalmente:<\/p>\n\n\n\n<blockquote class=\"wp-block-quote is-layout-flow wp-block-quote-is-layout-flow\">\n<p class=\"wp-block-paragraph\">\u201cYahv\u00e9 apareci\u00f3\u201d,<\/p>\n<\/blockquote>\n\n\n\n<p class=\"wp-block-paragraph\">y posteriormente se convierte en:<\/p>\n\n\n\n<blockquote class=\"wp-block-quote is-layout-flow wp-block-quote-is-layout-flow\">\n<p class=\"wp-block-paragraph\">\u201cel \u00c1ngel de Yahv\u00e9 apareci\u00f3\u201d,<\/p>\n<\/blockquote>\n\n\n\n<p class=\"wp-block-paragraph\">pero algunas referencias posteriores a Yahv\u00e9 permanecen, obtendr\u00edamos exactamente el tipo de alternancia que encontramos.<\/p>\n\n\n\n<h2 id=\"el-problema-de-la-hipotesis-de-interpolacion\" class=\"wp-block-heading\">El problema de la hip\u00f3tesis de interpolaci\u00f3n<\/h2>\n\n\n\n<p class=\"wp-block-paragraph\">Sin embargo, debemos ser rigurosos.<\/p>\n\n\n\n<p class=\"wp-block-paragraph\">Una explicaci\u00f3n redaccional no puede afirmarse simplemente porque el texto resulte dif\u00edcil.<\/p>\n\n\n\n<p class=\"wp-block-paragraph\">Debe existir evidencia filol\u00f3gica, textual o composicional.<\/p>\n\n\n\n<p class=\"wp-block-paragraph\">La diversidad entre el Texto Masor\u00e9tico, la Septuaginta y otras versiones antiguas demuestra que algunos pasajes relacionados con las apariciones divinas s\u00ed presentan <strong>inestabilidad textual<\/strong>. Pero esto no autoriza a reconstruir autom\u00e1ticamente una misma historia redaccional para todos los relatos. La evidencia var\u00eda de texto a texto.<\/p>\n\n\n\n<p class=\"wp-block-paragraph\">Adem\u00e1s, incluso si pudi\u00e9ramos demostrar que un editor introdujo \u201c\u00c1ngel\u201d en una narraci\u00f3n originalmente teof\u00e1nica, todav\u00eda quedar\u00eda una cuesti\u00f3n fundamental:<\/p>\n\n\n\n<blockquote class=\"wp-block-quote is-layout-flow wp-block-quote-is-layout-flow\">\n<p class=\"wp-block-paragraph\"><strong>\u00bfqu\u00e9 significa la forma final del texto?<\/strong><\/p>\n<\/blockquote>\n\n\n\n<p class=\"wp-block-paragraph\">La comunidad que transmiti\u00f3 finalmente:<\/p>\n\n\n\n<blockquote class=\"wp-block-quote is-layout-flow wp-block-quote-is-layout-flow\">\n<p class=\"wp-block-paragraph\">\u201cel \u00c1ngel de Yahv\u00e9\u201d<\/p>\n<\/blockquote>\n\n\n\n<p class=\"wp-block-paragraph\">y:<\/p>\n\n\n\n<blockquote class=\"wp-block-quote is-layout-flow wp-block-quote-is-layout-flow\">\n<p class=\"wp-block-paragraph\">\u201cYahv\u00e9\u201d<\/p>\n<\/blockquote>\n\n\n\n<p class=\"wp-block-paragraph\">dentro del mismo relato no elimin\u00f3 la tensi\u00f3n.<\/p>\n\n\n\n<p class=\"wp-block-paragraph\">Por tanto, la explicaci\u00f3n diacr\u00f3nica no sustituye completamente la interpretaci\u00f3n sincr\u00f3nica.<sup data-fn=\"d4289885-b778-4033-84ed-6e03a156754b\" class=\"fn\"><a href=\"#d4289885-b778-4033-84ed-6e03a156754b\" id=\"d4289885-b778-4033-84ed-6e03a156754b-link\">166<\/a><\/sup><\/p>\n\n\n\n<h2 id=\"5-carol-newsom-y-la-ambiguedad-de-la-presencia-divina\" class=\"wp-block-heading\">5. Carol Newsom y la ambig\u00fcedad de la presencia divina<\/h2>\n\n\n\n<p class=\"wp-block-paragraph\">Otra posibilidad se\u00f1alada en la discusi\u00f3n acad\u00e9mica es que algunos textos mantengan la ambig\u00fcedad <strong>intencionadamente<\/strong>.<\/p>\n\n\n\n<p class=\"wp-block-paragraph\">La literatura especializada ha relacionado esta posibilidad con la observaci\u00f3n de <strong>Carol A. Newsom<\/strong> acerca de las figuras angelicales: la indeterminaci\u00f3n puede funcionar precisamente para expresar el misterio de la presencia divina.<sup data-fn=\"81acf24e-6b2f-430e-88a0-f7e37a8fbc85\" class=\"fn\"><a href=\"#81acf24e-6b2f-430e-88a0-f7e37a8fbc85\" id=\"81acf24e-6b2f-430e-88a0-f7e37a8fbc85-link\">167<\/a><\/sup><\/p>\n\n\n\n<p class=\"wp-block-paragraph\">Esta explicaci\u00f3n merece atenci\u00f3n porque no todas las ambig\u00fcedades literarias son errores o restos de edici\u00f3n.<\/p>\n\n\n\n<p class=\"wp-block-paragraph\">Un narrador puede deliberadamente presentar al personaje de modo que el lector se pregunte:<\/p>\n\n\n\n<blockquote class=\"wp-block-quote is-layout-flow wp-block-quote-is-layout-flow\">\n<p class=\"wp-block-paragraph\">\u00bfes mensajero?<\/p>\n<\/blockquote>\n\n\n\n<blockquote class=\"wp-block-quote is-layout-flow wp-block-quote-is-layout-flow\">\n<p class=\"wp-block-paragraph\">\u00bfes Dios?<\/p>\n<\/blockquote>\n\n\n\n<blockquote class=\"wp-block-quote is-layout-flow wp-block-quote-is-layout-flow\">\n<p class=\"wp-block-paragraph\">\u00bfes manifestaci\u00f3n de Dios?<\/p>\n<\/blockquote>\n\n\n\n<p class=\"wp-block-paragraph\">La narraci\u00f3n de Jacob en <a href=\"https:\/\/biblia.com\/bible\/rvr60\/Ge32\">G\u00e9nesis 32<\/a> constituye un excelente ejemplo.<\/p>\n\n\n\n<p class=\"wp-block-paragraph\">Primero:<\/p>\n\n\n\n<blockquote class=\"wp-block-quote is-layout-flow wp-block-quote-is-layout-flow\">\n<p class=\"wp-block-paragraph\">\u201cun var\u00f3n\u201d (<a href=\"https:\/\/biblia.com\/bible\/rvr60\/Ge32.24\">Gn 32:24<\/a>).<\/p>\n<\/blockquote>\n\n\n\n<p class=\"wp-block-paragraph\">Despu\u00e9s:<\/p>\n\n\n\n<blockquote class=\"wp-block-quote is-layout-flow wp-block-quote-is-layout-flow\">\n<p class=\"wp-block-paragraph\">\u201chas luchado con Dios\u201d (<a href=\"https:\/\/biblia.com\/bible\/rvr60\/Ge32.28\">Gn 32:28<\/a>).<\/p>\n<\/blockquote>\n\n\n\n<p class=\"wp-block-paragraph\">Despu\u00e9s:<\/p>\n\n\n\n<blockquote class=\"wp-block-quote is-layout-flow wp-block-quote-is-layout-flow\">\n<p class=\"wp-block-paragraph\">\u201cVi a Dios cara a cara\u201d (<a href=\"https:\/\/biblia.com\/bible\/rvr60\/Ge32.30\">Gn 32:30<\/a>).<\/p>\n<\/blockquote>\n\n\n\n<p class=\"wp-block-paragraph\">Y Oseas posteriormente:<\/p>\n\n\n\n<blockquote class=\"wp-block-quote is-layout-flow wp-block-quote-is-layout-flow\">\n<p class=\"wp-block-paragraph\">\u201cvenci\u00f3 al \u00e1ngel\u201d (<a href=\"https:\/\/biblia.com\/bible\/rvr60\/Ho12.4\">Os 12:4<\/a>).<\/p>\n<\/blockquote>\n\n\n\n<p class=\"wp-block-paragraph\">Quiz\u00e1 la tensi\u00f3n no sea un defecto que el int\u00e9rprete deba eliminar.<\/p>\n\n\n\n<p class=\"wp-block-paragraph\">Quiz\u00e1 sea parte de lo que el texto quiere comunicar:<\/p>\n\n\n\n<blockquote class=\"wp-block-quote is-layout-flow wp-block-quote-is-layout-flow\">\n<p class=\"wp-block-paragraph\"><strong>la presencia de Dios puede acercarse al ser humano mediante una figura que simult\u00e1neamente revela y vela su identidad.<\/strong><\/p>\n<\/blockquote>\n\n\n\n<h2 id=\"6-michael-heiser-el-angel-como-yahve-visible\" class=\"wp-block-heading\">6. Michael Heiser: el \u00c1ngel como Yahv\u00e9 visible<\/h2>\n\n\n\n<p class=\"wp-block-paragraph\">Dentro de las propuestas contempor\u00e1neas, <strong>Michael S. Heiser<\/strong> ha popularizado una interpretaci\u00f3n que merece atenci\u00f3n especial por su relaci\u00f3n directa con nuestro estudio.<\/p>\n\n\n\n<p class=\"wp-block-paragraph\">Heiser observa que en determinados pasajes Yahv\u00e9 aparece simult\u00e1neamente como el Dios trascendente y como una figura perceptible relacionada estrechamente con su Nombre.<\/p>\n\n\n\n<p class=\"wp-block-paragraph\">Para \u00e9l, <a href=\"https:\/\/biblia.com\/bible\/rvr60\/Ex23.20-21\">\u00c9xodo 23:20\u201321<\/a> es particularmente importante:<\/p>\n\n\n\n<blockquote class=\"wp-block-quote is-layout-flow wp-block-quote-is-layout-flow\">\n<p class=\"wp-block-paragraph\">\u201cmi nombre est\u00e1 en \u00e9l\u201d.<\/p>\n<\/blockquote>\n\n\n\n<p class=\"wp-block-paragraph\">Heiser interpreta el \u201cNombre\u201d no simplemente como una etiqueta, sino como expresi\u00f3n de la <strong>presencia e identidad de Yahv\u00e9<\/strong>. En su exposici\u00f3n, la relaci\u00f3n entre Yahv\u00e9 y el \u00c1ngel produce una especie de \u201cdesdibujamiento\u201d entre ambas figuras: distinguibles, pero compartiendo identidad divina.<sup data-fn=\"73f1db55-5010-4b30-a4ba-694ad365324f\" class=\"fn\"><a href=\"#73f1db55-5010-4b30-a4ba-694ad365324f\" id=\"73f1db55-5010-4b30-a4ba-694ad365324f-link\">168<\/a><\/sup><\/p>\n\n\n\n<p class=\"wp-block-paragraph\">Su modelo suele describirse mediante la distinci\u00f3n:<\/p>\n\n\n\n<blockquote class=\"wp-block-quote is-layout-flow wp-block-quote-is-layout-flow\">\n<p class=\"wp-block-paragraph\"><strong>Yahv\u00e9 invisible<\/strong><\/p>\n<\/blockquote>\n\n\n\n<p class=\"wp-block-paragraph\">y:<\/p>\n\n\n\n<blockquote class=\"wp-block-quote is-layout-flow wp-block-quote-is-layout-flow\">\n<p class=\"wp-block-paragraph\"><strong>Yahv\u00e9 visible.<\/strong><\/p>\n<\/blockquote>\n\n\n\n<p class=\"wp-block-paragraph\">La figura visible puede aparecer como \u00c1ngel porque es enviado, pero porta la identidad del Dios que lo env\u00eda.<\/p>\n\n\n\n<p class=\"wp-block-paragraph\">Esto guarda ciertas semejanzas con la antigua interpretaci\u00f3n cristiana del Logos, aunque Heiser intenta primero situar el fen\u00f3meno dentro del mundo conceptual de la Biblia hebrea.<\/p>\n\n\n\n<h2 id=\"dos-yahves-una-expresion-que-exige-cautela\" class=\"wp-block-heading\">\u201cDos Yahv\u00e9s\u201d: una expresi\u00f3n que exige cautela<\/h2>\n\n\n\n<p class=\"wp-block-paragraph\">Heiser utiliza en algunos contextos lenguaje acerca de \u201cdos Yahv\u00e9s\u201d para describir escenas donde Yahv\u00e9 aparece diferenciado de Yahv\u00e9 sin que existan dos dioses independientes.<\/p>\n\n\n\n<p class=\"wp-block-paragraph\">Esta terminolog\u00eda puede resultar \u00fatil como provocaci\u00f3n interpretativa, pero tambi\u00e9n puede confundir.<\/p>\n\n\n\n<p class=\"wp-block-paragraph\">No significa:<\/p>\n\n\n\n<blockquote class=\"wp-block-quote is-layout-flow wp-block-quote-is-layout-flow\">\n<p class=\"wp-block-paragraph\"><strong>dos dioses llamados Yahv\u00e9.<\/strong><\/p>\n<\/blockquote>\n\n\n\n<p class=\"wp-block-paragraph\">Pretende describir:<\/p>\n\n\n\n<blockquote class=\"wp-block-quote is-layout-flow wp-block-quote-is-layout-flow\">\n<p class=\"wp-block-paragraph\"><strong>dos figuras distinguibles que participan de la identidad de Yahv\u00e9 dentro de determinados textos.<\/strong><\/p>\n<\/blockquote>\n\n\n\n<p class=\"wp-block-paragraph\">El paralelo m\u00e1s evidente utilizado en discusiones cristianas es <a href=\"https:\/\/biblia.com\/bible\/rvr60\/Ge19.24\">G\u00e9nesis 19:24<\/a>:<\/p>\n\n\n\n<blockquote class=\"wp-block-quote is-layout-flow wp-block-quote-is-layout-flow\">\n<p class=\"wp-block-paragraph\">\u201cJehov\u00e1 hizo llover&#8230; de parte de Jehov\u00e1 desde los cielos\u201d.<\/p>\n<\/blockquote>\n\n\n\n<p class=\"wp-block-paragraph\">Pero, como vimos anteriormente, ning\u00fan pasaje aislado debe cargar por s\u00ed mismo con toda la argumentaci\u00f3n.<\/p>\n\n\n\n<p class=\"wp-block-paragraph\">La fuerza del modelo de Heiser depende del <strong>patr\u00f3n acumulativo<\/strong>:<\/p>\n\n\n\n<p class=\"wp-block-paragraph\">\u00c1ngel identificado narrativamente con Dios;<\/p>\n\n\n\n<p class=\"wp-block-paragraph\">Nombre divino en el \u00c1ngel;<\/p>\n\n\n\n<p class=\"wp-block-paragraph\">Yahv\u00e9 visible e invisible;<\/p>\n\n\n\n<p class=\"wp-block-paragraph\">figuras divinas distinguidas en determinadas escenas;<\/p>\n\n\n\n<p class=\"wp-block-paragraph\">y posteriores tradiciones jud\u00edas acerca de agentes celestiales exaltados.<\/p>\n\n\n\n<h2 id=\"equivale-la-propuesta-de-heiser-a-la-trinidad\" class=\"wp-block-heading\">\u00bfEquivale la propuesta de Heiser a la Trinidad?<\/h2>\n\n\n\n<p class=\"wp-block-paragraph\">No.<\/p>\n\n\n\n<p class=\"wp-block-paragraph\">Y este punto debe formularse con mucha claridad.<\/p>\n\n\n\n<p class=\"wp-block-paragraph\">Heiser sostiene que el Antiguo Testamento contiene <strong>categor\u00edas conceptuales compatibles con una complejidad dentro de la identidad divina<\/strong>, pero eso no significa que los autores veterotestamentarios formularan la doctrina nicena de:<\/p>\n\n\n\n<blockquote class=\"wp-block-quote is-layout-flow wp-block-quote-is-layout-flow\">\n<p class=\"wp-block-paragraph\">Padre, Hijo y Esp\u00edritu,<\/p>\n<\/blockquote>\n\n\n\n<blockquote class=\"wp-block-quote is-layout-flow wp-block-quote-is-layout-flow\">\n<p class=\"wp-block-paragraph\">una esencia,<\/p>\n<\/blockquote>\n\n\n\n<blockquote class=\"wp-block-quote is-layout-flow wp-block-quote-is-layout-flow\">\n<p class=\"wp-block-paragraph\">tres personas.<\/p>\n<\/blockquote>\n\n\n\n<p class=\"wp-block-paragraph\">La posterior doctrina cristiana puede considerar estas estructuras como antecedentes.<\/p>\n\n\n\n<p class=\"wp-block-paragraph\">Pero hist\u00f3ricamente deben distinguirse.<\/p>\n\n\n\n<p class=\"wp-block-paragraph\">En este punto, la propuesta de Heiser se encuentra curiosamente entre dos extremos.<\/p>\n\n\n\n<p class=\"wp-block-paragraph\">Frente a una lectura puramente representativa, afirma que determinados textos expresan m\u00e1s que simple agencia.<\/p>\n\n\n\n<p class=\"wp-block-paragraph\">Frente a una lectura cristol\u00f3gica anacr\u00f3nica, intenta primero explicar el fen\u00f3meno dentro de la cosmovisi\u00f3n israelita antigua.<\/p>\n\n\n\n<h2 id=\"un-dialogo-interesante-lopez-malone-y-heiser\" class=\"wp-block-heading\">Un di\u00e1logo interesante: L\u00f3pez, Malone y Heiser<\/h2>\n\n\n\n<p class=\"wp-block-paragraph\">Las diferencias entre estos autores permiten visualizar con precisi\u00f3n el problema moderno.<\/p>\n\n\n\n<p class=\"wp-block-paragraph\"><strong>Ren\u00e9 L\u00f3pez<\/strong> sostiene b\u00e1sicamente:<\/p>\n\n\n\n<blockquote class=\"wp-block-quote is-layout-flow wp-block-quote-is-layout-flow\">\n<p class=\"wp-block-paragraph\"><strong>el enviado puede hablar y actuar como su se\u00f1or sin ser ontol\u00f3gicamente su se\u00f1or.<\/strong><\/p>\n<\/blockquote>\n\n\n\n<p class=\"wp-block-paragraph\"><strong>Andrew Malone<\/strong> responde:<\/p>\n\n\n\n<blockquote class=\"wp-block-quote is-layout-flow wp-block-quote-is-layout-flow\">\n<p class=\"wp-block-paragraph\"><strong>pero en determinados textos es extremadamente dif\u00edcil demostrar que el \u00c1ngel sea realmente distinguible de Yahv\u00e9; la representaci\u00f3n podr\u00eda no explicar toda la evidencia.<\/strong><\/p>\n<\/blockquote>\n\n\n\n<p class=\"wp-block-paragraph\"><strong>Michael Heiser<\/strong> propone:<\/p>\n\n\n\n<blockquote class=\"wp-block-quote is-layout-flow wp-block-quote-is-layout-flow\">\n<p class=\"wp-block-paragraph\"><strong>esa dificultad es real porque estamos ante una manifestaci\u00f3n visible que participa de la identidad de Yahv\u00e9.<\/strong><\/p>\n<\/blockquote>\n\n\n\n<p class=\"wp-block-paragraph\">La discusi\u00f3n entre L\u00f3pez y Malone resulta especialmente valiosa porque demuestra que no basta con repetir:<\/p>\n\n\n\n<blockquote class=\"wp-block-quote is-layout-flow wp-block-quote-is-layout-flow\">\n<p class=\"wp-block-paragraph\">\u201cen el mundo antiguo los agentes hablaban en primera persona\u201d.<\/p>\n<\/blockquote>\n\n\n\n<p class=\"wp-block-paragraph\">Eso es verdad.<\/p>\n\n\n\n<p class=\"wp-block-paragraph\">Pero debe demostrarse que <strong>este fen\u00f3meno concreto no va m\u00e1s all\u00e1 de la agencia normal<\/strong>. Malone se\u00f1ala precisamente que la dificultad de distinguir al \u00c1ngel de su Se\u00f1or mantiene abierta la posibilidad de una identificaci\u00f3n m\u00e1s fuerte.<sup data-fn=\"63034209-29ef-4ad0-a6b1-3fdee0f5a962\" class=\"fn\"><a href=\"#63034209-29ef-4ad0-a6b1-3fdee0f5a962\" id=\"63034209-29ef-4ad0-a6b1-3fdee0f5a962-link\">169<\/a><\/sup><\/p>\n\n\n\n<h2 id=\"un-criterio-importante-comparar-con-otros-mensajeros\" class=\"wp-block-heading\">Un criterio importante: comparar con otros mensajeros<\/h2>\n\n\n\n<p class=\"wp-block-paragraph\">Aqu\u00ed podemos formular una prueba exeg\u00e9tica particularmente \u00fatil.<\/p>\n\n\n\n<p class=\"wp-block-paragraph\">Si la teor\u00eda de agencia explica al \u00c1ngel de Yahv\u00e9, debemos preguntar:<\/p>\n\n\n\n<blockquote class=\"wp-block-quote is-layout-flow wp-block-quote-is-layout-flow\">\n<p class=\"wp-block-paragraph\"><strong>\u00bfse comportan otros mensajeros de Dios del mismo modo?<\/strong><\/p>\n<\/blockquote>\n\n\n\n<p class=\"wp-block-paragraph\">Los profetas hablan en nombre de Yahv\u00e9.<\/p>\n\n\n\n<p class=\"wp-block-paragraph\">Por ejemplo:<\/p>\n\n\n\n<blockquote class=\"wp-block-quote is-layout-flow wp-block-quote-is-layout-flow\">\n<p class=\"wp-block-paragraph\">\u201cAs\u00ed dice Jehov\u00e1\u201d (<a href=\"https:\/\/biblia.com\/bible\/rvr60\/Je2.2\">Jer 2:2<\/a>).<\/p>\n<\/blockquote>\n\n\n\n<p class=\"wp-block-paragraph\">Pueden incluso continuar inmediatamente en primera persona divina porque est\u00e1n citando el or\u00e1culo.<\/p>\n\n\n\n<p class=\"wp-block-paragraph\">Pero el narrador normalmente no comienza a llamar al profeta:<\/p>\n\n\n\n<blockquote class=\"wp-block-quote is-layout-flow wp-block-quote-is-layout-flow\">\n<p class=\"wp-block-paragraph\"><strong>Yahv\u00e9.<\/strong><\/p>\n<\/blockquote>\n\n\n\n<p class=\"wp-block-paragraph\">Mois\u00e9s representa a Dios ante Fara\u00f3n:<\/p>\n\n\n\n<blockquote class=\"wp-block-quote is-layout-flow wp-block-quote-is-layout-flow\">\n<p class=\"wp-block-paragraph\">\u201cMira, yo te he constituido dios para Fara\u00f3n\u201d (<a href=\"https:\/\/biblia.com\/bible\/rvr60\/Ex7.1\">Ex 7:1<\/a>).<\/p>\n<\/blockquote>\n\n\n\n<p class=\"wp-block-paragraph\">Sin embargo, la narraci\u00f3n nunca confunde sistem\u00e1ticamente a Mois\u00e9s con Yahv\u00e9.<\/p>\n\n\n\n<p class=\"wp-block-paragraph\">Los \u00e1ngeles ordinarios realizan obras sobrenaturales.<\/p>\n\n\n\n<p class=\"wp-block-paragraph\">Pero el texto no dice habitualmente de ellos:<\/p>\n\n\n\n<blockquote class=\"wp-block-quote is-layout-flow wp-block-quote-is-layout-flow\">\n<p class=\"wp-block-paragraph\">\u201cmi Nombre est\u00e1 en \u00e9l\u201d.<\/p>\n<\/blockquote>\n\n\n\n<p class=\"wp-block-paragraph\">Esta comparaci\u00f3n no destruye la teor\u00eda de agencia.<\/p>\n\n\n\n<p class=\"wp-block-paragraph\">Pero exige precisar que el \u00c1ngel de Yahv\u00e9, si es un agente creado, parece ser un <strong>agente extraordinariamente singular<\/strong>.<\/p>\n\n\n\n<p class=\"wp-block-paragraph\">Y esa singularidad es exactamente lo que necesita explicaci\u00f3n.<\/p>\n\n\n\n<h2 id=\"el-peligro-contrario-convertir-cada-aparicion-en-cristo\" class=\"wp-block-heading\">El peligro contrario: convertir cada aparici\u00f3n en Cristo<\/h2>\n\n\n\n<p class=\"wp-block-paragraph\">La interpretaci\u00f3n cristof\u00e1nica tambi\u00e9n enfrenta problemas importantes.<\/p>\n\n\n\n<p class=\"wp-block-paragraph\">Primero, no todas las referencias a \u201c\u00e1ngel de Yahv\u00e9\u201d muestran caracter\u00edsticas divinas.<\/p>\n\n\n\n<p class=\"wp-block-paragraph\">Por ejemplo, un \u00e1ngel de Yahv\u00e9 aparece relacionado con El\u00edas (<a href=\"https:\/\/biblia.com\/bible\/rvr60\/1Ki19.7\">1 R 19:7<\/a>) y en otros textos act\u00faa de manera perfectamente compatible con un mensajero creado.<\/p>\n\n\n\n<p class=\"wp-block-paragraph\">Segundo, Zacar\u00edas presenta al \u00c1ngel intercediendo ante Yahv\u00e9 (<a href=\"https:\/\/biblia.com\/bible\/rvr60\/Zec1.12\">Zac 1:12<\/a>) y transmitiendo:<\/p>\n\n\n\n<blockquote class=\"wp-block-quote is-layout-flow wp-block-quote-is-layout-flow\">\n<p class=\"wp-block-paragraph\">\u201cAs\u00ed dice Yahv\u00e9\u201d (<a href=\"https:\/\/biblia.com\/bible\/rvr60\/Zec3.6-7\">Zac 3:6\u20137<\/a>).<\/p>\n<\/blockquote>\n\n\n\n<p class=\"wp-block-paragraph\">Tercero, el Nuevo Testamento utiliza:<\/p>\n\n\n\n<blockquote class=\"wp-block-quote is-layout-flow wp-block-quote-is-layout-flow\">\n<p class=\"wp-block-paragraph\">\u1f04\u03b3\u03b3\u03b5\u03bb\u03bf\u03c2 \u03ba\u03c5\u03c1\u03af\u03bf\u03c5<br>\u201c\u00e1ngel del Se\u00f1or\u201d<\/p>\n<\/blockquote>\n\n\n\n<p class=\"wp-block-paragraph\">para mensajeros claramente creados (<a href=\"https:\/\/biblia.com\/bible\/rvr60\/Mt1.20\">Mt 1:20<\/a>; <a href=\"https:\/\/biblia.com\/bible\/rvr60\/Ac12.7\">Hch 12:7<\/a>).<\/p>\n\n\n\n<p class=\"wp-block-paragraph\">Por tanto, la construcci\u00f3n ling\u00fc\u00edstica por s\u00ed sola no identifica a Cristo.<\/p>\n\n\n\n<p class=\"wp-block-paragraph\">Una defensa acad\u00e9mica de la cristofan\u00eda debe formularse:<\/p>\n\n\n\n<blockquote class=\"wp-block-quote is-layout-flow wp-block-quote-is-layout-flow\">\n<p class=\"wp-block-paragraph\"><strong>pasaje por pasaje<\/strong>,<br>no simplemente:<br>\u201cdice \u00c1ngel del Se\u00f1or, por tanto es Jes\u00fas\u201d.<\/p>\n<\/blockquote>\n\n\n\n<h2 id=\"existe-realmente-el-angel-del-senor-en-hebreo\" class=\"wp-block-heading\">\u00bfExiste realmente \u201cel\u201d \u00c1ngel del Se\u00f1or en hebreo?<\/h2>\n\n\n\n<p class=\"wp-block-paragraph\">Existe adem\u00e1s una cuesti\u00f3n gramatical importante.<\/p>\n\n\n\n<p class=\"wp-block-paragraph\">En hebreo, la construcci\u00f3n:<\/p>\n\n\n\n<blockquote class=\"wp-block-quote is-layout-flow wp-block-quote-is-layout-flow\">\n<p class=\"wp-block-paragraph\">\u05de\u05b7\u05dc\u05b0\u05d0\u05b7\u05da\u05b0 \u05d9\u05b0\u05d4\u05d5\u05b8\u05d4<br><em>mal\u02beakh YHWH<\/em><\/p>\n<\/blockquote>\n\n\n\n<p class=\"wp-block-paragraph\">es una cadena constructa.<\/p>\n\n\n\n<p class=\"wp-block-paragraph\">YHWH es un nombre propio definido.<\/p>\n\n\n\n<p class=\"wp-block-paragraph\">Por ello, toda la construcci\u00f3n posee normalmente sentido definido:<\/p>\n\n\n\n<blockquote class=\"wp-block-quote is-layout-flow wp-block-quote-is-layout-flow\">\n<p class=\"wp-block-paragraph\">\u201cel mensajero de Yahv\u00e9\u201d.<\/p>\n<\/blockquote>\n\n\n\n<p class=\"wp-block-paragraph\">Sin embargo, esto no significa necesariamente que <em>mal\u02beakh YHWH<\/em> funcione como un <strong>nombre propio t\u00e9cnico de un \u00fanico personaje<\/strong> cada vez que aparece.<\/p>\n\n\n\n<p class=\"wp-block-paragraph\">La gram\u00e1tica puede expresar:<\/p>\n\n\n\n<blockquote class=\"wp-block-quote is-layout-flow wp-block-quote-is-layout-flow\">\n<p class=\"wp-block-paragraph\">\u201cel mensajero perteneciente a Yahv\u00e9\u201d<\/p>\n<\/blockquote>\n\n\n\n<p class=\"wp-block-paragraph\">sin exigir:<\/p>\n\n\n\n<blockquote class=\"wp-block-quote is-layout-flow wp-block-quote-is-layout-flow\">\n<p class=\"wp-block-paragraph\">\u201cel mismo \u00c1ngel individual en cada relato\u201d.<\/p>\n<\/blockquote>\n\n\n\n<p class=\"wp-block-paragraph\">Esta precisi\u00f3n resulta fundamental para nuestro estudio.<\/p>\n\n\n\n<p class=\"wp-block-paragraph\">La identidad debe determinarse contextualmente.<\/p>\n\n\n\n<h2 id=\"una-posible-sintesis-provisional\" class=\"wp-block-heading\">Una posible s\u00edntesis provisional<\/h2>\n\n\n\n<p class=\"wp-block-paragraph\">Despu\u00e9s de considerar estos modelos, quiz\u00e1 podamos formular una conclusi\u00f3n provisional sin resolver todav\u00eda la cuesti\u00f3n cristol\u00f3gica.<\/p>\n\n\n\n<p class=\"wp-block-paragraph\">Primero, la explicaci\u00f3n de <strong>agencia<\/strong> es real y necesaria.<\/p>\n\n\n\n<p class=\"wp-block-paragraph\">El mundo b\u00edblico conoce representantes que hablan con la autoridad de quien los env\u00eda.<\/p>\n\n\n\n<p class=\"wp-block-paragraph\">Por ello, la primera persona divina del \u00c1ngel <strong>no demuestra por s\u00ed sola<\/strong> que sea Dios.<\/p>\n\n\n\n<p class=\"wp-block-paragraph\">Segundo, sin embargo, determinados textos parecen ir m\u00e1s all\u00e1 de la representaci\u00f3n ordinaria.<\/p>\n\n\n\n<p class=\"wp-block-paragraph\">Especialmente:<\/p>\n\n\n\n<p class=\"wp-block-paragraph\"><a href=\"https:\/\/biblia.com\/bible\/rvr60\/Ge16.7-13\">Gn 16:7\u201313<\/a>,<br><a href=\"https:\/\/biblia.com\/bible\/rvr60\/Ge31.11-13\">Gn 31:11\u201313<\/a>,<br><a href=\"https:\/\/biblia.com\/bible\/rvr60\/Ex3.2-6\">Ex 3:2\u20136<\/a>,<br><a href=\"https:\/\/biblia.com\/bible\/rvr60\/Ex23.20-21\">Ex 23:20\u201321<\/a>,<br><a href=\"https:\/\/biblia.com\/bible\/rvr60\/Jdg6.11-24\">Jue 6:11\u201324<\/a>.<\/p>\n\n\n\n<p class=\"wp-block-paragraph\">En ellos aparece una integraci\u00f3n excepcional entre mensajero y presencia divina.<\/p>\n\n\n\n<p class=\"wp-block-paragraph\">Tercero, la hip\u00f3tesis hist\u00f3rico-redaccional puede explicar algunas irregularidades, pero no debe utilizarse como soluci\u00f3n autom\u00e1tica para todo el corpus.<\/p>\n\n\n\n<p class=\"wp-block-paragraph\">Cuarto, modelos como el de Sommer ofrecen una posibilidad hist\u00f3ricamente interesante: la identidad divina antigua pod\u00eda conceptualizarse mediante formas de manifestaci\u00f3n m\u00e1s fluidas de lo que permiten nuestras categor\u00edas modernas.<\/p>\n\n\n\n<p class=\"wp-block-paragraph\">Quinto, Heiser ofrece una lectura que toma seriamente esa complejidad y la relaciona con el \u00c1ngel portador del Nombre, aunque su conexi\u00f3n posterior con una lectura cristol\u00f3gica debe distinguirse de la reconstrucci\u00f3n hist\u00f3rica del texto.<\/p>\n\n\n\n<h2 id=\"cual-es-entonces-la-explicacion-mas-fuerte\" class=\"wp-block-heading\">\u00bfCu\u00e1l es entonces la explicaci\u00f3n m\u00e1s fuerte?<\/h2>\n\n\n\n<p class=\"wp-block-paragraph\">En esta etapa del art\u00edculo conviene todav\u00eda no responder definitivamente:<\/p>\n\n\n\n<blockquote class=\"wp-block-quote is-layout-flow wp-block-quote-is-layout-flow\">\n<p class=\"wp-block-paragraph\">\u201cCristo\u201d<\/p>\n<\/blockquote>\n\n\n\n<p class=\"wp-block-paragraph\">o:<\/p>\n\n\n\n<blockquote class=\"wp-block-quote is-layout-flow wp-block-quote-is-layout-flow\">\n<p class=\"wp-block-paragraph\">\u201c\u00e1ngel creado\u201d.<\/p>\n<\/blockquote>\n\n\n\n<p class=\"wp-block-paragraph\">La evidencia permite una conclusi\u00f3n m\u00e1s rigurosa.<\/p>\n\n\n\n<p class=\"wp-block-paragraph\">El <em>mal\u02beakh YHWH<\/em> de los textos teof\u00e1nicos representa una forma de <strong>mediaci\u00f3n divina excepcional<\/strong>.<\/p>\n\n\n\n<p class=\"wp-block-paragraph\">En algunos pasajes la distinci\u00f3n mensajero-Dios resulta clara.<\/p>\n\n\n\n<p class=\"wp-block-paragraph\">En otros la distinci\u00f3n narrativa casi desaparece.<\/p>\n\n\n\n<p class=\"wp-block-paragraph\">Por tanto, el problema parece ser menos:<\/p>\n\n\n\n<blockquote class=\"wp-block-quote is-layout-flow wp-block-quote-is-layout-flow\">\n<p class=\"wp-block-paragraph\">\u201c\u00bfera un \u00e1ngel?\u201d<\/p>\n<\/blockquote>\n\n\n\n<p class=\"wp-block-paragraph\">y m\u00e1s:<\/p>\n\n\n\n<blockquote class=\"wp-block-quote is-layout-flow wp-block-quote-is-layout-flow\">\n<p class=\"wp-block-paragraph\"><strong>\u201cqu\u00e9 significa \u2018\u00e1ngel\u2019 cuando la presencia de Yahv\u00e9 es mediada de una manera que puede ser narrativamente identificada con Yahv\u00e9 mismo?\u201d<\/strong><\/p>\n<\/blockquote>\n\n\n\n<p class=\"wp-block-paragraph\">Aqu\u00ed encontramos una formulaci\u00f3n capaz de poner en di\u00e1logo las distintas tradiciones.<\/p>\n\n\n\n<p class=\"wp-block-paragraph\">La interpretaci\u00f3n jud\u00eda puede responder:<\/p>\n\n\n\n<blockquote class=\"wp-block-quote is-layout-flow wp-block-quote-is-layout-flow\">\n<p class=\"wp-block-paragraph\"><strong>agencia extraordinaria.<\/strong><\/p>\n<\/blockquote>\n\n\n\n<p class=\"wp-block-paragraph\">Sommer puede responder:<\/p>\n\n\n\n<blockquote class=\"wp-block-quote is-layout-flow wp-block-quote-is-layout-flow\">\n<p class=\"wp-block-paragraph\"><strong>manifestaci\u00f3n localizada o fluidez de presencia divina.<\/strong><\/p>\n<\/blockquote>\n\n\n\n<p class=\"wp-block-paragraph\">Heiser:<\/p>\n\n\n\n<blockquote class=\"wp-block-quote is-layout-flow wp-block-quote-is-layout-flow\">\n<p class=\"wp-block-paragraph\"><strong>Yahv\u00e9 visible y Yahv\u00e9 invisible.<\/strong><\/p>\n<\/blockquote>\n\n\n\n<p class=\"wp-block-paragraph\">La tradici\u00f3n cristiana cl\u00e1sica:<\/p>\n\n\n\n<blockquote class=\"wp-block-quote is-layout-flow wp-block-quote-is-layout-flow\">\n<p class=\"wp-block-paragraph\"><strong>el Logos preencarnado.<\/strong><\/p>\n<\/blockquote>\n\n\n\n<p class=\"wp-block-paragraph\">La cr\u00edtica redaccional:<\/p>\n\n\n\n<blockquote class=\"wp-block-quote is-layout-flow wp-block-quote-is-layout-flow\">\n<p class=\"wp-block-paragraph\"><strong>superposici\u00f3n hist\u00f3rica de teofan\u00eda y mediaci\u00f3n angelical.<\/strong><\/p>\n<\/blockquote>\n\n\n\n<p class=\"wp-block-paragraph\">Cada modelo explica determinados datos mejor que otros.<\/p>\n\n\n\n<h2 id=\"un-punto-de-convergencia-inesperado\" class=\"wp-block-heading\">Un punto de convergencia inesperado<\/h2>\n\n\n\n<p class=\"wp-block-paragraph\">Sin embargo, casi todas estas posiciones coinciden en algo importante:<\/p>\n\n\n\n<blockquote class=\"wp-block-quote is-layout-flow wp-block-quote-is-layout-flow\">\n<p class=\"wp-block-paragraph\"><strong>el \u00c1ngel de Yahv\u00e9 de los grandes relatos teof\u00e1nicos no funciona como un \u00e1ngel ordinario.<\/strong><\/p>\n<\/blockquote>\n\n\n\n<p class=\"wp-block-paragraph\">Incluso una interpretaci\u00f3n representativa debe reconocer la excepcional autoridad que posee.<\/p>\n\n\n\n<p class=\"wp-block-paragraph\">Incluso una interpretaci\u00f3n redaccional debe explicar por qu\u00e9 la forma final conserva semejante proximidad con Yahv\u00e9.<\/p>\n\n\n\n<p class=\"wp-block-paragraph\">Incluso una interpretaci\u00f3n jud\u00eda que rechace toda cristofan\u00eda debe tomar seriamente la afirmaci\u00f3n:<\/p>\n\n\n\n<blockquote class=\"wp-block-quote is-layout-flow wp-block-quote-is-layout-flow\">\n<p class=\"wp-block-paragraph\">\u201cmi Nombre est\u00e1 en \u00e9l\u201d (<a href=\"https:\/\/biblia.com\/bible\/rvr60\/Ex23.21\">Ex 23:21<\/a>).<\/p>\n<\/blockquote>\n\n\n\n<p class=\"wp-block-paragraph\">Y una interpretaci\u00f3n cristol\u00f3gica rigurosa debe reconocer que:<\/p>\n\n\n\n<blockquote class=\"wp-block-quote is-layout-flow wp-block-quote-is-layout-flow\">\n<p class=\"wp-block-paragraph\"><strong>distinci\u00f3n no es una dificultad accidental que pueda borrarse<\/strong>, sino parte esencial del fen\u00f3meno.<\/p>\n<\/blockquote>\n\n\n\n<p class=\"wp-block-paragraph\">Esta conclusi\u00f3n resulta especialmente significativa.<\/p>\n\n\n\n<p class=\"wp-block-paragraph\">Porque la cuesti\u00f3n del \u00c1ngel nunca fue simplemente:<\/p>\n\n\n\n<blockquote class=\"wp-block-quote is-layout-flow wp-block-quote-is-layout-flow\">\n<p class=\"wp-block-paragraph\">\u201c\u00bfes Dios?\u201d<\/p>\n<\/blockquote>\n\n\n\n<p class=\"wp-block-paragraph\">La cuesti\u00f3n siempre ha sido:<\/p>\n\n\n\n<blockquote class=\"wp-block-quote is-layout-flow wp-block-quote-is-layout-flow\">\n<p class=\"wp-block-paragraph\"><strong>\u201c\u00bfc\u00f3mo puede ser enviado por Dios y, sin embargo, representar o participar de Dios con semejante plenitud?\u201d<\/strong><\/p>\n<\/blockquote>\n\n\n\n<p class=\"wp-block-paragraph\">Precisamente esa combinaci\u00f3n explica por qu\u00e9 la figura fue tan importante tanto para las discusiones jud\u00edas acerca de mediadores celestiales como para la posterior cristolog\u00eda.<\/p>\n\n\n\n<h3 id=\"conclusion-y-transicion\" class=\"wp-block-heading\">Conclusi\u00f3n y transici\u00f3n<\/h3>\n\n\n\n<p class=\"wp-block-paragraph\">El debate moderno nos permite reformular la pregunta con mayor precisi\u00f3n que las simples alternativas tradicionales.<\/p>\n\n\n\n<p class=\"wp-block-paragraph\">No basta con preguntar:<\/p>\n\n\n\n<blockquote class=\"wp-block-quote is-layout-flow wp-block-quote-is-layout-flow\">\n<p class=\"wp-block-paragraph\"><strong>\u201c\u00bf\u00c1ngel o Dios?\u201d<\/strong><\/p>\n<\/blockquote>\n\n\n\n<p class=\"wp-block-paragraph\">Porque precisamente los textos parecen resistirse a esa dicotom\u00eda.<\/p>\n\n\n\n<p class=\"wp-block-paragraph\">El verdadero problema es determinar qu\u00e9 clase de <strong>mediaci\u00f3n de la presencia divina<\/strong> permite que un personaje sea simult\u00e1neamente:<\/p>\n\n\n\n<blockquote class=\"wp-block-quote is-layout-flow wp-block-quote-is-layout-flow\">\n<p class=\"wp-block-paragraph\">enviado por Yahv\u00e9,<br>portador de su Nombre,<br>hablante de su palabra,<br>representante de su autoridad,<br>y, en determinadas escenas, identificado narrativamente con el propio Yahv\u00e9.<\/p>\n<\/blockquote>\n\n\n\n<p class=\"wp-block-paragraph\">Esta observaci\u00f3n prepara la siguiente etapa del art\u00edculo, donde conviene examinar espec\u00edficamente la <strong>interpretaci\u00f3n teol\u00f3gica contempor\u00e1nea<\/strong>. All\u00ed podremos comparar autores como <strong>Michael Heiser, Millard Erickson, Wayne Grudem, Stanley Grenz, Scot McKnight y otros<\/strong>, distinguiendo una cuesti\u00f3n importante: algunos de estos autores desarrollan ampliamente cristolog\u00eda y Trinidad, pero <strong>no todos dedican una discusi\u00f3n espec\u00edfica y extensa al \u00c1ngel de Yahv\u00e9<\/strong>. Por ello ser\u00e1 necesario evitar atribuirles una posici\u00f3n concreta sobre el \u00c1ngel cuando su obra solamente proporciona el marco cristol\u00f3gico o trinitario dentro del cual podr\u00eda evaluarse la cuesti\u00f3n.<\/p>\n\n\n\n<h1 id=\"el-angel-de-yahve-en-la-teologia-contemporanea-erickson-grudem-heiser-grenz-y-mcknight\" class=\"wp-block-heading\">El \u00c1ngel de Yahv\u00e9 en la teolog\u00eda contempor\u00e1nea: Erickson, Grudem, Heiser, Grenz y McKnight<\/h1>\n\n\n\n<p class=\"wp-block-paragraph\">La discusi\u00f3n contempor\u00e1nea sobre el \u00c1ngel de Yahv\u00e9 presenta una caracter\u00edstica interesante: mientras los comentaristas hist\u00f3rico-cr\u00edticos suelen analizar el fen\u00f3meno fundamentalmente desde la historia de las tradiciones, la literatura comparada del antiguo Cercano Oriente o las convenciones de agencia, varios te\u00f3logos sistem\u00e1ticos contin\u00faan pregunt\u00e1ndose si los textos permiten identificar determinadas apariciones con <strong>Dios mismo<\/strong> y, m\u00e1s espec\u00edficamente, con el <strong>Hijo preencarnado<\/strong>.<\/p>\n\n\n\n<p class=\"wp-block-paragraph\">Sin embargo, incluso dentro de la teolog\u00eda evang\u00e9lica no existe unanimidad. Algunos autores consideran la identificaci\u00f3n cristol\u00f3gica probable; otros prefieren hablar primero de teofan\u00eda; y algunos reconocen expl\u00edcitamente que ninguna soluci\u00f3n responde perfectamente a todos los textos.<\/p>\n\n\n\n<p class=\"wp-block-paragraph\">Esta diversidad resulta \u00fatil porque confirma una conclusi\u00f3n que ha acompa\u00f1ado nuestro estudio desde el comienzo: la evidencia b\u00edblica no puede reducirse f\u00e1cilmente a una sola f\u00f3rmula.<\/p>\n\n\n\n<h2 id=\"millard-j-erickson-tres-posibilidades-y-una-conclusion-cautelosa\" class=\"wp-block-heading\">Millard J. Erickson: tres posibilidades y una conclusi\u00f3n cautelosa<\/h2>\n\n\n\n<p class=\"wp-block-paragraph\"><strong>Millard J. Erickson<\/strong> ofrece uno de los tratamientos sistem\u00e1ticos m\u00e1s equilibrados del problema. En la discusi\u00f3n de las manifestaciones de Dios y de la doctrina trinitaria reconoce fundamentalmente tres posibilidades interpretativas para la figura del \u00c1ngel de Yahv\u00e9:<\/p>\n\n\n\n<ol class=\"wp-block-list\">\n<li>un \u00e1ngel creado que posee una comisi\u00f3n extraordinaria;<\/li>\n\n\n\n<li>Dios mismo apareciendo temporalmente bajo una forma perceptible;<\/li>\n\n\n\n<li>el Logos o segunda persona de la Trinidad en una aparici\u00f3n preencarnada.<\/li>\n<\/ol>\n\n\n\n<p class=\"wp-block-paragraph\">Una fuente que reproduce el tratamiento de Erickson conserva precisamente esta clasificaci\u00f3n y se\u00f1ala que Erickson considera que ninguna de las tres explicaciones es completamente satisfactoria, aunque las dos \u00faltimas le parecen m\u00e1s adecuadas debido a los textos donde existe una clara identificaci\u00f3n con Dios.\u00b9<\/p>\n\n\n\n<p class=\"wp-block-paragraph\">Este reconocimiento resulta especialmente importante.<\/p>\n\n\n\n<p class=\"wp-block-paragraph\">Erickson no procede diciendo simplemente:<\/p>\n\n\n\n<blockquote class=\"wp-block-quote is-layout-flow wp-block-quote-is-layout-flow\">\n<p class=\"wp-block-paragraph\">\u201ces Cristo porque siempre se ha ense\u00f1ado as\u00ed\u201d.<\/p>\n<\/blockquote>\n\n\n\n<p class=\"wp-block-paragraph\">Reconoce primero el problema exeg\u00e9tico.<\/p>\n\n\n\n<p class=\"wp-block-paragraph\">Por un lado tenemos textos de distinci\u00f3n:<\/p>\n\n\n\n<blockquote class=\"wp-block-quote is-layout-flow wp-block-quote-is-layout-flow\">\n<p class=\"wp-block-paragraph\">\u201cel \u00e1ngel de Jehov\u00e1 [&#8230;] dijo: Oh Jehov\u00e1 de los ej\u00e9rcitos&#8230;\u201d (<a href=\"https:\/\/biblia.com\/bible\/rvr60\/Zec1.12\">Zac 1:12<\/a>).<\/p>\n<\/blockquote>\n\n\n\n<p class=\"wp-block-paragraph\">Por otro tenemos textos de identificaci\u00f3n:<\/p>\n\n\n\n<blockquote class=\"wp-block-quote is-layout-flow wp-block-quote-is-layout-flow\">\n<p class=\"wp-block-paragraph\">\u201cYo soy el Dios de Bet-el\u201d (<a href=\"https:\/\/biblia.com\/bible\/rvr60\/Ge31.13\">Gn 31:13<\/a>).<\/p>\n<\/blockquote>\n\n\n\n<p class=\"wp-block-paragraph\">Y:<\/p>\n\n\n\n<blockquote class=\"wp-block-quote is-layout-flow wp-block-quote-is-layout-flow\">\n<p class=\"wp-block-paragraph\">\u201cViendo Jehov\u00e1 [&#8230;] lo llam\u00f3 Dios de en medio de la zarza\u201d (<a href=\"https:\/\/biblia.com\/bible\/rvr60\/Ex3.4\">Ex 3:4<\/a>),<\/p>\n<\/blockquote>\n\n\n\n<p class=\"wp-block-paragraph\">despu\u00e9s de que el personaje hab\u00eda sido presentado como:<\/p>\n\n\n\n<blockquote class=\"wp-block-quote is-layout-flow wp-block-quote-is-layout-flow\">\n<p class=\"wp-block-paragraph\">\u201cel \u00c1ngel de Jehov\u00e1\u201d (<a href=\"https:\/\/biblia.com\/bible\/rvr60\/Ex3.2\">Ex 3:2<\/a>).<\/p>\n<\/blockquote>\n\n\n\n<p class=\"wp-block-paragraph\">La posici\u00f3n de Erickson resulta, por tanto, metodol\u00f3gicamente interesante porque reconoce que el problema no es simplemente decidir si el personaje \u201cparece divino\u201d, sino encontrar una explicaci\u00f3n capaz de mantener <strong>distinci\u00f3n e identificaci\u00f3n simult\u00e1neamente<\/strong>.<sup data-fn=\"482cde8a-7dce-49d1-9e15-cb55b6554f6d\" class=\"fn\"><a href=\"#482cde8a-7dce-49d1-9e15-cb55b6554f6d\" id=\"482cde8a-7dce-49d1-9e15-cb55b6554f6d-link\">170<\/a><\/sup><\/p>\n\n\n\n<h2 id=\"por-que-erickson-considera-insuficiente-la-hipotesis-de-un-angel-ordinario\" class=\"wp-block-heading\">\u00bfPor qu\u00e9 Erickson considera insuficiente la hip\u00f3tesis de un \u00e1ngel ordinario?<\/h2>\n\n\n\n<p class=\"wp-block-paragraph\">La dificultad principal se encuentra en aquellos textos donde el \u00c1ngel no solamente transmite palabras de Dios, sino que parece ocupar narrativamente la posici\u00f3n de Dios.<\/p>\n\n\n\n<p class=\"wp-block-paragraph\">El caso de Agar resulta paradigm\u00e1tico.<\/p>\n\n\n\n<p class=\"wp-block-paragraph\">El narrador introduce:<\/p>\n\n\n\n<blockquote class=\"wp-block-quote is-layout-flow wp-block-quote-is-layout-flow\">\n<p class=\"wp-block-paragraph\">\u201cel \u00c1ngel de Jehov\u00e1\u201d (<a href=\"https:\/\/biblia.com\/bible\/rvr60\/Ge16.7\">Gn 16:7<\/a>).<\/p>\n<\/blockquote>\n\n\n\n<p class=\"wp-block-paragraph\">El \u00c1ngel declara:<\/p>\n\n\n\n<blockquote class=\"wp-block-quote is-layout-flow wp-block-quote-is-layout-flow\">\n<p class=\"wp-block-paragraph\">\u201cMultiplicar\u00e9 tanto tu descendencia&#8230;\u201d (<a href=\"https:\/\/biblia.com\/bible\/rvr60\/Ge16.10\">Gn 16:10<\/a>).<\/p>\n<\/blockquote>\n\n\n\n<p class=\"wp-block-paragraph\">Y finalmente Agar denomina al interlocutor:<\/p>\n\n\n\n<blockquote class=\"wp-block-quote is-layout-flow wp-block-quote-is-layout-flow\">\n<p class=\"wp-block-paragraph\">\u201cT\u00fa eres Dios que ve\u201d (<a href=\"https:\/\/biblia.com\/bible\/rvr60\/Ge16.13\">Gn 16:13<\/a>).<\/p>\n<\/blockquote>\n\n\n\n<p class=\"wp-block-paragraph\">Una explicaci\u00f3n mediante agencia contin\u00faa siendo posible.<\/p>\n\n\n\n<p class=\"wp-block-paragraph\">Pero la acumulaci\u00f3n obliga a preguntarse si el mensajero est\u00e1 realizando algo m\u00e1s que una representaci\u00f3n convencional.<\/p>\n\n\n\n<p class=\"wp-block-paragraph\">Este es precisamente el tipo de evidencia que lleva a Erickson a considerar m\u00e1s fuertes las opciones teof\u00e1nica o cristof\u00e1nica que la interpretaci\u00f3n de un \u00e1ngel ordinario.<sup data-fn=\"bf4bae3a-c63d-4d1e-adc0-fd4d43e0b531\" class=\"fn\"><a href=\"#bf4bae3a-c63d-4d1e-adc0-fd4d43e0b531\" id=\"bf4bae3a-c63d-4d1e-adc0-fd4d43e0b531-link\">171<\/a><\/sup><\/p>\n\n\n\n<h2 id=\"wayne-grudem-una-defensa-mas-explicita-de-la-teofania\" class=\"wp-block-heading\">Wayne Grudem: una defensa m\u00e1s expl\u00edcita de la teofan\u00eda<\/h2>\n\n\n\n<p class=\"wp-block-paragraph\"><strong>Wayne Grudem<\/strong> adopta una posici\u00f3n m\u00e1s definida.<\/p>\n\n\n\n<p class=\"wp-block-paragraph\">En <em>Systematic Theology<\/em> dedica expresamente una secci\u00f3n a la pregunta:<\/p>\n\n\n\n<blockquote class=\"wp-block-quote is-layout-flow wp-block-quote-is-layout-flow\">\n<p class=\"wp-block-paragraph\">\u201cQuien es el angel del Se\u00f1or?\u201d<\/p>\n<\/blockquote>\n\n\n\n<p class=\"wp-block-paragraph\">Su argumento comienza observando que determinados textos hablan del \u00c1ngel del Se\u00f1or de una manera que sugiere que <strong>Dios mismo adopta temporalmente una forma humana para aparecer a seres humanos<\/strong>. Grudem utiliza precisamente los relatos que hemos estudiado: Agar en G\u00e9nesis 16, Abraham en G\u00e9nesis 22, Jacob en G\u00e9nesis 31 y Mois\u00e9s en \u00c9xodo 3.<sup data-fn=\"9276856d-b52a-458a-875d-aee5ec19428d\" class=\"fn\"><a href=\"#9276856d-b52a-458a-875d-aee5ec19428d\" id=\"9276856d-b52a-458a-875d-aee5ec19428d-link\">172<\/a><\/sup><\/p>\n\n\n\n<p class=\"wp-block-paragraph\">El patr\u00f3n es acumulativo.<\/p>\n\n\n\n<p class=\"wp-block-paragraph\">Con Agar:<\/p>\n\n\n\n<blockquote class=\"wp-block-quote is-layout-flow wp-block-quote-is-layout-flow\">\n<p class=\"wp-block-paragraph\">\u201cMultiplicar\u00e9 tanto tu descendencia\u201d (<a href=\"https:\/\/biblia.com\/bible\/rvr60\/Ge16.10\">Gn 16:10<\/a>).<\/p>\n<\/blockquote>\n\n\n\n<p class=\"wp-block-paragraph\">Con Abraham:<\/p>\n\n\n\n<blockquote class=\"wp-block-quote is-layout-flow wp-block-quote-is-layout-flow\">\n<p class=\"wp-block-paragraph\">\u201cno me rehusaste tu hijo\u201d (<a href=\"https:\/\/biblia.com\/bible\/rvr60\/Ge22.12\">Gn 22:12<\/a>).<\/p>\n<\/blockquote>\n\n\n\n<p class=\"wp-block-paragraph\">Con Jacob:<\/p>\n\n\n\n<blockquote class=\"wp-block-quote is-layout-flow wp-block-quote-is-layout-flow\">\n<p class=\"wp-block-paragraph\">\u201cYo soy el Dios de Bet-el\u201d (<a href=\"https:\/\/biblia.com\/bible\/rvr60\/Ge31.13\">Gn 31:13<\/a>).<\/p>\n<\/blockquote>\n\n\n\n<p class=\"wp-block-paragraph\">Con Mois\u00e9s:<\/p>\n\n\n\n<blockquote class=\"wp-block-quote is-layout-flow wp-block-quote-is-layout-flow\">\n<p class=\"wp-block-paragraph\">\u201cse le apareci\u00f3 el \u00c1ngel de Jehov\u00e1\u201d (<a href=\"https:\/\/biblia.com\/bible\/rvr60\/Ex3.2\">Ex 3:2<\/a>),<\/p>\n<\/blockquote>\n\n\n\n<p class=\"wp-block-paragraph\">pero la misma presencia declara:<\/p>\n\n\n\n<blockquote class=\"wp-block-quote is-layout-flow wp-block-quote-is-layout-flow\">\n<p class=\"wp-block-paragraph\">\u201cYo soy el Dios de tu padre\u201d (<a href=\"https:\/\/biblia.com\/bible\/rvr60\/Ex3.6\">Ex 3:6<\/a>).<\/p>\n<\/blockquote>\n\n\n\n<p class=\"wp-block-paragraph\">Grudem concluye que estos casos son ejemplos claros donde el \u00c1ngel aparece como Dios mismo y considera posible identificarlo m\u00e1s espec\u00edficamente con <strong>Dios Hijo apareciendo temporalmente antes de la encarnaci\u00f3n<\/strong>.<\/p>\n\n\n\n<p class=\"wp-block-paragraph\">Esta formulaci\u00f3n resulta importante por su cautela relativa.<\/p>\n\n\n\n<p class=\"wp-block-paragraph\">Grudem no afirma simplemente:<\/p>\n\n\n\n<blockquote class=\"wp-block-quote is-layout-flow wp-block-quote-is-layout-flow\">\n<p class=\"wp-block-paragraph\">\u201ccada vez que aparece la expresi\u00f3n \u00c1ngel del Se\u00f1or se trata de Cristo\u201d.<\/p>\n<\/blockquote>\n\n\n\n<p class=\"wp-block-paragraph\">Reconoce que en otros textos el \u00c1ngel parece distinguirse claramente de Dios, citando pasajes como <a href=\"https:\/\/biblia.com\/bible\/rvr60\/Zec1.11-13\">Zacar\u00edas 1:11\u201313<\/a>, y que expresiones como \u201cun \u00e1ngel del Se\u00f1or\u201d pueden designar sencillamente a un mensajero creado.<\/p>\n\n\n\n<h2 id=\"una-distincion-muy-util-en-grudem\" class=\"wp-block-heading\">Una distinci\u00f3n muy \u00fatil en Grudem<\/h2>\n\n\n\n<p class=\"wp-block-paragraph\">Este punto resulta especialmente valioso para nuestro art\u00edculo.<\/p>\n\n\n\n<p class=\"wp-block-paragraph\">La identidad no debe decidirse exclusivamente mediante la expresi\u00f3n:<\/p>\n\n\n\n<blockquote class=\"wp-block-quote is-layout-flow wp-block-quote-is-layout-flow\">\n<p class=\"wp-block-paragraph\">\u201c\u00c1ngel del Se\u00f1or\u201d.<\/p>\n<\/blockquote>\n\n\n\n<p class=\"wp-block-paragraph\">Debe decidirse mediante:<\/p>\n\n\n\n<blockquote class=\"wp-block-quote is-layout-flow wp-block-quote-is-layout-flow\">\n<p class=\"wp-block-paragraph\"><strong>el comportamiento del personaje dentro de cada relato.<\/strong><\/p>\n<\/blockquote>\n\n\n\n<p class=\"wp-block-paragraph\">Eso significa que debemos evitar el argumento popular:<\/p>\n\n\n\n<blockquote class=\"wp-block-quote is-layout-flow wp-block-quote-is-layout-flow\">\n<p class=\"wp-block-paragraph\">\u201cdice \u2018el \u00c1ngel del Se\u00f1or\u2019, por tanto es Jes\u00fas\u201d.<\/p>\n<\/blockquote>\n\n\n\n<p class=\"wp-block-paragraph\">Ese razonamiento es demasiado simple.<\/p>\n\n\n\n<p class=\"wp-block-paragraph\">La construcci\u00f3n puede designar un mensajero de Yahv\u00e9.<\/p>\n\n\n\n<p class=\"wp-block-paragraph\">La cuesti\u00f3n es qu\u00e9 hace ese mensajero.<\/p>\n\n\n\n<p class=\"wp-block-paragraph\">\u00bfHabla simplemente diciendo:<\/p>\n\n\n\n<blockquote class=\"wp-block-quote is-layout-flow wp-block-quote-is-layout-flow\">\n<p class=\"wp-block-paragraph\">\u201cAs\u00ed dice Yahv\u00e9\u201d?<\/p>\n<\/blockquote>\n\n\n\n<p class=\"wp-block-paragraph\">\u00bfO declara:<\/p>\n\n\n\n<blockquote class=\"wp-block-quote is-layout-flow wp-block-quote-is-layout-flow\">\n<p class=\"wp-block-paragraph\">\u201cYo soy el Dios de Bet-el\u201d?<\/p>\n<\/blockquote>\n\n\n\n<p class=\"wp-block-paragraph\">\u00bfEl narrador mantiene su identidad diferenciada?<\/p>\n\n\n\n<p class=\"wp-block-paragraph\">\u00bfO comienza inmediatamente a llamarlo Yahv\u00e9?<\/p>\n\n\n\n<p class=\"wp-block-paragraph\">\u00bfRecibe una comisi\u00f3n?<\/p>\n\n\n\n<p class=\"wp-block-paragraph\">\u00bfO porta el Nombre divino?<\/p>\n\n\n\n<p class=\"wp-block-paragraph\">Esta distinci\u00f3n contextual constituye uno de los criterios exeg\u00e9ticos m\u00e1s s\u00f3lidos que podemos conservar.<\/p>\n\n\n\n<h2 id=\"el-peligro-de-afirmar-cristo-demasiado-pronto\" class=\"wp-block-heading\">El peligro de afirmar \u201cCristo\u201d demasiado pronto<\/h2>\n\n\n\n<p class=\"wp-block-paragraph\">Sin embargo, incluso si acept\u00e1ramos con Grudem que determinados pasajes presentan una <strong>teofan\u00eda<\/strong>, todav\u00eda quedar\u00eda un paso adicional:<\/p>\n\n\n\n<blockquote class=\"wp-block-quote is-layout-flow wp-block-quote-is-layout-flow\">\n<p class=\"wp-block-paragraph\">\u00bfpor qu\u00e9 debe ser espec\u00edficamente el Hijo?<\/p>\n<\/blockquote>\n\n\n\n<p class=\"wp-block-paragraph\">La respuesta tradicional utiliza varios argumentos.<\/p>\n\n\n\n<p class=\"wp-block-paragraph\">El Padre es presentado como invisible (<a href=\"https:\/\/biblia.com\/bible\/rvr60\/Jn1.18\">Jn 1:18<\/a>).<\/p>\n\n\n\n<p class=\"wp-block-paragraph\">Cristo es quien revela al Padre.<\/p>\n\n\n\n<p class=\"wp-block-paragraph\">Cristo exist\u00eda antes de Abraham (<a href=\"https:\/\/biblia.com\/bible\/rvr60\/Jn8.58\">Jn 8:58<\/a>).<\/p>\n\n\n\n<p class=\"wp-block-paragraph\">Pablo sit\u00faa a Cristo dentro de la experiencia de Israel:<\/p>\n\n\n\n<blockquote class=\"wp-block-quote is-layout-flow wp-block-quote-is-layout-flow\">\n<p class=\"wp-block-paragraph\">\u201cla roca era Cristo\u201d (<a href=\"https:\/\/biblia.com\/bible\/rvr60\/1Co10.4\">1 Co 10:4<\/a>).<\/p>\n<\/blockquote>\n\n\n\n<p class=\"wp-block-paragraph\">Juan relaciona la visi\u00f3n de Isa\u00edas con la gloria de Cristo (<a href=\"https:\/\/biblia.com\/bible\/rvr60\/Jn12.41\">Jn 12:41<\/a>).<\/p>\n\n\n\n<p class=\"wp-block-paragraph\">Estos elementos hacen <strong>teol\u00f3gicamente posible<\/strong> una cristofan\u00eda.<\/p>\n\n\n\n<p class=\"wp-block-paragraph\">Pero, como vimos con Agust\u00edn, no constituyen una demostraci\u00f3n autom\u00e1tica de que toda forma visible de Dios fuese el Hijo.<\/p>\n\n\n\n<p class=\"wp-block-paragraph\">Por ello, una formulaci\u00f3n acad\u00e9micamente m\u00e1s precisa ser\u00eda:<\/p>\n\n\n\n<blockquote class=\"wp-block-quote is-layout-flow wp-block-quote-is-layout-flow\">\n<p class=\"wp-block-paragraph\"><strong>determinados textos veterotestamentarios parecen presentar al \u00c1ngel como una manifestaci\u00f3n de Dios; una lectura cristiana can\u00f3nica puede identificar esa manifestaci\u00f3n con el Logos preencarnado, pero esa identificaci\u00f3n constituye un segundo movimiento hermen\u00e9utico.<\/strong><\/p>\n<\/blockquote>\n\n\n\n<h2 id=\"michael-heiser-una-propuesta-diferente-de-la-teologia-sistematica-clasica\" class=\"wp-block-heading\">Michael Heiser: una propuesta diferente de la teolog\u00eda sistem\u00e1tica cl\u00e1sica<\/h2>\n\n\n\n<p class=\"wp-block-paragraph\">La contribuci\u00f3n de <strong>Michael S. Heiser<\/strong> resulta especialmente interesante porque intenta situar primero el fen\u00f3meno dentro del propio mundo conceptual del Antiguo Testamento.<\/p>\n\n\n\n<p class=\"wp-block-paragraph\">Para Heiser, la cuesti\u00f3n fundamental no comienza diciendo:<\/p>\n\n\n\n<blockquote class=\"wp-block-quote is-layout-flow wp-block-quote-is-layout-flow\">\n<p class=\"wp-block-paragraph\">\u201ceste personaje es Jes\u00fas\u201d.<\/p>\n<\/blockquote>\n\n\n\n<p class=\"wp-block-paragraph\">Comienza preguntando:<\/p>\n\n\n\n<blockquote class=\"wp-block-quote is-layout-flow wp-block-quote-is-layout-flow\">\n<p class=\"wp-block-paragraph\"><strong>\u00bfc\u00f3mo puede Yahv\u00e9 aparecer simult\u00e1neamente como una figura visible y como el Dios trascendente?<\/strong><\/p>\n<\/blockquote>\n\n\n\n<p class=\"wp-block-paragraph\"><a href=\"https:\/\/biblia.com\/bible\/rvr60\/Ex23.20-21\">\u00c9xodo 23:20\u201321<\/a> ocupa una posici\u00f3n decisiva:<\/p>\n\n\n\n<blockquote class=\"wp-block-quote is-layout-flow wp-block-quote-is-layout-flow\">\n<p class=\"wp-block-paragraph\">\u201cHe aqu\u00ed yo env\u00edo mi \u00c1ngel delante de ti&#8230;\u201d<\/p>\n<\/blockquote>\n\n\n\n<p class=\"wp-block-paragraph\">y:<\/p>\n\n\n\n<blockquote class=\"wp-block-quote is-layout-flow wp-block-quote-is-layout-flow\">\n<p class=\"wp-block-paragraph\">\u201cmi nombre est\u00e1 en \u00e9l\u201d.<\/p>\n<\/blockquote>\n\n\n\n<p class=\"wp-block-paragraph\">Heiser interpreta el Nombre como mucho m\u00e1s que una identificaci\u00f3n nominal. En su exposici\u00f3n, el Nombre representa la <strong>presencia e identidad de Yahv\u00e9<\/strong>; por ello, que el Nombre est\u00e9 \u201cen\u201d el \u00c1ngel coloca a esta figura en una relaci\u00f3n singular con Dios.<sup data-fn=\"702f1684-cff6-40f4-bf4d-f6fe7d669f13\" class=\"fn\"><a href=\"#702f1684-cff6-40f4-bf4d-f6fe7d669f13\" id=\"702f1684-cff6-40f4-bf4d-f6fe7d669f13-link\">173<\/a><\/sup><\/p>\n\n\n\n<p class=\"wp-block-paragraph\">En una discusi\u00f3n p\u00fablica de este tema, Heiser resume el fen\u00f3meno afirmando que el \u00c1ngel puede ser a la vez <strong>\u00c1ngel y Yahv\u00e9<\/strong>, mientras permanece distinguido de Yahv\u00e9.\u00b3<\/p>\n\n\n\n<p class=\"wp-block-paragraph\">Este lenguaje reproduce exactamente la paradoja que nuestro estudio ha ido encontrando:<\/p>\n\n\n\n<blockquote class=\"wp-block-quote is-layout-flow wp-block-quote-is-layout-flow\">\n<p class=\"wp-block-paragraph\"><strong>es enviado \u2192 distinci\u00f3n;<\/strong><\/p>\n<\/blockquote>\n\n\n\n<p class=\"wp-block-paragraph\">pero:<\/p>\n\n\n\n<blockquote class=\"wp-block-quote is-layout-flow wp-block-quote-is-layout-flow\">\n<p class=\"wp-block-paragraph\"><strong>porta el Nombre \u2192 identidad extraordinaria.<\/strong><\/p>\n<\/blockquote>\n\n\n\n<h2 id=\"el-nombre-como-clave-teologica\" class=\"wp-block-heading\">El Nombre como clave teol\u00f3gica<\/h2>\n\n\n\n<p class=\"wp-block-paragraph\">Heiser considera que el lenguaje del Nombre puede explicar por qu\u00e9 el personaje act\u00faa de manera tan excepcional.<\/p>\n\n\n\n<p class=\"wp-block-paragraph\">El Nombre divino representa la presencia autorizada de Yahv\u00e9.<\/p>\n\n\n\n<p class=\"wp-block-paragraph\">Comp\u00e1rese:<\/p>\n\n\n\n<blockquote class=\"wp-block-quote is-layout-flow wp-block-quote-is-layout-flow\">\n<p class=\"wp-block-paragraph\">\u201cel lugar que Jehov\u00e1 vuestro Dios escogiere [&#8230;] para poner all\u00ed su nombre\u201d (<a href=\"https:\/\/biblia.com\/bible\/rvr60\/Dt12.5\">Dt 12:5<\/a>).<\/p>\n<\/blockquote>\n\n\n\n<p class=\"wp-block-paragraph\">Y:<\/p>\n\n\n\n<blockquote class=\"wp-block-quote is-layout-flow wp-block-quote-is-layout-flow\">\n<p class=\"wp-block-paragraph\">\u201cmi nombre est\u00e1 en \u00e9l\u201d (<a href=\"https:\/\/biblia.com\/bible\/rvr60\/Ex23.21\">Ex 23:21<\/a>).<\/p>\n<\/blockquote>\n\n\n\n<p class=\"wp-block-paragraph\">Existe, sin embargo, una diferencia importante.<\/p>\n\n\n\n<p class=\"wp-block-paragraph\">En Deuteronomio el Nombre habita en un <strong>lugar<\/strong>.<\/p>\n\n\n\n<p class=\"wp-block-paragraph\">En \u00c9xodo 23 est\u00e1:<\/p>\n\n\n\n<blockquote class=\"wp-block-quote is-layout-flow wp-block-quote-is-layout-flow\">\n<p class=\"wp-block-paragraph\"><strong>en una figura personal.<\/strong><\/p>\n<\/blockquote>\n\n\n\n<p class=\"wp-block-paragraph\">Esto explica por qu\u00e9 el \u00c1ngel posee una autoridad excepcional.<\/p>\n\n\n\n<p class=\"wp-block-paragraph\">Israel debe:<\/p>\n\n\n\n<blockquote class=\"wp-block-quote is-layout-flow wp-block-quote-is-layout-flow\">\n<p class=\"wp-block-paragraph\">\u201co\u00edr su voz\u201d (<a href=\"https:\/\/biblia.com\/bible\/rvr60\/Ex23.21\">Ex 23:21<\/a>).<\/p>\n<\/blockquote>\n\n\n\n<p class=\"wp-block-paragraph\">Y el texto establece una sorprendente equivalencia en el vers\u00edculo siguiente:<\/p>\n\n\n\n<blockquote class=\"wp-block-quote is-layout-flow wp-block-quote-is-layout-flow\">\n<p class=\"wp-block-paragraph\">\u201csi en verdad oyeres <strong>su voz<\/strong> e hicieres todo lo que <strong>yo te dijere<\/strong>&#8230;\u201d (<a href=\"https:\/\/biblia.com\/bible\/rvr60\/Ex23.22\">Ex 23:22<\/a>).<\/p>\n<\/blockquote>\n\n\n\n<p class=\"wp-block-paragraph\">La voz es \u201csu\u201d voz.<\/p>\n\n\n\n<p class=\"wp-block-paragraph\">Pero el contenido es aquello que \u201cyo\u201d, Yahv\u00e9, digo.<\/p>\n\n\n\n<p class=\"wp-block-paragraph\">Esta es probablemente una de las expresiones m\u00e1s claras de <strong>mediaci\u00f3n de identidad y palabra divina<\/strong> en todo el corpus.<\/p>\n\n\n\n<h2 id=\"heiser-esta-simplemente-ensenando-la-trinidad-desde-exodo\" class=\"wp-block-heading\">\u00bfHeiser est\u00e1 simplemente ense\u00f1ando la Trinidad desde \u00c9xodo?<\/h2>\n\n\n\n<p class=\"wp-block-paragraph\">No.<\/p>\n\n\n\n<p class=\"wp-block-paragraph\">Esta precisi\u00f3n es indispensable.<\/p>\n\n\n\n<p class=\"wp-block-paragraph\">Heiser intenta reconstruir primero una antigua concepci\u00f3n israelita donde Yahv\u00e9 puede manifestarse visiblemente sin que esa manifestaci\u00f3n constituya otro dios independiente. Su conexi\u00f3n posterior con la cristolog\u00eda se produce mediante una lectura can\u00f3nica.<\/p>\n\n\n\n<p class=\"wp-block-paragraph\">Por ello, su propuesta posee una estructura en dos etapas:<\/p>\n\n\n\n<blockquote class=\"wp-block-quote is-layout-flow wp-block-quote-is-layout-flow\">\n<p class=\"wp-block-paragraph\"><strong>Antiguo Testamento:<\/strong> una forma visible de Yahv\u00e9 distinguible del Yahv\u00e9 trascendente.<\/p>\n<\/blockquote>\n\n\n\n<blockquote class=\"wp-block-quote is-layout-flow wp-block-quote-is-layout-flow\">\n<p class=\"wp-block-paragraph\"><strong>Nuevo Testamento:<\/strong> los cristianos identifican la manifestaci\u00f3n visible definitiva de Dios con Jes\u00fas.<\/p>\n<\/blockquote>\n\n\n\n<p class=\"wp-block-paragraph\">Este procedimiento es metodol\u00f3gicamente m\u00e1s sofisticado que afirmar:<\/p>\n\n\n\n<blockquote class=\"wp-block-quote is-layout-flow wp-block-quote-is-layout-flow\">\n<p class=\"wp-block-paragraph\">\u201cMois\u00e9s sab\u00eda que estaba hablando con Jes\u00fas de Nazaret\u201d.<\/p>\n<\/blockquote>\n\n\n\n<p class=\"wp-block-paragraph\">No existe evidencia para semejante formulaci\u00f3n hist\u00f3rica.<\/p>\n\n\n\n<p class=\"wp-block-paragraph\">La afirmaci\u00f3n cristiana es retrospectiva.<\/p>\n\n\n\n<h2 id=\"heiser-y-la-tradicion-de-los-dos-poderes\" class=\"wp-block-heading\">Heiser y la tradici\u00f3n de los \u201cdos poderes\u201d<\/h2>\n\n\n\n<p class=\"wp-block-paragraph\">Heiser conecta adem\u00e1s este fen\u00f3meno con los estudios de <strong>Alan F. Segal<\/strong> sobre las tradiciones jud\u00edas de los \u201cdos poderes en el cielo\u201d.<\/p>\n\n\n\n<p class=\"wp-block-paragraph\">La importancia hist\u00f3rica de esa comparaci\u00f3n consiste en mostrar que una diferenciaci\u00f3n celestial extraordinaria no habr\u00eda sido necesariamente inconcebible dentro de determinados ambientes jud\u00edos antiguos.<\/p>\n\n\n\n<p class=\"wp-block-paragraph\">Sin embargo, como hemos se\u00f1alado anteriormente, debemos evitar convertir \u201cdos poderes\u201d en una especie de \u201cTrinidad jud\u00eda\u201d.<\/p>\n\n\n\n<p class=\"wp-block-paragraph\">Las categor\u00edas no son equivalentes.<\/p>\n\n\n\n<p class=\"wp-block-paragraph\">Lo relevante es \u00fanicamente que exist\u00eda un espacio conceptual para pensar en una figura distinguida de Dios que, al mismo tiempo, participara de manera extraordinaria de sus prerrogativas.<\/p>\n\n\n\n<h2 id=\"stanley-j-grenz-un-marco-trinitario-no-una-teoria-especifica-del-angel\" class=\"wp-block-heading\">Stanley J. Grenz: un marco trinitario, no una teor\u00eda espec\u00edfica del \u00c1ngel<\/h2>\n\n\n\n<p class=\"wp-block-paragraph\">En el caso de <strong>Stanley J. Grenz<\/strong>, debemos proceder de manera diferente.<\/p>\n\n\n\n<p class=\"wp-block-paragraph\">No ser\u00eda correcto presentarlo como si hubiese desarrollado una extensa teor\u00eda exeg\u00e9tica acerca del <em>mal\u02beakh YHWH<\/em> comparable a la de Heiser o Grudem. La importancia de Grenz para nuestro estudio se encuentra principalmente en su <strong>teolog\u00eda trinitaria<\/strong>.<\/p>\n\n\n\n<p class=\"wp-block-paragraph\">La investigaci\u00f3n especializada sobre su obra ha mostrado hasta qu\u00e9 punto la doctrina de la Trinidad lleg\u00f3 a constituir una categor\u00eda estructurante de todo su proyecto teol\u00f3gico.<sup data-fn=\"d5533984-1dd3-4ac7-a87a-1501a296b8b3\" class=\"fn\"><a href=\"#d5533984-1dd3-4ac7-a87a-1501a296b8b3\" id=\"d5533984-1dd3-4ac7-a87a-1501a296b8b3-link\">174<\/a><\/sup><\/p>\n\n\n\n<p class=\"wp-block-paragraph\">Esto significa que Grenz resulta especialmente \u00fatil para una pregunta posterior:<\/p>\n\n\n\n<blockquote class=\"wp-block-quote is-layout-flow wp-block-quote-is-layout-flow\">\n<p class=\"wp-block-paragraph\"><strong>si el \u00c1ngel manifiesta simult\u00e1neamente unidad y distinci\u00f3n, \u00bfc\u00f3mo puede una teolog\u00eda trinitaria contempor\u00e1nea conceptualizar esa relaci\u00f3n?<\/strong><\/p>\n<\/blockquote>\n\n\n\n<p class=\"wp-block-paragraph\">No resulta correcto utilizar a Grenz como autoridad directa para afirmar:<\/p>\n\n\n\n<blockquote class=\"wp-block-quote is-layout-flow wp-block-quote-is-layout-flow\">\n<p class=\"wp-block-paragraph\">\u201cel \u00c1ngel era Cristo\u201d,<\/p>\n<\/blockquote>\n\n\n\n<p class=\"wp-block-paragraph\">si no estamos citando un lugar donde \u00e9l defienda expresamente esa identificaci\u00f3n.<\/p>\n\n\n\n<p class=\"wp-block-paragraph\">Su utilidad es distinta.<\/p>\n\n\n\n<p class=\"wp-block-paragraph\">Grenz ayuda a comprender que la doctrina cristiana de Dios no entiende:<\/p>\n\n\n\n<blockquote class=\"wp-block-quote is-layout-flow wp-block-quote-is-layout-flow\">\n<p class=\"wp-block-paragraph\">unidad = una sola persona sin relaciones,<\/p>\n<\/blockquote>\n\n\n\n<p class=\"wp-block-paragraph\">sino una identidad divina eternamente relacional.<\/p>\n\n\n\n<p class=\"wp-block-paragraph\">Desde este marco, una distinci\u00f3n Padre-Hijo no constituye una ruptura del monote\u00edsmo cristiano.<sup data-fn=\"3372c922-3463-477f-9ea0-d63a1c0abbf6\" class=\"fn\"><a href=\"#3372c922-3463-477f-9ea0-d63a1c0abbf6\" id=\"3372c922-3463-477f-9ea0-d63a1c0abbf6-link\">175<\/a><\/sup><\/p>\n\n\n\n<h2 id=\"grenz-y-el-peligro-de-utilizar-la-trinidad-como-atajo-exegetico\" class=\"wp-block-heading\">Grenz y el peligro de utilizar la Trinidad como atajo exeg\u00e9tico<\/h2>\n\n\n\n<p class=\"wp-block-paragraph\">Esta distinci\u00f3n posee una consecuencia metodol\u00f3gica importante.<\/p>\n\n\n\n<p class=\"wp-block-paragraph\">No debemos argumentar:<\/p>\n\n\n\n<blockquote class=\"wp-block-quote is-layout-flow wp-block-quote-is-layout-flow\">\n<p class=\"wp-block-paragraph\">Dios es trino;<br>el \u00c1ngel es distinguido de Yahv\u00e9;<br>por tanto el \u00c1ngel es autom\u00e1ticamente el Hijo.<\/p>\n<\/blockquote>\n\n\n\n<p class=\"wp-block-paragraph\">Eso ser\u00eda utilizar la teolog\u00eda sistem\u00e1tica como sustituto de la ex\u00e9gesis.<\/p>\n\n\n\n<p class=\"wp-block-paragraph\">El proceso debe ser inverso:<\/p>\n\n\n\n<p class=\"wp-block-paragraph\">primero analizamos el texto;<\/p>\n\n\n\n<p class=\"wp-block-paragraph\">despu\u00e9s examinamos si los fen\u00f3menos encontrados son compatibles con determinados modelos teol\u00f3gicos.<\/p>\n\n\n\n<p class=\"wp-block-paragraph\">La Trinidad puede <strong>explicar<\/strong> una distinci\u00f3n dentro de la identidad divina.<\/p>\n\n\n\n<p class=\"wp-block-paragraph\">Pero no demuestra que cada personaje distinguido de Yahv\u00e9 sea una persona trinitaria.<\/p>\n\n\n\n<p class=\"wp-block-paragraph\">Este principio ser\u00e1 fundamental para nuestra conclusi\u00f3n final.<\/p>\n\n\n\n<h2 id=\"scot-mcknight-el-angel-como-presencia-extraordinaria-de-dios\" class=\"wp-block-heading\">Scot McKnight: el \u00c1ngel como presencia extraordinaria de Dios<\/h2>\n\n\n\n<p class=\"wp-block-paragraph\"><strong>Scot McKnight<\/strong>, en <em>The Hum of Angels<\/em>, aborda directamente la angelolog\u00eda b\u00edblica y distingue entre los numerosos mensajeros celestiales creados y aquellos casos excepcionales donde la expresi\u00f3n \u201c\u00c1ngel del Se\u00f1or\u201d se aproxima a la propia presencia de Dios.<\/p>\n\n\n\n<p class=\"wp-block-paragraph\">Fuentes que resumen su tratamiento se\u00f1alan que McKnight considera que existen ocasiones excepcionales en las que \u201cel \u00c1ngel del Se\u00f1or\u201d o \u201cel \u00c1ngel\u201d puede referirse a <strong>Dios mismo<\/strong>, incluyendo la compleja experiencia de Jacob.<sup data-fn=\"c585c93d-f01a-4283-a5c0-5417dfdf4c23\" class=\"fn\"><a href=\"#c585c93d-f01a-4283-a5c0-5417dfdf4c23\" id=\"c585c93d-f01a-4283-a5c0-5417dfdf4c23-link\">176<\/a><\/sup><\/p>\n\n\n\n<p class=\"wp-block-paragraph\">Este punto encaja bien con su enfoque m\u00e1s amplio sobre los \u00e1ngeles: los mensajeros celestiales son signos y agentes de la presencia amorosa de Dios, pero no deben convertirse en centros independientes de culto. McKnight desarrolla precisamente la idea de que la angelolog\u00eda b\u00edblica conduce finalmente hacia <strong>Dios<\/strong>, no hacia una fascinaci\u00f3n aut\u00f3noma con seres celestiales.<\/p>\n\n\n\n<p class=\"wp-block-paragraph\">Su acercamiento resulta especialmente interesante para nuestro art\u00edculo porque permite sostener simult\u00e1neamente dos principios.<\/p>\n\n\n\n<p class=\"wp-block-paragraph\">La mayor\u00eda de los \u00e1ngeles son:<\/p>\n\n\n\n<blockquote class=\"wp-block-quote is-layout-flow wp-block-quote-is-layout-flow\">\n<p class=\"wp-block-paragraph\"><strong>criaturas enviadas por Dios.<\/strong><\/p>\n<\/blockquote>\n\n\n\n<p class=\"wp-block-paragraph\">Pero determinadas escenas del \u201c\u00c1ngel de Yahv\u00e9\u201d poseen:<\/p>\n\n\n\n<blockquote class=\"wp-block-quote is-layout-flow wp-block-quote-is-layout-flow\">\n<p class=\"wp-block-paragraph\"><strong>una cualidad de presencia divina excepcional.<\/strong><\/p>\n<\/blockquote>\n\n\n\n<p class=\"wp-block-paragraph\">Esto evita tanto identificar autom\u00e1ticamente a todo \u00e1ngel con Dios como reducir los grandes relatos teof\u00e1nicos a mensajeros indiferenciados.<\/p>\n\n\n\n<h2 id=\"mcknight-y-agar\" class=\"wp-block-heading\">McKnight y Agar<\/h2>\n\n\n\n<p class=\"wp-block-paragraph\">La historia de Agar ilustra particularmente bien esta perspectiva.<\/p>\n\n\n\n<p class=\"wp-block-paragraph\">El \u00c1ngel encuentra a Agar (<a href=\"https:\/\/biblia.com\/bible\/rvr60\/Ge16.7\">Gn 16:7<\/a>).<\/p>\n\n\n\n<p class=\"wp-block-paragraph\">Pero la experiencia termina con Agar hablando del Dios que la ha visto:<\/p>\n\n\n\n<blockquote class=\"wp-block-quote is-layout-flow wp-block-quote-is-layout-flow\">\n<p class=\"wp-block-paragraph\">\u201cT\u00fa eres Dios que ve\u201d (<a href=\"https:\/\/biblia.com\/bible\/rvr60\/Ge16.13\">Gn 16:13<\/a>).<\/p>\n<\/blockquote>\n\n\n\n<p class=\"wp-block-paragraph\">McKnight ha utilizado recientemente la historia de Agar precisamente para destacar que la aparici\u00f3n comunica la <strong>presencia del Dios que ve a la persona afligida<\/strong>, m\u00e1s que para convertir el episodio en una discusi\u00f3n meramente abstracta sobre clasificaci\u00f3n angelical.<sup data-fn=\"715cc109-943c-44ec-9f3f-992e32318e25\" class=\"fn\"><a href=\"#715cc109-943c-44ec-9f3f-992e32318e25\" id=\"715cc109-943c-44ec-9f3f-992e32318e25-link\">177<\/a><\/sup><\/p>\n\n\n\n<p class=\"wp-block-paragraph\">Este \u00e9nfasis resulta \u00fatil.<\/p>\n\n\n\n<p class=\"wp-block-paragraph\">Nuestro estudio puede llegar a obsesionarse con la pregunta:<\/p>\n\n\n\n<blockquote class=\"wp-block-quote is-layout-flow wp-block-quote-is-layout-flow\">\n<p class=\"wp-block-paragraph\">\u201c\u00bfqu\u00e9 naturaleza ten\u00eda el mensajero?\u201d<\/p>\n<\/blockquote>\n\n\n\n<p class=\"wp-block-paragraph\">y olvidar lo que el relato pretende comunicar:<\/p>\n\n\n\n<blockquote class=\"wp-block-quote is-layout-flow wp-block-quote-is-layout-flow\">\n<p class=\"wp-block-paragraph\"><strong>Yahv\u00e9 ha visto, o\u00eddo y respondido a Agar.<\/strong><\/p>\n<\/blockquote>\n\n\n\n<p class=\"wp-block-paragraph\">La cuesti\u00f3n ontol\u00f3gica es leg\u00edtima.<\/p>\n\n\n\n<p class=\"wp-block-paragraph\">Pero debe mantenerse vinculada con la funci\u00f3n teol\u00f3gica de la teofan\u00eda.<\/p>\n\n\n\n<h2 id=\"una-comparacion-entre-erickson-grudem-heiser-grenz-y-mcknight\" class=\"wp-block-heading\">Una comparaci\u00f3n entre Erickson, Grudem, Heiser, Grenz y McKnight<\/h2>\n\n\n\n<p class=\"wp-block-paragraph\">A estas alturas podemos distinguir claramente sus aportaciones.<\/p>\n\n\n\n<p class=\"wp-block-paragraph\"><strong>Erickson<\/strong> mantiene abierta la discusi\u00f3n entre \u00e1ngel especial, teofan\u00eda y cristofan\u00eda, aunque considera m\u00e1s adecuadas las opciones que toman seriamente la identificaci\u00f3n divina.<\/p>\n\n\n\n<p class=\"wp-block-paragraph\"><strong>Grudem<\/strong> adopta una posici\u00f3n m\u00e1s expl\u00edcita: determinados textos muestran al \u00c1ngel como Dios mismo, posiblemente espec\u00edficamente como Dios Hijo en una aparici\u00f3n temporal.<\/p>\n\n\n\n<p class=\"wp-block-paragraph\"><strong>Heiser<\/strong> intenta reconstruir primero la cosmovisi\u00f3n veterotestamentaria y habla de una manifestaci\u00f3n visible de Yahv\u00e9 que puede distinguirse del Yahv\u00e9 trascendente, haciendo del \u201cNombre\u201d de <a href=\"https:\/\/biblia.com\/bible\/rvr60\/Ex23.21\">\u00c9xodo 23:21<\/a> una clave fundamental.<\/p>\n\n\n\n<p class=\"wp-block-paragraph\"><strong>Grenz<\/strong> aporta principalmente un marco trinitario contempor\u00e1neo para pensar unidad y distinci\u00f3n, pero no debe citarse como defensor directo de una cristofan\u00eda concreta si no contamos con el pasaje correspondiente.<\/p>\n\n\n\n<p class=\"wp-block-paragraph\"><strong>McKnight<\/strong> reconoce el car\u00e1cter extraordinario de determinados textos del \u00c1ngel y lo integra dentro de una teolog\u00eda m\u00e1s amplia de la presencia de Dios mediada por sus mensajeros.<\/p>\n\n\n\n<p class=\"wp-block-paragraph\">Estas diferencias son acad\u00e9micamente importantes porque impiden hablar vagamente de:<\/p>\n\n\n\n<blockquote class=\"wp-block-quote is-layout-flow wp-block-quote-is-layout-flow\">\n<p class=\"wp-block-paragraph\">\u201cla posici\u00f3n evang\u00e9lica\u201d.<\/p>\n<\/blockquote>\n\n\n\n<p class=\"wp-block-paragraph\">No existe una \u00fanica posici\u00f3n.<\/p>\n\n\n\n<h2 id=\"el-verdadero-punto-de-desacuerdo\" class=\"wp-block-heading\">El verdadero punto de desacuerdo<\/h2>\n\n\n\n<p class=\"wp-block-paragraph\">En realidad, la mayor\u00eda de estas interpretaciones pueden aceptar varios de los mismos datos.<\/p>\n\n\n\n<p class=\"wp-block-paragraph\">Todos pueden reconocer que:<\/p>\n\n\n\n<p class=\"wp-block-paragraph\"><em>mal\u02beakh<\/em> significa mensajero;<\/p>\n\n\n\n<p class=\"wp-block-paragraph\">el \u00c1ngel es enviado;<\/p>\n\n\n\n<p class=\"wp-block-paragraph\">en algunos textos es distinguido de Yahv\u00e9;<\/p>\n\n\n\n<p class=\"wp-block-paragraph\">en otros habla como Yahv\u00e9;<\/p>\n\n\n\n<p class=\"wp-block-paragraph\">y determinadas narraciones lo relacionan extraordinariamente con la presencia divina.<\/p>\n\n\n\n<p class=\"wp-block-paragraph\">El verdadero desacuerdo aparece al interpretar <strong>qu\u00e9 implica esa representaci\u00f3n<\/strong>.<\/p>\n\n\n\n<p class=\"wp-block-paragraph\">El modelo de agencia afirma:<\/p>\n\n\n\n<blockquote class=\"wp-block-quote is-layout-flow wp-block-quote-is-layout-flow\">\n<p class=\"wp-block-paragraph\">representaci\u00f3n completa sin identidad ontol\u00f3gica.<\/p>\n<\/blockquote>\n\n\n\n<p class=\"wp-block-paragraph\">La teofan\u00eda afirma:<\/p>\n\n\n\n<blockquote class=\"wp-block-quote is-layout-flow wp-block-quote-is-layout-flow\">\n<p class=\"wp-block-paragraph\">manifestaci\u00f3n real de Dios.<\/p>\n<\/blockquote>\n\n\n\n<p class=\"wp-block-paragraph\">La cristofan\u00eda a\u00f1ade:<\/p>\n\n\n\n<blockquote class=\"wp-block-quote is-layout-flow wp-block-quote-is-layout-flow\">\n<p class=\"wp-block-paragraph\">esa manifestaci\u00f3n es espec\u00edficamente el Hijo.<\/p>\n<\/blockquote>\n\n\n\n<p class=\"wp-block-paragraph\">Heiser propone:<\/p>\n\n\n\n<blockquote class=\"wp-block-quote is-layout-flow wp-block-quote-is-layout-flow\">\n<p class=\"wp-block-paragraph\">una antigua diferenciaci\u00f3n visible\/invisible dentro de la identidad de Yahv\u00e9 que posteriormente resulta compatible con una lectura cristol\u00f3gica.<\/p>\n<\/blockquote>\n\n\n\n<p class=\"wp-block-paragraph\">Esta diferenciaci\u00f3n entre niveles resulta indispensable.<\/p>\n\n\n\n<h2 id=\"una-evaluacion-provisional\" class=\"wp-block-heading\">Una evaluaci\u00f3n provisional<\/h2>\n\n\n\n<p class=\"wp-block-paragraph\">Despu\u00e9s de recorrer las posiciones contempor\u00e1neas, parece dif\u00edcil reducir los grandes textos del \u00c1ngel a la categor\u00eda de un mensajero celestial completamente ordinario.<\/p>\n\n\n\n<p class=\"wp-block-paragraph\">Esto no significa todav\u00eda que la cristofan\u00eda haya sido demostrada.<\/p>\n\n\n\n<p class=\"wp-block-paragraph\">Significa algo m\u00e1s limitado, pero exeg\u00e9ticamente importante:<\/p>\n\n\n\n<blockquote class=\"wp-block-quote is-layout-flow wp-block-quote-is-layout-flow\">\n<p class=\"wp-block-paragraph\"><strong>en determinados pasajes, el \u00c1ngel funciona como una mediaci\u00f3n singular de la presencia de Yahv\u00e9, con una identificaci\u00f3n narrativa, nominal y funcional mucho m\u00e1s intensa que la encontrada normalmente en otros mensajeros.<\/strong><\/p>\n<\/blockquote>\n\n\n\n<p class=\"wp-block-paragraph\">El ejemplo m\u00e1s contundente contin\u00faa siendo la combinaci\u00f3n de:<\/p>\n\n\n\n<blockquote class=\"wp-block-quote is-layout-flow wp-block-quote-is-layout-flow\">\n<p class=\"wp-block-paragraph\">\u201cYo soy el Dios de Bet-el\u201d (<a href=\"https:\/\/biblia.com\/bible\/rvr60\/Ge31.13\">Gn 31:13<\/a>),<\/p>\n<\/blockquote>\n\n\n\n<blockquote class=\"wp-block-quote is-layout-flow wp-block-quote-is-layout-flow\">\n<p class=\"wp-block-paragraph\">\u201cYo soy el Dios de tu padre\u201d despu\u00e9s de la aparici\u00f3n del \u00c1ngel (<a href=\"https:\/\/biblia.com\/bible\/rvr60\/Ex3.2-6\">Ex 3:2\u20136<\/a>),<\/p>\n<\/blockquote>\n\n\n\n<p class=\"wp-block-paragraph\">y:<\/p>\n\n\n\n<blockquote class=\"wp-block-quote is-layout-flow wp-block-quote-is-layout-flow\">\n<p class=\"wp-block-paragraph\">\u201cmi nombre est\u00e1 en \u00e9l\u201d (<a href=\"https:\/\/biblia.com\/bible\/rvr60\/Ex23.21\">Ex 23:21<\/a>).<\/p>\n<\/blockquote>\n\n\n\n<p class=\"wp-block-paragraph\">La agencia puede explicar cada texto individualmente.<\/p>\n\n\n\n<p class=\"wp-block-paragraph\">Pero el argumento teof\u00e1nico pregunta si la <strong>acumulaci\u00f3n<\/strong> sugiere una relaci\u00f3n m\u00e1s profunda.<\/p>\n\n\n\n<h2 id=\"el-criterio-del-exceso-de-representacion\" class=\"wp-block-heading\">El criterio del \u201cexceso de representaci\u00f3n\u201d<\/h2>\n\n\n\n<p class=\"wp-block-paragraph\">Podr\u00edamos denominar a esta cuesti\u00f3n el problema del:<\/p>\n\n\n\n<blockquote class=\"wp-block-quote is-layout-flow wp-block-quote-is-layout-flow\">\n<p class=\"wp-block-paragraph\"><strong>\u201cexceso de representaci\u00f3n\u201d.<\/strong><\/p>\n<\/blockquote>\n\n\n\n<p class=\"wp-block-paragraph\">Todo mensajero representa.<\/p>\n\n\n\n<p class=\"wp-block-paragraph\">Pero no todo mensajero:<\/p>\n\n\n\n<p class=\"wp-block-paragraph\">habla como Dios;<\/p>\n\n\n\n<p class=\"wp-block-paragraph\">es llamado Dios;<\/p>\n\n\n\n<p class=\"wp-block-paragraph\">porta el Nombre divino;<\/p>\n\n\n\n<p class=\"wp-block-paragraph\">produce temor de haber visto a Dios;<\/p>\n\n\n\n<p class=\"wp-block-paragraph\">participa de la redenci\u00f3n;<\/p>\n\n\n\n<p class=\"wp-block-paragraph\">y aparece dentro de transiciones narrativas donde \u00c1ngel y Yahv\u00e9 parecen intercambiarse.<\/p>\n\n\n\n<p class=\"wp-block-paragraph\">Si estos elementos se concentran en una misma figura o tradici\u00f3n, debemos explicar por qu\u00e9.<\/p>\n\n\n\n<p class=\"wp-block-paragraph\">La teor\u00eda de agencia responde:<\/p>\n\n\n\n<blockquote class=\"wp-block-quote is-layout-flow wp-block-quote-is-layout-flow\">\n<p class=\"wp-block-paragraph\">porque se trata del representante supremo de Yahv\u00e9.<\/p>\n<\/blockquote>\n\n\n\n<p class=\"wp-block-paragraph\">La teor\u00eda teof\u00e1nica:<\/p>\n\n\n\n<blockquote class=\"wp-block-quote is-layout-flow wp-block-quote-is-layout-flow\">\n<p class=\"wp-block-paragraph\">porque es una manifestaci\u00f3n de Yahv\u00e9.<\/p>\n<\/blockquote>\n\n\n\n<p class=\"wp-block-paragraph\">La teor\u00eda cristof\u00e1nica:<\/p>\n\n\n\n<blockquote class=\"wp-block-quote is-layout-flow wp-block-quote-is-layout-flow\">\n<p class=\"wp-block-paragraph\">porque es el Logos.<\/p>\n<\/blockquote>\n\n\n\n<p class=\"wp-block-paragraph\">Heiser:<\/p>\n\n\n\n<blockquote class=\"wp-block-quote is-layout-flow wp-block-quote-is-layout-flow\">\n<p class=\"wp-block-paragraph\">porque es Yahv\u00e9 en su forma visible.<\/p>\n<\/blockquote>\n\n\n\n<p class=\"wp-block-paragraph\">El dato que todas intentan explicar es el mismo.<\/p>\n\n\n\n<h2 id=\"la-cuestion-cristologica-puede-ahora-formularse-mejor\" class=\"wp-block-heading\">La cuesti\u00f3n cristol\u00f3gica puede ahora formularse mejor<\/h2>\n\n\n\n<p class=\"wp-block-paragraph\">Despu\u00e9s de toda nuestra investigaci\u00f3n, ya no deber\u00edamos formular la defensa cristol\u00f3gica mediante:<\/p>\n\n\n\n<blockquote class=\"wp-block-quote is-layout-flow wp-block-quote-is-layout-flow\">\n<p class=\"wp-block-paragraph\">\u201cEl \u00c1ngel es Cristo porque dice Dios\u201d.<\/p>\n<\/blockquote>\n\n\n\n<p class=\"wp-block-paragraph\">Eso resulta demasiado simple.<\/p>\n\n\n\n<p class=\"wp-block-paragraph\">La pregunta m\u00e1s rigurosa es:<\/p>\n\n\n\n<blockquote class=\"wp-block-quote is-layout-flow wp-block-quote-is-layout-flow\">\n<p class=\"wp-block-paragraph\"><strong>Si el Antiguo Testamento presenta una figura distinguida de Yahv\u00e9 que, sin embargo, participa singularmente de su Nombre, voz, presencia y autoridad, y si el Nuevo Testamento presenta al Hijo como distinto del Padre pero incluido en la identidad, obra y gloria divinas, \u00bfes leg\u00edtimo interpretar retrospectivamente aquellas teofan\u00edas como manifestaciones del Logos preencarnado?<\/strong><\/p>\n<\/blockquote>\n\n\n\n<p class=\"wp-block-paragraph\">Esta formulaci\u00f3n ya no confunde ex\u00e9gesis hist\u00f3rica con teolog\u00eda can\u00f3nica.<\/p>\n\n\n\n<p class=\"wp-block-paragraph\">Permite reconocer:<\/p>\n\n\n\n<p class=\"wp-block-paragraph\">lo que el texto antiguo dice,<\/p>\n\n\n\n<p class=\"wp-block-paragraph\">lo que pudo significar dentro de Israel,<\/p>\n\n\n\n<p class=\"wp-block-paragraph\">y c\u00f3mo fue posteriormente rele\u00eddo dentro de la confesi\u00f3n cristiana.<\/p>\n\n\n\n<h2 id=\"conclusion-provisional\" class=\"wp-block-heading\">Conclusi\u00f3n provisional<\/h2>\n\n\n\n<p class=\"wp-block-paragraph\">La teolog\u00eda contempor\u00e1nea no ha eliminado el misterio del \u00c1ngel de Yahv\u00e9.<\/p>\n\n\n\n<p class=\"wp-block-paragraph\">En cierto sentido lo ha hecho m\u00e1s preciso.<\/p>\n\n\n\n<p class=\"wp-block-paragraph\">Erickson muestra que ninguna de las soluciones cl\u00e1sicas est\u00e1 completamente libre de dificultades.<\/p>\n\n\n\n<p class=\"wp-block-paragraph\">Grudem conserva la interpretaci\u00f3n cristof\u00e1nica tradicional, pero reconoce que no toda referencia angelical puede tratarse de la misma forma.<\/p>\n\n\n\n<p class=\"wp-block-paragraph\">Heiser intenta recuperar el trasfondo israelita de una manifestaci\u00f3n visible de Yahv\u00e9 antes de introducir la cristolog\u00eda.<\/p>\n\n\n\n<p class=\"wp-block-paragraph\">Grenz nos recuerda que una teolog\u00eda trinitaria debe pensar simult\u00e1neamente unidad y distinci\u00f3n sin convertirlas ni en modalismo ni en trite\u00edsmo.<\/p>\n\n\n\n<p class=\"wp-block-paragraph\">McKnight mantiene la angelolog\u00eda centrada en el Dios cuya presencia, amor y prop\u00f3sito los mensajeros hacen presentes.<\/p>\n\n\n\n<p class=\"wp-block-paragraph\">As\u00ed, el recorrido contempor\u00e1neo vuelve a situarnos delante de la paradoja inicial:<\/p>\n\n\n\n<blockquote class=\"wp-block-quote is-layout-flow wp-block-quote-is-layout-flow\">\n<p class=\"wp-block-paragraph\"><strong>el \u00c1ngel es enviado por Yahv\u00e9,<br>pero habla con su voz;<br>es distinguido de Dios,<br>pero puede ser experimentado como Dios;<br>porta un Nombre que no le pertenece de manera ordinaria,<br>y hace presente al Dios que lo env\u00eda.<\/strong><\/p>\n<\/blockquote>\n\n\n\n<p class=\"wp-block-paragraph\">La cuesti\u00f3n decisiva para la siguiente etapa ser\u00e1 evaluar sistem\u00e1ticamente los argumentos <strong>a favor y en contra de identificar al \u00c1ngel con el Cristo preencarnado<\/strong>, distinguiendo qu\u00e9 argumentos son realmente fuertes, cu\u00e1les son solamente posibles y cu\u00e1les dependen de presupuestos teol\u00f3gicos posteriores.<\/p>\n\n\n\n<h1 id=\"es-el-angel-de-yahve-el-cristo-preencarnado-evaluacion-de-los-principales-argumentos\" class=\"wp-block-heading\">\u00bfEs el \u00c1ngel de Yahv\u00e9 el Cristo preencarnado? Evaluaci\u00f3n de los principales argumentos<\/h1>\n\n\n\n<p class=\"wp-block-paragraph\">Despu\u00e9s de recorrer la ex\u00e9gesis veterotestamentaria, la recepci\u00f3n jud\u00eda, la interpretaci\u00f3n patr\u00edstica, la teolog\u00eda medieval y las principales propuestas modernas, podemos formular la pregunta central de manera mucho m\u00e1s precisa:<\/p>\n\n\n\n<blockquote class=\"wp-block-quote is-layout-flow wp-block-quote-is-layout-flow\">\n<p class=\"wp-block-paragraph\"><strong>\u00bfexiste evidencia suficiente para identificar al \u00c1ngel de Yahv\u00e9 con el Hijo preencarnado, o la figura debe entenderse principalmente como un mensajero celestial creado que representa plenamente a Dios?<\/strong><\/p>\n<\/blockquote>\n\n\n\n<p class=\"wp-block-paragraph\">La respuesta exige distinguir entre varios niveles de argumentaci\u00f3n.<\/p>\n\n\n\n<p class=\"wp-block-paragraph\">No todos los textos poseen el mismo peso.<\/p>\n\n\n\n<p class=\"wp-block-paragraph\">No todos los pasajes donde aparece un \u201c\u00e1ngel de Yahv\u00e9\u201d presentan caracter\u00edsticas divinas.<\/p>\n\n\n\n<p class=\"wp-block-paragraph\">Y no todas las conexiones cristol\u00f3gicas posteriores pueden retroproyectarse directamente sobre la intenci\u00f3n hist\u00f3rica original de los textos.<\/p>\n\n\n\n<p class=\"wp-block-paragraph\">Por ello, la evaluaci\u00f3n debe proceder de manera acumulativa.<\/p>\n\n\n\n<h2 id=\"primer-argumento-a-favor-el-angel-habla-como-dios-en-primera-persona\" class=\"wp-block-heading\">Primer argumento a favor: el \u00c1ngel habla como Dios en primera persona<\/h2>\n\n\n\n<p class=\"wp-block-paragraph\">Uno de los argumentos m\u00e1s repetidos a favor de la cristofan\u00eda es que el \u00c1ngel no se limita a transmitir mensajes de Yahv\u00e9 mediante f\u00f3rmulas como:<\/p>\n\n\n\n<blockquote class=\"wp-block-quote is-layout-flow wp-block-quote-is-layout-flow\">\n<p class=\"wp-block-paragraph\">\u201cAs\u00ed dice Yahv\u00e9\u201d.<\/p>\n<\/blockquote>\n\n\n\n<p class=\"wp-block-paragraph\">En determinados textos habla directamente como sujeto divino.<\/p>\n\n\n\n<p class=\"wp-block-paragraph\">A Agar declara:<\/p>\n\n\n\n<blockquote class=\"wp-block-quote is-layout-flow wp-block-quote-is-layout-flow\">\n<p class=\"wp-block-paragraph\">\u201cMultiplicar\u00e9 tanto tu descendencia&#8230;\u201d (<a href=\"https:\/\/biblia.com\/bible\/rvr60\/Ge16.10\">Gn 16:10<\/a>).<\/p>\n<\/blockquote>\n\n\n\n<p class=\"wp-block-paragraph\">A Abraham:<\/p>\n\n\n\n<blockquote class=\"wp-block-quote is-layout-flow wp-block-quote-is-layout-flow\">\n<p class=\"wp-block-paragraph\">\u201cno me rehusaste tu hijo\u201d (<a href=\"https:\/\/biblia.com\/bible\/rvr60\/Ge22.12\">Gn 22:12<\/a>).<\/p>\n<\/blockquote>\n\n\n\n<p class=\"wp-block-paragraph\">A Jacob:<\/p>\n\n\n\n<blockquote class=\"wp-block-quote is-layout-flow wp-block-quote-is-layout-flow\">\n<p class=\"wp-block-paragraph\">\u201cYo soy el Dios de Bet-el\u201d (<a href=\"https:\/\/biblia.com\/bible\/rvr60\/Ge31.13\">Gn 31:13<\/a>).<\/p>\n<\/blockquote>\n\n\n\n<p class=\"wp-block-paragraph\">Este \u00faltimo pasaje es especialmente importante porque la identificaci\u00f3n es extraordinariamente directa.<\/p>\n\n\n\n<p class=\"wp-block-paragraph\">El texto no dice:<\/p>\n\n\n\n<blockquote class=\"wp-block-quote is-layout-flow wp-block-quote-is-layout-flow\">\n<p class=\"wp-block-paragraph\">\u201cYo vengo de parte del Dios de Bet-el\u201d.<\/p>\n<\/blockquote>\n\n\n\n<p class=\"wp-block-paragraph\">Dice:<\/p>\n\n\n\n<blockquote class=\"wp-block-quote is-layout-flow wp-block-quote-is-layout-flow\">\n<p class=\"wp-block-paragraph\"><strong>\u201cYo soy el Dios de Bet-el\u201d.<\/strong><\/p>\n<\/blockquote>\n\n\n\n<p class=\"wp-block-paragraph\">Esto constituye evidencia real de una identificaci\u00f3n muy fuerte.<\/p>\n\n\n\n<p class=\"wp-block-paragraph\">Sin embargo, este argumento no es concluyente por s\u00ed solo.<\/p>\n\n\n\n<p class=\"wp-block-paragraph\">La teor\u00eda de agencia puede explicar que un enviado autorizado reproduzca literalmente el discurso de quien lo env\u00eda.<\/p>\n\n\n\n<p class=\"wp-block-paragraph\">Por tanto:<\/p>\n\n\n\n<blockquote class=\"wp-block-quote is-layout-flow wp-block-quote-is-layout-flow\">\n<p class=\"wp-block-paragraph\"><strong>primera persona divina = evidencia significativa, pero no demostraci\u00f3n absoluta de identidad ontol\u00f3gica.<\/strong><\/p>\n<\/blockquote>\n\n\n\n<p class=\"wp-block-paragraph\">La fuerza del argumento aparece solamente cuando se combina con otros fen\u00f3menos.<\/p>\n\n\n\n<h2 id=\"segundo-argumento-el-narrador-mismo-alterna-entre-angel-y-yahve\" class=\"wp-block-heading\">Segundo argumento: el narrador mismo alterna entre \u00c1ngel y Yahv\u00e9<\/h2>\n\n\n\n<p class=\"wp-block-paragraph\">Este argumento es m\u00e1s fuerte.<\/p>\n\n\n\n<p class=\"wp-block-paragraph\">En <a href=\"https:\/\/biblia.com\/bible\/rvr60\/Ge16\">G\u00e9nesis 16<\/a>, el personaje es introducido como:<\/p>\n\n\n\n<blockquote class=\"wp-block-quote is-layout-flow wp-block-quote-is-layout-flow\">\n<p class=\"wp-block-paragraph\">\u201cel \u00c1ngel de Jehov\u00e1\u201d (<a href=\"https:\/\/biblia.com\/bible\/rvr60\/Ge16.7\">Gn 16:7<\/a>),<\/p>\n<\/blockquote>\n\n\n\n<p class=\"wp-block-paragraph\">pero al final el narrador habla de:<\/p>\n\n\n\n<blockquote class=\"wp-block-quote is-layout-flow wp-block-quote-is-layout-flow\">\n<p class=\"wp-block-paragraph\">\u201cJehov\u00e1 que con ella hablaba\u201d (<a href=\"https:\/\/biblia.com\/bible\/rvr60\/Ge16.13\">Gn 16:13<\/a>).<\/p>\n<\/blockquote>\n\n\n\n<p class=\"wp-block-paragraph\">En <a href=\"https:\/\/biblia.com\/bible\/rvr60\/Ex3\">\u00c9xodo 3<\/a>:<\/p>\n\n\n\n<blockquote class=\"wp-block-quote is-layout-flow wp-block-quote-is-layout-flow\">\n<p class=\"wp-block-paragraph\">\u201cse le apareci\u00f3 el \u00c1ngel de Jehov\u00e1\u201d (<a href=\"https:\/\/biblia.com\/bible\/rvr60\/Ex3.2\">Ex 3:2<\/a>),<\/p>\n<\/blockquote>\n\n\n\n<p class=\"wp-block-paragraph\">pero:<\/p>\n\n\n\n<blockquote class=\"wp-block-quote is-layout-flow wp-block-quote-is-layout-flow\">\n<p class=\"wp-block-paragraph\">\u201cViendo Jehov\u00e1 que \u00e9l iba a ver, lo llam\u00f3 Dios de en medio de la zarza\u201d (<a href=\"https:\/\/biblia.com\/bible\/rvr60\/Ex3.4\">Ex 3:4<\/a>).<\/p>\n<\/blockquote>\n\n\n\n<p class=\"wp-block-paragraph\">En <a href=\"https:\/\/biblia.com\/bible\/rvr60\/Jdg6\">Jueces 6<\/a>:<\/p>\n\n\n\n<blockquote class=\"wp-block-quote is-layout-flow wp-block-quote-is-layout-flow\">\n<p class=\"wp-block-paragraph\">\u201cvino el \u00e1ngel de Jehov\u00e1\u201d (<a href=\"https:\/\/biblia.com\/bible\/rvr60\/Jdg6.11\">Jue 6:11<\/a>),<\/p>\n<\/blockquote>\n\n\n\n<p class=\"wp-block-paragraph\">pero poco despu\u00e9s:<\/p>\n\n\n\n<blockquote class=\"wp-block-quote is-layout-flow wp-block-quote-is-layout-flow\">\n<p class=\"wp-block-paragraph\">\u201cmir\u00e1ndole Jehov\u00e1&#8230;\u201d (<a href=\"https:\/\/biblia.com\/bible\/rvr60\/Jdg6.14\">Jue 6:14<\/a>).<\/p>\n<\/blockquote>\n\n\n\n<p class=\"wp-block-paragraph\">Aqu\u00ed ya no estamos simplemente ante un mensajero que utiliza la primera persona del remitente.<\/p>\n\n\n\n<p class=\"wp-block-paragraph\">Estamos ante <strong>la voz narrativa identificando al personaje con Yahv\u00e9<\/strong>.<\/p>\n\n\n\n<p class=\"wp-block-paragraph\">Este dato constituye uno de los argumentos m\u00e1s fuertes contra una teor\u00eda de agencia ordinaria.<\/p>\n\n\n\n<p class=\"wp-block-paragraph\">La agencia puede explicar el discurso.<\/p>\n\n\n\n<p class=\"wp-block-paragraph\">Explica con m\u00e1s dificultad la <strong>identificaci\u00f3n narrativa<\/strong>.<\/p>\n\n\n\n<p class=\"wp-block-paragraph\">Andrew Malone ha insistido precisamente en este punto al responder a propuestas que explican el fen\u00f3meno exclusivamente mediante representaci\u00f3n: el problema consiste en demostrar que el \u00c1ngel puede distinguirse claramente de Yahv\u00e9 en los textos donde la narraci\u00f3n parece borrarlo.<sup data-fn=\"20b604bd-34fe-4a95-b5eb-c2d3eb7bf4b3\" class=\"fn\"><a href=\"#20b604bd-34fe-4a95-b5eb-c2d3eb7bf4b3\" id=\"20b604bd-34fe-4a95-b5eb-c2d3eb7bf4b3-link\">178<\/a><\/sup><\/p>\n\n\n\n<p class=\"wp-block-paragraph\">Este argumento favorece de manera importante una interpretaci\u00f3n teof\u00e1nica.<\/p>\n\n\n\n<p class=\"wp-block-paragraph\">Pero todav\u00eda no demuestra espec\u00edficamente:<\/p>\n\n\n\n<blockquote class=\"wp-block-quote is-layout-flow wp-block-quote-is-layout-flow\">\n<p class=\"wp-block-paragraph\"><strong>Hijo preencarnado.<\/strong><\/p>\n<\/blockquote>\n\n\n\n<p class=\"wp-block-paragraph\">Demuestra con mayor fuerza:<\/p>\n\n\n\n<blockquote class=\"wp-block-quote is-layout-flow wp-block-quote-is-layout-flow\">\n<p class=\"wp-block-paragraph\"><strong>manifestaci\u00f3n divina.<\/strong><\/p>\n<\/blockquote>\n\n\n\n<p class=\"wp-block-paragraph\">La cristofan\u00eda requiere un paso adicional.<\/p>\n\n\n\n<h2 id=\"tercer-argumento-mi-nombre-esta-en-el\" class=\"wp-block-heading\">Tercer argumento: \u201cmi Nombre est\u00e1 en \u00e9l\u201d<\/h2>\n\n\n\n<p class=\"wp-block-paragraph\"><a href=\"https:\/\/biblia.com\/bible\/rvr60\/Ex23.20-21\">\u00c9xodo 23:20\u201321<\/a> constituye probablemente el argumento m\u00e1s importante.<\/p>\n\n\n\n<p class=\"wp-block-paragraph\">Yahv\u00e9 declara:<\/p>\n\n\n\n<blockquote class=\"wp-block-quote is-layout-flow wp-block-quote-is-layout-flow\">\n<p class=\"wp-block-paragraph\">\u201cHe aqu\u00ed yo env\u00edo mi \u00c1ngel delante de ti\u201d.<\/p>\n<\/blockquote>\n\n\n\n<p class=\"wp-block-paragraph\">Esto establece distinci\u00f3n.<\/p>\n\n\n\n<p class=\"wp-block-paragraph\">Pero a\u00f1ade:<\/p>\n\n\n\n<blockquote class=\"wp-block-quote is-layout-flow wp-block-quote-is-layout-flow\">\n<p class=\"wp-block-paragraph\">\u201cmi nombre est\u00e1 en \u00e9l\u201d.<\/p>\n<\/blockquote>\n\n\n\n<p class=\"wp-block-paragraph\">El hebreo:<\/p>\n\n\n\n<blockquote class=\"wp-block-quote is-layout-flow wp-block-quote-is-layout-flow\">\n<p class=\"wp-block-paragraph\">\u05db\u05b4\u05bc\u05d9 \u05e9\u05b0\u05c1\u05de\u05b4\u05d9 \u05d1\u05b0\u05bc\u05e7\u05b4\u05e8\u05b0\u05d1\u05bc\u05d5\u05b9<br><em>k\u00ee \u0161\u0115m\u00ee beqirb\u00f4<\/em><\/p>\n<\/blockquote>\n\n\n\n<p class=\"wp-block-paragraph\">puede traducirse literalmente:<\/p>\n\n\n\n<blockquote class=\"wp-block-quote is-layout-flow wp-block-quote-is-layout-flow\">\n<p class=\"wp-block-paragraph\">\u201cporque mi Nombre est\u00e1 en su interior\u201d.<\/p>\n<\/blockquote>\n\n\n\n<p class=\"wp-block-paragraph\">El Nombre de Yahv\u00e9, dentro del Antiguo Testamento, est\u00e1 estrechamente relacionado con su presencia y autoridad.<\/p>\n\n\n\n<p class=\"wp-block-paragraph\">Por ello, la afirmaci\u00f3n parece ir m\u00e1s all\u00e1 de:<\/p>\n\n\n\n<blockquote class=\"wp-block-quote is-layout-flow wp-block-quote-is-layout-flow\">\n<p class=\"wp-block-paragraph\">\u201ceste \u00e1ngel posee una carta de autorizaci\u00f3n\u201d.<\/p>\n<\/blockquote>\n\n\n\n<p class=\"wp-block-paragraph\">El texto fundamenta la obligaci\u00f3n de obedecer al \u00c1ngel precisamente en que el Nombre divino est\u00e1 en \u00e9l.<\/p>\n\n\n\n<p class=\"wp-block-paragraph\">Michael Heiser considera este dato fundamental para su interpretaci\u00f3n del \u00c1ngel como manifestaci\u00f3n visible de Yahv\u00e9.<sup data-fn=\"dab51727-054b-4b32-8757-b3f5a668ee09\" class=\"fn\"><a href=\"#dab51727-054b-4b32-8757-b3f5a668ee09\" id=\"dab51727-054b-4b32-8757-b3f5a668ee09-link\">179<\/a><\/sup><\/p>\n\n\n\n<p class=\"wp-block-paragraph\">Benjamin Sommer ofrece un marco conceptual diferente, pero relacionado: determinadas concepciones antiguas permit\u00edan que una manifestaci\u00f3n localizada participara realmente de la identidad de la divinidad sin constituir otra deidad independiente.<sup data-fn=\"8dd04197-4a22-4d6f-8673-60b4d7ba66ce\" class=\"fn\"><a href=\"#8dd04197-4a22-4d6f-8673-60b4d7ba66ce\" id=\"8dd04197-4a22-4d6f-8673-60b4d7ba66ce-link\">180<\/a><\/sup><\/p>\n\n\n\n<p class=\"wp-block-paragraph\">El argumento del Nombre constituye, por tanto, una de las razones m\u00e1s fuertes para considerar al \u00c1ngel <strong>algo m\u00e1s que un emisario corriente<\/strong>.<\/p>\n\n\n\n<p class=\"wp-block-paragraph\">Sin embargo, la tradici\u00f3n jud\u00eda demuestra que portar el Nombre puede entenderse como representaci\u00f3n extraordinaria sin convertir al portador en Dios.<\/p>\n\n\n\n<p class=\"wp-block-paragraph\">Por ello:<\/p>\n\n\n\n<blockquote class=\"wp-block-quote is-layout-flow wp-block-quote-is-layout-flow\">\n<p class=\"wp-block-paragraph\"><strong>\u201cmi Nombre est\u00e1 en \u00e9l\u201d favorece fuertemente una relaci\u00f3n excepcional con la identidad divina, pero no resuelve por s\u00ed solo la ontolog\u00eda del personaje.<\/strong><\/p>\n<\/blockquote>\n\n\n\n<h2 id=\"cuarto-argumento-el-angel-puede-estar-relacionado-con-perdon-y-pecado\" class=\"wp-block-heading\">Cuarto argumento: el \u00c1ngel puede estar relacionado con perd\u00f3n y pecado<\/h2>\n\n\n\n<p class=\"wp-block-paragraph\">\u00c9xodo 23 contin\u00faa:<\/p>\n\n\n\n<blockquote class=\"wp-block-quote is-layout-flow wp-block-quote-is-layout-flow\">\n<p class=\"wp-block-paragraph\">\u201cno le seas rebelde; porque \u00e9l no perdonar\u00e1 vuestra rebeli\u00f3n\u201d (<a href=\"https:\/\/biblia.com\/bible\/rvr60\/Ex23.21\">Ex 23:21<\/a>).<\/p>\n<\/blockquote>\n\n\n\n<p class=\"wp-block-paragraph\">En Zacar\u00edas 3, el \u00c1ngel participa de una escena donde la iniquidad de Josu\u00e9 es retirada:<\/p>\n\n\n\n<blockquote class=\"wp-block-quote is-layout-flow wp-block-quote-is-layout-flow\">\n<p class=\"wp-block-paragraph\">\u201cMira que he quitado de ti tu pecado\u201d (<a href=\"https:\/\/biblia.com\/bible\/rvr60\/Zec3.4\">Zac 3:4<\/a>).<\/p>\n<\/blockquote>\n\n\n\n<p class=\"wp-block-paragraph\">La tradici\u00f3n cristiana ha considerado estos textos importantes porque el perd\u00f3n de pecado pertenece en \u00faltimo t\u00e9rmino a Dios.<\/p>\n\n\n\n<p class=\"wp-block-paragraph\">Sin embargo, este argumento debe manejarse con mayor cautela que los anteriores.<\/p>\n\n\n\n<p class=\"wp-block-paragraph\">Un juez, sacerdote o mensajero autorizado puede <strong>declarar<\/strong> perd\u00f3n sin ser la fuente \u00faltima del perd\u00f3n.<\/p>\n\n\n\n<p class=\"wp-block-paragraph\">En \u00c9xodo 23, adem\u00e1s, \u201cno perdonar\u00e1\u201d puede significar que el \u00c1ngel no pasar\u00e1 por alto la rebeli\u00f3n en el cumplimiento de su comisi\u00f3n.<\/p>\n\n\n\n<p class=\"wp-block-paragraph\">Por tanto:<\/p>\n\n\n\n<blockquote class=\"wp-block-quote is-layout-flow wp-block-quote-is-layout-flow\">\n<p class=\"wp-block-paragraph\"><strong>la relaci\u00f3n con pecado y perd\u00f3n es significativa, pero no constituye un argumento independiente fuerte de divinidad.<\/strong><\/p>\n<\/blockquote>\n\n\n\n<p class=\"wp-block-paragraph\">Su peso aparece solamente dentro del conjunto.<\/p>\n\n\n\n<h2 id=\"quinto-argumento-el-angel-recibe-una-reaccion-propia-de-una-teofania\" class=\"wp-block-heading\">Quinto argumento: el \u00c1ngel recibe una reacci\u00f3n propia de una teofan\u00eda<\/h2>\n\n\n\n<p class=\"wp-block-paragraph\">Gede\u00f3n teme morir despu\u00e9s de comprender que ha visto al \u00c1ngel:<\/p>\n\n\n\n<blockquote class=\"wp-block-quote is-layout-flow wp-block-quote-is-layout-flow\">\n<p class=\"wp-block-paragraph\">\u201che visto al \u00e1ngel de Jehov\u00e1 cara a cara\u201d (<a href=\"https:\/\/biblia.com\/bible\/rvr60\/Jdg6.22\">Jue 6:22<\/a>).<\/p>\n<\/blockquote>\n\n\n\n<p class=\"wp-block-paragraph\">Manoa dice:<\/p>\n\n\n\n<blockquote class=\"wp-block-quote is-layout-flow wp-block-quote-is-layout-flow\">\n<p class=\"wp-block-paragraph\">\u201cCiertamente moriremos, porque a Dios hemos visto\u201d (<a href=\"https:\/\/biblia.com\/bible\/rvr60\/Jdg13.22\">Jue 13:22<\/a>).<\/p>\n<\/blockquote>\n\n\n\n<p class=\"wp-block-paragraph\">Estas reacciones reflejan la antigua concepci\u00f3n de que contemplar la presencia divina pod\u00eda ser mortal:<\/p>\n\n\n\n<blockquote class=\"wp-block-quote is-layout-flow wp-block-quote-is-layout-flow\">\n<p class=\"wp-block-paragraph\">\u201cno me ver\u00e1 hombre, y vivir\u00e1\u201d (<a href=\"https:\/\/biblia.com\/bible\/rvr60\/Ex33.20\">Ex 33:20<\/a>).<\/p>\n<\/blockquote>\n\n\n\n<p class=\"wp-block-paragraph\">La fuerza del argumento reside especialmente en Jueces 13.<\/p>\n\n\n\n<p class=\"wp-block-paragraph\">El narrador afirma:<\/p>\n\n\n\n<blockquote class=\"wp-block-quote is-layout-flow wp-block-quote-is-layout-flow\">\n<p class=\"wp-block-paragraph\">\u201cconoci\u00f3 Manoa que era el \u00e1ngel de Jehov\u00e1\u201d (<a href=\"https:\/\/biblia.com\/bible\/rvr60\/Jdg13.21\">Jue 13:21<\/a>).<\/p>\n<\/blockquote>\n\n\n\n<p class=\"wp-block-paragraph\">Manoa concluye inmediatamente:<\/p>\n\n\n\n<blockquote class=\"wp-block-quote is-layout-flow wp-block-quote-is-layout-flow\">\n<p class=\"wp-block-paragraph\">\u201ca Dios hemos visto\u201d.<\/p>\n<\/blockquote>\n\n\n\n<p class=\"wp-block-paragraph\">Su esposa no corrige diciendo:<\/p>\n\n\n\n<blockquote class=\"wp-block-quote is-layout-flow wp-block-quote-is-layout-flow\">\n<p class=\"wp-block-paragraph\">\u201cno vimos a Dios, vimos solamente un \u00e1ngel\u201d.<\/p>\n<\/blockquote>\n\n\n\n<p class=\"wp-block-paragraph\">Corrige \u00fanicamente la conclusi\u00f3n:<\/p>\n\n\n\n<blockquote class=\"wp-block-quote is-layout-flow wp-block-quote-is-layout-flow\">\n<p class=\"wp-block-paragraph\">no moriremos, porque Yahv\u00e9 ha aceptado la ofrenda.<\/p>\n<\/blockquote>\n\n\n\n<p class=\"wp-block-paragraph\">Este detalle favorece una interpretaci\u00f3n teof\u00e1nica.<\/p>\n\n\n\n<p class=\"wp-block-paragraph\">Pero debemos reconocer que la percepci\u00f3n humana no equivale autom\u00e1ticamente a una definici\u00f3n ontol\u00f3gica del narrador.<\/p>\n\n\n\n<p class=\"wp-block-paragraph\">Una experiencia del representante de Dios puede ser descrita como experiencia de Dios.<\/p>\n\n\n\n<p class=\"wp-block-paragraph\">Por ello:<\/p>\n\n\n\n<blockquote class=\"wp-block-quote is-layout-flow wp-block-quote-is-layout-flow\">\n<p class=\"wp-block-paragraph\"><strong>la reacci\u00f3n teof\u00e1nica es evidencia importante, pero no conclusiva.<\/strong><\/p>\n<\/blockquote>\n\n\n\n<h2 id=\"sexto-argumento-el-angel-realiza-funciones-que-otros-textos-atribuyen-a-yahve\" class=\"wp-block-heading\">Sexto argumento: el \u00c1ngel realiza funciones que otros textos atribuyen a Yahv\u00e9<\/h2>\n\n\n\n<p class=\"wp-block-paragraph\">El \u00c1ngel:<\/p>\n\n\n\n<p class=\"wp-block-paragraph\">gu\u00eda a Israel (<a href=\"https:\/\/biblia.com\/bible\/rvr60\/Ex23.20-23\">Ex 23:20\u201323<\/a>);<\/p>\n\n\n\n<p class=\"wp-block-paragraph\">redime a Jacob (<a href=\"https:\/\/biblia.com\/bible\/rvr60\/Ge48.16\">Gn 48:16<\/a>);<\/p>\n\n\n\n<p class=\"wp-block-paragraph\">salva al pueblo (<a href=\"https:\/\/biblia.com\/bible\/rvr60\/Is63.9\">Is 63:9<\/a>);<\/p>\n\n\n\n<p class=\"wp-block-paragraph\">participa en la purificaci\u00f3n sacerdotal (<a href=\"https:\/\/biblia.com\/bible\/rvr60\/Zec3.1-5\">Zac 3:1\u20135<\/a>);<\/p>\n\n\n\n<p class=\"wp-block-paragraph\">habla con autoridad pactal.<\/p>\n\n\n\n<p class=\"wp-block-paragraph\">En otros textos, estas mismas acciones pertenecen directamente a Yahv\u00e9.<\/p>\n\n\n\n<p class=\"wp-block-paragraph\">Esto favorece la idea de una relaci\u00f3n extraordinariamente estrecha.<\/p>\n\n\n\n<p class=\"wp-block-paragraph\">Sin embargo, la agencia vuelve a proporcionar una explicaci\u00f3n posible:<\/p>\n\n\n\n<blockquote class=\"wp-block-quote is-layout-flow wp-block-quote-is-layout-flow\">\n<p class=\"wp-block-paragraph\">Dios realiza la acci\u00f3n mediante su enviado.<\/p>\n<\/blockquote>\n\n\n\n<p class=\"wp-block-paragraph\">La pregunta real es si la concentraci\u00f3n de todas estas funciones en la figura constituye un <strong>\u201cexceso de representaci\u00f3n\u201d<\/strong> que hace m\u00e1s probable la teofan\u00eda.<\/p>\n\n\n\n<p class=\"wp-block-paragraph\">Este es un argumento acumulativo y no individual.<\/p>\n\n\n\n<h2 id=\"septimo-argumento-a-favor-de-la-cristofania-la-invisibilidad-del-padre\" class=\"wp-block-heading\">S\u00e9ptimo argumento a favor de la cristofan\u00eda: la invisibilidad del Padre<\/h2>\n\n\n\n<p class=\"wp-block-paragraph\">La tradici\u00f3n cristiana antigua utiliz\u00f3 con frecuencia:<\/p>\n\n\n\n<blockquote class=\"wp-block-quote is-layout-flow wp-block-quote-is-layout-flow\">\n<p class=\"wp-block-paragraph\">\u201cA Dios nadie le vio jam\u00e1s\u201d (<a href=\"https:\/\/biblia.com\/bible\/rvr60\/Jn1.18\">Jn 1:18<\/a>),<\/p>\n<\/blockquote>\n\n\n\n<p class=\"wp-block-paragraph\">y:<\/p>\n\n\n\n<blockquote class=\"wp-block-quote is-layout-flow wp-block-quote-is-layout-flow\">\n<p class=\"wp-block-paragraph\">\u201cNo que alguno haya visto al Padre\u201d (<a href=\"https:\/\/biblia.com\/bible\/rvr60\/Jn6.46\">Jn 6:46<\/a>).<\/p>\n<\/blockquote>\n\n\n\n<p class=\"wp-block-paragraph\">Si el Padre no ha sido visto, pero Dios aparece visiblemente en el Antiguo Testamento, los Padres concluyeron:<\/p>\n\n\n\n<blockquote class=\"wp-block-quote is-layout-flow wp-block-quote-is-layout-flow\">\n<p class=\"wp-block-paragraph\">quien aparece es el Hijo.<\/p>\n<\/blockquote>\n\n\n\n<p class=\"wp-block-paragraph\">Este argumento fue especialmente importante para Justino.<\/p>\n\n\n\n<p class=\"wp-block-paragraph\">Sin embargo, despu\u00e9s de Agust\u00edn resulta evidente que el razonamiento no es concluyente.<\/p>\n\n\n\n<p class=\"wp-block-paragraph\">Padre, Hijo y Esp\u00edritu comparten una misma naturaleza divina invisible.<\/p>\n\n\n\n<p class=\"wp-block-paragraph\">Una teofan\u00eda visible puede producirse mediante una forma creada.<\/p>\n\n\n\n<p class=\"wp-block-paragraph\">Por tanto:<\/p>\n\n\n\n<blockquote class=\"wp-block-quote is-layout-flow wp-block-quote-is-layout-flow\">\n<p class=\"wp-block-paragraph\"><strong>invisibilidad del Padre + teofan\u00eda \u2260 demostraci\u00f3n autom\u00e1tica de cristofan\u00eda.<\/strong><\/p>\n<\/blockquote>\n\n\n\n<p class=\"wp-block-paragraph\">Este argumento es compatible con la cristofan\u00eda, pero por s\u00ed solo es d\u00e9bil.<\/p>\n\n\n\n<h2 id=\"octavo-argumento-cristo-aparece-activo-en-la-historia-de-israel\" class=\"wp-block-heading\">Octavo argumento: Cristo aparece activo en la historia de Israel<\/h2>\n\n\n\n<p class=\"wp-block-paragraph\">El Nuevo Testamento proporciona un argumento m\u00e1s fuerte.<\/p>\n\n\n\n<p class=\"wp-block-paragraph\">Pablo declara:<\/p>\n\n\n\n<blockquote class=\"wp-block-quote is-layout-flow wp-block-quote-is-layout-flow\">\n<p class=\"wp-block-paragraph\">\u201cla roca era Cristo\u201d (<a href=\"https:\/\/biblia.com\/bible\/rvr60\/1Co10.4\">1 Co 10:4<\/a>).<\/p>\n<\/blockquote>\n\n\n\n<p class=\"wp-block-paragraph\">Judas 5 posee una antigua y muy importante variante textual donde \u201cJes\u00fas\u201d aparece como quien salv\u00f3 al pueblo de Egipto.<\/p>\n\n\n\n<p class=\"wp-block-paragraph\">Juan afirma que Isa\u00edas:<\/p>\n\n\n\n<blockquote class=\"wp-block-quote is-layout-flow wp-block-quote-is-layout-flow\">\n<p class=\"wp-block-paragraph\">\u201cvio su gloria, y habl\u00f3 acerca de \u00e9l\u201d (<a href=\"https:\/\/biblia.com\/bible\/rvr60\/Jn12.41\">Jn 12:41<\/a>),<\/p>\n<\/blockquote>\n\n\n\n<p class=\"wp-block-paragraph\">en un contexto que remite a la visi\u00f3n de Yahv\u00e9 en <a href=\"https:\/\/biblia.com\/bible\/rvr60\/Is6\">Isa\u00edas 6<\/a>.<\/p>\n\n\n\n<p class=\"wp-block-paragraph\">Y Jes\u00fas declara:<\/p>\n\n\n\n<blockquote class=\"wp-block-quote is-layout-flow wp-block-quote-is-layout-flow\">\n<p class=\"wp-block-paragraph\">\u201cAntes que Abraham fuese, yo soy\u201d (<a href=\"https:\/\/biblia.com\/bible\/rvr60\/Jn8.58\">Jn 8:58<\/a>).<\/p>\n<\/blockquote>\n\n\n\n<p class=\"wp-block-paragraph\">Estos textos establecen algo importante:<\/p>\n\n\n\n<blockquote class=\"wp-block-quote is-layout-flow wp-block-quote-is-layout-flow\">\n<p class=\"wp-block-paragraph\"><strong>el Nuevo Testamento considera leg\u00edtimo situar a Cristo dentro de la historia veterotestamentaria anterior a su encarnaci\u00f3n.<\/strong><\/p>\n<\/blockquote>\n\n\n\n<p class=\"wp-block-paragraph\">Este es uno de los argumentos m\u00e1s fuertes para la <strong>posibilidad can\u00f3nica<\/strong> de una cristofan\u00eda.<\/p>\n\n\n\n<p class=\"wp-block-paragraph\">Pero todav\u00eda no demuestra:<\/p>\n\n\n\n<blockquote class=\"wp-block-quote is-layout-flow wp-block-quote-is-layout-flow\">\n<p class=\"wp-block-paragraph\"><strong>el \u00c1ngel de Yahv\u00e9 = Cristo.<\/strong><\/p>\n<\/blockquote>\n\n\n\n<p class=\"wp-block-paragraph\">Demuestra:<\/p>\n\n\n\n<blockquote class=\"wp-block-quote is-layout-flow wp-block-quote-is-layout-flow\">\n<p class=\"wp-block-paragraph\"><strong>Cristo puede ser identificado retrospectivamente con formas de presencia divina anteriores.<\/strong><\/p>\n<\/blockquote>\n\n\n\n<p class=\"wp-block-paragraph\">El argumento cristof\u00e1nico requiere entonces combinar este dato con los textos teof\u00e1nicos del \u00c1ngel.<\/p>\n\n\n\n<h2 id=\"primer-argumento-en-contra-el-angel-es-explicitamente-enviado\" class=\"wp-block-heading\">Primer argumento en contra: el \u00c1ngel es expl\u00edcitamente enviado<\/h2>\n\n\n\n<p class=\"wp-block-paragraph\">El argumento m\u00e1s obvio en contra de identificarlo simplemente con Yahv\u00e9 es el lenguaje de env\u00edo.<\/p>\n\n\n\n<blockquote class=\"wp-block-quote is-layout-flow wp-block-quote-is-layout-flow\">\n<p class=\"wp-block-paragraph\">\u201cYo env\u00edo mi \u00c1ngel\u201d (<a href=\"https:\/\/biblia.com\/bible\/rvr60\/Ex23.20\">Ex 23:20<\/a>).<\/p>\n<\/blockquote>\n\n\n\n<p class=\"wp-block-paragraph\">Enviar y ser enviado implica distinci\u00f3n.<\/p>\n\n\n\n<p class=\"wp-block-paragraph\">Esta dificultad es real.<\/p>\n\n\n\n<p class=\"wp-block-paragraph\">Una interpretaci\u00f3n jud\u00eda la entiende de manera sencilla:<\/p>\n\n\n\n<blockquote class=\"wp-block-quote is-layout-flow wp-block-quote-is-layout-flow\">\n<p class=\"wp-block-paragraph\">Dios env\u00eda a un ser creado.<\/p>\n<\/blockquote>\n\n\n\n<p class=\"wp-block-paragraph\">Una interpretaci\u00f3n trinitaria responde:<\/p>\n\n\n\n<blockquote class=\"wp-block-quote is-layout-flow wp-block-quote-is-layout-flow\">\n<p class=\"wp-block-paragraph\">el Padre puede enviar al Hijo.<\/p>\n<\/blockquote>\n\n\n\n<p class=\"wp-block-paragraph\">El Nuevo Testamento utiliza precisamente este lenguaje:<\/p>\n\n\n\n<blockquote class=\"wp-block-quote is-layout-flow wp-block-quote-is-layout-flow\">\n<p class=\"wp-block-paragraph\">\u201cenvi\u00f3 Dios a su Hijo\u201d (<a href=\"https:\/\/biblia.com\/bible\/rvr60\/Ga4.4\">G\u00e1 4:4<\/a>).<\/p>\n<\/blockquote>\n\n\n\n<p class=\"wp-block-paragraph\">Por tanto, el argumento del env\u00edo demuestra:<\/p>\n\n\n\n<blockquote class=\"wp-block-quote is-layout-flow wp-block-quote-is-layout-flow\">\n<p class=\"wp-block-paragraph\"><strong>distinci\u00f3n<\/strong>,<\/p>\n<\/blockquote>\n\n\n\n<p class=\"wp-block-paragraph\">pero no necesariamente:<\/p>\n\n\n\n<blockquote class=\"wp-block-quote is-layout-flow wp-block-quote-is-layout-flow\">\n<p class=\"wp-block-paragraph\"><strong>naturaleza creada.<\/strong><\/p>\n<\/blockquote>\n\n\n\n<p class=\"wp-block-paragraph\">En realidad, este dato puede integrarse perfectamente dentro de una cristolog\u00eda trinitaria.<\/p>\n\n\n\n<p class=\"wp-block-paragraph\">Por ello, es un argumento fuerte contra la identificaci\u00f3n:<\/p>\n\n\n\n<blockquote class=\"wp-block-quote is-layout-flow wp-block-quote-is-layout-flow\">\n<p class=\"wp-block-paragraph\">\u201c\u00c1ngel = Padre\/Yahv\u00e9 sin distinci\u00f3n\u201d,<\/p>\n<\/blockquote>\n\n\n\n<p class=\"wp-block-paragraph\">pero no contra:<\/p>\n\n\n\n<blockquote class=\"wp-block-quote is-layout-flow wp-block-quote-is-layout-flow\">\n<p class=\"wp-block-paragraph\">\u201c\u00c1ngel = Hijo enviado\u201d.<\/p>\n<\/blockquote>\n\n\n\n<h2 id=\"segundo-argumento-en-contra-el-angel-habla-a-yahve\" class=\"wp-block-heading\">Segundo argumento en contra: el \u00c1ngel habla a Yahv\u00e9<\/h2>\n\n\n\n<p class=\"wp-block-paragraph\"><a href=\"https:\/\/biblia.com\/bible\/rvr60\/Zec1.12\">Zacar\u00edas 1:12<\/a> es todav\u00eda m\u00e1s fuerte:<\/p>\n\n\n\n<blockquote class=\"wp-block-quote is-layout-flow wp-block-quote-is-layout-flow\">\n<p class=\"wp-block-paragraph\">\u201cOh Jehov\u00e1 de los ej\u00e9rcitos, \u00bfhasta cu\u00e1ndo&#8230;?\u201d<\/p>\n<\/blockquote>\n\n\n\n<p class=\"wp-block-paragraph\">El \u00c1ngel claramente se dirige a Yahv\u00e9.<\/p>\n\n\n\n<p class=\"wp-block-paragraph\">Esto demuestra que no podemos decir:<\/p>\n\n\n\n<blockquote class=\"wp-block-quote is-layout-flow wp-block-quote-is-layout-flow\">\n<p class=\"wp-block-paragraph\">\u201c\u00c1ngel y Yahv\u00e9 son siempre simplemente el mismo personaje sin distinci\u00f3n\u201d.<\/p>\n<\/blockquote>\n\n\n\n<p class=\"wp-block-paragraph\">Sin embargo, nuevamente una lectura trinitaria puede responder:<\/p>\n\n\n\n<blockquote class=\"wp-block-quote is-layout-flow wp-block-quote-is-layout-flow\">\n<p class=\"wp-block-paragraph\">el Hijo habla al Padre.<\/p>\n<\/blockquote>\n\n\n\n<p class=\"wp-block-paragraph\">El verdadero problema no es la posibilidad teol\u00f3gica.<\/p>\n\n\n\n<p class=\"wp-block-paragraph\">Es la evidencia exeg\u00e9tica.<\/p>\n\n\n\n<p class=\"wp-block-paragraph\">\u00bfExiste algo en Zacar\u00edas que indique que el \u00c1ngel sea espec\u00edficamente una persona divina y no simplemente un \u00e1ngel creado?<\/p>\n\n\n\n<p class=\"wp-block-paragraph\">La respuesta es mucho menos clara que en \u00c9xodo 3.<\/p>\n\n\n\n<p class=\"wp-block-paragraph\">Por ello, Zacar\u00edas constituye uno de los argumentos m\u00e1s importantes contra una identificaci\u00f3n <strong>universal<\/strong> de cada <em>mal\u02beakh YHWH<\/em> con Cristo.<\/p>\n\n\n\n<h2 id=\"tercer-argumento-en-contra-el-angel-dirige-el-sacrificio-a-yahve\" class=\"wp-block-heading\">Tercer argumento en contra: el \u00c1ngel dirige el sacrificio a Yahv\u00e9<\/h2>\n\n\n\n<p class=\"wp-block-paragraph\">En <a href=\"https:\/\/biblia.com\/bible\/rvr60\/Jdg13.16\">Jueces 13:16<\/a>, el \u00c1ngel dice:<\/p>\n\n\n\n<blockquote class=\"wp-block-quote is-layout-flow wp-block-quote-is-layout-flow\">\n<p class=\"wp-block-paragraph\">\u201csi quieres hacer holocausto, ofr\u00e9celo a Jehov\u00e1\u201d.<\/p>\n<\/blockquote>\n\n\n\n<p class=\"wp-block-paragraph\">Esto demuestra una distinci\u00f3n cultual importante.<\/p>\n\n\n\n<p class=\"wp-block-paragraph\">El \u00c1ngel no se presenta como una segunda deidad que recibe sacrificio independientemente.<\/p>\n\n\n\n<p class=\"wp-block-paragraph\">Pero esto no destruye necesariamente una lectura cristol\u00f3gica.<\/p>\n\n\n\n<p class=\"wp-block-paragraph\">El Nuevo Testamento mismo presenta al Hijo distingui\u00e9ndose del Padre y orientando su misi\u00f3n hacia \u00e9l.<\/p>\n\n\n\n<p class=\"wp-block-paragraph\">Lo que s\u00ed demuestra es que debemos abandonar afirmaciones apolog\u00e9ticas simplistas como:<\/p>\n\n\n\n<blockquote class=\"wp-block-quote is-layout-flow wp-block-quote-is-layout-flow\">\n<p class=\"wp-block-paragraph\">\u201cel \u00c1ngel acepta adoraci\u00f3n, por tanto es Dios\u201d.<\/p>\n<\/blockquote>\n\n\n\n<p class=\"wp-block-paragraph\">Jueces 13 es mucho m\u00e1s matizado.<\/p>\n\n\n\n<p class=\"wp-block-paragraph\">El sacrificio es expl\u00edcitamente:<\/p>\n\n\n\n<blockquote class=\"wp-block-quote is-layout-flow wp-block-quote-is-layout-flow\">\n<p class=\"wp-block-paragraph\"><strong>a Yahv\u00e9.<\/strong><\/p>\n<\/blockquote>\n\n\n\n<p class=\"wp-block-paragraph\">Por tanto, si el \u00c1ngel es cristof\u00e1nico, debe entenderse dentro de la unidad del culto al \u00fanico Dios, no como un segundo centro cultual independiente.<\/p>\n\n\n\n<h2 id=\"cuarto-argumento-en-contra-no-todo-angel-de-yahve-muestra-caracteristicas-divinas\" class=\"wp-block-heading\">Cuarto argumento en contra: no todo \u201c\u00c1ngel de Yahv\u00e9\u201d muestra caracter\u00edsticas divinas<\/h2>\n\n\n\n<p class=\"wp-block-paragraph\">Este argumento es decisivo.<\/p>\n\n\n\n<p class=\"wp-block-paragraph\">La expresi\u00f3n:<\/p>\n\n\n\n<blockquote class=\"wp-block-quote is-layout-flow wp-block-quote-is-layout-flow\">\n<p class=\"wp-block-paragraph\">\u05de\u05b7\u05dc\u05b0\u05d0\u05b7\u05da\u05b0 \u05d9\u05b0\u05d4\u05d5\u05b8\u05d4<br><em>mal\u02beakh YHWH<\/em><\/p>\n<\/blockquote>\n\n\n\n<p class=\"wp-block-paragraph\">no funciona necesariamente como nombre propio t\u00e9cnico de un solo individuo.<\/p>\n\n\n\n<p class=\"wp-block-paragraph\">Un \u201c\u00e1ngel de Yahv\u00e9\u201d puede ser simplemente un mensajero enviado por Dios.<\/p>\n\n\n\n<p class=\"wp-block-paragraph\">Por ejemplo, en distintos textos los mensajeros angelicales realizan tareas ordinarias sin que aparezca identificaci\u00f3n divina.<\/p>\n\n\n\n<p class=\"wp-block-paragraph\">El Nuevo Testamento utiliza igualmente:<\/p>\n\n\n\n<blockquote class=\"wp-block-quote is-layout-flow wp-block-quote-is-layout-flow\">\n<p class=\"wp-block-paragraph\">\u1f04\u03b3\u03b3\u03b5\u03bb\u03bf\u03c2 \u03ba\u03c5\u03c1\u03af\u03bf\u03c5<br>\u201c\u00e1ngel del Se\u00f1or\u201d<\/p>\n<\/blockquote>\n\n\n\n<p class=\"wp-block-paragraph\">para mensajeros creados (<a href=\"https:\/\/biblia.com\/bible\/rvr60\/Mt1.20\">Mt 1:20<\/a>; <a href=\"https:\/\/biblia.com\/bible\/rvr60\/Ac12.7\">Hch 12:7<\/a>).<\/p>\n\n\n\n<p class=\"wp-block-paragraph\">Por tanto, debemos rechazar definitivamente el argumento:<\/p>\n\n\n\n<blockquote class=\"wp-block-quote is-layout-flow wp-block-quote-is-layout-flow\">\n<p class=\"wp-block-paragraph\"><strong>\u201cLa expresi\u00f3n \u2018\u00c1ngel del Se\u00f1or\u2019 siempre significa Cristo.\u201d<\/strong><\/p>\n<\/blockquote>\n\n\n\n<p class=\"wp-block-paragraph\">No es sostenible.<\/p>\n\n\n\n<p class=\"wp-block-paragraph\">La identificaci\u00f3n debe decidirse <strong>contextualmente<\/strong>.<\/p>\n\n\n\n<h2 id=\"quinto-argumento-en-contra-la-cristologia-no-esta-explicita-en-el-antiguo-testamento\" class=\"wp-block-heading\">Quinto argumento en contra: la cristolog\u00eda no est\u00e1 expl\u00edcita en el Antiguo Testamento<\/h2>\n\n\n\n<p class=\"wp-block-paragraph\">Este argumento pertenece al nivel hist\u00f3rico.<\/p>\n\n\n\n<p class=\"wp-block-paragraph\">Ning\u00fan texto veterotestamentario afirma:<\/p>\n\n\n\n<blockquote class=\"wp-block-quote is-layout-flow wp-block-quote-is-layout-flow\">\n<p class=\"wp-block-paragraph\">\u201ceste \u00c1ngel es el Hijo eterno que posteriormente se encarnar\u00e1 como Jes\u00fas de Nazaret\u201d.<\/p>\n<\/blockquote>\n\n\n\n<p class=\"wp-block-paragraph\">Por tanto, una identificaci\u00f3n cristof\u00e1nica expl\u00edcita pertenece a una <strong>lectura can\u00f3nica posterior<\/strong>.<\/p>\n\n\n\n<p class=\"wp-block-paragraph\">Esto no significa necesariamente que sea ileg\u00edtima.<\/p>\n\n\n\n<p class=\"wp-block-paragraph\">Pero debemos formularla correctamente.<\/p>\n\n\n\n<p class=\"wp-block-paragraph\">Desde el punto de vista hist\u00f3rico-cr\u00edtico:<\/p>\n\n\n\n<blockquote class=\"wp-block-quote is-layout-flow wp-block-quote-is-layout-flow\">\n<p class=\"wp-block-paragraph\">los autores antiguos no articulan la categor\u00eda cristol\u00f3gica nicena.<\/p>\n<\/blockquote>\n\n\n\n<p class=\"wp-block-paragraph\">Desde una lectura cristiana can\u00f3nica:<\/p>\n\n\n\n<blockquote class=\"wp-block-quote is-layout-flow wp-block-quote-is-layout-flow\">\n<p class=\"wp-block-paragraph\">la revelaci\u00f3n posterior puede permitir identificar retrospectivamente una realidad que el texto anterior presentaba de manera parcial.<\/p>\n<\/blockquote>\n\n\n\n<p class=\"wp-block-paragraph\">Esta distinci\u00f3n es fundamental para evitar anacronismos.<\/p>\n\n\n\n<h2 id=\"sexto-argumento-en-contra-diversidad-literaria-del-corpus\" class=\"wp-block-heading\">Sexto argumento en contra: diversidad literaria del corpus<\/h2>\n\n\n\n<p class=\"wp-block-paragraph\">Los textos no presentan siempre al \u00c1ngel de la misma manera.<\/p>\n\n\n\n<p class=\"wp-block-paragraph\">En G\u00e9nesis 16 la identificaci\u00f3n con Yahv\u00e9 es muy fuerte.<\/p>\n\n\n\n<p class=\"wp-block-paragraph\">En \u00c9xodo 3 tambi\u00e9n.<\/p>\n\n\n\n<p class=\"wp-block-paragraph\">En Jueces 6 existe alternancia narrativa.<\/p>\n\n\n\n<p class=\"wp-block-paragraph\">En Jueces 13 existe mayor distinci\u00f3n.<\/p>\n\n\n\n<p class=\"wp-block-paragraph\">En Zacar\u00edas el \u00c1ngel aparece como intercesor.<\/p>\n\n\n\n<p class=\"wp-block-paragraph\">Esto puede sugerir que:<\/p>\n\n\n\n<blockquote class=\"wp-block-quote is-layout-flow wp-block-quote-is-layout-flow\">\n<p class=\"wp-block-paragraph\"><em>mal\u02beakh YHWH<\/em> no designa siempre al mismo referente.<\/p>\n<\/blockquote>\n\n\n\n<p class=\"wp-block-paragraph\">O que diferentes tradiciones poseen diferentes concepciones.<\/p>\n\n\n\n<p class=\"wp-block-paragraph\">O que la funci\u00f3n del \u00c1ngel cambia seg\u00fan el g\u00e9nero literario.<\/p>\n\n\n\n<p class=\"wp-block-paragraph\">Este argumento es importante.<\/p>\n\n\n\n<p class=\"wp-block-paragraph\">Una teor\u00eda adecuada debe evitar imponer uniformidad donde el texto muestra diversidad.<\/p>\n\n\n\n<h2 id=\"cual-de-los-argumentos-pesa-mas\" class=\"wp-block-heading\">\u00bfCu\u00e1l de los argumentos pesa m\u00e1s?<\/h2>\n\n\n\n<p class=\"wp-block-paragraph\">Podemos ahora clasificarlos seg\u00fan su fuerza.<\/p>\n\n\n\n<p class=\"wp-block-paragraph\">Los argumentos m\u00e1s fuertes <strong>a favor de una teofan\u00eda<\/strong> son:<\/p>\n\n\n\n<blockquote class=\"wp-block-quote is-layout-flow wp-block-quote-is-layout-flow\">\n<p class=\"wp-block-paragraph\">la alternancia narrativa \u00c1ngel\/Yahv\u00e9;<\/p>\n<\/blockquote>\n\n\n\n<blockquote class=\"wp-block-quote is-layout-flow wp-block-quote-is-layout-flow\">\n<p class=\"wp-block-paragraph\">\u201cYo soy el Dios de Bet-el\u201d;<\/p>\n<\/blockquote>\n\n\n\n<blockquote class=\"wp-block-quote is-layout-flow wp-block-quote-is-layout-flow\">\n<p class=\"wp-block-paragraph\">\u201cmi Nombre est\u00e1 en \u00e9l\u201d;<\/p>\n<\/blockquote>\n\n\n\n<blockquote class=\"wp-block-quote is-layout-flow wp-block-quote-is-layout-flow\">\n<p class=\"wp-block-paragraph\">las reacciones de Gede\u00f3n y Manoa;<\/p>\n<\/blockquote>\n\n\n\n<blockquote class=\"wp-block-quote is-layout-flow wp-block-quote-is-layout-flow\">\n<p class=\"wp-block-paragraph\">la integraci\u00f3n del \u00c1ngel dentro de funciones de presencia y salvaci\u00f3n divina.<\/p>\n<\/blockquote>\n\n\n\n<p class=\"wp-block-paragraph\">Los argumentos m\u00e1s fuertes <strong>a favor espec\u00edficamente de una cristofan\u00eda<\/strong> son posteriores y can\u00f3nicos:<\/p>\n\n\n\n<blockquote class=\"wp-block-quote is-layout-flow wp-block-quote-is-layout-flow\">\n<p class=\"wp-block-paragraph\">la preexistencia de Cristo;<\/p>\n<\/blockquote>\n\n\n\n<blockquote class=\"wp-block-quote is-layout-flow wp-block-quote-is-layout-flow\">\n<p class=\"wp-block-paragraph\">la actividad de Cristo en la historia de Israel;<\/p>\n<\/blockquote>\n\n\n\n<blockquote class=\"wp-block-quote is-layout-flow wp-block-quote-is-layout-flow\">\n<p class=\"wp-block-paragraph\">la cristologizaci\u00f3n neotestamentaria de determinadas teofan\u00edas;<\/p>\n<\/blockquote>\n\n\n\n<blockquote class=\"wp-block-quote is-layout-flow wp-block-quote-is-layout-flow\">\n<p class=\"wp-block-paragraph\">la distinci\u00f3n Padre-Hijo dentro de la unidad divina.<\/p>\n<\/blockquote>\n\n\n\n<p class=\"wp-block-paragraph\">Los argumentos m\u00e1s fuertes <strong>contra una identificaci\u00f3n universal<\/strong> son:<\/p>\n\n\n\n<blockquote class=\"wp-block-quote is-layout-flow wp-block-quote-is-layout-flow\">\n<p class=\"wp-block-paragraph\">el \u00c1ngel puede dirigirse a Yahv\u00e9;<\/p>\n<\/blockquote>\n\n\n\n<blockquote class=\"wp-block-quote is-layout-flow wp-block-quote-is-layout-flow\">\n<p class=\"wp-block-paragraph\">puede decir \u201cas\u00ed dice Yahv\u00e9\u201d;<\/p>\n<\/blockquote>\n\n\n\n<blockquote class=\"wp-block-quote is-layout-flow wp-block-quote-is-layout-flow\">\n<p class=\"wp-block-paragraph\">dirige el sacrificio hacia Yahv\u00e9;<\/p>\n<\/blockquote>\n\n\n\n<blockquote class=\"wp-block-quote is-layout-flow wp-block-quote-is-layout-flow\">\n<p class=\"wp-block-paragraph\">no todas las referencias a un \u201c\u00e1ngel de Yahv\u00e9\u201d muestran rasgos teof\u00e1nicos;<\/p>\n<\/blockquote>\n\n\n\n<blockquote class=\"wp-block-quote is-layout-flow wp-block-quote-is-layout-flow\">\n<p class=\"wp-block-paragraph\">el corpus posee diversidad literaria y teol\u00f3gica.<\/p>\n<\/blockquote>\n\n\n\n<p class=\"wp-block-paragraph\">Esta clasificaci\u00f3n conduce a una conclusi\u00f3n importante.<\/p>\n\n\n\n<h2 id=\"la-conclusion-mas-cauta-desde-la-exegesis-del-antiguo-testamento\" class=\"wp-block-heading\">La conclusi\u00f3n m\u00e1s cauta desde la ex\u00e9gesis del Antiguo Testamento<\/h2>\n\n\n\n<p class=\"wp-block-paragraph\">Desde el Antiguo Testamento por s\u00ed solo, la formulaci\u00f3n m\u00e1s fuerte que puede defenderse con seguridad no parece ser:<\/p>\n\n\n\n<blockquote class=\"wp-block-quote is-layout-flow wp-block-quote-is-layout-flow\">\n<p class=\"wp-block-paragraph\"><strong>\u201cEl \u00c1ngel de Yahv\u00e9 es Jes\u00fas.\u201d<\/strong><\/p>\n<\/blockquote>\n\n\n\n<p class=\"wp-block-paragraph\">La formulaci\u00f3n m\u00e1s s\u00f3lida es:<\/p>\n\n\n\n<blockquote class=\"wp-block-quote is-layout-flow wp-block-quote-is-layout-flow\">\n<p class=\"wp-block-paragraph\"><strong>En determinadas tradiciones, el \u00c1ngel de Yahv\u00e9 funciona como una manifestaci\u00f3n personal y extraordinariamente intensa de la presencia de Yahv\u00e9, hasta el punto de que la distinci\u00f3n entre mensajero y Dios puede quedar narrativamente difuminada.<\/strong><\/p>\n<\/blockquote>\n\n\n\n<p class=\"wp-block-paragraph\">Esta conclusi\u00f3n toma en serio tanto:<\/p>\n\n\n\n<blockquote class=\"wp-block-quote is-layout-flow wp-block-quote-is-layout-flow\">\n<p class=\"wp-block-paragraph\">la agencia<\/p>\n<\/blockquote>\n\n\n\n<p class=\"wp-block-paragraph\">como:<\/p>\n\n\n\n<blockquote class=\"wp-block-quote is-layout-flow wp-block-quote-is-layout-flow\">\n<p class=\"wp-block-paragraph\">la teofan\u00eda.<\/p>\n<\/blockquote>\n\n\n\n<p class=\"wp-block-paragraph\">No decide todav\u00eda la identidad cristol\u00f3gica.<\/p>\n\n\n\n<h2 id=\"la-conclusion-desde-una-lectura-cristiana-canonica\" class=\"wp-block-heading\">La conclusi\u00f3n desde una lectura cristiana can\u00f3nica<\/h2>\n\n\n\n<p class=\"wp-block-paragraph\">Cuando el Nuevo Testamento se incorpora al an\u00e1lisis, la situaci\u00f3n cambia.<\/p>\n\n\n\n<p class=\"wp-block-paragraph\">Cristo es presentado como:<\/p>\n\n\n\n<p class=\"wp-block-paragraph\">preexistente;<\/p>\n\n\n\n<p class=\"wp-block-paragraph\">activo en la historia de Israel;<\/p>\n\n\n\n<p class=\"wp-block-paragraph\">revelador del Dios invisible;<\/p>\n\n\n\n<p class=\"wp-block-paragraph\">participante de la gloria divina;<\/p>\n\n\n\n<p class=\"wp-block-paragraph\">distinto del Padre y, sin embargo, incluido en la identidad divina.<\/p>\n\n\n\n<p class=\"wp-block-paragraph\">En ese marco, la identificaci\u00f3n de determinadas teofan\u00edas con el Logos se vuelve <strong>teol\u00f3gicamente coherente y can\u00f3nicamente plausible<\/strong>.<\/p>\n\n\n\n<p class=\"wp-block-paragraph\">Pero debemos continuar diciendo:<\/p>\n\n\n\n<blockquote class=\"wp-block-quote is-layout-flow wp-block-quote-is-layout-flow\">\n<p class=\"wp-block-paragraph\"><strong>plausible<\/strong>,<\/p>\n<\/blockquote>\n\n\n\n<p class=\"wp-block-paragraph\">no:<\/p>\n\n\n\n<blockquote class=\"wp-block-quote is-layout-flow wp-block-quote-is-layout-flow\">\n<p class=\"wp-block-paragraph\"><strong>expl\u00edcitamente demostrada en cada pasaje.<\/strong><\/p>\n<\/blockquote>\n\n\n\n<p class=\"wp-block-paragraph\">Esta distinci\u00f3n permite una formulaci\u00f3n mucho m\u00e1s acad\u00e9mica que la apolog\u00e9tica tradicional.<\/p>\n\n\n\n<h2 id=\"una-propuesta-de-clasificacion-pasaje-por-pasaje\" class=\"wp-block-heading\">Una propuesta de clasificaci\u00f3n pasaje por pasaje<\/h2>\n\n\n\n<p class=\"wp-block-paragraph\">Podemos incluso clasificar los textos seg\u00fan el grado de probabilidad teof\u00e1nica.<\/p>\n\n\n\n<h3 id=\"grupo-a-identificacion-muy-fuerte-con-yahve\" class=\"wp-block-heading\">Grupo A: identificaci\u00f3n muy fuerte con Yahv\u00e9<\/h3>\n\n\n\n<p class=\"wp-block-paragraph\"><a href=\"https:\/\/biblia.com\/bible\/rvr60\/Ge16.7-13\">Gn 16:7\u201313<\/a><\/p>\n\n\n\n<p class=\"wp-block-paragraph\"><a href=\"https:\/\/biblia.com\/bible\/rvr60\/Ge31.11-13\">Gn 31:11\u201313<\/a><\/p>\n\n\n\n<p class=\"wp-block-paragraph\"><a href=\"https:\/\/biblia.com\/bible\/rvr60\/Ex3.2-6\">Ex 3:2\u20136<\/a><\/p>\n\n\n\n<p class=\"wp-block-paragraph\"><a href=\"https:\/\/biblia.com\/bible\/rvr60\/Jdg6.11-24\">Jue 6:11\u201324<\/a><\/p>\n\n\n\n<p class=\"wp-block-paragraph\">Aqu\u00ed la interpretaci\u00f3n teof\u00e1nica posee especial fuerza.<\/p>\n\n\n\n<h3 id=\"grupo-b-relacion-extraordinaria-pero-mayor-distincion\" class=\"wp-block-heading\">Grupo B: relaci\u00f3n extraordinaria, pero mayor distinci\u00f3n<\/h3>\n\n\n\n<p class=\"wp-block-paragraph\"><a href=\"https:\/\/biblia.com\/bible\/rvr60\/Ex23.20-23\">Ex 23:20\u201323<\/a><\/p>\n\n\n\n<p class=\"wp-block-paragraph\"><a href=\"https:\/\/biblia.com\/bible\/rvr60\/Jdg13.2-23\">Jue 13:2\u201323<\/a><\/p>\n\n\n\n<p class=\"wp-block-paragraph\"><a href=\"https:\/\/biblia.com\/bible\/rvr60\/Is63.9\">Is 63:9<\/a><\/p>\n\n\n\n<p class=\"wp-block-paragraph\">Aqu\u00ed existe una relaci\u00f3n excepcional con la presencia divina, pero la distinci\u00f3n permanece muy visible.<\/p>\n\n\n\n<h3 id=\"grupo-c-distincion-clara-dentro-de-una-corte-celestial\" class=\"wp-block-heading\">Grupo C: distinci\u00f3n clara dentro de una corte celestial<\/h3>\n\n\n\n<p class=\"wp-block-paragraph\"><a href=\"https:\/\/biblia.com\/bible\/rvr60\/Zec1.7-17\">Zac 1:7\u201317<\/a><\/p>\n\n\n\n<p class=\"wp-block-paragraph\"><a href=\"https:\/\/biblia.com\/bible\/rvr60\/Zec3.1-10\">Zac 3:1\u201310<\/a><\/p>\n\n\n\n<p class=\"wp-block-paragraph\">Aqu\u00ed la identificaci\u00f3n directa con Yahv\u00e9 resulta mucho menos obvia.<\/p>\n\n\n\n<p class=\"wp-block-paragraph\">Esta clasificaci\u00f3n evita tratar todo el corpus como si fuera id\u00e9ntico.<\/p>\n\n\n\n<h2 id=\"la-cristofania-como-lectura-retrospectiva\" class=\"wp-block-heading\">La cristofan\u00eda como lectura retrospectiva<\/h2>\n\n\n\n<p class=\"wp-block-paragraph\">La interpretaci\u00f3n cristol\u00f3gica puede formularse entonces de manera m\u00e1s precisa:<\/p>\n\n\n\n<blockquote class=\"wp-block-quote is-layout-flow wp-block-quote-is-layout-flow\">\n<p class=\"wp-block-paragraph\"><strong>No es necesario afirmar que cada aparici\u00f3n designada \u201c\u00c1ngel de Yahv\u00e9\u201d sea Cristo. Sin embargo, aquellas apariciones donde la figura participa narrativamente de la identidad y presencia de Yahv\u00e9 pueden ser rele\u00eddas, dentro de una hermen\u00e9utica cristiana can\u00f3nica, como manifestaciones preencarnadas del Logos.<\/strong><\/p>\n<\/blockquote>\n\n\n\n<p class=\"wp-block-paragraph\">Esta formulaci\u00f3n posee varias ventajas.<\/p>\n\n\n\n<p class=\"wp-block-paragraph\">Respeta la diversidad textual.<\/p>\n\n\n\n<p class=\"wp-block-paragraph\">Evita anacronismos.<\/p>\n\n\n\n<p class=\"wp-block-paragraph\">Reconoce la fuerza del argumento teof\u00e1nico.<\/p>\n\n\n\n<p class=\"wp-block-paragraph\">Permite la lectura cristol\u00f3gica.<\/p>\n\n\n\n<p class=\"wp-block-paragraph\">Y no obliga a convertir todo \u00e1ngel en Cristo.<\/p>\n\n\n\n<h2 id=\"el-valor-de-la-interpretacion-judia\" class=\"wp-block-heading\">El valor de la interpretaci\u00f3n jud\u00eda<\/h2>\n\n\n\n<p class=\"wp-block-paragraph\">Tambi\u00e9n debemos reconocer que la explicaci\u00f3n jud\u00eda mediante agencia contin\u00faa siendo una alternativa exeg\u00e9tica seria.<\/p>\n\n\n\n<p class=\"wp-block-paragraph\">No debe ser presentada como:<\/p>\n\n\n\n<blockquote class=\"wp-block-quote is-layout-flow wp-block-quote-is-layout-flow\">\n<p class=\"wp-block-paragraph\">\u201cuna evasi\u00f3n para evitar a Cristo\u201d.<\/p>\n<\/blockquote>\n\n\n\n<p class=\"wp-block-paragraph\">Eso ser\u00eda hist\u00f3ricamente injusto.<\/p>\n\n\n\n<p class=\"wp-block-paragraph\">La agencia constituye una categor\u00eda real dentro del mundo antiguo.<\/p>\n\n\n\n<p class=\"wp-block-paragraph\">Un mensajero puede actuar plenamente en nombre de otro.<\/p>\n\n\n\n<p class=\"wp-block-paragraph\">La interpretaci\u00f3n jud\u00eda explica muy bien:<\/p>\n\n\n\n<p class=\"wp-block-paragraph\">distinci\u00f3n;<\/p>\n\n\n\n<p class=\"wp-block-paragraph\">obediencia al enviado;<\/p>\n\n\n\n<p class=\"wp-block-paragraph\">transmisi\u00f3n de primera persona;<\/p>\n\n\n\n<p class=\"wp-block-paragraph\">y subordinaci\u00f3n cultual.<\/p>\n\n\n\n<p class=\"wp-block-paragraph\">Su mayor dificultad es explicar la intensidad de determinadas identificaciones narrativas.<\/p>\n\n\n\n<p class=\"wp-block-paragraph\">Por tanto, debe ser tratada como una <strong>posici\u00f3n acad\u00e9micamente seria<\/strong>, no como simple contrapunto apolog\u00e9tico.<\/p>\n\n\n\n<h2 id=\"el-valor-del-modelo-de-sommer\" class=\"wp-block-heading\">El valor del modelo de Sommer<\/h2>\n\n\n\n<p class=\"wp-block-paragraph\">La propuesta de Sommer puede funcionar como puente entre las dos posiciones.<\/p>\n\n\n\n<p class=\"wp-block-paragraph\">Permite afirmar que el \u00c1ngel puede ser una manifestaci\u00f3n real de Yahv\u00e9 sin necesidad de introducir inmediatamente:<\/p>\n\n\n\n<blockquote class=\"wp-block-quote is-layout-flow wp-block-quote-is-layout-flow\">\n<p class=\"wp-block-paragraph\">Padre e Hijo.<\/p>\n<\/blockquote>\n\n\n\n<p class=\"wp-block-paragraph\">Esto resulta hist\u00f3ricamente \u00fatil.<\/p>\n\n\n\n<p class=\"wp-block-paragraph\">Podr\u00eda explicar por qu\u00e9 los textos veterotestamentarios presentan una complejidad divina que posteriormente el cristianismo interpretar\u00e1 trinitariamente.<\/p>\n\n\n\n<p class=\"wp-block-paragraph\">Pero la interpretaci\u00f3n hist\u00f3rica original no tiene que ser id\u00e9ntica a la formulaci\u00f3n dogm\u00e1tica posterior.<\/p>\n\n\n\n<p class=\"wp-block-paragraph\">Esta distinci\u00f3n permite hablar de:<\/p>\n\n\n\n<blockquote class=\"wp-block-quote is-layout-flow wp-block-quote-is-layout-flow\">\n<p class=\"wp-block-paragraph\"><strong>antecedentes conceptuales<\/strong><\/p>\n<\/blockquote>\n\n\n\n<p class=\"wp-block-paragraph\">sin hablar de:<\/p>\n\n\n\n<blockquote class=\"wp-block-quote is-layout-flow wp-block-quote-is-layout-flow\">\n<p class=\"wp-block-paragraph\"><strong>Trinidad plenamente formulada en el Antiguo Testamento.<\/strong><sup data-fn=\"7569e62b-b4c3-4298-8bdf-706cb33cf852\" class=\"fn\"><a href=\"#7569e62b-b4c3-4298-8bdf-706cb33cf852\" id=\"7569e62b-b4c3-4298-8bdf-706cb33cf852-link\">181<\/a><\/sup><\/p>\n<\/blockquote>\n\n\n\n<h2 id=\"el-valor-del-modelo-de-heiser\" class=\"wp-block-heading\">El valor del modelo de Heiser<\/h2>\n\n\n\n<p class=\"wp-block-paragraph\">Heiser posee una ventaja semejante.<\/p>\n\n\n\n<p class=\"wp-block-paragraph\">Su insistencia en el \u201cNombre\u201d y en la forma visible de Yahv\u00e9 recupera datos que una teor\u00eda puramente representativa podr\u00eda minimizar.<\/p>\n\n\n\n<p class=\"wp-block-paragraph\">Pero su terminolog\u00eda acerca de \u201cdos Yahv\u00e9s\u201d debe manejarse cuidadosamente para evitar sugerir polite\u00edsmo o una doctrina trinitaria plenamente desarrollada.<\/p>\n\n\n\n<p class=\"wp-block-paragraph\">La formulaci\u00f3n m\u00e1s \u00fatil de su aportaci\u00f3n podr\u00eda ser:<\/p>\n\n\n\n<blockquote class=\"wp-block-quote is-layout-flow wp-block-quote-is-layout-flow\">\n<p class=\"wp-block-paragraph\"><strong>determinados textos veterotestamentarios permiten una diferenciaci\u00f3n de figuras dentro de la representaci\u00f3n de la identidad de Yahv\u00e9 sin comprometer la exclusividad del Dios de Israel.<\/strong><\/p>\n<\/blockquote>\n\n\n\n<p class=\"wp-block-paragraph\">Esta formulaci\u00f3n resulta suficientemente precisa y evita exageraciones.<\/p>\n\n\n\n<h2 id=\"que-posicion-parece-explicar-mejor-el-conjunto\" class=\"wp-block-heading\">\u00bfQu\u00e9 posici\u00f3n parece explicar mejor el conjunto?<\/h2>\n\n\n\n<p class=\"wp-block-paragraph\">Si nos limitamos a la forma final de los textos teof\u00e1nicos m\u00e1s fuertes, una teor\u00eda de <strong>agencia ordinaria<\/strong> parece insuficiente.<\/p>\n\n\n\n<p class=\"wp-block-paragraph\">La alternancia narrativa entre \u00c1ngel y Yahv\u00e9, la presencia del Nombre y la capacidad del personaje para ser identificado como Dios sugieren una forma de <strong>manifestaci\u00f3n divina excepcional<\/strong>.<\/p>\n\n\n\n<p class=\"wp-block-paragraph\">Por otra parte, una identificaci\u00f3n autom\u00e1tica con Cristo va m\u00e1s all\u00e1 de lo que el Antiguo Testamento expl\u00edcitamente afirma.<\/p>\n\n\n\n<p class=\"wp-block-paragraph\">Por tanto, la posici\u00f3n m\u00e1s equilibrada parece poseer dos niveles:<\/p>\n\n\n\n<p class=\"wp-block-paragraph\"><strong>Nivel hist\u00f3rico-exeg\u00e9tico:<\/strong><\/p>\n\n\n\n<blockquote class=\"wp-block-quote is-layout-flow wp-block-quote-is-layout-flow\">\n<p class=\"wp-block-paragraph\">el \u00c1ngel de los textos teof\u00e1nicos constituye una manifestaci\u00f3n singular de la presencia de Yahv\u00e9, posiblemente explicable mediante categor\u00edas antiguas de identidad divina localizada o representaci\u00f3n intensificada.<\/p>\n<\/blockquote>\n\n\n\n<p class=\"wp-block-paragraph\"><strong>Nivel cristiano-can\u00f3nico:<\/strong><\/p>\n\n\n\n<blockquote class=\"wp-block-quote is-layout-flow wp-block-quote-is-layout-flow\">\n<p class=\"wp-block-paragraph\">a la luz de la preexistencia y funci\u00f3n reveladora del Logos, resulta leg\u00edtimo interpretar esas teofan\u00edas como manifestaciones preencarnadas del Hijo, siempre que se reconozca que esa identificaci\u00f3n es retrospectiva y no expl\u00edcitamente formulada por el autor veterotestamentario.<\/p>\n<\/blockquote>\n\n\n\n<p class=\"wp-block-paragraph\">Esta conclusi\u00f3n no elimina el misterio.<\/p>\n\n\n\n<p class=\"wp-block-paragraph\">Lo define con mayor precisi\u00f3n.<\/p>\n\n\n\n<h2 id=\"conclusion-general-de-esta-evaluacion\" class=\"wp-block-heading\">Conclusi\u00f3n general de esta evaluaci\u00f3n<\/h2>\n\n\n\n<p class=\"wp-block-paragraph\">La evidencia no favorece dos extremos.<\/p>\n\n\n\n<p class=\"wp-block-paragraph\">El primero ser\u00eda:<\/p>\n\n\n\n<blockquote class=\"wp-block-quote is-layout-flow wp-block-quote-is-layout-flow\">\n<p class=\"wp-block-paragraph\"><strong>\u201cEl \u00c1ngel es simplemente un \u00e1ngel com\u00fan.\u201d<\/strong><\/p>\n<\/blockquote>\n\n\n\n<p class=\"wp-block-paragraph\">Eso no hace justicia a textos como <a href=\"https:\/\/biblia.com\/bible\/rvr60\/Ge31.13\">Gn 31:13<\/a>, <a href=\"https:\/\/biblia.com\/bible\/rvr60\/Ex3.2-6\">Ex 3:2\u20136<\/a> o <a href=\"https:\/\/biblia.com\/bible\/rvr60\/Ex23.21\">Ex 23:21<\/a>.<\/p>\n\n\n\n<p class=\"wp-block-paragraph\">El segundo ser\u00eda:<\/p>\n\n\n\n<blockquote class=\"wp-block-quote is-layout-flow wp-block-quote-is-layout-flow\">\n<p class=\"wp-block-paragraph\"><strong>\u201cCada vez que aparece un \u00c1ngel del Se\u00f1or, es necesariamente Cristo.\u201d<\/strong><\/p>\n<\/blockquote>\n\n\n\n<p class=\"wp-block-paragraph\">Eso no hace justicia a Zacar\u00edas, al uso general de <em>mal\u02beakh YHWH<\/em> ni a la diversidad literaria.<\/p>\n\n\n\n<p class=\"wp-block-paragraph\">La explicaci\u00f3n m\u00e1s adecuada debe mantener:<\/p>\n\n\n\n<blockquote class=\"wp-block-quote is-layout-flow wp-block-quote-is-layout-flow\">\n<p class=\"wp-block-paragraph\"><strong>distinci\u00f3n,<br>representaci\u00f3n,<br>presencia,<br>identidad<br>y desarrollo can\u00f3nico.<\/strong><\/p>\n<\/blockquote>\n\n\n\n<p class=\"wp-block-paragraph\">En determinados textos, el \u00c1ngel parece funcionar como <strong>la presencia personal de Yahv\u00e9 en forma mediada<\/strong>.<\/p>\n\n\n\n<p class=\"wp-block-paragraph\">Dentro de una lectura cristiana posterior, esa categor\u00eda encuentra un correlato natural en el Logos:<\/p>\n\n\n\n<blockquote class=\"wp-block-quote is-layout-flow wp-block-quote-is-layout-flow\">\n<p class=\"wp-block-paragraph\">distinto del Padre,<\/p>\n<\/blockquote>\n\n\n\n<blockquote class=\"wp-block-quote is-layout-flow wp-block-quote-is-layout-flow\">\n<p class=\"wp-block-paragraph\">enviado por el Padre,<\/p>\n<\/blockquote>\n\n\n\n<blockquote class=\"wp-block-quote is-layout-flow wp-block-quote-is-layout-flow\">\n<p class=\"wp-block-paragraph\">revelador del Padre,<\/p>\n<\/blockquote>\n\n\n\n<blockquote class=\"wp-block-quote is-layout-flow wp-block-quote-is-layout-flow\">\n<p class=\"wp-block-paragraph\">participante de la identidad divina.<\/p>\n<\/blockquote>\n\n\n\n<p class=\"wp-block-paragraph\">Precisamente por eso la interpretaci\u00f3n cristof\u00e1nica no debe considerarse una invenci\u00f3n arbitraria de los Padres.<\/p>\n\n\n\n<p class=\"wp-block-paragraph\">Tiene ra\u00edces reales en la estructura de los textos.<\/p>\n\n\n\n<p class=\"wp-block-paragraph\">Pero tampoco debe presentarse como la \u00fanica lectura hist\u00f3ricamente posible del Antiguo Testamento.<\/p>\n\n\n\n<h1 id=\"sintesis-teologica-identidad-mediacion-y-presencia-en-la-figura-del-angel-de-yahve\" class=\"wp-block-heading\">S\u00edntesis teol\u00f3gica: identidad, mediaci\u00f3n y presencia en la figura del \u00c1ngel de Yahv\u00e9<\/h1>\n\n\n\n<p class=\"wp-block-paragraph\">Despu\u00e9s de recorrer las principales apariciones del \u00c1ngel de Yahv\u00e9, su recepci\u00f3n jud\u00eda, la interpretaci\u00f3n patr\u00edstica, el desarrollo medieval y reformado y las propuestas exeg\u00e9ticas contempor\u00e1neas, resulta posible formular una s\u00edntesis m\u00e1s precisa de la cuesti\u00f3n.<\/p>\n\n\n\n<p class=\"wp-block-paragraph\">El \u00c1ngel de Yahv\u00e9 no puede ser reducido f\u00e1cilmente a una categor\u00eda \u00fanica. En algunos textos aparece claramente como <strong>mensajero distinguido de Yahv\u00e9<\/strong>; en otros, el narrador lo identifica tan estrechamente con Yahv\u00e9 que la frontera entre enviado y remitente parece deliberadamente difuminada. Esta combinaci\u00f3n constituye el n\u00facleo del problema.<\/p>\n\n\n\n<p class=\"wp-block-paragraph\">La cuesti\u00f3n no es, por tanto, simplemente:<\/p>\n\n\n\n<blockquote class=\"wp-block-quote is-layout-flow wp-block-quote-is-layout-flow\">\n<p class=\"wp-block-paragraph\"><strong>\u201c\u00bfEs un \u00e1ngel o es Dios?\u201d<\/strong><\/p>\n<\/blockquote>\n\n\n\n<p class=\"wp-block-paragraph\">Sino:<\/p>\n\n\n\n<blockquote class=\"wp-block-quote is-layout-flow wp-block-quote-is-layout-flow\">\n<p class=\"wp-block-paragraph\"><strong>\u201c\u00bfC\u00f3mo puede un mensajero ser enviado por Yahv\u00e9 y, al mismo tiempo, hacer presente a Yahv\u00e9 de una manera tan plena que hablar con \u00e9l pueda ser descrito como hablar con Dios?\u201d<\/strong><\/p>\n<\/blockquote>\n\n\n\n<p class=\"wp-block-paragraph\">Esta pregunta atraviesa pr\u00e1cticamente todo el corpus.<\/p>\n\n\n\n<h2 id=\"el-angel-como-mensajero-real-y-verdadero\" class=\"wp-block-heading\">El \u00c1ngel como mensajero real y verdadero<\/h2>\n\n\n\n<p class=\"wp-block-paragraph\">El primer dato que debe mantenerse es el significado b\u00e1sico del t\u00e9rmino:<\/p>\n\n\n\n<blockquote class=\"wp-block-quote is-layout-flow wp-block-quote-is-layout-flow\">\n<p class=\"wp-block-paragraph\">\u05de\u05b7\u05dc\u05b0\u05d0\u05b8\u05da\u05b0<br><em>mal\u02beakh<\/em><\/p>\n<\/blockquote>\n\n\n\n<p class=\"wp-block-paragraph\">\u201cmensajero\u201d o \u201cenviado\u201d.<\/p>\n\n\n\n<p class=\"wp-block-paragraph\">El \u00c1ngel de Yahv\u00e9 no es llamado \u201c\u00c1ngel\u201d accidentalmente. La categor\u00eda expresa una verdadera funci\u00f3n de misi\u00f3n.<\/p>\n\n\n\n<p class=\"wp-block-paragraph\">En <a href=\"https:\/\/biblia.com\/bible\/rvr60\/Ex23.20\">\u00c9xodo 23:20<\/a>, Yahv\u00e9 dice:<\/p>\n\n\n\n<blockquote class=\"wp-block-quote is-layout-flow wp-block-quote-is-layout-flow\">\n<p class=\"wp-block-paragraph\">\u201cHe aqu\u00ed yo env\u00edo mi \u00c1ngel delante de ti\u201d.<\/p>\n<\/blockquote>\n\n\n\n<p class=\"wp-block-paragraph\">La estructura es inequ\u00edvoca:<\/p>\n\n\n\n<blockquote class=\"wp-block-quote is-layout-flow wp-block-quote-is-layout-flow\">\n<p class=\"wp-block-paragraph\"><strong>uno env\u00eda, otro es enviado.<\/strong><\/p>\n<\/blockquote>\n\n\n\n<p class=\"wp-block-paragraph\">En <a href=\"https:\/\/biblia.com\/bible\/rvr60\/Zec1.12\">Zacar\u00edas 1:12<\/a>, el \u00c1ngel intercede ante Yahv\u00e9.<\/p>\n\n\n\n<p class=\"wp-block-paragraph\">En <a href=\"https:\/\/biblia.com\/bible\/rvr60\/Jdg13.16\">Jueces 13:16<\/a>, dirige el sacrificio hacia Yahv\u00e9.<\/p>\n\n\n\n<p class=\"wp-block-paragraph\">Por tanto, cualquier modelo que elimine completamente la distinci\u00f3n entre Yahv\u00e9 y el \u00c1ngel entra en conflicto con una parte importante de la evidencia.<\/p>\n\n\n\n<p class=\"wp-block-paragraph\">La figura es verdaderamente <strong>enviada<\/strong>.<\/p>\n\n\n\n<h2 id=\"pero-su-representacion-excede-la-de-un-mensajero-ordinario\" class=\"wp-block-heading\">Pero su representaci\u00f3n excede la de un mensajero ordinario<\/h2>\n\n\n\n<p class=\"wp-block-paragraph\">Sin embargo, la segunda mitad de la evidencia resulta igualmente fuerte.<\/p>\n\n\n\n<p class=\"wp-block-paragraph\">El \u00c1ngel no se comporta siempre como un mensajero com\u00fan.<\/p>\n\n\n\n<p class=\"wp-block-paragraph\">A Agar dice:<\/p>\n\n\n\n<blockquote class=\"wp-block-quote is-layout-flow wp-block-quote-is-layout-flow\">\n<p class=\"wp-block-paragraph\">\u201cMultiplicar\u00e9 tanto tu descendencia&#8230;\u201d (<a href=\"https:\/\/biblia.com\/bible\/rvr60\/Ge16.10\">Gn 16:10<\/a>).<\/p>\n<\/blockquote>\n\n\n\n<p class=\"wp-block-paragraph\">A Abraham:<\/p>\n\n\n\n<blockquote class=\"wp-block-quote is-layout-flow wp-block-quote-is-layout-flow\">\n<p class=\"wp-block-paragraph\">\u201cno me rehusaste tu hijo\u201d (<a href=\"https:\/\/biblia.com\/bible\/rvr60\/Ge22.12\">Gn 22:12<\/a>).<\/p>\n<\/blockquote>\n\n\n\n<p class=\"wp-block-paragraph\">A Jacob:<\/p>\n\n\n\n<blockquote class=\"wp-block-quote is-layout-flow wp-block-quote-is-layout-flow\">\n<p class=\"wp-block-paragraph\">\u201cYo soy el Dios de Bet-el\u201d (<a href=\"https:\/\/biblia.com\/bible\/rvr60\/Ge31.13\">Gn 31:13<\/a>).<\/p>\n<\/blockquote>\n\n\n\n<p class=\"wp-block-paragraph\">En la zarza, el \u00c1ngel aparece y el narrador inmediatamente pasa a hablar de Yahv\u00e9 y Elohim (<a href=\"https:\/\/biblia.com\/bible\/rvr60\/Ex3.2-6\">Ex 3:2\u20136<\/a>).<\/p>\n\n\n\n<p class=\"wp-block-paragraph\">En Jueces:<\/p>\n\n\n\n<blockquote class=\"wp-block-quote is-layout-flow wp-block-quote-is-layout-flow\">\n<p class=\"wp-block-paragraph\">\u201cvino el \u00e1ngel de Jehov\u00e1\u201d (<a href=\"https:\/\/biblia.com\/bible\/rvr60\/Jdg6.11\">Jue 6:11<\/a>),<\/p>\n<\/blockquote>\n\n\n\n<p class=\"wp-block-paragraph\">pero:<\/p>\n\n\n\n<blockquote class=\"wp-block-quote is-layout-flow wp-block-quote-is-layout-flow\">\n<p class=\"wp-block-paragraph\">\u201cmir\u00e1ndole Jehov\u00e1&#8230;\u201d (<a href=\"https:\/\/biblia.com\/bible\/rvr60\/Jdg6.14\">Jue 6:14<\/a>).<\/p>\n<\/blockquote>\n\n\n\n<p class=\"wp-block-paragraph\">Y, quiz\u00e1 de manera m\u00e1s significativa:<\/p>\n\n\n\n<blockquote class=\"wp-block-quote is-layout-flow wp-block-quote-is-layout-flow\">\n<p class=\"wp-block-paragraph\">\u201cmi nombre est\u00e1 en \u00e9l\u201d (<a href=\"https:\/\/biblia.com\/bible\/rvr60\/Ex23.21\">Ex 23:21<\/a>).<\/p>\n<\/blockquote>\n\n\n\n<p class=\"wp-block-paragraph\">La representaci\u00f3n es, por tanto, excepcionalmente intensa.<\/p>\n\n\n\n<p class=\"wp-block-paragraph\">No basta con decir que el \u00c1ngel transmite un mensaje.<\/p>\n\n\n\n<p class=\"wp-block-paragraph\">En determinados relatos, <strong>su presencia funciona como presencia divina<\/strong>.<\/p>\n\n\n\n<h2 id=\"la-categoria-del-nombre-como-centro-interpretativo\" class=\"wp-block-heading\">La categor\u00eda del \u201cNombre\u201d como centro interpretativo<\/h2>\n\n\n\n<p class=\"wp-block-paragraph\">Entre todos los textos estudiados, <a href=\"https:\/\/biblia.com\/bible\/rvr60\/Ex23.21\">\u00c9xodo 23:21<\/a> parece ofrecer una de las claves m\u00e1s importantes:<\/p>\n\n\n\n<blockquote class=\"wp-block-quote is-layout-flow wp-block-quote-is-layout-flow\">\n<p class=\"wp-block-paragraph\">\u201cmi nombre est\u00e1 en \u00e9l\u201d.<\/p>\n<\/blockquote>\n\n\n\n<p class=\"wp-block-paragraph\">La teolog\u00eda b\u00edblica del Nombre permite comprender por qu\u00e9 esta expresi\u00f3n posee tanto peso.<\/p>\n\n\n\n<p class=\"wp-block-paragraph\">El Nombre de Yahv\u00e9 representa:<\/p>\n\n\n\n<p class=\"wp-block-paragraph\">autoridad,<br>identidad,<br>reputaci\u00f3n,<br>presencia.<\/p>\n\n\n\n<p class=\"wp-block-paragraph\">Cuando Dios escoge un lugar:<\/p>\n\n\n\n<blockquote class=\"wp-block-quote is-layout-flow wp-block-quote-is-layout-flow\">\n<p class=\"wp-block-paragraph\">\u201cpara poner all\u00ed su nombre\u201d (<a href=\"https:\/\/biblia.com\/bible\/rvr60\/Dt12.5\">Dt 12:5<\/a>),<\/p>\n<\/blockquote>\n\n\n\n<p class=\"wp-block-paragraph\">ese lugar se convierte en espacio de presencia divina.<\/p>\n\n\n\n<p class=\"wp-block-paragraph\">Cuando Yahv\u00e9 dice que su Nombre est\u00e1 <strong>en el \u00c1ngel<\/strong>, la misma l\u00f3gica de presencia es aplicada a una figura personal.<\/p>\n\n\n\n<p class=\"wp-block-paragraph\">Esto no obliga autom\u00e1ticamente a concluir que el \u00c1ngel sea ontol\u00f3gicamente Yahv\u00e9.<\/p>\n\n\n\n<p class=\"wp-block-paragraph\">Pero s\u00ed lo sit\u00faa dentro de una forma de representaci\u00f3n excepcional.<\/p>\n\n\n\n<p class=\"wp-block-paragraph\"><strong>Michael Heiser<\/strong> considera este texto central para entender la relaci\u00f3n entre el \u00c1ngel y la presencia visible de Yahv\u00e9.<sup data-fn=\"b73e2783-cb68-4354-9dcc-8d47856384f5\" class=\"fn\"><a href=\"#b73e2783-cb68-4354-9dcc-8d47856384f5\" id=\"b73e2783-cb68-4354-9dcc-8d47856384f5-link\">182<\/a><\/sup><\/p>\n\n\n\n<p class=\"wp-block-paragraph\"><strong>Benjamin Sommer<\/strong>, desde otra metodolog\u00eda y sin una lectura cristol\u00f3gica, ofrece una categor\u00eda que puede ayudar a explicar el fen\u00f3meno: determinadas formas antiguas de identidad divina pod\u00edan admitir manifestaciones localizadas o diferenciadas sin convertir cada manifestaci\u00f3n en una deidad independiente.<sup data-fn=\"675dc1c4-6bf0-43ab-96e8-139c1dd5aad1\" class=\"fn\"><a href=\"#675dc1c4-6bf0-43ab-96e8-139c1dd5aad1\" id=\"675dc1c4-6bf0-43ab-96e8-139c1dd5aad1-link\">183<\/a><\/sup><\/p>\n\n\n\n<p class=\"wp-block-paragraph\">Estas dos propuestas no son id\u00e9nticas, pero coinciden en que el fen\u00f3meno no debe reducirse a una simple mensajer\u00eda administrativa.<\/p>\n\n\n\n<h2 id=\"presencia-sin-agotamiento-de-la-esencia-divina\" class=\"wp-block-heading\">Presencia sin agotamiento de la esencia divina<\/h2>\n\n\n\n<p class=\"wp-block-paragraph\">Otro principio importante surge de la comparaci\u00f3n entre las teofan\u00edas y textos como:<\/p>\n\n\n\n<blockquote class=\"wp-block-quote is-layout-flow wp-block-quote-is-layout-flow\">\n<p class=\"wp-block-paragraph\">\u201cno me ver\u00e1 hombre, y vivir\u00e1\u201d (<a href=\"https:\/\/biblia.com\/bible\/rvr60\/Ex33.20\">Ex 33:20<\/a>).<\/p>\n<\/blockquote>\n\n\n\n<p class=\"wp-block-paragraph\">Jacob dice:<\/p>\n\n\n\n<blockquote class=\"wp-block-quote is-layout-flow wp-block-quote-is-layout-flow\">\n<p class=\"wp-block-paragraph\">\u201cVi a Dios cara a cara\u201d (<a href=\"https:\/\/biblia.com\/bible\/rvr60\/Ge32.30\">Gn 32:30<\/a>).<\/p>\n<\/blockquote>\n\n\n\n<p class=\"wp-block-paragraph\">Manoa:<\/p>\n\n\n\n<blockquote class=\"wp-block-quote is-layout-flow wp-block-quote-is-layout-flow\">\n<p class=\"wp-block-paragraph\">\u201ca Dios hemos visto\u201d (<a href=\"https:\/\/biblia.com\/bible\/rvr60\/Jdg13.22\">Jue 13:22<\/a>).<\/p>\n<\/blockquote>\n\n\n\n<p class=\"wp-block-paragraph\">Pero Mois\u00e9s no puede contemplar el rostro de Dios en plenitud.<\/p>\n\n\n\n<p class=\"wp-block-paragraph\">Esto sugiere que la Biblia puede hablar de <strong>verdadero encuentro con Dios sin implicar visi\u00f3n exhaustiva de la esencia divina<\/strong>.<\/p>\n\n\n\n<p class=\"wp-block-paragraph\">Esta distinci\u00f3n, posteriormente desarrollada con gran sofisticaci\u00f3n por Agust\u00edn, resulta ya \u00fatil exeg\u00e9ticamente.<\/p>\n\n\n\n<p class=\"wp-block-paragraph\">Una teofan\u00eda puede ser:<\/p>\n\n\n\n<blockquote class=\"wp-block-quote is-layout-flow wp-block-quote-is-layout-flow\">\n<p class=\"wp-block-paragraph\"><strong>real presencia divina<\/strong><\/p>\n<\/blockquote>\n\n\n\n<p class=\"wp-block-paragraph\">sin ser:<\/p>\n\n\n\n<blockquote class=\"wp-block-quote is-layout-flow wp-block-quote-is-layout-flow\">\n<p class=\"wp-block-paragraph\"><strong>visi\u00f3n total de Dios en s\u00ed mismo<\/strong>.<\/p>\n<\/blockquote>\n\n\n\n<p class=\"wp-block-paragraph\">Este principio permite comprender mejor la funci\u00f3n del \u00c1ngel.<\/p>\n\n\n\n<p class=\"wp-block-paragraph\">El \u00c1ngel puede hacer presente a Yahv\u00e9 sin agotar la trascendencia de Yahv\u00e9.<\/p>\n\n\n\n<h2 id=\"el-angel-como-limite-entre-trascendencia-e-inmanencia\" class=\"wp-block-heading\">El \u00c1ngel como l\u00edmite entre trascendencia e inmanencia<\/h2>\n\n\n\n<p class=\"wp-block-paragraph\">Desde este punto de vista, la figura ocupa una posici\u00f3n teol\u00f3gica extraordinaria.<\/p>\n\n\n\n<p class=\"wp-block-paragraph\">Yahv\u00e9 es:<\/p>\n\n\n\n<p class=\"wp-block-paragraph\">trascendente,<br>santo,<br>invisible,<br>incomparable.<\/p>\n\n\n\n<p class=\"wp-block-paragraph\">Pero el mismo Yahv\u00e9:<\/p>\n\n\n\n<p class=\"wp-block-paragraph\">habla,<br>se acerca,<br>escucha,<br>rescata,<br>acompa\u00f1a.<\/p>\n\n\n\n<p class=\"wp-block-paragraph\">El \u00c1ngel aparece precisamente en esta frontera.<\/p>\n\n\n\n<p class=\"wp-block-paragraph\">No reemplaza a Yahv\u00e9.<\/p>\n\n\n\n<p class=\"wp-block-paragraph\">Hace presente a Yahv\u00e9.<\/p>\n\n\n\n<p class=\"wp-block-paragraph\">No elimina la trascendencia.<\/p>\n\n\n\n<p class=\"wp-block-paragraph\">La media.<\/p>\n\n\n\n<p class=\"wp-block-paragraph\">Este patr\u00f3n aparece desde Agar hasta Zacar\u00edas.<\/p>\n\n\n\n<p class=\"wp-block-paragraph\">Agar est\u00e1 sola en el desierto y el \u00c1ngel hace presente al Dios que la ve.<\/p>\n\n\n\n<p class=\"wp-block-paragraph\">Abraham enfrenta la p\u00e9rdida de Isaac y el \u00c1ngel comunica directamente la voz pactal de Yahv\u00e9.<\/p>\n\n\n\n<p class=\"wp-block-paragraph\">Jacob recibe direcci\u00f3n mediante un \u00c1ngel que se identifica con el Dios de Bet-el.<\/p>\n\n\n\n<p class=\"wp-block-paragraph\">Mois\u00e9s encuentra en la zarza una manifestaci\u00f3n donde \u00c1ngel, Yahv\u00e9 y Elohim convergen.<\/p>\n\n\n\n<p class=\"wp-block-paragraph\">Israel recibe un \u00c1ngel que porta el Nombre.<\/p>\n\n\n\n<p class=\"wp-block-paragraph\">Gede\u00f3n recibe la seguridad:<\/p>\n\n\n\n<blockquote class=\"wp-block-quote is-layout-flow wp-block-quote-is-layout-flow\">\n<p class=\"wp-block-paragraph\">\u201cYahv\u00e9 est\u00e1 contigo\u201d.<\/p>\n<\/blockquote>\n\n\n\n<p class=\"wp-block-paragraph\">Manoa encuentra una figura cuyo nombre es \u201cmaravilloso\u201d.<\/p>\n\n\n\n<p class=\"wp-block-paragraph\">Zacar\u00edas contempla al \u00c1ngel como mediador e intercesor dentro de la corte celestial.<\/p>\n\n\n\n<p class=\"wp-block-paragraph\">En todos estos textos aparece una cuesti\u00f3n com\u00fan:<\/p>\n\n\n\n<blockquote class=\"wp-block-quote is-layout-flow wp-block-quote-is-layout-flow\">\n<p class=\"wp-block-paragraph\"><strong>\u00bfc\u00f3mo se hace presente el Dios que trasciende toda forma?<\/strong><\/p>\n<\/blockquote>\n\n\n\n<h2 id=\"la-respuesta-judia-agencia-y-representacion\" class=\"wp-block-heading\">La respuesta jud\u00eda: agencia y representaci\u00f3n<\/h2>\n\n\n\n<p class=\"wp-block-paragraph\">La tradici\u00f3n jud\u00eda ofrece una soluci\u00f3n coherente. El \u00c1ngel permanece criatura. Su autoridad procede completamente de Yahv\u00e9. Puede hablar en primera persona porque representa al remitente. Puede portar el Nombre porque ha sido investido con autoridad.La tradici\u00f3n jud\u00eda ofrece una soluci\u00f3n coherente. El \u00c1ngel permanece criatura; su autoridad procede completamente de Yahv\u00e9; puede hablar en primera persona porque representa al remitente y puede portar el Nombre porque ha sido investido con autoridad. Esta explicaci\u00f3n encuentra un paralelo importante en propuestas modernas de <strong>agencia representativa<\/strong>, como la defendida por Ren\u00e9 A. L\u00f3pez en su estudio del \u00c1ngel de Yahv\u00e9 en Jueces.<sup data-fn=\"c02b63d0-0aca-488d-8ae8-56fe9982a34c\" class=\"fn\"><a href=\"#c02b63d0-0aca-488d-8ae8-56fe9982a34c\" id=\"c02b63d0-0aca-488d-8ae8-56fe9982a34c-link\">184<\/a><\/sup><\/p>\n\n\n\n<p class=\"wp-block-paragraph\">Puede producir temor de haber visto a Dios porque encontrarse con el representante celestial de Dios equivale, en t\u00e9rminos funcionales, a encontrarse con la autoridad divina.<\/p>\n\n\n\n<p class=\"wp-block-paragraph\">Esta interpretaci\u00f3n preserva claramente la unicidad absoluta de Dios.<\/p>\n\n\n\n<p class=\"wp-block-paragraph\">Y posee un importante apoyo en textos donde el \u00c1ngel:<\/p>\n\n\n\n<p class=\"wp-block-paragraph\">habla a Yahv\u00e9,<\/p>\n\n\n\n<p class=\"wp-block-paragraph\">intercede,<\/p>\n\n\n\n<p class=\"wp-block-paragraph\">transmite \u201cAs\u00ed dice Yahv\u00e9\u201d,<\/p>\n\n\n\n<p class=\"wp-block-paragraph\">y dirige el sacrificio al propio Yahv\u00e9.<\/p>\n\n\n\n<p class=\"wp-block-paragraph\">Por ello, la interpretaci\u00f3n jud\u00eda de agencia no puede ser descartada simplemente como una evasi\u00f3n posterior.<\/p>\n\n\n\n<p class=\"wp-block-paragraph\">Es una explicaci\u00f3n seria del fen\u00f3meno.<\/p>\n\n\n\n<h2 id=\"su-dificultad-principal\" class=\"wp-block-heading\">Su dificultad principal<\/h2>\n\n\n\n<p class=\"wp-block-paragraph\">La dificultad aparece en aquellos relatos donde la narraci\u00f3n parece sobrepasar la representaci\u00f3n ordinaria.<\/p>\n\n\n\n<p class=\"wp-block-paragraph\">En <a href=\"https:\/\/biblia.com\/bible\/rvr60\/Ex3\">\u00c9xodo 3<\/a> no encontramos simplemente:<\/p>\n\n\n\n<blockquote class=\"wp-block-quote is-layout-flow wp-block-quote-is-layout-flow\">\n<p class=\"wp-block-paragraph\">\u201cel \u00c1ngel dijo las palabras de Dios\u201d.<\/p>\n<\/blockquote>\n\n\n\n<p class=\"wp-block-paragraph\">Encontramos:<\/p>\n\n\n\n<blockquote class=\"wp-block-quote is-layout-flow wp-block-quote-is-layout-flow\">\n<p class=\"wp-block-paragraph\">\u201cse apareci\u00f3 el \u00c1ngel\u201d,<\/p>\n<\/blockquote>\n\n\n\n<p class=\"wp-block-paragraph\">seguido por:<\/p>\n\n\n\n<blockquote class=\"wp-block-quote is-layout-flow wp-block-quote-is-layout-flow\">\n<p class=\"wp-block-paragraph\">\u201cYahv\u00e9 vio\u201d<\/p>\n<\/blockquote>\n\n\n\n<p class=\"wp-block-paragraph\">y:<\/p>\n\n\n\n<blockquote class=\"wp-block-quote is-layout-flow wp-block-quote-is-layout-flow\">\n<p class=\"wp-block-paragraph\">\u201cDios llam\u00f3\u201d.<\/p>\n<\/blockquote>\n\n\n\n<p class=\"wp-block-paragraph\">En Jueces 6 ocurre algo semejante.<\/p>\n\n\n\n<p class=\"wp-block-paragraph\">La pregunta entonces es:<\/p>\n\n\n\n<blockquote class=\"wp-block-quote is-layout-flow wp-block-quote-is-layout-flow\">\n<p class=\"wp-block-paragraph\"><strong>\u00bfpor qu\u00e9 el narrador no mantiene expl\u00edcitamente la distinci\u00f3n entre enviado y remitente?<\/strong><\/p>\n<\/blockquote>\n\n\n\n<p class=\"wp-block-paragraph\">Aqu\u00ed la teor\u00eda de agencia necesita hablar de una forma extremadamente intensificada de representaci\u00f3n.<\/p>\n\n\n\n<p class=\"wp-block-paragraph\">La explicaci\u00f3n sigue siendo posible.<\/p>\n\n\n\n<p class=\"wp-block-paragraph\">Pero deja de ser trivial.<\/p>\n\n\n\n<h2 id=\"la-respuesta-teofanica-el-angel-como-manifestacion-de-yahve\" class=\"wp-block-heading\">La respuesta teof\u00e1nica: el \u00c1ngel como manifestaci\u00f3n de Yahv\u00e9<\/h2>\n\n\n\n<p class=\"wp-block-paragraph\">La interpretaci\u00f3n teof\u00e1nica ofrece una soluci\u00f3n diferente.<\/p>\n\n\n\n<p class=\"wp-block-paragraph\">El \u00c1ngel es distinguible como forma o modo de manifestaci\u00f3n, pero la presencia que se manifiesta es verdaderamente Yahv\u00e9.<\/p>\n\n\n\n<p class=\"wp-block-paragraph\">As\u00ed se explica:<\/p>\n\n\n\n<blockquote class=\"wp-block-quote is-layout-flow wp-block-quote-is-layout-flow\">\n<p class=\"wp-block-paragraph\">\u00c1ngel \u2192 Yahv\u00e9,<\/p>\n<\/blockquote>\n\n\n\n<p class=\"wp-block-paragraph\">sin necesidad de asumir que el narrador se contradice.<\/p>\n\n\n\n<p class=\"wp-block-paragraph\">La figura visible constituye una forma mediante la cual el Dios invisible se hace perceptible.<\/p>\n\n\n\n<p class=\"wp-block-paragraph\">Este modelo explica particularmente bien:<\/p>\n\n\n\n<p class=\"wp-block-paragraph\"><a href=\"https:\/\/biblia.com\/bible\/rvr60\/Ge16\">G\u00e9nesis 16<\/a>,<\/p>\n\n\n\n<p class=\"wp-block-paragraph\"><a href=\"https:\/\/biblia.com\/bible\/rvr60\/Ge31\">G\u00e9nesis 31<\/a>,<\/p>\n\n\n\n<p class=\"wp-block-paragraph\"><a href=\"https:\/\/biblia.com\/bible\/rvr60\/Ex3\">\u00c9xodo 3<\/a>,<\/p>\n\n\n\n<p class=\"wp-block-paragraph\"><a href=\"https:\/\/biblia.com\/bible\/rvr60\/Jdg6\">Jueces 6<\/a>.<\/p>\n\n\n\n<p class=\"wp-block-paragraph\">Su principal dificultad aparece en:<\/p>\n\n\n\n<p class=\"wp-block-paragraph\"><a href=\"https:\/\/biblia.com\/bible\/rvr60\/Zec1\">Zacar\u00edas 1<\/a>,<\/p>\n\n\n\n<p class=\"wp-block-paragraph\">donde el \u00c1ngel intercede ante Yahv\u00e9,<\/p>\n\n\n\n<p class=\"wp-block-paragraph\">y en <a href=\"https:\/\/biblia.com\/bible\/rvr60\/Jdg13\">Jueces 13<\/a>,<\/p>\n\n\n\n<p class=\"wp-block-paragraph\">donde dirige el sacrificio hacia Yahv\u00e9.<\/p>\n\n\n\n<p class=\"wp-block-paragraph\">Por ello, incluso una interpretaci\u00f3n teof\u00e1nica debe mantener una <strong>distinci\u00f3n real<\/strong>.<\/p>\n\n\n\n<h2 id=\"la-respuesta-cristiana-el-logos-preencarnado\" class=\"wp-block-heading\">La respuesta cristiana: el Logos preencarnado<\/h2>\n\n\n\n<p class=\"wp-block-paragraph\">La tradici\u00f3n cristiana antigua encontr\u00f3 precisamente aqu\u00ed una estructura que pod\u00eda relacionarse con Padre e Hijo.<\/p>\n\n\n\n<p class=\"wp-block-paragraph\">El Hijo:<\/p>\n\n\n\n<p class=\"wp-block-paragraph\">es enviado,<\/p>\n\n\n\n<p class=\"wp-block-paragraph\">pero es Dios;<\/p>\n\n\n\n<p class=\"wp-block-paragraph\">es distinto del Padre,<\/p>\n\n\n\n<p class=\"wp-block-paragraph\">pero comparte la naturaleza divina;<\/p>\n\n\n\n<p class=\"wp-block-paragraph\">revela al Padre,<\/p>\n\n\n\n<p class=\"wp-block-paragraph\">pero no es una criatura;<\/p>\n\n\n\n<p class=\"wp-block-paragraph\">hace presente al Dios invisible.<\/p>\n\n\n\n<p class=\"wp-block-paragraph\">Por ello, autores como <strong>Justino M\u00e1rtir<\/strong> vieron en las antiguas teofan\u00edas una anticipaci\u00f3n de la relaci\u00f3n revelada plenamente en Cristo.<sup data-fn=\"98cf8b58-b6e6-4dc2-be52-0eb71c6eea4f\" class=\"fn\"><a href=\"#98cf8b58-b6e6-4dc2-be52-0eb71c6eea4f\" id=\"98cf8b58-b6e6-4dc2-be52-0eb71c6eea4f-link\">185<\/a><\/sup><\/p>\n\n\n\n<p class=\"wp-block-paragraph\">La interpretaci\u00f3n cristol\u00f3gica posee, por tanto, una fuerte <strong>coherencia sistem\u00e1tica<\/strong>.<\/p>\n\n\n\n<p class=\"wp-block-paragraph\">La pregunta sigue siendo si posee tambi\u00e9n suficiente <strong>fundamento exeg\u00e9tico<\/strong>.<\/p>\n\n\n\n<p class=\"wp-block-paragraph\">La respuesta m\u00e1s prudente parece ser:<\/p>\n\n\n\n<blockquote class=\"wp-block-quote is-layout-flow wp-block-quote-is-layout-flow\">\n<p class=\"wp-block-paragraph\">s\u00ed, como lectura can\u00f3nica retrospectiva;<\/p>\n<\/blockquote>\n\n\n\n<blockquote class=\"wp-block-quote is-layout-flow wp-block-quote-is-layout-flow\">\n<p class=\"wp-block-paragraph\">no, como identificaci\u00f3n expl\u00edcitamente formulada por los autores veterotestamentarios.<\/p>\n<\/blockquote>\n\n\n\n<p class=\"wp-block-paragraph\">Esta distinci\u00f3n es crucial.<\/p>\n\n\n\n<h2 id=\"sentido-historico-y-sentido-canonico\" class=\"wp-block-heading\">Sentido hist\u00f3rico y sentido can\u00f3nico<\/h2>\n\n\n\n<p class=\"wp-block-paragraph\">Aqu\u00ed llegamos a uno de los puntos metodol\u00f3gicos m\u00e1s importantes de todo el art\u00edculo.<\/p>\n\n\n\n<p class=\"wp-block-paragraph\">Es posible distinguir entre:<\/p>\n\n\n\n<blockquote class=\"wp-block-quote is-layout-flow wp-block-quote-is-layout-flow\">\n<p class=\"wp-block-paragraph\"><strong>sentido hist\u00f3rico<\/strong><\/p>\n<\/blockquote>\n\n\n\n<p class=\"wp-block-paragraph\">y:<\/p>\n\n\n\n<blockquote class=\"wp-block-quote is-layout-flow wp-block-quote-is-layout-flow\">\n<p class=\"wp-block-paragraph\"><strong>sentido can\u00f3nico o teol\u00f3gico posterior<\/strong>.<\/p>\n<\/blockquote>\n\n\n\n<p class=\"wp-block-paragraph\">El sentido hist\u00f3rico pregunta:<\/p>\n\n\n\n<blockquote class=\"wp-block-quote is-layout-flow wp-block-quote-is-layout-flow\">\n<p class=\"wp-block-paragraph\">\u00bfqu\u00e9 pod\u00eda comunicar esta figura dentro del mundo conceptual de Israel?<\/p>\n<\/blockquote>\n\n\n\n<p class=\"wp-block-paragraph\">La respuesta podr\u00eda incluir:<\/p>\n\n\n\n<p class=\"wp-block-paragraph\">agencia divina,<\/p>\n\n\n\n<p class=\"wp-block-paragraph\">manifestaci\u00f3n localizada,<\/p>\n\n\n\n<p class=\"wp-block-paragraph\">teofan\u00eda,<\/p>\n\n\n\n<p class=\"wp-block-paragraph\">presencia del Nombre,<\/p>\n\n\n\n<p class=\"wp-block-paragraph\">mediaci\u00f3n celestial.<\/p>\n\n\n\n<p class=\"wp-block-paragraph\">El sentido cristiano can\u00f3nico pregunta:<\/p>\n\n\n\n<blockquote class=\"wp-block-quote is-layout-flow wp-block-quote-is-layout-flow\">\n<p class=\"wp-block-paragraph\">\u00bfc\u00f3mo puede releerse esta figura a la luz de la revelaci\u00f3n de Cristo?<\/p>\n<\/blockquote>\n\n\n\n<p class=\"wp-block-paragraph\">La respuesta puede ser:<\/p>\n\n\n\n<blockquote class=\"wp-block-quote is-layout-flow wp-block-quote-is-layout-flow\">\n<p class=\"wp-block-paragraph\">como manifestaci\u00f3n preencarnada del Logos.<\/p>\n<\/blockquote>\n\n\n\n<p class=\"wp-block-paragraph\">Estos niveles no deben confundirse.<\/p>\n\n\n\n<p class=\"wp-block-paragraph\">Pero tampoco necesitan excluirse.<\/p>\n\n\n\n<p class=\"wp-block-paragraph\">Una teolog\u00eda cristiana puede afirmar que la revelaci\u00f3n posterior <strong>profundiza<\/strong> el significado de realidades anteriores sin sostener que el autor antiguo pose\u00eda toda la formulaci\u00f3n posterior.<sup data-fn=\"f7b0441f-0092-40c6-9955-993345f5644d\" class=\"fn\"><a href=\"#f7b0441f-0092-40c6-9955-993345f5644d\" id=\"f7b0441f-0092-40c6-9955-993345f5644d-link\">186<\/a><\/sup><\/p>\n\n\n\n<h2 id=\"hay-una-cristologia-oculta-en-el-antiguo-testamento\" class=\"wp-block-heading\">\u00bfHay una \u201ccristolog\u00eda oculta\u201d en el Antiguo Testamento?<\/h2>\n\n\n\n<p class=\"wp-block-paragraph\">La expresi\u00f3n debe utilizarse con cautela.<\/p>\n\n\n\n<p class=\"wp-block-paragraph\">No ser\u00eda adecuado afirmar que G\u00e9nesis o \u00c9xodo contienen una doctrina plenamente desarrollada del Hijo eterno.<\/p>\n\n\n\n<p class=\"wp-block-paragraph\">Las categor\u00edas:<\/p>\n\n\n\n<p class=\"wp-block-paragraph\">Padre,<\/p>\n\n\n\n<p class=\"wp-block-paragraph\">Hijo,<\/p>\n\n\n\n<p class=\"wp-block-paragraph\">homoousios,<\/p>\n\n\n\n<p class=\"wp-block-paragraph\">una esencia,<\/p>\n\n\n\n<p class=\"wp-block-paragraph\">tres personas,<\/p>\n\n\n\n<p class=\"wp-block-paragraph\">pertenecen a etapas posteriores de la revelaci\u00f3n y reflexi\u00f3n teol\u00f3gica.<\/p>\n\n\n\n<p class=\"wp-block-paragraph\">Sin embargo, s\u00ed puede afirmarse que algunos textos veterotestamentarios presentan una <strong>complejidad dentro de la manifestaci\u00f3n divina<\/strong> que posteriormente pudo ser integrada de manera natural dentro de una cristolog\u00eda trinitaria.<\/p>\n\n\n\n<p class=\"wp-block-paragraph\">Ese es probablemente el punto m\u00e1s s\u00f3lido.<\/p>\n\n\n\n<p class=\"wp-block-paragraph\">No:<\/p>\n\n\n\n<blockquote class=\"wp-block-quote is-layout-flow wp-block-quote-is-layout-flow\">\n<p class=\"wp-block-paragraph\">\u201cel Antiguo Testamento ense\u00f1a expl\u00edcitamente la Trinidad mediante el \u00c1ngel\u201d.<\/p>\n<\/blockquote>\n\n\n\n<p class=\"wp-block-paragraph\">Sino:<\/p>\n\n\n\n<blockquote class=\"wp-block-quote is-layout-flow wp-block-quote-is-layout-flow\">\n<p class=\"wp-block-paragraph\"><strong>\u201cel Antiguo Testamento contiene patrones de distinci\u00f3n dentro de la presencia divina que una lectura cristiana posterior pudo comprender en relaci\u00f3n con Padre e Hijo\u201d.<\/strong><\/p>\n<\/blockquote>\n\n\n\n<p class=\"wp-block-paragraph\">Esta formulaci\u00f3n evita tanto el anacronismo como una ruptura absoluta entre los Testamentos.<\/p>\n\n\n\n<h2 id=\"la-importancia-del-nuevo-testamento\" class=\"wp-block-heading\">La importancia del Nuevo Testamento<\/h2>\n\n\n\n<p class=\"wp-block-paragraph\">El paso cristol\u00f3gico se vuelve plausible precisamente porque el Nuevo Testamento presenta a Cristo como preexistente y activo dentro de la historia de Israel.<\/p>\n\n\n\n<p class=\"wp-block-paragraph\">Pablo:<\/p>\n\n\n\n<blockquote class=\"wp-block-quote is-layout-flow wp-block-quote-is-layout-flow\">\n<p class=\"wp-block-paragraph\">\u201cla roca era Cristo\u201d (<a href=\"https:\/\/biblia.com\/bible\/rvr60\/1Co10.4\">1 Co 10:4<\/a>).<\/p>\n<\/blockquote>\n\n\n\n<p class=\"wp-block-paragraph\">Juan presenta al Logos:<\/p>\n\n\n\n<blockquote class=\"wp-block-quote is-layout-flow wp-block-quote-is-layout-flow\">\n<p class=\"wp-block-paragraph\">\u201cen el principio\u201d (<a href=\"https:\/\/biblia.com\/bible\/rvr60\/Jn1.1\">Jn 1:1<\/a>).<\/p>\n<\/blockquote>\n\n\n\n<p class=\"wp-block-paragraph\">Jes\u00fas declara:<\/p>\n\n\n\n<blockquote class=\"wp-block-quote is-layout-flow wp-block-quote-is-layout-flow\">\n<p class=\"wp-block-paragraph\">\u201cAntes que Abraham fuese, yo soy\u201d (<a href=\"https:\/\/biblia.com\/bible\/rvr60\/Jn8.58\">Jn 8:58<\/a>).<\/p>\n<\/blockquote>\n\n\n\n<p class=\"wp-block-paragraph\">Juan interpreta la visi\u00f3n de Isa\u00edas en relaci\u00f3n con Cristo:<\/p>\n\n\n\n<blockquote class=\"wp-block-quote is-layout-flow wp-block-quote-is-layout-flow\">\n<p class=\"wp-block-paragraph\">\u201cvio su gloria\u201d (<a href=\"https:\/\/biblia.com\/bible\/rvr60\/Jn12.41\">Jn 12:41<\/a>).<\/p>\n<\/blockquote>\n\n\n\n<p class=\"wp-block-paragraph\">Estos textos muestran que la lectura cristiana de la historia veterotestamentaria en t\u00e9rminos de Cristo no fue una invenci\u00f3n exclusiva de los Padres.<\/p>\n\n\n\n<p class=\"wp-block-paragraph\">Los propios autores neotestamentarios ya releen la historia de Israel cristol\u00f3gicamente.<\/p>\n\n\n\n<p class=\"wp-block-paragraph\">Lo que no encontramos es la ecuaci\u00f3n expl\u00edcita:<\/p>\n\n\n\n<blockquote class=\"wp-block-quote is-layout-flow wp-block-quote-is-layout-flow\">\n<p class=\"wp-block-paragraph\"><strong>\u201cJes\u00fas = \u00c1ngel de Yahv\u00e9\u201d.<\/strong><\/p>\n<\/blockquote>\n\n\n\n<p class=\"wp-block-paragraph\">Esa formulaci\u00f3n concreta pertenece principalmente a la historia posterior de interpretaci\u00f3n.<\/p>\n\n\n\n<h2 id=\"una-formulacion-teologica-equilibrada\" class=\"wp-block-heading\">Una formulaci\u00f3n teol\u00f3gica equilibrada<\/h2>\n\n\n\n<p class=\"wp-block-paragraph\">Despu\u00e9s de todo el recorrido, quiz\u00e1 la afirmaci\u00f3n cristiana m\u00e1s equilibrada sea la siguiente:<\/p>\n\n\n\n<blockquote class=\"wp-block-quote is-layout-flow wp-block-quote-is-layout-flow\">\n<p class=\"wp-block-paragraph\"><strong>En varios pasajes veterotestamentarios, el \u00c1ngel de Yahv\u00e9 funciona como manifestaci\u00f3n singular de la presencia divina, distingui\u00e9ndose de Yahv\u00e9 en cuanto enviado pero participando de su Nombre, autoridad y autocomunicaci\u00f3n de una manera que supera la agencia angelical ordinaria. Dentro de una lectura cristiana can\u00f3nica, estas apariciones pueden ser interpretadas coherentemente como manifestaciones preencarnadas del Logos, aunque el Antiguo Testamento no formule expl\u00edcitamente esa identificaci\u00f3n.<\/strong><\/p>\n<\/blockquote>\n\n\n\n<p class=\"wp-block-paragraph\">Esta formulaci\u00f3n mantiene:<\/p>\n\n\n\n<p class=\"wp-block-paragraph\">la ex\u00e9gesis,<\/p>\n\n\n\n<p class=\"wp-block-paragraph\">la historia,<\/p>\n\n\n\n<p class=\"wp-block-paragraph\">la teolog\u00eda,<\/p>\n\n\n\n<p class=\"wp-block-paragraph\">y la cautela metodol\u00f3gica.<\/p>\n\n\n\n<h2 id=\"el-angel-y-la-doctrina-de-la-trinidad\" class=\"wp-block-heading\">El \u00c1ngel y la doctrina de la Trinidad<\/h2>\n\n\n\n<p class=\"wp-block-paragraph\">La figura del \u00c1ngel no demuestra por s\u00ed misma la Trinidad.<\/p>\n\n\n\n<p class=\"wp-block-paragraph\">Esto debe afirmarse claramente.<\/p>\n\n\n\n<p class=\"wp-block-paragraph\">Una doctrina trinitaria necesita el conjunto de la revelaci\u00f3n b\u00edblica.<\/p>\n\n\n\n<p class=\"wp-block-paragraph\">Pero el \u00c1ngel puede funcionar como <strong>antecedente conceptual<\/strong> de una distinci\u00f3n que la doctrina trinitaria posteriormente articular\u00e1 de manera m\u00e1s precisa.<\/p>\n\n\n\n<p class=\"wp-block-paragraph\">El \u00c1ngel:<\/p>\n\n\n\n<p class=\"wp-block-paragraph\">es distinguido de Yahv\u00e9;<\/p>\n\n\n\n<p class=\"wp-block-paragraph\">pero participa de la presencia de Yahv\u00e9.<\/p>\n\n\n\n<p class=\"wp-block-paragraph\">La Trinidad afirma:<\/p>\n\n\n\n<p class=\"wp-block-paragraph\">el Hijo es distinguido del Padre;<\/p>\n\n\n\n<p class=\"wp-block-paragraph\">pero comparte plenamente la \u00fanica naturaleza divina.<\/p>\n\n\n\n<p class=\"wp-block-paragraph\">La similitud estructural explica por qu\u00e9 la interpretaci\u00f3n cristol\u00f3gica result\u00f3 tan natural para Justino, Tertuliano y otros.<\/p>\n\n\n\n<p class=\"wp-block-paragraph\">Pero la correspondencia no debe convertirse en demostraci\u00f3n hist\u00f3rica autom\u00e1tica.<\/p>\n\n\n\n<h2 id=\"el-angel-y-la-cristologia-de-la-revelacion\" class=\"wp-block-heading\">El \u00c1ngel y la cristolog\u00eda de la revelaci\u00f3n<\/h2>\n\n\n\n<p class=\"wp-block-paragraph\">Quiz\u00e1 la contribuci\u00f3n teol\u00f3gica m\u00e1s profunda del tema no sea simplemente demostrar una cristofan\u00eda.<\/p>\n\n\n\n<p class=\"wp-block-paragraph\">Es revelar algo acerca de <strong>c\u00f3mo Dios se da a conocer<\/strong>.<\/p>\n\n\n\n<p class=\"wp-block-paragraph\">El Dios b\u00edblico no permanece encerrado en una trascendencia inaccesible.<\/p>\n\n\n\n<p class=\"wp-block-paragraph\">Se aproxima.<\/p>\n\n\n\n<p class=\"wp-block-paragraph\">Habla.<\/p>\n\n\n\n<p class=\"wp-block-paragraph\">Env\u00eda.<\/p>\n\n\n\n<p class=\"wp-block-paragraph\">Se manifiesta.<\/p>\n\n\n\n<p class=\"wp-block-paragraph\">Hace habitar su Nombre.<\/p>\n\n\n\n<p class=\"wp-block-paragraph\">Hace visible su presencia sin dejar de ser trascendente.<\/p>\n\n\n\n<p class=\"wp-block-paragraph\">Desde una perspectiva cristiana, esta din\u00e1mica alcanza su culminaci\u00f3n en:<\/p>\n\n\n\n<blockquote class=\"wp-block-quote is-layout-flow wp-block-quote-is-layout-flow\">\n<p class=\"wp-block-paragraph\">\u201cY aquel Verbo fue hecho carne, y habit\u00f3 entre nosotros\u201d (<a href=\"https:\/\/biblia.com\/bible\/rvr60\/Jn1.14\">Jn 1:14<\/a>).<\/p>\n<\/blockquote>\n\n\n\n<p class=\"wp-block-paragraph\">La encarnaci\u00f3n no es simplemente otra aparici\u00f3n.<\/p>\n\n\n\n<p class=\"wp-block-paragraph\">Es el punto culminante de una larga historia de <strong>autocomunicaci\u00f3n divina<\/strong>.<\/p>\n\n\n\n<p class=\"wp-block-paragraph\">En este sentido, incluso si un int\u00e9rprete cristiano decide no identificar cada aparici\u00f3n del \u00c1ngel con Cristo, la figura contin\u00faa teniendo una profunda relaci\u00f3n con la cristolog\u00eda.<\/p>\n\n\n\n<p class=\"wp-block-paragraph\">Prepara la pregunta:<\/p>\n\n\n\n<blockquote class=\"wp-block-quote is-layout-flow wp-block-quote-is-layout-flow\">\n<p class=\"wp-block-paragraph\"><strong>\u00bfc\u00f3mo puede Dios hacerse presente sin dejar de ser Dios?<\/strong><\/p>\n<\/blockquote>\n\n\n\n<p class=\"wp-block-paragraph\">El Nuevo Testamento responde finalmente mediante el Logos encarnado.<\/p>\n\n\n\n<h2 id=\"del-angel-a-emmanuel\" class=\"wp-block-heading\">Del \u00c1ngel a Emmanuel<\/h2>\n\n\n\n<p class=\"wp-block-paragraph\">Existe aqu\u00ed una continuidad teol\u00f3gica especialmente sugerente.<\/p>\n\n\n\n<p class=\"wp-block-paragraph\">El \u00c1ngel comunica:<\/p>\n\n\n\n<blockquote class=\"wp-block-quote is-layout-flow wp-block-quote-is-layout-flow\">\n<p class=\"wp-block-paragraph\">\u201cYahv\u00e9 est\u00e1 contigo\u201d (<a href=\"https:\/\/biblia.com\/bible\/rvr60\/Jdg6.12\">Jue 6:12<\/a>).<\/p>\n<\/blockquote>\n\n\n\n<p class=\"wp-block-paragraph\">La promesa divina a Mois\u00e9s es:<\/p>\n\n\n\n<blockquote class=\"wp-block-quote is-layout-flow wp-block-quote-is-layout-flow\">\n<p class=\"wp-block-paragraph\">\u201cyo estar\u00e9 contigo\u201d (<a href=\"https:\/\/biblia.com\/bible\/rvr60\/Ex3.12\">Ex 3:12<\/a>).<\/p>\n<\/blockquote>\n\n\n\n<p class=\"wp-block-paragraph\">El gran problema de \u00c9xodo 33 es:<\/p>\n\n\n\n<blockquote class=\"wp-block-quote is-layout-flow wp-block-quote-is-layout-flow\">\n<p class=\"wp-block-paragraph\">\u201cSi tu presencia no ha de ir conmigo, no nos saques de aqu\u00ed\u201d (<a href=\"https:\/\/biblia.com\/bible\/rvr60\/Ex33.15\">Ex 33:15<\/a>).<\/p>\n<\/blockquote>\n\n\n\n<p class=\"wp-block-paragraph\">Y la cristolog\u00eda mateana presenta a Jes\u00fas como:<\/p>\n\n\n\n<blockquote class=\"wp-block-quote is-layout-flow wp-block-quote-is-layout-flow\">\n<p class=\"wp-block-paragraph\">\u201cEmanuel, que traducido es: Dios con nosotros\u201d (<a href=\"https:\/\/biblia.com\/bible\/rvr60\/Mt1.23\">Mt 1:23<\/a>).<\/p>\n<\/blockquote>\n\n\n\n<p class=\"wp-block-paragraph\">La continuidad tem\u00e1tica es notable.<\/p>\n\n\n\n<p class=\"wp-block-paragraph\">La cuesti\u00f3n de fondo desde el Pentateuco hasta el Evangelio no es \u00fanicamente:<\/p>\n\n\n\n<blockquote class=\"wp-block-quote is-layout-flow wp-block-quote-is-layout-flow\">\n<p class=\"wp-block-paragraph\">\u201c\u00bfqui\u00e9n es el mensajero?\u201d<\/p>\n<\/blockquote>\n\n\n\n<p class=\"wp-block-paragraph\">Es:<\/p>\n\n\n\n<blockquote class=\"wp-block-quote is-layout-flow wp-block-quote-is-layout-flow\">\n<p class=\"wp-block-paragraph\"><strong>\u201c\u00bfc\u00f3mo est\u00e1 Dios con su pueblo?\u201d<\/strong><\/p>\n<\/blockquote>\n\n\n\n<p class=\"wp-block-paragraph\">El \u00c1ngel participa de esa respuesta en el Antiguo Testamento.<\/p>\n\n\n\n<p class=\"wp-block-paragraph\">Cristo constituye, para el Nuevo Testamento, su expresi\u00f3n culminante.<\/p>\n\n\n\n<h2 id=\"el-angel-y-la-revelacion-del-nombre\" class=\"wp-block-heading\">El \u00c1ngel y la revelaci\u00f3n del Nombre<\/h2>\n\n\n\n<p class=\"wp-block-paragraph\">La relaci\u00f3n alcanza todav\u00eda otra profundidad cuando se compara:<\/p>\n\n\n\n<blockquote class=\"wp-block-quote is-layout-flow wp-block-quote-is-layout-flow\">\n<p class=\"wp-block-paragraph\">\u201cmi Nombre est\u00e1 en \u00e9l\u201d (<a href=\"https:\/\/biblia.com\/bible\/rvr60\/Ex23.21\">Ex 23:21<\/a>)<\/p>\n<\/blockquote>\n\n\n\n<p class=\"wp-block-paragraph\">con el lenguaje jo\u00e1nico.<\/p>\n\n\n\n<p class=\"wp-block-paragraph\">Jes\u00fas dice en su oraci\u00f3n al Padre:<\/p>\n\n\n\n<blockquote class=\"wp-block-quote is-layout-flow wp-block-quote-is-layout-flow\">\n<p class=\"wp-block-paragraph\">\u201cHe manifestado tu nombre a los hombres\u201d (<a href=\"https:\/\/biblia.com\/bible\/rvr60\/Jn17.6\">Jn 17:6<\/a>).<\/p>\n<\/blockquote>\n\n\n\n<p class=\"wp-block-paragraph\">Y:<\/p>\n\n\n\n<blockquote class=\"wp-block-quote is-layout-flow wp-block-quote-is-layout-flow\">\n<p class=\"wp-block-paragraph\">\u201cPadre santo, a los que me has dado, gu\u00e1rdalos en tu nombre\u201d (<a href=\"https:\/\/biblia.com\/bible\/rvr60\/Jn17.11\">Jn 17:11<\/a>).<\/p>\n<\/blockquote>\n\n\n\n<p class=\"wp-block-paragraph\">No debemos afirmar una dependencia directa sin evidencia.<\/p>\n\n\n\n<p class=\"wp-block-paragraph\">Pero dentro de una lectura can\u00f3nica existe una fuerte convergencia:<\/p>\n\n\n\n<p class=\"wp-block-paragraph\">el enviado,<\/p>\n\n\n\n<p class=\"wp-block-paragraph\">el Nombre,<\/p>\n\n\n\n<p class=\"wp-block-paragraph\">la presencia,<\/p>\n\n\n\n<p class=\"wp-block-paragraph\">la protecci\u00f3n,<\/p>\n\n\n\n<p class=\"wp-block-paragraph\">la obediencia.<\/p>\n\n\n\n<p class=\"wp-block-paragraph\">El \u00c1ngel de \u00c9xodo porta el Nombre.<\/p>\n\n\n\n<p class=\"wp-block-paragraph\">El Hijo jo\u00e1nico revela el Nombre.<\/p>\n\n\n\n<p class=\"wp-block-paragraph\">Esta convergencia contribuy\u00f3 naturalmente al desarrollo de la interpretaci\u00f3n cristol\u00f3gica.<\/p>\n\n\n\n<h2 id=\"un-limite-necesario-no-confundir-al-angel-con-la-encarnacion\" class=\"wp-block-heading\">Un l\u00edmite necesario: no confundir al \u00c1ngel con la encarnaci\u00f3n<\/h2>\n\n\n\n<p class=\"wp-block-paragraph\">La s\u00edntesis debe mantener tambi\u00e9n la advertencia patr\u00edstica y medieval.<\/p>\n\n\n\n<p class=\"wp-block-paragraph\">Si determinadas apariciones fueron del Logos, eso no significa que el Hijo asumiera repetidamente naturaleza humana antes de Bel\u00e9n.<\/p>\n\n\n\n<p class=\"wp-block-paragraph\">Una <strong>cristofan\u00eda<\/strong> es una manifestaci\u00f3n temporal.<\/p>\n\n\n\n<p class=\"wp-block-paragraph\">La <strong>encarnaci\u00f3n<\/strong> es:<\/p>\n\n\n\n<blockquote class=\"wp-block-quote is-layout-flow wp-block-quote-is-layout-flow\">\n<p class=\"wp-block-paragraph\">verdadera asunci\u00f3n de naturaleza humana.<\/p>\n<\/blockquote>\n\n\n\n<p class=\"wp-block-paragraph\">Por ello:<\/p>\n\n\n\n<blockquote class=\"wp-block-quote is-layout-flow wp-block-quote-is-layout-flow\">\n<p class=\"wp-block-paragraph\">\u201cel Verbo fue hecho carne\u201d (<a href=\"https:\/\/biblia.com\/bible\/rvr60\/Jn1.14\">Jn 1:14<\/a>)<\/p>\n<\/blockquote>\n\n\n\n<p class=\"wp-block-paragraph\">contin\u00faa siendo un acontecimiento \u00fanico.<\/p>\n\n\n\n<p class=\"wp-block-paragraph\">Las apariciones anteriores, si se interpretan cristol\u00f3gicamente, anticipan la encarnaci\u00f3n sin repetirla.<\/p>\n\n\n\n<h2 id=\"sintesis-de-las-principales-posiciones\" class=\"wp-block-heading\">S\u00edntesis de las principales posiciones<\/h2>\n\n\n\n<p class=\"wp-block-paragraph\">Podemos finalmente resumir el panorama completo.<\/p>\n\n\n\n<h3 id=\"interpretacion-judia-representativa\" class=\"wp-block-heading\">Interpretaci\u00f3n jud\u00eda representativa<\/h3>\n\n\n\n<p class=\"wp-block-paragraph\">El \u00c1ngel es criatura.<\/p>\n\n\n\n<p class=\"wp-block-paragraph\">Porta autoridad divina.<\/p>\n\n\n\n<p class=\"wp-block-paragraph\">Habla como Dios porque representa a Dios.<\/p>\n\n\n\n<p class=\"wp-block-paragraph\">Su principal fortaleza es explicar la distinci\u00f3n.<\/p>\n\n\n\n<p class=\"wp-block-paragraph\">Su principal dificultad es la identificaci\u00f3n narrativa extremadamente fuerte en determinados relatos.<\/p>\n\n\n\n<h3 id=\"interpretacion-historico-redaccional\" class=\"wp-block-heading\">Interpretaci\u00f3n hist\u00f3rico-redaccional<\/h3>\n\n\n\n<p class=\"wp-block-paragraph\">El fen\u00f3meno refleja diferentes etapas o tradiciones literarias.<\/p>\n\n\n\n<p class=\"wp-block-paragraph\">Su fortaleza consiste en explicar determinadas irregularidades textuales.<\/p>\n\n\n\n<p class=\"wp-block-paragraph\">Su dificultad es que no siempre puede demostrarse para cada pasaje y no elimina la necesidad de interpretar la forma final.<\/p>\n\n\n\n<h3 id=\"interpretacion-de-manifestacion-divina\" class=\"wp-block-heading\">Interpretaci\u00f3n de manifestaci\u00f3n divina<\/h3>\n\n\n\n<p class=\"wp-block-paragraph\">El \u00c1ngel es una forma personal o localizada de presencia de Yahv\u00e9.<\/p>\n\n\n\n<p class=\"wp-block-paragraph\">Su fortaleza es explicar las transiciones \u00c1ngel\/Yahv\u00e9.<\/p>\n\n\n\n<p class=\"wp-block-paragraph\">Su dificultad est\u00e1 en integrar los textos donde el \u00c1ngel habla claramente a Yahv\u00e9.<\/p>\n\n\n\n<h3 id=\"interpretacion-cristofanica\" class=\"wp-block-heading\">Interpretaci\u00f3n cristof\u00e1nica<\/h3>\n\n\n\n<p class=\"wp-block-paragraph\">El \u00c1ngel teof\u00e1nico es el Logos preencarnado.<\/p>\n\n\n\n<p class=\"wp-block-paragraph\">Su fortaleza est\u00e1 en explicar simult\u00e1neamente distinci\u00f3n y divinidad dentro de una teolog\u00eda trinitaria.<\/p>\n\n\n\n<p class=\"wp-block-paragraph\">Su dificultad es que la identificaci\u00f3n concreta con Cristo no aparece expl\u00edcitamente formulada en el Antiguo Testamento.<\/p>\n\n\n\n<h3 id=\"interpretacion-agustiniana-de-signos-creados\" class=\"wp-block-heading\">Interpretaci\u00f3n agustiniana de signos creados<\/h3>\n\n\n\n<p class=\"wp-block-paragraph\">La forma visible es una realidad creada mediante la cual Dios se manifiesta.<\/p>\n\n\n\n<p class=\"wp-block-paragraph\">Su fortaleza est\u00e1 en preservar la invisibilidad com\u00fan de la naturaleza divina.<\/p>\n\n\n\n<p class=\"wp-block-paragraph\">Su dificultad es que puede parecer insuficiente para explicar algunos textos donde el mensajero participa excepcionalmente de la identidad de Yahv\u00e9.<\/p>\n\n\n\n<h2 id=\"conclusion-teologica-provisional\" class=\"wp-block-heading\">Conclusi\u00f3n teol\u00f3gica provisional<\/h2>\n\n\n\n<p class=\"wp-block-paragraph\">Despu\u00e9s de evaluar estas posibilidades, la evidencia parece permitir afirmar con un grado razonable de seguridad:<\/p>\n\n\n\n<blockquote class=\"wp-block-quote is-layout-flow wp-block-quote-is-layout-flow\">\n<p class=\"wp-block-paragraph\"><strong>El \u00c1ngel de Yahv\u00e9 constituye, en varios de los principales relatos veterotestamentarios, una forma singular de mediaci\u00f3n de la presencia divina que no puede reducirse sin dificultad a la actividad de un mensajero celestial ordinario.<\/strong><\/p>\n<\/blockquote>\n\n\n\n<p class=\"wp-block-paragraph\">La evidencia permite adem\u00e1s afirmar:<\/p>\n\n\n\n<blockquote class=\"wp-block-quote is-layout-flow wp-block-quote-is-layout-flow\">\n<p class=\"wp-block-paragraph\"><strong>La identificaci\u00f3n del \u00c1ngel con Yahv\u00e9 es suficientemente fuerte en determinados textos como para justificar hablar de teofan\u00eda.<\/strong><\/p>\n<\/blockquote>\n\n\n\n<p class=\"wp-block-paragraph\">En cambio:<\/p>\n\n\n\n<blockquote class=\"wp-block-quote is-layout-flow wp-block-quote-is-layout-flow\">\n<p class=\"wp-block-paragraph\"><strong>la identificaci\u00f3n espec\u00edfica con el Hijo preencarnado pertenece a una lectura cristiana can\u00f3nica y teol\u00f3gica posterior, plausible y profundamente arraigada en la tradici\u00f3n cristiana, pero no expl\u00edcitamente formulada por los autores veterotestamentarios.<\/strong><\/p>\n<\/blockquote>\n\n\n\n<p class=\"wp-block-paragraph\">Esta distinci\u00f3n ofrece probablemente la manera m\u00e1s equilibrada de respetar simult\u00e1neamente:<\/p>\n\n\n\n<p class=\"wp-block-paragraph\">el texto hebreo,<\/p>\n\n\n\n<p class=\"wp-block-paragraph\">el contexto hist\u00f3rico,<\/p>\n\n\n\n<p class=\"wp-block-paragraph\">la recepci\u00f3n jud\u00eda,<\/p>\n\n\n\n<p class=\"wp-block-paragraph\">la tradici\u00f3n cristiana,<\/p>\n\n\n\n<p class=\"wp-block-paragraph\">y la teolog\u00eda sistem\u00e1tica.<\/p>\n\n\n\n<h3 id=\"transicion-hacia-la-conclusion-general\" class=\"wp-block-heading\">Transici\u00f3n hacia la conclusi\u00f3n general<\/h3>\n\n\n\n<p class=\"wp-block-paragraph\">A partir de aqu\u00ed, el art\u00edculo puede cerrar con una <strong>conclusi\u00f3n general extensa<\/strong>, donde se resuman las principales apariciones, la historia de la interpretaci\u00f3n, el debate contempor\u00e1neo y una propuesta final sobre el grado de certeza con el que puede hablarse del \u00c1ngel de Yahv\u00e9 como teofan\u00eda y como posible cristofan\u00eda. Despu\u00e9s de esa conclusi\u00f3n convendr\u00eda a\u00f1adir una <strong>bibliograf\u00eda acad\u00e9mica completa y organizada por fuentes primarias, comentarios, monograf\u00edas y estudios modernos<\/strong>.<\/p>\n\n\n\n<p class=\"wp-block-paragraph\">Continuamos con la <strong>conclusi\u00f3n general del art\u00edculo<\/strong>. Aqu\u00ed conviene no limitarse a repetir lo anterior, sino reunir los resultados exeg\u00e9ticos, hist\u00f3ricos y teol\u00f3gicos y formular con precisi\u00f3n qu\u00e9 puede sostenerse con mayor o menor grado de certeza sobre la identidad del \u00c1ngel de Yahv\u00e9.<\/p>\n\n\n\n<h1 id=\"conclusion-general-el-angel-de-yahve-entre-la-presencia-divina-la-mediacion-y-la-cristofania\" class=\"wp-block-heading\">Conclusi\u00f3n general: el \u00c1ngel de Yahv\u00e9 entre la presencia divina, la mediaci\u00f3n y la cristofan\u00eda<\/h1>\n\n\n\n<p class=\"wp-block-paragraph\">El recorrido realizado a lo largo de este estudio permite comprobar que la figura del <strong>\u00c1ngel de Yahv\u00e9<\/strong> constituye un fen\u00f3meno mucho m\u00e1s complejo de lo que puede sugerir una lectura superficial de los relatos veterotestamentarios. No estamos simplemente ante una cuesti\u00f3n terminol\u00f3gica acerca del significado de la palabra hebrea <em>mal\u02beakh<\/em>, ni ante un problema que pueda resolverse identificando autom\u00e1ticamente cada aparici\u00f3n del \u201c\u00c1ngel del Se\u00f1or\u201d con Cristo. La evidencia b\u00edblica muestra una realidad m\u00e1s rica: en determinados textos el \u00c1ngel aparece como un mensajero claramente distinguido de Yahv\u00e9, mientras que en otros habla, act\u00faa y es descrito de una manera que lo sit\u00faa extraordinariamente cerca de la propia identidad y presencia divina.<\/p>\n\n\n\n<p class=\"wp-block-paragraph\">Precisamente esta tensi\u00f3n explica la extraordinaria historia interpretativa de la figura.<\/p>\n\n\n\n<p class=\"wp-block-paragraph\">La ex\u00e9gesis jud\u00eda ha podido comprenderla fundamentalmente mediante categor\u00edas de <strong>agencia y representaci\u00f3n<\/strong>. La tradici\u00f3n cristiana antigua encontr\u00f3 en ella una manifestaci\u00f3n del <strong>Logos preencarnado<\/strong>. La cr\u00edtica hist\u00f3rica propuso explicaciones relacionadas con el desarrollo literario de las tradiciones teof\u00e1nicas. Y determinados investigadores contempor\u00e1neos han recuperado categor\u00edas antiguas de manifestaci\u00f3n divina, presencia localizada y diferenciaci\u00f3n dentro de la identidad de Yahv\u00e9.<\/p>\n\n\n\n<p class=\"wp-block-paragraph\">Cada una de estas propuestas intenta responder a la misma anomal\u00eda textual:<\/p>\n\n\n\n<blockquote class=\"wp-block-quote is-layout-flow wp-block-quote-is-layout-flow\">\n<p class=\"wp-block-paragraph\"><strong>el \u00c1ngel es enviado por Yahv\u00e9 y, sin embargo, en determinados relatos puede hablar y ser experimentado como Yahv\u00e9 mismo.<\/strong><\/p>\n<\/blockquote>\n\n\n\n<p class=\"wp-block-paragraph\">Esta paradoja constituye el verdadero centro del problema.<\/p>\n\n\n\n<h2 id=\"el-punto-de-partida-debe-continuar-siendo-mal\u02beakh\" class=\"wp-block-heading\">El punto de partida debe continuar siendo <em>mal\u02beakh<\/em><\/h2>\n\n\n\n<p class=\"wp-block-paragraph\">El an\u00e1lisis filol\u00f3gico realizado al comienzo del estudio sigue siendo fundamental para cualquier conclusi\u00f3n.<\/p>\n\n\n\n<p class=\"wp-block-paragraph\">El sustantivo hebreo:<\/p>\n\n\n\n<blockquote class=\"wp-block-quote is-layout-flow wp-block-quote-is-layout-flow\">\n<p class=\"wp-block-paragraph\">\u05de\u05b7\u05dc\u05b0\u05d0\u05b8\u05da\u05b0<br><em>mal\u02beakh<\/em><\/p>\n<\/blockquote>\n\n\n\n<p class=\"wp-block-paragraph\">significa esencialmente:<\/p>\n\n\n\n<blockquote class=\"wp-block-quote is-layout-flow wp-block-quote-is-layout-flow\">\n<p class=\"wp-block-paragraph\"><strong>mensajero \/ enviado.<\/strong><\/p>\n<\/blockquote>\n\n\n\n<p class=\"wp-block-paragraph\">La palabra no define por s\u00ed misma la naturaleza ontol\u00f3gica del personaje.<\/p>\n\n\n\n<p class=\"wp-block-paragraph\">Un <em>mal\u02beakh<\/em> puede ser humano o celestial dependiendo del contexto. Por ello, traducir inmediatamente:<\/p>\n\n\n\n<blockquote class=\"wp-block-quote is-layout-flow wp-block-quote-is-layout-flow\">\n<p class=\"wp-block-paragraph\"><em>mal\u02beakh YHWH<\/em> = \u201cser angelical creado perteneciente a Yahv\u00e9\u201d<\/p>\n<\/blockquote>\n\n\n\n<p class=\"wp-block-paragraph\">introduce una conclusi\u00f3n que el t\u00e9rmino mismo todav\u00eda no proporciona.<\/p>\n\n\n\n<p class=\"wp-block-paragraph\">La expresi\u00f3n indica primero una <strong>funci\u00f3n<\/strong>:<\/p>\n\n\n\n<blockquote class=\"wp-block-quote is-layout-flow wp-block-quote-is-layout-flow\">\n<p class=\"wp-block-paragraph\">alguien ha sido enviado.<\/p>\n<\/blockquote>\n\n\n\n<p class=\"wp-block-paragraph\">Este dato resulta particularmente importante para la interpretaci\u00f3n cristol\u00f3gica.<\/p>\n\n\n\n<p class=\"wp-block-paragraph\">Si determinadas apariciones corresponden al Hijo preencarnado, llamarlo <em>mal\u02beakh<\/em> no implicar\u00eda que el Hijo perteneciera al orden creado de los \u00e1ngeles. Significar\u00eda que aparece en funci\u00f3n de:<\/p>\n\n\n\n<blockquote class=\"wp-block-quote is-layout-flow wp-block-quote-is-layout-flow\">\n<p class=\"wp-block-paragraph\"><strong>enviado o mensajero de Yahv\u00e9.<\/strong><\/p>\n<\/blockquote>\n\n\n\n<p class=\"wp-block-paragraph\">Esta distinci\u00f3n entre <strong>naturaleza<\/strong> y <strong>funci\u00f3n<\/strong> explica por qu\u00e9 los primeros int\u00e9rpretes cristianos pudieron identificar al \u00c1ngel con el Logos sin considerar al Logos una criatura angelical.<\/p>\n\n\n\n<h2 id=\"la-distincion-entre-yahve-y-su-angel-es-real\" class=\"wp-block-heading\">La distinci\u00f3n entre Yahv\u00e9 y su \u00c1ngel es real<\/h2>\n\n\n\n<p class=\"wp-block-paragraph\">El estudio tampoco permite eliminar la distinci\u00f3n entre ambas figuras.<\/p>\n\n\n\n<p class=\"wp-block-paragraph\"><a href=\"https:\/\/biblia.com\/bible\/rvr60\/Ex23.20\">\u00c9xodo 23:20<\/a> declara:<\/p>\n\n\n\n<blockquote class=\"wp-block-quote is-layout-flow wp-block-quote-is-layout-flow\">\n<p class=\"wp-block-paragraph\">\u201cHe aqu\u00ed yo env\u00edo mi \u00c1ngel delante de ti\u201d.<\/p>\n<\/blockquote>\n\n\n\n<p class=\"wp-block-paragraph\">Existe claramente:<\/p>\n\n\n\n<blockquote class=\"wp-block-quote is-layout-flow wp-block-quote-is-layout-flow\">\n<p class=\"wp-block-paragraph\">quien env\u00eda<\/p>\n<\/blockquote>\n\n\n\n<p class=\"wp-block-paragraph\">y:<\/p>\n\n\n\n<blockquote class=\"wp-block-quote is-layout-flow wp-block-quote-is-layout-flow\">\n<p class=\"wp-block-paragraph\">quien es enviado.<\/p>\n<\/blockquote>\n\n\n\n<p class=\"wp-block-paragraph\"><a href=\"https:\/\/biblia.com\/bible\/rvr60\/Zec1.12\">Zacar\u00edas 1:12<\/a> presenta al \u00c1ngel diciendo:<\/p>\n\n\n\n<blockquote class=\"wp-block-quote is-layout-flow wp-block-quote-is-layout-flow\">\n<p class=\"wp-block-paragraph\">\u201cOh Jehov\u00e1 de los ej\u00e9rcitos, \u00bfhasta cu\u00e1ndo no tendr\u00e1s piedad de Jerusal\u00e9n&#8230;?\u201d<\/p>\n<\/blockquote>\n\n\n\n<p class=\"wp-block-paragraph\">El \u00c1ngel intercede ante Yahv\u00e9.<\/p>\n\n\n\n<p class=\"wp-block-paragraph\">En <a href=\"https:\/\/biblia.com\/bible\/rvr60\/Jdg13.16\">Jueces 13:16<\/a>, el \u00c1ngel dice a Manoa:<\/p>\n\n\n\n<blockquote class=\"wp-block-quote is-layout-flow wp-block-quote-is-layout-flow\">\n<p class=\"wp-block-paragraph\">\u201csi quieres hacer holocausto, ofr\u00e9celo a Jehov\u00e1\u201d.<\/p>\n<\/blockquote>\n\n\n\n<p class=\"wp-block-paragraph\">Estos textos impiden sostener una identificaci\u00f3n indiferenciada donde \u201c\u00c1ngel\u201d y \u201cYahv\u00e9\u201d sean simplemente dos nombres intercambiables de un mismo personaje sin ninguna distinci\u00f3n.<\/p>\n\n\n\n<p class=\"wp-block-paragraph\">Cualquier explicaci\u00f3n satisfactoria debe preservar este dato.<\/p>\n\n\n\n<p class=\"wp-block-paragraph\">Y aqu\u00ed la interpretaci\u00f3n jud\u00eda de agencia posee una fortaleza evidente: explica naturalmente por qu\u00e9 el enviado puede distinguirse del remitente.<\/p>\n\n\n\n<p class=\"wp-block-paragraph\">Pero esta es solamente una mitad del problema.<\/p>\n\n\n\n<h2 id=\"la-identificacion-entre-yahve-y-el-angel-tambien-es-real\" class=\"wp-block-heading\">La identificaci\u00f3n entre Yahv\u00e9 y el \u00c1ngel tambi\u00e9n es real<\/h2>\n\n\n\n<p class=\"wp-block-paragraph\">Otros textos hacen dif\u00edcil reducir al \u00c1ngel a un mensajero ordinario.<\/p>\n\n\n\n<p class=\"wp-block-paragraph\">El caso de Agar resulta especialmente significativo.<\/p>\n\n\n\n<p class=\"wp-block-paragraph\">El relato comienza:<\/p>\n\n\n\n<blockquote class=\"wp-block-quote is-layout-flow wp-block-quote-is-layout-flow\">\n<p class=\"wp-block-paragraph\">\u201cY la hall\u00f3 el \u00c1ngel de Jehov\u00e1\u201d (<a href=\"https:\/\/biblia.com\/bible\/rvr60\/Ge16.7\">Gn 16:7<\/a>).<\/p>\n<\/blockquote>\n\n\n\n<p class=\"wp-block-paragraph\">Pero termina diciendo:<\/p>\n\n\n\n<blockquote class=\"wp-block-quote is-layout-flow wp-block-quote-is-layout-flow\">\n<p class=\"wp-block-paragraph\">\u201cEntonces llam\u00f3 el nombre de Jehov\u00e1 que con ella hablaba: T\u00fa eres Dios que ve\u201d (<a href=\"https:\/\/biblia.com\/bible\/rvr60\/Ge16.13\">Gn 16:13<\/a>).<\/p>\n<\/blockquote>\n\n\n\n<p class=\"wp-block-paragraph\">La transici\u00f3n es extraordinaria.<\/p>\n\n\n\n<p class=\"wp-block-paragraph\">No es solamente Agar quien interpreta su experiencia.<\/p>\n\n\n\n<p class=\"wp-block-paragraph\">El propio narrador denomina:<\/p>\n\n\n\n<blockquote class=\"wp-block-quote is-layout-flow wp-block-quote-is-layout-flow\">\n<p class=\"wp-block-paragraph\"><strong>Yahv\u00e9<\/strong><\/p>\n<\/blockquote>\n\n\n\n<p class=\"wp-block-paragraph\">a quien hab\u00eda introducido como:<\/p>\n\n\n\n<blockquote class=\"wp-block-quote is-layout-flow wp-block-quote-is-layout-flow\">\n<p class=\"wp-block-paragraph\"><strong>\u00c1ngel de Yahv\u00e9.<\/strong><\/p>\n<\/blockquote>\n\n\n\n<p class=\"wp-block-paragraph\">El fen\u00f3meno reaparece todav\u00eda m\u00e1s claramente en la experiencia de Mois\u00e9s.<\/p>\n\n\n\n<p class=\"wp-block-paragraph\">Primero:<\/p>\n\n\n\n<blockquote class=\"wp-block-quote is-layout-flow wp-block-quote-is-layout-flow\">\n<p class=\"wp-block-paragraph\">\u201cse le apareci\u00f3 el \u00c1ngel de Jehov\u00e1 en una llama de fuego en medio de una zarza\u201d (<a href=\"https:\/\/biblia.com\/bible\/rvr60\/Ex3.2\">Ex 3:2<\/a>).<\/p>\n<\/blockquote>\n\n\n\n<p class=\"wp-block-paragraph\">Despu\u00e9s:<\/p>\n\n\n\n<blockquote class=\"wp-block-quote is-layout-flow wp-block-quote-is-layout-flow\">\n<p class=\"wp-block-paragraph\">\u201cViendo Jehov\u00e1 que \u00e9l iba a ver&#8230;\u201d (<a href=\"https:\/\/biblia.com\/bible\/rvr60\/Ex3.4\">Ex 3:4<\/a>).<\/p>\n<\/blockquote>\n\n\n\n<p class=\"wp-block-paragraph\">Y finalmente:<\/p>\n\n\n\n<blockquote class=\"wp-block-quote is-layout-flow wp-block-quote-is-layout-flow\">\n<p class=\"wp-block-paragraph\">\u201cYo soy el Dios de tu padre, Dios de Abraham, Dios de Isaac, y Dios de Jacob\u201d (<a href=\"https:\/\/biblia.com\/bible\/rvr60\/Ex3.6\">Ex 3:6<\/a>).<\/p>\n<\/blockquote>\n\n\n\n<p class=\"wp-block-paragraph\">La secuencia narrativa:<\/p>\n\n\n\n<blockquote class=\"wp-block-quote is-layout-flow wp-block-quote-is-layout-flow\">\n<p class=\"wp-block-paragraph\"><strong>\u00c1ngel \u2192 Yahv\u00e9 \u2192 Elohim<\/strong><\/p>\n<\/blockquote>\n\n\n\n<p class=\"wp-block-paragraph\">constituye uno de los datos m\u00e1s importantes de toda la investigaci\u00f3n.<\/p>\n\n\n\n<p class=\"wp-block-paragraph\">Algo semejante ocurre en <a href=\"https:\/\/biblia.com\/bible\/rvr60\/Jdg6.11-14\">Jueces 6:11\u201314<\/a>.<\/p>\n\n\n\n<p class=\"wp-block-paragraph\">El \u00c1ngel llega.<\/p>\n\n\n\n<p class=\"wp-block-paragraph\">Habla.<\/p>\n\n\n\n<p class=\"wp-block-paragraph\">Y de pronto:<\/p>\n\n\n\n<blockquote class=\"wp-block-quote is-layout-flow wp-block-quote-is-layout-flow\">\n<p class=\"wp-block-paragraph\">\u201cmir\u00e1ndole Jehov\u00e1&#8230;\u201d<\/p>\n<\/blockquote>\n\n\n\n<p class=\"wp-block-paragraph\">No aparece una explicaci\u00f3n narrativa que indique que un personaje se retira y otro comienza a hablar.<\/p>\n\n\n\n<p class=\"wp-block-paragraph\">Por ello, <strong>Andrew S. Malone<\/strong> ha se\u00f1alado acertadamente que cualquier teor\u00eda basada exclusivamente en agencia debe explicar por qu\u00e9 determinados relatos dificultan tanto distinguir narrativamente al \u00c1ngel de Yahv\u00e9.<sup data-fn=\"ab68915b-65fa-4179-b459-dd2ec0b6e357\" class=\"fn\"><a href=\"#ab68915b-65fa-4179-b459-dd2ec0b6e357\" id=\"ab68915b-65fa-4179-b459-dd2ec0b6e357-link\">187<\/a><\/sup><\/p>\n\n\n\n<p class=\"wp-block-paragraph\">Este es probablemente uno de los argumentos m\u00e1s fuertes para hablar de <strong>teofan\u00eda<\/strong>.<\/p>\n\n\n\n<h2 id=\"yo-soy-el-dios-de-bet-el-un-texto-particularmente-dificil\" class=\"wp-block-heading\">\u201cYo soy el Dios de Bet-el\u201d: un texto particularmente dif\u00edcil<\/h2>\n\n\n\n<p class=\"wp-block-paragraph\">Entre todas las declaraciones estudiadas, <a href=\"https:\/\/biblia.com\/bible\/rvr60\/Ge31.13\">G\u00e9nesis 31:13<\/a> merece permanecer en el centro de la discusi\u00f3n.<\/p>\n\n\n\n<p class=\"wp-block-paragraph\">Jacob relata que:<\/p>\n\n\n\n<blockquote class=\"wp-block-quote is-layout-flow wp-block-quote-is-layout-flow\">\n<p class=\"wp-block-paragraph\">\u201cel \u00e1ngel de Dios\u201d<\/p>\n<\/blockquote>\n\n\n\n<p class=\"wp-block-paragraph\">le habl\u00f3 en sue\u00f1os (<a href=\"https:\/\/biblia.com\/bible\/rvr60\/Ge31.11\">Gn 31:11<\/a>).<\/p>\n\n\n\n<p class=\"wp-block-paragraph\">Y ese personaje declara:<\/p>\n\n\n\n<blockquote class=\"wp-block-quote is-layout-flow wp-block-quote-is-layout-flow\">\n<p class=\"wp-block-paragraph\">\u201cYo soy el Dios de Bet-el, donde t\u00fa ungiste la piedra, y donde me hiciste un voto\u201d (<a href=\"https:\/\/biblia.com\/bible\/rvr60\/Ge31.13\">Gn 31:13<\/a>).<\/p>\n<\/blockquote>\n\n\n\n<p class=\"wp-block-paragraph\">La afirmaci\u00f3n no puede ser minimizada.<\/p>\n\n\n\n<p class=\"wp-block-paragraph\">El personaje no dice:<\/p>\n\n\n\n<blockquote class=\"wp-block-quote is-layout-flow wp-block-quote-is-layout-flow\">\n<p class=\"wp-block-paragraph\">\u201cyo represento al Dios de Bet-el\u201d.<\/p>\n<\/blockquote>\n\n\n\n<p class=\"wp-block-paragraph\">Ni:<\/p>\n\n\n\n<blockquote class=\"wp-block-quote is-layout-flow wp-block-quote-is-layout-flow\">\n<p class=\"wp-block-paragraph\">\u201cel Dios de Bet-el me ha enviado\u201d.<\/p>\n<\/blockquote>\n\n\n\n<p class=\"wp-block-paragraph\">Declara:<\/p>\n\n\n\n<blockquote class=\"wp-block-quote is-layout-flow wp-block-quote-is-layout-flow\">\n<p class=\"wp-block-paragraph\"><strong>\u201cYo soy el Dios de Bet-el\u201d.<\/strong><\/p>\n<\/blockquote>\n\n\n\n<p class=\"wp-block-paragraph\">La teor\u00eda de agencia puede explicar esta forma mediante discurso representativo.<\/p>\n\n\n\n<p class=\"wp-block-paragraph\">Pero precisamente porque puede explicarla no significa que necesariamente sea la mejor explicaci\u00f3n.<\/p>\n\n\n\n<p class=\"wp-block-paragraph\">Debe compararse con el resto de la evidencia.<\/p>\n\n\n\n<p class=\"wp-block-paragraph\">Y cuando se coloca junto a:<\/p>\n\n\n\n<p class=\"wp-block-paragraph\"><a href=\"https:\/\/biblia.com\/bible\/rvr60\/Ge16.13\">Gn 16:13<\/a>,<\/p>\n\n\n\n<p class=\"wp-block-paragraph\"><a href=\"https:\/\/biblia.com\/bible\/rvr60\/Ex3.2-6\">Ex 3:2\u20136<\/a>,<\/p>\n\n\n\n<p class=\"wp-block-paragraph\"><a href=\"https:\/\/biblia.com\/bible\/rvr60\/Jdg6.11-24\">Jue 6:11\u201324<\/a>,<\/p>\n\n\n\n<p class=\"wp-block-paragraph\">la hip\u00f3tesis de una relaci\u00f3n m\u00e1s profunda entre el \u00c1ngel y la presencia divina adquiere considerable fuerza.<\/p>\n\n\n\n<h2 id=\"mi-nombre-esta-en-el-posiblemente-la-clave-conceptual\" class=\"wp-block-heading\">\u201cMi Nombre est\u00e1 en \u00e9l\u201d: posiblemente la clave conceptual<\/h2>\n\n\n\n<p class=\"wp-block-paragraph\">Si hubiera que seleccionar un texto que sintetizara la paradoja completa, probablemente ser\u00eda <a href=\"https:\/\/biblia.com\/bible\/rvr60\/Ex23.20-21\">\u00c9xodo 23:20\u201321<\/a>.<\/p>\n\n\n\n<p class=\"wp-block-paragraph\">Por un lado:<\/p>\n\n\n\n<blockquote class=\"wp-block-quote is-layout-flow wp-block-quote-is-layout-flow\">\n<p class=\"wp-block-paragraph\">\u201cyo env\u00edo mi \u00c1ngel\u201d.<\/p>\n<\/blockquote>\n\n\n\n<p class=\"wp-block-paragraph\">Distinci\u00f3n.<\/p>\n\n\n\n<p class=\"wp-block-paragraph\">Por otro:<\/p>\n\n\n\n<blockquote class=\"wp-block-quote is-layout-flow wp-block-quote-is-layout-flow\">\n<p class=\"wp-block-paragraph\">\u201cmi nombre est\u00e1 en \u00e9l\u201d.<\/p>\n<\/blockquote>\n\n\n\n<p class=\"wp-block-paragraph\">Identificaci\u00f3n extraordinaria.<\/p>\n\n\n\n<p class=\"wp-block-paragraph\">La expresi\u00f3n:<\/p>\n\n\n\n<blockquote class=\"wp-block-quote is-layout-flow wp-block-quote-is-layout-flow\">\n<p class=\"wp-block-paragraph\">\u05db\u05b4\u05bc\u05d9 \u05e9\u05b0\u05c1\u05de\u05b4\u05d9 \u05d1\u05b0\u05bc\u05e7\u05b4\u05e8\u05b0\u05d1\u05bc\u05d5\u05b9<br><em>k\u00ee \u0161\u0115m\u00ee beqirb\u00f4<\/em><\/p>\n<\/blockquote>\n\n\n\n<p class=\"wp-block-paragraph\">coloca al \u00c1ngel dentro de una relaci\u00f3n excepcional con el Nombre divino.<\/p>\n\n\n\n<p class=\"wp-block-paragraph\">Y el vers\u00edculo siguiente intensifica todav\u00eda m\u00e1s el fen\u00f3meno:<\/p>\n\n\n\n<blockquote class=\"wp-block-quote is-layout-flow wp-block-quote-is-layout-flow\">\n<p class=\"wp-block-paragraph\">\u201csi en verdad oyeres <strong>su voz<\/strong>, e hicieres todo lo que <strong>yo te dijere<\/strong>&#8230;\u201d (<a href=\"https:\/\/biblia.com\/bible\/rvr60\/Ex23.22\">Ex 23:22<\/a>).<\/p>\n<\/blockquote>\n\n\n\n<p class=\"wp-block-paragraph\">La voz es:<\/p>\n\n\n\n<blockquote class=\"wp-block-quote is-layout-flow wp-block-quote-is-layout-flow\">\n<p class=\"wp-block-paragraph\"><strong>su voz<\/strong>.<\/p>\n<\/blockquote>\n\n\n\n<p class=\"wp-block-paragraph\">Pero aquello que el \u00c1ngel dice es:<\/p>\n\n\n\n<blockquote class=\"wp-block-quote is-layout-flow wp-block-quote-is-layout-flow\">\n<p class=\"wp-block-paragraph\"><strong>lo que Yahv\u00e9 dice.<\/strong><\/p>\n<\/blockquote>\n\n\n\n<p class=\"wp-block-paragraph\">La mediaci\u00f3n es tan completa que escuchar al enviado equivale a escuchar al remitente.<\/p>\n\n\n\n<p class=\"wp-block-paragraph\">Aqu\u00ed se encuentra el punto de contacto m\u00e1s fuerte entre la teor\u00eda de agencia y la teor\u00eda teof\u00e1nica.<\/p>\n\n\n\n<p class=\"wp-block-paragraph\">La agencia puede afirmar:<\/p>\n\n\n\n<blockquote class=\"wp-block-quote is-layout-flow wp-block-quote-is-layout-flow\">\n<p class=\"wp-block-paragraph\">el representante porta plenamente la autoridad divina.<\/p>\n<\/blockquote>\n\n\n\n<p class=\"wp-block-paragraph\">La teofan\u00eda puede responder:<\/p>\n\n\n\n<blockquote class=\"wp-block-quote is-layout-flow wp-block-quote-is-layout-flow\">\n<p class=\"wp-block-paragraph\">precisamente esa plenitud sugiere que estamos ante una manifestaci\u00f3n de la presencia divina misma.<\/p>\n<\/blockquote>\n\n\n\n<p class=\"wp-block-paragraph\"><strong>Michael S. Heiser<\/strong> ha dado especial importancia a esta teolog\u00eda del Nombre, interpretando al \u00c1ngel como una manifestaci\u00f3n visible de Yahv\u00e9 que permanece distinguible del Yahv\u00e9 trascendente.<sup data-fn=\"89f2cbae-601c-4870-a1df-cc852879b4c5\" class=\"fn\"><a href=\"#89f2cbae-601c-4870-a1df-cc852879b4c5\" id=\"89f2cbae-601c-4870-a1df-cc852879b4c5-link\">188<\/a><\/sup><\/p>\n\n\n\n<p class=\"wp-block-paragraph\"><strong>Benjamin D. Sommer<\/strong>, desde un marco jud\u00edo y una metodolog\u00eda diferente, ha mostrado que determinadas concepciones antiguas de la divinidad admit\u00edan formas de presencia y manifestaci\u00f3n m\u00e1s fluidas que nuestras concepciones modernas de individualidad corporal.<sup data-fn=\"774abe4f-7f8f-48e4-8897-674d2fa90340\" class=\"fn\"><a href=\"#774abe4f-7f8f-48e4-8897-674d2fa90340\" id=\"774abe4f-7f8f-48e4-8897-674d2fa90340-link\">189<\/a><\/sup><\/p>\n\n\n\n<p class=\"wp-block-paragraph\">Ambos enfoques, aunque no deben identificarse entre s\u00ed, ayudan a comprender por qu\u00e9 la antigua literatura israelita pudo presentar simult\u00e1neamente:<\/p>\n\n\n\n<blockquote class=\"wp-block-quote is-layout-flow wp-block-quote-is-layout-flow\">\n<p class=\"wp-block-paragraph\"><strong>distinci\u00f3n<\/strong><\/p>\n<\/blockquote>\n\n\n\n<p class=\"wp-block-paragraph\">e:<\/p>\n\n\n\n<blockquote class=\"wp-block-quote is-layout-flow wp-block-quote-is-layout-flow\">\n<p class=\"wp-block-paragraph\"><strong>identidad.<\/strong><\/p>\n<\/blockquote>\n\n\n\n<h2 id=\"no-todos-los-textos-deben-interpretarse-exactamente-igual\" class=\"wp-block-heading\">No todos los textos deben interpretarse exactamente igual<\/h2>\n\n\n\n<p class=\"wp-block-paragraph\">Esta conclusi\u00f3n debe equilibrarse inmediatamente con otra.<\/p>\n\n\n\n<p class=\"wp-block-paragraph\">No existe suficiente fundamento para sostener que <strong>cada aparici\u00f3n de un \u201c\u00e1ngel de Yahv\u00e9\u201d corresponda necesariamente al mismo personaje<\/strong>.<\/p>\n\n\n\n<p class=\"wp-block-paragraph\">La expresi\u00f3n hebrea no constituye por s\u00ed misma un nombre propio.<\/p>\n\n\n\n<p class=\"wp-block-paragraph\">El contexto debe determinar la identidad.<\/p>\n\n\n\n<p class=\"wp-block-paragraph\">Esto resulta especialmente claro en Zacar\u00edas.<\/p>\n\n\n\n<p class=\"wp-block-paragraph\">El \u00c1ngel puede:<\/p>\n\n\n\n<p class=\"wp-block-paragraph\">interceder ante Yahv\u00e9 (<a href=\"https:\/\/biblia.com\/bible\/rvr60\/Zec1.12\">Zac 1:12<\/a>);<\/p>\n\n\n\n<p class=\"wp-block-paragraph\">recibir respuesta de Yahv\u00e9 (<a href=\"https:\/\/biblia.com\/bible\/rvr60\/Zec1.13\">Zac 1:13<\/a>);<\/p>\n\n\n\n<p class=\"wp-block-paragraph\">y transmitir palabras procedentes de Yahv\u00e9 (<a href=\"https:\/\/biblia.com\/bible\/rvr60\/Zec3.6-7\">Zac 3:6\u20137<\/a>).<\/p>\n\n\n\n<p class=\"wp-block-paragraph\">Aqu\u00ed la distinci\u00f3n resulta considerablemente m\u00e1s marcada que en G\u00e9nesis 16 o \u00c9xodo 3.<\/p>\n\n\n\n<p class=\"wp-block-paragraph\">Por ello, una de las conclusiones metodol\u00f3gicas m\u00e1s importantes del art\u00edculo es:<\/p>\n\n\n\n<blockquote class=\"wp-block-quote is-layout-flow wp-block-quote-is-layout-flow\">\n<p class=\"wp-block-paragraph\"><strong>la expresi\u00f3n \u201c\u00c1ngel de Yahv\u00e9\u201d no debe interpretarse mediante una identidad autom\u00e1tica; cada aparici\u00f3n necesita an\u00e1lisis literario, sint\u00e1ctico y teol\u00f3gico propio.<\/strong><\/p>\n<\/blockquote>\n\n\n\n<p class=\"wp-block-paragraph\">Este principio evita una gran cantidad de errores en la literatura apolog\u00e9tica popular.<\/p>\n\n\n\n<h2 id=\"la-agencia-explica-mucho-pero-quiza-no-todo\" class=\"wp-block-heading\">La agencia explica mucho, pero quiz\u00e1 no todo<\/h2>\n\n\n\n<p class=\"wp-block-paragraph\">La interpretaci\u00f3n representativa posee considerable fuerza hist\u00f3rica y exeg\u00e9tica.<\/p>\n\n\n\n<p class=\"wp-block-paragraph\"><strong>Ren\u00e9 A. L\u00f3pez<\/strong> ha defendido de manera detallada la capacidad de la agencia para explicar diversos fen\u00f3menos del \u00c1ngel de Yahv\u00e9, especialmente en Jueces.<sup data-fn=\"d6dc340a-268a-4b34-89f0-07d8ae2d1f29\" class=\"fn\"><a href=\"#d6dc340a-268a-4b34-89f0-07d8ae2d1f29\" id=\"d6dc340a-268a-4b34-89f0-07d8ae2d1f29-link\">190<\/a><\/sup><\/p>\n\n\n\n<p class=\"wp-block-paragraph\">Debemos conceder plenamente este punto.<\/p>\n\n\n\n<p class=\"wp-block-paragraph\">Un enviado puede hablar con la autoridad de quien lo env\u00eda.<\/p>\n\n\n\n<p class=\"wp-block-paragraph\">Un mensajero puede reproducir palabras en primera persona.<\/p>\n\n\n\n<p class=\"wp-block-paragraph\">Encontrarse con el enviado puede equivaler funcionalmente a encontrarse con quien lo env\u00eda.<\/p>\n\n\n\n<p class=\"wp-block-paragraph\">Por tanto, afirmaciones como:<\/p>\n\n\n\n<blockquote class=\"wp-block-quote is-layout-flow wp-block-quote-is-layout-flow\">\n<p class=\"wp-block-paragraph\">\u201cel \u00c1ngel habla como Dios, por tanto necesariamente es Dios\u201d<\/p>\n<\/blockquote>\n\n\n\n<p class=\"wp-block-paragraph\">son insuficientes.<\/p>\n\n\n\n<p class=\"wp-block-paragraph\">Sin embargo, la teor\u00eda encuentra su mayor dificultad cuando la representaci\u00f3n parece convertirse en <strong>identificaci\u00f3n narrativa<\/strong>.<\/p>\n\n\n\n<p class=\"wp-block-paragraph\">El problema no es simplemente:<\/p>\n\n\n\n<blockquote class=\"wp-block-quote is-layout-flow wp-block-quote-is-layout-flow\">\n<p class=\"wp-block-paragraph\">\u201cel \u00c1ngel dice \u2018Yo\u2019\u201d.<\/p>\n<\/blockquote>\n\n\n\n<p class=\"wp-block-paragraph\">Es:<\/p>\n\n\n\n<blockquote class=\"wp-block-quote is-layout-flow wp-block-quote-is-layout-flow\">\n<p class=\"wp-block-paragraph\"><strong>el narrador comienza a llamarlo Yahv\u00e9.<\/strong><\/p>\n<\/blockquote>\n\n\n\n<p class=\"wp-block-paragraph\">Este \u201cexceso de representaci\u00f3n\u201d, como lo hemos denominado anteriormente, es precisamente lo que mantiene abierta la interpretaci\u00f3n teof\u00e1nica.<\/p>\n\n\n\n<h2 id=\"la-teofania-parece-mas-segura-que-la-cristofania\" class=\"wp-block-heading\">La teofan\u00eda parece m\u00e1s segura que la cristofan\u00eda<\/h2>\n\n\n\n<p class=\"wp-block-paragraph\">Llegamos as\u00ed a una distinci\u00f3n fundamental para nuestra conclusi\u00f3n.<\/p>\n\n\n\n<p class=\"wp-block-paragraph\">La evidencia veterotestamentaria permite defender con considerable fuerza que determinadas apariciones del \u00c1ngel poseen car\u00e1cter:<\/p>\n\n\n\n<blockquote class=\"wp-block-quote is-layout-flow wp-block-quote-is-layout-flow\">\n<p class=\"wp-block-paragraph\"><strong>teof\u00e1nico.<\/strong><\/p>\n<\/blockquote>\n\n\n\n<p class=\"wp-block-paragraph\">Es decir:<\/p>\n\n\n\n<blockquote class=\"wp-block-quote is-layout-flow wp-block-quote-is-layout-flow\">\n<p class=\"wp-block-paragraph\">constituyen manifestaciones de la presencia de Yahv\u00e9.<\/p>\n<\/blockquote>\n\n\n\n<p class=\"wp-block-paragraph\">Pero la afirmaci\u00f3n:<\/p>\n\n\n\n<blockquote class=\"wp-block-quote is-layout-flow wp-block-quote-is-layout-flow\">\n<p class=\"wp-block-paragraph\"><strong>\u201cesa manifestaci\u00f3n es espec\u00edficamente el Hijo eterno\u201d<\/strong><\/p>\n<\/blockquote>\n\n\n\n<p class=\"wp-block-paragraph\">requiere un segundo nivel hermen\u00e9utico.<\/p>\n\n\n\n<p class=\"wp-block-paragraph\">El Antiguo Testamento no dice expl\u00edcitamente:<\/p>\n\n\n\n<blockquote class=\"wp-block-quote is-layout-flow wp-block-quote-is-layout-flow\">\n<p class=\"wp-block-paragraph\">\u201ceste es el Hijo\u201d.<\/p>\n<\/blockquote>\n\n\n\n<p class=\"wp-block-paragraph\">Ni:<\/p>\n\n\n\n<blockquote class=\"wp-block-quote is-layout-flow wp-block-quote-is-layout-flow\">\n<p class=\"wp-block-paragraph\">\u201cesta es la segunda persona de la Trinidad\u201d.<\/p>\n<\/blockquote>\n\n\n\n<p class=\"wp-block-paragraph\">Por ello:<\/p>\n\n\n\n<blockquote class=\"wp-block-quote is-layout-flow wp-block-quote-is-layout-flow\">\n<p class=\"wp-block-paragraph\"><strong>teofan\u00eda<\/strong><\/p>\n<\/blockquote>\n\n\n\n<p class=\"wp-block-paragraph\">y:<\/p>\n\n\n\n<blockquote class=\"wp-block-quote is-layout-flow wp-block-quote-is-layout-flow\">\n<p class=\"wp-block-paragraph\"><strong>cristofan\u00eda<\/strong><\/p>\n<\/blockquote>\n\n\n\n<p class=\"wp-block-paragraph\">no deben utilizarse como t\u00e9rminos equivalentes.<\/p>\n\n\n\n<p class=\"wp-block-paragraph\">La primera conclusi\u00f3n surge directamente de determinados fen\u00f3menos del texto hebreo.<\/p>\n\n\n\n<p class=\"wp-block-paragraph\">La segunda surge cuando esos fen\u00f3menos son rele\u00eddos dentro del canon cristiano completo.<\/p>\n\n\n\n<p class=\"wp-block-paragraph\">Esta diferencia no debilita necesariamente la interpretaci\u00f3n cristol\u00f3gica.<\/p>\n\n\n\n<p class=\"wp-block-paragraph\">La sit\u00faa metodol\u00f3gicamente en el lugar correcto.<\/p>\n\n\n\n<h2 id=\"la-interpretacion-patristica-no-fue-arbitraria\" class=\"wp-block-heading\">La interpretaci\u00f3n patr\u00edstica no fue arbitraria<\/h2>\n\n\n\n<p class=\"wp-block-paragraph\">Cuando <strong>Justino M\u00e1rtir<\/strong> identifica determinadas apariciones veterotestamentarias con el Logos, no est\u00e1 inventando simplemente una lectura sin relaci\u00f3n con los textos.<\/p>\n\n\n\n<p class=\"wp-block-paragraph\">Justino observa precisamente:<\/p>\n\n\n\n<p class=\"wp-block-paragraph\">distinci\u00f3n,<\/p>\n\n\n\n<p class=\"wp-block-paragraph\">env\u00edo,<\/p>\n\n\n\n<p class=\"wp-block-paragraph\">aparici\u00f3n,<\/p>\n\n\n\n<p class=\"wp-block-paragraph\">lenguaje divino,<\/p>\n\n\n\n<p class=\"wp-block-paragraph\">y participaci\u00f3n en la identidad de Dios.<\/p>\n\n\n\n<p class=\"wp-block-paragraph\">Dentro de su cristolog\u00eda del Logos, estos fen\u00f3menos encuentran una explicaci\u00f3n natural: el Padre trascendente se revela mediante el Logos. En el <em>Di\u00e1logo con Trif\u00f3n<\/em>, especialmente en la discusi\u00f3n de las apariciones a Abraham y Mois\u00e9s, Justino desarrolla expl\u00edcitamente esta lectura cristol\u00f3gica.\u2075<\/p>\n\n\n\n<p class=\"wp-block-paragraph\">La interpretaci\u00f3n patr\u00edstica posee, por tanto, una base exeg\u00e9tica real.<\/p>\n\n\n\n<p class=\"wp-block-paragraph\">Lo que debemos evitar es convertir esa lectura posterior en la \u00fanica reconstrucci\u00f3n hist\u00f3rica posible del significado original.<\/p>\n\n\n\n<h2 id=\"la-cautela-de-agustin-sigue-siendo-necesaria\" class=\"wp-block-heading\">La cautela de Agust\u00edn sigue siendo necesaria<\/h2>\n\n\n\n<p class=\"wp-block-paragraph\"><strong>Agust\u00edn de Hipona<\/strong> introduce un correctivo igualmente importante.<\/p>\n\n\n\n<p class=\"wp-block-paragraph\">No podemos argumentar simplemente:<\/p>\n\n\n\n<blockquote class=\"wp-block-quote is-layout-flow wp-block-quote-is-layout-flow\">\n<p class=\"wp-block-paragraph\">\u201cel Padre es invisible; alguien apareci\u00f3; por tanto era el Hijo\u201d.<\/p>\n<\/blockquote>\n\n\n\n<p class=\"wp-block-paragraph\">La naturaleza divina es invisible.<\/p>\n\n\n\n<p class=\"wp-block-paragraph\">Las personas trinitarias comparten esa naturaleza.<\/p>\n\n\n\n<p class=\"wp-block-paragraph\">Una aparici\u00f3n visible puede utilizar una forma creada sin que la persona divina se convierta ontol\u00f3gicamente en esa forma. En <em>De Trinitate<\/em>, especialmente libros II\u2013III, Agust\u00edn desarrolla esta cautela frente a la identificaci\u00f3n autom\u00e1tica de las teofan\u00edas visibles con una persona divina concreta.\u2076<\/p>\n\n\n\n<p class=\"wp-block-paragraph\">Esta observaci\u00f3n protege adem\u00e1s la singularidad de la encarnaci\u00f3n.<\/p>\n\n\n\n<p class=\"wp-block-paragraph\">Si el Logos apareci\u00f3 antes de Bel\u00e9n, esas apariciones no fueron encarnaciones sucesivas.<\/p>\n\n\n\n<blockquote class=\"wp-block-quote is-layout-flow wp-block-quote-is-layout-flow\">\n<p class=\"wp-block-paragraph\">\u201cY aquel Verbo fue hecho carne\u201d (<a href=\"https:\/\/biblia.com\/bible\/rvr60\/Jn1.14\">Jn 1:14<\/a>)<\/p>\n<\/blockquote>\n\n\n\n<p class=\"wp-block-paragraph\">describe un acontecimiento \u00fanico.<\/p>\n\n\n\n<p class=\"wp-block-paragraph\">La cristofan\u00eda, si aceptamos esa categor\u00eda, ser\u00eda:<\/p>\n\n\n\n<blockquote class=\"wp-block-quote is-layout-flow wp-block-quote-is-layout-flow\">\n<p class=\"wp-block-paragraph\"><strong>manifestaci\u00f3n temporal del Logos<\/strong>.<\/p>\n<\/blockquote>\n\n\n\n<p class=\"wp-block-paragraph\">La encarnaci\u00f3n es:<\/p>\n\n\n\n<blockquote class=\"wp-block-quote is-layout-flow wp-block-quote-is-layout-flow\">\n<p class=\"wp-block-paragraph\"><strong>asunci\u00f3n real y permanente de naturaleza humana.<\/strong><\/p>\n<\/blockquote>\n\n\n\n<p class=\"wp-block-paragraph\">Confundir ambas cosas produce serios problemas cristol\u00f3gicos.<\/p>\n\n\n\n<h2 id=\"el-nuevo-testamento-cambia-el-horizonte-interpretativo\" class=\"wp-block-heading\">El Nuevo Testamento cambia el horizonte interpretativo<\/h2>\n\n\n\n<p class=\"wp-block-paragraph\">La lectura cristol\u00f3gica se vuelve especialmente significativa cuando pasamos al Nuevo Testamento.<\/p>\n\n\n\n<p class=\"wp-block-paragraph\">Cristo no aparece simplemente como un ser celestial creado y enviado por Dios.<\/p>\n\n\n\n<p class=\"wp-block-paragraph\">Es presentado como:<\/p>\n\n\n\n<p class=\"wp-block-paragraph\">preexistente;<\/p>\n\n\n\n<p class=\"wp-block-paragraph\">agente de la creaci\u00f3n;<\/p>\n\n\n\n<p class=\"wp-block-paragraph\">portador de gloria divina;<\/p>\n\n\n\n<p class=\"wp-block-paragraph\">revelador del Padre;<\/p>\n\n\n\n<p class=\"wp-block-paragraph\">y participante de prerrogativas pertenecientes al Dios de Israel.<\/p>\n\n\n\n<blockquote class=\"wp-block-quote is-layout-flow wp-block-quote-is-layout-flow\">\n<p class=\"wp-block-paragraph\">\u201cEn el principio era el Verbo\u201d (<a href=\"https:\/\/biblia.com\/bible\/rvr60\/Jn1.1\">Jn 1:1<\/a>).<\/p>\n<\/blockquote>\n\n\n\n<blockquote class=\"wp-block-quote is-layout-flow wp-block-quote-is-layout-flow\">\n<p class=\"wp-block-paragraph\">\u201cAntes que Abraham fuese, yo soy\u201d (<a href=\"https:\/\/biblia.com\/bible\/rvr60\/Jn8.58\">Jn 8:58<\/a>).<\/p>\n<\/blockquote>\n\n\n\n<blockquote class=\"wp-block-quote is-layout-flow wp-block-quote-is-layout-flow\">\n<p class=\"wp-block-paragraph\">\u201cla roca era Cristo\u201d (<a href=\"https:\/\/biblia.com\/bible\/rvr60\/1Co10.4\">1 Co 10:4<\/a>).<\/p>\n<\/blockquote>\n\n\n\n<p class=\"wp-block-paragraph\">Juan afirma, despu\u00e9s de citar Isa\u00edas:<\/p>\n\n\n\n<blockquote class=\"wp-block-quote is-layout-flow wp-block-quote-is-layout-flow\">\n<p class=\"wp-block-paragraph\">\u201cIsa\u00edas dijo esto cuando vio su gloria, y habl\u00f3 acerca de \u00e9l\u201d (<a href=\"https:\/\/biblia.com\/bible\/rvr60\/Jn12.41\">Jn 12:41<\/a>).<\/p>\n<\/blockquote>\n\n\n\n<p class=\"wp-block-paragraph\"><strong>Richard Bauckham<\/strong> ha desarrollado precisamente la tesis de que la cristolog\u00eda primitiva incluye a Jes\u00fas dentro de la <strong>identidad divina<\/strong> del \u00fanico Dios de Israel, especialmente mediante las prerrogativas de creaci\u00f3n, soberan\u00eda y culto.\u2077<\/p>\n\n\n\n<p class=\"wp-block-paragraph\">Este marco resulta extremadamente relevante para nuestro problema.<\/p>\n\n\n\n<p class=\"wp-block-paragraph\">Porque ahora encontramos en el Nuevo Testamento una figura que es:<\/p>\n\n\n\n<blockquote class=\"wp-block-quote is-layout-flow wp-block-quote-is-layout-flow\">\n<p class=\"wp-block-paragraph\">enviada por Dios,<\/p>\n<\/blockquote>\n\n\n\n<p class=\"wp-block-paragraph\">pero participa de la identidad divina;<\/p>\n\n\n\n<blockquote class=\"wp-block-quote is-layout-flow wp-block-quote-is-layout-flow\">\n<p class=\"wp-block-paragraph\">distinguida del Padre,<\/p>\n<\/blockquote>\n\n\n\n<p class=\"wp-block-paragraph\">pero comparte su gloria;<\/p>\n\n\n\n<blockquote class=\"wp-block-quote is-layout-flow wp-block-quote-is-layout-flow\">\n<p class=\"wp-block-paragraph\">mediadora,<\/p>\n<\/blockquote>\n\n\n\n<p class=\"wp-block-paragraph\">pero no simplemente criatura.<\/p>\n\n\n\n<p class=\"wp-block-paragraph\">La similitud estructural con determinados textos del \u00c1ngel de Yahv\u00e9 resulta evidente.<\/p>\n\n\n\n<p class=\"wp-block-paragraph\">No constituye una demostraci\u00f3n matem\u00e1tica de identidad.<\/p>\n\n\n\n<p class=\"wp-block-paragraph\">Pero explica por qu\u00e9 la lectura cristof\u00e1nica surgi\u00f3 tan tempranamente y posey\u00f3 tanta fuerza dentro del cristianismo.<\/p>\n\n\n\n<h2 id=\"la-cristofania-como-lectura-canonica-retrospectiva\" class=\"wp-block-heading\">La cristofan\u00eda como lectura can\u00f3nica retrospectiva<\/h2>\n\n\n\n<p class=\"wp-block-paragraph\">Podemos entonces formular la relaci\u00f3n de manera m\u00e1s precisa.<\/p>\n\n\n\n<p class=\"wp-block-paragraph\">Desde una perspectiva hist\u00f3rico-exeg\u00e9tica:<\/p>\n\n\n\n<blockquote class=\"wp-block-quote is-layout-flow wp-block-quote-is-layout-flow\">\n<p class=\"wp-block-paragraph\"><strong>el \u00c1ngel de Yahv\u00e9 representa en determinados textos una manifestaci\u00f3n singular de la presencia de Yahv\u00e9, expresada mediante categor\u00edas antiguas de mensajer\u00eda, Nombre, presencia y teofan\u00eda.<\/strong><\/p>\n<\/blockquote>\n\n\n\n<p class=\"wp-block-paragraph\">Desde una perspectiva cristiana can\u00f3nica:<\/p>\n\n\n\n<blockquote class=\"wp-block-quote is-layout-flow wp-block-quote-is-layout-flow\">\n<p class=\"wp-block-paragraph\"><strong>la revelaci\u00f3n neotestamentaria del Hijo proporciona una categor\u00eda personal mediante la cual aquellas manifestaciones pueden ser rele\u00eddas como apariciones del Logos preencarnado.<\/strong><\/p>\n<\/blockquote>\n\n\n\n<p class=\"wp-block-paragraph\">La segunda afirmaci\u00f3n no necesita negar la primera.<\/p>\n\n\n\n<p class=\"wp-block-paragraph\">Puede entenderse como una lectura retrospectiva.<\/p>\n\n\n\n<p class=\"wp-block-paragraph\">El autor de \u00c9xodo no necesita haber pose\u00eddo una doctrina nicena para que un lector cristiano pueda posteriormente relacionar la manifestaci\u00f3n con el Hijo.<\/p>\n\n\n\n<p class=\"wp-block-paragraph\">El propio Nuevo Testamento utiliza frecuentemente esta clase de relectura.<\/p>\n\n\n\n<h2 id=\"un-paralelismo-especialmente-significativo-enviado-nombre-y-presencia\" class=\"wp-block-heading\">Un paralelismo especialmente significativo: enviado, Nombre y presencia<\/h2>\n\n\n\n<p class=\"wp-block-paragraph\">La convergencia puede resumirse mediante tres conceptos:<\/p>\n\n\n\n<blockquote class=\"wp-block-quote is-layout-flow wp-block-quote-is-layout-flow\">\n<p class=\"wp-block-paragraph\"><strong>Enviado \u2014 Nombre \u2014 Presencia.<\/strong><\/p>\n<\/blockquote>\n\n\n\n<p class=\"wp-block-paragraph\">En \u00c9xodo:<\/p>\n\n\n\n<blockquote class=\"wp-block-quote is-layout-flow wp-block-quote-is-layout-flow\">\n<p class=\"wp-block-paragraph\">\u201cyo env\u00edo mi \u00c1ngel\u201d (<a href=\"https:\/\/biblia.com\/bible\/rvr60\/Ex23.20\">Ex 23:20<\/a>).<\/p>\n<\/blockquote>\n\n\n\n<p class=\"wp-block-paragraph\">En Juan:<\/p>\n\n\n\n<blockquote class=\"wp-block-quote is-layout-flow wp-block-quote-is-layout-flow\">\n<p class=\"wp-block-paragraph\">\u201cel Padre me envi\u00f3\u201d (<a href=\"https:\/\/biblia.com\/bible\/rvr60\/Jn5.36\">Jn 5:36<\/a>).<\/p>\n<\/blockquote>\n\n\n\n<p class=\"wp-block-paragraph\">En \u00c9xodo:<\/p>\n\n\n\n<blockquote class=\"wp-block-quote is-layout-flow wp-block-quote-is-layout-flow\">\n<p class=\"wp-block-paragraph\">\u201cmi nombre est\u00e1 en \u00e9l\u201d (<a href=\"https:\/\/biblia.com\/bible\/rvr60\/Ex23.21\">Ex 23:21<\/a>).<\/p>\n<\/blockquote>\n\n\n\n<p class=\"wp-block-paragraph\">En Juan:<\/p>\n\n\n\n<blockquote class=\"wp-block-quote is-layout-flow wp-block-quote-is-layout-flow\">\n<p class=\"wp-block-paragraph\">\u201cHe manifestado tu nombre\u201d (<a href=\"https:\/\/biblia.com\/bible\/rvr60\/Jn17.6\">Jn 17:6<\/a>).<\/p>\n<\/blockquote>\n\n\n\n<p class=\"wp-block-paragraph\">En \u00c9xodo:<\/p>\n\n\n\n<blockquote class=\"wp-block-quote is-layout-flow wp-block-quote-is-layout-flow\">\n<p class=\"wp-block-paragraph\">\u201cMi presencia ir\u00e1 contigo\u201d (<a href=\"https:\/\/biblia.com\/bible\/rvr60\/Ex33.14\">Ex 33:14<\/a>).<\/p>\n<\/blockquote>\n\n\n\n<p class=\"wp-block-paragraph\">En Mateo:<\/p>\n\n\n\n<blockquote class=\"wp-block-quote is-layout-flow wp-block-quote-is-layout-flow\">\n<p class=\"wp-block-paragraph\">\u201cEmanuel [&#8230;] Dios con nosotros\u201d (<a href=\"https:\/\/biblia.com\/bible\/rvr60\/Mt1.23\">Mt 1:23<\/a>).<\/p>\n<\/blockquote>\n\n\n\n<p class=\"wp-block-paragraph\">Estas correspondencias deben utilizarse con cautela.<\/p>\n\n\n\n<p class=\"wp-block-paragraph\">No constituyen por s\u00ed mismas pruebas de dependencia literaria.<\/p>\n\n\n\n<p class=\"wp-block-paragraph\">Pero dentro de una lectura can\u00f3nica muestran una notable continuidad teol\u00f3gica:<\/p>\n\n\n\n<blockquote class=\"wp-block-quote is-layout-flow wp-block-quote-is-layout-flow\">\n<p class=\"wp-block-paragraph\"><strong>el Dios trascendente hace presente su Nombre mediante aquel a quien env\u00eda.<\/strong><\/p>\n<\/blockquote>\n\n\n\n<p class=\"wp-block-paragraph\">Y esa din\u00e1mica alcanza para el cristianismo su expresi\u00f3n definitiva en Cristo.<\/p>\n\n\n\n<h2 id=\"del-mensajero-a-la-palabra\" class=\"wp-block-heading\">Del mensajero a la Palabra<\/h2>\n\n\n\n<p class=\"wp-block-paragraph\">Quiz\u00e1 esta sea la conexi\u00f3n teol\u00f3gica m\u00e1s profunda de todo el estudio.<\/p>\n\n\n\n<p class=\"wp-block-paragraph\">El concepto de <em>mal\u02beakh<\/em> gira alrededor del acto de:<\/p>\n\n\n\n<blockquote class=\"wp-block-quote is-layout-flow wp-block-quote-is-layout-flow\">\n<p class=\"wp-block-paragraph\"><strong>comunicar.<\/strong><\/p>\n<\/blockquote>\n\n\n\n<p class=\"wp-block-paragraph\">El mensajero existe para hacer presente la palabra de otro.<\/p>\n\n\n\n<p class=\"wp-block-paragraph\">Pero el Evangelio de Juan lleva la idea de revelaci\u00f3n a un nivel extraordinariamente m\u00e1s profundo:<\/p>\n\n\n\n<blockquote class=\"wp-block-quote is-layout-flow wp-block-quote-is-layout-flow\">\n<p class=\"wp-block-paragraph\">\u201cEn el principio era el Verbo\u201d (<a href=\"https:\/\/biblia.com\/bible\/rvr60\/Jn1.1\">Jn 1:1<\/a>).<\/p>\n<\/blockquote>\n\n\n\n<p class=\"wp-block-paragraph\">Y:<\/p>\n\n\n\n<blockquote class=\"wp-block-quote is-layout-flow wp-block-quote-is-layout-flow\">\n<p class=\"wp-block-paragraph\">\u201cA Dios nadie le vio jam\u00e1s; el unig\u00e9nito Hijo [&#8230;] \u00e9l le ha dado a conocer\u201d (<a href=\"https:\/\/biblia.com\/bible\/rvr60\/Jn1.18\">Jn 1:18<\/a>).<\/p>\n<\/blockquote>\n\n\n\n<p class=\"wp-block-paragraph\">El Hijo no comunica simplemente informaci\u00f3n acerca de Dios.<\/p>\n\n\n\n<p class=\"wp-block-paragraph\">Hace conocido al Dios invisible.<\/p>\n\n\n\n<p class=\"wp-block-paragraph\">Desde una perspectiva cristiana, esto proporciona un marco extraordinariamente adecuado para comprender por qu\u00e9 el Logos podr\u00eda aparecer en el Antiguo Testamento precisamente bajo la categor\u00eda funcional de:<\/p>\n\n\n\n<blockquote class=\"wp-block-quote is-layout-flow wp-block-quote-is-layout-flow\">\n<p class=\"wp-block-paragraph\"><strong>mensajero.<\/strong><\/p>\n<\/blockquote>\n\n\n\n<p class=\"wp-block-paragraph\">No porque sea un \u00e1ngel creado.<\/p>\n\n\n\n<p class=\"wp-block-paragraph\">Sino porque es:<\/p>\n\n\n\n<blockquote class=\"wp-block-quote is-layout-flow wp-block-quote-is-layout-flow\">\n<p class=\"wp-block-paragraph\"><strong>el revelador del Padre.<\/strong><\/p>\n<\/blockquote>\n\n\n\n<h2 id=\"una-conclusion-en-distintos-grados-de-certeza\" class=\"wp-block-heading\">Una conclusi\u00f3n en distintos grados de certeza<\/h2>\n\n\n\n<p class=\"wp-block-paragraph\">Para evitar afirmar m\u00e1s de lo que la evidencia permite, podemos finalmente expresar nuestras conclusiones seg\u00fan diferentes grados de seguridad.<\/p>\n\n\n\n<p class=\"wp-block-paragraph\"><strong>Primera conclusi\u00f3n \u2014 muy alta seguridad:<\/strong><br><em>mal\u02beakh<\/em> significa fundamentalmente mensajero y no determina por s\u00ed mismo la naturaleza del personaje.<\/p>\n\n\n\n<p class=\"wp-block-paragraph\"><strong>Segunda conclusi\u00f3n \u2014 alta seguridad:<\/strong><br>los textos del \u00c1ngel de Yahv\u00e9 no presentan siempre exactamente el mismo grado de identificaci\u00f3n con Dios y deben estudiarse individualmente.<\/p>\n\n\n\n<p class=\"wp-block-paragraph\"><strong>Tercera conclusi\u00f3n \u2014 alta seguridad:<\/strong><br>determinados relatos establecen una relaci\u00f3n excepcional entre el \u00c1ngel y Yahv\u00e9 que supera claramente la descripci\u00f3n normal de un mensajero celestial.<\/p>\n\n\n\n<p class=\"wp-block-paragraph\"><strong>Cuarta conclusi\u00f3n \u2014 probabilidad considerable:<\/strong><br>en textos como G\u00e9nesis 16, G\u00e9nesis 31, \u00c9xodo 3 y Jueces 6, resulta justificable hablar de una <strong>teofan\u00eda<\/strong>, es decir, de una manifestaci\u00f3n de la presencia divina.<\/p>\n\n\n\n<p class=\"wp-block-paragraph\"><strong>Quinta conclusi\u00f3n \u2014 interpretaci\u00f3n cristiana plausible y antigua:<\/strong><br>dentro de una lectura can\u00f3nica que incorpora la preexistencia y divinidad del Hijo, existe una base coherente para interpretar determinadas teofan\u00edas del \u00c1ngel como <strong>cristofan\u00edas<\/strong>.<\/p>\n\n\n\n<p class=\"wp-block-paragraph\"><strong>Sexta conclusi\u00f3n \u2014 no demostrable solamente desde el Antiguo Testamento:<\/strong><br>no puede establecerse exeg\u00e9ticamente que cada aparici\u00f3n del \u00c1ngel de Yahv\u00e9 sea necesariamente una aparici\u00f3n del Hijo preencarnado.<\/p>\n\n\n\n<p class=\"wp-block-paragraph\">Esta gradaci\u00f3n resulta m\u00e1s \u00fatil que una respuesta absoluta.<\/p>\n\n\n\n<h2 id=\"la-propuesta-final-de-este-estudio\" class=\"wp-block-heading\">La propuesta final de este estudio<\/h2>\n\n\n\n<p class=\"wp-block-paragraph\">Despu\u00e9s de considerar conjuntamente la evidencia filol\u00f3gica, narrativa, hist\u00f3rica y teol\u00f3gica, la posici\u00f3n que parece explicar mejor el conjunto puede formularse as\u00ed:<\/p>\n\n\n\n<blockquote class=\"wp-block-quote is-layout-flow wp-block-quote-is-layout-flow\">\n<p class=\"wp-block-paragraph\"><strong>El \u00c1ngel de Yahv\u00e9 constituye en varios relatos veterotestamentarios una manifestaci\u00f3n personal y mediada de la presencia de Yahv\u00e9. Aunque es presentado como enviado y, por tanto, distinguido de Yahv\u00e9, participa de su Nombre, autoridad, palabra y presencia de una manera que excede la funci\u00f3n habitual de un mensajero creado. La interpretaci\u00f3n de agencia explica una parte importante de estos fen\u00f3menos, pero encuentra dificultades ante la identificaci\u00f3n narrativa directa entre el \u00c1ngel y Yahv\u00e9. Por ello, en los textos teof\u00e1nicos m\u00e1s fuertes resulta razonable hablar de una manifestaci\u00f3n divina. Dentro de la lectura cristiana del canon, la identificaci\u00f3n de esta manifestaci\u00f3n con el Logos preencarnado constituye una interpretaci\u00f3n teol\u00f3gicamente coherente, hist\u00f3ricamente antigua y exeg\u00e9ticamente plausible, aunque no pueda demostrarse como significado cristol\u00f3gico expl\u00edcito de cada texto veterotestamentario.<\/strong><\/p>\n<\/blockquote>\n\n\n\n<p class=\"wp-block-paragraph\">Esta conclusi\u00f3n evita dos extremos.<\/p>\n\n\n\n<p class=\"wp-block-paragraph\">No reduce al \u00c1ngel a:<\/p>\n\n\n\n<blockquote class=\"wp-block-quote is-layout-flow wp-block-quote-is-layout-flow\">\n<p class=\"wp-block-paragraph\">\u201csimplemente otro \u00e1ngel\u201d.<\/p>\n<\/blockquote>\n\n\n\n<p class=\"wp-block-paragraph\">Pero tampoco afirma:<\/p>\n\n\n\n<blockquote class=\"wp-block-quote is-layout-flow wp-block-quote-is-layout-flow\">\n<p class=\"wp-block-paragraph\">\u201ccada \u00c1ngel del Se\u00f1or es autom\u00e1ticamente Jes\u00fas\u201d.<\/p>\n<\/blockquote>\n\n\n\n<p class=\"wp-block-paragraph\">Permite que los textos mantengan su propia complejidad.<\/p>\n\n\n\n<h2 id=\"el-misterio-que-permanece\" class=\"wp-block-heading\">El misterio que permanece<\/h2>\n\n\n\n<p class=\"wp-block-paragraph\">Quiz\u00e1 precisamente aqu\u00ed reside una de las caracter\u00edsticas m\u00e1s fascinantes de la figura.<\/p>\n\n\n\n<p class=\"wp-block-paragraph\">El texto b\u00edblico nunca parece especialmente interesado en resolver la identidad del \u00c1ngel mediante una definici\u00f3n metaf\u00edsica.<\/p>\n\n\n\n<p class=\"wp-block-paragraph\">No encontramos:<\/p>\n\n\n\n<blockquote class=\"wp-block-quote is-layout-flow wp-block-quote-is-layout-flow\">\n<p class=\"wp-block-paragraph\">\u201cel \u00c1ngel posee esta naturaleza&#8230;\u201d<\/p>\n<\/blockquote>\n\n\n\n<p class=\"wp-block-paragraph\">Encontramos encuentros.<\/p>\n\n\n\n<p class=\"wp-block-paragraph\">Agar descubre:<\/p>\n\n\n\n<blockquote class=\"wp-block-quote is-layout-flow wp-block-quote-is-layout-flow\">\n<p class=\"wp-block-paragraph\"><strong>el Dios que ve.<\/strong><\/p>\n<\/blockquote>\n\n\n\n<p class=\"wp-block-paragraph\">Abraham descubre:<\/p>\n\n\n\n<blockquote class=\"wp-block-quote is-layout-flow wp-block-quote-is-layout-flow\">\n<p class=\"wp-block-paragraph\"><strong>el Dios que provee.<\/strong><\/p>\n<\/blockquote>\n\n\n\n<p class=\"wp-block-paragraph\">Jacob:<\/p>\n\n\n\n<blockquote class=\"wp-block-quote is-layout-flow wp-block-quote-is-layout-flow\">\n<p class=\"wp-block-paragraph\"><strong>el Dios de Bet-el.<\/strong><\/p>\n<\/blockquote>\n\n\n\n<p class=\"wp-block-paragraph\">Mois\u00e9s:<\/p>\n\n\n\n<blockquote class=\"wp-block-quote is-layout-flow wp-block-quote-is-layout-flow\">\n<p class=\"wp-block-paragraph\"><strong>el Dios de Abraham, Isaac y Jacob.<\/strong><\/p>\n<\/blockquote>\n\n\n\n<p class=\"wp-block-paragraph\">Israel:<\/p>\n\n\n\n<blockquote class=\"wp-block-quote is-layout-flow wp-block-quote-is-layout-flow\">\n<p class=\"wp-block-paragraph\"><strong>el Dios cuyo Nombre acompa\u00f1a al pueblo.<\/strong><\/p>\n<\/blockquote>\n\n\n\n<p class=\"wp-block-paragraph\">Gede\u00f3n:<\/p>\n\n\n\n<blockquote class=\"wp-block-quote is-layout-flow wp-block-quote-is-layout-flow\">\n<p class=\"wp-block-paragraph\"><strong>el Dios que est\u00e1 con \u00e9l.<\/strong><\/p>\n<\/blockquote>\n\n\n\n<p class=\"wp-block-paragraph\">Manoa:<\/p>\n\n\n\n<blockquote class=\"wp-block-quote is-layout-flow wp-block-quote-is-layout-flow\">\n<p class=\"wp-block-paragraph\"><strong>el Dios cuya presencia provoca temor y maravilla.<\/strong><\/p>\n<\/blockquote>\n\n\n\n<p class=\"wp-block-paragraph\">La funci\u00f3n teol\u00f3gica de las apariciones es, por tanto, inseparable de la cuesti\u00f3n ontol\u00f3gica.<\/p>\n\n\n\n<p class=\"wp-block-paragraph\">El \u00c1ngel hace presente al Dios que:<\/p>\n\n\n\n<p class=\"wp-block-paragraph\">ve,<\/p>\n\n\n\n<p class=\"wp-block-paragraph\">habla,<\/p>\n\n\n\n<p class=\"wp-block-paragraph\">promete,<\/p>\n\n\n\n<p class=\"wp-block-paragraph\">libera,<\/p>\n\n\n\n<p class=\"wp-block-paragraph\">acompa\u00f1a,<\/p>\n\n\n\n<p class=\"wp-block-paragraph\">protege,<\/p>\n\n\n\n<p class=\"wp-block-paragraph\">juzga<\/p>\n\n\n\n<p class=\"wp-block-paragraph\">y salva.<\/p>\n\n\n\n<p class=\"wp-block-paragraph\">Desde la perspectiva cristiana, esta din\u00e1mica encuentra finalmente su culminaci\u00f3n no en otra aparici\u00f3n angelical, sino en la encarnaci\u00f3n:<\/p>\n\n\n\n<blockquote class=\"wp-block-quote is-layout-flow wp-block-quote-is-layout-flow\">\n<p class=\"wp-block-paragraph\">\u201cY aquel Verbo fue hecho carne, y habit\u00f3 entre nosotros\u201d (<a href=\"https:\/\/biblia.com\/bible\/rvr60\/Jn1.14\">Jn 1:14<\/a>).<\/p>\n<\/blockquote>\n\n\n\n<p class=\"wp-block-paragraph\">El Dios que anteriormente se hab\u00eda dado a conocer mediante palabras, visiones, teofan\u00edas, Nombre y presencia entra ahora en la historia humana de una manera incomparablemente m\u00e1s profunda.<\/p>\n\n\n\n<p class=\"wp-block-paragraph\">Por ello, el valor cristol\u00f3gico del \u00c1ngel de Yahv\u00e9 quiz\u00e1 no dependa \u00fanicamente de poder demostrar que:<\/p>\n\n\n\n<blockquote class=\"wp-block-quote is-layout-flow wp-block-quote-is-layout-flow\">\n<p class=\"wp-block-paragraph\"><strong>\u201cel \u00c1ngel era Cristo\u201d.<\/strong><\/p>\n<\/blockquote>\n\n\n\n<p class=\"wp-block-paragraph\">Su importancia es todav\u00eda m\u00e1s profunda.<\/p>\n\n\n\n<p class=\"wp-block-paragraph\">Las apariciones del \u00c1ngel forman parte de la larga historia b\u00edblica de la pregunta:<\/p>\n\n\n\n<blockquote class=\"wp-block-quote is-layout-flow wp-block-quote-is-layout-flow\">\n<p class=\"wp-block-paragraph\"><strong>\u00bfc\u00f3mo puede el Dios invisible hacerse presente entre los seres humanos?<\/strong><\/p>\n<\/blockquote>\n\n\n\n<p class=\"wp-block-paragraph\">El Antiguo Testamento responde mediante:<\/p>\n\n\n\n<blockquote class=\"wp-block-quote is-layout-flow wp-block-quote-is-layout-flow\">\n<p class=\"wp-block-paragraph\">presencia,<br>Nombre,<br>gloria,<br>palabra,<br>teofan\u00eda<br>y mensajero.<\/p>\n<\/blockquote>\n\n\n\n<p class=\"wp-block-paragraph\">El Nuevo Testamento concentra finalmente esas categor\u00edas en una persona:<\/p>\n\n\n\n<blockquote class=\"wp-block-quote is-layout-flow wp-block-quote-is-layout-flow\">\n<p class=\"wp-block-paragraph\"><strong>el Logos hecho carne.<\/strong><\/p>\n<\/blockquote>\n\n\n\n<p class=\"wp-block-paragraph\">As\u00ed, el \u00c1ngel de Yahv\u00e9 permanece en la frontera entre <strong>trascendencia y presencia, env\u00edo e identidad, revelaci\u00f3n y misterio<\/strong>. Precisamente esa posici\u00f3n fronteriza explica por qu\u00e9 fue interpretado de maneras tan diferentes por jud\u00edos y cristianos, por Padres de la Iglesia y rabinos, por reformadores y cr\u00edticos modernos, y por ex\u00e9getas contempor\u00e1neos.<\/p>\n\n\n\n<p class=\"wp-block-paragraph\">Y explica tambi\u00e9n por qu\u00e9, despu\u00e9s de siglos de investigaci\u00f3n, la figura contin\u00faa siendo uno de los testimonios m\u00e1s extraordinarios de la complejidad con que el Antiguo Testamento describe la presencia del Dios de Israel.<\/p>\n\n\n\n<h3 id=\"consideracion-final\" class=\"wp-block-heading\">Consideraci\u00f3n final<\/h3>\n\n\n\n<p class=\"wp-block-paragraph\">La investigaci\u00f3n realizada permite, por tanto, mantener juntas dos afirmaciones que con frecuencia han sido separadas innecesariamente:<\/p>\n\n\n\n<blockquote class=\"wp-block-quote is-layout-flow wp-block-quote-is-layout-flow\">\n<p class=\"wp-block-paragraph\"><strong>La ex\u00e9gesis hist\u00f3rica exige cautela antes de llamar \u201cCristo\u201d al \u00c1ngel de Yahv\u00e9.<\/strong><\/p>\n<\/blockquote>\n\n\n\n<p class=\"wp-block-paragraph\">Pero tambi\u00e9n:<\/p>\n\n\n\n<blockquote class=\"wp-block-quote is-layout-flow wp-block-quote-is-layout-flow\">\n<p class=\"wp-block-paragraph\"><strong>la lectura cristol\u00f3gica posee fundamentos textuales e hist\u00f3ricos suficientemente importantes como para no ser descartada como una simple imposici\u00f3n dogm\u00e1tica posterior.<\/strong><\/p>\n<\/blockquote>\n\n\n\n<p class=\"wp-block-paragraph\">Entre ambas afirmaciones se encuentra probablemente el espacio hermen\u00e9utico m\u00e1s f\u00e9rtil para comprender al <strong>\u00c1ngel de Yahv\u00e9<\/strong>: una figura cuya identidad permanece deliberadamente relacionada con el misterio de la presencia del Dios que env\u00eda y, sin embargo, se hace presente en aquel que ha enviado.<\/p>\n\n\n\n<hr class=\"wp-block-coblocks-dynamic-separator\" style=\"height:50px\"\/>\n\n\n\n<h1 id=\"bibliografia\" class=\"wp-block-heading\">Bibliograf\u00eda<\/h1>\n\n\n\n<p class=\"wp-block-paragraph\">Agust\u00edn de Hipona. <em>De Trinitate<\/em>. En <em>Sancti Aurelii Augustini De Trinitate libri XV<\/em>. Corpus Christianorum Series Latina 50\u201350A. Turnhout: Brepols, 1968.<\/p>\n\n\n\n<p class=\"wp-block-paragraph\">Alexander, T. Desmond. <em>From Eden to the New Jerusalem: An Introduction to Biblical Theology<\/em>. Grand Rapids: Kregel Academic, 2008.<\/p>\n\n\n\n<p class=\"wp-block-paragraph\">Alter, Robert. <em>The Hebrew Bible: A Translation with Commentary<\/em>. 3 vols. New York: W. W. Norton, 2019.<\/p>\n\n\n\n<p class=\"wp-block-paragraph\">Arnold, Bill T. <em>Genesis<\/em>. New Cambridge Bible Commentary. Cambridge: Cambridge University Press, 2009.<\/p>\n\n\n\n<p class=\"wp-block-paragraph\">Bauckham, Richard. <em>Jesus and the God of Israel: God Crucified and Other Studies on the New Testament\u2019s Christology of Divine Identity<\/em>. Grand Rapids: Eerdmans, 2008.<\/p>\n\n\n\n<p class=\"wp-block-paragraph\">Blenkinsopp, Joseph. <em>Creation, Un-creation, Re-creation: A Discursive Commentary on Genesis 1\u201311<\/em>. London: T&amp;T Clark, 2011.<\/p>\n\n\n\n<p class=\"wp-block-paragraph\">Brueggemann, Walter. <em>Genesis<\/em>. Interpretation: A Bible Commentary for Teaching and Preaching. Atlanta: John Knox Press, 1982.<\/p>\n\n\n\n<p class=\"wp-block-paragraph\">Calvino, Juan. <em>Commentaries on the First Book of Moses Called Genesis<\/em>. Traducido por John King. 2 vols. Edinburgh: Calvin Translation Society, 1847\u20131850.<\/p>\n\n\n\n<p class=\"wp-block-paragraph\">Cassuto, Umberto. <em>A Commentary on the Book of Genesis. Part I: From Adam to Noah, Genesis I\u2013VI 8<\/em>. Traducido por Israel Abrahams. Jerusalem: Magnes Press, Hebrew University, 1961.<\/p>\n\n\n\n<p class=\"wp-block-paragraph\">Cassuto, Umberto. <em>A Commentary on the Book of Genesis. Part II: From Noah to Abraham, Genesis VI 9\u2013XI 32<\/em>. Traducido por Israel Abrahams. Jerusalem: Magnes Press, Hebrew University, 1964.<\/p>\n\n\n\n<p class=\"wp-block-paragraph\">Cassuto, Umberto. <em>A Commentary on the Book of Exodus<\/em>. Traducido por Israel Abrahams. Jerusalem: Magnes Press, Hebrew University, 1967.<\/p>\n\n\n\n<p class=\"wp-block-paragraph\">Childs, Brevard S. <em>The Book of Exodus: A Critical, Theological Commentary<\/em>. Old Testament Library. Philadelphia: Westminster Press, 1974.<\/p>\n\n\n\n<p class=\"wp-block-paragraph\">Chrysostom, John. <em>Homilies on Genesis 1\u201317<\/em>. Traducido por Robert C. Hill. Fathers of the Church 74. Washington, DC: Catholic University of America Press, 1986.<\/p>\n\n\n\n<p class=\"wp-block-paragraph\">Durham, John I. <em>Exodus<\/em>. Word Biblical Commentary 3. Waco, TX: Word Books, 1987.<\/p>\n\n\n\n<p class=\"wp-block-paragraph\">Erickson, Millard J. <em>Christian Theology<\/em>. 3.\u00aa ed. Grand Rapids: Baker Academic, 2013.<\/p>\n\n\n\n<p class=\"wp-block-paragraph\">Fretheim, Terence E. <em>Exodus<\/em>. Interpretation: A Bible Commentary for Teaching and Preaching. Louisville: John Knox Press, 1991.<\/p>\n\n\n\n<p class=\"wp-block-paragraph\">Gane, Roy E. <em>Leviticus, Numbers<\/em>. NIV Application Commentary. Grand Rapids: Zondervan, 2004.<\/p>\n\n\n\n<p class=\"wp-block-paragraph\">Goldingay, John. <em>Old Testament Theology. Volume 1: Israel\u2019s Gospel<\/em>. Downers Grove, IL: InterVarsity Press, 2003.<\/p>\n\n\n\n<p class=\"wp-block-paragraph\">Greenberg, Moshe. <em>Understanding Exodus<\/em>. New York: Behrman House, 1969.<\/p>\n\n\n\n<p class=\"wp-block-paragraph\">Grenz, Stanley J. <em>Theology for the Community of God<\/em>. Grand Rapids: Eerdmans, 2000.<\/p>\n\n\n\n<p class=\"wp-block-paragraph\">Grudem, Wayne. <em>Systematic Theology: An Introduction to Biblical Doctrine<\/em>. 2.\u00aa ed. Grand Rapids: Zondervan Academic, 2020.<\/p>\n\n\n\n<p class=\"wp-block-paragraph\">Hamilton, Victor P. <em>The Book of Genesis: Chapters 1\u201317<\/em>. New International Commentary on the Old Testament. Grand Rapids: Eerdmans, 1990.<\/p>\n\n\n\n<p class=\"wp-block-paragraph\">Hamilton, Victor P. <em>The Book of Genesis: Chapters 18\u201350<\/em>. New International Commentary on the Old Testament. Grand Rapids: Eerdmans, 1995.<\/p>\n\n\n\n<p class=\"wp-block-paragraph\">Hamilton, Victor P. <em>Exodus: An Exegetical Commentary<\/em>. Grand Rapids: Baker Academic, 2011.<\/p>\n\n\n\n<p class=\"wp-block-paragraph\">Heiser, Michael S. <em>Angels: What the Bible Really Says About God\u2019s Heavenly Host<\/em>. Bellingham, WA: Lexham Press, 2018.<\/p>\n\n\n\n<p class=\"wp-block-paragraph\">Heiser, Michael S. <em>The Unseen Realm: Recovering the Supernatural Worldview of the Bible<\/em>. Bellingham, WA: Lexham Press, 2015.<\/p>\n\n\n\n<p class=\"wp-block-paragraph\">Hendel, Ronald. <em>The Text of Genesis 1\u201311: Textual Studies and Critical Edition<\/em>. New York: Oxford University Press, 1998.<\/p>\n\n\n\n<p class=\"wp-block-paragraph\">Hess, Richard S. <em>Israelite Religions: An Archaeological and Biblical Survey<\/em>. Grand Rapids: Baker Academic, 2007.<\/p>\n\n\n\n<p class=\"wp-block-paragraph\">Ireneo de Lyon. <em>Against Heresies<\/em>. En <em>The Ante-Nicene Fathers<\/em>. Vol. 1. Editado por Alexander Roberts y James Donaldson. Buffalo, NY: Christian Literature Publishing, 1885.<\/p>\n\n\n\n<p class=\"wp-block-paragraph\">Jacob, Benno. <em>The First Book of the Bible: Genesis<\/em>. Traducido por Ernest I. Jacob y Walter Jacob. New York: KTAV Publishing House, 1974.<\/p>\n\n\n\n<p class=\"wp-block-paragraph\">Jacob, Benno. <em>The Second Book of the Bible: Exodus<\/em>. Traducido por Walter Jacob en colaboraci\u00f3n con Yaakov Elman. Hoboken, NJ: KTAV Publishing House, 1992.<\/p>\n\n\n\n<p class=\"wp-block-paragraph\">Janzen, J. Gerald. <em>Abraham and All the Families of the Earth: A Commentary on the Book of Genesis 12\u201350<\/em>. International Theological Commentary. Grand Rapids: Eerdmans, 1993.<\/p>\n\n\n\n<p class=\"wp-block-paragraph\">Jo\u00fcon, Paul, y Takamitsu Muraoka. <em>A Grammar of Biblical Hebrew<\/em>. 2.\u00aa ed. Subsidia Biblica 27. Roma: Pontificio Istituto Biblico, 2006.<\/p>\n\n\n\n<p class=\"wp-block-paragraph\">Justino M\u00e1rtir. <em>Dialogue with Trypho<\/em>. Traducido por Thomas B. Falls. Revisado por Thomas P. Halton. Selections from the Fathers of the Church 3. Washington, DC: Catholic University of America Press, 2003.<\/p>\n\n\n\n<p class=\"wp-block-paragraph\">Keil, C. F., y F. Delitzsch. <em>Biblical Commentary on the Old Testament: The Pentateuch<\/em>. Traducido por James Martin. Edinburgh: T&amp;T Clark, 1866\u20131891.<\/p>\n\n\n\n<p class=\"wp-block-paragraph\">K\u00f6hler, Ludwig, Walter Baumgartner y Johann Jakob Stamm. <em>The Hebrew and Aramaic Lexicon of the Old Testament<\/em>. Traducido y editado bajo la supervisi\u00f3n de M. E. J. Richardson. 5 vols. Leiden: Brill, 1994\u20132000.<\/p>\n\n\n\n<p class=\"wp-block-paragraph\">Kugel, James L. <em>The Bible as It Was<\/em>. Cambridge, MA: Belknap Press of Harvard University Press, 1997.<\/p>\n\n\n\n<p class=\"wp-block-paragraph\">Levenson, Jon D. <em>The Death and Resurrection of the Beloved Son: The Transformation of Child Sacrifice in Judaism and Christianity<\/em>. New Haven: Yale University Press, 1993.<\/p>\n\n\n\n<p class=\"wp-block-paragraph\">Levine, Baruch A. <em>Numbers 1\u201320: A New Translation with Introduction and Commentary<\/em>. Anchor Bible 4A. New York: Doubleday, 1993.<\/p>\n\n\n\n<p class=\"wp-block-paragraph\">Levine, Baruch A. <em>Numbers 21\u201336: A New Translation with Introduction and Commentary<\/em>. Anchor Bible 4A. New York: Doubleday, 2000.<\/p>\n\n\n\n<p class=\"wp-block-paragraph\">Longman III, Tremper. <em>Genesis<\/em>. Story of God Bible Commentary. Grand Rapids: Zondervan, 2016.<\/p>\n\n\n\n<p class=\"wp-block-paragraph\">L\u00f3pez, Ren\u00e9 A. \u201cIdentifying the \u2018Angel of the Lord\u2019 in the Book of Judges: A Model for Reconsidering the Referent in Other Old Testament Loci.\u201d <em>Bulletin for Biblical Research<\/em> 20, no. 1 (2010): 1\u201318.<\/p>\n\n\n\n<p class=\"wp-block-paragraph\">Malone, Andrew S. \u201cDistinguishing the Angel of the Lord.\u201d <em>Bulletin for Biblical Research<\/em> 21, no. 3 (2011): 297\u2013314.<\/p>\n\n\n\n<p class=\"wp-block-paragraph\">McKnight, Scot. <em>The Hum of Angels: Listening for the Messengers of God Around Us<\/em>. Colorado Springs: WaterBrook, 2017.<\/p>\n\n\n\n<p class=\"wp-block-paragraph\">Mettinger, Tryggve N. D. <em>In Search of God: The Meaning and Message of the Everlasting Names<\/em>. Traducido por Frederick H. Cryer. Philadelphia: Fortress Press, 1988.<\/p>\n\n\n\n<p class=\"wp-block-paragraph\">Milgrom, Jacob. <em>Numbers<\/em>. JPS Torah Commentary. Philadelphia: Jewish Publication Society, 1990.<\/p>\n\n\n\n<p class=\"wp-block-paragraph\">Moberly, R. W. L. <em>The Bible, Theology, and Faith: A Study of Abraham and Jesus<\/em>. Cambridge: Cambridge University Press, 2000.<\/p>\n\n\n\n<p class=\"wp-block-paragraph\">Nahum M. Sarna. <em>Genesis: The Traditional Hebrew Text with the New JPS Translation<\/em>. JPS Torah Commentary. Philadelphia: Jewish Publication Society, 1989.<\/p>\n\n\n\n<p class=\"wp-block-paragraph\">Sarna, Nahum M. <em>Exodus: The Traditional Hebrew Text with the New JPS Translation<\/em>. JPS Torah Commentary. Philadelphia: Jewish Publication Society, 1991.<\/p>\n\n\n\n<p class=\"wp-block-paragraph\">Origen. <em>Contra Celsum<\/em>. Traducido por Henry Chadwick. Cambridge: Cambridge University Press, 1953.<\/p>\n\n\n\n<p class=\"wp-block-paragraph\">Origen. <em>Homilies on Genesis and Exodus<\/em>. Traducido por Ronald E. Heine. Fathers of the Church 71. Washington, DC: Catholic University of America Press, 1982.<\/p>\n\n\n\n<p class=\"wp-block-paragraph\">Propp, William H. C. <em>Exodus 1\u201318: A New Translation with Introduction and Commentary<\/em>. Anchor Bible 2. New York: Doubleday, 1999.<\/p>\n\n\n\n<p class=\"wp-block-paragraph\">Propp, William H. C. <em>Exodus 19\u201340: A New Translation with Introduction and Commentary<\/em>. Anchor Bible 2A. New York: Doubleday, 2006.<\/p>\n\n\n\n<p class=\"wp-block-paragraph\">Rashi. <em>The Torah: With Rashi\u2019s Commentary<\/em>. Traducido, anotado y elucidado por Yisrael Isser Zvi Herczeg. 5 vols. Brooklyn, NY: Mesorah Publications, 1995.<\/p>\n\n\n\n<p class=\"wp-block-paragraph\">Ramban (Nachmanides). <em>Commentary on the Torah: Genesis<\/em>. Traducido por Charles B. Chavel. New York: Shilo Publishing House, 1971.<\/p>\n\n\n\n<p class=\"wp-block-paragraph\">Ramban (Nachmanides). <em>Commentary on the Torah: Exodus<\/em>. Traducido por Charles B. Chavel. New York: Shilo Publishing House, 1973.<\/p>\n\n\n\n<p class=\"wp-block-paragraph\">Segal, Alan F. <em>Two Powers in Heaven: Early Rabbinic Reports about Christianity and Gnosticism<\/em>. Studies in Judaism in Late Antiquity 25. Leiden: Brill, 1977.<\/p>\n\n\n\n<p class=\"wp-block-paragraph\">Sommer, Benjamin D. <em>The Bodies of God and the World of Ancient Israel<\/em>. Cambridge: Cambridge University Press, 2009.<\/p>\n\n\n\n<p class=\"wp-block-paragraph\">Tertuliano. <em>Adversus Praxean<\/em>. En <em>Tertullian\u2019s Treatise Against Praxeas<\/em>. Editado y traducido por Ernest Evans. London: SPCK, 1948.<\/p>\n\n\n\n<p class=\"wp-block-paragraph\">Tigay, Jeffrey H. <em>Deuteronomy<\/em>. JPS Torah Commentary. Philadelphia: Jewish Publication Society, 1996.<\/p>\n\n\n\n<p class=\"wp-block-paragraph\">VanGemeren, Willem A., ed. <em>New International Dictionary of Old Testament Theology and Exegesis<\/em>. 5 vols. Grand Rapids: Zondervan, 1997.<\/p>\n\n\n\n<p class=\"wp-block-paragraph\">Waltke, Bruce K., con Cathi J. Fredricks. <em>Genesis: A Commentary<\/em>. Grand Rapids: Zondervan, 2001.<\/p>\n\n\n\n<p class=\"wp-block-paragraph\">Waltke, Bruce K., y M. O\u2019Connor. <em>An Introduction to Biblical Hebrew Syntax<\/em>. Winona Lake, IN: Eisenbrauns, 1990.<\/p>\n\n\n\n<p class=\"wp-block-paragraph\">Walton, John H. <em>Genesis<\/em>. NIV Application Commentary. Grand Rapids: Zondervan, 2001.<\/p>\n\n\n\n<p class=\"wp-block-paragraph\">Walton, John H. <em>Ancient Near Eastern Thought and the Old Testament: Introducing the Conceptual World of the Hebrew Bible<\/em>. 2.\u00aa ed. Grand Rapids: Baker Academic, 2018.<\/p>\n\n\n\n<p class=\"wp-block-paragraph\">Weinfeld, Moshe. <em>Deuteronomy 1\u201311: A New Translation with Introduction and Commentary<\/em>. Anchor Bible 5. New York: Doubleday, 1991.<\/p>\n\n\n\n<p class=\"wp-block-paragraph\">Wenham, Gordon J. <em>Genesis 1\u201315<\/em>. Word Biblical Commentary 1. Waco, TX: Word Books, 1987.<\/p>\n\n\n\n<p class=\"wp-block-paragraph\">Wenham, Gordon J. <em>Genesis 16\u201350<\/em>. Word Biblical Commentary 2. Dallas: Word Books, 1994.<\/p>\n\n\n\n<p class=\"wp-block-paragraph\">Westermann, Claus. <em>Genesis 1\u201311: A Commentary<\/em>. Traducido por John J. Scullion. Minneapolis: Augsburg Publishing House, 1984.<\/p>\n\n\n\n<p class=\"wp-block-paragraph\">Westermann, Claus. <em>Genesis 12\u201336: A Commentary<\/em>. Traducido por John J. Scullion. Minneapolis: Augsburg Publishing House, 1985.<\/p>\n\n\n\n<p class=\"wp-block-paragraph\">Westermann, Claus. <em>Genesis 37\u201350: A Commentary<\/em>. Traducido por John J. Scullion. Minneapolis: Augsburg Publishing House, 1986.<\/p>\n\n\n\n<p class=\"wp-block-paragraph\">Westermann, Claus. <em>God\u2019s Angels Need No Wings<\/em>. Edinburgh: T&amp;T Clark, 1998.<\/p>\n\n\n\n<p class=\"wp-block-paragraph\">Wright, Christopher J. H. <em>Knowing Jesus Through the Old Testament<\/em>. 2.\u00aa ed. Downers Grove, IL: IVP Academic, 2014.<\/p>\n\n\n\n<hr class=\"wp-block-separator has-alpha-channel-opacity\"\/>\n\n\n<ol class=\"wp-block-footnotes has-small-font-size\"><li id=\"0cab2de2-5a7f-4c7b-a644-809b0205efb8\"><em>The Lost World of Genesis One<\/em>, p. 26\u201327 <a href=\"#0cab2de2-5a7f-4c7b-a644-809b0205efb8-link\" aria-label=\"Saltar a la referencia de la nota 1\">\u21a9\ufe0e<\/a><\/li><li id=\"c1366a12-d323-47ce-929f-998422d94084\"><strong>Anu<\/strong> es el dios supremo del pante\u00f3n mesopot\u00e1mico (especialmente en la tradici\u00f3n sumerio-acadia). Representa el <strong>cielo<\/strong> y la autoridad c\u00f3smica m\u00e1xima. Aunque es te\u00f3ricamente el \u201crey de los dioses\u201d, en la pr\u00e1ctica su papel es m\u00e1s distante y trascendente: rara vez interviene directamente en los relatos m\u00edticos. Su funci\u00f3n principal es legitimar la jerarqu\u00eda divina. En muchos textos, act\u00faa como fuente \u00faltima de autoridad, pero delega la acci\u00f3n en otros dioses como Enlil o Enki. <strong>Enlil<\/strong> es uno de los dioses m\u00e1s importantes del pante\u00f3n mesopot\u00e1mico cl\u00e1sico. Est\u00e1 asociado con el <strong>viento, la atm\u00f3sfera y el poder ejecutivo divino<\/strong>. En la literatura sumeria y acadia, Enlil es frecuentemente quien toma decisiones que afectan a la humanidad, como decretar el diluvio o establecer \u00f3rdenes c\u00f3smicos. Es, en la pr\u00e1ctica, una figura de gobierno activo dentro del consejo divino, m\u00e1s cercano a un \u201crey operativo\u201d que Anu. <strong>Enki<\/strong>, conocido tambi\u00e9n por su nombre acadiano <strong>Ea<\/strong>, es el dios de las <strong>aguas profundas (apsu), la sabidur\u00eda, la magia y la inteligencia t\u00e9cnica<\/strong>. A diferencia de Enlil, Enki suele aparecer como una figura benevolente hacia la humanida<br>d. En muchos mitos, act\u00faa como mediador o consejero que encuentra soluciones creativas para evitar destrucci\u00f3n divina (por ejemplo, advierte a un humano sobre el diluvio en el mito de Atrahasis). Representa el conocimiento pr\u00e1ctico y la astucia divina. <strong>Ishtar<\/strong> (en acadio) o <strong>Inanna<\/strong> (en sumerio) es la diosa del <strong>amor, la fertilidad, la guerra y el poder pol\u00edtico<\/strong>. Es una de las deidades m\u00e1s complejas y din\u00e1micas del pante\u00f3n mesopot\u00e1mico. Puede aparecer como protectora, seductora o destructora. Su mito m\u00e1s famoso es el descenso al inframundo, donde simboliza ciclos de muerte y renovaci\u00f3n. Ishtar representa la fuerza de la vitalidad y la ambici\u00f3n, tanto en lo er\u00f3tico como en lo b\u00e9lico. <a href=\"#c1366a12-d323-47ce-929f-998422d94084-link\" aria-label=\"Saltar a la referencia de la nota 2\">\u21a9\ufe0e<\/a><\/li><li id=\"9dff61b7-25f8-437c-b45a-7343a9a71724\">El <strong>Ciclo de Baal<\/strong> es una importante colecci\u00f3n de textos mitol\u00f3gicos cananeos descubiertos en la antigua ciudad de <strong>Ugarit<\/strong> (actual Siria). Escrito en tablillas de arcilla, narra las haza\u00f1as de <strong>Baal Hadad<\/strong>\u2014dios de la tormenta, la lluvia y la fertilidad. El esquema literario suele ser algo as\u00ed: \u201cEntonces Baal dijo a sus mensajeros: \u2018Id y decid a El\u2026\u2019\u201d Y los mensajeros responden: \u201cHemos entregado el mensaje de Baal.\u201d <a href=\"#9dff61b7-25f8-437c-b45a-7343a9a71724-link\" aria-label=\"Saltar a la referencia de la nota 3\">\u21a9\ufe0e<\/a><\/li><li id=\"c2255d86-130f-45ac-9099-002af9559a39\">Claus Westermann, <em>Genesis 12\u201336: A Commentary<\/em> (Minneapolis: Augsburg, 1985) <a href=\"#c2255d86-130f-45ac-9099-002af9559a39-link\" aria-label=\"Saltar a la referencia de la nota 4\">\u21a9\ufe0e<\/a><\/li><li id=\"3e545ef4-d431-4c48-bd4b-49909360b957\"><em>Gerhard von Rad, Genesis: A Commentary<\/em> (1961), tambi\u00e9n esta la versi\u00f3n traducida al espa\u00f1ol de ediciones Sigueme. <a href=\"#3e545ef4-d431-4c48-bd4b-49909360b957-link\" aria-label=\"Saltar a la referencia de la nota 5\">\u21a9\ufe0e<\/a><\/li><li id=\"8cf28022-5579-460d-bd60-2fe01ad7ce97\"><strong><em>\u02bfAqedah<\/em>.<\/strong> El nombre jud\u00edo tradicional del episodio procede del verbo hebreo \u05e2\u05e7\u05d3 (<em>\u02bf\u0101qad<\/em>, \u201catar\u201d), utilizado en <a href=\"https:\/\/biblia.com\/bible\/rvr60\/Ge22.9\">Gn 22:9<\/a>: Abraham \u201cat\u00f3\u201d (<em>wayya\u02bf\u0103q\u014dd<\/em>) a Isaac. El sustantivo <em>\u02bfAqedah<\/em> significa, por tanto, \u201cla atadura\u201d y constituye la denominaci\u00f3n tradicional de G\u00e9nesis 22 en la interpretaci\u00f3n jud\u00eda. <a href=\"#8cf28022-5579-460d-bd60-2fe01ad7ce97-link\" aria-label=\"Saltar a la referencia de la nota 6\">\u21a9\ufe0e<\/a><\/li><li id=\"16c8bde2-bbfd-4e8d-bb20-5eee6f6f1707\">La interpretaci\u00f3n seg\u00fan la cual el enviado puede hablar con la voz de quien lo env\u00eda ofrece una explicaci\u00f3n importante para el uso de la primera persona. No obstante, debe utilizarse con cautela: explicar que un mensajero <em>puede<\/em> hablar en primera persona no determina autom\u00e1ticamente que <em>todas<\/em> las identificaciones entre Yahv\u00e9 y su \u00c1ngel sean meramente convencionales. Cada relato debe examinarse individualmente. <a href=\"#16c8bde2-bbfd-4e8d-bb20-5eee6f6f1707-link\" aria-label=\"Saltar a la referencia de la nota 7\">\u21a9\ufe0e<\/a><\/li><li id=\"3a2727a5-0af3-4b3e-a121-33cbfa77133b\"><strong>A. Henry Sawtelle.<\/strong> A. Henry Sawtelle, \u201cThe Angel of Jehovah\u201d, <em>Bibliotheca Sacra<\/em> 16, n.\u00ba 64 (1859): 805\u2013835. El art\u00edculo representa una defensa decimon\u00f3nica extensa de la interpretaci\u00f3n teof\u00e1nica y cristol\u00f3gica del <em>mal\u02beakh YHWH<\/em>. Debe utilizarse hist\u00f3ricamente junto con la investigaci\u00f3n filol\u00f3gica y cr\u00edtico-literaria posterior. <a href=\"#3a2727a5-0af3-4b3e-a121-33cbfa77133b-link\" aria-label=\"Saltar a la referencia de la nota 8\">\u21a9\ufe0e<\/a><\/li><li id=\"0ad2de44-0ae7-4ae1-9be8-c72bde5763bd\">\u05e0\u05b0\u05d0\u05bb\u05dd\u05be\u05d9\u05b0\u05d4\u05d5\u05b8\u05d4 (<em>ne\u02beum YHWH<\/em>) es una f\u00f3rmula oracular que puede traducirse \u201cor\u00e1culo de Yahv\u00e9\u201d, \u201cdeclaraci\u00f3n de Yahv\u00e9\u201d o, como RVR60, \u201cdice Jehov\u00e1\u201d. Es extremadamente frecuente en los profetas, pero resulta llamativa en G\u00e9nesis 22 por aparecer dentro del discurso pronunciado por el <em>mal\u02beakh YHWH<\/em>. <a href=\"#0ad2de44-0ae7-4ae1-9be8-c72bde5763bd-link\" aria-label=\"Saltar a la referencia de la nota 9\">\u21a9\ufe0e<\/a><\/li><li id=\"aa72c875-7903-499f-b044-7066928c0ecb\"><strong>El \u201cNombre\u201d.<\/strong> En el Antiguo Testamento, el \u201cnombre\u201d (<em>\u0161\u0113m<\/em>) de Yahv\u00e9 puede representar mucho m\u00e1s que una denominaci\u00f3n verbal: est\u00e1 relacionado con su autoridad, reputaci\u00f3n y presencia. Este concepto ser\u00e1 fundamental para estudiar <a href=\"https:\/\/biblia.com\/bible\/rvr60\/Ex23.20-21\">Ex 23:20\u201321<\/a> y posteriormente la teolog\u00eda de la presencia divina en Deuteronomio. <a href=\"#aa72c875-7903-499f-b044-7066928c0ecb-link\" aria-label=\"Saltar a la referencia de la nota 10\">\u21a9\ufe0e<\/a><\/li><li id=\"893c794c-b394-424e-8865-beae5224883f\">A. Henry Sawtelle, \u201cThe Angel of Jehovah,\u201d <em>Bibliotheca Sacra<\/em> 16, no. 64 (1859): 805\u2013835. <a href=\"#893c794c-b394-424e-8865-beae5224883f-link\" aria-label=\"Saltar a la referencia de la nota 11\">\u21a9\ufe0e<\/a><\/li><li id=\"d31a5f9c-25a4-45db-8721-b4af77c2dc0a\">Gordon J. Wenham, <em>Genesis 16\u201350<\/em>, Word Biblical Commentary 2 (Dallas: Word Books, 1994), comentario a <a href=\"https:\/\/biblia.com\/bible\/rvr60\/Ge31\">Gn 31<\/a>; Victor P. Hamilton, <em>The Book of Genesis: Chapters 18\u201350<\/em>, NICOT (Grand Rapids: Eerdmans, 1995), comentario a <a href=\"https:\/\/biblia.com\/bible\/rvr60\/Ge31.10-13\">Gn 31:10\u201313<\/a>. Las observaciones anteriores resumen sus an\u00e1lisis; <strong>no se presentan como citas textuales<\/strong>. <a href=\"#d31a5f9c-25a4-45db-8721-b4af77c2dc0a-link\" aria-label=\"Saltar a la referencia de la nota 12\">\u21a9\ufe0e<\/a><\/li><li id=\"453188f5-ba81-486b-914f-3f646795a4d2\"><strong><em>Mal\u02beakh<\/em>.<\/strong> \u05de\u05b7\u05dc\u05b0\u05d0\u05b8\u05da\u05b0 (<em>mal\u02beakh<\/em>) significa fundamentalmente \u201cmensajero\u201d o \u201cenviado\u201d. Puede utilizarse para mensajeros humanos y celestiales. La traducci\u00f3n tradicional \u201c\u00e1ngel\u201d puede llevar al lector moderno a pensar inmediatamente en una categor\u00eda ontol\u00f3gica, mientras que el hebreo pone inicialmente el \u00e9nfasis sobre la funci\u00f3n: alguien enviado con un mensaje o misi\u00f3n. <a href=\"#453188f5-ba81-486b-914f-3f646795a4d2-link\" aria-label=\"Saltar a la referencia de la nota 13\">\u21a9\ufe0e<\/a><\/li><li id=\"5a9dce57-b968-4e58-a8ea-4567c8e69846\">Wenham, <em>Genesis 16\u201350<\/em>, comentario a <a href=\"https:\/\/biblia.com\/bible\/rvr60\/Ge32.22-32\">Gn 32:22\u201332<\/a>; Hamilton, <em>Genesis 18\u201350<\/em>, comentario correspondiente; Nahum M. Sarna, <em>Genesis: The Traditional Hebrew Text with the New JPS Translation<\/em>, JPS Torah Commentary (Philadelphia: Jewish Publication Society, 1989), comentario a <a href=\"https:\/\/biblia.com\/bible\/rvr60\/Ge32.25-33\">Gn 32:25\u201333<\/a>. <a href=\"#5a9dce57-b968-4e58-a8ea-4567c8e69846-link\" aria-label=\"Saltar a la referencia de la nota 14\">\u21a9\ufe0e<\/a><\/li><li id=\"ccea0761-6e98-44c4-b6d9-b2b4bc41455c\">Rashi, <em>Commentary on Genesis<\/em>, comentario a <a href=\"https:\/\/biblia.com\/bible\/rvr60\/Ge32.25\">Gn 32:25<\/a>, donde recoge la interpretaci\u00f3n del adversario como <strong>\u05e9\u05e8\u05d5 \u05e9\u05dc \u05e2\u05e9\u05d5<\/strong>, \u201cel pr\u00edncipe de Esa\u00fa\u201d. La tradici\u00f3n posee antecedentes rab\u00ednicos y debe distinguirse del significado expl\u00edcitamente formulado por G\u00e9nesis. <a href=\"#ccea0761-6e98-44c4-b6d9-b2b4bc41455c-link\" aria-label=\"Saltar a la referencia de la nota 15\">\u21a9\ufe0e<\/a><\/li><li id=\"19da2226-c884-46a0-898f-09aae89b23f9\"><strong>El \u201cpr\u00edncipe de Esa\u00fa\u201d.<\/strong> La interpretaci\u00f3n rab\u00ednica del <em>\u015bar shel \u02bfEsav<\/em> presupone una concepci\u00f3n, presente tambi\u00e9n en otros textos jud\u00edos antiguos, seg\u00fan la cual pueblos o naciones pueden estar relacionados con poderes o representantes celestiales. Comp\u00e1rese, dentro del propio texto b\u00edblico, la figura del \u201cpr\u00edncipe del reino de Persia\u201d y el \u201cpr\u00edncipe de Grecia\u201d en <a href=\"https:\/\/biblia.com\/bible\/rvr60\/Da10.13\">Dn 10:13, 20<\/a>. <a href=\"#19da2226-c884-46a0-898f-09aae89b23f9-link\" aria-label=\"Saltar a la referencia de la nota 16\">\u21a9\ufe0e<\/a><\/li><li id=\"b955c58e-3ebd-4500-812f-0a5d136ee816\">Ramban (Moses ben Nahman\/Nachmanides), <em>Commentary on the Torah: Genesis<\/em>, comentario a <a href=\"https:\/\/biblia.com\/bible\/rvr60\/Ge32\">Gn 32<\/a>, donde desarrolla la dimensi\u00f3n tipol\u00f3gica\/prof\u00e9tica de la lucha de Jacob y su relaci\u00f3n con los futuros sufrimientos de Israel frente a Esa\u00fa\/Edom. <a href=\"#b955c58e-3ebd-4500-812f-0a5d136ee816-link\" aria-label=\"Saltar a la referencia de la nota 17\">\u21a9\ufe0e<\/a><\/li><li id=\"30b0329f-01bc-4b80-beb3-d340a345f2db\"><strong><em>G\u014d\u02be\u0113l<\/em>.<\/strong> \u05d2\u05b9\u05bc\u05d0\u05b5\u05dc (<em>g\u014d\u02be\u0113l<\/em>) puede designar al pariente-redentor humano, pero tambi\u00e9n se convierte en una importante denominaci\u00f3n de Yahv\u00e9 como Redentor de Israel. V\u00e9anse <a href=\"https:\/\/biblia.com\/bible\/rvr60\/Is41.14\">Is 41:14<\/a>, <a href=\"https:\/\/biblia.com\/bible\/rvr60\/Is43.14\">Is 43:14<\/a>, <a href=\"https:\/\/biblia.com\/bible\/rvr60\/Is44.6\">Is 44:6<\/a> e <a href=\"https:\/\/biblia.com\/bible\/rvr60\/Is49.26\">Is 49:26<\/a>. Su aplicaci\u00f3n al \u00c1ngel en G\u00e9nesis 48 no demuestra por s\u00ed sola identidad divina, pero s\u00ed confiere al personaje una funci\u00f3n teol\u00f3gicamente extraordinaria. <a href=\"#30b0329f-01bc-4b80-beb3-d340a345f2db-link\" aria-label=\"Saltar a la referencia de la nota 18\">\u21a9\ufe0e<\/a><\/li><li id=\"3e3a5896-8926-4475-ab87-397c8751f4d8\">Hamilton, <em>Genesis 18\u201350<\/em>, comentario a <a href=\"https:\/\/biblia.com\/bible\/rvr60\/Ge48.15-16\">Gn 48:15\u201316<\/a>. Resulta especialmente importante la relaci\u00f3n entre las cl\u00e1usulas que describen a Dios y al \u00c1ngel dentro de la bendici\u00f3n. <a href=\"#3e3a5896-8926-4475-ab87-397c8751f4d8-link\" aria-label=\"Saltar a la referencia de la nota 19\">\u21a9\ufe0e<\/a><\/li><li id=\"f250ef15-b003-4c64-9c04-4ecbaecc88fe\">Sarna, <em>Genesis<\/em>, comentario a <a href=\"https:\/\/biblia.com\/bible\/rvr60\/Ge48.15-16\">Gn 48:15\u201316<\/a>. Su tratamiento resulta especialmente \u00fatil para contrastar una lectura jud\u00eda acad\u00e9mica moderna con las posteriores interpretaciones cristol\u00f3gicas del pasaje. <a href=\"#f250ef15-b003-4c64-9c04-4ecbaecc88fe-link\" aria-label=\"Saltar a la referencia de la nota 20\">\u21a9\ufe0e<\/a><\/li><li id=\"35f5fb47-47c0-482b-9d62-0c30d10e9425\">Rashi, comentario a <a href=\"https:\/\/biblia.com\/bible\/rvr60\/Ex3.2\">Ex 3:2<\/a>, sobre la expresi\u00f3n \u201cde en medio de la zarza\u201d, siguiendo <em>Midrash Tanchuma, Shemot<\/em> 14. Su formulaci\u00f3n conecta la zarza con <a href=\"https:\/\/biblia.com\/bible\/rvr60\/Ps91.15\">Sal 91:15<\/a>, \u201ccon \u00e9l estar\u00e9 yo en la angustia\u201d. El comentario puede consultarse en las ediciones tradicionales del <em>Mikraot Gedolot<\/em>. La formulaci\u00f3n est\u00e1 tambi\u00e9n preservada en las ediciones digitales de Sefaria. <a href=\"#35f5fb47-47c0-482b-9d62-0c30d10e9425-link\" aria-label=\"Saltar a la referencia de la nota 21\">\u21a9\ufe0e<\/a><\/li><li id=\"a6f37606-65a1-4396-acbe-6f18585b26cc\"><strong>La zarza en la interpretaci\u00f3n rab\u00ednica.<\/strong> Rashi comenta sobre \u201cde en medio de la zarza\u201d que Dios no eligi\u00f3 otro \u00e1rbol debido al principio \u201ccon \u00e9l estoy en la angustia\u201d. La tradici\u00f3n procede de materiales midr\u00e1shicos sobre \u00c9xodo y subraya que la presencia divina acompa\u00f1a a Israel incluso en su humillaci\u00f3n. Esta interpretaci\u00f3n constituye un buen ejemplo de c\u00f3mo la ex\u00e9gesis rab\u00ednica puede interesarse menos por determinar \u201cqu\u00e9 naturaleza tiene el \u00c1ngel\u201d que por explicar por qu\u00e9 la revelaci\u00f3n adopta precisamente esa forma. <a href=\"#a6f37606-65a1-4396-acbe-6f18585b26cc-link\" aria-label=\"Saltar a la referencia de la nota 22\">\u21a9\ufe0e<\/a><\/li><li id=\"39bb4294-7e55-491e-a620-ba18922b1c36\">Abraham Ibn Ezra, comentario a <a href=\"https:\/\/biblia.com\/bible\/rvr60\/Ex3.2\">Ex 3:2<\/a>. Ibn Ezra interpreta \u05d1\u05b0\u05bc\u05dc\u05b7\u05d1\u05b7\u05bc\u05ea (<em>belabbat<\/em>) en el sentido de \u201cen el coraz\u00f3n\/interior del fuego\u201d y discute la forma gramatical de <em>labbat<\/em>. Esta observaci\u00f3n es filol\u00f3gica y no constituye por s\u00ed misma una posici\u00f3n acerca de la ontolog\u00eda del \u00c1ngel. <a href=\"#39bb4294-7e55-491e-a620-ba18922b1c36-link\" aria-label=\"Saltar a la referencia de la nota 23\">\u21a9\ufe0e<\/a><\/li><li id=\"f0310a7b-3fe3-4e62-99c6-2927b2c2d2c4\">Brevard S. Childs, <em>The Book of Exodus: A Critical, Theological Commentary<\/em>, Old Testament Library (Philadelphia: Westminster Press, 1974), comentario a <a>Ex 3:1\u20136<\/a>. <strong>Par\u00e1frasis interpretativa<\/strong>, no cita textual. <a href=\"#f0310a7b-3fe3-4e62-99c6-2927b2c2d2c4-link\" aria-label=\"Saltar a la referencia de la nota 24\">\u21a9\ufe0e<\/a><\/li><li id=\"1e3fb3d4-ccae-401e-9b47-84b1a2369381\">S. R. Driver, <em>The Book of Exodus<\/em>, Cambridge Bible for Schools and Colleges (Cambridge: Cambridge University Press, 1911), comentario a Ex 3:2, citando a A. B. Davidson, <em>Dictionary of the Bible<\/em>, s.v. \u201cAngel\u201d: \u201cthe mere manifestation creates a distinction between the \u2018angel of Jehovah\u2019 and \u2018Jehovah,\u2019 though the identity remains.\u201d La cita ha sido verificada en el comentario publicado. <a href=\"#1e3fb3d4-ccae-401e-9b47-84b1a2369381-link\" aria-label=\"Saltar a la referencia de la nota 25\">\u21a9\ufe0e<\/a><\/li><li id=\"19c74aa8-ff8b-45e0-9285-425c6276f48e\">Nahum M. Sarna, <em>Genesis: The Traditional Hebrew Text with the New JPS Translation<\/em>, JPS Torah Commentary (Philadelphia: Jewish Publication Society, 1989), excursus sobre angelolog\u00eda, pp. 383\u2013384. Sarna se\u00f1ala que varios textos b\u00edblicos hacen dif\u00edcil trazar una demarcaci\u00f3n r\u00edgida entre Dios y su \u00e1ngel y considera diversas explicaciones acad\u00e9micas del fen\u00f3meno. Aqu\u00ed su posici\u00f3n ha sido <strong>parafraseada<\/strong>, no presentada como cita textual. La atribuci\u00f3n bibliogr\u00e1fica del excursus y los textos que analiza se encuentra reproducida en discusiones que remiten expresamente a esas p\u00e1ginas. <a href=\"#19c74aa8-ff8b-45e0-9285-425c6276f48e-link\" aria-label=\"Saltar a la referencia de la nota 26\">\u21a9\ufe0e<\/a><\/li><li id=\"7954aab4-07cd-4da9-bb4d-bc80ef62549f\">Aqu\u00ed conviene distinguir dos preguntas diferentes. La primera es literaria: <strong>\u00bfpresenta el narrador al \u00c1ngel y a Yahv\u00e9 en continuidad?<\/strong> En \u00c9xodo 3 la respuesta parece claramente afirmativa. La segunda es ontol\u00f3gica: <strong>\u00bfqu\u00e9 implica esa continuidad acerca de la naturaleza del \u00c1ngel?<\/strong> Esta segunda pregunta admite diferentes respuestas: representaci\u00f3n angelical, teofan\u00eda, manifestaci\u00f3n de la presencia divina o, en la posterior tradici\u00f3n cristiana, cristofan\u00eda. El texto debe analizarse antes de elegir entre esas explicaciones. <a href=\"#7954aab4-07cd-4da9-bb4d-bc80ef62549f-link\" aria-label=\"Saltar a la referencia de la nota 27\">\u21a9\ufe0e<\/a><\/li><li id=\"a0dabbb2-152c-4539-aa59-3d784f681a62\">V\u00e9ase la nota de la JPS a <a href=\"https:\/\/biblia.com\/bible\/rvr60\/Ex3.4\">Ex 3:4<\/a>, que se\u00f1ala que la designaci\u00f3n divina puede referirse al \u00e1ngel \u201cas acting on God\u2019s behalf\u201d y remite a Ibn Ezra. La observaci\u00f3n resulta particularmente \u00fatil porque muestra c\u00f3mo una edici\u00f3n jud\u00eda acad\u00e9mica contempor\u00e1nea puede explicar la transici\u00f3n \u00c1ngel\u2013Dios mediante representaci\u00f3n sin negar la continuidad narrativa. <a href=\"#a0dabbb2-152c-4539-aa59-3d784f681a62-link\" aria-label=\"Saltar a la referencia de la nota 28\">\u21a9\ufe0e<\/a><\/li><li id=\"6ade37e4-a8fc-42a4-b101-efab73c1b962\">El nombre YHVH identifica al Dios que declara por acci\u00f3n: \u201cestar\u00e9 all\u00ed\u2014para liberarte\u201d, \u201cestar\u00e9 all\u00ed\u2014para revelarme a ti\u201d, \u201cestar\u00e9 all\u00ed\u2014para cuidarte\u201d, \u201cestar\u00e9 all\u00ed\u2014para cumplir mis promesas a los padres\u201d y \u201cestar\u00e9 all\u00ed\u2014para tomarte como mi pueblo del pacto\u201d (Ex. 6:3; 19:4\u20136).<br>En las traducciones al espa\u00f1ol, el nombre personal de Dios se traduce generalmente como Se\u00f1or, y la representaci\u00f3n consistente en la LXX es el griego kyrios.29 En parte, debido a que el Dec\u00e1logo proh\u00edbe usar el nombre de Dios en vano,30 para cuando se tradujo la Septuaginta en el siglo III a.C., los jud\u00edos hab\u00edan desarrollado tal miedo a pronunciar mal el nombre de Dios que dejaron de decirlo en voz alta.31 Para protegerse contra esto, en la lectura oral, sustituyeron a YHVH con eufemismos, como ha-Shem (\u201cel Nombre\u201d) o Adonai (\u2019\u0103d\u014dn\u0101y, \u201cse\u00f1or\u201d), lo que explica por qu\u00e9 los traductores de la LXX lo representaban consistentemente como kyrios (=\u201cse\u00f1or\u201d).32 Esta pr\u00e1ctica se traslad\u00f3 a las citas en el Nuevo Testamento de los textos del Primer Testamento que implican el nombre divino33 y en las traducciones al espa\u00f1ol del nombre como \u201cSe\u00f1or\u201d. Sin embargo, est\u00e1 claro en los nombres teof\u00f3ricos (nombres que incluyen alguna porci\u00f3n de un nombre divino; por ejemplo, Jeremiah [Jerem\u00edas], Jehoshaphat [Josafat]) en la Biblia hebrea y en las cartas de Laquis que el nombre se pronunciaba regularmente con sus vocales hasta despu\u00e9s de la ca\u00edda de Jerusal\u00e9n en 586 a.C.34<br>Mientras los cristianos debaten si el nombre debe pronunciarse en el culto privado o corporativo,35 parece tr\u00e1gico que su pronunciaci\u00f3n se haya perdido. En un notable acto de condescendencia, YHVH se present\u00f3 por su nombre (Ex. 3:15; 34:6\u20137), resaltando as\u00ed la naturaleza personal de la relaci\u00f3n del pacto e invitando a su gente a dirigirse a \u00e9l no solo como un oficial o funcionario celestial sino como su Dios personal.<br>29 Como la pronunciaci\u00f3n del nombre es incierta, reproduzco solo las consonantes tal como est\u00e1n escritas en hebreo. La pronunciaci\u00f3n tradicional que se encuentra en la RVR1960, \u201cJehov\u00e1\u201d (Gen. 22:14; Ex. 6:3; 17:15; Jue. 6:24; Sal. 83:18; Is. 12:2; 26:4), e ir\u00f3nicamente com\u00fan en la m\u00fasica contempor\u00e1nea, es ciertamente err\u00f3nea. Esta es una construcci\u00f3n artificial creada combinando las consonantes de yhvh con las vocales de \u2019\u0103d\u014dn\u0101y.<br>30 Para ellos, \u201cNo tomar\u00e1s el nombre de YHVH en vano\u201d supuestamente significa \u201cNo lo pronunciar\u00e1s mal\u201d o \u201cNo lo pronunciar\u00e1s en un contexto equivocado (fuera del templo)\u201d. Ver la Mishn\u00e1, [m] Tamid 7.2, \u201cEn el santuario uno pronuncia el Nombre tal como est\u00e1 escrito, pero en las provincias, con un eufemismo\u201d. V\u00e9ase tambi\u00e9n Josephus, Jewish Antiquities 2.12.4; entre los Rollos del Mar Muerto, Regla de la Comunidad [1QS] 6.27b\u20137.2a; m. So\u1e6dah 7.6; m. Tamid 7.2; m. Sanedr\u00edn 10.1; m. Berakot 9.5; en el Talmud de babil\u00f3nico, [b] Pesa\u1e25im 50a; b. So\u1e6dah 38b. Quien viole este mandato, Dios le maldecir\u00e1. Cf. L. F. Hartman y S. D. Sperling, \u201cGod, Names of,\u201d en Encyclopaedia Judaica, ed. F. Skolnik, 2da ed. (Farmington Hills, MI: Thomson Gale, 2007), 7:675.<br>31 Compare Lv. 24:16: el hebreo w\u0115n\u014dq\u0113b \u0161\u0113m-yhvh m\u00f4t y\u00fbm\u0101t, traducido por la TANAKH como \u201cEl que tambi\u00e9n pronuncie el nombre Se\u00f1or, ser\u00e1 ejecutado.\u201d<br>32 Sin embargo, algunos manuscritos tempranos de la LXX representan el nombre con el Tetragr\u00e1maton en escritura arcaica o como el griego \u0399\u0391\u03a9 (IA\u014c). Vea Martin R\u00f6sel, \u201cNames of God,\u201d en Encyclopedia of the Dead Sea Scrolls, ed. L. H. Schiffman and J. C. VanderKam (Oxford: Oxford University Press, 2000), 2:600\u2013602.<br>33 Aunque a menudo no se se\u00f1ala en las traducciones al espa\u00f1ol: por poner un ejemplo, Rom. 10:13, \u201cTodo el que invoque el nombre de YHVH ser\u00e1 salvo\u201d.<br>34 Tenga en cuenta todos los nombres que terminan en \u2013iah [en espa\u00f1ol \u2013\u00edas] (presumiblemente de la primera parte del nombre Yahveh) en Nehem\u00edas 10\u201312. Los eruditos insertan convencionalmente e como la vocal entre v y h, por lo tanto, Yahveh. Hasta el d\u00eda de hoy, los jud\u00edos ortodoxos se refieren a YHVH con ha-Shem (ha-\u0160em) o \u201cel Nombre Inefable\u201d. Joel M. Hoffman (In the Beginning: A Short History of the Hebrew Language [New York: New York University Press, 2004], 44\u201347) argumenta que el Tetragr\u00e1maton nunca fue pronunciado; la combinaci\u00f3n de letras m\u00e1gicas ten\u00eda poder simb\u00f3lico.<br>35 Tenga en cuenta la directiva del Vaticano en la carta sobre el culto divino y los sacramentos, Liturgiam Authenticam, \u201cSobre el uso de las lenguas vern\u00e1culas en la publicaci\u00f3n de los libros de la liturgia romana\u201d, del 7 de Mayo, 2001: \u201cDe acuerdo con la tradici\u00f3n inmemorable, que de hecho ya es evidente en la versi\u00f3n \u2018Septuaginta\u2019 antes mencionada, el nombre del Dios Todopoderoso expresado por el Tetragr\u00e1maton hebreo (YHVH) y traducido en lat\u00edn por la palabra Dominus, debe ser traducido en cualquier vern\u00e1culo por una palabra equivalente en significado.\u201d<br>Daniel I. Block, A Dios sea la Gloria: Una Teolog\u00eda B\u00edblica de la Adoraci\u00f3n (Salem, OR: Publicaciones Kerigma, 2018), 40\u201341. <a href=\"#6ade37e4-a8fc-42a4-b101-efab73c1b962-link\" aria-label=\"Saltar a la referencia de la nota 29\">\u21a9\ufe0e<\/a><\/li><li id=\"7cfdf30e-2d8a-4f8b-b351-5bb9aa636327\">Douglas K. Stuart, <em>Exodus<\/em>, New American Commentary 2 (Nashville: Broadman &amp; Holman, 2006), comentario a <a>Ex 3:1\u20136<\/a>. &#8212;Par\u00e1frasis de su an\u00e1lisis<strong>,<\/strong> no cita textual. <a href=\"#7cfdf30e-2d8a-4f8b-b351-5bb9aa636327-link\" aria-label=\"Saltar a la referencia de la nota 30\">\u21a9\ufe0e<\/a><\/li><li id=\"ed2e409b-e1a8-4a3a-a456-14f2abec0644\">S. R. Driver, <em>The Book of Exodus<\/em>, Cambridge Bible for Schools and Colleges (Cambridge: Cambridge University Press, 1911), comentario a Ex 3:2, citando a A. B. Davidson, <em>Dictionary of the Bible<\/em>, s.v. \u201cAngel\u201d: \u201cthe mere manifestation creates a distinction between the \u2018angel of Jehovah\u2019 and \u2018Jehovah,\u2019 though the identity remains.\u201d La cita ha sido verificada en el comentario publicado. <a href=\"#ed2e409b-e1a8-4a3a-a456-14f2abec0644-link\" aria-label=\"Saltar a la referencia de la nota 31\">\u21a9\ufe0e<\/a><\/li><li id=\"8e699b64-6f89-4e81-a2e4-0bdb6bca63a9\">La expresi\u00f3n hebrea \u05e9\u05c1\u05de\u05e2 \u05d1\u05e7\u05d5\u05dc (<em>\u0161\u0101ma\u02bf beq\u014dl<\/em>, \u201cescuchar la voz de\u201d) posee frecuentemente sentido obediencial. V\u00e9anse, por ejemplo, <a href=\"https:\/\/biblia.com\/bible\/rvr60\/Ge22.18\">Gn 22:18<\/a>, <a href=\"https:\/\/biblia.com\/bible\/rvr60\/Ex19.5\">Ex 19:5<\/a>, <a href=\"https:\/\/biblia.com\/bible\/rvr60\/Dt13.4\">Dt 13:4<\/a> y <a href=\"https:\/\/biblia.com\/bible\/rvr60\/Dt28.1\">Dt 28:1<\/a>. En \u00c9xodo 23:21, por tanto, Israel no recibe simplemente la orden de \u201cescuchar\u201d al \u00c1ngel, sino de someterse a la autoridad que representa. <a href=\"#8e699b64-6f89-4e81-a2e4-0bdb6bca63a9-link\" aria-label=\"Saltar a la referencia de la nota 32\">\u21a9\ufe0e<\/a><\/li><li id=\"979384c7-2765-4d0f-8bd5-36fac5b34c91\">Rashi, <em>Commentary on the Torah<\/em>, comentario a <a href=\"https:\/\/biblia.com\/bible\/rvr60\/Ex23.21\">Ex 23:21<\/a>. Rashi relaciona la expresi\u00f3n \u201cmi nombre est\u00e1 en \u00e9l\u201d con Metatr\u00f3n y comenta tambi\u00e9n la incapacidad del mensajero para pasar por alto la rebeli\u00f3n fuera de los t\u00e9rminos de su comisi\u00f3n. Debe observarse cuidadosamente que la identificaci\u00f3n con Metatr\u00f3n pertenece a la <strong>historia jud\u00eda de interpretaci\u00f3n<\/strong>, no al significado expl\u00edcito del sustantivo <em>mal\u02beakh<\/em> en \u00c9xodo. <a href=\"#979384c7-2765-4d0f-8bd5-36fac5b34c91-link\" aria-label=\"Saltar a la referencia de la nota 33\">\u21a9\ufe0e<\/a><\/li><li id=\"297470a9-30b4-4c49-80b0-b6ef3aa6a271\"><strong>El \u201cNombre\u201d en la teolog\u00eda b\u00edblica.<\/strong> En el Antiguo Testamento, el nombre de Yahv\u00e9 puede funcionar como expresi\u00f3n de su presencia y autoridad. Dios hace habitar su nombre en el lugar que escoge (<a href=\"https:\/\/biblia.com\/bible\/rvr60\/Dt12.5\">Dt 12:5<\/a>); el templo es edificado para su nombre (<a href=\"https:\/\/biblia.com\/bible\/rvr60\/1Ki8.17-20\">1 R 8:17\u201320<\/a>); y Yahv\u00e9 act\u00faa por causa de su nombre (<a href=\"https:\/\/biblia.com\/bible\/rvr60\/Eze20.9\">Ez 20:9<\/a>). Por ello, la afirmaci\u00f3n \u201cmi nombre est\u00e1 en \u00e9l\u201d debe analizarse dentro de una teolog\u00eda m\u00e1s amplia de la presencia divina y no como si \u201cnombre\u201d significara \u00fanicamente una denominaci\u00f3n. <a href=\"#297470a9-30b4-4c49-80b0-b6ef3aa6a271-link\" aria-label=\"Saltar a la referencia de la nota 34\">\u21a9\ufe0e<\/a><\/li><li id=\"70a804aa-b611-46e9-8e7a-e5c97768b622\">Rashbam (Samuel ben Meir), comentario a <a href=\"https:\/\/biblia.com\/bible\/rvr60\/Ex23.20-21\">Ex 23:20\u201321<\/a>. Su tratamiento debe situarse dentro de la tradici\u00f3n jud\u00eda medieval que comprende al mensajero como representante autorizado de Dios. La utilizaci\u00f3n realizada arriba es una <strong>s\u00edntesis interpretativa<\/strong>, no una cita textual. <a href=\"#70a804aa-b611-46e9-8e7a-e5c97768b622-link\" aria-label=\"Saltar a la referencia de la nota 35\">\u21a9\ufe0e<\/a><\/li><li id=\"d6c166c6-fd66-4784-94d6-dc824273e4e1\">Nahum M. Sarna, <em>Exodus: The Traditional Hebrew Text with the New JPS Translation<\/em>, JPS Torah Commentary (Philadelphia\/New York: Jewish Publication Society, 1991), comentario a <a href=\"https:\/\/biblia.com\/bible\/rvr60\/Ex23.20-23\">Ex 23:20\u201323<\/a>. La referencia a Sarna en el cuerpo del texto constituye una <strong>par\u00e1frasis de su explicaci\u00f3n<\/strong>, no una cita literal. <a href=\"#d6c166c6-fd66-4784-94d6-dc824273e4e1-link\" aria-label=\"Saltar a la referencia de la nota 36\">\u21a9\ufe0e<\/a><\/li><li id=\"df4a5f99-af5a-47f3-ba97-43570d69ae57\">Michael S. Heiser, <em>The Unseen Realm: Recovering the Supernatural Worldview of the Bible<\/em> (Bellingham, WA: Lexham Press, 2015), especialmente su discusi\u00f3n de la teolog\u00eda del \u00c1ngel, el Nombre y las manifestaciones visibles de Yahv\u00e9. V\u00e9ase tambi\u00e9n Michael S. Heiser, \u201cThe Divine Council in Late Canonical and Non-Canonical Second Temple Jewish Literature\u201d, PhD diss., University of Wisconsin\u2013Madison, 2004, para el marco m\u00e1s amplio de su interpretaci\u00f3n de la pluralidad de figuras celestiales dentro del monote\u00edsmo israelita. La exposici\u00f3n anterior es <strong>s\u00edntesis de su propuesta<\/strong>, no cita textual. <a href=\"#df4a5f99-af5a-47f3-ba97-43570d69ae57-link\" aria-label=\"Saltar a la referencia de la nota 37\">\u21a9\ufe0e<\/a><\/li><li id=\"baf1bbd2-01c4-477e-8504-6129476020f4\">Brevard S. Childs, <em>The Book of Exodus: A Critical, Theological Commentary<\/em>, Old Testament Library (Philadelphia: Westminster Press, 1974), comentario a <a href=\"https:\/\/biblia.com\/bible\/rvr60\/Ex23.20-33\">Ex 23:20\u201333<\/a>. La referencia a Childs en el cuerpo del estudio es <strong>par\u00e1frasis interpretativa<\/strong>. <a href=\"#baf1bbd2-01c4-477e-8504-6129476020f4-link\" aria-label=\"Saltar a la referencia de la nota 38\">\u21a9\ufe0e<\/a><\/li><li id=\"07a2b0c0-0595-4c9b-94ff-ea5d940849a4\"><strong>Metatr\u00f3n.<\/strong> Metatr\u00f3n es una figura angelol\u00f3gica prominente en determinados textos rab\u00ednicos y m\u00edsticos jud\u00edos posteriores. No aparece con ese nombre en la Biblia hebrea. Por tanto, identificar al \u00c1ngel de \u00c9xodo 23 directamente con Metatr\u00f3n constituye una <strong>interpretaci\u00f3n posterior<\/strong>, no una conclusi\u00f3n l\u00e9xica del texto de \u00c9xodo. Esta distinci\u00f3n hist\u00f3rica es indispensable para evitar leer categor\u00edas rab\u00ednicas medievales dentro del texto mosaico. <a href=\"#07a2b0c0-0595-4c9b-94ff-ea5d940849a4-link\" aria-label=\"Saltar a la referencia de la nota 39\">\u21a9\ufe0e<\/a><\/li><li id=\"41fab0b2-0559-418e-8c87-9b023d1b54d3\">Para la importancia del \u201cNombre\u201d como expresi\u00f3n de presencia y autoridad divina, v\u00e9anse tambi\u00e9n los textos deuteron\u00f3micos acerca del lugar donde Yahv\u00e9 hace habitar su nombre: <a href=\"https:\/\/biblia.com\/bible\/rvr60\/Dt12.5\">Dt 12:5, 11<\/a>, <a href=\"https:\/\/biblia.com\/bible\/rvr60\/Dt14.23\">Dt 14:23<\/a> y <a href=\"https:\/\/biblia.com\/bible\/rvr60\/Dt16.2\">Dt 16:2<\/a>. La comparaci\u00f3n debe hacerse con cautela: que el Nombre habite en el santuario y que est\u00e9 \u201cen\u201d el \u00c1ngel son construcciones relacionadas teol\u00f3gicamente, pero no necesariamente id\u00e9nticas. <a href=\"#41fab0b2-0559-418e-8c87-9b023d1b54d3-link\" aria-label=\"Saltar a la referencia de la nota 40\">\u21a9\ufe0e<\/a><\/li><li id=\"5646bfdc-534c-445e-9097-09fbb3cadf78\">Brevard S. Childs, <em>The Book of Exodus: A Critical, Theological Commentary<\/em>, Old Testament Library (Philadelphia: Westminster Press, 1974), comentario a <a href=\"https:\/\/biblia.com\/bible\/rvr60\/Ex32\">Ex 32\u201334<\/a>. Su an\u00e1lisis de la crisis del becerro de oro y la presencia divina ha sido utilizado aqu\u00ed como <strong>par\u00e1frasis interpretativa<\/strong>, no como cita textual. <a href=\"#5646bfdc-534c-445e-9097-09fbb3cadf78-link\" aria-label=\"Saltar a la referencia de la nota 41\">\u21a9\ufe0e<\/a><\/li><li id=\"d0ceb7a5-28e7-4c1a-a143-bd8f80b9d96f\">Nahum M. Sarna, <em>Exodus: The Traditional Hebrew Text with the New JPS Translation<\/em>, JPS Torah Commentary (Philadelphia\/New York: Jewish Publication Society, 1991), comentario a <a href=\"https:\/\/biblia.com\/bible\/rvr60\/Ex33.1-17\">Ex 33:1\u201317<\/a>. Sarna pone de relieve la gravedad que supone para Israel continuar sin la presencia inmediata de Dios. La formulaci\u00f3n empleada arriba constituye <strong>s\u00edntesis de su an\u00e1lisis<\/strong>. <a href=\"#d0ceb7a5-28e7-4c1a-a143-bd8f80b9d96f-link\" aria-label=\"Saltar a la referencia de la nota 42\">\u21a9\ufe0e<\/a><\/li><li id=\"82e1ea7f-9e1d-4faf-b47a-7b380da1ef55\"><strong>\u00bfUn mismo \u00c1ngel?<\/strong> Las expresiones de <a href=\"https:\/\/biblia.com\/bible\/rvr60\/Ex23.20\">Ex 23:20<\/a>, <a href=\"https:\/\/biblia.com\/bible\/rvr60\/Ex32.34\">Ex 32:34<\/a> y <a href=\"https:\/\/biblia.com\/bible\/rvr60\/Ex33.2\">Ex 33:2<\/a> son suficientemente semejantes para justificar una comparaci\u00f3n, pero no prueban por s\u00ed mismas identidad absoluta de referente. El contexto de \u00c9xodo 33 introduce precisamente una tensi\u00f3n entre la mediaci\u00f3n angelical y la presencia personal de Yahv\u00e9 que debe preservarse. <a href=\"#82e1ea7f-9e1d-4faf-b47a-7b380da1ef55-link\" aria-label=\"Saltar a la referencia de la nota 43\">\u21a9\ufe0e<\/a><\/li><li id=\"4694edd9-406e-4bf2-bd3f-94353df8dbdd\">Rashi, <em>Commentary on the Torah<\/em>, comentario a <a href=\"https:\/\/biblia.com\/bible\/rvr60\/Ex33.3\">Ex 33:3<\/a>. Rashi interpreta la sustituci\u00f3n de la presencia inmediata por mediaci\u00f3n angelical dentro de las consecuencias del pecado de Israel. Debe distinguirse esta interpretaci\u00f3n de su comentario anterior al \u00c1ngel de <a href=\"https:\/\/biblia.com\/bible\/rvr60\/Ex23.21\">Ex 23:21<\/a>. <a href=\"#4694edd9-406e-4bf2-bd3f-94353df8dbdd-link\" aria-label=\"Saltar a la referencia de la nota 44\">\u21a9\ufe0e<\/a><\/li><li id=\"b7967225-b4f9-4988-aeed-137976e1048e\"><strong>La pol\u00e9mica contra \u201cdos poderes\u201d.<\/strong> La literatura rab\u00ednica posterior muestra una notable sensibilidad ante cualquier interpretaci\u00f3n que pareciera convertir a una figura celestial exaltada en una segunda autoridad divina. El famoso episodio talm\u00fadico relacionado con Elisha ben Abuyah (\u201cA\u1e25er\u201d) y Metatr\u00f3n en <em>b. \u1e24agigah<\/em> 15a ser\u00e1 especialmente importante cuando estudiemos la historia jud\u00eda del motivo de los \u201cdos poderes en el cielo\u201d. All\u00ed la exaltaci\u00f3n de Metatr\u00f3n debe ser cuidadosamente limitada para preservar la unicidad absoluta de Dios. <a href=\"#b7967225-b4f9-4988-aeed-137976e1048e-link\" aria-label=\"Saltar a la referencia de la nota 45\">\u21a9\ufe0e<\/a><\/li><li id=\"10ff6c0b-8310-49c7-a22a-10275398be65\"><strong>\u201cCara a cara\u201d.<\/strong> La expresi\u00f3n hebrea <em>p\u0101n\u00eem \u02beel-p\u0101n\u00eem<\/em> puede expresar una relaci\u00f3n directa e inmediata sin implicar necesariamente visi\u00f3n exhaustiva de la naturaleza divina. <a href=\"https:\/\/biblia.com\/bible\/rvr60\/Dt34.10\">Dt 34:10<\/a> utiliza lenguaje semejante al afirmar que Yahv\u00e9 conoci\u00f3 a Mois\u00e9s \u201ccara a cara\u201d. <a href=\"#10ff6c0b-8310-49c7-a22a-10275398be65-link\" aria-label=\"Saltar a la referencia de la nota 46\">\u21a9\ufe0e<\/a><\/li><li id=\"1740a99b-a11d-4d4c-a74e-62c89ae06c92\">William H. C. Propp, <em>Exodus 19\u201340: A New Translation with Introduction and Commentary<\/em>, Anchor Bible 2A (New York: Doubleday, 2006), comentario a <a href=\"https:\/\/biblia.com\/bible\/rvr60\/Ex32\">Ex 32\u201334<\/a>. La referencia realizada en el cuerpo del texto es <strong>par\u00e1frasis<\/strong>, particularmente de su discusi\u00f3n acerca de la presencia, la mediaci\u00f3n y las diferentes formas de acompa\u00f1amiento divino. <a href=\"#1740a99b-a11d-4d4c-a74e-62c89ae06c92-link\" aria-label=\"Saltar a la referencia de la nota 47\">\u21a9\ufe0e<\/a><\/li><li id=\"92aca5bf-0f00-4470-aa4a-5b7a7ac6d7cc\">Michael S. Heiser, <em>The Unseen Realm: Recovering the Supernatural Worldview of the Bible<\/em> (Bellingham, WA: Lexham Press, 2015), especialmente su tratamiento de las manifestaciones visibles de Yahv\u00e9, el \u00c1ngel del Nombre y la teolog\u00eda de la presencia. Se utiliza aqu\u00ed como <strong>modelo interpretativo sintetizado<\/strong>, no como cita literal. <a href=\"#92aca5bf-0f00-4470-aa4a-5b7a7ac6d7cc-link\" aria-label=\"Saltar a la referencia de la nota 48\">\u21a9\ufe0e<\/a><\/li><li id=\"0ebef10a-0015-4212-bf46-5d89648e77ed\"><strong><em>Shekhinah<\/em>.<\/strong> \u05e9\u05b0\u05c1\u05db\u05b4\u05d9\u05e0\u05b8\u05d4 (<em>Shekhinah<\/em>) es un t\u00e9rmino rab\u00ednico derivado de la ra\u00edz \u05e9\u05c1\u05db\u05df (<em>\u0161kn<\/em>, \u201chabitar\u201d). El sustantivo no aparece como tal en la Biblia hebrea, aunque procede del lenguaje b\u00edblico de la morada divina. En la literatura rab\u00ednica designa la presencia de Dios que habita o se manifiesta entre su pueblo. Debe evitarse proyectar el t\u00e9rmino t\u00e9cnico posterior directamente sobre todos los textos del Pentateuco, aunque puede resultar \u00fatil para estudiar su recepci\u00f3n jud\u00eda. <a href=\"#0ebef10a-0015-4212-bf46-5d89648e77ed-link\" aria-label=\"Saltar a la referencia de la nota 49\">\u21a9\ufe0e<\/a><\/li><li id=\"b6b7c7e7-b010-45e0-bcbf-71184f5a4efb\">Sobre <a href=\"https:\/\/biblia.com\/bible\/rvr60\/Is63.9\">Isa\u00edas 63:9<\/a>, v\u00e9anse Joseph Blenkinsopp, <em>Isaiah 56\u201366<\/em>, Anchor Bible 19B (New York: Doubleday, 2003), comentario al pasaje; John N. Oswalt, <em>The Book of Isaiah, Chapters 40\u201366<\/em>, NICOT (Grand Rapids: Eerdmans, 1998), comentario a Isa\u00edas 63:7\u201314; y las discusiones textuales de las versiones antiguas. Cualquier utilizaci\u00f3n de formulaciones espec\u00edficas de estos autores deber\u00e1 distinguirse entre cita textual y par\u00e1frasis. <a href=\"#b6b7c7e7-b010-45e0-bcbf-71184f5a4efb-link\" aria-label=\"Saltar a la referencia de la nota 50\">\u21a9\ufe0e<\/a><\/li><li id=\"38285a70-cb6f-4d18-9bf2-a2b7849d9caa\"><strong>Isa\u00edas 63:9 y la cr\u00edtica textual.<\/strong> Isa\u00edas 63:9 presenta una conocida dificultad textual. El Texto Masor\u00e9tico y algunas versiones antiguas reflejan diferencias en la primera cl\u00e1usula (\u201cen toda su angustia, \u00e9l fue angustiado\u201d \/ \u201cno fue mensajero ni \u00e1ngel&#8230;\u201d, seg\u00fan ciertas lecturas antiguas). La expresi\u00f3n \u201c\u00c1ngel de su presencia\u201d pertenece, no obstante, al Texto Masor\u00e9tico de la continuaci\u00f3n y resulta fundamental para la posterior interpretaci\u00f3n jud\u00eda y cristiana del pasaje. Un an\u00e1lisis detallado deber\u00e1 considerar tambi\u00e9n la Septuaginta. <a href=\"#38285a70-cb6f-4d18-9bf2-a2b7849d9caa-link\" aria-label=\"Saltar a la referencia de la nota 51\">\u21a9\ufe0e<\/a><\/li><li id=\"a1cdb156-d65e-491c-bb7d-90e40bdd5ce2\"><strong>El profeta y el \u00c1ngel como contraste literario.<\/strong> La proximidad entre <a href=\"https:\/\/biblia.com\/bible\/rvr60\/Jdg6.8\">Jueces 6:8<\/a> y <a href=\"https:\/\/biblia.com\/bible\/rvr60\/Jdg6.11-24\">Jueces 6:11\u201324<\/a> proporciona un importante control exeg\u00e9tico. El profeta humano utiliza una f\u00f3rmula expl\u00edcita de transmisi\u00f3n \u2014\u201cas\u00ed ha dicho Yahv\u00e9\u201d\u2014; el \u00c1ngel de Yahv\u00e9 no mantiene consistentemente esa distancia. Esto no demuestra por s\u00ed mismo naturaleza divina, pero hace dif\u00edcil explicar todo el fen\u00f3meno simplemente diciendo que \u201ctodos los mensajeros hablaban as\u00ed\u201d. <a href=\"#a1cdb156-d65e-491c-bb7d-90e40bdd5ce2-link\" aria-label=\"Saltar a la referencia de la nota 52\">\u21a9\ufe0e<\/a><\/li><li id=\"e41485d6-b5fe-4e2c-9f83-db07e92ed0ee\">Daniel I. Block, <em>Judges, Ruth<\/em>, New American Commentary 6 (Nashville: Broadman &amp; Holman, 1999), comentario a <a href=\"https:\/\/biblia.com\/bible\/rvr60\/Jdg6.11-24\">Jue 6:11\u201324<\/a>. Su tratamiento de la alternancia entre el \u00c1ngel de Yahv\u00e9 y Yahv\u00e9 y de la progresiva comprensi\u00f3n de Gede\u00f3n ha sido utilizado como <strong>par\u00e1frasis interpretativa<\/strong>, no como cita textual. <a href=\"#e41485d6-b5fe-4e2c-9f83-db07e92ed0ee-link\" aria-label=\"Saltar a la referencia de la nota 53\">\u21a9\ufe0e<\/a><\/li><li id=\"cf263c1c-b041-49c3-9b07-5fd71decee3e\">Barry G. Webb, <em>The Book of Judges<\/em>, New International Commentary on the Old Testament (Grand Rapids: Eerdmans, 2012), comentario a <a href=\"https:\/\/biblia.com\/bible\/rvr60\/Jdg6.11-24\">Jue 6:11\u201324<\/a>. La referencia en el cuerpo del estudio sintetiza su an\u00e1lisis narrativo del encuentro y no se presenta como cita literal. <a href=\"#cf263c1c-b041-49c3-9b07-5fd71decee3e-link\" aria-label=\"Saltar a la referencia de la nota 54\">\u21a9\ufe0e<\/a><\/li><li id=\"acbe8880-59a6-488d-8714-bfbe9cc1f5b7\"><strong><em>\u02beEhyeh \u02bfimm\u0101k<\/em>.<\/strong> La f\u00f3rmula \u201cestar\u00e9 contigo\u201d constituye una de las expresiones centrales de comisi\u00f3n divina en el Antiguo Testamento. La misma ra\u00edz \u05d4\u05d9\u05d4 (<em>hyh<\/em>) utilizada en <a href=\"https:\/\/biblia.com\/bible\/rvr60\/Ex3.12\">Ex 3:12<\/a> est\u00e1 relacionada con la famosa declaraci\u00f3n <em>\u02beEhyeh \u02be\u0103\u0161er \u02beehyeh<\/em> de <a href=\"https:\/\/biblia.com\/bible\/rvr60\/Ex3.14\">Ex 3:14<\/a>. En Jueces 6, la presencia de Yahv\u00e9 vuelve a ser la garant\u00eda fundamental de la misi\u00f3n. <a href=\"#acbe8880-59a6-488d-8714-bfbe9cc1f5b7-link\" aria-label=\"Saltar a la referencia de la nota 55\">\u21a9\ufe0e<\/a><\/li><li id=\"bae36290-c5cd-45f8-a9f9-cd48cbe35809\">Rashi, <em>Commentary on Judges<\/em>, comentarios a <a href=\"https:\/\/biblia.com\/bible\/rvr60\/Jdg6\">Jueces 6<\/a>. Sus explicaciones parten del marco rab\u00ednico tradicional de la misi\u00f3n angelical y prestan especial atenci\u00f3n al m\u00e9rito de Gede\u00f3n y al contexto de la liberaci\u00f3n de Israel. Cuando se utilicen formulaciones literales de Rashi deber\u00e1n citarse posteriormente conforme al texto exacto de la edici\u00f3n hebrea empleada. <a href=\"#bae36290-c5cd-45f8-a9f9-cd48cbe35809-link\" aria-label=\"Saltar a la referencia de la nota 56\">\u21a9\ufe0e<\/a><\/li><li id=\"80722564-bcb4-4c61-9d0d-26021d64b915\"><strong><em>Min\u1e25\u0101h<\/em>.<\/strong> \u05de\u05b4\u05e0\u05b0\u05d7\u05b8\u05d4 (<em>min\u1e25\u0101h<\/em>) puede significar tanto \u201cregalo\u201d como \u201cofrenda\u201d. En G\u00e9nesis puede referirse a un presente ofrecido a una persona (<a href=\"https:\/\/biblia.com\/bible\/rvr60\/Ge32.13\">Gn 32:13<\/a>); en Lev\u00edtico se convierte en t\u00e9rmino t\u00e9cnico para la ofrenda vegetal (<a href=\"https:\/\/biblia.com\/bible\/rvr60\/Le2.1\">Lev 2:1<\/a>). El contexto de Jueces 6 comienza siendo ambiguo, pero la consumici\u00f3n sobrenatural por fuego imprime finalmente a la escena una fuerte dimensi\u00f3n cultual. <a href=\"#80722564-bcb4-4c61-9d0d-26021d64b915-link\" aria-label=\"Saltar a la referencia de la nota 57\">\u21a9\ufe0e<\/a><\/li><li id=\"5221bf66-2593-49e4-803f-a8088e021b14\">Block, <em>Judges, Ruth<\/em>, comentario a <a href=\"https:\/\/biblia.com\/bible\/rvr60\/Jdg6.22-24\">Jue 6:22\u201324<\/a>. La explicaci\u00f3n acerca del temor de Gede\u00f3n como reacci\u00f3n ante una teofan\u00eda se utiliza aqu\u00ed como <strong>s\u00edntesis<\/strong>, no como cita textual. <a href=\"#5221bf66-2593-49e4-803f-a8088e021b14-link\" aria-label=\"Saltar a la referencia de la nota 58\">\u21a9\ufe0e<\/a><\/li><li id=\"1bd4221a-8d4f-46a4-a1b4-df9a642f2347\">Robert G. Boling, <em>Judges: Introduction, Translation, and Commentary<\/em>, Anchor Bible 6A (Garden City, NY: Doubleday, 1975), comentario a <a href=\"https:\/\/biblia.com\/bible\/rvr60\/Jdg6.11-24\">Jue 6:11\u201324<\/a>. Su aproximaci\u00f3n hist\u00f3rico-cr\u00edtica resulta \u00fatil para contrastar las explicaciones teof\u00e1nicas con propuestas que analizan la formaci\u00f3n literaria del relato. <a href=\"#1bd4221a-8d4f-46a4-a1b4-df9a642f2347-link\" aria-label=\"Saltar a la referencia de la nota 59\">\u21a9\ufe0e<\/a><\/li><li id=\"67aeb94b-bf25-4d7c-a63a-183c972030d4\">Daniel I. Block, <em>Judges, Ruth<\/em>, New American Commentary 6 (Nashville: Broadman &amp; Holman, 1999), comentario a <a href=\"https:\/\/biblia.com\/bible\/rvr60\/Jdg13.2-25\">Jue 13:2\u201325<\/a>. La referencia al car\u00e1cter divinamente iniciado de la misi\u00f3n de Sans\u00f3n constituye una <strong>s\u00edntesis de su exposici\u00f3n<\/strong>, no cita textual. <a href=\"#67aeb94b-bf25-4d7c-a63a-183c972030d4-link\" aria-label=\"Saltar a la referencia de la nota 60\">\u21a9\ufe0e<\/a><\/li><li id=\"f4512b61-c524-4bd5-a0c2-36c45d017f8e\"><strong>\u201cVar\u00f3n de Dios\u201d.<\/strong> \u05d0\u05b4\u05d9\u05e9\u05c1 \u05d4\u05b8\u05d0\u05b1\u05dc\u05b9\u05d4\u05b4\u05d9\u05dd (<em>\u02be\u00ee\u0161 h\u0101\u02be\u0115l\u014dh\u00eem<\/em>) es una designaci\u00f3n utilizada normalmente para profetas o personajes humanos relacionados especialmente con Dios; v\u00e9anse <a href=\"https:\/\/biblia.com\/bible\/rvr60\/1Sa9.6\">1 S 9:6<\/a>, <a href=\"https:\/\/biblia.com\/bible\/rvr60\/1Ki13.1\">1 R 13:1<\/a> y <a href=\"https:\/\/biblia.com\/bible\/rvr60\/2Ki4.9\">2 R 4:9<\/a>. En Jueces 13, la esposa de Manoa utiliza inicialmente esta categor\u00eda porque todav\u00eda no conoce completamente la identidad del visitante. El narrador, en cambio, ya ha informado al lector de que se trata del \u00c1ngel de Yahv\u00e9. <a href=\"#f4512b61-c524-4bd5-a0c2-36c45d017f8e-link\" aria-label=\"Saltar a la referencia de la nota 61\">\u21a9\ufe0e<\/a><\/li><li id=\"c5015ec4-51cd-4284-a58b-ea66d928e719\"><strong>Holocausto.<\/strong> \u05e2\u05b9\u05dc\u05b8\u05d4 (<em>\u02bf\u014dl\u0101h<\/em>) designa la ofrenda quemada que asciende completamente en humo ante Dios. A diferencia de ciertas ofrendas compartidas en banquete, el holocausto pertenece enteramente a Yahv\u00e9. Por ello, la instrucci\u00f3n del \u00c1ngel \u201cofr\u00e9celo a Yahv\u00e9\u201d posee una clara importancia cultual. <a href=\"#c5015ec4-51cd-4284-a58b-ea66d928e719-link\" aria-label=\"Saltar a la referencia de la nota 62\">\u21a9\ufe0e<\/a><\/li><li id=\"1b7bc0a7-c960-4ecb-b190-4caf83a25e89\">Block, <em>Judges, Ruth<\/em>, comentario a <a href=\"https:\/\/biblia.com\/bible\/rvr60\/Jdg13.15-16\">Jue 13:15\u201316<\/a>. Su tratamiento resulta especialmente \u00fatil para preservar la orientaci\u00f3n del sacrificio hacia Yahv\u00e9. La formulaci\u00f3n anterior es <strong>par\u00e1frasis interpretativa<\/strong>. <a href=\"#1b7bc0a7-c960-4ecb-b190-4caf83a25e89-link\" aria-label=\"Saltar a la referencia de la nota 63\">\u21a9\ufe0e<\/a><\/li><li id=\"9eaf5b47-7d92-46eb-9fe1-bdf04673f425\"><strong><em>Pel\u00ee\u02be<\/em> y \u05e4\u05dc\u05d0.<\/strong> La ra\u00edz \u05e4\u05dc\u05d0 (<em>pl\u02be<\/em>) puede designar aquello que resulta maravilloso, extraordinario o m\u00e1s all\u00e1 de la comprensi\u00f3n humana. Aparece frecuentemente asociada con las \u201cmaravillas\u201d realizadas por Yahv\u00e9; v\u00e9anse <a href=\"https:\/\/biblia.com\/bible\/rvr60\/Ex15.11\">Ex 15:11<\/a>, <a href=\"https:\/\/biblia.com\/bible\/rvr60\/Ps77.14\">Sal 77:14<\/a> e <a href=\"https:\/\/biblia.com\/bible\/rvr60\/Is29.14\">Is 29:14<\/a>. Su utilizaci\u00f3n en Jueces 13:18 confiere al nombre del \u00c1ngel un car\u00e1cter excepcional. <a href=\"#9eaf5b47-7d92-46eb-9fe1-bdf04673f425-link\" aria-label=\"Saltar a la referencia de la nota 64\">\u21a9\ufe0e<\/a><\/li><li id=\"0bd9d3c7-6772-4f96-bf56-e329be0a7631\">Barry G. Webb, <em>The Book of Judges<\/em>, New International Commentary on the Old Testament (Grand Rapids: Eerdmans, 2012), comentario a <a href=\"https:\/\/biblia.com\/bible\/rvr60\/Jdg13.2-25\">Jue 13:2\u201325<\/a>. Webb presta especial atenci\u00f3n a la revelaci\u00f3n progresiva de la identidad del visitante y a la iron\u00eda narrativa del relato. Se utiliza aqu\u00ed como <strong>s\u00edntesis<\/strong>, no como cita textual. <a href=\"#0bd9d3c7-6772-4f96-bf56-e329be0a7631-link\" aria-label=\"Saltar a la referencia de la nota 65\">\u21a9\ufe0e<\/a><\/li><li id=\"479053f9-74f7-414e-9a25-fe4847390b8e\">Rashi, <em>Commentary on Judges<\/em>, comentario a <a href=\"https:\/\/biblia.com\/bible\/rvr60\/Jdg13.18\">Jue 13:18<\/a>. Su interpretaci\u00f3n del nombre \u201cmaravilloso\u201d debe situarse dentro de la angelolog\u00eda rab\u00ednica y no como afirmaci\u00f3n de identidad divina. Cuando se incorpore una cita literal de Rashi ser\u00e1 necesario reproducir el texto hebreo exacto de la edici\u00f3n utilizada. <a href=\"#479053f9-74f7-414e-9a25-fe4847390b8e-link\" aria-label=\"Saltar a la referencia de la nota 66\">\u21a9\ufe0e<\/a><\/li><li id=\"13bac881-50bc-412b-b094-47e310447dfc\">La proximidad entre \u05e4\u05b6\u05bc\u05dc\u05b4\u05d0\u05d9 (<em>pel\u00ee\u02be<\/em>, v. 18) y \u05de\u05b7\u05e4\u05b0\u05dc\u05b4\u05d0 (<em>mapli\u02be<\/em>, v. 19) dif\u00edcilmente parece accidental. La narrativa responde a la pregunta \u201c\u00bfcu\u00e1l es tu nombre?\u201d no proporcionando un nombre propio convencional, sino mostrando una acci\u00f3n que corresponde al car\u00e1cter \u201cmaravilloso\u201d de esa identidad. <a href=\"#13bac881-50bc-412b-b094-47e310447dfc-link\" aria-label=\"Saltar a la referencia de la nota 67\">\u21a9\ufe0e<\/a><\/li><li id=\"ab5e948c-2f8b-4222-b594-a33cbe69544f\">Block, <em>Judges, Ruth<\/em>, comentario a <a href=\"https:\/\/biblia.com\/bible\/rvr60\/Jdg13.22-23\">Jue 13:22\u201323<\/a>. La observaci\u00f3n acerca del mayor discernimiento teol\u00f3gico de la esposa de Manoa ha sido utilizada como <strong>par\u00e1frasis de su an\u00e1lisis<\/strong>. <a href=\"#ab5e948c-2f8b-4222-b594-a33cbe69544f-link\" aria-label=\"Saltar a la referencia de la nota 68\">\u21a9\ufe0e<\/a><\/li><li id=\"1f67eee0-0983-4386-82e7-4f1ec3909e43\">Robert G. Boling, <em>Judges: Introduction, Translation, and Commentary<\/em>, Anchor Bible 6A (Garden City, NY: Doubleday, 1975), comentario a Jueces 13. Su aproximaci\u00f3n hist\u00f3rico-cr\u00edtica resulta \u00fatil para estudiar la estructura y formaci\u00f3n del relato, aunque no coincide necesariamente con interpretaciones teof\u00e1nicas tradicionales. <a href=\"#1f67eee0-0983-4386-82e7-4f1ec3909e43-link\" aria-label=\"Saltar a la referencia de la nota 69\">\u21a9\ufe0e<\/a><\/li><li id=\"790a4842-2bc2-4b28-bfb2-94dcbac6c473\"><strong>\u201cYahv\u00e9 de los ej\u00e9rcitos\u201d.<\/strong> \u05d9\u05b0\u05d4\u05d5\u05b8\u05d4 \u05e6\u05b0\u05d1\u05b8\u05d0\u05d5\u05b9\u05ea (<em>YHWH \u1e63\u0115b\u0101\u02be\u00f4t<\/em>) puede traducirse \u201cYahv\u00e9 de los ej\u00e9rcitos\u201d. El t\u00edtulo adquiere especial prominencia en la literatura prof\u00e9tica y postex\u00edlica y presenta a Yahv\u00e9 como soberano de las huestes celestiales y, por extensi\u00f3n, del orden c\u00f3smico e hist\u00f3rico. <a href=\"#790a4842-2bc2-4b28-bfb2-94dcbac6c473-link\" aria-label=\"Saltar a la referencia de la nota 70\">\u21a9\ufe0e<\/a><\/li><li id=\"8e208a2e-4240-496d-84b0-2a6c53106cd8\">Mark J. Boda, <em>The Book of Zechariah<\/em>, New International Commentary on the Old Testament (Grand Rapids: Eerdmans, 2016), comentario a <a href=\"https:\/\/biblia.com\/bible\/rvr60\/Zec1.7-17\">Zac 1:7\u201317<\/a>. La referencia al papel intercesor del \u00c1ngel constituye una <strong>s\u00edntesis de su an\u00e1lisis<\/strong>, no cita textual. <a href=\"#8e208a2e-4240-496d-84b0-2a6c53106cd8-link\" aria-label=\"Saltar a la referencia de la nota 71\">\u21a9\ufe0e<\/a><\/li><li id=\"aa4e5e50-75d8-4930-9a9b-55e5d29b2072\">Carol L. Meyers y Eric M. Meyers, <em>Haggai, Zechariah 1\u20138: A New Translation with Introduction and Commentary<\/em>, Anchor Bible 25B (Garden City, NY: Doubleday, 1987), comentarios a <a href=\"https:\/\/biblia.com\/bible\/rvr60\/Zec1.7-17\">Zac 1:7\u201317<\/a> y <a href=\"https:\/\/biblia.com\/bible\/rvr60\/Zec3\">Zac 3<\/a>. Su tratamiento contextualiza las visiones dentro de la restauraci\u00f3n persa y el desarrollo de la comunidad postex\u00edlica. Las formulaciones utilizadas arriba son <strong>par\u00e1frasis<\/strong>. <a href=\"#aa4e5e50-75d8-4930-9a9b-55e5d29b2072-link\" aria-label=\"Saltar a la referencia de la nota 72\">\u21a9\ufe0e<\/a><\/li><li id=\"b3e4382e-a544-486a-a57b-98cd4a8774d0\"><strong>\u00c1ngel int\u00e9rprete.<\/strong> En literatura prof\u00e9tica visionaria, especialmente Zacar\u00edas y Daniel, aparece con frecuencia un \u00e1ngel que explica al profeta el significado de la visi\u00f3n. Esta figura no debe identificarse autom\u00e1ticamente con el <em>mal\u02beakh YHWH<\/em>. La distinci\u00f3n de personajes celestiales constituye una caracter\u00edstica importante del desarrollo angelol\u00f3gico postex\u00edlico. <a href=\"#b3e4382e-a544-486a-a57b-98cd4a8774d0-link\" aria-label=\"Saltar a la referencia de la nota 73\">\u21a9\ufe0e<\/a><\/li><li id=\"ec3014c5-955c-4f17-ab8a-3e0a041a0e92\">Rashi, <em>Commentary on Zechariah<\/em>, comentario a <a href=\"https:\/\/biblia.com\/bible\/rvr60\/Zec1.12\">Zac 1:12<\/a>. Rashi entiende la intervenci\u00f3n del \u00c1ngel como intercesi\u00f3n por Jerusal\u00e9n al t\u00e9rmino del per\u00edodo de ira. La referencia en el cuerpo corresponde a <strong>s\u00edntesis de su interpretaci\u00f3n<\/strong>. <a href=\"#ec3014c5-955c-4f17-ab8a-3e0a041a0e92-link\" aria-label=\"Saltar a la referencia de la nota 74\">\u21a9\ufe0e<\/a><\/li><li id=\"0c0cd90b-0026-4fe0-9045-a1a8bb84a077\"><strong><em>Ha\u015b\u015b\u0101\u1e6d\u0101n<\/em>.<\/strong> \u05e9\u05b8\u05c2\u05d8\u05b8\u05df (<em>\u015b\u0101\u1e6d\u0101n<\/em>) significa \u201cadversario\u201d o \u201cacusador\u201d. Con art\u00edculo, \u05d4\u05b7\u05e9\u05b8\u05bc\u05c2\u05d8\u05b8\u05df (<em>ha\u015b\u015b\u0101\u1e6d\u0101n<\/em>), puede funcionar como t\u00edtulo o funci\u00f3n dentro de una corte celestial. Una estructura semejante aparece en <a href=\"https:\/\/biblia.com\/bible\/rvr60\/Job1.6-12\">Job 1:6\u201312<\/a>. La identificaci\u00f3n completa con la figura demonol\u00f3gica posterior requiere un an\u00e1lisis hist\u00f3rico m\u00e1s amplio. <a href=\"#0c0cd90b-0026-4fe0-9045-a1a8bb84a077-link\" aria-label=\"Saltar a la referencia de la nota 75\">\u21a9\ufe0e<\/a><\/li><li id=\"e53fc24c-4cfc-4b6b-b4a2-fd51507c40d5\">David L. Petersen, <em>Haggai and Zechariah 1\u20138: A Commentary<\/em>, Old Testament Library (Philadelphia: Westminster Press, 1984), especialmente sus comentarios a <a href=\"https:\/\/biblia.com\/bible\/rvr60\/Zec1\">Zac 1<\/a> y <a href=\"https:\/\/biblia.com\/bible\/rvr60\/Zec3\">Zac 3<\/a>. Su an\u00e1lisis de los agentes visionarios y de la estructura celestial se utiliza como <strong>par\u00e1frasis interpretativa<\/strong>. <a href=\"#e53fc24c-4cfc-4b6b-b4a2-fd51507c40d5-link\" aria-label=\"Saltar a la referencia de la nota 76\">\u21a9\ufe0e<\/a><\/li><li id=\"04a985ad-c22a-4007-9e40-2db63ab9e118\">Boda, <em>The Book of Zechariah<\/em>, comentario a <a href=\"https:\/\/biblia.com\/bible\/rvr60\/Zec3.1-10\">Zac 3:1\u201310<\/a>. La explicaci\u00f3n de la purificaci\u00f3n de Josu\u00e9 en relaci\u00f3n con la restauraci\u00f3n sacerdotal y comunitaria constituye <strong>s\u00edntesis<\/strong>, no cita textual. <a href=\"#04a985ad-c22a-4007-9e40-2db63ab9e118-link\" aria-label=\"Saltar a la referencia de la nota 77\">\u21a9\ufe0e<\/a><\/li><li id=\"6c31207c-1089-4ef1-b944-e79d29a1d05a\"><strong><em>K\u014dh \u02be\u0101mar YHWH<\/em>.<\/strong> La f\u00f3rmula \u201cAs\u00ed dice Yahv\u00e9\u201d es t\u00edpica del discurso prof\u00e9tico y establece expl\u00edcitamente una distinci\u00f3n entre el portavoz y la fuente divina del mensaje. Su aparici\u00f3n en boca del \u00c1ngel en Zacar\u00edas 3 proporciona uno de los ejemplos m\u00e1s claros del \u00c1ngel actuando como mensajero en sentido estricto. <a href=\"#6c31207c-1089-4ef1-b944-e79d29a1d05a-link\" aria-label=\"Saltar a la referencia de la nota 78\">\u21a9\ufe0e<\/a><\/li><li id=\"dbccc9a2-3640-4154-a1b3-482ebf54e532\">Rashi, <em>Commentary on Zechariah<\/em>, comentario a <a href=\"https:\/\/biblia.com\/bible\/rvr60\/Zec3.1-5\">Zac 3:1\u20135<\/a>. Su lectura se concentra en la acusaci\u00f3n contra Josu\u00e9, la situaci\u00f3n de sus hijos y la restauraci\u00f3n del sacerdocio. La formulaci\u00f3n anterior es <strong>par\u00e1frasis<\/strong>. <a href=\"#dbccc9a2-3640-4154-a1b3-482ebf54e532-link\" aria-label=\"Saltar a la referencia de la nota 79\">\u21a9\ufe0e<\/a><\/li><li id=\"f5776e3b-b096-46bd-b11f-e32c5b3689d3\">Sobre \u05d4\u05b7\u05e9\u05b8\u05bc\u05c2\u05d8\u05b8\u05df (<em>ha\u015b\u015b\u0101\u1e6d\u0101n<\/em>) como \u201cel acusador\u201d, v\u00e9anse Ludwig Koehler, Walter Baumgartner y Johann Jakob Stamm, <em>The Hebrew and Aramaic Lexicon of the Old Testament<\/em> (HALOT), s.v. \u05e9\u05c2\u05d8\u05df; y el paralelo narrativo de <a href=\"https:\/\/biblia.com\/bible\/rvr60\/Job1\">Job 1\u20132<\/a>. <a href=\"#f5776e3b-b096-46bd-b11f-e32c5b3689d3-link\" aria-label=\"Saltar a la referencia de la nota 80\">\u21a9\ufe0e<\/a><\/li><li id=\"f6eb46aa-166a-4beb-80b1-4b8913c71e6c\">Para \u05e6\u05b6\u05de\u05b7\u05d7 (<em>\u1e63ema\u1e25<\/em>, \u201cRenuevo\u201d), v\u00e9anse <a href=\"https:\/\/biblia.com\/bible\/rvr60\/Je23.5\">Jer 23:5<\/a>, <a href=\"https:\/\/biblia.com\/bible\/rvr60\/Je33.15\">Jer 33:15<\/a>, <a href=\"https:\/\/biblia.com\/bible\/rvr60\/Zec3.8\">Zac 3:8<\/a> y <a href=\"https:\/\/biblia.com\/bible\/rvr60\/Zec6.12\">Zac 6:12<\/a>. La relaci\u00f3n entre estas tradiciones ser\u00e1 relevante posteriormente para estudiar la recepci\u00f3n mesi\u00e1nica del libro <a href=\"#f6eb46aa-166a-4beb-80b1-4b8913c71e6c-link\" aria-label=\"Saltar a la referencia de la nota 81\">\u21a9\ufe0e<\/a><\/li><li id=\"57e94140-ea97-48e8-a6d8-a95fb242a510\">A. Henry Sawtelle, \u201cThe Angel of Jehovah\u201d, <em>Bibliotheca Sacra<\/em> 16, n.\u00ba 64 (1859): 805\u2013835. Su estudio representa una defensa extensa de la interpretaci\u00f3n teof\u00e1nica\/cristol\u00f3gica. Su valor en esta secci\u00f3n reside especialmente en el car\u00e1cter <strong>acumulativo<\/strong> de su argumentaci\u00f3n. Las formulaciones anteriores constituyen s\u00edntesis de su enfoque y no citas textuales. <a href=\"#57e94140-ea97-48e8-a6d8-a95fb242a510-link\" aria-label=\"Saltar a la referencia de la nota 82\">\u21a9\ufe0e<\/a><\/li><li id=\"a6dce9dd-de3c-4d82-8565-c502fdcf6999\"><strong>Argumento acumulativo.<\/strong> Un argumento acumulativo no sostiene que una sola caracter\u00edstica \u2014por ejemplo, hablar en primera persona\u2014 demuestre identidad divina. Pregunta qu\u00e9 explicaci\u00f3n posee mayor capacidad para dar cuenta simult\u00e1neamente de varias caracter\u00edsticas repetidas en diferentes textos. <a href=\"#a6dce9dd-de3c-4d82-8565-c502fdcf6999-link\" aria-label=\"Saltar a la referencia de la nota 83\">\u21a9\ufe0e<\/a><\/li><li id=\"45fc6528-a65f-4982-91bd-ad7b22951139\">V\u00e9anse, entre otros, Brevard S. Childs, <em>The Book of Exodus: A Critical, Theological Commentary<\/em> (Philadelphia: Westminster Press, 1974); Gordon J. Wenham, <em>Genesis 16\u201350<\/em>, Word Biblical Commentary 2 (Dallas: Word Books, 1994); y Daniel I. Block, <em>Judges, Ruth<\/em>, New American Commentary 6 (Nashville: Broadman &amp; Holman, 1999). Estos autores difieren considerablemente en metodolog\u00eda y conclusiones; se los cita aqu\u00ed \u00fanicamente como representantes del reconocimiento exeg\u00e9tico de la compleja relaci\u00f3n narrativa entre el \u00c1ngel y Yahv\u00e9. <a href=\"#45fc6528-a65f-4982-91bd-ad7b22951139-link\" aria-label=\"Saltar a la referencia de la nota 84\">\u21a9\ufe0e<\/a><\/li><li id=\"9f1e5f9e-2100-4fcb-ba53-83a9236731f6\"><strong>Distinci\u00f3n no equivale necesariamente a separaci\u00f3n ontol\u00f3gica.<\/strong> Que el \u00c1ngel hable a Yahv\u00e9 demuestra distinci\u00f3n de interlocutores dentro de la escena. Determinar si dicha distinci\u00f3n es la de criatura\/Creador, manifestaci\u00f3n\/Fuente o personas dentro de una identidad divina compleja pertenece a un segundo nivel de interpretaci\u00f3n. <a href=\"#9f1e5f9e-2100-4fcb-ba53-83a9236731f6-link\" aria-label=\"Saltar a la referencia de la nota 85\">\u21a9\ufe0e<\/a><\/li><li id=\"a8c5e07e-fd81-40fe-9f7b-461040c96998\">Michael S. Heiser, <em>The Unseen Realm: Recovering the Supernatural Worldview of the Bible<\/em> (Bellingham, WA: Lexham Press, 2015). Su modelo de una identidad divina compleja y de una manifestaci\u00f3n visible de Yahv\u00e9 constituye una de las propuestas contempor\u00e1neas que intentan integrar <a href=\"https:\/\/biblia.com\/bible\/rvr60\/Ge31.11-13\">Gn 31:11\u201313<\/a>, <a href=\"https:\/\/biblia.com\/bible\/rvr60\/Ex3.2-6\">Ex 3:2\u20136<\/a>, <a href=\"https:\/\/biblia.com\/bible\/rvr60\/Ex23.20-21\">Ex 23:20\u201321<\/a> y otros textos relacionados. La exposici\u00f3n es <strong>par\u00e1frasis de su propuesta<\/strong>, no cita textual. <a href=\"#a8c5e07e-fd81-40fe-9f7b-461040c96998-link\" aria-label=\"Saltar a la referencia de la nota 86\">\u21a9\ufe0e<\/a><\/li><li id=\"44d23e85-8b1c-4efb-8c74-3848132537f4\">Claus Westermann, <em>Genesis 12\u201336: A Commentary<\/em> (Minneapolis: Augsburg, 1985); Gerhard von Rad, <em>Genesis: A Commentary<\/em>, rev. ed., Old Testament Library (Philadelphia: Westminster Press, 1972). Ambos representan aproximaciones hist\u00f3rico-cr\u00edticas influyentes a las tradiciones patriarcales. Debe evitarse atribuirles frases entre comillas sin comprobar la edici\u00f3n exacta; aqu\u00ed se los menciona \u00fanicamente como parte de la historia de la explicaci\u00f3n diacr\u00f3nica de las teofan\u00edas. <a href=\"#44d23e85-8b1c-4efb-8c74-3848132537f4-link\" aria-label=\"Saltar a la referencia de la nota 87\">\u21a9\ufe0e<\/a><\/li><li id=\"c6f229c2-379d-44b3-97df-469b417dbbfb\"><strong>Diacron\u00eda y sincron\u00eda.<\/strong> El an\u00e1lisis <strong>diacr\u00f3nico<\/strong> pregunta c\u00f3mo un texto pudo desarrollarse hist\u00f3ricamente: fuentes, redacciones, tradiciones anteriores. El an\u00e1lisis <strong>sincr\u00f3nico<\/strong> pregunta c\u00f3mo funciona la forma final que poseemos. Ambos m\u00e9todos pueden complementarse. Que un cambio \u00c1ngel\/Yahv\u00e9 tenga una posible historia redaccional no elimina la necesidad de explicar qu\u00e9 significa esa alternancia dentro del texto can\u00f3nico final. <a href=\"#c6f229c2-379d-44b3-97df-469b417dbbfb-link\" aria-label=\"Saltar a la referencia de la nota 88\">\u21a9\ufe0e<\/a><\/li><li id=\"5476ba78-6fdf-4462-9176-1295dca0eb4f\">Para la interpretaci\u00f3n jud\u00eda mediante representaci\u00f3n, deben consultarse los comentarios de <strong>Rashi, Ibn Ezra, Rashbam y Ramban<\/strong> en los pasajes espec\u00edficos estudiados anteriormente. La tradici\u00f3n no constituye una teor\u00eda uniforme de \u201cagencia\u201d, pero ofrece repetidamente explicaciones en las que la palabra y autoridad de Dios pueden ser comunicadas plenamente mediante un mensajero sin identificar a este \u00faltimo con el Creador. <a href=\"#5476ba78-6fdf-4462-9176-1295dca0eb4f-link\" aria-label=\"Saltar a la referencia de la nota 89\">\u21a9\ufe0e<\/a><\/li><li id=\"43f1ec4c-526f-406a-b2f3-54773368b6c7\"> <a href=\"#43f1ec4c-526f-406a-b2f3-54773368b6c7-link\" aria-label=\"Saltar a la referencia de la nota 90\">\u21a9\ufe0e<\/a><\/li><li id=\"40a76b28-3df6-4cf2-ba12-54d46811e8bb\">Larry W. Hurtado, <em>One God, One Lord: Early Christian Devotion and Ancient Jewish Monotheism<\/em>, 2.\u00aa ed. (Edinburgh: T&amp;T Clark, 1998). Hurtado estudia la relaci\u00f3n entre monote\u00edsmo jud\u00edo, agentes divinos y la temprana devoci\u00f3n cristiana a Jes\u00fas. La formulaci\u00f3n utilizada anteriormente es <strong>s\u00edntesis de su enfoque<\/strong>, no cita textual. <a href=\"#40a76b28-3df6-4cf2-ba12-54d46811e8bb-link\" aria-label=\"Saltar a la referencia de la nota 91\">\u21a9\ufe0e<\/a><\/li><li id=\"4a604be7-12a5-40f6-8d55-755b0b5fd793\"><strong>Monote\u00edsmo y seres celestiales.<\/strong> La existencia de \u00e1ngeles, querubines, serafines o miembros de una corte celestial no constituye por s\u00ed misma una negaci\u00f3n del monote\u00edsmo. La cuesti\u00f3n decisiva es la frontera entre el Dios supremo y sus agentes: creaci\u00f3n, soberan\u00eda, Nombre, trono, culto y autoridad. <a href=\"#4a604be7-12a5-40f6-8d55-755b0b5fd793-link\" aria-label=\"Saltar a la referencia de la nota 92\">\u21a9\ufe0e<\/a><\/li><li id=\"4a26d727-5a23-475d-acb5-d0ad042b1597\">James D. G. Dunn, <em>Christology in the Making: A New Testament Inquiry into the Origins of the Doctrine of the Incarnation<\/em>, 2.\u00aa ed. (Grand Rapids: Eerdmans, 1989), especialmente su tratamiento de Sabidur\u00eda, Logos y los antecedentes de la cristolog\u00eda. Se utiliza aqu\u00ed como <strong>s\u00edntesis interpretativa<\/strong>, no como cita literal. <a href=\"#4a26d727-5a23-475d-acb5-d0ad042b1597-link\" aria-label=\"Saltar a la referencia de la nota 93\">\u21a9\ufe0e<\/a><\/li><li id=\"b3ef7195-eb82-4217-9498-9520c6de407d\"><strong><em>Memra<\/em>.<\/strong> \u05de\u05b5\u05d9\u05de\u05b0\u05e8\u05b8\u05d0 (<em>m\u00eamr\u0101\u02be<\/em>) significa \u201cpalabra\u201d en arameo. En las tradiciones targ\u00famicas puede utilizarse como forma reverencial o interpretativa para describir la acci\u00f3n, revelaci\u00f3n y presencia de Dios. Existe debate acad\u00e9mico sobre si debe considerarse una verdadera entidad hipost\u00e1tica o principalmente una estrategia ling\u00fc\u00edstica de traducci\u00f3n y par\u00e1frasis. Por ello, no debe identificarse autom\u00e1ticamente <em>Memra<\/em> con el Logos jo\u00e1nico. <a href=\"#b3ef7195-eb82-4217-9498-9520c6de407d-link\" aria-label=\"Saltar a la referencia de la nota 94\">\u21a9\ufe0e<\/a><\/li><li id=\"f692ef31-e278-433b-bbb5-75a4397c8d56\">David T. Runia, <em>Philo of Alexandria and the Timaeus of Plato<\/em> (Leiden: Brill, 1986), junto con sus otros estudios sobre Fil\u00f3n y el Logos. Para una introducci\u00f3n m\u00e1s general debe consultarse tambi\u00e9n la bibliograf\u00eda especializada sobre la teolog\u00eda fil\u00f3nica. La referencia en el cuerpo sostiene \u00fanicamente la necesidad de interpretar el Logos dentro del propio sistema de Fil\u00f3n. <a href=\"#f692ef31-e278-433b-bbb5-75a4397c8d56-link\" aria-label=\"Saltar a la referencia de la nota 95\">\u21a9\ufe0e<\/a><\/li><li id=\"661c296c-e5a7-4de9-ae47-d92b9bdaf4f4\">Andrei A. Orlov, <em>The Enoch-Metatron Tradition<\/em> (T\u00fcbingen: Mohr Siebeck, 2005), junto con sus investigaciones sobre mediadores celestiales y tradiciones del Nombre. La utilizaci\u00f3n de Yahoel en esta secci\u00f3n es <strong>comparativa<\/strong>, no una afirmaci\u00f3n de identidad con el \u00c1ngel de Yahv\u00e9. <a href=\"#661c296c-e5a7-4de9-ae47-d92b9bdaf4f4-link\" aria-label=\"Saltar a la referencia de la nota 96\">\u21a9\ufe0e<\/a><\/li><li id=\"41d40411-0d3c-4c30-882c-6126ec25580d\"><strong>Yahoel.<\/strong> Yahoel es una figura angelical prominente del <em>Apocalipsis de Abraham<\/em>. Su nombre combina elementos relacionados con el Tetragr\u00e1maton y <em>El<\/em>. Es presentado como gu\u00eda celestial de Abraham y como un ser investido de extraordinaria autoridad. Su importancia para nuestro estudio es comparativa, no identificativa. <a href=\"#41d40411-0d3c-4c30-882c-6126ec25580d-link\" aria-label=\"Saltar a la referencia de la nota 97\">\u21a9\ufe0e<\/a><\/li><li id=\"63639a2d-2ea8-4413-96de-7c1d5a2f9fe6\">John J. Collins, <em>The Apocalyptic Imagination: An Introduction to Jewish Apocalyptic Literature<\/em>, 2.\u00aa ed. (Grand Rapids: Eerdmans, 1998), y sus estudios sobre Daniel y la figura del \u201cuno como hijo de hombre\u201d. La formulaci\u00f3n anterior constituye <strong>s\u00edntesis<\/strong> de su an\u00e1lisis del desarrollo de las figuras escatol\u00f3gicas celestiales. <a href=\"#63639a2d-2ea8-4413-96de-7c1d5a2f9fe6-link\" aria-label=\"Saltar a la referencia de la nota 98\">\u21a9\ufe0e<\/a><\/li><li id=\"5adccf5b-d679-450c-a9e3-41454103e0d4\">Alan F. Segal, <em>Two Powers in Heaven: Early Rabbinic Reports about Christianity and Gnosticism<\/em> (Leiden: Brill, 1977). Esta obra constituye el estudio cl\u00e1sico moderno sobre la pol\u00e9mica rab\u00ednica de los \u201cdos poderes en el cielo\u201d. Su reconstrucci\u00f3n debe evaluarse junto con investigaciones posteriores; no debe suponerse que todas las tradiciones que Segal relaciona pertenecen al mismo per\u00edodo o representan una doctrina jud\u00eda uniforme. <a href=\"#5adccf5b-d679-450c-a9e3-41454103e0d4-link\" aria-label=\"Saltar a la referencia de la nota 99\">\u21a9\ufe0e<\/a><\/li><li id=\"b10ada72-d65f-473e-9f04-7f9eb238200b\">Para el estudio de Metatr\u00f3n y su relaci\u00f3n con tradiciones anteriores de Enoc, v\u00e9ase Orlov, <em>The Enoch-Metatron Tradition<\/em>. Esta referencia debe utilizarse con la advertencia cronol\u00f3gica expresada en el cuerpo: las formas desarrolladas de la tradici\u00f3n metatr\u00f3nica pertenecen a per\u00edodos posteriores y no constituyen evidencia directa del juda\u00edsmo del siglo I. <a href=\"#b10ada72-d65f-473e-9f04-7f9eb238200b-link\" aria-label=\"Saltar a la referencia de la nota 100\">\u21a9\ufe0e<\/a><\/li><li id=\"84eb0496-a830-4e10-af6f-400ae3d06faf\">Para una discusi\u00f3n m\u00e1s amplia acerca de figuras mediadoras y agentes divinos en el juda\u00edsmo antiguo, resulta igualmente importante Larry W. Hurtado, <em>One God, One Lord<\/em>, especialmente su tratamiento de los principales tipos de \u201cagentes divinos\u201d. Su modelo es \u00fatil para distinguir entre la <strong>exaltaci\u00f3n de un agente<\/strong> y su incorporaci\u00f3n efectiva a la devoci\u00f3n religiosa. <a href=\"#84eb0496-a830-4e10-af6f-400ae3d06faf-link\" aria-label=\"Saltar a la referencia de la nota 101\">\u21a9\ufe0e<\/a><\/li><li id=\"47eb69c1-0d83-46ae-885b-99ca443d6bfd\">Carla Works, comentario a <a href=\"https:\/\/biblia.com\/bible\/rvr60\/1Co10.1-13\">1 Co 10:1\u201313<\/a>, <em>Working Preacher<\/em>, Luther Seminary. Works destaca que Pablo vincula la experiencia de Israel con Cristo y presenta a la comunidad del \u00e9xodo como sostenida por la misma realidad espiritual que la Iglesia. La formulaci\u00f3n anterior es <strong>s\u00edntesis<\/strong>, no cita textual. <a href=\"#47eb69c1-0d83-46ae-885b-99ca443d6bfd-link\" aria-label=\"Saltar a la referencia de la nota 102\">\u21a9\ufe0e<\/a><\/li><li id=\"75893afd-9ac6-4655-a6f7-fe50b07a0b66\">V\u00e9ase el comentario de <em>Working Preacher<\/em> a <a href=\"https:\/\/biblia.com\/bible\/rvr60\/1Co10.1-13\">1 Co 10:1\u201313<\/a>, que describe el procedimiento paulino como una lectura tipol\u00f3gica\/<em>midr\u00e1shica<\/em> del \u00e9xodo y de Cristo como roca espiritual. <a href=\"#75893afd-9ac6-4655-a6f7-fe50b07a0b66-link\" aria-label=\"Saltar a la referencia de la nota 103\">\u21a9\ufe0e<\/a><\/li><li id=\"1f12ec64-98c9-4b9c-8f88-8ab1d13068b2\">Sobre la posible relaci\u00f3n de <a href=\"https:\/\/biblia.com\/bible\/rvr60\/1Co10.4\">1 Co 10:4<\/a> con la tradici\u00f3n jud\u00eda de una fuente m\u00f3vil y las dificultades para demostrar su forma en el siglo I, v\u00e9ase la discusi\u00f3n recogida por <em>Themelios<\/em>. El texto paulino puede tambi\u00e9n comprenderse mediante Salmo 78 y la identificaci\u00f3n veterotestamentaria de Dios como Roca. <a href=\"#1f12ec64-98c9-4b9c-8f88-8ab1d13068b2-link\" aria-label=\"Saltar a la referencia de la nota 104\">\u21a9\ufe0e<\/a><\/li><li id=\"a71798b4-1bf3-4bfa-9f77-638331d20761\">Richard Bauckham, <em>Jude, 2 Peter<\/em>, Word Biblical Commentary 50 (Waco, TX: Word Books, 1983), comentario a <a href=\"https:\/\/biblia.com\/bible\/rvr60\/Jud1.5\">Jud 5<\/a>, para la discusi\u00f3n textual e interpretativa del agente de la liberaci\u00f3n de Egipto. La variante \u201cJes\u00fas\u201d debe tratarse dentro de la cr\u00edtica textual y no como dato indiscutido. <a href=\"#a71798b4-1bf3-4bfa-9f77-638331d20761-link\" aria-label=\"Saltar a la referencia de la nota 105\">\u21a9\ufe0e<\/a><\/li><li id=\"7b25ee21-83d2-491e-a2eb-e7c990550eb6\"><strong>Variante textual de Judas 5.<\/strong> Judas 5 posee variantes importantes entre \u201cJes\u00fas\u201d, \u201cSe\u00f1or\u201d y \u201cDios\u201d. Las ediciones cr\u00edticas modernas han dado considerable peso a la lectura \u201cJes\u00fas\u201d, pero el pasaje no debe citarse sin reconocer el problema textual. Para nuestro estudio, la importancia reside en que una tradici\u00f3n textual muy antigua atribuye a Jes\u00fas directamente la liberaci\u00f3n del \u00e9xodo. <a href=\"#7b25ee21-83d2-491e-a2eb-e7c990550eb6-link\" aria-label=\"Saltar a la referencia de la nota 106\">\u21a9\ufe0e<\/a><\/li><li id=\"02fc85d8-f329-413c-b2bb-0f7def77883c\"><strong>Ver a Dios en Juan.<\/strong> La literatura jo\u00e1nica mantiene una fuerte teolog\u00eda de la invisibilidad del Padre. V\u00e9anse tambi\u00e9n <a href=\"https:\/\/biblia.com\/bible\/rvr60\/Jn5.37\">Jn 5:37<\/a> y <a href=\"https:\/\/biblia.com\/bible\/rvr60\/Jn6.46\">Jn 6:46<\/a>. Esto ser\u00e1 decisivo para comprender c\u00f3mo Justino e Ireneo interpretaron las apariciones visibles del Antiguo Testamento. <a href=\"#02fc85d8-f329-413c-b2bb-0f7def77883c-link\" aria-label=\"Saltar a la referencia de la nota 107\">\u21a9\ufe0e<\/a><\/li><li id=\"e4b546fb-b7b7-47b0-aebc-0b7ca6342940\">Para <a href=\"https:\/\/biblia.com\/bible\/rvr60\/Heb1\">Hebreos 1<\/a>, v\u00e9ase Harold W. Attridge,<em>The Epistle to the Hebrews<\/em>, Hermeneia (Philadelphia: Fortress Press, 1989). Su an\u00e1lisis resulta fundamental para distinguir al Hijo de la categor\u00eda de los seres angelicales y para comprender el uso cristol\u00f3gico de los textos veterotestamentarios. <a href=\"#e4b546fb-b7b7-47b0-aebc-0b7ca6342940-link\" aria-label=\"Saltar a la referencia de la nota 108\">\u21a9\ufe0e<\/a><\/li><li id=\"d66c47f6-513d-4003-a344-7699cb2dc966\"><strong>\u201c\u00c1ngel\u201d como funci\u00f3n y naturaleza.<\/strong> Hebreos 1 obliga a distinguir entre <em>angelos<\/em> como funci\u00f3n de mensajero y \u201clos \u00e1ngeles\u201d como clase de seres celestiales creados. Una cristolog\u00eda ortodoxa posterior podr\u00eda llamar al Logos \u201cmensajero\u201d sin clasificarlo como criatura angelical. Esta distinci\u00f3n ser\u00e1 especialmente importante al estudiar a Justino M\u00e1rtir. <a href=\"#d66c47f6-513d-4003-a344-7699cb2dc966-link\" aria-label=\"Saltar a la referencia de la nota 109\">\u21a9\ufe0e<\/a><\/li><li id=\"a629ed0e-8fb1-419b-b8bb-d634aaefd8bd\">Justino M\u00e1rtir, <em>Di\u00e1logo con Trif\u00f3n<\/em>, caps. 56\u201360, especialmente su tratamiento de las apariciones a Abraham y Mois\u00e9s. Justino argumenta expl\u00edcitamente que aquel que aparece en determinadas teofan\u00edas puede ser denominado \u00c1ngel, Se\u00f1or y Dios. Para una edici\u00f3n cr\u00edtica debe consultarse <em>Dialogue avec Tryphon<\/em>, ed. Philippe Bobichon, 2 vols., Paradosis 47\/1\u20132 (Fribourg: Academic Press Fribourg, 2003). La breve frase inglesa reproducida en el cuerpo debe cotejarse con la traducci\u00f3n\/edici\u00f3n utilizada antes de incorporarla como cita definitiva en una publicaci\u00f3n. <a href=\"#a629ed0e-8fb1-419b-b8bb-d634aaefd8bd-link\" aria-label=\"Saltar a la referencia de la nota 110\">\u21a9\ufe0e<\/a><\/li><li id=\"a2a9f68d-a116-40a1-8026-ca4e97944dbf\"><strong>\u201c\u00c1ngel\u201d en Justino.<\/strong> Cuando Justino llama \u201c\u00c1ngel\u201d al Logos no pretende clasificar a Cristo entre los seres ang\u00e9licos creados. Utiliza \u1f04\u03b3\u03b3\u03b5\u03bb\u03bf\u03c2 (<em>angelos<\/em>) en su sentido funcional de \u201cmensajero\u201d. Este punto resulta indispensable para evitar interpretar su cristolog\u00eda como si Cristo fuese simplemente un arc\u00e1ngel. <a href=\"#a2a9f68d-a116-40a1-8026-ca4e97944dbf-link\" aria-label=\"Saltar a la referencia de la nota 111\">\u21a9\ufe0e<\/a><\/li><li id=\"efcc7085-8b9e-4106-a445-6d81cce4ec7e\">Justino M\u00e1rtir, <em>Di\u00e1logo con Trif\u00f3n<\/em>, especialmente caps. 56 y 60, donde utiliza las narraciones de G\u00e9nesis y \u00c9xodo para distinguir al personaje visible del Padre. El argumento relativo a <a href=\"https:\/\/biblia.com\/bible\/rvr60\/Ge19.24\">Gn 19:24<\/a> debe comprenderse dentro de este conjunto exeg\u00e9tico y no como prueba aislada. <a href=\"#efcc7085-8b9e-4106-a445-6d81cce4ec7e-link\" aria-label=\"Saltar a la referencia de la nota 112\">\u21a9\ufe0e<\/a><\/li><li id=\"0b672c11-49bd-4415-8660-22a2f91b1cf5\">Bogdan G. Bucur, <em>Angelomorphic Pneumatology: Clement of Alexandria and Other Early Christian Witnesses<\/em>, Supplements to Vigiliae Christianae 95 (Leiden\/Boston: Brill, 2009). Bucur resulta especialmente importante para situar las categor\u00edas angelom\u00f3rficas y teof\u00e1nicas dentro de la cristolog\u00eda y pneumatolog\u00eda cristianas antiguas. La formulaci\u00f3n del cuerpo constituye <strong>s\u00edntesis de su enfoque<\/strong>, no cita textual. <a href=\"#0b672c11-49bd-4415-8660-22a2f91b1cf5-link\" aria-label=\"Saltar a la referencia de la nota 113\">\u21a9\ufe0e<\/a><\/li><li id=\"c50c6edb-1f0d-4b72-88b2-53b75e953ba2\"><strong>\u201c\u00c1ngel del gran consejo\u201d.<\/strong> La expresi\u00f3n procede de la tradici\u00f3n griega de Isa\u00edas 9:6 y tuvo considerable importancia en la cristolog\u00eda patr\u00edstica. El sentido de <em>angelos<\/em> es \u201cmensajero\u201d. Por tanto, el t\u00edtulo describe al Mes\u00edas como comunicador del designio divino y no necesariamente como miembro de la clase creada de los \u00e1ngeles. <a href=\"#c50c6edb-1f0d-4b72-88b2-53b75e953ba2-link\" aria-label=\"Saltar a la referencia de la nota 114\">\u21a9\ufe0e<\/a><\/li><li id=\"73a7fc4f-3ce1-456b-9874-7ef0da1f9d69\">Para la cristolog\u00eda de Justino dentro del desarrollo del pensamiento cristiano del siglo II, v\u00e9ase tambi\u00e9n Charles E. Hill, <em>Regnum Caelorum: Patterns of Millennial Thought in Early Christianity<\/em>, 2.\u00aa ed. (Grand Rapids: Eerdmans, 2001), junto con los estudios especializados sobre el <em>Di\u00e1logo<\/em>. La referencia se incluye como contexto hist\u00f3rico y no como fuente de una cita literal utilizada arriba. <a href=\"#73a7fc4f-3ce1-456b-9874-7ef0da1f9d69-link\" aria-label=\"Saltar a la referencia de la nota 115\">\u21a9\ufe0e<\/a><\/li><li id=\"5fd151ff-3465-4c56-958f-4e19f0d00924\">Antonio Orbe, <em>Teolog\u00eda de San Ireneo<\/em>, especialmente sus estudios sobre la econom\u00eda del Verbo, creaci\u00f3n, revelaci\u00f3n y recapitulaci\u00f3n. Orbe constituye una de las referencias modernas m\u00e1s importantes para comprender la estructura interna de la teolog\u00eda ireneana. La formulaci\u00f3n utilizada en el cuerpo es <strong>s\u00edntesis interpretativa<\/strong>, no cita textual. <a href=\"#5fd151ff-3465-4c56-958f-4e19f0d00924-link\" aria-label=\"Saltar a la referencia de la nota 116\">\u21a9\ufe0e<\/a><\/li><li id=\"b6214f7a-0af3-4ebb-813c-26d0f084cd7f\"><strong><em>Oikonom\u00eda<\/em>.<\/strong> En los Padres, \u201ceconom\u00eda\u201d no significa econom\u00eda monetaria. Designa la disposici\u00f3n hist\u00f3rica del plan divino. La distinci\u00f3n posterior entre <em>theologia<\/em> \u2014la vida de Dios en s\u00ed mismo\u2014 y <em>oikonom\u00eda<\/em> \u2014su actuaci\u00f3n salvadora\u2014 se desarrollar\u00e1 progresivamente, pero el concepto ya es fundamental en Ireneo. <a href=\"#b6214f7a-0af3-4ebb-813c-26d0f084cd7f-link\" aria-label=\"Saltar a la referencia de la nota 117\">\u21a9\ufe0e<\/a><\/li><li id=\"d6f6fa67-597f-4680-805f-dd95fe93fd16\"><strong>Las \u201cdos manos\u201d.<\/strong> Ireneo utiliza esta imagen especialmente en <em>Adversus haereses<\/em> para explicar que Dios crea y forma mediante su Verbo y su Sabidur\u00eda. La met\u00e1fora fue muy influyente porque preservaba simult\u00e1neamente la unidad de Dios y la diferenciaci\u00f3n operativa del Hijo y del Esp\u00edritu. <a href=\"#d6f6fa67-597f-4680-805f-dd95fe93fd16-link\" aria-label=\"Saltar a la referencia de la nota 118\">\u21a9\ufe0e<\/a><\/li><li id=\"1895fb90-d035-4b92-b596-87170e9bcac4\">Denis Minns, <em>Irenaeus: An Introduction<\/em> (London\/New York: T&amp;T Clark, 2010). Minns resulta particularmente \u00fatil para situar la teolog\u00eda de Ireneo dentro de su pol\u00e9mica contra los sistemas gn\u00f3sticos y para comprender la unidad entre creaci\u00f3n y redenci\u00f3n. La referencia anterior es <strong>par\u00e1frasis<\/strong>. <a href=\"#1895fb90-d035-4b92-b596-87170e9bcac4-link\" aria-label=\"Saltar a la referencia de la nota 119\">\u21a9\ufe0e<\/a><\/li><li id=\"c6c6e98c-874a-4e14-8bce-6931cca49020\">Jean Dani\u00e9lou, <em>The Theology of Jewish Christianity<\/em>, trad. John A. Baker (London: Darton, Longman &amp; Todd, 1964), especialmente su discusi\u00f3n de tradiciones cristol\u00f3gicas angelom\u00f3rficas. Algunas reconstrucciones hist\u00f3ricas de Dani\u00e9lou han sido revisadas por estudios posteriores, por lo que debe utilizarse cr\u00edticamente. <a href=\"#c6c6e98c-874a-4e14-8bce-6931cca49020-link\" aria-label=\"Saltar a la referencia de la nota 120\">\u21a9\ufe0e<\/a><\/li><li id=\"981fe6ab-add7-4d5f-a932-0cdd9bc059b8\"><strong><em>Substantia<\/em> y <em>persona<\/em>.<\/strong> En Tertuliano, <em>substantia<\/em> y <em>persona<\/em> deben entenderse dentro del lenguaje filos\u00f3fico, jur\u00eddico y teol\u00f3gico latino de comienzos del siglo III. Traducirlos simplemente como \u201cesencia\u201d y \u201cpersona\u201d en su sentido trinitario posterior puede ocultar el proceso hist\u00f3rico mediante el cual esos t\u00e9rminos adquirieron precisi\u00f3n doctrinal. <a href=\"#981fe6ab-add7-4d5f-a932-0cdd9bc059b8-link\" aria-label=\"Saltar a la referencia de la nota 121\">\u21a9\ufe0e<\/a><\/li><li id=\"ac4e5683-8515-403e-b5d4-59b4ff3121e6\">Tertuliano, <em>Adversus Praxean<\/em>, especialmente caps. 2\u20133, para el lenguaje de <em>substantia<\/em>, <em>persona<\/em>, <em>monarchia<\/em> y <em>oikonomia<\/em>. La terminolog\u00eda debe interpretarse dentro de su contexto preniceno y no equipararse autom\u00e1ticamente con las definiciones trinitarias posteriores. <a href=\"#ac4e5683-8515-403e-b5d4-59b4ff3121e6-link\" aria-label=\"Saltar a la referencia de la nota 122\">\u21a9\ufe0e<\/a><\/li><li id=\"9c51331e-e3b2-41aa-913a-72877db7830e\">Tertuliano, <em>Adversus Praxean<\/em>, especialmente los pasajes donde utiliza textos veterotestamentarios para demostrar distinci\u00f3n entre Padre e Hijo. La utilizaci\u00f3n de <a href=\"https:\/\/biblia.com\/bible\/rvr60\/Ge19.24\">Gn 19:24<\/a> pertenece a una tradici\u00f3n exeg\u00e9tica cristiana m\u00e1s amplia que tambi\u00e9n encontramos en Justino. <a href=\"#9c51331e-e3b2-41aa-913a-72877db7830e-link\" aria-label=\"Saltar a la referencia de la nota 123\">\u21a9\ufe0e<\/a><\/li><li id=\"d2e9b53f-0599-441a-8773-320d8c3326ea\">Eric Osborn, <em>Tertullian, First Theologian of the West<\/em> (Cambridge: Cambridge University Press, 1997), especialmente su tratamiento de la Trinidad, la econom\u00eda y la relaci\u00f3n entre unidad y distinci\u00f3n en la teolog\u00eda de Tertuliano. La formulaci\u00f3n del cuerpo constituye <strong>par\u00e1frasis interpretativa<\/strong> <a href=\"#d2e9b53f-0599-441a-8773-320d8c3326ea-link\" aria-label=\"Saltar a la referencia de la nota 124\">\u21a9\ufe0e<\/a><\/li><li id=\"1009c250-dee7-4570-8b9d-f4e0650ca1ac\">Geoffrey D. Dunn, <em>Tertullian<\/em> (London\/New York: Routledge, 2004), y sus estudios especializados sobre <em>Adversus Praxean<\/em>. Dunn resulta especialmente \u00fatil para situar la teolog\u00eda de Tertuliano dentro de sus controversias hist\u00f3ricas y evitar lecturas anacr\u00f3nicas mediante categor\u00edas nicenas posteriores. <a href=\"#1009c250-dee7-4570-8b9d-f4e0650ca1ac-link\" aria-label=\"Saltar a la referencia de la nota 125\">\u21a9\ufe0e<\/a><\/li><li id=\"77401adb-a3fe-467d-b713-b56b1bc0dd94\"><strong>Antropomorfismo.<\/strong> El t\u00e9rmino designa la atribuci\u00f3n de caracter\u00edsticas humanas a Dios. Or\u00edgenes se opuso fuertemente a una lectura corporalista de expresiones b\u00edblicas como \u201cmano\u201d, \u201crostro\u201d o \u201cojos\u201d de Dios. Para \u00e9l, tales expresiones deben interpretarse de manera digna de la naturaleza espiritual e incorp\u00f3rea de Dios. <a href=\"#77401adb-a3fe-467d-b713-b56b1bc0dd94-link\" aria-label=\"Saltar a la referencia de la nota 126\">\u21a9\ufe0e<\/a><\/li><li id=\"07531522-b50e-4d33-aadb-12eb016a4c6b\">Henri Crouzel, <em>Origen<\/em>, trad. A. S. Worrall (Edinburgh: T&amp;T Clark, 1989). Crouzel constituye una referencia fundamental para la cristolog\u00eda, espiritualidad y hermen\u00e9utica de Or\u00edgenes. La afirmaci\u00f3n utilizada en el cuerpo acerca de la centralidad del Logos es <strong>s\u00edntesis interpretativa<\/strong>, no cita literal.\u00b9 <a href=\"#07531522-b50e-4d33-aadb-12eb016a4c6b-link\" aria-label=\"Saltar a la referencia de la nota 127\">\u21a9\ufe0e<\/a><\/li><li id=\"f1777319-1480-4cbb-ad6c-262083fab827\"><strong>Generaci\u00f3n eterna.<\/strong> La expresi\u00f3n no significa que Dios est\u00e9 produciendo repetidamente al Hijo en el tiempo. Intenta expresar una relaci\u00f3n eterna de origen: el Hijo procede del Padre sin haber existido jam\u00e1s un momento en el que el Padre estuviera sin su Logos\/Sabidur\u00eda. La formulaci\u00f3n posterior de esta doctrina ser\u00e1 mucho m\u00e1s precisa despu\u00e9s de Nicea. <a href=\"#f1777319-1480-4cbb-ad6c-262083fab827-link\" aria-label=\"Saltar a la referencia de la nota 128\">\u21a9\ufe0e<\/a><\/li><li id=\"9362370f-155f-4761-a366-53524fee2517\">Or\u00edgenes, <em>De principiis<\/em> (<em>\u03a0\u03b5\u03c1\u1f76 \u1f08\u03c1\u03c7\u1ff6\u03bd \/ Sobre los principios<\/em>), especialmente I.2, donde desarrolla la relaci\u00f3n entre Padre, Hijo\/Sabidur\u00eda y generaci\u00f3n. La transmisi\u00f3n textual de <em>De principiis<\/em> es compleja \u2014parte importante de la obra se conserva mediante la traducci\u00f3n latina de Rufino\u2014, por lo que las citas literales deben verificarse contra una edici\u00f3n cr\u00edtica y especificar qu\u00e9 tradici\u00f3n textual se utiliza. <a href=\"#9362370f-155f-4761-a366-53524fee2517-link\" aria-label=\"Saltar a la referencia de la nota 129\">\u21a9\ufe0e<\/a><\/li><li id=\"7e5c991e-af53-471d-a801-c4f44d605ce2\">Joseph W. Trigg, <em>Origen<\/em> (London\/New York: Routledge, 1998). Trigg resulta particularmente \u00fatil para comprender la inseparabilidad entre ex\u00e9gesis, espiritualidad y teolog\u00eda en Or\u00edgenes. La caracterizaci\u00f3n realizada anteriormente constituye una <strong>par\u00e1frasis<\/strong> de su enfoque <a href=\"#7e5c991e-af53-471d-a801-c4f44d605ce2-link\" aria-label=\"Saltar a la referencia de la nota 130\">\u21a9\ufe0e<\/a><\/li><li id=\"15cd7cf7-788b-4afa-9929-01fb187ab455\">John Behr, <em>The Way to Nicaea<\/em>, Formation of Christian Theology 1 (Crestwood, NY: St Vladimir&#8217;s Seminary Press, 2001). Behr resulta especialmente importante para interpretar el desarrollo cristol\u00f3gico preniceno sin proyectar retrospectivamente todas las categor\u00edas de las controversias posteriores <a href=\"#15cd7cf7-788b-4afa-9929-01fb187ab455-link\" aria-label=\"Saltar a la referencia de la nota 131\">\u21a9\ufe0e<\/a><\/li><li id=\"763ae898-b213-47d3-941e-085de716a3b9\">.Para la hermen\u00e9utica origeniana y los diferentes sentidos de la Escritura, v\u00e9ase <em>De principiis<\/em> IV.2\u20133. Es importante evitar la simplificaci\u00f3n habitual de reducir su m\u00e9todo a una oposici\u00f3n absoluta entre \u201cliteral\u201d y \u201caleg\u00f3rico\u201d; su teor\u00eda exeg\u00e9tica es considerablemente m\u00e1s compleja. <a href=\"#763ae898-b213-47d3-941e-085de716a3b9-link\" aria-label=\"Saltar a la referencia de la nota 132\">\u21a9\ufe0e<\/a><\/li><li id=\"dd2f00c1-a48b-46c0-bff2-8c4a71e25b16\">Para la doctrina origeniana de la incorporeidad de Dios y su oposici\u00f3n a interpretaciones excesivamente antropom\u00f3rficas, v\u00e9ase especialmente <em>De principiis<\/em> I.1 y IV, junto con su tratamiento de la interpretaci\u00f3n de las Escrituras. Esta cuesti\u00f3n proporciona el marco necesario para comprender c\u00f3mo puede hablarse de una \u201caparici\u00f3n\u201d divina sin afirmar que Dios posea corporalidad <a href=\"#dd2f00c1-a48b-46c0-bff2-8c4a71e25b16-link\" aria-label=\"Saltar a la referencia de la nota 133\">\u21a9\ufe0e<\/a><\/li><li id=\"7626c847-2cd2-4930-b307-cae1f3ea2fdd\">Sobre la relaci\u00f3n entre Or\u00edgenes y la controversia arriana posterior, debe distinguirse cuidadosamente entre la teolog\u00eda origeniana del siglo III y las apropiaciones posteriores de su vocabulario. Su afirmaci\u00f3n de la eternidad del Logos impide identificar sin m\u00e1s su cristolog\u00eda con la de Arrio <a href=\"#7626c847-2cd2-4930-b307-cae1f3ea2fdd-link\" aria-label=\"Saltar a la referencia de la nota 134\">\u21a9\ufe0e<\/a><\/li><li id=\"f6b2dbc9-4a14-4694-af4b-bcc1fffd29ec\"><strong><em>Homoousios<\/em>.<\/strong> \u1f41\u03bc\u03bf\u03bf\u03cd\u03c3\u03b9\u03bf\u03c2 combina <em>homos<\/em> (\u201cmismo\u201d) y <em>ousia<\/em> (\u201cser\/esencia\/sustancia\u201d). Su significado t\u00e9cnico se desarroll\u00f3 a trav\u00e9s de las controversias del siglo IV. En Nicea funciona especialmente para excluir la afirmaci\u00f3n de que el Hijo posea una naturaleza creada distinta de la del Padre. <a href=\"#f6b2dbc9-4a14-4694-af4b-bcc1fffd29ec-link\" aria-label=\"Saltar a la referencia de la nota 135\">\u21a9\ufe0e<\/a><\/li><li id=\"eae22e87-ef70-4154-bcbd-4d3e873836a4\">Khaled Anatolios, <em>Athanasius: The Coherence of His Thought<\/em> (London\/New York: Routledge, 1998). Anatolios interpreta la teolog\u00eda de Atanasio desde la relaci\u00f3n entre unidad divina, participaci\u00f3n y salvaci\u00f3n. La referencia en el cuerpo es <strong>par\u00e1frasis interpretativa<\/strong>. <a href=\"#eae22e87-ef70-4154-bcbd-4d3e873836a4-link\" aria-label=\"Saltar a la referencia de la nota 136\">\u21a9\ufe0e<\/a><\/li><li id=\"9bf7adc2-c54c-4214-b572-dcb4acb9d951\"><strong>Invisibilidad y esencia divina.<\/strong> La teolog\u00eda nicena y postnicena tender\u00e1 a afirmar que la invisibilidad pertenece a la naturaleza divina compartida por Padre, Hijo y Esp\u00edritu. Por ello, una teofan\u00eda no puede entenderse como visi\u00f3n directa de la esencia del Hijo, sino como manifestaci\u00f3n mediante signos, formas o criaturas. <a href=\"#9bf7adc2-c54c-4214-b572-dcb4acb9d951-link\" aria-label=\"Saltar a la referencia de la nota 137\">\u21a9\ufe0e<\/a><\/li><li id=\"bb225098-5ba3-4876-8495-c54b9b9d218c\">Lewis Ayres, <em>Nicaea and Its Legacy: An Approach to Fourth-Century Trinitarian Theology<\/em> (Oxford: Oxford University Press, 2004). Ayres muestra que el desarrollo niceno no puede reducirse simplemente al t\u00e9rmino <em>homoousios<\/em>, sino que implica una transformaci\u00f3n m\u00e1s amplia de la gram\u00e1tica trinitaria cristiana <a href=\"#bb225098-5ba3-4876-8495-c54b9b9d218c-link\" aria-label=\"Saltar a la referencia de la nota 138\">\u21a9\ufe0e<\/a><\/li><li id=\"b3d1a005-0ef5-4168-9fe5-90dbb5d027b0\">Gregorio de Nacianzo, especialmente la <em>Oratio 31<\/em> (quinta oraci\u00f3n teol\u00f3gica), para su reflexi\u00f3n sobre la revelaci\u00f3n progresiva de Padre, Hijo y Esp\u00edritu. La exposici\u00f3n realizada anteriormente constituye <strong>s\u00edntesis de su argumento<\/strong>, no cita literal. <a href=\"#b3d1a005-0ef5-4168-9fe5-90dbb5d027b0-link\" aria-label=\"Saltar a la referencia de la nota 139\">\u21a9\ufe0e<\/a><\/li><li id=\"afe8e3a3-0c3c-45de-930a-d4e4be4cd484\"><strong>Revelaci\u00f3n progresiva.<\/strong> La idea no implica que el Antiguo Testamento sea err\u00f3neo o que presente \u201cotro Dios\u201d. Significa que determinadas realidades teol\u00f3gicas se hacen expl\u00edcitas gradualmente dentro de la historia de revelaci\u00f3n. Esta categor\u00eda permitir\u00e1 a int\u00e9rpretes cristianos afirmar que las teofan\u00edas pueden adquirir un significado cristol\u00f3gico m\u00e1s pleno a la luz del Nuevo Testamento. <a href=\"#afe8e3a3-0c3c-45de-930a-d4e4be4cd484-link\" aria-label=\"Saltar a la referencia de la nota 140\">\u21a9\ufe0e<\/a><\/li><li id=\"776f17ff-ece4-4713-ab9b-0b7b427bbe67\">Para el desarrollo de la interpretaci\u00f3n de las teofan\u00edas despu\u00e9s de Nicea, debe consultarse tambi\u00e9n la investigaci\u00f3n patr\u00edstica moderna sobre la transici\u00f3n desde una cristolog\u00eda teof\u00e1nica temprana hacia modelos donde las apariciones se comprenden como manifestaciones mediante criaturas. Esta transici\u00f3n culminar\u00e1 especialmente en Agust\u00ed <a href=\"#776f17ff-ece4-4713-ab9b-0b7b427bbe67-link\" aria-label=\"Saltar a la referencia de la nota 141\">\u21a9\ufe0e<\/a><\/li><li id=\"a3cf8213-743b-4afe-829c-6dca25901ea3\">Agust\u00edn de Hipona, <em>De Trinitate<\/em>, especialmente libros II\u2013III, donde examina extensamente las teofan\u00edas veterotestamentarias y la cuesti\u00f3n de si las apariciones visibles deben atribuirse espec\u00edficamente a una persona divina. La referencia en el cuerpo corresponde a la estructura de su argumentaci\u00f3n; cualquier cita literal debe verificarse en una edici\u00f3n cr\u00edtica concreta. <a href=\"#a3cf8213-743b-4afe-829c-6dca25901ea3-link\" aria-label=\"Saltar a la referencia de la nota 142\">\u21a9\ufe0e<\/a><\/li><li id=\"4898ab95-3842-411c-a13e-180c0314e510\"><strong>Teofan\u00eda creada.<\/strong> En la teolog\u00eda agustiniana, decir que la forma visible es \u201ccreada\u201d no significa que la experiencia sea falsa. Significa que Dios utiliza una realidad creada como signo temporal de su presencia, de manera semejante a como el Esp\u00edritu puede manifestarse mediante una paloma sin ser una paloma por naturaleza. <a href=\"#4898ab95-3842-411c-a13e-180c0314e510-link\" aria-label=\"Saltar a la referencia de la nota 143\">\u21a9\ufe0e<\/a><\/li><li id=\"18000c9b-46f3-4519-8a85-2b3742d1ef3f\">Agust\u00edn, <em>De Trinitate<\/em> II, especialmente su discusi\u00f3n de las apariciones a Abraham y otros relatos veterotestamentarios. Agust\u00edn considera varias posibilidades interpretativas y muestra una cautela considerable respecto de la identificaci\u00f3n inmediata de las figuras visibles con una persona de la Trinidad <a href=\"#18000c9b-46f3-4519-8a85-2b3742d1ef3f-link\" aria-label=\"Saltar a la referencia de la nota 144\">\u21a9\ufe0e<\/a><\/li><li id=\"bdce03cb-232f-450d-8915-28c777eb4de8\">Michel Ren\u00e9 Barnes, diversos estudios sobre la teolog\u00eda trinitaria de Agust\u00edn, especialmente su revisi\u00f3n de interpretaciones que oponen excesivamente la tradici\u00f3n griega y latina. Su trabajo ayuda a situar las teofan\u00edas dentro de la concepci\u00f3n agustiniana de unidad de naturaleza y acci\u00f3n divina. La referencia anterior es <strong>s\u00edntesis<\/strong>, no cita literal. <a href=\"#bdce03cb-232f-450d-8915-28c777eb4de8-link\" aria-label=\"Saltar a la referencia de la nota 145\">\u21a9\ufe0e<\/a><\/li><li id=\"db7bc26b-c0b5-46d9-8334-f7178277d401\"><strong>Operaciones inseparables.<\/strong> Este principio no elimina la distinci\u00f3n de las personas. Afirma que, debido a la unidad de naturaleza y poder divinos, las acciones de Dios hacia la creaci\u00f3n pertenecen inseparablemente al \u00fanico Dios, aunque determinadas misiones revelen particularmente al Hijo o al Esp\u00edritu. <a href=\"#db7bc26b-c0b5-46d9-8334-f7178277d401-link\" aria-label=\"Saltar a la referencia de la nota 146\">\u21a9\ufe0e<\/a><\/li><li id=\"ec9f124c-1d2c-4e5a-a026-1da32e54b75c\">Lewis Ayres, <em>Augustine and the Trinity<\/em> (Cambridge: Cambridge University Press, 2010). Ayres resulta especialmente importante para comprender la interpretaci\u00f3n agustiniana dentro del desarrollo de la teolog\u00eda pro-nicena y de la doctrina de las operaciones inseparables. <a href=\"#ec9f124c-1d2c-4e5a-a026-1da32e54b75c-link\" aria-label=\"Saltar a la referencia de la nota 147\">\u21a9\ufe0e<\/a><\/li><li id=\"1a4487ad-c0a2-49b7-b55d-7952d96cb595\">Para la relaci\u00f3n entre las apariciones visibles, las misiones divinas y los signos creados, v\u00e9ase <em>De Trinitate<\/em> II\u2013IV. La distinci\u00f3n entre misi\u00f3n temporal y procesi\u00f3n eterna ser\u00e1 fundamental para el desarrollo de la teolog\u00eda trinitaria occidental <a href=\"#1a4487ad-c0a2-49b7-b55d-7952d96cb595-link\" aria-label=\"Saltar a la referencia de la nota 148\">\u21a9\ufe0e<\/a><\/li><li id=\"c432484b-17da-4a5b-b4fb-f93e646ab3cf\">Tom\u00e1s de Aquino, <em>Summa Theologiae<\/em> I, especialmente las cuestiones relativas a las apariciones divinas y la actividad de los \u00e1ngeles. Su posici\u00f3n pertenece a una etapa posterior, pero muestra la enorme influencia de la l\u00ednea agustiniana en la teolog\u00eda medieval occidental. <a href=\"#c432484b-17da-4a5b-b4fb-f93e646ab3cf-link\" aria-label=\"Saltar a la referencia de la nota 149\">\u21a9\ufe0e<\/a><\/li><li id=\"725b9da1-cf1f-4b54-a8cc-6f5384b49663\">Tom\u00e1s de Aquino, <em>Summa Theologiae<\/em>, I, especialmente las cuestiones relativas a la visi\u00f3n de Dios, las misiones divinas y la actividad de los \u00e1ngeles. La exposici\u00f3n anterior constituye una <strong>s\u00edntesis teol\u00f3gica<\/strong>, no una cita literal. <a href=\"#725b9da1-cf1f-4b54-a8cc-6f5384b49663-link\" aria-label=\"Saltar a la referencia de la nota 150\">\u21a9\ufe0e<\/a><\/li><li id=\"33402158-bcff-46e9-b9c6-d4c01e97e68f\"><strong>Cuerpo asumido.<\/strong> En la angelolog\u00eda escol\u00e1stica, un \u00e1ngel puede utilizar una forma corporal para hacerse perceptible sin convertirse por naturaleza en un ser material. Esta idea no debe confundirse con la encarnaci\u00f3n: el Hijo verdaderamente asume naturaleza humana; un \u00e1ngel solamente utiliza una forma corporal para una misi\u00f3n determinada. <a href=\"#33402158-bcff-46e9-b9c6-d4c01e97e68f-link\" aria-label=\"Saltar a la referencia de la nota 151\">\u21a9\ufe0e<\/a><\/li><li id=\"76a9f30f-678f-467b-b7c6-a36db3e0c6cc\">Juan Calvino, <em>Commentaries on the Four Last Books of Moses Arranged in the Form of a Harmony<\/em>, en su tratamiento de <a href=\"https:\/\/biblia.com\/bible\/rvr60\/Ex3\">\u00c9xodo 3<\/a> y pasajes relacionados. Conviene verificar cada formulaci\u00f3n contra la edici\u00f3n concreta antes de utilizarla como cita literal <a href=\"#76a9f30f-678f-467b-b7c6-a36db3e0c6cc-link\" aria-label=\"Saltar a la referencia de la nota 152\">\u21a9\ufe0e<\/a><\/li><li id=\"3717ce2c-f2ae-41e6-908a-330486915b46\"><strong>\u201c\u00c1ngel de su presencia\u201d.<\/strong> La expresi\u00f3n hebrea <em>mal\u02beakh p\u0101n\u0101w<\/em> es literalmente \u201cmensajero de su rostro\/presencia\u201d. En el pensamiento hebreo, el \u201crostro\u201d (<em>p\u0101n\u00eem<\/em>) puede expresar la presencia personal. La frase describe, por tanto, un mensajero asociado de manera especialmente estrecha con la presencia salvadora de Yahv\u00e9. <a href=\"#3717ce2c-f2ae-41e6-908a-330486915b46-link\" aria-label=\"Saltar a la referencia de la nota 153\">\u21a9\ufe0e<\/a><\/li><li id=\"5837a1b1-5174-4da1-9a58-028a3d4bfe04\">A. Henry Sawtelle, \u201cThe Angel of Jehovah\u201d, <em>Bibliotheca Sacra<\/em> 16, n.\u00ba 64 (1859): 805\u2013835. Este art\u00edculo ser\u00e1 analizado con mayor detalle posteriormente, especialmente sus argumentos acumulativos para identificar al \u00c1ngel con el Logos preencarnado. <a href=\"#5837a1b1-5174-4da1-9a58-028a3d4bfe04-link\" aria-label=\"Saltar a la referencia de la nota 154\">\u21a9\ufe0e<\/a><\/li><li id=\"9d76f418-100d-40c0-b367-cbc67f711d6d\"><strong>A. Henry Sawtelle.<\/strong> Su art\u00edculo \u201cThe Angel of Jehovah\u201d apareci\u00f3 en <em>Bibliotheca Sacra<\/em> 16, n.\u00ba 64 (1859): 805\u2013835. Constituye una fuente hist\u00f3rica especialmente valiosa para estudiar la interpretaci\u00f3n protestante del \u00c1ngel de Yahv\u00e9 durante el siglo XIX. Sus argumentos deben distinguirse de los m\u00e9todos hist\u00f3rico-cr\u00edticos que se desarrollar\u00edan posteriormente. <a href=\"#9d76f418-100d-40c0-b367-cbc67f711d6d-link\" aria-label=\"Saltar a la referencia de la nota 155\">\u21a9\ufe0e<\/a><\/li><li id=\"357250f0-41f7-4ac5-8a08-b6fdfd481216\">Sobre la transformaci\u00f3n de la ex\u00e9gesis b\u00edblica entre los siglos XVIII y XIX y el surgimiento de explicaciones hist\u00f3rico-cr\u00edticas de las teofan\u00edas, debe distinguirse entre historia de las fuentes, historia de las tradiciones y cr\u00edtica de la redacci\u00f3n. No todas estas aproximaciones explican el \u00c1ngel de Yahv\u00e9 de la misma manera. <a href=\"#357250f0-41f7-4ac5-8a08-b6fdfd481216-link\" aria-label=\"Saltar a la referencia de la nota 156\">\u21a9\ufe0e<\/a><\/li><li id=\"ba9fbbdf-c07b-4ee4-9c96-dc30540b4573\">La hip\u00f3tesis seg\u00fan la cual algunos relatos originalmente conten\u00edan una aparici\u00f3n directa de Yahv\u00e9 y fueron posteriormente modificados mediante la inserci\u00f3n de un \u00e1ngel pertenece a una determinada etapa de la cr\u00edtica hist\u00f3rica y no debe presentarse como consenso demostrado. Cada pasaje requiere an\u00e1lisis literario independiente. <a href=\"#ba9fbbdf-c07b-4ee4-9c96-dc30540b4573-link\" aria-label=\"Saltar a la referencia de la nota 157\">\u21a9\ufe0e<\/a><\/li><li id=\"4e6237a5-ab25-4f0a-9d83-7c43720e551c\">Michael S. Heiser, <em>The Unseen Realm: Recovering the Supernatural Worldview of the Bible<\/em> (Bellingham, WA: Lexham Press, 2015). Heiser interpreta diversos textos del \u00c1ngel de Yahv\u00e9 dentro de una concepci\u00f3n m\u00e1s amplia de la presencia visible e invisible de Yahv\u00e9 y del consejo divino. Su propuesta ser\u00e1 evaluada cr\u00edticamente en una secci\u00f3n espec\u00edfica, distinguiendo cuidadosamente sus afirmaciones del consenso acad\u00e9mico general. <a href=\"#4e6237a5-ab25-4f0a-9d83-7c43720e551c-link\" aria-label=\"Saltar a la referencia de la nota 158\">\u21a9\ufe0e<\/a><\/li><li id=\"52fb9a1a-307f-42b8-a5b2-d7c3a0e0f6f8\">Paul D. Wegner, \u201cWho Is the Angel of the LORD?\u201d, <em>The Gateway<\/em> 1, n.\u00ba 1 (Winter 2025). Wegner reconoce expresamente la diversidad de interpretaciones hist\u00f3ricas \u2014cristofan\u00eda, teofan\u00eda o \u00e1ngel\u2014 y ofrece una discusi\u00f3n contempor\u00e1nea del problema. <a href=\"#52fb9a1a-307f-42b8-a5b2-d7c3a0e0f6f8-link\" aria-label=\"Saltar a la referencia de la nota 159\">\u21a9\ufe0e<\/a><\/li><li id=\"ff4fd459-57f0-4c34-ba8e-ec635267beaf\">Ren\u00e9 A. L\u00f3pez, \u201cIdentifying the \u2018Angel of the Lord\u2019 in the Book of Judges: A Model for Reconsidering the Referent in Other Old Testament Loci\u201d, <em>Bulletin for Biblical Research<\/em> 20, n.\u00ba 1 (2010): 1\u201318. L\u00f3pez propone un modelo de representaci\u00f3n\/agencia atendiendo a gram\u00e1tica, costumbres del antiguo Cercano Oriente y teolog\u00eda jud\u00eda. <a href=\"#ff4fd459-57f0-4c34-ba8e-ec635267beaf-link\" aria-label=\"Saltar a la referencia de la nota 160\">\u21a9\ufe0e<\/a><\/li><li id=\"075c004f-3f1d-46e0-a4e2-531544e010f4\"><strong>Agencia y ontolog\u00eda.<\/strong> El principio de agencia explica la autoridad del mensajero sin equiparar necesariamente su naturaleza con la de quien lo env\u00eda. La pregunta decisiva no es si existe agencia \u2014claramente existe\u2014, sino si la agencia por s\u00ed sola explica adecuadamente todos los textos del corpus. <a href=\"#075c004f-3f1d-46e0-a4e2-531544e010f4-link\" aria-label=\"Saltar a la referencia de la nota 161\">\u21a9\ufe0e<\/a><\/li><li id=\"2b410729-2af6-45a7-9d45-a2623318552b\">Andrew S. Malone, \u201cDistinguishing the Angel of the Lord\u201d, <em>Bulletin for Biblical Research<\/em> 21, n.\u00ba 3 (2011): 297\u2013314. Malone responde al modelo de L\u00f3pez se\u00f1alando la dificultad de distinguir convincentemente al \u00c1ngel de Yahv\u00e9 en los textos donde ambos aparecen estrechamente identificados. <a href=\"#2b410729-2af6-45a7-9d45-a2623318552b-link\" aria-label=\"Saltar a la referencia de la nota 162\">\u21a9\ufe0e<\/a><\/li><li id=\"2c070c76-85d2-41f4-aae5-f8d9c1d7e997\">Benjamin D. Sommer, <em>The Bodies of God and the World of Ancient Israel<\/em> (Cambridge: Cambridge University Press, 2009), especialmente pp. 40\u201344 para la discusi\u00f3n relacionada con las manifestaciones divinas y el \u00c1ngel. Su modelo ofrece una explicaci\u00f3n de la presencia divina antigua mediante categor\u00edas m\u00e1s fluidas que la individualidad corporal moderna.\u2074 La relaci\u00f3n de su obra con el debate del \u00c1ngel aparece recogida tambi\u00e9n en la literatura especializada. <a href=\"#2c070c76-85d2-41f4-aae5-f8d9c1d7e997-link\" aria-label=\"Saltar a la referencia de la nota 163\">\u21a9\ufe0e<\/a><\/li><li id=\"e12d2958-7f72-42de-a338-1d2276d77fde\"><strong>\u201cFluidez\u201d de identidad divina.<\/strong> Cuando investigadores como Sommer utilizan modelos de manifestaci\u00f3n m\u00faltiple, no est\u00e1n afirmando autom\u00e1ticamente una doctrina de Trinidad. Intentan reconstruir categor\u00edas religiosas del antiguo Cercano Oriente y de determinados textos israelitas. Aplicar directamente esas categor\u00edas a Padre, Hijo y Esp\u00edritu ser\u00eda un paso teol\u00f3gico posterior. <a href=\"#e12d2958-7f72-42de-a338-1d2276d77fde-link\" aria-label=\"Saltar a la referencia de la nota 164\">\u21a9\ufe0e<\/a><\/li><li id=\"c95a4643-6b82-4dc0-a312-2b568eafdcfe\">Samuel A. Meier, \u201cAngel of Yahweh\u201d, en Karel van der Toorn, Bob Becking y Pieter W. van der Horst, eds., <em>Dictionary of Deities and Demons in the Bible<\/em>, 2.\u00aa ed. (Leiden: Brill, 1999), 54\u201359. Meier representa una importante discusi\u00f3n hist\u00f3rico-cr\u00edtica del fen\u00f3meno y de la posible relaci\u00f3n entre teofan\u00eda directa y mediaci\u00f3n angelical. <a href=\"#c95a4643-6b82-4dc0-a312-2b568eafdcfe-link\" aria-label=\"Saltar a la referencia de la nota 165\">\u21a9\ufe0e<\/a><\/li><li id=\"d4289885-b778-4033-84ed-6e03a156754b\"><strong>Texto original y texto final.<\/strong> Una reconstrucci\u00f3n hist\u00f3rica puede explicar c\u00f3mo surgi\u00f3 una dificultad, pero la ex\u00e9gesis can\u00f3nica debe preguntar tambi\u00e9n qu\u00e9 comunica el texto en su forma recibida. Historia de composici\u00f3n y significado final son preguntas distintas. <a href=\"#d4289885-b778-4033-84ed-6e03a156754b-link\" aria-label=\"Saltar a la referencia de la nota 166\">\u21a9\ufe0e<\/a><\/li><li id=\"81acf24e-6b2f-430e-88a0-f7e37a8fbc85\">Carol A. Newsom, \u201cAngels\u201d, en David Noel Freedman, ed., <em>The Anchor Bible Dictionary<\/em>, vol. 1 (New York: Doubleday, 1992), 248\u2013253, especialmente la discusi\u00f3n de la ambig\u00fcedad entre presencia divina y mediaci\u00f3n. La atribuci\u00f3n de esta l\u00ednea interpretativa aparece documentada en la discusi\u00f3n especializada del problema. <a href=\"#81acf24e-6b2f-430e-88a0-f7e37a8fbc85-link\" aria-label=\"Saltar a la referencia de la nota 167\">\u21a9\ufe0e<\/a><\/li><li id=\"73f1db55-5010-4b30-a4ba-694ad365324f\">Michael S. Heiser, <em>The Unseen Realm: Recovering the Supernatural Worldview of the Bible<\/em> (Bellingham, WA: Lexham Press, 2015), especialmente sus cap\u00edtulos sobre el Nombre, el \u00c1ngel y las manifestaciones visibles de Yahv\u00e9. Heiser interpreta <a href=\"https:\/\/biblia.com\/bible\/rvr60\/Ex23.20-21\">Ex 23:20\u201321<\/a> como un texto clave para la relaci\u00f3n entre el \u00c1ngel y la identidad\/presencia de Yahv\u00e9. Una exposici\u00f3n accesible de su argumento, adaptada de <em>The Unseen Realm<\/em>, explica expresamente que \u201cel Nombre\u201d funciona como signo de la presencia de Yahv\u00e9 y desdibuja la frontera entre Yahv\u00e9 y su \u00c1ngel. <a href=\"#73f1db55-5010-4b30-a4ba-694ad365324f-link\" aria-label=\"Saltar a la referencia de la nota 168\">\u21a9\ufe0e<\/a><\/li><li id=\"63034209-29ef-4ad0-a6b1-3fdee0f5a962\">Malone, \u201cDistinguishing the Angel of the Lord\u201d, 297\u2013314. Su cr\u00edtica es especialmente importante porque concede la fuerza del modelo representativo pero argumenta que este depende de que pueda demostrarse una distinci\u00f3n clara entre \u00c1ngel y Yahv\u00e9; precisamente eso es lo que algunos textos dificultan. <a href=\"#63034209-29ef-4ad0-a6b1-3fdee0f5a962-link\" aria-label=\"Saltar a la referencia de la nota 169\">\u21a9\ufe0e<\/a><\/li><li id=\"482cde8a-7dce-49d1-9e15-cb55b6554f6d\"><strong>Teofan\u00eda y cristofan\u00eda.<\/strong> La segunda y tercera posibilidades de Erickson deben mantenerse diferenciadas. Decir que el \u00c1ngel es una <strong>teofan\u00eda<\/strong> significa que Dios se manifiesta mediante esa figura. Decir que es una <strong>cristofan\u00eda<\/strong> a\u00f1ade que quien se manifiesta es espec\u00edficamente el Hijo preencarnado. La primera afirmaci\u00f3n no demuestra autom\u00e1ticamente la segunda. <a href=\"#482cde8a-7dce-49d1-9e15-cb55b6554f6d-link\" aria-label=\"Saltar a la referencia de la nota 170\">\u21a9\ufe0e<\/a><\/li><li id=\"bf4bae3a-c63d-4d1e-adc0-fd4d43e0b531\">Millard J. Erickson, <em>Christian Theology<\/em>, en su discusi\u00f3n de las teofan\u00edas y del \u00c1ngel del Se\u00f1or. Erickson distingue tres interpretaciones principales y considera que las explicaciones teof\u00e1nica o cristof\u00e1nica responden mejor que la hip\u00f3tesis de un simple \u00e1ngel a los textos de identificaci\u00f3n divina. La formulaci\u00f3n transmitida en la literatura secundaria debe cotejarse con la edici\u00f3n concreta utilizada antes de fijarla como cita textual. <a href=\"#bf4bae3a-c63d-4d1e-adc0-fd4d43e0b531-link\" aria-label=\"Saltar a la referencia de la nota 171\">\u21a9\ufe0e<\/a><\/li><li id=\"9276856d-b52a-458a-875d-aee5ec19428d\">Wayne Grudem, <em>Systematic Theology: An Introduction to Biblical Doctrine<\/em>, cap\u00edtulo dedicado a los \u00e1ngeles. Grudem utiliza <a href=\"https:\/\/biblia.com\/bible\/rvr60\/Ge16\">Gn 16<\/a>, <a href=\"https:\/\/biblia.com\/bible\/rvr60\/Ge22\">Gn 22<\/a>, <a href=\"https:\/\/biblia.com\/bible\/rvr60\/Ge31\">Gn 31<\/a> y <a href=\"https:\/\/biblia.com\/bible\/rvr60\/Ex3\">Ex 3<\/a> como ejemplos donde el \u00c1ngel aparece como Dios mismo, y considera posible una identificaci\u00f3n m\u00e1s espec\u00edfica con Dios Hijo. <a href=\"#9276856d-b52a-458a-875d-aee5ec19428d-link\" aria-label=\"Saltar a la referencia de la nota 172\">\u21a9\ufe0e<\/a><\/li><li id=\"702f1684-cff6-40f4-bf4d-f6fe7d669f13\">Michael S. Heiser, <em>The Unseen Realm: Recovering the Supernatural Worldview of the Bible<\/em> (Bellingham, WA: Lexham Press, 2015), y su exposici\u00f3n sobre el \u00c1ngel y el Nombre. Su interpretaci\u00f3n de <a href=\"https:\/\/biblia.com\/bible\/rvr60\/Ex23.20-21\">Ex 23:20\u201321<\/a> resulta central para su modelo de la manifestaci\u00f3n visible de Yahv\u00e9. <a href=\"#702f1684-cff6-40f4-bf4d-f6fe7d669f13-link\" aria-label=\"Saltar a la referencia de la nota 173\">\u21a9\ufe0e<\/a><\/li><li id=\"d5533984-1dd3-4ac7-a87a-1501a296b8b3\">Stanley J. Grenz, especialmente sus obras trinitarias y <em>Theology for the Community of God<\/em>. La investigaci\u00f3n sobre su pensamiento confirma la centralidad estructural de la doctrina trinitaria en su proyecto. En esta secci\u00f3n Grenz se utiliza como <strong>marco sistem\u00e1tico<\/strong>, no como fuente de una identificaci\u00f3n expl\u00edcita del \u00c1ngel con Cristo. <a href=\"#d5533984-1dd3-4ac7-a87a-1501a296b8b3-link\" aria-label=\"Saltar a la referencia de la nota 174\">\u21a9\ufe0e<\/a><\/li><li id=\"3372c922-3463-477f-9ea0-d63a1c0abbf6\"><strong>Uso correcto de un te\u00f3logo sistem\u00e1tico.<\/strong> Que un autor sostenga una doctrina robusta de la Trinidad no significa que haya interpretado personalmente cada teofan\u00eda del Antiguo Testamento como cristofan\u00eda. En un estudio acad\u00e9mico debemos distinguir entre <strong>posici\u00f3n expl\u00edcita sobre el texto<\/strong> y <strong>marco doctrinal que permite evaluar el texto<\/strong>. <a href=\"#3372c922-3463-477f-9ea0-d63a1c0abbf6-link\" aria-label=\"Saltar a la referencia de la nota 175\">\u21a9\ufe0e<\/a><\/li><li id=\"c585c93d-f01a-4283-a5c0-5417dfdf4c23\">Scot McKnight, <em>The Hum of Angels: Listening for the Messengers of God Around Us<\/em> (WaterBrook, 2017). McKnight distingue los \u00e1ngeles creados ordinarios de determinados casos excepcionales del \u201c\u00c1ngel del Se\u00f1or\u201d relacionados de manera especialmente intensa con Dios. Las fuentes consultadas que resumen este punto deben complementarse con la edici\u00f3n del libro antes de utilizar palabras exactas como cita directa. <a href=\"#c585c93d-f01a-4283-a5c0-5417dfdf4c23-link\" aria-label=\"Saltar a la referencia de la nota 176\">\u21a9\ufe0e<\/a><\/li><li id=\"715cc109-943c-44ec-9f3f-992e32318e25\">Para la lectura pastoral y teol\u00f3gica de Agar en McKnight, v\u00e9ase su reflexi\u00f3n reciente sobre G\u00e9nesis 16, donde destaca la presencia del Dios que ve a Agar. La aplicaci\u00f3n ha sido utilizada aqu\u00ed para mostrar que la funci\u00f3n narrativa de la aparici\u00f3n no debe perderse dentro de la discusi\u00f3n ontol\u00f3gica. <a href=\"#715cc109-943c-44ec-9f3f-992e32318e25-link\" aria-label=\"Saltar a la referencia de la nota 177\">\u21a9\ufe0e<\/a><\/li><li id=\"20b604bd-34fe-4a95-b5eb-c2d3eb7bf4b3\">Andrew S. Malone, \u201cDistinguishing the Angel of the Lord\u201d, <em>Bulletin for Biblical Research<\/em> 21, n.\u00ba 3 (2011): 297\u2013314. Malone critica la suficiencia del modelo de agencia precisamente en relaci\u00f3n con los textos donde resulta dif\u00edcil mantener una clara distinci\u00f3n narrativa entre Yahv\u00e9 y su \u00c1ngel. <a href=\"#20b604bd-34fe-4a95-b5eb-c2d3eb7bf4b3-link\" aria-label=\"Saltar a la referencia de la nota 178\">\u21a9\ufe0e<\/a><\/li><li id=\"dab51727-054b-4b32-8757-b3f5a668ee09\">Michael S. Heiser, <em>The Unseen Realm: Recovering the Supernatural Worldview of the Bible<\/em> (Bellingham, WA: Lexham Press, 2015), especialmente su tratamiento de <a href=\"https:\/\/biblia.com\/bible\/rvr60\/Ex23.20-21\">Ex 23:20\u201321<\/a> y la teolog\u00eda del Nombre. <a href=\"#dab51727-054b-4b32-8757-b3f5a668ee09-link\" aria-label=\"Saltar a la referencia de la nota 179\">\u21a9\ufe0e<\/a><\/li><li id=\"8dd04197-4a22-4d6f-8673-60b4d7ba66ce\">Benjamin D. Sommer, <em>The Bodies of God and the World of Ancient Israel<\/em> (Cambridge: Cambridge University Press, 2009), especialmente su discusi\u00f3n de las concepciones antiguas de manifestaci\u00f3n y fluidez de identidad divina. <a href=\"#8dd04197-4a22-4d6f-8673-60b4d7ba66ce-link\" aria-label=\"Saltar a la referencia de la nota 180\">\u21a9\ufe0e<\/a><\/li><li id=\"7569e62b-b4c3-4298-8bdf-706cb33cf852\">Benjamin D. Sommer, <em>The Bodies of God and the World of Ancient Israel<\/em> (Cambridge: Cambridge University Press, 2009), especialmente su discusi\u00f3n de las concepciones antiguas de manifestaci\u00f3n y fluidez de identidad divina. <a href=\"#7569e62b-b4c3-4298-8bdf-706cb33cf852-link\" aria-label=\"Saltar a la referencia de la nota 181\">\u21a9\ufe0e<\/a><\/li><li id=\"b73e2783-cb68-4354-9dcc-8d47856384f5\">Michael S. Heiser, <em>The Unseen Realm: Recovering the Supernatural Worldview of the Bible<\/em> (Bellingham, WA: Lexham Press, 2015), especialmente su discusi\u00f3n de <a href=\"https:\/\/biblia.com\/bible\/rvr60\/Ex23.20-21\">Ex 23:20\u201321<\/a> y la relaci\u00f3n entre el Nombre y la presencia visible de Yahv\u00e9. <a href=\"#b73e2783-cb68-4354-9dcc-8d47856384f5-link\" aria-label=\"Saltar a la referencia de la nota 182\">\u21a9\ufe0e<\/a><\/li><li id=\"675dc1c4-6bf0-43ab-96e8-139c1dd5aad1\">Benjamin D. Sommer, <em>The Bodies of God and the World of Ancient Israel<\/em> (Cambridge: Cambridge University Press, 2009), especialmente su an\u00e1lisis de las concepciones antiguas de presencia y manifestaci\u00f3n divina. <a href=\"#675dc1c4-6bf0-43ab-96e8-139c1dd5aad1-link\" aria-label=\"Saltar a la referencia de la nota 183\">\u21a9\ufe0e<\/a><\/li><li id=\"c02b63d0-0aca-488d-8ae8-56fe9982a34c\">Ren\u00e9 A. L\u00f3pez, \u201cIdentifying the \u2018Angel of the Lord\u2019 in the Book of Judges\u201d, <em>Bulletin for Biblical Research<\/em> 20, n.\u00ba 1 (2010): 1\u201318, para una defensa sistem\u00e1tica de la explicaci\u00f3n representativa. <a href=\"#c02b63d0-0aca-488d-8ae8-56fe9982a34c-link\" aria-label=\"Saltar a la referencia de la nota 184\">\u21a9\ufe0e<\/a><\/li><li id=\"98cf8b58-b6e6-4dc2-be52-0eb71c6eea4f\">Justino M\u00e1rtir, <em>Di\u00e1logo con Trif\u00f3n<\/em> 56\u201360, constituye uno de los primeros testimonios extensos de la identificaci\u00f3n cristol\u00f3gica expl\u00edcita de las teofan\u00edas. <a href=\"#98cf8b58-b6e6-4dc2-be52-0eb71c6eea4f-link\" aria-label=\"Saltar a la referencia de la nota 185\">\u21a9\ufe0e<\/a><\/li><li id=\"f7b0441f-0092-40c6-9955-993345f5644d\"><strong>Lectura retrospectiva.<\/strong> Una lectura retrospectiva interpreta un texto anterior a la luz de acontecimientos o revelaciones posteriores. El Nuevo Testamento utiliza frecuentemente este tipo de hermen\u00e9utica al releer acontecimientos de Israel en relaci\u00f3n con Cristo; v\u00e9anse <a href=\"https:\/\/biblia.com\/bible\/rvr60\/1Co10.4\">1 Co 10:4<\/a> y <a href=\"https:\/\/biblia.com\/bible\/rvr60\/Jn12.41\">Jn 12:41<\/a>. <a href=\"#f7b0441f-0092-40c6-9955-993345f5644d-link\" aria-label=\"Saltar a la referencia de la nota 186\">\u21a9\ufe0e<\/a><\/li><li id=\"ab68915b-65fa-4179-b459-dd2ec0b6e357\">Andrew S. Malone, \u201cDistinguishing the Angel of the Lord\u201d, <em>Bulletin for Biblical Research<\/em> 21, n.\u00ba 3 (2011): 297\u2013314. La referencia corresponde especialmente a su cr\u00edtica de las explicaciones que intentan resolver todos los textos exclusivamente mediante agencia representativa. <a href=\"#ab68915b-65fa-4179-b459-dd2ec0b6e357-link\" aria-label=\"Saltar a la referencia de la nota 187\">\u21a9\ufe0e<\/a><\/li><li id=\"89f2cbae-601c-4870-a1df-cc852879b4c5\">Michael S. Heiser, <em>The Unseen Realm: Recovering the Supernatural Worldview of the Bible<\/em> (Bellingham, WA: Lexham Press, 2015). V\u00e9ase especialmente su tratamiento del \u00c1ngel, el Nombre divino y <a href=\"https:\/\/biblia.com\/bible\/rvr60\/Ex23.20-23\">\u00c9xodo 23:20\u201323<\/a>. <a href=\"#89f2cbae-601c-4870-a1df-cc852879b4c5-link\" aria-label=\"Saltar a la referencia de la nota 188\">\u21a9\ufe0e<\/a><\/li><li id=\"774abe4f-7f8f-48e4-8897-674d2fa90340\">Benjamin D. Sommer, <em>The Bodies of God and the World of Ancient Israel<\/em> (Cambridge: Cambridge University Press, 2009). Sommer resulta particularmente importante para la discusi\u00f3n de la fluidez de identidad y las manifestaciones localizadas de la divinidad dentro de determinadas concepciones antiguas. <a href=\"#774abe4f-7f8f-48e4-8897-674d2fa90340-link\" aria-label=\"Saltar a la referencia de la nota 189\">\u21a9\ufe0e<\/a><\/li><li id=\"d6dc340a-268a-4b34-89f0-07d8ae2d1f29\">Ren\u00e9 A. L\u00f3pez, \u201cIdentifying the \u2018Angel of the Lord\u2019 in the Book of Judges: A Model for Reconsidering the Referent in Other Old Testament Loci\u201d, <em>Bulletin for Biblical Research<\/em> 20, n.\u00ba 1 (2010): 1\u201318. La llamada de esta nota corresponde al p\u00e1rrafo <strong>\u201cLa agencia explica mucho, pero quiz\u00e1 no todo\u201d<\/strong>, inmediatamente despu\u00e9s de la primera menci\u00f3n de L\u00f3pez. <a href=\"#d6dc340a-268a-4b34-89f0-07d8ae2d1f29-link\" aria-label=\"Saltar a la referencia de la nota 190\">\u21a9\ufe0e<\/a><\/li><\/ol>\n\n\n<p class=\"wp-block-paragraph\"><\/p>\n","protected":false},"excerpt":{"rendered":"<p>\u00bfQui\u00e9n es realmente el \u00c1ngel de Yahv\u00e9 en el Antiguo Testamento? Este estudio examina sus principales apariciones en G\u00e9nesis, \u00c9xodo, Jueces y Zacar\u00edas, analizando el hebreo b\u00edblico, el contexto literario y la sorprendente relaci\u00f3n entre el \u00c1ngel y la identidad de Yahv\u00e9. A trav\u00e9s de la ex\u00e9gesis, la interpretaci\u00f3n jud\u00eda, los Padres de la Iglesia y la investigaci\u00f3n acad\u00e9mica moderna, exploramos las principales propuestas sobre su identidad: mensajero celestial, agente divino, teofan\u00eda o manifestaci\u00f3n preencarnada de Cristo. Un recorrido b\u00edblico, hist\u00f3rico y teol\u00f3gico por una de las figuras m\u00e1s enigm\u00e1ticas del Antiguo Testamento.<\/p>\n","protected":false},"author":80235555,"featured_media":57383,"comment_status":"open","ping_status":"open","sticky":false,"template":"","format":"standard","meta":{"_coblocks_attr":"","_coblocks_dimensions":"","_coblocks_responsive_height":"","_coblocks_accordion_ie_support":"","_gspb_post_css":"","advanced_seo_description":"","jetpack_seo_html_title":"","jetpack_seo_noindex":false,"jetpack_seo_schema_type":"","_jetpack_newsletter_access":"","_jetpack_dont_email_post_to_subs":false,"_jetpack_newsletter_tier_id":0,"_jetpack_memberships_contains_paywalled_content":false,"_wpcom_ai_launchpad_first_post":false,"_jetpack_feature_clip_id":0,"_jetpack_memberships_contains_paid_content":false,"footnotes":"[{\"id\":\"0cab2de2-5a7f-4c7b-a644-809b0205efb8\",\"content\":\"<em>The Lost World of Genesis One<\/em>, p. 26\u201327\"},{\"content\":\"<strong>Anu<\/strong> es el dios supremo del pante\u00f3n mesopot\u00e1mico (especialmente en la tradici\u00f3n sumerio-acadia). Representa el <strong>cielo<\/strong> y la autoridad c\u00f3smica m\u00e1xima. Aunque es te\u00f3ricamente el \u201crey de los dioses\u201d, en la pr\u00e1ctica su papel es m\u00e1s distante y trascendente: rara vez interviene directamente en los relatos m\u00edticos. Su funci\u00f3n principal es legitimar la jerarqu\u00eda divina. En muchos textos, act\u00faa como fuente \u00faltima de autoridad, pero delega la acci\u00f3n en otros dioses como Enlil o Enki. <strong>Enlil<\/strong> es uno de los dioses m\u00e1s importantes del pante\u00f3n mesopot\u00e1mico cl\u00e1sico. Est\u00e1 asociado con el <strong>viento, la atm\u00f3sfera y el poder ejecutivo divino<\/strong>. En la literatura sumeria y acadia, Enlil es frecuentemente quien toma decisiones que afectan a la humanidad, como decretar el diluvio o establecer \u00f3rdenes c\u00f3smicos. Es, en la pr\u00e1ctica, una figura de gobierno activo dentro del consejo divino, m\u00e1s cercano a un \u201crey operativo\u201d que Anu. <strong>Enki<\/strong>, conocido tambi\u00e9n por su nombre acadiano <strong>Ea<\/strong>, es el dios de las <strong>aguas profundas (apsu), la sabidur\u00eda, la magia y la inteligencia t\u00e9cnica<\/strong>. A diferencia de Enlil, Enki suele aparecer como una figura benevolente hacia la humanida<br>d. En muchos mitos, act\u00faa como mediador o consejero que encuentra soluciones creativas para evitar destrucci\u00f3n divina (por ejemplo, advierte a un humano sobre el diluvio en el mito de Atrahasis). Representa el conocimiento pr\u00e1ctico y la astucia divina. <strong>Ishtar<\/strong> (en acadio) o <strong>Inanna<\/strong> (en sumerio) es la diosa del <strong>amor, la fertilidad, la guerra y el poder pol\u00edtico<\/strong>. Es una de las deidades m\u00e1s complejas y din\u00e1micas del pante\u00f3n mesopot\u00e1mico. Puede aparecer como protectora, seductora o destructora. Su mito m\u00e1s famoso es el descenso al inframundo, donde simboliza ciclos de muerte y renovaci\u00f3n. Ishtar representa la fuerza de la vitalidad y la ambici\u00f3n, tanto en lo er\u00f3tico como en lo b\u00e9lico.\",\"id\":\"c1366a12-d323-47ce-929f-998422d94084\"},{\"id\":\"9dff61b7-25f8-437c-b45a-7343a9a71724\",\"content\":\"El <strong>Ciclo de Baal<\/strong> es una importante colecci\u00f3n de textos mitol\u00f3gicos cananeos descubiertos en la antigua ciudad de <strong>Ugarit<\/strong> (actual Siria). Escrito en tablillas de arcilla, narra las haza\u00f1as de <strong>Baal Hadad<\/strong>\u2014dios de la tormenta, la lluvia y la fertilidad. El esquema literario suele ser algo as\u00ed: \u201cEntonces Baal dijo a sus mensajeros: \u2018Id y decid a El\u2026\u2019\u201d Y los mensajeros responden: \u201cHemos entregado el mensaje de Baal.\u201d\"},{\"id\":\"c2255d86-130f-45ac-9099-002af9559a39\",\"content\":\"Claus Westermann, <em>Genesis 12\u201336: A Commentary<\/em> (Minneapolis: Augsburg, 1985)\"},{\"id\":\"3e545ef4-d431-4c48-bd4b-49909360b957\",\"content\":\"<em>Gerhard von Rad, Genesis: A Commentary<\/em> (1961), tambi\u00e9n esta la versi\u00f3n traducida al espa\u00f1ol de ediciones Sigueme.\"},{\"content\":\"<strong><em>\u02bfAqedah<\/em>.<\/strong> El nombre jud\u00edo tradicional del episodio procede del verbo hebreo \u05e2\u05e7\u05d3 (<em>\u02bf\u0101qad<\/em>, \u201catar\u201d), utilizado en <a href=\\\"https:\/\/biblia.com\/bible\/rvr60\/Ge22.9\\\">Gn 22:9<\/a>: Abraham \u201cat\u00f3\u201d (<em>wayya\u02bf\u0103q\u014dd<\/em>) a Isaac. El sustantivo <em>\u02bfAqedah<\/em> significa, por tanto, \u201cla atadura\u201d y constituye la denominaci\u00f3n tradicional de G\u00e9nesis 22 en la interpretaci\u00f3n jud\u00eda.\",\"id\":\"8cf28022-5579-460d-bd60-2fe01ad7ce97\"},{\"content\":\"La interpretaci\u00f3n seg\u00fan la cual el enviado puede hablar con la voz de quien lo env\u00eda ofrece una explicaci\u00f3n importante para el uso de la primera persona. No obstante, debe utilizarse con cautela: explicar que un mensajero <em>puede<\/em> hablar en primera persona no determina autom\u00e1ticamente que <em>todas<\/em> las identificaciones entre Yahv\u00e9 y su \u00c1ngel sean meramente convencionales. Cada relato debe examinarse individualmente.\",\"id\":\"16c8bde2-bbfd-4e8d-bb20-5eee6f6f1707\"},{\"content\":\"<strong>A. Henry Sawtelle.<\/strong> A. Henry Sawtelle, \u201cThe Angel of Jehovah\u201d, <em>Bibliotheca Sacra<\/em> 16, n.\u00ba 64 (1859): 805\u2013835. El art\u00edculo representa una defensa decimon\u00f3nica extensa de la interpretaci\u00f3n teof\u00e1nica y cristol\u00f3gica del <em>mal\u02beakh YHWH<\/em>. Debe utilizarse hist\u00f3ricamente junto con la investigaci\u00f3n filol\u00f3gica y cr\u00edtico-literaria posterior.\",\"id\":\"3a2727a5-0af3-4b3e-a121-33cbfa77133b\"},{\"content\":\"\u05e0\u05b0\u05d0\u05bb\u05dd\u05be\u05d9\u05b0\u05d4\u05d5\u05b8\u05d4 (<em>ne\u02beum YHWH<\/em>) es una f\u00f3rmula oracular que puede traducirse \u201cor\u00e1culo de Yahv\u00e9\u201d, \u201cdeclaraci\u00f3n de Yahv\u00e9\u201d o, como RVR60, \u201cdice Jehov\u00e1\u201d. Es extremadamente frecuente en los profetas, pero resulta llamativa en G\u00e9nesis 22 por aparecer dentro del discurso pronunciado por el <em>mal\u02beakh YHWH<\/em>.\",\"id\":\"0ad2de44-0ae7-4ae1-9be8-c72bde5763bd\"},{\"content\":\"<strong>El \u201cNombre\u201d.<\/strong> En el Antiguo Testamento, el \u201cnombre\u201d (<em>\u0161\u0113m<\/em>) de Yahv\u00e9 puede representar mucho m\u00e1s que una denominaci\u00f3n verbal: est\u00e1 relacionado con su autoridad, reputaci\u00f3n y presencia. Este concepto ser\u00e1 fundamental para estudiar <a href=\\\"https:\/\/biblia.com\/bible\/rvr60\/Ex23.20-21\\\">Ex 23:20\u201321<\/a> y posteriormente la teolog\u00eda de la presencia divina en Deuteronomio.\",\"id\":\"aa72c875-7903-499f-b044-7066928c0ecb\"},{\"content\":\"A. Henry Sawtelle, \u201cThe Angel of Jehovah,\u201d <em>Bibliotheca Sacra<\/em> 16, no. 64 (1859): 805\u2013835.\",\"id\":\"893c794c-b394-424e-8865-beae5224883f\"},{\"content\":\"Gordon J. Wenham, <em>Genesis 16\u201350<\/em>, Word Biblical Commentary 2 (Dallas: Word Books, 1994), comentario a <a href=\\\"https:\/\/biblia.com\/bible\/rvr60\/Ge31\\\">Gn 31<\/a>; Victor P. Hamilton, <em>The Book of Genesis: Chapters 18\u201350<\/em>, NICOT (Grand Rapids: Eerdmans, 1995), comentario a <a href=\\\"https:\/\/biblia.com\/bible\/rvr60\/Ge31.10-13\\\">Gn 31:10\u201313<\/a>. Las observaciones anteriores resumen sus an\u00e1lisis; <strong>no se presentan como citas textuales<\/strong>.\",\"id\":\"d31a5f9c-25a4-45db-8721-b4af77c2dc0a\"},{\"content\":\"<strong><em>Mal\u02beakh<\/em>.<\/strong> \u05de\u05b7\u05dc\u05b0\u05d0\u05b8\u05da\u05b0 (<em>mal\u02beakh<\/em>) significa fundamentalmente \u201cmensajero\u201d o \u201cenviado\u201d. Puede utilizarse para mensajeros humanos y celestiales. La traducci\u00f3n tradicional \u201c\u00e1ngel\u201d puede llevar al lector moderno a pensar inmediatamente en una categor\u00eda ontol\u00f3gica, mientras que el hebreo pone inicialmente el \u00e9nfasis sobre la funci\u00f3n: alguien enviado con un mensaje o misi\u00f3n.\",\"id\":\"453188f5-ba81-486b-914f-3f646795a4d2\"},{\"content\":\"Wenham, <em>Genesis 16\u201350<\/em>, comentario a <a href=\\\"https:\/\/biblia.com\/bible\/rvr60\/Ge32.22-32\\\">Gn 32:22\u201332<\/a>; Hamilton, <em>Genesis 18\u201350<\/em>, comentario correspondiente; Nahum M. Sarna, <em>Genesis: The Traditional Hebrew Text with the New JPS Translation<\/em>, JPS Torah Commentary (Philadelphia: Jewish Publication Society, 1989), comentario a <a href=\\\"https:\/\/biblia.com\/bible\/rvr60\/Ge32.25-33\\\">Gn 32:25\u201333<\/a>.\",\"id\":\"5a9dce57-b968-4e58-a8ea-4567c8e69846\"},{\"content\":\"Rashi, <em>Commentary on Genesis<\/em>, comentario a <a href=\\\"https:\/\/biblia.com\/bible\/rvr60\/Ge32.25\\\">Gn 32:25<\/a>, donde recoge la interpretaci\u00f3n del adversario como <strong>\u05e9\u05e8\u05d5 \u05e9\u05dc \u05e2\u05e9\u05d5<\/strong>, \u201cel pr\u00edncipe de Esa\u00fa\u201d. La tradici\u00f3n posee antecedentes rab\u00ednicos y debe distinguirse del significado expl\u00edcitamente formulado por G\u00e9nesis.\",\"id\":\"ccea0761-6e98-44c4-b6d9-b2b4bc41455c\"},{\"content\":\"<strong>El \u201cpr\u00edncipe de Esa\u00fa\u201d.<\/strong> La interpretaci\u00f3n rab\u00ednica del <em>\u015bar shel \u02bfEsav<\/em> presupone una concepci\u00f3n, presente tambi\u00e9n en otros textos jud\u00edos antiguos, seg\u00fan la cual pueblos o naciones pueden estar relacionados con poderes o representantes celestiales. Comp\u00e1rese, dentro del propio texto b\u00edblico, la figura del \u201cpr\u00edncipe del reino de Persia\u201d y el \u201cpr\u00edncipe de Grecia\u201d en <a href=\\\"https:\/\/biblia.com\/bible\/rvr60\/Da10.13\\\">Dn 10:13, 20<\/a>.\",\"id\":\"19da2226-c884-46a0-898f-09aae89b23f9\"},{\"content\":\"Ramban (Moses ben Nahman\/Nachmanides), <em>Commentary on the Torah: Genesis<\/em>, comentario a <a href=\\\"https:\/\/biblia.com\/bible\/rvr60\/Ge32\\\">Gn 32<\/a>, donde desarrolla la dimensi\u00f3n tipol\u00f3gica\/prof\u00e9tica de la lucha de Jacob y su relaci\u00f3n con los futuros sufrimientos de Israel frente a Esa\u00fa\/Edom.\",\"id\":\"b955c58e-3ebd-4500-812f-0a5d136ee816\"},{\"content\":\"<strong><em>G\u014d\u02be\u0113l<\/em>.<\/strong> \u05d2\u05b9\u05bc\u05d0\u05b5\u05dc (<em>g\u014d\u02be\u0113l<\/em>) puede designar al pariente-redentor humano, pero tambi\u00e9n se convierte en una importante denominaci\u00f3n de Yahv\u00e9 como Redentor de Israel. V\u00e9anse <a href=\\\"https:\/\/biblia.com\/bible\/rvr60\/Is41.14\\\">Is 41:14<\/a>, <a href=\\\"https:\/\/biblia.com\/bible\/rvr60\/Is43.14\\\">Is 43:14<\/a>, <a href=\\\"https:\/\/biblia.com\/bible\/rvr60\/Is44.6\\\">Is 44:6<\/a> e <a href=\\\"https:\/\/biblia.com\/bible\/rvr60\/Is49.26\\\">Is 49:26<\/a>. Su aplicaci\u00f3n al \u00c1ngel en G\u00e9nesis 48 no demuestra por s\u00ed sola identidad divina, pero s\u00ed confiere al personaje una funci\u00f3n teol\u00f3gicamente extraordinaria.\",\"id\":\"30b0329f-01bc-4b80-beb3-d340a345f2db\"},{\"content\":\"Hamilton, <em>Genesis 18\u201350<\/em>, comentario a <a href=\\\"https:\/\/biblia.com\/bible\/rvr60\/Ge48.15-16\\\">Gn 48:15\u201316<\/a>. Resulta especialmente importante la relaci\u00f3n entre las cl\u00e1usulas que describen a Dios y al \u00c1ngel dentro de la bendici\u00f3n.\",\"id\":\"3e3a5896-8926-4475-ab87-397c8751f4d8\"},{\"content\":\"Sarna, <em>Genesis<\/em>, comentario a <a href=\\\"https:\/\/biblia.com\/bible\/rvr60\/Ge48.15-16\\\">Gn 48:15\u201316<\/a>. Su tratamiento resulta especialmente \u00fatil para contrastar una lectura jud\u00eda acad\u00e9mica moderna con las posteriores interpretaciones cristol\u00f3gicas del pasaje.\",\"id\":\"f250ef15-b003-4c64-9c04-4ecbaecc88fe\"},{\"content\":\"Rashi, comentario a <a href=\\\"https:\/\/biblia.com\/bible\/rvr60\/Ex3.2\\\">Ex 3:2<\/a>, sobre la expresi\u00f3n \u201cde en medio de la zarza\u201d, siguiendo <em>Midrash Tanchuma, Shemot<\/em> 14. Su formulaci\u00f3n conecta la zarza con <a href=\\\"https:\/\/biblia.com\/bible\/rvr60\/Ps91.15\\\">Sal 91:15<\/a>, \u201ccon \u00e9l estar\u00e9 yo en la angustia\u201d. El comentario puede consultarse en las ediciones tradicionales del <em>Mikraot Gedolot<\/em>. La formulaci\u00f3n est\u00e1 tambi\u00e9n preservada en las ediciones digitales de Sefaria.\",\"id\":\"35f5fb47-47c0-482b-9d62-0c30d10e9425\"},{\"content\":\"<strong>La zarza en la interpretaci\u00f3n rab\u00ednica.<\/strong> Rashi comenta sobre \u201cde en medio de la zarza\u201d que Dios no eligi\u00f3 otro \u00e1rbol debido al principio \u201ccon \u00e9l estoy en la angustia\u201d. La tradici\u00f3n procede de materiales midr\u00e1shicos sobre \u00c9xodo y subraya que la presencia divina acompa\u00f1a a Israel incluso en su humillaci\u00f3n. Esta interpretaci\u00f3n constituye un buen ejemplo de c\u00f3mo la ex\u00e9gesis rab\u00ednica puede interesarse menos por determinar \u201cqu\u00e9 naturaleza tiene el \u00c1ngel\u201d que por explicar por qu\u00e9 la revelaci\u00f3n adopta precisamente esa forma.\",\"id\":\"a6f37606-65a1-4396-acbe-6f18585b26cc\"},{\"content\":\"Abraham Ibn Ezra, comentario a <a href=\\\"https:\/\/biblia.com\/bible\/rvr60\/Ex3.2\\\">Ex 3:2<\/a>. Ibn Ezra interpreta \u05d1\u05b0\u05bc\u05dc\u05b7\u05d1\u05b7\u05bc\u05ea (<em>belabbat<\/em>) en el sentido de \u201cen el coraz\u00f3n\/interior del fuego\u201d y discute la forma gramatical de <em>labbat<\/em>. Esta observaci\u00f3n es filol\u00f3gica y no constituye por s\u00ed misma una posici\u00f3n acerca de la ontolog\u00eda del \u00c1ngel.\",\"id\":\"39bb4294-7e55-491e-a620-ba18922b1c36\"},{\"content\":\"Brevard S. Childs, <em>The Book of Exodus: A Critical, Theological Commentary<\/em>, Old Testament Library (Philadelphia: Westminster Press, 1974), comentario a <a>Ex 3:1\u20136<\/a>. <strong>Par\u00e1frasis interpretativa<\/strong>, no cita textual.\",\"id\":\"f0310a7b-3fe3-4e62-99c6-2927b2c2d2c4\"},{\"content\":\"S. R. Driver, <em>The Book of Exodus<\/em>, Cambridge Bible for Schools and Colleges (Cambridge: Cambridge University Press, 1911), comentario a Ex 3:2, citando a A. B. Davidson, <em>Dictionary of the Bible<\/em>, s.v. \u201cAngel\u201d: \u201cthe mere manifestation creates a distinction between the \u2018angel of Jehovah\u2019 and \u2018Jehovah,\u2019 though the identity remains.\u201d La cita ha sido verificada en el comentario publicado.\",\"id\":\"1e3fb3d4-ccae-401e-9b47-84b1a2369381\"},{\"content\":\"Nahum M. Sarna, <em>Genesis: The Traditional Hebrew Text with the New JPS Translation<\/em>, JPS Torah Commentary (Philadelphia: Jewish Publication Society, 1989), excursus sobre angelolog\u00eda, pp. 383\u2013384. Sarna se\u00f1ala que varios textos b\u00edblicos hacen dif\u00edcil trazar una demarcaci\u00f3n r\u00edgida entre Dios y su \u00e1ngel y considera diversas explicaciones acad\u00e9micas del fen\u00f3meno. Aqu\u00ed su posici\u00f3n ha sido <strong>parafraseada<\/strong>, no presentada como cita textual. La atribuci\u00f3n bibliogr\u00e1fica del excursus y los textos que analiza se encuentra reproducida en discusiones que remiten expresamente a esas p\u00e1ginas.\",\"id\":\"19c74aa8-ff8b-45e0-9285-425c6276f48e\"},{\"content\":\"Aqu\u00ed conviene distinguir dos preguntas diferentes. La primera es literaria: <strong>\u00bfpresenta el narrador al \u00c1ngel y a Yahv\u00e9 en continuidad?<\/strong> En \u00c9xodo 3 la respuesta parece claramente afirmativa. La segunda es ontol\u00f3gica: <strong>\u00bfqu\u00e9 implica esa continuidad acerca de la naturaleza del \u00c1ngel?<\/strong> Esta segunda pregunta admite diferentes respuestas: representaci\u00f3n angelical, teofan\u00eda, manifestaci\u00f3n de la presencia divina o, en la posterior tradici\u00f3n cristiana, cristofan\u00eda. El texto debe analizarse antes de elegir entre esas explicaciones.\",\"id\":\"7954aab4-07cd-4da9-bb4d-bc80ef62549f\"},{\"content\":\"V\u00e9ase la nota de la JPS a <a href=\\\"https:\/\/biblia.com\/bible\/rvr60\/Ex3.4\\\">Ex 3:4<\/a>, que se\u00f1ala que la designaci\u00f3n divina puede referirse al \u00e1ngel \u201cas acting on God\u2019s behalf\u201d y remite a Ibn Ezra. La observaci\u00f3n resulta particularmente \u00fatil porque muestra c\u00f3mo una edici\u00f3n jud\u00eda acad\u00e9mica contempor\u00e1nea puede explicar la transici\u00f3n \u00c1ngel\u2013Dios mediante representaci\u00f3n sin negar la continuidad narrativa.\",\"id\":\"a0dabbb2-152c-4539-aa59-3d784f681a62\"},{\"content\":\"El nombre YHVH identifica al Dios que declara por acci\u00f3n: \u201cestar\u00e9 all\u00ed\u2014para liberarte\u201d, \u201cestar\u00e9 all\u00ed\u2014para revelarme a ti\u201d, \u201cestar\u00e9 all\u00ed\u2014para cuidarte\u201d, \u201cestar\u00e9 all\u00ed\u2014para cumplir mis promesas a los padres\u201d y \u201cestar\u00e9 all\u00ed\u2014para tomarte como mi pueblo del pacto\u201d (Ex. 6:3; 19:4\u20136).<br>En las traducciones al espa\u00f1ol, el nombre personal de Dios se traduce generalmente como Se\u00f1or, y la representaci\u00f3n consistente en la LXX es el griego kyrios.29 En parte, debido a que el Dec\u00e1logo proh\u00edbe usar el nombre de Dios en vano,30 para cuando se tradujo la Septuaginta en el siglo III a.C., los jud\u00edos hab\u00edan desarrollado tal miedo a pronunciar mal el nombre de Dios que dejaron de decirlo en voz alta.31 Para protegerse contra esto, en la lectura oral, sustituyeron a YHVH con eufemismos, como ha-Shem (\u201cel Nombre\u201d) o Adonai (\u2019\u0103d\u014dn\u0101y, \u201cse\u00f1or\u201d), lo que explica por qu\u00e9 los traductores de la LXX lo representaban consistentemente como kyrios (=\u201cse\u00f1or\u201d).32 Esta pr\u00e1ctica se traslad\u00f3 a las citas en el Nuevo Testamento de los textos del Primer Testamento que implican el nombre divino33 y en las traducciones al espa\u00f1ol del nombre como \u201cSe\u00f1or\u201d. Sin embargo, est\u00e1 claro en los nombres teof\u00f3ricos (nombres que incluyen alguna porci\u00f3n de un nombre divino; por ejemplo, Jeremiah [Jerem\u00edas], Jehoshaphat [Josafat]) en la Biblia hebrea y en las cartas de Laquis que el nombre se pronunciaba regularmente con sus vocales hasta despu\u00e9s de la ca\u00edda de Jerusal\u00e9n en 586 a.C.34<br>Mientras los cristianos debaten si el nombre debe pronunciarse en el culto privado o corporativo,35 parece tr\u00e1gico que su pronunciaci\u00f3n se haya perdido. En un notable acto de condescendencia, YHVH se present\u00f3 por su nombre (Ex. 3:15; 34:6\u20137), resaltando as\u00ed la naturaleza personal de la relaci\u00f3n del pacto e invitando a su gente a dirigirse a \u00e9l no solo como un oficial o funcionario celestial sino como su Dios personal.<br>29 Como la pronunciaci\u00f3n del nombre es incierta, reproduzco solo las consonantes tal como est\u00e1n escritas en hebreo. La pronunciaci\u00f3n tradicional que se encuentra en la RVR1960, \u201cJehov\u00e1\u201d (Gen. 22:14; Ex. 6:3; 17:15; Jue. 6:24; Sal. 83:18; Is. 12:2; 26:4), e ir\u00f3nicamente com\u00fan en la m\u00fasica contempor\u00e1nea, es ciertamente err\u00f3nea. Esta es una construcci\u00f3n artificial creada combinando las consonantes de yhvh con las vocales de \u2019\u0103d\u014dn\u0101y.<br>30 Para ellos, \u201cNo tomar\u00e1s el nombre de YHVH en vano\u201d supuestamente significa \u201cNo lo pronunciar\u00e1s mal\u201d o \u201cNo lo pronunciar\u00e1s en un contexto equivocado (fuera del templo)\u201d. Ver la Mishn\u00e1, [m] Tamid 7.2, \u201cEn el santuario uno pronuncia el Nombre tal como est\u00e1 escrito, pero en las provincias, con un eufemismo\u201d. V\u00e9ase tambi\u00e9n Josephus, Jewish Antiquities 2.12.4; entre los Rollos del Mar Muerto, Regla de la Comunidad [1QS] 6.27b\u20137.2a; m. So\u1e6dah 7.6; m. Tamid 7.2; m. Sanedr\u00edn 10.1; m. Berakot 9.5; en el Talmud de babil\u00f3nico, [b] Pesa\u1e25im 50a; b. So\u1e6dah 38b. Quien viole este mandato, Dios le maldecir\u00e1. Cf. L. F. Hartman y S. D. Sperling, \u201cGod, Names of,\u201d en Encyclopaedia Judaica, ed. F. Skolnik, 2da ed. (Farmington Hills, MI: Thomson Gale, 2007), 7:675.<br>31 Compare Lv. 24:16: el hebreo w\u0115n\u014dq\u0113b \u0161\u0113m-yhvh m\u00f4t y\u00fbm\u0101t, traducido por la TANAKH como \u201cEl que tambi\u00e9n pronuncie el nombre Se\u00f1or, ser\u00e1 ejecutado.\u201d<br>32 Sin embargo, algunos manuscritos tempranos de la LXX representan el nombre con el Tetragr\u00e1maton en escritura arcaica o como el griego \u0399\u0391\u03a9 (IA\u014c). Vea Martin R\u00f6sel, \u201cNames of God,\u201d en Encyclopedia of the Dead Sea Scrolls, ed. L. H. Schiffman and J. C. VanderKam (Oxford: Oxford University Press, 2000), 2:600\u2013602.<br>33 Aunque a menudo no se se\u00f1ala en las traducciones al espa\u00f1ol: por poner un ejemplo, Rom. 10:13, \u201cTodo el que invoque el nombre de YHVH ser\u00e1 salvo\u201d.<br>34 Tenga en cuenta todos los nombres que terminan en \u2013iah [en espa\u00f1ol \u2013\u00edas] (presumiblemente de la primera parte del nombre Yahveh) en Nehem\u00edas 10\u201312. Los eruditos insertan convencionalmente e como la vocal entre v y h, por lo tanto, Yahveh. Hasta el d\u00eda de hoy, los jud\u00edos ortodoxos se refieren a YHVH con ha-Shem (ha-\u0160em) o \u201cel Nombre Inefable\u201d. Joel M. Hoffman (In the Beginning: A Short History of the Hebrew Language [New York: New York University Press, 2004], 44\u201347) argumenta que el Tetragr\u00e1maton nunca fue pronunciado; la combinaci\u00f3n de letras m\u00e1gicas ten\u00eda poder simb\u00f3lico.<br>35 Tenga en cuenta la directiva del Vaticano en la carta sobre el culto divino y los sacramentos, Liturgiam Authenticam, \u201cSobre el uso de las lenguas vern\u00e1culas en la publicaci\u00f3n de los libros de la liturgia romana\u201d, del 7 de Mayo, 2001: \u201cDe acuerdo con la tradici\u00f3n inmemorable, que de hecho ya es evidente en la versi\u00f3n \u2018Septuaginta\u2019 antes mencionada, el nombre del Dios Todopoderoso expresado por el Tetragr\u00e1maton hebreo (YHVH) y traducido en lat\u00edn por la palabra Dominus, debe ser traducido en cualquier vern\u00e1culo por una palabra equivalente en significado.\u201d<br>Daniel I. Block, A Dios sea la Gloria: Una Teolog\u00eda B\u00edblica de la Adoraci\u00f3n (Salem, OR: Publicaciones Kerigma, 2018), 40\u201341.\",\"id\":\"6ade37e4-a8fc-42a4-b101-efab73c1b962\"},{\"content\":\"Douglas K. Stuart, <em>Exodus<\/em>, New American Commentary 2 (Nashville: Broadman &amp; Holman, 2006), comentario a <a>Ex 3:1\u20136<\/a>. ---Par\u00e1frasis de su an\u00e1lisis<strong>,<\/strong> no cita textual.\",\"id\":\"7cfdf30e-2d8a-4f8b-b351-5bb9aa636327\"},{\"content\":\"S. R. Driver, <em>The Book of Exodus<\/em>, Cambridge Bible for Schools and Colleges (Cambridge: Cambridge University Press, 1911), comentario a Ex 3:2, citando a A. B. Davidson, <em>Dictionary of the Bible<\/em>, s.v. \u201cAngel\u201d: \u201cthe mere manifestation creates a distinction between the \u2018angel of Jehovah\u2019 and \u2018Jehovah,\u2019 though the identity remains.\u201d La cita ha sido verificada en el comentario publicado.\",\"id\":\"ed2e409b-e1a8-4a3a-a456-14f2abec0644\"},{\"content\":\"La expresi\u00f3n hebrea \u05e9\u05c1\u05de\u05e2 \u05d1\u05e7\u05d5\u05dc (<em>\u0161\u0101ma\u02bf beq\u014dl<\/em>, \u201cescuchar la voz de\u201d) posee frecuentemente sentido obediencial. V\u00e9anse, por ejemplo, <a href=\\\"https:\/\/biblia.com\/bible\/rvr60\/Ge22.18\\\">Gn 22:18<\/a>, <a href=\\\"https:\/\/biblia.com\/bible\/rvr60\/Ex19.5\\\">Ex 19:5<\/a>, <a href=\\\"https:\/\/biblia.com\/bible\/rvr60\/Dt13.4\\\">Dt 13:4<\/a> y <a href=\\\"https:\/\/biblia.com\/bible\/rvr60\/Dt28.1\\\">Dt 28:1<\/a>. En \u00c9xodo 23:21, por tanto, Israel no recibe simplemente la orden de \u201cescuchar\u201d al \u00c1ngel, sino de someterse a la autoridad que representa.\",\"id\":\"8e699b64-6f89-4e81-a2e4-0bdb6bca63a9\"},{\"content\":\"Rashi, <em>Commentary on the Torah<\/em>, comentario a <a href=\\\"https:\/\/biblia.com\/bible\/rvr60\/Ex23.21\\\">Ex 23:21<\/a>. Rashi relaciona la expresi\u00f3n \u201cmi nombre est\u00e1 en \u00e9l\u201d con Metatr\u00f3n y comenta tambi\u00e9n la incapacidad del mensajero para pasar por alto la rebeli\u00f3n fuera de los t\u00e9rminos de su comisi\u00f3n. Debe observarse cuidadosamente que la identificaci\u00f3n con Metatr\u00f3n pertenece a la <strong>historia jud\u00eda de interpretaci\u00f3n<\/strong>, no al significado expl\u00edcito del sustantivo <em>mal\u02beakh<\/em> en \u00c9xodo.\",\"id\":\"979384c7-2765-4d0f-8bd5-36fac5b34c91\"},{\"content\":\"<strong>El \u201cNombre\u201d en la teolog\u00eda b\u00edblica.<\/strong> En el Antiguo Testamento, el nombre de Yahv\u00e9 puede funcionar como expresi\u00f3n de su presencia y autoridad. Dios hace habitar su nombre en el lugar que escoge (<a href=\\\"https:\/\/biblia.com\/bible\/rvr60\/Dt12.5\\\">Dt 12:5<\/a>); el templo es edificado para su nombre (<a href=\\\"https:\/\/biblia.com\/bible\/rvr60\/1Ki8.17-20\\\">1 R 8:17\u201320<\/a>); y Yahv\u00e9 act\u00faa por causa de su nombre (<a href=\\\"https:\/\/biblia.com\/bible\/rvr60\/Eze20.9\\\">Ez 20:9<\/a>). Por ello, la afirmaci\u00f3n \u201cmi nombre est\u00e1 en \u00e9l\u201d debe analizarse dentro de una teolog\u00eda m\u00e1s amplia de la presencia divina y no como si \u201cnombre\u201d significara \u00fanicamente una denominaci\u00f3n.\",\"id\":\"297470a9-30b4-4c49-80b0-b6ef3aa6a271\"},{\"content\":\"Rashbam (Samuel ben Meir), comentario a <a href=\\\"https:\/\/biblia.com\/bible\/rvr60\/Ex23.20-21\\\">Ex 23:20\u201321<\/a>. Su tratamiento debe situarse dentro de la tradici\u00f3n jud\u00eda medieval que comprende al mensajero como representante autorizado de Dios. La utilizaci\u00f3n realizada arriba es una <strong>s\u00edntesis interpretativa<\/strong>, no una cita textual.\",\"id\":\"70a804aa-b611-46e9-8e7a-e5c97768b622\"},{\"content\":\"Nahum M. Sarna, <em>Exodus: The Traditional Hebrew Text with the New JPS Translation<\/em>, JPS Torah Commentary (Philadelphia\/New York: Jewish Publication Society, 1991), comentario a <a href=\\\"https:\/\/biblia.com\/bible\/rvr60\/Ex23.20-23\\\">Ex 23:20\u201323<\/a>. La referencia a Sarna en el cuerpo del texto constituye una <strong>par\u00e1frasis de su explicaci\u00f3n<\/strong>, no una cita literal.\",\"id\":\"d6c166c6-fd66-4784-94d6-dc824273e4e1\"},{\"content\":\"Michael S. Heiser, <em>The Unseen Realm: Recovering the Supernatural Worldview of the Bible<\/em> (Bellingham, WA: Lexham Press, 2015), especialmente su discusi\u00f3n de la teolog\u00eda del \u00c1ngel, el Nombre y las manifestaciones visibles de Yahv\u00e9. V\u00e9ase tambi\u00e9n Michael S. Heiser, \u201cThe Divine Council in Late Canonical and Non-Canonical Second Temple Jewish Literature\u201d, PhD diss., University of Wisconsin\u2013Madison, 2004, para el marco m\u00e1s amplio de su interpretaci\u00f3n de la pluralidad de figuras celestiales dentro del monote\u00edsmo israelita. La exposici\u00f3n anterior es <strong>s\u00edntesis de su propuesta<\/strong>, no cita textual.\",\"id\":\"df4a5f99-af5a-47f3-ba97-43570d69ae57\"},{\"content\":\"Brevard S. Childs, <em>The Book of Exodus: A Critical, Theological Commentary<\/em>, Old Testament Library (Philadelphia: Westminster Press, 1974), comentario a <a href=\\\"https:\/\/biblia.com\/bible\/rvr60\/Ex23.20-33\\\">Ex 23:20\u201333<\/a>. La referencia a Childs en el cuerpo del estudio es <strong>par\u00e1frasis interpretativa<\/strong>.\",\"id\":\"baf1bbd2-01c4-477e-8504-6129476020f4\"},{\"content\":\"<strong>Metatr\u00f3n.<\/strong> Metatr\u00f3n es una figura angelol\u00f3gica prominente en determinados textos rab\u00ednicos y m\u00edsticos jud\u00edos posteriores. No aparece con ese nombre en la Biblia hebrea. Por tanto, identificar al \u00c1ngel de \u00c9xodo 23 directamente con Metatr\u00f3n constituye una <strong>interpretaci\u00f3n posterior<\/strong>, no una conclusi\u00f3n l\u00e9xica del texto de \u00c9xodo. Esta distinci\u00f3n hist\u00f3rica es indispensable para evitar leer categor\u00edas rab\u00ednicas medievales dentro del texto mosaico.\",\"id\":\"07a2b0c0-0595-4c9b-94ff-ea5d940849a4\"},{\"content\":\"Para la importancia del \u201cNombre\u201d como expresi\u00f3n de presencia y autoridad divina, v\u00e9anse tambi\u00e9n los textos deuteron\u00f3micos acerca del lugar donde Yahv\u00e9 hace habitar su nombre: <a href=\\\"https:\/\/biblia.com\/bible\/rvr60\/Dt12.5\\\">Dt 12:5, 11<\/a>, <a href=\\\"https:\/\/biblia.com\/bible\/rvr60\/Dt14.23\\\">Dt 14:23<\/a> y <a href=\\\"https:\/\/biblia.com\/bible\/rvr60\/Dt16.2\\\">Dt 16:2<\/a>. La comparaci\u00f3n debe hacerse con cautela: que el Nombre habite en el santuario y que est\u00e9 \u201cen\u201d el \u00c1ngel son construcciones relacionadas teol\u00f3gicamente, pero no necesariamente id\u00e9nticas.\",\"id\":\"41fab0b2-0559-418e-8c87-9b023d1b54d3\"},{\"content\":\"Brevard S. Childs, <em>The Book of Exodus: A Critical, Theological Commentary<\/em>, Old Testament Library (Philadelphia: Westminster Press, 1974), comentario a <a href=\\\"https:\/\/biblia.com\/bible\/rvr60\/Ex32\\\">Ex 32\u201334<\/a>. Su an\u00e1lisis de la crisis del becerro de oro y la presencia divina ha sido utilizado aqu\u00ed como <strong>par\u00e1frasis interpretativa<\/strong>, no como cita textual.\",\"id\":\"5646bfdc-534c-445e-9097-09fbb3cadf78\"},{\"content\":\"Nahum M. Sarna, <em>Exodus: The Traditional Hebrew Text with the New JPS Translation<\/em>, JPS Torah Commentary (Philadelphia\/New York: Jewish Publication Society, 1991), comentario a <a href=\\\"https:\/\/biblia.com\/bible\/rvr60\/Ex33.1-17\\\">Ex 33:1\u201317<\/a>. Sarna pone de relieve la gravedad que supone para Israel continuar sin la presencia inmediata de Dios. La formulaci\u00f3n empleada arriba constituye <strong>s\u00edntesis de su an\u00e1lisis<\/strong>.\",\"id\":\"d0ceb7a5-28e7-4c1a-a143-bd8f80b9d96f\"},{\"content\":\"<strong>\u00bfUn mismo \u00c1ngel?<\/strong> Las expresiones de <a href=\\\"https:\/\/biblia.com\/bible\/rvr60\/Ex23.20\\\">Ex 23:20<\/a>, <a href=\\\"https:\/\/biblia.com\/bible\/rvr60\/Ex32.34\\\">Ex 32:34<\/a> y <a href=\\\"https:\/\/biblia.com\/bible\/rvr60\/Ex33.2\\\">Ex 33:2<\/a> son suficientemente semejantes para justificar una comparaci\u00f3n, pero no prueban por s\u00ed mismas identidad absoluta de referente. El contexto de \u00c9xodo 33 introduce precisamente una tensi\u00f3n entre la mediaci\u00f3n angelical y la presencia personal de Yahv\u00e9 que debe preservarse.\",\"id\":\"82e1ea7f-9e1d-4faf-b47a-7b380da1ef55\"},{\"content\":\"Rashi, <em>Commentary on the Torah<\/em>, comentario a <a href=\\\"https:\/\/biblia.com\/bible\/rvr60\/Ex33.3\\\">Ex 33:3<\/a>. Rashi interpreta la sustituci\u00f3n de la presencia inmediata por mediaci\u00f3n angelical dentro de las consecuencias del pecado de Israel. Debe distinguirse esta interpretaci\u00f3n de su comentario anterior al \u00c1ngel de <a href=\\\"https:\/\/biblia.com\/bible\/rvr60\/Ex23.21\\\">Ex 23:21<\/a>.\",\"id\":\"4694edd9-406e-4bf2-bd3f-94353df8dbdd\"},{\"content\":\"<strong>La pol\u00e9mica contra \u201cdos poderes\u201d.<\/strong> La literatura rab\u00ednica posterior muestra una notable sensibilidad ante cualquier interpretaci\u00f3n que pareciera convertir a una figura celestial exaltada en una segunda autoridad divina. El famoso episodio talm\u00fadico relacionado con Elisha ben Abuyah (\u201cA\u1e25er\u201d) y Metatr\u00f3n en <em>b. \u1e24agigah<\/em> 15a ser\u00e1 especialmente importante cuando estudiemos la historia jud\u00eda del motivo de los \u201cdos poderes en el cielo\u201d. All\u00ed la exaltaci\u00f3n de Metatr\u00f3n debe ser cuidadosamente limitada para preservar la unicidad absoluta de Dios.\",\"id\":\"b7967225-b4f9-4988-aeed-137976e1048e\"},{\"content\":\"<strong>\u201cCara a cara\u201d.<\/strong> La expresi\u00f3n hebrea <em>p\u0101n\u00eem \u02beel-p\u0101n\u00eem<\/em> puede expresar una relaci\u00f3n directa e inmediata sin implicar necesariamente visi\u00f3n exhaustiva de la naturaleza divina. <a href=\\\"https:\/\/biblia.com\/bible\/rvr60\/Dt34.10\\\">Dt 34:10<\/a> utiliza lenguaje semejante al afirmar que Yahv\u00e9 conoci\u00f3 a Mois\u00e9s \u201ccara a cara\u201d.\",\"id\":\"10ff6c0b-8310-49c7-a22a-10275398be65\"},{\"content\":\"William H. C. Propp, <em>Exodus 19\u201340: A New Translation with Introduction and Commentary<\/em>, Anchor Bible 2A (New York: Doubleday, 2006), comentario a <a href=\\\"https:\/\/biblia.com\/bible\/rvr60\/Ex32\\\">Ex 32\u201334<\/a>. La referencia realizada en el cuerpo del texto es <strong>par\u00e1frasis<\/strong>, particularmente de su discusi\u00f3n acerca de la presencia, la mediaci\u00f3n y las diferentes formas de acompa\u00f1amiento divino.\",\"id\":\"1740a99b-a11d-4d4c-a74e-62c89ae06c92\"},{\"content\":\"Michael S. Heiser, <em>The Unseen Realm: Recovering the Supernatural Worldview of the Bible<\/em> (Bellingham, WA: Lexham Press, 2015), especialmente su tratamiento de las manifestaciones visibles de Yahv\u00e9, el \u00c1ngel del Nombre y la teolog\u00eda de la presencia. Se utiliza aqu\u00ed como <strong>modelo interpretativo sintetizado<\/strong>, no como cita literal.\",\"id\":\"92aca5bf-0f00-4470-aa4a-5b7a7ac6d7cc\"},{\"content\":\"<strong><em>Shekhinah<\/em>.<\/strong> \u05e9\u05b0\u05c1\u05db\u05b4\u05d9\u05e0\u05b8\u05d4 (<em>Shekhinah<\/em>) es un t\u00e9rmino rab\u00ednico derivado de la ra\u00edz \u05e9\u05c1\u05db\u05df (<em>\u0161kn<\/em>, \u201chabitar\u201d). El sustantivo no aparece como tal en la Biblia hebrea, aunque procede del lenguaje b\u00edblico de la morada divina. En la literatura rab\u00ednica designa la presencia de Dios que habita o se manifiesta entre su pueblo. Debe evitarse proyectar el t\u00e9rmino t\u00e9cnico posterior directamente sobre todos los textos del Pentateuco, aunque puede resultar \u00fatil para estudiar su recepci\u00f3n jud\u00eda.\",\"id\":\"0ebef10a-0015-4212-bf46-5d89648e77ed\"},{\"content\":\"Sobre <a href=\\\"https:\/\/biblia.com\/bible\/rvr60\/Is63.9\\\">Isa\u00edas 63:9<\/a>, v\u00e9anse Joseph Blenkinsopp, <em>Isaiah 56\u201366<\/em>, Anchor Bible 19B (New York: Doubleday, 2003), comentario al pasaje; John N. Oswalt, <em>The Book of Isaiah, Chapters 40\u201366<\/em>, NICOT (Grand Rapids: Eerdmans, 1998), comentario a Isa\u00edas 63:7\u201314; y las discusiones textuales de las versiones antiguas. Cualquier utilizaci\u00f3n de formulaciones espec\u00edficas de estos autores deber\u00e1 distinguirse entre cita textual y par\u00e1frasis.\",\"id\":\"b6b7c7e7-b010-45e0-bcbf-71184f5a4efb\"},{\"content\":\"<strong>Isa\u00edas 63:9 y la cr\u00edtica textual.<\/strong> Isa\u00edas 63:9 presenta una conocida dificultad textual. El Texto Masor\u00e9tico y algunas versiones antiguas reflejan diferencias en la primera cl\u00e1usula (\u201cen toda su angustia, \u00e9l fue angustiado\u201d \/ \u201cno fue mensajero ni \u00e1ngel...\u201d, seg\u00fan ciertas lecturas antiguas). La expresi\u00f3n \u201c\u00c1ngel de su presencia\u201d pertenece, no obstante, al Texto Masor\u00e9tico de la continuaci\u00f3n y resulta fundamental para la posterior interpretaci\u00f3n jud\u00eda y cristiana del pasaje. Un an\u00e1lisis detallado deber\u00e1 considerar tambi\u00e9n la Septuaginta.\",\"id\":\"38285a70-cb6f-4d18-9bf2-a2b7849d9caa\"},{\"content\":\"<strong>El profeta y el \u00c1ngel como contraste literario.<\/strong> La proximidad entre <a href=\\\"https:\/\/biblia.com\/bible\/rvr60\/Jdg6.8\\\">Jueces 6:8<\/a> y <a href=\\\"https:\/\/biblia.com\/bible\/rvr60\/Jdg6.11-24\\\">Jueces 6:11\u201324<\/a> proporciona un importante control exeg\u00e9tico. El profeta humano utiliza una f\u00f3rmula expl\u00edcita de transmisi\u00f3n \u2014\u201cas\u00ed ha dicho Yahv\u00e9\u201d\u2014; el \u00c1ngel de Yahv\u00e9 no mantiene consistentemente esa distancia. Esto no demuestra por s\u00ed mismo naturaleza divina, pero hace dif\u00edcil explicar todo el fen\u00f3meno simplemente diciendo que \u201ctodos los mensajeros hablaban as\u00ed\u201d.\",\"id\":\"a1cdb156-d65e-491c-bb7d-90e40bdd5ce2\"},{\"content\":\"Daniel I. Block, <em>Judges, Ruth<\/em>, New American Commentary 6 (Nashville: Broadman &amp; Holman, 1999), comentario a <a href=\\\"https:\/\/biblia.com\/bible\/rvr60\/Jdg6.11-24\\\">Jue 6:11\u201324<\/a>. Su tratamiento de la alternancia entre el \u00c1ngel de Yahv\u00e9 y Yahv\u00e9 y de la progresiva comprensi\u00f3n de Gede\u00f3n ha sido utilizado como <strong>par\u00e1frasis interpretativa<\/strong>, no como cita textual.\",\"id\":\"e41485d6-b5fe-4e2c-9f83-db07e92ed0ee\"},{\"content\":\"Barry G. Webb, <em>The Book of Judges<\/em>, New International Commentary on the Old Testament (Grand Rapids: Eerdmans, 2012), comentario a <a href=\\\"https:\/\/biblia.com\/bible\/rvr60\/Jdg6.11-24\\\">Jue 6:11\u201324<\/a>. La referencia en el cuerpo del estudio sintetiza su an\u00e1lisis narrativo del encuentro y no se presenta como cita literal.\",\"id\":\"cf263c1c-b041-49c3-9b07-5fd71decee3e\"},{\"content\":\"<strong><em>\u02beEhyeh \u02bfimm\u0101k<\/em>.<\/strong> La f\u00f3rmula \u201cestar\u00e9 contigo\u201d constituye una de las expresiones centrales de comisi\u00f3n divina en el Antiguo Testamento. La misma ra\u00edz \u05d4\u05d9\u05d4 (<em>hyh<\/em>) utilizada en <a href=\\\"https:\/\/biblia.com\/bible\/rvr60\/Ex3.12\\\">Ex 3:12<\/a> est\u00e1 relacionada con la famosa declaraci\u00f3n <em>\u02beEhyeh \u02be\u0103\u0161er \u02beehyeh<\/em> de <a href=\\\"https:\/\/biblia.com\/bible\/rvr60\/Ex3.14\\\">Ex 3:14<\/a>. En Jueces 6, la presencia de Yahv\u00e9 vuelve a ser la garant\u00eda fundamental de la misi\u00f3n.\",\"id\":\"acbe8880-59a6-488d-8714-bfbe9cc1f5b7\"},{\"content\":\"Rashi, <em>Commentary on Judges<\/em>, comentarios a <a href=\\\"https:\/\/biblia.com\/bible\/rvr60\/Jdg6\\\">Jueces 6<\/a>. Sus explicaciones parten del marco rab\u00ednico tradicional de la misi\u00f3n angelical y prestan especial atenci\u00f3n al m\u00e9rito de Gede\u00f3n y al contexto de la liberaci\u00f3n de Israel. Cuando se utilicen formulaciones literales de Rashi deber\u00e1n citarse posteriormente conforme al texto exacto de la edici\u00f3n hebrea empleada.\",\"id\":\"bae36290-c5cd-45f8-a9f9-cd48cbe35809\"},{\"content\":\"<strong><em>Min\u1e25\u0101h<\/em>.<\/strong> \u05de\u05b4\u05e0\u05b0\u05d7\u05b8\u05d4 (<em>min\u1e25\u0101h<\/em>) puede significar tanto \u201cregalo\u201d como \u201cofrenda\u201d. En G\u00e9nesis puede referirse a un presente ofrecido a una persona (<a href=\\\"https:\/\/biblia.com\/bible\/rvr60\/Ge32.13\\\">Gn 32:13<\/a>); en Lev\u00edtico se convierte en t\u00e9rmino t\u00e9cnico para la ofrenda vegetal (<a href=\\\"https:\/\/biblia.com\/bible\/rvr60\/Le2.1\\\">Lev 2:1<\/a>). El contexto de Jueces 6 comienza siendo ambiguo, pero la consumici\u00f3n sobrenatural por fuego imprime finalmente a la escena una fuerte dimensi\u00f3n cultual.\",\"id\":\"80722564-bcb4-4c61-9d0d-26021d64b915\"},{\"content\":\"Block, <em>Judges, Ruth<\/em>, comentario a <a href=\\\"https:\/\/biblia.com\/bible\/rvr60\/Jdg6.22-24\\\">Jue 6:22\u201324<\/a>. La explicaci\u00f3n acerca del temor de Gede\u00f3n como reacci\u00f3n ante una teofan\u00eda se utiliza aqu\u00ed como <strong>s\u00edntesis<\/strong>, no como cita textual.\",\"id\":\"5221bf66-2593-49e4-803f-a8088e021b14\"},{\"content\":\"Robert G. Boling, <em>Judges: Introduction, Translation, and Commentary<\/em>, Anchor Bible 6A (Garden City, NY: Doubleday, 1975), comentario a <a href=\\\"https:\/\/biblia.com\/bible\/rvr60\/Jdg6.11-24\\\">Jue 6:11\u201324<\/a>. Su aproximaci\u00f3n hist\u00f3rico-cr\u00edtica resulta \u00fatil para contrastar las explicaciones teof\u00e1nicas con propuestas que analizan la formaci\u00f3n literaria del relato.\",\"id\":\"1bd4221a-8d4f-46a4-a1b4-df9a642f2347\"},{\"content\":\"Daniel I. Block, <em>Judges, Ruth<\/em>, New American Commentary 6 (Nashville: Broadman &amp; Holman, 1999), comentario a <a href=\\\"https:\/\/biblia.com\/bible\/rvr60\/Jdg13.2-25\\\">Jue 13:2\u201325<\/a>. La referencia al car\u00e1cter divinamente iniciado de la misi\u00f3n de Sans\u00f3n constituye una <strong>s\u00edntesis de su exposici\u00f3n<\/strong>, no cita textual.\",\"id\":\"67aeb94b-bf25-4d7c-a63a-183c972030d4\"},{\"content\":\"<strong>\u201cVar\u00f3n de Dios\u201d.<\/strong> \u05d0\u05b4\u05d9\u05e9\u05c1 \u05d4\u05b8\u05d0\u05b1\u05dc\u05b9\u05d4\u05b4\u05d9\u05dd (<em>\u02be\u00ee\u0161 h\u0101\u02be\u0115l\u014dh\u00eem<\/em>) es una designaci\u00f3n utilizada normalmente para profetas o personajes humanos relacionados especialmente con Dios; v\u00e9anse <a href=\\\"https:\/\/biblia.com\/bible\/rvr60\/1Sa9.6\\\">1 S 9:6<\/a>, <a href=\\\"https:\/\/biblia.com\/bible\/rvr60\/1Ki13.1\\\">1 R 13:1<\/a> y <a href=\\\"https:\/\/biblia.com\/bible\/rvr60\/2Ki4.9\\\">2 R 4:9<\/a>. En Jueces 13, la esposa de Manoa utiliza inicialmente esta categor\u00eda porque todav\u00eda no conoce completamente la identidad del visitante. El narrador, en cambio, ya ha informado al lector de que se trata del \u00c1ngel de Yahv\u00e9.\",\"id\":\"f4512b61-c524-4bd5-a0c2-36c45d017f8e\"},{\"content\":\"<strong>Holocausto.<\/strong> \u05e2\u05b9\u05dc\u05b8\u05d4 (<em>\u02bf\u014dl\u0101h<\/em>) designa la ofrenda quemada que asciende completamente en humo ante Dios. A diferencia de ciertas ofrendas compartidas en banquete, el holocausto pertenece enteramente a Yahv\u00e9. Por ello, la instrucci\u00f3n del \u00c1ngel \u201cofr\u00e9celo a Yahv\u00e9\u201d posee una clara importancia cultual.\",\"id\":\"c5015ec4-51cd-4284-a58b-ea66d928e719\"},{\"content\":\"Block, <em>Judges, Ruth<\/em>, comentario a <a href=\\\"https:\/\/biblia.com\/bible\/rvr60\/Jdg13.15-16\\\">Jue 13:15\u201316<\/a>. Su tratamiento resulta especialmente \u00fatil para preservar la orientaci\u00f3n del sacrificio hacia Yahv\u00e9. La formulaci\u00f3n anterior es <strong>par\u00e1frasis interpretativa<\/strong>.\",\"id\":\"1b7bc0a7-c960-4ecb-b190-4caf83a25e89\"},{\"content\":\"<strong><em>Pel\u00ee\u02be<\/em> y \u05e4\u05dc\u05d0.<\/strong> La ra\u00edz \u05e4\u05dc\u05d0 (<em>pl\u02be<\/em>) puede designar aquello que resulta maravilloso, extraordinario o m\u00e1s all\u00e1 de la comprensi\u00f3n humana. Aparece frecuentemente asociada con las \u201cmaravillas\u201d realizadas por Yahv\u00e9; v\u00e9anse <a href=\\\"https:\/\/biblia.com\/bible\/rvr60\/Ex15.11\\\">Ex 15:11<\/a>, <a href=\\\"https:\/\/biblia.com\/bible\/rvr60\/Ps77.14\\\">Sal 77:14<\/a> e <a href=\\\"https:\/\/biblia.com\/bible\/rvr60\/Is29.14\\\">Is 29:14<\/a>. Su utilizaci\u00f3n en Jueces 13:18 confiere al nombre del \u00c1ngel un car\u00e1cter excepcional.\",\"id\":\"9eaf5b47-7d92-46eb-9fe1-bdf04673f425\"},{\"content\":\"Barry G. Webb, <em>The Book of Judges<\/em>, New International Commentary on the Old Testament (Grand Rapids: Eerdmans, 2012), comentario a <a href=\\\"https:\/\/biblia.com\/bible\/rvr60\/Jdg13.2-25\\\">Jue 13:2\u201325<\/a>. Webb presta especial atenci\u00f3n a la revelaci\u00f3n progresiva de la identidad del visitante y a la iron\u00eda narrativa del relato. Se utiliza aqu\u00ed como <strong>s\u00edntesis<\/strong>, no como cita textual.\",\"id\":\"0bd9d3c7-6772-4f96-bf56-e329be0a7631\"},{\"content\":\"Rashi, <em>Commentary on Judges<\/em>, comentario a <a href=\\\"https:\/\/biblia.com\/bible\/rvr60\/Jdg13.18\\\">Jue 13:18<\/a>. Su interpretaci\u00f3n del nombre \u201cmaravilloso\u201d debe situarse dentro de la angelolog\u00eda rab\u00ednica y no como afirmaci\u00f3n de identidad divina. Cuando se incorpore una cita literal de Rashi ser\u00e1 necesario reproducir el texto hebreo exacto de la edici\u00f3n utilizada.\",\"id\":\"479053f9-74f7-414e-9a25-fe4847390b8e\"},{\"content\":\"La proximidad entre \u05e4\u05b6\u05bc\u05dc\u05b4\u05d0\u05d9 (<em>pel\u00ee\u02be<\/em>, v. 18) y \u05de\u05b7\u05e4\u05b0\u05dc\u05b4\u05d0 (<em>mapli\u02be<\/em>, v. 19) dif\u00edcilmente parece accidental. La narrativa responde a la pregunta \u201c\u00bfcu\u00e1l es tu nombre?\u201d no proporcionando un nombre propio convencional, sino mostrando una acci\u00f3n que corresponde al car\u00e1cter \u201cmaravilloso\u201d de esa identidad.\",\"id\":\"13bac881-50bc-412b-b094-47e310447dfc\"},{\"content\":\"Block, <em>Judges, Ruth<\/em>, comentario a <a href=\\\"https:\/\/biblia.com\/bible\/rvr60\/Jdg13.22-23\\\">Jue 13:22\u201323<\/a>. La observaci\u00f3n acerca del mayor discernimiento teol\u00f3gico de la esposa de Manoa ha sido utilizada como <strong>par\u00e1frasis de su an\u00e1lisis<\/strong>.\",\"id\":\"ab5e948c-2f8b-4222-b594-a33cbe69544f\"},{\"content\":\"Robert G. Boling, <em>Judges: Introduction, Translation, and Commentary<\/em>, Anchor Bible 6A (Garden City, NY: Doubleday, 1975), comentario a Jueces 13. Su aproximaci\u00f3n hist\u00f3rico-cr\u00edtica resulta \u00fatil para estudiar la estructura y formaci\u00f3n del relato, aunque no coincide necesariamente con interpretaciones teof\u00e1nicas tradicionales.\",\"id\":\"1f67eee0-0983-4386-82e7-4f1ec3909e43\"},{\"content\":\"<strong>\u201cYahv\u00e9 de los ej\u00e9rcitos\u201d.<\/strong> \u05d9\u05b0\u05d4\u05d5\u05b8\u05d4 \u05e6\u05b0\u05d1\u05b8\u05d0\u05d5\u05b9\u05ea (<em>YHWH \u1e63\u0115b\u0101\u02be\u00f4t<\/em>) puede traducirse \u201cYahv\u00e9 de los ej\u00e9rcitos\u201d. El t\u00edtulo adquiere especial prominencia en la literatura prof\u00e9tica y postex\u00edlica y presenta a Yahv\u00e9 como soberano de las huestes celestiales y, por extensi\u00f3n, del orden c\u00f3smico e hist\u00f3rico.\",\"id\":\"790a4842-2bc2-4b28-bfb2-94dcbac6c473\"},{\"content\":\"Mark J. Boda, <em>The Book of Zechariah<\/em>, New International Commentary on the Old Testament (Grand Rapids: Eerdmans, 2016), comentario a <a href=\\\"https:\/\/biblia.com\/bible\/rvr60\/Zec1.7-17\\\">Zac 1:7\u201317<\/a>. La referencia al papel intercesor del \u00c1ngel constituye una <strong>s\u00edntesis de su an\u00e1lisis<\/strong>, no cita textual.\",\"id\":\"8e208a2e-4240-496d-84b0-2a6c53106cd8\"},{\"content\":\"Carol L. Meyers y Eric M. Meyers, <em>Haggai, Zechariah 1\u20138: A New Translation with Introduction and Commentary<\/em>, Anchor Bible 25B (Garden City, NY: Doubleday, 1987), comentarios a <a href=\\\"https:\/\/biblia.com\/bible\/rvr60\/Zec1.7-17\\\">Zac 1:7\u201317<\/a> y <a href=\\\"https:\/\/biblia.com\/bible\/rvr60\/Zec3\\\">Zac 3<\/a>. Su tratamiento contextualiza las visiones dentro de la restauraci\u00f3n persa y el desarrollo de la comunidad postex\u00edlica. Las formulaciones utilizadas arriba son <strong>par\u00e1frasis<\/strong>.\",\"id\":\"aa4e5e50-75d8-4930-9a9b-55e5d29b2072\"},{\"content\":\"<strong>\u00c1ngel int\u00e9rprete.<\/strong> En literatura prof\u00e9tica visionaria, especialmente Zacar\u00edas y Daniel, aparece con frecuencia un \u00e1ngel que explica al profeta el significado de la visi\u00f3n. Esta figura no debe identificarse autom\u00e1ticamente con el <em>mal\u02beakh YHWH<\/em>. La distinci\u00f3n de personajes celestiales constituye una caracter\u00edstica importante del desarrollo angelol\u00f3gico postex\u00edlico.\",\"id\":\"b3e4382e-a544-486a-a57b-98cd4a8774d0\"},{\"content\":\"Rashi, <em>Commentary on Zechariah<\/em>, comentario a <a href=\\\"https:\/\/biblia.com\/bible\/rvr60\/Zec1.12\\\">Zac 1:12<\/a>. Rashi entiende la intervenci\u00f3n del \u00c1ngel como intercesi\u00f3n por Jerusal\u00e9n al t\u00e9rmino del per\u00edodo de ira. La referencia en el cuerpo corresponde a <strong>s\u00edntesis de su interpretaci\u00f3n<\/strong>.\",\"id\":\"ec3014c5-955c-4f17-ab8a-3e0a041a0e92\"},{\"content\":\"<strong><em>Ha\u015b\u015b\u0101\u1e6d\u0101n<\/em>.<\/strong> \u05e9\u05b8\u05c2\u05d8\u05b8\u05df (<em>\u015b\u0101\u1e6d\u0101n<\/em>) significa \u201cadversario\u201d o \u201cacusador\u201d. Con art\u00edculo, \u05d4\u05b7\u05e9\u05b8\u05bc\u05c2\u05d8\u05b8\u05df (<em>ha\u015b\u015b\u0101\u1e6d\u0101n<\/em>), puede funcionar como t\u00edtulo o funci\u00f3n dentro de una corte celestial. Una estructura semejante aparece en <a href=\\\"https:\/\/biblia.com\/bible\/rvr60\/Job1.6-12\\\">Job 1:6\u201312<\/a>. La identificaci\u00f3n completa con la figura demonol\u00f3gica posterior requiere un an\u00e1lisis hist\u00f3rico m\u00e1s amplio.\",\"id\":\"0c0cd90b-0026-4fe0-9045-a1a8bb84a077\"},{\"content\":\"David L. Petersen, <em>Haggai and Zechariah 1\u20138: A Commentary<\/em>, Old Testament Library (Philadelphia: Westminster Press, 1984), especialmente sus comentarios a <a href=\\\"https:\/\/biblia.com\/bible\/rvr60\/Zec1\\\">Zac 1<\/a> y <a href=\\\"https:\/\/biblia.com\/bible\/rvr60\/Zec3\\\">Zac 3<\/a>. Su an\u00e1lisis de los agentes visionarios y de la estructura celestial se utiliza como <strong>par\u00e1frasis interpretativa<\/strong>.\",\"id\":\"e53fc24c-4cfc-4b6b-b4a2-fd51507c40d5\"},{\"content\":\"Boda, <em>The Book of Zechariah<\/em>, comentario a <a href=\\\"https:\/\/biblia.com\/bible\/rvr60\/Zec3.1-10\\\">Zac 3:1\u201310<\/a>. La explicaci\u00f3n de la purificaci\u00f3n de Josu\u00e9 en relaci\u00f3n con la restauraci\u00f3n sacerdotal y comunitaria constituye <strong>s\u00edntesis<\/strong>, no cita textual.\",\"id\":\"04a985ad-c22a-4007-9e40-2db63ab9e118\"},{\"content\":\"<strong><em>K\u014dh \u02be\u0101mar YHWH<\/em>.<\/strong> La f\u00f3rmula \u201cAs\u00ed dice Yahv\u00e9\u201d es t\u00edpica del discurso prof\u00e9tico y establece expl\u00edcitamente una distinci\u00f3n entre el portavoz y la fuente divina del mensaje. Su aparici\u00f3n en boca del \u00c1ngel en Zacar\u00edas 3 proporciona uno de los ejemplos m\u00e1s claros del \u00c1ngel actuando como mensajero en sentido estricto.\",\"id\":\"6c31207c-1089-4ef1-b944-e79d29a1d05a\"},{\"content\":\"Rashi, <em>Commentary on Zechariah<\/em>, comentario a <a href=\\\"https:\/\/biblia.com\/bible\/rvr60\/Zec3.1-5\\\">Zac 3:1\u20135<\/a>. Su lectura se concentra en la acusaci\u00f3n contra Josu\u00e9, la situaci\u00f3n de sus hijos y la restauraci\u00f3n del sacerdocio. La formulaci\u00f3n anterior es <strong>par\u00e1frasis<\/strong>.\",\"id\":\"dbccc9a2-3640-4154-a1b3-482ebf54e532\"},{\"content\":\"Sobre \u05d4\u05b7\u05e9\u05b8\u05bc\u05c2\u05d8\u05b8\u05df (<em>ha\u015b\u015b\u0101\u1e6d\u0101n<\/em>) como \u201cel acusador\u201d, v\u00e9anse Ludwig Koehler, Walter Baumgartner y Johann Jakob Stamm, <em>The Hebrew and Aramaic Lexicon of the Old Testament<\/em> (HALOT), s.v. \u05e9\u05c2\u05d8\u05df; y el paralelo narrativo de <a href=\\\"https:\/\/biblia.com\/bible\/rvr60\/Job1\\\">Job 1\u20132<\/a>.\",\"id\":\"f5776e3b-b096-46bd-b11f-e32c5b3689d3\"},{\"content\":\"Para \u05e6\u05b6\u05de\u05b7\u05d7 (<em>\u1e63ema\u1e25<\/em>, \u201cRenuevo\u201d), v\u00e9anse <a href=\\\"https:\/\/biblia.com\/bible\/rvr60\/Je23.5\\\">Jer 23:5<\/a>, <a href=\\\"https:\/\/biblia.com\/bible\/rvr60\/Je33.15\\\">Jer 33:15<\/a>, <a href=\\\"https:\/\/biblia.com\/bible\/rvr60\/Zec3.8\\\">Zac 3:8<\/a> y <a href=\\\"https:\/\/biblia.com\/bible\/rvr60\/Zec6.12\\\">Zac 6:12<\/a>. La relaci\u00f3n entre estas tradiciones ser\u00e1 relevante posteriormente para estudiar la recepci\u00f3n mesi\u00e1nica del libro\",\"id\":\"f6eb46aa-166a-4beb-80b1-4b8913c71e6c\"},{\"content\":\"A. Henry Sawtelle, \u201cThe Angel of Jehovah\u201d, <em>Bibliotheca Sacra<\/em> 16, n.\u00ba 64 (1859): 805\u2013835. Su estudio representa una defensa extensa de la interpretaci\u00f3n teof\u00e1nica\/cristol\u00f3gica. Su valor en esta secci\u00f3n reside especialmente en el car\u00e1cter <strong>acumulativo<\/strong> de su argumentaci\u00f3n. Las formulaciones anteriores constituyen s\u00edntesis de su enfoque y no citas textuales.\",\"id\":\"57e94140-ea97-48e8-a6d8-a95fb242a510\"},{\"content\":\"<strong>Argumento acumulativo.<\/strong> Un argumento acumulativo no sostiene que una sola caracter\u00edstica \u2014por ejemplo, hablar en primera persona\u2014 demuestre identidad divina. Pregunta qu\u00e9 explicaci\u00f3n posee mayor capacidad para dar cuenta simult\u00e1neamente de varias caracter\u00edsticas repetidas en diferentes textos.\",\"id\":\"a6dce9dd-de3c-4d82-8565-c502fdcf6999\"},{\"content\":\"V\u00e9anse, entre otros, Brevard S. Childs, <em>The Book of Exodus: A Critical, Theological Commentary<\/em> (Philadelphia: Westminster Press, 1974); Gordon J. Wenham, <em>Genesis 16\u201350<\/em>, Word Biblical Commentary 2 (Dallas: Word Books, 1994); y Daniel I. Block, <em>Judges, Ruth<\/em>, New American Commentary 6 (Nashville: Broadman &amp; Holman, 1999). Estos autores difieren considerablemente en metodolog\u00eda y conclusiones; se los cita aqu\u00ed \u00fanicamente como representantes del reconocimiento exeg\u00e9tico de la compleja relaci\u00f3n narrativa entre el \u00c1ngel y Yahv\u00e9.\",\"id\":\"45fc6528-a65f-4982-91bd-ad7b22951139\"},{\"content\":\"<strong>Distinci\u00f3n no equivale necesariamente a separaci\u00f3n ontol\u00f3gica.<\/strong> Que el \u00c1ngel hable a Yahv\u00e9 demuestra distinci\u00f3n de interlocutores dentro de la escena. Determinar si dicha distinci\u00f3n es la de criatura\/Creador, manifestaci\u00f3n\/Fuente o personas dentro de una identidad divina compleja pertenece a un segundo nivel de interpretaci\u00f3n.\",\"id\":\"9f1e5f9e-2100-4fcb-ba53-83a9236731f6\"},{\"content\":\"Michael S. Heiser, <em>The Unseen Realm: Recovering the Supernatural Worldview of the Bible<\/em> (Bellingham, WA: Lexham Press, 2015). Su modelo de una identidad divina compleja y de una manifestaci\u00f3n visible de Yahv\u00e9 constituye una de las propuestas contempor\u00e1neas que intentan integrar <a href=\\\"https:\/\/biblia.com\/bible\/rvr60\/Ge31.11-13\\\">Gn 31:11\u201313<\/a>, <a href=\\\"https:\/\/biblia.com\/bible\/rvr60\/Ex3.2-6\\\">Ex 3:2\u20136<\/a>, <a href=\\\"https:\/\/biblia.com\/bible\/rvr60\/Ex23.20-21\\\">Ex 23:20\u201321<\/a> y otros textos relacionados. La exposici\u00f3n es <strong>par\u00e1frasis de su propuesta<\/strong>, no cita textual.\",\"id\":\"a8c5e07e-fd81-40fe-9f7b-461040c96998\"},{\"content\":\"Claus Westermann, <em>Genesis 12\u201336: A Commentary<\/em> (Minneapolis: Augsburg, 1985); Gerhard von Rad, <em>Genesis: A Commentary<\/em>, rev. ed., Old Testament Library (Philadelphia: Westminster Press, 1972). Ambos representan aproximaciones hist\u00f3rico-cr\u00edticas influyentes a las tradiciones patriarcales. Debe evitarse atribuirles frases entre comillas sin comprobar la edici\u00f3n exacta; aqu\u00ed se los menciona \u00fanicamente como parte de la historia de la explicaci\u00f3n diacr\u00f3nica de las teofan\u00edas.\",\"id\":\"44d23e85-8b1c-4efb-8c74-3848132537f4\"},{\"content\":\"<strong>Diacron\u00eda y sincron\u00eda.<\/strong> El an\u00e1lisis <strong>diacr\u00f3nico<\/strong> pregunta c\u00f3mo un texto pudo desarrollarse hist\u00f3ricamente: fuentes, redacciones, tradiciones anteriores. El an\u00e1lisis <strong>sincr\u00f3nico<\/strong> pregunta c\u00f3mo funciona la forma final que poseemos. Ambos m\u00e9todos pueden complementarse. Que un cambio \u00c1ngel\/Yahv\u00e9 tenga una posible historia redaccional no elimina la necesidad de explicar qu\u00e9 significa esa alternancia dentro del texto can\u00f3nico final.\",\"id\":\"c6f229c2-379d-44b3-97df-469b417dbbfb\"},{\"content\":\"Para la interpretaci\u00f3n jud\u00eda mediante representaci\u00f3n, deben consultarse los comentarios de <strong>Rashi, Ibn Ezra, Rashbam y Ramban<\/strong> en los pasajes espec\u00edficos estudiados anteriormente. La tradici\u00f3n no constituye una teor\u00eda uniforme de \u201cagencia\u201d, pero ofrece repetidamente explicaciones en las que la palabra y autoridad de Dios pueden ser comunicadas plenamente mediante un mensajero sin identificar a este \u00faltimo con el Creador.\",\"id\":\"5476ba78-6fdf-4462-9176-1295dca0eb4f\"},{\"id\":\"43f1ec4c-526f-406a-b2f3-54773368b6c7\",\"content\":\"\"},{\"content\":\"Larry W. Hurtado, <em>One God, One Lord: Early Christian Devotion and Ancient Jewish Monotheism<\/em>, 2.\u00aa ed. (Edinburgh: T&amp;T Clark, 1998). Hurtado estudia la relaci\u00f3n entre monote\u00edsmo jud\u00edo, agentes divinos y la temprana devoci\u00f3n cristiana a Jes\u00fas. La formulaci\u00f3n utilizada anteriormente es <strong>s\u00edntesis de su enfoque<\/strong>, no cita textual.\",\"id\":\"40a76b28-3df6-4cf2-ba12-54d46811e8bb\"},{\"content\":\"<strong>Monote\u00edsmo y seres celestiales.<\/strong> La existencia de \u00e1ngeles, querubines, serafines o miembros de una corte celestial no constituye por s\u00ed misma una negaci\u00f3n del monote\u00edsmo. La cuesti\u00f3n decisiva es la frontera entre el Dios supremo y sus agentes: creaci\u00f3n, soberan\u00eda, Nombre, trono, culto y autoridad.\",\"id\":\"4a604be7-12a5-40f6-8d55-755b0b5fd793\"},{\"content\":\"James D. G. Dunn, <em>Christology in the Making: A New Testament Inquiry into the Origins of the Doctrine of the Incarnation<\/em>, 2.\u00aa ed. (Grand Rapids: Eerdmans, 1989), especialmente su tratamiento de Sabidur\u00eda, Logos y los antecedentes de la cristolog\u00eda. Se utiliza aqu\u00ed como <strong>s\u00edntesis interpretativa<\/strong>, no como cita literal.\",\"id\":\"4a26d727-5a23-475d-acb5-d0ad042b1597\"},{\"content\":\"<strong><em>Memra<\/em>.<\/strong> \u05de\u05b5\u05d9\u05de\u05b0\u05e8\u05b8\u05d0 (<em>m\u00eamr\u0101\u02be<\/em>) significa \u201cpalabra\u201d en arameo. En las tradiciones targ\u00famicas puede utilizarse como forma reverencial o interpretativa para describir la acci\u00f3n, revelaci\u00f3n y presencia de Dios. Existe debate acad\u00e9mico sobre si debe considerarse una verdadera entidad hipost\u00e1tica o principalmente una estrategia ling\u00fc\u00edstica de traducci\u00f3n y par\u00e1frasis. Por ello, no debe identificarse autom\u00e1ticamente <em>Memra<\/em> con el Logos jo\u00e1nico.\",\"id\":\"b3ef7195-eb82-4217-9498-9520c6de407d\"},{\"content\":\"David T. Runia, <em>Philo of Alexandria and the Timaeus of Plato<\/em> (Leiden: Brill, 1986), junto con sus otros estudios sobre Fil\u00f3n y el Logos. Para una introducci\u00f3n m\u00e1s general debe consultarse tambi\u00e9n la bibliograf\u00eda especializada sobre la teolog\u00eda fil\u00f3nica. La referencia en el cuerpo sostiene \u00fanicamente la necesidad de interpretar el Logos dentro del propio sistema de Fil\u00f3n.\",\"id\":\"f692ef31-e278-433b-bbb5-75a4397c8d56\"},{\"content\":\"Andrei A. Orlov, <em>The Enoch-Metatron Tradition<\/em> (T\u00fcbingen: Mohr Siebeck, 2005), junto con sus investigaciones sobre mediadores celestiales y tradiciones del Nombre. La utilizaci\u00f3n de Yahoel en esta secci\u00f3n es <strong>comparativa<\/strong>, no una afirmaci\u00f3n de identidad con el \u00c1ngel de Yahv\u00e9.\",\"id\":\"661c296c-e5a7-4de9-ae47-d92b9bdaf4f4\"},{\"content\":\"<strong>Yahoel.<\/strong> Yahoel es una figura angelical prominente del <em>Apocalipsis de Abraham<\/em>. Su nombre combina elementos relacionados con el Tetragr\u00e1maton y <em>El<\/em>. Es presentado como gu\u00eda celestial de Abraham y como un ser investido de extraordinaria autoridad. Su importancia para nuestro estudio es comparativa, no identificativa.\",\"id\":\"41d40411-0d3c-4c30-882c-6126ec25580d\"},{\"content\":\"John J. Collins, <em>The Apocalyptic Imagination: An Introduction to Jewish Apocalyptic Literature<\/em>, 2.\u00aa ed. (Grand Rapids: Eerdmans, 1998), y sus estudios sobre Daniel y la figura del \u201cuno como hijo de hombre\u201d. La formulaci\u00f3n anterior constituye <strong>s\u00edntesis<\/strong> de su an\u00e1lisis del desarrollo de las figuras escatol\u00f3gicas celestiales.\",\"id\":\"63639a2d-2ea8-4413-96de-7c1d5a2f9fe6\"},{\"content\":\"Alan F. Segal, <em>Two Powers in Heaven: Early Rabbinic Reports about Christianity and Gnosticism<\/em> (Leiden: Brill, 1977). Esta obra constituye el estudio cl\u00e1sico moderno sobre la pol\u00e9mica rab\u00ednica de los \u201cdos poderes en el cielo\u201d. Su reconstrucci\u00f3n debe evaluarse junto con investigaciones posteriores; no debe suponerse que todas las tradiciones que Segal relaciona pertenecen al mismo per\u00edodo o representan una doctrina jud\u00eda uniforme.\",\"id\":\"5adccf5b-d679-450c-a9e3-41454103e0d4\"},{\"content\":\"Para el estudio de Metatr\u00f3n y su relaci\u00f3n con tradiciones anteriores de Enoc, v\u00e9ase Orlov, <em>The Enoch-Metatron Tradition<\/em>. Esta referencia debe utilizarse con la advertencia cronol\u00f3gica expresada en el cuerpo: las formas desarrolladas de la tradici\u00f3n metatr\u00f3nica pertenecen a per\u00edodos posteriores y no constituyen evidencia directa del juda\u00edsmo del siglo I.\",\"id\":\"b10ada72-d65f-473e-9f04-7f9eb238200b\"},{\"content\":\"Para una discusi\u00f3n m\u00e1s amplia acerca de figuras mediadoras y agentes divinos en el juda\u00edsmo antiguo, resulta igualmente importante Larry W. Hurtado, <em>One God, One Lord<\/em>, especialmente su tratamiento de los principales tipos de \u201cagentes divinos\u201d. Su modelo es \u00fatil para distinguir entre la <strong>exaltaci\u00f3n de un agente<\/strong> y su incorporaci\u00f3n efectiva a la devoci\u00f3n religiosa.\",\"id\":\"84eb0496-a830-4e10-af6f-400ae3d06faf\"},{\"content\":\"Carla Works, comentario a <a href=\\\"https:\/\/biblia.com\/bible\/rvr60\/1Co10.1-13\\\">1 Co 10:1\u201313<\/a>, <em>Working Preacher<\/em>, Luther Seminary. Works destaca que Pablo vincula la experiencia de Israel con Cristo y presenta a la comunidad del \u00e9xodo como sostenida por la misma realidad espiritual que la Iglesia. La formulaci\u00f3n anterior es <strong>s\u00edntesis<\/strong>, no cita textual.\",\"id\":\"47eb69c1-0d83-46ae-885b-99ca443d6bfd\"},{\"content\":\"V\u00e9ase el comentario de <em>Working Preacher<\/em> a <a href=\\\"https:\/\/biblia.com\/bible\/rvr60\/1Co10.1-13\\\">1 Co 10:1\u201313<\/a>, que describe el procedimiento paulino como una lectura tipol\u00f3gica\/<em>midr\u00e1shica<\/em> del \u00e9xodo y de Cristo como roca espiritual.\",\"id\":\"75893afd-9ac6-4655-a6f7-fe50b07a0b66\"},{\"content\":\"Sobre la posible relaci\u00f3n de <a href=\\\"https:\/\/biblia.com\/bible\/rvr60\/1Co10.4\\\">1 Co 10:4<\/a> con la tradici\u00f3n jud\u00eda de una fuente m\u00f3vil y las dificultades para demostrar su forma en el siglo I, v\u00e9ase la discusi\u00f3n recogida por <em>Themelios<\/em>. El texto paulino puede tambi\u00e9n comprenderse mediante Salmo 78 y la identificaci\u00f3n veterotestamentaria de Dios como Roca.\",\"id\":\"1f12ec64-98c9-4b9c-8f88-8ab1d13068b2\"},{\"content\":\"Richard Bauckham, <em>Jude, 2 Peter<\/em>, Word Biblical Commentary 50 (Waco, TX: Word Books, 1983), comentario a <a href=\\\"https:\/\/biblia.com\/bible\/rvr60\/Jud1.5\\\">Jud 5<\/a>, para la discusi\u00f3n textual e interpretativa del agente de la liberaci\u00f3n de Egipto. La variante \u201cJes\u00fas\u201d debe tratarse dentro de la cr\u00edtica textual y no como dato indiscutido.\",\"id\":\"a71798b4-1bf3-4bfa-9f77-638331d20761\"},{\"content\":\"<strong>Variante textual de Judas 5.<\/strong> Judas 5 posee variantes importantes entre \u201cJes\u00fas\u201d, \u201cSe\u00f1or\u201d y \u201cDios\u201d. Las ediciones cr\u00edticas modernas han dado considerable peso a la lectura \u201cJes\u00fas\u201d, pero el pasaje no debe citarse sin reconocer el problema textual. Para nuestro estudio, la importancia reside en que una tradici\u00f3n textual muy antigua atribuye a Jes\u00fas directamente la liberaci\u00f3n del \u00e9xodo.\",\"id\":\"7b25ee21-83d2-491e-a2eb-e7c990550eb6\"},{\"content\":\"<strong>Ver a Dios en Juan.<\/strong> La literatura jo\u00e1nica mantiene una fuerte teolog\u00eda de la invisibilidad del Padre. V\u00e9anse tambi\u00e9n <a href=\\\"https:\/\/biblia.com\/bible\/rvr60\/Jn5.37\\\">Jn 5:37<\/a> y <a href=\\\"https:\/\/biblia.com\/bible\/rvr60\/Jn6.46\\\">Jn 6:46<\/a>. Esto ser\u00e1 decisivo para comprender c\u00f3mo Justino e Ireneo interpretaron las apariciones visibles del Antiguo Testamento.\",\"id\":\"02fc85d8-f329-413c-b2bb-0f7def77883c\"},{\"content\":\"Para <a href=\\\"https:\/\/biblia.com\/bible\/rvr60\/Heb1\\\">Hebreos 1<\/a>, v\u00e9ase Harold W. Attridge,<em>The Epistle to the Hebrews<\/em>, Hermeneia (Philadelphia: Fortress Press, 1989). Su an\u00e1lisis resulta fundamental para distinguir al Hijo de la categor\u00eda de los seres angelicales y para comprender el uso cristol\u00f3gico de los textos veterotestamentarios.\",\"id\":\"e4b546fb-b7b7-47b0-aebc-0b7ca6342940\"},{\"content\":\"<strong>\u201c\u00c1ngel\u201d como funci\u00f3n y naturaleza.<\/strong> Hebreos 1 obliga a distinguir entre <em>angelos<\/em> como funci\u00f3n de mensajero y \u201clos \u00e1ngeles\u201d como clase de seres celestiales creados. Una cristolog\u00eda ortodoxa posterior podr\u00eda llamar al Logos \u201cmensajero\u201d sin clasificarlo como criatura angelical. Esta distinci\u00f3n ser\u00e1 especialmente importante al estudiar a Justino M\u00e1rtir.\",\"id\":\"d66c47f6-513d-4003-a344-7699cb2dc966\"},{\"content\":\"Justino M\u00e1rtir, <em>Di\u00e1logo con Trif\u00f3n<\/em>, caps. 56\u201360, especialmente su tratamiento de las apariciones a Abraham y Mois\u00e9s. Justino argumenta expl\u00edcitamente que aquel que aparece en determinadas teofan\u00edas puede ser denominado \u00c1ngel, Se\u00f1or y Dios. Para una edici\u00f3n cr\u00edtica debe consultarse <em>Dialogue avec Tryphon<\/em>, ed. Philippe Bobichon, 2 vols., Paradosis 47\/1\u20132 (Fribourg: Academic Press Fribourg, 2003). La breve frase inglesa reproducida en el cuerpo debe cotejarse con la traducci\u00f3n\/edici\u00f3n utilizada antes de incorporarla como cita definitiva en una publicaci\u00f3n.\",\"id\":\"a629ed0e-8fb1-419b-b8bb-d634aaefd8bd\"},{\"content\":\"<strong>\u201c\u00c1ngel\u201d en Justino.<\/strong> Cuando Justino llama \u201c\u00c1ngel\u201d al Logos no pretende clasificar a Cristo entre los seres ang\u00e9licos creados. Utiliza \u1f04\u03b3\u03b3\u03b5\u03bb\u03bf\u03c2 (<em>angelos<\/em>) en su sentido funcional de \u201cmensajero\u201d. Este punto resulta indispensable para evitar interpretar su cristolog\u00eda como si Cristo fuese simplemente un arc\u00e1ngel.\",\"id\":\"a2a9f68d-a116-40a1-8026-ca4e97944dbf\"},{\"content\":\"Justino M\u00e1rtir, <em>Di\u00e1logo con Trif\u00f3n<\/em>, especialmente caps. 56 y 60, donde utiliza las narraciones de G\u00e9nesis y \u00c9xodo para distinguir al personaje visible del Padre. El argumento relativo a <a href=\\\"https:\/\/biblia.com\/bible\/rvr60\/Ge19.24\\\">Gn 19:24<\/a> debe comprenderse dentro de este conjunto exeg\u00e9tico y no como prueba aislada.\",\"id\":\"efcc7085-8b9e-4106-a445-6d81cce4ec7e\"},{\"content\":\"Bogdan G. Bucur, <em>Angelomorphic Pneumatology: Clement of Alexandria and Other Early Christian Witnesses<\/em>, Supplements to Vigiliae Christianae 95 (Leiden\/Boston: Brill, 2009). Bucur resulta especialmente importante para situar las categor\u00edas angelom\u00f3rficas y teof\u00e1nicas dentro de la cristolog\u00eda y pneumatolog\u00eda cristianas antiguas. La formulaci\u00f3n del cuerpo constituye <strong>s\u00edntesis de su enfoque<\/strong>, no cita textual.\",\"id\":\"0b672c11-49bd-4415-8660-22a2f91b1cf5\"},{\"content\":\"<strong>\u201c\u00c1ngel del gran consejo\u201d.<\/strong> La expresi\u00f3n procede de la tradici\u00f3n griega de Isa\u00edas 9:6 y tuvo considerable importancia en la cristolog\u00eda patr\u00edstica. El sentido de <em>angelos<\/em> es \u201cmensajero\u201d. Por tanto, el t\u00edtulo describe al Mes\u00edas como comunicador del designio divino y no necesariamente como miembro de la clase creada de los \u00e1ngeles.\",\"id\":\"c50c6edb-1f0d-4b72-88b2-53b75e953ba2\"},{\"content\":\"Para la cristolog\u00eda de Justino dentro del desarrollo del pensamiento cristiano del siglo II, v\u00e9ase tambi\u00e9n Charles E. Hill, <em>Regnum Caelorum: Patterns of Millennial Thought in Early Christianity<\/em>, 2.\u00aa ed. (Grand Rapids: Eerdmans, 2001), junto con los estudios especializados sobre el <em>Di\u00e1logo<\/em>. La referencia se incluye como contexto hist\u00f3rico y no como fuente de una cita literal utilizada arriba.\",\"id\":\"73a7fc4f-3ce1-456b-9874-7ef0da1f9d69\"},{\"content\":\"Antonio Orbe, <em>Teolog\u00eda de San Ireneo<\/em>, especialmente sus estudios sobre la econom\u00eda del Verbo, creaci\u00f3n, revelaci\u00f3n y recapitulaci\u00f3n. Orbe constituye una de las referencias modernas m\u00e1s importantes para comprender la estructura interna de la teolog\u00eda ireneana. La formulaci\u00f3n utilizada en el cuerpo es <strong>s\u00edntesis interpretativa<\/strong>, no cita textual.\",\"id\":\"5fd151ff-3465-4c56-958f-4e19f0d00924\"},{\"content\":\"<strong><em>Oikonom\u00eda<\/em>.<\/strong> En los Padres, \u201ceconom\u00eda\u201d no significa econom\u00eda monetaria. Designa la disposici\u00f3n hist\u00f3rica del plan divino. La distinci\u00f3n posterior entre <em>theologia<\/em> \u2014la vida de Dios en s\u00ed mismo\u2014 y <em>oikonom\u00eda<\/em> \u2014su actuaci\u00f3n salvadora\u2014 se desarrollar\u00e1 progresivamente, pero el concepto ya es fundamental en Ireneo.\",\"id\":\"b6214f7a-0af3-4ebb-813c-26d0f084cd7f\"},{\"content\":\"<strong>Las \u201cdos manos\u201d.<\/strong> Ireneo utiliza esta imagen especialmente en <em>Adversus haereses<\/em> para explicar que Dios crea y forma mediante su Verbo y su Sabidur\u00eda. La met\u00e1fora fue muy influyente porque preservaba simult\u00e1neamente la unidad de Dios y la diferenciaci\u00f3n operativa del Hijo y del Esp\u00edritu.\",\"id\":\"d6f6fa67-597f-4680-805f-dd95fe93fd16\"},{\"content\":\"Denis Minns, <em>Irenaeus: An Introduction<\/em> (London\/New York: T&amp;T Clark, 2010). Minns resulta particularmente \u00fatil para situar la teolog\u00eda de Ireneo dentro de su pol\u00e9mica contra los sistemas gn\u00f3sticos y para comprender la unidad entre creaci\u00f3n y redenci\u00f3n. La referencia anterior es <strong>par\u00e1frasis<\/strong>.\",\"id\":\"1895fb90-d035-4b92-b596-87170e9bcac4\"},{\"content\":\"Jean Dani\u00e9lou, <em>The Theology of Jewish Christianity<\/em>, trad. John A. Baker (London: Darton, Longman &amp; Todd, 1964), especialmente su discusi\u00f3n de tradiciones cristol\u00f3gicas angelom\u00f3rficas. Algunas reconstrucciones hist\u00f3ricas de Dani\u00e9lou han sido revisadas por estudios posteriores, por lo que debe utilizarse cr\u00edticamente.\",\"id\":\"c6c6e98c-874a-4e14-8bce-6931cca49020\"},{\"content\":\"<strong><em>Substantia<\/em> y <em>persona<\/em>.<\/strong> En Tertuliano, <em>substantia<\/em> y <em>persona<\/em> deben entenderse dentro del lenguaje filos\u00f3fico, jur\u00eddico y teol\u00f3gico latino de comienzos del siglo III. Traducirlos simplemente como \u201cesencia\u201d y \u201cpersona\u201d en su sentido trinitario posterior puede ocultar el proceso hist\u00f3rico mediante el cual esos t\u00e9rminos adquirieron precisi\u00f3n doctrinal.\",\"id\":\"981fe6ab-add7-4d5f-a932-0cdd9bc059b8\"},{\"content\":\"Tertuliano, <em>Adversus Praxean<\/em>, especialmente caps. 2\u20133, para el lenguaje de <em>substantia<\/em>, <em>persona<\/em>, <em>monarchia<\/em> y <em>oikonomia<\/em>. La terminolog\u00eda debe interpretarse dentro de su contexto preniceno y no equipararse autom\u00e1ticamente con las definiciones trinitarias posteriores.\",\"id\":\"ac4e5683-8515-403e-b5d4-59b4ff3121e6\"},{\"content\":\"Tertuliano, <em>Adversus Praxean<\/em>, especialmente los pasajes donde utiliza textos veterotestamentarios para demostrar distinci\u00f3n entre Padre e Hijo. La utilizaci\u00f3n de <a href=\\\"https:\/\/biblia.com\/bible\/rvr60\/Ge19.24\\\">Gn 19:24<\/a> pertenece a una tradici\u00f3n exeg\u00e9tica cristiana m\u00e1s amplia que tambi\u00e9n encontramos en Justino.\",\"id\":\"9c51331e-e3b2-41aa-913a-72877db7830e\"},{\"content\":\"Eric Osborn, <em>Tertullian, First Theologian of the West<\/em> (Cambridge: Cambridge University Press, 1997), especialmente su tratamiento de la Trinidad, la econom\u00eda y la relaci\u00f3n entre unidad y distinci\u00f3n en la teolog\u00eda de Tertuliano. La formulaci\u00f3n del cuerpo constituye <strong>par\u00e1frasis interpretativa<\/strong>\",\"id\":\"d2e9b53f-0599-441a-8773-320d8c3326ea\"},{\"content\":\"Geoffrey D. Dunn, <em>Tertullian<\/em> (London\/New York: Routledge, 2004), y sus estudios especializados sobre <em>Adversus Praxean<\/em>. Dunn resulta especialmente \u00fatil para situar la teolog\u00eda de Tertuliano dentro de sus controversias hist\u00f3ricas y evitar lecturas anacr\u00f3nicas mediante categor\u00edas nicenas posteriores.\",\"id\":\"1009c250-dee7-4570-8b9d-f4e0650ca1ac\"},{\"content\":\"<strong>Antropomorfismo.<\/strong> El t\u00e9rmino designa la atribuci\u00f3n de caracter\u00edsticas humanas a Dios. Or\u00edgenes se opuso fuertemente a una lectura corporalista de expresiones b\u00edblicas como \u201cmano\u201d, \u201crostro\u201d o \u201cojos\u201d de Dios. Para \u00e9l, tales expresiones deben interpretarse de manera digna de la naturaleza espiritual e incorp\u00f3rea de Dios.\",\"id\":\"77401adb-a3fe-467d-b713-b56b1bc0dd94\"},{\"content\":\"Henri Crouzel, <em>Origen<\/em>, trad. A. S. Worrall (Edinburgh: T&amp;T Clark, 1989). Crouzel constituye una referencia fundamental para la cristolog\u00eda, espiritualidad y hermen\u00e9utica de Or\u00edgenes. La afirmaci\u00f3n utilizada en el cuerpo acerca de la centralidad del Logos es <strong>s\u00edntesis interpretativa<\/strong>, no cita literal.\u00b9\",\"id\":\"07531522-b50e-4d33-aadb-12eb016a4c6b\"},{\"content\":\"<strong>Generaci\u00f3n eterna.<\/strong> La expresi\u00f3n no significa que Dios est\u00e9 produciendo repetidamente al Hijo en el tiempo. Intenta expresar una relaci\u00f3n eterna de origen: el Hijo procede del Padre sin haber existido jam\u00e1s un momento en el que el Padre estuviera sin su Logos\/Sabidur\u00eda. La formulaci\u00f3n posterior de esta doctrina ser\u00e1 mucho m\u00e1s precisa despu\u00e9s de Nicea.\",\"id\":\"f1777319-1480-4cbb-ad6c-262083fab827\"},{\"content\":\"Or\u00edgenes, <em>De principiis<\/em> (<em>\u03a0\u03b5\u03c1\u1f76 \u1f08\u03c1\u03c7\u1ff6\u03bd \/ Sobre los principios<\/em>), especialmente I.2, donde desarrolla la relaci\u00f3n entre Padre, Hijo\/Sabidur\u00eda y generaci\u00f3n. La transmisi\u00f3n textual de <em>De principiis<\/em> es compleja \u2014parte importante de la obra se conserva mediante la traducci\u00f3n latina de Rufino\u2014, por lo que las citas literales deben verificarse contra una edici\u00f3n cr\u00edtica y especificar qu\u00e9 tradici\u00f3n textual se utiliza.\",\"id\":\"9362370f-155f-4761-a366-53524fee2517\"},{\"content\":\"Joseph W. Trigg, <em>Origen<\/em> (London\/New York: Routledge, 1998). Trigg resulta particularmente \u00fatil para comprender la inseparabilidad entre ex\u00e9gesis, espiritualidad y teolog\u00eda en Or\u00edgenes. La caracterizaci\u00f3n realizada anteriormente constituye una <strong>par\u00e1frasis<\/strong> de su enfoque\",\"id\":\"7e5c991e-af53-471d-a801-c4f44d605ce2\"},{\"content\":\"John Behr, <em>The Way to Nicaea<\/em>, Formation of Christian Theology 1 (Crestwood, NY: St Vladimir's Seminary Press, 2001). Behr resulta especialmente importante para interpretar el desarrollo cristol\u00f3gico preniceno sin proyectar retrospectivamente todas las categor\u00edas de las controversias posteriores\",\"id\":\"15cd7cf7-788b-4afa-9929-01fb187ab455\"},{\"content\":\".Para la hermen\u00e9utica origeniana y los diferentes sentidos de la Escritura, v\u00e9ase <em>De principiis<\/em> IV.2\u20133. Es importante evitar la simplificaci\u00f3n habitual de reducir su m\u00e9todo a una oposici\u00f3n absoluta entre \u201cliteral\u201d y \u201caleg\u00f3rico\u201d; su teor\u00eda exeg\u00e9tica es considerablemente m\u00e1s compleja.\",\"id\":\"763ae898-b213-47d3-941e-085de716a3b9\"},{\"content\":\"Para la doctrina origeniana de la incorporeidad de Dios y su oposici\u00f3n a interpretaciones excesivamente antropom\u00f3rficas, v\u00e9ase especialmente <em>De principiis<\/em> I.1 y IV, junto con su tratamiento de la interpretaci\u00f3n de las Escrituras. Esta cuesti\u00f3n proporciona el marco necesario para comprender c\u00f3mo puede hablarse de una \u201caparici\u00f3n\u201d divina sin afirmar que Dios posea corporalidad\",\"id\":\"dd2f00c1-a48b-46c0-bff2-8c4a71e25b16\"},{\"content\":\"Sobre la relaci\u00f3n entre Or\u00edgenes y la controversia arriana posterior, debe distinguirse cuidadosamente entre la teolog\u00eda origeniana del siglo III y las apropiaciones posteriores de su vocabulario. Su afirmaci\u00f3n de la eternidad del Logos impide identificar sin m\u00e1s su cristolog\u00eda con la de Arrio\",\"id\":\"7626c847-2cd2-4930-b307-cae1f3ea2fdd\"},{\"content\":\"<strong><em>Homoousios<\/em>.<\/strong> \u1f41\u03bc\u03bf\u03bf\u03cd\u03c3\u03b9\u03bf\u03c2 combina <em>homos<\/em> (\u201cmismo\u201d) y <em>ousia<\/em> (\u201cser\/esencia\/sustancia\u201d). Su significado t\u00e9cnico se desarroll\u00f3 a trav\u00e9s de las controversias del siglo IV. En Nicea funciona especialmente para excluir la afirmaci\u00f3n de que el Hijo posea una naturaleza creada distinta de la del Padre.\",\"id\":\"f6b2dbc9-4a14-4694-af4b-bcc1fffd29ec\"},{\"content\":\"Khaled Anatolios, <em>Athanasius: The Coherence of His Thought<\/em> (London\/New York: Routledge, 1998). Anatolios interpreta la teolog\u00eda de Atanasio desde la relaci\u00f3n entre unidad divina, participaci\u00f3n y salvaci\u00f3n. La referencia en el cuerpo es <strong>par\u00e1frasis interpretativa<\/strong>.\",\"id\":\"eae22e87-ef70-4154-bcbd-4d3e873836a4\"},{\"content\":\"<strong>Invisibilidad y esencia divina.<\/strong> La teolog\u00eda nicena y postnicena tender\u00e1 a afirmar que la invisibilidad pertenece a la naturaleza divina compartida por Padre, Hijo y Esp\u00edritu. Por ello, una teofan\u00eda no puede entenderse como visi\u00f3n directa de la esencia del Hijo, sino como manifestaci\u00f3n mediante signos, formas o criaturas.\",\"id\":\"9bf7adc2-c54c-4214-b572-dcb4acb9d951\"},{\"content\":\"Lewis Ayres, <em>Nicaea and Its Legacy: An Approach to Fourth-Century Trinitarian Theology<\/em> (Oxford: Oxford University Press, 2004). Ayres muestra que el desarrollo niceno no puede reducirse simplemente al t\u00e9rmino <em>homoousios<\/em>, sino que implica una transformaci\u00f3n m\u00e1s amplia de la gram\u00e1tica trinitaria cristiana\",\"id\":\"bb225098-5ba3-4876-8495-c54b9b9d218c\"},{\"content\":\"Gregorio de Nacianzo, especialmente la <em>Oratio 31<\/em> (quinta oraci\u00f3n teol\u00f3gica), para su reflexi\u00f3n sobre la revelaci\u00f3n progresiva de Padre, Hijo y Esp\u00edritu. La exposici\u00f3n realizada anteriormente constituye <strong>s\u00edntesis de su argumento<\/strong>, no cita literal.\",\"id\":\"b3d1a005-0ef5-4168-9fe5-90dbb5d027b0\"},{\"content\":\"<strong>Revelaci\u00f3n progresiva.<\/strong> La idea no implica que el Antiguo Testamento sea err\u00f3neo o que presente \u201cotro Dios\u201d. Significa que determinadas realidades teol\u00f3gicas se hacen expl\u00edcitas gradualmente dentro de la historia de revelaci\u00f3n. Esta categor\u00eda permitir\u00e1 a int\u00e9rpretes cristianos afirmar que las teofan\u00edas pueden adquirir un significado cristol\u00f3gico m\u00e1s pleno a la luz del Nuevo Testamento.\",\"id\":\"afe8e3a3-0c3c-45de-930a-d4e4be4cd484\"},{\"content\":\"Para el desarrollo de la interpretaci\u00f3n de las teofan\u00edas despu\u00e9s de Nicea, debe consultarse tambi\u00e9n la investigaci\u00f3n patr\u00edstica moderna sobre la transici\u00f3n desde una cristolog\u00eda teof\u00e1nica temprana hacia modelos donde las apariciones se comprenden como manifestaciones mediante criaturas. Esta transici\u00f3n culminar\u00e1 especialmente en Agust\u00ed\",\"id\":\"776f17ff-ece4-4713-ab9b-0b7b427bbe67\"},{\"content\":\"Agust\u00edn de Hipona, <em>De Trinitate<\/em>, especialmente libros II\u2013III, donde examina extensamente las teofan\u00edas veterotestamentarias y la cuesti\u00f3n de si las apariciones visibles deben atribuirse espec\u00edficamente a una persona divina. La referencia en el cuerpo corresponde a la estructura de su argumentaci\u00f3n; cualquier cita literal debe verificarse en una edici\u00f3n cr\u00edtica concreta.\",\"id\":\"a3cf8213-743b-4afe-829c-6dca25901ea3\"},{\"content\":\"<strong>Teofan\u00eda creada.<\/strong> En la teolog\u00eda agustiniana, decir que la forma visible es \u201ccreada\u201d no significa que la experiencia sea falsa. Significa que Dios utiliza una realidad creada como signo temporal de su presencia, de manera semejante a como el Esp\u00edritu puede manifestarse mediante una paloma sin ser una paloma por naturaleza.\",\"id\":\"4898ab95-3842-411c-a13e-180c0314e510\"},{\"content\":\"Agust\u00edn, <em>De Trinitate<\/em> II, especialmente su discusi\u00f3n de las apariciones a Abraham y otros relatos veterotestamentarios. Agust\u00edn considera varias posibilidades interpretativas y muestra una cautela considerable respecto de la identificaci\u00f3n inmediata de las figuras visibles con una persona de la Trinidad\",\"id\":\"18000c9b-46f3-4519-8a85-2b3742d1ef3f\"},{\"content\":\"Michel Ren\u00e9 Barnes, diversos estudios sobre la teolog\u00eda trinitaria de Agust\u00edn, especialmente su revisi\u00f3n de interpretaciones que oponen excesivamente la tradici\u00f3n griega y latina. Su trabajo ayuda a situar las teofan\u00edas dentro de la concepci\u00f3n agustiniana de unidad de naturaleza y acci\u00f3n divina. La referencia anterior es <strong>s\u00edntesis<\/strong>, no cita literal.\",\"id\":\"bdce03cb-232f-450d-8915-28c777eb4de8\"},{\"content\":\"<strong>Operaciones inseparables.<\/strong> Este principio no elimina la distinci\u00f3n de las personas. Afirma que, debido a la unidad de naturaleza y poder divinos, las acciones de Dios hacia la creaci\u00f3n pertenecen inseparablemente al \u00fanico Dios, aunque determinadas misiones revelen particularmente al Hijo o al Esp\u00edritu.\",\"id\":\"db7bc26b-c0b5-46d9-8334-f7178277d401\"},{\"content\":\"Lewis Ayres, <em>Augustine and the Trinity<\/em> (Cambridge: Cambridge University Press, 2010). Ayres resulta especialmente importante para comprender la interpretaci\u00f3n agustiniana dentro del desarrollo de la teolog\u00eda pro-nicena y de la doctrina de las operaciones inseparables.\",\"id\":\"ec9f124c-1d2c-4e5a-a026-1da32e54b75c\"},{\"content\":\"Para la relaci\u00f3n entre las apariciones visibles, las misiones divinas y los signos creados, v\u00e9ase <em>De Trinitate<\/em> II\u2013IV. La distinci\u00f3n entre misi\u00f3n temporal y procesi\u00f3n eterna ser\u00e1 fundamental para el desarrollo de la teolog\u00eda trinitaria occidental\",\"id\":\"1a4487ad-c0a2-49b7-b55d-7952d96cb595\"},{\"content\":\"Tom\u00e1s de Aquino, <em>Summa Theologiae<\/em> I, especialmente las cuestiones relativas a las apariciones divinas y la actividad de los \u00e1ngeles. Su posici\u00f3n pertenece a una etapa posterior, pero muestra la enorme influencia de la l\u00ednea agustiniana en la teolog\u00eda medieval occidental.\",\"id\":\"c432484b-17da-4a5b-b4fb-f93e646ab3cf\"},{\"content\":\"Tom\u00e1s de Aquino, <em>Summa Theologiae<\/em>, I, especialmente las cuestiones relativas a la visi\u00f3n de Dios, las misiones divinas y la actividad de los \u00e1ngeles. La exposici\u00f3n anterior constituye una <strong>s\u00edntesis teol\u00f3gica<\/strong>, no una cita literal.\",\"id\":\"725b9da1-cf1f-4b54-a8cc-6f5384b49663\"},{\"content\":\"<strong>Cuerpo asumido.<\/strong> En la angelolog\u00eda escol\u00e1stica, un \u00e1ngel puede utilizar una forma corporal para hacerse perceptible sin convertirse por naturaleza en un ser material. Esta idea no debe confundirse con la encarnaci\u00f3n: el Hijo verdaderamente asume naturaleza humana; un \u00e1ngel solamente utiliza una forma corporal para una misi\u00f3n determinada.\",\"id\":\"33402158-bcff-46e9-b9c6-d4c01e97e68f\"},{\"content\":\"Juan Calvino, <em>Commentaries on the Four Last Books of Moses Arranged in the Form of a Harmony<\/em>, en su tratamiento de <a href=\\\"https:\/\/biblia.com\/bible\/rvr60\/Ex3\\\">\u00c9xodo 3<\/a> y pasajes relacionados. Conviene verificar cada formulaci\u00f3n contra la edici\u00f3n concreta antes de utilizarla como cita literal\",\"id\":\"76a9f30f-678f-467b-b7c6-a36db3e0c6cc\"},{\"content\":\"<strong>\u201c\u00c1ngel de su presencia\u201d.<\/strong> La expresi\u00f3n hebrea <em>mal\u02beakh p\u0101n\u0101w<\/em> es literalmente \u201cmensajero de su rostro\/presencia\u201d. En el pensamiento hebreo, el \u201crostro\u201d (<em>p\u0101n\u00eem<\/em>) puede expresar la presencia personal. La frase describe, por tanto, un mensajero asociado de manera especialmente estrecha con la presencia salvadora de Yahv\u00e9.\",\"id\":\"3717ce2c-f2ae-41e6-908a-330486915b46\"},{\"content\":\"A. Henry Sawtelle, \u201cThe Angel of Jehovah\u201d, <em>Bibliotheca Sacra<\/em> 16, n.\u00ba 64 (1859): 805\u2013835. Este art\u00edculo ser\u00e1 analizado con mayor detalle posteriormente, especialmente sus argumentos acumulativos para identificar al \u00c1ngel con el Logos preencarnado.\",\"id\":\"5837a1b1-5174-4da1-9a58-028a3d4bfe04\"},{\"content\":\"<strong>A. Henry Sawtelle.<\/strong> Su art\u00edculo \u201cThe Angel of Jehovah\u201d apareci\u00f3 en <em>Bibliotheca Sacra<\/em> 16, n.\u00ba 64 (1859): 805\u2013835. Constituye una fuente hist\u00f3rica especialmente valiosa para estudiar la interpretaci\u00f3n protestante del \u00c1ngel de Yahv\u00e9 durante el siglo XIX. Sus argumentos deben distinguirse de los m\u00e9todos hist\u00f3rico-cr\u00edticos que se desarrollar\u00edan posteriormente.\",\"id\":\"9d76f418-100d-40c0-b367-cbc67f711d6d\"},{\"content\":\"Sobre la transformaci\u00f3n de la ex\u00e9gesis b\u00edblica entre los siglos XVIII y XIX y el surgimiento de explicaciones hist\u00f3rico-cr\u00edticas de las teofan\u00edas, debe distinguirse entre historia de las fuentes, historia de las tradiciones y cr\u00edtica de la redacci\u00f3n. No todas estas aproximaciones explican el \u00c1ngel de Yahv\u00e9 de la misma manera.\",\"id\":\"357250f0-41f7-4ac5-8a08-b6fdfd481216\"},{\"content\":\"La hip\u00f3tesis seg\u00fan la cual algunos relatos originalmente conten\u00edan una aparici\u00f3n directa de Yahv\u00e9 y fueron posteriormente modificados mediante la inserci\u00f3n de un \u00e1ngel pertenece a una determinada etapa de la cr\u00edtica hist\u00f3rica y no debe presentarse como consenso demostrado. Cada pasaje requiere an\u00e1lisis literario independiente.\",\"id\":\"ba9fbbdf-c07b-4ee4-9c96-dc30540b4573\"},{\"content\":\"Michael S. Heiser, <em>The Unseen Realm: Recovering the Supernatural Worldview of the Bible<\/em> (Bellingham, WA: Lexham Press, 2015). Heiser interpreta diversos textos del \u00c1ngel de Yahv\u00e9 dentro de una concepci\u00f3n m\u00e1s amplia de la presencia visible e invisible de Yahv\u00e9 y del consejo divino. Su propuesta ser\u00e1 evaluada cr\u00edticamente en una secci\u00f3n espec\u00edfica, distinguiendo cuidadosamente sus afirmaciones del consenso acad\u00e9mico general.\",\"id\":\"4e6237a5-ab25-4f0a-9d83-7c43720e551c\"},{\"content\":\"Paul D. Wegner, \u201cWho Is the Angel of the LORD?\u201d, <em>The Gateway<\/em> 1, n.\u00ba 1 (Winter 2025). Wegner reconoce expresamente la diversidad de interpretaciones hist\u00f3ricas \u2014cristofan\u00eda, teofan\u00eda o \u00e1ngel\u2014 y ofrece una discusi\u00f3n contempor\u00e1nea del problema.\",\"id\":\"52fb9a1a-307f-42b8-a5b2-d7c3a0e0f6f8\"},{\"content\":\"Ren\u00e9 A. L\u00f3pez, \u201cIdentifying the \u2018Angel of the Lord\u2019 in the Book of Judges: A Model for Reconsidering the Referent in Other Old Testament Loci\u201d, <em>Bulletin for Biblical Research<\/em> 20, n.\u00ba 1 (2010): 1\u201318. L\u00f3pez propone un modelo de representaci\u00f3n\/agencia atendiendo a gram\u00e1tica, costumbres del antiguo Cercano Oriente y teolog\u00eda jud\u00eda.\",\"id\":\"ff4fd459-57f0-4c34-ba8e-ec635267beaf\"},{\"content\":\"<strong>Agencia y ontolog\u00eda.<\/strong> El principio de agencia explica la autoridad del mensajero sin equiparar necesariamente su naturaleza con la de quien lo env\u00eda. La pregunta decisiva no es si existe agencia \u2014claramente existe\u2014, sino si la agencia por s\u00ed sola explica adecuadamente todos los textos del corpus.\",\"id\":\"075c004f-3f1d-46e0-a4e2-531544e010f4\"},{\"content\":\"Andrew S. Malone, \u201cDistinguishing the Angel of the Lord\u201d, <em>Bulletin for Biblical Research<\/em> 21, n.\u00ba 3 (2011): 297\u2013314. Malone responde al modelo de L\u00f3pez se\u00f1alando la dificultad de distinguir convincentemente al \u00c1ngel de Yahv\u00e9 en los textos donde ambos aparecen estrechamente identificados.\",\"id\":\"2b410729-2af6-45a7-9d45-a2623318552b\"},{\"content\":\"Benjamin D. Sommer, <em>The Bodies of God and the World of Ancient Israel<\/em> (Cambridge: Cambridge University Press, 2009), especialmente pp. 40\u201344 para la discusi\u00f3n relacionada con las manifestaciones divinas y el \u00c1ngel. Su modelo ofrece una explicaci\u00f3n de la presencia divina antigua mediante categor\u00edas m\u00e1s fluidas que la individualidad corporal moderna.\u2074 La relaci\u00f3n de su obra con el debate del \u00c1ngel aparece recogida tambi\u00e9n en la literatura especializada.\",\"id\":\"2c070c76-85d2-41f4-aae5-f8d9c1d7e997\"},{\"content\":\"<strong>\u201cFluidez\u201d de identidad divina.<\/strong> Cuando investigadores como Sommer utilizan modelos de manifestaci\u00f3n m\u00faltiple, no est\u00e1n afirmando autom\u00e1ticamente una doctrina de Trinidad. Intentan reconstruir categor\u00edas religiosas del antiguo Cercano Oriente y de determinados textos israelitas. Aplicar directamente esas categor\u00edas a Padre, Hijo y Esp\u00edritu ser\u00eda un paso teol\u00f3gico posterior.\",\"id\":\"e12d2958-7f72-42de-a338-1d2276d77fde\"},{\"content\":\"Samuel A. Meier, \u201cAngel of Yahweh\u201d, en Karel van der Toorn, Bob Becking y Pieter W. van der Horst, eds., <em>Dictionary of Deities and Demons in the Bible<\/em>, 2.\u00aa ed. (Leiden: Brill, 1999), 54\u201359. Meier representa una importante discusi\u00f3n hist\u00f3rico-cr\u00edtica del fen\u00f3meno y de la posible relaci\u00f3n entre teofan\u00eda directa y mediaci\u00f3n angelical.\",\"id\":\"c95a4643-6b82-4dc0-a312-2b568eafdcfe\"},{\"content\":\"<strong>Texto original y texto final.<\/strong> Una reconstrucci\u00f3n hist\u00f3rica puede explicar c\u00f3mo surgi\u00f3 una dificultad, pero la ex\u00e9gesis can\u00f3nica debe preguntar tambi\u00e9n qu\u00e9 comunica el texto en su forma recibida. Historia de composici\u00f3n y significado final son preguntas distintas.\",\"id\":\"d4289885-b778-4033-84ed-6e03a156754b\"},{\"content\":\"Carol A. Newsom, \u201cAngels\u201d, en David Noel Freedman, ed., <em>The Anchor Bible Dictionary<\/em>, vol. 1 (New York: Doubleday, 1992), 248\u2013253, especialmente la discusi\u00f3n de la ambig\u00fcedad entre presencia divina y mediaci\u00f3n. La atribuci\u00f3n de esta l\u00ednea interpretativa aparece documentada en la discusi\u00f3n especializada del problema.\",\"id\":\"81acf24e-6b2f-430e-88a0-f7e37a8fbc85\"},{\"content\":\"Michael S. Heiser, <em>The Unseen Realm: Recovering the Supernatural Worldview of the Bible<\/em> (Bellingham, WA: Lexham Press, 2015), especialmente sus cap\u00edtulos sobre el Nombre, el \u00c1ngel y las manifestaciones visibles de Yahv\u00e9. Heiser interpreta <a href=\\\"https:\/\/biblia.com\/bible\/rvr60\/Ex23.20-21\\\">Ex 23:20\u201321<\/a> como un texto clave para la relaci\u00f3n entre el \u00c1ngel y la identidad\/presencia de Yahv\u00e9. Una exposici\u00f3n accesible de su argumento, adaptada de <em>The Unseen Realm<\/em>, explica expresamente que \u201cel Nombre\u201d funciona como signo de la presencia de Yahv\u00e9 y desdibuja la frontera entre Yahv\u00e9 y su \u00c1ngel.\",\"id\":\"73f1db55-5010-4b30-a4ba-694ad365324f\"},{\"content\":\"Malone, \u201cDistinguishing the Angel of the Lord\u201d, 297\u2013314. Su cr\u00edtica es especialmente importante porque concede la fuerza del modelo representativo pero argumenta que este depende de que pueda demostrarse una distinci\u00f3n clara entre \u00c1ngel y Yahv\u00e9; precisamente eso es lo que algunos textos dificultan.\",\"id\":\"63034209-29ef-4ad0-a6b1-3fdee0f5a962\"},{\"content\":\"<strong>Teofan\u00eda y cristofan\u00eda.<\/strong> La segunda y tercera posibilidades de Erickson deben mantenerse diferenciadas. Decir que el \u00c1ngel es una <strong>teofan\u00eda<\/strong> significa que Dios se manifiesta mediante esa figura. Decir que es una <strong>cristofan\u00eda<\/strong> a\u00f1ade que quien se manifiesta es espec\u00edficamente el Hijo preencarnado. La primera afirmaci\u00f3n no demuestra autom\u00e1ticamente la segunda.\",\"id\":\"482cde8a-7dce-49d1-9e15-cb55b6554f6d\"},{\"content\":\"Millard J. Erickson, <em>Christian Theology<\/em>, en su discusi\u00f3n de las teofan\u00edas y del \u00c1ngel del Se\u00f1or. Erickson distingue tres interpretaciones principales y considera que las explicaciones teof\u00e1nica o cristof\u00e1nica responden mejor que la hip\u00f3tesis de un simple \u00e1ngel a los textos de identificaci\u00f3n divina. La formulaci\u00f3n transmitida en la literatura secundaria debe cotejarse con la edici\u00f3n concreta utilizada antes de fijarla como cita textual.\",\"id\":\"bf4bae3a-c63d-4d1e-adc0-fd4d43e0b531\"},{\"content\":\"Wayne Grudem, <em>Systematic Theology: An Introduction to Biblical Doctrine<\/em>, cap\u00edtulo dedicado a los \u00e1ngeles. Grudem utiliza <a href=\\\"https:\/\/biblia.com\/bible\/rvr60\/Ge16\\\">Gn 16<\/a>, <a href=\\\"https:\/\/biblia.com\/bible\/rvr60\/Ge22\\\">Gn 22<\/a>, <a href=\\\"https:\/\/biblia.com\/bible\/rvr60\/Ge31\\\">Gn 31<\/a> y <a href=\\\"https:\/\/biblia.com\/bible\/rvr60\/Ex3\\\">Ex 3<\/a> como ejemplos donde el \u00c1ngel aparece como Dios mismo, y considera posible una identificaci\u00f3n m\u00e1s espec\u00edfica con Dios Hijo.\",\"id\":\"9276856d-b52a-458a-875d-aee5ec19428d\"},{\"content\":\"Michael S. Heiser, <em>The Unseen Realm: Recovering the Supernatural Worldview of the Bible<\/em> (Bellingham, WA: Lexham Press, 2015), y su exposici\u00f3n sobre el \u00c1ngel y el Nombre. Su interpretaci\u00f3n de <a href=\\\"https:\/\/biblia.com\/bible\/rvr60\/Ex23.20-21\\\">Ex 23:20\u201321<\/a> resulta central para su modelo de la manifestaci\u00f3n visible de Yahv\u00e9.\",\"id\":\"702f1684-cff6-40f4-bf4d-f6fe7d669f13\"},{\"content\":\"Stanley J. Grenz, especialmente sus obras trinitarias y <em>Theology for the Community of God<\/em>. La investigaci\u00f3n sobre su pensamiento confirma la centralidad estructural de la doctrina trinitaria en su proyecto. En esta secci\u00f3n Grenz se utiliza como <strong>marco sistem\u00e1tico<\/strong>, no como fuente de una identificaci\u00f3n expl\u00edcita del \u00c1ngel con Cristo.\",\"id\":\"d5533984-1dd3-4ac7-a87a-1501a296b8b3\"},{\"content\":\"<strong>Uso correcto de un te\u00f3logo sistem\u00e1tico.<\/strong> Que un autor sostenga una doctrina robusta de la Trinidad no significa que haya interpretado personalmente cada teofan\u00eda del Antiguo Testamento como cristofan\u00eda. En un estudio acad\u00e9mico debemos distinguir entre <strong>posici\u00f3n expl\u00edcita sobre el texto<\/strong> y <strong>marco doctrinal que permite evaluar el texto<\/strong>.\",\"id\":\"3372c922-3463-477f-9ea0-d63a1c0abbf6\"},{\"content\":\"Scot McKnight, <em>The Hum of Angels: Listening for the Messengers of God Around Us<\/em> (WaterBrook, 2017). McKnight distingue los \u00e1ngeles creados ordinarios de determinados casos excepcionales del \u201c\u00c1ngel del Se\u00f1or\u201d relacionados de manera especialmente intensa con Dios. Las fuentes consultadas que resumen este punto deben complementarse con la edici\u00f3n del libro antes de utilizar palabras exactas como cita directa.\",\"id\":\"c585c93d-f01a-4283-a5c0-5417dfdf4c23\"},{\"content\":\"Para la lectura pastoral y teol\u00f3gica de Agar en McKnight, v\u00e9ase su reflexi\u00f3n reciente sobre G\u00e9nesis 16, donde destaca la presencia del Dios que ve a Agar. La aplicaci\u00f3n ha sido utilizada aqu\u00ed para mostrar que la funci\u00f3n narrativa de la aparici\u00f3n no debe perderse dentro de la discusi\u00f3n ontol\u00f3gica.\",\"id\":\"715cc109-943c-44ec-9f3f-992e32318e25\"},{\"content\":\"Andrew S. Malone, \u201cDistinguishing the Angel of the Lord\u201d, <em>Bulletin for Biblical Research<\/em> 21, n.\u00ba 3 (2011): 297\u2013314. Malone critica la suficiencia del modelo de agencia precisamente en relaci\u00f3n con los textos donde resulta dif\u00edcil mantener una clara distinci\u00f3n narrativa entre Yahv\u00e9 y su \u00c1ngel.\",\"id\":\"20b604bd-34fe-4a95-b5eb-c2d3eb7bf4b3\"},{\"content\":\"Michael S. Heiser, <em>The Unseen Realm: Recovering the Supernatural Worldview of the Bible<\/em> (Bellingham, WA: Lexham Press, 2015), especialmente su tratamiento de <a href=\\\"https:\/\/biblia.com\/bible\/rvr60\/Ex23.20-21\\\">Ex 23:20\u201321<\/a> y la teolog\u00eda del Nombre.\",\"id\":\"dab51727-054b-4b32-8757-b3f5a668ee09\"},{\"content\":\"Benjamin D. Sommer, <em>The Bodies of God and the World of Ancient Israel<\/em> (Cambridge: Cambridge University Press, 2009), especialmente su discusi\u00f3n de las concepciones antiguas de manifestaci\u00f3n y fluidez de identidad divina.\",\"id\":\"8dd04197-4a22-4d6f-8673-60b4d7ba66ce\"},{\"content\":\"Benjamin D. Sommer, <em>The Bodies of God and the World of Ancient Israel<\/em> (Cambridge: Cambridge University Press, 2009), especialmente su discusi\u00f3n de las concepciones antiguas de manifestaci\u00f3n y fluidez de identidad divina.\",\"id\":\"7569e62b-b4c3-4298-8bdf-706cb33cf852\"},{\"content\":\"Michael S. Heiser, <em>The Unseen Realm: Recovering the Supernatural Worldview of the Bible<\/em> (Bellingham, WA: Lexham Press, 2015), especialmente su discusi\u00f3n de <a href=\\\"https:\/\/biblia.com\/bible\/rvr60\/Ex23.20-21\\\">Ex 23:20\u201321<\/a> y la relaci\u00f3n entre el Nombre y la presencia visible de Yahv\u00e9.\",\"id\":\"b73e2783-cb68-4354-9dcc-8d47856384f5\"},{\"content\":\"Benjamin D. Sommer, <em>The Bodies of God and the World of Ancient Israel<\/em> (Cambridge: Cambridge University Press, 2009), especialmente su an\u00e1lisis de las concepciones antiguas de presencia y manifestaci\u00f3n divina.\",\"id\":\"675dc1c4-6bf0-43ab-96e8-139c1dd5aad1\"},{\"content\":\"Ren\u00e9 A. L\u00f3pez, \u201cIdentifying the \u2018Angel of the Lord\u2019 in the Book of Judges\u201d, <em>Bulletin for Biblical Research<\/em> 20, n.\u00ba 1 (2010): 1\u201318, para una defensa sistem\u00e1tica de la explicaci\u00f3n representativa.\",\"id\":\"c02b63d0-0aca-488d-8ae8-56fe9982a34c\"},{\"content\":\"Justino M\u00e1rtir, <em>Di\u00e1logo con Trif\u00f3n<\/em> 56\u201360, constituye uno de los primeros testimonios extensos de la identificaci\u00f3n cristol\u00f3gica expl\u00edcita de las teofan\u00edas.\",\"id\":\"98cf8b58-b6e6-4dc2-be52-0eb71c6eea4f\"},{\"content\":\"<strong>Lectura retrospectiva.<\/strong> Una lectura retrospectiva interpreta un texto anterior a la luz de acontecimientos o revelaciones posteriores. El Nuevo Testamento utiliza frecuentemente este tipo de hermen\u00e9utica al releer acontecimientos de Israel en relaci\u00f3n con Cristo; v\u00e9anse <a href=\\\"https:\/\/biblia.com\/bible\/rvr60\/1Co10.4\\\">1 Co 10:4<\/a> y <a href=\\\"https:\/\/biblia.com\/bible\/rvr60\/Jn12.41\\\">Jn 12:41<\/a>.\",\"id\":\"f7b0441f-0092-40c6-9955-993345f5644d\"},{\"content\":\"Andrew S. Malone, \u201cDistinguishing the Angel of the Lord\u201d, <em>Bulletin for Biblical Research<\/em> 21, n.\u00ba 3 (2011): 297\u2013314. La referencia corresponde especialmente a su cr\u00edtica de las explicaciones que intentan resolver todos los textos exclusivamente mediante agencia representativa.\",\"id\":\"ab68915b-65fa-4179-b459-dd2ec0b6e357\"},{\"content\":\"Michael S. Heiser, <em>The Unseen Realm: Recovering the Supernatural Worldview of the Bible<\/em> (Bellingham, WA: Lexham Press, 2015). V\u00e9ase especialmente su tratamiento del \u00c1ngel, el Nombre divino y <a href=\\\"https:\/\/biblia.com\/bible\/rvr60\/Ex23.20-23\\\">\u00c9xodo 23:20\u201323<\/a>.\",\"id\":\"89f2cbae-601c-4870-a1df-cc852879b4c5\"},{\"content\":\"Benjamin D. Sommer, <em>The Bodies of God and the World of Ancient Israel<\/em> (Cambridge: Cambridge University Press, 2009). Sommer resulta particularmente importante para la discusi\u00f3n de la fluidez de identidad y las manifestaciones localizadas de la divinidad dentro de determinadas concepciones antiguas.\",\"id\":\"774abe4f-7f8f-48e4-8897-674d2fa90340\"},{\"content\":\"Ren\u00e9 A. L\u00f3pez, \u201cIdentifying the \u2018Angel of the Lord\u2019 in the Book of Judges: A Model for Reconsidering the Referent in Other Old Testament Loci\u201d, <em>Bulletin for Biblical Research<\/em> 20, n.\u00ba 1 (2010): 1\u201318. La llamada de esta nota corresponde al p\u00e1rrafo <strong>\u201cLa agencia explica mucho, pero quiz\u00e1 no todo\u201d<\/strong>, inmediatamente despu\u00e9s de la primera menci\u00f3n de L\u00f3pez.\",\"id\":\"d6dc340a-268a-4b34-89f0-07d8ae2d1f29\"}]","jetpack_publicize_message":"","jetpack_publicize_feature_enabled":true,"jetpack_social_post_already_shared":false,"jetpack_social_options":{"image_generator_settings":{"template":"highway","default_image_id":0,"font":"","enabled":false},"version":2},"jetpack_post_was_ever_published":false},"categories":[1460447,3908365],"tags":[36869,1040291,790840966,2732469,790841000,790841001,790840940,670584,790840951,790840946,790840947,790840936,790840984,790840981,790840978,790840982,790840938,790840927,75940092,38999919,790840998,682237186,790840993,790840937,790840941,1207149,790840955,790840967,790840997,790840956,790840957,790841006,790841004,790840996,279514,790840926,316629,790840975,790840989,37910736,790840925,790840980,790840985,790840983,2561361,790840974,5843597,790840973,790840969,790840945,790840971,7225827,790840944,790840994,5786939,23946,16236,790840954,790840961,790840939,790840987,201453132,356532,790840986,790840988,432671425,790840991,790840963,790840962,790840948,790840958,790840979,790840965,790840949,790840953,647457,790840999,35449693,790840970,790840968,5567133,790840959,790840942,43753014,3956032,7272076,503342,790840960,1800206,8572915,790841002,4454491,2641972,790840977,790841003,3990640,790840952,790840950,504998,790841005,790840976,790840972,1347934,790840990,79880,790840943,790840964,790840992,219844985,701280,790840995,33348247],"class_list":["post-57016","post","type-post","status-publish","format-standard","has-post-thumbnail","hentry","category-articulos-varios","category-estudios-varios","tag-abraham","tag-agar","tag-agencia-divina","tag-agustin-de-hipona","tag-andrew-malone","tag-angelologia","tag-angelologia-biblica","tag-antiguo-testamento","tag-apariciones-de-dios","tag-angel-de-dios","tag-angel-de-jehova","tag-angel-de-yahve","tag-angel-de-yahve-en-exodo","tag-angel-de-yahve-en-genesis","tag-angel-de-yahve-en-jueces","tag-angel-de-yahve-en-zacarias","tag-angel-del-senor-2","tag-exodo","tag-exodo-23","tag-exodo-3","tag-benjamin-sommer","tag-concilio-divino","tag-cristianismo-primitivo","tag-cristo-preencarnado","tag-cristofania","tag-cristologia","tag-cristologia-biblica","tag-cristologia-del-antiguo-testamento","tag-cristologia-patristica","tag-cristologia-veterotestamentaria","tag-divinidad-de-cristo","tag-doctrina-de-cristo","tag-doctrina-de-dios","tag-dos-poderes-en-el-cielo","tag-elohim","tag-estudios-biblicos","tag-exegesis-biblica","tag-exegesis-hebrea","tag-exegesis-judia-2","tag-filon-de-alejandria-2","tag-genesis","tag-genesis-16","tag-genesis-22","tag-gedeon","tag-gloria-de-dios","tag-hebreo-biblico","tag-hermeneutica-biblica","tag-historia-de-la-salvacion","tag-identidad-de-yahve","tag-identidad-divina","tag-identidad-divina-de-jesus","tag-interpretacion-biblica","tag-interpretacion-judia","tag-interpretacion-patristica","tag-ireneo-de-lyon","tag-isaac","tag-jacob","tag-jehova","tag-jesus-en-el-antiguo-testamento","tag-jesucristo-en-el-antiguo-testamento","tag-judaismo-antiguo","tag-judaismo-del-segundo-templo","tag-jueces","tag-jueces-13","tag-jueces-6","tag-justino-martir-2","tag-logos-de-filon","tag-logos-divino","tag-logos-preencarnado","tag-malakh-yhwh","tag-manifestaciones-de-dios","tag-manoa","tag-mediacion-divina","tag-mensajero-de-yahve","tag-mensajero-divino","tag-metatron","tag-michael-heiser","tag-moises-2","tag-monoteismo-biblico","tag-monoteismo-israelita","tag-mundo-espiritual","tag-nombre-de-dios","tag-nombre-de-yahve","tag-origenes-2","tag-padres-apostolicos","tag-padres-de-la-iglesia","tag-pentateuco","tag-preexistencia-de-cristo","tag-presencia-de-dios","tag-presencia-divina","tag-rene-lopez","tag-revelacion-divina","tag-richard-bauckham","tag-sanson","tag-seres-celestiales","tag-teofania","tag-teofanias-biblicas","tag-teofanias-del-antiguo-testamento","tag-teologia-biblica","tag-teologia-cristiana","tag-teologia-del-antiguo-testamento","tag-teologia-trinitaria","tag-tertuliano","tag-tradicion-rabinica","tag-trinidad","tag-trinidad-en-el-antiguo-testamento","tag-verbo-de-dios","tag-yahoel","tag-yahve-2","tag-zacarias","tag-zacarias-3","tag-zarza-ardiente"],"blocksy_meta":{"styles_descriptor":{"styles":{"desktop":"","tablet":"","mobile":""},"google_fonts":[],"version":7}},"jetpack_publicize_connections":[],"jetpack_likes_enabled":true,"jetpack_sharing_enabled":true,"jetpack_shortlink":"https:\/\/wp.me\/p5HWJ5-ePC","jetpack-related-posts":[],"brizy_media":[],"jetpack_featured_media_url":"https:\/\/atravesdelasescrituras.com\/wp-content\/uploads\/2026\/08\/El-angel-del-Senor.jpg","_links":{"self":[{"href":"https:\/\/atravesdelasescrituras.com\/es_es\/wp-json\/wp\/v2\/posts\/57016","targetHints":{"allow":["GET"]}}],"collection":[{"href":"https:\/\/atravesdelasescrituras.com\/es_es\/wp-json\/wp\/v2\/posts"}],"about":[{"href":"https:\/\/atravesdelasescrituras.com\/es_es\/wp-json\/wp\/v2\/types\/post"}],"author":[{"embeddable":true,"href":"https:\/\/atravesdelasescrituras.com\/es_es\/wp-json\/wp\/v2\/users\/80235555"}],"replies":[{"embeddable":true,"href":"https:\/\/atravesdelasescrituras.com\/es_es\/wp-json\/wp\/v2\/comments?post=57016"}],"version-history":[{"count":100,"href":"https:\/\/atravesdelasescrituras.com\/es_es\/wp-json\/wp\/v2\/posts\/57016\/revisions"}],"predecessor-version":[{"id":57392,"href":"https:\/\/atravesdelasescrituras.com\/es_es\/wp-json\/wp\/v2\/posts\/57016\/revisions\/57392"}],"wp:featuredmedia":[{"embeddable":true,"href":"https:\/\/atravesdelasescrituras.com\/es_es\/wp-json\/wp\/v2\/media\/57383"}],"wp:attachment":[{"href":"https:\/\/atravesdelasescrituras.com\/es_es\/wp-json\/wp\/v2\/media?parent=57016"}],"wp:term":[{"taxonomy":"category","embeddable":true,"href":"https:\/\/atravesdelasescrituras.com\/es_es\/wp-json\/wp\/v2\/categories?post=57016"},{"taxonomy":"post_tag","embeddable":true,"href":"https:\/\/atravesdelasescrituras.com\/es_es\/wp-json\/wp\/v2\/tags?post=57016"}],"curies":[{"name":"wp","href":"https:\/\/api.w.org\/{rel}","templated":true}]}}